{"id":15178,"date":"2026-09-06T16:53:49","date_gmt":"2026-09-06T14:53:49","guid":{"rendered":"https:\/\/www.tablaosflamencos.com\/?p=15178"},"modified":"2026-09-06T19:55:11","modified_gmt":"2026-09-06T17:55:11","slug":"trasnoches-flamencos-2026-malaga-programa-bilhetes","status":"publish","type":"post","link":"https:\/\/www.tablaosflamencos.com\/pt-pt\/trasnoches-flamencos-2026-malaga-programa-bilhetes.html","title":{"rendered":"Trasnoches Flamencos 2026: sete encontros de guitarra, cante e dan\u00e7a em M\u00e1laga"},"content":{"rendered":"<section class=\"l-section wpb_row height_huge\"><div class=\"l-section-h i-cf\"><div class=\"g-cols vc_row via_flex valign_top type_default stacking_default\"><div class=\"vc_col-sm-6 wpb_column vc_column_container\"><div class=\"vc_column-inner\"><div class=\"wpb_wrapper\"><div class=\"wpb_text_column\"><div class=\"wpb_wrapper\"><h2>Trasnoches Flamencos 2026 em M\u00e1laga<\/h2>\n<p>Em setembro, M\u00e1laga transforma-se numa das capitais espanholas da guitarra e, dentro do <strong>V Festival Internacional da Guitarra de M\u00e1laga Pepe Romero<\/strong>, o flamenco conta com um ciclo pr\u00f3prio. <strong>Trasnoches Flamencos 2026<\/strong> re\u00fane sete encontros entre 4 e 26 de setembro com alguns dos nomes mais interessantes da guitarra flamenca atual, al\u00e9m de cante e dan\u00e7a.<\/p>\n<p>A programa\u00e7\u00e3o combina recitais de guitarra a solo com encontros em que o toque se abre ao cante e \u00e0 dan\u00e7a. Alejandro Hurtado e Inmaculada Salom\u00f3n inauguraram o ciclo a 4 de setembro; seguem-se El Amir, Pituquete com Encarna Anillo, Daniel Casares, Jos\u00e9 Ferm\u00edn Fern\u00e1ndez, Joni Jim\u00e9nez com Jes\u00fas M\u00e9ndez e Ricardo Fern\u00e1ndez del Moral.<\/p>\n<\/div><\/div><\/div><\/div><\/div><div class=\"vc_col-sm-6 wpb_column vc_column_container\"><div class=\"vc_column-inner\"><div class=\"wpb_wrapper\"><div class=\"wpb_text_column\"><div class=\"wpb_wrapper\"><h2>Informa\u00e7\u00e3o essencial<\/h2>\n<ul>\n<li><strong>Datas:<\/strong> de 4 a 26 de setembro de 2026.<\/li>\n<li><strong>N\u00famero de encontros:<\/strong> 7.<\/li>\n<li><strong>Cidade:<\/strong> M\u00e1laga.<\/li>\n<li><strong>Locais:<\/strong> Sala Fundaci\u00f3n Unicaja Mar\u00eda Cristina e Patio de Surtidores da Alcazaba.<\/li>\n<li><strong>Pre\u00e7os:<\/strong> de 10 a 18 \u20ac.<\/li>\n<li><strong>Venda:<\/strong> MiEntrada.<\/li>\n<li><strong>Enfoque:<\/strong> guitarra flamenca, cante e dan\u00e7a.<\/li>\n<\/ul>\n<\/div><\/div><\/div><\/div><\/div><\/div><\/div><\/section><section class=\"l-section wpb_row height_huge color_alternate with_shape\"><div class=\"l-section-shape type_zigzag pos_top\" style=\"height:3vmin;\"><svg xmlns=\"http:\/\/www.w3.org\/2000\/svg\" viewBox=\"0 0 64 8\" preserveAspectRatio=\"none\" width=\"100%\" height=\"100%\">\r\n\t<path fill=\"currentColor\" d=\"M64 8 L0 8 L0 0 L20 7.9 L40 3 L48 5 L64 0 Z\"\/>\r\n<\/svg><\/div><div class=\"l-section-shape type_zigzag pos_bottom\" style=\"height:3vmin;\"><svg xmlns=\"http:\/\/www.w3.org\/2000\/svg\" viewBox=\"0 0 64 8\" preserveAspectRatio=\"none\" width=\"100%\" height=\"100%\">\r\n\t<path fill=\"currentColor\" d=\"M64 8 L0 8 L0 0 L20 7.9 L40 3 L48 5 L64 0 Z\"\/>\r\n<\/svg><\/div><div class=\"l-section-h i-cf\"><div class=\"g-cols vc_row via_flex valign_top type_default stacking_default\"><div class=\"vc_col-sm-12 wpb_column vc_column_container\"><div class=\"vc_column-inner\"><div class=\"wpb_wrapper\"><div class=\"wpb_text_column\"><div class=\"wpb_wrapper\"><blockquote>\n<p><strong>Resposta r\u00e1pida:<\/strong> Trasnoches Flamencos 2026 inclui sete espet\u00e1culos em M\u00e1laga de 4 a 26 de setembro. Realizam-se na Sala Fundaci\u00f3n Unicaja Mar\u00eda Cristina e no Patio de Surtidores da Alcazaba de M\u00e1laga. Os bilhetes custam entre 10 e 18 euros e s\u00e3o vendidos atrav\u00e9s da MiEntrada.<\/p>\n<\/blockquote>\n<\/div><\/div><\/div><\/div><\/div><\/div><\/div><\/section><section class=\"l-section wpb_row height_huge\"><div class=\"l-section-h i-cf\"><div class=\"g-cols vc_row via_flex valign_top type_default stacking_default\"><div class=\"vc_col-sm-3 wpb_column vc_column_container\"><div class=\"vc_column-inner\"><div class=\"wpb_wrapper\"><\/div><\/div><\/div><div class=\"vc_col-sm-6 wpb_column vc_column_container\"><div class=\"vc_column-inner\"><div class=\"wpb_wrapper\"><div class=\"wpb_text_column\"><div class=\"wpb_wrapper\"><h2>Conte\u00fado deste guia<\/h2>\n<ul>\n<li><a href=\"#programa\">Programa completo<\/a><\/li>\n<li><a href=\"#ciclo\">O que \u00e9 Trasnoches Flamencos<\/a><\/li>\n<li><a href=\"#artistas\">Os sete encontros<\/a><\/li>\n<li><a href=\"#sedes\">Locais<\/a><\/li>\n<li><a href=\"#entradas\">Bilhetes<\/a><\/li>\n<li><a href=\"#elegir\">Que concerto escolher<\/a><\/li>\n<li><a href=\"#faq\">Perguntas frequentes<\/a><\/li>\n<\/ul>\n<\/div><\/div><\/div><\/div><\/div><div class=\"vc_col-sm-3 wpb_column vc_column_container\"><div class=\"vc_column-inner\"><div class=\"wpb_wrapper\"><\/div><\/div><\/div><\/div><\/div><\/section><section class=\"l-section wpb_row height_huge color_alternate with_shape\"><div class=\"l-section-shape type_zigzag pos_top\" style=\"height:3vmin;\"><svg xmlns=\"http:\/\/www.w3.org\/2000\/svg\" viewBox=\"0 0 64 8\" preserveAspectRatio=\"none\" width=\"100%\" height=\"100%\">\r\n\t<path fill=\"currentColor\" d=\"M64 8 L0 8 L0 0 L20 7.9 L40 3 L48 5 L64 0 Z\"\/>\r\n<\/svg><\/div><div class=\"l-section-shape type_zigzag pos_bottom\" style=\"height:3vmin;\"><svg xmlns=\"http:\/\/www.w3.org\/2000\/svg\" viewBox=\"0 0 64 8\" preserveAspectRatio=\"none\" width=\"100%\" height=\"100%\">\r\n\t<path fill=\"currentColor\" d=\"M64 8 L0 8 L0 0 L20 7.9 L40 3 L48 5 L64 0 Z\"\/>\r\n<\/svg><\/div><div class=\"l-section-h i-cf\"><div class=\"g-cols vc_row via_flex valign_top type_default stacking_default\"><div class=\"vc_col-sm-12 wpb_column vc_column_container\"><div class=\"vc_column-inner\"><div class=\"wpb_wrapper\"><div class=\"wpb_text_column\"><div class=\"wpb_wrapper\"><h2 id=\"programa\">Programa de Trasnoches Flamencos 2026 em M\u00e1laga<\/h2>\n<div style=\"overflow-x: auto;\">\n<table>\n<thead>\n<tr>\n<th>Data<\/th>\n<th>Artistas<\/th>\n<th>Hora<\/th>\n<th>Local<\/th>\n<th>Pre\u00e7o<\/th>\n<\/tr>\n<\/thead>\n<tbody>\n<tr>\n<td>4 de setembro<\/td>\n<td>Alejandro Hurtado + Inmaculada Salom\u00f3n<\/td>\n<td>19:30<\/td>\n<td>Sala Fundaci\u00f3n Unicaja Mar\u00eda Cristina<\/td>\n<td>12 \u20ac<\/td>\n<\/tr>\n<tr>\n<td>11 de setembro<\/td>\n<td>El Amir<\/td>\n<td>19:30<\/td>\n<td>Sala Fundaci\u00f3n Unicaja Mar\u00eda Cristina<\/td>\n<td>10 \u20ac<\/td>\n<\/tr>\n<tr>\n<td>17 de setembro<\/td>\n<td>Pituquete + Encarna Anillo<\/td>\n<td>21:30<\/td>\n<td>Patio de Surtidores, Alcazaba de M\u00e1laga<\/td>\n<td>15 \u20ac<\/td>\n<\/tr>\n<tr>\n<td>19 de setembro<\/td>\n<td>Daniel Casares<\/td>\n<td>19:30<\/td>\n<td>Sala Fundaci\u00f3n Unicaja Mar\u00eda Cristina<\/td>\n<td>12 \u20ac<\/td>\n<\/tr>\n<tr>\n<td>24 de setembro<\/td>\n<td>Jos\u00e9 Ferm\u00edn Fern\u00e1ndez<\/td>\n<td>21:30<\/td>\n<td>Patio de Surtidores, Alcazaba de M\u00e1laga<\/td>\n<td>15 \u20ac<\/td>\n<\/tr>\n<tr>\n<td>25 de setembro<\/td>\n<td>Joni Jim\u00e9nez + Jes\u00fas M\u00e9ndez<\/td>\n<td>19:30<\/td>\n<td>Sala Fundaci\u00f3n Unicaja Mar\u00eda Cristina<\/td>\n<td>10 \u20ac<\/td>\n<\/tr>\n<tr>\n<td>26 de setembro<\/td>\n<td>Ricardo Fern\u00e1ndez del Moral<\/td>\n<td>21:30<\/td>\n<td>Patio de Surtidores, Alcazaba de M\u00e1laga<\/td>\n<td>18 \u20ac<\/td>\n<\/tr>\n<\/tbody>\n<\/table>\n<\/div>\n<p>O primeiro encontro realizou-se a 4 de setembro. Os seis restantes concentram-se entre 11 e 26 de setembro.<\/p>\n<\/div><\/div><\/div><\/div><\/div><\/div><\/div><\/section><section class=\"l-section wpb_row height_huge\"><div class=\"l-section-h i-cf\"><div class=\"g-cols vc_row via_flex valign_top type_default stacking_default\"><div class=\"vc_col-sm-6 wpb_column vc_column_container\"><div class=\"vc_column-inner\"><div class=\"wpb_wrapper\"><div class=\"wpb_text_column\"><div class=\"wpb_wrapper\"><h2 id=\"ciclo\">O que \u00e9 Trasnoches Flamencos<\/h2>\n<p><strong>Trasnoches Flamencos<\/strong> \u00e9 a vertente especificamente flamenca do Festival Internacional da Guitarra de M\u00e1laga Pepe Romero. A quinta edi\u00e7\u00e3o do festival re\u00fane um total de 15 concertos entre 4 e 30 de setembro de 2026, com programas de guitarra cl\u00e1ssica, espanhola e flamenca, al\u00e9m de propostas ligadas \u00e0 m\u00fasica antiga e \u00e0 cria\u00e7\u00e3o sinf\u00f3nica.<\/p>\n<p>Dentro desse programa geral, as sete noites identificadas como Trasnoches Flamencos constroem um pequeno festival dentro do festival. A guitarra \u00e9 o fio condutor, mas a sele\u00e7\u00e3o permite ouvir diferentes formas de entender o toque contempor\u00e2neo: da guitarra de concerto ao acompanhamento do cante, ao di\u00e1logo com a dan\u00e7a e a propostas que cruzam o flamenco com outras m\u00fasicas.<\/p>\n<\/div><\/div><\/div><\/div><\/div><div class=\"vc_col-sm-6 wpb_column vc_column_container\"><div class=\"vc_column-inner\"><div class=\"wpb_wrapper\"><div class=\"wpb_text_column\"><div class=\"wpb_wrapper\"><h2>O festival e os seus espa\u00e7os<\/h2>\n<p>A organiza\u00e7\u00e3o est\u00e1 a cargo da European Guitar Foundation e o festival leva o nome de Pepe Romero, um dos guitarristas malaguenhos de maior proje\u00e7\u00e3o internacional.<\/p>\n<p>A edi\u00e7\u00e3o de 2026 decorre em v\u00e1rios espa\u00e7os da cidade, embora Trasnoches Flamencos se concentre em dois locais: a Sala Fundaci\u00f3n Unicaja Mar\u00eda Cristina e o Patio de Surtidores da Alcazaba.<\/p>\n<p>Se tamb\u00e9m quiser descobrir espet\u00e1culos de flamenco durante a sua estadia na cidade, consulte o nosso guia de <a href=\"https:\/\/www.tablaosflamencos.com\/flamenco-en-malaga\">flamenco em M\u00e1laga<\/a>.<\/p>\n<\/div><\/div><\/div><\/div><\/div><\/div><\/div><\/section><section class=\"l-section wpb_row height_huge color_alternate with_shape\"><div class=\"l-section-shape type_zigzag pos_top hor_flip\" style=\"height:3vmin;\"><svg xmlns=\"http:\/\/www.w3.org\/2000\/svg\" viewBox=\"0 0 64 8\" preserveAspectRatio=\"none\" width=\"100%\" height=\"100%\">\r\n\t<path fill=\"currentColor\" d=\"M64 8 L0 8 L0 0 L20 7.9 L40 3 L48 5 L64 0 Z\"\/>\r\n<\/svg><\/div><div class=\"l-section-shape type_zigzag pos_bottom\" style=\"height:3vmin;\"><svg xmlns=\"http:\/\/www.w3.org\/2000\/svg\" viewBox=\"0 0 64 8\" preserveAspectRatio=\"none\" width=\"100%\" height=\"100%\">\r\n\t<path fill=\"currentColor\" d=\"M64 8 L0 8 L0 0 L20 7.9 L40 3 L48 5 L64 0 Z\"\/>\r\n<\/svg><\/div><div class=\"l-section-h i-cf\"><div class=\"g-cols vc_row via_flex valign_top type_default stacking_default\"><div class=\"vc_col-sm-6 wpb_column vc_column_container\"><div class=\"vc_column-inner\"><div class=\"wpb_wrapper\"><div class=\"wpb_text_column\"><div class=\"wpb_wrapper\"><h2 id=\"artistas\">Os sete encontros de Trasnoches Flamencos 2026<\/h2>\n<h3>4 de setembro: Alejandro Hurtado e Inmaculada Salom\u00f3n<\/h3>\n<p>O ciclo abriu com uma proposta que uniu <strong>guitarra e dan\u00e7a<\/strong>. Alejandro Hurtado, vencedor do Bord\u00f3n Minero em 2017 e um dos jovens guitarristas com maior presen\u00e7a no circuito atual, partilhou o palco com Inmaculada Salom\u00f3n, primeira bailarina do Ballet Nacional de Espa\u00f1a.<\/p>\n<p>Foi o \u00fanico encontro do ciclo em que a dan\u00e7a surge como protagonista expl\u00edcita ao lado da guitarra.<\/p>\n<h3>11 de setembro: El Amir<\/h3>\n<p><strong>El Amir<\/strong>, nome art\u00edstico de Amir John Haddad, prop\u00f5e uma vis\u00e3o do flamenco aberta ao Mediterr\u00e2neo, ao M\u00e9dio Oriente e a outras linguagens musicais. A sua presen\u00e7a em digress\u00f5es e grava\u00e7\u00f5es ligadas a Hans Zimmer deu-lhe uma proje\u00e7\u00e3o internacional pouco habitual no circuito flamenco.<\/p>\n<\/div><\/div><\/div><\/div><\/div><div class=\"vc_col-sm-6 wpb_column vc_column_container\"><div class=\"vc_column-inner\"><div class=\"wpb_wrapper\"><div class=\"wpb_text_column\"><div class=\"wpb_wrapper\"><h3>17 de setembro: Pituquete e Encarna Anillo<\/h3>\n<p>O terceiro encontro muda-se para o <strong>Patio de Surtidores da Alcazaba de M\u00e1laga<\/strong>. A guitarra de Pituquete junta ra\u00edzes latino-americanas, linguagem flamenca e cria\u00e7\u00e3o contempor\u00e2nea. Ao seu lado estar\u00e1 a cantaora <strong>Encarna Anillo<\/strong>.<\/p>\n<h3>19 de setembro: Daniel Casares<\/h3>\n<p><strong>Daniel Casares<\/strong> \u00e9 um dos nomes consolidados da guitarra flamenca contempor\u00e2nea. Para o p\u00fablico que procura uma noite centrada quase por completo no toque, sem necessidade de outros elementos c\u00e9nicos, este \u00e9 um dos encontros mais claros do programa.<\/p>\n<\/div><\/div><\/div><\/div><\/div><\/div><\/div><\/section><section class=\"l-section wpb_row height_huge\"><div class=\"l-section-h i-cf\"><div class=\"g-cols vc_row via_flex valign_top type_default stacking_default\"><div class=\"vc_col-sm-6 wpb_column vc_column_container\"><div class=\"vc_column-inner\"><div class=\"wpb_wrapper\"><div class=\"wpb_text_column\"><div class=\"wpb_wrapper\"><h3>24 de setembro: Jos\u00e9 Ferm\u00edn Fern\u00e1ndez<\/h3>\n<p>O granadino <strong>Jos\u00e9 Ferm\u00edn Fern\u00e1ndez<\/strong> \u00e9 um dos guitarristas flamencos da sua gera\u00e7\u00e3o com maior reconhecimento em concursos e festivais. O seu percurso inclui duas refer\u00eancias de grande peso: o Bord\u00f3n Minero do Festival Internacional del Cante de las Minas e o primeiro pr\u00e9mio de guitarra do Concurso Nacional de Arte Flamenco de C\u00f3rdoba.<\/p>\n<p>O recital ser\u00e1 a 24 de setembro \u00e0s <strong>21:30<\/strong> no Patio de Surtidores da Alcazaba. Tanto a bilheteira oficial como o programa geral do festival indicam essa hora.<\/p>\n<\/div><\/div><\/div><\/div><\/div><div class=\"vc_col-sm-6 wpb_column vc_column_container\"><div class=\"vc_column-inner\"><div class=\"wpb_wrapper\"><div class=\"wpb_text_column\"><div class=\"wpb_wrapper\"><h3>25 de setembro: Joni Jim\u00e9nez e Jes\u00fas M\u00e9ndez<\/h3>\n<p>Uma das noites mais atrativas para os aficionados ao cante re\u00fane o guitarrista <strong>Joni Jim\u00e9nez<\/strong> e o cantaor <strong>Jes\u00fas M\u00e9ndez<\/strong>. O encontro mostra claramente a fun\u00e7\u00e3o da guitarra flamenca como acompanhamento, resposta e suporte do cante.<\/p>\n<h3>26 de setembro: Ricardo Fern\u00e1ndez del Moral<\/h3>\n<p>Trasnoches Flamencos 2026 termina com <strong>Ricardo Fern\u00e1ndez del Moral<\/strong>, cantaor e guitarrista capaz de assumir sozinho as duas vertentes principais do recital flamenco. O encerramento ser\u00e1 \u00e0s 21:30 no Patio de Surtidores da Alcazaba.<\/p>\n<\/div><\/div><\/div><\/div><\/div><\/div><\/div><\/section><section class=\"l-section wpb_row height_huge color_alternate with_shape\"><div class=\"l-section-shape type_zigzag pos_top\" style=\"height:3vmin;\"><svg xmlns=\"http:\/\/www.w3.org\/2000\/svg\" viewBox=\"0 0 64 8\" preserveAspectRatio=\"none\" width=\"100%\" height=\"100%\">\r\n\t<path fill=\"currentColor\" d=\"M64 8 L0 8 L0 0 L20 7.9 L40 3 L48 5 L64 0 Z\"\/>\r\n<\/svg><\/div><div class=\"l-section-shape type_zigzag pos_bottom\" style=\"height:3vmin;\"><svg xmlns=\"http:\/\/www.w3.org\/2000\/svg\" viewBox=\"0 0 64 8\" preserveAspectRatio=\"none\" width=\"100%\" height=\"100%\">\r\n\t<path fill=\"currentColor\" d=\"M64 8 L0 8 L0 0 L20 7.9 L40 3 L48 5 L64 0 Z\"\/>\r\n<\/svg><\/div><div class=\"l-section-h i-cf\"><div class=\"g-cols vc_row via_flex valign_top type_default stacking_default\"><div class=\"vc_col-sm-6 wpb_column vc_column_container\"><div class=\"vc_column-inner\"><div class=\"wpb_wrapper\"><div class=\"wpb_text_column\"><div class=\"wpb_wrapper\"><h2 id=\"sedes\">Dois espa\u00e7os para o flamenco<\/h2>\n<p>A <strong>Sala Fundaci\u00f3n Unicaja Mar\u00eda Cristina<\/strong>, situada no centro hist\u00f3rico, recebe os encontros de 4, 11, 19 e 25 de setembro. \u00c9 uma sala particularmente adequada para ouvir a guitarra com aten\u00e7\u00e3o e proximidade.<\/p>\n<p>O <strong>Patio de Surtidores da Alcazaba de M\u00e1laga<\/strong> recebe os concertos de 17, 24 e 26 de setembro. A fortaleza palaciana oferece um enquadramento patrimonial muito diferente, especialmente atrativo para atua\u00e7\u00f5es noturnas.<\/p>\n<\/div><\/div><\/div><\/div><\/div><div class=\"vc_col-sm-6 wpb_column vc_column_container\"><div class=\"vc_column-inner\"><div class=\"wpb_wrapper\"><div class=\"wpb_text_column\"><div class=\"wpb_wrapper\"><h2>Como combinar o festival com M\u00e1laga<\/h2>\n<p>Para os concertos na Alcazaba, a bilheteira oficial indica o acesso pela Calle Guill\u00e9n Sotelo, junto \u00e0 entrada do elevador da Alcazaba.<\/p>\n<p>Quem viajar de prop\u00f3sito para algum destes concertos pode aproveitar a estadia para combinar o festival com outros planos culturais e com a oferta habitual de <a href=\"https:\/\/www.tablaosflamencos.com\/flamenco-en-malaga\">tablaos e espet\u00e1culos de flamenco em M\u00e1laga<\/a>.<\/p>\n<\/div><\/div><\/div><\/div><\/div><\/div><\/div><\/section><section class=\"l-section wpb_row height_huge\"><div class=\"l-section-h i-cf\"><div class=\"g-cols vc_row via_flex valign_top type_default stacking_default\"><div class=\"vc_col-sm-6 wpb_column vc_column_container\"><div class=\"vc_column-inner\"><div class=\"wpb_wrapper\"><div class=\"wpb_text_column\"><div class=\"wpb_wrapper\"><h2 id=\"entradas\">Bilhetes para Trasnoches Flamencos 2026<\/h2>\n<p>Os bilhetes s\u00e3o comercializados atrav\u00e9s da <strong>MiEntrada<\/strong>, a plataforma ligada pelo site oficial do Festival Internacional da Guitarra de M\u00e1laga Pepe Romero. Os pre\u00e7os variam entre <strong>10 e 18 euros<\/strong> consoante o concerto.<\/p>\n<ul>\n<li>El Amir: 10 \u20ac<\/li>\n<li>Joni Jim\u00e9nez + Jes\u00fas M\u00e9ndez: 10 \u20ac<\/li>\n<li>Alejandro Hurtado + Inmaculada Salom\u00f3n: 12 \u20ac<\/li>\n<li>Daniel Casares: 12 \u20ac<\/li>\n<li>Pituquete + Encarna Anillo: 15 \u20ac<\/li>\n<li>Jos\u00e9 Ferm\u00edn Fern\u00e1ndez: 15 \u20ac<\/li>\n<li>Ricardo Fern\u00e1ndez del Moral: 18 \u20ac<\/li>\n<\/ul>\n<\/div><\/div><\/div><\/div><\/div><div class=\"vc_col-sm-6 wpb_column vc_column_container\"><div class=\"vc_column-inner\"><div class=\"wpb_wrapper\"><div class=\"wpb_text_column\"><div class=\"wpb_wrapper\"><h2>Compra e disponibilidade<\/h2>\n<p>Como os espa\u00e7os t\u00eam lota\u00e7\u00e3o limitada e edi\u00e7\u00f5es anteriores registaram concertos esgotados, recomenda-se verificar a disponibilidade com anteced\u00eancia, sobretudo para as atua\u00e7\u00f5es na Alcazaba e para os encontros que re\u00fanem v\u00e1rios artistas.<\/p>\n<p><a href=\"https:\/\/www.mientrada.net\/\" target=\"_blank\" rel=\"nofollow noopener\"><strong>Consultar bilhetes na MiEntrada<\/strong><\/a> \u00b7 <a href=\"https:\/\/www.malagaguitarfestival.com\/\" target=\"_blank\" rel=\"nofollow noopener\"><strong>Ver programa oficial do festival<\/strong><\/a><\/p>\n<\/div><\/div><\/div><\/div><\/div><\/div><\/div><\/section><section class=\"l-section wpb_row height_huge color_alternate with_shape\"><div class=\"l-section-shape type_zigzag pos_top hor_flip\" style=\"height:3vmin;\"><svg xmlns=\"http:\/\/www.w3.org\/2000\/svg\" viewBox=\"0 0 64 8\" preserveAspectRatio=\"none\" width=\"100%\" height=\"100%\">\r\n\t<path fill=\"currentColor\" d=\"M64 8 L0 8 L0 0 L20 7.9 L40 3 L48 5 L64 0 Z\"\/>\r\n<\/svg><\/div><div class=\"l-section-shape type_zigzag pos_bottom\" style=\"height:3vmin;\"><svg xmlns=\"http:\/\/www.w3.org\/2000\/svg\" viewBox=\"0 0 64 8\" preserveAspectRatio=\"none\" width=\"100%\" height=\"100%\">\r\n\t<path fill=\"currentColor\" d=\"M64 8 L0 8 L0 0 L20 7.9 L40 3 L48 5 L64 0 Z\"\/>\r\n<\/svg><\/div><div class=\"l-section-h i-cf\"><div class=\"g-cols vc_row via_flex valign_top type_default stacking_default\"><div class=\"vc_col-sm-6 wpb_column vc_column_container\"><div class=\"vc_column-inner\"><div class=\"wpb_wrapper\"><div class=\"wpb_text_column\"><div class=\"wpb_wrapper\"><h2 id=\"elegir\">Que concerto escolher<\/h2>\n<p>Se s\u00f3 puder assistir a um encontro, a escolha depende muito do tipo de flamenco que pretende ver. Para quem d\u00e1 prioridade \u00e0 <strong>guitarra a solo<\/strong>, Daniel Casares e Jos\u00e9 Ferm\u00edn Fern\u00e1ndez s\u00e3o duas op\u00e7\u00f5es particularmente claras. Se procura uma proposta mais mesti\u00e7a e aberta a outras linguagens, El Amir ou Pituquete podem ser mais adequados.<\/p>\n<p>Para ouvir <strong>cante com guitarra<\/strong>, a noite de Joni Jim\u00e9nez e Jes\u00fas M\u00e9ndez \u00e9 um dos encontros mais atrativos do ciclo. Ricardo Fern\u00e1ndez del Moral oferece uma variante diferente: cante e toque concentrados num \u00fanico int\u00e9rprete.<\/p>\n<\/div><\/div><\/div><\/div><\/div><div class=\"vc_col-sm-6 wpb_column vc_column_container\"><div class=\"vc_column-inner\"><div class=\"wpb_wrapper\"><div class=\"wpb_text_column\"><div class=\"wpb_wrapper\"><h2>A minha recomenda\u00e7\u00e3o por espa\u00e7o<\/h2>\n<p>Os recitais da Alcazaba acrescentam o valor de decorrerem num dos monumentos mais reconhec\u00edveis de M\u00e1laga, enquanto Mar\u00eda Cristina oferece um formato de sala mais centrado na escuta.<\/p>\n<p>Se o encanto do espa\u00e7o pesar tanto como o cartaz, escolheria uma das tr\u00eas noites na Alcazaba. Se a prioridade for ouvir a guitarra com m\u00e1xima aten\u00e7\u00e3o, Mar\u00eda Cristina \u00e9 especialmente adequada.<\/p>\n<\/div><\/div><\/div><\/div><\/div><\/div><\/div><\/section><section class=\"l-section wpb_row height_huge\"><div class=\"l-section-h i-cf\"><div class=\"g-cols vc_row via_flex valign_top type_default stacking_default\"><div class=\"vc_col-sm-12 wpb_column vc_column_container\"><div class=\"vc_column-inner\"><div class=\"wpb_wrapper\"><div class=\"wpb_text_column\"><div class=\"wpb_wrapper\"><h2>Um setembro de guitarra flamenca em M\u00e1laga<\/h2>\n<p>Trasnoches Flamencos transforma o programa geral do Pepe Romero Guitar Festival numa oportunidade para percorrer v\u00e1rias gera\u00e7\u00f5es e sensibilidades do toque atual. Em apenas tr\u00eas semanas sucedem-se guitarra a solo, acompanhamento do cante, di\u00e1logo com a dan\u00e7a e propostas que alargam as fronteiras habituais do flamenco.<\/p>\n<p>Com bilhetes a partir de 10 euros e dois espa\u00e7os no centro de M\u00e1laga, o ciclo \u00e9 um dos encontros flamencos mais interessantes de setembro de 2026 na cidade. A recomenda\u00e7\u00e3o pr\u00e1tica \u00e9 simples: verificar a disponibilidade para cada data e, se o concerto escolhido se realizar na Alcazaba, confirmar antecipadamente o ponto de acesso indicado pela organiza\u00e7\u00e3o.<\/p>\n<\/div><\/div><div class=\"w-separator size_medium\"><\/div><div class=\"w-hwrapper valign_top wrap align_center\" style=\"--hwrapper-gap:1.2rem\"><div class=\"w-btn-wrapper align_none\"><a class=\"w-btn us-btn-style_1\" href=\"\/?page_id=8784\"><span class=\"w-btn-label\">Descobrir flamenco em M\u00e1laga<\/span><\/a><\/div><div class=\"w-btn-wrapper align_none\"><a class=\"w-btn us-btn-style_1\" target=\" _blank\" rel=\" nofollow noopener\" href=\"https:\/\/www.malagaguitarfestival.com\/\"><span class=\"w-btn-label\">Ver programa oficial<\/span><\/a><\/div><\/div><\/div><\/div><\/div><\/div><\/div><\/section><section class=\"l-section wpb_row height_huge color_alternate with_shape\"><div class=\"l-section-shape type_zigzag pos_top\" style=\"height:3vmin;\"><svg xmlns=\"http:\/\/www.w3.org\/2000\/svg\" viewBox=\"0 0 64 8\" preserveAspectRatio=\"none\" width=\"100%\" height=\"100%\">\r\n\t<path fill=\"currentColor\" d=\"M64 8 L0 8 L0 0 L20 7.9 L40 3 L48 5 L64 0 Z\"\/>\r\n<\/svg><\/div><div class=\"l-section-h i-cf\"><div class=\"g-cols vc_row via_flex valign_top type_default stacking_default\"><div class=\"vc_col-sm-1\/5 wpb_column vc_column_container\"><div class=\"vc_column-inner\"><div class=\"wpb_wrapper\"><\/div><\/div><\/div><div class=\"vc_col-sm-3\/5 wpb_column vc_column_container\"><div class=\"vc_column-inner\"><div class=\"wpb_wrapper\"><div class=\"wpb_text_column\"><div class=\"wpb_wrapper\"><h2 id=\"faq\">Perguntas frequentes sobre Trasnoches Flamencos 2026<\/h2>\n<\/div><\/div><div class=\"w-separator size_medium\"><\/div><div class=\"w-tabs accordion toggle_style_1 has_scrolling\" style=\"--sections-title-size:inherit;--sections-gap:0.5rem;\"><div class=\"w-tabs-sections titles-align_none icon_chevron cpos_right\"><div class=\"w-tabs-section\" id=\"yf45\"><button type=\"button\" class=\"w-tabs-section-header\" aria-controls=\"content-yf45\" aria-expanded=\"false\"><div class=\"w-tabs-section-title\">Quando se realiza Trasnoches Flamencos 2026?<\/div><div class=\"w-tabs-section-control\"><\/div><\/button><div  class=\"w-tabs-section-content\" id=\"content-yf45\"><div class=\"w-tabs-section-content-h i-cf\"><div class=\"wpb_text_column\"><div class=\"wpb_wrapper\"><p>O ciclo decorre de 4 a 26 de setembro de 2026 no \u00e2mbito do V Festival Internacional da Guitarra de M\u00e1laga Pepe Romero.<\/p>\n<\/div><\/div><\/div><\/div><\/div><div class=\"w-tabs-section\" id=\"f049\"><button type=\"button\" class=\"w-tabs-section-header\" aria-controls=\"content-f049\" aria-expanded=\"false\"><div class=\"w-tabs-section-title\">Quantos espet\u00e1culos fazem parte do ciclo?<\/div><div class=\"w-tabs-section-control\"><\/div><\/button><div  class=\"w-tabs-section-content\" id=\"content-f049\"><div class=\"w-tabs-section-content-h i-cf\"><div class=\"wpb_text_column\"><div class=\"wpb_wrapper\"><p>S\u00e3o sete encontros oficialmente identificados como Trasnoches Flamencos.<\/p>\n<\/div><\/div><\/div><\/div><\/div><div class=\"w-tabs-section\" id=\"p128\"><button type=\"button\" class=\"w-tabs-section-header\" aria-controls=\"content-p128\" aria-expanded=\"false\"><div class=\"w-tabs-section-title\">Onde se realizam os concertos?<\/div><div class=\"w-tabs-section-control\"><\/div><\/button><div  class=\"w-tabs-section-content\" id=\"content-p128\"><div class=\"w-tabs-section-content-h i-cf\"><div class=\"wpb_text_column\"><div class=\"wpb_wrapper\"><p>Em dois espa\u00e7os de M\u00e1laga: a Sala Fundaci\u00f3n Unicaja Mar\u00eda Cristina e o Patio de Surtidores da Alcazaba de M\u00e1laga.<\/p>\n<\/div><\/div><\/div><\/div><\/div><div class=\"w-tabs-section\" id=\"m1f9\"><button type=\"button\" class=\"w-tabs-section-header\" aria-controls=\"content-m1f9\" aria-expanded=\"false\"><div class=\"w-tabs-section-title\">Quanto custam os bilhetes?<\/div><div class=\"w-tabs-section-control\"><\/div><\/button><div  class=\"w-tabs-section-content\" id=\"content-m1f9\"><div class=\"w-tabs-section-content-h i-cf\"><div class=\"wpb_text_column\"><div class=\"wpb_wrapper\"><p>Os pre\u00e7os anunciados variam entre 10 e 18 euros, dependendo do concerto.<\/p>\n<\/div><\/div><\/div><\/div><\/div><div class=\"w-tabs-section\" id=\"x2c6\"><button type=\"button\" class=\"w-tabs-section-header\" aria-controls=\"content-x2c6\" aria-expanded=\"false\"><div class=\"w-tabs-section-title\">Onde se compram os bilhetes?<\/div><div class=\"w-tabs-section-control\"><\/div><\/button><div  class=\"w-tabs-section-content\" id=\"content-x2c6\"><div class=\"w-tabs-section-content-h i-cf\"><div class=\"wpb_text_column\"><div class=\"wpb_wrapper\"><p>O site oficial do festival encaminha a venda dos sete encontros para a MiEntrada.<\/p>\n<\/div><\/div><\/div><\/div><\/div><div class=\"w-tabs-section\" id=\"g3bf\"><button type=\"button\" class=\"w-tabs-section-header\" aria-controls=\"content-g3bf\" aria-expanded=\"false\"><div class=\"w-tabs-section-title\">H\u00e1 cante e dan\u00e7a al\u00e9m da guitarra?<\/div><div class=\"w-tabs-section-control\"><\/div><\/button><div  class=\"w-tabs-section-content\" id=\"content-g3bf\"><div class=\"w-tabs-section-content-h i-cf\"><div class=\"wpb_text_column\"><div class=\"wpb_wrapper\"><p>Sim. Embora a guitarra seja o eixo do ciclo, a abertura inclui dan\u00e7a com Alejandro Hurtado e Inmaculada Salom\u00f3n, cante convidado com Encarna Anillo e Jes\u00fas M\u00e9ndez, e Ricardo Fern\u00e1ndez del Moral apresenta cante e guitarra.<\/p>\n<\/div><\/div><\/div><\/div><\/div><\/div><\/div><\/div><\/div><\/div><div class=\"vc_col-sm-1\/5 wpb_column vc_column_container\"><div class=\"vc_column-inner\"><div class=\"wpb_wrapper\"><\/div><\/div><\/div><\/div><\/div><\/section>\n","protected":false},"excerpt":{"rendered":"<p>Trasnoches Flamencos 2026 re\u00fane sete espet\u00e1culos de guitarra flamenca, cante e dan\u00e7a em M\u00e1laga de 4 a 26 de setembro. Programa, artistas, hor\u00e1rios, locais, pre\u00e7os e bilhetes.<\/p>\n","protected":false},"author":1,"featured_media":14935,"comment_status":"closed","ping_status":"closed","sticky":false,"template":"","format":"standard","meta":{"_acf_changed":false,"wpai_generated_summary":"","_ayudawp_aiss_exclude":false,"_ayudawp_aiss_exclude_summary":false,"_ayudawp_aiss_summary":"","_ayudawp_aiss_summary_provider":"","_ayudawp_aiss_summary_hash":"","footnotes":""},"categories":[1671],"tags":[1405,1409,1258,1410],"class_list":["post-15178","post","type-post","status-publish","format-standard","has-post-thumbnail","hentry","category-festivais-flamenco","tag-cante-flamenco-pt","tag-danca-flamenca","tag-festivais-de-flamenco-guias","tag-guitarra-flamenca-pt"],"acf":[],"yoast_head":"<!-- This site is optimized with the Yoast SEO Premium plugin v28.4 (Yoast SEO v28.4) - https:\/\/yoast.com\/product\/yoast-seo-premium-wordpress\/ -->\n<title>Trasnoches Flamencos 2026 em M\u00e1laga: programa e bilhetes<\/title>\n<meta name=\"description\" content=\"Trasnoches Flamencos 2026 re\u00fane sete espet\u00e1culos de guitarra, cante e dan\u00e7a em M\u00e1laga de 4 a 26 de setembro. Programa, artistas, locais e bilhetes.\" \/>\n<meta name=\"robots\" content=\"index, follow, max-snippet:-1, max-image-preview:large, max-video-preview:-1\" \/>\n<link rel=\"canonical\" href=\"https:\/\/www.tablaosflamencos.com\/pt-pt\/trasnoches-flamencos-2026-malaga-programa-bilhetes.html\" \/>\n<meta property=\"og:locale\" content=\"pt_PT\" \/>\n<meta property=\"og:type\" content=\"article\" \/>\n<meta property=\"og:title\" content=\"Trasnoches Flamencos 2026: sete encontros de guitarra, cante e dan\u00e7a em M\u00e1laga\" \/>\n<meta property=\"og:description\" content=\"Trasnoches Flamencos 2026 re\u00fane sete espet\u00e1culos de guitarra, cante e dan\u00e7a em M\u00e1laga de 4 a 26 de setembro. Programa, artistas, locais e bilhetes.\" \/>\n<meta property=\"og:url\" content=\"https:\/\/www.tablaosflamencos.com\/pt-pt\/trasnoches-flamencos-2026-malaga-programa-bilhetes.html\" \/>\n<meta property=\"og:site_name\" content=\"Tablaos Flamencos\" \/>\n<meta property=\"article:publisher\" content=\"https:\/\/www.facebook.com\/tablaosflamencos\" \/>\n<meta property=\"article:published_time\" content=\"2026-09-06T14:53:49+00:00\" \/>\n<meta property=\"article:modified_time\" content=\"2026-09-06T17:55:11+00:00\" \/>\n<meta property=\"og:image\" content=\"https:\/\/www.tablaosflamencos.com\/wp-content\/uploads\/trasnoches-flamencos-2026-siete-citas-de-guitarra-cante-y-baile-en-malaga-01.webp\" \/>\n\t<meta property=\"og:image:width\" content=\"1672\" \/>\n\t<meta property=\"og:image:height\" content=\"941\" \/>\n\t<meta property=\"og:image:type\" content=\"image\/webp\" \/>\n<meta name=\"author\" content=\"Miguel Ortiz\" \/>\n<meta name=\"twitter:card\" content=\"summary_large_image\" \/>\n<meta name=\"twitter:creator\" content=\"@tablaosflamenco\" \/>\n<meta name=\"twitter:site\" content=\"@tablaosflamenco\" \/>\n<meta name=\"twitter:label1\" content=\"Escrito por\" \/>\n\t<meta name=\"twitter:data1\" content=\"Miguel Ortiz\" \/>\n\t<meta name=\"twitter:label2\" content=\"Tempo estimado de leitura\" \/>\n\t<meta name=\"twitter:data2\" content=\"11 minutos\" \/>\n<script type=\"application\/ld+json\" class=\"yoast-schema-graph\">{\"@context\":\"https:\\\/\\\/schema.org\",\"@graph\":[{\"@type\":\"Article\",\"@id\":\"https:\\\/\\\/www.tablaosflamencos.com\\\/pt-pt\\\/trasnoches-flamencos-2026-malaga-programa-bilhetes.html#article\",\"isPartOf\":{\"@id\":\"https:\\\/\\\/www.tablaosflamencos.com\\\/pt-pt\\\/trasnoches-flamencos-2026-malaga-programa-bilhetes.html\"},\"author\":{\"name\":\"Miguel Ortiz\",\"@id\":\"https:\\\/\\\/www.tablaosflamencos.com\\\/pt-pt#\\\/schema\\\/person\\\/e7a9ebe14eb75a52ceabfbffb3c54f5d\"},\"headline\":\"Trasnoches Flamencos 2026: sete encontros de guitarra, cante e dan\u00e7a em M\u00e1laga\",\"datePublished\":\"2026-09-06T14:53:49+00:00\",\"dateModified\":\"2026-09-06T17:55:11+00:00\",\"mainEntityOfPage\":{\"@id\":\"https:\\\/\\\/www.tablaosflamencos.com\\\/pt-pt\\\/trasnoches-flamencos-2026-malaga-programa-bilhetes.html\"},\"wordCount\":2304,\"publisher\":{\"@id\":\"https:\\\/\\\/www.tablaosflamencos.com\\\/pt-pt#organization\"},\"image\":{\"@id\":\"https:\\\/\\\/www.tablaosflamencos.com\\\/pt-pt\\\/trasnoches-flamencos-2026-malaga-programa-bilhetes.html#primaryimage\"},\"thumbnailUrl\":\"https:\\\/\\\/www.tablaosflamencos.com\\\/wp-content\\\/uploads\\\/trasnoches-flamencos-2026-siete-citas-de-guitarra-cante-y-baile-en-malaga-01.webp\",\"keywords\":[\"cante flamenco\",\"dan\u00e7a flamenca\",\"Festivais de flamenco\",\"guitarra flamenca\"],\"articleSection\":[\"Festivais de flamenco\"],\"inLanguage\":\"pt-PT\"},{\"@type\":\"WebPage\",\"@id\":\"https:\\\/\\\/www.tablaosflamencos.com\\\/pt-pt\\\/trasnoches-flamencos-2026-malaga-programa-bilhetes.html\",\"url\":\"https:\\\/\\\/www.tablaosflamencos.com\\\/pt-pt\\\/trasnoches-flamencos-2026-malaga-programa-bilhetes.html\",\"name\":\"Trasnoches Flamencos 2026 em M\u00e1laga: programa e bilhetes\",\"isPartOf\":{\"@id\":\"https:\\\/\\\/www.tablaosflamencos.com\\\/pt-pt#website\"},\"primaryImageOfPage\":{\"@id\":\"https:\\\/\\\/www.tablaosflamencos.com\\\/pt-pt\\\/trasnoches-flamencos-2026-malaga-programa-bilhetes.html#primaryimage\"},\"image\":{\"@id\":\"https:\\\/\\\/www.tablaosflamencos.com\\\/pt-pt\\\/trasnoches-flamencos-2026-malaga-programa-bilhetes.html#primaryimage\"},\"thumbnailUrl\":\"https:\\\/\\\/www.tablaosflamencos.com\\\/wp-content\\\/uploads\\\/trasnoches-flamencos-2026-siete-citas-de-guitarra-cante-y-baile-en-malaga-01.webp\",\"datePublished\":\"2026-09-06T14:53:49+00:00\",\"dateModified\":\"2026-09-06T17:55:11+00:00\",\"description\":\"Trasnoches Flamencos 2026 re\u00fane sete espet\u00e1culos de guitarra, cante e dan\u00e7a em M\u00e1laga de 4 a 26 de setembro. Programa, artistas, locais e bilhetes.\",\"breadcrumb\":{\"@id\":\"https:\\\/\\\/www.tablaosflamencos.com\\\/pt-pt\\\/trasnoches-flamencos-2026-malaga-programa-bilhetes.html#breadcrumb\"},\"inLanguage\":\"pt-PT\",\"potentialAction\":[{\"@type\":\"ReadAction\",\"target\":[\"https:\\\/\\\/www.tablaosflamencos.com\\\/pt-pt\\\/trasnoches-flamencos-2026-malaga-programa-bilhetes.html\"]}]},{\"@type\":\"ImageObject\",\"inLanguage\":\"pt-PT\",\"@id\":\"https:\\\/\\\/www.tablaosflamencos.com\\\/pt-pt\\\/trasnoches-flamencos-2026-malaga-programa-bilhetes.html#primaryimage\",\"url\":\"https:\\\/\\\/www.tablaosflamencos.com\\\/wp-content\\\/uploads\\\/trasnoches-flamencos-2026-siete-citas-de-guitarra-cante-y-baile-en-malaga-01.webp\",\"contentUrl\":\"https:\\\/\\\/www.tablaosflamencos.com\\\/wp-content\\\/uploads\\\/trasnoches-flamencos-2026-siete-citas-de-guitarra-cante-y-baile-en-malaga-01.webp\",\"width\":1672,\"height\":941,\"caption\":\"Trasnoches Flamencos 2026: siete citas de guitarra, cante y baile en M\u00e1laga\"},{\"@type\":\"BreadcrumbList\",\"@id\":\"https:\\\/\\\/www.tablaosflamencos.com\\\/pt-pt\\\/trasnoches-flamencos-2026-malaga-programa-bilhetes.html#breadcrumb\",\"itemListElement\":[{\"@type\":\"ListItem\",\"position\":1,\"name\":\"Home\",\"item\":\"https:\\\/\\\/www.tablaosflamencos.com\\\/pt-pt\"},{\"@type\":\"ListItem\",\"position\":2,\"name\":\"Trasnoches Flamencos 2026: sete encontros de guitarra, cante e dan\u00e7a em M\u00e1laga\"}]},{\"@type\":\"WebSite\",\"@id\":\"https:\\\/\\\/www.tablaosflamencos.com\\\/pt-pt#website\",\"url\":\"https:\\\/\\\/www.tablaosflamencos.com\\\/pt-pt\",\"name\":\"Tablaos Flamencos\",\"description\":\"Entradas para tablaos flamencos de Espa\u00f1a\",\"publisher\":{\"@id\":\"https:\\\/\\\/www.tablaosflamencos.com\\\/pt-pt#organization\"},\"alternateName\":\"Tablaos Flamencos\",\"potentialAction\":[{\"@type\":\"SearchAction\",\"target\":{\"@type\":\"EntryPoint\",\"urlTemplate\":\"https:\\\/\\\/www.tablaosflamencos.com\\\/pt-pt?s={search_term_string}\"},\"query-input\":{\"@type\":\"PropertyValueSpecification\",\"valueRequired\":true,\"valueName\":\"search_term_string\"}}],\"inLanguage\":\"pt-PT\"},{\"@type\":[\"Organization\",\"Place\",\"EntertainmentBusiness\"],\"@id\":\"https:\\\/\\\/www.tablaosflamencos.com\\\/pt-pt#organization\",\"name\":\"Tablaos Flamencos\",\"alternateName\":\"Tablaos Flamencos\",\"url\":\"https:\\\/\\\/www.tablaosflamencos.com\\\/pt-pt\",\"logo\":{\"@id\":\"https:\\\/\\\/www.tablaosflamencos.com\\\/pt-pt\\\/trasnoches-flamencos-2026-malaga-programa-bilhetes.html#local-main-organization-logo\"},\"image\":{\"@id\":\"https:\\\/\\\/www.tablaosflamencos.com\\\/pt-pt\\\/trasnoches-flamencos-2026-malaga-programa-bilhetes.html#local-main-organization-logo\"},\"sameAs\":[\"https:\\\/\\\/www.facebook.com\\\/tablaosflamencos\",\"https:\\\/\\\/x.com\\\/tablaosflamenco\",\"https:\\\/\\\/mastodon.social\\\/@tablaosflamencos\",\"https:\\\/\\\/www.instagram.com\\\/tablaosflamencos\",\"https:\\\/\\\/tiktok.com\\\/@tablaosflamencos\",\"https:\\\/\\\/www.linkedin.com\\\/company\\\/109408238\\\/\"],\"description\":\"Venta de entradas para espect\u00e1culos flamencos\",\"legalName\":\"Tablaos Flamencos\",\"foundingDate\":\"2015-01-01\",\"numberOfEmployees\":{\"@type\":\"QuantitativeValue\",\"minValue\":\"1\",\"maxValue\":\"10\"},\"address\":{\"@id\":\"https:\\\/\\\/www.tablaosflamencos.com\\\/pt-pt\\\/trasnoches-flamencos-2026-malaga-programa-bilhetes.html#local-main-place-address\"},\"geo\":{\"@type\":\"GeoCoordinates\",\"latitude\":\"37.3868072\",\"longitude\":\"-5.993280299999999\"},\"telephone\":[\"+34623787787\"],\"contactPoint\":{\"@type\":\"ContactPoint\",\"telephone\":\"+34623787787\",\"email\":\"info@tablaosflamencos.com\"},\"openingHoursSpecification\":{\"@type\":\"OpeningHoursSpecification\",\"dayOfWeek\":[\"Monday\",\"Tuesday\",\"Wednesday\",\"Thursday\",\"Friday\",\"Saturday\",\"Sunday\"],\"opens\":\"00:00\",\"closes\":\"23:59\"},\"email\":\"info@tablaosflamencos.com\",\"priceRange\":\"$$$\",\"currenciesAccepted\":\"\u20ac\"},{\"@type\":\"Person\",\"@id\":\"https:\\\/\\\/www.tablaosflamencos.com\\\/pt-pt#\\\/schema\\\/person\\\/e7a9ebe14eb75a52ceabfbffb3c54f5d\",\"name\":\"Miguel Ortiz\",\"description\":\"Miguel Ortiz es un empresario flamenco, con una s\u00f3lida trayectoria dentro del sector. Ha presidido entidades culturales vinculadas al flamenco y, cuenta con un amplio recorrido profesional en la gesti\u00f3n y promoci\u00f3n de espect\u00e1culos y tablaos flamencos. Su pasi\u00f3n por la historia y el arte flamenco se refleja en cada art\u00edculo, donde combina experiencia, criterio y un profundo respeto por la tradici\u00f3n.\",\"sameAs\":[\"https:\\\/\\\/www.tablaosflamencos.com\",\"https:\\\/\\\/www.instagra.com\\\/miguelortizfe\",\"https:\\\/\\\/www.linkedin.com\\\/in\\\/miguelortizf\\\/\"],\"birthDate\":\"1984-11-22\",\"gender\":\"hombre\",\"knowsLanguage\":[\"espa\u00f1ol\",\"ingl\u00e9s\"],\"jobTitle\":\"Empresario flamenco\"},{\"@type\":\"PostalAddress\",\"@id\":\"https:\\\/\\\/www.tablaosflamencos.com\\\/pt-pt\\\/trasnoches-flamencos-2026-malaga-programa-bilhetes.html#local-main-place-address\",\"streetAddress\":\"C\\\/ Alemanes, 19\",\"addressLocality\":\"Sevilla\",\"postalCode\":\"41004\",\"addressRegion\":\"Sevilla\",\"addressCountry\":\"ES\"},{\"@type\":\"ImageObject\",\"inLanguage\":\"pt-PT\",\"@id\":\"https:\\\/\\\/www.tablaosflamencos.com\\\/pt-pt\\\/trasnoches-flamencos-2026-malaga-programa-bilhetes.html#local-main-organization-logo\",\"url\":\"https:\\\/\\\/www.tablaosflamencos.com\\\/wp-content\\\/uploads\\\/tablaos-flamencos-06-3.webp\",\"contentUrl\":\"https:\\\/\\\/www.tablaosflamencos.com\\\/wp-content\\\/uploads\\\/tablaos-flamencos-06-3.webp\",\"width\":600,\"height\":620,\"caption\":\"Tablaos Flamencos\"}]}<\/script>\n<meta name=\"geo.placename\" content=\"Sevilla\" \/>\n<meta name=\"geo.position\" content=\"37.3868072;-5.993280299999999\" \/>\n<meta name=\"geo.region\" content=\"Espanha\" \/>\n<!-- \/ Yoast SEO Premium plugin. -->","yoast_head_json":{"title":"Trasnoches Flamencos 2026 em M\u00e1laga: programa e bilhetes","description":"Trasnoches Flamencos 2026 re\u00fane sete espet\u00e1culos de guitarra, cante e dan\u00e7a em M\u00e1laga de 4 a 26 de setembro. Programa, artistas, locais e bilhetes.","robots":{"index":"index","follow":"follow","max-snippet":"max-snippet:-1","max-image-preview":"max-image-preview:large","max-video-preview":"max-video-preview:-1"},"canonical":"https:\/\/www.tablaosflamencos.com\/pt-pt\/trasnoches-flamencos-2026-malaga-programa-bilhetes.html","og_locale":"pt_PT","og_type":"article","og_title":"Trasnoches Flamencos 2026: sete encontros de guitarra, cante e dan\u00e7a em M\u00e1laga","og_description":"Trasnoches Flamencos 2026 re\u00fane sete espet\u00e1culos de guitarra, cante e dan\u00e7a em M\u00e1laga de 4 a 26 de setembro. Programa, artistas, locais e bilhetes.","og_url":"https:\/\/www.tablaosflamencos.com\/pt-pt\/trasnoches-flamencos-2026-malaga-programa-bilhetes.html","og_site_name":"Tablaos Flamencos","article_publisher":"https:\/\/www.facebook.com\/tablaosflamencos","article_published_time":"2026-09-06T14:53:49+00:00","article_modified_time":"2026-09-06T17:55:11+00:00","og_image":[{"width":1672,"height":941,"url":"https:\/\/www.tablaosflamencos.com\/wp-content\/uploads\/trasnoches-flamencos-2026-siete-citas-de-guitarra-cante-y-baile-en-malaga-01.webp","type":"image\/webp"}],"author":"Miguel Ortiz","twitter_card":"summary_large_image","twitter_creator":"@tablaosflamenco","twitter_site":"@tablaosflamenco","twitter_misc":{"Escrito por":"Miguel Ortiz","Tempo estimado de leitura":"11 minutos"},"schema":{"@context":"https:\/\/schema.org","@graph":[{"@type":"Article","@id":"https:\/\/www.tablaosflamencos.com\/pt-pt\/trasnoches-flamencos-2026-malaga-programa-bilhetes.html#article","isPartOf":{"@id":"https:\/\/www.tablaosflamencos.com\/pt-pt\/trasnoches-flamencos-2026-malaga-programa-bilhetes.html"},"author":{"name":"Miguel Ortiz","@id":"https:\/\/www.tablaosflamencos.com\/pt-pt#\/schema\/person\/e7a9ebe14eb75a52ceabfbffb3c54f5d"},"headline":"Trasnoches Flamencos 2026: sete encontros de guitarra, cante e dan\u00e7a em M\u00e1laga","datePublished":"2026-09-06T14:53:49+00:00","dateModified":"2026-09-06T17:55:11+00:00","mainEntityOfPage":{"@id":"https:\/\/www.tablaosflamencos.com\/pt-pt\/trasnoches-flamencos-2026-malaga-programa-bilhetes.html"},"wordCount":2304,"publisher":{"@id":"https:\/\/www.tablaosflamencos.com\/pt-pt#organization"},"image":{"@id":"https:\/\/www.tablaosflamencos.com\/pt-pt\/trasnoches-flamencos-2026-malaga-programa-bilhetes.html#primaryimage"},"thumbnailUrl":"https:\/\/www.tablaosflamencos.com\/wp-content\/uploads\/trasnoches-flamencos-2026-siete-citas-de-guitarra-cante-y-baile-en-malaga-01.webp","keywords":["cante flamenco","dan\u00e7a flamenca","Festivais de flamenco","guitarra flamenca"],"articleSection":["Festivais de flamenco"],"inLanguage":"pt-PT"},{"@type":"WebPage","@id":"https:\/\/www.tablaosflamencos.com\/pt-pt\/trasnoches-flamencos-2026-malaga-programa-bilhetes.html","url":"https:\/\/www.tablaosflamencos.com\/pt-pt\/trasnoches-flamencos-2026-malaga-programa-bilhetes.html","name":"Trasnoches Flamencos 2026 em M\u00e1laga: programa e bilhetes","isPartOf":{"@id":"https:\/\/www.tablaosflamencos.com\/pt-pt#website"},"primaryImageOfPage":{"@id":"https:\/\/www.tablaosflamencos.com\/pt-pt\/trasnoches-flamencos-2026-malaga-programa-bilhetes.html#primaryimage"},"image":{"@id":"https:\/\/www.tablaosflamencos.com\/pt-pt\/trasnoches-flamencos-2026-malaga-programa-bilhetes.html#primaryimage"},"thumbnailUrl":"https:\/\/www.tablaosflamencos.com\/wp-content\/uploads\/trasnoches-flamencos-2026-siete-citas-de-guitarra-cante-y-baile-en-malaga-01.webp","datePublished":"2026-09-06T14:53:49+00:00","dateModified":"2026-09-06T17:55:11+00:00","description":"Trasnoches Flamencos 2026 re\u00fane sete espet\u00e1culos de guitarra, cante e dan\u00e7a em M\u00e1laga de 4 a 26 de setembro. Programa, artistas, locais e bilhetes.","breadcrumb":{"@id":"https:\/\/www.tablaosflamencos.com\/pt-pt\/trasnoches-flamencos-2026-malaga-programa-bilhetes.html#breadcrumb"},"inLanguage":"pt-PT","potentialAction":[{"@type":"ReadAction","target":["https:\/\/www.tablaosflamencos.com\/pt-pt\/trasnoches-flamencos-2026-malaga-programa-bilhetes.html"]}]},{"@type":"ImageObject","inLanguage":"pt-PT","@id":"https:\/\/www.tablaosflamencos.com\/pt-pt\/trasnoches-flamencos-2026-malaga-programa-bilhetes.html#primaryimage","url":"https:\/\/www.tablaosflamencos.com\/wp-content\/uploads\/trasnoches-flamencos-2026-siete-citas-de-guitarra-cante-y-baile-en-malaga-01.webp","contentUrl":"https:\/\/www.tablaosflamencos.com\/wp-content\/uploads\/trasnoches-flamencos-2026-siete-citas-de-guitarra-cante-y-baile-en-malaga-01.webp","width":1672,"height":941,"caption":"Trasnoches Flamencos 2026: siete citas de guitarra, cante y baile en M\u00e1laga"},{"@type":"BreadcrumbList","@id":"https:\/\/www.tablaosflamencos.com\/pt-pt\/trasnoches-flamencos-2026-malaga-programa-bilhetes.html#breadcrumb","itemListElement":[{"@type":"ListItem","position":1,"name":"Home","item":"https:\/\/www.tablaosflamencos.com\/pt-pt"},{"@type":"ListItem","position":2,"name":"Trasnoches Flamencos 2026: sete encontros de guitarra, cante e dan\u00e7a em M\u00e1laga"}]},{"@type":"WebSite","@id":"https:\/\/www.tablaosflamencos.com\/pt-pt#website","url":"https:\/\/www.tablaosflamencos.com\/pt-pt","name":"Tablaos Flamencos","description":"Entradas para tablaos flamencos de Espa\u00f1a","publisher":{"@id":"https:\/\/www.tablaosflamencos.com\/pt-pt#organization"},"alternateName":"Tablaos Flamencos","potentialAction":[{"@type":"SearchAction","target":{"@type":"EntryPoint","urlTemplate":"https:\/\/www.tablaosflamencos.com\/pt-pt?s={search_term_string}"},"query-input":{"@type":"PropertyValueSpecification","valueRequired":true,"valueName":"search_term_string"}}],"inLanguage":"pt-PT"},{"@type":["Organization","Place","EntertainmentBusiness"],"@id":"https:\/\/www.tablaosflamencos.com\/pt-pt#organization","name":"Tablaos Flamencos","alternateName":"Tablaos Flamencos","url":"https:\/\/www.tablaosflamencos.com\/pt-pt","logo":{"@id":"https:\/\/www.tablaosflamencos.com\/pt-pt\/trasnoches-flamencos-2026-malaga-programa-bilhetes.html#local-main-organization-logo"},"image":{"@id":"https:\/\/www.tablaosflamencos.com\/pt-pt\/trasnoches-flamencos-2026-malaga-programa-bilhetes.html#local-main-organization-logo"},"sameAs":["https:\/\/www.facebook.com\/tablaosflamencos","https:\/\/x.com\/tablaosflamenco","https:\/\/mastodon.social\/@tablaosflamencos","https:\/\/www.instagram.com\/tablaosflamencos","https:\/\/tiktok.com\/@tablaosflamencos","https:\/\/www.linkedin.com\/company\/109408238\/"],"description":"Venta de entradas para espect\u00e1culos flamencos","legalName":"Tablaos Flamencos","foundingDate":"2015-01-01","numberOfEmployees":{"@type":"QuantitativeValue","minValue":"1","maxValue":"10"},"address":{"@id":"https:\/\/www.tablaosflamencos.com\/pt-pt\/trasnoches-flamencos-2026-malaga-programa-bilhetes.html#local-main-place-address"},"geo":{"@type":"GeoCoordinates","latitude":"37.3868072","longitude":"-5.993280299999999"},"telephone":["+34623787787"],"contactPoint":{"@type":"ContactPoint","telephone":"+34623787787","email":"info@tablaosflamencos.com"},"openingHoursSpecification":{"@type":"OpeningHoursSpecification","dayOfWeek":["Monday","Tuesday","Wednesday","Thursday","Friday","Saturday","Sunday"],"opens":"00:00","closes":"23:59"},"email":"info@tablaosflamencos.com","priceRange":"$$$","currenciesAccepted":"\u20ac"},{"@type":"Person","@id":"https:\/\/www.tablaosflamencos.com\/pt-pt#\/schema\/person\/e7a9ebe14eb75a52ceabfbffb3c54f5d","name":"Miguel Ortiz","description":"Miguel Ortiz es un empresario flamenco, con una s\u00f3lida trayectoria dentro del sector. Ha presidido entidades culturales vinculadas al flamenco y, cuenta con un amplio recorrido profesional en la gesti\u00f3n y promoci\u00f3n de espect\u00e1culos y tablaos flamencos. Su pasi\u00f3n por la historia y el arte flamenco se refleja en cada art\u00edculo, donde combina experiencia, criterio y un profundo respeto por la tradici\u00f3n.","sameAs":["https:\/\/www.tablaosflamencos.com","https:\/\/www.instagra.com\/miguelortizfe","https:\/\/www.linkedin.com\/in\/miguelortizf\/"],"birthDate":"1984-11-22","gender":"hombre","knowsLanguage":["espa\u00f1ol","ingl\u00e9s"],"jobTitle":"Empresario flamenco"},{"@type":"PostalAddress","@id":"https:\/\/www.tablaosflamencos.com\/pt-pt\/trasnoches-flamencos-2026-malaga-programa-bilhetes.html#local-main-place-address","streetAddress":"C\/ Alemanes, 19","addressLocality":"Sevilla","postalCode":"41004","addressRegion":"Sevilla","addressCountry":"ES"},{"@type":"ImageObject","inLanguage":"pt-PT","@id":"https:\/\/www.tablaosflamencos.com\/pt-pt\/trasnoches-flamencos-2026-malaga-programa-bilhetes.html#local-main-organization-logo","url":"https:\/\/www.tablaosflamencos.com\/wp-content\/uploads\/tablaos-flamencos-06-3.webp","contentUrl":"https:\/\/www.tablaosflamencos.com\/wp-content\/uploads\/tablaos-flamencos-06-3.webp","width":600,"height":620,"caption":"Tablaos Flamencos"}]},"geo.placename":"Sevilla","geo.position":{"lat":"37.3868072","long":"-5.993280299999999"},"geo.region":"Espanha"},"_links":{"self":[{"href":"https:\/\/www.tablaosflamencos.com\/pt-pt\/wp-json\/wp\/v2\/posts\/15178","targetHints":{"allow":["GET"]}}],"collection":[{"href":"https:\/\/www.tablaosflamencos.com\/pt-pt\/wp-json\/wp\/v2\/posts"}],"about":[{"href":"https:\/\/www.tablaosflamencos.com\/pt-pt\/wp-json\/wp\/v2\/types\/post"}],"author":[{"embeddable":true,"href":"https:\/\/www.tablaosflamencos.com\/pt-pt\/wp-json\/wp\/v2\/users\/1"}],"replies":[{"embeddable":true,"href":"https:\/\/www.tablaosflamencos.com\/pt-pt\/wp-json\/wp\/v2\/comments?post=15178"}],"version-history":[{"count":1,"href":"https:\/\/www.tablaosflamencos.com\/pt-pt\/wp-json\/wp\/v2\/posts\/15178\/revisions"}],"predecessor-version":[{"id":15189,"href":"https:\/\/www.tablaosflamencos.com\/pt-pt\/wp-json\/wp\/v2\/posts\/15178\/revisions\/15189"}],"wp:featuredmedia":[{"embeddable":true,"href":"https:\/\/www.tablaosflamencos.com\/pt-pt\/wp-json\/wp\/v2\/media\/14935"}],"wp:attachment":[{"href":"https:\/\/www.tablaosflamencos.com\/pt-pt\/wp-json\/wp\/v2\/media?parent=15178"}],"wp:term":[{"taxonomy":"category","embeddable":true,"href":"https:\/\/www.tablaosflamencos.com\/pt-pt\/wp-json\/wp\/v2\/categories?post=15178"},{"taxonomy":"post_tag","embeddable":true,"href":"https:\/\/www.tablaosflamencos.com\/pt-pt\/wp-json\/wp\/v2\/tags?post=15178"}],"curies":[{"name":"wp","href":"https:\/\/api.w.org\/{rel}","templated":true}]}}