{"id":15123,"date":"2026-09-06T16:35:28","date_gmt":"2026-09-06T14:35:28","guid":{"rendered":"https:\/\/www.tablaosflamencos.com\/?p=15123"},"modified":"2026-09-06T19:42:14","modified_gmt":"2026-09-06T17:42:14","slug":"o-que-fazer-jerez-durante-jerez-fusion-2026","status":"publish","type":"post","link":"https:\/\/www.tablaosflamencos.com\/pt-pt\/o-que-fazer-jerez-durante-jerez-fusion-2026.html","title":{"rendered":"O que fazer em Jerez durante o Jerez Fusi\u00f3n 2026"},"content":{"rendered":"<section class=\"l-section wpb_row height_huge\"><div class=\"l-section-h i-cf\"><div class=\"g-cols vc_row via_flex valign_top type_default stacking_default\"><div class=\"vc_col-sm-6 wpb_column vc_column_container\"><div class=\"vc_column-inner\"><div class=\"wpb_wrapper\"><div class=\"wpb_text_column\"><div class=\"wpb_wrapper\"><p>O Jerez Fusi\u00f3n 2026 realiza-se de 10 a 13 de setembro, num dos per\u00edodos mais intensos do calend\u00e1rio de Jerez de la Frontera. O festival coincide com os \u00faltimos dias das Fiestas de la Vendimia, as festas das vindimas, com atividades ligadas ao vinho, flamenco, exposi\u00e7\u00f5es e encontros culturais por toda a cidade. Juntam-se o VII Campeonato do Mundo de Equita\u00e7\u00e3o de Trabalho e, na quinta-feira, dia 10, a chegada a Jerez de uma etapa de contrarrel\u00f3gio da Vuelta.<\/p>\n<p>A escapadinha torna-se assim muito mais do que uma ida a concertos. Com uma boa organiza\u00e7\u00e3o, \u00e9 poss\u00edvel combinar o Jerez Fusi\u00f3n com uma visita a uma bodega, um passeio pelo centro hist\u00f3rico, uma noite de flamenco, uma atividade das vindimas ou uma visita ligada aos cavalos. O essencial \u00e9 n\u00e3o tentar fazer tudo e, sobretudo, ter aten\u00e7\u00e3o \u00e0 mobilidade na quinta-feira, 10 de setembro.<\/p>\n<\/div><\/div><\/div><\/div><\/div><div class=\"vc_col-sm-6 wpb_column vc_column_container\"><div class=\"vc_column-inner\"><div class=\"wpb_wrapper\"><div class=\"wpb_text_column\"><div class=\"wpb_wrapper\"><blockquote>\n<p><strong>Resposta r\u00e1pida:<\/strong> durante o Jerez Fusi\u00f3n 2026, vale a pena combinar o programa com as festas das vindimas, o centro hist\u00f3rico e a cultura do vinho de Jerez, flamenco fora do festival e, se gosta de cavalos, o Campeonato do Mundo de Equita\u00e7\u00e3o de Trabalho. No s\u00e1bado, dia 12, destaca-se tamb\u00e9m a Verbena Flamenca de la Asunci\u00f3n, com entrada livre at\u00e9 \u00e0 lota\u00e7\u00e3o m\u00e1xima. Na quinta-feira, dia 10, haver\u00e1 cortes de tr\u00e2nsito importantes devido \u00e0 Vuelta; prefira andar a p\u00e9 no centro e deixe tempo entre atividades.<\/p>\n<\/blockquote>\n<p><strong>\u00daltima atualiza\u00e7\u00e3o:<\/strong> 5 de setembro de 2026. Os hor\u00e1rios e as atividades podem mudar; consulte a informa\u00e7\u00e3o oficial antes de se deslocar.<\/p>\n<\/div><\/div><\/div><\/div><\/div><\/div><\/div><\/section><section class=\"l-section wpb_row height_huge color_alternate with_shape\"><div class=\"l-section-shape type_zigzag pos_top hor_flip\" style=\"height:3vmin;\"><svg xmlns=\"http:\/\/www.w3.org\/2000\/svg\" viewBox=\"0 0 64 8\" preserveAspectRatio=\"none\" width=\"100%\" height=\"100%\">\r\n\t<path fill=\"currentColor\" d=\"M64 8 L0 8 L0 0 L20 7.9 L40 3 L48 5 L64 0 Z\"\/>\r\n<\/svg><\/div><div class=\"l-section-shape type_zigzag pos_bottom\" style=\"height:3vmin;\"><svg xmlns=\"http:\/\/www.w3.org\/2000\/svg\" viewBox=\"0 0 64 8\" preserveAspectRatio=\"none\" width=\"100%\" height=\"100%\">\r\n\t<path fill=\"currentColor\" d=\"M64 8 L0 8 L0 0 L20 7.9 L40 3 L48 5 L64 0 Z\"\/>\r\n<\/svg><\/div><div class=\"l-section-h i-cf\"><div class=\"g-cols vc_row via_flex valign_top type_default stacking_default\"><div class=\"vc_col-sm-3 wpb_column vc_column_container\"><div class=\"vc_column-inner\"><div class=\"wpb_wrapper\"><\/div><\/div><\/div><div class=\"vc_col-sm-6 wpb_column vc_column_container\"><div class=\"vc_column-inner\"><div class=\"wpb_wrapper\"><div class=\"wpb_text_column\"><div class=\"wpb_wrapper\"><h2>\u00cdndice deste guia<\/h2>\n<ul>\n<li><a href=\"#fin-de-semana-especial\">Porque \u00e9 que este fim de semana \u00e9 especial<\/a><\/li>\n<li><a href=\"#jueves-10\">Quinta-feira, dia 10: Vuelta, vinho e in\u00edcio do Jerez Fusi\u00f3n<\/a><\/li>\n<li><a href=\"#viernes-11\">Sexta-feira, dia 11: festival e ambiente de vindimas<\/a><\/li>\n<li><a href=\"#sabado-12\">S\u00e1bado, dia 12: vinhas, festival e festa flamenca<\/a><\/li>\n<li><a href=\"#domingo-13\">Domingo, dia 13: \u00faltimo dia do Jerez Fusi\u00f3n e das vindimas<\/a><\/li>\n<li><a href=\"#centro-historico\">O que ver no centro hist\u00f3rico entre concertos<\/a><\/li>\n<li><a href=\"#jerez-del-vino\">Como descobrir o Jerez do vinho<\/a><\/li>\n<li><a href=\"#mas-flamenco\">Onde ver mais flamenco durante o festival<\/a><\/li>\n<li><a href=\"#caballo\">O cavalo como programa alternativo<\/a><\/li>\n<li><a href=\"#consejos\">Conselhos de mobilidade e reservas<\/a><\/li>\n<li><a href=\"#itinerarios\">Itiner\u00e1rios recomendados<\/a><\/li>\n<li><a href=\"#faq\">Perguntas frequentes<\/a><\/li>\n<\/ul>\n<\/div><\/div><\/div><\/div><\/div><div class=\"vc_col-sm-3 wpb_column vc_column_container\"><div class=\"vc_column-inner\"><div class=\"wpb_wrapper\"><\/div><\/div><\/div><\/div><\/div><\/section><section class=\"l-section wpb_row height_huge\"><div class=\"l-section-h i-cf\"><div class=\"g-cols vc_row via_flex valign_top type_default stacking_default\"><div class=\"vc_col-sm-12 wpb_column vc_column_container\"><div class=\"vc_column-inner\"><div class=\"wpb_wrapper\"><div class=\"wpb_text_column\"><div class=\"wpb_wrapper\"><h2 id=\"fin-de-semana-especial\">Porque \u00e9 que o Jerez Fusi\u00f3n coincide com um fim de semana especialmente completo<\/h2>\n<p>O Jerez Fusi\u00f3n n\u00e3o acontece numa semana qualquer. Os quatro dias, de quinta-feira, 10, a domingo, 13 de setembro, coincidem com o encerramento das festas das vindimas de Jerez 2026, que come\u00e7aram a 29 de agosto e re\u00fanem mais de uma centena de atividades em dezenas de espa\u00e7os da cidade.<\/p>\n<p>A coincid\u00eancia \u00e9 interessante porque os programas se complementam. O Jerez Fusi\u00f3n prop\u00f5e um olhar contempor\u00e2neo que cruza flamenco, outras m\u00fasicas e vinho de Jerez; as vindimas alargam essa liga\u00e7\u00e3o ao vinho atrav\u00e9s de provas, percursos, exposi\u00e7\u00f5es, atividades familiares e propostas no centro e noutros bairros.<\/p>\n<p>Para quem viaja de prop\u00f3sito para o festival, recomendamos fazer do Jerez Fusi\u00f3n o eixo da viagem e escolher uma ou duas atividades complementares por dia. Assistir a tudo seria imposs\u00edvel e retiraria tempo \u00e0 pr\u00f3pria cidade.<\/p>\n<p>Se ainda n\u00e3o consultou o cartaz, as datas e o funcionamento do evento, comece pelo nosso <a href=\"https:\/\/www.tablaosflamencos.com\/pt-pt\/jerez-fusion-2026-datas-programa.html\">guia completo do Jerez Fusi\u00f3n 2026<\/a>. Este artigo responde a outra pergunta: o que fazer nas horas livres antes, entre ou depois das atividades do festival.<\/p>\n<\/div><\/div><\/div><\/div><\/div><\/div><\/div><\/section><section class=\"l-section wpb_row height_huge color_alternate with_shape\"><div class=\"l-section-shape type_zigzag pos_top hor_flip\" style=\"height:3vmin;\"><svg xmlns=\"http:\/\/www.w3.org\/2000\/svg\" viewBox=\"0 0 64 8\" preserveAspectRatio=\"none\" width=\"100%\" height=\"100%\">\r\n\t<path fill=\"currentColor\" d=\"M64 8 L0 8 L0 0 L20 7.9 L40 3 L48 5 L64 0 Z\"\/>\r\n<\/svg><\/div><div class=\"l-section-shape type_zigzag pos_bottom\" style=\"height:3vmin;\"><svg xmlns=\"http:\/\/www.w3.org\/2000\/svg\" viewBox=\"0 0 64 8\" preserveAspectRatio=\"none\" width=\"100%\" height=\"100%\">\r\n\t<path fill=\"currentColor\" d=\"M64 8 L0 8 L0 0 L20 7.9 L40 3 L48 5 L64 0 Z\"\/>\r\n<\/svg><\/div><div class=\"l-section-h i-cf\"><div class=\"g-cols vc_row via_flex valign_top type_default stacking_default\"><div class=\"vc_col-sm-12 wpb_column vc_column_container\"><div class=\"vc_column-inner\"><div class=\"wpb_wrapper\"><div class=\"wpb_text_column\"><div class=\"wpb_wrapper\"><h2 id=\"jueves-10\">Quinta-feira, 10 de setembro: um dia que exige planear as desloca\u00e7\u00f5es<\/h2>\n<p>O primeiro dia do Jerez Fusi\u00f3n ser\u00e1 tamb\u00e9m o mais delicado para circular. Na quinta-feira, 10 de setembro, chega a Jerez a 18.\u00aa etapa da Vuelta Ciclista a Espa\u00f1a, um contrarrel\u00f3gio individual entre El Puerto de Santa Mar\u00eda e Jerez.<\/p>\n<p>O dispositivo municipal prev\u00ea restri\u00e7\u00f5es importantes durante grande parte do dia, com o circuito urbano fechado aproximadamente entre as 11h00 e as 18h00 e medidas adicionais na zona da meta. Se chegar a Jerez nesse dia, n\u00e3o organize a jornada como se fosse um dia normal.<\/p>\n<p>A recomenda\u00e7\u00e3o \u00e9 clara: se o alojamento fica no centro ou a uma dist\u00e2ncia razo\u00e1vel, privilegie andar a p\u00e9. Se vier de carro, confirme antecipadamente o acesso ao hotel, estacionamento ou zona de entrada e evite reservas com intervalos demasiado curtos.<\/p>\n<p>Resolvida a log\u00edstica, a quinta-feira oferece uma combina\u00e7\u00e3o muito jerezana. O programa municipal das vindimas inclui o <strong>Desaf\u00edo Cata a Ciegas, desafio de prova cega<\/strong> a partir das 12h00, com eliminat\u00f3rias na quinta e na sexta-feira, e o Jerez Fusi\u00f3n consta da agenda municipal a partir das 15h00.<\/p>\n<p>\u00c0 noite surge um dos encontros mais interessantes para dedicar algumas horas ao vinho: <strong>De Copa en Copa<\/strong>, nos Claustros de Santo Domingo, come\u00e7a \u00e0s 20h30 e prolonga-se at\u00e9 \u00e0 meia-noite. Re\u00fane vinhos das denomina\u00e7\u00f5es Jerez-X\u00e9r\u00e8s-Sherry e Manzanilla-Sanl\u00facar de Barrameda, permitindo provar refer\u00eancias de v\u00e1rias bodegas.<\/p>\n<p>A melhor combina\u00e7\u00e3o depende dos hor\u00e1rios concretos das suas atividades no Jerez Fusi\u00f3n. Se coincidirem, d\u00ea prioridade ao festival; o De Copa en Copa pode ser uma alternativa para quem tem uma parte da noite livre ou prefere uma experi\u00eancia mais centrada no vinho.<\/p>\n<\/div><\/div><\/div><\/div><\/div><\/div><\/div><\/section><section class=\"l-section wpb_row height_huge\"><div class=\"l-section-h i-cf\"><div class=\"g-cols vc_row via_flex valign_top type_default stacking_default\"><div class=\"vc_col-sm-12 wpb_column vc_column_container\"><div class=\"vc_column-inner\"><div class=\"wpb_wrapper\"><div class=\"wpb_text_column\"><div class=\"wpb_wrapper\"><h2 id=\"viernes-11\">Sexta-feira, dia 11: desfrutar de Jerez sem preencher cada minuto<\/h2>\n<p>A sexta-feira \u00e9 provavelmente um dos melhores dias para combinar festival e cidade. O Jerez Fusi\u00f3n apresenta concertos, masterclasses, showcases, mesas-redondas, exposi\u00e7\u00f5es e outras atividades, enquanto as vindimas continuam.<\/p>\n<p>Evite construir um itiner\u00e1rio tur\u00edstico demasiado ambicioso. Jerez desfruta-se bem a p\u00e9 e muitas experi\u00eancias fazem sentido quando h\u00e1 tempo: parar numa pra\u00e7a, entrar num tabanco, beber um fino ou amontillado, descobrir uma igreja ou sentar-se para comer sem transformar cada hora numa corrida.<\/p>\n<p>Uma manh\u00e3 livre pode ser dedicada aos monumentos do centro hist\u00f3rico. O Alc\u00e1zar de Jerez, a catedral e as ruas que ligam a Plaza del Arenal a Santiago e San Miguel permitem uma visita completa sem grandes desloca\u00e7\u00f5es.<\/p>\n<p>Outra op\u00e7\u00e3o \u00e9 reservar uma visita a uma bodega. Jerez n\u00e3o \u00e9 apenas uma cidade onde se produz vinho: a paisagem urbana, a arquitetura das bodegas e a hist\u00f3ria comercial est\u00e3o ligadas ao sistema de criaderas e solera. Uma visita guiada ajuda a perceber porque \u00e9 que o vinho faz parte t\u00e3o naturalmente do conceito do Jerez Fusi\u00f3n.<\/p>\n<p>A agenda das vindimas anuncia tamb\u00e9m um <strong>Mercadillo de la Vendimia, mercado das vindimas<\/strong> na sexta-feira, dia 11, a partir das 19h00. Se os hor\u00e1rios permitirem, pode ser uma breve paragem antes de regressar ao programa principal.<\/p>\n<\/div><\/div><\/div><\/div><\/div><\/div><\/div><\/section><section class=\"l-section wpb_row height_huge color_alternate with_shape\"><div class=\"l-section-shape type_zigzag pos_top hor_flip\" style=\"height:3vmin;\"><svg xmlns=\"http:\/\/www.w3.org\/2000\/svg\" viewBox=\"0 0 64 8\" preserveAspectRatio=\"none\" width=\"100%\" height=\"100%\">\r\n\t<path fill=\"currentColor\" d=\"M64 8 L0 8 L0 0 L20 7.9 L40 3 L48 5 L64 0 Z\"\/>\r\n<\/svg><\/div><div class=\"l-section-shape type_zigzag pos_bottom\" style=\"height:3vmin;\"><svg xmlns=\"http:\/\/www.w3.org\/2000\/svg\" viewBox=\"0 0 64 8\" preserveAspectRatio=\"none\" width=\"100%\" height=\"100%\">\r\n\t<path fill=\"currentColor\" d=\"M64 8 L0 8 L0 0 L20 7.9 L40 3 L48 5 L64 0 Z\"\/>\r\n<\/svg><\/div><div class=\"l-section-h i-cf\"><div class=\"g-cols vc_row via_flex valign_top type_default stacking_default\"><div class=\"vc_col-sm-12 wpb_column vc_column_container\"><div class=\"vc_column-inner\"><div class=\"wpb_wrapper\"><div class=\"wpb_text_column\"><div class=\"wpb_wrapper\"><h2 id=\"sabado-12\">S\u00e1bado, dia 12: vinhas de manh\u00e3 e flamenco de bairro \u00e0 noite<\/h2>\n<p>O s\u00e1bado re\u00fane algumas das melhores possibilidades para alargar a viagem para al\u00e9m do festival.<\/p>\n<p>\u00c0s 10h00 est\u00e1 prevista a <strong>II Ruta entre Vi\u00f1as, percurso pelas vinhas<\/strong>, uma proposta para conhecer a paisagem vitivin\u00edcola em redor de Jerez. Se participar, deixe tempo suficiente para regressar e retomar o Jerez Fusi\u00f3n: uma visita \u00e0 vinha n\u00e3o deve transformar-se numa atividade apressada.<\/p>\n<p>O programa das vindimas inclui tamb\u00e9m o <strong>XI Concurso de Venencia Infantil, concurso infantil de servi\u00e7o de vinho com venencia<\/strong> \u00e0s 11h30 e a final do desafio de prova cega. S\u00e3o exemplos de como a cultura do vinho em Jerez vai muito al\u00e9m da visita tur\u00edstica a uma bodega.<\/p>\n<p>Mas o grande programa complementar de s\u00e1bado para um apreciador de flamenco chega \u00e0 noite. A <strong>Verbena Flamenca de la Asunci\u00f3n<\/strong> realiza-se a 12 de setembro, a partir das 20h00, em frente ao Centro Comercial La Asunci\u00f3n, com entrada livre at\u00e9 \u00e0 lota\u00e7\u00e3o m\u00e1xima.<\/p>\n<p>Ao cante est\u00e3o Antonio Flores U\u00f1o, Eva del Cristo, \u00c1ngel Rayo, Jos\u00e9 de la Lela, Mar\u00eda Jos\u00e9 Bernal, Pesca\u00edlla de Jerez, Juan de la Mar\u00eda e Luis Moneo. \u00c0 guitarra participam Agust\u00edn de la Fuente, Manuel Jero, Jes\u00fas Agarrado \u201cEl Guardia\u201d, Jes\u00fas Rodr\u00edguez, Juan Manuel Moneo e Santiago Moreno, com Jos\u00e9 de Cantarote e \u00c1ngel Pe\u00f1a nas palmas.<\/p>\n<p>N\u00e3o parta do princ\u00edpio de que poder\u00e1 combinar a Verbena com qualquer espet\u00e1culo de s\u00e1bado do Jerez Fusi\u00f3n. Verifique primeiro hor\u00e1rios e dist\u00e2ncias. Para quem tem a noite livre, por\u00e9m, \u00e9 uma excelente oportunidade de viver flamenco num contexto diferente: um encontro de bairro numa zona com forte identidade flamenca.<\/p>\n<p>Se a sua prioridade \u00e9 ouvir mais flamenco em Jerez durante esses dias, consulte o nosso guia sobre <a href=\"https:\/\/www.tablaosflamencos.com\/pt-pt\/onde-ver-flamenco-jerez-durante-jerez-fusion.html\">onde ver flamenco em Jerez durante o Jerez Fusi\u00f3n<\/a>.<\/p>\n<\/div><\/div><\/div><\/div><\/div><\/div><\/div><\/section><section class=\"l-section wpb_row height_huge\"><div class=\"l-section-h i-cf\"><div class=\"g-cols vc_row via_flex valign_top type_default stacking_default\"><div class=\"vc_col-sm-12 wpb_column vc_column_container\"><div class=\"vc_column-inner\"><div class=\"wpb_wrapper\"><div class=\"wpb_text_column\"><div class=\"wpb_wrapper\"><h2 id=\"domingo-13\">Domingo, dia 13: despedir-se do festival e encerrar as vindimas<\/h2>\n<p>Domingo, dia 13, \u00e9 a \u00faltima jornada do Jerez Fusi\u00f3n e das festas das vindimas. Termina tamb\u00e9m o VII Campeonato do Mundo de Equita\u00e7\u00e3o de Trabalho na Real Escuela Andaluza del Arte Ecuestre.<\/p>\n<p>O domingo permite escolher um \u00faltimo programa de acordo com os seus interesses. Se dedicou os dias anteriores quase inteiramente \u00e0 m\u00fasica, reserve a manh\u00e3 para o centro hist\u00f3rico. Se j\u00e1 percorreu a cidade, o mundo equestre oferece uma alternativa muito pr\u00f3pria de Jerez. Se o festival continua a ser priorit\u00e1rio, evite compromissos desnecess\u00e1rios e aproveite o programa final.<\/p>\n<p>Pode tamb\u00e9m ser um bom dia para almo\u00e7ar sem pressa e provar gastronomia local acompanhada de vinhos da regi\u00e3o de Jerez. Depois de quatro dias intensos, deixar algum tempo livre pode ser mais sensato do que acrescentar outra visita.<\/p>\n<\/div><\/div><\/div><\/div><\/div><\/div><\/div><\/section><section class=\"l-section wpb_row height_huge color_alternate with_shape\"><div class=\"l-section-shape type_zigzag pos_top hor_flip\" style=\"height:3vmin;\"><svg xmlns=\"http:\/\/www.w3.org\/2000\/svg\" viewBox=\"0 0 64 8\" preserveAspectRatio=\"none\" width=\"100%\" height=\"100%\">\r\n\t<path fill=\"currentColor\" d=\"M64 8 L0 8 L0 0 L20 7.9 L40 3 L48 5 L64 0 Z\"\/>\r\n<\/svg><\/div><div class=\"l-section-shape type_zigzag pos_bottom\" style=\"height:3vmin;\"><svg xmlns=\"http:\/\/www.w3.org\/2000\/svg\" viewBox=\"0 0 64 8\" preserveAspectRatio=\"none\" width=\"100%\" height=\"100%\">\r\n\t<path fill=\"currentColor\" d=\"M64 8 L0 8 L0 0 L20 7.9 L40 3 L48 5 L64 0 Z\"\/>\r\n<\/svg><\/div><div class=\"l-section-h i-cf\"><div class=\"g-cols vc_row via_flex valign_top type_default stacking_default\"><div class=\"vc_col-sm-12 wpb_column vc_column_container\"><div class=\"vc_column-inner\"><div class=\"wpb_wrapper\"><div class=\"wpb_text_column\"><div class=\"wpb_wrapper\"><h2 id=\"centro-historico\">O que ver no centro hist\u00f3rico entre concertos<\/h2>\n<p>Uma das vantagens de Jerez \u00e9 que muitos locais de interesse podem integrar um passeio relativamente compacto.<\/p>\n<p>O Alc\u00e1zar \u00e9 um dos grandes monumentos da cidade e ajuda a compreender a sua hist\u00f3ria muito antes do desenvolvimento vin\u00edcola moderno. A catedral fica perto e, da\u00ed, \u00e9 f\u00e1cil continuar at\u00e9 \u00e0 Plaza del Arenal, \u00e0 Plaza de la Asunci\u00f3n e \u00e0s ruas do centro hist\u00f3rico.<\/p>\n<p>Numa viagem de flamenco, dois bairros t\u00eam especial import\u00e2ncia: <strong>Santiago e San Miguel<\/strong>. N\u00e3o s\u00e3o cen\u00e1rios tem\u00e1ticos nem zonas criadas para turistas. S\u00e3o bairros fundamentais para compreender a geografia humana do flamenco jerezano e a liga\u00e7\u00e3o a fam\u00edlias, artistas e formas de transmiss\u00e3o que marcaram a hist\u00f3ria do cante e da dan\u00e7a.<\/p>\n<p>Vale tamb\u00e9m a pena visitar o <strong>Centro Cultural Lola Flores<\/strong> se os hor\u00e1rios permitirem. \u00c9 uma visita particularmente adequada numa viagem motivada pelo Jerez Fusi\u00f3n, porque liga a experi\u00eancia contempor\u00e2nea do festival a uma das figuras populares mais universais nascidas na cidade.<\/p>\n<p>Antes de sair, consulte sempre os hor\u00e1rios atualizados dos monumentos e espa\u00e7os culturais, sobretudo ao domingo.<\/p>\n<\/div><\/div><\/div><\/div><\/div><\/div><\/div><\/section><section class=\"l-section wpb_row height_huge\"><div class=\"l-section-h i-cf\"><div class=\"g-cols vc_row via_flex valign_top type_default stacking_default\"><div class=\"vc_col-sm-12 wpb_column vc_column_container\"><div class=\"vc_column-inner\"><div class=\"wpb_wrapper\"><div class=\"wpb_text_column\"><div class=\"wpb_wrapper\"><h2 id=\"jerez-del-vino\">Como descobrir o Jerez do vinho durante o festival<\/h2>\n<p>Em Jerez, o vinho n\u00e3o deve ser um extra tur\u00edstico desligado do flamenco. Faz parte da paisagem cultural que explica o pr\u00f3prio festival.<\/p>\n<p>H\u00e1 tr\u00eas formas diferentes de o descobrir.<\/p>\n<p><strong>1. Visitar uma bodega.<\/strong> \u00c9 a op\u00e7\u00e3o mais did\u00e1tica para compreender o envelhecimento e o sistema de criaderas e solera. Conv\u00e9m reservar antecipadamente, sobretudo num fim de semana com tanta atividade.<\/p>\n<p><strong>2. Participar nas atividades especiais das vindimas.<\/strong> O De Copa en Copa \u00e9 o exemplo mais claro durante o Jerez Fusi\u00f3n: uma mostra nos Claustros de Santo Domingo que permite comparar vinhos de v\u00e1rias bodegas.<\/p>\n<p><strong>3. Entrar num tabanco.<\/strong> Estes pequenos estabelecimentos fazem parte de uma cultura urbana particular de Jerez, onde convivem vinho, conversa e, por vezes, flamenco. Nem todos t\u00eam atua\u00e7\u00f5es di\u00e1rias; se procura m\u00fasica ao vivo, confirme antes.<\/p>\n<p>O melhor \u00e9 atribuir uma fun\u00e7\u00e3o a cada experi\u00eancia. A bodega ajuda a compreender o vinho; o tabanco mostra a sua dimens\u00e3o quotidiana; o Jerez Fusi\u00f3n explora a rela\u00e7\u00e3o com as linguagens art\u00edsticas contempor\u00e2neas.<\/p>\n<\/div><\/div><\/div><\/div><\/div><\/div><\/div><\/section><section class=\"l-section wpb_row height_huge color_alternate with_shape\"><div class=\"l-section-shape type_zigzag pos_top hor_flip\" style=\"height:3vmin;\"><svg xmlns=\"http:\/\/www.w3.org\/2000\/svg\" viewBox=\"0 0 64 8\" preserveAspectRatio=\"none\" width=\"100%\" height=\"100%\">\r\n\t<path fill=\"currentColor\" d=\"M64 8 L0 8 L0 0 L20 7.9 L40 3 L48 5 L64 0 Z\"\/>\r\n<\/svg><\/div><div class=\"l-section-shape type_zigzag pos_bottom\" style=\"height:3vmin;\"><svg xmlns=\"http:\/\/www.w3.org\/2000\/svg\" viewBox=\"0 0 64 8\" preserveAspectRatio=\"none\" width=\"100%\" height=\"100%\">\r\n\t<path fill=\"currentColor\" d=\"M64 8 L0 8 L0 0 L20 7.9 L40 3 L48 5 L64 0 Z\"\/>\r\n<\/svg><\/div><div class=\"l-section-h i-cf\"><div class=\"g-cols vc_row via_flex valign_top type_default stacking_default\"><div class=\"vc_col-sm-12 wpb_column vc_column_container\"><div class=\"vc_column-inner\"><div class=\"wpb_wrapper\"><div class=\"wpb_text_column\"><div class=\"wpb_wrapper\"><h2 id=\"mas-flamenco\">Onde ver mais flamenco durante o Jerez Fusi\u00f3n<\/h2>\n<p>O Jerez Fusi\u00f3n nasce do flamenco, mas n\u00e3o absorve toda a oferta flamenca da cidade.<\/p>\n<p>Se procura uma experi\u00eancia regular com reserva antecipada, consulte a nossa p\u00e1gina de <a href=\"https:\/\/www.tablaosflamencos.com\/pt-pt\/flamenco-em-jerez\">flamenco em Jerez<\/a>. Entre as op\u00e7\u00f5es encontra-se o <a href=\"https:\/\/www.tablaosflamencos.com\/pt-pt\/tablao\/tablao-flamenco-puro-arte\">Tablao Flamenco Puro Arte<\/a>, instalado numa bodega hist\u00f3rica, com espet\u00e1culos de cante, guitarra e dan\u00e7a pensados para sentir o palco de perto.<\/p>\n<p>\u00c9 especialmente \u00fatil se chegar um dia antes, ficar depois do festival ou tiver uma noite livre que n\u00e3o coincida com as atividades que mais lhe interessam.<\/p>\n<p>No s\u00e1bado, a Verbena Flamenca de la Asunci\u00f3n acrescenta um formato diferente: flamenco de bairro aberto \u00e0 cidade, com entrada livre at\u00e9 \u00e0 lota\u00e7\u00e3o m\u00e1xima.<\/p>\n<p>Recomendamos n\u00e3o encarar a viagem como uma competi\u00e7\u00e3o entre \u201cfestival\u201d e \u201cflamenco aut\u00eantico\u201d. S\u00e3o contextos diferentes. O Jerez Fusi\u00f3n explora cruzamentos, novas linguagens e rela\u00e7\u00f5es com o vinho; um tablao oferece continuidade profissional e proximidade; uma festa flamenca de bairro proporciona outra forma de conviver com o cante e a guitarra.<\/p>\n<\/div><\/div><\/div><\/div><\/div><\/div><\/div><\/section><section class=\"l-section wpb_row height_huge\"><div class=\"l-section-h i-cf\"><div class=\"g-cols vc_row via_flex valign_top type_default stacking_default\"><div class=\"vc_col-sm-12 wpb_column vc_column_container\"><div class=\"vc_column-inner\"><div class=\"wpb_wrapper\"><div class=\"wpb_text_column\"><div class=\"wpb_wrapper\"><h2 id=\"caballo\">O cavalo: a grande alternativa de 8 a 13 de setembro<\/h2>\n<p>Jerez \u00e9 tamb\u00e9m uma das grandes capitais equestres de Espanha. Nas mesmas datas do festival, a Real Escuela Andaluza del Arte Ecuestre recebe o <strong>VII Campeonato do Mundo de Equita\u00e7\u00e3o de Trabalho<\/strong>, de 8 a 13 de setembro.<\/p>\n<p>\u00c9 a primeira vez que Espanha acolhe este campeonato, que re\u00fane 74 conjuntos de cavalo e cavaleiro de 22 pa\u00edses. Para um visitante interessado em cavalos, \u00e9 uma coincid\u00eancia excecional.<\/p>\n<p>N\u00e3o \u00e9 preciso uma viagem de tem\u00e1tica equestre para considerar esta possibilidade. Como o Jerez Fusi\u00f3n ocupa boa parte das tardes e noites, uma competi\u00e7\u00e3o ou atividade diurna pode complementar o programa.<\/p>\n<p>Compre ou confirme o acesso antecipadamente e consulte o programa oficial da Real Escuela. Nem todos os dias t\u00eam as mesmas atividades ou hor\u00e1rios.<\/p>\n<\/div><\/div><\/div><\/div><\/div><\/div><\/div><\/section><section class=\"l-section wpb_row height_huge color_alternate with_shape\"><div class=\"l-section-shape type_zigzag pos_top hor_flip\" style=\"height:3vmin;\"><svg xmlns=\"http:\/\/www.w3.org\/2000\/svg\" viewBox=\"0 0 64 8\" preserveAspectRatio=\"none\" width=\"100%\" height=\"100%\">\r\n\t<path fill=\"currentColor\" d=\"M64 8 L0 8 L0 0 L20 7.9 L40 3 L48 5 L64 0 Z\"\/>\r\n<\/svg><\/div><div class=\"l-section-shape type_zigzag pos_bottom\" style=\"height:3vmin;\"><svg xmlns=\"http:\/\/www.w3.org\/2000\/svg\" viewBox=\"0 0 64 8\" preserveAspectRatio=\"none\" width=\"100%\" height=\"100%\">\r\n\t<path fill=\"currentColor\" d=\"M64 8 L0 8 L0 0 L20 7.9 L40 3 L48 5 L64 0 Z\"\/>\r\n<\/svg><\/div><div class=\"l-section-h i-cf\"><div class=\"g-cols vc_row via_flex valign_top type_default stacking_default\"><div class=\"vc_col-sm-12 wpb_column vc_column_container\"><div class=\"vc_column-inner\"><div class=\"wpb_wrapper\"><div class=\"wpb_text_column\"><div class=\"wpb_wrapper\"><h2 id=\"consejos\">Conselhos pr\u00e1ticos: alojamento, reservas e desloca\u00e7\u00f5es<\/h2>\n<p>Nestes quatro dias coincidem v\u00e1rios acontecimentos que podem aumentar a procura. O Jerez Fusi\u00f3n, o final das vindimas, o campeonato equestre e a Vuelta concentram visitantes e atividades.<\/p>\n<ul>\n<li><strong>Prefira uma localiza\u00e7\u00e3o pr\u00e1tica.<\/strong> Se ainda n\u00e3o reservou alojamento, ficar perto do centro pode reduzir as desloca\u00e7\u00f5es e ser especialmente \u00fatil na quinta-feira, dia 10.<\/li>\n<li><strong>Reserve antecipadamente.<\/strong> Restaurantes, bodegas, visitas guiadas e espet\u00e1culos com lota\u00e7\u00e3o limitada podem esgotar.<\/li>\n<li><strong>Deixe tempo entre atividades.<\/strong> Uma fila, uma refei\u00e7\u00e3o prolongada, uma mudan\u00e7a de local ou o ambiente da cidade podem alterar um itiner\u00e1rio demasiado apertado.<\/li>\n<li><strong>Verifique a mobilidade de quinta-feira, dia 10.<\/strong> A Vuelta alterar\u00e1 o tr\u00e2nsito durante v\u00e1rias horas. Consulte as restri\u00e7\u00f5es atualizadas antes de sair.<\/li>\n<li><strong>N\u00e3o dependa do carro para circular no centro.<\/strong> Sempre que o percurso permitir, andar a p\u00e9 ser\u00e1 a op\u00e7\u00e3o mais simples nas horas de maior atividade.<\/li>\n<\/ul>\n<\/div><\/div><\/div><\/div><\/div><\/div><\/div><\/section><section class=\"l-section wpb_row height_huge\"><div class=\"l-section-h i-cf\"><div class=\"g-cols vc_row via_flex valign_top type_default stacking_default\"><div class=\"vc_col-sm-12 wpb_column vc_column_container\"><div class=\"vc_column-inner\"><div class=\"wpb_wrapper\"><div class=\"wpb_text_column\"><div class=\"wpb_wrapper\"><h2 id=\"itinerarios\">Itiner\u00e1rios recomendados conforme o tempo dispon\u00edvel<\/h2>\n<h3>Se tiver apenas um dia<\/h3>\n<p>Escolha primeiro a atividade do Jerez Fusi\u00f3n que n\u00e3o quer perder. Acrescente um passeio pelo centro hist\u00f3rico e uma experi\u00eancia ligada ao vinho. Se os hor\u00e1rios permitirem, termine com flamenco ou uma atividade das vindimas.<\/p>\n<h3>Se dispuser de dois dias<\/h3>\n<p>Dedique um ao festival e ao centro hist\u00f3rico e o outro ao vinho e ao flamenco. Bodega de manh\u00e3, almo\u00e7o no centro, Jerez Fusi\u00f3n \u00e0 tarde e espet\u00e1culo flamenco \u00e0 noite formam um dia completo sem sair da cidade.<\/p>\n<h3>Se ficar os quatro dias<\/h3>\n<p>Varie os programas: festival, centro hist\u00f3rico, bodega, tabanco, flamenco regular, vindimas e cavalos. Jerez tem diversidade suficiente para dar um car\u00e1ter diferente a cada dia.<\/p>\n<p><strong>A nossa proposta para s\u00e1bado, dia 12:<\/strong> uma manh\u00e3 ligada ao vinho ou \u00e0s vinhas, tarde de Jerez Fusi\u00f3n e considerar a Verbena Flamenca de la Asunci\u00f3n apenas se os hor\u00e1rios do festival permitirem chegar sem pressa.<\/p>\n<p><strong>Para domingo, dia 13:<\/strong> uma jornada mais leve: centro hist\u00f3rico ou atividade equestre de manh\u00e3, almo\u00e7o tranquilo e despedida com o programa final do Jerez Fusi\u00f3n.<\/p>\n<\/div><\/div><\/div><\/div><\/div><\/div><\/div><\/section><section class=\"l-section wpb_row height_huge color_alternate with_shape\"><div class=\"l-section-shape type_zigzag pos_top hor_flip\" style=\"height:3vmin;\"><svg xmlns=\"http:\/\/www.w3.org\/2000\/svg\" viewBox=\"0 0 64 8\" preserveAspectRatio=\"none\" width=\"100%\" height=\"100%\">\r\n\t<path fill=\"currentColor\" d=\"M64 8 L0 8 L0 0 L20 7.9 L40 3 L48 5 L64 0 Z\"\/>\r\n<\/svg><\/div><div class=\"l-section-shape type_zigzag pos_bottom\" style=\"height:3vmin;\"><svg xmlns=\"http:\/\/www.w3.org\/2000\/svg\" viewBox=\"0 0 64 8\" preserveAspectRatio=\"none\" width=\"100%\" height=\"100%\">\r\n\t<path fill=\"currentColor\" d=\"M64 8 L0 8 L0 0 L20 7.9 L40 3 L48 5 L64 0 Z\"\/>\r\n<\/svg><\/div><div class=\"l-section-h i-cf\"><div class=\"g-cols vc_row via_flex valign_top type_default stacking_default\"><div class=\"vc_col-sm-12 wpb_column vc_column_container\"><div class=\"vc_column-inner\"><div class=\"wpb_wrapper\"><div class=\"wpb_text_column\"><div class=\"wpb_wrapper\"><h2>O Jerez Fusi\u00f3n como motivo para conhecer a cidade<\/h2>\n<p>Um bom festival n\u00e3o deve obrigar o visitante a passar quatro dias fechado em salas. O Jerez Fusi\u00f3n tem uma vantagem: acontece numa cidade onde os seus tr\u00eas grandes elementos \u2014 flamenco, vinho e cultura \u2014 existem tamb\u00e9m fora do programa.<\/p>\n<p>Sair do festival durante algumas horas n\u00e3o significa perd\u00ea-lo. Pode significar compreend\u00ea-lo melhor.<\/p>\n<p>Ouvir flamenco noutro contexto, visitar uma bodega, caminhar por Santiago ou San Miguel, provar vinho num tabanco ou descobrir a presen\u00e7a do cavalo na identidade local permite regressar ao Jerez Fusi\u00f3n com mais refer\u00eancias.<\/p>\n<p>Se vai viajar de 10 a 13 de setembro, construa um itiner\u00e1rio flex\u00edvel. Reserve o que realmente n\u00e3o quer perder e deixe espa\u00e7o para Jerez. Nestas datas, a pr\u00f3pria cidade oferece uma programa\u00e7\u00e3o paralela.<\/p>\n<\/div><\/div><\/div><\/div><\/div><\/div><\/div><\/section><section class=\"l-section wpb_row height_huge\"><div class=\"l-section-h i-cf\"><div class=\"g-cols vc_row via_flex valign_top type_default stacking_default\"><div class=\"vc_col-sm-1\/5 wpb_column vc_column_container\"><div class=\"vc_column-inner\"><div class=\"wpb_wrapper\"><\/div><\/div><\/div><div class=\"vc_col-sm-3\/5 wpb_column vc_column_container\"><div class=\"vc_column-inner\"><div class=\"wpb_wrapper\"><div class=\"wpb_text_column\"><div class=\"wpb_wrapper\"><h2 id=\"faq\">Perguntas frequentes sobre o que fazer em Jerez durante o Jerez Fusi\u00f3n 2026<\/h2>\n<\/div><\/div><div class=\"w-tabs accordion toggle_style_1 has_scrolling\" style=\"--sections-title-size:inherit;--sections-gap:0.5rem;\"><div class=\"w-tabs-sections titles-align_none icon_plus cpos_left\"><div class=\"w-tabs-section\" id=\"jerez-planes-faq-1\"><button type=\"button\" class=\"w-tabs-section-header\" aria-controls=\"content-jerez-planes-faq-1\" aria-expanded=\"false\"><h3 class=\"w-tabs-section-title\">Em que datas se realiza o Jerez Fusi\u00f3n 2026?<\/h3><div class=\"w-tabs-section-control\"><\/div><\/button><div  class=\"w-tabs-section-content\" id=\"content-jerez-planes-faq-1\"><div class=\"w-tabs-section-content-h i-cf\"><div class=\"wpb_text_column\"><div class=\"wpb_wrapper\"><p>O Jerez Fusi\u00f3n realiza-se de quinta-feira, 10, a domingo, 13 de setembro de 2026, em Jerez de la Frontera. O festival combina m\u00fasica e vinho, com atividades em v\u00e1rias salas e espa\u00e7os.<\/p>\n<\/div><\/div><\/div><\/div><\/div><div class=\"w-tabs-section\" id=\"jerez-planes-faq-2\"><button type=\"button\" class=\"w-tabs-section-header\" aria-controls=\"content-jerez-planes-faq-2\" aria-expanded=\"false\"><h3 class=\"w-tabs-section-title\">Que outros eventos coincidem com o Jerez Fusi\u00f3n?<\/h3><div class=\"w-tabs-section-control\"><\/div><\/button><div  class=\"w-tabs-section-content\" id=\"content-jerez-planes-faq-2\"><div class=\"w-tabs-section-content-h i-cf\"><div class=\"wpb_text_column\"><div class=\"wpb_wrapper\"><p>Os \u00faltimos quatro dias das festas das vindimas 2026, o VII Campeonato do Mundo de Equita\u00e7\u00e3o de Trabalho e, na quinta-feira, dia 10, a chegada a Jerez de uma etapa de contrarrel\u00f3gio da Vuelta Ciclista a Espa\u00f1a.<\/p>\n<\/div><\/div><\/div><\/div><\/div><div class=\"w-tabs-section\" id=\"jerez-planes-faq-3\"><button type=\"button\" class=\"w-tabs-section-header\" aria-controls=\"content-jerez-planes-faq-3\" aria-expanded=\"false\"><h3 class=\"w-tabs-section-title\">Haver\u00e1 problemas de tr\u00e2nsito durante o Jerez Fusi\u00f3n?<\/h3><div class=\"w-tabs-section-control\"><\/div><\/button><div  class=\"w-tabs-section-content\" id=\"content-jerez-planes-faq-3\"><div class=\"w-tabs-section-content-h i-cf\"><div class=\"wpb_text_column\"><div class=\"wpb_wrapper\"><p>O dia mais complicado ser\u00e1 quinta-feira, 10 de setembro, devido \u00e0 Vuelta. Est\u00e3o previstos cortes e restri\u00e7\u00f5es durante v\u00e1rias horas. Consulte a informa\u00e7\u00e3o municipal atualizada e ande a p\u00e9 no centro sempre que poss\u00edvel.<\/p>\n<\/div><\/div><\/div><\/div><\/div><div class=\"w-tabs-section\" id=\"jerez-planes-faq-4\"><button type=\"button\" class=\"w-tabs-section-header\" aria-controls=\"content-jerez-planes-faq-4\" aria-expanded=\"false\"><h3 class=\"w-tabs-section-title\">H\u00e1 flamenco fora do Jerez Fusi\u00f3n nesses dias?<\/h3><div class=\"w-tabs-section-control\"><\/div><\/button><div  class=\"w-tabs-section-content\" id=\"content-jerez-planes-faq-4\"><div class=\"w-tabs-section-content-h i-cf\"><div class=\"wpb_text_column\"><div class=\"wpb_wrapper\"><p>Sim. Al\u00e9m da oferta regular de Jerez, no s\u00e1bado, dia 12, realiza-se a Verbena Flamenca de la Asunci\u00f3n, com entrada livre at\u00e9 \u00e0 lota\u00e7\u00e3o m\u00e1xima. Tamb\u00e9m pode reservar espet\u00e1culos em espa\u00e7os com programa\u00e7\u00e3o regular.<\/p>\n<\/div><\/div><\/div><\/div><\/div><div class=\"w-tabs-section\" id=\"jerez-planes-faq-5\"><button type=\"button\" class=\"w-tabs-section-header\" aria-controls=\"content-jerez-planes-faq-5\" aria-expanded=\"false\"><h3 class=\"w-tabs-section-title\">Vale a pena visitar uma bodega durante o festival?<\/h3><div class=\"w-tabs-section-control\"><\/div><\/button><div  class=\"w-tabs-section-content\" id=\"content-jerez-planes-faq-5\"><div class=\"w-tabs-section-content-h i-cf\"><div class=\"wpb_text_column\"><div class=\"wpb_wrapper\"><p>Sim, sobretudo numa primeira visita a Jerez. Uma bodega ajuda a compreender o envelhecimento e a cultura do vinho que fazem parte do conceito do Jerez Fusi\u00f3n. Conv\u00e9m reservar antecipadamente.<\/p>\n<\/div><\/div><\/div><\/div><\/div><div class=\"w-tabs-section\" id=\"jerez-planes-faq-6\"><button type=\"button\" class=\"w-tabs-section-header\" aria-controls=\"content-jerez-planes-faq-6\" aria-expanded=\"false\"><h3 class=\"w-tabs-section-title\">O que posso fazer no s\u00e1bado, 12 de setembro?<\/h3><div class=\"w-tabs-section-control\"><\/div><\/button><div  class=\"w-tabs-section-content\" id=\"content-jerez-planes-faq-6\"><div class=\"w-tabs-section-content-h i-cf\"><div class=\"wpb_text_column\"><div class=\"wpb_wrapper\"><p>Al\u00e9m do Jerez Fusi\u00f3n, a agenda das vindimas inclui a II Ruta entre Vi\u00f1as, o concurso infantil de venencia e a final do desafio de prova cega. \u00c0 noite realiza-se a Verbena Flamenca de la Asunci\u00f3n.<\/p>\n<\/div><\/div><\/div><\/div><\/div><div class=\"w-tabs-section\" id=\"jerez-planes-faq-7\"><button type=\"button\" class=\"w-tabs-section-header\" aria-controls=\"content-jerez-planes-faq-7\" aria-expanded=\"false\"><h3 class=\"w-tabs-section-title\">O que posso fazer no domingo, dia 13?<\/h3><div class=\"w-tabs-section-control\"><\/div><\/button><div  class=\"w-tabs-section-content\" id=\"content-jerez-planes-faq-7\"><div class=\"w-tabs-section-content-h i-cf\"><div class=\"wpb_text_column\"><div class=\"wpb_wrapper\"><p>O domingo encerra o Jerez Fusi\u00f3n, as festas das vindimas e o Campeonato do Mundo de Equita\u00e7\u00e3o de Trabalho. Pode combinar o festival com o centro hist\u00f3rico, um almo\u00e7o tranquilo ou uma atividade equestre, conforme os hor\u00e1rios.<\/p>\n<\/div><\/div><\/div><\/div><\/div><div class=\"w-tabs-section\" id=\"jerez-planes-faq-8\"><button type=\"button\" class=\"w-tabs-section-header\" aria-controls=\"content-jerez-planes-faq-8\" aria-expanded=\"false\"><h3 class=\"w-tabs-section-title\">Onde posso consultar o programa completo do Jerez Fusi\u00f3n?<\/h3><div class=\"w-tabs-section-control\"><\/div><\/button><div  class=\"w-tabs-section-content\" id=\"content-jerez-planes-faq-8\"><div class=\"w-tabs-section-content-h i-cf\"><div class=\"wpb_text_column\"><div class=\"wpb_wrapper\"><p>No nosso <a href=\"https:\/\/www.tablaosflamencos.com\/pt-pt\/jerez-fusion-2026-datas-programa.html\">guia do Jerez Fusi\u00f3n 2026<\/a> reunimos as principais informa\u00e7\u00f5es do festival. Para altera\u00e7\u00f5es de \u00faltima hora, consulte tamb\u00e9m os canais oficiais do evento.<\/p>\n<\/div><\/div><\/div><\/div><\/div><\/div><\/div><\/div><\/div><\/div><div class=\"vc_col-sm-1\/5 wpb_column vc_column_container\"><div class=\"vc_column-inner\"><div class=\"wpb_wrapper\"><\/div><\/div><\/div><\/div><\/div><\/section>\n","protected":false},"excerpt":{"rendered":"<p>Guia do Jerez Fusi\u00f3n 2026: flamenco, vinho, vindimas, centro hist\u00f3rico, cavalos e conselhos de mobilidade de 10 a 13 de setembro.<\/p>\n","protected":false},"author":1,"featured_media":15150,"comment_status":"closed","ping_status":"closed","sticky":false,"template":"","format":"standard","meta":{"_acf_changed":false,"wpai_generated_summary":"","_ayudawp_aiss_exclude":false,"_ayudawp_aiss_exclude_summary":false,"_ayudawp_aiss_summary":"","_ayudawp_aiss_summary_provider":"","_ayudawp_aiss_summary_hash":"","footnotes":""},"categories":[1671,357],"tags":[1258,2027,1094,2028,2029],"class_list":["post-15123","post","type-post","status-publish","format-standard","has-post-thumbnail","hentry","category-festivais-flamenco","category-flamenco-por-cidades","tag-festivales-flamencos","tag-flamenco-em-jerez-pt-pt","tag-jerez-de-la-frontera","tag-jerez-fusion-pt-pt","tag-jerez-fusion-2026-pt-pt"],"acf":[],"yoast_head":"<!-- This site is optimized with the Yoast SEO Premium plugin v28.4 (Yoast SEO v28.4) - https:\/\/yoast.com\/product\/yoast-seo-premium-wordpress\/ -->\n<title>O que fazer em Jerez durante o Jerez Fusi\u00f3n 2026<\/title>\n<meta name=\"description\" content=\"Descubra o que fazer em Jerez durante o Jerez Fusi\u00f3n 2026: flamenco, bodegas, vindimas, centro hist\u00f3rico e dicas para 10 a 13 de setembro.\" \/>\n<meta name=\"robots\" content=\"index, follow, max-snippet:-1, max-image-preview:large, max-video-preview:-1\" \/>\n<link rel=\"canonical\" href=\"https:\/\/www.tablaosflamencos.com\/pt-pt\/o-que-fazer-jerez-durante-jerez-fusion-2026.html\" \/>\n<meta property=\"og:locale\" content=\"pt_PT\" \/>\n<meta property=\"og:type\" content=\"article\" \/>\n<meta property=\"og:title\" content=\"O que fazer em Jerez durante o Jerez Fusi\u00f3n 2026\" \/>\n<meta property=\"og:description\" content=\"Descubra o que fazer em Jerez durante o Jerez Fusi\u00f3n 2026: flamenco, bodegas, vindimas, centro hist\u00f3rico e dicas para 10 a 13 de setembro.\" \/>\n<meta property=\"og:url\" content=\"https:\/\/www.tablaosflamencos.com\/pt-pt\/o-que-fazer-jerez-durante-jerez-fusion-2026.html\" \/>\n<meta property=\"og:site_name\" content=\"Tablaos Flamencos\" \/>\n<meta property=\"article:publisher\" content=\"https:\/\/www.facebook.com\/tablaosflamencos\" \/>\n<meta property=\"article:published_time\" content=\"2026-09-06T14:35:28+00:00\" \/>\n<meta property=\"article:modified_time\" content=\"2026-09-06T17:42:14+00:00\" \/>\n<meta property=\"og:image\" content=\"https:\/\/www.tablaosflamencos.com\/wp-content\/uploads\/O-que-fazer-em-Jerez-durante-o-Jerez-Fusion-2026.webp\" \/>\n\t<meta property=\"og:image:width\" content=\"1536\" \/>\n\t<meta property=\"og:image:height\" content=\"1024\" \/>\n\t<meta property=\"og:image:type\" content=\"image\/webp\" \/>\n<meta name=\"author\" content=\"Miguel Ortiz\" \/>\n<meta name=\"twitter:card\" content=\"summary_large_image\" \/>\n<meta name=\"twitter:creator\" content=\"@tablaosflamenco\" \/>\n<meta name=\"twitter:site\" content=\"@tablaosflamenco\" \/>\n<meta name=\"twitter:label1\" content=\"Escrito por\" \/>\n\t<meta name=\"twitter:data1\" content=\"Miguel Ortiz\" \/>\n\t<meta name=\"twitter:label2\" content=\"Tempo estimado de leitura\" \/>\n\t<meta name=\"twitter:data2\" content=\"19 minutos\" \/>\n<script type=\"application\/ld+json\" class=\"yoast-schema-graph\">{\"@context\":\"https:\\\/\\\/schema.org\",\"@graph\":[{\"@type\":\"Article\",\"@id\":\"https:\\\/\\\/www.tablaosflamencos.com\\\/pt-pt\\\/o-que-fazer-jerez-durante-jerez-fusion-2026.html#article\",\"isPartOf\":{\"@id\":\"https:\\\/\\\/www.tablaosflamencos.com\\\/pt-pt\\\/o-que-fazer-jerez-durante-jerez-fusion-2026.html\"},\"author\":{\"name\":\"Miguel Ortiz\",\"@id\":\"https:\\\/\\\/www.tablaosflamencos.com\\\/pt-pt#\\\/schema\\\/person\\\/e7a9ebe14eb75a52ceabfbffb3c54f5d\"},\"headline\":\"O que fazer em Jerez durante o Jerez Fusi\u00f3n 2026\",\"datePublished\":\"2026-09-06T14:35:28+00:00\",\"dateModified\":\"2026-09-06T17:42:14+00:00\",\"mainEntityOfPage\":{\"@id\":\"https:\\\/\\\/www.tablaosflamencos.com\\\/pt-pt\\\/o-que-fazer-jerez-durante-jerez-fusion-2026.html\"},\"wordCount\":3782,\"publisher\":{\"@id\":\"https:\\\/\\\/www.tablaosflamencos.com\\\/pt-pt#organization\"},\"image\":{\"@id\":\"https:\\\/\\\/www.tablaosflamencos.com\\\/pt-pt\\\/o-que-fazer-jerez-durante-jerez-fusion-2026.html#primaryimage\"},\"thumbnailUrl\":\"https:\\\/\\\/www.tablaosflamencos.com\\\/wp-content\\\/uploads\\\/O-que-fazer-em-Jerez-durante-o-Jerez-Fusion-2026.webp\",\"keywords\":[\"festivales flamencos\",\"flamenco em Jerez\",\"Jerez de la Frontera\",\"Jerez Fusi\u00f3n\",\"Jerez Fusi\u00f3n 2026\"],\"articleSection\":[\"Festivais de flamenco\",\"Flamenco por cidades\"],\"inLanguage\":\"pt-PT\"},{\"@type\":\"WebPage\",\"@id\":\"https:\\\/\\\/www.tablaosflamencos.com\\\/pt-pt\\\/o-que-fazer-jerez-durante-jerez-fusion-2026.html\",\"url\":\"https:\\\/\\\/www.tablaosflamencos.com\\\/pt-pt\\\/o-que-fazer-jerez-durante-jerez-fusion-2026.html\",\"name\":\"O que fazer em Jerez durante o Jerez Fusi\u00f3n 2026\",\"isPartOf\":{\"@id\":\"https:\\\/\\\/www.tablaosflamencos.com\\\/pt-pt#website\"},\"primaryImageOfPage\":{\"@id\":\"https:\\\/\\\/www.tablaosflamencos.com\\\/pt-pt\\\/o-que-fazer-jerez-durante-jerez-fusion-2026.html#primaryimage\"},\"image\":{\"@id\":\"https:\\\/\\\/www.tablaosflamencos.com\\\/pt-pt\\\/o-que-fazer-jerez-durante-jerez-fusion-2026.html#primaryimage\"},\"thumbnailUrl\":\"https:\\\/\\\/www.tablaosflamencos.com\\\/wp-content\\\/uploads\\\/O-que-fazer-em-Jerez-durante-o-Jerez-Fusion-2026.webp\",\"datePublished\":\"2026-09-06T14:35:28+00:00\",\"dateModified\":\"2026-09-06T17:42:14+00:00\",\"description\":\"Descubra o que fazer em Jerez durante o Jerez Fusi\u00f3n 2026: flamenco, bodegas, vindimas, centro hist\u00f3rico e dicas para 10 a 13 de setembro.\",\"breadcrumb\":{\"@id\":\"https:\\\/\\\/www.tablaosflamencos.com\\\/pt-pt\\\/o-que-fazer-jerez-durante-jerez-fusion-2026.html#breadcrumb\"},\"inLanguage\":\"pt-PT\",\"potentialAction\":[{\"@type\":\"ReadAction\",\"target\":[\"https:\\\/\\\/www.tablaosflamencos.com\\\/pt-pt\\\/o-que-fazer-jerez-durante-jerez-fusion-2026.html\"]}]},{\"@type\":\"ImageObject\",\"inLanguage\":\"pt-PT\",\"@id\":\"https:\\\/\\\/www.tablaosflamencos.com\\\/pt-pt\\\/o-que-fazer-jerez-durante-jerez-fusion-2026.html#primaryimage\",\"url\":\"https:\\\/\\\/www.tablaosflamencos.com\\\/wp-content\\\/uploads\\\/O-que-fazer-em-Jerez-durante-o-Jerez-Fusion-2026.webp\",\"contentUrl\":\"https:\\\/\\\/www.tablaosflamencos.com\\\/wp-content\\\/uploads\\\/O-que-fazer-em-Jerez-durante-o-Jerez-Fusion-2026.webp\",\"width\":1536,\"height\":1024,\"caption\":\"O que fazer em Jerez durante o Jerez Fusi\u00f3n 2026\"},{\"@type\":\"BreadcrumbList\",\"@id\":\"https:\\\/\\\/www.tablaosflamencos.com\\\/pt-pt\\\/o-que-fazer-jerez-durante-jerez-fusion-2026.html#breadcrumb\",\"itemListElement\":[{\"@type\":\"ListItem\",\"position\":1,\"name\":\"Home\",\"item\":\"https:\\\/\\\/www.tablaosflamencos.com\\\/pt-pt\"},{\"@type\":\"ListItem\",\"position\":2,\"name\":\"O que fazer em Jerez durante o Jerez Fusi\u00f3n 2026\"}]},{\"@type\":\"WebSite\",\"@id\":\"https:\\\/\\\/www.tablaosflamencos.com\\\/pt-pt#website\",\"url\":\"https:\\\/\\\/www.tablaosflamencos.com\\\/pt-pt\",\"name\":\"Tablaos Flamencos\",\"description\":\"Entradas para tablaos flamencos de Espa\u00f1a\",\"publisher\":{\"@id\":\"https:\\\/\\\/www.tablaosflamencos.com\\\/pt-pt#organization\"},\"alternateName\":\"Tablaos Flamencos\",\"potentialAction\":[{\"@type\":\"SearchAction\",\"target\":{\"@type\":\"EntryPoint\",\"urlTemplate\":\"https:\\\/\\\/www.tablaosflamencos.com\\\/pt-pt?s={search_term_string}\"},\"query-input\":{\"@type\":\"PropertyValueSpecification\",\"valueRequired\":true,\"valueName\":\"search_term_string\"}}],\"inLanguage\":\"pt-PT\"},{\"@type\":[\"Organization\",\"Place\",\"EntertainmentBusiness\"],\"@id\":\"https:\\\/\\\/www.tablaosflamencos.com\\\/pt-pt#organization\",\"name\":\"Tablaos Flamencos\",\"alternateName\":\"Tablaos Flamencos\",\"url\":\"https:\\\/\\\/www.tablaosflamencos.com\\\/pt-pt\",\"logo\":{\"@id\":\"https:\\\/\\\/www.tablaosflamencos.com\\\/pt-pt\\\/o-que-fazer-jerez-durante-jerez-fusion-2026.html#local-main-organization-logo\"},\"image\":{\"@id\":\"https:\\\/\\\/www.tablaosflamencos.com\\\/pt-pt\\\/o-que-fazer-jerez-durante-jerez-fusion-2026.html#local-main-organization-logo\"},\"sameAs\":[\"https:\\\/\\\/www.facebook.com\\\/tablaosflamencos\",\"https:\\\/\\\/x.com\\\/tablaosflamenco\",\"https:\\\/\\\/mastodon.social\\\/@tablaosflamencos\",\"https:\\\/\\\/www.instagram.com\\\/tablaosflamencos\",\"https:\\\/\\\/tiktok.com\\\/@tablaosflamencos\",\"https:\\\/\\\/www.linkedin.com\\\/company\\\/109408238\\\/\"],\"description\":\"Venta de entradas para espect\u00e1culos flamencos\",\"legalName\":\"Tablaos Flamencos\",\"foundingDate\":\"2015-01-01\",\"numberOfEmployees\":{\"@type\":\"QuantitativeValue\",\"minValue\":\"1\",\"maxValue\":\"10\"},\"address\":{\"@id\":\"https:\\\/\\\/www.tablaosflamencos.com\\\/pt-pt\\\/o-que-fazer-jerez-durante-jerez-fusion-2026.html#local-main-place-address\"},\"geo\":{\"@type\":\"GeoCoordinates\",\"latitude\":\"37.3868072\",\"longitude\":\"-5.993280299999999\"},\"telephone\":[\"+34623787787\"],\"contactPoint\":{\"@type\":\"ContactPoint\",\"telephone\":\"+34623787787\",\"email\":\"info@tablaosflamencos.com\"},\"openingHoursSpecification\":{\"@type\":\"OpeningHoursSpecification\",\"dayOfWeek\":[\"Monday\",\"Tuesday\",\"Wednesday\",\"Thursday\",\"Friday\",\"Saturday\",\"Sunday\"],\"opens\":\"00:00\",\"closes\":\"23:59\"},\"email\":\"info@tablaosflamencos.com\",\"priceRange\":\"$$$\",\"currenciesAccepted\":\"\u20ac\"},{\"@type\":\"Person\",\"@id\":\"https:\\\/\\\/www.tablaosflamencos.com\\\/pt-pt#\\\/schema\\\/person\\\/e7a9ebe14eb75a52ceabfbffb3c54f5d\",\"name\":\"Miguel Ortiz\",\"description\":\"Miguel Ortiz es un empresario flamenco, con una s\u00f3lida trayectoria dentro del sector. Ha presidido entidades culturales vinculadas al flamenco y, cuenta con un amplio recorrido profesional en la gesti\u00f3n y promoci\u00f3n de espect\u00e1culos y tablaos flamencos. Su pasi\u00f3n por la historia y el arte flamenco se refleja en cada art\u00edculo, donde combina experiencia, criterio y un profundo respeto por la tradici\u00f3n.\",\"sameAs\":[\"https:\\\/\\\/www.tablaosflamencos.com\",\"https:\\\/\\\/www.instagra.com\\\/miguelortizfe\",\"https:\\\/\\\/www.linkedin.com\\\/in\\\/miguelortizf\\\/\"],\"birthDate\":\"1984-11-22\",\"gender\":\"hombre\",\"knowsLanguage\":[\"espa\u00f1ol\",\"ingl\u00e9s\"],\"jobTitle\":\"Empresario flamenco\"},{\"@type\":\"PostalAddress\",\"@id\":\"https:\\\/\\\/www.tablaosflamencos.com\\\/pt-pt\\\/o-que-fazer-jerez-durante-jerez-fusion-2026.html#local-main-place-address\",\"streetAddress\":\"C\\\/ Alemanes, 19\",\"addressLocality\":\"Sevilla\",\"postalCode\":\"41004\",\"addressRegion\":\"Sevilla\",\"addressCountry\":\"ES\"},{\"@type\":\"ImageObject\",\"inLanguage\":\"pt-PT\",\"@id\":\"https:\\\/\\\/www.tablaosflamencos.com\\\/pt-pt\\\/o-que-fazer-jerez-durante-jerez-fusion-2026.html#local-main-organization-logo\",\"url\":\"https:\\\/\\\/www.tablaosflamencos.com\\\/wp-content\\\/uploads\\\/tablaos-flamencos-06-3.webp\",\"contentUrl\":\"https:\\\/\\\/www.tablaosflamencos.com\\\/wp-content\\\/uploads\\\/tablaos-flamencos-06-3.webp\",\"width\":600,\"height\":620,\"caption\":\"Tablaos Flamencos\"}]}<\/script>\n<meta name=\"geo.placename\" content=\"Sevilla\" \/>\n<meta name=\"geo.position\" content=\"37.3868072;-5.993280299999999\" \/>\n<meta name=\"geo.region\" content=\"Espanha\" \/>\n<!-- \/ Yoast SEO Premium plugin. -->","yoast_head_json":{"title":"O que fazer em Jerez durante o Jerez Fusi\u00f3n 2026","description":"Descubra o que fazer em Jerez durante o Jerez Fusi\u00f3n 2026: flamenco, bodegas, vindimas, centro hist\u00f3rico e dicas para 10 a 13 de setembro.","robots":{"index":"index","follow":"follow","max-snippet":"max-snippet:-1","max-image-preview":"max-image-preview:large","max-video-preview":"max-video-preview:-1"},"canonical":"https:\/\/www.tablaosflamencos.com\/pt-pt\/o-que-fazer-jerez-durante-jerez-fusion-2026.html","og_locale":"pt_PT","og_type":"article","og_title":"O que fazer em Jerez durante o Jerez Fusi\u00f3n 2026","og_description":"Descubra o que fazer em Jerez durante o Jerez Fusi\u00f3n 2026: flamenco, bodegas, vindimas, centro hist\u00f3rico e dicas para 10 a 13 de setembro.","og_url":"https:\/\/www.tablaosflamencos.com\/pt-pt\/o-que-fazer-jerez-durante-jerez-fusion-2026.html","og_site_name":"Tablaos Flamencos","article_publisher":"https:\/\/www.facebook.com\/tablaosflamencos","article_published_time":"2026-09-06T14:35:28+00:00","article_modified_time":"2026-09-06T17:42:14+00:00","og_image":[{"width":1536,"height":1024,"url":"https:\/\/www.tablaosflamencos.com\/wp-content\/uploads\/O-que-fazer-em-Jerez-durante-o-Jerez-Fusion-2026.webp","type":"image\/webp"}],"author":"Miguel Ortiz","twitter_card":"summary_large_image","twitter_creator":"@tablaosflamenco","twitter_site":"@tablaosflamenco","twitter_misc":{"Escrito por":"Miguel Ortiz","Tempo estimado de leitura":"19 minutos"},"schema":{"@context":"https:\/\/schema.org","@graph":[{"@type":"Article","@id":"https:\/\/www.tablaosflamencos.com\/pt-pt\/o-que-fazer-jerez-durante-jerez-fusion-2026.html#article","isPartOf":{"@id":"https:\/\/www.tablaosflamencos.com\/pt-pt\/o-que-fazer-jerez-durante-jerez-fusion-2026.html"},"author":{"name":"Miguel Ortiz","@id":"https:\/\/www.tablaosflamencos.com\/pt-pt#\/schema\/person\/e7a9ebe14eb75a52ceabfbffb3c54f5d"},"headline":"O que fazer em Jerez durante o Jerez Fusi\u00f3n 2026","datePublished":"2026-09-06T14:35:28+00:00","dateModified":"2026-09-06T17:42:14+00:00","mainEntityOfPage":{"@id":"https:\/\/www.tablaosflamencos.com\/pt-pt\/o-que-fazer-jerez-durante-jerez-fusion-2026.html"},"wordCount":3782,"publisher":{"@id":"https:\/\/www.tablaosflamencos.com\/pt-pt#organization"},"image":{"@id":"https:\/\/www.tablaosflamencos.com\/pt-pt\/o-que-fazer-jerez-durante-jerez-fusion-2026.html#primaryimage"},"thumbnailUrl":"https:\/\/www.tablaosflamencos.com\/wp-content\/uploads\/O-que-fazer-em-Jerez-durante-o-Jerez-Fusion-2026.webp","keywords":["festivales flamencos","flamenco em Jerez","Jerez de la Frontera","Jerez Fusi\u00f3n","Jerez Fusi\u00f3n 2026"],"articleSection":["Festivais de flamenco","Flamenco por cidades"],"inLanguage":"pt-PT"},{"@type":"WebPage","@id":"https:\/\/www.tablaosflamencos.com\/pt-pt\/o-que-fazer-jerez-durante-jerez-fusion-2026.html","url":"https:\/\/www.tablaosflamencos.com\/pt-pt\/o-que-fazer-jerez-durante-jerez-fusion-2026.html","name":"O que fazer em Jerez durante o Jerez Fusi\u00f3n 2026","isPartOf":{"@id":"https:\/\/www.tablaosflamencos.com\/pt-pt#website"},"primaryImageOfPage":{"@id":"https:\/\/www.tablaosflamencos.com\/pt-pt\/o-que-fazer-jerez-durante-jerez-fusion-2026.html#primaryimage"},"image":{"@id":"https:\/\/www.tablaosflamencos.com\/pt-pt\/o-que-fazer-jerez-durante-jerez-fusion-2026.html#primaryimage"},"thumbnailUrl":"https:\/\/www.tablaosflamencos.com\/wp-content\/uploads\/O-que-fazer-em-Jerez-durante-o-Jerez-Fusion-2026.webp","datePublished":"2026-09-06T14:35:28+00:00","dateModified":"2026-09-06T17:42:14+00:00","description":"Descubra o que fazer em Jerez durante o Jerez Fusi\u00f3n 2026: flamenco, bodegas, vindimas, centro hist\u00f3rico e dicas para 10 a 13 de setembro.","breadcrumb":{"@id":"https:\/\/www.tablaosflamencos.com\/pt-pt\/o-que-fazer-jerez-durante-jerez-fusion-2026.html#breadcrumb"},"inLanguage":"pt-PT","potentialAction":[{"@type":"ReadAction","target":["https:\/\/www.tablaosflamencos.com\/pt-pt\/o-que-fazer-jerez-durante-jerez-fusion-2026.html"]}]},{"@type":"ImageObject","inLanguage":"pt-PT","@id":"https:\/\/www.tablaosflamencos.com\/pt-pt\/o-que-fazer-jerez-durante-jerez-fusion-2026.html#primaryimage","url":"https:\/\/www.tablaosflamencos.com\/wp-content\/uploads\/O-que-fazer-em-Jerez-durante-o-Jerez-Fusion-2026.webp","contentUrl":"https:\/\/www.tablaosflamencos.com\/wp-content\/uploads\/O-que-fazer-em-Jerez-durante-o-Jerez-Fusion-2026.webp","width":1536,"height":1024,"caption":"O que fazer em Jerez durante o Jerez Fusi\u00f3n 2026"},{"@type":"BreadcrumbList","@id":"https:\/\/www.tablaosflamencos.com\/pt-pt\/o-que-fazer-jerez-durante-jerez-fusion-2026.html#breadcrumb","itemListElement":[{"@type":"ListItem","position":1,"name":"Home","item":"https:\/\/www.tablaosflamencos.com\/pt-pt"},{"@type":"ListItem","position":2,"name":"O que fazer em Jerez durante o Jerez Fusi\u00f3n 2026"}]},{"@type":"WebSite","@id":"https:\/\/www.tablaosflamencos.com\/pt-pt#website","url":"https:\/\/www.tablaosflamencos.com\/pt-pt","name":"Tablaos Flamencos","description":"Entradas para tablaos flamencos de Espa\u00f1a","publisher":{"@id":"https:\/\/www.tablaosflamencos.com\/pt-pt#organization"},"alternateName":"Tablaos Flamencos","potentialAction":[{"@type":"SearchAction","target":{"@type":"EntryPoint","urlTemplate":"https:\/\/www.tablaosflamencos.com\/pt-pt?s={search_term_string}"},"query-input":{"@type":"PropertyValueSpecification","valueRequired":true,"valueName":"search_term_string"}}],"inLanguage":"pt-PT"},{"@type":["Organization","Place","EntertainmentBusiness"],"@id":"https:\/\/www.tablaosflamencos.com\/pt-pt#organization","name":"Tablaos Flamencos","alternateName":"Tablaos Flamencos","url":"https:\/\/www.tablaosflamencos.com\/pt-pt","logo":{"@id":"https:\/\/www.tablaosflamencos.com\/pt-pt\/o-que-fazer-jerez-durante-jerez-fusion-2026.html#local-main-organization-logo"},"image":{"@id":"https:\/\/www.tablaosflamencos.com\/pt-pt\/o-que-fazer-jerez-durante-jerez-fusion-2026.html#local-main-organization-logo"},"sameAs":["https:\/\/www.facebook.com\/tablaosflamencos","https:\/\/x.com\/tablaosflamenco","https:\/\/mastodon.social\/@tablaosflamencos","https:\/\/www.instagram.com\/tablaosflamencos","https:\/\/tiktok.com\/@tablaosflamencos","https:\/\/www.linkedin.com\/company\/109408238\/"],"description":"Venta de entradas para espect\u00e1culos flamencos","legalName":"Tablaos Flamencos","foundingDate":"2015-01-01","numberOfEmployees":{"@type":"QuantitativeValue","minValue":"1","maxValue":"10"},"address":{"@id":"https:\/\/www.tablaosflamencos.com\/pt-pt\/o-que-fazer-jerez-durante-jerez-fusion-2026.html#local-main-place-address"},"geo":{"@type":"GeoCoordinates","latitude":"37.3868072","longitude":"-5.993280299999999"},"telephone":["+34623787787"],"contactPoint":{"@type":"ContactPoint","telephone":"+34623787787","email":"info@tablaosflamencos.com"},"openingHoursSpecification":{"@type":"OpeningHoursSpecification","dayOfWeek":["Monday","Tuesday","Wednesday","Thursday","Friday","Saturday","Sunday"],"opens":"00:00","closes":"23:59"},"email":"info@tablaosflamencos.com","priceRange":"$$$","currenciesAccepted":"\u20ac"},{"@type":"Person","@id":"https:\/\/www.tablaosflamencos.com\/pt-pt#\/schema\/person\/e7a9ebe14eb75a52ceabfbffb3c54f5d","name":"Miguel Ortiz","description":"Miguel Ortiz es un empresario flamenco, con una s\u00f3lida trayectoria dentro del sector. Ha presidido entidades culturales vinculadas al flamenco y, cuenta con un amplio recorrido profesional en la gesti\u00f3n y promoci\u00f3n de espect\u00e1culos y tablaos flamencos. Su pasi\u00f3n por la historia y el arte flamenco se refleja en cada art\u00edculo, donde combina experiencia, criterio y un profundo respeto por la tradici\u00f3n.","sameAs":["https:\/\/www.tablaosflamencos.com","https:\/\/www.instagra.com\/miguelortizfe","https:\/\/www.linkedin.com\/in\/miguelortizf\/"],"birthDate":"1984-11-22","gender":"hombre","knowsLanguage":["espa\u00f1ol","ingl\u00e9s"],"jobTitle":"Empresario flamenco"},{"@type":"PostalAddress","@id":"https:\/\/www.tablaosflamencos.com\/pt-pt\/o-que-fazer-jerez-durante-jerez-fusion-2026.html#local-main-place-address","streetAddress":"C\/ Alemanes, 19","addressLocality":"Sevilla","postalCode":"41004","addressRegion":"Sevilla","addressCountry":"ES"},{"@type":"ImageObject","inLanguage":"pt-PT","@id":"https:\/\/www.tablaosflamencos.com\/pt-pt\/o-que-fazer-jerez-durante-jerez-fusion-2026.html#local-main-organization-logo","url":"https:\/\/www.tablaosflamencos.com\/wp-content\/uploads\/tablaos-flamencos-06-3.webp","contentUrl":"https:\/\/www.tablaosflamencos.com\/wp-content\/uploads\/tablaos-flamencos-06-3.webp","width":600,"height":620,"caption":"Tablaos Flamencos"}]},"geo.placename":"Sevilla","geo.position":{"lat":"37.3868072","long":"-5.993280299999999"},"geo.region":"Espanha"},"_links":{"self":[{"href":"https:\/\/www.tablaosflamencos.com\/pt-pt\/wp-json\/wp\/v2\/posts\/15123","targetHints":{"allow":["GET"]}}],"collection":[{"href":"https:\/\/www.tablaosflamencos.com\/pt-pt\/wp-json\/wp\/v2\/posts"}],"about":[{"href":"https:\/\/www.tablaosflamencos.com\/pt-pt\/wp-json\/wp\/v2\/types\/post"}],"author":[{"embeddable":true,"href":"https:\/\/www.tablaosflamencos.com\/pt-pt\/wp-json\/wp\/v2\/users\/1"}],"replies":[{"embeddable":true,"href":"https:\/\/www.tablaosflamencos.com\/pt-pt\/wp-json\/wp\/v2\/comments?post=15123"}],"version-history":[{"count":2,"href":"https:\/\/www.tablaosflamencos.com\/pt-pt\/wp-json\/wp\/v2\/posts\/15123\/revisions"}],"predecessor-version":[{"id":15142,"href":"https:\/\/www.tablaosflamencos.com\/pt-pt\/wp-json\/wp\/v2\/posts\/15123\/revisions\/15142"}],"wp:featuredmedia":[{"embeddable":true,"href":"https:\/\/www.tablaosflamencos.com\/pt-pt\/wp-json\/wp\/v2\/media\/15150"}],"wp:attachment":[{"href":"https:\/\/www.tablaosflamencos.com\/pt-pt\/wp-json\/wp\/v2\/media?parent=15123"}],"wp:term":[{"taxonomy":"category","embeddable":true,"href":"https:\/\/www.tablaosflamencos.com\/pt-pt\/wp-json\/wp\/v2\/categories?post=15123"},{"taxonomy":"post_tag","embeddable":true,"href":"https:\/\/www.tablaosflamencos.com\/pt-pt\/wp-json\/wp\/v2\/tags?post=15123"}],"curies":[{"name":"wp","href":"https:\/\/api.w.org\/{rel}","templated":true}]}}