{"id":15110,"date":"2026-09-06T16:39:25","date_gmt":"2026-09-06T14:39:25","guid":{"rendered":"https:\/\/www.tablaosflamencos.com\/?p=15110"},"modified":"2026-09-06T19:32:02","modified_gmt":"2026-09-06T17:32:02","slug":"festival-guitarra-pepe-romero-malaga-2026","status":"publish","type":"post","link":"https:\/\/www.tablaosflamencos.com\/pt-pt\/festival-guitarra-pepe-romero-malaga-2026.html","title":{"rendered":"Festival Internacional de Guitarra Pepe Romero 2026 em M\u00e1laga: programa, artistas, concertos de flamenco, locais e bilhetes"},"content":{"rendered":"<section class=\"l-section wpb_row height_huge\"><div class=\"l-section-h i-cf\"><div class=\"g-cols vc_row via_flex valign_top type_default stacking_default\"><div class=\"vc_col-sm-6 wpb_column vc_column_container\"><div class=\"vc_column-inner\"><div class=\"wpb_wrapper\"><div class=\"wpb_text_column\"><div class=\"wpb_wrapper\"><h2>Um m\u00eas de guitarra em M\u00e1laga com o flamenco como um dos seus grandes eixos<\/h2>\n<p>O <strong>V Festival Internacional de Guitarra de M\u00e1laga Pepe Romero 2026<\/strong> realiza-se de 4 a 30 de setembro com quinze concertos distribu\u00eddos por quatro espa\u00e7os da cidade. A edi\u00e7\u00e3o re\u00fane guitarra cl\u00e1ssica, m\u00fasica espanhola, m\u00fasica antiga e flamenco, com uma presen\u00e7a especialmente destacada da guitarra flamenca atrav\u00e9s do ciclo <strong>Trasnoches Flamencos<\/strong>.<\/p>\n<p>O festival come\u00e7ou a 4 de setembro com Alejandro Hurtado e Inmaculada Salom\u00f3n e continua durante todo o m\u00eas com nomes como El Amir, Pituquete e Encarna Anillo, Daniel Casares, Jos\u00e9 Ferm\u00edn Fern\u00e1ndez, Joni Jim\u00e9nez e Jes\u00fas M\u00e9ndez, Ricardo Fern\u00e1ndez del Moral, Mabel Mill\u00e1n, Daniel Zapico ou Pepe Romero. O encerramento chega a 30 de setembro no Teatro Cervantes.<\/p>\n<\/div><\/div><\/div><\/div><\/div><div class=\"vc_col-sm-6 wpb_column vc_column_container\"><div class=\"vc_column-inner\"><div class=\"wpb_wrapper\"><div class=\"wpb_text_column\"><div class=\"wpb_wrapper\"><h2>Dados essenciais do festival<\/h2>\n<ul>\n<li><strong>Datas:<\/strong> de 4 a 30 de setembro de 2026.<\/li>\n<li><strong>Edi\u00e7\u00e3o:<\/strong> quinta.<\/li>\n<li><strong>N\u00famero de concertos:<\/strong> 15.<\/li>\n<li><strong>Cidade:<\/strong> M\u00e1laga.<\/li>\n<li><strong>Organiza\u00e7\u00e3o:<\/strong> European Guitar Foundation.<\/li>\n<li><strong>Diretor:<\/strong> Vicente Coves Merino.<\/li>\n<li><strong>Pre\u00e7os:<\/strong> entre 10 e 20 \u20ac consoante o concerto.<\/li>\n<li><strong>Bilhetes:<\/strong> MiEntrada para a maior parte do programa; o encerramento no Teatro Cervantes \u00e9 comercializado atrav\u00e9s da UniEntradas.<\/li>\n<li><strong>Locais:<\/strong> Alcazaba de M\u00e1laga, Sala Fundaci\u00f3n Unicaja Mar\u00eda Cristina, Centro Cultural Fundaci\u00f3n Unicaja de M\u00e1laga e Teatro Cervantes.<\/li>\n<\/ul>\n<\/div><\/div><\/div><\/div><\/div><\/div><\/div><\/section><section class=\"l-section wpb_row height_huge color_alternate with_shape\"><div class=\"l-section-shape type_zigzag pos_top\" style=\"height:3vmin;\"><svg xmlns=\"http:\/\/www.w3.org\/2000\/svg\" viewBox=\"0 0 64 8\" preserveAspectRatio=\"none\" width=\"100%\" height=\"100%\">\r\n\t<path fill=\"currentColor\" d=\"M64 8 L0 8 L0 0 L20 7.9 L40 3 L48 5 L64 0 Z\"\/>\r\n<\/svg><\/div><div class=\"l-section-shape type_zigzag pos_bottom\" style=\"height:3vmin;\"><svg xmlns=\"http:\/\/www.w3.org\/2000\/svg\" viewBox=\"0 0 64 8\" preserveAspectRatio=\"none\" width=\"100%\" height=\"100%\">\r\n\t<path fill=\"currentColor\" d=\"M64 8 L0 8 L0 0 L20 7.9 L40 3 L48 5 L64 0 Z\"\/>\r\n<\/svg><\/div><div class=\"l-section-h i-cf\"><div class=\"g-cols vc_row via_flex valign_top type_default stacking_default\"><div class=\"vc_col-sm-12 wpb_column vc_column_container\"><div class=\"vc_column-inner\"><div class=\"wpb_wrapper\"><div class=\"wpb_text_column\"><div class=\"wpb_wrapper\"><blockquote>\n<p><strong>Resposta r\u00e1pida:<\/strong> o Festival Internacional de Guitarra Pepe Romero 2026 realiza-se em M\u00e1laga de 4 a 30 de setembro com 15 concertos. O flamenco tem um ciclo pr\u00f3prio, Trasnoches Flamencos, com Alejandro Hurtado e Inmaculada Salom\u00f3n, El Amir, Pituquete e Encarna Anillo, Daniel Casares, Jos\u00e9 Ferm\u00edn Fern\u00e1ndez, Joni Jim\u00e9nez com Jes\u00fas M\u00e9ndez e Ricardo Fern\u00e1ndez del Moral. Os bilhetes custam entre 10 e 20 \u20ac. A maioria \u00e9 vendida na MiEntrada e o encerramento de Pepe Romero com a Orquesta Filarm\u00f3nica de M\u00e1laga, no Teatro Cervantes, \u00e9 vendido atrav\u00e9s da UniEntradas.<\/p>\n<\/blockquote>\n<\/div><\/div><\/div><\/div><\/div><\/div><\/div><\/section><section class=\"l-section wpb_row height_huge\"><div class=\"l-section-h i-cf\"><div class=\"g-cols vc_row via_flex valign_top type_default stacking_default\"><div class=\"vc_col-sm-3 wpb_column vc_column_container\"><div class=\"vc_column-inner\"><div class=\"wpb_wrapper\"><\/div><\/div><\/div><div class=\"vc_col-sm-6 wpb_column vc_column_container\"><div class=\"vc_column-inner\"><div class=\"wpb_wrapper\"><div class=\"wpb_text_column\"><div class=\"wpb_wrapper\"><h2>Conte\u00fado deste guia<\/h2>\n<ul>\n<li><a href=\"#programa\">Programa completo<\/a><\/li>\n<li><a href=\"#flamenco\">Concertos de flamenco<\/a><\/li>\n<li><a href=\"#recomendaciones\">Que concerto de flamenco escolher<\/a><\/li>\n<li><a href=\"#otros-conciertos\">Guitarra cl\u00e1ssica e outros concertos<\/a><\/li>\n<li><a href=\"#sedes\">Locais e espa\u00e7os<\/a><\/li>\n<li><a href=\"#entradas\">Bilhetes e pre\u00e7os<\/a><\/li>\n<li><a href=\"#homenajes\">Homenagens da edi\u00e7\u00e3o de 2026<\/a><\/li>\n<li><a href=\"#faq\">Perguntas frequentes<\/a><\/li>\n<\/ul>\n<\/div><\/div><\/div><\/div><\/div><div class=\"vc_col-sm-3 wpb_column vc_column_container\"><div class=\"vc_column-inner\"><div class=\"wpb_wrapper\"><\/div><\/div><\/div><\/div><\/div><\/section><section class=\"l-section wpb_row height_huge color_alternate with_shape\"><div class=\"l-section-shape type_zigzag pos_top\" style=\"height:3vmin;\"><svg xmlns=\"http:\/\/www.w3.org\/2000\/svg\" viewBox=\"0 0 64 8\" preserveAspectRatio=\"none\" width=\"100%\" height=\"100%\">\r\n\t<path fill=\"currentColor\" d=\"M64 8 L0 8 L0 0 L20 7.9 L40 3 L48 5 L64 0 Z\"\/>\r\n<\/svg><\/div><div class=\"l-section-shape type_zigzag pos_bottom\" style=\"height:3vmin;\"><svg xmlns=\"http:\/\/www.w3.org\/2000\/svg\" viewBox=\"0 0 64 8\" preserveAspectRatio=\"none\" width=\"100%\" height=\"100%\">\r\n\t<path fill=\"currentColor\" d=\"M64 8 L0 8 L0 0 L20 7.9 L40 3 L48 5 L64 0 Z\"\/>\r\n<\/svg><\/div><div class=\"l-section-h i-cf\"><div class=\"g-cols vc_row via_flex valign_top type_default stacking_default\"><div class=\"vc_col-sm-12 wpb_column vc_column_container\"><div class=\"vc_column-inner\"><div class=\"wpb_wrapper\"><div class=\"wpb_text_column\"><div class=\"wpb_wrapper\"><h2 id=\"programa\" style=\"text-align: center;\">Programa completo do Festival Internacional de Guitarra Pepe Romero 2026<\/h2>\n<div style=\"overflow-x: auto;\">\n<table>\n<thead>\n<tr>\n<th>Data<\/th>\n<th>Hora<\/th>\n<th>Artista \/ programa<\/th>\n<th>Local<\/th>\n<th>Pre\u00e7o<\/th>\n<\/tr>\n<\/thead>\n<tbody>\n<tr>\n<td>4 de setembro<\/td>\n<td>19:30<\/td>\n<td>Alejandro Hurtado + Inmaculada Salom\u00f3n<\/td>\n<td>Sala Fundaci\u00f3n Unicaja Mar\u00eda Cristina<\/td>\n<td>12 \u20ac<\/td>\n<\/tr>\n<tr>\n<td>5 de setembro<\/td>\n<td>21:30<\/td>\n<td>Jacob Kellerman com a guitarra Antonio de Torres de T\u00e1rrega de 1888<\/td>\n<td>Patio de Surtidores da Alcazaba<\/td>\n<td>18 \u20ac<\/td>\n<\/tr>\n<tr>\n<td>6 de setembro<\/td>\n<td>12:00<\/td>\n<td>Quinteto 1909<\/td>\n<td>Centro Cultural Fundaci\u00f3n Unicaja de M\u00e1laga<\/td>\n<td>15 \u20ac<\/td>\n<\/tr>\n<tr>\n<td>11 de setembro<\/td>\n<td>19:30<\/td>\n<td>El Amir \u2013 Alma Flamenca<\/td>\n<td>Sala Fundaci\u00f3n Unicaja Mar\u00eda Cristina<\/td>\n<td>10 \u20ac<\/td>\n<\/tr>\n<tr>\n<td>12 de setembro<\/td>\n<td>21:30<\/td>\n<td>Ausi\u00e0s Parejo \u2013 150 anos de Manuel de Falla<\/td>\n<td>Patio de Surtidores da Alcazaba<\/td>\n<td>15 \u20ac<\/td>\n<\/tr>\n<tr>\n<td>13 de setembro<\/td>\n<td>12:00<\/td>\n<td>Filip Miskovic<\/td>\n<td>Centro Cultural Fundaci\u00f3n Unicaja de M\u00e1laga<\/td>\n<td>10 \u20ac<\/td>\n<\/tr>\n<tr>\n<td>17 de setembro<\/td>\n<td>21:30<\/td>\n<td>Pituquete + Encarna Anillo<\/td>\n<td>Patio de Surtidores da Alcazaba<\/td>\n<td>15 \u20ac<\/td>\n<\/tr>\n<tr>\n<td>18 de setembro<\/td>\n<td>21:30<\/td>\n<td>Mabel Mill\u00e1n<\/td>\n<td>Patio de Surtidores da Alcazaba<\/td>\n<td>18 \u20ac<\/td>\n<\/tr>\n<tr>\n<td>19 de setembro<\/td>\n<td>19:30<\/td>\n<td>Daniel Casares<\/td>\n<td>Sala Fundaci\u00f3n Unicaja Mar\u00eda Cristina<\/td>\n<td>12 \u20ac<\/td>\n<\/tr>\n<tr>\n<td>20 de setembro<\/td>\n<td>12:00<\/td>\n<td>Daniel Zapico<\/td>\n<td>Centro Cultural Fundaci\u00f3n Unicaja de M\u00e1laga<\/td>\n<td>15 \u20ac<\/td>\n<\/tr>\n<tr>\n<td>24 de setembro<\/td>\n<td>21:30<\/td>\n<td>Jos\u00e9 Ferm\u00edn Fern\u00e1ndez<\/td>\n<td>Patio de Surtidores da Alcazaba<\/td>\n<td>15 \u20ac<\/td>\n<\/tr>\n<tr>\n<td>25 de setembro<\/td>\n<td>19:30<\/td>\n<td>Joni Jim\u00e9nez + Jes\u00fas M\u00e9ndez<\/td>\n<td>Sala Fundaci\u00f3n Unicaja Mar\u00eda Cristina<\/td>\n<td>10 \u20ac<\/td>\n<\/tr>\n<tr>\n<td>26 de setembro<\/td>\n<td>21:30<\/td>\n<td>Ricardo Fern\u00e1ndez del Moral<\/td>\n<td>Patio de Surtidores da Alcazaba<\/td>\n<td>18 \u20ac<\/td>\n<\/tr>\n<tr>\n<td>27 de setembro<\/td>\n<td>12:00<\/td>\n<td>Jos\u00e9 Luis Ruiz del Puerto<\/td>\n<td>Centro Cultural Fundaci\u00f3n Unicaja de M\u00e1laga<\/td>\n<td>10 \u20ac<\/td>\n<\/tr>\n<tr>\n<td>30 de setembro<\/td>\n<td>20:00<\/td>\n<td>Pepe Romero + Orquesta Filarm\u00f3nica de M\u00e1laga + Jos\u00e9 Mar\u00eda Moreno<\/td>\n<td>Teatro Cervantes<\/td>\n<td>20 \u20ac<\/td>\n<\/tr>\n<\/tbody>\n<\/table>\n<\/div>\n<p>A abertura do dia 4 j\u00e1 se realizou. A 5 de setembro, a bilheteira assinala como <strong>esgotados<\/strong> os bilhetes para Jacob Kellerman, previsto para esta noite, e para Ausi\u00e0s Parejo no dia 12. A disponibilidade dos restantes pode mudar, pelo que conv\u00e9m confirm\u00e1-la antes da desloca\u00e7\u00e3o.<\/p>\n<\/div><\/div><\/div><\/div><\/div><\/div><\/div><\/section><section class=\"l-section wpb_row height_huge\"><div class=\"l-section-h i-cf\"><div class=\"g-cols vc_row via_flex valign_top type_default stacking_default\"><div class=\"vc_col-sm-6 wpb_column vc_column_container\"><div class=\"vc_column-inner\"><div class=\"wpb_wrapper\"><div class=\"wpb_text_column\"><div class=\"wpb_wrapper\"><h2 id=\"flamenco\">Trasnoches Flamencos: sete encontros com a guitarra flamenca em destaque<\/h2>\n<p>A parte mais diretamente ligada ao flamenco concentra-se em <strong>Trasnoches Flamencos<\/strong>, um ciclo que percorre diferentes formas de entender a guitarra: acompanhamento da dan\u00e7a, concerto a solo, di\u00e1logo com o canto e propostas abertas a outras m\u00fasicas.<\/p>\n<h3>4 de setembro: Alejandro Hurtado + Inmaculada Salom\u00f3n<\/h3>\n<p>O festival abriu com <strong>Alejandro Hurtado<\/strong>, guitarrista distinguido com o Bord\u00f3n Minero, juntamente com <strong>Inmaculada Salom\u00f3n<\/strong>, primeira bailarina do Ballet Nacional de Espa\u00f1a. Foi o \u00fanico encontro do ciclo claramente concebido em torno da combina\u00e7\u00e3o entre guitarra e dan\u00e7a. O concerto j\u00e1 se realizou e os bilhetes esgotaram.<\/p>\n<h3>11 de setembro: El Amir \u2013 Alma Flamenca<\/h3>\n<p><em>El Amir<\/em>, guitarrista, compositor e multi-instrumentista, apresenta uma proposta flamenca marcada pela sua amplitude musical e experi\u00eancia internacional. \u00c9 tamb\u00e9m conhecido por integrar as digress\u00f5es de Hans Zimmer. O recital realiza-se \u00e0s 19:30 na Sala Fundaci\u00f3n Unicaja Mar\u00eda Cristina e custa 10 \u20ac.<\/p>\n<\/div><\/div><\/div><\/div><\/div><div class=\"vc_col-sm-6 wpb_column vc_column_container\"><div class=\"vc_column-inner\"><div class=\"wpb_wrapper\"><div class=\"wpb_text_column\"><div class=\"wpb_wrapper\"><h3>17 de setembro: Pituquete + Encarna Anillo<\/h3>\n<p>O guitarrista <strong>Pituquete<\/strong> chega ao Patio de Surtidores da Alcazaba acompanhado pela cantaora <strong>Encarna Anillo<\/strong> como artista convidada. A organiza\u00e7\u00e3o apresenta o encontro atrav\u00e9s da liga\u00e7\u00e3o entre flamenco, ra\u00edzes latino-americanas e uma voz musical pr\u00f3pria. Pre\u00e7o: 15 \u20ac.<\/p>\n<h3>19 de setembro: Daniel Casares<\/h3>\n<p>Um dos nomes de maior proje\u00e7\u00e3o internacional da guitarra flamenca de M\u00e1laga. <strong>Daniel Casares<\/strong> atua \u00e0s 19:30 na Sala Fundaci\u00f3n Unicaja Mar\u00eda Cristina. Para quem procura um recital centrado na guitarra flamenca de concerto e num artista estreitamente ligado a M\u00e1laga, \u00e9 uma das datas mais atrativas do programa. Pre\u00e7o: 12 \u20ac.<\/p>\n<h3>24 de setembro: Jos\u00e9 Ferm\u00edn Fern\u00e1ndez<\/h3>\n<p>O granadino <strong>Jos\u00e9 Ferm\u00edn Fern\u00e1ndez<\/strong> representa uma gera\u00e7\u00e3o de guitarristas que combina uma t\u00e9cnica muito desenvolvida com composi\u00e7\u00e3o pr\u00f3pria e linguagem contempor\u00e2nea. Atua \u00e0s 21:30 na Alcazaba. Pre\u00e7o: 15 \u20ac.<\/p>\n<\/div><\/div><\/div><\/div><\/div><\/div><\/div><\/section><section class=\"l-section wpb_row height_huge color_alternate with_shape\"><div class=\"l-section-shape type_zigzag pos_top\" style=\"height:3vmin;\"><svg xmlns=\"http:\/\/www.w3.org\/2000\/svg\" viewBox=\"0 0 64 8\" preserveAspectRatio=\"none\" width=\"100%\" height=\"100%\">\r\n\t<path fill=\"currentColor\" d=\"M64 8 L0 8 L0 0 L20 7.9 L40 3 L48 5 L64 0 Z\"\/>\r\n<\/svg><\/div><div class=\"l-section-shape type_zigzag pos_bottom\" style=\"height:3vmin;\"><svg xmlns=\"http:\/\/www.w3.org\/2000\/svg\" viewBox=\"0 0 64 8\" preserveAspectRatio=\"none\" width=\"100%\" height=\"100%\">\r\n\t<path fill=\"currentColor\" d=\"M64 8 L0 8 L0 0 L20 7.9 L40 3 L48 5 L64 0 Z\"\/>\r\n<\/svg><\/div><div class=\"l-section-h i-cf\"><div class=\"g-cols vc_row via_flex valign_top type_default stacking_default\"><div class=\"vc_col-sm-6 wpb_column vc_column_container\"><div class=\"vc_column-inner\"><div class=\"wpb_wrapper\"><div class=\"wpb_text_column\"><div class=\"wpb_wrapper\"><h3>25 de setembro: Joni Jim\u00e9nez + Jes\u00fas M\u00e9ndez<\/h3>\n<p>O encontro do dia 25 combina dois elementos essenciais do flamenco tradicional: guitarra e canto. <strong>Joni Jim\u00e9nez<\/strong>, vencedor do Bord\u00f3n Minero, ser\u00e1 acompanhado por <strong>Jes\u00fas M\u00e9ndez<\/strong>, um dos cantaores de refer\u00eancia da sua gera\u00e7\u00e3o. O concerto realiza-se \u00e0s 19:30 na Sala Fundaci\u00f3n Unicaja Mar\u00eda Cristina e, com um pre\u00e7o de 10 \u20ac, \u00e9 um dos bilhetes mais econ\u00f3micos do ciclo.<\/p>\n<h3>26 de setembro: Ricardo Fern\u00e1ndez del Moral<\/h3>\n<p>O encerramento de Trasnoches Flamencos fica a cargo de <strong>Ricardo Fern\u00e1ndez del Moral<\/strong>, uma figura singular porque re\u00fane canto e guitarra no mesmo int\u00e9rprete. A organiza\u00e7\u00e3o apresenta-o como o \u00fanico vencedor da L\u00e1mpara Minera e dos cinco pr\u00e9mios de canto de La Uni\u00f3n. O recital ser\u00e1 \u00e0s 21:30 no Patio de Surtidores da Alcazaba. Pre\u00e7o: 18 \u20ac.<\/p>\n<\/div><\/div><\/div><\/div><\/div><div class=\"vc_col-sm-6 wpb_column vc_column_container\"><div class=\"vc_column-inner\"><div class=\"wpb_wrapper\"><div class=\"wpb_text_column\"><div class=\"wpb_wrapper\"><h2 id=\"recomendaciones\">Que concerto de flamenco escolher<\/h2>\n<p>Nem todos os concertos de Trasnoches Flamencos oferecem a mesma experi\u00eancia. Se s\u00f3 puder assistir a um, estas s\u00e3o as nossas recomenda\u00e7\u00f5es:<\/p>\n<ul>\n<li><strong>Para ouvir guitarra flamenca de concerto:<\/strong> Daniel Casares, a 19 de setembro.<\/li>\n<li><strong>Para um recital de canto e guitarra:<\/strong> Joni Jim\u00e9nez com Jes\u00fas M\u00e9ndez, no dia 25.<\/li>\n<li><strong>Para uma experi\u00eancia muito singular:<\/strong> Ricardo Fern\u00e1ndez del Moral, cantando e acompanhando-se a si pr\u00f3prio \u00e0 guitarra, no dia 26.<\/li>\n<li><strong>Para descobrir guitarra flamenca contempor\u00e2nea:<\/strong> Jos\u00e9 Ferm\u00edn Fern\u00e1ndez, no dia 24.<\/li>\n<li><strong>Para uma proposta aberta e mesti\u00e7a:<\/strong> El Amir, no dia 11.<\/li>\n<li><strong>Para ouvir guitarra com canto convidado:<\/strong> Pituquete e Encarna Anillo, no dia 17.<\/li>\n<\/ul>\n<p>Quem procura especificamente dan\u00e7a deve ter em conta que o encontro de Alejandro Hurtado e Inmaculada Salom\u00f3n j\u00e1 teve lugar a 4 de setembro.<\/p>\n<\/div><\/div><\/div><\/div><\/div><\/div><\/div><\/section><section class=\"l-section wpb_row height_huge\"><div class=\"l-section-h i-cf\"><div class=\"g-cols vc_row via_flex valign_top type_default stacking_default\"><div class=\"vc_col-sm-6 wpb_column vc_column_container\"><div class=\"vc_column-inner\"><div class=\"wpb_wrapper\"><div class=\"wpb_text_column\"><div class=\"wpb_wrapper\"><h2 id=\"otros-conciertos\">Para al\u00e9m do flamenco: guitarra cl\u00e1ssica, m\u00fasica espanhola e repert\u00f3rios hist\u00f3ricos<\/h2>\n<p>O festival n\u00e3o \u00e9 exclusivamente flamenco. A sua identidade constr\u00f3i-se em torno da guitarra espanhola num sentido amplo.<\/p>\n<p>A 5 de setembro, <strong>Jacob Kellerman<\/strong> interpreta uma guitarra Antonio de Torres de 1888 ligada a Francisco T\u00e1rrega. A singularidade n\u00e3o est\u00e1 apenas no repert\u00f3rio, mas em ouvir um instrumento hist\u00f3rico de enorme valor simb\u00f3lico. Os bilhetes aparecem esgotados.<\/p>\n<p>No dia 6, <strong>Quinteto 1909<\/strong> apresenta <em>5 guitarras e um cora\u00e7\u00e3o<\/em>, em mem\u00f3ria de \u00c1ngel G. Pi\u00f1ero. No dia 12, <strong>Ausi\u00e0s Parejo<\/strong> dedica o seu recital ao 150.\u00ba anivers\u00e1rio de Manuel de Falla; estes bilhetes tamb\u00e9m constam como esgotados.<\/p>\n<p>No dia 13 atua <strong>Filip Miskovic<\/strong>, vencedor do 40.\u00ba Certamen Internacional Andr\u00e9s Segovia de La Herradura, no \u00e2mbito da aposta do festival em jovens int\u00e9rpretes.<\/p>\n<\/div><\/div><\/div><\/div><\/div><div class=\"vc_col-sm-6 wpb_column vc_column_container\"><div class=\"vc_column-inner\"><div class=\"wpb_wrapper\"><div class=\"wpb_text_column\"><div class=\"wpb_wrapper\"><p>No dia 18, <strong>Mabel Mill\u00e1n<\/strong>, vencedora de um Latin Grammy em 2017, apresenta um programa de m\u00fasica espanhola. No dia 20, <strong>Daniel Zapico<\/strong> traz o som da m\u00fasica antiga, ampliando o foco para al\u00e9m da guitarra moderna.<\/p>\n<p>No dia 27, <strong>Jos\u00e9 Luis Ruiz del Puerto<\/strong>, nomeado para um Latin Grammy em 2025, prop\u00f5e um programa centrado em compositoras e na homenagem a Mar\u00eda Luisa Anido.<\/p>\n<p>O grande encerramento chega a 30 de setembro com <strong>Pepe Romero<\/strong>, a <strong>Orquesta Filarm\u00f3nica de M\u00e1laga<\/strong> e o maestro <strong>Jos\u00e9 Mar\u00eda Moreno<\/strong>. O programa junta o <em>Concierto de Aranjuez<\/em> de Joaqu\u00edn Rodrigo com m\u00fasica de cinema de John Williams. Ser\u00e1 \u00e0s 20:00 no Teatro Cervantes, com bilhetes a 20 \u20ac.<\/p>\n<\/div><\/div><\/div><\/div><\/div><\/div><\/div><\/section><section class=\"l-section wpb_row height_huge color_alternate with_shape\"><div class=\"l-section-shape type_zigzag pos_top hor_flip\" style=\"height:3vmin;\"><svg xmlns=\"http:\/\/www.w3.org\/2000\/svg\" viewBox=\"0 0 64 8\" preserveAspectRatio=\"none\" width=\"100%\" height=\"100%\">\r\n\t<path fill=\"currentColor\" d=\"M64 8 L0 8 L0 0 L20 7.9 L40 3 L48 5 L64 0 Z\"\/>\r\n<\/svg><\/div><div class=\"l-section-shape type_zigzag pos_bottom\" style=\"height:3vmin;\"><svg xmlns=\"http:\/\/www.w3.org\/2000\/svg\" viewBox=\"0 0 64 8\" preserveAspectRatio=\"none\" width=\"100%\" height=\"100%\">\r\n\t<path fill=\"currentColor\" d=\"M64 8 L0 8 L0 0 L20 7.9 L40 3 L48 5 L64 0 Z\"\/>\r\n<\/svg><\/div><div class=\"l-section-h i-cf\"><div class=\"g-cols vc_row via_flex valign_top type_default stacking_default\"><div class=\"vc_col-sm-6 wpb_column vc_column_container\"><div class=\"vc_column-inner\"><div class=\"wpb_wrapper\"><div class=\"wpb_text_column\"><div class=\"wpb_wrapper\"><h2 id=\"sedes\">Os quatro locais do festival<\/h2>\n<h3>Patio de Surtidores da Alcazaba de M\u00e1laga<\/h3>\n<p>\u00c9 o cen\u00e1rio mais monumental do programa. A combina\u00e7\u00e3o de arquitetura hist\u00f3rica, noite e guitarra transforma os encontros da Alcazaba em algumas das experi\u00eancias mais especiais do festival. Para os concertos, a MiEntrada indica acesso pela <strong>calle Guill\u00e9n Sotelo, 1<\/strong>, junto \u00e0 porta do elevador da Alcazaba.<\/p>\n<h3>Sala Fundaci\u00f3n Unicaja Mar\u00eda Cristina<\/h3>\n<p>Situada na <strong>calle Marqu\u00e9s de Valdeca\u00f1as, 2<\/strong>, acolhe boa parte do programa flamenco: El Amir, Daniel Casares e Joni Jim\u00e9nez com Jes\u00fas M\u00e9ndez, al\u00e9m da inaugura\u00e7\u00e3o com Alejandro Hurtado e Inmaculada Salom\u00f3n.<\/p>\n<p>O formato de sala de concertos favorece uma escuta pr\u00f3xima, especialmente importante em recitais nos quais os detalhes da guitarra e do canto s\u00e3o protagonistas.<\/p>\n<\/div><\/div><\/div><\/div><\/div><div class=\"vc_col-sm-6 wpb_column vc_column_container\"><div class=\"vc_column-inner\"><div class=\"wpb_wrapper\"><div class=\"wpb_text_column\"><div class=\"wpb_wrapper\"><h3>Centro Cultural Fundaci\u00f3n Unicaja de M\u00e1laga<\/h3>\n<p>Na <strong>Plaza del Obispo, 6<\/strong>, em frente \u00e0 Catedral, realizam-se os concertos matinais de Quinteto 1909, Filip Miskovic, Daniel Zapico e Jos\u00e9 Luis Ruiz del Puerto. \u00c9 o local associado \u00e0 programa\u00e7\u00e3o das 12:00.<\/p>\n<h3>Teatro Cervantes<\/h3>\n<p>O encerramento transfere-se para o principal teatro da cidade, na <strong>calle Ramos Mar\u00edn, s\/n<\/strong>. Ali atuar\u00e3o Pepe Romero, a Orquesta Filarm\u00f3nica de M\u00e1laga e Jos\u00e9 Mar\u00eda Moreno a 30 de setembro.<\/p>\n<p>A distribui\u00e7\u00e3o do festival permite combinar salas hist\u00f3ricas, patrim\u00f3nio ao ar livre e um grande teatro. Se vai assistir a v\u00e1rias datas, conv\u00e9m verificar o local de cada concerto: n\u00e3o existe um \u00fanico recinto para todo o festival.<\/p>\n<\/div><\/div><\/div><\/div><\/div><\/div><\/div><\/section><section class=\"l-section wpb_row height_huge\"><div class=\"l-section-h i-cf\"><div class=\"g-cols vc_row via_flex valign_top type_default stacking_default\"><div class=\"vc_col-sm-6 wpb_column vc_column_container\"><div class=\"vc_column-inner\"><div class=\"wpb_wrapper\"><div class=\"wpb_text_column\"><div class=\"wpb_wrapper\"><h2 id=\"entradas\">Bilhetes: pre\u00e7os, venda e concertos esgotados<\/h2>\n<p>Os bilhetes s\u00e3o relativamente acess\u00edveis para um festival destas caracter\u00edsticas: a faixa geral vai de <strong>10 a 20 \u20ac<\/strong>.<\/p>\n<p>A maior parte do programa \u00e9 vendida atrav\u00e9s da <a href=\"https:\/\/www.mientrada.net\/eventos\/categoria\/pepe-romero-guitar-festival-malaga\/\" target=\"_blank\" rel=\"noopener\">MiEntrada<\/a>. O encerramento de 30 de setembro no Teatro Cervantes aparece ligado a partir do site oficial \u00e0 <a href=\"https:\/\/www.unientradas.es\/\" target=\"_blank\" rel=\"noopener\">UniEntradas<\/a>.<\/p>\n<p>A 5 de setembro, a MiEntrada mostra como esgotados:<\/p>\n<ul>\n<li>Jacob Kellerman, 5 de setembro.<\/li>\n<li>Ausi\u00e0s Parejo, 12 de setembro.<\/li>\n<\/ul>\n<p>O concerto inaugural de Alejandro Hurtado e Inmaculada Salom\u00f3n, realizado no dia 4, tamb\u00e9m esgotou.<\/p>\n<\/div><\/div><\/div><\/div><\/div><div class=\"vc_col-sm-6 wpb_column vc_column_container\"><div class=\"vc_column-inner\"><div class=\"wpb_wrapper\"><div class=\"wpb_text_column\"><div class=\"wpb_wrapper\"><h2>Conv\u00e9m comprar com anteced\u00eancia?<\/h2>\n<p>Sim. Embora v\u00e1rios encontros mantenham pre\u00e7os de 10, 12 ou 15 \u20ac, os primeiros esgotados mostram que a lota\u00e7\u00e3o de alguns espa\u00e7os \u00e9 limitada e que determinadas propostas geram uma procura elevada.<\/p>\n<p>Recomendamos comprar apenas atrav\u00e9s do <a href=\"https:\/\/www.malagaguitarfestival.com\/\" target=\"_blank\" rel=\"noopener\">site oficial do Festival Internacional de Guitarra de M\u00e1laga Pepe Romero<\/a> ou das bilheteiras ligadas pela organiza\u00e7\u00e3o. Verifique sempre a data, a hora e o recinto antes de concluir o pagamento.<\/p>\n<p>Se um concerto aparecer esgotado, evite comprar bilhetes a desconhecidos ou em canais n\u00e3o autorizados. A organiza\u00e7\u00e3o pode atualizar a disponibilidade, mas a revenda informal acrescenta riscos desnecess\u00e1rios.<\/p>\n<\/div><\/div><\/div><\/div><\/div><\/div><\/div><\/section><section class=\"l-section wpb_row height_huge color_alternate with_shape\"><div class=\"l-section-shape type_zigzag pos_top\" style=\"height:3vmin;\"><svg xmlns=\"http:\/\/www.w3.org\/2000\/svg\" viewBox=\"0 0 64 8\" preserveAspectRatio=\"none\" width=\"100%\" height=\"100%\">\r\n\t<path fill=\"currentColor\" d=\"M64 8 L0 8 L0 0 L20 7.9 L40 3 L48 5 L64 0 Z\"\/>\r\n<\/svg><\/div><div class=\"l-section-shape type_zigzag pos_bottom\" style=\"height:3vmin;\"><svg xmlns=\"http:\/\/www.w3.org\/2000\/svg\" viewBox=\"0 0 64 8\" preserveAspectRatio=\"none\" width=\"100%\" height=\"100%\">\r\n\t<path fill=\"currentColor\" d=\"M64 8 L0 8 L0 0 L20 7.9 L40 3 L48 5 L64 0 Z\"\/>\r\n<\/svg><\/div><div class=\"l-section-h i-cf\"><div class=\"g-cols vc_row via_flex valign_top type_default stacking_default\"><div class=\"vc_col-sm-6 wpb_column vc_column_container\"><div class=\"vc_column-inner\"><div class=\"wpb_wrapper\"><div class=\"wpb_text_column\"><div class=\"wpb_wrapper\"><h2 id=\"homenajes\">Uma edi\u00e7\u00e3o dedicada a Joaqu\u00edn Rodrigo, Cel\u00edn Romero e \u00c1ngel Romero<\/h2>\n<p>A quinta edi\u00e7\u00e3o tem uma componente comemorativa muito marcada. O festival presta homenagem a <strong>Joaqu\u00edn Rodrigo<\/strong> pelo 125.\u00ba anivers\u00e1rio do seu nascimento e a dois membros fundadores do Quarteto Romero: <strong>Cel\u00edn Romero<\/strong>, no 90.\u00ba anivers\u00e1rio do seu nascimento, e <strong>\u00c1ngel Romero<\/strong>, que completa 80 anos.<\/p>\n<p>O concerto de encerramento resume essa abordagem. Pepe Romero interpreta o <em>Concierto de Aranjuez<\/em>, uma das obras mais universais escritas para guitarra e orquestra, acompanhado pela Orquesta Filarm\u00f3nica de M\u00e1laga sob a dire\u00e7\u00e3o de Jos\u00e9 Mar\u00eda Moreno.<\/p>\n<p>O programa completa-se com m\u00fasica cinematogr\u00e1fica de John Williams e est\u00e1 tamb\u00e9m ligado ao 250.\u00ba anivers\u00e1rio da independ\u00eancia dos Estados Unidos.<\/p>\n<\/div><\/div><\/div><\/div><\/div><div class=\"vc_col-sm-6 wpb_column vc_column_container\"><div class=\"vc_column-inner\"><div class=\"wpb_wrapper\"><div class=\"wpb_text_column\"><div class=\"wpb_wrapper\"><h2>Porque o festival \u00e9 especialmente interessante para os aficionados de flamenco<\/h2>\n<p>Os festivais de guitarra podem, por vezes, ficar separados por g\u00e9neros. Em M\u00e1laga, pelo contr\u00e1rio, o programa coloca a guitarra cl\u00e1ssica e a flamenca dentro do mesmo relato sobre a guitarra espanhola.<\/p>\n<p>Isso permite ouvir em poucas semanas abordagens muito diferentes: a guitarra a solo de Daniel Casares, a rela\u00e7\u00e3o entre guitarra e canto de Joni Jim\u00e9nez e Jes\u00fas M\u00e9ndez, a autonomia de um artista que canta e toca como Ricardo Fern\u00e1ndez del Moral, a guitarra contempor\u00e2nea de Jos\u00e9 Ferm\u00edn Fern\u00e1ndez ou um instrumento hist\u00f3rico associado a T\u00e1rrega nas m\u00e3os de Jacob Kellerman.<\/p>\n<p>Quem visitar M\u00e1laga e quiser complementar o festival com uma experi\u00eancia flamenca regular pode consultar o nosso guia de <a href=\"https:\/\/www.tablaosflamencos.com\/flamenco-en-malaga\">flamenco em M\u00e1laga<\/a>, com espet\u00e1culos e tablaos dispon\u00edveis na cidade.<\/p>\n<\/div><\/div><\/div><\/div><\/div><\/div><\/div><\/section><section class=\"l-section wpb_row height_huge\"><div class=\"l-section-h i-cf\"><div class=\"g-cols vc_row via_flex valign_top type_default stacking_default\"><div class=\"vc_col-sm-6 wpb_column vc_column_container\"><div class=\"vc_column-inner\"><div class=\"wpb_wrapper\"><div class=\"wpb_text_column\"><div class=\"wpb_wrapper\"><h2>Como organizar uma visita ao festival<\/h2>\n<p>Se viaja expressamente pelo festival, o primeiro passo \u00e9 escolher concerto e local antes de reservar outros planos. Os encontros est\u00e3o distribu\u00eddos pelo centro de M\u00e1laga e t\u00eam hor\u00e1rios muito diferentes: alguns come\u00e7am \u00e0s 12:00, outros \u00e0s 19:30, 20:00 ou 21:30.<\/p>\n<p>Para os concertos da Alcazaba, conv\u00e9m chegar com anteced\u00eancia e seguir as indica\u00e7\u00f5es espec\u00edficas de acesso publicadas pela bilheteira. Nos concertos noturnos, reservar o bilhete antecipadamente evita depender da disponibilidade de \u00faltima hora.<\/p>\n<p>Se a sua prioridade \u00e9 o flamenco, a segunda metade do m\u00eas concentra especialmente bem a programa\u00e7\u00e3o: entre 17 e 26 de setembro sucedem-se Pituquete e Encarna Anillo, Daniel Casares, Jos\u00e9 Ferm\u00edn Fern\u00e1ndez, Joni Jim\u00e9nez com Jes\u00fas M\u00e9ndez e Ricardo Fern\u00e1ndez del Moral.<\/p>\n<\/div><\/div><\/div><\/div><\/div><div class=\"vc_col-sm-6 wpb_column vc_column_container\"><div class=\"vc_column-inner\"><div class=\"wpb_wrapper\"><div class=\"wpb_text_column\"><div class=\"wpb_wrapper\"><h2>Uma oportunidade para descobrir M\u00e1laga atrav\u00e9s da guitarra<\/h2>\n<p>A distribui\u00e7\u00e3o dos locais permite que o festival funcione tamb\u00e9m como percurso cultural. A Alcazaba coloca a guitarra dentro de um dos grandes monumentos da cidade; o Centro Cultural Fundaci\u00f3n Unicaja leva-a \u00e0 Plaza del Obispo; Mar\u00eda Cristina oferece uma sala hist\u00f3rica; e o Teatro Cervantes reserva o formato sinf\u00f3nico para o encerramento.<\/p>\n<p>Esta diversidade transforma o festival em algo mais do que uma sucess\u00e3o de recitais. A cidade faz parte da experi\u00eancia e a programa\u00e7\u00e3o convida tanto aficionados especializados como visitantes que queiram aproximar-se pela primeira vez da guitarra espanhola.<\/p>\n<p>O facto de os bilhetes come\u00e7arem nos 10 \u20ac facilita combinar mais do que um encontro e comparar linguagens musicais muito diferentes dentro da mesma edi\u00e7\u00e3o.<\/p>\n<\/div><\/div><\/div><\/div><\/div><\/div><\/div><\/section><section class=\"l-section wpb_row height_huge color_alternate with_shape\"><div class=\"l-section-shape type_zigzag pos_top hor_flip\" style=\"height:3vmin;\"><svg xmlns=\"http:\/\/www.w3.org\/2000\/svg\" viewBox=\"0 0 64 8\" preserveAspectRatio=\"none\" width=\"100%\" height=\"100%\">\r\n\t<path fill=\"currentColor\" d=\"M64 8 L0 8 L0 0 L20 7.9 L40 3 L48 5 L64 0 Z\"\/>\r\n<\/svg><\/div><div class=\"l-section-shape type_zigzag pos_bottom\" style=\"height:3vmin;\"><svg xmlns=\"http:\/\/www.w3.org\/2000\/svg\" viewBox=\"0 0 64 8\" preserveAspectRatio=\"none\" width=\"100%\" height=\"100%\">\r\n\t<path fill=\"currentColor\" d=\"M64 8 L0 8 L0 0 L20 7.9 L40 3 L48 5 L64 0 Z\"\/>\r\n<\/svg><\/div><div class=\"l-section-h i-cf\"><div class=\"g-cols vc_row via_flex valign_top type_default stacking_default\"><div class=\"vc_col-sm-12 wpb_column vc_column_container\"><div class=\"vc_column-inner\"><div class=\"wpb_wrapper\"><div class=\"wpb_text_column\"><div class=\"wpb_wrapper\"><h2 style=\"text-align: center;\">Resumo pr\u00e1tico<\/h2>\n<div style=\"overflow-x: auto;\">\n<table>\n<thead>\n<tr>\n<th>Pergunta<\/th>\n<th>Resposta<\/th>\n<\/tr>\n<\/thead>\n<tbody>\n<tr>\n<td>Quando se realiza?<\/td>\n<td>De 4 a 30 de setembro de 2026.<\/td>\n<\/tr>\n<tr>\n<td>Quantos concertos h\u00e1?<\/td>\n<td>15.<\/td>\n<\/tr>\n<tr>\n<td>Quantos concertos de flamenco inclui?<\/td>\n<td>Sete no ciclo Trasnoches Flamencos.<\/td>\n<\/tr>\n<tr>\n<td>Quanto custam os bilhetes?<\/td>\n<td>Entre 10 e 20 \u20ac.<\/td>\n<\/tr>\n<tr>\n<td>Onde se compram?<\/td>\n<td>Principalmente na MiEntrada; o encerramento, atrav\u00e9s da UniEntradas.<\/td>\n<\/tr>\n<tr>\n<td>Que concertos est\u00e3o esgotados?<\/td>\n<td>A 5 de setembro: Jacob Kellerman e Ausi\u00e0s Parejo; a abertura do dia 4 tamb\u00e9m esgotou.<\/td>\n<\/tr>\n<tr>\n<td>Onde se realiza?<\/td>\n<td>Alcazaba, Sala Fundaci\u00f3n Unicaja Mar\u00eda Cristina, Centro Cultural Fundaci\u00f3n Unicaja de M\u00e1laga e Teatro Cervantes.<\/td>\n<\/tr>\n<tr>\n<td>Quem encerra o festival?<\/td>\n<td>Pepe Romero com a Orquesta Filarm\u00f3nica de M\u00e1laga e Jos\u00e9 Mar\u00eda Moreno.<\/td>\n<\/tr>\n<\/tbody>\n<\/table>\n<\/div>\n<\/div><\/div><\/div><\/div><\/div><\/div><\/div><\/section><section class=\"l-section wpb_row height_huge\"><div class=\"l-section-h i-cf\"><div class=\"g-cols vc_row via_flex valign_top type_default stacking_default\"><div class=\"vc_col-sm-12 wpb_column vc_column_container\"><div class=\"vc_column-inner\"><div class=\"wpb_wrapper\"><div class=\"wpb_text_column\"><div class=\"wpb_wrapper\"><h2>Um festival para ouvir a guitarra a partir de v\u00e1rios mundos<\/h2>\n<p>O Pepe Romero Guitar Festival M\u00e1laga 2026 re\u00fane em menos de um m\u00eas instrumentos hist\u00f3ricos, jovens int\u00e9rpretes, grandes nomes da guitarra espanhola e um ciclo de flamenco com personalidade pr\u00f3pria. Para o p\u00fablico de Tablaos Flamencos, o principal atrativo est\u00e1 na continuidade de Trasnoches Flamencos e na variedade de formatos propostos.<\/p>\n<p>Daniel Casares oferece o grande encontro de guitarra flamenca a solo; Joni Jim\u00e9nez e Jes\u00fas M\u00e9ndez re\u00fanem guitarra e canto; Ricardo Fern\u00e1ndez del Moral leva ambas as linguagens numa s\u00f3 pessoa; Jos\u00e9 Ferm\u00edn Fern\u00e1ndez representa uma perspetiva contempor\u00e2nea; e El Amir e Pituquete abrem o programa a outras liga\u00e7\u00f5es musicais.<\/p>\n<p>O encerramento de Pepe Romero completa o arco do festival a partir de outra tradi\u00e7\u00e3o guitarr\u00edstica. M\u00e1laga utiliza assim quatro espa\u00e7os emblem\u00e1ticos para recordar que a guitarra espanhola n\u00e3o responde a uma \u00fanica est\u00e9tica e que o flamenco constitui uma parte essencial da sua riqueza.<\/p>\n<\/div><\/div><div class=\"w-separator size_medium\"><\/div><div class=\"w-hwrapper valign_top wrap align_center\" style=\"--hwrapper-gap:1.2rem\"><div class=\"w-btn-wrapper align_none\"><a class=\"w-btn us-btn-style_1\" href=\"\/?page_id=8784\"><span class=\"w-btn-label\">Ver flamenco em M\u00e1laga<\/span><\/a><\/div><div class=\"w-btn-wrapper align_none\"><a class=\"w-btn us-btn-style_1\" href=\"\/tablaos-flamencos\"><span class=\"w-btn-label\">Descobrir os tablaos flamencos<\/span><\/a><\/div><\/div><\/div><\/div><\/div><\/div><\/div><\/section><section class=\"l-section wpb_row height_huge color_alternate with_shape\"><div class=\"l-section-shape type_zigzag pos_top\" style=\"height:3vmin;\"><svg xmlns=\"http:\/\/www.w3.org\/2000\/svg\" viewBox=\"0 0 64 8\" preserveAspectRatio=\"none\" width=\"100%\" height=\"100%\">\r\n\t<path fill=\"currentColor\" d=\"M64 8 L0 8 L0 0 L20 7.9 L40 3 L48 5 L64 0 Z\"\/>\r\n<\/svg><\/div><div class=\"l-section-h i-cf\"><div class=\"g-cols vc_row via_flex valign_top type_default stacking_default\"><div class=\"vc_col-sm-1\/5 wpb_column vc_column_container\"><div class=\"vc_column-inner\"><div class=\"wpb_wrapper\"><\/div><\/div><\/div><div class=\"vc_col-sm-3\/5 wpb_column vc_column_container\"><div class=\"vc_column-inner\"><div class=\"wpb_wrapper\"><div class=\"wpb_text_column\"><div class=\"wpb_wrapper\"><h2 id=\"faq\">Perguntas frequentes sobre o Festival Internacional de Guitarra Pepe Romero 2026<\/h2>\n<\/div><\/div><div class=\"w-separator size_medium\"><\/div><div class=\"w-tabs accordion toggle_style_1 has_scrolling\" style=\"--sections-title-size:inherit;--sections-gap:0.5rem;\"><div class=\"w-tabs-sections titles-align_none icon_chevron cpos_right\"><div class=\"w-tabs-section\" id=\"a355\"><button type=\"button\" class=\"w-tabs-section-header\" aria-controls=\"content-a355\" aria-expanded=\"false\"><div class=\"w-tabs-section-title\">Quando se realiza o Festival Internacional de Guitarra Pepe Romero 2026?<\/div><div class=\"w-tabs-section-control\"><\/div><\/button><div  class=\"w-tabs-section-content\" id=\"content-a355\"><div class=\"w-tabs-section-content-h i-cf\"><div class=\"wpb_text_column\"><div class=\"wpb_wrapper\"><p>A quinta edi\u00e7\u00e3o realiza-se em M\u00e1laga de 4 a 30 de setembro de 2026.<\/p>\n<\/div><\/div><\/div><\/div><\/div><div class=\"w-tabs-section\" id=\"v452\"><button type=\"button\" class=\"w-tabs-section-header\" aria-controls=\"content-v452\" aria-expanded=\"false\"><div class=\"w-tabs-section-title\">Quantos concertos tem o festival?<\/div><div class=\"w-tabs-section-control\"><\/div><\/button><div  class=\"w-tabs-section-content\" id=\"content-v452\"><div class=\"w-tabs-section-content-h i-cf\"><div class=\"wpb_text_column\"><div class=\"wpb_wrapper\"><p>O programa oficial \u00e9 composto por 15 concertos distribu\u00eddos ao longo do m\u00eas de setembro.<\/p>\n<\/div><\/div><\/div><\/div><\/div><div class=\"w-tabs-section\" id=\"y53e\"><button type=\"button\" class=\"w-tabs-section-header\" aria-controls=\"content-y53e\" aria-expanded=\"false\"><div class=\"w-tabs-section-title\">Que concertos de flamenco h\u00e1 no Pepe Romero Guitar Festival?<\/div><div class=\"w-tabs-section-control\"><\/div><\/button><div  class=\"w-tabs-section-content\" id=\"content-y53e\"><div class=\"w-tabs-section-content-h i-cf\"><div class=\"wpb_text_column\"><div class=\"wpb_wrapper\"><p>O ciclo Trasnoches Flamencos inclui Alejandro Hurtado e Inmaculada Salom\u00f3n, El Amir, Pituquete com Encarna Anillo, Daniel Casares, Jos\u00e9 Ferm\u00edn Fern\u00e1ndez, Joni Jim\u00e9nez com Jes\u00fas M\u00e9ndez e Ricardo Fern\u00e1ndez del Moral. O primeiro destes encontros realizou-se a 4 de setembro.<\/p>\n<\/div><\/div><\/div><\/div><\/div><div class=\"w-tabs-section\" id=\"i62e\"><button type=\"button\" class=\"w-tabs-section-header\" aria-controls=\"content-i62e\" aria-expanded=\"false\"><div class=\"w-tabs-section-title\">Quanto custam os bilhetes?<\/div><div class=\"w-tabs-section-control\"><\/div><\/button><div  class=\"w-tabs-section-content\" id=\"content-i62e\"><div class=\"w-tabs-section-content-h i-cf\"><div class=\"wpb_text_column\"><div class=\"wpb_wrapper\"><p>Os pre\u00e7os publicados para 2026 variam entre 10 e 20 \u20ac, consoante o concerto.<\/p>\n<\/div><\/div><\/div><\/div><\/div><div class=\"w-tabs-section\" id=\"q707\"><button type=\"button\" class=\"w-tabs-section-header\" aria-controls=\"content-q707\" aria-expanded=\"false\"><div class=\"w-tabs-section-title\">Onde se compram os bilhetes?<\/div><div class=\"w-tabs-section-control\"><\/div><\/button><div  class=\"w-tabs-section-content\" id=\"content-q707\"><div class=\"w-tabs-section-content-h i-cf\"><div class=\"wpb_text_column\"><div class=\"wpb_wrapper\"><p>A maioria dos concertos \u00e9 comercializada atrav\u00e9s da MiEntrada. O site oficial liga o encerramento de 30 de setembro no Teatro Cervantes \u00e0 UniEntradas.<\/p>\n<\/div><\/div><\/div><\/div><\/div><div class=\"w-tabs-section\" id=\"k7d0\"><button type=\"button\" class=\"w-tabs-section-header\" aria-controls=\"content-k7d0\" aria-expanded=\"false\"><div class=\"w-tabs-section-title\">H\u00e1 concertos esgotados?<\/div><div class=\"w-tabs-section-control\"><\/div><\/button><div  class=\"w-tabs-section-content\" id=\"content-k7d0\"><div class=\"w-tabs-section-content-h i-cf\"><div class=\"wpb_text_column\"><div class=\"wpb_wrapper\"><p>A 5 de setembro, os bilhetes para Jacob Kellerman no dia 5 e Ausi\u00e0s Parejo no dia 12 aparecem esgotados. A abertura de 4 de setembro com Alejandro Hurtado e Inmaculada Salom\u00f3n tamb\u00e9m esgotou.<\/p>\n<\/div><\/div><\/div><\/div><\/div><div class=\"w-tabs-section\" id=\"w8ac\"><button type=\"button\" class=\"w-tabs-section-header\" aria-controls=\"content-w8ac\" aria-expanded=\"false\"><div class=\"w-tabs-section-title\">Onde se realizam os concertos?<\/div><div class=\"w-tabs-section-control\"><\/div><\/button><div  class=\"w-tabs-section-content\" id=\"content-w8ac\"><div class=\"w-tabs-section-content-h i-cf\"><div class=\"wpb_text_column\"><div class=\"wpb_wrapper\"><p>Os quatro principais locais s\u00e3o o Patio de Surtidores da Alcazaba de M\u00e1laga, a Sala Fundaci\u00f3n Unicaja Mar\u00eda Cristina, o Centro Cultural Fundaci\u00f3n Unicaja de M\u00e1laga e o Teatro Cervantes.<\/p>\n<\/div><\/div><\/div><\/div><\/div><div class=\"w-tabs-section\" id=\"n971\"><button type=\"button\" class=\"w-tabs-section-header\" aria-controls=\"content-n971\" aria-expanded=\"false\"><div class=\"w-tabs-section-title\">Quando atua Daniel Casares?<\/div><div class=\"w-tabs-section-control\"><\/div><\/button><div  class=\"w-tabs-section-content\" id=\"content-n971\"><div class=\"w-tabs-section-content-h i-cf\"><div class=\"wpb_text_column\"><div class=\"wpb_wrapper\"><p>Daniel Casares atua no s\u00e1bado, 19 de setembro, \u00e0s 19:30 na Sala Fundaci\u00f3n Unicaja Mar\u00eda Cristina. O pre\u00e7o publicado do bilhete \u00e9 12 \u20ac.<\/p>\n<\/div><\/div><\/div><\/div><\/div><div class=\"w-tabs-section\" id=\"ta68\"><button type=\"button\" class=\"w-tabs-section-header\" aria-controls=\"content-ta68\" aria-expanded=\"false\"><div class=\"w-tabs-section-title\">Quando atuam Joni Jim\u00e9nez e Jes\u00fas M\u00e9ndez?<\/div><div class=\"w-tabs-section-control\"><\/div><\/button><div  class=\"w-tabs-section-content\" id=\"content-ta68\"><div class=\"w-tabs-section-content-h i-cf\"><div class=\"wpb_text_column\"><div class=\"wpb_wrapper\"><p>Atuam na sexta-feira, 25 de setembro, \u00e0s 19:30 na Sala Fundaci\u00f3n Unicaja Mar\u00eda Cristina. O bilhete custa 10 \u20ac segundo o programa oficial.<\/p>\n<\/div><\/div><\/div><\/div><\/div><div class=\"w-tabs-section\" id=\"sb3b\"><button type=\"button\" class=\"w-tabs-section-header\" aria-controls=\"content-sb3b\" aria-expanded=\"false\"><div class=\"w-tabs-section-title\">Quem encerra o festival?<\/div><div class=\"w-tabs-section-control\"><\/div><\/button><div  class=\"w-tabs-section-content\" id=\"content-sb3b\"><div class=\"w-tabs-section-content-h i-cf\"><div class=\"wpb_text_column\"><div class=\"wpb_wrapper\"><p>Pepe Romero encerra a quinta edi\u00e7\u00e3o a 30 de setembro no Teatro Cervantes juntamente com a Orquesta Filarm\u00f3nica de M\u00e1laga e o maestro Jos\u00e9 Mar\u00eda Moreno, com um programa que inclui o Concierto de Aranjuez de Joaqu\u00edn Rodrigo e m\u00fasica de cinema de John Williams.<\/p>\n<\/div><\/div><\/div><\/div><\/div><\/div><\/div><\/div><\/div><\/div><div class=\"vc_col-sm-1\/5 wpb_column vc_column_container\"><div class=\"vc_column-inner\"><div class=\"wpb_wrapper\"><\/div><\/div><\/div><\/div><\/div><\/section>\n","protected":false},"excerpt":{"rendered":"<p>Guia completo do Festival Internacional de Guitarra Pepe Romero 2026 em M\u00e1laga: 15 concertos, flamenco, artistas, locais, pre\u00e7os e bilhetes.<\/p>\n","protected":false},"author":1,"featured_media":14939,"comment_status":"closed","ping_status":"closed","sticky":false,"template":"","format":"standard","meta":{"_acf_changed":false,"wpai_generated_summary":"","_ayudawp_aiss_exclude":false,"_ayudawp_aiss_exclude_summary":false,"_ayudawp_aiss_summary":"","_ayudawp_aiss_summary_provider":"","_ayudawp_aiss_summary_hash":"","footnotes":""},"categories":[1671],"tags":[1410],"class_list":["post-15110","post","type-post","status-publish","format-standard","has-post-thumbnail","hentry","category-festivais-flamenco","tag-guitarra-flamenca-pt"],"acf":[],"yoast_head":"<!-- This site is optimized with the Yoast SEO Premium plugin v28.4 (Yoast SEO v28.4) - https:\/\/yoast.com\/product\/yoast-seo-premium-wordpress\/ -->\n<title>Festival Guitarra Pepe Romero M\u00e1laga 2026: programa e bilhetes<\/title>\n<meta name=\"description\" content=\"Festival Internacional de Guitarra Pepe Romero 2026 em M\u00e1laga: 15 concertos, flamenco, artistas, locais, pre\u00e7os e bilhetes.\" \/>\n<meta name=\"robots\" content=\"index, follow, max-snippet:-1, max-image-preview:large, max-video-preview:-1\" \/>\n<link rel=\"canonical\" href=\"https:\/\/www.tablaosflamencos.com\/pt-pt\/festival-guitarra-pepe-romero-malaga-2026.html\" \/>\n<meta property=\"og:locale\" content=\"pt_PT\" \/>\n<meta property=\"og:type\" content=\"article\" \/>\n<meta property=\"og:title\" content=\"Festival Internacional de Guitarra Pepe Romero 2026 em M\u00e1laga: programa, artistas, concertos de flamenco, locais e bilhetes\" \/>\n<meta property=\"og:description\" content=\"Festival Internacional de Guitarra Pepe Romero 2026 em M\u00e1laga: 15 concertos, flamenco, artistas, locais, pre\u00e7os e bilhetes.\" \/>\n<meta property=\"og:url\" content=\"https:\/\/www.tablaosflamencos.com\/pt-pt\/festival-guitarra-pepe-romero-malaga-2026.html\" \/>\n<meta property=\"og:site_name\" content=\"Tablaos Flamencos\" \/>\n<meta property=\"article:publisher\" content=\"https:\/\/www.facebook.com\/tablaosflamencos\" \/>\n<meta property=\"article:published_time\" content=\"2026-09-06T14:39:25+00:00\" \/>\n<meta property=\"article:modified_time\" content=\"2026-09-06T17:32:02+00:00\" \/>\n<meta property=\"og:image\" content=\"https:\/\/www.tablaosflamencos.com\/wp-content\/uploads\/festival-internacional-de-guitarra-pepe-romero-2026-en-malaga-programa-artistas-conciertos-flamencos-sedes-y-entradas-01.webp\" \/>\n\t<meta property=\"og:image:width\" content=\"1672\" \/>\n\t<meta property=\"og:image:height\" content=\"941\" \/>\n\t<meta property=\"og:image:type\" content=\"image\/webp\" \/>\n<meta name=\"author\" content=\"Miguel Ortiz\" \/>\n<meta name=\"twitter:card\" content=\"summary_large_image\" \/>\n<meta name=\"twitter:creator\" content=\"@tablaosflamenco\" \/>\n<meta name=\"twitter:site\" content=\"@tablaosflamenco\" \/>\n<meta name=\"twitter:label1\" content=\"Escrito por\" \/>\n\t<meta name=\"twitter:data1\" content=\"Miguel Ortiz\" \/>\n\t<meta name=\"twitter:label2\" content=\"Tempo estimado de leitura\" \/>\n\t<meta name=\"twitter:data2\" content=\"19 minutos\" \/>\n<script type=\"application\/ld+json\" class=\"yoast-schema-graph\">{\"@context\":\"https:\\\/\\\/schema.org\",\"@graph\":[{\"@type\":\"Article\",\"@id\":\"https:\\\/\\\/www.tablaosflamencos.com\\\/pt-pt\\\/festival-guitarra-pepe-romero-malaga-2026.html#article\",\"isPartOf\":{\"@id\":\"https:\\\/\\\/www.tablaosflamencos.com\\\/pt-pt\\\/festival-guitarra-pepe-romero-malaga-2026.html\"},\"author\":{\"name\":\"Miguel Ortiz\",\"@id\":\"https:\\\/\\\/www.tablaosflamencos.com\\\/pt-pt#\\\/schema\\\/person\\\/e7a9ebe14eb75a52ceabfbffb3c54f5d\"},\"headline\":\"Festival Internacional de Guitarra Pepe Romero 2026 em M\u00e1laga: programa, artistas, concertos de flamenco, locais e bilhetes\",\"datePublished\":\"2026-09-06T14:39:25+00:00\",\"dateModified\":\"2026-09-06T17:32:02+00:00\",\"mainEntityOfPage\":{\"@id\":\"https:\\\/\\\/www.tablaosflamencos.com\\\/pt-pt\\\/festival-guitarra-pepe-romero-malaga-2026.html\"},\"wordCount\":3815,\"publisher\":{\"@id\":\"https:\\\/\\\/www.tablaosflamencos.com\\\/pt-pt#organization\"},\"image\":{\"@id\":\"https:\\\/\\\/www.tablaosflamencos.com\\\/pt-pt\\\/festival-guitarra-pepe-romero-malaga-2026.html#primaryimage\"},\"thumbnailUrl\":\"https:\\\/\\\/www.tablaosflamencos.com\\\/wp-content\\\/uploads\\\/festival-internacional-de-guitarra-pepe-romero-2026-en-malaga-programa-artistas-conciertos-flamencos-sedes-y-entradas-01.webp\",\"keywords\":[\"guitarra flamenca\"],\"articleSection\":[\"Festivais de flamenco\"],\"inLanguage\":\"pt-PT\"},{\"@type\":\"WebPage\",\"@id\":\"https:\\\/\\\/www.tablaosflamencos.com\\\/pt-pt\\\/festival-guitarra-pepe-romero-malaga-2026.html\",\"url\":\"https:\\\/\\\/www.tablaosflamencos.com\\\/pt-pt\\\/festival-guitarra-pepe-romero-malaga-2026.html\",\"name\":\"Festival Guitarra Pepe Romero M\u00e1laga 2026: programa e bilhetes\",\"isPartOf\":{\"@id\":\"https:\\\/\\\/www.tablaosflamencos.com\\\/pt-pt#website\"},\"primaryImageOfPage\":{\"@id\":\"https:\\\/\\\/www.tablaosflamencos.com\\\/pt-pt\\\/festival-guitarra-pepe-romero-malaga-2026.html#primaryimage\"},\"image\":{\"@id\":\"https:\\\/\\\/www.tablaosflamencos.com\\\/pt-pt\\\/festival-guitarra-pepe-romero-malaga-2026.html#primaryimage\"},\"thumbnailUrl\":\"https:\\\/\\\/www.tablaosflamencos.com\\\/wp-content\\\/uploads\\\/festival-internacional-de-guitarra-pepe-romero-2026-en-malaga-programa-artistas-conciertos-flamencos-sedes-y-entradas-01.webp\",\"datePublished\":\"2026-09-06T14:39:25+00:00\",\"dateModified\":\"2026-09-06T17:32:02+00:00\",\"description\":\"Festival Internacional de Guitarra Pepe Romero 2026 em M\u00e1laga: 15 concertos, flamenco, artistas, locais, pre\u00e7os e bilhetes.\",\"breadcrumb\":{\"@id\":\"https:\\\/\\\/www.tablaosflamencos.com\\\/pt-pt\\\/festival-guitarra-pepe-romero-malaga-2026.html#breadcrumb\"},\"inLanguage\":\"pt-PT\",\"potentialAction\":[{\"@type\":\"ReadAction\",\"target\":[\"https:\\\/\\\/www.tablaosflamencos.com\\\/pt-pt\\\/festival-guitarra-pepe-romero-malaga-2026.html\"]}]},{\"@type\":\"ImageObject\",\"inLanguage\":\"pt-PT\",\"@id\":\"https:\\\/\\\/www.tablaosflamencos.com\\\/pt-pt\\\/festival-guitarra-pepe-romero-malaga-2026.html#primaryimage\",\"url\":\"https:\\\/\\\/www.tablaosflamencos.com\\\/wp-content\\\/uploads\\\/festival-internacional-de-guitarra-pepe-romero-2026-en-malaga-programa-artistas-conciertos-flamencos-sedes-y-entradas-01.webp\",\"contentUrl\":\"https:\\\/\\\/www.tablaosflamencos.com\\\/wp-content\\\/uploads\\\/festival-internacional-de-guitarra-pepe-romero-2026-en-malaga-programa-artistas-conciertos-flamencos-sedes-y-entradas-01.webp\",\"width\":1672,\"height\":941,\"caption\":\"Guitarrista en concierto nocturno en M\u00e1laga para el Festival Internacional de Guitarra Pepe Romero 2026\"},{\"@type\":\"BreadcrumbList\",\"@id\":\"https:\\\/\\\/www.tablaosflamencos.com\\\/pt-pt\\\/festival-guitarra-pepe-romero-malaga-2026.html#breadcrumb\",\"itemListElement\":[{\"@type\":\"ListItem\",\"position\":1,\"name\":\"Home\",\"item\":\"https:\\\/\\\/www.tablaosflamencos.com\\\/pt-pt\"},{\"@type\":\"ListItem\",\"position\":2,\"name\":\"Festival Internacional de Guitarra Pepe Romero 2026 em M\u00e1laga: programa, artistas, concertos de flamenco, locais e bilhetes\"}]},{\"@type\":\"WebSite\",\"@id\":\"https:\\\/\\\/www.tablaosflamencos.com\\\/pt-pt#website\",\"url\":\"https:\\\/\\\/www.tablaosflamencos.com\\\/pt-pt\",\"name\":\"Tablaos Flamencos\",\"description\":\"Entradas para tablaos flamencos de Espa\u00f1a\",\"publisher\":{\"@id\":\"https:\\\/\\\/www.tablaosflamencos.com\\\/pt-pt#organization\"},\"alternateName\":\"Tablaos Flamencos\",\"potentialAction\":[{\"@type\":\"SearchAction\",\"target\":{\"@type\":\"EntryPoint\",\"urlTemplate\":\"https:\\\/\\\/www.tablaosflamencos.com\\\/pt-pt?s={search_term_string}\"},\"query-input\":{\"@type\":\"PropertyValueSpecification\",\"valueRequired\":true,\"valueName\":\"search_term_string\"}}],\"inLanguage\":\"pt-PT\"},{\"@type\":[\"Organization\",\"Place\",\"EntertainmentBusiness\"],\"@id\":\"https:\\\/\\\/www.tablaosflamencos.com\\\/pt-pt#organization\",\"name\":\"Tablaos Flamencos\",\"alternateName\":\"Tablaos Flamencos\",\"url\":\"https:\\\/\\\/www.tablaosflamencos.com\\\/pt-pt\",\"logo\":{\"@id\":\"https:\\\/\\\/www.tablaosflamencos.com\\\/pt-pt\\\/festival-guitarra-pepe-romero-malaga-2026.html#local-main-organization-logo\"},\"image\":{\"@id\":\"https:\\\/\\\/www.tablaosflamencos.com\\\/pt-pt\\\/festival-guitarra-pepe-romero-malaga-2026.html#local-main-organization-logo\"},\"sameAs\":[\"https:\\\/\\\/www.facebook.com\\\/tablaosflamencos\",\"https:\\\/\\\/x.com\\\/tablaosflamenco\",\"https:\\\/\\\/mastodon.social\\\/@tablaosflamencos\",\"https:\\\/\\\/www.instagram.com\\\/tablaosflamencos\",\"https:\\\/\\\/tiktok.com\\\/@tablaosflamencos\",\"https:\\\/\\\/www.linkedin.com\\\/company\\\/109408238\\\/\"],\"description\":\"Venta de entradas para espect\u00e1culos flamencos\",\"legalName\":\"Tablaos Flamencos\",\"foundingDate\":\"2015-01-01\",\"numberOfEmployees\":{\"@type\":\"QuantitativeValue\",\"minValue\":\"1\",\"maxValue\":\"10\"},\"address\":{\"@id\":\"https:\\\/\\\/www.tablaosflamencos.com\\\/pt-pt\\\/festival-guitarra-pepe-romero-malaga-2026.html#local-main-place-address\"},\"geo\":{\"@type\":\"GeoCoordinates\",\"latitude\":\"37.3868072\",\"longitude\":\"-5.993280299999999\"},\"telephone\":[\"+34623787787\"],\"contactPoint\":{\"@type\":\"ContactPoint\",\"telephone\":\"+34623787787\",\"email\":\"info@tablaosflamencos.com\"},\"openingHoursSpecification\":{\"@type\":\"OpeningHoursSpecification\",\"dayOfWeek\":[\"Monday\",\"Tuesday\",\"Wednesday\",\"Thursday\",\"Friday\",\"Saturday\",\"Sunday\"],\"opens\":\"00:00\",\"closes\":\"23:59\"},\"email\":\"info@tablaosflamencos.com\",\"priceRange\":\"$$$\",\"currenciesAccepted\":\"\u20ac\"},{\"@type\":\"Person\",\"@id\":\"https:\\\/\\\/www.tablaosflamencos.com\\\/pt-pt#\\\/schema\\\/person\\\/e7a9ebe14eb75a52ceabfbffb3c54f5d\",\"name\":\"Miguel Ortiz\",\"description\":\"Miguel Ortiz es un empresario flamenco, con una s\u00f3lida trayectoria dentro del sector. Ha presidido entidades culturales vinculadas al flamenco y, cuenta con un amplio recorrido profesional en la gesti\u00f3n y promoci\u00f3n de espect\u00e1culos y tablaos flamencos. Su pasi\u00f3n por la historia y el arte flamenco se refleja en cada art\u00edculo, donde combina experiencia, criterio y un profundo respeto por la tradici\u00f3n.\",\"sameAs\":[\"https:\\\/\\\/www.tablaosflamencos.com\",\"https:\\\/\\\/www.instagra.com\\\/miguelortizfe\",\"https:\\\/\\\/www.linkedin.com\\\/in\\\/miguelortizf\\\/\"],\"birthDate\":\"1984-11-22\",\"gender\":\"hombre\",\"knowsLanguage\":[\"espa\u00f1ol\",\"ingl\u00e9s\"],\"jobTitle\":\"Empresario flamenco\"},{\"@type\":\"PostalAddress\",\"@id\":\"https:\\\/\\\/www.tablaosflamencos.com\\\/pt-pt\\\/festival-guitarra-pepe-romero-malaga-2026.html#local-main-place-address\",\"streetAddress\":\"C\\\/ Alemanes, 19\",\"addressLocality\":\"Sevilla\",\"postalCode\":\"41004\",\"addressRegion\":\"Sevilla\",\"addressCountry\":\"ES\"},{\"@type\":\"ImageObject\",\"inLanguage\":\"pt-PT\",\"@id\":\"https:\\\/\\\/www.tablaosflamencos.com\\\/pt-pt\\\/festival-guitarra-pepe-romero-malaga-2026.html#local-main-organization-logo\",\"url\":\"https:\\\/\\\/www.tablaosflamencos.com\\\/wp-content\\\/uploads\\\/tablaos-flamencos-06-3.webp\",\"contentUrl\":\"https:\\\/\\\/www.tablaosflamencos.com\\\/wp-content\\\/uploads\\\/tablaos-flamencos-06-3.webp\",\"width\":600,\"height\":620,\"caption\":\"Tablaos Flamencos\"}]}<\/script>\n<meta name=\"geo.placename\" content=\"Sevilla\" \/>\n<meta name=\"geo.position\" content=\"37.3868072;-5.993280299999999\" \/>\n<meta name=\"geo.region\" content=\"Espanha\" \/>\n<!-- \/ Yoast SEO Premium plugin. -->","yoast_head_json":{"title":"Festival Guitarra Pepe Romero M\u00e1laga 2026: programa e bilhetes","description":"Festival Internacional de Guitarra Pepe Romero 2026 em M\u00e1laga: 15 concertos, flamenco, artistas, locais, pre\u00e7os e bilhetes.","robots":{"index":"index","follow":"follow","max-snippet":"max-snippet:-1","max-image-preview":"max-image-preview:large","max-video-preview":"max-video-preview:-1"},"canonical":"https:\/\/www.tablaosflamencos.com\/pt-pt\/festival-guitarra-pepe-romero-malaga-2026.html","og_locale":"pt_PT","og_type":"article","og_title":"Festival Internacional de Guitarra Pepe Romero 2026 em M\u00e1laga: programa, artistas, concertos de flamenco, locais e bilhetes","og_description":"Festival Internacional de Guitarra Pepe Romero 2026 em M\u00e1laga: 15 concertos, flamenco, artistas, locais, pre\u00e7os e bilhetes.","og_url":"https:\/\/www.tablaosflamencos.com\/pt-pt\/festival-guitarra-pepe-romero-malaga-2026.html","og_site_name":"Tablaos Flamencos","article_publisher":"https:\/\/www.facebook.com\/tablaosflamencos","article_published_time":"2026-09-06T14:39:25+00:00","article_modified_time":"2026-09-06T17:32:02+00:00","og_image":[{"width":1672,"height":941,"url":"https:\/\/www.tablaosflamencos.com\/wp-content\/uploads\/festival-internacional-de-guitarra-pepe-romero-2026-en-malaga-programa-artistas-conciertos-flamencos-sedes-y-entradas-01.webp","type":"image\/webp"}],"author":"Miguel Ortiz","twitter_card":"summary_large_image","twitter_creator":"@tablaosflamenco","twitter_site":"@tablaosflamenco","twitter_misc":{"Escrito por":"Miguel Ortiz","Tempo estimado de leitura":"19 minutos"},"schema":{"@context":"https:\/\/schema.org","@graph":[{"@type":"Article","@id":"https:\/\/www.tablaosflamencos.com\/pt-pt\/festival-guitarra-pepe-romero-malaga-2026.html#article","isPartOf":{"@id":"https:\/\/www.tablaosflamencos.com\/pt-pt\/festival-guitarra-pepe-romero-malaga-2026.html"},"author":{"name":"Miguel Ortiz","@id":"https:\/\/www.tablaosflamencos.com\/pt-pt#\/schema\/person\/e7a9ebe14eb75a52ceabfbffb3c54f5d"},"headline":"Festival Internacional de Guitarra Pepe Romero 2026 em M\u00e1laga: programa, artistas, concertos de flamenco, locais e bilhetes","datePublished":"2026-09-06T14:39:25+00:00","dateModified":"2026-09-06T17:32:02+00:00","mainEntityOfPage":{"@id":"https:\/\/www.tablaosflamencos.com\/pt-pt\/festival-guitarra-pepe-romero-malaga-2026.html"},"wordCount":3815,"publisher":{"@id":"https:\/\/www.tablaosflamencos.com\/pt-pt#organization"},"image":{"@id":"https:\/\/www.tablaosflamencos.com\/pt-pt\/festival-guitarra-pepe-romero-malaga-2026.html#primaryimage"},"thumbnailUrl":"https:\/\/www.tablaosflamencos.com\/wp-content\/uploads\/festival-internacional-de-guitarra-pepe-romero-2026-en-malaga-programa-artistas-conciertos-flamencos-sedes-y-entradas-01.webp","keywords":["guitarra flamenca"],"articleSection":["Festivais de flamenco"],"inLanguage":"pt-PT"},{"@type":"WebPage","@id":"https:\/\/www.tablaosflamencos.com\/pt-pt\/festival-guitarra-pepe-romero-malaga-2026.html","url":"https:\/\/www.tablaosflamencos.com\/pt-pt\/festival-guitarra-pepe-romero-malaga-2026.html","name":"Festival Guitarra Pepe Romero M\u00e1laga 2026: programa e bilhetes","isPartOf":{"@id":"https:\/\/www.tablaosflamencos.com\/pt-pt#website"},"primaryImageOfPage":{"@id":"https:\/\/www.tablaosflamencos.com\/pt-pt\/festival-guitarra-pepe-romero-malaga-2026.html#primaryimage"},"image":{"@id":"https:\/\/www.tablaosflamencos.com\/pt-pt\/festival-guitarra-pepe-romero-malaga-2026.html#primaryimage"},"thumbnailUrl":"https:\/\/www.tablaosflamencos.com\/wp-content\/uploads\/festival-internacional-de-guitarra-pepe-romero-2026-en-malaga-programa-artistas-conciertos-flamencos-sedes-y-entradas-01.webp","datePublished":"2026-09-06T14:39:25+00:00","dateModified":"2026-09-06T17:32:02+00:00","description":"Festival Internacional de Guitarra Pepe Romero 2026 em M\u00e1laga: 15 concertos, flamenco, artistas, locais, pre\u00e7os e bilhetes.","breadcrumb":{"@id":"https:\/\/www.tablaosflamencos.com\/pt-pt\/festival-guitarra-pepe-romero-malaga-2026.html#breadcrumb"},"inLanguage":"pt-PT","potentialAction":[{"@type":"ReadAction","target":["https:\/\/www.tablaosflamencos.com\/pt-pt\/festival-guitarra-pepe-romero-malaga-2026.html"]}]},{"@type":"ImageObject","inLanguage":"pt-PT","@id":"https:\/\/www.tablaosflamencos.com\/pt-pt\/festival-guitarra-pepe-romero-malaga-2026.html#primaryimage","url":"https:\/\/www.tablaosflamencos.com\/wp-content\/uploads\/festival-internacional-de-guitarra-pepe-romero-2026-en-malaga-programa-artistas-conciertos-flamencos-sedes-y-entradas-01.webp","contentUrl":"https:\/\/www.tablaosflamencos.com\/wp-content\/uploads\/festival-internacional-de-guitarra-pepe-romero-2026-en-malaga-programa-artistas-conciertos-flamencos-sedes-y-entradas-01.webp","width":1672,"height":941,"caption":"Guitarrista en concierto nocturno en M\u00e1laga para el Festival Internacional de Guitarra Pepe Romero 2026"},{"@type":"BreadcrumbList","@id":"https:\/\/www.tablaosflamencos.com\/pt-pt\/festival-guitarra-pepe-romero-malaga-2026.html#breadcrumb","itemListElement":[{"@type":"ListItem","position":1,"name":"Home","item":"https:\/\/www.tablaosflamencos.com\/pt-pt"},{"@type":"ListItem","position":2,"name":"Festival Internacional de Guitarra Pepe Romero 2026 em M\u00e1laga: programa, artistas, concertos de flamenco, locais e bilhetes"}]},{"@type":"WebSite","@id":"https:\/\/www.tablaosflamencos.com\/pt-pt#website","url":"https:\/\/www.tablaosflamencos.com\/pt-pt","name":"Tablaos Flamencos","description":"Entradas para tablaos flamencos de Espa\u00f1a","publisher":{"@id":"https:\/\/www.tablaosflamencos.com\/pt-pt#organization"},"alternateName":"Tablaos Flamencos","potentialAction":[{"@type":"SearchAction","target":{"@type":"EntryPoint","urlTemplate":"https:\/\/www.tablaosflamencos.com\/pt-pt?s={search_term_string}"},"query-input":{"@type":"PropertyValueSpecification","valueRequired":true,"valueName":"search_term_string"}}],"inLanguage":"pt-PT"},{"@type":["Organization","Place","EntertainmentBusiness"],"@id":"https:\/\/www.tablaosflamencos.com\/pt-pt#organization","name":"Tablaos Flamencos","alternateName":"Tablaos Flamencos","url":"https:\/\/www.tablaosflamencos.com\/pt-pt","logo":{"@id":"https:\/\/www.tablaosflamencos.com\/pt-pt\/festival-guitarra-pepe-romero-malaga-2026.html#local-main-organization-logo"},"image":{"@id":"https:\/\/www.tablaosflamencos.com\/pt-pt\/festival-guitarra-pepe-romero-malaga-2026.html#local-main-organization-logo"},"sameAs":["https:\/\/www.facebook.com\/tablaosflamencos","https:\/\/x.com\/tablaosflamenco","https:\/\/mastodon.social\/@tablaosflamencos","https:\/\/www.instagram.com\/tablaosflamencos","https:\/\/tiktok.com\/@tablaosflamencos","https:\/\/www.linkedin.com\/company\/109408238\/"],"description":"Venta de entradas para espect\u00e1culos flamencos","legalName":"Tablaos Flamencos","foundingDate":"2015-01-01","numberOfEmployees":{"@type":"QuantitativeValue","minValue":"1","maxValue":"10"},"address":{"@id":"https:\/\/www.tablaosflamencos.com\/pt-pt\/festival-guitarra-pepe-romero-malaga-2026.html#local-main-place-address"},"geo":{"@type":"GeoCoordinates","latitude":"37.3868072","longitude":"-5.993280299999999"},"telephone":["+34623787787"],"contactPoint":{"@type":"ContactPoint","telephone":"+34623787787","email":"info@tablaosflamencos.com"},"openingHoursSpecification":{"@type":"OpeningHoursSpecification","dayOfWeek":["Monday","Tuesday","Wednesday","Thursday","Friday","Saturday","Sunday"],"opens":"00:00","closes":"23:59"},"email":"info@tablaosflamencos.com","priceRange":"$$$","currenciesAccepted":"\u20ac"},{"@type":"Person","@id":"https:\/\/www.tablaosflamencos.com\/pt-pt#\/schema\/person\/e7a9ebe14eb75a52ceabfbffb3c54f5d","name":"Miguel Ortiz","description":"Miguel Ortiz es un empresario flamenco, con una s\u00f3lida trayectoria dentro del sector. Ha presidido entidades culturales vinculadas al flamenco y, cuenta con un amplio recorrido profesional en la gesti\u00f3n y promoci\u00f3n de espect\u00e1culos y tablaos flamencos. Su pasi\u00f3n por la historia y el arte flamenco se refleja en cada art\u00edculo, donde combina experiencia, criterio y un profundo respeto por la tradici\u00f3n.","sameAs":["https:\/\/www.tablaosflamencos.com","https:\/\/www.instagra.com\/miguelortizfe","https:\/\/www.linkedin.com\/in\/miguelortizf\/"],"birthDate":"1984-11-22","gender":"hombre","knowsLanguage":["espa\u00f1ol","ingl\u00e9s"],"jobTitle":"Empresario flamenco"},{"@type":"PostalAddress","@id":"https:\/\/www.tablaosflamencos.com\/pt-pt\/festival-guitarra-pepe-romero-malaga-2026.html#local-main-place-address","streetAddress":"C\/ Alemanes, 19","addressLocality":"Sevilla","postalCode":"41004","addressRegion":"Sevilla","addressCountry":"ES"},{"@type":"ImageObject","inLanguage":"pt-PT","@id":"https:\/\/www.tablaosflamencos.com\/pt-pt\/festival-guitarra-pepe-romero-malaga-2026.html#local-main-organization-logo","url":"https:\/\/www.tablaosflamencos.com\/wp-content\/uploads\/tablaos-flamencos-06-3.webp","contentUrl":"https:\/\/www.tablaosflamencos.com\/wp-content\/uploads\/tablaos-flamencos-06-3.webp","width":600,"height":620,"caption":"Tablaos Flamencos"}]},"geo.placename":"Sevilla","geo.position":{"lat":"37.3868072","long":"-5.993280299999999"},"geo.region":"Espanha"},"_links":{"self":[{"href":"https:\/\/www.tablaosflamencos.com\/pt-pt\/wp-json\/wp\/v2\/posts\/15110","targetHints":{"allow":["GET"]}}],"collection":[{"href":"https:\/\/www.tablaosflamencos.com\/pt-pt\/wp-json\/wp\/v2\/posts"}],"about":[{"href":"https:\/\/www.tablaosflamencos.com\/pt-pt\/wp-json\/wp\/v2\/types\/post"}],"author":[{"embeddable":true,"href":"https:\/\/www.tablaosflamencos.com\/pt-pt\/wp-json\/wp\/v2\/users\/1"}],"replies":[{"embeddable":true,"href":"https:\/\/www.tablaosflamencos.com\/pt-pt\/wp-json\/wp\/v2\/comments?post=15110"}],"version-history":[{"count":1,"href":"https:\/\/www.tablaosflamencos.com\/pt-pt\/wp-json\/wp\/v2\/posts\/15110\/revisions"}],"predecessor-version":[{"id":15128,"href":"https:\/\/www.tablaosflamencos.com\/pt-pt\/wp-json\/wp\/v2\/posts\/15110\/revisions\/15128"}],"wp:featuredmedia":[{"embeddable":true,"href":"https:\/\/www.tablaosflamencos.com\/pt-pt\/wp-json\/wp\/v2\/media\/14939"}],"wp:attachment":[{"href":"https:\/\/www.tablaosflamencos.com\/pt-pt\/wp-json\/wp\/v2\/media?parent=15110"}],"wp:term":[{"taxonomy":"category","embeddable":true,"href":"https:\/\/www.tablaosflamencos.com\/pt-pt\/wp-json\/wp\/v2\/categories?post=15110"},{"taxonomy":"post_tag","embeddable":true,"href":"https:\/\/www.tablaosflamencos.com\/pt-pt\/wp-json\/wp\/v2\/tags?post=15110"}],"curies":[{"name":"wp","href":"https:\/\/api.w.org\/{rel}","templated":true}]}}