{"id":15086,"date":"2026-09-06T16:35:39","date_gmt":"2026-09-06T14:35:39","guid":{"rendered":"https:\/\/www.tablaosflamencos.com\/?p=15086"},"modified":"2026-09-06T17:04:33","modified_gmt":"2026-09-06T15:04:33","slug":"sala-revelacao-bienal-flamenco-sevilha-2026","status":"publish","type":"post","link":"https:\/\/www.tablaosflamencos.com\/pt-pt\/sala-revelacao-bienal-flamenco-sevilha-2026.html","title":{"rendered":"Sala de revela\u00e7\u00e3o da Bienal de Flamenco 2026: \u00abO invis\u00edvel tamb\u00e9m \u00e9 flamenco\u00bb"},"content":{"rendered":"<section class=\"l-section wpb_row height_huge\"><div class=\"l-section-h i-cf\"><div class=\"g-cols vc_row via_flex valign_top type_default stacking_default\"><div class=\"vc_col-sm-12 wpb_column vc_column_container\"><div class=\"vc_column-inner\"><div class=\"wpb_wrapper\"><div class=\"wpb_text_column\"><div class=\"wpb_wrapper\"><p>A XXIV Bienal de Flamenco de Sevilha quer que o p\u00fablico n\u00e3o veja apenas o resultado final em palco. Sob o lema <strong>\u00abO invis\u00edvel tamb\u00e9m \u00e9 flamenco\u00bb<\/strong>, a edi\u00e7\u00e3o de 2026 criou uma <strong>Sala de revela\u00e7\u00e3o<\/strong> que mostra uma parte do trabalho que normalmente fica fora do olhar do espectador: ensaios, pesquisas, testes, decis\u00f5es, conversas e processos de cria\u00e7\u00e3o de alguns dos artistas participantes.<\/p>\n<p>A instala\u00e7\u00e3o iniciou o seu percurso por Sevilha a 3 de setembro, passando por Triana, Nervi\u00f3n e pela zona da calle Feria. <strong>Desde s\u00e1bado, 5 de setembro de 2026, est\u00e1 instalada na Real F\u00e1brica de Artiller\u00eda<\/strong>, um dos espa\u00e7os da Bienal, onde o relato continua com fotografias, conte\u00fados sonoros, entrevistas e podcasts. \u00c9 tamb\u00e9m uma das propostas mais interessantes para compreender a Bienal para al\u00e9m do seu cartaz de espet\u00e1culos.<\/p>\n<\/div><\/div><\/div><\/div><\/div><\/div><\/div><\/section><section class=\"l-section wpb_row height_huge color_alternate with_shape\"><div class=\"l-section-shape type_zigzag pos_top hor_flip\" style=\"height:3vmin;\"><svg xmlns=\"http:\/\/www.w3.org\/2000\/svg\" viewBox=\"0 0 64 8\" preserveAspectRatio=\"none\" width=\"100%\" height=\"100%\">\r\n\t<path fill=\"currentColor\" d=\"M64 8 L0 8 L0 0 L20 7.9 L40 3 L48 5 L64 0 Z\"\/>\r\n<\/svg><\/div><div class=\"l-section-shape type_zigzag pos_bottom\" style=\"height:3vmin;\"><svg xmlns=\"http:\/\/www.w3.org\/2000\/svg\" viewBox=\"0 0 64 8\" preserveAspectRatio=\"none\" width=\"100%\" height=\"100%\">\r\n\t<path fill=\"currentColor\" d=\"M64 8 L0 8 L0 0 L20 7.9 L40 3 L48 5 L64 0 Z\"\/>\r\n<\/svg><\/div><div class=\"l-section-h i-cf\"><div class=\"g-cols vc_row via_flex valign_top type_default stacking_default\"><div class=\"vc_col-sm-12 wpb_column vc_column_container\"><div class=\"vc_column-inner\"><div class=\"wpb_wrapper\"><div class=\"wpb_text_column\"><div class=\"wpb_wrapper\"><blockquote>\n<p><strong>Resposta r\u00e1pida:<\/strong> a Sala de revela\u00e7\u00e3o \u00e9 uma instala\u00e7\u00e3o visual e sonora da Bienal de Flamenco de Sevilha 2026 que permite descobrir como trabalham os artistas antes de chegarem ao palco. Depois de percorrer v\u00e1rios bairros de Sevilha, desde 5 de setembro encontra-se na <strong>Real F\u00e1brica de Artiller\u00eda<\/strong>. A organiza\u00e7\u00e3o ainda n\u00e3o publicou um hor\u00e1rio independente espec\u00edfico para a Sala, pelo que \u00e9 aconselh\u00e1vel consultar a informa\u00e7\u00e3o oficial do espa\u00e7o antes da visita.<\/p>\n<\/blockquote>\n<\/div><\/div><\/div><\/div><\/div><\/div><\/div><\/section><section class=\"l-section wpb_row height_huge\"><div class=\"l-section-h i-cf\"><div class=\"g-cols vc_row via_flex valign_top type_default stacking_default\"><div class=\"vc_col-sm-12 wpb_column vc_column_container\"><div class=\"vc_column-inner\"><div class=\"wpb_wrapper\"><div class=\"wpb_text_column\"><div class=\"wpb_wrapper\"><h2>O que \u00e9 a Sala de revela\u00e7\u00e3o da Bienal 2026?<\/h2>\n<p>A Sala de revela\u00e7\u00e3o \u00e9 um dispositivo expositivo e experiencial concebido por <strong>Surnames e La Ejecutora<\/strong> para a XXIV Bienal de Flamenco de Sevilha. O seu objetivo \u00e9 simples de explicar, mas pouco habitual num festival: mostrar ao p\u00fablico aquilo que acontece <em>antes<\/em> de uma obra estar conclu\u00edda.<\/p>\n<p>Normalmente conhecemos um espet\u00e1culo quando chega ao teatro. Vemos a coreografia fechada, ouvimos a m\u00fasica j\u00e1 organizada e assistimos a uma proposta que atravessou muitas semanas ou meses de trabalho. No entanto, ficam ocultos os ensaios, as d\u00favidas, os descartes, as descobertas inesperadas e a forma como cada artista constr\u00f3i a sua linguagem.<\/p>\n<p>A Bienal transforma esse processo em parte do pr\u00f3prio relato de 2026. A instala\u00e7\u00e3o evoca deliberadamente um <strong>laborat\u00f3rio de revela\u00e7\u00e3o fotogr\u00e1fica<\/strong>: tal como uma imagem surge pouco a pouco no papel, a Sala procura tornar vis\u00edvel um trabalho que j\u00e1 estava ali, embora o p\u00fablico ainda n\u00e3o o pudesse ver.<\/p>\n<p>Esta ideia liga-se diretamente ao conceito geral da edi\u00e7\u00e3o. A Bienal n\u00e3o se apresenta apenas como as semanas em que Sevilha concentra dezenas de espet\u00e1culos, mas como o resultado de uma rede art\u00edstica e humana que trabalha ao longo de todo o ano. Por isso, a proposta convida a olhar para o flamenco n\u00e3o apenas como espet\u00e1culo, mas tamb\u00e9m como investiga\u00e7\u00e3o, of\u00edcio e processo criativo.<\/p>\n<\/div><\/div><\/div><\/div><\/div><\/div><\/div><\/section><section class=\"l-section wpb_row height_huge color_alternate with_shape\"><div class=\"l-section-shape type_zigzag pos_top hor_flip\" style=\"height:3vmin;\"><svg xmlns=\"http:\/\/www.w3.org\/2000\/svg\" viewBox=\"0 0 64 8\" preserveAspectRatio=\"none\" width=\"100%\" height=\"100%\">\r\n\t<path fill=\"currentColor\" d=\"M64 8 L0 8 L0 0 L20 7.9 L40 3 L48 5 L64 0 Z\"\/>\r\n<\/svg><\/div><div class=\"l-section-shape type_zigzag pos_bottom\" style=\"height:3vmin;\"><svg xmlns=\"http:\/\/www.w3.org\/2000\/svg\" viewBox=\"0 0 64 8\" preserveAspectRatio=\"none\" width=\"100%\" height=\"100%\">\r\n\t<path fill=\"currentColor\" d=\"M64 8 L0 8 L0 0 L20 7.9 L40 3 L48 5 L64 0 Z\"\/>\r\n<\/svg><\/div><div class=\"l-section-h i-cf\"><div class=\"g-cols vc_row via_flex valign_top type_default stacking_default\"><div class=\"vc_col-sm-12 wpb_column vc_column_container\"><div class=\"vc_column-inner\"><div class=\"wpb_wrapper\"><div class=\"wpb_text_column\"><div class=\"wpb_wrapper\"><h2>Onde est\u00e1 a Sala de revela\u00e7\u00e3o: percurso por Sevilha e localiza\u00e7\u00e3o atual<\/h2>\n<p>A instala\u00e7\u00e3o nasceu com car\u00e1ter itinerante e come\u00e7ou a percorrer a cidade antes mesmo do in\u00edcio oficial da Bienal, cuja programa\u00e7\u00e3o de palco decorre de 9 de setembro a 3 de outubro.<\/p>\n<ul>\n<li><strong>3 de setembro:<\/strong> apresenta\u00e7\u00e3o na calle San Jacinto, em Triana.<\/li>\n<li><strong>4 de setembro, 12:00:<\/strong> calle Enramadilla, na zona de El Prado\/Nervi\u00f3n.<\/li>\n<li><strong>4 de setembro, 18:30:<\/strong> Plaza Calder\u00f3n de la Barca, junto ao Palacio de los Marqueses de la Algaba e \u00e0 zona da calle Feria.<\/li>\n<li><strong>Desde 5 de setembro:<\/strong> <strong>Real F\u00e1brica de Artiller\u00eda<\/strong>, ponto final do percurso itinerante.<\/li>\n<\/ul>\n<p>A escolha destes locais permite que a iniciativa saia do circuito estritamente teatral e encontre residentes e visitantes em diferentes zonas de Sevilha. A \u00faltima etapa tem ainda um interesse especial: a Real F\u00e1brica de Artiller\u00eda \u00e9 um dos espa\u00e7os protagonistas da Bienal 2026 e acolhe tamb\u00e9m outras propostas culturais.<\/p>\n<p>Se pretende deslocar-se especificamente para visitar a instala\u00e7\u00e3o, tenha em conta que a informa\u00e7\u00e3o oficial publicada at\u00e9 ao momento <strong>n\u00e3o estabelece um hor\u00e1rio pr\u00f3prio e independente para a Sala de revela\u00e7\u00e3o<\/strong>. Recomendamos verificar as novidades da Bienal e as condi\u00e7\u00f5es de acesso \u00e0 Real F\u00e1brica de Artiller\u00eda no pr\u00f3prio dia da visita.<\/p>\n<\/div><\/div><\/div><\/div><\/div><\/div><\/div><\/section><section class=\"l-section wpb_row height_huge\"><div class=\"l-section-h i-cf\"><div class=\"g-cols vc_row via_flex valign_top type_default stacking_default\"><div class=\"vc_col-sm-12 wpb_column vc_column_container\"><div class=\"vc_column-inner\"><div class=\"wpb_wrapper\"><div class=\"wpb_text_column\"><div class=\"wpb_wrapper\"><h2>O que se pode ver e ouvir<\/h2>\n<p>A experi\u00eancia combina diferentes camadas. N\u00e3o se trata simplesmente de uma exposi\u00e7\u00e3o de fotografias. A instala\u00e7\u00e3o foi concebida para que o visitante v\u00e1 descobrindo progressivamente o que acontece nos espa\u00e7os de trabalho dos artistas.<\/p>\n<h3>Fotografias dos processos criativos<\/h3>\n<p>Uma parte essencial do projeto s\u00e3o as imagens realizadas pela fot\u00f3grafa <strong>Laura Le\u00f3n<\/strong>, que acompanhou diferentes artistas da Bienal em est\u00fadios e salas de ensaio. A sua c\u00e2mara documenta momentos de pesquisa, repeti\u00e7\u00e3o, concentra\u00e7\u00e3o e di\u00e1logo que normalmente desaparecem quando uma obra chega conclu\u00edda ao palco.<\/p>\n<p>A pr\u00f3pria arquitetura da instala\u00e7\u00e3o joga com a ideia de olhar e descobrir. Do exterior pode observar-se atrav\u00e9s de pequenas aberturas, enquanto o acesso ao interior permite aprofundar os conte\u00fados. O visitante n\u00e3o recebe o resultado de uma s\u00f3 vez: vai-o \u00abrevelando\u00bb.<\/p>\n<h3>Vozes, entrevistas e podcasts<\/h3>\n<p>A proposta acrescenta as vozes dos protagonistas atrav\u00e9s de entrevistas e podcasts realizados para a iniciativa. \u00c9 especialmente interessante porque permite ouvir os artistas explicar como tomam decis\u00f5es, o que investigam, o que muda durante os ensaios e que partes de uma cria\u00e7\u00e3o acabam por se tornar fundamentais ou, pelo contr\u00e1rio, s\u00e3o descartadas.<\/p>\n<p>Para quem acompanha a programa\u00e7\u00e3o da <a href=\"https:\/\/www.tablaosflamencos.com\/bienal-flamenco-sevilla\">Bienal de Flamenco de Sevilha<\/a>, estes testemunhos oferecem um contexto que pode mudar a forma de ver posteriormente os espet\u00e1culos. Conhecer o caminho anterior ajuda a compreender melhor por que raz\u00e3o uma obra tem determinada estrutura, uma sonoridade concreta ou uma forma particular de relacionar dan\u00e7a, cante e m\u00fasica.<\/p>\n<\/div><\/div><\/div><\/div><\/div><\/div><\/div><\/section><section class=\"l-section wpb_row height_huge color_alternate with_shape\"><div class=\"l-section-shape type_zigzag pos_top hor_flip\" style=\"height:3vmin;\"><svg xmlns=\"http:\/\/www.w3.org\/2000\/svg\" viewBox=\"0 0 64 8\" preserveAspectRatio=\"none\" width=\"100%\" height=\"100%\">\r\n\t<path fill=\"currentColor\" d=\"M64 8 L0 8 L0 0 L20 7.9 L40 3 L48 5 L64 0 Z\"\/>\r\n<\/svg><\/div><div class=\"l-section-shape type_zigzag pos_bottom\" style=\"height:3vmin;\"><svg xmlns=\"http:\/\/www.w3.org\/2000\/svg\" viewBox=\"0 0 64 8\" preserveAspectRatio=\"none\" width=\"100%\" height=\"100%\">\r\n\t<path fill=\"currentColor\" d=\"M64 8 L0 8 L0 0 L20 7.9 L40 3 L48 5 L64 0 Z\"\/>\r\n<\/svg><\/div><div class=\"l-section-h i-cf\"><div class=\"g-cols vc_row via_flex valign_top type_default stacking_default\"><div class=\"vc_col-sm-12 wpb_column vc_column_container\"><div class=\"vc_column-inner\"><div class=\"wpb_wrapper\"><div class=\"wpb_text_column\"><div class=\"wpb_wrapper\"><h2>Que artistas participam em \u00abO invis\u00edvel tamb\u00e9m \u00e9 flamenco\u00bb<\/h2>\n<p>A Bienal reuniu para este projeto artistas de diferentes gera\u00e7\u00f5es e disciplinas. Entre os nomes divulgados pela organiza\u00e7\u00e3o encontram-se:<\/p>\n<ul>\n<li><strong>Patricia Guerrero<\/strong> e o Ballet Flamenco de Andaluc\u00eda.<\/li>\n<li><strong>Manuel Li\u00f1\u00e1n<\/strong>.<\/li>\n<li><strong>Ana Morales<\/strong>.<\/li>\n<li><strong>Andr\u00e9s Mar\u00edn<\/strong>.<\/li>\n<li><strong>David Coria<\/strong>.<\/li>\n<li><strong>Juan Tom\u00e1s de la Mol\u00eda<\/strong>.<\/li>\n<li><strong>\u00c1gueda Saavedra<\/strong>.<\/li>\n<li><strong>Rosario La Tremendita<\/strong>.<\/li>\n<li><strong>Encarna Anillo<\/strong>.<\/li>\n<li><strong>Rafael Riqueni<\/strong>.<\/li>\n<li>O saxofonista <strong>Tim Ries<\/strong>.<\/li>\n<li>A <strong>Real Orquesta Sinf\u00f3nica de Sevilla (ROSS)<\/strong>.<\/li>\n<\/ul>\n<p>A presen\u00e7a de perfis t\u00e3o diferentes \u00e9 um dos pontos fortes da Sala. Permite perceber que n\u00e3o existe uma \u00fanica forma de criar flamenco. Um bailaor, uma cantaora, um guitarrista, uma companhia ou uma orquestra partem de ferramentas e tempos diferentes. Precisamente por isso \u00e9 interessante observar os elementos que partilham: repeti\u00e7\u00e3o, escuta, investiga\u00e7\u00e3o, mem\u00f3ria, intui\u00e7\u00e3o e um processo constante de transforma\u00e7\u00e3o.<\/p>\n<p>A comunica\u00e7\u00e3o inicial da Bienal mencionou tamb\u00e9m <strong>Marina Heredia<\/strong>, embora nesse primeiro an\u00fancio a sua participa\u00e7\u00e3o ainda aparecesse como pendente de confirma\u00e7\u00e3o. Preferimos manter esta precis\u00e3o at\u00e9 que a organiza\u00e7\u00e3o atualize definitivamente esse ponto.<\/p>\n<\/div><\/div><\/div><\/div><\/div><\/div><\/div><\/section><section class=\"l-section wpb_row height_huge\"><div class=\"l-section-h i-cf\"><div class=\"g-cols vc_row via_flex valign_top type_default stacking_default\"><div class=\"vc_col-sm-12 wpb_column vc_column_container\"><div class=\"vc_column-inner\"><div class=\"wpb_wrapper\"><div class=\"wpb_text_column\"><div class=\"wpb_wrapper\"><h2>Laura Le\u00f3n: a fotografia como porta de entrada para o ensaio<\/h2>\n<p>A escolha de Laura Le\u00f3n n\u00e3o \u00e9 um elemento secund\u00e1rio. A fot\u00f3grafa tem uma longa trajet\u00f3ria documental e colaborou com meios nacionais e internacionais como <em>The New York Times<\/em>, <em>Time<\/em>, <em>Der Spiegel<\/em>, <em>The Guardian<\/em> ou <em>El Pa\u00eds Semanal<\/em>. A Bienal colocou-a numa posi\u00e7\u00e3o privilegiada: n\u00e3o fotografar o espet\u00e1culo terminado, mas entrar nos lugares onde est\u00e1 a ser constru\u00eddo.<\/p>\n<p>Essa mudan\u00e7a de ponto de vista altera tamb\u00e9m a natureza das imagens. Um ensaio n\u00e3o foi pensado para ser visto por um p\u00fablico. H\u00e1 gestos de concentra\u00e7\u00e3o, pausas, conversas e repeti\u00e7\u00f5es que n\u00e3o fazem parte da cena final, mas explicam muito sobre ela. A Sala de revela\u00e7\u00e3o transforma essas imagens em mem\u00f3ria do processo e n\u00e3o apenas em material promocional.<\/p>\n<p>Para uma edi\u00e7\u00e3o que insiste que \u00abo invis\u00edvel tamb\u00e9m \u00e9 flamenco\u00bb, a fotografia documental funciona como uma ferramenta especialmente coerente: fixa algo que normalmente desaparece assim que termina o ensaio e permite que o espectador o observe depois.<\/p>\n<\/div><\/div><\/div><\/div><\/div><\/div><\/div><\/section><section class=\"l-section wpb_row height_huge color_alternate with_shape\"><div class=\"l-section-shape type_zigzag pos_top hor_flip\" style=\"height:3vmin;\"><svg xmlns=\"http:\/\/www.w3.org\/2000\/svg\" viewBox=\"0 0 64 8\" preserveAspectRatio=\"none\" width=\"100%\" height=\"100%\">\r\n\t<path fill=\"currentColor\" d=\"M64 8 L0 8 L0 0 L20 7.9 L40 3 L48 5 L64 0 Z\"\/>\r\n<\/svg><\/div><div class=\"l-section-shape type_zigzag pos_bottom\" style=\"height:3vmin;\"><svg xmlns=\"http:\/\/www.w3.org\/2000\/svg\" viewBox=\"0 0 64 8\" preserveAspectRatio=\"none\" width=\"100%\" height=\"100%\">\r\n\t<path fill=\"currentColor\" d=\"M64 8 L0 8 L0 0 L20 7.9 L40 3 L48 5 L64 0 Z\"\/>\r\n<\/svg><\/div><div class=\"l-section-h i-cf\"><div class=\"g-cols vc_row via_flex valign_top type_default stacking_default\"><div class=\"vc_col-sm-12 wpb_column vc_column_container\"><div class=\"vc_column-inner\"><div class=\"wpb_wrapper\"><div class=\"wpb_text_column\"><div class=\"wpb_wrapper\"><h2>A Bienal revela-se tamb\u00e9m na internet<\/h2>\n<p>O projeto n\u00e3o termina na instala\u00e7\u00e3o f\u00edsica. A Bienal criou tamb\u00e9m a plataforma digital <a href=\"https:\/\/labienalserevela.com\/\" target=\"_blank\" rel=\"noopener\">La Bienal se revela<\/a>, que complementa o site oficial e re\u00fane entrevistas, cr\u00f3nicas, galerias, \u00e1udios, podcasts e v\u00eddeos relacionados com os processos criativos e com as a\u00e7\u00f5es desenvolvidas em torno da edi\u00e7\u00e3o de 2026.<\/p>\n<p>Isto permite acompanhar o projeto mesmo a quem n\u00e3o possa visitar Sevilha nesses dias. E, sobretudo, prolonga o valor documental da iniciativa: ensaios e testemunhos deixam de ser uma a\u00e7\u00e3o ef\u00e9mera para se transformarem num arquivo ao qual regressar.<\/p>\n<p>A proposta enquadra-se numa tend\u00eancia especialmente interessante do flamenco contempor\u00e2neo: documentar n\u00e3o apenas a obra final, mas tamb\u00e9m a investiga\u00e7\u00e3o que a torna poss\u00edvel. Para aficionados, estudantes e profissionais pode ser uma fonte de grande valor, porque permite observar decis\u00f5es criativas que quase nunca fazem parte de programas de sala ou de entrevistas promocionais convencionais.<\/p>\n<\/div><\/div><\/div><\/div><\/div><\/div><\/div><\/section><section class=\"l-section wpb_row height_huge\"><div class=\"l-section-h i-cf\"><div class=\"g-cols vc_row via_flex valign_top type_default stacking_default\"><div class=\"vc_col-sm-12 wpb_column vc_column_container\"><div class=\"vc_column-inner\"><div class=\"wpb_wrapper\"><div class=\"wpb_text_column\"><div class=\"wpb_wrapper\"><h2>Uma experi\u00eancia participativa: o sorteio de bilhetes da Bienal<\/h2>\n<p>Durante o percurso da Sala, a performer flamenca <strong>Noem\u00ed Mart\u00ednez Chico<\/strong>, especializada em interven\u00e7\u00f5es em espa\u00e7os n\u00e3o convencionais, acompanhou a instala\u00e7\u00e3o e convidou o p\u00fablico a \u00abrevelar o seu lado mais flamenco\u00bb diante da c\u00e2mara.<\/p>\n<p>A Bienal associou esta participa\u00e7\u00e3o a um <strong>sorteio de bilhetes para os seus espet\u00e1culos<\/strong>. Segundo as indica\u00e7\u00f5es divulgadas pela organiza\u00e7\u00e3o, quem participa presencialmente pode entrar no sorteio e existe tamb\u00e9m uma forma de participar atrav\u00e9s das redes sociais, identificando <strong>@labienaldeflamenco<\/strong> e utilizando a mensagem indicada pela pr\u00f3pria Bienal.<\/p>\n<p>Como as condi\u00e7\u00f5es deste tipo de a\u00e7\u00e3o podem ser atualizadas, recomendamos consultar os perfis oficiais antes de participar. O mais interessante, em qualquer caso, \u00e9 que a instala\u00e7\u00e3o n\u00e3o apresenta o visitante como um observador totalmente passivo: integra-o no relato e transforma a rua e o espa\u00e7o expositivo em pontos de encontro.<\/p>\n<\/div><\/div><\/div><\/div><\/div><\/div><\/div><\/section><section class=\"l-section wpb_row height_huge color_alternate with_shape\"><div class=\"l-section-shape type_zigzag pos_top hor_flip\" style=\"height:3vmin;\"><svg xmlns=\"http:\/\/www.w3.org\/2000\/svg\" viewBox=\"0 0 64 8\" preserveAspectRatio=\"none\" width=\"100%\" height=\"100%\">\r\n\t<path fill=\"currentColor\" d=\"M64 8 L0 8 L0 0 L20 7.9 L40 3 L48 5 L64 0 Z\"\/>\r\n<\/svg><\/div><div class=\"l-section-shape type_zigzag pos_bottom\" style=\"height:3vmin;\"><svg xmlns=\"http:\/\/www.w3.org\/2000\/svg\" viewBox=\"0 0 64 8\" preserveAspectRatio=\"none\" width=\"100%\" height=\"100%\">\r\n\t<path fill=\"currentColor\" d=\"M64 8 L0 8 L0 0 L20 7.9 L40 3 L48 5 L64 0 Z\"\/>\r\n<\/svg><\/div><div class=\"l-section-h i-cf\"><div class=\"g-cols vc_row via_flex valign_top type_default stacking_default\"><div class=\"vc_col-sm-12 wpb_column vc_column_container\"><div class=\"vc_column-inner\"><div class=\"wpb_wrapper\"><div class=\"wpb_text_column\"><div class=\"wpb_wrapper\"><h2>O que mais ver na Real F\u00e1brica de Artiller\u00eda durante a Bienal<\/h2>\n<p>A chegada da Sala de revela\u00e7\u00e3o \u00e0 Real F\u00e1brica de Artiller\u00eda torna especialmente recomend\u00e1vel incluir este espa\u00e7o num dia dedicado \u00e0 Bienal. Ali pode visitar-se tamb\u00e9m <a href=\"https:\/\/www.tablaosflamencos.com\/la-noche-azul-opera-flamenca-bienal-sevilla-2026.html\"><strong>La noche azul<\/strong>, a exposi\u00e7\u00e3o dedicada \u00e0 \u00e9poca da \u00d3pera Flamenca<\/a>, com uma sele\u00e7\u00e3o excecional de documentos e pe\u00e7as hist\u00f3ricas.<\/p>\n<p>O contraste entre ambas as propostas \u00e9 muito sugestivo. <em>La noche azul<\/em> olha para um momento fundamental da hist\u00f3ria do flamenco, enquanto a Sala de revela\u00e7\u00e3o observa o presente ainda em constru\u00e7\u00e3o. Uma conserva vest\u00edgios do passado; a outra documenta o que est\u00e1 a acontecer agora e que, dentro de alguns anos, tamb\u00e9m far\u00e1 parte da mem\u00f3ria flamenca.<\/p>\n<p>Se est\u00e1 a organizar v\u00e1rios planos em torno do festival, consulte tamb\u00e9m o nosso guia de <a href=\"https:\/\/www.tablaosflamencos.com\/actividades-paralelas-bienal-flamenco-sevilla-2026.html\">atividades paralelas da Bienal 2026<\/a>, a sele\u00e7\u00e3o de <a href=\"https:\/\/www.tablaosflamencos.com\/bienal-flamenco-sevilla-2026-gratis.html\">espet\u00e1culos e atividades da Bienal que podem ser desfrutados gratuitamente<\/a> e o nosso guia sobre <a href=\"https:\/\/www.tablaosflamencos.com\/que-hacer-sevilla-durante-bienal-flamenco-2026.html\">o que fazer em Sevilha durante a Bienal de Flamenco 2026<\/a>.<\/p>\n<\/div><\/div><\/div><\/div><\/div><\/div><\/div><\/section><section class=\"l-section wpb_row height_huge\"><div class=\"l-section-h i-cf\"><div class=\"g-cols vc_row via_flex valign_top type_default stacking_default\"><div class=\"vc_col-sm-12 wpb_column vc_column_container\"><div class=\"vc_column-inner\"><div class=\"wpb_wrapper\"><div class=\"wpb_text_column\"><div class=\"wpb_wrapper\"><h2>Informa\u00e7\u00e3o pr\u00e1tica<\/h2>\n<table>\n<tbody>\n<tr>\n<th>Atividade<\/th>\n<td>Sala de revela\u00e7\u00e3o \u2014 \u00abO invis\u00edvel tamb\u00e9m \u00e9 flamenco\u00bb<\/td>\n<\/tr>\n<tr>\n<th>Evento<\/th>\n<td>XXIV Bienal de Flamenco de Sevilha 2026<\/td>\n<\/tr>\n<tr>\n<th>Tipo<\/th>\n<td>Instala\u00e7\u00e3o visual, sonora e participativa sobre processos criativos<\/td>\n<\/tr>\n<tr>\n<th>Localiza\u00e7\u00e3o desde 5 de setembro<\/th>\n<td>Real F\u00e1brica de Artiller\u00eda, Sevilha<\/td>\n<\/tr>\n<tr>\n<th>Percurso anterior<\/th>\n<td>San Jacinto (Triana), Enramadilla (Prado\/Nervi\u00f3n) e Plaza Calder\u00f3n de la Barca (calle Feria)<\/td>\n<\/tr>\n<tr>\n<th>Conte\u00fados<\/th>\n<td>Fotografias, ensaios, testemunhos, podcasts, entrevistas e v\u00eddeos<\/td>\n<\/tr>\n<tr>\n<th>Fotografia<\/th>\n<td>Laura Le\u00f3n<\/td>\n<\/tr>\n<tr>\n<th>Hor\u00e1rio<\/th>\n<td>A organiza\u00e7\u00e3o n\u00e3o publicou um hor\u00e1rio independente espec\u00edfico para a Sala nas informa\u00e7\u00f5es consultadas<\/td>\n<\/tr>\n<tr>\n<th>Informa\u00e7\u00e3o oficial<\/th>\n<td><a href=\"https:\/\/www.labienal.com\/\" target=\"_blank\" rel=\"noopener\">labienal.com<\/a> e <a href=\"https:\/\/labienalserevela.com\/\" target=\"_blank\" rel=\"noopener\">labienalserevela.com<\/a><\/td>\n<\/tr>\n<\/tbody>\n<\/table>\n<p><small>Informa\u00e7\u00e3o revista em 5 de setembro de 2026. A programa\u00e7\u00e3o, as condi\u00e7\u00f5es de acesso e as atividades participativas podem sofrer altera\u00e7\u00f5es, pelo que recomendamos consultar os canais oficiais antes da desloca\u00e7\u00e3o.<\/small><\/p>\n<\/div><\/div><\/div><\/div><\/div><\/div><\/div><\/section><section class=\"l-section wpb_row height_huge color_alternate with_shape\"><div class=\"l-section-shape type_zigzag pos_top hor_flip\" style=\"height:3vmin;\"><svg xmlns=\"http:\/\/www.w3.org\/2000\/svg\" viewBox=\"0 0 64 8\" preserveAspectRatio=\"none\" width=\"100%\" height=\"100%\">\r\n\t<path fill=\"currentColor\" d=\"M64 8 L0 8 L0 0 L20 7.9 L40 3 L48 5 L64 0 Z\"\/>\r\n<\/svg><\/div><div class=\"l-section-shape type_zigzag pos_bottom\" style=\"height:3vmin;\"><svg xmlns=\"http:\/\/www.w3.org\/2000\/svg\" viewBox=\"0 0 64 8\" preserveAspectRatio=\"none\" width=\"100%\" height=\"100%\">\r\n\t<path fill=\"currentColor\" d=\"M64 8 L0 8 L0 0 L20 7.9 L40 3 L48 5 L64 0 Z\"\/>\r\n<\/svg><\/div><div class=\"l-section-h i-cf\"><div class=\"g-cols vc_row via_flex valign_top type_default stacking_default\"><div class=\"vc_col-sm-12 wpb_column vc_column_container\"><div class=\"vc_column-inner\"><div class=\"wpb_wrapper\"><div class=\"wpb_text_column\"><div class=\"wpb_wrapper\"><h2>A nossa recomenda\u00e7\u00e3o<\/h2>\n<p>A Sala de revela\u00e7\u00e3o merece especialmente uma visita se j\u00e1 tem bilhetes para algum dos artistas que aparecem no projeto. Ver primeiro parte do seu processo criativo e assistir depois ao espet\u00e1culo pode oferecer uma leitura diferente da obra.<\/p>\n<p>Tamb\u00e9m a recomendamos a quem tem curiosidade sobre como se constr\u00f3i o flamenco contempor\u00e2neo. N\u00e3o \u00e9 uma proposta pensada apenas para especialistas: um dos seus objetivos \u00e9 precisamente aproximar esse trabalho invis\u00edvel de pessoas que talvez nunca tenham entrado numa sala de ensaio. Para quem estuda dan\u00e7a, cante, guitarra, composi\u00e7\u00e3o, dire\u00e7\u00e3o c\u00e9nica ou fotografia, o interesse \u00e9 ainda maior.<\/p>\n<p>E h\u00e1 um motivo adicional para a visitar: esta atividade resume muito bem uma das ideias mais interessantes da Bienal 2026. O flamenco n\u00e3o come\u00e7a quando o pano sobe. Antes h\u00e1 horas de trabalho que raramente vemos. A Sala de revela\u00e7\u00e3o coloca o foco exatamente a\u00ed.<\/p>\n<\/div><\/div><\/div><\/div><\/div><\/div><\/div><\/section><section class=\"l-section wpb_row height_huge\"><div class=\"l-section-h i-cf\"><div class=\"g-cols vc_row via_flex valign_top type_default stacking_default\"><div class=\"vc_col-sm-1\/5 wpb_column vc_column_container\"><div class=\"vc_column-inner\"><div class=\"wpb_wrapper\"><\/div><\/div><\/div><div class=\"vc_col-sm-3\/5 wpb_column vc_column_container\"><div class=\"vc_column-inner\"><div class=\"wpb_wrapper\"><div class=\"wpb_text_column\"><div class=\"wpb_wrapper\"><h2>Perguntas frequentes sobre a Sala de revela\u00e7\u00e3o<\/h2>\n<\/div><\/div><div class=\"w-separator size_medium\"><\/div><div class=\"w-tabs accordion toggle_style_1 has_scrolling\" style=\"--sections-title-size:inherit;--sections-gap:0.5rem;\"><div class=\"w-tabs-sections titles-align_none icon_chevron cpos_right\"><div class=\"w-tabs-section\" id=\"f2df\"><button type=\"button\" class=\"w-tabs-section-header\" aria-controls=\"content-f2df\" aria-expanded=\"false\"><div class=\"w-tabs-section-title\">Onde est\u00e1 agora a Sala de revela\u00e7\u00e3o da Bienal 2026?<\/div><div class=\"w-tabs-section-control\"><\/div><\/button><div  class=\"w-tabs-section-content\" id=\"content-f2df\"><div class=\"w-tabs-section-content-h i-cf\"><div class=\"wpb_text_column\"><div class=\"wpb_wrapper\"><p>Desde s\u00e1bado, 5 de setembro de 2026, a instala\u00e7\u00e3o encontra-se na <strong>Real F\u00e1brica de Artiller\u00eda de Sevilha<\/strong>, depois de ter passado por Triana, pela zona de El Prado\/Nervi\u00f3n e pelos arredores da calle Feria.<\/p>\n<\/div><\/div><\/div><\/div><\/div><div class=\"w-tabs-section\" id=\"o402\"><button type=\"button\" class=\"w-tabs-section-header\" aria-controls=\"content-o402\" aria-expanded=\"false\"><div class=\"w-tabs-section-title\">O que se v\u00ea na Sala de revela\u00e7\u00e3o?<\/div><div class=\"w-tabs-section-control\"><\/div><\/button><div  class=\"w-tabs-section-content\" id=\"content-o402\"><div class=\"w-tabs-section-content-h i-cf\"><div class=\"wpb_text_column\"><div class=\"wpb_wrapper\"><p>Fotografias documentais dos processos criativos, momentos de ensaio e materiais que mostram como trabalham diferentes artistas da Bienal. A experi\u00eancia \u00e9 ampliada com entrevistas, vozes, podcasts e outros conte\u00fados audiovisuais.<\/p>\n<\/div><\/div><\/div><\/div><\/div><div class=\"w-tabs-section\" id=\"h525\"><button type=\"button\" class=\"w-tabs-section-header\" aria-controls=\"content-h525\" aria-expanded=\"false\"><div class=\"w-tabs-section-title\">Que artistas aparecem no projeto?<\/div><div class=\"w-tabs-section-control\"><\/div><\/button><div  class=\"w-tabs-section-content\" id=\"content-h525\"><div class=\"w-tabs-section-content-h i-cf\"><div class=\"wpb_text_column\"><div class=\"wpb_wrapper\"><p>Entre os nomes divulgados pela Bienal est\u00e3o Patricia Guerrero e o Ballet Flamenco de Andaluc\u00eda, Manuel Li\u00f1\u00e1n, Ana Morales, Andr\u00e9s Mar\u00edn, David Coria, Juan Tom\u00e1s de la Mol\u00eda, \u00c1gueda Saavedra, Rosario La Tremendita, Encarna Anillo, Rafael Riqueni, Tim Ries e a Real Orquesta Sinf\u00f3nica de Sevilla.<\/p>\n<\/div><\/div><\/div><\/div><\/div><div class=\"w-tabs-section\" id=\"i638\"><button type=\"button\" class=\"w-tabs-section-header\" aria-controls=\"content-i638\" aria-expanded=\"false\"><div class=\"w-tabs-section-title\">\u00c9 necess\u00e1rio comprar bilhete para a Sala de revela\u00e7\u00e3o?<\/div><div class=\"w-tabs-section-control\"><\/div><\/button><div  class=\"w-tabs-section-content\" id=\"content-i638\"><div class=\"w-tabs-section-content-h i-cf\"><div class=\"wpb_text_column\"><div class=\"wpb_wrapper\"><p>A informa\u00e7\u00e3o oficial consultada n\u00e3o publica um bilhete, pre\u00e7o ou sistema de reserva espec\u00edfico para esta instala\u00e7\u00e3o. Durante o percurso inicial foi uma a\u00e7\u00e3o aberta ao p\u00fablico em diferentes pontos da rua. Desde a sua instala\u00e7\u00e3o na Real F\u00e1brica de Artiller\u00eda, recomendamos verificar as condi\u00e7\u00f5es de acesso atualizadas do espa\u00e7o e da Bienal.<\/p>\n<\/div><\/div><\/div><\/div><\/div><div class=\"w-tabs-section\" id=\"d73e\"><button type=\"button\" class=\"w-tabs-section-header\" aria-controls=\"content-d73e\" aria-expanded=\"false\"><div class=\"w-tabs-section-title\">Qual \u00e9 o hor\u00e1rio da Sala de revela\u00e7\u00e3o?<\/div><div class=\"w-tabs-section-control\"><\/div><\/button><div  class=\"w-tabs-section-content\" id=\"content-d73e\"><div class=\"w-tabs-section-content-h i-cf\"><div class=\"wpb_text_column\"><div class=\"wpb_wrapper\"><p>Nas informa\u00e7\u00f5es consultadas, a Bienal n\u00e3o publicou um hor\u00e1rio independente espec\u00edfico para a Sala depois de instalada na Real F\u00e1brica de Artiller\u00eda. \u00c9 aconselh\u00e1vel consultar o site e os perfis oficiais antes da visita.<\/p>\n<\/div><\/div><\/div><\/div><\/div><div class=\"w-tabs-section\" id=\"p821\"><button type=\"button\" class=\"w-tabs-section-header\" aria-controls=\"content-p821\" aria-expanded=\"false\"><div class=\"w-tabs-section-title\">\u00c9 poss\u00edvel participar no sorteio de bilhetes da Bienal?<\/div><div class=\"w-tabs-section-control\"><\/div><\/button><div  class=\"w-tabs-section-content\" id=\"content-p821\"><div class=\"w-tabs-section-content-h i-cf\"><div class=\"wpb_text_column\"><div class=\"wpb_wrapper\"><p>Sim. A organiza\u00e7\u00e3o associou a a\u00e7\u00e3o participativa de \u00abrevelar o seu lado mais flamenco\u00bb a um sorteio de bilhetes. Como as instru\u00e7\u00f5es podem ser atualizadas, recomendamos consultar os perfis oficiais da Bienal para conhecer as condi\u00e7\u00f5es em vigor.<\/p>\n<\/div><\/div><\/div><\/div><\/div><\/div><\/div><\/div><\/div><\/div><div class=\"vc_col-sm-1\/5 wpb_column vc_column_container\"><div class=\"vc_column-inner\"><div class=\"wpb_wrapper\"><\/div><\/div><\/div><\/div><\/div><\/section><section class=\"l-section wpb_row height_huge\"><div class=\"l-section-h i-cf\"><div class=\"g-cols vc_row via_flex valign_top type_default stacking_default\"><div class=\"vc_col-sm-12 wpb_column vc_column_container\"><div class=\"vc_column-inner\"><div class=\"wpb_wrapper\"><div class=\"wpb_text_column\"><div class=\"wpb_wrapper\"><h2>Mais sobre a Bienal de Flamenco de Sevilha 2026<\/h2>\n<p>A Sala de revela\u00e7\u00e3o faz parte de uma edi\u00e7\u00e3o especialmente extensa, com espet\u00e1culos, exposi\u00e7\u00f5es, encontros e atividades em diferentes espa\u00e7os de Sevilha. Pode acompanhar toda a nossa cobertura no <a href=\"https:\/\/www.tablaosflamencos.com\/bienal-flamenco-sevilla\"><strong>guia da Bienal de Flamenco de Sevilha<\/strong><\/a>, onde reunimos programa\u00e7\u00e3o, bilhetes, artistas, espa\u00e7os e recomenda\u00e7\u00f5es pr\u00e1ticas.<\/p>\n<\/div><\/div><\/div><\/div><\/div><\/div><\/div><\/section>\n","protected":false},"excerpt":{"rendered":"<p>Descubra a Sala de revela\u00e7\u00e3o da Bienal de Flamenco de Sevilha 2026, uma instala\u00e7\u00e3o sobre ensaios, processos criativos, fotografia, entrevistas e podcasts por detr\u00e1s dos espet\u00e1culos.<\/p>\n","protected":false},"author":1,"featured_media":14945,"comment_status":"closed","ping_status":"closed","sticky":false,"template":"","format":"standard","meta":{"_acf_changed":false,"wpai_generated_summary":"","_ayudawp_aiss_exclude":false,"_ayudawp_aiss_exclude_summary":false,"_ayudawp_aiss_summary":"","_ayudawp_aiss_summary_provider":"","_ayudawp_aiss_summary_hash":"","footnotes":""},"categories":[1430],"tags":[1256,1257,1188,1865,1259],"class_list":["post-15086","post","type-post","status-publish","format-standard","has-post-thumbnail","hentry","category-bienal-flamenco-sevilha","tag-bienal-2026","tag-bienal-de-flamenco","tag-flamenco-en-sevilla","tag-o-que-fazer-em-sevilha","tag-sevilla"],"acf":[],"yoast_head":"<!-- This site is optimized with the Yoast SEO Premium plugin v28.4 (Yoast SEO v28.4) - https:\/\/yoast.com\/product\/yoast-seo-premium-wordpress\/ -->\n<title>Sala de revela\u00e7\u00e3o Bienal de Flamenco 2026<\/title>\n<meta name=\"description\" content=\"Descubra a Sala de revela\u00e7\u00e3o da Bienal de Flamenco 2026: artistas, percurso, fotografias, podcasts e localiza\u00e7\u00e3o na Real F\u00e1brica de Artiller\u00eda.\" \/>\n<meta name=\"robots\" content=\"index, follow, max-snippet:-1, max-image-preview:large, max-video-preview:-1\" \/>\n<link rel=\"canonical\" href=\"https:\/\/www.tablaosflamencos.com\/pt-pt\/sala-revelacao-bienal-flamenco-sevilha-2026.html\" \/>\n<meta property=\"og:locale\" content=\"pt_PT\" \/>\n<meta property=\"og:type\" content=\"article\" \/>\n<meta property=\"og:title\" content=\"Sala de revela\u00e7\u00e3o da Bienal de Flamenco 2026: \u00abO invis\u00edvel tamb\u00e9m \u00e9 flamenco\u00bb\" \/>\n<meta property=\"og:description\" content=\"Descubra a Sala de revela\u00e7\u00e3o da Bienal de Flamenco 2026: artistas, percurso, fotografias, podcasts e localiza\u00e7\u00e3o na Real F\u00e1brica de Artiller\u00eda.\" \/>\n<meta property=\"og:url\" content=\"https:\/\/www.tablaosflamencos.com\/pt-pt\/sala-revelacao-bienal-flamenco-sevilha-2026.html\" \/>\n<meta property=\"og:site_name\" content=\"Tablaos Flamencos\" \/>\n<meta property=\"article:publisher\" content=\"https:\/\/www.facebook.com\/tablaosflamencos\" \/>\n<meta property=\"article:published_time\" content=\"2026-09-06T14:35:39+00:00\" \/>\n<meta property=\"article:modified_time\" content=\"2026-09-06T15:04:33+00:00\" \/>\n<meta property=\"og:image\" content=\"https:\/\/www.tablaosflamencos.com\/wp-content\/uploads\/sala-de-revelado-de-la-bienal-de-flamenco-2026-lo-invisible-tambien-es-flamenco-01.webp\" \/>\n\t<meta property=\"og:image:width\" content=\"1672\" \/>\n\t<meta property=\"og:image:height\" content=\"941\" \/>\n\t<meta property=\"og:image:type\" content=\"image\/webp\" \/>\n<meta name=\"author\" content=\"Miguel Ortiz\" \/>\n<meta name=\"twitter:card\" content=\"summary_large_image\" \/>\n<meta name=\"twitter:creator\" content=\"@tablaosflamenco\" \/>\n<meta name=\"twitter:site\" content=\"@tablaosflamenco\" \/>\n<meta name=\"twitter:label1\" content=\"Escrito por\" \/>\n\t<meta name=\"twitter:data1\" content=\"Miguel Ortiz\" \/>\n\t<meta name=\"twitter:label2\" content=\"Tempo estimado de leitura\" \/>\n\t<meta name=\"twitter:data2\" content=\"15 minutos\" \/>\n<script type=\"application\/ld+json\" class=\"yoast-schema-graph\">{\"@context\":\"https:\\\/\\\/schema.org\",\"@graph\":[{\"@type\":\"Article\",\"@id\":\"https:\\\/\\\/www.tablaosflamencos.com\\\/pt-pt\\\/sala-revelacao-bienal-flamenco-sevilha-2026.html#article\",\"isPartOf\":{\"@id\":\"https:\\\/\\\/www.tablaosflamencos.com\\\/pt-pt\\\/sala-revelacao-bienal-flamenco-sevilha-2026.html\"},\"author\":{\"name\":\"Miguel Ortiz\",\"@id\":\"https:\\\/\\\/www.tablaosflamencos.com\\\/pt-pt#\\\/schema\\\/person\\\/e7a9ebe14eb75a52ceabfbffb3c54f5d\"},\"headline\":\"Sala de revela\u00e7\u00e3o da Bienal de Flamenco 2026: \u00abO invis\u00edvel tamb\u00e9m \u00e9 flamenco\u00bb\",\"datePublished\":\"2026-09-06T14:35:39+00:00\",\"dateModified\":\"2026-09-06T15:04:33+00:00\",\"mainEntityOfPage\":{\"@id\":\"https:\\\/\\\/www.tablaosflamencos.com\\\/pt-pt\\\/sala-revelacao-bienal-flamenco-sevilha-2026.html\"},\"wordCount\":3067,\"publisher\":{\"@id\":\"https:\\\/\\\/www.tablaosflamencos.com\\\/pt-pt#organization\"},\"image\":{\"@id\":\"https:\\\/\\\/www.tablaosflamencos.com\\\/pt-pt\\\/sala-revelacao-bienal-flamenco-sevilha-2026.html#primaryimage\"},\"thumbnailUrl\":\"https:\\\/\\\/www.tablaosflamencos.com\\\/wp-content\\\/uploads\\\/sala-de-revelado-de-la-bienal-de-flamenco-2026-lo-invisible-tambien-es-flamenco-01.webp\",\"keywords\":[\"Bienal 2026\",\"Bienal de Flamenco\",\"flamenco en Sevilla\",\"o que fazer em Sevilha\",\"sevilla\"],\"articleSection\":[\"Bienal de Flamenco de Sevilha\"],\"inLanguage\":\"pt-PT\"},{\"@type\":\"WebPage\",\"@id\":\"https:\\\/\\\/www.tablaosflamencos.com\\\/pt-pt\\\/sala-revelacao-bienal-flamenco-sevilha-2026.html\",\"url\":\"https:\\\/\\\/www.tablaosflamencos.com\\\/pt-pt\\\/sala-revelacao-bienal-flamenco-sevilha-2026.html\",\"name\":\"Sala de revela\u00e7\u00e3o Bienal de Flamenco 2026\",\"isPartOf\":{\"@id\":\"https:\\\/\\\/www.tablaosflamencos.com\\\/pt-pt#website\"},\"primaryImageOfPage\":{\"@id\":\"https:\\\/\\\/www.tablaosflamencos.com\\\/pt-pt\\\/sala-revelacao-bienal-flamenco-sevilha-2026.html#primaryimage\"},\"image\":{\"@id\":\"https:\\\/\\\/www.tablaosflamencos.com\\\/pt-pt\\\/sala-revelacao-bienal-flamenco-sevilha-2026.html#primaryimage\"},\"thumbnailUrl\":\"https:\\\/\\\/www.tablaosflamencos.com\\\/wp-content\\\/uploads\\\/sala-de-revelado-de-la-bienal-de-flamenco-2026-lo-invisible-tambien-es-flamenco-01.webp\",\"datePublished\":\"2026-09-06T14:35:39+00:00\",\"dateModified\":\"2026-09-06T15:04:33+00:00\",\"description\":\"Descubra a Sala de revela\u00e7\u00e3o da Bienal de Flamenco 2026: artistas, percurso, fotografias, podcasts e localiza\u00e7\u00e3o na Real F\u00e1brica de Artiller\u00eda.\",\"breadcrumb\":{\"@id\":\"https:\\\/\\\/www.tablaosflamencos.com\\\/pt-pt\\\/sala-revelacao-bienal-flamenco-sevilha-2026.html#breadcrumb\"},\"inLanguage\":\"pt-PT\",\"potentialAction\":[{\"@type\":\"ReadAction\",\"target\":[\"https:\\\/\\\/www.tablaosflamencos.com\\\/pt-pt\\\/sala-revelacao-bienal-flamenco-sevilha-2026.html\"]}]},{\"@type\":\"ImageObject\",\"inLanguage\":\"pt-PT\",\"@id\":\"https:\\\/\\\/www.tablaosflamencos.com\\\/pt-pt\\\/sala-revelacao-bienal-flamenco-sevilha-2026.html#primaryimage\",\"url\":\"https:\\\/\\\/www.tablaosflamencos.com\\\/wp-content\\\/uploads\\\/sala-de-revelado-de-la-bienal-de-flamenco-2026-lo-invisible-tambien-es-flamenco-01.webp\",\"contentUrl\":\"https:\\\/\\\/www.tablaosflamencos.com\\\/wp-content\\\/uploads\\\/sala-de-revelado-de-la-bienal-de-flamenco-2026-lo-invisible-tambien-es-flamenco-01.webp\",\"width\":1672,\"height\":941,\"caption\":\"Sala de revelado de la Bienal de Flamenco 2026: \u201cLo invisible tambi\u00e9n es flamenco\u201d\"},{\"@type\":\"BreadcrumbList\",\"@id\":\"https:\\\/\\\/www.tablaosflamencos.com\\\/pt-pt\\\/sala-revelacao-bienal-flamenco-sevilha-2026.html#breadcrumb\",\"itemListElement\":[{\"@type\":\"ListItem\",\"position\":1,\"name\":\"Home\",\"item\":\"https:\\\/\\\/www.tablaosflamencos.com\\\/pt-pt\"},{\"@type\":\"ListItem\",\"position\":2,\"name\":\"Sala de revela\u00e7\u00e3o da Bienal de Flamenco 2026: \u00abO invis\u00edvel tamb\u00e9m \u00e9 flamenco\u00bb\"}]},{\"@type\":\"WebSite\",\"@id\":\"https:\\\/\\\/www.tablaosflamencos.com\\\/pt-pt#website\",\"url\":\"https:\\\/\\\/www.tablaosflamencos.com\\\/pt-pt\",\"name\":\"Tablaos Flamencos\",\"description\":\"Entradas para tablaos flamencos de Espa\u00f1a\",\"publisher\":{\"@id\":\"https:\\\/\\\/www.tablaosflamencos.com\\\/pt-pt#organization\"},\"alternateName\":\"Tablaos Flamencos\",\"potentialAction\":[{\"@type\":\"SearchAction\",\"target\":{\"@type\":\"EntryPoint\",\"urlTemplate\":\"https:\\\/\\\/www.tablaosflamencos.com\\\/pt-pt?s={search_term_string}\"},\"query-input\":{\"@type\":\"PropertyValueSpecification\",\"valueRequired\":true,\"valueName\":\"search_term_string\"}}],\"inLanguage\":\"pt-PT\"},{\"@type\":[\"Organization\",\"Place\",\"EntertainmentBusiness\"],\"@id\":\"https:\\\/\\\/www.tablaosflamencos.com\\\/pt-pt#organization\",\"name\":\"Tablaos Flamencos\",\"alternateName\":\"Tablaos Flamencos\",\"url\":\"https:\\\/\\\/www.tablaosflamencos.com\\\/pt-pt\",\"logo\":{\"@id\":\"https:\\\/\\\/www.tablaosflamencos.com\\\/pt-pt\\\/sala-revelacao-bienal-flamenco-sevilha-2026.html#local-main-organization-logo\"},\"image\":{\"@id\":\"https:\\\/\\\/www.tablaosflamencos.com\\\/pt-pt\\\/sala-revelacao-bienal-flamenco-sevilha-2026.html#local-main-organization-logo\"},\"sameAs\":[\"https:\\\/\\\/www.facebook.com\\\/tablaosflamencos\",\"https:\\\/\\\/x.com\\\/tablaosflamenco\",\"https:\\\/\\\/mastodon.social\\\/@tablaosflamencos\",\"https:\\\/\\\/www.instagram.com\\\/tablaosflamencos\",\"https:\\\/\\\/tiktok.com\\\/@tablaosflamencos\",\"https:\\\/\\\/www.linkedin.com\\\/company\\\/109408238\\\/\"],\"description\":\"Venta de entradas para espect\u00e1culos flamencos\",\"legalName\":\"Tablaos Flamencos\",\"foundingDate\":\"2015-01-01\",\"numberOfEmployees\":{\"@type\":\"QuantitativeValue\",\"minValue\":\"1\",\"maxValue\":\"10\"},\"address\":{\"@id\":\"https:\\\/\\\/www.tablaosflamencos.com\\\/pt-pt\\\/sala-revelacao-bienal-flamenco-sevilha-2026.html#local-main-place-address\"},\"geo\":{\"@type\":\"GeoCoordinates\",\"latitude\":\"37.3868072\",\"longitude\":\"-5.993280299999999\"},\"telephone\":[\"+34623787787\"],\"contactPoint\":{\"@type\":\"ContactPoint\",\"telephone\":\"+34623787787\",\"email\":\"info@tablaosflamencos.com\"},\"openingHoursSpecification\":{\"@type\":\"OpeningHoursSpecification\",\"dayOfWeek\":[\"Monday\",\"Tuesday\",\"Wednesday\",\"Thursday\",\"Friday\",\"Saturday\",\"Sunday\"],\"opens\":\"00:00\",\"closes\":\"23:59\"},\"email\":\"info@tablaosflamencos.com\",\"priceRange\":\"$$$\",\"currenciesAccepted\":\"\u20ac\"},{\"@type\":\"Person\",\"@id\":\"https:\\\/\\\/www.tablaosflamencos.com\\\/pt-pt#\\\/schema\\\/person\\\/e7a9ebe14eb75a52ceabfbffb3c54f5d\",\"name\":\"Miguel Ortiz\",\"description\":\"Miguel Ortiz es un empresario flamenco, con una s\u00f3lida trayectoria dentro del sector. Ha presidido entidades culturales vinculadas al flamenco y, cuenta con un amplio recorrido profesional en la gesti\u00f3n y promoci\u00f3n de espect\u00e1culos y tablaos flamencos. Su pasi\u00f3n por la historia y el arte flamenco se refleja en cada art\u00edculo, donde combina experiencia, criterio y un profundo respeto por la tradici\u00f3n.\",\"sameAs\":[\"https:\\\/\\\/www.tablaosflamencos.com\",\"https:\\\/\\\/www.instagra.com\\\/miguelortizfe\",\"https:\\\/\\\/www.linkedin.com\\\/in\\\/miguelortizf\\\/\"],\"birthDate\":\"1984-11-22\",\"gender\":\"hombre\",\"knowsLanguage\":[\"espa\u00f1ol\",\"ingl\u00e9s\"],\"jobTitle\":\"Empresario flamenco\"},{\"@type\":\"PostalAddress\",\"@id\":\"https:\\\/\\\/www.tablaosflamencos.com\\\/pt-pt\\\/sala-revelacao-bienal-flamenco-sevilha-2026.html#local-main-place-address\",\"streetAddress\":\"C\\\/ Alemanes, 19\",\"addressLocality\":\"Sevilla\",\"postalCode\":\"41004\",\"addressRegion\":\"Sevilla\",\"addressCountry\":\"ES\"},{\"@type\":\"ImageObject\",\"inLanguage\":\"pt-PT\",\"@id\":\"https:\\\/\\\/www.tablaosflamencos.com\\\/pt-pt\\\/sala-revelacao-bienal-flamenco-sevilha-2026.html#local-main-organization-logo\",\"url\":\"https:\\\/\\\/www.tablaosflamencos.com\\\/wp-content\\\/uploads\\\/tablaos-flamencos-06-3.webp\",\"contentUrl\":\"https:\\\/\\\/www.tablaosflamencos.com\\\/wp-content\\\/uploads\\\/tablaos-flamencos-06-3.webp\",\"width\":600,\"height\":620,\"caption\":\"Tablaos Flamencos\"}]}<\/script>\n<meta name=\"geo.placename\" content=\"Sevilla\" \/>\n<meta name=\"geo.position\" content=\"37.3868072;-5.993280299999999\" \/>\n<meta name=\"geo.region\" content=\"Espanha\" \/>\n<!-- \/ Yoast SEO Premium plugin. -->","yoast_head_json":{"title":"Sala de revela\u00e7\u00e3o Bienal de Flamenco 2026","description":"Descubra a Sala de revela\u00e7\u00e3o da Bienal de Flamenco 2026: artistas, percurso, fotografias, podcasts e localiza\u00e7\u00e3o na Real F\u00e1brica de Artiller\u00eda.","robots":{"index":"index","follow":"follow","max-snippet":"max-snippet:-1","max-image-preview":"max-image-preview:large","max-video-preview":"max-video-preview:-1"},"canonical":"https:\/\/www.tablaosflamencos.com\/pt-pt\/sala-revelacao-bienal-flamenco-sevilha-2026.html","og_locale":"pt_PT","og_type":"article","og_title":"Sala de revela\u00e7\u00e3o da Bienal de Flamenco 2026: \u00abO invis\u00edvel tamb\u00e9m \u00e9 flamenco\u00bb","og_description":"Descubra a Sala de revela\u00e7\u00e3o da Bienal de Flamenco 2026: artistas, percurso, fotografias, podcasts e localiza\u00e7\u00e3o na Real F\u00e1brica de Artiller\u00eda.","og_url":"https:\/\/www.tablaosflamencos.com\/pt-pt\/sala-revelacao-bienal-flamenco-sevilha-2026.html","og_site_name":"Tablaos Flamencos","article_publisher":"https:\/\/www.facebook.com\/tablaosflamencos","article_published_time":"2026-09-06T14:35:39+00:00","article_modified_time":"2026-09-06T15:04:33+00:00","og_image":[{"width":1672,"height":941,"url":"https:\/\/www.tablaosflamencos.com\/wp-content\/uploads\/sala-de-revelado-de-la-bienal-de-flamenco-2026-lo-invisible-tambien-es-flamenco-01.webp","type":"image\/webp"}],"author":"Miguel Ortiz","twitter_card":"summary_large_image","twitter_creator":"@tablaosflamenco","twitter_site":"@tablaosflamenco","twitter_misc":{"Escrito por":"Miguel Ortiz","Tempo estimado de leitura":"15 minutos"},"schema":{"@context":"https:\/\/schema.org","@graph":[{"@type":"Article","@id":"https:\/\/www.tablaosflamencos.com\/pt-pt\/sala-revelacao-bienal-flamenco-sevilha-2026.html#article","isPartOf":{"@id":"https:\/\/www.tablaosflamencos.com\/pt-pt\/sala-revelacao-bienal-flamenco-sevilha-2026.html"},"author":{"name":"Miguel Ortiz","@id":"https:\/\/www.tablaosflamencos.com\/pt-pt#\/schema\/person\/e7a9ebe14eb75a52ceabfbffb3c54f5d"},"headline":"Sala de revela\u00e7\u00e3o da Bienal de Flamenco 2026: \u00abO invis\u00edvel tamb\u00e9m \u00e9 flamenco\u00bb","datePublished":"2026-09-06T14:35:39+00:00","dateModified":"2026-09-06T15:04:33+00:00","mainEntityOfPage":{"@id":"https:\/\/www.tablaosflamencos.com\/pt-pt\/sala-revelacao-bienal-flamenco-sevilha-2026.html"},"wordCount":3067,"publisher":{"@id":"https:\/\/www.tablaosflamencos.com\/pt-pt#organization"},"image":{"@id":"https:\/\/www.tablaosflamencos.com\/pt-pt\/sala-revelacao-bienal-flamenco-sevilha-2026.html#primaryimage"},"thumbnailUrl":"https:\/\/www.tablaosflamencos.com\/wp-content\/uploads\/sala-de-revelado-de-la-bienal-de-flamenco-2026-lo-invisible-tambien-es-flamenco-01.webp","keywords":["Bienal 2026","Bienal de Flamenco","flamenco en Sevilla","o que fazer em Sevilha","sevilla"],"articleSection":["Bienal de Flamenco de Sevilha"],"inLanguage":"pt-PT"},{"@type":"WebPage","@id":"https:\/\/www.tablaosflamencos.com\/pt-pt\/sala-revelacao-bienal-flamenco-sevilha-2026.html","url":"https:\/\/www.tablaosflamencos.com\/pt-pt\/sala-revelacao-bienal-flamenco-sevilha-2026.html","name":"Sala de revela\u00e7\u00e3o Bienal de Flamenco 2026","isPartOf":{"@id":"https:\/\/www.tablaosflamencos.com\/pt-pt#website"},"primaryImageOfPage":{"@id":"https:\/\/www.tablaosflamencos.com\/pt-pt\/sala-revelacao-bienal-flamenco-sevilha-2026.html#primaryimage"},"image":{"@id":"https:\/\/www.tablaosflamencos.com\/pt-pt\/sala-revelacao-bienal-flamenco-sevilha-2026.html#primaryimage"},"thumbnailUrl":"https:\/\/www.tablaosflamencos.com\/wp-content\/uploads\/sala-de-revelado-de-la-bienal-de-flamenco-2026-lo-invisible-tambien-es-flamenco-01.webp","datePublished":"2026-09-06T14:35:39+00:00","dateModified":"2026-09-06T15:04:33+00:00","description":"Descubra a Sala de revela\u00e7\u00e3o da Bienal de Flamenco 2026: artistas, percurso, fotografias, podcasts e localiza\u00e7\u00e3o na Real F\u00e1brica de Artiller\u00eda.","breadcrumb":{"@id":"https:\/\/www.tablaosflamencos.com\/pt-pt\/sala-revelacao-bienal-flamenco-sevilha-2026.html#breadcrumb"},"inLanguage":"pt-PT","potentialAction":[{"@type":"ReadAction","target":["https:\/\/www.tablaosflamencos.com\/pt-pt\/sala-revelacao-bienal-flamenco-sevilha-2026.html"]}]},{"@type":"ImageObject","inLanguage":"pt-PT","@id":"https:\/\/www.tablaosflamencos.com\/pt-pt\/sala-revelacao-bienal-flamenco-sevilha-2026.html#primaryimage","url":"https:\/\/www.tablaosflamencos.com\/wp-content\/uploads\/sala-de-revelado-de-la-bienal-de-flamenco-2026-lo-invisible-tambien-es-flamenco-01.webp","contentUrl":"https:\/\/www.tablaosflamencos.com\/wp-content\/uploads\/sala-de-revelado-de-la-bienal-de-flamenco-2026-lo-invisible-tambien-es-flamenco-01.webp","width":1672,"height":941,"caption":"Sala de revelado de la Bienal de Flamenco 2026: \u201cLo invisible tambi\u00e9n es flamenco\u201d"},{"@type":"BreadcrumbList","@id":"https:\/\/www.tablaosflamencos.com\/pt-pt\/sala-revelacao-bienal-flamenco-sevilha-2026.html#breadcrumb","itemListElement":[{"@type":"ListItem","position":1,"name":"Home","item":"https:\/\/www.tablaosflamencos.com\/pt-pt"},{"@type":"ListItem","position":2,"name":"Sala de revela\u00e7\u00e3o da Bienal de Flamenco 2026: \u00abO invis\u00edvel tamb\u00e9m \u00e9 flamenco\u00bb"}]},{"@type":"WebSite","@id":"https:\/\/www.tablaosflamencos.com\/pt-pt#website","url":"https:\/\/www.tablaosflamencos.com\/pt-pt","name":"Tablaos Flamencos","description":"Entradas para tablaos flamencos de Espa\u00f1a","publisher":{"@id":"https:\/\/www.tablaosflamencos.com\/pt-pt#organization"},"alternateName":"Tablaos Flamencos","potentialAction":[{"@type":"SearchAction","target":{"@type":"EntryPoint","urlTemplate":"https:\/\/www.tablaosflamencos.com\/pt-pt?s={search_term_string}"},"query-input":{"@type":"PropertyValueSpecification","valueRequired":true,"valueName":"search_term_string"}}],"inLanguage":"pt-PT"},{"@type":["Organization","Place","EntertainmentBusiness"],"@id":"https:\/\/www.tablaosflamencos.com\/pt-pt#organization","name":"Tablaos Flamencos","alternateName":"Tablaos Flamencos","url":"https:\/\/www.tablaosflamencos.com\/pt-pt","logo":{"@id":"https:\/\/www.tablaosflamencos.com\/pt-pt\/sala-revelacao-bienal-flamenco-sevilha-2026.html#local-main-organization-logo"},"image":{"@id":"https:\/\/www.tablaosflamencos.com\/pt-pt\/sala-revelacao-bienal-flamenco-sevilha-2026.html#local-main-organization-logo"},"sameAs":["https:\/\/www.facebook.com\/tablaosflamencos","https:\/\/x.com\/tablaosflamenco","https:\/\/mastodon.social\/@tablaosflamencos","https:\/\/www.instagram.com\/tablaosflamencos","https:\/\/tiktok.com\/@tablaosflamencos","https:\/\/www.linkedin.com\/company\/109408238\/"],"description":"Venta de entradas para espect\u00e1culos flamencos","legalName":"Tablaos Flamencos","foundingDate":"2015-01-01","numberOfEmployees":{"@type":"QuantitativeValue","minValue":"1","maxValue":"10"},"address":{"@id":"https:\/\/www.tablaosflamencos.com\/pt-pt\/sala-revelacao-bienal-flamenco-sevilha-2026.html#local-main-place-address"},"geo":{"@type":"GeoCoordinates","latitude":"37.3868072","longitude":"-5.993280299999999"},"telephone":["+34623787787"],"contactPoint":{"@type":"ContactPoint","telephone":"+34623787787","email":"info@tablaosflamencos.com"},"openingHoursSpecification":{"@type":"OpeningHoursSpecification","dayOfWeek":["Monday","Tuesday","Wednesday","Thursday","Friday","Saturday","Sunday"],"opens":"00:00","closes":"23:59"},"email":"info@tablaosflamencos.com","priceRange":"$$$","currenciesAccepted":"\u20ac"},{"@type":"Person","@id":"https:\/\/www.tablaosflamencos.com\/pt-pt#\/schema\/person\/e7a9ebe14eb75a52ceabfbffb3c54f5d","name":"Miguel Ortiz","description":"Miguel Ortiz es un empresario flamenco, con una s\u00f3lida trayectoria dentro del sector. Ha presidido entidades culturales vinculadas al flamenco y, cuenta con un amplio recorrido profesional en la gesti\u00f3n y promoci\u00f3n de espect\u00e1culos y tablaos flamencos. Su pasi\u00f3n por la historia y el arte flamenco se refleja en cada art\u00edculo, donde combina experiencia, criterio y un profundo respeto por la tradici\u00f3n.","sameAs":["https:\/\/www.tablaosflamencos.com","https:\/\/www.instagra.com\/miguelortizfe","https:\/\/www.linkedin.com\/in\/miguelortizf\/"],"birthDate":"1984-11-22","gender":"hombre","knowsLanguage":["espa\u00f1ol","ingl\u00e9s"],"jobTitle":"Empresario flamenco"},{"@type":"PostalAddress","@id":"https:\/\/www.tablaosflamencos.com\/pt-pt\/sala-revelacao-bienal-flamenco-sevilha-2026.html#local-main-place-address","streetAddress":"C\/ Alemanes, 19","addressLocality":"Sevilla","postalCode":"41004","addressRegion":"Sevilla","addressCountry":"ES"},{"@type":"ImageObject","inLanguage":"pt-PT","@id":"https:\/\/www.tablaosflamencos.com\/pt-pt\/sala-revelacao-bienal-flamenco-sevilha-2026.html#local-main-organization-logo","url":"https:\/\/www.tablaosflamencos.com\/wp-content\/uploads\/tablaos-flamencos-06-3.webp","contentUrl":"https:\/\/www.tablaosflamencos.com\/wp-content\/uploads\/tablaos-flamencos-06-3.webp","width":600,"height":620,"caption":"Tablaos Flamencos"}]},"geo.placename":"Sevilla","geo.position":{"lat":"37.3868072","long":"-5.993280299999999"},"geo.region":"Espanha"},"_links":{"self":[{"href":"https:\/\/www.tablaosflamencos.com\/pt-pt\/wp-json\/wp\/v2\/posts\/15086","targetHints":{"allow":["GET"]}}],"collection":[{"href":"https:\/\/www.tablaosflamencos.com\/pt-pt\/wp-json\/wp\/v2\/posts"}],"about":[{"href":"https:\/\/www.tablaosflamencos.com\/pt-pt\/wp-json\/wp\/v2\/types\/post"}],"author":[{"embeddable":true,"href":"https:\/\/www.tablaosflamencos.com\/pt-pt\/wp-json\/wp\/v2\/users\/1"}],"replies":[{"embeddable":true,"href":"https:\/\/www.tablaosflamencos.com\/pt-pt\/wp-json\/wp\/v2\/comments?post=15086"}],"version-history":[{"count":0,"href":"https:\/\/www.tablaosflamencos.com\/pt-pt\/wp-json\/wp\/v2\/posts\/15086\/revisions"}],"wp:featuredmedia":[{"embeddable":true,"href":"https:\/\/www.tablaosflamencos.com\/pt-pt\/wp-json\/wp\/v2\/media\/14945"}],"wp:attachment":[{"href":"https:\/\/www.tablaosflamencos.com\/pt-pt\/wp-json\/wp\/v2\/media?parent=15086"}],"wp:term":[{"taxonomy":"category","embeddable":true,"href":"https:\/\/www.tablaosflamencos.com\/pt-pt\/wp-json\/wp\/v2\/categories?post=15086"},{"taxonomy":"post_tag","embeddable":true,"href":"https:\/\/www.tablaosflamencos.com\/pt-pt\/wp-json\/wp\/v2\/tags?post=15086"}],"curies":[{"name":"wp","href":"https:\/\/api.w.org\/{rel}","templated":true}]}}