{"id":15065,"date":"2026-09-06T16:15:05","date_gmt":"2026-09-06T14:15:05","guid":{"rendered":"https:\/\/www.tablaosflamencos.com\/?p=15065"},"modified":"2026-09-06T19:48:09","modified_gmt":"2026-09-06T17:48:09","slug":"festival-el-bucaro-2026-programa-artistas-data-bilhetes","status":"publish","type":"post","link":"https:\/\/www.tablaosflamencos.com\/pt-pt\/festival-el-bucaro-2026-programa-artistas-data-bilhetes.html","title":{"rendered":"Festival El B\u00facaro 2026: programa, artistas, data e tudo o que precisa de saber"},"content":{"rendered":"<section class=\"l-section wpb_row height_huge\"><div class=\"l-section-h i-cf\"><div class=\"g-cols vc_row via_flex valign_top type_default stacking_default\"><div class=\"vc_col-sm-6 wpb_column vc_column_container\"><div class=\"vc_column-inner\"><div class=\"wpb_wrapper\"><div class=\"wpb_text_column\"><div class=\"wpb_wrapper\"><h2>Festival El B\u00facaro 2026: uma das grandes noites de cante flamenco de setembro em Sevilha<\/h2>\n<p>O <strong>43.\u00ba Festival de Cante Flamenco El B\u00facaro<\/strong> realiza-se na <strong>sexta-feira, 18 de setembro de 2026, \u00e0s 22:00<\/strong>, na <strong>Hacienda Santa Cruz de La Rinconada<\/strong>, na prov\u00edncia de Sevilha. A 43.\u00aa edi\u00e7\u00e3o apresenta um cartaz encabe\u00e7ado por <strong>El Pele<\/strong>, acompanhado no cante por <strong>Consuelo Hald\u00f3n, Rubito Hijo, Caracolillo de C\u00e1diz e Fernando El Goyo<\/strong>.<\/p>\n<p>A noite reunir\u00e1 tamb\u00e9m alguns dos nomes mais reconhecidos da guitarra flamenca de Sevilha: <strong>Antonio Carri\u00f3n, Ni\u00f1o Seve, Manuel Herrera e Juan Quir\u00f3s<\/strong> estar\u00e3o ao toque, enquanto <strong>Manuel Herrera Hijo<\/strong> ter\u00e1 uma interven\u00e7\u00e3o de guitarra a solo. <strong>Concha Carri\u00f3n e \u00c1ngel Pe\u00f1a<\/strong> estar\u00e3o nas palmas e <strong>Salvador Milla<\/strong> voltar\u00e1 a apresentar o festival.<\/p>\n<p>&nbsp;<\/p>\n<blockquote>\n<p><strong>Resposta r\u00e1pida:<\/strong> o Festival El B\u00facaro 2026 realiza-se a 18 de setembro, \u00e0s 22:00, na Hacienda Santa Cruz de La Rinconada. O bilhete custa 10 \u20ac, \u00e9 vendido presencialmente no Centro Cultural de La Villa e, se ainda houver lugares, na bilheteira da Hacienda a partir de uma hora antes do in\u00edcio. O cartaz inclui El Pele, Consuelo Hald\u00f3n, Rubito Hijo, Caracolillo de C\u00e1diz e Fernando El Goyo.<\/p>\n<\/blockquote>\n<\/div><\/div><\/div><\/div><\/div><div class=\"vc_col-sm-6 wpb_column vc_column_container\"><div class=\"vc_column-inner\"><div class=\"wpb_wrapper\"><div class=\"wpb_text_column\"><div class=\"wpb_wrapper\"><h3>El B\u00facaro 2026: informa\u00e7\u00f5es essenciais<\/h3>\n<ul>\n<li><strong>Evento:<\/strong> 43.\u00ba Festival de Cante Flamenco El B\u00facaro.<\/li>\n<li><strong>Data:<\/strong> sexta-feira, 18 de setembro de 2026.<\/li>\n<li><strong>Hora:<\/strong> 22:00.<\/li>\n<li><strong>Local:<\/strong> Hacienda Santa Cruz.<\/li>\n<li><strong>Morada:<\/strong> Carretera de la Estaci\u00f3n, 2, San Jos\u00e9 de La Rinconada, Sevilha.<\/li>\n<li><strong>Pre\u00e7o:<\/strong> 10 \u20ac.<\/li>\n<li><strong>Venda antecipada:<\/strong> Centro Cultural de La Villa, das 10:00 \u00e0s 13:00.<\/li>\n<li><strong>Bilheteira:<\/strong> a partir das 21:00 no dia do festival, apenas se ainda houver lugares.<\/li>\n<li><strong>Organiza\u00e7\u00e3o:<\/strong> Pe\u00f1a Cultural Flamenca El B\u00facaro, com a colabora\u00e7\u00e3o do Munic\u00edpio de La Rinconada.<\/li>\n<li><strong>Apresenta\u00e7\u00e3o:<\/strong> Salvador Milla.<\/li>\n<li><strong>Dedica\u00e7\u00e3o 2026:<\/strong> Jafelin Helten, fundadora da ExpoFlamenco.<\/li>\n<\/ul>\n<p><small>A organiza\u00e7\u00e3o pode alterar hor\u00e1rios, disponibilidade ou condi\u00e7\u00f5es de acesso. Recomendamos confirmar a informa\u00e7\u00e3o oficial antes da desloca\u00e7\u00e3o.<\/small><\/p>\n<\/div><\/div><div class=\"w-separator size_medium\"><\/div><div class=\"w-hwrapper valign_top wrap stack_on_mobiles align_center\" style=\"--hwrapper-gap:1.2rem\"><div class=\"w-btn-wrapper align_none\"><a class=\"w-btn us-btn-style_1\" href=\"https:\/\/www.larinconada.es\/es\/noticias\/15493\/el-xliii-festival-de-cante-flamenco-el-bucaro-convierte-a-la-rinconada-en-referente-del-arte-jondo\"><span class=\"w-btn-label\">Consultar informa\u00e7\u00e3o oficial<\/span><\/a><\/div><\/div><\/div><\/div><\/div><\/div><\/div><\/section><section class=\"l-section wpb_row height_huge color_alternate with_shape\"><div class=\"l-section-shape type_zigzag pos_top hor_flip\" style=\"height:3vmin;\"><svg xmlns=\"http:\/\/www.w3.org\/2000\/svg\" viewBox=\"0 0 64 8\" preserveAspectRatio=\"none\" width=\"100%\" height=\"100%\">\r\n\t<path fill=\"currentColor\" d=\"M64 8 L0 8 L0 0 L20 7.9 L40 3 L48 5 L64 0 Z\"\/>\r\n<\/svg><\/div><div class=\"l-section-shape type_zigzag pos_bottom\" style=\"height:3vmin;\"><svg xmlns=\"http:\/\/www.w3.org\/2000\/svg\" viewBox=\"0 0 64 8\" preserveAspectRatio=\"none\" width=\"100%\" height=\"100%\">\r\n\t<path fill=\"currentColor\" d=\"M64 8 L0 8 L0 0 L20 7.9 L40 3 L48 5 L64 0 Z\"\/>\r\n<\/svg><\/div><div class=\"l-section-h i-cf\"><div class=\"g-cols vc_row via_flex valign_top type_default stacking_default\"><div class=\"vc_col-sm-12 wpb_column vc_column_container\"><div class=\"vc_column-inner\"><div class=\"wpb_wrapper\"><div class=\"wpb_text_column\"><div class=\"wpb_wrapper\"><h2>Programa e artistas do Festival El B\u00facaro 2026<\/h2>\n<p>A edi\u00e7\u00e3o de 2026 foi concebida como uma <strong>grande noite de flamenco num \u00fanico ser\u00e3o<\/strong>. O espet\u00e1culo come\u00e7a \u00e0s 22:00 e re\u00fane cante, guitarra de acompanhamento, guitarra a solo e palmas. No momento em que este guia foi preparado, a organiza\u00e7\u00e3o tinha publicado o cartaz completo, mas <strong>n\u00e3o uma ordem individual de atua\u00e7\u00f5es nem hor\u00e1rios separados para cada artista<\/strong>.<\/p>\n<p>Por isso, o programa deve ser entendido como um cartaz conjunto e n\u00e3o como uma sucess\u00e3o de atua\u00e7\u00f5es com horas independentes. Estes s\u00e3o os artistas oficialmente anunciados.<\/p>\n<\/div><\/div><div class=\"w-separator size_medium\"><\/div><div class=\"g-cols wpb_row via_flex valign_top type_default stacking_default\"><div class=\"vc_col-sm-4 wpb_column vc_column_container\"><div class=\"vc_column-inner\"><div class=\"wpb_wrapper\"><div class=\"wpb_text_column\"><div class=\"wpb_wrapper\"><h3>No cante<\/h3>\n<ul>\n<li><strong>El Pele<\/strong>.<\/li>\n<li><strong>Consuelo Hald\u00f3n<\/strong>.<\/li>\n<li><strong>Rubito Hijo<\/strong>.<\/li>\n<li><strong>Caracolillo de C\u00e1diz<\/strong>.<\/li>\n<li><strong>Fernando El Goyo<\/strong>.<\/li>\n<\/ul>\n<\/div><\/div><\/div><\/div><\/div><div class=\"vc_col-sm-4 wpb_column vc_column_container\"><div class=\"vc_column-inner\"><div class=\"wpb_wrapper\"><div class=\"wpb_text_column\"><div class=\"wpb_wrapper\"><h3>Na guitarra<\/h3>\n<ul>\n<li><strong>Antonio Carri\u00f3n<\/strong>.<\/li>\n<li><strong>Ni\u00f1o Seve<\/strong>.<\/li>\n<li><strong>Manuel Herrera<\/strong>.<\/li>\n<li><strong>Juan Quir\u00f3s<\/strong>.<\/li>\n<\/ul>\n<\/div><\/div><\/div><\/div><\/div><div class=\"vc_col-sm-4 wpb_column vc_column_container\"><div class=\"vc_column-inner\"><div class=\"wpb_wrapper\"><div class=\"wpb_text_column\"><div class=\"wpb_wrapper\"><h3>Guitarra a solo e palmas<\/h3>\n<ul>\n<li><strong>Manuel Herrera Hijo<\/strong>, guitarra a solo.<\/li>\n<li><strong>Concha Carri\u00f3n<\/strong>, palmas.<\/li>\n<li><strong>\u00c1ngel Pe\u00f1a<\/strong>, palmas.<\/li>\n<\/ul>\n<\/div><\/div><\/div><\/div><\/div><\/div><div class=\"w-separator size_medium\"><\/div><div class=\"wpb_text_column\"><div class=\"wpb_wrapper\"><p>A condu\u00e7\u00e3o do espet\u00e1culo ficar\u00e1 novamente a cargo de <strong>Salvador Milla<\/strong>. Esta edi\u00e7\u00e3o \u00e9 dedicada a <strong>Jafelin Helten<\/strong>, fundadora da ExpoFlamenco, em reconhecimento pelo seu trabalho de divulga\u00e7\u00e3o do flamenco.<\/p>\n<\/div><\/div><\/div><\/div><\/div><\/div><\/div><\/section><section class=\"l-section wpb_row height_huge\"><div class=\"l-section-h i-cf\"><div class=\"g-cols vc_row via_flex valign_top type_default stacking_default\"><div class=\"vc_col-sm-6 wpb_column vc_column_container\"><div class=\"vc_column-inner\"><div class=\"wpb_wrapper\"><div class=\"wpb_text_column\"><div class=\"wpb_wrapper\"><h2>El Pele, cabe\u00e7a de cartaz da 43.\u00aa edi\u00e7\u00e3o<\/h2>\n<p>A presen\u00e7a de <strong>El Pele<\/strong> \u00e9 um dos grandes atrativos de El B\u00facaro 2026. O cantaor de C\u00f3rdoba chega a La Rinconada como uma das vozes mais pessoais do flamenco contempor\u00e2neo, com uma carreira de v\u00e1rias d\u00e9cadas e uma forma de interpretar que combina conhecimento dos estilos tradicionais, liberdade expressiva e enorme intensidade em palco.<\/p>\n<p>A sua participa\u00e7\u00e3o coloca o festival numa linha muito reconhec\u00edvel: um encontro de pe\u00f1a, profundamente ligado \u00e0 tradi\u00e7\u00e3o, que continua a convidar figuras de primeiro plano. Ao seu lado surge um cartaz pensado para mostrar diferentes matizes do cante.<\/p>\n<p><strong>Consuelo Hald\u00f3n<\/strong> traz um percurso ligado ao repert\u00f3rio tradicional; <strong>Rubito Hijo<\/strong> representa a continuidade de uma fam\u00edlia flamenca; <strong>Caracolillo de C\u00e1diz<\/strong> leva para o palco a personalidade dos cantes de C\u00e1diz, enquanto <strong>Fernando El Goyo<\/strong> mant\u00e9m a liga\u00e7\u00e3o direta \u00e0 pr\u00f3pria Pe\u00f1a Cultural Flamenca El B\u00facaro.<\/p>\n<p>Esta combina\u00e7\u00e3o entre figura consagrada, artistas experientes e presen\u00e7a local \u00e9 precisamente um dos elementos que t\u00eam dado continuidade ao festival ao longo de mais de quatro d\u00e9cadas.<\/p>\n<\/div><\/div><\/div><\/div><\/div><div class=\"vc_col-sm-6 wpb_column vc_column_container\"><div class=\"vc_column-inner\"><div class=\"wpb_wrapper\"><div class=\"wpb_text_column\"><div class=\"wpb_wrapper\"><h2>Um cartaz de guitarras especialmente forte<\/h2>\n<p>O acompanhamento de 2026 merece aten\u00e7\u00e3o pr\u00f3pria. <strong>Antonio Carri\u00f3n<\/strong>, distinguido em 2025 com a Medalha de Ouro da Prov\u00edncia de Sevilha e com mais de cinco d\u00e9cadas de palco, faz parte de um grupo de guitarristas com vasta experi\u00eancia em recitais e festivais.<\/p>\n<p>Com ele estar\u00e3o <strong>Ni\u00f1o Seve, Manuel Herrera e Juan Quir\u00f3s<\/strong>. A organiza\u00e7\u00e3o reserva ainda um espa\u00e7o espec\u00edfico para a <strong>guitarra a solo de Manuel Herrera Hijo<\/strong>, representante de uma gera\u00e7\u00e3o mais jovem.<\/p>\n<p>Para os aficionados que prestam tanta aten\u00e7\u00e3o \u00e0 guitarra como ao cante, El B\u00facaro oferece assim um interesse acrescido: n\u00e3o se trata apenas de acompanhamento funcional, mas de guitarristas com identidade pr\u00f3pria e uma presen\u00e7a importante ao longo da noite.<\/p>\n<p>As palmas de <strong>Concha Carri\u00f3n e \u00c1ngel Pe\u00f1a<\/strong> completam a componente r\u00edtmica.<\/p>\n<\/div><\/div><\/div><\/div><\/div><\/div><\/div><\/section><section class=\"l-section wpb_row height_huge color_alternate with_shape\"><div class=\"l-section-shape type_zigzag pos_top hor_flip\" style=\"height:3vmin;\"><svg xmlns=\"http:\/\/www.w3.org\/2000\/svg\" viewBox=\"0 0 64 8\" preserveAspectRatio=\"none\" width=\"100%\" height=\"100%\">\r\n\t<path fill=\"currentColor\" d=\"M64 8 L0 8 L0 0 L20 7.9 L40 3 L48 5 L64 0 Z\"\/>\r\n<\/svg><\/div><div class=\"l-section-shape type_zigzag pos_bottom\" style=\"height:3vmin;\"><svg xmlns=\"http:\/\/www.w3.org\/2000\/svg\" viewBox=\"0 0 64 8\" preserveAspectRatio=\"none\" width=\"100%\" height=\"100%\">\r\n\t<path fill=\"currentColor\" d=\"M64 8 L0 8 L0 0 L20 7.9 L40 3 L48 5 L64 0 Z\"\/>\r\n<\/svg><\/div><div class=\"l-section-h i-cf\"><div class=\"g-cols vc_row via_flex valign_top type_default stacking_default\"><div class=\"vc_col-sm-12 wpb_column vc_column_container\"><div class=\"vc_column-inner\"><div class=\"wpb_wrapper\"><div class=\"wpb_text_column\"><div class=\"wpb_wrapper\"><h2>Bilhetes para El B\u00facaro 2026: pre\u00e7o e onde comprar<\/h2>\n<p>Os bilhetes para o 43.\u00ba Festival de Cante Flamenco El B\u00facaro t\u00eam um <strong>pre\u00e7o \u00fanico de 10 euros<\/strong>. A venda antecipada come\u00e7ou a <strong>1 de setembro<\/strong> e \u00e9 feita presencialmente no <strong>Centro Cultural de La Villa<\/strong>, em San Jos\u00e9 de La Rinconada.<\/p>\n<p>O hor\u00e1rio anunciado para a venda \u00e9 <strong>das 10:00 \u00e0s 13:00<\/strong>. No pr\u00f3prio dia do festival, a bilheteira da Hacienda Santa Cruz abrir\u00e1 tamb\u00e9m <strong>uma hora antes do in\u00edcio<\/strong>, ou seja, a partir das 21:00, mas apenas se ainda houver lugares dispon\u00edveis.<\/p>\n<p>A exist\u00eancia de bilheteira no local n\u00e3o deve ser entendida como garantia de compra \u00e0 entrada. Com um pre\u00e7o de 10 euros, um cartaz encabe\u00e7ado por El Pele e uma data que coincide com um dos per\u00edodos de maior atividade flamenca do ano em Sevilha, recomendamos <strong>comprar o bilhete antecipadamente<\/strong> sempre que poss\u00edvel.<\/p>\n<p>O Centro Cultural de La Villa situa-se em <strong>Vereda de Chapatales, 2, San Jos\u00e9 de La Rinconada<\/strong>. O Munic\u00edpio disponibiliza ainda o telefone da \u00e1rea da Cultura, <strong>955 79 41 42<\/strong>, para informa\u00e7\u00f5es sobre os seus espa\u00e7os culturais.<\/p>\n<\/div><\/div><\/div><\/div><\/div><\/div><\/div><\/section><section class=\"l-section wpb_row height_huge\"><div class=\"l-section-h i-cf\"><div class=\"g-cols vc_row via_flex valign_top type_default stacking_default\"><div class=\"vc_col-sm-6 wpb_column vc_column_container\"><div class=\"vc_column-inner\"><div class=\"wpb_wrapper\"><div class=\"wpb_text_column\"><div class=\"wpb_wrapper\"><h2>Onde se realiza: Hacienda Santa Cruz<\/h2>\n<p>O festival ter\u00e1 lugar na <strong>Hacienda Santa Cruz<\/strong>, na <strong>Carretera de la Estaci\u00f3n, 2<\/strong>, em San Jos\u00e9 de La Rinconada. O espa\u00e7o integra a rede municipal de equipamentos culturais e volta a ser o ponto de encontro de uma das grandes noites de flamenco do munic\u00edpio.<\/p>\n<p>A escolha da Hacienda n\u00e3o \u00e9 um detalhe secund\u00e1rio. El B\u00facaro pertence \u00e0quela tradi\u00e7\u00e3o dos festivais andaluzes em que o espa\u00e7o, o ambiente noturno e a proximidade entre artistas e p\u00fablico fazem parte da experi\u00eancia tanto como o pr\u00f3prio cartaz.<\/p>\n<p>Se viajar a partir de Sevilha, conv\u00e9m chegar com alguma anteced\u00eancia. O espet\u00e1culo come\u00e7a \u00e0s 22:00 e, se ainda houver bilhetes, a bilheteira abrir\u00e1 uma hora antes. Quem j\u00e1 tiver bilhete pode aproveitar a chegada antecipada para conhecer tamb\u00e9m a exposi\u00e7\u00e3o associada a esta edi\u00e7\u00e3o, dentro dos respetivos hor\u00e1rios de visita.<\/p>\n<\/div><\/div><\/div><\/div><\/div><div class=\"vc_col-sm-6 wpb_column vc_column_container\"><div class=\"vc_column-inner\"><div class=\"wpb_wrapper\"><div class=\"wpb_text_column\"><div class=\"wpb_wrapper\"><h2>Como chegar de Sevilha a San Jos\u00e9 de La Rinconada<\/h2>\n<p>San Jos\u00e9 de La Rinconada faz parte da \u00e1rea metropolitana de Sevilha e tem liga\u00e7\u00e3o por <strong>Cercan\u00edas<\/strong> na linha Sevilha\u2013Lora del R\u00edo, al\u00e9m de autocarros metropolitanos. Para um evento que come\u00e7a \u00e0s 22:00 e pode terminar tarde, o ponto mais importante n\u00e3o \u00e9 apenas a ida, mas <strong>confirmar o \u00faltimo servi\u00e7o dispon\u00edvel para o regresso<\/strong>.<\/p>\n<p>Se depender de transportes p\u00fablicos, recomendamos consultar os hor\u00e1rios atualizados da Renfe Cercan\u00edas e do Consorcio de Transportes no pr\u00f3prio dia 18 de setembro. Os hor\u00e1rios noturnos podem n\u00e3o coincidir com a hora real de fim de uma noite de flamenco com estas caracter\u00edsticas.<\/p>\n<p>Para grupos ou visitantes alojados em Sevilha, carro, t\u00e1xi ou VTC podem ser mais c\u00f3modos para o regresso, sobretudo se quiser ficar at\u00e9 ao final sem depender da \u00faltima sa\u00edda dos transportes p\u00fablicos.<\/p>\n<p>A Hacienda Santa Cruz encontra-se na Carretera de la Estaci\u00f3n, 2. \u00c9 aconselh\u00e1vel introduzir no navegador o nome completo do espa\u00e7o ou a morada exata para evitar confus\u00e3o com outros locais do munic\u00edpio.<\/p>\n<\/div><\/div><\/div><\/div><\/div><\/div><\/div><\/section><section class=\"l-section wpb_row height_huge color_alternate with_shape\"><div class=\"l-section-shape type_zigzag pos_top hor_flip\" style=\"height:3vmin;\"><svg xmlns=\"http:\/\/www.w3.org\/2000\/svg\" viewBox=\"0 0 64 8\" preserveAspectRatio=\"none\" width=\"100%\" height=\"100%\">\r\n\t<path fill=\"currentColor\" d=\"M64 8 L0 8 L0 0 L20 7.9 L40 3 L48 5 L64 0 Z\"\/>\r\n<\/svg><\/div><div class=\"l-section-shape type_zigzag pos_bottom\" style=\"height:3vmin;\"><svg xmlns=\"http:\/\/www.w3.org\/2000\/svg\" viewBox=\"0 0 64 8\" preserveAspectRatio=\"none\" width=\"100%\" height=\"100%\">\r\n\t<path fill=\"currentColor\" d=\"M64 8 L0 8 L0 0 L20 7.9 L40 3 L48 5 L64 0 Z\"\/>\r\n<\/svg><\/div><div class=\"l-section-h i-cf\"><div class=\"g-cols vc_row via_flex valign_top type_default stacking_default\"><div class=\"vc_col-sm-12 wpb_column vc_column_container\"><div class=\"vc_column-inner\"><div class=\"wpb_wrapper\"><div class=\"wpb_text_column\"><div class=\"wpb_wrapper\"><h2>\u201cDame el B\u00facaro\u201d: arte contempor\u00e2nea e flamenco em torno do festival<\/h2>\n<p>Uma das novidades mais interessantes da 43.\u00aa edi\u00e7\u00e3o \u00e9 <strong>\u201cDame el B\u00facaro\u201d<\/strong>, um projeto promovido pelo Munic\u00edpio de La Rinconada em colabora\u00e7\u00e3o com a Pe\u00f1a Cultural Flamenca El B\u00facaro. A iniciativa reuniu <strong>50 artistas contempor\u00e2neos<\/strong> para intervir em cinquenta b\u00facaros de barro branco, inspirados no universo das letras flamencas.<\/p>\n<p>O resultado \u00e9 apresentado numa exposi\u00e7\u00e3o na pr\u00f3pria <strong>Hacienda Santa Cruz<\/strong> e pode ser visitado <strong>at\u00e9 20 de setembro de 2026<\/strong>. A proposta liga tr\u00eas linguagens que normalmente n\u00e3o aparecem juntas num festival de cante: a tradi\u00e7\u00e3o material do b\u00facaro, a literatura das coplas flamencas e a cria\u00e7\u00e3o visual contempor\u00e2nea.<\/p>\n<p>A obra vencedora da primeira edi\u00e7\u00e3o do projeto \u00e9 <strong>\u201cOjos Verdes\u201d<\/strong>, da artista de Mor\u00f3n <strong>Marina Ortiz<\/strong>. Esta pe\u00e7a tornou-se a <strong>imagem oficial do cartaz do 43.\u00ba Festival<\/strong>. Al\u00e9m disso, as doze obras mais bem classificadas foram associadas aos doze artistas anunciados no cartaz do festival, criando uma cole\u00e7\u00e3o visual espec\u00edfica para esta edi\u00e7\u00e3o.<\/p>\n<p>Para quem viaja de prop\u00f3sito para El B\u00facaro, vale a pena confirmar os hor\u00e1rios da exposi\u00e7\u00e3o e encarar a visita como algo mais do que uma \u00fanica noite de cante.<\/p>\n<\/div><\/div><\/div><\/div><\/div><\/div><\/div><\/section><section class=\"l-section wpb_row height_huge\"><div class=\"l-section-h i-cf\"><div class=\"g-cols vc_row via_flex valign_top type_default stacking_default\"><div class=\"vc_col-sm-6 wpb_column vc_column_container\"><div class=\"vc_column-inner\"><div class=\"wpb_wrapper\"><div class=\"wpb_text_column\"><div class=\"wpb_wrapper\"><h2>Um festival de pe\u00f1a com 43 edi\u00e7\u00f5es de continuidade<\/h2>\n<p>O Festival de Cante Flamenco El B\u00facaro \u00e9 organizado pela <strong>Pe\u00f1a Cultural Flamenca El B\u00facaro<\/strong> com a colabora\u00e7\u00e3o do Munic\u00edpio de La Rinconada. Chegar \u00e0 43.\u00aa edi\u00e7\u00e3o coloca o evento entre os festivais consolidados da prov\u00edncia de Sevilha e demonstra o papel que as pe\u00f1as continuam a desempenhar na manuten\u00e7\u00e3o de circuitos est\u00e1veis para o cante.<\/p>\n<p>A filosofia defendida pela organiza\u00e7\u00e3o combina tr\u00eas elementos: <strong>qualidade art\u00edstica, defesa do flamenco e transmiss\u00e3o \u00e0s novas gera\u00e7\u00f5es<\/strong>. O cartaz de 2026 corresponde bem a esta ideia, reunindo uma figura de refer\u00eancia como El Pele, artistas de diferentes origens e gera\u00e7\u00f5es, representa\u00e7\u00e3o local e uma sec\u00e7\u00e3o de guitarra muito cuidada.<\/p>\n<p>O festival serve ainda para recordar que uma parte importante da atividade flamenca andaluza acontece fora dos grandes teatros. Pe\u00f1as, festivais locais e circuitos provinciais formam uma rede essencial para manter o contacto direto entre aficionados e artistas.<\/p>\n<p>Em Tablaos Flamencos acompanhamos tamb\u00e9m o <a href=\"https:\/\/www.tablaosflamencos.com\/circuito-andaluz-penas-flamencas-2026.html\">Circuito Andaluz de Pe\u00f1as 2026<\/a>, que este ano re\u00fane 225 recitais gratuitos por toda a Andaluzia.<\/p>\n<\/div><\/div><\/div><\/div><\/div><div class=\"vc_col-sm-6 wpb_column vc_column_container\"><div class=\"vc_column-inner\"><div class=\"wpb_wrapper\"><div class=\"wpb_text_column\"><div class=\"wpb_wrapper\"><h2>El B\u00facaro e a Bienal de Flamenco: duas op\u00e7\u00f5es a 18 de setembro<\/h2>\n<p>A data acrescenta um interesse especial para quem estiver em Sevilha em setembro: <strong>El B\u00facaro realiza-se em plena 24.\u00aa Bienal de Flamenco de Sevilha<\/strong>. O dia 18 de setembro integra uma das semanas mais intensas da programa\u00e7\u00e3o da capital, transformando a noite em La Rinconada numa alternativa ou complemento para aficionados que queiram sair do centro de Sevilha e conhecer outro ambiente flamenco.<\/p>\n<p>As duas experi\u00eancias n\u00e3o s\u00e3o equivalentes. A Bienal apresenta grandes produ\u00e7\u00f5es de palco, estreias e teatros de diferentes formatos. El B\u00facaro segue a l\u00f3gica de um festival de pe\u00f1a: uma longa noite, um cartaz coletivo, grande protagonismo do cante e da guitarra e um contacto mais direto com a tradi\u00e7\u00e3o dos festivais locais.<\/p>\n<p>Se estiver a organizar esses dias, consulte o nosso guia <a href=\"https:\/\/www.tablaosflamencos.com\/que-ver-bienal-flamenco-sevilla-14-20-septiembre-2026.html\">O que ver na Bienal de 14 a 20 de setembro de 2026<\/a> para comparar a programa\u00e7\u00e3o da cidade.<\/p>\n<p>Tamb\u00e9m reunimos propostas fora do programa oficial em <a href=\"https:\/\/www.tablaosflamencos.com\/flamenco-sevilla-bienal-2026-espectaculos-fuera-programacion-oficial.html\">Flamenco em Sevilha durante a Bienal: onde ver espet\u00e1culos al\u00e9m da programa\u00e7\u00e3o oficial<\/a>.<\/p>\n<\/div><\/div><\/div><\/div><\/div><\/div><\/div><\/section><section class=\"l-section wpb_row height_huge color_alternate with_shape\"><div class=\"l-section-shape type_zigzag pos_top hor_flip\" style=\"height:3vmin;\"><svg xmlns=\"http:\/\/www.w3.org\/2000\/svg\" viewBox=\"0 0 64 8\" preserveAspectRatio=\"none\" width=\"100%\" height=\"100%\">\r\n\t<path fill=\"currentColor\" d=\"M64 8 L0 8 L0 0 L20 7.9 L40 3 L48 5 L64 0 Z\"\/>\r\n<\/svg><\/div><div class=\"l-section-shape type_zigzag pos_bottom\" style=\"height:3vmin;\"><svg xmlns=\"http:\/\/www.w3.org\/2000\/svg\" viewBox=\"0 0 64 8\" preserveAspectRatio=\"none\" width=\"100%\" height=\"100%\">\r\n\t<path fill=\"currentColor\" d=\"M64 8 L0 8 L0 0 L20 7.9 L40 3 L48 5 L64 0 Z\"\/>\r\n<\/svg><\/div><div class=\"l-section-h i-cf\"><div class=\"g-cols vc_row via_flex valign_top type_default stacking_default\"><div class=\"vc_col-sm-12 wpb_column vc_column_container\"><div class=\"vc_column-inner\"><div class=\"wpb_wrapper\"><div class=\"wpb_text_column\"><div class=\"wpb_wrapper\"><h2>A nossa recomenda\u00e7\u00e3o para desfrutar do Festival El B\u00facaro 2026<\/h2>\n<p>Se o principal objetivo for ouvir cante, <strong>El B\u00facaro \u00e9 um dos eventos mais interessantes nos arredores de Sevilha a 18 de setembro<\/strong>. O cartaz segue uma l\u00f3gica muito flamenca: cinco cantaores com perfis diferentes, quatro guitarristas de acompanhamento, guitarra a solo e uma equipa de palmas que completa a noite sem transformar o festival numa sucess\u00e3o de grandes produ\u00e7\u00f5es.<\/p>\n<p>Recomendamos especialmente a quem j\u00e1 conhece o formato de tablao ou teatro e quer viver o ambiente de um festival tradicional de prov\u00edncia. \u00c9 tamb\u00e9m uma excelente escolha para apreciadores de guitarra, gra\u00e7as a Antonio Carri\u00f3n, Manuel Herrera, Ni\u00f1o Seve, Juan Quir\u00f3s e Manuel Herrera Hijo.<\/p>\n<p>Tr\u00eas conselhos pr\u00e1ticos podem fazer a diferen\u00e7a:<\/p>\n<ul>\n<li><strong>Compre o bilhete antes do dia 18<\/strong> se tiver possibilidade de passar pelo Centro Cultural de La Villa.<\/li>\n<li><strong>Planeie o regresso antes de sair de Sevilha<\/strong> se utilizar transportes p\u00fablicos.<\/li>\n<li><strong>Chegue com anteced\u00eancia<\/strong> e confirme os hor\u00e1rios de \u201cDame el B\u00facaro\u201d se quiser incluir a exposi\u00e7\u00e3o na visita.<\/li>\n<\/ul>\n<p>Se n\u00e3o conseguir bilhete, preferir ficar em Sevilha ou quiser completar a viagem com outra noite de flamenco, pode comparar os espet\u00e1culos de tablao dispon\u00edveis na cidade.<\/p>\n<\/div><\/div><div class=\"w-separator size_medium\"><\/div><div class=\"w-hwrapper valign_top wrap stack_on_mobiles align_center\" style=\"--hwrapper-gap:1.2rem\"><div class=\"w-btn-wrapper align_none\"><a class=\"w-btn us-btn-style_1\" href=\"https:\/\/www.tablaosflamencos.com\/pt-pt\/flamenco-em-sevilha\"><span class=\"w-btn-label\">Ver espet\u00e1culos de flamenco em Sevilha<\/span><\/a><\/div><\/div><\/div><\/div><\/div><\/div><\/div><\/section><section class=\"l-section wpb_row height_huge\"><div class=\"l-section-h i-cf\"><div class=\"g-cols vc_row via_flex valign_top type_default stacking_default\"><div class=\"vc_col-sm-1\/5 wpb_column vc_column_container\"><div class=\"vc_column-inner\"><div class=\"wpb_wrapper\"><\/div><\/div><\/div><div class=\"vc_col-sm-3\/5 wpb_column vc_column_container\"><div class=\"vc_column-inner\"><div class=\"wpb_wrapper\"><div class=\"wpb_text_column\"><div class=\"wpb_wrapper\"><h2>Perguntas frequentes sobre o Festival El B\u00facaro 2026<\/h2>\n<\/div><\/div><div class=\"w-separator size_medium\"><\/div><div class=\"w-tabs accordion toggle_style_1 has_scrolling\" style=\"--sections-title-size:inherit;--sections-gap:0.5rem;\"><div class=\"w-tabs-sections titles-align_none icon_plus cpos_left\"><div class=\"w-tabs-section\" id=\"dd4f\" itemscope itemprop=\"mainEntity\" itemtype=\"https:\/\/schema.org\/Question\"><button type=\"button\" class=\"w-tabs-section-header\" aria-controls=\"content-dd4f\" aria-expanded=\"false\"><h3 class=\"w-tabs-section-title\" itemprop=\"name\">Quando se realiza o Festival El B\u00facaro 2026?<\/h3><div class=\"w-tabs-section-control\"><\/div><\/button><div  class=\"w-tabs-section-content\" id=\"content-dd4f\" itemscope itemprop=\"acceptedAnswer\" itemtype=\"https:\/\/schema.org\/Answer\"><div class=\"w-tabs-section-content-h i-cf\" itemprop=\"text\"><div class=\"wpb_text_column\"><div class=\"wpb_wrapper\"><p>O 43.\u00ba Festival de Cante Flamenco El B\u00facaro realiza-se na sexta-feira, 18 de setembro de 2026. A noite come\u00e7a \u00e0s 22:00.<\/p>\n<\/div><\/div><\/div><\/div><\/div><div class=\"w-tabs-section\" id=\"pe55\" itemscope itemprop=\"mainEntity\" itemtype=\"https:\/\/schema.org\/Question\"><button type=\"button\" class=\"w-tabs-section-header\" aria-controls=\"content-pe55\" aria-expanded=\"false\"><h3 class=\"w-tabs-section-title\" itemprop=\"name\">Onde se realiza o El B\u00facaro 2026?<\/h3><div class=\"w-tabs-section-control\"><\/div><\/button><div  class=\"w-tabs-section-content\" id=\"content-pe55\" itemscope itemprop=\"acceptedAnswer\" itemtype=\"https:\/\/schema.org\/Answer\"><div class=\"w-tabs-section-content-h i-cf\" itemprop=\"text\"><div class=\"wpb_text_column\"><div class=\"wpb_wrapper\"><p>O festival realiza-se na Hacienda Santa Cruz, em Carretera de la Estaci\u00f3n, 2, San Jos\u00e9 de La Rinconada, munic\u00edpio de La Rinconada, Sevilha.<\/p>\n<\/div><\/div><\/div><\/div><\/div><div class=\"w-tabs-section\" id=\"pf47\" itemscope itemprop=\"mainEntity\" itemtype=\"https:\/\/schema.org\/Question\"><button type=\"button\" class=\"w-tabs-section-header\" aria-controls=\"content-pf47\" aria-expanded=\"false\"><h3 class=\"w-tabs-section-title\" itemprop=\"name\">Quem atua no Festival El B\u00facaro 2026?<\/h3><div class=\"w-tabs-section-control\"><\/div><\/button><div  class=\"w-tabs-section-content\" id=\"content-pf47\" itemscope itemprop=\"acceptedAnswer\" itemtype=\"https:\/\/schema.org\/Answer\"><div class=\"w-tabs-section-content-h i-cf\" itemprop=\"text\"><div class=\"wpb_text_column\"><div class=\"wpb_wrapper\"><p>No cante est\u00e3o anunciados El Pele, Consuelo Hald\u00f3n, Rubito Hijo, Caracolillo de C\u00e1diz e Fernando El Goyo. Na guitarra participam Antonio Carri\u00f3n, Ni\u00f1o Seve, Manuel Herrera e Juan Quir\u00f3s. Manuel Herrera Hijo atua com guitarra a solo e Concha Carri\u00f3n e \u00c1ngel Pe\u00f1a est\u00e3o nas palmas.<\/p>\n<\/div><\/div><\/div><\/div><\/div><div class=\"w-tabs-section\" id=\"h03c\" itemscope itemprop=\"mainEntity\" itemtype=\"https:\/\/schema.org\/Question\"><button type=\"button\" class=\"w-tabs-section-header\" aria-controls=\"content-h03c\" aria-expanded=\"false\"><h3 class=\"w-tabs-section-title\" itemprop=\"name\">Quanto custam os bilhetes para El B\u00facaro 2026?<\/h3><div class=\"w-tabs-section-control\"><\/div><\/button><div  class=\"w-tabs-section-content\" id=\"content-h03c\" itemscope itemprop=\"acceptedAnswer\" itemtype=\"https:\/\/schema.org\/Answer\"><div class=\"w-tabs-section-content-h i-cf\" itemprop=\"text\"><div class=\"wpb_text_column\"><div class=\"wpb_wrapper\"><p>O bilhete custa 10 euros. A venda antecipada realiza-se no Centro Cultural de La Villa, das 10:00 \u00e0s 13:00.<\/p>\n<\/div><\/div><\/div><\/div><\/div><div class=\"w-tabs-section\" id=\"v119\" itemscope itemprop=\"mainEntity\" itemtype=\"https:\/\/schema.org\/Question\"><button type=\"button\" class=\"w-tabs-section-header\" aria-controls=\"content-v119\" aria-expanded=\"false\"><h3 class=\"w-tabs-section-title\" itemprop=\"name\">\u00c9 poss\u00edvel comprar bilhetes no pr\u00f3prio dia do festival?<\/h3><div class=\"w-tabs-section-control\"><\/div><\/button><div  class=\"w-tabs-section-content\" id=\"content-v119\" itemscope itemprop=\"acceptedAnswer\" itemtype=\"https:\/\/schema.org\/Answer\"><div class=\"w-tabs-section-content-h i-cf\" itemprop=\"text\"><div class=\"wpb_text_column\"><div class=\"wpb_wrapper\"><p>Sim, desde que ainda haja lugares. A bilheteira da Hacienda Santa Cruz abre uma hora antes do in\u00edcio, a partir das 21:00. Por isso, \u00e9 recomend\u00e1vel comprar antecipadamente sempre que poss\u00edvel.<\/p>\n<\/div><\/div><\/div><\/div><\/div><div class=\"w-tabs-section\" id=\"i1ed\" itemscope itemprop=\"mainEntity\" itemtype=\"https:\/\/schema.org\/Question\"><button type=\"button\" class=\"w-tabs-section-header\" aria-controls=\"content-i1ed\" aria-expanded=\"false\"><h3 class=\"w-tabs-section-title\" itemprop=\"name\">Existe um hor\u00e1rio de atua\u00e7\u00e3o para cada artista?<\/h3><div class=\"w-tabs-section-control\"><\/div><\/button><div  class=\"w-tabs-section-content\" id=\"content-i1ed\" itemscope itemprop=\"acceptedAnswer\" itemtype=\"https:\/\/schema.org\/Answer\"><div class=\"w-tabs-section-content-h i-cf\" itemprop=\"text\"><div class=\"wpb_text_column\"><div class=\"wpb_wrapper\"><p>N\u00e3o foi publicado um hor\u00e1rio individual para cada artista. O programa oficial indica o in\u00edcio geral \u00e0s 22:00 e apresenta o cartaz completo da noite sem detalhar uma ordem de atua\u00e7\u00e3o por horas.<\/p>\n<\/div><\/div><\/div><\/div><\/div><div class=\"w-tabs-section\" id=\"r2c7\" itemscope itemprop=\"mainEntity\" itemtype=\"https:\/\/schema.org\/Question\"><button type=\"button\" class=\"w-tabs-section-header\" aria-controls=\"content-r2c7\" aria-expanded=\"false\"><h3 class=\"w-tabs-section-title\" itemprop=\"name\">O que \u00e9 Dame el B\u00facaro?<\/h3><div class=\"w-tabs-section-control\"><\/div><\/button><div  class=\"w-tabs-section-content\" id=\"content-r2c7\" itemscope itemprop=\"acceptedAnswer\" itemtype=\"https:\/\/schema.org\/Answer\"><div class=\"w-tabs-section-content-h i-cf\" itemprop=\"text\"><div class=\"wpb_text_column\"><div class=\"wpb_wrapper\"><p>\u00c9 um projeto art\u00edstico ligado \u00e0 43.\u00aa edi\u00e7\u00e3o do festival que re\u00fane 50 b\u00facaros de barro intervencionados por 50 artistas contempor\u00e2neos a partir das letras do flamenco. Segundo as informa\u00e7\u00f5es municipais, a exposi\u00e7\u00e3o pode ser visitada na Hacienda Santa Cruz at\u00e9 20 de setembro de 2026.<\/p>\n<\/div><\/div><\/div><\/div><\/div><div class=\"w-tabs-section\" id=\"f397\" itemscope itemprop=\"mainEntity\" itemtype=\"https:\/\/schema.org\/Question\"><button type=\"button\" class=\"w-tabs-section-header\" aria-controls=\"content-f397\" aria-expanded=\"false\"><h3 class=\"w-tabs-section-title\" itemprop=\"name\">\u00c9 poss\u00edvel ir de Sevilha em transportes p\u00fablicos?<\/h3><div class=\"w-tabs-section-control\"><\/div><\/button><div  class=\"w-tabs-section-content\" id=\"content-f397\" itemscope itemprop=\"acceptedAnswer\" itemtype=\"https:\/\/schema.org\/Answer\"><div class=\"w-tabs-section-content-h i-cf\" itemprop=\"text\"><div class=\"wpb_text_column\"><div class=\"wpb_wrapper\"><p>Sim. San Jos\u00e9 de La Rinconada tem liga\u00e7\u00e3o de Cercan\u00edas na linha Sevilha\u2013Lora del R\u00edo e autocarros metropolitanos. Como o festival come\u00e7a \u00e0s 22:00 e pode terminar tarde, \u00e9 especialmente importante confirmar os \u00faltimos servi\u00e7os de regresso de 18 de setembro.<\/p>\n<\/div><\/div><\/div><\/div><\/div><\/div><\/div><\/div><\/div><\/div><div class=\"vc_col-sm-1\/5 wpb_column vc_column_container\"><div class=\"vc_column-inner\"><div class=\"wpb_wrapper\"><\/div><\/div><\/div><\/div><\/div><\/section><section class=\"l-section wpb_row height_huge color_alternate with_shape\"><div class=\"l-section-shape type_zigzag pos_top hor_flip\" style=\"height:3vmin;\"><svg xmlns=\"http:\/\/www.w3.org\/2000\/svg\" viewBox=\"0 0 64 8\" preserveAspectRatio=\"none\" width=\"100%\" height=\"100%\">\r\n\t<path fill=\"currentColor\" d=\"M64 8 L0 8 L0 0 L20 7.9 L40 3 L48 5 L64 0 Z\"\/>\r\n<\/svg><\/div><div class=\"l-section-shape type_zigzag pos_bottom\" style=\"height:3vmin;\"><svg xmlns=\"http:\/\/www.w3.org\/2000\/svg\" viewBox=\"0 0 64 8\" preserveAspectRatio=\"none\" width=\"100%\" height=\"100%\">\r\n\t<path fill=\"currentColor\" d=\"M64 8 L0 8 L0 0 L20 7.9 L40 3 L48 5 L64 0 Z\"\/>\r\n<\/svg><\/div><div class=\"l-section-h i-cf\"><div class=\"g-cols vc_row via_flex valign_top type_default stacking_default\"><div class=\"vc_col-sm-12 wpb_column vc_column_container\"><div class=\"vc_column-inner\"><div class=\"wpb_wrapper\"><div class=\"wpb_text_column\"><div class=\"wpb_wrapper\"><h2>Fontes e atualiza\u00e7\u00e3o<\/h2>\n<p>Para preparar este guia, cruz\u00e1mos as informa\u00e7\u00f5es municipais e tur\u00edsticas dispon\u00edveis sobre a edi\u00e7\u00e3o de 2026, dando prioridade \u00e0s fontes oficiais.<\/p>\n<ul>\n<li><a href=\"https:\/\/www.larinconada.es\/es\/noticias\/15493\/el-xliii-festival-de-cante-flamenco-el-bucaro-convierte-a-la-rinconada-en-referente-del-arte-jondo\" target=\"_blank\" rel=\"noopener\">Munic\u00edpio de La Rinconada \u2014 apresenta\u00e7\u00e3o oficial do 43.\u00ba Festival El B\u00facaro<\/a>.<\/li>\n<li><a href=\"https:\/\/www.larinconada.es\/es\/noticias\/15541\/50-bucaros-intervenidos-por-medio-centenar-de-artistas-se-reunen-en-una-exposicion-en-la-hacienda-santa-cruz\" target=\"_blank\" rel=\"noopener\">Munic\u00edpio de La Rinconada \u2014 exposi\u00e7\u00e3o \u201cDame el B\u00facaro\u201d<\/a>.<\/li>\n<li><a href=\"https:\/\/www.turismosevilla.org\/es\/eventos-y-fiestas\/xliii-festival-flamenco-el-bucaro\" target=\"_blank\" rel=\"noopener\">Turismo da Prov\u00edncia de Sevilha \u2014 43.\u00ba Festival Flamenco El B\u00facaro<\/a>.<\/li>\n<li><a href=\"https:\/\/www.juntadeandalucia.es\/cultura\/agendaculturaldeandalucia\/espacios\/hacienda-santa-cruz-san-jose-de-la-rinconada\" target=\"_blank\" rel=\"noopener\">Agenda Cultural da Andaluzia \u2014 Hacienda Santa Cruz<\/a>.<\/li>\n<\/ul>\n<p><small>Informa\u00e7\u00e3o verificada a 5 de setembro de 2026. A disponibilidade de bilhetes, os hor\u00e1rios, a ordem das atua\u00e7\u00f5es e as condi\u00e7\u00f5es de acesso podem sofrer altera\u00e7\u00f5es. Consulte sempre os canais oficiais antes de se deslocar.<\/small><\/p>\n<\/div><\/div><\/div><\/div><\/div><\/div><\/div><\/section>\n","protected":false},"excerpt":{"rendered":"<p>Guia do Festival El B\u00facaro 2026 em La Rinconada: data, hor\u00e1rio, artistas, bilhetes, programa, Hacienda Santa Cruz, como chegar a partir de Sevilha e exposi\u00e7\u00e3o Dame el B\u00facaro.<\/p>\n","protected":false},"author":1,"featured_media":14943,"comment_status":"closed","ping_status":"closed","sticky":false,"template":"","format":"standard","meta":{"_acf_changed":false,"wpai_generated_summary":"","_ayudawp_aiss_exclude":false,"_ayudawp_aiss_exclude_summary":false,"_ayudawp_aiss_summary":"","_ayudawp_aiss_summary_provider":"","_ayudawp_aiss_summary_hash":"","footnotes":""},"categories":[1671],"tags":[1727,1941,1405,1258,1188],"class_list":["post-15065","post","type-post","status-publish","format-standard","has-post-thumbnail","hentry","category-festivais-flamenco","tag-artistas-de-flamenco","tag-associacoes-de-flamenco-pt","tag-cante-flamenco-pt","tag-festivales-flamencos","tag-flamenco-en-sevilla"],"acf":[],"yoast_head":"<!-- This site is optimized with the Yoast SEO Premium plugin v28.4 (Yoast SEO v28.4) - https:\/\/yoast.com\/product\/yoast-seo-premium-wordpress\/ -->\n<title>Festival El B\u00facaro 2026: programa, artistas e bilhetes<\/title>\n<meta name=\"description\" content=\"Festival El B\u00facaro 2026 em La Rinconada: data, hor\u00e1rio, cartaz completo, bilhetes a 10 \u20ac, Hacienda Santa Cruz, como chegar e Dame el B\u00facaro.\" \/>\n<meta name=\"robots\" content=\"index, follow, max-snippet:-1, max-image-preview:large, max-video-preview:-1\" \/>\n<link rel=\"canonical\" href=\"https:\/\/www.tablaosflamencos.com\/pt-pt\/festival-el-bucaro-2026-programa-artistas-data-bilhetes.html\" \/>\n<meta property=\"og:locale\" content=\"pt_PT\" \/>\n<meta property=\"og:type\" content=\"article\" \/>\n<meta property=\"og:title\" content=\"Festival El B\u00facaro 2026: programa, artistas, data e tudo o que precisa de saber\" \/>\n<meta property=\"og:description\" content=\"Festival El B\u00facaro 2026 em La Rinconada: data, hor\u00e1rio, cartaz completo, bilhetes a 10 \u20ac, Hacienda Santa Cruz, como chegar e Dame el B\u00facaro.\" \/>\n<meta property=\"og:url\" content=\"https:\/\/www.tablaosflamencos.com\/pt-pt\/festival-el-bucaro-2026-programa-artistas-data-bilhetes.html\" \/>\n<meta property=\"og:site_name\" content=\"Tablaos Flamencos\" \/>\n<meta property=\"article:publisher\" content=\"https:\/\/www.facebook.com\/tablaosflamencos\" \/>\n<meta property=\"article:published_time\" content=\"2026-09-06T14:15:05+00:00\" \/>\n<meta property=\"article:modified_time\" content=\"2026-09-06T17:48:09+00:00\" \/>\n<meta property=\"og:image\" content=\"https:\/\/www.tablaosflamencos.com\/wp-content\/uploads\/festival-el-bucaro-2026-programa-artistas-fecha-y-todo-lo-que-necesitas-saber-01.webp\" \/>\n\t<meta property=\"og:image:width\" content=\"1536\" \/>\n\t<meta property=\"og:image:height\" content=\"1024\" \/>\n\t<meta property=\"og:image:type\" content=\"image\/webp\" \/>\n<meta name=\"author\" content=\"Miguel Ortiz\" \/>\n<meta name=\"twitter:card\" content=\"summary_large_image\" \/>\n<meta name=\"twitter:creator\" content=\"@tablaosflamenco\" \/>\n<meta name=\"twitter:site\" content=\"@tablaosflamenco\" \/>\n<meta name=\"twitter:label1\" content=\"Escrito por\" \/>\n\t<meta name=\"twitter:data1\" content=\"Miguel Ortiz\" \/>\n\t<meta name=\"twitter:label2\" content=\"Tempo estimado de leitura\" \/>\n\t<meta name=\"twitter:data2\" content=\"16 minutos\" \/>\n<script type=\"application\/ld+json\" class=\"yoast-schema-graph\">{\"@context\":\"https:\\\/\\\/schema.org\",\"@graph\":[{\"@type\":\"Article\",\"@id\":\"https:\\\/\\\/www.tablaosflamencos.com\\\/pt-pt\\\/festival-el-bucaro-2026-programa-artistas-data-bilhetes.html#article\",\"isPartOf\":{\"@id\":\"https:\\\/\\\/www.tablaosflamencos.com\\\/pt-pt\\\/festival-el-bucaro-2026-programa-artistas-data-bilhetes.html\"},\"author\":{\"name\":\"Miguel Ortiz\",\"@id\":\"https:\\\/\\\/www.tablaosflamencos.com\\\/pt-pt#\\\/schema\\\/person\\\/e7a9ebe14eb75a52ceabfbffb3c54f5d\"},\"headline\":\"Festival El B\u00facaro 2026: programa, artistas, data e tudo o que precisa de saber\",\"datePublished\":\"2026-09-06T14:15:05+00:00\",\"dateModified\":\"2026-09-06T17:48:09+00:00\",\"mainEntityOfPage\":{\"@id\":\"https:\\\/\\\/www.tablaosflamencos.com\\\/pt-pt\\\/festival-el-bucaro-2026-programa-artistas-data-bilhetes.html\"},\"wordCount\":3313,\"publisher\":{\"@id\":\"https:\\\/\\\/www.tablaosflamencos.com\\\/pt-pt#organization\"},\"image\":{\"@id\":\"https:\\\/\\\/www.tablaosflamencos.com\\\/pt-pt\\\/festival-el-bucaro-2026-programa-artistas-data-bilhetes.html#primaryimage\"},\"thumbnailUrl\":\"https:\\\/\\\/www.tablaosflamencos.com\\\/wp-content\\\/uploads\\\/festival-el-bucaro-2026-programa-artistas-fecha-y-todo-lo-que-necesitas-saber-01.webp\",\"keywords\":[\"artistas de flamenco\",\"associa\u00e7\u00f5es de flamenco\",\"cante flamenco\",\"festivales flamencos\",\"flamenco en Sevilla\"],\"articleSection\":[\"Festivais de flamenco\"],\"inLanguage\":\"pt-PT\"},{\"@type\":\"WebPage\",\"@id\":\"https:\\\/\\\/www.tablaosflamencos.com\\\/pt-pt\\\/festival-el-bucaro-2026-programa-artistas-data-bilhetes.html\",\"url\":\"https:\\\/\\\/www.tablaosflamencos.com\\\/pt-pt\\\/festival-el-bucaro-2026-programa-artistas-data-bilhetes.html\",\"name\":\"Festival El B\u00facaro 2026: programa, artistas e bilhetes\",\"isPartOf\":{\"@id\":\"https:\\\/\\\/www.tablaosflamencos.com\\\/pt-pt#website\"},\"primaryImageOfPage\":{\"@id\":\"https:\\\/\\\/www.tablaosflamencos.com\\\/pt-pt\\\/festival-el-bucaro-2026-programa-artistas-data-bilhetes.html#primaryimage\"},\"image\":{\"@id\":\"https:\\\/\\\/www.tablaosflamencos.com\\\/pt-pt\\\/festival-el-bucaro-2026-programa-artistas-data-bilhetes.html#primaryimage\"},\"thumbnailUrl\":\"https:\\\/\\\/www.tablaosflamencos.com\\\/wp-content\\\/uploads\\\/festival-el-bucaro-2026-programa-artistas-fecha-y-todo-lo-que-necesitas-saber-01.webp\",\"datePublished\":\"2026-09-06T14:15:05+00:00\",\"dateModified\":\"2026-09-06T17:48:09+00:00\",\"description\":\"Festival El B\u00facaro 2026 em La Rinconada: data, hor\u00e1rio, cartaz completo, bilhetes a 10 \u20ac, Hacienda Santa Cruz, como chegar e Dame el B\u00facaro.\",\"breadcrumb\":{\"@id\":\"https:\\\/\\\/www.tablaosflamencos.com\\\/pt-pt\\\/festival-el-bucaro-2026-programa-artistas-data-bilhetes.html#breadcrumb\"},\"inLanguage\":\"pt-PT\",\"potentialAction\":[{\"@type\":\"ReadAction\",\"target\":[\"https:\\\/\\\/www.tablaosflamencos.com\\\/pt-pt\\\/festival-el-bucaro-2026-programa-artistas-data-bilhetes.html\"]}]},{\"@type\":\"ImageObject\",\"inLanguage\":\"pt-PT\",\"@id\":\"https:\\\/\\\/www.tablaosflamencos.com\\\/pt-pt\\\/festival-el-bucaro-2026-programa-artistas-data-bilhetes.html#primaryimage\",\"url\":\"https:\\\/\\\/www.tablaosflamencos.com\\\/wp-content\\\/uploads\\\/festival-el-bucaro-2026-programa-artistas-fecha-y-todo-lo-que-necesitas-saber-01.webp\",\"contentUrl\":\"https:\\\/\\\/www.tablaosflamencos.com\\\/wp-content\\\/uploads\\\/festival-el-bucaro-2026-programa-artistas-fecha-y-todo-lo-que-necesitas-saber-01.webp\",\"width\":1536,\"height\":1024,\"caption\":\"Festival El B\u00facaro 2026: programa, artistas, fecha y todo lo que necesitas saber\"},{\"@type\":\"BreadcrumbList\",\"@id\":\"https:\\\/\\\/www.tablaosflamencos.com\\\/pt-pt\\\/festival-el-bucaro-2026-programa-artistas-data-bilhetes.html#breadcrumb\",\"itemListElement\":[{\"@type\":\"ListItem\",\"position\":1,\"name\":\"Home\",\"item\":\"https:\\\/\\\/www.tablaosflamencos.com\\\/pt-pt\"},{\"@type\":\"ListItem\",\"position\":2,\"name\":\"Festival El B\u00facaro 2026: programa, artistas, data e tudo o que precisa de saber\"}]},{\"@type\":\"WebSite\",\"@id\":\"https:\\\/\\\/www.tablaosflamencos.com\\\/pt-pt#website\",\"url\":\"https:\\\/\\\/www.tablaosflamencos.com\\\/pt-pt\",\"name\":\"Tablaos Flamencos\",\"description\":\"Entradas para tablaos flamencos de Espa\u00f1a\",\"publisher\":{\"@id\":\"https:\\\/\\\/www.tablaosflamencos.com\\\/pt-pt#organization\"},\"alternateName\":\"Tablaos Flamencos\",\"potentialAction\":[{\"@type\":\"SearchAction\",\"target\":{\"@type\":\"EntryPoint\",\"urlTemplate\":\"https:\\\/\\\/www.tablaosflamencos.com\\\/pt-pt?s={search_term_string}\"},\"query-input\":{\"@type\":\"PropertyValueSpecification\",\"valueRequired\":true,\"valueName\":\"search_term_string\"}}],\"inLanguage\":\"pt-PT\"},{\"@type\":[\"Organization\",\"Place\",\"EntertainmentBusiness\"],\"@id\":\"https:\\\/\\\/www.tablaosflamencos.com\\\/pt-pt#organization\",\"name\":\"Tablaos Flamencos\",\"alternateName\":\"Tablaos Flamencos\",\"url\":\"https:\\\/\\\/www.tablaosflamencos.com\\\/pt-pt\",\"logo\":{\"@id\":\"https:\\\/\\\/www.tablaosflamencos.com\\\/pt-pt\\\/festival-el-bucaro-2026-programa-artistas-data-bilhetes.html#local-main-organization-logo\"},\"image\":{\"@id\":\"https:\\\/\\\/www.tablaosflamencos.com\\\/pt-pt\\\/festival-el-bucaro-2026-programa-artistas-data-bilhetes.html#local-main-organization-logo\"},\"sameAs\":[\"https:\\\/\\\/www.facebook.com\\\/tablaosflamencos\",\"https:\\\/\\\/x.com\\\/tablaosflamenco\",\"https:\\\/\\\/mastodon.social\\\/@tablaosflamencos\",\"https:\\\/\\\/www.instagram.com\\\/tablaosflamencos\",\"https:\\\/\\\/tiktok.com\\\/@tablaosflamencos\",\"https:\\\/\\\/www.linkedin.com\\\/company\\\/109408238\\\/\"],\"description\":\"Venta de entradas para espect\u00e1culos flamencos\",\"legalName\":\"Tablaos Flamencos\",\"foundingDate\":\"2015-01-01\",\"numberOfEmployees\":{\"@type\":\"QuantitativeValue\",\"minValue\":\"1\",\"maxValue\":\"10\"},\"address\":{\"@id\":\"https:\\\/\\\/www.tablaosflamencos.com\\\/pt-pt\\\/festival-el-bucaro-2026-programa-artistas-data-bilhetes.html#local-main-place-address\"},\"geo\":{\"@type\":\"GeoCoordinates\",\"latitude\":\"37.3868072\",\"longitude\":\"-5.993280299999999\"},\"telephone\":[\"+34623787787\"],\"contactPoint\":{\"@type\":\"ContactPoint\",\"telephone\":\"+34623787787\",\"email\":\"info@tablaosflamencos.com\"},\"openingHoursSpecification\":{\"@type\":\"OpeningHoursSpecification\",\"dayOfWeek\":[\"Monday\",\"Tuesday\",\"Wednesday\",\"Thursday\",\"Friday\",\"Saturday\",\"Sunday\"],\"opens\":\"00:00\",\"closes\":\"23:59\"},\"email\":\"info@tablaosflamencos.com\",\"priceRange\":\"$$$\",\"currenciesAccepted\":\"\u20ac\"},{\"@type\":\"Person\",\"@id\":\"https:\\\/\\\/www.tablaosflamencos.com\\\/pt-pt#\\\/schema\\\/person\\\/e7a9ebe14eb75a52ceabfbffb3c54f5d\",\"name\":\"Miguel Ortiz\",\"description\":\"Miguel Ortiz es un empresario flamenco, con una s\u00f3lida trayectoria dentro del sector. Ha presidido entidades culturales vinculadas al flamenco y, cuenta con un amplio recorrido profesional en la gesti\u00f3n y promoci\u00f3n de espect\u00e1culos y tablaos flamencos. Su pasi\u00f3n por la historia y el arte flamenco se refleja en cada art\u00edculo, donde combina experiencia, criterio y un profundo respeto por la tradici\u00f3n.\",\"sameAs\":[\"https:\\\/\\\/www.tablaosflamencos.com\",\"https:\\\/\\\/www.instagra.com\\\/miguelortizfe\",\"https:\\\/\\\/www.linkedin.com\\\/in\\\/miguelortizf\\\/\"],\"birthDate\":\"1984-11-22\",\"gender\":\"hombre\",\"knowsLanguage\":[\"espa\u00f1ol\",\"ingl\u00e9s\"],\"jobTitle\":\"Empresario flamenco\"},{\"@type\":\"PostalAddress\",\"@id\":\"https:\\\/\\\/www.tablaosflamencos.com\\\/pt-pt\\\/festival-el-bucaro-2026-programa-artistas-data-bilhetes.html#local-main-place-address\",\"streetAddress\":\"C\\\/ Alemanes, 19\",\"addressLocality\":\"Sevilla\",\"postalCode\":\"41004\",\"addressRegion\":\"Sevilla\",\"addressCountry\":\"ES\"},{\"@type\":\"ImageObject\",\"inLanguage\":\"pt-PT\",\"@id\":\"https:\\\/\\\/www.tablaosflamencos.com\\\/pt-pt\\\/festival-el-bucaro-2026-programa-artistas-data-bilhetes.html#local-main-organization-logo\",\"url\":\"https:\\\/\\\/www.tablaosflamencos.com\\\/wp-content\\\/uploads\\\/tablaos-flamencos-06-3.webp\",\"contentUrl\":\"https:\\\/\\\/www.tablaosflamencos.com\\\/wp-content\\\/uploads\\\/tablaos-flamencos-06-3.webp\",\"width\":600,\"height\":620,\"caption\":\"Tablaos Flamencos\"}]}<\/script>\n<meta name=\"geo.placename\" content=\"Sevilla\" \/>\n<meta name=\"geo.position\" content=\"37.3868072;-5.993280299999999\" \/>\n<meta name=\"geo.region\" content=\"Espanha\" \/>\n<!-- \/ Yoast SEO Premium plugin. -->","yoast_head_json":{"title":"Festival El B\u00facaro 2026: programa, artistas e bilhetes","description":"Festival El B\u00facaro 2026 em La Rinconada: data, hor\u00e1rio, cartaz completo, bilhetes a 10 \u20ac, Hacienda Santa Cruz, como chegar e Dame el B\u00facaro.","robots":{"index":"index","follow":"follow","max-snippet":"max-snippet:-1","max-image-preview":"max-image-preview:large","max-video-preview":"max-video-preview:-1"},"canonical":"https:\/\/www.tablaosflamencos.com\/pt-pt\/festival-el-bucaro-2026-programa-artistas-data-bilhetes.html","og_locale":"pt_PT","og_type":"article","og_title":"Festival El B\u00facaro 2026: programa, artistas, data e tudo o que precisa de saber","og_description":"Festival El B\u00facaro 2026 em La Rinconada: data, hor\u00e1rio, cartaz completo, bilhetes a 10 \u20ac, Hacienda Santa Cruz, como chegar e Dame el B\u00facaro.","og_url":"https:\/\/www.tablaosflamencos.com\/pt-pt\/festival-el-bucaro-2026-programa-artistas-data-bilhetes.html","og_site_name":"Tablaos Flamencos","article_publisher":"https:\/\/www.facebook.com\/tablaosflamencos","article_published_time":"2026-09-06T14:15:05+00:00","article_modified_time":"2026-09-06T17:48:09+00:00","og_image":[{"width":1536,"height":1024,"url":"https:\/\/www.tablaosflamencos.com\/wp-content\/uploads\/festival-el-bucaro-2026-programa-artistas-fecha-y-todo-lo-que-necesitas-saber-01.webp","type":"image\/webp"}],"author":"Miguel Ortiz","twitter_card":"summary_large_image","twitter_creator":"@tablaosflamenco","twitter_site":"@tablaosflamenco","twitter_misc":{"Escrito por":"Miguel Ortiz","Tempo estimado de leitura":"16 minutos"},"schema":{"@context":"https:\/\/schema.org","@graph":[{"@type":"Article","@id":"https:\/\/www.tablaosflamencos.com\/pt-pt\/festival-el-bucaro-2026-programa-artistas-data-bilhetes.html#article","isPartOf":{"@id":"https:\/\/www.tablaosflamencos.com\/pt-pt\/festival-el-bucaro-2026-programa-artistas-data-bilhetes.html"},"author":{"name":"Miguel Ortiz","@id":"https:\/\/www.tablaosflamencos.com\/pt-pt#\/schema\/person\/e7a9ebe14eb75a52ceabfbffb3c54f5d"},"headline":"Festival El B\u00facaro 2026: programa, artistas, data e tudo o que precisa de saber","datePublished":"2026-09-06T14:15:05+00:00","dateModified":"2026-09-06T17:48:09+00:00","mainEntityOfPage":{"@id":"https:\/\/www.tablaosflamencos.com\/pt-pt\/festival-el-bucaro-2026-programa-artistas-data-bilhetes.html"},"wordCount":3313,"publisher":{"@id":"https:\/\/www.tablaosflamencos.com\/pt-pt#organization"},"image":{"@id":"https:\/\/www.tablaosflamencos.com\/pt-pt\/festival-el-bucaro-2026-programa-artistas-data-bilhetes.html#primaryimage"},"thumbnailUrl":"https:\/\/www.tablaosflamencos.com\/wp-content\/uploads\/festival-el-bucaro-2026-programa-artistas-fecha-y-todo-lo-que-necesitas-saber-01.webp","keywords":["artistas de flamenco","associa\u00e7\u00f5es de flamenco","cante flamenco","festivales flamencos","flamenco en Sevilla"],"articleSection":["Festivais de flamenco"],"inLanguage":"pt-PT"},{"@type":"WebPage","@id":"https:\/\/www.tablaosflamencos.com\/pt-pt\/festival-el-bucaro-2026-programa-artistas-data-bilhetes.html","url":"https:\/\/www.tablaosflamencos.com\/pt-pt\/festival-el-bucaro-2026-programa-artistas-data-bilhetes.html","name":"Festival El B\u00facaro 2026: programa, artistas e bilhetes","isPartOf":{"@id":"https:\/\/www.tablaosflamencos.com\/pt-pt#website"},"primaryImageOfPage":{"@id":"https:\/\/www.tablaosflamencos.com\/pt-pt\/festival-el-bucaro-2026-programa-artistas-data-bilhetes.html#primaryimage"},"image":{"@id":"https:\/\/www.tablaosflamencos.com\/pt-pt\/festival-el-bucaro-2026-programa-artistas-data-bilhetes.html#primaryimage"},"thumbnailUrl":"https:\/\/www.tablaosflamencos.com\/wp-content\/uploads\/festival-el-bucaro-2026-programa-artistas-fecha-y-todo-lo-que-necesitas-saber-01.webp","datePublished":"2026-09-06T14:15:05+00:00","dateModified":"2026-09-06T17:48:09+00:00","description":"Festival El B\u00facaro 2026 em La Rinconada: data, hor\u00e1rio, cartaz completo, bilhetes a 10 \u20ac, Hacienda Santa Cruz, como chegar e Dame el B\u00facaro.","breadcrumb":{"@id":"https:\/\/www.tablaosflamencos.com\/pt-pt\/festival-el-bucaro-2026-programa-artistas-data-bilhetes.html#breadcrumb"},"inLanguage":"pt-PT","potentialAction":[{"@type":"ReadAction","target":["https:\/\/www.tablaosflamencos.com\/pt-pt\/festival-el-bucaro-2026-programa-artistas-data-bilhetes.html"]}]},{"@type":"ImageObject","inLanguage":"pt-PT","@id":"https:\/\/www.tablaosflamencos.com\/pt-pt\/festival-el-bucaro-2026-programa-artistas-data-bilhetes.html#primaryimage","url":"https:\/\/www.tablaosflamencos.com\/wp-content\/uploads\/festival-el-bucaro-2026-programa-artistas-fecha-y-todo-lo-que-necesitas-saber-01.webp","contentUrl":"https:\/\/www.tablaosflamencos.com\/wp-content\/uploads\/festival-el-bucaro-2026-programa-artistas-fecha-y-todo-lo-que-necesitas-saber-01.webp","width":1536,"height":1024,"caption":"Festival El B\u00facaro 2026: programa, artistas, fecha y todo lo que necesitas saber"},{"@type":"BreadcrumbList","@id":"https:\/\/www.tablaosflamencos.com\/pt-pt\/festival-el-bucaro-2026-programa-artistas-data-bilhetes.html#breadcrumb","itemListElement":[{"@type":"ListItem","position":1,"name":"Home","item":"https:\/\/www.tablaosflamencos.com\/pt-pt"},{"@type":"ListItem","position":2,"name":"Festival El B\u00facaro 2026: programa, artistas, data e tudo o que precisa de saber"}]},{"@type":"WebSite","@id":"https:\/\/www.tablaosflamencos.com\/pt-pt#website","url":"https:\/\/www.tablaosflamencos.com\/pt-pt","name":"Tablaos Flamencos","description":"Entradas para tablaos flamencos de Espa\u00f1a","publisher":{"@id":"https:\/\/www.tablaosflamencos.com\/pt-pt#organization"},"alternateName":"Tablaos Flamencos","potentialAction":[{"@type":"SearchAction","target":{"@type":"EntryPoint","urlTemplate":"https:\/\/www.tablaosflamencos.com\/pt-pt?s={search_term_string}"},"query-input":{"@type":"PropertyValueSpecification","valueRequired":true,"valueName":"search_term_string"}}],"inLanguage":"pt-PT"},{"@type":["Organization","Place","EntertainmentBusiness"],"@id":"https:\/\/www.tablaosflamencos.com\/pt-pt#organization","name":"Tablaos Flamencos","alternateName":"Tablaos Flamencos","url":"https:\/\/www.tablaosflamencos.com\/pt-pt","logo":{"@id":"https:\/\/www.tablaosflamencos.com\/pt-pt\/festival-el-bucaro-2026-programa-artistas-data-bilhetes.html#local-main-organization-logo"},"image":{"@id":"https:\/\/www.tablaosflamencos.com\/pt-pt\/festival-el-bucaro-2026-programa-artistas-data-bilhetes.html#local-main-organization-logo"},"sameAs":["https:\/\/www.facebook.com\/tablaosflamencos","https:\/\/x.com\/tablaosflamenco","https:\/\/mastodon.social\/@tablaosflamencos","https:\/\/www.instagram.com\/tablaosflamencos","https:\/\/tiktok.com\/@tablaosflamencos","https:\/\/www.linkedin.com\/company\/109408238\/"],"description":"Venta de entradas para espect\u00e1culos flamencos","legalName":"Tablaos Flamencos","foundingDate":"2015-01-01","numberOfEmployees":{"@type":"QuantitativeValue","minValue":"1","maxValue":"10"},"address":{"@id":"https:\/\/www.tablaosflamencos.com\/pt-pt\/festival-el-bucaro-2026-programa-artistas-data-bilhetes.html#local-main-place-address"},"geo":{"@type":"GeoCoordinates","latitude":"37.3868072","longitude":"-5.993280299999999"},"telephone":["+34623787787"],"contactPoint":{"@type":"ContactPoint","telephone":"+34623787787","email":"info@tablaosflamencos.com"},"openingHoursSpecification":{"@type":"OpeningHoursSpecification","dayOfWeek":["Monday","Tuesday","Wednesday","Thursday","Friday","Saturday","Sunday"],"opens":"00:00","closes":"23:59"},"email":"info@tablaosflamencos.com","priceRange":"$$$","currenciesAccepted":"\u20ac"},{"@type":"Person","@id":"https:\/\/www.tablaosflamencos.com\/pt-pt#\/schema\/person\/e7a9ebe14eb75a52ceabfbffb3c54f5d","name":"Miguel Ortiz","description":"Miguel Ortiz es un empresario flamenco, con una s\u00f3lida trayectoria dentro del sector. Ha presidido entidades culturales vinculadas al flamenco y, cuenta con un amplio recorrido profesional en la gesti\u00f3n y promoci\u00f3n de espect\u00e1culos y tablaos flamencos. Su pasi\u00f3n por la historia y el arte flamenco se refleja en cada art\u00edculo, donde combina experiencia, criterio y un profundo respeto por la tradici\u00f3n.","sameAs":["https:\/\/www.tablaosflamencos.com","https:\/\/www.instagra.com\/miguelortizfe","https:\/\/www.linkedin.com\/in\/miguelortizf\/"],"birthDate":"1984-11-22","gender":"hombre","knowsLanguage":["espa\u00f1ol","ingl\u00e9s"],"jobTitle":"Empresario flamenco"},{"@type":"PostalAddress","@id":"https:\/\/www.tablaosflamencos.com\/pt-pt\/festival-el-bucaro-2026-programa-artistas-data-bilhetes.html#local-main-place-address","streetAddress":"C\/ Alemanes, 19","addressLocality":"Sevilla","postalCode":"41004","addressRegion":"Sevilla","addressCountry":"ES"},{"@type":"ImageObject","inLanguage":"pt-PT","@id":"https:\/\/www.tablaosflamencos.com\/pt-pt\/festival-el-bucaro-2026-programa-artistas-data-bilhetes.html#local-main-organization-logo","url":"https:\/\/www.tablaosflamencos.com\/wp-content\/uploads\/tablaos-flamencos-06-3.webp","contentUrl":"https:\/\/www.tablaosflamencos.com\/wp-content\/uploads\/tablaos-flamencos-06-3.webp","width":600,"height":620,"caption":"Tablaos Flamencos"}]},"geo.placename":"Sevilla","geo.position":{"lat":"37.3868072","long":"-5.993280299999999"},"geo.region":"Espanha"},"_links":{"self":[{"href":"https:\/\/www.tablaosflamencos.com\/pt-pt\/wp-json\/wp\/v2\/posts\/15065","targetHints":{"allow":["GET"]}}],"collection":[{"href":"https:\/\/www.tablaosflamencos.com\/pt-pt\/wp-json\/wp\/v2\/posts"}],"about":[{"href":"https:\/\/www.tablaosflamencos.com\/pt-pt\/wp-json\/wp\/v2\/types\/post"}],"author":[{"embeddable":true,"href":"https:\/\/www.tablaosflamencos.com\/pt-pt\/wp-json\/wp\/v2\/users\/1"}],"replies":[{"embeddable":true,"href":"https:\/\/www.tablaosflamencos.com\/pt-pt\/wp-json\/wp\/v2\/comments?post=15065"}],"version-history":[{"count":2,"href":"https:\/\/www.tablaosflamencos.com\/pt-pt\/wp-json\/wp\/v2\/posts\/15065\/revisions"}],"predecessor-version":[{"id":15184,"href":"https:\/\/www.tablaosflamencos.com\/pt-pt\/wp-json\/wp\/v2\/posts\/15065\/revisions\/15184"}],"wp:featuredmedia":[{"embeddable":true,"href":"https:\/\/www.tablaosflamencos.com\/pt-pt\/wp-json\/wp\/v2\/media\/14943"}],"wp:attachment":[{"href":"https:\/\/www.tablaosflamencos.com\/pt-pt\/wp-json\/wp\/v2\/media?parent=15065"}],"wp:term":[{"taxonomy":"category","embeddable":true,"href":"https:\/\/www.tablaosflamencos.com\/pt-pt\/wp-json\/wp\/v2\/categories?post=15065"},{"taxonomy":"post_tag","embeddable":true,"href":"https:\/\/www.tablaosflamencos.com\/pt-pt\/wp-json\/wp\/v2\/tags?post=15065"}],"curies":[{"name":"wp","href":"https:\/\/api.w.org\/{rel}","templated":true}]}}