{"id":14887,"date":"2026-09-05T13:34:33","date_gmt":"2026-09-05T11:34:33","guid":{"rendered":"https:\/\/www.tablaosflamencos.com\/?p=14887"},"modified":"2026-09-05T16:33:44","modified_gmt":"2026-09-05T14:33:44","slug":"bienal-flamenco-sevilha-14-20-setembro-2026","status":"publish","type":"post","link":"https:\/\/www.tablaosflamencos.com\/pt-pt\/bienal-flamenco-sevilha-14-20-setembro-2026.html","title":{"rendered":"O que ver na Bienal de Flamenco de Sevilha de 14 a 20 de setembro de 2026"},"content":{"rendered":"<section class=\"l-section wpb_row height_huge\"><div class=\"l-section-h i-cf\"><div class=\"g-cols vc_row via_flex valign_top type_default stacking_default\"><div class=\"vc_col-sm-6 wpb_column vc_column_container\"><div class=\"vc_column-inner\"><div class=\"wpb_wrapper\"><div class=\"wpb_text_column\"><div class=\"wpb_wrapper\"><h2>O que ver na Bienal de Flamenco de Sevilha de 14 a 20 de setembro de 2026<\/h2>\n<p>A <strong>segunda semana da Bienal de Flamenco de Sevilha 2026<\/strong>, de segunda-feira, 14, a domingo, 20 de setembro, muda o ritmo do festival. Depois do primeiro grande fim de semana, a programa\u00e7\u00e3o abre-se em leque: o Real Alc\u00e1zar concentra tr\u00eas noites consecutivas de canto e flamenco de raiz; os tr\u00eas espet\u00e1culos noturnos inicialmente previstos no Hotel Triana passam para o Muelle de la Sal; o Lope de Vega recebe dois recitais de canto de enorme personalidade; e o fim de semana re\u00fane guitarra, orquestra, matin\u00e9s, jovens talentos e v\u00e1rias Noites \u00danicas.<\/p>\n<p>Em sete dias h\u00e1 <strong>20 sess\u00f5es oficiais<\/strong>. Nem todas s\u00e3o compat\u00edveis entre si e boa parte do interesse desta semana est\u00e1 precisamente na escolha: Israel Fern\u00e1ndez coincide com Ana Morales e Macarena L\u00f3pez; Rancapino Chico sobrep\u00f5e-se \u00e0 homenagem a Isabel Bay\u00f3n; Xerezan\u00edas obriga a escolher entre esse encontro e Jos\u00e9 del Tomate; e o fim de semana volta a apresentar propostas em hor\u00e1rios concorrentes.<\/p>\n<p>Este guia organiza a programa\u00e7\u00e3o de <strong>14 a 20 de setembro de 2026<\/strong> e sugere o que escolher consoante procures canto, guitarra, dan\u00e7a, flamenco de raiz, cria\u00e7\u00e3o contempor\u00e2nea ou uma experi\u00eancia especialmente ligada a Sevilha.<\/p>\n<\/div><\/div><\/div><\/div><\/div><div class=\"vc_col-sm-6 wpb_column vc_column_container\"><div class=\"vc_column-inner\"><div class=\"wpb_wrapper\"><div class=\"wpb_text_column\"><div class=\"wpb_wrapper\"><p style=\"text-align: center; font-size: 52px; line-height: 1; margin-bottom: 10px;\"><strong>14\u201320<\/strong><\/p>\n<h3 style=\"text-align: center;\">setembro de 2026<\/h3>\n<p style=\"text-align: center;\"><strong>De segunda-feira a domingo<\/strong><\/p>\n<p style=\"text-align: center;\">20 sess\u00f5es oficiais<\/p>\n<p style=\"text-align: center;\">Canto \u00b7 dan\u00e7a \u00b7 guitarra \u00b7 Noites \u00danicas \u00b7 matin\u00e9s<\/p>\n<p style=\"text-align: center;\">Alc\u00e1zar \u00b7 Muelle de la Sal \u00b7 Maestranza \u00b7 Lope de Vega \u00b7 Turina \u00b7 Alameda \u00b7 Central \u00b7 San Luis \u00b7 Artiller\u00eda<\/p>\n<\/div><\/div><\/div><\/div><\/div><\/div><\/div><\/section><section class=\"l-section wpb_row height_huge color_alternate with_shape\"><div class=\"l-section-shape type_zigzag pos_top\" style=\"height:3vmin;\"><svg xmlns=\"http:\/\/www.w3.org\/2000\/svg\" viewBox=\"0 0 64 8\" preserveAspectRatio=\"none\" width=\"100%\" height=\"100%\">\r\n\t<path fill=\"currentColor\" d=\"M64 8 L0 8 L0 0 L20 7.9 L40 3 L48 5 L64 0 Z\"\/>\r\n<\/svg><\/div><div class=\"l-section-shape type_zigzag pos_bottom\" style=\"height:3vmin;\"><svg xmlns=\"http:\/\/www.w3.org\/2000\/svg\" viewBox=\"0 0 64 8\" preserveAspectRatio=\"none\" width=\"100%\" height=\"100%\">\r\n\t<path fill=\"currentColor\" d=\"M64 8 L0 8 L0 0 L20 7.9 L40 3 L48 5 L64 0 Z\"\/>\r\n<\/svg><\/div><div class=\"l-section-h i-cf\"><div class=\"g-cols vc_row via_flex valign_top type_default stacking_default\"><div class=\"vc_col-sm-12 wpb_column vc_column_container\"><div class=\"vc_column-inner\"><div class=\"wpb_wrapper\"><div class=\"wpb_text_column\"><div class=\"wpb_wrapper\"><blockquote>\n<p><strong>Resposta r\u00e1pida:<\/strong> para reduzir esta semana a alguns encontros, a <strong>segunda-feira, 14,<\/strong> oferece tr\u00eas caminhos muito diferentes com Israel Fern\u00e1ndez, Ana Morales e Macarena L\u00f3pez; a <strong>ter\u00e7a-feira, 15,<\/strong> contrap\u00f5e o canto de Rancapino Chico a uma Noite \u00danica dedicada a Isabel Bay\u00f3n; a <strong>quarta-feira, 16,<\/strong> coloca frente a frente o encontro de artistas de Jerez de <em>Xerezan\u00edas<\/em> e a guitarra de Jos\u00e9 del Tomate; a <strong>quinta-feira, 17,<\/strong> permite combinar Arc\u00e1ngel com <em>Mujeres Gitanas<\/em> no Muelle de la Sal; a <strong>sexta-feira, 18,<\/strong> destaca-se por Antonio Reyes e pela noite dedicada \u00e0 Pe\u00f1a El Pozo de las Penas; o <strong>s\u00e1bado, 19,<\/strong> re\u00fane Alejandro Hurtado, Mar\u00eda Mar\u00edn, Ca\u00f1izares com a ROSS e <em>Andaluc\u00eda en el tiempo<\/em>; e o <strong>domingo, 20,<\/strong> re\u00fane novamente Alejandro Hurtado, Manuel de la Luz &amp; Manuel Im\u00e1n, Jos\u00e9 Merc\u00e9 e a Gala do Circuito Andaluz de Jovens Artistas de Flamenco.<\/p>\n<\/blockquote>\n<p><strong>\u00daltima atualiza\u00e7\u00e3o: 5 de setembro de 2026.<\/strong> Hor\u00e1rios e programa\u00e7\u00e3o verificados na agenda oficial da XXIV Bienal. Altera\u00e7\u00e3o de local: os espet\u00e1culos dos dias 17, 18 e 19 de setembro inicialmente previstos no Hotel Triana realizam-se no Muelle de la Sal, mantendo as datas e o in\u00edcio \u00e0s 23:00. A disponibilidade de bilhetes pode mudar: consulta sempre a ficha oficial de cada espet\u00e1culo antes de fechar o teu plano.<\/p>\n<\/div><\/div><div class=\"w-separator size_medium\"><\/div><div class=\"w-hwrapper valign_top wrap stack_on_mobiles align_center\" style=\"--hwrapper-gap:1.2rem\"><div class=\"w-btn-wrapper align_none\"><a class=\"w-btn us-btn-style_1\" href=\"https:\/\/www.tablaosflamencos.com\/pt-pt\/bienal-flamenco-sevilha-2026.html\"><span class=\"w-btn-label\">Guia completo da Bienal 2026<\/span><\/a><\/div><div class=\"w-btn-wrapper align_none\"><a class=\"w-btn us-btn-style_1\" href=\"https:\/\/www.tablaosflamencos.com\/pt-pt\/bienal-flamenco-sevilha-2026-bilhetes-precos-descontos.html\"><span class=\"w-btn-label\">Bilhetes, pre\u00e7os e descontos<\/span><\/a><\/div><div class=\"w-btn-wrapper align_none\"><a class=\"w-btn us-btn-style_1\" target=\"_blank\" href=\"https:\/\/www.labienal.com\/programa-general\"><span class=\"w-btn-label\">Programa\u00e7\u00e3o oficial<\/span><\/a><\/div><\/div><\/div><\/div><\/div><\/div><\/div><\/section><section class=\"l-section wpb_row height_huge\"><div class=\"l-section-h i-cf\"><div class=\"g-cols vc_row via_flex valign_top type_default stacking_default\"><div class=\"vc_col-sm-3 wpb_column vc_column_container\"><div class=\"vc_column-inner\"><div class=\"wpb_wrapper\"><\/div><\/div><\/div><div class=\"vc_col-sm-6 wpb_column vc_column_container\"><div class=\"vc_column-inner\"><div class=\"wpb_wrapper\"><div class=\"wpb_text_column\"><div class=\"wpb_wrapper\"><h2>Conte\u00fado deste guia<\/h2>\n<ul>\n<li><a href=\"#semana-central\">Porque \u00e9 especial esta semana<\/a><\/li>\n<li><a href=\"#programa-14-20\">Programa completo de 14 a 20 de setembro<\/a><\/li>\n<li><a href=\"#lunes-14\">Segunda-feira, 14: Israel Fern\u00e1ndez, Ana Morales ou Macarena L\u00f3pez<\/a><\/li>\n<li><a href=\"#martes-15\">Ter\u00e7a-feira, 15: Rancapino Chico e a homenagem a Isabel Bay\u00f3n<\/a><\/li>\n<li><a href=\"#miercoles-16\">Quarta-feira, 16: Jerez no Alc\u00e1zar ou guitarra no Alameda<\/a><\/li>\n<li><a href=\"#jueves-17\">Quinta-feira, 17: Arc\u00e1ngel e Mujeres Gitanas<\/a><\/li>\n<li><a href=\"#viernes-18\">Sexta-feira, 18: guitarra, Antonio Reyes e Muelle de la Sal<\/a><\/li>\n<li><a href=\"#sabado-19\">S\u00e1bado, 19: o dia mais completo da semana<\/a><\/li>\n<li><a href=\"#domingo-20\">Domingo, 20: da matin\u00e9 a Jos\u00e9 Merc\u00e9 e aos jovens<\/a><\/li>\n<li><a href=\"#itinerarios-14-20\">Itiner\u00e1rios recomendados<\/a><\/li>\n<li><a href=\"#perfiles-14-20\">O que escolher de acordo com os teus gostos<\/a><\/li>\n<li><a href=\"#logistica-14-20\">Como combinar espet\u00e1culos sem correr<\/a><\/li>\n<li><a href=\"#faq-14-20\">Perguntas frequentes<\/a><\/li>\n<\/ul>\n<\/div><\/div><\/div><\/div><\/div><div class=\"vc_col-sm-3 wpb_column vc_column_container\"><div class=\"vc_column-inner\"><div class=\"wpb_wrapper\"><\/div><\/div><\/div><\/div><\/div><\/section><section class=\"l-section wpb_row height_huge color_alternate with_shape\"><div class=\"l-section-shape type_zigzag pos_top\" style=\"height:3vmin;\"><svg xmlns=\"http:\/\/www.w3.org\/2000\/svg\" viewBox=\"0 0 64 8\" preserveAspectRatio=\"none\" width=\"100%\" height=\"100%\">\r\n\t<path fill=\"currentColor\" d=\"M64 8 L0 8 L0 0 L20 7.9 L40 3 L48 5 L64 0 Z\"\/>\r\n<\/svg><\/div><div class=\"l-section-shape type_zigzag pos_bottom\" style=\"height:3vmin;\"><svg xmlns=\"http:\/\/www.w3.org\/2000\/svg\" viewBox=\"0 0 64 8\" preserveAspectRatio=\"none\" width=\"100%\" height=\"100%\">\r\n\t<path fill=\"currentColor\" d=\"M64 8 L0 8 L0 0 L20 7.9 L40 3 L48 5 L64 0 Z\"\/>\r\n<\/svg><\/div><div class=\"l-section-h i-cf\"><div class=\"g-cols vc_row via_flex valign_top type_default stacking_default\"><div class=\"vc_col-sm-6 wpb_column vc_column_container\"><div class=\"vc_column-inner\"><div class=\"wpb_wrapper\"><div class=\"wpb_text_column\"><div class=\"wpb_wrapper\"><h2 id=\"semana-central\">A semana em que a Bienal se estende por toda a cidade de Sevilha<\/h2>\n<p>De 14 a 20 de setembro, a Bienal deixa de parecer uma sucess\u00e3o de grandes estreias isoladas e come\u00e7a a mostrar claramente a sua estrutura completa. Na segunda, ter\u00e7a e quarta-feira, o <strong>Real Alc\u00e1zar<\/strong> torna-se um dos grandes centros do canto com Israel Fern\u00e1ndez, Rancapino Chico e o encontro de artistas de Jerez de <em>Xerezan\u00edas<\/em>. A partir de quinta-feira, as aten\u00e7\u00f5es voltam-se tamb\u00e9m para o <strong>Muelle de la Sal<\/strong>, novo local das tr\u00eas Noites \u00danicas consecutivas inicialmente anunciadas para o Hotel Triana.<\/p>\n<p>Ao mesmo tempo, o Lope de Vega, o Alameda, o Teatro Central, o Turina, San Luis de los Franceses, a Real F\u00e1brica de Artiller\u00eda e o Teatro de la Maestranza mant\u00eam linhas de programa\u00e7\u00e3o muito diferentes. \u00c9 uma semana ideal para perceber que a Bienal n\u00e3o prop\u00f5e um \u00fanico flamenco, mas muitas formas de o descobrir.<\/p>\n<\/div><\/div><\/div><\/div><\/div><div class=\"vc_col-sm-6 wpb_column vc_column_container\"><div class=\"vc_column-inner\"><div class=\"wpb_wrapper\"><div class=\"wpb_text_column\"><div class=\"wpb_wrapper\"><h2>Da raiz ao grande formato na mesma semana<\/h2>\n<p>Em poucos dias, \u00e9 poss\u00edvel passar do canto de Rancapino Chico para um espet\u00e1culo de dan\u00e7a contempor\u00e2nea de Ana Morales; da guitarra solista de Jos\u00e9 del Tomate para um concerto sinf\u00f3nico de Ca\u00f1izares com a Real Orquesta Sinf\u00f3nica de Sevilla; ou da intimidade de San Luis de los Franceses para o ambiente noturno do Muelle de la Sal.<\/p>\n<p>O segredo \u00e9 <strong>n\u00e3o tentar ver tudo<\/strong>. As sobreposi\u00e7\u00f5es de hor\u00e1rios obrigam a construir uma Bienal pessoal. Por isso, este guia distingue entre espet\u00e1culos compat\u00edveis, combina\u00e7\u00f5es arriscadas e propostas que exigem escolher uma ou outra.<\/p>\n<\/div><\/div><\/div><\/div><\/div><\/div><\/div><\/section><section class=\"l-section wpb_row height_huge\"><div class=\"l-section-h i-cf\"><div class=\"g-cols vc_row via_flex valign_top type_default stacking_default\"><div class=\"vc_col-sm-12 wpb_column vc_column_container\"><div class=\"vc_column-inner\"><div class=\"wpb_wrapper\"><div class=\"wpb_text_column\"><div class=\"wpb_wrapper\"><h2 id=\"programa-14-20\">Programa completo da Bienal de 14 a 20 de setembro de 2026<\/h2>\n<div style=\"overflow-x: auto;\">\n<table>\n<thead>\n<tr>\n<th>Data<\/th>\n<th>Hora<\/th>\n<th>Local<\/th>\n<th>Artista \/ espet\u00e1culo<\/th>\n<th>Formato<\/th>\n<\/tr>\n<\/thead>\n<tbody>\n<tr>\n<td><strong>Seg. 14<\/strong><\/td>\n<td>21:30<\/td>\n<td>Real Alc\u00e1zar<\/td>\n<td>Israel Fern\u00e1ndez \u2014 <em>De oro y marfil<\/em><\/td>\n<td>Canto flamenco<\/td>\n<\/tr>\n<tr>\n<td><strong>Seg. 14<\/strong><\/td>\n<td>22:00<\/td>\n<td>Real F\u00e1brica de Artiller\u00eda<\/td>\n<td>Ana Morales \u2014 <em>Rapsodia. Fantas\u00eda subterr\u00e1nea<\/em><\/td>\n<td>Estreia absoluta<\/td>\n<\/tr>\n<tr>\n<td><strong>Seg. 14<\/strong><\/td>\n<td>22:30<\/td>\n<td>Teatro Alameda<\/td>\n<td>Macarena L\u00f3pez \u2014 <em>Sobre todas las cosas<\/em><\/td>\n<td>Estreia absoluta<\/td>\n<\/tr>\n<tr>\n<td><strong>Ter. 15<\/strong><\/td>\n<td>21:30<\/td>\n<td>Real Alc\u00e1zar<\/td>\n<td>Rancapino Chico \u2014 <em>Pizarra<\/em><\/td>\n<td>Estreia absoluta<\/td>\n<\/tr>\n<tr>\n<td><strong>Ter. 15<\/strong><\/td>\n<td>22:30<\/td>\n<td>Teatro Central<\/td>\n<td>David Lagos, Miguel Ortega, Antonio Campos, Inma Rivero e Jos\u00e9 Luis Ortiz Nuevo \u2014 <em>Ep\u00edlogo de un cante que se hizo baile. Suite de cantes<\/em><\/td>\n<td>Noite \u00danica \u00b7 homenagem a Isabel Bay\u00f3n<\/td>\n<\/tr>\n<tr>\n<td><strong>Qua. 16<\/strong><\/td>\n<td>21:30<\/td>\n<td>Real Alc\u00e1zar<\/td>\n<td>Luis El Zambo, Dolores Agujetas, Antonio de la Malena, Manuel Valencia e Las Tatas de Jerez \u2014 <em>Xerezan\u00edas<\/em><\/td>\n<td>Noite \u00danica<\/td>\n<\/tr>\n<tr>\n<td><strong>Qua. 16<\/strong><\/td>\n<td>22:30<\/td>\n<td>Teatro Alameda<\/td>\n<td>Jos\u00e9 del Tomate \u2014 <em>Sonanta 3.0<\/em><\/td>\n<td>Guitarra<\/td>\n<\/tr>\n<tr>\n<td><strong>Qui. 17<\/strong><\/td>\n<td>20:00<\/td>\n<td>Teatro Lope de Vega<\/td>\n<td>Arc\u00e1ngel \u2014 <em>La copla del cante<\/em><\/td>\n<td>Noite \u00danica<\/td>\n<\/tr>\n<tr>\n<td><strong>Qui. 17<\/strong><\/td>\n<td>23:00<\/td>\n<td>Muelle de la Sal<\/td>\n<td>Remedios Amaya, La Fabi, Montse Cort\u00e9s e Josemi Carmona \u2014 <em>Mujeres Gitanas<\/em><\/td>\n<td>Noite \u00danica<\/td>\n<\/tr>\n<tr>\n<td><strong>Sex. 18<\/strong><\/td>\n<td>19:00<\/td>\n<td>Espacio Turina<\/td>\n<td>Juan Requena \u2014 <em>Requeneando<\/em><\/td>\n<td>Guitarra<\/td>\n<\/tr>\n<tr>\n<td><strong>Sex. 18<\/strong><\/td>\n<td>20:00<\/td>\n<td>Teatro Lope de Vega<\/td>\n<td>Antonio Reyes \u2014 <em>Seis cuerdas, seis<\/em><\/td>\n<td>Noite \u00danica<\/td>\n<\/tr>\n<tr>\n<td><strong>Sex. 18<\/strong><\/td>\n<td>23:00<\/td>\n<td>Muelle de la Sal<\/td>\n<td>75.\u00ba anivers\u00e1rio da Pe\u00f1a El Pozo de las Penas \u2014 <em>Uvitas negras<\/em><\/td>\n<td>Noite \u00danica<\/td>\n<\/tr>\n<tr>\n<td><strong>S\u00e1b. 19<\/strong><\/td>\n<td>12:00<\/td>\n<td>San Luis de los Franceses<\/td>\n<td>Alejandro Hurtado + Enrique Solin\u00eds \u2014 <em>Devenir de la guitarra<\/em><\/td>\n<td>Matin\u00e9 \u00danica<\/td>\n<\/tr>\n<tr>\n<td><strong>S\u00e1b. 19<\/strong><\/td>\n<td>19:00<\/td>\n<td>Espacio Turina<\/td>\n<td>Mar\u00eda Mar\u00edn \u2014 <em>Las tres Mar\u00edas<\/em><\/td>\n<td>Estreia absoluta<\/td>\n<\/tr>\n<tr>\n<td><strong>S\u00e1b. 19<\/strong><\/td>\n<td>20:00<\/td>\n<td>Teatro de la Maestranza<\/td>\n<td>Ca\u00f1izares &amp; ROSS \u2014 <em>Ca\u00f1izares sinf\u00f3nico<\/em><\/td>\n<td>Noite \u00danica<\/td>\n<\/tr>\n<tr>\n<td><strong>S\u00e1b. 19<\/strong><\/td>\n<td>23:00<\/td>\n<td>Muelle de la Sal<\/td>\n<td>El Boquer\u00f3n, Carmen de la Jara, Curro Lucena, Jaime \u201cEl Parr\u00f3n\u201d, Joselete de Linares, Jos\u00e9 Sorroche, Paqui Corpas, El Pecas e Romerito de Jerez \u2014 <em>Andaluc\u00eda en el tiempo<\/em><\/td>\n<td>Noite \u00danica<\/td>\n<\/tr>\n<tr>\n<td><strong>Dom. 20<\/strong><\/td>\n<td>12:00<\/td>\n<td>San Luis de los Franceses<\/td>\n<td>Alejandro Hurtado + Enrique Solin\u00eds \u2014 <em>Devenir de la guitarra<\/em><\/td>\n<td>Matin\u00e9 \u00danica<\/td>\n<\/tr>\n<tr>\n<td><strong>Dom. 20<\/strong><\/td>\n<td>19:00<\/td>\n<td>Espacio Turina<\/td>\n<td>Manuel de la Luz &amp; Manuel Im\u00e1n \u2014 <em>Manos que hablan<\/em><\/td>\n<td>Noite \u00danica<\/td>\n<\/tr>\n<tr>\n<td><strong>Dom. 20<\/strong><\/td>\n<td>20:00<\/td>\n<td>Teatro de la Maestranza<\/td>\n<td>Jos\u00e9 Merc\u00e9 \u2014 <em>Toquen a rebato<\/em><\/td>\n<td>Noite \u00danica<\/td>\n<\/tr>\n<tr>\n<td><strong>Dom. 20<\/strong><\/td>\n<td>22:30<\/td>\n<td>Teatro Alameda<\/td>\n<td>Gala do Circuito Andaluz de Jovens Artistas de Flamenco<\/td>\n<td>Jovens artistas de flamenco<\/td>\n<\/tr>\n<\/tbody>\n<\/table>\n<\/div>\n<p><strong>Conselho:<\/strong> n\u00e3o interpretes esta tabela como um itiner\u00e1rio. V\u00e1rios espet\u00e1culos sobrep\u00f5em-se ou deixam uma margem demasiado curta para mudar de local. A sele\u00e7\u00e3o di\u00e1ria que se segue foi pensada para evitar planos imposs\u00edveis.<\/p>\n<\/div><\/div><\/div><\/div><\/div><\/div><\/div><\/section><section class=\"l-section wpb_row height_huge color_alternate with_shape\"><div class=\"l-section-shape type_zigzag pos_top\" style=\"height:3vmin;\"><svg xmlns=\"http:\/\/www.w3.org\/2000\/svg\" viewBox=\"0 0 64 8\" preserveAspectRatio=\"none\" width=\"100%\" height=\"100%\">\r\n\t<path fill=\"currentColor\" d=\"M64 8 L0 8 L0 0 L20 7.9 L40 3 L48 5 L64 0 Z\"\/>\r\n<\/svg><\/div><div class=\"l-section-shape type_zigzag pos_bottom\" style=\"height:3vmin;\"><svg xmlns=\"http:\/\/www.w3.org\/2000\/svg\" viewBox=\"0 0 64 8\" preserveAspectRatio=\"none\" width=\"100%\" height=\"100%\">\r\n\t<path fill=\"currentColor\" d=\"M64 8 L0 8 L0 0 L20 7.9 L40 3 L48 5 L64 0 Z\"\/>\r\n<\/svg><\/div><div class=\"l-section-h i-cf\"><div class=\"g-cols vc_row via_flex valign_top type_default stacking_default\"><div class=\"vc_col-sm-6 wpb_column vc_column_container\"><div class=\"vc_column-inner\"><div class=\"wpb_wrapper\"><div class=\"wpb_text_column\"><div class=\"wpb_wrapper\"><h2 id=\"lunes-14\">Segunda-feira, 14: tr\u00eas Bienais diferentes em apenas uma hora<\/h2>\n<p>A segunda-feira apresenta uma das escolhas mais claras de toda a semana. \u00c0s <strong>21:30<\/strong>, Israel Fern\u00e1ndez leva <em>De oro y marfil<\/em> ao Real Alc\u00e1zar. Para quem d\u00e1 prioridade ao canto, \u00e0 voz e a uma noite num dos espa\u00e7os patrimoniais mais especiais desta edi\u00e7\u00e3o, \u00e9 a escolha natural.<\/p>\n<p>Meia hora depois, \u00e0s <strong>22:00<\/strong>, Ana Morales apresenta a segunda sess\u00e3o de <em>Rapsodia. Fantas\u00eda subterr\u00e1nea<\/em> na Real F\u00e1brica de Artiller\u00eda. \u00c9 uma cria\u00e7\u00e3o de dan\u00e7a concebida para um espa\u00e7o industrial singular e representa o caminho mais contempor\u00e2neo da noite.<\/p>\n<p>\u00c0s <strong>22:30<\/strong>, Macarena L\u00f3pez estreia <em>Sobre todas las cosas<\/em> no Teatro Alameda, uma oportunidade para descobrir uma gera\u00e7\u00e3o mais jovem da dan\u00e7a dentro da Bienal.<\/p>\n<\/div><\/div><\/div><\/div><\/div><div class=\"vc_col-sm-6 wpb_column vc_column_container\"><div class=\"vc_column-inner\"><div class=\"wpb_wrapper\"><div class=\"wpb_text_column\"><div class=\"wpb_wrapper\"><h2>O que escolher na segunda-feira<\/h2>\n<p><strong>Israel Fern\u00e1ndez<\/strong> para canto e uma experi\u00eancia noturna no Alc\u00e1zar. <strong>Ana Morales<\/strong> para cria\u00e7\u00e3o c\u00e9nica, investiga\u00e7\u00e3o art\u00edstica e dan\u00e7a contempor\u00e2nea. <strong>Macarena L\u00f3pez<\/strong> para descobrir uma proposta nova e acompanhar de perto a renova\u00e7\u00e3o da dan\u00e7a.<\/p>\n<p>N\u00e3o recomendamos tentar combinar dois dos tr\u00eas espet\u00e1culos. Os hor\u00e1rios est\u00e3o demasiado pr\u00f3ximos e os espa\u00e7os s\u00e3o distantes. A segunda-feira \u00e9 uma noite para <strong>escolher bem um \u00fanico espet\u00e1culo<\/strong> e desfrutar dele sem olhar para o rel\u00f3gio.<\/p>\n<p>Se o Alc\u00e1zar te interessa especialmente, podes saber mais no nosso guia de <a href=\"https:\/\/www.tablaosflamencos.com\/pt-pt\/flamenco-real-alcazar-bienal-sevilha-2026.html\"><strong>flamenco no Real Alc\u00e1zar durante a Bienal 2026<\/strong><\/a>.<\/p>\n<\/div><\/div><\/div><\/div><\/div><\/div><\/div><\/section><section class=\"l-section wpb_row height_huge\"><div class=\"l-section-h i-cf\"><div class=\"g-cols vc_row via_flex valign_top type_default stacking_default\"><div class=\"vc_col-sm-6 wpb_column vc_column_container\"><div class=\"vc_column-inner\"><div class=\"wpb_wrapper\"><div class=\"wpb_text_column\"><div class=\"wpb_wrapper\"><h2 id=\"martes-15\">Ter\u00e7a-feira, 15: Rancapino Chico ou uma noite irrepet\u00edvel dedicada a Isabel Bay\u00f3n<\/h2>\n<p>\u00c0s <strong>21:30 no Real Alc\u00e1zar<\/strong>, Rancapino Chico apresenta <em>Pizarra<\/em>, em estreia absoluta. A escolha \u00e9 especialmente apelativa para quem procura uma noite centrada no canto, na tradi\u00e7\u00e3o e na personalidade art\u00edstica, no cen\u00e1rio do Alc\u00e1zar.<\/p>\n<p>Uma hora depois, o <strong>Teatro Central<\/strong> acolhe <em>Ep\u00edlogo de un cante que se hizo baile. Suite de cantes<\/em>, uma Noite \u00danica dedicada a Isabel Bay\u00f3n com David Lagos, Miguel Ortega, Antonio Campos, Inma Rivero e Jos\u00e9 Luis Ortiz Nuevo.<\/p>\n<p>Mais do que um espet\u00e1culo convencional, o segundo encontro tem car\u00e1ter de acontecimento: re\u00fane vozes e mem\u00f3ria em torno de uma figura fundamental da dan\u00e7a sevilhana.<\/p>\n<\/div><\/div><\/div><\/div><\/div><div class=\"vc_col-sm-6 wpb_column vc_column_container\"><div class=\"vc_column-inner\"><div class=\"wpb_wrapper\"><div class=\"wpb_text_column\"><div class=\"wpb_wrapper\"><h2>Duas formas de ouvir a mem\u00f3ria do flamenco<\/h2>\n<p>A ter\u00e7a-feira contrap\u00f5e menos tradi\u00e7\u00e3o e modernidade do que <strong>duas formas de olhar para a mem\u00f3ria<\/strong>. Rancapino Chico f\u00e1-lo atrav\u00e9s de um recital pr\u00f3prio; a noite do Central, atrav\u00e9s da homenagem e da constru\u00e7\u00e3o coletiva.<\/p>\n<p>Pelos hor\u00e1rios, tentar assistir aos dois n\u00e3o \u00e9 realista. Se o teu interesse principal \u00e9 o canto de um artista concreto, escolhe o Alc\u00e1zar. Se te atraem as Noites \u00danicas e os espet\u00e1culos que ganham um sentido especial dentro de uma Bienal, o Central tem um valor particular.<\/p>\n<p>Podes consultar tamb\u00e9m o nosso calend\u00e1rio de <a href=\"https:\/\/www.tablaosflamencos.com\/pt-pt\/noites-unicas-bienal-flamenco-sevilha-2026.html\"><strong>Noites \u00danicas da Bienal 2026<\/strong><\/a>.<\/p>\n<\/div><\/div><\/div><\/div><\/div><\/div><\/div><\/section><section class=\"l-section wpb_row height_huge color_alternate with_shape\"><div class=\"l-section-shape type_zigzag pos_top\" style=\"height:3vmin;\"><svg xmlns=\"http:\/\/www.w3.org\/2000\/svg\" viewBox=\"0 0 64 8\" preserveAspectRatio=\"none\" width=\"100%\" height=\"100%\">\r\n\t<path fill=\"currentColor\" d=\"M64 8 L0 8 L0 0 L20 7.9 L40 3 L48 5 L64 0 Z\"\/>\r\n<\/svg><\/div><div class=\"l-section-shape type_zigzag pos_bottom\" style=\"height:3vmin;\"><svg xmlns=\"http:\/\/www.w3.org\/2000\/svg\" viewBox=\"0 0 64 8\" preserveAspectRatio=\"none\" width=\"100%\" height=\"100%\">\r\n\t<path fill=\"currentColor\" d=\"M64 8 L0 8 L0 0 L20 7.9 L40 3 L48 5 L64 0 Z\"\/>\r\n<\/svg><\/div><div class=\"l-section-h i-cf\"><div class=\"g-cols vc_row via_flex valign_top type_default stacking_default\"><div class=\"vc_col-sm-6 wpb_column vc_column_container\"><div class=\"vc_column-inner\"><div class=\"wpb_wrapper\"><div class=\"wpb_text_column\"><div class=\"wpb_wrapper\"><h2 id=\"miercoles-16\">Quarta-feira, 16: Jerez toma conta do Alc\u00e1zar<\/h2>\n<p>O encontro de quarta-feira no Real Alc\u00e1zar \u00e9 uma das reuni\u00f5es de canto mais marcantes da semana. <em>Xerezan\u00edas<\/em> junta <strong>Luis El Zambo, Dolores Agujetas, Antonio de la Malena, Manuel Valencia e Las Tatas de Jerez<\/strong> numa Noite \u00danica que transforma Jerez no centro simb\u00f3lico da noite.<\/p>\n<p>Para quem procura canto, comp\u00e1s, genealogia art\u00edstica e um encontro dif\u00edcil de repetir fora do contexto da Bienal, esta \u00e9 uma das recomenda\u00e7\u00f5es mais claras do per\u00edodo de 14 a 20.<\/p>\n<\/div><\/div><\/div><\/div><\/div><div class=\"vc_col-sm-6 wpb_column vc_column_container\"><div class=\"vc_column-inner\"><div class=\"wpb_wrapper\"><div class=\"wpb_text_column\"><div class=\"wpb_wrapper\"><h2>22:30: Jos\u00e9 del Tomate e a guitarra como alternativa<\/h2>\n<p>\u00c0s <strong>22:30 no Teatro Alameda<\/strong>, Jos\u00e9 del Tomate apresenta <em>Sonanta 3.0<\/em>. O hor\u00e1rio impede ver o espet\u00e1culo completo depois de <em>Xerezan\u00edas<\/em>, pelo que a quarta-feira volta a exigir uma escolha de linguagem art\u00edstica.<\/p>\n<p>Se est\u00e1s a planear uma semana centrada na guitarra, Jos\u00e9 del Tomate deve entrar na lista. Se procuras uma noite de canto que dificilmente voltar\u00e1 a reunir este elenco neste local, a nossa prioridade seria <em>Xerezan\u00edas<\/em>.<\/p>\n<p>Para aprofundar o contexto dos dois caminhos, consulta os nossos guias sobre <a href=\"https:\/\/www.tablaosflamencos.com\/pt-pt\/cante-bienal-flamenco-sevilha-2026.html\"><strong>o canto na Bienal 2026<\/strong><\/a> e <a href=\"https:\/\/www.tablaosflamencos.com\/pt-pt\/guitarra-bienal-flamenco-sevilha-2026-espetaculos-imperdiveis.html\"><strong>a guitarra na Bienal<\/strong><\/a>.<\/p>\n<\/div><\/div><\/div><\/div><\/div><\/div><\/div><\/section><section class=\"l-section wpb_row height_huge\"><div class=\"l-section-h i-cf\"><div class=\"g-cols vc_row via_flex valign_top type_default stacking_default\"><div class=\"vc_col-sm-6 wpb_column vc_column_container\"><div class=\"vc_column-inner\"><div class=\"wpb_wrapper\"><div class=\"wpb_text_column\"><div class=\"wpb_wrapper\"><h2 id=\"jueves-17\">Quinta-feira, 17: Arc\u00e1ngel abre a noite no Lope de Vega<\/h2>\n<p>Arc\u00e1ngel apresenta <em>La copla del cante<\/em> \u00e0s <strong>20:00 no Teatro Lope de Vega<\/strong>. A proposta explora a rela\u00e7\u00e3o hist\u00f3rica entre o flamenco e a copla, um territ\u00f3rio percorrido por in\u00fameras figuras do s\u00e9culo XX e que aqui serve de ponto de partida para uma Noite \u00danica.<\/p>\n<p>\u00c9 uma boa escolha para quem quer ouvir canto num grande teatro, mas sem assistir a um recital convencional. O projeto conta com uma forma\u00e7\u00e3o que inclui guitarra, coros e palmas, percuss\u00e3o, teclados, flauta, harm\u00f3nica e violino.<\/p>\n<\/div><\/div><\/div><\/div><\/div><div class=\"vc_col-sm-6 wpb_column vc_column_container\"><div class=\"vc_column-inner\"><div class=\"wpb_wrapper\"><div class=\"wpb_text_column\"><div class=\"wpb_wrapper\"><h2>23:00: Mujeres Gitanas abre o ciclo no Muelle de la Sal<\/h2>\n<p>Tr\u00eas horas depois come\u00e7a uma das sequ\u00eancias mais esperadas da semana: as noites transferidas do Hotel Triana para o <strong>Muelle de la Sal<\/strong>. A primeira re\u00fane <strong>Remedios Amaya, La Fabi, Montse Cort\u00e9s e Josemi Carmona<\/strong> sob o t\u00edtulo <em>Mujeres Gitanas<\/em>.<\/p>\n<p>Arc\u00e1ngel seguido do Muelle de la Sal \u00e9, em teoria, uma das combina\u00e7\u00f5es mais razo\u00e1veis da semana, mas n\u00e3o deve ser tratada como uma liga\u00e7\u00e3o garantida: \u00e9 preciso contar com a dura\u00e7\u00e3o real do espet\u00e1culo, a sa\u00edda do Lope e a desloca\u00e7\u00e3o at\u00e9 ao novo local junto ao rio, e n\u00e3o at\u00e9 ao Hotel Triana.<\/p>\n<p>Para conhecer o contexto do recinto inicialmente previsto, consulta o nosso guia espec\u00edfico sobre <a href=\"https:\/\/www.tablaosflamencos.com\/pt-pt\/hotel-triana-bienal-flamenco-sevilha-2026.html\"><strong>as tr\u00eas noites da Bienal inicialmente previstas no antigo p\u00e1tio de vizinhos<\/strong><\/a>.<\/p>\n<\/div><\/div><\/div><\/div><\/div><\/div><\/div><\/section><section class=\"l-section wpb_row height_huge color_alternate with_shape\"><div class=\"l-section-shape type_zigzag pos_top\" style=\"height:3vmin;\"><svg xmlns=\"http:\/\/www.w3.org\/2000\/svg\" viewBox=\"0 0 64 8\" preserveAspectRatio=\"none\" width=\"100%\" height=\"100%\">\r\n\t<path fill=\"currentColor\" d=\"M64 8 L0 8 L0 0 L20 7.9 L40 3 L48 5 L64 0 Z\"\/>\r\n<\/svg><\/div><div class=\"l-section-shape type_zigzag pos_bottom\" style=\"height:3vmin;\"><svg xmlns=\"http:\/\/www.w3.org\/2000\/svg\" viewBox=\"0 0 64 8\" preserveAspectRatio=\"none\" width=\"100%\" height=\"100%\">\r\n\t<path fill=\"currentColor\" d=\"M64 8 L0 8 L0 0 L20 7.9 L40 3 L48 5 L64 0 Z\"\/>\r\n<\/svg><\/div><div class=\"l-section-h i-cf\"><div class=\"g-cols vc_row via_flex valign_top type_default stacking_default\"><div class=\"vc_col-sm-6 wpb_column vc_column_container\"><div class=\"vc_column-inner\"><div class=\"wpb_wrapper\"><div class=\"wpb_text_column\"><div class=\"wpb_wrapper\"><h2 id=\"viernes-18\">Sexta-feira, 18: Juan Requena ou Antonio Reyes<\/h2>\n<p>A sexta-feira come\u00e7a \u00e0s <strong>19:00 no Espacio Turina<\/strong> com Juan Requena e <em>Requeneando<\/em>. Uma hora depois, Antonio Reyes apresenta <em>Seis cuerdas, seis<\/em> no Lope de Vega, uma Noite \u00danica que coloca o cantaor diante de seis guitarras e transforma o acompanhamento numa parte central do conceito.<\/p>\n<p>Os hor\u00e1rios tornam as duas propostas incompat\u00edveis. Para um apreciador da guitarra que queira seguir a programa\u00e7\u00e3o do Turina, Juan Requena \u00e9 a escolha natural. Para quem d\u00e1 prioridade ao canto e a um formato excecional constru\u00eddo em torno de diferentes guitarristas, Antonio Reyes \u00e9 particularmente apelativo.<\/p>\n<\/div><\/div><\/div><\/div><\/div><div class=\"vc_col-sm-6 wpb_column vc_column_container\"><div class=\"vc_column-inner\"><div class=\"wpb_wrapper\"><div class=\"wpb_text_column\"><div class=\"wpb_wrapper\"><h2>23:00: 75 anos da Pe\u00f1a El Pozo de las Penas<\/h2>\n<p>A segunda noite no Muelle de la Sal celebra o <strong>75.\u00ba anivers\u00e1rio da Pe\u00f1a El Pozo de las Penas<\/strong> com <em>Uvitas negras<\/em>. O elenco re\u00fane Itoly de Los Palacios, Juan El Distinguido, Nene Escalera, Miguel Ortega, Jos\u00e9 \u00c1ngel Carmona, Juanelo, Anabel de Vico e Manuel Orta, com as guitarras de Ni\u00f1o Fraile e Salvador Guti\u00e9rrez.<\/p>\n<p>A dire\u00e7\u00e3o de Manuel Curao refor\u00e7a o car\u00e1ter de encontro e mem\u00f3ria de uma noite diretamente ligada \u00e0 cultura das pe\u00f1as flamencas. Pode ser um excelente final tanto depois de uma tarde de guitarra como depois de Antonio Reyes, desde que a dura\u00e7\u00e3o e a desloca\u00e7\u00e3o permitam chegar com margem.<\/p>\n<\/div><\/div><\/div><\/div><\/div><\/div><\/div><\/section><section class=\"l-section wpb_row height_huge\"><div class=\"l-section-h i-cf\"><div class=\"g-cols vc_row via_flex valign_top type_default stacking_default\"><div class=\"vc_col-sm-6 wpb_column vc_column_container\"><div class=\"vc_column-inner\"><div class=\"wpb_wrapper\"><div class=\"wpb_text_column\"><div class=\"wpb_wrapper\"><h2 id=\"sabado-19\">S\u00e1bado, 19: o dia mais completo da semana<\/h2>\n<p>O s\u00e1bado permite viver a Bienal desde o meio-dia at\u00e9 depois da meia-noite. \u00c0s <strong>12:00 em San Luis de los Franceses<\/strong>, Alejandro Hurtado apresenta <em>Devenir de la guitarra<\/em> com a colabora\u00e7\u00e3o de Enrique Solin\u00eds. O programa percorre grana\u00edna, alegr\u00edas, farruca, seguiriya, zapateado e taranta, e o di\u00e1logo com um m\u00fasico ligado \u00e0 m\u00fasica antiga enquadra-se especialmente bem no espa\u00e7o barroco.<\/p>\n<p>\u00c0s <strong>19:00 no Turina<\/strong>, Mar\u00eda Mar\u00edn estreia <em>Las tres Mar\u00edas<\/em>. Uma hora depois, no Maestranza, Ca\u00f1izares junta-se \u00e0 Real Orquesta Sinf\u00f3nica de Sevilla para <em>Ca\u00f1izares sinf\u00f3nico<\/em>.<\/p>\n<\/div><\/div><\/div><\/div><\/div><div class=\"vc_col-sm-6 wpb_column vc_column_container\"><div class=\"vc_column-inner\"><div class=\"wpb_wrapper\"><div class=\"wpb_text_column\"><div class=\"wpb_wrapper\"><h2>Ca\u00f1izares com a ROSS ou Mar\u00eda Mar\u00edn: outra escolha obrigat\u00f3ria<\/h2>\n<p>Embora os espet\u00e1culos comecem com uma hora de diferen\u00e7a, a combina\u00e7\u00e3o n\u00e3o \u00e9 realista. Quem entrar para ver Mar\u00eda Mar\u00edn \u00e0s 19:00 n\u00e3o deve planear estar sentado no Maestranza \u00e0s 20:00.<\/p>\n<p><em>Ca\u00f1izares sinf\u00f3nico<\/em> \u00e9 uma das propostas de maior formato da semana: inclui o <em>Concierto Al-\u00c1ndalus<\/em>, dedicado \u00e0 mem\u00f3ria de Paco de Luc\u00eda, e o <em>Concierto Mediterr\u00e1neo<\/em>, dedicado a Joaqu\u00edn Rodrigo. Mar\u00eda Mar\u00edn, por sua vez, oferece uma estreia absoluta num espa\u00e7o mais intimista.<\/p>\n<p>\u00c0s <strong>23:00<\/strong>, <em>Andaluc\u00eda en el tiempo<\/em> encerra o ciclo no Muelle de la Sal com cantaores de diferentes prov\u00edncias andaluzas e as guitarras de Eduardo Rebollar e Antonio Carri\u00f3n. \u00c9 uma das noites mais claramente concebidas como um mapa territorial do canto flamenco.<\/p>\n<\/div><\/div><\/div><\/div><\/div><\/div><\/div><\/section><section class=\"l-section wpb_row height_huge color_alternate with_shape\"><div class=\"l-section-shape type_zigzag pos_top\" style=\"height:3vmin;\"><svg xmlns=\"http:\/\/www.w3.org\/2000\/svg\" viewBox=\"0 0 64 8\" preserveAspectRatio=\"none\" width=\"100%\" height=\"100%\">\r\n\t<path fill=\"currentColor\" d=\"M64 8 L0 8 L0 0 L20 7.9 L40 3 L48 5 L64 0 Z\"\/>\r\n<\/svg><\/div><div class=\"l-section-shape type_zigzag pos_bottom\" style=\"height:3vmin;\"><svg xmlns=\"http:\/\/www.w3.org\/2000\/svg\" viewBox=\"0 0 64 8\" preserveAspectRatio=\"none\" width=\"100%\" height=\"100%\">\r\n\t<path fill=\"currentColor\" d=\"M64 8 L0 8 L0 0 L20 7.9 L40 3 L48 5 L64 0 Z\"\/>\r\n<\/svg><\/div><div class=\"l-section-h i-cf\"><div class=\"g-cols vc_row via_flex valign_top type_default stacking_default\"><div class=\"vc_col-sm-6 wpb_column vc_column_container\"><div class=\"vc_column-inner\"><div class=\"wpb_wrapper\"><div class=\"wpb_text_column\"><div class=\"wpb_wrapper\"><h2 id=\"domingo-20\">Domingo, 20: uma segunda oportunidade para a matin\u00e9<\/h2>\n<p><em>Devenir de la guitarra<\/em> regressa a San Luis de los Franceses \u00e0s <strong>12:00<\/strong>. Se n\u00e3o puderes assistir no s\u00e1bado, o domingo oferece a mesma oportunidade de ouvir Alejandro Hurtado com Enrique Solin\u00eds num dos espa\u00e7os mais singulares de toda a Bienal.<\/p>\n<p>As <a href=\"https:\/\/www.tablaosflamencos.com\/pt-pt\/matines-unicas-bienal-flamenco-sevilha-2026.html\"><strong>Matin\u00e9s \u00danicas<\/strong><\/a> s\u00e3o tamb\u00e9m uma forma muito diferente de viver o festival: permitem separar o concerto da noite e desfrutar de Sevilha entre um espet\u00e1culo e outro, sem encadear hor\u00e1rios imposs\u00edveis.<\/p>\n<\/div><\/div><\/div><\/div><\/div><div class=\"vc_col-sm-6 wpb_column vc_column_container\"><div class=\"vc_column-inner\"><div class=\"wpb_wrapper\"><div class=\"wpb_text_column\"><div class=\"wpb_wrapper\"><h2>19:00, 20:00 e 22:30: guitarra, Jos\u00e9 Merc\u00e9 e nova gera\u00e7\u00e3o<\/h2>\n<p>\u00c0s <strong>19:00 no Turina<\/strong>, Manuel de la Luz e Manuel Im\u00e1n apresentam <em>Manos que hablan<\/em>, uma Noite \u00danica centrada no di\u00e1logo de duas guitarras e dois percursos. \u00c0s <strong>20:00 no Teatro de la Maestranza<\/strong>, Jos\u00e9 Merc\u00e9 apresenta <em>Toquen a rebato<\/em>, um dos grandes encontros de canto desta edi\u00e7\u00e3o.<\/p>\n<p>Os dois espet\u00e1culos sobrep\u00f5em-se e \u00e9 preciso escolher. Se a tua prioridade \u00e9 Jos\u00e9 Merc\u00e9, podes saber mais no nosso artigo sobre <a href=\"https:\/\/www.tablaosflamencos.com\/pt-pt\/jose-merce-bienal-flamenco-2026-toquen-a-rebato.html\"><strong>Toquen a rebato na Bienal 2026<\/strong><\/a>.<\/p>\n<p>\u00c0s <strong>22:30<\/strong>, o Teatro Alameda acolhe a Gala do Circuito Andaluz de Jovens Artistas de Flamenco, uma oportunidade perfeita para encerrar a semana a olhar para os artistas que poder\u00e3o protagonizar as pr\u00f3ximas edi\u00e7\u00f5es.<\/p>\n<\/div><\/div><\/div><\/div><\/div><\/div><\/div><\/section><section class=\"l-section wpb_row height_huge\"><div class=\"l-section-h i-cf\"><div class=\"g-cols vc_row via_flex valign_top type_default stacking_default\"><div class=\"vc_col-sm-12 wpb_column vc_column_container\"><div class=\"vc_column-inner\"><div class=\"wpb_wrapper\"><div class=\"wpb_text_column\"><div class=\"wpb_wrapper\"><h2 id=\"itinerarios-14-20\" style=\"text-align: center;\">Quatro itiner\u00e1rios recomendados de 14 a 20 de setembro<\/h2>\n<p style=\"text-align: center;\">A melhor forma de aproveitar esta semana \u00e9 escolher uma linha de interesse e deixar margem para mudar de plano consoante a disponibilidade.<\/p>\n<\/div><\/div><div class=\"w-separator size_medium\"><\/div><div class=\"g-cols wpb_row via_flex valign_top type_default stacking_default\"><div class=\"vc_col-sm-3 wpb_column vc_column_container\"><div class=\"vc_column-inner\"><div class=\"wpb_wrapper\"><div class=\"wpb_text_column\"><div class=\"wpb_wrapper\"><h3>1. Canto e raiz<\/h3>\n<p><strong>Seg.:<\/strong> Israel Fern\u00e1ndez<\/p>\n<p><strong>Ter.:<\/strong> Rancapino Chico<\/p>\n<p><strong>Qua.:<\/strong> Xerezan\u00edas<\/p>\n<p><strong>Qui.:<\/strong> Arc\u00e1ngel<\/p>\n<p><strong>Sex.:<\/strong> Antonio Reyes<\/p>\n<p><strong>Dom.:<\/strong> Jos\u00e9 Merc\u00e9<\/p>\n<p>\u00c9 o percurso mais direto para quem quer colocar a voz no centro da semana.<\/p>\n<\/div><\/div><\/div><\/div><\/div><div class=\"vc_col-sm-3 wpb_column vc_column_container\"><div class=\"vc_column-inner\"><div class=\"wpb_wrapper\"><div class=\"wpb_text_column\"><div class=\"wpb_wrapper\"><h3>2. Guitarra<\/h3>\n<p><strong>Qua.:<\/strong> Jos\u00e9 del Tomate<\/p>\n<p><strong>Sex.:<\/strong> Juan Requena<\/p>\n<p><strong>S\u00e1b.:<\/strong> Alejandro Hurtado ou Ca\u00f1izares<\/p>\n<p><strong>Dom.:<\/strong> Manuel de la Luz &amp; Manuel Im\u00e1n<\/p>\n<p>Quatro formas muito diferentes de ouvir a guitarra flamenca, do recital ao formato sinf\u00f3nico.<\/p>\n<\/div><\/div><\/div><\/div><\/div><div class=\"vc_col-sm-3 wpb_column vc_column_container\"><div class=\"vc_column-inner\"><div class=\"wpb_wrapper\"><div class=\"wpb_text_column\"><div class=\"wpb_wrapper\"><h3>3. Noites irrepet\u00edveis<\/h3>\n<p><strong>Ter.:<\/strong> Homenagem a Isabel Bay\u00f3n<\/p>\n<p><strong>Qui.:<\/strong> Mujeres Gitanas<\/p>\n<p><strong>Sex.:<\/strong> Uvitas negras<\/p>\n<p><strong>S\u00e1b.:<\/strong> Andaluc\u00eda en el tiempo<\/p>\n<p>\u00c9 o percurso mais ligado ao conceito de Noite \u00danica e ao car\u00e1ter excecional da Bienal.<\/p>\n<\/div><\/div><\/div><\/div><\/div><div class=\"vc_col-sm-3 wpb_column vc_column_container\"><div class=\"vc_column-inner\"><div class=\"wpb_wrapper\"><div class=\"wpb_text_column\"><div class=\"wpb_wrapper\"><h3>4. Descoberta<\/h3>\n<p><strong>Seg.:<\/strong> Macarena L\u00f3pez<\/p>\n<p><strong>Sex.:<\/strong> Juan Requena<\/p>\n<p><strong>S\u00e1b.:<\/strong> Mar\u00eda Mar\u00edn<\/p>\n<p><strong>Dom.:<\/strong> Gala de Jovens Artistas de Flamenco<\/p>\n<p>Para quem quer ir al\u00e9m dos nomes mais \u00f3bvios e descobrir novas vozes e linguagens.<\/p>\n<\/div><\/div><\/div><\/div><\/div><\/div><\/div><\/div><\/div><\/div><\/div><\/section><section class=\"l-section wpb_row height_huge color_alternate with_shape\"><div class=\"l-section-shape type_zigzag pos_top\" style=\"height:3vmin;\"><svg xmlns=\"http:\/\/www.w3.org\/2000\/svg\" viewBox=\"0 0 64 8\" preserveAspectRatio=\"none\" width=\"100%\" height=\"100%\">\r\n\t<path fill=\"currentColor\" d=\"M64 8 L0 8 L0 0 L20 7.9 L40 3 L48 5 L64 0 Z\"\/>\r\n<\/svg><\/div><div class=\"l-section-shape type_zigzag pos_bottom\" style=\"height:3vmin;\"><svg xmlns=\"http:\/\/www.w3.org\/2000\/svg\" viewBox=\"0 0 64 8\" preserveAspectRatio=\"none\" width=\"100%\" height=\"100%\">\r\n\t<path fill=\"currentColor\" d=\"M64 8 L0 8 L0 0 L20 7.9 L40 3 L48 5 L64 0 Z\"\/>\r\n<\/svg><\/div><div class=\"l-section-h i-cf\"><div class=\"g-cols vc_row via_flex valign_top type_default stacking_default\"><div class=\"vc_col-sm-6 wpb_column vc_column_container\"><div class=\"vc_column-inner\"><div class=\"wpb_wrapper\"><div class=\"wpb_text_column\"><div class=\"wpb_wrapper\"><h2 id=\"perfiles-14-20\">Se \u00e9 a tua primeira Bienal<\/h2>\n<p>N\u00e3o precisas de construir uma semana enciclop\u00e9dica. Para uma primeira experi\u00eancia, combinar\u00edamos <strong>um grande nome, um espa\u00e7o patrimonial e uma Noite \u00danica<\/strong>. Por exemplo: Israel Fern\u00e1ndez no Alc\u00e1zar, uma noite no Muelle de la Sal e Jos\u00e9 Merc\u00e9 no Maestranza.<\/p>\n<p>Estas tr\u00eas experi\u00eancias j\u00e1 revelam tr\u00eas escalas muito diferentes do festival: intimidade patrimonial, encontro flamenco noturno e grande teatro.<\/p>\n<p>Se um espet\u00e1culo oficial estiver esgotado, lembra-te de que, durante a Bienal, continua a haver flamenco todas as noites fora da programa\u00e7\u00e3o do festival. O nosso guia sobre <a href=\"https:\/\/www.tablaosflamencos.com\/pt-pt\/flamenco-sevilha-bienal-2026-espetaculos-fora-programacao-oficial.html\"><strong>onde ver flamenco em Sevilha durante a Bienal<\/strong><\/a> re\u00fane alternativas regulares.<\/p>\n<\/div><\/div><\/div><\/div><\/div><div class=\"vc_col-sm-6 wpb_column vc_column_container\"><div class=\"vc_column-inner\"><div class=\"wpb_wrapper\"><div class=\"wpb_text_column\"><div class=\"wpb_wrapper\"><h2>Se j\u00e1 conheces bem o flamenco<\/h2>\n<p>Esta semana oferece precisamente o que costuma interessar mais a quem n\u00e3o precisa de seguir apenas os cartazes mais medi\u00e1ticos: encontros dif\u00edceis de repetir, cruzamentos de gera\u00e7\u00f5es e formatos constru\u00eddos especificamente para a Bienal.<\/p>\n<p><em>Xerezan\u00edas<\/em>, a homenagem a Isabel Bay\u00f3n, as tr\u00eas noites transferidas para o Muelle de la Sal, <em>Seis cuerdas, seis<\/em> e <em>Devenir de la guitarra<\/em> s\u00e3o bons exemplos. Em vez de escolher pela fama, faz sentido escolher pela <strong>singularidade<\/strong>: que espet\u00e1culo seria mais dif\u00edcil voltar a ver fora de Sevilha e destas datas?<\/p>\n<\/div><\/div><\/div><\/div><\/div><\/div><\/div><\/section><section class=\"l-section wpb_row height_huge\"><div class=\"l-section-h i-cf\"><div class=\"g-cols vc_row via_flex valign_top type_default stacking_default\"><div class=\"vc_col-sm-6 wpb_column vc_column_container\"><div class=\"vc_column-inner\"><div class=\"wpb_wrapper\"><div class=\"wpb_text_column\"><div class=\"wpb_wrapper\"><h2>Se procuras dan\u00e7a<\/h2>\n<p>A segunda-feira concentra as duas propostas de dan\u00e7a mais claras desta semana. Ana Morales leva <em>Rapsodia. Fantas\u00eda subterr\u00e1nea<\/em> \u00e0 Real F\u00e1brica de Artiller\u00eda e Macarena L\u00f3pez estreia <em>Sobre todas las cosas<\/em> no Teatro Alameda.<\/p>\n<p>S\u00e3o duas escalas diferentes: uma criadora consagrada num projeto especialmente ligado ao espa\u00e7o e uma proposta da nova gera\u00e7\u00e3o num teatro mais pr\u00f3ximo do p\u00fablico. Se a tua viagem \u00e0 Bienal tem a dan\u00e7a como prioridade, a segunda-feira, 14, deve ficar assinalada desde o in\u00edcio.<\/p>\n<p>Podes completar a sele\u00e7\u00e3o com o nosso guia sobre <a href=\"https:\/\/www.tablaosflamencos.com\/pt-pt\/danca-bienal-flamenco-sevilha-2026.html\"><strong>a dan\u00e7a na Bienal 2026<\/strong><\/a>.<\/p>\n<\/div><\/div><\/div><\/div><\/div><div class=\"vc_col-sm-6 wpb_column vc_column_container\"><div class=\"vc_column-inner\"><div class=\"wpb_wrapper\"><div class=\"wpb_text_column\"><div class=\"wpb_wrapper\"><h2>Se procuras Sevilha al\u00e9m do flamenco<\/h2>\n<p>O Real Alc\u00e1zar, San Luis de los Franceses, o Muelle de la Sal e a Real F\u00e1brica de Artiller\u00eda permitem que o pr\u00f3prio espa\u00e7o fa\u00e7a parte da experi\u00eancia. N\u00e3o \u00e9 o mesmo ouvir um recital num teatro convencional, viver uma matin\u00e9 numa igreja barroca ou uma noite de canto junto ao Guadalquivir. As tr\u00eas noites inicialmente previstas no antigo p\u00e1tio do Hotel Triana realizam-se agora no Muelle de la Sal.<\/p>\n<p>Se a viagem combina patrim\u00f3nio e Bienal, dar\u00edamos prioridade a pelo menos um espet\u00e1culo num destes recintos. O nosso guia sobre <a href=\"https:\/\/www.tablaosflamencos.com\/pt-pt\/espacos-espetaculares-bienal-flamenco-sevilha-2026.html\"><strong>os espa\u00e7os mais espetaculares da Bienal<\/strong><\/a> pode ajudar-te a decidir.<\/p>\n<\/div><\/div><\/div><\/div><\/div><\/div><\/div><\/section><section class=\"l-section wpb_row height_huge color_alternate with_shape\"><div class=\"l-section-shape type_zigzag pos_top\" style=\"height:3vmin;\"><svg xmlns=\"http:\/\/www.w3.org\/2000\/svg\" viewBox=\"0 0 64 8\" preserveAspectRatio=\"none\" width=\"100%\" height=\"100%\">\r\n\t<path fill=\"currentColor\" d=\"M64 8 L0 8 L0 0 L20 7.9 L40 3 L48 5 L64 0 Z\"\/>\r\n<\/svg><\/div><div class=\"l-section-shape type_zigzag pos_bottom\" style=\"height:3vmin;\"><svg xmlns=\"http:\/\/www.w3.org\/2000\/svg\" viewBox=\"0 0 64 8\" preserveAspectRatio=\"none\" width=\"100%\" height=\"100%\">\r\n\t<path fill=\"currentColor\" d=\"M64 8 L0 8 L0 0 L20 7.9 L40 3 L48 5 L64 0 Z\"\/>\r\n<\/svg><\/div><div class=\"l-section-h i-cf\"><div class=\"g-cols vc_row via_flex valign_top type_default stacking_default\"><div class=\"vc_col-sm-6 wpb_column vc_column_container\"><div class=\"vc_column-inner\"><div class=\"wpb_wrapper\"><div class=\"wpb_text_column\"><div class=\"wpb_wrapper\"><h2 id=\"logistica-14-20\">Que combina\u00e7\u00f5es s\u00e3o razo\u00e1veis<\/h2>\n<ul>\n<li><strong>Arc\u00e1ngel 20:00 + Muelle de la Sal 23:00:<\/strong> pode ser razo\u00e1vel se o espet\u00e1culo terminar com margem e sa\u00edres sem demora.<\/li>\n<li><strong>Antonio Reyes 20:00 + Muelle de la Sal 23:00:<\/strong> poss\u00edvel em princ\u00edpio, mas n\u00e3o deve ser dado como garantido sem conhecer a dura\u00e7\u00e3o real.<\/li>\n<li><strong>Alejandro Hurtado 12:00 + um espet\u00e1culo noturno:<\/strong> combina\u00e7\u00e3o confort\u00e1vel e recomend\u00e1vel.<\/li>\n<li><strong>Um espet\u00e1culo \u00e0 tarde + Muelle de la Sal 23:00:<\/strong> costuma ser a estrutura mais l\u00f3gica para quinta-feira, sexta-feira e s\u00e1bado.<\/li>\n<li><strong>Jos\u00e9 Merc\u00e9 20:00 + Gala de Jovens Artistas 22:30:<\/strong> pode deixar uma margem demasiado curta; conv\u00e9m verificar a dura\u00e7\u00e3o e a desloca\u00e7\u00e3o antes de planear.<\/li>\n<\/ul>\n<\/div><\/div><\/div><\/div><\/div><div class=\"vc_col-sm-6 wpb_column vc_column_container\"><div class=\"vc_column-inner\"><div class=\"wpb_wrapper\"><div class=\"wpb_text_column\"><div class=\"wpb_wrapper\"><h2>Que combina\u00e7\u00f5es evitar\u00edamos<\/h2>\n<ul>\n<li><strong>Israel Fern\u00e1ndez 21:30 + Ana Morales 22:00:<\/strong> incompat\u00edveis.<\/li>\n<li><strong>Ana Morales 22:00 + Macarena L\u00f3pez 22:30:<\/strong> incompat\u00edveis.<\/li>\n<li><strong>Rancapino Chico 21:30 + homenagem a Isabel Bay\u00f3n 22:30:<\/strong> n\u00e3o recomend\u00e1vel.<\/li>\n<li><strong>Xerezan\u00edas 21:30 + Jos\u00e9 del Tomate 22:30:<\/strong> incompat\u00edveis.<\/li>\n<li><strong>Juan Requena 19:00 + Antonio Reyes 20:00:<\/strong> incompat\u00edveis.<\/li>\n<li><strong>Mar\u00eda Mar\u00edn 19:00 + Ca\u00f1izares 20:00:<\/strong> incompat\u00edveis.<\/li>\n<li><strong>Manuel de la Luz &amp; Manuel Im\u00e1n 19:00 + Jos\u00e9 Merc\u00e9 20:00:<\/strong> incompat\u00edveis.<\/li>\n<\/ul>\n<p>Na Bienal, \u00e9 melhor deixar um espet\u00e1culo de fora do plano do que perder metade de um espet\u00e1culo na realidade. Reserva margem para entrar com calma, sair do recinto e deslocar-te numa cidade que, em setembro, continua a ter muita atividade noturna.<\/p>\n<\/div><\/div><\/div><\/div><\/div><\/div><\/div><\/section><section class=\"l-section wpb_row height_huge\"><div class=\"l-section-h i-cf\"><div class=\"g-cols vc_row via_flex valign_top type_default stacking_default\"><div class=\"vc_col-sm-12 wpb_column vc_column_container\"><div class=\"vc_column-inner\"><div class=\"wpb_wrapper\"><div class=\"wpb_text_column\"><div class=\"wpb_wrapper\"><h2 style=\"text-align: center;\">A nossa sele\u00e7\u00e3o para quem s\u00f3 pode assistir a quatro espet\u00e1culos<\/h2>\n<p style=\"text-align: center;\"><strong>Israel Fern\u00e1ndez<\/strong> no Real Alc\u00e1zar pela combina\u00e7\u00e3o de canto e espa\u00e7o; <strong>Xerezan\u00edas<\/strong> pelo car\u00e1ter irrepet\u00edvel do encontro de Jerez; uma das <strong>tr\u00eas noites no Muelle de la Sal<\/strong> pelo ambiente e pelo conceito de Noite \u00danica; e <strong>Jos\u00e9 Merc\u00e9<\/strong> no Teatro de la Maestranza como grande encerramento de domingo.<\/p>\n<p style=\"text-align: center;\">Se o teu interesse principal \u00e9 a guitarra, substituir\u00edamos uma ou duas destas escolhas por <strong>Alejandro Hurtado<\/strong> em San Luis e <strong>Ca\u00f1izares com a ROSS<\/strong>. Se procuras dan\u00e7a, a segunda-feira deve girar em torno de <strong>Ana Morales<\/strong> ou <strong>Macarena L\u00f3pez<\/strong>.<\/p>\n<\/div><\/div><div class=\"w-separator size_medium\"><\/div><div class=\"w-hwrapper valign_top wrap stack_on_mobiles align_center\" style=\"--hwrapper-gap:1.2rem\"><div class=\"w-btn-wrapper align_none\"><a class=\"w-btn us-btn-style_1\" href=\"https:\/\/www.tablaosflamencos.com\/pt-pt\/bienal-flamenco-sevilha\"><span class=\"w-btn-label\">Conhecer a Bienal de Flamenco 2026<\/span><\/a><\/div><div class=\"w-btn-wrapper align_none\"><a class=\"w-btn us-btn-style_1\" href=\"https:\/\/www.tablaosflamencos.com\/pt-pt\/noites-unicas-bienal-flamenco-sevilha-2026.html\"><span class=\"w-btn-label\">Noites \u00danicas 2026<\/span><\/a><\/div><div class=\"w-btn-wrapper align_none\"><a class=\"w-btn us-btn-style_1\" href=\"https:\/\/www.tablaosflamencos.com\/pt-pt\/flamenco-em-sevilha\"><span class=\"w-btn-label\">Ver flamenco em Sevilha<\/span><\/a><\/div><\/div><\/div><\/div><\/div><\/div><\/div><\/section><section class=\"l-section wpb_row height_huge color_alternate with_shape\"><div class=\"l-section-shape type_zigzag pos_top\" style=\"height:3vmin;\"><svg xmlns=\"http:\/\/www.w3.org\/2000\/svg\" viewBox=\"0 0 64 8\" preserveAspectRatio=\"none\" width=\"100%\" height=\"100%\">\r\n\t<path fill=\"currentColor\" d=\"M64 8 L0 8 L0 0 L20 7.9 L40 3 L48 5 L64 0 Z\"\/>\r\n<\/svg><\/div><div class=\"l-section-shape type_zigzag pos_bottom\" style=\"height:3vmin;\"><svg xmlns=\"http:\/\/www.w3.org\/2000\/svg\" viewBox=\"0 0 64 8\" preserveAspectRatio=\"none\" width=\"100%\" height=\"100%\">\r\n\t<path fill=\"currentColor\" d=\"M64 8 L0 8 L0 0 L20 7.9 L40 3 L48 5 L64 0 Z\"\/>\r\n<\/svg><\/div><div class=\"l-section-h i-cf\"><div class=\"g-cols vc_row via_flex valign_top type_default stacking_default\"><div class=\"vc_col-sm-1\/5 wpb_column vc_column_container\"><div class=\"vc_column-inner\"><div class=\"wpb_wrapper\"><\/div><\/div><\/div><div class=\"vc_col-sm-3\/5 wpb_column vc_column_container\"><div class=\"vc_column-inner\"><div class=\"wpb_wrapper\"><div class=\"wpb_text_column\"><div class=\"wpb_wrapper\"><h2 id=\"faq-14-20\" style=\"text-align: center;\">Perguntas frequentes sobre a Bienal de 14 a 20 de setembro<\/h2>\n<\/div><\/div><div class=\"w-separator size_medium\"><\/div><div class=\"w-tabs accordion toggle_style_1 has_scrolling\" style=\"--sections-title-size:inherit;--sections-gap:0.5rem;\"><div class=\"w-tabs-sections titles-align_none icon_chevron cpos_right\"><div class=\"w-tabs-section\" id=\"x693\"><button type=\"button\" class=\"w-tabs-section-header\" aria-controls=\"content-x693\" aria-expanded=\"false\"><div class=\"w-tabs-section-title\">Quantas sess\u00f5es h\u00e1 na Bienal de 14 a 20 de setembro de 2026?<\/div><div class=\"w-tabs-section-control\"><\/div><\/button><div  class=\"w-tabs-section-content\" id=\"content-x693\"><div class=\"w-tabs-section-content-h i-cf\"><div class=\"wpb_text_column\"><div class=\"wpb_wrapper\"><p>A programa\u00e7\u00e3o oficial re\u00fane <strong>20 sess\u00f5es<\/strong> entre segunda-feira, 14, e domingo, 20 de setembro, contando as duas sess\u00f5es de <em>Devenir de la guitarra<\/em> de Alejandro Hurtado e Enrique Solin\u00eds em San Luis de los Franceses.<\/p>\n<\/div><\/div><\/div><\/div><\/div><div class=\"w-tabs-section\" id=\"p7d0\"><button type=\"button\" class=\"w-tabs-section-header\" aria-controls=\"content-p7d0\" aria-expanded=\"false\"><div class=\"w-tabs-section-title\">O que h\u00e1 na segunda-feira, 14 de setembro?<\/div><div class=\"w-tabs-section-control\"><\/div><\/button><div  class=\"w-tabs-section-content\" id=\"content-p7d0\"><div class=\"w-tabs-section-content-h i-cf\"><div class=\"wpb_text_column\"><div class=\"wpb_wrapper\"><p>Na segunda-feira est\u00e3o programados Israel Fern\u00e1ndez com <em>De oro y marfil<\/em> no Real Alc\u00e1zar \u00e0s 21:30, Ana Morales com <em>Rapsodia. Fantas\u00eda subterr\u00e1nea<\/em> na Real F\u00e1brica de Artiller\u00eda \u00e0s 22:00 e Macarena L\u00f3pez com <em>Sobre todas las cosas<\/em> no Teatro Alameda \u00e0s 22:30.<\/p>\n<\/div><\/div><\/div><\/div><\/div><div class=\"w-tabs-section\" id=\"q8e1\"><button type=\"button\" class=\"w-tabs-section-header\" aria-controls=\"content-q8e1\" aria-expanded=\"false\"><div class=\"w-tabs-section-title\">Quando s\u00e3o as noites transferidas do Hotel Triana para o Muelle de la Sal?<\/div><div class=\"w-tabs-section-control\"><\/div><\/button><div  class=\"w-tabs-section-content\" id=\"content-q8e1\"><div class=\"w-tabs-section-content-h i-cf\"><div class=\"wpb_text_column\"><div class=\"wpb_wrapper\"><p>O Muelle de la Sal acolhe agora tr\u00eas Noites \u00danicas consecutivas, com datas e hor\u00e1rios inalterados: <em>Mujeres Gitanas<\/em> na quinta-feira, 17, <em>Uvitas negras<\/em> na sexta-feira, 18, e <em>Andaluc\u00eda en el tiempo<\/em> no s\u00e1bado, 19, todas \u00e0s 23:00.<\/p>\n<\/div><\/div><\/div><\/div><\/div><div class=\"w-tabs-section\" id=\"c9ca\"><button type=\"button\" class=\"w-tabs-section-header\" aria-controls=\"content-c9ca\" aria-expanded=\"false\"><div class=\"w-tabs-section-title\">Em que dia canta Jos\u00e9 Merc\u00e9 na Bienal 2026?<\/div><div class=\"w-tabs-section-control\"><\/div><\/button><div  class=\"w-tabs-section-content\" id=\"content-c9ca\"><div class=\"w-tabs-section-content-h i-cf\"><div class=\"wpb_text_column\"><div class=\"wpb_wrapper\"><p>Jos\u00e9 Merc\u00e9 apresenta <em>Toquen a rebato<\/em> no <strong>domingo, 20 de setembro de 2026, \u00e0s 20:00<\/strong> no Teatro de la Maestranza.<\/p>\n<\/div><\/div><\/div><\/div><\/div><div class=\"w-tabs-section\" id=\"rabd\"><button type=\"button\" class=\"w-tabs-section-header\" aria-controls=\"content-rabd\" aria-expanded=\"false\"><div class=\"w-tabs-section-title\">Que espet\u00e1culos de guitarra se destacam esta semana?<\/div><div class=\"w-tabs-section-control\"><\/div><\/button><div  class=\"w-tabs-section-content\" id=\"content-rabd\"><div class=\"w-tabs-section-content-h i-cf\"><div class=\"wpb_text_column\"><div class=\"wpb_wrapper\"><p>Entre os principais encontros de guitarra est\u00e3o Jos\u00e9 del Tomate na quarta-feira, 16, Juan Requena na sexta-feira, 18, Alejandro Hurtado com Enrique Solin\u00eds no s\u00e1bado, 19, e domingo, 20, Ca\u00f1izares com a Real Orquesta Sinf\u00f3nica de Sevilla no s\u00e1bado, 19, e Manuel de la Luz com Manuel Im\u00e1n no domingo, 20.<\/p>\n<\/div><\/div><\/div><\/div><\/div><div class=\"w-tabs-section\" id=\"obb1\"><button type=\"button\" class=\"w-tabs-section-header\" aria-controls=\"content-obb1\" aria-expanded=\"false\"><div class=\"w-tabs-section-title\">H\u00e1 matin\u00e9s entre 14 e 20 de setembro?<\/div><div class=\"w-tabs-section-control\"><\/div><\/button><div  class=\"w-tabs-section-content\" id=\"content-obb1\"><div class=\"w-tabs-section-content-h i-cf\"><div class=\"wpb_text_column\"><div class=\"wpb_wrapper\"><p>Sim. Alejandro Hurtado, com a colabora\u00e7\u00e3o de Enrique Solin\u00eds, apresenta <em>Devenir de la guitarra<\/em> no s\u00e1bado, 19, e no domingo, 20, \u00e0s 12:00 na Igreja de San Luis de los Franceses.<\/p>\n<\/div><\/div><\/div><\/div><\/div><div class=\"w-tabs-section\" id=\"bc8d\"><button type=\"button\" class=\"w-tabs-section-header\" aria-controls=\"content-bc8d\" aria-expanded=\"false\"><div class=\"w-tabs-section-title\">Qual \u00e9 o dia com mais sess\u00f5es?<\/div><div class=\"w-tabs-section-control\"><\/div><\/button><div  class=\"w-tabs-section-content\" id=\"content-bc8d\"><div class=\"w-tabs-section-content-h i-cf\"><div class=\"wpb_text_column\"><div class=\"wpb_wrapper\"><p>O s\u00e1bado, 19, e o domingo, 20, t\u00eam quatro sess\u00f5es cada um. No s\u00e1bado, a programa\u00e7\u00e3o distribui-se por San Luis, Turina, Maestranza e Muelle de la Sal; no domingo, por San Luis, Turina, Maestranza e Teatro Alameda.<\/p>\n<\/div><\/div><\/div><\/div><\/div><div class=\"w-tabs-section\" id=\"kd5c\"><button type=\"button\" class=\"w-tabs-section-header\" aria-controls=\"content-kd5c\" aria-expanded=\"false\"><div class=\"w-tabs-section-title\">Posso ver v\u00e1rios espet\u00e1culos no mesmo dia?<\/div><div class=\"w-tabs-section-control\"><\/div><\/button><div  class=\"w-tabs-section-content\" id=\"content-kd5c\"><div class=\"w-tabs-section-content-h i-cf\"><div class=\"wpb_text_column\"><div class=\"wpb_wrapper\"><p>Sim, em alguns casos, sobretudo combinando uma matin\u00e9 com um espet\u00e1culo noturno ou uma sess\u00e3o mais cedo com o Muelle de la Sal \u00e0s 23:00. No entanto, muitos encontros sobrep\u00f5em-se. N\u00e3o recomendamos tentar combinar espet\u00e1culos que comecem com apenas 30 ou 60 minutos de diferen\u00e7a em espa\u00e7os distintos.<\/p>\n<\/div><\/div><\/div><\/div><\/div><div class=\"w-tabs-section\" id=\"ue28\"><button type=\"button\" class=\"w-tabs-section-header\" aria-controls=\"content-ue28\" aria-expanded=\"false\"><div class=\"w-tabs-section-title\">Onde se compram os bilhetes?<\/div><div class=\"w-tabs-section-control\"><\/div><\/button><div  class=\"w-tabs-section-content\" id=\"content-ue28\"><div class=\"w-tabs-section-content-h i-cf\"><div class=\"wpb_text_column\"><div class=\"wpb_wrapper\"><p>O mais seguro \u00e9 consultar a <a href=\"https:\/\/www.labienal.com\/programa-general\" target=\"_blank\" rel=\"noopener\"><strong>programa\u00e7\u00e3o oficial da Bienal<\/strong><\/a>, abrir a ficha do espet\u00e1culo e utilizar o canal oficial de venda a\u00ed indicado. A disponibilidade pode mudar \u00e0 medida que as datas se aproximam.<\/p>\n<\/div><\/div><\/div><\/div><\/div><\/div><\/div><\/div><\/div><\/div><div class=\"vc_col-sm-1\/5 wpb_column vc_column_container\"><div class=\"vc_column-inner\"><div class=\"wpb_wrapper\"><\/div><\/div><\/div><\/div><\/div><\/section>\n","protected":false},"excerpt":{"rendered":"<p>Guia da Bienal de Flamenco de Sevilha de 14 a 20 de setembro de 2026: programa completo, recomenda\u00e7\u00f5es di\u00e1rias, itiner\u00e1rios e combina\u00e7\u00f5es realistas.<\/p>\n","protected":false},"author":1,"featured_media":14743,"comment_status":"closed","ping_status":"closed","sticky":false,"template":"","format":"standard","meta":{"_acf_changed":false,"wpai_generated_summary":"","_ayudawp_aiss_exclude":false,"_ayudawp_aiss_exclude_summary":false,"_ayudawp_aiss_summary":"","_ayudawp_aiss_summary_provider":"","_ayudawp_aiss_summary_hash":"","footnotes":""},"categories":[1430],"tags":[1255,1256,1257,1258,1188,1259],"class_list":["post-14887","post","type-post","status-publish","format-standard","has-post-thumbnail","hentry","category-bienal-flamenco-sevilha","tag-agenda-flamenca","tag-bienal-2026","tag-bienal-de-flamenco","tag-festivales-flamencos","tag-flamenco-en-sevilla","tag-sevilla"],"acf":[],"yoast_head":"<!-- This site is optimized with the Yoast SEO Premium plugin v28.4 (Yoast SEO v28.4) - https:\/\/yoast.com\/product\/yoast-seo-premium-wordpress\/ -->\n<title>Bienal de Sevilha: o que ver de 14 a 20 de setembro de 2026<\/title>\n<meta name=\"description\" content=\"Programa da Bienal de Flamenco de Sevilha de 14 a 20 de setembro de 2026: 20 sess\u00f5es, hor\u00e1rios, recomenda\u00e7\u00f5es di\u00e1rias e itiner\u00e1rios realistas.\" \/>\n<meta name=\"robots\" content=\"index, follow, max-snippet:-1, max-image-preview:large, max-video-preview:-1\" \/>\n<link rel=\"canonical\" href=\"https:\/\/www.tablaosflamencos.com\/pt-pt\/bienal-flamenco-sevilha-14-20-setembro-2026.html\" \/>\n<meta property=\"og:locale\" content=\"pt_PT\" \/>\n<meta property=\"og:type\" content=\"article\" \/>\n<meta property=\"og:title\" content=\"O que ver na Bienal de Flamenco de Sevilha de 14 a 20 de setembro de 2026\" \/>\n<meta property=\"og:description\" content=\"Programa da Bienal de Flamenco de Sevilha de 14 a 20 de setembro de 2026: 20 sess\u00f5es, hor\u00e1rios, recomenda\u00e7\u00f5es di\u00e1rias e itiner\u00e1rios realistas.\" \/>\n<meta property=\"og:url\" content=\"https:\/\/www.tablaosflamencos.com\/pt-pt\/bienal-flamenco-sevilha-14-20-setembro-2026.html\" \/>\n<meta property=\"og:site_name\" content=\"Tablaos Flamencos\" \/>\n<meta property=\"article:publisher\" content=\"https:\/\/www.facebook.com\/tablaosflamencos\" \/>\n<meta property=\"article:published_time\" content=\"2026-09-05T11:34:33+00:00\" \/>\n<meta property=\"article:modified_time\" content=\"2026-09-05T14:33:44+00:00\" \/>\n<meta property=\"og:image\" content=\"https:\/\/www.tablaosflamencos.com\/wp-content\/uploads\/que-ver-en-la-bienal-del-14-al-20-de-septiembre-de-2026-01.webp\" \/>\n\t<meta property=\"og:image:width\" content=\"1672\" \/>\n\t<meta property=\"og:image:height\" content=\"941\" \/>\n\t<meta property=\"og:image:type\" content=\"image\/webp\" \/>\n<meta name=\"author\" content=\"Miguel Ortiz\" \/>\n<meta name=\"twitter:card\" content=\"summary_large_image\" \/>\n<meta name=\"twitter:creator\" content=\"@tablaosflamenco\" \/>\n<meta name=\"twitter:site\" content=\"@tablaosflamenco\" \/>\n<meta name=\"twitter:label1\" content=\"Escrito por\" \/>\n\t<meta name=\"twitter:data1\" content=\"Miguel Ortiz\" \/>\n\t<meta name=\"twitter:label2\" content=\"Tempo estimado de leitura\" \/>\n\t<meta name=\"twitter:data2\" content=\"26 minutos\" \/>\n<script type=\"application\/ld+json\" class=\"yoast-schema-graph\">{\"@context\":\"https:\\\/\\\/schema.org\",\"@graph\":[{\"@type\":\"Article\",\"@id\":\"https:\\\/\\\/www.tablaosflamencos.com\\\/pt-pt\\\/bienal-flamenco-sevilha-14-20-setembro-2026.html#article\",\"isPartOf\":{\"@id\":\"https:\\\/\\\/www.tablaosflamencos.com\\\/pt-pt\\\/bienal-flamenco-sevilha-14-20-setembro-2026.html\"},\"author\":{\"name\":\"Miguel Ortiz\",\"@id\":\"https:\\\/\\\/www.tablaosflamencos.com\\\/pt-pt#\\\/schema\\\/person\\\/e7a9ebe14eb75a52ceabfbffb3c54f5d\"},\"headline\":\"O que ver na Bienal de Flamenco de Sevilha de 14 a 20 de setembro de 2026\",\"datePublished\":\"2026-09-05T11:34:33+00:00\",\"dateModified\":\"2026-09-05T14:33:44+00:00\",\"mainEntityOfPage\":{\"@id\":\"https:\\\/\\\/www.tablaosflamencos.com\\\/pt-pt\\\/bienal-flamenco-sevilha-14-20-setembro-2026.html\"},\"wordCount\":5323,\"publisher\":{\"@id\":\"https:\\\/\\\/www.tablaosflamencos.com\\\/pt-pt#organization\"},\"image\":{\"@id\":\"https:\\\/\\\/www.tablaosflamencos.com\\\/pt-pt\\\/bienal-flamenco-sevilha-14-20-setembro-2026.html#primaryimage\"},\"thumbnailUrl\":\"https:\\\/\\\/www.tablaosflamencos.com\\\/wp-content\\\/uploads\\\/que-ver-en-la-bienal-del-14-al-20-de-septiembre-de-2026-01.webp\",\"keywords\":[\"agenda flamenca\",\"Bienal 2026\",\"Bienal de Flamenco\",\"festivales flamencos\",\"flamenco en Sevilla\",\"sevilla\"],\"articleSection\":[\"Bienal de Flamenco de Sevilha\"],\"inLanguage\":\"pt-PT\"},{\"@type\":\"WebPage\",\"@id\":\"https:\\\/\\\/www.tablaosflamencos.com\\\/pt-pt\\\/bienal-flamenco-sevilha-14-20-setembro-2026.html\",\"url\":\"https:\\\/\\\/www.tablaosflamencos.com\\\/pt-pt\\\/bienal-flamenco-sevilha-14-20-setembro-2026.html\",\"name\":\"Bienal de Sevilha: o que ver de 14 a 20 de setembro de 2026\",\"isPartOf\":{\"@id\":\"https:\\\/\\\/www.tablaosflamencos.com\\\/pt-pt#website\"},\"primaryImageOfPage\":{\"@id\":\"https:\\\/\\\/www.tablaosflamencos.com\\\/pt-pt\\\/bienal-flamenco-sevilha-14-20-setembro-2026.html#primaryimage\"},\"image\":{\"@id\":\"https:\\\/\\\/www.tablaosflamencos.com\\\/pt-pt\\\/bienal-flamenco-sevilha-14-20-setembro-2026.html#primaryimage\"},\"thumbnailUrl\":\"https:\\\/\\\/www.tablaosflamencos.com\\\/wp-content\\\/uploads\\\/que-ver-en-la-bienal-del-14-al-20-de-septiembre-de-2026-01.webp\",\"datePublished\":\"2026-09-05T11:34:33+00:00\",\"dateModified\":\"2026-09-05T14:33:44+00:00\",\"description\":\"Programa da Bienal de Flamenco de Sevilha de 14 a 20 de setembro de 2026: 20 sess\u00f5es, hor\u00e1rios, recomenda\u00e7\u00f5es di\u00e1rias e itiner\u00e1rios realistas.\",\"breadcrumb\":{\"@id\":\"https:\\\/\\\/www.tablaosflamencos.com\\\/pt-pt\\\/bienal-flamenco-sevilha-14-20-setembro-2026.html#breadcrumb\"},\"inLanguage\":\"pt-PT\",\"potentialAction\":[{\"@type\":\"ReadAction\",\"target\":[\"https:\\\/\\\/www.tablaosflamencos.com\\\/pt-pt\\\/bienal-flamenco-sevilha-14-20-setembro-2026.html\"]}]},{\"@type\":\"ImageObject\",\"inLanguage\":\"pt-PT\",\"@id\":\"https:\\\/\\\/www.tablaosflamencos.com\\\/pt-pt\\\/bienal-flamenco-sevilha-14-20-setembro-2026.html#primaryimage\",\"url\":\"https:\\\/\\\/www.tablaosflamencos.com\\\/wp-content\\\/uploads\\\/que-ver-en-la-bienal-del-14-al-20-de-septiembre-de-2026-01.webp\",\"contentUrl\":\"https:\\\/\\\/www.tablaosflamencos.com\\\/wp-content\\\/uploads\\\/que-ver-en-la-bienal-del-14-al-20-de-septiembre-de-2026-01.webp\",\"width\":1672,\"height\":941,\"caption\":\"Qu\u00e9 ver en la Bienal del 14 al 20 de septiembre de 2026\"},{\"@type\":\"BreadcrumbList\",\"@id\":\"https:\\\/\\\/www.tablaosflamencos.com\\\/pt-pt\\\/bienal-flamenco-sevilha-14-20-setembro-2026.html#breadcrumb\",\"itemListElement\":[{\"@type\":\"ListItem\",\"position\":1,\"name\":\"Home\",\"item\":\"https:\\\/\\\/www.tablaosflamencos.com\\\/pt-pt\"},{\"@type\":\"ListItem\",\"position\":2,\"name\":\"O que ver na Bienal de Flamenco de Sevilha de 14 a 20 de setembro de 2026\"}]},{\"@type\":\"WebSite\",\"@id\":\"https:\\\/\\\/www.tablaosflamencos.com\\\/pt-pt#website\",\"url\":\"https:\\\/\\\/www.tablaosflamencos.com\\\/pt-pt\",\"name\":\"Tablaos Flamencos\",\"description\":\"Entradas para tablaos flamencos de Espa\u00f1a\",\"publisher\":{\"@id\":\"https:\\\/\\\/www.tablaosflamencos.com\\\/pt-pt#organization\"},\"alternateName\":\"Tablaos Flamencos\",\"potentialAction\":[{\"@type\":\"SearchAction\",\"target\":{\"@type\":\"EntryPoint\",\"urlTemplate\":\"https:\\\/\\\/www.tablaosflamencos.com\\\/pt-pt?s={search_term_string}\"},\"query-input\":{\"@type\":\"PropertyValueSpecification\",\"valueRequired\":true,\"valueName\":\"search_term_string\"}}],\"inLanguage\":\"pt-PT\"},{\"@type\":[\"Organization\",\"Place\",\"EntertainmentBusiness\"],\"@id\":\"https:\\\/\\\/www.tablaosflamencos.com\\\/pt-pt#organization\",\"name\":\"Tablaos Flamencos\",\"alternateName\":\"Tablaos Flamencos\",\"url\":\"https:\\\/\\\/www.tablaosflamencos.com\\\/pt-pt\",\"logo\":{\"@id\":\"https:\\\/\\\/www.tablaosflamencos.com\\\/pt-pt\\\/bienal-flamenco-sevilha-14-20-setembro-2026.html#local-main-organization-logo\"},\"image\":{\"@id\":\"https:\\\/\\\/www.tablaosflamencos.com\\\/pt-pt\\\/bienal-flamenco-sevilha-14-20-setembro-2026.html#local-main-organization-logo\"},\"sameAs\":[\"https:\\\/\\\/www.facebook.com\\\/tablaosflamencos\",\"https:\\\/\\\/x.com\\\/tablaosflamenco\",\"https:\\\/\\\/mastodon.social\\\/@tablaosflamencos\",\"https:\\\/\\\/www.instagram.com\\\/tablaosflamencos\",\"https:\\\/\\\/tiktok.com\\\/@tablaosflamencos\",\"https:\\\/\\\/www.linkedin.com\\\/company\\\/109408238\\\/\"],\"description\":\"Venta de entradas para espect\u00e1culos flamencos\",\"legalName\":\"Tablaos Flamencos\",\"foundingDate\":\"2015-01-01\",\"numberOfEmployees\":{\"@type\":\"QuantitativeValue\",\"minValue\":\"1\",\"maxValue\":\"10\"},\"address\":{\"@id\":\"https:\\\/\\\/www.tablaosflamencos.com\\\/pt-pt\\\/bienal-flamenco-sevilha-14-20-setembro-2026.html#local-main-place-address\"},\"geo\":{\"@type\":\"GeoCoordinates\",\"latitude\":\"37.3868072\",\"longitude\":\"-5.993280299999999\"},\"telephone\":[\"+34623787787\"],\"contactPoint\":{\"@type\":\"ContactPoint\",\"telephone\":\"+34623787787\",\"email\":\"info@tablaosflamencos.com\"},\"openingHoursSpecification\":{\"@type\":\"OpeningHoursSpecification\",\"dayOfWeek\":[\"Monday\",\"Tuesday\",\"Wednesday\",\"Thursday\",\"Friday\",\"Saturday\",\"Sunday\"],\"opens\":\"00:00\",\"closes\":\"23:59\"},\"email\":\"info@tablaosflamencos.com\",\"priceRange\":\"$$$\",\"currenciesAccepted\":\"\u20ac\"},{\"@type\":\"Person\",\"@id\":\"https:\\\/\\\/www.tablaosflamencos.com\\\/pt-pt#\\\/schema\\\/person\\\/e7a9ebe14eb75a52ceabfbffb3c54f5d\",\"name\":\"Miguel Ortiz\",\"description\":\"Miguel Ortiz es un empresario flamenco, con una s\u00f3lida trayectoria dentro del sector. Ha presidido entidades culturales vinculadas al flamenco y, cuenta con un amplio recorrido profesional en la gesti\u00f3n y promoci\u00f3n de espect\u00e1culos y tablaos flamencos. Su pasi\u00f3n por la historia y el arte flamenco se refleja en cada art\u00edculo, donde combina experiencia, criterio y un profundo respeto por la tradici\u00f3n.\",\"sameAs\":[\"https:\\\/\\\/www.tablaosflamencos.com\",\"https:\\\/\\\/www.instagra.com\\\/miguelortizfe\",\"https:\\\/\\\/www.linkedin.com\\\/in\\\/miguelortizf\\\/\"],\"birthDate\":\"1984-11-22\",\"gender\":\"hombre\",\"knowsLanguage\":[\"espa\u00f1ol\",\"ingl\u00e9s\"],\"jobTitle\":\"Empresario flamenco\"},{\"@type\":\"PostalAddress\",\"@id\":\"https:\\\/\\\/www.tablaosflamencos.com\\\/pt-pt\\\/bienal-flamenco-sevilha-14-20-setembro-2026.html#local-main-place-address\",\"streetAddress\":\"C\\\/ Alemanes, 19\",\"addressLocality\":\"Sevilla\",\"postalCode\":\"41004\",\"addressRegion\":\"Sevilla\",\"addressCountry\":\"ES\"},{\"@type\":\"ImageObject\",\"inLanguage\":\"pt-PT\",\"@id\":\"https:\\\/\\\/www.tablaosflamencos.com\\\/pt-pt\\\/bienal-flamenco-sevilha-14-20-setembro-2026.html#local-main-organization-logo\",\"url\":\"https:\\\/\\\/www.tablaosflamencos.com\\\/wp-content\\\/uploads\\\/tablaos-flamencos-06-3.webp\",\"contentUrl\":\"https:\\\/\\\/www.tablaosflamencos.com\\\/wp-content\\\/uploads\\\/tablaos-flamencos-06-3.webp\",\"width\":600,\"height\":620,\"caption\":\"Tablaos Flamencos\"}]}<\/script>\n<meta name=\"geo.placename\" content=\"Sevilla\" \/>\n<meta name=\"geo.position\" content=\"37.3868072;-5.993280299999999\" \/>\n<meta name=\"geo.region\" content=\"Espanha\" \/>\n<!-- \/ Yoast SEO Premium plugin. -->","yoast_head_json":{"title":"Bienal de Sevilha: o que ver de 14 a 20 de setembro de 2026","description":"Programa da Bienal de Flamenco de Sevilha de 14 a 20 de setembro de 2026: 20 sess\u00f5es, hor\u00e1rios, recomenda\u00e7\u00f5es di\u00e1rias e itiner\u00e1rios realistas.","robots":{"index":"index","follow":"follow","max-snippet":"max-snippet:-1","max-image-preview":"max-image-preview:large","max-video-preview":"max-video-preview:-1"},"canonical":"https:\/\/www.tablaosflamencos.com\/pt-pt\/bienal-flamenco-sevilha-14-20-setembro-2026.html","og_locale":"pt_PT","og_type":"article","og_title":"O que ver na Bienal de Flamenco de Sevilha de 14 a 20 de setembro de 2026","og_description":"Programa da Bienal de Flamenco de Sevilha de 14 a 20 de setembro de 2026: 20 sess\u00f5es, hor\u00e1rios, recomenda\u00e7\u00f5es di\u00e1rias e itiner\u00e1rios realistas.","og_url":"https:\/\/www.tablaosflamencos.com\/pt-pt\/bienal-flamenco-sevilha-14-20-setembro-2026.html","og_site_name":"Tablaos Flamencos","article_publisher":"https:\/\/www.facebook.com\/tablaosflamencos","article_published_time":"2026-09-05T11:34:33+00:00","article_modified_time":"2026-09-05T14:33:44+00:00","og_image":[{"width":1672,"height":941,"url":"https:\/\/www.tablaosflamencos.com\/wp-content\/uploads\/que-ver-en-la-bienal-del-14-al-20-de-septiembre-de-2026-01.webp","type":"image\/webp"}],"author":"Miguel Ortiz","twitter_card":"summary_large_image","twitter_creator":"@tablaosflamenco","twitter_site":"@tablaosflamenco","twitter_misc":{"Escrito por":"Miguel Ortiz","Tempo estimado de leitura":"26 minutos"},"schema":{"@context":"https:\/\/schema.org","@graph":[{"@type":"Article","@id":"https:\/\/www.tablaosflamencos.com\/pt-pt\/bienal-flamenco-sevilha-14-20-setembro-2026.html#article","isPartOf":{"@id":"https:\/\/www.tablaosflamencos.com\/pt-pt\/bienal-flamenco-sevilha-14-20-setembro-2026.html"},"author":{"name":"Miguel Ortiz","@id":"https:\/\/www.tablaosflamencos.com\/pt-pt#\/schema\/person\/e7a9ebe14eb75a52ceabfbffb3c54f5d"},"headline":"O que ver na Bienal de Flamenco de Sevilha de 14 a 20 de setembro de 2026","datePublished":"2026-09-05T11:34:33+00:00","dateModified":"2026-09-05T14:33:44+00:00","mainEntityOfPage":{"@id":"https:\/\/www.tablaosflamencos.com\/pt-pt\/bienal-flamenco-sevilha-14-20-setembro-2026.html"},"wordCount":5323,"publisher":{"@id":"https:\/\/www.tablaosflamencos.com\/pt-pt#organization"},"image":{"@id":"https:\/\/www.tablaosflamencos.com\/pt-pt\/bienal-flamenco-sevilha-14-20-setembro-2026.html#primaryimage"},"thumbnailUrl":"https:\/\/www.tablaosflamencos.com\/wp-content\/uploads\/que-ver-en-la-bienal-del-14-al-20-de-septiembre-de-2026-01.webp","keywords":["agenda flamenca","Bienal 2026","Bienal de Flamenco","festivales flamencos","flamenco en Sevilla","sevilla"],"articleSection":["Bienal de Flamenco de Sevilha"],"inLanguage":"pt-PT"},{"@type":"WebPage","@id":"https:\/\/www.tablaosflamencos.com\/pt-pt\/bienal-flamenco-sevilha-14-20-setembro-2026.html","url":"https:\/\/www.tablaosflamencos.com\/pt-pt\/bienal-flamenco-sevilha-14-20-setembro-2026.html","name":"Bienal de Sevilha: o que ver de 14 a 20 de setembro de 2026","isPartOf":{"@id":"https:\/\/www.tablaosflamencos.com\/pt-pt#website"},"primaryImageOfPage":{"@id":"https:\/\/www.tablaosflamencos.com\/pt-pt\/bienal-flamenco-sevilha-14-20-setembro-2026.html#primaryimage"},"image":{"@id":"https:\/\/www.tablaosflamencos.com\/pt-pt\/bienal-flamenco-sevilha-14-20-setembro-2026.html#primaryimage"},"thumbnailUrl":"https:\/\/www.tablaosflamencos.com\/wp-content\/uploads\/que-ver-en-la-bienal-del-14-al-20-de-septiembre-de-2026-01.webp","datePublished":"2026-09-05T11:34:33+00:00","dateModified":"2026-09-05T14:33:44+00:00","description":"Programa da Bienal de Flamenco de Sevilha de 14 a 20 de setembro de 2026: 20 sess\u00f5es, hor\u00e1rios, recomenda\u00e7\u00f5es di\u00e1rias e itiner\u00e1rios realistas.","breadcrumb":{"@id":"https:\/\/www.tablaosflamencos.com\/pt-pt\/bienal-flamenco-sevilha-14-20-setembro-2026.html#breadcrumb"},"inLanguage":"pt-PT","potentialAction":[{"@type":"ReadAction","target":["https:\/\/www.tablaosflamencos.com\/pt-pt\/bienal-flamenco-sevilha-14-20-setembro-2026.html"]}]},{"@type":"ImageObject","inLanguage":"pt-PT","@id":"https:\/\/www.tablaosflamencos.com\/pt-pt\/bienal-flamenco-sevilha-14-20-setembro-2026.html#primaryimage","url":"https:\/\/www.tablaosflamencos.com\/wp-content\/uploads\/que-ver-en-la-bienal-del-14-al-20-de-septiembre-de-2026-01.webp","contentUrl":"https:\/\/www.tablaosflamencos.com\/wp-content\/uploads\/que-ver-en-la-bienal-del-14-al-20-de-septiembre-de-2026-01.webp","width":1672,"height":941,"caption":"Qu\u00e9 ver en la Bienal del 14 al 20 de septiembre de 2026"},{"@type":"BreadcrumbList","@id":"https:\/\/www.tablaosflamencos.com\/pt-pt\/bienal-flamenco-sevilha-14-20-setembro-2026.html#breadcrumb","itemListElement":[{"@type":"ListItem","position":1,"name":"Home","item":"https:\/\/www.tablaosflamencos.com\/pt-pt"},{"@type":"ListItem","position":2,"name":"O que ver na Bienal de Flamenco de Sevilha de 14 a 20 de setembro de 2026"}]},{"@type":"WebSite","@id":"https:\/\/www.tablaosflamencos.com\/pt-pt#website","url":"https:\/\/www.tablaosflamencos.com\/pt-pt","name":"Tablaos Flamencos","description":"Entradas para tablaos flamencos de Espa\u00f1a","publisher":{"@id":"https:\/\/www.tablaosflamencos.com\/pt-pt#organization"},"alternateName":"Tablaos Flamencos","potentialAction":[{"@type":"SearchAction","target":{"@type":"EntryPoint","urlTemplate":"https:\/\/www.tablaosflamencos.com\/pt-pt?s={search_term_string}"},"query-input":{"@type":"PropertyValueSpecification","valueRequired":true,"valueName":"search_term_string"}}],"inLanguage":"pt-PT"},{"@type":["Organization","Place","EntertainmentBusiness"],"@id":"https:\/\/www.tablaosflamencos.com\/pt-pt#organization","name":"Tablaos Flamencos","alternateName":"Tablaos Flamencos","url":"https:\/\/www.tablaosflamencos.com\/pt-pt","logo":{"@id":"https:\/\/www.tablaosflamencos.com\/pt-pt\/bienal-flamenco-sevilha-14-20-setembro-2026.html#local-main-organization-logo"},"image":{"@id":"https:\/\/www.tablaosflamencos.com\/pt-pt\/bienal-flamenco-sevilha-14-20-setembro-2026.html#local-main-organization-logo"},"sameAs":["https:\/\/www.facebook.com\/tablaosflamencos","https:\/\/x.com\/tablaosflamenco","https:\/\/mastodon.social\/@tablaosflamencos","https:\/\/www.instagram.com\/tablaosflamencos","https:\/\/tiktok.com\/@tablaosflamencos","https:\/\/www.linkedin.com\/company\/109408238\/"],"description":"Venta de entradas para espect\u00e1culos flamencos","legalName":"Tablaos Flamencos","foundingDate":"2015-01-01","numberOfEmployees":{"@type":"QuantitativeValue","minValue":"1","maxValue":"10"},"address":{"@id":"https:\/\/www.tablaosflamencos.com\/pt-pt\/bienal-flamenco-sevilha-14-20-setembro-2026.html#local-main-place-address"},"geo":{"@type":"GeoCoordinates","latitude":"37.3868072","longitude":"-5.993280299999999"},"telephone":["+34623787787"],"contactPoint":{"@type":"ContactPoint","telephone":"+34623787787","email":"info@tablaosflamencos.com"},"openingHoursSpecification":{"@type":"OpeningHoursSpecification","dayOfWeek":["Monday","Tuesday","Wednesday","Thursday","Friday","Saturday","Sunday"],"opens":"00:00","closes":"23:59"},"email":"info@tablaosflamencos.com","priceRange":"$$$","currenciesAccepted":"\u20ac"},{"@type":"Person","@id":"https:\/\/www.tablaosflamencos.com\/pt-pt#\/schema\/person\/e7a9ebe14eb75a52ceabfbffb3c54f5d","name":"Miguel Ortiz","description":"Miguel Ortiz es un empresario flamenco, con una s\u00f3lida trayectoria dentro del sector. Ha presidido entidades culturales vinculadas al flamenco y, cuenta con un amplio recorrido profesional en la gesti\u00f3n y promoci\u00f3n de espect\u00e1culos y tablaos flamencos. Su pasi\u00f3n por la historia y el arte flamenco se refleja en cada art\u00edculo, donde combina experiencia, criterio y un profundo respeto por la tradici\u00f3n.","sameAs":["https:\/\/www.tablaosflamencos.com","https:\/\/www.instagra.com\/miguelortizfe","https:\/\/www.linkedin.com\/in\/miguelortizf\/"],"birthDate":"1984-11-22","gender":"hombre","knowsLanguage":["espa\u00f1ol","ingl\u00e9s"],"jobTitle":"Empresario flamenco"},{"@type":"PostalAddress","@id":"https:\/\/www.tablaosflamencos.com\/pt-pt\/bienal-flamenco-sevilha-14-20-setembro-2026.html#local-main-place-address","streetAddress":"C\/ Alemanes, 19","addressLocality":"Sevilla","postalCode":"41004","addressRegion":"Sevilla","addressCountry":"ES"},{"@type":"ImageObject","inLanguage":"pt-PT","@id":"https:\/\/www.tablaosflamencos.com\/pt-pt\/bienal-flamenco-sevilha-14-20-setembro-2026.html#local-main-organization-logo","url":"https:\/\/www.tablaosflamencos.com\/wp-content\/uploads\/tablaos-flamencos-06-3.webp","contentUrl":"https:\/\/www.tablaosflamencos.com\/wp-content\/uploads\/tablaos-flamencos-06-3.webp","width":600,"height":620,"caption":"Tablaos Flamencos"}]},"geo.placename":"Sevilla","geo.position":{"lat":"37.3868072","long":"-5.993280299999999"},"geo.region":"Espanha"},"_links":{"self":[{"href":"https:\/\/www.tablaosflamencos.com\/pt-pt\/wp-json\/wp\/v2\/posts\/14887","targetHints":{"allow":["GET"]}}],"collection":[{"href":"https:\/\/www.tablaosflamencos.com\/pt-pt\/wp-json\/wp\/v2\/posts"}],"about":[{"href":"https:\/\/www.tablaosflamencos.com\/pt-pt\/wp-json\/wp\/v2\/types\/post"}],"author":[{"embeddable":true,"href":"https:\/\/www.tablaosflamencos.com\/pt-pt\/wp-json\/wp\/v2\/users\/1"}],"replies":[{"embeddable":true,"href":"https:\/\/www.tablaosflamencos.com\/pt-pt\/wp-json\/wp\/v2\/comments?post=14887"}],"version-history":[{"count":5,"href":"https:\/\/www.tablaosflamencos.com\/pt-pt\/wp-json\/wp\/v2\/posts\/14887\/revisions"}],"predecessor-version":[{"id":14924,"href":"https:\/\/www.tablaosflamencos.com\/pt-pt\/wp-json\/wp\/v2\/posts\/14887\/revisions\/14924"}],"wp:featuredmedia":[{"embeddable":true,"href":"https:\/\/www.tablaosflamencos.com\/pt-pt\/wp-json\/wp\/v2\/media\/14743"}],"wp:attachment":[{"href":"https:\/\/www.tablaosflamencos.com\/pt-pt\/wp-json\/wp\/v2\/media?parent=14887"}],"wp:term":[{"taxonomy":"category","embeddable":true,"href":"https:\/\/www.tablaosflamencos.com\/pt-pt\/wp-json\/wp\/v2\/categories?post=14887"},{"taxonomy":"post_tag","embeddable":true,"href":"https:\/\/www.tablaosflamencos.com\/pt-pt\/wp-json\/wp\/v2\/tags?post=14887"}],"curies":[{"name":"wp","href":"https:\/\/api.w.org\/{rel}","templated":true}]}}