{"id":14876,"date":"2026-09-05T14:14:08","date_gmt":"2026-09-05T12:14:08","guid":{"rendered":"https:\/\/www.tablaosflamencos.com\/?p=14876"},"modified":"2026-09-05T14:38:30","modified_gmt":"2026-09-05T12:38:30","slug":"circuito-andaluz-penas-sevilha-2026","status":"publish","type":"post","link":"https:\/\/www.tablaosflamencos.com\/pt-pt\/circuito-andaluz-penas-sevilha-2026.html","title":{"rendered":"Circuito Andaluz de Pe\u00f1as em Sevilha 2026: calend\u00e1rio, artistas e recitais gratuitos"},"content":{"rendered":"<section class=\"l-section wpb_row height_huge\"><div class=\"l-section-h i-cf\"><div class=\"g-cols vc_row via_flex valign_middle type_default stacking_default\"><div class=\"vc_col-sm-6 wpb_column vc_column_container\"><div class=\"vc_column-inner\"><div class=\"wpb_wrapper\"><div class=\"wpb_text_column\"><div class=\"wpb_wrapper\"><h2>56 encontros para descobrir o flamenco das pe\u00f1as em Sevilha<\/h2>\n<p>O <strong>Circuito Andaluz de Pe\u00f1as em Sevilha 2026<\/strong> transforma a prov\u00edncia numa grande rota de recitais gratuitos. A programa\u00e7\u00e3o re\u00fane <strong>56 atua\u00e7\u00f5es em outras tantas pe\u00f1as de 41 localidades<\/strong>: 53 encontros de cante, dois de dan\u00e7a e um de guitarra. O ciclo come\u00e7ou em junho e concentra a sua fase mais intensa entre setembro e outubro.<\/p>\n<p>A edi\u00e7\u00e3o de Sevilha comemora os <strong>50 anos de <em>Persecuci\u00f3n<\/em><\/strong>, o disco de Juan Pe\u00f1a \u00abEl Lebrijano\u00bb publicado em 1976 com letras de F\u00e9lix Grande. A dedicat\u00f3ria liga a agenda atual a uma obra decisiva para compreender a mem\u00f3ria, a identidade e a capacidade narrativa do flamenco contempor\u00e2neo.<\/p>\n<p>Este guia re\u00fane o calend\u00e1rio detalhado publicado para setembro e outubro, os artistas, as pe\u00f1as anfitri\u00e3s, os munic\u00edpios e as informa\u00e7\u00f5es pr\u00e1ticas para assistir. A entrada \u00e9 gratuita at\u00e9 esgotar a lota\u00e7\u00e3o, mas conv\u00e9m confirmar cada encontro antes de se deslocar.<\/p>\n<\/div><\/div><\/div><\/div><\/div><div class=\"vc_col-sm-6 wpb_column vc_column_container\"><div class=\"vc_column-inner\"><div class=\"wpb_wrapper\"><div class=\"w-image us_custom_c9d916e8 has_aspect_ratio align_center\"><div class=\"w-image-h\"><img fetchpriority=\"high\" decoding=\"async\" width=\"1024\" height=\"683\" src=\"https:\/\/www.tablaosflamencos.com\/wp-content\/uploads\/circuito-andaluz-de-penas-2026-225-recitales-de-flamenco-gratis-por-toda-andalucia-01-1-1024x683.webp\" class=\"attachment-large size-large\" alt=\"Circuito Andaluz de Pe\u00f1as en Sevilla 2026: calendario, artistas y recitales gratuitos\" loading=\"eager\" srcset=\"https:\/\/www.tablaosflamencos.com\/wp-content\/uploads\/circuito-andaluz-de-penas-2026-225-recitales-de-flamenco-gratis-por-toda-andalucia-01-1-1024x683.webp 1024w, https:\/\/www.tablaosflamencos.com\/wp-content\/uploads\/circuito-andaluz-de-penas-2026-225-recitales-de-flamenco-gratis-por-toda-andalucia-01-1-300x200.webp 300w, https:\/\/www.tablaosflamencos.com\/wp-content\/uploads\/circuito-andaluz-de-penas-2026-225-recitales-de-flamenco-gratis-por-toda-andalucia-01-1-600x400.webp 600w, https:\/\/www.tablaosflamencos.com\/wp-content\/uploads\/circuito-andaluz-de-penas-2026-225-recitales-de-flamenco-gratis-por-toda-andalucia-01-1-150x100.webp 150w, https:\/\/www.tablaosflamencos.com\/wp-content\/uploads\/circuito-andaluz-de-penas-2026-225-recitales-de-flamenco-gratis-por-toda-andalucia-01-1.webp 1536w\" sizes=\"auto, (max-width: 1024px) 100vw, 1024px\" \/><\/div><\/div><\/div><\/div><\/div><\/div><\/div><\/section><section class=\"l-section wpb_row height_huge\"><div class=\"l-section-h i-cf\"><div class=\"g-cols vc_row via_flex valign_middle type_default stacking_default\"><div class=\"vc_col-sm-12 wpb_column vc_column_container\"><div class=\"vc_column-inner\"><div class=\"wpb_wrapper\"><div class=\"w-image align_center\"><div class=\"w-image-h\"><img decoding=\"async\" width=\"819\" height=\"1024\" src=\"https:\/\/www.tablaosflamencos.com\/wp-content\/uploads\/circuito-andaluz-de-penas-en-sevilla-2026-calendario-artistas-y-recitales-gratuitos-01-1.webp\" class=\"attachment-large size-large\" alt=\"Circuito Andaluz de Pe\u00f1as en Sevilla 2026: calendario, artistas y recitales gratuitos\" loading=\"eager\" srcset=\"https:\/\/www.tablaosflamencos.com\/wp-content\/uploads\/circuito-andaluz-de-penas-en-sevilla-2026-calendario-artistas-y-recitales-gratuitos-01-1.webp 819w, https:\/\/www.tablaosflamencos.com\/wp-content\/uploads\/circuito-andaluz-de-penas-en-sevilla-2026-calendario-artistas-y-recitales-gratuitos-01-1-240x300.webp 240w, https:\/\/www.tablaosflamencos.com\/wp-content\/uploads\/circuito-andaluz-de-penas-en-sevilla-2026-calendario-artistas-y-recitales-gratuitos-01-1-480x600.webp 480w, https:\/\/www.tablaosflamencos.com\/wp-content\/uploads\/circuito-andaluz-de-penas-en-sevilla-2026-calendario-artistas-y-recitales-gratuitos-01-1-120x150.webp 120w\" sizes=\"auto, (max-width: 819px) 100vw, 819px\" \/><\/div><\/div><\/div><\/div><\/div><\/div><\/div><\/section><section class=\"l-section wpb_row height_huge color_alternate with_shape\"><div class=\"l-section-shape type_zigzag pos_top hor_flip\" style=\"height:3vmin;\"><svg xmlns=\"http:\/\/www.w3.org\/2000\/svg\" viewBox=\"0 0 64 8\" preserveAspectRatio=\"none\" width=\"100%\" height=\"100%\">\r\n\t<path fill=\"currentColor\" d=\"M64 8 L0 8 L0 0 L20 7.9 L40 3 L48 5 L64 0 Z\"\/>\r\n<\/svg><\/div><div class=\"l-section-shape type_zigzag pos_bottom\" style=\"height:3vmin;\"><svg xmlns=\"http:\/\/www.w3.org\/2000\/svg\" viewBox=\"0 0 64 8\" preserveAspectRatio=\"none\" width=\"100%\" height=\"100%\">\r\n\t<path fill=\"currentColor\" d=\"M64 8 L0 8 L0 0 L20 7.9 L40 3 L48 5 L64 0 Z\"\/>\r\n<\/svg><\/div><div class=\"l-section-h i-cf\"><div class=\"g-cols vc_row via_flex valign_middle type_default stacking_default\"><div class=\"vc_col-sm-6 wpb_column vc_column_container\"><div class=\"vc_column-inner\"><div class=\"wpb_wrapper\"><div class=\"wpb_text_column\"><div class=\"wpb_wrapper\"><h2>Resposta r\u00e1pida<\/h2>\n<p>O circuito programa em Sevilha <strong>56 atua\u00e7\u00f5es gratuitas<\/strong> em 41 localidades: 53 recitais de cante, dois de dan\u00e7a e um de guitarra. Depois de doze encontros realizados em junho, a agenda oficial detalha 44 atua\u00e7\u00f5es de 2 de setembro a 31 de outubro. O acesso \u00e9 gratuito at\u00e9 esgotar a lota\u00e7\u00e3o e o hor\u00e1rio deve ser confirmado com a pe\u00f1a antes de partir.<\/p>\n<\/div><\/div><\/div><\/div><\/div><div class=\"vc_col-sm-6 wpb_column vc_column_container\"><div class=\"vc_column-inner\"><div class=\"wpb_wrapper\"><div class=\"wpb_text_column\"><div class=\"wpb_wrapper\"><h3>Dados essenciais<\/h3>\n<ul>\n<li><strong>Total:<\/strong> 56 atua\u00e7\u00f5es.<\/li>\n<li><strong>Localidades:<\/strong> 41.<\/li>\n<li><strong>Modalidades:<\/strong> 53 cante, 2 dan\u00e7a e 1 guitarra.<\/li>\n<li><strong>Pre\u00e7o:<\/strong> gratuito at\u00e9 esgotar a lota\u00e7\u00e3o.<\/li>\n<li><strong>Organiza\u00e7\u00e3o:<\/strong> Instituto Andaluz do Flamenco e Federa\u00e7\u00e3o Provincial de Sevilha de Entidades Flamencas.<\/li>\n<\/ul>\n<\/div><\/div><\/div><\/div><\/div><\/div><\/div><\/section><section class=\"l-section wpb_row height_huge\"><div class=\"l-section-h i-cf\"><div class=\"g-cols vc_row via_flex valign_middle type_default stacking_default\"><div class=\"vc_col-sm-6 wpb_column vc_column_container\"><div class=\"vc_column-inner\"><div class=\"wpb_wrapper\"><div class=\"wpb_text_column\"><div class=\"wpb_wrapper\"><h2>Conte\u00fado deste guia<\/h2>\n<ul>\n<li><a href=\"#datos-clave\">Dados-chave do circuito de Sevilha<\/a><\/li>\n<li><a href=\"#septiembre\">Calend\u00e1rio de setembro<\/a><\/li>\n<li><a href=\"#octubre\">Calend\u00e1rio de outubro<\/a><\/li>\n<li><a href=\"#capital\">Recitais na cidade de Sevilha<\/a><\/li>\n<li><a href=\"#artistas\">Artistas e modalidades<\/a><\/li>\n<\/ul>\n<\/div><\/div><\/div><\/div><\/div><div class=\"vc_col-sm-6 wpb_column vc_column_container\"><div class=\"vc_column-inner\"><div class=\"wpb_wrapper\"><div class=\"wpb_text_column\"><div class=\"wpb_wrapper\"><ul>\n<li><a href=\"#persecucion\">Homenagem a <em>Persecuci\u00f3n<\/em><\/a><\/li>\n<li><a href=\"#acceso\">Acesso aos recitais gratuitos<\/a><\/li>\n<li><a href=\"#ruta\">Rota pela prov\u00edncia<\/a><\/li>\n<li><a href=\"#fuentes\">Onde confirmar altera\u00e7\u00f5es<\/a><\/li>\n<li><a href=\"#faq\">Perguntas frequentes<\/a><\/li>\n<\/ul>\n<\/div><\/div><\/div><\/div><\/div><\/div><\/div><\/section><section class=\"l-section wpb_row height_huge color_alternate with_shape\"><div class=\"l-section-shape type_zigzag pos_top hor_flip\" style=\"height:3vmin;\"><svg xmlns=\"http:\/\/www.w3.org\/2000\/svg\" viewBox=\"0 0 64 8\" preserveAspectRatio=\"none\" width=\"100%\" height=\"100%\">\r\n\t<path fill=\"currentColor\" d=\"M64 8 L0 8 L0 0 L20 7.9 L40 3 L48 5 L64 0 Z\"\/>\r\n<\/svg><\/div><div class=\"l-section-shape type_zigzag pos_bottom\" style=\"height:3vmin;\"><svg xmlns=\"http:\/\/www.w3.org\/2000\/svg\" viewBox=\"0 0 64 8\" preserveAspectRatio=\"none\" width=\"100%\" height=\"100%\">\r\n\t<path fill=\"currentColor\" d=\"M64 8 L0 8 L0 0 L20 7.9 L40 3 L48 5 L64 0 Z\"\/>\r\n<\/svg><\/div><div class=\"l-section-h i-cf\"><div class=\"g-cols vc_row via_flex valign_middle type_default stacking_default\"><div class=\"vc_col-sm-6 wpb_column vc_column_container\"><div class=\"vc_column-inner\"><div class=\"wpb_wrapper\"><div class=\"wpb_text_column\"><div class=\"wpb_wrapper\"><h2 id=\"datos-clave\">O circuito de Sevilha num relance<\/h2>\n<table>\n<thead>\n<tr>\n<th>Dado<\/th>\n<th>Informa\u00e7\u00e3o oficial<\/th>\n<\/tr>\n<\/thead>\n<tbody>\n<tr>\n<td><strong>Atua\u00e7\u00f5es<\/strong><\/td>\n<td>56<\/td>\n<\/tr>\n<tr>\n<td><strong>Cante<\/strong><\/td>\n<td>53<\/td>\n<\/tr>\n<tr>\n<td><strong>Dan\u00e7a<\/strong><\/td>\n<td>2<\/td>\n<\/tr>\n<tr>\n<td><strong>Guitarra<\/strong><\/td>\n<td>1<\/td>\n<\/tr>\n<tr>\n<td><strong>Localidades<\/strong><\/td>\n<td>41<\/td>\n<\/tr>\n<tr>\n<td><strong>Acesso<\/strong><\/td>\n<td>Gratuito at\u00e9 esgotar a lota\u00e7\u00e3o<\/td>\n<\/tr>\n<\/tbody>\n<\/table>\n<\/div><\/div><\/div><\/div><\/div><div class=\"vc_col-sm-6 wpb_column vc_column_container\"><div class=\"vc_column-inner\"><div class=\"wpb_wrapper\"><div class=\"wpb_text_column\"><div class=\"wpb_wrapper\"><h2>Uma programa\u00e7\u00e3o distribu\u00edda por toda a prov\u00edncia<\/h2>\n<p>O mapa n\u00e3o se limita \u00e0 capital. Chega a \u00c9cija, Alcal\u00e1 de Guada\u00edra, Dos Hermanas, Mairena del Alcor, Mor\u00f3n, Arahal, Tomares, Gelves, Bormujos, Olivares, Espartinas, Sanl\u00facar la Mayor, Villanueva del Ariscal, La Algaba, Burguillos, Paradas, Las Cabezas de San Juan, Mart\u00edn de la Jara, Pruna, Herrera, La Luisiana, Fuentes de Andaluc\u00eda, Isla Mayor, Aznalc\u00f3llar, Albaida del Aljarafe, El Castillo de las Guardas e Los Palacios y Villafranca, entre outros munic\u00edpios.<\/p>\n<p>Sevilha disp\u00f5e de <strong>80 pe\u00f1as federadas<\/strong>, a maior rede provincial da Andaluzia. O circuito ativa uma parte importante desse tecido e aproxima atua\u00e7\u00f5es profissionais de p\u00fablicos que nem sempre disp\u00f5em de uma programa\u00e7\u00e3o regular.<\/p>\n<\/div><\/div><\/div><\/div><\/div><\/div><\/div><\/section><section class=\"l-section wpb_row height_huge\"><div class=\"l-section-h i-cf\"><div class=\"g-cols vc_row via_flex valign_top type_default stacking_default\"><div class=\"vc_col-sm-6 wpb_column vc_column_container\"><div class=\"vc_column-inner\"><div class=\"wpb_wrapper\"><div class=\"wpb_text_column\"><div class=\"wpb_wrapper\"><h2 id=\"septiembre\">Calend\u00e1rio de setembro de 2026<\/h2>\n<h3>De 2 a 18 de setembro<\/h3>\n<ul>\n<li><strong>2 de setembro, 21:00.<\/strong> Fernanda Pe\u00f1a, cantaora. Pe\u00f1a Flamenca Cantes al Aire, Sevilha<\/li>\n<li><strong>4 de setembro, 21:30.<\/strong> Manuel Romero, cantaor. Pe\u00f1a Flamenca de Isla Mayor<\/li>\n<li><strong>10 de setembro, 21:30.<\/strong> Angelita Montoya, cantaora. Pe\u00f1a Flamenca El Carbonerillo, Sevilha<\/li>\n<li><strong>11 de setembro, 21:00.<\/strong> Manuel Bellido, bailaor. Pe\u00f1a Flamenca Femenina Teresa Le\u00f3n, \u00c9cija<\/li>\n<li><strong>12 de setembro, 14:00.<\/strong> Pura de Pura, cantaora. Pe\u00f1a Flamenca La Jumoza 3, Sevilha<\/li>\n<li><strong>12 de setembro, 21:30.<\/strong> Alfredo Tejada, cantaor. Pe\u00f1a Flamenca Astigitana Antonio Mairena, \u00c9cija<\/li>\n<li><strong>12 de setembro, 20:30.<\/strong> Luis Moneo, cantaor. Pe\u00f1a Flamenca La Era, Burguillos<\/li>\n<li><strong>18 de setembro, 21:30.<\/strong> Tino Van der Sman, guitarrista. Pe\u00f1a Flamenca La Sole\u00e1, Alcal\u00e1 de Guada\u00edra<\/li>\n<li><strong>18 de setembro, 21:00.<\/strong> Jeromo Segura, cantaor. Pe\u00f1a Flamenca El Paraguas, Espartinas<\/li>\n<\/ul>\n<\/div><\/div><\/div><\/div><\/div><div class=\"vc_col-sm-6 wpb_column vc_column_container\"><div class=\"vc_column-inner\"><div class=\"wpb_wrapper\"><div class=\"wpb_text_column\"><div class=\"wpb_wrapper\"><h3>De 19 a 27 de setembro<\/h3>\n<ul>\n<li><strong>19 de setembro, 20:00.<\/strong> Anabel de Vico, cantaora. Pe\u00f1a Flamenca Antonio El Lobito, Pruna<\/li>\n<li><strong>19 de setembro, 21:30.<\/strong> Paqui R\u00edos, cantaora. Pe\u00f1a Flamenca Lepanto, Mairena del Aljarafe<\/li>\n<li><strong>20 de setembro, 14:00.<\/strong> Joni Torres, cantaor. Pe\u00f1a Flamenca Juan Talega, Dos Hermanas<\/li>\n<li><strong>26 de setembro, 15:00.<\/strong> Juanelo, cantaor. Pe\u00f1a Flamenca de Sanl\u00facar la Mayor<\/li>\n<li><strong>26 de setembro, 14:00.<\/strong> Lidia Rodr\u00edguez, cantaora. Pe\u00f1a Flamenca El Madro\u00f1ero, Montellano<\/li>\n<li><strong>26 de setembro, 21:30.<\/strong> Mar\u00eda T\u00e1vora, bailaora. Pe\u00f1a Flamenca Miguel Vargas, Paradas<\/li>\n<li><strong>27 de setembro, 13:00.<\/strong> Olivia Molina, cantaora. Pe\u00f1a Flamenca Pozo Nuevo, Olivares<\/li>\n<\/ul>\n<p>O programa permite escolher entre a cidade de Sevilha, Aljarafe, Campi\u00f1a, Sierra Sur e a \u00e1rea metropolitana. Os hor\u00e1rios v\u00e3o do meio-dia \u00e0 noite; nem todas as pe\u00f1as abrem as portas com a mesma anteced\u00eancia.<\/p>\n<\/div><\/div><\/div><\/div><\/div><\/div><\/div><\/section><section class=\"l-section wpb_row height_huge color_alternate with_shape\"><div class=\"l-section-shape type_zigzag pos_top hor_flip\" style=\"height:3vmin;\"><svg xmlns=\"http:\/\/www.w3.org\/2000\/svg\" viewBox=\"0 0 64 8\" preserveAspectRatio=\"none\" width=\"100%\" height=\"100%\">\r\n\t<path fill=\"currentColor\" d=\"M64 8 L0 8 L0 0 L20 7.9 L40 3 L48 5 L64 0 Z\"\/>\r\n<\/svg><\/div><div class=\"l-section-shape type_zigzag pos_bottom\" style=\"height:3vmin;\"><svg xmlns=\"http:\/\/www.w3.org\/2000\/svg\" viewBox=\"0 0 64 8\" preserveAspectRatio=\"none\" width=\"100%\" height=\"100%\">\r\n\t<path fill=\"currentColor\" d=\"M64 8 L0 8 L0 0 L20 7.9 L40 3 L48 5 L64 0 Z\"\/>\r\n<\/svg><\/div><div class=\"l-section-h i-cf\"><div class=\"g-cols vc_row via_flex valign_top type_default stacking_default\"><div class=\"vc_col-sm-6 wpb_column vc_column_container\"><div class=\"vc_column-inner\"><div class=\"wpb_wrapper\"><div class=\"wpb_text_column\"><div class=\"wpb_wrapper\"><h2 id=\"octubre\">Calend\u00e1rio de outubro de 2026<\/h2>\n<h3>De 2 a 11 de outubro<\/h3>\n<ul>\n<li><strong>2 de outubro, 21:00.<\/strong> Abraham El Zambo, cantaor. Pe\u00f1a Flamenca Alto de la Fuente, Gelves<\/li>\n<li><strong>3 de outubro, 21:30.<\/strong> Luis Heredia \u00abEl Polaco\u00bb, cantaor. Pe\u00f1a Flamenca El Ni\u00f1o de la Jara, Mart\u00edn de la Jara<\/li>\n<li><strong>3 de outubro, 13:30.<\/strong> Antonio L\u00f3pez, cantaor. Pe\u00f1a Flamenca Fernando El Herrero, Las Cabezas de San Juan<\/li>\n<li><strong>8 de outubro, 19:30.<\/strong> Anabel Valencia, cantaora. Pe\u00f1a Sentir Flamenco, Universidade Pablo de Olavide, Sevilha<\/li>\n<li><strong>8 de outubro, 20:00.<\/strong> Armando Mateos, cantaor. Tertulia Flamenca Calixto S\u00e1nchez Mar\u00edn, Sevilha<\/li>\n<li><strong>9 de outubro, 21:00.<\/strong> Luis Perdiguero, cantaor. Pe\u00f1a Flamenca La Polea, Sevilha<\/li>\n<li><strong>9 de outubro, 21:30.<\/strong> Manuel Cantarote, cantaor. Pe\u00f1a Flamenca de Tomares<\/li>\n<li><strong>9 de outubro, 21:00.<\/strong> Mari Pe\u00f1a, cantaora. Pe\u00f1a Flamenca Pastora Pav\u00f3n Cruz \u00abNi\u00f1a de los Peines\u00bb, Arahal<\/li>\n<li><strong>10 de outubro, 15:30.<\/strong> Macarena de Jerez, cantaora. Tertulia Flamenca Sevilla Este, Sevilha<\/li>\n<li><strong>10 de outubro, 16:00.<\/strong> El Potito, cantaor. Pe\u00f1a Flamenca de Aznalc\u00f3llar<\/li>\n<li><strong>11 de outubro, 14:00.<\/strong> \u00c1frica Granado, cantaora. Pe\u00f1a Flamenca El Gallo, Mor\u00f3n de la Frontera<\/li>\n<li><strong>11 de outubro, 19:00.<\/strong> Vicente Gelo, cantaor. Pe\u00f1a Flamenca El Monino, Herrera<\/li>\n<\/ul>\n<\/div><\/div><\/div><\/div><\/div><div class=\"vc_col-sm-6 wpb_column vc_column_container\"><div class=\"vc_column-inner\"><div class=\"wpb_wrapper\"><div class=\"wpb_text_column\"><div class=\"wpb_wrapper\"><h3>De 17 a 31 de outubro<\/h3>\n<ul>\n<li><strong>17 de outubro, 12:00.<\/strong> Manuela Cordero, cantaora. Pe\u00f1a Flamenca Aires Flamencos, Sevilha<\/li>\n<li><strong>17 de outubro, 21:30.<\/strong> Luis Ortega, cantaor. Pe\u00f1a Flamenca La Pos\u00e1, La Luisiana<\/li>\n<li><strong>17 de outubro, 20:00.<\/strong> Perico El Pa\u00f1ero, cantaor. Pe\u00f1a Flamenca Villanove\u00f1a, Villanueva de San Juan<\/li>\n<li><strong>18 de outubro, 14:30.<\/strong> Jes\u00fas Corbacho, cantaor. Pe\u00f1a Flamenca Miguel Acal, Bormujos<\/li>\n<li><strong>23 de outubro, 21:30.<\/strong> Juan de Mairena, cantaor. Casa del Arte Antonio Mairena, Mairena del Alcor<\/li>\n<li><strong>24 de outubro, 15:00.<\/strong> Amparo \u00abLa Repompilla\u00bb, cantaora. Pe\u00f1a Flamenca La Ton\u00e1<\/li>\n<li><strong>24 de outubro, 20:00.<\/strong> Manuel Pajares, cantaor. Pe\u00f1a Flamenca Torremocha, Albaida del Aljarafe<\/li>\n<li><strong>24 de outubro, 13:30.<\/strong> Marta La Ni\u00f1a, cantaora. Pe\u00f1a Flamenca La Encina, El Castillo de las Guardas<\/li>\n<li><strong>24 de outubro, 23:00.<\/strong> Mar\u00eda Jes\u00fas Bernal, cantaora. Tertulia Flamenca El Pozo de las Penas, Los Palacios y Villafranca<\/li>\n<li><strong>24 de outubro, 16:30.<\/strong> Joselete de Linares, cantaor. Pe\u00f1a Flamenca El Despertar, Fuentes de Andaluc\u00eda<\/li>\n<li><strong>24 de outubro, 15:00.<\/strong> Malena Carrasco, cantaora. Pe\u00f1a Flamenca La Fragua, Sevilha<\/li>\n<li><strong>25 de outubro, 17:00.<\/strong> Elena de Mor\u00f3n, cantaora. Pe\u00f1a Flamenca Puertas Abiertas, La Algaba<\/li>\n<li><strong>25 de outubro, 13:30.<\/strong> Marta Aguilar, cantaora. Pe\u00f1a Flamenca El B\u00facaro, San Jos\u00e9 de la Rinconada<\/li>\n<li><strong>29 de outubro, 21:30.<\/strong> Fernando Caballo, cantaor. Pe\u00f1a Flamenca Torres Macarena, Sevilha<\/li>\n<li><strong>30 de outubro, 19:00.<\/strong> Luis Malena, cantaor. Pe\u00f1a Flamenca Pol\u00edgono Sur, Sevilha<\/li>\n<li><strong>31 de outubro, 13:00.<\/strong> Silvia Reina, cantaora. Pe\u00f1a Flamenca La Solera, Villanueva del Ariscal<\/li>\n<\/ul>\n<\/div><\/div><\/div><\/div><\/div><\/div><\/div><\/section><section class=\"l-section wpb_row height_huge\"><div class=\"l-section-h i-cf\"><div class=\"g-cols vc_row via_flex valign_top type_default stacking_default\"><div class=\"vc_col-sm-6 wpb_column vc_column_container\"><div class=\"vc_column-inner\"><div class=\"wpb_wrapper\"><div class=\"wpb_text_column\"><div class=\"wpb_wrapper\"><h2>Importante: o encerramento aparece com duas datas<\/h2>\n<p>A informa\u00e7\u00e3o geral indica que o circuito de Sevilha se prolonga at\u00e9 <strong>30 de outubro<\/strong>. No entanto, o calend\u00e1rio detalhado da Agenda Cultural da Andaluzia inclui um \u00faltimo encontro a <strong>31 de outubro<\/strong>: Silvia Reina na Pe\u00f1a Flamenca La Solera, de Villanueva del Ariscal.<\/p>\n<p>Por precau\u00e7\u00e3o, este guia inclui a atua\u00e7\u00e3o do dia 31. A pr\u00f3pria agenda avisa que a programa\u00e7\u00e3o est\u00e1 sujeita a altera\u00e7\u00f5es.<\/p>\n<\/div><\/div><\/div><\/div><\/div><div class=\"vc_col-sm-6 wpb_column vc_column_container\"><div class=\"vc_column-inner\"><div class=\"wpb_wrapper\"><div class=\"wpb_text_column\"><div class=\"wpb_wrapper\"><h2 id=\"capital\">Recitais na cidade de Sevilha<\/h2>\n<p>A cidade concentra encontros em Cantes al Aire, El Carbonerillo, La Jumoza 3, Sentir Flamenco na Universidade Pablo de Olavide, Tertulia Calixto S\u00e1nchez Mar\u00edn, La Polea, Sevilla Este, Aires Flamencos, La Fragua, Torres Macarena e Pol\u00edgono Sur.<\/p>\n<p>Entre os nomes anunciados encontram-se Fernanda Pe\u00f1a, Angelita Montoya, Pura de Pura, Anabel Valencia, Armando Mateos, Luis Perdiguero, Macarena de Jerez, Manuela Cordero, Malena Carrasco, Fernando Caballo e Luis Malena.<\/p>\n<\/div><\/div><\/div><\/div><\/div><\/div><\/div><\/section><section class=\"l-section wpb_row height_huge\"><div class=\"l-section-h i-cf\"><div class=\"g-cols vc_row via_flex valign_middle type_default stacking_default\"><div class=\"vc_col-sm-6 wpb_column vc_column_container\"><div class=\"vc_column-inner\"><div class=\"wpb_wrapper\"><div class=\"wpb_text_column\"><div class=\"wpb_wrapper\"><h2 id=\"artistas\">Cante, dan\u00e7a e guitarra: o que oferece o cartaz<\/h2>\n<p>O <strong>cante domina claramente a programa\u00e7\u00e3o<\/strong>. Essa escolha corresponde ao formato hist\u00f3rico do recital de pe\u00f1a: uma voz protagonista, guitarra de acompanhamento e um p\u00fablico pr\u00f3ximo, atento aos estilos e \u00e0 personalidade do int\u00e9rprete.<\/p>\n<p>Artistas de carreira reconhecida \u2014como Alfredo Tejada, Luis Moneo, Jeromo Segura, El Potito, Macarena de Jerez, Anabel Valencia ou La Repompilla\u2014 convivem com vozes que continuam a construir o seu percurso profissional.<\/p>\n<p>A dan\u00e7a surge com <strong>Manuel Bellido<\/strong>, em \u00c9cija, e <strong>Mar\u00eda T\u00e1vora<\/strong>, em Paradas. O \u00fanico recital anunciado especificamente como guitarra \u00e9 o de <strong>Tino Van der Sman<\/strong>, em Alcal\u00e1 de Guada\u00edra.<\/p>\n<\/div><\/div><\/div><\/div><\/div><div class=\"vc_col-sm-6 wpb_column vc_column_container\"><div class=\"vc_column-inner\"><div class=\"wpb_wrapper\"><div class=\"wpb_text_column\"><div class=\"wpb_wrapper\"><h2>Como escolher um encontro<\/h2>\n<ul>\n<li><strong>Se procura cante:<\/strong> quase todos os fins de semana oferecem v\u00e1rias op\u00e7\u00f5es.<\/li>\n<li><strong>Se prefere dan\u00e7a:<\/strong> anote 11 de setembro em \u00c9cija ou dia 26 em Paradas.<\/li>\n<li><strong>Se lhe interessa a guitarra:<\/strong> o encontro espec\u00edfico de guitarra \u00e9 a 18 de setembro em Alcal\u00e1.<\/li>\n<li><strong>Se est\u00e1 na cidade de Sevilha:<\/strong> outubro concentra numerosas atua\u00e7\u00f5es na cidade.<\/li>\n<li><strong>Se procura ambiente local:<\/strong> escolha um munic\u00edpio, confirme a morada e chegue com anteced\u00eancia.<\/li>\n<\/ul>\n<p>Para comparar formatos, consulte tamb\u00e9m o nosso guia sobre <a href=\"https:\/\/www.tablaosflamencos.com\/donde-ver-flamenco-autentico-sevilla.html\"><strong>onde ver flamenco aut\u00eantico em Sevilha<\/strong><\/a>.<\/p>\n<\/div><\/div><\/div><\/div><\/div><\/div><\/div><\/section><section class=\"l-section wpb_row height_huge color_alternate with_shape\"><div class=\"l-section-shape type_zigzag pos_top hor_flip\" style=\"height:3vmin;\"><svg xmlns=\"http:\/\/www.w3.org\/2000\/svg\" viewBox=\"0 0 64 8\" preserveAspectRatio=\"none\" width=\"100%\" height=\"100%\">\r\n\t<path fill=\"currentColor\" d=\"M64 8 L0 8 L0 0 L20 7.9 L40 3 L48 5 L64 0 Z\"\/>\r\n<\/svg><\/div><div class=\"l-section-shape type_zigzag pos_bottom\" style=\"height:3vmin;\"><svg xmlns=\"http:\/\/www.w3.org\/2000\/svg\" viewBox=\"0 0 64 8\" preserveAspectRatio=\"none\" width=\"100%\" height=\"100%\">\r\n\t<path fill=\"currentColor\" d=\"M64 8 L0 8 L0 0 L20 7.9 L40 3 L48 5 L64 0 Z\"\/>\r\n<\/svg><\/div><div class=\"l-section-h i-cf\"><div class=\"g-cols vc_row via_flex valign_middle type_default stacking_default\"><div class=\"vc_col-sm-6 wpb_column vc_column_container\"><div class=\"vc_column-inner\"><div class=\"wpb_wrapper\"><div class=\"wpb_text_column\"><div class=\"wpb_wrapper\"><h2 id=\"persecucion\">A homenagem a <em>Persecuci\u00f3n<\/em> e El Lebrijano<\/h2>\n<p>A programa\u00e7\u00e3o de Sevilha \u00e9 dedicada ao cinquenten\u00e1rio de <em>Persecuci\u00f3n<\/em>, publicado por Juan Pe\u00f1a \u00abEl Lebrijano\u00bb em 1976. Concebido com textos de F\u00e9lix Grande, o \u00e1lbum levou ao disco uma narrativa sobre a persegui\u00e7\u00e3o hist\u00f3rica do povo cigano e abriu um territ\u00f3rio expressivo pouco habitual ent\u00e3o no flamenco gravado.<\/p>\n<p>A homenagem tem tamb\u00e9m uma dimens\u00e3o territorial: El Lebrijano nasceu em Lebrija e pertenceu a uma linhagem art\u00edstica essencial para o flamenco de Sevilha. Recordar a sua obra atrav\u00e9s de uma rede de pe\u00f1as liga a mem\u00f3ria discogr\u00e1fica aos espa\u00e7os onde o cante \u00e9 ouvido, debatido e transmitido.<\/p>\n<\/div><\/div><\/div><\/div><\/div><div class=\"vc_col-sm-6 wpb_column vc_column_container\"><div class=\"vc_column-inner\"><div class=\"wpb_wrapper\"><div class=\"wpb_text_column\"><div class=\"wpb_wrapper\"><h2>Uma celebra\u00e7\u00e3o virada para o presente<\/h2>\n<p>A dedicat\u00f3ria n\u00e3o transforma o circuito numa repeti\u00e7\u00e3o do repert\u00f3rio de El Lebrijano. Funciona como fio condutor de uma agenda diversa, formada por artistas atuais e distribu\u00edda por toda a prov\u00edncia.<\/p>\n<p>Para ampliar a vis\u00e3o do programa, consulte o nosso guia geral do <a href=\"https:\/\/www.tablaosflamencos.com\/circuito-andaluz-penas-flamencas-2026.html\"><strong>Circuito Andaluz de Pe\u00f1as 2026<\/strong><\/a>. A\u00ed encontram-se os n\u00fameros das oito prov\u00edncias. Esta p\u00e1gina centra-se exclusivamente em Sevilha e no seu calend\u00e1rio detalhado.<\/p>\n<\/div><\/div><\/div><\/div><\/div><\/div><\/div><\/section><section class=\"l-section wpb_row height_huge\"><div class=\"l-section-h i-cf\"><div class=\"g-cols vc_row via_flex valign_middle type_default stacking_default\"><div class=\"vc_col-sm-6 wpb_column vc_column_container\"><div class=\"vc_column-inner\"><div class=\"wpb_wrapper\"><div class=\"wpb_text_column\"><div class=\"wpb_wrapper\"><h2 id=\"acceso\">Os recitais s\u00e3o realmente gratuitos?<\/h2>\n<p>Sim. A Agenda Cultural da Andaluzia indica que a <strong>entrada \u00e9 gratuita at\u00e9 esgotar a lota\u00e7\u00e3o<\/strong>. N\u00e3o \u00e9 necess\u00e1rio comprar bilhete, mas a gratuitidade n\u00e3o garante o acesso se a sala encher.<\/p>\n<p>Cada pe\u00f1a pode organizar a rece\u00e7\u00e3o de forma diferente. Algumas admitem por ordem de chegada; outras podem utilizar convites, confirma\u00e7\u00f5es ou dar prioridade organizativa aos seus s\u00f3cios. Se a ficha n\u00e3o explicar o procedimento, o mais seguro \u00e9 contactar a entidade.<\/p>\n<\/div><\/div><\/div><\/div><\/div><div class=\"vc_col-sm-6 wpb_column vc_column_container\"><div class=\"vc_column-inner\"><div class=\"wpb_wrapper\"><div class=\"wpb_text_column\"><div class=\"wpb_wrapper\"><h2>Conselhos para n\u00e3o ficar de fora<\/h2>\n<ul>\n<li>Confirme a data, a hora e a morada no pr\u00f3prio dia.<\/li>\n<li>Chegue com anteced\u00eancia, especialmente ao fim de semana.<\/li>\n<li>Pergunte se \u00e9 necess\u00e1rio convite ou confirma\u00e7\u00e3o pr\u00e9via.<\/li>\n<li>N\u00e3o confunda o nome da pe\u00f1a com o munic\u00edpio.<\/li>\n<li>Tenha em conta poss\u00edveis locais alternativos.<\/li>\n<li>Respeite o sil\u00eancio durante o cante e evite entrar ou sair a meio de uma pe\u00e7a.<\/li>\n<\/ul>\n<\/div><\/div><\/div><\/div><\/div><\/div><\/div><\/section><section class=\"l-section wpb_row height_huge color_alternate with_shape\"><div class=\"l-section-shape type_zigzag pos_top hor_flip\" style=\"height:3vmin;\"><svg xmlns=\"http:\/\/www.w3.org\/2000\/svg\" viewBox=\"0 0 64 8\" preserveAspectRatio=\"none\" width=\"100%\" height=\"100%\">\r\n\t<path fill=\"currentColor\" d=\"M64 8 L0 8 L0 0 L20 7.9 L40 3 L48 5 L64 0 Z\"\/>\r\n<\/svg><\/div><div class=\"l-section-shape type_zigzag pos_bottom\" style=\"height:3vmin;\"><svg xmlns=\"http:\/\/www.w3.org\/2000\/svg\" viewBox=\"0 0 64 8\" preserveAspectRatio=\"none\" width=\"100%\" height=\"100%\">\r\n\t<path fill=\"currentColor\" d=\"M64 8 L0 8 L0 0 L20 7.9 L40 3 L48 5 L64 0 Z\"\/>\r\n<\/svg><\/div><div class=\"l-section-h i-cf\"><div class=\"g-cols vc_row via_flex valign_middle type_default stacking_default\"><div class=\"vc_col-sm-6 wpb_column vc_column_container\"><div class=\"vc_column-inner\"><div class=\"wpb_wrapper\"><div class=\"wpb_text_column\"><div class=\"wpb_wrapper\"><h2 id=\"ruta\">Como organizar uma rota flamenca por Sevilha<\/h2>\n<p>No Aljarafe encontram-se Gelves, Tomares, Bormujos, Olivares, Espartinas, Sanl\u00facar la Mayor, Villanueva del Ariscal e Albaida. A Campi\u00f1a oferece encontros em \u00c9cija, Arahal, Paradas, Fuentes de Andaluc\u00eda e La Luisiana. Na \u00e1rea metropolitana destacam-se Alcal\u00e1 de Guada\u00edra, Dos Hermanas, La Algaba, Mairena del Aljarafe e San Jos\u00e9 de la Rinconada.<\/p>\n<p>Antes de combinar duas atua\u00e7\u00f5es no mesmo dia, verifique dist\u00e2ncias e hor\u00e1rios. O acesso, o estacionamento e a dura\u00e7\u00e3o n\u00e3o s\u00e3o id\u00eanticos em todos os locais.<\/p>\n<\/div><\/div><\/div><\/div><\/div><div class=\"vc_col-sm-6 wpb_column vc_column_container\"><div class=\"vc_column-inner\"><div class=\"wpb_wrapper\"><div class=\"wpb_text_column\"><div class=\"wpb_wrapper\"><h2>Pe\u00f1a e tablao: experi\u00eancias complementares<\/h2>\n<p>O circuito oferece atua\u00e7\u00f5es pontuais em associa\u00e7\u00f5es culturais e permite aproximar-se do flamenco atrav\u00e9s da vida local. Um tablao mant\u00e9m uma programa\u00e7\u00e3o regular, permite reservar com anteced\u00eancia e \u00e9 mais simples de integrar numa viagem com datas definidas.<\/p>\n<p>Se o recital n\u00e3o coincidir com a sua estadia ou a lota\u00e7\u00e3o estiver esgotada, consulte os <a href=\"\/flamenco-sevilla\"><strong>espet\u00e1culos de flamenco em Sevilha<\/strong><\/a>. Uma pe\u00f1a permite viver um encontro singular e um tablao garantir um espet\u00e1culo dentro do itiner\u00e1rio.<\/p>\n<\/div><\/div><\/div><\/div><\/div><\/div><\/div><\/section><section class=\"l-section wpb_row height_huge\"><div class=\"l-section-h i-cf\"><div class=\"g-cols vc_row via_flex valign_middle type_default stacking_default\"><div class=\"vc_col-sm-6 wpb_column vc_column_container\"><div class=\"vc_column-inner\"><div class=\"wpb_wrapper\"><div class=\"wpb_text_column\"><div class=\"wpb_wrapper\"><h2 id=\"fuentes\">Onde confirmar artistas, hor\u00e1rios e altera\u00e7\u00f5es<\/h2>\n<p>A principal refer\u00eancia \u00e9 a <strong>Agenda Cultural da Andaluzia<\/strong>. Re\u00fane os recitais anunciados e avisa que podem ocorrer altera\u00e7\u00f5es. Tamb\u00e9m conv\u00e9m consultar os canais da pe\u00f1a anfitri\u00e3 ou da Federa\u00e7\u00e3o Provincial de Sevilha de Entidades Flamencas.<\/p>\n<\/div><\/div><div class=\"w-separator size_medium\"><\/div><div class=\"w-hwrapper valign_top align_center\" style=\"--hwrapper-gap:1.2rem\"><div class=\"w-btn-wrapper align_center\"><a class=\"w-btn us-btn-style_1 icon_atleft\" href=\"https:\/\/www.juntadeandalucia.es\/cultura\/agendaculturaldeandalucia\/evento\/circuito-andaluz-de-penas-2026-provincia-de-sevilla\"><i class=\"fas fa-calendar-alt\"><\/i><span class=\"w-btn-label\">Consultar a agenda oficial de Sevilha<\/span><\/a><\/div><\/div><\/div><\/div><\/div><div class=\"vc_col-sm-6 wpb_column vc_column_container\"><div class=\"vc_column-inner\"><div class=\"wpb_wrapper\"><div class=\"wpb_text_column\"><div class=\"wpb_wrapper\"><h2>Quem organiza o circuito<\/h2>\n<p>A programa\u00e7\u00e3o desenvolve-se atrav\u00e9s da colabora\u00e7\u00e3o da <strong>Ag\u00eancia Andaluza de Institui\u00e7\u00f5es Culturais e do Instituto Andaluz do Flamenco<\/strong> com a Federa\u00e7\u00e3o Provincial de Sevilha de Entidades Flamencas.<\/p>\n<p>Na Andaluzia, a edi\u00e7\u00e3o de 2026 soma 225 atua\u00e7\u00f5es e um m\u00ednimo de 470 artistas. O programa parte de uma convocat\u00f3ria p\u00fablica e recorre \u00e0s federa\u00e7\u00f5es provinciais para configurar cartazes adaptados \u00e0s suas redes de pe\u00f1as e munic\u00edpios.<\/p>\n<\/div><\/div><\/div><\/div><\/div><\/div><\/div><\/section><section class=\"l-section wpb_row height_huge color_alternate with_shape\"><div class=\"l-section-shape type_zigzag pos_top hor_flip\" style=\"height:3vmin;\"><svg xmlns=\"http:\/\/www.w3.org\/2000\/svg\" viewBox=\"0 0 64 8\" preserveAspectRatio=\"none\" width=\"100%\" height=\"100%\">\r\n\t<path fill=\"currentColor\" d=\"M64 8 L0 8 L0 0 L20 7.9 L40 3 L48 5 L64 0 Z\"\/>\r\n<\/svg><\/div><div class=\"l-section-h i-cf\"><div class=\"g-cols vc_row via_flex valign_middle type_default stacking_default\"><div class=\"vc_col-sm-1\/5 wpb_column vc_column_container\"><div class=\"vc_column-inner\"><div class=\"wpb_wrapper\"><\/div><\/div><\/div><div class=\"vc_col-sm-3\/5 wpb_column vc_column_container\"><div class=\"vc_column-inner\"><div class=\"wpb_wrapper\"><div class=\"wpb_text_column\"><div class=\"wpb_wrapper\"><h2 id=\"faq\">Perguntas frequentes sobre o Circuito Andaluz de Pe\u00f1as em Sevilha 2026<\/h2>\n<\/div><\/div><div class=\"w-separator size_medium\"><\/div><div class=\"w-tabs accordion toggle_style_1 has_scrolling\" style=\"--sections-title-size:inherit;--sections-gap:0.5rem;\"><div class=\"w-tabs-sections titles-align_none icon_chevron cpos_right\"><div class=\"w-tabs-section\" id=\"qf25\"><button type=\"button\" class=\"w-tabs-section-header\" aria-controls=\"content-qf25\" aria-expanded=\"false\"><div class=\"w-tabs-section-title\">Quantas atua\u00e7\u00f5es h\u00e1 em Sevilha?<\/div><div class=\"w-tabs-section-control\"><\/div><\/button><div  class=\"w-tabs-section-content\" id=\"content-qf25\"><div class=\"w-tabs-section-content-h i-cf\"><div class=\"wpb_text_column\"><div class=\"wpb_wrapper\"><p>A programa\u00e7\u00e3o anuncia <strong>56 atua\u00e7\u00f5es em 41 localidades<\/strong>: 53 de cante, duas de dan\u00e7a e uma de guitarra.<\/p>\n<\/div><\/div><\/div><\/div><\/div><div class=\"w-tabs-section\" id=\"m03a\"><button type=\"button\" class=\"w-tabs-section-header\" aria-controls=\"content-m03a\" aria-expanded=\"false\"><div class=\"w-tabs-section-title\">Quando se realiza o circuito?<\/div><div class=\"w-tabs-section-control\"><\/div><\/button><div  class=\"w-tabs-section-content\" id=\"content-m03a\"><div class=\"w-tabs-section-content-h i-cf\"><div class=\"wpb_text_column\"><div class=\"wpb_wrapper\"><p>O ciclo come\u00e7ou a 6 de junho. O calend\u00e1rio detalhado dispon\u00edvel re\u00fane atua\u00e7\u00f5es de 2 de setembro a 31 de outubro de 2026.<\/p>\n<\/div><\/div><\/div><\/div><\/div><div class=\"w-tabs-section\" id=\"e124\"><button type=\"button\" class=\"w-tabs-section-header\" aria-controls=\"content-e124\" aria-expanded=\"false\"><div class=\"w-tabs-section-title\">A entrada \u00e9 gratuita?<\/div><div class=\"w-tabs-section-control\"><\/div><\/button><div  class=\"w-tabs-section-content\" id=\"content-e124\"><div class=\"w-tabs-section-content-h i-cf\"><div class=\"wpb_text_column\"><div class=\"wpb_wrapper\"><p>Sim. Todos os recitais s\u00e3o anunciados com <strong>entrada gratuita at\u00e9 esgotar a lota\u00e7\u00e3o<\/strong>. Dependendo da pe\u00f1a, pode existir um sistema de convites ou confirma\u00e7\u00e3o.<\/p>\n<\/div><\/div><\/div><\/div><\/div><div class=\"w-tabs-section\" id=\"a206\"><button type=\"button\" class=\"w-tabs-section-header\" aria-controls=\"content-a206\" aria-expanded=\"false\"><div class=\"w-tabs-section-title\">\u00c9 preciso ser s\u00f3cio da pe\u00f1a?<\/div><div class=\"w-tabs-section-control\"><\/div><\/button><div  class=\"w-tabs-section-content\" id=\"content-a206\"><div class=\"w-tabs-section-content-h i-cf\"><div class=\"wpb_text_column\"><div class=\"wpb_wrapper\"><p>A comunica\u00e7\u00e3o oficial apresenta as atua\u00e7\u00f5es como gratuitas at\u00e9 esgotar a lota\u00e7\u00e3o. Consulte a pe\u00f1a em quest\u00e3o para saber como \u00e9 organizado o acesso.<\/p>\n<\/div><\/div><\/div><\/div><\/div><div class=\"w-tabs-section\" id=\"u2d1\"><button type=\"button\" class=\"w-tabs-section-header\" aria-controls=\"content-u2d1\" aria-expanded=\"false\"><div class=\"w-tabs-section-title\">Que atua\u00e7\u00f5es de dan\u00e7a est\u00e3o previstas?<\/div><div class=\"w-tabs-section-control\"><\/div><\/button><div  class=\"w-tabs-section-content\" id=\"content-u2d1\"><div class=\"w-tabs-section-content-h i-cf\"><div class=\"wpb_text_column\"><div class=\"wpb_wrapper\"><p>Manuel Bellido atua a 11 de setembro em \u00c9cija e Mar\u00eda T\u00e1vora a 26 de setembro em Paradas.<\/p>\n<\/div><\/div><\/div><\/div><\/div><div class=\"w-tabs-section\" id=\"w3a5\"><button type=\"button\" class=\"w-tabs-section-header\" aria-controls=\"content-w3a5\" aria-expanded=\"false\"><div class=\"w-tabs-section-title\">Onde se realiza o recital de guitarra?<\/div><div class=\"w-tabs-section-control\"><\/div><\/button><div  class=\"w-tabs-section-content\" id=\"content-w3a5\"><div class=\"w-tabs-section-content-h i-cf\"><div class=\"wpb_text_column\"><div class=\"wpb_wrapper\"><p>Tino Van der Sman atua a 18 de setembro na Pe\u00f1a Flamenca La Sole\u00e1, em Alcal\u00e1 de Guada\u00edra.<\/p>\n<\/div><\/div><\/div><\/div><\/div><div class=\"w-tabs-section\" id=\"s47e\"><button type=\"button\" class=\"w-tabs-section-header\" aria-controls=\"content-s47e\" aria-expanded=\"false\"><div class=\"w-tabs-section-title\">O calend\u00e1rio pode sofrer altera\u00e7\u00f5es?<\/div><div class=\"w-tabs-section-control\"><\/div><\/button><div  class=\"w-tabs-section-content\" id=\"content-s47e\"><div class=\"w-tabs-section-content-h i-cf\"><div class=\"wpb_text_column\"><div class=\"wpb_wrapper\"><p>Sim. Confirme o artista, a hora, a morada e as condi\u00e7\u00f5es de acesso antes de se deslocar.<\/p>\n<\/div><\/div><\/div><\/div><\/div><div class=\"w-tabs-section\" id=\"c549\"><button type=\"button\" class=\"w-tabs-section-header\" aria-controls=\"content-c549\" aria-expanded=\"false\"><div class=\"w-tabs-section-title\">Onde posso consultar a programa\u00e7\u00e3o atualizada?<\/div><div class=\"w-tabs-section-control\"><\/div><\/button><div  class=\"w-tabs-section-content\" id=\"content-c549\"><div class=\"w-tabs-section-content-h i-cf\"><div class=\"wpb_text_column\"><div class=\"wpb_wrapper\"><p>Na Agenda Cultural da Andaluzia e nos canais da pe\u00f1a anfitri\u00e3 ou da federa\u00e7\u00e3o provincial.<\/p>\n<\/div><\/div><\/div><\/div><\/div><\/div><\/div><\/div><\/div><\/div><div class=\"vc_col-sm-1\/5 wpb_column vc_column_container\"><div class=\"vc_column-inner\"><div class=\"wpb_wrapper\"><\/div><\/div><\/div><\/div><\/div><\/section>\n","protected":false},"excerpt":{"rendered":"<p>O Circuito Andaluz de Pe\u00f1as em Sevilha 2026 apresenta 56 atua\u00e7\u00f5es gratuitas em 41 localidades da prov\u00edncia, entre cante, dan\u00e7a e guitarra flamenca.<\/p>\n","protected":false},"author":1,"featured_media":14729,"comment_status":"closed","ping_status":"closed","sticky":false,"template":"","format":"standard","meta":{"_acf_changed":false,"wpai_generated_summary":"","_ayudawp_aiss_exclude":false,"_ayudawp_aiss_exclude_summary":false,"_ayudawp_aiss_summary":"","_ayudawp_aiss_summary_provider":"","_ayudawp_aiss_summary_hash":"","footnotes":""},"categories":[1908],"tags":[1941,1405,1936,1188,1950],"class_list":["post-14876","post","type-post","status-publish","format-standard","has-post-thumbnail","hentry","category-associacoes-de-flamenco","tag-associacoes-de-flamenco-pt","tag-cante-flamenco-pt","tag-circuito-andaluz-de-penas-pt","tag-flamenco-en-sevilla","tag-flamenco-gratuito-pt"],"acf":[],"yoast_head":"<!-- This site is optimized with the Yoast SEO Premium plugin v28.4 (Yoast SEO v28.4) - https:\/\/yoast.com\/product\/yoast-seo-premium-wordpress\/ -->\n<title>Circuito Andaluz de Pe\u00f1as em Sevilha 2026: calend\u00e1rio e artistas | Tablaos Flamencos<\/title>\n<meta name=\"description\" content=\"Consulte o calend\u00e1rio 2026 do Circuito Andaluz de Pe\u00f1as em Sevilha: artistas, localidades, pe\u00f1as flamencas e recitais gratuitos.\" \/>\n<meta name=\"robots\" content=\"index, follow, max-snippet:-1, max-image-preview:large, max-video-preview:-1\" \/>\n<link rel=\"canonical\" href=\"https:\/\/www.tablaosflamencos.com\/pt-pt\/circuito-andaluz-penas-sevilha-2026.html\" \/>\n<meta property=\"og:locale\" content=\"pt_PT\" \/>\n<meta property=\"og:type\" content=\"article\" \/>\n<meta property=\"og:title\" content=\"Circuito Andaluz de Pe\u00f1as em Sevilha 2026: calend\u00e1rio, artistas e recitais gratuitos\" \/>\n<meta property=\"og:description\" content=\"Consulte o calend\u00e1rio 2026 do Circuito Andaluz de Pe\u00f1as em Sevilha: artistas, localidades, pe\u00f1as flamencas e recitais gratuitos.\" \/>\n<meta property=\"og:url\" content=\"https:\/\/www.tablaosflamencos.com\/pt-pt\/circuito-andaluz-penas-sevilha-2026.html\" \/>\n<meta property=\"og:site_name\" content=\"Tablaos Flamencos\" \/>\n<meta property=\"article:publisher\" content=\"https:\/\/www.facebook.com\/tablaosflamencos\" \/>\n<meta property=\"article:published_time\" content=\"2026-09-05T12:14:08+00:00\" \/>\n<meta property=\"article:modified_time\" content=\"2026-09-05T12:38:30+00:00\" \/>\n<meta property=\"og:image\" content=\"https:\/\/www.tablaosflamencos.com\/wp-content\/uploads\/circuito-andaluz-de-penas-en-sevilla-2026-calendario-artistas-y-recitales-gratuitos-01.webp\" \/>\n\t<meta property=\"og:image:width\" content=\"1536\" \/>\n\t<meta property=\"og:image:height\" content=\"1024\" \/>\n\t<meta property=\"og:image:type\" content=\"image\/webp\" \/>\n<meta name=\"author\" content=\"Miguel Ortiz\" \/>\n<meta name=\"twitter:card\" content=\"summary_large_image\" \/>\n<meta name=\"twitter:creator\" content=\"@tablaosflamenco\" \/>\n<meta name=\"twitter:site\" content=\"@tablaosflamenco\" \/>\n<meta name=\"twitter:label1\" content=\"Escrito por\" \/>\n\t<meta name=\"twitter:data1\" content=\"Miguel Ortiz\" \/>\n\t<meta name=\"twitter:label2\" content=\"Tempo estimado de leitura\" \/>\n\t<meta name=\"twitter:data2\" content=\"16 minutos\" \/>\n<script type=\"application\/ld+json\" class=\"yoast-schema-graph\">{\"@context\":\"https:\\\/\\\/schema.org\",\"@graph\":[{\"@type\":\"Article\",\"@id\":\"https:\\\/\\\/www.tablaosflamencos.com\\\/pt-pt\\\/circuito-andaluz-penas-sevilha-2026.html#article\",\"isPartOf\":{\"@id\":\"https:\\\/\\\/www.tablaosflamencos.com\\\/pt-pt\\\/circuito-andaluz-penas-sevilha-2026.html\"},\"author\":{\"name\":\"Miguel Ortiz\",\"@id\":\"https:\\\/\\\/www.tablaosflamencos.com\\\/pt-pt#\\\/schema\\\/person\\\/e7a9ebe14eb75a52ceabfbffb3c54f5d\"},\"headline\":\"Circuito Andaluz de Pe\u00f1as em Sevilha 2026: calend\u00e1rio, artistas e recitais gratuitos\",\"datePublished\":\"2026-09-05T12:14:08+00:00\",\"dateModified\":\"2026-09-05T12:38:30+00:00\",\"mainEntityOfPage\":{\"@id\":\"https:\\\/\\\/www.tablaosflamencos.com\\\/pt-pt\\\/circuito-andaluz-penas-sevilha-2026.html\"},\"wordCount\":3203,\"publisher\":{\"@id\":\"https:\\\/\\\/www.tablaosflamencos.com\\\/pt-pt#organization\"},\"image\":{\"@id\":\"https:\\\/\\\/www.tablaosflamencos.com\\\/pt-pt\\\/circuito-andaluz-penas-sevilha-2026.html#primaryimage\"},\"thumbnailUrl\":\"https:\\\/\\\/www.tablaosflamencos.com\\\/wp-content\\\/uploads\\\/circuito-andaluz-de-penas-en-sevilla-2026-calendario-artistas-y-recitales-gratuitos-01.webp\",\"keywords\":[\"associa\u00e7\u00f5es de flamenco\",\"cante flamenco\",\"Circuito Andaluz de Pe\u00f1as\",\"flamenco en Sevilla\",\"flamenco gratuito\"],\"articleSection\":[\"Associa\u00e7\u00f5es de flamenco\"],\"inLanguage\":\"pt-PT\"},{\"@type\":\"WebPage\",\"@id\":\"https:\\\/\\\/www.tablaosflamencos.com\\\/pt-pt\\\/circuito-andaluz-penas-sevilha-2026.html\",\"url\":\"https:\\\/\\\/www.tablaosflamencos.com\\\/pt-pt\\\/circuito-andaluz-penas-sevilha-2026.html\",\"name\":\"Circuito Andaluz de Pe\u00f1as em Sevilha 2026: calend\u00e1rio e artistas | Tablaos Flamencos\",\"isPartOf\":{\"@id\":\"https:\\\/\\\/www.tablaosflamencos.com\\\/pt-pt#website\"},\"primaryImageOfPage\":{\"@id\":\"https:\\\/\\\/www.tablaosflamencos.com\\\/pt-pt\\\/circuito-andaluz-penas-sevilha-2026.html#primaryimage\"},\"image\":{\"@id\":\"https:\\\/\\\/www.tablaosflamencos.com\\\/pt-pt\\\/circuito-andaluz-penas-sevilha-2026.html#primaryimage\"},\"thumbnailUrl\":\"https:\\\/\\\/www.tablaosflamencos.com\\\/wp-content\\\/uploads\\\/circuito-andaluz-de-penas-en-sevilla-2026-calendario-artistas-y-recitales-gratuitos-01.webp\",\"datePublished\":\"2026-09-05T12:14:08+00:00\",\"dateModified\":\"2026-09-05T12:38:30+00:00\",\"description\":\"Consulte o calend\u00e1rio 2026 do Circuito Andaluz de Pe\u00f1as em Sevilha: artistas, localidades, pe\u00f1as flamencas e recitais gratuitos.\",\"breadcrumb\":{\"@id\":\"https:\\\/\\\/www.tablaosflamencos.com\\\/pt-pt\\\/circuito-andaluz-penas-sevilha-2026.html#breadcrumb\"},\"inLanguage\":\"pt-PT\",\"potentialAction\":[{\"@type\":\"ReadAction\",\"target\":[\"https:\\\/\\\/www.tablaosflamencos.com\\\/pt-pt\\\/circuito-andaluz-penas-sevilha-2026.html\"]}]},{\"@type\":\"ImageObject\",\"inLanguage\":\"pt-PT\",\"@id\":\"https:\\\/\\\/www.tablaosflamencos.com\\\/pt-pt\\\/circuito-andaluz-penas-sevilha-2026.html#primaryimage\",\"url\":\"https:\\\/\\\/www.tablaosflamencos.com\\\/wp-content\\\/uploads\\\/circuito-andaluz-de-penas-en-sevilla-2026-calendario-artistas-y-recitales-gratuitos-01.webp\",\"contentUrl\":\"https:\\\/\\\/www.tablaosflamencos.com\\\/wp-content\\\/uploads\\\/circuito-andaluz-de-penas-en-sevilla-2026-calendario-artistas-y-recitales-gratuitos-01.webp\",\"width\":1536,\"height\":1024,\"caption\":\"Circuito Andaluz de Pe\u00f1as en Sevilla 2026: calendario, artistas y recitales gratuitos\"},{\"@type\":\"BreadcrumbList\",\"@id\":\"https:\\\/\\\/www.tablaosflamencos.com\\\/pt-pt\\\/circuito-andaluz-penas-sevilha-2026.html#breadcrumb\",\"itemListElement\":[{\"@type\":\"ListItem\",\"position\":1,\"name\":\"Home\",\"item\":\"https:\\\/\\\/www.tablaosflamencos.com\\\/pt-pt\"},{\"@type\":\"ListItem\",\"position\":2,\"name\":\"Circuito Andaluz de Pe\u00f1as em Sevilha 2026: calend\u00e1rio, artistas e recitais gratuitos\"}]},{\"@type\":\"WebSite\",\"@id\":\"https:\\\/\\\/www.tablaosflamencos.com\\\/pt-pt#website\",\"url\":\"https:\\\/\\\/www.tablaosflamencos.com\\\/pt-pt\",\"name\":\"Tablaos Flamencos\",\"description\":\"Entradas para tablaos flamencos de Espa\u00f1a\",\"publisher\":{\"@id\":\"https:\\\/\\\/www.tablaosflamencos.com\\\/pt-pt#organization\"},\"alternateName\":\"Tablaos Flamencos\",\"potentialAction\":[{\"@type\":\"SearchAction\",\"target\":{\"@type\":\"EntryPoint\",\"urlTemplate\":\"https:\\\/\\\/www.tablaosflamencos.com\\\/pt-pt?s={search_term_string}\"},\"query-input\":{\"@type\":\"PropertyValueSpecification\",\"valueRequired\":true,\"valueName\":\"search_term_string\"}}],\"inLanguage\":\"pt-PT\"},{\"@type\":[\"Organization\",\"Place\",\"EntertainmentBusiness\"],\"@id\":\"https:\\\/\\\/www.tablaosflamencos.com\\\/pt-pt#organization\",\"name\":\"Tablaos Flamencos\",\"alternateName\":\"Tablaos Flamencos\",\"url\":\"https:\\\/\\\/www.tablaosflamencos.com\\\/pt-pt\",\"logo\":{\"@id\":\"https:\\\/\\\/www.tablaosflamencos.com\\\/pt-pt\\\/circuito-andaluz-penas-sevilha-2026.html#local-main-organization-logo\"},\"image\":{\"@id\":\"https:\\\/\\\/www.tablaosflamencos.com\\\/pt-pt\\\/circuito-andaluz-penas-sevilha-2026.html#local-main-organization-logo\"},\"sameAs\":[\"https:\\\/\\\/www.facebook.com\\\/tablaosflamencos\",\"https:\\\/\\\/x.com\\\/tablaosflamenco\",\"https:\\\/\\\/mastodon.social\\\/@tablaosflamencos\",\"https:\\\/\\\/www.instagram.com\\\/tablaosflamencos\",\"https:\\\/\\\/tiktok.com\\\/@tablaosflamencos\",\"https:\\\/\\\/www.linkedin.com\\\/company\\\/109408238\\\/\"],\"description\":\"Venta de entradas para espect\u00e1culos flamencos\",\"legalName\":\"Tablaos Flamencos\",\"foundingDate\":\"2015-01-01\",\"numberOfEmployees\":{\"@type\":\"QuantitativeValue\",\"minValue\":\"1\",\"maxValue\":\"10\"},\"address\":{\"@id\":\"https:\\\/\\\/www.tablaosflamencos.com\\\/pt-pt\\\/circuito-andaluz-penas-sevilha-2026.html#local-main-place-address\"},\"geo\":{\"@type\":\"GeoCoordinates\",\"latitude\":\"37.3868072\",\"longitude\":\"-5.993280299999999\"},\"telephone\":[\"+34623787787\"],\"contactPoint\":{\"@type\":\"ContactPoint\",\"telephone\":\"+34623787787\",\"email\":\"info@tablaosflamencos.com\"},\"openingHoursSpecification\":{\"@type\":\"OpeningHoursSpecification\",\"dayOfWeek\":[\"Monday\",\"Tuesday\",\"Wednesday\",\"Thursday\",\"Friday\",\"Saturday\",\"Sunday\"],\"opens\":\"00:00\",\"closes\":\"23:59\"},\"email\":\"info@tablaosflamencos.com\",\"priceRange\":\"$$$\",\"currenciesAccepted\":\"\u20ac\"},{\"@type\":\"Person\",\"@id\":\"https:\\\/\\\/www.tablaosflamencos.com\\\/pt-pt#\\\/schema\\\/person\\\/e7a9ebe14eb75a52ceabfbffb3c54f5d\",\"name\":\"Miguel Ortiz\",\"description\":\"Miguel Ortiz es un empresario flamenco, con una s\u00f3lida trayectoria dentro del sector. Ha presidido entidades culturales vinculadas al flamenco y, cuenta con un amplio recorrido profesional en la gesti\u00f3n y promoci\u00f3n de espect\u00e1culos y tablaos flamencos. Su pasi\u00f3n por la historia y el arte flamenco se refleja en cada art\u00edculo, donde combina experiencia, criterio y un profundo respeto por la tradici\u00f3n.\",\"sameAs\":[\"https:\\\/\\\/www.tablaosflamencos.com\",\"https:\\\/\\\/www.instagra.com\\\/miguelortizfe\",\"https:\\\/\\\/www.linkedin.com\\\/in\\\/miguelortizf\\\/\"],\"birthDate\":\"1984-11-22\",\"gender\":\"hombre\",\"knowsLanguage\":[\"espa\u00f1ol\",\"ingl\u00e9s\"],\"jobTitle\":\"Empresario flamenco\"},{\"@type\":\"PostalAddress\",\"@id\":\"https:\\\/\\\/www.tablaosflamencos.com\\\/pt-pt\\\/circuito-andaluz-penas-sevilha-2026.html#local-main-place-address\",\"streetAddress\":\"C\\\/ Alemanes, 19\",\"addressLocality\":\"Sevilla\",\"postalCode\":\"41004\",\"addressRegion\":\"Sevilla\",\"addressCountry\":\"ES\"},{\"@type\":\"ImageObject\",\"inLanguage\":\"pt-PT\",\"@id\":\"https:\\\/\\\/www.tablaosflamencos.com\\\/pt-pt\\\/circuito-andaluz-penas-sevilha-2026.html#local-main-organization-logo\",\"url\":\"https:\\\/\\\/www.tablaosflamencos.com\\\/wp-content\\\/uploads\\\/tablaos-flamencos-06-3.webp\",\"contentUrl\":\"https:\\\/\\\/www.tablaosflamencos.com\\\/wp-content\\\/uploads\\\/tablaos-flamencos-06-3.webp\",\"width\":600,\"height\":620,\"caption\":\"Tablaos Flamencos\"}]}<\/script>\n<meta name=\"geo.placename\" content=\"Sevilla\" \/>\n<meta name=\"geo.position\" content=\"37.3868072;-5.993280299999999\" \/>\n<meta name=\"geo.region\" content=\"Espanha\" \/>\n<!-- \/ Yoast SEO Premium plugin. -->","yoast_head_json":{"title":"Circuito Andaluz de Pe\u00f1as em Sevilha 2026: calend\u00e1rio e artistas | Tablaos Flamencos","description":"Consulte o calend\u00e1rio 2026 do Circuito Andaluz de Pe\u00f1as em Sevilha: artistas, localidades, pe\u00f1as flamencas e recitais gratuitos.","robots":{"index":"index","follow":"follow","max-snippet":"max-snippet:-1","max-image-preview":"max-image-preview:large","max-video-preview":"max-video-preview:-1"},"canonical":"https:\/\/www.tablaosflamencos.com\/pt-pt\/circuito-andaluz-penas-sevilha-2026.html","og_locale":"pt_PT","og_type":"article","og_title":"Circuito Andaluz de Pe\u00f1as em Sevilha 2026: calend\u00e1rio, artistas e recitais gratuitos","og_description":"Consulte o calend\u00e1rio 2026 do Circuito Andaluz de Pe\u00f1as em Sevilha: artistas, localidades, pe\u00f1as flamencas e recitais gratuitos.","og_url":"https:\/\/www.tablaosflamencos.com\/pt-pt\/circuito-andaluz-penas-sevilha-2026.html","og_site_name":"Tablaos Flamencos","article_publisher":"https:\/\/www.facebook.com\/tablaosflamencos","article_published_time":"2026-09-05T12:14:08+00:00","article_modified_time":"2026-09-05T12:38:30+00:00","og_image":[{"width":1536,"height":1024,"url":"https:\/\/www.tablaosflamencos.com\/wp-content\/uploads\/circuito-andaluz-de-penas-en-sevilla-2026-calendario-artistas-y-recitales-gratuitos-01.webp","type":"image\/webp"}],"author":"Miguel Ortiz","twitter_card":"summary_large_image","twitter_creator":"@tablaosflamenco","twitter_site":"@tablaosflamenco","twitter_misc":{"Escrito por":"Miguel Ortiz","Tempo estimado de leitura":"16 minutos"},"schema":{"@context":"https:\/\/schema.org","@graph":[{"@type":"Article","@id":"https:\/\/www.tablaosflamencos.com\/pt-pt\/circuito-andaluz-penas-sevilha-2026.html#article","isPartOf":{"@id":"https:\/\/www.tablaosflamencos.com\/pt-pt\/circuito-andaluz-penas-sevilha-2026.html"},"author":{"name":"Miguel Ortiz","@id":"https:\/\/www.tablaosflamencos.com\/pt-pt#\/schema\/person\/e7a9ebe14eb75a52ceabfbffb3c54f5d"},"headline":"Circuito Andaluz de Pe\u00f1as em Sevilha 2026: calend\u00e1rio, artistas e recitais gratuitos","datePublished":"2026-09-05T12:14:08+00:00","dateModified":"2026-09-05T12:38:30+00:00","mainEntityOfPage":{"@id":"https:\/\/www.tablaosflamencos.com\/pt-pt\/circuito-andaluz-penas-sevilha-2026.html"},"wordCount":3203,"publisher":{"@id":"https:\/\/www.tablaosflamencos.com\/pt-pt#organization"},"image":{"@id":"https:\/\/www.tablaosflamencos.com\/pt-pt\/circuito-andaluz-penas-sevilha-2026.html#primaryimage"},"thumbnailUrl":"https:\/\/www.tablaosflamencos.com\/wp-content\/uploads\/circuito-andaluz-de-penas-en-sevilla-2026-calendario-artistas-y-recitales-gratuitos-01.webp","keywords":["associa\u00e7\u00f5es de flamenco","cante flamenco","Circuito Andaluz de Pe\u00f1as","flamenco en Sevilla","flamenco gratuito"],"articleSection":["Associa\u00e7\u00f5es de flamenco"],"inLanguage":"pt-PT"},{"@type":"WebPage","@id":"https:\/\/www.tablaosflamencos.com\/pt-pt\/circuito-andaluz-penas-sevilha-2026.html","url":"https:\/\/www.tablaosflamencos.com\/pt-pt\/circuito-andaluz-penas-sevilha-2026.html","name":"Circuito Andaluz de Pe\u00f1as em Sevilha 2026: calend\u00e1rio e artistas | Tablaos Flamencos","isPartOf":{"@id":"https:\/\/www.tablaosflamencos.com\/pt-pt#website"},"primaryImageOfPage":{"@id":"https:\/\/www.tablaosflamencos.com\/pt-pt\/circuito-andaluz-penas-sevilha-2026.html#primaryimage"},"image":{"@id":"https:\/\/www.tablaosflamencos.com\/pt-pt\/circuito-andaluz-penas-sevilha-2026.html#primaryimage"},"thumbnailUrl":"https:\/\/www.tablaosflamencos.com\/wp-content\/uploads\/circuito-andaluz-de-penas-en-sevilla-2026-calendario-artistas-y-recitales-gratuitos-01.webp","datePublished":"2026-09-05T12:14:08+00:00","dateModified":"2026-09-05T12:38:30+00:00","description":"Consulte o calend\u00e1rio 2026 do Circuito Andaluz de Pe\u00f1as em Sevilha: artistas, localidades, pe\u00f1as flamencas e recitais gratuitos.","breadcrumb":{"@id":"https:\/\/www.tablaosflamencos.com\/pt-pt\/circuito-andaluz-penas-sevilha-2026.html#breadcrumb"},"inLanguage":"pt-PT","potentialAction":[{"@type":"ReadAction","target":["https:\/\/www.tablaosflamencos.com\/pt-pt\/circuito-andaluz-penas-sevilha-2026.html"]}]},{"@type":"ImageObject","inLanguage":"pt-PT","@id":"https:\/\/www.tablaosflamencos.com\/pt-pt\/circuito-andaluz-penas-sevilha-2026.html#primaryimage","url":"https:\/\/www.tablaosflamencos.com\/wp-content\/uploads\/circuito-andaluz-de-penas-en-sevilla-2026-calendario-artistas-y-recitales-gratuitos-01.webp","contentUrl":"https:\/\/www.tablaosflamencos.com\/wp-content\/uploads\/circuito-andaluz-de-penas-en-sevilla-2026-calendario-artistas-y-recitales-gratuitos-01.webp","width":1536,"height":1024,"caption":"Circuito Andaluz de Pe\u00f1as en Sevilla 2026: calendario, artistas y recitales gratuitos"},{"@type":"BreadcrumbList","@id":"https:\/\/www.tablaosflamencos.com\/pt-pt\/circuito-andaluz-penas-sevilha-2026.html#breadcrumb","itemListElement":[{"@type":"ListItem","position":1,"name":"Home","item":"https:\/\/www.tablaosflamencos.com\/pt-pt"},{"@type":"ListItem","position":2,"name":"Circuito Andaluz de Pe\u00f1as em Sevilha 2026: calend\u00e1rio, artistas e recitais gratuitos"}]},{"@type":"WebSite","@id":"https:\/\/www.tablaosflamencos.com\/pt-pt#website","url":"https:\/\/www.tablaosflamencos.com\/pt-pt","name":"Tablaos Flamencos","description":"Entradas para tablaos flamencos de Espa\u00f1a","publisher":{"@id":"https:\/\/www.tablaosflamencos.com\/pt-pt#organization"},"alternateName":"Tablaos Flamencos","potentialAction":[{"@type":"SearchAction","target":{"@type":"EntryPoint","urlTemplate":"https:\/\/www.tablaosflamencos.com\/pt-pt?s={search_term_string}"},"query-input":{"@type":"PropertyValueSpecification","valueRequired":true,"valueName":"search_term_string"}}],"inLanguage":"pt-PT"},{"@type":["Organization","Place","EntertainmentBusiness"],"@id":"https:\/\/www.tablaosflamencos.com\/pt-pt#organization","name":"Tablaos Flamencos","alternateName":"Tablaos Flamencos","url":"https:\/\/www.tablaosflamencos.com\/pt-pt","logo":{"@id":"https:\/\/www.tablaosflamencos.com\/pt-pt\/circuito-andaluz-penas-sevilha-2026.html#local-main-organization-logo"},"image":{"@id":"https:\/\/www.tablaosflamencos.com\/pt-pt\/circuito-andaluz-penas-sevilha-2026.html#local-main-organization-logo"},"sameAs":["https:\/\/www.facebook.com\/tablaosflamencos","https:\/\/x.com\/tablaosflamenco","https:\/\/mastodon.social\/@tablaosflamencos","https:\/\/www.instagram.com\/tablaosflamencos","https:\/\/tiktok.com\/@tablaosflamencos","https:\/\/www.linkedin.com\/company\/109408238\/"],"description":"Venta de entradas para espect\u00e1culos flamencos","legalName":"Tablaos Flamencos","foundingDate":"2015-01-01","numberOfEmployees":{"@type":"QuantitativeValue","minValue":"1","maxValue":"10"},"address":{"@id":"https:\/\/www.tablaosflamencos.com\/pt-pt\/circuito-andaluz-penas-sevilha-2026.html#local-main-place-address"},"geo":{"@type":"GeoCoordinates","latitude":"37.3868072","longitude":"-5.993280299999999"},"telephone":["+34623787787"],"contactPoint":{"@type":"ContactPoint","telephone":"+34623787787","email":"info@tablaosflamencos.com"},"openingHoursSpecification":{"@type":"OpeningHoursSpecification","dayOfWeek":["Monday","Tuesday","Wednesday","Thursday","Friday","Saturday","Sunday"],"opens":"00:00","closes":"23:59"},"email":"info@tablaosflamencos.com","priceRange":"$$$","currenciesAccepted":"\u20ac"},{"@type":"Person","@id":"https:\/\/www.tablaosflamencos.com\/pt-pt#\/schema\/person\/e7a9ebe14eb75a52ceabfbffb3c54f5d","name":"Miguel Ortiz","description":"Miguel Ortiz es un empresario flamenco, con una s\u00f3lida trayectoria dentro del sector. Ha presidido entidades culturales vinculadas al flamenco y, cuenta con un amplio recorrido profesional en la gesti\u00f3n y promoci\u00f3n de espect\u00e1culos y tablaos flamencos. Su pasi\u00f3n por la historia y el arte flamenco se refleja en cada art\u00edculo, donde combina experiencia, criterio y un profundo respeto por la tradici\u00f3n.","sameAs":["https:\/\/www.tablaosflamencos.com","https:\/\/www.instagra.com\/miguelortizfe","https:\/\/www.linkedin.com\/in\/miguelortizf\/"],"birthDate":"1984-11-22","gender":"hombre","knowsLanguage":["espa\u00f1ol","ingl\u00e9s"],"jobTitle":"Empresario flamenco"},{"@type":"PostalAddress","@id":"https:\/\/www.tablaosflamencos.com\/pt-pt\/circuito-andaluz-penas-sevilha-2026.html#local-main-place-address","streetAddress":"C\/ Alemanes, 19","addressLocality":"Sevilla","postalCode":"41004","addressRegion":"Sevilla","addressCountry":"ES"},{"@type":"ImageObject","inLanguage":"pt-PT","@id":"https:\/\/www.tablaosflamencos.com\/pt-pt\/circuito-andaluz-penas-sevilha-2026.html#local-main-organization-logo","url":"https:\/\/www.tablaosflamencos.com\/wp-content\/uploads\/tablaos-flamencos-06-3.webp","contentUrl":"https:\/\/www.tablaosflamencos.com\/wp-content\/uploads\/tablaos-flamencos-06-3.webp","width":600,"height":620,"caption":"Tablaos Flamencos"}]},"geo.placename":"Sevilla","geo.position":{"lat":"37.3868072","long":"-5.993280299999999"},"geo.region":"Espanha"},"_links":{"self":[{"href":"https:\/\/www.tablaosflamencos.com\/pt-pt\/wp-json\/wp\/v2\/posts\/14876","targetHints":{"allow":["GET"]}}],"collection":[{"href":"https:\/\/www.tablaosflamencos.com\/pt-pt\/wp-json\/wp\/v2\/posts"}],"about":[{"href":"https:\/\/www.tablaosflamencos.com\/pt-pt\/wp-json\/wp\/v2\/types\/post"}],"author":[{"embeddable":true,"href":"https:\/\/www.tablaosflamencos.com\/pt-pt\/wp-json\/wp\/v2\/users\/1"}],"replies":[{"embeddable":true,"href":"https:\/\/www.tablaosflamencos.com\/pt-pt\/wp-json\/wp\/v2\/comments?post=14876"}],"version-history":[{"count":1,"href":"https:\/\/www.tablaosflamencos.com\/pt-pt\/wp-json\/wp\/v2\/posts\/14876\/revisions"}],"predecessor-version":[{"id":14877,"href":"https:\/\/www.tablaosflamencos.com\/pt-pt\/wp-json\/wp\/v2\/posts\/14876\/revisions\/14877"}],"wp:featuredmedia":[{"embeddable":true,"href":"https:\/\/www.tablaosflamencos.com\/pt-pt\/wp-json\/wp\/v2\/media\/14729"}],"wp:attachment":[{"href":"https:\/\/www.tablaosflamencos.com\/pt-pt\/wp-json\/wp\/v2\/media?parent=14876"}],"wp:term":[{"taxonomy":"category","embeddable":true,"href":"https:\/\/www.tablaosflamencos.com\/pt-pt\/wp-json\/wp\/v2\/categories?post=14876"},{"taxonomy":"post_tag","embeddable":true,"href":"https:\/\/www.tablaosflamencos.com\/pt-pt\/wp-json\/wp\/v2\/tags?post=14876"}],"curies":[{"name":"wp","href":"https:\/\/api.w.org\/{rel}","templated":true}]}}