{"id":14835,"date":"2026-09-05T13:46:58","date_gmt":"2026-09-05T11:46:58","guid":{"rendered":"https:\/\/www.tablaosflamencos.com\/?p=14835"},"modified":"2026-09-05T15:06:52","modified_gmt":"2026-09-05T13:06:52","slug":"noches-unicas-muelle-sal-hotel-triana-bienal-2026","status":"publish","type":"post","link":"https:\/\/www.tablaosflamencos.com\/pt-pt\/noches-unicas-muelle-sal-hotel-triana-bienal-2026.html","title":{"rendered":"Bienal de Flamenco: as Noches \u00danicas mudam do Hotel Triana para o Muelle de la Sal"},"content":{"rendered":"<section class=\"l-section wpb_row height_huge\"><div class=\"l-section-h i-cf\"><div class=\"g-cols vc_row via_flex valign_middle type_default stacking_default\"><div class=\"vc_col-sm-6 wpb_column vc_column_container\"><div class=\"vc_column-inner\"><div class=\"wpb_wrapper\"><div class=\"wpb_text_column\"><div class=\"wpb_wrapper\"><p>A <a href=\"https:\/\/www.tablaosflamencos.com\/pt-pt\/bienal-flamenco-sevilha-2026.html\"><strong>XXIV Bienal de Flamenco de Sevilha 2026<\/strong><\/a> anunciou uma altera\u00e7\u00e3o importante a poucos dias do in\u00edcio do festival: as tr\u00eas <strong>Noches \u00danicas previstas no Hotel Triana<\/strong> nos dias 17, 18 e 19 de setembro v\u00e3o realizar-se no <strong>Muelle de la Sal<\/strong>.<\/p>\n<p>A decis\u00e3o responde \u00e0 elevada procura registada para estes encontros e permitir\u00e1 aumentar a capacidade de p\u00fablico. A organiza\u00e7\u00e3o mant\u00e9m, no entanto, tudo o resto: <strong>as mesmas datas, os mesmos hor\u00e1rios e os mesmos artistas<\/strong>. Os bilhetes j\u00e1 comprados continuam igualmente v\u00e1lidos, sem necessidade de efetuar qualquer troca.<\/p>\n<\/div><\/div><\/div><\/div><\/div><div class=\"vc_col-sm-6 wpb_column vc_column_container\"><div class=\"vc_column-inner\"><div class=\"wpb_wrapper\"><div class=\"wpb_text_column\"><div class=\"wpb_wrapper\"><h2>Informa\u00e7\u00f5es essenciais sobre a mudan\u00e7a de local<\/h2>\n<ul>\n<li><strong>Novo local:<\/strong> Muelle de la Sal, Sevilha.<\/li>\n<li><strong>Local anterior:<\/strong> Hotel Triana.<\/li>\n<li><strong>Datas:<\/strong> 17, 18 e 19 de setembro de 2026.<\/li>\n<li><strong>Hora:<\/strong> 23:00 nas tr\u00eas noites.<\/li>\n<li><strong>Motivo:<\/strong> responder melhor \u00e0 procura do p\u00fablico.<\/li>\n<li><strong>Bilhetes j\u00e1 comprados:<\/strong> continuam v\u00e1lidos.<\/li>\n<li><strong>Artistas e programa\u00e7\u00e3o:<\/strong> n\u00e3o mudam.<\/li>\n<\/ul>\n<\/div><\/div><\/div><\/div><\/div><\/div><\/div><\/section><section class=\"l-section wpb_row height_huge color_alternate with_shape\"><div class=\"l-section-shape type_zigzag pos_top hor_flip\" style=\"height:3vmin;\"><svg xmlns=\"http:\/\/www.w3.org\/2000\/svg\" viewBox=\"0 0 64 8\" preserveAspectRatio=\"none\" width=\"100%\" height=\"100%\">\r\n\t<path fill=\"currentColor\" d=\"M64 8 L0 8 L0 0 L20 7.9 L40 3 L48 5 L64 0 Z\"\/>\r\n<\/svg><\/div><div class=\"l-section-shape type_zigzag pos_bottom\" style=\"height:3vmin;\"><svg xmlns=\"http:\/\/www.w3.org\/2000\/svg\" viewBox=\"0 0 64 8\" preserveAspectRatio=\"none\" width=\"100%\" height=\"100%\">\r\n\t<path fill=\"currentColor\" d=\"M64 8 L0 8 L0 0 L20 7.9 L40 3 L48 5 L64 0 Z\"\/>\r\n<\/svg><\/div><div class=\"l-section-h i-cf\"><div class=\"g-cols vc_row via_flex valign_top type_default stacking_default\"><div class=\"vc_col-sm-12 wpb_column vc_column_container\"><div class=\"vc_column-inner\"><div class=\"wpb_wrapper\"><div class=\"wpb_text_column\"><div class=\"wpb_wrapper\"><blockquote>\n<p><strong>Resposta r\u00e1pida:<\/strong> as tr\u00eas Noches \u00danicas que iam realizar-se no Hotel Triana mudam para o Muelle de la Sal. <em>Mujeres gitanas<\/em> ser\u00e1 a 17 de setembro, <em>Uvitas negras<\/em> no dia 18 e <em>Andaluc\u00eda en el tiempo<\/em> no dia 19, sempre \u00e0s 23:00. Os elencos e as datas n\u00e3o mudam e os bilhetes adquiridos continuam v\u00e1lidos. Quem n\u00e3o quiser assistir devido \u00e0 mudan\u00e7a de local pode solicitar o reembolso.<\/p>\n<\/blockquote>\n<\/div><\/div><\/div><\/div><\/div><\/div><\/div><\/section><section class=\"l-section wpb_row height_huge\"><div class=\"l-section-h i-cf\"><div class=\"g-cols vc_row via_flex valign_top type_default stacking_default\"><div class=\"vc_col-sm-12 wpb_column vc_column_container\"><div class=\"vc_column-inner\"><div class=\"wpb_wrapper\"><div class=\"wpb_text_column\"><div class=\"wpb_wrapper\"><h2>O que muda e o que se mant\u00e9m nas Noches \u00danicas<\/h2>\n<div style=\"overflow-x: auto;\">\n<table>\n<thead>\n<tr>\n<th>Elemento<\/th>\n<th>Situa\u00e7\u00e3o anterior<\/th>\n<th>Situa\u00e7\u00e3o atual<\/th>\n<\/tr>\n<\/thead>\n<tbody>\n<tr>\n<td><strong>Recinto<\/strong><\/td>\n<td>Hotel Triana<\/td>\n<td><strong>Muelle de la Sal<\/strong><\/td>\n<\/tr>\n<tr>\n<td><strong>Datas<\/strong><\/td>\n<td>17, 18 e 19 de setembro<\/td>\n<td>Mant\u00eam-se<\/td>\n<\/tr>\n<tr>\n<td><strong>Hor\u00e1rio<\/strong><\/td>\n<td>23:00<\/td>\n<td>Mant\u00e9m-se<\/td>\n<\/tr>\n<tr>\n<td><strong>Elencos art\u00edsticos<\/strong><\/td>\n<td>Os anunciados inicialmente<\/td>\n<td>Mant\u00eam-se integralmente<\/td>\n<\/tr>\n<tr>\n<td><strong>Bilhetes comprados<\/strong><\/td>\n<td>V\u00e1lidos para o Hotel Triana<\/td>\n<td>Continuam v\u00e1lidos para o Muelle de la Sal<\/td>\n<\/tr>\n<\/tbody>\n<\/table>\n<\/div>\n<p>&nbsp;<\/p>\n<p>A altera\u00e7\u00e3o afeta, portanto, o <strong>local de realiza\u00e7\u00e3o<\/strong>, n\u00e3o o conte\u00fado art\u00edstico das tr\u00eas noites. Para quem j\u00e1 tinha organizado a agenda em torno destes espet\u00e1culos de fim de noite, a principal modifica\u00e7\u00e3o ser\u00e1 a desloca\u00e7\u00e3o at\u00e9 ao novo recinto.<\/p>\n<p>A not\u00edcia \u00e9 especialmente relevante porque estes espet\u00e1culos integram o ciclo de <a href=\"https:\/\/www.tablaosflamencos.com\/pt-pt\/noites-unicas-bienal-flamenco-sevilha-2026.html\"><strong>Noches \u00danicas da Bienal 2026<\/strong><\/a>, uma sele\u00e7\u00e3o de propostas concebidas como encontros irrepet\u00edveis pela combina\u00e7\u00e3o de artistas, repert\u00f3rios e espa\u00e7os. O programa geral do festival re\u00fane 26 Noches \u00danicas ao longo desta edi\u00e7\u00e3o.<\/p>\n<\/div><\/div><div class=\"w-separator size_medium\"><\/div><div class=\"w-hwrapper valign_top wrap align_center\" style=\"--hwrapper-gap:1.2rem\"><div class=\"w-btn-wrapper align_none\"><a class=\"w-btn us-btn-style_1\" href=\"https:\/\/www.tablaosflamencos.com\/pt-pt\/bienal-flamenco-sevilha-2026.html\"><span class=\"w-btn-label\">Guia completo da Bienal 2026<\/span><\/a><\/div><div class=\"w-btn-wrapper align_none\"><a class=\"w-btn us-btn-style_11\" href=\"https:\/\/www.tablaosflamencos.com\/pt-pt\/noites-unicas-bienal-flamenco-sevilha-2026.html\"><span class=\"w-btn-label\">Calend\u00e1rio das Noches \u00danicas<\/span><\/a><\/div><\/div><\/div><\/div><\/div><\/div><\/div><\/section><section class=\"l-section wpb_row height_huge color_alternate with_shape\"><div class=\"l-section-shape type_zigzag pos_top hor_flip\" style=\"height:3vmin;\"><svg xmlns=\"http:\/\/www.w3.org\/2000\/svg\" viewBox=\"0 0 64 8\" preserveAspectRatio=\"none\" width=\"100%\" height=\"100%\">\r\n\t<path fill=\"currentColor\" d=\"M64 8 L0 8 L0 0 L20 7.9 L40 3 L48 5 L64 0 Z\"\/>\r\n<\/svg><\/div><div class=\"l-section-shape type_zigzag pos_bottom\" style=\"height:3vmin;\"><svg xmlns=\"http:\/\/www.w3.org\/2000\/svg\" viewBox=\"0 0 64 8\" preserveAspectRatio=\"none\" width=\"100%\" height=\"100%\">\r\n\t<path fill=\"currentColor\" d=\"M64 8 L0 8 L0 0 L20 7.9 L40 3 L48 5 L64 0 Z\"\/>\r\n<\/svg><\/div><div class=\"l-section-h i-cf\"><div class=\"g-cols vc_row via_flex valign_top type_default stacking_default\"><div class=\"vc_col-sm-6 wpb_column vc_column_container\"><div class=\"vc_column-inner\"><div class=\"wpb_wrapper\"><div class=\"wpb_text_column\"><div class=\"wpb_wrapper\"><h2>Porque troca a Bienal o Hotel Triana pelo Muelle de la Sal<\/h2>\n<p>A C\u00e2mara Municipal de Sevilha, atrav\u00e9s da \u00e1rea de Turismo e Cultura, e a organiza\u00e7\u00e3o da XXIV Bienal explicaram que a mudan\u00e7a responde \u00e0 <strong>grande procura gerada pelos tr\u00eas espet\u00e1culos<\/strong>. A nova localiza\u00e7\u00e3o permitir\u00e1 acolher um p\u00fablico mais numeroso sem alterar a programa\u00e7\u00e3o art\u00edstica prevista.<\/p>\n<p>N\u00e3o foi anunciado um n\u00famero concreto para o aumento da lota\u00e7\u00e3o, pelo que a mudan\u00e7a n\u00e3o deve ser interpretada como garantia de disponibilidade ilimitada de bilhetes. O importante \u00e9 que o Muelle de la Sal oferece uma capacidade superior para estes encontros e permite conservar a data e o hor\u00e1rio de cada um.<\/p>\n<p>A altera\u00e7\u00e3o acontece depois de o Hotel Triana ter sido apresentado como um dos grandes regressos entre os espa\u00e7os da edi\u00e7\u00e3o de 2026. O antigo conjunto de habita\u00e7\u00f5es em torno de um p\u00e1tio comum ia recuperar o seu papel de palco de fim de noite, quatro anos depois da sua anterior presen\u00e7a na Bienal.<\/p>\n<p>A resposta do p\u00fablico acabou por modificar essa ideia inicial. As tr\u00eas propostas mant\u00eam o seu car\u00e1ter de Noche \u00danica, mas passam de um p\u00e1tio residencial \u00edntimo para um espa\u00e7o aberto junto ao Guadalquivir, numa das zonas mais reconhec\u00edveis do centro de Sevilha.<\/p>\n<\/div><\/div><\/div><\/div><\/div><div class=\"vc_col-sm-6 wpb_column vc_column_container\"><div class=\"vc_column-inner\"><div class=\"wpb_wrapper\"><div class=\"wpb_text_column\"><div class=\"wpb_wrapper\"><h2>O que oferece o Muelle de la Sal como novo palco<\/h2>\n<p>O <strong>Muelle de la Sal<\/strong> fica na margem esquerda do Guadalquivir, junto \u00e0 Ponte de Isabel II e em frente a Triana. \u00c9 um espa\u00e7o historicamente ligado ao antigo porto de Sevilha e hoje funciona como uma ampla zona pedonal \u00e0 beira-rio.<\/p>\n<p>A sua localiza\u00e7\u00e3o altera de forma significativa a experi\u00eancia prevista para estas tr\u00eas noites. O Hotel Triana oferecia a escala dom\u00e9stica de um p\u00e1tio de vizinhos, com galerias e uma grande proximidade entre o palco e o p\u00fablico. O Muelle de la Sal, por sua vez, coloca o flamenco ao ar livre, aberto \u00e0 paisagem urbana e fluvial de Sevilha.<\/p>\n<p>N\u00e3o \u00e9 um lugar alheio \u00e0 Bienal. A zona do Muelle de la Sal j\u00e1 acolheu atividades flamencas e celebra\u00e7\u00f5es ligadas ao festival e ao Dia Mundial do Flamenco. Em 2026, figura tamb\u00e9m entre os espa\u00e7os oficiais da Bienal.<\/p>\n<p>O recinto situa-se no <strong>Paseo Marqu\u00e9s de Contadero<\/strong>, perto da Ponte de Triana, da Plaza de Toros de la Maestranza e do Paseo de Crist\u00f3bal Col\u00f3n. Para quem fica alojado no centro hist\u00f3rico, \u00e9 f\u00e1cil chegar a p\u00e9 a partir de muitos dos principais pontos tur\u00edsticos de Sevilha.<\/p>\n<\/div><\/div><\/div><\/div><\/div><\/div><\/div><\/section><section class=\"l-section wpb_row height_huge\"><div class=\"l-section-h i-cf\"><div class=\"g-cols vc_row via_flex valign_top type_default stacking_default\"><div class=\"vc_col-sm-12 wpb_column vc_column_container\"><div class=\"vc_column-inner\"><div class=\"wpb_wrapper\"><div class=\"wpb_text_column\"><div class=\"wpb_wrapper\"><h2>Programa atualizado no Muelle de la Sal<\/h2>\n<div style=\"overflow-x: auto;\">\n<table>\n<thead>\n<tr>\n<th>Data<\/th>\n<th>Hora<\/th>\n<th>Espet\u00e1culo<\/th>\n<th>Principais artistas<\/th>\n<\/tr>\n<\/thead>\n<tbody>\n<tr>\n<td>Quinta-feira, 17 de setembro<\/td>\n<td>23:00<\/td>\n<td><strong>Mujeres gitanas<\/strong><\/td>\n<td>Remedios Amaya, Montse Cort\u00e9s, La Fabi, Josemi Carmona e artistas convidados<\/td>\n<\/tr>\n<tr>\n<td>Sexta-feira, 18 de setembro<\/td>\n<td>23:00<\/td>\n<td><strong>Uvitas negras<\/strong><\/td>\n<td>Artistas de Los Palacios, El Mistela e guitarristas convidados<\/td>\n<\/tr>\n<tr>\n<td>S\u00e1bado, 19 de setembro<\/td>\n<td>23:00<\/td>\n<td><strong>Andaluc\u00eda en el tiempo<\/strong><\/td>\n<td>Mestres de diferentes prov\u00edncias andaluzas com Antonio Carri\u00f3n e Eduardo Rebollar<\/td>\n<\/tr>\n<\/tbody>\n<\/table>\n<\/div>\n<p>&nbsp;<\/p>\n<h2>17 de setembro: Mujeres gitanas<\/h2>\n<p>A primeira das tr\u00eas noites transferidas ser\u00e1 <strong><em>Mujeres gitanas<\/em><\/strong>, na quinta-feira, 17 de setembro, \u00e0s 23:00. O cante ficar\u00e1 a cargo de <strong>Remedios Amaya, Montse Cort\u00e9s e La Fabi<\/strong>, tr\u00eas vozes com percursos e personalidades muito diferentes, mas unidas por uma forma de entender o flamenco a partir da experi\u00eancia familiar, da transmiss\u00e3o e do palco.<\/p>\n<p>As guitarras ser\u00e3o as de <strong>Josemi Carmona e Jos\u00e9 Serrano<\/strong>. O elenco inclui ainda <strong>Israel Su\u00e1rez \u00abPira\u00f1a\u00bb<\/strong> na percuss\u00e3o, <strong>\u00c1lvaro Llanos<\/strong> no baixo e <strong>Los Cherokee<\/strong> nos coros e nas palmas.<\/p>\n<p>A proposta nasce ligada ao projeto <em>La verdad duele<\/em> e coloca a mulher cigana no centro. A ideia original tinha sido concebida a pensar na singularidade do Hotel Triana; com a mudan\u00e7a, o mesmo elenco vai apresentar-se agora na paisagem aberta do Muelle de la Sal.<\/p>\n<p>Remedios Amaya mant\u00e9m, al\u00e9m disso, uma liga\u00e7\u00e3o especialmente forte a Triana e \u00e0 hist\u00f3ria recente do flamenco sevilhano. A sua presen\u00e7a ao lado de Montse Cort\u00e9s e La Fabi faz deste espet\u00e1culo um dos encontros vocais mais marcantes da segunda semana da Bienal.<\/p>\n<h2>18 de setembro: Uvitas negras e 75 anos de El Pozo de las Penas<\/h2>\n<p>Na sexta-feira, dia 18, tamb\u00e9m \u00e0s 23:00, chega <strong><em>Uvitas negras<\/em><\/strong>, espet\u00e1culo criado para assinalar o <strong>75.\u00ba anivers\u00e1rio da Pe\u00f1a El Pozo de las Penas<\/strong> de Los Palacios y Villafranca.<\/p>\n<p>A noite reunir\u00e1 v\u00e1rias gera\u00e7\u00f5es de artistas da localidade. O cartaz inclui <strong>Itoly de Los Palacios, Juan \u00abEl Distinguido\u00bb, Nene Escalera, Manuel Orta, Miguel Ortega, Jos\u00e9 \u00c1ngel Carmona, Anabel de Vico e Juanelo<\/strong>. Na dan\u00e7a estar\u00e1 <strong>Juan Manuel \u00abEl Mistela\u00bb<\/strong>, cujo regresso a um palco sevilhano \u00e9 um dos principais atrativos da proposta.<\/p>\n<p>Nas guitarras participar\u00e3o <strong>Ni\u00f1o Fraile, Salvador Guti\u00e9rrez e Juan Requena<\/strong>. A dire\u00e7\u00e3o cabe a <strong>Manuel Curao<\/strong>.<\/p>\n<p>O t\u00edtulo recorda o preg\u00e3o que Manolo Caracol dedicou \u00e0s uvas de Los Palacios e serve de fio condutor a uma noite centrada na mem\u00f3ria de uma das associa\u00e7\u00f5es mais influentes do movimento flamenco sevilhano. A proposta conserva integralmente o seu elenco apesar da mudan\u00e7a de recinto.<\/p>\n<h2>19 de setembro: Andaluc\u00eda en el tiempo<\/h2>\n<p>O terceiro encontro ser\u00e1 <strong><em>Andaluc\u00eda en el tiempo<\/em><\/strong>, no s\u00e1bado, 19 de setembro, \u00e0s 23:00. O espet\u00e1culo prop\u00f5e um olhar sobre a diversidade territorial do cante atrav\u00e9s de artistas ligados a diferentes prov\u00edncias andaluzas.<\/p>\n<p>Participar\u00e3o <strong>Jos\u00e9 Sorroche<\/strong>, de Almer\u00eda; <strong>Paqui Corpas<\/strong>, de M\u00e1laga; <strong>Jaime \u00abEl Parr\u00f3n\u00bb<\/strong>, de Granada; <strong>Curro Lucena<\/strong>, de C\u00f3rdova; <strong>Joselete de Linares<\/strong>, de Ja\u00e9n; <strong>El Boquer\u00f3n<\/strong>, de Sevilha; <strong>Carmen de la Jara<\/strong>, de C\u00e1dis; <strong>El Pecas<\/strong>, de Huelva; e <strong>Romerito de Jerez<\/strong>.<\/p>\n<p>As guitarras ser\u00e3o as de <strong>Antonio Carri\u00f3n e Eduardo Rebollar<\/strong>, com Antonio Amaya \u00abPetete\u00bb e Emilio Casta\u00f1eda nas palmas. Manuel Curao dirige tamb\u00e9m esta proposta.<\/p>\n<p>O objetivo \u00e9 reunir vozes que conservam estilos, variantes locais e formas de interpretar ligadas a diferentes geografias flamencas. Alguns dos protagonistas est\u00e3o hoje menos presentes nos grandes circuitos, o que torna este encontro uma das verdadeiras raridades da programa\u00e7\u00e3o.<\/p>\n<\/div><\/div><\/div><\/div><\/div><\/div><\/div><\/section><section class=\"l-section wpb_row height_huge color_alternate with_shape\"><div class=\"l-section-shape type_zigzag pos_top\" style=\"height:3vmin;\"><svg xmlns=\"http:\/\/www.w3.org\/2000\/svg\" viewBox=\"0 0 64 8\" preserveAspectRatio=\"none\" width=\"100%\" height=\"100%\">\r\n\t<path fill=\"currentColor\" d=\"M64 8 L0 8 L0 0 L20 7.9 L40 3 L48 5 L64 0 Z\"\/>\r\n<\/svg><\/div><div class=\"l-section-shape type_zigzag pos_bottom\" style=\"height:3vmin;\"><svg xmlns=\"http:\/\/www.w3.org\/2000\/svg\" viewBox=\"0 0 64 8\" preserveAspectRatio=\"none\" width=\"100%\" height=\"100%\">\r\n\t<path fill=\"currentColor\" d=\"M64 8 L0 8 L0 0 L20 7.9 L40 3 L48 5 L64 0 Z\"\/>\r\n<\/svg><\/div><div class=\"l-section-h i-cf\"><div class=\"g-cols vc_row via_flex valign_top type_default stacking_default\"><div class=\"vc_col-sm-6 wpb_column vc_column_container\"><div class=\"vc_column-inner\"><div class=\"wpb_wrapper\"><div class=\"wpb_text_column\"><div class=\"wpb_wrapper\"><h2>\u00c9 preciso trocar os bilhetes j\u00e1 comprados?<\/h2>\n<p><strong>N\u00e3o.<\/strong> A organiza\u00e7\u00e3o indicou expressamente que os bilhetes adquiridos para os tr\u00eas espet\u00e1culos continuam plenamente v\u00e1lidos na nova localiza\u00e7\u00e3o.<\/p>\n<p>Isto significa que quem j\u00e1 tem bilhete para <em>Mujeres gitanas<\/em>, <em>Uvitas negras<\/em> ou <em>Andaluc\u00eda en el tiempo<\/em> n\u00e3o precisa de realizar qualquer procedimento para entrar no Muelle de la Sal.<\/p>\n<p>Conv\u00e9m, ainda assim, consultar antes da desloca\u00e7\u00e3o as comunica\u00e7\u00f5es que a bilheteira ou a pr\u00f3pria Bienal possam enviar, sobretudo por se tratar de uma mudan\u00e7a de recinto. A informa\u00e7\u00e3o oficial de cada espet\u00e1culo deve prevalecer sobre capturas de ecr\u00e3, agendas impressas ou programas descarregados antes do an\u00fancio.<\/p>\n<p>Se ainda n\u00e3o tens bilhete, consulta a disponibilidade nos canais oficiais. No nosso guia de <a href=\"https:\/\/www.tablaosflamencos.com\/pt-pt\/bienal-flamenco-sevilha-2026-bilhetes-precos-descontos.html\"><strong>bilhetes, pre\u00e7os e descontos da Bienal 2026<\/strong><\/a> explicamos onde comprar e que precau\u00e7\u00f5es tomar para evitar a revenda e as liga\u00e7\u00f5es n\u00e3o oficiais.<\/p>\n<\/div><\/div><\/div><\/div><\/div><div class=\"vc_col-sm-6 wpb_column vc_column_container\"><div class=\"vc_column-inner\"><div class=\"wpb_wrapper\"><div class=\"wpb_text_column\"><div class=\"wpb_wrapper\"><h2>\u00c9 poss\u00edvel pedir o reembolso devido \u00e0 mudan\u00e7a de recinto?<\/h2>\n<p>Sim. As pessoas que decidam n\u00e3o assistir devido \u00e0 mudan\u00e7a podem solicitar o <strong>reembolso do valor dos seus bilhetes<\/strong>.<\/p>\n<p>A organiza\u00e7\u00e3o disponibilizou para estes pedidos o endere\u00e7o de correio eletr\u00f3nico:<\/p>\n<p><strong>taquillaseulen.icas@gmail.com<\/strong><\/p>\n<p>Mant\u00e9m tamb\u00e9m dispon\u00edvel o telefone da bilheteira:<\/p>\n<p><strong>955 472 822<\/strong><\/p>\n<p>\u00c9 recomend\u00e1vel guardar o comprovativo de compra e utilizar os dados do comprador fornecidos na reserva. Se o bilhete foi adquirido atrav\u00e9s de um operador espec\u00edfico, conv\u00e9m consultar tamb\u00e9m as instru\u00e7\u00f5es que esse operador possa enviar.<\/p>\n<p>A mudan\u00e7a de local n\u00e3o obriga a pedir o reembolso: \u00e9 uma op\u00e7\u00e3o para quem prefere n\u00e3o ir ao novo espa\u00e7o. Para o restante p\u00fablico, o bilhete original mant\u00e9m a validade.<\/p>\n<\/div><\/div><\/div><\/div><\/div><\/div><\/div><\/section><section class=\"l-section wpb_row height_huge\"><div class=\"l-section-h i-cf\"><div class=\"g-cols vc_row via_flex valign_top type_default stacking_default\"><div class=\"vc_col-sm-12 wpb_column vc_column_container\"><div class=\"vc_column-inner\"><div class=\"wpb_wrapper\"><div class=\"wpb_text_column\"><div class=\"wpb_wrapper\"><h2>Como chegar ao Muelle de la Sal<\/h2>\n<p>A Bienal situa o acesso ao Muelle de la Sal no <strong>Paseo Marqu\u00e9s de Contadero, s\/n<\/strong>. O recinto fica junto ao Guadalquivir, no tro\u00e7o entre a Ponte de Isabel II e a Torre del Oro.<\/p>\n<p>A pr\u00f3pria organiza\u00e7\u00e3o indica como op\u00e7\u00f5es de transporte p\u00fablico as linhas da TUSSAM <strong>3, 21, 40, 41, EA e A2<\/strong>. As esta\u00e7\u00f5es de metro mais pr\u00f3ximas indicadas pela Bienal s\u00e3o <strong>Puerta de Jerez<\/strong> e <strong>Plaza de Cuba<\/strong>.<\/p>\n<p>Para muitos visitantes alojados no centro, caminhar ser\u00e1 uma das op\u00e7\u00f5es mais simples. O Muelle fica muito perto da Plaza de Toros de la Maestranza, do Mercado del Barranco e da Ponte de Triana. Como os espet\u00e1culos come\u00e7am \u00e0s 23:00, conv\u00e9m planear tamb\u00e9m o regresso ao alojamento e n\u00e3o depender de liga\u00e7\u00f5es demasiado apertadas no final.<\/p>\n<p>Se vais combinar um destes espet\u00e1culos de fim de noite com outra sess\u00e3o da Bienal, deixa uma margem suficiente entre os recintos. Nos dias 17 e 18 de setembro h\u00e1 espet\u00e1culos anteriores no Teatro Lope de Vega e, no dia 19, h\u00e1 programa\u00e7\u00e3o noutros espa\u00e7os da cidade. A dura\u00e7\u00e3o real de cada sess\u00e3o pode variar, pelo que n\u00e3o \u00e9 aconselh\u00e1vel planear desloca\u00e7\u00f5es ao minuto.<\/p>\n<\/div><\/div><div class=\"w-separator size_medium\"><\/div><div class=\"w-hwrapper valign_top wrap align_center\" style=\"--hwrapper-gap:1.2rem\"><div class=\"w-btn-wrapper align_none\"><a class=\"w-btn us-btn-style_1\" href=\"https:\/\/www.tablaosflamencos.com\/pt-pt\/bienal-flamenco-sevilha-2026-bilhetes-precos-descontos.html\"><span class=\"w-btn-label\">Bilhetes, pre\u00e7os e descontos<\/span><\/a><\/div><div class=\"w-btn-wrapper align_none\"><a class=\"w-btn us-btn-style_11\" href=\"https:\/\/www.labienal.com\/espacios\/muelle-de-la-sal\"><span class=\"w-btn-label\">Muelle de la Sal no site oficial<\/span><\/a><\/div><\/div><\/div><\/div><\/div><\/div><\/div><\/section><section class=\"l-section wpb_row height_huge color_alternate with_shape\"><div class=\"l-section-shape type_zigzag pos_top hor_flip\" style=\"height:3vmin;\"><svg xmlns=\"http:\/\/www.w3.org\/2000\/svg\" viewBox=\"0 0 64 8\" preserveAspectRatio=\"none\" width=\"100%\" height=\"100%\">\r\n\t<path fill=\"currentColor\" d=\"M64 8 L0 8 L0 0 L20 7.9 L40 3 L48 5 L64 0 Z\"\/>\r\n<\/svg><\/div><div class=\"l-section-shape type_zigzag pos_bottom\" style=\"height:3vmin;\"><svg xmlns=\"http:\/\/www.w3.org\/2000\/svg\" viewBox=\"0 0 64 8\" preserveAspectRatio=\"none\" width=\"100%\" height=\"100%\">\r\n\t<path fill=\"currentColor\" d=\"M64 8 L0 8 L0 0 L20 7.9 L40 3 L48 5 L64 0 Z\"\/>\r\n<\/svg><\/div><div class=\"l-section-h i-cf\"><div class=\"g-cols vc_row via_flex valign_top type_default stacking_default\"><div class=\"vc_col-sm-12 wpb_column vc_column_container\"><div class=\"vc_column-inner\"><div class=\"wpb_wrapper\"><div class=\"wpb_text_column\"><div class=\"wpb_wrapper\"><h2>Uma mudan\u00e7a importante para um dos encontros mais singulares da Bienal<\/h2>\n<p>A mudan\u00e7a modifica uma das propostas mais apelativas apresentadas pela Bienal para setembro de 2026. O regresso do Hotel Triana tinha uma forte componente simb\u00f3lica: tr\u00eas espet\u00e1culos de fim de noite num antigo p\u00e1tio de vizinhos, ligando a programa\u00e7\u00e3o \u00e0 mem\u00f3ria de Triana e a uma forma \u00edntima de viver o flamenco.<\/p>\n<p>A elevada procura levou a dar prioridade a um espa\u00e7o capaz de receber mais p\u00fablico. O resultado ser\u00e1 diferente, mas n\u00e3o necessariamente menos singular. O Muelle de la Sal coloca as tr\u00eas Noches \u00danicas ao p\u00e9 da Ponte de Triana, com o Guadalquivir como pano de fundo, num lugar que faz parte da imagem mais reconhec\u00edvel de Sevilha.<\/p>\n<p>Para o visitante, o essencial \u00e9 simples: <strong>n\u00e3o \u00e9 preciso refazer a agenda, exceto quanto \u00e0 localiza\u00e7\u00e3o<\/strong>. As datas continuam a ser 17, 18 e 19 de setembro, os tr\u00eas espet\u00e1culos come\u00e7am \u00e0s 23:00 e os elencos anunciados mant\u00eam-se.<\/p>\n<p>Como a altera\u00e7\u00e3o foi comunicada a poucos dias do in\u00edcio da Bienal, recomendamos consultar a programa\u00e7\u00e3o oficial antes da desloca\u00e7\u00e3o. Tamb\u00e9m atualizaremos os nossos guias da Bienal \u00e0 medida que as mudan\u00e7as sejam incorporadas nas fichas oficiais de cada espet\u00e1culo.<\/p>\n<p>E se n\u00e3o conseguires bilhetes para estas noites, Sevilha mant\u00e9m uma oferta muito ampla de flamenco durante todo o festival. O nosso guia sobre <a href=\"https:\/\/www.tablaosflamencos.com\/pt-pt\/bienal-flamenco-sevilha-2026-bilhetes-esgotados-alternativas.html\"><strong>o que ver quando os bilhetes da Bienal esgotam<\/strong><\/a> re\u00fane alternativas para continuar a desfrutar de espet\u00e1culos durante esses dias.<\/p>\n<\/div><\/div><\/div><\/div><\/div><\/div><\/div><\/section><section class=\"l-section wpb_row height_huge\"><div class=\"l-section-h i-cf\"><div class=\"g-cols vc_row via_flex valign_top type_default stacking_default\"><div class=\"vc_col-sm-1\/5 wpb_column vc_column_container\"><div class=\"vc_column-inner\"><div class=\"wpb_wrapper\"><\/div><\/div><\/div><div class=\"vc_col-sm-3\/5 wpb_column vc_column_container\"><div class=\"vc_column-inner\"><div class=\"wpb_wrapper\"><div class=\"wpb_text_column\"><div class=\"wpb_wrapper\"><h2>Perguntas frequentes sobre a mudan\u00e7a para o Muelle de la Sal<\/h2>\n<\/div><\/div><div class=\"w-separator size_medium\"><\/div><div class=\"w-tabs accordion toggle_style_1 has_scrolling\" style=\"--sections-title-size:inherit;--sections-gap:0.5rem;\"><div class=\"w-tabs-sections titles-align_none icon_chevron cpos_right\"><div class=\"w-tabs-section\" id=\"je73\" itemscope itemprop=\"mainEntity\" itemtype=\"https:\/\/schema.org\/Question\"><button type=\"button\" class=\"w-tabs-section-header\" aria-controls=\"content-je73\" aria-expanded=\"false\"><div class=\"w-tabs-section-title\" itemprop=\"name\">Que espet\u00e1culos mudam do Hotel Triana para o Muelle de la Sal?<\/div><div class=\"w-tabs-section-control\"><\/div><\/button><div  class=\"w-tabs-section-content\" id=\"content-je73\" itemscope itemprop=\"acceptedAnswer\" itemtype=\"https:\/\/schema.org\/Answer\"><div class=\"w-tabs-section-content-h i-cf\" itemprop=\"text\"><div class=\"wpb_text_column\"><div class=\"wpb_wrapper\"><p>Mudam as tr\u00eas Noches \u00danicas previstas para o Hotel Triana: <em>Mujeres gitanas<\/em>, a 17 de setembro; <em>Uvitas negras<\/em>, no dia 18; e <em>Andaluc\u00eda en el tiempo<\/em>, no dia 19.<\/p>\n<\/div><\/div><\/div><\/div><\/div><div class=\"w-tabs-section\" id=\"gf8d\" itemscope itemprop=\"mainEntity\" itemtype=\"https:\/\/schema.org\/Question\"><button type=\"button\" class=\"w-tabs-section-header\" aria-controls=\"content-gf8d\" aria-expanded=\"false\"><div class=\"w-tabs-section-title\" itemprop=\"name\">Porque muda o local?<\/div><div class=\"w-tabs-section-control\"><\/div><\/button><div  class=\"w-tabs-section-content\" id=\"content-gf8d\" itemscope itemprop=\"acceptedAnswer\" itemtype=\"https:\/\/schema.org\/Answer\"><div class=\"w-tabs-section-content-h i-cf\" itemprop=\"text\"><div class=\"wpb_text_column\"><div class=\"wpb_wrapper\"><p>A C\u00e2mara Municipal de Sevilha e a organiza\u00e7\u00e3o da Bienal explicaram que a decis\u00e3o responde \u00e0 grande procura gerada por estes espet\u00e1culos. O Muelle de la Sal permite acolher um p\u00fablico mais numeroso.<\/p>\n<\/div><\/div><\/div><\/div><\/div><div class=\"w-tabs-section\" id=\"g096\" itemscope itemprop=\"mainEntity\" itemtype=\"https:\/\/schema.org\/Question\"><button type=\"button\" class=\"w-tabs-section-header\" aria-controls=\"content-g096\" aria-expanded=\"false\"><div class=\"w-tabs-section-title\" itemprop=\"name\">As datas ou os hor\u00e1rios mudam?<\/div><div class=\"w-tabs-section-control\"><\/div><\/button><div  class=\"w-tabs-section-content\" id=\"content-g096\" itemscope itemprop=\"acceptedAnswer\" itemtype=\"https:\/\/schema.org\/Answer\"><div class=\"w-tabs-section-content-h i-cf\" itemprop=\"text\"><div class=\"wpb_text_column\"><div class=\"wpb_wrapper\"><p>N\u00e3o. Os tr\u00eas espet\u00e1culos mant\u00eam as datas originais e come\u00e7ar\u00e3o \u00e0s 23:00.<\/p>\n<\/div><\/div><\/div><\/div><\/div><div class=\"w-tabs-section\" id=\"o173\" itemscope itemprop=\"mainEntity\" itemtype=\"https:\/\/schema.org\/Question\"><button type=\"button\" class=\"w-tabs-section-header\" aria-controls=\"content-o173\" aria-expanded=\"false\"><div class=\"w-tabs-section-title\" itemprop=\"name\">Os bilhetes do Hotel Triana continuam v\u00e1lidos?<\/div><div class=\"w-tabs-section-control\"><\/div><\/button><div  class=\"w-tabs-section-content\" id=\"content-o173\" itemscope itemprop=\"acceptedAnswer\" itemtype=\"https:\/\/schema.org\/Answer\"><div class=\"w-tabs-section-content-h i-cf\" itemprop=\"text\"><div class=\"wpb_text_column\"><div class=\"wpb_wrapper\"><p>Sim. Os bilhetes j\u00e1 adquiridos continuam v\u00e1lidos para os mesmos espet\u00e1culos no Muelle de la Sal e n\u00e3o \u00e9 necess\u00e1rio efetuar qualquer troca.<\/p>\n<\/div><\/div><\/div><\/div><\/div><div class=\"w-tabs-section\" id=\"g245\" itemscope itemprop=\"mainEntity\" itemtype=\"https:\/\/schema.org\/Question\"><button type=\"button\" class=\"w-tabs-section-header\" aria-controls=\"content-g245\" aria-expanded=\"false\"><div class=\"w-tabs-section-title\" itemprop=\"name\">Posso pedir o reembolso se n\u00e3o quiser ir ao Muelle de la Sal?<\/div><div class=\"w-tabs-section-control\"><\/div><\/button><div  class=\"w-tabs-section-content\" id=\"content-g245\" itemscope itemprop=\"acceptedAnswer\" itemtype=\"https:\/\/schema.org\/Answer\"><div class=\"w-tabs-section-content-h i-cf\" itemprop=\"text\"><div class=\"wpb_text_column\"><div class=\"wpb_wrapper\"><p>Sim. A organiza\u00e7\u00e3o permite solicitar o reembolso a quem decida n\u00e3o assistir devido \u00e0 mudan\u00e7a de local. Disponibilizou o endere\u00e7o taquillaseulen.icas@gmail.com e o telefone da bilheteira 955 472 822 para esclarecimentos.<\/p>\n<\/div><\/div><\/div><\/div><\/div><div class=\"w-tabs-section\" id=\"k317\" itemscope itemprop=\"mainEntity\" itemtype=\"https:\/\/schema.org\/Question\"><button type=\"button\" class=\"w-tabs-section-header\" aria-controls=\"content-k317\" aria-expanded=\"false\"><div class=\"w-tabs-section-title\" itemprop=\"name\">Onde fica o Muelle de la Sal?<\/div><div class=\"w-tabs-section-control\"><\/div><\/button><div  class=\"w-tabs-section-content\" id=\"content-k317\" itemscope itemprop=\"acceptedAnswer\" itemtype=\"https:\/\/schema.org\/Answer\"><div class=\"w-tabs-section-content-h i-cf\" itemprop=\"text\"><div class=\"wpb_text_column\"><div class=\"wpb_wrapper\"><p>Fica junto ao rio Guadalquivir, ao p\u00e9 da Ponte de Triana, no Paseo Marqu\u00e9s de Contadero. Est\u00e1 muito perto da Plaza de Toros de la Maestranza e do Mercado del Barranco.<\/p>\n<\/div><\/div><\/div><\/div><\/div><div class=\"w-tabs-section\" id=\"w3ea\" itemscope itemprop=\"mainEntity\" itemtype=\"https:\/\/schema.org\/Question\"><button type=\"button\" class=\"w-tabs-section-header\" aria-controls=\"content-w3ea\" aria-expanded=\"false\"><div class=\"w-tabs-section-title\" itemprop=\"name\">Os artistas das tr\u00eas Noches \u00danicas mudam?<\/div><div class=\"w-tabs-section-control\"><\/div><\/button><div  class=\"w-tabs-section-content\" id=\"content-w3ea\" itemscope itemprop=\"acceptedAnswer\" itemtype=\"https:\/\/schema.org\/Answer\"><div class=\"w-tabs-section-content-h i-cf\" itemprop=\"text\"><div class=\"wpb_text_column\"><div class=\"wpb_wrapper\"><p>N\u00e3o. A organiza\u00e7\u00e3o indicou que os elencos art\u00edsticos se mant\u00eam integralmente. A altera\u00e7\u00e3o afeta o recinto, n\u00e3o os artistas anunciados.<\/p>\n<\/div><\/div><\/div><\/div><\/div><div class=\"w-tabs-section\" id=\"u4e9\" itemscope itemprop=\"mainEntity\" itemtype=\"https:\/\/schema.org\/Question\"><button type=\"button\" class=\"w-tabs-section-header\" aria-controls=\"content-u4e9\" aria-expanded=\"false\"><div class=\"w-tabs-section-title\" itemprop=\"name\">O Muelle de la Sal faz parte dos espa\u00e7os oficiais da Bienal 2026?<\/div><div class=\"w-tabs-section-control\"><\/div><\/button><div  class=\"w-tabs-section-content\" id=\"content-u4e9\" itemscope itemprop=\"acceptedAnswer\" itemtype=\"https:\/\/schema.org\/Answer\"><div class=\"w-tabs-section-content-h i-cf\" itemprop=\"text\"><div class=\"wpb_text_column\"><div class=\"wpb_wrapper\"><p>Sim. O Muelle de la Sal figura entre os espa\u00e7os oficiais da XXIV Bienal de Flamenco e tem uma ficha pr\u00f3pria no site do festival.<\/p>\n<\/div><\/div><\/div><\/div><\/div><\/div><\/div><\/div><\/div><\/div><div class=\"vc_col-sm-1\/5 wpb_column vc_column_container\"><div class=\"vc_column-inner\"><div class=\"wpb_wrapper\"><\/div><\/div><\/div><\/div><\/div><\/section><section class=\"l-section wpb_row height_huge color_alternate with_shape\"><div class=\"l-section-shape type_zigzag pos_top\" style=\"height:3vmin;\"><svg xmlns=\"http:\/\/www.w3.org\/2000\/svg\" viewBox=\"0 0 64 8\" preserveAspectRatio=\"none\" width=\"100%\" height=\"100%\">\r\n\t<path fill=\"currentColor\" d=\"M64 8 L0 8 L0 0 L20 7.9 L40 3 L48 5 L64 0 Z\"\/>\r\n<\/svg><\/div><div class=\"l-section-h i-cf\"><div class=\"g-cols vc_row via_flex valign_top type_default stacking_default\"><div class=\"vc_col-sm-12 wpb_column vc_column_container\"><div class=\"vc_column-inner\"><div class=\"wpb_wrapper\"><div class=\"wpb_text_column\"><div class=\"wpb_wrapper\"><h2>Tr\u00eas noites junto ao Guadalquivir<\/h2>\n<p>O Hotel Triana ia oferecer intimidade e mem\u00f3ria da vida de vizinhan\u00e7a. O Muelle de la Sal oferecer\u00e1 amplitude, paisagem e uma liga\u00e7\u00e3o direta ao rio. O essencial, em qualquer caso, permanece: tr\u00eas encontros concebidos como Noches \u00danicas e tr\u00eas elencos dif\u00edceis de reunir fora do contexto da Bienal.<\/p>\n<p>Nos dias 17, 18 e 19 de setembro de 2026, \u00e0s 23:00, a aten\u00e7\u00e3o vai deslocar-se para a margem do Guadalquivir. Para quem j\u00e1 tem bilhete, a mudan\u00e7a n\u00e3o exige qualquer procedimento. Para quem ainda procura lugar, o aumento da capacidade pode abrir novas possibilidades, mas a disponibilidade deve ser sempre consultada nos canais oficiais.<\/p>\n<p>A XXIV Bienal de Flamenco de Sevilha vai realizar-se de 9 de setembro a 3 de outubro de 2026. Podes consultar datas, recintos e recomenda\u00e7\u00f5es pr\u00e1ticas no nosso <a href=\"https:\/\/www.tablaosflamencos.com\/pt-pt\/bienal-flamenco-sevilha-2026.html\"><strong>guia completo da Bienal de Flamenco 2026<\/strong><\/a>.<\/p>\n<\/div><\/div><div class=\"w-separator size_medium\"><\/div><div class=\"w-hwrapper valign_top wrap align_center\" style=\"--hwrapper-gap:1.2rem\"><div class=\"w-btn-wrapper align_none\"><a class=\"w-btn us-btn-style_1\" href=\"https:\/\/www.tablaosflamencos.com\/pt-pt\/bienal-flamenco-sevilha-2026.html\"><span class=\"w-btn-label\">Ver o guia completo da Bienal<\/span><\/a><\/div><div class=\"w-btn-wrapper align_none\"><a class=\"w-btn us-btn-style_11\" href=\"https:\/\/www.tablaosflamencos.com\/pt-pt\/noites-unicas-bienal-flamenco-sevilha-2026.html\"><span class=\"w-btn-label\">Ver as Noches \u00danicas<\/span><\/a><\/div><\/div><\/div><\/div><\/div><\/div><\/div><\/section>\n","protected":false},"excerpt":{"rendered":"<p>A Bienal de Flamenco transfere para o Muelle de la Sal as Noches \u00danicas de 17, 18 e 19 de setembro devido \u00e0 elevada procura. Bilhetes, artistas e reembolsos.<\/p>\n","protected":false},"author":1,"featured_media":14746,"comment_status":"closed","ping_status":"closed","sticky":false,"template":"","format":"standard","meta":{"_acf_changed":false,"wpai_generated_summary":"","_ayudawp_aiss_exclude":false,"_ayudawp_aiss_exclude_summary":false,"_ayudawp_aiss_summary":"","_ayudawp_aiss_summary_provider":"","_ayudawp_aiss_summary_hash":"","footnotes":""},"categories":[1430],"tags":[1255,1256,1257,1258,1188,1259],"class_list":["post-14835","post","type-post","status-publish","format-standard","has-post-thumbnail","hentry","category-bienal-flamenco-sevilha","tag-agenda-flamenca","tag-bienal-2026","tag-bienal-de-flamenco","tag-festivales-flamencos","tag-flamenco-en-sevilla","tag-sevilla"],"acf":[],"yoast_head":"<!-- This site is optimized with the Yoast SEO Premium plugin v28.4 (Yoast SEO v28.4) - https:\/\/yoast.com\/product\/yoast-seo-premium-wordpress\/ -->\n<title>Noches \u00danicas no Muelle de la Sal | Bienal 2026<\/title>\n<meta name=\"description\" content=\"As Noches \u00danicas de 17, 18 e 19 de setembro mudam para o Muelle de la Sal. Saiba os hor\u00e1rios, artistas, validade dos bilhetes e condi\u00e7\u00f5es de reembolso.\" \/>\n<meta name=\"robots\" content=\"index, follow, max-snippet:-1, max-image-preview:large, max-video-preview:-1\" \/>\n<link rel=\"canonical\" href=\"https:\/\/www.tablaosflamencos.com\/pt-pt\/noches-unicas-muelle-sal-hotel-triana-bienal-2026.html\" \/>\n<meta property=\"og:locale\" content=\"pt_PT\" \/>\n<meta property=\"og:type\" content=\"article\" \/>\n<meta property=\"og:title\" content=\"Bienal de Flamenco: as Noches \u00danicas mudam do Hotel Triana para o Muelle de la Sal\" \/>\n<meta property=\"og:description\" content=\"As Noches \u00danicas de 17, 18 e 19 de setembro mudam para o Muelle de la Sal. Saiba os hor\u00e1rios, artistas, validade dos bilhetes e condi\u00e7\u00f5es de reembolso.\" \/>\n<meta property=\"og:url\" content=\"https:\/\/www.tablaosflamencos.com\/pt-pt\/noches-unicas-muelle-sal-hotel-triana-bienal-2026.html\" \/>\n<meta property=\"og:site_name\" content=\"Tablaos Flamencos\" \/>\n<meta property=\"article:publisher\" content=\"https:\/\/www.facebook.com\/tablaosflamencos\" \/>\n<meta property=\"article:published_time\" content=\"2026-09-05T11:46:58+00:00\" \/>\n<meta property=\"article:modified_time\" content=\"2026-09-05T13:06:52+00:00\" \/>\n<meta property=\"og:image\" content=\"https:\/\/www.tablaosflamencos.com\/wp-content\/uploads\/bienal-de-flamenco-las-noches-unicas-se-trasladan-del-hotel-triana-al-muelle-de-la-sal-01.webp\" \/>\n\t<meta property=\"og:image:width\" content=\"1536\" \/>\n\t<meta property=\"og:image:height\" content=\"1024\" \/>\n\t<meta property=\"og:image:type\" content=\"image\/webp\" \/>\n<meta name=\"author\" content=\"Miguel Ortiz\" \/>\n<meta name=\"twitter:card\" content=\"summary_large_image\" \/>\n<meta name=\"twitter:creator\" content=\"@tablaosflamenco\" \/>\n<meta name=\"twitter:site\" content=\"@tablaosflamenco\" \/>\n<meta name=\"twitter:label1\" content=\"Escrito por\" \/>\n\t<meta name=\"twitter:data1\" content=\"Miguel Ortiz\" \/>\n\t<meta name=\"twitter:label2\" content=\"Tempo estimado de leitura\" \/>\n\t<meta name=\"twitter:data2\" content=\"16 minutos\" \/>\n<script type=\"application\/ld+json\" class=\"yoast-schema-graph\">{\"@context\":\"https:\\\/\\\/schema.org\",\"@graph\":[{\"@type\":\"Article\",\"@id\":\"https:\\\/\\\/www.tablaosflamencos.com\\\/pt-pt\\\/noches-unicas-muelle-sal-hotel-triana-bienal-2026.html#article\",\"isPartOf\":{\"@id\":\"https:\\\/\\\/www.tablaosflamencos.com\\\/pt-pt\\\/noches-unicas-muelle-sal-hotel-triana-bienal-2026.html\"},\"author\":{\"name\":\"Miguel Ortiz\",\"@id\":\"https:\\\/\\\/www.tablaosflamencos.com\\\/pt-pt#\\\/schema\\\/person\\\/e7a9ebe14eb75a52ceabfbffb3c54f5d\"},\"headline\":\"Bienal de Flamenco: as Noches \u00danicas mudam do Hotel Triana para o Muelle de la Sal\",\"datePublished\":\"2026-09-05T11:46:58+00:00\",\"dateModified\":\"2026-09-05T13:06:52+00:00\",\"mainEntityOfPage\":{\"@id\":\"https:\\\/\\\/www.tablaosflamencos.com\\\/pt-pt\\\/noches-unicas-muelle-sal-hotel-triana-bienal-2026.html\"},\"wordCount\":3263,\"publisher\":{\"@id\":\"https:\\\/\\\/www.tablaosflamencos.com\\\/pt-pt#organization\"},\"image\":{\"@id\":\"https:\\\/\\\/www.tablaosflamencos.com\\\/pt-pt\\\/noches-unicas-muelle-sal-hotel-triana-bienal-2026.html#primaryimage\"},\"thumbnailUrl\":\"https:\\\/\\\/www.tablaosflamencos.com\\\/wp-content\\\/uploads\\\/bienal-de-flamenco-las-noches-unicas-se-trasladan-del-hotel-triana-al-muelle-de-la-sal-01.webp\",\"keywords\":[\"agenda flamenca\",\"Bienal 2026\",\"Bienal de Flamenco\",\"festivales flamencos\",\"flamenco en Sevilla\",\"sevilla\"],\"articleSection\":[\"Bienal de Flamenco de Sevilha\"],\"inLanguage\":\"pt-PT\"},{\"@type\":\"WebPage\",\"@id\":\"https:\\\/\\\/www.tablaosflamencos.com\\\/pt-pt\\\/noches-unicas-muelle-sal-hotel-triana-bienal-2026.html\",\"url\":\"https:\\\/\\\/www.tablaosflamencos.com\\\/pt-pt\\\/noches-unicas-muelle-sal-hotel-triana-bienal-2026.html\",\"name\":\"Noches \u00danicas no Muelle de la Sal | Bienal 2026\",\"isPartOf\":{\"@id\":\"https:\\\/\\\/www.tablaosflamencos.com\\\/pt-pt#website\"},\"primaryImageOfPage\":{\"@id\":\"https:\\\/\\\/www.tablaosflamencos.com\\\/pt-pt\\\/noches-unicas-muelle-sal-hotel-triana-bienal-2026.html#primaryimage\"},\"image\":{\"@id\":\"https:\\\/\\\/www.tablaosflamencos.com\\\/pt-pt\\\/noches-unicas-muelle-sal-hotel-triana-bienal-2026.html#primaryimage\"},\"thumbnailUrl\":\"https:\\\/\\\/www.tablaosflamencos.com\\\/wp-content\\\/uploads\\\/bienal-de-flamenco-las-noches-unicas-se-trasladan-del-hotel-triana-al-muelle-de-la-sal-01.webp\",\"datePublished\":\"2026-09-05T11:46:58+00:00\",\"dateModified\":\"2026-09-05T13:06:52+00:00\",\"description\":\"As Noches \u00danicas de 17, 18 e 19 de setembro mudam para o Muelle de la Sal. Saiba os hor\u00e1rios, artistas, validade dos bilhetes e condi\u00e7\u00f5es de reembolso.\",\"breadcrumb\":{\"@id\":\"https:\\\/\\\/www.tablaosflamencos.com\\\/pt-pt\\\/noches-unicas-muelle-sal-hotel-triana-bienal-2026.html#breadcrumb\"},\"inLanguage\":\"pt-PT\",\"potentialAction\":[{\"@type\":\"ReadAction\",\"target\":[\"https:\\\/\\\/www.tablaosflamencos.com\\\/pt-pt\\\/noches-unicas-muelle-sal-hotel-triana-bienal-2026.html\"]}]},{\"@type\":\"ImageObject\",\"inLanguage\":\"pt-PT\",\"@id\":\"https:\\\/\\\/www.tablaosflamencos.com\\\/pt-pt\\\/noches-unicas-muelle-sal-hotel-triana-bienal-2026.html#primaryimage\",\"url\":\"https:\\\/\\\/www.tablaosflamencos.com\\\/wp-content\\\/uploads\\\/bienal-de-flamenco-las-noches-unicas-se-trasladan-del-hotel-triana-al-muelle-de-la-sal-01.webp\",\"contentUrl\":\"https:\\\/\\\/www.tablaosflamencos.com\\\/wp-content\\\/uploads\\\/bienal-de-flamenco-las-noches-unicas-se-trasladan-del-hotel-triana-al-muelle-de-la-sal-01.webp\",\"width\":1536,\"height\":1024,\"caption\":\"Bienal de Flamenco: las Noches \u00danicas se trasladan del Hotel Triana al Muelle de la Sal\"},{\"@type\":\"BreadcrumbList\",\"@id\":\"https:\\\/\\\/www.tablaosflamencos.com\\\/pt-pt\\\/noches-unicas-muelle-sal-hotel-triana-bienal-2026.html#breadcrumb\",\"itemListElement\":[{\"@type\":\"ListItem\",\"position\":1,\"name\":\"Home\",\"item\":\"https:\\\/\\\/www.tablaosflamencos.com\\\/pt-pt\"},{\"@type\":\"ListItem\",\"position\":2,\"name\":\"Bienal de Flamenco: as Noches \u00danicas mudam do Hotel Triana para o Muelle de la Sal\"}]},{\"@type\":\"WebSite\",\"@id\":\"https:\\\/\\\/www.tablaosflamencos.com\\\/pt-pt#website\",\"url\":\"https:\\\/\\\/www.tablaosflamencos.com\\\/pt-pt\",\"name\":\"Tablaos Flamencos\",\"description\":\"Entradas para tablaos flamencos de Espa\u00f1a\",\"publisher\":{\"@id\":\"https:\\\/\\\/www.tablaosflamencos.com\\\/pt-pt#organization\"},\"alternateName\":\"Tablaos Flamencos\",\"potentialAction\":[{\"@type\":\"SearchAction\",\"target\":{\"@type\":\"EntryPoint\",\"urlTemplate\":\"https:\\\/\\\/www.tablaosflamencos.com\\\/pt-pt?s={search_term_string}\"},\"query-input\":{\"@type\":\"PropertyValueSpecification\",\"valueRequired\":true,\"valueName\":\"search_term_string\"}}],\"inLanguage\":\"pt-PT\"},{\"@type\":[\"Organization\",\"Place\",\"EntertainmentBusiness\"],\"@id\":\"https:\\\/\\\/www.tablaosflamencos.com\\\/pt-pt#organization\",\"name\":\"Tablaos Flamencos\",\"alternateName\":\"Tablaos Flamencos\",\"url\":\"https:\\\/\\\/www.tablaosflamencos.com\\\/pt-pt\",\"logo\":{\"@id\":\"https:\\\/\\\/www.tablaosflamencos.com\\\/pt-pt\\\/noches-unicas-muelle-sal-hotel-triana-bienal-2026.html#local-main-organization-logo\"},\"image\":{\"@id\":\"https:\\\/\\\/www.tablaosflamencos.com\\\/pt-pt\\\/noches-unicas-muelle-sal-hotel-triana-bienal-2026.html#local-main-organization-logo\"},\"sameAs\":[\"https:\\\/\\\/www.facebook.com\\\/tablaosflamencos\",\"https:\\\/\\\/x.com\\\/tablaosflamenco\",\"https:\\\/\\\/mastodon.social\\\/@tablaosflamencos\",\"https:\\\/\\\/www.instagram.com\\\/tablaosflamencos\",\"https:\\\/\\\/tiktok.com\\\/@tablaosflamencos\",\"https:\\\/\\\/www.linkedin.com\\\/company\\\/109408238\\\/\"],\"description\":\"Venta de entradas para espect\u00e1culos flamencos\",\"legalName\":\"Tablaos Flamencos\",\"foundingDate\":\"2015-01-01\",\"numberOfEmployees\":{\"@type\":\"QuantitativeValue\",\"minValue\":\"1\",\"maxValue\":\"10\"},\"address\":{\"@id\":\"https:\\\/\\\/www.tablaosflamencos.com\\\/pt-pt\\\/noches-unicas-muelle-sal-hotel-triana-bienal-2026.html#local-main-place-address\"},\"geo\":{\"@type\":\"GeoCoordinates\",\"latitude\":\"37.3868072\",\"longitude\":\"-5.993280299999999\"},\"telephone\":[\"+34623787787\"],\"contactPoint\":{\"@type\":\"ContactPoint\",\"telephone\":\"+34623787787\",\"email\":\"info@tablaosflamencos.com\"},\"openingHoursSpecification\":{\"@type\":\"OpeningHoursSpecification\",\"dayOfWeek\":[\"Monday\",\"Tuesday\",\"Wednesday\",\"Thursday\",\"Friday\",\"Saturday\",\"Sunday\"],\"opens\":\"00:00\",\"closes\":\"23:59\"},\"email\":\"info@tablaosflamencos.com\",\"priceRange\":\"$$$\",\"currenciesAccepted\":\"\u20ac\"},{\"@type\":\"Person\",\"@id\":\"https:\\\/\\\/www.tablaosflamencos.com\\\/pt-pt#\\\/schema\\\/person\\\/e7a9ebe14eb75a52ceabfbffb3c54f5d\",\"name\":\"Miguel Ortiz\",\"description\":\"Miguel Ortiz es un empresario flamenco, con una s\u00f3lida trayectoria dentro del sector. Ha presidido entidades culturales vinculadas al flamenco y, cuenta con un amplio recorrido profesional en la gesti\u00f3n y promoci\u00f3n de espect\u00e1culos y tablaos flamencos. Su pasi\u00f3n por la historia y el arte flamenco se refleja en cada art\u00edculo, donde combina experiencia, criterio y un profundo respeto por la tradici\u00f3n.\",\"sameAs\":[\"https:\\\/\\\/www.tablaosflamencos.com\",\"https:\\\/\\\/www.instagra.com\\\/miguelortizfe\",\"https:\\\/\\\/www.linkedin.com\\\/in\\\/miguelortizf\\\/\"],\"birthDate\":\"1984-11-22\",\"gender\":\"hombre\",\"knowsLanguage\":[\"espa\u00f1ol\",\"ingl\u00e9s\"],\"jobTitle\":\"Empresario flamenco\"},{\"@type\":\"PostalAddress\",\"@id\":\"https:\\\/\\\/www.tablaosflamencos.com\\\/pt-pt\\\/noches-unicas-muelle-sal-hotel-triana-bienal-2026.html#local-main-place-address\",\"streetAddress\":\"C\\\/ Alemanes, 19\",\"addressLocality\":\"Sevilla\",\"postalCode\":\"41004\",\"addressRegion\":\"Sevilla\",\"addressCountry\":\"ES\"},{\"@type\":\"ImageObject\",\"inLanguage\":\"pt-PT\",\"@id\":\"https:\\\/\\\/www.tablaosflamencos.com\\\/pt-pt\\\/noches-unicas-muelle-sal-hotel-triana-bienal-2026.html#local-main-organization-logo\",\"url\":\"https:\\\/\\\/www.tablaosflamencos.com\\\/wp-content\\\/uploads\\\/tablaos-flamencos-06-3.webp\",\"contentUrl\":\"https:\\\/\\\/www.tablaosflamencos.com\\\/wp-content\\\/uploads\\\/tablaos-flamencos-06-3.webp\",\"width\":600,\"height\":620,\"caption\":\"Tablaos Flamencos\"}]}<\/script>\n<meta name=\"geo.placename\" content=\"Sevilla\" \/>\n<meta name=\"geo.position\" content=\"37.3868072;-5.993280299999999\" \/>\n<meta name=\"geo.region\" content=\"Espanha\" \/>\n<!-- \/ Yoast SEO Premium plugin. -->","yoast_head_json":{"title":"Noches \u00danicas no Muelle de la Sal | Bienal 2026","description":"As Noches \u00danicas de 17, 18 e 19 de setembro mudam para o Muelle de la Sal. Saiba os hor\u00e1rios, artistas, validade dos bilhetes e condi\u00e7\u00f5es de reembolso.","robots":{"index":"index","follow":"follow","max-snippet":"max-snippet:-1","max-image-preview":"max-image-preview:large","max-video-preview":"max-video-preview:-1"},"canonical":"https:\/\/www.tablaosflamencos.com\/pt-pt\/noches-unicas-muelle-sal-hotel-triana-bienal-2026.html","og_locale":"pt_PT","og_type":"article","og_title":"Bienal de Flamenco: as Noches \u00danicas mudam do Hotel Triana para o Muelle de la Sal","og_description":"As Noches \u00danicas de 17, 18 e 19 de setembro mudam para o Muelle de la Sal. Saiba os hor\u00e1rios, artistas, validade dos bilhetes e condi\u00e7\u00f5es de reembolso.","og_url":"https:\/\/www.tablaosflamencos.com\/pt-pt\/noches-unicas-muelle-sal-hotel-triana-bienal-2026.html","og_site_name":"Tablaos Flamencos","article_publisher":"https:\/\/www.facebook.com\/tablaosflamencos","article_published_time":"2026-09-05T11:46:58+00:00","article_modified_time":"2026-09-05T13:06:52+00:00","og_image":[{"width":1536,"height":1024,"url":"https:\/\/www.tablaosflamencos.com\/wp-content\/uploads\/bienal-de-flamenco-las-noches-unicas-se-trasladan-del-hotel-triana-al-muelle-de-la-sal-01.webp","type":"image\/webp"}],"author":"Miguel Ortiz","twitter_card":"summary_large_image","twitter_creator":"@tablaosflamenco","twitter_site":"@tablaosflamenco","twitter_misc":{"Escrito por":"Miguel Ortiz","Tempo estimado de leitura":"16 minutos"},"schema":{"@context":"https:\/\/schema.org","@graph":[{"@type":"Article","@id":"https:\/\/www.tablaosflamencos.com\/pt-pt\/noches-unicas-muelle-sal-hotel-triana-bienal-2026.html#article","isPartOf":{"@id":"https:\/\/www.tablaosflamencos.com\/pt-pt\/noches-unicas-muelle-sal-hotel-triana-bienal-2026.html"},"author":{"name":"Miguel Ortiz","@id":"https:\/\/www.tablaosflamencos.com\/pt-pt#\/schema\/person\/e7a9ebe14eb75a52ceabfbffb3c54f5d"},"headline":"Bienal de Flamenco: as Noches \u00danicas mudam do Hotel Triana para o Muelle de la Sal","datePublished":"2026-09-05T11:46:58+00:00","dateModified":"2026-09-05T13:06:52+00:00","mainEntityOfPage":{"@id":"https:\/\/www.tablaosflamencos.com\/pt-pt\/noches-unicas-muelle-sal-hotel-triana-bienal-2026.html"},"wordCount":3263,"publisher":{"@id":"https:\/\/www.tablaosflamencos.com\/pt-pt#organization"},"image":{"@id":"https:\/\/www.tablaosflamencos.com\/pt-pt\/noches-unicas-muelle-sal-hotel-triana-bienal-2026.html#primaryimage"},"thumbnailUrl":"https:\/\/www.tablaosflamencos.com\/wp-content\/uploads\/bienal-de-flamenco-las-noches-unicas-se-trasladan-del-hotel-triana-al-muelle-de-la-sal-01.webp","keywords":["agenda flamenca","Bienal 2026","Bienal de Flamenco","festivales flamencos","flamenco en Sevilla","sevilla"],"articleSection":["Bienal de Flamenco de Sevilha"],"inLanguage":"pt-PT"},{"@type":"WebPage","@id":"https:\/\/www.tablaosflamencos.com\/pt-pt\/noches-unicas-muelle-sal-hotel-triana-bienal-2026.html","url":"https:\/\/www.tablaosflamencos.com\/pt-pt\/noches-unicas-muelle-sal-hotel-triana-bienal-2026.html","name":"Noches \u00danicas no Muelle de la Sal | Bienal 2026","isPartOf":{"@id":"https:\/\/www.tablaosflamencos.com\/pt-pt#website"},"primaryImageOfPage":{"@id":"https:\/\/www.tablaosflamencos.com\/pt-pt\/noches-unicas-muelle-sal-hotel-triana-bienal-2026.html#primaryimage"},"image":{"@id":"https:\/\/www.tablaosflamencos.com\/pt-pt\/noches-unicas-muelle-sal-hotel-triana-bienal-2026.html#primaryimage"},"thumbnailUrl":"https:\/\/www.tablaosflamencos.com\/wp-content\/uploads\/bienal-de-flamenco-las-noches-unicas-se-trasladan-del-hotel-triana-al-muelle-de-la-sal-01.webp","datePublished":"2026-09-05T11:46:58+00:00","dateModified":"2026-09-05T13:06:52+00:00","description":"As Noches \u00danicas de 17, 18 e 19 de setembro mudam para o Muelle de la Sal. Saiba os hor\u00e1rios, artistas, validade dos bilhetes e condi\u00e7\u00f5es de reembolso.","breadcrumb":{"@id":"https:\/\/www.tablaosflamencos.com\/pt-pt\/noches-unicas-muelle-sal-hotel-triana-bienal-2026.html#breadcrumb"},"inLanguage":"pt-PT","potentialAction":[{"@type":"ReadAction","target":["https:\/\/www.tablaosflamencos.com\/pt-pt\/noches-unicas-muelle-sal-hotel-triana-bienal-2026.html"]}]},{"@type":"ImageObject","inLanguage":"pt-PT","@id":"https:\/\/www.tablaosflamencos.com\/pt-pt\/noches-unicas-muelle-sal-hotel-triana-bienal-2026.html#primaryimage","url":"https:\/\/www.tablaosflamencos.com\/wp-content\/uploads\/bienal-de-flamenco-las-noches-unicas-se-trasladan-del-hotel-triana-al-muelle-de-la-sal-01.webp","contentUrl":"https:\/\/www.tablaosflamencos.com\/wp-content\/uploads\/bienal-de-flamenco-las-noches-unicas-se-trasladan-del-hotel-triana-al-muelle-de-la-sal-01.webp","width":1536,"height":1024,"caption":"Bienal de Flamenco: las Noches \u00danicas se trasladan del Hotel Triana al Muelle de la Sal"},{"@type":"BreadcrumbList","@id":"https:\/\/www.tablaosflamencos.com\/pt-pt\/noches-unicas-muelle-sal-hotel-triana-bienal-2026.html#breadcrumb","itemListElement":[{"@type":"ListItem","position":1,"name":"Home","item":"https:\/\/www.tablaosflamencos.com\/pt-pt"},{"@type":"ListItem","position":2,"name":"Bienal de Flamenco: as Noches \u00danicas mudam do Hotel Triana para o Muelle de la Sal"}]},{"@type":"WebSite","@id":"https:\/\/www.tablaosflamencos.com\/pt-pt#website","url":"https:\/\/www.tablaosflamencos.com\/pt-pt","name":"Tablaos Flamencos","description":"Entradas para tablaos flamencos de Espa\u00f1a","publisher":{"@id":"https:\/\/www.tablaosflamencos.com\/pt-pt#organization"},"alternateName":"Tablaos Flamencos","potentialAction":[{"@type":"SearchAction","target":{"@type":"EntryPoint","urlTemplate":"https:\/\/www.tablaosflamencos.com\/pt-pt?s={search_term_string}"},"query-input":{"@type":"PropertyValueSpecification","valueRequired":true,"valueName":"search_term_string"}}],"inLanguage":"pt-PT"},{"@type":["Organization","Place","EntertainmentBusiness"],"@id":"https:\/\/www.tablaosflamencos.com\/pt-pt#organization","name":"Tablaos Flamencos","alternateName":"Tablaos Flamencos","url":"https:\/\/www.tablaosflamencos.com\/pt-pt","logo":{"@id":"https:\/\/www.tablaosflamencos.com\/pt-pt\/noches-unicas-muelle-sal-hotel-triana-bienal-2026.html#local-main-organization-logo"},"image":{"@id":"https:\/\/www.tablaosflamencos.com\/pt-pt\/noches-unicas-muelle-sal-hotel-triana-bienal-2026.html#local-main-organization-logo"},"sameAs":["https:\/\/www.facebook.com\/tablaosflamencos","https:\/\/x.com\/tablaosflamenco","https:\/\/mastodon.social\/@tablaosflamencos","https:\/\/www.instagram.com\/tablaosflamencos","https:\/\/tiktok.com\/@tablaosflamencos","https:\/\/www.linkedin.com\/company\/109408238\/"],"description":"Venta de entradas para espect\u00e1culos flamencos","legalName":"Tablaos Flamencos","foundingDate":"2015-01-01","numberOfEmployees":{"@type":"QuantitativeValue","minValue":"1","maxValue":"10"},"address":{"@id":"https:\/\/www.tablaosflamencos.com\/pt-pt\/noches-unicas-muelle-sal-hotel-triana-bienal-2026.html#local-main-place-address"},"geo":{"@type":"GeoCoordinates","latitude":"37.3868072","longitude":"-5.993280299999999"},"telephone":["+34623787787"],"contactPoint":{"@type":"ContactPoint","telephone":"+34623787787","email":"info@tablaosflamencos.com"},"openingHoursSpecification":{"@type":"OpeningHoursSpecification","dayOfWeek":["Monday","Tuesday","Wednesday","Thursday","Friday","Saturday","Sunday"],"opens":"00:00","closes":"23:59"},"email":"info@tablaosflamencos.com","priceRange":"$$$","currenciesAccepted":"\u20ac"},{"@type":"Person","@id":"https:\/\/www.tablaosflamencos.com\/pt-pt#\/schema\/person\/e7a9ebe14eb75a52ceabfbffb3c54f5d","name":"Miguel Ortiz","description":"Miguel Ortiz es un empresario flamenco, con una s\u00f3lida trayectoria dentro del sector. Ha presidido entidades culturales vinculadas al flamenco y, cuenta con un amplio recorrido profesional en la gesti\u00f3n y promoci\u00f3n de espect\u00e1culos y tablaos flamencos. Su pasi\u00f3n por la historia y el arte flamenco se refleja en cada art\u00edculo, donde combina experiencia, criterio y un profundo respeto por la tradici\u00f3n.","sameAs":["https:\/\/www.tablaosflamencos.com","https:\/\/www.instagra.com\/miguelortizfe","https:\/\/www.linkedin.com\/in\/miguelortizf\/"],"birthDate":"1984-11-22","gender":"hombre","knowsLanguage":["espa\u00f1ol","ingl\u00e9s"],"jobTitle":"Empresario flamenco"},{"@type":"PostalAddress","@id":"https:\/\/www.tablaosflamencos.com\/pt-pt\/noches-unicas-muelle-sal-hotel-triana-bienal-2026.html#local-main-place-address","streetAddress":"C\/ Alemanes, 19","addressLocality":"Sevilla","postalCode":"41004","addressRegion":"Sevilla","addressCountry":"ES"},{"@type":"ImageObject","inLanguage":"pt-PT","@id":"https:\/\/www.tablaosflamencos.com\/pt-pt\/noches-unicas-muelle-sal-hotel-triana-bienal-2026.html#local-main-organization-logo","url":"https:\/\/www.tablaosflamencos.com\/wp-content\/uploads\/tablaos-flamencos-06-3.webp","contentUrl":"https:\/\/www.tablaosflamencos.com\/wp-content\/uploads\/tablaos-flamencos-06-3.webp","width":600,"height":620,"caption":"Tablaos Flamencos"}]},"geo.placename":"Sevilla","geo.position":{"lat":"37.3868072","long":"-5.993280299999999"},"geo.region":"Espanha"},"_links":{"self":[{"href":"https:\/\/www.tablaosflamencos.com\/pt-pt\/wp-json\/wp\/v2\/posts\/14835","targetHints":{"allow":["GET"]}}],"collection":[{"href":"https:\/\/www.tablaosflamencos.com\/pt-pt\/wp-json\/wp\/v2\/posts"}],"about":[{"href":"https:\/\/www.tablaosflamencos.com\/pt-pt\/wp-json\/wp\/v2\/types\/post"}],"author":[{"embeddable":true,"href":"https:\/\/www.tablaosflamencos.com\/pt-pt\/wp-json\/wp\/v2\/users\/1"}],"replies":[{"embeddable":true,"href":"https:\/\/www.tablaosflamencos.com\/pt-pt\/wp-json\/wp\/v2\/comments?post=14835"}],"version-history":[{"count":6,"href":"https:\/\/www.tablaosflamencos.com\/pt-pt\/wp-json\/wp\/v2\/posts\/14835\/revisions"}],"predecessor-version":[{"id":14919,"href":"https:\/\/www.tablaosflamencos.com\/pt-pt\/wp-json\/wp\/v2\/posts\/14835\/revisions\/14919"}],"wp:featuredmedia":[{"embeddable":true,"href":"https:\/\/www.tablaosflamencos.com\/pt-pt\/wp-json\/wp\/v2\/media\/14746"}],"wp:attachment":[{"href":"https:\/\/www.tablaosflamencos.com\/pt-pt\/wp-json\/wp\/v2\/media?parent=14835"}],"wp:term":[{"taxonomy":"category","embeddable":true,"href":"https:\/\/www.tablaosflamencos.com\/pt-pt\/wp-json\/wp\/v2\/categories?post=14835"},{"taxonomy":"post_tag","embeddable":true,"href":"https:\/\/www.tablaosflamencos.com\/pt-pt\/wp-json\/wp\/v2\/tags?post=14835"}],"curies":[{"name":"wp","href":"https:\/\/api.w.org\/{rel}","templated":true}]}}