{"id":14832,"date":"2026-09-05T14:03:11","date_gmt":"2026-09-05T12:03:11","guid":{"rendered":"https:\/\/www.tablaosflamencos.com\/?p=14832"},"modified":"2026-09-05T14:31:42","modified_gmt":"2026-09-05T12:31:42","slug":"onde-ver-flamenco-jerez-durante-jerez-fusion","status":"publish","type":"post","link":"https:\/\/www.tablaosflamencos.com\/pt-pt\/onde-ver-flamenco-jerez-durante-jerez-fusion.html","title":{"rendered":"Onde ver flamenco em Jerez durante o Jerez Fusi\u00f3n"},"content":{"rendered":"<section class=\"l-section wpb_row height_huge\"><div class=\"l-section-h i-cf\"><div class=\"g-cols vc_row via_flex valign_top type_default stacking_default\"><div class=\"vc_col-sm-6 wpb_column vc_column_container\"><div class=\"vc_column-inner\"><div class=\"wpb_wrapper\"><div class=\"wpb_text_column\"><div class=\"wpb_wrapper\"><h2><strong>Flamenco em Jerez<\/strong><\/h2>\n<p><strong>Ver flamenco em Jerez durante o Jerez Fusi\u00f3n<\/strong> permite combinar duas formas de conhecer a cidade: os concertos do festival e uma sess\u00e3o de cante, guitarra e baile num tablao. A escolha depende do que quer ouvir, do tempo de que disp\u00f5e e dos bilhetes dispon\u00edveis em cada dia.<\/p>\n<p>Se viajar de <strong>10 a 13 de setembro de 2026<\/strong>, comece por escolher a atividade do festival que mais lhe interessa e reserve depois algum tempo para conhecer o flamenco num formato mais pr\u00f3ximo. Este guia ajuda-o a decidir onde ir e a organizar as duas experi\u00eancias.<\/p>\n<\/div><\/div><\/div><\/div><\/div><div class=\"vc_col-sm-6 wpb_column vc_column_container\"><div class=\"vc_column-inner\"><div class=\"wpb_wrapper\"><div class=\"w-image us_custom_83db15f5 has_aspect_ratio align_center\"><div class=\"w-image-h\"><img fetchpriority=\"high\" decoding=\"async\" width=\"1024\" height=\"768\" src=\"https:\/\/www.tablaosflamencos.com\/wp-content\/uploads\/donde-ver-flamenco-en-jerez-durante-jerez-fusion-01-1-1024x768.webp\" class=\"attachment-large size-large\" alt=\"D\u00f3nde ver flamenco en Jerez durante Jerez Fusi\u00f3n\" loading=\"eager\" srcset=\"https:\/\/www.tablaosflamencos.com\/wp-content\/uploads\/donde-ver-flamenco-en-jerez-durante-jerez-fusion-01-1-1024x768.webp 1024w, https:\/\/www.tablaosflamencos.com\/wp-content\/uploads\/donde-ver-flamenco-en-jerez-durante-jerez-fusion-01-1-300x225.webp 300w, https:\/\/www.tablaosflamencos.com\/wp-content\/uploads\/donde-ver-flamenco-en-jerez-durante-jerez-fusion-01-1-600x450.webp 600w, https:\/\/www.tablaosflamencos.com\/wp-content\/uploads\/donde-ver-flamenco-en-jerez-durante-jerez-fusion-01-1-150x113.webp 150w, https:\/\/www.tablaosflamencos.com\/wp-content\/uploads\/donde-ver-flamenco-en-jerez-durante-jerez-fusion-01-1.webp 1448w\" sizes=\"auto, (max-width: 1024px) 100vw, 1024px\" \/><\/div><\/div><\/div><\/div><\/div><\/div><\/div><\/section><section class=\"l-section wpb_row height_huge color_alternate with_shape\"><div class=\"l-section-shape type_zigzag pos_top\" style=\"height:3vmin;\"><svg xmlns=\"http:\/\/www.w3.org\/2000\/svg\" viewBox=\"0 0 64 8\" preserveAspectRatio=\"none\" width=\"100%\" height=\"100%\">\r\n\t<path fill=\"currentColor\" d=\"M64 8 L0 8 L0 0 L20 7.9 L40 3 L48 5 L64 0 Z\"\/>\r\n<\/svg><\/div><div class=\"l-section-shape type_zigzag pos_bottom\" style=\"height:3vmin;\"><svg xmlns=\"http:\/\/www.w3.org\/2000\/svg\" viewBox=\"0 0 64 8\" preserveAspectRatio=\"none\" width=\"100%\" height=\"100%\">\r\n\t<path fill=\"currentColor\" d=\"M64 8 L0 8 L0 0 L20 7.9 L40 3 L48 5 L64 0 Z\"\/>\r\n<\/svg><\/div><div class=\"l-section-h i-cf\"><div class=\"g-cols vc_row via_flex valign_top type_default stacking_default\"><div class=\"vc_col-sm-12 wpb_column vc_column_container\"><div class=\"vc_column-inner\"><div class=\"wpb_wrapper\"><div class=\"wpb_text_column\"><div class=\"wpb_wrapper\"><h2>Resposta r\u00e1pida: onde ver flamenco durante o festival<\/h2>\n<p>Para acompanhar o Jerez Fusi\u00f3n, consulte os espa\u00e7os e as atua\u00e7\u00f5es da sua <a href=\"https:\/\/www.jerezfusion.com\/\">programa\u00e7\u00e3o oficial<\/a>. Se procura um espet\u00e1culo de tablao que possa reservar separadamente, tem o <a href=\"https:\/\/www.tablaosflamencos.com\/tablao\/tablao-flamenco-puro-arte\">Tablao Flamenco Puro Arte<\/a>. Tamb\u00e9m pode consultar a nossa p\u00e1gina de <a href=\"https:\/\/www.tablaosflamencos.com\/flamenco-en-jerez\">flamenco em Jerez<\/a> para ver a oferta dispon\u00edvel.<\/p>\n<p><strong>A reserva de um tablao \u00e9 independente do festival.<\/strong> Confirme a data, o hor\u00e1rio e o que est\u00e1 inclu\u00eddo em cada atividade antes de fechar o plano.<\/p>\n<\/div><\/div><\/div><\/div><\/div><\/div><\/div><\/section><section class=\"l-section wpb_row height_huge\"><div class=\"l-section-h i-cf\"><div class=\"g-cols vc_row via_flex valign_top type_default stacking_default\"><div class=\"vc_col-sm-3 wpb_column vc_column_container\"><div class=\"vc_column-inner\"><div class=\"wpb_wrapper\"><\/div><\/div><\/div><div class=\"vc_col-sm-6 wpb_column vc_column_container\"><div class=\"vc_column-inner\"><div class=\"wpb_wrapper\"><div class=\"wpb_text_column\"><div class=\"wpb_wrapper\"><h2>Neste guia<\/h2>\n<ul>\n<li><a href=\"#festival\">Os espa\u00e7os do Jerez Fusi\u00f3n<\/a><\/li>\n<li><a href=\"#puro-arte\">Puro Arte: uma op\u00e7\u00e3o de tablao<\/a><\/li>\n<li><a href=\"#elegir\">Que formato escolher<\/a><\/li>\n<li><a href=\"#plan\">Como organizar o dia<\/a><\/li>\n<li><a href=\"#reservar\">Bilhetes e reserva<\/a><\/li>\n<li><a href=\"#preguntas\">Perguntas frequentes<\/a><\/li>\n<\/ul>\n<\/div><\/div><\/div><\/div><\/div><div class=\"vc_col-sm-3 wpb_column vc_column_container\"><div class=\"vc_column-inner\"><div class=\"wpb_wrapper\"><\/div><\/div><\/div><\/div><\/div><\/section><section class=\"l-section wpb_row height_huge color_alternate with_shape\"><div class=\"l-section-shape type_zigzag pos_top\" style=\"height:3vmin;\"><svg xmlns=\"http:\/\/www.w3.org\/2000\/svg\" viewBox=\"0 0 64 8\" preserveAspectRatio=\"none\" width=\"100%\" height=\"100%\">\r\n\t<path fill=\"currentColor\" d=\"M64 8 L0 8 L0 0 L20 7.9 L40 3 L48 5 L64 0 Z\"\/>\r\n<\/svg><\/div><div class=\"l-section-shape type_zigzag pos_bottom\" style=\"height:3vmin;\"><svg xmlns=\"http:\/\/www.w3.org\/2000\/svg\" viewBox=\"0 0 64 8\" preserveAspectRatio=\"none\" width=\"100%\" height=\"100%\">\r\n\t<path fill=\"currentColor\" d=\"M64 8 L0 8 L0 0 L20 7.9 L40 3 L48 5 L64 0 Z\"\/>\r\n<\/svg><\/div><div class=\"l-section-h i-cf\"><div class=\"g-cols vc_row via_flex valign_top type_default stacking_default\"><div class=\"vc_col-sm-12 wpb_column vc_column_container\"><div class=\"vc_column-inner\"><div class=\"wpb_wrapper\"><div class=\"wpb_text_column\"><div class=\"wpb_wrapper\"><h2 id=\"festival\">Os espa\u00e7os do Jerez Fusi\u00f3n: escolha pela atua\u00e7\u00e3o<\/h2>\n<p>O Jerez Fusi\u00f3n prop\u00f5e um encontro do flamenco com outras linguagens musicais e com a cultura do vinho. O programa distribui-se por v\u00e1rios espa\u00e7os, pelo que o mais pr\u00e1tico \u00e9 escolher primeiro uma atua\u00e7\u00e3o e localizar depois o respetivo recinto. Confirme sempre o local exato indicado no bilhete: o nome do festival n\u00e3o corresponde a uma \u00fanica morada.<\/p>\n<p>A <a href=\"https:\/\/www.jerez.es\/eventos\/detalle\/jerez-fusion-flamenco-global-experience\">C\u00e2mara Municipal de Jerez<\/a> situa o evento entre 10 e 13 de setembro e anuncia a Alameda Vieja como palco do concerto de encerramento, com uma homenagem a Antonio de los R\u00edos, \u201cEl Madriles\u201d, e a participa\u00e7\u00e3o de Raimundo Amador. Para hor\u00e1rios, acesso e eventuais altera\u00e7\u00f5es, consulte a informa\u00e7\u00e3o publicada pela organiza\u00e7\u00e3o para cada concerto.<\/p>\n<p>Escolha esta parte da viagem se lhe apetece descobrir cruzamentos musicais ou acompanhar um artista do cartaz. Antes de comprar, confirme tamb\u00e9m o formato: um concerto de fus\u00e3o pode proporcionar uma experi\u00eancia diferente da de um quadro de cante, guitarra e baile.<\/p>\n<\/div><\/div><\/div><\/div><\/div><\/div><\/div><\/section><section class=\"l-section wpb_row height_huge\"><div class=\"l-section-h i-cf\"><div class=\"g-cols vc_row via_flex valign_top type_default stacking_default\"><div class=\"vc_col-sm-6 wpb_column vc_column_container\"><div class=\"vc_column-inner\"><div class=\"wpb_wrapper\"><div class=\"wpb_text_column\"><div class=\"wpb_wrapper\"><h2 id=\"puro-arte\">Tablao Flamenco Puro Arte: cante, guitarra e baile<\/h2>\n<p>Para acrescentar uma sess\u00e3o de tablao \u00e0 sua estadia, <strong>Puro Arte<\/strong> \u00e9 a op\u00e7\u00e3o reserv\u00e1vel que pode consultar no nosso site. Fica na <strong>calle Madre de Dios, 10<\/strong>, em Jerez de la Frontera, e oferece um espet\u00e1culo com cante, guitarra e baile.<\/p>\n<p>A ficha do estabelecimento indica uma dura\u00e7\u00e3o aproximada de <strong>60\u201370 minutos<\/strong>, um quadro de cinco artistas e modalidades com bebida ou menu de tapas. Confirme as op\u00e7\u00f5es da sess\u00e3o escolhida, sobretudo se quiser incluir comida: essa parte do plano exige tempo adicional.<\/p>\n<p><a href=\"https:\/\/www.tablaosflamencos.com\/tablao\/tablao-flamenco-puro-arte\">Consulte a ficha do Puro Arte e os seus bilhetes<\/a> para verificar a disponibilidade. Apresentamos esta visita como um plano independente para a sua estadia em Jerez, e n\u00e3o como uma atividade inclu\u00edda no Jerez Fusi\u00f3n.<\/p>\n<\/div><\/div><\/div><\/div><\/div><div class=\"vc_col-sm-6 wpb_column vc_column_container\"><div class=\"vc_column-inner\"><div class=\"wpb_wrapper\"><div class=\"w-image align_center\"><div class=\"w-image-h\"><img decoding=\"async\" width=\"1024\" height=\"684\" src=\"https:\/\/www.tablaosflamencos.com\/wp-content\/uploads\/tablao-flamenco-puro-arte-02-1024x684.webp\" class=\"attachment-large size-large\" alt=\"Tablao Flamenco Jerez | Tablao Puro Arte\" loading=\"eager\" srcset=\"https:\/\/www.tablaosflamencos.com\/wp-content\/uploads\/tablao-flamenco-puro-arte-02-1024x684.webp 1024w, https:\/\/www.tablaosflamencos.com\/wp-content\/uploads\/tablao-flamenco-puro-arte-02-300x200.webp 300w, https:\/\/www.tablaosflamencos.com\/wp-content\/uploads\/tablao-flamenco-puro-arte-02-600x401.webp 600w, https:\/\/www.tablaosflamencos.com\/wp-content\/uploads\/tablao-flamenco-puro-arte-02-150x100.webp 150w, https:\/\/www.tablaosflamencos.com\/wp-content\/uploads\/tablao-flamenco-puro-arte-02.webp 1360w\" sizes=\"auto, (max-width: 1024px) 100vw, 1024px\" \/><\/div><\/div><\/div><\/div><\/div><\/div><\/div><\/section><section class=\"l-section wpb_row height_huge color_alternate with_shape\"><div class=\"l-section-shape type_zigzag pos_top\" style=\"height:3vmin;\"><svg xmlns=\"http:\/\/www.w3.org\/2000\/svg\" viewBox=\"0 0 64 8\" preserveAspectRatio=\"none\" width=\"100%\" height=\"100%\">\r\n\t<path fill=\"currentColor\" d=\"M64 8 L0 8 L0 0 L20 7.9 L40 3 L48 5 L64 0 Z\"\/>\r\n<\/svg><\/div><div class=\"l-section-shape type_zigzag pos_bottom\" style=\"height:3vmin;\"><svg xmlns=\"http:\/\/www.w3.org\/2000\/svg\" viewBox=\"0 0 64 8\" preserveAspectRatio=\"none\" width=\"100%\" height=\"100%\">\r\n\t<path fill=\"currentColor\" d=\"M64 8 L0 8 L0 0 L20 7.9 L40 3 L48 5 L64 0 Z\"\/>\r\n<\/svg><\/div><div class=\"l-section-h i-cf\"><div class=\"g-cols vc_row via_flex valign_top type_default stacking_default\"><div class=\"vc_col-sm-12 wpb_column vc_column_container\"><div class=\"vc_column-inner\"><div class=\"wpb_wrapper\"><div class=\"wpb_text_column\"><div class=\"wpb_wrapper\"><h2 id=\"elegir\">Festival, tablao ou agenda local: o que lhe conv\u00e9m<\/h2>\n<h3>Para acompanhar um artista ou descobrir fus\u00f5es<\/h3>\n<p>Comece pelo cartaz do festival. Ou\u00e7a uma amostra do projeto que lhe interessa e veja o que o concerto prop\u00f5e. Assim, escolhe pela afinidade musical e n\u00e3o apenas porque existe uma atividade num hor\u00e1rio livre.<\/p>\n<h3>Para uma primeira experi\u00eancia de cante, guitarra e baile<\/h3>\n<p>Um tablao facilita a organiza\u00e7\u00e3o de uma visita em torno de um espet\u00e1culo definido. \u00c9 uma boa escolha se quiser dedicar algum tempo a observar como a voz, a guitarra e o baile se acompanham. Confirme o que a atua\u00e7\u00e3o anuncia: nem todos os espet\u00e1culos flamencos t\u00eam o mesmo elenco nem d\u00e3o o mesmo protagonismo a cada disciplina.<\/p>\n<h3>Para ampliar o plano com pe\u00f1as e tabancos<\/h3>\n<p>Se quiser acrescentar uma atividade da agenda local, procure um recital anunciado para as suas datas e confirme as condi\u00e7\u00f5es de acesso. N\u00e3o parta do princ\u00edpio de que qualquer tabanco ter\u00e1 uma atua\u00e7\u00e3o quando chegar ou de que uma pe\u00f1a realiza concertos todos os dias. Um local com ambiente flamenco e um espet\u00e1culo programado s\u00e3o propostas diferentes; conv\u00e9m saber qual delas procura.<\/p>\n<\/div><\/div><\/div><\/div><\/div><\/div><\/div><\/section><section class=\"l-section wpb_row height_huge\"><div class=\"l-section-h i-cf\"><div class=\"g-cols vc_row via_flex valign_top type_default stacking_default\"><div class=\"vc_col-sm-12 wpb_column vc_column_container\"><div class=\"vc_column-inner\"><div class=\"wpb_wrapper\"><div class=\"wpb_text_column\"><div class=\"wpb_wrapper\"><h2 id=\"plan\">Como combinar o Jerez Fusi\u00f3n e um tablao na mesma viagem<\/h2>\n<p>Organize a estadia em torno da atividade com menos alternativas de data. Se o principal motivo da viagem for um concerto espec\u00edfico, anote primeiro o hor\u00e1rio e o local. Depois procure uma sess\u00e3o de tablao que encaixe, sem apertar demasiado os tempos de desloca\u00e7\u00e3o.<\/p>\n<h3>Se tiver apenas uma noite<\/h3>\n<p>Escolha uma atua\u00e7\u00e3o como plano principal. Acrescentar outra s\u00f3 faz sentido quando consegue confirmar a dura\u00e7\u00e3o, a hora de sa\u00edda do primeiro recinto e o tempo necess\u00e1rio para chegar ao seguinte. Se os hor\u00e1rios ficarem demasiado pr\u00f3ximos, desfrutar de uma \u00fanica experi\u00eancia com calma costuma ser a melhor decis\u00e3o.<\/p>\n<h3>Se ficar um fim de semana<\/h3>\n<p>Dedique um dia ao festival e outro ao tablao. Separ\u00e1-los permite desfrutar de cada formato sem estar sempre atento ao bilhete seguinte. Durante o dia, reserve tempo para passear, comer ou descansar; n\u00e3o \u00e9 necess\u00e1rio preencher todos os intervalos entre atua\u00e7\u00f5es.<\/p>\n<h3>Se quiser incluir um jantar<\/h3>\n<p>Confirme quando \u00e9 servido e de quanto tempo precisa. N\u00e3o planeie a noite apenas com base na dura\u00e7\u00e3o do espet\u00e1culo. Se preferir jantar noutro local, reserve a mesa tendo tamb\u00e9m em conta a hora de sa\u00edda e a desloca\u00e7\u00e3o.<\/p>\n<\/div><\/div><\/div><\/div><\/div><\/div><\/div><\/section><section class=\"l-section wpb_row height_huge color_alternate with_shape\"><div class=\"l-section-shape type_zigzag pos_top\" style=\"height:3vmin;\"><svg xmlns=\"http:\/\/www.w3.org\/2000\/svg\" viewBox=\"0 0 64 8\" preserveAspectRatio=\"none\" width=\"100%\" height=\"100%\">\r\n\t<path fill=\"currentColor\" d=\"M64 8 L0 8 L0 0 L20 7.9 L40 3 L48 5 L64 0 Z\"\/>\r\n<\/svg><\/div><div class=\"l-section-shape type_zigzag pos_bottom\" style=\"height:3vmin;\"><svg xmlns=\"http:\/\/www.w3.org\/2000\/svg\" viewBox=\"0 0 64 8\" preserveAspectRatio=\"none\" width=\"100%\" height=\"100%\">\r\n\t<path fill=\"currentColor\" d=\"M64 8 L0 8 L0 0 L20 7.9 L40 3 L48 5 L64 0 Z\"\/>\r\n<\/svg><\/div><div class=\"l-section-h i-cf\"><div class=\"g-cols vc_row via_flex valign_top type_default stacking_default\"><div class=\"vc_col-sm-12 wpb_column vc_column_container\"><div class=\"vc_column-inner\"><div class=\"wpb_wrapper\"><div class=\"wpb_text_column\"><div class=\"wpb_wrapper\"><h2 id=\"reservar\">O que confirmar ao reservar flamenco em Jerez<\/h2>\n<p>Para o festival, consulte a informa\u00e7\u00e3o de cada atividade no site oficial. Para o tablao, utilize a ficha do Puro Arte em Tablaos Flamencos. Cada reserva deve indicar claramente o que est\u00e1 a comprar e para que data.<\/p>\n<ul>\n<li><strong>Dia e hora:<\/strong> confirme que correspondem \u00e0 sua estadia e que n\u00e3o coincidem com outro bilhete.<\/li>\n<li><strong>Localiza\u00e7\u00e3o:<\/strong> guarde a morada do recinto exato e calcule o tempo de desloca\u00e7\u00e3o desde a atividade anterior.<\/li>\n<li><strong>Modalidade:<\/strong> confirme se inclui apenas o espet\u00e1culo, uma bebida ou comida.<\/li>\n<li><strong>Pre\u00e7o total:<\/strong> confirme o pre\u00e7o para todos os participantes e as condi\u00e7\u00f5es de altera\u00e7\u00f5es ou cancelamento.<\/li>\n<li><strong>Necessidades do grupo:<\/strong> consulte as condi\u00e7\u00f5es para crian\u00e7as, a acessibilidade ou as op\u00e7\u00f5es alimentares de que necessite.<\/li>\n<\/ul>\n<p>N\u00e3o considere o lugar confirmado at\u00e9 concluir a compra e receber a respetiva confirma\u00e7\u00e3o. Se n\u00e3o encontrar disponibilidade, experimente outra sess\u00e3o ou reorganize o dia antes de reservar as restantes atividades.<\/p>\n<\/div><\/div><\/div><\/div><\/div><\/div><\/div><\/section><section class=\"l-section wpb_row height_huge\"><div class=\"l-section-h i-cf\"><div class=\"g-cols vc_row via_flex valign_top type_default stacking_default\"><div class=\"vc_col-sm-12 wpb_column vc_column_container\"><div class=\"vc_column-inner\"><div class=\"wpb_wrapper\"><div class=\"wpb_text_column\"><div class=\"wpb_wrapper\"><h2>Conselhos para desfrutar do espet\u00e1culo ao vivo<\/h2>\n<p>Chegue com a anteced\u00eancia indicada na reserva e guarde o bilhete de forma a poder apresent\u00e1-lo facilmente. No Puro Arte, a ficha recomenda chegar 15 a 20 minutos antes. Essa margem \u00e9 \u00fatil para se instalar e come\u00e7ar a experi\u00eancia sem pressa.<\/p>\n<p>Durante a atua\u00e7\u00e3o, deixe as conversas para depois e respeite as regras do local sobre fotografias e grava\u00e7\u00f5es. A escuta tamb\u00e9m faz parte da experi\u00eancia: as mudan\u00e7as de intensidade e os detalhes do acompanhamento apreciam-se melhor quando pode prestar aten\u00e7\u00e3o.<\/p>\n<p>Se viajar em grupo, combinem antecipadamente como regressar\u00e3o ao alojamento. Resolver essa parte da noite com anteced\u00eancia evita ter de a organizar pelo telem\u00f3vel enquanto o espet\u00e1culo continua.<\/p>\n<\/div><\/div><\/div><\/div><\/div><\/div><\/div><\/section><section class=\"l-section wpb_row height_huge color_alternate with_shape\"><div class=\"l-section-shape type_zigzag pos_top\" style=\"height:3vmin;\"><svg xmlns=\"http:\/\/www.w3.org\/2000\/svg\" viewBox=\"0 0 64 8\" preserveAspectRatio=\"none\" width=\"100%\" height=\"100%\">\r\n\t<path fill=\"currentColor\" d=\"M64 8 L0 8 L0 0 L20 7.9 L40 3 L48 5 L64 0 Z\"\/>\r\n<\/svg><\/div><div class=\"l-section-shape type_zigzag pos_bottom\" style=\"height:3vmin;\"><svg xmlns=\"http:\/\/www.w3.org\/2000\/svg\" viewBox=\"0 0 64 8\" preserveAspectRatio=\"none\" width=\"100%\" height=\"100%\">\r\n\t<path fill=\"currentColor\" d=\"M64 8 L0 8 L0 0 L20 7.9 L40 3 L48 5 L64 0 Z\"\/>\r\n<\/svg><\/div><div class=\"l-section-h i-cf\"><div class=\"g-cols vc_row via_flex valign_top type_default stacking_default\"><div class=\"vc_col-sm-1\/5 wpb_column vc_column_container\"><div class=\"vc_column-inner\"><div class=\"wpb_wrapper\"><\/div><\/div><\/div><div class=\"vc_col-sm-3\/5 wpb_column vc_column_container\"><div class=\"vc_column-inner\"><div class=\"wpb_wrapper\"><div class=\"wpb_text_column\"><div class=\"wpb_wrapper\"><h2 id=\"preguntas\">Perguntas frequentes<\/h2>\n<\/div><\/div><div class=\"w-separator size_medium\"><\/div><div class=\"w-tabs accordion type_togglable toggle_style_1 has_scrolling\" style=\"--sections-title-size:inherit;--sections-gap:0.5rem;\"><div class=\"w-tabs-sections titles-align_none icon_chevron cpos_right\"><div class=\"w-tabs-section\" id=\"jerez-fusion-faq-1\"><button type=\"button\" class=\"w-tabs-section-header\" aria-controls=\"content-jerez-fusion-faq-1\" aria-expanded=\"false\"><h3 class=\"w-tabs-section-title\">Quando se realiza o Jerez Fusi\u00f3n 2026?<\/h3><div class=\"w-tabs-section-control\"><\/div><\/button><div  class=\"w-tabs-section-content\" id=\"content-jerez-fusion-faq-1\"><div class=\"w-tabs-section-content-h i-cf\"><div class=\"wpb_text_column\"><div class=\"wpb_wrapper\"><p>O Jerez Fusi\u00f3n realiza-se de 10 a 13 de setembro de 2026 em Jerez de la Frontera. Consulte a programa\u00e7\u00e3o oficial para conhecer o hor\u00e1rio e o espa\u00e7o de cada atividade.<\/p>\n<\/div><\/div><\/div><\/div><\/div><div class=\"w-tabs-section\" id=\"jerez-fusion-faq-2\"><button type=\"button\" class=\"w-tabs-section-header\" aria-controls=\"content-jerez-fusion-faq-2\" aria-expanded=\"false\"><h3 class=\"w-tabs-section-title\">Onde posso reservar um tablao durante a minha estadia?<\/h3><div class=\"w-tabs-section-control\"><\/div><\/button><div  class=\"w-tabs-section-content\" id=\"content-jerez-fusion-faq-2\"><div class=\"w-tabs-section-content-h i-cf\"><div class=\"wpb_text_column\"><div class=\"wpb_wrapper\"><p>Pode consultar a disponibilidade do Tablao Flamenco Puro Arte em Tablaos Flamencos. O estabelecimento fica na calle Madre de Dios, 10, em Jerez de la Frontera.<\/p>\n<\/div><\/div><\/div><\/div><\/div><div class=\"w-tabs-section\" id=\"jerez-fusion-faq-3\"><button type=\"button\" class=\"w-tabs-section-header\" aria-controls=\"content-jerez-fusion-faq-3\" aria-expanded=\"false\"><h3 class=\"w-tabs-section-title\">O bilhete do Puro Arte est\u00e1 inclu\u00eddo no Jerez Fusi\u00f3n?<\/h3><div class=\"w-tabs-section-control\"><\/div><\/button><div  class=\"w-tabs-section-content\" id=\"content-jerez-fusion-faq-3\"><div class=\"w-tabs-section-content-h i-cf\"><div class=\"wpb_text_column\"><div class=\"wpb_wrapper\"><p>A reserva do Puro Arte que recomendamos neste guia \u00e9 independente do festival. Confirme o que est\u00e1 inclu\u00eddo em cada bilhete e organize as duas compras separadamente.<\/p>\n<\/div><\/div><\/div><\/div><\/div><div class=\"w-tabs-section\" id=\"jerez-fusion-faq-4\"><button type=\"button\" class=\"w-tabs-section-header\" aria-controls=\"content-jerez-fusion-faq-4\" aria-expanded=\"false\"><h3 class=\"w-tabs-section-title\">Posso ir ao festival e a um tablao no mesmo dia?<\/h3><div class=\"w-tabs-section-control\"><\/div><\/button><div  class=\"w-tabs-section-content\" id=\"content-jerez-fusion-faq-4\"><div class=\"w-tabs-section-content-h i-cf\"><div class=\"wpb_text_column\"><div class=\"wpb_wrapper\"><p>Sim, se os hor\u00e1rios dispon\u00edveis o permitirem. Deixe margem para a dura\u00e7\u00e3o das atua\u00e7\u00f5es, as sa\u00eddas, as desloca\u00e7\u00f5es e a refei\u00e7\u00e3o. Se o plano ficar demasiado apertado, escolha dias diferentes.<\/p>\n<\/div><\/div><\/div><\/div><\/div><div class=\"w-tabs-section\" id=\"jerez-fusion-faq-5\"><button type=\"button\" class=\"w-tabs-section-header\" aria-controls=\"content-jerez-fusion-faq-5\" aria-expanded=\"false\"><h3 class=\"w-tabs-section-title\">\u00c9 obrigat\u00f3rio jantar para ver o espet\u00e1culo no Puro Arte?<\/h3><div class=\"w-tabs-section-control\"><\/div><\/button><div  class=\"w-tabs-section-content\" id=\"content-jerez-fusion-faq-5\"><div class=\"w-tabs-section-content-h i-cf\"><div class=\"wpb_text_column\"><div class=\"wpb_wrapper\"><p>A ficha oferece modalidades com bebida e op\u00e7\u00f5es com menu de tapas. Consulte quais est\u00e3o dispon\u00edveis para a sess\u00e3o que pretende reservar.<\/p>\n<\/div><\/div><\/div><\/div><\/div><div class=\"w-tabs-section\" id=\"jerez-fusion-faq-6\"><button type=\"button\" class=\"w-tabs-section-header\" aria-controls=\"content-jerez-fusion-faq-6\" aria-expanded=\"false\"><h3 class=\"w-tabs-section-title\">H\u00e1 flamenco em todos os tabancos todos os dias?<\/h3><div class=\"w-tabs-section-control\"><\/div><\/button><div  class=\"w-tabs-section-content\" id=\"content-jerez-fusion-faq-6\"><div class=\"w-tabs-section-content-h i-cf\"><div class=\"wpb_text_column\"><div class=\"wpb_wrapper\"><p>N\u00e3o parta desse princ\u00edpio. Confirme que o local anuncia uma atua\u00e7\u00e3o para a sua data e verifique o hor\u00e1rio e as condi\u00e7\u00f5es de acesso antes de se deslocar.<\/p>\n<\/div><\/div><\/div><\/div><\/div><\/div><\/div><\/div><\/div><\/div><div class=\"vc_col-sm-1\/5 wpb_column vc_column_container\"><div class=\"vc_column-inner\"><div class=\"wpb_wrapper\"><\/div><\/div><\/div><\/div><\/div><\/section><section class=\"l-section wpb_row height_huge\"><div class=\"l-section-h i-cf\"><div class=\"g-cols vc_row via_flex valign_top type_default stacking_default\"><div class=\"vc_col-sm-12 wpb_column vc_column_container\"><div class=\"vc_column-inner\"><div class=\"wpb_wrapper\"><div class=\"wpb_text_column\"><div class=\"wpb_wrapper\"><h2>Prepare a sua noite de flamenco em Jerez<\/h2>\n<p>Escolha o seu concerto do Jerez Fusi\u00f3n e consulte uma sess\u00e3o de tablao que encaixe na viagem. Pode come\u00e7ar pela nossa <a href=\"https:\/\/www.tablaosflamencos.com\/flamenco-en-jerez\">sele\u00e7\u00e3o de flamenco em Jerez<\/a> ou ir diretamente \u00e0s op\u00e7\u00f5es do Puro Arte.<\/p>\n<\/div><\/div><div class=\"w-separator size_medium\"><\/div><div class=\"w-hwrapper valign_top align_center\" style=\"--hwrapper-gap:1.2rem\"><div class=\"w-btn-wrapper align_none\"><a class=\"w-btn us-btn-style_1\" href=\"https:\/\/www.tablaosflamencos.com\/pt-pt\/tablao\/tablao-flamenco-puro-arte\"><span class=\"w-btn-label\">Ver disponibilidade do Puro Arte<\/span><\/a><\/div><\/div><\/div><\/div><\/div><\/div><\/div><\/section>\n","protected":false},"excerpt":{"rendered":"Flamenco em Jerez Ver flamenco em Jerez durante o Jerez Fusi\u00f3n permite combinar duas formas de conhecer a cidade: os concertos do festival e uma sess\u00e3o de cante, guitarra e baile num tablao. A escolha depende do que quer ouvir, do tempo de que disp\u00f5e e dos bilhetes dispon\u00edveis em cada dia. Se viajar de...","protected":false},"author":1,"featured_media":14752,"comment_status":"closed","ping_status":"closed","sticky":false,"template":"","format":"standard","meta":{"_acf_changed":false,"wpai_generated_summary":"","_ayudawp_aiss_exclude":false,"_ayudawp_aiss_exclude_summary":false,"_ayudawp_aiss_summary":"","_ayudawp_aiss_summary_provider":"","_ayudawp_aiss_summary_hash":"","footnotes":""},"categories":[1671,357],"tags":[2027,2028,2029,2039],"class_list":["post-14832","post","type-post","status-publish","format-standard","has-post-thumbnail","hentry","category-festivais-flamenco","category-flamenco-por-cidades","tag-flamenco-em-jerez-pt-pt","tag-jerez-fusion-pt-pt","tag-jerez-fusion-2026-pt-pt","tag-onde-ver-flamenco-em-jerez"],"acf":[],"yoast_head":"<!-- This site is optimized with the Yoast SEO Premium plugin v28.4 (Yoast SEO v28.4) - https:\/\/yoast.com\/product\/yoast-seo-premium-wordpress\/ -->\n<title>Onde ver flamenco em Jerez durante o Jerez Fusi\u00f3n 2026<\/title>\n<meta name=\"description\" content=\"Descubra onde ver flamenco em Jerez durante o Jerez Fusi\u00f3n 2026: concertos, Puro Arte e conselhos para organizar e reservar os seus planos.\" \/>\n<meta name=\"robots\" content=\"index, follow, max-snippet:-1, max-image-preview:large, max-video-preview:-1\" \/>\n<link rel=\"canonical\" href=\"https:\/\/www.tablaosflamencos.com\/pt-pt\/onde-ver-flamenco-jerez-durante-jerez-fusion.html\" \/>\n<meta property=\"og:locale\" content=\"pt_PT\" \/>\n<meta property=\"og:type\" content=\"article\" \/>\n<meta property=\"og:title\" content=\"Onde ver flamenco em Jerez durante o Jerez Fusi\u00f3n\" \/>\n<meta property=\"og:description\" content=\"Descubra onde ver flamenco em Jerez durante o Jerez Fusi\u00f3n 2026: concertos, Puro Arte e conselhos para organizar e reservar os seus planos.\" \/>\n<meta property=\"og:url\" content=\"https:\/\/www.tablaosflamencos.com\/pt-pt\/onde-ver-flamenco-jerez-durante-jerez-fusion.html\" \/>\n<meta property=\"og:site_name\" content=\"Tablaos Flamencos\" \/>\n<meta property=\"article:publisher\" content=\"https:\/\/www.facebook.com\/tablaosflamencos\" \/>\n<meta property=\"article:published_time\" content=\"2026-09-05T12:03:11+00:00\" \/>\n<meta property=\"article:modified_time\" content=\"2026-09-05T12:31:42+00:00\" \/>\n<meta property=\"og:image\" content=\"https:\/\/www.tablaosflamencos.com\/wp-content\/uploads\/donde-ver-flamenco-en-jerez-durante-jerez-fusion-01.webp\" \/>\n\t<meta property=\"og:image:width\" content=\"1536\" \/>\n\t<meta property=\"og:image:height\" content=\"1024\" \/>\n\t<meta property=\"og:image:type\" content=\"image\/webp\" \/>\n<meta name=\"author\" content=\"Miguel Ortiz\" \/>\n<meta name=\"twitter:card\" content=\"summary_large_image\" \/>\n<meta name=\"twitter:creator\" content=\"@tablaosflamenco\" \/>\n<meta name=\"twitter:site\" content=\"@tablaosflamenco\" \/>\n<meta name=\"twitter:label1\" content=\"Escrito por\" \/>\n\t<meta name=\"twitter:data1\" content=\"Miguel Ortiz\" \/>\n\t<meta name=\"twitter:label2\" content=\"Tempo estimado de leitura\" \/>\n\t<meta name=\"twitter:data2\" content=\"10 minutos\" \/>\n<script type=\"application\/ld+json\" class=\"yoast-schema-graph\">{\"@context\":\"https:\\\/\\\/schema.org\",\"@graph\":[{\"@type\":\"Article\",\"@id\":\"https:\\\/\\\/www.tablaosflamencos.com\\\/pt-pt\\\/onde-ver-flamenco-jerez-durante-jerez-fusion.html#article\",\"isPartOf\":{\"@id\":\"https:\\\/\\\/www.tablaosflamencos.com\\\/pt-pt\\\/onde-ver-flamenco-jerez-durante-jerez-fusion.html\"},\"author\":{\"name\":\"Miguel Ortiz\",\"@id\":\"https:\\\/\\\/www.tablaosflamencos.com\\\/pt-pt#\\\/schema\\\/person\\\/e7a9ebe14eb75a52ceabfbffb3c54f5d\"},\"headline\":\"Onde ver flamenco em Jerez durante o Jerez Fusi\u00f3n\",\"datePublished\":\"2026-09-05T12:03:11+00:00\",\"dateModified\":\"2026-09-05T12:31:42+00:00\",\"mainEntityOfPage\":{\"@id\":\"https:\\\/\\\/www.tablaosflamencos.com\\\/pt-pt\\\/onde-ver-flamenco-jerez-durante-jerez-fusion.html\"},\"wordCount\":2058,\"publisher\":{\"@id\":\"https:\\\/\\\/www.tablaosflamencos.com\\\/pt-pt#organization\"},\"image\":{\"@id\":\"https:\\\/\\\/www.tablaosflamencos.com\\\/pt-pt\\\/onde-ver-flamenco-jerez-durante-jerez-fusion.html#primaryimage\"},\"thumbnailUrl\":\"https:\\\/\\\/www.tablaosflamencos.com\\\/wp-content\\\/uploads\\\/donde-ver-flamenco-en-jerez-durante-jerez-fusion-01.webp\",\"keywords\":[\"flamenco em Jerez\",\"Jerez Fusi\u00f3n\",\"Jerez Fusi\u00f3n 2026\",\"onde ver flamenco em Jerez\"],\"articleSection\":[\"Festivais de flamenco\",\"Flamenco por cidades\"],\"inLanguage\":\"pt-PT\"},{\"@type\":\"WebPage\",\"@id\":\"https:\\\/\\\/www.tablaosflamencos.com\\\/pt-pt\\\/onde-ver-flamenco-jerez-durante-jerez-fusion.html\",\"url\":\"https:\\\/\\\/www.tablaosflamencos.com\\\/pt-pt\\\/onde-ver-flamenco-jerez-durante-jerez-fusion.html\",\"name\":\"Onde ver flamenco em Jerez durante o Jerez Fusi\u00f3n 2026\",\"isPartOf\":{\"@id\":\"https:\\\/\\\/www.tablaosflamencos.com\\\/pt-pt#website\"},\"primaryImageOfPage\":{\"@id\":\"https:\\\/\\\/www.tablaosflamencos.com\\\/pt-pt\\\/onde-ver-flamenco-jerez-durante-jerez-fusion.html#primaryimage\"},\"image\":{\"@id\":\"https:\\\/\\\/www.tablaosflamencos.com\\\/pt-pt\\\/onde-ver-flamenco-jerez-durante-jerez-fusion.html#primaryimage\"},\"thumbnailUrl\":\"https:\\\/\\\/www.tablaosflamencos.com\\\/wp-content\\\/uploads\\\/donde-ver-flamenco-en-jerez-durante-jerez-fusion-01.webp\",\"datePublished\":\"2026-09-05T12:03:11+00:00\",\"dateModified\":\"2026-09-05T12:31:42+00:00\",\"description\":\"Descubra onde ver flamenco em Jerez durante o Jerez Fusi\u00f3n 2026: concertos, Puro Arte e conselhos para organizar e reservar os seus planos.\",\"breadcrumb\":{\"@id\":\"https:\\\/\\\/www.tablaosflamencos.com\\\/pt-pt\\\/onde-ver-flamenco-jerez-durante-jerez-fusion.html#breadcrumb\"},\"inLanguage\":\"pt-PT\",\"potentialAction\":[{\"@type\":\"ReadAction\",\"target\":[\"https:\\\/\\\/www.tablaosflamencos.com\\\/pt-pt\\\/onde-ver-flamenco-jerez-durante-jerez-fusion.html\"]}]},{\"@type\":\"ImageObject\",\"inLanguage\":\"pt-PT\",\"@id\":\"https:\\\/\\\/www.tablaosflamencos.com\\\/pt-pt\\\/onde-ver-flamenco-jerez-durante-jerez-fusion.html#primaryimage\",\"url\":\"https:\\\/\\\/www.tablaosflamencos.com\\\/wp-content\\\/uploads\\\/donde-ver-flamenco-en-jerez-durante-jerez-fusion-01.webp\",\"contentUrl\":\"https:\\\/\\\/www.tablaosflamencos.com\\\/wp-content\\\/uploads\\\/donde-ver-flamenco-en-jerez-durante-jerez-fusion-01.webp\",\"width\":1536,\"height\":1024,\"caption\":\"D\u00f3nde ver flamenco en Jerez durante Jerez Fusi\u00f3n\"},{\"@type\":\"BreadcrumbList\",\"@id\":\"https:\\\/\\\/www.tablaosflamencos.com\\\/pt-pt\\\/onde-ver-flamenco-jerez-durante-jerez-fusion.html#breadcrumb\",\"itemListElement\":[{\"@type\":\"ListItem\",\"position\":1,\"name\":\"Home\",\"item\":\"https:\\\/\\\/www.tablaosflamencos.com\\\/pt-pt\"},{\"@type\":\"ListItem\",\"position\":2,\"name\":\"Onde ver flamenco em Jerez durante o Jerez Fusi\u00f3n\"}]},{\"@type\":\"WebSite\",\"@id\":\"https:\\\/\\\/www.tablaosflamencos.com\\\/pt-pt#website\",\"url\":\"https:\\\/\\\/www.tablaosflamencos.com\\\/pt-pt\",\"name\":\"Tablaos Flamencos\",\"description\":\"Entradas para tablaos flamencos de Espa\u00f1a\",\"publisher\":{\"@id\":\"https:\\\/\\\/www.tablaosflamencos.com\\\/pt-pt#organization\"},\"alternateName\":\"Tablaos Flamencos\",\"potentialAction\":[{\"@type\":\"SearchAction\",\"target\":{\"@type\":\"EntryPoint\",\"urlTemplate\":\"https:\\\/\\\/www.tablaosflamencos.com\\\/pt-pt?s={search_term_string}\"},\"query-input\":{\"@type\":\"PropertyValueSpecification\",\"valueRequired\":true,\"valueName\":\"search_term_string\"}}],\"inLanguage\":\"pt-PT\"},{\"@type\":[\"Organization\",\"Place\",\"EntertainmentBusiness\"],\"@id\":\"https:\\\/\\\/www.tablaosflamencos.com\\\/pt-pt#organization\",\"name\":\"Tablaos Flamencos\",\"alternateName\":\"Tablaos Flamencos\",\"url\":\"https:\\\/\\\/www.tablaosflamencos.com\\\/pt-pt\",\"logo\":{\"@id\":\"https:\\\/\\\/www.tablaosflamencos.com\\\/pt-pt\\\/onde-ver-flamenco-jerez-durante-jerez-fusion.html#local-main-organization-logo\"},\"image\":{\"@id\":\"https:\\\/\\\/www.tablaosflamencos.com\\\/pt-pt\\\/onde-ver-flamenco-jerez-durante-jerez-fusion.html#local-main-organization-logo\"},\"sameAs\":[\"https:\\\/\\\/www.facebook.com\\\/tablaosflamencos\",\"https:\\\/\\\/x.com\\\/tablaosflamenco\",\"https:\\\/\\\/mastodon.social\\\/@tablaosflamencos\",\"https:\\\/\\\/www.instagram.com\\\/tablaosflamencos\",\"https:\\\/\\\/tiktok.com\\\/@tablaosflamencos\",\"https:\\\/\\\/www.linkedin.com\\\/company\\\/109408238\\\/\"],\"description\":\"Venta de entradas para espect\u00e1culos flamencos\",\"legalName\":\"Tablaos Flamencos\",\"foundingDate\":\"2015-01-01\",\"numberOfEmployees\":{\"@type\":\"QuantitativeValue\",\"minValue\":\"1\",\"maxValue\":\"10\"},\"address\":{\"@id\":\"https:\\\/\\\/www.tablaosflamencos.com\\\/pt-pt\\\/onde-ver-flamenco-jerez-durante-jerez-fusion.html#local-main-place-address\"},\"geo\":{\"@type\":\"GeoCoordinates\",\"latitude\":\"37.3868072\",\"longitude\":\"-5.993280299999999\"},\"telephone\":[\"+34623787787\"],\"contactPoint\":{\"@type\":\"ContactPoint\",\"telephone\":\"+34623787787\",\"email\":\"info@tablaosflamencos.com\"},\"openingHoursSpecification\":{\"@type\":\"OpeningHoursSpecification\",\"dayOfWeek\":[\"Monday\",\"Tuesday\",\"Wednesday\",\"Thursday\",\"Friday\",\"Saturday\",\"Sunday\"],\"opens\":\"00:00\",\"closes\":\"23:59\"},\"email\":\"info@tablaosflamencos.com\",\"priceRange\":\"$$$\",\"currenciesAccepted\":\"\u20ac\"},{\"@type\":\"Person\",\"@id\":\"https:\\\/\\\/www.tablaosflamencos.com\\\/pt-pt#\\\/schema\\\/person\\\/e7a9ebe14eb75a52ceabfbffb3c54f5d\",\"name\":\"Miguel Ortiz\",\"description\":\"Miguel Ortiz es un empresario flamenco, con una s\u00f3lida trayectoria dentro del sector. Ha presidido entidades culturales vinculadas al flamenco y, cuenta con un amplio recorrido profesional en la gesti\u00f3n y promoci\u00f3n de espect\u00e1culos y tablaos flamencos. Su pasi\u00f3n por la historia y el arte flamenco se refleja en cada art\u00edculo, donde combina experiencia, criterio y un profundo respeto por la tradici\u00f3n.\",\"sameAs\":[\"https:\\\/\\\/www.tablaosflamencos.com\",\"https:\\\/\\\/www.instagra.com\\\/miguelortizfe\",\"https:\\\/\\\/www.linkedin.com\\\/in\\\/miguelortizf\\\/\"],\"birthDate\":\"1984-11-22\",\"gender\":\"hombre\",\"knowsLanguage\":[\"espa\u00f1ol\",\"ingl\u00e9s\"],\"jobTitle\":\"Empresario flamenco\"},{\"@type\":\"PostalAddress\",\"@id\":\"https:\\\/\\\/www.tablaosflamencos.com\\\/pt-pt\\\/onde-ver-flamenco-jerez-durante-jerez-fusion.html#local-main-place-address\",\"streetAddress\":\"C\\\/ Alemanes, 19\",\"addressLocality\":\"Sevilla\",\"postalCode\":\"41004\",\"addressRegion\":\"Sevilla\",\"addressCountry\":\"ES\"},{\"@type\":\"ImageObject\",\"inLanguage\":\"pt-PT\",\"@id\":\"https:\\\/\\\/www.tablaosflamencos.com\\\/pt-pt\\\/onde-ver-flamenco-jerez-durante-jerez-fusion.html#local-main-organization-logo\",\"url\":\"https:\\\/\\\/www.tablaosflamencos.com\\\/wp-content\\\/uploads\\\/tablaos-flamencos-06-3.webp\",\"contentUrl\":\"https:\\\/\\\/www.tablaosflamencos.com\\\/wp-content\\\/uploads\\\/tablaos-flamencos-06-3.webp\",\"width\":600,\"height\":620,\"caption\":\"Tablaos Flamencos\"}]}<\/script>\n<meta name=\"geo.placename\" content=\"Sevilla\" \/>\n<meta name=\"geo.position\" content=\"37.3868072;-5.993280299999999\" \/>\n<meta name=\"geo.region\" content=\"Espanha\" \/>\n<!-- \/ Yoast SEO Premium plugin. -->","yoast_head_json":{"title":"Onde ver flamenco em Jerez durante o Jerez Fusi\u00f3n 2026","description":"Descubra onde ver flamenco em Jerez durante o Jerez Fusi\u00f3n 2026: concertos, Puro Arte e conselhos para organizar e reservar os seus planos.","robots":{"index":"index","follow":"follow","max-snippet":"max-snippet:-1","max-image-preview":"max-image-preview:large","max-video-preview":"max-video-preview:-1"},"canonical":"https:\/\/www.tablaosflamencos.com\/pt-pt\/onde-ver-flamenco-jerez-durante-jerez-fusion.html","og_locale":"pt_PT","og_type":"article","og_title":"Onde ver flamenco em Jerez durante o Jerez Fusi\u00f3n","og_description":"Descubra onde ver flamenco em Jerez durante o Jerez Fusi\u00f3n 2026: concertos, Puro Arte e conselhos para organizar e reservar os seus planos.","og_url":"https:\/\/www.tablaosflamencos.com\/pt-pt\/onde-ver-flamenco-jerez-durante-jerez-fusion.html","og_site_name":"Tablaos Flamencos","article_publisher":"https:\/\/www.facebook.com\/tablaosflamencos","article_published_time":"2026-09-05T12:03:11+00:00","article_modified_time":"2026-09-05T12:31:42+00:00","og_image":[{"width":1536,"height":1024,"url":"https:\/\/www.tablaosflamencos.com\/wp-content\/uploads\/donde-ver-flamenco-en-jerez-durante-jerez-fusion-01.webp","type":"image\/webp"}],"author":"Miguel Ortiz","twitter_card":"summary_large_image","twitter_creator":"@tablaosflamenco","twitter_site":"@tablaosflamenco","twitter_misc":{"Escrito por":"Miguel Ortiz","Tempo estimado de leitura":"10 minutos"},"schema":{"@context":"https:\/\/schema.org","@graph":[{"@type":"Article","@id":"https:\/\/www.tablaosflamencos.com\/pt-pt\/onde-ver-flamenco-jerez-durante-jerez-fusion.html#article","isPartOf":{"@id":"https:\/\/www.tablaosflamencos.com\/pt-pt\/onde-ver-flamenco-jerez-durante-jerez-fusion.html"},"author":{"name":"Miguel Ortiz","@id":"https:\/\/www.tablaosflamencos.com\/pt-pt#\/schema\/person\/e7a9ebe14eb75a52ceabfbffb3c54f5d"},"headline":"Onde ver flamenco em Jerez durante o Jerez Fusi\u00f3n","datePublished":"2026-09-05T12:03:11+00:00","dateModified":"2026-09-05T12:31:42+00:00","mainEntityOfPage":{"@id":"https:\/\/www.tablaosflamencos.com\/pt-pt\/onde-ver-flamenco-jerez-durante-jerez-fusion.html"},"wordCount":2058,"publisher":{"@id":"https:\/\/www.tablaosflamencos.com\/pt-pt#organization"},"image":{"@id":"https:\/\/www.tablaosflamencos.com\/pt-pt\/onde-ver-flamenco-jerez-durante-jerez-fusion.html#primaryimage"},"thumbnailUrl":"https:\/\/www.tablaosflamencos.com\/wp-content\/uploads\/donde-ver-flamenco-en-jerez-durante-jerez-fusion-01.webp","keywords":["flamenco em Jerez","Jerez Fusi\u00f3n","Jerez Fusi\u00f3n 2026","onde ver flamenco em Jerez"],"articleSection":["Festivais de flamenco","Flamenco por cidades"],"inLanguage":"pt-PT"},{"@type":"WebPage","@id":"https:\/\/www.tablaosflamencos.com\/pt-pt\/onde-ver-flamenco-jerez-durante-jerez-fusion.html","url":"https:\/\/www.tablaosflamencos.com\/pt-pt\/onde-ver-flamenco-jerez-durante-jerez-fusion.html","name":"Onde ver flamenco em Jerez durante o Jerez Fusi\u00f3n 2026","isPartOf":{"@id":"https:\/\/www.tablaosflamencos.com\/pt-pt#website"},"primaryImageOfPage":{"@id":"https:\/\/www.tablaosflamencos.com\/pt-pt\/onde-ver-flamenco-jerez-durante-jerez-fusion.html#primaryimage"},"image":{"@id":"https:\/\/www.tablaosflamencos.com\/pt-pt\/onde-ver-flamenco-jerez-durante-jerez-fusion.html#primaryimage"},"thumbnailUrl":"https:\/\/www.tablaosflamencos.com\/wp-content\/uploads\/donde-ver-flamenco-en-jerez-durante-jerez-fusion-01.webp","datePublished":"2026-09-05T12:03:11+00:00","dateModified":"2026-09-05T12:31:42+00:00","description":"Descubra onde ver flamenco em Jerez durante o Jerez Fusi\u00f3n 2026: concertos, Puro Arte e conselhos para organizar e reservar os seus planos.","breadcrumb":{"@id":"https:\/\/www.tablaosflamencos.com\/pt-pt\/onde-ver-flamenco-jerez-durante-jerez-fusion.html#breadcrumb"},"inLanguage":"pt-PT","potentialAction":[{"@type":"ReadAction","target":["https:\/\/www.tablaosflamencos.com\/pt-pt\/onde-ver-flamenco-jerez-durante-jerez-fusion.html"]}]},{"@type":"ImageObject","inLanguage":"pt-PT","@id":"https:\/\/www.tablaosflamencos.com\/pt-pt\/onde-ver-flamenco-jerez-durante-jerez-fusion.html#primaryimage","url":"https:\/\/www.tablaosflamencos.com\/wp-content\/uploads\/donde-ver-flamenco-en-jerez-durante-jerez-fusion-01.webp","contentUrl":"https:\/\/www.tablaosflamencos.com\/wp-content\/uploads\/donde-ver-flamenco-en-jerez-durante-jerez-fusion-01.webp","width":1536,"height":1024,"caption":"D\u00f3nde ver flamenco en Jerez durante Jerez Fusi\u00f3n"},{"@type":"BreadcrumbList","@id":"https:\/\/www.tablaosflamencos.com\/pt-pt\/onde-ver-flamenco-jerez-durante-jerez-fusion.html#breadcrumb","itemListElement":[{"@type":"ListItem","position":1,"name":"Home","item":"https:\/\/www.tablaosflamencos.com\/pt-pt"},{"@type":"ListItem","position":2,"name":"Onde ver flamenco em Jerez durante o Jerez Fusi\u00f3n"}]},{"@type":"WebSite","@id":"https:\/\/www.tablaosflamencos.com\/pt-pt#website","url":"https:\/\/www.tablaosflamencos.com\/pt-pt","name":"Tablaos Flamencos","description":"Entradas para tablaos flamencos de Espa\u00f1a","publisher":{"@id":"https:\/\/www.tablaosflamencos.com\/pt-pt#organization"},"alternateName":"Tablaos Flamencos","potentialAction":[{"@type":"SearchAction","target":{"@type":"EntryPoint","urlTemplate":"https:\/\/www.tablaosflamencos.com\/pt-pt?s={search_term_string}"},"query-input":{"@type":"PropertyValueSpecification","valueRequired":true,"valueName":"search_term_string"}}],"inLanguage":"pt-PT"},{"@type":["Organization","Place","EntertainmentBusiness"],"@id":"https:\/\/www.tablaosflamencos.com\/pt-pt#organization","name":"Tablaos Flamencos","alternateName":"Tablaos Flamencos","url":"https:\/\/www.tablaosflamencos.com\/pt-pt","logo":{"@id":"https:\/\/www.tablaosflamencos.com\/pt-pt\/onde-ver-flamenco-jerez-durante-jerez-fusion.html#local-main-organization-logo"},"image":{"@id":"https:\/\/www.tablaosflamencos.com\/pt-pt\/onde-ver-flamenco-jerez-durante-jerez-fusion.html#local-main-organization-logo"},"sameAs":["https:\/\/www.facebook.com\/tablaosflamencos","https:\/\/x.com\/tablaosflamenco","https:\/\/mastodon.social\/@tablaosflamencos","https:\/\/www.instagram.com\/tablaosflamencos","https:\/\/tiktok.com\/@tablaosflamencos","https:\/\/www.linkedin.com\/company\/109408238\/"],"description":"Venta de entradas para espect\u00e1culos flamencos","legalName":"Tablaos Flamencos","foundingDate":"2015-01-01","numberOfEmployees":{"@type":"QuantitativeValue","minValue":"1","maxValue":"10"},"address":{"@id":"https:\/\/www.tablaosflamencos.com\/pt-pt\/onde-ver-flamenco-jerez-durante-jerez-fusion.html#local-main-place-address"},"geo":{"@type":"GeoCoordinates","latitude":"37.3868072","longitude":"-5.993280299999999"},"telephone":["+34623787787"],"contactPoint":{"@type":"ContactPoint","telephone":"+34623787787","email":"info@tablaosflamencos.com"},"openingHoursSpecification":{"@type":"OpeningHoursSpecification","dayOfWeek":["Monday","Tuesday","Wednesday","Thursday","Friday","Saturday","Sunday"],"opens":"00:00","closes":"23:59"},"email":"info@tablaosflamencos.com","priceRange":"$$$","currenciesAccepted":"\u20ac"},{"@type":"Person","@id":"https:\/\/www.tablaosflamencos.com\/pt-pt#\/schema\/person\/e7a9ebe14eb75a52ceabfbffb3c54f5d","name":"Miguel Ortiz","description":"Miguel Ortiz es un empresario flamenco, con una s\u00f3lida trayectoria dentro del sector. Ha presidido entidades culturales vinculadas al flamenco y, cuenta con un amplio recorrido profesional en la gesti\u00f3n y promoci\u00f3n de espect\u00e1culos y tablaos flamencos. Su pasi\u00f3n por la historia y el arte flamenco se refleja en cada art\u00edculo, donde combina experiencia, criterio y un profundo respeto por la tradici\u00f3n.","sameAs":["https:\/\/www.tablaosflamencos.com","https:\/\/www.instagra.com\/miguelortizfe","https:\/\/www.linkedin.com\/in\/miguelortizf\/"],"birthDate":"1984-11-22","gender":"hombre","knowsLanguage":["espa\u00f1ol","ingl\u00e9s"],"jobTitle":"Empresario flamenco"},{"@type":"PostalAddress","@id":"https:\/\/www.tablaosflamencos.com\/pt-pt\/onde-ver-flamenco-jerez-durante-jerez-fusion.html#local-main-place-address","streetAddress":"C\/ Alemanes, 19","addressLocality":"Sevilla","postalCode":"41004","addressRegion":"Sevilla","addressCountry":"ES"},{"@type":"ImageObject","inLanguage":"pt-PT","@id":"https:\/\/www.tablaosflamencos.com\/pt-pt\/onde-ver-flamenco-jerez-durante-jerez-fusion.html#local-main-organization-logo","url":"https:\/\/www.tablaosflamencos.com\/wp-content\/uploads\/tablaos-flamencos-06-3.webp","contentUrl":"https:\/\/www.tablaosflamencos.com\/wp-content\/uploads\/tablaos-flamencos-06-3.webp","width":600,"height":620,"caption":"Tablaos Flamencos"}]},"geo.placename":"Sevilla","geo.position":{"lat":"37.3868072","long":"-5.993280299999999"},"geo.region":"Espanha"},"_links":{"self":[{"href":"https:\/\/www.tablaosflamencos.com\/pt-pt\/wp-json\/wp\/v2\/posts\/14832","targetHints":{"allow":["GET"]}}],"collection":[{"href":"https:\/\/www.tablaosflamencos.com\/pt-pt\/wp-json\/wp\/v2\/posts"}],"about":[{"href":"https:\/\/www.tablaosflamencos.com\/pt-pt\/wp-json\/wp\/v2\/types\/post"}],"author":[{"embeddable":true,"href":"https:\/\/www.tablaosflamencos.com\/pt-pt\/wp-json\/wp\/v2\/users\/1"}],"replies":[{"embeddable":true,"href":"https:\/\/www.tablaosflamencos.com\/pt-pt\/wp-json\/wp\/v2\/comments?post=14832"}],"version-history":[{"count":1,"href":"https:\/\/www.tablaosflamencos.com\/pt-pt\/wp-json\/wp\/v2\/posts\/14832\/revisions"}],"predecessor-version":[{"id":14868,"href":"https:\/\/www.tablaosflamencos.com\/pt-pt\/wp-json\/wp\/v2\/posts\/14832\/revisions\/14868"}],"wp:featuredmedia":[{"embeddable":true,"href":"https:\/\/www.tablaosflamencos.com\/pt-pt\/wp-json\/wp\/v2\/media\/14752"}],"wp:attachment":[{"href":"https:\/\/www.tablaosflamencos.com\/pt-pt\/wp-json\/wp\/v2\/media?parent=14832"}],"wp:term":[{"taxonomy":"category","embeddable":true,"href":"https:\/\/www.tablaosflamencos.com\/pt-pt\/wp-json\/wp\/v2\/categories?post=14832"},{"taxonomy":"post_tag","embeddable":true,"href":"https:\/\/www.tablaosflamencos.com\/pt-pt\/wp-json\/wp\/v2\/tags?post=14832"}],"curies":[{"name":"wp","href":"https:\/\/api.w.org\/{rel}","templated":true}]}}