{"id":14822,"date":"2026-09-05T12:42:59","date_gmt":"2026-09-05T10:42:59","guid":{"rendered":"https:\/\/www.tablaosflamencos.com\/?p=14822"},"modified":"2026-09-05T14:17:20","modified_gmt":"2026-09-05T12:17:20","slug":"jerez-fusion-2026-datas-programa","status":"publish","type":"post","link":"https:\/\/www.tablaosflamencos.com\/pt-pt\/jerez-fusion-2026-datas-programa.html","title":{"rendered":"Jerez Fusi\u00f3n 2026: datas, programa e tudo o que precisa de saber"},"content":{"rendered":"<section class=\"l-section wpb_row height_huge\"><div class=\"l-section-h i-cf\"><div class=\"g-cols vc_row via_flex valign_top type_default stacking_default\"><div class=\"vc_col-sm-6 wpb_column vc_column_container\"><div class=\"vc_column-inner\"><div class=\"wpb_wrapper\"><div class=\"wpb_text_column\"><div class=\"wpb_wrapper\"><h2>Jerez estreia um novo festival de flamenco, m\u00fasica e vinho<\/h2>\n<p><strong>Jerez Fusi\u00f3n 2026<\/strong> celebra a sua primeira edi\u00e7\u00e3o de <strong>10 a 13 de setembro de 2026<\/strong> em Jerez de la Frontera. O festival nasce com uma ideia clara: partir do flamenco e coloc\u00e1-lo em di\u00e1logo com outras m\u00fasicas, a cria\u00e7\u00e3o contempor\u00e2nea, a ind\u00fastria cultural, o vinho e o brandy de Jerez.<\/p>\n<p>N\u00e3o ser\u00e1 um festival concentrado num \u00fanico recinto. A programa\u00e7\u00e3o distribui-se por <strong>mais de dez espa\u00e7os da cidade<\/strong> e combina concertos, showcases, masterclasses, mesas-redondas, networking profissional, exposi\u00e7\u00f5es, cinema, teatro e gastronomia.<\/p>\n<p>A organiza\u00e7\u00e3o est\u00e1 a cargo do <strong>Cl\u00faster Tur\u00edstico Destino Jerez<\/strong>, com apoio do Munic\u00edpio de Jerez e colabora\u00e7\u00e3o da FEDEJEREZ. O projeto enquadra-se tamb\u00e9m na estrat\u00e9gia cultural ligada a Jerez 2031 e na constru\u00e7\u00e3o de uma marca de cidade que aproxime flamenco, cultura e turismo.<\/p>\n<\/div><\/div><\/div><\/div><\/div><div class=\"vc_col-sm-6 wpb_column vc_column_container\"><div class=\"vc_column-inner\"><div class=\"wpb_wrapper\"><div class=\"wpb_text_column\"><div class=\"wpb_wrapper\"><h2>Datas e informa\u00e7\u00f5es essenciais sobre Jerez Fusi\u00f3n 2026<\/h2>\n<ul>\n<li><strong>Datas:<\/strong> de quinta-feira, 10, a domingo, 13 de setembro de 2026.<\/li>\n<li><strong>Cidade:<\/strong> Jerez de la Frontera, C\u00e1dis.<\/li>\n<li><strong>Edi\u00e7\u00e3o:<\/strong> primeira edi\u00e7\u00e3o.<\/li>\n<li><strong>Formato:<\/strong> m\u00fasica + vinho + cidade.<\/li>\n<li><strong>Artistas:<\/strong> mais de 12 nomes e projetos anunciados.<\/li>\n<li><strong>Espa\u00e7os:<\/strong> mais de 10 locais.<\/li>\n<li><strong>Atividades:<\/strong> concertos, showcases, masterclasses, mesas-redondas, networking, exposi\u00e7\u00f5es, cinema, teatro e gastronomia.<\/li>\n<li><strong>Grande encerramento:<\/strong> concerto na Alameda Vieja com homenagem a Antonio de los R\u00edos \u201cEl Madriles\u201d e atua\u00e7\u00e3o de Raimundo Amador.<\/li>\n<\/ul>\n<p>O site oficial utiliza o conceito <strong>Flamenco Global Experience<\/strong>, uma defini\u00e7\u00e3o que resume bem o objetivo: mostrar um flamenco aberto a cruzamentos com jazz, blues, m\u00fasicas do mundo, eletr\u00f3nica e novas formas de produ\u00e7\u00e3o.<\/p>\n<\/div><\/div><\/div><\/div><\/div><\/div><\/div><\/section><section class=\"l-section wpb_row height_huge color_alternate with_shape\"><div class=\"l-section-shape type_zigzag pos_top hor_flip\" style=\"height:3vmin;\"><svg xmlns=\"http:\/\/www.w3.org\/2000\/svg\" viewBox=\"0 0 64 8\" preserveAspectRatio=\"none\" width=\"100%\" height=\"100%\">\r\n\t<path fill=\"currentColor\" d=\"M64 8 L0 8 L0 0 L20 7.9 L40 3 L48 5 L64 0 Z\"\/>\r\n<\/svg><\/div><div class=\"l-section-shape type_zigzag pos_bottom\" style=\"height:3vmin;\"><svg xmlns=\"http:\/\/www.w3.org\/2000\/svg\" viewBox=\"0 0 64 8\" preserveAspectRatio=\"none\" width=\"100%\" height=\"100%\">\r\n\t<path fill=\"currentColor\" d=\"M64 8 L0 8 L0 0 L20 7.9 L40 3 L48 5 L64 0 Z\"\/>\r\n<\/svg><\/div><div class=\"l-section-h i-cf\"><div class=\"g-cols vc_row via_flex valign_top type_default stacking_default\"><div class=\"vc_col-sm-12 wpb_column vc_column_container\"><div class=\"vc_column-inner\"><div class=\"wpb_wrapper\"><div class=\"wpb_text_column\"><div class=\"wpb_wrapper\"><blockquote>\n<p><strong>Em resumo:<\/strong> Jerez Fusi\u00f3n 2026 realiza-se de <strong>10 a 13 de setembro<\/strong> em diferentes espa\u00e7os de Jerez de la Frontera. O programa combina flamenco contempor\u00e2neo com jazz, blues, eletr\u00f3nica e outras m\u00fasicas, al\u00e9m de vinho, showcases, exposi\u00e7\u00f5es e encontros profissionais. Entre os nomes anunciados figuram Raimundo Amador, Tomasito, Diego Carrasco, Curro Carrasco, Luis de Perik\u00edn, Jos\u00e9 de los Camarones, Chico P\u00e9rez, Juan Diego Mateos e outros projetos de flamenco de fus\u00e3o.<\/p>\n<\/blockquote>\n<p><strong>\u00daltima atualiza\u00e7\u00e3o: 5 de setembro de 2026.<\/strong> A programa\u00e7\u00e3o pode sofrer ajustes de hor\u00e1rios ou espa\u00e7os, pelo que conv\u00e9m consultar o site oficial antes de se deslocar.<\/p>\n<\/div><\/div><div class=\"w-separator size_medium\"><\/div><div class=\"w-hwrapper valign_top wrap stack_on_mobiles align_center\" style=\"--hwrapper-gap:1.2rem\"><div class=\"w-btn-wrapper align_none\"><a class=\"w-btn us-btn-style_1\" href=\"https:\/\/www.jerezfusion.com\/\"><span class=\"w-btn-label\">Site oficial de Jerez Fusi\u00f3n<\/span><\/a><\/div><div class=\"w-btn-wrapper align_none\"><a class=\"w-btn us-btn-style_1\" href=\"https:\/\/www.tablaosflamencos.com\/pt-pt\/flamenco-em-jerez\"><span class=\"w-btn-label\">Ver flamenco em Jerez<\/span><\/a><\/div><\/div><\/div><\/div><\/div><\/div><\/div><\/section><section class=\"l-section wpb_row height_huge\"><div class=\"l-section-h i-cf\"><div class=\"g-cols vc_row via_flex valign_top type_default stacking_default\"><div class=\"vc_col-sm-3 wpb_column vc_column_container\"><div class=\"vc_column-inner\"><div class=\"wpb_wrapper\"><\/div><\/div><\/div><div class=\"vc_col-sm-6 wpb_column vc_column_container\"><div class=\"vc_column-inner\"><div class=\"wpb_wrapper\"><div class=\"wpb_text_column\"><div class=\"wpb_wrapper\"><h2>Conte\u00fado deste guia<\/h2>\n<ul>\n<li><a href=\"#que-es\">O que \u00e9 Jerez Fusi\u00f3n<\/a><\/li>\n<li><a href=\"#jueves\">Programa de quinta-feira, 10<\/a><\/li>\n<li><a href=\"#viernes\">Programa de sexta-feira, 11<\/a><\/li>\n<li><a href=\"#sabado\">Programa de s\u00e1bado, 12<\/a><\/li>\n<li><a href=\"#domingo\">Programa de domingo, 13<\/a><\/li>\n<li><a href=\"#artistas\">Artistas em destaque<\/a><\/li>\n<li><a href=\"#espacios\">Espa\u00e7os do festival<\/a><\/li>\n<li><a href=\"#profesional\">Networking e programa profissional<\/a><\/li>\n<li><a href=\"#vino\">Flamenco, vinho e brandy de Jerez<\/a><\/li>\n<li><a href=\"#entradas\">Bilhetes e acesso<\/a><\/li>\n<li><a href=\"#planificar\">Como organizar a visita<\/a><\/li>\n<li><a href=\"#faq\">Perguntas frequentes<\/a><\/li>\n<\/ul>\n<\/div><\/div><div class=\"w-separator size_medium\"><\/div><div class=\"wpb_text_column\"><div class=\"wpb_wrapper\"><h2 id=\"que-es\">O que \u00e9 Jerez Fusi\u00f3n?<\/h2>\n<p>Jerez Fusi\u00f3n n\u00e3o encara o flamenco como uma arte fechada nem exclusivamente tradicional. O seu ponto de partida \u00e9 precisamente o contr\u00e1rio: <strong>a raiz como linguagem capaz de se misturar<\/strong>.<\/p>\n<p>O festival procura ligar o flamenco ao jazz, ao blues, ao soul, ao hip-hop, \u00e0 eletr\u00f3nica e a outras m\u00fasicas contempor\u00e2neas, mantendo Jerez como centro de gravidade cultural. A cidade n\u00e3o funciona apenas como palco: adegas, salas, espa\u00e7os culturais, ruas e patrim\u00f3nio fazem parte da experi\u00eancia.<\/p>\n<p>Esta dimens\u00e3o urbana \u00e9 importante. Ao longo de quatro dias haver\u00e1 programa\u00e7\u00e3o art\u00edstica, atividades para o p\u00fablico em geral e encontros para artistas, managers, programadores, festivais, ag\u00eancias, meios de comunica\u00e7\u00e3o e profissionais da ind\u00fastria musical.<\/p>\n<\/div><\/div><\/div><\/div><\/div><div class=\"vc_col-sm-3 wpb_column vc_column_container\"><div class=\"vc_column-inner\"><div class=\"wpb_wrapper\"><\/div><\/div><\/div><\/div><\/div><\/section><section class=\"l-section wpb_row height_huge color_alternate with_shape\"><div class=\"l-section-shape type_zigzag pos_top\" style=\"height:3vmin;\"><svg xmlns=\"http:\/\/www.w3.org\/2000\/svg\" viewBox=\"0 0 64 8\" preserveAspectRatio=\"none\" width=\"100%\" height=\"100%\">\r\n\t<path fill=\"currentColor\" d=\"M64 8 L0 8 L0 0 L20 7.9 L40 3 L48 5 L64 0 Z\"\/>\r\n<\/svg><\/div><div class=\"l-section-shape type_zigzag pos_bottom\" style=\"height:3vmin;\"><svg xmlns=\"http:\/\/www.w3.org\/2000\/svg\" viewBox=\"0 0 64 8\" preserveAspectRatio=\"none\" width=\"100%\" height=\"100%\">\r\n\t<path fill=\"currentColor\" d=\"M64 8 L0 8 L0 0 L20 7.9 L40 3 L48 5 L64 0 Z\"\/>\r\n<\/svg><\/div><div class=\"l-section-h i-cf\"><div class=\"g-cols vc_row via_flex valign_top type_default stacking_default\"><div class=\"vc_col-sm-6 wpb_column vc_column_container\"><div class=\"vc_column-inner\"><div class=\"wpb_wrapper\"><div class=\"wpb_text_column\"><div class=\"wpb_wrapper\"><h2 id=\"jueves\">Quinta-feira, 10 de setembro: abertura e primeiras fus\u00f5es<\/h2>\n<p>O primeiro dia come\u00e7a com programa\u00e7\u00e3o de tarde e \u00e0 noite em v\u00e1rias salas.<\/p>\n<p><strong>Cuarto Creciente \u00b7 19:00\u201321:00<\/strong><\/p>\n<ul>\n<li><strong>Borondo<\/strong>: uma proposta que cruza flamenco, m\u00fasica cl\u00e1ssica e jazz.<\/li>\n<li><strong>Flamenco FC<\/strong>: um olhar jovem sobre o flamenco contempor\u00e2neo.<\/li>\n<\/ul>\n<p><strong>La Guarida del \u00c1ngel \u00b7 21:00\u201301:00<\/strong><\/p>\n<ul>\n<li><strong>Trilog<\/strong>: um encontro entre flamenco, jazz e m\u00fasica hindust\u00e2nica.<\/li>\n<li><strong>Esther Weekes Triana Blues<\/strong>: uma liga\u00e7\u00e3o entre blues e flamenco.<\/li>\n<\/ul>\n<p>A tarde completa-se com showcases. No <strong>Damajuana<\/strong>, \u00e0s 17:30, est\u00e1 anunciado <strong>Naima Jazz<\/strong>. No <strong>El 55<\/strong> haver\u00e1 anima\u00e7\u00e3o \u00e0 tarde e pela noite dentro com <strong>Jesule de la Tomasa<\/strong>, a sua banda e uma sess\u00e3o de DJ.<\/p>\n<\/div><\/div><\/div><\/div><\/div><div class=\"vc_col-sm-6 wpb_column vc_column_container\"><div class=\"vc_column-inner\"><div class=\"wpb_wrapper\"><div class=\"wpb_text_column\"><div class=\"wpb_wrapper\"><h2 id=\"viernes\">Sexta-feira, 11: piano, cante, guitarra e uma noite de Jerez<\/h2>\n<p>A sexta-feira alarga o leque musical e refor\u00e7a o programa profissional.<\/p>\n<p><strong>Cuarto Creciente \u00b7 19:00\u201321:00<\/strong><\/p>\n<ul>\n<li><strong>Chico P\u00e9rez<\/strong>: piano com liga\u00e7\u00f5es entre flamenco e jazz.<\/li>\n<li><strong>Juan Diego Mateos e Sole\u00e1 Gatica<\/strong>: uma proposta de flamenco contempor\u00e2neo.<\/li>\n<\/ul>\n<p><strong>La Guarida del \u00c1ngel \u00b7 21:00\u201301:00<\/strong><\/p>\n<ul>\n<li><strong>Noite de flamenco de fus\u00e3o de Jerez<\/strong>.<\/li>\n<li><strong>Jos\u00e9 de los Camarones<\/strong>.<\/li>\n<li><strong>D\u2019Chipen \u2013 El Zambo<\/strong>.<\/li>\n<\/ul>\n<p>No Damajuana est\u00e1 anunciado um showcase de <strong>Johnny Ayuga<\/strong> \u00e0s 17:30, enquanto o El 55 mant\u00e9m uma sess\u00e3o de DJ em hor\u00e1rio noturno.<\/p>\n<\/div><\/div><\/div><\/div><\/div><\/div><\/div><\/section><section class=\"l-section wpb_row height_huge\"><div class=\"l-section-h i-cf\"><div class=\"g-cols vc_row via_flex valign_top type_default stacking_default\"><div class=\"vc_col-sm-6 wpb_column vc_column_container\"><div class=\"vc_column-inner\"><div class=\"wpb_wrapper\"><div class=\"wpb_text_column\"><div class=\"wpb_wrapper\"><h2 id=\"sabado\">S\u00e1bado, 12: grande noite de encerramento na Alameda Vieja<\/h2>\n<p>Embora o festival continue com atividades no domingo, 13, o s\u00e1bado concentra o grande concerto de encerramento musical na <strong>Alameda Vieja<\/strong>, a partir das <strong>21:00<\/strong>.<\/p>\n<p>A primeira parte ser\u00e1 uma <strong>homenagem a Antonio de los R\u00edos \u201cEl Madriles\u201d<\/strong>, compositor e figura ligada a numerosos artistas e projetos do flamenco de Jerez. Entre os nomes anunciados para esta celebra\u00e7\u00e3o figuram <strong>Tomasito, Curro Carrasco, Luis de Perik\u00edn e Diego Carrasco<\/strong>, al\u00e9m de outros participantes.<\/p>\n<p>Depois chegar\u00e1 um dos nomes mais reconhec\u00edveis do cartaz: <strong>Raimundo Amador<\/strong> com o seu espet\u00e1culo <em>De Pata Negra a Raimundo<\/em>, uma proposta que percorre a sua trajet\u00f3ria e a liga\u00e7\u00e3o hist\u00f3rica entre flamenco, blues e rock que marcou grande parte da sua carreira.<\/p>\n<\/div><\/div><\/div><\/div><\/div><div class=\"vc_col-sm-6 wpb_column vc_column_container\"><div class=\"vc_column-inner\"><div class=\"wpb_wrapper\"><div class=\"wpb_text_column\"><div class=\"wpb_wrapper\"><h2 id=\"domingo\">Domingo, 13: atividades, exposi\u00e7\u00f5es e encontro de caj\u00f3n<\/h2>\n<p>O domingo funciona como dia de encerramento e mant\u00e9m atividades abertas ao p\u00fablico durante o dia.<\/p>\n<p>Entre as propostas anunciadas surge um <strong>encontro coletivo de caj\u00f3n<\/strong> na <strong>Plaza del Arenal<\/strong>, previsto entre as <strong>12:30 e as 15:00<\/strong>.<\/p>\n<p>Durante o dia continuam tamb\u00e9m as exposi\u00e7\u00f5es ligadas ao festival, entre elas uma mostra dedicada a <strong>Fr\u00e9d\u00e9ric Deval<\/strong> na Sherry Gallery e a exposi\u00e7\u00e3o <strong>Flamencos<\/strong> no Centro Andaluz de Flamenco.<\/p>\n<p>O formato de domingo enquadra-se na ideia geral do festival: n\u00e3o limitar a experi\u00eancia ao concerto noturno, mas alarg\u00e1-la aos espa\u00e7os culturais e pontos de encontro da cidade.<\/p>\n<\/div><\/div><\/div><\/div><\/div><\/div><\/div><\/section><section class=\"l-section wpb_row height_huge color_alternate with_shape\"><div class=\"l-section-shape type_zigzag pos_top hor_flip\" style=\"height:3vmin;\"><svg xmlns=\"http:\/\/www.w3.org\/2000\/svg\" viewBox=\"0 0 64 8\" preserveAspectRatio=\"none\" width=\"100%\" height=\"100%\">\r\n\t<path fill=\"currentColor\" d=\"M64 8 L0 8 L0 0 L20 7.9 L40 3 L48 5 L64 0 Z\"\/>\r\n<\/svg><\/div><div class=\"l-section-shape type_zigzag pos_bottom\" style=\"height:3vmin;\"><svg xmlns=\"http:\/\/www.w3.org\/2000\/svg\" viewBox=\"0 0 64 8\" preserveAspectRatio=\"none\" width=\"100%\" height=\"100%\">\r\n\t<path fill=\"currentColor\" d=\"M64 8 L0 8 L0 0 L20 7.9 L40 3 L48 5 L64 0 Z\"\/>\r\n<\/svg><\/div><div class=\"l-section-h i-cf\"><div class=\"g-cols vc_row via_flex valign_top type_default stacking_default\"><div class=\"vc_col-sm-12 wpb_column vc_column_container\"><div class=\"vc_column-inner\"><div class=\"wpb_wrapper\"><div class=\"wpb_text_column\"><div class=\"wpb_wrapper\"><h2 id=\"artistas\" style=\"text-align: center;\">Artistas e projetos em destaque em Jerez Fusi\u00f3n 2026<\/h2>\n<p>&nbsp;<\/p>\n<div style=\"overflow-x: auto;\">\n<table>\n<thead>\n<tr>\n<th>Artista \/ projeto<\/th>\n<th>Abordagem musical<\/th>\n<th>Dia<\/th>\n<\/tr>\n<\/thead>\n<tbody>\n<tr>\n<td>Raimundo Amador<\/td>\n<td>Flamenco, blues e rock<\/td>\n<td>S\u00e1bado, 12<\/td>\n<\/tr>\n<tr>\n<td>Tomasito<\/td>\n<td>Flamenco de Jerez e fus\u00e3o<\/td>\n<td>S\u00e1bado, 12<\/td>\n<\/tr>\n<tr>\n<td>Diego Carrasco<\/td>\n<td>Flamenco de raiz e experimenta\u00e7\u00e3o<\/td>\n<td>S\u00e1bado, 12<\/td>\n<\/tr>\n<tr>\n<td>Curro Carrasco<\/td>\n<td>Flamenco contempor\u00e2neo<\/td>\n<td>S\u00e1bado, 12<\/td>\n<\/tr>\n<tr>\n<td>Luis de Perik\u00edn<\/td>\n<td>Comp\u00e1s e flamenco de Jerez<\/td>\n<td>S\u00e1bado, 12<\/td>\n<\/tr>\n<tr>\n<td>Jos\u00e9 de los Camarones<\/td>\n<td>Cante e personalidade de Jerez<\/td>\n<td>Sexta-feira, 11<\/td>\n<\/tr>\n<tr>\n<td>Chico P\u00e9rez<\/td>\n<td>Piano, flamenco e jazz<\/td>\n<td>Sexta-feira, 11<\/td>\n<\/tr>\n<tr>\n<td>Juan Diego Mateos + Sole\u00e1 Gatica<\/td>\n<td>Flamenco contempor\u00e2neo<\/td>\n<td>Sexta-feira, 11<\/td>\n<\/tr>\n<tr>\n<td>Borondo<\/td>\n<td>Flamenco, m\u00fasica cl\u00e1ssica e jazz<\/td>\n<td>Quinta-feira, 10<\/td>\n<\/tr>\n<tr>\n<td>Trilog<\/td>\n<td>Flamenco, jazz e m\u00fasica hindust\u00e2nica<\/td>\n<td>Quinta-feira, 10<\/td>\n<\/tr>\n<\/tbody>\n<\/table>\n<\/div>\n<\/div><\/div><\/div><\/div><\/div><\/div><\/div><\/section><section class=\"l-section wpb_row height_huge\"><div class=\"l-section-h i-cf\"><div class=\"g-cols vc_row via_flex valign_top type_default stacking_default\"><div class=\"vc_col-sm-6 wpb_column vc_column_container\"><div class=\"vc_column-inner\"><div class=\"wpb_wrapper\"><div class=\"wpb_text_column\"><div class=\"wpb_wrapper\"><h2 id=\"espacios\">Um festival distribu\u00eddo por Jerez<\/h2>\n<p>Uma das caracter\u00edsticas mais interessantes de Jerez Fusi\u00f3n \u00e9 o seu car\u00e1ter descentralizado. Entre os espa\u00e7os citados na programa\u00e7\u00e3o encontram-se:<\/p>\n<ul>\n<li><strong>Alameda Vieja<\/strong>, palco do grande concerto de s\u00e1bado.<\/li>\n<li><strong>La Guarida del \u00c1ngel<\/strong>, sala hist\u00f3rica ligada ao flamenco de Jerez.<\/li>\n<li><strong>Cuarto Creciente<\/strong>, com programa\u00e7\u00e3o de tarde.<\/li>\n<li><strong>Damajuana<\/strong>, espa\u00e7o dos showcases.<\/li>\n<li><strong>El 55<\/strong>, com anima\u00e7\u00e3o \u00e0 tarde e sess\u00f5es noturnas.<\/li>\n<li><strong>Sherry Gallery<\/strong>, ligada a exposi\u00e7\u00f5es e networking.<\/li>\n<li><strong>Consejo Regulador<\/strong>, espa\u00e7o de atividades profissionais.<\/li>\n<li><strong>Centro Andaluz de Flamenco<\/strong>, com conte\u00fados expositivos.<\/li>\n<li><strong>Plaza del Arenal<\/strong>, com uma atividade de encerramento no domingo.<\/li>\n<\/ul>\n<p>Este modelo obriga a planear desloca\u00e7\u00f5es, mas transforma o festival numa forma de descobrir diferentes facetas de Jerez no mesmo dia.<\/p>\n<\/div><\/div><\/div><\/div><\/div><div class=\"vc_col-sm-6 wpb_column vc_column_container\"><div class=\"vc_column-inner\"><div class=\"wpb_wrapper\"><div class=\"wpb_text_column\"><div class=\"wpb_wrapper\"><h2 id=\"profesional\">Networking e programa profissional<\/h2>\n<p>Jerez Fusi\u00f3n pretende tamb\u00e9m funcionar como ponto de encontro para a ind\u00fastria musical. O registo profissional destina-se a artistas, bandas, managers, ag\u00eancias de booking, festivais, programadores culturais, promotores, editoras, meios de comunica\u00e7\u00e3o, institui\u00e7\u00f5es e profissionais do audiovisual e da criatividade.<\/p>\n<p>As sess\u00f5es de <strong>networking e encontros de neg\u00f3cios<\/strong> est\u00e3o anunciadas para:<\/p>\n<ul>\n<li><strong>11 de setembro<\/strong> na Sherry Gallery.<\/li>\n<li><strong>12 de setembro<\/strong> no Consejo Regulador.<\/li>\n<li><strong>Hor\u00e1rio:<\/strong> das 13:00 \u00e0s 14:30.<\/li>\n<\/ul>\n<p>A participa\u00e7\u00e3o profissional exige <strong>inscri\u00e7\u00e3o pr\u00e9via e acredita\u00e7\u00e3o<\/strong> e as vagas s\u00e3o limitadas.<\/p>\n<\/div><\/div><\/div><\/div><\/div><\/div><\/div><\/section><section class=\"l-section wpb_row height_huge color_alternate with_shape\"><div class=\"l-section-shape type_zigzag pos_top\" style=\"height:3vmin;\"><svg xmlns=\"http:\/\/www.w3.org\/2000\/svg\" viewBox=\"0 0 64 8\" preserveAspectRatio=\"none\" width=\"100%\" height=\"100%\">\r\n\t<path fill=\"currentColor\" d=\"M64 8 L0 8 L0 0 L20 7.9 L40 3 L48 5 L64 0 Z\"\/>\r\n<\/svg><\/div><div class=\"l-section-shape type_zigzag pos_bottom\" style=\"height:3vmin;\"><svg xmlns=\"http:\/\/www.w3.org\/2000\/svg\" viewBox=\"0 0 64 8\" preserveAspectRatio=\"none\" width=\"100%\" height=\"100%\">\r\n\t<path fill=\"currentColor\" d=\"M64 8 L0 8 L0 0 L20 7.9 L40 3 L48 5 L64 0 Z\"\/>\r\n<\/svg><\/div><div class=\"l-section-h i-cf\"><div class=\"g-cols vc_row via_flex valign_top type_default stacking_default\"><div class=\"vc_col-sm-6 wpb_column vc_column_container\"><div class=\"vc_column-inner\"><div class=\"wpb_wrapper\"><div class=\"wpb_text_column\"><div class=\"wpb_wrapper\"><h2 id=\"vino\">Porque \u00e9 que o vinho faz parte do festival<\/h2>\n<p>Jerez Fusi\u00f3n tem como um dos seus eixos a rela\u00e7\u00e3o entre <strong>m\u00fasica, vinho e brandy<\/strong>. N\u00e3o se trata apenas de acrescentar um copo aos concertos: a pr\u00f3pria identidade do festival constr\u00f3i-se em torno dos produtos e espa\u00e7os que fazem parte da cultura de Jerez.<\/p>\n<p>A colabora\u00e7\u00e3o da FEDEJEREZ e a presen\u00e7a de espa\u00e7os ligados ao setor vin\u00edcola refor\u00e7am esta ideia. O festival coincide ainda com a reta final das <strong>Festas das Vindimas de Jerez 2026<\/strong>, que terminam a 13 de setembro.<\/p>\n<p>Assim, a visita pode facilmente tornar-se um fim de semana mais completo: flamenco, adegas, gastronomia, patrim\u00f3nio e atividades das vindimas em paralelo.<\/p>\n<\/div><\/div><\/div><\/div><\/div><div class=\"vc_col-sm-6 wpb_column vc_column_container\"><div class=\"vc_column-inner\"><div class=\"wpb_wrapper\"><div class=\"wpb_text_column\"><div class=\"wpb_wrapper\"><h2 id=\"entradas\">Jerez Fusi\u00f3n 2026 \u00e9 gratuito? Bilhetes e acesso<\/h2>\n<p>Grande parte da programa\u00e7\u00e3o anunciada \u00e9 apresentada como <strong>gratuita<\/strong>, incluindo o grande concerto de s\u00e1bado na Alameda Vieja. Ainda assim, o festival combina muitos formatos e espa\u00e7os, e algumas atividades profissionais exigem inscri\u00e7\u00e3o ou acredita\u00e7\u00e3o pr\u00e9via.<\/p>\n<p>Por isso, conv\u00e9m distinguir tr\u00eas tipos de acesso:<\/p>\n<ul>\n<li><strong>Concertos e atividades abertas:<\/strong> consultar as condi\u00e7\u00f5es de lota\u00e7\u00e3o de cada espa\u00e7o.<\/li>\n<li><strong>Networking profissional:<\/strong> inscri\u00e7\u00e3o pr\u00e9via e acredita\u00e7\u00e3o.<\/li>\n<li><strong>Atividades espec\u00edficas:<\/strong> verificar a ficha oficial antes de participar.<\/li>\n<\/ul>\n<p>N\u00e3o recomendamos assumir que todos os eventos funcionam com o mesmo sistema de acesso. A refer\u00eancia mais segura \u00e9 sempre o site oficial do festival.<\/p>\n<\/div><\/div><\/div><\/div><\/div><\/div><\/div><\/section><section class=\"l-section wpb_row height_huge\"><div class=\"l-section-h i-cf\"><div class=\"g-cols vc_row via_flex valign_top type_default stacking_default\"><div class=\"vc_col-sm-6 wpb_column vc_column_container\"><div class=\"vc_column-inner\"><div class=\"wpb_wrapper\"><div class=\"wpb_text_column\"><div class=\"wpb_wrapper\"><h2 id=\"planificar\">Como organizar uma visita a Jerez Fusi\u00f3n<\/h2>\n<p>Se vem de fora de Jerez, a melhor estrat\u00e9gia \u00e9 escolher primeiro os concertos imperd\u00edveis e organizar o resto do dia em torno deles.<\/p>\n<p><strong>Quinta e sexta-feira:<\/strong> os concertos distribuem-se sobretudo entre a tarde e a noite, pelo que pode reservar a manh\u00e3 para o centro hist\u00f3rico, uma visita a uma adega ou o Centro Andaluz de Flamenco.<\/p>\n<p><strong>S\u00e1bado:<\/strong> deixe margem para chegar com anteced\u00eancia \u00e0 Alameda Vieja. \u00c9 o dia com maior capacidade de atrair p\u00fablico, devido \u00e0 homenagem a El Madriles e ao concerto de Raimundo Amador.<\/p>\n<p><strong>Domingo:<\/strong> a programa\u00e7\u00e3o diurna permite combinar o encerramento do festival com as \u00faltimas atividades das Festas das Vindimas.<\/p>\n<p>Se quiser tamb\u00e9m assistir a um espet\u00e1culo flamenco regular, pode consultar o nosso <a href=\"https:\/\/www.tablaosflamencos.com\/pt-pt\/flamenco-em-jerez\"><strong>guia de flamenco em Jerez<\/strong><\/a>. Jerez mant\u00e9m uma oferta flamenca fora do festival, o que permite prolongar a viagem por um ou v\u00e1rios dias.<\/p>\n<\/div><\/div><\/div><\/div><\/div><div class=\"vc_col-sm-6 wpb_column vc_column_container\"><div class=\"vc_column-inner\"><div class=\"wpb_wrapper\"><div class=\"wpb_text_column\"><div class=\"wpb_wrapper\"><h2>Jerez Fusi\u00f3n e a identidade flamenca da cidade<\/h2>\n<p>A aposta na fus\u00e3o faz especial sentido em Jerez, porque n\u00e3o parte de uma cidade sem tradi\u00e7\u00e3o que procura apropriar-se de uma designa\u00e7\u00e3o flamenca. Jerez \u00e9 um dos grandes territ\u00f3rios hist\u00f3ricos do cante, da guitarra, do baile e do comp\u00e1s.<\/p>\n<p>Precisamente por isso, o di\u00e1logo com sons contempor\u00e2neos pode ser ainda mais interessante: a raiz est\u00e1 presente e \u00e9 reconhec\u00edvel. A pergunta do festival n\u00e3o \u00e9 se Jerez tem flamenco, mas <strong>o que pode fazer hoje com todo esse patrim\u00f3nio<\/strong>.<\/p>\n<p>Quem quiser complementar este olhar contempor\u00e2neo com outros contextos da cidade pode ler tamb\u00e9m o nosso guia sobre <a href=\"https:\/\/www.tablaosflamencos.com\/pt-pt\/flamenco-em-jerez-feria-del-caballo.html\"><strong>flamenco em Jerez durante a Feria del Caballo<\/strong><\/a>, onde explicamos como a cultura flamenca se integra noutros grandes acontecimentos de Jerez.<\/p>\n<\/div><\/div><\/div><\/div><\/div><\/div><\/div><\/section><section class=\"l-section wpb_row height_huge color_alternate with_shape\"><div class=\"l-section-shape type_zigzag pos_top hor_flip\" style=\"height:3vmin;\"><svg xmlns=\"http:\/\/www.w3.org\/2000\/svg\" viewBox=\"0 0 64 8\" preserveAspectRatio=\"none\" width=\"100%\" height=\"100%\">\r\n\t<path fill=\"currentColor\" d=\"M64 8 L0 8 L0 0 L20 7.9 L40 3 L48 5 L64 0 Z\"\/>\r\n<\/svg><\/div><div class=\"l-section-shape type_zigzag pos_bottom\" style=\"height:3vmin;\"><svg xmlns=\"http:\/\/www.w3.org\/2000\/svg\" viewBox=\"0 0 64 8\" preserveAspectRatio=\"none\" width=\"100%\" height=\"100%\">\r\n\t<path fill=\"currentColor\" d=\"M64 8 L0 8 L0 0 L20 7.9 L40 3 L48 5 L64 0 Z\"\/>\r\n<\/svg><\/div><div class=\"l-section-h i-cf\"><div class=\"g-cols vc_row via_flex valign_top type_default stacking_default\"><div class=\"vc_col-sm-12 wpb_column vc_column_container\"><div class=\"vc_column-inner\"><div class=\"wpb_wrapper\"><div class=\"wpb_text_column\"><div class=\"wpb_wrapper\"><h2 style=\"text-align: center;\">Uma primeira edi\u00e7\u00e3o que quer olhar para l\u00e1 do festival<\/h2>\n<p style=\"text-align: center;\">Jerez Fusi\u00f3n nasce com a ambi\u00e7\u00e3o de ser um projeto de cidade. N\u00e3o se limita a programar concertos: liga espa\u00e7os, artistas, vinho, ind\u00fastria musical, turismo e patrim\u00f3nio.<\/p>\n<p style=\"text-align: center;\">O desafio desta primeira edi\u00e7\u00e3o ser\u00e1 perceber se esta mistura funciona de forma natural e se o festival pode consolidar-se como um encontro anual no calend\u00e1rio flamenco nacional.<\/p>\n<p style=\"text-align: center;\">Para 2026, o atrativo j\u00e1 \u00e9 claro: <strong>quatro dias para ver como Jerez p\u00f5e a sua raiz flamenca em di\u00e1logo com novas m\u00fasicas e novos p\u00fablicos<\/strong>.<\/p>\n<\/div><\/div><div class=\"w-separator size_medium\"><\/div><div class=\"w-hwrapper valign_top wrap stack_on_mobiles align_center\" style=\"--hwrapper-gap:1.2rem\"><div class=\"w-btn-wrapper align_none\"><a class=\"w-btn us-btn-style_1\" href=\"https:\/\/www.jerezfusion.com\/\"><span class=\"w-btn-label\">Consultar o programa atualizado<\/span><\/a><\/div><div class=\"w-btn-wrapper align_none\"><a class=\"w-btn us-btn-style_1\" href=\"https:\/\/www.tablaosflamencos.com\/pt-pt\/flamenco-em-jerez\"><span class=\"w-btn-label\">Descobrir flamenco em Jerez<\/span><\/a><\/div><\/div><\/div><\/div><\/div><\/div><\/div><\/section><section class=\"l-section wpb_row height_huge with_shape\"><div class=\"l-section-shape type_zigzag pos_bottom\" style=\"height:3vmin;\"><svg xmlns=\"http:\/\/www.w3.org\/2000\/svg\" viewBox=\"0 0 64 8\" preserveAspectRatio=\"none\" width=\"100%\" height=\"100%\">\r\n\t<path fill=\"currentColor\" d=\"M64 8 L0 8 L0 0 L20 7.9 L40 3 L48 5 L64 0 Z\"\/>\r\n<\/svg><\/div><div class=\"l-section-h i-cf\"><div class=\"g-cols vc_row via_flex valign_top type_default stacking_default\"><div class=\"vc_col-sm-1\/5 wpb_column vc_column_container\"><div class=\"vc_column-inner\"><div class=\"wpb_wrapper\"><\/div><\/div><\/div><div class=\"vc_col-sm-3\/5 wpb_column vc_column_container\"><div class=\"vc_column-inner\"><div class=\"wpb_wrapper\"><div class=\"wpb_text_column\"><div class=\"wpb_wrapper\"><h2 id=\"faq\" style=\"text-align: center;\">Perguntas frequentes sobre Jerez Fusi\u00f3n 2026<\/h2>\n<\/div><\/div><div class=\"w-separator size_medium\"><\/div><div class=\"w-tabs accordion toggle_style_1 has_scrolling\" style=\"--sections-title-size:inherit;--sections-gap:0.5rem;\"><div class=\"w-tabs-sections titles-align_none icon_chevron cpos_right\"><div class=\"w-tabs-section\" id=\"b294\"><button type=\"button\" class=\"w-tabs-section-header\" aria-controls=\"content-b294\" aria-expanded=\"false\"><div class=\"w-tabs-section-title\">Quando se realiza Jerez Fusi\u00f3n 2026?<\/div><div class=\"w-tabs-section-control\"><\/div><\/button><div  class=\"w-tabs-section-content\" id=\"content-b294\"><div class=\"w-tabs-section-content-h i-cf\"><div class=\"wpb_text_column\"><div class=\"wpb_wrapper\"><p>Jerez Fusi\u00f3n 2026 realiza-se de quinta-feira, 10, a domingo, 13 de setembro de 2026 em Jerez de la Frontera.<\/p>\n<\/div><\/div><\/div><\/div><\/div><div class=\"w-tabs-section\" id=\"c3a5\"><button type=\"button\" class=\"w-tabs-section-header\" aria-controls=\"content-c3a5\" aria-expanded=\"false\"><div class=\"w-tabs-section-title\">\u00c9 a primeira edi\u00e7\u00e3o de Jerez Fusi\u00f3n?<\/div><div class=\"w-tabs-section-control\"><\/div><\/button><div  class=\"w-tabs-section-content\" id=\"content-c3a5\"><div class=\"w-tabs-section-content-h i-cf\"><div class=\"wpb_text_column\"><div class=\"wpb_wrapper\"><p>Sim. A edi\u00e7\u00e3o de 2026 \u00e9 a primeira de Jerez Fusi\u00f3n, um projeto promovido pelo Cl\u00faster Tur\u00edstico Destino Jerez com apoio municipal e colabora\u00e7\u00e3o da FEDEJEREZ.<\/p>\n<\/div><\/div><\/div><\/div><\/div><div class=\"w-tabs-section\" id=\"l4af\"><button type=\"button\" class=\"w-tabs-section-header\" aria-controls=\"content-l4af\" aria-expanded=\"false\"><div class=\"w-tabs-section-title\">Que tipo de m\u00fasica haver\u00e1 no festival?<\/div><div class=\"w-tabs-section-control\"><\/div><\/button><div  class=\"w-tabs-section-content\" id=\"content-l4af\"><div class=\"w-tabs-section-content-h i-cf\"><div class=\"wpb_text_column\"><div class=\"wpb_wrapper\"><p>O flamenco \u00e9 o ponto de partida, mas o programa procura cruzamentos com jazz, blues, rock, m\u00fasica cl\u00e1ssica, m\u00fasicas do mundo e propostas contempor\u00e2neas.<\/p>\n<\/div><\/div><\/div><\/div><\/div><div class=\"w-tabs-section\" id=\"k5a4\"><button type=\"button\" class=\"w-tabs-section-header\" aria-controls=\"content-k5a4\" aria-expanded=\"false\"><div class=\"w-tabs-section-title\">Que artistas se destacam em Jerez Fusi\u00f3n 2026?<\/div><div class=\"w-tabs-section-control\"><\/div><\/button><div  class=\"w-tabs-section-content\" id=\"content-k5a4\"><div class=\"w-tabs-section-content-h i-cf\"><div class=\"wpb_text_column\"><div class=\"wpb_wrapper\"><p>Entre os nomes anunciados figuram Raimundo Amador, Tomasito, Diego Carrasco, Curro Carrasco, Luis de Perik\u00edn, Jos\u00e9 de los Camarones, Chico P\u00e9rez, Juan Diego Mateos, Sole\u00e1 Gatica, Borondo, Trilog e outros projetos.<\/p>\n<\/div><\/div><\/div><\/div><\/div><div class=\"w-tabs-section\" id=\"b676\"><button type=\"button\" class=\"w-tabs-section-header\" aria-controls=\"content-b676\" aria-expanded=\"false\"><div class=\"w-tabs-section-title\">Onde ser\u00e1 o concerto principal de Jerez Fusi\u00f3n?<\/div><div class=\"w-tabs-section-control\"><\/div><\/button><div  class=\"w-tabs-section-content\" id=\"content-b676\"><div class=\"w-tabs-section-content-h i-cf\"><div class=\"wpb_text_column\"><div class=\"wpb_wrapper\"><p>O grande concerto de s\u00e1bado, 12, est\u00e1 anunciado na Alameda Vieja, com homenagem a Antonio de los R\u00edos \u201cEl Madriles\u201d e encerramento de Raimundo Amador com De Pata Negra a Raimundo.<\/p>\n<\/div><\/div><\/div><\/div><\/div><div class=\"w-tabs-section\" id=\"d73f\"><button type=\"button\" class=\"w-tabs-section-header\" aria-controls=\"content-d73f\" aria-expanded=\"false\"><div class=\"w-tabs-section-title\">Jerez Fusi\u00f3n 2026 \u00e9 gratuito?<\/div><div class=\"w-tabs-section-control\"><\/div><\/button><div  class=\"w-tabs-section-content\" id=\"content-d73f\"><div class=\"w-tabs-section-content-h i-cf\"><div class=\"wpb_text_column\"><div class=\"wpb_wrapper\"><p>Grande parte da programa\u00e7\u00e3o p\u00fablica anunciada \u00e9 gratuita, embora algumas atividades profissionais exijam inscri\u00e7\u00e3o e acredita\u00e7\u00e3o. Conv\u00e9m verificar as condi\u00e7\u00f5es espec\u00edficas de cada atividade no site oficial.<\/p>\n<\/div><\/div><\/div><\/div><\/div><div class=\"w-tabs-section\" id=\"b82a\"><button type=\"button\" class=\"w-tabs-section-header\" aria-controls=\"content-b82a\" aria-expanded=\"false\"><div class=\"w-tabs-section-title\">H\u00e1 atividades para profissionais do flamenco e da m\u00fasica?<\/div><div class=\"w-tabs-section-control\"><\/div><\/button><div  class=\"w-tabs-section-content\" id=\"content-b82a\"><div class=\"w-tabs-section-content-h i-cf\"><div class=\"wpb_text_column\"><div class=\"wpb_wrapper\"><p>Sim. O festival inclui networking e encontros de neg\u00f3cios para artistas, managers, ag\u00eancias, festivais, programadores, promotores, editoras, meios de comunica\u00e7\u00e3o e institui\u00e7\u00f5es. As principais sess\u00f5es est\u00e3o anunciadas para 11 e 12 de setembro.<\/p>\n<\/div><\/div><\/div><\/div><\/div><div class=\"w-tabs-section\" id=\"d943\"><button type=\"button\" class=\"w-tabs-section-header\" aria-controls=\"content-d943\" aria-expanded=\"false\"><div class=\"w-tabs-section-title\">Que rela\u00e7\u00e3o tem o festival com o vinho de Jerez?<\/div><div class=\"w-tabs-section-control\"><\/div><\/button><div  class=\"w-tabs-section-content\" id=\"content-d943\"><div class=\"w-tabs-section-content-h i-cf\"><div class=\"wpb_text_column\"><div class=\"wpb_wrapper\"><p>O conceito do festival combina m\u00fasica, vinho e cidade. O vinho e o brandy fazem parte da identidade do projeto, e a organiza\u00e7\u00e3o conta com a colabora\u00e7\u00e3o da FEDEJEREZ.<\/p>\n<\/div><\/div><\/div><\/div><\/div><div class=\"w-tabs-section\" id=\"ka4d\"><button type=\"button\" class=\"w-tabs-section-header\" aria-controls=\"content-ka4d\" aria-expanded=\"false\"><div class=\"w-tabs-section-title\">Jerez Fusi\u00f3n coincide com as Festas das Vindimas?<\/div><div class=\"w-tabs-section-control\"><\/div><\/button><div  class=\"w-tabs-section-content\" id=\"content-ka4d\"><div class=\"w-tabs-section-content-h i-cf\"><div class=\"wpb_text_column\"><div class=\"wpb_wrapper\"><p>Sim. As Festas das Vindimas de Jerez 2026 prolongam-se at\u00e9 13 de setembro, pelo que os quatro dias de Jerez Fusi\u00f3n coincidem com a sua reta final.<\/p>\n<\/div><\/div><\/div><\/div><\/div><div class=\"w-tabs-section\" id=\"ub70\"><button type=\"button\" class=\"w-tabs-section-header\" aria-controls=\"content-ub70\" aria-expanded=\"false\"><div class=\"w-tabs-section-title\">Onde posso consultar eventuais altera\u00e7\u00f5es de \u00faltima hora?<\/div><div class=\"w-tabs-section-control\"><\/div><\/button><div  class=\"w-tabs-section-content\" id=\"content-ub70\"><div class=\"w-tabs-section-content-h i-cf\"><div class=\"wpb_text_column\"><div class=\"wpb_wrapper\"><p>A principal fonte \u00e9 o site oficial jerezfusion.com. Como o festival se distribui por v\u00e1rios espa\u00e7os, recomenda-se verificar ali hor\u00e1rios, acessos e altera\u00e7\u00f5es antes de se deslocar.<\/p>\n<\/div><\/div><\/div><\/div><\/div><\/div><\/div><\/div><\/div><\/div><div class=\"vc_col-sm-1\/5 wpb_column vc_column_container\"><div class=\"vc_column-inner\"><div class=\"wpb_wrapper\"><\/div><\/div><\/div><\/div><\/div><\/section>\n","protected":false},"excerpt":{"rendered":"<p>O guia completo de Jerez Fusi\u00f3n 2026: datas, programa\u00e7\u00e3o, artistas, espa\u00e7os, concertos, atividades profissionais, vinho, bilhetes e conselhos para desfrutar do festival.<\/p>\n","protected":false},"author":1,"featured_media":14719,"comment_status":"closed","ping_status":"closed","sticky":false,"template":"","format":"standard","meta":{"_acf_changed":false,"wpai_generated_summary":"","_ayudawp_aiss_exclude":false,"_ayudawp_aiss_exclude_summary":false,"_ayudawp_aiss_summary":"","_ayudawp_aiss_summary_provider":"","_ayudawp_aiss_summary_hash":"","footnotes":""},"categories":[1671],"tags":[1255,1258,2030,2027,1094,2028,2029],"class_list":["post-14822","post","type-post","status-publish","format-standard","has-post-thumbnail","hentry","category-festivais-flamenco","tag-agenda-flamenca","tag-festivales-flamencos","tag-flamenco-fusao-pt-pt","tag-flamenco-em-jerez-pt-pt","tag-jerez-de-la-frontera","tag-jerez-fusion-pt-pt","tag-jerez-fusion-2026-pt-pt"],"acf":[],"yoast_head":"<!-- This site is optimized with the Yoast SEO Premium plugin v28.4 (Yoast SEO v28.4) - https:\/\/yoast.com\/product\/yoast-seo-premium-wordpress\/ -->\n<title>Jerez Fusi\u00f3n 2026: datas, programa, artistas e guia<\/title>\n<meta name=\"description\" content=\"Jerez Fusi\u00f3n 2026 realiza-se de 10 a 13 de setembro. Consulte o programa, artistas, espa\u00e7os, concertos, atividades, vinho e conselhos para a visita.\" \/>\n<meta name=\"robots\" content=\"index, follow, max-snippet:-1, max-image-preview:large, max-video-preview:-1\" \/>\n<link rel=\"canonical\" href=\"https:\/\/www.tablaosflamencos.com\/pt-pt\/jerez-fusion-2026-datas-programa.html\" \/>\n<meta property=\"og:locale\" content=\"pt_PT\" \/>\n<meta property=\"og:type\" content=\"article\" \/>\n<meta property=\"og:title\" content=\"Jerez Fusi\u00f3n 2026: datas, programa e tudo o que precisa de saber\" \/>\n<meta property=\"og:description\" content=\"Jerez Fusi\u00f3n 2026 realiza-se de 10 a 13 de setembro. Consulte o programa, artistas, espa\u00e7os, concertos, atividades, vinho e conselhos para a visita.\" \/>\n<meta property=\"og:url\" content=\"https:\/\/www.tablaosflamencos.com\/pt-pt\/jerez-fusion-2026-datas-programa.html\" \/>\n<meta property=\"og:site_name\" content=\"Tablaos Flamencos\" \/>\n<meta property=\"article:publisher\" content=\"https:\/\/www.facebook.com\/tablaosflamencos\" \/>\n<meta property=\"article:published_time\" content=\"2026-09-05T10:42:59+00:00\" \/>\n<meta property=\"article:modified_time\" content=\"2026-09-05T12:17:20+00:00\" \/>\n<meta property=\"og:image\" content=\"https:\/\/www.tablaosflamencos.com\/wp-content\/uploads\/jerez-fusion-2026-fechas-programacion-y-todo-lo-que-debes-saber-01.webp\" \/>\n\t<meta property=\"og:image:width\" content=\"1491\" \/>\n\t<meta property=\"og:image:height\" content=\"1055\" \/>\n\t<meta property=\"og:image:type\" content=\"image\/webp\" \/>\n<meta name=\"author\" content=\"Miguel Ortiz\" \/>\n<meta name=\"twitter:card\" content=\"summary_large_image\" \/>\n<meta name=\"twitter:creator\" content=\"@tablaosflamenco\" \/>\n<meta name=\"twitter:site\" content=\"@tablaosflamenco\" \/>\n<meta name=\"twitter:label1\" content=\"Escrito por\" \/>\n\t<meta name=\"twitter:data1\" content=\"Miguel Ortiz\" \/>\n\t<meta name=\"twitter:label2\" content=\"Tempo estimado de leitura\" \/>\n\t<meta name=\"twitter:data2\" content=\"15 minutos\" \/>\n<script type=\"application\/ld+json\" class=\"yoast-schema-graph\">{\"@context\":\"https:\\\/\\\/schema.org\",\"@graph\":[{\"@type\":\"Article\",\"@id\":\"https:\\\/\\\/www.tablaosflamencos.com\\\/pt-pt\\\/jerez-fusion-2026-datas-programa.html#article\",\"isPartOf\":{\"@id\":\"https:\\\/\\\/www.tablaosflamencos.com\\\/pt-pt\\\/jerez-fusion-2026-datas-programa.html\"},\"author\":{\"name\":\"Miguel Ortiz\",\"@id\":\"https:\\\/\\\/www.tablaosflamencos.com\\\/pt-pt#\\\/schema\\\/person\\\/e7a9ebe14eb75a52ceabfbffb3c54f5d\"},\"headline\":\"Jerez Fusi\u00f3n 2026: datas, programa e tudo o que precisa de saber\",\"datePublished\":\"2026-09-05T10:42:59+00:00\",\"dateModified\":\"2026-09-05T12:17:20+00:00\",\"mainEntityOfPage\":{\"@id\":\"https:\\\/\\\/www.tablaosflamencos.com\\\/pt-pt\\\/jerez-fusion-2026-datas-programa.html\"},\"wordCount\":3073,\"publisher\":{\"@id\":\"https:\\\/\\\/www.tablaosflamencos.com\\\/pt-pt#organization\"},\"image\":{\"@id\":\"https:\\\/\\\/www.tablaosflamencos.com\\\/pt-pt\\\/jerez-fusion-2026-datas-programa.html#primaryimage\"},\"thumbnailUrl\":\"https:\\\/\\\/www.tablaosflamencos.com\\\/wp-content\\\/uploads\\\/jerez-fusion-2026-fechas-programacion-y-todo-lo-que-debes-saber-01.webp\",\"keywords\":[\"agenda flamenca\",\"festivales flamencos\",\"flamenco de fus\u00e3o\",\"flamenco em Jerez\",\"Jerez de la Frontera\",\"Jerez Fusi\u00f3n\",\"Jerez Fusi\u00f3n 2026\"],\"articleSection\":[\"Festivais de flamenco\"],\"inLanguage\":\"pt-PT\"},{\"@type\":\"WebPage\",\"@id\":\"https:\\\/\\\/www.tablaosflamencos.com\\\/pt-pt\\\/jerez-fusion-2026-datas-programa.html\",\"url\":\"https:\\\/\\\/www.tablaosflamencos.com\\\/pt-pt\\\/jerez-fusion-2026-datas-programa.html\",\"name\":\"Jerez Fusi\u00f3n 2026: datas, programa, artistas e guia\",\"isPartOf\":{\"@id\":\"https:\\\/\\\/www.tablaosflamencos.com\\\/pt-pt#website\"},\"primaryImageOfPage\":{\"@id\":\"https:\\\/\\\/www.tablaosflamencos.com\\\/pt-pt\\\/jerez-fusion-2026-datas-programa.html#primaryimage\"},\"image\":{\"@id\":\"https:\\\/\\\/www.tablaosflamencos.com\\\/pt-pt\\\/jerez-fusion-2026-datas-programa.html#primaryimage\"},\"thumbnailUrl\":\"https:\\\/\\\/www.tablaosflamencos.com\\\/wp-content\\\/uploads\\\/jerez-fusion-2026-fechas-programacion-y-todo-lo-que-debes-saber-01.webp\",\"datePublished\":\"2026-09-05T10:42:59+00:00\",\"dateModified\":\"2026-09-05T12:17:20+00:00\",\"description\":\"Jerez Fusi\u00f3n 2026 realiza-se de 10 a 13 de setembro. Consulte o programa, artistas, espa\u00e7os, concertos, atividades, vinho e conselhos para a visita.\",\"breadcrumb\":{\"@id\":\"https:\\\/\\\/www.tablaosflamencos.com\\\/pt-pt\\\/jerez-fusion-2026-datas-programa.html#breadcrumb\"},\"inLanguage\":\"pt-PT\",\"potentialAction\":[{\"@type\":\"ReadAction\",\"target\":[\"https:\\\/\\\/www.tablaosflamencos.com\\\/pt-pt\\\/jerez-fusion-2026-datas-programa.html\"]}]},{\"@type\":\"ImageObject\",\"inLanguage\":\"pt-PT\",\"@id\":\"https:\\\/\\\/www.tablaosflamencos.com\\\/pt-pt\\\/jerez-fusion-2026-datas-programa.html#primaryimage\",\"url\":\"https:\\\/\\\/www.tablaosflamencos.com\\\/wp-content\\\/uploads\\\/jerez-fusion-2026-fechas-programacion-y-todo-lo-que-debes-saber-01.webp\",\"contentUrl\":\"https:\\\/\\\/www.tablaosflamencos.com\\\/wp-content\\\/uploads\\\/jerez-fusion-2026-fechas-programacion-y-todo-lo-que-debes-saber-01.webp\",\"width\":1491,\"height\":1055,\"caption\":\"Jerez Fusi\u00f3n 2026: fechas, programaci\u00f3n y todo lo que debes saber\"},{\"@type\":\"BreadcrumbList\",\"@id\":\"https:\\\/\\\/www.tablaosflamencos.com\\\/pt-pt\\\/jerez-fusion-2026-datas-programa.html#breadcrumb\",\"itemListElement\":[{\"@type\":\"ListItem\",\"position\":1,\"name\":\"Home\",\"item\":\"https:\\\/\\\/www.tablaosflamencos.com\\\/pt-pt\"},{\"@type\":\"ListItem\",\"position\":2,\"name\":\"Jerez Fusi\u00f3n 2026: datas, programa e tudo o que precisa de saber\"}]},{\"@type\":\"WebSite\",\"@id\":\"https:\\\/\\\/www.tablaosflamencos.com\\\/pt-pt#website\",\"url\":\"https:\\\/\\\/www.tablaosflamencos.com\\\/pt-pt\",\"name\":\"Tablaos Flamencos\",\"description\":\"Entradas para tablaos flamencos de Espa\u00f1a\",\"publisher\":{\"@id\":\"https:\\\/\\\/www.tablaosflamencos.com\\\/pt-pt#organization\"},\"alternateName\":\"Tablaos Flamencos\",\"potentialAction\":[{\"@type\":\"SearchAction\",\"target\":{\"@type\":\"EntryPoint\",\"urlTemplate\":\"https:\\\/\\\/www.tablaosflamencos.com\\\/pt-pt?s={search_term_string}\"},\"query-input\":{\"@type\":\"PropertyValueSpecification\",\"valueRequired\":true,\"valueName\":\"search_term_string\"}}],\"inLanguage\":\"pt-PT\"},{\"@type\":[\"Organization\",\"Place\",\"EntertainmentBusiness\"],\"@id\":\"https:\\\/\\\/www.tablaosflamencos.com\\\/pt-pt#organization\",\"name\":\"Tablaos Flamencos\",\"alternateName\":\"Tablaos Flamencos\",\"url\":\"https:\\\/\\\/www.tablaosflamencos.com\\\/pt-pt\",\"logo\":{\"@id\":\"https:\\\/\\\/www.tablaosflamencos.com\\\/pt-pt\\\/jerez-fusion-2026-datas-programa.html#local-main-organization-logo\"},\"image\":{\"@id\":\"https:\\\/\\\/www.tablaosflamencos.com\\\/pt-pt\\\/jerez-fusion-2026-datas-programa.html#local-main-organization-logo\"},\"sameAs\":[\"https:\\\/\\\/www.facebook.com\\\/tablaosflamencos\",\"https:\\\/\\\/x.com\\\/tablaosflamenco\",\"https:\\\/\\\/mastodon.social\\\/@tablaosflamencos\",\"https:\\\/\\\/www.instagram.com\\\/tablaosflamencos\",\"https:\\\/\\\/tiktok.com\\\/@tablaosflamencos\",\"https:\\\/\\\/www.linkedin.com\\\/company\\\/109408238\\\/\"],\"description\":\"Venta de entradas para espect\u00e1culos flamencos\",\"legalName\":\"Tablaos Flamencos\",\"foundingDate\":\"2015-01-01\",\"numberOfEmployees\":{\"@type\":\"QuantitativeValue\",\"minValue\":\"1\",\"maxValue\":\"10\"},\"address\":{\"@id\":\"https:\\\/\\\/www.tablaosflamencos.com\\\/pt-pt\\\/jerez-fusion-2026-datas-programa.html#local-main-place-address\"},\"geo\":{\"@type\":\"GeoCoordinates\",\"latitude\":\"37.3868072\",\"longitude\":\"-5.993280299999999\"},\"telephone\":[\"+34623787787\"],\"contactPoint\":{\"@type\":\"ContactPoint\",\"telephone\":\"+34623787787\",\"email\":\"info@tablaosflamencos.com\"},\"openingHoursSpecification\":{\"@type\":\"OpeningHoursSpecification\",\"dayOfWeek\":[\"Monday\",\"Tuesday\",\"Wednesday\",\"Thursday\",\"Friday\",\"Saturday\",\"Sunday\"],\"opens\":\"00:00\",\"closes\":\"23:59\"},\"email\":\"info@tablaosflamencos.com\",\"priceRange\":\"$$$\",\"currenciesAccepted\":\"\u20ac\"},{\"@type\":\"Person\",\"@id\":\"https:\\\/\\\/www.tablaosflamencos.com\\\/pt-pt#\\\/schema\\\/person\\\/e7a9ebe14eb75a52ceabfbffb3c54f5d\",\"name\":\"Miguel Ortiz\",\"description\":\"Miguel Ortiz es un empresario flamenco, con una s\u00f3lida trayectoria dentro del sector. Ha presidido entidades culturales vinculadas al flamenco y, cuenta con un amplio recorrido profesional en la gesti\u00f3n y promoci\u00f3n de espect\u00e1culos y tablaos flamencos. Su pasi\u00f3n por la historia y el arte flamenco se refleja en cada art\u00edculo, donde combina experiencia, criterio y un profundo respeto por la tradici\u00f3n.\",\"sameAs\":[\"https:\\\/\\\/www.tablaosflamencos.com\",\"https:\\\/\\\/www.instagra.com\\\/miguelortizfe\",\"https:\\\/\\\/www.linkedin.com\\\/in\\\/miguelortizf\\\/\"],\"birthDate\":\"1984-11-22\",\"gender\":\"hombre\",\"knowsLanguage\":[\"espa\u00f1ol\",\"ingl\u00e9s\"],\"jobTitle\":\"Empresario flamenco\"},{\"@type\":\"PostalAddress\",\"@id\":\"https:\\\/\\\/www.tablaosflamencos.com\\\/pt-pt\\\/jerez-fusion-2026-datas-programa.html#local-main-place-address\",\"streetAddress\":\"C\\\/ Alemanes, 19\",\"addressLocality\":\"Sevilla\",\"postalCode\":\"41004\",\"addressRegion\":\"Sevilla\",\"addressCountry\":\"ES\"},{\"@type\":\"ImageObject\",\"inLanguage\":\"pt-PT\",\"@id\":\"https:\\\/\\\/www.tablaosflamencos.com\\\/pt-pt\\\/jerez-fusion-2026-datas-programa.html#local-main-organization-logo\",\"url\":\"https:\\\/\\\/www.tablaosflamencos.com\\\/wp-content\\\/uploads\\\/tablaos-flamencos-06-3.webp\",\"contentUrl\":\"https:\\\/\\\/www.tablaosflamencos.com\\\/wp-content\\\/uploads\\\/tablaos-flamencos-06-3.webp\",\"width\":600,\"height\":620,\"caption\":\"Tablaos Flamencos\"}]}<\/script>\n<meta name=\"geo.placename\" content=\"Sevilla\" \/>\n<meta name=\"geo.position\" content=\"37.3868072;-5.993280299999999\" \/>\n<meta name=\"geo.region\" content=\"Espanha\" \/>\n<!-- \/ Yoast SEO Premium plugin. -->","yoast_head_json":{"title":"Jerez Fusi\u00f3n 2026: datas, programa, artistas e guia","description":"Jerez Fusi\u00f3n 2026 realiza-se de 10 a 13 de setembro. Consulte o programa, artistas, espa\u00e7os, concertos, atividades, vinho e conselhos para a visita.","robots":{"index":"index","follow":"follow","max-snippet":"max-snippet:-1","max-image-preview":"max-image-preview:large","max-video-preview":"max-video-preview:-1"},"canonical":"https:\/\/www.tablaosflamencos.com\/pt-pt\/jerez-fusion-2026-datas-programa.html","og_locale":"pt_PT","og_type":"article","og_title":"Jerez Fusi\u00f3n 2026: datas, programa e tudo o que precisa de saber","og_description":"Jerez Fusi\u00f3n 2026 realiza-se de 10 a 13 de setembro. Consulte o programa, artistas, espa\u00e7os, concertos, atividades, vinho e conselhos para a visita.","og_url":"https:\/\/www.tablaosflamencos.com\/pt-pt\/jerez-fusion-2026-datas-programa.html","og_site_name":"Tablaos Flamencos","article_publisher":"https:\/\/www.facebook.com\/tablaosflamencos","article_published_time":"2026-09-05T10:42:59+00:00","article_modified_time":"2026-09-05T12:17:20+00:00","og_image":[{"width":1491,"height":1055,"url":"https:\/\/www.tablaosflamencos.com\/wp-content\/uploads\/jerez-fusion-2026-fechas-programacion-y-todo-lo-que-debes-saber-01.webp","type":"image\/webp"}],"author":"Miguel Ortiz","twitter_card":"summary_large_image","twitter_creator":"@tablaosflamenco","twitter_site":"@tablaosflamenco","twitter_misc":{"Escrito por":"Miguel Ortiz","Tempo estimado de leitura":"15 minutos"},"schema":{"@context":"https:\/\/schema.org","@graph":[{"@type":"Article","@id":"https:\/\/www.tablaosflamencos.com\/pt-pt\/jerez-fusion-2026-datas-programa.html#article","isPartOf":{"@id":"https:\/\/www.tablaosflamencos.com\/pt-pt\/jerez-fusion-2026-datas-programa.html"},"author":{"name":"Miguel Ortiz","@id":"https:\/\/www.tablaosflamencos.com\/pt-pt#\/schema\/person\/e7a9ebe14eb75a52ceabfbffb3c54f5d"},"headline":"Jerez Fusi\u00f3n 2026: datas, programa e tudo o que precisa de saber","datePublished":"2026-09-05T10:42:59+00:00","dateModified":"2026-09-05T12:17:20+00:00","mainEntityOfPage":{"@id":"https:\/\/www.tablaosflamencos.com\/pt-pt\/jerez-fusion-2026-datas-programa.html"},"wordCount":3073,"publisher":{"@id":"https:\/\/www.tablaosflamencos.com\/pt-pt#organization"},"image":{"@id":"https:\/\/www.tablaosflamencos.com\/pt-pt\/jerez-fusion-2026-datas-programa.html#primaryimage"},"thumbnailUrl":"https:\/\/www.tablaosflamencos.com\/wp-content\/uploads\/jerez-fusion-2026-fechas-programacion-y-todo-lo-que-debes-saber-01.webp","keywords":["agenda flamenca","festivales flamencos","flamenco de fus\u00e3o","flamenco em Jerez","Jerez de la Frontera","Jerez Fusi\u00f3n","Jerez Fusi\u00f3n 2026"],"articleSection":["Festivais de flamenco"],"inLanguage":"pt-PT"},{"@type":"WebPage","@id":"https:\/\/www.tablaosflamencos.com\/pt-pt\/jerez-fusion-2026-datas-programa.html","url":"https:\/\/www.tablaosflamencos.com\/pt-pt\/jerez-fusion-2026-datas-programa.html","name":"Jerez Fusi\u00f3n 2026: datas, programa, artistas e guia","isPartOf":{"@id":"https:\/\/www.tablaosflamencos.com\/pt-pt#website"},"primaryImageOfPage":{"@id":"https:\/\/www.tablaosflamencos.com\/pt-pt\/jerez-fusion-2026-datas-programa.html#primaryimage"},"image":{"@id":"https:\/\/www.tablaosflamencos.com\/pt-pt\/jerez-fusion-2026-datas-programa.html#primaryimage"},"thumbnailUrl":"https:\/\/www.tablaosflamencos.com\/wp-content\/uploads\/jerez-fusion-2026-fechas-programacion-y-todo-lo-que-debes-saber-01.webp","datePublished":"2026-09-05T10:42:59+00:00","dateModified":"2026-09-05T12:17:20+00:00","description":"Jerez Fusi\u00f3n 2026 realiza-se de 10 a 13 de setembro. Consulte o programa, artistas, espa\u00e7os, concertos, atividades, vinho e conselhos para a visita.","breadcrumb":{"@id":"https:\/\/www.tablaosflamencos.com\/pt-pt\/jerez-fusion-2026-datas-programa.html#breadcrumb"},"inLanguage":"pt-PT","potentialAction":[{"@type":"ReadAction","target":["https:\/\/www.tablaosflamencos.com\/pt-pt\/jerez-fusion-2026-datas-programa.html"]}]},{"@type":"ImageObject","inLanguage":"pt-PT","@id":"https:\/\/www.tablaosflamencos.com\/pt-pt\/jerez-fusion-2026-datas-programa.html#primaryimage","url":"https:\/\/www.tablaosflamencos.com\/wp-content\/uploads\/jerez-fusion-2026-fechas-programacion-y-todo-lo-que-debes-saber-01.webp","contentUrl":"https:\/\/www.tablaosflamencos.com\/wp-content\/uploads\/jerez-fusion-2026-fechas-programacion-y-todo-lo-que-debes-saber-01.webp","width":1491,"height":1055,"caption":"Jerez Fusi\u00f3n 2026: fechas, programaci\u00f3n y todo lo que debes saber"},{"@type":"BreadcrumbList","@id":"https:\/\/www.tablaosflamencos.com\/pt-pt\/jerez-fusion-2026-datas-programa.html#breadcrumb","itemListElement":[{"@type":"ListItem","position":1,"name":"Home","item":"https:\/\/www.tablaosflamencos.com\/pt-pt"},{"@type":"ListItem","position":2,"name":"Jerez Fusi\u00f3n 2026: datas, programa e tudo o que precisa de saber"}]},{"@type":"WebSite","@id":"https:\/\/www.tablaosflamencos.com\/pt-pt#website","url":"https:\/\/www.tablaosflamencos.com\/pt-pt","name":"Tablaos Flamencos","description":"Entradas para tablaos flamencos de Espa\u00f1a","publisher":{"@id":"https:\/\/www.tablaosflamencos.com\/pt-pt#organization"},"alternateName":"Tablaos Flamencos","potentialAction":[{"@type":"SearchAction","target":{"@type":"EntryPoint","urlTemplate":"https:\/\/www.tablaosflamencos.com\/pt-pt?s={search_term_string}"},"query-input":{"@type":"PropertyValueSpecification","valueRequired":true,"valueName":"search_term_string"}}],"inLanguage":"pt-PT"},{"@type":["Organization","Place","EntertainmentBusiness"],"@id":"https:\/\/www.tablaosflamencos.com\/pt-pt#organization","name":"Tablaos Flamencos","alternateName":"Tablaos Flamencos","url":"https:\/\/www.tablaosflamencos.com\/pt-pt","logo":{"@id":"https:\/\/www.tablaosflamencos.com\/pt-pt\/jerez-fusion-2026-datas-programa.html#local-main-organization-logo"},"image":{"@id":"https:\/\/www.tablaosflamencos.com\/pt-pt\/jerez-fusion-2026-datas-programa.html#local-main-organization-logo"},"sameAs":["https:\/\/www.facebook.com\/tablaosflamencos","https:\/\/x.com\/tablaosflamenco","https:\/\/mastodon.social\/@tablaosflamencos","https:\/\/www.instagram.com\/tablaosflamencos","https:\/\/tiktok.com\/@tablaosflamencos","https:\/\/www.linkedin.com\/company\/109408238\/"],"description":"Venta de entradas para espect\u00e1culos flamencos","legalName":"Tablaos Flamencos","foundingDate":"2015-01-01","numberOfEmployees":{"@type":"QuantitativeValue","minValue":"1","maxValue":"10"},"address":{"@id":"https:\/\/www.tablaosflamencos.com\/pt-pt\/jerez-fusion-2026-datas-programa.html#local-main-place-address"},"geo":{"@type":"GeoCoordinates","latitude":"37.3868072","longitude":"-5.993280299999999"},"telephone":["+34623787787"],"contactPoint":{"@type":"ContactPoint","telephone":"+34623787787","email":"info@tablaosflamencos.com"},"openingHoursSpecification":{"@type":"OpeningHoursSpecification","dayOfWeek":["Monday","Tuesday","Wednesday","Thursday","Friday","Saturday","Sunday"],"opens":"00:00","closes":"23:59"},"email":"info@tablaosflamencos.com","priceRange":"$$$","currenciesAccepted":"\u20ac"},{"@type":"Person","@id":"https:\/\/www.tablaosflamencos.com\/pt-pt#\/schema\/person\/e7a9ebe14eb75a52ceabfbffb3c54f5d","name":"Miguel Ortiz","description":"Miguel Ortiz es un empresario flamenco, con una s\u00f3lida trayectoria dentro del sector. Ha presidido entidades culturales vinculadas al flamenco y, cuenta con un amplio recorrido profesional en la gesti\u00f3n y promoci\u00f3n de espect\u00e1culos y tablaos flamencos. Su pasi\u00f3n por la historia y el arte flamenco se refleja en cada art\u00edculo, donde combina experiencia, criterio y un profundo respeto por la tradici\u00f3n.","sameAs":["https:\/\/www.tablaosflamencos.com","https:\/\/www.instagra.com\/miguelortizfe","https:\/\/www.linkedin.com\/in\/miguelortizf\/"],"birthDate":"1984-11-22","gender":"hombre","knowsLanguage":["espa\u00f1ol","ingl\u00e9s"],"jobTitle":"Empresario flamenco"},{"@type":"PostalAddress","@id":"https:\/\/www.tablaosflamencos.com\/pt-pt\/jerez-fusion-2026-datas-programa.html#local-main-place-address","streetAddress":"C\/ Alemanes, 19","addressLocality":"Sevilla","postalCode":"41004","addressRegion":"Sevilla","addressCountry":"ES"},{"@type":"ImageObject","inLanguage":"pt-PT","@id":"https:\/\/www.tablaosflamencos.com\/pt-pt\/jerez-fusion-2026-datas-programa.html#local-main-organization-logo","url":"https:\/\/www.tablaosflamencos.com\/wp-content\/uploads\/tablaos-flamencos-06-3.webp","contentUrl":"https:\/\/www.tablaosflamencos.com\/wp-content\/uploads\/tablaos-flamencos-06-3.webp","width":600,"height":620,"caption":"Tablaos Flamencos"}]},"geo.placename":"Sevilla","geo.position":{"lat":"37.3868072","long":"-5.993280299999999"},"geo.region":"Espanha"},"_links":{"self":[{"href":"https:\/\/www.tablaosflamencos.com\/pt-pt\/wp-json\/wp\/v2\/posts\/14822","targetHints":{"allow":["GET"]}}],"collection":[{"href":"https:\/\/www.tablaosflamencos.com\/pt-pt\/wp-json\/wp\/v2\/posts"}],"about":[{"href":"https:\/\/www.tablaosflamencos.com\/pt-pt\/wp-json\/wp\/v2\/types\/post"}],"author":[{"embeddable":true,"href":"https:\/\/www.tablaosflamencos.com\/pt-pt\/wp-json\/wp\/v2\/users\/1"}],"replies":[{"embeddable":true,"href":"https:\/\/www.tablaosflamencos.com\/pt-pt\/wp-json\/wp\/v2\/comments?post=14822"}],"version-history":[{"count":2,"href":"https:\/\/www.tablaosflamencos.com\/pt-pt\/wp-json\/wp\/v2\/posts\/14822\/revisions"}],"predecessor-version":[{"id":14824,"href":"https:\/\/www.tablaosflamencos.com\/pt-pt\/wp-json\/wp\/v2\/posts\/14822\/revisions\/14824"}],"wp:featuredmedia":[{"embeddable":true,"href":"https:\/\/www.tablaosflamencos.com\/pt-pt\/wp-json\/wp\/v2\/media\/14719"}],"wp:attachment":[{"href":"https:\/\/www.tablaosflamencos.com\/pt-pt\/wp-json\/wp\/v2\/media?parent=14822"}],"wp:term":[{"taxonomy":"category","embeddable":true,"href":"https:\/\/www.tablaosflamencos.com\/pt-pt\/wp-json\/wp\/v2\/categories?post=14822"},{"taxonomy":"post_tag","embeddable":true,"href":"https:\/\/www.tablaosflamencos.com\/pt-pt\/wp-json\/wp\/v2\/tags?post=14822"}],"curies":[{"name":"wp","href":"https:\/\/api.w.org\/{rel}","templated":true}]}}