{"id":14777,"date":"2026-09-05T13:50:39","date_gmt":"2026-09-05T11:50:39","guid":{"rendered":"https:\/\/www.tablaosflamencos.com\/?p=14777"},"modified":"2026-09-05T14:11:42","modified_gmt":"2026-09-05T12:11:42","slug":"macarena-flamenca-2026-programacao-bilhetes","status":"publish","type":"post","link":"https:\/\/www.tablaosflamencos.com\/pt-pt\/macarena-flamenca-2026-programacao-bilhetes.html","title":{"rendered":"Macarena Flamenca 2026: programa\u00e7\u00e3o, bilhetes e tudo o que precisa de saber"},"content":{"rendered":"<section class=\"l-section wpb_row height_huge\"><div class=\"l-section-h i-cf\"><div class=\"g-cols vc_row via_flex valign_top type_default stacking_default\"><div class=\"vc_col-sm-6 wpb_column vc_column_container\"><div class=\"vc_column-inner\"><div class=\"wpb_wrapper\"><div class=\"wpb_text_column\"><div class=\"wpb_wrapper\"><h2>O flamenco regressa \u00e0s ruas da Macarena<\/h2>\n<p>O <strong>II Festival Macarena Flamenca 2026<\/strong> realiza-se no s\u00e1bado, 5 de setembro, na Plaza Virgen del Pilar, no bairro sevilhano de La Barzola. O evento transforma uma pra\u00e7a do distrito Macarena num palco de flamenco e dedica a sua segunda edi\u00e7\u00e3o a <strong>Jos\u00e9 de la Tomasa<\/strong>, uma das vozes essenciais do cante sevilhano.<\/p>\n<p>O cartaz re\u00fane cante, guitarra e dan\u00e7a com artistas de diferentes gera\u00e7\u00f5es: Potito, Antonio Reyes, Remedios Reyes, Manuel de la Tomasa e Manuela Amador Carrasco, acompanhados pelos respetivos elencos. A entrada \u00e9 gratuita e n\u00e3o \u00e9 necess\u00e1rio comprar bilhete, embora o acesso dependa da capacidade dispon\u00edvel.<\/p>\n<\/div><\/div><\/div><\/div><\/div><div class=\"vc_col-sm-6 wpb_column vc_column_container\"><div class=\"vc_column-inner\"><div class=\"wpb_wrapper\"><div class=\"wpb_text_column\"><div class=\"wpb_wrapper\"><h2>Informa\u00e7\u00f5es essenciais<\/h2>\n<ul>\n<li><strong>Data:<\/strong> s\u00e1bado, 5 de setembro de 2026.<\/li>\n<li><strong>Local:<\/strong> Plaza Virgen del Pilar, La Barzola, Sevilha.<\/li>\n<li><strong>Hor\u00e1rio mais recente:<\/strong> 21:30.<\/li>\n<li><strong>Chegada recomendada:<\/strong> antes das 21:00.<\/li>\n<li><strong>Bilhetes:<\/strong> entrada livre e gratuita.<\/li>\n<li><strong>Homenageado:<\/strong> Jos\u00e9 de la Tomasa.<\/li>\n<li><strong>Organiza\u00e7\u00e3o:<\/strong> Distrito Macarena da C\u00e2mara Municipal de Sevilha.<\/li>\n<li><strong>Contexto:<\/strong> atividades pr\u00e9vias da XXIV Bienal de Flamenco.<\/li>\n<\/ul>\n<\/div><\/div><\/div><\/div><\/div><\/div><\/div><\/section><section class=\"l-section wpb_row height_huge color_alternate with_shape\"><div class=\"l-section-shape type_zigzag pos_top\" style=\"height:3vmin;\"><svg xmlns=\"http:\/\/www.w3.org\/2000\/svg\" viewBox=\"0 0 64 8\" preserveAspectRatio=\"none\" width=\"100%\" height=\"100%\">\r\n\t<path fill=\"currentColor\" d=\"M64 8 L0 8 L0 0 L20 7.9 L40 3 L48 5 L64 0 Z\"\/>\r\n<\/svg><\/div><div class=\"l-section-shape type_zigzag pos_bottom\" style=\"height:3vmin;\"><svg xmlns=\"http:\/\/www.w3.org\/2000\/svg\" viewBox=\"0 0 64 8\" preserveAspectRatio=\"none\" width=\"100%\" height=\"100%\">\r\n\t<path fill=\"currentColor\" d=\"M64 8 L0 8 L0 0 L20 7.9 L40 3 L48 5 L64 0 Z\"\/>\r\n<\/svg><\/div><div class=\"l-section-h i-cf\"><div class=\"g-cols vc_row via_flex valign_top type_default stacking_default\"><div class=\"vc_col-sm-12 wpb_column vc_column_container\"><div class=\"vc_column-inner\"><div class=\"wpb_wrapper\"><div class=\"wpb_text_column\"><div class=\"wpb_wrapper\"><blockquote>\n<p><strong>Resposta r\u00e1pida:<\/strong> Macarena Flamenca 2026 realiza-se no s\u00e1bado, 5 de setembro, na Plaza Virgen del Pilar, em La Barzola. Atuar\u00e3o Potito, Antonio Reyes, Remedios Reyes, Manuel de la Tomasa e a bailaora Manuela Amador Carrasco, numa edi\u00e7\u00e3o dedicada a Jos\u00e9 de la Tomasa. A entrada \u00e9 gratuita e n\u00e3o \u00e9 necess\u00e1rio reservar. A informa\u00e7\u00e3o municipal mais recente indica o in\u00edcio \u00e0s 21:30, embora outra ficha oficial ainda mostre as 21:00; o mais prudente \u00e9 chegar antes dessa hora.<\/p>\n<\/blockquote>\n<\/div><\/div><\/div><\/div><\/div><\/div><\/div><\/section><section class=\"l-section wpb_row height_huge\"><div class=\"l-section-h i-cf\"><div class=\"g-cols vc_row via_flex valign_top type_default stacking_default\"><div class=\"vc_col-sm-3 wpb_column vc_column_container\"><div class=\"vc_column-inner\"><div class=\"wpb_wrapper\"><\/div><\/div><\/div><div class=\"vc_col-sm-6 wpb_column vc_column_container\"><div class=\"vc_column-inner\"><div class=\"wpb_wrapper\"><div class=\"wpb_text_column\"><div class=\"wpb_wrapper\"><h2>Conte\u00fado deste guia<\/h2>\n<ul>\n<li><a href=\"#programa\">Programa e artistas<\/a><\/li>\n<li><a href=\"#homenaje\">Homenagem a Jos\u00e9 de la Tomasa<\/a><\/li>\n<li><a href=\"#entradas\">Bilhetes e acesso<\/a><\/li>\n<li><a href=\"#horario\">Hor\u00e1rio e discrep\u00e2ncia oficial<\/a><\/li>\n<li><a href=\"#lugar\">Local e chegada<\/a><\/li>\n<li><a href=\"#bienal\">Rela\u00e7\u00e3o com a Bienal<\/a><\/li>\n<li><a href=\"#consejos\">Conselhos pr\u00e1ticos<\/a><\/li>\n<li><a href=\"#faq\">Perguntas frequentes<\/a><\/li>\n<\/ul>\n<\/div><\/div><\/div><\/div><\/div><div class=\"vc_col-sm-3 wpb_column vc_column_container\"><div class=\"vc_column-inner\"><div class=\"wpb_wrapper\"><\/div><\/div><\/div><\/div><\/div><\/section><section class=\"l-section wpb_row height_huge color_alternate with_shape\"><div class=\"l-section-shape type_zigzag pos_top\" style=\"height:3vmin;\"><svg xmlns=\"http:\/\/www.w3.org\/2000\/svg\" viewBox=\"0 0 64 8\" preserveAspectRatio=\"none\" width=\"100%\" height=\"100%\">\r\n\t<path fill=\"currentColor\" d=\"M64 8 L0 8 L0 0 L20 7.9 L40 3 L48 5 L64 0 Z\"\/>\r\n<\/svg><\/div><div class=\"l-section-shape type_zigzag pos_bottom\" style=\"height:3vmin;\"><svg xmlns=\"http:\/\/www.w3.org\/2000\/svg\" viewBox=\"0 0 64 8\" preserveAspectRatio=\"none\" width=\"100%\" height=\"100%\">\r\n\t<path fill=\"currentColor\" d=\"M64 8 L0 8 L0 0 L20 7.9 L40 3 L48 5 L64 0 Z\"\/>\r\n<\/svg><\/div><div class=\"l-section-h i-cf\"><div class=\"g-cols vc_row via_flex valign_top type_default stacking_default\"><div class=\"vc_col-sm-6 wpb_column vc_column_container\"><div class=\"vc_column-inner\"><div class=\"wpb_wrapper\"><div class=\"wpb_text_column\"><div class=\"wpb_wrapper\"><h2 id=\"programa\">Programa da Macarena Flamenca 2026<\/h2>\n<p>A programa\u00e7\u00e3o re\u00fane quatro nomes do cante e uma proposta de dan\u00e7a. N\u00e3o foi divulgada uma ordem hor\u00e1ria individual, pelo que deve ser entendida como uma gala cont\u00ednua e n\u00e3o como v\u00e1rios concertos com acessos independentes.<\/p>\n<h3>Potito, com Manuel Herrera<\/h3>\n<p>Antonio Vargas Cort\u00e9s, <strong>Potito<\/strong>, traz uma liga\u00e7\u00e3o direta ao cante gitano sevilhano e uma carreira desenvolvida em recitais e colabora\u00e7\u00f5es com grandes figuras. Ser\u00e1 acompanhado \u00e0 guitarra por <strong>Manuel Herrera<\/strong>.<\/p>\n<h3>Antonio Reyes, com Nono Reyes<\/h3>\n<p><strong>Antonio Reyes<\/strong> \u00e9 um dos cantaores mais valorizados da sua gera\u00e7\u00e3o pelo sentido do comp\u00e1s, afina\u00e7\u00e3o e uma forma de cantar que combina tradi\u00e7\u00e3o e personalidade. Ser\u00e1 acompanhado por <strong>Nono Reyes<\/strong>.<\/p>\n<\/div><\/div><\/div><\/div><\/div><div class=\"vc_col-sm-6 wpb_column vc_column_container\"><div class=\"vc_column-inner\"><div class=\"wpb_wrapper\"><div class=\"wpb_text_column\"><div class=\"wpb_wrapper\"><h3>Remedios Reyes, com Julio Romero<\/h3>\n<p>A cantaora de Chiclana <strong>Remedios Reyes<\/strong> levar\u00e1 ao palco uma interpreta\u00e7\u00e3o marcada pela for\u00e7a expressiva e pelo conhecimento dos cantes. \u00c0 guitarra ser\u00e1 acompanhada por <strong>Julio Romero<\/strong>.<\/p>\n<h3>Manuel de la Tomasa, com Nono Reyes<\/h3>\n<p>A presen\u00e7a de <strong>Manuel de la Tomasa<\/strong> tem um significado especial numa noite dedicada ao seu av\u00f4. Representa a continuidade familiar de uma linhagem fundamental do cante sevilhano. Tamb\u00e9m ser\u00e1 acompanhado por Nono Reyes.<\/p>\n<h3>Manuela Amador Carrasco e o seu grupo<\/h3>\n<p>A dan\u00e7a estar\u00e1 representada por <strong>Manuela Amador Carrasco<\/strong>, acompanhada por <strong>Luis Amador<\/strong> \u00e0 guitarra e <strong>Emilio Molina<\/strong> e <strong>Manuel Ta\u00f1\u00e9<\/strong> no cante. A sua participa\u00e7\u00e3o completa um cartaz baseado na rela\u00e7\u00e3o entre voz, guitarra, dan\u00e7a e comp\u00e1s.<\/p>\n<p>Os artistas e acompanhamentos s\u00e3o os divulgados na programa\u00e7\u00e3o. Como em qualquer festival ao ar livre, a ordem e o desenvolvimento final podem sofrer altera\u00e7\u00f5es.<\/p>\n<\/div><\/div><\/div><\/div><\/div><\/div><\/div><\/section><section class=\"l-section wpb_row height_huge\"><div class=\"l-section-h i-cf\"><div class=\"g-cols vc_row via_flex valign_top type_default stacking_default\"><div class=\"vc_col-sm-6 wpb_column vc_column_container\"><div class=\"vc_column-inner\"><div class=\"wpb_wrapper\"><div class=\"wpb_text_column\"><div class=\"wpb_wrapper\"><h2 id=\"homenaje\">Uma edi\u00e7\u00e3o dedicada a Jos\u00e9 de la Tomasa<\/h2>\n<p>O fio condutor da Macarena Flamenca 2026 \u00e9 a homenagem a <strong>Jos\u00e9 de la Tomasa<\/strong>, apresentado pela C\u00e2mara Municipal como uma figura fundamental do flamenco sevilhano. Nascido e criado em Sevilha, pertence a uma fam\u00edlia intimamente ligada ao cante: \u00e9 neto de Pepe Torre e filho de Pies de Plomo e Tomasa Soto, embora a sua personalidade art\u00edstica v\u00e1 muito al\u00e9m do peso da genealogia.<\/p>\n<p>O seu repert\u00f3rio, o conhecimento dos estilos e o trabalho de transmiss\u00e3o tornaram-no uma refer\u00eancia para aficionados e artistas. Entre os seus reconhecimentos recentes encontram-se a Medalha da Cidade de Sevilha, atribu\u00edda em 2023, e o Giraldillo Internacional Ciudad de Sevilla recebido em 2024.<\/p>\n<p>A presen\u00e7a de Manuel de la Tomasa refor\u00e7a a ideia de continuidade. A tradi\u00e7\u00e3o surge como algo que se aprende, se partilha e se transforma, e n\u00e3o como uma pe\u00e7a im\u00f3vel.<\/p>\n<\/div><\/div><\/div><\/div><\/div><div class=\"vc_col-sm-6 wpb_column vc_column_container\"><div class=\"vc_column-inner\"><div class=\"wpb_wrapper\"><div class=\"wpb_text_column\"><div class=\"wpb_wrapper\"><h2>Jos\u00e9 de la Tomasa vai atuar?<\/h2>\n<p>As comunica\u00e7\u00f5es oficiais apresentam o maestro como protagonista e homenageado, mas n\u00e3o detalham um n\u00famero completo interpretado por ele. Por isso, n\u00e3o conv\u00e9m garantir uma atua\u00e7\u00e3o pr\u00f3pria. O centro da noite ser\u00e1 a sua figura, o seu legado e o reconhecimento do bairro, independentemente de intervir ou n\u00e3o durante o evento.<\/p>\n<p>A dedicat\u00f3ria tem ainda uma dimens\u00e3o territorial: a homenagem realiza-se no distrito Macarena, dentro de um festival criado para levar a arte \u00e0s pra\u00e7as. Liga mem\u00f3ria art\u00edstica, bairro e conviv\u00eancia.<\/p>\n<p>Para aprofundar o contexto destes dias, consulte o nosso guia sobre <a href=\"https:\/\/www.tablaosflamencos.com\/bienal-flamenco-2026-antes-9-septiembre.html\">os eventos da Bienal anteriores a 9 de setembro<\/a>.<\/p>\n<\/div><\/div><\/div><\/div><\/div><\/div><\/div><\/section><section class=\"l-section wpb_row height_huge color_alternate with_shape\"><div class=\"l-section-shape type_zigzag pos_top hor_flip\" style=\"height:3vmin;\"><svg xmlns=\"http:\/\/www.w3.org\/2000\/svg\" viewBox=\"0 0 64 8\" preserveAspectRatio=\"none\" width=\"100%\" height=\"100%\">\r\n\t<path fill=\"currentColor\" d=\"M64 8 L0 8 L0 0 L20 7.9 L40 3 L48 5 L64 0 Z\"\/>\r\n<\/svg><\/div><div class=\"l-section-shape type_zigzag pos_bottom\" style=\"height:3vmin;\"><svg xmlns=\"http:\/\/www.w3.org\/2000\/svg\" viewBox=\"0 0 64 8\" preserveAspectRatio=\"none\" width=\"100%\" height=\"100%\">\r\n\t<path fill=\"currentColor\" d=\"M64 8 L0 8 L0 0 L20 7.9 L40 3 L48 5 L64 0 Z\"\/>\r\n<\/svg><\/div><div class=\"l-section-h i-cf\"><div class=\"g-cols vc_row via_flex valign_top type_default stacking_default\"><div class=\"vc_col-sm-6 wpb_column vc_column_container\"><div class=\"vc_column-inner\"><div class=\"wpb_wrapper\"><div class=\"wpb_text_column\"><div class=\"wpb_wrapper\"><h2 id=\"entradas\">Bilhetes: o festival \u00e9 gratuito<\/h2>\n<p>N\u00e3o existem bilhetes pagos para a Macarena Flamenca 2026. A C\u00e2mara Municipal anuncia <strong>entrada livre<\/strong> e a Bienal inclui a atividade entre as propostas gratuitas de Flamenco a pie de calle.<\/p>\n<ul>\n<li>N\u00e3o \u00e9 necess\u00e1rio comprar lugar.<\/li>\n<li>N\u00e3o existe uma bilheteira oficial.<\/li>\n<li>N\u00e3o foi anunciada reserva pr\u00e9via nem levantamento de convite.<\/li>\n<li>O acesso depende do espa\u00e7o dispon\u00edvel.<\/li>\n<li>Chegar cedo aumenta as possibilidades de encontrar uma boa localiza\u00e7\u00e3o.<\/li>\n<\/ul>\n<p>O facto de ser gratuito n\u00e3o significa ter um lugar garantido. Se a zona destinada ao p\u00fablico atingir a sua capacidade operacional, a organiza\u00e7\u00e3o pode limitar o acesso por motivos de seguran\u00e7a.<\/p>\n<\/div><\/div><\/div><\/div><\/div><div class=\"vc_col-sm-6 wpb_column vc_column_container\"><div class=\"vc_column-inner\"><div class=\"wpb_wrapper\"><div class=\"wpb_text_column\"><div class=\"wpb_wrapper\"><h2>\u00c9 necess\u00e1rio reservar?<\/h2>\n<p>\u00c0 data de atualiza\u00e7\u00e3o deste guia, <strong>n\u00e3o \u00e9 necess\u00e1ria reserva<\/strong>. Tamb\u00e9m n\u00e3o existe um processo oficial de inscri\u00e7\u00e3o. Basta deslocar-se \u00e0 Plaza Virgen del Pilar com anteced\u00eancia.<\/p>\n<p>Conv\u00e9m desconfiar de qualquer site que tente vender bilhetes para esta gala. A informa\u00e7\u00e3o municipal anuncia-a como uma atividade gratuita. Qualquer altera\u00e7\u00e3o dever\u00e1 ser comunicada atrav\u00e9s dos canais da C\u00e2mara Municipal, do Distrito Macarena ou da Bienal.<\/p>\n<p>O festival faz parte de uma semana com v\u00e1rias propostas de acesso livre. Reunimo-las no guia de <a href=\"https:\/\/www.tablaosflamencos.com\/bienal-flamenco-sevilla-2026-gratis.html\">espet\u00e1culos e atividades gratuitos da Bienal 2026<\/a>.<\/p>\n<\/div><\/div><\/div><\/div><\/div><\/div><\/div><\/section><section class=\"l-section wpb_row height_huge\"><div class=\"l-section-h i-cf\"><div class=\"g-cols vc_row via_flex valign_top type_default stacking_default\"><div class=\"vc_col-sm-6 wpb_column vc_column_container\"><div class=\"vc_column-inner\"><div class=\"wpb_wrapper\"><div class=\"wpb_text_column\"><div class=\"wpb_wrapper\"><h2 id=\"horario\">Come\u00e7a \u00e0s 21:00 ou \u00e0s 21:30?<\/h2>\n<p>As fontes oficiais n\u00e3o apresentam exatamente o mesmo hor\u00e1rio. A <a href=\"https:\/\/www.sevilla.org\/distritos\/macarena\/eventos\/ii-festival-macarena-flamenca-2026\" target=\"_blank\" rel=\"noopener\">agenda do Distrito Macarena<\/a> mant\u00e9m as <strong>21:00<\/strong>. No entanto, a <a href=\"https:\/\/www.sevilla.org\/actualidad\/noticias\/2026\/de-la-cultura-popular-al-flamenco-sevilla-despliega-una-nueva-semana-de-programacion-cultural\" target=\"_blank\" rel=\"noopener\">not\u00edcia publicada pela C\u00e2mara Municipal em 4 de setembro<\/a>, mais recente e detalhada, anuncia as <strong>21:30<\/strong>. A Bienal tamb\u00e9m indica o in\u00edcio \u00e0s 21:30.<\/p>\n<p>A recomenda\u00e7\u00e3o pr\u00e1tica \u00e9 chegar antes das 21:00. Assim haver\u00e1 margem para localizar a pra\u00e7a, verificar o acesso e encontrar lugar, seja qual for o hor\u00e1rio finalmente aplicado.<\/p>\n<\/div><\/div><\/div><\/div><\/div><div class=\"vc_col-sm-6 wpb_column vc_column_container\"><div class=\"vc_column-inner\"><div class=\"wpb_wrapper\"><div class=\"wpb_text_column\"><div class=\"wpb_wrapper\"><h2 id=\"lugar\">Onde se realiza<\/h2>\n<p>O palco estar\u00e1 na <strong>Plaza Virgen del Pilar<\/strong>, no bairro de <strong>La Barzola<\/strong>, no distrito Macarena. N\u00e3o deve ser confundida com a Bas\u00edlica de la Macarena nem com outros espa\u00e7os do centro hist\u00f3rico.<\/p>\n<p>Recomenda-se consultar o percurso antes de sair, privilegiar transportes p\u00fablicos, t\u00e1xi ou VTC a partir do centro e prever tempo para o \u00faltimo tro\u00e7o a p\u00e9. \u00c9 igualmente importante respeitar as zonas reservadas pela organiza\u00e7\u00e3o, as entradas dos residentes e os percursos de emerg\u00eancia.<\/p>\n<p>A realiza\u00e7\u00e3o fora dos teatros faz parte do car\u00e1ter do festival: durante uma noite, o espa\u00e7o quotidiano do bairro transforma-se num ponto de encontro entre artistas, moradores, aficionados e visitantes.<\/p>\n<\/div><\/div><\/div><\/div><\/div><\/div><\/div><\/section><section class=\"l-section wpb_row height_huge color_alternate with_shape\"><div class=\"l-section-shape type_zigzag pos_top\" style=\"height:3vmin;\"><svg xmlns=\"http:\/\/www.w3.org\/2000\/svg\" viewBox=\"0 0 64 8\" preserveAspectRatio=\"none\" width=\"100%\" height=\"100%\">\r\n\t<path fill=\"currentColor\" d=\"M64 8 L0 8 L0 0 L20 7.9 L40 3 L48 5 L64 0 Z\"\/>\r\n<\/svg><\/div><div class=\"l-section-shape type_zigzag pos_bottom\" style=\"height:3vmin;\"><svg xmlns=\"http:\/\/www.w3.org\/2000\/svg\" viewBox=\"0 0 64 8\" preserveAspectRatio=\"none\" width=\"100%\" height=\"100%\">\r\n\t<path fill=\"currentColor\" d=\"M64 8 L0 8 L0 0 L20 7.9 L40 3 L48 5 L64 0 Z\"\/>\r\n<\/svg><\/div><div class=\"l-section-h i-cf\"><div class=\"g-cols vc_row via_flex valign_top type_default stacking_default\"><div class=\"vc_col-sm-6 wpb_column vc_column_container\"><div class=\"vc_column-inner\"><div class=\"wpb_wrapper\"><div class=\"wpb_text_column\"><div class=\"wpb_wrapper\"><h2 id=\"bienal\">Macarena Flamenca e a Bienal de Sevilha<\/h2>\n<p>O festival integra as atividades que antecedem a XXIV Bienal de Flamenco de Sevilha. A edi\u00e7\u00e3o oficial decorre de 9 de setembro a 3 de outubro de 2026, mas os dias anteriores j\u00e1 oferecem exposi\u00e7\u00f5es, atua\u00e7\u00f5es nos bairros e cinema.<\/p>\n<p>Macarena Flamenca surge dentro de <em>Flamenco a pie de calle<\/em>, uma das linhas das atividades paralelas que leva cante, guitarra e dan\u00e7a aos espa\u00e7os abertos de Sevilha. A proposta do dia 5 junta o formato de festival de distrito \u00e0 homenagem a uma figura hist\u00f3rica.<\/p>\n<p>Consulte datas, espa\u00e7os e espet\u00e1culos no nosso <a href=\"https:\/\/www.tablaosflamencos.com\/bienal-flamenco-sevilla-2026.html\">guia completo da Bienal de Flamenco de Sevilha 2026<\/a>.<\/p>\n<\/div><\/div><\/div><\/div><\/div><div class=\"vc_col-sm-6 wpb_column vc_column_container\"><div class=\"vc_column-inner\"><div class=\"wpb_wrapper\"><div class=\"wpb_text_column\"><div class=\"wpb_wrapper\"><h2>Um festival jovem com voca\u00e7\u00e3o de continuidade<\/h2>\n<p>Macarena Flamenca nasceu em 2025 por iniciativa do Distrito Macarena. A segunda edi\u00e7\u00e3o confirma a inten\u00e7\u00e3o de consolidar um evento est\u00e1vel com programa\u00e7\u00e3o flamenca pr\u00f3pria.<\/p>\n<p>O seu formato aproxima artistas de primeiro n\u00edvel de um p\u00fablico amplo, dinamiza culturalmente uma pra\u00e7a de bairro e elimina o pre\u00e7o como barreira. Ao mesmo tempo, coloca os desafios pr\u00f3prios de um espa\u00e7o ao ar livre: capacidade, visibilidade, ac\u00fastica e poss\u00edveis altera\u00e7\u00f5es meteorol\u00f3gicas.<\/p>\n<p>O valor da proposta est\u00e1 nessa combina\u00e7\u00e3o de proximidade e qualidade. N\u00e3o procura competir com o teatro, mas oferecer outra forma de encontrar o flamenco.<\/p>\n<\/div><\/div><\/div><\/div><\/div><\/div><\/div><\/section><section class=\"l-section wpb_row height_huge\"><div class=\"l-section-h i-cf\"><div class=\"g-cols vc_row via_flex valign_top type_default stacking_default\"><div class=\"vc_col-sm-6 wpb_column vc_column_container\"><div class=\"vc_column-inner\"><div class=\"wpb_wrapper\"><div class=\"wpb_text_column\"><div class=\"wpb_wrapper\"><h2 id=\"consejos\">Conselhos para desfrutar do festival<\/h2>\n<h3>Chegue com anteced\u00eancia<\/h3>\n<p>Para um in\u00edcio previsto entre as 21:00 e as 21:30, \u00e9 razo\u00e1vel estar na zona antes das 21:00. A entrada livre e a aus\u00eancia de lugares numerados tornam essa margem \u00fatil.<\/p>\n<h3>Prepare-se para um espet\u00e1culo ao ar livre<\/h3>\n<p>Consulte a previs\u00e3o meteorol\u00f3gica, leve \u00e1gua e escolha roupa adequada para permanecer algum tempo numa pra\u00e7a. Evite ocupar mais espa\u00e7o do que o necess\u00e1rio.<\/p>\n<h3>Mantenha sil\u00eancio durante o cante<\/h3>\n<p>O sil\u00eancio permite apreciar as nuances e facilita a comunica\u00e7\u00e3o entre artista e p\u00fablico. Os telem\u00f3veis devem permanecer em sil\u00eancio e as grava\u00e7\u00f5es n\u00e3o devem interferir com a vis\u00e3o de outras pessoas.<\/p>\n<\/div><\/div><\/div><\/div><\/div><div class=\"vc_col-sm-6 wpb_column vc_column_container\"><div class=\"vc_column-inner\"><div class=\"wpb_wrapper\"><div class=\"wpb_text_column\"><div class=\"wpb_wrapper\"><h2>Se n\u00e3o conseguir entrar<\/h2>\n<p>Por se tratar de uma atividade gratuita, n\u00e3o \u00e9 poss\u00edvel garantir lugar. Se chegar quando a zona destinada ao p\u00fablico estiver completa, respeite as indica\u00e7\u00f5es e evite \u00e1reas que possam comprometer a seguran\u00e7a ou a conviv\u00eancia com os residentes.<\/p>\n<p>Sevilha mant\u00e9m uma oferta flamenca est\u00e1vel para al\u00e9m desta gala e da Bienal. Se procura uma alternativa com hor\u00e1rio e lugar confirmados, consulte a nossa sele\u00e7\u00e3o de <a href=\"https:\/\/www.tablaosflamencos.com\/flamenco-en-sevilla\">espet\u00e1culos de flamenco em Sevilha<\/a>.<\/p>\n<p>Macarena Flamenca \u00e9 uma atividade p\u00fablica e gratuita de uma \u00fanica noite; os tablaos oferecem programa\u00e7\u00e3o profissional regular e reserva antecipada. Ambos os formatos permitem aproximar-se do flamenco atrav\u00e9s de experi\u00eancias diferentes.<\/p>\n<\/div><\/div><\/div><\/div><\/div><\/div><\/div><\/section><section class=\"l-section wpb_row height_huge color_alternate with_shape\"><div class=\"l-section-shape type_zigzag pos_top hor_flip\" style=\"height:3vmin;\"><svg xmlns=\"http:\/\/www.w3.org\/2000\/svg\" viewBox=\"0 0 64 8\" preserveAspectRatio=\"none\" width=\"100%\" height=\"100%\">\r\n\t<path fill=\"currentColor\" d=\"M64 8 L0 8 L0 0 L20 7.9 L40 3 L48 5 L64 0 Z\"\/>\r\n<\/svg><\/div><div class=\"l-section-shape type_zigzag pos_bottom\" style=\"height:3vmin;\"><svg xmlns=\"http:\/\/www.w3.org\/2000\/svg\" viewBox=\"0 0 64 8\" preserveAspectRatio=\"none\" width=\"100%\" height=\"100%\">\r\n\t<path fill=\"currentColor\" d=\"M64 8 L0 8 L0 0 L20 7.9 L40 3 L48 5 L64 0 Z\"\/>\r\n<\/svg><\/div><div class=\"l-section-h i-cf\"><div class=\"g-cols vc_row via_flex valign_top type_default stacking_default\"><div class=\"vc_col-sm-12 wpb_column vc_column_container\"><div class=\"vc_column-inner\"><div class=\"wpb_wrapper\"><div class=\"wpb_text_column\"><div class=\"wpb_wrapper\"><h2 style=\"text-align: center;\">Resumo pr\u00e1tico<\/h2>\n<div style=\"overflow-x: auto;\">\n<table>\n<thead>\n<tr>\n<th>Pergunta<\/th>\n<th>Resposta<\/th>\n<\/tr>\n<\/thead>\n<tbody>\n<tr>\n<td>Quando?<\/td>\n<td>S\u00e1bado, 5 de setembro de 2026.<\/td>\n<\/tr>\n<tr>\n<td>Onde?<\/td>\n<td>Plaza Virgen del Pilar, La Barzola, Sevilha.<\/td>\n<\/tr>\n<tr>\n<td>A que horas?<\/td>\n<td>A refer\u00eancia mais recente indica 21:30; outra agenda oficial mostra 21:00. Conv\u00e9m chegar antes das 21:00.<\/td>\n<\/tr>\n<tr>\n<td>Quanto custa?<\/td>\n<td>\u00c9 gratuito.<\/td>\n<\/tr>\n<tr>\n<td>\u00c9 necess\u00e1rio reservar?<\/td>\n<td>N\u00e3o foi anunciada reserva nem convite.<\/td>\n<\/tr>\n<tr>\n<td>Quem \u00e9 homenageado?<\/td>\n<td>Jos\u00e9 de la Tomasa.<\/td>\n<\/tr>\n<tr>\n<td>O que inclui?<\/td>\n<td>Cante, guitarra, dan\u00e7a e palmas.<\/td>\n<\/tr>\n<\/tbody>\n<\/table>\n<\/div>\n<\/div><\/div><\/div><\/div><\/div><\/div><\/div><\/section><section class=\"l-section wpb_row height_huge\"><div class=\"l-section-h i-cf\"><div class=\"g-cols vc_row via_flex valign_top type_default stacking_default\"><div class=\"vc_col-sm-12 wpb_column vc_column_container\"><div class=\"vc_column-inner\"><div class=\"wpb_wrapper\"><div class=\"wpb_text_column\"><div class=\"wpb_wrapper\"><h2>Uma noite de cante, mem\u00f3ria e bairro<\/h2>\n<p>Macarena Flamenca 2026 re\u00fane uma homenagem com significado, um cartaz de cante de primeiro n\u00edvel, presen\u00e7a da dan\u00e7a e um espa\u00e7o aberto ao bairro. Jos\u00e9 de la Tomasa traz profundidade hist\u00f3rica; Manuel de la Tomasa introduz a liga\u00e7\u00e3o entre gera\u00e7\u00f5es; e Potito, Antonio Reyes e Remedios Reyes oferecem diferentes perspetivas sobre o cante. Manuela Amador Carrasco completa o programa atrav\u00e9s da dan\u00e7a.<\/p>\n<p>A entrada gratuita torna a proposta acess\u00edvel, mas obriga a organizar bem a chegada. Chegar antes das 21:00 \u00e9 a op\u00e7\u00e3o mais segura perante a discrep\u00e2ncia de hor\u00e1rios e a poss\u00edvel aflu\u00eancia. Depois, resta apenas ouvir: durante uma noite, a pra\u00e7a ser\u00e1 um palco de flamenco.<\/p>\n<\/div><\/div><div class=\"w-separator size_medium\"><\/div><div class=\"w-hwrapper valign_top wrap align_center\" style=\"--hwrapper-gap:1.2rem\"><div class=\"w-btn-wrapper align_none\"><a class=\"w-btn us-btn-style_1\" href=\"\/?p=13027\"><span class=\"w-btn-label\">Ver o guia completo da Bienal 2026<\/span><\/a><\/div><div class=\"w-btn-wrapper align_none\"><a class=\"w-btn us-btn-style_1\" href=\"\/?page_id=8549\"><span class=\"w-btn-label\">Descobrir flamenco em Sevilha<\/span><\/a><\/div><\/div><\/div><\/div><\/div><\/div><\/div><\/section><section class=\"l-section wpb_row height_huge color_alternate with_shape\"><div class=\"l-section-shape type_zigzag pos_top\" style=\"height:3vmin;\"><svg xmlns=\"http:\/\/www.w3.org\/2000\/svg\" viewBox=\"0 0 64 8\" preserveAspectRatio=\"none\" width=\"100%\" height=\"100%\">\r\n\t<path fill=\"currentColor\" d=\"M64 8 L0 8 L0 0 L20 7.9 L40 3 L48 5 L64 0 Z\"\/>\r\n<\/svg><\/div><div class=\"l-section-h i-cf\"><div class=\"g-cols vc_row via_flex valign_top type_default stacking_default\"><div class=\"vc_col-sm-1\/5 wpb_column vc_column_container\"><div class=\"vc_column-inner\"><div class=\"wpb_wrapper\"><\/div><\/div><\/div><div class=\"vc_col-sm-3\/5 wpb_column vc_column_container\"><div class=\"vc_column-inner\"><div class=\"wpb_wrapper\"><div class=\"wpb_text_column\"><div class=\"wpb_wrapper\"><h2 id=\"faq\">Perguntas frequentes sobre Macarena Flamenca 2026<\/h2>\n<\/div><\/div><div class=\"w-separator size_medium\"><\/div><div class=\"w-tabs accordion toggle_style_1 has_scrolling\" style=\"--sections-title-size:inherit;--sections-gap:0.5rem;\"><div class=\"w-tabs-sections titles-align_none icon_chevron cpos_right\"><div class=\"w-tabs-section\" id=\"pa47\"><button type=\"button\" class=\"w-tabs-section-header\" aria-controls=\"content-pa47\" aria-expanded=\"false\"><div class=\"w-tabs-section-title\">Quando se realiza Macarena Flamenca 2026?<\/div><div class=\"w-tabs-section-control\"><\/div><\/button><div  class=\"w-tabs-section-content\" id=\"content-pa47\"><div class=\"w-tabs-section-content-h i-cf\"><div class=\"wpb_text_column\"><div class=\"wpb_wrapper\"><p>No s\u00e1bado, 5 de setembro de 2026, na Plaza Virgen del Pilar, no bairro de La Barzola, em Sevilha.<\/p>\n<\/div><\/div><\/div><\/div><\/div><div class=\"w-tabs-section\" id=\"db86\"><button type=\"button\" class=\"w-tabs-section-header\" aria-controls=\"content-db86\" aria-expanded=\"false\"><div class=\"w-tabs-section-title\">A que horas come\u00e7a Macarena Flamenca?<\/div><div class=\"w-tabs-section-control\"><\/div><\/button><div  class=\"w-tabs-section-content\" id=\"content-db86\"><div class=\"w-tabs-section-content-h i-cf\"><div class=\"wpb_text_column\"><div class=\"wpb_wrapper\"><p>A informa\u00e7\u00e3o municipal mais recente e a Bienal indicam 21:30, embora a agenda do Distrito Macarena mantenha as 21:00. Recomendamos chegar antes das 21:00.<\/p>\n<\/div><\/div><\/div><\/div><\/div><div class=\"w-tabs-section\" id=\"nca0\"><button type=\"button\" class=\"w-tabs-section-header\" aria-controls=\"content-nca0\" aria-expanded=\"false\"><div class=\"w-tabs-section-title\">\u00c9 necess\u00e1rio comprar bilhetes para Macarena Flamenca?<\/div><div class=\"w-tabs-section-control\"><\/div><\/button><div  class=\"w-tabs-section-content\" id=\"content-nca0\"><div class=\"w-tabs-section-content-h i-cf\"><div class=\"wpb_text_column\"><div class=\"wpb_wrapper\"><p>N\u00e3o. O festival tem entrada livre e gratuita. N\u00e3o existe uma bilheteira oficial nem foi anunciada reserva pr\u00e9via.<\/p>\n<\/div><\/div><\/div><\/div><\/div><div class=\"w-tabs-section\" id=\"rdcf\"><button type=\"button\" class=\"w-tabs-section-header\" aria-controls=\"content-rdcf\" aria-expanded=\"false\"><div class=\"w-tabs-section-title\">A entrada gratuita garante um lugar?<\/div><div class=\"w-tabs-section-control\"><\/div><\/button><div  class=\"w-tabs-section-content\" id=\"content-rdcf\"><div class=\"w-tabs-section-content-h i-cf\"><div class=\"wpb_text_column\"><div class=\"wpb_wrapper\"><p>N\u00e3o. O acesso depende da capacidade dispon\u00edvel e das indica\u00e7\u00f5es da organiza\u00e7\u00e3o. Recomenda-se chegar com anteced\u00eancia.<\/p>\n<\/div><\/div><\/div><\/div><\/div><div class=\"w-tabs-section\" id=\"qef4\"><button type=\"button\" class=\"w-tabs-section-header\" aria-controls=\"content-qef4\" aria-expanded=\"false\"><div class=\"w-tabs-section-title\">Quem atua na Macarena Flamenca 2026?<\/div><div class=\"w-tabs-section-control\"><\/div><\/button><div  class=\"w-tabs-section-content\" id=\"content-qef4\"><div class=\"w-tabs-section-content-h i-cf\"><div class=\"wpb_text_column\"><div class=\"wpb_wrapper\"><p>O cartaz anuncia Potito, Antonio Reyes, Remedios Reyes, Manuel de la Tomasa e Manuela Amador Carrasco, com Manuel Herrera, Nono Reyes, Julio Romero, Luis Amador, Emilio Molina e Manuel Ta\u00f1\u00e9 nos acompanhamentos.<\/p>\n<\/div><\/div><\/div><\/div><\/div><div class=\"w-tabs-section\" id=\"yfff\"><button type=\"button\" class=\"w-tabs-section-header\" aria-controls=\"content-yfff\" aria-expanded=\"false\"><div class=\"w-tabs-section-title\">A quem \u00e9 dedicado o festival?<\/div><div class=\"w-tabs-section-control\"><\/div><\/button><div  class=\"w-tabs-section-content\" id=\"content-yfff\"><div class=\"w-tabs-section-content-h i-cf\"><div class=\"wpb_text_column\"><div class=\"wpb_wrapper\"><p>A segunda edi\u00e7\u00e3o homenageia Jos\u00e9 de la Tomasa pela sua carreira, pela sua import\u00e2ncia no cante sevilhano e pelo seu trabalho de transmiss\u00e3o.<\/p>\n<\/div><\/div><\/div><\/div><\/div><div class=\"w-tabs-section\" id=\"u0e7\"><button type=\"button\" class=\"w-tabs-section-header\" aria-controls=\"content-u0e7\" aria-expanded=\"false\"><div class=\"w-tabs-section-title\">Jos\u00e9 de la Tomasa vai atuar durante a homenagem?<\/div><div class=\"w-tabs-section-control\"><\/div><\/button><div  class=\"w-tabs-section-content\" id=\"content-u0e7\"><div class=\"w-tabs-section-content-h i-cf\"><div class=\"wpb_text_column\"><div class=\"wpb_wrapper\"><p>As fontes oficiais apresentam-no como protagonista e homenageado, mas n\u00e3o detalham uma atua\u00e7\u00e3o completa a seu cargo.<\/p>\n<\/div><\/div><\/div><\/div><\/div><div class=\"w-tabs-section\" id=\"z1bd\"><button type=\"button\" class=\"w-tabs-section-header\" aria-controls=\"content-z1bd\" aria-expanded=\"false\"><div class=\"w-tabs-section-title\">Onde fica a Plaza Virgen del Pilar?<\/div><div class=\"w-tabs-section-control\"><\/div><\/button><div  class=\"w-tabs-section-content\" id=\"content-z1bd\"><div class=\"w-tabs-section-content-h i-cf\"><div class=\"wpb_text_column\"><div class=\"wpb_wrapper\"><p>Situa-se no bairro de La Barzola, dentro do distrito Macarena de Sevilha. N\u00e3o deve ser confundida com a Bas\u00edlica de la Macarena.<\/p>\n<\/div><\/div><\/div><\/div><\/div><div class=\"w-tabs-section\" id=\"z282\"><button type=\"button\" class=\"w-tabs-section-header\" aria-controls=\"content-z282\" aria-expanded=\"false\"><div class=\"w-tabs-section-title\">Faz parte da Bienal de Flamenco?<\/div><div class=\"w-tabs-section-control\"><\/div><\/button><div  class=\"w-tabs-section-content\" id=\"content-z282\"><div class=\"w-tabs-section-content-h i-cf\"><div class=\"wpb_text_column\"><div class=\"wpb_wrapper\"><p>Sim. Est\u00e1 ligada \u00e0s atividades pr\u00e9vias e ao programa Flamenco a pie de calle da XXIV Bienal de Flamenco de Sevilha.<\/p>\n<\/div><\/div><\/div><\/div><\/div><div class=\"w-tabs-section\" id=\"s355\"><button type=\"button\" class=\"w-tabs-section-header\" aria-controls=\"content-s355\" aria-expanded=\"false\"><div class=\"w-tabs-section-title\">O que acontece se chover ou o hor\u00e1rio mudar?<\/div><div class=\"w-tabs-section-control\"><\/div><\/button><div  class=\"w-tabs-section-content\" id=\"content-s355\"><div class=\"w-tabs-section-content-h i-cf\"><div class=\"wpb_text_column\"><div class=\"wpb_wrapper\"><p>Por se tratar de um evento ao ar livre, podem ocorrer altera\u00e7\u00f5es. Conv\u00e9m verificar no pr\u00f3prio dia os canais da C\u00e2mara Municipal, do Distrito Macarena e da Bienal.<\/p>\n<\/div><\/div><\/div><\/div><\/div><\/div><\/div><\/div><\/div><\/div><div class=\"vc_col-sm-1\/5 wpb_column vc_column_container\"><div class=\"vc_column-inner\"><div class=\"wpb_wrapper\"><\/div><\/div><\/div><\/div><\/div><\/section>\n","protected":false},"excerpt":{"rendered":"<p>Macarena Flamenca 2026 em Sevilha: programa, artistas, homenagem a Jos\u00e9 de la Tomasa, hor\u00e1rio, local e entrada gratuita.<\/p>\n","protected":false},"author":1,"featured_media":14653,"comment_status":"closed","ping_status":"closed","sticky":false,"template":"","format":"standard","meta":{"_acf_changed":false,"wpai_generated_summary":"","_ayudawp_aiss_exclude":false,"_ayudawp_aiss_exclude_summary":false,"_ayudawp_aiss_summary":"","_ayudawp_aiss_summary_provider":"","_ayudawp_aiss_summary_hash":"","footnotes":""},"categories":[1671],"tags":[1257,1405,1409,1258,1188,1950,1259],"class_list":["post-14777","post","type-post","status-publish","format-standard","has-post-thumbnail","hentry","category-festivais-flamenco","tag-bienal-de-flamenco","tag-cante-flamenco-pt","tag-danca-flamenca","tag-festivales-flamencos","tag-flamenco-en-sevilla","tag-flamenco-gratuito-pt","tag-sevilla"],"acf":[],"yoast_head":"<!-- This site is optimized with the Yoast SEO Premium plugin v28.4 (Yoast SEO v28.4) - https:\/\/yoast.com\/product\/yoast-seo-premium-wordpress\/ -->\n<title>Macarena Flamenca 2026: programa, hor\u00e1rio e entrada gratuita<\/title>\n<meta name=\"description\" content=\"Macarena Flamenca 2026 em Sevilha: programa, artistas, homenagem a Jos\u00e9 de la Tomasa, hor\u00e1rio, local e entrada gratuita.\" \/>\n<meta name=\"robots\" content=\"index, follow, max-snippet:-1, max-image-preview:large, max-video-preview:-1\" \/>\n<link rel=\"canonical\" href=\"https:\/\/www.tablaosflamencos.com\/pt-pt\/macarena-flamenca-2026-programacao-bilhetes.html\" \/>\n<meta property=\"og:locale\" content=\"pt_PT\" \/>\n<meta property=\"og:type\" content=\"article\" \/>\n<meta property=\"og:title\" content=\"Macarena Flamenca 2026: programa\u00e7\u00e3o, bilhetes e tudo o que precisa de saber\" \/>\n<meta property=\"og:description\" content=\"Macarena Flamenca 2026 em Sevilha: programa, artistas, homenagem a Jos\u00e9 de la Tomasa, hor\u00e1rio, local e entrada gratuita.\" \/>\n<meta property=\"og:url\" content=\"https:\/\/www.tablaosflamencos.com\/pt-pt\/macarena-flamenca-2026-programacao-bilhetes.html\" \/>\n<meta property=\"og:site_name\" content=\"Tablaos Flamencos\" \/>\n<meta property=\"article:publisher\" content=\"https:\/\/www.facebook.com\/tablaosflamencos\" \/>\n<meta property=\"article:published_time\" content=\"2026-09-05T11:50:39+00:00\" \/>\n<meta property=\"article:modified_time\" content=\"2026-09-05T12:11:42+00:00\" \/>\n<meta property=\"og:image\" content=\"https:\/\/www.tablaosflamencos.com\/wp-content\/uploads\/macarena-flamenca-2026-programacion-entradas-y-todo-lo-que-necesitas-saber-01.webp\" \/>\n\t<meta property=\"og:image:width\" content=\"1672\" \/>\n\t<meta property=\"og:image:height\" content=\"941\" \/>\n\t<meta property=\"og:image:type\" content=\"image\/webp\" \/>\n<meta name=\"author\" content=\"Miguel Ortiz\" \/>\n<meta name=\"twitter:card\" content=\"summary_large_image\" \/>\n<meta name=\"twitter:creator\" content=\"@tablaosflamenco\" \/>\n<meta name=\"twitter:site\" content=\"@tablaosflamenco\" \/>\n<meta name=\"twitter:label1\" content=\"Escrito por\" \/>\n\t<meta name=\"twitter:data1\" content=\"Miguel Ortiz\" \/>\n\t<meta name=\"twitter:label2\" content=\"Tempo estimado de leitura\" \/>\n\t<meta name=\"twitter:data2\" content=\"14 minutos\" \/>\n<script type=\"application\/ld+json\" class=\"yoast-schema-graph\">{\"@context\":\"https:\\\/\\\/schema.org\",\"@graph\":[{\"@type\":\"Article\",\"@id\":\"https:\\\/\\\/www.tablaosflamencos.com\\\/pt-pt\\\/macarena-flamenca-2026-programacao-bilhetes.html#article\",\"isPartOf\":{\"@id\":\"https:\\\/\\\/www.tablaosflamencos.com\\\/pt-pt\\\/macarena-flamenca-2026-programacao-bilhetes.html\"},\"author\":{\"name\":\"Miguel Ortiz\",\"@id\":\"https:\\\/\\\/www.tablaosflamencos.com\\\/pt-pt#\\\/schema\\\/person\\\/e7a9ebe14eb75a52ceabfbffb3c54f5d\"},\"headline\":\"Macarena Flamenca 2026: programa\u00e7\u00e3o, bilhetes e tudo o que precisa de saber\",\"datePublished\":\"2026-09-05T11:50:39+00:00\",\"dateModified\":\"2026-09-05T12:11:42+00:00\",\"mainEntityOfPage\":{\"@id\":\"https:\\\/\\\/www.tablaosflamencos.com\\\/pt-pt\\\/macarena-flamenca-2026-programacao-bilhetes.html\"},\"wordCount\":2892,\"publisher\":{\"@id\":\"https:\\\/\\\/www.tablaosflamencos.com\\\/pt-pt#organization\"},\"image\":{\"@id\":\"https:\\\/\\\/www.tablaosflamencos.com\\\/pt-pt\\\/macarena-flamenca-2026-programacao-bilhetes.html#primaryimage\"},\"thumbnailUrl\":\"https:\\\/\\\/www.tablaosflamencos.com\\\/wp-content\\\/uploads\\\/macarena-flamenca-2026-programacion-entradas-y-todo-lo-que-necesitas-saber-01.webp\",\"keywords\":[\"Bienal de Flamenco\",\"cante flamenco\",\"dan\u00e7a flamenca\",\"festivales flamencos\",\"flamenco en Sevilla\",\"flamenco gratuito\",\"sevilla\"],\"articleSection\":[\"Festivais de flamenco\"],\"inLanguage\":\"pt-PT\"},{\"@type\":\"WebPage\",\"@id\":\"https:\\\/\\\/www.tablaosflamencos.com\\\/pt-pt\\\/macarena-flamenca-2026-programacao-bilhetes.html\",\"url\":\"https:\\\/\\\/www.tablaosflamencos.com\\\/pt-pt\\\/macarena-flamenca-2026-programacao-bilhetes.html\",\"name\":\"Macarena Flamenca 2026: programa, hor\u00e1rio e entrada gratuita\",\"isPartOf\":{\"@id\":\"https:\\\/\\\/www.tablaosflamencos.com\\\/pt-pt#website\"},\"primaryImageOfPage\":{\"@id\":\"https:\\\/\\\/www.tablaosflamencos.com\\\/pt-pt\\\/macarena-flamenca-2026-programacao-bilhetes.html#primaryimage\"},\"image\":{\"@id\":\"https:\\\/\\\/www.tablaosflamencos.com\\\/pt-pt\\\/macarena-flamenca-2026-programacao-bilhetes.html#primaryimage\"},\"thumbnailUrl\":\"https:\\\/\\\/www.tablaosflamencos.com\\\/wp-content\\\/uploads\\\/macarena-flamenca-2026-programacion-entradas-y-todo-lo-que-necesitas-saber-01.webp\",\"datePublished\":\"2026-09-05T11:50:39+00:00\",\"dateModified\":\"2026-09-05T12:11:42+00:00\",\"description\":\"Macarena Flamenca 2026 em Sevilha: programa, artistas, homenagem a Jos\u00e9 de la Tomasa, hor\u00e1rio, local e entrada gratuita.\",\"breadcrumb\":{\"@id\":\"https:\\\/\\\/www.tablaosflamencos.com\\\/pt-pt\\\/macarena-flamenca-2026-programacao-bilhetes.html#breadcrumb\"},\"inLanguage\":\"pt-PT\",\"potentialAction\":[{\"@type\":\"ReadAction\",\"target\":[\"https:\\\/\\\/www.tablaosflamencos.com\\\/pt-pt\\\/macarena-flamenca-2026-programacao-bilhetes.html\"]}]},{\"@type\":\"ImageObject\",\"inLanguage\":\"pt-PT\",\"@id\":\"https:\\\/\\\/www.tablaosflamencos.com\\\/pt-pt\\\/macarena-flamenca-2026-programacao-bilhetes.html#primaryimage\",\"url\":\"https:\\\/\\\/www.tablaosflamencos.com\\\/wp-content\\\/uploads\\\/macarena-flamenca-2026-programacion-entradas-y-todo-lo-que-necesitas-saber-01.webp\",\"contentUrl\":\"https:\\\/\\\/www.tablaosflamencos.com\\\/wp-content\\\/uploads\\\/macarena-flamenca-2026-programacion-entradas-y-todo-lo-que-necesitas-saber-01.webp\",\"width\":1672,\"height\":941,\"caption\":\"Macarena Flamenca 2026: programaci\u00f3n, entradas y todo lo que necesitas saber\"},{\"@type\":\"BreadcrumbList\",\"@id\":\"https:\\\/\\\/www.tablaosflamencos.com\\\/pt-pt\\\/macarena-flamenca-2026-programacao-bilhetes.html#breadcrumb\",\"itemListElement\":[{\"@type\":\"ListItem\",\"position\":1,\"name\":\"Home\",\"item\":\"https:\\\/\\\/www.tablaosflamencos.com\\\/pt-pt\"},{\"@type\":\"ListItem\",\"position\":2,\"name\":\"Macarena Flamenca 2026: programa\u00e7\u00e3o, bilhetes e tudo o que precisa de saber\"}]},{\"@type\":\"WebSite\",\"@id\":\"https:\\\/\\\/www.tablaosflamencos.com\\\/pt-pt#website\",\"url\":\"https:\\\/\\\/www.tablaosflamencos.com\\\/pt-pt\",\"name\":\"Tablaos Flamencos\",\"description\":\"Entradas para tablaos flamencos de Espa\u00f1a\",\"publisher\":{\"@id\":\"https:\\\/\\\/www.tablaosflamencos.com\\\/pt-pt#organization\"},\"alternateName\":\"Tablaos Flamencos\",\"potentialAction\":[{\"@type\":\"SearchAction\",\"target\":{\"@type\":\"EntryPoint\",\"urlTemplate\":\"https:\\\/\\\/www.tablaosflamencos.com\\\/pt-pt?s={search_term_string}\"},\"query-input\":{\"@type\":\"PropertyValueSpecification\",\"valueRequired\":true,\"valueName\":\"search_term_string\"}}],\"inLanguage\":\"pt-PT\"},{\"@type\":[\"Organization\",\"Place\",\"EntertainmentBusiness\"],\"@id\":\"https:\\\/\\\/www.tablaosflamencos.com\\\/pt-pt#organization\",\"name\":\"Tablaos Flamencos\",\"alternateName\":\"Tablaos Flamencos\",\"url\":\"https:\\\/\\\/www.tablaosflamencos.com\\\/pt-pt\",\"logo\":{\"@id\":\"https:\\\/\\\/www.tablaosflamencos.com\\\/pt-pt\\\/macarena-flamenca-2026-programacao-bilhetes.html#local-main-organization-logo\"},\"image\":{\"@id\":\"https:\\\/\\\/www.tablaosflamencos.com\\\/pt-pt\\\/macarena-flamenca-2026-programacao-bilhetes.html#local-main-organization-logo\"},\"sameAs\":[\"https:\\\/\\\/www.facebook.com\\\/tablaosflamencos\",\"https:\\\/\\\/x.com\\\/tablaosflamenco\",\"https:\\\/\\\/mastodon.social\\\/@tablaosflamencos\",\"https:\\\/\\\/www.instagram.com\\\/tablaosflamencos\",\"https:\\\/\\\/tiktok.com\\\/@tablaosflamencos\",\"https:\\\/\\\/www.linkedin.com\\\/company\\\/109408238\\\/\"],\"description\":\"Venta de entradas para espect\u00e1culos flamencos\",\"legalName\":\"Tablaos Flamencos\",\"foundingDate\":\"2015-01-01\",\"numberOfEmployees\":{\"@type\":\"QuantitativeValue\",\"minValue\":\"1\",\"maxValue\":\"10\"},\"address\":{\"@id\":\"https:\\\/\\\/www.tablaosflamencos.com\\\/pt-pt\\\/macarena-flamenca-2026-programacao-bilhetes.html#local-main-place-address\"},\"geo\":{\"@type\":\"GeoCoordinates\",\"latitude\":\"37.3868072\",\"longitude\":\"-5.993280299999999\"},\"telephone\":[\"+34623787787\"],\"contactPoint\":{\"@type\":\"ContactPoint\",\"telephone\":\"+34623787787\",\"email\":\"info@tablaosflamencos.com\"},\"openingHoursSpecification\":{\"@type\":\"OpeningHoursSpecification\",\"dayOfWeek\":[\"Monday\",\"Tuesday\",\"Wednesday\",\"Thursday\",\"Friday\",\"Saturday\",\"Sunday\"],\"opens\":\"00:00\",\"closes\":\"23:59\"},\"email\":\"info@tablaosflamencos.com\",\"priceRange\":\"$$$\",\"currenciesAccepted\":\"\u20ac\"},{\"@type\":\"Person\",\"@id\":\"https:\\\/\\\/www.tablaosflamencos.com\\\/pt-pt#\\\/schema\\\/person\\\/e7a9ebe14eb75a52ceabfbffb3c54f5d\",\"name\":\"Miguel Ortiz\",\"description\":\"Miguel Ortiz es un empresario flamenco, con una s\u00f3lida trayectoria dentro del sector. Ha presidido entidades culturales vinculadas al flamenco y, cuenta con un amplio recorrido profesional en la gesti\u00f3n y promoci\u00f3n de espect\u00e1culos y tablaos flamencos. Su pasi\u00f3n por la historia y el arte flamenco se refleja en cada art\u00edculo, donde combina experiencia, criterio y un profundo respeto por la tradici\u00f3n.\",\"sameAs\":[\"https:\\\/\\\/www.tablaosflamencos.com\",\"https:\\\/\\\/www.instagra.com\\\/miguelortizfe\",\"https:\\\/\\\/www.linkedin.com\\\/in\\\/miguelortizf\\\/\"],\"birthDate\":\"1984-11-22\",\"gender\":\"hombre\",\"knowsLanguage\":[\"espa\u00f1ol\",\"ingl\u00e9s\"],\"jobTitle\":\"Empresario flamenco\"},{\"@type\":\"PostalAddress\",\"@id\":\"https:\\\/\\\/www.tablaosflamencos.com\\\/pt-pt\\\/macarena-flamenca-2026-programacao-bilhetes.html#local-main-place-address\",\"streetAddress\":\"C\\\/ Alemanes, 19\",\"addressLocality\":\"Sevilla\",\"postalCode\":\"41004\",\"addressRegion\":\"Sevilla\",\"addressCountry\":\"ES\"},{\"@type\":\"ImageObject\",\"inLanguage\":\"pt-PT\",\"@id\":\"https:\\\/\\\/www.tablaosflamencos.com\\\/pt-pt\\\/macarena-flamenca-2026-programacao-bilhetes.html#local-main-organization-logo\",\"url\":\"https:\\\/\\\/www.tablaosflamencos.com\\\/wp-content\\\/uploads\\\/tablaos-flamencos-06-3.webp\",\"contentUrl\":\"https:\\\/\\\/www.tablaosflamencos.com\\\/wp-content\\\/uploads\\\/tablaos-flamencos-06-3.webp\",\"width\":600,\"height\":620,\"caption\":\"Tablaos Flamencos\"}]}<\/script>\n<meta name=\"geo.placename\" content=\"Sevilla\" \/>\n<meta name=\"geo.position\" content=\"37.3868072;-5.993280299999999\" \/>\n<meta name=\"geo.region\" content=\"Espanha\" \/>\n<!-- \/ Yoast SEO Premium plugin. -->","yoast_head_json":{"title":"Macarena Flamenca 2026: programa, hor\u00e1rio e entrada gratuita","description":"Macarena Flamenca 2026 em Sevilha: programa, artistas, homenagem a Jos\u00e9 de la Tomasa, hor\u00e1rio, local e entrada gratuita.","robots":{"index":"index","follow":"follow","max-snippet":"max-snippet:-1","max-image-preview":"max-image-preview:large","max-video-preview":"max-video-preview:-1"},"canonical":"https:\/\/www.tablaosflamencos.com\/pt-pt\/macarena-flamenca-2026-programacao-bilhetes.html","og_locale":"pt_PT","og_type":"article","og_title":"Macarena Flamenca 2026: programa\u00e7\u00e3o, bilhetes e tudo o que precisa de saber","og_description":"Macarena Flamenca 2026 em Sevilha: programa, artistas, homenagem a Jos\u00e9 de la Tomasa, hor\u00e1rio, local e entrada gratuita.","og_url":"https:\/\/www.tablaosflamencos.com\/pt-pt\/macarena-flamenca-2026-programacao-bilhetes.html","og_site_name":"Tablaos Flamencos","article_publisher":"https:\/\/www.facebook.com\/tablaosflamencos","article_published_time":"2026-09-05T11:50:39+00:00","article_modified_time":"2026-09-05T12:11:42+00:00","og_image":[{"width":1672,"height":941,"url":"https:\/\/www.tablaosflamencos.com\/wp-content\/uploads\/macarena-flamenca-2026-programacion-entradas-y-todo-lo-que-necesitas-saber-01.webp","type":"image\/webp"}],"author":"Miguel Ortiz","twitter_card":"summary_large_image","twitter_creator":"@tablaosflamenco","twitter_site":"@tablaosflamenco","twitter_misc":{"Escrito por":"Miguel Ortiz","Tempo estimado de leitura":"14 minutos"},"schema":{"@context":"https:\/\/schema.org","@graph":[{"@type":"Article","@id":"https:\/\/www.tablaosflamencos.com\/pt-pt\/macarena-flamenca-2026-programacao-bilhetes.html#article","isPartOf":{"@id":"https:\/\/www.tablaosflamencos.com\/pt-pt\/macarena-flamenca-2026-programacao-bilhetes.html"},"author":{"name":"Miguel Ortiz","@id":"https:\/\/www.tablaosflamencos.com\/pt-pt#\/schema\/person\/e7a9ebe14eb75a52ceabfbffb3c54f5d"},"headline":"Macarena Flamenca 2026: programa\u00e7\u00e3o, bilhetes e tudo o que precisa de saber","datePublished":"2026-09-05T11:50:39+00:00","dateModified":"2026-09-05T12:11:42+00:00","mainEntityOfPage":{"@id":"https:\/\/www.tablaosflamencos.com\/pt-pt\/macarena-flamenca-2026-programacao-bilhetes.html"},"wordCount":2892,"publisher":{"@id":"https:\/\/www.tablaosflamencos.com\/pt-pt#organization"},"image":{"@id":"https:\/\/www.tablaosflamencos.com\/pt-pt\/macarena-flamenca-2026-programacao-bilhetes.html#primaryimage"},"thumbnailUrl":"https:\/\/www.tablaosflamencos.com\/wp-content\/uploads\/macarena-flamenca-2026-programacion-entradas-y-todo-lo-que-necesitas-saber-01.webp","keywords":["Bienal de Flamenco","cante flamenco","dan\u00e7a flamenca","festivales flamencos","flamenco en Sevilla","flamenco gratuito","sevilla"],"articleSection":["Festivais de flamenco"],"inLanguage":"pt-PT"},{"@type":"WebPage","@id":"https:\/\/www.tablaosflamencos.com\/pt-pt\/macarena-flamenca-2026-programacao-bilhetes.html","url":"https:\/\/www.tablaosflamencos.com\/pt-pt\/macarena-flamenca-2026-programacao-bilhetes.html","name":"Macarena Flamenca 2026: programa, hor\u00e1rio e entrada gratuita","isPartOf":{"@id":"https:\/\/www.tablaosflamencos.com\/pt-pt#website"},"primaryImageOfPage":{"@id":"https:\/\/www.tablaosflamencos.com\/pt-pt\/macarena-flamenca-2026-programacao-bilhetes.html#primaryimage"},"image":{"@id":"https:\/\/www.tablaosflamencos.com\/pt-pt\/macarena-flamenca-2026-programacao-bilhetes.html#primaryimage"},"thumbnailUrl":"https:\/\/www.tablaosflamencos.com\/wp-content\/uploads\/macarena-flamenca-2026-programacion-entradas-y-todo-lo-que-necesitas-saber-01.webp","datePublished":"2026-09-05T11:50:39+00:00","dateModified":"2026-09-05T12:11:42+00:00","description":"Macarena Flamenca 2026 em Sevilha: programa, artistas, homenagem a Jos\u00e9 de la Tomasa, hor\u00e1rio, local e entrada gratuita.","breadcrumb":{"@id":"https:\/\/www.tablaosflamencos.com\/pt-pt\/macarena-flamenca-2026-programacao-bilhetes.html#breadcrumb"},"inLanguage":"pt-PT","potentialAction":[{"@type":"ReadAction","target":["https:\/\/www.tablaosflamencos.com\/pt-pt\/macarena-flamenca-2026-programacao-bilhetes.html"]}]},{"@type":"ImageObject","inLanguage":"pt-PT","@id":"https:\/\/www.tablaosflamencos.com\/pt-pt\/macarena-flamenca-2026-programacao-bilhetes.html#primaryimage","url":"https:\/\/www.tablaosflamencos.com\/wp-content\/uploads\/macarena-flamenca-2026-programacion-entradas-y-todo-lo-que-necesitas-saber-01.webp","contentUrl":"https:\/\/www.tablaosflamencos.com\/wp-content\/uploads\/macarena-flamenca-2026-programacion-entradas-y-todo-lo-que-necesitas-saber-01.webp","width":1672,"height":941,"caption":"Macarena Flamenca 2026: programaci\u00f3n, entradas y todo lo que necesitas saber"},{"@type":"BreadcrumbList","@id":"https:\/\/www.tablaosflamencos.com\/pt-pt\/macarena-flamenca-2026-programacao-bilhetes.html#breadcrumb","itemListElement":[{"@type":"ListItem","position":1,"name":"Home","item":"https:\/\/www.tablaosflamencos.com\/pt-pt"},{"@type":"ListItem","position":2,"name":"Macarena Flamenca 2026: programa\u00e7\u00e3o, bilhetes e tudo o que precisa de saber"}]},{"@type":"WebSite","@id":"https:\/\/www.tablaosflamencos.com\/pt-pt#website","url":"https:\/\/www.tablaosflamencos.com\/pt-pt","name":"Tablaos Flamencos","description":"Entradas para tablaos flamencos de Espa\u00f1a","publisher":{"@id":"https:\/\/www.tablaosflamencos.com\/pt-pt#organization"},"alternateName":"Tablaos Flamencos","potentialAction":[{"@type":"SearchAction","target":{"@type":"EntryPoint","urlTemplate":"https:\/\/www.tablaosflamencos.com\/pt-pt?s={search_term_string}"},"query-input":{"@type":"PropertyValueSpecification","valueRequired":true,"valueName":"search_term_string"}}],"inLanguage":"pt-PT"},{"@type":["Organization","Place","EntertainmentBusiness"],"@id":"https:\/\/www.tablaosflamencos.com\/pt-pt#organization","name":"Tablaos Flamencos","alternateName":"Tablaos Flamencos","url":"https:\/\/www.tablaosflamencos.com\/pt-pt","logo":{"@id":"https:\/\/www.tablaosflamencos.com\/pt-pt\/macarena-flamenca-2026-programacao-bilhetes.html#local-main-organization-logo"},"image":{"@id":"https:\/\/www.tablaosflamencos.com\/pt-pt\/macarena-flamenca-2026-programacao-bilhetes.html#local-main-organization-logo"},"sameAs":["https:\/\/www.facebook.com\/tablaosflamencos","https:\/\/x.com\/tablaosflamenco","https:\/\/mastodon.social\/@tablaosflamencos","https:\/\/www.instagram.com\/tablaosflamencos","https:\/\/tiktok.com\/@tablaosflamencos","https:\/\/www.linkedin.com\/company\/109408238\/"],"description":"Venta de entradas para espect\u00e1culos flamencos","legalName":"Tablaos Flamencos","foundingDate":"2015-01-01","numberOfEmployees":{"@type":"QuantitativeValue","minValue":"1","maxValue":"10"},"address":{"@id":"https:\/\/www.tablaosflamencos.com\/pt-pt\/macarena-flamenca-2026-programacao-bilhetes.html#local-main-place-address"},"geo":{"@type":"GeoCoordinates","latitude":"37.3868072","longitude":"-5.993280299999999"},"telephone":["+34623787787"],"contactPoint":{"@type":"ContactPoint","telephone":"+34623787787","email":"info@tablaosflamencos.com"},"openingHoursSpecification":{"@type":"OpeningHoursSpecification","dayOfWeek":["Monday","Tuesday","Wednesday","Thursday","Friday","Saturday","Sunday"],"opens":"00:00","closes":"23:59"},"email":"info@tablaosflamencos.com","priceRange":"$$$","currenciesAccepted":"\u20ac"},{"@type":"Person","@id":"https:\/\/www.tablaosflamencos.com\/pt-pt#\/schema\/person\/e7a9ebe14eb75a52ceabfbffb3c54f5d","name":"Miguel Ortiz","description":"Miguel Ortiz es un empresario flamenco, con una s\u00f3lida trayectoria dentro del sector. Ha presidido entidades culturales vinculadas al flamenco y, cuenta con un amplio recorrido profesional en la gesti\u00f3n y promoci\u00f3n de espect\u00e1culos y tablaos flamencos. Su pasi\u00f3n por la historia y el arte flamenco se refleja en cada art\u00edculo, donde combina experiencia, criterio y un profundo respeto por la tradici\u00f3n.","sameAs":["https:\/\/www.tablaosflamencos.com","https:\/\/www.instagra.com\/miguelortizfe","https:\/\/www.linkedin.com\/in\/miguelortizf\/"],"birthDate":"1984-11-22","gender":"hombre","knowsLanguage":["espa\u00f1ol","ingl\u00e9s"],"jobTitle":"Empresario flamenco"},{"@type":"PostalAddress","@id":"https:\/\/www.tablaosflamencos.com\/pt-pt\/macarena-flamenca-2026-programacao-bilhetes.html#local-main-place-address","streetAddress":"C\/ Alemanes, 19","addressLocality":"Sevilla","postalCode":"41004","addressRegion":"Sevilla","addressCountry":"ES"},{"@type":"ImageObject","inLanguage":"pt-PT","@id":"https:\/\/www.tablaosflamencos.com\/pt-pt\/macarena-flamenca-2026-programacao-bilhetes.html#local-main-organization-logo","url":"https:\/\/www.tablaosflamencos.com\/wp-content\/uploads\/tablaos-flamencos-06-3.webp","contentUrl":"https:\/\/www.tablaosflamencos.com\/wp-content\/uploads\/tablaos-flamencos-06-3.webp","width":600,"height":620,"caption":"Tablaos Flamencos"}]},"geo.placename":"Sevilla","geo.position":{"lat":"37.3868072","long":"-5.993280299999999"},"geo.region":"Espanha"},"_links":{"self":[{"href":"https:\/\/www.tablaosflamencos.com\/pt-pt\/wp-json\/wp\/v2\/posts\/14777","targetHints":{"allow":["GET"]}}],"collection":[{"href":"https:\/\/www.tablaosflamencos.com\/pt-pt\/wp-json\/wp\/v2\/posts"}],"about":[{"href":"https:\/\/www.tablaosflamencos.com\/pt-pt\/wp-json\/wp\/v2\/types\/post"}],"author":[{"embeddable":true,"href":"https:\/\/www.tablaosflamencos.com\/pt-pt\/wp-json\/wp\/v2\/users\/1"}],"replies":[{"embeddable":true,"href":"https:\/\/www.tablaosflamencos.com\/pt-pt\/wp-json\/wp\/v2\/comments?post=14777"}],"version-history":[{"count":1,"href":"https:\/\/www.tablaosflamencos.com\/pt-pt\/wp-json\/wp\/v2\/posts\/14777\/revisions"}],"predecessor-version":[{"id":14810,"href":"https:\/\/www.tablaosflamencos.com\/pt-pt\/wp-json\/wp\/v2\/posts\/14777\/revisions\/14810"}],"wp:featuredmedia":[{"embeddable":true,"href":"https:\/\/www.tablaosflamencos.com\/pt-pt\/wp-json\/wp\/v2\/media\/14653"}],"wp:attachment":[{"href":"https:\/\/www.tablaosflamencos.com\/pt-pt\/wp-json\/wp\/v2\/media?parent=14777"}],"wp:term":[{"taxonomy":"category","embeddable":true,"href":"https:\/\/www.tablaosflamencos.com\/pt-pt\/wp-json\/wp\/v2\/categories?post=14777"},{"taxonomy":"post_tag","embeddable":true,"href":"https:\/\/www.tablaosflamencos.com\/pt-pt\/wp-json\/wp\/v2\/tags?post=14777"}],"curies":[{"name":"wp","href":"https:\/\/api.w.org\/{rel}","templated":true}]}}