{"id":14723,"date":"2026-09-05T12:21:41","date_gmt":"2026-09-05T10:21:41","guid":{"rendered":"https:\/\/www.tablaosflamencos.com\/?p=14723"},"modified":"2026-09-05T12:52:33","modified_gmt":"2026-09-05T10:52:33","slug":"o-que-fazer-sevilha-durante-bienal-flamenco-2026","status":"publish","type":"post","link":"https:\/\/www.tablaosflamencos.com\/pt-pt\/o-que-fazer-sevilha-durante-bienal-flamenco-2026.html","title":{"rendered":"O que fazer em Sevilha durante a Bienal de Flamenco 2026"},"content":{"rendered":"<section class=\"l-section wpb_row height_huge\"><div class=\"l-section-h i-cf\"><div class=\"g-cols vc_row via_flex valign_middle type_default stacking_default\"><div class=\"vc_col-sm-6 wpb_column vc_column_container\"><div class=\"vc_column-inner\"><div class=\"wpb_wrapper\"><div class=\"wpb_text_column\"><div class=\"wpb_wrapper\"><h2>Sevilha durante a Bienal: muito mais do que ir de espet\u00e1culo em espet\u00e1culo<\/h2>\n<p>A <strong>Bienal de Flamenco de Sevilha 2026<\/strong> realiza-se de <strong>9 de setembro a 3 de outubro<\/strong> e, durante essas semanas, a cidade muda de ritmo. Os grandes teatros, espa\u00e7os hist\u00f3ricos e palcos ao ar livre acolhem uma programa\u00e7\u00e3o excecional, mas limitar a visita a entrar e sair dos espet\u00e1culos significa perder uma parte importante da experi\u00eancia.<\/p>\n<p>A Bienal vive-se tamb\u00e9m de manh\u00e3, entre espet\u00e1culos e depois da \u00faltima atua\u00e7\u00e3o. H\u00e1 exposi\u00e7\u00f5es gratuitas, flamenco na rua, bairros ligados \u00e0 hist\u00f3ria desta arte, mercados, esplanadas, monumentos, passeios junto ao Guadalquivir e uma oferta regular de tablaos que continua a funcionar \u00e0 margem do programa oficial.<\/p>\n<p>Este guia destina-se a quem visita Sevilha durante a Bienal e quer organizar o dia completo: <strong>o que fazer antes de um espet\u00e1culo, como aproveitar as horas entre atua\u00e7\u00f5es e onde continuar a noite flamenca<\/strong>.<\/p>\n<\/div><\/div><\/div><\/div><\/div><div class=\"vc_col-sm-6 wpb_column vc_column_container\"><div class=\"vc_column-inner\"><div class=\"wpb_wrapper\"><div class=\"wpb_text_column\"><div class=\"wpb_wrapper\"><blockquote>\n<p style=\"margin: 0;\"><strong>Resposta r\u00e1pida:<\/strong> durante a Bienal de Flamenco 2026 pode combinar a programa\u00e7\u00e3o oficial com a exposi\u00e7\u00e3o gratuita <em>La noche azul<\/em>, atividades de \u201cOtras perlas\u201d, passeios por Triana e pelo centro hist\u00f3rico, visitas ao Real Alc\u00e1zar, \u00e0 Catedral ou \u00e0 Plaza de Espa\u00f1a, gastronomia sevilhana e espet\u00e1culos de flamenco fora do cartaz oficial. A chave \u00e9 organizar o dia por zonas para reduzir as desloca\u00e7\u00f5es.<\/p>\n<\/blockquote>\n<\/div><\/div><\/div><\/div><\/div><\/div><\/div><\/section><section class=\"l-section wpb_row height_huge\"><div class=\"l-section-h i-cf\"><div class=\"g-cols vc_row via_flex valign_top type_default stacking_default\"><div class=\"vc_col-sm-3 wpb_column vc_column_container\"><div class=\"vc_column-inner\"><div class=\"wpb_wrapper\"><\/div><\/div><\/div><div class=\"vc_col-sm-6 wpb_column vc_column_container\"><div class=\"vc_column-inner\"><div class=\"wpb_wrapper\"><div class=\"wpb_text_column\"><div class=\"wpb_wrapper\"><h2>O que fazer em Sevilha durante a Bienal de Flamenco 2026<\/h2>\n<ul>\n<li><a href=\"#manana\">O que fazer de manh\u00e3<\/a><\/li>\n<li><a href=\"#otras-perlas\">Atividades paralelas da Bienal<\/a><\/li>\n<li><a href=\"#barrios\">Bairros que vale a pena percorrer<\/a><\/li>\n<li><a href=\"#entre-espectaculos\">O que fazer entre dois espet\u00e1culos<\/a><\/li>\n<li><a href=\"#comer\">Como incluir a gastronomia sevilhana no dia<\/a><\/li>\n<li><a href=\"#noche\">Como continuar a noite depois de um espet\u00e1culo da Bienal<\/a><\/li>\n<li><a href=\"#itinerarios\">Tr\u00eas itiner\u00e1rios pr\u00e1ticos<\/a><\/li>\n<li><a href=\"#consejos\">Conselhos para organizar a sua estadia<\/a><\/li>\n<li><a href=\"#faq\">Perguntas frequentes<\/a><\/li>\n<\/ul>\n<p>Se ainda est\u00e1 a escolher os espet\u00e1culos a que pretende assistir, consulte primeiro o nosso <a href=\"https:\/\/www.tablaosflamencos.com\/pt-pt\/bienal-flamenco-sevilha-2026.html\"><strong>guia completo da Bienal de Flamenco de Sevilha 2026<\/strong><\/a>, com programa\u00e7\u00e3o, datas e espa\u00e7os.<\/p>\n<\/div><\/div><\/div><\/div><\/div><div class=\"vc_col-sm-3 wpb_column vc_column_container\"><div class=\"vc_column-inner\"><div class=\"wpb_wrapper\"><\/div><\/div><\/div><\/div><\/div><\/section><section class=\"l-section wpb_row height_huge color_alternate with_shape\"><div class=\"l-section-shape type_zigzag pos_top hor_flip\" style=\"height:3vmin;\"><svg xmlns=\"http:\/\/www.w3.org\/2000\/svg\" viewBox=\"0 0 64 8\" preserveAspectRatio=\"none\" width=\"100%\" height=\"100%\">\r\n\t<path fill=\"currentColor\" d=\"M64 8 L0 8 L0 0 L20 7.9 L40 3 L48 5 L64 0 Z\"\/>\r\n<\/svg><\/div><div class=\"l-section-shape type_zigzag pos_bottom\" style=\"height:3vmin;\"><svg xmlns=\"http:\/\/www.w3.org\/2000\/svg\" viewBox=\"0 0 64 8\" preserveAspectRatio=\"none\" width=\"100%\" height=\"100%\">\r\n\t<path fill=\"currentColor\" d=\"M64 8 L0 8 L0 0 L20 7.9 L40 3 L48 5 L64 0 Z\"\/>\r\n<\/svg><\/div><div class=\"l-section-h i-cf\"><div class=\"g-cols vc_row via_flex valign_top type_default stacking_default\"><div class=\"vc_col-sm-12 wpb_column vc_column_container\"><div class=\"vc_column-inner\"><div class=\"wpb_wrapper\"><div class=\"wpb_text_column\"><div class=\"wpb_wrapper\"><h2 id=\"manana\">De manh\u00e3: Sevilha antes de come\u00e7ar o flamenco<\/h2>\n<p>A maior parte dos espet\u00e1culos da Bienal concentra-se \u00e0 tarde e \u00e0 noite, embora existam matin\u00e9s e atividades especiais. Isso deixa muitas manh\u00e3s livres para conhecer Sevilha sem renunciar aos espet\u00e1culos.<\/p>\n<h3>Real Alc\u00e1zar e bairro de Santa Cruz<\/h3>\n<p>O Real Alc\u00e1zar \u00e9 especialmente interessante nesta edi\u00e7\u00e3o porque tamb\u00e9m integra o mapa de espa\u00e7os da Bienal. Visit\u00e1-lo de manh\u00e3 permite compreender melhor a dimens\u00e3o patrimonial de uma programa\u00e7\u00e3o que utiliza edif\u00edcios hist\u00f3ricos como palcos.<\/p>\n<p>Depois pode percorrer Santa Cruz, seguir em dire\u00e7\u00e3o \u00e0 Catedral e \u00e0 Giralda e continuar at\u00e9 ao Archivo de Indias. Este conjunto fica a curta dist\u00e2ncia a p\u00e9 de v\u00e1rios espa\u00e7os habituais da Bienal e \u00e9 uma op\u00e7\u00e3o muito pr\u00e1tica quando tem um espet\u00e1culo \u00e0 tarde no centro.<\/p>\n<p>Para conhecer especificamente a programa\u00e7\u00e3o neste monumento, temos um guia dedicado ao <a href=\"https:\/\/www.tablaosflamencos.com\/pt-pt\/flamenco-real-alcazar-bienal-sevilha-2026.html\"><strong>flamenco no Real Alc\u00e1zar durante a Bienal 2026<\/strong><\/a>.<\/p>\n<h3>Plaza de Espa\u00f1a e Parque de Mar\u00eda Luisa<\/h3>\n<p>Outra op\u00e7\u00e3o simples para uma manh\u00e3 \u00e9 passear pelo Parque de Mar\u00eda Luisa e pela Plaza de Espa\u00f1a. \u00c9 uma zona especialmente pr\u00e1tica se depois tiver um espet\u00e1culo no Teatro Lope de Vega, situado junto ao parque.<\/p>\n<p>A vantagem de organizar as visitas \u00e0 cidade em torno do recinto dessa noite \u00e9 simples: o centro de Sevilha percorre-se bem a p\u00e9, mas acumular desloca\u00e7\u00f5es desnecess\u00e1rias pode ser cansativo quando ainda tem v\u00e1rias horas de espet\u00e1culos pela frente.<\/p>\n<\/div><\/div><\/div><\/div><\/div><\/div><\/div><\/section><section class=\"l-section wpb_row height_huge\"><div class=\"l-section-h i-cf\"><div class=\"g-cols vc_row via_flex valign_top type_default stacking_default\"><div class=\"vc_col-sm-12 wpb_column vc_column_container\"><div class=\"vc_column-inner\"><div class=\"wpb_wrapper\"><div class=\"wpb_text_column\"><div class=\"wpb_wrapper\"><h2 id=\"otras-perlas\">Aproveite \u201cOtras perlas\u201d: a Bienal fora dos teatros<\/h2>\n<p>A programa\u00e7\u00e3o paralela oficial de 2026 apresenta-se sob o nome <strong>\u201cOtras perlas\u201d<\/strong> e inclui exposi\u00e7\u00f5es, propostas na rua, atividades familiares e outras iniciativas culturais. \u00c9 uma das melhores formas de preencher as horas entre espet\u00e1culos sem sair do universo flamenco.<\/p>\n<h3>La noche azul: uma exposi\u00e7\u00e3o gratuita para compreender a \u00d3pera Flamenca<\/h3>\n<p>De <strong>2 de setembro a 22 de novembro de 2026<\/strong>, a Real F\u00e1brica de Artiller\u00eda acolhe <em>La noche azul. \u00d3pera Flamenca en la colecci\u00f3n de Carlos Mart\u00edn Ballester<\/em>. A mostra re\u00fane centenas de documentos, cartazes, discos, gramofones, fotografias e materiais relacionados com a expans\u00e3o da \u00d3pera Flamenca durante a primeira metade do s\u00e9culo XX.<\/p>\n<p>A entrada \u00e9 gratuita at\u00e9 ao limite da lota\u00e7\u00e3o. O hor\u00e1rio anunciado pela C\u00e2mara Municipal \u00e9 de segunda-feira a s\u00e1bado, das 10:00 \u00e0s 20:00, e aos domingos, das 10:00 \u00e0s 14:00. \u00c9 uma visita especialmente recomend\u00e1vel de manh\u00e3 ou ao in\u00edcio da tarde, porque permite aprofundar a hist\u00f3ria do cante antes de ouvir flamenco ao vivo.<\/p>\n<p>Pode encontrar mais informa\u00e7\u00e3o no nosso guia de <a href=\"https:\/\/www.tablaosflamencos.com\/pt-pt\/a-noite-azul-opera-flamenca-bienal-sevilha-2026.html\"><strong>La noche azul<\/strong><\/a>.<\/p>\n<h3>Flamenco na rua<\/h3>\n<p>A Bienal tamb\u00e9m leva parte da sua programa\u00e7\u00e3o a pra\u00e7as e espa\u00e7os abertos. Estas atividades permitem encontrar o flamenco fora do formato de um espet\u00e1culo convencional e ligam o festival a diferentes bairros de Sevilha.<\/p>\n<p>O programa paralelo inclui ainda propostas como a instala\u00e7\u00e3o itinerante <strong>\u201cSala de revelado\u201d<\/strong>, criada para mostrar o trabalho que normalmente fica escondido por detr\u00e1s dos espet\u00e1culos: ensaios, processos criativos, testemunhos e materiais documentais.<\/p>\n<p>Para encontrar atividades sem custo, consulte a nossa sele\u00e7\u00e3o atualizada de <a href=\"https:\/\/www.tablaosflamencos.com\/pt-pt\/bienal-flamenco-sevilha-2026-gratis.html\"><strong>espet\u00e1culos e atividades gratuitas da Bienal 2026<\/strong><\/a>.<\/p>\n<\/div><\/div><\/div><\/div><\/div><\/div><\/div><\/section><section class=\"l-section wpb_row height_huge color_alternate with_shape\"><div class=\"l-section-shape type_zigzag pos_top hor_flip\" style=\"height:3vmin;\"><svg xmlns=\"http:\/\/www.w3.org\/2000\/svg\" viewBox=\"0 0 64 8\" preserveAspectRatio=\"none\" width=\"100%\" height=\"100%\">\r\n\t<path fill=\"currentColor\" d=\"M64 8 L0 8 L0 0 L20 7.9 L40 3 L48 5 L64 0 Z\"\/>\r\n<\/svg><\/div><div class=\"l-section-shape type_zigzag pos_bottom\" style=\"height:3vmin;\"><svg xmlns=\"http:\/\/www.w3.org\/2000\/svg\" viewBox=\"0 0 64 8\" preserveAspectRatio=\"none\" width=\"100%\" height=\"100%\">\r\n\t<path fill=\"currentColor\" d=\"M64 8 L0 8 L0 0 L20 7.9 L40 3 L48 5 L64 0 Z\"\/>\r\n<\/svg><\/div><div class=\"l-section-h i-cf\"><div class=\"g-cols vc_row via_flex valign_top type_default stacking_default\"><div class=\"vc_col-sm-12 wpb_column vc_column_container\"><div class=\"vc_column-inner\"><div class=\"wpb_wrapper\"><div class=\"wpb_text_column\"><div class=\"wpb_wrapper\"><h2 id=\"barrios\">Percorra os bairros flamencos de Sevilha<\/h2>\n<h3>Triana: a visita mais evidente durante a Bienal<\/h3>\n<p>Triana faz parte da hist\u00f3ria do flamenco sevilhano e merece uma visita mesmo quando o seu espet\u00e1culo dessa noite \u00e9 noutro ponto da cidade. Pode atravessar a Ponte de Isabel II, percorrer a calle Pureza, entrar no Mercado de Triana, passear pela calle Betis e terminar junto ao rio.<\/p>\n<p>Durante a Bienal, o bairro ganha tamb\u00e9m especial import\u00e2ncia pelas atividades historicamente ligadas ao Hotel Triana. Em 2026, devido \u00e0 elevada procura, os tr\u00eas espet\u00e1culos ali previstos para os dias 17, 18 e 19 de setembro foram transferidos para o <strong>Muelle de la Sal<\/strong>, mantendo-se as datas e os hor\u00e1rios anunciados.<\/p>\n<h3>Centro hist\u00f3rico: de San Luis \u00e0 Alameda<\/h3>\n<p>A zona norte do centro permite combinar patrim\u00f3nio e flamenco com facilidade. A igreja de San Luis de los Franceses acolhe as <strong>Matin\u00e9s \u00danicas<\/strong> e, muito perto, ficam a Alameda de H\u00e9rcules, a calle Feria e alguns locais interessantes para comer ou beber algo sem se afastar demasiado.<\/p>\n<p>Se tiver uma matin\u00e9, consulte primeiro o nosso guia das <a href=\"https:\/\/www.tablaosflamencos.com\/pt-pt\/matines-unicas-bienal-flamenco-sevilha-2026.html\"><strong>Matin\u00e9s \u00danicas da Bienal 2026<\/strong><\/a>.<\/p>\n<h3>El Arenal: rio, Maestranza e Bienal<\/h3>\n<p>El Arenal \u00e9 outra zona estrat\u00e9gica. Aqui pode combinar um passeio junto ao Guadalquivir, a Torre del Oro, a Pra\u00e7a de Touros da Real Maestranza, o Muelle de la Sal e o Teatro de la Maestranza. Se o seu espet\u00e1culo decorrer num destes espa\u00e7os, o mais pr\u00e1tico \u00e9 reservar toda a tarde para esta zona.<\/p>\n<\/div><\/div><\/div><\/div><\/div><\/div><\/div><\/section><section class=\"l-section wpb_row height_huge\"><div class=\"l-section-h i-cf\"><div class=\"g-cols vc_row via_flex valign_top type_default stacking_default\"><div class=\"vc_col-sm-12 wpb_column vc_column_container\"><div class=\"vc_column-inner\"><div class=\"wpb_wrapper\"><div class=\"wpb_text_column\"><div class=\"wpb_wrapper\"><h2 id=\"entre-espectaculos\">O que fazer entre dois espet\u00e1culos da Bienal<\/h2>\n<p>Um dos problemas mais frequentes ao organizar a Bienal surge quando compra dois espet\u00e1culos no mesmo dia e ficam duas ou tr\u00eas horas entre ambos. Nesse caso, n\u00e3o faz sentido tentar encaixar uma visita monumental completa.<\/p>\n<h3>Se estiver no centro<\/h3>\n<p>Pode passear pela zona da Catedral, Avenida de la Constituci\u00f3n, Plaza Nueva e Plaza de San Francisco; beber algo numa esplanada; visitar uma exposi\u00e7\u00e3o; ou aproximar-se do Guadalquivir. S\u00e3o atividades f\u00e1ceis de interromper quando precisar de seguir para o recinto seguinte.<\/p>\n<h3>Se estiver na Cartuja<\/h3>\n<p>O Teatro Central fica mais afastado do centro hist\u00f3rico. Se tiver um espet\u00e1culo a\u00ed, calcule melhor as desloca\u00e7\u00f5es e evite marcar atividades demasiado pr\u00f3ximas imediatamente antes ou depois. Pode permanecer na zona da Cartuja ou regressar ao centro apenas quando tiver margem suficiente.<\/p>\n<h3>Entre o Lope de Vega e a Maestranza<\/h3>\n<p>A dist\u00e2ncia permite atravessar boa parte do centro a p\u00e9. Pode passar pelo Parque de Mar\u00eda Luisa, Puerta de Jerez, Torre del Oro e Paseo de Col\u00f3n. \u00c9 um percurso agrad\u00e1vel que transforma a desloca\u00e7\u00e3o entre recintos numa parte do pr\u00f3prio dia tur\u00edstico.<\/p>\n<\/div><\/div><\/div><\/div><\/div><\/div><\/div><\/section><section class=\"l-section wpb_row height_huge color_alternate with_shape\"><div class=\"l-section-shape type_zigzag pos_top hor_flip\" style=\"height:3vmin;\"><svg xmlns=\"http:\/\/www.w3.org\/2000\/svg\" viewBox=\"0 0 64 8\" preserveAspectRatio=\"none\" width=\"100%\" height=\"100%\">\r\n\t<path fill=\"currentColor\" d=\"M64 8 L0 8 L0 0 L20 7.9 L40 3 L48 5 L64 0 Z\"\/>\r\n<\/svg><\/div><div class=\"l-section-shape type_zigzag pos_bottom\" style=\"height:3vmin;\"><svg xmlns=\"http:\/\/www.w3.org\/2000\/svg\" viewBox=\"0 0 64 8\" preserveAspectRatio=\"none\" width=\"100%\" height=\"100%\">\r\n\t<path fill=\"currentColor\" d=\"M64 8 L0 8 L0 0 L20 7.9 L40 3 L48 5 L64 0 Z\"\/>\r\n<\/svg><\/div><div class=\"l-section-h i-cf\"><div class=\"g-cols vc_row via_flex valign_top type_default stacking_default\"><div class=\"vc_col-sm-12 wpb_column vc_column_container\"><div class=\"vc_column-inner\"><div class=\"wpb_wrapper\"><div class=\"wpb_text_column\"><div class=\"wpb_wrapper\"><h2 id=\"comer\">Gastronomia: como comer bem sem chegar atrasado ao espet\u00e1culo<\/h2>\n<p>Durante a Bienal conv\u00e9m adaptar os hor\u00e1rios das refei\u00e7\u00f5es aos bilhetes que tiver. Alguns espet\u00e1culos come\u00e7am \u00e0s 19:00 ou 20:00, outros por volta das 21:30 e os mais tardios podem come\u00e7ar depois das 22:00.<\/p>\n<p>Se tiver um espet\u00e1culo cedo, uma boa estrat\u00e9gia \u00e9 fazer a refei\u00e7\u00e3o principal um pouco mais tarde e deixar para depois um jantar ligeiro ou algumas tapas. Se o espet\u00e1culo come\u00e7ar \u00e0s 22:30, pode jantar antes, mas conv\u00e9m evitar restaurantes afastados do recinto ou refei\u00e7\u00f5es demasiado demoradas.<\/p>\n<h3>O que provar<\/h3>\n<p>Setembro continua a ser uma \u00e9poca quente em Sevilha, pelo que pratos como gazpacho, salmorejo, ensaladilla, espinafres com gr\u00e3o-de-bico, peixe frito e tapas frias s\u00e3o especialmente adequados. Pode tamb\u00e9m aproveitar para provar cl\u00e1ssicos sevilhanos como montaditos, pring\u00e1, lombo de porco ao whisky ou diferentes prepara\u00e7\u00f5es de bacalhau.<\/p>\n<p>Em Triana, Arenal, Santa Cruz, Alameda e nos arredores da calle Feria encontrar\u00e1 op\u00e7\u00f5es suficientes para adaptar a refei\u00e7\u00e3o ao percurso do dia. Durante a Bienal, a prioridade deveria ser <strong>comer perto do espet\u00e1culo seguinte<\/strong>, n\u00e3o atravessar a cidade por causa de um restaurante espec\u00edfico imediatamente antes da atua\u00e7\u00e3o.<\/p>\n<\/div><\/div><\/div><\/div><\/div><\/div><\/div><\/section><section class=\"l-section wpb_row height_huge\"><div class=\"l-section-h i-cf\"><div class=\"g-cols vc_row via_flex valign_top type_default stacking_default\"><div class=\"vc_col-sm-12 wpb_column vc_column_container\"><div class=\"vc_column-inner\"><div class=\"wpb_wrapper\"><div class=\"wpb_text_column\"><div class=\"wpb_wrapper\"><h2 id=\"noche\">Depois do espet\u00e1culo: o flamenco n\u00e3o termina com a Bienal<\/h2>\n<p>Um espet\u00e1culo da Bienal pode ser o centro da noite, mas n\u00e3o necessariamente o seu final. Sevilha mant\u00e9m durante todo o ano uma oferta regular de espet\u00e1culos flamencos, com tablaos de formatos e ambientes muito diferentes.<\/p>\n<p>Isto \u00e9 especialmente \u00fatil em tr\u00eas situa\u00e7\u00f5es: quando n\u00e3o conseguiu bilhete para o espet\u00e1culo pretendido, quando s\u00f3 tem programa\u00e7\u00e3o oficial durante parte da estadia ou quando quer comparar a experi\u00eancia de um grande teatro com a de um espa\u00e7o mais pequeno.<\/p>\n<p>No nosso guia de <a href=\"https:\/\/www.tablaosflamencos.com\/pt-pt\/flamenco-sevilha-bienal-2026-espetaculos-fora-programacao-oficial.html\"><strong>flamenco em Sevilha durante a Bienal fora da programa\u00e7\u00e3o oficial<\/strong><\/a> pode consultar alternativas. Para perceber primeiro o que distingue um espet\u00e1culo tur\u00edstico competente de uma proposta com maior interesse art\u00edstico, consulte tamb\u00e9m <a href=\"https:\/\/www.tablaosflamencos.com\/pt-pt\/onde-ver-flamenco-autentico-sevilha.html\"><strong>onde ver flamenco aut\u00eantico em Sevilha<\/strong><\/a>.<\/p>\n<p>E se um espet\u00e1culo espec\u00edfico aparecer esgotado, temos um guia sobre <a href=\"https:\/\/www.tablaosflamencos.com\/pt-pt\/bienal-flamenco-sevilha-2026-bilhetes-esgotados-alternativas.html\"><strong>o que ver quando j\u00e1 n\u00e3o encontra bilhetes para a Bienal<\/strong><\/a>.<\/p>\n<\/div><\/div><\/div><\/div><\/div><\/div><\/div><\/section><section class=\"l-section wpb_row height_huge color_alternate with_shape\"><div class=\"l-section-shape type_zigzag pos_top hor_flip\" style=\"height:3vmin;\"><svg xmlns=\"http:\/\/www.w3.org\/2000\/svg\" viewBox=\"0 0 64 8\" preserveAspectRatio=\"none\" width=\"100%\" height=\"100%\">\r\n\t<path fill=\"currentColor\" d=\"M64 8 L0 8 L0 0 L20 7.9 L40 3 L48 5 L64 0 Z\"\/>\r\n<\/svg><\/div><div class=\"l-section-shape type_zigzag pos_bottom\" style=\"height:3vmin;\"><svg xmlns=\"http:\/\/www.w3.org\/2000\/svg\" viewBox=\"0 0 64 8\" preserveAspectRatio=\"none\" width=\"100%\" height=\"100%\">\r\n\t<path fill=\"currentColor\" d=\"M64 8 L0 8 L0 0 L20 7.9 L40 3 L48 5 L64 0 Z\"\/>\r\n<\/svg><\/div><div class=\"l-section-h i-cf\"><div class=\"g-cols vc_row via_flex valign_top type_default stacking_default\"><div class=\"vc_col-sm-12 wpb_column vc_column_container\"><div class=\"vc_column-inner\"><div class=\"wpb_wrapper\"><div class=\"wpb_text_column\"><div class=\"wpb_wrapper\"><h2 id=\"itinerarios\">Tr\u00eas itiner\u00e1rios para aproveitar um dia completo durante a Bienal<\/h2>\n<h3>Itiner\u00e1rio 1: patrim\u00f3nio e Bienal no centro<\/h3>\n<ul>\n<li><strong>Manh\u00e3:<\/strong> Real Alc\u00e1zar, Catedral e bairro de Santa Cruz.<\/li>\n<li><strong>Meio-dia:<\/strong> almo\u00e7o no centro.<\/li>\n<li><strong>Tarde:<\/strong> exposi\u00e7\u00e3o <em>La noche azul<\/em> na Real F\u00e1brica de Artiller\u00eda.<\/li>\n<li><strong>Noite:<\/strong> espet\u00e1culo oficial da Bienal.<\/li>\n<li><strong>Depois:<\/strong> passeio ou bebida em Arenal, no centro ou na Alameda, consoante o recinto.<\/li>\n<\/ul>\n<h3>Itiner\u00e1rio 2: Triana, rio e flamenco<\/h3>\n<ul>\n<li><strong>Manh\u00e3:<\/strong> Mercado de Triana, calle Pureza e passeio pelo bairro.<\/li>\n<li><strong>Meio-dia:<\/strong> tapas em Triana.<\/li>\n<li><strong>Tarde:<\/strong> calle Betis, Ponte de Triana, Muelle de la Sal e Paseo de Col\u00f3n.<\/li>\n<li><strong>Noite:<\/strong> espet\u00e1culo na Maestranza, em Arenal ou noutro recinto pr\u00f3ximo.<\/li>\n<li><strong>Depois:<\/strong> tablao ou espet\u00e1culo alternativo para prolongar a noite.<\/li>\n<\/ul>\n<h3>Itiner\u00e1rio 3: um dia inteiramente flamenco<\/h3>\n<ul>\n<li><strong>Manh\u00e3:<\/strong> atividade paralela ou exposi\u00e7\u00e3o.<\/li>\n<li><strong>Meio-dia:<\/strong> percurso por San Luis, Alameda ou calle Feria.<\/li>\n<li><strong>Tarde:<\/strong> primeiro espet\u00e1culo da Bienal ou atividade gratuita.<\/li>\n<li><strong>Noite:<\/strong> segundo espet\u00e1culo, uma Noche \u00danica ou um tablao.<\/li>\n<\/ul>\n<p>Para conhecer os espet\u00e1culos concebidos especificamente como experi\u00eancias irrepet\u00edveis, consulte o <a href=\"https:\/\/www.tablaosflamencos.com\/pt-pt\/noites-unicas-bienal-flamenco-sevilha-2026.html\"><strong>calend\u00e1rio das Noches \u00danicas da Bienal 2026<\/strong><\/a>.<\/p>\n<\/div><\/div><\/div><\/div><\/div><\/div><\/div><\/section><section class=\"l-section wpb_row height_huge\"><div class=\"l-section-h i-cf\"><div class=\"g-cols vc_row via_flex valign_top type_default stacking_default\"><div class=\"vc_col-sm-12 wpb_column vc_column_container\"><div class=\"vc_column-inner\"><div class=\"wpb_wrapper\"><div class=\"wpb_text_column\"><div class=\"wpb_wrapper\"><h2 id=\"consejos\">Conselhos para organizar Sevilha durante a Bienal<\/h2>\n<ul>\n<li><strong>Agrupe as atividades por zonas.<\/strong> Evite combinar Triana, Cartuja e Parque de Mar\u00eda Luisa em poucas horas.<\/li>\n<li><strong>Deixe margem antes de cada espet\u00e1culo.<\/strong> Chegar a correr \u00e9 especialmente inconveniente quando h\u00e1 controlo de acesso, lugares numerados ou grande aflu\u00eancia de p\u00fablico.<\/li>\n<li><strong>N\u00e3o preencha todas as horas do dia.<\/strong> A Bienal pode implicar v\u00e1rias noites seguidas de espet\u00e1culos; reservar momentos de descanso melhora a experi\u00eancia.<\/li>\n<li><strong>Consulte as altera\u00e7\u00f5es de \u00faltima hora.<\/strong> Em 2026 j\u00e1 ocorreu, por exemplo, a transfer\u00eancia dos espet\u00e1culos previstos no Hotel Triana para o Muelle de la Sal.<\/li>\n<li><strong>Aproveite as atividades gratuitas.<\/strong> Permitem viver a Bienal mesmo nos dias em que n\u00e3o tem bilhetes.<\/li>\n<li><strong>Combine grande formato e proximidade.<\/strong> Um espet\u00e1culo na Maestranza ou no Lope de Vega e uma noite num tablao proporcionam experi\u00eancias muito diferentes e complementares.<\/li>\n<li><strong>Reserve com anteced\u00eancia.<\/strong> Tanto a Bienal como os espet\u00e1culos regulares podem concentrar uma procura elevada em setembro.<\/li>\n<\/ul>\n<\/div><\/div><\/div><\/div><\/div><\/div><\/div><\/section><section class=\"l-section wpb_row height_huge color_alternate with_shape\"><div class=\"l-section-shape type_zigzag pos_top hor_flip\" style=\"height:3vmin;\"><svg xmlns=\"http:\/\/www.w3.org\/2000\/svg\" viewBox=\"0 0 64 8\" preserveAspectRatio=\"none\" width=\"100%\" height=\"100%\">\r\n\t<path fill=\"currentColor\" d=\"M64 8 L0 8 L0 0 L20 7.9 L40 3 L48 5 L64 0 Z\"\/>\r\n<\/svg><\/div><div class=\"l-section-shape type_zigzag pos_bottom\" style=\"height:3vmin;\"><svg xmlns=\"http:\/\/www.w3.org\/2000\/svg\" viewBox=\"0 0 64 8\" preserveAspectRatio=\"none\" width=\"100%\" height=\"100%\">\r\n\t<path fill=\"currentColor\" d=\"M64 8 L0 8 L0 0 L20 7.9 L40 3 L48 5 L64 0 Z\"\/>\r\n<\/svg><\/div><div class=\"l-section-h i-cf\"><div class=\"g-cols vc_row via_flex valign_top type_default stacking_default\"><div class=\"vc_col-sm-12 wpb_column vc_column_container\"><div class=\"vc_column-inner\"><div class=\"wpb_wrapper\"><div class=\"wpb_text_column\"><div class=\"wpb_wrapper\"><h2>A melhor forma de viver a Bienal \u00e9 combinar festival e cidade<\/h2>\n<p>A Bienal de Flamenco \u00e9 uma oportunidade excecional para ver artistas que habitualmente n\u00e3o coincidem na mesma cidade e para assistir a estreias, galas e formatos criados especificamente para a edi\u00e7\u00e3o. Mas Sevilha n\u00e3o funciona apenas como palco: faz parte da experi\u00eancia.<\/p>\n<p>Assistir a uma matin\u00e9 em San Luis, atravessar Triana, visitar uma exposi\u00e7\u00e3o na Real F\u00e1brica de Artiller\u00eda, caminhar junto ao Guadalquivir e terminar a noite com flamenco ao vivo permite compreender melhor a rela\u00e7\u00e3o entre a cidade e esta arte.<\/p>\n<p>Por isso, se ficar v\u00e1rios dias durante a Bienal, n\u00e3o tente apenas encadear espet\u00e1culos. Alterne <strong>patrim\u00f3nio, bairros, gastronomia, atividades gratuitas, programa\u00e7\u00e3o oficial e flamenco fora dos grandes palcos<\/strong>. Essa combina\u00e7\u00e3o \u00e9 provavelmente a forma mais completa de viver Sevilha entre 9 de setembro e 3 de outubro de 2026.<\/p>\n<\/div><\/div><\/div><\/div><\/div><\/div><\/div><\/section><section class=\"l-section wpb_row height_huge\"><div class=\"l-section-h i-cf\"><div class=\"g-cols vc_row via_flex valign_top type_default stacking_default\"><div class=\"vc_col-sm-1\/5 wpb_column vc_column_container\"><div class=\"vc_column-inner\"><div class=\"wpb_wrapper\"><\/div><\/div><\/div><div class=\"vc_col-sm-3\/5 wpb_column vc_column_container\"><div class=\"vc_column-inner\"><div class=\"wpb_wrapper\"><div class=\"wpb_text_column\"><div class=\"wpb_wrapper\"><h2 id=\"faq\">Perguntas frequentes sobre o que fazer em Sevilha durante a Bienal 2026<\/h2>\n<\/div><\/div><div class=\"w-separator size_medium\"><\/div><div class=\"w-tabs accordion toggle_style_1 has_scrolling\" style=\"--sections-title-size:inherit;--sections-gap:0.5rem;\"><div class=\"w-tabs-sections titles-align_none icon_plus cpos_left\"><div class=\"w-tabs-section\" id=\"acc5\" itemscope itemprop=\"mainEntity\" itemtype=\"https:\/\/schema.org\/Question\"><button type=\"button\" class=\"w-tabs-section-header\" aria-controls=\"content-acc5\" aria-expanded=\"false\"><h3 class=\"w-tabs-section-title\" itemprop=\"name\">Quando se realiza a Bienal de Flamenco de Sevilha 2026?<\/h3><div class=\"w-tabs-section-control\"><\/div><\/button><div  class=\"w-tabs-section-content\" id=\"content-acc5\" itemscope itemprop=\"acceptedAnswer\" itemtype=\"https:\/\/schema.org\/Answer\"><div class=\"w-tabs-section-content-h i-cf\" itemprop=\"text\"><div class=\"wpb_text_column\"><div class=\"wpb_wrapper\"><p>A XXIV Bienal de Flamenco de Sevilha realiza-se de <strong>9 de setembro a 3 de outubro de 2026<\/strong>, embora algumas atividades paralelas tenham come\u00e7ado antes da inaugura\u00e7\u00e3o oficial.<\/p>\n<\/div><\/div><\/div><\/div><\/div><div class=\"w-tabs-section\" id=\"pe5c\" itemscope itemprop=\"mainEntity\" itemtype=\"https:\/\/schema.org\/Question\"><button type=\"button\" class=\"w-tabs-section-header\" aria-controls=\"content-pe5c\" aria-expanded=\"false\"><h3 class=\"w-tabs-section-title\" itemprop=\"name\">H\u00e1 atividades gratuitas durante a Bienal?<\/h3><div class=\"w-tabs-section-control\"><\/div><\/button><div  class=\"w-tabs-section-content\" id=\"content-pe5c\" itemscope itemprop=\"acceptedAnswer\" itemtype=\"https:\/\/schema.org\/Answer\"><div class=\"w-tabs-section-content-h i-cf\" itemprop=\"text\"><div class=\"wpb_text_column\"><div class=\"wpb_wrapper\"><p>Sim. A programa\u00e7\u00e3o paralela inclui exposi\u00e7\u00f5es e atividades em espa\u00e7os p\u00fablicos. A exposi\u00e7\u00e3o <em>La noche azul<\/em>, por exemplo, tem entrada gratuita at\u00e9 ao limite da lota\u00e7\u00e3o.<\/p>\n<\/div><\/div><\/div><\/div><\/div><div class=\"w-tabs-section\" id=\"lfb1\" itemscope itemprop=\"mainEntity\" itemtype=\"https:\/\/schema.org\/Question\"><button type=\"button\" class=\"w-tabs-section-header\" aria-controls=\"content-lfb1\" aria-expanded=\"false\"><h3 class=\"w-tabs-section-title\" itemprop=\"name\">O que posso fazer de manh\u00e3 se o meu espet\u00e1culo for \u00e0 noite?<\/h3><div class=\"w-tabs-section-control\"><\/div><\/button><div  class=\"w-tabs-section-content\" id=\"content-lfb1\" itemscope itemprop=\"acceptedAnswer\" itemtype=\"https:\/\/schema.org\/Answer\"><div class=\"w-tabs-section-content-h i-cf\" itemprop=\"text\"><div class=\"wpb_text_column\"><div class=\"wpb_wrapper\"><p>Pode visitar o Real Alc\u00e1zar, a Catedral e Santa Cruz; percorrer a Plaza de Espa\u00f1a e o Parque de Mar\u00eda Luisa; conhecer Triana; ou aproveitar as exposi\u00e7\u00f5es e atividades paralelas da Bienal.<\/p>\n<\/div><\/div><\/div><\/div><\/div><div class=\"w-tabs-section\" id=\"f10b\" itemscope itemprop=\"mainEntity\" itemtype=\"https:\/\/schema.org\/Question\"><button type=\"button\" class=\"w-tabs-section-header\" aria-controls=\"content-f10b\" aria-expanded=\"false\"><h3 class=\"w-tabs-section-title\" itemprop=\"name\">\u00c9 poss\u00edvel ver flamenco fora da programa\u00e7\u00e3o oficial?<\/h3><div class=\"w-tabs-section-control\"><\/div><\/button><div  class=\"w-tabs-section-content\" id=\"content-f10b\" itemscope itemprop=\"acceptedAnswer\" itemtype=\"https:\/\/schema.org\/Answer\"><div class=\"w-tabs-section-content-h i-cf\" itemprop=\"text\"><div class=\"wpb_text_column\"><div class=\"wpb_wrapper\"><p>Sim. Os tablaos e outros espa\u00e7os flamencos de Sevilha mant\u00eam a programa\u00e7\u00e3o regular durante a Bienal, pelo que existem alternativas todos os dias \u00e0 margem do cartaz oficial.<\/p>\n<\/div><\/div><\/div><\/div><\/div><div class=\"w-tabs-section\" id=\"o260\" itemscope itemprop=\"mainEntity\" itemtype=\"https:\/\/schema.org\/Question\"><button type=\"button\" class=\"w-tabs-section-header\" aria-controls=\"content-o260\" aria-expanded=\"false\"><h3 class=\"w-tabs-section-title\" itemprop=\"name\">Qual \u00e9 o melhor bairro para visitar durante a Bienal?<\/h3><div class=\"w-tabs-section-control\"><\/div><\/button><div  class=\"w-tabs-section-content\" id=\"content-o260\" itemscope itemprop=\"acceptedAnswer\" itemtype=\"https:\/\/schema.org\/Answer\"><div class=\"w-tabs-section-content-h i-cf\" itemprop=\"text\"><div class=\"wpb_text_column\"><div class=\"wpb_wrapper\"><p>Triana \u00e9 imprescind\u00edvel pela sua liga\u00e7\u00e3o hist\u00f3rica ao flamenco, mas Arenal, Santa Cruz, San Luis, Alameda e os arredores da calle Feria tamb\u00e9m s\u00e3o muito interessantes. A melhor escolha depende do recinto do seu espet\u00e1culo.<\/p>\n<\/div><\/div><\/div><\/div><\/div><div class=\"w-tabs-section\" id=\"w385\" itemscope itemprop=\"mainEntity\" itemtype=\"https:\/\/schema.org\/Question\"><button type=\"button\" class=\"w-tabs-section-header\" aria-controls=\"content-w385\" aria-expanded=\"false\"><h3 class=\"w-tabs-section-title\" itemprop=\"name\">\u00c9 poss\u00edvel assistir a dois espet\u00e1culos da Bienal no mesmo dia?<\/h3><div class=\"w-tabs-section-control\"><\/div><\/button><div  class=\"w-tabs-section-content\" id=\"content-w385\" itemscope itemprop=\"acceptedAnswer\" itemtype=\"https:\/\/schema.org\/Answer\"><div class=\"w-tabs-section-content-h i-cf\" itemprop=\"text\"><div class=\"wpb_text_column\"><div class=\"wpb_wrapper\"><p>Em alguns dias, sim, porque a programa\u00e7\u00e3o utiliza hor\u00e1rios diferentes. \u00c9 necess\u00e1rio verificar a hora prevista de t\u00e9rmino e a dist\u00e2ncia entre recintos antes de comprar os dois bilhetes.<\/p>\n<\/div><\/div><\/div><\/div><\/div><div class=\"w-tabs-section\" id=\"u4c8\" itemscope itemprop=\"mainEntity\" itemtype=\"https:\/\/schema.org\/Question\"><button type=\"button\" class=\"w-tabs-section-header\" aria-controls=\"content-u4c8\" aria-expanded=\"false\"><h3 class=\"w-tabs-section-title\" itemprop=\"name\">O que fazer se um espet\u00e1culo estiver esgotado?<\/h3><div class=\"w-tabs-section-control\"><\/div><\/button><div  class=\"w-tabs-section-content\" id=\"content-u4c8\" itemscope itemprop=\"acceptedAnswer\" itemtype=\"https:\/\/schema.org\/Answer\"><div class=\"w-tabs-section-content-h i-cf\" itemprop=\"text\"><div class=\"wpb_text_column\"><div class=\"wpb_wrapper\"><p>Pode consultar outros espet\u00e1culos oficiais, atividades gratuitas ou a programa\u00e7\u00e3o regular dos tablaos flamencos de Sevilha. Conv\u00e9m evitar a revenda n\u00e3o oficial e verificar eventuais atualiza\u00e7\u00f5es nos canais da Bienal.<\/p>\n<\/div><\/div><\/div><\/div><\/div><div class=\"w-tabs-section\" id=\"e61a\" itemscope itemprop=\"mainEntity\" itemtype=\"https:\/\/schema.org\/Question\"><button type=\"button\" class=\"w-tabs-section-header\" aria-controls=\"content-e61a\" aria-expanded=\"false\"><h3 class=\"w-tabs-section-title\" itemprop=\"name\">Preciso de autom\u00f3vel para me deslocar durante a Bienal?<\/h3><div class=\"w-tabs-section-control\"><\/div><\/button><div  class=\"w-tabs-section-content\" id=\"content-e61a\" itemscope itemprop=\"acceptedAnswer\" itemtype=\"https:\/\/schema.org\/Answer\"><div class=\"w-tabs-section-content-h i-cf\" itemprop=\"text\"><div class=\"wpb_text_column\"><div class=\"wpb_wrapper\"><p>N\u00e3o para a maioria das atividades no centro. Muitos recintos e zonas tur\u00edsticas podem ser ligados a p\u00e9 ou por transportes p\u00fablicos. Para espa\u00e7os mais afastados, como o Teatro Central na Cartuja, conv\u00e9m planear a desloca\u00e7\u00e3o com mais margem.<\/p>\n<\/div><\/div><\/div><\/div><\/div><\/div><\/div><\/div><\/div><\/div><div class=\"vc_col-sm-1\/5 wpb_column vc_column_container\"><div class=\"vc_column-inner\"><div class=\"wpb_wrapper\"><\/div><\/div><\/div><\/div><\/div><\/section>\n","protected":false},"excerpt":{"rendered":"<p>Guia pr\u00e1tico para desfrutar de Sevilha durante a Bienal de Flamenco 2026: atividades de manh\u00e3, eventos gratuitos, bairros, gastronomia, itiner\u00e1rios e flamenco fora do programa oficial.<\/p>\n","protected":false},"author":1,"featured_media":14704,"comment_status":"closed","ping_status":"closed","sticky":false,"template":"","format":"standard","meta":{"_acf_changed":false,"wpai_generated_summary":"","_ayudawp_aiss_exclude":false,"_ayudawp_aiss_exclude_summary":false,"_ayudawp_aiss_summary":"","_ayudawp_aiss_summary_provider":"","_ayudawp_aiss_summary_hash":"","footnotes":""},"categories":[1430],"tags":[1256,1257,1865,2008,1259],"class_list":["post-14723","post","type-post","status-publish","format-standard","has-post-thumbnail","hentry","category-bienal-flamenco-sevilha","tag-bienal-2026","tag-bienal-de-flamenco","tag-o-que-fazer-em-sevilha","tag-que-fazer-em-sevilha","tag-sevilla"],"acf":[],"yoast_head":"<!-- This site is optimized with the Yoast SEO Premium plugin v28.4 (Yoast SEO v28.4) - https:\/\/yoast.com\/product\/yoast-seo-premium-wordpress\/ -->\n<title>O que fazer em Sevilha durante a Bienal de Flamenco 2026<\/title>\n<meta name=\"description\" content=\"O que fazer em Sevilha durante a Bienal de Flamenco 2026: atividades gratuitas, bairros, gastronomia, itiner\u00e1rios e espet\u00e1culos fora do programa oficial.\" \/>\n<meta name=\"robots\" content=\"index, follow, max-snippet:-1, max-image-preview:large, max-video-preview:-1\" \/>\n<link rel=\"canonical\" href=\"https:\/\/www.tablaosflamencos.com\/pt-pt\/o-que-fazer-sevilha-durante-bienal-flamenco-2026.html\" \/>\n<meta property=\"og:locale\" content=\"pt_PT\" \/>\n<meta property=\"og:type\" content=\"article\" \/>\n<meta property=\"og:title\" content=\"O que fazer em Sevilha durante a Bienal de Flamenco 2026\" \/>\n<meta property=\"og:description\" content=\"O que fazer em Sevilha durante a Bienal de Flamenco 2026: atividades gratuitas, bairros, gastronomia, itiner\u00e1rios e espet\u00e1culos fora do programa oficial.\" \/>\n<meta property=\"og:url\" content=\"https:\/\/www.tablaosflamencos.com\/pt-pt\/o-que-fazer-sevilha-durante-bienal-flamenco-2026.html\" \/>\n<meta property=\"og:site_name\" content=\"Tablaos Flamencos\" \/>\n<meta property=\"article:publisher\" content=\"https:\/\/www.facebook.com\/tablaosflamencos\" \/>\n<meta property=\"article:published_time\" content=\"2026-09-05T10:21:41+00:00\" \/>\n<meta property=\"article:modified_time\" content=\"2026-09-05T10:52:33+00:00\" \/>\n<meta property=\"og:image\" content=\"https:\/\/www.tablaosflamencos.com\/wp-content\/uploads\/que-hacer-en-sevilla-durante-la-bienal-de-flamenco-2026-01.webp\" \/>\n\t<meta property=\"og:image:width\" content=\"1491\" \/>\n\t<meta property=\"og:image:height\" content=\"1055\" \/>\n\t<meta property=\"og:image:type\" content=\"image\/webp\" \/>\n<meta name=\"author\" content=\"Miguel Ortiz\" \/>\n<meta name=\"twitter:card\" content=\"summary_large_image\" \/>\n<meta name=\"twitter:creator\" content=\"@tablaosflamenco\" \/>\n<meta name=\"twitter:site\" content=\"@tablaosflamenco\" \/>\n<meta name=\"twitter:label1\" content=\"Escrito por\" \/>\n\t<meta name=\"twitter:data1\" content=\"Miguel Ortiz\" \/>\n\t<meta name=\"twitter:label2\" content=\"Tempo estimado de leitura\" \/>\n\t<meta name=\"twitter:data2\" content=\"16 minutos\" \/>\n<script type=\"application\/ld+json\" class=\"yoast-schema-graph\">{\"@context\":\"https:\\\/\\\/schema.org\",\"@graph\":[{\"@type\":\"Article\",\"@id\":\"https:\\\/\\\/www.tablaosflamencos.com\\\/pt-pt\\\/o-que-fazer-sevilha-durante-bienal-flamenco-2026.html#article\",\"isPartOf\":{\"@id\":\"https:\\\/\\\/www.tablaosflamencos.com\\\/pt-pt\\\/o-que-fazer-sevilha-durante-bienal-flamenco-2026.html\"},\"author\":{\"name\":\"Miguel Ortiz\",\"@id\":\"https:\\\/\\\/www.tablaosflamencos.com\\\/pt-pt#\\\/schema\\\/person\\\/e7a9ebe14eb75a52ceabfbffb3c54f5d\"},\"headline\":\"O que fazer em Sevilha durante a Bienal de Flamenco 2026\",\"datePublished\":\"2026-09-05T10:21:41+00:00\",\"dateModified\":\"2026-09-05T10:52:33+00:00\",\"mainEntityOfPage\":{\"@id\":\"https:\\\/\\\/www.tablaosflamencos.com\\\/pt-pt\\\/o-que-fazer-sevilha-durante-bienal-flamenco-2026.html\"},\"wordCount\":3122,\"publisher\":{\"@id\":\"https:\\\/\\\/www.tablaosflamencos.com\\\/pt-pt#organization\"},\"image\":{\"@id\":\"https:\\\/\\\/www.tablaosflamencos.com\\\/pt-pt\\\/o-que-fazer-sevilha-durante-bienal-flamenco-2026.html#primaryimage\"},\"thumbnailUrl\":\"https:\\\/\\\/www.tablaosflamencos.com\\\/wp-content\\\/uploads\\\/que-hacer-en-sevilla-durante-la-bienal-de-flamenco-2026-01.webp\",\"keywords\":[\"Bienal 2026\",\"Bienal de Flamenco\",\"o que fazer em Sevilha\",\"que fazer em Sevilha\",\"sevilla\"],\"articleSection\":[\"Bienal de Flamenco de Sevilha\"],\"inLanguage\":\"pt-PT\"},{\"@type\":\"WebPage\",\"@id\":\"https:\\\/\\\/www.tablaosflamencos.com\\\/pt-pt\\\/o-que-fazer-sevilha-durante-bienal-flamenco-2026.html\",\"url\":\"https:\\\/\\\/www.tablaosflamencos.com\\\/pt-pt\\\/o-que-fazer-sevilha-durante-bienal-flamenco-2026.html\",\"name\":\"O que fazer em Sevilha durante a Bienal de Flamenco 2026\",\"isPartOf\":{\"@id\":\"https:\\\/\\\/www.tablaosflamencos.com\\\/pt-pt#website\"},\"primaryImageOfPage\":{\"@id\":\"https:\\\/\\\/www.tablaosflamencos.com\\\/pt-pt\\\/o-que-fazer-sevilha-durante-bienal-flamenco-2026.html#primaryimage\"},\"image\":{\"@id\":\"https:\\\/\\\/www.tablaosflamencos.com\\\/pt-pt\\\/o-que-fazer-sevilha-durante-bienal-flamenco-2026.html#primaryimage\"},\"thumbnailUrl\":\"https:\\\/\\\/www.tablaosflamencos.com\\\/wp-content\\\/uploads\\\/que-hacer-en-sevilla-durante-la-bienal-de-flamenco-2026-01.webp\",\"datePublished\":\"2026-09-05T10:21:41+00:00\",\"dateModified\":\"2026-09-05T10:52:33+00:00\",\"description\":\"O que fazer em Sevilha durante a Bienal de Flamenco 2026: atividades gratuitas, bairros, gastronomia, itiner\u00e1rios e espet\u00e1culos fora do programa oficial.\",\"breadcrumb\":{\"@id\":\"https:\\\/\\\/www.tablaosflamencos.com\\\/pt-pt\\\/o-que-fazer-sevilha-durante-bienal-flamenco-2026.html#breadcrumb\"},\"inLanguage\":\"pt-PT\",\"potentialAction\":[{\"@type\":\"ReadAction\",\"target\":[\"https:\\\/\\\/www.tablaosflamencos.com\\\/pt-pt\\\/o-que-fazer-sevilha-durante-bienal-flamenco-2026.html\"]}]},{\"@type\":\"ImageObject\",\"inLanguage\":\"pt-PT\",\"@id\":\"https:\\\/\\\/www.tablaosflamencos.com\\\/pt-pt\\\/o-que-fazer-sevilha-durante-bienal-flamenco-2026.html#primaryimage\",\"url\":\"https:\\\/\\\/www.tablaosflamencos.com\\\/wp-content\\\/uploads\\\/que-hacer-en-sevilla-durante-la-bienal-de-flamenco-2026-01.webp\",\"contentUrl\":\"https:\\\/\\\/www.tablaosflamencos.com\\\/wp-content\\\/uploads\\\/que-hacer-en-sevilla-durante-la-bienal-de-flamenco-2026-01.webp\",\"width\":1491,\"height\":1055,\"caption\":\"Qu\u00e9 hacer en Sevilla durante la Bienal de Flamenco 2026\"},{\"@type\":\"BreadcrumbList\",\"@id\":\"https:\\\/\\\/www.tablaosflamencos.com\\\/pt-pt\\\/o-que-fazer-sevilha-durante-bienal-flamenco-2026.html#breadcrumb\",\"itemListElement\":[{\"@type\":\"ListItem\",\"position\":1,\"name\":\"Home\",\"item\":\"https:\\\/\\\/www.tablaosflamencos.com\\\/pt-pt\"},{\"@type\":\"ListItem\",\"position\":2,\"name\":\"O que fazer em Sevilha durante a Bienal de Flamenco 2026\"}]},{\"@type\":\"WebSite\",\"@id\":\"https:\\\/\\\/www.tablaosflamencos.com\\\/pt-pt#website\",\"url\":\"https:\\\/\\\/www.tablaosflamencos.com\\\/pt-pt\",\"name\":\"Tablaos Flamencos\",\"description\":\"Entradas para tablaos flamencos de Espa\u00f1a\",\"publisher\":{\"@id\":\"https:\\\/\\\/www.tablaosflamencos.com\\\/pt-pt#organization\"},\"alternateName\":\"Tablaos Flamencos\",\"potentialAction\":[{\"@type\":\"SearchAction\",\"target\":{\"@type\":\"EntryPoint\",\"urlTemplate\":\"https:\\\/\\\/www.tablaosflamencos.com\\\/pt-pt?s={search_term_string}\"},\"query-input\":{\"@type\":\"PropertyValueSpecification\",\"valueRequired\":true,\"valueName\":\"search_term_string\"}}],\"inLanguage\":\"pt-PT\"},{\"@type\":[\"Organization\",\"Place\",\"EntertainmentBusiness\"],\"@id\":\"https:\\\/\\\/www.tablaosflamencos.com\\\/pt-pt#organization\",\"name\":\"Tablaos Flamencos\",\"alternateName\":\"Tablaos Flamencos\",\"url\":\"https:\\\/\\\/www.tablaosflamencos.com\\\/pt-pt\",\"logo\":{\"@id\":\"https:\\\/\\\/www.tablaosflamencos.com\\\/pt-pt\\\/o-que-fazer-sevilha-durante-bienal-flamenco-2026.html#local-main-organization-logo\"},\"image\":{\"@id\":\"https:\\\/\\\/www.tablaosflamencos.com\\\/pt-pt\\\/o-que-fazer-sevilha-durante-bienal-flamenco-2026.html#local-main-organization-logo\"},\"sameAs\":[\"https:\\\/\\\/www.facebook.com\\\/tablaosflamencos\",\"https:\\\/\\\/x.com\\\/tablaosflamenco\",\"https:\\\/\\\/mastodon.social\\\/@tablaosflamencos\",\"https:\\\/\\\/www.instagram.com\\\/tablaosflamencos\",\"https:\\\/\\\/tiktok.com\\\/@tablaosflamencos\",\"https:\\\/\\\/www.linkedin.com\\\/company\\\/109408238\\\/\"],\"description\":\"Venta de entradas para espect\u00e1culos flamencos\",\"legalName\":\"Tablaos Flamencos\",\"foundingDate\":\"2015-01-01\",\"numberOfEmployees\":{\"@type\":\"QuantitativeValue\",\"minValue\":\"1\",\"maxValue\":\"10\"},\"address\":{\"@id\":\"https:\\\/\\\/www.tablaosflamencos.com\\\/pt-pt\\\/o-que-fazer-sevilha-durante-bienal-flamenco-2026.html#local-main-place-address\"},\"geo\":{\"@type\":\"GeoCoordinates\",\"latitude\":\"37.3868072\",\"longitude\":\"-5.993280299999999\"},\"telephone\":[\"+34623787787\"],\"contactPoint\":{\"@type\":\"ContactPoint\",\"telephone\":\"+34623787787\",\"email\":\"info@tablaosflamencos.com\"},\"openingHoursSpecification\":{\"@type\":\"OpeningHoursSpecification\",\"dayOfWeek\":[\"Monday\",\"Tuesday\",\"Wednesday\",\"Thursday\",\"Friday\",\"Saturday\",\"Sunday\"],\"opens\":\"00:00\",\"closes\":\"23:59\"},\"email\":\"info@tablaosflamencos.com\",\"priceRange\":\"$$$\",\"currenciesAccepted\":\"\u20ac\"},{\"@type\":\"Person\",\"@id\":\"https:\\\/\\\/www.tablaosflamencos.com\\\/pt-pt#\\\/schema\\\/person\\\/e7a9ebe14eb75a52ceabfbffb3c54f5d\",\"name\":\"Miguel Ortiz\",\"description\":\"Miguel Ortiz es un empresario flamenco, con una s\u00f3lida trayectoria dentro del sector. Ha presidido entidades culturales vinculadas al flamenco y, cuenta con un amplio recorrido profesional en la gesti\u00f3n y promoci\u00f3n de espect\u00e1culos y tablaos flamencos. Su pasi\u00f3n por la historia y el arte flamenco se refleja en cada art\u00edculo, donde combina experiencia, criterio y un profundo respeto por la tradici\u00f3n.\",\"sameAs\":[\"https:\\\/\\\/www.tablaosflamencos.com\",\"https:\\\/\\\/www.instagra.com\\\/miguelortizfe\",\"https:\\\/\\\/www.linkedin.com\\\/in\\\/miguelortizf\\\/\"],\"birthDate\":\"1984-11-22\",\"gender\":\"hombre\",\"knowsLanguage\":[\"espa\u00f1ol\",\"ingl\u00e9s\"],\"jobTitle\":\"Empresario flamenco\"},{\"@type\":\"PostalAddress\",\"@id\":\"https:\\\/\\\/www.tablaosflamencos.com\\\/pt-pt\\\/o-que-fazer-sevilha-durante-bienal-flamenco-2026.html#local-main-place-address\",\"streetAddress\":\"C\\\/ Alemanes, 19\",\"addressLocality\":\"Sevilla\",\"postalCode\":\"41004\",\"addressRegion\":\"Sevilla\",\"addressCountry\":\"ES\"},{\"@type\":\"ImageObject\",\"inLanguage\":\"pt-PT\",\"@id\":\"https:\\\/\\\/www.tablaosflamencos.com\\\/pt-pt\\\/o-que-fazer-sevilha-durante-bienal-flamenco-2026.html#local-main-organization-logo\",\"url\":\"https:\\\/\\\/www.tablaosflamencos.com\\\/wp-content\\\/uploads\\\/tablaos-flamencos-06-3.webp\",\"contentUrl\":\"https:\\\/\\\/www.tablaosflamencos.com\\\/wp-content\\\/uploads\\\/tablaos-flamencos-06-3.webp\",\"width\":600,\"height\":620,\"caption\":\"Tablaos Flamencos\"}]}<\/script>\n<meta name=\"geo.placename\" content=\"Sevilla\" \/>\n<meta name=\"geo.position\" content=\"37.3868072;-5.993280299999999\" \/>\n<meta name=\"geo.region\" content=\"Espanha\" \/>\n<!-- \/ Yoast SEO Premium plugin. -->","yoast_head_json":{"title":"O que fazer em Sevilha durante a Bienal de Flamenco 2026","description":"O que fazer em Sevilha durante a Bienal de Flamenco 2026: atividades gratuitas, bairros, gastronomia, itiner\u00e1rios e espet\u00e1culos fora do programa oficial.","robots":{"index":"index","follow":"follow","max-snippet":"max-snippet:-1","max-image-preview":"max-image-preview:large","max-video-preview":"max-video-preview:-1"},"canonical":"https:\/\/www.tablaosflamencos.com\/pt-pt\/o-que-fazer-sevilha-durante-bienal-flamenco-2026.html","og_locale":"pt_PT","og_type":"article","og_title":"O que fazer em Sevilha durante a Bienal de Flamenco 2026","og_description":"O que fazer em Sevilha durante a Bienal de Flamenco 2026: atividades gratuitas, bairros, gastronomia, itiner\u00e1rios e espet\u00e1culos fora do programa oficial.","og_url":"https:\/\/www.tablaosflamencos.com\/pt-pt\/o-que-fazer-sevilha-durante-bienal-flamenco-2026.html","og_site_name":"Tablaos Flamencos","article_publisher":"https:\/\/www.facebook.com\/tablaosflamencos","article_published_time":"2026-09-05T10:21:41+00:00","article_modified_time":"2026-09-05T10:52:33+00:00","og_image":[{"width":1491,"height":1055,"url":"https:\/\/www.tablaosflamencos.com\/wp-content\/uploads\/que-hacer-en-sevilla-durante-la-bienal-de-flamenco-2026-01.webp","type":"image\/webp"}],"author":"Miguel Ortiz","twitter_card":"summary_large_image","twitter_creator":"@tablaosflamenco","twitter_site":"@tablaosflamenco","twitter_misc":{"Escrito por":"Miguel Ortiz","Tempo estimado de leitura":"16 minutos"},"schema":{"@context":"https:\/\/schema.org","@graph":[{"@type":"Article","@id":"https:\/\/www.tablaosflamencos.com\/pt-pt\/o-que-fazer-sevilha-durante-bienal-flamenco-2026.html#article","isPartOf":{"@id":"https:\/\/www.tablaosflamencos.com\/pt-pt\/o-que-fazer-sevilha-durante-bienal-flamenco-2026.html"},"author":{"name":"Miguel Ortiz","@id":"https:\/\/www.tablaosflamencos.com\/pt-pt#\/schema\/person\/e7a9ebe14eb75a52ceabfbffb3c54f5d"},"headline":"O que fazer em Sevilha durante a Bienal de Flamenco 2026","datePublished":"2026-09-05T10:21:41+00:00","dateModified":"2026-09-05T10:52:33+00:00","mainEntityOfPage":{"@id":"https:\/\/www.tablaosflamencos.com\/pt-pt\/o-que-fazer-sevilha-durante-bienal-flamenco-2026.html"},"wordCount":3122,"publisher":{"@id":"https:\/\/www.tablaosflamencos.com\/pt-pt#organization"},"image":{"@id":"https:\/\/www.tablaosflamencos.com\/pt-pt\/o-que-fazer-sevilha-durante-bienal-flamenco-2026.html#primaryimage"},"thumbnailUrl":"https:\/\/www.tablaosflamencos.com\/wp-content\/uploads\/que-hacer-en-sevilla-durante-la-bienal-de-flamenco-2026-01.webp","keywords":["Bienal 2026","Bienal de Flamenco","o que fazer em Sevilha","que fazer em Sevilha","sevilla"],"articleSection":["Bienal de Flamenco de Sevilha"],"inLanguage":"pt-PT"},{"@type":"WebPage","@id":"https:\/\/www.tablaosflamencos.com\/pt-pt\/o-que-fazer-sevilha-durante-bienal-flamenco-2026.html","url":"https:\/\/www.tablaosflamencos.com\/pt-pt\/o-que-fazer-sevilha-durante-bienal-flamenco-2026.html","name":"O que fazer em Sevilha durante a Bienal de Flamenco 2026","isPartOf":{"@id":"https:\/\/www.tablaosflamencos.com\/pt-pt#website"},"primaryImageOfPage":{"@id":"https:\/\/www.tablaosflamencos.com\/pt-pt\/o-que-fazer-sevilha-durante-bienal-flamenco-2026.html#primaryimage"},"image":{"@id":"https:\/\/www.tablaosflamencos.com\/pt-pt\/o-que-fazer-sevilha-durante-bienal-flamenco-2026.html#primaryimage"},"thumbnailUrl":"https:\/\/www.tablaosflamencos.com\/wp-content\/uploads\/que-hacer-en-sevilla-durante-la-bienal-de-flamenco-2026-01.webp","datePublished":"2026-09-05T10:21:41+00:00","dateModified":"2026-09-05T10:52:33+00:00","description":"O que fazer em Sevilha durante a Bienal de Flamenco 2026: atividades gratuitas, bairros, gastronomia, itiner\u00e1rios e espet\u00e1culos fora do programa oficial.","breadcrumb":{"@id":"https:\/\/www.tablaosflamencos.com\/pt-pt\/o-que-fazer-sevilha-durante-bienal-flamenco-2026.html#breadcrumb"},"inLanguage":"pt-PT","potentialAction":[{"@type":"ReadAction","target":["https:\/\/www.tablaosflamencos.com\/pt-pt\/o-que-fazer-sevilha-durante-bienal-flamenco-2026.html"]}]},{"@type":"ImageObject","inLanguage":"pt-PT","@id":"https:\/\/www.tablaosflamencos.com\/pt-pt\/o-que-fazer-sevilha-durante-bienal-flamenco-2026.html#primaryimage","url":"https:\/\/www.tablaosflamencos.com\/wp-content\/uploads\/que-hacer-en-sevilla-durante-la-bienal-de-flamenco-2026-01.webp","contentUrl":"https:\/\/www.tablaosflamencos.com\/wp-content\/uploads\/que-hacer-en-sevilla-durante-la-bienal-de-flamenco-2026-01.webp","width":1491,"height":1055,"caption":"Qu\u00e9 hacer en Sevilla durante la Bienal de Flamenco 2026"},{"@type":"BreadcrumbList","@id":"https:\/\/www.tablaosflamencos.com\/pt-pt\/o-que-fazer-sevilha-durante-bienal-flamenco-2026.html#breadcrumb","itemListElement":[{"@type":"ListItem","position":1,"name":"Home","item":"https:\/\/www.tablaosflamencos.com\/pt-pt"},{"@type":"ListItem","position":2,"name":"O que fazer em Sevilha durante a Bienal de Flamenco 2026"}]},{"@type":"WebSite","@id":"https:\/\/www.tablaosflamencos.com\/pt-pt#website","url":"https:\/\/www.tablaosflamencos.com\/pt-pt","name":"Tablaos Flamencos","description":"Entradas para tablaos flamencos de Espa\u00f1a","publisher":{"@id":"https:\/\/www.tablaosflamencos.com\/pt-pt#organization"},"alternateName":"Tablaos Flamencos","potentialAction":[{"@type":"SearchAction","target":{"@type":"EntryPoint","urlTemplate":"https:\/\/www.tablaosflamencos.com\/pt-pt?s={search_term_string}"},"query-input":{"@type":"PropertyValueSpecification","valueRequired":true,"valueName":"search_term_string"}}],"inLanguage":"pt-PT"},{"@type":["Organization","Place","EntertainmentBusiness"],"@id":"https:\/\/www.tablaosflamencos.com\/pt-pt#organization","name":"Tablaos Flamencos","alternateName":"Tablaos Flamencos","url":"https:\/\/www.tablaosflamencos.com\/pt-pt","logo":{"@id":"https:\/\/www.tablaosflamencos.com\/pt-pt\/o-que-fazer-sevilha-durante-bienal-flamenco-2026.html#local-main-organization-logo"},"image":{"@id":"https:\/\/www.tablaosflamencos.com\/pt-pt\/o-que-fazer-sevilha-durante-bienal-flamenco-2026.html#local-main-organization-logo"},"sameAs":["https:\/\/www.facebook.com\/tablaosflamencos","https:\/\/x.com\/tablaosflamenco","https:\/\/mastodon.social\/@tablaosflamencos","https:\/\/www.instagram.com\/tablaosflamencos","https:\/\/tiktok.com\/@tablaosflamencos","https:\/\/www.linkedin.com\/company\/109408238\/"],"description":"Venta de entradas para espect\u00e1culos flamencos","legalName":"Tablaos Flamencos","foundingDate":"2015-01-01","numberOfEmployees":{"@type":"QuantitativeValue","minValue":"1","maxValue":"10"},"address":{"@id":"https:\/\/www.tablaosflamencos.com\/pt-pt\/o-que-fazer-sevilha-durante-bienal-flamenco-2026.html#local-main-place-address"},"geo":{"@type":"GeoCoordinates","latitude":"37.3868072","longitude":"-5.993280299999999"},"telephone":["+34623787787"],"contactPoint":{"@type":"ContactPoint","telephone":"+34623787787","email":"info@tablaosflamencos.com"},"openingHoursSpecification":{"@type":"OpeningHoursSpecification","dayOfWeek":["Monday","Tuesday","Wednesday","Thursday","Friday","Saturday","Sunday"],"opens":"00:00","closes":"23:59"},"email":"info@tablaosflamencos.com","priceRange":"$$$","currenciesAccepted":"\u20ac"},{"@type":"Person","@id":"https:\/\/www.tablaosflamencos.com\/pt-pt#\/schema\/person\/e7a9ebe14eb75a52ceabfbffb3c54f5d","name":"Miguel Ortiz","description":"Miguel Ortiz es un empresario flamenco, con una s\u00f3lida trayectoria dentro del sector. Ha presidido entidades culturales vinculadas al flamenco y, cuenta con un amplio recorrido profesional en la gesti\u00f3n y promoci\u00f3n de espect\u00e1culos y tablaos flamencos. Su pasi\u00f3n por la historia y el arte flamenco se refleja en cada art\u00edculo, donde combina experiencia, criterio y un profundo respeto por la tradici\u00f3n.","sameAs":["https:\/\/www.tablaosflamencos.com","https:\/\/www.instagra.com\/miguelortizfe","https:\/\/www.linkedin.com\/in\/miguelortizf\/"],"birthDate":"1984-11-22","gender":"hombre","knowsLanguage":["espa\u00f1ol","ingl\u00e9s"],"jobTitle":"Empresario flamenco"},{"@type":"PostalAddress","@id":"https:\/\/www.tablaosflamencos.com\/pt-pt\/o-que-fazer-sevilha-durante-bienal-flamenco-2026.html#local-main-place-address","streetAddress":"C\/ Alemanes, 19","addressLocality":"Sevilla","postalCode":"41004","addressRegion":"Sevilla","addressCountry":"ES"},{"@type":"ImageObject","inLanguage":"pt-PT","@id":"https:\/\/www.tablaosflamencos.com\/pt-pt\/o-que-fazer-sevilha-durante-bienal-flamenco-2026.html#local-main-organization-logo","url":"https:\/\/www.tablaosflamencos.com\/wp-content\/uploads\/tablaos-flamencos-06-3.webp","contentUrl":"https:\/\/www.tablaosflamencos.com\/wp-content\/uploads\/tablaos-flamencos-06-3.webp","width":600,"height":620,"caption":"Tablaos Flamencos"}]},"geo.placename":"Sevilla","geo.position":{"lat":"37.3868072","long":"-5.993280299999999"},"geo.region":"Espanha"},"_links":{"self":[{"href":"https:\/\/www.tablaosflamencos.com\/pt-pt\/wp-json\/wp\/v2\/posts\/14723","targetHints":{"allow":["GET"]}}],"collection":[{"href":"https:\/\/www.tablaosflamencos.com\/pt-pt\/wp-json\/wp\/v2\/posts"}],"about":[{"href":"https:\/\/www.tablaosflamencos.com\/pt-pt\/wp-json\/wp\/v2\/types\/post"}],"author":[{"embeddable":true,"href":"https:\/\/www.tablaosflamencos.com\/pt-pt\/wp-json\/wp\/v2\/users\/1"}],"replies":[{"embeddable":true,"href":"https:\/\/www.tablaosflamencos.com\/pt-pt\/wp-json\/wp\/v2\/comments?post=14723"}],"version-history":[{"count":2,"href":"https:\/\/www.tablaosflamencos.com\/pt-pt\/wp-json\/wp\/v2\/posts\/14723\/revisions"}],"predecessor-version":[{"id":14735,"href":"https:\/\/www.tablaosflamencos.com\/pt-pt\/wp-json\/wp\/v2\/posts\/14723\/revisions\/14735"}],"wp:featuredmedia":[{"embeddable":true,"href":"https:\/\/www.tablaosflamencos.com\/pt-pt\/wp-json\/wp\/v2\/media\/14704"}],"wp:attachment":[{"href":"https:\/\/www.tablaosflamencos.com\/pt-pt\/wp-json\/wp\/v2\/media?parent=14723"}],"wp:term":[{"taxonomy":"category","embeddable":true,"href":"https:\/\/www.tablaosflamencos.com\/pt-pt\/wp-json\/wp\/v2\/categories?post=14723"},{"taxonomy":"post_tag","embeddable":true,"href":"https:\/\/www.tablaosflamencos.com\/pt-pt\/wp-json\/wp\/v2\/tags?post=14723"}],"curies":[{"name":"wp","href":"https:\/\/api.w.org\/{rel}","templated":true}]}}