{"id":14678,"date":"2026-09-05T11:17:33","date_gmt":"2026-09-05T09:17:33","guid":{"rendered":"https:\/\/www.tablaosflamencos.com\/?p=14678"},"modified":"2026-09-05T12:38:48","modified_gmt":"2026-09-05T10:38:48","slug":"atividades-paralelas-bienal-flamenco-sevilha-2026","status":"publish","type":"post","link":"https:\/\/www.tablaosflamencos.com\/pt-pt\/atividades-paralelas-bienal-flamenco-sevilha-2026.html","title":{"rendered":"Atividades paralelas da Bienal 2026: exposi\u00e7\u00f5es, cinema, flamenco na rua e muito mais"},"content":{"rendered":"<section class=\"l-section wpb_row height_huge\"><div class=\"l-section-h i-cf\"><div class=\"g-cols vc_row via_flex valign_top type_default stacking_default\"><div class=\"vc_col-sm-6 wpb_column vc_column_container\"><div class=\"vc_column-inner\"><div class=\"wpb_wrapper\"><div class=\"wpb_text_column\"><div class=\"wpb_wrapper\"><h2>Atividades paralelas da Bienal 2026: muito mais do que os espet\u00e1culos<\/h2>\n<p>A XXIV Bienal de Flamenco de Sevilha realiza-se de <strong>9 de setembro a 3 de outubro de 2026<\/strong>, mas a sua atividade cultural ultrapassa estas datas e os palcos principais. Sob o nome <strong>\u201cOtras perlas\u201d (Outras p\u00e9rolas)<\/strong>, a Bienal re\u00fane exposi\u00e7\u00f5es, cinema, flamenco na rua, propostas para fam\u00edlias, interven\u00e7\u00f5es urbanas e atividades organizadas em conjunto com institui\u00e7\u00f5es culturais de Sevilha.<\/p>\n<p>Isto significa que pode viver a Bienal mesmo sem entrar todos os dias num teatro. Algumas atividades s\u00e3o gratuitas, outras complementam o programa principal e v\u00e1rias come\u00e7am antes da inaugura\u00e7\u00e3o oficial ou continuam depois de o festival terminar.<\/p>\n<p>Neste guia reunimos as atividades paralelas mais relevantes de 2026 e explicamos <strong>o que vale a pena ver, quando se realiza e como integrar estas propostas numa visita a Sevilha<\/strong>.<\/p>\n<\/div><\/div><\/div><\/div><\/div><div class=\"vc_col-sm-6 wpb_column vc_column_container\"><div class=\"vc_column-inner\"><div class=\"wpb_wrapper\"><div class=\"wpb_text_column\"><div class=\"wpb_wrapper\"><h2>O que inclui \u201cOtras perlas\u201d em 2026<\/h2>\n<p>O programa paralelo n\u00e3o \u00e9 um complemento menor. A Bienal utiliza-o para abrir o flamenco a outras linguagens e outros p\u00fablicos: patrim\u00f3nio, fotografia, cinema documental, atividades familiares, espa\u00e7os urbanos e programa\u00e7\u00e3o associada de universidades, funda\u00e7\u00f5es e entidades culturais.<\/p>\n<p>Entre os grandes eixos de 2026 encontram-se <strong>La noche azul<\/strong>, o ciclo <strong>Flamenco a pie de calle<\/strong>, o preg\u00e3o cantado <strong>Ecos Primitivos<\/strong>, a oficina familiar <strong>Tirititr\u00e1n<\/strong>, a interven\u00e7\u00e3o urbana <strong>Sala de revelado<\/strong> e o programa associado <strong>Sevilla se deja ver<\/strong>.<\/p>\n<p>A consequ\u00eancia pr\u00e1tica \u00e9 importante: se passar v\u00e1rios dias em Sevilha, pode combinar um espet\u00e1culo oficial \u00e0 noite com exposi\u00e7\u00f5es, cinema ou atividades gratuitas durante o dia.<\/p>\n<\/div><\/div><\/div><\/div><\/div><\/div><\/div><\/section><section class=\"l-section wpb_row height_huge color_alternate with_shape\"><div class=\"l-section-shape type_zigzag pos_top hor_flip\" style=\"height:3vmin;\"><svg xmlns=\"http:\/\/www.w3.org\/2000\/svg\" viewBox=\"0 0 64 8\" preserveAspectRatio=\"none\" width=\"100%\" height=\"100%\">\r\n\t<path fill=\"currentColor\" d=\"M64 8 L0 8 L0 0 L20 7.9 L40 3 L48 5 L64 0 Z\"\/>\r\n<\/svg><\/div><div class=\"l-section-shape type_zigzag pos_bottom\" style=\"height:3vmin;\"><svg xmlns=\"http:\/\/www.w3.org\/2000\/svg\" viewBox=\"0 0 64 8\" preserveAspectRatio=\"none\" width=\"100%\" height=\"100%\">\r\n\t<path fill=\"currentColor\" d=\"M64 8 L0 8 L0 0 L20 7.9 L40 3 L48 5 L64 0 Z\"\/>\r\n<\/svg><\/div><div class=\"l-section-h i-cf\"><div class=\"g-cols vc_row via_flex valign_top type_default stacking_default\"><div class=\"vc_col-sm-12 wpb_column vc_column_container\"><div class=\"vc_column-inner\"><div class=\"wpb_wrapper\"><div class=\"wpb_text_column\"><div class=\"wpb_wrapper\"><blockquote>\n<p><strong>Resposta r\u00e1pida:<\/strong> as atividades paralelas da Bienal 2026 re\u00fanem-se no programa <strong>\u201cOtras perlas\u201d<\/strong> e incluem a exposi\u00e7\u00e3o gratuita <em>La noche azul<\/em>, atua\u00e7\u00f5es de <em>Flamenco a pie de calle<\/em>, o preg\u00e3o cantado <em>Ecos Primitivos<\/em>, oficinas familiares com <em>Tirititr\u00e1n<\/em>, interven\u00e7\u00f5es urbanas como <em>Sala de revelado<\/em> e o programa cultural associado <em>Sevilla se deja ver<\/em>, com cinema, exposi\u00e7\u00f5es, confer\u00eancias e outras propostas.<\/p>\n<\/blockquote>\n<p><strong>\u00daltima atualiza\u00e7\u00e3o: 5 de setembro de 2026.<\/strong><\/p>\n<p>Se procura especificamente programas sem custos, consulte tamb\u00e9m o nosso guia <a href=\"https:\/\/www.tablaosflamencos.com\/pt-pt\/bienal-flamenco-sevilha-2026-gratis.html\"><strong>Bienal de Flamenco de Sevilha 2026 gr\u00e1tis<\/strong><\/a>. Para organizar a visita ao festival completo, tem o nosso <a href=\"https:\/\/www.tablaosflamencos.com\/pt-pt\/bienal-flamenco-sevilha-2026.html\"><strong>guia geral da Bienal 2026<\/strong><\/a>.<\/p>\n<\/div><\/div><div class=\"w-separator size_medium\"><\/div><div class=\"w-hwrapper valign_top wrap align_center\" style=\"--hwrapper-gap:1.2rem\"><div class=\"w-btn-wrapper align_none\"><a class=\"w-btn us-btn-style_1\" href=\"https:\/\/www.tablaosflamencos.com\/pt-pt\/bienal-flamenco-sevilha-2026.html\"><span class=\"w-btn-label\">Ver o guia completo da Bienal<\/span><\/a><\/div><div class=\"w-btn-wrapper align_none\"><a class=\"w-btn us-btn-style_11\" href=\"https:\/\/www.tablaosflamencos.com\/pt-pt\/bienal-flamenco-sevilha-2026-gratis.html\"><span class=\"w-btn-label\">Ver atividades gratuitas<\/span><\/a><\/div><\/div><\/div><\/div><\/div><\/div><\/div><\/section><section class=\"l-section wpb_row height_huge\"><div class=\"l-section-h i-cf\"><div class=\"g-cols vc_row via_flex valign_top type_default stacking_default\"><div class=\"vc_col-sm-3 wpb_column vc_column_container\"><div class=\"vc_column-inner\"><div class=\"wpb_wrapper\"><\/div><\/div><\/div><div class=\"vc_col-sm-6 wpb_column vc_column_container\"><div class=\"vc_column-inner\"><div class=\"wpb_wrapper\"><div class=\"wpb_text_column\"><div class=\"wpb_wrapper\"><h2>Conte\u00fado deste guia<\/h2>\n<ul>\n<li><a href=\"#resumen\">Calend\u00e1rio resumido das atividades paralelas<\/a><\/li>\n<li><a href=\"#noche-azul\">La noche azul<\/a><\/li>\n<li><a href=\"#calle\">Flamenco a pie de calle<\/a><\/li>\n<li><a href=\"#revelado\">Sala de revelado<\/a><\/li>\n<li><a href=\"#pregon\">Preg\u00e3o cantado Ecos Primitivos<\/a><\/li>\n<li><a href=\"#familias\">Tirititr\u00e1n: flamenco em fam\u00edlia<\/a><\/li>\n<li><a href=\"#sevilla-se-deja-ver\">Sevilla se deja ver: cinema e cultura<\/a><\/li>\n<li><a href=\"#organizar\">Como organizar as atividades<\/a><\/li>\n<li><a href=\"#faq\">Perguntas frequentes<\/a><\/li>\n<\/ul>\n<\/div><\/div><\/div><\/div><\/div><div class=\"vc_col-sm-3 wpb_column vc_column_container\"><div class=\"vc_column-inner\"><div class=\"wpb_wrapper\"><\/div><\/div><\/div><\/div><\/div><\/section><section class=\"l-section wpb_row height_huge\"><div class=\"l-section-h i-cf\"><div class=\"g-cols vc_row via_flex valign_top type_default stacking_default\"><div class=\"vc_col-sm-12 wpb_column vc_column_container\"><div class=\"vc_column-inner\"><div class=\"wpb_wrapper\"><div class=\"wpb_text_column\"><div class=\"wpb_wrapper\"><h2 id=\"resumen\">Calend\u00e1rio resumido: que atividades paralelas h\u00e1 na Bienal 2026<\/h2>\n<div style=\"overflow-x: auto;\">\n<table>\n<thead>\n<tr>\n<th>Atividade<\/th>\n<th>Data<\/th>\n<th>Local \/ \u00e2mbito<\/th>\n<th>O que oferece<\/th>\n<\/tr>\n<\/thead>\n<tbody>\n<tr>\n<td><strong>La noche azul<\/strong><\/td>\n<td>2 de setembro\u201322 de novembro<\/td>\n<td>Real F\u00e1brica de Artiller\u00eda<\/td>\n<td>Grande exposi\u00e7\u00e3o sobre a \u00d3pera Flamenca; entrada gratuita<\/td>\n<\/tr>\n<tr>\n<td><strong>Flamenco a pie de calle<\/strong><\/td>\n<td>A partir de 3 de setembro<\/td>\n<td>Diferentes bairros e espa\u00e7os<\/td>\n<td>Atua\u00e7\u00f5es abertas ao p\u00fablico e flamenco fora dos teatros<\/td>\n<\/tr>\n<tr>\n<td><strong>Sala de revelado<\/strong><\/td>\n<td>A partir de 3 de setembro<\/td>\n<td>Percurso urbano por Sevilha<\/td>\n<td>Fotografia e som sobre o processo criativo dos artistas da Bienal<\/td>\n<\/tr>\n<tr>\n<td><strong>Ecos Primitivos<\/strong><\/td>\n<td>9 de setembro, 20h30<\/td>\n<td>Plaza de San Francisco<\/td>\n<td>Preg\u00e3o cantado e imersivo com canto e dan\u00e7a<\/td>\n<\/tr>\n<tr>\n<td><strong>Tirititr\u00e1n<\/strong><\/td>\n<td>11\u201313 de setembro<\/td>\n<td>CaixaForum Sevilla<\/td>\n<td>Atividade familiar para descobrir o compasso flamenco<\/td>\n<\/tr>\n<tr>\n<td><strong>Flamencas<\/strong><\/td>\n<td>8, 15, 22 e 29 de setembro<\/td>\n<td>Fundaci\u00f3n Tres Culturas<\/td>\n<td>Ciclo cinematogr\u00e1fico dedicado \u00e0s mulheres do flamenco<\/td>\n<\/tr>\n<tr>\n<td><strong>Sevilla se deja ver<\/strong><\/td>\n<td>Durante a Bienal<\/td>\n<td>Diversas institui\u00e7\u00f5es<\/td>\n<td>Cinema, exposi\u00e7\u00f5es, confer\u00eancias e atividades culturais associadas<\/td>\n<\/tr>\n<\/tbody>\n<\/table>\n<\/div>\n<p>As datas e os hor\u00e1rios podem ser alargados ou atualizados durante o festival. Para propostas gratuitas de \u00faltima hora, conv\u00e9m consultar tamb\u00e9m os canais oficiais da Bienal e de cada institui\u00e7\u00e3o participante.<\/p>\n<\/div><\/div><\/div><\/div><\/div><\/div><\/div><\/section><section class=\"l-section wpb_row height_huge color_alternate with_shape\"><div class=\"l-section-shape type_zigzag pos_top\" style=\"height:3vmin;\"><svg xmlns=\"http:\/\/www.w3.org\/2000\/svg\" viewBox=\"0 0 64 8\" preserveAspectRatio=\"none\" width=\"100%\" height=\"100%\">\r\n\t<path fill=\"currentColor\" d=\"M64 8 L0 8 L0 0 L20 7.9 L40 3 L48 5 L64 0 Z\"\/>\r\n<\/svg><\/div><div class=\"l-section-shape type_zigzag pos_bottom\" style=\"height:3vmin;\"><svg xmlns=\"http:\/\/www.w3.org\/2000\/svg\" viewBox=\"0 0 64 8\" preserveAspectRatio=\"none\" width=\"100%\" height=\"100%\">\r\n\t<path fill=\"currentColor\" d=\"M64 8 L0 8 L0 0 L20 7.9 L40 3 L48 5 L64 0 Z\"\/>\r\n<\/svg><\/div><div class=\"l-section-h i-cf\"><div class=\"g-cols vc_row via_flex valign_top type_default stacking_default\"><div class=\"vc_col-sm-6 wpb_column vc_column_container\"><div class=\"vc_column-inner\"><div class=\"wpb_wrapper\"><div class=\"wpb_text_column\"><div class=\"wpb_wrapper\"><h2 id=\"noche-azul\">La noche azul: a grande exposi\u00e7\u00e3o da Bienal 2026<\/h2>\n<p>A atividade paralela mais ambiciosa desta edi\u00e7\u00e3o \u00e9 <strong>\u201cLa noche azul. \u00d3pera Flamenca en la colecci\u00f3n de Carlos Mart\u00edn Ballester\u201d<\/strong>. Pode ser visitada de <strong>2 de setembro a 22 de novembro<\/strong> na Nave de Grabados da Real F\u00e1brica de Artiller\u00eda, pelo que permanece aberta bastante depois do final da Bienal.<\/p>\n<p>A exposi\u00e7\u00e3o, com curadoria de Carlos Mart\u00edn Ballester e Zaida Hern\u00e1ndez-\u00darculo, re\u00fane <strong>328 pe\u00e7as<\/strong> relacionadas com o fen\u00f3meno da \u00d3pera Flamenca: cartazes, discos de goma-laca, gramofones, fotografias e documenta\u00e7\u00e3o. O percurso ajuda a compreender como, entre as d\u00e9cadas de 1920 e 1950, o flamenco se tornou um espet\u00e1culo de massas ligado aos teatros, \u00e0s pra\u00e7as de touros, \u00e0 r\u00e1dio e \u00e0 ind\u00fastria discogr\u00e1fica.<\/p>\n<p>A entrada \u00e9 <strong>gratuita at\u00e9 \u00e0 lota\u00e7\u00e3o do espa\u00e7o<\/strong>. Para aprofundar a visita, prepar\u00e1mos um guia espec\u00edfico sobre <a href=\"https:\/\/www.tablaosflamencos.com\/pt-pt\/a-noite-azul-opera-flamenca-bienal-sevilha-2026.html\"><strong>La noche azul e a \u00e9poca da \u00d3pera Flamenca<\/strong><\/a>.<\/p>\n<\/div><\/div><\/div><\/div><\/div><div class=\"vc_col-sm-6 wpb_column vc_column_container\"><div class=\"vc_column-inner\"><div class=\"wpb_wrapper\"><div class=\"wpb_text_column\"><div class=\"wpb_wrapper\"><h2>Porque vale a pena visit\u00e1-la mesmo que v\u00e1 a v\u00e1rios espet\u00e1culos<\/h2>\n<p>A exposi\u00e7\u00e3o oferece algo que um espet\u00e1culo da Bienal n\u00e3o pode proporcionar por si s\u00f3: <strong>contexto hist\u00f3rico<\/strong>. Ver um espet\u00e1culo contempor\u00e2neo depois de observar cartazes, grava\u00e7\u00f5es e fotografias de h\u00e1 um s\u00e9culo permite compreender melhor quanto mudou o flamenco e que elementos continuam vivos.<\/p>\n<p>\u00c9 tamb\u00e9m uma op\u00e7\u00e3o especialmente \u00fatil para as horas centrais do dia. Pode visitar a Real F\u00e1brica de Artiller\u00eda e reservar a noite para um espet\u00e1culo oficial, um tablao ou uma atividade na rua.<\/p>\n<p>Al\u00e9m disso, o seu calend\u00e1rio at\u00e9 novembro torna-a uma das poucas \u201cOtras perlas\u201d de que tamb\u00e9m pode desfrutar quem chega a Sevilha <strong>depois de 3 de outubro<\/strong>. Nesse caso, consulte o nosso guia sobre <a href=\"https:\/\/www.tablaosflamencos.com\/pt-pt\/flamenco-apos-bienal-onde-ver-sevilha.html\"><strong>onde continuar a ver flamenco em Sevilha depois da Bienal<\/strong><\/a>.<\/p>\n<\/div><\/div><\/div><\/div><\/div><\/div><\/div><\/section><section class=\"l-section wpb_row height_huge\"><div class=\"l-section-h i-cf\"><div class=\"g-cols vc_row via_flex valign_top type_default stacking_default\"><div class=\"vc_col-sm-6 wpb_column vc_column_container\"><div class=\"vc_column-inner\"><div class=\"wpb_wrapper\"><div class=\"wpb_text_column\"><div class=\"wpb_wrapper\"><h2 id=\"calle\">Flamenco a pie de calle: a Bienal sai dos teatros<\/h2>\n<p>Um dos objetivos mais claros de 2026 \u00e9 levar o flamenco aos bairros e aos espa\u00e7os do quotidiano. O ciclo <strong>Flamenco a pie de calle<\/strong> come\u00e7ou antes mesmo da inaugura\u00e7\u00e3o oficial.<\/p>\n<p>No dia <strong>3 de setembro<\/strong>, o Pol\u00edgono Sur recebeu <em>La noche de las gitanas<\/em>, uma proposta coletiva ligada \u00e0 mem\u00f3ria e \u00e0 cultura flamenca das mulheres ciganas. No dia <strong>4 de setembro<\/strong>, os irm\u00e3os Diego e Hugo Aguilar apresentaram <em>Cuesti\u00f3n de tiempo<\/em> no Monasterio de San Jer\u00f3nimo, uma pe\u00e7a de dan\u00e7a sobre mem\u00f3ria, identidade e heran\u00e7a familiar.<\/p>\n<p>No dia <strong>5 de setembro<\/strong>, a Plaza Virgen del Pilar da Barzola acolhe o II Festival Macarena Flamenca, dedicado a Jos\u00e9 el de la Tomasa. Estas propostas mostram que a Bienal 2026 n\u00e3o come\u00e7a culturalmente no dia 9: a atividade espalha-se pela cidade desde o in\u00edcio de setembro.<\/p>\n<\/div><\/div><\/div><\/div><\/div><div class=\"vc_col-sm-6 wpb_column vc_column_container\"><div class=\"vc_column-inner\"><div class=\"wpb_wrapper\"><div class=\"wpb_text_column\"><div class=\"wpb_wrapper\"><h2>Uma Bienal mais distribu\u00edda por Sevilha<\/h2>\n<p>O interesse de <em>Flamenco a pie de calle<\/em> n\u00e3o se limita ao facto de muitas das propostas serem abertas ao p\u00fablico. O ciclo tamb\u00e9m muda o mapa mental do visitante: o flamenco n\u00e3o fica limitado ao centro monumental nem \u00e0s grandes salas.<\/p>\n<p>Pol\u00edgono Sur, San Jer\u00f3nimo, Macarena e outros espa\u00e7os permitem conhecer bairros com identidades diferentes. Para quem visita Sevilha durante v\u00e1rios dias, estas atividades s\u00e3o uma boa oportunidade para <strong>sair do circuito tur\u00edstico habitual<\/strong> e perceber que a cultura flamenca da cidade n\u00e3o pertence a um \u00fanico bairro.<\/p>\n<p>Se a sua prioridade \u00e9 encontrar todas as op\u00e7\u00f5es sem custos, consulte o nosso artigo sobre <a href=\"https:\/\/www.tablaosflamencos.com\/pt-pt\/bienal-flamenco-sevilha-2026-gratis.html\"><strong>espet\u00e1culos e atividades gratuitas da Bienal 2026<\/strong><\/a>, que atualizamos com as propostas confirmadas.<\/p>\n<\/div><\/div><\/div><\/div><\/div><\/div><\/div><\/section><section class=\"l-section wpb_row height_huge color_alternate with_shape\"><div class=\"l-section-shape type_zigzag pos_top hor_flip\" style=\"height:3vmin;\"><svg xmlns=\"http:\/\/www.w3.org\/2000\/svg\" viewBox=\"0 0 64 8\" preserveAspectRatio=\"none\" width=\"100%\" height=\"100%\">\r\n\t<path fill=\"currentColor\" d=\"M64 8 L0 8 L0 0 L20 7.9 L40 3 L48 5 L64 0 Z\"\/>\r\n<\/svg><\/div><div class=\"l-section-shape type_zigzag pos_bottom\" style=\"height:3vmin;\"><svg xmlns=\"http:\/\/www.w3.org\/2000\/svg\" viewBox=\"0 0 64 8\" preserveAspectRatio=\"none\" width=\"100%\" height=\"100%\">\r\n\t<path fill=\"currentColor\" d=\"M64 8 L0 8 L0 0 L20 7.9 L40 3 L48 5 L64 0 Z\"\/>\r\n<\/svg><\/div><div class=\"l-section-h i-cf\"><div class=\"g-cols vc_row via_flex valign_top type_default stacking_default\"><div class=\"vc_col-sm-6 wpb_column vc_column_container\"><div class=\"vc_column-inner\"><div class=\"wpb_wrapper\"><div class=\"wpb_text_column\"><div class=\"wpb_wrapper\"><h2 id=\"revelado\">Sala de revelado: \u201cO invis\u00edvel tamb\u00e9m \u00e9 flamenco\u201d<\/h2>\n<p>Em setembro, a Bienal acrescentou uma interven\u00e7\u00e3o urbana particularmente interessante: <strong>\u201cSala de revelado\u201d<\/strong>. O projeto come\u00e7ou no dia 3 de setembro, na calle San Jacinto, em Triana, e foi concebido como um percurso por diferentes pontos da cidade, desde Triana at\u00e9 Nervi\u00f3n, passando pela calle Feria.<\/p>\n<p>Atrav\u00e9s da fotografia e do som, a proposta mostra <strong>o que acontece antes de o pano subir<\/strong>: ensaios, investiga\u00e7\u00e3o, repeti\u00e7\u00e3o, procura e constru\u00e7\u00e3o dos espet\u00e1culos.<\/p>\n<p>A fot\u00f3grafa oficial da Bienal, Laura Le\u00f3n, documentou processos criativos de artistas como Manuel Li\u00f1\u00e1n, Ana Morales, Andr\u00e9s Mar\u00edn, David Coria, Patricia Guerrero, o Ballet Flamenco de Andaluc\u00eda e Rosario La Tremendita. \u00c9 uma forma diferente de conhecer a Bienal sem entrar numa sala.<\/p>\n<\/div><\/div><\/div><\/div><\/div><div class=\"vc_col-sm-6 wpb_column vc_column_container\"><div class=\"vc_column-inner\"><div class=\"wpb_wrapper\"><div class=\"wpb_text_column\"><div class=\"wpb_wrapper\"><h2>Flamenco na rua sem precisar de encontrar um palco<\/h2>\n<p>Esta iniciativa \u00e9 diferente de <em>Flamenco a pie de calle<\/em>. Aqui, o objetivo n\u00e3o \u00e9 necessariamente assistir a uma atua\u00e7\u00e3o completa, mas <strong>encontrar o processo criativo no espa\u00e7o urbano<\/strong>.<\/p>\n<p>Isto torna-a uma atividade especialmente flex\u00edvel para o visitante: pode surgir durante um passeio por bairros que j\u00e1 fazem parte do seu itiner\u00e1rio. A Bienal procura precisamente que o flamenco chegue tamb\u00e9m a quem n\u00e3o estava \u00e0 procura de uma atividade programada.<\/p>\n<p>A ideia enquadra-se numa edi\u00e7\u00e3o que pretende revelar a parte menos vis\u00edvel da cria\u00e7\u00e3o. Depois, quando v\u00ea os mesmos artistas num palco, torna-se mais f\u00e1cil reconhecer todo o trabalho que existe por tr\u00e1s de uma produ\u00e7\u00e3o.<\/p>\n<\/div><\/div><\/div><\/div><\/div><\/div><\/div><\/section><section class=\"l-section wpb_row height_huge\"><div class=\"l-section-h i-cf\"><div class=\"g-cols vc_row via_flex valign_top type_default stacking_default\"><div class=\"vc_col-sm-6 wpb_column vc_column_container\"><div class=\"vc_column-inner\"><div class=\"wpb_wrapper\"><div class=\"wpb_text_column\"><div class=\"wpb_wrapper\"><h2 id=\"pregon\">Ecos Primitivos: um preg\u00e3o cantado em plena Plaza de San Francisco<\/h2>\n<p>A abertura de <strong>9 de setembro<\/strong> ter\u00e1 uma das atividades mais singulares de todo o programa paralelo. \u00c0s <strong>20h30<\/strong>, a Plaza de San Francisco acolhe <strong>\u201cEcos Primitivos. Cante en Altura \u00b7 Danza en Tierra\u201d<\/strong>, concebido como preg\u00e3o cantado da Bienal e coorganizado com a Fundaci\u00f3n Cajasol.<\/p>\n<p>A dire\u00e7\u00e3o art\u00edstica \u00e9 de <strong>Segundo Falc\u00f3n<\/strong>. As vozes de Segundo Falc\u00f3n, Esperanza Fern\u00e1ndez, Pedro El Grana\u00edno, Rafael de Utrera e Mar\u00eda Terremoto distribuem-se pelas varandas da pra\u00e7a, enquanto <strong>Ana Morales<\/strong> ocupa o espa\u00e7o central com a dan\u00e7a.<\/p>\n<p>A arquitetura urbana torna-se assim parte da dramaturgia: p\u00fablico em redor, vozes vindas do alto e dan\u00e7a ao n\u00edvel da rua. \u00c9 uma inaugura\u00e7\u00e3o pensada para ser vivida como um ato coletivo e n\u00e3o como um espet\u00e1culo frontal convencional.<\/p>\n<\/div><\/div><\/div><\/div><\/div><div class=\"vc_col-sm-6 wpb_column vc_column_container\"><div class=\"vc_column-inner\"><div class=\"wpb_wrapper\"><div class=\"wpb_text_column\"><div class=\"wpb_wrapper\"><h2>Como integrar o preg\u00e3o na primeira noite da Bienal<\/h2>\n<p>A localiza\u00e7\u00e3o na Plaza de San Francisco facilita combinar o preg\u00e3o com outros programas no centro. A catedral, a Plaza Nueva, a Avenida de la Constituci\u00f3n e a zona da c\u00e2mara municipal ficam a poucos minutos a p\u00e9.<\/p>\n<p>Se est\u00e1 a organizar especificamente os primeiros dias, pode consultar tamb\u00e9m o nosso artigo sobre <a href=\"https:\/\/www.tablaosflamencos.com\/pt-pt\/inauguracao-bienal-flamenco-sevilha-2026.html\"><strong>como ser\u00e1 a inaugura\u00e7\u00e3o da Bienal de Flamenco 2026<\/strong><\/a> e o artigo <a href=\"https:\/\/www.tablaosflamencos.com\/pt-pt\/bienal-flamenco-sevilha-2026-antes-9-setembro.html\"><strong>A Bienal come\u00e7a antes de 9 de setembro<\/strong><\/a>, onde reunimos os eventos anteriores.<\/p>\n<p>A recomenda\u00e7\u00e3o pr\u00e1tica \u00e9 chegar com anteced\u00eancia. Como se trata de uma proposta num espa\u00e7o p\u00fablico, a experi\u00eancia depende bastante da posi\u00e7\u00e3o a partir da qual consegue ouvir e observar a rela\u00e7\u00e3o entre as varandas, a pra\u00e7a e a dan\u00e7a.<\/p>\n<\/div><\/div><\/div><\/div><\/div><\/div><\/div><\/section><section class=\"l-section wpb_row height_huge color_alternate with_shape\"><div class=\"l-section-shape type_zigzag pos_top hor_flip\" style=\"height:3vmin;\"><svg xmlns=\"http:\/\/www.w3.org\/2000\/svg\" viewBox=\"0 0 64 8\" preserveAspectRatio=\"none\" width=\"100%\" height=\"100%\">\r\n\t<path fill=\"currentColor\" d=\"M64 8 L0 8 L0 0 L20 7.9 L40 3 L48 5 L64 0 Z\"\/>\r\n<\/svg><\/div><div class=\"l-section-shape type_zigzag pos_bottom\" style=\"height:3vmin;\"><svg xmlns=\"http:\/\/www.w3.org\/2000\/svg\" viewBox=\"0 0 64 8\" preserveAspectRatio=\"none\" width=\"100%\" height=\"100%\">\r\n\t<path fill=\"currentColor\" d=\"M64 8 L0 8 L0 0 L20 7.9 L40 3 L48 5 L64 0 Z\"\/>\r\n<\/svg><\/div><div class=\"l-section-h i-cf\"><div class=\"g-cols vc_row via_flex valign_top type_default stacking_default\"><div class=\"vc_col-sm-6 wpb_column vc_column_container\"><div class=\"vc_column-inner\"><div class=\"wpb_wrapper\"><div class=\"wpb_text_column\"><div class=\"wpb_wrapper\"><h2 id=\"familias\">Tirititr\u00e1n: viver o compasso flamenco em fam\u00edlia<\/h2>\n<p>A Bienal 2026 inclui tamb\u00e9m uma proposta pensada especificamente para fam\u00edlias. <strong>\u201cVenha viver o ritmo flamenco em fam\u00edlia com Tirititr\u00e1n\u201d<\/strong> realiza-se no CaixaForum Sevilla nos dias <strong>11, 12 e 13 de setembro<\/strong>, com diferentes sess\u00f5es e hor\u00e1rios.<\/p>\n<p>A oficina, dirigida por <strong>Ra\u00fal Mart\u00ednez<\/strong>, utiliza as alegr\u00edas para aproximar crian\u00e7as e adultos do compasso de doze tempos atrav\u00e9s de percuss\u00e3o corporal, jogos r\u00edtmicos e participa\u00e7\u00e3o direta.<\/p>\n<p>A proposta \u00e9 gratuita e permite experimentar o flamenco por dentro: n\u00e3o apenas ver ou ouvir, mas <strong>sentir o ritmo e participar<\/strong>. Para as fam\u00edlias que viajam para Sevilha durante a Bienal, pode ser uma das atividades paralelas mais acess\u00edveis e diferentes.<\/p>\n<\/div><\/div><\/div><\/div><\/div><div class=\"vc_col-sm-6 wpb_column vc_column_container\"><div class=\"vc_column-inner\"><div class=\"wpb_wrapper\"><div class=\"wpb_text_column\"><div class=\"wpb_wrapper\"><h2>A Bienal tamb\u00e9m pode ser um programa com crian\u00e7as<\/h2>\n<p>Um festival desta dimens\u00e3o n\u00e3o tem de ser exclusivamente noturno ou destinado a adultos. A oficina do CaixaForum permite descobrir o flamenco atrav\u00e9s do jogo e do ritmo, sem exigir conhecimentos pr\u00e9vios.<\/p>\n<p>Se viaja em fam\u00edlia, conv\u00e9m consultar diariamente a agenda oficial, porque as condi\u00e7\u00f5es de acesso, as sess\u00f5es e a lota\u00e7\u00e3o podem variar conforme a atividade. No caso dos espet\u00e1culos em teatros e tablaos, consulte tamb\u00e9m as condi\u00e7\u00f5es espec\u00edficas antes de reservar.<\/p>\n<p>A combina\u00e7\u00e3o pode funcionar muito bem: oficina familiar durante o dia, passeio por Sevilha e um espet\u00e1culo adequado ao grupo \u00e0 tarde ou \u00e0 noite.<\/p>\n<\/div><\/div><\/div><\/div><\/div><\/div><\/div><\/section><section class=\"l-section wpb_row height_huge\"><div class=\"l-section-h i-cf\"><div class=\"g-cols vc_row via_flex valign_top type_default stacking_default\"><div class=\"vc_col-sm-6 wpb_column vc_column_container\"><div class=\"vc_column-inner\"><div class=\"wpb_wrapper\"><div class=\"wpb_text_column\"><div class=\"wpb_wrapper\"><h2 id=\"sevilla-se-deja-ver\">\u201cSevilla se deja ver\u201d: cinema, exposi\u00e7\u00f5es e atividades de institui\u00e7\u00f5es culturais<\/h2>\n<p>Al\u00e9m das atividades produzidas diretamente pela Bienal, existe um programa associado denominado <strong>\u201cSevilla se deja ver\u201d<\/strong>. Universidades, funda\u00e7\u00f5es e entidades culturais da cidade alargam o festival com exposi\u00e7\u00f5es, proje\u00e7\u00f5es, confer\u00eancias e encontros.<\/p>\n<p>Um dos eixos mais claros \u00e9 o cinema. A <strong>Fundaci\u00f3n Tres Culturas del Mediterr\u00e1neo<\/strong> organiza o ciclo <strong>\u201cFlamencas\u201d<\/strong> nos dias <strong>8, 15, 22 e 29 de setembro<\/strong>, com document\u00e1rios dedicados a mulheres que contribu\u00edram para a cria\u00e7\u00e3o, a preserva\u00e7\u00e3o e a proje\u00e7\u00e3o internacional do flamenco.<\/p>\n<p>Este tipo de programa\u00e7\u00e3o permite conhecer a arte jondo atrav\u00e9s da mem\u00f3ria, da reflex\u00e3o e do audiovisual, uma perspetiva especialmente interessante para quem pretende ir al\u00e9m do espet\u00e1culo em palco.<\/p>\n<\/div><\/div><\/div><\/div><\/div><div class=\"vc_col-sm-6 wpb_column vc_column_container\"><div class=\"vc_column-inner\"><div class=\"wpb_wrapper\"><div class=\"wpb_text_column\"><div class=\"wpb_wrapper\"><h2>Porque conv\u00e9m consultar tamb\u00e9m a agenda das institui\u00e7\u00f5es<\/h2>\n<p>A programa\u00e7\u00e3o associada \u00e9 a parte mais dispersa da Bienal. Nem tudo acontece nos espa\u00e7os teatrais habituais ou segue a mesma l\u00f3gica da venda de bilhetes para os espet\u00e1culos principais.<\/p>\n<p>Por isso, se ficar v\u00e1rios dias, vale a pena consultar as agendas das institui\u00e7\u00f5es participantes, al\u00e9m do site da Bienal. Pode encontrar uma confer\u00eancia, uma proje\u00e7\u00e3o ou uma exposi\u00e7\u00e3o que encaixe precisamente entre dois espet\u00e1culos.<\/p>\n<p>Este programa tamb\u00e9m transforma a cidade numa esp\u00e9cie de <strong>festival alargado<\/strong>: o visitante pode come\u00e7ar o dia com patrim\u00f3nio ou cinema e termin\u00e1-lo com canto, dan\u00e7a ou guitarra ao vivo.<\/p>\n<\/div><\/div><\/div><\/div><\/div><\/div><\/div><\/section><section class=\"l-section wpb_row height_huge color_alternate with_shape\"><div class=\"l-section-shape type_zigzag pos_top\" style=\"height:3vmin;\"><svg xmlns=\"http:\/\/www.w3.org\/2000\/svg\" viewBox=\"0 0 64 8\" preserveAspectRatio=\"none\" width=\"100%\" height=\"100%\">\r\n\t<path fill=\"currentColor\" d=\"M64 8 L0 8 L0 0 L20 7.9 L40 3 L48 5 L64 0 Z\"\/>\r\n<\/svg><\/div><div class=\"l-section-shape type_zigzag pos_bottom\" style=\"height:3vmin;\"><svg xmlns=\"http:\/\/www.w3.org\/2000\/svg\" viewBox=\"0 0 64 8\" preserveAspectRatio=\"none\" width=\"100%\" height=\"100%\">\r\n\t<path fill=\"currentColor\" d=\"M64 8 L0 8 L0 0 L20 7.9 L40 3 L48 5 L64 0 Z\"\/>\r\n<\/svg><\/div><div class=\"l-section-h i-cf\"><div class=\"g-cols vc_row via_flex valign_top type_default stacking_default\"><div class=\"vc_col-sm-6 wpb_column vc_column_container\"><div class=\"vc_column-inner\"><div class=\"wpb_wrapper\"><div class=\"wpb_text_column\"><div class=\"wpb_wrapper\"><h2 id=\"organizar\">Como organizar um dia de atividades paralelas e flamenco<\/h2>\n<p>Para aproveitar a Bienal sem sobrecarregar o dia, uma boa estrat\u00e9gia \u00e9 reservar <strong>uma atividade diurna e uma experi\u00eancia flamenca principal<\/strong>.<\/p>\n<p>Por exemplo, pode visitar <em>La noche azul<\/em> de manh\u00e3 ou \u00e0 tarde, fazer uma pausa no centro e depois assistir a um espet\u00e1culo oficial. Outra op\u00e7\u00e3o \u00e9 escolher um dia de cinema do ciclo <em>Flamencas<\/em> e completar a noite num tablao.<\/p>\n<p>Se o programa oficial dessa data n\u00e3o se adequa aos seus planos ou est\u00e1 esgotado, consulte o nosso guia <a href=\"https:\/\/www.tablaosflamencos.com\/pt-pt\/bienal-esgotada-onde-ver-flamenco-hoje-sevilha.html\"><strong>Bienal esgotada: onde ver flamenco hoje em Sevilha<\/strong><\/a> ou o artigo <a href=\"https:\/\/www.tablaosflamencos.com\/pt-pt\/flamenco-esta-noite-sevilha-bienal-2026.html\"><strong>Flamenco esta noite em Sevilha durante a Bienal<\/strong><\/a>.<\/p>\n<\/div><\/div><\/div><\/div><\/div><div class=\"vc_col-sm-6 wpb_column vc_column_container\"><div class=\"vc_column-inner\"><div class=\"wpb_wrapper\"><div class=\"wpb_text_column\"><div class=\"wpb_wrapper\"><h2>N\u00e3o tente fazer tudo<\/h2>\n<p>A Bienal dura v\u00e1rias semanas e a sua programa\u00e7\u00e3o paralela sobrep\u00f5e-se a dezenas de espet\u00e1culos. Tentar encadear demasiadas atividades pode transformar uma experi\u00eancia cultural numa corrida pela cidade.<\/p>\n<p>Defina prioridades de acordo com os seus interesses: <strong>hist\u00f3ria<\/strong> com <em>La noche azul<\/em>; <strong>espa\u00e7o p\u00fablico<\/strong> com <em>Flamenco a pie de calle<\/em> e <em>Sala de revelado<\/em>; <strong>fam\u00edlias<\/strong> com <em>Tirititr\u00e1n<\/em>; <strong>cinema e reflex\u00e3o<\/strong> com <em>Sevilla se deja ver<\/em>; e <strong>experi\u00eancia coletiva<\/strong> com <em>Ecos Primitivos<\/em>.<\/p>\n<p>Depois, deixe tempo para passear, jantar e desfrutar de Sevilha. Durante a Bienal, o flamenco tamb\u00e9m est\u00e1 no ambiente da cidade, n\u00e3o apenas no pr\u00f3ximo evento da agenda.<\/p>\n<\/div><\/div><\/div><\/div><\/div><\/div><\/div><\/section><section class=\"l-section wpb_row height_huge\"><div class=\"l-section-h i-cf\"><div class=\"g-cols vc_row via_flex valign_top type_default stacking_default\"><div class=\"vc_col-sm-12 wpb_column vc_column_container\"><div class=\"vc_column-inner\"><div class=\"wpb_wrapper\"><div class=\"wpb_text_column\"><div class=\"wpb_wrapper\"><h2>Que atividades s\u00e3o gratuitas<\/h2>\n<p>Uma parte importante das atividades paralelas procura alargar o acesso \u00e0 Bienal. <strong>La noche azul<\/strong> tem entrada gratuita at\u00e9 \u00e0 lota\u00e7\u00e3o do espa\u00e7o; <strong>Tirititr\u00e1n<\/strong> \u00e9 apresentado como uma atividade gratuita; e muitas das propostas no espa\u00e7o p\u00fablico permitem conhecer o flamenco sem comprar um bilhete de teatro.<\/p>\n<p>No entanto, \u201catividade paralela\u201d n\u00e3o significa automaticamente \u201catividade gratuita\u201d. O programa associado pode incluir propostas com condi\u00e7\u00f5es diferentes conforme a institui\u00e7\u00e3o organizadora. Por isso, conv\u00e9m verificar sempre a ficha concreta antes de se deslocar.<\/p>\n<p>Para distinguir estas duas inten\u00e7\u00f5es de pesquisa, no nosso guia <a href=\"https:\/\/www.tablaosflamencos.com\/pt-pt\/bienal-flamenco-sevilha-2026-gratis.html\"><strong>Bienal de Flamenco 2026 gr\u00e1tis<\/strong><\/a> reunimos especificamente os programas sem custos, enquanto esta p\u00e1gina oferece uma vis\u00e3o geral de toda a programa\u00e7\u00e3o paralela.<\/p>\n<\/div><\/div><div class=\"w-separator size_medium\"><\/div><div class=\"w-hwrapper valign_top wrap align_center\" style=\"--hwrapper-gap:1.2rem\"><div class=\"w-btn-wrapper align_none\"><a class=\"w-btn us-btn-style_1\" href=\"https:\/\/www.tablaosflamencos.com\/pt-pt\/bienal-flamenco-sevilha-2026-gratis.html\"><span class=\"w-btn-label\">Ver Bienal 2026 gr\u00e1tis<\/span><\/a><\/div><div class=\"w-btn-wrapper align_none\"><a class=\"w-btn us-btn-style_11\" href=\"https:\/\/www.tablaosflamencos.com\/pt-pt\/flamenco-esta-noite-sevilha-bienal-2026.html\"><span class=\"w-btn-label\">Flamenco esta noite em Sevilha<\/span><\/a><\/div><\/div><\/div><\/div><\/div><\/div><\/div><\/section><section class=\"l-section wpb_row height_huge color_alternate with_shape\"><div class=\"l-section-shape type_zigzag pos_top hor_flip\" style=\"height:3vmin;\"><svg xmlns=\"http:\/\/www.w3.org\/2000\/svg\" viewBox=\"0 0 64 8\" preserveAspectRatio=\"none\" width=\"100%\" height=\"100%\">\r\n\t<path fill=\"currentColor\" d=\"M64 8 L0 8 L0 0 L20 7.9 L40 3 L48 5 L64 0 Z\"\/>\r\n<\/svg><\/div><div class=\"l-section-shape type_zigzag pos_bottom\" style=\"height:3vmin;\"><svg xmlns=\"http:\/\/www.w3.org\/2000\/svg\" viewBox=\"0 0 64 8\" preserveAspectRatio=\"none\" width=\"100%\" height=\"100%\">\r\n\t<path fill=\"currentColor\" d=\"M64 8 L0 8 L0 0 L20 7.9 L40 3 L48 5 L64 0 Z\"\/>\r\n<\/svg><\/div><div class=\"l-section-h i-cf\"><div class=\"g-cols vc_row via_flex valign_top type_default stacking_default\"><div class=\"vc_col-sm-1\/5 wpb_column vc_column_container\"><div class=\"vc_column-inner\"><div class=\"wpb_wrapper\"><\/div><\/div><\/div><div class=\"vc_col-sm-3\/5 wpb_column vc_column_container\"><div class=\"vc_column-inner\"><div class=\"wpb_wrapper\"><div class=\"wpb_text_column\"><div class=\"wpb_wrapper\"><h2 id=\"faq\">Perguntas frequentes sobre as atividades paralelas da Bienal 2026<\/h2>\n<\/div><\/div><div class=\"w-separator size_medium\"><\/div><div class=\"w-tabs accordion toggle_style_1 has_scrolling\" style=\"--sections-title-size:inherit;--sections-gap:0.5rem;\"><div class=\"w-tabs-sections titles-align_none icon_plus cpos_left\"><div class=\"w-tabs-section\" id=\"j5e0\" itemscope itemprop=\"mainEntity\" itemtype=\"https:\/\/schema.org\/Question\"><button type=\"button\" class=\"w-tabs-section-header\" aria-controls=\"content-j5e0\" aria-expanded=\"false\"><h3 class=\"w-tabs-section-title\" itemprop=\"name\">O que s\u00e3o as atividades paralelas da Bienal 2026?<\/h3><div class=\"w-tabs-section-control\"><\/div><\/button><div  class=\"w-tabs-section-content\" id=\"content-j5e0\" itemscope itemprop=\"acceptedAnswer\" itemtype=\"https:\/\/schema.org\/Answer\"><div class=\"w-tabs-section-content-h i-cf\" itemprop=\"text\"><div class=\"wpb_text_column\"><div class=\"wpb_wrapper\"><p>S\u00e3o propostas que complementam os espet\u00e1culos principais da Bienal: exposi\u00e7\u00f5es, cinema, atua\u00e7\u00f5es em espa\u00e7os p\u00fablicos, atividades familiares, encontros, confer\u00eancias e interven\u00e7\u00f5es culturais distribu\u00eddas por Sevilha. Muitas re\u00fanem-se no programa \u201cOtras perlas\u201d.<\/p>\n<\/div><\/div><\/div><\/div><\/div><div class=\"w-tabs-section\" id=\"f6e7\" itemscope itemprop=\"mainEntity\" itemtype=\"https:\/\/schema.org\/Question\"><button type=\"button\" class=\"w-tabs-section-header\" aria-controls=\"content-f6e7\" aria-expanded=\"false\"><h3 class=\"w-tabs-section-title\" itemprop=\"name\">Onde posso consultar o programa de Otras perlas?<\/h3><div class=\"w-tabs-section-control\"><\/div><\/button><div  class=\"w-tabs-section-content\" id=\"content-f6e7\" itemscope itemprop=\"acceptedAnswer\" itemtype=\"https:\/\/schema.org\/Answer\"><div class=\"w-tabs-section-content-h i-cf\" itemprop=\"text\"><div class=\"wpb_text_column\"><div class=\"wpb_wrapper\"><p>A Bienal tem uma sec\u00e7\u00e3o espec\u00edfica de atividades paralelas no seu site oficial. Como a agenda pode receber novos eventos e altera\u00e7\u00f5es, conv\u00e9m consult\u00e1-la durante os dias da sua visita.<\/p>\n<\/div><\/div><\/div><\/div><\/div><div class=\"w-tabs-section\" id=\"s7db\" itemscope itemprop=\"mainEntity\" itemtype=\"https:\/\/schema.org\/Question\"><button type=\"button\" class=\"w-tabs-section-header\" aria-controls=\"content-s7db\" aria-expanded=\"false\"><h3 class=\"w-tabs-section-title\" itemprop=\"name\">As atividades paralelas s\u00e3o gratuitas?<\/h3><div class=\"w-tabs-section-control\"><\/div><\/button><div  class=\"w-tabs-section-content\" id=\"content-s7db\" itemscope itemprop=\"acceptedAnswer\" itemtype=\"https:\/\/schema.org\/Answer\"><div class=\"w-tabs-section-content-h i-cf\" itemprop=\"text\"><div class=\"wpb_text_column\"><div class=\"wpb_wrapper\"><p>Muitas s\u00e3o, sobretudo algumas propostas na rua, La noche azul e atividades familiares como Tirititr\u00e1n. Contudo, nem todas t\u00eam necessariamente as mesmas condi\u00e7\u00f5es, pelo que deve verificar cada ficha concreta.<\/p>\n<\/div><\/div><\/div><\/div><\/div><div class=\"w-tabs-section\" id=\"u8b1\" itemscope itemprop=\"mainEntity\" itemtype=\"https:\/\/schema.org\/Question\"><button type=\"button\" class=\"w-tabs-section-header\" aria-controls=\"content-u8b1\" aria-expanded=\"false\"><h3 class=\"w-tabs-section-title\" itemprop=\"name\">Quando se pode visitar La noche azul?<\/h3><div class=\"w-tabs-section-control\"><\/div><\/button><div  class=\"w-tabs-section-content\" id=\"content-u8b1\" itemscope itemprop=\"acceptedAnswer\" itemtype=\"https:\/\/schema.org\/Answer\"><div class=\"w-tabs-section-content-h i-cf\" itemprop=\"text\"><div class=\"wpb_text_column\"><div class=\"wpb_wrapper\"><p>A exposi\u00e7\u00e3o pode ser visitada de 2 de setembro a 22 de novembro de 2026 na Nave de Grabados da Real F\u00e1brica de Artiller\u00eda. A sua dura\u00e7\u00e3o ultrapassa largamente as datas oficiais da Bienal.<\/p>\n<\/div><\/div><\/div><\/div><\/div><div class=\"w-tabs-section\" id=\"m985\" itemscope itemprop=\"mainEntity\" itemtype=\"https:\/\/schema.org\/Question\"><button type=\"button\" class=\"w-tabs-section-header\" aria-controls=\"content-m985\" aria-expanded=\"false\"><h3 class=\"w-tabs-section-title\" itemprop=\"name\">H\u00e1 flamenco gratuito na rua durante a Bienal?<\/h3><div class=\"w-tabs-section-control\"><\/div><\/button><div  class=\"w-tabs-section-content\" id=\"content-m985\" itemscope itemprop=\"acceptedAnswer\" itemtype=\"https:\/\/schema.org\/Answer\"><div class=\"w-tabs-section-content-h i-cf\" itemprop=\"text\"><div class=\"wpb_text_column\"><div class=\"wpb_wrapper\"><p>Sim. O programa Flamenco a pie de calle leva propostas a diferentes bairros e espa\u00e7os de Sevilha. Al\u00e9m disso, a Bienal desenvolve interven\u00e7\u00f5es urbanas como Sala de revelado e outros eventos abertos ligados \u00e0 programa\u00e7\u00e3o paralela.<\/p>\n<\/div><\/div><\/div><\/div><\/div><div class=\"w-tabs-section\" id=\"da69\" itemscope itemprop=\"mainEntity\" itemtype=\"https:\/\/schema.org\/Question\"><button type=\"button\" class=\"w-tabs-section-header\" aria-controls=\"content-da69\" aria-expanded=\"false\"><h3 class=\"w-tabs-section-title\" itemprop=\"name\">O que \u00e9 Ecos Primitivos?<\/h3><div class=\"w-tabs-section-control\"><\/div><\/button><div  class=\"w-tabs-section-content\" id=\"content-da69\" itemscope itemprop=\"acceptedAnswer\" itemtype=\"https:\/\/schema.org\/Answer\"><div class=\"w-tabs-section-content-h i-cf\" itemprop=\"text\"><div class=\"wpb_text_column\"><div class=\"wpb_wrapper\"><p>\u00c9 o preg\u00e3o cantado da Bienal 2026, dirigido por Segundo Falc\u00f3n e programado para 9 de setembro, \u00e0s 20h30, na Plaza de San Francisco. Combina cinco vozes a partir das varandas com a dan\u00e7a de Ana Morales no centro da pra\u00e7a.<\/p>\n<\/div><\/div><\/div><\/div><\/div><div class=\"w-tabs-section\" id=\"hb3a\" itemscope itemprop=\"mainEntity\" itemtype=\"https:\/\/schema.org\/Question\"><button type=\"button\" class=\"w-tabs-section-header\" aria-controls=\"content-hb3a\" aria-expanded=\"false\"><h3 class=\"w-tabs-section-title\" itemprop=\"name\">H\u00e1 atividades da Bienal para crian\u00e7as?<\/h3><div class=\"w-tabs-section-control\"><\/div><\/button><div  class=\"w-tabs-section-content\" id=\"content-hb3a\" itemscope itemprop=\"acceptedAnswer\" itemtype=\"https:\/\/schema.org\/Answer\"><div class=\"w-tabs-section-content-h i-cf\" itemprop=\"text\"><div class=\"wpb_text_column\"><div class=\"wpb_wrapper\"><p>Sim. No CaixaForum, Tirititr\u00e1n prop\u00f5e uma descoberta familiar do compasso flamenco atrav\u00e9s de percuss\u00e3o corporal, jogos r\u00edtmicos e participa\u00e7\u00e3o. Est\u00e1 programado para os dias 11, 12 e 13 de setembro.<\/p>\n<\/div><\/div><\/div><\/div><\/div><div class=\"w-tabs-section\" id=\"fc12\" itemscope itemprop=\"mainEntity\" itemtype=\"https:\/\/schema.org\/Question\"><button type=\"button\" class=\"w-tabs-section-header\" aria-controls=\"content-fc12\" aria-expanded=\"false\"><h3 class=\"w-tabs-section-title\" itemprop=\"name\">H\u00e1 cinema flamenco durante a Bienal 2026?<\/h3><div class=\"w-tabs-section-control\"><\/div><\/button><div  class=\"w-tabs-section-content\" id=\"content-fc12\" itemscope itemprop=\"acceptedAnswer\" itemtype=\"https:\/\/schema.org\/Answer\"><div class=\"w-tabs-section-content-h i-cf\" itemprop=\"text\"><div class=\"wpb_text_column\"><div class=\"wpb_wrapper\"><p>Sim. No \u00e2mbito de Sevilla se deja ver, a Fundaci\u00f3n Tres Culturas programa o ciclo Flamencas nos dias 8, 15, 22 e 29 de setembro, centrado em document\u00e1rios sobre mulheres fundamentais para a hist\u00f3ria e a proje\u00e7\u00e3o do flamenco.<\/p>\n<\/div><\/div><\/div><\/div><\/div><div class=\"w-tabs-section\" id=\"pce0\" itemscope itemprop=\"mainEntity\" itemtype=\"https:\/\/schema.org\/Question\"><button type=\"button\" class=\"w-tabs-section-header\" aria-controls=\"content-pce0\" aria-expanded=\"false\"><h3 class=\"w-tabs-section-title\" itemprop=\"name\">As atividades paralelas come\u00e7am antes de 9 de setembro?<\/h3><div class=\"w-tabs-section-control\"><\/div><\/button><div  class=\"w-tabs-section-content\" id=\"content-pce0\" itemscope itemprop=\"acceptedAnswer\" itemtype=\"https:\/\/schema.org\/Answer\"><div class=\"w-tabs-section-content-h i-cf\" itemprop=\"text\"><div class=\"wpb_text_column\"><div class=\"wpb_wrapper\"><p>Sim. A exposi\u00e7\u00e3o La noche azul abriu a 2 de setembro e Flamenco a pie de calle come\u00e7ou no dia 3. Por isso, a atividade cultural da Bienal come\u00e7a antes da data oficial de abertura do festival.<\/p>\n<\/div><\/div><\/div><\/div><\/div><div class=\"w-tabs-section\" id=\"rdb3\" itemscope itemprop=\"mainEntity\" itemtype=\"https:\/\/schema.org\/Question\"><button type=\"button\" class=\"w-tabs-section-header\" aria-controls=\"content-rdb3\" aria-expanded=\"false\"><h3 class=\"w-tabs-section-title\" itemprop=\"name\">O que posso fazer se n\u00e3o tiver bilhetes para um espet\u00e1culo da Bienal?<\/h3><div class=\"w-tabs-section-control\"><\/div><\/button><div  class=\"w-tabs-section-content\" id=\"content-rdb3\" itemscope itemprop=\"acceptedAnswer\" itemtype=\"https:\/\/schema.org\/Answer\"><div class=\"w-tabs-section-content-h i-cf\" itemprop=\"text\"><div class=\"wpb_text_column\"><div class=\"wpb_wrapper\"><p>Pode aproveitar exposi\u00e7\u00f5es, cinema e atividades no espa\u00e7o p\u00fablico e, para terminar o dia com flamenco ao vivo, comparar os tablaos dispon\u00edveis em Sevilha para essa mesma noite.<\/p>\n<\/div><\/div><\/div><\/div><\/div><\/div><\/div><\/div><\/div><\/div><div class=\"vc_col-sm-1\/5 wpb_column vc_column_container\"><div class=\"vc_column-inner\"><div class=\"wpb_wrapper\"><\/div><\/div><\/div><\/div><\/div><\/section><section class=\"l-section wpb_row height_huge\"><div class=\"l-section-h i-cf\"><div class=\"g-cols vc_row via_flex valign_top type_default stacking_default\"><div class=\"vc_col-sm-12 wpb_column vc_column_container\"><div class=\"vc_column-inner\"><div class=\"wpb_wrapper\"><div class=\"wpb_text_column\"><div class=\"wpb_wrapper\"><h2 style=\"text-align: center;\">A Bienal tamb\u00e9m acontece fora do palco<\/h2>\n<p style=\"text-align: center;\">A programa\u00e7\u00e3o paralela de 2026 confirma uma ideia importante: a Bienal de Sevilha n\u00e3o se limita a uma sucess\u00e3o de espet\u00e1culos. Durante v\u00e1rias semanas, o flamenco entra em museus, funda\u00e7\u00f5es, pra\u00e7as, bairros, ecr\u00e3s de cinema e espa\u00e7os familiares.<\/p>\n<p style=\"text-align: center;\">Se estiver em Sevilha durante o festival, reserve tempo para algumas destas \u201cOtras perlas\u201d. Uma exposi\u00e7\u00e3o, uma proje\u00e7\u00e3o ou uma atividade na rua pode dar-lhe uma perspetiva diferente do flamenco e completar perfeitamente uma noite de canto, dan\u00e7a e guitarra.<\/p>\n<\/div><\/div><\/div><\/div><\/div><\/div><\/div><\/section>\n","protected":false},"excerpt":{"rendered":"<p>Guia das atividades paralelas da Bienal de Flamenco de Sevilha 2026: exposi\u00e7\u00f5es, cinema, flamenco na rua, propostas para fam\u00edlias e programa\u00e7\u00e3o cultural associada.<\/p>\n","protected":false},"author":1,"featured_media":14654,"comment_status":"closed","ping_status":"closed","sticky":false,"template":"","format":"standard","meta":{"_acf_changed":false,"wpai_generated_summary":"","_ayudawp_aiss_exclude":false,"_ayudawp_aiss_exclude_summary":false,"_ayudawp_aiss_summary":"","_ayudawp_aiss_summary_provider":"","_ayudawp_aiss_summary_hash":"","footnotes":""},"categories":[1430],"tags":[1255,1256,1257,1258,1188,1259],"class_list":["post-14678","post","type-post","status-publish","format-standard","has-post-thumbnail","hentry","category-bienal-flamenco-sevilha","tag-agenda-flamenca","tag-bienal-2026","tag-bienal-de-flamenco","tag-festivales-flamencos","tag-flamenco-en-sevilla","tag-sevilla"],"acf":[],"yoast_head":"<!-- This site is optimized with the Yoast SEO Premium plugin v28.4 (Yoast SEO v28.4) - https:\/\/yoast.com\/product\/yoast-seo-premium-wordpress\/ -->\n<title>Bienal 2026: atividades paralelas, exposi\u00e7\u00f5es e cinema<\/title>\n<meta name=\"description\" content=\"Descubra as atividades paralelas da Bienal de Flamenco de Sevilha 2026: exposi\u00e7\u00f5es, cinema, flamenco na rua, oficinas familiares e propostas gratuitas.\" \/>\n<meta name=\"robots\" content=\"index, follow, max-snippet:-1, max-image-preview:large, max-video-preview:-1\" \/>\n<link rel=\"canonical\" href=\"https:\/\/www.tablaosflamencos.com\/pt-pt\/atividades-paralelas-bienal-flamenco-sevilha-2026.html\" \/>\n<meta property=\"og:locale\" content=\"pt_PT\" \/>\n<meta property=\"og:type\" content=\"article\" \/>\n<meta property=\"og:title\" content=\"Atividades paralelas da Bienal 2026: exposi\u00e7\u00f5es, cinema, flamenco na rua e muito mais\" \/>\n<meta property=\"og:description\" content=\"Descubra as atividades paralelas da Bienal de Flamenco de Sevilha 2026: exposi\u00e7\u00f5es, cinema, flamenco na rua, oficinas familiares e propostas gratuitas.\" \/>\n<meta property=\"og:url\" content=\"https:\/\/www.tablaosflamencos.com\/pt-pt\/atividades-paralelas-bienal-flamenco-sevilha-2026.html\" \/>\n<meta property=\"og:site_name\" content=\"Tablaos Flamencos\" \/>\n<meta property=\"article:publisher\" content=\"https:\/\/www.facebook.com\/tablaosflamencos\" \/>\n<meta property=\"article:published_time\" content=\"2026-09-05T09:17:33+00:00\" \/>\n<meta property=\"article:modified_time\" content=\"2026-09-05T10:38:48+00:00\" \/>\n<meta property=\"og:image\" content=\"https:\/\/www.tablaosflamencos.com\/wp-content\/uploads\/actividades-paralelas-de-la-bienal-2026-exposiciones-cine-flamenco-en-la-calle-y-mas-01.webp\" \/>\n\t<meta property=\"og:image:width\" content=\"1672\" \/>\n\t<meta property=\"og:image:height\" content=\"941\" \/>\n\t<meta property=\"og:image:type\" content=\"image\/webp\" \/>\n<meta name=\"author\" content=\"Miguel Ortiz\" \/>\n<meta name=\"twitter:card\" content=\"summary_large_image\" \/>\n<meta name=\"twitter:creator\" content=\"@tablaosflamenco\" \/>\n<meta name=\"twitter:site\" content=\"@tablaosflamenco\" \/>\n<meta name=\"twitter:label1\" content=\"Escrito por\" \/>\n\t<meta name=\"twitter:data1\" content=\"Miguel Ortiz\" \/>\n\t<meta name=\"twitter:label2\" content=\"Tempo estimado de leitura\" \/>\n\t<meta name=\"twitter:data2\" content=\"20 minutos\" \/>\n<script type=\"application\/ld+json\" class=\"yoast-schema-graph\">{\"@context\":\"https:\\\/\\\/schema.org\",\"@graph\":[{\"@type\":\"Article\",\"@id\":\"https:\\\/\\\/www.tablaosflamencos.com\\\/pt-pt\\\/atividades-paralelas-bienal-flamenco-sevilha-2026.html#article\",\"isPartOf\":{\"@id\":\"https:\\\/\\\/www.tablaosflamencos.com\\\/pt-pt\\\/atividades-paralelas-bienal-flamenco-sevilha-2026.html\"},\"author\":{\"name\":\"Miguel Ortiz\",\"@id\":\"https:\\\/\\\/www.tablaosflamencos.com\\\/pt-pt#\\\/schema\\\/person\\\/e7a9ebe14eb75a52ceabfbffb3c54f5d\"},\"headline\":\"Atividades paralelas da Bienal 2026: exposi\u00e7\u00f5es, cinema, flamenco na rua e muito mais\",\"datePublished\":\"2026-09-05T09:17:33+00:00\",\"dateModified\":\"2026-09-05T10:38:48+00:00\",\"mainEntityOfPage\":{\"@id\":\"https:\\\/\\\/www.tablaosflamencos.com\\\/pt-pt\\\/atividades-paralelas-bienal-flamenco-sevilha-2026.html\"},\"wordCount\":3981,\"publisher\":{\"@id\":\"https:\\\/\\\/www.tablaosflamencos.com\\\/pt-pt#organization\"},\"image\":{\"@id\":\"https:\\\/\\\/www.tablaosflamencos.com\\\/pt-pt\\\/atividades-paralelas-bienal-flamenco-sevilha-2026.html#primaryimage\"},\"thumbnailUrl\":\"https:\\\/\\\/www.tablaosflamencos.com\\\/wp-content\\\/uploads\\\/actividades-paralelas-de-la-bienal-2026-exposiciones-cine-flamenco-en-la-calle-y-mas-01.webp\",\"keywords\":[\"agenda flamenca\",\"Bienal 2026\",\"Bienal de Flamenco\",\"festivales flamencos\",\"flamenco en Sevilla\",\"sevilla\"],\"articleSection\":[\"Bienal de Flamenco de Sevilha\"],\"inLanguage\":\"pt-PT\"},{\"@type\":\"WebPage\",\"@id\":\"https:\\\/\\\/www.tablaosflamencos.com\\\/pt-pt\\\/atividades-paralelas-bienal-flamenco-sevilha-2026.html\",\"url\":\"https:\\\/\\\/www.tablaosflamencos.com\\\/pt-pt\\\/atividades-paralelas-bienal-flamenco-sevilha-2026.html\",\"name\":\"Bienal 2026: atividades paralelas, exposi\u00e7\u00f5es e cinema\",\"isPartOf\":{\"@id\":\"https:\\\/\\\/www.tablaosflamencos.com\\\/pt-pt#website\"},\"primaryImageOfPage\":{\"@id\":\"https:\\\/\\\/www.tablaosflamencos.com\\\/pt-pt\\\/atividades-paralelas-bienal-flamenco-sevilha-2026.html#primaryimage\"},\"image\":{\"@id\":\"https:\\\/\\\/www.tablaosflamencos.com\\\/pt-pt\\\/atividades-paralelas-bienal-flamenco-sevilha-2026.html#primaryimage\"},\"thumbnailUrl\":\"https:\\\/\\\/www.tablaosflamencos.com\\\/wp-content\\\/uploads\\\/actividades-paralelas-de-la-bienal-2026-exposiciones-cine-flamenco-en-la-calle-y-mas-01.webp\",\"datePublished\":\"2026-09-05T09:17:33+00:00\",\"dateModified\":\"2026-09-05T10:38:48+00:00\",\"description\":\"Descubra as atividades paralelas da Bienal de Flamenco de Sevilha 2026: exposi\u00e7\u00f5es, cinema, flamenco na rua, oficinas familiares e propostas gratuitas.\",\"breadcrumb\":{\"@id\":\"https:\\\/\\\/www.tablaosflamencos.com\\\/pt-pt\\\/atividades-paralelas-bienal-flamenco-sevilha-2026.html#breadcrumb\"},\"inLanguage\":\"pt-PT\",\"potentialAction\":[{\"@type\":\"ReadAction\",\"target\":[\"https:\\\/\\\/www.tablaosflamencos.com\\\/pt-pt\\\/atividades-paralelas-bienal-flamenco-sevilha-2026.html\"]}]},{\"@type\":\"ImageObject\",\"inLanguage\":\"pt-PT\",\"@id\":\"https:\\\/\\\/www.tablaosflamencos.com\\\/pt-pt\\\/atividades-paralelas-bienal-flamenco-sevilha-2026.html#primaryimage\",\"url\":\"https:\\\/\\\/www.tablaosflamencos.com\\\/wp-content\\\/uploads\\\/actividades-paralelas-de-la-bienal-2026-exposiciones-cine-flamenco-en-la-calle-y-mas-01.webp\",\"contentUrl\":\"https:\\\/\\\/www.tablaosflamencos.com\\\/wp-content\\\/uploads\\\/actividades-paralelas-de-la-bienal-2026-exposiciones-cine-flamenco-en-la-calle-y-mas-01.webp\",\"width\":1672,\"height\":941,\"caption\":\"Actividades paralelas de la Bienal 2026: exposiciones, cine, flamenco en la calle y m\u00e1s\"},{\"@type\":\"BreadcrumbList\",\"@id\":\"https:\\\/\\\/www.tablaosflamencos.com\\\/pt-pt\\\/atividades-paralelas-bienal-flamenco-sevilha-2026.html#breadcrumb\",\"itemListElement\":[{\"@type\":\"ListItem\",\"position\":1,\"name\":\"Home\",\"item\":\"https:\\\/\\\/www.tablaosflamencos.com\\\/pt-pt\"},{\"@type\":\"ListItem\",\"position\":2,\"name\":\"Atividades paralelas da Bienal 2026: exposi\u00e7\u00f5es, cinema, flamenco na rua e muito mais\"}]},{\"@type\":\"WebSite\",\"@id\":\"https:\\\/\\\/www.tablaosflamencos.com\\\/pt-pt#website\",\"url\":\"https:\\\/\\\/www.tablaosflamencos.com\\\/pt-pt\",\"name\":\"Tablaos Flamencos\",\"description\":\"Entradas para tablaos flamencos de Espa\u00f1a\",\"publisher\":{\"@id\":\"https:\\\/\\\/www.tablaosflamencos.com\\\/pt-pt#organization\"},\"alternateName\":\"Tablaos Flamencos\",\"potentialAction\":[{\"@type\":\"SearchAction\",\"target\":{\"@type\":\"EntryPoint\",\"urlTemplate\":\"https:\\\/\\\/www.tablaosflamencos.com\\\/pt-pt?s={search_term_string}\"},\"query-input\":{\"@type\":\"PropertyValueSpecification\",\"valueRequired\":true,\"valueName\":\"search_term_string\"}}],\"inLanguage\":\"pt-PT\"},{\"@type\":[\"Organization\",\"Place\",\"EntertainmentBusiness\"],\"@id\":\"https:\\\/\\\/www.tablaosflamencos.com\\\/pt-pt#organization\",\"name\":\"Tablaos Flamencos\",\"alternateName\":\"Tablaos Flamencos\",\"url\":\"https:\\\/\\\/www.tablaosflamencos.com\\\/pt-pt\",\"logo\":{\"@id\":\"https:\\\/\\\/www.tablaosflamencos.com\\\/pt-pt\\\/atividades-paralelas-bienal-flamenco-sevilha-2026.html#local-main-organization-logo\"},\"image\":{\"@id\":\"https:\\\/\\\/www.tablaosflamencos.com\\\/pt-pt\\\/atividades-paralelas-bienal-flamenco-sevilha-2026.html#local-main-organization-logo\"},\"sameAs\":[\"https:\\\/\\\/www.facebook.com\\\/tablaosflamencos\",\"https:\\\/\\\/x.com\\\/tablaosflamenco\",\"https:\\\/\\\/mastodon.social\\\/@tablaosflamencos\",\"https:\\\/\\\/www.instagram.com\\\/tablaosflamencos\",\"https:\\\/\\\/tiktok.com\\\/@tablaosflamencos\",\"https:\\\/\\\/www.linkedin.com\\\/company\\\/109408238\\\/\"],\"description\":\"Venta de entradas para espect\u00e1culos flamencos\",\"legalName\":\"Tablaos Flamencos\",\"foundingDate\":\"2015-01-01\",\"numberOfEmployees\":{\"@type\":\"QuantitativeValue\",\"minValue\":\"1\",\"maxValue\":\"10\"},\"address\":{\"@id\":\"https:\\\/\\\/www.tablaosflamencos.com\\\/pt-pt\\\/atividades-paralelas-bienal-flamenco-sevilha-2026.html#local-main-place-address\"},\"geo\":{\"@type\":\"GeoCoordinates\",\"latitude\":\"37.3868072\",\"longitude\":\"-5.993280299999999\"},\"telephone\":[\"+34623787787\"],\"contactPoint\":{\"@type\":\"ContactPoint\",\"telephone\":\"+34623787787\",\"email\":\"info@tablaosflamencos.com\"},\"openingHoursSpecification\":{\"@type\":\"OpeningHoursSpecification\",\"dayOfWeek\":[\"Monday\",\"Tuesday\",\"Wednesday\",\"Thursday\",\"Friday\",\"Saturday\",\"Sunday\"],\"opens\":\"00:00\",\"closes\":\"23:59\"},\"email\":\"info@tablaosflamencos.com\",\"priceRange\":\"$$$\",\"currenciesAccepted\":\"\u20ac\"},{\"@type\":\"Person\",\"@id\":\"https:\\\/\\\/www.tablaosflamencos.com\\\/pt-pt#\\\/schema\\\/person\\\/e7a9ebe14eb75a52ceabfbffb3c54f5d\",\"name\":\"Miguel Ortiz\",\"description\":\"Miguel Ortiz es un empresario flamenco, con una s\u00f3lida trayectoria dentro del sector. Ha presidido entidades culturales vinculadas al flamenco y, cuenta con un amplio recorrido profesional en la gesti\u00f3n y promoci\u00f3n de espect\u00e1culos y tablaos flamencos. Su pasi\u00f3n por la historia y el arte flamenco se refleja en cada art\u00edculo, donde combina experiencia, criterio y un profundo respeto por la tradici\u00f3n.\",\"sameAs\":[\"https:\\\/\\\/www.tablaosflamencos.com\",\"https:\\\/\\\/www.instagra.com\\\/miguelortizfe\",\"https:\\\/\\\/www.linkedin.com\\\/in\\\/miguelortizf\\\/\"],\"birthDate\":\"1984-11-22\",\"gender\":\"hombre\",\"knowsLanguage\":[\"espa\u00f1ol\",\"ingl\u00e9s\"],\"jobTitle\":\"Empresario flamenco\"},{\"@type\":\"PostalAddress\",\"@id\":\"https:\\\/\\\/www.tablaosflamencos.com\\\/pt-pt\\\/atividades-paralelas-bienal-flamenco-sevilha-2026.html#local-main-place-address\",\"streetAddress\":\"C\\\/ Alemanes, 19\",\"addressLocality\":\"Sevilla\",\"postalCode\":\"41004\",\"addressRegion\":\"Sevilla\",\"addressCountry\":\"ES\"},{\"@type\":\"ImageObject\",\"inLanguage\":\"pt-PT\",\"@id\":\"https:\\\/\\\/www.tablaosflamencos.com\\\/pt-pt\\\/atividades-paralelas-bienal-flamenco-sevilha-2026.html#local-main-organization-logo\",\"url\":\"https:\\\/\\\/www.tablaosflamencos.com\\\/wp-content\\\/uploads\\\/tablaos-flamencos-06-3.webp\",\"contentUrl\":\"https:\\\/\\\/www.tablaosflamencos.com\\\/wp-content\\\/uploads\\\/tablaos-flamencos-06-3.webp\",\"width\":600,\"height\":620,\"caption\":\"Tablaos Flamencos\"}]}<\/script>\n<meta name=\"geo.placename\" content=\"Sevilla\" \/>\n<meta name=\"geo.position\" content=\"37.3868072;-5.993280299999999\" \/>\n<meta name=\"geo.region\" content=\"Espanha\" \/>\n<!-- \/ Yoast SEO Premium plugin. -->","yoast_head_json":{"title":"Bienal 2026: atividades paralelas, exposi\u00e7\u00f5es e cinema","description":"Descubra as atividades paralelas da Bienal de Flamenco de Sevilha 2026: exposi\u00e7\u00f5es, cinema, flamenco na rua, oficinas familiares e propostas gratuitas.","robots":{"index":"index","follow":"follow","max-snippet":"max-snippet:-1","max-image-preview":"max-image-preview:large","max-video-preview":"max-video-preview:-1"},"canonical":"https:\/\/www.tablaosflamencos.com\/pt-pt\/atividades-paralelas-bienal-flamenco-sevilha-2026.html","og_locale":"pt_PT","og_type":"article","og_title":"Atividades paralelas da Bienal 2026: exposi\u00e7\u00f5es, cinema, flamenco na rua e muito mais","og_description":"Descubra as atividades paralelas da Bienal de Flamenco de Sevilha 2026: exposi\u00e7\u00f5es, cinema, flamenco na rua, oficinas familiares e propostas gratuitas.","og_url":"https:\/\/www.tablaosflamencos.com\/pt-pt\/atividades-paralelas-bienal-flamenco-sevilha-2026.html","og_site_name":"Tablaos Flamencos","article_publisher":"https:\/\/www.facebook.com\/tablaosflamencos","article_published_time":"2026-09-05T09:17:33+00:00","article_modified_time":"2026-09-05T10:38:48+00:00","og_image":[{"width":1672,"height":941,"url":"https:\/\/www.tablaosflamencos.com\/wp-content\/uploads\/actividades-paralelas-de-la-bienal-2026-exposiciones-cine-flamenco-en-la-calle-y-mas-01.webp","type":"image\/webp"}],"author":"Miguel Ortiz","twitter_card":"summary_large_image","twitter_creator":"@tablaosflamenco","twitter_site":"@tablaosflamenco","twitter_misc":{"Escrito por":"Miguel Ortiz","Tempo estimado de leitura":"20 minutos"},"schema":{"@context":"https:\/\/schema.org","@graph":[{"@type":"Article","@id":"https:\/\/www.tablaosflamencos.com\/pt-pt\/atividades-paralelas-bienal-flamenco-sevilha-2026.html#article","isPartOf":{"@id":"https:\/\/www.tablaosflamencos.com\/pt-pt\/atividades-paralelas-bienal-flamenco-sevilha-2026.html"},"author":{"name":"Miguel Ortiz","@id":"https:\/\/www.tablaosflamencos.com\/pt-pt#\/schema\/person\/e7a9ebe14eb75a52ceabfbffb3c54f5d"},"headline":"Atividades paralelas da Bienal 2026: exposi\u00e7\u00f5es, cinema, flamenco na rua e muito mais","datePublished":"2026-09-05T09:17:33+00:00","dateModified":"2026-09-05T10:38:48+00:00","mainEntityOfPage":{"@id":"https:\/\/www.tablaosflamencos.com\/pt-pt\/atividades-paralelas-bienal-flamenco-sevilha-2026.html"},"wordCount":3981,"publisher":{"@id":"https:\/\/www.tablaosflamencos.com\/pt-pt#organization"},"image":{"@id":"https:\/\/www.tablaosflamencos.com\/pt-pt\/atividades-paralelas-bienal-flamenco-sevilha-2026.html#primaryimage"},"thumbnailUrl":"https:\/\/www.tablaosflamencos.com\/wp-content\/uploads\/actividades-paralelas-de-la-bienal-2026-exposiciones-cine-flamenco-en-la-calle-y-mas-01.webp","keywords":["agenda flamenca","Bienal 2026","Bienal de Flamenco","festivales flamencos","flamenco en Sevilla","sevilla"],"articleSection":["Bienal de Flamenco de Sevilha"],"inLanguage":"pt-PT"},{"@type":"WebPage","@id":"https:\/\/www.tablaosflamencos.com\/pt-pt\/atividades-paralelas-bienal-flamenco-sevilha-2026.html","url":"https:\/\/www.tablaosflamencos.com\/pt-pt\/atividades-paralelas-bienal-flamenco-sevilha-2026.html","name":"Bienal 2026: atividades paralelas, exposi\u00e7\u00f5es e cinema","isPartOf":{"@id":"https:\/\/www.tablaosflamencos.com\/pt-pt#website"},"primaryImageOfPage":{"@id":"https:\/\/www.tablaosflamencos.com\/pt-pt\/atividades-paralelas-bienal-flamenco-sevilha-2026.html#primaryimage"},"image":{"@id":"https:\/\/www.tablaosflamencos.com\/pt-pt\/atividades-paralelas-bienal-flamenco-sevilha-2026.html#primaryimage"},"thumbnailUrl":"https:\/\/www.tablaosflamencos.com\/wp-content\/uploads\/actividades-paralelas-de-la-bienal-2026-exposiciones-cine-flamenco-en-la-calle-y-mas-01.webp","datePublished":"2026-09-05T09:17:33+00:00","dateModified":"2026-09-05T10:38:48+00:00","description":"Descubra as atividades paralelas da Bienal de Flamenco de Sevilha 2026: exposi\u00e7\u00f5es, cinema, flamenco na rua, oficinas familiares e propostas gratuitas.","breadcrumb":{"@id":"https:\/\/www.tablaosflamencos.com\/pt-pt\/atividades-paralelas-bienal-flamenco-sevilha-2026.html#breadcrumb"},"inLanguage":"pt-PT","potentialAction":[{"@type":"ReadAction","target":["https:\/\/www.tablaosflamencos.com\/pt-pt\/atividades-paralelas-bienal-flamenco-sevilha-2026.html"]}]},{"@type":"ImageObject","inLanguage":"pt-PT","@id":"https:\/\/www.tablaosflamencos.com\/pt-pt\/atividades-paralelas-bienal-flamenco-sevilha-2026.html#primaryimage","url":"https:\/\/www.tablaosflamencos.com\/wp-content\/uploads\/actividades-paralelas-de-la-bienal-2026-exposiciones-cine-flamenco-en-la-calle-y-mas-01.webp","contentUrl":"https:\/\/www.tablaosflamencos.com\/wp-content\/uploads\/actividades-paralelas-de-la-bienal-2026-exposiciones-cine-flamenco-en-la-calle-y-mas-01.webp","width":1672,"height":941,"caption":"Actividades paralelas de la Bienal 2026: exposiciones, cine, flamenco en la calle y m\u00e1s"},{"@type":"BreadcrumbList","@id":"https:\/\/www.tablaosflamencos.com\/pt-pt\/atividades-paralelas-bienal-flamenco-sevilha-2026.html#breadcrumb","itemListElement":[{"@type":"ListItem","position":1,"name":"Home","item":"https:\/\/www.tablaosflamencos.com\/pt-pt"},{"@type":"ListItem","position":2,"name":"Atividades paralelas da Bienal 2026: exposi\u00e7\u00f5es, cinema, flamenco na rua e muito mais"}]},{"@type":"WebSite","@id":"https:\/\/www.tablaosflamencos.com\/pt-pt#website","url":"https:\/\/www.tablaosflamencos.com\/pt-pt","name":"Tablaos Flamencos","description":"Entradas para tablaos flamencos de Espa\u00f1a","publisher":{"@id":"https:\/\/www.tablaosflamencos.com\/pt-pt#organization"},"alternateName":"Tablaos Flamencos","potentialAction":[{"@type":"SearchAction","target":{"@type":"EntryPoint","urlTemplate":"https:\/\/www.tablaosflamencos.com\/pt-pt?s={search_term_string}"},"query-input":{"@type":"PropertyValueSpecification","valueRequired":true,"valueName":"search_term_string"}}],"inLanguage":"pt-PT"},{"@type":["Organization","Place","EntertainmentBusiness"],"@id":"https:\/\/www.tablaosflamencos.com\/pt-pt#organization","name":"Tablaos Flamencos","alternateName":"Tablaos Flamencos","url":"https:\/\/www.tablaosflamencos.com\/pt-pt","logo":{"@id":"https:\/\/www.tablaosflamencos.com\/pt-pt\/atividades-paralelas-bienal-flamenco-sevilha-2026.html#local-main-organization-logo"},"image":{"@id":"https:\/\/www.tablaosflamencos.com\/pt-pt\/atividades-paralelas-bienal-flamenco-sevilha-2026.html#local-main-organization-logo"},"sameAs":["https:\/\/www.facebook.com\/tablaosflamencos","https:\/\/x.com\/tablaosflamenco","https:\/\/mastodon.social\/@tablaosflamencos","https:\/\/www.instagram.com\/tablaosflamencos","https:\/\/tiktok.com\/@tablaosflamencos","https:\/\/www.linkedin.com\/company\/109408238\/"],"description":"Venta de entradas para espect\u00e1culos flamencos","legalName":"Tablaos Flamencos","foundingDate":"2015-01-01","numberOfEmployees":{"@type":"QuantitativeValue","minValue":"1","maxValue":"10"},"address":{"@id":"https:\/\/www.tablaosflamencos.com\/pt-pt\/atividades-paralelas-bienal-flamenco-sevilha-2026.html#local-main-place-address"},"geo":{"@type":"GeoCoordinates","latitude":"37.3868072","longitude":"-5.993280299999999"},"telephone":["+34623787787"],"contactPoint":{"@type":"ContactPoint","telephone":"+34623787787","email":"info@tablaosflamencos.com"},"openingHoursSpecification":{"@type":"OpeningHoursSpecification","dayOfWeek":["Monday","Tuesday","Wednesday","Thursday","Friday","Saturday","Sunday"],"opens":"00:00","closes":"23:59"},"email":"info@tablaosflamencos.com","priceRange":"$$$","currenciesAccepted":"\u20ac"},{"@type":"Person","@id":"https:\/\/www.tablaosflamencos.com\/pt-pt#\/schema\/person\/e7a9ebe14eb75a52ceabfbffb3c54f5d","name":"Miguel Ortiz","description":"Miguel Ortiz es un empresario flamenco, con una s\u00f3lida trayectoria dentro del sector. Ha presidido entidades culturales vinculadas al flamenco y, cuenta con un amplio recorrido profesional en la gesti\u00f3n y promoci\u00f3n de espect\u00e1culos y tablaos flamencos. Su pasi\u00f3n por la historia y el arte flamenco se refleja en cada art\u00edculo, donde combina experiencia, criterio y un profundo respeto por la tradici\u00f3n.","sameAs":["https:\/\/www.tablaosflamencos.com","https:\/\/www.instagra.com\/miguelortizfe","https:\/\/www.linkedin.com\/in\/miguelortizf\/"],"birthDate":"1984-11-22","gender":"hombre","knowsLanguage":["espa\u00f1ol","ingl\u00e9s"],"jobTitle":"Empresario flamenco"},{"@type":"PostalAddress","@id":"https:\/\/www.tablaosflamencos.com\/pt-pt\/atividades-paralelas-bienal-flamenco-sevilha-2026.html#local-main-place-address","streetAddress":"C\/ Alemanes, 19","addressLocality":"Sevilla","postalCode":"41004","addressRegion":"Sevilla","addressCountry":"ES"},{"@type":"ImageObject","inLanguage":"pt-PT","@id":"https:\/\/www.tablaosflamencos.com\/pt-pt\/atividades-paralelas-bienal-flamenco-sevilha-2026.html#local-main-organization-logo","url":"https:\/\/www.tablaosflamencos.com\/wp-content\/uploads\/tablaos-flamencos-06-3.webp","contentUrl":"https:\/\/www.tablaosflamencos.com\/wp-content\/uploads\/tablaos-flamencos-06-3.webp","width":600,"height":620,"caption":"Tablaos Flamencos"}]},"geo.placename":"Sevilla","geo.position":{"lat":"37.3868072","long":"-5.993280299999999"},"geo.region":"Espanha"},"_links":{"self":[{"href":"https:\/\/www.tablaosflamencos.com\/pt-pt\/wp-json\/wp\/v2\/posts\/14678","targetHints":{"allow":["GET"]}}],"collection":[{"href":"https:\/\/www.tablaosflamencos.com\/pt-pt\/wp-json\/wp\/v2\/posts"}],"about":[{"href":"https:\/\/www.tablaosflamencos.com\/pt-pt\/wp-json\/wp\/v2\/types\/post"}],"author":[{"embeddable":true,"href":"https:\/\/www.tablaosflamencos.com\/pt-pt\/wp-json\/wp\/v2\/users\/1"}],"replies":[{"embeddable":true,"href":"https:\/\/www.tablaosflamencos.com\/pt-pt\/wp-json\/wp\/v2\/comments?post=14678"}],"version-history":[{"count":6,"href":"https:\/\/www.tablaosflamencos.com\/pt-pt\/wp-json\/wp\/v2\/posts\/14678\/revisions"}],"predecessor-version":[{"id":14724,"href":"https:\/\/www.tablaosflamencos.com\/pt-pt\/wp-json\/wp\/v2\/posts\/14678\/revisions\/14724"}],"wp:featuredmedia":[{"embeddable":true,"href":"https:\/\/www.tablaosflamencos.com\/pt-pt\/wp-json\/wp\/v2\/media\/14654"}],"wp:attachment":[{"href":"https:\/\/www.tablaosflamencos.com\/pt-pt\/wp-json\/wp\/v2\/media?parent=14678"}],"wp:term":[{"taxonomy":"category","embeddable":true,"href":"https:\/\/www.tablaosflamencos.com\/pt-pt\/wp-json\/wp\/v2\/categories?post=14678"},{"taxonomy":"post_tag","embeddable":true,"href":"https:\/\/www.tablaosflamencos.com\/pt-pt\/wp-json\/wp\/v2\/tags?post=14678"}],"curies":[{"name":"wp","href":"https:\/\/api.w.org\/{rel}","templated":true}]}}