{"id":14541,"date":"2026-09-04T18:48:29","date_gmt":"2026-09-04T16:48:29","guid":{"rendered":"https:\/\/www.tablaosflamencos.com\/?p=14541"},"modified":"2026-09-04T19:16:25","modified_gmt":"2026-09-04T17:16:25","slug":"flamenco-sevilha-fim-semana-antes-bienal-2026","status":"publish","type":"post","link":"https:\/\/www.tablaosflamencos.com\/pt-pt\/flamenco-sevilha-fim-semana-antes-bienal-2026.html","title":{"rendered":"Flamenco em Sevilha este fim de semana: o que ver antes da Bienal"},"content":{"rendered":"<section class=\"l-section wpb_row height_huge\"><div class=\"l-section-h i-cf\"><div class=\"g-cols vc_row via_flex valign_top type_default stacking_default\"><div class=\"vc_col-sm-6 wpb_column vc_column_container\"><div class=\"vc_column-inner\"><div class=\"wpb_wrapper\"><div class=\"wpb_text_column\"><div class=\"wpb_wrapper\"><h2>O fim de semana mesmo antes da Bienal j\u00e1 est\u00e1 cheio de flamenco<\/h2>\n<p>A <strong>XXIV Bienal de Flamenco de Sevilha<\/strong> come\u00e7a oficialmente na quarta-feira <strong>9 de setembro de 2026<\/strong>, mas quem estiver na cidade este fim de semana n\u00e3o precisa de esperar at\u00e9 l\u00e1. Entre <strong>sexta-feira 4 e domingo 6 de setembro<\/strong> h\u00e1 tr\u00eas eventos flamencos gratuitos ligados \u00e0 programa\u00e7\u00e3o que antecede a Bienal, al\u00e9m de exposi\u00e7\u00f5es e experi\u00eancias abertas durante o dia.<\/p>\n<p>\u00c9, de facto, um dos fins de semana mais interessantes para chegar a Sevilha antes de come\u00e7ar o grande calend\u00e1rio dos teatros. H\u00e1 menos press\u00e3o sobre os bilhetes, v\u00e1rias propostas t\u00eam acesso livre at\u00e9 \u00e0 lota\u00e7\u00e3o e a programa\u00e7\u00e3o distribui-se por bairros e espa\u00e7os patrimoniais muito diferentes entre si.<\/p>\n<\/div><\/div><\/div><\/div><\/div><div class=\"vc_col-sm-6 wpb_column vc_column_container\"><div class=\"vc_column-inner\"><div class=\"wpb_wrapper\"><div class=\"wpb_text_column\"><div class=\"wpb_wrapper\"><h2>O que pode ver de 4 a 6 de setembro<\/h2>\n<p><strong>Sexta-feira 4:<\/strong> <em>Cuesti\u00f3n de tiempo<\/em>, dos Hermanos Aguilar, no Mosteiro de San Jer\u00f3nimo.<\/p>\n<p><strong>S\u00e1bado 5:<\/strong> II Festival <em>Macarena Flamenca<\/em>, homenagem a Jos\u00e9 de la Tomasa, na Plaza Virgen del Pilar, em La Barzola.<\/p>\n<p><strong>Domingo 6:<\/strong> <em>Nazareno y Olivares<\/em>, homenagem a Fosforito, no Museu de Artes e Costumes Populares.<\/p>\n<p>Os tr\u00eas eventos come\u00e7am \u00e0s <strong>21:30<\/strong> e est\u00e3o anunciados com <strong>acesso livre at\u00e9 \u00e0 lota\u00e7\u00e3o<\/strong>. Durante o dia tamb\u00e9m \u00e9 poss\u00edvel visitar a exposi\u00e7\u00e3o <em>La noche azul<\/em> e, a partir de s\u00e1bado, a nova <em>Sala de revelado<\/em> da Bienal na Real F\u00e1brica de Artiller\u00eda.<\/p>\n<\/div><\/div><\/div><\/div><\/div><\/div><\/div><\/section><section class=\"l-section wpb_row height_huge color_alternate with_shape\"><div class=\"l-section-shape type_zigzag pos_top hor_flip\" style=\"height:3vmin;\"><svg xmlns=\"http:\/\/www.w3.org\/2000\/svg\" viewBox=\"0 0 64 8\" preserveAspectRatio=\"none\" width=\"100%\" height=\"100%\">\r\n\t<path fill=\"currentColor\" d=\"M64 8 L0 8 L0 0 L20 7.9 L40 3 L48 5 L64 0 Z\"\/>\r\n<\/svg><\/div><div class=\"l-section-shape type_zigzag pos_bottom\" style=\"height:3vmin;\"><svg xmlns=\"http:\/\/www.w3.org\/2000\/svg\" viewBox=\"0 0 64 8\" preserveAspectRatio=\"none\" width=\"100%\" height=\"100%\">\r\n\t<path fill=\"currentColor\" d=\"M64 8 L0 8 L0 0 L20 7.9 L40 3 L48 5 L64 0 Z\"\/>\r\n<\/svg><\/div><div class=\"l-section-h i-cf\"><div class=\"g-cols vc_row via_flex valign_top type_default stacking_default\"><div class=\"vc_col-sm-12 wpb_column vc_column_container\"><div class=\"vc_column-inner\"><div class=\"wpb_wrapper\"><div class=\"wpb_text_column\"><div class=\"wpb_wrapper\"><blockquote>\n<p><strong>Resposta r\u00e1pida:<\/strong> se procura flamenco em Sevilha este fim de semana, de 4 a 6 de setembro de 2026, o melhor plano \u00e9 aproveitar as tr\u00eas atua\u00e7\u00f5es gratuitas antes da Bienal: Hermanos Aguilar na sexta-feira, Macarena Flamenca no s\u00e1bado e a homenagem a Fosforito no domingo. Durante o dia pode completar o percurso com <em>La noche azul<\/em> e a <em>Sala de revelado<\/em> na Real F\u00e1brica de Artiller\u00eda. Se preferir garantir hor\u00e1rio e lugar, os tablaos de Sevilha mant\u00eam tamb\u00e9m a sua programa\u00e7\u00e3o habitual.<\/p>\n<\/blockquote>\n<p><strong>\u00daltima atualiza\u00e7\u00e3o: 4 de setembro de 2026.<\/strong> Nas atividades de acesso livre conv\u00e9m chegar com anteced\u00eancia, porque a entrada depende da lota\u00e7\u00e3o dispon\u00edvel.<\/p>\n<\/div><\/div><div class=\"w-separator size_medium\"><\/div><div class=\"w-hwrapper valign_top wrap stack_on_mobiles align_center\" style=\"--hwrapper-gap:1.2rem\"><div class=\"w-btn-wrapper align_none\"><a class=\"w-btn us-btn-style_1\" href=\"https:\/\/www.tablaosflamencos.com\/pt-pt\/bienal-flamenco-sevilha-2026-antes-9-setembro.html\"><span class=\"w-btn-label\">Ver todos os eventos antes da Bienal<\/span><\/a><\/div><div class=\"w-btn-wrapper align_none\"><a class=\"w-btn us-btn-style_1\" href=\"https:\/\/www.tablaosflamencos.com\/pt-pt\/flamenco-sevilha-bienal-2026-espetaculos-fora-programacao-oficial.html\"><span class=\"w-btn-label\">Ver flamenco fora da programa\u00e7\u00e3o oficial<\/span><\/a><\/div><\/div><\/div><\/div><\/div><\/div><\/div><\/section><section class=\"l-section wpb_row height_huge\"><div class=\"l-section-h i-cf\"><div class=\"g-cols vc_row via_flex valign_top type_default stacking_default\"><div class=\"vc_col-sm-6 wpb_column vc_column_container\"><div class=\"vc_column-inner\"><div class=\"wpb_wrapper\"><div class=\"wpb_text_column\"><div class=\"wpb_wrapper\"><h2>Conte\u00fado deste guia<\/h2>\n<ul>\n<li><a href=\"#viernes\">Sexta-feira 4: Hermanos Aguilar em San Jer\u00f3nimo<\/a><\/li>\n<li><a href=\"#sabado\">S\u00e1bado 5: Macarena Flamenca<\/a><\/li>\n<li><a href=\"#domingo\">Domingo 6: homenagem a Fosforito<\/a><\/li>\n<li><a href=\"#dia\">O que fazer durante o dia<\/a><\/li>\n<li><a href=\"#artilleria\">La noche azul e Sala de revelado<\/a><\/li>\n<li><a href=\"#tablaos\">Tablaos para completar o fim de semana<\/a><\/li>\n<li><a href=\"#agenda\">Agenda r\u00e1pida de 4 a 6 de setembro<\/a><\/li>\n<li><a href=\"#organizar\">Como organizar o fim de semana<\/a><\/li>\n<li><a href=\"#despues\">O que vem depois<\/a><\/li>\n<li><a href=\"#faq\">Perguntas frequentes<\/a><\/li>\n<\/ul>\n<\/div><\/div><\/div><\/div><\/div><div class=\"vc_col-sm-6 wpb_column vc_column_container\"><div class=\"vc_column-inner\"><div class=\"wpb_wrapper\"><div class=\"wpb_text_column\"><div class=\"wpb_wrapper\"><h2>Um fim de semana de transi\u00e7\u00e3o<\/h2>\n<p>Este fim de semana funciona como uma ponte entre a Sevilha flamenca de todo o ano e a cidade que, a partir de 9 de setembro, entra em pleno na Bienal. As grandes produ\u00e7\u00f5es do Maestranza, Lope de Vega, Teatro Central ou Espacio Turina ainda n\u00e3o come\u00e7aram, mas a programa\u00e7\u00e3o paralela j\u00e1 ocupa bairros, pra\u00e7as e espa\u00e7os patrimoniais.<\/p>\n<p>Isso permite viver um ambiente diferente: menos concentrado nos grandes teatros e mais distribu\u00eddo pela cidade. \u00c9 tamb\u00e9m uma boa oportunidade para combinar <strong>flamenco gratuito + patrim\u00f3nio + tablao<\/strong> sem ter de encadear v\u00e1rias sess\u00f5es oficiais no mesmo dia.<\/p>\n<\/div><\/div><\/div><\/div><\/div><\/div><\/div><\/section><section class=\"l-section wpb_row height_huge color_alternate with_shape\"><div class=\"l-section-shape type_zigzag pos_top\" style=\"height:3vmin;\"><svg xmlns=\"http:\/\/www.w3.org\/2000\/svg\" viewBox=\"0 0 64 8\" preserveAspectRatio=\"none\" width=\"100%\" height=\"100%\">\r\n\t<path fill=\"currentColor\" d=\"M64 8 L0 8 L0 0 L20 7.9 L40 3 L48 5 L64 0 Z\"\/>\r\n<\/svg><\/div><div class=\"l-section-shape type_zigzag pos_bottom\" style=\"height:3vmin;\"><svg xmlns=\"http:\/\/www.w3.org\/2000\/svg\" viewBox=\"0 0 64 8\" preserveAspectRatio=\"none\" width=\"100%\" height=\"100%\">\r\n\t<path fill=\"currentColor\" d=\"M64 8 L0 8 L0 0 L20 7.9 L40 3 L48 5 L64 0 Z\"\/>\r\n<\/svg><\/div><div class=\"l-section-h i-cf\"><div class=\"g-cols vc_row via_flex valign_top type_default stacking_default\"><div class=\"vc_col-sm-6 wpb_column vc_column_container\"><div class=\"vc_column-inner\"><div class=\"wpb_wrapper\"><div class=\"wpb_text_column\"><div class=\"wpb_wrapper\"><h2 id=\"viernes\">Sexta-feira 4: <em>Cuesti\u00f3n de tiempo<\/em>, Hermanos Aguilar<\/h2>\n<p><strong>21:30 \u00b7 Mosteiro de San Jer\u00f3nimo \u00b7 Acesso livre at\u00e9 \u00e0 lota\u00e7\u00e3o<\/strong><\/p>\n<p>Na sexta-feira, a programa\u00e7\u00e3o anterior \u00e0 Bienal desloca-se para o <strong>Mosteiro de San Jer\u00f3nimo<\/strong> com <em>Cuesti\u00f3n de tiempo<\/em>, uma pe\u00e7a criada e interpretada por <strong>Diego e Hugo Aguilar<\/strong>.<\/p>\n<p>A obra gira em torno da mem\u00f3ria, da identidade, da heran\u00e7a familiar e da forma como o tempo transforma os v\u00ednculos. Est\u00e1 organizada em cinco atos \u2014<em>Lembranza, Albor, Confluencia, Soler<\/em> e <em>Umbral<\/em>\u2014 e parte de uma ideia muito f\u00edsica da transmiss\u00e3o: o passado familiar continua presente no corpo de quem dan\u00e7a.<\/p>\n<p>N\u00e3o \u00e9 uma proposta concebida apenas como exibi\u00e7\u00e3o de baile. Os Aguilar apresentam uma pe\u00e7a c\u00e9nica de car\u00e1ter introspetivo, com a presen\u00e7a do pai dos artistas como s\u00edmbolo da origem e da continuidade.<\/p>\n<p><strong>Porque ir:<\/strong> porque permite come\u00e7ar o fim de semana com uma proposta de cria\u00e7\u00e3o contempor\u00e2nea num espa\u00e7o patrimonial muito diferente dos principais teatros da Bienal.<\/p>\n<\/div><\/div><\/div><\/div><\/div><div class=\"vc_col-sm-6 wpb_column vc_column_container\"><div class=\"vc_column-inner\"><div class=\"wpb_wrapper\"><div class=\"wpb_text_column\"><div class=\"wpb_wrapper\"><h2 id=\"sabado\">S\u00e1bado 5: II Festival Macarena Flamenca<\/h2>\n<p><strong>21:30 \u00b7 Plaza Virgen del Pilar, La Barzola \u00b7 Acesso livre at\u00e9 \u00e0 lota\u00e7\u00e3o<\/strong><\/p>\n<p>No s\u00e1bado, o foco desloca-se para o Distrito Macarena com a segunda edi\u00e7\u00e3o de <strong>Macarena Flamenca<\/strong>, um festival criado em 2025 que este ano presta homenagem a <strong>Jos\u00e9 de la Tomasa<\/strong> pela sua trajet\u00f3ria e pela sua import\u00e2ncia na transmiss\u00e3o dos cantes sevilhanos.<\/p>\n<p>O cartaz re\u00fane v\u00e1rias gera\u00e7\u00f5es e perfis. No cante est\u00e3o anunciados <strong>Potito, Antonio Reyes, Remedios Reyes e Manuel de la Tomasa<\/strong>, com guitarras de Manuel Herrera, Nono Reyes e Julio Romero, al\u00e9m de palmas e acompanhamento. No baile participa <strong>Manuela Amador Carrasco<\/strong>, com cante de Emilio Molina e Manuel Ta\u00f1\u00e9 e guitarra de Luis Amador.<\/p>\n<p><strong>Porque pode ser o grande plano de s\u00e1bado:<\/strong> porque re\u00fane um cartaz amplo, realiza-se ao ar livre num bairro com forte identidade flamenca e funciona como um festival pr\u00f3prio, n\u00e3o como uma simples atua\u00e7\u00e3o isolada.<\/p>\n<\/div><\/div><\/div><\/div><\/div><\/div><\/div><\/section><section class=\"l-section wpb_row height_huge\"><div class=\"l-section-h i-cf\"><div class=\"g-cols vc_row via_flex valign_top type_default stacking_default\"><div class=\"vc_col-sm-6 wpb_column vc_column_container\"><div class=\"vc_column-inner\"><div class=\"wpb_wrapper\"><div class=\"wpb_text_column\"><div class=\"wpb_wrapper\"><h2 id=\"domingo\">Domingo 6: <em>Nazareno y Olivares<\/em>, homenagem a Fosforito<\/h2>\n<p><strong>21:30 \u00b7 Museu de Artes e Costumes Populares \u00b7 Acesso livre at\u00e9 \u00e0 lota\u00e7\u00e3o<\/strong><\/p>\n<p>No domingo, o fim de semana encerra na <strong>Plaza de Am\u00e9rica do Parque de Mar\u00eda Luisa<\/strong>, com uma proposta dedicada a uma das figuras fundamentais do cante do s\u00e9culo XX: <strong>Antonio Fern\u00e1ndez D\u00edaz, Fosforito<\/strong>.<\/p>\n<p><em>Nazareno y Olivares<\/em> percorre a sua vida e obra atrav\u00e9s de uma combina\u00e7\u00e3o de palavra, m\u00fasica e dan\u00e7a. Entre os participantes anunciados encontram-se <strong>Enrique Garc\u00e9s, Bernardo Miranda, Alejandro Hurtado e Yolanda Osuna<\/strong>.<\/p>\n<p>O lugar acrescenta muito ao plano. O Museu de Artes e Costumes Populares ocupa o Pavilh\u00e3o Mud\u00e9jar da Plaza de Am\u00e9rica, pelo que o espet\u00e1culo permite terminar uma tarde no Parque de Mar\u00eda Luisa com um encontro flamenco ligado \u00e0 mem\u00f3ria e ao repert\u00f3rio hist\u00f3rico.<\/p>\n<p><strong>Ideal para:<\/strong> quem prefira cante, guitarra, narrativa e homenagem patrimonial a uma proposta centrada exclusivamente no baile.<\/p>\n<\/div><\/div><\/div><\/div><\/div><div class=\"vc_col-sm-6 wpb_column vc_column_container\"><div class=\"vc_column-inner\"><div class=\"wpb_wrapper\"><div class=\"wpb_text_column\"><div class=\"wpb_wrapper\"><h2 id=\"dia\">O que fazer durante o dia antes dos espet\u00e1culos<\/h2>\n<p>O facto de as tr\u00eas atua\u00e7\u00f5es principais come\u00e7arem \u00e0s 21:30 deixa praticamente todo o dia livre. Isso permite construir dias muito completos sem pressas.<\/p>\n<p>Na sexta-feira pode dedicar a tarde ao centro e depois deslocar-se a San Jer\u00f3nimo. No s\u00e1bado faz sentido percorrer Macarena, Feria, Alameda ou a zona norte antes de ir at\u00e9 La Barzola. No domingo, por sua vez, o pr\u00f3prio Parque de Mar\u00eda Luisa, Plaza de Espa\u00f1a e Plaza de Am\u00e9rica permitem organizar toda a parte final da tarde a poucos minutos do espet\u00e1culo.<\/p>\n<p>Al\u00e9m disso, durante todo o fim de semana h\u00e1 um ponto especialmente recomend\u00e1vel para quem queira aprofundar a hist\u00f3ria e os processos criativos do flamenco: a <strong>Real F\u00e1brica de Artiller\u00eda<\/strong>.<\/p>\n<\/div><\/div><\/div><\/div><\/div><\/div><\/div><\/section><section class=\"l-section wpb_row height_huge color_alternate with_shape\"><div class=\"l-section-shape type_zigzag pos_top hor_flip\" style=\"height:3vmin;\"><svg xmlns=\"http:\/\/www.w3.org\/2000\/svg\" viewBox=\"0 0 64 8\" preserveAspectRatio=\"none\" width=\"100%\" height=\"100%\">\r\n\t<path fill=\"currentColor\" d=\"M64 8 L0 8 L0 0 L20 7.9 L40 3 L48 5 L64 0 Z\"\/>\r\n<\/svg><\/div><div class=\"l-section-shape type_zigzag pos_bottom\" style=\"height:3vmin;\"><svg xmlns=\"http:\/\/www.w3.org\/2000\/svg\" viewBox=\"0 0 64 8\" preserveAspectRatio=\"none\" width=\"100%\" height=\"100%\">\r\n\t<path fill=\"currentColor\" d=\"M64 8 L0 8 L0 0 L20 7.9 L40 3 L48 5 L64 0 Z\"\/>\r\n<\/svg><\/div><div class=\"l-section-h i-cf\"><div class=\"g-cols vc_row via_flex valign_top type_default stacking_default\"><div class=\"vc_col-sm-6 wpb_column vc_column_container\"><div class=\"vc_column-inner\"><div class=\"wpb_wrapper\"><div class=\"wpb_text_column\"><div class=\"wpb_wrapper\"><h2 id=\"artilleria\"><em>La noche azul<\/em>: uma exposi\u00e7\u00e3o para compreender a \u00d3pera Flamenca<\/h2>\n<p>Desde 2 de setembro, a Real F\u00e1brica de Artiller\u00eda recebe a exposi\u00e7\u00e3o <strong><em>La noche azul. \u00d3pera Flamenca en la colecci\u00f3n de Carlos Mart\u00edn Ballester<\/em><\/strong>.<\/p>\n<p>A mostra re\u00fane <strong>328 pe\u00e7as<\/strong> entre cartazes, discos de goma-laca, gramofones, fotografias e documenta\u00e7\u00e3o hist\u00f3rica para explicar como, h\u00e1 cerca de um s\u00e9culo, o flamenco passou dos caf\u00e9s cantantes para os grandes teatros, pra\u00e7as de touros, r\u00e1dio e primeira ind\u00fastria discogr\u00e1fica.<\/p>\n<p>A entrada \u00e9 gratuita. O hor\u00e1rio oficial anunciado \u00e9 das <strong>10:00 \u00e0s 20:00 de segunda-feira a s\u00e1bado<\/strong> e das <strong>10:00 \u00e0s 14:00 aos domingos<\/strong>. Isso torna a visita especialmente f\u00e1cil de encaixar no s\u00e1bado ou no domingo antes de qualquer dos espet\u00e1culos noturnos.<\/p>\n<\/div><\/div><div class=\"w-separator size_medium\"><\/div><div class=\"w-hwrapper valign_top wrap stack_on_mobiles align_center\" style=\"--hwrapper-gap:1.2rem\"><div class=\"w-btn-wrapper align_none\"><a class=\"w-btn us-btn-style_1\" href=\"https:\/\/www.tablaosflamencos.com\/pt-pt\/a-noite-azul-opera-flamenca-bienal-sevilha-2026.html\"><span class=\"w-btn-label\">Guia de La noche azul<\/span><\/a><\/div><\/div><\/div><\/div><\/div><div class=\"vc_col-sm-6 wpb_column vc_column_container\"><div class=\"vc_column-inner\"><div class=\"wpb_wrapper\"><div class=\"wpb_text_column\"><div class=\"wpb_wrapper\"><h2>A partir de s\u00e1bado: a nova Sala de revelado<\/h2>\n<p>A Bienal estreou tamb\u00e9m uma instala\u00e7\u00e3o itinerante sob o lema <strong>\u00abO invis\u00edvel tamb\u00e9m \u00e9 flamenco\u00bb<\/strong>. A <em>Sala de revelado<\/em> mostra processos de ensaio, investiga\u00e7\u00e3o e cria\u00e7\u00e3o que normalmente ficam fora do olhar do p\u00fablico.<\/p>\n<p>Depois de passar por Triana, El Prado\/Nervi\u00f3n e calle Feria, a instala\u00e7\u00e3o fica instalada <strong>a partir de s\u00e1bado, 5 de setembro, na Real F\u00e1brica de Artiller\u00eda<\/strong>. Ali amplia a experi\u00eancia com fotografias documentais, testemunhos, materiais sonoros, podcasts e entrevistas ligados aos processos criativos dos artistas da Bienal.<\/p>\n<p>A combina\u00e7\u00e3o \u00e9 especialmente l\u00f3gica: visitar <em>La noche azul<\/em> e a <em>Sala de revelado<\/em> no mesmo edif\u00edcio permite percorrer duas faces do flamenco \u2014 mem\u00f3ria hist\u00f3rica e cria\u00e7\u00e3o contempor\u00e2nea \u2014 antes de sair \u00e0 noite para ver um espet\u00e1culo.<\/p>\n<\/div><\/div><\/div><\/div><\/div><\/div><\/div><\/section><section class=\"l-section wpb_row height_huge\"><div class=\"l-section-h i-cf\"><div class=\"g-cols vc_row via_flex valign_top type_default stacking_default\"><div class=\"vc_col-sm-6 wpb_column vc_column_container\"><div class=\"vc_column-inner\"><div class=\"wpb_wrapper\"><div class=\"wpb_text_column\"><div class=\"wpb_wrapper\"><h2 id=\"tablaos\">Se preferir garantir lugar: tablaos durante todo o fim de semana<\/h2>\n<p>Os tr\u00eas grandes eventos pr\u00e9vios de sexta-feira, s\u00e1bado e domingo s\u00e3o gratuitos at\u00e9 \u00e0 lota\u00e7\u00e3o. Isso tem uma vantagem evidente, mas tamb\u00e9m um limite: <strong>n\u00e3o equivale a ter um lugar garantido<\/strong>.<\/p>\n<p>Se chegar tarde, viajar com um hor\u00e1rio muito apertado ou simplesmente preferir reservar com anteced\u00eancia, os tablaos de Sevilha mant\u00eam a sua programa\u00e7\u00e3o habitual durante todo o fim de semana. H\u00e1 op\u00e7\u00f5es em Las Setas, Santa Cruz, Arenal, Plaza Nueva, centro hist\u00f3rico e Triana, normalmente com formatos de cerca de uma hora.<\/p>\n<p>Tamb\u00e9m pode ser um bom complemento: exposi\u00e7\u00e3o ou atividade de dia, evento gratuito \u00e0s 21:30 e tablao noutro dia. N\u00e3o \u00e9 necess\u00e1rio tentar fazer tudo na mesma noite.<\/p>\n<\/div><\/div><div class=\"w-separator size_medium\"><\/div><div class=\"w-hwrapper valign_top wrap stack_on_mobiles align_center\" style=\"--hwrapper-gap:1.2rem\"><div class=\"w-btn-wrapper align_none\"><a class=\"w-btn us-btn-style_1\" href=\"https:\/\/www.tablaosflamencos.com\/pt-pt\/flamenco-sevilha-bienal-2026-espetaculos-fora-programacao-oficial.html\"><span class=\"w-btn-label\">Comparar tablaos em Sevilha<\/span><\/a><\/div><\/div><\/div><\/div><\/div><div class=\"vc_col-sm-6 wpb_column vc_column_container\"><div class=\"vc_column-inner\"><div class=\"wpb_wrapper\"><div class=\"wpb_text_column\"><div class=\"wpb_wrapper\"><h2>Que plano escolher de acordo com os seus interesses<\/h2>\n<ul>\n<li><strong>Baile e cria\u00e7\u00e3o contempor\u00e2nea:<\/strong> Hermanos Aguilar, sexta-feira 4.<\/li>\n<li><strong>Festival de cante com cartaz amplo:<\/strong> Macarena Flamenca, s\u00e1bado 5.<\/li>\n<li><strong>Hist\u00f3ria do cante e homenagem a uma figura essencial:<\/strong> Fosforito, domingo 6.<\/li>\n<li><strong>Hist\u00f3ria e patrim\u00f3nio documental:<\/strong> <em>La noche azul<\/em>.<\/li>\n<li><strong>Processos criativos atuais:<\/strong> <em>Sala de revelado<\/em>.<\/li>\n<li><strong>Hor\u00e1rio reservado e espet\u00e1culo regular:<\/strong> tablao.<\/li>\n<\/ul>\n<p>Se s\u00f3 puder escolher uma noite, a decis\u00e3o depende mais do tipo de flamenco que procura do que de uma hierarquia absoluta. S\u00e3o propostas muito diferentes e precisamente essa diversidade \u00e9 um dos atrativos do fim de semana antes da Bienal.<\/p>\n<\/div><\/div><\/div><\/div><\/div><\/div><\/div><\/section><section class=\"l-section wpb_row height_huge color_alternate with_shape\"><div class=\"l-section-shape type_zigzag pos_top\" style=\"height:3vmin;\"><svg xmlns=\"http:\/\/www.w3.org\/2000\/svg\" viewBox=\"0 0 64 8\" preserveAspectRatio=\"none\" width=\"100%\" height=\"100%\">\r\n\t<path fill=\"currentColor\" d=\"M64 8 L0 8 L0 0 L20 7.9 L40 3 L48 5 L64 0 Z\"\/>\r\n<\/svg><\/div><div class=\"l-section-shape type_zigzag pos_bottom\" style=\"height:3vmin;\"><svg xmlns=\"http:\/\/www.w3.org\/2000\/svg\" viewBox=\"0 0 64 8\" preserveAspectRatio=\"none\" width=\"100%\" height=\"100%\">\r\n\t<path fill=\"currentColor\" d=\"M64 8 L0 8 L0 0 L20 7.9 L40 3 L48 5 L64 0 Z\"\/>\r\n<\/svg><\/div><div class=\"l-section-h i-cf\"><div class=\"g-cols vc_row via_flex valign_top type_default stacking_default\"><div class=\"vc_col-sm-12 wpb_column vc_column_container\"><div class=\"vc_column-inner\"><div class=\"wpb_wrapper\"><div class=\"wpb_text_column\"><div class=\"wpb_wrapper\"><h2 id=\"agenda\" style=\"text-align: center;\">Agenda r\u00e1pida: flamenco em Sevilha de 4 a 6 de setembro de 2026<\/h2>\n<div style=\"overflow-x: auto;\">\n<table>\n<thead>\n<tr>\n<th>Dia<\/th>\n<th>Plano<\/th>\n<th>Hora<\/th>\n<th>Local<\/th>\n<th>Acesso<\/th>\n<\/tr>\n<\/thead>\n<tbody>\n<tr>\n<td>Sexta-feira 4<\/td>\n<td><strong>Hermanos Aguilar \u2014 <em>Cuesti\u00f3n de tiempo<\/em><\/strong><\/td>\n<td>21:30<\/td>\n<td>Mosteiro de San Jer\u00f3nimo<\/td>\n<td>Livre at\u00e9 \u00e0 lota\u00e7\u00e3o<\/td>\n<\/tr>\n<tr>\n<td>S\u00e1bado 5<\/td>\n<td><strong>II Festival Macarena Flamenca<\/strong><\/td>\n<td>21:30<\/td>\n<td>Plaza Virgen del Pilar, La Barzola<\/td>\n<td>Livre at\u00e9 \u00e0 lota\u00e7\u00e3o<\/td>\n<\/tr>\n<tr>\n<td>Domingo 6<\/td>\n<td><strong><em>Nazareno y Olivares<\/em> \u2014 Homenagem a Fosforito<\/strong><\/td>\n<td>21:30<\/td>\n<td>Museu de Artes e Costumes Populares<\/td>\n<td>Livre at\u00e9 \u00e0 lota\u00e7\u00e3o<\/td>\n<\/tr>\n<tr>\n<td>S\u00e1bado 5<\/td>\n<td><strong><em>La noche azul<\/em> + Sala de revelado<\/strong><\/td>\n<td>10:00\u201320:00<\/td>\n<td>Real F\u00e1brica de Artiller\u00eda<\/td>\n<td>Gratuito<\/td>\n<\/tr>\n<tr>\n<td>Domingo 6<\/td>\n<td><strong><em>La noche azul<\/em> + Sala de revelado<\/strong><\/td>\n<td>10:00\u201314:00<\/td>\n<td>Real F\u00e1brica de Artiller\u00eda<\/td>\n<td>Gratuito<\/td>\n<\/tr>\n<\/tbody>\n<\/table>\n<\/div>\n<\/div><\/div><\/div><\/div><\/div><\/div><\/div><\/section><section class=\"l-section wpb_row height_huge\"><div class=\"l-section-h i-cf\"><div class=\"g-cols vc_row via_flex valign_top type_default stacking_default\"><div class=\"vc_col-sm-6 wpb_column vc_column_container\"><div class=\"vc_column-inner\"><div class=\"wpb_wrapper\"><div class=\"wpb_text_column\"><div class=\"wpb_wrapper\"><h2 id=\"organizar\">Como organizar o fim de semana sem correr<\/h2>\n<p>Uma boa estrat\u00e9gia \u00e9 reservar cada noite para um \u00fanico evento principal e usar o dia para conhecer a cidade. N\u00e3o \u00e9 preciso transformar o fim de semana numa maratona.<\/p>\n<p><strong>Sexta-feira:<\/strong> centro hist\u00f3rico \u00e0 tarde + San Jer\u00f3nimo \u00e0s 21:30.<\/p>\n<p><strong>S\u00e1bado:<\/strong> Artiller\u00eda de manh\u00e3 ou no in\u00edcio da tarde + Macarena e Alameda + Festival Macarena Flamenca \u00e0 noite.<\/p>\n<p><strong>Domingo:<\/strong> Artiller\u00eda de manh\u00e3 + Parque de Mar\u00eda Luisa e Plaza de Espa\u00f1a \u00e0 tarde + homenagem a Fosforito \u00e0s 21:30.<\/p>\n<p>Para os eventos gratuitos, recomendamos chegar com margem. Num evento sem bilhete numerado, a anteced\u00eancia \u00e9 muito mais importante do que num espet\u00e1culo reservado.<\/p>\n<\/div><\/div><\/div><\/div><\/div><div class=\"vc_col-sm-6 wpb_column vc_column_container\"><div class=\"vc_column-inner\"><div class=\"wpb_wrapper\"><div class=\"wpb_text_column\"><div class=\"wpb_wrapper\"><h2 id=\"despues\">E depois: a Bienal come\u00e7a oficialmente no dia 9<\/h2>\n<p>O fim de semana n\u00e3o \u00e9 o fim desta programa\u00e7\u00e3o pr\u00e9via. Na ter\u00e7a-feira 8 continua o ciclo de cinema <em>Flamencas<\/em> e na quarta-feira <strong>9 de setembro<\/strong> chega o arranque oficial com o <strong>Preg\u00f3n Cantado<\/strong> na Plaza de San Francisco.<\/p>\n<p>A partir da\u00ed muda a escala: come\u00e7am as grandes sess\u00f5es e a programa\u00e7\u00e3o expande-se pelos principais espa\u00e7os da edi\u00e7\u00e3o. Se vai ficar em Sevilha mais dias, conv\u00e9m passar deste guia de fim de semana para o nosso <strong>guia completo da Bienal<\/strong> e para o artigo espec\u00edfico sobre <strong>o primeiro fim de semana oficial<\/strong>, que j\u00e1 cobre os espet\u00e1culos a partir de 9 de setembro.<\/p>\n<\/div><\/div><div class=\"w-separator size_medium\"><\/div><div class=\"w-hwrapper valign_top wrap stack_on_mobiles align_center\" style=\"--hwrapper-gap:1.2rem\"><div class=\"w-btn-wrapper align_none\"><a class=\"w-btn us-btn-style_1\" href=\"https:\/\/www.tablaosflamencos.com\/pt-pt\/bienal-flamenco-sevilha-2026.html\"><span class=\"w-btn-label\">Guia completo Bienal 2026<\/span><\/a><\/div><div class=\"w-btn-wrapper align_none\"><a class=\"w-btn us-btn-style_1\" href=\"https:\/\/www.tablaosflamencos.com\/pt-pt\/o-que-ver-primeiro-fim-de-semana-bienal-flamenco-sevilha-2026.html\"><span class=\"w-btn-label\">O que ver no primeiro fim de semana oficial<\/span><\/a><\/div><\/div><\/div><\/div><\/div><\/div><\/div><\/section><section class=\"l-section wpb_row height_huge color_alternate with_shape\"><div class=\"l-section-shape type_zigzag pos_top hor_flip\" style=\"height:3vmin;\"><svg xmlns=\"http:\/\/www.w3.org\/2000\/svg\" viewBox=\"0 0 64 8\" preserveAspectRatio=\"none\" width=\"100%\" height=\"100%\">\r\n\t<path fill=\"currentColor\" d=\"M64 8 L0 8 L0 0 L20 7.9 L40 3 L48 5 L64 0 Z\"\/>\r\n<\/svg><\/div><div class=\"l-section-shape type_zigzag pos_bottom\" style=\"height:3vmin;\"><svg xmlns=\"http:\/\/www.w3.org\/2000\/svg\" viewBox=\"0 0 64 8\" preserveAspectRatio=\"none\" width=\"100%\" height=\"100%\">\r\n\t<path fill=\"currentColor\" d=\"M64 8 L0 8 L0 0 L20 7.9 L40 3 L48 5 L64 0 Z\"\/>\r\n<\/svg><\/div><div class=\"l-section-h i-cf\"><div class=\"g-cols vc_row via_flex valign_top type_default stacking_default\"><div class=\"vc_col-sm-12 wpb_column vc_column_container\"><div class=\"vc_column-inner\"><div class=\"wpb_wrapper\"><div class=\"wpb_text_column\"><div class=\"wpb_wrapper\"><h2 style=\"text-align: center;\">A Bienal ainda n\u00e3o come\u00e7ou oficialmente, mas Sevilha j\u00e1 est\u00e1 em modo flamenco<\/h2>\n<p style=\"text-align: center;\">O fim de semana de 4 a 6 de setembro oferece uma combina\u00e7\u00e3o especialmente atrativa: tr\u00eas atua\u00e7\u00f5es gratuitas \u00e0 noite, duas propostas culturais de dia na Real F\u00e1brica de Artiller\u00eda e toda a programa\u00e7\u00e3o habitual dos tablaos.<\/p>\n<p style=\"text-align: center;\">Se vai estar em Sevilha nestes dias, n\u00e3o precisa de esperar at\u00e9 9 de setembro para come\u00e7ar a viver a Bienal. A cidade j\u00e1 est\u00e1 a mostrar parte do que a\u00ed vem: <strong>baile, cante, mem\u00f3ria, patrim\u00f3nio, cria\u00e7\u00e3o e flamenco na rua<\/strong>.<\/p>\n<\/div><\/div><div class=\"w-separator size_medium\"><\/div><div class=\"w-hwrapper valign_top wrap stack_on_mobiles align_center\" style=\"--hwrapper-gap:1.2rem\"><div class=\"w-btn-wrapper align_none\"><a class=\"w-btn us-btn-style_1\" href=\"https:\/\/www.tablaosflamencos.com\/pt-pt\/bienal-flamenco-sevilha-2026-gratis.html\"><span class=\"w-btn-label\">Ver atividades gratuitas da Bienal<\/span><\/a><\/div><\/div><\/div><\/div><\/div><\/div><\/div><\/section><section class=\"l-section wpb_row height_huge with_shape\"><div class=\"l-section-shape type_zigzag pos_bottom\" style=\"height:3vmin;\"><svg xmlns=\"http:\/\/www.w3.org\/2000\/svg\" viewBox=\"0 0 64 8\" preserveAspectRatio=\"none\" width=\"100%\" height=\"100%\">\r\n\t<path fill=\"currentColor\" d=\"M64 8 L0 8 L0 0 L20 7.9 L40 3 L48 5 L64 0 Z\"\/>\r\n<\/svg><\/div><div class=\"l-section-h i-cf\"><div class=\"g-cols vc_row via_flex valign_top type_default stacking_default\"><div class=\"vc_col-sm-1\/5 wpb_column vc_column_container\"><div class=\"vc_column-inner\"><div class=\"wpb_wrapper\"><\/div><\/div><\/div><div class=\"vc_col-sm-3\/5 wpb_column vc_column_container\"><div class=\"vc_column-inner\"><div class=\"wpb_wrapper\"><div class=\"wpb_text_column\"><div class=\"wpb_wrapper\"><h2 id=\"faq\" style=\"text-align: center;\">Perguntas frequentes sobre flamenco em Sevilha este fim de semana<\/h2>\n<\/div><\/div><div class=\"w-separator size_medium\"><\/div><div class=\"w-tabs accordion toggle_style_1 has_scrolling\" style=\"--sections-title-size:inherit;--sections-gap:0.5rem;\"><div class=\"w-tabs-sections titles-align_none icon_chevron cpos_right\"><div class=\"w-tabs-section\" id=\"m378\"><button type=\"button\" class=\"w-tabs-section-header\" aria-controls=\"content-m378\" aria-expanded=\"false\"><div class=\"w-tabs-section-title\">Que flamenco h\u00e1 em Sevilha este fim de semana, de 4 a 6 de setembro de 2026?<\/div><div class=\"w-tabs-section-control\"><\/div><\/button><div  class=\"w-tabs-section-content\" id=\"content-m378\"><div class=\"w-tabs-section-content-h i-cf\"><div class=\"wpb_text_column\"><div class=\"wpb_wrapper\"><p>Na sexta-feira 4 atuam os Hermanos Aguilar com <em>Cuesti\u00f3n de tiempo<\/em> no Mosteiro de San Jer\u00f3nimo; no s\u00e1bado 5 realiza-se o II Festival Macarena Flamenca na Plaza Virgen del Pilar; e no domingo 6 tem lugar <em>Nazareno y Olivares<\/em>, homenagem a Fosforito, no Museu de Artes e Costumes Populares. Os tr\u00eas eventos come\u00e7am \u00e0s 21:30.<\/p>\n<\/div><\/div><\/div><\/div><\/div><div class=\"w-tabs-section\" id=\"c469\"><button type=\"button\" class=\"w-tabs-section-header\" aria-controls=\"content-c469\" aria-expanded=\"false\"><div class=\"w-tabs-section-title\">Os espet\u00e1culos antes da Bienal deste fim de semana s\u00e3o gratuitos?<\/div><div class=\"w-tabs-section-control\"><\/div><\/button><div  class=\"w-tabs-section-content\" id=\"content-c469\"><div class=\"w-tabs-section-content-h i-cf\"><div class=\"wpb_text_column\"><div class=\"wpb_wrapper\"><p>Sim. As atua\u00e7\u00f5es de 4, 5 e 6 de setembro est\u00e3o anunciadas com acesso livre at\u00e9 \u00e0 lota\u00e7\u00e3o, pelo que conv\u00e9m chegar com anteced\u00eancia.<\/p>\n<\/div><\/div><\/div><\/div><\/div><div class=\"w-tabs-section\" id=\"v54f\"><button type=\"button\" class=\"w-tabs-section-header\" aria-controls=\"content-v54f\" aria-expanded=\"false\"><div class=\"w-tabs-section-title\">Quando come\u00e7a oficialmente a Bienal de Flamenco de Sevilha 2026?<\/div><div class=\"w-tabs-section-control\"><\/div><\/button><div  class=\"w-tabs-section-content\" id=\"content-v54f\"><div class=\"w-tabs-section-content-h i-cf\"><div class=\"wpb_text_column\"><div class=\"wpb_wrapper\"><p>A XXIV Bienal de Flamenco realiza-se oficialmente de 9 de setembro a 3 de outubro de 2026. No entanto, v\u00e1rias atividades paralelas e atua\u00e7\u00f5es come\u00e7am antes do dia 9.<\/p>\n<\/div><\/div><\/div><\/div><\/div><div class=\"w-tabs-section\" id=\"g638\"><button type=\"button\" class=\"w-tabs-section-header\" aria-controls=\"content-g638\" aria-expanded=\"false\"><div class=\"w-tabs-section-title\">O que posso ver na sexta-feira 4 de setembro?<\/div><div class=\"w-tabs-section-control\"><\/div><\/button><div  class=\"w-tabs-section-content\" id=\"content-g638\"><div class=\"w-tabs-section-content-h i-cf\"><div class=\"wpb_text_column\"><div class=\"wpb_wrapper\"><p><em>Cuesti\u00f3n de tiempo<\/em>, dos Hermanos Aguilar, \u00e0s 21:30 no Mosteiro de San Jer\u00f3nimo. \u00c9 uma pe\u00e7a de baile e cria\u00e7\u00e3o contempor\u00e2nea centrada na mem\u00f3ria, identidade e heran\u00e7a familiar.<\/p>\n<\/div><\/div><\/div><\/div><\/div><div class=\"w-tabs-section\" id=\"s70b\"><button type=\"button\" class=\"w-tabs-section-header\" aria-controls=\"content-s70b\" aria-expanded=\"false\"><div class=\"w-tabs-section-title\">O que h\u00e1 no s\u00e1bado 5 de setembro?<\/div><div class=\"w-tabs-section-control\"><\/div><\/button><div  class=\"w-tabs-section-content\" id=\"content-s70b\"><div class=\"w-tabs-section-content-h i-cf\"><div class=\"wpb_text_column\"><div class=\"wpb_wrapper\"><p>O II Festival Macarena Flamenca realiza-se \u00e0s 21:30 na Plaza Virgen del Pilar, em La Barzola, e presta homenagem a Jos\u00e9 de la Tomasa. O cartaz inclui, entre outros, Potito, Antonio Reyes, Remedios Reyes, Manuel de la Tomasa e Manuela Amador Carrasco.<\/p>\n<\/div><\/div><\/div><\/div><\/div><div class=\"w-tabs-section\" id=\"e7dd\"><button type=\"button\" class=\"w-tabs-section-header\" aria-controls=\"content-e7dd\" aria-expanded=\"false\"><div class=\"w-tabs-section-title\">O que h\u00e1 no domingo 6 de setembro?<\/div><div class=\"w-tabs-section-control\"><\/div><\/button><div  class=\"w-tabs-section-content\" id=\"content-e7dd\"><div class=\"w-tabs-section-content-h i-cf\"><div class=\"wpb_text_column\"><div class=\"wpb_wrapper\"><p>\u00c0s 21:30 apresenta-se <em>Nazareno y Olivares<\/em> no Museu de Artes e Costumes Populares, uma proposta dedicada \u00e0 vida e obra de Fosforito atrav\u00e9s de m\u00fasica, palavra e dan\u00e7a.<\/p>\n<\/div><\/div><\/div><\/div><\/div><div class=\"w-tabs-section\" id=\"w8b0\"><button type=\"button\" class=\"w-tabs-section-header\" aria-controls=\"content-w8b0\" aria-expanded=\"false\"><div class=\"w-tabs-section-title\">H\u00e1 programas de flamenco durante o dia?<\/div><div class=\"w-tabs-section-control\"><\/div><\/button><div  class=\"w-tabs-section-content\" id=\"content-w8b0\"><div class=\"w-tabs-section-content-h i-cf\"><div class=\"wpb_text_column\"><div class=\"wpb_wrapper\"><p>Sim. A Real F\u00e1brica de Artiller\u00eda recebe a exposi\u00e7\u00e3o gratuita <em>La noche azul<\/em> e, a partir de s\u00e1bado 5, tamb\u00e9m a <em>Sala de revelado<\/em>, dedicada a mostrar os processos criativos dos artistas da Bienal.<\/p>\n<\/div><\/div><\/div><\/div><\/div><div class=\"w-tabs-section\" id=\"n993\"><button type=\"button\" class=\"w-tabs-section-header\" aria-controls=\"content-n993\" aria-expanded=\"false\"><div class=\"w-tabs-section-title\">Qual \u00e9 o hor\u00e1rio de La noche azul este fim de semana?<\/div><div class=\"w-tabs-section-control\"><\/div><\/button><div  class=\"w-tabs-section-content\" id=\"content-n993\"><div class=\"w-tabs-section-content-h i-cf\"><div class=\"wpb_text_column\"><div class=\"wpb_wrapper\"><p>O hor\u00e1rio oficial da exposi\u00e7\u00e3o \u00e9 das 10:00 \u00e0s 20:00 de segunda-feira a s\u00e1bado e das 10:00 \u00e0s 14:00 aos domingos. A entrada \u00e9 gratuita.<\/p>\n<\/div><\/div><\/div><\/div><\/div><div class=\"w-tabs-section\" id=\"ta5c\"><button type=\"button\" class=\"w-tabs-section-header\" aria-controls=\"content-ta5c\" aria-expanded=\"false\"><div class=\"w-tabs-section-title\">Posso reservar um tablao se n\u00e3o quiser depender da lota\u00e7\u00e3o dos eventos gratuitos?<\/div><div class=\"w-tabs-section-control\"><\/div><\/button><div  class=\"w-tabs-section-content\" id=\"content-ta5c\"><div class=\"w-tabs-section-content-h i-cf\"><div class=\"wpb_text_column\"><div class=\"wpb_wrapper\"><p>Sim. Os tablaos de Sevilha mant\u00eam a sua programa\u00e7\u00e3o habitual durante todo o fim de semana. \u00c9 uma alternativa recomend\u00e1vel se quiser garantir lugar, escolher um hor\u00e1rio concreto ou combinar uma das atividades antes da Bienal com outro espet\u00e1culo flamenco.<\/p>\n<\/div><\/div><\/div><\/div><\/div><div class=\"w-tabs-section\" id=\"gb29\"><button type=\"button\" class=\"w-tabs-section-header\" aria-controls=\"content-gb29\" aria-expanded=\"false\"><div class=\"w-tabs-section-title\">O que acontece depois deste fim de semana?<\/div><div class=\"w-tabs-section-control\"><\/div><\/button><div  class=\"w-tabs-section-content\" id=\"content-gb29\"><div class=\"w-tabs-section-content-h i-cf\"><div class=\"wpb_text_column\"><div class=\"wpb_wrapper\"><p>A programa\u00e7\u00e3o pr\u00e9via continua a 8 de setembro e a Bienal come\u00e7a oficialmente no dia 9. A partir da\u00ed come\u00e7am as grandes produ\u00e7\u00f5es, estreias e ciclos nos principais espa\u00e7os de Sevilha.<\/p>\n<\/div><\/div><\/div><\/div><\/div><\/div><\/div><\/div><\/div><\/div><div class=\"vc_col-sm-1\/5 wpb_column vc_column_container\"><div class=\"vc_column-inner\"><div class=\"wpb_wrapper\"><\/div><\/div><\/div><\/div><\/div><\/section>\n","protected":false},"excerpt":{"rendered":"<p>O que ver em Sevilha de 4 a 6 de setembro de 2026 antes da Bienal: espet\u00e1culos gratuitos, exposi\u00e7\u00f5es, tablaos e planos pr\u00e1ticos.<\/p>\n","protected":false},"author":1,"featured_media":14517,"comment_status":"closed","ping_status":"closed","sticky":false,"template":"","format":"standard","meta":{"_acf_changed":false,"wpai_generated_summary":"","_ayudawp_aiss_exclude":false,"_ayudawp_aiss_exclude_summary":false,"_ayudawp_aiss_summary":"","_ayudawp_aiss_summary_provider":"","_ayudawp_aiss_summary_hash":"","footnotes":""},"categories":[1430],"tags":[1255,1256,1257,1258,1188,1259,1260],"class_list":["post-14541","post","type-post","status-publish","format-standard","has-post-thumbnail","hentry","category-bienal-flamenco-sevilha","tag-agenda-flamenca","tag-bienal-2026","tag-bienal-de-flamenco","tag-festivales-flamencos","tag-flamenco-en-sevilla","tag-sevilla","tag-tablaos-de-sevilla"],"acf":[],"yoast_head":"<!-- This site is optimized with the Yoast SEO Premium plugin v28.4 (Yoast SEO v28.4) - https:\/\/yoast.com\/product\/yoast-seo-premium-wordpress\/ -->\n<title>Flamenco em Sevilha este fim de semana: 4\u20136 setembro<\/title>\n<meta name=\"description\" content=\"O que ver em Sevilha de 4 a 6 de setembro de 2026 antes da Bienal: Hermanos Aguilar, Macarena Flamenca, homenagem a Fosforito, exposi\u00e7\u00f5es e tablaos.\" \/>\n<meta name=\"robots\" content=\"index, follow, max-snippet:-1, max-image-preview:large, max-video-preview:-1\" \/>\n<link rel=\"canonical\" href=\"https:\/\/www.tablaosflamencos.com\/pt-pt\/flamenco-sevilha-fim-semana-antes-bienal-2026.html\" \/>\n<meta property=\"og:locale\" content=\"pt_PT\" \/>\n<meta property=\"og:type\" content=\"article\" \/>\n<meta property=\"og:title\" content=\"Flamenco em Sevilha este fim de semana: o que ver antes da Bienal\" \/>\n<meta property=\"og:description\" content=\"O que ver em Sevilha de 4 a 6 de setembro de 2026 antes da Bienal: Hermanos Aguilar, Macarena Flamenca, homenagem a Fosforito, exposi\u00e7\u00f5es e tablaos.\" \/>\n<meta property=\"og:url\" content=\"https:\/\/www.tablaosflamencos.com\/pt-pt\/flamenco-sevilha-fim-semana-antes-bienal-2026.html\" \/>\n<meta property=\"og:site_name\" content=\"Tablaos Flamencos\" \/>\n<meta property=\"article:publisher\" content=\"https:\/\/www.facebook.com\/tablaosflamencos\" \/>\n<meta property=\"article:published_time\" content=\"2026-09-04T16:48:29+00:00\" \/>\n<meta property=\"article:modified_time\" content=\"2026-09-04T17:16:25+00:00\" \/>\n<meta property=\"og:image\" content=\"https:\/\/www.tablaosflamencos.com\/wp-content\/uploads\/flamenco-en-sevilla-este-fin-de-semana-que-ver-antes-de-la-bienal-01.webp\" \/>\n\t<meta property=\"og:image:width\" content=\"1672\" \/>\n\t<meta property=\"og:image:height\" content=\"941\" \/>\n\t<meta property=\"og:image:type\" content=\"image\/webp\" \/>\n<meta name=\"author\" content=\"Miguel Ortiz\" \/>\n<meta name=\"twitter:card\" content=\"summary_large_image\" \/>\n<meta name=\"twitter:creator\" content=\"@tablaosflamenco\" \/>\n<meta name=\"twitter:site\" content=\"@tablaosflamenco\" \/>\n<meta name=\"twitter:label1\" content=\"Escrito por\" \/>\n\t<meta name=\"twitter:data1\" content=\"Miguel Ortiz\" \/>\n\t<meta name=\"twitter:label2\" content=\"Tempo estimado de leitura\" \/>\n\t<meta name=\"twitter:data2\" content=\"17 minutos\" \/>\n<script type=\"application\/ld+json\" class=\"yoast-schema-graph\">{\"@context\":\"https:\\\/\\\/schema.org\",\"@graph\":[{\"@type\":\"Article\",\"@id\":\"https:\\\/\\\/www.tablaosflamencos.com\\\/pt-pt\\\/flamenco-sevilha-fim-semana-antes-bienal-2026.html#article\",\"isPartOf\":{\"@id\":\"https:\\\/\\\/www.tablaosflamencos.com\\\/pt-pt\\\/flamenco-sevilha-fim-semana-antes-bienal-2026.html\"},\"author\":{\"name\":\"Miguel Ortiz\",\"@id\":\"https:\\\/\\\/www.tablaosflamencos.com\\\/pt-pt#\\\/schema\\\/person\\\/e7a9ebe14eb75a52ceabfbffb3c54f5d\"},\"headline\":\"Flamenco em Sevilha este fim de semana: o que ver antes da Bienal\",\"datePublished\":\"2026-09-04T16:48:29+00:00\",\"dateModified\":\"2026-09-04T17:16:25+00:00\",\"mainEntityOfPage\":{\"@id\":\"https:\\\/\\\/www.tablaosflamencos.com\\\/pt-pt\\\/flamenco-sevilha-fim-semana-antes-bienal-2026.html\"},\"wordCount\":3400,\"publisher\":{\"@id\":\"https:\\\/\\\/www.tablaosflamencos.com\\\/pt-pt#organization\"},\"image\":{\"@id\":\"https:\\\/\\\/www.tablaosflamencos.com\\\/pt-pt\\\/flamenco-sevilha-fim-semana-antes-bienal-2026.html#primaryimage\"},\"thumbnailUrl\":\"https:\\\/\\\/www.tablaosflamencos.com\\\/wp-content\\\/uploads\\\/flamenco-en-sevilla-este-fin-de-semana-que-ver-antes-de-la-bienal-01.webp\",\"keywords\":[\"agenda flamenca\",\"Bienal 2026\",\"Bienal de Flamenco\",\"festivales flamencos\",\"flamenco en Sevilla\",\"sevilla\",\"tablaos de Sevilla\"],\"articleSection\":[\"Bienal de Flamenco de Sevilha\"],\"inLanguage\":\"pt-PT\"},{\"@type\":\"WebPage\",\"@id\":\"https:\\\/\\\/www.tablaosflamencos.com\\\/pt-pt\\\/flamenco-sevilha-fim-semana-antes-bienal-2026.html\",\"url\":\"https:\\\/\\\/www.tablaosflamencos.com\\\/pt-pt\\\/flamenco-sevilha-fim-semana-antes-bienal-2026.html\",\"name\":\"Flamenco em Sevilha este fim de semana: 4\u20136 setembro\",\"isPartOf\":{\"@id\":\"https:\\\/\\\/www.tablaosflamencos.com\\\/pt-pt#website\"},\"primaryImageOfPage\":{\"@id\":\"https:\\\/\\\/www.tablaosflamencos.com\\\/pt-pt\\\/flamenco-sevilha-fim-semana-antes-bienal-2026.html#primaryimage\"},\"image\":{\"@id\":\"https:\\\/\\\/www.tablaosflamencos.com\\\/pt-pt\\\/flamenco-sevilha-fim-semana-antes-bienal-2026.html#primaryimage\"},\"thumbnailUrl\":\"https:\\\/\\\/www.tablaosflamencos.com\\\/wp-content\\\/uploads\\\/flamenco-en-sevilla-este-fin-de-semana-que-ver-antes-de-la-bienal-01.webp\",\"datePublished\":\"2026-09-04T16:48:29+00:00\",\"dateModified\":\"2026-09-04T17:16:25+00:00\",\"description\":\"O que ver em Sevilha de 4 a 6 de setembro de 2026 antes da Bienal: Hermanos Aguilar, Macarena Flamenca, homenagem a Fosforito, exposi\u00e7\u00f5es e tablaos.\",\"breadcrumb\":{\"@id\":\"https:\\\/\\\/www.tablaosflamencos.com\\\/pt-pt\\\/flamenco-sevilha-fim-semana-antes-bienal-2026.html#breadcrumb\"},\"inLanguage\":\"pt-PT\",\"potentialAction\":[{\"@type\":\"ReadAction\",\"target\":[\"https:\\\/\\\/www.tablaosflamencos.com\\\/pt-pt\\\/flamenco-sevilha-fim-semana-antes-bienal-2026.html\"]}]},{\"@type\":\"ImageObject\",\"inLanguage\":\"pt-PT\",\"@id\":\"https:\\\/\\\/www.tablaosflamencos.com\\\/pt-pt\\\/flamenco-sevilha-fim-semana-antes-bienal-2026.html#primaryimage\",\"url\":\"https:\\\/\\\/www.tablaosflamencos.com\\\/wp-content\\\/uploads\\\/flamenco-en-sevilla-este-fin-de-semana-que-ver-antes-de-la-bienal-01.webp\",\"contentUrl\":\"https:\\\/\\\/www.tablaosflamencos.com\\\/wp-content\\\/uploads\\\/flamenco-en-sevilla-este-fin-de-semana-que-ver-antes-de-la-bienal-01.webp\",\"width\":1672,\"height\":941,\"caption\":\"Flamenco en Sevilla este fin de semana: qu\u00e9 ver antes de la Bienal\"},{\"@type\":\"BreadcrumbList\",\"@id\":\"https:\\\/\\\/www.tablaosflamencos.com\\\/pt-pt\\\/flamenco-sevilha-fim-semana-antes-bienal-2026.html#breadcrumb\",\"itemListElement\":[{\"@type\":\"ListItem\",\"position\":1,\"name\":\"Home\",\"item\":\"https:\\\/\\\/www.tablaosflamencos.com\\\/pt-pt\"},{\"@type\":\"ListItem\",\"position\":2,\"name\":\"Flamenco em Sevilha este fim de semana: o que ver antes da Bienal\"}]},{\"@type\":\"WebSite\",\"@id\":\"https:\\\/\\\/www.tablaosflamencos.com\\\/pt-pt#website\",\"url\":\"https:\\\/\\\/www.tablaosflamencos.com\\\/pt-pt\",\"name\":\"Tablaos Flamencos\",\"description\":\"Entradas para tablaos flamencos de Espa\u00f1a\",\"publisher\":{\"@id\":\"https:\\\/\\\/www.tablaosflamencos.com\\\/pt-pt#organization\"},\"alternateName\":\"Tablaos Flamencos\",\"potentialAction\":[{\"@type\":\"SearchAction\",\"target\":{\"@type\":\"EntryPoint\",\"urlTemplate\":\"https:\\\/\\\/www.tablaosflamencos.com\\\/pt-pt?s={search_term_string}\"},\"query-input\":{\"@type\":\"PropertyValueSpecification\",\"valueRequired\":true,\"valueName\":\"search_term_string\"}}],\"inLanguage\":\"pt-PT\"},{\"@type\":[\"Organization\",\"Place\",\"EntertainmentBusiness\"],\"@id\":\"https:\\\/\\\/www.tablaosflamencos.com\\\/pt-pt#organization\",\"name\":\"Tablaos Flamencos\",\"alternateName\":\"Tablaos Flamencos\",\"url\":\"https:\\\/\\\/www.tablaosflamencos.com\\\/pt-pt\",\"logo\":{\"@id\":\"https:\\\/\\\/www.tablaosflamencos.com\\\/pt-pt\\\/flamenco-sevilha-fim-semana-antes-bienal-2026.html#local-main-organization-logo\"},\"image\":{\"@id\":\"https:\\\/\\\/www.tablaosflamencos.com\\\/pt-pt\\\/flamenco-sevilha-fim-semana-antes-bienal-2026.html#local-main-organization-logo\"},\"sameAs\":[\"https:\\\/\\\/www.facebook.com\\\/tablaosflamencos\",\"https:\\\/\\\/x.com\\\/tablaosflamenco\",\"https:\\\/\\\/mastodon.social\\\/@tablaosflamencos\",\"https:\\\/\\\/www.instagram.com\\\/tablaosflamencos\",\"https:\\\/\\\/tiktok.com\\\/@tablaosflamencos\",\"https:\\\/\\\/www.linkedin.com\\\/company\\\/109408238\\\/\"],\"description\":\"Venta de entradas para espect\u00e1culos flamencos\",\"legalName\":\"Tablaos Flamencos\",\"foundingDate\":\"2015-01-01\",\"numberOfEmployees\":{\"@type\":\"QuantitativeValue\",\"minValue\":\"1\",\"maxValue\":\"10\"},\"address\":{\"@id\":\"https:\\\/\\\/www.tablaosflamencos.com\\\/pt-pt\\\/flamenco-sevilha-fim-semana-antes-bienal-2026.html#local-main-place-address\"},\"geo\":{\"@type\":\"GeoCoordinates\",\"latitude\":\"37.3868072\",\"longitude\":\"-5.993280299999999\"},\"telephone\":[\"+34623787787\"],\"contactPoint\":{\"@type\":\"ContactPoint\",\"telephone\":\"+34623787787\",\"email\":\"info@tablaosflamencos.com\"},\"openingHoursSpecification\":{\"@type\":\"OpeningHoursSpecification\",\"dayOfWeek\":[\"Monday\",\"Tuesday\",\"Wednesday\",\"Thursday\",\"Friday\",\"Saturday\",\"Sunday\"],\"opens\":\"00:00\",\"closes\":\"23:59\"},\"email\":\"info@tablaosflamencos.com\",\"priceRange\":\"$$$\",\"currenciesAccepted\":\"\u20ac\"},{\"@type\":\"Person\",\"@id\":\"https:\\\/\\\/www.tablaosflamencos.com\\\/pt-pt#\\\/schema\\\/person\\\/e7a9ebe14eb75a52ceabfbffb3c54f5d\",\"name\":\"Miguel Ortiz\",\"description\":\"Miguel Ortiz es un empresario flamenco, con una s\u00f3lida trayectoria dentro del sector. Ha presidido entidades culturales vinculadas al flamenco y, cuenta con un amplio recorrido profesional en la gesti\u00f3n y promoci\u00f3n de espect\u00e1culos y tablaos flamencos. Su pasi\u00f3n por la historia y el arte flamenco se refleja en cada art\u00edculo, donde combina experiencia, criterio y un profundo respeto por la tradici\u00f3n.\",\"sameAs\":[\"https:\\\/\\\/www.tablaosflamencos.com\",\"https:\\\/\\\/www.instagra.com\\\/miguelortizfe\",\"https:\\\/\\\/www.linkedin.com\\\/in\\\/miguelortizf\\\/\"],\"birthDate\":\"1984-11-22\",\"gender\":\"hombre\",\"knowsLanguage\":[\"espa\u00f1ol\",\"ingl\u00e9s\"],\"jobTitle\":\"Empresario flamenco\"},{\"@type\":\"PostalAddress\",\"@id\":\"https:\\\/\\\/www.tablaosflamencos.com\\\/pt-pt\\\/flamenco-sevilha-fim-semana-antes-bienal-2026.html#local-main-place-address\",\"streetAddress\":\"C\\\/ Alemanes, 19\",\"addressLocality\":\"Sevilla\",\"postalCode\":\"41004\",\"addressRegion\":\"Sevilla\",\"addressCountry\":\"ES\"},{\"@type\":\"ImageObject\",\"inLanguage\":\"pt-PT\",\"@id\":\"https:\\\/\\\/www.tablaosflamencos.com\\\/pt-pt\\\/flamenco-sevilha-fim-semana-antes-bienal-2026.html#local-main-organization-logo\",\"url\":\"https:\\\/\\\/www.tablaosflamencos.com\\\/wp-content\\\/uploads\\\/tablaos-flamencos-06-3.webp\",\"contentUrl\":\"https:\\\/\\\/www.tablaosflamencos.com\\\/wp-content\\\/uploads\\\/tablaos-flamencos-06-3.webp\",\"width\":600,\"height\":620,\"caption\":\"Tablaos Flamencos\"}]}<\/script>\n<meta name=\"geo.placename\" content=\"Sevilla\" \/>\n<meta name=\"geo.position\" content=\"37.3868072;-5.993280299999999\" \/>\n<meta name=\"geo.region\" content=\"Espanha\" \/>\n<!-- \/ Yoast SEO Premium plugin. -->","yoast_head_json":{"title":"Flamenco em Sevilha este fim de semana: 4\u20136 setembro","description":"O que ver em Sevilha de 4 a 6 de setembro de 2026 antes da Bienal: Hermanos Aguilar, Macarena Flamenca, homenagem a Fosforito, exposi\u00e7\u00f5es e tablaos.","robots":{"index":"index","follow":"follow","max-snippet":"max-snippet:-1","max-image-preview":"max-image-preview:large","max-video-preview":"max-video-preview:-1"},"canonical":"https:\/\/www.tablaosflamencos.com\/pt-pt\/flamenco-sevilha-fim-semana-antes-bienal-2026.html","og_locale":"pt_PT","og_type":"article","og_title":"Flamenco em Sevilha este fim de semana: o que ver antes da Bienal","og_description":"O que ver em Sevilha de 4 a 6 de setembro de 2026 antes da Bienal: Hermanos Aguilar, Macarena Flamenca, homenagem a Fosforito, exposi\u00e7\u00f5es e tablaos.","og_url":"https:\/\/www.tablaosflamencos.com\/pt-pt\/flamenco-sevilha-fim-semana-antes-bienal-2026.html","og_site_name":"Tablaos Flamencos","article_publisher":"https:\/\/www.facebook.com\/tablaosflamencos","article_published_time":"2026-09-04T16:48:29+00:00","article_modified_time":"2026-09-04T17:16:25+00:00","og_image":[{"width":1672,"height":941,"url":"https:\/\/www.tablaosflamencos.com\/wp-content\/uploads\/flamenco-en-sevilla-este-fin-de-semana-que-ver-antes-de-la-bienal-01.webp","type":"image\/webp"}],"author":"Miguel Ortiz","twitter_card":"summary_large_image","twitter_creator":"@tablaosflamenco","twitter_site":"@tablaosflamenco","twitter_misc":{"Escrito por":"Miguel Ortiz","Tempo estimado de leitura":"17 minutos"},"schema":{"@context":"https:\/\/schema.org","@graph":[{"@type":"Article","@id":"https:\/\/www.tablaosflamencos.com\/pt-pt\/flamenco-sevilha-fim-semana-antes-bienal-2026.html#article","isPartOf":{"@id":"https:\/\/www.tablaosflamencos.com\/pt-pt\/flamenco-sevilha-fim-semana-antes-bienal-2026.html"},"author":{"name":"Miguel Ortiz","@id":"https:\/\/www.tablaosflamencos.com\/pt-pt#\/schema\/person\/e7a9ebe14eb75a52ceabfbffb3c54f5d"},"headline":"Flamenco em Sevilha este fim de semana: o que ver antes da Bienal","datePublished":"2026-09-04T16:48:29+00:00","dateModified":"2026-09-04T17:16:25+00:00","mainEntityOfPage":{"@id":"https:\/\/www.tablaosflamencos.com\/pt-pt\/flamenco-sevilha-fim-semana-antes-bienal-2026.html"},"wordCount":3400,"publisher":{"@id":"https:\/\/www.tablaosflamencos.com\/pt-pt#organization"},"image":{"@id":"https:\/\/www.tablaosflamencos.com\/pt-pt\/flamenco-sevilha-fim-semana-antes-bienal-2026.html#primaryimage"},"thumbnailUrl":"https:\/\/www.tablaosflamencos.com\/wp-content\/uploads\/flamenco-en-sevilla-este-fin-de-semana-que-ver-antes-de-la-bienal-01.webp","keywords":["agenda flamenca","Bienal 2026","Bienal de Flamenco","festivales flamencos","flamenco en Sevilla","sevilla","tablaos de Sevilla"],"articleSection":["Bienal de Flamenco de Sevilha"],"inLanguage":"pt-PT"},{"@type":"WebPage","@id":"https:\/\/www.tablaosflamencos.com\/pt-pt\/flamenco-sevilha-fim-semana-antes-bienal-2026.html","url":"https:\/\/www.tablaosflamencos.com\/pt-pt\/flamenco-sevilha-fim-semana-antes-bienal-2026.html","name":"Flamenco em Sevilha este fim de semana: 4\u20136 setembro","isPartOf":{"@id":"https:\/\/www.tablaosflamencos.com\/pt-pt#website"},"primaryImageOfPage":{"@id":"https:\/\/www.tablaosflamencos.com\/pt-pt\/flamenco-sevilha-fim-semana-antes-bienal-2026.html#primaryimage"},"image":{"@id":"https:\/\/www.tablaosflamencos.com\/pt-pt\/flamenco-sevilha-fim-semana-antes-bienal-2026.html#primaryimage"},"thumbnailUrl":"https:\/\/www.tablaosflamencos.com\/wp-content\/uploads\/flamenco-en-sevilla-este-fin-de-semana-que-ver-antes-de-la-bienal-01.webp","datePublished":"2026-09-04T16:48:29+00:00","dateModified":"2026-09-04T17:16:25+00:00","description":"O que ver em Sevilha de 4 a 6 de setembro de 2026 antes da Bienal: Hermanos Aguilar, Macarena Flamenca, homenagem a Fosforito, exposi\u00e7\u00f5es e tablaos.","breadcrumb":{"@id":"https:\/\/www.tablaosflamencos.com\/pt-pt\/flamenco-sevilha-fim-semana-antes-bienal-2026.html#breadcrumb"},"inLanguage":"pt-PT","potentialAction":[{"@type":"ReadAction","target":["https:\/\/www.tablaosflamencos.com\/pt-pt\/flamenco-sevilha-fim-semana-antes-bienal-2026.html"]}]},{"@type":"ImageObject","inLanguage":"pt-PT","@id":"https:\/\/www.tablaosflamencos.com\/pt-pt\/flamenco-sevilha-fim-semana-antes-bienal-2026.html#primaryimage","url":"https:\/\/www.tablaosflamencos.com\/wp-content\/uploads\/flamenco-en-sevilla-este-fin-de-semana-que-ver-antes-de-la-bienal-01.webp","contentUrl":"https:\/\/www.tablaosflamencos.com\/wp-content\/uploads\/flamenco-en-sevilla-este-fin-de-semana-que-ver-antes-de-la-bienal-01.webp","width":1672,"height":941,"caption":"Flamenco en Sevilla este fin de semana: qu\u00e9 ver antes de la Bienal"},{"@type":"BreadcrumbList","@id":"https:\/\/www.tablaosflamencos.com\/pt-pt\/flamenco-sevilha-fim-semana-antes-bienal-2026.html#breadcrumb","itemListElement":[{"@type":"ListItem","position":1,"name":"Home","item":"https:\/\/www.tablaosflamencos.com\/pt-pt"},{"@type":"ListItem","position":2,"name":"Flamenco em Sevilha este fim de semana: o que ver antes da Bienal"}]},{"@type":"WebSite","@id":"https:\/\/www.tablaosflamencos.com\/pt-pt#website","url":"https:\/\/www.tablaosflamencos.com\/pt-pt","name":"Tablaos Flamencos","description":"Entradas para tablaos flamencos de Espa\u00f1a","publisher":{"@id":"https:\/\/www.tablaosflamencos.com\/pt-pt#organization"},"alternateName":"Tablaos Flamencos","potentialAction":[{"@type":"SearchAction","target":{"@type":"EntryPoint","urlTemplate":"https:\/\/www.tablaosflamencos.com\/pt-pt?s={search_term_string}"},"query-input":{"@type":"PropertyValueSpecification","valueRequired":true,"valueName":"search_term_string"}}],"inLanguage":"pt-PT"},{"@type":["Organization","Place","EntertainmentBusiness"],"@id":"https:\/\/www.tablaosflamencos.com\/pt-pt#organization","name":"Tablaos Flamencos","alternateName":"Tablaos Flamencos","url":"https:\/\/www.tablaosflamencos.com\/pt-pt","logo":{"@id":"https:\/\/www.tablaosflamencos.com\/pt-pt\/flamenco-sevilha-fim-semana-antes-bienal-2026.html#local-main-organization-logo"},"image":{"@id":"https:\/\/www.tablaosflamencos.com\/pt-pt\/flamenco-sevilha-fim-semana-antes-bienal-2026.html#local-main-organization-logo"},"sameAs":["https:\/\/www.facebook.com\/tablaosflamencos","https:\/\/x.com\/tablaosflamenco","https:\/\/mastodon.social\/@tablaosflamencos","https:\/\/www.instagram.com\/tablaosflamencos","https:\/\/tiktok.com\/@tablaosflamencos","https:\/\/www.linkedin.com\/company\/109408238\/"],"description":"Venta de entradas para espect\u00e1culos flamencos","legalName":"Tablaos Flamencos","foundingDate":"2015-01-01","numberOfEmployees":{"@type":"QuantitativeValue","minValue":"1","maxValue":"10"},"address":{"@id":"https:\/\/www.tablaosflamencos.com\/pt-pt\/flamenco-sevilha-fim-semana-antes-bienal-2026.html#local-main-place-address"},"geo":{"@type":"GeoCoordinates","latitude":"37.3868072","longitude":"-5.993280299999999"},"telephone":["+34623787787"],"contactPoint":{"@type":"ContactPoint","telephone":"+34623787787","email":"info@tablaosflamencos.com"},"openingHoursSpecification":{"@type":"OpeningHoursSpecification","dayOfWeek":["Monday","Tuesday","Wednesday","Thursday","Friday","Saturday","Sunday"],"opens":"00:00","closes":"23:59"},"email":"info@tablaosflamencos.com","priceRange":"$$$","currenciesAccepted":"\u20ac"},{"@type":"Person","@id":"https:\/\/www.tablaosflamencos.com\/pt-pt#\/schema\/person\/e7a9ebe14eb75a52ceabfbffb3c54f5d","name":"Miguel Ortiz","description":"Miguel Ortiz es un empresario flamenco, con una s\u00f3lida trayectoria dentro del sector. Ha presidido entidades culturales vinculadas al flamenco y, cuenta con un amplio recorrido profesional en la gesti\u00f3n y promoci\u00f3n de espect\u00e1culos y tablaos flamencos. Su pasi\u00f3n por la historia y el arte flamenco se refleja en cada art\u00edculo, donde combina experiencia, criterio y un profundo respeto por la tradici\u00f3n.","sameAs":["https:\/\/www.tablaosflamencos.com","https:\/\/www.instagra.com\/miguelortizfe","https:\/\/www.linkedin.com\/in\/miguelortizf\/"],"birthDate":"1984-11-22","gender":"hombre","knowsLanguage":["espa\u00f1ol","ingl\u00e9s"],"jobTitle":"Empresario flamenco"},{"@type":"PostalAddress","@id":"https:\/\/www.tablaosflamencos.com\/pt-pt\/flamenco-sevilha-fim-semana-antes-bienal-2026.html#local-main-place-address","streetAddress":"C\/ Alemanes, 19","addressLocality":"Sevilla","postalCode":"41004","addressRegion":"Sevilla","addressCountry":"ES"},{"@type":"ImageObject","inLanguage":"pt-PT","@id":"https:\/\/www.tablaosflamencos.com\/pt-pt\/flamenco-sevilha-fim-semana-antes-bienal-2026.html#local-main-organization-logo","url":"https:\/\/www.tablaosflamencos.com\/wp-content\/uploads\/tablaos-flamencos-06-3.webp","contentUrl":"https:\/\/www.tablaosflamencos.com\/wp-content\/uploads\/tablaos-flamencos-06-3.webp","width":600,"height":620,"caption":"Tablaos Flamencos"}]},"geo.placename":"Sevilla","geo.position":{"lat":"37.3868072","long":"-5.993280299999999"},"geo.region":"Espanha"},"_links":{"self":[{"href":"https:\/\/www.tablaosflamencos.com\/pt-pt\/wp-json\/wp\/v2\/posts\/14541","targetHints":{"allow":["GET"]}}],"collection":[{"href":"https:\/\/www.tablaosflamencos.com\/pt-pt\/wp-json\/wp\/v2\/posts"}],"about":[{"href":"https:\/\/www.tablaosflamencos.com\/pt-pt\/wp-json\/wp\/v2\/types\/post"}],"author":[{"embeddable":true,"href":"https:\/\/www.tablaosflamencos.com\/pt-pt\/wp-json\/wp\/v2\/users\/1"}],"replies":[{"embeddable":true,"href":"https:\/\/www.tablaosflamencos.com\/pt-pt\/wp-json\/wp\/v2\/comments?post=14541"}],"version-history":[{"count":2,"href":"https:\/\/www.tablaosflamencos.com\/pt-pt\/wp-json\/wp\/v2\/posts\/14541\/revisions"}],"predecessor-version":[{"id":14577,"href":"https:\/\/www.tablaosflamencos.com\/pt-pt\/wp-json\/wp\/v2\/posts\/14541\/revisions\/14577"}],"wp:featuredmedia":[{"embeddable":true,"href":"https:\/\/www.tablaosflamencos.com\/pt-pt\/wp-json\/wp\/v2\/media\/14517"}],"wp:attachment":[{"href":"https:\/\/www.tablaosflamencos.com\/pt-pt\/wp-json\/wp\/v2\/media?parent=14541"}],"wp:term":[{"taxonomy":"category","embeddable":true,"href":"https:\/\/www.tablaosflamencos.com\/pt-pt\/wp-json\/wp\/v2\/categories?post=14541"},{"taxonomy":"post_tag","embeddable":true,"href":"https:\/\/www.tablaosflamencos.com\/pt-pt\/wp-json\/wp\/v2\/tags?post=14541"}],"curies":[{"name":"wp","href":"https:\/\/api.w.org\/{rel}","templated":true}]}}