{"id":14520,"date":"2026-09-04T18:37:03","date_gmt":"2026-09-04T16:37:03","guid":{"rendered":"https:\/\/www.tablaosflamencos.com\/?p=14520"},"modified":"2026-09-05T00:11:03","modified_gmt":"2026-09-04T22:11:03","slug":"flamenco-esta-noite-sevilha-bienal-2026","status":"publish","type":"post","link":"https:\/\/www.tablaosflamencos.com\/pt-pt\/flamenco-esta-noite-sevilha-bienal-2026.html","title":{"rendered":"Flamenco esta noite em Sevilha durante a Bienal"},"content":{"rendered":"<section class=\"l-section wpb_row height_huge\"><div class=\"l-section-h i-cf\"><div class=\"g-cols vc_row via_flex valign_top type_default stacking_default\"><div class=\"vc_col-sm-6 wpb_column vc_column_container\"><div class=\"vc_column-inner\"><div class=\"wpb_wrapper\"><div class=\"wpb_text_column\"><div class=\"wpb_wrapper\"><h2>Flamenco esta noite em Sevilha durante a Bienal<\/h2>\n<p>Se est\u00e1 em Sevilha entre <strong>9 de setembro e 3 de outubro de 2026<\/strong> e quer ver flamenco esta noite, tem duas op\u00e7\u00f5es que se complementam: consultar o que oferece hoje a <a href=\"https:\/\/www.labienal.com\/programa-general\" target=\"_blank\" rel=\"noopener\"><strong>programa\u00e7\u00e3o oficial da Bienal<\/strong><\/a> e verificar que espet\u00e1culos regulares pode reservar diretamente nos tablaos da cidade.<\/p>\n<p>A Bienal muda de artistas, hor\u00e1rios e espa\u00e7os quase todos os dias. Pode haver propostas no Teatro de la Maestranza, Lope de Vega, Teatro Central, Espacio Turina, Real Alc\u00e1zar, Hotel Triana, Real F\u00e1brica de Artiller\u00eda e noutros locais. Por isso, se a sua pesquisa for literalmente <strong>\u201cflamenco esta noite em Sevilha\u201d<\/strong>, a decis\u00e3o deve ser tomada tendo em conta a data concreta.<\/p>\n<\/div><\/div><\/div><\/div><\/div><div class=\"vc_col-sm-6 wpb_column vc_column_container\"><div class=\"vc_column-inner\"><div class=\"wpb_wrapper\"><div class=\"wpb_text_column\"><div class=\"wpb_wrapper\"><h2>A forma mais r\u00e1pida de decidir o que ver hoje<\/h2>\n<p>N\u00e3o precisa de rever todo o programa da Bienal desde o in\u00edcio. Primeiro verifique que espet\u00e1culos oficiais se realizam hoje e se ainda h\u00e1 bilhetes. Depois compare essa op\u00e7\u00e3o com os <strong>tablaos que funcionam durante todo o ano<\/strong> e que pode reservar diretamente no Tablaos Flamencos.<\/p>\n<p>Este segundo passo \u00e9 especialmente \u00fatil se chegar tarde \u00e0 cidade, se a sess\u00e3o da Bienal que queria estiver esgotada, se preferir uma sala mais \u00edntima ou se simplesmente precisar de uma op\u00e7\u00e3o com disponibilidade confirmada para esta noite.<\/p>\n<p>A chave \u00e9 simples: <strong>primeiro garanta uma sess\u00e3o; depois organize o resto da noite \u00e0 volta dela<\/strong>.<\/p>\n<\/div><\/div><\/div><\/div><\/div><\/div><\/div><\/section><section class=\"l-section wpb_row height_huge color_alternate with_shape\"><div class=\"l-section-shape type_zigzag pos_top hor_flip\" style=\"height:3vmin;\"><svg xmlns=\"http:\/\/www.w3.org\/2000\/svg\" viewBox=\"0 0 64 8\" preserveAspectRatio=\"none\" width=\"100%\" height=\"100%\">\r\n\t<path fill=\"currentColor\" d=\"M64 8 L0 8 L0 0 L20 7.9 L40 3 L48 5 L64 0 Z\"\/>\r\n<\/svg><\/div><div class=\"l-section-shape type_zigzag pos_bottom\" style=\"height:3vmin;\"><svg xmlns=\"http:\/\/www.w3.org\/2000\/svg\" viewBox=\"0 0 64 8\" preserveAspectRatio=\"none\" width=\"100%\" height=\"100%\">\r\n\t<path fill=\"currentColor\" d=\"M64 8 L0 8 L0 0 L20 7.9 L40 3 L48 5 L64 0 Z\"\/>\r\n<\/svg><\/div><div class=\"l-section-h i-cf\"><div class=\"g-cols vc_row via_flex valign_top type_default stacking_default\"><div class=\"vc_col-sm-12 wpb_column vc_column_container\"><div class=\"vc_column-inner\"><div class=\"wpb_wrapper\"><div class=\"wpb_text_column\"><div class=\"wpb_wrapper\"><blockquote>\n<p><strong>Resposta r\u00e1pida:<\/strong> se procura flamenco esta noite em Sevilha durante a Bienal 2026, consulte primeiro o programa oficial correspondente \u00e0 sua data. Se n\u00e3o houver bilhetes, o hor\u00e1rio n\u00e3o lhe servir ou quiser uma alternativa imediata, pode reservar diretamente no nosso portal tablaos como <a href=\"https:\/\/www.tablaosflamencos.com\/pt-pt\/tablao\/tablao-flamenco-las-setas\"><strong>Tablao Flamenco Las Setas<\/strong><\/a>, <a href=\"https:\/\/www.tablaosflamencos.com\/pt-pt\/tablao\/tablao-flamenco-la-cantaora\"><strong>Tablao Flamenco La Cantaora<\/strong><\/a>, <a href=\"https:\/\/www.tablaosflamencos.com\/pt-pt\/tablao\/casa-duende-tablao\"><strong>Casa Duende Tablao<\/strong><\/a>, <a href=\"https:\/\/www.tablaosflamencos.com\/pt-pt\/tablao\/tablao-flamenco-las-duenas\"><strong>Tablao Flamenco Las Due\u00f1as<\/strong><\/a>, <a href=\"https:\/\/www.tablaosflamencos.com\/pt-pt\/tablao\/tablao-flamenco-casa-inquieta\"><strong>Casa Inquieta<\/strong><\/a>, <a href=\"https:\/\/www.tablaosflamencos.com\/pt-pt\/tablao\/casa-flamenco-azahar\"><strong>Casa Flamenco Azahar<\/strong><\/a>, <a href=\"https:\/\/www.tablaosflamencos.com\/pt-pt\/tablao\/tablao-flamenco-el-jardin-de-murillo\"><strong>El Jard\u00edn de Murillo<\/strong><\/a>, <a href=\"https:\/\/www.tablaosflamencos.com\/pt-pt\/tablao\/baraka-sala-flamenca\"><strong>Baraka Sala Flamenca<\/strong><\/a> ou <a href=\"https:\/\/www.tablaosflamencos.com\/pt-pt\/tablao\/tablao-flamenco-triana\"><strong>Tablao Flamenco Triana<\/strong><\/a>.<\/p>\n<\/blockquote>\n<p><strong>\u00daltima atualiza\u00e7\u00e3o: 4 de setembro de 2026.<\/strong><\/p>\n<p>Se ainda est\u00e1 a organizar v\u00e1rios dias, consulte o nosso <a href=\"https:\/\/www.tablaosflamencos.com\/pt-pt\/bienal-flamenco-sevilha-2026.html\"><strong>guia completo da Bienal de Flamenco de Sevilha 2026<\/strong><\/a>. Se o problema \u00e9 j\u00e1 n\u00e3o haver bilhetes para o espet\u00e1culo que queria, v\u00e1 diretamente a <a href=\"https:\/\/www.tablaosflamencos.com\/pt-pt\/bienal-esgotada-onde-ver-flamenco-hoje-sevilha.html\"><strong>Bienal esgotada: onde ver flamenco hoje em Sevilha<\/strong><\/a>.<\/p>\n<\/div><\/div><div class=\"w-separator size_medium\"><\/div><div class=\"w-hwrapper valign_top wrap align_center\" style=\"--hwrapper-gap:1.2rem\"><div class=\"w-btn-wrapper align_none\"><a class=\"w-btn us-btn-style_1\" href=\"https:\/\/www.tablaosflamencos.com\/pt-pt\/flamenco-em-sevilha\"><span class=\"w-btn-label\">Comparar flamenco em Sevilha<\/span><\/a><\/div><div class=\"w-btn-wrapper align_none\"><a class=\"w-btn us-btn-style_11\" href=\"https:\/\/www.tablaosflamencos.com\/pt-pt\/bienal-esgotada-onde-ver-flamenco-hoje-sevilha.html\"><span class=\"w-btn-label\">Ver alternativas se a Bienal estiver esgotada<\/span><\/a><\/div><\/div><\/div><\/div><\/div><\/div><\/div><\/section><section class=\"l-section wpb_row height_huge\"><div class=\"l-section-h i-cf\"><div class=\"g-cols vc_row via_flex valign_top type_default stacking_default\"><div class=\"vc_col-sm-3 wpb_column vc_column_container\"><div class=\"vc_column-inner\"><div class=\"wpb_wrapper\"><\/div><\/div><\/div><div class=\"vc_col-sm-6 wpb_column vc_column_container\"><div class=\"vc_column-inner\"><div class=\"wpb_wrapper\"><div class=\"wpb_text_column\"><div class=\"wpb_wrapper\"><h2>Conte\u00fado deste guia<\/h2>\n<ul>\n<li><a href=\"#paso-1\">Passo 1: verificar o que h\u00e1 hoje na Bienal<\/a><\/li>\n<li><a href=\"#paso-2\">Passo 2: garantir uma alternativa num tablao<\/a><\/li>\n<li><a href=\"#tablaos\">Tablaos que pode reservar esta noite<\/a><\/li>\n<li><a href=\"#centro\">Op\u00e7\u00f5es no centro de Sevilha<\/a><\/li>\n<li><a href=\"#triana\">Op\u00e7\u00f5es em Triana<\/a><\/li>\n<li><a href=\"#ultima-hora\">O que fazer se procura \u00e0 \u00faltima hora<\/a><\/li>\n<li><a href=\"#combinar\">Como combinar Bienal e tablao<\/a><\/li>\n<li><a href=\"#elegir\">Como escolher em cinco minutos<\/a><\/li>\n<li><a href=\"#faq\">Perguntas frequentes<\/a><\/li>\n<\/ul>\n<\/div><\/div><\/div><\/div><\/div><div class=\"vc_col-sm-3 wpb_column vc_column_container\"><div class=\"vc_column-inner\"><div class=\"wpb_wrapper\"><\/div><\/div><\/div><\/div><\/div><\/section><section class=\"l-section wpb_row height_huge color_alternate with_shape\"><div class=\"l-section-shape type_zigzag pos_top\" style=\"height:3vmin;\"><svg xmlns=\"http:\/\/www.w3.org\/2000\/svg\" viewBox=\"0 0 64 8\" preserveAspectRatio=\"none\" width=\"100%\" height=\"100%\">\r\n\t<path fill=\"currentColor\" d=\"M64 8 L0 8 L0 0 L20 7.9 L40 3 L48 5 L64 0 Z\"\/>\r\n<\/svg><\/div><div class=\"l-section-shape type_zigzag pos_bottom\" style=\"height:3vmin;\"><svg xmlns=\"http:\/\/www.w3.org\/2000\/svg\" viewBox=\"0 0 64 8\" preserveAspectRatio=\"none\" width=\"100%\" height=\"100%\">\r\n\t<path fill=\"currentColor\" d=\"M64 8 L0 8 L0 0 L20 7.9 L40 3 L48 5 L64 0 Z\"\/>\r\n<\/svg><\/div><div class=\"l-section-h i-cf\"><div class=\"g-cols vc_row via_flex valign_top type_default stacking_default\"><div class=\"vc_col-sm-6 wpb_column vc_column_container\"><div class=\"vc_column-inner\"><div class=\"wpb_wrapper\"><div class=\"wpb_text_column\"><div class=\"wpb_wrapper\"><h2 id=\"paso-1\">Passo 1: verifique o que h\u00e1 hoje na Bienal<\/h2>\n<p>A XXIV Bienal de Flamenco n\u00e3o funciona como um festival concentrado num \u00fanico recinto. Em cada noite, os espet\u00e1culos podem distribuir-se por v\u00e1rios espa\u00e7os e hor\u00e1rios. A programa\u00e7\u00e3o oficial inclui cante, baile e guitarra, al\u00e9m de estreias, Noches \u00danicas e propostas criadas especialmente para esta edi\u00e7\u00e3o.<\/p>\n<p>Se a sua prioridade \u00e9 viver a Bienal, comece por abrir a <a href=\"https:\/\/www.labienal.com\/programa-general\" target=\"_blank\" rel=\"noopener\"><strong>programa\u00e7\u00e3o oficial<\/strong><\/a> e localizar a data de hoje. Verifique tr\u00eas coisas: <strong>hora, local e disponibilidade de bilhetes<\/strong>.<\/p>\n<p>N\u00e3o olhe apenas para o artista. A localiza\u00e7\u00e3o pode mudar completamente o plano da noite. Uma sess\u00e3o no Real Alc\u00e1zar n\u00e3o se organiza da mesma forma que uma no Teatro Central ou uma Noche \u00danica noutro ponto de Sevilha.<\/p>\n<p>Tamb\u00e9m vale a pena consultar o nosso artigo sobre <a href=\"https:\/\/www.tablaosflamencos.com\/pt-pt\/espacos-espetaculares-bienal-flamenco-sevilha-2026.html\"><strong>os espa\u00e7os mais espetaculares da Bienal 2026<\/strong><\/a> se estiver indeciso entre v\u00e1rias propostas.<\/p>\n<\/div><\/div><\/div><\/div><\/div><div class=\"vc_col-sm-6 wpb_column vc_column_container\"><div class=\"vc_column-inner\"><div class=\"wpb_wrapper\"><div class=\"wpb_text_column\"><div class=\"wpb_wrapper\"><h2 id=\"paso-2\">Passo 2: garanta uma alternativa num tablao<\/h2>\n<p>A programa\u00e7\u00e3o da Bienal \u00e9 extraordin\u00e1ria, mas depende de bilhetes para sess\u00f5es concretas. Os tablaos funcionam com outra l\u00f3gica: mant\u00eam uma programa\u00e7\u00e3o flamenca est\u00e1vel e s\u00e3o, por isso, a forma mais simples quando precisa de <strong>flamenco para esta mesma noite<\/strong>.<\/p>\n<p>Isto \u00e9 especialmente \u00fatil durante a Bienal porque a cidade recebe muitos visitantes interessados especificamente em flamenco. Uma sess\u00e3o oficial pode esgotar, mas isso n\u00e3o significa que tenha de abdicar de ver cante, baile e guitarra ao vivo.<\/p>\n<p>Ali\u00e1s, prepar\u00e1mos um guia espec\u00edfico sobre <a href=\"https:\/\/www.tablaosflamencos.com\/pt-pt\/flamenco-sevilha-bienal-2026-espetaculos-fora-programacao-oficial.html\"><strong>onde ver flamenco durante a Bienal al\u00e9m da programa\u00e7\u00e3o oficial<\/strong><\/a>. Este artigo tem um objetivo ainda mais imediato: ajud\u00e1-lo a decidir o que fazer <strong>hoje<\/strong> sem perder tempo.<\/p>\n<p>Se encontrar uma op\u00e7\u00e3o adequada \u00e0 sua zona e com disponibilidade, reserve antes de continuar a organizar o jantar, as tapas ou o passeio anterior.<\/p>\n<\/div><\/div><\/div><\/div><\/div><\/div><\/div><\/section><section class=\"l-section wpb_row height_huge\"><div class=\"l-section-h i-cf\"><div class=\"g-cols vc_row via_flex valign_top type_default stacking_default\"><div class=\"vc_col-sm-12 wpb_column vc_column_container\"><div class=\"vc_column-inner\"><div class=\"wpb_wrapper\"><div class=\"wpb_text_column\"><div class=\"wpb_wrapper\"><h2 id=\"tablaos\">Tablaos que pode reservar para ver flamenco esta noite em Sevilha<\/h2>\n<p>A disponibilidade exata depende sempre da data. Os seguintes espa\u00e7os fazem parte do nosso portal e permitem consultar e reservar diretamente o espet\u00e1culo dispon\u00edvel.<\/p>\n<div style=\"overflow-x: auto;\">\n<table>\n<thead>\n<tr>\n<th>Tablao<\/th>\n<th>Zona<\/th>\n<th>Pode interessar-lhe se procura&#8230;<\/th>\n<th>Reserva<\/th>\n<\/tr>\n<\/thead>\n<tbody>\n<tr>\n<td><strong>Tablao Flamenco Las Setas<\/strong><\/td>\n<td>Encarnaci\u00f3n<\/td>\n<td>Uma localiza\u00e7\u00e3o muito central e uma produ\u00e7\u00e3o cuidada para completar uma noite pelo centro hist\u00f3rico.<\/td>\n<td><a href=\"https:\/\/www.tablaosflamencos.com\/pt-pt\/tablao\/tablao-flamenco-las-setas\"><strong>Ver disponibilidade<\/strong><\/a><\/td>\n<\/tr>\n<tr>\n<td><strong>Tablao Flamenco La Cantaora<\/strong><\/td>\n<td>Plaza Nueva \/ Centro<\/td>\n<td>Uma op\u00e7\u00e3o central com possibilidade de combinar flamenco e gastronomia.<\/td>\n<td><a href=\"https:\/\/www.tablaosflamencos.com\/pt-pt\/tablao\/tablao-flamenco-la-cantaora\"><strong>Ver disponibilidade<\/strong><\/a><\/td>\n<\/tr>\n<tr>\n<td><strong>Casa Duende Tablao<\/strong><\/td>\n<td>Centro<\/td>\n<td>Uma sala de pequena dimens\u00e3o e grande proximidade com os artistas.<\/td>\n<td><a href=\"https:\/\/www.tablaosflamencos.com\/pt-pt\/tablao\/casa-duende-tablao\"><strong>Ver disponibilidade<\/strong><\/a><\/td>\n<\/tr>\n<tr>\n<td><strong>Tablao Flamenco Las Due\u00f1as<\/strong><\/td>\n<td>Santa Catalina \/ Due\u00f1as<\/td>\n<td>Um formato \u00edntimo muito perto do centro hist\u00f3rico.<\/td>\n<td><a href=\"https:\/\/www.tablaosflamencos.com\/pt-pt\/tablao\/tablao-flamenco-las-duenas\"><strong>Ver disponibilidade<\/strong><\/a><\/td>\n<\/tr>\n<tr>\n<td><strong>Casa Inquieta<\/strong><\/td>\n<td>Calle Zaragoza \/ Centro<\/td>\n<td>Flamenco numa casa-pal\u00e1cio do s\u00e9culo XIX e uma experi\u00eancia pr\u00f3xima.<\/td>\n<td><a href=\"https:\/\/www.tablaosflamencos.com\/pt-pt\/tablao\/tablao-flamenco-casa-inquieta\"><strong>Ver disponibilidade<\/strong><\/a><\/td>\n<\/tr>\n<tr>\n<td><strong>Casa Flamenco Azahar<\/strong><\/td>\n<td>Santa Cruz<\/td>\n<td>Uma experi\u00eancia especialmente \u00edntima, com lota\u00e7\u00e3o reduzida e sem amplifica\u00e7\u00e3o.<\/td>\n<td><a href=\"https:\/\/www.tablaosflamencos.com\/pt-pt\/tablao\/casa-flamenco-azahar\"><strong>Ver disponibilidade<\/strong><\/a><\/td>\n<\/tr>\n<tr>\n<td><strong>El Jard\u00edn de Murillo<\/strong><\/td>\n<td>Santa Cruz<\/td>\n<td>Encaixar o flamenco depois de visitar o Alc\u00e1zar, a Catedral ou o bairro de Santa Cruz.<\/td>\n<td><a href=\"https:\/\/www.tablaosflamencos.com\/pt-pt\/tablao\/tablao-flamenco-el-jardin-de-murillo\"><strong>Ver disponibilidade<\/strong><\/a><\/td>\n<\/tr>\n<tr>\n<td><strong>Baraka Sala Flamenca<\/strong><\/td>\n<td>Triana<\/td>\n<td>Flamenco tradicional em Triana com os artistas muito perto do p\u00fablico.<\/td>\n<td><a href=\"https:\/\/www.tablaosflamencos.com\/pt-pt\/tablao\/baraka-sala-flamenca\"><strong>Ver disponibilidade<\/strong><\/a><\/td>\n<\/tr>\n<tr>\n<td><strong>Tablao Flamenco Triana<\/strong><\/td>\n<td>Triana<\/td>\n<td>Construir uma noite completa no bairro combinando passeio, gastronomia e flamenco.<\/td>\n<td><a href=\"https:\/\/www.tablaosflamencos.com\/pt-pt\/tablao\/tablao-flamenco-triana\"><strong>Ver disponibilidade<\/strong><\/a><\/td>\n<\/tr>\n<\/tbody>\n<\/table>\n<\/div>\n<p>N\u00e3o \u00e9 preciso escolher o tablao \u201cmais famoso\u201d. Para uma reserva de \u00faltima hora, costuma ser mais \u00fatil comparar <strong>zona, disponibilidade, dimens\u00e3o da sala e tipo de experi\u00eancia<\/strong>. Pode ver todas as op\u00e7\u00f5es juntas na nossa p\u00e1gina de <a href=\"https:\/\/www.tablaosflamencos.com\/pt-pt\/flamenco-em-sevilha\"><strong>flamenco em Sevilha<\/strong><\/a>.<\/p>\n<\/div><\/div><\/div><\/div><\/div><\/div><\/div><\/section><section class=\"l-section wpb_row height_huge color_alternate with_shape\"><div class=\"l-section-shape type_zigzag pos_top hor_flip\" style=\"height:3vmin;\"><svg xmlns=\"http:\/\/www.w3.org\/2000\/svg\" viewBox=\"0 0 64 8\" preserveAspectRatio=\"none\" width=\"100%\" height=\"100%\">\r\n\t<path fill=\"currentColor\" d=\"M64 8 L0 8 L0 0 L20 7.9 L40 3 L48 5 L64 0 Z\"\/>\r\n<\/svg><\/div><div class=\"l-section-shape type_zigzag pos_bottom\" style=\"height:3vmin;\"><svg xmlns=\"http:\/\/www.w3.org\/2000\/svg\" viewBox=\"0 0 64 8\" preserveAspectRatio=\"none\" width=\"100%\" height=\"100%\">\r\n\t<path fill=\"currentColor\" d=\"M64 8 L0 8 L0 0 L20 7.9 L40 3 L48 5 L64 0 Z\"\/>\r\n<\/svg><\/div><div class=\"l-section-h i-cf\"><div class=\"g-cols vc_row via_flex valign_top type_default stacking_default\"><div class=\"vc_col-sm-6 wpb_column vc_column_container\"><div class=\"vc_column-inner\"><div class=\"wpb_wrapper\"><div class=\"wpb_text_column\"><div class=\"wpb_wrapper\"><h2 id=\"centro\">Se quiser ficar no centro<\/h2>\n<p>Se est\u00e1 alojado no centro hist\u00f3rico ou j\u00e1 est\u00e1 a visitar Catedral, Alc\u00e1zar, Santa Cruz, Plaza Nueva, Encarnaci\u00f3n ou as principais zonas tur\u00edsticas, provavelmente n\u00e3o precisa de atravessar meia cidade para ver flamenco esta noite.<\/p>\n<p>Entre as op\u00e7\u00f5es do portal tem <a href=\"https:\/\/www.tablaosflamencos.com\/pt-pt\/tablao\/tablao-flamenco-las-setas\"><strong>Las Setas<\/strong><\/a>, <a href=\"https:\/\/www.tablaosflamencos.com\/pt-pt\/tablao\/tablao-flamenco-la-cantaora\"><strong>La Cantaora<\/strong><\/a>, <a href=\"https:\/\/www.tablaosflamencos.com\/pt-pt\/tablao\/casa-duende-tablao\"><strong>Casa Duende<\/strong><\/a>, <a href=\"https:\/\/www.tablaosflamencos.com\/pt-pt\/tablao\/tablao-flamenco-las-duenas\"><strong>Las Due\u00f1as<\/strong><\/a>, <a href=\"https:\/\/www.tablaosflamencos.com\/pt-pt\/tablao\/tablao-flamenco-casa-inquieta\"><strong>Casa Inquieta<\/strong><\/a>, <a href=\"https:\/\/www.tablaosflamencos.com\/pt-pt\/tablao\/casa-flamenco-azahar\"><strong>Casa Flamenco Azahar<\/strong><\/a> e <a href=\"https:\/\/www.tablaosflamencos.com\/pt-pt\/tablao\/tablao-flamenco-el-jardin-de-murillo\"><strong>El Jard\u00edn de Murillo<\/strong><\/a>.<\/p>\n<p>Numa decis\u00e3o de \u00faltima hora, a localiza\u00e7\u00e3o \u00e9 importante: quanto menos desloca\u00e7\u00f5es precisar, mais f\u00e1cil ser\u00e1 combinar a sess\u00e3o com um jantar ou passeio sem pressas.<\/p>\n<\/div><\/div><\/div><\/div><\/div><div class=\"vc_col-sm-6 wpb_column vc_column_container\"><div class=\"vc_column-inner\"><div class=\"wpb_wrapper\"><div class=\"wpb_text_column\"><div class=\"wpb_wrapper\"><h2 id=\"triana\">Se esta noite quiser atravessar para Triana<\/h2>\n<p>Triana permite transformar o espet\u00e1culo numa experi\u00eancia de bairro. Pode atravessar a Ponte de Isabel II, passear por Pureza, San Jacinto ou pela zona da calle Betis e reservar depois uma sess\u00e3o.<\/p>\n<p>No nosso portal pode reservar diretamente <a href=\"https:\/\/www.tablaosflamencos.com\/pt-pt\/tablao\/baraka-sala-flamenca\"><strong>Baraka Sala Flamenca<\/strong><\/a> e <a href=\"https:\/\/www.tablaosflamencos.com\/pt-pt\/tablao\/tablao-flamenco-triana\"><strong>Tablao Flamenco Triana<\/strong><\/a>.<\/p>\n<p>Durante a Bienal, Triana ganha ainda um interesse especial pela sua rela\u00e7\u00e3o hist\u00f3rica com o flamenco e pela presen\u00e7a de programa\u00e7\u00e3o extraordin\u00e1ria no bairro. Se quiser ampliar o plano, consulte o nosso guia de <a href=\"https:\/\/www.tablaosflamencos.com\/pt-pt\/flamenco-em-triana\"><strong>flamenco em Triana<\/strong><\/a> e o artigo dedicado ao <a href=\"https:\/\/www.tablaosflamencos.com\/pt-pt\/hotel-triana-bienal-flamenco-sevilha-2026.html\"><strong>Hotel Triana durante a Bienal 2026<\/strong><\/a>.<\/p>\n<\/div><\/div><\/div><\/div><\/div><\/div><\/div><\/section><section class=\"l-section wpb_row height_huge\"><div class=\"l-section-h i-cf\"><div class=\"g-cols vc_row via_flex valign_top type_default stacking_default\"><div class=\"vc_col-sm-6 wpb_column vc_column_container\"><div class=\"vc_column-inner\"><div class=\"wpb_wrapper\"><div class=\"wpb_text_column\"><div class=\"wpb_wrapper\"><h2 id=\"ultima-hora\">Procura flamenco \u00e0 \u00faltima hora?<\/h2>\n<p>Se j\u00e1 \u00e9 de tarde ou est\u00e1 a organizar a noite com muito pouca anteced\u00eancia, simplifique a decis\u00e3o.<\/p>\n<p><strong>1. Verifique primeiro a disponibilidade real.<\/strong> N\u00e3o escolha com base numa lista antiga de hor\u00e1rios ou numa recomenda\u00e7\u00e3o gen\u00e9rica: o que importa \u00e9 a disponibilidade de hoje.<\/p>\n<p><strong>2. Escolha a zona.<\/strong> Centro e Triana concentram muitas op\u00e7\u00f5es e permitem completar a noite a p\u00e9.<\/p>\n<p><strong>3. Reserve antes de jantar.<\/strong> Durante a Bienal aumenta o n\u00famero de visitantes que procuram flamenco e os espa\u00e7os de lota\u00e7\u00e3o reduzida podem esgotar as sess\u00f5es.<\/p>\n<p><strong>4. N\u00e3o conte encontrar bilhetes \u00e0 porta.<\/strong> Se uma op\u00e7\u00e3o aparece dispon\u00edvel online e encaixa no seu plano, garanti-la costuma ser a decis\u00e3o mais pr\u00e1tica.<\/p>\n<p><strong>5. Se a Bienal estiver esgotada, mude de formato, n\u00e3o de plano.<\/strong> Pode passar de uma grande produ\u00e7\u00e3o teatral para um tablao \u00edntimo e continuar a ter uma noite totalmente centrada no flamenco.<\/p>\n<p>Para esse caso concreto, utilize o nosso guia <a href=\"https:\/\/www.tablaosflamencos.com\/pt-pt\/bienal-esgotada-onde-ver-flamenco-hoje-sevilha.html\"><strong>Bienal esgotada: onde ver flamenco hoje em Sevilha<\/strong><\/a>.<\/p>\n<\/div><\/div><\/div><\/div><\/div><div class=\"vc_col-sm-6 wpb_column vc_column_container\"><div class=\"vc_column-inner\"><div class=\"wpb_wrapper\"><div class=\"wpb_text_column\"><div class=\"wpb_wrapper\"><h2 id=\"combinar\">\u00c9 poss\u00edvel combinar uma sess\u00e3o da Bienal e um tablao na mesma noite?<\/h2>\n<p>Em algumas datas pode ser poss\u00edvel, porque a programa\u00e7\u00e3o oficial usa diferentes hor\u00e1rios e alguns espet\u00e1culos come\u00e7am mais cedo ou mais tarde do que outros. Mas n\u00e3o transforme a noite numa corrida.<\/p>\n<p>Antes de reservar duas sess\u00f5es, verifique <strong>hora aproximada de fim, dist\u00e2ncia entre espa\u00e7os e tempo real de desloca\u00e7\u00e3o<\/strong>. O centro de Sevilha \u00e9 muito f\u00e1cil de percorrer a p\u00e9, mas Teatro Central, Triana e outros pontos podem exigir mais margem.<\/p>\n<p>Se j\u00e1 tem um bilhete para a Bienal, normalmente \u00e9 melhor organizar a noite \u00e0 volta dessa sess\u00e3o. O tablao pode ser uma alternativa para outra noite da estadia ou uma solu\u00e7\u00e3o quando o espet\u00e1culo oficial n\u00e3o encaixa.<\/p>\n<p>Se a sua viagem durar v\u00e1rios dias, consulte tamb\u00e9m <a href=\"https:\/\/www.tablaosflamencos.com\/pt-pt\/noites-unicas-bienal-flamenco-sevilha-2026.html\"><strong>as Noches \u00danicas da Bienal 2026<\/strong><\/a> e o nosso guia de <a href=\"https:\/\/www.tablaosflamencos.com\/pt-pt\/bienal-flamenco-sevilha-2026-bilhetes-precos-descontos.html\"><strong>bilhetes, pre\u00e7os e descontos<\/strong><\/a> para distribuir melhor as experi\u00eancias.<\/p>\n<\/div><\/div><\/div><\/div><\/div><\/div><\/div><\/section><section class=\"l-section wpb_row height_huge color_alternate with_shape\"><div class=\"l-section-shape type_zigzag pos_top hor_flip\" style=\"height:3vmin;\"><svg xmlns=\"http:\/\/www.w3.org\/2000\/svg\" viewBox=\"0 0 64 8\" preserveAspectRatio=\"none\" width=\"100%\" height=\"100%\">\r\n\t<path fill=\"currentColor\" d=\"M64 8 L0 8 L0 0 L20 7.9 L40 3 L48 5 L64 0 Z\"\/>\r\n<\/svg><\/div><div class=\"l-section-shape type_zigzag pos_bottom\" style=\"height:3vmin;\"><svg xmlns=\"http:\/\/www.w3.org\/2000\/svg\" viewBox=\"0 0 64 8\" preserveAspectRatio=\"none\" width=\"100%\" height=\"100%\">\r\n\t<path fill=\"currentColor\" d=\"M64 8 L0 8 L0 0 L20 7.9 L40 3 L48 5 L64 0 Z\"\/>\r\n<\/svg><\/div><div class=\"l-section-h i-cf\"><div class=\"g-cols vc_row via_flex valign_top type_default stacking_default\"><div class=\"vc_col-sm-6 wpb_column vc_column_container\"><div class=\"vc_column-inner\"><div class=\"wpb_wrapper\"><div class=\"wpb_text_column\"><div class=\"wpb_wrapper\"><h2>Se quiser uma experi\u00eancia muito \u00edntima<\/h2>\n<p>Sair de um grande teatro da Bienal e entrar depois numa sala pequena pode mudar completamente a perce\u00e7\u00e3o do flamenco. Num formato pr\u00f3ximo, ouvem-se melhor as respira\u00e7\u00f5es, as chamadas entre os artistas, o bater dos p\u00e9s e a comunica\u00e7\u00e3o do quadro.<\/p>\n<p>Dentro do nosso cat\u00e1logo, <a href=\"https:\/\/www.tablaosflamencos.com\/pt-pt\/tablao\/casa-flamenco-azahar\"><strong>Casa Flamenco Azahar<\/strong><\/a> e <a href=\"https:\/\/www.tablaosflamencos.com\/pt-pt\/tablao\/casa-duende-tablao\"><strong>Casa Duende Tablao<\/strong><\/a> encaixam especialmente bem nessa procura de proximidade. Tamb\u00e9m <a href=\"https:\/\/www.tablaosflamencos.com\/pt-pt\/tablao\/tablao-flamenco-las-duenas\"><strong>Las Due\u00f1as<\/strong><\/a> e <a href=\"https:\/\/www.tablaosflamencos.com\/pt-pt\/tablao\/baraka-sala-flamenca\"><strong>Baraka<\/strong><\/a> podem interessar-lhe se quiser sentir os artistas muito perto.<\/p>\n<p>A lota\u00e7\u00e3o reduzida tem uma consequ\u00eancia evidente: <strong>se vir disponibilidade para esta noite, n\u00e3o conv\u00e9m deixar a decis\u00e3o para o \u00faltimo momento<\/strong>.<\/p>\n<\/div><\/div><\/div><\/div><\/div><div class=\"vc_col-sm-6 wpb_column vc_column_container\"><div class=\"vc_column-inner\"><div class=\"wpb_wrapper\"><div class=\"wpb_text_column\"><div class=\"wpb_wrapper\"><h2>Se procura uma noite mais completa<\/h2>\n<p>Outros visitantes preferem integrar o flamenco num plano com gastronomia, arquitetura ou uma encena\u00e7\u00e3o mais ampla.<\/p>\n<p><a href=\"https:\/\/www.tablaosflamencos.com\/pt-pt\/tablao\/tablao-flamenco-la-cantaora\"><strong>La Cantaora<\/strong><\/a> permite considerar op\u00e7\u00f5es que combinam espet\u00e1culo e gastronomia. <a href=\"https:\/\/www.tablaosflamencos.com\/pt-pt\/tablao\/tablao-flamenco-las-setas\"><strong>Las Setas<\/strong><\/a> encaixa muito bem numa noite por Encarnaci\u00f3n e pelo centro. <a href=\"https:\/\/www.tablaosflamencos.com\/pt-pt\/tablao\/tablao-flamenco-casa-inquieta\"><strong>Casa Inquieta<\/strong><\/a> acrescenta o atrativo de uma casa-pal\u00e1cio do s\u00e9culo XIX. E <a href=\"https:\/\/www.tablaosflamencos.com\/pt-pt\/tablao\/tablao-flamenco-el-jardin-de-murillo\"><strong>El Jard\u00edn de Murillo<\/strong><\/a> \u00e9 especialmente c\u00f3modo se vier de Santa Cruz, da Catedral ou do Alc\u00e1zar.<\/p>\n<p>Se o flamenco for o principal motivo da noite, a nossa recomenda\u00e7\u00e3o geral continua a ser dar prioridade \u00e0 <strong>qualidade e ao formato do espet\u00e1culo<\/strong>; o jantar pode ser organizado antes ou depois, se preferir.<\/p>\n<\/div><\/div><\/div><\/div><\/div><\/div><\/div><\/section><section class=\"l-section wpb_row height_huge\"><div class=\"l-section-h i-cf\"><div class=\"g-cols vc_row via_flex valign_top type_default stacking_default\"><div class=\"vc_col-sm-12 wpb_column vc_column_container\"><div class=\"vc_column-inner\"><div class=\"wpb_wrapper\"><div class=\"wpb_text_column\"><div class=\"wpb_wrapper\"><h2 id=\"elegir\">Como escolher o que ver esta noite em cinco minutos<\/h2>\n<p>Se n\u00e3o quiser continuar a comparar durante meia hora, siga esta ordem:<\/p>\n<p><strong>1. Data:<\/strong> abra o programa oficial e veja apenas o que acontece hoje.<\/p>\n<p><strong>2. Disponibilidade:<\/strong> exclua as sess\u00f5es para as quais j\u00e1 n\u00e3o pode comprar bilhete.<\/p>\n<p><strong>3. Zona:<\/strong> decida entre centro, Santa Cruz, Encarnaci\u00f3n ou Triana.<\/p>\n<p><strong>4. Formato:<\/strong> escolha entre uma grande produ\u00e7\u00e3o da Bienal, um tablao \u00edntimo ou uma experi\u00eancia mais ampla.<\/p>\n<p><strong>5. Reserva:<\/strong> confirme o bilhete antes de completar o resto do plano.<\/p>\n<p><strong>6. Jantar e passeio:<\/strong> organize-os \u00e0 volta da hora e da zona da sess\u00e3o, e n\u00e3o ao contr\u00e1rio.<\/p>\n<p><strong>7. Plano B:<\/strong> se a Bienal estiver esgotada, compare imediatamente os tablaos dispon\u00edveis em <a href=\"https:\/\/www.tablaosflamencos.com\/pt-pt\/flamenco-em-sevilha\"><strong>flamenco em Sevilha<\/strong><\/a>.<\/p>\n<p>Este sistema \u00e9 especialmente \u00fatil durante a Bienal porque evita um erro comum: passar demasiado tempo \u00e0 procura do \u201cespet\u00e1culo perfeito\u201d e acabar por perder as op\u00e7\u00f5es que ainda tinham disponibilidade.<\/p>\n<\/div><\/div><div class=\"w-separator size_medium\"><\/div><div class=\"w-hwrapper valign_top wrap align_center\" style=\"--hwrapper-gap:1.2rem\"><div class=\"w-btn-wrapper align_none\"><a class=\"w-btn us-btn-style_1\" href=\"https:\/\/www.tablaosflamencos.com\/pt-pt\/flamenco-em-sevilha\"><span class=\"w-btn-label\">Ver flamenco dispon\u00edvel em Sevilha<\/span><\/a><\/div><div class=\"w-btn-wrapper align_none\"><a class=\"w-btn us-btn-style_11\" href=\"https:\/\/www.labienal.com\/programa-general\"><span class=\"w-btn-label\">Consultar a programa\u00e7\u00e3o oficial<\/span><\/a><\/div><\/div><\/div><\/div><\/div><\/div><\/div><\/section><section class=\"l-section wpb_row height_huge color_alternate with_shape\"><div class=\"l-section-shape type_zigzag pos_top hor_flip\" style=\"height:3vmin;\"><svg xmlns=\"http:\/\/www.w3.org\/2000\/svg\" viewBox=\"0 0 64 8\" preserveAspectRatio=\"none\" width=\"100%\" height=\"100%\">\r\n\t<path fill=\"currentColor\" d=\"M64 8 L0 8 L0 0 L20 7.9 L40 3 L48 5 L64 0 Z\"\/>\r\n<\/svg><\/div><div class=\"l-section-shape type_zigzag pos_bottom\" style=\"height:3vmin;\"><svg xmlns=\"http:\/\/www.w3.org\/2000\/svg\" viewBox=\"0 0 64 8\" preserveAspectRatio=\"none\" width=\"100%\" height=\"100%\">\r\n\t<path fill=\"currentColor\" d=\"M64 8 L0 8 L0 0 L20 7.9 L40 3 L48 5 L64 0 Z\"\/>\r\n<\/svg><\/div><div class=\"l-section-h i-cf\"><div class=\"g-cols vc_row via_flex valign_top type_default stacking_default\"><div class=\"vc_col-sm-1\/5 wpb_column vc_column_container\"><div class=\"vc_column-inner\"><div class=\"wpb_wrapper\"><\/div><\/div><\/div><div class=\"vc_col-sm-3\/5 wpb_column vc_column_container\"><div class=\"vc_column-inner\"><div class=\"wpb_wrapper\"><div class=\"wpb_text_column\"><div class=\"wpb_wrapper\"><h2 id=\"faq\">Perguntas frequentes sobre flamenco esta noite em Sevilha durante a Bienal<\/h2>\n<\/div><\/div><div class=\"w-separator size_medium\"><\/div><div class=\"w-tabs accordion toggle_style_1 has_scrolling\" style=\"--sections-title-size:inherit;--sections-gap:0.5rem;\"><div class=\"w-tabs-sections titles-align_none icon_plus cpos_left\"><div class=\"w-tabs-section\" id=\"aa75\" itemscope itemprop=\"mainEntity\" itemtype=\"https:\/\/schema.org\/Question\"><button type=\"button\" class=\"w-tabs-section-header\" aria-controls=\"content-aa75\" aria-expanded=\"false\"><h3 class=\"w-tabs-section-title\" itemprop=\"name\">Onde posso ver flamenco esta noite em Sevilha durante a Bienal?<\/h3><div class=\"w-tabs-section-control\"><\/div><\/button><div  class=\"w-tabs-section-content\" id=\"content-aa75\" itemscope itemprop=\"acceptedAnswer\" itemtype=\"https:\/\/schema.org\/Answer\"><div class=\"w-tabs-section-content-h i-cf\" itemprop=\"text\"><div class=\"wpb_text_column\"><div class=\"wpb_wrapper\"><p>Depende da data concreta. Consulte primeiro a programa\u00e7\u00e3o oficial da Bienal e, se procura uma alternativa ou uma sess\u00e3o com reserva direta, compare os tablaos dispon\u00edveis no Tablaos Flamencos. Centro, Santa Cruz, Encarnaci\u00f3n e Triana concentram v\u00e1rias op\u00e7\u00f5es.<\/p>\n<\/div><\/div><\/div><\/div><\/div><div class=\"w-tabs-section\" id=\"mb70\" itemscope itemprop=\"mainEntity\" itemtype=\"https:\/\/schema.org\/Question\"><button type=\"button\" class=\"w-tabs-section-header\" aria-controls=\"content-mb70\" aria-expanded=\"false\"><h3 class=\"w-tabs-section-title\" itemprop=\"name\">A Bienal tem espet\u00e1culos todas as noites?<\/h3><div class=\"w-tabs-section-control\"><\/div><\/button><div  class=\"w-tabs-section-content\" id=\"content-mb70\" itemscope itemprop=\"acceptedAnswer\" itemtype=\"https:\/\/schema.org\/Answer\"><div class=\"w-tabs-section-content-h i-cf\" itemprop=\"text\"><div class=\"wpb_text_column\"><div class=\"wpb_wrapper\"><p>A Bienal realiza-se de 9 de setembro a 3 de outubro de 2026 e a programa\u00e7\u00e3o muda conforme a data. Consulte o programa oficial para verificar que sess\u00f5es se realizam exatamente no dia da sua visita.<\/p>\n<\/div><\/div><\/div><\/div><\/div><div class=\"w-tabs-section\" id=\"uc4e\" itemscope itemprop=\"mainEntity\" itemtype=\"https:\/\/schema.org\/Question\"><button type=\"button\" class=\"w-tabs-section-header\" aria-controls=\"content-uc4e\" aria-expanded=\"false\"><h3 class=\"w-tabs-section-title\" itemprop=\"name\">O que fa\u00e7o se o espet\u00e1culo da Bienal que queria estiver esgotado?<\/h3><div class=\"w-tabs-section-control\"><\/div><\/button><div  class=\"w-tabs-section-content\" id=\"content-uc4e\" itemscope itemprop=\"acceptedAnswer\" itemtype=\"https:\/\/schema.org\/Answer\"><div class=\"w-tabs-section-content-h i-cf\" itemprop=\"text\"><div class=\"wpb_text_column\"><div class=\"wpb_wrapper\"><p>N\u00e3o tem de abdicar do flamenco. Pode procurar outro espet\u00e1culo oficial com disponibilidade ou reservar diretamente um tablao. Consulte tamb\u00e9m o nosso guia espec\u00edfico Bienal esgotada: onde ver flamenco hoje em Sevilha.<\/p>\n<\/div><\/div><\/div><\/div><\/div><div class=\"w-tabs-section\" id=\"xd2d\" itemscope itemprop=\"mainEntity\" itemtype=\"https:\/\/schema.org\/Question\"><button type=\"button\" class=\"w-tabs-section-header\" aria-controls=\"content-xd2d\" aria-expanded=\"false\"><h3 class=\"w-tabs-section-title\" itemprop=\"name\">Posso reservar um tablao para esta mesma noite?<\/h3><div class=\"w-tabs-section-control\"><\/div><\/button><div  class=\"w-tabs-section-content\" id=\"content-xd2d\" itemscope itemprop=\"acceptedAnswer\" itemtype=\"https:\/\/schema.org\/Answer\"><div class=\"w-tabs-section-content-h i-cf\" itemprop=\"text\"><div class=\"wpb_text_column\"><div class=\"wpb_wrapper\"><p>Sim, desde que ainda haja lugares. A disponibilidade muda consoante a data e a sess\u00e3o, pelo que conv\u00e9m verificar online e reservar assim que encontrar uma op\u00e7\u00e3o que encaixe no seu plano.<\/p>\n<\/div><\/div><\/div><\/div><\/div><div class=\"w-tabs-section\" id=\"me12\" itemscope itemprop=\"mainEntity\" itemtype=\"https:\/\/schema.org\/Question\"><button type=\"button\" class=\"w-tabs-section-header\" aria-controls=\"content-me12\" aria-expanded=\"false\"><h3 class=\"w-tabs-section-title\" itemprop=\"name\">\u00c9 melhor a Bienal ou um tablao?<\/h3><div class=\"w-tabs-section-control\"><\/div><\/button><div  class=\"w-tabs-section-content\" id=\"content-me12\" itemscope itemprop=\"acceptedAnswer\" itemtype=\"https:\/\/schema.org\/Answer\"><div class=\"w-tabs-section-content-h i-cf\" itemprop=\"text\"><div class=\"wpb_text_column\"><div class=\"wpb_wrapper\"><p>S\u00e3o experi\u00eancias diferentes. A Bienal oferece produ\u00e7\u00f5es extraordin\u00e1rias, estreias e sess\u00f5es \u00fanicas; o tablao oferece regularidade, proximidade e uma rela\u00e7\u00e3o direta entre cante, guitarra e baile. Uma estadia de v\u00e1rios dias permite desfrutar dos dois formatos.<\/p>\n<\/div><\/div><\/div><\/div><\/div><div class=\"w-tabs-section\" id=\"vee7\" itemscope itemprop=\"mainEntity\" itemtype=\"https:\/\/schema.org\/Question\"><button type=\"button\" class=\"w-tabs-section-header\" aria-controls=\"content-vee7\" aria-expanded=\"false\"><h3 class=\"w-tabs-section-title\" itemprop=\"name\">Qual \u00e9 a melhor zona para procurar flamenco \u00e0 \u00faltima hora?<\/h3><div class=\"w-tabs-section-control\"><\/div><\/button><div  class=\"w-tabs-section-content\" id=\"content-vee7\" itemscope itemprop=\"acceptedAnswer\" itemtype=\"https:\/\/schema.org\/Answer\"><div class=\"w-tabs-section-content-h i-cf\" itemprop=\"text\"><div class=\"wpb_text_column\"><div class=\"wpb_wrapper\"><p>O centro hist\u00f3rico e Triana re\u00fanem muitas op\u00e7\u00f5es e permitem combinar facilmente o espet\u00e1culo com outros planos. Se j\u00e1 est\u00e1 em Santa Cruz, Encarnaci\u00f3n ou Plaza Nueva, escolher uma sala pr\u00f3xima reduz desloca\u00e7\u00f5es e facilita a organiza\u00e7\u00e3o da noite.<\/p>\n<\/div><\/div><\/div><\/div><\/div><div class=\"w-tabs-section\" id=\"qfb5\" itemscope itemprop=\"mainEntity\" itemtype=\"https:\/\/schema.org\/Question\"><button type=\"button\" class=\"w-tabs-section-header\" aria-controls=\"content-qfb5\" aria-expanded=\"false\"><h3 class=\"w-tabs-section-title\" itemprop=\"name\">Posso jantar antes ou depois do flamenco?<\/h3><div class=\"w-tabs-section-control\"><\/div><\/button><div  class=\"w-tabs-section-content\" id=\"content-qfb5\" itemscope itemprop=\"acceptedAnswer\" itemtype=\"https:\/\/schema.org\/Answer\"><div class=\"w-tabs-section-content-h i-cf\" itemprop=\"text\"><div class=\"wpb_text_column\"><div class=\"wpb_wrapper\"><p>Sim. Se o flamenco for a sua prioridade, costuma ser pr\u00e1tico reservar primeiro a sess\u00e3o e organizar depois o jantar ou as tapas de acordo com o hor\u00e1rio e a zona. Alguns espa\u00e7os oferecem tamb\u00e9m modalidades que integram gastronomia.<\/p>\n<\/div><\/div><\/div><\/div><\/div><div class=\"w-tabs-section\" id=\"x082\" itemscope itemprop=\"mainEntity\" itemtype=\"https:\/\/schema.org\/Question\"><button type=\"button\" class=\"w-tabs-section-header\" aria-controls=\"content-x082\" aria-expanded=\"false\"><h3 class=\"w-tabs-section-title\" itemprop=\"name\">\u00c9 poss\u00edvel ir com crian\u00e7as ver flamenco durante a Bienal?<\/h3><div class=\"w-tabs-section-control\"><\/div><\/button><div  class=\"w-tabs-section-content\" id=\"content-x082\" itemscope itemprop=\"acceptedAnswer\" itemtype=\"https:\/\/schema.org\/Answer\"><div class=\"w-tabs-section-content-h i-cf\" itemprop=\"text\"><div class=\"wpb_text_column\"><div class=\"wpb_wrapper\"><p>Depende do espet\u00e1culo e do espa\u00e7o. Nos tablaos, as condi\u00e7\u00f5es e eventuais idades m\u00ednimas podem variar; na Bienal, deve verificar as condi\u00e7\u00f5es espec\u00edficas da sess\u00e3o escolhida antes de comprar os bilhetes.<\/p>\n<\/div><\/div><\/div><\/div><\/div><div class=\"w-tabs-section\" id=\"c148\" itemscope itemprop=\"mainEntity\" itemtype=\"https:\/\/schema.org\/Question\"><button type=\"button\" class=\"w-tabs-section-header\" aria-controls=\"content-c148\" aria-expanded=\"false\"><h3 class=\"w-tabs-section-title\" itemprop=\"name\">Onde vejo todos os tablaos que posso reservar em Sevilha?<\/h3><div class=\"w-tabs-section-control\"><\/div><\/button><div  class=\"w-tabs-section-content\" id=\"content-c148\" itemscope itemprop=\"acceptedAnswer\" itemtype=\"https:\/\/schema.org\/Answer\"><div class=\"w-tabs-section-content-h i-cf\" itemprop=\"text\"><div class=\"wpb_text_column\"><div class=\"wpb_wrapper\"><p>Na nossa p\u00e1gina de flamenco em Sevilha pode comparar os espa\u00e7os dispon\u00edveis e aceder \u00e0s respetivas fichas para consultar as op\u00e7\u00f5es de reserva para a sua data.<\/p>\n<\/div><\/div><\/div><\/div><\/div><div class=\"w-tabs-section\" id=\"i233\" itemscope itemprop=\"mainEntity\" itemtype=\"https:\/\/schema.org\/Question\"><button type=\"button\" class=\"w-tabs-section-header\" aria-controls=\"content-i233\" aria-expanded=\"false\"><h3 class=\"w-tabs-section-title\" itemprop=\"name\">O que fa\u00e7o se chegar a Sevilha sem nenhum plano para esta noite?<\/h3><div class=\"w-tabs-section-control\"><\/div><\/button><div  class=\"w-tabs-section-content\" id=\"content-i233\" itemscope itemprop=\"acceptedAnswer\" itemtype=\"https:\/\/schema.org\/Answer\"><div class=\"w-tabs-section-content-h i-cf\" itemprop=\"text\"><div class=\"wpb_text_column\"><div class=\"wpb_wrapper\"><p>Verifique primeiro que sess\u00f5es oficiais da Bienal se realizam hoje e se ainda h\u00e1 bilhetes. Se n\u00e3o encontrar uma op\u00e7\u00e3o adequada, compare imediatamente os tablaos do nosso portal por zona e disponibilidade. Reserve primeiro a sess\u00e3o e organize depois o resto da noite.<\/p>\n<\/div><\/div><\/div><\/div><\/div><\/div><\/div><\/div><\/div><\/div><div class=\"vc_col-sm-1\/5 wpb_column vc_column_container\"><div class=\"vc_column-inner\"><div class=\"wpb_wrapper\"><\/div><\/div><\/div><\/div><\/div><\/section><section class=\"l-section wpb_row height_huge\"><div class=\"l-section-h i-cf\"><div class=\"g-cols vc_row via_flex valign_top type_default stacking_default\"><div class=\"vc_col-sm-12 wpb_column vc_column_container\"><div class=\"vc_column-inner\"><div class=\"wpb_wrapper\"><div class=\"wpb_text_column\"><div class=\"wpb_wrapper\"><h2 style=\"text-align: center;\">Esta noite h\u00e1 flamenco: a chave \u00e9 garantir o seu bilhete<\/h2>\n<p style=\"text-align: center;\">Durante a Bienal, Sevilha multiplica as suas possibilidades flamencas. O problema normalmente n\u00e3o \u00e9 encontrar algo para ver, mas escolher bem entre uma programa\u00e7\u00e3o extraordin\u00e1ria, hor\u00e1rios diferentes, v\u00e1rios bairros e lota\u00e7\u00f5es que podem esgotar.<\/p>\n<p style=\"text-align: center;\">Se procura uma solu\u00e7\u00e3o imediata, comece pela data de hoje, consulte a programa\u00e7\u00e3o oficial e compare depois os espet\u00e1culos regulares que pode reservar diretamente. Se a sess\u00e3o da Bienal que queria j\u00e1 n\u00e3o tiver bilhetes, <strong>n\u00e3o mude de plano: mude de palco<\/strong>.<\/p>\n<p style=\"text-align: center;\">Pode continuar a ver cante, baile e guitarra esta mesma noite nos tablaos de Sevilha e reservar a partir da nossa sele\u00e7\u00e3o de <a href=\"https:\/\/www.tablaosflamencos.com\/pt-pt\/flamenco-em-sevilha\"><strong>flamenco em Sevilha<\/strong><\/a>.<\/p>\n<\/div><\/div><\/div><\/div><\/div><\/div><\/div><\/section>\n","protected":false},"excerpt":{"rendered":"<p>Guia r\u00e1pido para escolher que flamenco ver esta noite em Sevilha durante a Bienal 2026: programa oficial, tablaos, zonas e reservas de \u00faltima hora.<\/p>\n","protected":false},"author":1,"featured_media":14496,"comment_status":"closed","ping_status":"closed","sticky":false,"template":"","format":"standard","meta":{"_acf_changed":false,"wpai_generated_summary":"","_ayudawp_aiss_exclude":false,"_ayudawp_aiss_exclude_summary":false,"_ayudawp_aiss_summary":"","_ayudawp_aiss_summary_provider":"","_ayudawp_aiss_summary_hash":"","footnotes":""},"categories":[1430],"tags":[1255,1256,1257,1258,1188,1259,1260],"class_list":["post-14520","post","type-post","status-publish","format-standard","has-post-thumbnail","hentry","category-bienal-flamenco-sevilha","tag-agenda-flamenca","tag-bienal-2026","tag-bienal-de-flamenco","tag-festivales-flamencos","tag-flamenco-en-sevilla","tag-sevilla","tag-tablaos-de-sevilla"],"acf":[],"yoast_head":"<!-- This site is optimized with the Yoast SEO Premium plugin v28.4 (Yoast SEO v28.4) - https:\/\/yoast.com\/product\/yoast-seo-premium-wordpress\/ -->\n<title>Flamenco esta noite em Sevilha durante a Bienal 2026<\/title>\n<meta name=\"description\" content=\"Procura flamenco esta noite em Sevilha durante a Bienal 2026? Consulte o programa oficial e reserve alternativas nos tablaos do centro e de Triana.\" \/>\n<meta name=\"robots\" content=\"index, follow, max-snippet:-1, max-image-preview:large, max-video-preview:-1\" \/>\n<link rel=\"canonical\" href=\"https:\/\/www.tablaosflamencos.com\/pt-pt\/flamenco-esta-noite-sevilha-bienal-2026.html\" \/>\n<meta property=\"og:locale\" content=\"pt_PT\" \/>\n<meta property=\"og:type\" content=\"article\" \/>\n<meta property=\"og:title\" content=\"Flamenco esta noite em Sevilha durante a Bienal\" \/>\n<meta property=\"og:description\" content=\"Procura flamenco esta noite em Sevilha durante a Bienal 2026? Consulte o programa oficial e reserve alternativas nos tablaos do centro e de Triana.\" \/>\n<meta property=\"og:url\" content=\"https:\/\/www.tablaosflamencos.com\/pt-pt\/flamenco-esta-noite-sevilha-bienal-2026.html\" \/>\n<meta property=\"og:site_name\" content=\"Tablaos Flamencos\" \/>\n<meta property=\"article:publisher\" content=\"https:\/\/www.facebook.com\/tablaosflamencos\" \/>\n<meta property=\"article:published_time\" content=\"2026-09-04T16:37:03+00:00\" \/>\n<meta property=\"article:modified_time\" content=\"2026-09-04T22:11:03+00:00\" \/>\n<meta property=\"og:image\" content=\"https:\/\/www.tablaosflamencos.com\/wp-content\/uploads\/flamenco-esta-noche-en-sevilla-durante-la-bienal-01.webp\" \/>\n\t<meta property=\"og:image:width\" content=\"1672\" \/>\n\t<meta property=\"og:image:height\" content=\"941\" \/>\n\t<meta property=\"og:image:type\" content=\"image\/webp\" \/>\n<meta name=\"author\" content=\"Miguel Ortiz\" \/>\n<meta name=\"twitter:card\" content=\"summary_large_image\" \/>\n<meta name=\"twitter:creator\" content=\"@tablaosflamenco\" \/>\n<meta name=\"twitter:site\" content=\"@tablaosflamenco\" \/>\n<meta name=\"twitter:label1\" content=\"Escrito por\" \/>\n\t<meta name=\"twitter:data1\" content=\"Miguel Ortiz\" \/>\n\t<meta name=\"twitter:label2\" content=\"Tempo estimado de leitura\" \/>\n\t<meta name=\"twitter:data2\" content=\"16 minutos\" \/>\n<script type=\"application\/ld+json\" class=\"yoast-schema-graph\">{\"@context\":\"https:\\\/\\\/schema.org\",\"@graph\":[{\"@type\":\"Article\",\"@id\":\"https:\\\/\\\/www.tablaosflamencos.com\\\/pt-pt\\\/flamenco-esta-noite-sevilha-bienal-2026.html#article\",\"isPartOf\":{\"@id\":\"https:\\\/\\\/www.tablaosflamencos.com\\\/pt-pt\\\/flamenco-esta-noite-sevilha-bienal-2026.html\"},\"author\":{\"name\":\"Miguel Ortiz\",\"@id\":\"https:\\\/\\\/www.tablaosflamencos.com\\\/pt-pt#\\\/schema\\\/person\\\/e7a9ebe14eb75a52ceabfbffb3c54f5d\"},\"headline\":\"Flamenco esta noite em Sevilha durante a Bienal\",\"datePublished\":\"2026-09-04T16:37:03+00:00\",\"dateModified\":\"2026-09-04T22:11:03+00:00\",\"mainEntityOfPage\":{\"@id\":\"https:\\\/\\\/www.tablaosflamencos.com\\\/pt-pt\\\/flamenco-esta-noite-sevilha-bienal-2026.html\"},\"wordCount\":3277,\"publisher\":{\"@id\":\"https:\\\/\\\/www.tablaosflamencos.com\\\/pt-pt#organization\"},\"image\":{\"@id\":\"https:\\\/\\\/www.tablaosflamencos.com\\\/pt-pt\\\/flamenco-esta-noite-sevilha-bienal-2026.html#primaryimage\"},\"thumbnailUrl\":\"https:\\\/\\\/www.tablaosflamencos.com\\\/wp-content\\\/uploads\\\/flamenco-esta-noche-en-sevilla-durante-la-bienal-01.webp\",\"keywords\":[\"agenda flamenca\",\"Bienal 2026\",\"Bienal de Flamenco\",\"festivales flamencos\",\"flamenco en Sevilla\",\"sevilla\",\"tablaos de Sevilla\"],\"articleSection\":[\"Bienal de Flamenco de Sevilha\"],\"inLanguage\":\"pt-PT\"},{\"@type\":\"WebPage\",\"@id\":\"https:\\\/\\\/www.tablaosflamencos.com\\\/pt-pt\\\/flamenco-esta-noite-sevilha-bienal-2026.html\",\"url\":\"https:\\\/\\\/www.tablaosflamencos.com\\\/pt-pt\\\/flamenco-esta-noite-sevilha-bienal-2026.html\",\"name\":\"Flamenco esta noite em Sevilha durante a Bienal 2026\",\"isPartOf\":{\"@id\":\"https:\\\/\\\/www.tablaosflamencos.com\\\/pt-pt#website\"},\"primaryImageOfPage\":{\"@id\":\"https:\\\/\\\/www.tablaosflamencos.com\\\/pt-pt\\\/flamenco-esta-noite-sevilha-bienal-2026.html#primaryimage\"},\"image\":{\"@id\":\"https:\\\/\\\/www.tablaosflamencos.com\\\/pt-pt\\\/flamenco-esta-noite-sevilha-bienal-2026.html#primaryimage\"},\"thumbnailUrl\":\"https:\\\/\\\/www.tablaosflamencos.com\\\/wp-content\\\/uploads\\\/flamenco-esta-noche-en-sevilla-durante-la-bienal-01.webp\",\"datePublished\":\"2026-09-04T16:37:03+00:00\",\"dateModified\":\"2026-09-04T22:11:03+00:00\",\"description\":\"Procura flamenco esta noite em Sevilha durante a Bienal 2026? Consulte o programa oficial e reserve alternativas nos tablaos do centro e de Triana.\",\"breadcrumb\":{\"@id\":\"https:\\\/\\\/www.tablaosflamencos.com\\\/pt-pt\\\/flamenco-esta-noite-sevilha-bienal-2026.html#breadcrumb\"},\"inLanguage\":\"pt-PT\",\"potentialAction\":[{\"@type\":\"ReadAction\",\"target\":[\"https:\\\/\\\/www.tablaosflamencos.com\\\/pt-pt\\\/flamenco-esta-noite-sevilha-bienal-2026.html\"]}]},{\"@type\":\"ImageObject\",\"inLanguage\":\"pt-PT\",\"@id\":\"https:\\\/\\\/www.tablaosflamencos.com\\\/pt-pt\\\/flamenco-esta-noite-sevilha-bienal-2026.html#primaryimage\",\"url\":\"https:\\\/\\\/www.tablaosflamencos.com\\\/wp-content\\\/uploads\\\/flamenco-esta-noche-en-sevilla-durante-la-bienal-01.webp\",\"contentUrl\":\"https:\\\/\\\/www.tablaosflamencos.com\\\/wp-content\\\/uploads\\\/flamenco-esta-noche-en-sevilla-durante-la-bienal-01.webp\",\"width\":1672,\"height\":941,\"caption\":\"Flamenco esta noche en Sevilla durante la Bienal\"},{\"@type\":\"BreadcrumbList\",\"@id\":\"https:\\\/\\\/www.tablaosflamencos.com\\\/pt-pt\\\/flamenco-esta-noite-sevilha-bienal-2026.html#breadcrumb\",\"itemListElement\":[{\"@type\":\"ListItem\",\"position\":1,\"name\":\"Home\",\"item\":\"https:\\\/\\\/www.tablaosflamencos.com\\\/pt-pt\"},{\"@type\":\"ListItem\",\"position\":2,\"name\":\"Flamenco esta noite em Sevilha durante a Bienal\"}]},{\"@type\":\"WebSite\",\"@id\":\"https:\\\/\\\/www.tablaosflamencos.com\\\/pt-pt#website\",\"url\":\"https:\\\/\\\/www.tablaosflamencos.com\\\/pt-pt\",\"name\":\"Tablaos Flamencos\",\"description\":\"Entradas para tablaos flamencos de Espa\u00f1a\",\"publisher\":{\"@id\":\"https:\\\/\\\/www.tablaosflamencos.com\\\/pt-pt#organization\"},\"alternateName\":\"Tablaos Flamencos\",\"potentialAction\":[{\"@type\":\"SearchAction\",\"target\":{\"@type\":\"EntryPoint\",\"urlTemplate\":\"https:\\\/\\\/www.tablaosflamencos.com\\\/pt-pt?s={search_term_string}\"},\"query-input\":{\"@type\":\"PropertyValueSpecification\",\"valueRequired\":true,\"valueName\":\"search_term_string\"}}],\"inLanguage\":\"pt-PT\"},{\"@type\":[\"Organization\",\"Place\",\"EntertainmentBusiness\"],\"@id\":\"https:\\\/\\\/www.tablaosflamencos.com\\\/pt-pt#organization\",\"name\":\"Tablaos Flamencos\",\"alternateName\":\"Tablaos Flamencos\",\"url\":\"https:\\\/\\\/www.tablaosflamencos.com\\\/pt-pt\",\"logo\":{\"@id\":\"https:\\\/\\\/www.tablaosflamencos.com\\\/pt-pt\\\/flamenco-esta-noite-sevilha-bienal-2026.html#local-main-organization-logo\"},\"image\":{\"@id\":\"https:\\\/\\\/www.tablaosflamencos.com\\\/pt-pt\\\/flamenco-esta-noite-sevilha-bienal-2026.html#local-main-organization-logo\"},\"sameAs\":[\"https:\\\/\\\/www.facebook.com\\\/tablaosflamencos\",\"https:\\\/\\\/x.com\\\/tablaosflamenco\",\"https:\\\/\\\/mastodon.social\\\/@tablaosflamencos\",\"https:\\\/\\\/www.instagram.com\\\/tablaosflamencos\",\"https:\\\/\\\/tiktok.com\\\/@tablaosflamencos\",\"https:\\\/\\\/www.linkedin.com\\\/company\\\/109408238\\\/\"],\"description\":\"Venta de entradas para espect\u00e1culos flamencos\",\"legalName\":\"Tablaos Flamencos\",\"foundingDate\":\"2015-01-01\",\"numberOfEmployees\":{\"@type\":\"QuantitativeValue\",\"minValue\":\"1\",\"maxValue\":\"10\"},\"address\":{\"@id\":\"https:\\\/\\\/www.tablaosflamencos.com\\\/pt-pt\\\/flamenco-esta-noite-sevilha-bienal-2026.html#local-main-place-address\"},\"geo\":{\"@type\":\"GeoCoordinates\",\"latitude\":\"37.3868072\",\"longitude\":\"-5.993280299999999\"},\"telephone\":[\"+34623787787\"],\"contactPoint\":{\"@type\":\"ContactPoint\",\"telephone\":\"+34623787787\",\"email\":\"info@tablaosflamencos.com\"},\"openingHoursSpecification\":{\"@type\":\"OpeningHoursSpecification\",\"dayOfWeek\":[\"Monday\",\"Tuesday\",\"Wednesday\",\"Thursday\",\"Friday\",\"Saturday\",\"Sunday\"],\"opens\":\"00:00\",\"closes\":\"23:59\"},\"email\":\"info@tablaosflamencos.com\",\"priceRange\":\"$$$\",\"currenciesAccepted\":\"\u20ac\"},{\"@type\":\"Person\",\"@id\":\"https:\\\/\\\/www.tablaosflamencos.com\\\/pt-pt#\\\/schema\\\/person\\\/e7a9ebe14eb75a52ceabfbffb3c54f5d\",\"name\":\"Miguel Ortiz\",\"description\":\"Miguel Ortiz es un empresario flamenco, con una s\u00f3lida trayectoria dentro del sector. Ha presidido entidades culturales vinculadas al flamenco y, cuenta con un amplio recorrido profesional en la gesti\u00f3n y promoci\u00f3n de espect\u00e1culos y tablaos flamencos. Su pasi\u00f3n por la historia y el arte flamenco se refleja en cada art\u00edculo, donde combina experiencia, criterio y un profundo respeto por la tradici\u00f3n.\",\"sameAs\":[\"https:\\\/\\\/www.tablaosflamencos.com\",\"https:\\\/\\\/www.instagra.com\\\/miguelortizfe\",\"https:\\\/\\\/www.linkedin.com\\\/in\\\/miguelortizf\\\/\"],\"birthDate\":\"1984-11-22\",\"gender\":\"hombre\",\"knowsLanguage\":[\"espa\u00f1ol\",\"ingl\u00e9s\"],\"jobTitle\":\"Empresario flamenco\"},{\"@type\":\"PostalAddress\",\"@id\":\"https:\\\/\\\/www.tablaosflamencos.com\\\/pt-pt\\\/flamenco-esta-noite-sevilha-bienal-2026.html#local-main-place-address\",\"streetAddress\":\"C\\\/ Alemanes, 19\",\"addressLocality\":\"Sevilla\",\"postalCode\":\"41004\",\"addressRegion\":\"Sevilla\",\"addressCountry\":\"ES\"},{\"@type\":\"ImageObject\",\"inLanguage\":\"pt-PT\",\"@id\":\"https:\\\/\\\/www.tablaosflamencos.com\\\/pt-pt\\\/flamenco-esta-noite-sevilha-bienal-2026.html#local-main-organization-logo\",\"url\":\"https:\\\/\\\/www.tablaosflamencos.com\\\/wp-content\\\/uploads\\\/tablaos-flamencos-06-3.webp\",\"contentUrl\":\"https:\\\/\\\/www.tablaosflamencos.com\\\/wp-content\\\/uploads\\\/tablaos-flamencos-06-3.webp\",\"width\":600,\"height\":620,\"caption\":\"Tablaos Flamencos\"}]}<\/script>\n<meta name=\"geo.placename\" content=\"Sevilla\" \/>\n<meta name=\"geo.position\" content=\"37.3868072;-5.993280299999999\" \/>\n<meta name=\"geo.region\" content=\"Espanha\" \/>\n<!-- \/ Yoast SEO Premium plugin. -->","yoast_head_json":{"title":"Flamenco esta noite em Sevilha durante a Bienal 2026","description":"Procura flamenco esta noite em Sevilha durante a Bienal 2026? Consulte o programa oficial e reserve alternativas nos tablaos do centro e de Triana.","robots":{"index":"index","follow":"follow","max-snippet":"max-snippet:-1","max-image-preview":"max-image-preview:large","max-video-preview":"max-video-preview:-1"},"canonical":"https:\/\/www.tablaosflamencos.com\/pt-pt\/flamenco-esta-noite-sevilha-bienal-2026.html","og_locale":"pt_PT","og_type":"article","og_title":"Flamenco esta noite em Sevilha durante a Bienal","og_description":"Procura flamenco esta noite em Sevilha durante a Bienal 2026? Consulte o programa oficial e reserve alternativas nos tablaos do centro e de Triana.","og_url":"https:\/\/www.tablaosflamencos.com\/pt-pt\/flamenco-esta-noite-sevilha-bienal-2026.html","og_site_name":"Tablaos Flamencos","article_publisher":"https:\/\/www.facebook.com\/tablaosflamencos","article_published_time":"2026-09-04T16:37:03+00:00","article_modified_time":"2026-09-04T22:11:03+00:00","og_image":[{"width":1672,"height":941,"url":"https:\/\/www.tablaosflamencos.com\/wp-content\/uploads\/flamenco-esta-noche-en-sevilla-durante-la-bienal-01.webp","type":"image\/webp"}],"author":"Miguel Ortiz","twitter_card":"summary_large_image","twitter_creator":"@tablaosflamenco","twitter_site":"@tablaosflamenco","twitter_misc":{"Escrito por":"Miguel Ortiz","Tempo estimado de leitura":"16 minutos"},"schema":{"@context":"https:\/\/schema.org","@graph":[{"@type":"Article","@id":"https:\/\/www.tablaosflamencos.com\/pt-pt\/flamenco-esta-noite-sevilha-bienal-2026.html#article","isPartOf":{"@id":"https:\/\/www.tablaosflamencos.com\/pt-pt\/flamenco-esta-noite-sevilha-bienal-2026.html"},"author":{"name":"Miguel Ortiz","@id":"https:\/\/www.tablaosflamencos.com\/pt-pt#\/schema\/person\/e7a9ebe14eb75a52ceabfbffb3c54f5d"},"headline":"Flamenco esta noite em Sevilha durante a Bienal","datePublished":"2026-09-04T16:37:03+00:00","dateModified":"2026-09-04T22:11:03+00:00","mainEntityOfPage":{"@id":"https:\/\/www.tablaosflamencos.com\/pt-pt\/flamenco-esta-noite-sevilha-bienal-2026.html"},"wordCount":3277,"publisher":{"@id":"https:\/\/www.tablaosflamencos.com\/pt-pt#organization"},"image":{"@id":"https:\/\/www.tablaosflamencos.com\/pt-pt\/flamenco-esta-noite-sevilha-bienal-2026.html#primaryimage"},"thumbnailUrl":"https:\/\/www.tablaosflamencos.com\/wp-content\/uploads\/flamenco-esta-noche-en-sevilla-durante-la-bienal-01.webp","keywords":["agenda flamenca","Bienal 2026","Bienal de Flamenco","festivales flamencos","flamenco en Sevilla","sevilla","tablaos de Sevilla"],"articleSection":["Bienal de Flamenco de Sevilha"],"inLanguage":"pt-PT"},{"@type":"WebPage","@id":"https:\/\/www.tablaosflamencos.com\/pt-pt\/flamenco-esta-noite-sevilha-bienal-2026.html","url":"https:\/\/www.tablaosflamencos.com\/pt-pt\/flamenco-esta-noite-sevilha-bienal-2026.html","name":"Flamenco esta noite em Sevilha durante a Bienal 2026","isPartOf":{"@id":"https:\/\/www.tablaosflamencos.com\/pt-pt#website"},"primaryImageOfPage":{"@id":"https:\/\/www.tablaosflamencos.com\/pt-pt\/flamenco-esta-noite-sevilha-bienal-2026.html#primaryimage"},"image":{"@id":"https:\/\/www.tablaosflamencos.com\/pt-pt\/flamenco-esta-noite-sevilha-bienal-2026.html#primaryimage"},"thumbnailUrl":"https:\/\/www.tablaosflamencos.com\/wp-content\/uploads\/flamenco-esta-noche-en-sevilla-durante-la-bienal-01.webp","datePublished":"2026-09-04T16:37:03+00:00","dateModified":"2026-09-04T22:11:03+00:00","description":"Procura flamenco esta noite em Sevilha durante a Bienal 2026? Consulte o programa oficial e reserve alternativas nos tablaos do centro e de Triana.","breadcrumb":{"@id":"https:\/\/www.tablaosflamencos.com\/pt-pt\/flamenco-esta-noite-sevilha-bienal-2026.html#breadcrumb"},"inLanguage":"pt-PT","potentialAction":[{"@type":"ReadAction","target":["https:\/\/www.tablaosflamencos.com\/pt-pt\/flamenco-esta-noite-sevilha-bienal-2026.html"]}]},{"@type":"ImageObject","inLanguage":"pt-PT","@id":"https:\/\/www.tablaosflamencos.com\/pt-pt\/flamenco-esta-noite-sevilha-bienal-2026.html#primaryimage","url":"https:\/\/www.tablaosflamencos.com\/wp-content\/uploads\/flamenco-esta-noche-en-sevilla-durante-la-bienal-01.webp","contentUrl":"https:\/\/www.tablaosflamencos.com\/wp-content\/uploads\/flamenco-esta-noche-en-sevilla-durante-la-bienal-01.webp","width":1672,"height":941,"caption":"Flamenco esta noche en Sevilla durante la Bienal"},{"@type":"BreadcrumbList","@id":"https:\/\/www.tablaosflamencos.com\/pt-pt\/flamenco-esta-noite-sevilha-bienal-2026.html#breadcrumb","itemListElement":[{"@type":"ListItem","position":1,"name":"Home","item":"https:\/\/www.tablaosflamencos.com\/pt-pt"},{"@type":"ListItem","position":2,"name":"Flamenco esta noite em Sevilha durante a Bienal"}]},{"@type":"WebSite","@id":"https:\/\/www.tablaosflamencos.com\/pt-pt#website","url":"https:\/\/www.tablaosflamencos.com\/pt-pt","name":"Tablaos Flamencos","description":"Entradas para tablaos flamencos de Espa\u00f1a","publisher":{"@id":"https:\/\/www.tablaosflamencos.com\/pt-pt#organization"},"alternateName":"Tablaos Flamencos","potentialAction":[{"@type":"SearchAction","target":{"@type":"EntryPoint","urlTemplate":"https:\/\/www.tablaosflamencos.com\/pt-pt?s={search_term_string}"},"query-input":{"@type":"PropertyValueSpecification","valueRequired":true,"valueName":"search_term_string"}}],"inLanguage":"pt-PT"},{"@type":["Organization","Place","EntertainmentBusiness"],"@id":"https:\/\/www.tablaosflamencos.com\/pt-pt#organization","name":"Tablaos Flamencos","alternateName":"Tablaos Flamencos","url":"https:\/\/www.tablaosflamencos.com\/pt-pt","logo":{"@id":"https:\/\/www.tablaosflamencos.com\/pt-pt\/flamenco-esta-noite-sevilha-bienal-2026.html#local-main-organization-logo"},"image":{"@id":"https:\/\/www.tablaosflamencos.com\/pt-pt\/flamenco-esta-noite-sevilha-bienal-2026.html#local-main-organization-logo"},"sameAs":["https:\/\/www.facebook.com\/tablaosflamencos","https:\/\/x.com\/tablaosflamenco","https:\/\/mastodon.social\/@tablaosflamencos","https:\/\/www.instagram.com\/tablaosflamencos","https:\/\/tiktok.com\/@tablaosflamencos","https:\/\/www.linkedin.com\/company\/109408238\/"],"description":"Venta de entradas para espect\u00e1culos flamencos","legalName":"Tablaos Flamencos","foundingDate":"2015-01-01","numberOfEmployees":{"@type":"QuantitativeValue","minValue":"1","maxValue":"10"},"address":{"@id":"https:\/\/www.tablaosflamencos.com\/pt-pt\/flamenco-esta-noite-sevilha-bienal-2026.html#local-main-place-address"},"geo":{"@type":"GeoCoordinates","latitude":"37.3868072","longitude":"-5.993280299999999"},"telephone":["+34623787787"],"contactPoint":{"@type":"ContactPoint","telephone":"+34623787787","email":"info@tablaosflamencos.com"},"openingHoursSpecification":{"@type":"OpeningHoursSpecification","dayOfWeek":["Monday","Tuesday","Wednesday","Thursday","Friday","Saturday","Sunday"],"opens":"00:00","closes":"23:59"},"email":"info@tablaosflamencos.com","priceRange":"$$$","currenciesAccepted":"\u20ac"},{"@type":"Person","@id":"https:\/\/www.tablaosflamencos.com\/pt-pt#\/schema\/person\/e7a9ebe14eb75a52ceabfbffb3c54f5d","name":"Miguel Ortiz","description":"Miguel Ortiz es un empresario flamenco, con una s\u00f3lida trayectoria dentro del sector. Ha presidido entidades culturales vinculadas al flamenco y, cuenta con un amplio recorrido profesional en la gesti\u00f3n y promoci\u00f3n de espect\u00e1culos y tablaos flamencos. Su pasi\u00f3n por la historia y el arte flamenco se refleja en cada art\u00edculo, donde combina experiencia, criterio y un profundo respeto por la tradici\u00f3n.","sameAs":["https:\/\/www.tablaosflamencos.com","https:\/\/www.instagra.com\/miguelortizfe","https:\/\/www.linkedin.com\/in\/miguelortizf\/"],"birthDate":"1984-11-22","gender":"hombre","knowsLanguage":["espa\u00f1ol","ingl\u00e9s"],"jobTitle":"Empresario flamenco"},{"@type":"PostalAddress","@id":"https:\/\/www.tablaosflamencos.com\/pt-pt\/flamenco-esta-noite-sevilha-bienal-2026.html#local-main-place-address","streetAddress":"C\/ Alemanes, 19","addressLocality":"Sevilla","postalCode":"41004","addressRegion":"Sevilla","addressCountry":"ES"},{"@type":"ImageObject","inLanguage":"pt-PT","@id":"https:\/\/www.tablaosflamencos.com\/pt-pt\/flamenco-esta-noite-sevilha-bienal-2026.html#local-main-organization-logo","url":"https:\/\/www.tablaosflamencos.com\/wp-content\/uploads\/tablaos-flamencos-06-3.webp","contentUrl":"https:\/\/www.tablaosflamencos.com\/wp-content\/uploads\/tablaos-flamencos-06-3.webp","width":600,"height":620,"caption":"Tablaos Flamencos"}]},"geo.placename":"Sevilla","geo.position":{"lat":"37.3868072","long":"-5.993280299999999"},"geo.region":"Espanha"},"_links":{"self":[{"href":"https:\/\/www.tablaosflamencos.com\/pt-pt\/wp-json\/wp\/v2\/posts\/14520","targetHints":{"allow":["GET"]}}],"collection":[{"href":"https:\/\/www.tablaosflamencos.com\/pt-pt\/wp-json\/wp\/v2\/posts"}],"about":[{"href":"https:\/\/www.tablaosflamencos.com\/pt-pt\/wp-json\/wp\/v2\/types\/post"}],"author":[{"embeddable":true,"href":"https:\/\/www.tablaosflamencos.com\/pt-pt\/wp-json\/wp\/v2\/users\/1"}],"replies":[{"embeddable":true,"href":"https:\/\/www.tablaosflamencos.com\/pt-pt\/wp-json\/wp\/v2\/comments?post=14520"}],"version-history":[{"count":8,"href":"https:\/\/www.tablaosflamencos.com\/pt-pt\/wp-json\/wp\/v2\/posts\/14520\/revisions"}],"predecessor-version":[{"id":14620,"href":"https:\/\/www.tablaosflamencos.com\/pt-pt\/wp-json\/wp\/v2\/posts\/14520\/revisions\/14620"}],"wp:featuredmedia":[{"embeddable":true,"href":"https:\/\/www.tablaosflamencos.com\/pt-pt\/wp-json\/wp\/v2\/media\/14496"}],"wp:attachment":[{"href":"https:\/\/www.tablaosflamencos.com\/pt-pt\/wp-json\/wp\/v2\/media?parent=14520"}],"wp:term":[{"taxonomy":"category","embeddable":true,"href":"https:\/\/www.tablaosflamencos.com\/pt-pt\/wp-json\/wp\/v2\/categories?post=14520"},{"taxonomy":"post_tag","embeddable":true,"href":"https:\/\/www.tablaosflamencos.com\/pt-pt\/wp-json\/wp\/v2\/tags?post=14520"}],"curies":[{"name":"wp","href":"https:\/\/api.w.org\/{rel}","templated":true}]}}