{"id":14503,"date":"2026-09-04T17:20:37","date_gmt":"2026-09-04T15:20:37","guid":{"rendered":"https:\/\/www.tablaosflamencos.com\/?p=14503"},"modified":"2026-09-04T19:09:35","modified_gmt":"2026-09-04T17:09:35","slug":"baraka-sala-flamenca-flamenco-intimista-calle-pureza","status":"publish","type":"post","link":"https:\/\/www.tablaosflamencos.com\/pt-pt\/baraka-sala-flamenca-flamenco-intimista-calle-pureza.html","title":{"rendered":"Baraka Sala Flamenca: flamenco intimista na calle Pureza"},"content":{"rendered":"<section class=\"l-section wpb_row height_huge\"><div class=\"l-section-h i-cf\"><div class=\"g-cols vc_row via_flex valign_top type_default stacking_default\"><div class=\"vc_col-sm-6 wpb_column vc_column_container\"><div class=\"vc_column-inner\"><div class=\"wpb_wrapper\"><div class=\"wpb_text_column\"><div class=\"wpb_wrapper\"><h2>Baraka Sala Flamenca, um tablao para viver o flamenco de perto<\/h2>\n<p>Numa cidade com propostas de flamenco muito diferentes, <strong>Baraka Sala Flamenca<\/strong> ocupa um lugar f\u00e1cil de reconhecer: uma sala de lota\u00e7\u00e3o reduzida, situada na calle Pureza, em Triana, onde o p\u00fablico fica muito perto do cante, da guitarra e da dan\u00e7a. N\u00e3o procura a dimens\u00e3o de um grande teatro nem acompanha a atua\u00e7\u00e3o com um jantar. A proposta concentra-se no essencial: quatro artistas, uma hora de espet\u00e1culo e uma bebida inclu\u00edda.<\/p>\n<p>A atua\u00e7\u00e3o realiza-se na sala flamenca Lola de los Reyes, um espa\u00e7o de est\u00e9tica andaluza com 48 lugares. Esta dimens\u00e3o determina grande parte da experi\u00eancia. De quase qualquer ponto, percebem-se o golpe do tac\u00e3o, a respira\u00e7\u00e3o do cante, as falsetas da guitarra, as palmas e os olhares com que o quadro se organiza ao vivo.<\/p>\n<p>Para quem deseja ver flamenco durante uma visita a Triana, Baraka permite combinar o espet\u00e1culo com um passeio pelo Altozano, pela calle Betis, pelos arredores de Santa Ana e pela pr\u00f3pria calle Pureza. A localiza\u00e7\u00e3o oferece o contexto; a proximidade do palco faz o resto.<\/p>\n<\/div><\/div><\/div><\/div><\/div><div class=\"vc_col-sm-6 wpb_column vc_column_container\"><div class=\"vc_column-inner\"><div class=\"wpb_wrapper\"><div class=\"w-image has_ratio align_center\"><div class=\"w-image-h\"><div style=\"padding-bottom:75%\"><\/div><img fetchpriority=\"high\" decoding=\"async\" width=\"600\" height=\"400\" src=\"https:\/\/www.tablaosflamencos.com\/wp-content\/uploads\/baraka-sala-flamenca-01-1-600x400.webp\" class=\"attachment-us_600_600 size-us_600_600\" alt=\"Baraka Sala Flamenca - Baraka Flamenco show | Tablaos Flamencos\" loading=\"eager\" \/><\/div><\/div><div class=\"wpb_text_column\"><div class=\"wpb_wrapper\"><p style=\"text-align: center;\"><em>A lota\u00e7\u00e3o reduzida da sala permite acompanhar de perto o di\u00e1logo entre cante, guitarra e dan\u00e7a.<\/em><\/p>\n<\/div><\/div><\/div><\/div><\/div><\/div><\/div><\/section><section class=\"l-section wpb_row height_huge with_shape\"><div class=\"l-section-overlay\" style=\"background:#f5f5f5\"><\/div><div class=\"l-section-shape type_zigzag pos_top\" style=\"height:3vmin;\"><svg xmlns=\"http:\/\/www.w3.org\/2000\/svg\" viewBox=\"0 0 64 8\" preserveAspectRatio=\"none\" width=\"100%\" height=\"100%\">\r\n\t<path fill=\"currentColor\" d=\"M64 8 L0 8 L0 0 L20 7.9 L40 3 L48 5 L64 0 Z\"\/>\r\n<\/svg><\/div><div class=\"l-section-shape type_zigzag pos_bottom\" style=\"height:3vmin;\"><svg xmlns=\"http:\/\/www.w3.org\/2000\/svg\" viewBox=\"0 0 64 8\" preserveAspectRatio=\"none\" width=\"100%\" height=\"100%\">\r\n\t<path fill=\"currentColor\" d=\"M64 8 L0 8 L0 0 L20 7.9 L40 3 L48 5 L64 0 Z\"\/>\r\n<\/svg><\/div><div class=\"l-section-h i-cf\"><div class=\"g-cols vc_row via_flex valign_top type_default stacking_default\"><div class=\"vc_col-sm-12 wpb_column vc_column_container\"><div class=\"vc_column-inner\"><div class=\"wpb_wrapper\"><div class=\"wpb_text_column\"><div class=\"wpb_wrapper\"><blockquote>\n<p style=\"margin: 0;\"><strong>Resposta r\u00e1pida:<\/strong> Baraka Sala Flamenca \u00e9 um tablao intimista situado na calle Pureza, 107, em Triana. O espet\u00e1culo dura aproximadamente uma hora e re\u00fane quatro artistas \u2014 cante, guitarra, bailarino e bailarina \u2014 na sala Lola de los Reyes, com lota\u00e7\u00e3o para 48 pessoas. O bilhete inclui uma bebida, mas n\u00e3o o jantar. As sess\u00f5es e os pre\u00e7os podem variar conforme a data, pelo que conv\u00e9m consultar a disponibilidade e reservar com anteced\u00eancia.<\/p>\n<\/blockquote>\n<\/div><\/div><div class=\"w-separator size_medium\"><\/div><div class=\"w-hwrapper valign_top wrap stack_on_mobiles align_center\" style=\"--hwrapper-gap:1.2rem\"><div class=\"w-btn-wrapper align_none\"><a class=\"w-btn us-btn-style_1\" href=\"https:\/\/www.tablaosflamencos.com\/pt-pt\/tablao\/baraka-sala-flamenca\"><span class=\"w-btn-label\">Ver disponibilidade em Baraka<\/span><\/a><\/div><div class=\"w-btn-wrapper align_none\"><a class=\"w-btn us-btn-style_1\" href=\"https:\/\/www.tablaosflamencos.com\/pt-pt\/flamenco-em-triana\"><span class=\"w-btn-label\">Ver flamenco em Triana<\/span><\/a><\/div><\/div><\/div><\/div><\/div><\/div><\/div><\/section><section class=\"l-section wpb_row height_huge\"><div class=\"l-section-h i-cf\"><div class=\"g-cols vc_row via_flex valign_top type_default stacking_default\"><div class=\"vc_col-sm-3 wpb_column vc_column_container\"><div class=\"vc_column-inner\"><div class=\"wpb_wrapper\"><\/div><\/div><\/div><div class=\"vc_col-sm-6 wpb_column vc_column_container\"><div class=\"vc_column-inner\"><div class=\"wpb_wrapper\"><div class=\"wpb_text_column\"><div class=\"wpb_wrapper\"><h2>Conte\u00fado deste guia<\/h2>\n<ul>\n<li><a href=\"#sala-intima\">O que significa ver flamenco numa sala intimista<\/a><\/li>\n<li><a href=\"#espectaculo\">Como \u00e9 o espet\u00e1culo de Baraka<\/a><\/li>\n<li><a href=\"#calle-pureza\">A experi\u00eancia de chegar pela calle Pureza<\/a><\/li>\n<li><a href=\"#informacion-practica\">Dura\u00e7\u00e3o, bilhete, bebida e hor\u00e1rios<\/a><\/li>\n<li><a href=\"#para-quien\">Para quem \u00e9 uma boa escolha<\/a><\/li>\n<li><a href=\"#primera-vez\">O que esperar se for a sua primeira vez<\/a><\/li>\n<li><a href=\"#plan-triana\">Como completar o programa em Triana<\/a><\/li>\n<li><a href=\"#reservar\">Porque conv\u00e9m reservar antes<\/a><\/li>\n<li><a href=\"#faq\">Perguntas frequentes<\/a><\/li>\n<\/ul>\n<\/div><\/div><\/div><\/div><\/div><div class=\"vc_col-sm-3 wpb_column vc_column_container\"><div class=\"vc_column-inner\"><div class=\"wpb_wrapper\"><\/div><\/div><\/div><\/div><\/div><\/section><section class=\"l-section wpb_row height_huge with_shape\"><div class=\"l-section-overlay\" style=\"background:#f5f5f5\"><\/div><div class=\"l-section-shape type_zigzag pos_top\" style=\"height:3vmin;\"><svg xmlns=\"http:\/\/www.w3.org\/2000\/svg\" viewBox=\"0 0 64 8\" preserveAspectRatio=\"none\" width=\"100%\" height=\"100%\">\r\n\t<path fill=\"currentColor\" d=\"M64 8 L0 8 L0 0 L20 7.9 L40 3 L48 5 L64 0 Z\"\/>\r\n<\/svg><\/div><div class=\"l-section-shape type_zigzag pos_bottom\" style=\"height:3vmin;\"><svg xmlns=\"http:\/\/www.w3.org\/2000\/svg\" viewBox=\"0 0 64 8\" preserveAspectRatio=\"none\" width=\"100%\" height=\"100%\">\r\n\t<path fill=\"currentColor\" d=\"M64 8 L0 8 L0 0 L20 7.9 L40 3 L48 5 L64 0 Z\"\/>\r\n<\/svg><\/div><div class=\"l-section-h i-cf\"><div class=\"g-cols vc_row via_flex valign_top type_default stacking_default\"><div class=\"vc_col-sm-6 wpb_column vc_column_container\"><div class=\"vc_column-inner\"><div class=\"wpb_wrapper\"><div class=\"wpb_text_column\"><div class=\"wpb_wrapper\"><h2 id=\"sala-intima\">O que significa ver flamenco numa sala intimista<\/h2>\n<p>A palavra \u00abintimista\u00bb \u00e9 frequentemente utilizada para descrever espet\u00e1culos pequenos, mas em Baraka tem uma consequ\u00eancia concreta: a lota\u00e7\u00e3o \u00e9 de 48 pessoas. N\u00e3o existe uma grande dist\u00e2ncia entre o palco e o p\u00fablico, pelo que a atua\u00e7\u00e3o \u00e9 sentida como um encontro pr\u00f3ximo e n\u00e3o como uma imagem contemplada de longe.<\/p>\n<p>No flamenco, esta proximidade permite descobrir elementos que podem passar despercebidos num espa\u00e7o de maiores dimens\u00f5es. Ouve-se como a guitarra acompanha o cante, como as palmas sustentam o compasso e como a dan\u00e7a responde a uma chamada ou muda de intensidade. Tamb\u00e9m se observam os gestos com que os artistas cedem espa\u00e7o uns aos outros, se incentivam ou preparam um fecho.<\/p>\n<p>A proximidade n\u00e3o significa que o espet\u00e1culo seja improvisado do princ\u00edpio ao fim. Existe uma estrutura profissional, mas dentro dela o cante, a guitarra e a dan\u00e7a t\u00eam de se escutar mutuamente. Cada sess\u00e3o possui nuances pr\u00f3prias, porque o flamenco em palco vive dessa rela\u00e7\u00e3o direta.<\/p>\n<\/div><\/div><\/div><\/div><\/div><div class=\"vc_col-sm-6 wpb_column vc_column_container\"><div class=\"vc_column-inner\"><div class=\"wpb_wrapper\"><div class=\"wpb_text_column\"><div class=\"wpb_wrapper\"><h3>Uma experi\u00eancia concentrada no palco<\/h3>\n<p>Baraka n\u00e3o oferece jantar: a modalidade dispon\u00edvel centra-se no espet\u00e1culo e inclui uma bebida. Isto ajuda a que, durante a hora da atua\u00e7\u00e3o, o palco seja o verdadeiro protagonista. Quem quiser jantar pode faz\u00ea-lo antes ou depois em Triana, sem transformar a gastronomia numa parte obrigat\u00f3ria do bilhete.<\/p>\n<p>O espa\u00e7o de est\u00e9tica andaluza contribui para o ambiente, mas n\u00e3o substitui o conte\u00fado art\u00edstico. A principal raz\u00e3o para escolher a sala \u00e9 poder observar de perto um quadro de flamenco formado por quatro int\u00e9rpretes e acompanhar a rela\u00e7\u00e3o entre as suas disciplinas.<\/p>\n<p>Este formato \u00e9 especialmente adequado para quem valoriza a concentra\u00e7\u00e3o, prefere um espa\u00e7o acolhedor ou quer que o primeiro contacto com o flamenco seja direto e f\u00e1cil de acompanhar. N\u00e3o \u00e9 necess\u00e1rio conhecer os palos nem entender todas as letras: basta prestar aten\u00e7\u00e3o ao ritmo, aos sil\u00eancios, \u00e0s mudan\u00e7as de energia e \u00e0 comunica\u00e7\u00e3o no palco.<\/p>\n<\/div><\/div><\/div><\/div><\/div><\/div><\/div><\/section><section class=\"l-section wpb_row height_huge\"><div class=\"l-section-h i-cf\"><div class=\"g-cols vc_row via_flex valign_top type_default stacking_default\"><div class=\"vc_col-sm-6 wpb_column vc_column_container\"><div class=\"vc_column-inner\"><div class=\"wpb_wrapper\"><div class=\"wpb_text_column\"><div class=\"wpb_wrapper\"><h2 id=\"espectaculo\">Como \u00e9 o espet\u00e1culo de Baraka Sala Flamenca<\/h2>\n<p>A forma\u00e7\u00e3o habitual re\u00fane <strong>quatro artistas: uma voz no cante, um guitarrista, um bailarino e uma bailarina<\/strong>. \u00c9 um quadro compacto, mas suficientemente completo para mostrar os pilares de um tablao tradicional.<\/p>\n<p>O cante n\u00e3o funciona como banda sonora: define o car\u00e1ter de cada momento e dialoga com a guitarra. A guitarra acompanha, sustenta e abre espa\u00e7os pr\u00f3prios atrav\u00e9s das falsetas. A dan\u00e7a transforma o compasso em movimento e percuss\u00e3o, enquanto as palmas e os jaleos integram o conjunto.<\/p>\n<p>A presen\u00e7a de um bailarino e de uma bailarina n\u00e3o deve ser entendida como dois n\u00fameros isolados e id\u00eanticos. Cada int\u00e9rprete traz a sua linguagem, a sua forma de ocupar o palco e a sua rela\u00e7\u00e3o com os m\u00fasicos. Conforme a sess\u00e3o, a ordem, as nuances e a intensidade podem variar. Essa varia\u00e7\u00e3o faz parte da natureza viva do tablao.<\/p>\n<\/div><\/div><\/div><\/div><\/div><div class=\"vc_col-sm-6 wpb_column vc_column_container\"><div class=\"vc_column-inner\"><div class=\"wpb_wrapper\"><div class=\"wpb_text_column\"><div class=\"wpb_wrapper\"><h3>Uma hora com ritmo pr\u00f3prio<\/h3>\n<p>A dura\u00e7\u00e3o aproximada \u00e9 de 60 minutos. \u00c9 um formato c\u00f3modo para incluir numa tarde ou numa noite em Sevilha, mas suficientemente longo para que o espet\u00e1culo desenvolva contrastes: momentos de escuta, solos, dan\u00e7a, mudan\u00e7as de compasso e fechos de maior intensidade.<\/p>\n<p>Uma hora de flamenco n\u00e3o equivale a uma sucess\u00e3o cont\u00ednua de sapateado. O cante e a guitarra precisam dos seus pr\u00f3prios espa\u00e7os, e os sil\u00eancios tamb\u00e9m t\u00eam peso. Se for a sua primeira vez, n\u00e3o espere que todo o espet\u00e1culo mantenha a mesma velocidade. A emo\u00e7\u00e3o nasce precisamente do contraste entre conten\u00e7\u00e3o e explos\u00e3o.<\/p>\n<p>A sala permite ver detalhes t\u00e9cnicos sem perder a sensa\u00e7\u00e3o do conjunto. Esta \u00e9 uma das grandes vantagens de Baraka: o formato n\u00e3o obriga a escolher entre observar os p\u00e9s ou acompanhar os m\u00fasicos. A proximidade ajuda a compreender como cada parte sustenta as restantes.<\/p>\n<\/div><\/div><\/div><\/div><\/div><\/div><\/div><\/section><section class=\"l-section wpb_row height_huge with_shape\"><div class=\"l-section-overlay\" style=\"background:#f5f5f5\"><\/div><div class=\"l-section-shape type_zigzag pos_top\" style=\"height:3vmin;\"><svg xmlns=\"http:\/\/www.w3.org\/2000\/svg\" viewBox=\"0 0 64 8\" preserveAspectRatio=\"none\" width=\"100%\" height=\"100%\">\r\n\t<path fill=\"currentColor\" d=\"M64 8 L0 8 L0 0 L20 7.9 L40 3 L48 5 L64 0 Z\"\/>\r\n<\/svg><\/div><div class=\"l-section-shape type_zigzag pos_bottom\" style=\"height:3vmin;\"><svg xmlns=\"http:\/\/www.w3.org\/2000\/svg\" viewBox=\"0 0 64 8\" preserveAspectRatio=\"none\" width=\"100%\" height=\"100%\">\r\n\t<path fill=\"currentColor\" d=\"M64 8 L0 8 L0 0 L20 7.9 L40 3 L48 5 L64 0 Z\"\/>\r\n<\/svg><\/div><div class=\"l-section-h i-cf\"><div class=\"g-cols vc_row via_flex valign_top type_default stacking_default\"><div class=\"vc_col-sm-6 wpb_column vc_column_container\"><div class=\"vc_column-inner\"><div class=\"wpb_wrapper\"><div class=\"wpb_text_column\"><div class=\"wpb_wrapper\"><h2 id=\"calle-pureza\">A experi\u00eancia de chegar pela calle Pureza<\/h2>\n<p>Baraka encontra-se no n\u00famero 107 da calle Pureza, uma das ruas mais reconhec\u00edveis de Triana. A localiza\u00e7\u00e3o permite chegar a p\u00e9 desde a ponte de Isabel II e transformar o trajeto em parte do programa. A partir do Altozano, o percurso entra no bairro, perto da Real Parroquia de Se\u00f1ora Santa Ana e a pouca dist\u00e2ncia da calle Betis e do Guadalquivir.<\/p>\n<p>Estar em Triana n\u00e3o torna automaticamente qualquer espet\u00e1culo aut\u00eantico. A qualidade depende dos artistas, do compasso, da m\u00fasica ao vivo e do respeito pelo palco. No entanto, o bairro oferece um contexto cultural e hist\u00f3rico que enriquece a visita quando \u00e9 percorrido com aten\u00e7\u00e3o, sem ser reduzido a um cen\u00e1rio.<\/p>\n<\/div><\/div><\/div><\/div><\/div><div class=\"vc_col-sm-6 wpb_column vc_column_container\"><div class=\"vc_column-inner\"><div class=\"wpb_wrapper\"><div class=\"wpb_text_column\"><div class=\"wpb_wrapper\"><h3>Uma localiza\u00e7\u00e3o pr\u00e1tica para organizar a noite<\/h3>\n<p>A morada \u00e9 conveniente tanto para quem fica alojado em Triana como para quem chega do centro hist\u00f3rico. Atravessar a ponte a p\u00e9 permite ligar o tablao \u00e0 Plaza Nueva, ao Arenal e \u00e0 zona da Catedral sem depender necessariamente de um ve\u00edculo.<\/p>\n<p>Se quiser conhecer outras propostas pr\u00f3ximas ou comparar formatos, consulte a nossa p\u00e1gina sobre <a href=\"https:\/\/www.tablaosflamencos.com\/flamenco-en-triana\"><strong>flamenco em Triana<\/strong><\/a>. Para alargar a pesquisa a toda a cidade, o nosso guia de <a href=\"https:\/\/www.tablaosflamencos.com\/flamenco-en-sevilla\"><strong>espet\u00e1culos de flamenco em Sevilha<\/strong><\/a> re\u00fane as op\u00e7\u00f5es dispon\u00edveis por zona e modalidade.<\/p>\n<p>Calcule o passeio com alguma margem. Chegar cedo evita uma entrada apressada, permite reconhecer a porta e facilita acomodar-se antes do in\u00edcio.<\/p>\n<\/div><\/div><\/div><\/div><\/div><\/div><\/div><\/section><section class=\"l-section wpb_row height_huge\"><div class=\"l-section-h i-cf\"><div class=\"g-cols vc_row via_flex valign_top type_default stacking_default\"><div class=\"vc_col-sm-6 wpb_column vc_column_container\"><div class=\"vc_column-inner\"><div class=\"wpb_wrapper\"><div class=\"wpb_text_column\"><div class=\"wpb_wrapper\"><h2 id=\"informacion-practica\">Informa\u00e7\u00f5es pr\u00e1ticas antes de reservar<\/h2>\n<ul>\n<li><strong>Morada:<\/strong> calle Pureza, 107, 41010 Sevilha.<\/li>\n<li><strong>Bairro:<\/strong> Triana.<\/li>\n<li><strong>Sala:<\/strong> Lola de los Reyes.<\/li>\n<li><strong>Dura\u00e7\u00e3o:<\/strong> aproximadamente 60 minutos.<\/li>\n<li><strong>Artistas:<\/strong> quatro int\u00e9rpretes: cante, guitarra, bailarino e bailarina.<\/li>\n<li><strong>Lota\u00e7\u00e3o:<\/strong> 48 pessoas.<\/li>\n<li><strong>Bilhete:<\/strong> espet\u00e1culo com uma bebida inclu\u00edda.<\/li>\n<li><strong>Jantar:<\/strong> n\u00e3o inclu\u00eddo; a sala serve bebidas.<\/li>\n<li><strong>Acessibilidade:<\/strong> o espa\u00e7o est\u00e1 indicado como acess\u00edvel.<\/li>\n<li><strong>Crian\u00e7as:<\/strong> entrada a partir dos 4 anos, sempre de acordo com as condi\u00e7\u00f5es do bilhete escolhido.<\/li>\n<\/ul>\n<\/div><\/div><\/div><\/div><\/div><div class=\"vc_col-sm-6 wpb_column vc_column_container\"><div class=\"vc_column-inner\"><div class=\"wpb_wrapper\"><div class=\"wpb_text_column\"><div class=\"wpb_wrapper\"><h3>Hor\u00e1rios e pre\u00e7os<\/h3>\n<p>Baraka programa diferentes sess\u00f5es e pode ajustar os hor\u00e1rios conforme o dia e a \u00e9poca do ano. Por essa raz\u00e3o, a informa\u00e7\u00e3o realmente \u00fatil \u00e9 a que aparece ao selecionar uma data concreta. A p\u00e1gina de reserva mostra as sess\u00f5es dispon\u00edveis e o pre\u00e7o aplic\u00e1vel a cada tipo de bilhete.<\/p>\n<p>No momento de prepara\u00e7\u00e3o deste guia, a p\u00e1gina apresentava bilhetes desde 22 euros e modalidades por idade para crian\u00e7as, adultos e maiores de 65 anos. Como os valores e as sess\u00f5es podem mudar, conv\u00e9m verificar o total antes de concluir a compra.<\/p>\n<p>Recomenda-se chegar 15 a 20 minutos antes. O bilhete \u00e9 recebido por correio eletr\u00f3nico ap\u00f3s a reserva e pode ser apresentado no telem\u00f3vel, sem necessidade de impress\u00e3o. Se precisar de uma condi\u00e7\u00e3o espec\u00edfica de acessibilidade, \u00e9 aconselh\u00e1vel comunic\u00e1-la durante a reserva.<\/p>\n<\/div><\/div><div class=\"w-separator size_medium\"><\/div><div class=\"w-btn-wrapper align_left\"><a class=\"w-btn us-btn-style_1 icon_atleft\" href=\"https:\/\/www.tablaosflamencos.com\/pt-pt\/tablao\/baraka-sala-flamenca\"><i class=\"fas fa-ticket-alt\"><\/i><span class=\"w-btn-label\">Consultar sess\u00f5es e pre\u00e7os<\/span><\/a><\/div><\/div><\/div><\/div><\/div><\/div><\/section><section class=\"l-section wpb_row height_huge with_shape\"><div class=\"l-section-overlay\" style=\"background:#f5f5f5\"><\/div><div class=\"l-section-shape type_zigzag pos_top\" style=\"height:3vmin;\"><svg xmlns=\"http:\/\/www.w3.org\/2000\/svg\" viewBox=\"0 0 64 8\" preserveAspectRatio=\"none\" width=\"100%\" height=\"100%\">\r\n\t<path fill=\"currentColor\" d=\"M64 8 L0 8 L0 0 L20 7.9 L40 3 L48 5 L64 0 Z\"\/>\r\n<\/svg><\/div><div class=\"l-section-shape type_zigzag pos_bottom\" style=\"height:3vmin;\"><svg xmlns=\"http:\/\/www.w3.org\/2000\/svg\" viewBox=\"0 0 64 8\" preserveAspectRatio=\"none\" width=\"100%\" height=\"100%\">\r\n\t<path fill=\"currentColor\" d=\"M64 8 L0 8 L0 0 L20 7.9 L40 3 L48 5 L64 0 Z\"\/>\r\n<\/svg><\/div><div class=\"l-section-h i-cf\"><div class=\"g-cols vc_row via_flex valign_top type_default stacking_default\"><div class=\"vc_col-sm-6 wpb_column vc_column_container\"><div class=\"vc_column-inner\"><div class=\"wpb_wrapper\"><div class=\"wpb_text_column\"><div class=\"wpb_wrapper\"><h2 id=\"para-quien\">Para quem \u00e9 uma boa escolha<\/h2>\n<h3>Para quem procura proximidade<\/h3>\n<p>A lota\u00e7\u00e3o reduzida \u00e9 a caracter\u00edstica mais clara de Baraka. Se for importante para si distinguir os gestos, o sapateado e a comunica\u00e7\u00e3o do quadro, o formato intimista oferece uma vantagem evidente.<\/p>\n<h3>Para uma primeira experi\u00eancia de flamenco<\/h3>\n<p>A dura\u00e7\u00e3o de uma hora e a combina\u00e7\u00e3o de cante, guitarra e dois perfis de dan\u00e7a permitem conhecer os elementos principais sem prepara\u00e7\u00e3o pr\u00e9via. \u00c9 uma introdu\u00e7\u00e3o acess\u00edvel \u00e0 linguagem do tablao.<\/p>\n<h3>Para quem quer conhecer Triana<\/h3>\n<p>A calle Pureza facilita a integra\u00e7\u00e3o do espet\u00e1culo num percurso a p\u00e9 pelo bairro. N\u00e3o \u00e9 necess\u00e1rio deslocar-se depois para outra zona para completar a noite.<\/p>\n<\/div><\/div><\/div><\/div><\/div><div class=\"vc_col-sm-6 wpb_column vc_column_container\"><div class=\"vc_column-inner\"><div class=\"wpb_wrapper\"><div class=\"wpb_text_column\"><div class=\"wpb_wrapper\"><h3>Para quem prefere escolher o pr\u00f3prio jantar<\/h3>\n<p>O bilhete inclui uma bebida, n\u00e3o o jantar. Isto permite escolher livremente o restaurante, o hor\u00e1rio e o or\u00e7amento antes ou depois do espet\u00e1culo. Tamb\u00e9m reduz os movimentos de servi\u00e7o durante a atua\u00e7\u00e3o.<\/p>\n<h3>Para casais, fam\u00edlias e pequenos grupos<\/h3>\n<p>O ambiente acolhedor pode ser adequado para uma sa\u00edda a dois, uma visita em fam\u00edlia com crian\u00e7as a partir da idade permitida ou um grupo que queira partilhar a experi\u00eancia sem perder a proximidade.<\/p>\n<h3>Para viajantes com uma agenda apertada<\/h3>\n<p>A dura\u00e7\u00e3o definida facilita a combina\u00e7\u00e3o da atua\u00e7\u00e3o com outros planos. Ainda assim, n\u00e3o conv\u00e9m encaix\u00e1-la entre atividades sem margem: reserve tempo para chegar, entrar com calma e sair sem pressa.<\/p>\n<\/div><\/div><\/div><\/div><\/div><\/div><\/div><\/section><section class=\"l-section wpb_row height_huge\"><div class=\"l-section-h i-cf\"><div class=\"g-cols vc_row via_flex valign_top type_default stacking_default\"><div class=\"vc_col-sm-6 wpb_column vc_column_container\"><div class=\"vc_column-inner\"><div class=\"wpb_wrapper\"><div class=\"wpb_text_column\"><div class=\"wpb_wrapper\"><h2 id=\"primera-vez\">O que esperar se for a sua primeira vez num tablao<\/h2>\n<p>N\u00e3o precisa de reconhecer uma sole\u00e1, umas alegr\u00edas ou uma buler\u00eda para desfrutar do espet\u00e1culo. Pode come\u00e7ar por observar a rela\u00e7\u00e3o entre os int\u00e9rpretes: quem marca o in\u00edcio, como responde a guitarra, quando entram as palmas e de que forma a dan\u00e7a utiliza os acentos.<\/p>\n<p>Durante o cante, o ambiente tende a tornar-se mais silencioso. Nos fechos e nos momentos de dan\u00e7a surge uma energia mais vis\u00edvel, com jaleos e respostas do quadro. O p\u00fablico pode expressar emo\u00e7\u00e3o, mas conv\u00e9m evitar conversas que concorram com a m\u00fasica.<\/p>\n<p>A fotografia e o v\u00eddeo dependem das regras da sala. Se for permitido captar alguma imagem, fa\u00e7a-o sem flash e sem manter o telem\u00f3vel levantado durante longos per\u00edodos. A proximidade que torna Baraka especial tamb\u00e9m faz com que qualquer distra\u00e7\u00e3o seja mais evidente.<\/p>\n<\/div><\/div><\/div><\/div><\/div><div class=\"vc_col-sm-6 wpb_column vc_column_container\"><div class=\"vc_column-inner\"><div class=\"wpb_wrapper\"><div class=\"wpb_text_column\"><div class=\"wpb_wrapper\"><h3>Autenticidade sem clich\u00e9s<\/h3>\n<p>Um tablao profissional pode receber visitantes de muitos pa\u00edses e oferecer flamenco aut\u00eantico. A origem do p\u00fablico n\u00e3o determina a qualidade. O importante \u00e9 que o cante, a guitarra e a dan\u00e7a sejam ao vivo, que os artistas trabalhem dentro da linguagem flamenca e que a sala permita ouvir a atua\u00e7\u00e3o.<\/p>\n<p>Tamb\u00e9m n\u00e3o \u00e9 necess\u00e1rio que tudo pare\u00e7a espont\u00e2neo ou informal. A pontualidade, a ilumina\u00e7\u00e3o, a venda antecipada e uma organiza\u00e7\u00e3o clara n\u00e3o retiram verdade ao espet\u00e1culo; criam as condi\u00e7\u00f5es para que o quadro se concentre.<\/p>\n<p>Se quiser aprofundar estes crit\u00e9rios antes de comparar, consulte o nosso guia sobre <a href=\"https:\/\/www.tablaosflamencos.com\/donde-ver-flamenco-autentico-sevilla.html\"><strong>onde ver flamenco aut\u00eantico em Sevilha<\/strong><\/a>. Ajud\u00e1-lo-\u00e1 a distinguir a qualidade art\u00edstica das etiquetas comerciais.<\/p>\n<\/div><\/div><\/div><\/div><\/div><\/div><\/div><\/section><section class=\"l-section wpb_row height_huge with_shape\"><div class=\"l-section-overlay\" style=\"background:#f5f5f5\"><\/div><div class=\"l-section-shape type_zigzag pos_top\" style=\"height:3vmin;\"><svg xmlns=\"http:\/\/www.w3.org\/2000\/svg\" viewBox=\"0 0 64 8\" preserveAspectRatio=\"none\" width=\"100%\" height=\"100%\">\r\n\t<path fill=\"currentColor\" d=\"M64 8 L0 8 L0 0 L20 7.9 L40 3 L48 5 L64 0 Z\"\/>\r\n<\/svg><\/div><div class=\"l-section-shape type_zigzag pos_bottom\" style=\"height:3vmin;\"><svg xmlns=\"http:\/\/www.w3.org\/2000\/svg\" viewBox=\"0 0 64 8\" preserveAspectRatio=\"none\" width=\"100%\" height=\"100%\">\r\n\t<path fill=\"currentColor\" d=\"M64 8 L0 8 L0 0 L20 7.9 L40 3 L48 5 L64 0 Z\"\/>\r\n<\/svg><\/div><div class=\"l-section-h i-cf\"><div class=\"g-cols vc_row via_flex valign_top type_default stacking_default\"><div class=\"vc_col-sm-6 wpb_column vc_column_container\"><div class=\"vc_column-inner\"><div class=\"wpb_wrapper\"><div class=\"wpb_text_column\"><div class=\"wpb_wrapper\"><h2 id=\"plan-triana\">Como completar o programa em Triana<\/h2>\n<p>Uma forma simples de organizar a visita \u00e9 chegar com anteced\u00eancia ao Altozano, passar pelo Mercado de Triana e depois percorrer a calle Pureza. Se preferir contemplar o rio, pode acrescentar um trecho pela calle Betis antes de entrar no espet\u00e1culo.<\/p>\n<p>O jantar pode ser antes ou depois, conforme a sess\u00e3o escolhida. Como Baraka inclui uma bebida mas n\u00e3o comida, n\u00e3o ter\u00e1 de adaptar a escolha gastron\u00f3mica a um menu fechado. Nos fins de semana, feriados ou per\u00edodos de elevada procura, reserve tamb\u00e9m o restaurante se este for uma parte importante do programa.<\/p>\n<p>Depois da atua\u00e7\u00e3o, o passeio em dire\u00e7\u00e3o \u00e0 ponte oferece uma transi\u00e7\u00e3o agrad\u00e1vel de regresso ao centro. Se quiser continuar por Triana, verifique previamente os hor\u00e1rios das cozinhas e dos transportes, especialmente nas sess\u00f5es tardias.<\/p>\n<\/div><\/div><\/div><\/div><\/div><div class=\"vc_col-sm-6 wpb_column vc_column_container\"><div class=\"vc_column-inner\"><div class=\"wpb_wrapper\"><div class=\"wpb_text_column\"><div class=\"wpb_wrapper\"><h3>Uma proposta permanente, n\u00e3o apenas para datas especiais<\/h3>\n<p>Baraka pode integrar-se na Vel\u00e1 de Santa Ana e noutras celebra\u00e7\u00f5es do bairro, mas o seu interesse n\u00e3o depende de um evento espec\u00edfico. A sala mant\u00e9m uma programa\u00e7\u00e3o regular ao longo do ano e funciona como op\u00e7\u00e3o est\u00e1vel para quem procura flamenco em Triana.<\/p>\n<p>Se visitar Sevilha em julho, pode alargar o programa com o nosso guia sobre <a href=\"https:\/\/www.tablaosflamencos.com\/flamenco-en-triana-vela-santa-ana.html\"><strong>flamenco em Triana durante a Vel\u00e1 de Santa Ana<\/strong><\/a>. Fora dessas datas, a calle Pureza conserva o seu interesse e o espet\u00e1culo continua a ser o centro da experi\u00eancia.<\/p>\n<p>A recomenda\u00e7\u00e3o pr\u00e1tica \u00e9 escolher primeiro a sess\u00e3o, definir a hora de chegada e organizar \u00e0 volta dela o passeio e a refei\u00e7\u00e3o. Assim evita que uma atividade espont\u00e2nea o fa\u00e7a chegar atrasado a uma sala com lugares limitados.<\/p>\n<\/div><\/div><\/div><\/div><\/div><\/div><\/div><\/section><section class=\"l-section wpb_row height_huge\"><div class=\"l-section-h i-cf\"><div class=\"g-cols vc_row via_flex valign_top type_default stacking_default\"><div class=\"vc_col-sm-6 wpb_column vc_column_container\"><div class=\"vc_column-inner\"><div class=\"wpb_wrapper\"><div class=\"wpb_text_column\"><div class=\"wpb_wrapper\"><h2 id=\"reservar\">Porque conv\u00e9m reservar Baraka com anteced\u00eancia<\/h2>\n<p>Numa sala de 48 lugares, a disponibilidade pode diminuir rapidamente. Esperar para comprar \u00e0 entrada limita a escolha de hor\u00e1rios e n\u00e3o garante que restem bilhetes para a sess\u00e3o que melhor se adapta ao seu itiner\u00e1rio.<\/p>\n<p>A reserva online permite selecionar a data, verificar os tipos de bilhete e receber a confirma\u00e7\u00e3o por correio eletr\u00f3nico. Ter o bilhete no telem\u00f3vel simplifica o acesso e evita depender de uma bilheteira de \u00faltima hora.<\/p>\n<p>Antes de pagar, reveja a data, a sess\u00e3o, o n\u00famero de participantes e a modalidade por idade. Consulte tamb\u00e9m as condi\u00e7\u00f5es de venda aplic\u00e1veis. Na nossa p\u00e1gina sobre <a href=\"https:\/\/www.tablaosflamencos.com\/como-reservar\"><strong>como reservar<\/strong><\/a> explicamos o processo geral e o que fazer depois de receber os bilhetes.<\/p>\n<\/div><\/div><\/div><\/div><\/div><div class=\"vc_col-sm-6 wpb_column vc_column_container\"><div class=\"vc_column-inner\"><div class=\"wpb_wrapper\"><div class=\"wpb_text_column\"><div class=\"wpb_wrapper\"><h3>A melhor raz\u00e3o para escolher Baraka<\/h3>\n<p>Baraka n\u00e3o precisa de competir em dimens\u00e3o. O seu valor est\u00e1 precisamente na escala: um quadro de quatro artistas perante um p\u00fablico reduzido, numa sala onde a dist\u00e2ncia f\u00edsica n\u00e3o dilui as nuances.<\/p>\n<p>\u00c9 uma proposta clara para quem quer dedicar uma hora ao flamenco sem jantar obrigat\u00f3rio, em Triana e com informa\u00e7\u00f5es pr\u00e1ticas definidas. A bebida inclu\u00edda completa o acolhimento, mas o centro da reserva continua a ser o espet\u00e1culo.<\/p>\n<p>Se esta combina\u00e7\u00e3o corresponde ao que procura, consulte a sess\u00e3o da sua data e reserve antes de organizar o resto da noite. A intimidade funciona melhor quando n\u00e3o depende de encontrar um lugar livre \u00e0 \u00faltima hora.<\/p>\n<\/div><\/div><div class=\"w-separator size_medium\"><\/div><div class=\"w-btn-wrapper align_left\"><a class=\"w-btn us-btn-style_1 icon_atleft\" href=\"https:\/\/www.tablaosflamencos.com\/pt-pt\/tablao\/baraka-sala-flamenca\"><i class=\"fas fa-ticket-alt\"><\/i><span class=\"w-btn-label\">Reservar Baraka Sala Flamenca<\/span><\/a><\/div><\/div><\/div><\/div><\/div><\/div><\/section><section class=\"l-section wpb_row height_huge with_shape\"><div class=\"l-section-overlay\" style=\"background:#f5f5f5\"><\/div><div class=\"l-section-shape type_zigzag pos_top\" style=\"height:3vmin;\"><svg xmlns=\"http:\/\/www.w3.org\/2000\/svg\" viewBox=\"0 0 64 8\" preserveAspectRatio=\"none\" width=\"100%\" height=\"100%\">\r\n\t<path fill=\"currentColor\" d=\"M64 8 L0 8 L0 0 L20 7.9 L40 3 L48 5 L64 0 Z\"\/>\r\n<\/svg><\/div><div class=\"l-section-shape type_zigzag pos_bottom\" style=\"height:3vmin;\"><svg xmlns=\"http:\/\/www.w3.org\/2000\/svg\" viewBox=\"0 0 64 8\" preserveAspectRatio=\"none\" width=\"100%\" height=\"100%\">\r\n\t<path fill=\"currentColor\" d=\"M64 8 L0 8 L0 0 L20 7.9 L40 3 L48 5 L64 0 Z\"\/>\r\n<\/svg><\/div><div class=\"l-section-h i-cf\"><div class=\"g-cols vc_row via_flex valign_top type_default stacking_default\"><div class=\"vc_col-sm-12 wpb_column vc_column_container\"><div class=\"vc_column-inner\"><div class=\"wpb_wrapper\"><div class=\"wpb_text_column\"><div class=\"wpb_wrapper\"><h2 style=\"text-align: center;\">Flamenco \u00e0 dist\u00e2ncia certa<\/h2>\n<p style=\"text-align: center;\">A experi\u00eancia de Baraka Sala Flamenca compreende-se melhor atrav\u00e9s da proximidade. A lota\u00e7\u00e3o de 48 pessoas, a forma\u00e7\u00e3o de quatro artistas e a aus\u00eancia de jantar durante a atua\u00e7\u00e3o dirigem a aten\u00e7\u00e3o para o cante, a guitarra e a dan\u00e7a. A calle Pureza e Triana oferecem o enquadramento; o di\u00e1logo do quadro oferece o conte\u00fado.<\/p>\n<p style=\"text-align: center;\">Consulte as sess\u00f5es dispon\u00edveis para a sua data, chegue 15 a 20 minutos antes e organize o resto da noite \u00e0 volta do espet\u00e1culo. Assim poder\u00e1 desfrutar do bairro sem pressa e entrar na sala preparado para escutar.<\/p>\n<\/div><\/div><div class=\"w-separator size_medium\"><\/div><div class=\"w-hwrapper valign_top wrap stack_on_mobiles align_center\" style=\"--hwrapper-gap:1.2rem\"><div class=\"w-btn-wrapper align_none\"><a class=\"w-btn us-btn-style_1\" href=\"https:\/\/www.tablaosflamencos.com\/pt-pt\/tablao\/baraka-sala-flamenca\"><span class=\"w-btn-label\">Ver bilhetes para Baraka<\/span><\/a><\/div><div class=\"w-btn-wrapper align_none\"><a class=\"w-btn us-btn-style_1\" href=\"https:\/\/www.tablaosflamencos.com\/pt-pt\/flamenco-em-triana\"><span class=\"w-btn-label\">Comparar tablaos em Triana<\/span><\/a><\/div><\/div><\/div><\/div><\/div><\/div><\/div><\/section><section class=\"l-section wpb_row height_huge\"><div class=\"l-section-h i-cf\"><div class=\"g-cols vc_row via_flex valign_top type_default stacking_default\"><div class=\"vc_col-sm-1\/5 wpb_column vc_column_container\"><div class=\"vc_column-inner\"><div class=\"wpb_wrapper\"><\/div><\/div><\/div><div class=\"vc_col-sm-3\/5 wpb_column vc_column_container\"><div class=\"vc_column-inner\"><div class=\"wpb_wrapper\"><div class=\"wpb_text_column\"><div class=\"wpb_wrapper\"><h2 id=\"faq\">Perguntas frequentes sobre Baraka Sala Flamenca<\/h2>\n<\/div><\/div><div class=\"w-separator size_medium\"><\/div><div class=\"w-tabs accordion toggle_style_1\" style=\"--sections-title-size:inherit;--sections-gap:0.5rem;\"><div class=\"w-tabs-sections titles-align_none icon_chevron cpos_right\"><div class=\"w-tabs-section\" id=\"za80\" itemscope itemprop=\"mainEntity\" itemtype=\"https:\/\/schema.org\/Question\"><button type=\"button\" class=\"w-tabs-section-header\" aria-controls=\"content-za80\" aria-expanded=\"false\"><div class=\"w-tabs-section-title\" itemprop=\"name\">Onde fica Baraka Sala Flamenca?<\/div><div class=\"w-tabs-section-control\"><\/div><\/button><div  class=\"w-tabs-section-content\" id=\"content-za80\" itemscope itemprop=\"acceptedAnswer\" itemtype=\"https:\/\/schema.org\/Answer\"><div class=\"w-tabs-section-content-h i-cf\" itemprop=\"text\"><div class=\"wpb_text_column\"><div class=\"wpb_wrapper\"><p>Baraka Sala Flamenca fica na calle Pureza, 107, no bairro de Triana, em Sevilha. Encontra-se a pouca dist\u00e2ncia do Altozano, da calle Betis, do Guadalquivir e da par\u00f3quia de Santa Ana.<\/p>\n<\/div><\/div><\/div><\/div><\/div><div class=\"w-tabs-section\" id=\"qb7f\" itemscope itemprop=\"mainEntity\" itemtype=\"https:\/\/schema.org\/Question\"><button type=\"button\" class=\"w-tabs-section-header\" aria-controls=\"content-qb7f\" aria-expanded=\"false\"><div class=\"w-tabs-section-title\" itemprop=\"name\">Quanto tempo dura o espet\u00e1culo de Baraka?<\/div><div class=\"w-tabs-section-control\"><\/div><\/button><div  class=\"w-tabs-section-content\" id=\"content-qb7f\" itemscope itemprop=\"acceptedAnswer\" itemtype=\"https:\/\/schema.org\/Answer\"><div class=\"w-tabs-section-content-h i-cf\" itemprop=\"text\"><div class=\"wpb_text_column\"><div class=\"wpb_wrapper\"><p>O espet\u00e1culo dura aproximadamente 60 minutos. \u00c9 aconselh\u00e1vel chegar 15 a 20 minutos antes para entrar e acomodar-se com tranquilidade.<\/p>\n<\/div><\/div><\/div><\/div><\/div><div class=\"w-tabs-section\" id=\"xc60\" itemscope itemprop=\"mainEntity\" itemtype=\"https:\/\/schema.org\/Question\"><button type=\"button\" class=\"w-tabs-section-header\" aria-controls=\"content-xc60\" aria-expanded=\"false\"><div class=\"w-tabs-section-title\" itemprop=\"name\">Quantos artistas atuam em Baraka Sala Flamenca?<\/div><div class=\"w-tabs-section-control\"><\/div><\/button><div  class=\"w-tabs-section-content\" id=\"content-xc60\" itemscope itemprop=\"acceptedAnswer\" itemtype=\"https:\/\/schema.org\/Answer\"><div class=\"w-tabs-section-content-h i-cf\" itemprop=\"text\"><div class=\"wpb_text_column\"><div class=\"wpb_wrapper\"><p>A forma\u00e7\u00e3o habitual \u00e9 composta por quatro artistas: uma voz no cante, um guitarrista, um bailarino e uma bailarina. O quadro apresenta cante, guitarra e dan\u00e7a ao vivo.<\/p>\n<\/div><\/div><\/div><\/div><\/div><div class=\"w-tabs-section\" id=\"nd5f\" itemscope itemprop=\"mainEntity\" itemtype=\"https:\/\/schema.org\/Question\"><button type=\"button\" class=\"w-tabs-section-header\" aria-controls=\"content-nd5f\" aria-expanded=\"false\"><div class=\"w-tabs-section-title\" itemprop=\"name\">O que inclui o bilhete de Baraka?<\/div><div class=\"w-tabs-section-control\"><\/div><\/button><div  class=\"w-tabs-section-content\" id=\"content-nd5f\" itemscope itemprop=\"acceptedAnswer\" itemtype=\"https:\/\/schema.org\/Answer\"><div class=\"w-tabs-section-content-h i-cf\" itemprop=\"text\"><div class=\"wpb_text_column\"><div class=\"wpb_wrapper\"><p>O bilhete inclui o espet\u00e1culo de flamenco e uma bebida. As op\u00e7\u00f5es dispon\u00edveis, os pre\u00e7os e os hor\u00e1rios devem ser verificados ao selecionar a data da reserva.<\/p>\n<\/div><\/div><\/div><\/div><\/div><div class=\"w-tabs-section\" id=\"ie33\" itemscope itemprop=\"mainEntity\" itemtype=\"https:\/\/schema.org\/Question\"><button type=\"button\" class=\"w-tabs-section-header\" aria-controls=\"content-ie33\" aria-expanded=\"false\"><div class=\"w-tabs-section-title\" itemprop=\"name\">\u00c9 poss\u00edvel jantar durante o espet\u00e1culo?<\/div><div class=\"w-tabs-section-control\"><\/div><\/button><div  class=\"w-tabs-section-content\" id=\"content-ie33\" itemscope itemprop=\"acceptedAnswer\" itemtype=\"https:\/\/schema.org\/Answer\"><div class=\"w-tabs-section-content-h i-cf\" itemprop=\"text\"><div class=\"wpb_text_column\"><div class=\"wpb_wrapper\"><p>O jantar n\u00e3o est\u00e1 inclu\u00eddo no bilhete; a sala serve bebidas. Pode comer antes ou depois em Triana e dedicar a hora da atua\u00e7\u00e3o ao espet\u00e1culo.<\/p>\n<\/div><\/div><\/div><\/div><\/div><div class=\"w-tabs-section\" id=\"befc\" itemscope itemprop=\"mainEntity\" itemtype=\"https:\/\/schema.org\/Question\"><button type=\"button\" class=\"w-tabs-section-header\" aria-controls=\"content-befc\" aria-expanded=\"false\"><div class=\"w-tabs-section-title\" itemprop=\"name\">As crian\u00e7as podem entrar em Baraka Sala Flamenca?<\/div><div class=\"w-tabs-section-control\"><\/div><\/button><div  class=\"w-tabs-section-content\" id=\"content-befc\" itemscope itemprop=\"acceptedAnswer\" itemtype=\"https:\/\/schema.org\/Answer\"><div class=\"w-tabs-section-content-h i-cf\" itemprop=\"text\"><div class=\"wpb_text_column\"><div class=\"wpb_wrapper\"><p>A p\u00e1gina de reserva permite a entrada de crian\u00e7as a partir dos 4 anos e oferece um bilhete infantil. As crian\u00e7as devem ser acompanhadas por um adulto e conv\u00e9m verificar as condi\u00e7\u00f5es da data escolhida.<\/p>\n<\/div><\/div><\/div><\/div><\/div><div class=\"w-tabs-section\" id=\"bfd7\" itemscope itemprop=\"mainEntity\" itemtype=\"https:\/\/schema.org\/Question\"><button type=\"button\" class=\"w-tabs-section-header\" aria-controls=\"content-bfd7\" aria-expanded=\"false\"><div class=\"w-tabs-section-title\" itemprop=\"name\">Baraka Sala Flamenca \u00e9 acess\u00edvel?<\/div><div class=\"w-tabs-section-control\"><\/div><\/button><div  class=\"w-tabs-section-content\" id=\"content-bfd7\" itemscope itemprop=\"acceptedAnswer\" itemtype=\"https:\/\/schema.org\/Answer\"><div class=\"w-tabs-section-content-h i-cf\" itemprop=\"text\"><div class=\"wpb_text_column\"><div class=\"wpb_wrapper\"><p>A sala est\u00e1 indicada como acess\u00edvel. Se precisar de espa\u00e7o para cadeira de rodas ou de outra adapta\u00e7\u00e3o espec\u00edfica, indique-o na reserva para que o acesso possa ser preparado corretamente.<\/p>\n<\/div><\/div><\/div><\/div><\/div><div class=\"w-tabs-section\" id=\"a0a2\" itemscope itemprop=\"mainEntity\" itemtype=\"https:\/\/schema.org\/Question\"><button type=\"button\" class=\"w-tabs-section-header\" aria-controls=\"content-a0a2\" aria-expanded=\"false\"><div class=\"w-tabs-section-title\" itemprop=\"name\">\u00c9 necess\u00e1rio reservar com anteced\u00eancia?<\/div><div class=\"w-tabs-section-control\"><\/div><\/button><div  class=\"w-tabs-section-content\" id=\"content-a0a2\" itemscope itemprop=\"acceptedAnswer\" itemtype=\"https:\/\/schema.org\/Answer\"><div class=\"w-tabs-section-content-h i-cf\" itemprop=\"text\"><div class=\"wpb_text_column\"><div class=\"wpb_wrapper\"><p>\u00c9 aconselh\u00e1vel. Baraka tem lota\u00e7\u00e3o para 48 pessoas e algumas sess\u00f5es podem esgotar. A reserva online permite consultar a disponibilidade, escolher a sess\u00e3o e receber o bilhete no telem\u00f3vel.<\/p>\n<\/div><\/div><\/div><\/div><\/div><\/div><\/div><\/div><\/div><\/div><div class=\"vc_col-sm-1\/5 wpb_column vc_column_container\"><div class=\"vc_column-inner\"><div class=\"wpb_wrapper\"><\/div><\/div><\/div><\/div><\/div><\/section>\n","protected":false},"excerpt":{"rendered":"<p>Descubra Baraka Sala Flamenca, um tablao intimista na calle Pureza, em Triana, com cante, guitarra, dan\u00e7a ao vivo e uma bebida inclu\u00edda.<\/p>\n","protected":false},"author":1,"featured_media":11530,"comment_status":"closed","ping_status":"closed","sticky":false,"template":"","format":"standard","meta":{"_acf_changed":false,"wpai_generated_summary":"","_ayudawp_aiss_exclude":false,"_ayudawp_aiss_exclude_summary":false,"_ayudawp_aiss_summary":"","_ayudawp_aiss_summary_provider":"","_ayudawp_aiss_summary_hash":"","footnotes":""},"categories":[351],"tags":[1183,1186,1189],"class_list":["post-14503","post","type-post","status-publish","format-standard","has-post-thumbnail","hentry","category-tablaos-e-espetaculos-de-flamenco","tag-baraka-sala-flamenca","tag-calle-pureza","tag-flamenco-en-triana"],"acf":[],"yoast_head":"<!-- This site is optimized with the Yoast SEO Premium plugin v28.4 (Yoast SEO v28.4) - https:\/\/yoast.com\/product\/yoast-seo-premium-wordpress\/ -->\n<title>Baraka Sala Flamenca: flamenco intimista em Triana | Tablaos Flamencos<\/title>\n<meta name=\"description\" content=\"Descubra Baraka Sala Flamenca na calle Pureza: espet\u00e1culo intimista em Triana com quatro artistas, uma hora de flamenco e uma bebida inclu\u00edda.\" \/>\n<meta name=\"robots\" content=\"index, follow, max-snippet:-1, max-image-preview:large, max-video-preview:-1\" \/>\n<link rel=\"canonical\" href=\"https:\/\/www.tablaosflamencos.com\/pt-pt\/baraka-sala-flamenca-flamenco-intimista-calle-pureza.html\" \/>\n<meta property=\"og:locale\" content=\"pt_PT\" \/>\n<meta property=\"og:type\" content=\"article\" \/>\n<meta property=\"og:title\" content=\"Baraka Sala Flamenca: flamenco intimista na calle Pureza\" \/>\n<meta property=\"og:description\" content=\"Descubra Baraka Sala Flamenca na calle Pureza: espet\u00e1culo intimista em Triana com quatro artistas, uma hora de flamenco e uma bebida inclu\u00edda.\" \/>\n<meta property=\"og:url\" content=\"https:\/\/www.tablaosflamencos.com\/pt-pt\/baraka-sala-flamenca-flamenco-intimista-calle-pureza.html\" \/>\n<meta property=\"og:site_name\" content=\"Tablaos Flamencos\" \/>\n<meta property=\"article:publisher\" content=\"https:\/\/www.facebook.com\/tablaosflamencos\" \/>\n<meta property=\"article:published_time\" content=\"2026-09-04T15:20:37+00:00\" \/>\n<meta property=\"article:modified_time\" content=\"2026-09-04T17:09:35+00:00\" \/>\n<meta property=\"og:image\" content=\"https:\/\/www.tablaosflamencos.com\/wp-content\/uploads\/baraka-sala-flamenca-01-2.webp\" \/>\n\t<meta property=\"og:image:width\" content=\"1920\" \/>\n\t<meta property=\"og:image:height\" content=\"1281\" \/>\n\t<meta property=\"og:image:type\" content=\"image\/webp\" \/>\n<meta name=\"author\" content=\"Miguel Ortiz\" \/>\n<meta name=\"twitter:card\" content=\"summary_large_image\" \/>\n<meta name=\"twitter:creator\" content=\"@tablaosflamenco\" \/>\n<meta name=\"twitter:site\" content=\"@tablaosflamenco\" \/>\n<meta name=\"twitter:label1\" content=\"Escrito por\" \/>\n\t<meta name=\"twitter:data1\" content=\"Miguel Ortiz\" \/>\n\t<meta name=\"twitter:label2\" content=\"Tempo estimado de leitura\" \/>\n\t<meta name=\"twitter:data2\" content=\"20 minutos\" \/>\n<script type=\"application\/ld+json\" class=\"yoast-schema-graph\">{\"@context\":\"https:\\\/\\\/schema.org\",\"@graph\":[{\"@type\":\"Article\",\"@id\":\"https:\\\/\\\/www.tablaosflamencos.com\\\/pt-pt\\\/baraka-sala-flamenca-flamenco-intimista-calle-pureza.html#article\",\"isPartOf\":{\"@id\":\"https:\\\/\\\/www.tablaosflamencos.com\\\/pt-pt\\\/baraka-sala-flamenca-flamenco-intimista-calle-pureza.html\"},\"author\":{\"name\":\"Miguel Ortiz\",\"@id\":\"https:\\\/\\\/www.tablaosflamencos.com\\\/pt-pt#\\\/schema\\\/person\\\/e7a9ebe14eb75a52ceabfbffb3c54f5d\"},\"headline\":\"Baraka Sala Flamenca: flamenco intimista na calle Pureza\",\"datePublished\":\"2026-09-04T15:20:37+00:00\",\"dateModified\":\"2026-09-04T17:09:35+00:00\",\"mainEntityOfPage\":{\"@id\":\"https:\\\/\\\/www.tablaosflamencos.com\\\/pt-pt\\\/baraka-sala-flamenca-flamenco-intimista-calle-pureza.html\"},\"wordCount\":3921,\"publisher\":{\"@id\":\"https:\\\/\\\/www.tablaosflamencos.com\\\/pt-pt#organization\"},\"image\":{\"@id\":\"https:\\\/\\\/www.tablaosflamencos.com\\\/pt-pt\\\/baraka-sala-flamenca-flamenco-intimista-calle-pureza.html#primaryimage\"},\"thumbnailUrl\":\"https:\\\/\\\/www.tablaosflamencos.com\\\/wp-content\\\/uploads\\\/baraka-sala-flamenca-01-2.webp\",\"keywords\":[\"Baraka Sala Flamenca\",\"calle Pureza\",\"flamenco en Triana\"],\"articleSection\":[\"Tablaos e espet\u00e1culos de flamenco\"],\"inLanguage\":\"pt-PT\"},{\"@type\":\"WebPage\",\"@id\":\"https:\\\/\\\/www.tablaosflamencos.com\\\/pt-pt\\\/baraka-sala-flamenca-flamenco-intimista-calle-pureza.html\",\"url\":\"https:\\\/\\\/www.tablaosflamencos.com\\\/pt-pt\\\/baraka-sala-flamenca-flamenco-intimista-calle-pureza.html\",\"name\":\"Baraka Sala Flamenca: flamenco intimista em Triana | Tablaos Flamencos\",\"isPartOf\":{\"@id\":\"https:\\\/\\\/www.tablaosflamencos.com\\\/pt-pt#website\"},\"primaryImageOfPage\":{\"@id\":\"https:\\\/\\\/www.tablaosflamencos.com\\\/pt-pt\\\/baraka-sala-flamenca-flamenco-intimista-calle-pureza.html#primaryimage\"},\"image\":{\"@id\":\"https:\\\/\\\/www.tablaosflamencos.com\\\/pt-pt\\\/baraka-sala-flamenca-flamenco-intimista-calle-pureza.html#primaryimage\"},\"thumbnailUrl\":\"https:\\\/\\\/www.tablaosflamencos.com\\\/wp-content\\\/uploads\\\/baraka-sala-flamenca-01-2.webp\",\"datePublished\":\"2026-09-04T15:20:37+00:00\",\"dateModified\":\"2026-09-04T17:09:35+00:00\",\"description\":\"Descubra Baraka Sala Flamenca na calle Pureza: espet\u00e1culo intimista em Triana com quatro artistas, uma hora de flamenco e uma bebida inclu\u00edda.\",\"breadcrumb\":{\"@id\":\"https:\\\/\\\/www.tablaosflamencos.com\\\/pt-pt\\\/baraka-sala-flamenca-flamenco-intimista-calle-pureza.html#breadcrumb\"},\"inLanguage\":\"pt-PT\",\"potentialAction\":[{\"@type\":\"ReadAction\",\"target\":[\"https:\\\/\\\/www.tablaosflamencos.com\\\/pt-pt\\\/baraka-sala-flamenca-flamenco-intimista-calle-pureza.html\"]}]},{\"@type\":\"ImageObject\",\"inLanguage\":\"pt-PT\",\"@id\":\"https:\\\/\\\/www.tablaosflamencos.com\\\/pt-pt\\\/baraka-sala-flamenca-flamenco-intimista-calle-pureza.html#primaryimage\",\"url\":\"https:\\\/\\\/www.tablaosflamencos.com\\\/wp-content\\\/uploads\\\/baraka-sala-flamenca-01-2.webp\",\"contentUrl\":\"https:\\\/\\\/www.tablaosflamencos.com\\\/wp-content\\\/uploads\\\/baraka-sala-flamenca-01-2.webp\",\"width\":1920,\"height\":1281,\"caption\":\"Baraka Sala Flamenca - Baraka Flamenco show | Tablaos Flamencos\"},{\"@type\":\"BreadcrumbList\",\"@id\":\"https:\\\/\\\/www.tablaosflamencos.com\\\/pt-pt\\\/baraka-sala-flamenca-flamenco-intimista-calle-pureza.html#breadcrumb\",\"itemListElement\":[{\"@type\":\"ListItem\",\"position\":1,\"name\":\"Home\",\"item\":\"https:\\\/\\\/www.tablaosflamencos.com\\\/pt-pt\"},{\"@type\":\"ListItem\",\"position\":2,\"name\":\"Baraka Sala Flamenca: flamenco intimista na calle Pureza\"}]},{\"@type\":\"WebSite\",\"@id\":\"https:\\\/\\\/www.tablaosflamencos.com\\\/pt-pt#website\",\"url\":\"https:\\\/\\\/www.tablaosflamencos.com\\\/pt-pt\",\"name\":\"Tablaos Flamencos\",\"description\":\"Entradas para tablaos flamencos de Espa\u00f1a\",\"publisher\":{\"@id\":\"https:\\\/\\\/www.tablaosflamencos.com\\\/pt-pt#organization\"},\"alternateName\":\"Tablaos Flamencos\",\"potentialAction\":[{\"@type\":\"SearchAction\",\"target\":{\"@type\":\"EntryPoint\",\"urlTemplate\":\"https:\\\/\\\/www.tablaosflamencos.com\\\/pt-pt?s={search_term_string}\"},\"query-input\":{\"@type\":\"PropertyValueSpecification\",\"valueRequired\":true,\"valueName\":\"search_term_string\"}}],\"inLanguage\":\"pt-PT\"},{\"@type\":[\"Organization\",\"Place\",\"EntertainmentBusiness\"],\"@id\":\"https:\\\/\\\/www.tablaosflamencos.com\\\/pt-pt#organization\",\"name\":\"Tablaos Flamencos\",\"alternateName\":\"Tablaos Flamencos\",\"url\":\"https:\\\/\\\/www.tablaosflamencos.com\\\/pt-pt\",\"logo\":{\"@id\":\"https:\\\/\\\/www.tablaosflamencos.com\\\/pt-pt\\\/baraka-sala-flamenca-flamenco-intimista-calle-pureza.html#local-main-organization-logo\"},\"image\":{\"@id\":\"https:\\\/\\\/www.tablaosflamencos.com\\\/pt-pt\\\/baraka-sala-flamenca-flamenco-intimista-calle-pureza.html#local-main-organization-logo\"},\"sameAs\":[\"https:\\\/\\\/www.facebook.com\\\/tablaosflamencos\",\"https:\\\/\\\/x.com\\\/tablaosflamenco\",\"https:\\\/\\\/mastodon.social\\\/@tablaosflamencos\",\"https:\\\/\\\/www.instagram.com\\\/tablaosflamencos\",\"https:\\\/\\\/tiktok.com\\\/@tablaosflamencos\",\"https:\\\/\\\/www.linkedin.com\\\/company\\\/109408238\\\/\"],\"description\":\"Venta de entradas para espect\u00e1culos flamencos\",\"legalName\":\"Tablaos Flamencos\",\"foundingDate\":\"2015-01-01\",\"numberOfEmployees\":{\"@type\":\"QuantitativeValue\",\"minValue\":\"1\",\"maxValue\":\"10\"},\"address\":{\"@id\":\"https:\\\/\\\/www.tablaosflamencos.com\\\/pt-pt\\\/baraka-sala-flamenca-flamenco-intimista-calle-pureza.html#local-main-place-address\"},\"geo\":{\"@type\":\"GeoCoordinates\",\"latitude\":\"37.3868072\",\"longitude\":\"-5.993280299999999\"},\"telephone\":[\"+34623787787\"],\"contactPoint\":{\"@type\":\"ContactPoint\",\"telephone\":\"+34623787787\",\"email\":\"info@tablaosflamencos.com\"},\"openingHoursSpecification\":{\"@type\":\"OpeningHoursSpecification\",\"dayOfWeek\":[\"Monday\",\"Tuesday\",\"Wednesday\",\"Thursday\",\"Friday\",\"Saturday\",\"Sunday\"],\"opens\":\"00:00\",\"closes\":\"23:59\"},\"email\":\"info@tablaosflamencos.com\",\"priceRange\":\"$$$\",\"currenciesAccepted\":\"\u20ac\"},{\"@type\":\"Person\",\"@id\":\"https:\\\/\\\/www.tablaosflamencos.com\\\/pt-pt#\\\/schema\\\/person\\\/e7a9ebe14eb75a52ceabfbffb3c54f5d\",\"name\":\"Miguel Ortiz\",\"description\":\"Miguel Ortiz es un empresario flamenco, con una s\u00f3lida trayectoria dentro del sector. Ha presidido entidades culturales vinculadas al flamenco y, cuenta con un amplio recorrido profesional en la gesti\u00f3n y promoci\u00f3n de espect\u00e1culos y tablaos flamencos. Su pasi\u00f3n por la historia y el arte flamenco se refleja en cada art\u00edculo, donde combina experiencia, criterio y un profundo respeto por la tradici\u00f3n.\",\"sameAs\":[\"https:\\\/\\\/www.tablaosflamencos.com\",\"https:\\\/\\\/www.instagra.com\\\/miguelortizfe\",\"https:\\\/\\\/www.linkedin.com\\\/in\\\/miguelortizf\\\/\"],\"birthDate\":\"1984-11-22\",\"gender\":\"hombre\",\"knowsLanguage\":[\"espa\u00f1ol\",\"ingl\u00e9s\"],\"jobTitle\":\"Empresario flamenco\"},{\"@type\":\"PostalAddress\",\"@id\":\"https:\\\/\\\/www.tablaosflamencos.com\\\/pt-pt\\\/baraka-sala-flamenca-flamenco-intimista-calle-pureza.html#local-main-place-address\",\"streetAddress\":\"C\\\/ Alemanes, 19\",\"addressLocality\":\"Sevilla\",\"postalCode\":\"41004\",\"addressRegion\":\"Sevilla\",\"addressCountry\":\"ES\"},{\"@type\":\"ImageObject\",\"inLanguage\":\"pt-PT\",\"@id\":\"https:\\\/\\\/www.tablaosflamencos.com\\\/pt-pt\\\/baraka-sala-flamenca-flamenco-intimista-calle-pureza.html#local-main-organization-logo\",\"url\":\"https:\\\/\\\/www.tablaosflamencos.com\\\/wp-content\\\/uploads\\\/tablaos-flamencos-06-3.webp\",\"contentUrl\":\"https:\\\/\\\/www.tablaosflamencos.com\\\/wp-content\\\/uploads\\\/tablaos-flamencos-06-3.webp\",\"width\":600,\"height\":620,\"caption\":\"Tablaos Flamencos\"}]}<\/script>\n<meta name=\"geo.placename\" content=\"Sevilla\" \/>\n<meta name=\"geo.position\" content=\"37.3868072;-5.993280299999999\" \/>\n<meta name=\"geo.region\" content=\"Espanha\" \/>\n<!-- \/ Yoast SEO Premium plugin. -->","yoast_head_json":{"title":"Baraka Sala Flamenca: flamenco intimista em Triana | Tablaos Flamencos","description":"Descubra Baraka Sala Flamenca na calle Pureza: espet\u00e1culo intimista em Triana com quatro artistas, uma hora de flamenco e uma bebida inclu\u00edda.","robots":{"index":"index","follow":"follow","max-snippet":"max-snippet:-1","max-image-preview":"max-image-preview:large","max-video-preview":"max-video-preview:-1"},"canonical":"https:\/\/www.tablaosflamencos.com\/pt-pt\/baraka-sala-flamenca-flamenco-intimista-calle-pureza.html","og_locale":"pt_PT","og_type":"article","og_title":"Baraka Sala Flamenca: flamenco intimista na calle Pureza","og_description":"Descubra Baraka Sala Flamenca na calle Pureza: espet\u00e1culo intimista em Triana com quatro artistas, uma hora de flamenco e uma bebida inclu\u00edda.","og_url":"https:\/\/www.tablaosflamencos.com\/pt-pt\/baraka-sala-flamenca-flamenco-intimista-calle-pureza.html","og_site_name":"Tablaos Flamencos","article_publisher":"https:\/\/www.facebook.com\/tablaosflamencos","article_published_time":"2026-09-04T15:20:37+00:00","article_modified_time":"2026-09-04T17:09:35+00:00","og_image":[{"width":1920,"height":1281,"url":"https:\/\/www.tablaosflamencos.com\/wp-content\/uploads\/baraka-sala-flamenca-01-2.webp","type":"image\/webp"}],"author":"Miguel Ortiz","twitter_card":"summary_large_image","twitter_creator":"@tablaosflamenco","twitter_site":"@tablaosflamenco","twitter_misc":{"Escrito por":"Miguel Ortiz","Tempo estimado de leitura":"20 minutos"},"schema":{"@context":"https:\/\/schema.org","@graph":[{"@type":"Article","@id":"https:\/\/www.tablaosflamencos.com\/pt-pt\/baraka-sala-flamenca-flamenco-intimista-calle-pureza.html#article","isPartOf":{"@id":"https:\/\/www.tablaosflamencos.com\/pt-pt\/baraka-sala-flamenca-flamenco-intimista-calle-pureza.html"},"author":{"name":"Miguel Ortiz","@id":"https:\/\/www.tablaosflamencos.com\/pt-pt#\/schema\/person\/e7a9ebe14eb75a52ceabfbffb3c54f5d"},"headline":"Baraka Sala Flamenca: flamenco intimista na calle Pureza","datePublished":"2026-09-04T15:20:37+00:00","dateModified":"2026-09-04T17:09:35+00:00","mainEntityOfPage":{"@id":"https:\/\/www.tablaosflamencos.com\/pt-pt\/baraka-sala-flamenca-flamenco-intimista-calle-pureza.html"},"wordCount":3921,"publisher":{"@id":"https:\/\/www.tablaosflamencos.com\/pt-pt#organization"},"image":{"@id":"https:\/\/www.tablaosflamencos.com\/pt-pt\/baraka-sala-flamenca-flamenco-intimista-calle-pureza.html#primaryimage"},"thumbnailUrl":"https:\/\/www.tablaosflamencos.com\/wp-content\/uploads\/baraka-sala-flamenca-01-2.webp","keywords":["Baraka Sala Flamenca","calle Pureza","flamenco en Triana"],"articleSection":["Tablaos e espet\u00e1culos de flamenco"],"inLanguage":"pt-PT"},{"@type":"WebPage","@id":"https:\/\/www.tablaosflamencos.com\/pt-pt\/baraka-sala-flamenca-flamenco-intimista-calle-pureza.html","url":"https:\/\/www.tablaosflamencos.com\/pt-pt\/baraka-sala-flamenca-flamenco-intimista-calle-pureza.html","name":"Baraka Sala Flamenca: flamenco intimista em Triana | Tablaos Flamencos","isPartOf":{"@id":"https:\/\/www.tablaosflamencos.com\/pt-pt#website"},"primaryImageOfPage":{"@id":"https:\/\/www.tablaosflamencos.com\/pt-pt\/baraka-sala-flamenca-flamenco-intimista-calle-pureza.html#primaryimage"},"image":{"@id":"https:\/\/www.tablaosflamencos.com\/pt-pt\/baraka-sala-flamenca-flamenco-intimista-calle-pureza.html#primaryimage"},"thumbnailUrl":"https:\/\/www.tablaosflamencos.com\/wp-content\/uploads\/baraka-sala-flamenca-01-2.webp","datePublished":"2026-09-04T15:20:37+00:00","dateModified":"2026-09-04T17:09:35+00:00","description":"Descubra Baraka Sala Flamenca na calle Pureza: espet\u00e1culo intimista em Triana com quatro artistas, uma hora de flamenco e uma bebida inclu\u00edda.","breadcrumb":{"@id":"https:\/\/www.tablaosflamencos.com\/pt-pt\/baraka-sala-flamenca-flamenco-intimista-calle-pureza.html#breadcrumb"},"inLanguage":"pt-PT","potentialAction":[{"@type":"ReadAction","target":["https:\/\/www.tablaosflamencos.com\/pt-pt\/baraka-sala-flamenca-flamenco-intimista-calle-pureza.html"]}]},{"@type":"ImageObject","inLanguage":"pt-PT","@id":"https:\/\/www.tablaosflamencos.com\/pt-pt\/baraka-sala-flamenca-flamenco-intimista-calle-pureza.html#primaryimage","url":"https:\/\/www.tablaosflamencos.com\/wp-content\/uploads\/baraka-sala-flamenca-01-2.webp","contentUrl":"https:\/\/www.tablaosflamencos.com\/wp-content\/uploads\/baraka-sala-flamenca-01-2.webp","width":1920,"height":1281,"caption":"Baraka Sala Flamenca - Baraka Flamenco show | Tablaos Flamencos"},{"@type":"BreadcrumbList","@id":"https:\/\/www.tablaosflamencos.com\/pt-pt\/baraka-sala-flamenca-flamenco-intimista-calle-pureza.html#breadcrumb","itemListElement":[{"@type":"ListItem","position":1,"name":"Home","item":"https:\/\/www.tablaosflamencos.com\/pt-pt"},{"@type":"ListItem","position":2,"name":"Baraka Sala Flamenca: flamenco intimista na calle Pureza"}]},{"@type":"WebSite","@id":"https:\/\/www.tablaosflamencos.com\/pt-pt#website","url":"https:\/\/www.tablaosflamencos.com\/pt-pt","name":"Tablaos Flamencos","description":"Entradas para tablaos flamencos de Espa\u00f1a","publisher":{"@id":"https:\/\/www.tablaosflamencos.com\/pt-pt#organization"},"alternateName":"Tablaos Flamencos","potentialAction":[{"@type":"SearchAction","target":{"@type":"EntryPoint","urlTemplate":"https:\/\/www.tablaosflamencos.com\/pt-pt?s={search_term_string}"},"query-input":{"@type":"PropertyValueSpecification","valueRequired":true,"valueName":"search_term_string"}}],"inLanguage":"pt-PT"},{"@type":["Organization","Place","EntertainmentBusiness"],"@id":"https:\/\/www.tablaosflamencos.com\/pt-pt#organization","name":"Tablaos Flamencos","alternateName":"Tablaos Flamencos","url":"https:\/\/www.tablaosflamencos.com\/pt-pt","logo":{"@id":"https:\/\/www.tablaosflamencos.com\/pt-pt\/baraka-sala-flamenca-flamenco-intimista-calle-pureza.html#local-main-organization-logo"},"image":{"@id":"https:\/\/www.tablaosflamencos.com\/pt-pt\/baraka-sala-flamenca-flamenco-intimista-calle-pureza.html#local-main-organization-logo"},"sameAs":["https:\/\/www.facebook.com\/tablaosflamencos","https:\/\/x.com\/tablaosflamenco","https:\/\/mastodon.social\/@tablaosflamencos","https:\/\/www.instagram.com\/tablaosflamencos","https:\/\/tiktok.com\/@tablaosflamencos","https:\/\/www.linkedin.com\/company\/109408238\/"],"description":"Venta de entradas para espect\u00e1culos flamencos","legalName":"Tablaos Flamencos","foundingDate":"2015-01-01","numberOfEmployees":{"@type":"QuantitativeValue","minValue":"1","maxValue":"10"},"address":{"@id":"https:\/\/www.tablaosflamencos.com\/pt-pt\/baraka-sala-flamenca-flamenco-intimista-calle-pureza.html#local-main-place-address"},"geo":{"@type":"GeoCoordinates","latitude":"37.3868072","longitude":"-5.993280299999999"},"telephone":["+34623787787"],"contactPoint":{"@type":"ContactPoint","telephone":"+34623787787","email":"info@tablaosflamencos.com"},"openingHoursSpecification":{"@type":"OpeningHoursSpecification","dayOfWeek":["Monday","Tuesday","Wednesday","Thursday","Friday","Saturday","Sunday"],"opens":"00:00","closes":"23:59"},"email":"info@tablaosflamencos.com","priceRange":"$$$","currenciesAccepted":"\u20ac"},{"@type":"Person","@id":"https:\/\/www.tablaosflamencos.com\/pt-pt#\/schema\/person\/e7a9ebe14eb75a52ceabfbffb3c54f5d","name":"Miguel Ortiz","description":"Miguel Ortiz es un empresario flamenco, con una s\u00f3lida trayectoria dentro del sector. Ha presidido entidades culturales vinculadas al flamenco y, cuenta con un amplio recorrido profesional en la gesti\u00f3n y promoci\u00f3n de espect\u00e1culos y tablaos flamencos. Su pasi\u00f3n por la historia y el arte flamenco se refleja en cada art\u00edculo, donde combina experiencia, criterio y un profundo respeto por la tradici\u00f3n.","sameAs":["https:\/\/www.tablaosflamencos.com","https:\/\/www.instagra.com\/miguelortizfe","https:\/\/www.linkedin.com\/in\/miguelortizf\/"],"birthDate":"1984-11-22","gender":"hombre","knowsLanguage":["espa\u00f1ol","ingl\u00e9s"],"jobTitle":"Empresario flamenco"},{"@type":"PostalAddress","@id":"https:\/\/www.tablaosflamencos.com\/pt-pt\/baraka-sala-flamenca-flamenco-intimista-calle-pureza.html#local-main-place-address","streetAddress":"C\/ Alemanes, 19","addressLocality":"Sevilla","postalCode":"41004","addressRegion":"Sevilla","addressCountry":"ES"},{"@type":"ImageObject","inLanguage":"pt-PT","@id":"https:\/\/www.tablaosflamencos.com\/pt-pt\/baraka-sala-flamenca-flamenco-intimista-calle-pureza.html#local-main-organization-logo","url":"https:\/\/www.tablaosflamencos.com\/wp-content\/uploads\/tablaos-flamencos-06-3.webp","contentUrl":"https:\/\/www.tablaosflamencos.com\/wp-content\/uploads\/tablaos-flamencos-06-3.webp","width":600,"height":620,"caption":"Tablaos Flamencos"}]},"geo.placename":"Sevilla","geo.position":{"lat":"37.3868072","long":"-5.993280299999999"},"geo.region":"Espanha"},"_links":{"self":[{"href":"https:\/\/www.tablaosflamencos.com\/pt-pt\/wp-json\/wp\/v2\/posts\/14503","targetHints":{"allow":["GET"]}}],"collection":[{"href":"https:\/\/www.tablaosflamencos.com\/pt-pt\/wp-json\/wp\/v2\/posts"}],"about":[{"href":"https:\/\/www.tablaosflamencos.com\/pt-pt\/wp-json\/wp\/v2\/types\/post"}],"author":[{"embeddable":true,"href":"https:\/\/www.tablaosflamencos.com\/pt-pt\/wp-json\/wp\/v2\/users\/1"}],"replies":[{"embeddable":true,"href":"https:\/\/www.tablaosflamencos.com\/pt-pt\/wp-json\/wp\/v2\/comments?post=14503"}],"version-history":[{"count":5,"href":"https:\/\/www.tablaosflamencos.com\/pt-pt\/wp-json\/wp\/v2\/posts\/14503\/revisions"}],"predecessor-version":[{"id":14580,"href":"https:\/\/www.tablaosflamencos.com\/pt-pt\/wp-json\/wp\/v2\/posts\/14503\/revisions\/14580"}],"wp:featuredmedia":[{"embeddable":true,"href":"https:\/\/www.tablaosflamencos.com\/pt-pt\/wp-json\/wp\/v2\/media\/11530"}],"wp:attachment":[{"href":"https:\/\/www.tablaosflamencos.com\/pt-pt\/wp-json\/wp\/v2\/media?parent=14503"}],"wp:term":[{"taxonomy":"category","embeddable":true,"href":"https:\/\/www.tablaosflamencos.com\/pt-pt\/wp-json\/wp\/v2\/categories?post=14503"},{"taxonomy":"post_tag","embeddable":true,"href":"https:\/\/www.tablaosflamencos.com\/pt-pt\/wp-json\/wp\/v2\/tags?post=14503"}],"curies":[{"name":"wp","href":"https:\/\/api.w.org\/{rel}","templated":true}]}}