{"id":14485,"date":"2026-01-30T18:17:22","date_gmt":"2026-01-30T17:17:22","guid":{"rendered":"https:\/\/www.tablaosflamencos.com\/?p=14485"},"modified":"2026-09-04T18:41:30","modified_gmt":"2026-09-04T16:41:30","slug":"centro-flamenco-sevilha-ponto-encontro-flamenco","status":"publish","type":"post","link":"https:\/\/www.tablaosflamencos.com\/pt-pt\/centro-flamenco-sevilha-ponto-encontro-flamenco.html","title":{"rendered":"Quando o Centro Flamenco de Sevilla era um ponto de encontro do flamenco na cidade"},"content":{"rendered":"<section class=\"l-section wpb_row height_huge\"><div class=\"l-section-h i-cf\"><div class=\"g-cols vc_row via_flex valign_top type_default stacking_default\"><div class=\"vc_col-sm-6 wpb_column vc_column_container\"><div class=\"vc_column-inner\"><div class=\"wpb_wrapper\"><div class=\"wpb_text_column\"><div class=\"wpb_wrapper\"><h2>Quando o Centro Flamenco de Sevilla era um ponto de encontro do flamenco na cidade<\/h2>\n<p>Durante pouco mais de dois anos, no n\u00famero 33 da calle Francos, a poucos minutos da Catedral e da Giralda, existiu uma pequena sala que chegou a ocupar um lugar muito particular no ecossistema flamenco de Sevilha. O <strong>Centro Flamenco de Sevilla<\/strong> abriu em 2022 como um espa\u00e7o \u00edntimo para ver cante, baile e guitarra de perto, mas com o tempo acabou por se tornar algo mais dif\u00edcil de medir: <strong>um lugar de encontro para artistas, profissionais do setor, aficionados e visitantes unidos pela mesma conversa em torno do flamenco<\/strong>.<\/p>\n<p>A sua pequena dimens\u00e3o foi uma das suas marcas de identidade. A documenta\u00e7\u00e3o tur\u00edstica municipal indicava <strong>32 lugares<\/strong> e sess\u00f5es di\u00e1rias \u00e0s 18:00 e \u00e0s 20:00. No interior, o conceito art\u00edstico procurava outra escala: proximidade real, interpreta\u00e7\u00e3o ac\u00fastica e uma rela\u00e7\u00e3o direta entre palco e p\u00fablico.<\/p>\n<p>Essa proximidade fazia com que muitos espet\u00e1culos n\u00e3o parecessem uma fun\u00e7\u00e3o observada \u00e0 dist\u00e2ncia, mas sim uma experi\u00eancia partilhada. E quando terminava a \u00faltima sess\u00e3o, come\u00e7ava frequentemente outra parte da vida do centro: aquela que n\u00e3o aparecia em nenhum programa.<\/p>\n<\/div><\/div><\/div><\/div><\/div><div class=\"vc_col-sm-6 wpb_column vc_column_container\"><div class=\"vc_column-inner\"><div class=\"wpb_wrapper\"><div class=\"w-image us_custom_8ec565b2 has_aspect_ratio align_center\"><div class=\"w-image-h\"><img fetchpriority=\"high\" decoding=\"async\" width=\"1024\" height=\"665\" src=\"https:\/\/www.tablaosflamencos.com\/wp-content\/uploads\/centro-flamenco-de-sevilla-01-21-1024x665.webp\" class=\"attachment-large size-large\" alt=\"Centro Flamenco de Sevilla\" loading=\"eager\" srcset=\"https:\/\/www.tablaosflamencos.com\/wp-content\/uploads\/centro-flamenco-de-sevilla-01-21-1024x665.webp 1024w, https:\/\/www.tablaosflamencos.com\/wp-content\/uploads\/centro-flamenco-de-sevilla-01-21-300x195.webp 300w, https:\/\/www.tablaosflamencos.com\/wp-content\/uploads\/centro-flamenco-de-sevilla-01-21-1536x997.webp 1536w, https:\/\/www.tablaosflamencos.com\/wp-content\/uploads\/centro-flamenco-de-sevilla-01-21-600x389.webp 600w, https:\/\/www.tablaosflamencos.com\/wp-content\/uploads\/centro-flamenco-de-sevilla-01-21-150x97.webp 150w, https:\/\/www.tablaosflamencos.com\/wp-content\/uploads\/centro-flamenco-de-sevilla-01-21.webp 1920w\" sizes=\"auto, (max-width: 1024px) 100vw, 1024px\" \/><\/div><\/div><\/div><\/div><\/div><\/div><\/div><\/section><section class=\"l-section wpb_row height_huge\"><div class=\"l-section-h i-cf\"><div class=\"g-cols vc_row via_flex valign_top type_default stacking_default\"><div class=\"vc_col-sm-6 wpb_column vc_column_container\"><div class=\"vc_column-inner\"><div class=\"wpb_wrapper\"><div class=\"w-image us_custom_89826a5b has_aspect_ratio align_center\"><div class=\"w-image-h\"><img decoding=\"async\" width=\"1024\" height=\"683\" src=\"https:\/\/www.tablaosflamencos.com\/wp-content\/uploads\/centro-flamenco-de-sevilla-01-42-1024x683.webp\" class=\"attachment-large size-large\" alt=\"Centro Flamenco de Sevilla\" loading=\"eager\" srcset=\"https:\/\/www.tablaosflamencos.com\/wp-content\/uploads\/centro-flamenco-de-sevilla-01-42-1024x683.webp 1024w, https:\/\/www.tablaosflamencos.com\/wp-content\/uploads\/centro-flamenco-de-sevilla-01-42-300x200.webp 300w, https:\/\/www.tablaosflamencos.com\/wp-content\/uploads\/centro-flamenco-de-sevilla-01-42-1536x1024.webp 1536w, https:\/\/www.tablaosflamencos.com\/wp-content\/uploads\/centro-flamenco-de-sevilla-01-42-600x400.webp 600w, https:\/\/www.tablaosflamencos.com\/wp-content\/uploads\/centro-flamenco-de-sevilla-01-42-150x100.webp 150w, https:\/\/www.tablaosflamencos.com\/wp-content\/uploads\/centro-flamenco-de-sevilla-01-42.webp 1920w\" sizes=\"auto, (max-width: 1024px) 100vw, 1024px\" \/><\/div><\/div><\/div><\/div><\/div><div class=\"vc_col-sm-6 wpb_column vc_column_container\"><div class=\"vc_column-inner\"><div class=\"wpb_wrapper\"><div class=\"wpb_text_column\"><div class=\"wpb_wrapper\"><h3>Uma pequena sala com muita vida \u00e0 volta<\/h3>\n<ul>\n<li><strong>Funda\u00e7\u00e3o:<\/strong> 2022.<\/li>\n<li><strong>Localiza\u00e7\u00e3o:<\/strong> C\/ Francos, 33, em pleno centro hist\u00f3rico.<\/li>\n<li><strong>Lota\u00e7\u00e3o:<\/strong> 32 pessoas segundo a documenta\u00e7\u00e3o tur\u00edstica de Sevilha.<\/li>\n<li><strong>Formato:<\/strong> sala \u00edntima e ac\u00fastica, sem necessidade de amplifica\u00e7\u00e3o para sustentar a experi\u00eancia.<\/li>\n<li><strong>Dire\u00e7\u00e3o:<\/strong> fundado e dirigido por Miguel Ortiz, respons\u00e1vel pela dire\u00e7\u00e3o geral e art\u00edstica.<\/li>\n<li><strong>Per\u00edodo:<\/strong> pouco mais de dois anos de atividade, at\u00e9 ao encerramento por quest\u00f5es urban\u00edsticas que afetaram o espa\u00e7o.<\/li>\n<li><strong>Identidade:<\/strong> conviv\u00eancia entre artistas consagrados e jovens int\u00e9rpretes com proje\u00e7\u00e3o.<\/li>\n<\/ul>\n<p><strong>Mais do que um tablao:<\/strong> o valor do espa\u00e7o n\u00e3o estava apenas no que acontecia durante a hora de espet\u00e1culo, mas tamb\u00e9m nas rela\u00e7\u00f5es profissionais e humanas que se teciam antes e depois de cada sess\u00e3o.<\/p>\n<\/div><\/div><\/div><\/div><\/div><\/div><\/div><\/section><section class=\"l-section wpb_row height_huge\"><div class=\"l-section-h i-cf\"><div class=\"g-cols vc_row via_flex valign_top type_default stacking_default\"><div class=\"vc_col-sm-12 wpb_column vc_column_container\"><div class=\"vc_column-inner\"><div class=\"wpb_wrapper\"><div class=\"w-grid us_post_list type_grid layout_gallery_default cols_5 preload_style_spinner items_have_ratio\" id=\"us_post_list_d77a\" style=\"--columns:5;--gap:0.5rem;--img-aspect-ratio:1\/1;--item-aspect-ratio:1\/1;\"><style>@media (max-width:1024px){#us_post_list_d77a{--columns:2!important}}@media (max-width:600px){#us_post_list_d77a{--columns:1!important}}.layout_gallery_default .w-grid-item-h{}<\/style><div class=\"w-grid-list\">\t<article class=\"w-grid-item size_1x1 post-14457 attachment type-attachment status-inherit hentry\" data-id=\"14457\">\r\n\t\t<div class=\"w-grid-item-h\">\r\n\t\t\t\t\t\t\t<a ref=\"magnificPopupList\" data-alt=\"Centro Flamenco de Sevilla\" href=\"https:\/\/www.tablaosflamencos.com\/wp-content\/uploads\/centro-flamenco-de-sevilla-01-50.webp\" class=\"w-grid-item-anchor\" aria-label=\"Centro Flamenco de Sevilla\"><\/a>\r\n\t\t\t\t\t\t<div class=\"w-post-elm post_image usg_post_image_1 stretched\"><img decoding=\"async\" width=\"400\" height=\"600\" src=\"https:\/\/www.tablaosflamencos.com\/wp-content\/uploads\/centro-flamenco-de-sevilla-01-50-400x600.webp\" class=\"attachment-us_600_600 size-us_600_600\" alt=\"Centro Flamenco de Sevilla\" srcset=\"https:\/\/www.tablaosflamencos.com\/wp-content\/uploads\/centro-flamenco-de-sevilla-01-50-400x600.webp 400w, https:\/\/www.tablaosflamencos.com\/wp-content\/uploads\/centro-flamenco-de-sevilla-01-50-200x300.webp 200w, https:\/\/www.tablaosflamencos.com\/wp-content\/uploads\/centro-flamenco-de-sevilla-01-50-683x1024.webp 683w, https:\/\/www.tablaosflamencos.com\/wp-content\/uploads\/centro-flamenco-de-sevilla-01-50-1025x1536.webp 1025w, https:\/\/www.tablaosflamencos.com\/wp-content\/uploads\/centro-flamenco-de-sevilla-01-50-100x150.webp 100w, https:\/\/www.tablaosflamencos.com\/wp-content\/uploads\/centro-flamenco-de-sevilla-01-50.webp 1281w\" sizes=\"(max-width: 400px) 100vw, 400px\" loading=\"eager\" \/><\/div>\t\t<\/div>\r\n\t\t\t<\/article>\r\n\t<article class=\"w-grid-item size_1x1 post-14429 attachment type-attachment status-inherit hentry\" data-id=\"14429\">\r\n\t\t<div class=\"w-grid-item-h\">\r\n\t\t\t\t\t\t\t<a ref=\"magnificPopupList\" data-alt=\"Centro Flamenco de Sevilla\" href=\"https:\/\/www.tablaosflamencos.com\/wp-content\/uploads\/centro-flamenco-de-sevilla-01-22.webp\" class=\"w-grid-item-anchor\" aria-label=\"Centro Flamenco de Sevilla\"><\/a>\r\n\t\t\t\t\t\t<div class=\"w-post-elm post_image usg_post_image_1 stretched\"><img decoding=\"async\" width=\"600\" height=\"400\" src=\"https:\/\/www.tablaosflamencos.com\/wp-content\/uploads\/centro-flamenco-de-sevilla-01-22-600x400.webp\" class=\"attachment-us_600_600 size-us_600_600\" alt=\"Centro Flamenco de Sevilla\" srcset=\"https:\/\/www.tablaosflamencos.com\/wp-content\/uploads\/centro-flamenco-de-sevilla-01-22-600x400.webp 600w, https:\/\/www.tablaosflamencos.com\/wp-content\/uploads\/centro-flamenco-de-sevilla-01-22-300x200.webp 300w, https:\/\/www.tablaosflamencos.com\/wp-content\/uploads\/centro-flamenco-de-sevilla-01-22-1024x683.webp 1024w, https:\/\/www.tablaosflamencos.com\/wp-content\/uploads\/centro-flamenco-de-sevilla-01-22-1536x1024.webp 1536w, https:\/\/www.tablaosflamencos.com\/wp-content\/uploads\/centro-flamenco-de-sevilla-01-22-150x100.webp 150w, https:\/\/www.tablaosflamencos.com\/wp-content\/uploads\/centro-flamenco-de-sevilla-01-22.webp 1920w\" sizes=\"(max-width: 600px) 100vw, 600px\" loading=\"eager\" \/><\/div>\t\t<\/div>\r\n\t\t\t<\/article>\r\n\t<article class=\"w-grid-item size_1x1 post-14467 attachment type-attachment status-inherit hentry\" data-id=\"14467\">\r\n\t\t<div class=\"w-grid-item-h\">\r\n\t\t\t\t\t\t\t<a ref=\"magnificPopupList\" data-alt=\"Centro Flamenco de Sevilla\" href=\"https:\/\/www.tablaosflamencos.com\/wp-content\/uploads\/centro-flamenco-de-sevilla-01-60.webp\" class=\"w-grid-item-anchor\" aria-label=\"Centro Flamenco de Sevilla\"><\/a>\r\n\t\t\t\t\t\t<div class=\"w-post-elm post_image usg_post_image_1 stretched\"><img decoding=\"async\" width=\"600\" height=\"400\" src=\"https:\/\/www.tablaosflamencos.com\/wp-content\/uploads\/centro-flamenco-de-sevilla-01-60-600x400.webp\" class=\"attachment-us_600_600 size-us_600_600\" alt=\"Centro Flamenco de Sevilla\" srcset=\"https:\/\/www.tablaosflamencos.com\/wp-content\/uploads\/centro-flamenco-de-sevilla-01-60-600x400.webp 600w, https:\/\/www.tablaosflamencos.com\/wp-content\/uploads\/centro-flamenco-de-sevilla-01-60-300x200.webp 300w, https:\/\/www.tablaosflamencos.com\/wp-content\/uploads\/centro-flamenco-de-sevilla-01-60-1024x683.webp 1024w, https:\/\/www.tablaosflamencos.com\/wp-content\/uploads\/centro-flamenco-de-sevilla-01-60-1536x1024.webp 1536w, https:\/\/www.tablaosflamencos.com\/wp-content\/uploads\/centro-flamenco-de-sevilla-01-60-150x100.webp 150w, https:\/\/www.tablaosflamencos.com\/wp-content\/uploads\/centro-flamenco-de-sevilla-01-60.webp 1920w\" sizes=\"(max-width: 600px) 100vw, 600px\" loading=\"eager\" \/><\/div>\t\t<\/div>\r\n\t\t\t<\/article>\r\n\t<article class=\"w-grid-item size_1x1 post-14463 attachment type-attachment status-inherit hentry\" data-id=\"14463\">\r\n\t\t<div class=\"w-grid-item-h\">\r\n\t\t\t\t\t\t\t<a ref=\"magnificPopupList\" data-alt=\"Centro Flamenco de Sevilla\" href=\"https:\/\/www.tablaosflamencos.com\/wp-content\/uploads\/centro-flamenco-de-sevilla-01-56.webp\" class=\"w-grid-item-anchor\" aria-label=\"Centro Flamenco de Sevilla\"><\/a>\r\n\t\t\t\t\t\t<div class=\"w-post-elm post_image usg_post_image_1 stretched\"><img decoding=\"async\" width=\"400\" height=\"600\" src=\"https:\/\/www.tablaosflamencos.com\/wp-content\/uploads\/centro-flamenco-de-sevilla-01-56-400x600.webp\" class=\"attachment-us_600_600 size-us_600_600\" alt=\"Centro Flamenco de Sevilla\" srcset=\"https:\/\/www.tablaosflamencos.com\/wp-content\/uploads\/centro-flamenco-de-sevilla-01-56-400x600.webp 400w, https:\/\/www.tablaosflamencos.com\/wp-content\/uploads\/centro-flamenco-de-sevilla-01-56-200x300.webp 200w, https:\/\/www.tablaosflamencos.com\/wp-content\/uploads\/centro-flamenco-de-sevilla-01-56-683x1024.webp 683w, https:\/\/www.tablaosflamencos.com\/wp-content\/uploads\/centro-flamenco-de-sevilla-01-56-1025x1536.webp 1025w, https:\/\/www.tablaosflamencos.com\/wp-content\/uploads\/centro-flamenco-de-sevilla-01-56-100x150.webp 100w, https:\/\/www.tablaosflamencos.com\/wp-content\/uploads\/centro-flamenco-de-sevilla-01-56.webp 1281w\" sizes=\"(max-width: 400px) 100vw, 400px\" loading=\"eager\" \/><\/div>\t\t<\/div>\r\n\t\t\t<\/article>\r\n\t<article class=\"w-grid-item size_1x1 post-14454 attachment type-attachment status-inherit hentry\" data-id=\"14454\">\r\n\t\t<div class=\"w-grid-item-h\">\r\n\t\t\t\t\t\t\t<a ref=\"magnificPopupList\" data-alt=\"Centro Flamenco de Sevilla\" href=\"https:\/\/www.tablaosflamencos.com\/wp-content\/uploads\/centro-flamenco-de-sevilla-01-47.webp\" class=\"w-grid-item-anchor\" aria-label=\"Centro Flamenco de Sevilla\"><\/a>\r\n\t\t\t\t\t\t<div class=\"w-post-elm post_image usg_post_image_1 stretched\"><img decoding=\"async\" width=\"400\" height=\"600\" src=\"https:\/\/www.tablaosflamencos.com\/wp-content\/uploads\/centro-flamenco-de-sevilla-01-47-400x600.webp\" class=\"attachment-us_600_600 size-us_600_600\" alt=\"Centro Flamenco de Sevilla\" srcset=\"https:\/\/www.tablaosflamencos.com\/wp-content\/uploads\/centro-flamenco-de-sevilla-01-47-400x600.webp 400w, https:\/\/www.tablaosflamencos.com\/wp-content\/uploads\/centro-flamenco-de-sevilla-01-47-200x300.webp 200w, https:\/\/www.tablaosflamencos.com\/wp-content\/uploads\/centro-flamenco-de-sevilla-01-47-683x1024.webp 683w, https:\/\/www.tablaosflamencos.com\/wp-content\/uploads\/centro-flamenco-de-sevilla-01-47-1025x1536.webp 1025w, https:\/\/www.tablaosflamencos.com\/wp-content\/uploads\/centro-flamenco-de-sevilla-01-47-100x150.webp 100w, https:\/\/www.tablaosflamencos.com\/wp-content\/uploads\/centro-flamenco-de-sevilla-01-47.webp 1281w\" sizes=\"(max-width: 400px) 100vw, 400px\" loading=\"eager\" \/><\/div>\t\t<\/div>\r\n\t\t\t<\/article>\r\n\t<article class=\"w-grid-item size_1x1 post-14410 attachment type-attachment status-inherit hentry\" data-id=\"14410\">\r\n\t\t<div class=\"w-grid-item-h\">\r\n\t\t\t\t\t\t\t<a ref=\"magnificPopupList\" data-alt=\"Centro Flamenco de Sevilla\" href=\"https:\/\/www.tablaosflamencos.com\/wp-content\/uploads\/centro-flamenco-de-sevilla-01-3.webp\" class=\"w-grid-item-anchor\" aria-label=\"Centro Flamenco de Sevilla\"><\/a>\r\n\t\t\t\t\t\t<div class=\"w-post-elm post_image usg_post_image_1 stretched\"><img decoding=\"async\" width=\"600\" height=\"400\" src=\"https:\/\/www.tablaosflamencos.com\/wp-content\/uploads\/centro-flamenco-de-sevilla-01-3-600x400.webp\" class=\"attachment-us_600_600 size-us_600_600\" alt=\"Centro Flamenco de Sevilla\" srcset=\"https:\/\/www.tablaosflamencos.com\/wp-content\/uploads\/centro-flamenco-de-sevilla-01-3-600x400.webp 600w, https:\/\/www.tablaosflamencos.com\/wp-content\/uploads\/centro-flamenco-de-sevilla-01-3-300x200.webp 300w, https:\/\/www.tablaosflamencos.com\/wp-content\/uploads\/centro-flamenco-de-sevilla-01-3-1024x683.webp 1024w, https:\/\/www.tablaosflamencos.com\/wp-content\/uploads\/centro-flamenco-de-sevilla-01-3-1536x1024.webp 1536w, https:\/\/www.tablaosflamencos.com\/wp-content\/uploads\/centro-flamenco-de-sevilla-01-3-150x100.webp 150w, https:\/\/www.tablaosflamencos.com\/wp-content\/uploads\/centro-flamenco-de-sevilla-01-3.webp 1920w\" sizes=\"(max-width: 600px) 100vw, 600px\" loading=\"eager\" \/><\/div>\t\t<\/div>\r\n\t\t\t<\/article>\r\n\t<article class=\"w-grid-item size_1x1 post-14444 attachment type-attachment status-inherit hentry\" data-id=\"14444\">\r\n\t\t<div class=\"w-grid-item-h\">\r\n\t\t\t\t\t\t\t<a ref=\"magnificPopupList\" data-alt=\"Centro Flamenco de Sevilla\" href=\"https:\/\/www.tablaosflamencos.com\/wp-content\/uploads\/centro-flamenco-de-sevilla-01-37.webp\" class=\"w-grid-item-anchor\" aria-label=\"Centro Flamenco de Sevilla\"><\/a>\r\n\t\t\t\t\t\t<div class=\"w-post-elm post_image usg_post_image_1 stretched\"><img decoding=\"async\" width=\"600\" height=\"400\" src=\"https:\/\/www.tablaosflamencos.com\/wp-content\/uploads\/centro-flamenco-de-sevilla-01-37-600x400.webp\" class=\"attachment-us_600_600 size-us_600_600\" alt=\"Centro Flamenco de Sevilla\" srcset=\"https:\/\/www.tablaosflamencos.com\/wp-content\/uploads\/centro-flamenco-de-sevilla-01-37-600x400.webp 600w, https:\/\/www.tablaosflamencos.com\/wp-content\/uploads\/centro-flamenco-de-sevilla-01-37-300x200.webp 300w, https:\/\/www.tablaosflamencos.com\/wp-content\/uploads\/centro-flamenco-de-sevilla-01-37-1024x683.webp 1024w, https:\/\/www.tablaosflamencos.com\/wp-content\/uploads\/centro-flamenco-de-sevilla-01-37-1536x1024.webp 1536w, https:\/\/www.tablaosflamencos.com\/wp-content\/uploads\/centro-flamenco-de-sevilla-01-37-150x100.webp 150w, https:\/\/www.tablaosflamencos.com\/wp-content\/uploads\/centro-flamenco-de-sevilla-01-37.webp 1920w\" sizes=\"(max-width: 600px) 100vw, 600px\" loading=\"eager\" \/><\/div>\t\t<\/div>\r\n\t\t\t<\/article>\r\n\t<article class=\"w-grid-item size_1x1 post-14413 attachment type-attachment status-inherit hentry\" data-id=\"14413\">\r\n\t\t<div class=\"w-grid-item-h\">\r\n\t\t\t\t\t\t\t<a ref=\"magnificPopupList\" data-alt=\"Centro Flamenco de Sevilla\" href=\"https:\/\/www.tablaosflamencos.com\/wp-content\/uploads\/centro-flamenco-de-sevilla-01-6.webp\" class=\"w-grid-item-anchor\" aria-label=\"Centro Flamenco de Sevilla\"><\/a>\r\n\t\t\t\t\t\t<div class=\"w-post-elm post_image usg_post_image_1 stretched\"><img decoding=\"async\" width=\"600\" height=\"400\" src=\"https:\/\/www.tablaosflamencos.com\/wp-content\/uploads\/centro-flamenco-de-sevilla-01-6-600x400.webp\" class=\"attachment-us_600_600 size-us_600_600\" alt=\"Centro Flamenco de Sevilla\" srcset=\"https:\/\/www.tablaosflamencos.com\/wp-content\/uploads\/centro-flamenco-de-sevilla-01-6-600x400.webp 600w, https:\/\/www.tablaosflamencos.com\/wp-content\/uploads\/centro-flamenco-de-sevilla-01-6-300x200.webp 300w, https:\/\/www.tablaosflamencos.com\/wp-content\/uploads\/centro-flamenco-de-sevilla-01-6-1024x683.webp 1024w, https:\/\/www.tablaosflamencos.com\/wp-content\/uploads\/centro-flamenco-de-sevilla-01-6-1536x1024.webp 1536w, https:\/\/www.tablaosflamencos.com\/wp-content\/uploads\/centro-flamenco-de-sevilla-01-6-150x100.webp 150w, https:\/\/www.tablaosflamencos.com\/wp-content\/uploads\/centro-flamenco-de-sevilla-01-6.webp 1920w\" sizes=\"(max-width: 600px) 100vw, 600px\" loading=\"eager\" \/><\/div>\t\t<\/div>\r\n\t\t\t<\/article>\r\n\t<article class=\"w-grid-item size_1x1 post-14430 attachment type-attachment status-inherit hentry\" data-id=\"14430\">\r\n\t\t<div class=\"w-grid-item-h\">\r\n\t\t\t\t\t\t\t<a ref=\"magnificPopupList\" data-alt=\"Centro Flamenco de Sevilla\" href=\"https:\/\/www.tablaosflamencos.com\/wp-content\/uploads\/centro-flamenco-de-sevilla-01-23.webp\" class=\"w-grid-item-anchor\" aria-label=\"Centro Flamenco de Sevilla\"><\/a>\r\n\t\t\t\t\t\t<div class=\"w-post-elm post_image usg_post_image_1 stretched\"><img decoding=\"async\" width=\"600\" height=\"400\" src=\"https:\/\/www.tablaosflamencos.com\/wp-content\/uploads\/centro-flamenco-de-sevilla-01-23-600x400.webp\" class=\"attachment-us_600_600 size-us_600_600\" alt=\"Centro Flamenco de Sevilla\" srcset=\"https:\/\/www.tablaosflamencos.com\/wp-content\/uploads\/centro-flamenco-de-sevilla-01-23-600x400.webp 600w, https:\/\/www.tablaosflamencos.com\/wp-content\/uploads\/centro-flamenco-de-sevilla-01-23-300x200.webp 300w, https:\/\/www.tablaosflamencos.com\/wp-content\/uploads\/centro-flamenco-de-sevilla-01-23-1024x683.webp 1024w, https:\/\/www.tablaosflamencos.com\/wp-content\/uploads\/centro-flamenco-de-sevilla-01-23-1536x1024.webp 1536w, https:\/\/www.tablaosflamencos.com\/wp-content\/uploads\/centro-flamenco-de-sevilla-01-23-150x100.webp 150w, https:\/\/www.tablaosflamencos.com\/wp-content\/uploads\/centro-flamenco-de-sevilla-01-23.webp 1920w\" sizes=\"(max-width: 600px) 100vw, 600px\" loading=\"eager\" \/><\/div>\t\t<\/div>\r\n\t\t\t<\/article>\r\n\t<article class=\"w-grid-item size_1x1 post-14423 attachment type-attachment status-inherit hentry\" data-id=\"14423\">\r\n\t\t<div class=\"w-grid-item-h\">\r\n\t\t\t\t\t\t\t<a ref=\"magnificPopupList\" data-alt=\"Centro Flamenco de Sevilla\" href=\"https:\/\/www.tablaosflamencos.com\/wp-content\/uploads\/centro-flamenco-de-sevilla-01-16.webp\" class=\"w-grid-item-anchor\" aria-label=\"Centro Flamenco de Sevilla\"><\/a>\r\n\t\t\t\t\t\t<div class=\"w-post-elm post_image usg_post_image_1 stretched\"><img decoding=\"async\" width=\"600\" height=\"400\" src=\"https:\/\/www.tablaosflamencos.com\/wp-content\/uploads\/centro-flamenco-de-sevilla-01-16-600x400.webp\" class=\"attachment-us_600_600 size-us_600_600\" alt=\"Centro Flamenco de Sevilla\" srcset=\"https:\/\/www.tablaosflamencos.com\/wp-content\/uploads\/centro-flamenco-de-sevilla-01-16-600x400.webp 600w, https:\/\/www.tablaosflamencos.com\/wp-content\/uploads\/centro-flamenco-de-sevilla-01-16-300x200.webp 300w, https:\/\/www.tablaosflamencos.com\/wp-content\/uploads\/centro-flamenco-de-sevilla-01-16-1024x683.webp 1024w, https:\/\/www.tablaosflamencos.com\/wp-content\/uploads\/centro-flamenco-de-sevilla-01-16-1536x1024.webp 1536w, https:\/\/www.tablaosflamencos.com\/wp-content\/uploads\/centro-flamenco-de-sevilla-01-16-150x100.webp 150w, https:\/\/www.tablaosflamencos.com\/wp-content\/uploads\/centro-flamenco-de-sevilla-01-16.webp 1920w\" sizes=\"(max-width: 600px) 100vw, 600px\" loading=\"eager\" \/><\/div>\t\t<\/div>\r\n\t\t\t<\/article>\r\n<\/div><div class=\"g-preloader type_1\"><div><\/div><\/div><div class=\"w-grid-list-json hidden\" onclick='return {&quot;max_num_pages&quot;:0,&quot;paginationBase&quot;:&quot;page&quot;,&quot;pagination&quot;:&quot;none&quot;,&quot;paged&quot;:1,&quot;ajaxData&quot;:{&quot;action&quot;:&quot;us_ajax_post_list&quot;,&quot;meta_type&quot;:&quot;post&quot;,&quot;object_id&quot;:0,&quot;template_vars&quot;:{&quot;shortcode_base&quot;:&quot;us_post_list&quot;,&quot;paged&quot;:1,&quot;max_num_pages&quot;:0,&quot;no_results&quot;:false,&quot;us_post_content_design_css&quot;:[],&quot;found_posts&quot;:0,&quot;per_page&quot;:10,&quot;items_count&quot;:10,&quot;orderby_random_seed&quot;:1580121826,&quot;source&quot;:&quot;media&quot;,&quot;custom_field_name&quot;:&quot;&quot;,&quot;ids&quot;:&quot;&quot;,&quot;post_type&quot;:&quot;post&quot;,&quot;attachment_ids&quot;:&quot;14473,14472,14471,14470,14469,14468,14467,14466,14465,14464,14463,14462,14461,14460,14459,14458,14457,14456,14455,14454,14453,14452,14451,14450,14449,14448,14447,14446,14445,14444,14443,14442,14441,14440,14439,14438,14437,14436,14435,14434,14433,14432,14431,14430,14429,14428,14427,14426,14425,14424,14423,14422,14421,14420,14419,14418,14417,14416,14415,14414,14413,14412,14411,14410,14409,14408,14407&quot;,&quot;include_post_thumbnail&quot;:0,&quot;post_author&quot;:&quot;any&quot;,&quot;post_author_ids&quot;:&quot;&quot;,&quot;apply_url_params&quot;:0,&quot;ignore_sticky_posts&quot;:1,&quot;exclude_children&quot;:0,&quot;exclude_current_post&quot;:1,&quot;exclude_prev_posts&quot;:0,&quot;exclude_past_events&quot;:0,&quot;enable_items_offset&quot;:0,&quot;items_offset&quot;:&quot;1&quot;,&quot;tax_query_relation&quot;:&quot;none&quot;,&quot;tax_query&quot;:[{&quot;operator&quot;:&quot;IN&quot;,&quot;taxonomy&quot;:&quot;category&quot;,&quot;terms&quot;:&quot;&quot;,&quot;include_children&quot;:0}],&quot;meta_query_relation&quot;:&quot;none&quot;,&quot;meta_query&quot;:[{&quot;key&quot;:&quot;custom_field_name&quot;,&quot;compare&quot;:&quot;=&quot;,&quot;value&quot;:&quot;&quot;}],&quot;orderby&quot;:&quot;rand&quot;,&quot;orderby_custom_field&quot;:&quot;&quot;,&quot;orderby_custom_type&quot;:0,&quot;order_invert&quot;:0,&quot;show_all&quot;:0,&quot;quantity&quot;:&quot;10&quot;,&quot;posts_per_archive_page&quot;:0,&quot;no_items_action&quot;:&quot;message&quot;,&quot;no_items_message&quot;:&quot;Nenhum resultado encontrado.&quot;,&quot;no_items_page_block&quot;:&quot;&quot;,&quot;pagination&quot;:&quot;none&quot;,&quot;pagination_style&quot;:&quot;&quot;,&quot;pagination_btn_text&quot;:&quot;Load More&quot;,&quot;pagination_btn_size&quot;:&quot;&quot;,&quot;pagination_btn_style&quot;:&quot;1&quot;,&quot;pagination_btn_fullwidth&quot;:0,&quot;items_layout&quot;:&quot;gallery_default&quot;,&quot;type&quot;:&quot;grid&quot;,&quot;items_valign&quot;:0,&quot;ignore_items_size&quot;:0,&quot;columns&quot;:&quot;5&quot;,&quot;items_gap&quot;:&quot;0.5rem&quot;,&quot;load_animation&quot;:&quot;none&quot;,&quot;items_preload_style&quot;:&quot;spinner&quot;,&quot;img_size&quot;:&quot;us_600_600&quot;,&quot;img_aspect_ratio&quot;:&quot;1\\\/1&quot;,&quot;title_size&quot;:&quot;&quot;,&quot;item_aspect_ratio&quot;:&quot;1\\\/1&quot;,&quot;overriding_link&quot;:&quot;%7B%22type%22%3A%22popup_image%22%7D&quot;,&quot;popup_page_template&quot;:&quot;0&quot;,&quot;popup_width&quot;:&quot;&quot;,&quot;popup_arrows&quot;:1,&quot;breakpoint_1_width&quot;:&quot;1381px&quot;,&quot;breakpoint_1_cols&quot;:&quot;default&quot;,&quot;breakpoint_1_quantity&quot;:&quot;&quot;,&quot;breakpoint_1_gap&quot;:&quot;&quot;,&quot;breakpoint_2_width&quot;:&quot;1025px&quot;,&quot;breakpoint_2_cols&quot;:&quot;2&quot;,&quot;breakpoint_2_quantity&quot;:&quot;&quot;,&quot;breakpoint_2_gap&quot;:&quot;&quot;,&quot;breakpoint_3_width&quot;:&quot;601px&quot;,&quot;breakpoint_3_cols&quot;:&quot;1&quot;,&quot;breakpoint_3_quantity&quot;:&quot;&quot;,&quot;breakpoint_3_gap&quot;:&quot;&quot;,&quot;conditions_operator&quot;:&quot;always&quot;,&quot;conditions&quot;:[],&quot;css&quot;:null,&quot;el_class&quot;:&quot;&quot;,&quot;el_id&quot;:&quot;&quot;,&quot;enable_custom_html_atts&quot;:0,&quot;custom_html_atts&quot;:null,&quot;hide_on_states&quot;:&quot;&quot;,&quot;hide_for_sticky&quot;:0,&quot;hide_for_not_sticky&quot;:0,&quot;hide_below&quot;:&quot;0px&quot;,&quot;hide_above&quot;:&quot;0px&quot;,&quot;items_ratio&quot;:&quot;&quot;,&quot;items_ratio_width&quot;:&quot;&quot;,&quot;items_ratio_height&quot;:&quot;&quot;,&quot;classes&quot;:&quot;&quot;},&quot;found_posts&quot;:0,&quot;per_page&quot;:10,&quot;orderby_random_seed&quot;:1580121826},&quot;facetedFilter&quot;:[]}'><\/div><\/div><\/div><\/div><\/div><\/div><\/div><\/section><section class=\"l-section wpb_row height_huge color_alternate with_shape\"><div class=\"l-section-shape type_zigzag pos_top\" style=\"height:3vmin;\"><svg xmlns=\"http:\/\/www.w3.org\/2000\/svg\" viewBox=\"0 0 64 8\" preserveAspectRatio=\"none\" width=\"100%\" height=\"100%\">\r\n\t<path fill=\"currentColor\" d=\"M64 8 L0 8 L0 0 L20 7.9 L40 3 L48 5 L64 0 Z\"\/>\r\n<\/svg><\/div><div class=\"l-section-shape type_zigzag pos_bottom\" style=\"height:3vmin;\"><svg xmlns=\"http:\/\/www.w3.org\/2000\/svg\" viewBox=\"0 0 64 8\" preserveAspectRatio=\"none\" width=\"100%\" height=\"100%\">\r\n\t<path fill=\"currentColor\" d=\"M64 8 L0 8 L0 0 L20 7.9 L40 3 L48 5 L64 0 Z\"\/>\r\n<\/svg><\/div><div class=\"l-section-h i-cf\"><div class=\"g-cols vc_row via_flex valign_top type_default stacking_default\"><div class=\"vc_col-sm-6 wpb_column vc_column_container\"><div class=\"vc_column-inner\"><div class=\"wpb_wrapper\"><div class=\"wpb_text_column\"><div class=\"wpb_wrapper\"><blockquote>\n<p><strong>Resposta r\u00e1pida:<\/strong> entre 2022 e 2024, o Centro Flamenco de Sevilla foi um tablao de pequeno formato situado na C\/ Francos 33, que combinava espet\u00e1culos \u00edntimos com uma intensa vida profissional em torno da sala. A lota\u00e7\u00e3o reduzida, o car\u00e1ter ac\u00fastico das atua\u00e7\u00f5es, a mistura de gera\u00e7\u00f5es no palco e as tert\u00falias posteriores fizeram com que artistas e profissionais do flamenco o utilizassem tamb\u00e9m como lugar de encontro.<\/p>\n<\/blockquote>\n<\/div><\/div><\/div><\/div><\/div><div class=\"vc_col-sm-6 wpb_column vc_column_container\"><div class=\"vc_column-inner\"><div class=\"wpb_wrapper\"><div class=\"wpb_text_column\"><div class=\"wpb_wrapper\"><h3>O que n\u00e3o se via a partir da plateia<\/h3>\n<p>O p\u00fablico via uma sala de 32 lugares e um palco muito pr\u00f3ximo. Quem trabalhava no setor conhecia tamb\u00e9m outra dimens\u00e3o: artistas que chegavam antes da sua atua\u00e7\u00e3o, colegas de outros tablaos que passavam para cumprimentar, m\u00fasicos e bailaores que ficavam depois, conversas sobre repert\u00f3rios, substitui\u00e7\u00f5es, digress\u00f5es, novos projetos e oportunidades de trabalho.<\/p>\n<p>Numa cidade com uma oferta flamenca t\u00e3o ampla, esse espa\u00e7o informal acabou por se tornar parte essencial da identidade do centro.<\/p>\n<\/div><\/div><\/div><\/div><\/div><\/div><\/div><\/section><section class=\"l-section wpb_row height_huge\"><div class=\"l-section-h i-cf\"><div class=\"g-cols vc_row via_flex valign_top type_default stacking_default\"><div class=\"vc_col-sm-6 wpb_column vc_column_container\"><div class=\"vc_column-inner\"><div class=\"wpb_wrapper\"><div class=\"wpb_text_column\"><div class=\"wpb_wrapper\"><h2>Conte\u00fado desta hist\u00f3ria<\/h2>\n<ul>\n<li><a href=\"#sala-intima\">Uma sala \u00edntima em pleno centro<\/a><\/li>\n<li><a href=\"#escenario-generaciones\">Veteranos e jovens a partilhar o palco<\/a><\/li>\n<li><a href=\"#despues-pase\">Quando terminava a sess\u00e3o, come\u00e7ava a tert\u00falia<\/a><\/li>\n<li><a href=\"#punto-encuentro\">Um ponto de encontro para o setor<\/a><\/li>\n<li><a href=\"#gestion-digital\">A parte invis\u00edvel: gest\u00e3o e digitaliza\u00e7\u00e3o<\/a><\/li>\n<li><a href=\"#cronologia-centro\">Cronologia do Centro Flamenco de Sevilla<\/a><\/li>\n<li><a href=\"#legado-centro\">O que ficou depois do encerramento<\/a><\/li>\n<li><a href=\"#faq-centro\">Perguntas frequentes<\/a><\/li>\n<\/ul>\n<\/div><\/div><\/div><\/div><\/div><div class=\"vc_col-sm-6 wpb_column vc_column_container\"><div class=\"vc_column-inner\"><div class=\"wpb_wrapper\"><div class=\"w-image us_custom_83db15f5 has_aspect_ratio align_center\"><div class=\"w-image-h\"><img decoding=\"async\" width=\"1024\" height=\"683\" src=\"https:\/\/www.tablaosflamencos.com\/wp-content\/uploads\/centro-flamenco-de-sevilla-01-4-1024x683.webp\" class=\"attachment-large size-large\" alt=\"Centro Flamenco de Sevilla\" loading=\"eager\" srcset=\"https:\/\/www.tablaosflamencos.com\/wp-content\/uploads\/centro-flamenco-de-sevilla-01-4-1024x683.webp 1024w, https:\/\/www.tablaosflamencos.com\/wp-content\/uploads\/centro-flamenco-de-sevilla-01-4-300x200.webp 300w, https:\/\/www.tablaosflamencos.com\/wp-content\/uploads\/centro-flamenco-de-sevilla-01-4-1536x1024.webp 1536w, https:\/\/www.tablaosflamencos.com\/wp-content\/uploads\/centro-flamenco-de-sevilla-01-4-600x400.webp 600w, https:\/\/www.tablaosflamencos.com\/wp-content\/uploads\/centro-flamenco-de-sevilla-01-4-150x100.webp 150w, https:\/\/www.tablaosflamencos.com\/wp-content\/uploads\/centro-flamenco-de-sevilla-01-4.webp 1920w\" sizes=\"auto, (max-width: 1024px) 100vw, 1024px\" \/><\/div><\/div><\/div><\/div><\/div><\/div><\/div><\/section><section class=\"l-section wpb_row height_huge\"><div class=\"l-section-h i-cf\"><div class=\"g-cols vc_row via_flex valign_top type_default stacking_default\"><div class=\"vc_col-sm-6 wpb_column vc_column_container\"><div class=\"vc_column-inner\"><div class=\"wpb_wrapper\"><div class=\"w-image us_custom_09d4d40b has_aspect_ratio align_center\"><div class=\"w-image-h\"><img decoding=\"async\" width=\"1024\" height=\"683\" src=\"https:\/\/www.tablaosflamencos.com\/wp-content\/uploads\/centro-flamenco-de-sevilla-01-61-1024x683.webp\" class=\"attachment-large size-large\" alt=\"Centro Flamenco de Sevilla\" loading=\"eager\" srcset=\"https:\/\/www.tablaosflamencos.com\/wp-content\/uploads\/centro-flamenco-de-sevilla-01-61-1024x683.webp 1024w, https:\/\/www.tablaosflamencos.com\/wp-content\/uploads\/centro-flamenco-de-sevilla-01-61-300x200.webp 300w, https:\/\/www.tablaosflamencos.com\/wp-content\/uploads\/centro-flamenco-de-sevilla-01-61-1536x1024.webp 1536w, https:\/\/www.tablaosflamencos.com\/wp-content\/uploads\/centro-flamenco-de-sevilla-01-61-600x400.webp 600w, https:\/\/www.tablaosflamencos.com\/wp-content\/uploads\/centro-flamenco-de-sevilla-01-61-150x100.webp 150w, https:\/\/www.tablaosflamencos.com\/wp-content\/uploads\/centro-flamenco-de-sevilla-01-61.webp 1920w\" sizes=\"auto, (max-width: 1024px) 100vw, 1024px\" \/><\/div><\/div><\/div><\/div><\/div><div class=\"vc_col-sm-6 wpb_column vc_column_container\"><div class=\"vc_column-inner\"><div class=\"wpb_wrapper\"><div class=\"wpb_text_column\"><div class=\"wpb_wrapper\"><h3>Um olhar de mem\u00f3ria, n\u00e3o de nostalgia<\/h3>\n<p>Recordar o Centro Flamenco de Sevilla n\u00e3o significa idealizar um espa\u00e7o que j\u00e1 n\u00e3o funciona como ent\u00e3o. O interessante \u00e9 observar <strong>que condi\u00e7\u00f5es permitiram que uma sala t\u00e3o pequena gerasse tanta vida \u00e0 sua volta<\/strong>: proximidade, continuidade art\u00edstica, mistura de gera\u00e7\u00f5es, dire\u00e7\u00e3o presente, rela\u00e7\u00f5es entre colegas e uma escala em que quase todos acabavam por se conhecer.<\/p>\n<p>Este artigo faz parte da mem\u00f3ria recente do flamenco em Sevilha e apoia-se tanto em documenta\u00e7\u00e3o p\u00fablica como na experi\u00eancia direta de quem participou no projeto.<\/p>\n<\/div><\/div><\/div><\/div><\/div><\/div><\/div><\/section><section class=\"l-section wpb_row height_huge color_alternate with_shape\"><div class=\"l-section-shape type_zigzag pos_top hor_flip\" style=\"height:3vmin;\"><svg xmlns=\"http:\/\/www.w3.org\/2000\/svg\" viewBox=\"0 0 64 8\" preserveAspectRatio=\"none\" width=\"100%\" height=\"100%\">\r\n\t<path fill=\"currentColor\" d=\"M64 8 L0 8 L0 0 L20 7.9 L40 3 L48 5 L64 0 Z\"\/>\r\n<\/svg><\/div><div class=\"l-section-shape type_zigzag pos_bottom\" style=\"height:3vmin;\"><svg xmlns=\"http:\/\/www.w3.org\/2000\/svg\" viewBox=\"0 0 64 8\" preserveAspectRatio=\"none\" width=\"100%\" height=\"100%\">\r\n\t<path fill=\"currentColor\" d=\"M64 8 L0 8 L0 0 L20 7.9 L40 3 L48 5 L64 0 Z\"\/>\r\n<\/svg><\/div><div class=\"l-section-h i-cf\"><div class=\"g-cols vc_row via_flex valign_top type_default stacking_default\"><div class=\"vc_col-sm-6 wpb_column vc_column_container\"><div class=\"vc_column-inner\"><div class=\"wpb_wrapper\"><div class=\"wpb_text_column\"><div class=\"wpb_wrapper\"><h2 id=\"sala-intima\">Uma sala \u00edntima em pleno centro de Sevilha<\/h2>\n<p>A calle Francos \u00e9 uma dessas vias do centro hist\u00f3rico por onde passam diariamente moradores, visitantes e trabalhadores a caminho da Catedral, da Alfalfa ou da Plaza del Salvador. Ali, no n\u00famero 33, o Centro Flamenco de Sevilla ocupava um pequeno espa\u00e7o que obrigava a trabalhar o espet\u00e1culo a partir da proximidade.<\/p>\n<p>Com apenas 32 lugares, n\u00e3o havia dist\u00e2ncia suficiente para esconder nada. O p\u00fablico podia perceber a respira\u00e7\u00e3o do cantaor, o ataque da guitarra, o som natural dos p\u00e9s e os pequenos gestos que num grande teatro podem perder-se. A aus\u00eancia de uma grande barreira f\u00edsica entre artistas e espectadores refor\u00e7ava a sensa\u00e7\u00e3o de estar dentro do acontecimento flamenco e n\u00e3o apenas diante dele.<\/p>\n<p>Esse formato ligava-se a uma das qualidades hist\u00f3ricas de muitos espa\u00e7os flamencos: <strong>a intensidade produzida pela proximidade<\/strong>. Pode aprofundar este contexto no nosso artigo sobre os <a href=\"https:\/\/www.tablaosflamencos.com\/cafes-cantantes-sevilla.html\"><strong>caf\u00e9s cantantes de Sevilha<\/strong><\/a>.<\/p>\n<\/div><\/div><\/div><\/div><\/div><div class=\"vc_col-sm-6 wpb_column vc_column_container\"><div class=\"vc_column-inner\"><div class=\"wpb_wrapper\"><div class=\"wpb_text_column\"><div class=\"wpb_wrapper\"><h3>O sil\u00eancio tamb\u00e9m fazia parte do espet\u00e1culo<\/h3>\n<p>Uma sala pequena exige aten\u00e7\u00e3o. A guitarra n\u00e3o precisa de competir com um grande espa\u00e7o, o cante pode trabalhar as nuances e o baile \u00e9 percebido n\u00e3o apenas como imagem, mas tamb\u00e9m como som e presen\u00e7a f\u00edsica.<\/p>\n<p>A abordagem ac\u00fastica favorecia essa escuta. Em vez de transformar o espet\u00e1culo numa produ\u00e7\u00e3o distante, procurava-se que cada sess\u00e3o preservasse a tens\u00e3o de um encontro pr\u00f3ximo. Isso tamb\u00e9m alterava o comportamento do p\u00fablico: quanto mais pr\u00f3ximo estava o artista, mais evidente se tornava que o sil\u00eancio, a escuta e a rea\u00e7\u00e3o da sala faziam parte da atua\u00e7\u00e3o.<\/p>\n<p>A pequena dimens\u00e3o n\u00e3o era uma limita\u00e7\u00e3o a disfar\u00e7ar. <strong>Era precisamente o mecanismo que definia a experi\u00eancia.<\/strong><\/p>\n<\/div><\/div><\/div><\/div><\/div><\/div><\/div><\/section><section class=\"l-section wpb_row height_huge\"><div class=\"l-section-h i-cf\"><div class=\"g-cols vc_row via_flex valign_top type_default stacking_default\"><div class=\"vc_col-sm-6 wpb_column vc_column_container\"><div class=\"vc_column-inner\"><div class=\"wpb_wrapper\"><div class=\"wpb_text_column\"><div class=\"wpb_wrapper\"><h2 id=\"escenario-generaciones\">Veteranos e jovens a partilhar o palco<\/h2>\n<p>Uma das linhas que definiram a dire\u00e7\u00e3o art\u00edstica do Centro Flamenco de Sevilla foi a conviv\u00eancia entre int\u00e9rpretes com uma carreira consolidada e jovens artistas que come\u00e7avam a conquistar um espa\u00e7o profissional.<\/p>\n<p>A juventude n\u00e3o era apresentada como uma programa\u00e7\u00e3o paralela ou menor. Os int\u00e9rpretes emergentes podiam partilhar palco, camarim e din\u00e2mica de trabalho com artistas mais experientes. Essa conviv\u00eancia tinha um valor que ia al\u00e9m do cartaz: permitia observar tempos, c\u00f3digos, recursos c\u00e9nicos e formas de rela\u00e7\u00e3o com o cante, o toque e o baile que dificilmente se aprendem apenas numa aula.<\/p>\n<p>Para alguns jovens, trabalhar regularmente numa sala profissional significava tamb\u00e9m assumir responsabilidades reais: chegar preparados, adaptar-se a diferentes colegas, manter todos os dias o n\u00edvel art\u00edstico e compreender que um tablao vive da combina\u00e7\u00e3o entre espontaneidade e disciplina.<\/p>\n<\/div><\/div><\/div><\/div><\/div><div class=\"vc_col-sm-6 wpb_column vc_column_container\"><div class=\"vc_column-inner\"><div class=\"wpb_wrapper\"><div class=\"wpb_text_column\"><div class=\"wpb_wrapper\"><h3>O tablao como espa\u00e7o de transmiss\u00e3o<\/h3>\n<p>O flamenco transmite-se de muitas formas. H\u00e1 o ensino formal, as academias, os conservat\u00f3rios, as fam\u00edlias, as pe\u00f1as e os festivais. Mas o tablao conserva outra forma de aprendizagem: <strong>a transmiss\u00e3o pr\u00e1tica entre colegas<\/strong>.<\/p>\n<p>Um cantaor aprende a ler o corpo do bailaor. O guitarrista percebe quando deve sustentar e quando deve abrir espa\u00e7o. O baile aprende a escutar antes de entrar. E os jovens artistas descobrem que cada colega exige uma rea\u00e7\u00e3o diferente.<\/p>\n<p>No Centro Flamenco de Sevilla essa transmiss\u00e3o era especialmente vis\u00edvel porque a escala da sala fazia com que tudo acontecesse muito perto: palco, camarim, espera e conversa faziam parte do mesmo ambiente.<\/p>\n<\/div><\/div><\/div><\/div><\/div><\/div><\/div><\/section><section class=\"l-section wpb_row height_huge color_alternate with_shape\"><div class=\"l-section-shape type_zigzag pos_top\" style=\"height:3vmin;\"><svg xmlns=\"http:\/\/www.w3.org\/2000\/svg\" viewBox=\"0 0 64 8\" preserveAspectRatio=\"none\" width=\"100%\" height=\"100%\">\r\n\t<path fill=\"currentColor\" d=\"M64 8 L0 8 L0 0 L20 7.9 L40 3 L48 5 L64 0 Z\"\/>\r\n<\/svg><\/div><div class=\"l-section-shape type_zigzag pos_bottom\" style=\"height:3vmin;\"><svg xmlns=\"http:\/\/www.w3.org\/2000\/svg\" viewBox=\"0 0 64 8\" preserveAspectRatio=\"none\" width=\"100%\" height=\"100%\">\r\n\t<path fill=\"currentColor\" d=\"M64 8 L0 8 L0 0 L20 7.9 L40 3 L48 5 L64 0 Z\"\/>\r\n<\/svg><\/div><div class=\"l-section-h i-cf\"><div class=\"g-cols vc_row via_flex valign_top type_default stacking_default\"><div class=\"vc_col-sm-6 wpb_column vc_column_container\"><div class=\"vc_column-inner\"><div class=\"wpb_wrapper\"><div class=\"wpb_text_column\"><div class=\"wpb_wrapper\"><h2 id=\"despues-pase\">Quando terminava a sess\u00e3o, come\u00e7ava outra parte da noite<\/h2>\n<p>A imagem que melhor explica por que raz\u00e3o o centro se tornou um ponto de encontro n\u00e3o corresponde necessariamente a uma atua\u00e7\u00e3o. Muitas vezes surge <strong>depois da \u00faltima sess\u00e3o<\/strong>.<\/p>\n<p>Com o p\u00fablico j\u00e1 fora e a atividade comercial terminada, n\u00e3o era raro que artistas do pr\u00f3prio elenco, colegas que tinham atuado noutros tablaos, amigos e profissionais do setor ficassem a conversar. As conversas podiam prolongar-se at\u00e9 altas horas da madrugada.<\/p>\n<p>N\u00e3o havia programa\u00e7\u00e3o para essas horas. N\u00e3o era um evento nem uma atividade anunciada. Precisamente por isso tinha valor: tratava-se de uma rela\u00e7\u00e3o org\u00e2nica entre pessoas que partilhavam profiss\u00e3o, inquieta\u00e7\u00f5es e uma vida ligada ao flamenco.<\/p>\n<\/div><\/div><\/div><\/div><\/div><div class=\"vc_col-sm-6 wpb_column vc_column_container\"><div class=\"vc_column-inner\"><div class=\"wpb_wrapper\"><div class=\"wpb_text_column\"><div class=\"wpb_wrapper\"><h3>As tert\u00falias que n\u00e3o apareciam no programa<\/h3>\n<blockquote>\n<p>Um tablao pode fechar a porta ao p\u00fablico e continuar cheio de flamenco. Por vezes, a parte mais importante da noite come\u00e7ava quando j\u00e1 n\u00e3o havia bilhetes para vender.<\/p>\n<\/blockquote>\n<p>Nessas conversas falava-se de artistas, repert\u00f3rios, de quem estava a trabalhar onde, digress\u00f5es, novas salas, projetos que ainda n\u00e3o existiam e problemas quotidianos da profiss\u00e3o. Tamb\u00e9m havia simplesmente conv\u00edvio.<\/p>\n<p>Essa componente humana explica melhor do que qualquer n\u00famero por que raz\u00e3o uma sala de 32 pessoas podia ter uma influ\u00eancia relacional muito superior \u00e0 sua lota\u00e7\u00e3o.<\/p>\n<\/div><\/div><\/div><\/div><\/div><\/div><\/div><\/section><section class=\"l-section wpb_row height_huge\"><div class=\"l-section-h i-cf\"><div class=\"g-cols vc_row via_flex valign_top type_default stacking_default\"><div class=\"vc_col-sm-6 wpb_column vc_column_container\"><div class=\"vc_column-inner\"><div class=\"wpb_wrapper\"><div class=\"wpb_text_column\"><div class=\"wpb_wrapper\"><h2 id=\"punto-encuentro\">Um ponto de encontro para artistas e profissionais do flamenco<\/h2>\n<p>Sevilha conta com numerosos espa\u00e7os, escolas, pe\u00f1as, tablaos, teatros e festivais. No entanto, nem todos geram o mesmo tipo de rela\u00e7\u00e3o entre quem neles trabalha.<\/p>\n<p>O Centro Flamenco de Sevilla acabou por receber n\u00e3o apenas os seus pr\u00f3prios artistas e p\u00fablico. Tamb\u00e9m passavam colegas de outros tablaos, profissionais ligados \u00e0 produ\u00e7\u00e3o e venda de espet\u00e1culos, artistas visitantes e pessoas que trabalhavam em torno da atividade flamenca da cidade.<\/p>\n<p>A localiza\u00e7\u00e3o em pleno centro ajudava. Mas o decisivo era a facilidade com que algu\u00e9m podia entrar, ficar um pouco, encontrar colegas e acabar por fazer parte de uma conversa que n\u00e3o estava planeada.<\/p>\n<\/div><\/div><\/div><\/div><\/div><div class=\"vc_col-sm-6 wpb_column vc_column_container\"><div class=\"vc_column-inner\"><div class=\"wpb_wrapper\"><div class=\"wpb_text_column\"><div class=\"wpb_wrapper\"><h3>Uma rede profissional constru\u00edda em pequena escala<\/h3>\n<p>Os setores culturais tamb\u00e9m funcionam atrav\u00e9s de redes informais. Uma substitui\u00e7\u00e3o de \u00faltima hora, uma recomenda\u00e7\u00e3o, uma colabora\u00e7\u00e3o ou uma oportunidade podem surgir de uma conversa aparentemente trivial.<\/p>\n<p>Durante a sua fase ativa, o Centro Flamenco de Sevilla funcionou como um desses n\u00f3s: <strong>um espa\u00e7o onde a rela\u00e7\u00e3o art\u00edstica e a rela\u00e7\u00e3o profissional se cruzavam continuamente<\/strong>.<\/p>\n<p>Para compreender como se estrutura hoje a oferta flamenca da cidade, este olhar hist\u00f3rico pode ser combinado com o nosso guia sobre <a href=\"https:\/\/www.tablaosflamencos.com\/donde-ver-flamenco-autentico-sevilla.html\"><strong>como escolher um espet\u00e1culo de flamenco aut\u00eantico em Sevilha<\/strong><\/a>.<\/p>\n<\/div><\/div><\/div><\/div><\/div><\/div><\/div><\/section><section class=\"l-section wpb_row height_huge\"><div class=\"l-section-h i-cf\"><div class=\"g-cols vc_row via_flex valign_top type_default stacking_default\"><div class=\"vc_col-sm-12 wpb_column vc_column_container\"><div class=\"vc_column-inner\"><div class=\"wpb_wrapper\"><div class=\"w-grid us_post_list type_grid layout_gallery_default cols_5 preload_style_spinner items_have_ratio\" id=\"us_post_list_e11f\" style=\"--columns:5;--gap:0.5rem;--img-aspect-ratio:1\/1;--item-aspect-ratio:1\/1;\"><style>@media (max-width:1024px){#us_post_list_e11f{--columns:2!important}}@media (max-width:600px){#us_post_list_e11f{--columns:1!important}}<\/style><div class=\"w-grid-list\">\t<article class=\"w-grid-item size_1x1 post-14464 attachment type-attachment status-inherit hentry\" data-id=\"14464\">\r\n\t\t<div class=\"w-grid-item-h\">\r\n\t\t\t\t\t\t\t<a ref=\"magnificPopupList\" data-alt=\"Centro Flamenco de Sevilla\" href=\"https:\/\/www.tablaosflamencos.com\/wp-content\/uploads\/centro-flamenco-de-sevilla-01-57.webp\" class=\"w-grid-item-anchor\" aria-label=\"Centro Flamenco de Sevilla\"><\/a>\r\n\t\t\t\t\t\t<div class=\"w-post-elm post_image usg_post_image_1 stretched\"><img decoding=\"async\" width=\"600\" height=\"400\" src=\"https:\/\/www.tablaosflamencos.com\/wp-content\/uploads\/centro-flamenco-de-sevilla-01-57-600x400.webp\" class=\"attachment-us_600_600 size-us_600_600\" alt=\"Centro Flamenco de Sevilla\" srcset=\"https:\/\/www.tablaosflamencos.com\/wp-content\/uploads\/centro-flamenco-de-sevilla-01-57-600x400.webp 600w, https:\/\/www.tablaosflamencos.com\/wp-content\/uploads\/centro-flamenco-de-sevilla-01-57-300x200.webp 300w, https:\/\/www.tablaosflamencos.com\/wp-content\/uploads\/centro-flamenco-de-sevilla-01-57-1024x683.webp 1024w, https:\/\/www.tablaosflamencos.com\/wp-content\/uploads\/centro-flamenco-de-sevilla-01-57-1536x1024.webp 1536w, https:\/\/www.tablaosflamencos.com\/wp-content\/uploads\/centro-flamenco-de-sevilla-01-57-150x100.webp 150w, https:\/\/www.tablaosflamencos.com\/wp-content\/uploads\/centro-flamenco-de-sevilla-01-57.webp 1920w\" sizes=\"(max-width: 600px) 100vw, 600px\" loading=\"eager\" \/><\/div>\t\t<\/div>\r\n\t\t\t<\/article>\r\n\t<article class=\"w-grid-item size_1x1 post-14458 attachment type-attachment status-inherit hentry\" data-id=\"14458\">\r\n\t\t<div class=\"w-grid-item-h\">\r\n\t\t\t\t\t\t\t<a ref=\"magnificPopupList\" data-alt=\"Centro Flamenco de Sevilla\" href=\"https:\/\/www.tablaosflamencos.com\/wp-content\/uploads\/centro-flamenco-de-sevilla-01-51.webp\" class=\"w-grid-item-anchor\" aria-label=\"Centro Flamenco de Sevilla\"><\/a>\r\n\t\t\t\t\t\t<div class=\"w-post-elm post_image usg_post_image_1 stretched\"><img decoding=\"async\" width=\"400\" height=\"600\" src=\"https:\/\/www.tablaosflamencos.com\/wp-content\/uploads\/centro-flamenco-de-sevilla-01-51-400x600.webp\" class=\"attachment-us_600_600 size-us_600_600\" alt=\"Centro Flamenco de Sevilla\" srcset=\"https:\/\/www.tablaosflamencos.com\/wp-content\/uploads\/centro-flamenco-de-sevilla-01-51-400x600.webp 400w, https:\/\/www.tablaosflamencos.com\/wp-content\/uploads\/centro-flamenco-de-sevilla-01-51-200x300.webp 200w, https:\/\/www.tablaosflamencos.com\/wp-content\/uploads\/centro-flamenco-de-sevilla-01-51-683x1024.webp 683w, https:\/\/www.tablaosflamencos.com\/wp-content\/uploads\/centro-flamenco-de-sevilla-01-51-1025x1536.webp 1025w, https:\/\/www.tablaosflamencos.com\/wp-content\/uploads\/centro-flamenco-de-sevilla-01-51-100x150.webp 100w, https:\/\/www.tablaosflamencos.com\/wp-content\/uploads\/centro-flamenco-de-sevilla-01-51.webp 1281w\" sizes=\"(max-width: 400px) 100vw, 400px\" loading=\"eager\" \/><\/div>\t\t<\/div>\r\n\t\t\t<\/article>\r\n\t<article class=\"w-grid-item size_1x1 post-14429 attachment type-attachment status-inherit hentry\" data-id=\"14429\">\r\n\t\t<div class=\"w-grid-item-h\">\r\n\t\t\t\t\t\t\t<a ref=\"magnificPopupList\" data-alt=\"Centro Flamenco de Sevilla\" href=\"https:\/\/www.tablaosflamencos.com\/wp-content\/uploads\/centro-flamenco-de-sevilla-01-22.webp\" class=\"w-grid-item-anchor\" aria-label=\"Centro Flamenco de Sevilla\"><\/a>\r\n\t\t\t\t\t\t<div class=\"w-post-elm post_image usg_post_image_1 stretched\"><img decoding=\"async\" width=\"600\" height=\"400\" src=\"https:\/\/www.tablaosflamencos.com\/wp-content\/uploads\/centro-flamenco-de-sevilla-01-22-600x400.webp\" class=\"attachment-us_600_600 size-us_600_600\" alt=\"Centro Flamenco de Sevilla\" srcset=\"https:\/\/www.tablaosflamencos.com\/wp-content\/uploads\/centro-flamenco-de-sevilla-01-22-600x400.webp 600w, https:\/\/www.tablaosflamencos.com\/wp-content\/uploads\/centro-flamenco-de-sevilla-01-22-300x200.webp 300w, https:\/\/www.tablaosflamencos.com\/wp-content\/uploads\/centro-flamenco-de-sevilla-01-22-1024x683.webp 1024w, https:\/\/www.tablaosflamencos.com\/wp-content\/uploads\/centro-flamenco-de-sevilla-01-22-1536x1024.webp 1536w, https:\/\/www.tablaosflamencos.com\/wp-content\/uploads\/centro-flamenco-de-sevilla-01-22-150x100.webp 150w, https:\/\/www.tablaosflamencos.com\/wp-content\/uploads\/centro-flamenco-de-sevilla-01-22.webp 1920w\" sizes=\"(max-width: 600px) 100vw, 600px\" loading=\"eager\" \/><\/div>\t\t<\/div>\r\n\t\t\t<\/article>\r\n\t<article class=\"w-grid-item size_1x1 post-14441 attachment type-attachment status-inherit hentry\" data-id=\"14441\">\r\n\t\t<div class=\"w-grid-item-h\">\r\n\t\t\t\t\t\t\t<a ref=\"magnificPopupList\" data-alt=\"Centro Flamenco de Sevilla\" href=\"https:\/\/www.tablaosflamencos.com\/wp-content\/uploads\/centro-flamenco-de-sevilla-01-34.webp\" class=\"w-grid-item-anchor\" aria-label=\"Centro Flamenco de Sevilla\"><\/a>\r\n\t\t\t\t\t\t<div class=\"w-post-elm post_image usg_post_image_1 stretched\"><img decoding=\"async\" width=\"600\" height=\"400\" src=\"https:\/\/www.tablaosflamencos.com\/wp-content\/uploads\/centro-flamenco-de-sevilla-01-34-600x400.webp\" class=\"attachment-us_600_600 size-us_600_600\" alt=\"Centro Flamenco de Sevilla\" srcset=\"https:\/\/www.tablaosflamencos.com\/wp-content\/uploads\/centro-flamenco-de-sevilla-01-34-600x400.webp 600w, https:\/\/www.tablaosflamencos.com\/wp-content\/uploads\/centro-flamenco-de-sevilla-01-34-300x200.webp 300w, https:\/\/www.tablaosflamencos.com\/wp-content\/uploads\/centro-flamenco-de-sevilla-01-34-1024x683.webp 1024w, https:\/\/www.tablaosflamencos.com\/wp-content\/uploads\/centro-flamenco-de-sevilla-01-34-1536x1024.webp 1536w, https:\/\/www.tablaosflamencos.com\/wp-content\/uploads\/centro-flamenco-de-sevilla-01-34-150x100.webp 150w, https:\/\/www.tablaosflamencos.com\/wp-content\/uploads\/centro-flamenco-de-sevilla-01-34.webp 1920w\" sizes=\"(max-width: 600px) 100vw, 600px\" loading=\"eager\" \/><\/div>\t\t<\/div>\r\n\t\t\t<\/article>\r\n\t<article class=\"w-grid-item size_1x1 post-14421 attachment type-attachment status-inherit hentry\" data-id=\"14421\">\r\n\t\t<div class=\"w-grid-item-h\">\r\n\t\t\t\t\t\t\t<a ref=\"magnificPopupList\" data-alt=\"Centro Flamenco de Sevilla\" href=\"https:\/\/www.tablaosflamencos.com\/wp-content\/uploads\/centro-flamenco-de-sevilla-01-14.webp\" class=\"w-grid-item-anchor\" aria-label=\"Centro Flamenco de Sevilla\"><\/a>\r\n\t\t\t\t\t\t<div class=\"w-post-elm post_image usg_post_image_1 stretched\"><img decoding=\"async\" width=\"600\" height=\"400\" src=\"https:\/\/www.tablaosflamencos.com\/wp-content\/uploads\/centro-flamenco-de-sevilla-01-14-600x400.webp\" class=\"attachment-us_600_600 size-us_600_600\" alt=\"Centro Flamenco de Sevilla\" srcset=\"https:\/\/www.tablaosflamencos.com\/wp-content\/uploads\/centro-flamenco-de-sevilla-01-14-600x400.webp 600w, https:\/\/www.tablaosflamencos.com\/wp-content\/uploads\/centro-flamenco-de-sevilla-01-14-300x200.webp 300w, https:\/\/www.tablaosflamencos.com\/wp-content\/uploads\/centro-flamenco-de-sevilla-01-14-1024x683.webp 1024w, https:\/\/www.tablaosflamencos.com\/wp-content\/uploads\/centro-flamenco-de-sevilla-01-14-1536x1024.webp 1536w, https:\/\/www.tablaosflamencos.com\/wp-content\/uploads\/centro-flamenco-de-sevilla-01-14-150x100.webp 150w, https:\/\/www.tablaosflamencos.com\/wp-content\/uploads\/centro-flamenco-de-sevilla-01-14.webp 1920w\" sizes=\"(max-width: 600px) 100vw, 600px\" loading=\"eager\" \/><\/div>\t\t<\/div>\r\n\t\t\t<\/article>\r\n\t<article class=\"w-grid-item size_1x1 post-14413 attachment type-attachment status-inherit hentry\" data-id=\"14413\">\r\n\t\t<div class=\"w-grid-item-h\">\r\n\t\t\t\t\t\t\t<a ref=\"magnificPopupList\" data-alt=\"Centro Flamenco de Sevilla\" href=\"https:\/\/www.tablaosflamencos.com\/wp-content\/uploads\/centro-flamenco-de-sevilla-01-6.webp\" class=\"w-grid-item-anchor\" aria-label=\"Centro Flamenco de Sevilla\"><\/a>\r\n\t\t\t\t\t\t<div class=\"w-post-elm post_image usg_post_image_1 stretched\"><img decoding=\"async\" width=\"600\" height=\"400\" src=\"https:\/\/www.tablaosflamencos.com\/wp-content\/uploads\/centro-flamenco-de-sevilla-01-6-600x400.webp\" class=\"attachment-us_600_600 size-us_600_600\" alt=\"Centro Flamenco de Sevilla\" srcset=\"https:\/\/www.tablaosflamencos.com\/wp-content\/uploads\/centro-flamenco-de-sevilla-01-6-600x400.webp 600w, https:\/\/www.tablaosflamencos.com\/wp-content\/uploads\/centro-flamenco-de-sevilla-01-6-300x200.webp 300w, https:\/\/www.tablaosflamencos.com\/wp-content\/uploads\/centro-flamenco-de-sevilla-01-6-1024x683.webp 1024w, https:\/\/www.tablaosflamencos.com\/wp-content\/uploads\/centro-flamenco-de-sevilla-01-6-1536x1024.webp 1536w, https:\/\/www.tablaosflamencos.com\/wp-content\/uploads\/centro-flamenco-de-sevilla-01-6-150x100.webp 150w, https:\/\/www.tablaosflamencos.com\/wp-content\/uploads\/centro-flamenco-de-sevilla-01-6.webp 1920w\" sizes=\"(max-width: 600px) 100vw, 600px\" loading=\"eager\" \/><\/div>\t\t<\/div>\r\n\t\t\t<\/article>\r\n\t<article class=\"w-grid-item size_1x1 post-14460 attachment type-attachment status-inherit hentry\" data-id=\"14460\">\r\n\t\t<div class=\"w-grid-item-h\">\r\n\t\t\t\t\t\t\t<a ref=\"magnificPopupList\" data-alt=\"Centro Flamenco de Sevilla\" href=\"https:\/\/www.tablaosflamencos.com\/wp-content\/uploads\/centro-flamenco-de-sevilla-01-53.webp\" class=\"w-grid-item-anchor\" aria-label=\"Centro Flamenco de Sevilla\"><\/a>\r\n\t\t\t\t\t\t<div class=\"w-post-elm post_image usg_post_image_1 stretched\"><img decoding=\"async\" width=\"600\" height=\"400\" src=\"https:\/\/www.tablaosflamencos.com\/wp-content\/uploads\/centro-flamenco-de-sevilla-01-53-600x400.webp\" class=\"attachment-us_600_600 size-us_600_600\" alt=\"Centro Flamenco de Sevilla\" srcset=\"https:\/\/www.tablaosflamencos.com\/wp-content\/uploads\/centro-flamenco-de-sevilla-01-53-600x400.webp 600w, https:\/\/www.tablaosflamencos.com\/wp-content\/uploads\/centro-flamenco-de-sevilla-01-53-300x200.webp 300w, https:\/\/www.tablaosflamencos.com\/wp-content\/uploads\/centro-flamenco-de-sevilla-01-53-1024x683.webp 1024w, https:\/\/www.tablaosflamencos.com\/wp-content\/uploads\/centro-flamenco-de-sevilla-01-53-1536x1024.webp 1536w, https:\/\/www.tablaosflamencos.com\/wp-content\/uploads\/centro-flamenco-de-sevilla-01-53-150x100.webp 150w, https:\/\/www.tablaosflamencos.com\/wp-content\/uploads\/centro-flamenco-de-sevilla-01-53.webp 1920w\" sizes=\"(max-width: 600px) 100vw, 600px\" loading=\"eager\" \/><\/div>\t\t<\/div>\r\n\t\t\t<\/article>\r\n\t<article class=\"w-grid-item size_1x1 post-14455 attachment type-attachment status-inherit hentry\" data-id=\"14455\">\r\n\t\t<div class=\"w-grid-item-h\">\r\n\t\t\t\t\t\t\t<a ref=\"magnificPopupList\" data-alt=\"Centro Flamenco de Sevilla\" href=\"https:\/\/www.tablaosflamencos.com\/wp-content\/uploads\/centro-flamenco-de-sevilla-01-48.webp\" class=\"w-grid-item-anchor\" aria-label=\"Centro Flamenco de Sevilla\"><\/a>\r\n\t\t\t\t\t\t<div class=\"w-post-elm post_image usg_post_image_1 stretched\"><img decoding=\"async\" width=\"400\" height=\"600\" src=\"https:\/\/www.tablaosflamencos.com\/wp-content\/uploads\/centro-flamenco-de-sevilla-01-48-400x600.webp\" class=\"attachment-us_600_600 size-us_600_600\" alt=\"Centro Flamenco de Sevilla\" srcset=\"https:\/\/www.tablaosflamencos.com\/wp-content\/uploads\/centro-flamenco-de-sevilla-01-48-400x600.webp 400w, https:\/\/www.tablaosflamencos.com\/wp-content\/uploads\/centro-flamenco-de-sevilla-01-48-200x300.webp 200w, https:\/\/www.tablaosflamencos.com\/wp-content\/uploads\/centro-flamenco-de-sevilla-01-48-683x1024.webp 683w, https:\/\/www.tablaosflamencos.com\/wp-content\/uploads\/centro-flamenco-de-sevilla-01-48-1025x1536.webp 1025w, https:\/\/www.tablaosflamencos.com\/wp-content\/uploads\/centro-flamenco-de-sevilla-01-48-100x150.webp 100w, https:\/\/www.tablaosflamencos.com\/wp-content\/uploads\/centro-flamenco-de-sevilla-01-48.webp 1281w\" sizes=\"(max-width: 400px) 100vw, 400px\" loading=\"eager\" \/><\/div>\t\t<\/div>\r\n\t\t\t<\/article>\r\n\t<article class=\"w-grid-item size_1x1 post-14407 attachment type-attachment status-inherit hentry\" data-id=\"14407\">\r\n\t\t<div class=\"w-grid-item-h\">\r\n\t\t\t\t\t\t\t<a ref=\"magnificPopupList\" data-alt=\"Centro Flamenco de Sevilla\" href=\"https:\/\/www.tablaosflamencos.com\/wp-content\/uploads\/centro-flamenco-de-sevilla-01.webp\" class=\"w-grid-item-anchor\" aria-label=\"Centro Flamenco de Sevilla\"><\/a>\r\n\t\t\t\t\t\t<div class=\"w-post-elm post_image usg_post_image_1 stretched\"><img decoding=\"async\" width=\"600\" height=\"400\" src=\"https:\/\/www.tablaosflamencos.com\/wp-content\/uploads\/centro-flamenco-de-sevilla-01-600x400.webp\" class=\"attachment-us_600_600 size-us_600_600\" alt=\"Centro Flamenco de Sevilla\" srcset=\"https:\/\/www.tablaosflamencos.com\/wp-content\/uploads\/centro-flamenco-de-sevilla-01-600x400.webp 600w, https:\/\/www.tablaosflamencos.com\/wp-content\/uploads\/centro-flamenco-de-sevilla-01-300x200.webp 300w, https:\/\/www.tablaosflamencos.com\/wp-content\/uploads\/centro-flamenco-de-sevilla-01-1024x683.webp 1024w, https:\/\/www.tablaosflamencos.com\/wp-content\/uploads\/centro-flamenco-de-sevilla-01-1536x1024.webp 1536w, https:\/\/www.tablaosflamencos.com\/wp-content\/uploads\/centro-flamenco-de-sevilla-01-150x100.webp 150w, https:\/\/www.tablaosflamencos.com\/wp-content\/uploads\/centro-flamenco-de-sevilla-01.webp 1920w\" sizes=\"(max-width: 600px) 100vw, 600px\" loading=\"eager\" \/><\/div>\t\t<\/div>\r\n\t\t\t<\/article>\r\n\t<article class=\"w-grid-item size_1x1 post-14427 attachment type-attachment status-inherit hentry\" data-id=\"14427\">\r\n\t\t<div class=\"w-grid-item-h\">\r\n\t\t\t\t\t\t\t<a ref=\"magnificPopupList\" data-alt=\"Centro Flamenco de Sevilla\" href=\"https:\/\/www.tablaosflamencos.com\/wp-content\/uploads\/centro-flamenco-de-sevilla-01-20.webp\" class=\"w-grid-item-anchor\" aria-label=\"Centro Flamenco de Sevilla\"><\/a>\r\n\t\t\t\t\t\t<div class=\"w-post-elm post_image usg_post_image_1 stretched\"><img decoding=\"async\" width=\"600\" height=\"400\" src=\"https:\/\/www.tablaosflamencos.com\/wp-content\/uploads\/centro-flamenco-de-sevilla-01-20-600x400.webp\" class=\"attachment-us_600_600 size-us_600_600\" alt=\"Centro Flamenco de Sevilla\" srcset=\"https:\/\/www.tablaosflamencos.com\/wp-content\/uploads\/centro-flamenco-de-sevilla-01-20-600x400.webp 600w, https:\/\/www.tablaosflamencos.com\/wp-content\/uploads\/centro-flamenco-de-sevilla-01-20-300x200.webp 300w, https:\/\/www.tablaosflamencos.com\/wp-content\/uploads\/centro-flamenco-de-sevilla-01-20-1024x683.webp 1024w, https:\/\/www.tablaosflamencos.com\/wp-content\/uploads\/centro-flamenco-de-sevilla-01-20-1536x1024.webp 1536w, https:\/\/www.tablaosflamencos.com\/wp-content\/uploads\/centro-flamenco-de-sevilla-01-20-150x100.webp 150w, https:\/\/www.tablaosflamencos.com\/wp-content\/uploads\/centro-flamenco-de-sevilla-01-20.webp 1920w\" sizes=\"(max-width: 600px) 100vw, 600px\" loading=\"eager\" \/><\/div>\t\t<\/div>\r\n\t\t\t<\/article>\r\n<\/div><div class=\"g-preloader type_1\"><div><\/div><\/div><div class=\"w-grid-list-json hidden\" onclick='return {&quot;max_num_pages&quot;:0,&quot;paginationBase&quot;:&quot;page&quot;,&quot;pagination&quot;:&quot;none&quot;,&quot;paged&quot;:1,&quot;ajaxData&quot;:{&quot;action&quot;:&quot;us_ajax_post_list&quot;,&quot;meta_type&quot;:&quot;post&quot;,&quot;object_id&quot;:0,&quot;template_vars&quot;:{&quot;shortcode_base&quot;:&quot;us_post_list&quot;,&quot;paged&quot;:1,&quot;max_num_pages&quot;:0,&quot;no_results&quot;:false,&quot;us_post_content_design_css&quot;:[],&quot;found_posts&quot;:0,&quot;per_page&quot;:10,&quot;items_count&quot;:10,&quot;orderby_random_seed&quot;:1110606823,&quot;source&quot;:&quot;media&quot;,&quot;custom_field_name&quot;:&quot;&quot;,&quot;ids&quot;:&quot;&quot;,&quot;post_type&quot;:&quot;post&quot;,&quot;attachment_ids&quot;:&quot;14473,14472,14471,14470,14469,14468,14467,14466,14465,14464,14463,14462,14461,14460,14459,14458,14457,14456,14455,14454,14453,14452,14451,14450,14449,14448,14447,14446,14445,14444,14443,14442,14441,14440,14439,14438,14437,14436,14435,14434,14433,14432,14431,14430,14429,14428,14427,14426,14425,14424,14423,14422,14421,14420,14419,14418,14417,14416,14415,14414,14413,14412,14411,14410,14409,14408,14407&quot;,&quot;include_post_thumbnail&quot;:0,&quot;post_author&quot;:&quot;any&quot;,&quot;post_author_ids&quot;:&quot;&quot;,&quot;apply_url_params&quot;:0,&quot;ignore_sticky_posts&quot;:1,&quot;exclude_children&quot;:0,&quot;exclude_current_post&quot;:1,&quot;exclude_prev_posts&quot;:0,&quot;exclude_past_events&quot;:0,&quot;enable_items_offset&quot;:0,&quot;items_offset&quot;:&quot;1&quot;,&quot;tax_query_relation&quot;:&quot;none&quot;,&quot;tax_query&quot;:[{&quot;operator&quot;:&quot;IN&quot;,&quot;taxonomy&quot;:&quot;category&quot;,&quot;terms&quot;:&quot;&quot;,&quot;include_children&quot;:0}],&quot;meta_query_relation&quot;:&quot;none&quot;,&quot;meta_query&quot;:[{&quot;key&quot;:&quot;custom_field_name&quot;,&quot;compare&quot;:&quot;=&quot;,&quot;value&quot;:&quot;&quot;}],&quot;orderby&quot;:&quot;rand&quot;,&quot;orderby_custom_field&quot;:&quot;&quot;,&quot;orderby_custom_type&quot;:0,&quot;order_invert&quot;:0,&quot;show_all&quot;:0,&quot;quantity&quot;:&quot;10&quot;,&quot;posts_per_archive_page&quot;:0,&quot;no_items_action&quot;:&quot;message&quot;,&quot;no_items_message&quot;:&quot;Nenhum resultado encontrado.&quot;,&quot;no_items_page_block&quot;:&quot;&quot;,&quot;pagination&quot;:&quot;none&quot;,&quot;pagination_style&quot;:&quot;&quot;,&quot;pagination_btn_text&quot;:&quot;Load More&quot;,&quot;pagination_btn_size&quot;:&quot;&quot;,&quot;pagination_btn_style&quot;:&quot;1&quot;,&quot;pagination_btn_fullwidth&quot;:0,&quot;items_layout&quot;:&quot;gallery_default&quot;,&quot;type&quot;:&quot;grid&quot;,&quot;items_valign&quot;:0,&quot;ignore_items_size&quot;:0,&quot;columns&quot;:&quot;5&quot;,&quot;items_gap&quot;:&quot;0.5rem&quot;,&quot;load_animation&quot;:&quot;none&quot;,&quot;items_preload_style&quot;:&quot;spinner&quot;,&quot;img_size&quot;:&quot;us_600_600&quot;,&quot;img_aspect_ratio&quot;:&quot;1\\\/1&quot;,&quot;title_size&quot;:&quot;&quot;,&quot;item_aspect_ratio&quot;:&quot;1\\\/1&quot;,&quot;overriding_link&quot;:&quot;%7B%22type%22%3A%22popup_image%22%7D&quot;,&quot;popup_page_template&quot;:&quot;0&quot;,&quot;popup_width&quot;:&quot;&quot;,&quot;popup_arrows&quot;:1,&quot;breakpoint_1_width&quot;:&quot;1381px&quot;,&quot;breakpoint_1_cols&quot;:&quot;default&quot;,&quot;breakpoint_1_quantity&quot;:&quot;&quot;,&quot;breakpoint_1_gap&quot;:&quot;&quot;,&quot;breakpoint_2_width&quot;:&quot;1025px&quot;,&quot;breakpoint_2_cols&quot;:&quot;2&quot;,&quot;breakpoint_2_quantity&quot;:&quot;&quot;,&quot;breakpoint_2_gap&quot;:&quot;&quot;,&quot;breakpoint_3_width&quot;:&quot;601px&quot;,&quot;breakpoint_3_cols&quot;:&quot;1&quot;,&quot;breakpoint_3_quantity&quot;:&quot;&quot;,&quot;breakpoint_3_gap&quot;:&quot;&quot;,&quot;conditions_operator&quot;:&quot;always&quot;,&quot;conditions&quot;:[],&quot;css&quot;:null,&quot;el_class&quot;:&quot;&quot;,&quot;el_id&quot;:&quot;&quot;,&quot;enable_custom_html_atts&quot;:0,&quot;custom_html_atts&quot;:null,&quot;hide_on_states&quot;:&quot;&quot;,&quot;hide_for_sticky&quot;:0,&quot;hide_for_not_sticky&quot;:0,&quot;hide_below&quot;:&quot;0px&quot;,&quot;hide_above&quot;:&quot;0px&quot;,&quot;items_ratio&quot;:&quot;&quot;,&quot;items_ratio_width&quot;:&quot;&quot;,&quot;items_ratio_height&quot;:&quot;&quot;,&quot;classes&quot;:&quot;&quot;},&quot;found_posts&quot;:0,&quot;per_page&quot;:10,&quot;orderby_random_seed&quot;:1110606823},&quot;facetedFilter&quot;:[]}'><\/div><\/div><\/div><\/div><\/div><\/div><\/div><\/section><section class=\"l-section wpb_row height_huge color_alternate with_shape\"><div class=\"l-section-shape type_zigzag pos_top hor_flip\" style=\"height:3vmin;\"><svg xmlns=\"http:\/\/www.w3.org\/2000\/svg\" viewBox=\"0 0 64 8\" preserveAspectRatio=\"none\" width=\"100%\" height=\"100%\">\r\n\t<path fill=\"currentColor\" d=\"M64 8 L0 8 L0 0 L20 7.9 L40 3 L48 5 L64 0 Z\"\/>\r\n<\/svg><\/div><div class=\"l-section-shape type_zigzag pos_bottom\" style=\"height:3vmin;\"><svg xmlns=\"http:\/\/www.w3.org\/2000\/svg\" viewBox=\"0 0 64 8\" preserveAspectRatio=\"none\" width=\"100%\" height=\"100%\">\r\n\t<path fill=\"currentColor\" d=\"M64 8 L0 8 L0 0 L20 7.9 L40 3 L48 5 L64 0 Z\"\/>\r\n<\/svg><\/div><div class=\"l-section-h i-cf\"><div class=\"g-cols vc_row via_flex valign_top type_default stacking_default\"><div class=\"vc_col-sm-6 wpb_column vc_column_container\"><div class=\"vc_column-inner\"><div class=\"wpb_wrapper\"><div class=\"wpb_text_column\"><div class=\"wpb_wrapper\"><h2 id=\"gestion-digital\">A parte invis\u00edvel: gest\u00e3o, reservas e digitaliza\u00e7\u00e3o<\/h2>\n<p>A vida art\u00edstica do centro convivia com outra parte menos vis\u00edvel para o p\u00fablico: uma gest\u00e3o fortemente digitalizada. A dire\u00e7\u00e3o trabalhava com sistemas de venda e reservas online, controlo de canais e coordena\u00e7\u00e3o da comercializa\u00e7\u00e3o pr\u00f3pria e atrav\u00e9s de parceiros.<\/p>\n<p>A inten\u00e7\u00e3o era que uma sala pequena pudesse funcionar com uma estrutura comercial mais avan\u00e7ada do que o seu tamanho fazia supor. Venda direta, colaboradores, disponibilidade e gest\u00e3o tinham de comunicar entre si para evitar sobrelota\u00e7\u00e3o de vendas e reduzir o trabalho manual.<\/p>\n<p>Essa abordagem n\u00e3o substitu\u00eda a dire\u00e7\u00e3o art\u00edstica. Pelo contr\u00e1rio: procurava libertar tempo operacional para cuidar melhor do elenco, da qualidade das sess\u00f5es e da rela\u00e7\u00e3o com o p\u00fablico.<\/p>\n<\/div><\/div><\/div><\/div><\/div><div class=\"vc_col-sm-6 wpb_column vc_column_container\"><div class=\"vc_column-inner\"><div class=\"wpb_wrapper\"><div class=\"wpb_text_column\"><div class=\"wpb_wrapper\"><h3>Um modelo que continuou depois do espa\u00e7o f\u00edsico<\/h3>\n<p>Parte dessas pr\u00e1ticas de digitaliza\u00e7\u00e3o e organiza\u00e7\u00e3o foi posteriormente transferida para outros projetos ligados ao flamenco em Sevilha. O espa\u00e7o encerrou a atividade, mas algumas das metodologias desenvolvidas nesses anos continuaram a circular.<\/p>\n<p>Este legado \u00e9 menos vis\u00edvel do que uma fotografia do palco, mas ajuda a compreender por que raz\u00e3o o Centro Flamenco de Sevilla foi tamb\u00e9m um pequeno laborat\u00f3rio de gest\u00e3o: <strong>tradi\u00e7\u00e3o art\u00edstica no palco e moderniza\u00e7\u00e3o operacional nos bastidores<\/strong>.<\/p>\n<p>A hist\u00f3ria do flamenco n\u00e3o se constr\u00f3i apenas com estilos, artistas e espet\u00e1culos. Tamb\u00e9m muda atrav\u00e9s da forma como as salas se organizam, vendem, comunicam e criam condi\u00e7\u00f5es para que os artistas possam trabalhar.<\/p>\n<\/div><\/div><\/div><\/div><\/div><\/div><\/div><\/section><section class=\"l-section wpb_row height_huge\"><div class=\"l-section-h i-cf\"><div class=\"g-cols vc_row via_flex valign_top type_default stacking_default\"><div class=\"vc_col-sm-12 wpb_column vc_column_container\"><div class=\"vc_column-inner\"><div class=\"wpb_wrapper\"><div class=\"wpb_text_column\"><div class=\"wpb_wrapper\"><h2 id=\"cronologia-centro\">Cronologia do Centro Flamenco de Sevilla<\/h2>\n<div style=\"overflow-x: auto;\">\n<table>\n<thead>\n<tr>\n<th>Per\u00edodo<\/th>\n<th>O que aconteceu<\/th>\n<th>Por que \u00e9 importante<\/th>\n<\/tr>\n<\/thead>\n<tbody>\n<tr>\n<td><strong>2022<\/strong><\/td>\n<td>Abertura do Centro Flamenco de Sevilla na C\/ Francos 33.<\/td>\n<td>Nasce um tablao de pequeno formato em pleno centro hist\u00f3rico.<\/td>\n<\/tr>\n<tr>\n<td><strong>2022\u20132023<\/strong><\/td>\n<td>Consolida-se uma programa\u00e7\u00e3o di\u00e1ria baseada em cante, baile e guitarra, com artistas de diferentes gera\u00e7\u00f5es.<\/td>\n<td>A sala desenvolve a sua identidade ac\u00fastica, \u00edntima e pr\u00f3xima.<\/td>\n<\/tr>\n<tr>\n<td><strong>2023<\/strong><\/td>\n<td>A presen\u00e7a regular de artistas, visitantes e profissionais transforma o espa\u00e7o num lugar habitual de encontro.<\/td>\n<td>A atividade em torno do palco ganha tanta import\u00e2ncia como a pr\u00f3pria sess\u00e3o.<\/td>\n<\/tr>\n<tr>\n<td><strong>2023\u20132024<\/strong><\/td>\n<td>Consolida-se a gest\u00e3o digital de reservas, vendas pr\u00f3prias e canais parceiros.<\/td>\n<td>O centro combina pequeno formato art\u00edstico com uma gest\u00e3o comercial avan\u00e7ada.<\/td>\n<\/tr>\n<tr>\n<td><strong>2024<\/strong><\/td>\n<td>A etapa do projeto na C\/ Francos termina por quest\u00f5es urban\u00edsticas relacionadas com o espa\u00e7o.<\/td>\n<td>O encerramento interrompe a atividade no local, mas n\u00e3o as rela\u00e7\u00f5es nem as metodologias que nasceram \u00e0 sua volta.<\/td>\n<\/tr>\n<tr>\n<td><strong>Depois<\/strong><\/td>\n<td>Parte da experi\u00eancia art\u00edstica, comercial e digital \u00e9 transferida para outros projetos do setor.<\/td>\n<td>O legado continua para al\u00e9m das paredes da sala.<\/td>\n<\/tr>\n<\/tbody>\n<\/table>\n<\/div>\n<\/div><\/div><\/div><\/div><\/div><\/div><\/div><\/section><section class=\"l-section wpb_row height_huge color_alternate with_shape\"><div class=\"l-section-shape type_zigzag pos_top\" style=\"height:3vmin;\"><svg xmlns=\"http:\/\/www.w3.org\/2000\/svg\" viewBox=\"0 0 64 8\" preserveAspectRatio=\"none\" width=\"100%\" height=\"100%\">\r\n\t<path fill=\"currentColor\" d=\"M64 8 L0 8 L0 0 L20 7.9 L40 3 L48 5 L64 0 Z\"\/>\r\n<\/svg><\/div><div class=\"l-section-shape type_zigzag pos_bottom\" style=\"height:3vmin;\"><svg xmlns=\"http:\/\/www.w3.org\/2000\/svg\" viewBox=\"0 0 64 8\" preserveAspectRatio=\"none\" width=\"100%\" height=\"100%\">\r\n\t<path fill=\"currentColor\" d=\"M64 8 L0 8 L0 0 L20 7.9 L40 3 L48 5 L64 0 Z\"\/>\r\n<\/svg><\/div><div class=\"l-section-h i-cf\"><div class=\"g-cols vc_row via_flex valign_top type_default stacking_default\"><div class=\"vc_col-sm-6 wpb_column vc_column_container\"><div class=\"vc_column-inner\"><div class=\"wpb_wrapper\"><div class=\"wpb_text_column\"><div class=\"wpb_wrapper\"><h2 id=\"legado-centro\">O que significou para o flamenco sevilhano<\/h2>\n<p>Seria insuficiente medir o valor de um espa\u00e7o cultural apenas pelo seu tamanho ou pelos anos de atividade. No caso do Centro Flamenco de Sevilla, a chave est\u00e1 precisamente na despropor\u00e7\u00e3o entre as duas coisas: <strong>uma sala muito pequena com uma rede humana consider\u00e1vel \u00e0 sua volta<\/strong>.<\/p>\n<p>Foi palco profissional, lugar de aprendizagem pr\u00e1tica, ponto de passagem para colegas e espa\u00e7o de conv\u00edvio. Durante pouco mais de dois anos reuniu pessoas que normalmente estavam distribu\u00eddas por diferentes tablaos, teatros, escolas e projetos.<\/p>\n<p>Espa\u00e7os deste tipo cumprem uma fun\u00e7\u00e3o dif\u00edcil de registar em estat\u00edsticas. Criam confian\u00e7a, facilitam encontros e geram mem\u00f3ria comum.<\/p>\n<\/div><\/div><\/div><\/div><\/div><div class=\"vc_col-sm-6 wpb_column vc_column_container\"><div class=\"vc_column-inner\"><div class=\"wpb_wrapper\"><div class=\"wpb_text_column\"><div class=\"wpb_wrapper\"><h3>O que ficou depois do encerramento<\/h3>\n<p>O encerramento por quest\u00f5es urban\u00edsticas p\u00f4s fim \u00e0 etapa f\u00edsica do centro, mas n\u00e3o apagou as rela\u00e7\u00f5es criadas. Muitos dos que ali se encontraram continuaram a cruzar-se noutros palcos e projetos. A experi\u00eancia de dire\u00e7\u00e3o art\u00edstica, comercializa\u00e7\u00e3o e gest\u00e3o tamb\u00e9m continuou a ser aplicada fora do local.<\/p>\n<p>E ficou, sobretudo, uma ideia simples: <strong>um tablao pode ser muito mais do que o lugar onde se realiza um espet\u00e1culo<\/strong>. Quando existem continuidade, proximidade e uma comunidade profissional, pode tornar-se um pequeno centro de gravidade para uma parte da vida flamenca de uma cidade.<\/p>\n<p>Para enquadrar esta hist\u00f3ria num contexto mais amplo, consulte tamb\u00e9m <a href=\"https:\/\/www.tablaosflamencos.com\/que-es-el-flamenco.html\"><strong>o que \u00e9 o flamenco e quais s\u00e3o os seus elementos fundamentais<\/strong><\/a>.<\/p>\n<\/div><\/div><\/div><\/div><\/div><\/div><\/div><\/section><section class=\"l-section wpb_row height_huge\"><div class=\"l-section-h i-cf\"><div class=\"g-cols vc_row via_flex valign_top type_default stacking_default\"><div class=\"vc_col-sm-1\/5 wpb_column vc_column_container\"><div class=\"vc_column-inner\"><div class=\"wpb_wrapper\"><\/div><\/div><\/div><div class=\"vc_col-sm-3\/5 wpb_column vc_column_container\"><div class=\"vc_column-inner\"><div class=\"wpb_wrapper\"><div class=\"wpb_text_column\"><div class=\"wpb_wrapper\"><h2 id=\"faq-centro\">Perguntas frequentes sobre o Centro Flamenco de Sevilla<\/h2>\n<p>Uma s\u00edntese dos principais dados desta etapa do tablao e do seu papel no flamenco sevilhano.<\/p>\n<\/div><\/div><div class=\"w-separator size_medium\"><\/div><div class=\"w-tabs accordion toggle_style_1 has_scrolling\" style=\"--sections-title-size:inherit;--sections-gap:0.5rem;\"><div class=\"w-tabs-sections titles-align_none icon_plus cpos_left\"><div class=\"w-tabs-section\" id=\"hba2\" itemscope itemprop=\"mainEntity\" itemtype=\"https:\/\/schema.org\/Question\"><button type=\"button\" class=\"w-tabs-section-header\" aria-controls=\"content-hba2\" aria-expanded=\"false\"><h3 class=\"w-tabs-section-title\" itemprop=\"name\">Quando abriu o Centro Flamenco de Sevilla?<\/h3><div class=\"w-tabs-section-control\"><\/div><\/button><div  class=\"w-tabs-section-content\" id=\"content-hba2\" itemscope itemprop=\"acceptedAnswer\" itemtype=\"https:\/\/schema.org\/Answer\"><div class=\"w-tabs-section-content-h i-cf\" itemprop=\"text\"><div class=\"wpb_text_column\"><div class=\"wpb_wrapper\"><p>O Centro Flamenco de Sevilla iniciou a sua atividade em <strong>2022<\/strong> na C\/ Francos 33, no centro hist\u00f3rico de Sevilha.<\/p>\n<\/div><\/div><\/div><\/div><\/div><div class=\"w-tabs-section\" id=\"jd1d\" itemscope itemprop=\"mainEntity\" itemtype=\"https:\/\/schema.org\/Question\"><button type=\"button\" class=\"w-tabs-section-header\" aria-controls=\"content-jd1d\" aria-expanded=\"false\"><h3 class=\"w-tabs-section-title\" itemprop=\"name\">Quantas pessoas cabiam na sala?<\/h3><div class=\"w-tabs-section-control\"><\/div><\/button><div  class=\"w-tabs-section-content\" id=\"content-jd1d\" itemscope itemprop=\"acceptedAnswer\" itemtype=\"https:\/\/schema.org\/Answer\"><div class=\"w-tabs-section-content-h i-cf\" itemprop=\"text\"><div class=\"wpb_text_column\"><div class=\"wpb_wrapper\"><p>A documenta\u00e7\u00e3o tur\u00edstica oficial de Sevilha indicava uma <strong>lota\u00e7\u00e3o de 32 pessoas<\/strong>, uma dimens\u00e3o que definia o car\u00e1ter \u00edntimo da experi\u00eancia.<\/p>\n<\/div><\/div><\/div><\/div><\/div><div class=\"w-tabs-section\" id=\"iea2\" itemscope itemprop=\"mainEntity\" itemtype=\"https:\/\/schema.org\/Question\"><button type=\"button\" class=\"w-tabs-section-header\" aria-controls=\"content-iea2\" aria-expanded=\"false\"><h3 class=\"w-tabs-section-title\" itemprop=\"name\">Quem fundou e dirigiu o Centro Flamenco de Sevilla?<\/h3><div class=\"w-tabs-section-control\"><\/div><\/button><div  class=\"w-tabs-section-content\" id=\"content-iea2\" itemscope itemprop=\"acceptedAnswer\" itemtype=\"https:\/\/schema.org\/Answer\"><div class=\"w-tabs-section-content-h i-cf\" itemprop=\"text\"><div class=\"wpb_text_column\"><div class=\"wpb_wrapper\"><p>O projeto foi fundado e dirigido por <strong>Miguel Ortiz<\/strong>, respons\u00e1vel pela dire\u00e7\u00e3o geral e art\u00edstica durante o per\u00edodo de atividade.<\/p>\n<\/div><\/div><\/div><\/div><\/div><div class=\"w-tabs-section\" id=\"i020\" itemscope itemprop=\"mainEntity\" itemtype=\"https:\/\/schema.org\/Question\"><button type=\"button\" class=\"w-tabs-section-header\" aria-controls=\"content-i020\" aria-expanded=\"false\"><h3 class=\"w-tabs-section-title\" itemprop=\"name\">Como eram os espet\u00e1culos?<\/h3><div class=\"w-tabs-section-control\"><\/div><\/button><div  class=\"w-tabs-section-content\" id=\"content-i020\" itemscope itemprop=\"acceptedAnswer\" itemtype=\"https:\/\/schema.org\/Answer\"><div class=\"w-tabs-section-content-h i-cf\" itemprop=\"text\"><div class=\"wpb_text_column\"><div class=\"wpb_wrapper\"><p>O formato baseava-se em <strong>cante, baile e guitarra flamenca<\/strong> numa sala de pequena lota\u00e7\u00e3o, com uma interpreta\u00e7\u00e3o muito pr\u00f3xima do p\u00fablico e uma abordagem ac\u00fastica que favorecia a escuta natural.<\/p>\n<\/div><\/div><\/div><\/div><\/div><div class=\"w-tabs-section\" id=\"q1a3\" itemscope itemprop=\"mainEntity\" itemtype=\"https:\/\/schema.org\/Question\"><button type=\"button\" class=\"w-tabs-section-header\" aria-controls=\"content-q1a3\" aria-expanded=\"false\"><h3 class=\"w-tabs-section-title\" itemprop=\"name\">Por que raz\u00e3o se tornou um ponto de encontro?<\/h3><div class=\"w-tabs-section-control\"><\/div><\/button><div  class=\"w-tabs-section-content\" id=\"content-q1a3\" itemscope itemprop=\"acceptedAnswer\" itemtype=\"https:\/\/schema.org\/Answer\"><div class=\"w-tabs-section-content-h i-cf\" itemprop=\"text\"><div class=\"wpb_text_column\"><div class=\"wpb_wrapper\"><p>Al\u00e9m dos seus pr\u00f3prios artistas, passavam pelo centro colegas de outros tablaos e profissionais do setor. Depois da \u00faltima sess\u00e3o eram frequentes as <strong>tert\u00falias e encontros informais<\/strong> que podiam prolongar-se at\u00e9 de madrugada.<\/p>\n<\/div><\/div><\/div><\/div><\/div><\/div><\/div><div class=\"w-separator size_medium\"><\/div><div class=\"wpb_text_column\"><div class=\"wpb_wrapper\"><h3>Por que raz\u00e3o uma sala t\u00e3o pequena podia ter tanta vida?<\/h3>\n<ul>\n<li>Artistas e p\u00fablico estavam fisicamente muito pr\u00f3ximos.<\/li>\n<li>Havia continuidade di\u00e1ria de atividade.<\/li>\n<li>Int\u00e9rpretes de diferentes gera\u00e7\u00f5es partilhavam o palco.<\/li>\n<li>A dire\u00e7\u00e3o estava envolvida tanto na vertente art\u00edstica como na gest\u00e3o quotidiana.<\/li>\n<li>Profissionais de outros espa\u00e7os passavam frequentemente pelo centro.<\/li>\n<li>O fim do espet\u00e1culo n\u00e3o significava necessariamente o fim do encontro.<\/li>\n<\/ul>\n<p>&nbsp;<\/p>\n<blockquote>\n<p><strong>A ideia essencial:<\/strong> o Centro Flamenco de Sevilla era pequeno em lota\u00e7\u00e3o, mas durante a sua fase ativa funcionava como uma sala com uma vida art\u00edstica e profissional muito maior do que os seus 32 lugares.<\/p>\n<\/blockquote>\n<\/div><\/div><\/div><\/div><\/div><div class=\"vc_col-sm-1\/5 wpb_column vc_column_container\"><div class=\"vc_column-inner\"><div class=\"wpb_wrapper\"><\/div><\/div><\/div><\/div><\/div><\/section><section class=\"l-section wpb_row height_huge color_alternate with_shape\"><div class=\"l-section-shape type_zigzag pos_top hor_flip\" style=\"height:3vmin;\"><svg xmlns=\"http:\/\/www.w3.org\/2000\/svg\" viewBox=\"0 0 64 8\" preserveAspectRatio=\"none\" width=\"100%\" height=\"100%\">\r\n\t<path fill=\"currentColor\" d=\"M64 8 L0 8 L0 0 L20 7.9 L40 3 L48 5 L64 0 Z\"\/>\r\n<\/svg><\/div><div class=\"l-section-shape type_zigzag pos_bottom\" style=\"height:3vmin;\"><svg xmlns=\"http:\/\/www.w3.org\/2000\/svg\" viewBox=\"0 0 64 8\" preserveAspectRatio=\"none\" width=\"100%\" height=\"100%\">\r\n\t<path fill=\"currentColor\" d=\"M64 8 L0 8 L0 0 L20 7.9 L40 3 L48 5 L64 0 Z\"\/>\r\n<\/svg><\/div><div class=\"l-section-h i-cf\"><div class=\"g-cols vc_row via_flex valign_top type_default stacking_default\"><div class=\"vc_col-sm-6 wpb_column vc_column_container\"><div class=\"vc_column-inner\"><div class=\"wpb_wrapper\"><div class=\"wpb_text_column\"><div class=\"wpb_wrapper\"><h2>Uma mem\u00f3ria recente do flamenco em Sevilha<\/h2>\n<p>O Centro Flamenco de Sevilla pertence a uma etapa recente, mas suficientemente intensa para deixar mem\u00f3rias muito concretas: o palco a poucos metros da primeira fila, os artistas \u00e0 espera da sua vez, as conversas no fim, colegas que entravam depois de trabalhar noutras salas e noites que se prolongavam muito para al\u00e9m do hor\u00e1rio de venda.<\/p>\n<p>Nem todos os lugares que programam flamenco chegam a tornar-se lugares de encontro. Para que isso aconte\u00e7a s\u00e3o necess\u00e1rios tempo, confian\u00e7a, continuidade e uma comunidade que sinta o espa\u00e7o como seu.<\/p>\n<p>Durante pouco mais de dois anos, foi isso que aconteceu na C\/ Francos 33.<\/p>\n<\/div><\/div><\/div><\/div><\/div><div class=\"vc_col-sm-6 wpb_column vc_column_container\"><div class=\"vc_column-inner\"><div class=\"wpb_wrapper\"><div class=\"wpb_text_column\"><div class=\"wpb_wrapper\"><h3>Fontes e mem\u00f3ria do projeto<\/h3>\n<p>A exist\u00eancia, localiza\u00e7\u00e3o, hor\u00e1rios e lota\u00e7\u00e3o do Centro Flamenco de Sevilla est\u00e3o documentados em materiais oficiais de turismo de Sevilha publicados durante o seu per\u00edodo de atividade. Pode consultar-se o <a href=\"https:\/\/visitasevilla.es\/wp-content\/uploads\/2024\/04\/Folleto-Flamenco-ESP.pptx-1_compressed.pdf\" target=\"_blank\" rel=\"noopener\"><strong>folheto oficial Flamenco em Sevilha<\/strong><\/a>.<\/p>\n<p>A reconstru\u00e7\u00e3o da vida interna do espa\u00e7o, do seu funcionamento ac\u00fastico, das tert\u00falias posteriores, da conviv\u00eancia entre gera\u00e7\u00f5es e da gest\u00e3o do projeto apoia-se tamb\u00e9m em <strong>documenta\u00e7\u00e3o interna e mem\u00f3ria direta da sua dire\u00e7\u00e3o<\/strong>.<\/p>\n<p><strong>\u00daltima atualiza\u00e7\u00e3o: 4 de setembro de 2026.<\/strong><\/p>\n<\/div><\/div><\/div><\/div><\/div><\/div><\/div><\/section>\n","protected":false},"excerpt":{"rendered":"<p>A hist\u00f3ria do Centro Flamenco de Sevilla na C\/ Francos 33: uma sala \u00edntima que entre 2022 e 2024 reuniu artistas, profissionais e aficionados do flamenco.<\/p>\n","protected":false},"author":1,"featured_media":14456,"comment_status":"closed","ping_status":"closed","sticky":false,"template":"","format":"standard","meta":{"_acf_changed":false,"wpai_generated_summary":"","_ayudawp_aiss_exclude":false,"_ayudawp_aiss_exclude_summary":false,"_ayudawp_aiss_summary":"","_ayudawp_aiss_summary_provider":"","_ayudawp_aiss_summary_hash":"","footnotes":""},"categories":[351],"tags":[1998,1188,1408,1259,492,1260],"class_list":["post-14485","post","type-post","status-publish","format-standard","has-post-thumbnail","hentry","category-tablaos-e-espetaculos-de-flamenco","tag-centro-flamenco-de-sevilla-pt","tag-flamenco-en-sevilla","tag-historia-do-flamenco","tag-sevilla","tag-tablao-flamenco-sevilla","tag-tablaos-de-sevilla"],"acf":[],"yoast_head":"<!-- This site is optimized with the Yoast SEO Premium plugin v28.4 (Yoast SEO v28.4) - https:\/\/yoast.com\/product\/yoast-seo-premium-wordpress\/ -->\n<title>Centro Flamenco de Sevilla: hist\u00f3ria de um ponto de encontro<\/title>\n<meta name=\"description\" content=\"A hist\u00f3ria do Centro Flamenco de Sevilla na C\/ Francos 33: uma sala \u00edntima que entre 2022 e 2024 reuniu artistas, profissionais e aficionados do flamenco.\" \/>\n<meta name=\"robots\" content=\"index, follow, max-snippet:-1, max-image-preview:large, max-video-preview:-1\" \/>\n<link rel=\"canonical\" href=\"https:\/\/www.tablaosflamencos.com\/pt-pt\/centro-flamenco-sevilha-ponto-encontro-flamenco.html\" \/>\n<meta property=\"og:locale\" content=\"pt_PT\" \/>\n<meta property=\"og:type\" content=\"article\" \/>\n<meta property=\"og:title\" content=\"Quando o Centro Flamenco de Sevilla era um ponto de encontro do flamenco na cidade\" \/>\n<meta property=\"og:description\" content=\"A hist\u00f3ria do Centro Flamenco de Sevilla na C\/ Francos 33: uma sala \u00edntima que entre 2022 e 2024 reuniu artistas, profissionais e aficionados do flamenco.\" \/>\n<meta property=\"og:url\" content=\"https:\/\/www.tablaosflamencos.com\/pt-pt\/centro-flamenco-sevilha-ponto-encontro-flamenco.html\" \/>\n<meta property=\"og:site_name\" content=\"Tablaos Flamencos\" \/>\n<meta property=\"article:publisher\" content=\"https:\/\/www.facebook.com\/tablaosflamencos\" \/>\n<meta property=\"article:published_time\" content=\"2026-01-30T17:17:22+00:00\" \/>\n<meta property=\"article:modified_time\" content=\"2026-09-04T16:41:30+00:00\" \/>\n<meta property=\"og:image\" content=\"https:\/\/www.tablaosflamencos.com\/wp-content\/uploads\/centro-flamenco-de-sevilla-01-49.webp\" \/>\n\t<meta property=\"og:image:width\" content=\"1920\" \/>\n\t<meta property=\"og:image:height\" content=\"1280\" \/>\n\t<meta property=\"og:image:type\" content=\"image\/webp\" \/>\n<meta name=\"author\" content=\"Miguel Ortiz\" \/>\n<meta name=\"twitter:card\" content=\"summary_large_image\" \/>\n<meta name=\"twitter:creator\" content=\"@tablaosflamenco\" \/>\n<meta name=\"twitter:site\" content=\"@tablaosflamenco\" \/>\n<meta name=\"twitter:label1\" content=\"Escrito por\" \/>\n\t<meta name=\"twitter:data1\" content=\"Miguel Ortiz\" \/>\n\t<meta name=\"twitter:label2\" content=\"Tempo estimado de leitura\" \/>\n\t<meta name=\"twitter:data2\" content=\"19 minutos\" \/>\n<script type=\"application\/ld+json\" class=\"yoast-schema-graph\">{\"@context\":\"https:\\\/\\\/schema.org\",\"@graph\":[{\"@type\":\"Article\",\"@id\":\"https:\\\/\\\/www.tablaosflamencos.com\\\/pt-pt\\\/centro-flamenco-sevilha-ponto-encontro-flamenco.html#article\",\"isPartOf\":{\"@id\":\"https:\\\/\\\/www.tablaosflamencos.com\\\/pt-pt\\\/centro-flamenco-sevilha-ponto-encontro-flamenco.html\"},\"author\":{\"name\":\"Miguel Ortiz\",\"@id\":\"https:\\\/\\\/www.tablaosflamencos.com\\\/pt-pt#\\\/schema\\\/person\\\/e7a9ebe14eb75a52ceabfbffb3c54f5d\"},\"headline\":\"Quando o Centro Flamenco de Sevilla era um ponto de encontro do flamenco na cidade\",\"datePublished\":\"2026-01-30T17:17:22+00:00\",\"dateModified\":\"2026-09-04T16:41:30+00:00\",\"mainEntityOfPage\":{\"@id\":\"https:\\\/\\\/www.tablaosflamencos.com\\\/pt-pt\\\/centro-flamenco-sevilha-ponto-encontro-flamenco.html\"},\"wordCount\":3796,\"publisher\":{\"@id\":\"https:\\\/\\\/www.tablaosflamencos.com\\\/pt-pt#organization\"},\"image\":{\"@id\":\"https:\\\/\\\/www.tablaosflamencos.com\\\/pt-pt\\\/centro-flamenco-sevilha-ponto-encontro-flamenco.html#primaryimage\"},\"thumbnailUrl\":\"https:\\\/\\\/www.tablaosflamencos.com\\\/wp-content\\\/uploads\\\/centro-flamenco-de-sevilla-01-49.webp\",\"keywords\":[\"Centro Flamenco de Sevilla\",\"flamenco en Sevilla\",\"hist\u00f3ria do flamenco\",\"sevilla\",\"tablao flamenco Sevilla\",\"tablaos de Sevilla\"],\"articleSection\":[\"Tablaos e espet\u00e1culos de flamenco\"],\"inLanguage\":\"pt-PT\"},{\"@type\":\"WebPage\",\"@id\":\"https:\\\/\\\/www.tablaosflamencos.com\\\/pt-pt\\\/centro-flamenco-sevilha-ponto-encontro-flamenco.html\",\"url\":\"https:\\\/\\\/www.tablaosflamencos.com\\\/pt-pt\\\/centro-flamenco-sevilha-ponto-encontro-flamenco.html\",\"name\":\"Centro Flamenco de Sevilla: hist\u00f3ria de um ponto de encontro\",\"isPartOf\":{\"@id\":\"https:\\\/\\\/www.tablaosflamencos.com\\\/pt-pt#website\"},\"primaryImageOfPage\":{\"@id\":\"https:\\\/\\\/www.tablaosflamencos.com\\\/pt-pt\\\/centro-flamenco-sevilha-ponto-encontro-flamenco.html#primaryimage\"},\"image\":{\"@id\":\"https:\\\/\\\/www.tablaosflamencos.com\\\/pt-pt\\\/centro-flamenco-sevilha-ponto-encontro-flamenco.html#primaryimage\"},\"thumbnailUrl\":\"https:\\\/\\\/www.tablaosflamencos.com\\\/wp-content\\\/uploads\\\/centro-flamenco-de-sevilla-01-49.webp\",\"datePublished\":\"2026-01-30T17:17:22+00:00\",\"dateModified\":\"2026-09-04T16:41:30+00:00\",\"description\":\"A hist\u00f3ria do Centro Flamenco de Sevilla na C\\\/ Francos 33: uma sala \u00edntima que entre 2022 e 2024 reuniu artistas, profissionais e aficionados do flamenco.\",\"breadcrumb\":{\"@id\":\"https:\\\/\\\/www.tablaosflamencos.com\\\/pt-pt\\\/centro-flamenco-sevilha-ponto-encontro-flamenco.html#breadcrumb\"},\"inLanguage\":\"pt-PT\",\"potentialAction\":[{\"@type\":\"ReadAction\",\"target\":[\"https:\\\/\\\/www.tablaosflamencos.com\\\/pt-pt\\\/centro-flamenco-sevilha-ponto-encontro-flamenco.html\"]}]},{\"@type\":\"ImageObject\",\"inLanguage\":\"pt-PT\",\"@id\":\"https:\\\/\\\/www.tablaosflamencos.com\\\/pt-pt\\\/centro-flamenco-sevilha-ponto-encontro-flamenco.html#primaryimage\",\"url\":\"https:\\\/\\\/www.tablaosflamencos.com\\\/wp-content\\\/uploads\\\/centro-flamenco-de-sevilla-01-49.webp\",\"contentUrl\":\"https:\\\/\\\/www.tablaosflamencos.com\\\/wp-content\\\/uploads\\\/centro-flamenco-de-sevilla-01-49.webp\",\"width\":1920,\"height\":1280,\"caption\":\"Centro Flamenco de Sevilla\"},{\"@type\":\"BreadcrumbList\",\"@id\":\"https:\\\/\\\/www.tablaosflamencos.com\\\/pt-pt\\\/centro-flamenco-sevilha-ponto-encontro-flamenco.html#breadcrumb\",\"itemListElement\":[{\"@type\":\"ListItem\",\"position\":1,\"name\":\"Home\",\"item\":\"https:\\\/\\\/www.tablaosflamencos.com\\\/pt-pt\"},{\"@type\":\"ListItem\",\"position\":2,\"name\":\"Quando o Centro Flamenco de Sevilla era um ponto de encontro do flamenco na cidade\"}]},{\"@type\":\"WebSite\",\"@id\":\"https:\\\/\\\/www.tablaosflamencos.com\\\/pt-pt#website\",\"url\":\"https:\\\/\\\/www.tablaosflamencos.com\\\/pt-pt\",\"name\":\"Tablaos Flamencos\",\"description\":\"Entradas para tablaos flamencos de Espa\u00f1a\",\"publisher\":{\"@id\":\"https:\\\/\\\/www.tablaosflamencos.com\\\/pt-pt#organization\"},\"alternateName\":\"Tablaos Flamencos\",\"potentialAction\":[{\"@type\":\"SearchAction\",\"target\":{\"@type\":\"EntryPoint\",\"urlTemplate\":\"https:\\\/\\\/www.tablaosflamencos.com\\\/pt-pt?s={search_term_string}\"},\"query-input\":{\"@type\":\"PropertyValueSpecification\",\"valueRequired\":true,\"valueName\":\"search_term_string\"}}],\"inLanguage\":\"pt-PT\"},{\"@type\":[\"Organization\",\"Place\",\"EntertainmentBusiness\"],\"@id\":\"https:\\\/\\\/www.tablaosflamencos.com\\\/pt-pt#organization\",\"name\":\"Tablaos Flamencos\",\"alternateName\":\"Tablaos Flamencos\",\"url\":\"https:\\\/\\\/www.tablaosflamencos.com\\\/pt-pt\",\"logo\":{\"@id\":\"https:\\\/\\\/www.tablaosflamencos.com\\\/pt-pt\\\/centro-flamenco-sevilha-ponto-encontro-flamenco.html#local-main-organization-logo\"},\"image\":{\"@id\":\"https:\\\/\\\/www.tablaosflamencos.com\\\/pt-pt\\\/centro-flamenco-sevilha-ponto-encontro-flamenco.html#local-main-organization-logo\"},\"sameAs\":[\"https:\\\/\\\/www.facebook.com\\\/tablaosflamencos\",\"https:\\\/\\\/x.com\\\/tablaosflamenco\",\"https:\\\/\\\/mastodon.social\\\/@tablaosflamencos\",\"https:\\\/\\\/www.instagram.com\\\/tablaosflamencos\",\"https:\\\/\\\/tiktok.com\\\/@tablaosflamencos\",\"https:\\\/\\\/www.linkedin.com\\\/company\\\/109408238\\\/\"],\"description\":\"Venta de entradas para espect\u00e1culos flamencos\",\"legalName\":\"Tablaos Flamencos\",\"foundingDate\":\"2015-01-01\",\"numberOfEmployees\":{\"@type\":\"QuantitativeValue\",\"minValue\":\"1\",\"maxValue\":\"10\"},\"address\":{\"@id\":\"https:\\\/\\\/www.tablaosflamencos.com\\\/pt-pt\\\/centro-flamenco-sevilha-ponto-encontro-flamenco.html#local-main-place-address\"},\"geo\":{\"@type\":\"GeoCoordinates\",\"latitude\":\"37.3868072\",\"longitude\":\"-5.993280299999999\"},\"telephone\":[\"+34623787787\"],\"contactPoint\":{\"@type\":\"ContactPoint\",\"telephone\":\"+34623787787\",\"email\":\"info@tablaosflamencos.com\"},\"openingHoursSpecification\":{\"@type\":\"OpeningHoursSpecification\",\"dayOfWeek\":[\"Monday\",\"Tuesday\",\"Wednesday\",\"Thursday\",\"Friday\",\"Saturday\",\"Sunday\"],\"opens\":\"00:00\",\"closes\":\"23:59\"},\"email\":\"info@tablaosflamencos.com\",\"priceRange\":\"$$$\",\"currenciesAccepted\":\"\u20ac\"},{\"@type\":\"Person\",\"@id\":\"https:\\\/\\\/www.tablaosflamencos.com\\\/pt-pt#\\\/schema\\\/person\\\/e7a9ebe14eb75a52ceabfbffb3c54f5d\",\"name\":\"Miguel Ortiz\",\"description\":\"Miguel Ortiz es un empresario flamenco, con una s\u00f3lida trayectoria dentro del sector. Ha presidido entidades culturales vinculadas al flamenco y, cuenta con un amplio recorrido profesional en la gesti\u00f3n y promoci\u00f3n de espect\u00e1culos y tablaos flamencos. Su pasi\u00f3n por la historia y el arte flamenco se refleja en cada art\u00edculo, donde combina experiencia, criterio y un profundo respeto por la tradici\u00f3n.\",\"sameAs\":[\"https:\\\/\\\/www.tablaosflamencos.com\",\"https:\\\/\\\/www.instagra.com\\\/miguelortizfe\",\"https:\\\/\\\/www.linkedin.com\\\/in\\\/miguelortizf\\\/\"],\"birthDate\":\"1984-11-22\",\"gender\":\"hombre\",\"knowsLanguage\":[\"espa\u00f1ol\",\"ingl\u00e9s\"],\"jobTitle\":\"Empresario flamenco\"},{\"@type\":\"PostalAddress\",\"@id\":\"https:\\\/\\\/www.tablaosflamencos.com\\\/pt-pt\\\/centro-flamenco-sevilha-ponto-encontro-flamenco.html#local-main-place-address\",\"streetAddress\":\"C\\\/ Alemanes, 19\",\"addressLocality\":\"Sevilla\",\"postalCode\":\"41004\",\"addressRegion\":\"Sevilla\",\"addressCountry\":\"ES\"},{\"@type\":\"ImageObject\",\"inLanguage\":\"pt-PT\",\"@id\":\"https:\\\/\\\/www.tablaosflamencos.com\\\/pt-pt\\\/centro-flamenco-sevilha-ponto-encontro-flamenco.html#local-main-organization-logo\",\"url\":\"https:\\\/\\\/www.tablaosflamencos.com\\\/wp-content\\\/uploads\\\/tablaos-flamencos-06-3.webp\",\"contentUrl\":\"https:\\\/\\\/www.tablaosflamencos.com\\\/wp-content\\\/uploads\\\/tablaos-flamencos-06-3.webp\",\"width\":600,\"height\":620,\"caption\":\"Tablaos Flamencos\"}]}<\/script>\n<meta name=\"geo.placename\" content=\"Sevilla\" \/>\n<meta name=\"geo.position\" content=\"37.3868072;-5.993280299999999\" \/>\n<meta name=\"geo.region\" content=\"Espanha\" \/>\n<!-- \/ Yoast SEO Premium plugin. -->","yoast_head_json":{"title":"Centro Flamenco de Sevilla: hist\u00f3ria de um ponto de encontro","description":"A hist\u00f3ria do Centro Flamenco de Sevilla na C\/ Francos 33: uma sala \u00edntima que entre 2022 e 2024 reuniu artistas, profissionais e aficionados do flamenco.","robots":{"index":"index","follow":"follow","max-snippet":"max-snippet:-1","max-image-preview":"max-image-preview:large","max-video-preview":"max-video-preview:-1"},"canonical":"https:\/\/www.tablaosflamencos.com\/pt-pt\/centro-flamenco-sevilha-ponto-encontro-flamenco.html","og_locale":"pt_PT","og_type":"article","og_title":"Quando o Centro Flamenco de Sevilla era um ponto de encontro do flamenco na cidade","og_description":"A hist\u00f3ria do Centro Flamenco de Sevilla na C\/ Francos 33: uma sala \u00edntima que entre 2022 e 2024 reuniu artistas, profissionais e aficionados do flamenco.","og_url":"https:\/\/www.tablaosflamencos.com\/pt-pt\/centro-flamenco-sevilha-ponto-encontro-flamenco.html","og_site_name":"Tablaos Flamencos","article_publisher":"https:\/\/www.facebook.com\/tablaosflamencos","article_published_time":"2026-01-30T17:17:22+00:00","article_modified_time":"2026-09-04T16:41:30+00:00","og_image":[{"width":1920,"height":1280,"url":"https:\/\/www.tablaosflamencos.com\/wp-content\/uploads\/centro-flamenco-de-sevilla-01-49.webp","type":"image\/webp"}],"author":"Miguel Ortiz","twitter_card":"summary_large_image","twitter_creator":"@tablaosflamenco","twitter_site":"@tablaosflamenco","twitter_misc":{"Escrito por":"Miguel Ortiz","Tempo estimado de leitura":"19 minutos"},"schema":{"@context":"https:\/\/schema.org","@graph":[{"@type":"Article","@id":"https:\/\/www.tablaosflamencos.com\/pt-pt\/centro-flamenco-sevilha-ponto-encontro-flamenco.html#article","isPartOf":{"@id":"https:\/\/www.tablaosflamencos.com\/pt-pt\/centro-flamenco-sevilha-ponto-encontro-flamenco.html"},"author":{"name":"Miguel Ortiz","@id":"https:\/\/www.tablaosflamencos.com\/pt-pt#\/schema\/person\/e7a9ebe14eb75a52ceabfbffb3c54f5d"},"headline":"Quando o Centro Flamenco de Sevilla era um ponto de encontro do flamenco na cidade","datePublished":"2026-01-30T17:17:22+00:00","dateModified":"2026-09-04T16:41:30+00:00","mainEntityOfPage":{"@id":"https:\/\/www.tablaosflamencos.com\/pt-pt\/centro-flamenco-sevilha-ponto-encontro-flamenco.html"},"wordCount":3796,"publisher":{"@id":"https:\/\/www.tablaosflamencos.com\/pt-pt#organization"},"image":{"@id":"https:\/\/www.tablaosflamencos.com\/pt-pt\/centro-flamenco-sevilha-ponto-encontro-flamenco.html#primaryimage"},"thumbnailUrl":"https:\/\/www.tablaosflamencos.com\/wp-content\/uploads\/centro-flamenco-de-sevilla-01-49.webp","keywords":["Centro Flamenco de Sevilla","flamenco en Sevilla","hist\u00f3ria do flamenco","sevilla","tablao flamenco Sevilla","tablaos de Sevilla"],"articleSection":["Tablaos e espet\u00e1culos de flamenco"],"inLanguage":"pt-PT"},{"@type":"WebPage","@id":"https:\/\/www.tablaosflamencos.com\/pt-pt\/centro-flamenco-sevilha-ponto-encontro-flamenco.html","url":"https:\/\/www.tablaosflamencos.com\/pt-pt\/centro-flamenco-sevilha-ponto-encontro-flamenco.html","name":"Centro Flamenco de Sevilla: hist\u00f3ria de um ponto de encontro","isPartOf":{"@id":"https:\/\/www.tablaosflamencos.com\/pt-pt#website"},"primaryImageOfPage":{"@id":"https:\/\/www.tablaosflamencos.com\/pt-pt\/centro-flamenco-sevilha-ponto-encontro-flamenco.html#primaryimage"},"image":{"@id":"https:\/\/www.tablaosflamencos.com\/pt-pt\/centro-flamenco-sevilha-ponto-encontro-flamenco.html#primaryimage"},"thumbnailUrl":"https:\/\/www.tablaosflamencos.com\/wp-content\/uploads\/centro-flamenco-de-sevilla-01-49.webp","datePublished":"2026-01-30T17:17:22+00:00","dateModified":"2026-09-04T16:41:30+00:00","description":"A hist\u00f3ria do Centro Flamenco de Sevilla na C\/ Francos 33: uma sala \u00edntima que entre 2022 e 2024 reuniu artistas, profissionais e aficionados do flamenco.","breadcrumb":{"@id":"https:\/\/www.tablaosflamencos.com\/pt-pt\/centro-flamenco-sevilha-ponto-encontro-flamenco.html#breadcrumb"},"inLanguage":"pt-PT","potentialAction":[{"@type":"ReadAction","target":["https:\/\/www.tablaosflamencos.com\/pt-pt\/centro-flamenco-sevilha-ponto-encontro-flamenco.html"]}]},{"@type":"ImageObject","inLanguage":"pt-PT","@id":"https:\/\/www.tablaosflamencos.com\/pt-pt\/centro-flamenco-sevilha-ponto-encontro-flamenco.html#primaryimage","url":"https:\/\/www.tablaosflamencos.com\/wp-content\/uploads\/centro-flamenco-de-sevilla-01-49.webp","contentUrl":"https:\/\/www.tablaosflamencos.com\/wp-content\/uploads\/centro-flamenco-de-sevilla-01-49.webp","width":1920,"height":1280,"caption":"Centro Flamenco de Sevilla"},{"@type":"BreadcrumbList","@id":"https:\/\/www.tablaosflamencos.com\/pt-pt\/centro-flamenco-sevilha-ponto-encontro-flamenco.html#breadcrumb","itemListElement":[{"@type":"ListItem","position":1,"name":"Home","item":"https:\/\/www.tablaosflamencos.com\/pt-pt"},{"@type":"ListItem","position":2,"name":"Quando o Centro Flamenco de Sevilla era um ponto de encontro do flamenco na cidade"}]},{"@type":"WebSite","@id":"https:\/\/www.tablaosflamencos.com\/pt-pt#website","url":"https:\/\/www.tablaosflamencos.com\/pt-pt","name":"Tablaos Flamencos","description":"Entradas para tablaos flamencos de Espa\u00f1a","publisher":{"@id":"https:\/\/www.tablaosflamencos.com\/pt-pt#organization"},"alternateName":"Tablaos Flamencos","potentialAction":[{"@type":"SearchAction","target":{"@type":"EntryPoint","urlTemplate":"https:\/\/www.tablaosflamencos.com\/pt-pt?s={search_term_string}"},"query-input":{"@type":"PropertyValueSpecification","valueRequired":true,"valueName":"search_term_string"}}],"inLanguage":"pt-PT"},{"@type":["Organization","Place","EntertainmentBusiness"],"@id":"https:\/\/www.tablaosflamencos.com\/pt-pt#organization","name":"Tablaos Flamencos","alternateName":"Tablaos Flamencos","url":"https:\/\/www.tablaosflamencos.com\/pt-pt","logo":{"@id":"https:\/\/www.tablaosflamencos.com\/pt-pt\/centro-flamenco-sevilha-ponto-encontro-flamenco.html#local-main-organization-logo"},"image":{"@id":"https:\/\/www.tablaosflamencos.com\/pt-pt\/centro-flamenco-sevilha-ponto-encontro-flamenco.html#local-main-organization-logo"},"sameAs":["https:\/\/www.facebook.com\/tablaosflamencos","https:\/\/x.com\/tablaosflamenco","https:\/\/mastodon.social\/@tablaosflamencos","https:\/\/www.instagram.com\/tablaosflamencos","https:\/\/tiktok.com\/@tablaosflamencos","https:\/\/www.linkedin.com\/company\/109408238\/"],"description":"Venta de entradas para espect\u00e1culos flamencos","legalName":"Tablaos Flamencos","foundingDate":"2015-01-01","numberOfEmployees":{"@type":"QuantitativeValue","minValue":"1","maxValue":"10"},"address":{"@id":"https:\/\/www.tablaosflamencos.com\/pt-pt\/centro-flamenco-sevilha-ponto-encontro-flamenco.html#local-main-place-address"},"geo":{"@type":"GeoCoordinates","latitude":"37.3868072","longitude":"-5.993280299999999"},"telephone":["+34623787787"],"contactPoint":{"@type":"ContactPoint","telephone":"+34623787787","email":"info@tablaosflamencos.com"},"openingHoursSpecification":{"@type":"OpeningHoursSpecification","dayOfWeek":["Monday","Tuesday","Wednesday","Thursday","Friday","Saturday","Sunday"],"opens":"00:00","closes":"23:59"},"email":"info@tablaosflamencos.com","priceRange":"$$$","currenciesAccepted":"\u20ac"},{"@type":"Person","@id":"https:\/\/www.tablaosflamencos.com\/pt-pt#\/schema\/person\/e7a9ebe14eb75a52ceabfbffb3c54f5d","name":"Miguel Ortiz","description":"Miguel Ortiz es un empresario flamenco, con una s\u00f3lida trayectoria dentro del sector. Ha presidido entidades culturales vinculadas al flamenco y, cuenta con un amplio recorrido profesional en la gesti\u00f3n y promoci\u00f3n de espect\u00e1culos y tablaos flamencos. Su pasi\u00f3n por la historia y el arte flamenco se refleja en cada art\u00edculo, donde combina experiencia, criterio y un profundo respeto por la tradici\u00f3n.","sameAs":["https:\/\/www.tablaosflamencos.com","https:\/\/www.instagra.com\/miguelortizfe","https:\/\/www.linkedin.com\/in\/miguelortizf\/"],"birthDate":"1984-11-22","gender":"hombre","knowsLanguage":["espa\u00f1ol","ingl\u00e9s"],"jobTitle":"Empresario flamenco"},{"@type":"PostalAddress","@id":"https:\/\/www.tablaosflamencos.com\/pt-pt\/centro-flamenco-sevilha-ponto-encontro-flamenco.html#local-main-place-address","streetAddress":"C\/ Alemanes, 19","addressLocality":"Sevilla","postalCode":"41004","addressRegion":"Sevilla","addressCountry":"ES"},{"@type":"ImageObject","inLanguage":"pt-PT","@id":"https:\/\/www.tablaosflamencos.com\/pt-pt\/centro-flamenco-sevilha-ponto-encontro-flamenco.html#local-main-organization-logo","url":"https:\/\/www.tablaosflamencos.com\/wp-content\/uploads\/tablaos-flamencos-06-3.webp","contentUrl":"https:\/\/www.tablaosflamencos.com\/wp-content\/uploads\/tablaos-flamencos-06-3.webp","width":600,"height":620,"caption":"Tablaos Flamencos"}]},"geo.placename":"Sevilla","geo.position":{"lat":"37.3868072","long":"-5.993280299999999"},"geo.region":"Espanha"},"_links":{"self":[{"href":"https:\/\/www.tablaosflamencos.com\/pt-pt\/wp-json\/wp\/v2\/posts\/14485","targetHints":{"allow":["GET"]}}],"collection":[{"href":"https:\/\/www.tablaosflamencos.com\/pt-pt\/wp-json\/wp\/v2\/posts"}],"about":[{"href":"https:\/\/www.tablaosflamencos.com\/pt-pt\/wp-json\/wp\/v2\/types\/post"}],"author":[{"embeddable":true,"href":"https:\/\/www.tablaosflamencos.com\/pt-pt\/wp-json\/wp\/v2\/users\/1"}],"replies":[{"embeddable":true,"href":"https:\/\/www.tablaosflamencos.com\/pt-pt\/wp-json\/wp\/v2\/comments?post=14485"}],"version-history":[{"count":2,"href":"https:\/\/www.tablaosflamencos.com\/pt-pt\/wp-json\/wp\/v2\/posts\/14485\/revisions"}],"predecessor-version":[{"id":14498,"href":"https:\/\/www.tablaosflamencos.com\/pt-pt\/wp-json\/wp\/v2\/posts\/14485\/revisions\/14498"}],"wp:featuredmedia":[{"embeddable":true,"href":"https:\/\/www.tablaosflamencos.com\/pt-pt\/wp-json\/wp\/v2\/media\/14456"}],"wp:attachment":[{"href":"https:\/\/www.tablaosflamencos.com\/pt-pt\/wp-json\/wp\/v2\/media?parent=14485"}],"wp:term":[{"taxonomy":"category","embeddable":true,"href":"https:\/\/www.tablaosflamencos.com\/pt-pt\/wp-json\/wp\/v2\/categories?post=14485"},{"taxonomy":"post_tag","embeddable":true,"href":"https:\/\/www.tablaosflamencos.com\/pt-pt\/wp-json\/wp\/v2\/tags?post=14485"}],"curies":[{"name":"wp","href":"https:\/\/api.w.org\/{rel}","templated":true}]}}