{"id":14389,"date":"2026-09-04T17:00:57","date_gmt":"2026-09-04T15:00:57","guid":{"rendered":"https:\/\/www.tablaosflamencos.com\/?p=14389"},"modified":"2026-09-04T17:31:33","modified_gmt":"2026-09-04T15:31:33","slug":"festival-cante-jondo-antonio-mairena-2026-desde-sevilha","status":"publish","type":"post","link":"https:\/\/www.tablaosflamencos.com\/pt-pt\/festival-cante-jondo-antonio-mairena-2026-desde-sevilha.html","title":{"rendered":"Festival de Cante Jondo Antonio Mairena 2026: programa, bilhetes e como chegar desde Sevilha"},"content":{"rendered":"<section class=\"l-section wpb_row height_huge\"><div class=\"l-section-h i-cf\"><div class=\"g-cols vc_row via_flex valign_middle type_default stacking_default\"><div class=\"vc_col-sm-6 wpb_column vc_column_container\"><div class=\"vc_column-inner\"><div class=\"wpb_wrapper\"><div class=\"wpb_text_column\"><div class=\"wpb_wrapper\"><h2>Um dos grandes encontros do cante jondo a menos de uma hora de Sevilha<\/h2>\n<p>O <strong>Festival de Cante Jondo Antonio Mairena 2026<\/strong> celebra a sua 65.\u00aa edi\u00e7\u00e3o de <strong>1 a 5 de setembro de 2026<\/strong> em Mairena del Alcor. Declarado Festa de Interesse Tur\u00edstico da Andaluzia, re\u00fane durante cinco dias cante, dan\u00e7a, guitarra, confer\u00eancias e atividades formativas em v\u00e1rios espa\u00e7os desta localidade da prov\u00edncia de Sevilha.<\/p>\n<p>A edi\u00e7\u00e3o de 2026 \u00e9 dedicada ao cantaor <strong>Diego Clavel<\/strong> e culmina no s\u00e1bado, 5 de setembro, com uma grande gala no Auditorio Municipal Manuel Mairena. O cartaz inclui Jos\u00e9 Merc\u00e9, La Macanita, Juan de Mairena, Roc\u00edo Luna e Farruquito, acompanhados por guitarristas e artistas de acompanhamento de primeiro n\u00edvel.<\/p>\n<p>Neste guia reunimos o programa completo, os pre\u00e7os e pontos oficiais de venda de bilhetes, os espa\u00e7os do festival e as op\u00e7\u00f5es mais pr\u00e1ticas para chegar a Mairena del Alcor desde Sevilha.<\/p>\n<\/div><\/div><\/div><\/div><\/div><div class=\"vc_col-sm-6 wpb_column vc_column_container\"><div class=\"vc_column-inner\"><div class=\"wpb_wrapper\"><div class=\"wpb_text_column\"><div class=\"wpb_wrapper\"><blockquote>\n<p style=\"margin: 0;\"><strong>Resposta r\u00e1pida:<\/strong> o Festival de Cante Jondo Antonio Mairena 2026 realiza-se de 1 a 5 de setembro em Mairena del Alcor. A grande gala ser\u00e1 no s\u00e1bado, dia 5, \u00e0s 22:00, no Auditorio Municipal Manuel Mairena, com Jos\u00e9 Merc\u00e9, La Macanita, Juan de Mairena, Roc\u00edo Luna e Farruquito. Os bilhetes custam a partir de 10 euros e s\u00e3o vendidos atrav\u00e9s dos canais oficiais da C\u00e2mara Municipal e da Giglon.<\/p>\n<\/blockquote>\n<\/div><\/div><\/div><\/div><\/div><\/div><\/div><\/section><section class=\"l-section wpb_row height_huge\"><div class=\"l-section-h i-cf\"><div class=\"g-cols vc_row via_flex valign_top type_default stacking_default\"><div class=\"vc_col-sm-3 wpb_column vc_column_container\"><div class=\"vc_column-inner\"><div class=\"wpb_wrapper\"><\/div><\/div><\/div><div class=\"vc_col-sm-6 wpb_column vc_column_container\"><div class=\"vc_column-inner\"><div class=\"wpb_wrapper\"><div class=\"wpb_text_column\"><div class=\"wpb_wrapper\"><h2>Conte\u00fado deste guia<\/h2>\n<ul>\n<li><a href=\"#datos-clave\">Dados essenciais do Festival Antonio Mairena 2026<\/a><\/li>\n<li><a href=\"#programacion\">Programa completo de 1 a 5 de setembro<\/a><\/li>\n<li><a href=\"#gala\">A grande gala de s\u00e1bado, dia 5<\/a><\/li>\n<li><a href=\"#concurso\">O Concurso Nacional transformado em festival<\/a><\/li>\n<li><a href=\"#entradas\">Bilhetes, pre\u00e7os e onde comprar<\/a><\/li>\n<li><a href=\"#espacios\">Onde se realiza<\/a><\/li>\n<li><a href=\"#desde-sevilla\">Como chegar desde Sevilha<\/a><\/li>\n<li><a href=\"#consejos\">Conselhos pr\u00e1ticos<\/a><\/li>\n<li><a href=\"#faq\">Perguntas frequentes<\/a><\/li>\n<\/ul>\n<\/div><\/div><\/div><\/div><\/div><div class=\"vc_col-sm-3 wpb_column vc_column_container\"><div class=\"vc_column-inner\"><div class=\"wpb_wrapper\"><\/div><\/div><\/div><\/div><\/div><\/section><section class=\"l-section wpb_row height_huge color_alternate with_shape\"><div class=\"l-section-shape type_zigzag pos_top hor_flip\" style=\"height:3vmin;\"><svg xmlns=\"http:\/\/www.w3.org\/2000\/svg\" viewBox=\"0 0 64 8\" preserveAspectRatio=\"none\" width=\"100%\" height=\"100%\">\r\n\t<path fill=\"currentColor\" d=\"M64 8 L0 8 L0 0 L20 7.9 L40 3 L48 5 L64 0 Z\"\/>\r\n<\/svg><\/div><div class=\"l-section-shape type_zigzag pos_bottom\" style=\"height:3vmin;\"><svg xmlns=\"http:\/\/www.w3.org\/2000\/svg\" viewBox=\"0 0 64 8\" preserveAspectRatio=\"none\" width=\"100%\" height=\"100%\">\r\n\t<path fill=\"currentColor\" d=\"M64 8 L0 8 L0 0 L20 7.9 L40 3 L48 5 L64 0 Z\"\/>\r\n<\/svg><\/div><div class=\"l-section-h i-cf\"><div class=\"g-cols vc_row via_flex valign_top type_default stacking_default\"><div class=\"vc_col-sm-12 wpb_column vc_column_container\"><div class=\"vc_column-inner\"><div class=\"wpb_wrapper\"><div class=\"wpb_text_column\"><div class=\"wpb_wrapper\"><h2 id=\"datos-clave\">Festival de Cante Jondo Antonio Mairena 2026: dados essenciais<\/h2>\n<table>\n<tbody>\n<tr>\n<td><strong>Edi\u00e7\u00e3o<\/strong><\/td>\n<td>LXV, 65.\u00aa edi\u00e7\u00e3o<\/td>\n<\/tr>\n<tr>\n<td><strong>Datas<\/strong><\/td>\n<td>1\u20135 de setembro de 2026<\/td>\n<\/tr>\n<tr>\n<td><strong>Localidade<\/strong><\/td>\n<td>Mairena del Alcor, Sevilha<\/td>\n<\/tr>\n<tr>\n<td><strong>Homenageado<\/strong><\/td>\n<td>Diego Clavel<\/td>\n<\/tr>\n<tr>\n<td><strong>Gala principal<\/strong><\/td>\n<td>S\u00e1bado, 5 de setembro, 22:00<\/td>\n<\/tr>\n<tr>\n<td><strong>Local da gala<\/strong><\/td>\n<td>Auditorio Municipal Manuel Mairena<\/td>\n<\/tr>\n<tr>\n<td><strong>Pre\u00e7o<\/strong><\/td>\n<td>Desde 10 \u20ac; gala desde 15 \u20ac<\/td>\n<\/tr>\n<tr>\n<td><strong>Venda<\/strong><\/td>\n<td>C\u00e2mara Municipal de Mairena del Alcor, Giglon e venda presencial<\/td>\n<\/tr>\n<\/tbody>\n<\/table>\n<p>O festival nasceu em 1962 e consolidou-se como uma das refer\u00eancias hist\u00f3ricas do calend\u00e1rio flamenco andaluz. A sua rela\u00e7\u00e3o com Antonio Mairena e com a tradi\u00e7\u00e3o de cante de Los Alcores faz com que mantenha uma identidade especialmente ligada ao cante, embora o programa atual tamb\u00e9m abra espa\u00e7o \u00e0 dan\u00e7a, \u00e0 guitarra, \u00e0 forma\u00e7\u00e3o e \u00e0 divulga\u00e7\u00e3o.<\/p>\n<\/div><\/div><\/div><\/div><\/div><\/div><\/div><\/section><section class=\"l-section wpb_row height_huge\"><div class=\"l-section-h i-cf\"><div class=\"g-cols vc_row via_flex valign_top type_default stacking_default\"><div class=\"vc_col-sm-12 wpb_column vc_column_container\"><div class=\"vc_column-inner\"><div class=\"wpb_wrapper\"><div class=\"wpb_text_column\"><div class=\"wpb_wrapper\"><h2 id=\"programacion\">Programa completo do Festival Antonio Mairena 2026<\/h2>\n<h3>Ter\u00e7a-feira, 1 de setembro: abertura e homenagem a Diego Clavel<\/h3>\n<p><strong>Casa Palacio de los Duques de Arcos.<\/strong><\/p>\n<ul>\n<li><strong>21:00:<\/strong> inaugura\u00e7\u00e3o oficial do LXV Festival de Cante Jondo Antonio Mairena.<\/li>\n<li><strong>21:15:<\/strong> confer\u00eancia \u00abDiego Clavel, \u00e9tica e est\u00e9tica\u00bb, por Pedro Lopeh.<\/li>\n<li><strong>22:30:<\/strong> recital de Rubito de Par\u00e1, acompanhado \u00e0 guitarra por Antonio Carri\u00f3n.<\/li>\n<\/ul>\n<p>A primeira noite coloca o homenageado no centro da edi\u00e7\u00e3o e combina reflex\u00e3o e cante. Diego Clavel mant\u00e9m uma rela\u00e7\u00e3o hist\u00f3rica com o certame: venceu o Concurso de Cante Jondo Antonio Mairena em 1970.<\/p>\n<h3>Quarta-feira, 2 de setembro: Ballet Flamenco de Andaluc\u00eda<\/h3>\n<p><strong>Teatro Municipal Calixto S\u00e1nchez, 21:30.<\/strong> O Ballet Flamenco de Andaluc\u00eda apresenta <em>Flamenco Patrimonio<\/em>, um espet\u00e1culo centrado nas ra\u00edzes, na transmiss\u00e3o e na evolu\u00e7\u00e3o do flamenco.<\/p>\n<h3>Quinta-feira, 3 de setembro: forma\u00e7\u00e3o, mem\u00f3ria e guitarra<\/h3>\n<p>A jornada divide-se entre o Teatro Municipal Calixto S\u00e1nchez e a Casa Palacio de los Duques de Arcos.<\/p>\n<ul>\n<li><strong>11:00:<\/strong> masterclass gratuita de dan\u00e7a com Alejandro Rodr\u00edguez, com lugares limitados.<\/li>\n<li><strong>21:00:<\/strong> encontro \u00abRomerito de Jerez, quase um s\u00e9culo de testemunho flamenco\u00bb, com Romerito de Jerez e Juan Garrido.<\/li>\n<li><strong>22:30:<\/strong> recital de guitarra de Diego del Morao.<\/li>\n<\/ul>\n<p>O recital de Diego del Morao \u00e9 um dos momentos especialmente atrativos para os apreciadores de guitarra: pertence a uma das grandes fam\u00edlias guitarr\u00edsticas de Jerez e a sua linguagem combina tradi\u00e7\u00e3o, personalidade e uma sonoridade plenamente contempor\u00e2nea.<\/p>\n<h3 id=\"concurso\">Sexta-feira, 4 de setembro: LXIV Concurso Nacional de Cante Jondo<\/h3>\n<p>Em 2026, o concurso competitivo \u00e9 excecionalmente transformado em <strong>\u00abO concurso transformado em festival\u00bb<\/strong>, um encontro de vencedores de anos anteriores dedicado a Aurora Vargas.<\/p>\n<p>A partir das 22:00 atuar\u00e3o Remedios Reyes com Julio Romero; Ana La Yiya com Antonio Garc\u00eda; Caracolillo de C\u00e1diz com Nono Reyes; Manuel C\u00e1stulo com Manolo Herrera; e Rubio de Pruna com Marcos de Silva. A noite inclui ainda a dan\u00e7a de Mar\u00eda T\u00e1vora e do seu grupo, as palmas de Cepa N\u00fa\u00f1ez e Manuel Vinaza e a apresenta\u00e7\u00e3o de Juan Garrido.<\/p>\n<\/div><\/div><\/div><\/div><\/div><\/div><\/div><\/section><section class=\"l-section wpb_row height_huge color_alternate with_shape\"><div class=\"l-section-shape type_zigzag pos_top hor_flip\" style=\"height:3vmin;\"><svg xmlns=\"http:\/\/www.w3.org\/2000\/svg\" viewBox=\"0 0 64 8\" preserveAspectRatio=\"none\" width=\"100%\" height=\"100%\">\r\n\t<path fill=\"currentColor\" d=\"M64 8 L0 8 L0 0 L20 7.9 L40 3 L48 5 L64 0 Z\"\/>\r\n<\/svg><\/div><div class=\"l-section-shape type_zigzag pos_bottom\" style=\"height:3vmin;\"><svg xmlns=\"http:\/\/www.w3.org\/2000\/svg\" viewBox=\"0 0 64 8\" preserveAspectRatio=\"none\" width=\"100%\" height=\"100%\">\r\n\t<path fill=\"currentColor\" d=\"M64 8 L0 8 L0 0 L20 7.9 L40 3 L48 5 L64 0 Z\"\/>\r\n<\/svg><\/div><div class=\"l-section-h i-cf\"><div class=\"g-cols vc_row via_flex valign_top type_default stacking_default\"><div class=\"vc_col-sm-12 wpb_column vc_column_container\"><div class=\"vc_column-inner\"><div class=\"wpb_wrapper\"><div class=\"wpb_text_column\"><div class=\"wpb_wrapper\"><h2 id=\"gala\">S\u00e1bado, 5 de setembro: a grande Gala do Festival<\/h2>\n<p><strong>Auditorio Municipal Manuel Mairena, 22:00.<\/strong><\/p>\n<p>A grande noite da LXV edi\u00e7\u00e3o re\u00fane um cartaz pensado para combinar diferentes gera\u00e7\u00f5es e linguagens do flamenco.<\/p>\n<ul>\n<li><strong>No cante:<\/strong> Jos\u00e9 Merc\u00e9, La Macanita, Juan de Mairena e Roc\u00edo Luna.<\/li>\n<li><strong>Na guitarra:<\/strong> Antonio Higuero, Manuel Valencia e Francis G\u00f3mez.<\/li>\n<li><strong>Na dan\u00e7a:<\/strong> Juan Manuel Fern\u00e1ndez Montoya \u00abFarruquito\u00bb.<\/li>\n<\/ul>\n<p>Farruquito contar\u00e1 com Ismael de la Rosa \u00abBola\u00bb, Manuel de la Nina e Mari Viz\u00e1rraga no cante, Manuel Valencia na guitarra e Paco Vega na percuss\u00e3o.<\/p>\n<p>Para quem viajar de Sevilha propositadamente para esta jornada, a gala \u00e9 o acontecimento central do festival. Jos\u00e9 Merc\u00e9 e La Macanita representam duas formas essenciais de compreender o cante atual, enquanto Roc\u00edo Luna traz a voz de uma gera\u00e7\u00e3o mais jovem. A dan\u00e7a de Farruquito acrescenta uma dimens\u00e3o c\u00e9nica de grande peso a uma noite que, apesar do nome hist\u00f3rico do festival, n\u00e3o se limita ao recital tradicional de cante e guitarra.<\/p>\n<\/div><\/div><\/div><\/div><\/div><\/div><\/div><\/section><section class=\"l-section wpb_row height_huge\"><div class=\"l-section-h i-cf\"><div class=\"g-cols vc_row via_flex valign_top type_default stacking_default\"><div class=\"vc_col-sm-12 wpb_column vc_column_container\"><div class=\"vc_column-inner\"><div class=\"wpb_wrapper\"><div class=\"wpb_text_column\"><div class=\"wpb_wrapper\"><h2 id=\"entradas\">Bilhetes para o Festival Antonio Mairena 2026: pre\u00e7os e venda oficial<\/h2>\n<p>A venda oficial realiza-se atrav\u00e9s dos canais anunciados pela organiza\u00e7\u00e3o: o site da C\u00e2mara Municipal de Mairena del Alcor, a plataforma Giglon e a venda presencial na Villa del Conocimiento y las Artes.<\/p>\n<table>\n<tbody>\n<tr>\n<td><strong>Flamenkada<\/strong><\/td>\n<td>10 \u20ac<\/td>\n<\/tr>\n<tr>\n<td><strong>Flamenkada + Festival<\/strong><\/td>\n<td>20 \u20ac<\/td>\n<\/tr>\n<tr>\n<td><strong>Flamenco Patrimonio<\/strong><\/td>\n<td>10 \u20ac<\/td>\n<\/tr>\n<tr>\n<td><strong>Gala do Festival, lugar n\u00e3o numerado<\/strong><\/td>\n<td>15 \u20ac<\/td>\n<\/tr>\n<tr>\n<td><strong>Gala do Festival, lugar numerado<\/strong><\/td>\n<td>20 \u20ac<\/td>\n<\/tr>\n<tr>\n<td><strong>Flamenkada + Flamenco Patrimonio + Gala<\/strong><\/td>\n<td>25 \u20ac<\/td>\n<\/tr>\n<\/tbody>\n<\/table>\n<p>A venda presencial \u00e9 anunciada no edif\u00edcio <strong>Villa del Conocimiento y las Artes<\/strong>, das 9:00 \u00e0s 14:00. Como em qualquer festival com lota\u00e7\u00e3o limitada, recomendamos verificar a disponibilidade no canal oficial antes de se deslocar, especialmente para a gala de s\u00e1bado.<\/p>\n<p>N\u00e3o recomendamos a compra de bilhetes atrav\u00e9s de intermedi\u00e1rios n\u00e3o identificados pela organiza\u00e7\u00e3o. Se uma sess\u00e3o aparecer esgotada na bilheteira oficial, conv\u00e9m consultar tamb\u00e9m a informa\u00e7\u00e3o atualizada da C\u00e2mara Municipal caso existam devolu\u00e7\u00f5es, reabertura de contingentes ou instru\u00e7\u00f5es espec\u00edficas de bilheteira.<\/p>\n<\/div><\/div><div class=\"w-separator size_medium\"><\/div><div class=\"w-hwrapper valign_top align_center\" style=\"--hwrapper-gap:1.2rem\"><div class=\"w-btn-wrapper align_center\"><a class=\"w-btn us-btn-style_1 icon_atleft\" href=\"https:\/\/www.giglon.com\"><i class=\"fas fa-ticket-alt\"><\/i><span class=\"w-btn-label\">Comprar bilhetes na Giglon<\/span><\/a><\/div><\/div><\/div><\/div><\/div><\/div><\/div><\/section><section class=\"l-section wpb_row height_huge color_alternate with_shape\"><div class=\"l-section-shape type_zigzag pos_top hor_flip\" style=\"height:3vmin;\"><svg xmlns=\"http:\/\/www.w3.org\/2000\/svg\" viewBox=\"0 0 64 8\" preserveAspectRatio=\"none\" width=\"100%\" height=\"100%\">\r\n\t<path fill=\"currentColor\" d=\"M64 8 L0 8 L0 0 L20 7.9 L40 3 L48 5 L64 0 Z\"\/>\r\n<\/svg><\/div><div class=\"l-section-shape type_zigzag pos_bottom\" style=\"height:3vmin;\"><svg xmlns=\"http:\/\/www.w3.org\/2000\/svg\" viewBox=\"0 0 64 8\" preserveAspectRatio=\"none\" width=\"100%\" height=\"100%\">\r\n\t<path fill=\"currentColor\" d=\"M64 8 L0 8 L0 0 L20 7.9 L40 3 L48 5 L64 0 Z\"\/>\r\n<\/svg><\/div><div class=\"l-section-h i-cf\"><div class=\"g-cols vc_row via_flex valign_top type_default stacking_default\"><div class=\"vc_col-sm-12 wpb_column vc_column_container\"><div class=\"vc_column-inner\"><div class=\"wpb_wrapper\"><div class=\"wpb_text_column\"><div class=\"wpb_wrapper\"><h2 id=\"espacios\">Onde se realiza o festival<\/h2>\n<p>O Festival Antonio Mairena n\u00e3o se concentra num \u00fanico recinto. O programa utiliza v\u00e1rios espa\u00e7os culturais de Mairena del Alcor:<\/p>\n<h3>Casa Palacio de los Duques de Arcos<\/h3>\n<p>\u00c9 um dos cen\u00e1rios hist\u00f3ricos da semana e acolhe confer\u00eancias, encontros e recitais. O ambiente do p\u00e1tio favorece um formato mais pr\u00f3ximo, especialmente adequado ao cante e \u00e0 guitarra.<\/p>\n<h3>Teatro Municipal Calixto S\u00e1nchez<\/h3>\n<p>Acolhe as propostas de formato teatral, como o espet\u00e1culo do Ballet Flamenco de Andaluc\u00eda, al\u00e9m das atividades formativas.<\/p>\n<h3>Auditorio Municipal Manuel Mairena<\/h3>\n<p>\u00c9 o espa\u00e7o de maior dimens\u00e3o e a sede da grande gala de s\u00e1bado, dia 5. Situa-se na zona do Camino de Alconchel, em Mairena del Alcor.<\/p>\n<p>Antes de sair, conv\u00e9m verificar o recinto exato de cada atividade: nem todos os dias do festival decorrem no Auditorio Manuel Mairena.<\/p>\n<\/div><\/div><\/div><\/div><\/div><\/div><\/div><\/section><section class=\"l-section wpb_row height_huge\"><div class=\"l-section-h i-cf\"><div class=\"g-cols vc_row via_flex valign_top type_default stacking_default\"><div class=\"vc_col-sm-12 wpb_column vc_column_container\"><div class=\"vc_column-inner\"><div class=\"wpb_wrapper\"><div class=\"wpb_text_column\"><div class=\"wpb_wrapper\"><h2 id=\"desde-sevilla\">Como chegar ao Festival Antonio Mairena desde Sevilha<\/h2>\n<p>Mairena del Alcor situa-se a leste de Sevilha, na comarca de Los Alcores. Para quem est\u00e1 alojado na capital, existem duas op\u00e7\u00f5es principais: autom\u00f3vel e autocarro interurbano.<\/p>\n<h3>De autom\u00f3vel desde Sevilha<\/h3>\n<p>\u00c9 a op\u00e7\u00e3o mais flex\u00edvel, especialmente para a gala noturna. O percurso ronda os 25\u201330 quil\u00f3metros, consoante o ponto de partida, e normalmente demora cerca de meia hora em condi\u00e7\u00f5es normais, utilizando os acessos em dire\u00e7\u00e3o a Alcal\u00e1 de Guada\u00edra e Mairena del Alcor.<\/p>\n<p>Se for \u00e0 gala das 22:00, recomendamos sair com anteced\u00eancia suficiente para encontrar estacionamento e chegar ao recinto antes do in\u00edcio. Um evento desta dimens\u00e3o pode concentrar tr\u00e2nsito nos acessos mais pr\u00f3ximos do audit\u00f3rio.<\/p>\n<h3>De autocarro desde Sevilha<\/h3>\n<p>Mairena del Alcor est\u00e1 integrada na rede metropolitana do Consorcio de Transportes del \u00c1rea de Sevilla. Existem servi\u00e7os interurbanos entre Sevilha e a localidade, mas os hor\u00e1rios variam consoante os dias \u00fateis, fins de semana e \u00e9poca do ano.<\/p>\n<p>Para um espet\u00e1culo noturno, o ponto decisivo n\u00e3o \u00e9 apenas o hor\u00e1rio de ida, mas o <strong>\u00faltimo servi\u00e7o de regresso a Sevilha<\/strong>. A gala come\u00e7a \u00e0s 22:00 e pode prolongar-se, pelo que \u00e9 indispens\u00e1vel consultar o hor\u00e1rio oficial atualizado antes de comprar o bilhete se depender dos transportes p\u00fablicos.<\/p>\n<p>Se n\u00e3o existir um regresso compat\u00edvel, as alternativas s\u00e3o viatura pr\u00f3pria, t\u00e1xi ou VTC. Para grupos de duas a quatro pessoas, partilhar a viagem pode ser especialmente pr\u00e1tico.<\/p>\n<\/div><\/div><\/div><\/div><\/div><\/div><\/div><\/section><section class=\"l-section wpb_row height_huge color_alternate with_shape\"><div class=\"l-section-shape type_zigzag pos_top hor_flip\" style=\"height:3vmin;\"><svg xmlns=\"http:\/\/www.w3.org\/2000\/svg\" viewBox=\"0 0 64 8\" preserveAspectRatio=\"none\" width=\"100%\" height=\"100%\">\r\n\t<path fill=\"currentColor\" d=\"M64 8 L0 8 L0 0 L20 7.9 L40 3 L48 5 L64 0 Z\"\/>\r\n<\/svg><\/div><div class=\"l-section-shape type_zigzag pos_bottom\" style=\"height:3vmin;\"><svg xmlns=\"http:\/\/www.w3.org\/2000\/svg\" viewBox=\"0 0 64 8\" preserveAspectRatio=\"none\" width=\"100%\" height=\"100%\">\r\n\t<path fill=\"currentColor\" d=\"M64 8 L0 8 L0 0 L20 7.9 L40 3 L48 5 L64 0 Z\"\/>\r\n<\/svg><\/div><div class=\"l-section-h i-cf\"><div class=\"g-cols vc_row via_flex valign_top type_default stacking_default\"><div class=\"vc_col-sm-12 wpb_column vc_column_container\"><div class=\"vc_column-inner\"><div class=\"wpb_wrapper\"><div class=\"wpb_text_column\"><div class=\"wpb_wrapper\"><h2 id=\"consejos\">Conselhos para organizar a visita<\/h2>\n<ul>\n<li><strong>Verifique o bilhete antes de sair.<\/strong> A gala \u00e9 a sess\u00e3o com maior capacidade de atra\u00e7\u00e3o.<\/li>\n<li><strong>Confirme o recinto exato.<\/strong> O festival utiliza tr\u00eas espa\u00e7os diferentes.<\/li>\n<li><strong>Chegue com anteced\u00eancia.<\/strong> Especialmente se o seu lugar n\u00e3o for numerado.<\/li>\n<li><strong>Planeie o regresso a Sevilha.<\/strong> Se utilizar autocarro, confirme o \u00faltimo servi\u00e7o.<\/li>\n<li><strong>N\u00e3o limite a visita \u00e0 gala.<\/strong> O concurso especial, os recitais e os encontros permitem conhecer outra dimens\u00e3o do festival.<\/li>\n<li><strong>Aproveite para conhecer Mairena del Alcor.<\/strong> O festival est\u00e1 profundamente ligado \u00e0 identidade local e \u00e0 mem\u00f3ria de Antonio Mairena.<\/li>\n<\/ul>\n<p>Se ficar v\u00e1rios dias em Sevilha, pode combinar esta escapadinha com a programa\u00e7\u00e3o regular dos <a href=\"https:\/\/www.tablaosflamencos.com\/flamenco-en-sevilla\"><strong>tablaos flamencos em Sevilha<\/strong><\/a>. A experi\u00eancia \u00e9 diferente: o Festival Antonio Mairena \u00e9 um evento anual ligado ao territ\u00f3rio e \u00e0 tradi\u00e7\u00e3o do cante, enquanto os tablaos permitem reservar espet\u00e1culos durante todo o ano.<\/p>\n<\/div><\/div><\/div><\/div><\/div><\/div><\/div><\/section><section class=\"l-section wpb_row height_huge\"><div class=\"l-section-h i-cf\"><div class=\"g-cols vc_row via_flex valign_top type_default stacking_default\"><div class=\"vc_col-sm-12 wpb_column vc_column_container\"><div class=\"vc_column-inner\"><div class=\"wpb_wrapper\"><div class=\"wpb_text_column\"><div class=\"wpb_wrapper\"><h2>Porque o Festival Antonio Mairena continua a ser uma refer\u00eancia<\/h2>\n<p>A import\u00e2ncia do festival n\u00e3o depende apenas da sua antiguidade. Mairena del Alcor ocupa um lugar singular na hist\u00f3ria do flamenco pela figura de Antonio Mairena, pelo papel dos aficionados locais e por uma conce\u00e7\u00e3o do cante que, durante d\u00e9cadas, influenciou a investiga\u00e7\u00e3o, a interpreta\u00e7\u00e3o e a valoriza\u00e7\u00e3o de determinados estilos.<\/p>\n<p>Ao longo do tempo, o festival ampliou a sua linguagem sem perder essa raiz. Em 2026 convivem uma confer\u00eancia sobre Diego Clavel, o Ballet Flamenco de Andaluc\u00eda, uma masterclass, um encontro com Romerito de Jerez, a guitarra de Diego del Morao, uma noite dedicada a antigos vencedores do concurso e uma gala com grandes figuras do cante e da dan\u00e7a.<\/p>\n<p>Esta combina\u00e7\u00e3o explica o interesse para p\u00fablicos diferentes. O aficionado pode encontrar artistas e formatos profundamente ligados \u00e0 tradi\u00e7\u00e3o; quem se aproxima do flamenco pela primeira vez disp\u00f5e de um programa variado; e o visitante que est\u00e1 em Sevilha tem, a curta dist\u00e2ncia, um evento com uma identidade muito diferente da dos grandes teatros da capital.<\/p>\n<\/div><\/div><\/div><\/div><\/div><\/div><\/div><\/section><section class=\"l-section wpb_row height_huge\"><div class=\"l-section-h i-cf\"><div class=\"g-cols vc_row via_flex valign_top type_default stacking_default\"><div class=\"vc_col-sm-1\/5 wpb_column vc_column_container\"><div class=\"vc_column-inner\"><div class=\"wpb_wrapper\"><\/div><\/div><\/div><div class=\"vc_col-sm-3\/5 wpb_column vc_column_container\"><div class=\"vc_column-inner\"><div class=\"wpb_wrapper\"><div class=\"wpb_text_column\"><div class=\"wpb_wrapper\"><h2 id=\"faq\">Perguntas frequentes sobre o Festival Antonio Mairena 2026<\/h2>\n<\/div><\/div><div class=\"w-separator size_medium\"><\/div><div class=\"w-tabs accordion toggle_style_1 has_scrolling\" style=\"--sections-title-size:inherit;--sections-gap:0.5rem;\"><div class=\"w-tabs-sections titles-align_none icon_chevron cpos_right\"><div class=\"w-tabs-section\" id=\"id5e\"><button type=\"button\" class=\"w-tabs-section-header\" aria-controls=\"content-id5e\" aria-expanded=\"false\"><div class=\"w-tabs-section-title\">Quando se realiza o Festival de Cante Jondo Antonio Mairena 2026?<\/div><div class=\"w-tabs-section-control\"><\/div><\/button><div  class=\"w-tabs-section-content\" id=\"content-id5e\"><div class=\"w-tabs-section-content-h i-cf\"><div class=\"wpb_text_column\"><div class=\"wpb_wrapper\"><p>A LXV edi\u00e7\u00e3o realiza-se <strong>de 1 a 5 de setembro de 2026<\/strong> em Mairena del Alcor, prov\u00edncia de Sevilha.<\/p>\n<\/div><\/div><\/div><\/div><\/div><div class=\"w-tabs-section\" id=\"be5f\"><button type=\"button\" class=\"w-tabs-section-header\" aria-controls=\"content-be5f\" aria-expanded=\"false\"><div class=\"w-tabs-section-title\">Quando \u00e9 a grande gala do festival?<\/div><div class=\"w-tabs-section-control\"><\/div><\/button><div  class=\"w-tabs-section-content\" id=\"content-be5f\"><div class=\"w-tabs-section-content-h i-cf\"><div class=\"wpb_text_column\"><div class=\"wpb_wrapper\"><p>A gala principal ter\u00e1 lugar no <strong>s\u00e1bado, 5 de setembro, \u00e0s 22:00<\/strong> no Auditorio Municipal Manuel Mairena.<\/p>\n<\/div><\/div><\/div><\/div><\/div><div class=\"w-tabs-section\" id=\"zf37\"><button type=\"button\" class=\"w-tabs-section-header\" aria-controls=\"content-zf37\" aria-expanded=\"false\"><div class=\"w-tabs-section-title\">Quem atua na gala de 2026?<\/div><div class=\"w-tabs-section-control\"><\/div><\/button><div  class=\"w-tabs-section-content\" id=\"content-zf37\"><div class=\"w-tabs-section-content-h i-cf\"><div class=\"wpb_text_column\"><div class=\"wpb_wrapper\"><p>O cartaz inclui Jos\u00e9 Merc\u00e9, La Macanita, Juan de Mairena e Roc\u00edo Luna no cante, e Farruquito na dan\u00e7a, juntamente com os respetivos guitarristas e artistas de acompanhamento.<\/p>\n<\/div><\/div><\/div><\/div><\/div><div class=\"w-tabs-section\" id=\"i008\"><button type=\"button\" class=\"w-tabs-section-header\" aria-controls=\"content-i008\" aria-expanded=\"false\"><div class=\"w-tabs-section-title\">Quanto custam os bilhetes?<\/div><div class=\"w-tabs-section-control\"><\/div><\/button><div  class=\"w-tabs-section-content\" id=\"content-i008\"><div class=\"w-tabs-section-content-h i-cf\"><div class=\"wpb_text_column\"><div class=\"wpb_wrapper\"><p>Os pre\u00e7os come\u00e7am nos <strong>10 euros<\/strong>. A Gala do Festival custa 15 euros para lugares n\u00e3o numerados e 20 euros para lugares numerados, segundo a informa\u00e7\u00e3o oficial publicada.<\/p>\n<\/div><\/div><\/div><\/div><\/div><div class=\"w-tabs-section\" id=\"y0f2\"><button type=\"button\" class=\"w-tabs-section-header\" aria-controls=\"content-y0f2\" aria-expanded=\"false\"><div class=\"w-tabs-section-title\">Onde se compram os bilhetes oficiais?<\/div><div class=\"w-tabs-section-control\"><\/div><\/button><div  class=\"w-tabs-section-content\" id=\"content-y0f2\"><div class=\"w-tabs-section-content-h i-cf\"><div class=\"wpb_text_column\"><div class=\"wpb_wrapper\"><p>A organiza\u00e7\u00e3o anuncia a venda atrav\u00e9s da C\u00e2mara Municipal de Mairena del Alcor, da plataforma Giglon e presencialmente na Villa del Conocimiento y las Artes.<\/p>\n<\/div><\/div><\/div><\/div><\/div><div class=\"w-tabs-section\" id=\"b1c3\"><button type=\"button\" class=\"w-tabs-section-header\" aria-controls=\"content-b1c3\" aria-expanded=\"false\"><div class=\"w-tabs-section-title\">A quem \u00e9 dedicada a edi\u00e7\u00e3o de 2026?<\/div><div class=\"w-tabs-section-control\"><\/div><\/button><div  class=\"w-tabs-section-content\" id=\"content-b1c3\"><div class=\"w-tabs-section-content-h i-cf\"><div class=\"wpb_text_column\"><div class=\"wpb_wrapper\"><p>A 65.\u00aa edi\u00e7\u00e3o \u00e9 dedicada ao cantaor <strong>Diego Clavel<\/strong>, vencedor do Concurso Antonio Mairena em 1970.<\/p>\n<\/div><\/div><\/div><\/div><\/div><div class=\"w-tabs-section\" id=\"f285\"><button type=\"button\" class=\"w-tabs-section-header\" aria-controls=\"content-f285\" aria-expanded=\"false\"><div class=\"w-tabs-section-title\">\u00c9 poss\u00edvel ir de Sevilha de autocarro?<\/div><div class=\"w-tabs-section-control\"><\/div><\/button><div  class=\"w-tabs-section-content\" id=\"content-f285\"><div class=\"w-tabs-section-content-h i-cf\"><div class=\"wpb_text_column\"><div class=\"wpb_wrapper\"><p>Sim. Existem liga\u00e7\u00f5es metropolitanas entre Sevilha e Mairena del Alcor. Para atividades noturnas, \u00e9 essencial verificar o \u00faltimo servi\u00e7o de regresso antes de viajar.<\/p>\n<\/div><\/div><\/div><\/div><\/div><div class=\"w-tabs-section\" id=\"v344\"><button type=\"button\" class=\"w-tabs-section-header\" aria-controls=\"content-v344\" aria-expanded=\"false\"><div class=\"w-tabs-section-title\">Mairena del Alcor fica longe de Sevilha?<\/div><div class=\"w-tabs-section-control\"><\/div><\/button><div  class=\"w-tabs-section-content\" id=\"content-v344\"><div class=\"w-tabs-section-content-h i-cf\"><div class=\"wpb_text_column\"><div class=\"wpb_wrapper\"><p>N\u00e3o. A localidade fica a aproximadamente 25\u201330 quil\u00f3metros de Sevilha e o trajeto de autom\u00f3vel costuma demorar cerca de meia hora em condi\u00e7\u00f5es normais.<\/p>\n<\/div><\/div><\/div><\/div><\/div><\/div><\/div><\/div><\/div><\/div><div class=\"vc_col-sm-1\/5 wpb_column vc_column_container\"><div class=\"vc_column-inner\"><div class=\"wpb_wrapper\"><\/div><\/div><\/div><\/div><\/div><\/section>\n","protected":false},"excerpt":{"rendered":"<p>Guia do Festival de Cante Jondo Antonio Mairena 2026: programa completo, artistas, bilhetes, pre\u00e7os, locais e como chegar desde Sevilha.<\/p>\n","protected":false},"author":1,"featured_media":14378,"comment_status":"closed","ping_status":"closed","sticky":false,"template":"","format":"standard","meta":{"_acf_changed":false,"wpai_generated_summary":"","_ayudawp_aiss_exclude":false,"_ayudawp_aiss_exclude_summary":false,"_ayudawp_aiss_summary":"","_ayudawp_aiss_summary_provider":"","_ayudawp_aiss_summary_hash":"","footnotes":""},"categories":[1671],"tags":[1991,1405,1985,1258],"class_list":["post-14389","post","type-post","status-publish","format-standard","has-post-thumbnail","hentry","category-festivais-flamenco","tag-antonio-mairena-pt","tag-cante-flamenco-pt","tag-festival-cante-jondo-antonio-mairena-pt","tag-festivales-flamencos"],"acf":[],"yoast_head":"<!-- This site is optimized with the Yoast SEO Premium plugin v28.4 (Yoast SEO v28.4) - https:\/\/yoast.com\/product\/yoast-seo-premium-wordpress\/ -->\n<title>Festival Antonio Mairena 2026: programa e bilhetes<\/title>\n<meta name=\"description\" content=\"Festival de Cante Jondo Antonio Mairena 2026: programa completo, artistas, bilhetes, pre\u00e7os, locais e como chegar desde Sevilha.\" \/>\n<meta name=\"robots\" content=\"index, follow, max-snippet:-1, max-image-preview:large, max-video-preview:-1\" \/>\n<link rel=\"canonical\" href=\"https:\/\/www.tablaosflamencos.com\/pt-pt\/festival-cante-jondo-antonio-mairena-2026.html\" \/>\n<meta property=\"og:locale\" content=\"pt_PT\" \/>\n<meta property=\"og:type\" content=\"article\" \/>\n<meta property=\"og:title\" content=\"Festival de Cante Jondo Antonio Mairena 2026: programa, bilhetes e como chegar desde Sevilha\" \/>\n<meta property=\"og:description\" content=\"Festival de Cante Jondo Antonio Mairena 2026: programa completo, artistas, bilhetes, pre\u00e7os, locais e como chegar desde Sevilha.\" \/>\n<meta property=\"og:url\" content=\"https:\/\/www.tablaosflamencos.com\/pt-pt\/festival-cante-jondo-antonio-mairena-2026.html\" \/>\n<meta property=\"og:site_name\" content=\"Tablaos Flamencos\" \/>\n<meta property=\"article:publisher\" content=\"https:\/\/www.facebook.com\/tablaosflamencos\" \/>\n<meta property=\"article:published_time\" content=\"2026-09-04T15:00:57+00:00\" \/>\n<meta property=\"article:modified_time\" content=\"2026-09-04T15:31:33+00:00\" \/>\n<meta property=\"og:image\" content=\"https:\/\/www.tablaosflamencos.com\/wp-content\/uploads\/festival-de-cante-jondo-antonio-mairena-2026-programacion-entradas-y-como-llegar-desde-sevilla-01.webp\" \/>\n\t<meta property=\"og:image:width\" content=\"1491\" \/>\n\t<meta property=\"og:image:height\" content=\"1055\" \/>\n\t<meta property=\"og:image:type\" content=\"image\/webp\" \/>\n<meta name=\"author\" content=\"Miguel Ortiz\" \/>\n<meta name=\"twitter:card\" content=\"summary_large_image\" \/>\n<meta name=\"twitter:creator\" content=\"@tablaosflamenco\" \/>\n<meta name=\"twitter:site\" content=\"@tablaosflamenco\" \/>\n<meta name=\"twitter:label1\" content=\"Escrito por\" \/>\n\t<meta name=\"twitter:data1\" content=\"Miguel Ortiz\" \/>\n\t<meta name=\"twitter:label2\" content=\"Tempo estimado de leitura\" \/>\n\t<meta name=\"twitter:data2\" content=\"13 minutos\" \/>\n<script type=\"application\/ld+json\" class=\"yoast-schema-graph\">{\"@context\":\"https:\\\/\\\/schema.org\",\"@graph\":[{\"@type\":\"Article\",\"@id\":\"https:\\\/\\\/www.tablaosflamencos.com\\\/pt-pt\\\/festival-cante-jondo-antonio-mairena-2026.html#article\",\"isPartOf\":{\"@id\":\"https:\\\/\\\/www.tablaosflamencos.com\\\/pt-pt\\\/festival-cante-jondo-antonio-mairena-2026-desde-sevilha.html\"},\"author\":{\"name\":\"Miguel Ortiz\",\"@id\":\"https:\\\/\\\/www.tablaosflamencos.com\\\/pt-pt#\\\/schema\\\/person\\\/e7a9ebe14eb75a52ceabfbffb3c54f5d\"},\"headline\":\"Festival de Cante Jondo Antonio Mairena 2026: programa, bilhetes e como chegar desde Sevilha\",\"datePublished\":\"2026-09-04T15:00:57+00:00\",\"dateModified\":\"2026-09-04T15:31:33+00:00\",\"mainEntityOfPage\":{\"@id\":\"https:\\\/\\\/www.tablaosflamencos.com\\\/pt-pt\\\/festival-cante-jondo-antonio-mairena-2026-desde-sevilha.html\"},\"wordCount\":2586,\"publisher\":{\"@id\":\"https:\\\/\\\/www.tablaosflamencos.com\\\/pt-pt#organization\"},\"image\":{\"@id\":\"https:\\\/\\\/www.tablaosflamencos.com\\\/pt-pt\\\/festival-cante-jondo-antonio-mairena-2026.html#primaryimage\"},\"thumbnailUrl\":\"https:\\\/\\\/www.tablaosflamencos.com\\\/wp-content\\\/uploads\\\/festival-de-cante-jondo-antonio-mairena-2026-programacion-entradas-y-como-llegar-desde-sevilla-01.webp\",\"keywords\":[\"Antonio Mairena\",\"cante flamenco\",\"Festival de Cante Jondo Antonio Mairena\",\"festivales flamencos\"],\"articleSection\":[\"Festivais de flamenco\"],\"inLanguage\":\"pt-PT\"},{\"@type\":\"WebPage\",\"@id\":\"https:\\\/\\\/www.tablaosflamencos.com\\\/pt-pt\\\/festival-cante-jondo-antonio-mairena-2026-desde-sevilha.html\",\"url\":\"https:\\\/\\\/www.tablaosflamencos.com\\\/pt-pt\\\/festival-cante-jondo-antonio-mairena-2026.html\",\"name\":\"Festival Antonio Mairena 2026: programa e bilhetes\",\"isPartOf\":{\"@id\":\"https:\\\/\\\/www.tablaosflamencos.com\\\/pt-pt#website\"},\"primaryImageOfPage\":{\"@id\":\"https:\\\/\\\/www.tablaosflamencos.com\\\/pt-pt\\\/festival-cante-jondo-antonio-mairena-2026.html#primaryimage\"},\"image\":{\"@id\":\"https:\\\/\\\/www.tablaosflamencos.com\\\/pt-pt\\\/festival-cante-jondo-antonio-mairena-2026.html#primaryimage\"},\"thumbnailUrl\":\"https:\\\/\\\/www.tablaosflamencos.com\\\/wp-content\\\/uploads\\\/festival-de-cante-jondo-antonio-mairena-2026-programacion-entradas-y-como-llegar-desde-sevilla-01.webp\",\"datePublished\":\"2026-09-04T15:00:57+00:00\",\"dateModified\":\"2026-09-04T15:31:33+00:00\",\"description\":\"Festival de Cante Jondo Antonio Mairena 2026: programa completo, artistas, bilhetes, pre\u00e7os, locais e como chegar desde Sevilha.\",\"breadcrumb\":{\"@id\":\"https:\\\/\\\/www.tablaosflamencos.com\\\/pt-pt\\\/festival-cante-jondo-antonio-mairena-2026.html#breadcrumb\"},\"inLanguage\":\"pt-PT\",\"potentialAction\":[{\"@type\":\"ReadAction\",\"target\":[\"https:\\\/\\\/www.tablaosflamencos.com\\\/pt-pt\\\/festival-cante-jondo-antonio-mairena-2026.html\"]}]},{\"@type\":\"ImageObject\",\"inLanguage\":\"pt-PT\",\"@id\":\"https:\\\/\\\/www.tablaosflamencos.com\\\/pt-pt\\\/festival-cante-jondo-antonio-mairena-2026.html#primaryimage\",\"url\":\"https:\\\/\\\/www.tablaosflamencos.com\\\/wp-content\\\/uploads\\\/festival-de-cante-jondo-antonio-mairena-2026-programacion-entradas-y-como-llegar-desde-sevilla-01.webp\",\"contentUrl\":\"https:\\\/\\\/www.tablaosflamencos.com\\\/wp-content\\\/uploads\\\/festival-de-cante-jondo-antonio-mairena-2026-programacion-entradas-y-como-llegar-desde-sevilla-01.webp\",\"width\":1491,\"height\":1055,\"caption\":\"Festival de Cante Jondo Antonio Mairena 2026: programaci\u00f3n, entradas y c\u00f3mo llegar desde Sevilla\"},{\"@type\":\"BreadcrumbList\",\"@id\":\"https:\\\/\\\/www.tablaosflamencos.com\\\/pt-pt\\\/festival-cante-jondo-antonio-mairena-2026.html#breadcrumb\",\"itemListElement\":[{\"@type\":\"ListItem\",\"position\":1,\"name\":\"Home\",\"item\":\"https:\\\/\\\/www.tablaosflamencos.com\\\/pt-pt\"},{\"@type\":\"ListItem\",\"position\":2,\"name\":\"Festival de Cante Jondo Antonio Mairena 2026: programa, bilhetes e como chegar desde Sevilha\"}]},{\"@type\":\"WebSite\",\"@id\":\"https:\\\/\\\/www.tablaosflamencos.com\\\/pt-pt#website\",\"url\":\"https:\\\/\\\/www.tablaosflamencos.com\\\/pt-pt\",\"name\":\"Tablaos Flamencos\",\"description\":\"Entradas para tablaos flamencos de Espa\u00f1a\",\"publisher\":{\"@id\":\"https:\\\/\\\/www.tablaosflamencos.com\\\/pt-pt#organization\"},\"alternateName\":\"Tablaos Flamencos\",\"potentialAction\":[{\"@type\":\"SearchAction\",\"target\":{\"@type\":\"EntryPoint\",\"urlTemplate\":\"https:\\\/\\\/www.tablaosflamencos.com\\\/pt-pt?s={search_term_string}\"},\"query-input\":{\"@type\":\"PropertyValueSpecification\",\"valueRequired\":true,\"valueName\":\"search_term_string\"}}],\"inLanguage\":\"pt-PT\"},{\"@type\":[\"Organization\",\"Place\",\"EntertainmentBusiness\"],\"@id\":\"https:\\\/\\\/www.tablaosflamencos.com\\\/pt-pt#organization\",\"name\":\"Tablaos Flamencos\",\"alternateName\":\"Tablaos Flamencos\",\"url\":\"https:\\\/\\\/www.tablaosflamencos.com\\\/pt-pt\",\"logo\":{\"@id\":\"https:\\\/\\\/www.tablaosflamencos.com\\\/pt-pt\\\/festival-cante-jondo-antonio-mairena-2026.html#local-main-organization-logo\"},\"image\":{\"@id\":\"https:\\\/\\\/www.tablaosflamencos.com\\\/pt-pt\\\/festival-cante-jondo-antonio-mairena-2026.html#local-main-organization-logo\"},\"sameAs\":[\"https:\\\/\\\/www.facebook.com\\\/tablaosflamencos\",\"https:\\\/\\\/x.com\\\/tablaosflamenco\",\"https:\\\/\\\/mastodon.social\\\/@tablaosflamencos\",\"https:\\\/\\\/www.instagram.com\\\/tablaosflamencos\",\"https:\\\/\\\/tiktok.com\\\/@tablaosflamencos\",\"https:\\\/\\\/www.linkedin.com\\\/company\\\/109408238\\\/\"],\"description\":\"Venta de entradas para espect\u00e1culos flamencos\",\"legalName\":\"Tablaos Flamencos\",\"foundingDate\":\"2015-01-01\",\"numberOfEmployees\":{\"@type\":\"QuantitativeValue\",\"minValue\":\"1\",\"maxValue\":\"10\"},\"address\":{\"@id\":\"https:\\\/\\\/www.tablaosflamencos.com\\\/pt-pt\\\/festival-cante-jondo-antonio-mairena-2026.html#local-main-place-address\"},\"geo\":{\"@type\":\"GeoCoordinates\",\"latitude\":\"37.3868072\",\"longitude\":\"-5.993280299999999\"},\"telephone\":[\"+34623787787\"],\"contactPoint\":{\"@type\":\"ContactPoint\",\"telephone\":\"+34623787787\",\"email\":\"info@tablaosflamencos.com\"},\"openingHoursSpecification\":{\"@type\":\"OpeningHoursSpecification\",\"dayOfWeek\":[\"Monday\",\"Tuesday\",\"Wednesday\",\"Thursday\",\"Friday\",\"Saturday\",\"Sunday\"],\"opens\":\"00:00\",\"closes\":\"23:59\"},\"email\":\"info@tablaosflamencos.com\",\"priceRange\":\"$$$\",\"currenciesAccepted\":\"\u20ac\"},{\"@type\":\"Person\",\"@id\":\"https:\\\/\\\/www.tablaosflamencos.com\\\/pt-pt#\\\/schema\\\/person\\\/e7a9ebe14eb75a52ceabfbffb3c54f5d\",\"name\":\"Miguel Ortiz\",\"description\":\"Miguel Ortiz es un empresario flamenco, con una s\u00f3lida trayectoria dentro del sector. Ha presidido entidades culturales vinculadas al flamenco y, cuenta con un amplio recorrido profesional en la gesti\u00f3n y promoci\u00f3n de espect\u00e1culos y tablaos flamencos. Su pasi\u00f3n por la historia y el arte flamenco se refleja en cada art\u00edculo, donde combina experiencia, criterio y un profundo respeto por la tradici\u00f3n.\",\"sameAs\":[\"https:\\\/\\\/www.tablaosflamencos.com\",\"https:\\\/\\\/www.instagra.com\\\/miguelortizfe\",\"https:\\\/\\\/www.linkedin.com\\\/in\\\/miguelortizf\\\/\"],\"birthDate\":\"1984-11-22\",\"gender\":\"hombre\",\"knowsLanguage\":[\"espa\u00f1ol\",\"ingl\u00e9s\"],\"jobTitle\":\"Empresario flamenco\"},{\"@type\":\"PostalAddress\",\"@id\":\"https:\\\/\\\/www.tablaosflamencos.com\\\/pt-pt\\\/festival-cante-jondo-antonio-mairena-2026.html#local-main-place-address\",\"streetAddress\":\"C\\\/ Alemanes, 19\",\"addressLocality\":\"Sevilla\",\"postalCode\":\"41004\",\"addressRegion\":\"Sevilla\",\"addressCountry\":\"ES\"},{\"@type\":\"ImageObject\",\"inLanguage\":\"pt-PT\",\"@id\":\"https:\\\/\\\/www.tablaosflamencos.com\\\/pt-pt\\\/festival-cante-jondo-antonio-mairena-2026.html#local-main-organization-logo\",\"url\":\"https:\\\/\\\/www.tablaosflamencos.com\\\/wp-content\\\/uploads\\\/tablaos-flamencos-06-3.webp\",\"contentUrl\":\"https:\\\/\\\/www.tablaosflamencos.com\\\/wp-content\\\/uploads\\\/tablaos-flamencos-06-3.webp\",\"width\":600,\"height\":620,\"caption\":\"Tablaos Flamencos\"}]}<\/script>\n<meta name=\"geo.placename\" content=\"Sevilla\" \/>\n<meta name=\"geo.position\" content=\"37.3868072;-5.993280299999999\" \/>\n<meta name=\"geo.region\" content=\"Espanha\" \/>\n<!-- \/ Yoast SEO Premium plugin. -->","yoast_head_json":{"title":"Festival Antonio Mairena 2026: programa e bilhetes","description":"Festival de Cante Jondo Antonio Mairena 2026: programa completo, artistas, bilhetes, pre\u00e7os, locais e como chegar desde Sevilha.","robots":{"index":"index","follow":"follow","max-snippet":"max-snippet:-1","max-image-preview":"max-image-preview:large","max-video-preview":"max-video-preview:-1"},"canonical":"https:\/\/www.tablaosflamencos.com\/pt-pt\/festival-cante-jondo-antonio-mairena-2026.html","og_locale":"pt_PT","og_type":"article","og_title":"Festival de Cante Jondo Antonio Mairena 2026: programa, bilhetes e como chegar desde Sevilha","og_description":"Festival de Cante Jondo Antonio Mairena 2026: programa completo, artistas, bilhetes, pre\u00e7os, locais e como chegar desde Sevilha.","og_url":"https:\/\/www.tablaosflamencos.com\/pt-pt\/festival-cante-jondo-antonio-mairena-2026.html","og_site_name":"Tablaos Flamencos","article_publisher":"https:\/\/www.facebook.com\/tablaosflamencos","article_published_time":"2026-09-04T15:00:57+00:00","article_modified_time":"2026-09-04T15:31:33+00:00","og_image":[{"width":1491,"height":1055,"url":"https:\/\/www.tablaosflamencos.com\/wp-content\/uploads\/festival-de-cante-jondo-antonio-mairena-2026-programacion-entradas-y-como-llegar-desde-sevilla-01.webp","type":"image\/webp"}],"author":"Miguel Ortiz","twitter_card":"summary_large_image","twitter_creator":"@tablaosflamenco","twitter_site":"@tablaosflamenco","twitter_misc":{"Escrito por":"Miguel Ortiz","Tempo estimado de leitura":"13 minutos"},"schema":{"@context":"https:\/\/schema.org","@graph":[{"@type":"Article","@id":"https:\/\/www.tablaosflamencos.com\/pt-pt\/festival-cante-jondo-antonio-mairena-2026.html#article","isPartOf":{"@id":"https:\/\/www.tablaosflamencos.com\/pt-pt\/festival-cante-jondo-antonio-mairena-2026-desde-sevilha.html"},"author":{"name":"Miguel Ortiz","@id":"https:\/\/www.tablaosflamencos.com\/pt-pt#\/schema\/person\/e7a9ebe14eb75a52ceabfbffb3c54f5d"},"headline":"Festival de Cante Jondo Antonio Mairena 2026: programa, bilhetes e como chegar desde Sevilha","datePublished":"2026-09-04T15:00:57+00:00","dateModified":"2026-09-04T15:31:33+00:00","mainEntityOfPage":{"@id":"https:\/\/www.tablaosflamencos.com\/pt-pt\/festival-cante-jondo-antonio-mairena-2026-desde-sevilha.html"},"wordCount":2586,"publisher":{"@id":"https:\/\/www.tablaosflamencos.com\/pt-pt#organization"},"image":{"@id":"https:\/\/www.tablaosflamencos.com\/pt-pt\/festival-cante-jondo-antonio-mairena-2026.html#primaryimage"},"thumbnailUrl":"https:\/\/www.tablaosflamencos.com\/wp-content\/uploads\/festival-de-cante-jondo-antonio-mairena-2026-programacion-entradas-y-como-llegar-desde-sevilla-01.webp","keywords":["Antonio Mairena","cante flamenco","Festival de Cante Jondo Antonio Mairena","festivales flamencos"],"articleSection":["Festivais de flamenco"],"inLanguage":"pt-PT"},{"@type":"WebPage","@id":"https:\/\/www.tablaosflamencos.com\/pt-pt\/festival-cante-jondo-antonio-mairena-2026-desde-sevilha.html","url":"https:\/\/www.tablaosflamencos.com\/pt-pt\/festival-cante-jondo-antonio-mairena-2026.html","name":"Festival Antonio Mairena 2026: programa e bilhetes","isPartOf":{"@id":"https:\/\/www.tablaosflamencos.com\/pt-pt#website"},"primaryImageOfPage":{"@id":"https:\/\/www.tablaosflamencos.com\/pt-pt\/festival-cante-jondo-antonio-mairena-2026.html#primaryimage"},"image":{"@id":"https:\/\/www.tablaosflamencos.com\/pt-pt\/festival-cante-jondo-antonio-mairena-2026.html#primaryimage"},"thumbnailUrl":"https:\/\/www.tablaosflamencos.com\/wp-content\/uploads\/festival-de-cante-jondo-antonio-mairena-2026-programacion-entradas-y-como-llegar-desde-sevilla-01.webp","datePublished":"2026-09-04T15:00:57+00:00","dateModified":"2026-09-04T15:31:33+00:00","description":"Festival de Cante Jondo Antonio Mairena 2026: programa completo, artistas, bilhetes, pre\u00e7os, locais e como chegar desde Sevilha.","breadcrumb":{"@id":"https:\/\/www.tablaosflamencos.com\/pt-pt\/festival-cante-jondo-antonio-mairena-2026.html#breadcrumb"},"inLanguage":"pt-PT","potentialAction":[{"@type":"ReadAction","target":["https:\/\/www.tablaosflamencos.com\/pt-pt\/festival-cante-jondo-antonio-mairena-2026.html"]}]},{"@type":"ImageObject","inLanguage":"pt-PT","@id":"https:\/\/www.tablaosflamencos.com\/pt-pt\/festival-cante-jondo-antonio-mairena-2026.html#primaryimage","url":"https:\/\/www.tablaosflamencos.com\/wp-content\/uploads\/festival-de-cante-jondo-antonio-mairena-2026-programacion-entradas-y-como-llegar-desde-sevilla-01.webp","contentUrl":"https:\/\/www.tablaosflamencos.com\/wp-content\/uploads\/festival-de-cante-jondo-antonio-mairena-2026-programacion-entradas-y-como-llegar-desde-sevilla-01.webp","width":1491,"height":1055,"caption":"Festival de Cante Jondo Antonio Mairena 2026: programaci\u00f3n, entradas y c\u00f3mo llegar desde Sevilla"},{"@type":"BreadcrumbList","@id":"https:\/\/www.tablaosflamencos.com\/pt-pt\/festival-cante-jondo-antonio-mairena-2026.html#breadcrumb","itemListElement":[{"@type":"ListItem","position":1,"name":"Home","item":"https:\/\/www.tablaosflamencos.com\/pt-pt"},{"@type":"ListItem","position":2,"name":"Festival de Cante Jondo Antonio Mairena 2026: programa, bilhetes e como chegar desde Sevilha"}]},{"@type":"WebSite","@id":"https:\/\/www.tablaosflamencos.com\/pt-pt#website","url":"https:\/\/www.tablaosflamencos.com\/pt-pt","name":"Tablaos Flamencos","description":"Entradas para tablaos flamencos de Espa\u00f1a","publisher":{"@id":"https:\/\/www.tablaosflamencos.com\/pt-pt#organization"},"alternateName":"Tablaos Flamencos","potentialAction":[{"@type":"SearchAction","target":{"@type":"EntryPoint","urlTemplate":"https:\/\/www.tablaosflamencos.com\/pt-pt?s={search_term_string}"},"query-input":{"@type":"PropertyValueSpecification","valueRequired":true,"valueName":"search_term_string"}}],"inLanguage":"pt-PT"},{"@type":["Organization","Place","EntertainmentBusiness"],"@id":"https:\/\/www.tablaosflamencos.com\/pt-pt#organization","name":"Tablaos Flamencos","alternateName":"Tablaos Flamencos","url":"https:\/\/www.tablaosflamencos.com\/pt-pt","logo":{"@id":"https:\/\/www.tablaosflamencos.com\/pt-pt\/festival-cante-jondo-antonio-mairena-2026.html#local-main-organization-logo"},"image":{"@id":"https:\/\/www.tablaosflamencos.com\/pt-pt\/festival-cante-jondo-antonio-mairena-2026.html#local-main-organization-logo"},"sameAs":["https:\/\/www.facebook.com\/tablaosflamencos","https:\/\/x.com\/tablaosflamenco","https:\/\/mastodon.social\/@tablaosflamencos","https:\/\/www.instagram.com\/tablaosflamencos","https:\/\/tiktok.com\/@tablaosflamencos","https:\/\/www.linkedin.com\/company\/109408238\/"],"description":"Venta de entradas para espect\u00e1culos flamencos","legalName":"Tablaos Flamencos","foundingDate":"2015-01-01","numberOfEmployees":{"@type":"QuantitativeValue","minValue":"1","maxValue":"10"},"address":{"@id":"https:\/\/www.tablaosflamencos.com\/pt-pt\/festival-cante-jondo-antonio-mairena-2026.html#local-main-place-address"},"geo":{"@type":"GeoCoordinates","latitude":"37.3868072","longitude":"-5.993280299999999"},"telephone":["+34623787787"],"contactPoint":{"@type":"ContactPoint","telephone":"+34623787787","email":"info@tablaosflamencos.com"},"openingHoursSpecification":{"@type":"OpeningHoursSpecification","dayOfWeek":["Monday","Tuesday","Wednesday","Thursday","Friday","Saturday","Sunday"],"opens":"00:00","closes":"23:59"},"email":"info@tablaosflamencos.com","priceRange":"$$$","currenciesAccepted":"\u20ac"},{"@type":"Person","@id":"https:\/\/www.tablaosflamencos.com\/pt-pt#\/schema\/person\/e7a9ebe14eb75a52ceabfbffb3c54f5d","name":"Miguel Ortiz","description":"Miguel Ortiz es un empresario flamenco, con una s\u00f3lida trayectoria dentro del sector. Ha presidido entidades culturales vinculadas al flamenco y, cuenta con un amplio recorrido profesional en la gesti\u00f3n y promoci\u00f3n de espect\u00e1culos y tablaos flamencos. Su pasi\u00f3n por la historia y el arte flamenco se refleja en cada art\u00edculo, donde combina experiencia, criterio y un profundo respeto por la tradici\u00f3n.","sameAs":["https:\/\/www.tablaosflamencos.com","https:\/\/www.instagra.com\/miguelortizfe","https:\/\/www.linkedin.com\/in\/miguelortizf\/"],"birthDate":"1984-11-22","gender":"hombre","knowsLanguage":["espa\u00f1ol","ingl\u00e9s"],"jobTitle":"Empresario flamenco"},{"@type":"PostalAddress","@id":"https:\/\/www.tablaosflamencos.com\/pt-pt\/festival-cante-jondo-antonio-mairena-2026.html#local-main-place-address","streetAddress":"C\/ Alemanes, 19","addressLocality":"Sevilla","postalCode":"41004","addressRegion":"Sevilla","addressCountry":"ES"},{"@type":"ImageObject","inLanguage":"pt-PT","@id":"https:\/\/www.tablaosflamencos.com\/pt-pt\/festival-cante-jondo-antonio-mairena-2026.html#local-main-organization-logo","url":"https:\/\/www.tablaosflamencos.com\/wp-content\/uploads\/tablaos-flamencos-06-3.webp","contentUrl":"https:\/\/www.tablaosflamencos.com\/wp-content\/uploads\/tablaos-flamencos-06-3.webp","width":600,"height":620,"caption":"Tablaos Flamencos"}]},"geo.placename":"Sevilla","geo.position":{"lat":"37.3868072","long":"-5.993280299999999"},"geo.region":"Espanha"},"_links":{"self":[{"href":"https:\/\/www.tablaosflamencos.com\/pt-pt\/wp-json\/wp\/v2\/posts\/14389","targetHints":{"allow":["GET"]}}],"collection":[{"href":"https:\/\/www.tablaosflamencos.com\/pt-pt\/wp-json\/wp\/v2\/posts"}],"about":[{"href":"https:\/\/www.tablaosflamencos.com\/pt-pt\/wp-json\/wp\/v2\/types\/post"}],"author":[{"embeddable":true,"href":"https:\/\/www.tablaosflamencos.com\/pt-pt\/wp-json\/wp\/v2\/users\/1"}],"replies":[{"embeddable":true,"href":"https:\/\/www.tablaosflamencos.com\/pt-pt\/wp-json\/wp\/v2\/comments?post=14389"}],"version-history":[{"count":0,"href":"https:\/\/www.tablaosflamencos.com\/pt-pt\/wp-json\/wp\/v2\/posts\/14389\/revisions"}],"wp:featuredmedia":[{"embeddable":true,"href":"https:\/\/www.tablaosflamencos.com\/pt-pt\/wp-json\/wp\/v2\/media\/14378"}],"wp:attachment":[{"href":"https:\/\/www.tablaosflamencos.com\/pt-pt\/wp-json\/wp\/v2\/media?parent=14389"}],"wp:term":[{"taxonomy":"category","embeddable":true,"href":"https:\/\/www.tablaosflamencos.com\/pt-pt\/wp-json\/wp\/v2\/categories?post=14389"},{"taxonomy":"post_tag","embeddable":true,"href":"https:\/\/www.tablaosflamencos.com\/pt-pt\/wp-json\/wp\/v2\/tags?post=14389"}],"curies":[{"name":"wp","href":"https:\/\/api.w.org\/{rel}","templated":true}]}}