{"id":14382,"date":"2026-09-04T16:45:26","date_gmt":"2026-09-04T14:45:26","guid":{"rendered":"https:\/\/www.tablaosflamencos.com\/?p=14382"},"modified":"2026-09-04T17:18:07","modified_gmt":"2026-09-04T15:18:07","slug":"o-que-significa-flamenco-autentico","status":"publish","type":"post","link":"https:\/\/www.tablaosflamencos.com\/pt-pt\/o-que-significa-flamenco-autentico.html","title":{"rendered":"O que significa realmente \u00abflamenco aut\u00eantico\u00bb"},"content":{"rendered":"<section class=\"l-section wpb_row height_huge\"><div class=\"l-section-h i-cf\"><div class=\"g-cols vc_row via_flex valign_top type_default stacking_default\"><div class=\"vc_col-sm-6 wpb_column vc_column_container\"><div class=\"vc_column-inner\"><div class=\"wpb_wrapper\"><div class=\"wpb_text_column\"><div class=\"wpb_wrapper\"><h2>Uma express\u00e3o muito usada e poucas vezes explicada<\/h2>\n<p>A express\u00e3o <strong>\u00abflamenco aut\u00eantico\u00bb<\/strong> surge em cartazes, festivais, academias, tablaos, pe\u00f1as e folhetos tur\u00edsticos. \u00c0 primeira vista parece uma garantia simples: promete flamenco \u00aba s\u00e9rio\u00bb. No entanto, quanto mais se usa a palavra <em>aut\u00eantico<\/em>, mais necess\u00e1rio se torna perguntar o que significa exatamente e quem o pode decidir.<\/p>\n<p>O flamenco n\u00e3o \u00e9 um objeto antigo que deva conservar-se sem mudan\u00e7as, nem uma cena fixa que se possa copiar todas as noites. \u00c9 uma linguagem art\u00edstica viva, constru\u00edda atrav\u00e9s da transmiss\u00e3o, do conhecimento do comp\u00e1s, da mem\u00f3ria, da personalidade dos int\u00e9rpretes e da rela\u00e7\u00e3o criada em cada atua\u00e7\u00e3o. Por isso, a autenticidade n\u00e3o depende de reproduzir uma imagem pitoresca, mas de manter uma rela\u00e7\u00e3o honesta e competente com essa linguagem.<\/p>\n<\/div><\/div><\/div><\/div><\/div><div class=\"vc_col-sm-6 wpb_column vc_column_container\"><div class=\"vc_column-inner\"><div class=\"wpb_wrapper\"><div class=\"wpb_text_column\"><div class=\"wpb_wrapper\"><h2>A ideia essencial<\/h2>\n<p>O flamenco aut\u00eantico n\u00e3o tem de ser antigo, improvisado, humilde, minorit\u00e1rio ou incompreens\u00edvel para quem o ouve pela primeira vez. Pode surgir numa pe\u00f1a, num tablao, num teatro, numa pra\u00e7a, num festival ou numa cria\u00e7\u00e3o contempor\u00e2nea.<\/p>\n<p>O decisivo \u00e9 que exista <strong>conhecimento flamenco, inten\u00e7\u00e3o art\u00edstica e verdade interpretativa<\/strong>: que o cante, o toque, a dan\u00e7a e o comp\u00e1s n\u00e3o sejam mero cen\u00e1rio; que os artistas conhe\u00e7am os c\u00f3digos que utilizam; e que a proposta n\u00e3o finja ser aquilo que n\u00e3o \u00e9.<\/p>\n<p>A tradi\u00e7\u00e3o oferece a l\u00edngua. Cada int\u00e9rprete decide o que dizer com ela.<\/p>\n<\/div><\/div><\/div><\/div><\/div><\/div><\/div><\/section><section class=\"l-section wpb_row height_huge color_alternate with_shape\"><div class=\"l-section-shape type_zigzag pos_top\" style=\"height:3vmin;\"><svg xmlns=\"http:\/\/www.w3.org\/2000\/svg\" viewBox=\"0 0 64 8\" preserveAspectRatio=\"none\" width=\"100%\" height=\"100%\">\r\n\t<path fill=\"currentColor\" d=\"M64 8 L0 8 L0 0 L20 7.9 L40 3 L48 5 L64 0 Z\"\/>\r\n<\/svg><\/div><div class=\"l-section-shape type_zigzag pos_bottom\" style=\"height:3vmin;\"><svg xmlns=\"http:\/\/www.w3.org\/2000\/svg\" viewBox=\"0 0 64 8\" preserveAspectRatio=\"none\" width=\"100%\" height=\"100%\">\r\n\t<path fill=\"currentColor\" d=\"M64 8 L0 8 L0 0 L20 7.9 L40 3 L48 5 L64 0 Z\"\/>\r\n<\/svg><\/div><div class=\"l-section-h i-cf\"><div class=\"g-cols vc_row via_flex valign_top type_default stacking_default\"><div class=\"vc_col-sm-12 wpb_column vc_column_container\"><div class=\"vc_column-inner\"><div class=\"wpb_wrapper\"><div class=\"wpb_text_column\"><div class=\"wpb_wrapper\"><blockquote>\n<p><strong>Resposta r\u00e1pida:<\/strong> \u00abFlamenco aut\u00eantico\u00bb significa uma interpreta\u00e7\u00e3o realmente ligada \u00e0 linguagem flamenca: os seus comp\u00e1s, palos, formas de acompanhamento, mem\u00f3ria cultural e modos de comunica\u00e7\u00e3o entre artistas. N\u00e3o exige copiar o passado nem rejeitar os palcos profissionais. Pode ser tradicional ou inovador, \u00edntimo ou de grande formato. A autenticidade est\u00e1 no conhecimento, na escuta, na inten\u00e7\u00e3o e na coer\u00eancia da proposta, n\u00e3o nos clich\u00e9s que a rodeiam.<\/p>\n<\/blockquote>\n<\/div><\/div><\/div><\/div><\/div><\/div><\/div><\/section><section class=\"l-section wpb_row height_huge\"><div class=\"l-section-h i-cf\"><div class=\"g-cols vc_row via_flex valign_top type_default stacking_default\"><div class=\"vc_col-sm-3 wpb_column vc_column_container\"><div class=\"vc_column-inner\"><div class=\"wpb_wrapper\"><\/div><\/div><\/div><div class=\"vc_col-sm-6 wpb_column vc_column_container\"><div class=\"vc_column-inner\"><div class=\"wpb_wrapper\"><div class=\"wpb_text_column\"><div class=\"wpb_wrapper\"><h2>Conte\u00fado deste guia<\/h2>\n<ul>\n<li><a href=\"#definicion\">O que significa realmente flamenco aut\u00eantico<\/a><\/li>\n<li><a href=\"#tradicion-viva\">Porque a tradi\u00e7\u00e3o flamenca est\u00e1 viva<\/a><\/li>\n<li><a href=\"#lenguaje\">A linguagem que sustenta a autenticidade<\/a><\/li>\n<li><a href=\"#improvisacion\">Prepara\u00e7\u00e3o, improvisa\u00e7\u00e3o e espontaneidade<\/a><\/li>\n<li><a href=\"#contemporaneo\">O flamenco contempor\u00e2neo pode ser aut\u00eantico?<\/a><\/li>\n<li><a href=\"#lugares\">Tablao, pe\u00f1a, teatro ou festival<\/a><\/li>\n<li><a href=\"#mitos\">Mitos sobre o flamenco \u00aba s\u00e9rio\u00bb<\/a><\/li>\n<li><a href=\"#reconocer\">Como reconhecer uma proposta honesta<\/a><\/li>\n<li><a href=\"#responsabilidad\">Autenticidade, respeito e profissionaliza\u00e7\u00e3o<\/a><\/li>\n<li><a href=\"#faq\">Perguntas frequentes<\/a><\/li>\n<\/ul>\n<\/div><\/div><div class=\"w-separator size_medium\"><\/div><div class=\"wpb_text_column\"><div class=\"wpb_wrapper\"><h2>Uma distin\u00e7\u00e3o importante<\/h2>\n<p>Este artigo responde a uma pergunta cultural: <strong>o que queremos dizer quando chamamos aut\u00eantico ao flamenco<\/strong>. N\u00e3o pretende recomendar uma cidade, um bairro ou um espa\u00e7o espec\u00edfico.<\/p>\n<p>Se procura transformar estas ideias numa decis\u00e3o pr\u00e1tica, o nosso guia sobre <a href=\"https:\/\/www.tablaosflamencos.com\/donde-ver-flamenco-autentico-sevilla.html\">onde ver flamenco aut\u00eantico em Sevilha<\/a> explica como comparar formatos, salas e condi\u00e7\u00f5es antes de reservar. Separar as duas inten\u00e7\u00f5es permite aprofundar aqui o conceito sem transformar o artigo numa lista de estabelecimentos.<\/p>\n<\/div><\/div><\/div><\/div><\/div><div class=\"vc_col-sm-3 wpb_column vc_column_container\"><div class=\"vc_column-inner\"><div class=\"wpb_wrapper\"><\/div><\/div><\/div><\/div><\/div><\/section><section class=\"l-section wpb_row height_huge color_alternate with_shape\"><div class=\"l-section-shape type_zigzag pos_top\" style=\"height:3vmin;\"><svg xmlns=\"http:\/\/www.w3.org\/2000\/svg\" viewBox=\"0 0 64 8\" preserveAspectRatio=\"none\" width=\"100%\" height=\"100%\">\r\n\t<path fill=\"currentColor\" d=\"M64 8 L0 8 L0 0 L20 7.9 L40 3 L48 5 L64 0 Z\"\/>\r\n<\/svg><\/div><div class=\"l-section-shape type_zigzag pos_bottom\" style=\"height:3vmin;\"><svg xmlns=\"http:\/\/www.w3.org\/2000\/svg\" viewBox=\"0 0 64 8\" preserveAspectRatio=\"none\" width=\"100%\" height=\"100%\">\r\n\t<path fill=\"currentColor\" d=\"M64 8 L0 8 L0 0 L20 7.9 L40 3 L48 5 L64 0 Z\"\/>\r\n<\/svg><\/div><div class=\"l-section-h i-cf\"><div class=\"g-cols vc_row via_flex valign_top type_default stacking_default\"><div class=\"vc_col-sm-6 wpb_column vc_column_container\"><div class=\"vc_column-inner\"><div class=\"wpb_wrapper\"><div class=\"wpb_text_column\"><div class=\"wpb_wrapper\"><h2 id=\"definicion\">O que significa realmente \u00abflamenco aut\u00eantico\u00bb<\/h2>\n<p>A autenticidade n\u00e3o \u00e9 um estilo musical concreto nem um selo oficial. Tamb\u00e9m n\u00e3o existe uma autoridade \u00fanica capaz de a certificar. No flamenco, a palavra costuma reunir quatro ideias relacionadas.<\/p>\n<h3>Conhecimento<\/h3>\n<p>O int\u00e9rprete conhece os c\u00f3digos do g\u00e9nero: o comp\u00e1s, a estrutura dos palos, as chamadas, os fechos, a rela\u00e7\u00e3o entre letra e melodia e as possibilidades do acompanhamento. Esse conhecimento pode vir da transmiss\u00e3o familiar, da conviv\u00eancia art\u00edstica, do estudo formal ou de uma combina\u00e7\u00e3o de caminhos. O importante n\u00e3o \u00e9 apresentar determinada biografia, mas dominar a linguagem levada ao palco.<\/p>\n<h3>Continuidade<\/h3>\n<p>A proposta mant\u00e9m uma liga\u00e7\u00e3o reconhec\u00edvel com a tradi\u00e7\u00e3o flamenca. Isto n\u00e3o significa imitar uma grava\u00e7\u00e3o antiga, mas compreender de onde v\u00eam as formas utilizadas e como foram transmitidas. A continuidade permite transformar sem apagar o ponto de partida.<\/p>\n<\/div><\/div><\/div><\/div><\/div><div class=\"vc_col-sm-6 wpb_column vc_column_container\"><div class=\"vc_column-inner\"><div class=\"wpb_wrapper\"><div class=\"wpb_text_column\"><div class=\"wpb_wrapper\"><h3>Verdade interpretativa<\/h3>\n<p>A atua\u00e7\u00e3o tem inten\u00e7\u00e3o e presen\u00e7a. Os artistas n\u00e3o se limitam a reproduzir gestos associados ao flamenco: tomam decis\u00f5es musicais e c\u00e9nicas que fazem sentido na proposta. A emo\u00e7\u00e3o pode ser contida ou explosiva, sem precisar de ser exagerada para provar que existe.<\/p>\n<h3>Coer\u00eancia<\/h3>\n<p>Um espet\u00e1culo \u00e9 honesto quando cumpre o que promete. Uma cria\u00e7\u00e3o de vanguarda pode apresentar-se como tal; um recital tradicional tamb\u00e9m. O problema n\u00e3o \u00e9 misturar linguagens, usar ilumina\u00e7\u00e3o ou trabalhar para um p\u00fablico internacional. Surge quando a est\u00e9tica substitui por completo o conte\u00fado e se vende como flamenco aquilo que mal conserva os seus c\u00f3digos.<\/p>\n<p>Em resumo, autenticidade n\u00e3o \u00e9 parecer antigo. \u00c9 fazer com que forma, conte\u00fado e interpreta\u00e7\u00e3o mantenham uma rela\u00e7\u00e3o verdadeira com o flamenco.<\/p>\n<\/div><\/div><\/div><\/div><\/div><\/div><\/div><\/section><section class=\"l-section wpb_row height_huge\"><div class=\"l-section-h i-cf\"><div class=\"g-cols vc_row via_flex valign_top type_default stacking_default\"><div class=\"vc_col-sm-6 wpb_column vc_column_container\"><div class=\"vc_column-inner\"><div class=\"wpb_wrapper\"><div class=\"wpb_text_column\"><div class=\"wpb_wrapper\"><h2 id=\"tradicion-viva\">A tradi\u00e7\u00e3o flamenca n\u00e3o \u00e9 uma pe\u00e7a de museu<\/h2>\n<p>A tradi\u00e7\u00e3o confunde-se muitas vezes com a obriga\u00e7\u00e3o de repetir. Na realidade, uma tradi\u00e7\u00e3o cultural existe porque se transmite e porque cada gera\u00e7\u00e3o volta a dar-lhe forma. Se permanecesse totalmente im\u00f3vel, deixaria de responder \u00e0 vida de quem a pratica.<\/p>\n<p>O flamenco desenvolveu-se atrav\u00e9s de encontros, desloca\u00e7\u00f5es, repert\u00f3rios herdados, personalidades criadoras e contextos profissionais em mudan\u00e7a. N\u00e3o tem uma \u00fanica data de nascimento nem uma s\u00f3 linha de origem. A sua hist\u00f3ria est\u00e1 profundamente ligada \u00e0 Andaluzia, com um contributo fundamental do povo cigano andaluz e ra\u00edzes e desenvolvimentos partilhados tamb\u00e9m com territ\u00f3rios como M\u00farcia e Extremadura.<\/p>\n<p>A <a href=\"https:\/\/ich.unesco.org\/es\/RL\/el-flamenco-00363\" target=\"_blank\" rel=\"noopener\">UNESCO inscreveu o flamenco em 2010<\/a> na Lista Representativa do Patrim\u00f3nio Cultural Imaterial da Humanidade. A ideia de patrim\u00f3nio imaterial \u00e9 especialmente \u00fatil: n\u00e3o protege um objeto, mas conhecimentos, pr\u00e1ticas e formas de express\u00e3o que as comunidades reconhecem, transmitem e recriam.<\/p>\n<\/div><\/div><\/div><\/div><\/div><div class=\"vc_col-sm-6 wpb_column vc_column_container\"><div class=\"vc_column-inner\"><div class=\"wpb_wrapper\"><div class=\"wpb_text_column\"><div class=\"wpb_wrapper\"><h2>Heran\u00e7a n\u00e3o significa obedi\u00eancia cega<\/h2>\n<p>Todo o artista recebe materiais anteriores: comp\u00e1s, melodias, letras, recursos t\u00e9cnicos, formas de acompanhar e refer\u00eancias. Mas a transmiss\u00e3o nunca foi uma fotoc\u00f3pia perfeita. Mesmo dentro do mesmo palo surgem variantes locais, pessoais e geracionais.<\/p>\n<p>A <a href=\"https:\/\/www.juntadeandalucia.es\/organismos\/culturapatrimoniohistoricoydeporte\/areas\/cultura\/flamenco\/patrimonio-cultural-inmaterial.html\" target=\"_blank\" rel=\"noopener\">Junta da Andaluzia<\/a> resume essa dupla condi\u00e7\u00e3o ao apresentar o flamenco como passado, presente e futuro, tradi\u00e7\u00e3o e vanguarda. N\u00e3o \u00e9 uma contradi\u00e7\u00e3o. Uma cultura viva pode conservar mem\u00f3ria e produzir novidade ao mesmo tempo.<\/p>\n<p>Por isso, perguntar se uma proposta \u00e9 aut\u00eantica exige mais precis\u00e3o do que perguntar se \u00e9 \u00abcomo antigamente\u00bb. Conv\u00e9m observar se conhece aquilo que transforma e se a transforma\u00e7\u00e3o nasce de uma necessidade art\u00edstica, n\u00e3o apenas de uma apar\u00eancia comercial.<\/p>\n<\/div><\/div><\/div><\/div><\/div><\/div><\/div><\/section><section class=\"l-section wpb_row height_huge color_alternate with_shape\"><div class=\"l-section-shape type_zigzag pos_top hor_flip\" style=\"height:3vmin;\"><svg xmlns=\"http:\/\/www.w3.org\/2000\/svg\" viewBox=\"0 0 64 8\" preserveAspectRatio=\"none\" width=\"100%\" height=\"100%\">\r\n\t<path fill=\"currentColor\" d=\"M64 8 L0 8 L0 0 L20 7.9 L40 3 L48 5 L64 0 Z\"\/>\r\n<\/svg><\/div><div class=\"l-section-shape type_zigzag pos_bottom\" style=\"height:3vmin;\"><svg xmlns=\"http:\/\/www.w3.org\/2000\/svg\" viewBox=\"0 0 64 8\" preserveAspectRatio=\"none\" width=\"100%\" height=\"100%\">\r\n\t<path fill=\"currentColor\" d=\"M64 8 L0 8 L0 0 L20 7.9 L40 3 L48 5 L64 0 Z\"\/>\r\n<\/svg><\/div><div class=\"l-section-h i-cf\"><div class=\"g-cols vc_row via_flex valign_top type_default stacking_default\"><div class=\"vc_col-sm-6 wpb_column vc_column_container\"><div class=\"vc_column-inner\"><div class=\"wpb_wrapper\"><div class=\"wpb_text_column\"><div class=\"wpb_wrapper\"><h2 id=\"lenguaje\">A linguagem que sustenta a autenticidade<\/h2>\n<p>Falar de autenticidade sem falar de linguagem conduz facilmente aos clich\u00e9s. O flamenco possui formas, ritmos e rela\u00e7\u00f5es internas que permitem aos int\u00e9rpretes compreenderem-se.<\/p>\n<h3>O comp\u00e1s<\/h3>\n<p>O comp\u00e1s n\u00e3o \u00e9 apenas contar tempos. Organiza acentos, sil\u00eancios, entradas, remates e expectativas. Permite que uma cantaora, um guitarrista, uma bailaora e quem faz palmas saibam onde est\u00e3o, mesmo quando a atua\u00e7\u00e3o muda no momento.<\/p>\n<p>Nem todos os palos se articulam da mesma forma e alguns cantes t\u00eam um tratamento mais livre. Ainda assim, o sentido do tempo, da respira\u00e7\u00e3o e da estrutura continua essencial. O comp\u00e1s pode sentir-se claramente sem se tornar percuss\u00e3o constante.<\/p>\n<\/div><\/div><\/div><\/div><\/div><div class=\"vc_col-sm-6 wpb_column vc_column_container\"><div class=\"vc_column-inner\"><div class=\"wpb_wrapper\"><div class=\"wpb_text_column\"><div class=\"wpb_wrapper\"><h3>Cante, toque e dan\u00e7a<\/h3>\n<p>O <strong>cante<\/strong> n\u00e3o \u00e9 uma banda sonora para a dan\u00e7a; o <strong>toque<\/strong> n\u00e3o se limita a acompanhar ao fundo; e a <strong>dan\u00e7a<\/strong> n\u00e3o consiste em encadear passos vistosos. Numa verdadeira rela\u00e7\u00e3o flamenca, cada parte escuta e modifica as outras.<\/p>\n<p>A guitarra prepara, sust\u00e9m, comenta ou responde. O cante prop\u00f5e uma melodia, uma letra e uma intensidade. A dan\u00e7a pode chamar, esperar, marcar, contradizer ou fechar. As palmas e os jaleos participam na arquitetura do momento.<\/p>\n<p>Um espet\u00e1culo n\u00e3o tem de incluir sempre as mesmas disciplinas nem o mesmo n\u00famero de artistas. O aut\u00eantico n\u00e3o \u00e9 um modelo fixo. \u00c9 a compreens\u00e3o do papel de cada elemento e a qualidade da comunica\u00e7\u00e3o entre eles. O nosso <a href=\"https:\/\/www.tablaosflamencos.com\/diccionario-flamenco\">dicion\u00e1rio de flamenco<\/a> ajuda a conhecer muitos destes termos.<\/p>\n<\/div><\/div><\/div><\/div><\/div><\/div><\/div><\/section><section class=\"l-section wpb_row height_huge\"><div class=\"l-section-h i-cf\"><div class=\"g-cols vc_row via_flex valign_top type_default stacking_default\"><div class=\"vc_col-sm-6 wpb_column vc_column_container\"><div class=\"vc_column-inner\"><div class=\"wpb_wrapper\"><div class=\"wpb_text_column\"><div class=\"wpb_wrapper\"><h2 id=\"improvisacion\">Prepara\u00e7\u00e3o, improvisa\u00e7\u00e3o e espontaneidade<\/h2>\n<p>Um dos mitos mais persistentes afirma que o flamenco s\u00f3 \u00e9 aut\u00eantico quando surge sem ensaios. A realidade art\u00edstica \u00e9 mais interessante. Uma atua\u00e7\u00e3o pode estar preparada e conservar uma ampla margem de decis\u00e3o.<\/p>\n<p>Num tablao \u00e9 habitual existir uma ordem de interven\u00e7\u00e3o, uma dura\u00e7\u00e3o prevista e certas estruturas partilhadas. Isso n\u00e3o torna a atua\u00e7\u00e3o mec\u00e2nica. A letra escolhida, uma falseta, a extens\u00e3o de uma escobilla, a resposta a uma chamada, o car\u00e1ter de um sil\u00eancio ou a energia do p\u00fablico podem modificar o que acontece.<\/p>\n<p>A improvisa\u00e7\u00e3o flamenca n\u00e3o nasce da aus\u00eancia de regras, mas de as conhecer t\u00e3o bem que \u00e9 poss\u00edvel agir dentro delas em tempo real. O of\u00edcio cria liberdade.<\/p>\n<\/div><\/div><\/div><\/div><\/div><div class=\"vc_col-sm-6 wpb_column vc_column_container\"><div class=\"vc_column-inner\"><div class=\"wpb_wrapper\"><div class=\"wpb_text_column\"><div class=\"wpb_wrapper\"><h2>O espont\u00e2neo tamb\u00e9m precisa de contexto<\/h2>\n<p>Uma reuni\u00e3o privada pode produzir um momento irrepet\u00edvel, mas espontaneidade e autenticidade n\u00e3o s\u00e3o sin\u00f3nimos. Algo espont\u00e2neo pode ser superficial; algo cuidadosamente preparado pode ser profundamente verdadeiro.<\/p>\n<p>Conv\u00e9m evitar outra confus\u00e3o: um viajante n\u00e3o pode exigir acesso \u00e0 intimidade de uma fam\u00edlia, comunidade ou reuni\u00e3o de artistas para obter uma experi\u00eancia \u00abmais aut\u00eantica\u00bb. Essas situa\u00e7\u00f5es n\u00e3o s\u00e3o produtos tur\u00edsticos. Os espa\u00e7os profissionais oferecem outra rela\u00e7\u00e3o leg\u00edtima: artistas que trabalham, p\u00fablico que escuta e um contexto criado para partilhar flamenco de palco.<\/p>\n<p>Respeitar esta diferen\u00e7a \u00e9 aproximar-se do flamenco sem transformar a vida privada das suas comunidades numa atra\u00e7\u00e3o.<\/p>\n<\/div><\/div><\/div><\/div><\/div><\/div><\/div><\/section><section class=\"l-section wpb_row height_huge color_alternate with_shape\"><div class=\"l-section-shape type_zigzag pos_top\" style=\"height:3vmin;\"><svg xmlns=\"http:\/\/www.w3.org\/2000\/svg\" viewBox=\"0 0 64 8\" preserveAspectRatio=\"none\" width=\"100%\" height=\"100%\">\r\n\t<path fill=\"currentColor\" d=\"M64 8 L0 8 L0 0 L20 7.9 L40 3 L48 5 L64 0 Z\"\/>\r\n<\/svg><\/div><div class=\"l-section-shape type_zigzag pos_bottom\" style=\"height:3vmin;\"><svg xmlns=\"http:\/\/www.w3.org\/2000\/svg\" viewBox=\"0 0 64 8\" preserveAspectRatio=\"none\" width=\"100%\" height=\"100%\">\r\n\t<path fill=\"currentColor\" d=\"M64 8 L0 8 L0 0 L20 7.9 L40 3 L48 5 L64 0 Z\"\/>\r\n<\/svg><\/div><div class=\"l-section-h i-cf\"><div class=\"g-cols vc_row via_flex valign_top type_default stacking_default\"><div class=\"vc_col-sm-6 wpb_column vc_column_container\"><div class=\"vc_column-inner\"><div class=\"wpb_wrapper\"><div class=\"wpb_text_column\"><div class=\"wpb_wrapper\"><h2 id=\"contemporaneo\">O flamenco contempor\u00e2neo pode ser aut\u00eantico?<\/h2>\n<p>Sim. A contemporaneidade n\u00e3o invalida a autenticidade, tal como usar um teatro, uma cenografia ou novas tecnologias n\u00e3o apaga automaticamente o flamenco. A pergunta certa n\u00e3o \u00e9 se a proposta parece moderna, mas <strong>como se relaciona com a linguagem que transforma<\/strong>.<\/p>\n<p>Uma obra pode dialogar com a dan\u00e7a contempor\u00e2nea, o jazz, a eletr\u00f3nica, a poesia ou as artes visuais e manter uma s\u00f3lida identidade flamenca. Tamb\u00e9m pode acontecer o contr\u00e1rio: uma encena\u00e7\u00e3o cheia de folhos, bolinhas e guitarras pode usar os s\u00edmbolos exteriores sem construir um discurso flamenco coerente.<\/p>\n<p>A inova\u00e7\u00e3o com ra\u00edzes n\u00e3o pede licen\u00e7a ao passado, mas conhece-o. Quando o criador compreende os materiais e os modifica com inten\u00e7\u00e3o, a obra pode ampliar a tradi\u00e7\u00e3o em vez de a abandonar.<\/p>\n<\/div><\/div><\/div><\/div><\/div><div class=\"vc_col-sm-6 wpb_column vc_column_container\"><div class=\"vc_column-inner\"><div class=\"wpb_wrapper\"><div class=\"wpb_text_column\"><div class=\"wpb_wrapper\"><h2>E o flamenco mais tradicional?<\/h2>\n<p>A escolha de formas tradicionais tamb\u00e9m n\u00e3o garante, por si s\u00f3, uma interpreta\u00e7\u00e3o aut\u00eantica. Repetir uma letra conhecida ou vestir-se de determinada maneira n\u00e3o substitui a escuta, o comp\u00e1s nem a personalidade.<\/p>\n<p>Um recital de cante cl\u00e1ssico pode ser radicalmente vivo quando o int\u00e9rprete torna o repert\u00f3rio seu. Do mesmo modo, uma dan\u00e7a constru\u00edda sobre estruturas reconhec\u00edveis pode soar nova pela forma de habitar o tempo, relacionar-se com a guitarra ou resolver um fecho.<\/p>\n<p>Tradi\u00e7\u00e3o e cria\u00e7\u00e3o n\u00e3o ocupam extremos opostos. A tradi\u00e7\u00e3o oferece um campo de possibilidades; a cria\u00e7\u00e3o decide como percorr\u00ea-lo. Para conhecer as diferentes fam\u00edlias e estruturas, consulte o nosso guia de <a href=\"https:\/\/www.tablaosflamencos.com\/los-palos-del-flamenco\">palos do flamenco<\/a>.<\/p>\n<\/div><\/div><\/div><\/div><\/div><\/div><\/div><\/section><section class=\"l-section wpb_row height_huge\"><div class=\"l-section-h i-cf\"><div class=\"g-cols vc_row via_flex valign_top type_default stacking_default\"><div class=\"vc_col-sm-6 wpb_column vc_column_container\"><div class=\"vc_column-inner\"><div class=\"wpb_wrapper\"><div class=\"wpb_text_column\"><div class=\"wpb_wrapper\"><h2 id=\"lugares\">Tablao, pe\u00f1a, teatro ou festival: o lugar n\u00e3o concede autenticidade<\/h2>\n<p>Nenhum espa\u00e7o possui em exclusivo o flamenco \u00aba s\u00e9rio\u00bb. Cada formato cria condi\u00e7\u00f5es diferentes.<\/p>\n<p>Uma <strong>pe\u00f1a flamenca<\/strong> nasce da afici\u00f3n organizada e pode apoiar a transmiss\u00e3o, a escuta especializada e a programa\u00e7\u00e3o local. Um <strong>tablao<\/strong> oferece continuidade profissional, proximidade ao palco e trabalho regular aos artistas. Um <strong>teatro<\/strong> permite desenvolver obras de maior escala. Um <strong>festival<\/strong> pode reunir investiga\u00e7\u00e3o, mem\u00f3ria, grandes figuras e novas gera\u00e7\u00f5es.<\/p>\n<p>Em qualquer destes lugares pode haver uma atua\u00e7\u00e3o excecional, rotineira, arriscada ou falhada. O nome do recinto n\u00e3o decide o resultado.<\/p>\n<\/div><\/div><\/div><\/div><\/div><div class=\"vc_col-sm-6 wpb_column vc_column_container\"><div class=\"vc_column-inner\"><div class=\"wpb_wrapper\"><div class=\"wpb_text_column\"><div class=\"wpb_wrapper\"><h2>O p\u00fablico tur\u00edstico tamb\u00e9m n\u00e3o decide a qualidade<\/h2>\n<p>Uma atua\u00e7\u00e3o dirigida a visitantes n\u00e3o se torna falsa por isso. Os artistas n\u00e3o perdem o seu conhecimento porque parte do p\u00fablico vem de outros pa\u00edses. Na verdade, h\u00e1 d\u00e9cadas que os tablaos s\u00e3o espa\u00e7os de trabalho, aprendizagem, encontro e desenvolvimento art\u00edstico.<\/p>\n<p>O relevante \u00e9 saber se o flamenco ocupa o centro da experi\u00eancia ou serve de simples ambiente. Uma apresenta\u00e7\u00e3o acess\u00edvel pode ajudar um novo p\u00fablico sem simplificar a arte at\u00e9 a esvaziar. Explicar n\u00e3o \u00e9 diminuir; profissionalizar n\u00e3o \u00e9 falsificar; vender bilhetes n\u00e3o \u00e9 trair uma tradi\u00e7\u00e3o.<\/p>\n<p>Para escolher uma atua\u00e7\u00e3o devem avaliar-se o formato, o protagonismo do direto, a visibilidade e a informa\u00e7\u00e3o oferecida. Pode comparar propostas na nossa sele\u00e7\u00e3o de <a href=\"https:\/\/www.tablaosflamencos.com\/tablaos-flamencos\">tablaos flamencos em Espanha<\/a>.<\/p>\n<\/div><\/div><\/div><\/div><\/div><\/div><\/div><\/section><section class=\"l-section wpb_row height_huge color_alternate with_shape\"><div class=\"l-section-shape type_zigzag pos_top hor_flip\" style=\"height:3vmin;\"><svg xmlns=\"http:\/\/www.w3.org\/2000\/svg\" viewBox=\"0 0 64 8\" preserveAspectRatio=\"none\" width=\"100%\" height=\"100%\">\r\n\t<path fill=\"currentColor\" d=\"M64 8 L0 8 L0 0 L20 7.9 L40 3 L48 5 L64 0 Z\"\/>\r\n<\/svg><\/div><div class=\"l-section-shape type_zigzag pos_bottom\" style=\"height:3vmin;\"><svg xmlns=\"http:\/\/www.w3.org\/2000\/svg\" viewBox=\"0 0 64 8\" preserveAspectRatio=\"none\" width=\"100%\" height=\"100%\">\r\n\t<path fill=\"currentColor\" d=\"M64 8 L0 8 L0 0 L20 7.9 L40 3 L48 5 L64 0 Z\"\/>\r\n<\/svg><\/div><div class=\"l-section-h i-cf\"><div class=\"g-cols vc_row via_flex valign_top type_default stacking_default\"><div class=\"vc_col-sm-12 wpb_column vc_column_container\"><div class=\"vc_column-inner\"><div class=\"wpb_wrapper\"><div class=\"wpb_text_column\"><div class=\"wpb_wrapper\"><h2 id=\"mitos\" style=\"text-align: center;\">O que n\u00e3o prova que um flamenco seja aut\u00eantico<\/h2>\n<div style=\"overflow-x: auto;\">\n<table>\n<thead>\n<tr>\n<th>Ideia habitual<\/th>\n<th>Porque n\u00e3o basta<\/th>\n<th>O que conv\u00e9m observar<\/th>\n<\/tr>\n<\/thead>\n<tbody>\n<tr>\n<td><strong>\u00abN\u00e3o h\u00e1 turistas\u00bb<\/strong><\/td>\n<td>A origem do p\u00fablico n\u00e3o altera o conhecimento dos artistas.<\/td>\n<td>Qualidade interpretativa, escuta e protagonismo da atua\u00e7\u00e3o.<\/td>\n<\/tr>\n<tr>\n<td><strong>\u00abO espa\u00e7o \u00e9 muito pequeno\u00bb<\/strong><\/td>\n<td>A intimidade pode ajudar, mas n\u00e3o garante ac\u00fastica, visibilidade nem of\u00edcio.<\/td>\n<td>Condi\u00e7\u00f5es reais de escuta e rela\u00e7\u00e3o com o palco.<\/td>\n<\/tr>\n<tr>\n<td><strong>\u00abTudo \u00e9 improvisado\u00bb<\/strong><\/td>\n<td>O flamenco combina estruturas conhecidas com decis\u00f5es do momento.<\/td>\n<td>Capacidade de resposta dentro do comp\u00e1s.<\/td>\n<\/tr>\n<tr>\n<td><strong>\u00abN\u00e3o h\u00e1 produ\u00e7\u00e3o\u00bb<\/strong><\/td>\n<td>Uma boa ilumina\u00e7\u00e3o ou organiza\u00e7\u00e3o profissional n\u00e3o retiram verdade.<\/td>\n<td>Se a produ\u00e7\u00e3o serve a obra ou tenta esconder a sua fraqueza.<\/td>\n<\/tr>\n<tr>\n<td><strong>\u00ab\u00c9 antigo\u00bb<\/strong><\/td>\n<td>A antiguidade n\u00e3o garante que uma interpreta\u00e7\u00e3o esteja viva.<\/td>\n<td>Compreens\u00e3o, personalidade e sentido atual do repert\u00f3rio.<\/td>\n<\/tr>\n<tr>\n<td><strong>\u00abProvoca duende\u00bb<\/strong><\/td>\n<td>O duende \u00e9 uma imagem po\u00e9tica, n\u00e3o um certificado mensur\u00e1vel.<\/td>\n<td>Presen\u00e7a, tens\u00e3o art\u00edstica e comunica\u00e7\u00e3o, sem exigir uma emo\u00e7\u00e3o concreta.<\/td>\n<\/tr>\n<\/tbody>\n<\/table>\n<\/div>\n<\/div><\/div><\/div><\/div><\/div><\/div><\/div><\/section><section class=\"l-section wpb_row height_huge\"><div class=\"l-section-h i-cf\"><div class=\"g-cols vc_row via_flex valign_top type_default stacking_default\"><div class=\"vc_col-sm-6 wpb_column vc_column_container\"><div class=\"vc_column-inner\"><div class=\"wpb_wrapper\"><div class=\"wpb_text_column\"><div class=\"wpb_wrapper\"><h2 id=\"reconocer\">Como pode reconhec\u00ea-lo quem come\u00e7a?<\/h2>\n<p>N\u00e3o \u00e9 preciso identificar todos os palos para perceber uma verdadeira rela\u00e7\u00e3o art\u00edstica. Um espectador sem forma\u00e7\u00e3o pode observar sinais simples:<\/p>\n<ul>\n<li>Os int\u00e9rpretes <strong>escutam-se e olham-se<\/strong>, n\u00e3o parecem atuar em universos separados.<\/li>\n<li>A guitarra muda com o cante ou a dan\u00e7a, em vez de funcionar como uma base id\u00eantica.<\/li>\n<li>Os sil\u00eancios, as esperas e os momentos contidos t\u00eam import\u00e2ncia.<\/li>\n<li>As palmas sustentam a m\u00fasica e n\u00e3o s\u00e3o um ornamento permanente.<\/li>\n<li>O virtuosismo serve uma inten\u00e7\u00e3o, n\u00e3o uma sucess\u00e3o de truques.<\/li>\n<li>A atua\u00e7\u00e3o transmite uma identidade coerente, mesmo que o espectador n\u00e3o conhe\u00e7a as regras.<\/li>\n<\/ul>\n<p>Estes sinais n\u00e3o s\u00e3o uma prova matem\u00e1tica. Uma atua\u00e7\u00e3o pode ser s\u00f3bria, festiva, \u00e1spera, elegante, experimental ou popular. A autenticidade admite mais do que uma est\u00e9tica.<\/p>\n<\/div><\/div><\/div><\/div><\/div><div class=\"vc_col-sm-6 wpb_column vc_column_container\"><div class=\"vc_column-inner\"><div class=\"wpb_wrapper\"><div class=\"wpb_text_column\"><div class=\"wpb_wrapper\"><h2>Escutar antes de julgar<\/h2>\n<p>O flamenco \u00e9 muitas vezes recebido com expectativas aprendidas no cinema, na publicidade ou nas redes sociais. Algumas pessoas esperam velocidade constante; outras, dor solene; outras, vestidos vermelhos e castanholas. Quando o palco real n\u00e3o coincide com essa imagem, podem pensar que \u00abfalta alguma coisa\u00bb.<\/p>\n<p>Aproximar-se com aten\u00e7\u00e3o significa aceitar que o flamenco cont\u00e9m muitos carateres. H\u00e1 palos festivos e solenes, cantes com comp\u00e1s marcado e outros mais livres, propostas despidas e grandes produ\u00e7\u00f5es. Nem tudo procura o mesmo efeito.<\/p>\n<p>Uma boa primeira escuta n\u00e3o \u00e9 adivinhar nomes, mas perceber rela\u00e7\u00f5es: quem prop\u00f5e, quem responde, quando aumenta a tens\u00e3o, porque chega um sil\u00eancio e como se constr\u00f3i o final. Compreender essas liga\u00e7\u00f5es transforma a experi\u00eancia.<\/p>\n<\/div><\/div><\/div><\/div><\/div><\/div><\/div><\/section><section class=\"l-section wpb_row height_huge color_alternate with_shape\"><div class=\"l-section-shape type_zigzag pos_top\" style=\"height:3vmin;\"><svg xmlns=\"http:\/\/www.w3.org\/2000\/svg\" viewBox=\"0 0 64 8\" preserveAspectRatio=\"none\" width=\"100%\" height=\"100%\">\r\n\t<path fill=\"currentColor\" d=\"M64 8 L0 8 L0 0 L20 7.9 L40 3 L48 5 L64 0 Z\"\/>\r\n<\/svg><\/div><div class=\"l-section-shape type_zigzag pos_bottom\" style=\"height:3vmin;\"><svg xmlns=\"http:\/\/www.w3.org\/2000\/svg\" viewBox=\"0 0 64 8\" preserveAspectRatio=\"none\" width=\"100%\" height=\"100%\">\r\n\t<path fill=\"currentColor\" d=\"M64 8 L0 8 L0 0 L20 7.9 L40 3 L48 5 L64 0 Z\"\/>\r\n<\/svg><\/div><div class=\"l-section-h i-cf\"><div class=\"g-cols vc_row via_flex valign_top type_default stacking_default\"><div class=\"vc_col-sm-6 wpb_column vc_column_container\"><div class=\"vc_column-inner\"><div class=\"wpb_wrapper\"><div class=\"wpb_text_column\"><div class=\"wpb_wrapper\"><h2 id=\"responsabilidad\">Autenticidade tamb\u00e9m significa respeito<\/h2>\n<p>A discuss\u00e3o n\u00e3o deve limitar-se ao som. O flamenco aut\u00eantico faz parte de uma cultura e de um setor profissional. Apresent\u00e1-lo com respeito implica reconhecer os artistas, cuidar das suas condi\u00e7\u00f5es de trabalho, evitar transformar comunidades inteiras em estere\u00f3tipos e oferecer informa\u00e7\u00e3o clara ao p\u00fablico.<\/p>\n<p>Tamb\u00e9m significa compreender que os int\u00e9rpretes n\u00e3o t\u00eam de exibir sofrimento, intimidade ou uma biografia concreta para demonstrar verdade. A autoridade art\u00edstica vem do trabalho e do conhecimento, n\u00e3o de encaixar numa imagem rom\u00e2ntica de pobreza, marginalidade ou mist\u00e9rio.<\/p>\n<p>Defender a autenticidade n\u00e3o pode servir para negar a profissionaliza\u00e7\u00e3o. Receber por atuar, ensaiar, produzir uma obra, usar t\u00e9cnicas c\u00e9nicas ou dirigir-se a novos p\u00fablicos s\u00e3o partes leg\u00edtimas da atividade cultural.<\/p>\n<\/div><\/div><\/div><\/div><\/div><div class=\"vc_col-sm-6 wpb_column vc_column_container\"><div class=\"vc_column-inner\"><div class=\"wpb_wrapper\"><div class=\"wpb_text_column\"><div class=\"wpb_wrapper\"><h2>Uma palavra \u00fatil se for usada com precis\u00e3o<\/h2>\n<p>\u00abAut\u00eantico\u00bb pode ser uma palavra vazia quando apenas acompanha uma promessa comercial. Mas tamb\u00e9m pode nomear algo importante: a diferen\u00e7a entre usar o flamenco como decora\u00e7\u00e3o e trat\u00e1-lo como uma linguagem com hist\u00f3ria, regras, mem\u00f3ria e capacidade de mudan\u00e7a.<\/p>\n<p>Para a usar com rigor conv\u00e9m substituir afirma\u00e7\u00f5es absolutas por perguntas concretas. Quem interpreta? Que rela\u00e7\u00e3o existe entre as disciplinas? A proposta conhece os c\u00f3digos que utiliza? O tradicional est\u00e1 vivo ou apenas imitado? A inova\u00e7\u00e3o nasce do estudo? O espa\u00e7o protege a escuta? A comunica\u00e7\u00e3o \u00e9 transparente?<\/p>\n<p>Quanto mais precisa for a descri\u00e7\u00e3o, menos necess\u00e1rio ser\u00e1 repetir que algo \u00e9 \u00abaut\u00eantico\u00bb. A autenticidade acaba por se perceber nos detalhes.<\/p>\n<\/div><\/div><\/div><\/div><\/div><\/div><\/div><\/section><section class=\"l-section wpb_row height_huge\"><div class=\"l-section-h i-cf\"><div class=\"g-cols vc_row via_flex valign_top type_default stacking_default\"><div class=\"vc_col-sm-12 wpb_column vc_column_container\"><div class=\"vc_column-inner\"><div class=\"wpb_wrapper\"><div class=\"wpb_text_column\"><div class=\"wpb_wrapper\"><h2 style=\"text-align: center;\">Flamenco aut\u00eantico \u00e9 flamenco vivo<\/h2>\n<p style=\"text-align: center;\">O flamenco aut\u00eantico n\u00e3o \u00e9 uma c\u00f3pia im\u00f3vel do passado nem uma experi\u00eancia secreta reservada a especialistas. \u00c9 uma pr\u00e1tica viva que conserva mem\u00f3ria, domina os seus c\u00f3digos e permite que cada artista construa uma voz pr\u00f3pria.<\/p>\n<p style=\"text-align: center;\">Pode acontecer numa pe\u00f1a ou num grande teatro, perante aficionados veteranos ou pessoas que ouvem pela primeira vez. Pode respeitar uma forma tradicional ou dialogar com outras linguagens. O que n\u00e3o pode perder \u00e9 a rela\u00e7\u00e3o consciente com aquilo que o torna flamenco.<\/p>\n<p style=\"text-align: center;\">A melhor forma de se aproximar \u00e9 escutar sem clich\u00e9s: atender ao comp\u00e1s, \u00e0 comunica\u00e7\u00e3o e \u00e0 verdade da interpreta\u00e7\u00e3o. Depois, cada espectador poder\u00e1 descobrir qual forma de viver o flamenco lhe fala com maior intensidade.<\/p>\n<\/div><\/div><div class=\"w-separator size_medium\"><\/div><div class=\"w-hwrapper valign_top wrap stack_on_mobiles align_center\" style=\"--hwrapper-gap:1.2rem\"><div class=\"w-btn-wrapper align_none\"><a class=\"w-btn us-btn-style_1 icon_atleft\" href=\"https:\/\/www.tablaosflamencos.com\/pt-pt\/tablaos-flamencos\"><i class=\"fas fa-ticket-alt\"><\/i><span class=\"w-btn-label\">Descobrir tablaos e espet\u00e1culos de flamenco<\/span><\/a><\/div><div class=\"w-btn-wrapper align_none\"><a class=\"w-btn us-btn-style_1 icon_atleft\" href=\"https:\/\/www.tablaosflamencos.com\/pt-pt\/onde-ver-flamenco-autentico-sevilha.html\"><i class=\"fas fa-map-marked-alt\"><\/i><span class=\"w-btn-label\">Como escolher flamenco aut\u00eantico em Sevilha<\/span><\/a><\/div><\/div><\/div><\/div><\/div><\/div><\/div><\/section><section class=\"l-section wpb_row height_huge color_alternate with_shape\"><div class=\"l-section-shape type_zigzag pos_top\" style=\"height:3vmin;\"><svg xmlns=\"http:\/\/www.w3.org\/2000\/svg\" viewBox=\"0 0 64 8\" preserveAspectRatio=\"none\" width=\"100%\" height=\"100%\">\r\n\t<path fill=\"currentColor\" d=\"M64 8 L0 8 L0 0 L20 7.9 L40 3 L48 5 L64 0 Z\"\/>\r\n<\/svg><\/div><div class=\"l-section-shape type_zigzag pos_bottom\" style=\"height:3vmin;\"><svg xmlns=\"http:\/\/www.w3.org\/2000\/svg\" viewBox=\"0 0 64 8\" preserveAspectRatio=\"none\" width=\"100%\" height=\"100%\">\r\n\t<path fill=\"currentColor\" d=\"M64 8 L0 8 L0 0 L20 7.9 L40 3 L48 5 L64 0 Z\"\/>\r\n<\/svg><\/div><div class=\"l-section-h i-cf\"><div class=\"g-cols vc_row via_flex valign_top type_default stacking_default\"><div class=\"vc_col-sm-1\/5 wpb_column vc_column_container\"><div class=\"vc_column-inner\"><div class=\"wpb_wrapper\"><\/div><\/div><\/div><div class=\"vc_col-sm-3\/5 wpb_column vc_column_container\"><div class=\"vc_column-inner\"><div class=\"wpb_wrapper\"><div class=\"wpb_text_column\"><div class=\"wpb_wrapper\"><h2 id=\"faq\" style=\"text-align: center;\">Perguntas frequentes sobre flamenco aut\u00eantico<\/h2>\n<\/div><\/div><div class=\"w-separator size_medium\"><\/div><div class=\"w-tabs accordion toggle_style_1\" style=\"--sections-title-size:inherit;--sections-gap:0.5rem;\"><div class=\"w-tabs-sections titles-align_none icon_chevron cpos_right\"><div class=\"w-tabs-section\" id=\"v8c0\" itemscope itemprop=\"mainEntity\" itemtype=\"https:\/\/schema.org\/Question\"><button type=\"button\" class=\"w-tabs-section-header\" aria-controls=\"content-v8c0\" aria-expanded=\"false\"><div class=\"w-tabs-section-title\" itemprop=\"name\">O que significa flamenco aut\u00eantico?<\/div><div class=\"w-tabs-section-control\"><\/div><\/button><div  class=\"w-tabs-section-content\" id=\"content-v8c0\" itemscope itemprop=\"acceptedAnswer\" itemtype=\"https:\/\/schema.org\/Answer\"><div class=\"w-tabs-section-content-h i-cf\" itemprop=\"text\"><div class=\"wpb_text_column\"><div class=\"wpb_wrapper\"><p>Significa que a interpreta\u00e7\u00e3o mant\u00e9m uma rela\u00e7\u00e3o real e consciente com a linguagem flamenca: os seus comp\u00e1s, palos, formas de acompanhamento, mem\u00f3ria cultural e comunica\u00e7\u00e3o entre artistas. N\u00e3o depende de uma est\u00e9tica antiga nem de um lugar concreto.<\/p>\n<\/div><\/div><\/div><\/div><\/div><div class=\"w-tabs-section\" id=\"k9da\" itemscope itemprop=\"mainEntity\" itemtype=\"https:\/\/schema.org\/Question\"><button type=\"button\" class=\"w-tabs-section-header\" aria-controls=\"content-k9da\" aria-expanded=\"false\"><div class=\"w-tabs-section-title\" itemprop=\"name\">O flamenco aut\u00eantico tem de ser tradicional?<\/div><div class=\"w-tabs-section-control\"><\/div><\/button><div  class=\"w-tabs-section-content\" id=\"content-k9da\" itemscope itemprop=\"acceptedAnswer\" itemtype=\"https:\/\/schema.org\/Answer\"><div class=\"w-tabs-section-content-h i-cf\" itemprop=\"text\"><div class=\"wpb_text_column\"><div class=\"wpb_wrapper\"><p>N\u00e3o necessariamente. Uma proposta tradicional pode ser aut\u00eantica, mas tamb\u00e9m uma cria\u00e7\u00e3o contempor\u00e2nea que conhe\u00e7a os c\u00f3digos flamencos e os transforme com inten\u00e7\u00e3o art\u00edstica. Tradi\u00e7\u00e3o e inova\u00e7\u00e3o n\u00e3o s\u00e3o incompat\u00edveis.<\/p>\n<\/div><\/div><\/div><\/div><\/div><div class=\"w-tabs-section\" id=\"racd\" itemscope itemprop=\"mainEntity\" itemtype=\"https:\/\/schema.org\/Question\"><button type=\"button\" class=\"w-tabs-section-header\" aria-controls=\"content-racd\" aria-expanded=\"false\"><div class=\"w-tabs-section-title\" itemprop=\"name\">Pode existir flamenco aut\u00eantico num tablao tur\u00edstico?<\/div><div class=\"w-tabs-section-control\"><\/div><\/button><div  class=\"w-tabs-section-content\" id=\"content-racd\" itemscope itemprop=\"acceptedAnswer\" itemtype=\"https:\/\/schema.org\/Answer\"><div class=\"w-tabs-section-content-h i-cf\" itemprop=\"text\"><div class=\"wpb_text_column\"><div class=\"wpb_wrapper\"><p>Sim. A origem do p\u00fablico n\u00e3o determina a qualidade. Um tablao pode oferecer flamenco aut\u00eantico quando trabalha com artistas profissionais, d\u00e1 protagonismo \u00e0 atua\u00e7\u00e3o ao vivo e cria boas condi\u00e7\u00f5es de escuta.<\/p>\n<\/div><\/div><\/div><\/div><\/div><div class=\"w-tabs-section\" id=\"obb0\" itemscope itemprop=\"mainEntity\" itemtype=\"https:\/\/schema.org\/Question\"><button type=\"button\" class=\"w-tabs-section-header\" aria-controls=\"content-obb0\" aria-expanded=\"false\"><div class=\"w-tabs-section-title\" itemprop=\"name\">Uma pe\u00f1a \u00e9 sempre mais aut\u00eantica do que um tablao?<\/div><div class=\"w-tabs-section-control\"><\/div><\/button><div  class=\"w-tabs-section-content\" id=\"content-obb0\" itemscope itemprop=\"acceptedAnswer\" itemtype=\"https:\/\/schema.org\/Answer\"><div class=\"w-tabs-section-content-h i-cf\" itemprop=\"text\"><div class=\"wpb_text_column\"><div class=\"wpb_wrapper\"><p>N\u00e3o. As pe\u00f1as cumprem uma fun\u00e7\u00e3o cultural essencial e os tablaos sustentam uma importante atividade profissional, mas nenhum formato garante por si s\u00f3 o resultado art\u00edstico. A autenticidade depende do que acontece na atua\u00e7\u00e3o.<\/p>\n<\/div><\/div><\/div><\/div><\/div><div class=\"w-tabs-section\" id=\"bc95\" itemscope itemprop=\"mainEntity\" itemtype=\"https:\/\/schema.org\/Question\"><button type=\"button\" class=\"w-tabs-section-header\" aria-controls=\"content-bc95\" aria-expanded=\"false\"><div class=\"w-tabs-section-title\" itemprop=\"name\">O flamenco deve ser improvisado para ser aut\u00eantico?<\/div><div class=\"w-tabs-section-control\"><\/div><\/button><div  class=\"w-tabs-section-content\" id=\"content-bc95\" itemscope itemprop=\"acceptedAnswer\" itemtype=\"https:\/\/schema.org\/Answer\"><div class=\"w-tabs-section-content-h i-cf\" itemprop=\"text\"><div class=\"wpb_text_column\"><div class=\"wpb_wrapper\"><p>N\u00e3o. O flamenco combina prepara\u00e7\u00e3o, estruturas partilhadas e decis\u00f5es do momento. A improvisa\u00e7\u00e3o nasce do dom\u00ednio dos c\u00f3digos, n\u00e3o da aus\u00eancia de ensaios ou regras.<\/p>\n<\/div><\/div><\/div><\/div><\/div><div class=\"w-tabs-section\" id=\"zd62\" itemscope itemprop=\"mainEntity\" itemtype=\"https:\/\/schema.org\/Question\"><button type=\"button\" class=\"w-tabs-section-header\" aria-controls=\"content-zd62\" aria-expanded=\"false\"><div class=\"w-tabs-section-title\" itemprop=\"name\">A roupa, a decora\u00e7\u00e3o ou o tamanho da sala indicam autenticidade?<\/div><div class=\"w-tabs-section-control\"><\/div><\/button><div  class=\"w-tabs-section-content\" id=\"content-zd62\" itemscope itemprop=\"acceptedAnswer\" itemtype=\"https:\/\/schema.org\/Answer\"><div class=\"w-tabs-section-content-h i-cf\" itemprop=\"text\"><div class=\"wpb_text_column\"><div class=\"wpb_wrapper\"><p>N\u00e3o. Esses elementos podem contribuir para a experi\u00eancia, mas n\u00e3o certificam a qualidade art\u00edstica. Conv\u00e9m observar o comp\u00e1s, a interpreta\u00e7\u00e3o, a escuta entre artistas e a coer\u00eancia da proposta.<\/p>\n<\/div><\/div><\/div><\/div><\/div><div class=\"w-tabs-section\" id=\"pe4b\" itemscope itemprop=\"mainEntity\" itemtype=\"https:\/\/schema.org\/Question\"><button type=\"button\" class=\"w-tabs-section-header\" aria-controls=\"content-pe4b\" aria-expanded=\"false\"><div class=\"w-tabs-section-title\" itemprop=\"name\">Qual \u00e9 o papel do comp\u00e1s no flamenco aut\u00eantico?<\/div><div class=\"w-tabs-section-control\"><\/div><\/button><div  class=\"w-tabs-section-content\" id=\"content-pe4b\" itemscope itemprop=\"acceptedAnswer\" itemtype=\"https:\/\/schema.org\/Answer\"><div class=\"w-tabs-section-content-h i-cf\" itemprop=\"text\"><div class=\"wpb_text_column\"><div class=\"wpb_wrapper\"><p>O comp\u00e1s organiza acentos, sil\u00eancios, chamadas e fechos e permite que cante, guitarra, dan\u00e7a e palmas comuniquem. Nem todos os palos o mostram da mesma forma, mas o sentido do tempo e da estrutura \u00e9 fundamental.<\/p>\n<\/div><\/div><\/div><\/div><\/div><div class=\"w-tabs-section\" id=\"nf13\" itemscope itemprop=\"mainEntity\" itemtype=\"https:\/\/schema.org\/Question\"><button type=\"button\" class=\"w-tabs-section-header\" aria-controls=\"content-nf13\" aria-expanded=\"false\"><div class=\"w-tabs-section-title\" itemprop=\"name\">\u00c9 poss\u00edvel aprender a reconhecer o flamenco aut\u00eantico?<\/div><div class=\"w-tabs-section-control\"><\/div><\/button><div  class=\"w-tabs-section-content\" id=\"content-nf13\" itemscope itemprop=\"acceptedAnswer\" itemtype=\"https:\/\/schema.org\/Answer\"><div class=\"w-tabs-section-content-h i-cf\" itemprop=\"text\"><div class=\"wpb_text_column\"><div class=\"wpb_wrapper\"><p>Sim. N\u00e3o \u00e9 preciso ser especialista. Escutar diferentes palos, observar como os int\u00e9rpretes se relacionam e conhecer conceitos b\u00e1sicos ajuda a distinguir uma proposta flamenca s\u00f3lida de uma ambienta\u00e7\u00e3o baseada apenas em clich\u00e9s.<\/p>\n<\/div><\/div><\/div><\/div><\/div><div class=\"w-tabs-section\" id=\"b00a\" itemscope itemprop=\"mainEntity\" itemtype=\"https:\/\/schema.org\/Question\"><button type=\"button\" class=\"w-tabs-section-header\" aria-controls=\"content-b00a\" aria-expanded=\"false\"><div class=\"w-tabs-section-title\" itemprop=\"name\">O flamenco aut\u00eantico pertence apenas \u00e0 Andaluzia?<\/div><div class=\"w-tabs-section-control\"><\/div><\/button><div  class=\"w-tabs-section-content\" id=\"content-b00a\" itemscope itemprop=\"acceptedAnswer\" itemtype=\"https:\/\/schema.org\/Answer\"><div class=\"w-tabs-section-content-h i-cf\" itemprop=\"text\"><div class=\"wpb_text_column\"><div class=\"wpb_wrapper\"><p>A Andaluzia \u00e9 o seu principal territ\u00f3rio hist\u00f3rico e o povo cigano andaluz deu um contributo fundamental, embora o flamenco tamb\u00e9m tenha ra\u00edzes e desenvolvimentos ligados a M\u00farcia e Extremadura e hoje seja interpretado internacionalmente. A geografia importa como mem\u00f3ria, mas n\u00e3o funciona como uma fronteira art\u00edstica absoluta.<\/p>\n<\/div><\/div><\/div><\/div><\/div><div class=\"w-tabs-section\" id=\"h0e0\" itemscope itemprop=\"mainEntity\" itemtype=\"https:\/\/schema.org\/Question\"><button type=\"button\" class=\"w-tabs-section-header\" aria-controls=\"content-h0e0\" aria-expanded=\"false\"><div class=\"w-tabs-section-title\" itemprop=\"name\">Porque \u00e9 t\u00e3o dif\u00edcil definir a autenticidade no flamenco?<\/div><div class=\"w-tabs-section-control\"><\/div><\/button><div  class=\"w-tabs-section-content\" id=\"content-h0e0\" itemscope itemprop=\"acceptedAnswer\" itemtype=\"https:\/\/schema.org\/Answer\"><div class=\"w-tabs-section-content-h i-cf\" itemprop=\"text\"><div class=\"wpb_text_column\"><div class=\"wpb_wrapper\"><p>Porque o flamenco \u00e9 uma tradi\u00e7\u00e3o viva, plural e em mudan\u00e7a. N\u00e3o existe uma \u00fanica est\u00e9tica nem uma autoridade capaz de certificar cada proposta. A defini\u00e7\u00e3o deve considerar o conhecimento, a continuidade, a verdade interpretativa e a coer\u00eancia.<\/p>\n<\/div><\/div><\/div><\/div><\/div><\/div><\/div><\/div><\/div><\/div><div class=\"vc_col-sm-1\/5 wpb_column vc_column_container\"><div class=\"vc_column-inner\"><div class=\"wpb_wrapper\"><\/div><\/div><\/div><\/div><\/div><\/section>\n","protected":false},"excerpt":{"rendered":"<p>O que significa realmente flamenco aut\u00eantico: tradi\u00e7\u00e3o viva, comp\u00e1s, cante, dan\u00e7a, guitarra, improvisa\u00e7\u00e3o, conhecimento e verdade art\u00edstica.<\/p>\n","protected":false},"author":1,"featured_media":14375,"comment_status":"closed","ping_status":"closed","sticky":false,"template":"","format":"standard","meta":{"_acf_changed":false,"wpai_generated_summary":"","_ayudawp_aiss_exclude":false,"_ayudawp_aiss_exclude_summary":false,"_ayudawp_aiss_summary":"","_ayudawp_aiss_summary_provider":"","_ayudawp_aiss_summary_hash":"","footnotes":""},"categories":[363],"tags":[1405,1973,1409,1974,1410,1976,1977],"class_list":["post-14382","post","type-post","status-publish","format-standard","has-post-thumbnail","hentry","category-historia-do-flamenco","tag-cante-flamenco-pt","tag-cultura-flamenca-pt","tag-danca-flamenca","tag-flamenco-autentico-pt","tag-guitarra-flamenca-pt","tag-patrimonio-cultural-imaterial","tag-tradicao-flamenca"],"acf":[],"yoast_head":"<!-- This site is optimized with the Yoast SEO Premium plugin v28.4 (Yoast SEO v28.4) - https:\/\/yoast.com\/product\/yoast-seo-premium-wordpress\/ -->\n<title>Flamenco aut\u00eantico: significado, chaves e mitos<\/title>\n<meta name=\"description\" content=\"O que significa flamenco aut\u00eantico: tradi\u00e7\u00e3o viva, comp\u00e1s, cante, dan\u00e7a, guitarra, improvisa\u00e7\u00e3o e crit\u00e9rios para evitar clich\u00e9s.\" \/>\n<meta name=\"robots\" content=\"index, follow, max-snippet:-1, max-image-preview:large, max-video-preview:-1\" \/>\n<link rel=\"canonical\" href=\"https:\/\/www.tablaosflamencos.com\/pt-pt\/o-que-significa-flamenco-autentico.html\" \/>\n<meta property=\"og:locale\" content=\"pt_PT\" \/>\n<meta property=\"og:type\" content=\"article\" \/>\n<meta property=\"og:title\" content=\"O que significa realmente \u00abflamenco aut\u00eantico\u00bb\" \/>\n<meta property=\"og:description\" content=\"O que significa flamenco aut\u00eantico: tradi\u00e7\u00e3o viva, comp\u00e1s, cante, dan\u00e7a, guitarra, improvisa\u00e7\u00e3o e crit\u00e9rios para evitar clich\u00e9s.\" \/>\n<meta property=\"og:url\" content=\"https:\/\/www.tablaosflamencos.com\/pt-pt\/o-que-significa-flamenco-autentico.html\" \/>\n<meta property=\"og:site_name\" content=\"Tablaos Flamencos\" \/>\n<meta property=\"article:publisher\" content=\"https:\/\/www.facebook.com\/tablaosflamencos\" \/>\n<meta property=\"article:published_time\" content=\"2026-09-04T14:45:26+00:00\" \/>\n<meta property=\"article:modified_time\" content=\"2026-09-04T15:18:07+00:00\" \/>\n<meta property=\"og:image\" content=\"https:\/\/www.tablaosflamencos.com\/wp-content\/uploads\/que-significa-realmente-flamenco-autentico-01.webp\" \/>\n\t<meta property=\"og:image:width\" content=\"1672\" \/>\n\t<meta property=\"og:image:height\" content=\"941\" \/>\n\t<meta property=\"og:image:type\" content=\"image\/webp\" \/>\n<meta name=\"author\" content=\"Miguel Ortiz\" \/>\n<meta name=\"twitter:card\" content=\"summary_large_image\" \/>\n<meta name=\"twitter:creator\" content=\"@tablaosflamenco\" \/>\n<meta name=\"twitter:site\" content=\"@tablaosflamenco\" \/>\n<meta name=\"twitter:label1\" content=\"Escrito por\" \/>\n\t<meta name=\"twitter:data1\" content=\"Miguel Ortiz\" \/>\n\t<meta name=\"twitter:label2\" content=\"Tempo estimado de leitura\" \/>\n\t<meta name=\"twitter:data2\" content=\"22 minutos\" \/>\n<script type=\"application\/ld+json\" class=\"yoast-schema-graph\">{\"@context\":\"https:\\\/\\\/schema.org\",\"@graph\":[{\"@type\":\"Article\",\"@id\":\"https:\\\/\\\/www.tablaosflamencos.com\\\/pt-pt\\\/o-que-significa-flamenco-autentico.html#article\",\"isPartOf\":{\"@id\":\"https:\\\/\\\/www.tablaosflamencos.com\\\/pt-pt\\\/o-que-significa-flamenco-autentico.html\"},\"author\":{\"name\":\"Miguel Ortiz\",\"@id\":\"https:\\\/\\\/www.tablaosflamencos.com\\\/pt-pt#\\\/schema\\\/person\\\/e7a9ebe14eb75a52ceabfbffb3c54f5d\"},\"headline\":\"O que significa realmente \u00abflamenco aut\u00eantico\u00bb\",\"datePublished\":\"2026-09-04T14:45:26+00:00\",\"dateModified\":\"2026-09-04T15:18:07+00:00\",\"mainEntityOfPage\":{\"@id\":\"https:\\\/\\\/www.tablaosflamencos.com\\\/pt-pt\\\/o-que-significa-flamenco-autentico.html\"},\"wordCount\":4312,\"publisher\":{\"@id\":\"https:\\\/\\\/www.tablaosflamencos.com\\\/pt-pt#organization\"},\"image\":{\"@id\":\"https:\\\/\\\/www.tablaosflamencos.com\\\/pt-pt\\\/o-que-significa-flamenco-autentico.html#primaryimage\"},\"thumbnailUrl\":\"https:\\\/\\\/www.tablaosflamencos.com\\\/wp-content\\\/uploads\\\/que-significa-realmente-flamenco-autentico-01.webp\",\"keywords\":[\"cante flamenco\",\"cultura flamenca\",\"dan\u00e7a flamenca\",\"flamenco aut\u00eantico\",\"guitarra flamenca\",\"Patrim\u00f3nio Cultural Imaterial\",\"tradi\u00e7\u00e3o flamenca\"],\"articleSection\":[\"Hist\u00f3ria do flamenco\"],\"inLanguage\":\"pt-PT\"},{\"@type\":\"WebPage\",\"@id\":\"https:\\\/\\\/www.tablaosflamencos.com\\\/pt-pt\\\/o-que-significa-flamenco-autentico.html\",\"url\":\"https:\\\/\\\/www.tablaosflamencos.com\\\/pt-pt\\\/o-que-significa-flamenco-autentico.html\",\"name\":\"Flamenco aut\u00eantico: significado, chaves e mitos\",\"isPartOf\":{\"@id\":\"https:\\\/\\\/www.tablaosflamencos.com\\\/pt-pt#website\"},\"primaryImageOfPage\":{\"@id\":\"https:\\\/\\\/www.tablaosflamencos.com\\\/pt-pt\\\/o-que-significa-flamenco-autentico.html#primaryimage\"},\"image\":{\"@id\":\"https:\\\/\\\/www.tablaosflamencos.com\\\/pt-pt\\\/o-que-significa-flamenco-autentico.html#primaryimage\"},\"thumbnailUrl\":\"https:\\\/\\\/www.tablaosflamencos.com\\\/wp-content\\\/uploads\\\/que-significa-realmente-flamenco-autentico-01.webp\",\"datePublished\":\"2026-09-04T14:45:26+00:00\",\"dateModified\":\"2026-09-04T15:18:07+00:00\",\"description\":\"O que significa flamenco aut\u00eantico: tradi\u00e7\u00e3o viva, comp\u00e1s, cante, dan\u00e7a, guitarra, improvisa\u00e7\u00e3o e crit\u00e9rios para evitar clich\u00e9s.\",\"breadcrumb\":{\"@id\":\"https:\\\/\\\/www.tablaosflamencos.com\\\/pt-pt\\\/o-que-significa-flamenco-autentico.html#breadcrumb\"},\"inLanguage\":\"pt-PT\",\"potentialAction\":[{\"@type\":\"ReadAction\",\"target\":[\"https:\\\/\\\/www.tablaosflamencos.com\\\/pt-pt\\\/o-que-significa-flamenco-autentico.html\"]}]},{\"@type\":\"ImageObject\",\"inLanguage\":\"pt-PT\",\"@id\":\"https:\\\/\\\/www.tablaosflamencos.com\\\/pt-pt\\\/o-que-significa-flamenco-autentico.html#primaryimage\",\"url\":\"https:\\\/\\\/www.tablaosflamencos.com\\\/wp-content\\\/uploads\\\/que-significa-realmente-flamenco-autentico-01.webp\",\"contentUrl\":\"https:\\\/\\\/www.tablaosflamencos.com\\\/wp-content\\\/uploads\\\/que-significa-realmente-flamenco-autentico-01.webp\",\"width\":1672,\"height\":941,\"caption\":\"Qu\u00e9 significa realmente el flamenco aut\u00e9ntico\"},{\"@type\":\"BreadcrumbList\",\"@id\":\"https:\\\/\\\/www.tablaosflamencos.com\\\/pt-pt\\\/o-que-significa-flamenco-autentico.html#breadcrumb\",\"itemListElement\":[{\"@type\":\"ListItem\",\"position\":1,\"name\":\"Home\",\"item\":\"https:\\\/\\\/www.tablaosflamencos.com\\\/pt-pt\"},{\"@type\":\"ListItem\",\"position\":2,\"name\":\"O que significa realmente \u00abflamenco aut\u00eantico\u00bb\"}]},{\"@type\":\"WebSite\",\"@id\":\"https:\\\/\\\/www.tablaosflamencos.com\\\/pt-pt#website\",\"url\":\"https:\\\/\\\/www.tablaosflamencos.com\\\/pt-pt\",\"name\":\"Tablaos Flamencos\",\"description\":\"Entradas para tablaos flamencos de Espa\u00f1a\",\"publisher\":{\"@id\":\"https:\\\/\\\/www.tablaosflamencos.com\\\/pt-pt#organization\"},\"alternateName\":\"Tablaos Flamencos\",\"potentialAction\":[{\"@type\":\"SearchAction\",\"target\":{\"@type\":\"EntryPoint\",\"urlTemplate\":\"https:\\\/\\\/www.tablaosflamencos.com\\\/pt-pt?s={search_term_string}\"},\"query-input\":{\"@type\":\"PropertyValueSpecification\",\"valueRequired\":true,\"valueName\":\"search_term_string\"}}],\"inLanguage\":\"pt-PT\"},{\"@type\":[\"Organization\",\"Place\",\"EntertainmentBusiness\"],\"@id\":\"https:\\\/\\\/www.tablaosflamencos.com\\\/pt-pt#organization\",\"name\":\"Tablaos Flamencos\",\"alternateName\":\"Tablaos Flamencos\",\"url\":\"https:\\\/\\\/www.tablaosflamencos.com\\\/pt-pt\",\"logo\":{\"@id\":\"https:\\\/\\\/www.tablaosflamencos.com\\\/pt-pt\\\/o-que-significa-flamenco-autentico.html#local-main-organization-logo\"},\"image\":{\"@id\":\"https:\\\/\\\/www.tablaosflamencos.com\\\/pt-pt\\\/o-que-significa-flamenco-autentico.html#local-main-organization-logo\"},\"sameAs\":[\"https:\\\/\\\/www.facebook.com\\\/tablaosflamencos\",\"https:\\\/\\\/x.com\\\/tablaosflamenco\",\"https:\\\/\\\/mastodon.social\\\/@tablaosflamencos\",\"https:\\\/\\\/www.instagram.com\\\/tablaosflamencos\",\"https:\\\/\\\/tiktok.com\\\/@tablaosflamencos\",\"https:\\\/\\\/www.linkedin.com\\\/company\\\/109408238\\\/\"],\"description\":\"Venta de entradas para espect\u00e1culos flamencos\",\"legalName\":\"Tablaos Flamencos\",\"foundingDate\":\"2015-01-01\",\"numberOfEmployees\":{\"@type\":\"QuantitativeValue\",\"minValue\":\"1\",\"maxValue\":\"10\"},\"address\":{\"@id\":\"https:\\\/\\\/www.tablaosflamencos.com\\\/pt-pt\\\/o-que-significa-flamenco-autentico.html#local-main-place-address\"},\"geo\":{\"@type\":\"GeoCoordinates\",\"latitude\":\"37.3868072\",\"longitude\":\"-5.993280299999999\"},\"telephone\":[\"+34623787787\"],\"contactPoint\":{\"@type\":\"ContactPoint\",\"telephone\":\"+34623787787\",\"email\":\"info@tablaosflamencos.com\"},\"openingHoursSpecification\":{\"@type\":\"OpeningHoursSpecification\",\"dayOfWeek\":[\"Monday\",\"Tuesday\",\"Wednesday\",\"Thursday\",\"Friday\",\"Saturday\",\"Sunday\"],\"opens\":\"00:00\",\"closes\":\"23:59\"},\"email\":\"info@tablaosflamencos.com\",\"priceRange\":\"$$$\",\"currenciesAccepted\":\"\u20ac\"},{\"@type\":\"Person\",\"@id\":\"https:\\\/\\\/www.tablaosflamencos.com\\\/pt-pt#\\\/schema\\\/person\\\/e7a9ebe14eb75a52ceabfbffb3c54f5d\",\"name\":\"Miguel Ortiz\",\"description\":\"Miguel Ortiz es un empresario flamenco, con una s\u00f3lida trayectoria dentro del sector. Ha presidido entidades culturales vinculadas al flamenco y, cuenta con un amplio recorrido profesional en la gesti\u00f3n y promoci\u00f3n de espect\u00e1culos y tablaos flamencos. Su pasi\u00f3n por la historia y el arte flamenco se refleja en cada art\u00edculo, donde combina experiencia, criterio y un profundo respeto por la tradici\u00f3n.\",\"sameAs\":[\"https:\\\/\\\/www.tablaosflamencos.com\",\"https:\\\/\\\/www.instagra.com\\\/miguelortizfe\",\"https:\\\/\\\/www.linkedin.com\\\/in\\\/miguelortizf\\\/\"],\"birthDate\":\"1984-11-22\",\"gender\":\"hombre\",\"knowsLanguage\":[\"espa\u00f1ol\",\"ingl\u00e9s\"],\"jobTitle\":\"Empresario flamenco\"},{\"@type\":\"PostalAddress\",\"@id\":\"https:\\\/\\\/www.tablaosflamencos.com\\\/pt-pt\\\/o-que-significa-flamenco-autentico.html#local-main-place-address\",\"streetAddress\":\"C\\\/ Alemanes, 19\",\"addressLocality\":\"Sevilla\",\"postalCode\":\"41004\",\"addressRegion\":\"Sevilla\",\"addressCountry\":\"ES\"},{\"@type\":\"ImageObject\",\"inLanguage\":\"pt-PT\",\"@id\":\"https:\\\/\\\/www.tablaosflamencos.com\\\/pt-pt\\\/o-que-significa-flamenco-autentico.html#local-main-organization-logo\",\"url\":\"https:\\\/\\\/www.tablaosflamencos.com\\\/wp-content\\\/uploads\\\/tablaos-flamencos-06-3.webp\",\"contentUrl\":\"https:\\\/\\\/www.tablaosflamencos.com\\\/wp-content\\\/uploads\\\/tablaos-flamencos-06-3.webp\",\"width\":600,\"height\":620,\"caption\":\"Tablaos Flamencos\"}]}<\/script>\n<meta name=\"geo.placename\" content=\"Sevilla\" \/>\n<meta name=\"geo.position\" content=\"37.3868072;-5.993280299999999\" \/>\n<meta name=\"geo.region\" content=\"Espanha\" \/>\n<!-- \/ Yoast SEO Premium plugin. -->","yoast_head_json":{"title":"Flamenco aut\u00eantico: significado, chaves e mitos","description":"O que significa flamenco aut\u00eantico: tradi\u00e7\u00e3o viva, comp\u00e1s, cante, dan\u00e7a, guitarra, improvisa\u00e7\u00e3o e crit\u00e9rios para evitar clich\u00e9s.","robots":{"index":"index","follow":"follow","max-snippet":"max-snippet:-1","max-image-preview":"max-image-preview:large","max-video-preview":"max-video-preview:-1"},"canonical":"https:\/\/www.tablaosflamencos.com\/pt-pt\/o-que-significa-flamenco-autentico.html","og_locale":"pt_PT","og_type":"article","og_title":"O que significa realmente \u00abflamenco aut\u00eantico\u00bb","og_description":"O que significa flamenco aut\u00eantico: tradi\u00e7\u00e3o viva, comp\u00e1s, cante, dan\u00e7a, guitarra, improvisa\u00e7\u00e3o e crit\u00e9rios para evitar clich\u00e9s.","og_url":"https:\/\/www.tablaosflamencos.com\/pt-pt\/o-que-significa-flamenco-autentico.html","og_site_name":"Tablaos Flamencos","article_publisher":"https:\/\/www.facebook.com\/tablaosflamencos","article_published_time":"2026-09-04T14:45:26+00:00","article_modified_time":"2026-09-04T15:18:07+00:00","og_image":[{"width":1672,"height":941,"url":"https:\/\/www.tablaosflamencos.com\/wp-content\/uploads\/que-significa-realmente-flamenco-autentico-01.webp","type":"image\/webp"}],"author":"Miguel Ortiz","twitter_card":"summary_large_image","twitter_creator":"@tablaosflamenco","twitter_site":"@tablaosflamenco","twitter_misc":{"Escrito por":"Miguel Ortiz","Tempo estimado de leitura":"22 minutos"},"schema":{"@context":"https:\/\/schema.org","@graph":[{"@type":"Article","@id":"https:\/\/www.tablaosflamencos.com\/pt-pt\/o-que-significa-flamenco-autentico.html#article","isPartOf":{"@id":"https:\/\/www.tablaosflamencos.com\/pt-pt\/o-que-significa-flamenco-autentico.html"},"author":{"name":"Miguel Ortiz","@id":"https:\/\/www.tablaosflamencos.com\/pt-pt#\/schema\/person\/e7a9ebe14eb75a52ceabfbffb3c54f5d"},"headline":"O que significa realmente \u00abflamenco aut\u00eantico\u00bb","datePublished":"2026-09-04T14:45:26+00:00","dateModified":"2026-09-04T15:18:07+00:00","mainEntityOfPage":{"@id":"https:\/\/www.tablaosflamencos.com\/pt-pt\/o-que-significa-flamenco-autentico.html"},"wordCount":4312,"publisher":{"@id":"https:\/\/www.tablaosflamencos.com\/pt-pt#organization"},"image":{"@id":"https:\/\/www.tablaosflamencos.com\/pt-pt\/o-que-significa-flamenco-autentico.html#primaryimage"},"thumbnailUrl":"https:\/\/www.tablaosflamencos.com\/wp-content\/uploads\/que-significa-realmente-flamenco-autentico-01.webp","keywords":["cante flamenco","cultura flamenca","dan\u00e7a flamenca","flamenco aut\u00eantico","guitarra flamenca","Patrim\u00f3nio Cultural Imaterial","tradi\u00e7\u00e3o flamenca"],"articleSection":["Hist\u00f3ria do flamenco"],"inLanguage":"pt-PT"},{"@type":"WebPage","@id":"https:\/\/www.tablaosflamencos.com\/pt-pt\/o-que-significa-flamenco-autentico.html","url":"https:\/\/www.tablaosflamencos.com\/pt-pt\/o-que-significa-flamenco-autentico.html","name":"Flamenco aut\u00eantico: significado, chaves e mitos","isPartOf":{"@id":"https:\/\/www.tablaosflamencos.com\/pt-pt#website"},"primaryImageOfPage":{"@id":"https:\/\/www.tablaosflamencos.com\/pt-pt\/o-que-significa-flamenco-autentico.html#primaryimage"},"image":{"@id":"https:\/\/www.tablaosflamencos.com\/pt-pt\/o-que-significa-flamenco-autentico.html#primaryimage"},"thumbnailUrl":"https:\/\/www.tablaosflamencos.com\/wp-content\/uploads\/que-significa-realmente-flamenco-autentico-01.webp","datePublished":"2026-09-04T14:45:26+00:00","dateModified":"2026-09-04T15:18:07+00:00","description":"O que significa flamenco aut\u00eantico: tradi\u00e7\u00e3o viva, comp\u00e1s, cante, dan\u00e7a, guitarra, improvisa\u00e7\u00e3o e crit\u00e9rios para evitar clich\u00e9s.","breadcrumb":{"@id":"https:\/\/www.tablaosflamencos.com\/pt-pt\/o-que-significa-flamenco-autentico.html#breadcrumb"},"inLanguage":"pt-PT","potentialAction":[{"@type":"ReadAction","target":["https:\/\/www.tablaosflamencos.com\/pt-pt\/o-que-significa-flamenco-autentico.html"]}]},{"@type":"ImageObject","inLanguage":"pt-PT","@id":"https:\/\/www.tablaosflamencos.com\/pt-pt\/o-que-significa-flamenco-autentico.html#primaryimage","url":"https:\/\/www.tablaosflamencos.com\/wp-content\/uploads\/que-significa-realmente-flamenco-autentico-01.webp","contentUrl":"https:\/\/www.tablaosflamencos.com\/wp-content\/uploads\/que-significa-realmente-flamenco-autentico-01.webp","width":1672,"height":941,"caption":"Qu\u00e9 significa realmente el flamenco aut\u00e9ntico"},{"@type":"BreadcrumbList","@id":"https:\/\/www.tablaosflamencos.com\/pt-pt\/o-que-significa-flamenco-autentico.html#breadcrumb","itemListElement":[{"@type":"ListItem","position":1,"name":"Home","item":"https:\/\/www.tablaosflamencos.com\/pt-pt"},{"@type":"ListItem","position":2,"name":"O que significa realmente \u00abflamenco aut\u00eantico\u00bb"}]},{"@type":"WebSite","@id":"https:\/\/www.tablaosflamencos.com\/pt-pt#website","url":"https:\/\/www.tablaosflamencos.com\/pt-pt","name":"Tablaos Flamencos","description":"Entradas para tablaos flamencos de Espa\u00f1a","publisher":{"@id":"https:\/\/www.tablaosflamencos.com\/pt-pt#organization"},"alternateName":"Tablaos Flamencos","potentialAction":[{"@type":"SearchAction","target":{"@type":"EntryPoint","urlTemplate":"https:\/\/www.tablaosflamencos.com\/pt-pt?s={search_term_string}"},"query-input":{"@type":"PropertyValueSpecification","valueRequired":true,"valueName":"search_term_string"}}],"inLanguage":"pt-PT"},{"@type":["Organization","Place","EntertainmentBusiness"],"@id":"https:\/\/www.tablaosflamencos.com\/pt-pt#organization","name":"Tablaos Flamencos","alternateName":"Tablaos Flamencos","url":"https:\/\/www.tablaosflamencos.com\/pt-pt","logo":{"@id":"https:\/\/www.tablaosflamencos.com\/pt-pt\/o-que-significa-flamenco-autentico.html#local-main-organization-logo"},"image":{"@id":"https:\/\/www.tablaosflamencos.com\/pt-pt\/o-que-significa-flamenco-autentico.html#local-main-organization-logo"},"sameAs":["https:\/\/www.facebook.com\/tablaosflamencos","https:\/\/x.com\/tablaosflamenco","https:\/\/mastodon.social\/@tablaosflamencos","https:\/\/www.instagram.com\/tablaosflamencos","https:\/\/tiktok.com\/@tablaosflamencos","https:\/\/www.linkedin.com\/company\/109408238\/"],"description":"Venta de entradas para espect\u00e1culos flamencos","legalName":"Tablaos Flamencos","foundingDate":"2015-01-01","numberOfEmployees":{"@type":"QuantitativeValue","minValue":"1","maxValue":"10"},"address":{"@id":"https:\/\/www.tablaosflamencos.com\/pt-pt\/o-que-significa-flamenco-autentico.html#local-main-place-address"},"geo":{"@type":"GeoCoordinates","latitude":"37.3868072","longitude":"-5.993280299999999"},"telephone":["+34623787787"],"contactPoint":{"@type":"ContactPoint","telephone":"+34623787787","email":"info@tablaosflamencos.com"},"openingHoursSpecification":{"@type":"OpeningHoursSpecification","dayOfWeek":["Monday","Tuesday","Wednesday","Thursday","Friday","Saturday","Sunday"],"opens":"00:00","closes":"23:59"},"email":"info@tablaosflamencos.com","priceRange":"$$$","currenciesAccepted":"\u20ac"},{"@type":"Person","@id":"https:\/\/www.tablaosflamencos.com\/pt-pt#\/schema\/person\/e7a9ebe14eb75a52ceabfbffb3c54f5d","name":"Miguel Ortiz","description":"Miguel Ortiz es un empresario flamenco, con una s\u00f3lida trayectoria dentro del sector. Ha presidido entidades culturales vinculadas al flamenco y, cuenta con un amplio recorrido profesional en la gesti\u00f3n y promoci\u00f3n de espect\u00e1culos y tablaos flamencos. Su pasi\u00f3n por la historia y el arte flamenco se refleja en cada art\u00edculo, donde combina experiencia, criterio y un profundo respeto por la tradici\u00f3n.","sameAs":["https:\/\/www.tablaosflamencos.com","https:\/\/www.instagra.com\/miguelortizfe","https:\/\/www.linkedin.com\/in\/miguelortizf\/"],"birthDate":"1984-11-22","gender":"hombre","knowsLanguage":["espa\u00f1ol","ingl\u00e9s"],"jobTitle":"Empresario flamenco"},{"@type":"PostalAddress","@id":"https:\/\/www.tablaosflamencos.com\/pt-pt\/o-que-significa-flamenco-autentico.html#local-main-place-address","streetAddress":"C\/ Alemanes, 19","addressLocality":"Sevilla","postalCode":"41004","addressRegion":"Sevilla","addressCountry":"ES"},{"@type":"ImageObject","inLanguage":"pt-PT","@id":"https:\/\/www.tablaosflamencos.com\/pt-pt\/o-que-significa-flamenco-autentico.html#local-main-organization-logo","url":"https:\/\/www.tablaosflamencos.com\/wp-content\/uploads\/tablaos-flamencos-06-3.webp","contentUrl":"https:\/\/www.tablaosflamencos.com\/wp-content\/uploads\/tablaos-flamencos-06-3.webp","width":600,"height":620,"caption":"Tablaos Flamencos"}]},"geo.placename":"Sevilla","geo.position":{"lat":"37.3868072","long":"-5.993280299999999"},"geo.region":"Espanha"},"_links":{"self":[{"href":"https:\/\/www.tablaosflamencos.com\/pt-pt\/wp-json\/wp\/v2\/posts\/14382","targetHints":{"allow":["GET"]}}],"collection":[{"href":"https:\/\/www.tablaosflamencos.com\/pt-pt\/wp-json\/wp\/v2\/posts"}],"about":[{"href":"https:\/\/www.tablaosflamencos.com\/pt-pt\/wp-json\/wp\/v2\/types\/post"}],"author":[{"embeddable":true,"href":"https:\/\/www.tablaosflamencos.com\/pt-pt\/wp-json\/wp\/v2\/users\/1"}],"replies":[{"embeddable":true,"href":"https:\/\/www.tablaosflamencos.com\/pt-pt\/wp-json\/wp\/v2\/comments?post=14382"}],"version-history":[{"count":0,"href":"https:\/\/www.tablaosflamencos.com\/pt-pt\/wp-json\/wp\/v2\/posts\/14382\/revisions"}],"wp:featuredmedia":[{"embeddable":true,"href":"https:\/\/www.tablaosflamencos.com\/pt-pt\/wp-json\/wp\/v2\/media\/14375"}],"wp:attachment":[{"href":"https:\/\/www.tablaosflamencos.com\/pt-pt\/wp-json\/wp\/v2\/media?parent=14382"}],"wp:term":[{"taxonomy":"category","embeddable":true,"href":"https:\/\/www.tablaosflamencos.com\/pt-pt\/wp-json\/wp\/v2\/categories?post=14382"},{"taxonomy":"post_tag","embeddable":true,"href":"https:\/\/www.tablaosflamencos.com\/pt-pt\/wp-json\/wp\/v2\/tags?post=14382"}],"curies":[{"name":"wp","href":"https:\/\/api.w.org\/{rel}","templated":true}]}}