{"id":14325,"date":"2026-09-03T23:26:41","date_gmt":"2026-09-03T21:26:41","guid":{"rendered":"https:\/\/www.tablaosflamencos.com\/?p=14325"},"modified":"2026-09-03T23:57:52","modified_gmt":"2026-09-03T21:57:52","slug":"flamenco-apos-bienal-onde-ver-sevilha","status":"publish","type":"post","link":"https:\/\/www.tablaosflamencos.com\/pt-pt\/flamenco-apos-bienal-onde-ver-sevilha.html","title":{"rendered":"Flamenco ap\u00f3s a Bienal: onde continuar a ver flamenco em Sevilha"},"content":{"rendered":"<section class=\"l-section wpb_row height_huge\"><div class=\"l-section-h i-cf\"><div class=\"g-cols vc_row via_flex valign_top type_default stacking_default\"><div class=\"vc_col-sm-6 wpb_column vc_column_container\"><div class=\"vc_column-inner\"><div class=\"wpb_wrapper\"><div class=\"wpb_text_column\"><div class=\"wpb_wrapper\"><h2>Flamenco ap\u00f3s a Bienal: onde continuar a ver flamenco em Sevilha<\/h2>\n<p>A <strong>Bienal de Flamenco de Sevilha 2026<\/strong> termina a 3 de outubro, mas isso n\u00e3o significa que a cidade deixe de oferecer flamenco ao vivo. Durante v\u00e1rias semanas, a Bienal concentra estreias, grandes produ\u00e7\u00f5es, encontros irrepet\u00edveis e artistas provenientes de diferentes pontos de Espanha; quando esse calend\u00e1rio extraordin\u00e1rio termina, Sevilha regressa ao seu ritmo flamenco habitual, que continua muito intenso durante o resto do ano.<\/p>\n<p>N\u00e3o \u00e9 o fim da temporada flamenca, mas o regresso \u00e0 rede est\u00e1vel de espa\u00e7os que funciona durante todo o ano.<\/p>\n<\/div><\/div><\/div><\/div><\/div><div class=\"vc_col-sm-6 wpb_column vc_column_container\"><div class=\"vc_column-inner\"><div class=\"wpb_wrapper\"><div class=\"wpb_text_column\"><div class=\"wpb_wrapper\"><h2>O que encontrar\u00e1 a partir de 4 de outubro<\/h2>\n<p>Para quem visita a cidade <strong>a partir de 4 de outubro<\/strong>, a principal mudan\u00e7a n\u00e3o \u00e9 o desaparecimento do flamenco, mas o tipo de oferta. Os grandes teatros deixam de funcionar como uma rede tempor\u00e1ria de espa\u00e7os do festival e voltam a ganhar protagonismo os <strong>tablaos, espa\u00e7os culturais, teatros flamencos e propostas est\u00e1veis<\/strong> que programam espet\u00e1culos de forma regular.<\/p>\n<p>Em muitos casos, al\u00e9m disso, esses espa\u00e7os contam com artistas que tamb\u00e9m participam em festivais, Bienais e circuitos profissionais.<\/p>\n<p>Este guia foi pensado para quem chega a Sevilha depois da Bienal e se pergunta <strong>onde continuar a ver bom flamenco, que tipo de espet\u00e1culo escolher e como organizar uma noite flamenca sem depender de um grande festival<\/strong>.<\/p>\n<\/div><\/div><\/div><\/div><\/div><\/div><\/div><\/section><section class=\"l-section wpb_row height_huge color_alternate with_shape\"><div class=\"l-section-shape type_zigzag pos_top hor_flip\" style=\"height:3vmin;\"><svg xmlns=\"http:\/\/www.w3.org\/2000\/svg\" viewBox=\"0 0 64 8\" preserveAspectRatio=\"none\" width=\"100%\" height=\"100%\">\r\n\t<path fill=\"currentColor\" d=\"M64 8 L0 8 L0 0 L20 7.9 L40 3 L48 5 L64 0 Z\"\/>\r\n<\/svg><\/div><div class=\"l-section-shape type_zigzag pos_bottom\" style=\"height:3vmin;\"><svg xmlns=\"http:\/\/www.w3.org\/2000\/svg\" viewBox=\"0 0 64 8\" preserveAspectRatio=\"none\" width=\"100%\" height=\"100%\">\r\n\t<path fill=\"currentColor\" d=\"M64 8 L0 8 L0 0 L20 7.9 L40 3 L48 5 L64 0 Z\"\/>\r\n<\/svg><\/div><div class=\"l-section-h i-cf\"><div class=\"g-cols vc_row via_flex valign_top type_default stacking_default\"><div class=\"vc_col-sm-12 wpb_column vc_column_container\"><div class=\"vc_column-inner\"><div class=\"wpb_wrapper\"><div class=\"wpb_text_column\"><div class=\"wpb_wrapper\"><blockquote>\n<p><strong>Resposta r\u00e1pida:<\/strong> depois da Bienal de Flamenco 2026 pode continuar a ver flamenco em Sevilha durante todo o ano. A op\u00e7\u00e3o mais simples para um visitante \u00e9 reservar um espet\u00e1culo est\u00e1vel num tablao ou teatro flamenco. Entre as op\u00e7\u00f5es que pode reservar diretamente atrav\u00e9s da Tablaos Flamencos est\u00e3o <a href=\"https:\/\/www.tablaosflamencos.com\/pt-pt\/tablao\/tablao-flamenco-las-setas\"><strong>Tablao Flamenco Las Setas<\/strong><\/a>, <a href=\"https:\/\/www.tablaosflamencos.com\/pt-pt\/tablao\/tablao-flamenco-la-cantaora\"><strong>Tablao Flamenco La Cantaora<\/strong><\/a>, <a href=\"https:\/\/www.tablaosflamencos.com\/pt-pt\/tablao\/casa-duende-tablao\"><strong>Casa Duende Tablao<\/strong><\/a>, <a href=\"https:\/\/www.tablaosflamencos.com\/pt-pt\/tablao\/tablao-flamenco-las-duenas\"><strong>Tablao Flamenco Las Due\u00f1as<\/strong><\/a>, <a href=\"https:\/\/www.tablaosflamencos.com\/pt-pt\/tablao\/tablao-flamenco-casa-inquieta\"><strong>Casa Inquieta<\/strong><\/a>, <a href=\"https:\/\/www.tablaosflamencos.com\/pt-pt\/tablao\/casa-flamenco-azahar\"><strong>Casa Flamenco Azahar<\/strong><\/a> e <a href=\"https:\/\/www.tablaosflamencos.com\/pt-pt\/tablao\/tablao-flamenco-el-jardin-de-murillo\"><strong>El Jard\u00edn de Murillo<\/strong><\/a>; em Triana pode reservar <a href=\"https:\/\/www.tablaosflamencos.com\/pt-pt\/tablao\/baraka-sala-flamenca\"><strong>Baraka Sala Flamenca<\/strong><\/a> e <a href=\"https:\/\/www.tablaosflamencos.com\/pt-pt\/tablao\/tablao-flamenco-triana\"><strong>Tablao Flamenco Triana<\/strong><\/a>. Os hor\u00e1rios, elencos e pre\u00e7os podem mudar, pelo que \u00e9 recomend\u00e1vel reservar com anteced\u00eancia e verificar a sess\u00e3o dispon\u00edvel para a data concreta.<\/p>\n<\/blockquote>\n<p><strong>\u00daltima atualiza\u00e7\u00e3o: 3 de setembro de 2026.<\/strong><\/p>\n<p>Consulte tamb\u00e9m o nosso <a href=\"https:\/\/www.tablaosflamencos.com\/pt-pt\/flamenco-em-sevilha\"><strong>guia completo para ver flamenco em Sevilha<\/strong><\/a> e o <a href=\"https:\/\/www.tablaosflamencos.com\/pt-pt\/bienal-flamenco-sevilha-2026.html\"><strong>guia da Bienal de Flamenco de Sevilha 2026<\/strong><\/a>.<\/p>\n<\/div><\/div><div class=\"w-separator size_medium\"><\/div><div class=\"w-hwrapper valign_top wrap align_center\" style=\"--hwrapper-gap:1.2rem\"><div class=\"w-btn-wrapper align_none\"><a class=\"w-btn us-btn-style_1\" href=\"https:\/\/www.tablaosflamencos.com\/pt-pt\/flamenco-em-sevilha\"><span class=\"w-btn-label\">Ver flamenco em Sevilha<\/span><\/a><\/div><div class=\"w-btn-wrapper align_none\"><a class=\"w-btn us-btn-style_11\" href=\"https:\/\/www.tablaosflamencos.com\/pt-pt\/como-reservar\"><span class=\"w-btn-label\">Como reservar<\/span><\/a><\/div><\/div><\/div><\/div><\/div><\/div><\/div><\/section><section class=\"l-section wpb_row height_huge\"><div class=\"l-section-h i-cf\"><div class=\"g-cols vc_row via_flex valign_top type_default stacking_default\"><div class=\"vc_col-sm-3 wpb_column vc_column_container\"><div class=\"vc_column-inner\"><div class=\"wpb_wrapper\"><\/div><\/div><\/div><div class=\"vc_col-sm-6 wpb_column vc_column_container\"><div class=\"vc_column-inner\"><div class=\"wpb_wrapper\"><div class=\"wpb_text_column\"><div class=\"wpb_wrapper\"><h2>Conte\u00fado deste guia<\/h2>\n<ul>\n<li><a href=\"#que-cambia\">O que muda quando termina a Bienal<\/a><\/li>\n<li><a href=\"#tablaos\">Os tablaos: a op\u00e7\u00e3o mais est\u00e1vel<\/a><\/li>\n<li><a href=\"#donde-ver\">Onde continuar a ver flamenco em Sevilha<\/a><\/li>\n<li><a href=\"#triana\">Continuar o flamenco em Triana<\/a><\/li>\n<li><a href=\"#intimo\">Espa\u00e7os \u00edntimos e formatos de proximidade<\/a><\/li>\n<li><a href=\"#gran-formato\">Propostas de maior formato<\/a><\/li>\n<li><a href=\"#elegir\">Como escolher um bom espet\u00e1culo<\/a><\/li>\n<li><a href=\"#plan\">Um plano pr\u00e1tico para uma noite flamenca<\/a><\/li>\n<li><a href=\"#mas-alla\">Para al\u00e9m dos tablaos<\/a><\/li>\n<li><a href=\"#faq\">Perguntas frequentes<\/a><\/li>\n<\/ul>\n<\/div><\/div><\/div><\/div><\/div><div class=\"vc_col-sm-3 wpb_column vc_column_container\"><div class=\"vc_column-inner\"><div class=\"wpb_wrapper\"><\/div><\/div><\/div><\/div><\/div><\/section><section class=\"l-section wpb_row height_huge color_alternate with_shape\"><div class=\"l-section-shape type_zigzag pos_top\" style=\"height:3vmin;\"><svg xmlns=\"http:\/\/www.w3.org\/2000\/svg\" viewBox=\"0 0 64 8\" preserveAspectRatio=\"none\" width=\"100%\" height=\"100%\">\r\n\t<path fill=\"currentColor\" d=\"M64 8 L0 8 L0 0 L20 7.9 L40 3 L48 5 L64 0 Z\"\/>\r\n<\/svg><\/div><div class=\"l-section-shape type_zigzag pos_bottom\" style=\"height:3vmin;\"><svg xmlns=\"http:\/\/www.w3.org\/2000\/svg\" viewBox=\"0 0 64 8\" preserveAspectRatio=\"none\" width=\"100%\" height=\"100%\">\r\n\t<path fill=\"currentColor\" d=\"M64 8 L0 8 L0 0 L20 7.9 L40 3 L48 5 L64 0 Z\"\/>\r\n<\/svg><\/div><div class=\"l-section-h i-cf\"><div class=\"g-cols vc_row via_flex valign_top type_default stacking_default\"><div class=\"vc_col-sm-6 wpb_column vc_column_container\"><div class=\"vc_column-inner\"><div class=\"wpb_wrapper\"><div class=\"wpb_text_column\"><div class=\"wpb_wrapper\"><h2 id=\"que-cambia\">O que muda em Sevilha quando termina a Bienal<\/h2>\n<p>Durante a Bienal, o visitante pode encontrar flamenco em espa\u00e7os que normalmente n\u00e3o fazem parte de um circuito di\u00e1rio: grandes teatros, monumentos, p\u00e1tios hist\u00f3ricos, antigas f\u00e1bricas, igrejas dessacralizadas ou locais utilizados especificamente para uma edi\u00e7\u00e3o do festival. Essa excecionalidade \u00e9 uma das grandes virtudes da Bienal, mas tamb\u00e9m pode criar uma impress\u00e3o errada: a de que fora dessas datas o flamenco fica reduzido a uma oferta menor.<\/p>\n<p>Na realidade, s\u00e3o dois modelos diferentes. <strong>A Bienal \u00e9 um acontecimento extraordin\u00e1rio; os tablaos e espa\u00e7os flamencos constituem a infraestrutura est\u00e1vel da cidade.<\/strong><\/p>\n<p>Depois de 3 de outubro, deixa de ser necess\u00e1rio organizar a visita em torno do calend\u00e1rio oficial do festival. Em contrapartida, torna-se muito mais f\u00e1cil planear uma noite flamenca com liberdade: escolher zona, sess\u00e3o, tipo de sala, proximidade ao palco e formato do espet\u00e1culo de acordo com o resto do itiner\u00e1rio tur\u00edstico.<\/p>\n<p>O visitante deve tamb\u00e9m ter presente que os elencos de um tablao n\u00e3o costumam funcionar como o elenco fechado de uma produ\u00e7\u00e3o teatral. Os quadros art\u00edsticos podem variar e essa rota\u00e7\u00e3o faz parte da natureza profissional destes espa\u00e7os.<\/p>\n<p>Por isso, ao escolher depois da Bienal, conv\u00e9m pensar menos em seguir um \u00fanico nome e mais em <strong>escolher um espa\u00e7o, uma experi\u00eancia e um formato que correspondam ao que procura<\/strong>.<\/p>\n<\/div><\/div><\/div><\/div><\/div><div class=\"vc_col-sm-6 wpb_column vc_column_container\"><div class=\"vc_column-inner\"><div class=\"wpb_wrapper\"><div class=\"wpb_text_column\"><div class=\"wpb_wrapper\"><h2 id=\"tablaos\">Os tablaos: a forma mais simples de continuar a ver flamenco<\/h2>\n<p>Para um visitante que quer garantir uma noite de flamenco depois da Bienal, o tablao costuma ser a op\u00e7\u00e3o mais pr\u00e1tica. A sua principal vantagem \u00e9 a <strong>regularidade<\/strong>: enquanto um recital num teatro, uma pe\u00f1a ou um festival dependem de uma data concreta, os tablaos mant\u00eam calend\u00e1rios est\u00e1veis ou muito frequentes durante grande parte do ano.<\/p>\n<p>Isso n\u00e3o significa que todos os tablaos sejam iguais. Sevilha oferece desde espa\u00e7os hist\u00f3ricos com d\u00e9cadas de percurso at\u00e9 salas contempor\u00e2neas, pequenos centros culturais e teatros especificamente dedicados ao flamenco.<\/p>\n<p>Um bom cuadro flamenco permite ouvir e ver os tr\u00eas pilares fundamentais do espet\u00e1culo ao vivo: <strong>cante, baile e guitarra<\/strong>. Dependendo da sala, podem juntar-se palmas, percuss\u00e3o ou outros elementos, mas o importante \u00e9 que a experi\u00eancia seja constru\u00edda em torno de int\u00e9rpretes reais e da intera\u00e7\u00e3o entre eles.<\/p>\n<p>Se for a sua primeira vez, costuma ser prefer\u00edvel escolher o espet\u00e1culo pela qualidade e pelo tipo de sala antes de considerar servi\u00e7os secund\u00e1rios. O jantar pode ser uma op\u00e7\u00e3o c\u00f3moda em determinados espa\u00e7os, mas n\u00e3o \u00e9 necess\u00e1rio para desfrutar do flamenco. Se a sua prioridade \u00e9 o palco, uma boa estrat\u00e9gia consiste em <strong>reservar o espet\u00e1culo e organizar as tapas ou o jantar antes ou depois<\/strong>.<\/p>\n<p>Pode consultar a sele\u00e7\u00e3o atual da cidade na nossa p\u00e1gina de <a href=\"https:\/\/www.tablaosflamencos.com\/pt-pt\/flamenco-em-sevilha\"><strong>flamenco em Sevilha<\/strong><\/a> e conhecer tamb\u00e9m como funciona o processo em <a href=\"https:\/\/www.tablaosflamencos.com\/pt-pt\/como-reservar\"><strong>Como reservar<\/strong><\/a>.<\/p>\n<\/div><\/div><\/div><\/div><\/div><\/div><\/div><\/section><section class=\"l-section wpb_row height_huge\"><div class=\"l-section-h i-cf\"><div class=\"g-cols vc_row via_flex valign_top type_default stacking_default\"><div class=\"vc_col-sm-12 wpb_column vc_column_container\"><div class=\"vc_column-inner\"><div class=\"wpb_wrapper\"><div class=\"wpb_text_column\"><div class=\"wpb_wrapper\"><h2 id=\"donde-ver\">Onde continuar a ver flamenco em Sevilha depois da Bienal<\/h2>\n<p>N\u00e3o existe um \u00fanico \u201cmelhor tablao\u201d para toda a gente. A escolha depende de procurar tradi\u00e7\u00e3o, proximidade, uma produ\u00e7\u00e3o visual mais ampla, uma localiza\u00e7\u00e3o determinada ou uma experi\u00eancia combinada com outros planos. Estes s\u00e3o alguns dos espa\u00e7os que fazem parte da oferta flamenca est\u00e1vel de Sevilha e podem servir de refer\u00eancia ao organizar a visita:<\/p>\n<div style=\"overflow-x: auto;\">\n<table>\n<thead>\n<tr>\n<th>Espa\u00e7o<\/th>\n<th>Zona<\/th>\n<th>Pode interessar-lhe se procura&#8230;<\/th>\n<\/tr>\n<\/thead>\n<tbody>\n<tr>\n<td><a href=\"https:\/\/www.tablaosflamencos.com\/pt-pt\/tablao\/tablao-flamenco-las-setas\"><strong>Tablao Flamenco Las Setas<\/strong><\/a><\/td>\n<td>Las Setas \/ Encarnaci\u00f3n<\/td>\n<td>Localiza\u00e7\u00e3o central, formato cuidado e possibilidade de integrar o espet\u00e1culo num percurso pelo centro.<\/td>\n<\/tr>\n<tr>\n<td><a href=\"https:\/\/www.tablaosflamencos.com\/pt-pt\/tablao\/tablao-flamenco-la-cantaora\"><strong>Tablao Flamenco La Cantaora<\/strong><\/a><\/td>\n<td>Plaza Nueva \/ Centro<\/td>\n<td>Combinar flamenco e gastronomia numa \u00fanica reserva.<\/td>\n<\/tr>\n<tr>\n<td><a href=\"https:\/\/www.tablaosflamencos.com\/pt-pt\/tablao\/casa-duende-tablao\"><strong>Casa Duende Tablao<\/strong><\/a><\/td>\n<td>Centro<\/td>\n<td>Uma sala de pequena dimens\u00e3o com grande proximidade aos artistas.<\/td>\n<\/tr>\n<tr>\n<td><a href=\"https:\/\/www.tablaosflamencos.com\/pt-pt\/tablao\/tablao-flamenco-las-duenas\"><strong>Tablao Flamenco Las Due\u00f1as<\/strong><\/a><\/td>\n<td>Santa Catalina \/ Due\u00f1as<\/td>\n<td>Um formato \u00edntimo em frente ao Palacio de las Due\u00f1as.<\/td>\n<\/tr>\n<tr>\n<td><a href=\"https:\/\/www.tablaosflamencos.com\/pt-pt\/tablao\/tablao-flamenco-casa-inquieta\"><strong>Tablao Flamenco Casa Inquieta<\/strong><\/a><\/td>\n<td>Calle Zaragoza \/ Centro<\/td>\n<td>Uma casa-pal\u00e1cio do s\u00e9culo XIX com um quadro flamenco em formato pr\u00f3ximo.<\/td>\n<\/tr>\n<tr>\n<td><a href=\"https:\/\/www.tablaosflamencos.com\/pt-pt\/tablao\/casa-flamenco-azahar\"><strong>Casa Flamenco Azahar<\/strong><\/a><\/td>\n<td>Santa Cruz<\/td>\n<td>Uma experi\u00eancia especialmente \u00edntima, com lota\u00e7\u00e3o muito reduzida e sem amplifica\u00e7\u00e3o.<\/td>\n<\/tr>\n<tr>\n<td><a href=\"https:\/\/www.tablaosflamencos.com\/pt-pt\/tablao\/tablao-flamenco-el-jardin-de-murillo\"><strong>Tablao Flamenco El Jard\u00edn de Murillo<\/strong><\/a><\/td>\n<td>Santa Cruz \/ Jardines de Murillo<\/td>\n<td>Integrar o flamenco depois de visitar o Alc\u00e1zar, a Catedral e Santa Cruz.<\/td>\n<\/tr>\n<tr>\n<td><a href=\"https:\/\/www.tablaosflamencos.com\/pt-pt\/tablao\/baraka-sala-flamenca\"><strong>Baraka Sala Flamenca<\/strong><\/a><\/td>\n<td>Triana<\/td>\n<td>Flamenco tradicional em Triana com os artistas muito perto do p\u00fablico.<\/td>\n<\/tr>\n<tr>\n<td><a href=\"https:\/\/www.tablaosflamencos.com\/pt-pt\/tablao\/tablao-flamenco-triana\"><strong>Tablao Flamenco Triana<\/strong><\/a><\/td>\n<td>Triana<\/td>\n<td>Completar uma noite no bairro com cante, guitarra e baile junto ao Guadalquivir.<\/td>\n<\/tr>\n<\/tbody>\n<\/table>\n<\/div>\n<p>Esta lista n\u00e3o pretende esgotar a oferta da cidade. Sevilha conta com outros tablaos, salas e espa\u00e7os culturais, e a disponibilidade muda conforme a data. O objetivo \u00e9 mostrar que, uma vez terminada a Bienal, <strong>continuam a existir op\u00e7\u00f5es muito diferentes entre si<\/strong>.<\/p>\n<p>A forma mais fi\u00e1vel de escolher \u00e9 consultar as sess\u00f5es dispon\u00edveis para a sua data concreta e comparar localiza\u00e7\u00e3o, dura\u00e7\u00e3o aproximada, dimens\u00e3o da sala e tipo de experi\u00eancia antes de reservar.<\/p>\n<\/div><\/div><\/div><\/div><\/div><\/div><\/div><\/section><section class=\"l-section wpb_row height_huge color_alternate with_shape\"><div class=\"l-section-shape type_zigzag pos_top hor_flip\" style=\"height:3vmin;\"><svg xmlns=\"http:\/\/www.w3.org\/2000\/svg\" viewBox=\"0 0 64 8\" preserveAspectRatio=\"none\" width=\"100%\" height=\"100%\">\r\n\t<path fill=\"currentColor\" d=\"M64 8 L0 8 L0 0 L20 7.9 L40 3 L48 5 L64 0 Z\"\/>\r\n<\/svg><\/div><div class=\"l-section-shape type_zigzag pos_bottom\" style=\"height:3vmin;\"><svg xmlns=\"http:\/\/www.w3.org\/2000\/svg\" viewBox=\"0 0 64 8\" preserveAspectRatio=\"none\" width=\"100%\" height=\"100%\">\r\n\t<path fill=\"currentColor\" d=\"M64 8 L0 8 L0 0 L20 7.9 L40 3 L48 5 L64 0 Z\"\/>\r\n<\/svg><\/div><div class=\"l-section-h i-cf\"><div class=\"g-cols vc_row via_flex valign_top type_default stacking_default\"><div class=\"vc_col-sm-6 wpb_column vc_column_container\"><div class=\"vc_column-inner\"><div class=\"wpb_wrapper\"><div class=\"wpb_text_column\"><div class=\"wpb_wrapper\"><h2 id=\"triana\">Triana depois da Bienal: atravessar o rio para continuar com o flamenco<\/h2>\n<p>Triana ocupa um lugar especial na hist\u00f3ria e no imagin\u00e1rio flamenco de Sevilha. Durante a Bienal pode surgir ligada a espa\u00e7os extraordin\u00e1rios e projetos espec\u00edficos; fora do festival, o bairro continua a ser um dos lugares mais interessantes para integrar o flamenco numa noite sevilhana.<\/p>\n<p>A vantagem de escolher Triana n\u00e3o est\u00e1 apenas no espet\u00e1culo. Permite construir um itiner\u00e1rio completo a p\u00e9: atravessar a Ponte Isabel II, percorrer a zona da calle Betis, entrar no bairro por San Jacinto ou Pureza e terminar a noite num espa\u00e7o flamenco.<\/p>\n<p>No nosso portal pode reservar diretamente duas op\u00e7\u00f5es est\u00e1veis no bairro: <a href=\"https:\/\/www.tablaosflamencos.com\/pt-pt\/tablao\/baraka-sala-flamenca\"><strong>Baraka Sala Flamenca<\/strong><\/a>, na calle Pureza, e <a href=\"https:\/\/www.tablaosflamencos.com\/pt-pt\/tablao\/tablao-flamenco-triana\"><strong>Tablao Flamenco Triana<\/strong><\/a>. Ambas permitem organizar a noite em Triana em torno de uma sess\u00e3o confirmada e completar o plano passeando pelo bairro antes ou depois.<\/p>\n<p>Se o objetivo \u00e9 reservar com seguran\u00e7a, conv\u00e9m distinguir entre <strong>um espet\u00e1culo com sess\u00e3o confirmada<\/strong> e a possibilidade mais aberta de encontrar atividade flamenca espont\u00e2nea. Para uma viagem de poucos dias, reservar primeiro e deixar o imprevisto como complemento costuma ser a decis\u00e3o mais pr\u00e1tica.<\/p>\n<p>Consulte o nosso guia espec\u00edfico de <a href=\"https:\/\/www.tablaosflamencos.com\/pt-pt\/flamenco-em-triana\"><strong>flamenco em Triana<\/strong><\/a> para aprofundar esta parte da viagem.<\/p>\n<\/div><\/div><\/div><\/div><\/div><div class=\"vc_col-sm-6 wpb_column vc_column_container\"><div class=\"vc_column-inner\"><div class=\"wpb_wrapper\"><div class=\"wpb_text_column\"><div class=\"wpb_wrapper\"><h2 id=\"intimo\">Se procura um formato \u00edntimo: menos dist\u00e2ncia, mais aten\u00e7\u00e3o ao detalhe<\/h2>\n<p>Uma das experi\u00eancias que mais surpreendem quem chega dos grandes teatros da Bienal \u00e9 passar para uma sala pequena. A mudan\u00e7a de escala altera completamente a perce\u00e7\u00e3o: ouvem-se as respira\u00e7\u00f5es, as chamadas entre int\u00e9rpretes, o golpe do p\u00e9 no ch\u00e3o e as respostas do quadro com uma proximidade que um grande palco n\u00e3o consegue reproduzir da mesma forma.<\/p>\n<p>Entre as op\u00e7\u00f5es do nosso portal que melhor correspondem a esta ideia est\u00e3o <a href=\"https:\/\/www.tablaosflamencos.com\/pt-pt\/tablao\/casa-flamenco-azahar\"><strong>Casa Flamenco Azahar<\/strong><\/a>, com uma lota\u00e7\u00e3o m\u00e1xima muito reduzida e sem microfones, e <a href=\"https:\/\/www.tablaosflamencos.com\/pt-pt\/tablao\/casa-duende-tablao\"><strong>Casa Duende Tablao<\/strong><\/a>, tamb\u00e9m orientado para uma experi\u00eancia de grande proximidade. Para um visitante interessado no cante, na guitarra ou em observar de perto a constru\u00e7\u00e3o do baile, este tipo de formato pode ser especialmente recomend\u00e1vel.<\/p>\n<p>A intimidade, no entanto, n\u00e3o deve ser confundida com improvisa\u00e7\u00e3o tur\u00edstica. Um espa\u00e7o pequeno pode oferecer um espet\u00e1culo muito profissional. O importante \u00e9 avaliar se existe uma programa\u00e7\u00e3o definida, um palco adequado e um quadro art\u00edstico claramente anunciado.<\/p>\n<p>H\u00e1 tamb\u00e9m uma consequ\u00eancia pr\u00e1tica: <strong>quanto menor \u00e9 a lota\u00e7\u00e3o, mais importante \u00e9 reservar<\/strong>. No outono, fins de semana prolongados, fins de semana e datas com congressos ou grandes eventos em Sevilha podem concentrar muita procura, mesmo depois de a Bienal ter terminado.<\/p>\n<\/div><\/div><\/div><\/div><\/div><\/div><\/div><\/section><section class=\"l-section wpb_row height_huge\"><div class=\"l-section-h i-cf\"><div class=\"g-cols vc_row via_flex valign_top type_default stacking_default\"><div class=\"vc_col-sm-6 wpb_column vc_column_container\"><div class=\"vc_column-inner\"><div class=\"wpb_wrapper\"><div class=\"wpb_text_column\"><div class=\"wpb_wrapper\"><h2 id=\"gran-formato\">Se sente falta do grande formato da Bienal<\/h2>\n<p>Quem tenha assistido durante a Bienal a uma grande produ\u00e7\u00e3o no Maestranza, Lope de Vega ou Teatro Central deve ter em conta que o formato habitual de um tablao \u00e9 diferente. O tablao n\u00e3o tenta reproduzir uma produ\u00e7\u00e3o teatral de festival: a sua for\u00e7a est\u00e1 na proximidade, na rota\u00e7\u00e3o art\u00edstica e na rela\u00e7\u00e3o direta entre cante, toque e baile.<\/p>\n<p>Ainda assim, dentro do nosso pr\u00f3prio cat\u00e1logo h\u00e1 propostas com uma encena\u00e7\u00e3o mais estruturada ou uma experi\u00eancia mais ampla. <a href=\"https:\/\/www.tablaosflamencos.com\/pt-pt\/tablao\/tablao-flamenco-las-setas\"><strong>Tablao Flamenco Las Setas<\/strong><\/a> combina um ambiente contempor\u00e2neo com uma produ\u00e7\u00e3o cuidada; e <a href=\"https:\/\/www.tablaosflamencos.com\/pt-pt\/tablao\/tablao-flamenco-la-cantaora\"><strong>Tablao Flamenco La Cantaora<\/strong><\/a> oferece modalidades que integram espet\u00e1culo e gastronomia.<\/p>\n<p>Se prefere que a arquitetura fa\u00e7a parte do plano, <a href=\"https:\/\/www.tablaosflamencos.com\/pt-pt\/tablao\/tablao-flamenco-casa-inquieta\"><strong>Casa Inquieta<\/strong><\/a> apresenta o espet\u00e1culo numa casa-pal\u00e1cio do s\u00e9culo XIX e permite integrar o pr\u00f3prio edif\u00edcio na experi\u00eancia flamenca.<\/p>\n<p>N\u00e3o existe uma hierarquia autom\u00e1tica entre sala grande e pequena. S\u00e3o experi\u00eancias diferentes. A pergunta \u00fatil \u00e9: <strong>quer sentir o flamenco a poucos metros de dist\u00e2ncia ou prefere uma produ\u00e7\u00e3o mais ampla e teatral?<\/strong><\/p>\n<\/div><\/div><\/div><\/div><\/div><div class=\"vc_col-sm-6 wpb_column vc_column_container\"><div class=\"vc_column-inner\"><div class=\"wpb_wrapper\"><div class=\"wpb_text_column\"><div class=\"wpb_wrapper\"><h2 id=\"elegir\">Como escolher um bom espet\u00e1culo depois da Bienal<\/h2>\n<p>A enorme qualidade e diversidade de uma Bienal pode elevar muito as expectativas. Para escolher bem depois do festival, conv\u00e9m mudar o crit\u00e9rio de compara\u00e7\u00e3o: n\u00e3o procurar uma r\u00e9plica de uma produ\u00e7\u00e3o extraordin\u00e1ria, mas uma boa experi\u00eancia de flamenco ao vivo.<\/p>\n<p><strong>1. Confirme que o espet\u00e1culo inclui cante, baile e guitarra.<\/strong> Para uma primeira aproxima\u00e7\u00e3o, um quadro completo permite compreender melhor como se relacionam as tr\u00eas linguagens.<\/p>\n<p><strong>2. Escolha a dimens\u00e3o da sala que prefere.<\/strong> Um espa\u00e7o pequeno oferece proximidade; uma sala grande pode oferecer uma encena\u00e7\u00e3o mais espetacular.<\/p>\n<p><strong>3. D\u00ea prioridade ao espet\u00e1culo em rela\u00e7\u00e3o ao jantar se o flamenco for o motivo principal.<\/strong> Pode jantar ou comer tapas antes ou depois e dedicar a sess\u00e3o exclusivamente a ver e ouvir.<\/p>\n<p><strong>4. N\u00e3o baseie toda a decis\u00e3o num \u00fanico artista.<\/strong> Os elencos podem variar. Num tablao profissional, parte do interesse est\u00e1 precisamente em descobrir diferentes combina\u00e7\u00f5es de int\u00e9rpretes.<\/p>\n<p><strong>5. Considere a localiza\u00e7\u00e3o dentro do seu itiner\u00e1rio.<\/strong> Santa Cruz, Arenal, Encarnaci\u00f3n, o centro e Triana permitem experi\u00eancias muito diferentes antes e depois do espet\u00e1culo.<\/p>\n<p><strong>6. Reserve online.<\/strong> O fim do festival n\u00e3o significa que a procura desapare\u00e7a. Sevilha recebe visitantes durante todo o outono e determinadas sess\u00f5es podem esgotar.<\/p>\n<p><strong>7. Se viajar com crian\u00e7as, verifique as condi\u00e7\u00f5es do espa\u00e7o.<\/strong> Muitos espet\u00e1culos aceitam fam\u00edlias, mas as idades m\u00ednimas e as condi\u00e7\u00f5es podem variar de um espa\u00e7o para outro.<\/p>\n<p>Se tiver d\u00favidas sobre o processo, consulte <a href=\"https:\/\/www.tablaosflamencos.com\/pt-pt\/como-reservar\"><strong>como reservar<\/strong><\/a> e as nossas <a href=\"https:\/\/www.tablaosflamencos.com\/pt-pt\/condicoes-de-venda-e-cancelamento\"><strong>condi\u00e7\u00f5es de venda<\/strong><\/a> antes de confirmar.<\/p>\n<\/div><\/div><\/div><\/div><\/div><\/div><\/div><\/section><section class=\"l-section wpb_row height_huge color_alternate with_shape\"><div class=\"l-section-shape type_zigzag pos_top hor_flip\" style=\"height:3vmin;\"><svg xmlns=\"http:\/\/www.w3.org\/2000\/svg\" viewBox=\"0 0 64 8\" preserveAspectRatio=\"none\" width=\"100%\" height=\"100%\">\r\n\t<path fill=\"currentColor\" d=\"M64 8 L0 8 L0 0 L20 7.9 L40 3 L48 5 L64 0 Z\"\/>\r\n<\/svg><\/div><div class=\"l-section-shape type_zigzag pos_bottom\" style=\"height:3vmin;\"><svg xmlns=\"http:\/\/www.w3.org\/2000\/svg\" viewBox=\"0 0 64 8\" preserveAspectRatio=\"none\" width=\"100%\" height=\"100%\">\r\n\t<path fill=\"currentColor\" d=\"M64 8 L0 8 L0 0 L20 7.9 L40 3 L48 5 L64 0 Z\"\/>\r\n<\/svg><\/div><div class=\"l-section-h i-cf\"><div class=\"g-cols vc_row via_flex valign_top type_default stacking_default\"><div class=\"vc_col-sm-6 wpb_column vc_column_container\"><div class=\"vc_column-inner\"><div class=\"wpb_wrapper\"><div class=\"wpb_text_column\"><div class=\"wpb_wrapper\"><h2 id=\"plan\">Um plano simples para uma noite flamenca em Sevilha depois de 3 de outubro<\/h2>\n<p>Se disp\u00f5e apenas de uma noite, n\u00e3o \u00e9 necess\u00e1rio complicar demasiado o itiner\u00e1rio. Uma f\u00f3rmula eficaz \u00e9 escolher primeiro o espet\u00e1culo e construir o resto em torno dele.<\/p>\n<p><strong>Op\u00e7\u00e3o centro hist\u00f3rico:<\/strong> passeio pela Catedral, Santa Cruz ou zona da C\u00e2mara Municipal; tapas antes da sess\u00e3o; espet\u00e1culo num tablao do centro; passeio posterior pelo centro hist\u00f3rico.<\/p>\n<p><strong>Op\u00e7\u00e3o Arenal:<\/strong> passeio junto ao Guadalquivir e \u00e0 Torre del Oro; jantar ou tapas na zona; espet\u00e1culo flamenco; regresso a p\u00e9 em dire\u00e7\u00e3o a Puerta Jerez ou ao centro.<\/p>\n<p><strong>Op\u00e7\u00e3o Encarnaci\u00f3n:<\/strong> visita \u00e0 zona de Las Setas; jantar cedo no centro; espet\u00e1culo; continua\u00e7\u00e3o da noite pelas ruas do centro hist\u00f3rico.<\/p>\n<p><strong>Op\u00e7\u00e3o Triana:<\/strong> atravessar a Ponte Isabel II ao p\u00f4r do sol; passear pelo bairro; assistir a um espet\u00e1culo flamenco; terminar com uma bebida ou jantar tardio em Triana.<\/p>\n<p>Esta abordagem tem uma vantagem: evita depender de encontrar flamenco de forma espont\u00e2nea. Primeiro garante a sess\u00e3o e depois deixa espa\u00e7o para que a cidade traga o imprevisto.<\/p>\n<\/div><\/div><\/div><\/div><\/div><div class=\"vc_col-sm-6 wpb_column vc_column_container\"><div class=\"vc_column-inner\"><div class=\"wpb_wrapper\"><div class=\"wpb_text_column\"><div class=\"wpb_wrapper\"><h2 id=\"mas-alla\">Para al\u00e9m do tablao: pe\u00f1as, teatros e programa\u00e7\u00e3o pontual<\/h2>\n<p>Depois da Bienal, o flamenco tamb\u00e9m continua fora dos espa\u00e7os de programa\u00e7\u00e3o di\u00e1ria. Sevilha e a sua prov\u00edncia contam com <strong>pe\u00f1as flamencas, ciclos culturais, teatros e festivais<\/strong> que organizam recitais e atividades durante o ano.<\/p>\n<p>Para um aficionado, estes encontros podem ser extraordin\u00e1rios. No entanto, n\u00e3o funcionam da mesma forma que um tablao. Podem realizar-se uma vez por m\u00eas, concentrar-se em determinados fins de semana ou ter condi\u00e7\u00f5es de acesso espec\u00edficas. Por isso, s\u00e3o uma excelente segunda camada para quem tem tempo para pesquisar a agenda, mas nem sempre a op\u00e7\u00e3o mais segura para um visitante que precisa de flamenco numa noite concreta.<\/p>\n<p>Tamb\u00e9m conv\u00e9m acompanhar a programa\u00e7\u00e3o dos teatros sevilhanos. O facto de a Bienal terminar n\u00e3o significa que o Maestranza, Lope de Vega, Central ou Alameda deixem de receber flamenco; simplesmente regressam \u00e0s suas temporadas gerais, onde o g\u00e9nero partilha espa\u00e7o com m\u00fasica, dan\u00e7a e teatro.<\/p>\n<p>A diferen\u00e7a fundamental \u00e9 a disponibilidade: <strong>o tablao oferece continuidade; a programa\u00e7\u00e3o cultural oferece acontecimentos pontuais<\/strong>. Ambas as formas podem coexistir perfeitamente na mesma viagem.<\/p>\n<\/div><\/div><\/div><\/div><\/div><\/div><\/div><\/section><section class=\"l-section wpb_row height_huge\"><div class=\"l-section-h i-cf\"><div class=\"g-cols vc_row via_flex valign_top type_default stacking_default\"><div class=\"vc_col-sm-12 wpb_column vc_column_container\"><div class=\"vc_column-inner\"><div class=\"wpb_wrapper\"><div class=\"wpb_text_column\"><div class=\"wpb_wrapper\"><h2>Vem mesmo depois da Bienal?<\/h2>\n<p>Os primeiros dias de outubro podem ser especialmente interessantes. Sevilha ainda conserva o ambiente das semanas anteriores, parte do p\u00fablico especializado permanece na cidade e a temporada tur\u00edstica de outono mant\u00e9m muita atividade no centro.<\/p>\n<p>Se a sua viagem come\u00e7ar quando a Bienal j\u00e1 tiver terminado, n\u00e3o vale a pena mudar as datas apenas por pensar que ficou sem flamenco. A experi\u00eancia ser\u00e1 diferente, mas continuar\u00e1 a poder ver espet\u00e1culos profissionais e ter\u00e1, al\u00e9m disso, muito mais liberdade para combinar flamenco com monumentos, gastronomia e bairros de Sevilha.<\/p>\n<p>Se durante a Bienal procurava alternativas por falta de bilhetes, pode consultar tamb\u00e9m o nosso guia <a href=\"https:\/\/www.tablaosflamencos.com\/pt-pt\/bienal-esgotada-onde-ver-flamenco-hoje-sevilha.html\"><strong>Bienal esgotada: onde ver flamenco hoje em Sevilha<\/strong><\/a>. Muitas das ideias continuam a ser \u00fateis depois do festival porque se apoiam precisamente na oferta flamenca est\u00e1vel da cidade.<\/p>\n<\/div><\/div><div class=\"w-separator size_medium\"><\/div><div class=\"w-hwrapper valign_top wrap align_center\" style=\"--hwrapper-gap:1.2rem\"><div class=\"w-btn-wrapper align_none\"><a class=\"w-btn us-btn-style_1\" href=\"https:\/\/www.tablaosflamencos.com\/pt-pt\/flamenco-em-sevilha\"><span class=\"w-btn-label\">Comparar flamenco em Sevilha<\/span><\/a><\/div><div class=\"w-btn-wrapper align_none\"><a class=\"w-btn us-btn-style_11\" href=\"https:\/\/www.tablaosflamencos.com\/pt-pt\/flamenco-em-triana\"><span class=\"w-btn-label\">Flamenco em Triana<\/span><\/a><\/div><\/div><\/div><\/div><\/div><\/div><\/div><\/section><section class=\"l-section wpb_row height_huge color_alternate with_shape\"><div class=\"l-section-shape type_zigzag pos_top hor_flip\" style=\"height:3vmin;\"><svg xmlns=\"http:\/\/www.w3.org\/2000\/svg\" viewBox=\"0 0 64 8\" preserveAspectRatio=\"none\" width=\"100%\" height=\"100%\">\r\n\t<path fill=\"currentColor\" d=\"M64 8 L0 8 L0 0 L20 7.9 L40 3 L48 5 L64 0 Z\"\/>\r\n<\/svg><\/div><div class=\"l-section-shape type_zigzag pos_bottom\" style=\"height:3vmin;\"><svg xmlns=\"http:\/\/www.w3.org\/2000\/svg\" viewBox=\"0 0 64 8\" preserveAspectRatio=\"none\" width=\"100%\" height=\"100%\">\r\n\t<path fill=\"currentColor\" d=\"M64 8 L0 8 L0 0 L20 7.9 L40 3 L48 5 L64 0 Z\"\/>\r\n<\/svg><\/div><div class=\"l-section-h i-cf\"><div class=\"g-cols vc_row via_flex valign_top type_default stacking_default\"><div class=\"vc_col-sm-1\/5 wpb_column vc_column_container\"><div class=\"vc_column-inner\"><div class=\"wpb_wrapper\"><\/div><\/div><\/div><div class=\"vc_col-sm-3\/5 wpb_column vc_column_container\"><div class=\"vc_column-inner\"><div class=\"wpb_wrapper\"><div class=\"wpb_text_column\"><div class=\"wpb_wrapper\"><h2 id=\"faq\">Perguntas frequentes sobre onde ver flamenco depois da Bienal<\/h2>\n<\/div><\/div><div class=\"w-separator size_medium\"><\/div><div class=\"w-tabs accordion toggle_style_1 has_scrolling\" style=\"--sections-title-size:inherit;--sections-gap:0.5rem;\"><div class=\"w-tabs-sections titles-align_none icon_plus cpos_left\"><div class=\"w-tabs-section\" id=\"g55f\" itemscope itemprop=\"mainEntity\" itemtype=\"https:\/\/schema.org\/Question\"><button type=\"button\" class=\"w-tabs-section-header\" aria-controls=\"content-g55f\" aria-expanded=\"false\"><h3 class=\"w-tabs-section-title\" itemprop=\"name\">\u00c9 poss\u00edvel continuar a ver flamenco em Sevilha quando termina a Bienal?<\/h3><div class=\"w-tabs-section-control\"><\/div><\/button><div  class=\"w-tabs-section-content\" id=\"content-g55f\" itemscope itemprop=\"acceptedAnswer\" itemtype=\"https:\/\/schema.org\/Answer\"><div class=\"w-tabs-section-content-h i-cf\" itemprop=\"text\"><div class=\"wpb_text_column\"><div class=\"wpb_wrapper\"><p>Sim. A Bienal termina a 3 de outubro de 2026, mas Sevilha mant\u00e9m durante o resto do ano uma ampla oferta de tablaos, teatros flamencos e espa\u00e7os culturais com programa\u00e7\u00e3o regular. O que termina \u00e9 o calend\u00e1rio extraordin\u00e1rio do festival, n\u00e3o a atividade flamenca da cidade.<\/p>\n<\/div><\/div><\/div><\/div><\/div><div class=\"w-tabs-section\" id=\"x728\" itemscope itemprop=\"mainEntity\" itemtype=\"https:\/\/schema.org\/Question\"><button type=\"button\" class=\"w-tabs-section-header\" aria-controls=\"content-x728\" aria-expanded=\"false\"><h3 class=\"w-tabs-section-title\" itemprop=\"name\">Onde posso ver flamenco em Sevilha a partir de 4 de outubro de 2026?<\/h3><div class=\"w-tabs-section-control\"><\/div><\/button><div  class=\"w-tabs-section-content\" id=\"content-x728\" itemscope itemprop=\"acceptedAnswer\" itemtype=\"https:\/\/schema.org\/Answer\"><div class=\"w-tabs-section-content-h i-cf\" itemprop=\"text\"><div class=\"wpb_text_column\"><div class=\"wpb_wrapper\"><p>Pode reservar diretamente no nosso portal op\u00e7\u00f5es como <a href=\"https:\/\/www.tablaosflamencos.com\/pt-pt\/tablao\/tablao-flamenco-las-setas\">Tablao Flamenco Las Setas<\/a>, <a href=\"https:\/\/www.tablaosflamencos.com\/pt-pt\/tablao\/tablao-flamenco-la-cantaora\">La Cantaora<\/a>, <a href=\"https:\/\/www.tablaosflamencos.com\/pt-pt\/tablao\/casa-duende-tablao\">Casa Duende<\/a>, <a href=\"https:\/\/www.tablaosflamencos.com\/pt-pt\/tablao\/tablao-flamenco-las-duenas\">Las Due\u00f1as<\/a>, <a href=\"https:\/\/www.tablaosflamencos.com\/pt-pt\/tablao\/tablao-flamenco-casa-inquieta\">Casa Inquieta<\/a>, <a href=\"https:\/\/www.tablaosflamencos.com\/pt-pt\/tablao\/casa-flamenco-azahar\">Casa Flamenco Azahar<\/a>, <a href=\"https:\/\/www.tablaosflamencos.com\/pt-pt\/tablao\/tablao-flamenco-el-jardin-de-murillo\">El Jard\u00edn de Murillo<\/a>, <a href=\"https:\/\/www.tablaosflamencos.com\/pt-pt\/tablao\/baraka-sala-flamenca\">Baraka Sala Flamenca<\/a> ou <a href=\"https:\/\/www.tablaosflamencos.com\/pt-pt\/tablao\/tablao-flamenco-triana\">Tablao Flamenco Triana<\/a>. Verifique sempre a disponibilidade para a sua data concreta.<\/p>\n<\/div><\/div><\/div><\/div><\/div><div class=\"w-tabs-section\" id=\"b881\" itemscope itemprop=\"mainEntity\" itemtype=\"https:\/\/schema.org\/Question\"><button type=\"button\" class=\"w-tabs-section-header\" aria-controls=\"content-b881\" aria-expanded=\"false\"><h3 class=\"w-tabs-section-title\" itemprop=\"name\">Os artistas da Bienal tamb\u00e9m atuam em tablaos?<\/h3><div class=\"w-tabs-section-control\"><\/div><\/button><div  class=\"w-tabs-section-content\" id=\"content-b881\" itemscope itemprop=\"acceptedAnswer\" itemtype=\"https:\/\/schema.org\/Answer\"><div class=\"w-tabs-section-content-h i-cf\" itemprop=\"text\"><div class=\"wpb_text_column\"><div class=\"wpb_wrapper\"><p>Muitos artistas profissionais alternam ao longo da carreira entre tablaos, companhias, festivais, digress\u00f5es e teatros. No entanto, os elencos mudam e n\u00e3o se deve assumir que um determinado artista da Bienal vai atuar num tablao numa data espec\u00edfica. \u00c9 melhor consultar a programa\u00e7\u00e3o dispon\u00edvel.<\/p>\n<\/div><\/div><\/div><\/div><\/div><div class=\"w-tabs-section\" id=\"w9d1\" itemscope itemprop=\"mainEntity\" itemtype=\"https:\/\/schema.org\/Question\"><button type=\"button\" class=\"w-tabs-section-header\" aria-controls=\"content-w9d1\" aria-expanded=\"false\"><h3 class=\"w-tabs-section-title\" itemprop=\"name\">\u00c9 melhor um tablao pequeno ou um grande?<\/h3><div class=\"w-tabs-section-control\"><\/div><\/button><div  class=\"w-tabs-section-content\" id=\"content-w9d1\" itemscope itemprop=\"acceptedAnswer\" itemtype=\"https:\/\/schema.org\/Answer\"><div class=\"w-tabs-section-content-h i-cf\" itemprop=\"text\"><div class=\"wpb_text_column\"><div class=\"wpb_wrapper\"><p>Depende da experi\u00eancia que procura. Um espa\u00e7o pequeno oferece maior proximidade com o cante, a guitarra e o baile. Uma sala maior pode oferecer uma encena\u00e7\u00e3o mais ampla. N\u00e3o existe uma dimens\u00e3o automaticamente melhor para toda a gente.<\/p>\n<\/div><\/div><\/div><\/div><\/div><div class=\"w-tabs-section\" id=\"yb26\" itemscope itemprop=\"mainEntity\" itemtype=\"https:\/\/schema.org\/Question\"><button type=\"button\" class=\"w-tabs-section-header\" aria-controls=\"content-yb26\" aria-expanded=\"false\"><h3 class=\"w-tabs-section-title\" itemprop=\"name\">Vale a pena ver flamenco em Triana depois da Bienal?<\/h3><div class=\"w-tabs-section-control\"><\/div><\/button><div  class=\"w-tabs-section-content\" id=\"content-yb26\" itemscope itemprop=\"acceptedAnswer\" itemtype=\"https:\/\/schema.org\/Answer\"><div class=\"w-tabs-section-content-h i-cf\" itemprop=\"text\"><div class=\"wpb_text_column\"><div class=\"wpb_wrapper\"><p>Sim. Triana \u00e9 uma das zonas mais ligadas \u00e0 hist\u00f3ria flamenca de Sevilha e conta com uma oferta c\u00e9nica est\u00e1vel, al\u00e9m de programa\u00e7\u00e3o cultural pontual. Para um visitante, \u00e9 recomend\u00e1vel reservar primeiro um espet\u00e1culo confirmado e depois completar a noite percorrendo o bairro.<\/p>\n<\/div><\/div><\/div><\/div><\/div><div class=\"w-tabs-section\" id=\"oc5d\" itemscope itemprop=\"mainEntity\" itemtype=\"https:\/\/schema.org\/Question\"><button type=\"button\" class=\"w-tabs-section-header\" aria-controls=\"content-oc5d\" aria-expanded=\"false\"><h3 class=\"w-tabs-section-title\" itemprop=\"name\">Tenho de reservar o flamenco com anteced\u00eancia em outubro?<\/h3><div class=\"w-tabs-section-control\"><\/div><\/button><div  class=\"w-tabs-section-content\" id=\"content-oc5d\" itemscope itemprop=\"acceptedAnswer\" itemtype=\"https:\/\/schema.org\/Answer\"><div class=\"w-tabs-section-content-h i-cf\" itemprop=\"text\"><div class=\"wpb_text_column\"><div class=\"wpb_wrapper\"><p>\u00c9 recomend\u00e1vel. Embora a Bienal tenha terminado, Sevilha mant\u00e9m uma importante procura tur\u00edstica durante o outono e as salas com menor lota\u00e7\u00e3o podem esgotar determinadas sess\u00f5es, sobretudo em fins de semana, feriados prolongados e datas de grandes eventos.<\/p>\n<\/div><\/div><\/div><\/div><\/div><div class=\"w-tabs-section\" id=\"wd8f\" itemscope itemprop=\"mainEntity\" itemtype=\"https:\/\/schema.org\/Question\"><button type=\"button\" class=\"w-tabs-section-header\" aria-controls=\"content-wd8f\" aria-expanded=\"false\"><h3 class=\"w-tabs-section-title\" itemprop=\"name\">\u00c9 necess\u00e1rio reservar jantar com o espet\u00e1culo?<\/h3><div class=\"w-tabs-section-control\"><\/div><\/button><div  class=\"w-tabs-section-content\" id=\"content-wd8f\" itemscope itemprop=\"acceptedAnswer\" itemtype=\"https:\/\/schema.org\/Answer\"><div class=\"w-tabs-section-content-h i-cf\" itemprop=\"text\"><div class=\"wpb_text_column\"><div class=\"wpb_wrapper\"><p>N\u00e3o. Se a sua prioridade \u00e9 o flamenco, pode reservar apenas o espet\u00e1culo quando o espa\u00e7o oferecer essa modalidade e organizar o jantar ou as tapas antes ou depois. Escolher jantar e espet\u00e1culo \u00e9 uma quest\u00e3o de comodidade e prefer\u00eancias, n\u00e3o um requisito para desfrutar de uma boa sess\u00e3o.<\/p>\n<\/div><\/div><\/div><\/div><\/div><div class=\"w-tabs-section\" id=\"deb1\" itemscope itemprop=\"mainEntity\" itemtype=\"https:\/\/schema.org\/Question\"><button type=\"button\" class=\"w-tabs-section-header\" aria-controls=\"content-deb1\" aria-expanded=\"false\"><h3 class=\"w-tabs-section-title\" itemprop=\"name\">H\u00e1 flamenco fora dos tablaos depois da Bienal?<\/h3><div class=\"w-tabs-section-control\"><\/div><\/button><div  class=\"w-tabs-section-content\" id=\"content-deb1\" itemscope itemprop=\"acceptedAnswer\" itemtype=\"https:\/\/schema.org\/Answer\"><div class=\"w-tabs-section-content-h i-cf\" itemprop=\"text\"><div class=\"wpb_text_column\"><div class=\"wpb_wrapper\"><p>Sim. Pode haver recitais em teatros, pe\u00f1as, centros culturais, festivais e ciclos pontuais. A diferen\u00e7a \u00e9 que estas atividades nem sempre t\u00eam frequ\u00eancia di\u00e1ria, pelo que conv\u00e9m consultar a agenda com anteced\u00eancia.<\/p>\n<\/div><\/div><\/div><\/div><\/div><div class=\"w-tabs-section\" id=\"efd3\" itemscope itemprop=\"mainEntity\" itemtype=\"https:\/\/schema.org\/Question\"><button type=\"button\" class=\"w-tabs-section-header\" aria-controls=\"content-efd3\" aria-expanded=\"false\"><h3 class=\"w-tabs-section-title\" itemprop=\"name\">Posso levar crian\u00e7as a um espet\u00e1culo flamenco?<\/h3><div class=\"w-tabs-section-control\"><\/div><\/button><div  class=\"w-tabs-section-content\" id=\"content-efd3\" itemscope itemprop=\"acceptedAnswer\" itemtype=\"https:\/\/schema.org\/Answer\"><div class=\"w-tabs-section-content-h i-cf\" itemprop=\"text\"><div class=\"wpb_text_column\"><div class=\"wpb_wrapper\"><p>Muitos espa\u00e7os aceitam p\u00fablico familiar, mas as condi\u00e7\u00f5es e idades m\u00ednimas variam. Antes de reservar, verifique as condi\u00e7\u00f5es espec\u00edficas do espet\u00e1culo escolhido.<\/p>\n<\/div><\/div><\/div><\/div><\/div><div class=\"w-tabs-section\" id=\"c0f6\" itemscope itemprop=\"mainEntity\" itemtype=\"https:\/\/schema.org\/Question\"><button type=\"button\" class=\"w-tabs-section-header\" aria-controls=\"content-c0f6\" aria-expanded=\"false\"><h3 class=\"w-tabs-section-title\" itemprop=\"name\">Onde posso comparar op\u00e7\u00f5es de flamenco em Sevilha?<\/h3><div class=\"w-tabs-section-control\"><\/div><\/button><div  class=\"w-tabs-section-content\" id=\"content-c0f6\" itemscope itemprop=\"acceptedAnswer\" itemtype=\"https:\/\/schema.org\/Answer\"><div class=\"w-tabs-section-content-h i-cf\" itemprop=\"text\"><div class=\"wpb_text_column\"><div class=\"wpb_wrapper\"><p>Pode consultar a nossa p\u00e1gina de <a href=\"https:\/\/www.tablaosflamencos.com\/pt-pt\/flamenco-em-sevilha\"><strong>flamenco em Sevilha<\/strong><\/a>, onde reunimos op\u00e7\u00f5es para comparar e organizar a reserva de acordo com a data da sua visita.<\/p>\n<\/div><\/div><\/div><\/div><\/div><\/div><\/div><\/div><\/div><\/div><div class=\"vc_col-sm-1\/5 wpb_column vc_column_container\"><div class=\"vc_column-inner\"><div class=\"wpb_wrapper\"><\/div><\/div><\/div><\/div><\/div><\/section><section class=\"l-section wpb_row height_huge\"><div class=\"l-section-h i-cf\"><div class=\"g-cols vc_row via_flex valign_top type_default stacking_default\"><div class=\"vc_col-sm-12 wpb_column vc_column_container\"><div class=\"vc_column-inner\"><div class=\"wpb_wrapper\"><div class=\"wpb_text_column\"><div class=\"wpb_wrapper\"><h2 style=\"text-align: center;\">A Bienal termina; o flamenco de Sevilha continua<\/h2>\n<p style=\"text-align: center;\">A Bienal de Flamenco \u00e9 um dos momentos mais intensos do calend\u00e1rio cultural sevilhano, mas n\u00e3o \u00e9 a \u00fanica altura para viver o flamenco na cidade. O seu fim marca o encerramento de uma edi\u00e7\u00e3o extraordin\u00e1ria, n\u00e3o o fim da temporada flamenca.<\/p>\n<p style=\"text-align: center;\">Depois de 3 de outubro, Sevilha volta a mostrar uma das suas grandes for\u00e7as: uma <strong>rede est\u00e1vel de tablaos e espa\u00e7os c\u00e9nicos<\/strong> capaz de oferecer flamenco a quem chega em qualquer semana do ano. A experi\u00eancia muda de escala, formato e ritmo, mas continua a permitir ouvir cante, ver baile e sentir a guitarra a muito pouca dist\u00e2ncia.<\/p>\n<p style=\"text-align: center;\">Se viajar depois da Bienal, a estrat\u00e9gia mais simples \u00e9 escolher o tipo de experi\u00eancia que pretende, <a href=\"https:\/\/www.tablaosflamencos.com\/pt-pt\/flamenco-em-sevilha\"><strong>comparar os espet\u00e1culos de flamenco dispon\u00edveis em Sevilha<\/strong><\/a> e reservar antes de chegar. O festival ter\u00e1 despedido at\u00e9 \u00e0 pr\u00f3xima edi\u00e7\u00e3o; o flamenco, n\u00e3o.<\/p>\n<\/div><\/div><\/div><\/div><\/div><\/div><\/div><\/section>\n","protected":false},"excerpt":{"rendered":"<p>A Bienal termina, mas o flamenco continua em Sevilha. Guia de tablaos, Triana e espet\u00e1culos regulares depois de 3 de outubro de 2026.<\/p>\n","protected":false},"author":1,"featured_media":14271,"comment_status":"closed","ping_status":"closed","sticky":false,"template":"","format":"standard","meta":{"_acf_changed":false,"wpai_generated_summary":"","_ayudawp_aiss_exclude":false,"_ayudawp_aiss_exclude_summary":false,"_ayudawp_aiss_summary":"","_ayudawp_aiss_summary_provider":"","_ayudawp_aiss_summary_hash":"","footnotes":""},"categories":[1430],"tags":[1255,1256,1257,1258,1188,1259],"class_list":["post-14325","post","type-post","status-publish","format-standard","has-post-thumbnail","hentry","category-bienal-flamenco-sevilha","tag-agenda-flamenca","tag-bienal-2026","tag-bienal-de-flamenco","tag-festivales-flamencos","tag-flamenco-en-sevilla","tag-sevilla"],"acf":[],"yoast_head":"<!-- This site is optimized with the Yoast SEO Premium plugin v28.4 (Yoast SEO v28.4) - https:\/\/yoast.com\/product\/yoast-seo-premium-wordpress\/ -->\n<title>Flamenco em Sevilha ap\u00f3s a Bienal 2026<\/title>\n<meta name=\"description\" content=\"A Bienal termina a 3 de outubro, mas o flamenco continua em Sevilha. Guia de tablaos, Triana, espet\u00e1culos e reservas depois do festival.\" \/>\n<meta name=\"robots\" content=\"index, follow, max-snippet:-1, max-image-preview:large, max-video-preview:-1\" \/>\n<link rel=\"canonical\" href=\"https:\/\/www.tablaosflamencos.com\/pt-pt\/flamenco-apos-bienal-onde-ver-sevilha.html\" \/>\n<meta property=\"og:locale\" content=\"pt_PT\" \/>\n<meta property=\"og:type\" content=\"article\" \/>\n<meta property=\"og:title\" content=\"Flamenco ap\u00f3s a Bienal: onde continuar a ver flamenco em Sevilha\" \/>\n<meta property=\"og:description\" content=\"A Bienal termina a 3 de outubro, mas o flamenco continua em Sevilha. Guia de tablaos, Triana, espet\u00e1culos e reservas depois do festival.\" \/>\n<meta property=\"og:url\" content=\"https:\/\/www.tablaosflamencos.com\/pt-pt\/flamenco-apos-bienal-onde-ver-sevilha.html\" \/>\n<meta property=\"og:site_name\" content=\"Tablaos Flamencos\" \/>\n<meta property=\"article:publisher\" content=\"https:\/\/www.facebook.com\/tablaosflamencos\" \/>\n<meta property=\"article:published_time\" content=\"2026-09-03T21:26:41+00:00\" \/>\n<meta property=\"article:modified_time\" content=\"2026-09-03T21:57:52+00:00\" \/>\n<meta property=\"og:image\" content=\"https:\/\/www.tablaosflamencos.com\/wp-content\/uploads\/flamenco-despues-de-la-bienal-donde-seguir-viendo-flamenco-en-sevilla-01.webp\" \/>\n\t<meta property=\"og:image:width\" content=\"1672\" \/>\n\t<meta property=\"og:image:height\" content=\"941\" \/>\n\t<meta property=\"og:image:type\" content=\"image\/webp\" \/>\n<meta name=\"author\" content=\"Miguel Ortiz\" \/>\n<meta name=\"twitter:card\" content=\"summary_large_image\" \/>\n<meta name=\"twitter:creator\" content=\"@tablaosflamenco\" \/>\n<meta name=\"twitter:site\" content=\"@tablaosflamenco\" \/>\n<meta name=\"twitter:label1\" content=\"Escrito por\" \/>\n\t<meta name=\"twitter:data1\" content=\"Miguel Ortiz\" \/>\n\t<meta name=\"twitter:label2\" content=\"Tempo estimado de leitura\" \/>\n\t<meta name=\"twitter:data2\" content=\"21 minutos\" \/>\n<script type=\"application\/ld+json\" class=\"yoast-schema-graph\">{\"@context\":\"https:\\\/\\\/schema.org\",\"@graph\":[{\"@type\":\"Article\",\"@id\":\"https:\\\/\\\/www.tablaosflamencos.com\\\/pt-pt\\\/flamenco-apos-bienal-onde-ver-sevilha.html#article\",\"isPartOf\":{\"@id\":\"https:\\\/\\\/www.tablaosflamencos.com\\\/pt-pt\\\/flamenco-apos-bienal-onde-ver-sevilha.html\"},\"author\":{\"name\":\"Miguel Ortiz\",\"@id\":\"https:\\\/\\\/www.tablaosflamencos.com\\\/pt-pt#\\\/schema\\\/person\\\/e7a9ebe14eb75a52ceabfbffb3c54f5d\"},\"headline\":\"Flamenco ap\u00f3s a Bienal: onde continuar a ver flamenco em Sevilha\",\"datePublished\":\"2026-09-03T21:26:41+00:00\",\"dateModified\":\"2026-09-03T21:57:52+00:00\",\"mainEntityOfPage\":{\"@id\":\"https:\\\/\\\/www.tablaosflamencos.com\\\/pt-pt\\\/flamenco-apos-bienal-onde-ver-sevilha.html\"},\"wordCount\":4158,\"publisher\":{\"@id\":\"https:\\\/\\\/www.tablaosflamencos.com\\\/pt-pt#organization\"},\"image\":{\"@id\":\"https:\\\/\\\/www.tablaosflamencos.com\\\/pt-pt\\\/flamenco-apos-bienal-onde-ver-sevilha.html#primaryimage\"},\"thumbnailUrl\":\"https:\\\/\\\/www.tablaosflamencos.com\\\/wp-content\\\/uploads\\\/flamenco-despues-de-la-bienal-donde-seguir-viendo-flamenco-en-sevilla-01.webp\",\"keywords\":[\"agenda flamenca\",\"Bienal 2026\",\"Bienal de Flamenco\",\"festivales flamencos\",\"flamenco en Sevilla\",\"sevilla\"],\"articleSection\":[\"Bienal de Flamenco de Sevilha\"],\"inLanguage\":\"pt-PT\"},{\"@type\":\"WebPage\",\"@id\":\"https:\\\/\\\/www.tablaosflamencos.com\\\/pt-pt\\\/flamenco-apos-bienal-onde-ver-sevilha.html\",\"url\":\"https:\\\/\\\/www.tablaosflamencos.com\\\/pt-pt\\\/flamenco-apos-bienal-onde-ver-sevilha.html\",\"name\":\"Flamenco em Sevilha ap\u00f3s a Bienal 2026\",\"isPartOf\":{\"@id\":\"https:\\\/\\\/www.tablaosflamencos.com\\\/pt-pt#website\"},\"primaryImageOfPage\":{\"@id\":\"https:\\\/\\\/www.tablaosflamencos.com\\\/pt-pt\\\/flamenco-apos-bienal-onde-ver-sevilha.html#primaryimage\"},\"image\":{\"@id\":\"https:\\\/\\\/www.tablaosflamencos.com\\\/pt-pt\\\/flamenco-apos-bienal-onde-ver-sevilha.html#primaryimage\"},\"thumbnailUrl\":\"https:\\\/\\\/www.tablaosflamencos.com\\\/wp-content\\\/uploads\\\/flamenco-despues-de-la-bienal-donde-seguir-viendo-flamenco-en-sevilla-01.webp\",\"datePublished\":\"2026-09-03T21:26:41+00:00\",\"dateModified\":\"2026-09-03T21:57:52+00:00\",\"description\":\"A Bienal termina a 3 de outubro, mas o flamenco continua em Sevilha. Guia de tablaos, Triana, espet\u00e1culos e reservas depois do festival.\",\"breadcrumb\":{\"@id\":\"https:\\\/\\\/www.tablaosflamencos.com\\\/pt-pt\\\/flamenco-apos-bienal-onde-ver-sevilha.html#breadcrumb\"},\"inLanguage\":\"pt-PT\",\"potentialAction\":[{\"@type\":\"ReadAction\",\"target\":[\"https:\\\/\\\/www.tablaosflamencos.com\\\/pt-pt\\\/flamenco-apos-bienal-onde-ver-sevilha.html\"]}]},{\"@type\":\"ImageObject\",\"inLanguage\":\"pt-PT\",\"@id\":\"https:\\\/\\\/www.tablaosflamencos.com\\\/pt-pt\\\/flamenco-apos-bienal-onde-ver-sevilha.html#primaryimage\",\"url\":\"https:\\\/\\\/www.tablaosflamencos.com\\\/wp-content\\\/uploads\\\/flamenco-despues-de-la-bienal-donde-seguir-viendo-flamenco-en-sevilla-01.webp\",\"contentUrl\":\"https:\\\/\\\/www.tablaosflamencos.com\\\/wp-content\\\/uploads\\\/flamenco-despues-de-la-bienal-donde-seguir-viendo-flamenco-en-sevilla-01.webp\",\"width\":1672,\"height\":941,\"caption\":\"Flamenco despu\u00e9s de la Bienal: d\u00f3nde seguir viendo flamenco en Sevilla\"},{\"@type\":\"BreadcrumbList\",\"@id\":\"https:\\\/\\\/www.tablaosflamencos.com\\\/pt-pt\\\/flamenco-apos-bienal-onde-ver-sevilha.html#breadcrumb\",\"itemListElement\":[{\"@type\":\"ListItem\",\"position\":1,\"name\":\"Home\",\"item\":\"https:\\\/\\\/www.tablaosflamencos.com\\\/pt-pt\"},{\"@type\":\"ListItem\",\"position\":2,\"name\":\"Flamenco ap\u00f3s a Bienal: onde continuar a ver flamenco em Sevilha\"}]},{\"@type\":\"WebSite\",\"@id\":\"https:\\\/\\\/www.tablaosflamencos.com\\\/pt-pt#website\",\"url\":\"https:\\\/\\\/www.tablaosflamencos.com\\\/pt-pt\",\"name\":\"Tablaos Flamencos\",\"description\":\"Entradas para tablaos flamencos de Espa\u00f1a\",\"publisher\":{\"@id\":\"https:\\\/\\\/www.tablaosflamencos.com\\\/pt-pt#organization\"},\"alternateName\":\"Tablaos Flamencos\",\"potentialAction\":[{\"@type\":\"SearchAction\",\"target\":{\"@type\":\"EntryPoint\",\"urlTemplate\":\"https:\\\/\\\/www.tablaosflamencos.com\\\/pt-pt?s={search_term_string}\"},\"query-input\":{\"@type\":\"PropertyValueSpecification\",\"valueRequired\":true,\"valueName\":\"search_term_string\"}}],\"inLanguage\":\"pt-PT\"},{\"@type\":[\"Organization\",\"Place\",\"EntertainmentBusiness\"],\"@id\":\"https:\\\/\\\/www.tablaosflamencos.com\\\/pt-pt#organization\",\"name\":\"Tablaos Flamencos\",\"alternateName\":\"Tablaos Flamencos\",\"url\":\"https:\\\/\\\/www.tablaosflamencos.com\\\/pt-pt\",\"logo\":{\"@id\":\"https:\\\/\\\/www.tablaosflamencos.com\\\/pt-pt\\\/flamenco-apos-bienal-onde-ver-sevilha.html#local-main-organization-logo\"},\"image\":{\"@id\":\"https:\\\/\\\/www.tablaosflamencos.com\\\/pt-pt\\\/flamenco-apos-bienal-onde-ver-sevilha.html#local-main-organization-logo\"},\"sameAs\":[\"https:\\\/\\\/www.facebook.com\\\/tablaosflamencos\",\"https:\\\/\\\/x.com\\\/tablaosflamenco\",\"https:\\\/\\\/mastodon.social\\\/@tablaosflamencos\",\"https:\\\/\\\/www.instagram.com\\\/tablaosflamencos\",\"https:\\\/\\\/tiktok.com\\\/@tablaosflamencos\",\"https:\\\/\\\/www.linkedin.com\\\/company\\\/109408238\\\/\"],\"description\":\"Venta de entradas para espect\u00e1culos flamencos\",\"legalName\":\"Tablaos Flamencos\",\"foundingDate\":\"2015-01-01\",\"numberOfEmployees\":{\"@type\":\"QuantitativeValue\",\"minValue\":\"1\",\"maxValue\":\"10\"},\"address\":{\"@id\":\"https:\\\/\\\/www.tablaosflamencos.com\\\/pt-pt\\\/flamenco-apos-bienal-onde-ver-sevilha.html#local-main-place-address\"},\"geo\":{\"@type\":\"GeoCoordinates\",\"latitude\":\"37.3868072\",\"longitude\":\"-5.993280299999999\"},\"telephone\":[\"+34623787787\"],\"contactPoint\":{\"@type\":\"ContactPoint\",\"telephone\":\"+34623787787\",\"email\":\"info@tablaosflamencos.com\"},\"openingHoursSpecification\":{\"@type\":\"OpeningHoursSpecification\",\"dayOfWeek\":[\"Monday\",\"Tuesday\",\"Wednesday\",\"Thursday\",\"Friday\",\"Saturday\",\"Sunday\"],\"opens\":\"00:00\",\"closes\":\"23:59\"},\"email\":\"info@tablaosflamencos.com\",\"priceRange\":\"$$$\",\"currenciesAccepted\":\"\u20ac\"},{\"@type\":\"Person\",\"@id\":\"https:\\\/\\\/www.tablaosflamencos.com\\\/pt-pt#\\\/schema\\\/person\\\/e7a9ebe14eb75a52ceabfbffb3c54f5d\",\"name\":\"Miguel Ortiz\",\"description\":\"Miguel Ortiz es un empresario flamenco, con una s\u00f3lida trayectoria dentro del sector. Ha presidido entidades culturales vinculadas al flamenco y, cuenta con un amplio recorrido profesional en la gesti\u00f3n y promoci\u00f3n de espect\u00e1culos y tablaos flamencos. Su pasi\u00f3n por la historia y el arte flamenco se refleja en cada art\u00edculo, donde combina experiencia, criterio y un profundo respeto por la tradici\u00f3n.\",\"sameAs\":[\"https:\\\/\\\/www.tablaosflamencos.com\",\"https:\\\/\\\/www.instagra.com\\\/miguelortizfe\",\"https:\\\/\\\/www.linkedin.com\\\/in\\\/miguelortizf\\\/\"],\"birthDate\":\"1984-11-22\",\"gender\":\"hombre\",\"knowsLanguage\":[\"espa\u00f1ol\",\"ingl\u00e9s\"],\"jobTitle\":\"Empresario flamenco\"},{\"@type\":\"PostalAddress\",\"@id\":\"https:\\\/\\\/www.tablaosflamencos.com\\\/pt-pt\\\/flamenco-apos-bienal-onde-ver-sevilha.html#local-main-place-address\",\"streetAddress\":\"C\\\/ Alemanes, 19\",\"addressLocality\":\"Sevilla\",\"postalCode\":\"41004\",\"addressRegion\":\"Sevilla\",\"addressCountry\":\"ES\"},{\"@type\":\"ImageObject\",\"inLanguage\":\"pt-PT\",\"@id\":\"https:\\\/\\\/www.tablaosflamencos.com\\\/pt-pt\\\/flamenco-apos-bienal-onde-ver-sevilha.html#local-main-organization-logo\",\"url\":\"https:\\\/\\\/www.tablaosflamencos.com\\\/wp-content\\\/uploads\\\/tablaos-flamencos-06-3.webp\",\"contentUrl\":\"https:\\\/\\\/www.tablaosflamencos.com\\\/wp-content\\\/uploads\\\/tablaos-flamencos-06-3.webp\",\"width\":600,\"height\":620,\"caption\":\"Tablaos Flamencos\"}]}<\/script>\n<meta name=\"geo.placename\" content=\"Sevilla\" \/>\n<meta name=\"geo.position\" content=\"37.3868072;-5.993280299999999\" \/>\n<meta name=\"geo.region\" content=\"Espanha\" \/>\n<!-- \/ Yoast SEO Premium plugin. -->","yoast_head_json":{"title":"Flamenco em Sevilha ap\u00f3s a Bienal 2026","description":"A Bienal termina a 3 de outubro, mas o flamenco continua em Sevilha. Guia de tablaos, Triana, espet\u00e1culos e reservas depois do festival.","robots":{"index":"index","follow":"follow","max-snippet":"max-snippet:-1","max-image-preview":"max-image-preview:large","max-video-preview":"max-video-preview:-1"},"canonical":"https:\/\/www.tablaosflamencos.com\/pt-pt\/flamenco-apos-bienal-onde-ver-sevilha.html","og_locale":"pt_PT","og_type":"article","og_title":"Flamenco ap\u00f3s a Bienal: onde continuar a ver flamenco em Sevilha","og_description":"A Bienal termina a 3 de outubro, mas o flamenco continua em Sevilha. Guia de tablaos, Triana, espet\u00e1culos e reservas depois do festival.","og_url":"https:\/\/www.tablaosflamencos.com\/pt-pt\/flamenco-apos-bienal-onde-ver-sevilha.html","og_site_name":"Tablaos Flamencos","article_publisher":"https:\/\/www.facebook.com\/tablaosflamencos","article_published_time":"2026-09-03T21:26:41+00:00","article_modified_time":"2026-09-03T21:57:52+00:00","og_image":[{"width":1672,"height":941,"url":"https:\/\/www.tablaosflamencos.com\/wp-content\/uploads\/flamenco-despues-de-la-bienal-donde-seguir-viendo-flamenco-en-sevilla-01.webp","type":"image\/webp"}],"author":"Miguel Ortiz","twitter_card":"summary_large_image","twitter_creator":"@tablaosflamenco","twitter_site":"@tablaosflamenco","twitter_misc":{"Escrito por":"Miguel Ortiz","Tempo estimado de leitura":"21 minutos"},"schema":{"@context":"https:\/\/schema.org","@graph":[{"@type":"Article","@id":"https:\/\/www.tablaosflamencos.com\/pt-pt\/flamenco-apos-bienal-onde-ver-sevilha.html#article","isPartOf":{"@id":"https:\/\/www.tablaosflamencos.com\/pt-pt\/flamenco-apos-bienal-onde-ver-sevilha.html"},"author":{"name":"Miguel Ortiz","@id":"https:\/\/www.tablaosflamencos.com\/pt-pt#\/schema\/person\/e7a9ebe14eb75a52ceabfbffb3c54f5d"},"headline":"Flamenco ap\u00f3s a Bienal: onde continuar a ver flamenco em Sevilha","datePublished":"2026-09-03T21:26:41+00:00","dateModified":"2026-09-03T21:57:52+00:00","mainEntityOfPage":{"@id":"https:\/\/www.tablaosflamencos.com\/pt-pt\/flamenco-apos-bienal-onde-ver-sevilha.html"},"wordCount":4158,"publisher":{"@id":"https:\/\/www.tablaosflamencos.com\/pt-pt#organization"},"image":{"@id":"https:\/\/www.tablaosflamencos.com\/pt-pt\/flamenco-apos-bienal-onde-ver-sevilha.html#primaryimage"},"thumbnailUrl":"https:\/\/www.tablaosflamencos.com\/wp-content\/uploads\/flamenco-despues-de-la-bienal-donde-seguir-viendo-flamenco-en-sevilla-01.webp","keywords":["agenda flamenca","Bienal 2026","Bienal de Flamenco","festivales flamencos","flamenco en Sevilla","sevilla"],"articleSection":["Bienal de Flamenco de Sevilha"],"inLanguage":"pt-PT"},{"@type":"WebPage","@id":"https:\/\/www.tablaosflamencos.com\/pt-pt\/flamenco-apos-bienal-onde-ver-sevilha.html","url":"https:\/\/www.tablaosflamencos.com\/pt-pt\/flamenco-apos-bienal-onde-ver-sevilha.html","name":"Flamenco em Sevilha ap\u00f3s a Bienal 2026","isPartOf":{"@id":"https:\/\/www.tablaosflamencos.com\/pt-pt#website"},"primaryImageOfPage":{"@id":"https:\/\/www.tablaosflamencos.com\/pt-pt\/flamenco-apos-bienal-onde-ver-sevilha.html#primaryimage"},"image":{"@id":"https:\/\/www.tablaosflamencos.com\/pt-pt\/flamenco-apos-bienal-onde-ver-sevilha.html#primaryimage"},"thumbnailUrl":"https:\/\/www.tablaosflamencos.com\/wp-content\/uploads\/flamenco-despues-de-la-bienal-donde-seguir-viendo-flamenco-en-sevilla-01.webp","datePublished":"2026-09-03T21:26:41+00:00","dateModified":"2026-09-03T21:57:52+00:00","description":"A Bienal termina a 3 de outubro, mas o flamenco continua em Sevilha. Guia de tablaos, Triana, espet\u00e1culos e reservas depois do festival.","breadcrumb":{"@id":"https:\/\/www.tablaosflamencos.com\/pt-pt\/flamenco-apos-bienal-onde-ver-sevilha.html#breadcrumb"},"inLanguage":"pt-PT","potentialAction":[{"@type":"ReadAction","target":["https:\/\/www.tablaosflamencos.com\/pt-pt\/flamenco-apos-bienal-onde-ver-sevilha.html"]}]},{"@type":"ImageObject","inLanguage":"pt-PT","@id":"https:\/\/www.tablaosflamencos.com\/pt-pt\/flamenco-apos-bienal-onde-ver-sevilha.html#primaryimage","url":"https:\/\/www.tablaosflamencos.com\/wp-content\/uploads\/flamenco-despues-de-la-bienal-donde-seguir-viendo-flamenco-en-sevilla-01.webp","contentUrl":"https:\/\/www.tablaosflamencos.com\/wp-content\/uploads\/flamenco-despues-de-la-bienal-donde-seguir-viendo-flamenco-en-sevilla-01.webp","width":1672,"height":941,"caption":"Flamenco despu\u00e9s de la Bienal: d\u00f3nde seguir viendo flamenco en Sevilla"},{"@type":"BreadcrumbList","@id":"https:\/\/www.tablaosflamencos.com\/pt-pt\/flamenco-apos-bienal-onde-ver-sevilha.html#breadcrumb","itemListElement":[{"@type":"ListItem","position":1,"name":"Home","item":"https:\/\/www.tablaosflamencos.com\/pt-pt"},{"@type":"ListItem","position":2,"name":"Flamenco ap\u00f3s a Bienal: onde continuar a ver flamenco em Sevilha"}]},{"@type":"WebSite","@id":"https:\/\/www.tablaosflamencos.com\/pt-pt#website","url":"https:\/\/www.tablaosflamencos.com\/pt-pt","name":"Tablaos Flamencos","description":"Entradas para tablaos flamencos de Espa\u00f1a","publisher":{"@id":"https:\/\/www.tablaosflamencos.com\/pt-pt#organization"},"alternateName":"Tablaos Flamencos","potentialAction":[{"@type":"SearchAction","target":{"@type":"EntryPoint","urlTemplate":"https:\/\/www.tablaosflamencos.com\/pt-pt?s={search_term_string}"},"query-input":{"@type":"PropertyValueSpecification","valueRequired":true,"valueName":"search_term_string"}}],"inLanguage":"pt-PT"},{"@type":["Organization","Place","EntertainmentBusiness"],"@id":"https:\/\/www.tablaosflamencos.com\/pt-pt#organization","name":"Tablaos Flamencos","alternateName":"Tablaos Flamencos","url":"https:\/\/www.tablaosflamencos.com\/pt-pt","logo":{"@id":"https:\/\/www.tablaosflamencos.com\/pt-pt\/flamenco-apos-bienal-onde-ver-sevilha.html#local-main-organization-logo"},"image":{"@id":"https:\/\/www.tablaosflamencos.com\/pt-pt\/flamenco-apos-bienal-onde-ver-sevilha.html#local-main-organization-logo"},"sameAs":["https:\/\/www.facebook.com\/tablaosflamencos","https:\/\/x.com\/tablaosflamenco","https:\/\/mastodon.social\/@tablaosflamencos","https:\/\/www.instagram.com\/tablaosflamencos","https:\/\/tiktok.com\/@tablaosflamencos","https:\/\/www.linkedin.com\/company\/109408238\/"],"description":"Venta de entradas para espect\u00e1culos flamencos","legalName":"Tablaos Flamencos","foundingDate":"2015-01-01","numberOfEmployees":{"@type":"QuantitativeValue","minValue":"1","maxValue":"10"},"address":{"@id":"https:\/\/www.tablaosflamencos.com\/pt-pt\/flamenco-apos-bienal-onde-ver-sevilha.html#local-main-place-address"},"geo":{"@type":"GeoCoordinates","latitude":"37.3868072","longitude":"-5.993280299999999"},"telephone":["+34623787787"],"contactPoint":{"@type":"ContactPoint","telephone":"+34623787787","email":"info@tablaosflamencos.com"},"openingHoursSpecification":{"@type":"OpeningHoursSpecification","dayOfWeek":["Monday","Tuesday","Wednesday","Thursday","Friday","Saturday","Sunday"],"opens":"00:00","closes":"23:59"},"email":"info@tablaosflamencos.com","priceRange":"$$$","currenciesAccepted":"\u20ac"},{"@type":"Person","@id":"https:\/\/www.tablaosflamencos.com\/pt-pt#\/schema\/person\/e7a9ebe14eb75a52ceabfbffb3c54f5d","name":"Miguel Ortiz","description":"Miguel Ortiz es un empresario flamenco, con una s\u00f3lida trayectoria dentro del sector. Ha presidido entidades culturales vinculadas al flamenco y, cuenta con un amplio recorrido profesional en la gesti\u00f3n y promoci\u00f3n de espect\u00e1culos y tablaos flamencos. Su pasi\u00f3n por la historia y el arte flamenco se refleja en cada art\u00edculo, donde combina experiencia, criterio y un profundo respeto por la tradici\u00f3n.","sameAs":["https:\/\/www.tablaosflamencos.com","https:\/\/www.instagra.com\/miguelortizfe","https:\/\/www.linkedin.com\/in\/miguelortizf\/"],"birthDate":"1984-11-22","gender":"hombre","knowsLanguage":["espa\u00f1ol","ingl\u00e9s"],"jobTitle":"Empresario flamenco"},{"@type":"PostalAddress","@id":"https:\/\/www.tablaosflamencos.com\/pt-pt\/flamenco-apos-bienal-onde-ver-sevilha.html#local-main-place-address","streetAddress":"C\/ Alemanes, 19","addressLocality":"Sevilla","postalCode":"41004","addressRegion":"Sevilla","addressCountry":"ES"},{"@type":"ImageObject","inLanguage":"pt-PT","@id":"https:\/\/www.tablaosflamencos.com\/pt-pt\/flamenco-apos-bienal-onde-ver-sevilha.html#local-main-organization-logo","url":"https:\/\/www.tablaosflamencos.com\/wp-content\/uploads\/tablaos-flamencos-06-3.webp","contentUrl":"https:\/\/www.tablaosflamencos.com\/wp-content\/uploads\/tablaos-flamencos-06-3.webp","width":600,"height":620,"caption":"Tablaos Flamencos"}]},"geo.placename":"Sevilla","geo.position":{"lat":"37.3868072","long":"-5.993280299999999"},"geo.region":"Espanha"},"_links":{"self":[{"href":"https:\/\/www.tablaosflamencos.com\/pt-pt\/wp-json\/wp\/v2\/posts\/14325","targetHints":{"allow":["GET"]}}],"collection":[{"href":"https:\/\/www.tablaosflamencos.com\/pt-pt\/wp-json\/wp\/v2\/posts"}],"about":[{"href":"https:\/\/www.tablaosflamencos.com\/pt-pt\/wp-json\/wp\/v2\/types\/post"}],"author":[{"embeddable":true,"href":"https:\/\/www.tablaosflamencos.com\/pt-pt\/wp-json\/wp\/v2\/users\/1"}],"replies":[{"embeddable":true,"href":"https:\/\/www.tablaosflamencos.com\/pt-pt\/wp-json\/wp\/v2\/comments?post=14325"}],"version-history":[{"count":3,"href":"https:\/\/www.tablaosflamencos.com\/pt-pt\/wp-json\/wp\/v2\/posts\/14325\/revisions"}],"predecessor-version":[{"id":14348,"href":"https:\/\/www.tablaosflamencos.com\/pt-pt\/wp-json\/wp\/v2\/posts\/14325\/revisions\/14348"}],"wp:featuredmedia":[{"embeddable":true,"href":"https:\/\/www.tablaosflamencos.com\/pt-pt\/wp-json\/wp\/v2\/media\/14271"}],"wp:attachment":[{"href":"https:\/\/www.tablaosflamencos.com\/pt-pt\/wp-json\/wp\/v2\/media?parent=14325"}],"wp:term":[{"taxonomy":"category","embeddable":true,"href":"https:\/\/www.tablaosflamencos.com\/pt-pt\/wp-json\/wp\/v2\/categories?post=14325"},{"taxonomy":"post_tag","embeddable":true,"href":"https:\/\/www.tablaosflamencos.com\/pt-pt\/wp-json\/wp\/v2\/tags?post=14325"}],"curies":[{"name":"wp","href":"https:\/\/api.w.org\/{rel}","templated":true}]}}