{"id":14324,"date":"2026-09-03T23:19:59","date_gmt":"2026-09-03T21:19:59","guid":{"rendered":"https:\/\/www.tablaosflamencos.com\/?p=14324"},"modified":"2026-09-04T00:08:08","modified_gmt":"2026-09-03T22:08:08","slug":"circuito-andaluz-penas-flamencas-2026-recitais-gratuitos","status":"publish","type":"post","link":"https:\/\/www.tablaosflamencos.com\/pt-pt\/circuito-andaluz-penas-flamencas-2026-recitais-gratuitos.html","title":{"rendered":"Circuito Andaluz de Pe\u00f1as 2026: 225 recitais de flamenco gratuitos"},"content":{"rendered":"<section class=\"l-section wpb_row height_huge\"><div class=\"l-section-h i-cf\"><div class=\"g-cols vc_row via_flex valign_middle type_default stacking_default\"><div class=\"vc_col-sm-6 wpb_column vc_column_container\"><div class=\"vc_column-inner\"><div class=\"wpb_wrapper\"><div class=\"wpb_text_column\"><div class=\"wpb_wrapper\"><h2>225 recitais gratuitos para percorrer a Andaluzia flamenca<\/h2>\n<p>O <strong>Circuito Andaluz de Pe\u00f1as 2026<\/strong> leva o flamenco \u00e0s oito prov\u00edncias com uma programa\u00e7\u00e3o oficial de <strong>225 espet\u00e1culos de cante, dan\u00e7a e guitarra<\/strong>. Participar\u00e3o pelo menos 470 artistas numa rede de pe\u00f1as que se estende das capitais aos munic\u00edpios onde a oferta cultural profissional \u00e9 geralmente muito mais limitada.<\/p>\n<p>A maioria dos eventos realiza-se entre setembro e novembro, embora Sevilha e Ja\u00e9n tenham iniciado os seus ciclos em junho, Almer\u00eda em agosto e Granada a meio desse mesmo m\u00eas. A <strong>entrada \u00e9 gratuita at\u00e9 \u00e0 lota\u00e7\u00e3o do espa\u00e7o<\/strong>, pelo que este circuito se torna numa das maiores oportunidades do ano para ouvir flamenco ao vivo sem comprar bilhete.<\/p>\n<p>Este guia re\u00fane os n\u00fameros, as datas, as homenagens e as localidades anunciadas, explica como consultar o programa de cada prov\u00edncia e oferece conselhos pr\u00e1ticos para assistir aos recitais.<\/p>\n<\/div><\/div><\/div><\/div><\/div><div class=\"vc_col-sm-6 wpb_column vc_column_container\"><div class=\"vc_column-inner\"><div class=\"wpb_wrapper\"><div class=\"w-image us_custom_c9d916e8 has_aspect_ratio align_center\"><div class=\"w-image-h\"><img fetchpriority=\"high\" decoding=\"async\" width=\"1024\" height=\"683\" src=\"https:\/\/www.tablaosflamencos.com\/wp-content\/uploads\/circuito-andaluz-de-penas-2026-225-recitales-de-flamenco-gratis-por-toda-andalucia-01-1-1024x683.webp\" class=\"attachment-large size-large\" alt=\"\" loading=\"eager\" srcset=\"https:\/\/www.tablaosflamencos.com\/wp-content\/uploads\/circuito-andaluz-de-penas-2026-225-recitales-de-flamenco-gratis-por-toda-andalucia-01-1-1024x683.webp 1024w, https:\/\/www.tablaosflamencos.com\/wp-content\/uploads\/circuito-andaluz-de-penas-2026-225-recitales-de-flamenco-gratis-por-toda-andalucia-01-1-300x200.webp 300w, https:\/\/www.tablaosflamencos.com\/wp-content\/uploads\/circuito-andaluz-de-penas-2026-225-recitales-de-flamenco-gratis-por-toda-andalucia-01-1-600x400.webp 600w, https:\/\/www.tablaosflamencos.com\/wp-content\/uploads\/circuito-andaluz-de-penas-2026-225-recitales-de-flamenco-gratis-por-toda-andalucia-01-1-150x100.webp 150w, https:\/\/www.tablaosflamencos.com\/wp-content\/uploads\/circuito-andaluz-de-penas-2026-225-recitales-de-flamenco-gratis-por-toda-andalucia-01-1.webp 1536w\" sizes=\"auto, (max-width: 1024px) 100vw, 1024px\" \/><\/div><\/div><\/div><\/div><\/div><\/div><\/div><\/section><section class=\"l-section wpb_row height_huge color_alternate with_shape\"><div class=\"l-section-shape type_zigzag pos_top hor_flip\" style=\"height:3vmin;\"><svg xmlns=\"http:\/\/www.w3.org\/2000\/svg\" viewBox=\"0 0 64 8\" preserveAspectRatio=\"none\" width=\"100%\" height=\"100%\">\r\n\t<path fill=\"currentColor\" d=\"M64 8 L0 8 L0 0 L20 7.9 L40 3 L48 5 L64 0 Z\"\/>\r\n<\/svg><\/div><div class=\"l-section-shape type_zigzag pos_bottom\" style=\"height:3vmin;\"><svg xmlns=\"http:\/\/www.w3.org\/2000\/svg\" viewBox=\"0 0 64 8\" preserveAspectRatio=\"none\" width=\"100%\" height=\"100%\">\r\n\t<path fill=\"currentColor\" d=\"M64 8 L0 8 L0 0 L20 7.9 L40 3 L48 5 L64 0 Z\"\/>\r\n<\/svg><\/div><div class=\"l-section-h i-cf\"><div class=\"g-cols vc_row via_flex valign_top type_default stacking_default\"><div class=\"vc_col-sm-12 wpb_column vc_column_container\"><div class=\"vc_column-inner\"><div class=\"wpb_wrapper\"><div class=\"wpb_text_column\"><div class=\"wpb_wrapper\"><blockquote>\n<p style=\"margin: 0;\"><strong>Resposta r\u00e1pida:<\/strong> o Circuito Andaluz de Pe\u00f1as Flamencas 2026 programa 225 recitais gratuitos nas oito prov\u00edncias da Andaluzia, com pelo menos 470 artistas. A edi\u00e7\u00e3o re\u00fane 181 espet\u00e1culos de cante, 31 de dan\u00e7a e 13 de guitarra. Os ciclos provinciais decorrem entre 6 de junho e 28 de novembro, com maior concentra\u00e7\u00e3o entre setembro e novembro. O acesso \u00e9 gratuito at\u00e9 \u00e0 lota\u00e7\u00e3o e os hor\u00e1rios devem ser confirmados na Agenda Cultural da Andaluzia ou diretamente junto da pe\u00f1a organizadora.<\/p>\n<\/blockquote>\n<\/div><\/div><\/div><\/div><\/div><\/div><\/div><\/section><section class=\"l-section wpb_row height_huge\"><div class=\"l-section-h i-cf\"><div class=\"g-cols vc_row via_flex valign_middle type_default stacking_default\"><div class=\"vc_col-sm-3 wpb_column vc_column_container\"><div class=\"vc_column-inner\"><div class=\"wpb_wrapper\"><\/div><\/div><\/div><div class=\"vc_col-sm-6 wpb_column vc_column_container\"><div class=\"vc_column-inner\"><div class=\"wpb_wrapper\"><div class=\"wpb_text_column\"><div class=\"wpb_wrapper\"><h2>Conte\u00fado deste guia<\/h2>\n<ul>\n<li><a href=\"#datos-clave\">Dados essenciais do Circuito Andaluz de Pe\u00f1as 2026<\/a><\/li>\n<li><a href=\"#que-es\">O que \u00e9 o Circuito Andaluz de Pe\u00f1as<\/a><\/li>\n<li><a href=\"#provincias\">Datas e espet\u00e1culos por prov\u00edncia<\/a><\/li>\n<li><a href=\"#modalidades\">Cante, dan\u00e7a e guitarra: como se distribui a programa\u00e7\u00e3o<\/a><\/li>\n<li><a href=\"#gratis\">Como funciona o acesso gratuito<\/a><\/li>\n<li><a href=\"#programa\">Onde consultar artistas, pe\u00f1as e hor\u00e1rios<\/a><\/li>\n<li><a href=\"#homenajes\">As homenagens da edi\u00e7\u00e3o de 2026<\/a><\/li>\n<li><a href=\"#papel-penas\">Porque s\u00e3o as pe\u00f1as essenciais para o flamenco<\/a><\/li>\n<li><a href=\"#organizar\">Como organizar um percurso flamenco pela Andaluzia<\/a><\/li>\n<li><a href=\"#faq\">Perguntas frequentes<\/a><\/li>\n<\/ul>\n<\/div><\/div><\/div><\/div><\/div><div class=\"vc_col-sm-3 wpb_column vc_column_container\"><div class=\"vc_column-inner\"><div class=\"wpb_wrapper\"><\/div><\/div><\/div><\/div><\/div><\/section><section class=\"l-section wpb_row height_huge color_alternate with_shape\"><div class=\"l-section-shape type_zigzag pos_top hor_flip\" style=\"height:3vmin;\"><svg xmlns=\"http:\/\/www.w3.org\/2000\/svg\" viewBox=\"0 0 64 8\" preserveAspectRatio=\"none\" width=\"100%\" height=\"100%\">\r\n\t<path fill=\"currentColor\" d=\"M64 8 L0 8 L0 0 L20 7.9 L40 3 L48 5 L64 0 Z\"\/>\r\n<\/svg><\/div><div class=\"l-section-shape type_zigzag pos_bottom\" style=\"height:3vmin;\"><svg xmlns=\"http:\/\/www.w3.org\/2000\/svg\" viewBox=\"0 0 64 8\" preserveAspectRatio=\"none\" width=\"100%\" height=\"100%\">\r\n\t<path fill=\"currentColor\" d=\"M64 8 L0 8 L0 0 L20 7.9 L40 3 L48 5 L64 0 Z\"\/>\r\n<\/svg><\/div><div class=\"l-section-h i-cf\"><div class=\"g-cols vc_row via_flex valign_top type_default stacking_default\"><div class=\"vc_col-sm-12 wpb_column vc_column_container\"><div class=\"vc_column-inner\"><div class=\"wpb_wrapper\"><div class=\"wpb_text_column\"><div class=\"wpb_wrapper\"><h2 id=\"datos-clave\">Circuito Andaluz de Pe\u00f1as 2026: dados essenciais<\/h2>\n<table>\n<thead>\n<tr>\n<th>Dado<\/th>\n<th>N\u00famero ou informa\u00e7\u00e3o oficial<\/th>\n<\/tr>\n<\/thead>\n<tbody>\n<tr>\n<td><strong>N\u00famero total de espet\u00e1culos<\/strong><\/td>\n<td>225 recitais<\/td>\n<\/tr>\n<tr>\n<td><strong>Artistas participantes<\/strong><\/td>\n<td>Pelo menos 470<\/td>\n<\/tr>\n<tr>\n<td><strong>Recitais de cante<\/strong><\/td>\n<td>181<\/td>\n<\/tr>\n<tr>\n<td><strong>Espet\u00e1culos de dan\u00e7a<\/strong><\/td>\n<td>31<\/td>\n<\/tr>\n<tr>\n<td><strong>Recitais de guitarra<\/strong><\/td>\n<td>13<\/td>\n<\/tr>\n<tr>\n<td><strong>Prov\u00edncias<\/strong><\/td>\n<td>Almer\u00eda, C\u00e1dis, C\u00f3rdova, Granada, Huelva, Ja\u00e9n, M\u00e1laga e Sevilha<\/td>\n<\/tr>\n<tr>\n<td><strong>Per\u00edodo geral<\/strong><\/td>\n<td>De 6 de junho a 28 de novembro de 2026, consoante a prov\u00edncia<\/td>\n<\/tr>\n<tr>\n<td><strong>Pre\u00e7o<\/strong><\/td>\n<td>Entrada gratuita at\u00e9 \u00e0 lota\u00e7\u00e3o<\/td>\n<\/tr>\n<tr>\n<td><strong>Pe\u00f1as federadas na Andaluzia<\/strong><\/td>\n<td>329<\/td>\n<\/tr>\n<tr>\n<td><strong>Investimento espec\u00edfico no circuito<\/strong><\/td>\n<td>250 000 euros<\/td>\n<\/tr>\n<\/tbody>\n<\/table>\n<p>Os n\u00fameros mostram claramente a dimens\u00e3o do programa. N\u00e3o se trata de um festival concentrado numa \u00fanica cidade nem de uma sucess\u00e3o de grandes produ\u00e7\u00f5es teatrais, mas de uma rede de recitais de proximidade que utiliza as sedes das pe\u00f1as como espa\u00e7os de espet\u00e1culo, escuta e conv\u00edvio.<\/p>\n<p>O cante ocupa a maior parte da programa\u00e7\u00e3o, mas a dan\u00e7a e a guitarra tamb\u00e9m t\u00eam presen\u00e7a pr\u00f3pria. Esta combina\u00e7\u00e3o permite ao p\u00fablico encontrar desde recitais centrados na voz at\u00e9 espet\u00e1culos em que o corpo, o comp\u00e1s ou o instrumento assumem o protagonismo.<\/p>\n<\/div><\/div><\/div><\/div><\/div><\/div><\/div><\/section><section class=\"l-section wpb_row height_huge\"><div class=\"l-section-h i-cf\"><div class=\"g-cols vc_row via_flex valign_top type_default stacking_default\"><div class=\"vc_col-sm-12 wpb_column vc_column_container\"><div class=\"vc_column-inner\"><div class=\"wpb_wrapper\"><div class=\"wpb_text_column\"><div class=\"wpb_wrapper\"><h2 id=\"que-es\">O que \u00e9 o Circuito Andaluz de Pe\u00f1as Flamencas<\/h2>\n<p>O Circuito Andaluz de Pe\u00f1as \u00e9 um programa promovido pela <strong>Ag\u00eancia Andaluza de Institui\u00e7\u00f5es Culturais e pelo Instituto Andaluz do Flamenco<\/strong>, em colabora\u00e7\u00e3o com as federa\u00e7\u00f5es provinciais de pe\u00f1as. O seu objetivo \u00e9 programar espet\u00e1culos profissionais de cante, dan\u00e7a e guitarra em associa\u00e7\u00f5es flamencas de toda a Andaluzia.<\/p>\n<p>O modelo tem uma dupla dimens\u00e3o. Para o p\u00fablico, cria uma agenda extensa de flamenco gratuito e pr\u00f3ximo. Para os artistas, abre um circuito profissional que permite atuar em munic\u00edpios muito diferentes e contactar com aficionados habituados a ouvir flamenco com aten\u00e7\u00e3o.<\/p>\n<p>A programa\u00e7\u00e3o n\u00e3o resulta de uma sele\u00e7\u00e3o informal. Em 2026 foi aberto um <strong>concurso p\u00fablico para artistas<\/strong> e foram recebidas cerca de 300 propostas. Este cat\u00e1logo serviu de base para as federa\u00e7\u00f5es provinciais configurarem os respetivos programas, combinando figuras com carreiras reconhecidas e jovens int\u00e9rpretes que come\u00e7am a consolidar o seu percurso.<\/p>\n<p>O circuito enquadra-se tamb\u00e9m na Lei do Flamenco e no Plano Estrat\u00e9gico aprovado pela Junta da Andaluzia em maio de 2026. Este quadro reconhece as pe\u00f1as como agentes fundamentais para preservar, divulgar e transmitir o patrim\u00f3nio flamenco.<\/p>\n<p>Se quiser aprofundar o contexto art\u00edstico antes de assistir, o nosso guia sobre <a href=\"https:\/\/www.tablaosflamencos.com\/que-es-el-flamenco.html\"><strong>o que \u00e9 o flamenco, a sua origem e os seus elementos fundamentais<\/strong><\/a> explica como se relacionam o cante, a guitarra, a dan\u00e7a e o comp\u00e1s.<\/p>\n<\/div><\/div><\/div><\/div><\/div><\/div><\/div><\/section><section class=\"l-section wpb_row height_huge color_alternate with_shape\"><div class=\"l-section-shape type_zigzag pos_top hor_flip\" style=\"height:3vmin;\"><svg xmlns=\"http:\/\/www.w3.org\/2000\/svg\" viewBox=\"0 0 64 8\" preserveAspectRatio=\"none\" width=\"100%\" height=\"100%\">\r\n\t<path fill=\"currentColor\" d=\"M64 8 L0 8 L0 0 L20 7.9 L40 3 L48 5 L64 0 Z\"\/>\r\n<\/svg><\/div><div class=\"l-section-shape type_zigzag pos_bottom\" style=\"height:3vmin;\"><svg xmlns=\"http:\/\/www.w3.org\/2000\/svg\" viewBox=\"0 0 64 8\" preserveAspectRatio=\"none\" width=\"100%\" height=\"100%\">\r\n\t<path fill=\"currentColor\" d=\"M64 8 L0 8 L0 0 L20 7.9 L40 3 L48 5 L64 0 Z\"\/>\r\n<\/svg><\/div><div class=\"l-section-h i-cf\"><div class=\"g-cols vc_row via_flex valign_top type_default stacking_default\"><div class=\"vc_col-sm-12 wpb_column vc_column_container\"><div class=\"vc_column-inner\"><div class=\"wpb_wrapper\"><div class=\"wpb_text_column\"><div class=\"wpb_wrapper\"><h2 id=\"provincias\">Programa\u00e7\u00e3o por prov\u00edncia: datas, recitais e modalidades<\/h2>\n<p>Cada federa\u00e7\u00e3o provincial organiza o seu pr\u00f3prio calend\u00e1rio dentro do programa comum. Por isso, n\u00e3o existe uma \u00fanica data de in\u00edcio nem um hor\u00e1rio geral. A tabela seguinte resume a informa\u00e7\u00e3o divulgada oficialmente para cada territ\u00f3rio.<\/p>\n<table>\n<thead>\n<tr>\n<th>Prov\u00edncia<\/th>\n<th>Datas do ciclo<\/th>\n<th>Espet\u00e1culos anunciados<\/th>\n<th>Distribui\u00e7\u00e3o<\/th>\n<\/tr>\n<\/thead>\n<tbody>\n<tr>\n<td><strong>Sevilha<\/strong><\/td>\n<td>6 de junho\u201330 de outubro<\/td>\n<td>56<\/td>\n<td>53 de cante, 2 de dan\u00e7a e 1 de guitarra<\/td>\n<\/tr>\n<tr>\n<td><strong>M\u00e1laga<\/strong><\/td>\n<td>5 de setembro\u201328 de novembro<\/td>\n<td>35<\/td>\n<td>21 de cante, 8 de dan\u00e7a e 6 de guitarra ou outros instrumentos<\/td>\n<\/tr>\n<tr>\n<td><strong>C\u00e1dis<\/strong><\/td>\n<td>5 de setembro\u201321 de novembro<\/td>\n<td>33<\/td>\n<td>22 de cante e 11 de dan\u00e7a<\/td>\n<\/tr>\n<tr>\n<td><strong>Ja\u00e9n<\/strong><\/td>\n<td>6 de junho\u201311 de julho e 12 de setembro\u201328 de novembro<\/td>\n<td>30<\/td>\n<td>27 de cante, 1 de dan\u00e7a e 2 de guitarra<\/td>\n<\/tr>\n<tr>\n<td><strong>C\u00f3rdova<\/strong><\/td>\n<td>6\u201328 de novembro<\/td>\n<td>30<\/td>\n<td>26 de cante, 1 de dan\u00e7a e 3 de guitarra<\/td>\n<\/tr>\n<tr>\n<td><strong>Granada<\/strong><\/td>\n<td>15 de agosto\u201321 de novembro<\/td>\n<td>15<\/td>\n<td>9 de cante e 6 de dan\u00e7a<\/td>\n<\/tr>\n<tr>\n<td><strong>Huelva<\/strong><\/td>\n<td>5 de setembro\u201321 de novembro<\/td>\n<td>14<\/td>\n<td>12 de cante, 1 de dan\u00e7a e 1 de guitarra<\/td>\n<\/tr>\n<tr>\n<td><strong>Almer\u00eda<\/strong><\/td>\n<td>1 de agosto\u201315 de novembro<\/td>\n<td>11<\/td>\n<td>11 de cante<\/td>\n<\/tr>\n<\/tbody>\n<\/table>\n<p><strong>Nota sobre os n\u00fameros:<\/strong> a organiza\u00e7\u00e3o comunica um total global de 225 espet\u00e1culos e a distribui\u00e7\u00e3o por modalidades \u2014181 de cante, 31 de dan\u00e7a e 13 de guitarra\u2014 tamb\u00e9m soma 225. No entanto, os subtotais provinciais inclu\u00eddos na informa\u00e7\u00e3o de apresenta\u00e7\u00e3o somam 224. Tudo indica que existe um espet\u00e1culo ainda por refletir ou uma diferen\u00e7a de atualiza\u00e7\u00e3o num dos detalhes. Mantemos como refer\u00eancia o n\u00famero global oficial de 225 e recomendamos consultar a agenda provincial atualizada antes de planear a visita.<\/p>\n<\/div><\/div><\/div><\/div><\/div><\/div><\/div><\/section><section class=\"l-section wpb_row height_huge\"><div class=\"l-section-h i-cf\"><div class=\"g-cols vc_row via_flex valign_top type_default stacking_default\"><div class=\"vc_col-sm-12 wpb_column vc_column_container\"><div class=\"vc_column-inner\"><div class=\"wpb_wrapper\"><div class=\"wpb_text_column\"><div class=\"wpb_wrapper\"><h2>Sevilha: 56 espet\u00e1culos e uma homenagem a El Lebrijano<\/h2>\n<p>Sevilha concentra a programa\u00e7\u00e3o provincial mais ampla: <strong>56 espet\u00e1culos em 41 localidades<\/strong>. O ciclo come\u00e7ou a 6 de junho e prolonga-se at\u00e9 30 de outubro. Doze recitais realizaram-se em junho e a atividade foi retomada com especial intensidade em setembro e outubro.<\/p>\n<p>A edi\u00e7\u00e3o de Sevilha assinala os <strong>50 anos da publica\u00e7\u00e3o de <em>Persecuci\u00f3n<\/em><\/strong>, o \u00e1lbum emblem\u00e1tico de Juan Pe\u00f1a \u00abEl Lebrijano\u00bb. A programa\u00e7\u00e3o chega \u00e0 capital e a localidades como Lebrija, Alcal\u00e1 de Guada\u00edra, Mairena del Alcor, Mor\u00f3n de la Frontera, \u00c9cija, Dos Hermanas, Coria del R\u00edo, Tomares, Arahal, Paradas, San Jos\u00e9 de la Rinconada ou Las Cabezas de San Juan, entre muitas outras.<\/p>\n<p>Quem quiser combinar um destes recitais com uma programa\u00e7\u00e3o regular pode consultar a nossa sele\u00e7\u00e3o de <a href=\"https:\/\/www.tablaosflamencos.com\/flamenco-en-sevilla\"><strong>espet\u00e1culos de flamenco em Sevilha<\/strong><\/a>. S\u00e3o experi\u00eancias diferentes: a pe\u00f1a oferece um evento pontual dentro do circuito; o tablao permite reservar um espet\u00e1culo para uma data espec\u00edfica.<\/p>\n<h2>M\u00e1laga: 35 espet\u00e1culos em 30 localidades<\/h2>\n<p>A prov\u00edncia de M\u00e1laga realiza o seu circuito entre 5 de setembro e 28 de novembro com <strong>35 espet\u00e1culos<\/strong>: 21 de cante, oito de dan\u00e7a e seis de guitarra ou outros instrumentos. Os recitais chegam a 30 localidades, entre as quais M\u00e1laga, Antequera, Marbella, Mijas, Nerja, V\u00e9lez-M\u00e1laga, \u00c1lora, Co\u00edn, C\u00e1rtama, Benalm\u00e1dena, Manilva e v\u00e1rios munic\u00edpios da regi\u00e3o de Antequera.<\/p>\n<p>O ciclo homenageia o investigador de flamenco e colecionador <strong>Luis Soler<\/strong>, cujo trabalho de investiga\u00e7\u00e3o, arquivo e divulga\u00e7\u00e3o contribuiu para preservar uma parte essencial da mem\u00f3ria discogr\u00e1fica e documental do flamenco.<\/p>\n<p>Para completar uma estadia na capital ou na Costa del Sol, tamb\u00e9m pode descobrir onde ver <a href=\"https:\/\/www.tablaosflamencos.com\/flamenco-en-malaga\"><strong>flamenco em M\u00e1laga<\/strong><\/a> durante o resto da semana.<\/p>\n<\/div><\/div><\/div><\/div><\/div><\/div><\/div><\/section><section class=\"l-section wpb_row height_huge color_alternate with_shape\"><div class=\"l-section-shape type_zigzag pos_top hor_flip\" style=\"height:3vmin;\"><svg xmlns=\"http:\/\/www.w3.org\/2000\/svg\" viewBox=\"0 0 64 8\" preserveAspectRatio=\"none\" width=\"100%\" height=\"100%\">\r\n\t<path fill=\"currentColor\" d=\"M64 8 L0 8 L0 0 L20 7.9 L40 3 L48 5 L64 0 Z\"\/>\r\n<\/svg><\/div><div class=\"l-section-shape type_zigzag pos_bottom\" style=\"height:3vmin;\"><svg xmlns=\"http:\/\/www.w3.org\/2000\/svg\" viewBox=\"0 0 64 8\" preserveAspectRatio=\"none\" width=\"100%\" height=\"100%\">\r\n\t<path fill=\"currentColor\" d=\"M64 8 L0 8 L0 0 L20 7.9 L40 3 L48 5 L64 0 Z\"\/>\r\n<\/svg><\/div><div class=\"l-section-h i-cf\"><div class=\"g-cols vc_row via_flex valign_top type_default stacking_default\"><div class=\"vc_col-sm-12 wpb_column vc_column_container\"><div class=\"vc_column-inner\"><div class=\"wpb_wrapper\"><div class=\"wpb_text_column\"><div class=\"wpb_wrapper\"><h2>C\u00e1dis: 33 recitais dedicados a Mar\u00eda Vargas<\/h2>\n<p>C\u00e1dis programa <strong>33 espet\u00e1culos entre 5 de setembro e 21 de novembro<\/strong>: 22 de cante e 11 de dan\u00e7a. O ciclo \u00e9 dedicado \u00e0 cantaora de Sanl\u00facar <strong>Mar\u00eda Vargas Fern\u00e1ndez<\/strong> e percorre 22 localidades, incluindo C\u00e1dis, Jerez, Sanl\u00facar de Barrameda, Chiclana, Chipiona, San Fernando, El Puerto de Santa Mar\u00eda, Arcos, Conil, Barbate, Ubrique, Algeciras, La L\u00ednea, Los Barrios e Puerto Real, al\u00e9m de Ceuta.<\/p>\n<p>A presen\u00e7a de onze espet\u00e1culos de dan\u00e7a d\u00e1 a C\u00e1dis um peso especial nesta modalidade. Jerez \u00e9 um dos pontos de interesse do percurso e pode ser combinada com a oferta regular de <a href=\"https:\/\/www.tablaosflamencos.com\/flamenco-en-jerez\"><strong>flamenco em Jerez<\/strong><\/a>.<\/p>\n<h2>Ja\u00e9n: duas fases e o ciclo A la Verde Oliva<\/h2>\n<p>Ja\u00e9n foi uma das prov\u00edncias que antecipou o in\u00edcio. A primeira fase, o tradicional ciclo <strong>A la Verde Oliva<\/strong>, decorreu de 6 de junho a 11 de julho. A segunda come\u00e7a a 12 de setembro e termina a 28 de novembro.<\/p>\n<p>No total, s\u00e3o anunciados <strong>30 espet\u00e1culos em 28 localidades<\/strong>: 27 de cante, um de dan\u00e7a e dois de guitarra. A programa\u00e7\u00e3o passa por Ja\u00e9n, Linares, \u00dabeda, Baeza, And\u00fajar, Martos, Bail\u00e9n, J\u00f3dar, Porcuna, Torredonjimeno, Mancha Real, Torreperogil e numerosos munic\u00edpios da prov\u00edncia.<\/p>\n<p>Se visitar a capital, a nossa p\u00e1gina de <a href=\"https:\/\/www.tablaosflamencos.com\/flamenco-en-jaen\"><strong>flamenco em Ja\u00e9n<\/strong><\/a> re\u00fane op\u00e7\u00f5es para completar a viagem.<\/p>\n<\/div><\/div><\/div><\/div><\/div><\/div><\/div><\/section><section class=\"l-section wpb_row height_huge\"><div class=\"l-section-h i-cf\"><div class=\"g-cols vc_row via_flex valign_top type_default stacking_default\"><div class=\"vc_col-sm-12 wpb_column vc_column_container\"><div class=\"vc_column-inner\"><div class=\"wpb_wrapper\"><div class=\"wpb_text_column\"><div class=\"wpb_wrapper\"><h2>C\u00f3rdova: 30 espet\u00e1culos concentrados em novembro<\/h2>\n<p>C\u00f3rdova concentra a sua programa\u00e7\u00e3o num per\u00edodo curto, <strong>de 6 a 28 de novembro<\/strong>. Ser\u00e3o 30 espet\u00e1culos \u201426 de cante, um de dan\u00e7a e tr\u00eas de guitarra\u2014 distribu\u00eddos por 28 localidades, desde a capital at\u00e9 Montilla, Lucena, Cabra, Baena, Priego de C\u00f3rdoba, Palma del R\u00edo, Pozoblanco, Pe\u00f1arroya, Montoro ou Aguilar de la Frontera.<\/p>\n<p>A edi\u00e7\u00e3o \u00e9 dedicada a <strong>Antonio Gonz\u00e1lez del Moral<\/strong>, reconhecido pelo seu percurso e pelo contributo para o flamenco atrav\u00e9s da fotografia e da divulga\u00e7\u00e3o em meios especializados.<\/p>\n<p>Quem passar v\u00e1rios dias na prov\u00edncia pode complementar o circuito com a programa\u00e7\u00e3o dispon\u00edvel de <a href=\"https:\/\/www.tablaosflamencos.com\/flamenco-en-cordoba\"><strong>flamenco em C\u00f3rdova<\/strong><\/a>.<\/p>\n<h2>Granada: 15 eventos entre agosto e novembro<\/h2>\n<p>O circuito de Granada come\u00e7ou a 15 de agosto e termina a 21 de novembro. Re\u00fane <strong>15 espet\u00e1culos<\/strong>, nove de cante e seis de dan\u00e7a, em outras tantas localidades: Granada, Motril, Loja, Montefr\u00edo, Hu\u00e9tor Vega, Hu\u00e9tor T\u00e1jar, Peligros, \u00cdllora, Salobre\u00f1a, Maracena, Og\u00edjares e outros munic\u00edpios.<\/p>\n<p>A programa\u00e7\u00e3o presta homenagem a <strong>Antonio Campos Mu\u00f1oz<\/strong>. O equil\u00edbrio entre cante e dan\u00e7a \u00e9 mais acentuado do que noutras prov\u00edncias e oferece uma boa oportunidade para conhecer propostas coreogr\u00e1ficas no ambiente pr\u00f3ximo de uma pe\u00f1a.<\/p>\n<p>O nosso guia de <a href=\"https:\/\/www.tablaosflamencos.com\/flamenco-en-granada\"><strong>flamenco em Granada<\/strong><\/a> permite comparar esta agenda pontual com os espet\u00e1culos que funcionam regularmente.<\/p>\n<\/div><\/div><\/div><\/div><\/div><\/div><\/div><\/section><section class=\"l-section wpb_row height_huge color_alternate with_shape\"><div class=\"l-section-shape type_zigzag pos_top hor_flip\" style=\"height:3vmin;\"><svg xmlns=\"http:\/\/www.w3.org\/2000\/svg\" viewBox=\"0 0 64 8\" preserveAspectRatio=\"none\" width=\"100%\" height=\"100%\">\r\n\t<path fill=\"currentColor\" d=\"M64 8 L0 8 L0 0 L20 7.9 L40 3 L48 5 L64 0 Z\"\/>\r\n<\/svg><\/div><div class=\"l-section-shape type_zigzag pos_bottom\" style=\"height:3vmin;\"><svg xmlns=\"http:\/\/www.w3.org\/2000\/svg\" viewBox=\"0 0 64 8\" preserveAspectRatio=\"none\" width=\"100%\" height=\"100%\">\r\n\t<path fill=\"currentColor\" d=\"M64 8 L0 8 L0 0 L20 7.9 L40 3 L48 5 L64 0 Z\"\/>\r\n<\/svg><\/div><div class=\"l-section-h i-cf\"><div class=\"g-cols vc_row via_flex valign_top type_default stacking_default\"><div class=\"vc_col-sm-12 wpb_column vc_column_container\"><div class=\"vc_column-inner\"><div class=\"wpb_wrapper\"><div class=\"wpb_text_column\"><div class=\"wpb_wrapper\"><h2>Huelva: 14 recitais em 12 localidades<\/h2>\n<p>Huelva realiza a sua programa\u00e7\u00e3o de 5 de setembro a 21 de novembro. Conta com <strong>14 espet\u00e1culos<\/strong>: doze de cante, um de dan\u00e7a e um de guitarra. Os recitais chegam a Almonte, Cala\u00f1as, El Campillo, Huelva, Lepe, Moguer, Paterna del Campo, Paymogo, Punta Umbr\u00eda, Santa B\u00e1rbara de las Casas, Valverde del Camino e Villanueva de las Cruces.<\/p>\n<p>A agenda inclui vozes de diferentes gera\u00e7\u00f5es e um recital de guitarra, mostrando como uma rede relativamente compacta pode ligar a capital, a costa, o And\u00e9valo e a Bacia Mineira.<\/p>\n<p>Pode tamb\u00e9m consultar a oferta de <a href=\"https:\/\/www.tablaosflamencos.com\/flamenco-en-huelva\"><strong>flamenco em Huelva<\/strong><\/a> para outras datas.<\/p>\n<h2>Almer\u00eda: onze recitais de cante<\/h2>\n<p>Almer\u00eda iniciou o circuito a 1 de agosto e ir\u00e1 encerr\u00e1-lo a 15 de novembro. A prov\u00edncia programa <strong>onze espet\u00e1culos, todos de cante<\/strong>, em pe\u00f1as de Carboneras, Tabernas, Adra, Pechina, El Ejido, Hu\u00e9rcal de Almer\u00eda, Almer\u00eda e Viator.<\/p>\n<p>A edi\u00e7\u00e3o de Almer\u00eda homenageia o guitarrista <strong>Pepe Habichuela<\/strong>, uma figura essencial para compreender a evolu\u00e7\u00e3o do acompanhamento e da guitarra flamenca contempor\u00e2nea. Embora o programa provincial seja composto por recitais de cante, a homenagem sublinha o di\u00e1logo insepar\u00e1vel entre a voz e a guitarra.<\/p>\n<\/div><\/div><\/div><\/div><\/div><\/div><\/div><\/section><section class=\"l-section wpb_row height_huge\"><div class=\"l-section-h i-cf\"><div class=\"g-cols vc_row via_flex valign_top type_default stacking_default\"><div class=\"vc_col-sm-12 wpb_column vc_column_container\"><div class=\"vc_column-inner\"><div class=\"wpb_wrapper\"><div class=\"wpb_text_column\"><div class=\"wpb_wrapper\"><h2 id=\"modalidades\">Cante, dan\u00e7a e guitarra: como se distribui o circuito<\/h2>\n<p>O n\u00famero global anunciado divide-se em <strong>181 espet\u00e1culos de cante, 31 de dan\u00e7a e 13 de guitarra<\/strong>. O cante representa cerca de quatro em cada cinco eventos, uma propor\u00e7\u00e3o coerente com a tradi\u00e7\u00e3o hist\u00f3rica de muitas pe\u00f1as, onde o recital de voz e guitarra ocupa um lugar central.<\/p>\n<p>Isto n\u00e3o significa que todos os concertos tenham a mesma estrutura. Um recital de cante pode juntar uma cantaora ou um cantaor principal com guitarra e, consoante o formato, palmas ou outros acompanhamentos. A sele\u00e7\u00e3o de palos, letras e estilos muda com cada artista, pelo que duas noites aparentemente semelhantes podem proporcionar experi\u00eancias muito diferentes.<\/p>\n<p>Os 31 espet\u00e1culos de dan\u00e7a permitem ver propostas adaptadas a espa\u00e7os mais intimistas do que um grande teatro. Numa pe\u00f1a, a proximidade ajuda a perceber o trabalho de p\u00e9s, a respira\u00e7\u00e3o, os sil\u00eancios e a comunica\u00e7\u00e3o com o cante e a guitarra.<\/p>\n<p>A guitarra assume o protagonismo em treze eventos. S\u00e3o recitais particularmente interessantes para ouvir o instrumento fora da sua fun\u00e7\u00e3o de acompanhamento, apreciar a constru\u00e7\u00e3o das falsetas e descobrir int\u00e9rpretes que dialogam tanto com a tradi\u00e7\u00e3o como com linguagens contempor\u00e2neas.<\/p>\n<p>A conviv\u00eancia entre estas disciplinas mostra por que raz\u00e3o o flamenco n\u00e3o deve ser reduzido apenas \u00e0 dan\u00e7a. Cante, guitarra, comp\u00e1s e movimento formam uma linguagem partilhada, embora cada recital escolha iluminar uma parte diferente.<\/p>\n<\/div><\/div><\/div><\/div><\/div><\/div><\/div><\/section><section class=\"l-section wpb_row height_huge color_alternate with_shape\"><div class=\"l-section-shape type_zigzag pos_top hor_flip\" style=\"height:3vmin;\"><svg xmlns=\"http:\/\/www.w3.org\/2000\/svg\" viewBox=\"0 0 64 8\" preserveAspectRatio=\"none\" width=\"100%\" height=\"100%\">\r\n\t<path fill=\"currentColor\" d=\"M64 8 L0 8 L0 0 L20 7.9 L40 3 L48 5 L64 0 Z\"\/>\r\n<\/svg><\/div><div class=\"l-section-shape type_zigzag pos_bottom\" style=\"height:3vmin;\"><svg xmlns=\"http:\/\/www.w3.org\/2000\/svg\" viewBox=\"0 0 64 8\" preserveAspectRatio=\"none\" width=\"100%\" height=\"100%\">\r\n\t<path fill=\"currentColor\" d=\"M64 8 L0 8 L0 0 L20 7.9 L40 3 L48 5 L64 0 Z\"\/>\r\n<\/svg><\/div><div class=\"l-section-h i-cf\"><div class=\"g-cols vc_row via_flex valign_top type_default stacking_default\"><div class=\"vc_col-sm-12 wpb_column vc_column_container\"><div class=\"vc_column-inner\"><div class=\"wpb_wrapper\"><div class=\"wpb_text_column\"><div class=\"wpb_wrapper\"><h2 id=\"gratis\">Todos os recitais s\u00e3o gratuitos? Como funciona o acesso<\/h2>\n<p>A informa\u00e7\u00e3o oficial do circuito indica que <strong>a entrada nos recitais \u00e9 gratuita at\u00e9 \u00e0 lota\u00e7\u00e3o<\/strong>. N\u00e3o \u00e9 necess\u00e1rio comprar bilhete, mas a gratuitidade n\u00e3o equivale a um lugar garantido.<\/p>\n<p>As pe\u00f1as costumam ter lota\u00e7\u00f5es reduzidas e alguns espet\u00e1culos podem despertar uma procura muito superior \u00e0 capacidade do espa\u00e7o. A organiza\u00e7\u00e3o pr\u00e1tica \u2014hora de abertura, entrega de convites, ordem de acesso ou necessidade de confirmar a presen\u00e7a\u2014 pode variar. Por isso, recomendamos consultar a ficha oficial e contactar a pe\u00f1a quando a informa\u00e7\u00e3o n\u00e3o detalhar o procedimento.<\/p>\n<p>Para evitar contratempos:<\/p>\n<ul>\n<li><strong>Confirme o dia e a hora no pr\u00f3prio dia do recital.<\/strong> O programa est\u00e1 sujeito a altera\u00e7\u00f5es.<\/li>\n<li><strong>Chegue com anteced\u00eancia.<\/strong> \u00abAt\u00e9 \u00e0 lota\u00e7\u00e3o\u00bb significa que o acesso \u00e9 encerrado quando se atinge a capacidade permitida.<\/li>\n<li><strong>Verifique se existe reserva ou convite.<\/strong> A entrada continua a ser gratuita mesmo que a entidade organize os lugares antecipadamente.<\/li>\n<li><strong>Confirme a morada exata.<\/strong> Algumas pe\u00f1as t\u00eam nomes semelhantes ou realizam atividades fora da sua sede habitual.<\/li>\n<li><strong>Respeite o car\u00e1ter associativo do espa\u00e7o.<\/strong> Uma pe\u00f1a n\u00e3o funciona exatamente como um teatro comercial: \u00e9 uma associa\u00e7\u00e3o cultural sustentada por s\u00f3cios e aficionados.<\/li>\n<\/ul>\n<p>Se procura mais propostas gratuitas nessas mesmas datas, tamb\u00e9m pode consultar o nosso guia de <a href=\"https:\/\/www.tablaosflamencos.com\/bienal-flamenco-sevilla-2026-gratis.html\"><strong>atividades gratuitas da Bienal de Flamenco de Sevilha 2026<\/strong><\/a>.<\/p>\n<\/div><\/div><\/div><\/div><\/div><\/div><\/div><\/section><section class=\"l-section wpb_row height_huge\"><div class=\"l-section-h i-cf\"><div class=\"g-cols vc_row via_flex valign_top type_default stacking_default\"><div class=\"vc_col-sm-12 wpb_column vc_column_container\"><div class=\"vc_column-inner\"><div class=\"wpb_wrapper\"><div class=\"wpb_text_column\"><div class=\"wpb_wrapper\"><h2 id=\"programa\">Onde consultar o programa completo, os artistas e os hor\u00e1rios<\/h2>\n<p>A principal refer\u00eancia \u00e9 a <strong>Agenda Cultural da Andaluzia<\/strong>, onde a Junta publica p\u00e1ginas espec\u00edficas por prov\u00edncia com datas, pe\u00f1as, localidades e artistas. A not\u00edcia de apresenta\u00e7\u00e3o do circuito cont\u00e9m a liga\u00e7\u00e3o para o motor de pesquisa oficial da programa\u00e7\u00e3o provincial.<\/p>\n<p>O calend\u00e1rio \u00e9 muito extenso e pode receber corre\u00e7\u00f5es. Por esse motivo, este guia resume a estrutura geral e n\u00e3o reproduz as 225 fichas como se fossem imut\u00e1veis. Para uma data espec\u00edfica, siga esta ordem:<\/p>\n<ol>\n<li>Abra a programa\u00e7\u00e3o oficial por prov\u00edncia.<\/li>\n<li>Selecione a prov\u00edncia e localize o munic\u00edpio.<\/li>\n<li>Confirme o artista, a pe\u00f1a, a data e a hora.<\/li>\n<li>Verifique se a ficha apresenta instru\u00e7\u00f5es de acesso.<\/li>\n<li>Se faltar algum dado, consulte os canais da pe\u00f1a ou da federa\u00e7\u00e3o provincial.<\/li>\n<\/ol>\n<p>A pr\u00f3pria Agenda Cultural avisa que o programa est\u00e1 <strong>sujeito a altera\u00e7\u00f5es<\/strong>. Uma verifica\u00e7\u00e3o pouco antes de sair \u00e9 especialmente importante se tiver de se deslocar entre munic\u00edpios.<\/p>\n<\/div><\/div><div class=\"w-separator size_medium\"><\/div><div class=\"w-hwrapper valign_top align_center\" style=\"--hwrapper-gap:1.2rem\"><div class=\"w-btn-wrapper align_center\"><a class=\"w-btn us-btn-style_1 icon_atleft\" href=\"https:\/\/www.juntadeandalucia.es\/organismos\/aaic\/servicios\/actualidad\/noticias\/detalle\/681667.html\"><i class=\"fas fa-calendar-alt\"><\/i><span class=\"w-btn-label\">Consultar a programa\u00e7\u00e3o oficial<\/span><\/a><\/div><\/div><\/div><\/div><\/div><\/div><\/div><\/section><section class=\"l-section wpb_row height_huge color_alternate with_shape\"><div class=\"l-section-shape type_zigzag pos_top hor_flip\" style=\"height:3vmin;\"><svg xmlns=\"http:\/\/www.w3.org\/2000\/svg\" viewBox=\"0 0 64 8\" preserveAspectRatio=\"none\" width=\"100%\" height=\"100%\">\r\n\t<path fill=\"currentColor\" d=\"M64 8 L0 8 L0 0 L20 7.9 L40 3 L48 5 L64 0 Z\"\/>\r\n<\/svg><\/div><div class=\"l-section-shape type_zigzag pos_bottom\" style=\"height:3vmin;\"><svg xmlns=\"http:\/\/www.w3.org\/2000\/svg\" viewBox=\"0 0 64 8\" preserveAspectRatio=\"none\" width=\"100%\" height=\"100%\">\r\n\t<path fill=\"currentColor\" d=\"M64 8 L0 8 L0 0 L20 7.9 L40 3 L48 5 L64 0 Z\"\/>\r\n<\/svg><\/div><div class=\"l-section-h i-cf\"><div class=\"g-cols vc_row via_flex valign_top type_default stacking_default\"><div class=\"vc_col-sm-12 wpb_column vc_column_container\"><div class=\"vc_column-inner\"><div class=\"wpb_wrapper\"><div class=\"wpb_text_column\"><div class=\"wpb_wrapper\"><h2 id=\"homenajes\">As homenagens que marcam a edi\u00e7\u00e3o de 2026<\/h2>\n<p>Al\u00e9m de distribuir os espet\u00e1culos, v\u00e1rias federa\u00e7\u00f5es dedicaram o seu programa a figuras ou efem\u00e9rides relacionadas com a mem\u00f3ria do flamenco:<\/p>\n<ul>\n<li><strong>Sevilha:<\/strong> 50 anos de <em>Persecuci\u00f3n<\/em>, o \u00e1lbum de Juan Pe\u00f1a \u00abEl Lebrijano\u00bb.<\/li>\n<li><strong>Almer\u00eda:<\/strong> homenagem ao mestre da guitarra Pepe Habichuela.<\/li>\n<li><strong>C\u00e1dis:<\/strong> dedicat\u00f3ria \u00e0 cantaora de Sanl\u00facar Mar\u00eda Vargas Fern\u00e1ndez.<\/li>\n<li><strong>Granada:<\/strong> programa\u00e7\u00e3o dedicada a Antonio Campos Mu\u00f1oz.<\/li>\n<li><strong>M\u00e1laga:<\/strong> reconhecimento ao investigador de flamenco e colecionador Luis Soler.<\/li>\n<li><strong>C\u00f3rdova:<\/strong> homenagem a Antonio Gonz\u00e1lez del Moral pelo seu trabalho na fotografia e na divulga\u00e7\u00e3o do flamenco.<\/li>\n<\/ul>\n<p>Estas dedicat\u00f3rias ampliam o sentido do circuito. N\u00e3o se programa apenas o flamenco que acontece hoje; tamb\u00e9m se destacam aqueles que deixaram obras, documentos, imagens, investiga\u00e7\u00f5es ou formas de interpretar que ajudam a compreender o presente.<\/p>\n<p>A escolha de <em>Persecuci\u00f3n<\/em> \u00e9 especialmente significativa. Publicado em 1976 com letras de F\u00e9lix Grande, o \u00e1lbum de El Lebrijano transformou a mem\u00f3ria hist\u00f3rica do povo cigano numa obra conceptual de enorme impacto. Record\u00e1-lo meio s\u00e9culo depois liga o calend\u00e1rio de recitais a uma das grava\u00e7\u00f5es fundamentais do flamenco contempor\u00e2neo.<\/p>\n<\/div><\/div><\/div><\/div><\/div><\/div><\/div><\/section><section class=\"l-section wpb_row height_huge\"><div class=\"l-section-h i-cf\"><div class=\"g-cols vc_row via_flex valign_top type_default stacking_default\"><div class=\"vc_col-sm-12 wpb_column vc_column_container\"><div class=\"vc_column-inner\"><div class=\"wpb_wrapper\"><div class=\"wpb_text_column\"><div class=\"wpb_wrapper\"><h2 id=\"papel-penas\">Porque s\u00e3o as pe\u00f1as essenciais para o flamenco<\/h2>\n<p>A Andaluzia conta atualmente com <strong>329 pe\u00f1as federadas<\/strong>: 14 em Almer\u00eda, 50 em C\u00e1dis, 42 em C\u00f3rdova, 25 em Granada, 21 em Huelva, 45 em Ja\u00e9n, 52 em M\u00e1laga e 80 em Sevilha. Esta rede explica como um programa p\u00fablico pode chegar a dezenas de munic\u00edpios sem depender apenas de teatros ou festivais de grande dimens\u00e3o.<\/p>\n<p>Uma pe\u00f1a flamenca \u00e9 uma associa\u00e7\u00e3o nascida em torno da paix\u00e3o pelo flamenco. As suas atividades podem incluir recitais, confer\u00eancias, concursos, homenagens, exposi\u00e7\u00f5es, aulas, reuni\u00f5es de s\u00f3cios e a\u00e7\u00f5es de transmiss\u00e3o dirigidas \u00e0s novas gera\u00e7\u00f5es. Cada entidade tem a sua pr\u00f3pria hist\u00f3ria e personalidade; algumas mant\u00eam uma programa\u00e7\u00e3o regular h\u00e1 d\u00e9cadas, enquanto outras trabalham em pequenas localidades onde constituem um dos principais focos culturais.<\/p>\n<p>O valor do circuito reside na ativa\u00e7\u00e3o desta infraestrutura social. O artista n\u00e3o chega a um espa\u00e7o indiferente, mas a um p\u00fablico que conhece a linguagem flamenca, escuta com concentra\u00e7\u00e3o e mant\u00e9m uma rela\u00e7\u00e3o continuada com a entidade. Para os jovens int\u00e9rpretes, atuar perante estes aficionados pode ser uma experi\u00eancia formativa e uma via de reconhecimento no setor.<\/p>\n<p>O programa tamb\u00e9m favorece a <strong>renova\u00e7\u00e3o geracional<\/strong>. Paralelamente ao circuito geral, as pe\u00f1as acolheram fases provinciais do Circuito Andaluz de Jovens Artistas Flamencos, desenvolvido com as federa\u00e7\u00f5es e o Instituto Andaluz da Juventude para criar oportunidades e aproximar novos p\u00fablicos.<\/p>\n<\/div><\/div><\/div><\/div><\/div><\/div><\/div><\/section><section class=\"l-section wpb_row height_huge color_alternate with_shape\"><div class=\"l-section-shape type_zigzag pos_top hor_flip\" style=\"height:3vmin;\"><svg xmlns=\"http:\/\/www.w3.org\/2000\/svg\" viewBox=\"0 0 64 8\" preserveAspectRatio=\"none\" width=\"100%\" height=\"100%\">\r\n\t<path fill=\"currentColor\" d=\"M64 8 L0 8 L0 0 L20 7.9 L40 3 L48 5 L64 0 Z\"\/>\r\n<\/svg><\/div><div class=\"l-section-shape type_zigzag pos_bottom\" style=\"height:3vmin;\"><svg xmlns=\"http:\/\/www.w3.org\/2000\/svg\" viewBox=\"0 0 64 8\" preserveAspectRatio=\"none\" width=\"100%\" height=\"100%\">\r\n\t<path fill=\"currentColor\" d=\"M64 8 L0 8 L0 0 L20 7.9 L40 3 L48 5 L64 0 Z\"\/>\r\n<\/svg><\/div><div class=\"l-section-h i-cf\"><div class=\"g-cols vc_row via_flex valign_top type_default stacking_default\"><div class=\"vc_col-sm-12 wpb_column vc_column_container\"><div class=\"vc_column-inner\"><div class=\"wpb_wrapper\"><div class=\"wpb_text_column\"><div class=\"wpb_wrapper\"><h2>Investimento p\u00fablico e sele\u00e7\u00e3o de artistas<\/h2>\n<p>O investimento espec\u00edfico consolidado para o Circuito Andaluz de Pe\u00f1as 2026 \u00e9 de <strong>250 000 euros<\/strong>, mais 20% do que o montante destinado a este programa em 2019. Somando o Circuito Andaluz de Jovens Artistas Flamencos e o concurso de apoios ao tecido associativo, a contribui\u00e7\u00e3o anunciada para as pe\u00f1as atinge 330 000 euros.<\/p>\n<p>Para participar, os artistas ou os seus representantes tiveram de apresentar uma proposta no \u00e2mbito de um concurso p\u00fablico. Uma comiss\u00e3o consultiva avaliou aspetos como a qualidade art\u00edstica, o percurso, o interesse, a proje\u00e7\u00e3o futura e a adequa\u00e7\u00e3o ao formato do circuito. A sele\u00e7\u00e3o resultante ofereceu \u00e0s federa\u00e7\u00f5es uma base de cerca de 300 propostas.<\/p>\n<p>Este procedimento ajuda a explicar a mistura de nomes consolidados e artistas emergentes. O circuito n\u00e3o funciona apenas como montra de figuras conhecidas: tamb\u00e9m proporciona espet\u00e1culos remunerados e visibilidade profissional a int\u00e9rpretes que est\u00e3o a construir o seu percurso.<\/p>\n<\/div><\/div><\/div><\/div><\/div><\/div><\/div><\/section><section class=\"l-section wpb_row height_huge\"><div class=\"l-section-h i-cf\"><div class=\"g-cols vc_row via_flex valign_top type_default stacking_default\"><div class=\"vc_col-sm-12 wpb_column vc_column_container\"><div class=\"vc_column-inner\"><div class=\"wpb_wrapper\"><div class=\"wpb_text_column\"><div class=\"wpb_wrapper\"><h2 id=\"organizar\">Como organizar um percurso para ver flamenco gratuito na Andaluzia<\/h2>\n<p>A extens\u00e3o do circuito permite transformar um ou v\u00e1rios recitais no centro de uma escapadinha. A melhor estrat\u00e9gia n\u00e3o \u00e9 tentar abranger todo o programa, mas cruzar tr\u00eas vari\u00e1veis: prov\u00edncia, datas dispon\u00edveis e dist\u00e2ncia entre localidades.<\/p>\n<h3>Se procura a maior variedade<\/h3>\n<p>Sevilha, M\u00e1laga e C\u00e1dis concentram o maior n\u00famero de eventos. S\u00e3o boas op\u00e7\u00f5es para encontrar v\u00e1rios espet\u00e1culos na mesma semana e combin\u00e1-los com visitas culturais, gastronomia e outras propostas.<\/p>\n<h3>Se tem especial interesse pelo cante<\/h3>\n<p>Todas as prov\u00edncias oferecem cante, mas o seu peso \u00e9 particularmente elevado em Sevilha, Ja\u00e9n, C\u00f3rdova e Almer\u00eda. Esta \u00faltima dedica os seus onze espet\u00e1culos \u00e0 modalidade vocal.<\/p>\n<h3>Se prefere a dan\u00e7a<\/h3>\n<p>C\u00e1dis anuncia onze espet\u00e1culos e M\u00e1laga oito; Granada programa seis num calend\u00e1rio total de quinze eventos. S\u00e3o os tr\u00eas territ\u00f3rios com maior presen\u00e7a proporcional da dan\u00e7a no detalhe provincial publicado.<\/p>\n<h3>Se quer ouvir guitarra<\/h3>\n<p>M\u00e1laga apresenta seis espet\u00e1culos de guitarra ou outros instrumentos, C\u00f3rdova tr\u00eas, Ja\u00e9n dois, Sevilha um e Huelva um. Consulte a ficha do artista, pois o formato pode ser um recital a solo, uma proposta instrumental ou uma forma\u00e7\u00e3o mais ampla.<\/p>\n<h3>Se s\u00f3 disp\u00f5e de uma data espec\u00edfica<\/h3>\n<p>Utilize a agenda oficial como ponto de partida e alargue a pesquisa aos munic\u00edpios pr\u00f3ximos. Um espet\u00e1culo a trinta ou quarenta minutos pode ser mais conveniente do que esperar por uma data na capital.<\/p>\n<p>Se o circuito n\u00e3o coincidir com a sua viagem, consulte o nosso guia de <a href=\"https:\/\/www.tablaosflamencos.com\/ciudades\"><strong>flamenco por cidades<\/strong><\/a>. A\u00ed poder\u00e1 encontrar espet\u00e1culos com programa\u00e7\u00e3o regular e reserva antecipada em diferentes destinos espanh\u00f3is.<\/p>\n<\/div><\/div><div class=\"w-separator size_medium\"><\/div><div class=\"w-hwrapper valign_top align_center\" style=\"--hwrapper-gap:1.2rem\"><div class=\"w-btn-wrapper align_center\"><a class=\"w-btn us-btn-style_1 icon_atleft\" href=\"https:\/\/www.tablaosflamencos.com\/pt-pt\/cidades\"><i class=\"fas fa-map-marker-alt\"><\/i><span class=\"w-btn-label\">Ver flamenco por cidades<\/span><\/a><\/div><\/div><\/div><\/div><\/div><\/div><\/div><\/section><section class=\"l-section wpb_row height_huge color_alternate with_shape\"><div class=\"l-section-shape type_zigzag pos_top hor_flip\" style=\"height:3vmin;\"><svg xmlns=\"http:\/\/www.w3.org\/2000\/svg\" viewBox=\"0 0 64 8\" preserveAspectRatio=\"none\" width=\"100%\" height=\"100%\">\r\n\t<path fill=\"currentColor\" d=\"M64 8 L0 8 L0 0 L20 7.9 L40 3 L48 5 L64 0 Z\"\/>\r\n<\/svg><\/div><div class=\"l-section-shape type_zigzag pos_bottom\" style=\"height:3vmin;\"><svg xmlns=\"http:\/\/www.w3.org\/2000\/svg\" viewBox=\"0 0 64 8\" preserveAspectRatio=\"none\" width=\"100%\" height=\"100%\">\r\n\t<path fill=\"currentColor\" d=\"M64 8 L0 8 L0 0 L20 7.9 L40 3 L48 5 L64 0 Z\"\/>\r\n<\/svg><\/div><div class=\"l-section-h i-cf\"><div class=\"g-cols vc_row via_flex valign_top type_default stacking_default\"><div class=\"vc_col-sm-12 wpb_column vc_column_container\"><div class=\"vc_column-inner\"><div class=\"wpb_wrapper\"><div class=\"wpb_text_column\"><div class=\"wpb_wrapper\"><h2>Uma forma diferente de viver o flamenco em 2026<\/h2>\n<p>O Circuito Andaluz de Pe\u00f1as oferece algo que nem sempre aparece nos grandes cartazes: a possibilidade de ouvir flamenco profissional dentro de uma rede cultural constru\u00edda por aficionados. A proximidade, a dimens\u00e3o dos espa\u00e7os e a diversidade dos munic\u00edpios alteram a rela\u00e7\u00e3o entre o palco e o p\u00fablico.<\/p>\n<p>Para quem j\u00e1 conhece o flamenco, o circuito \u00e9 uma oportunidade de acompanhar int\u00e9rpretes espec\u00edficos, descobrir vozes e comparar ambientes provinciais. Para quem se aproxima pela primeira vez, pode ser uma porta de entrada gratuita, desde que compreenda que uma pe\u00f1a tem os seus pr\u00f3prios c\u00f3digos e que o sil\u00eancio, a pontualidade e o respeito pelo espet\u00e1culo fazem parte da experi\u00eancia.<\/p>\n<p>Os 225 espet\u00e1culos anunciados transformam a edi\u00e7\u00e3o de 2026 num amplo mapa do flamenco andaluz atual: maioritariamente centrado no cante, mas aberto \u00e0 dan\u00e7a e \u00e0 guitarra; atento \u00e0s novas gera\u00e7\u00f5es e, ao mesmo tempo, ligado a nomes fundamentais da sua mem\u00f3ria.<\/p>\n<\/div><\/div><\/div><\/div><\/div><\/div><\/div><\/section><section class=\"l-section wpb_row height_huge\"><div class=\"l-section-h i-cf\"><div class=\"g-cols vc_row via_flex valign_middle type_default stacking_default\"><div class=\"vc_col-sm-1\/5 wpb_column vc_column_container\"><div class=\"vc_column-inner\"><div class=\"wpb_wrapper\"><\/div><\/div><\/div><div class=\"vc_col-sm-3\/5 wpb_column vc_column_container\"><div class=\"vc_column-inner\"><div class=\"wpb_wrapper\"><div class=\"wpb_text_column\"><div class=\"wpb_wrapper\"><h2 id=\"faq\">Perguntas frequentes sobre o Circuito Andaluz de Pe\u00f1as 2026<\/h2>\n<\/div><\/div><div class=\"w-separator size_medium\"><\/div><div class=\"w-tabs accordion toggle_style_1 has_scrolling\" style=\"--sections-title-size:inherit;--sections-gap:0.5rem;\"><div class=\"w-tabs-sections titles-align_none icon_chevron cpos_right\"><div class=\"w-tabs-section\" id=\"sbdb\"><button type=\"button\" class=\"w-tabs-section-header\" aria-controls=\"content-sbdb\" aria-expanded=\"false\"><div class=\"w-tabs-section-title\">Quantos recitais tem o Circuito Andaluz de Pe\u00f1as 2026?<\/div><div class=\"w-tabs-section-control\"><\/div><\/button><div  class=\"w-tabs-section-content\" id=\"content-sbdb\"><div class=\"w-tabs-section-content-h i-cf\"><div class=\"wpb_text_column\"><div class=\"wpb_wrapper\"><p>O n\u00famero global anunciado oficialmente \u00e9 de <strong>225 espet\u00e1culos<\/strong> de cante, dan\u00e7a e guitarra distribu\u00eddos pelas oito prov\u00edncias andaluzas.<\/p>\n<\/div><\/div><\/div><\/div><\/div><div class=\"w-tabs-section\" id=\"sced\"><button type=\"button\" class=\"w-tabs-section-header\" aria-controls=\"content-sced\" aria-expanded=\"false\"><div class=\"w-tabs-section-title\">Os espet\u00e1culos do circuito s\u00e3o gratuitos?<\/div><div class=\"w-tabs-section-control\"><\/div><\/button><div  class=\"w-tabs-section-content\" id=\"content-sced\"><div class=\"w-tabs-section-content-h i-cf\"><div class=\"wpb_text_column\"><div class=\"wpb_wrapper\"><p>Sim. A programa\u00e7\u00e3o oficial indica que a <strong>entrada \u00e9 gratuita at\u00e9 \u00e0 lota\u00e7\u00e3o<\/strong>. Algumas pe\u00f1as podem organizar convites ou confirma\u00e7\u00f5es de presen\u00e7a, pelo que \u00e9 aconselh\u00e1vel consultar cada ficha.<\/p>\n<\/div><\/div><\/div><\/div><\/div><div class=\"w-tabs-section\" id=\"zdd4\"><button type=\"button\" class=\"w-tabs-section-header\" aria-controls=\"content-zdd4\" aria-expanded=\"false\"><div class=\"w-tabs-section-title\">Quando se realiza o Circuito Andaluz de Pe\u00f1as 2026?<\/div><div class=\"w-tabs-section-control\"><\/div><\/button><div  class=\"w-tabs-section-content\" id=\"content-zdd4\"><div class=\"w-tabs-section-content-h i-cf\"><div class=\"wpb_text_column\"><div class=\"wpb_wrapper\"><p>O calend\u00e1rio completo decorre de 6 de junho a 28 de novembro de 2026, embora as datas variem consoante a prov\u00edncia. A maioria dos recitais concentra-se entre setembro e novembro.<\/p>\n<\/div><\/div><\/div><\/div><\/div><div class=\"w-tabs-section\" id=\"qea9\"><button type=\"button\" class=\"w-tabs-section-header\" aria-controls=\"content-qea9\" aria-expanded=\"false\"><div class=\"w-tabs-section-title\">Em que prov\u00edncias h\u00e1 espet\u00e1culos?<\/div><div class=\"w-tabs-section-control\"><\/div><\/button><div  class=\"w-tabs-section-content\" id=\"content-qea9\"><div class=\"w-tabs-section-content-h i-cf\"><div class=\"wpb_text_column\"><div class=\"wpb_wrapper\"><p>O circuito chega a <strong>Almer\u00eda, C\u00e1dis, C\u00f3rdova, Granada, Huelva, Ja\u00e9n, M\u00e1laga e Sevilha<\/strong>, com recitais nas capitais e em numerosos munic\u00edpios.<\/p>\n<\/div><\/div><\/div><\/div><\/div><div class=\"w-tabs-section\" id=\"cf70\"><button type=\"button\" class=\"w-tabs-section-header\" aria-controls=\"content-cf70\" aria-expanded=\"false\"><div class=\"w-tabs-section-title\">Que modalidades de flamenco inclui?<\/div><div class=\"w-tabs-section-control\"><\/div><\/button><div  class=\"w-tabs-section-content\" id=\"content-cf70\"><div class=\"w-tabs-section-content-h i-cf\"><div class=\"wpb_text_column\"><div class=\"wpb_wrapper\"><p>A organiza\u00e7\u00e3o anuncia 181 espet\u00e1culos de cante, 31 de dan\u00e7a e 13 de guitarra. No total, participar\u00e3o pelo menos 470 artistas.<\/p>\n<\/div><\/div><\/div><\/div><\/div><div class=\"w-tabs-section\" id=\"h05c\"><button type=\"button\" class=\"w-tabs-section-header\" aria-controls=\"content-h05c\" aria-expanded=\"false\"><div class=\"w-tabs-section-title\">Onde posso consultar os artistas e os hor\u00e1rios?<\/div><div class=\"w-tabs-section-control\"><\/div><\/button><div  class=\"w-tabs-section-content\" id=\"content-h05c\"><div class=\"w-tabs-section-content-h i-cf\"><div class=\"wpb_text_column\"><div class=\"wpb_wrapper\"><p>A principal fonte \u00e9 a <strong>Agenda Cultural da Andaluzia<\/strong>. A p\u00e1gina oficial de apresenta\u00e7\u00e3o cont\u00e9m liga\u00e7\u00f5es para o programa de cada prov\u00edncia. Tamb\u00e9m \u00e9 aconselh\u00e1vel consultar os canais da pe\u00f1a anfitri\u00e3.<\/p>\n<\/div><\/div><\/div><\/div><\/div><div class=\"w-tabs-section\" id=\"m12d\"><button type=\"button\" class=\"w-tabs-section-header\" aria-controls=\"content-m12d\" aria-expanded=\"false\"><div class=\"w-tabs-section-title\">\u00c9 necess\u00e1rio ser s\u00f3cio de uma pe\u00f1a para assistir?<\/div><div class=\"w-tabs-section-control\"><\/div><\/button><div  class=\"w-tabs-section-content\" id=\"content-m12d\"><div class=\"w-tabs-section-content-h i-cf\"><div class=\"wpb_text_column\"><div class=\"wpb_wrapper\"><p>Os recitais do circuito s\u00e3o anunciados como gratuitos at\u00e9 \u00e0 lota\u00e7\u00e3o. Ainda assim, confirme as condi\u00e7\u00f5es de acesso do evento espec\u00edfico, pois a organiza\u00e7\u00e3o dos lugares pode variar consoante a entidade e o espa\u00e7o.<\/p>\n<\/div><\/div><\/div><\/div><\/div><div class=\"w-tabs-section\" id=\"b203\"><button type=\"button\" class=\"w-tabs-section-header\" aria-controls=\"content-b203\" aria-expanded=\"false\"><div class=\"w-tabs-section-title\">O programa pode mudar?<\/div><div class=\"w-tabs-section-control\"><\/div><\/button><div  class=\"w-tabs-section-content\" id=\"content-b203\"><div class=\"w-tabs-section-content-h i-cf\"><div class=\"wpb_text_column\"><div class=\"wpb_wrapper\"><p>Sim. As agendas provinciais avisam que as datas, os hor\u00e1rios ou os artistas est\u00e3o sujeitos a altera\u00e7\u00f5es. Confirme sempre a informa\u00e7\u00e3o pouco antes de se deslocar.<\/p>\n<\/div><\/div><\/div><\/div><\/div><div class=\"w-tabs-section\" id=\"v2c9\"><button type=\"button\" class=\"w-tabs-section-header\" aria-controls=\"content-v2c9\" aria-expanded=\"false\"><div class=\"w-tabs-section-title\">Qual \u00e9 a prov\u00edncia com mais recitais?<\/div><div class=\"w-tabs-section-control\"><\/div><\/button><div  class=\"w-tabs-section-content\" id=\"content-v2c9\"><div class=\"w-tabs-section-content-h i-cf\"><div class=\"wpb_text_column\"><div class=\"wpb_wrapper\"><p>Sevilha lidera o detalhe provincial com 56 espet\u00e1culos, seguida de M\u00e1laga com 35, C\u00e1dis com 33 e Ja\u00e9n e C\u00f3rdova com 30 cada.<\/p>\n<\/div><\/div><\/div><\/div><\/div><div class=\"w-tabs-section\" id=\"d38c\"><button type=\"button\" class=\"w-tabs-section-header\" aria-controls=\"content-d38c\" aria-expanded=\"false\"><div class=\"w-tabs-section-title\">Porque \u00e9 que os subtotais provinciais n\u00e3o somam 225?<\/div><div class=\"w-tabs-section-control\"><\/div><\/button><div  class=\"w-tabs-section-content\" id=\"content-d38c\"><div class=\"w-tabs-section-content-h i-cf\"><div class=\"wpb_text_column\"><div class=\"wpb_wrapper\"><p>O n\u00famero global e a distribui\u00e7\u00e3o por disciplinas publicados pela organiza\u00e7\u00e3o somam 225, mas os subtotais provinciais divulgados na apresenta\u00e7\u00e3o somam 224. Provavelmente existe uma diferen\u00e7a de atualiza\u00e7\u00e3o num dos detalhes. A Agenda Cultural da Andaluzia deve ser utilizada como refer\u00eancia para o programa em vigor.<\/p>\n<\/div><\/div><\/div><\/div><\/div><\/div><\/div><\/div><\/div><\/div><div class=\"vc_col-sm-1\/5 wpb_column vc_column_container\"><div class=\"vc_column-inner\"><div class=\"wpb_wrapper\"><\/div><\/div><\/div><\/div><\/div><\/section>\n","protected":false},"excerpt":{"rendered":"<p>O Circuito Andaluz de Pe\u00f1as 2026 re\u00fane 225 recitais gratuitos de cante, dan\u00e7a e guitarra nas oito prov\u00edncias. Consulte datas, acesso e programa\u00e7\u00e3o.<\/p>\n","protected":false},"author":1,"featured_media":14272,"comment_status":"closed","ping_status":"closed","sticky":false,"template":"","format":"standard","meta":{"_acf_changed":false,"wpai_generated_summary":"","_ayudawp_aiss_exclude":false,"_ayudawp_aiss_exclude_summary":false,"_ayudawp_aiss_summary":"","_ayudawp_aiss_summary_provider":"","_ayudawp_aiss_summary_hash":"","footnotes":""},"categories":[1908],"tags":[1941,1405,1936,1409,1258,1096,1950],"class_list":["post-14324","post","type-post","status-publish","format-standard","has-post-thumbnail","hentry","category-associacoes-de-flamenco","tag-associacoes-de-flamenco-pt","tag-cante-flamenco-pt","tag-circuito-andaluz-de-penas-pt","tag-danca-flamenca","tag-festivales-flamencos","tag-flamenco-andaluz","tag-flamenco-gratuito-pt"],"acf":[],"yoast_head":"<!-- This site is optimized with the Yoast SEO Premium plugin v28.4 (Yoast SEO v28.4) - https:\/\/yoast.com\/product\/yoast-seo-premium-wordpress\/ -->\n<title>Circuito Andaluz de Pe\u00f1as 2026: 225 recitais gratuitos<\/title>\n<meta name=\"description\" content=\"Consulte o Circuito Andaluz de Pe\u00f1as 2026: 225 recitais gratuitos, datas por prov\u00edncia, artistas, pe\u00f1as, hor\u00e1rios e condi\u00e7\u00f5es de acesso.\" \/>\n<meta name=\"robots\" content=\"index, follow, max-snippet:-1, max-image-preview:large, max-video-preview:-1\" \/>\n<link rel=\"canonical\" href=\"https:\/\/www.tablaosflamencos.com\/pt-pt\/circuito-andaluz-penas-flamencas-2026-recitais-gratuitos.html\" \/>\n<meta property=\"og:locale\" content=\"pt_PT\" \/>\n<meta property=\"og:type\" content=\"article\" \/>\n<meta property=\"og:title\" content=\"Circuito Andaluz de Pe\u00f1as 2026: 225 recitais de flamenco gratuitos\" \/>\n<meta property=\"og:description\" content=\"Consulte o Circuito Andaluz de Pe\u00f1as 2026: 225 recitais gratuitos, datas por prov\u00edncia, artistas, pe\u00f1as, hor\u00e1rios e condi\u00e7\u00f5es de acesso.\" \/>\n<meta property=\"og:url\" content=\"https:\/\/www.tablaosflamencos.com\/pt-pt\/circuito-andaluz-penas-flamencas-2026-recitais-gratuitos.html\" \/>\n<meta property=\"og:site_name\" content=\"Tablaos Flamencos\" \/>\n<meta property=\"article:publisher\" content=\"https:\/\/www.facebook.com\/tablaosflamencos\" \/>\n<meta property=\"article:published_time\" content=\"2026-09-03T21:19:59+00:00\" \/>\n<meta property=\"article:modified_time\" content=\"2026-09-03T22:08:08+00:00\" \/>\n<meta property=\"og:image\" content=\"https:\/\/www.tablaosflamencos.com\/wp-content\/uploads\/circuito-andaluz-de-penas-2026-225-recitales-de-flamenco-gratis-por-toda-andalucia-01.webp\" \/>\n\t<meta property=\"og:image:width\" content=\"1672\" \/>\n\t<meta property=\"og:image:height\" content=\"941\" \/>\n\t<meta property=\"og:image:type\" content=\"image\/webp\" \/>\n<meta name=\"author\" content=\"Miguel Ortiz\" \/>\n<meta name=\"twitter:card\" content=\"summary_large_image\" \/>\n<meta name=\"twitter:creator\" content=\"@tablaosflamenco\" \/>\n<meta name=\"twitter:site\" content=\"@tablaosflamenco\" \/>\n<meta name=\"twitter:label1\" content=\"Escrito por\" \/>\n\t<meta name=\"twitter:data1\" content=\"Miguel Ortiz\" \/>\n\t<meta name=\"twitter:label2\" content=\"Tempo estimado de leitura\" \/>\n\t<meta name=\"twitter:data2\" content=\"25 minutos\" \/>\n<script type=\"application\/ld+json\" class=\"yoast-schema-graph\">{\"@context\":\"https:\\\/\\\/schema.org\",\"@graph\":[{\"@type\":\"Article\",\"@id\":\"https:\\\/\\\/www.tablaosflamencos.com\\\/pt-pt\\\/circuito-andaluz-penas-flamencas-2026-recitais-gratuitos.html#article\",\"isPartOf\":{\"@id\":\"https:\\\/\\\/www.tablaosflamencos.com\\\/pt-pt\\\/circuito-andaluz-penas-flamencas-2026-recitais-gratuitos.html\"},\"author\":{\"name\":\"Miguel Ortiz\",\"@id\":\"https:\\\/\\\/www.tablaosflamencos.com\\\/pt-pt#\\\/schema\\\/person\\\/e7a9ebe14eb75a52ceabfbffb3c54f5d\"},\"headline\":\"Circuito Andaluz de Pe\u00f1as 2026: 225 recitais de flamenco gratuitos\",\"datePublished\":\"2026-09-03T21:19:59+00:00\",\"dateModified\":\"2026-09-03T22:08:08+00:00\",\"mainEntityOfPage\":{\"@id\":\"https:\\\/\\\/www.tablaosflamencos.com\\\/pt-pt\\\/circuito-andaluz-penas-flamencas-2026-recitais-gratuitos.html\"},\"wordCount\":5103,\"publisher\":{\"@id\":\"https:\\\/\\\/www.tablaosflamencos.com\\\/pt-pt#organization\"},\"image\":{\"@id\":\"https:\\\/\\\/www.tablaosflamencos.com\\\/pt-pt\\\/circuito-andaluz-penas-flamencas-2026-recitais-gratuitos.html#primaryimage\"},\"thumbnailUrl\":\"https:\\\/\\\/www.tablaosflamencos.com\\\/wp-content\\\/uploads\\\/circuito-andaluz-de-penas-2026-225-recitales-de-flamenco-gratis-por-toda-andalucia-01.webp\",\"keywords\":[\"associa\u00e7\u00f5es de flamenco\",\"cante flamenco\",\"Circuito Andaluz de Pe\u00f1as\",\"dan\u00e7a flamenca\",\"festivales flamencos\",\"flamenco andaluz\",\"flamenco gratuito\"],\"articleSection\":[\"Associa\u00e7\u00f5es de flamenco\"],\"inLanguage\":\"pt-PT\"},{\"@type\":\"WebPage\",\"@id\":\"https:\\\/\\\/www.tablaosflamencos.com\\\/pt-pt\\\/circuito-andaluz-penas-flamencas-2026-recitais-gratuitos.html\",\"url\":\"https:\\\/\\\/www.tablaosflamencos.com\\\/pt-pt\\\/circuito-andaluz-penas-flamencas-2026-recitais-gratuitos.html\",\"name\":\"Circuito Andaluz de Pe\u00f1as 2026: 225 recitais gratuitos\",\"isPartOf\":{\"@id\":\"https:\\\/\\\/www.tablaosflamencos.com\\\/pt-pt#website\"},\"primaryImageOfPage\":{\"@id\":\"https:\\\/\\\/www.tablaosflamencos.com\\\/pt-pt\\\/circuito-andaluz-penas-flamencas-2026-recitais-gratuitos.html#primaryimage\"},\"image\":{\"@id\":\"https:\\\/\\\/www.tablaosflamencos.com\\\/pt-pt\\\/circuito-andaluz-penas-flamencas-2026-recitais-gratuitos.html#primaryimage\"},\"thumbnailUrl\":\"https:\\\/\\\/www.tablaosflamencos.com\\\/wp-content\\\/uploads\\\/circuito-andaluz-de-penas-2026-225-recitales-de-flamenco-gratis-por-toda-andalucia-01.webp\",\"datePublished\":\"2026-09-03T21:19:59+00:00\",\"dateModified\":\"2026-09-03T22:08:08+00:00\",\"description\":\"Consulte o Circuito Andaluz de Pe\u00f1as 2026: 225 recitais gratuitos, datas por prov\u00edncia, artistas, pe\u00f1as, hor\u00e1rios e condi\u00e7\u00f5es de acesso.\",\"breadcrumb\":{\"@id\":\"https:\\\/\\\/www.tablaosflamencos.com\\\/pt-pt\\\/circuito-andaluz-penas-flamencas-2026-recitais-gratuitos.html#breadcrumb\"},\"inLanguage\":\"pt-PT\",\"potentialAction\":[{\"@type\":\"ReadAction\",\"target\":[\"https:\\\/\\\/www.tablaosflamencos.com\\\/pt-pt\\\/circuito-andaluz-penas-flamencas-2026-recitais-gratuitos.html\"]}]},{\"@type\":\"ImageObject\",\"inLanguage\":\"pt-PT\",\"@id\":\"https:\\\/\\\/www.tablaosflamencos.com\\\/pt-pt\\\/circuito-andaluz-penas-flamencas-2026-recitais-gratuitos.html#primaryimage\",\"url\":\"https:\\\/\\\/www.tablaosflamencos.com\\\/wp-content\\\/uploads\\\/circuito-andaluz-de-penas-2026-225-recitales-de-flamenco-gratis-por-toda-andalucia-01.webp\",\"contentUrl\":\"https:\\\/\\\/www.tablaosflamencos.com\\\/wp-content\\\/uploads\\\/circuito-andaluz-de-penas-2026-225-recitales-de-flamenco-gratis-por-toda-andalucia-01.webp\",\"width\":1672,\"height\":941,\"caption\":\"Circuito Andaluz de Pe\u00f1as 2026: 225 recitales de flamenco gratis por toda Andaluc\u00eda\"},{\"@type\":\"BreadcrumbList\",\"@id\":\"https:\\\/\\\/www.tablaosflamencos.com\\\/pt-pt\\\/circuito-andaluz-penas-flamencas-2026-recitais-gratuitos.html#breadcrumb\",\"itemListElement\":[{\"@type\":\"ListItem\",\"position\":1,\"name\":\"Home\",\"item\":\"https:\\\/\\\/www.tablaosflamencos.com\\\/pt-pt\"},{\"@type\":\"ListItem\",\"position\":2,\"name\":\"Circuito Andaluz de Pe\u00f1as 2026: 225 recitais de flamenco gratuitos\"}]},{\"@type\":\"WebSite\",\"@id\":\"https:\\\/\\\/www.tablaosflamencos.com\\\/pt-pt#website\",\"url\":\"https:\\\/\\\/www.tablaosflamencos.com\\\/pt-pt\",\"name\":\"Tablaos Flamencos\",\"description\":\"Entradas para tablaos flamencos de Espa\u00f1a\",\"publisher\":{\"@id\":\"https:\\\/\\\/www.tablaosflamencos.com\\\/pt-pt#organization\"},\"alternateName\":\"Tablaos Flamencos\",\"potentialAction\":[{\"@type\":\"SearchAction\",\"target\":{\"@type\":\"EntryPoint\",\"urlTemplate\":\"https:\\\/\\\/www.tablaosflamencos.com\\\/pt-pt?s={search_term_string}\"},\"query-input\":{\"@type\":\"PropertyValueSpecification\",\"valueRequired\":true,\"valueName\":\"search_term_string\"}}],\"inLanguage\":\"pt-PT\"},{\"@type\":[\"Organization\",\"Place\",\"EntertainmentBusiness\"],\"@id\":\"https:\\\/\\\/www.tablaosflamencos.com\\\/pt-pt#organization\",\"name\":\"Tablaos Flamencos\",\"alternateName\":\"Tablaos Flamencos\",\"url\":\"https:\\\/\\\/www.tablaosflamencos.com\\\/pt-pt\",\"logo\":{\"@id\":\"https:\\\/\\\/www.tablaosflamencos.com\\\/pt-pt\\\/circuito-andaluz-penas-flamencas-2026-recitais-gratuitos.html#local-main-organization-logo\"},\"image\":{\"@id\":\"https:\\\/\\\/www.tablaosflamencos.com\\\/pt-pt\\\/circuito-andaluz-penas-flamencas-2026-recitais-gratuitos.html#local-main-organization-logo\"},\"sameAs\":[\"https:\\\/\\\/www.facebook.com\\\/tablaosflamencos\",\"https:\\\/\\\/x.com\\\/tablaosflamenco\",\"https:\\\/\\\/mastodon.social\\\/@tablaosflamencos\",\"https:\\\/\\\/www.instagram.com\\\/tablaosflamencos\",\"https:\\\/\\\/tiktok.com\\\/@tablaosflamencos\",\"https:\\\/\\\/www.linkedin.com\\\/company\\\/109408238\\\/\"],\"description\":\"Venta de entradas para espect\u00e1culos flamencos\",\"legalName\":\"Tablaos Flamencos\",\"foundingDate\":\"2015-01-01\",\"numberOfEmployees\":{\"@type\":\"QuantitativeValue\",\"minValue\":\"1\",\"maxValue\":\"10\"},\"address\":{\"@id\":\"https:\\\/\\\/www.tablaosflamencos.com\\\/pt-pt\\\/circuito-andaluz-penas-flamencas-2026-recitais-gratuitos.html#local-main-place-address\"},\"geo\":{\"@type\":\"GeoCoordinates\",\"latitude\":\"37.3868072\",\"longitude\":\"-5.993280299999999\"},\"telephone\":[\"+34623787787\"],\"contactPoint\":{\"@type\":\"ContactPoint\",\"telephone\":\"+34623787787\",\"email\":\"info@tablaosflamencos.com\"},\"openingHoursSpecification\":{\"@type\":\"OpeningHoursSpecification\",\"dayOfWeek\":[\"Monday\",\"Tuesday\",\"Wednesday\",\"Thursday\",\"Friday\",\"Saturday\",\"Sunday\"],\"opens\":\"00:00\",\"closes\":\"23:59\"},\"email\":\"info@tablaosflamencos.com\",\"priceRange\":\"$$$\",\"currenciesAccepted\":\"\u20ac\"},{\"@type\":\"Person\",\"@id\":\"https:\\\/\\\/www.tablaosflamencos.com\\\/pt-pt#\\\/schema\\\/person\\\/e7a9ebe14eb75a52ceabfbffb3c54f5d\",\"name\":\"Miguel Ortiz\",\"description\":\"Miguel Ortiz es un empresario flamenco, con una s\u00f3lida trayectoria dentro del sector. Ha presidido entidades culturales vinculadas al flamenco y, cuenta con un amplio recorrido profesional en la gesti\u00f3n y promoci\u00f3n de espect\u00e1culos y tablaos flamencos. Su pasi\u00f3n por la historia y el arte flamenco se refleja en cada art\u00edculo, donde combina experiencia, criterio y un profundo respeto por la tradici\u00f3n.\",\"sameAs\":[\"https:\\\/\\\/www.tablaosflamencos.com\",\"https:\\\/\\\/www.instagra.com\\\/miguelortizfe\",\"https:\\\/\\\/www.linkedin.com\\\/in\\\/miguelortizf\\\/\"],\"birthDate\":\"1984-11-22\",\"gender\":\"hombre\",\"knowsLanguage\":[\"espa\u00f1ol\",\"ingl\u00e9s\"],\"jobTitle\":\"Empresario flamenco\"},{\"@type\":\"PostalAddress\",\"@id\":\"https:\\\/\\\/www.tablaosflamencos.com\\\/pt-pt\\\/circuito-andaluz-penas-flamencas-2026-recitais-gratuitos.html#local-main-place-address\",\"streetAddress\":\"C\\\/ Alemanes, 19\",\"addressLocality\":\"Sevilla\",\"postalCode\":\"41004\",\"addressRegion\":\"Sevilla\",\"addressCountry\":\"ES\"},{\"@type\":\"ImageObject\",\"inLanguage\":\"pt-PT\",\"@id\":\"https:\\\/\\\/www.tablaosflamencos.com\\\/pt-pt\\\/circuito-andaluz-penas-flamencas-2026-recitais-gratuitos.html#local-main-organization-logo\",\"url\":\"https:\\\/\\\/www.tablaosflamencos.com\\\/wp-content\\\/uploads\\\/tablaos-flamencos-06-3.webp\",\"contentUrl\":\"https:\\\/\\\/www.tablaosflamencos.com\\\/wp-content\\\/uploads\\\/tablaos-flamencos-06-3.webp\",\"width\":600,\"height\":620,\"caption\":\"Tablaos Flamencos\"}]}<\/script>\n<meta name=\"geo.placename\" content=\"Sevilla\" \/>\n<meta name=\"geo.position\" content=\"37.3868072;-5.993280299999999\" \/>\n<meta name=\"geo.region\" content=\"Espanha\" \/>\n<!-- \/ Yoast SEO Premium plugin. -->","yoast_head_json":{"title":"Circuito Andaluz de Pe\u00f1as 2026: 225 recitais gratuitos","description":"Consulte o Circuito Andaluz de Pe\u00f1as 2026: 225 recitais gratuitos, datas por prov\u00edncia, artistas, pe\u00f1as, hor\u00e1rios e condi\u00e7\u00f5es de acesso.","robots":{"index":"index","follow":"follow","max-snippet":"max-snippet:-1","max-image-preview":"max-image-preview:large","max-video-preview":"max-video-preview:-1"},"canonical":"https:\/\/www.tablaosflamencos.com\/pt-pt\/circuito-andaluz-penas-flamencas-2026-recitais-gratuitos.html","og_locale":"pt_PT","og_type":"article","og_title":"Circuito Andaluz de Pe\u00f1as 2026: 225 recitais de flamenco gratuitos","og_description":"Consulte o Circuito Andaluz de Pe\u00f1as 2026: 225 recitais gratuitos, datas por prov\u00edncia, artistas, pe\u00f1as, hor\u00e1rios e condi\u00e7\u00f5es de acesso.","og_url":"https:\/\/www.tablaosflamencos.com\/pt-pt\/circuito-andaluz-penas-flamencas-2026-recitais-gratuitos.html","og_site_name":"Tablaos Flamencos","article_publisher":"https:\/\/www.facebook.com\/tablaosflamencos","article_published_time":"2026-09-03T21:19:59+00:00","article_modified_time":"2026-09-03T22:08:08+00:00","og_image":[{"width":1672,"height":941,"url":"https:\/\/www.tablaosflamencos.com\/wp-content\/uploads\/circuito-andaluz-de-penas-2026-225-recitales-de-flamenco-gratis-por-toda-andalucia-01.webp","type":"image\/webp"}],"author":"Miguel Ortiz","twitter_card":"summary_large_image","twitter_creator":"@tablaosflamenco","twitter_site":"@tablaosflamenco","twitter_misc":{"Escrito por":"Miguel Ortiz","Tempo estimado de leitura":"25 minutos"},"schema":{"@context":"https:\/\/schema.org","@graph":[{"@type":"Article","@id":"https:\/\/www.tablaosflamencos.com\/pt-pt\/circuito-andaluz-penas-flamencas-2026-recitais-gratuitos.html#article","isPartOf":{"@id":"https:\/\/www.tablaosflamencos.com\/pt-pt\/circuito-andaluz-penas-flamencas-2026-recitais-gratuitos.html"},"author":{"name":"Miguel Ortiz","@id":"https:\/\/www.tablaosflamencos.com\/pt-pt#\/schema\/person\/e7a9ebe14eb75a52ceabfbffb3c54f5d"},"headline":"Circuito Andaluz de Pe\u00f1as 2026: 225 recitais de flamenco gratuitos","datePublished":"2026-09-03T21:19:59+00:00","dateModified":"2026-09-03T22:08:08+00:00","mainEntityOfPage":{"@id":"https:\/\/www.tablaosflamencos.com\/pt-pt\/circuito-andaluz-penas-flamencas-2026-recitais-gratuitos.html"},"wordCount":5103,"publisher":{"@id":"https:\/\/www.tablaosflamencos.com\/pt-pt#organization"},"image":{"@id":"https:\/\/www.tablaosflamencos.com\/pt-pt\/circuito-andaluz-penas-flamencas-2026-recitais-gratuitos.html#primaryimage"},"thumbnailUrl":"https:\/\/www.tablaosflamencos.com\/wp-content\/uploads\/circuito-andaluz-de-penas-2026-225-recitales-de-flamenco-gratis-por-toda-andalucia-01.webp","keywords":["associa\u00e7\u00f5es de flamenco","cante flamenco","Circuito Andaluz de Pe\u00f1as","dan\u00e7a flamenca","festivales flamencos","flamenco andaluz","flamenco gratuito"],"articleSection":["Associa\u00e7\u00f5es de flamenco"],"inLanguage":"pt-PT"},{"@type":"WebPage","@id":"https:\/\/www.tablaosflamencos.com\/pt-pt\/circuito-andaluz-penas-flamencas-2026-recitais-gratuitos.html","url":"https:\/\/www.tablaosflamencos.com\/pt-pt\/circuito-andaluz-penas-flamencas-2026-recitais-gratuitos.html","name":"Circuito Andaluz de Pe\u00f1as 2026: 225 recitais gratuitos","isPartOf":{"@id":"https:\/\/www.tablaosflamencos.com\/pt-pt#website"},"primaryImageOfPage":{"@id":"https:\/\/www.tablaosflamencos.com\/pt-pt\/circuito-andaluz-penas-flamencas-2026-recitais-gratuitos.html#primaryimage"},"image":{"@id":"https:\/\/www.tablaosflamencos.com\/pt-pt\/circuito-andaluz-penas-flamencas-2026-recitais-gratuitos.html#primaryimage"},"thumbnailUrl":"https:\/\/www.tablaosflamencos.com\/wp-content\/uploads\/circuito-andaluz-de-penas-2026-225-recitales-de-flamenco-gratis-por-toda-andalucia-01.webp","datePublished":"2026-09-03T21:19:59+00:00","dateModified":"2026-09-03T22:08:08+00:00","description":"Consulte o Circuito Andaluz de Pe\u00f1as 2026: 225 recitais gratuitos, datas por prov\u00edncia, artistas, pe\u00f1as, hor\u00e1rios e condi\u00e7\u00f5es de acesso.","breadcrumb":{"@id":"https:\/\/www.tablaosflamencos.com\/pt-pt\/circuito-andaluz-penas-flamencas-2026-recitais-gratuitos.html#breadcrumb"},"inLanguage":"pt-PT","potentialAction":[{"@type":"ReadAction","target":["https:\/\/www.tablaosflamencos.com\/pt-pt\/circuito-andaluz-penas-flamencas-2026-recitais-gratuitos.html"]}]},{"@type":"ImageObject","inLanguage":"pt-PT","@id":"https:\/\/www.tablaosflamencos.com\/pt-pt\/circuito-andaluz-penas-flamencas-2026-recitais-gratuitos.html#primaryimage","url":"https:\/\/www.tablaosflamencos.com\/wp-content\/uploads\/circuito-andaluz-de-penas-2026-225-recitales-de-flamenco-gratis-por-toda-andalucia-01.webp","contentUrl":"https:\/\/www.tablaosflamencos.com\/wp-content\/uploads\/circuito-andaluz-de-penas-2026-225-recitales-de-flamenco-gratis-por-toda-andalucia-01.webp","width":1672,"height":941,"caption":"Circuito Andaluz de Pe\u00f1as 2026: 225 recitales de flamenco gratis por toda Andaluc\u00eda"},{"@type":"BreadcrumbList","@id":"https:\/\/www.tablaosflamencos.com\/pt-pt\/circuito-andaluz-penas-flamencas-2026-recitais-gratuitos.html#breadcrumb","itemListElement":[{"@type":"ListItem","position":1,"name":"Home","item":"https:\/\/www.tablaosflamencos.com\/pt-pt"},{"@type":"ListItem","position":2,"name":"Circuito Andaluz de Pe\u00f1as 2026: 225 recitais de flamenco gratuitos"}]},{"@type":"WebSite","@id":"https:\/\/www.tablaosflamencos.com\/pt-pt#website","url":"https:\/\/www.tablaosflamencos.com\/pt-pt","name":"Tablaos Flamencos","description":"Entradas para tablaos flamencos de Espa\u00f1a","publisher":{"@id":"https:\/\/www.tablaosflamencos.com\/pt-pt#organization"},"alternateName":"Tablaos Flamencos","potentialAction":[{"@type":"SearchAction","target":{"@type":"EntryPoint","urlTemplate":"https:\/\/www.tablaosflamencos.com\/pt-pt?s={search_term_string}"},"query-input":{"@type":"PropertyValueSpecification","valueRequired":true,"valueName":"search_term_string"}}],"inLanguage":"pt-PT"},{"@type":["Organization","Place","EntertainmentBusiness"],"@id":"https:\/\/www.tablaosflamencos.com\/pt-pt#organization","name":"Tablaos Flamencos","alternateName":"Tablaos Flamencos","url":"https:\/\/www.tablaosflamencos.com\/pt-pt","logo":{"@id":"https:\/\/www.tablaosflamencos.com\/pt-pt\/circuito-andaluz-penas-flamencas-2026-recitais-gratuitos.html#local-main-organization-logo"},"image":{"@id":"https:\/\/www.tablaosflamencos.com\/pt-pt\/circuito-andaluz-penas-flamencas-2026-recitais-gratuitos.html#local-main-organization-logo"},"sameAs":["https:\/\/www.facebook.com\/tablaosflamencos","https:\/\/x.com\/tablaosflamenco","https:\/\/mastodon.social\/@tablaosflamencos","https:\/\/www.instagram.com\/tablaosflamencos","https:\/\/tiktok.com\/@tablaosflamencos","https:\/\/www.linkedin.com\/company\/109408238\/"],"description":"Venta de entradas para espect\u00e1culos flamencos","legalName":"Tablaos Flamencos","foundingDate":"2015-01-01","numberOfEmployees":{"@type":"QuantitativeValue","minValue":"1","maxValue":"10"},"address":{"@id":"https:\/\/www.tablaosflamencos.com\/pt-pt\/circuito-andaluz-penas-flamencas-2026-recitais-gratuitos.html#local-main-place-address"},"geo":{"@type":"GeoCoordinates","latitude":"37.3868072","longitude":"-5.993280299999999"},"telephone":["+34623787787"],"contactPoint":{"@type":"ContactPoint","telephone":"+34623787787","email":"info@tablaosflamencos.com"},"openingHoursSpecification":{"@type":"OpeningHoursSpecification","dayOfWeek":["Monday","Tuesday","Wednesday","Thursday","Friday","Saturday","Sunday"],"opens":"00:00","closes":"23:59"},"email":"info@tablaosflamencos.com","priceRange":"$$$","currenciesAccepted":"\u20ac"},{"@type":"Person","@id":"https:\/\/www.tablaosflamencos.com\/pt-pt#\/schema\/person\/e7a9ebe14eb75a52ceabfbffb3c54f5d","name":"Miguel Ortiz","description":"Miguel Ortiz es un empresario flamenco, con una s\u00f3lida trayectoria dentro del sector. Ha presidido entidades culturales vinculadas al flamenco y, cuenta con un amplio recorrido profesional en la gesti\u00f3n y promoci\u00f3n de espect\u00e1culos y tablaos flamencos. Su pasi\u00f3n por la historia y el arte flamenco se refleja en cada art\u00edculo, donde combina experiencia, criterio y un profundo respeto por la tradici\u00f3n.","sameAs":["https:\/\/www.tablaosflamencos.com","https:\/\/www.instagra.com\/miguelortizfe","https:\/\/www.linkedin.com\/in\/miguelortizf\/"],"birthDate":"1984-11-22","gender":"hombre","knowsLanguage":["espa\u00f1ol","ingl\u00e9s"],"jobTitle":"Empresario flamenco"},{"@type":"PostalAddress","@id":"https:\/\/www.tablaosflamencos.com\/pt-pt\/circuito-andaluz-penas-flamencas-2026-recitais-gratuitos.html#local-main-place-address","streetAddress":"C\/ Alemanes, 19","addressLocality":"Sevilla","postalCode":"41004","addressRegion":"Sevilla","addressCountry":"ES"},{"@type":"ImageObject","inLanguage":"pt-PT","@id":"https:\/\/www.tablaosflamencos.com\/pt-pt\/circuito-andaluz-penas-flamencas-2026-recitais-gratuitos.html#local-main-organization-logo","url":"https:\/\/www.tablaosflamencos.com\/wp-content\/uploads\/tablaos-flamencos-06-3.webp","contentUrl":"https:\/\/www.tablaosflamencos.com\/wp-content\/uploads\/tablaos-flamencos-06-3.webp","width":600,"height":620,"caption":"Tablaos Flamencos"}]},"geo.placename":"Sevilla","geo.position":{"lat":"37.3868072","long":"-5.993280299999999"},"geo.region":"Espanha"},"_links":{"self":[{"href":"https:\/\/www.tablaosflamencos.com\/pt-pt\/wp-json\/wp\/v2\/posts\/14324","targetHints":{"allow":["GET"]}}],"collection":[{"href":"https:\/\/www.tablaosflamencos.com\/pt-pt\/wp-json\/wp\/v2\/posts"}],"about":[{"href":"https:\/\/www.tablaosflamencos.com\/pt-pt\/wp-json\/wp\/v2\/types\/post"}],"author":[{"embeddable":true,"href":"https:\/\/www.tablaosflamencos.com\/pt-pt\/wp-json\/wp\/v2\/users\/1"}],"replies":[{"embeddable":true,"href":"https:\/\/www.tablaosflamencos.com\/pt-pt\/wp-json\/wp\/v2\/comments?post=14324"}],"version-history":[{"count":1,"href":"https:\/\/www.tablaosflamencos.com\/pt-pt\/wp-json\/wp\/v2\/posts\/14324\/revisions"}],"predecessor-version":[{"id":14360,"href":"https:\/\/www.tablaosflamencos.com\/pt-pt\/wp-json\/wp\/v2\/posts\/14324\/revisions\/14360"}],"wp:featuredmedia":[{"embeddable":true,"href":"https:\/\/www.tablaosflamencos.com\/pt-pt\/wp-json\/wp\/v2\/media\/14272"}],"wp:attachment":[{"href":"https:\/\/www.tablaosflamencos.com\/pt-pt\/wp-json\/wp\/v2\/media?parent=14324"}],"wp:term":[{"taxonomy":"category","embeddable":true,"href":"https:\/\/www.tablaosflamencos.com\/pt-pt\/wp-json\/wp\/v2\/categories?post=14324"},{"taxonomy":"post_tag","embeddable":true,"href":"https:\/\/www.tablaosflamencos.com\/pt-pt\/wp-json\/wp\/v2\/tags?post=14324"}],"curies":[{"name":"wp","href":"https:\/\/api.w.org\/{rel}","templated":true}]}}