{"id":14321,"date":"2026-09-03T23:19:23","date_gmt":"2026-09-03T21:19:23","guid":{"rendered":"https:\/\/www.tablaosflamencos.com\/?p=14321"},"modified":"2026-09-04T00:02:13","modified_gmt":"2026-09-03T22:02:13","slug":"onde-ver-flamenco-autentico-sevilha","status":"publish","type":"post","link":"https:\/\/www.tablaosflamencos.com\/pt-pt\/onde-ver-flamenco-autentico-sevilha.html","title":{"rendered":"Onde ver flamenco aut\u00eantico em Sevilha: como escolher um bom espet\u00e1culo"},"content":{"rendered":"<section class=\"l-section wpb_row height_huge\"><div class=\"l-section-h i-cf\"><div class=\"g-cols vc_row via_flex valign_top type_default stacking_default\"><div class=\"vc_col-sm-6 wpb_column vc_column_container\"><div class=\"vc_column-inner\"><div class=\"wpb_wrapper\"><div class=\"wpb_text_column\"><div class=\"wpb_wrapper\"><h2>Como encontrar flamenco aut\u00eantico em Sevilha sem cair em clich\u00e9s<\/h2>\n<p>Procurar <strong>onde ver flamenco aut\u00eantico em Sevilha<\/strong> parece simples at\u00e9 surgirem dezenas de salas, hor\u00e1rios e promessas semelhantes. A palavra \u00abaut\u00eantico\u00bb \u00e9 t\u00e3o utilizada que, por si s\u00f3, j\u00e1 n\u00e3o ajuda a escolher. Tamb\u00e9m n\u00e3o basta que o espa\u00e7o fique em Triana, tenha poucas mesas ou se apresente como um local \u00abn\u00e3o tur\u00edstico\u00bb.<\/p>\n<p>A autenticidade reconhece-se melhor no que acontece em palco: m\u00fasica e dan\u00e7a ao vivo, artistas que se escutam entre si, dom\u00ednio do comp\u00e1s, espa\u00e7o para improvisa\u00e7\u00e3o e uma sala que permite apreciar as nuances. Este guia explica como identificar esses sinais antes de reservar e prop\u00f5e v\u00e1rias experi\u00eancias em Sevilha de acordo com aquilo que realmente pretende viver.<\/p>\n<\/div><\/div><\/div><\/div><\/div><div class=\"vc_col-sm-6 wpb_column vc_column_container\"><div class=\"vc_column-inner\"><div class=\"wpb_wrapper\"><div class=\"w-image us_custom_09d4d40b has_aspect_ratio align_center\"><div class=\"w-image-h\"><img fetchpriority=\"high\" decoding=\"async\" width=\"1024\" height=\"683\" src=\"https:\/\/www.tablaosflamencos.com\/wp-content\/uploads\/donde-ver-flamenco-autentico-en-sevilla-como-elegir-un-buen-espectaculo-01-1-1024x683.webp\" class=\"attachment-large size-large\" alt=\"\" loading=\"eager\" srcset=\"https:\/\/www.tablaosflamencos.com\/wp-content\/uploads\/donde-ver-flamenco-autentico-en-sevilla-como-elegir-un-buen-espectaculo-01-1-1024x683.webp 1024w, https:\/\/www.tablaosflamencos.com\/wp-content\/uploads\/donde-ver-flamenco-autentico-en-sevilla-como-elegir-un-buen-espectaculo-01-1-300x200.webp 300w, https:\/\/www.tablaosflamencos.com\/wp-content\/uploads\/donde-ver-flamenco-autentico-en-sevilla-como-elegir-un-buen-espectaculo-01-1-600x400.webp 600w, https:\/\/www.tablaosflamencos.com\/wp-content\/uploads\/donde-ver-flamenco-autentico-en-sevilla-como-elegir-un-buen-espectaculo-01-1-150x100.webp 150w, https:\/\/www.tablaosflamencos.com\/wp-content\/uploads\/donde-ver-flamenco-autentico-en-sevilla-como-elegir-un-buen-espectaculo-01-1.webp 1536w\" sizes=\"auto, (max-width: 1024px) 100vw, 1024px\" \/><\/div><\/div><\/div><\/div><\/div><\/div><\/div><\/section><section class=\"l-section wpb_row height_huge\"><div class=\"l-section-h i-cf\"><div class=\"g-cols vc_row via_flex valign_top type_default stacking_default\"><div class=\"vc_col-sm-12 wpb_column vc_column_container\"><div class=\"vc_column-inner\"><div class=\"wpb_wrapper\"><div class=\"wpb_text_column\"><div class=\"wpb_wrapper\"><blockquote>\n<p style=\"margin: 0;\"><strong>Resposta r\u00e1pida:<\/strong> para ver flamenco aut\u00eantico em Sevilha, procure um espet\u00e1culo ao vivo em que canto, guitarra e dan\u00e7a dialoguem entre si; confirme que a ficha explica o formato, a dura\u00e7\u00e3o e o que est\u00e1 inclu\u00eddo no bilhete; e escolha a sala pela proximidade, ambiente e visibilidade, n\u00e3o apenas pelo bairro ou pela palavra \u00abaut\u00eantico\u00bb. Um tablao profissional pode ser t\u00e3o genu\u00edno como uma pe\u00f1a: a chave est\u00e1 na qualidade art\u00edstica e na forma como se vive a atua\u00e7\u00e3o.<\/p>\n<\/blockquote>\n<\/div><\/div><\/div><\/div><\/div><\/div><\/div><\/section><section class=\"l-section wpb_row height_huge with_shape\"><div class=\"l-section-overlay\" style=\"background:#f5f5f5\"><\/div><div class=\"l-section-shape type_zigzag pos_top\" style=\"height:3vmin;\"><svg xmlns=\"http:\/\/www.w3.org\/2000\/svg\" viewBox=\"0 0 64 8\" preserveAspectRatio=\"none\" width=\"100%\" height=\"100%\">\r\n\t<path fill=\"currentColor\" d=\"M64 8 L0 8 L0 0 L20 7.9 L40 3 L48 5 L64 0 Z\"\/>\r\n<\/svg><\/div><div class=\"l-section-shape type_zigzag pos_bottom\" style=\"height:3vmin;\"><svg xmlns=\"http:\/\/www.w3.org\/2000\/svg\" viewBox=\"0 0 64 8\" preserveAspectRatio=\"none\" width=\"100%\" height=\"100%\">\r\n\t<path fill=\"currentColor\" d=\"M64 8 L0 8 L0 0 L20 7.9 L40 3 L48 5 L64 0 Z\"\/>\r\n<\/svg><\/div><div class=\"l-section-h i-cf\"><div class=\"g-cols vc_row via_flex valign_middle type_default stacking_default\"><div class=\"vc_col-sm-3 wpb_column vc_column_container\"><div class=\"vc_column-inner\"><div class=\"wpb_wrapper\"><\/div><\/div><\/div><div class=\"vc_col-sm-6 wpb_column vc_column_container\"><div class=\"vc_column-inner\"><div class=\"wpb_wrapper\"><div class=\"wpb_text_column\"><div class=\"wpb_wrapper\"><h2>Conte\u00fado deste guia<\/h2>\n<ul>\n<li><a href=\"#que-significa\">O que significa realmente \u00abflamenco aut\u00eantico\u00bb<\/a><\/li>\n<li><a href=\"#formatos\">Tablao, pe\u00f1a, teatro ou bar: o que pode esperar<\/a><\/li>\n<li><a href=\"#senales\">Sete sinais de um bom espet\u00e1culo<\/a><\/li>\n<li><a href=\"#mitos\">Mitos que n\u00e3o ajudam a escolher<\/a><\/li>\n<li><a href=\"#donde-ver\">Onde ver flamenco em Sevilha de acordo com o seu programa<\/a><\/li>\n<li><a href=\"#zonas\">Centro, Santa Cruz ou Triana: a zona \u00e9 importante?<\/a><\/li>\n<li><a href=\"#reservar\">O que verificar antes de reservar<\/a><\/li>\n<li><a href=\"#faq\">Perguntas frequentes<\/a><\/li>\n<\/ul>\n<\/div><\/div><\/div><\/div><\/div><div class=\"vc_col-sm-3 wpb_column vc_column_container\"><div class=\"vc_column-inner\"><div class=\"wpb_wrapper\"><\/div><\/div><\/div><\/div><\/div><\/section><section class=\"l-section wpb_row height_huge\"><div class=\"l-section-h i-cf\"><div class=\"g-cols vc_row via_flex valign_top type_default stacking_default\"><div class=\"vc_col-sm-12 wpb_column vc_column_container\"><div class=\"vc_column-inner\"><div class=\"wpb_wrapper\"><div class=\"wpb_text_column\"><div class=\"wpb_wrapper\"><h2 id=\"que-significa\">O que significa realmente \u00abflamenco aut\u00eantico\u00bb<\/h2>\n<p>O flamenco n\u00e3o \u00e9 uma cena fixa que se repete de forma id\u00eantica todas as noites. \u00c9 uma linguagem art\u00edstica em que <strong>o canto, a guitarra, a dan\u00e7a e o comp\u00e1s<\/strong> se relacionam em tempo real. Pode existir uma estrutura prevista \u2014 uma ordem de palos, entradas, solos e finais \u2014, mas dentro dela h\u00e1 escuta, resposta e decis\u00f5es que pertencem \u00e0quele momento.<\/p>\n<p>Por isso, um espet\u00e1culo aut\u00eantico n\u00e3o tem de ser improvisado do princ\u00edpio ao fim nem carecer de produ\u00e7\u00e3o. O profissionalismo, uma ilumina\u00e7\u00e3o cuidada, uma boa organiza\u00e7\u00e3o ou a venda de bilhetes n\u00e3o retiram verdade ao flamenco. Pelo contr\u00e1rio: podem criar as condi\u00e7\u00f5es para que o quadro art\u00edstico trabalhe com concentra\u00e7\u00e3o e o p\u00fablico escute bem.<\/p>\n<p>A autenticidade tamb\u00e9m n\u00e3o depende de compreender todos os palos. Uma pessoa que assiste pela primeira vez consegue reconhecer v\u00e1rios sinais: a guitarra acompanha o canto em vez de se limitar a soar em fundo; as palmas sustentam o comp\u00e1s; a dan\u00e7a responde aos acentos; os artistas olham uns para os outros e d\u00e3o espa\u00e7o entre si; e os sil\u00eancios t\u00eam tanto peso como os momentos mais espetaculares.<\/p>\n<p>Conv\u00e9m ainda distinguir entre <strong>autenticidade e espontaneidade<\/strong>. Uma atua\u00e7\u00e3o que nasce num encontro privado pode ser espont\u00e2nea e valiosa, mas n\u00e3o \u00e9 uma op\u00e7\u00e3o que um viajante possa reservar. Um tablao oferece algo diferente: acesso regular a artistas profissionais e uma experi\u00eancia preparada para ser vista e ouvida. N\u00e3o reproduz uma festa familiar; apresenta flamenco de palco ao vivo. Avali\u00e1-lo pelo que \u00e9 evita expectativas erradas.<\/p>\n<p>A UNESCO inscreveu o flamenco na Lista Representativa do Patrim\u00f3nio Cultural Imaterial da Humanidade em 2010. Esse reconhecimento recorda que falamos de uma tradi\u00e7\u00e3o viva, transmitida e recriada por comunidades e artistas, n\u00e3o de um postal congelado. O tradicional e o contempor\u00e2neo podem coexistir desde que se mantenha o conhecimento da linguagem flamenca.<\/p>\n<\/div><\/div><\/div><\/div><\/div><\/div><\/div><\/section><section class=\"l-section wpb_row height_huge with_shape\"><div class=\"l-section-overlay\" style=\"background:#f5f5f5\"><\/div><div class=\"l-section-shape type_zigzag pos_top\" style=\"height:3vmin;\"><svg xmlns=\"http:\/\/www.w3.org\/2000\/svg\" viewBox=\"0 0 64 8\" preserveAspectRatio=\"none\" width=\"100%\" height=\"100%\">\r\n\t<path fill=\"currentColor\" d=\"M64 8 L0 8 L0 0 L20 7.9 L40 3 L48 5 L64 0 Z\"\/>\r\n<\/svg><\/div><div class=\"l-section-shape type_zigzag pos_bottom\" style=\"height:3vmin;\"><svg xmlns=\"http:\/\/www.w3.org\/2000\/svg\" viewBox=\"0 0 64 8\" preserveAspectRatio=\"none\" width=\"100%\" height=\"100%\">\r\n\t<path fill=\"currentColor\" d=\"M64 8 L0 8 L0 0 L20 7.9 L40 3 L48 5 L64 0 Z\"\/>\r\n<\/svg><\/div><div class=\"l-section-h i-cf\"><div class=\"g-cols vc_row via_flex valign_top type_default stacking_default\"><div class=\"vc_col-sm-12 wpb_column vc_column_container\"><div class=\"vc_column-inner\"><div class=\"wpb_wrapper\"><div class=\"wpb_text_column\"><div class=\"wpb_wrapper\"><h2 id=\"formatos\">Tablao, pe\u00f1a, teatro ou bar: o que pode esperar<\/h2>\n<p>Em Sevilha \u00e9 poss\u00edvel encontrar flamenco em espa\u00e7os muito diferentes. Nenhum formato det\u00e9m, por si s\u00f3, a exclusividade da autenticidade; cada um oferece uma rela\u00e7\u00e3o distinta entre artistas, p\u00fablico, calend\u00e1rio e palco.<\/p>\n<h3>Tablao flamenco<\/h3>\n<p>\u00c9 a op\u00e7\u00e3o mais fi\u00e1vel para quem visita a cidade durante poucos dias. Costuma oferecer espet\u00e1culos regulares, reserva antecipada e uma forma\u00e7\u00e3o que combina canto, guitarra e dan\u00e7a. A sua principal vantagem \u00e9 a <strong>proximidade do palco<\/strong>: mesmo quando a sala n\u00e3o \u00e9 pequena, o seu desenho procura fazer com que o p\u00fablico perceba o sapateado, a respira\u00e7\u00e3o e o di\u00e1logo do quadro.<\/p>\n<p>Um tablao recebe visitantes locais e estrangeiros. Isso descreve o seu p\u00fablico, n\u00e3o a qualidade da arte. O importante \u00e9 que a atua\u00e7\u00e3o seja ao vivo, que conte com artistas experientes e que o espet\u00e1culo n\u00e3o seja reduzido a uma anima\u00e7\u00e3o secund\u00e1ria.<\/p>\n<h3>Pe\u00f1a flamenca<\/h3>\n<p>As pe\u00f1as s\u00e3o associa\u00e7\u00f5es ligadas \u00e0 paix\u00e3o, divulga\u00e7\u00e3o e conviv\u00eancia flamenca. Podem programar recitais de enorme interesse e oferecer um ambiente muito pr\u00f3ximo da comunidade local. No entanto, o seu calend\u00e1rio tende a ser mais irregular, algumas atividades destinam-se aos s\u00f3cios e a informa\u00e7\u00e3o pr\u00e1tica pode n\u00e3o estar dispon\u00edvel com muita anteced\u00eancia.<\/p>\n<p>Se coincidir uma atua\u00e7\u00e3o aberta ao p\u00fablico durante a sua estadia, pode ser uma experi\u00eancia magn\u00edfica. Se tiver apenas uma noite livre, \u00e9 mais f\u00e1cil organizar um tablao com hor\u00e1rio confirmado.<\/p>\n<h3>Teatro e festival<\/h3>\n<p>Os teatros permitem produ\u00e7\u00f5es de maior dimens\u00e3o, cenografias complexas e companhias numerosas. A dist\u00e2ncia em rela\u00e7\u00e3o aos artistas pode ser maior, mas isso n\u00e3o torna a proposta menos aut\u00eantica. \u00c9 simplesmente outra escala. Festivais como a Bienal mostram at\u00e9 que ponto o flamenco pode dialogar com a dramaturgia, a dan\u00e7a contempor\u00e2nea e a cria\u00e7\u00e3o musical sem perder os seus fundamentos.<\/p>\n<h3>Bar ou atua\u00e7\u00e3o informal<\/h3>\n<p>Encontrar um momento espont\u00e2neo num bar pode ser inesquec\u00edvel, mas n\u00e3o conv\u00e9m transform\u00e1-lo no plano principal se precisar de certezas. Por vezes, a m\u00fasica \u00e9 apenas ambiente, a visibilidade \u00e9 limitada ou a atua\u00e7\u00e3o n\u00e3o inclui um quadro completo. Antes de ir, confirme se \u00e9 anunciado um verdadeiro espet\u00e1culo de flamenco, quem participa e se existe um hor\u00e1rio definido.<\/p>\n<p>Se j\u00e1 sabe que pretende um tablao e a sua d\u00favida \u00e9 escolher entre apenas o espet\u00e1culo, uma sala intimista, uma sess\u00e3o privada, jantar ou tapas, consulte tamb\u00e9m o nosso guia sobre <a href=\"https:\/\/www.tablaosflamencos.com\/como-elegir-flamenco-en-sevilla.html\">como escolher o formato de flamenco em Sevilha<\/a>. Este artigo trata de uma quest\u00e3o diferente: como reconhecer a qualidade e a autenticidade da proposta.<\/p>\n<\/div><\/div><\/div><\/div><\/div><\/div><\/div><\/section><section class=\"l-section wpb_row height_huge\"><div class=\"l-section-h i-cf\"><div class=\"g-cols vc_row via_flex valign_top type_default stacking_default\"><div class=\"vc_col-sm-6 wpb_column vc_column_container\"><div class=\"vc_column-inner\"><div class=\"wpb_wrapper\"><div class=\"wpb_text_column\"><div class=\"wpb_wrapper\"><h2 id=\"senales\">Sete sinais de um bom espet\u00e1culo de flamenco<\/h2>\n<h3>1. Canto, guitarra e dan\u00e7a apresentam-se como um conjunto<\/h3>\n<p>Nem todos os espet\u00e1culos precisam do mesmo n\u00famero de int\u00e9rpretes, mas uma ficha clara deve explicar que disciplinas participam. No formato cl\u00e1ssico de tablao, a rela\u00e7\u00e3o entre canto, guitarra e dan\u00e7a permite apreciar o flamenco como uma linguagem partilhada. As palmas e os jaleos n\u00e3o s\u00e3o decora\u00e7\u00e3o: sustentam a pulsa\u00e7\u00e3o e acompanham as mudan\u00e7as de intensidade.<\/p>\n<h3>2. A m\u00fasica \u00e9 ao vivo<\/h3>\n<p>A guitarra e o canto ao vivo permitem que o acompanhamento se adapte \u00e0 bailaora ou ao bailaor. Se uma oferta falar vagamente de \u00abambiente flamenco\u00bb mas n\u00e3o esclarecer se h\u00e1 artistas a atuar ao vivo, pe\u00e7a mais informa\u00e7\u00f5es. Uma grava\u00e7\u00e3o pode fazer parte pontualmente de uma cria\u00e7\u00e3o contempor\u00e2nea, mas n\u00e3o deve ser confundida com o quadro flamenco esperado por quem reserva um tablao.<\/p>\n<h3>3. H\u00e1 margem para que cada espet\u00e1culo tenha vida pr\u00f3pria<\/h3>\n<p>Um bom espet\u00e1culo pode ter estrutura e ensaios sem ser mec\u00e2nico. A escolha de uma letra, a dura\u00e7\u00e3o de uma llamada, uma falseta ou a resposta da dan\u00e7a alteram a fun\u00e7\u00e3o. Essa varia\u00e7\u00e3o percebe-se na aten\u00e7\u00e3o dos artistas: n\u00e3o executam pe\u00e7as isoladas, mas acompanham-se e desafiam-se dentro do comp\u00e1s.<\/p>\n<h3>4. A sala favorece a escuta e a visibilidade<\/h3>\n<p>Uma lota\u00e7\u00e3o pequena pode ajudar a perceber os detalhes, mas n\u00e3o \u00e9 uma garantia autom\u00e1tica. Tamb\u00e9m contam a disposi\u00e7\u00e3o das mesas, a altura do palco, a ac\u00fastica e as regras durante a atua\u00e7\u00e3o. Uma sala maior e bem concebida pode oferecer uma experi\u00eancia melhor do que um espa\u00e7o reduzido com fraca visibilidade.<\/p>\n<p>Quando existirem diferentes zonas de lugares, verifique o que muda entre elas. Se for importante observar o trabalho de p\u00e9s, um lugar frontal ou pr\u00f3ximo pode justificar a diferen\u00e7a. Se a sua prioridade for o canto e a guitarra, uma zona um pouco mais afastada mas com boa audi\u00e7\u00e3o tamb\u00e9m pode funcionar.<\/p>\n<\/div><\/div><\/div><\/div><\/div><div class=\"vc_col-sm-6 wpb_column vc_column_container\"><div class=\"vc_column-inner\"><div class=\"wpb_wrapper\"><div class=\"wpb_text_column\"><div class=\"wpb_wrapper\"><h3>5. A informa\u00e7\u00e3o do bilhete \u00e9 transparente<\/h3>\n<p>Um operador s\u00e9rio explica a dura\u00e7\u00e3o aproximada, o hor\u00e1rio, a anteced\u00eancia recomendada e se o bilhete inclui bebida, tapas ou jantar. Deve tamb\u00e9m distinguir claramente o tempo gastron\u00f3mico do tempo de espet\u00e1culo. Saber o que compra n\u00e3o determina a arte, mas evita que uma expectativa mal formulada estrague a experi\u00eancia.<\/p>\n<h3>6. A programa\u00e7\u00e3o confia em artistas profissionais<\/h3>\n<p>Os quadros podem rodar, algo habitual nos tablaos. Essa rota\u00e7\u00e3o n\u00e3o \u00e9 um sinal negativo: mant\u00e9m a programa\u00e7\u00e3o viva e permite reunir int\u00e9rpretes com percursos diferentes. Se viajar para ver uma figura espec\u00edfica, confirme o elenco da sua data. Se procura uma introdu\u00e7\u00e3o ao flamenco, avalie a qualidade do conjunto e n\u00e3o apenas a presen\u00e7a de um nome famoso.<\/p>\n<h3>7. O espet\u00e1culo ocupa o centro da noite<\/h3>\n<p>A gastronomia, a arquitetura e a localiza\u00e7\u00e3o podem enriquecer o programa, mas durante a atua\u00e7\u00e3o o palco deve ser protagonista. Observe como o espa\u00e7o descreve a pr\u00f3pria proposta: fala do quadro art\u00edstico e do formato ou apenas da decora\u00e7\u00e3o e da comida? Um bom tablao sabe explicar ambos os aspetos sem transformar o flamenco em m\u00fasica de fundo.<\/p>\n<\/div><\/div><\/div><\/div><\/div><\/div><\/div><\/section><section class=\"l-section wpb_row height_huge with_shape\"><div class=\"l-section-overlay\" style=\"background:#f5f5f5\"><\/div><div class=\"l-section-shape type_zigzag pos_top\" style=\"height:3vmin;\"><svg xmlns=\"http:\/\/www.w3.org\/2000\/svg\" viewBox=\"0 0 64 8\" preserveAspectRatio=\"none\" width=\"100%\" height=\"100%\">\r\n\t<path fill=\"currentColor\" d=\"M64 8 L0 8 L0 0 L20 7.9 L40 3 L48 5 L64 0 Z\"\/>\r\n<\/svg><\/div><div class=\"l-section-shape type_zigzag pos_bottom\" style=\"height:3vmin;\"><svg xmlns=\"http:\/\/www.w3.org\/2000\/svg\" viewBox=\"0 0 64 8\" preserveAspectRatio=\"none\" width=\"100%\" height=\"100%\">\r\n\t<path fill=\"currentColor\" d=\"M64 8 L0 8 L0 0 L20 7.9 L40 3 L48 5 L64 0 Z\"\/>\r\n<\/svg><\/div><div class=\"l-section-h i-cf\"><div class=\"g-cols vc_row via_flex valign_top type_default stacking_default\"><div class=\"vc_col-sm-6 wpb_column vc_column_container\"><div class=\"vc_column-inner\"><div class=\"wpb_wrapper\"><div class=\"wpb_text_column\"><div class=\"wpb_wrapper\"><h2 id=\"mitos\">Cinco mitos que n\u00e3o ajudam a escolher flamenco \u00aba s\u00e9rio\u00bb<\/h2>\n<h3>\u00abSe h\u00e1 turistas, n\u00e3o \u00e9 aut\u00eantico\u00bb<\/h3>\n<p>O facto de uma sala ser acess\u00edvel a viajantes n\u00e3o torna a atua\u00e7\u00e3o falsa. Sevilha apresenta a sua m\u00fasica e dan\u00e7a em contextos profissionais e p\u00fablicos h\u00e1 s\u00e9culos. Um tablao pode trabalhar para um p\u00fablico internacional e, ao mesmo tempo, respeitar o comp\u00e1s, contratar bons artistas e oferecer um espet\u00e1culo vivo.<\/p>\n<h3>\u00abS\u00f3 Triana tem flamenco verdadeiro\u00bb<\/h3>\n<p>Triana possui uma hist\u00f3ria flamenca essencial e merece ser percorrida com essa mem\u00f3ria. Mas o talento n\u00e3o termina na ponte. O centro hist\u00f3rico, Santa Cruz, a Encarnaci\u00f3n e outros bairros acolhem espa\u00e7os com propostas s\u00e9rias. O c\u00f3digo postal n\u00e3o substitui a avalia\u00e7\u00e3o do espet\u00e1culo.<\/p>\n<h3>\u00abQuanto mais pequeno for o espa\u00e7o, melhor\u00bb<\/h3>\n<p>A intimidade ajuda a perceber os detalhes, mas o tamanho \u00e9 apenas uma vari\u00e1vel. Importam as propor\u00e7\u00f5es do palco, a ac\u00fastica, a disposi\u00e7\u00e3o e o comportamento do p\u00fablico. Uma sala m\u00e9dia bem concebida pode oferecer verdadeira proximidade; um espa\u00e7o min\u00fasculo pode ser desconfort\u00e1vel ou ter \u00e2ngulos de vis\u00e3o deficientes.<\/p>\n<\/div><\/div><\/div><\/div><\/div><div class=\"vc_col-sm-6 wpb_column vc_column_container\"><div class=\"vc_column-inner\"><div class=\"wpb_wrapper\"><div class=\"wpb_text_column\"><div class=\"wpb_wrapper\"><h3>\u00abO jantar torna o flamenco menos puro\u00bb<\/h3>\n<p>N\u00e3o necessariamente. A diferen\u00e7a est\u00e1 na forma como o servi\u00e7o \u00e9 organizado. Quando a comida \u00e9 servida antes ou depois, ou se reduz o movimento nos momentos centrais, \u00e9 poss\u00edvel desfrutar de ambas as partes. Se for muito sens\u00edvel ao ru\u00eddo ou quiser concentra\u00e7\u00e3o absoluta, escolha apenas o espet\u00e1culo. Se procura uma noite completa, uma modalidade gastron\u00f3mica pode encaixar sem diminuir a qualidade art\u00edstica.<\/p>\n<h3>\u00abO pre\u00e7o mais elevado garante o melhor espet\u00e1culo\u00bb<\/h3>\n<p>O pre\u00e7o pode refletir a zona dos lugares, a dura\u00e7\u00e3o, o n\u00famero de artistas, as bebidas ou a gastronomia. Por si s\u00f3, n\u00e3o mede a emo\u00e7\u00e3o nem a mestria. Compare o que inclui cada bilhete e decida o que valoriza. A melhor escolha \u00e9 a que alinha espet\u00e1culo, visibilidade, hor\u00e1rio e or\u00e7amento.<\/p>\n<\/div><\/div><\/div><\/div><\/div><\/div><\/div><\/section><section class=\"l-section wpb_row height_huge\"><div class=\"l-section-h i-cf\"><div class=\"g-cols vc_row via_flex valign_top type_default stacking_default\"><div class=\"vc_col-sm-6 wpb_column vc_column_container\"><div class=\"vc_column-inner\"><div class=\"wpb_wrapper\"><div class=\"wpb_text_column\"><div class=\"wpb_wrapper\"><h2 id=\"donde-ver\">Onde ver flamenco aut\u00eantico em Sevilha consoante o tipo de experi\u00eancia<\/h2>\n<p>N\u00e3o existe um \u00fanico \u00abmelhor\u00bb tablao para todas as pessoas. Estas quatro op\u00e7\u00f5es atuais ajudam a compreender perfis diferentes sem transformar o guia numa classifica\u00e7\u00e3o. A programa\u00e7\u00e3o, os hor\u00e1rios e as modalidades podem mudar, pelo que conv\u00e9m consultar a ficha da data escolhida antes de reservar.<\/p>\n<h3>Casa Inquieta: arquitetura hist\u00f3rica e uma experi\u00eancia pr\u00f3xima<\/h3>\n<p><a href=\"https:\/\/www.tablaosflamencos.com\/tablao\/tablao-flamenco-casa-inquieta\">Tablao Flamenco Casa Inquieta<\/a> situa-se numa casa-pal\u00e1cio do s\u00e9culo XIX na Calle Zaragoza, em pleno centro. O seu espet\u00e1culo re\u00fane canto, guitarra e dan\u00e7a no Patio Magnolio e aposta na proximidade com o quadro. \u00c9 especialmente indicado se procura um ambiente sevilhano com car\u00e1cter, uma atua\u00e7\u00e3o direta e a possibilidade de completar a noite com gastronomia andaluza.<\/p>\n<h3>El Jard\u00edn de Murillo: flamenco junto a Santa Cruz<\/h3>\n<p><a href=\"https:\/\/www.tablaosflamencos.com\/tablao\/tablao-flamenco-el-jardin-de-murillo\">Tablao Flamenco El Jard\u00edn de Murillo<\/a> fica junto aos Jardins de Murillo, a poucos passos do Real Alc\u00e1zar e do bairro de Santa Cruz. Apresenta um formato com canto, guitarra e dan\u00e7a ao vivo, pensado para observar de perto o trabalho dos artistas. \u00c9 pr\u00e1tico para integrar o espet\u00e1culo num dia pelo centro hist\u00f3rico e oferece modalidades centradas na atua\u00e7\u00e3o ou op\u00e7\u00f5es com acompanhamento gastron\u00f3mico.<\/p>\n<\/div><\/div><\/div><\/div><\/div><div class=\"vc_col-sm-6 wpb_column vc_column_container\"><div class=\"vc_column-inner\"><div class=\"wpb_wrapper\"><div class=\"wpb_text_column\"><div class=\"wpb_wrapper\"><h3>Las Setas: tradi\u00e7\u00e3o flamenca num espa\u00e7o contempor\u00e2neo<\/h3>\n<p><a href=\"https:\/\/www.tablaosflamencos.com\/tablao\/tablao-flamenco-las-setas\">Tablao Flamenco Las Setas<\/a> fica dentro do Metropol Parasol, na Plaza de la Encarnaci\u00f3n. A sua proposta demonstra que uma est\u00e9tica moderna n\u00e3o \u00e9 incompat\u00edvel com o flamenco: combina um quadro numeroso, uma dura\u00e7\u00e3o mais longa do que muitos espet\u00e1culos e diferentes op\u00e7\u00f5es de lugares, cocktails e tapas. Pode ser adequado se valoriza uma produ\u00e7\u00e3o envolvente, uma localiza\u00e7\u00e3o muito reconhec\u00edvel e uma noite com v\u00e1rias componentes.<\/p>\n<h3>La Cantaora: ambiente de caf\u00e9 cantante e op\u00e7\u00f5es gastron\u00f3micas<\/h3>\n<p><a href=\"https:\/\/www.tablaosflamencos.com\/tablao\/tablao-flamenco-la-cantaora\">Tablao Flamenco La Cantaora<\/a>, perto da Plaza Nueva, inspira-se no ambiente dos antigos caf\u00e9s cantantes. A proposta d\u00e1 destaque \u00e0 improvisa\u00e7\u00e3o e a uma sala acolhedora, com modalidades que v\u00e3o do espet\u00e1culo com cocktail \u00e0s tapas ou ao jantar. \u00c9 uma alternativa indicada se gosta de um ambiente cl\u00e1ssico e pretende escolher o peso da gastronomia na noite.<\/p>\n<p>Estas recomenda\u00e7\u00f5es n\u00e3o significam que sejam as \u00fanicas op\u00e7\u00f5es v\u00e1lidas. Na nossa p\u00e1gina de <a href=\"https:\/\/www.tablaosflamencos.com\/flamenco-en-sevilla\">espet\u00e1culos de flamenco em Sevilha<\/a> pode comparar disponibilidade, localiza\u00e7\u00e3o e modalidades para a sua data.<\/p>\n<\/div><\/div><div class=\"w-separator size_medium\"><\/div><div class=\"w-btn-wrapper align_center\"><a class=\"w-btn us-btn-style_1 icon_atleft\" href=\"https:\/\/www.tablaosflamencos.com\/pt-pt\/flamenco-em-sevilha\"><i class=\"fas fa-ticket-alt\"><\/i><span class=\"w-btn-label\">Comparar espet\u00e1culos de flamenco em Sevilha<\/span><\/a><\/div><\/div><\/div><\/div><\/div><\/div><\/section><section class=\"l-section wpb_row height_huge with_shape\"><div class=\"l-section-overlay\" style=\"background:#f5f5f5\"><\/div><div class=\"l-section-shape type_zigzag pos_top\" style=\"height:3vmin;\"><svg xmlns=\"http:\/\/www.w3.org\/2000\/svg\" viewBox=\"0 0 64 8\" preserveAspectRatio=\"none\" width=\"100%\" height=\"100%\">\r\n\t<path fill=\"currentColor\" d=\"M64 8 L0 8 L0 0 L20 7.9 L40 3 L48 5 L64 0 Z\"\/>\r\n<\/svg><\/div><div class=\"l-section-shape type_zigzag pos_bottom\" style=\"height:3vmin;\"><svg xmlns=\"http:\/\/www.w3.org\/2000\/svg\" viewBox=\"0 0 64 8\" preserveAspectRatio=\"none\" width=\"100%\" height=\"100%\">\r\n\t<path fill=\"currentColor\" d=\"M64 8 L0 8 L0 0 L20 7.9 L40 3 L48 5 L64 0 Z\"\/>\r\n<\/svg><\/div><div class=\"l-section-h i-cf\"><div class=\"g-cols vc_row via_flex valign_top type_default stacking_default\"><div class=\"vc_col-sm-6 wpb_column vc_column_container\"><div class=\"vc_column-inner\"><div class=\"wpb_wrapper\"><div class=\"wpb_text_column\"><div class=\"wpb_wrapper\"><h2 id=\"zonas\">Centro, Santa Cruz ou Triana: a zona \u00e9 importante?<\/h2>\n<p>A zona \u00e9 importante para organizar a noite, mas n\u00e3o funciona como certificado de autenticidade. Escolher bem o bairro pode poupar desloca\u00e7\u00f5es e permitir chegar com calma, dois fatores que melhoram realmente a experi\u00eancia.<\/p>\n<h3>Centro hist\u00f3rico e Plaza Nueva<\/h3>\n<p>\u00c9 uma op\u00e7\u00e3o c\u00f3moda se estiver alojado perto da Catedral, do Arenal ou das ruas comerciais. Pode combinar passeio, jantar e espet\u00e1culo sem depender de transportes. Casa Inquieta e La Cantaora s\u00e3o exemplos de propostas centrais com personalidades diferentes.<\/p>\n<h3>Santa Cruz e zona do Alc\u00e1zar<\/h3>\n<p>Esta zona permite terminar uma tarde de visitas monumentais com um espet\u00e1culo acess\u00edvel a p\u00e9. El Jard\u00edn de Murillo integra-se especialmente bem depois de visitar o Alc\u00e1zar, a Catedral ou o antigo bairro judeu. A principal vantagem \u00e9 log\u00edstica; a qualidade deve ser avaliada segundo os mesmos crit\u00e9rios de qualquer outro bairro.<\/p>\n<\/div><\/div><\/div><\/div><\/div><div class=\"vc_col-sm-6 wpb_column vc_column_container\"><div class=\"vc_column-inner\"><div class=\"wpb_wrapper\"><div class=\"wpb_text_column\"><div class=\"wpb_wrapper\"><h3>La Encarnaci\u00f3n e Las Setas<\/h3>\n<p>A Plaza de la Encarnaci\u00f3n liga a Sevilha contempor\u00e2nea ao centro hist\u00f3rico. \u00c9 adequada se quiser juntar miradouro, passeio, tapas e espet\u00e1culo num raio reduzido. O tablao de Las Setas oferece ainda uma proposta visual mais moderna.<\/p>\n<h3>Triana<\/h3>\n<p>Triana \u00e9 indispens\u00e1vel para compreender parte da hist\u00f3ria social e art\u00edstica do flamenco sevilhano. Passear pelas suas ruas, aproximar-se do Altozano e atravessar a ponte acrescenta contexto, mas conv\u00e9m separar o valor hist\u00f3rico do bairro da promessa comercial de qualquer estabelecimento concreto. Consulte o nosso guia de <a href=\"https:\/\/www.tablaosflamencos.com\/flamenco-en-triana\">flamenco em Triana<\/a> para conhecer op\u00e7\u00f5es e organizar a visita.<\/p>\n<p>A regra pr\u00e1tica \u00e9 simples: escolha uma zona adequada ao seu itiner\u00e1rio e avalie depois o conte\u00fado art\u00edstico, a visibilidade e o formato. Chegar a correr do outro lado da cidade acrescenta menos do que escolher uma sala bem programada \u00e0 qual possa chegar com tempo.<\/p>\n<\/div><\/div><\/div><\/div><\/div><\/div><\/div><\/section><section class=\"l-section wpb_row height_huge\"><div class=\"l-section-h i-cf\"><div class=\"g-cols vc_row via_flex valign_top type_default stacking_default\"><div class=\"vc_col-sm-6 wpb_column vc_column_container\"><div class=\"vc_column-inner\"><div class=\"wpb_wrapper\"><div class=\"wpb_text_column\"><div class=\"wpb_wrapper\"><h2 id=\"reservar\">O que verificar antes de reservar um espet\u00e1culo<\/h2>\n<p>Uma revis\u00e3o de dois minutos pode evitar quase todas as desilus\u00f5es. Antes de pagar, confirme estes pontos:<\/p>\n<ul>\n<li><strong>Data e hora exatas:<\/strong> alguns espa\u00e7os oferecem v\u00e1rias sess\u00f5es e as modalidades podem variar entre elas.<\/li>\n<li><strong>Dura\u00e7\u00e3o:<\/strong> ajuda a organizar o jantar, os transportes e outras visitas sem sair antes do final.<\/li>\n<li><strong>Disciplinas e n\u00famero de artistas:<\/strong> procure informa\u00e7\u00f5es sobre canto, guitarra, dan\u00e7a e o formato do quadro.<\/li>\n<li><strong>Zona de lugares:<\/strong> verifique se o bilhete \u00e9 geral, preferencial ou de primeira fila e se os lugares s\u00e3o atribu\u00eddos por ordem de chegada.<\/li>\n<li><strong>O que inclui:<\/strong> distinga entre apenas o espet\u00e1culo, bebida, tapas ou jantar completo.<\/li>\n<li><strong>Momento do servi\u00e7o:<\/strong> se valoriza muito o sil\u00eancio, descubra se a comida \u00e9 servida antes, durante ou depois da atua\u00e7\u00e3o.<\/li>\n<li><strong>Hora de chegada:<\/strong> muitos tablaos recomendam chegar com 15 a 20 minutos de anteced\u00eancia. Confirme a indica\u00e7\u00e3o espec\u00edfica do seu bilhete.<\/li>\n<li><strong>Acessibilidade e menores:<\/strong> consulte as condi\u00e7\u00f5es espec\u00edficas se precisar de acesso sem barreiras, espa\u00e7o para cadeira de rodas ou viajar com crian\u00e7as.<\/li>\n<li><strong>Condi\u00e7\u00f5es de compra:<\/strong> leia as regras de altera\u00e7\u00f5es e cancelamentos antes de concluir a reserva.<\/li>\n<\/ul>\n<\/div><\/div><\/div><\/div><\/div><div class=\"vc_col-sm-6 wpb_column vc_column_container\"><div class=\"vc_column-inner\"><div class=\"wpb_wrapper\"><div class=\"wpb_text_column\"><div class=\"wpb_wrapper\"><p>Aos fins de semana, feriados e per\u00edodos de grande procura, reservar com anteced\u00eancia permite escolher melhor o hor\u00e1rio e a zona. Nem sempre \u00e9 necess\u00e1rio decidir com meses de anteced\u00eancia, mas esperar at\u00e9 chegar \u00e0 porta limita as op\u00e7\u00f5es e pode deix\u00e1-lo sem lugar.<\/p>\n<p>Se for a sua primeira vez, n\u00e3o precisa de escolher o bilhete mais completo. D\u00ea prioridade a um hor\u00e1rio c\u00f3modo, boa visibilidade e um formato que lhe permita concentrar-se. Se j\u00e1 conhece o flamenco, talvez queira comparar o elenco, o n\u00famero de artistas ou uma proposta mais longa. E se a noite for uma celebra\u00e7\u00e3o, a gastronomia e o ambiente podem pesar tanto como a proximidade do palco.<\/p>\n<p>Na p\u00e1gina <a href=\"https:\/\/www.tablaosflamencos.com\/como-reservar\">como reservar<\/a> encontrar\u00e1 o processo de compra e a informa\u00e7\u00e3o pr\u00e1tica para receber e apresentar os bilhetes.<\/p>\n<\/div><\/div><\/div><\/div><\/div><\/div><\/div><\/section><section class=\"l-section wpb_row height_huge color_alternate with_shape\"><div class=\"l-section-shape type_zigzag pos_top\" style=\"height:3vmin;\"><svg xmlns=\"http:\/\/www.w3.org\/2000\/svg\" viewBox=\"0 0 64 8\" preserveAspectRatio=\"none\" width=\"100%\" height=\"100%\">\r\n\t<path fill=\"currentColor\" d=\"M64 8 L0 8 L0 0 L20 7.9 L40 3 L48 5 L64 0 Z\"\/>\r\n<\/svg><\/div><div class=\"l-section-shape type_zigzag pos_bottom\" style=\"height:3vmin;\"><svg xmlns=\"http:\/\/www.w3.org\/2000\/svg\" viewBox=\"0 0 64 8\" preserveAspectRatio=\"none\" width=\"100%\" height=\"100%\">\r\n\t<path fill=\"currentColor\" d=\"M64 8 L0 8 L0 0 L20 7.9 L40 3 L48 5 L64 0 Z\"\/>\r\n<\/svg><\/div><div class=\"l-section-h i-cf\"><div class=\"g-cols vc_row via_flex valign_top type_default stacking_default\"><div class=\"vc_col-sm-1\/5 wpb_column vc_column_container\"><div class=\"vc_column-inner\"><div class=\"wpb_wrapper\"><\/div><\/div><\/div><div class=\"vc_col-sm-3\/5 wpb_column vc_column_container\"><div class=\"vc_column-inner\"><div class=\"wpb_wrapper\"><div class=\"wpb_text_column\"><div class=\"wpb_wrapper\"><h2>Checklist para escolher em 30 segundos<\/h2>\n<ol>\n<li>H\u00e1 canto, guitarra e dan\u00e7a ao vivo?<\/li>\n<li>A ficha explica a dura\u00e7\u00e3o, os artistas e a modalidade?<\/li>\n<li>Conseguir\u00e1 ver e ouvir bem a partir da sua zona?<\/li>\n<li>O servi\u00e7o de comida adequa-se \u00e0 forma como pretende desfrutar do espet\u00e1culo?<\/li>\n<li>A localiza\u00e7\u00e3o permite-lhe chegar com anteced\u00eancia?<\/li>\n<li>Conhece as condi\u00e7\u00f5es de acesso e compra?<\/li>\n<\/ol>\n<p>Se as respostas forem claras, estar\u00e1 a avaliar o espet\u00e1culo com crit\u00e9rios \u00fateis. As express\u00f5es \u00abpuro\u00bb, \u00ablocal\u00bb ou \u00abaut\u00eantico\u00bb podem descrever uma inten\u00e7\u00e3o, mas nunca substituem esta informa\u00e7\u00e3o.<\/p>\n<\/div><\/div><\/div><\/div><\/div><div class=\"vc_col-sm-1\/5 wpb_column vc_column_container\"><div class=\"vc_column-inner\"><div class=\"wpb_wrapper\"><\/div><\/div><\/div><\/div><\/div><\/section><section class=\"l-section wpb_row height_huge\"><div class=\"l-section-h i-cf\"><div class=\"g-cols vc_row via_flex valign_top type_default stacking_default\"><div class=\"vc_col-sm-12 wpb_column vc_column_container\"><div class=\"vc_column-inner\"><div class=\"wpb_wrapper\"><div class=\"wpb_text_column\"><div class=\"wpb_wrapper\"><h2>A melhor escolha \u00e9 aquela que lhe permite escutar de verdade<\/h2>\n<p>Ver bom flamenco em Sevilha n\u00e3o exige encontrar um local secreto nem demonstrar conhecimentos pr\u00e9vios. Exige escolher uma proposta em que os artistas atuem ao vivo, a sala respeite o espet\u00e1culo e a informa\u00e7\u00e3o seja transparente. O resto depende da sua viagem: pode preferir uma casa-pal\u00e1cio, a zona de Santa Cruz, uma arquitetura contempor\u00e2nea ou o ambiente de um caf\u00e9 cantante.<\/p>\n<p>N\u00e3o confunda autenticidade com desconforto, log\u00edstica improvisada ou aus\u00eancia de visitantes. O flamenco profissional tamb\u00e9m \u00e9 tradi\u00e7\u00e3o viva. Quando canto, guitarra e dan\u00e7a partilham comp\u00e1s e aten\u00e7\u00e3o, a emo\u00e7\u00e3o n\u00e3o precisa de palavra-passe.<\/p>\n<p>Compare as op\u00e7\u00f5es dispon\u00edveis para a sua data, reveja o formato e reserve a que melhor se adapta \u00e0 sua forma de viver a noite.<\/p>\n<\/div><\/div><div class=\"w-separator size_medium\"><\/div><div class=\"w-btn-wrapper align_center\"><a class=\"w-btn us-btn-style_1 icon_atleft\" href=\"https:\/\/www.tablaosflamencos.com\/pt-pt\/flamenco-em-sevilha\"><i class=\"fas fa-map-marked-alt\"><\/i><span class=\"w-btn-label\">Ver flamenco em Sevilha<\/span><\/a><\/div><\/div><\/div><\/div><\/div><\/div><\/section><section class=\"l-section wpb_row height_huge with_shape\"><div class=\"l-section-overlay\" style=\"background:#f5f5f5\"><\/div><div class=\"l-section-shape type_zigzag pos_top\" style=\"height:3vmin;\"><svg xmlns=\"http:\/\/www.w3.org\/2000\/svg\" viewBox=\"0 0 64 8\" preserveAspectRatio=\"none\" width=\"100%\" height=\"100%\">\r\n\t<path fill=\"currentColor\" d=\"M64 8 L0 8 L0 0 L20 7.9 L40 3 L48 5 L64 0 Z\"\/>\r\n<\/svg><\/div><div class=\"l-section-shape type_zigzag pos_bottom\" style=\"height:3vmin;\"><svg xmlns=\"http:\/\/www.w3.org\/2000\/svg\" viewBox=\"0 0 64 8\" preserveAspectRatio=\"none\" width=\"100%\" height=\"100%\">\r\n\t<path fill=\"currentColor\" d=\"M64 8 L0 8 L0 0 L20 7.9 L40 3 L48 5 L64 0 Z\"\/>\r\n<\/svg><\/div><div class=\"l-section-h i-cf\"><div class=\"g-cols vc_row via_flex valign_top type_default stacking_default\"><div class=\"vc_col-sm-1\/5 wpb_column vc_column_container\"><div class=\"vc_column-inner\"><div class=\"wpb_wrapper\"><\/div><\/div><\/div><div class=\"vc_col-sm-3\/5 wpb_column vc_column_container\"><div class=\"vc_column-inner\"><div class=\"wpb_wrapper\"><div class=\"wpb_text_column\"><div class=\"wpb_wrapper\"><h2 id=\"faq\">Perguntas frequentes sobre flamenco aut\u00eantico em Sevilha<\/h2>\n<\/div><\/div><div class=\"w-separator size_medium\"><\/div><div class=\"w-tabs accordion toggle_style_1\" style=\"--sections-title-size:inherit;--sections-gap:0.5rem;\"><div class=\"w-tabs-sections titles-align_none icon_chevron cpos_right\"><div class=\"w-tabs-section\" id=\"kcc5\" itemscope itemprop=\"mainEntity\" itemtype=\"https:\/\/schema.org\/Question\"><button type=\"button\" class=\"w-tabs-section-header\" aria-controls=\"content-kcc5\" aria-expanded=\"false\"><div class=\"w-tabs-section-title\" itemprop=\"name\">Como saber se um espet\u00e1culo de flamenco \u00e9 aut\u00eantico?<\/div><div class=\"w-tabs-section-control\"><\/div><\/button><div  class=\"w-tabs-section-content\" id=\"content-kcc5\" itemscope itemprop=\"acceptedAnswer\" itemtype=\"https:\/\/schema.org\/Answer\"><div class=\"w-tabs-section-content-h i-cf\" itemprop=\"text\"><div class=\"wpb_text_column\"><div class=\"wpb_wrapper\"><p>Procure m\u00fasica e dan\u00e7a ao vivo, presen\u00e7a de canto e guitarra, intera\u00e7\u00e3o entre os artistas, informa\u00e7\u00e3o clara sobre o quadro e uma sala que d\u00ea protagonismo \u00e0 atua\u00e7\u00e3o. O bairro, o tamanho do espa\u00e7o ou a quantidade de turistas n\u00e3o bastam para medir a autenticidade.<\/p>\n<\/div><\/div><\/div><\/div><\/div><div class=\"w-tabs-section\" id=\"fdd2\" itemscope itemprop=\"mainEntity\" itemtype=\"https:\/\/schema.org\/Question\"><button type=\"button\" class=\"w-tabs-section-header\" aria-controls=\"content-fdd2\" aria-expanded=\"false\"><div class=\"w-tabs-section-title\" itemprop=\"name\">Um tablao para turistas pode oferecer flamenco de qualidade?<\/div><div class=\"w-tabs-section-control\"><\/div><\/button><div  class=\"w-tabs-section-content\" id=\"content-fdd2\" itemscope itemprop=\"acceptedAnswer\" itemtype=\"https:\/\/schema.org\/Answer\"><div class=\"w-tabs-section-content-h i-cf\" itemprop=\"text\"><div class=\"wpb_text_column\"><div class=\"wpb_wrapper\"><p>Sim. A origem do p\u00fablico n\u00e3o determina a qualidade art\u00edstica. Muitos tablaos trabalham com int\u00e9rpretes profissionais e oferecem espet\u00e1culos vivos a uma audi\u00eancia internacional. Avalie o formato, os artistas, as condi\u00e7\u00f5es de escuta, a visibilidade e a transpar\u00eancia do bilhete.<\/p>\n<\/div><\/div><\/div><\/div><\/div><div class=\"w-tabs-section\" id=\"feb6\" itemscope itemprop=\"mainEntity\" itemtype=\"https:\/\/schema.org\/Question\"><button type=\"button\" class=\"w-tabs-section-header\" aria-controls=\"content-feb6\" aria-expanded=\"false\"><div class=\"w-tabs-section-title\" itemprop=\"name\">\u00c9 melhor ver flamenco em Triana ou no centro de Sevilha?<\/div><div class=\"w-tabs-section-control\"><\/div><\/button><div  class=\"w-tabs-section-content\" id=\"content-feb6\" itemscope itemprop=\"acceptedAnswer\" itemtype=\"https:\/\/schema.org\/Answer\"><div class=\"w-tabs-section-content-h i-cf\" itemprop=\"text\"><div class=\"wpb_text_column\"><div class=\"wpb_wrapper\"><p>N\u00e3o existe uma resposta universal. Triana oferece um contexto hist\u00f3rico fundamental, enquanto o centro, Santa Cruz e a Encarnaci\u00f3n re\u00fanem salas profissionais muito diferentes. Escolha primeiro pela qualidade e pelo formato; depois, pela zona que melhor se adapta ao seu itiner\u00e1rio.<\/p>\n<\/div><\/div><\/div><\/div><\/div><div class=\"w-tabs-section\" id=\"yf8c\" itemscope itemprop=\"mainEntity\" itemtype=\"https:\/\/schema.org\/Question\"><button type=\"button\" class=\"w-tabs-section-header\" aria-controls=\"content-yf8c\" aria-expanded=\"false\"><div class=\"w-tabs-section-title\" itemprop=\"name\">O que \u00e9 mais aut\u00eantico: um tablao ou uma pe\u00f1a flamenca?<\/div><div class=\"w-tabs-section-control\"><\/div><\/button><div  class=\"w-tabs-section-content\" id=\"content-yf8c\" itemscope itemprop=\"acceptedAnswer\" itemtype=\"https:\/\/schema.org\/Answer\"><div class=\"w-tabs-section-content-h i-cf\" itemprop=\"text\"><div class=\"wpb_text_column\"><div class=\"wpb_wrapper\"><p>Ambos podem oferecer flamenco aut\u00eantico. Uma pe\u00f1a costuma estar ligada a uma comunidade de aficionados e tem uma programa\u00e7\u00e3o mais irregular. Um tablao oferece espet\u00e1culos regulares, artistas profissionais e reserva antecipada, sendo mais pr\u00e1tico para uma visita curta.<\/p>\n<\/div><\/div><\/div><\/div><\/div><div class=\"w-tabs-section\" id=\"y06e\" itemscope itemprop=\"mainEntity\" itemtype=\"https:\/\/schema.org\/Question\"><button type=\"button\" class=\"w-tabs-section-header\" aria-controls=\"content-y06e\" aria-expanded=\"false\"><div class=\"w-tabs-section-title\" itemprop=\"name\">Conv\u00e9m escolher apenas o espet\u00e1culo ou flamenco com jantar?<\/div><div class=\"w-tabs-section-control\"><\/div><\/button><div  class=\"w-tabs-section-content\" id=\"content-y06e\" itemscope itemprop=\"acceptedAnswer\" itemtype=\"https:\/\/schema.org\/Answer\"><div class=\"w-tabs-section-content-h i-cf\" itemprop=\"text\"><div class=\"wpb_text_column\"><div class=\"wpb_wrapper\"><p>Se procura concentra\u00e7\u00e3o m\u00e1xima, a op\u00e7\u00e3o de apenas espet\u00e1culo costuma ser a mais direta. Se pretende uma noite completa, jantar ou tapas podem funcionar muito bem quando o servi\u00e7o est\u00e1 organizado para respeitar a atua\u00e7\u00e3o. Verifique quando \u00e9 servida a comida e o que est\u00e1 inclu\u00eddo no bilhete.<\/p>\n<\/div><\/div><\/div><\/div><\/div><div class=\"w-tabs-section\" id=\"q145\" itemscope itemprop=\"mainEntity\" itemtype=\"https:\/\/schema.org\/Question\"><button type=\"button\" class=\"w-tabs-section-header\" aria-controls=\"content-q145\" aria-expanded=\"false\"><div class=\"w-tabs-section-title\" itemprop=\"name\">Quanto costuma durar um espet\u00e1culo de flamenco em Sevilha?<\/div><div class=\"w-tabs-section-control\"><\/div><\/button><div  class=\"w-tabs-section-content\" id=\"content-q145\" itemscope itemprop=\"acceptedAnswer\" itemtype=\"https:\/\/schema.org\/Answer\"><div class=\"w-tabs-section-content-h i-cf\" itemprop=\"text\"><div class=\"wpb_text_column\"><div class=\"wpb_wrapper\"><p>A dura\u00e7\u00e3o varia consoante o espa\u00e7o e a proposta. Muitos espet\u00e1culos duram cerca de uma hora, enquanto outros se aproximam dos 75 ou 90 minutos. Consulte sempre a ficha da sua data e acrescente o tempo de chegada recomendado pelo tablao.<\/p>\n<\/div><\/div><\/div><\/div><\/div><div class=\"w-tabs-section\" id=\"n215\" itemscope itemprop=\"mainEntity\" itemtype=\"https:\/\/schema.org\/Question\"><button type=\"button\" class=\"w-tabs-section-header\" aria-controls=\"content-n215\" aria-expanded=\"false\"><div class=\"w-tabs-section-title\" itemprop=\"name\">\u00c9 necess\u00e1rio reservar flamenco com anteced\u00eancia?<\/div><div class=\"w-tabs-section-control\"><\/div><\/button><div  class=\"w-tabs-section-content\" id=\"content-n215\" itemscope itemprop=\"acceptedAnswer\" itemtype=\"https:\/\/schema.org\/Answer\"><div class=\"w-tabs-section-content-h i-cf\" itemprop=\"text\"><div class=\"wpb_text_column\"><div class=\"wpb_wrapper\"><p>\u00c9 recomend\u00e1vel, sobretudo aos fins de semana, nos feriados e na \u00e9poca alta. Reservar antecipadamente permite escolher hor\u00e1rio e modalidade e evita deslocar-se sem encontrar lugar. Se tiver uma data definida, n\u00e3o conv\u00e9m depender da disponibilidade \u00e0 porta.<\/p>\n<\/div><\/div><\/div><\/div><\/div><div class=\"w-tabs-section\" id=\"i2da\" itemscope itemprop=\"mainEntity\" itemtype=\"https:\/\/schema.org\/Question\"><button type=\"button\" class=\"w-tabs-section-header\" aria-controls=\"content-i2da\" aria-expanded=\"false\"><div class=\"w-tabs-section-title\" itemprop=\"name\">\u00c9 poss\u00edvel ir a um tablao flamenco com crian\u00e7as?<\/div><div class=\"w-tabs-section-control\"><\/div><\/button><div  class=\"w-tabs-section-content\" id=\"content-i2da\" itemscope itemprop=\"acceptedAnswer\" itemtype=\"https:\/\/schema.org\/Answer\"><div class=\"w-tabs-section-content-h i-cf\" itemprop=\"text\"><div class=\"wpb_text_column\"><div class=\"wpb_wrapper\"><p>Depende das condi\u00e7\u00f5es de cada sala e da idade das crian\u00e7as. Uma sess\u00e3o cedo e com dura\u00e7\u00e3o clara costuma ser mais f\u00e1cil para as fam\u00edlias. Confirme a pol\u00edtica infantil, a tarifa aplic\u00e1vel e as regras de acesso antes de comprar.<\/p>\n<\/div><\/div><\/div><\/div><\/div><\/div><\/div><\/div><\/div><\/div><div class=\"vc_col-sm-1\/5 wpb_column vc_column_container\"><div class=\"vc_column-inner\"><div class=\"wpb_wrapper\"><\/div><\/div><\/div><\/div><\/div><\/section>\n","protected":false},"excerpt":{"rendered":"<p>Guia pr\u00e1tico para reconhecer flamenco aut\u00eantico em Sevilha: sinais de qualidade, formatos, zonas, tablaos e conselhos para escolher um bom espet\u00e1culo.<\/p>\n","protected":false},"author":1,"featured_media":14266,"comment_status":"closed","ping_status":"closed","sticky":false,"template":"","format":"standard","meta":{"_acf_changed":false,"wpai_generated_summary":"","_ayudawp_aiss_exclude":false,"_ayudawp_aiss_exclude_summary":false,"_ayudawp_aiss_summary":"","_ayudawp_aiss_summary_provider":"","_ayudawp_aiss_summary_hash":"","footnotes":""},"categories":[357],"tags":[1916,1188,1927],"class_list":["post-14321","post","type-post","status-publish","format-standard","has-post-thumbnail","hentry","category-flamenco-por-cidades","tag-como-escolher-flamenco-sevilha","tag-flamenco-en-sevilla","tag-tablaos-flamencos-sevilha"],"acf":[],"yoast_head":"<!-- This site is optimized with the Yoast SEO Premium plugin v28.4 (Yoast SEO v28.4) - https:\/\/yoast.com\/product\/yoast-seo-premium-wordpress\/ -->\n<title>Onde ver flamenco aut\u00eantico em Sevilha | Guia<\/title>\n<meta name=\"description\" content=\"Descubra onde ver flamenco aut\u00eantico em Sevilha, como reconhecer um bom espet\u00e1culo e qual o tablao, a zona e a modalidade ideais para a visita.\" \/>\n<meta name=\"robots\" content=\"index, follow, max-snippet:-1, max-image-preview:large, max-video-preview:-1\" \/>\n<link rel=\"canonical\" href=\"https:\/\/www.tablaosflamencos.com\/pt-pt\/onde-ver-flamenco-autentico-sevilha.html\" \/>\n<meta property=\"og:locale\" content=\"pt_PT\" \/>\n<meta property=\"og:type\" content=\"article\" \/>\n<meta property=\"og:title\" content=\"Onde ver flamenco aut\u00eantico em Sevilha: como escolher um bom espet\u00e1culo\" \/>\n<meta property=\"og:description\" content=\"Descubra onde ver flamenco aut\u00eantico em Sevilha, como reconhecer um bom espet\u00e1culo e qual o tablao, a zona e a modalidade ideais para a visita.\" \/>\n<meta property=\"og:url\" content=\"https:\/\/www.tablaosflamencos.com\/pt-pt\/onde-ver-flamenco-autentico-sevilha.html\" \/>\n<meta property=\"og:site_name\" content=\"Tablaos Flamencos\" \/>\n<meta property=\"article:publisher\" content=\"https:\/\/www.facebook.com\/tablaosflamencos\" \/>\n<meta property=\"article:published_time\" content=\"2026-09-03T21:19:23+00:00\" \/>\n<meta property=\"article:modified_time\" content=\"2026-09-03T22:02:13+00:00\" \/>\n<meta property=\"og:image\" content=\"https:\/\/www.tablaosflamencos.com\/wp-content\/uploads\/donde-ver-flamenco-autentico-en-sevilla-como-elegir-un-buen-espectaculo-01.webp\" \/>\n\t<meta property=\"og:image:width\" content=\"1672\" \/>\n\t<meta property=\"og:image:height\" content=\"941\" \/>\n\t<meta property=\"og:image:type\" content=\"image\/webp\" \/>\n<meta name=\"author\" content=\"Miguel Ortiz\" \/>\n<meta name=\"twitter:card\" content=\"summary_large_image\" \/>\n<meta name=\"twitter:creator\" content=\"@tablaosflamenco\" \/>\n<meta name=\"twitter:site\" content=\"@tablaosflamenco\" \/>\n<meta name=\"twitter:label1\" content=\"Escrito por\" \/>\n\t<meta name=\"twitter:data1\" content=\"Miguel Ortiz\" \/>\n\t<meta name=\"twitter:label2\" content=\"Tempo estimado de leitura\" \/>\n\t<meta name=\"twitter:data2\" content=\"23 minutos\" \/>\n<script type=\"application\/ld+json\" class=\"yoast-schema-graph\">{\"@context\":\"https:\\\/\\\/schema.org\",\"@graph\":[{\"@type\":\"Article\",\"@id\":\"https:\\\/\\\/www.tablaosflamencos.com\\\/pt-pt\\\/onde-ver-flamenco-autentico-sevilha.html#article\",\"isPartOf\":{\"@id\":\"https:\\\/\\\/www.tablaosflamencos.com\\\/pt-pt\\\/onde-ver-flamenco-autentico-sevilha.html\"},\"author\":{\"name\":\"Miguel Ortiz\",\"@id\":\"https:\\\/\\\/www.tablaosflamencos.com\\\/pt-pt#\\\/schema\\\/person\\\/e7a9ebe14eb75a52ceabfbffb3c54f5d\"},\"headline\":\"Onde ver flamenco aut\u00eantico em Sevilha: como escolher um bom espet\u00e1culo\",\"datePublished\":\"2026-09-03T21:19:23+00:00\",\"dateModified\":\"2026-09-03T22:02:13+00:00\",\"mainEntityOfPage\":{\"@id\":\"https:\\\/\\\/www.tablaosflamencos.com\\\/pt-pt\\\/onde-ver-flamenco-autentico-sevilha.html\"},\"wordCount\":4556,\"publisher\":{\"@id\":\"https:\\\/\\\/www.tablaosflamencos.com\\\/pt-pt#organization\"},\"image\":{\"@id\":\"https:\\\/\\\/www.tablaosflamencos.com\\\/pt-pt\\\/onde-ver-flamenco-autentico-sevilha.html#primaryimage\"},\"thumbnailUrl\":\"https:\\\/\\\/www.tablaosflamencos.com\\\/wp-content\\\/uploads\\\/donde-ver-flamenco-autentico-en-sevilla-como-elegir-un-buen-espectaculo-01.webp\",\"keywords\":[\"como escolher flamenco em Sevilha\",\"flamenco en Sevilla\",\"tablaos flamencos em Sevilha\"],\"articleSection\":[\"Flamenco por cidades\"],\"inLanguage\":\"pt-PT\"},{\"@type\":\"WebPage\",\"@id\":\"https:\\\/\\\/www.tablaosflamencos.com\\\/pt-pt\\\/onde-ver-flamenco-autentico-sevilha.html\",\"url\":\"https:\\\/\\\/www.tablaosflamencos.com\\\/pt-pt\\\/onde-ver-flamenco-autentico-sevilha.html\",\"name\":\"Onde ver flamenco aut\u00eantico em Sevilha | Guia\",\"isPartOf\":{\"@id\":\"https:\\\/\\\/www.tablaosflamencos.com\\\/pt-pt#website\"},\"primaryImageOfPage\":{\"@id\":\"https:\\\/\\\/www.tablaosflamencos.com\\\/pt-pt\\\/onde-ver-flamenco-autentico-sevilha.html#primaryimage\"},\"image\":{\"@id\":\"https:\\\/\\\/www.tablaosflamencos.com\\\/pt-pt\\\/onde-ver-flamenco-autentico-sevilha.html#primaryimage\"},\"thumbnailUrl\":\"https:\\\/\\\/www.tablaosflamencos.com\\\/wp-content\\\/uploads\\\/donde-ver-flamenco-autentico-en-sevilla-como-elegir-un-buen-espectaculo-01.webp\",\"datePublished\":\"2026-09-03T21:19:23+00:00\",\"dateModified\":\"2026-09-03T22:02:13+00:00\",\"description\":\"Descubra onde ver flamenco aut\u00eantico em Sevilha, como reconhecer um bom espet\u00e1culo e qual o tablao, a zona e a modalidade ideais para a visita.\",\"breadcrumb\":{\"@id\":\"https:\\\/\\\/www.tablaosflamencos.com\\\/pt-pt\\\/onde-ver-flamenco-autentico-sevilha.html#breadcrumb\"},\"inLanguage\":\"pt-PT\",\"potentialAction\":[{\"@type\":\"ReadAction\",\"target\":[\"https:\\\/\\\/www.tablaosflamencos.com\\\/pt-pt\\\/onde-ver-flamenco-autentico-sevilha.html\"]}]},{\"@type\":\"ImageObject\",\"inLanguage\":\"pt-PT\",\"@id\":\"https:\\\/\\\/www.tablaosflamencos.com\\\/pt-pt\\\/onde-ver-flamenco-autentico-sevilha.html#primaryimage\",\"url\":\"https:\\\/\\\/www.tablaosflamencos.com\\\/wp-content\\\/uploads\\\/donde-ver-flamenco-autentico-en-sevilla-como-elegir-un-buen-espectaculo-01.webp\",\"contentUrl\":\"https:\\\/\\\/www.tablaosflamencos.com\\\/wp-content\\\/uploads\\\/donde-ver-flamenco-autentico-en-sevilla-como-elegir-un-buen-espectaculo-01.webp\",\"width\":1672,\"height\":941,\"caption\":\"D\u00f3nde ver flamenco aut\u00e9ntico en Sevilla: c\u00f3mo elegir un buen espect\u00e1culo\"},{\"@type\":\"BreadcrumbList\",\"@id\":\"https:\\\/\\\/www.tablaosflamencos.com\\\/pt-pt\\\/onde-ver-flamenco-autentico-sevilha.html#breadcrumb\",\"itemListElement\":[{\"@type\":\"ListItem\",\"position\":1,\"name\":\"Home\",\"item\":\"https:\\\/\\\/www.tablaosflamencos.com\\\/pt-pt\"},{\"@type\":\"ListItem\",\"position\":2,\"name\":\"Onde ver flamenco aut\u00eantico em Sevilha: como escolher um bom espet\u00e1culo\"}]},{\"@type\":\"WebSite\",\"@id\":\"https:\\\/\\\/www.tablaosflamencos.com\\\/pt-pt#website\",\"url\":\"https:\\\/\\\/www.tablaosflamencos.com\\\/pt-pt\",\"name\":\"Tablaos Flamencos\",\"description\":\"Entradas para tablaos flamencos de Espa\u00f1a\",\"publisher\":{\"@id\":\"https:\\\/\\\/www.tablaosflamencos.com\\\/pt-pt#organization\"},\"alternateName\":\"Tablaos Flamencos\",\"potentialAction\":[{\"@type\":\"SearchAction\",\"target\":{\"@type\":\"EntryPoint\",\"urlTemplate\":\"https:\\\/\\\/www.tablaosflamencos.com\\\/pt-pt?s={search_term_string}\"},\"query-input\":{\"@type\":\"PropertyValueSpecification\",\"valueRequired\":true,\"valueName\":\"search_term_string\"}}],\"inLanguage\":\"pt-PT\"},{\"@type\":[\"Organization\",\"Place\",\"EntertainmentBusiness\"],\"@id\":\"https:\\\/\\\/www.tablaosflamencos.com\\\/pt-pt#organization\",\"name\":\"Tablaos Flamencos\",\"alternateName\":\"Tablaos Flamencos\",\"url\":\"https:\\\/\\\/www.tablaosflamencos.com\\\/pt-pt\",\"logo\":{\"@id\":\"https:\\\/\\\/www.tablaosflamencos.com\\\/pt-pt\\\/onde-ver-flamenco-autentico-sevilha.html#local-main-organization-logo\"},\"image\":{\"@id\":\"https:\\\/\\\/www.tablaosflamencos.com\\\/pt-pt\\\/onde-ver-flamenco-autentico-sevilha.html#local-main-organization-logo\"},\"sameAs\":[\"https:\\\/\\\/www.facebook.com\\\/tablaosflamencos\",\"https:\\\/\\\/x.com\\\/tablaosflamenco\",\"https:\\\/\\\/mastodon.social\\\/@tablaosflamencos\",\"https:\\\/\\\/www.instagram.com\\\/tablaosflamencos\",\"https:\\\/\\\/tiktok.com\\\/@tablaosflamencos\",\"https:\\\/\\\/www.linkedin.com\\\/company\\\/109408238\\\/\"],\"description\":\"Venta de entradas para espect\u00e1culos flamencos\",\"legalName\":\"Tablaos Flamencos\",\"foundingDate\":\"2015-01-01\",\"numberOfEmployees\":{\"@type\":\"QuantitativeValue\",\"minValue\":\"1\",\"maxValue\":\"10\"},\"address\":{\"@id\":\"https:\\\/\\\/www.tablaosflamencos.com\\\/pt-pt\\\/onde-ver-flamenco-autentico-sevilha.html#local-main-place-address\"},\"geo\":{\"@type\":\"GeoCoordinates\",\"latitude\":\"37.3868072\",\"longitude\":\"-5.993280299999999\"},\"telephone\":[\"+34623787787\"],\"contactPoint\":{\"@type\":\"ContactPoint\",\"telephone\":\"+34623787787\",\"email\":\"info@tablaosflamencos.com\"},\"openingHoursSpecification\":{\"@type\":\"OpeningHoursSpecification\",\"dayOfWeek\":[\"Monday\",\"Tuesday\",\"Wednesday\",\"Thursday\",\"Friday\",\"Saturday\",\"Sunday\"],\"opens\":\"00:00\",\"closes\":\"23:59\"},\"email\":\"info@tablaosflamencos.com\",\"priceRange\":\"$$$\",\"currenciesAccepted\":\"\u20ac\"},{\"@type\":\"Person\",\"@id\":\"https:\\\/\\\/www.tablaosflamencos.com\\\/pt-pt#\\\/schema\\\/person\\\/e7a9ebe14eb75a52ceabfbffb3c54f5d\",\"name\":\"Miguel Ortiz\",\"description\":\"Miguel Ortiz es un empresario flamenco, con una s\u00f3lida trayectoria dentro del sector. Ha presidido entidades culturales vinculadas al flamenco y, cuenta con un amplio recorrido profesional en la gesti\u00f3n y promoci\u00f3n de espect\u00e1culos y tablaos flamencos. Su pasi\u00f3n por la historia y el arte flamenco se refleja en cada art\u00edculo, donde combina experiencia, criterio y un profundo respeto por la tradici\u00f3n.\",\"sameAs\":[\"https:\\\/\\\/www.tablaosflamencos.com\",\"https:\\\/\\\/www.instagra.com\\\/miguelortizfe\",\"https:\\\/\\\/www.linkedin.com\\\/in\\\/miguelortizf\\\/\"],\"birthDate\":\"1984-11-22\",\"gender\":\"hombre\",\"knowsLanguage\":[\"espa\u00f1ol\",\"ingl\u00e9s\"],\"jobTitle\":\"Empresario flamenco\"},{\"@type\":\"PostalAddress\",\"@id\":\"https:\\\/\\\/www.tablaosflamencos.com\\\/pt-pt\\\/onde-ver-flamenco-autentico-sevilha.html#local-main-place-address\",\"streetAddress\":\"C\\\/ Alemanes, 19\",\"addressLocality\":\"Sevilla\",\"postalCode\":\"41004\",\"addressRegion\":\"Sevilla\",\"addressCountry\":\"ES\"},{\"@type\":\"ImageObject\",\"inLanguage\":\"pt-PT\",\"@id\":\"https:\\\/\\\/www.tablaosflamencos.com\\\/pt-pt\\\/onde-ver-flamenco-autentico-sevilha.html#local-main-organization-logo\",\"url\":\"https:\\\/\\\/www.tablaosflamencos.com\\\/wp-content\\\/uploads\\\/tablaos-flamencos-06-3.webp\",\"contentUrl\":\"https:\\\/\\\/www.tablaosflamencos.com\\\/wp-content\\\/uploads\\\/tablaos-flamencos-06-3.webp\",\"width\":600,\"height\":620,\"caption\":\"Tablaos Flamencos\"}]}<\/script>\n<meta name=\"geo.placename\" content=\"Sevilla\" \/>\n<meta name=\"geo.position\" content=\"37.3868072;-5.993280299999999\" \/>\n<meta name=\"geo.region\" content=\"Espanha\" \/>\n<!-- \/ Yoast SEO Premium plugin. -->","yoast_head_json":{"title":"Onde ver flamenco aut\u00eantico em Sevilha | Guia","description":"Descubra onde ver flamenco aut\u00eantico em Sevilha, como reconhecer um bom espet\u00e1culo e qual o tablao, a zona e a modalidade ideais para a visita.","robots":{"index":"index","follow":"follow","max-snippet":"max-snippet:-1","max-image-preview":"max-image-preview:large","max-video-preview":"max-video-preview:-1"},"canonical":"https:\/\/www.tablaosflamencos.com\/pt-pt\/onde-ver-flamenco-autentico-sevilha.html","og_locale":"pt_PT","og_type":"article","og_title":"Onde ver flamenco aut\u00eantico em Sevilha: como escolher um bom espet\u00e1culo","og_description":"Descubra onde ver flamenco aut\u00eantico em Sevilha, como reconhecer um bom espet\u00e1culo e qual o tablao, a zona e a modalidade ideais para a visita.","og_url":"https:\/\/www.tablaosflamencos.com\/pt-pt\/onde-ver-flamenco-autentico-sevilha.html","og_site_name":"Tablaos Flamencos","article_publisher":"https:\/\/www.facebook.com\/tablaosflamencos","article_published_time":"2026-09-03T21:19:23+00:00","article_modified_time":"2026-09-03T22:02:13+00:00","og_image":[{"width":1672,"height":941,"url":"https:\/\/www.tablaosflamencos.com\/wp-content\/uploads\/donde-ver-flamenco-autentico-en-sevilla-como-elegir-un-buen-espectaculo-01.webp","type":"image\/webp"}],"author":"Miguel Ortiz","twitter_card":"summary_large_image","twitter_creator":"@tablaosflamenco","twitter_site":"@tablaosflamenco","twitter_misc":{"Escrito por":"Miguel Ortiz","Tempo estimado de leitura":"23 minutos"},"schema":{"@context":"https:\/\/schema.org","@graph":[{"@type":"Article","@id":"https:\/\/www.tablaosflamencos.com\/pt-pt\/onde-ver-flamenco-autentico-sevilha.html#article","isPartOf":{"@id":"https:\/\/www.tablaosflamencos.com\/pt-pt\/onde-ver-flamenco-autentico-sevilha.html"},"author":{"name":"Miguel Ortiz","@id":"https:\/\/www.tablaosflamencos.com\/pt-pt#\/schema\/person\/e7a9ebe14eb75a52ceabfbffb3c54f5d"},"headline":"Onde ver flamenco aut\u00eantico em Sevilha: como escolher um bom espet\u00e1culo","datePublished":"2026-09-03T21:19:23+00:00","dateModified":"2026-09-03T22:02:13+00:00","mainEntityOfPage":{"@id":"https:\/\/www.tablaosflamencos.com\/pt-pt\/onde-ver-flamenco-autentico-sevilha.html"},"wordCount":4556,"publisher":{"@id":"https:\/\/www.tablaosflamencos.com\/pt-pt#organization"},"image":{"@id":"https:\/\/www.tablaosflamencos.com\/pt-pt\/onde-ver-flamenco-autentico-sevilha.html#primaryimage"},"thumbnailUrl":"https:\/\/www.tablaosflamencos.com\/wp-content\/uploads\/donde-ver-flamenco-autentico-en-sevilla-como-elegir-un-buen-espectaculo-01.webp","keywords":["como escolher flamenco em Sevilha","flamenco en Sevilla","tablaos flamencos em Sevilha"],"articleSection":["Flamenco por cidades"],"inLanguage":"pt-PT"},{"@type":"WebPage","@id":"https:\/\/www.tablaosflamencos.com\/pt-pt\/onde-ver-flamenco-autentico-sevilha.html","url":"https:\/\/www.tablaosflamencos.com\/pt-pt\/onde-ver-flamenco-autentico-sevilha.html","name":"Onde ver flamenco aut\u00eantico em Sevilha | Guia","isPartOf":{"@id":"https:\/\/www.tablaosflamencos.com\/pt-pt#website"},"primaryImageOfPage":{"@id":"https:\/\/www.tablaosflamencos.com\/pt-pt\/onde-ver-flamenco-autentico-sevilha.html#primaryimage"},"image":{"@id":"https:\/\/www.tablaosflamencos.com\/pt-pt\/onde-ver-flamenco-autentico-sevilha.html#primaryimage"},"thumbnailUrl":"https:\/\/www.tablaosflamencos.com\/wp-content\/uploads\/donde-ver-flamenco-autentico-en-sevilla-como-elegir-un-buen-espectaculo-01.webp","datePublished":"2026-09-03T21:19:23+00:00","dateModified":"2026-09-03T22:02:13+00:00","description":"Descubra onde ver flamenco aut\u00eantico em Sevilha, como reconhecer um bom espet\u00e1culo e qual o tablao, a zona e a modalidade ideais para a visita.","breadcrumb":{"@id":"https:\/\/www.tablaosflamencos.com\/pt-pt\/onde-ver-flamenco-autentico-sevilha.html#breadcrumb"},"inLanguage":"pt-PT","potentialAction":[{"@type":"ReadAction","target":["https:\/\/www.tablaosflamencos.com\/pt-pt\/onde-ver-flamenco-autentico-sevilha.html"]}]},{"@type":"ImageObject","inLanguage":"pt-PT","@id":"https:\/\/www.tablaosflamencos.com\/pt-pt\/onde-ver-flamenco-autentico-sevilha.html#primaryimage","url":"https:\/\/www.tablaosflamencos.com\/wp-content\/uploads\/donde-ver-flamenco-autentico-en-sevilla-como-elegir-un-buen-espectaculo-01.webp","contentUrl":"https:\/\/www.tablaosflamencos.com\/wp-content\/uploads\/donde-ver-flamenco-autentico-en-sevilla-como-elegir-un-buen-espectaculo-01.webp","width":1672,"height":941,"caption":"D\u00f3nde ver flamenco aut\u00e9ntico en Sevilla: c\u00f3mo elegir un buen espect\u00e1culo"},{"@type":"BreadcrumbList","@id":"https:\/\/www.tablaosflamencos.com\/pt-pt\/onde-ver-flamenco-autentico-sevilha.html#breadcrumb","itemListElement":[{"@type":"ListItem","position":1,"name":"Home","item":"https:\/\/www.tablaosflamencos.com\/pt-pt"},{"@type":"ListItem","position":2,"name":"Onde ver flamenco aut\u00eantico em Sevilha: como escolher um bom espet\u00e1culo"}]},{"@type":"WebSite","@id":"https:\/\/www.tablaosflamencos.com\/pt-pt#website","url":"https:\/\/www.tablaosflamencos.com\/pt-pt","name":"Tablaos Flamencos","description":"Entradas para tablaos flamencos de Espa\u00f1a","publisher":{"@id":"https:\/\/www.tablaosflamencos.com\/pt-pt#organization"},"alternateName":"Tablaos Flamencos","potentialAction":[{"@type":"SearchAction","target":{"@type":"EntryPoint","urlTemplate":"https:\/\/www.tablaosflamencos.com\/pt-pt?s={search_term_string}"},"query-input":{"@type":"PropertyValueSpecification","valueRequired":true,"valueName":"search_term_string"}}],"inLanguage":"pt-PT"},{"@type":["Organization","Place","EntertainmentBusiness"],"@id":"https:\/\/www.tablaosflamencos.com\/pt-pt#organization","name":"Tablaos Flamencos","alternateName":"Tablaos Flamencos","url":"https:\/\/www.tablaosflamencos.com\/pt-pt","logo":{"@id":"https:\/\/www.tablaosflamencos.com\/pt-pt\/onde-ver-flamenco-autentico-sevilha.html#local-main-organization-logo"},"image":{"@id":"https:\/\/www.tablaosflamencos.com\/pt-pt\/onde-ver-flamenco-autentico-sevilha.html#local-main-organization-logo"},"sameAs":["https:\/\/www.facebook.com\/tablaosflamencos","https:\/\/x.com\/tablaosflamenco","https:\/\/mastodon.social\/@tablaosflamencos","https:\/\/www.instagram.com\/tablaosflamencos","https:\/\/tiktok.com\/@tablaosflamencos","https:\/\/www.linkedin.com\/company\/109408238\/"],"description":"Venta de entradas para espect\u00e1culos flamencos","legalName":"Tablaos Flamencos","foundingDate":"2015-01-01","numberOfEmployees":{"@type":"QuantitativeValue","minValue":"1","maxValue":"10"},"address":{"@id":"https:\/\/www.tablaosflamencos.com\/pt-pt\/onde-ver-flamenco-autentico-sevilha.html#local-main-place-address"},"geo":{"@type":"GeoCoordinates","latitude":"37.3868072","longitude":"-5.993280299999999"},"telephone":["+34623787787"],"contactPoint":{"@type":"ContactPoint","telephone":"+34623787787","email":"info@tablaosflamencos.com"},"openingHoursSpecification":{"@type":"OpeningHoursSpecification","dayOfWeek":["Monday","Tuesday","Wednesday","Thursday","Friday","Saturday","Sunday"],"opens":"00:00","closes":"23:59"},"email":"info@tablaosflamencos.com","priceRange":"$$$","currenciesAccepted":"\u20ac"},{"@type":"Person","@id":"https:\/\/www.tablaosflamencos.com\/pt-pt#\/schema\/person\/e7a9ebe14eb75a52ceabfbffb3c54f5d","name":"Miguel Ortiz","description":"Miguel Ortiz es un empresario flamenco, con una s\u00f3lida trayectoria dentro del sector. Ha presidido entidades culturales vinculadas al flamenco y, cuenta con un amplio recorrido profesional en la gesti\u00f3n y promoci\u00f3n de espect\u00e1culos y tablaos flamencos. Su pasi\u00f3n por la historia y el arte flamenco se refleja en cada art\u00edculo, donde combina experiencia, criterio y un profundo respeto por la tradici\u00f3n.","sameAs":["https:\/\/www.tablaosflamencos.com","https:\/\/www.instagra.com\/miguelortizfe","https:\/\/www.linkedin.com\/in\/miguelortizf\/"],"birthDate":"1984-11-22","gender":"hombre","knowsLanguage":["espa\u00f1ol","ingl\u00e9s"],"jobTitle":"Empresario flamenco"},{"@type":"PostalAddress","@id":"https:\/\/www.tablaosflamencos.com\/pt-pt\/onde-ver-flamenco-autentico-sevilha.html#local-main-place-address","streetAddress":"C\/ Alemanes, 19","addressLocality":"Sevilla","postalCode":"41004","addressRegion":"Sevilla","addressCountry":"ES"},{"@type":"ImageObject","inLanguage":"pt-PT","@id":"https:\/\/www.tablaosflamencos.com\/pt-pt\/onde-ver-flamenco-autentico-sevilha.html#local-main-organization-logo","url":"https:\/\/www.tablaosflamencos.com\/wp-content\/uploads\/tablaos-flamencos-06-3.webp","contentUrl":"https:\/\/www.tablaosflamencos.com\/wp-content\/uploads\/tablaos-flamencos-06-3.webp","width":600,"height":620,"caption":"Tablaos Flamencos"}]},"geo.placename":"Sevilla","geo.position":{"lat":"37.3868072","long":"-5.993280299999999"},"geo.region":"Espanha"},"_links":{"self":[{"href":"https:\/\/www.tablaosflamencos.com\/pt-pt\/wp-json\/wp\/v2\/posts\/14321","targetHints":{"allow":["GET"]}}],"collection":[{"href":"https:\/\/www.tablaosflamencos.com\/pt-pt\/wp-json\/wp\/v2\/posts"}],"about":[{"href":"https:\/\/www.tablaosflamencos.com\/pt-pt\/wp-json\/wp\/v2\/types\/post"}],"author":[{"embeddable":true,"href":"https:\/\/www.tablaosflamencos.com\/pt-pt\/wp-json\/wp\/v2\/users\/1"}],"replies":[{"embeddable":true,"href":"https:\/\/www.tablaosflamencos.com\/pt-pt\/wp-json\/wp\/v2\/comments?post=14321"}],"version-history":[{"count":1,"href":"https:\/\/www.tablaosflamencos.com\/pt-pt\/wp-json\/wp\/v2\/posts\/14321\/revisions"}],"predecessor-version":[{"id":14354,"href":"https:\/\/www.tablaosflamencos.com\/pt-pt\/wp-json\/wp\/v2\/posts\/14321\/revisions\/14354"}],"wp:featuredmedia":[{"embeddable":true,"href":"https:\/\/www.tablaosflamencos.com\/pt-pt\/wp-json\/wp\/v2\/media\/14266"}],"wp:attachment":[{"href":"https:\/\/www.tablaosflamencos.com\/pt-pt\/wp-json\/wp\/v2\/media?parent=14321"}],"wp:term":[{"taxonomy":"category","embeddable":true,"href":"https:\/\/www.tablaosflamencos.com\/pt-pt\/wp-json\/wp\/v2\/categories?post=14321"},{"taxonomy":"post_tag","embeddable":true,"href":"https:\/\/www.tablaosflamencos.com\/pt-pt\/wp-json\/wp\/v2\/tags?post=14321"}],"curies":[{"name":"wp","href":"https:\/\/api.w.org\/{rel}","templated":true}]}}