{"id":14286,"date":"2026-09-03T22:54:58","date_gmt":"2026-09-03T20:54:58","guid":{"rendered":"https:\/\/www.tablaosflamencos.com\/?p=14286"},"modified":"2026-09-03T23:48:07","modified_gmt":"2026-09-03T21:48:07","slug":"flamenco-sevilha-bienal-2026-espetaculos-fora-programacao-oficial","status":"publish","type":"post","link":"https:\/\/www.tablaosflamencos.com\/pt-pt\/flamenco-sevilha-bienal-2026-espetaculos-fora-programacao-oficial.html","title":{"rendered":"Flamenco em Sevilha durante a Bienal: onde ver espet\u00e1culos al\u00e9m da programa\u00e7\u00e3o oficial"},"content":{"rendered":"<section class=\"l-section wpb_row height_huge\"><div class=\"l-section-h i-cf\"><div class=\"g-cols vc_row via_flex valign_top type_default stacking_default\"><div class=\"vc_col-sm-6 wpb_column vc_column_container\"><div class=\"vc_column-inner\"><div class=\"wpb_wrapper\"><div class=\"wpb_text_column\"><div class=\"wpb_wrapper\"><h2>A Bienal n\u00e3o \u00e9 o \u00fanico lugar onde ver flamenco em Sevilha<\/h2>\n<p>Durante a <strong>Bienal de Flamenco de Sevilha 2026<\/strong>, a cidade vive quase quatro semanas de atividade intensa: grandes produ\u00e7\u00f5es, estreias, recitais, espet\u00e1culos de baile, concertos de guitarra e propostas distribu\u00eddas por teatros e espa\u00e7os patrimoniais. Mas o flamenco de Sevilha n\u00e3o come\u00e7a nem termina na programa\u00e7\u00e3o oficial.<\/p>\n<p>Enquanto a Bienal decorre entre <strong>9 de setembro e 3 de outubro de 2026<\/strong>, os tablaos da cidade mant\u00eam a sua atividade habitual. Isso abre uma possibilidade especialmente interessante para quem viaja a Sevilha nessas datas: combinar uma sess\u00e3o oficial com um espet\u00e1culo de tablao e conhecer duas formas muito diferentes \u2014 e complementares \u2014 de viver o flamenco.<\/p>\n<\/div><\/div><\/div><\/div><\/div><div class=\"vc_col-sm-6 wpb_column vc_column_container\"><div class=\"vc_column-inner\"><div class=\"wpb_wrapper\"><div class=\"wpb_text_column\"><div class=\"wpb_wrapper\"><h2>Duas formas complementares de viver o flamenco<\/h2>\n<p>A Bienal permite assistir a grandes produ\u00e7\u00f5es, estreias absolutas e encontros concebidos para uma ocasi\u00e3o concreta. O tablao oferece outra escala: artistas a poucos metros, cante, baile e guitarra numa rela\u00e7\u00e3o direta com o p\u00fablico, formatos de aproximadamente uma hora e uma programa\u00e7\u00e3o muito mais f\u00e1cil de integrar numa tarde ou numa noite de turismo pela cidade.<\/p>\n<p><strong>A ideia deste guia n\u00e3o \u00e9 escolher entre Bienal ou tablao, mas ajudar a combinar ambos os formatos durante uma estadia em Sevilha.<\/strong><\/p>\n<\/div><\/div><\/div><\/div><\/div><\/div><\/div><\/section><section class=\"l-section wpb_row height_huge color_alternate with_shape\"><div class=\"l-section-shape type_zigzag pos_top hor_flip\" style=\"height:3vmin;\"><svg xmlns=\"http:\/\/www.w3.org\/2000\/svg\" viewBox=\"0 0 64 8\" preserveAspectRatio=\"none\" width=\"100%\" height=\"100%\">\r\n\t<path fill=\"currentColor\" d=\"M64 8 L0 8 L0 0 L20 7.9 L40 3 L48 5 L64 0 Z\"\/>\r\n<\/svg><\/div><div class=\"l-section-shape type_zigzag pos_bottom\" style=\"height:3vmin;\"><svg xmlns=\"http:\/\/www.w3.org\/2000\/svg\" viewBox=\"0 0 64 8\" preserveAspectRatio=\"none\" width=\"100%\" height=\"100%\">\r\n\t<path fill=\"currentColor\" d=\"M64 8 L0 8 L0 0 L20 7.9 L40 3 L48 5 L64 0 Z\"\/>\r\n<\/svg><\/div><div class=\"l-section-h i-cf\"><div class=\"g-cols vc_row via_flex valign_top type_default stacking_default\"><div class=\"vc_col-sm-12 wpb_column vc_column_container\"><div class=\"vc_column-inner\"><div class=\"wpb_wrapper\"><div class=\"wpb_text_column\"><div class=\"wpb_wrapper\"><blockquote>\n<p><strong>Resposta r\u00e1pida:<\/strong> durante a Bienal de Flamenco 2026 pode continuar a ver flamenco fora da programa\u00e7\u00e3o oficial em numerosos tablaos de Sevilha. No centro destacam-se op\u00e7\u00f5es em torno de Las Setas, Plaza Nueva, Santa Cruz, calle Zaragoza e Corral del Rey; em Triana tamb\u00e9m h\u00e1 espet\u00e1culos regulares junto ao Guadalquivir. Se vai ficar v\u00e1rios dias, uma das melhores formas de compreender o flamenco de Sevilha \u00e9 combinar pelo menos uma grande sess\u00e3o da Bienal com uma noite de tablao.<\/p>\n<\/blockquote>\n<p><strong>\u00daltima atualiza\u00e7\u00e3o: 3 de setembro de 2026.<\/strong> Os hor\u00e1rios, pre\u00e7os e disponibilidade dos tablaos podem mudar consoante a data. Conv\u00e9m verificar sempre os lugares realmente dispon\u00edveis antes de organizar a noite.<\/p>\n<\/div><\/div><div class=\"w-separator size_medium\"><\/div><div class=\"w-hwrapper valign_top wrap stack_on_mobiles align_center\" style=\"--hwrapper-gap:1.2rem\"><div class=\"w-btn-wrapper align_none\"><a class=\"w-btn us-btn-style_1\" href=\"https:\/\/www.tablaosflamencos.com\/pt-pt\/flamenco-em-sevilha\"><span class=\"w-btn-label\">Ver flamenco dispon\u00edvel em Sevilha<\/span><\/a><\/div><div class=\"w-btn-wrapper align_none\"><a class=\"w-btn us-btn-style_1\" href=\"https:\/\/www.tablaosflamencos.com\/pt-pt\/bienal-flamenco-sevilha-2026.html\"><span class=\"w-btn-label\">Guia completo da Bienal 2026<\/span><\/a><\/div><\/div><\/div><\/div><\/div><\/div><\/div><\/section><section class=\"l-section wpb_row height_huge\"><div class=\"l-section-h i-cf\"><div class=\"g-cols vc_row via_flex valign_top type_default stacking_default\"><div class=\"vc_col-sm-3 wpb_column vc_column_container\"><div class=\"vc_column-inner\"><div class=\"wpb_wrapper\"><\/div><\/div><\/div><div class=\"vc_col-sm-6 wpb_column vc_column_container\"><div class=\"vc_column-inner\"><div class=\"wpb_wrapper\"><div class=\"wpb_text_column\"><div class=\"wpb_wrapper\"><h2>Conte\u00fado deste guia<\/h2>\n<ul>\n<li><a href=\"#dos-formatos\">Bienal e tablao: dois formatos que se complementam<\/a><\/li>\n<li><a href=\"#donde-ver\">Onde ver flamenco em Sevilha fora da Bienal<\/a><\/li>\n<li><a href=\"#las-setas\">Las Setas e zona norte do centro<\/a><\/li>\n<li><a href=\"#santa-cruz\">Santa Cruz e zona do Alc\u00e1zar<\/a><\/li>\n<li><a href=\"#centro\">Centro hist\u00f3rico, Plaza Nueva e Arenal<\/a><\/li>\n<li><a href=\"#triana\">Triana: atravessar o rio para completar a experi\u00eancia<\/a><\/li>\n<li><a href=\"#comparativa\">Tabela comparativa<\/a><\/li>\n<li><a href=\"#combinar\">Como combinar Bienal e tablao na mesma viagem<\/a><\/li>\n<li><a href=\"#elegir\">Que tablao escolher de acordo com o tipo de experi\u00eancia<\/a><\/li>\n<li><a href=\"#reservar\">Porque conv\u00e9m reservar durante a Bienal<\/a><\/li>\n<li><a href=\"#faq\">Perguntas frequentes<\/a><\/li>\n<\/ul>\n<\/div><\/div><\/div><\/div><\/div><div class=\"vc_col-sm-3 wpb_column vc_column_container\"><div class=\"vc_column-inner\"><div class=\"wpb_wrapper\"><\/div><\/div><\/div><\/div><\/div><\/section><section class=\"l-section wpb_row height_huge color_alternate with_shape\"><div class=\"l-section-shape type_zigzag pos_top\" style=\"height:3vmin;\"><svg xmlns=\"http:\/\/www.w3.org\/2000\/svg\" viewBox=\"0 0 64 8\" preserveAspectRatio=\"none\" width=\"100%\" height=\"100%\">\r\n\t<path fill=\"currentColor\" d=\"M64 8 L0 8 L0 0 L20 7.9 L40 3 L48 5 L64 0 Z\"\/>\r\n<\/svg><\/div><div class=\"l-section-shape type_zigzag pos_bottom\" style=\"height:3vmin;\"><svg xmlns=\"http:\/\/www.w3.org\/2000\/svg\" viewBox=\"0 0 64 8\" preserveAspectRatio=\"none\" width=\"100%\" height=\"100%\">\r\n\t<path fill=\"currentColor\" d=\"M64 8 L0 8 L0 0 L20 7.9 L40 3 L48 5 L64 0 Z\"\/>\r\n<\/svg><\/div><div class=\"l-section-h i-cf\"><div class=\"g-cols vc_row via_flex valign_top type_default stacking_default\"><div class=\"vc_col-sm-6 wpb_column vc_column_container\"><div class=\"vc_column-inner\"><div class=\"wpb_wrapper\"><div class=\"wpb_text_column\"><div class=\"wpb_wrapper\"><h2 id=\"dos-formatos\">A Bienal: grande formato, cria\u00e7\u00e3o e car\u00e1ter excecional<\/h2>\n<p>Uma das ideias mais \u00fateis para organizar uma viagem flamenca a Sevilha \u00e9 deixar de pensar na Bienal e nos tablaos como alternativas mutuamente exclusivas. Na realidade, mostram duas dimens\u00f5es diferentes da mesma arte.<\/p>\n<p>A <strong>Bienal<\/strong> concentra cria\u00e7\u00f5es concebidas para teatros, grandes formatos, estreias, encontros singulares e espet\u00e1culos que muitas vezes n\u00e3o voltar\u00e3o a ser apresentados da mesma forma. A experi\u00eancia depende tanto do artista como do projeto c\u00e9nico, do espa\u00e7o, da ilumina\u00e7\u00e3o, da dramaturgia ou do pr\u00f3prio car\u00e1ter excecional do encontro.<\/p>\n<\/div><\/div><\/div><\/div><\/div><div class=\"vc_col-sm-6 wpb_column vc_column_container\"><div class=\"vc_column-inner\"><div class=\"wpb_wrapper\"><div class=\"wpb_text_column\"><div class=\"wpb_wrapper\"><h2>O tablao: proximidade, direto e di\u00e1logo entre artistas<\/h2>\n<p>O <strong>tablao<\/strong> funciona de outra forma. O centro est\u00e1 no direto: um quadro de artistas, uma escala reduzida, uma dist\u00e2ncia f\u00edsica m\u00ednima entre palco e p\u00fablico e uma estrutura que deixa espa\u00e7o ao di\u00e1logo entre cante, guitarra e baile. Mesmo existindo uma base art\u00edstica definida, a noite tem uma componente imediata que muda com os int\u00e9rpretes e com a forma como respondem uns aos outros.<\/p>\n<p>Por isso, quem vir apenas produ\u00e7\u00f5es da Bienal conhecer\u00e1 uma parte extraordin\u00e1ria do flamenco contempor\u00e2neo; quem acrescentar um tablao poder\u00e1 observar tamb\u00e9m como funciona a arte a curta dist\u00e2ncia, sem a media\u00e7\u00e3o de uma grande caixa c\u00e9nica.<\/p>\n<\/div><\/div><\/div><\/div><\/div><\/div><\/div><\/section><section class=\"l-section wpb_row height_huge\"><div class=\"l-section-h i-cf\"><div class=\"g-cols vc_row via_flex valign_top type_default stacking_default\"><div class=\"vc_col-sm-12 wpb_column vc_column_container\"><div class=\"vc_column-inner\"><div class=\"wpb_wrapper\"><div class=\"wpb_text_column\"><div class=\"wpb_wrapper\"><h2 id=\"donde-ver\" style=\"text-align: center;\">Onde ver flamenco em Sevilha durante a Bienal, al\u00e9m da programa\u00e7\u00e3o oficial<\/h2>\n<p style=\"text-align: center;\">Sevilha conta com uma oferta est\u00e1vel de tablaos durante todo o ano. Durante a Bienal essa rede continua a funcionar e pode ser especialmente \u00fatil tanto para quem quer ampliar a viagem como para quem prefere deixar algumas noites sem sess\u00e3o oficial.<\/p>\n<p style=\"text-align: center;\">N\u00e3o apresentamos a sele\u00e7\u00e3o seguinte como um ranking. O melhor tablao depender\u00e1 da zona onde est\u00e1, do hor\u00e1rio de que precisa, do tamanho de sala que prefere, se quer acrescentar gastronomia e, sobretudo, da <strong>disponibilidade real para a sua data<\/strong>.<\/p>\n<\/div><\/div><\/div><\/div><\/div><\/div><\/div><\/section><section class=\"l-section wpb_row height_huge color_alternate with_shape\"><div class=\"l-section-shape type_zigzag pos_top hor_flip\" style=\"height:3vmin;\"><svg xmlns=\"http:\/\/www.w3.org\/2000\/svg\" viewBox=\"0 0 64 8\" preserveAspectRatio=\"none\" width=\"100%\" height=\"100%\">\r\n\t<path fill=\"currentColor\" d=\"M64 8 L0 8 L0 0 L20 7.9 L40 3 L48 5 L64 0 Z\"\/>\r\n<\/svg><\/div><div class=\"l-section-shape type_zigzag pos_bottom\" style=\"height:3vmin;\"><svg xmlns=\"http:\/\/www.w3.org\/2000\/svg\" viewBox=\"0 0 64 8\" preserveAspectRatio=\"none\" width=\"100%\" height=\"100%\">\r\n\t<path fill=\"currentColor\" d=\"M64 8 L0 8 L0 0 L20 7.9 L40 3 L48 5 L64 0 Z\"\/>\r\n<\/svg><\/div><div class=\"l-section-h i-cf\"><div class=\"g-cols vc_row via_flex valign_top type_default stacking_default\"><div class=\"vc_col-sm-6 wpb_column vc_column_container\"><div class=\"vc_column-inner\"><div class=\"wpb_wrapper\"><div class=\"wpb_text_column\"><div class=\"wpb_wrapper\"><h2 id=\"las-setas\">Las Setas: flexibilidade na zona norte do centro<\/h2>\n<p>A zona da Plaza de la Encarnaci\u00f3n \u00e9 especialmente c\u00f3moda se estiver a percorrer a parte norte do centro, a Alameda, Regina, Feria ou Santa Catalina. Aqui encontra-se <strong>Tablao Flamenco Las Setas<\/strong>, uma das op\u00e7\u00f5es com maior flexibilidade de hor\u00e1rios na cidade.<\/p>\n<p>A sua programa\u00e7\u00e3o regular de sess\u00f5es facilita algo que durante a Bienal pode ser decisivo: encontrar um espet\u00e1culo sem ter de reorganizar todo o dia. O formato dura aproximadamente uma hora e re\u00fane cante, guitarra e baile num espa\u00e7o preparado especificamente para flamenco ao vivo.<\/p>\n<p><strong>Pode interessar-lhe se:<\/strong><\/p>\n<ul>\n<li>est\u00e1 alojado na zona norte do centro ou perto de Las Setas;<\/li>\n<li>quer v\u00e1rias possibilidades de hor\u00e1rio;<\/li>\n<li>procura um espet\u00e1culo de aproximadamente uma hora;<\/li>\n<li>prefere integrar o flamenco num dia de visitas pelo centro hist\u00f3rico.<\/li>\n<\/ul>\n<\/div><\/div><\/div><\/div><\/div><div class=\"vc_col-sm-6 wpb_column vc_column_container\"><div class=\"vc_column-inner\"><div class=\"wpb_wrapper\"><div class=\"wpb_text_column\"><div class=\"wpb_wrapper\"><h2 id=\"santa-cruz\">Santa Cruz e zona do Alc\u00e1zar<\/h2>\n<p>Se o seu dia gira em torno do Real Alc\u00e1zar, da Catedral, da Giralda ou do Bairro de Santa Cruz, n\u00e3o \u00e9 necess\u00e1rio deslocar-se ao outro extremo de Sevilha para terminar o dia com flamenco.<\/p>\n<p><strong>Tablao Flamenco El Jard\u00edn de Murillo<\/strong>, junto ao paseo de Catalina de Ribera, oferece um formato de aproximadamente uma hora com cante, guitarra e baile. A localiza\u00e7\u00e3o \u00e9 a sua grande vantagem estrat\u00e9gica durante a Bienal: permite passar de uma tarde monumental para um espet\u00e1culo de flamenco sem grandes desloca\u00e7\u00f5es.<\/p>\n<p>Al\u00e9m disso, as modalidades dispon\u00edveis podem incluir bebida ou propostas gastron\u00f3micas simples, pelo que \u00e9 \u00fatil tanto para quem quer centrar-se apenas no espet\u00e1culo como para quem procura completar a noite.<\/p>\n<\/div><\/div><div class=\"w-separator size_medium\"><\/div><div class=\"w-hwrapper valign_top wrap stack_on_mobiles align_center\" style=\"--hwrapper-gap:1.2rem\"><div class=\"w-btn-wrapper align_none\"><a class=\"w-btn us-btn-style_1\" href=\"https:\/\/www.tablaosflamencos.com\/pt-pt\/tablao\/tablao-flamenco-el-jardin-de-murillo\"><span class=\"w-btn-label\">Ver El Jard\u00edn de Murillo<\/span><\/a><\/div><\/div><\/div><\/div><\/div><\/div><\/div><\/section><section class=\"l-section wpb_row height_huge\"><div class=\"l-section-h i-cf\"><div class=\"g-cols vc_row via_flex valign_top type_default stacking_default\"><div class=\"vc_col-sm-12 wpb_column vc_column_container\"><div class=\"vc_column-inner\"><div class=\"wpb_wrapper\"><div class=\"wpb_text_column\"><div class=\"wpb_wrapper\"><h2 id=\"centro\" style=\"text-align: center;\">Centro hist\u00f3rico, Plaza Nueva e Arenal: tr\u00eas formas diferentes de viver o tablao<\/h2>\n<\/div><\/div><div class=\"g-cols wpb_row via_flex valign_top type_default stacking_default\"><div class=\"vc_col-sm-6 wpb_column vc_column_container\"><div class=\"vc_column-inner\"><div class=\"wpb_wrapper\"><div class=\"wpb_text_column\"><div class=\"wpb_wrapper\"><h3>Casa Duende Tablao: formato pequeno e muito pr\u00f3ximo<\/h3>\n<p><strong>Casa Duende Tablao<\/strong>, em Corral del Rey, funciona numa sala de capacidade reduzida com um espet\u00e1culo de cerca de 50\u201360 minutos. A proposta combina solos e momentos de conjunto at\u00e9 chegar ao fin de fiesta, com modalidades que podem acrescentar degusta\u00e7\u00e3o ou mesa.<\/p>\n<p>\u00c9 uma op\u00e7\u00e3o especialmente interessante para quem procura uma escala \u00edntima e quer ter a sensa\u00e7\u00e3o de que o palco est\u00e1 realmente a poucos passos.<\/p>\n<\/div><\/div><div class=\"w-separator size_medium\"><\/div><div class=\"w-hwrapper valign_top wrap stack_on_mobiles align_center\" style=\"--hwrapper-gap:1.2rem\"><div class=\"w-btn-wrapper align_none\"><a class=\"w-btn us-btn-style_1\" href=\"https:\/\/www.tablaosflamencos.com\/pt-pt\/tablao\/casa-duende-tablao\"><span class=\"w-btn-label\">Ver Casa Duende Tablao<\/span><\/a><\/div><\/div><\/div><\/div><\/div><div class=\"vc_col-sm-6 wpb_column vc_column_container\"><div class=\"vc_column-inner\"><div class=\"wpb_wrapper\"><div class=\"wpb_text_column\"><div class=\"wpb_wrapper\"><h3>Casa Inquieta: flamenco numa casa-pal\u00e1cio do s\u00e9culo XIX<\/h3>\n<p>Na calle Zaragoza, <strong>Tablao Flamenco Casa Inquieta<\/strong> acrescenta \u00e0 experi\u00eancia o valor do pr\u00f3prio espa\u00e7o. O espet\u00e1culo decorre numa casa-pal\u00e1cio do s\u00e9culo XIX e re\u00fane um quadro de cinco artistas durante aproximadamente uma hora.<\/p>\n<p>Pode resultar muito bem para quem quer permanecer em pleno centro, circular por Arenal ou Plaza Nueva e escolher uma experi\u00eancia em que arquitetura, ambiente e proximidade fa\u00e7am parte do plano.<\/p>\n<\/div><\/div><div class=\"w-separator size_medium\"><\/div><div class=\"w-hwrapper valign_top wrap stack_on_mobiles align_center\" style=\"--hwrapper-gap:1.2rem\"><div class=\"w-btn-wrapper align_none\"><a class=\"w-btn us-btn-style_1\" href=\"https:\/\/www.tablaosflamencos.com\/pt-pt\/tablao\/tablao-flamenco-casa-inquieta\"><span class=\"w-btn-label\">Ver Casa Inquieta<\/span><\/a><\/div><\/div><\/div><\/div><\/div><\/div><\/div><\/div><\/div><\/div><\/div><\/section><section class=\"l-section wpb_row height_huge color_alternate with_shape\"><div class=\"l-section-shape type_zigzag pos_top\" style=\"height:3vmin;\"><svg xmlns=\"http:\/\/www.w3.org\/2000\/svg\" viewBox=\"0 0 64 8\" preserveAspectRatio=\"none\" width=\"100%\" height=\"100%\">\r\n\t<path fill=\"currentColor\" d=\"M64 8 L0 8 L0 0 L20 7.9 L40 3 L48 5 L64 0 Z\"\/>\r\n<\/svg><\/div><div class=\"l-section-shape type_zigzag pos_bottom\" style=\"height:3vmin;\"><svg xmlns=\"http:\/\/www.w3.org\/2000\/svg\" viewBox=\"0 0 64 8\" preserveAspectRatio=\"none\" width=\"100%\" height=\"100%\">\r\n\t<path fill=\"currentColor\" d=\"M64 8 L0 8 L0 0 L20 7.9 L40 3 L48 5 L64 0 Z\"\/>\r\n<\/svg><\/div><div class=\"l-section-h i-cf\"><div class=\"g-cols vc_row via_flex valign_top type_default stacking_default\"><div class=\"vc_col-sm-6 wpb_column vc_column_container\"><div class=\"vc_column-inner\"><div class=\"wpb_wrapper\"><div class=\"wpb_text_column\"><div class=\"wpb_wrapper\"><h2>La Cantaora: flamenco e gastronomia na mesma noite<\/h2>\n<p>Junto \u00e0 Plaza Nueva, <strong>Tablao Flamenco La Cantaora<\/strong> \u00e9 especialmente \u00fatil para quem quer resolver jantar e espet\u00e1culo num \u00fanico plano. O espa\u00e7o inspira-se no ambiente dos antigos caf\u00e9s cantantes e oferece modalidades que v\u00e3o desde espet\u00e1culo com cocktail at\u00e9 op\u00e7\u00f5es com tapas ou jantar.<\/p>\n<p>Durante uma estadia centrada na Bienal pode ser uma boa escolha para uma noite sem sess\u00e3o oficial, porque permite transformar toda a noite numa \u00fanica reserva sem abdicar do centro hist\u00f3rico.<\/p>\n<\/div><\/div><div class=\"w-separator size_medium\"><\/div><div class=\"w-hwrapper valign_top wrap stack_on_mobiles align_center\" style=\"--hwrapper-gap:1.2rem\"><div class=\"w-btn-wrapper align_none\"><a class=\"w-btn us-btn-style_1\" href=\"https:\/\/www.tablaosflamencos.com\/pt-pt\/tablao\/tablao-flamenco-la-cantaora\"><span class=\"w-btn-label\">Ver Tablao La Cantaora<\/span><\/a><\/div><\/div><\/div><\/div><\/div><div class=\"vc_col-sm-6 wpb_column vc_column_container\"><div class=\"vc_column-inner\"><div class=\"wpb_wrapper\"><div class=\"wpb_text_column\"><div class=\"wpb_wrapper\"><h2 id=\"triana\">Triana: atravessar o rio para completar a experi\u00eancia<\/h2>\n<p>Uma estadia flamenca em Sevilha muda de car\u00e1ter quando se atravessa o Guadalquivir. Triana faz parte da mem\u00f3ria hist\u00f3rica do flamenco e continua a ser um dos bairros onde muitos visitantes procuram deliberadamente uma experi\u00eancia diferente da do centro monumental.<\/p>\n<p><strong>Tablao Flamenco Triana<\/strong>, na calle Pureza, prop\u00f5e um formato tradicional com quatro artistas \u2014 cante, guitarra, bailaor e bailaora \u2014 numa sala de pequena escala. A experi\u00eancia dura cerca de uma hora e pode ser facilmente combinada com um passeio pr\u00e9vio pelo Altozano, calle Betis ou pela margem do rio.<\/p>\n<p>N\u00e3o \u00e9 necess\u00e1rio apresentar Triana como uma alternativa \u201cmais aut\u00eantica\u201d ao centro. \u00c9 simplesmente outro contexto. Para quem j\u00e1 viu uma grande produ\u00e7\u00e3o da Bienal no Maestranza, Lope de Vega ou Teatro Central, terminar outra noite num espa\u00e7o pequeno de Triana permite observar o flamenco numa escala completamente diferente.<\/p>\n<\/div><\/div><div class=\"w-separator size_medium\"><\/div><div class=\"w-hwrapper valign_top wrap stack_on_mobiles align_center\" style=\"--hwrapper-gap:1.2rem\"><div class=\"w-btn-wrapper align_none\"><a class=\"w-btn us-btn-style_1\" href=\"https:\/\/www.tablaosflamencos.com\/pt-pt\/tablao\/tablao-flamenco-triana\"><span class=\"w-btn-label\">Ver Tablao Flamenco Triana<\/span><\/a><\/div><div class=\"w-btn-wrapper align_none\"><a class=\"w-btn us-btn-style_1\" href=\"https:\/\/www.tablaosflamencos.com\/pt-pt\/flamenco-em-triana\"><span class=\"w-btn-label\">Ver mais flamenco em Triana<\/span><\/a><\/div><\/div><\/div><\/div><\/div><\/div><\/div><\/section><section class=\"l-section wpb_row height_huge\"><div class=\"l-section-h i-cf\"><div class=\"g-cols vc_row via_flex valign_top type_default stacking_default\"><div class=\"vc_col-sm-12 wpb_column vc_column_container\"><div class=\"vc_column-inner\"><div class=\"wpb_wrapper\"><div class=\"wpb_text_column\"><div class=\"wpb_wrapper\"><h2 id=\"comparativa\">Op\u00e7\u00f5es de flamenco fora da Bienal, de relance<\/h2>\n<div style=\"overflow-x: auto;\">\n<table>\n<thead>\n<tr>\n<th>Zona<\/th>\n<th>Op\u00e7\u00e3o<\/th>\n<th>Formato aproximado<\/th>\n<th>Pode ser adequado se&#8230;<\/th>\n<\/tr>\n<\/thead>\n<tbody>\n<tr>\n<td>Las Setas<\/td>\n<td><strong>Tablao Flamenco Las Setas<\/strong><\/td>\n<td>\u2248 60 min \u00b7 v\u00e1rias sess\u00f5es<\/td>\n<td>Procura flexibilidade de hor\u00e1rios e localiza\u00e7\u00e3o central<\/td>\n<\/tr>\n<tr>\n<td>Santa Cruz<\/td>\n<td><strong>El Jard\u00edn de Murillo<\/strong><\/td>\n<td>\u2248 60 min \u00b7 cante, guitarra e baile<\/td>\n<td>Vem do Alc\u00e1zar, Catedral ou Santa Cruz<\/td>\n<\/tr>\n<tr>\n<td>Centro<\/td>\n<td><strong>Casa Duende Tablao<\/strong><\/td>\n<td>\u2248 50\u201360 min \u00b7 capacidade reduzida<\/td>\n<td>Quer m\u00e1xima proximidade e formato \u00edntimo<\/td>\n<\/tr>\n<tr>\n<td>Arenal \/ Zaragoza<\/td>\n<td><strong>Casa Inquieta<\/strong><\/td>\n<td>\u2248 60 min \u00b7 cinco artistas<\/td>\n<td>Os espa\u00e7os hist\u00f3ricos atraem-no<\/td>\n<\/tr>\n<tr>\n<td>Plaza Nueva<\/td>\n<td><strong>La Cantaora<\/strong><\/td>\n<td>\u2248 60 min \u00b7 op\u00e7\u00f5es gastron\u00f3micas<\/td>\n<td>Quer juntar jantar e espet\u00e1culo<\/td>\n<\/tr>\n<tr>\n<td>Triana<\/td>\n<td><strong>Tablao Flamenco Triana<\/strong><\/td>\n<td>\u2248 60 min \u00b7 quatro artistas<\/td>\n<td>Quer acrescentar uma noite do outro lado do rio<\/td>\n<\/tr>\n<\/tbody>\n<\/table>\n<\/div>\n<\/div><\/div><\/div><\/div><\/div><\/div><\/div><\/section><section class=\"l-section wpb_row height_huge color_alternate with_shape\"><div class=\"l-section-shape type_zigzag pos_top hor_flip\" style=\"height:3vmin;\"><svg xmlns=\"http:\/\/www.w3.org\/2000\/svg\" viewBox=\"0 0 64 8\" preserveAspectRatio=\"none\" width=\"100%\" height=\"100%\">\r\n\t<path fill=\"currentColor\" d=\"M64 8 L0 8 L0 0 L20 7.9 L40 3 L48 5 L64 0 Z\"\/>\r\n<\/svg><\/div><div class=\"l-section-shape type_zigzag pos_bottom\" style=\"height:3vmin;\"><svg xmlns=\"http:\/\/www.w3.org\/2000\/svg\" viewBox=\"0 0 64 8\" preserveAspectRatio=\"none\" width=\"100%\" height=\"100%\">\r\n\t<path fill=\"currentColor\" d=\"M64 8 L0 8 L0 0 L20 7.9 L40 3 L48 5 L64 0 Z\"\/>\r\n<\/svg><\/div><div class=\"l-section-h i-cf\"><div class=\"g-cols vc_row via_flex valign_top type_default stacking_default\"><div class=\"vc_col-sm-12 wpb_column vc_column_container\"><div class=\"vc_column-inner\"><div class=\"wpb_wrapper\"><div class=\"g-cols wpb_row via_flex valign_top type_default stacking_default\"><div class=\"vc_col-sm-6 wpb_column vc_column_container\"><div class=\"vc_column-inner\"><div class=\"wpb_wrapper\"><div class=\"wpb_text_column\"><div class=\"wpb_wrapper\"><h2 id=\"combinar\">Como combinar Bienal e tablao sem transformar a viagem numa corrida<\/h2>\n<h3>Op\u00e7\u00e3o 1: uma noite de Bienal e outra noite de tablao<\/h3>\n<p>\u00c9 a f\u00f3rmula mais simples e provavelmente a mais recomend\u00e1vel. Escolha uma ou duas produ\u00e7\u00f5es oficiais que realmente lhe interessem e reserve outra noite para um tablao. Assim poder\u00e1 comparar sem pressa o grande formato c\u00e9nico com a proximidade do direto.<\/p>\n<h3>Op\u00e7\u00e3o 2: Matin\u00e9 \u00danica + tablao \u00e0 tarde ou \u00e0 noite<\/h3>\n<p>As Matin\u00e9s \u00danicas de San Luis de los Franceses come\u00e7am ao meio-dia. Nessas datas, deixar o resto do dia livre permite comer, percorrer a cidade e reservar um tablao mais tarde sem sobrepor experi\u00eancias.<\/p>\n<\/div><\/div><\/div><\/div><\/div><div class=\"vc_col-sm-6 wpb_column vc_column_container\"><div class=\"vc_column-inner\"><div class=\"wpb_wrapper\"><div class=\"wpb_text_column\"><div class=\"wpb_wrapper\"><h2>Mais combina\u00e7\u00f5es poss\u00edveis<\/h2>\n<h3>Op\u00e7\u00e3o 3: atividade gratuita de dia + tablao<\/h3>\n<p>A programa\u00e7\u00e3o paralela inclui atividades gratuitas ou com reserva pr\u00e9via. Combinar uma exposi\u00e7\u00e3o, workshop ou atividade de dia com um tablao \u00e0 noite pode proporcionar um dia flamenco completo sem depender de uma grande produ\u00e7\u00e3o oficial.<\/p>\n<h3>Op\u00e7\u00e3o 4: se a sua sess\u00e3o oficial estiver esgotada<\/h3>\n<p>Se o espet\u00e1culo que queria ver j\u00e1 n\u00e3o tem lugares, o tablao deixa de ser um complemento e pode tornar-se a op\u00e7\u00e3o principal dessa noite. Nesse caso, a prioridade deve ser a disponibilidade real: procure primeiro que espa\u00e7os t\u00eam lugares e depois compare localiza\u00e7\u00e3o e formato.<\/p>\n<\/div><\/div><\/div><\/div><\/div><\/div><div class=\"w-separator size_medium\"><\/div><div class=\"w-hwrapper valign_top wrap stack_on_mobiles align_center\" style=\"--hwrapper-gap:1.2rem\"><div class=\"w-btn-wrapper align_none\"><a class=\"w-btn us-btn-style_1\" href=\"https:\/\/www.tablaosflamencos.com\/pt-pt\/bienal-esgotada-onde-ver-flamenco-hoje-sevilha.html\"><span class=\"w-btn-label\">O que fazer se a Bienal estiver esgotada<\/span><\/a><\/div><div class=\"w-btn-wrapper align_none\"><a class=\"w-btn us-btn-style_1\" href=\"https:\/\/www.tablaosflamencos.com\/pt-pt\/bienal-flamenco-sevilha-2026-gratis.html\"><span class=\"w-btn-label\">Ver atividades gratuitas<\/span><\/a><\/div><\/div><\/div><\/div><\/div><\/div><\/div><\/section><section class=\"l-section wpb_row height_huge\"><div class=\"l-section-h i-cf\"><div class=\"g-cols vc_row via_flex valign_top type_default stacking_default\"><div class=\"vc_col-sm-6 wpb_column vc_column_container\"><div class=\"vc_column-inner\"><div class=\"wpb_wrapper\"><div class=\"wpb_text_column\"><div class=\"wpb_wrapper\"><h2 id=\"elegir\">O que escolher de acordo com o tipo de experi\u00eancia que procura<\/h2>\n<ul>\n<li><strong>Flexibilidade de hor\u00e1rios:<\/strong> veja primeiro as op\u00e7\u00f5es com v\u00e1rias sess\u00f5es di\u00e1rias no centro.<\/li>\n<li><strong>Uma sala especialmente pequena:<\/strong> Casa Duende trabalha numa escala muito \u00edntima.<\/li>\n<li><strong>Arquitetura e ambiente hist\u00f3rico:<\/strong> Casa Inquieta acrescenta o enquadramento de uma casa-pal\u00e1cio do s\u00e9culo XIX.<\/li>\n<li><strong>Flamenco + gastronomia:<\/strong> La Cantaora permite integrar o espet\u00e1culo com diferentes modalidades de refei\u00e7\u00e3o ou jantar.<\/li>\n<li><strong>Um plano depois de visitar Alc\u00e1zar e Santa Cruz:<\/strong> El Jard\u00edn de Murillo reduz desloca\u00e7\u00f5es e mant\u00e9m o dia no centro hist\u00f3rico.<\/li>\n<li><strong>Uma noite em Triana:<\/strong> Tablao Flamenco Triana permite combinar um passeio pelo bairro e um espet\u00e1culo na mesma zona.<\/li>\n<\/ul>\n<p>A escolha n\u00e3o deve basear-se apenas em qual parece \u201cmelhor\u201d. Durante a Bienal h\u00e1 muita procura, pelo que uma combina\u00e7\u00e3o realista de <strong>disponibilidade + zona + hor\u00e1rio + tipo de experi\u00eancia<\/strong> costuma produzir um plano muito mais satisfat\u00f3rio do que perseguir um \u00fanico nome.<\/p>\n<\/div><\/div><\/div><\/div><\/div><div class=\"vc_col-sm-6 wpb_column vc_column_container\"><div class=\"vc_column-inner\"><div class=\"wpb_wrapper\"><div class=\"wpb_text_column\"><div class=\"wpb_wrapper\"><h2 id=\"reservar\">Durante a Bienal conv\u00e9m reservar tamb\u00e9m os tablaos<\/h2>\n<p>A concentra\u00e7\u00e3o de aficionados, profissionais e visitantes durante setembro faz com que Sevilha tenha uma procura de flamenco muito superior ao habitual. N\u00e3o se esgotam apenas as sess\u00f5es oficiais: os tablaos mais conhecidos tamb\u00e9m podem encher determinados hor\u00e1rios, sobretudo aos fins de semana e nos hor\u00e1rios centrais da noite.<\/p>\n<p>Por isso, se j\u00e1 sabe que dia quer deixar livre para um tablao, n\u00e3o \u00e9 necess\u00e1rio esperar at\u00e9 estar em Sevilha. Verifique a disponibilidade, escolha o hor\u00e1rio e reserve. Isto \u00e9 ainda mais importante em salas de capacidade reduzida.<\/p>\n<p>Conv\u00e9m tamb\u00e9m deixar margem entre planos. Se vem de uma sess\u00e3o da Bienal, calcule com calma a desloca\u00e7\u00e3o, a sa\u00edda do recinto e a chegada ao tablao. Chegar 15\u201320 minutos antes \u00e9 uma recomenda\u00e7\u00e3o habitual nestes espa\u00e7os.<\/p>\n<p>Se ainda n\u00e3o sabe que tablao escolher, a op\u00e7\u00e3o mais pr\u00e1tica \u00e9 partir da p\u00e1gina de <strong>flamenco em Sevilha<\/strong>, filtrar mentalmente por zona e abrir apenas as op\u00e7\u00f5es que tenham disponibilidade para a sua data.<\/p>\n<\/div><\/div><div class=\"w-separator size_medium\"><\/div><div class=\"w-hwrapper valign_top wrap stack_on_mobiles align_center\" style=\"--hwrapper-gap:1.2rem\"><div class=\"w-btn-wrapper align_none\"><a class=\"w-btn us-btn-style_1\" href=\"https:\/\/www.tablaosflamencos.com\/pt-pt\/flamenco-em-sevilha\"><span class=\"w-btn-label\">Comparar tablaos em Sevilha<\/span><\/a><\/div><div class=\"w-btn-wrapper align_none\"><a class=\"w-btn us-btn-style_1\" href=\"https:\/\/www.tablaosflamencos.com\/pt-pt\/bienal-flamenco-sevilha-2026-bilhetes-precos-descontos.html\"><span class=\"w-btn-label\">Bilhetes, pre\u00e7os e descontos Bienal 2026<\/span><\/a><\/div><\/div><\/div><\/div><\/div><\/div><\/div><\/section><section class=\"l-section wpb_row height_huge color_alternate with_shape\"><div class=\"l-section-shape type_zigzag pos_top\" style=\"height:3vmin;\"><svg xmlns=\"http:\/\/www.w3.org\/2000\/svg\" viewBox=\"0 0 64 8\" preserveAspectRatio=\"none\" width=\"100%\" height=\"100%\">\r\n\t<path fill=\"currentColor\" d=\"M64 8 L0 8 L0 0 L20 7.9 L40 3 L48 5 L64 0 Z\"\/>\r\n<\/svg><\/div><div class=\"l-section-shape type_zigzag pos_bottom\" style=\"height:3vmin;\"><svg xmlns=\"http:\/\/www.w3.org\/2000\/svg\" viewBox=\"0 0 64 8\" preserveAspectRatio=\"none\" width=\"100%\" height=\"100%\">\r\n\t<path fill=\"currentColor\" d=\"M64 8 L0 8 L0 0 L20 7.9 L40 3 L48 5 L64 0 Z\"\/>\r\n<\/svg><\/div><div class=\"l-section-h i-cf\"><div class=\"g-cols vc_row via_flex valign_top type_default stacking_default\"><div class=\"vc_col-sm-12 wpb_column vc_column_container\"><div class=\"vc_column-inner\"><div class=\"wpb_wrapper\"><div class=\"wpb_text_column\"><div class=\"wpb_wrapper\"><h2 style=\"text-align: center;\">A melhor visita flamenca a Sevilha n\u00e3o tem de se limitar ao programa oficial<\/h2>\n<p style=\"text-align: center;\">A Bienal de Flamenco \u00e9 excecional precisamente porque concentra durante algumas semanas uma quantidade de cria\u00e7\u00e3o dif\u00edcil de encontrar em qualquer outro momento. Mas Sevilha mant\u00e9m ao mesmo tempo a sua rede de tablaos, salas e espet\u00e1culos regulares.<\/p>\n<p style=\"text-align: center;\">Combinar ambos os formatos permite compreender melhor a cidade: num dia pode ver uma grande produ\u00e7\u00e3o concebida para o Maestranza, o Lope de Vega ou um espa\u00e7o patrimonial; noutra noite pode sentar-se a poucos metros de um cantaor, uma guitarra e um baile sem precisar de uma grande encena\u00e7\u00e3o.<\/p>\n<p style=\"text-align: center;\"><strong>N\u00e3o se trata de escolher entre Bienal ou tablao. Durante setembro de 2026, o mais interessante pode ser precisamente viver os dois.<\/strong><\/p>\n<\/div><\/div><\/div><\/div><\/div><\/div><\/div><\/section><section class=\"l-section wpb_row height_huge with_shape\"><div class=\"l-section-shape type_zigzag pos_bottom\" style=\"height:3vmin;\"><svg xmlns=\"http:\/\/www.w3.org\/2000\/svg\" viewBox=\"0 0 64 8\" preserveAspectRatio=\"none\" width=\"100%\" height=\"100%\">\r\n\t<path fill=\"currentColor\" d=\"M64 8 L0 8 L0 0 L20 7.9 L40 3 L48 5 L64 0 Z\"\/>\r\n<\/svg><\/div><div class=\"l-section-h i-cf\"><div class=\"g-cols vc_row via_flex valign_top type_default stacking_default\"><div class=\"vc_col-sm-1\/5 wpb_column vc_column_container\"><div class=\"vc_column-inner\"><div class=\"wpb_wrapper\"><\/div><\/div><\/div><div class=\"vc_col-sm-3\/5 wpb_column vc_column_container\"><div class=\"vc_column-inner\"><div class=\"wpb_wrapper\"><div class=\"wpb_text_column\"><div class=\"wpb_wrapper\"><h2 id=\"faq\" style=\"text-align: center;\">Perguntas frequentes sobre onde ver flamenco em Sevilha durante a Bienal<\/h2>\n<\/div><\/div><div class=\"w-separator size_medium\"><\/div><div class=\"w-tabs accordion toggle_style_1 has_scrolling\" style=\"--sections-title-size:inherit;--sections-gap:0.5rem;\"><div class=\"w-tabs-sections titles-align_none icon_chevron cpos_right\"><div class=\"w-tabs-section\" id=\"p767\"><button type=\"button\" class=\"w-tabs-section-header\" aria-controls=\"content-p767\" aria-expanded=\"false\"><div class=\"w-tabs-section-title\">\u00c9 poss\u00edvel ver flamenco em Sevilha fora da programa\u00e7\u00e3o oficial da Bienal?<\/div><div class=\"w-tabs-section-control\"><\/div><\/button><div  class=\"w-tabs-section-content\" id=\"content-p767\"><div class=\"w-tabs-section-content-h i-cf\"><div class=\"wpb_text_column\"><div class=\"wpb_wrapper\"><p>Sim. Os tablaos flamencos de Sevilha mant\u00eam a sua programa\u00e7\u00e3o regular durante as datas da Bienal. \u00c9 poss\u00edvel reservar espet\u00e1culos de cante, guitarra e baile no centro, Santa Cruz, Arenal, Plaza Nueva, Triana e outras zonas da cidade.<\/p>\n<\/div><\/div><\/div><\/div><\/div><div class=\"w-tabs-section\" id=\"r87b\"><button type=\"button\" class=\"w-tabs-section-header\" aria-controls=\"content-r87b\" aria-expanded=\"false\"><div class=\"w-tabs-section-title\">\u00c9 melhor ver a Bienal ou um tablao?<\/div><div class=\"w-tabs-section-control\"><\/div><\/button><div  class=\"w-tabs-section-content\" id=\"content-r87b\"><div class=\"w-tabs-section-content-h i-cf\"><div class=\"wpb_text_column\"><div class=\"wpb_wrapper\"><p>S\u00e3o experi\u00eancias diferentes. A Bienal destaca-se pelas grandes produ\u00e7\u00f5es, estreias e projetos concebidos para espa\u00e7os espec\u00edficos; o tablao oferece proximidade, formato reduzido e uma rela\u00e7\u00e3o mais direta entre artistas e p\u00fablico. Se a viagem permitir, o mais completo \u00e9 combinar ambos.<\/p>\n<\/div><\/div><\/div><\/div><\/div><div class=\"w-tabs-section\" id=\"o957\"><button type=\"button\" class=\"w-tabs-section-header\" aria-controls=\"content-o957\" aria-expanded=\"false\"><div class=\"w-tabs-section-title\">Que tablao est\u00e1 bem situado se estiver a visitar Santa Cruz e o Alc\u00e1zar?<\/div><div class=\"w-tabs-section-control\"><\/div><\/button><div  class=\"w-tabs-section-content\" id=\"content-o957\"><div class=\"w-tabs-section-content-h i-cf\"><div class=\"wpb_text_column\"><div class=\"wpb_wrapper\"><p>El Jard\u00edn de Murillo fica junto ao paseo de Catalina de Ribera e muito perto do Bairro de Santa Cruz, do Alc\u00e1zar, da Catedral e da Giralda, sendo especialmente c\u00f3modo para manter todo o dia no centro hist\u00f3rico.<\/p>\n<\/div><\/div><\/div><\/div><\/div><div class=\"w-tabs-section\" id=\"ia30\"><button type=\"button\" class=\"w-tabs-section-header\" aria-controls=\"content-ia30\" aria-expanded=\"false\"><div class=\"w-tabs-section-title\">Onde posso ver flamenco em Triana durante a Bienal?<\/div><div class=\"w-tabs-section-control\"><\/div><\/button><div  class=\"w-tabs-section-content\" id=\"content-ia30\"><div class=\"w-tabs-section-content-h i-cf\"><div class=\"wpb_text_column\"><div class=\"wpb_wrapper\"><p>Triana conta com uma oferta est\u00e1vel de flamenco. Tablao Flamenco Triana, na calle Pureza, \u00e9 uma das op\u00e7\u00f5es dispon\u00edveis, e a nossa p\u00e1gina de flamenco em Triana re\u00fane alternativas para comparar consoante a data.<\/p>\n<\/div><\/div><\/div><\/div><\/div><div class=\"w-tabs-section\" id=\"fb25\"><button type=\"button\" class=\"w-tabs-section-header\" aria-controls=\"content-fb25\" aria-expanded=\"false\"><div class=\"w-tabs-section-title\">H\u00e1 tablaos com jantar durante a Bienal?<\/div><div class=\"w-tabs-section-control\"><\/div><\/button><div  class=\"w-tabs-section-content\" id=\"content-fb25\"><div class=\"w-tabs-section-content-h i-cf\"><div class=\"wpb_text_column\"><div class=\"wpb_wrapper\"><p>Sim. Algumas propostas incluem tapas, degusta\u00e7\u00f5es, bebidas ou jantar completo. La Cantaora, por exemplo, oferece modalidades que permitem combinar espet\u00e1culo e gastronomia na mesma reserva.<\/p>\n<\/div><\/div><\/div><\/div><\/div><div class=\"w-tabs-section\" id=\"xbf1\"><button type=\"button\" class=\"w-tabs-section-header\" aria-controls=\"content-xbf1\" aria-expanded=\"false\"><div class=\"w-tabs-section-title\">Quanto dura normalmente um espet\u00e1culo de tablao em Sevilha?<\/div><div class=\"w-tabs-section-control\"><\/div><\/button><div  class=\"w-tabs-section-content\" id=\"content-xbf1\"><div class=\"w-tabs-section-content-h i-cf\"><div class=\"wpb_text_column\"><div class=\"wpb_wrapper\"><p>Muitos dos espet\u00e1culos inclu\u00eddos neste guia duram aproximadamente entre 50 e 60 minutos. A dura\u00e7\u00e3o exata depende do tablao e da modalidade reservada, pelo que conv\u00e9m consultar sempre a ficha antes de comprar.<\/p>\n<\/div><\/div><\/div><\/div><\/div><div class=\"w-tabs-section\" id=\"ccc5\"><button type=\"button\" class=\"w-tabs-section-header\" aria-controls=\"content-ccc5\" aria-expanded=\"false\"><div class=\"w-tabs-section-title\">Posso ir a um tablao se a minha sess\u00e3o da Bienal estiver esgotada?<\/div><div class=\"w-tabs-section-control\"><\/div><\/button><div  class=\"w-tabs-section-content\" id=\"content-ccc5\"><div class=\"w-tabs-section-content-h i-cf\"><div class=\"wpb_text_column\"><div class=\"wpb_wrapper\"><p>Sim. Primeiro conv\u00e9m verificar se existe outra sess\u00e3o oficial com lugares. Se nenhuma for adequada, um tablao com disponibilidade nessa noite \u00e9 uma alternativa imediata e, sobretudo, uma forma diferente de viver o flamenco, n\u00e3o uma c\u00f3pia reduzida do espet\u00e1culo perdido.<\/p>\n<\/div><\/div><\/div><\/div><\/div><div class=\"w-tabs-section\" id=\"od8f\"><button type=\"button\" class=\"w-tabs-section-header\" aria-controls=\"content-od8f\" aria-expanded=\"false\"><div class=\"w-tabs-section-title\">Conv\u00e9m reservar o tablao com anteced\u00eancia durante a Bienal?<\/div><div class=\"w-tabs-section-control\"><\/div><\/button><div  class=\"w-tabs-section-content\" id=\"content-od8f\"><div class=\"w-tabs-section-content-h i-cf\"><div class=\"wpb_text_column\"><div class=\"wpb_wrapper\"><p>Sim. Setembro concentra uma procura de flamenco extraordin\u00e1ria em Sevilha e os espa\u00e7os de menor capacidade podem esgotar determinados hor\u00e1rios. Se j\u00e1 sabe a data, \u00e9 recomend\u00e1vel verificar a disponibilidade e reservar.<\/p>\n<\/div><\/div><\/div><\/div><\/div><div class=\"w-tabs-section\" id=\"je58\"><button type=\"button\" class=\"w-tabs-section-header\" aria-controls=\"content-je58\" aria-expanded=\"false\"><div class=\"w-tabs-section-title\">\u00c9 poss\u00edvel combinar uma Matin\u00e9 \u00danica com um tablao no mesmo dia?<\/div><div class=\"w-tabs-section-control\"><\/div><\/button><div  class=\"w-tabs-section-content\" id=\"content-je58\"><div class=\"w-tabs-section-content-h i-cf\"><div class=\"wpb_text_column\"><div class=\"wpb_wrapper\"><p>Sim. As Matin\u00e9s \u00danicas realizam-se ao meio-dia, pelo que deixam margem para comer, percorrer a cidade e assistir a um tablao mais tarde. \u00c9 uma das combina\u00e7\u00f5es mais c\u00f3modas para dedicar um dia inteiro ao flamenco sem encadear duas sess\u00f5es noturnas.<\/p>\n<\/div><\/div><\/div><\/div><\/div><div class=\"w-tabs-section\" id=\"yf46\"><button type=\"button\" class=\"w-tabs-section-header\" aria-controls=\"content-yf46\" aria-expanded=\"false\"><div class=\"w-tabs-section-title\">Onde posso comparar tablaos e disponibilidade em Sevilha?<\/div><div class=\"w-tabs-section-control\"><\/div><\/button><div  class=\"w-tabs-section-content\" id=\"content-yf46\"><div class=\"w-tabs-section-content-h i-cf\"><div class=\"wpb_text_column\"><div class=\"wpb_wrapper\"><p>Na p\u00e1gina Flamenco em Sevilha de Tablaos Flamencos pode consultar as op\u00e7\u00f5es dispon\u00edveis na cidade, entrar na ficha de cada espa\u00e7o e comparar formato, localiza\u00e7\u00e3o e disponibilidade antes de reservar.<\/p>\n<\/div><\/div><\/div><\/div><\/div><\/div><\/div><\/div><\/div><\/div><div class=\"vc_col-sm-1\/5 wpb_column vc_column_container\"><div class=\"vc_column-inner\"><div class=\"wpb_wrapper\"><\/div><\/div><\/div><\/div><\/div><\/section>\n","protected":false},"excerpt":{"rendered":"<p>Guia para ver flamenco em Sevilha durante a Bienal 2026 al\u00e9m da programa\u00e7\u00e3o oficial: tablaos, zonas, formatos e como combinar as duas experi\u00eancias.<\/p>\n","protected":false},"author":1,"featured_media":14269,"comment_status":"closed","ping_status":"closed","sticky":false,"template":"","format":"standard","meta":{"_acf_changed":false,"wpai_generated_summary":"","_ayudawp_aiss_exclude":false,"_ayudawp_aiss_exclude_summary":false,"_ayudawp_aiss_summary":"","_ayudawp_aiss_summary_provider":"","_ayudawp_aiss_summary_hash":"","footnotes":""},"categories":[1430],"tags":[1255,1256,1257,1258,1188,1259,1260],"class_list":["post-14286","post","type-post","status-publish","format-standard","has-post-thumbnail","hentry","category-bienal-flamenco-sevilha","tag-agenda-flamenca","tag-bienal-2026","tag-bienal-de-flamenco","tag-festivales-flamencos","tag-flamenco-en-sevilla","tag-sevilla","tag-tablaos-de-sevilla"],"acf":[],"yoast_head":"<!-- This site is optimized with the Yoast SEO Premium plugin v28.4 (Yoast SEO v28.4) - https:\/\/yoast.com\/product\/yoast-seo-premium-wordpress\/ -->\n<title>Flamenco em Sevilha durante a Bienal 2026: onde ver<\/title>\n<meta name=\"description\" content=\"Onde ver flamenco em Sevilha durante a Bienal 2026 fora da programa\u00e7\u00e3o oficial: tablaos, zonas, formatos e como combinar as duas experi\u00eancias.\" \/>\n<meta name=\"robots\" content=\"index, follow, max-snippet:-1, max-image-preview:large, max-video-preview:-1\" \/>\n<link rel=\"canonical\" href=\"https:\/\/www.tablaosflamencos.com\/pt-pt\/flamenco-sevilha-bienal-2026-espetaculos-fora-programacao-oficial.html\" \/>\n<meta property=\"og:locale\" content=\"pt_PT\" \/>\n<meta property=\"og:type\" content=\"article\" \/>\n<meta property=\"og:title\" content=\"Flamenco em Sevilha durante a Bienal: onde ver espet\u00e1culos al\u00e9m da programa\u00e7\u00e3o oficial\" \/>\n<meta property=\"og:description\" content=\"Onde ver flamenco em Sevilha durante a Bienal 2026 fora da programa\u00e7\u00e3o oficial: tablaos, zonas, formatos e como combinar as duas experi\u00eancias.\" \/>\n<meta property=\"og:url\" content=\"https:\/\/www.tablaosflamencos.com\/pt-pt\/flamenco-sevilha-bienal-2026-espetaculos-fora-programacao-oficial.html\" \/>\n<meta property=\"og:site_name\" content=\"Tablaos Flamencos\" \/>\n<meta property=\"article:publisher\" content=\"https:\/\/www.facebook.com\/tablaosflamencos\" \/>\n<meta property=\"article:published_time\" content=\"2026-09-03T20:54:58+00:00\" \/>\n<meta property=\"article:modified_time\" content=\"2026-09-03T21:48:07+00:00\" \/>\n<meta property=\"og:image\" content=\"https:\/\/www.tablaosflamencos.com\/wp-content\/uploads\/flamenco-en-sevilla-durante-la-bienal-donde-ver-espectaculos-ademas-de-la-programacion-oficial-01.webp\" \/>\n\t<meta property=\"og:image:width\" content=\"1672\" \/>\n\t<meta property=\"og:image:height\" content=\"941\" \/>\n\t<meta property=\"og:image:type\" content=\"image\/webp\" \/>\n<meta name=\"author\" content=\"Miguel Ortiz\" \/>\n<meta name=\"twitter:card\" content=\"summary_large_image\" \/>\n<meta name=\"twitter:creator\" content=\"@tablaosflamenco\" \/>\n<meta name=\"twitter:site\" content=\"@tablaosflamenco\" \/>\n<meta name=\"twitter:label1\" content=\"Escrito por\" \/>\n\t<meta name=\"twitter:data1\" content=\"Miguel Ortiz\" \/>\n\t<meta name=\"twitter:label2\" content=\"Tempo estimado de leitura\" \/>\n\t<meta name=\"twitter:data2\" content=\"19 minutos\" \/>\n<script type=\"application\/ld+json\" class=\"yoast-schema-graph\">{\"@context\":\"https:\\\/\\\/schema.org\",\"@graph\":[{\"@type\":\"Article\",\"@id\":\"https:\\\/\\\/www.tablaosflamencos.com\\\/pt-pt\\\/flamenco-sevilha-bienal-2026-espetaculos-fora-programacao-oficial.html#article\",\"isPartOf\":{\"@id\":\"https:\\\/\\\/www.tablaosflamencos.com\\\/pt-pt\\\/flamenco-sevilha-bienal-2026-espetaculos-fora-programacao-oficial.html\"},\"author\":{\"name\":\"Miguel Ortiz\",\"@id\":\"https:\\\/\\\/www.tablaosflamencos.com\\\/pt-pt#\\\/schema\\\/person\\\/e7a9ebe14eb75a52ceabfbffb3c54f5d\"},\"headline\":\"Flamenco em Sevilha durante a Bienal: onde ver espet\u00e1culos al\u00e9m da programa\u00e7\u00e3o oficial\",\"datePublished\":\"2026-09-03T20:54:58+00:00\",\"dateModified\":\"2026-09-03T21:48:07+00:00\",\"mainEntityOfPage\":{\"@id\":\"https:\\\/\\\/www.tablaosflamencos.com\\\/pt-pt\\\/flamenco-sevilha-bienal-2026-espetaculos-fora-programacao-oficial.html\"},\"wordCount\":3841,\"publisher\":{\"@id\":\"https:\\\/\\\/www.tablaosflamencos.com\\\/pt-pt#organization\"},\"image\":{\"@id\":\"https:\\\/\\\/www.tablaosflamencos.com\\\/pt-pt\\\/flamenco-sevilha-bienal-2026-espetaculos-fora-programacao-oficial.html#primaryimage\"},\"thumbnailUrl\":\"https:\\\/\\\/www.tablaosflamencos.com\\\/wp-content\\\/uploads\\\/flamenco-en-sevilla-durante-la-bienal-donde-ver-espectaculos-ademas-de-la-programacion-oficial-01.webp\",\"keywords\":[\"agenda flamenca\",\"Bienal 2026\",\"Bienal de Flamenco\",\"festivales flamencos\",\"flamenco en Sevilla\",\"sevilla\",\"tablaos de Sevilla\"],\"articleSection\":[\"Bienal de Flamenco de Sevilha\"],\"inLanguage\":\"pt-PT\"},{\"@type\":\"WebPage\",\"@id\":\"https:\\\/\\\/www.tablaosflamencos.com\\\/pt-pt\\\/flamenco-sevilha-bienal-2026-espetaculos-fora-programacao-oficial.html\",\"url\":\"https:\\\/\\\/www.tablaosflamencos.com\\\/pt-pt\\\/flamenco-sevilha-bienal-2026-espetaculos-fora-programacao-oficial.html\",\"name\":\"Flamenco em Sevilha durante a Bienal 2026: onde ver\",\"isPartOf\":{\"@id\":\"https:\\\/\\\/www.tablaosflamencos.com\\\/pt-pt#website\"},\"primaryImageOfPage\":{\"@id\":\"https:\\\/\\\/www.tablaosflamencos.com\\\/pt-pt\\\/flamenco-sevilha-bienal-2026-espetaculos-fora-programacao-oficial.html#primaryimage\"},\"image\":{\"@id\":\"https:\\\/\\\/www.tablaosflamencos.com\\\/pt-pt\\\/flamenco-sevilha-bienal-2026-espetaculos-fora-programacao-oficial.html#primaryimage\"},\"thumbnailUrl\":\"https:\\\/\\\/www.tablaosflamencos.com\\\/wp-content\\\/uploads\\\/flamenco-en-sevilla-durante-la-bienal-donde-ver-espectaculos-ademas-de-la-programacion-oficial-01.webp\",\"datePublished\":\"2026-09-03T20:54:58+00:00\",\"dateModified\":\"2026-09-03T21:48:07+00:00\",\"description\":\"Onde ver flamenco em Sevilha durante a Bienal 2026 fora da programa\u00e7\u00e3o oficial: tablaos, zonas, formatos e como combinar as duas experi\u00eancias.\",\"breadcrumb\":{\"@id\":\"https:\\\/\\\/www.tablaosflamencos.com\\\/pt-pt\\\/flamenco-sevilha-bienal-2026-espetaculos-fora-programacao-oficial.html#breadcrumb\"},\"inLanguage\":\"pt-PT\",\"potentialAction\":[{\"@type\":\"ReadAction\",\"target\":[\"https:\\\/\\\/www.tablaosflamencos.com\\\/pt-pt\\\/flamenco-sevilha-bienal-2026-espetaculos-fora-programacao-oficial.html\"]}]},{\"@type\":\"ImageObject\",\"inLanguage\":\"pt-PT\",\"@id\":\"https:\\\/\\\/www.tablaosflamencos.com\\\/pt-pt\\\/flamenco-sevilha-bienal-2026-espetaculos-fora-programacao-oficial.html#primaryimage\",\"url\":\"https:\\\/\\\/www.tablaosflamencos.com\\\/wp-content\\\/uploads\\\/flamenco-en-sevilla-durante-la-bienal-donde-ver-espectaculos-ademas-de-la-programacion-oficial-01.webp\",\"contentUrl\":\"https:\\\/\\\/www.tablaosflamencos.com\\\/wp-content\\\/uploads\\\/flamenco-en-sevilla-durante-la-bienal-donde-ver-espectaculos-ademas-de-la-programacion-oficial-01.webp\",\"width\":1672,\"height\":941,\"caption\":\"Flamenco en Sevilla durante la Bienal: d\u00f3nde ver espect\u00e1culos adem\u00e1s de la programaci\u00f3n oficial\"},{\"@type\":\"BreadcrumbList\",\"@id\":\"https:\\\/\\\/www.tablaosflamencos.com\\\/pt-pt\\\/flamenco-sevilha-bienal-2026-espetaculos-fora-programacao-oficial.html#breadcrumb\",\"itemListElement\":[{\"@type\":\"ListItem\",\"position\":1,\"name\":\"Home\",\"item\":\"https:\\\/\\\/www.tablaosflamencos.com\\\/pt-pt\"},{\"@type\":\"ListItem\",\"position\":2,\"name\":\"Flamenco em Sevilha durante a Bienal: onde ver espet\u00e1culos al\u00e9m da programa\u00e7\u00e3o oficial\"}]},{\"@type\":\"WebSite\",\"@id\":\"https:\\\/\\\/www.tablaosflamencos.com\\\/pt-pt#website\",\"url\":\"https:\\\/\\\/www.tablaosflamencos.com\\\/pt-pt\",\"name\":\"Tablaos Flamencos\",\"description\":\"Entradas para tablaos flamencos de Espa\u00f1a\",\"publisher\":{\"@id\":\"https:\\\/\\\/www.tablaosflamencos.com\\\/pt-pt#organization\"},\"alternateName\":\"Tablaos Flamencos\",\"potentialAction\":[{\"@type\":\"SearchAction\",\"target\":{\"@type\":\"EntryPoint\",\"urlTemplate\":\"https:\\\/\\\/www.tablaosflamencos.com\\\/pt-pt?s={search_term_string}\"},\"query-input\":{\"@type\":\"PropertyValueSpecification\",\"valueRequired\":true,\"valueName\":\"search_term_string\"}}],\"inLanguage\":\"pt-PT\"},{\"@type\":[\"Organization\",\"Place\",\"EntertainmentBusiness\"],\"@id\":\"https:\\\/\\\/www.tablaosflamencos.com\\\/pt-pt#organization\",\"name\":\"Tablaos Flamencos\",\"alternateName\":\"Tablaos Flamencos\",\"url\":\"https:\\\/\\\/www.tablaosflamencos.com\\\/pt-pt\",\"logo\":{\"@id\":\"https:\\\/\\\/www.tablaosflamencos.com\\\/pt-pt\\\/flamenco-sevilha-bienal-2026-espetaculos-fora-programacao-oficial.html#local-main-organization-logo\"},\"image\":{\"@id\":\"https:\\\/\\\/www.tablaosflamencos.com\\\/pt-pt\\\/flamenco-sevilha-bienal-2026-espetaculos-fora-programacao-oficial.html#local-main-organization-logo\"},\"sameAs\":[\"https:\\\/\\\/www.facebook.com\\\/tablaosflamencos\",\"https:\\\/\\\/x.com\\\/tablaosflamenco\",\"https:\\\/\\\/mastodon.social\\\/@tablaosflamencos\",\"https:\\\/\\\/www.instagram.com\\\/tablaosflamencos\",\"https:\\\/\\\/tiktok.com\\\/@tablaosflamencos\",\"https:\\\/\\\/www.linkedin.com\\\/company\\\/109408238\\\/\"],\"description\":\"Venta de entradas para espect\u00e1culos flamencos\",\"legalName\":\"Tablaos Flamencos\",\"foundingDate\":\"2015-01-01\",\"numberOfEmployees\":{\"@type\":\"QuantitativeValue\",\"minValue\":\"1\",\"maxValue\":\"10\"},\"address\":{\"@id\":\"https:\\\/\\\/www.tablaosflamencos.com\\\/pt-pt\\\/flamenco-sevilha-bienal-2026-espetaculos-fora-programacao-oficial.html#local-main-place-address\"},\"geo\":{\"@type\":\"GeoCoordinates\",\"latitude\":\"37.3868072\",\"longitude\":\"-5.993280299999999\"},\"telephone\":[\"+34623787787\"],\"contactPoint\":{\"@type\":\"ContactPoint\",\"telephone\":\"+34623787787\",\"email\":\"info@tablaosflamencos.com\"},\"openingHoursSpecification\":{\"@type\":\"OpeningHoursSpecification\",\"dayOfWeek\":[\"Monday\",\"Tuesday\",\"Wednesday\",\"Thursday\",\"Friday\",\"Saturday\",\"Sunday\"],\"opens\":\"00:00\",\"closes\":\"23:59\"},\"email\":\"info@tablaosflamencos.com\",\"priceRange\":\"$$$\",\"currenciesAccepted\":\"\u20ac\"},{\"@type\":\"Person\",\"@id\":\"https:\\\/\\\/www.tablaosflamencos.com\\\/pt-pt#\\\/schema\\\/person\\\/e7a9ebe14eb75a52ceabfbffb3c54f5d\",\"name\":\"Miguel Ortiz\",\"description\":\"Miguel Ortiz es un empresario flamenco, con una s\u00f3lida trayectoria dentro del sector. Ha presidido entidades culturales vinculadas al flamenco y, cuenta con un amplio recorrido profesional en la gesti\u00f3n y promoci\u00f3n de espect\u00e1culos y tablaos flamencos. Su pasi\u00f3n por la historia y el arte flamenco se refleja en cada art\u00edculo, donde combina experiencia, criterio y un profundo respeto por la tradici\u00f3n.\",\"sameAs\":[\"https:\\\/\\\/www.tablaosflamencos.com\",\"https:\\\/\\\/www.instagra.com\\\/miguelortizfe\",\"https:\\\/\\\/www.linkedin.com\\\/in\\\/miguelortizf\\\/\"],\"birthDate\":\"1984-11-22\",\"gender\":\"hombre\",\"knowsLanguage\":[\"espa\u00f1ol\",\"ingl\u00e9s\"],\"jobTitle\":\"Empresario flamenco\"},{\"@type\":\"PostalAddress\",\"@id\":\"https:\\\/\\\/www.tablaosflamencos.com\\\/pt-pt\\\/flamenco-sevilha-bienal-2026-espetaculos-fora-programacao-oficial.html#local-main-place-address\",\"streetAddress\":\"C\\\/ Alemanes, 19\",\"addressLocality\":\"Sevilla\",\"postalCode\":\"41004\",\"addressRegion\":\"Sevilla\",\"addressCountry\":\"ES\"},{\"@type\":\"ImageObject\",\"inLanguage\":\"pt-PT\",\"@id\":\"https:\\\/\\\/www.tablaosflamencos.com\\\/pt-pt\\\/flamenco-sevilha-bienal-2026-espetaculos-fora-programacao-oficial.html#local-main-organization-logo\",\"url\":\"https:\\\/\\\/www.tablaosflamencos.com\\\/wp-content\\\/uploads\\\/tablaos-flamencos-06-3.webp\",\"contentUrl\":\"https:\\\/\\\/www.tablaosflamencos.com\\\/wp-content\\\/uploads\\\/tablaos-flamencos-06-3.webp\",\"width\":600,\"height\":620,\"caption\":\"Tablaos Flamencos\"}]}<\/script>\n<meta name=\"geo.placename\" content=\"Sevilla\" \/>\n<meta name=\"geo.position\" content=\"37.3868072;-5.993280299999999\" \/>\n<meta name=\"geo.region\" content=\"Espanha\" \/>\n<!-- \/ Yoast SEO Premium plugin. -->","yoast_head_json":{"title":"Flamenco em Sevilha durante a Bienal 2026: onde ver","description":"Onde ver flamenco em Sevilha durante a Bienal 2026 fora da programa\u00e7\u00e3o oficial: tablaos, zonas, formatos e como combinar as duas experi\u00eancias.","robots":{"index":"index","follow":"follow","max-snippet":"max-snippet:-1","max-image-preview":"max-image-preview:large","max-video-preview":"max-video-preview:-1"},"canonical":"https:\/\/www.tablaosflamencos.com\/pt-pt\/flamenco-sevilha-bienal-2026-espetaculos-fora-programacao-oficial.html","og_locale":"pt_PT","og_type":"article","og_title":"Flamenco em Sevilha durante a Bienal: onde ver espet\u00e1culos al\u00e9m da programa\u00e7\u00e3o oficial","og_description":"Onde ver flamenco em Sevilha durante a Bienal 2026 fora da programa\u00e7\u00e3o oficial: tablaos, zonas, formatos e como combinar as duas experi\u00eancias.","og_url":"https:\/\/www.tablaosflamencos.com\/pt-pt\/flamenco-sevilha-bienal-2026-espetaculos-fora-programacao-oficial.html","og_site_name":"Tablaos Flamencos","article_publisher":"https:\/\/www.facebook.com\/tablaosflamencos","article_published_time":"2026-09-03T20:54:58+00:00","article_modified_time":"2026-09-03T21:48:07+00:00","og_image":[{"width":1672,"height":941,"url":"https:\/\/www.tablaosflamencos.com\/wp-content\/uploads\/flamenco-en-sevilla-durante-la-bienal-donde-ver-espectaculos-ademas-de-la-programacion-oficial-01.webp","type":"image\/webp"}],"author":"Miguel Ortiz","twitter_card":"summary_large_image","twitter_creator":"@tablaosflamenco","twitter_site":"@tablaosflamenco","twitter_misc":{"Escrito por":"Miguel Ortiz","Tempo estimado de leitura":"19 minutos"},"schema":{"@context":"https:\/\/schema.org","@graph":[{"@type":"Article","@id":"https:\/\/www.tablaosflamencos.com\/pt-pt\/flamenco-sevilha-bienal-2026-espetaculos-fora-programacao-oficial.html#article","isPartOf":{"@id":"https:\/\/www.tablaosflamencos.com\/pt-pt\/flamenco-sevilha-bienal-2026-espetaculos-fora-programacao-oficial.html"},"author":{"name":"Miguel Ortiz","@id":"https:\/\/www.tablaosflamencos.com\/pt-pt#\/schema\/person\/e7a9ebe14eb75a52ceabfbffb3c54f5d"},"headline":"Flamenco em Sevilha durante a Bienal: onde ver espet\u00e1culos al\u00e9m da programa\u00e7\u00e3o oficial","datePublished":"2026-09-03T20:54:58+00:00","dateModified":"2026-09-03T21:48:07+00:00","mainEntityOfPage":{"@id":"https:\/\/www.tablaosflamencos.com\/pt-pt\/flamenco-sevilha-bienal-2026-espetaculos-fora-programacao-oficial.html"},"wordCount":3841,"publisher":{"@id":"https:\/\/www.tablaosflamencos.com\/pt-pt#organization"},"image":{"@id":"https:\/\/www.tablaosflamencos.com\/pt-pt\/flamenco-sevilha-bienal-2026-espetaculos-fora-programacao-oficial.html#primaryimage"},"thumbnailUrl":"https:\/\/www.tablaosflamencos.com\/wp-content\/uploads\/flamenco-en-sevilla-durante-la-bienal-donde-ver-espectaculos-ademas-de-la-programacion-oficial-01.webp","keywords":["agenda flamenca","Bienal 2026","Bienal de Flamenco","festivales flamencos","flamenco en Sevilla","sevilla","tablaos de Sevilla"],"articleSection":["Bienal de Flamenco de Sevilha"],"inLanguage":"pt-PT"},{"@type":"WebPage","@id":"https:\/\/www.tablaosflamencos.com\/pt-pt\/flamenco-sevilha-bienal-2026-espetaculos-fora-programacao-oficial.html","url":"https:\/\/www.tablaosflamencos.com\/pt-pt\/flamenco-sevilha-bienal-2026-espetaculos-fora-programacao-oficial.html","name":"Flamenco em Sevilha durante a Bienal 2026: onde ver","isPartOf":{"@id":"https:\/\/www.tablaosflamencos.com\/pt-pt#website"},"primaryImageOfPage":{"@id":"https:\/\/www.tablaosflamencos.com\/pt-pt\/flamenco-sevilha-bienal-2026-espetaculos-fora-programacao-oficial.html#primaryimage"},"image":{"@id":"https:\/\/www.tablaosflamencos.com\/pt-pt\/flamenco-sevilha-bienal-2026-espetaculos-fora-programacao-oficial.html#primaryimage"},"thumbnailUrl":"https:\/\/www.tablaosflamencos.com\/wp-content\/uploads\/flamenco-en-sevilla-durante-la-bienal-donde-ver-espectaculos-ademas-de-la-programacion-oficial-01.webp","datePublished":"2026-09-03T20:54:58+00:00","dateModified":"2026-09-03T21:48:07+00:00","description":"Onde ver flamenco em Sevilha durante a Bienal 2026 fora da programa\u00e7\u00e3o oficial: tablaos, zonas, formatos e como combinar as duas experi\u00eancias.","breadcrumb":{"@id":"https:\/\/www.tablaosflamencos.com\/pt-pt\/flamenco-sevilha-bienal-2026-espetaculos-fora-programacao-oficial.html#breadcrumb"},"inLanguage":"pt-PT","potentialAction":[{"@type":"ReadAction","target":["https:\/\/www.tablaosflamencos.com\/pt-pt\/flamenco-sevilha-bienal-2026-espetaculos-fora-programacao-oficial.html"]}]},{"@type":"ImageObject","inLanguage":"pt-PT","@id":"https:\/\/www.tablaosflamencos.com\/pt-pt\/flamenco-sevilha-bienal-2026-espetaculos-fora-programacao-oficial.html#primaryimage","url":"https:\/\/www.tablaosflamencos.com\/wp-content\/uploads\/flamenco-en-sevilla-durante-la-bienal-donde-ver-espectaculos-ademas-de-la-programacion-oficial-01.webp","contentUrl":"https:\/\/www.tablaosflamencos.com\/wp-content\/uploads\/flamenco-en-sevilla-durante-la-bienal-donde-ver-espectaculos-ademas-de-la-programacion-oficial-01.webp","width":1672,"height":941,"caption":"Flamenco en Sevilla durante la Bienal: d\u00f3nde ver espect\u00e1culos adem\u00e1s de la programaci\u00f3n oficial"},{"@type":"BreadcrumbList","@id":"https:\/\/www.tablaosflamencos.com\/pt-pt\/flamenco-sevilha-bienal-2026-espetaculos-fora-programacao-oficial.html#breadcrumb","itemListElement":[{"@type":"ListItem","position":1,"name":"Home","item":"https:\/\/www.tablaosflamencos.com\/pt-pt"},{"@type":"ListItem","position":2,"name":"Flamenco em Sevilha durante a Bienal: onde ver espet\u00e1culos al\u00e9m da programa\u00e7\u00e3o oficial"}]},{"@type":"WebSite","@id":"https:\/\/www.tablaosflamencos.com\/pt-pt#website","url":"https:\/\/www.tablaosflamencos.com\/pt-pt","name":"Tablaos Flamencos","description":"Entradas para tablaos flamencos de Espa\u00f1a","publisher":{"@id":"https:\/\/www.tablaosflamencos.com\/pt-pt#organization"},"alternateName":"Tablaos Flamencos","potentialAction":[{"@type":"SearchAction","target":{"@type":"EntryPoint","urlTemplate":"https:\/\/www.tablaosflamencos.com\/pt-pt?s={search_term_string}"},"query-input":{"@type":"PropertyValueSpecification","valueRequired":true,"valueName":"search_term_string"}}],"inLanguage":"pt-PT"},{"@type":["Organization","Place","EntertainmentBusiness"],"@id":"https:\/\/www.tablaosflamencos.com\/pt-pt#organization","name":"Tablaos Flamencos","alternateName":"Tablaos Flamencos","url":"https:\/\/www.tablaosflamencos.com\/pt-pt","logo":{"@id":"https:\/\/www.tablaosflamencos.com\/pt-pt\/flamenco-sevilha-bienal-2026-espetaculos-fora-programacao-oficial.html#local-main-organization-logo"},"image":{"@id":"https:\/\/www.tablaosflamencos.com\/pt-pt\/flamenco-sevilha-bienal-2026-espetaculos-fora-programacao-oficial.html#local-main-organization-logo"},"sameAs":["https:\/\/www.facebook.com\/tablaosflamencos","https:\/\/x.com\/tablaosflamenco","https:\/\/mastodon.social\/@tablaosflamencos","https:\/\/www.instagram.com\/tablaosflamencos","https:\/\/tiktok.com\/@tablaosflamencos","https:\/\/www.linkedin.com\/company\/109408238\/"],"description":"Venta de entradas para espect\u00e1culos flamencos","legalName":"Tablaos Flamencos","foundingDate":"2015-01-01","numberOfEmployees":{"@type":"QuantitativeValue","minValue":"1","maxValue":"10"},"address":{"@id":"https:\/\/www.tablaosflamencos.com\/pt-pt\/flamenco-sevilha-bienal-2026-espetaculos-fora-programacao-oficial.html#local-main-place-address"},"geo":{"@type":"GeoCoordinates","latitude":"37.3868072","longitude":"-5.993280299999999"},"telephone":["+34623787787"],"contactPoint":{"@type":"ContactPoint","telephone":"+34623787787","email":"info@tablaosflamencos.com"},"openingHoursSpecification":{"@type":"OpeningHoursSpecification","dayOfWeek":["Monday","Tuesday","Wednesday","Thursday","Friday","Saturday","Sunday"],"opens":"00:00","closes":"23:59"},"email":"info@tablaosflamencos.com","priceRange":"$$$","currenciesAccepted":"\u20ac"},{"@type":"Person","@id":"https:\/\/www.tablaosflamencos.com\/pt-pt#\/schema\/person\/e7a9ebe14eb75a52ceabfbffb3c54f5d","name":"Miguel Ortiz","description":"Miguel Ortiz es un empresario flamenco, con una s\u00f3lida trayectoria dentro del sector. Ha presidido entidades culturales vinculadas al flamenco y, cuenta con un amplio recorrido profesional en la gesti\u00f3n y promoci\u00f3n de espect\u00e1culos y tablaos flamencos. Su pasi\u00f3n por la historia y el arte flamenco se refleja en cada art\u00edculo, donde combina experiencia, criterio y un profundo respeto por la tradici\u00f3n.","sameAs":["https:\/\/www.tablaosflamencos.com","https:\/\/www.instagra.com\/miguelortizfe","https:\/\/www.linkedin.com\/in\/miguelortizf\/"],"birthDate":"1984-11-22","gender":"hombre","knowsLanguage":["espa\u00f1ol","ingl\u00e9s"],"jobTitle":"Empresario flamenco"},{"@type":"PostalAddress","@id":"https:\/\/www.tablaosflamencos.com\/pt-pt\/flamenco-sevilha-bienal-2026-espetaculos-fora-programacao-oficial.html#local-main-place-address","streetAddress":"C\/ Alemanes, 19","addressLocality":"Sevilla","postalCode":"41004","addressRegion":"Sevilla","addressCountry":"ES"},{"@type":"ImageObject","inLanguage":"pt-PT","@id":"https:\/\/www.tablaosflamencos.com\/pt-pt\/flamenco-sevilha-bienal-2026-espetaculos-fora-programacao-oficial.html#local-main-organization-logo","url":"https:\/\/www.tablaosflamencos.com\/wp-content\/uploads\/tablaos-flamencos-06-3.webp","contentUrl":"https:\/\/www.tablaosflamencos.com\/wp-content\/uploads\/tablaos-flamencos-06-3.webp","width":600,"height":620,"caption":"Tablaos Flamencos"}]},"geo.placename":"Sevilla","geo.position":{"lat":"37.3868072","long":"-5.993280299999999"},"geo.region":"Espanha"},"_links":{"self":[{"href":"https:\/\/www.tablaosflamencos.com\/pt-pt\/wp-json\/wp\/v2\/posts\/14286","targetHints":{"allow":["GET"]}}],"collection":[{"href":"https:\/\/www.tablaosflamencos.com\/pt-pt\/wp-json\/wp\/v2\/posts"}],"about":[{"href":"https:\/\/www.tablaosflamencos.com\/pt-pt\/wp-json\/wp\/v2\/types\/post"}],"author":[{"embeddable":true,"href":"https:\/\/www.tablaosflamencos.com\/pt-pt\/wp-json\/wp\/v2\/users\/1"}],"replies":[{"embeddable":true,"href":"https:\/\/www.tablaosflamencos.com\/pt-pt\/wp-json\/wp\/v2\/comments?post=14286"}],"version-history":[{"count":2,"href":"https:\/\/www.tablaosflamencos.com\/pt-pt\/wp-json\/wp\/v2\/posts\/14286\/revisions"}],"predecessor-version":[{"id":14317,"href":"https:\/\/www.tablaosflamencos.com\/pt-pt\/wp-json\/wp\/v2\/posts\/14286\/revisions\/14317"}],"wp:featuredmedia":[{"embeddable":true,"href":"https:\/\/www.tablaosflamencos.com\/pt-pt\/wp-json\/wp\/v2\/media\/14269"}],"wp:attachment":[{"href":"https:\/\/www.tablaosflamencos.com\/pt-pt\/wp-json\/wp\/v2\/media?parent=14286"}],"wp:term":[{"taxonomy":"category","embeddable":true,"href":"https:\/\/www.tablaosflamencos.com\/pt-pt\/wp-json\/wp\/v2\/categories?post=14286"},{"taxonomy":"post_tag","embeddable":true,"href":"https:\/\/www.tablaosflamencos.com\/pt-pt\/wp-json\/wp\/v2\/tags?post=14286"}],"curies":[{"name":"wp","href":"https:\/\/api.w.org\/{rel}","templated":true}]}}