{"id":14280,"date":"2026-09-03T23:17:01","date_gmt":"2026-09-03T21:17:01","guid":{"rendered":"https:\/\/www.tablaosflamencos.com\/?p=14280"},"modified":"2026-09-03T23:57:14","modified_gmt":"2026-09-03T21:57:14","slug":"danca-bienal-flamenco-sevilha-2026","status":"publish","type":"post","link":"https:\/\/www.tablaosflamencos.com\/pt-pt\/danca-bienal-flamenco-sevilha-2026.html","title":{"rendered":"A dan\u00e7a na Bienal 2026: das grandes figuras \u00e0 nova gera\u00e7\u00e3o"},"content":{"rendered":"<section class=\"l-section wpb_row height_huge\"><div class=\"l-section-h i-cf\"><div class=\"g-cols vc_row via_flex valign_top type_default stacking_default\"><div class=\"vc_col-sm-6 wpb_column vc_column_container\"><div class=\"vc_column-inner\"><div class=\"wpb_wrapper\"><div class=\"wpb_text_column\"><div class=\"wpb_wrapper\"><h2>A dan\u00e7a na Bienal 2026: das grandes figuras \u00e0 nova gera\u00e7\u00e3o<\/h2>\n<p>A <strong>XXIV Bienal de Flamenco de Sevilha<\/strong> transforma a dan\u00e7a num dos grandes fios condutores da sua programa\u00e7\u00e3o. Entre <strong>9 de setembro e 3 de outubro de 2026<\/strong>, a cidade reunir\u00e1 mais de uma centena de bailaores e bailaoras numa edi\u00e7\u00e3o que permite percorrer quase todo o mapa atual da dan\u00e7a flamenca: grandes companhias, recitais de dan\u00e7a, criadores de autor, propostas de investiga\u00e7\u00e3o, homenagens, corpos coletivos e jovens artistas que come\u00e7am a ocupar o centro do palco.<\/p>\n<p>O elenco \u00e9 especialmente amplo. <strong>Sara Baras, Israel Galv\u00e1n, Manuel Li\u00f1\u00e1n, Farruquito, Andr\u00e9s Mar\u00edn, Olga Pericet, Ana Morales, Pastora Galv\u00e1n, David Coria, Alfonso Losa, Isabel Bay\u00f3n, Patricia Guerrero, Rafaela Carrasco e Mar\u00eda Moreno<\/strong> convivem com nomes como <strong>Juan Tom\u00e1s de la Mol\u00eda, \u00c1gueda Saavedra e Sara Jim\u00e9nez<\/strong>, tr\u00eas exemplos claros de uma gera\u00e7\u00e3o que j\u00e1 n\u00e3o aparece apenas como acompanhamento, mas \u00e0 frente das suas pr\u00f3prias cria\u00e7\u00f5es.<\/p>\n<p>Este guia organiza o programa para perceber <strong>quais as grandes figuras que marcam a edi\u00e7\u00e3o, onde surgem novas linguagens e que encontros permitem descobrir a gera\u00e7\u00e3o que vem a\u00ed<\/strong>.<\/p>\n<\/div><\/div><\/div><\/div><\/div><div class=\"vc_col-sm-6 wpb_column vc_column_container\"><div class=\"vc_column-inner\"><div class=\"wpb_wrapper\"><div class=\"wpb_text_column\"><div class=\"wpb_wrapper\"><h3>Uma edi\u00e7\u00e3o atravessada pelo movimento<\/h3>\n<ul>\n<li><strong>Mais de 100 bailaores e bailaoras<\/strong> no conjunto da programa\u00e7\u00e3o.<\/li>\n<li>Grandes figuras e Pr\u00e9mios Nacionais de Dan\u00e7a.<\/li>\n<li>Estreias absolutas de dan\u00e7a e cria\u00e7\u00e3o c\u00e9nica.<\/li>\n<li>Recitais tradicionais ao lado de linguagens contempor\u00e2neas.<\/li>\n<li>Companhias, solistas e corpos de baile.<\/li>\n<li>Estreias e projetos pr\u00f3prios de uma nova gera\u00e7\u00e3o.<\/li>\n<\/ul>\n<p><strong>Ideia-chave:<\/strong> a Bienal 2026 n\u00e3o prop\u00f5e uma \u00fanica defini\u00e7\u00e3o da dan\u00e7a flamenca. Apresenta-a como uma linguagem capaz de preservar uma escola, rever a sua pr\u00f3pria hist\u00f3ria e abrir-se ao mesmo tempo a novas formas c\u00e9nicas.<\/p>\n<\/div><\/div><\/div><\/div><\/div><\/div><\/div><\/section><section class=\"l-section wpb_row height_huge color_alternate with_shape\"><div class=\"l-section-shape type_zigzag pos_top\" style=\"height:3vmin;\"><svg xmlns=\"http:\/\/www.w3.org\/2000\/svg\" viewBox=\"0 0 64 8\" preserveAspectRatio=\"none\" width=\"100%\" height=\"100%\">\r\n\t<path fill=\"currentColor\" d=\"M64 8 L0 8 L0 0 L20 7.9 L40 3 L48 5 L64 0 Z\"\/>\r\n<\/svg><\/div><div class=\"l-section-shape type_zigzag pos_bottom\" style=\"height:3vmin;\"><svg xmlns=\"http:\/\/www.w3.org\/2000\/svg\" viewBox=\"0 0 64 8\" preserveAspectRatio=\"none\" width=\"100%\" height=\"100%\">\r\n\t<path fill=\"currentColor\" d=\"M64 8 L0 8 L0 0 L20 7.9 L40 3 L48 5 L64 0 Z\"\/>\r\n<\/svg><\/div><div class=\"l-section-h i-cf\"><div class=\"g-cols vc_row via_flex valign_top type_default stacking_default\"><div class=\"vc_col-sm-6 wpb_column vc_column_container\"><div class=\"vc_column-inner\"><div class=\"wpb_wrapper\"><div class=\"wpb_text_column\"><div class=\"wpb_wrapper\"><blockquote>\n<p><strong>Resposta r\u00e1pida:<\/strong> se queres acompanhar a dan\u00e7a na Bienal de Flamenco de Sevilha 2026, os grandes encontros passam por Sara Baras com <em>Infinita<\/em>, Manuel Li\u00f1\u00e1n com <em>Bailaor@<\/em>, Olga Pericet com <em>Perspectivas sobre un baile sonoro<\/em>, Andr\u00e9s Mar\u00edn com <em>Desierto<\/em>, Israel Galv\u00e1n com <em>Bolero de blanco y negro<\/em>, Pastora Galv\u00e1n com <em>TRIBUsssh!<\/em>, Farruquito com <em>Ser\u00e1s Farruquito: el musical<\/em>, David Coria com <em>Babel. Torre viva<\/em> e Alfonso Losa com <em>Gesto m\u00ednimo<\/em>.<\/p>\n<\/blockquote>\n<\/div><\/div><\/div><\/div><\/div><div class=\"vc_col-sm-6 wpb_column vc_column_container\"><div class=\"vc_column-inner\"><div class=\"wpb_wrapper\"><div class=\"wpb_text_column\"><div class=\"wpb_wrapper\"><h3>A nova gera\u00e7\u00e3o tamb\u00e9m ocupa o centro<\/h3>\n<p>A edi\u00e7\u00e3o concede espa\u00e7o pr\u00f3prio a <strong>Juan Tom\u00e1s de la Mol\u00eda e \u00c1gueda Saavedra<\/strong> com <em>Te atrevo<\/em>, e a <strong>Sara Jim\u00e9nez<\/strong> com <em>La compa\u00f1\u00eda<\/em>. A renova\u00e7\u00e3o geracional n\u00e3o aparece como ap\u00eandice do programa, mas como uma das suas linhas de leitura.<\/p>\n<p><strong>\u00daltima atualiza\u00e7\u00e3o: 3 de setembro de 2026.<\/strong> A programa\u00e7\u00e3o, os hor\u00e1rios e a disponibilidade de bilhetes podem sofrer altera\u00e7\u00f5es. Consulta sempre a ficha oficial antes de organizar a visita.<\/p>\n<p><a href=\"https:\/\/www.tablaosflamencos.com\/bienal-flamenco-sevilla-2026.html\"><strong>Guia completo da Bienal 2026<\/strong><\/a> \u00b7 <a href=\"https:\/\/www.tablaosflamencos.com\/grandes-estrenos-bienal-flamenco-sevilla-2026.html\"><strong>Grandes estreias<\/strong><\/a> \u00b7 <a href=\"https:\/\/www.labienal.com\/programa-general\" target=\"_blank\" rel=\"noopener\"><strong>Programa\u00e7\u00e3o oficial<\/strong><\/a><\/p>\n<\/div><\/div><\/div><\/div><\/div><\/div><\/div><\/section><section class=\"l-section wpb_row height_huge\"><div class=\"l-section-h i-cf\"><div class=\"g-cols vc_row via_flex valign_top type_default stacking_default\"><div class=\"vc_col-sm-6 wpb_column vc_column_container\"><div class=\"vc_column-inner\"><div class=\"wpb_wrapper\"><div class=\"wpb_text_column\"><div class=\"wpb_wrapper\"><h2>Conte\u00fado deste guia<\/h2>\n<ul>\n<li><a href=\"#baile-mapa\">Um mapa da dan\u00e7a flamenca atual<\/a><\/li>\n<li><a href=\"#grandes-figuras\">As grandes figuras<\/a><\/li>\n<li><a href=\"#otras-miradas\">Outros olhares consolidados<\/a><\/li>\n<li><a href=\"#nueva-generacion\">A nova gera\u00e7\u00e3o<\/a><\/li>\n<li><a href=\"#estrenos-baile\">As estreias de dan\u00e7a<\/a><\/li>\n<li><a href=\"#fechas-baile\">Datas-chave<\/a><\/li>\n<li><a href=\"#espacios-baile\">Onde ver a melhor dan\u00e7a<\/a><\/li>\n<li><a href=\"#elegir-baile\">O que escolher consoante o teu perfil<\/a><\/li>\n<li><a href=\"#faq-baile\">Perguntas frequentes<\/a><\/li>\n<\/ul>\n<\/div><\/div><\/div><\/div><\/div><div class=\"vc_col-sm-6 wpb_column vc_column_container\"><div class=\"vc_column-inner\"><div class=\"wpb_wrapper\"><div class=\"wpb_text_column\"><div class=\"wpb_wrapper\"><h3>Como ler a programa\u00e7\u00e3o<\/h3>\n<p>N\u00e3o conv\u00e9m dividir a dan\u00e7a de 2026 apenas entre \u00abtradi\u00e7\u00e3o\u00bb e \u00abvanguarda\u00bb. A Bienal mistura escolas, formatos e gera\u00e7\u00f5es. Na mesma semana, podes passar de uma grande companhia para um recital quase despido, de uma coreografia coletiva para uma pe\u00e7a de investiga\u00e7\u00e3o ou da homenagem a uma mestra para uma estreia a solo.<\/p>\n<p>Por isso, este guia agrupa os espet\u00e1culos por <strong>posi\u00e7\u00e3o art\u00edstica<\/strong> e n\u00e3o apenas por data: grandes figuras, autores consolidados, novos criadores, estreias e espa\u00e7os.<\/p>\n<\/div><\/div><\/div><\/div><\/div><\/div><\/div><\/section><section class=\"l-section wpb_row height_huge color_alternate with_shape\"><div class=\"l-section-shape type_zigzag pos_top\" style=\"height:3vmin;\"><svg xmlns=\"http:\/\/www.w3.org\/2000\/svg\" viewBox=\"0 0 64 8\" preserveAspectRatio=\"none\" width=\"100%\" height=\"100%\">\r\n\t<path fill=\"currentColor\" d=\"M64 8 L0 8 L0 0 L20 7.9 L40 3 L48 5 L64 0 Z\"\/>\r\n<\/svg><\/div><div class=\"l-section-shape type_zigzag pos_bottom\" style=\"height:3vmin;\"><svg xmlns=\"http:\/\/www.w3.org\/2000\/svg\" viewBox=\"0 0 64 8\" preserveAspectRatio=\"none\" width=\"100%\" height=\"100%\">\r\n\t<path fill=\"currentColor\" d=\"M64 8 L0 8 L0 0 L20 7.9 L40 3 L48 5 L64 0 Z\"\/>\r\n<\/svg><\/div><div class=\"l-section-h i-cf\"><div class=\"g-cols vc_row via_flex valign_top type_default stacking_default\"><div class=\"vc_col-sm-6 wpb_column vc_column_container\"><div class=\"vc_column-inner\"><div class=\"wpb_wrapper\"><div class=\"wpb_text_column\"><div class=\"wpb_wrapper\"><h2 id=\"baile-mapa\">A Bienal 2026 como mapa da dan\u00e7a flamenca atual<\/h2>\n<p>Uma das melhores formas de compreender a programa\u00e7\u00e3o de 2026 \u00e9 pens\u00e1-la como um mapa de posi\u00e7\u00f5es art\u00edsticas. A pr\u00f3pria Bienal fala de um percurso que vai <strong>da dan\u00e7a essencial e despida aos grandes corpos de baile<\/strong>, da bata de cola a novos c\u00f3digos c\u00e9nicos e da tradi\u00e7\u00e3o de escola \u00e0 cria\u00e7\u00e3o contempor\u00e2nea.<\/p>\n<p>Esta abordagem evita dividir o programa de forma simples entre \u00abtradicional\u00bb e \u00abvanguardista\u00bb. Na realidade, muitas propostas misturam ambos os mundos.<\/p>\n<\/div><\/div><\/div><\/div><\/div><div class=\"vc_col-sm-6 wpb_column vc_column_container\"><div class=\"vc_column-inner\"><div class=\"wpb_wrapper\"><div class=\"wpb_text_column\"><div class=\"wpb_wrapper\"><h3>Tradi\u00e7\u00e3o, autoria e experimenta\u00e7\u00e3o<\/h3>\n<p>Manuel Li\u00f1\u00e1n regressa ao formato de recital para falar de identidade; Olga Pericet rev\u00ea o recital a partir de uma perspetiva contempor\u00e2nea; Israel Galv\u00e1n dialoga com Ravel; Farruquito transforma a pr\u00f3pria biografia e a heran\u00e7a familiar num musical; Ana Morales converte o corpo numa ferramenta para explorar uma Sevilha subterr\u00e2nea imagin\u00e1ria; e Alfonso Losa prop\u00f5e um espet\u00e1culo cujo pr\u00f3prio t\u00edtulo, <em>Gesto m\u00ednimo<\/em>, aponta para a depura\u00e7\u00e3o.<\/p>\n<p>A quest\u00e3o central \u00e9 <strong>como pode a dan\u00e7a evoluir sem deixar de ser reconhecida como flamenco<\/strong>. Cada artista responde a partir de uma posi\u00e7\u00e3o diferente.<\/p>\n<\/div><\/div><\/div><\/div><\/div><\/div><\/div><\/section><section class=\"l-section wpb_row height_huge\"><div class=\"l-section-h i-cf\"><div class=\"g-cols vc_row via_flex valign_top type_default stacking_default\"><div class=\"vc_col-sm-6 wpb_column vc_column_container\"><div class=\"vc_column-inner\"><div class=\"wpb_wrapper\"><div class=\"wpb_text_column\"><div class=\"wpb_wrapper\"><h2 id=\"grandes-figuras\">As grandes figuras: de Sara Baras a Farruquito<\/h2>\n<h3>Sara Baras: o grande regresso<\/h3>\n<p><strong>Sara Baras<\/strong> regressa \u00e0 Bienal catorze anos depois com a estreia absoluta de <em>Infinita<\/em>, programada para os dias <strong>11, 12 e 13 de setembro<\/strong> no Teatro de la Maestranza. A obra articula-se em torno de oito olhares femininos e de uma ideia de identidade andaluza transmitida atrav\u00e9s da dan\u00e7a.<\/p>\n<p>Representa o grande formato de companhia e uma carreira internacional consolidada, mas chega tamb\u00e9m com uma obra nova criada para esta edi\u00e7\u00e3o. Podes saber mais no nosso guia sobre <a href=\"https:\/\/www.tablaosflamencos.com\/sara-baras-sevilla-2026-infinita-bienal.html\"><strong>Sara Baras em Sevilha 2026<\/strong><\/a>.<\/p>\n<h3>Manuel Li\u00f1\u00e1n: recital e identidade<\/h3>\n<p>A <strong>22 de setembro<\/strong>, Manuel Li\u00f1\u00e1n apresenta no Teatro de la Maestranza <em>Bailaor@. Recital de baile<\/em>. A proposta regressa a algo aparentemente simples: dan\u00e7ar. Mas essa simplicidade cont\u00e9m uma declara\u00e7\u00e3o clara sobre identidade, g\u00e9nero e constru\u00e7\u00e3o art\u00edstica.<\/p>\n<\/div><\/div><\/div><\/div><\/div><div class=\"vc_col-sm-6 wpb_column vc_column_container\"><div class=\"vc_column-inner\"><div class=\"wpb_wrapper\"><div class=\"wpb_text_column\"><div class=\"wpb_wrapper\"><h3>Israel Galv\u00e1n: Ravel atrav\u00e9s do corpo flamenco<\/h3>\n<p>A <strong>26 de setembro<\/strong>, Israel Galv\u00e1n estreia no Teatro de la Maestranza <em>Bolero de blanco y negro<\/em>. A obra parte de Maurice Ravel e junta dois pianos, cante, percuss\u00e3o e voz. O interesse est\u00e1 na forma como Galv\u00e1n desmonta o material, procura a sua maquinaria r\u00edtmica e o transforma em terreno coreogr\u00e1fico pr\u00f3prio.<\/p>\n<h3>Farruquito: heran\u00e7a, biografia e grande formato<\/h3>\n<p>A <strong>28 de setembro<\/strong>, Farruquito estreia <em>Ser\u00e1s Farruquito: el musical<\/em> no Teatro de la Maestranza. O espet\u00e1culo percorre a sua vida em cinco atos \u2014o sangue, a aprendizagem, o mundo, a sombra e o legado\u2014 e transforma a biografia em mat\u00e9ria c\u00e9nica.<\/p>\n<p>A montagem incorpora corpo de baile e uma narrativa ampla, mas mant\u00e9m como eixo a <strong>transmiss\u00e3o familiar<\/strong>: uma escola herdada transformada em linguagem pessoal e projetada para o futuro.<\/p>\n<\/div><\/div><\/div><\/div><\/div><\/div><\/div><\/section><section class=\"l-section wpb_row height_huge color_alternate with_shape\"><div class=\"l-section-shape type_zigzag pos_top hor_flip\" style=\"height:3vmin;\"><svg xmlns=\"http:\/\/www.w3.org\/2000\/svg\" viewBox=\"0 0 64 8\" preserveAspectRatio=\"none\" width=\"100%\" height=\"100%\">\r\n\t<path fill=\"currentColor\" d=\"M64 8 L0 8 L0 0 L20 7.9 L40 3 L48 5 L64 0 Z\"\/>\r\n<\/svg><\/div><div class=\"l-section-shape type_zigzag pos_bottom\" style=\"height:3vmin;\"><svg xmlns=\"http:\/\/www.w3.org\/2000\/svg\" viewBox=\"0 0 64 8\" preserveAspectRatio=\"none\" width=\"100%\" height=\"100%\">\r\n\t<path fill=\"currentColor\" d=\"M64 8 L0 8 L0 0 L20 7.9 L40 3 L48 5 L64 0 Z\"\/>\r\n<\/svg><\/div><div class=\"l-section-h i-cf\"><div class=\"g-cols vc_row via_flex valign_top type_default stacking_default\"><div class=\"vc_col-sm-6 wpb_column vc_column_container\"><div class=\"vc_column-inner\"><div class=\"wpb_wrapper\"><div class=\"wpb_text_column\"><div class=\"wpb_wrapper\"><h2 id=\"otras-miradas\">Outros olhares consolidados<\/h2>\n<h3>Ana Morales<\/h3>\n<p>Pr\u00e9mio Nacional de Dan\u00e7a 2022, apresenta nos dias <strong>13 e 14 de setembro<\/strong> na Real F\u00e1brica de Artiller\u00eda a estreia absoluta de <em>Rapsodia. Fantas\u00eda subterr\u00e1nea<\/em>. A obra prop\u00f5e uma descida imagin\u00e1ria at\u00e9 uma Sevilha subterr\u00e2nea e utiliza o corpo para explorar o tel\u00farico, o jondo e o processo criativo.<\/p>\n<h3>Olga Pericet<\/h3>\n<p>Pr\u00e9mio Nacional de Dan\u00e7a 2018, estreia a <strong>21 de setembro<\/strong> no Teatro Central <em>Perspectivas sobre un baile sonoro<\/em>. Rev\u00ea o formato de recital depois de trinta e cinco anos de carreira, a partir da mem\u00f3ria do corpo e do seu presente criativo.<\/p>\n<h3>Andr\u00e9s Mar\u00edn<\/h3>\n<p>Estreia <em>Desierto<\/em> a <strong>25 de setembro<\/strong> no Teatro Central. Aproxima-se da mem\u00f3ria da Alameda de H\u00e9rcules atrav\u00e9s de uma verdade po\u00e9tica e de uma reflex\u00e3o sobre a solid\u00e3o, a marca e aquilo que permanece.<\/p>\n<\/div><\/div><\/div><\/div><\/div><div class=\"vc_col-sm-6 wpb_column vc_column_container\"><div class=\"vc_column-inner\"><div class=\"wpb_wrapper\"><div class=\"wpb_text_column\"><div class=\"wpb_wrapper\"><h3>Pastora Galv\u00e1n<\/h3>\n<p>A <strong>26 de setembro<\/strong> no Teatro Alameda apresenta a estreia absoluta de <em>TRIBUsssh!<\/em>, com dire\u00e7\u00e3o art\u00edstica e curadoria de Israel Galv\u00e1n. A pe\u00e7a cruza a sua dan\u00e7a com duas baterias e outras sonoridades sem perder o pulso flamenco.<\/p>\n<h3>David Coria<\/h3>\n<p>A <strong>29 de setembro<\/strong> leva ao Teatro Lope de Vega <em>Babel. Torre viva<\/em>, estreia nacional de uma obra sobre a diferen\u00e7a, o poder, a fragmenta\u00e7\u00e3o e a possibilidade de construir algo em comum. O corpo coletivo transforma-se em arquitetura c\u00e9nica.<\/p>\n<h3>Isabel Bay\u00f3n, Mar\u00eda Moreno e Alfonso Losa<\/h3>\n<p>A este mapa juntam-se <strong>Isabel Bay\u00f3n<\/strong>, homenageada a 15 de setembro; <strong>Mar\u00eda Moreno<\/strong>, protagonista de <em>Trilog\u00eda. Al baile<\/em> a 23 de setembro na Artiller\u00eda; e <strong>Alfonso Losa<\/strong>, que estrear\u00e1 <em>Gesto m\u00ednimo<\/em> a 2 de outubro no Teatro Lope de Vega.<\/p>\n<\/div><\/div><\/div><\/div><\/div><\/div><\/div><\/section><section class=\"l-section wpb_row height_huge\"><div class=\"l-section-h i-cf\"><div class=\"g-cols vc_row via_flex valign_top type_default stacking_default\"><div class=\"vc_col-sm-6 wpb_column vc_column_container\"><div class=\"vc_column-inner\"><div class=\"wpb_wrapper\"><div class=\"wpb_text_column\"><div class=\"wpb_wrapper\"><h2 id=\"nueva-generacion\">A nova gera\u00e7\u00e3o deixa de ser promessa<\/h2>\n<p>Um dos movimentos mais importantes desta Bienal \u00e9 que v\u00e1rios jovens artistas aparecem j\u00e1 <strong>\u00e0 frente de projetos pr\u00f3prios<\/strong>. N\u00e3o est\u00e3o apenas dentro de um corpo de baile nem como artistas convidados: ocupam t\u00edtulos, dire\u00e7\u00f5es e espa\u00e7os de cria\u00e7\u00e3o.<\/p>\n<h3>Juan Tom\u00e1s de la Mol\u00eda e \u00c1gueda Saavedra: <em>Te atrevo<\/em><\/h3>\n<p>A <strong>23 de setembro<\/strong>, o Teatro Central recebe a estreia absoluta de <em>Te atrevo<\/em>, de <strong>Juan Tom\u00e1s de la Mol\u00eda e \u00c1gueda Saavedra<\/strong>, com dire\u00e7\u00e3o de Manuel Li\u00f1\u00e1n.<\/p>\n<p>A uni\u00e3o \u00e9 significativa: dois int\u00e9rpretes emergentes trabalham sob o olhar de um criador que h\u00e1 anos amplia os limites da dan\u00e7a flamenca contempor\u00e2nea. A Bienal apresenta-os como exemplo de uma gera\u00e7\u00e3o com t\u00e9cnica, personalidade e capacidade para sustentar uma obra pr\u00f3pria.<\/p>\n<\/div><\/div><\/div><\/div><\/div><div class=\"vc_col-sm-6 wpb_column vc_column_container\"><div class=\"vc_column-inner\"><div class=\"wpb_wrapper\"><div class=\"wpb_text_column\"><div class=\"wpb_wrapper\"><h3>Sara Jim\u00e9nez: companhia, cria\u00e7\u00e3o e autoria<\/h3>\n<p>A <strong>29 de setembro<\/strong>, tamb\u00e9m no Teatro Central, <strong>Sara Jim\u00e9nez<\/strong> estreia <em>La compa\u00f1\u00eda<\/em>. Assina a ideia original, a dire\u00e7\u00e3o e a coreografia e partilha o palco com Julio Ruiz e Mariana Collado.<\/p>\n<p>A nova gera\u00e7\u00e3o n\u00e3o se define apenas pela idade, mas pela capacidade de assumir <strong>autoria, discurso, dire\u00e7\u00e3o e responsabilidade c\u00e9nica<\/strong>.<\/p>\n<h3>\u00c1gueda Saavedra, tamb\u00e9m com Alfonso Losa<\/h3>\n<p>\u00c1gueda Saavedra volta a aparecer a <strong>2 de outubro<\/strong> em <em>Gesto m\u00ednimo<\/em> de Alfonso Losa, ao lado de Karen Lugo e Yoel Vargas. Esta dupla presen\u00e7a mostra como os jovens circulam entre projetos pr\u00f3prios e trabalhos com criadores consolidados.<\/p>\n<p><strong>A nova gera\u00e7\u00e3o n\u00e3o substitui as figuras anteriores: convive com elas.<\/strong> Esse cruzamento \u00e9 uma das chaves de 2026.<\/p>\n<\/div><\/div><\/div><\/div><\/div><\/div><\/div><\/section><section class=\"l-section wpb_row height_huge color_alternate with_shape\"><div class=\"l-section-shape type_zigzag pos_top\" style=\"height:3vmin;\"><svg xmlns=\"http:\/\/www.w3.org\/2000\/svg\" viewBox=\"0 0 64 8\" preserveAspectRatio=\"none\" width=\"100%\" height=\"100%\">\r\n\t<path fill=\"currentColor\" d=\"M64 8 L0 8 L0 0 L20 7.9 L40 3 L48 5 L64 0 Z\"\/>\r\n<\/svg><\/div><div class=\"l-section-shape type_zigzag pos_bottom\" style=\"height:3vmin;\"><svg xmlns=\"http:\/\/www.w3.org\/2000\/svg\" viewBox=\"0 0 64 8\" preserveAspectRatio=\"none\" width=\"100%\" height=\"100%\">\r\n\t<path fill=\"currentColor\" d=\"M64 8 L0 8 L0 0 L20 7.9 L40 3 L48 5 L64 0 Z\"\/>\r\n<\/svg><\/div><div class=\"l-section-h i-cf\"><div class=\"g-cols vc_row via_flex valign_top type_default stacking_default\"><div class=\"vc_col-sm-6 wpb_column vc_column_container\"><div class=\"vc_column-inner\"><div class=\"wpb_wrapper\"><div class=\"wpb_text_column\"><div class=\"wpb_wrapper\"><h2 id=\"estrenos-baile\">As estreias fazem da dan\u00e7a um dos motores criativos de 2026<\/h2>\n<p>O peso da dan\u00e7a nota-se especialmente nas estreias. Sara Baras, Ana Morales, Olga Pericet, Andr\u00e9s Mar\u00edn, Israel Galv\u00e1n, Pastora Galv\u00e1n, Farruquito, Sara Jim\u00e9nez e Alfonso Losa apresentam trabalhos novos ou vers\u00f5es criadas especificamente para esta edi\u00e7\u00e3o. Juan Tom\u00e1s de la Mol\u00eda e \u00c1gueda Saavedra estreiam juntos com <em>Te atrevo<\/em> e Mar\u00eda Moreno participa na estreia de <em>Trilog\u00eda. Al baile<\/em>.<\/p>\n<p>Muitas destas pe\u00e7as <strong>nascer\u00e3o em Sevilha<\/strong> e depois poder\u00e3o circular por outros teatros e festivais. Assistir a uma estreia significa ver uma obra antes de a cr\u00edtica, as digress\u00f5es e o tempo fixarem definitivamente a sua leitura.<\/p>\n<\/div><\/div><\/div><\/div><\/div><div class=\"vc_col-sm-6 wpb_column vc_column_container\"><div class=\"vc_column-inner\"><div class=\"wpb_wrapper\"><div class=\"wpb_text_column\"><div class=\"wpb_wrapper\"><h3>Estreias especialmente destacadas<\/h3>\n<ul>\n<li>Sara Baras \u00b7 <em>Infinita<\/em><\/li>\n<li>Ana Morales \u00b7 <em>Rapsodia. Fantas\u00eda subterr\u00e1nea<\/em><\/li>\n<li>Olga Pericet \u00b7 <em>Perspectivas sobre un baile sonoro<\/em><\/li>\n<li>Juan Tom\u00e1s de la Mol\u00eda e \u00c1gueda Saavedra \u00b7 <em>Te atrevo<\/em><\/li>\n<li>Andr\u00e9s Mar\u00edn \u00b7 <em>Desierto<\/em><\/li>\n<li>Israel Galv\u00e1n \u00b7 <em>Bolero de blanco y negro<\/em><\/li>\n<li>Pastora Galv\u00e1n \u00b7 <em>TRIBUsssh!<\/em><\/li>\n<li>Farruquito \u00b7 <em>Ser\u00e1s Farruquito: el musical<\/em><\/li>\n<li>Sara Jim\u00e9nez \u00b7 <em>La compa\u00f1\u00eda<\/em><\/li>\n<li>Alfonso Losa \u00b7 <em>Gesto m\u00ednimo<\/em><\/li>\n<\/ul>\n<p>Para aprofundar esta parte, consulta <a href=\"https:\/\/www.tablaosflamencos.com\/grandes-estrenos-bienal-flamenco-sevilla-2026.html\"><strong>as grandes estreias da Bienal 2026<\/strong><\/a>.<\/p>\n<\/div><\/div><\/div><\/div><\/div><\/div><\/div><\/section><section class=\"l-section wpb_row height_huge\"><div class=\"l-section-h i-cf\"><div class=\"g-cols vc_row via_flex valign_top type_default stacking_default\"><div class=\"vc_col-sm-12 wpb_column vc_column_container\"><div class=\"vc_column-inner\"><div class=\"wpb_wrapper\"><div class=\"wpb_text_column\"><div class=\"wpb_wrapper\"><h2 id=\"fechas-baile\">Datas-chave da dan\u00e7a na Bienal 2026<\/h2>\n<div style=\"overflow-x: auto;\">\n<table>\n<thead>\n<tr>\n<th>Data<\/th>\n<th>Artista \/ espet\u00e1culo<\/th>\n<th>Espa\u00e7o<\/th>\n<th>Chave<\/th>\n<\/tr>\n<\/thead>\n<tbody>\n<tr>\n<td><strong>10 setembro<\/strong><\/td>\n<td>Ballet Flamenco de Andaluc\u00eda com Patricia Guerrero \u00b7 <em>El mundo por montera<\/em><\/td>\n<td>Real Maestranza<\/td>\n<td>Gala e grande formato<\/td>\n<\/tr>\n<tr>\n<td><strong>11\u201313 setembro<\/strong><\/td>\n<td>Sara Baras \u00b7 <em>Infinita<\/em><\/td>\n<td>Teatro de la Maestranza<\/td>\n<td>Estreia absoluta<\/td>\n<\/tr>\n<tr>\n<td><strong>13\u201314 setembro<\/strong><\/td>\n<td>Ana Morales \u00b7 <em>Rapsodia. Fantas\u00eda subterr\u00e1nea<\/em><\/td>\n<td>Real F\u00e1brica de Artiller\u00eda<\/td>\n<td>Estreia absoluta<\/td>\n<\/tr>\n<tr>\n<td><strong>15 setembro<\/strong><\/td>\n<td>Homenagem a Isabel Bay\u00f3n \u00b7 <em>Ep\u00edlogo de un cante que se hizo baile<\/em><\/td>\n<td>Teatro Central<\/td>\n<td>Mem\u00f3ria e percurso<\/td>\n<\/tr>\n<tr>\n<td><strong>21 setembro<\/strong><\/td>\n<td>Olga Pericet \u00b7 <em>Perspectivas sobre un baile sonoro<\/em><\/td>\n<td>Teatro Central<\/td>\n<td>Estreia absoluta<\/td>\n<\/tr>\n<tr>\n<td><strong>22 setembro<\/strong><\/td>\n<td>Manuel Li\u00f1\u00e1n \u00b7 <em>Bailaor@<\/em><\/td>\n<td>Teatro de la Maestranza<\/td>\n<td>Noite \u00danica<\/td>\n<\/tr>\n<tr>\n<td><strong>23 setembro<\/strong><\/td>\n<td>Juan Tom\u00e1s de la Mol\u00eda &amp; \u00c1gueda Saavedra \u00b7 <em>Te atrevo<\/em><\/td>\n<td>Teatro Central<\/td>\n<td>Nova gera\u00e7\u00e3o<\/td>\n<\/tr>\n<tr>\n<td><strong>23 setembro<\/strong><\/td>\n<td>Mar\u00eda Moreno \u00b7 <em>Trilog\u00eda. Al baile<\/em><\/td>\n<td>Real F\u00e1brica de Artiller\u00eda<\/td>\n<td>Estreia absoluta<\/td>\n<\/tr>\n<tr>\n<td><strong>25 setembro<\/strong><\/td>\n<td>Andr\u00e9s Mar\u00edn \u00b7 <em>Desierto<\/em><\/td>\n<td>Teatro Central<\/td>\n<td>Estreia absoluta<\/td>\n<\/tr>\n<tr>\n<td><strong>26 setembro<\/strong><\/td>\n<td>Israel Galv\u00e1n \u00b7 <em>Bolero de blanco y negro<\/em><\/td>\n<td>Teatro de la Maestranza<\/td>\n<td>Estreia absoluta<\/td>\n<\/tr>\n<tr>\n<td><strong>26 setembro<\/strong><\/td>\n<td>Pastora Galv\u00e1n \u00b7 <em>TRIBUsssh!<\/em><\/td>\n<td>Teatro Alameda<\/td>\n<td>Estreia absoluta<\/td>\n<\/tr>\n<tr>\n<td><strong>28 setembro<\/strong><\/td>\n<td>Farruquito \u00b7 <em>Ser\u00e1s Farruquito: el musical<\/em><\/td>\n<td>Teatro de la Maestranza<\/td>\n<td>Estreia absoluta<\/td>\n<\/tr>\n<tr>\n<td><strong>29 setembro<\/strong><\/td>\n<td>David Coria \u00b7 <em>Babel. Torre viva<\/em><\/td>\n<td>Teatro Lope de Vega<\/td>\n<td>Estreia nacional<\/td>\n<\/tr>\n<tr>\n<td><strong>29 setembro<\/strong><\/td>\n<td>Sara Jim\u00e9nez \u00b7 <em>La compa\u00f1\u00eda<\/em><\/td>\n<td>Teatro Central<\/td>\n<td>Nova gera\u00e7\u00e3o<\/td>\n<\/tr>\n<tr>\n<td><strong>2 outubro<\/strong><\/td>\n<td>Alfonso Losa \u00b7 <em>Gesto m\u00ednimo<\/em><\/td>\n<td>Teatro Lope de Vega<\/td>\n<td>Estreia absoluta<\/td>\n<\/tr>\n<tr>\n<td><strong>3 outubro<\/strong><\/td>\n<td>Rafaela Carrasco em <em>Perlas a millares<\/em><\/td>\n<td>Teatro de la Maestranza<\/td>\n<td>Encerramento<\/td>\n<\/tr>\n<\/tbody>\n<\/table>\n<\/div>\n<p><small>Sele\u00e7\u00e3o orientativa de encontros especialmente relevantes para acompanhar a dan\u00e7a. Existem outras propostas da Bienal em que a dan\u00e7a surge em galas, encontros e espet\u00e1culos mistos.<\/small><\/p>\n<\/div><\/div><\/div><\/div><\/div><\/div><\/div><\/section><section class=\"l-section wpb_row height_huge color_alternate with_shape\"><div class=\"l-section-shape type_zigzag pos_top hor_flip\" style=\"height:3vmin;\"><svg xmlns=\"http:\/\/www.w3.org\/2000\/svg\" viewBox=\"0 0 64 8\" preserveAspectRatio=\"none\" width=\"100%\" height=\"100%\">\r\n\t<path fill=\"currentColor\" d=\"M64 8 L0 8 L0 0 L20 7.9 L40 3 L48 5 L64 0 Z\"\/>\r\n<\/svg><\/div><div class=\"l-section-shape type_zigzag pos_bottom\" style=\"height:3vmin;\"><svg xmlns=\"http:\/\/www.w3.org\/2000\/svg\" viewBox=\"0 0 64 8\" preserveAspectRatio=\"none\" width=\"100%\" height=\"100%\">\r\n\t<path fill=\"currentColor\" d=\"M64 8 L0 8 L0 0 L20 7.9 L40 3 L48 5 L64 0 Z\"\/>\r\n<\/svg><\/div><div class=\"l-section-h i-cf\"><div class=\"g-cols vc_row via_flex valign_top type_default stacking_default\"><div class=\"vc_col-sm-6 wpb_column vc_column_container\"><div class=\"vc_column-inner\"><div class=\"wpb_wrapper\"><div class=\"wpb_text_column\"><div class=\"wpb_wrapper\"><h2 id=\"espacios-baile\">Os espa\u00e7os mudam a forma de olhar a dan\u00e7a<\/h2>\n<p>A dan\u00e7a \u00e9 provavelmente a disciplina da Bienal em que mais se percebe a rela\u00e7\u00e3o entre corpo e espa\u00e7o. N\u00e3o \u00e9 o mesmo ver uma grande companhia no Teatro de la Maestranza, um trabalho de investiga\u00e7\u00e3o no Teatro Central ou uma pe\u00e7a dentro da arquitetura industrial da Real F\u00e1brica de Artiller\u00eda.<\/p>\n<p>O <strong>Teatro de la Maestranza<\/strong> concentra v\u00e1rios dos grandes formatos: Sara Baras, Manuel Li\u00f1\u00e1n, Israel Galv\u00e1n e Farruquito.<\/p>\n<\/div><\/div><\/div><\/div><\/div><div class=\"vc_col-sm-6 wpb_column vc_column_container\"><div class=\"vc_column-inner\"><div class=\"wpb_wrapper\"><div class=\"wpb_text_column\"><div class=\"wpb_wrapper\"><h3>Um percurso por quatro palcos<\/h3>\n<p>O <strong>Teatro Central<\/strong> funciona como laborat\u00f3rio para Olga Pericet, Juan Tom\u00e1s de la Mol\u00eda e \u00c1gueda Saavedra, Andr\u00e9s Mar\u00edn e Sara Jim\u00e9nez. A <strong>Real F\u00e1brica de Artiller\u00eda<\/strong> oferece um enquadramento singular para Ana Morales e Mar\u00eda Moreno, enquanto o <strong>Teatro Lope de Vega<\/strong> recebe David Coria e Alfonso Losa.<\/p>\n<p>Esta distribui\u00e7\u00e3o permite construir um percurso que n\u00e3o repete a mesma experi\u00eancia c\u00e9nica. Podes comparar os espa\u00e7os no nosso guia dos <a href=\"https:\/\/www.tablaosflamencos.com\/espacios-espectaculares-bienal-flamenco-sevilla-2026.html\"><strong>espa\u00e7os mais espetaculares da Bienal 2026<\/strong><\/a>.<\/p>\n<\/div><\/div><\/div><\/div><\/div><\/div><\/div><\/section><section class=\"l-section wpb_row height_huge\"><div class=\"l-section-h i-cf\"><div class=\"g-cols vc_row via_flex valign_top type_default stacking_default\"><div class=\"vc_col-sm-6 wpb_column vc_column_container\"><div class=\"vc_column-inner\"><div class=\"wpb_wrapper\"><div class=\"wpb_text_column\"><div class=\"wpb_wrapper\"><h2 id=\"elegir-baile\">Que espet\u00e1culo escolher consoante o tipo de dan\u00e7a que procuras<\/h2>\n<h3>Se queres uma grande produ\u00e7\u00e3o<\/h3>\n<p>Come\u00e7a por <strong>Sara Baras<\/strong> ou <strong>Farruquito<\/strong>. Ambos trabalham com formatos amplos, dramaturgia, cenografia e uma linguagem pensada para grandes teatros. Tamb\u00e9m o Ballet Flamenco de Andaluc\u00eda em <em>El mundo por montera<\/em> permite ver um corpo de baile institucional numa produ\u00e7\u00e3o excecional.<\/p>\n<h3>Se procuras dan\u00e7a de autor<\/h3>\n<p><strong>Israel Galv\u00e1n, Andr\u00e9s Mar\u00edn, Ana Morales, Olga Pericet e David Coria<\/strong> oferecem cinco caminhos muito diferentes para ver como o flamenco dialoga com outras m\u00fasicas, dramaturgias, conceitos e linguagens f\u00edsicas.<\/p>\n<\/div><\/div><\/div><\/div><\/div><div class=\"vc_col-sm-6 wpb_column vc_column_container\"><div class=\"vc_column-inner\"><div class=\"wpb_wrapper\"><div class=\"wpb_text_column\"><div class=\"wpb_wrapper\"><h3>Se preferes recital e uma rela\u00e7\u00e3o direta com o flamenco<\/h3>\n<p><strong>Manuel Li\u00f1\u00e1n<\/strong> transforma o recital no centro da sua proposta. <strong>Alfonso Losa<\/strong> tamb\u00e9m pode ser especialmente interessante para quem procura depura\u00e7\u00e3o coreogr\u00e1fica e aten\u00e7\u00e3o ao gesto.<\/p>\n<h3>Se queres descobrir a nova gera\u00e7\u00e3o<\/h3>\n<p>Reserva espa\u00e7o para <strong>Juan Tom\u00e1s de la Mol\u00eda e \u00c1gueda Saavedra<\/strong> e para <strong>Sara Jim\u00e9nez<\/strong>.<\/p>\n<h3>Se queres uma Bienal equilibrada<\/h3>\n<p>Combina pelo menos tr\u00eas perfis: uma grande figura, um criador de autor e uma proposta jovem. Por exemplo: Sara Baras ou Farruquito; Israel Galv\u00e1n, Ana Morales ou Olga Pericet; e <em>Te atrevo<\/em> ou <em>La compa\u00f1\u00eda<\/em>.<\/p>\n<p><a href=\"https:\/\/www.tablaosflamencos.com\/bienal-flamenco-2026-entradas-precios-descuentos.html\"><strong>Bilhetes, pre\u00e7os e descontos<\/strong><\/a> \u00b7 <a href=\"https:\/\/www.tablaosflamencos.com\/cante-bienal-flamenco-sevilla-2026.html\"><strong>O cante na Bienal 2026<\/strong><\/a> \u00b7 <a href=\"https:\/\/www.tablaosflamencos.com\/guitarra-bienal-flamenco-2026-espectaculos-imprescindibles.html\"><strong>A guitarra na Bienal 2026<\/strong><\/a><\/p>\n<\/div><\/div><\/div><\/div><\/div><\/div><\/div><\/section><section class=\"l-section wpb_row height_huge color_alternate with_shape\"><div class=\"l-section-shape type_zigzag pos_top\" style=\"height:3vmin;\"><svg xmlns=\"http:\/\/www.w3.org\/2000\/svg\" viewBox=\"0 0 64 8\" preserveAspectRatio=\"none\" width=\"100%\" height=\"100%\">\r\n\t<path fill=\"currentColor\" d=\"M64 8 L0 8 L0 0 L20 7.9 L40 3 L48 5 L64 0 Z\"\/>\r\n<\/svg><\/div><div class=\"l-section-shape type_zigzag pos_bottom\" style=\"height:3vmin;\"><svg xmlns=\"http:\/\/www.w3.org\/2000\/svg\" viewBox=\"0 0 64 8\" preserveAspectRatio=\"none\" width=\"100%\" height=\"100%\">\r\n\t<path fill=\"currentColor\" d=\"M64 8 L0 8 L0 0 L20 7.9 L40 3 L48 5 L64 0 Z\"\/>\r\n<\/svg><\/div><div class=\"l-section-h i-cf\"><div class=\"g-cols vc_row via_flex valign_top type_default stacking_default\"><div class=\"vc_col-sm-1\/5 wpb_column vc_column_container\"><div class=\"vc_column-inner\"><div class=\"wpb_wrapper\"><\/div><\/div><\/div><div class=\"vc_col-sm-3\/5 wpb_column vc_column_container\"><div class=\"vc_column-inner\"><div class=\"wpb_wrapper\"><div class=\"wpb_text_column\"><div class=\"wpb_wrapper\"><h2 id=\"faq-baile\">Perguntas frequentes sobre a dan\u00e7a na Bienal 2026<\/h2>\n<\/div><\/div><div class=\"w-separator size_medium\"><\/div><div class=\"w-tabs accordion toggle_style_1 has_scrolling\" style=\"--sections-title-size:inherit;--sections-gap:0.5rem;\"><div class=\"w-tabs-sections titles-align_none icon_plus cpos_left\"><div class=\"w-tabs-section\" id=\"jabc\" itemscope itemprop=\"mainEntity\" itemtype=\"https:\/\/schema.org\/Question\"><button type=\"button\" class=\"w-tabs-section-header\" aria-controls=\"content-jabc\" aria-expanded=\"false\"><h3 class=\"w-tabs-section-title\" itemprop=\"name\">Quantos bailaores e bailaoras participam na Bienal 2026?<\/h3><div class=\"w-tabs-section-control\"><\/div><\/button><div  class=\"w-tabs-section-content\" id=\"content-jabc\" itemscope itemprop=\"acceptedAnswer\" itemtype=\"https:\/\/schema.org\/Answer\"><div class=\"w-tabs-section-content-h i-cf\" itemprop=\"text\"><div class=\"wpb_text_column\"><div class=\"wpb_wrapper\"><p>A organiza\u00e7\u00e3o fala de <strong>mais de uma centena de bailaores e bailaoras<\/strong> no conjunto da edi\u00e7\u00e3o. O n\u00famero inclui solistas, companhias, corpos de baile e artistas que participam em galas e espet\u00e1culos mistos.<\/p>\n<\/div><\/div><\/div><\/div><\/div><div class=\"w-tabs-section\" id=\"nc54\" itemscope itemprop=\"mainEntity\" itemtype=\"https:\/\/schema.org\/Question\"><button type=\"button\" class=\"w-tabs-section-header\" aria-controls=\"content-nc54\" aria-expanded=\"false\"><h3 class=\"w-tabs-section-title\" itemprop=\"name\">Quais s\u00e3o as grandes figuras da dan\u00e7a na Bienal 2026?<\/h3><div class=\"w-tabs-section-control\"><\/div><\/button><div  class=\"w-tabs-section-content\" id=\"content-nc54\" itemscope itemprop=\"acceptedAnswer\" itemtype=\"https:\/\/schema.org\/Answer\"><div class=\"w-tabs-section-content-h i-cf\" itemprop=\"text\"><div class=\"wpb_text_column\"><div class=\"wpb_wrapper\"><p>Entre os nomes mais destacados est\u00e3o Sara Baras, Israel Galv\u00e1n, Manuel Li\u00f1\u00e1n, Farruquito, Andr\u00e9s Mar\u00edn, Olga Pericet, Ana Morales, Pastora Galv\u00e1n, David Coria, Alfonso Losa, Isabel Bay\u00f3n, Patricia Guerrero, Rafaela Carrasco e Mar\u00eda Moreno.<\/p>\n<\/div><\/div><\/div><\/div><\/div><div class=\"w-tabs-section\" id=\"od5e\" itemscope itemprop=\"mainEntity\" itemtype=\"https:\/\/schema.org\/Question\"><button type=\"button\" class=\"w-tabs-section-header\" aria-controls=\"content-od5e\" aria-expanded=\"false\"><h3 class=\"w-tabs-section-title\" itemprop=\"name\">Que jovens bailaores e bailaoras se destacam em 2026?<\/h3><div class=\"w-tabs-section-control\"><\/div><\/button><div  class=\"w-tabs-section-content\" id=\"content-od5e\" itemscope itemprop=\"acceptedAnswer\" itemtype=\"https:\/\/schema.org\/Answer\"><div class=\"w-tabs-section-content-h i-cf\" itemprop=\"text\"><div class=\"wpb_text_column\"><div class=\"wpb_wrapper\"><p>A Bienal destaca especialmente Juan Tom\u00e1s de la Mol\u00eda, \u00c1gueda Saavedra e Sara Jim\u00e9nez, que assumem um protagonismo pr\u00f3prio dentro da programa\u00e7\u00e3o. Tamb\u00e9m surgem jovens int\u00e9rpretes em companhias e projetos de artistas consolidados.<\/p>\n<\/div><\/div><\/div><\/div><\/div><div class=\"w-tabs-section\" id=\"fe61\" itemscope itemprop=\"mainEntity\" itemtype=\"https:\/\/schema.org\/Question\"><button type=\"button\" class=\"w-tabs-section-header\" aria-controls=\"content-fe61\" aria-expanded=\"false\"><h3 class=\"w-tabs-section-title\" itemprop=\"name\">Quando atua Sara Baras?<\/h3><div class=\"w-tabs-section-control\"><\/div><\/button><div  class=\"w-tabs-section-content\" id=\"content-fe61\" itemscope itemprop=\"acceptedAnswer\" itemtype=\"https:\/\/schema.org\/Answer\"><div class=\"w-tabs-section-content-h i-cf\" itemprop=\"text\"><div class=\"wpb_text_column\"><div class=\"wpb_wrapper\"><p>Sara Baras apresenta <em>Infinita<\/em> no Teatro de la Maestranza nos dias 11, 12 e 13 de setembro de 2026. \u00c9 uma estreia absoluta e marca o seu regresso \u00e0 Bienal ap\u00f3s catorze anos.<\/p>\n<\/div><\/div><\/div><\/div><\/div><div class=\"w-tabs-section\" id=\"rf46\" itemscope itemprop=\"mainEntity\" itemtype=\"https:\/\/schema.org\/Question\"><button type=\"button\" class=\"w-tabs-section-header\" aria-controls=\"content-rf46\" aria-expanded=\"false\"><h3 class=\"w-tabs-section-title\" itemprop=\"name\">Que espet\u00e1culo apresenta Israel Galv\u00e1n?<\/h3><div class=\"w-tabs-section-control\"><\/div><\/button><div  class=\"w-tabs-section-content\" id=\"content-rf46\" itemscope itemprop=\"acceptedAnswer\" itemtype=\"https:\/\/schema.org\/Answer\"><div class=\"w-tabs-section-content-h i-cf\" itemprop=\"text\"><div class=\"wpb_text_column\"><div class=\"wpb_wrapper\"><p>Israel Galv\u00e1n estreia <em>Bolero de blanco y negro<\/em> a 26 de setembro no Teatro de la Maestranza. A obra dialoga com a m\u00fasica de Maurice Ravel e com outros boleros a partir da sua linguagem coreogr\u00e1fica.<\/p>\n<\/div><\/div><\/div><\/div><\/div><div class=\"w-tabs-section\" id=\"b014\" itemscope itemprop=\"mainEntity\" itemtype=\"https:\/\/schema.org\/Question\"><button type=\"button\" class=\"w-tabs-section-header\" aria-controls=\"content-b014\" aria-expanded=\"false\"><h3 class=\"w-tabs-section-title\" itemprop=\"name\">Onde se concentra a dan\u00e7a mais experimental?<\/h3><div class=\"w-tabs-section-control\"><\/div><\/button><div  class=\"w-tabs-section-content\" id=\"content-b014\" itemscope itemprop=\"acceptedAnswer\" itemtype=\"https:\/\/schema.org\/Answer\"><div class=\"w-tabs-section-content-h i-cf\" itemprop=\"text\"><div class=\"wpb_text_column\"><div class=\"wpb_wrapper\"><p>O Teatro Central re\u00fane v\u00e1rias das propostas mais orientadas para investiga\u00e7\u00e3o e cria\u00e7\u00e3o contempor\u00e2nea, com Olga Pericet, Juan Tom\u00e1s de la Mol\u00eda e \u00c1gueda Saavedra, Andr\u00e9s Mar\u00edn e Sara Jim\u00e9nez, entre outros.<\/p>\n<\/div><\/div><\/div><\/div><\/div><div class=\"w-tabs-section\" id=\"e122\" itemscope itemprop=\"mainEntity\" itemtype=\"https:\/\/schema.org\/Question\"><button type=\"button\" class=\"w-tabs-section-header\" aria-controls=\"content-e122\" aria-expanded=\"false\"><h3 class=\"w-tabs-section-title\" itemprop=\"name\">H\u00e1 espet\u00e1culos de dan\u00e7a na Real F\u00e1brica de Artiller\u00eda?<\/h3><div class=\"w-tabs-section-control\"><\/div><\/button><div  class=\"w-tabs-section-content\" id=\"content-e122\" itemscope itemprop=\"acceptedAnswer\" itemtype=\"https:\/\/schema.org\/Answer\"><div class=\"w-tabs-section-content-h i-cf\" itemprop=\"text\"><div class=\"wpb_text_column\"><div class=\"wpb_wrapper\"><p>Sim. Ana Morales estreia ali <em>Rapsodia. Fantas\u00eda subterr\u00e1nea<\/em> nos dias 13 e 14 de setembro, e Mar\u00eda Moreno participa a 23 de setembro em <em>Trilog\u00eda. Al baile<\/em> com Pablo Mart\u00edn Caminero.<\/p>\n<\/div><\/div><\/div><\/div><\/div><div class=\"w-tabs-section\" id=\"r203\" itemscope itemprop=\"mainEntity\" itemtype=\"https:\/\/schema.org\/Question\"><button type=\"button\" class=\"w-tabs-section-header\" aria-controls=\"content-r203\" aria-expanded=\"false\"><h3 class=\"w-tabs-section-title\" itemprop=\"name\">Qual \u00e9 uma boa op\u00e7\u00e3o para descobrir a nova gera\u00e7\u00e3o?<\/h3><div class=\"w-tabs-section-control\"><\/div><\/button><div  class=\"w-tabs-section-content\" id=\"content-r203\" itemscope itemprop=\"acceptedAnswer\" itemtype=\"https:\/\/schema.org\/Answer\"><div class=\"w-tabs-section-content-h i-cf\" itemprop=\"text\"><div class=\"wpb_text_column\"><div class=\"wpb_wrapper\"><p><em>Te atrevo<\/em>, de Juan Tom\u00e1s de la Mol\u00eda e \u00c1gueda Saavedra, a 23 de setembro, e <em>La compa\u00f1\u00eda<\/em>, de Sara Jim\u00e9nez, a 29 de setembro, s\u00e3o dois dos encontros mais claros para acompanhar os novos criadores.<\/p>\n<\/div><\/div><\/div><\/div><\/div><div class=\"w-tabs-section\" id=\"y316\" itemscope itemprop=\"mainEntity\" itemtype=\"https:\/\/schema.org\/Question\"><button type=\"button\" class=\"w-tabs-section-header\" aria-controls=\"content-y316\" aria-expanded=\"false\"><h3 class=\"w-tabs-section-title\" itemprop=\"name\">Onde posso ver os pre\u00e7os e comprar bilhetes?<\/h3><div class=\"w-tabs-section-control\"><\/div><\/button><div  class=\"w-tabs-section-content\" id=\"content-y316\" itemscope itemprop=\"acceptedAnswer\" itemtype=\"https:\/\/schema.org\/Answer\"><div class=\"w-tabs-section-content-h i-cf\" itemprop=\"text\"><div class=\"wpb_text_column\"><div class=\"wpb_wrapper\"><p>A venda \u00e9 feita atrav\u00e9s dos canais oficiais indicados em cada ficha da Bienal. Tamb\u00e9m podes consultar o nosso <a href=\"https:\/\/www.tablaosflamencos.com\/bienal-flamenco-2026-entradas-precios-descuentos.html\"><strong>guia de bilhetes, pre\u00e7os e descontos da Bienal 2026<\/strong><\/a>.<\/p>\n<\/div><\/div><\/div><\/div><\/div><\/div><\/div><\/div><\/div><\/div><div class=\"vc_col-sm-1\/5 wpb_column vc_column_container\"><div class=\"vc_column-inner\"><div class=\"wpb_wrapper\"><\/div><\/div><\/div><\/div><\/div><\/section><section class=\"l-section wpb_row height_huge\"><div class=\"l-section-h i-cf\"><div class=\"g-cols vc_row via_flex valign_top type_default stacking_default\"><div class=\"vc_col-sm-6 wpb_column vc_column_container\"><div class=\"vc_column-inner\"><div class=\"wpb_wrapper\"><div class=\"wpb_text_column\"><div class=\"wpb_wrapper\"><h2>Do legado ao futuro: uma Bienal que se explica a dan\u00e7ar<\/h2>\n<p>A dan\u00e7a da Bienal 2026 n\u00e3o funciona como um bloco independente do resto do festival. Est\u00e1 ligada ao cante, \u00e0 guitarra, \u00e0 mem\u00f3ria, aos espa\u00e7os e \u00e0 evolu\u00e7\u00e3o do pr\u00f3prio flamenco como arte c\u00e9nica.<\/p>\n<p>As grandes figuras mostram at\u00e9 onde pode chegar uma carreira madura. Os criadores consolidados demonstram que existem muitas formas de investigar sem romper com a raiz. E a gera\u00e7\u00e3o jovem come\u00e7a a ocupar um espa\u00e7o em que j\u00e1 n\u00e3o basta executar bem: <strong>\u00e9 preciso propor, dirigir, assinar e construir um olhar pr\u00f3prio<\/strong>.<\/p>\n<\/div><\/div><\/div><\/div><\/div><div class=\"vc_col-sm-6 wpb_column vc_column_container\"><div class=\"vc_column-inner\"><div class=\"wpb_wrapper\"><div class=\"wpb_text_column\"><div class=\"wpb_wrapper\"><h3>Uma leitura f\u00edsica da renova\u00e7\u00e3o geracional<\/h3>\n<p>Este di\u00e1logo entre autoridade e renova\u00e7\u00e3o transforma a dan\u00e7a numa das melhores portas de entrada para compreender a XXIV Bienal de Flamenco de Sevilha.<\/p>\n<p>Se o cante permite ouvir a transmiss\u00e3o e a guitarra observar como muda o toque, a dan\u00e7a permite v\u00ea-la fisicamente: <strong>passado, presente e futuro a partilhar o mesmo palco<\/strong>.<\/p>\n<\/div><\/div><\/div><\/div><\/div><\/div><\/div><\/section><section class=\"l-section wpb_row height_huge color_alternate with_shape\"><div class=\"l-section-shape type_zigzag pos_top\" style=\"height:3vmin;\"><svg xmlns=\"http:\/\/www.w3.org\/2000\/svg\" viewBox=\"0 0 64 8\" preserveAspectRatio=\"none\" width=\"100%\" height=\"100%\">\r\n\t<path fill=\"currentColor\" d=\"M64 8 L0 8 L0 0 L20 7.9 L40 3 L48 5 L64 0 Z\"\/>\r\n<\/svg><\/div><div class=\"l-section-shape type_zigzag pos_bottom\" style=\"height:3vmin;\"><svg xmlns=\"http:\/\/www.w3.org\/2000\/svg\" viewBox=\"0 0 64 8\" preserveAspectRatio=\"none\" width=\"100%\" height=\"100%\">\r\n\t<path fill=\"currentColor\" d=\"M64 8 L0 8 L0 0 L20 7.9 L40 3 L48 5 L64 0 Z\"\/>\r\n<\/svg><\/div><div class=\"l-section-h i-cf\"><div class=\"g-cols vc_row via_flex valign_top type_default stacking_default\"><div class=\"vc_col-sm-12 wpb_column vc_column_container\"><div class=\"vc_column-inner\"><div class=\"wpb_wrapper\"><div class=\"wpb_text_column\"><div class=\"wpb_wrapper\"><h2>Fontes e atualiza\u00e7\u00e3o<\/h2>\n<p>Informa\u00e7\u00e3o confirmada com a <a href=\"https:\/\/www.labienal.com\/programa-general\" target=\"_blank\" rel=\"noopener\"><strong>programa\u00e7\u00e3o oficial da XXIV Bienal de Flamenco de Sevilha<\/strong><\/a>, as fichas dos espet\u00e1culos e a informa\u00e7\u00e3o oficial publicada pela Bienal sobre dan\u00e7a e cria\u00e7\u00e3o coreogr\u00e1fica em 2026.<\/p>\n<p>Dados revistos a <strong>3 de setembro de 2026<\/strong>. A organiza\u00e7\u00e3o pode alterar hor\u00e1rios, disponibilidade, elencos ou detalhes de produ\u00e7\u00e3o.<\/p>\n<\/div><\/div><\/div><\/div><\/div><\/div><\/div><\/section>\n","protected":false},"excerpt":{"rendered":"<p>Guia da dan\u00e7a na Bienal de Flamenco de Sevilha 2026: grandes figuras, novos talentos, estreias, espa\u00e7os e datas-chave para acompanhar o baile durante o festival.<\/p>\n","protected":false},"author":1,"featured_media":14270,"comment_status":"closed","ping_status":"closed","sticky":false,"template":"","format":"standard","meta":{"_acf_changed":false,"wpai_generated_summary":"","_ayudawp_aiss_exclude":false,"_ayudawp_aiss_exclude_summary":false,"_ayudawp_aiss_summary":"","_ayudawp_aiss_summary_provider":"","_ayudawp_aiss_summary_hash":"","footnotes":""},"categories":[1430],"tags":[1255,1256,1257,1409,1258,1188,1865,1871,1259],"class_list":["post-14280","post","type-post","status-publish","format-standard","has-post-thumbnail","hentry","category-bienal-flamenco-sevilha","tag-agenda-flamenca","tag-bienal-2026","tag-bienal-de-flamenco","tag-danca-flamenca","tag-festivales-flamencos","tag-flamenco-en-sevilla","tag-o-que-fazer-em-sevilha","tag-o-que-ver-em-sevilha","tag-sevilla"],"acf":[],"yoast_head":"<!-- This site is optimized with the Yoast SEO Premium plugin v28.4 (Yoast SEO v28.4) - https:\/\/yoast.com\/product\/yoast-seo-premium-wordpress\/ -->\n<title>Dan\u00e7a na Bienal de Flamenco 2026: grandes figuras e nova gera\u00e7\u00e3o<\/title>\n<meta name=\"description\" content=\"Guia da dan\u00e7a na Bienal de Flamenco de Sevilha 2026: Sara Baras, Israel Galv\u00e1n, Manuel Li\u00f1\u00e1n, Farruquito, novos talentos, estreias e datas-chave.\" \/>\n<meta name=\"robots\" content=\"index, follow, max-snippet:-1, max-image-preview:large, max-video-preview:-1\" \/>\n<link rel=\"canonical\" href=\"https:\/\/www.tablaosflamencos.com\/pt-pt\/danca-bienal-flamenco-sevilha-2026.html\" \/>\n<meta property=\"og:locale\" content=\"pt_PT\" \/>\n<meta property=\"og:type\" content=\"article\" \/>\n<meta property=\"og:title\" content=\"A dan\u00e7a na Bienal 2026: das grandes figuras \u00e0 nova gera\u00e7\u00e3o\" \/>\n<meta property=\"og:description\" content=\"Guia da dan\u00e7a na Bienal de Flamenco de Sevilha 2026: Sara Baras, Israel Galv\u00e1n, Manuel Li\u00f1\u00e1n, Farruquito, novos talentos, estreias e datas-chave.\" \/>\n<meta property=\"og:url\" content=\"https:\/\/www.tablaosflamencos.com\/pt-pt\/danca-bienal-flamenco-sevilha-2026.html\" \/>\n<meta property=\"og:site_name\" content=\"Tablaos Flamencos\" \/>\n<meta property=\"article:publisher\" content=\"https:\/\/www.facebook.com\/tablaosflamencos\" \/>\n<meta property=\"article:published_time\" content=\"2026-09-03T21:17:01+00:00\" \/>\n<meta property=\"article:modified_time\" content=\"2026-09-03T21:57:14+00:00\" \/>\n<meta property=\"og:image\" content=\"https:\/\/www.tablaosflamencos.com\/wp-content\/uploads\/el-baile-en-la-bienal-2026-de-las-grandes-figuras-a-la-nueva-generacion-01.webp\" \/>\n\t<meta property=\"og:image:width\" content=\"1672\" \/>\n\t<meta property=\"og:image:height\" content=\"941\" \/>\n\t<meta property=\"og:image:type\" content=\"image\/webp\" \/>\n<meta name=\"author\" content=\"Miguel Ortiz\" \/>\n<meta name=\"twitter:card\" content=\"summary_large_image\" \/>\n<meta name=\"twitter:creator\" content=\"@tablaosflamenco\" \/>\n<meta name=\"twitter:site\" content=\"@tablaosflamenco\" \/>\n<meta name=\"twitter:label1\" content=\"Escrito por\" \/>\n\t<meta name=\"twitter:data1\" content=\"Miguel Ortiz\" \/>\n\t<meta name=\"twitter:label2\" content=\"Tempo estimado de leitura\" \/>\n\t<meta name=\"twitter:data2\" content=\"20 minutos\" \/>\n<script type=\"application\/ld+json\" class=\"yoast-schema-graph\">{\"@context\":\"https:\\\/\\\/schema.org\",\"@graph\":[{\"@type\":\"Article\",\"@id\":\"https:\\\/\\\/www.tablaosflamencos.com\\\/pt-pt\\\/danca-bienal-flamenco-sevilha-2026.html#article\",\"isPartOf\":{\"@id\":\"https:\\\/\\\/www.tablaosflamencos.com\\\/pt-pt\\\/danca-bienal-flamenco-sevilha-2026.html\"},\"author\":{\"name\":\"Miguel Ortiz\",\"@id\":\"https:\\\/\\\/www.tablaosflamencos.com\\\/pt-pt#\\\/schema\\\/person\\\/e7a9ebe14eb75a52ceabfbffb3c54f5d\"},\"headline\":\"A dan\u00e7a na Bienal 2026: das grandes figuras \u00e0 nova gera\u00e7\u00e3o\",\"datePublished\":\"2026-09-03T21:17:01+00:00\",\"dateModified\":\"2026-09-03T21:57:14+00:00\",\"mainEntityOfPage\":{\"@id\":\"https:\\\/\\\/www.tablaosflamencos.com\\\/pt-pt\\\/danca-bienal-flamenco-sevilha-2026.html\"},\"wordCount\":3934,\"publisher\":{\"@id\":\"https:\\\/\\\/www.tablaosflamencos.com\\\/pt-pt#organization\"},\"image\":{\"@id\":\"https:\\\/\\\/www.tablaosflamencos.com\\\/pt-pt\\\/danca-bienal-flamenco-sevilha-2026.html#primaryimage\"},\"thumbnailUrl\":\"https:\\\/\\\/www.tablaosflamencos.com\\\/wp-content\\\/uploads\\\/el-baile-en-la-bienal-2026-de-las-grandes-figuras-a-la-nueva-generacion-01.webp\",\"keywords\":[\"agenda flamenca\",\"Bienal 2026\",\"Bienal de Flamenco\",\"dan\u00e7a flamenca\",\"festivales flamencos\",\"flamenco en Sevilla\",\"o que fazer em Sevilha\",\"o que ver em Sevilha\",\"sevilla\"],\"articleSection\":[\"Bienal de Flamenco de Sevilha\"],\"inLanguage\":\"pt-PT\"},{\"@type\":\"WebPage\",\"@id\":\"https:\\\/\\\/www.tablaosflamencos.com\\\/pt-pt\\\/danca-bienal-flamenco-sevilha-2026.html\",\"url\":\"https:\\\/\\\/www.tablaosflamencos.com\\\/pt-pt\\\/danca-bienal-flamenco-sevilha-2026.html\",\"name\":\"Dan\u00e7a na Bienal de Flamenco 2026: grandes figuras e nova gera\u00e7\u00e3o\",\"isPartOf\":{\"@id\":\"https:\\\/\\\/www.tablaosflamencos.com\\\/pt-pt#website\"},\"primaryImageOfPage\":{\"@id\":\"https:\\\/\\\/www.tablaosflamencos.com\\\/pt-pt\\\/danca-bienal-flamenco-sevilha-2026.html#primaryimage\"},\"image\":{\"@id\":\"https:\\\/\\\/www.tablaosflamencos.com\\\/pt-pt\\\/danca-bienal-flamenco-sevilha-2026.html#primaryimage\"},\"thumbnailUrl\":\"https:\\\/\\\/www.tablaosflamencos.com\\\/wp-content\\\/uploads\\\/el-baile-en-la-bienal-2026-de-las-grandes-figuras-a-la-nueva-generacion-01.webp\",\"datePublished\":\"2026-09-03T21:17:01+00:00\",\"dateModified\":\"2026-09-03T21:57:14+00:00\",\"description\":\"Guia da dan\u00e7a na Bienal de Flamenco de Sevilha 2026: Sara Baras, Israel Galv\u00e1n, Manuel Li\u00f1\u00e1n, Farruquito, novos talentos, estreias e datas-chave.\",\"breadcrumb\":{\"@id\":\"https:\\\/\\\/www.tablaosflamencos.com\\\/pt-pt\\\/danca-bienal-flamenco-sevilha-2026.html#breadcrumb\"},\"inLanguage\":\"pt-PT\",\"potentialAction\":[{\"@type\":\"ReadAction\",\"target\":[\"https:\\\/\\\/www.tablaosflamencos.com\\\/pt-pt\\\/danca-bienal-flamenco-sevilha-2026.html\"]}]},{\"@type\":\"ImageObject\",\"inLanguage\":\"pt-PT\",\"@id\":\"https:\\\/\\\/www.tablaosflamencos.com\\\/pt-pt\\\/danca-bienal-flamenco-sevilha-2026.html#primaryimage\",\"url\":\"https:\\\/\\\/www.tablaosflamencos.com\\\/wp-content\\\/uploads\\\/el-baile-en-la-bienal-2026-de-las-grandes-figuras-a-la-nueva-generacion-01.webp\",\"contentUrl\":\"https:\\\/\\\/www.tablaosflamencos.com\\\/wp-content\\\/uploads\\\/el-baile-en-la-bienal-2026-de-las-grandes-figuras-a-la-nueva-generacion-01.webp\",\"width\":1672,\"height\":941,\"caption\":\"El baile en la Bienal 2026: de las grandes figuras a la nueva generaci\u00f3n\"},{\"@type\":\"BreadcrumbList\",\"@id\":\"https:\\\/\\\/www.tablaosflamencos.com\\\/pt-pt\\\/danca-bienal-flamenco-sevilha-2026.html#breadcrumb\",\"itemListElement\":[{\"@type\":\"ListItem\",\"position\":1,\"name\":\"Home\",\"item\":\"https:\\\/\\\/www.tablaosflamencos.com\\\/pt-pt\"},{\"@type\":\"ListItem\",\"position\":2,\"name\":\"A dan\u00e7a na Bienal 2026: das grandes figuras \u00e0 nova gera\u00e7\u00e3o\"}]},{\"@type\":\"WebSite\",\"@id\":\"https:\\\/\\\/www.tablaosflamencos.com\\\/pt-pt#website\",\"url\":\"https:\\\/\\\/www.tablaosflamencos.com\\\/pt-pt\",\"name\":\"Tablaos Flamencos\",\"description\":\"Entradas para tablaos flamencos de Espa\u00f1a\",\"publisher\":{\"@id\":\"https:\\\/\\\/www.tablaosflamencos.com\\\/pt-pt#organization\"},\"alternateName\":\"Tablaos Flamencos\",\"potentialAction\":[{\"@type\":\"SearchAction\",\"target\":{\"@type\":\"EntryPoint\",\"urlTemplate\":\"https:\\\/\\\/www.tablaosflamencos.com\\\/pt-pt?s={search_term_string}\"},\"query-input\":{\"@type\":\"PropertyValueSpecification\",\"valueRequired\":true,\"valueName\":\"search_term_string\"}}],\"inLanguage\":\"pt-PT\"},{\"@type\":[\"Organization\",\"Place\",\"EntertainmentBusiness\"],\"@id\":\"https:\\\/\\\/www.tablaosflamencos.com\\\/pt-pt#organization\",\"name\":\"Tablaos Flamencos\",\"alternateName\":\"Tablaos Flamencos\",\"url\":\"https:\\\/\\\/www.tablaosflamencos.com\\\/pt-pt\",\"logo\":{\"@id\":\"https:\\\/\\\/www.tablaosflamencos.com\\\/pt-pt\\\/danca-bienal-flamenco-sevilha-2026.html#local-main-organization-logo\"},\"image\":{\"@id\":\"https:\\\/\\\/www.tablaosflamencos.com\\\/pt-pt\\\/danca-bienal-flamenco-sevilha-2026.html#local-main-organization-logo\"},\"sameAs\":[\"https:\\\/\\\/www.facebook.com\\\/tablaosflamencos\",\"https:\\\/\\\/x.com\\\/tablaosflamenco\",\"https:\\\/\\\/mastodon.social\\\/@tablaosflamencos\",\"https:\\\/\\\/www.instagram.com\\\/tablaosflamencos\",\"https:\\\/\\\/tiktok.com\\\/@tablaosflamencos\",\"https:\\\/\\\/www.linkedin.com\\\/company\\\/109408238\\\/\"],\"description\":\"Venta de entradas para espect\u00e1culos flamencos\",\"legalName\":\"Tablaos Flamencos\",\"foundingDate\":\"2015-01-01\",\"numberOfEmployees\":{\"@type\":\"QuantitativeValue\",\"minValue\":\"1\",\"maxValue\":\"10\"},\"address\":{\"@id\":\"https:\\\/\\\/www.tablaosflamencos.com\\\/pt-pt\\\/danca-bienal-flamenco-sevilha-2026.html#local-main-place-address\"},\"geo\":{\"@type\":\"GeoCoordinates\",\"latitude\":\"37.3868072\",\"longitude\":\"-5.993280299999999\"},\"telephone\":[\"+34623787787\"],\"contactPoint\":{\"@type\":\"ContactPoint\",\"telephone\":\"+34623787787\",\"email\":\"info@tablaosflamencos.com\"},\"openingHoursSpecification\":{\"@type\":\"OpeningHoursSpecification\",\"dayOfWeek\":[\"Monday\",\"Tuesday\",\"Wednesday\",\"Thursday\",\"Friday\",\"Saturday\",\"Sunday\"],\"opens\":\"00:00\",\"closes\":\"23:59\"},\"email\":\"info@tablaosflamencos.com\",\"priceRange\":\"$$$\",\"currenciesAccepted\":\"\u20ac\"},{\"@type\":\"Person\",\"@id\":\"https:\\\/\\\/www.tablaosflamencos.com\\\/pt-pt#\\\/schema\\\/person\\\/e7a9ebe14eb75a52ceabfbffb3c54f5d\",\"name\":\"Miguel Ortiz\",\"description\":\"Miguel Ortiz es un empresario flamenco, con una s\u00f3lida trayectoria dentro del sector. Ha presidido entidades culturales vinculadas al flamenco y, cuenta con un amplio recorrido profesional en la gesti\u00f3n y promoci\u00f3n de espect\u00e1culos y tablaos flamencos. Su pasi\u00f3n por la historia y el arte flamenco se refleja en cada art\u00edculo, donde combina experiencia, criterio y un profundo respeto por la tradici\u00f3n.\",\"sameAs\":[\"https:\\\/\\\/www.tablaosflamencos.com\",\"https:\\\/\\\/www.instagra.com\\\/miguelortizfe\",\"https:\\\/\\\/www.linkedin.com\\\/in\\\/miguelortizf\\\/\"],\"birthDate\":\"1984-11-22\",\"gender\":\"hombre\",\"knowsLanguage\":[\"espa\u00f1ol\",\"ingl\u00e9s\"],\"jobTitle\":\"Empresario flamenco\"},{\"@type\":\"PostalAddress\",\"@id\":\"https:\\\/\\\/www.tablaosflamencos.com\\\/pt-pt\\\/danca-bienal-flamenco-sevilha-2026.html#local-main-place-address\",\"streetAddress\":\"C\\\/ Alemanes, 19\",\"addressLocality\":\"Sevilla\",\"postalCode\":\"41004\",\"addressRegion\":\"Sevilla\",\"addressCountry\":\"ES\"},{\"@type\":\"ImageObject\",\"inLanguage\":\"pt-PT\",\"@id\":\"https:\\\/\\\/www.tablaosflamencos.com\\\/pt-pt\\\/danca-bienal-flamenco-sevilha-2026.html#local-main-organization-logo\",\"url\":\"https:\\\/\\\/www.tablaosflamencos.com\\\/wp-content\\\/uploads\\\/tablaos-flamencos-06-3.webp\",\"contentUrl\":\"https:\\\/\\\/www.tablaosflamencos.com\\\/wp-content\\\/uploads\\\/tablaos-flamencos-06-3.webp\",\"width\":600,\"height\":620,\"caption\":\"Tablaos Flamencos\"}]}<\/script>\n<meta name=\"geo.placename\" content=\"Sevilla\" \/>\n<meta name=\"geo.position\" content=\"37.3868072;-5.993280299999999\" \/>\n<meta name=\"geo.region\" content=\"Espanha\" \/>\n<!-- \/ Yoast SEO Premium plugin. -->","yoast_head_json":{"title":"Dan\u00e7a na Bienal de Flamenco 2026: grandes figuras e nova gera\u00e7\u00e3o","description":"Guia da dan\u00e7a na Bienal de Flamenco de Sevilha 2026: Sara Baras, Israel Galv\u00e1n, Manuel Li\u00f1\u00e1n, Farruquito, novos talentos, estreias e datas-chave.","robots":{"index":"index","follow":"follow","max-snippet":"max-snippet:-1","max-image-preview":"max-image-preview:large","max-video-preview":"max-video-preview:-1"},"canonical":"https:\/\/www.tablaosflamencos.com\/pt-pt\/danca-bienal-flamenco-sevilha-2026.html","og_locale":"pt_PT","og_type":"article","og_title":"A dan\u00e7a na Bienal 2026: das grandes figuras \u00e0 nova gera\u00e7\u00e3o","og_description":"Guia da dan\u00e7a na Bienal de Flamenco de Sevilha 2026: Sara Baras, Israel Galv\u00e1n, Manuel Li\u00f1\u00e1n, Farruquito, novos talentos, estreias e datas-chave.","og_url":"https:\/\/www.tablaosflamencos.com\/pt-pt\/danca-bienal-flamenco-sevilha-2026.html","og_site_name":"Tablaos Flamencos","article_publisher":"https:\/\/www.facebook.com\/tablaosflamencos","article_published_time":"2026-09-03T21:17:01+00:00","article_modified_time":"2026-09-03T21:57:14+00:00","og_image":[{"width":1672,"height":941,"url":"https:\/\/www.tablaosflamencos.com\/wp-content\/uploads\/el-baile-en-la-bienal-2026-de-las-grandes-figuras-a-la-nueva-generacion-01.webp","type":"image\/webp"}],"author":"Miguel Ortiz","twitter_card":"summary_large_image","twitter_creator":"@tablaosflamenco","twitter_site":"@tablaosflamenco","twitter_misc":{"Escrito por":"Miguel Ortiz","Tempo estimado de leitura":"20 minutos"},"schema":{"@context":"https:\/\/schema.org","@graph":[{"@type":"Article","@id":"https:\/\/www.tablaosflamencos.com\/pt-pt\/danca-bienal-flamenco-sevilha-2026.html#article","isPartOf":{"@id":"https:\/\/www.tablaosflamencos.com\/pt-pt\/danca-bienal-flamenco-sevilha-2026.html"},"author":{"name":"Miguel Ortiz","@id":"https:\/\/www.tablaosflamencos.com\/pt-pt#\/schema\/person\/e7a9ebe14eb75a52ceabfbffb3c54f5d"},"headline":"A dan\u00e7a na Bienal 2026: das grandes figuras \u00e0 nova gera\u00e7\u00e3o","datePublished":"2026-09-03T21:17:01+00:00","dateModified":"2026-09-03T21:57:14+00:00","mainEntityOfPage":{"@id":"https:\/\/www.tablaosflamencos.com\/pt-pt\/danca-bienal-flamenco-sevilha-2026.html"},"wordCount":3934,"publisher":{"@id":"https:\/\/www.tablaosflamencos.com\/pt-pt#organization"},"image":{"@id":"https:\/\/www.tablaosflamencos.com\/pt-pt\/danca-bienal-flamenco-sevilha-2026.html#primaryimage"},"thumbnailUrl":"https:\/\/www.tablaosflamencos.com\/wp-content\/uploads\/el-baile-en-la-bienal-2026-de-las-grandes-figuras-a-la-nueva-generacion-01.webp","keywords":["agenda flamenca","Bienal 2026","Bienal de Flamenco","dan\u00e7a flamenca","festivales flamencos","flamenco en Sevilla","o que fazer em Sevilha","o que ver em Sevilha","sevilla"],"articleSection":["Bienal de Flamenco de Sevilha"],"inLanguage":"pt-PT"},{"@type":"WebPage","@id":"https:\/\/www.tablaosflamencos.com\/pt-pt\/danca-bienal-flamenco-sevilha-2026.html","url":"https:\/\/www.tablaosflamencos.com\/pt-pt\/danca-bienal-flamenco-sevilha-2026.html","name":"Dan\u00e7a na Bienal de Flamenco 2026: grandes figuras e nova gera\u00e7\u00e3o","isPartOf":{"@id":"https:\/\/www.tablaosflamencos.com\/pt-pt#website"},"primaryImageOfPage":{"@id":"https:\/\/www.tablaosflamencos.com\/pt-pt\/danca-bienal-flamenco-sevilha-2026.html#primaryimage"},"image":{"@id":"https:\/\/www.tablaosflamencos.com\/pt-pt\/danca-bienal-flamenco-sevilha-2026.html#primaryimage"},"thumbnailUrl":"https:\/\/www.tablaosflamencos.com\/wp-content\/uploads\/el-baile-en-la-bienal-2026-de-las-grandes-figuras-a-la-nueva-generacion-01.webp","datePublished":"2026-09-03T21:17:01+00:00","dateModified":"2026-09-03T21:57:14+00:00","description":"Guia da dan\u00e7a na Bienal de Flamenco de Sevilha 2026: Sara Baras, Israel Galv\u00e1n, Manuel Li\u00f1\u00e1n, Farruquito, novos talentos, estreias e datas-chave.","breadcrumb":{"@id":"https:\/\/www.tablaosflamencos.com\/pt-pt\/danca-bienal-flamenco-sevilha-2026.html#breadcrumb"},"inLanguage":"pt-PT","potentialAction":[{"@type":"ReadAction","target":["https:\/\/www.tablaosflamencos.com\/pt-pt\/danca-bienal-flamenco-sevilha-2026.html"]}]},{"@type":"ImageObject","inLanguage":"pt-PT","@id":"https:\/\/www.tablaosflamencos.com\/pt-pt\/danca-bienal-flamenco-sevilha-2026.html#primaryimage","url":"https:\/\/www.tablaosflamencos.com\/wp-content\/uploads\/el-baile-en-la-bienal-2026-de-las-grandes-figuras-a-la-nueva-generacion-01.webp","contentUrl":"https:\/\/www.tablaosflamencos.com\/wp-content\/uploads\/el-baile-en-la-bienal-2026-de-las-grandes-figuras-a-la-nueva-generacion-01.webp","width":1672,"height":941,"caption":"El baile en la Bienal 2026: de las grandes figuras a la nueva generaci\u00f3n"},{"@type":"BreadcrumbList","@id":"https:\/\/www.tablaosflamencos.com\/pt-pt\/danca-bienal-flamenco-sevilha-2026.html#breadcrumb","itemListElement":[{"@type":"ListItem","position":1,"name":"Home","item":"https:\/\/www.tablaosflamencos.com\/pt-pt"},{"@type":"ListItem","position":2,"name":"A dan\u00e7a na Bienal 2026: das grandes figuras \u00e0 nova gera\u00e7\u00e3o"}]},{"@type":"WebSite","@id":"https:\/\/www.tablaosflamencos.com\/pt-pt#website","url":"https:\/\/www.tablaosflamencos.com\/pt-pt","name":"Tablaos Flamencos","description":"Entradas para tablaos flamencos de Espa\u00f1a","publisher":{"@id":"https:\/\/www.tablaosflamencos.com\/pt-pt#organization"},"alternateName":"Tablaos Flamencos","potentialAction":[{"@type":"SearchAction","target":{"@type":"EntryPoint","urlTemplate":"https:\/\/www.tablaosflamencos.com\/pt-pt?s={search_term_string}"},"query-input":{"@type":"PropertyValueSpecification","valueRequired":true,"valueName":"search_term_string"}}],"inLanguage":"pt-PT"},{"@type":["Organization","Place","EntertainmentBusiness"],"@id":"https:\/\/www.tablaosflamencos.com\/pt-pt#organization","name":"Tablaos Flamencos","alternateName":"Tablaos Flamencos","url":"https:\/\/www.tablaosflamencos.com\/pt-pt","logo":{"@id":"https:\/\/www.tablaosflamencos.com\/pt-pt\/danca-bienal-flamenco-sevilha-2026.html#local-main-organization-logo"},"image":{"@id":"https:\/\/www.tablaosflamencos.com\/pt-pt\/danca-bienal-flamenco-sevilha-2026.html#local-main-organization-logo"},"sameAs":["https:\/\/www.facebook.com\/tablaosflamencos","https:\/\/x.com\/tablaosflamenco","https:\/\/mastodon.social\/@tablaosflamencos","https:\/\/www.instagram.com\/tablaosflamencos","https:\/\/tiktok.com\/@tablaosflamencos","https:\/\/www.linkedin.com\/company\/109408238\/"],"description":"Venta de entradas para espect\u00e1culos flamencos","legalName":"Tablaos Flamencos","foundingDate":"2015-01-01","numberOfEmployees":{"@type":"QuantitativeValue","minValue":"1","maxValue":"10"},"address":{"@id":"https:\/\/www.tablaosflamencos.com\/pt-pt\/danca-bienal-flamenco-sevilha-2026.html#local-main-place-address"},"geo":{"@type":"GeoCoordinates","latitude":"37.3868072","longitude":"-5.993280299999999"},"telephone":["+34623787787"],"contactPoint":{"@type":"ContactPoint","telephone":"+34623787787","email":"info@tablaosflamencos.com"},"openingHoursSpecification":{"@type":"OpeningHoursSpecification","dayOfWeek":["Monday","Tuesday","Wednesday","Thursday","Friday","Saturday","Sunday"],"opens":"00:00","closes":"23:59"},"email":"info@tablaosflamencos.com","priceRange":"$$$","currenciesAccepted":"\u20ac"},{"@type":"Person","@id":"https:\/\/www.tablaosflamencos.com\/pt-pt#\/schema\/person\/e7a9ebe14eb75a52ceabfbffb3c54f5d","name":"Miguel Ortiz","description":"Miguel Ortiz es un empresario flamenco, con una s\u00f3lida trayectoria dentro del sector. Ha presidido entidades culturales vinculadas al flamenco y, cuenta con un amplio recorrido profesional en la gesti\u00f3n y promoci\u00f3n de espect\u00e1culos y tablaos flamencos. Su pasi\u00f3n por la historia y el arte flamenco se refleja en cada art\u00edculo, donde combina experiencia, criterio y un profundo respeto por la tradici\u00f3n.","sameAs":["https:\/\/www.tablaosflamencos.com","https:\/\/www.instagra.com\/miguelortizfe","https:\/\/www.linkedin.com\/in\/miguelortizf\/"],"birthDate":"1984-11-22","gender":"hombre","knowsLanguage":["espa\u00f1ol","ingl\u00e9s"],"jobTitle":"Empresario flamenco"},{"@type":"PostalAddress","@id":"https:\/\/www.tablaosflamencos.com\/pt-pt\/danca-bienal-flamenco-sevilha-2026.html#local-main-place-address","streetAddress":"C\/ Alemanes, 19","addressLocality":"Sevilla","postalCode":"41004","addressRegion":"Sevilla","addressCountry":"ES"},{"@type":"ImageObject","inLanguage":"pt-PT","@id":"https:\/\/www.tablaosflamencos.com\/pt-pt\/danca-bienal-flamenco-sevilha-2026.html#local-main-organization-logo","url":"https:\/\/www.tablaosflamencos.com\/wp-content\/uploads\/tablaos-flamencos-06-3.webp","contentUrl":"https:\/\/www.tablaosflamencos.com\/wp-content\/uploads\/tablaos-flamencos-06-3.webp","width":600,"height":620,"caption":"Tablaos Flamencos"}]},"geo.placename":"Sevilla","geo.position":{"lat":"37.3868072","long":"-5.993280299999999"},"geo.region":"Espanha"},"_links":{"self":[{"href":"https:\/\/www.tablaosflamencos.com\/pt-pt\/wp-json\/wp\/v2\/posts\/14280","targetHints":{"allow":["GET"]}}],"collection":[{"href":"https:\/\/www.tablaosflamencos.com\/pt-pt\/wp-json\/wp\/v2\/posts"}],"about":[{"href":"https:\/\/www.tablaosflamencos.com\/pt-pt\/wp-json\/wp\/v2\/types\/post"}],"author":[{"embeddable":true,"href":"https:\/\/www.tablaosflamencos.com\/pt-pt\/wp-json\/wp\/v2\/users\/1"}],"replies":[{"embeddable":true,"href":"https:\/\/www.tablaosflamencos.com\/pt-pt\/wp-json\/wp\/v2\/comments?post=14280"}],"version-history":[{"count":2,"href":"https:\/\/www.tablaosflamencos.com\/pt-pt\/wp-json\/wp\/v2\/posts\/14280\/revisions"}],"predecessor-version":[{"id":14319,"href":"https:\/\/www.tablaosflamencos.com\/pt-pt\/wp-json\/wp\/v2\/posts\/14280\/revisions\/14319"}],"wp:featuredmedia":[{"embeddable":true,"href":"https:\/\/www.tablaosflamencos.com\/pt-pt\/wp-json\/wp\/v2\/media\/14270"}],"wp:attachment":[{"href":"https:\/\/www.tablaosflamencos.com\/pt-pt\/wp-json\/wp\/v2\/media?parent=14280"}],"wp:term":[{"taxonomy":"category","embeddable":true,"href":"https:\/\/www.tablaosflamencos.com\/pt-pt\/wp-json\/wp\/v2\/categories?post=14280"},{"taxonomy":"post_tag","embeddable":true,"href":"https:\/\/www.tablaosflamencos.com\/pt-pt\/wp-json\/wp\/v2\/tags?post=14280"}],"curies":[{"name":"wp","href":"https:\/\/api.w.org\/{rel}","templated":true}]}}