{"id":14193,"date":"2026-09-03T01:21:11","date_gmt":"2026-09-02T23:21:11","guid":{"rendered":"https:\/\/www.tablaosflamencos.com\/?p=14193"},"modified":"2026-09-03T01:39:07","modified_gmt":"2026-09-02T23:39:07","slug":"hotel-triana-bienal-flamenco-sevilha-2026","status":"publish","type":"post","link":"https:\/\/www.tablaosflamencos.com\/pt-pt\/hotel-triana-bienal-flamenco-sevilha-2026.html","title":{"rendered":"A Bienal regressa ao Hotel Triana: tr\u00eas noites de flamenco num antigo p\u00e1tio de vizinhos"},"content":{"rendered":"<section class=\"l-section wpb_row height_huge\"><div class=\"l-section-h i-cf\"><div class=\"g-cols vc_row via_flex valign_middle type_default stacking_default\"><div class=\"vc_col-sm-6 wpb_column vc_column_container\"><div class=\"vc_column-inner\"><div class=\"wpb_wrapper\"><div class=\"wpb_text_column\"><div class=\"wpb_wrapper\"><p>A <a href=\"https:\/\/www.tablaosflamencos.com\/bienal-flamenco-sevilla-2026.html\"><strong>Bienal de Flamenco de Sevilha 2026<\/strong><\/a> recupera um dos espa\u00e7os mais ligados \u00e0 sua mem\u00f3ria recente. Ap\u00f3s quatro anos fora da programa\u00e7\u00e3o, o Hotel Triana voltar\u00e1 a abrir o seu p\u00e1tio ao flamenco durante tr\u00eas ser\u00f5es consecutivos, nos dias <strong>17, 18 e 19 de setembro de 2026<\/strong>, sempre \u00e0s <strong>23:00<\/strong>.<\/p>\n<p>N\u00e3o \u00e9 um teatro convencional nem um hotel em funcionamento. \u00c9 um antigo edif\u00edcio constru\u00eddo para a Exposi\u00e7\u00e3o Ibero-Americana de 1929 e posteriormente transformado num corral de vecinos, uma habita\u00e7\u00e3o coletiva organizada em torno de um p\u00e1tio. As galerias, a planta em U e a proximidade entre artistas e p\u00fablico tornam cada atua\u00e7\u00e3o uma experi\u00eancia dif\u00edcil de reproduzir noutro espa\u00e7o da Bienal.<\/p>\n<\/div><\/div><\/div><\/div><\/div><div class=\"vc_col-sm-6 wpb_column vc_column_container\"><div class=\"vc_column-inner\"><div class=\"wpb_wrapper\"><div class=\"w-image us_custom_83db15f5 has_aspect_ratio align_center\"><div class=\"w-image-h\"><img fetchpriority=\"high\" decoding=\"async\" width=\"1024\" height=\"683\" src=\"https:\/\/www.tablaosflamencos.com\/wp-content\/uploads\/hotel-triana-bienal-flamenco-sevilla-2026-patio-1024x683.webp\" class=\"attachment-large size-large\" alt=\"La Bienal vuelve al Hotel Triana: tres noches de flamenco en un antiguo corral de vecinos\" loading=\"eager\" srcset=\"https:\/\/www.tablaosflamencos.com\/wp-content\/uploads\/hotel-triana-bienal-flamenco-sevilla-2026-patio-1024x683.webp 1024w, https:\/\/www.tablaosflamencos.com\/wp-content\/uploads\/hotel-triana-bienal-flamenco-sevilla-2026-patio-300x200.webp 300w, https:\/\/www.tablaosflamencos.com\/wp-content\/uploads\/hotel-triana-bienal-flamenco-sevilla-2026-patio-600x400.webp 600w, https:\/\/www.tablaosflamencos.com\/wp-content\/uploads\/hotel-triana-bienal-flamenco-sevilla-2026-patio-150x100.webp 150w, https:\/\/www.tablaosflamencos.com\/wp-content\/uploads\/hotel-triana-bienal-flamenco-sevilla-2026-patio.webp 1536w\" sizes=\"auto, (max-width: 1024px) 100vw, 1024px\" \/><\/div><\/div><\/div><\/div><\/div><\/div><\/div><\/section><section class=\"l-section wpb_row height_huge color_alternate with_shape\"><div class=\"l-section-shape type_zigzag pos_top hor_flip\" style=\"height:3vmin;\"><svg xmlns=\"http:\/\/www.w3.org\/2000\/svg\" viewBox=\"0 0 64 8\" preserveAspectRatio=\"none\" width=\"100%\" height=\"100%\">\r\n\t<path fill=\"currentColor\" d=\"M64 8 L0 8 L0 0 L20 7.9 L40 3 L48 5 L64 0 Z\"\/>\r\n<\/svg><\/div><div class=\"l-section-shape type_zigzag pos_bottom\" style=\"height:3vmin;\"><svg xmlns=\"http:\/\/www.w3.org\/2000\/svg\" viewBox=\"0 0 64 8\" preserveAspectRatio=\"none\" width=\"100%\" height=\"100%\">\r\n\t<path fill=\"currentColor\" d=\"M64 8 L0 8 L0 0 L20 7.9 L40 3 L48 5 L64 0 Z\"\/>\r\n<\/svg><\/div><div class=\"l-section-h i-cf\"><div class=\"g-cols vc_row via_flex valign_top type_default stacking_default\"><div class=\"vc_col-sm-12 wpb_column vc_column_container\"><div class=\"vc_column-inner\"><div class=\"wpb_wrapper\"><div class=\"wpb_text_column\"><div class=\"wpb_wrapper\"><blockquote>\n<p><strong>Resposta r\u00e1pida:<\/strong> o Hotel Triana acolher\u00e1 tr\u00eas Noites \u00danicas da Bienal 2026: <em>Mujeres gitanas<\/em>, a 17 de setembro; <em>Uvitas negras<\/em>, no dia 18; e <em>Andaluc\u00eda en el tiempo<\/em>, no dia 19. Os tr\u00eas ser\u00f5es come\u00e7ar\u00e3o \u00e0s 23:00 e ser\u00e3o dedicados, respetivamente, \u00e0s mulheres ciganas, ao flamenco de Los Palacios e \u00e0 mem\u00f3ria dos cantes das oito prov\u00edncias andaluzas.<\/p>\n<\/blockquote>\n<\/div><\/div><\/div><\/div><\/div><\/div><\/div><\/section><section class=\"l-section wpb_row height_huge\"><div class=\"l-section-h i-cf\"><div class=\"g-cols vc_row via_flex valign_top type_default stacking_default\"><div class=\"vc_col-sm-12 wpb_column vc_column_container\"><div class=\"vc_column-inner\"><div class=\"wpb_wrapper\"><div class=\"wpb_text_column\"><div class=\"wpb_wrapper\"><h2>Programa do Hotel Triana na Bienal 2026<\/h2>\n<div style=\"overflow-x: auto;\">\n<table>\n<thead>\n<tr>\n<th>Data<\/th>\n<th>Hora<\/th>\n<th>Espet\u00e1culo<\/th>\n<th>Protagonistas<\/th>\n<\/tr>\n<\/thead>\n<tbody>\n<tr>\n<td>17 de setembro<\/td>\n<td>23:00<\/td>\n<td><strong>Mujeres gitanas<\/strong><\/td>\n<td>Remedios Amaya, Montse Cort\u00e9s, La Fabi e Josemi Carmona<\/td>\n<\/tr>\n<tr>\n<td>18 de setembro<\/td>\n<td>23:00<\/td>\n<td><strong>Uvitas negras<\/strong><\/td>\n<td>75.\u00ba anivers\u00e1rio da Pe\u00f1a El Pozo de las Penas de Los Palacios<\/td>\n<\/tr>\n<tr>\n<td>19 de setembro<\/td>\n<td>23:00<\/td>\n<td><strong>Andaluc\u00eda en el tiempo<\/strong><\/td>\n<td>Artistas das oito prov\u00edncias andaluzas sob a dire\u00e7\u00e3o de Manuel Curao<\/td>\n<\/tr>\n<\/tbody>\n<\/table>\n<\/div>\n<p>&nbsp;<\/p>\n<p>As tr\u00eas propostas est\u00e3o classificadas como <strong>Noites \u00danicas<\/strong>: encontros criados expressamente para esta edi\u00e7\u00e3o e dif\u00edceis de voltar a encontrar com o mesmo elenco e no mesmo contexto. Pode conhecer a sua rela\u00e7\u00e3o com o restante ciclo no nosso guia das <a href=\"https:\/\/www.tablaosflamencos.com\/noches-unicas-bienal-flamenco-sevilla-2026.html\"><strong>Noites \u00danicas da Bienal 2026<\/strong><\/a>.<\/p>\n<\/div><\/div><div class=\"w-separator size_medium\"><\/div><div class=\"w-hwrapper valign_top wrap align_center\" style=\"--hwrapper-gap:1.2rem\"><div class=\"w-btn-wrapper align_none\"><a class=\"w-btn us-btn-style_1\" href=\"https:\/\/www.tablaosflamencos.com\/bienal-flamenco-sevilla-2026.html\"><span class=\"w-btn-label\">Guia completo da Bienal 2026<\/span><\/a><\/div><div class=\"w-btn-wrapper align_none\"><a class=\"w-btn us-btn-style_11\" href=\"https:\/\/www.tablaosflamencos.com\/noches-unicas-bienal-flamenco-sevilla-2026.html\"><span class=\"w-btn-label\">Calend\u00e1rio das Noites \u00danicas<\/span><\/a><\/div><\/div><\/div><\/div><\/div><\/div><\/div><\/section><section class=\"l-section wpb_row height_huge color_alternate with_shape\"><div class=\"l-section-shape type_zigzag pos_top hor_flip\" style=\"height:3vmin;\"><svg xmlns=\"http:\/\/www.w3.org\/2000\/svg\" viewBox=\"0 0 64 8\" preserveAspectRatio=\"none\" width=\"100%\" height=\"100%\">\r\n\t<path fill=\"currentColor\" d=\"M64 8 L0 8 L0 0 L20 7.9 L40 3 L48 5 L64 0 Z\"\/>\r\n<\/svg><\/div><div class=\"l-section-shape type_tilt pos_bottom\" style=\"height:3vmin;\"><svg xmlns=\"http:\/\/www.w3.org\/2000\/svg\" viewBox=\"0 0 64 8\" preserveAspectRatio=\"none\" width=\"100%\" height=\"100%\">\r\n\t<path fill=\"currentColor\" d=\"M64 7.9 L64 10 L0 10 L0 0 Z\"\/>\r\n<\/svg><\/div><div class=\"l-section-h i-cf\"><div class=\"g-cols vc_row via_flex valign_top type_default stacking_default\"><div class=\"vc_col-sm-6 wpb_column vc_column_container\"><div class=\"vc_column-inner\"><div class=\"wpb_wrapper\"><div class=\"wpb_text_column\"><div class=\"wpb_wrapper\"><h2>Porque \u00e9 que o regresso do Hotel Triana \u00e9 uma das grandes not\u00edcias da Bienal<\/h2>\n<p>O Hotel Triana n\u00e3o regressa ao programa apenas como um espa\u00e7o pitoresco. Historicamente, a Bienal utilizou este p\u00e1tio para recuperar uma forma de viver o flamenco ligada aos bairros, \u00e0s fam\u00edlias, \u00e0s pe\u00f1as e aos encontros que se prolongam noite dentro. A \u00faltima edi\u00e7\u00e3o que contou com este espa\u00e7o foi a de 2022; o regresso em 2026 acontece, portanto, <strong>quatro anos depois<\/strong>.<\/p>\n<p>O diretor da Bienal, Luis Ybarra, concebeu estes ser\u00f5es como uma celebra\u00e7\u00e3o do genu\u00edno, um ponto de encontro para o flamenco noturno e um exerc\u00edcio de mem\u00f3ria. Essa ideia atravessa todo o programa: primeiro, tr\u00eas mulheres ciganas com percursos muito diferentes; depois, tr\u00eas gera\u00e7\u00f5es do flamenco de Los Palacios; e, para terminar, int\u00e9rpretes que preservam estilos e repert\u00f3rios associados a diferentes territ\u00f3rios da Andaluzia.<\/p>\n<p>O regresso do Hotel Triana dialoga ainda com outra recupera\u00e7\u00e3o importante de 2026: a reabertura do Teatro Lope de Vega. No entanto, os dois espa\u00e7os desempenham fun\u00e7\u00f5es opostas e complementares. O Lope oferece a solenidade de um teatro hist\u00f3rico; o Hotel Triana devolve ao festival o ambiente pr\u00f3ximo de um p\u00e1tio habitado, com o p\u00fablico em redor e a arquitetura popular como parte do cen\u00e1rio.<\/p>\n<p>Numa edi\u00e7\u00e3o com grandes produ\u00e7\u00f5es, estreias e cria\u00e7\u00f5es de investiga\u00e7\u00e3o, estas tr\u00eas noites apostam na transmiss\u00e3o oral, no cante, no territ\u00f3rio e na mem\u00f3ria. \u00c9 a\u00ed que reside a sua singularidade.<\/p>\n<\/div><\/div><\/div><\/div><\/div><div class=\"vc_col-sm-6 wpb_column vc_column_container\"><div class=\"vc_column-inner\"><div class=\"wpb_wrapper\"><div class=\"wpb_text_column\"><div class=\"wpb_wrapper\"><h2>Um antigo hotel de 1929 transformado em corral de vecinos<\/h2>\n<p>O edif\u00edcio situa-se na <strong>calle Clara de Jes\u00fas Montero, 28<\/strong>, entre esta rua e a calle Manuel Arellano. Foi constru\u00eddo entre 1927 e 1929 para alojar visitantes durante a Exposi\u00e7\u00e3o Ibero-Americana, embora nunca tenha chegado a funcionar como o hotel para o qual fora concebido. Com o tempo, transformou-se numa casa coletiva e passou a fazer parte da tradi\u00e7\u00e3o dos corrales de vecinos de Triana.<\/p>\n<p>Tem tr\u00eas pisos, galerias interiores e uma estrutura em U em torno do p\u00e1tio. Durante a d\u00e9cada de 1980, foi reabilitado com o objetivo de manter ali fam\u00edlias tradicionais do bairro. O im\u00f3vel pertence \u00e0 C\u00e2mara Municipal de Sevilha e continua a ter uso residencial, algo importante a recordar: <strong>o Hotel Triana n\u00e3o \u00e9 um alojamento tur\u00edstico nem um espa\u00e7o cultural aberto de forma permanente<\/strong>.<\/p>\n<p>\u00c9 precisamente por isso que a realiza\u00e7\u00e3o de espet\u00e1culos no seu p\u00e1tio tem um car\u00e1ter excecional. A arquitetura n\u00e3o funciona como um cen\u00e1rio fabricado para evocar a vida de vizinhan\u00e7a; \u00e9 a pr\u00f3pria arquitetura do corral, com as suas varandas, corredores e propor\u00e7\u00f5es dom\u00e9sticas. O p\u00fablico n\u00e3o se limita a escutar o cante: durante algumas horas, entra num espa\u00e7o que conserva parte da hist\u00f3ria social de Triana.<\/p>\n<p>Se quiser conhecer outros espa\u00e7os singulares desta edi\u00e7\u00e3o, reunimos uma sele\u00e7\u00e3o dos <a href=\"https:\/\/www.tablaosflamencos.com\/espacios-espectaculares-bienal-flamenco-sevilla-2026.html\"><strong>espa\u00e7os mais espetaculares da Bienal de Flamenco de Sevilha 2026<\/strong><\/a>.<\/p>\n<\/div><\/div><\/div><\/div><\/div><\/div><\/div><\/section><section class=\"l-section wpb_row height_huge\"><div class=\"l-section-h i-cf\"><div class=\"g-cols vc_row via_flex valign_top type_default stacking_default\"><div class=\"vc_col-sm-12 wpb_column vc_column_container\"><div class=\"vc_column-inner\"><div class=\"wpb_wrapper\"><div class=\"wpb_text_column\"><div class=\"wpb_wrapper\"><h2>17 de setembro: Mujeres gitanas<\/h2>\n<p>A primeira noite reunir\u00e1 <strong>Remedios Amaya, Montse Cort\u00e9s e La Fabi<\/strong>, acompanhadas \u00e0 guitarra por <strong>Josemi Carmona<\/strong>. O encontro parte de uma ideia associada ao musical flamenco <em>La verdad duele<\/em> e procura recuperar uma express\u00e3o direta, org\u00e2nica e sem elementos desnecess\u00e1rios, com a mulher cigana no centro da narrativa.<\/p>\n<p>As tr\u00eas cantoras representam experi\u00eancias muito diferentes. Remedios Amaya mant\u00e9m uma liga\u00e7\u00e3o estreita a Triana e ocupa um lugar pr\u00f3prio entre as grandes vozes flamencas das \u00faltimas d\u00e9cadas. O seu cante pode passar da profundidade para uma energia r\u00edtmica reconhec\u00edvel desde os primeiros compassos.<\/p>\n<p>Montse Cort\u00e9s traz uma profundidade interpretativa constru\u00edda ao lado de figuras como Paco de Luc\u00eda, Sara Baras ou Farruquito. La Fabi, por seu lado, possui uma longa experi\u00eancia no cante para o baile e um dom\u00ednio do comp\u00e1s que a tornou uma das vozes mais procuradas por grandes bailarinos e companhias.<\/p>\n<p>Josemi Carmona estabelecer\u00e1 a ponte musical entre tradi\u00e7\u00e3o e contemporaneidade. A ficha oficial inclui tamb\u00e9m Jos\u00e9 Serrano, Israel Guti\u00e9rrez \u00abPira\u00f1a\u00bb, \u00c1lvaro Llanos e Los Cherokee. Mais do que uma sucess\u00e3o de recitais individuais, a noite foi concebida como um encontro entre vozes, mem\u00f3ria familiar e diferentes formas de entender o cante.<\/p>\n<p>A proposta enquadra-se especialmente bem no Hotel Triana. Falar de transmiss\u00e3o oral e de flamenco aprendido na conviv\u00eancia adquire outro significado no p\u00e1tio de uma antiga casa coletiva.<\/p>\n<h2>18 de setembro: Uvitas negras e o flamenco de Los Palacios<\/h2>\n<p>A segunda noite celebrar\u00e1 o <strong>75.\u00ba anivers\u00e1rio da Pe\u00f1a Flamenca El Pozo de las Penas<\/strong>, uma institui\u00e7\u00e3o fundamental na vida cultural de Los Palacios y Villafranca. Ser\u00e1 a primeira vez que esta localidade participa na Bienal como territ\u00f3rio convidado.<\/p>\n<p>O t\u00edtulo <em>Uvitas negras<\/em> remete para o conhecido preg\u00e3o que Manolo Caracol dedicou \u00e0 uva de Los Palacios. A partir dessa refer\u00eancia, o espet\u00e1culo evoca os encontros flamencos da pe\u00f1a e re\u00fane v\u00e1rias gera\u00e7\u00f5es de artistas ligados ao munic\u00edpio.<\/p>\n<p>O elenco inclui <strong>Itoly de Los Palacios, Juan \u00abEl Distinguido\u00bb, Nene Escalera, Manuel Orta, Miguel Ortega, Jos\u00e9 \u00c1ngel Carmona, Anabel de Vico e Juanelo<\/strong>. A noite ter\u00e1 ainda um dos seus momentos mais aguardados com o regresso de <strong>Juan Manuel \u00abEl Mistela\u00bb<\/strong> aos palcos de Sevilha para dan\u00e7ar.<\/p>\n<p>Na guitarra estar\u00e3o Ni\u00f1o Fraile e, como convidados, Salvador Guti\u00e9rrez e Juan Requena. A dire\u00e7\u00e3o art\u00edstica pertence a <strong>Manuel Curao<\/strong>. O objetivo n\u00e3o \u00e9 apresentar uma imagem im\u00f3vel do passado, mas mostrar a continuidade entre artistas hist\u00f3ricos, int\u00e9rpretes em plena maturidade e nomes de gera\u00e7\u00f5es mais jovens.<\/p>\n<p>Los Palacios possui uma identidade flamenca pr\u00f3pria e uma rede de pe\u00f1as de enorme import\u00e2ncia. <em>Uvitas negras<\/em> permitir\u00e1 ouvir como essa identidade foi transmitida, transformada e mantida viva durante sete d\u00e9cadas e meia.<\/p>\n<h2>19 de setembro: Andaluc\u00eda en el tiempo<\/h2>\n<p>A \u00faltima noite alargar\u00e1 o olhar de um munic\u00edpio concreto ao conjunto da Andaluzia. <em>Andaluc\u00eda en el tiempo<\/em> reunir\u00e1 cantores e cantoras associados \u00e0s diferentes prov\u00edncias, muitos deles atualmente afastados dos circuitos habituais ou retirados dos palcos.<\/p>\n<p>O elenco anunciado inclui <strong>El Pecas<\/strong>, de Huelva; <strong>Diego \u00abEl Boquer\u00f3n\u00bb<\/strong>, de Sevilha; <strong>Carmen de la Jara<\/strong>, de C\u00e1dis; <strong>Curro Lucena<\/strong>, de C\u00f3rdova; <strong>Joselete de Linares<\/strong>, de Ja\u00e9n; <strong>Jaime \u00abEl Parr\u00f3n\u00bb<\/strong>, de Granada; <strong>Paqui Corpas<\/strong>, de M\u00e1laga; e <strong>Jos\u00e9 Sorroche<\/strong>, de Almer\u00eda. Junta-se ainda <strong>Romerito de Jerez<\/strong>, uma presen\u00e7a especialmente valiosa pela sua idade, mem\u00f3ria e percurso.<\/p>\n<p>As guitarras de <strong>Antonio Carri\u00f3n e Eduardo Rebollar<\/strong> acompanhar\u00e3o um percurso por sole\u00e1s, seguiriyas, tangos, fandangos, malague\u00f1as, abandolaos, cantes mineros, canti\u00f1as e buler\u00edas. Manuel Curao volta a assumir a dire\u00e7\u00e3o art\u00edstica.<\/p>\n<p>N\u00e3o se trata de construir um cat\u00e1logo r\u00edgido em que cada prov\u00edncia fique reduzida a um \u00fanico palo. A inten\u00e7\u00e3o \u00e9 mostrar a diversidade de sotaques, escolas, variantes locais e formas de dizer que comp\u00f5em a geografia flamenca andaluza. Reunir estes artistas no mesmo p\u00e1tio transforma a noite numa oportunidade rara para ouvir repert\u00f3rios e vozes que dificilmente coincidem nos festivais atuais.<\/p>\n<\/div><\/div><\/div><\/div><\/div><\/div><\/div><\/section><section class=\"l-section wpb_row height_huge color_alternate with_shape\"><div class=\"l-section-shape type_zigzag pos_top\" style=\"height:3vmin;\"><svg xmlns=\"http:\/\/www.w3.org\/2000\/svg\" viewBox=\"0 0 64 8\" preserveAspectRatio=\"none\" width=\"100%\" height=\"100%\">\r\n\t<path fill=\"currentColor\" d=\"M64 8 L0 8 L0 0 L20 7.9 L40 3 L48 5 L64 0 Z\"\/>\r\n<\/svg><\/div><div class=\"l-section-shape type_zigzag pos_bottom\" style=\"height:3vmin;\"><svg xmlns=\"http:\/\/www.w3.org\/2000\/svg\" viewBox=\"0 0 64 8\" preserveAspectRatio=\"none\" width=\"100%\" height=\"100%\">\r\n\t<path fill=\"currentColor\" d=\"M64 8 L0 8 L0 0 L20 7.9 L40 3 L48 5 L64 0 Z\"\/>\r\n<\/svg><\/div><div class=\"l-section-h i-cf\"><div class=\"g-cols vc_row via_flex valign_top type_default stacking_default\"><div class=\"vc_col-sm-12 wpb_column vc_column_container\"><div class=\"vc_column-inner\"><div class=\"wpb_wrapper\"><div class=\"wpb_text_column\"><div class=\"wpb_wrapper\"><h2>Como ser\u00e1 a experi\u00eancia dos ser\u00f5es<\/h2>\n<p>Os tr\u00eas espet\u00e1culos come\u00e7ar\u00e3o \u00e0s <strong>23:00<\/strong>. O hor\u00e1rio n\u00e3o \u00e9 acidental: o Hotel Triana encerrar\u00e1 as jornadas dos dias 17, 18 e 19 com um ambiente diferente do dos espet\u00e1culos mais cedo. O conceito de ser\u00e3o convida a prolongar a conversa flamenca do dia e a termin\u00e1-la num espa\u00e7o onde a proximidade pesa mais do que a grande produ\u00e7\u00e3o c\u00e9nica.<\/p>\n<p>O p\u00e1tio e as galerias favorecem uma rela\u00e7\u00e3o direta com o som. Pela sua escala humana, a experi\u00eancia pode recordar um encontro ou uma antiga convivencia flamenca, embora continue a ser um espet\u00e1culo programado e organizado no \u00e2mbito da Bienal.<\/p>\n<p>Tamb\u00e9m \u00e9 poss\u00edvel combinar algumas noites com outros espet\u00e1culos. A 17 de setembro, Arc\u00e1ngel atuar\u00e1 \u00e0s 20:00 no Lope de Vega antes de <em>Mujeres gitanas<\/em>. No dia 18, Antonio Reyes apresentar\u00e1 <em>Seis cuerdas, seis<\/em> \u00e0s 20:00, tamb\u00e9m no Lope, antes de <em>Uvitas negras<\/em>. No dia 19, Ca\u00f1izares e a Real Orquesta Sinf\u00f3nica de Sevilla come\u00e7ar\u00e3o \u00e0s 20:00 no Teatro de la Maestranza, tr\u00eas horas antes de <em>Andaluc\u00eda en el tiempo<\/em>.<\/p>\n<p>Estas combina\u00e7\u00f5es exigem que se prevejam as desloca\u00e7\u00f5es e a sa\u00edda de cada espa\u00e7o. N\u00e3o conv\u00e9m programar atividades demasiado pr\u00f3ximas nem contar que todos os espet\u00e1culos terminem exatamente a uma determinada hora.<\/p>\n<h2>Informa\u00e7\u00e3o pr\u00e1tica: localiza\u00e7\u00e3o, bilhetes e recomenda\u00e7\u00f5es<\/h2>\n<ul>\n<li><strong>Local:<\/strong> Hotel Triana, calle Clara de Jes\u00fas Montero, 28, Sevilha.<\/li>\n<li><strong>Datas:<\/strong> 17, 18 e 19 de setembro de 2026.<\/li>\n<li><strong>Hora:<\/strong> 23:00 nas tr\u00eas noites.<\/li>\n<li><strong>Tipo de programa\u00e7\u00e3o:<\/strong> Noites \u00danicas da XXIV Bienal de Flamenco.<\/li>\n<li><strong>Bilhetes:<\/strong> venda e disponibilidade atrav\u00e9s dos canais oficiais da Bienal.<\/li>\n<\/ul>\n<p>Por se tratar de tr\u00eas elencos irrepet\u00edveis e de um espa\u00e7o muito singular, \u00e9 aconselh\u00e1vel verificar a disponibilidade com anteced\u00eancia. O nosso guia de <a href=\"https:\/\/www.tablaosflamencos.com\/bienal-flamenco-2026-entradas-precios-descuentos.html\"><strong>bilhetes, pre\u00e7os e descontos da Bienal 2026<\/strong><\/a> explica os canais de compra, as redu\u00e7\u00f5es anunciadas e as recomenda\u00e7\u00f5es para evitar revenda ou liga\u00e7\u00f5es n\u00e3o oficiais.<\/p>\n<p>Conv\u00e9m chegar com anteced\u00eancia, confirmar as condi\u00e7\u00f5es de acesso indicadas no bilhete e consultar a organiza\u00e7\u00e3o caso necessite de informa\u00e7\u00f5es espec\u00edficas sobre mobilidade ou acessibilidade. Sendo um im\u00f3vel residencial aberto excecionalmente para um evento cultural, devem ser sempre respeitadas as indica\u00e7\u00f5es do pessoal e a vida quotidiana dos moradores.<\/p>\n<p>A programa\u00e7\u00e3o e a disponibilidade podem mudar. Antes de se deslocar, consulte sempre a <a href=\"https:\/\/www.labienal.com\/programa-general\/hotel-triana\" target=\"_blank\" rel=\"noopener\"><strong>p\u00e1gina oficial do Hotel Triana no site da Bienal<\/strong><\/a>.<\/p>\n<\/div><\/div><div class=\"w-separator size_medium\"><\/div><div class=\"w-hwrapper valign_top wrap align_center\" style=\"--hwrapper-gap:1.2rem\"><div class=\"w-btn-wrapper align_none\"><a class=\"w-btn us-btn-style_1\" href=\"https:\/\/www.tablaosflamencos.com\/bienal-flamenco-2026-entradas-precios-descuentos.html\"><span class=\"w-btn-label\">Bilhetes, pre\u00e7os e descontos<\/span><\/a><\/div><div class=\"w-btn-wrapper align_none\"><a class=\"w-btn us-btn-style_11\" href=\"https:\/\/www.labienal.com\/programa-general\/hotel-triana\"><span class=\"w-btn-label\">Programa\u00e7\u00e3o oficial do Hotel Triana<\/span><\/a><\/div><\/div><\/div><\/div><\/div><\/div><\/div><\/section><section class=\"l-section wpb_row height_huge\"><div class=\"l-section-h i-cf\"><div class=\"g-cols vc_row via_flex valign_top type_default stacking_default\"><div class=\"vc_col-sm-1\/5 wpb_column vc_column_container\"><div class=\"vc_column-inner\"><div class=\"wpb_wrapper\"><\/div><\/div><\/div><div class=\"vc_col-sm-3\/5 wpb_column vc_column_container\"><div class=\"vc_column-inner\"><div class=\"wpb_wrapper\"><div class=\"wpb_text_column\"><div class=\"wpb_wrapper\"><h2>Perguntas frequentes sobre o Hotel Triana na Bienal 2026<\/h2>\n<\/div><\/div><div class=\"w-separator size_medium\"><\/div><div class=\"w-tabs accordion toggle_style_1 has_scrolling\" style=\"--sections-title-size:inherit;--sections-gap:0.5rem;\"><div class=\"w-tabs-sections titles-align_none icon_chevron cpos_right\"><div class=\"w-tabs-section\" id=\"o373\" itemscope itemprop=\"mainEntity\" itemtype=\"https:\/\/schema.org\/Question\"><button type=\"button\" class=\"w-tabs-section-header\" aria-controls=\"content-o373\" aria-expanded=\"false\"><div class=\"w-tabs-section-title\" itemprop=\"name\">Em que dias haver\u00e1 flamenco no Hotel Triana durante a Bienal 2026?<\/div><div class=\"w-tabs-section-control\"><\/div><\/button><div  class=\"w-tabs-section-content\" id=\"content-o373\" itemscope itemprop=\"acceptedAnswer\" itemtype=\"https:\/\/schema.org\/Answer\"><div class=\"w-tabs-section-content-h i-cf\" itemprop=\"text\"><div class=\"wpb_text_column\"><div class=\"wpb_wrapper\"><p>O Hotel Triana acolher\u00e1 espet\u00e1culos nos dias 17, 18 e 19 de setembro de 2026. Todos come\u00e7ar\u00e3o \u00e0s 23:00.<\/p>\n<\/div><\/div><\/div><\/div><\/div><div class=\"w-tabs-section\" id=\"q47e\" itemscope itemprop=\"mainEntity\" itemtype=\"https:\/\/schema.org\/Question\"><button type=\"button\" class=\"w-tabs-section-header\" aria-controls=\"content-q47e\" aria-expanded=\"false\"><div class=\"w-tabs-section-title\" itemprop=\"name\">Que espet\u00e1culos ser\u00e3o apresentados no Hotel Triana?<\/div><div class=\"w-tabs-section-control\"><\/div><\/button><div  class=\"w-tabs-section-content\" id=\"content-q47e\" itemscope itemprop=\"acceptedAnswer\" itemtype=\"https:\/\/schema.org\/Answer\"><div class=\"w-tabs-section-content-h i-cf\" itemprop=\"text\"><div class=\"wpb_text_column\"><div class=\"wpb_wrapper\"><p>A 17 de setembro ser\u00e1 apresentado <em>Mujeres gitanas<\/em>; no dia 18, <em>Uvitas negras<\/em>; e no dia 19, <em>Andaluc\u00eda en el tiempo<\/em>. As tr\u00eas propostas s\u00e3o Noites \u00danicas criadas para a Bienal.<\/p>\n<\/div><\/div><\/div><\/div><\/div><div class=\"w-tabs-section\" id=\"e57e\" itemscope itemprop=\"mainEntity\" itemtype=\"https:\/\/schema.org\/Question\"><button type=\"button\" class=\"w-tabs-section-header\" aria-controls=\"content-e57e\" aria-expanded=\"false\"><div class=\"w-tabs-section-title\" itemprop=\"name\">O Hotel Triana \u00e9 um hotel onde se pode reservar um quarto?<\/div><div class=\"w-tabs-section-control\"><\/div><\/button><div  class=\"w-tabs-section-content\" id=\"content-e57e\" itemscope itemprop=\"acceptedAnswer\" itemtype=\"https:\/\/schema.org\/Answer\"><div class=\"w-tabs-section-content-h i-cf\" itemprop=\"text\"><div class=\"wpb_text_column\"><div class=\"wpb_wrapper\"><p>N\u00e3o. Embora tenha sido constru\u00eddo para funcionar como hotel durante a Exposi\u00e7\u00e3o Ibero-Americana de 1929, acabou por ser transformado num corral de vecinos. Atualmente \u00e9 um edif\u00edcio residencial de propriedade municipal e s\u00f3 abre o p\u00e1tio para determinadas atividades culturais.<\/p>\n<\/div><\/div><\/div><\/div><\/div><div class=\"w-tabs-section\" id=\"e681\" itemscope itemprop=\"mainEntity\" itemtype=\"https:\/\/schema.org\/Question\"><button type=\"button\" class=\"w-tabs-section-header\" aria-controls=\"content-e681\" aria-expanded=\"false\"><div class=\"w-tabs-section-title\" itemprop=\"name\">Onde fica o Hotel Triana?<\/div><div class=\"w-tabs-section-control\"><\/div><\/button><div  class=\"w-tabs-section-content\" id=\"content-e681\" itemscope itemprop=\"acceptedAnswer\" itemtype=\"https:\/\/schema.org\/Answer\"><div class=\"w-tabs-section-content-h i-cf\" itemprop=\"text\"><div class=\"wpb_text_column\"><div class=\"wpb_wrapper\"><p>Fica na calle Clara de Jes\u00fas Montero, 28, no bairro de Triana, entre esta rua e a calle Manuel Arellano.<\/p>\n<\/div><\/div><\/div><\/div><\/div><div class=\"w-tabs-section\" id=\"k78b\" itemscope itemprop=\"mainEntity\" itemtype=\"https:\/\/schema.org\/Question\"><button type=\"button\" class=\"w-tabs-section-header\" aria-controls=\"content-k78b\" aria-expanded=\"false\"><div class=\"w-tabs-section-title\" itemprop=\"name\">Onde se compram os bilhetes?<\/div><div class=\"w-tabs-section-control\"><\/div><\/button><div  class=\"w-tabs-section-content\" id=\"content-k78b\" itemscope itemprop=\"acceptedAnswer\" itemtype=\"https:\/\/schema.org\/Answer\"><div class=\"w-tabs-section-content-h i-cf\" itemprop=\"text\"><div class=\"wpb_text_column\"><div class=\"wpb_wrapper\"><p>Os bilhetes devem ser adquiridos atrav\u00e9s dos canais oficiais indicados no site da Bienal de Flamenco. Conv\u00e9m consultar a\u00ed tanto a disponibilidade como eventuais altera\u00e7\u00f5es de \u00faltima hora.<\/p>\n<\/div><\/div><\/div><\/div><\/div><div class=\"w-tabs-section\" id=\"p860\" itemscope itemprop=\"mainEntity\" itemtype=\"https:\/\/schema.org\/Question\"><button type=\"button\" class=\"w-tabs-section-header\" aria-controls=\"content-p860\" aria-expanded=\"false\"><div class=\"w-tabs-section-title\" itemprop=\"name\">Os espet\u00e1culos do Hotel Triana s\u00e3o estreias absolutas?<\/div><div class=\"w-tabs-section-control\"><\/div><\/button><div  class=\"w-tabs-section-content\" id=\"content-p860\" itemscope itemprop=\"acceptedAnswer\" itemtype=\"https:\/\/schema.org\/Answer\"><div class=\"w-tabs-section-content-h i-cf\" itemprop=\"text\"><div class=\"wpb_text_column\"><div class=\"wpb_wrapper\"><p>A programa\u00e7\u00e3o apresenta-os como Noites \u00danicas, n\u00e3o como estreias absolutas. S\u00e3o encontros concebidos especificamente para esta edi\u00e7\u00e3o, com elencos e conte\u00fados que n\u00e3o fazem parte de uma digress\u00e3o convencional.<\/p>\n<\/div><\/div><\/div><\/div><\/div><div class=\"w-tabs-section\" id=\"v955\" itemscope itemprop=\"mainEntity\" itemtype=\"https:\/\/schema.org\/Question\"><button type=\"button\" class=\"w-tabs-section-header\" aria-controls=\"content-v955\" aria-expanded=\"false\"><div class=\"w-tabs-section-title\" itemprop=\"name\">\u00c9 poss\u00edvel combinar o Hotel Triana com outro espet\u00e1culo no mesmo dia?<\/div><div class=\"w-tabs-section-control\"><\/div><\/button><div  class=\"w-tabs-section-content\" id=\"content-v955\" itemscope itemprop=\"acceptedAnswer\" itemtype=\"https:\/\/schema.org\/Answer\"><div class=\"w-tabs-section-content-h i-cf\" itemprop=\"text\"><div class=\"wpb_text_column\"><div class=\"wpb_wrapper\"><p>Sim. Nos dias 17, 18 e 19 h\u00e1 espet\u00e1culos anteriores noutros espa\u00e7os da Bienal. Como o Hotel Triana come\u00e7a \u00e0s 23:00, algumas combina\u00e7\u00f5es s\u00e3o poss\u00edveis, mas \u00e9 necess\u00e1rio calcular os hor\u00e1rios de sa\u00edda e as desloca\u00e7\u00f5es sem deixar uma margem demasiado curta.<\/p>\n<\/div><\/div><\/div><\/div><\/div><\/div><\/div><\/div><\/div><\/div><div class=\"vc_col-sm-1\/5 wpb_column vc_column_container\"><div class=\"vc_column-inner\"><div class=\"wpb_wrapper\"><\/div><\/div><\/div><\/div><\/div><\/section><section class=\"l-section wpb_row height_huge color_alternate with_shape\"><div class=\"l-section-shape type_zigzag pos_top hor_flip\" style=\"height:3vmin;\"><svg xmlns=\"http:\/\/www.w3.org\/2000\/svg\" viewBox=\"0 0 64 8\" preserveAspectRatio=\"none\" width=\"100%\" height=\"100%\">\r\n\t<path fill=\"currentColor\" d=\"M64 8 L0 8 L0 0 L20 7.9 L40 3 L48 5 L64 0 Z\"\/>\r\n<\/svg><\/div><div class=\"l-section-shape type_zigzag pos_bottom\" style=\"height:3vmin;\"><svg xmlns=\"http:\/\/www.w3.org\/2000\/svg\" viewBox=\"0 0 64 8\" preserveAspectRatio=\"none\" width=\"100%\" height=\"100%\">\r\n\t<path fill=\"currentColor\" d=\"M64 8 L0 8 L0 0 L20 7.9 L40 3 L48 5 L64 0 Z\"\/>\r\n<\/svg><\/div><div class=\"l-section-h i-cf\"><div class=\"g-cols vc_row via_flex valign_top type_default stacking_default\"><div class=\"vc_col-sm-12 wpb_column vc_column_container\"><div class=\"vc_column-inner\"><div class=\"wpb_wrapper\"><div class=\"wpb_text_column\"><div class=\"wpb_wrapper\"><h2>Tr\u00eas noites para escutar a mem\u00f3ria viva do flamenco<\/h2>\n<p>O regresso do Hotel Triana resume uma parte essencial da Bienal 2026. Nem tudo acontece nos grandes teatros, nem tudo tem de ser apresentado como uma produ\u00e7\u00e3o de grande formato. O flamenco tamb\u00e9m se sustenta nas fam\u00edlias, nas pe\u00f1as, nos repert\u00f3rios locais, nos artistas que desapareceram dos circuitos habituais e nos espa\u00e7os onde a conviv\u00eancia fazia parte da aprendizagem.<\/p>\n<p><em>Mujeres gitanas<\/em>, <em>Uvitas negras<\/em> e <em>Andaluc\u00eda en el tiempo<\/em> prop\u00f5em tr\u00eas escalas dessa mem\u00f3ria: a transmiss\u00e3o familiar, a identidade de uma localidade e a diversidade de toda uma comunidade aut\u00f3noma. O antigo corral de vecinos oferece o cen\u00e1rio adequado para as percorrer.<\/p>\n<p>Quem conseguir assistir a uma destas noites n\u00e3o ver\u00e1 apenas um concerto. Entrar\u00e1 num dos lugares onde a Bienal construiu parte da sua pr\u00f3pria identidade e onde a dist\u00e2ncia entre patrim\u00f3nio, bairro e flamenco quase desaparece.<\/p>\n<p>Se os bilhetes esgotarem ou as datas n\u00e3o coincidirem com a sua viagem, Sevilha mant\u00e9m todas as noites uma ampla oferta de espet\u00e1culos. O nosso guia da <a href=\"https:\/\/www.tablaosflamencos.com\/bienal-flamenco-2026-entradas-agotadas-que-ver.html\"><strong>Bienal 2026 com bilhetes esgotados<\/strong><\/a> re\u00fane alternativas para continuar a desfrutar do flamenco durante o festival.<\/p>\n<\/div><\/div><div class=\"w-separator size_medium\"><\/div><div class=\"w-hwrapper valign_top wrap align_center\" style=\"--hwrapper-gap:1.2rem\"><div class=\"w-btn-wrapper align_none\"><a class=\"w-btn us-btn-style_1\" href=\"https:\/\/www.tablaosflamencos.com\/bienal-flamenco-2026-entradas-agotadas-que-ver.html\"><span class=\"w-btn-label\">O que ver se j\u00e1 n\u00e3o houver bilhetes<\/span><\/a><\/div><div class=\"w-btn-wrapper align_none\"><a class=\"w-btn us-btn-style_11\" href=\"https:\/\/www.tablaosflamencos.com\/espacios-espectaculares-bienal-flamenco-sevilla-2026.html\"><span class=\"w-btn-label\">Outros espa\u00e7os espetaculares<\/span><\/a><\/div><\/div><\/div><\/div><\/div><\/div><\/div><\/section>\n","protected":false},"excerpt":{"rendered":"<p>O Hotel Triana regressa \u00e0 Bienal de Flamenco 2026 com tr\u00eas Noites \u00danicas: Mujeres gitanas, Uvitas negras e Andaluc\u00eda en el tiempo. Datas, artistas, hist\u00f3ria e bilhetes.<\/p>\n","protected":false},"author":1,"featured_media":14087,"comment_status":"closed","ping_status":"closed","sticky":false,"template":"","format":"standard","meta":{"_acf_changed":false,"wpai_generated_summary":"","_ayudawp_aiss_exclude":false,"_ayudawp_aiss_exclude_summary":false,"_ayudawp_aiss_summary":"","_ayudawp_aiss_summary_provider":"","_ayudawp_aiss_summary_hash":"","footnotes":""},"categories":[1430],"tags":[1255,1256,1257,1258,1188,1189,1259],"class_list":["post-14193","post","type-post","status-publish","format-standard","has-post-thumbnail","hentry","category-bienal-flamenco-sevilha","tag-agenda-flamenca","tag-bienal-2026","tag-bienal-de-flamenco","tag-festivales-flamencos","tag-flamenco-en-sevilla","tag-flamenco-en-triana","tag-sevilla"],"acf":[],"yoast_head":"<!-- This site is optimized with the Yoast SEO Premium plugin v28.4 (Yoast SEO v28.4) - https:\/\/yoast.com\/product\/yoast-seo-premium-wordpress\/ -->\n<title>Hotel Triana na Bienal 2026: programa e tr\u00eas noites<\/title>\n<meta name=\"description\" content=\"O Hotel Triana regressa \u00e0 Bienal 2026 com Mujeres gitanas, Uvitas negras e Andaluc\u00eda en el tiempo: datas, artistas, hor\u00e1rios e bilhetes.\" \/>\n<meta name=\"robots\" content=\"index, follow, max-snippet:-1, max-image-preview:large, max-video-preview:-1\" \/>\n<link rel=\"canonical\" href=\"https:\/\/www.tablaosflamencos.com\/pt-pt\/hotel-triana-bienal-flamenco-sevilha-2026.html\" \/>\n<meta property=\"og:locale\" content=\"pt_PT\" \/>\n<meta property=\"og:type\" content=\"article\" \/>\n<meta property=\"og:title\" content=\"A Bienal regressa ao Hotel Triana: tr\u00eas noites de flamenco num antigo p\u00e1tio de vizinhos\" \/>\n<meta property=\"og:description\" content=\"O Hotel Triana regressa \u00e0 Bienal 2026 com Mujeres gitanas, Uvitas negras e Andaluc\u00eda en el tiempo: datas, artistas, hor\u00e1rios e bilhetes.\" \/>\n<meta property=\"og:url\" content=\"https:\/\/www.tablaosflamencos.com\/pt-pt\/hotel-triana-bienal-flamenco-sevilha-2026.html\" \/>\n<meta property=\"og:site_name\" content=\"Tablaos Flamencos\" \/>\n<meta property=\"article:publisher\" content=\"https:\/\/www.facebook.com\/tablaosflamencos\" \/>\n<meta property=\"article:published_time\" content=\"2026-09-02T23:21:11+00:00\" \/>\n<meta property=\"article:modified_time\" content=\"2026-09-02T23:39:07+00:00\" \/>\n<meta property=\"og:image\" content=\"https:\/\/www.tablaosflamencos.com\/wp-content\/uploads\/hotel-triana-bienal-2026-flamenco.webp\" \/>\n\t<meta property=\"og:image:width\" content=\"1536\" \/>\n\t<meta property=\"og:image:height\" content=\"1024\" \/>\n\t<meta property=\"og:image:type\" content=\"image\/webp\" \/>\n<meta name=\"author\" content=\"Miguel Ortiz\" \/>\n<meta name=\"twitter:card\" content=\"summary_large_image\" \/>\n<meta name=\"twitter:creator\" content=\"@tablaosflamenco\" \/>\n<meta name=\"twitter:site\" content=\"@tablaosflamenco\" \/>\n<meta name=\"twitter:label1\" content=\"Escrito por\" \/>\n\t<meta name=\"twitter:data1\" content=\"Miguel Ortiz\" \/>\n\t<meta name=\"twitter:label2\" content=\"Tempo estimado de leitura\" \/>\n\t<meta name=\"twitter:data2\" content=\"15 minutos\" \/>\n<script type=\"application\/ld+json\" class=\"yoast-schema-graph\">{\"@context\":\"https:\\\/\\\/schema.org\",\"@graph\":[{\"@type\":\"Article\",\"@id\":\"https:\\\/\\\/www.tablaosflamencos.com\\\/pt-pt\\\/hotel-triana-bienal-flamenco-sevilha-2026.html#article\",\"isPartOf\":{\"@id\":\"https:\\\/\\\/www.tablaosflamencos.com\\\/pt-pt\\\/hotel-triana-bienal-flamenco-sevilha-2026.html\"},\"author\":{\"name\":\"Miguel Ortiz\",\"@id\":\"https:\\\/\\\/www.tablaosflamencos.com\\\/pt-pt#\\\/schema\\\/person\\\/e7a9ebe14eb75a52ceabfbffb3c54f5d\"},\"headline\":\"A Bienal regressa ao Hotel Triana: tr\u00eas noites de flamenco num antigo p\u00e1tio de vizinhos\",\"datePublished\":\"2026-09-02T23:21:11+00:00\",\"dateModified\":\"2026-09-02T23:39:07+00:00\",\"mainEntityOfPage\":{\"@id\":\"https:\\\/\\\/www.tablaosflamencos.com\\\/pt-pt\\\/hotel-triana-bienal-flamenco-sevilha-2026.html\"},\"wordCount\":3009,\"publisher\":{\"@id\":\"https:\\\/\\\/www.tablaosflamencos.com\\\/pt-pt#organization\"},\"image\":{\"@id\":\"https:\\\/\\\/www.tablaosflamencos.com\\\/pt-pt\\\/hotel-triana-bienal-flamenco-sevilha-2026.html#primaryimage\"},\"thumbnailUrl\":\"https:\\\/\\\/www.tablaosflamencos.com\\\/wp-content\\\/uploads\\\/hotel-triana-bienal-2026-flamenco.webp\",\"keywords\":[\"agenda flamenca\",\"Bienal 2026\",\"Bienal de Flamenco\",\"festivales flamencos\",\"flamenco en Sevilla\",\"flamenco en Triana\",\"sevilla\"],\"articleSection\":[\"Bienal de Flamenco de Sevilha\"],\"inLanguage\":\"pt-PT\"},{\"@type\":\"WebPage\",\"@id\":\"https:\\\/\\\/www.tablaosflamencos.com\\\/pt-pt\\\/hotel-triana-bienal-flamenco-sevilha-2026.html\",\"url\":\"https:\\\/\\\/www.tablaosflamencos.com\\\/pt-pt\\\/hotel-triana-bienal-flamenco-sevilha-2026.html\",\"name\":\"Hotel Triana na Bienal 2026: programa e tr\u00eas noites\",\"isPartOf\":{\"@id\":\"https:\\\/\\\/www.tablaosflamencos.com\\\/pt-pt#website\"},\"primaryImageOfPage\":{\"@id\":\"https:\\\/\\\/www.tablaosflamencos.com\\\/pt-pt\\\/hotel-triana-bienal-flamenco-sevilha-2026.html#primaryimage\"},\"image\":{\"@id\":\"https:\\\/\\\/www.tablaosflamencos.com\\\/pt-pt\\\/hotel-triana-bienal-flamenco-sevilha-2026.html#primaryimage\"},\"thumbnailUrl\":\"https:\\\/\\\/www.tablaosflamencos.com\\\/wp-content\\\/uploads\\\/hotel-triana-bienal-2026-flamenco.webp\",\"datePublished\":\"2026-09-02T23:21:11+00:00\",\"dateModified\":\"2026-09-02T23:39:07+00:00\",\"description\":\"O Hotel Triana regressa \u00e0 Bienal 2026 com Mujeres gitanas, Uvitas negras e Andaluc\u00eda en el tiempo: datas, artistas, hor\u00e1rios e bilhetes.\",\"breadcrumb\":{\"@id\":\"https:\\\/\\\/www.tablaosflamencos.com\\\/pt-pt\\\/hotel-triana-bienal-flamenco-sevilha-2026.html#breadcrumb\"},\"inLanguage\":\"pt-PT\",\"potentialAction\":[{\"@type\":\"ReadAction\",\"target\":[\"https:\\\/\\\/www.tablaosflamencos.com\\\/pt-pt\\\/hotel-triana-bienal-flamenco-sevilha-2026.html\"]}]},{\"@type\":\"ImageObject\",\"inLanguage\":\"pt-PT\",\"@id\":\"https:\\\/\\\/www.tablaosflamencos.com\\\/pt-pt\\\/hotel-triana-bienal-flamenco-sevilha-2026.html#primaryimage\",\"url\":\"https:\\\/\\\/www.tablaosflamencos.com\\\/wp-content\\\/uploads\\\/hotel-triana-bienal-2026-flamenco.webp\",\"contentUrl\":\"https:\\\/\\\/www.tablaosflamencos.com\\\/wp-content\\\/uploads\\\/hotel-triana-bienal-2026-flamenco.webp\",\"width\":1536,\"height\":1024,\"caption\":\"La Bienal vuelve al Hotel Triana: tres noches de flamenco en un antiguo corral de vecinos\"},{\"@type\":\"BreadcrumbList\",\"@id\":\"https:\\\/\\\/www.tablaosflamencos.com\\\/pt-pt\\\/hotel-triana-bienal-flamenco-sevilha-2026.html#breadcrumb\",\"itemListElement\":[{\"@type\":\"ListItem\",\"position\":1,\"name\":\"Home\",\"item\":\"https:\\\/\\\/www.tablaosflamencos.com\\\/pt-pt\"},{\"@type\":\"ListItem\",\"position\":2,\"name\":\"A Bienal regressa ao Hotel Triana: tr\u00eas noites de flamenco num antigo p\u00e1tio de vizinhos\"}]},{\"@type\":\"WebSite\",\"@id\":\"https:\\\/\\\/www.tablaosflamencos.com\\\/pt-pt#website\",\"url\":\"https:\\\/\\\/www.tablaosflamencos.com\\\/pt-pt\",\"name\":\"Tablaos Flamencos\",\"description\":\"Entradas para tablaos flamencos de Espa\u00f1a\",\"publisher\":{\"@id\":\"https:\\\/\\\/www.tablaosflamencos.com\\\/pt-pt#organization\"},\"alternateName\":\"Tablaos Flamencos\",\"potentialAction\":[{\"@type\":\"SearchAction\",\"target\":{\"@type\":\"EntryPoint\",\"urlTemplate\":\"https:\\\/\\\/www.tablaosflamencos.com\\\/pt-pt?s={search_term_string}\"},\"query-input\":{\"@type\":\"PropertyValueSpecification\",\"valueRequired\":true,\"valueName\":\"search_term_string\"}}],\"inLanguage\":\"pt-PT\"},{\"@type\":[\"Organization\",\"Place\",\"EntertainmentBusiness\"],\"@id\":\"https:\\\/\\\/www.tablaosflamencos.com\\\/pt-pt#organization\",\"name\":\"Tablaos Flamencos\",\"alternateName\":\"Tablaos Flamencos\",\"url\":\"https:\\\/\\\/www.tablaosflamencos.com\\\/pt-pt\",\"logo\":{\"@id\":\"https:\\\/\\\/www.tablaosflamencos.com\\\/pt-pt\\\/hotel-triana-bienal-flamenco-sevilha-2026.html#local-main-organization-logo\"},\"image\":{\"@id\":\"https:\\\/\\\/www.tablaosflamencos.com\\\/pt-pt\\\/hotel-triana-bienal-flamenco-sevilha-2026.html#local-main-organization-logo\"},\"sameAs\":[\"https:\\\/\\\/www.facebook.com\\\/tablaosflamencos\",\"https:\\\/\\\/x.com\\\/tablaosflamenco\",\"https:\\\/\\\/mastodon.social\\\/@tablaosflamencos\",\"https:\\\/\\\/www.instagram.com\\\/tablaosflamencos\",\"https:\\\/\\\/tiktok.com\\\/@tablaosflamencos\",\"https:\\\/\\\/www.linkedin.com\\\/company\\\/109408238\\\/\"],\"description\":\"Venta de entradas para espect\u00e1culos flamencos\",\"legalName\":\"Tablaos Flamencos\",\"foundingDate\":\"2015-01-01\",\"numberOfEmployees\":{\"@type\":\"QuantitativeValue\",\"minValue\":\"1\",\"maxValue\":\"10\"},\"address\":{\"@id\":\"https:\\\/\\\/www.tablaosflamencos.com\\\/pt-pt\\\/hotel-triana-bienal-flamenco-sevilha-2026.html#local-main-place-address\"},\"geo\":{\"@type\":\"GeoCoordinates\",\"latitude\":\"37.3868072\",\"longitude\":\"-5.993280299999999\"},\"telephone\":[\"+34623787787\"],\"contactPoint\":{\"@type\":\"ContactPoint\",\"telephone\":\"+34623787787\",\"email\":\"info@tablaosflamencos.com\"},\"openingHoursSpecification\":{\"@type\":\"OpeningHoursSpecification\",\"dayOfWeek\":[\"Monday\",\"Tuesday\",\"Wednesday\",\"Thursday\",\"Friday\",\"Saturday\",\"Sunday\"],\"opens\":\"00:00\",\"closes\":\"23:59\"},\"email\":\"info@tablaosflamencos.com\",\"priceRange\":\"$$$\",\"currenciesAccepted\":\"\u20ac\"},{\"@type\":\"Person\",\"@id\":\"https:\\\/\\\/www.tablaosflamencos.com\\\/pt-pt#\\\/schema\\\/person\\\/e7a9ebe14eb75a52ceabfbffb3c54f5d\",\"name\":\"Miguel Ortiz\",\"description\":\"Miguel Ortiz es un empresario flamenco, con una s\u00f3lida trayectoria dentro del sector. Ha presidido entidades culturales vinculadas al flamenco y, cuenta con un amplio recorrido profesional en la gesti\u00f3n y promoci\u00f3n de espect\u00e1culos y tablaos flamencos. Su pasi\u00f3n por la historia y el arte flamenco se refleja en cada art\u00edculo, donde combina experiencia, criterio y un profundo respeto por la tradici\u00f3n.\",\"sameAs\":[\"https:\\\/\\\/www.tablaosflamencos.com\",\"https:\\\/\\\/www.instagra.com\\\/miguelortizfe\",\"https:\\\/\\\/www.linkedin.com\\\/in\\\/miguelortizf\\\/\"],\"birthDate\":\"1984-11-22\",\"gender\":\"hombre\",\"knowsLanguage\":[\"espa\u00f1ol\",\"ingl\u00e9s\"],\"jobTitle\":\"Empresario flamenco\"},{\"@type\":\"PostalAddress\",\"@id\":\"https:\\\/\\\/www.tablaosflamencos.com\\\/pt-pt\\\/hotel-triana-bienal-flamenco-sevilha-2026.html#local-main-place-address\",\"streetAddress\":\"C\\\/ Alemanes, 19\",\"addressLocality\":\"Sevilla\",\"postalCode\":\"41004\",\"addressRegion\":\"Sevilla\",\"addressCountry\":\"ES\"},{\"@type\":\"ImageObject\",\"inLanguage\":\"pt-PT\",\"@id\":\"https:\\\/\\\/www.tablaosflamencos.com\\\/pt-pt\\\/hotel-triana-bienal-flamenco-sevilha-2026.html#local-main-organization-logo\",\"url\":\"https:\\\/\\\/www.tablaosflamencos.com\\\/wp-content\\\/uploads\\\/tablaos-flamencos-06-3.webp\",\"contentUrl\":\"https:\\\/\\\/www.tablaosflamencos.com\\\/wp-content\\\/uploads\\\/tablaos-flamencos-06-3.webp\",\"width\":600,\"height\":620,\"caption\":\"Tablaos Flamencos\"}]}<\/script>\n<meta name=\"geo.placename\" content=\"Sevilla\" \/>\n<meta name=\"geo.position\" content=\"37.3868072;-5.993280299999999\" \/>\n<meta name=\"geo.region\" content=\"Espanha\" \/>\n<!-- \/ Yoast SEO Premium plugin. -->","yoast_head_json":{"title":"Hotel Triana na Bienal 2026: programa e tr\u00eas noites","description":"O Hotel Triana regressa \u00e0 Bienal 2026 com Mujeres gitanas, Uvitas negras e Andaluc\u00eda en el tiempo: datas, artistas, hor\u00e1rios e bilhetes.","robots":{"index":"index","follow":"follow","max-snippet":"max-snippet:-1","max-image-preview":"max-image-preview:large","max-video-preview":"max-video-preview:-1"},"canonical":"https:\/\/www.tablaosflamencos.com\/pt-pt\/hotel-triana-bienal-flamenco-sevilha-2026.html","og_locale":"pt_PT","og_type":"article","og_title":"A Bienal regressa ao Hotel Triana: tr\u00eas noites de flamenco num antigo p\u00e1tio de vizinhos","og_description":"O Hotel Triana regressa \u00e0 Bienal 2026 com Mujeres gitanas, Uvitas negras e Andaluc\u00eda en el tiempo: datas, artistas, hor\u00e1rios e bilhetes.","og_url":"https:\/\/www.tablaosflamencos.com\/pt-pt\/hotel-triana-bienal-flamenco-sevilha-2026.html","og_site_name":"Tablaos Flamencos","article_publisher":"https:\/\/www.facebook.com\/tablaosflamencos","article_published_time":"2026-09-02T23:21:11+00:00","article_modified_time":"2026-09-02T23:39:07+00:00","og_image":[{"width":1536,"height":1024,"url":"https:\/\/www.tablaosflamencos.com\/wp-content\/uploads\/hotel-triana-bienal-2026-flamenco.webp","type":"image\/webp"}],"author":"Miguel Ortiz","twitter_card":"summary_large_image","twitter_creator":"@tablaosflamenco","twitter_site":"@tablaosflamenco","twitter_misc":{"Escrito por":"Miguel Ortiz","Tempo estimado de leitura":"15 minutos"},"schema":{"@context":"https:\/\/schema.org","@graph":[{"@type":"Article","@id":"https:\/\/www.tablaosflamencos.com\/pt-pt\/hotel-triana-bienal-flamenco-sevilha-2026.html#article","isPartOf":{"@id":"https:\/\/www.tablaosflamencos.com\/pt-pt\/hotel-triana-bienal-flamenco-sevilha-2026.html"},"author":{"name":"Miguel Ortiz","@id":"https:\/\/www.tablaosflamencos.com\/pt-pt#\/schema\/person\/e7a9ebe14eb75a52ceabfbffb3c54f5d"},"headline":"A Bienal regressa ao Hotel Triana: tr\u00eas noites de flamenco num antigo p\u00e1tio de vizinhos","datePublished":"2026-09-02T23:21:11+00:00","dateModified":"2026-09-02T23:39:07+00:00","mainEntityOfPage":{"@id":"https:\/\/www.tablaosflamencos.com\/pt-pt\/hotel-triana-bienal-flamenco-sevilha-2026.html"},"wordCount":3009,"publisher":{"@id":"https:\/\/www.tablaosflamencos.com\/pt-pt#organization"},"image":{"@id":"https:\/\/www.tablaosflamencos.com\/pt-pt\/hotel-triana-bienal-flamenco-sevilha-2026.html#primaryimage"},"thumbnailUrl":"https:\/\/www.tablaosflamencos.com\/wp-content\/uploads\/hotel-triana-bienal-2026-flamenco.webp","keywords":["agenda flamenca","Bienal 2026","Bienal de Flamenco","festivales flamencos","flamenco en Sevilla","flamenco en Triana","sevilla"],"articleSection":["Bienal de Flamenco de Sevilha"],"inLanguage":"pt-PT"},{"@type":"WebPage","@id":"https:\/\/www.tablaosflamencos.com\/pt-pt\/hotel-triana-bienal-flamenco-sevilha-2026.html","url":"https:\/\/www.tablaosflamencos.com\/pt-pt\/hotel-triana-bienal-flamenco-sevilha-2026.html","name":"Hotel Triana na Bienal 2026: programa e tr\u00eas noites","isPartOf":{"@id":"https:\/\/www.tablaosflamencos.com\/pt-pt#website"},"primaryImageOfPage":{"@id":"https:\/\/www.tablaosflamencos.com\/pt-pt\/hotel-triana-bienal-flamenco-sevilha-2026.html#primaryimage"},"image":{"@id":"https:\/\/www.tablaosflamencos.com\/pt-pt\/hotel-triana-bienal-flamenco-sevilha-2026.html#primaryimage"},"thumbnailUrl":"https:\/\/www.tablaosflamencos.com\/wp-content\/uploads\/hotel-triana-bienal-2026-flamenco.webp","datePublished":"2026-09-02T23:21:11+00:00","dateModified":"2026-09-02T23:39:07+00:00","description":"O Hotel Triana regressa \u00e0 Bienal 2026 com Mujeres gitanas, Uvitas negras e Andaluc\u00eda en el tiempo: datas, artistas, hor\u00e1rios e bilhetes.","breadcrumb":{"@id":"https:\/\/www.tablaosflamencos.com\/pt-pt\/hotel-triana-bienal-flamenco-sevilha-2026.html#breadcrumb"},"inLanguage":"pt-PT","potentialAction":[{"@type":"ReadAction","target":["https:\/\/www.tablaosflamencos.com\/pt-pt\/hotel-triana-bienal-flamenco-sevilha-2026.html"]}]},{"@type":"ImageObject","inLanguage":"pt-PT","@id":"https:\/\/www.tablaosflamencos.com\/pt-pt\/hotel-triana-bienal-flamenco-sevilha-2026.html#primaryimage","url":"https:\/\/www.tablaosflamencos.com\/wp-content\/uploads\/hotel-triana-bienal-2026-flamenco.webp","contentUrl":"https:\/\/www.tablaosflamencos.com\/wp-content\/uploads\/hotel-triana-bienal-2026-flamenco.webp","width":1536,"height":1024,"caption":"La Bienal vuelve al Hotel Triana: tres noches de flamenco en un antiguo corral de vecinos"},{"@type":"BreadcrumbList","@id":"https:\/\/www.tablaosflamencos.com\/pt-pt\/hotel-triana-bienal-flamenco-sevilha-2026.html#breadcrumb","itemListElement":[{"@type":"ListItem","position":1,"name":"Home","item":"https:\/\/www.tablaosflamencos.com\/pt-pt"},{"@type":"ListItem","position":2,"name":"A Bienal regressa ao Hotel Triana: tr\u00eas noites de flamenco num antigo p\u00e1tio de vizinhos"}]},{"@type":"WebSite","@id":"https:\/\/www.tablaosflamencos.com\/pt-pt#website","url":"https:\/\/www.tablaosflamencos.com\/pt-pt","name":"Tablaos Flamencos","description":"Entradas para tablaos flamencos de Espa\u00f1a","publisher":{"@id":"https:\/\/www.tablaosflamencos.com\/pt-pt#organization"},"alternateName":"Tablaos Flamencos","potentialAction":[{"@type":"SearchAction","target":{"@type":"EntryPoint","urlTemplate":"https:\/\/www.tablaosflamencos.com\/pt-pt?s={search_term_string}"},"query-input":{"@type":"PropertyValueSpecification","valueRequired":true,"valueName":"search_term_string"}}],"inLanguage":"pt-PT"},{"@type":["Organization","Place","EntertainmentBusiness"],"@id":"https:\/\/www.tablaosflamencos.com\/pt-pt#organization","name":"Tablaos Flamencos","alternateName":"Tablaos Flamencos","url":"https:\/\/www.tablaosflamencos.com\/pt-pt","logo":{"@id":"https:\/\/www.tablaosflamencos.com\/pt-pt\/hotel-triana-bienal-flamenco-sevilha-2026.html#local-main-organization-logo"},"image":{"@id":"https:\/\/www.tablaosflamencos.com\/pt-pt\/hotel-triana-bienal-flamenco-sevilha-2026.html#local-main-organization-logo"},"sameAs":["https:\/\/www.facebook.com\/tablaosflamencos","https:\/\/x.com\/tablaosflamenco","https:\/\/mastodon.social\/@tablaosflamencos","https:\/\/www.instagram.com\/tablaosflamencos","https:\/\/tiktok.com\/@tablaosflamencos","https:\/\/www.linkedin.com\/company\/109408238\/"],"description":"Venta de entradas para espect\u00e1culos flamencos","legalName":"Tablaos Flamencos","foundingDate":"2015-01-01","numberOfEmployees":{"@type":"QuantitativeValue","minValue":"1","maxValue":"10"},"address":{"@id":"https:\/\/www.tablaosflamencos.com\/pt-pt\/hotel-triana-bienal-flamenco-sevilha-2026.html#local-main-place-address"},"geo":{"@type":"GeoCoordinates","latitude":"37.3868072","longitude":"-5.993280299999999"},"telephone":["+34623787787"],"contactPoint":{"@type":"ContactPoint","telephone":"+34623787787","email":"info@tablaosflamencos.com"},"openingHoursSpecification":{"@type":"OpeningHoursSpecification","dayOfWeek":["Monday","Tuesday","Wednesday","Thursday","Friday","Saturday","Sunday"],"opens":"00:00","closes":"23:59"},"email":"info@tablaosflamencos.com","priceRange":"$$$","currenciesAccepted":"\u20ac"},{"@type":"Person","@id":"https:\/\/www.tablaosflamencos.com\/pt-pt#\/schema\/person\/e7a9ebe14eb75a52ceabfbffb3c54f5d","name":"Miguel Ortiz","description":"Miguel Ortiz es un empresario flamenco, con una s\u00f3lida trayectoria dentro del sector. Ha presidido entidades culturales vinculadas al flamenco y, cuenta con un amplio recorrido profesional en la gesti\u00f3n y promoci\u00f3n de espect\u00e1culos y tablaos flamencos. Su pasi\u00f3n por la historia y el arte flamenco se refleja en cada art\u00edculo, donde combina experiencia, criterio y un profundo respeto por la tradici\u00f3n.","sameAs":["https:\/\/www.tablaosflamencos.com","https:\/\/www.instagra.com\/miguelortizfe","https:\/\/www.linkedin.com\/in\/miguelortizf\/"],"birthDate":"1984-11-22","gender":"hombre","knowsLanguage":["espa\u00f1ol","ingl\u00e9s"],"jobTitle":"Empresario flamenco"},{"@type":"PostalAddress","@id":"https:\/\/www.tablaosflamencos.com\/pt-pt\/hotel-triana-bienal-flamenco-sevilha-2026.html#local-main-place-address","streetAddress":"C\/ Alemanes, 19","addressLocality":"Sevilla","postalCode":"41004","addressRegion":"Sevilla","addressCountry":"ES"},{"@type":"ImageObject","inLanguage":"pt-PT","@id":"https:\/\/www.tablaosflamencos.com\/pt-pt\/hotel-triana-bienal-flamenco-sevilha-2026.html#local-main-organization-logo","url":"https:\/\/www.tablaosflamencos.com\/wp-content\/uploads\/tablaos-flamencos-06-3.webp","contentUrl":"https:\/\/www.tablaosflamencos.com\/wp-content\/uploads\/tablaos-flamencos-06-3.webp","width":600,"height":620,"caption":"Tablaos Flamencos"}]},"geo.placename":"Sevilla","geo.position":{"lat":"37.3868072","long":"-5.993280299999999"},"geo.region":"Espanha"},"_links":{"self":[{"href":"https:\/\/www.tablaosflamencos.com\/pt-pt\/wp-json\/wp\/v2\/posts\/14193","targetHints":{"allow":["GET"]}}],"collection":[{"href":"https:\/\/www.tablaosflamencos.com\/pt-pt\/wp-json\/wp\/v2\/posts"}],"about":[{"href":"https:\/\/www.tablaosflamencos.com\/pt-pt\/wp-json\/wp\/v2\/types\/post"}],"author":[{"embeddable":true,"href":"https:\/\/www.tablaosflamencos.com\/pt-pt\/wp-json\/wp\/v2\/users\/1"}],"replies":[{"embeddable":true,"href":"https:\/\/www.tablaosflamencos.com\/pt-pt\/wp-json\/wp\/v2\/comments?post=14193"}],"version-history":[{"count":1,"href":"https:\/\/www.tablaosflamencos.com\/pt-pt\/wp-json\/wp\/v2\/posts\/14193\/revisions"}],"predecessor-version":[{"id":14201,"href":"https:\/\/www.tablaosflamencos.com\/pt-pt\/wp-json\/wp\/v2\/posts\/14193\/revisions\/14201"}],"wp:featuredmedia":[{"embeddable":true,"href":"https:\/\/www.tablaosflamencos.com\/pt-pt\/wp-json\/wp\/v2\/media\/14087"}],"wp:attachment":[{"href":"https:\/\/www.tablaosflamencos.com\/pt-pt\/wp-json\/wp\/v2\/media?parent=14193"}],"wp:term":[{"taxonomy":"category","embeddable":true,"href":"https:\/\/www.tablaosflamencos.com\/pt-pt\/wp-json\/wp\/v2\/categories?post=14193"},{"taxonomy":"post_tag","embeddable":true,"href":"https:\/\/www.tablaosflamencos.com\/pt-pt\/wp-json\/wp\/v2\/tags?post=14193"}],"curies":[{"name":"wp","href":"https:\/\/api.w.org\/{rel}","templated":true}]}}