{"id":14181,"date":"2026-09-03T01:18:36","date_gmt":"2026-09-02T23:18:36","guid":{"rendered":"https:\/\/www.tablaosflamencos.com\/?p=14181"},"modified":"2026-09-03T01:40:47","modified_gmt":"2026-09-02T23:40:47","slug":"cante-bienal-flamenco-sevilha-2026","status":"publish","type":"post","link":"https:\/\/www.tablaosflamencos.com\/pt-pt\/cante-bienal-flamenco-sevilha-2026.html","title":{"rendered":"O cante na Bienal 2026: gera\u00e7\u00f5es, artistas e grandes vozes"},"content":{"rendered":"<section class=\"l-section wpb_row height_huge\"><div class=\"l-section-h i-cf\"><div class=\"g-cols vc_row via_flex valign_top type_default stacking_default\"><div class=\"vc_col-sm-6 wpb_column vc_column_container\"><div class=\"vc_column-inner\"><div class=\"wpb_wrapper\"><div class=\"wpb_text_column\"><div class=\"wpb_wrapper\"><h2>O cante na Bienal 2026: gera\u00e7\u00f5es, artistas e grandes vozes<\/h2>\n<p>A <strong>XXIV Bienal de Flamenco de Sevilha<\/strong> coloca o cante num dos centros de gravidade da sua programa\u00e7\u00e3o. Entre <strong>9 de setembro e 3 de outubro de 2026<\/strong>, Sevilha reunir\u00e1 vozes de v\u00e1rias gera\u00e7\u00f5es, escolas e territ\u00f3rios numa edi\u00e7\u00e3o que a pr\u00f3pria organiza\u00e7\u00e3o resume com um n\u00famero particularmente revelador: <strong>cerca de trinta propostas ligadas ao cante e mais de uma centena de vozes<\/strong> ao longo do festival.<\/p>\n<p>N\u00e3o existe, portanto, uma \u00fanica forma de acompanhar o cante nesta Bienal. O programa permite passar de figuras hist\u00f3ricas como <strong>Jos\u00e9 Merc\u00e9, Carmen Linares ou Jos\u00e9 de la Tomasa<\/strong> a artistas plenamente consagrados como <strong>Arc\u00e1ngel, Mayte Mart\u00edn, Marina Heredia, Israel Fern\u00e1ndez, Antonio Reyes ou La Tremendita<\/strong>, e da\u00ed para uma gera\u00e7\u00e3o mais jovem representada por nomes como <strong>\u00c1ngeles Toledano, Mar\u00eda Terremoto, Roc\u00edo Luna, El Perrete ou Manuel de la Tomasa<\/strong>.<\/p>\n<p>Este guia organiza esse mapa para o ajudar a compreender <strong>que gera\u00e7\u00f5es convivem, que artistas vale a pena acompanhar e quais s\u00e3o alguns dos encontros mais importantes para quem quiser fazer do cante o fio condutor da sua Bienal 2026<\/strong>.<\/p>\n<\/div><\/div><\/div><\/div><\/div><div class=\"vc_col-sm-6 wpb_column vc_column_container\"><div class=\"vc_column-inner\"><div class=\"wpb_wrapper\"><div class=\"w-image us_custom_8ec565b2 has_aspect_ratio align_center\"><div class=\"w-image-h\"><img fetchpriority=\"high\" decoding=\"async\" width=\"1024\" height=\"768\" src=\"https:\/\/www.tablaosflamencos.com\/wp-content\/uploads\/el-cante-en-la-bienal-2026-generaciones-artistas-y-grandes-voces-01-1-1024x768.webp\" class=\"attachment-large size-large\" alt=\"El cante en la Bienal 2026: generaciones, artistas y grandes voces\" loading=\"eager\" srcset=\"https:\/\/www.tablaosflamencos.com\/wp-content\/uploads\/el-cante-en-la-bienal-2026-generaciones-artistas-y-grandes-voces-01-1-1024x768.webp 1024w, https:\/\/www.tablaosflamencos.com\/wp-content\/uploads\/el-cante-en-la-bienal-2026-generaciones-artistas-y-grandes-voces-01-1-300x225.webp 300w, https:\/\/www.tablaosflamencos.com\/wp-content\/uploads\/el-cante-en-la-bienal-2026-generaciones-artistas-y-grandes-voces-01-1-600x450.webp 600w, https:\/\/www.tablaosflamencos.com\/wp-content\/uploads\/el-cante-en-la-bienal-2026-generaciones-artistas-y-grandes-voces-01-1-150x113.webp 150w, https:\/\/www.tablaosflamencos.com\/wp-content\/uploads\/el-cante-en-la-bienal-2026-generaciones-artistas-y-grandes-voces-01-1.webp 1448w\" sizes=\"auto, (max-width: 1024px) 100vw, 1024px\" \/><\/div><\/div><\/div><\/div><\/div><\/div><\/div><\/section><section class=\"l-section wpb_row height_huge color_alternate with_shape\"><div class=\"l-section-shape type_zigzag pos_top hor_flip\" style=\"height:3vmin;\"><svg xmlns=\"http:\/\/www.w3.org\/2000\/svg\" viewBox=\"0 0 64 8\" preserveAspectRatio=\"none\" width=\"100%\" height=\"100%\">\r\n\t<path fill=\"currentColor\" d=\"M64 8 L0 8 L0 0 L20 7.9 L40 3 L48 5 L64 0 Z\"\/>\r\n<\/svg><\/div><div class=\"l-section-shape type_zigzag pos_bottom\" style=\"height:3vmin;\"><svg xmlns=\"http:\/\/www.w3.org\/2000\/svg\" viewBox=\"0 0 64 8\" preserveAspectRatio=\"none\" width=\"100%\" height=\"100%\">\r\n\t<path fill=\"currentColor\" d=\"M64 8 L0 8 L0 0 L20 7.9 L40 3 L48 5 L64 0 Z\"\/>\r\n<\/svg><\/div><div class=\"l-section-h i-cf\"><div class=\"g-cols vc_row via_flex valign_top type_default stacking_default\"><div class=\"vc_col-sm-12 wpb_column vc_column_container\"><div class=\"vc_column-inner\"><div class=\"wpb_wrapper\"><div class=\"wpb_text_column\"><div class=\"wpb_wrapper\"><blockquote>\n<p><strong>Resposta r\u00e1pida:<\/strong> a Bienal de Flamenco de Sevilha 2026 oferece um dos seus programas de cante mais amplos e diversificados em termos geracionais. Entre os encontros mais destacados est\u00e3o a gala <em>El mundo por montera<\/em>, \u00c1ngeles Toledano, Israel Fern\u00e1ndez, Rancapino Chico, Arc\u00e1ngel, Antonio Reyes, Jos\u00e9 Merc\u00e9, Mayte Mart\u00edn, Marina Heredia e o encerramento de Carmen Linares com Marina Heredia, Mar\u00eda Terremoto e Roc\u00edo Luna. O interesse do programa n\u00e3o est\u00e1 apenas nos grandes nomes, mas tamb\u00e9m na forma como confronta tradi\u00e7\u00e3o e presente, re\u00fane fam\u00edlias e cria di\u00e1logos entre gera\u00e7\u00f5es.<\/p>\n<\/blockquote>\n<p><strong>\u00daltima atualiza\u00e7\u00e3o: 2 de setembro de 2026.<\/strong> A programa\u00e7\u00e3o e a disponibilidade de bilhetes podem mudar. Consulte sempre a ficha oficial de cada espet\u00e1culo antes de organizar a visita.<\/p>\n<p><a href=\"https:\/\/www.tablaosflamencos.com\/pt-pt\/bienal-flamenco-sevilha-2026.html\"><strong>Guia completo da Bienal 2026<\/strong><\/a> \u00b7 <a href=\"https:\/\/www.tablaosflamencos.com\/pt-pt\/noites-unicas-bienal-flamenco-sevilha-2026.html\"><strong>Noites \u00danicas<\/strong><\/a> \u00b7 <a href=\"https:\/\/www.labienal.com\/programa-general\" target=\"_blank\" rel=\"noopener\"><strong>Programa\u00e7\u00e3o oficial<\/strong><\/a><\/p>\n<\/div><\/div><\/div><\/div><\/div><\/div><\/div><\/section><section class=\"l-section wpb_row height_huge\"><div class=\"l-section-h i-cf\"><div class=\"g-cols vc_row via_flex valign_top type_default stacking_default\"><div class=\"vc_col-sm-1\/5 wpb_column vc_column_container\"><div class=\"vc_column-inner\"><div class=\"wpb_wrapper\"><\/div><\/div><\/div><div class=\"vc_col-sm-3\/5 wpb_column vc_column_container\"><div class=\"vc_column-inner\"><div class=\"wpb_wrapper\"><div class=\"wpb_text_column\"><div class=\"wpb_wrapper\"><h2>Conte\u00fado deste guia<\/h2>\n<ul>\n<li><a href=\"#cante-corazon\">Porque o cante ocupa um lugar central<\/a><\/li>\n<li><a href=\"#maestros\">Mestres e grandes refer\u00eancias<\/a><\/li>\n<li><a href=\"#consolidados\">A gera\u00e7\u00e3o consagrada<\/a><\/li>\n<li><a href=\"#jovenes\">As novas vozes<\/a><\/li>\n<li><a href=\"#sagas\">Fam\u00edlias, territ\u00f3rios e mem\u00f3ria<\/a><\/li>\n<li><a href=\"#mujeres\">As vozes femininas<\/a><\/li>\n<li><a href=\"#fechas-clave\">Datas-chave<\/a><\/li>\n<li><a href=\"#elegir\">O que escolher de acordo com o seu perfil<\/a><\/li>\n<li><a href=\"#faq-cante\">Perguntas frequentes<\/a><\/li>\n<\/ul>\n<\/div><\/div><\/div><\/div><\/div><div class=\"vc_col-sm-1\/5 wpb_column vc_column_container\"><div class=\"vc_column-inner\"><div class=\"wpb_wrapper\"><\/div><\/div><\/div><\/div><\/div><\/section><section class=\"l-section wpb_row height_huge color_alternate with_shape\"><div class=\"l-section-shape type_zigzag pos_top\" style=\"height:3vmin;\"><svg xmlns=\"http:\/\/www.w3.org\/2000\/svg\" viewBox=\"0 0 64 8\" preserveAspectRatio=\"none\" width=\"100%\" height=\"100%\">\r\n\t<path fill=\"currentColor\" d=\"M64 8 L0 8 L0 0 L20 7.9 L40 3 L48 5 L64 0 Z\"\/>\r\n<\/svg><\/div><div class=\"l-section-shape type_zigzag pos_bottom\" style=\"height:3vmin;\"><svg xmlns=\"http:\/\/www.w3.org\/2000\/svg\" viewBox=\"0 0 64 8\" preserveAspectRatio=\"none\" width=\"100%\" height=\"100%\">\r\n\t<path fill=\"currentColor\" d=\"M64 8 L0 8 L0 0 L20 7.9 L40 3 L48 5 L64 0 Z\"\/>\r\n<\/svg><\/div><div class=\"l-section-h i-cf\"><div class=\"g-cols vc_row via_flex valign_top type_default stacking_default\"><div class=\"vc_col-sm-12 wpb_column vc_column_container\"><div class=\"vc_column-inner\"><div class=\"wpb_wrapper\"><div class=\"wpb_text_column\"><div class=\"wpb_wrapper\"><h2 id=\"cante-corazon\">O cante, no cora\u00e7\u00e3o da XXIV Bienal<\/h2>\n<p>Falar de mais de uma centena de vozes n\u00e3o significa que a Bienal tenha constru\u00eddo um bloco isolado dedicado exclusivamente ao cante. Acontece precisamente o contr\u00e1rio: <strong>a voz atravessa toda a edi\u00e7\u00e3o<\/strong>. Est\u00e1 presente em recitais de formato cl\u00e1ssico, estreias absolutas, grandes produ\u00e7\u00f5es do Teatro de la Maestranza, encontros de fam\u00edlias, propostas de baile em que o cante tem um papel estrutural e nas Noites \u00danicas criadas especificamente para Sevilha.<\/p>\n<p>A programa\u00e7\u00e3o oficial fala de gera\u00e7\u00f5es, territ\u00f3rios, escolas e sensibilidades. Essa ideia ajuda a compreender melhor a edi\u00e7\u00e3o de 2026: n\u00e3o se pretende defender uma \u00fanica est\u00e9tica do cante, mas mostrar como convivem diferentes formas de se relacionar com a tradi\u00e7\u00e3o.<\/p>\n<p>No mesmo festival podem ouvir-se propostas radicalmente distintas: o regresso aos repert\u00f3rios antigos de Mayte Mart\u00edn, a mem\u00f3ria dos discos de 78 rota\u00e7\u00f5es que inspira Rancapino Chico, a personalidade musical contempor\u00e2nea de Israel Fern\u00e1ndez, a escrita e o imagin\u00e1rio pr\u00f3prios de \u00c1ngeles Toledano ou uma grande produ\u00e7\u00e3o sinf\u00f3nica de Marina Heredia.<\/p>\n<p>Um dos grandes atrativos de 2026 \u00e9 permitir ao p\u00fablico comparar como diferentes gera\u00e7\u00f5es entendem quest\u00f5es essenciais do flamenco: <strong>o que significa respeitar a tradi\u00e7\u00e3o, at\u00e9 onde um repert\u00f3rio pode ser transformado, como se transmite um cante e onde come\u00e7a a cria\u00e7\u00e3o pessoal<\/strong>.<\/p>\n<\/div><\/div><\/div><\/div><\/div><\/div><\/div><\/section><section class=\"l-section wpb_row height_huge\"><div class=\"l-section-h i-cf\"><div class=\"g-cols vc_row via_flex valign_top type_default stacking_default\"><div class=\"vc_col-sm-12 wpb_column vc_column_container\"><div class=\"vc_column-inner\"><div class=\"wpb_wrapper\"><div class=\"wpb_text_column\"><div class=\"wpb_wrapper\"><h2 id=\"maestros\">Os mestres: mem\u00f3ria, autoridade e transmiss\u00e3o<\/h2>\n<p>Entre as vozes de maior percurso, <strong>Jos\u00e9 Merc\u00e9<\/strong> ocupa um dos lugares centrais. A 20 de setembro regressa ao Teatro de la Maestranza com <em>Toquen a rebato<\/em>, uma Noite \u00danica que recupera uma ideia que j\u00e1 funcionou na Bienal de 2016: colocar a sua voz frente a tr\u00eas guitarras. Desta vez, o di\u00e1logo ser\u00e1 com uma gera\u00e7\u00e3o mais jovem do toque \u2014David de Arahal, Jos\u00e9 del Tomate e Manuel Cerpa\u2014, tornando expl\u00edcita a ideia de transmiss\u00e3o.<\/p>\n<p>Tamb\u00e9m tem um peso especial <strong>Carmen Linares<\/strong>, respons\u00e1vel por um dos grandes encontros finais. A 3 de outubro, <em>Perlas a millares<\/em> celebra o 30.\u00ba anivers\u00e1rio da sua <em>Antolog\u00eda de la Mujer en el Cante<\/em> e junta Marina Heredia, Mar\u00eda Terremoto e Roc\u00edo Luna, al\u00e9m de Rafaela Carrasco no baile. O espet\u00e1culo n\u00e3o funciona apenas como homenagem: transforma a mem\u00f3ria do cante feminino num di\u00e1logo entre diferentes gera\u00e7\u00f5es.<\/p>\n<p>A estas refer\u00eancias juntam-se nomes como <strong>Jos\u00e9 de la Tomasa<\/strong>, presente na grande gala inicial, ou vozes de enorme personalidade como <strong>Aurora Vargas<\/strong>, que participam numa edi\u00e7\u00e3o muito atenta \u00e0 mem\u00f3ria e aos repert\u00f3rios transmitidos de forma direta.<\/p>\n<h3>Mayte Mart\u00edn: olhar para tr\u00e1s para afirmar o presente<\/h3>\n<p>A 30 de setembro, o Teatro Lope de Vega recebe <strong>Mayte Mart\u00edn<\/strong> com <em>Arqueolog\u00eda de lo puro<\/em>. A proposta parte de uma decis\u00e3o est\u00e9tica muito clara: recuperar grandes obras, algumas esquecidas, do flamenco antigo e defend\u00ea-las sem as submeter \u00e0s tend\u00eancias contempor\u00e2neas.<\/p>\n<p>N\u00e3o se trata de nostalgia. Olhar para tr\u00e1s serve para construir uma posi\u00e7\u00e3o art\u00edstica atual. Isso torna Mayte Mart\u00edn uma das refer\u00eancias mais \u00fateis para compreender o debate que atravessa toda a Bienal: <strong>como conservar sem congelar e como criar sem perder a mem\u00f3ria<\/strong>.<\/p>\n<\/div><\/div><\/div><\/div><\/div><\/div><\/div><\/section><section class=\"l-section wpb_row height_huge color_alternate with_shape\"><div class=\"l-section-shape type_zigzag pos_top\" style=\"height:3vmin;\"><svg xmlns=\"http:\/\/www.w3.org\/2000\/svg\" viewBox=\"0 0 64 8\" preserveAspectRatio=\"none\" width=\"100%\" height=\"100%\">\r\n\t<path fill=\"currentColor\" d=\"M64 8 L0 8 L0 0 L20 7.9 L40 3 L48 5 L64 0 Z\"\/>\r\n<\/svg><\/div><div class=\"l-section-shape type_zigzag pos_bottom\" style=\"height:3vmin;\"><svg xmlns=\"http:\/\/www.w3.org\/2000\/svg\" viewBox=\"0 0 64 8\" preserveAspectRatio=\"none\" width=\"100%\" height=\"100%\">\r\n\t<path fill=\"currentColor\" d=\"M64 8 L0 8 L0 0 L20 7.9 L40 3 L48 5 L64 0 Z\"\/>\r\n<\/svg><\/div><div class=\"l-section-h i-cf\"><div class=\"g-cols vc_row via_flex valign_top type_default stacking_default\"><div class=\"vc_col-sm-12 wpb_column vc_column_container\"><div class=\"vc_column-inner\"><div class=\"wpb_wrapper\"><div class=\"wpb_text_column\"><div class=\"wpb_wrapper\"><h2 id=\"consolidados\">A gera\u00e7\u00e3o consagrada: Arc\u00e1ngel, Marina Heredia, Israel Fern\u00e1ndez e Antonio Reyes<\/h2>\n<p>Entre os mestres hist\u00f3ricos e as vozes mais jovens existe uma gera\u00e7\u00e3o que h\u00e1 anos define o cante contempor\u00e2neo. A Bienal 2026 atribui-lhe um espa\u00e7o muito vis\u00edvel.<\/p>\n<p><strong>Arc\u00e1ngel<\/strong> apresenta a 17 de setembro no Teatro Lope de Vega <em>La copla del cante<\/em>, uma Noite \u00danica que revisita a rela\u00e7\u00e3o entre flamenco e copla atrav\u00e9s da mem\u00f3ria de int\u00e9rpretes como Marchena, Caracol, Pepe Pinto, Canalejas ou La Paquera de Jerez.<\/p>\n<p>No dia seguinte, <strong>Antonio Reyes<\/strong> prop\u00f5e <em>Seis cuerdas, seis<\/em>, tamb\u00e9m no Lope de Vega, construindo um di\u00e1logo entre o seu cante e seis guitarristas: Rafael Riqueni, Manolo Franco, Diego del Morao, Joni Jim\u00e9nez, Jos\u00e9 del Tomate e Nono Reyes.<\/p>\n<p>Por sua vez, <strong>Israel Fern\u00e1ndez<\/strong> leva <em>De oro y marfil<\/em> ao Patio de la Monter\u00eda do Real Alc\u00e1zar a 14 de setembro, com Diego del Morao e uma forma\u00e7\u00e3o musical mais ampla. \u00c9 uma das propostas que melhor representam uma forma de projetar a raiz flamenca atrav\u00e9s de uma linguagem sonora plenamente atual.<\/p>\n<h3>Marina Heredia: o cante em grande formato<\/h3>\n<p>A 1 de outubro, <strong>Marina Heredia<\/strong> atua no Teatro de la Maestranza juntamente com a Real Orquesta Sinf\u00f3nica de Sevilla em <em>\u00a1En libertad! El camino de los gitanos<\/em>. O espet\u00e1culo liga mem\u00f3ria hist\u00f3rica, identidade cigana e cria\u00e7\u00e3o musical de grande formato.<\/p>\n<p>A sua presen\u00e7a permite ver outra dimens\u00e3o do cante: a voz flamenca n\u00e3o aparece apenas no formato cantaor-guitarra. Pode conviver com uma orquestra, com uma dramaturgia ampla e com investiga\u00e7\u00e3o hist\u00f3rica sem deixar de funcionar como centro expressivo da proposta.<\/p>\n<\/div><\/div><\/div><\/div><\/div><\/div><\/div><\/section><section class=\"l-section wpb_row height_huge\"><div class=\"l-section-h i-cf\"><div class=\"g-cols vc_row via_flex valign_top type_default stacking_default\"><div class=\"vc_col-sm-12 wpb_column vc_column_container\"><div class=\"vc_column-inner\"><div class=\"wpb_wrapper\"><div class=\"wpb_text_column\"><div class=\"wpb_wrapper\"><h2 id=\"jovenes\">As novas vozes: uma gera\u00e7\u00e3o que j\u00e1 cria a sua pr\u00f3pria linguagem<\/h2>\n<p>Um dos movimentos mais interessantes da Bienal 2026 \u00e9 a incorpora\u00e7\u00e3o de jovens artistas que n\u00e3o chegam apenas como convidados, mas com <strong>projetos pr\u00f3prios e discursos pessoais<\/strong>.<\/p>\n<p>O caso mais evidente \u00e9 <strong>\u00c1ngeles Toledano<\/strong>. A 12 de setembro apresenta no Teatro Alameda a estreia absoluta de <em>La misma sangre del cuerpo<\/em>, o seu primeiro espet\u00e1culo pr\u00f3prio na Bienal. A proposta prolonga o universo do seu \u00e1lbum <em>Sangre Sucia<\/em> e coloca uma cantaora formada a partir de princ\u00edpios cl\u00e1ssicos perante uma escrita, uma est\u00e9tica e uma linguagem c\u00e9nica muito pessoais.<\/p>\n<p>A sua posi\u00e7\u00e3o \u00e9 especialmente significativa: participa tamb\u00e9m em <em>El mundo por montera<\/em>, a grande gala de 10 de setembro, ao lado de artistas como Jos\u00e9 Merc\u00e9, Jos\u00e9 de la Tomasa, Arc\u00e1ngel ou La Tremendita. Em apenas dois dias, a Bienal coloca-a primeiro dentro de uma genealogia coletiva e depois \u00e0 frente da sua pr\u00f3pria cria\u00e7\u00e3o.<\/p>\n<p><strong>Mar\u00eda Terremoto<\/strong> representa uma continuidade muito direta com as grandes fam\u00edlias cantaoras de Jerez, enquanto <strong>Roc\u00edo Luna<\/strong> chega \u00e0 grande noite final junto de Carmen Linares e Marina Heredia como uma das jovens vozes incorporadas num relato hist\u00f3rico do cante feminino.<\/p>\n<p><strong>El Perrete<\/strong> e <strong>Manuel de la Tomasa<\/strong> participam na gala <em>El mundo por montera<\/em>. A isto junta-se a <strong>Gala do Circuito Andaluz de Jovens Flamencos<\/strong>, programada para 20 de setembro no Teatro Alameda.<\/p>\n<\/div><\/div><\/div><\/div><\/div><\/div><\/div><\/section><section class=\"l-section wpb_row height_huge color_alternate with_shape\"><div class=\"l-section-shape type_zigzag pos_top hor_flip\" style=\"height:3vmin;\"><svg xmlns=\"http:\/\/www.w3.org\/2000\/svg\" viewBox=\"0 0 64 8\" preserveAspectRatio=\"none\" width=\"100%\" height=\"100%\">\r\n\t<path fill=\"currentColor\" d=\"M64 8 L0 8 L0 0 L20 7.9 L40 3 L48 5 L64 0 Z\"\/>\r\n<\/svg><\/div><div class=\"l-section-shape type_zigzag pos_bottom\" style=\"height:3vmin;\"><svg xmlns=\"http:\/\/www.w3.org\/2000\/svg\" viewBox=\"0 0 64 8\" preserveAspectRatio=\"none\" width=\"100%\" height=\"100%\">\r\n\t<path fill=\"currentColor\" d=\"M64 8 L0 8 L0 0 L20 7.9 L40 3 L48 5 L64 0 Z\"\/>\r\n<\/svg><\/div><div class=\"l-section-h i-cf\"><div class=\"g-cols vc_row via_flex valign_top type_default stacking_default\"><div class=\"vc_col-sm-12 wpb_column vc_column_container\"><div class=\"vc_column-inner\"><div class=\"wpb_wrapper\"><div class=\"wpb_text_column\"><div class=\"wpb_wrapper\"><h2 id=\"sagas\">Fam\u00edlias, territ\u00f3rios e formas de transmitir o cante<\/h2>\n<p>A Bienal n\u00e3o organiza as suas vozes apenas por idade. Tamb\u00e9m as liga por <strong>territ\u00f3rio, fam\u00edlia e tradi\u00e7\u00e3o interpretativa<\/strong>.<\/p>\n<p>O Real Alc\u00e1zar oferece um exemplo particularmente claro. Depois de Israel Fern\u00e1ndez, a 15 de setembro <strong>Rancapino Chico<\/strong> estreia <em>Pizarra<\/em>, um projeto inspirado nas antigas grava\u00e7\u00f5es de 78 rpm e nos grandes mestres do cante. No dia seguinte, <em>Xerezan\u00edas<\/em> re\u00fane Luis El Zambo, Dolores Agujetas, Antonio de la Malena, Manuel Valencia e Las Tatas de Jerez.<\/p>\n<p>Em tr\u00eas noites consecutivas, o Patio de la Monter\u00eda passa assim de uma grande voz contempor\u00e2nea a uma reflex\u00e3o sobre a mem\u00f3ria discogr\u00e1fica e, finalmente, a uma reuni\u00e3o de fam\u00edlias e linhagens ligadas a Jerez. Para um aficionado interessado em compreender como o cante \u00e9 transmitido, \u00e9 um dos blocos mais coerentes de toda a edi\u00e7\u00e3o.<\/p>\n<p><a href=\"https:\/\/www.tablaosflamencos.com\/pt-pt\/flamenco-real-alcazar-bienal-sevilha-2026.html\"><strong>Ver o nosso guia de flamenco no Real Alc\u00e1zar durante a Bienal 2026<\/strong><\/a>.<\/p>\n<h3>Um mapa vocal da Andaluzia<\/h3>\n<p>Jerez aparece com enorme for\u00e7a atrav\u00e9s de Merc\u00e9, das fam\u00edlias de <em>Xerezan\u00edas<\/em>, Mar\u00eda Terremoto, Capullo de Jerez ou Jos\u00e9 de los Camarones. C\u00e1dis est\u00e1 presente na forma de entender o cante de Rancapino Chico e em artistas como Encarna Anillo. Huelva tem uma voz fundamental em Arc\u00e1ngel; Granada, em Marina Heredia; e Sevilha apresenta figuras e linhagens pr\u00f3prias juntamente com encontros criados especificamente para a cidade.<\/p>\n<\/div><\/div><\/div><\/div><\/div><\/div><\/div><\/section><section class=\"l-section wpb_row height_huge\"><div class=\"l-section-h i-cf\"><div class=\"g-cols vc_row via_flex valign_top type_default stacking_default\"><div class=\"vc_col-sm-12 wpb_column vc_column_container\"><div class=\"vc_column-inner\"><div class=\"wpb_wrapper\"><div class=\"wpb_text_column\"><div class=\"wpb_wrapper\"><h2 id=\"mujeres\">As vozes femininas: de Carmen Linares a \u00c1ngeles Toledano e Roc\u00edo Luna<\/h2>\n<p>O cante feminino tem um peso estrutural na edi\u00e7\u00e3o de 2026, n\u00e3o apenas pelo n\u00famero de artistas, mas pela forma como o programa constr\u00f3i um di\u00e1logo hist\u00f3rico.<\/p>\n<p>Carmen Linares encerra a Bienal com uma revis\u00e3o da sua <em>Antolog\u00eda de la Mujer en el Cante<\/em>, obra decisiva para recuperar e colocar em primeiro plano repert\u00f3rios associados a grandes cantaoras do passado. O programa de <em>Perlas a millares<\/em> evoca nomes como Ni\u00f1a de los Peines, La Mejorana, La Trini, La Serneta ou La Repompa e acrescenta vozes atuais de diferentes gera\u00e7\u00f5es.<\/p>\n<p>Marina Heredia, Mar\u00eda Terremoto e Roc\u00edo Luna transformam essa homenagem numa linha viva, e n\u00e3o num olhar museol\u00f3gico. Noutro ponto do programa, \u00c1ngeles Toledano estreia uma obra nascida do seu pr\u00f3prio universo criativo e <strong>La Tremendita<\/strong> apresenta <em>Menos es m\u00e1s<\/em>, estreia absoluta de 11 de setembro no Teatro Central.<\/p>\n<p>Uma das leituras mais interessantes do programa feminino \u00e9 precisamente a coexist\u00eancia entre dois movimentos aparentemente opostos: <strong>recuperar repert\u00f3rios e escrever uma voz pr\u00f3pria<\/strong>.<\/p>\n<\/div><\/div><\/div><\/div><\/div><\/div><\/div><\/section><section class=\"l-section wpb_row height_huge color_alternate with_shape\"><div class=\"l-section-shape type_zigzag pos_top hor_flip\" style=\"height:3vmin;\"><svg xmlns=\"http:\/\/www.w3.org\/2000\/svg\" viewBox=\"0 0 64 8\" preserveAspectRatio=\"none\" width=\"100%\" height=\"100%\">\r\n\t<path fill=\"currentColor\" d=\"M64 8 L0 8 L0 0 L20 7.9 L40 3 L48 5 L64 0 Z\"\/>\r\n<\/svg><\/div><div class=\"l-section-shape type_zigzag pos_bottom\" style=\"height:3vmin;\"><svg xmlns=\"http:\/\/www.w3.org\/2000\/svg\" viewBox=\"0 0 64 8\" preserveAspectRatio=\"none\" width=\"100%\" height=\"100%\">\r\n\t<path fill=\"currentColor\" d=\"M64 8 L0 8 L0 0 L20 7.9 L40 3 L48 5 L64 0 Z\"\/>\r\n<\/svg><\/div><div class=\"l-section-h i-cf\"><div class=\"g-cols vc_row via_flex valign_top type_default stacking_default\"><div class=\"vc_col-sm-12 wpb_column vc_column_container\"><div class=\"vc_column-inner\"><div class=\"wpb_wrapper\"><div class=\"wpb_text_column\"><div class=\"wpb_wrapper\"><h2 id=\"fechas-clave\">Datas-chave do cante na Bienal 2026<\/h2>\n<div style=\"overflow-x: auto;\">\n<table>\n<thead>\n<tr>\n<th>Data<\/th>\n<th>Artista \/ proposta<\/th>\n<th>Espa\u00e7o<\/th>\n<th>Destaque<\/th>\n<\/tr>\n<\/thead>\n<tbody>\n<tr>\n<td><strong>10 de setembro<\/strong><\/td>\n<td><em>El mundo por montera<\/em><\/td>\n<td>Real Maestranza<\/td>\n<td>Gala intergeracional<\/td>\n<\/tr>\n<tr>\n<td><strong>11 de setembro<\/strong><\/td>\n<td>La Tremendita \u00b7 <em>Menos es m\u00e1s<\/em><\/td>\n<td>Teatro Central<\/td>\n<td>Estreia absoluta<\/td>\n<\/tr>\n<tr>\n<td><strong>12 de setembro<\/strong><\/td>\n<td>\u00c1ngeles Toledano \u00b7 <em>La misma sangre del cuerpo<\/em><\/td>\n<td>Teatro Alameda<\/td>\n<td>Estreia absoluta<\/td>\n<\/tr>\n<tr>\n<td><strong>14 de setembro<\/strong><\/td>\n<td>Israel Fern\u00e1ndez \u00b7 <em>De oro y marfil<\/em><\/td>\n<td>Real Alc\u00e1zar<\/td>\n<td>Cante contempor\u00e2neo<\/td>\n<\/tr>\n<tr>\n<td><strong>15 de setembro<\/strong><\/td>\n<td>Rancapino Chico \u00b7 <em>Pizarra<\/em><\/td>\n<td>Real Alc\u00e1zar<\/td>\n<td>Estreia absoluta<\/td>\n<\/tr>\n<tr>\n<td><strong>16 de setembro<\/strong><\/td>\n<td><em>Xerezan\u00edas<\/em><\/td>\n<td>Real Alc\u00e1zar<\/td>\n<td>Fam\u00edlias de Jerez<\/td>\n<\/tr>\n<tr>\n<td><strong>17 de setembro<\/strong><\/td>\n<td>Arc\u00e1ngel \u00b7 <em>La copla del cante<\/em><\/td>\n<td>Lope de Vega<\/td>\n<td>Noite \u00danica<\/td>\n<\/tr>\n<tr>\n<td><strong>18 de setembro<\/strong><\/td>\n<td>Antonio Reyes \u00b7 <em>Seis cuerdas, seis<\/em><\/td>\n<td>Lope de Vega<\/td>\n<td>Cante e seis guitarras<\/td>\n<\/tr>\n<tr>\n<td><strong>20 de setembro<\/strong><\/td>\n<td>Jos\u00e9 Merc\u00e9 \u00b7 <em>Toquen a rebato<\/em><\/td>\n<td>Maestranza<\/td>\n<td>Noite \u00danica<\/td>\n<\/tr>\n<tr>\n<td><strong>30 de setembro<\/strong><\/td>\n<td>Mayte Mart\u00edn \u00b7 <em>Arqueolog\u00eda de lo puro<\/em><\/td>\n<td>Lope de Vega<\/td>\n<td>Repert\u00f3rio antigo<\/td>\n<\/tr>\n<tr>\n<td><strong>1 de outubro<\/strong><\/td>\n<td>Marina Heredia + ROSS<\/td>\n<td>Maestranza<\/td>\n<td>Grande formato sinf\u00f3nico<\/td>\n<\/tr>\n<tr>\n<td><strong>3 de outubro<\/strong><\/td>\n<td>Carmen Linares + convidadas \u00b7 <em>Perlas a millares<\/em><\/td>\n<td>Maestranza<\/td>\n<td>Encerramento intergeracional<\/td>\n<\/tr>\n<\/tbody>\n<\/table>\n<\/div>\n<p><small>Sele\u00e7\u00e3o orientativa de encontros especialmente relevantes para acompanhar o cante. A Bienal inclui muitas outras atua\u00e7\u00f5es em que a voz flamenca tem um papel protagonista.<\/small><\/p>\n<\/div><\/div><\/div><\/div><\/div><\/div><\/div><\/section><section class=\"l-section wpb_row height_huge\"><div class=\"l-section-h i-cf\"><div class=\"g-cols vc_row via_flex valign_top type_default stacking_default\"><div class=\"vc_col-sm-12 wpb_column vc_column_container\"><div class=\"vc_column-inner\"><div class=\"wpb_wrapper\"><div class=\"wpb_text_column\"><div class=\"wpb_wrapper\"><h2 id=\"elegir\">O que ver de acordo com o tipo de cante que procura<\/h2>\n<h3>Se procura cante tradicional<\/h3>\n<p>Se a sua prioridade \u00e9 ouvir formas cl\u00e1ssicas e uma rela\u00e7\u00e3o muito direta entre voz, repert\u00f3rio e guitarra, preste especial aten\u00e7\u00e3o a <strong>Mayte Mart\u00edn, Rancapino Chico, Jos\u00e9 Merc\u00e9, Antonio Reyes<\/strong> e a v\u00e1rios encontros de fam\u00edlias. Tamb\u00e9m pode ser especialmente interessante <em>A canela y clavo<\/em>, com Esperanza Fern\u00e1ndez, Duquende, Jos\u00e9 Valencia, Pepe Torres e Nazaret Reyes.<\/p>\n<h3>Se procura o cante mais contempor\u00e2neo<\/h3>\n<p>Para uma vis\u00e3o mais aberta da cria\u00e7\u00e3o atual, <strong>\u00c1ngeles Toledano, La Tremendita, Israel Fern\u00e1ndez e Marina Heredia<\/strong> oferecem quatro caminhos muito diferentes. N\u00e3o existe uma \u00fanica \u201cvanguarda do cante\u201d: a Bienal mostra v\u00e1rias formas de avan\u00e7ar.<\/p>\n<h3>Se quiser compreender as gera\u00e7\u00f5es<\/h3>\n<p>A melhor estrat\u00e9gia \u00e9 n\u00e3o escolher artistas demasiado semelhantes. Construa um pequeno itiner\u00e1rio geracional: uma grande refer\u00eancia hist\u00f3rica, uma voz consagrada e uma proposta jovem. Por exemplo, Jos\u00e9 Merc\u00e9 ou Mayte Mart\u00edn; Israel Fern\u00e1ndez, Arc\u00e1ngel ou Marina Heredia; e \u00c1ngeles Toledano ou alguma das propostas mais jovens.<\/p>\n<p><a href=\"https:\/\/www.tablaosflamencos.com\/pt-pt\/bienal-flamenco-sevilha-2026-bilhetes-precos-descontos.html\"><strong>Bilhetes, pre\u00e7os e descontos<\/strong><\/a> \u00b7 <a href=\"https:\/\/www.tablaosflamencos.com\/pt-pt\/grandes-estreias-bienal-flamenco-sevilha-2026.html\"><strong>Grandes estreias<\/strong><\/a> \u00b7 <a href=\"https:\/\/www.tablaosflamencos.com\/pt-pt\/bienal-flamenco-sevilha-2026-bilhetes-esgotados-alternativas.html\"><strong>O que ver se j\u00e1 n\u00e3o houver bilhetes<\/strong><\/a><\/p>\n<\/div><\/div><\/div><\/div><\/div><\/div><\/div><\/section><section class=\"l-section wpb_row height_huge color_alternate with_shape\"><div class=\"l-section-shape type_zigzag pos_top hor_flip\" style=\"height:3vmin;\"><svg xmlns=\"http:\/\/www.w3.org\/2000\/svg\" viewBox=\"0 0 64 8\" preserveAspectRatio=\"none\" width=\"100%\" height=\"100%\">\r\n\t<path fill=\"currentColor\" d=\"M64 8 L0 8 L0 0 L20 7.9 L40 3 L48 5 L64 0 Z\"\/>\r\n<\/svg><\/div><div class=\"l-section-shape type_zigzag pos_bottom\" style=\"height:3vmin;\"><svg xmlns=\"http:\/\/www.w3.org\/2000\/svg\" viewBox=\"0 0 64 8\" preserveAspectRatio=\"none\" width=\"100%\" height=\"100%\">\r\n\t<path fill=\"currentColor\" d=\"M64 8 L0 8 L0 0 L20 7.9 L40 3 L48 5 L64 0 Z\"\/>\r\n<\/svg><\/div><div class=\"l-section-h i-cf\"><div class=\"g-cols vc_row via_flex valign_top type_default stacking_default\"><div class=\"vc_col-sm-1\/5 wpb_column vc_column_container\"><div class=\"vc_column-inner\"><div class=\"wpb_wrapper\"><\/div><\/div><\/div><div class=\"vc_col-sm-3\/5 wpb_column vc_column_container\"><div class=\"vc_column-inner\"><div class=\"wpb_wrapper\"><div class=\"wpb_text_column\"><div class=\"wpb_wrapper\"><h2 id=\"faq-cante\">Perguntas frequentes sobre o cante na Bienal 2026<\/h2>\n<\/div><\/div><div class=\"w-separator size_medium\"><\/div><div class=\"w-tabs accordion toggle_style_1 has_scrolling\" style=\"--sections-title-size:inherit;--sections-gap:0.5rem;\"><div class=\"w-tabs-sections titles-align_none icon_plus cpos_left\"><div class=\"w-tabs-section\" id=\"ta27\" itemscope itemprop=\"mainEntity\" itemtype=\"https:\/\/schema.org\/Question\"><button type=\"button\" class=\"w-tabs-section-header\" aria-controls=\"content-ta27\" aria-expanded=\"false\"><h3 class=\"w-tabs-section-title\" itemprop=\"name\">Quantas vozes participam na Bienal de Flamenco 2026?<\/h3><div class=\"w-tabs-section-control\"><\/div><\/button><div  class=\"w-tabs-section-content\" id=\"content-ta27\" itemscope itemprop=\"acceptedAnswer\" itemtype=\"https:\/\/schema.org\/Answer\"><div class=\"w-tabs-section-content-h i-cf\" itemprop=\"text\"><div class=\"wpb_text_column\"><div class=\"wpb_wrapper\"><p>A organiza\u00e7\u00e3o fala de <strong>mais de uma centena de vozes<\/strong> distribu\u00eddas por cerca de trinta propostas relacionadas com o cante. Nem todas s\u00e3o recitais exclusivos: muitas fazem parte de galas, encontros, espet\u00e1culos de baile ou produ\u00e7\u00f5es de grande formato.<\/p>\n<\/div><\/div><\/div><\/div><\/div><div class=\"w-tabs-section\" id=\"ob64\" itemscope itemprop=\"mainEntity\" itemtype=\"https:\/\/schema.org\/Question\"><button type=\"button\" class=\"w-tabs-section-header\" aria-controls=\"content-ob64\" aria-expanded=\"false\"><h3 class=\"w-tabs-section-title\" itemprop=\"name\">Quem s\u00e3o alguns dos grandes cantaores da Bienal 2026?<\/h3><div class=\"w-tabs-section-control\"><\/div><\/button><div  class=\"w-tabs-section-content\" id=\"content-ob64\" itemscope itemprop=\"acceptedAnswer\" itemtype=\"https:\/\/schema.org\/Answer\"><div class=\"w-tabs-section-content-h i-cf\" itemprop=\"text\"><div class=\"wpb_text_column\"><div class=\"wpb_wrapper\"><p>Entre os nomes mais destacados est\u00e3o Jos\u00e9 Merc\u00e9, Carmen Linares, Jos\u00e9 de la Tomasa, Mayte Mart\u00edn, Arc\u00e1ngel, Marina Heredia, Israel Fern\u00e1ndez, Antonio Reyes, La Tremendita, Rancapino Chico, \u00c1ngeles Toledano, Mar\u00eda Terremoto e Roc\u00edo Luna, entre muitos outros.<\/p>\n<\/div><\/div><\/div><\/div><\/div><div class=\"w-tabs-section\" id=\"oc7c\" itemscope itemprop=\"mainEntity\" itemtype=\"https:\/\/schema.org\/Question\"><button type=\"button\" class=\"w-tabs-section-header\" aria-controls=\"content-oc7c\" aria-expanded=\"false\"><h3 class=\"w-tabs-section-title\" itemprop=\"name\">H\u00e1 jovens artistas de cante na Bienal 2026?<\/h3><div class=\"w-tabs-section-control\"><\/div><\/button><div  class=\"w-tabs-section-content\" id=\"content-oc7c\" itemscope itemprop=\"acceptedAnswer\" itemtype=\"https:\/\/schema.org\/Answer\"><div class=\"w-tabs-section-content-h i-cf\" itemprop=\"text\"><div class=\"wpb_text_column\"><div class=\"wpb_wrapper\"><p>Sim. \u00c1ngeles Toledano apresenta pela primeira vez um espet\u00e1culo pr\u00f3prio na Bienal e surgem tamb\u00e9m vozes como Roc\u00edo Luna, Mar\u00eda Terremoto, El Perrete e Manuel de la Tomasa, al\u00e9m da Gala do Circuito Andaluz de Jovens Flamencos.<\/p>\n<\/div><\/div><\/div><\/div><\/div><div class=\"w-tabs-section\" id=\"ydb6\" itemscope itemprop=\"mainEntity\" itemtype=\"https:\/\/schema.org\/Question\"><button type=\"button\" class=\"w-tabs-section-header\" aria-controls=\"content-ydb6\" aria-expanded=\"false\"><h3 class=\"w-tabs-section-title\" itemprop=\"name\">Qual \u00e9 uma das melhores datas para ouvir v\u00e1rias gera\u00e7\u00f5es juntas?<\/h3><div class=\"w-tabs-section-control\"><\/div><\/button><div  class=\"w-tabs-section-content\" id=\"content-ydb6\" itemscope itemprop=\"acceptedAnswer\" itemtype=\"https:\/\/schema.org\/Answer\"><div class=\"w-tabs-section-content-h i-cf\" itemprop=\"text\"><div class=\"wpb_text_column\"><div class=\"wpb_wrapper\"><p>A gala <em>El mundo por montera<\/em>, a 10 de setembro na Real Maestranza, re\u00fane Jos\u00e9 Merc\u00e9, Jos\u00e9 de la Tomasa, Arc\u00e1ngel, La Tremendita, \u00c1ngeles Toledano, El Perrete e Manuel de la Tomasa, entre outros artistas.<\/p>\n<\/div><\/div><\/div><\/div><\/div><div class=\"w-tabs-section\" id=\"of08\" itemscope itemprop=\"mainEntity\" itemtype=\"https:\/\/schema.org\/Question\"><button type=\"button\" class=\"w-tabs-section-header\" aria-controls=\"content-of08\" aria-expanded=\"false\"><h3 class=\"w-tabs-section-title\" itemprop=\"name\">Que espet\u00e1culo \u00e9 dedicado ao cante feminino?<\/h3><div class=\"w-tabs-section-control\"><\/div><\/button><div  class=\"w-tabs-section-content\" id=\"content-of08\" itemscope itemprop=\"acceptedAnswer\" itemtype=\"https:\/\/schema.org\/Answer\"><div class=\"w-tabs-section-content-h i-cf\" itemprop=\"text\"><div class=\"wpb_text_column\"><div class=\"wpb_wrapper\"><p><em>Perlas a millares<\/em>, a 3 de outubro no Teatro de la Maestranza, celebra o 30.\u00ba anivers\u00e1rio da <em>Antolog\u00eda de la Mujer en el Cante<\/em> de Carmen Linares. Participam tamb\u00e9m Marina Heredia, Mar\u00eda Terremoto e Roc\u00edo Luna.<\/p>\n<\/div><\/div><\/div><\/div><\/div><div class=\"w-tabs-section\" id=\"l032\" itemscope itemprop=\"mainEntity\" itemtype=\"https:\/\/schema.org\/Question\"><button type=\"button\" class=\"w-tabs-section-header\" aria-controls=\"content-l032\" aria-expanded=\"false\"><h3 class=\"w-tabs-section-title\" itemprop=\"name\">Que recital pode interessar-me se procuro flamenco antigo?<\/h3><div class=\"w-tabs-section-control\"><\/div><\/button><div  class=\"w-tabs-section-content\" id=\"content-l032\" itemscope itemprop=\"acceptedAnswer\" itemtype=\"https:\/\/schema.org\/Answer\"><div class=\"w-tabs-section-content-h i-cf\" itemprop=\"text\"><div class=\"wpb_text_column\"><div class=\"wpb_wrapper\"><p>Uma das propostas mais claras \u00e9 <em>Arqueolog\u00eda de lo puro<\/em>, de Mayte Mart\u00edn, a 30 de setembro no Teatro Lope de Vega. Tamb\u00e9m <em>Pizarra<\/em>, de Rancapino Chico, se inspira em antigas grava\u00e7\u00f5es de 78 rpm.<\/p>\n<\/div><\/div><\/div><\/div><\/div><div class=\"w-tabs-section\" id=\"d135\" itemscope itemprop=\"mainEntity\" itemtype=\"https:\/\/schema.org\/Question\"><button type=\"button\" class=\"w-tabs-section-header\" aria-controls=\"content-d135\" aria-expanded=\"false\"><h3 class=\"w-tabs-section-title\" itemprop=\"name\">Onde se concentra o cante de Jerez?<\/h3><div class=\"w-tabs-section-control\"><\/div><\/button><div  class=\"w-tabs-section-content\" id=\"content-d135\" itemscope itemprop=\"acceptedAnswer\" itemtype=\"https:\/\/schema.org\/Answer\"><div class=\"w-tabs-section-content-h i-cf\" itemprop=\"text\"><div class=\"wpb_text_column\"><div class=\"wpb_wrapper\"><p>Jerez aparece em numerosos momentos do programa. Destacam-se Jos\u00e9 Merc\u00e9, Mar\u00eda Terremoto e especialmente <em>Xerezan\u00edas<\/em>, a 16 de setembro no Real Alc\u00e1zar, com Luis El Zambo, Dolores Agujetas, Antonio de la Malena, Manuel Valencia e Las Tatas de Jerez.<\/p>\n<\/div><\/div><\/div><\/div><\/div><div class=\"w-tabs-section\" id=\"n214\" itemscope itemprop=\"mainEntity\" itemtype=\"https:\/\/schema.org\/Question\"><button type=\"button\" class=\"w-tabs-section-header\" aria-controls=\"content-n214\" aria-expanded=\"false\"><h3 class=\"w-tabs-section-title\" itemprop=\"name\">H\u00e1 estreias absolutas relacionadas com o cante?<\/h3><div class=\"w-tabs-section-control\"><\/div><\/button><div  class=\"w-tabs-section-content\" id=\"content-n214\" itemscope itemprop=\"acceptedAnswer\" itemtype=\"https:\/\/schema.org\/Answer\"><div class=\"w-tabs-section-content-h i-cf\" itemprop=\"text\"><div class=\"wpb_text_column\"><div class=\"wpb_wrapper\"><p>Sim. Entre elas est\u00e3o <em>Menos es m\u00e1s<\/em> de La Tremendita, <em>La misma sangre del cuerpo<\/em> de \u00c1ngeles Toledano e <em>Pizarra<\/em> de Rancapino Chico.<\/p>\n<\/div><\/div><\/div><\/div><\/div><div class=\"w-tabs-section\" id=\"z300\" itemscope itemprop=\"mainEntity\" itemtype=\"https:\/\/schema.org\/Question\"><button type=\"button\" class=\"w-tabs-section-header\" aria-controls=\"content-z300\" aria-expanded=\"false\"><h3 class=\"w-tabs-section-title\" itemprop=\"name\">Onde posso consultar as datas e comprar bilhetes?<\/h3><div class=\"w-tabs-section-control\"><\/div><\/button><div  class=\"w-tabs-section-content\" id=\"content-z300\" itemscope itemprop=\"acceptedAnswer\" itemtype=\"https:\/\/schema.org\/Answer\"><div class=\"w-tabs-section-content-h i-cf\" itemprop=\"text\"><div class=\"wpb_text_column\"><div class=\"wpb_wrapper\"><p>A programa\u00e7\u00e3o completa e os links de venda est\u00e3o no site oficial da Bienal. Tamb\u00e9m pode consultar o nosso <a href=\"https:\/\/www.tablaosflamencos.com\/pt-pt\/bienal-flamenco-sevilha-2026-bilhetes-precos-descontos.html\"><strong>guia de bilhetes, pre\u00e7os e descontos<\/strong><\/a>.<\/p>\n<\/div><\/div><\/div><\/div><\/div><div class=\"w-tabs-section\" id=\"c3d4\" itemscope itemprop=\"mainEntity\" itemtype=\"https:\/\/schema.org\/Question\"><button type=\"button\" class=\"w-tabs-section-header\" aria-controls=\"content-c3d4\" aria-expanded=\"false\"><h3 class=\"w-tabs-section-title\" itemprop=\"name\">O que fa\u00e7o se o espet\u00e1culo que quero ver estiver esgotado?<\/h3><div class=\"w-tabs-section-control\"><\/div><\/button><div  class=\"w-tabs-section-content\" id=\"content-c3d4\" itemscope itemprop=\"acceptedAnswer\" itemtype=\"https:\/\/schema.org\/Answer\"><div class=\"w-tabs-section-content-h i-cf\" itemprop=\"text\"><div class=\"wpb_text_column\"><div class=\"wpb_wrapper\"><p>Consulte primeiro os canais oficiais para verificar se surgem novos lugares. Se n\u00e3o houver disponibilidade, consulte o nosso guia sobre <a href=\"https:\/\/www.tablaosflamencos.com\/pt-pt\/bienal-flamenco-sevilha-2026-bilhetes-esgotados-alternativas.html\"><strong>o que ver se os bilhetes da Bienal estiverem esgotados<\/strong><\/a>.<\/p>\n<\/div><\/div><\/div><\/div><\/div><\/div><\/div><\/div><\/div><\/div><div class=\"vc_col-sm-1\/5 wpb_column vc_column_container\"><div class=\"vc_column-inner\"><div class=\"wpb_wrapper\"><\/div><\/div><\/div><\/div><\/div><\/section><section class=\"l-section wpb_row height_huge\"><div class=\"l-section-h i-cf\"><div class=\"g-cols vc_row via_flex valign_top type_default stacking_default\"><div class=\"vc_col-sm-12 wpb_column vc_column_container\"><div class=\"vc_column-inner\"><div class=\"wpb_wrapper\"><div class=\"wpb_text_column\"><div class=\"wpb_wrapper\"><h2>Uma Bienal para ouvir de onde vem o cante e para onde pode ir<\/h2>\n<p>A programa\u00e7\u00e3o de 2026 n\u00e3o apresenta o cante como uma fotografia fixa do passado. Mostra-o como uma cadeia de transmiss\u00e3o em movimento: mestres que continuam a ser refer\u00eancias, artistas consagrados que constru\u00edram linguagens pr\u00f3prias e jovens vozes que come\u00e7am a ocupar espa\u00e7os de maior responsabilidade criativa.<\/p>\n<p>Este cruzamento de gera\u00e7\u00f5es \u00e9 provavelmente uma das melhores raz\u00f5es para seguir o cante como fio condutor da XXIV Bienal de Flamenco de Sevilha.<\/p>\n<\/div><\/div><\/div><\/div><\/div><\/div><\/div><\/section>\n","protected":false},"excerpt":{"rendered":"<p>Guia do cante na Bienal de Flamenco de Sevilha 2026: grandes mestres, vozes consagradas, novos talentos, fam\u00edlias flamencas, espet\u00e1culos e datas-chave.<\/p>\n","protected":false},"author":1,"featured_media":14112,"comment_status":"closed","ping_status":"closed","sticky":false,"template":"","format":"standard","meta":{"_acf_changed":false,"wpai_generated_summary":"","_ayudawp_aiss_exclude":false,"_ayudawp_aiss_exclude_summary":false,"_ayudawp_aiss_summary":"","_ayudawp_aiss_summary_provider":"","_ayudawp_aiss_summary_hash":"","footnotes":""},"categories":[1430],"tags":[1255,1256,1257,1258,1188,1259],"class_list":["post-14181","post","type-post","status-publish","format-standard","has-post-thumbnail","hentry","category-bienal-flamenco-sevilha","tag-agenda-flamenca","tag-bienal-2026","tag-bienal-de-flamenco","tag-festivales-flamencos","tag-flamenco-en-sevilla","tag-sevilla"],"acf":[],"yoast_head":"<!-- This site is optimized with the Yoast SEO Premium plugin v28.4 (Yoast SEO v28.4) - https:\/\/yoast.com\/product\/yoast-seo-premium-wordpress\/ -->\n<title>Cante na Bienal de Flamenco 2026: grandes vozes<\/title>\n<meta name=\"description\" content=\"Guia do cante na Bienal 2026: Jos\u00e9 Merc\u00e9, Carmen Linares, Mayte Mart\u00edn, Israel Fern\u00e1ndez, novas vozes, fam\u00edlias e datas-chave.\" \/>\n<meta name=\"robots\" content=\"index, follow, max-snippet:-1, max-image-preview:large, max-video-preview:-1\" \/>\n<link rel=\"canonical\" href=\"https:\/\/www.tablaosflamencos.com\/pt-pt\/cante-bienal-flamenco-sevilha-2026.html\" \/>\n<meta property=\"og:locale\" content=\"pt_PT\" \/>\n<meta property=\"og:type\" content=\"article\" \/>\n<meta property=\"og:title\" content=\"O cante na Bienal 2026: gera\u00e7\u00f5es, artistas e grandes vozes\" \/>\n<meta property=\"og:description\" content=\"Guia do cante na Bienal 2026: Jos\u00e9 Merc\u00e9, Carmen Linares, Mayte Mart\u00edn, Israel Fern\u00e1ndez, novas vozes, fam\u00edlias e datas-chave.\" \/>\n<meta property=\"og:url\" content=\"https:\/\/www.tablaosflamencos.com\/pt-pt\/cante-bienal-flamenco-sevilha-2026.html\" \/>\n<meta property=\"og:site_name\" content=\"Tablaos Flamencos\" \/>\n<meta property=\"article:publisher\" content=\"https:\/\/www.facebook.com\/tablaosflamencos\" \/>\n<meta property=\"article:published_time\" content=\"2026-09-02T23:18:36+00:00\" \/>\n<meta property=\"article:modified_time\" content=\"2026-09-02T23:40:47+00:00\" \/>\n<meta property=\"og:image\" content=\"https:\/\/www.tablaosflamencos.com\/wp-content\/uploads\/el-cante-en-la-bienal-2026-generaciones-artistas-y-grandes-voces-01.webp\" \/>\n\t<meta property=\"og:image:width\" content=\"1672\" \/>\n\t<meta property=\"og:image:height\" content=\"941\" \/>\n\t<meta property=\"og:image:type\" content=\"image\/webp\" \/>\n<meta name=\"author\" content=\"Miguel Ortiz\" \/>\n<meta name=\"twitter:card\" content=\"summary_large_image\" \/>\n<meta name=\"twitter:creator\" content=\"@tablaosflamenco\" \/>\n<meta name=\"twitter:site\" content=\"@tablaosflamenco\" \/>\n<meta name=\"twitter:label1\" content=\"Escrito por\" \/>\n\t<meta name=\"twitter:data1\" content=\"Miguel Ortiz\" \/>\n\t<meta name=\"twitter:label2\" content=\"Tempo estimado de leitura\" \/>\n\t<meta name=\"twitter:data2\" content=\"17 minutos\" \/>\n<script type=\"application\/ld+json\" class=\"yoast-schema-graph\">{\"@context\":\"https:\\\/\\\/schema.org\",\"@graph\":[{\"@type\":\"Article\",\"@id\":\"https:\\\/\\\/www.tablaosflamencos.com\\\/pt-pt\\\/cante-bienal-flamenco-sevilha-2026.html#article\",\"isPartOf\":{\"@id\":\"https:\\\/\\\/www.tablaosflamencos.com\\\/pt-pt\\\/cante-bienal-flamenco-sevilha-2026.html\"},\"author\":{\"name\":\"Miguel Ortiz\",\"@id\":\"https:\\\/\\\/www.tablaosflamencos.com\\\/pt-pt#\\\/schema\\\/person\\\/e7a9ebe14eb75a52ceabfbffb3c54f5d\"},\"headline\":\"O cante na Bienal 2026: gera\u00e7\u00f5es, artistas e grandes vozes\",\"datePublished\":\"2026-09-02T23:18:36+00:00\",\"dateModified\":\"2026-09-02T23:40:47+00:00\",\"mainEntityOfPage\":{\"@id\":\"https:\\\/\\\/www.tablaosflamencos.com\\\/pt-pt\\\/cante-bienal-flamenco-sevilha-2026.html\"},\"wordCount\":3460,\"publisher\":{\"@id\":\"https:\\\/\\\/www.tablaosflamencos.com\\\/pt-pt#organization\"},\"image\":{\"@id\":\"https:\\\/\\\/www.tablaosflamencos.com\\\/pt-pt\\\/cante-bienal-flamenco-sevilha-2026.html#primaryimage\"},\"thumbnailUrl\":\"https:\\\/\\\/www.tablaosflamencos.com\\\/wp-content\\\/uploads\\\/el-cante-en-la-bienal-2026-generaciones-artistas-y-grandes-voces-01.webp\",\"keywords\":[\"agenda flamenca\",\"Bienal 2026\",\"Bienal de Flamenco\",\"festivales flamencos\",\"flamenco en Sevilla\",\"sevilla\"],\"articleSection\":[\"Bienal de Flamenco de Sevilha\"],\"inLanguage\":\"pt-PT\"},{\"@type\":\"WebPage\",\"@id\":\"https:\\\/\\\/www.tablaosflamencos.com\\\/pt-pt\\\/cante-bienal-flamenco-sevilha-2026.html\",\"url\":\"https:\\\/\\\/www.tablaosflamencos.com\\\/pt-pt\\\/cante-bienal-flamenco-sevilha-2026.html\",\"name\":\"Cante na Bienal de Flamenco 2026: grandes vozes\",\"isPartOf\":{\"@id\":\"https:\\\/\\\/www.tablaosflamencos.com\\\/pt-pt#website\"},\"primaryImageOfPage\":{\"@id\":\"https:\\\/\\\/www.tablaosflamencos.com\\\/pt-pt\\\/cante-bienal-flamenco-sevilha-2026.html#primaryimage\"},\"image\":{\"@id\":\"https:\\\/\\\/www.tablaosflamencos.com\\\/pt-pt\\\/cante-bienal-flamenco-sevilha-2026.html#primaryimage\"},\"thumbnailUrl\":\"https:\\\/\\\/www.tablaosflamencos.com\\\/wp-content\\\/uploads\\\/el-cante-en-la-bienal-2026-generaciones-artistas-y-grandes-voces-01.webp\",\"datePublished\":\"2026-09-02T23:18:36+00:00\",\"dateModified\":\"2026-09-02T23:40:47+00:00\",\"description\":\"Guia do cante na Bienal 2026: Jos\u00e9 Merc\u00e9, Carmen Linares, Mayte Mart\u00edn, Israel Fern\u00e1ndez, novas vozes, fam\u00edlias e datas-chave.\",\"breadcrumb\":{\"@id\":\"https:\\\/\\\/www.tablaosflamencos.com\\\/pt-pt\\\/cante-bienal-flamenco-sevilha-2026.html#breadcrumb\"},\"inLanguage\":\"pt-PT\",\"potentialAction\":[{\"@type\":\"ReadAction\",\"target\":[\"https:\\\/\\\/www.tablaosflamencos.com\\\/pt-pt\\\/cante-bienal-flamenco-sevilha-2026.html\"]}]},{\"@type\":\"ImageObject\",\"inLanguage\":\"pt-PT\",\"@id\":\"https:\\\/\\\/www.tablaosflamencos.com\\\/pt-pt\\\/cante-bienal-flamenco-sevilha-2026.html#primaryimage\",\"url\":\"https:\\\/\\\/www.tablaosflamencos.com\\\/wp-content\\\/uploads\\\/el-cante-en-la-bienal-2026-generaciones-artistas-y-grandes-voces-01.webp\",\"contentUrl\":\"https:\\\/\\\/www.tablaosflamencos.com\\\/wp-content\\\/uploads\\\/el-cante-en-la-bienal-2026-generaciones-artistas-y-grandes-voces-01.webp\",\"width\":1672,\"height\":941,\"caption\":\"El cante en la Bienal 2026: generaciones, artistas y grandes voces\"},{\"@type\":\"BreadcrumbList\",\"@id\":\"https:\\\/\\\/www.tablaosflamencos.com\\\/pt-pt\\\/cante-bienal-flamenco-sevilha-2026.html#breadcrumb\",\"itemListElement\":[{\"@type\":\"ListItem\",\"position\":1,\"name\":\"Home\",\"item\":\"https:\\\/\\\/www.tablaosflamencos.com\\\/pt-pt\"},{\"@type\":\"ListItem\",\"position\":2,\"name\":\"O cante na Bienal 2026: gera\u00e7\u00f5es, artistas e grandes vozes\"}]},{\"@type\":\"WebSite\",\"@id\":\"https:\\\/\\\/www.tablaosflamencos.com\\\/pt-pt#website\",\"url\":\"https:\\\/\\\/www.tablaosflamencos.com\\\/pt-pt\",\"name\":\"Tablaos Flamencos\",\"description\":\"Entradas para tablaos flamencos de Espa\u00f1a\",\"publisher\":{\"@id\":\"https:\\\/\\\/www.tablaosflamencos.com\\\/pt-pt#organization\"},\"alternateName\":\"Tablaos Flamencos\",\"potentialAction\":[{\"@type\":\"SearchAction\",\"target\":{\"@type\":\"EntryPoint\",\"urlTemplate\":\"https:\\\/\\\/www.tablaosflamencos.com\\\/pt-pt?s={search_term_string}\"},\"query-input\":{\"@type\":\"PropertyValueSpecification\",\"valueRequired\":true,\"valueName\":\"search_term_string\"}}],\"inLanguage\":\"pt-PT\"},{\"@type\":[\"Organization\",\"Place\",\"EntertainmentBusiness\"],\"@id\":\"https:\\\/\\\/www.tablaosflamencos.com\\\/pt-pt#organization\",\"name\":\"Tablaos Flamencos\",\"alternateName\":\"Tablaos Flamencos\",\"url\":\"https:\\\/\\\/www.tablaosflamencos.com\\\/pt-pt\",\"logo\":{\"@id\":\"https:\\\/\\\/www.tablaosflamencos.com\\\/pt-pt\\\/cante-bienal-flamenco-sevilha-2026.html#local-main-organization-logo\"},\"image\":{\"@id\":\"https:\\\/\\\/www.tablaosflamencos.com\\\/pt-pt\\\/cante-bienal-flamenco-sevilha-2026.html#local-main-organization-logo\"},\"sameAs\":[\"https:\\\/\\\/www.facebook.com\\\/tablaosflamencos\",\"https:\\\/\\\/x.com\\\/tablaosflamenco\",\"https:\\\/\\\/mastodon.social\\\/@tablaosflamencos\",\"https:\\\/\\\/www.instagram.com\\\/tablaosflamencos\",\"https:\\\/\\\/tiktok.com\\\/@tablaosflamencos\",\"https:\\\/\\\/www.linkedin.com\\\/company\\\/109408238\\\/\"],\"description\":\"Venta de entradas para espect\u00e1culos flamencos\",\"legalName\":\"Tablaos Flamencos\",\"foundingDate\":\"2015-01-01\",\"numberOfEmployees\":{\"@type\":\"QuantitativeValue\",\"minValue\":\"1\",\"maxValue\":\"10\"},\"address\":{\"@id\":\"https:\\\/\\\/www.tablaosflamencos.com\\\/pt-pt\\\/cante-bienal-flamenco-sevilha-2026.html#local-main-place-address\"},\"geo\":{\"@type\":\"GeoCoordinates\",\"latitude\":\"37.3868072\",\"longitude\":\"-5.993280299999999\"},\"telephone\":[\"+34623787787\"],\"contactPoint\":{\"@type\":\"ContactPoint\",\"telephone\":\"+34623787787\",\"email\":\"info@tablaosflamencos.com\"},\"openingHoursSpecification\":{\"@type\":\"OpeningHoursSpecification\",\"dayOfWeek\":[\"Monday\",\"Tuesday\",\"Wednesday\",\"Thursday\",\"Friday\",\"Saturday\",\"Sunday\"],\"opens\":\"00:00\",\"closes\":\"23:59\"},\"email\":\"info@tablaosflamencos.com\",\"priceRange\":\"$$$\",\"currenciesAccepted\":\"\u20ac\"},{\"@type\":\"Person\",\"@id\":\"https:\\\/\\\/www.tablaosflamencos.com\\\/pt-pt#\\\/schema\\\/person\\\/e7a9ebe14eb75a52ceabfbffb3c54f5d\",\"name\":\"Miguel Ortiz\",\"description\":\"Miguel Ortiz es un empresario flamenco, con una s\u00f3lida trayectoria dentro del sector. Ha presidido entidades culturales vinculadas al flamenco y, cuenta con un amplio recorrido profesional en la gesti\u00f3n y promoci\u00f3n de espect\u00e1culos y tablaos flamencos. Su pasi\u00f3n por la historia y el arte flamenco se refleja en cada art\u00edculo, donde combina experiencia, criterio y un profundo respeto por la tradici\u00f3n.\",\"sameAs\":[\"https:\\\/\\\/www.tablaosflamencos.com\",\"https:\\\/\\\/www.instagra.com\\\/miguelortizfe\",\"https:\\\/\\\/www.linkedin.com\\\/in\\\/miguelortizf\\\/\"],\"birthDate\":\"1984-11-22\",\"gender\":\"hombre\",\"knowsLanguage\":[\"espa\u00f1ol\",\"ingl\u00e9s\"],\"jobTitle\":\"Empresario flamenco\"},{\"@type\":\"PostalAddress\",\"@id\":\"https:\\\/\\\/www.tablaosflamencos.com\\\/pt-pt\\\/cante-bienal-flamenco-sevilha-2026.html#local-main-place-address\",\"streetAddress\":\"C\\\/ Alemanes, 19\",\"addressLocality\":\"Sevilla\",\"postalCode\":\"41004\",\"addressRegion\":\"Sevilla\",\"addressCountry\":\"ES\"},{\"@type\":\"ImageObject\",\"inLanguage\":\"pt-PT\",\"@id\":\"https:\\\/\\\/www.tablaosflamencos.com\\\/pt-pt\\\/cante-bienal-flamenco-sevilha-2026.html#local-main-organization-logo\",\"url\":\"https:\\\/\\\/www.tablaosflamencos.com\\\/wp-content\\\/uploads\\\/tablaos-flamencos-06-3.webp\",\"contentUrl\":\"https:\\\/\\\/www.tablaosflamencos.com\\\/wp-content\\\/uploads\\\/tablaos-flamencos-06-3.webp\",\"width\":600,\"height\":620,\"caption\":\"Tablaos Flamencos\"}]}<\/script>\n<meta name=\"geo.placename\" content=\"Sevilla\" \/>\n<meta name=\"geo.position\" content=\"37.3868072;-5.993280299999999\" \/>\n<meta name=\"geo.region\" content=\"Espanha\" \/>\n<!-- \/ Yoast SEO Premium plugin. -->","yoast_head_json":{"title":"Cante na Bienal de Flamenco 2026: grandes vozes","description":"Guia do cante na Bienal 2026: Jos\u00e9 Merc\u00e9, Carmen Linares, Mayte Mart\u00edn, Israel Fern\u00e1ndez, novas vozes, fam\u00edlias e datas-chave.","robots":{"index":"index","follow":"follow","max-snippet":"max-snippet:-1","max-image-preview":"max-image-preview:large","max-video-preview":"max-video-preview:-1"},"canonical":"https:\/\/www.tablaosflamencos.com\/pt-pt\/cante-bienal-flamenco-sevilha-2026.html","og_locale":"pt_PT","og_type":"article","og_title":"O cante na Bienal 2026: gera\u00e7\u00f5es, artistas e grandes vozes","og_description":"Guia do cante na Bienal 2026: Jos\u00e9 Merc\u00e9, Carmen Linares, Mayte Mart\u00edn, Israel Fern\u00e1ndez, novas vozes, fam\u00edlias e datas-chave.","og_url":"https:\/\/www.tablaosflamencos.com\/pt-pt\/cante-bienal-flamenco-sevilha-2026.html","og_site_name":"Tablaos Flamencos","article_publisher":"https:\/\/www.facebook.com\/tablaosflamencos","article_published_time":"2026-09-02T23:18:36+00:00","article_modified_time":"2026-09-02T23:40:47+00:00","og_image":[{"width":1672,"height":941,"url":"https:\/\/www.tablaosflamencos.com\/wp-content\/uploads\/el-cante-en-la-bienal-2026-generaciones-artistas-y-grandes-voces-01.webp","type":"image\/webp"}],"author":"Miguel Ortiz","twitter_card":"summary_large_image","twitter_creator":"@tablaosflamenco","twitter_site":"@tablaosflamenco","twitter_misc":{"Escrito por":"Miguel Ortiz","Tempo estimado de leitura":"17 minutos"},"schema":{"@context":"https:\/\/schema.org","@graph":[{"@type":"Article","@id":"https:\/\/www.tablaosflamencos.com\/pt-pt\/cante-bienal-flamenco-sevilha-2026.html#article","isPartOf":{"@id":"https:\/\/www.tablaosflamencos.com\/pt-pt\/cante-bienal-flamenco-sevilha-2026.html"},"author":{"name":"Miguel Ortiz","@id":"https:\/\/www.tablaosflamencos.com\/pt-pt#\/schema\/person\/e7a9ebe14eb75a52ceabfbffb3c54f5d"},"headline":"O cante na Bienal 2026: gera\u00e7\u00f5es, artistas e grandes vozes","datePublished":"2026-09-02T23:18:36+00:00","dateModified":"2026-09-02T23:40:47+00:00","mainEntityOfPage":{"@id":"https:\/\/www.tablaosflamencos.com\/pt-pt\/cante-bienal-flamenco-sevilha-2026.html"},"wordCount":3460,"publisher":{"@id":"https:\/\/www.tablaosflamencos.com\/pt-pt#organization"},"image":{"@id":"https:\/\/www.tablaosflamencos.com\/pt-pt\/cante-bienal-flamenco-sevilha-2026.html#primaryimage"},"thumbnailUrl":"https:\/\/www.tablaosflamencos.com\/wp-content\/uploads\/el-cante-en-la-bienal-2026-generaciones-artistas-y-grandes-voces-01.webp","keywords":["agenda flamenca","Bienal 2026","Bienal de Flamenco","festivales flamencos","flamenco en Sevilla","sevilla"],"articleSection":["Bienal de Flamenco de Sevilha"],"inLanguage":"pt-PT"},{"@type":"WebPage","@id":"https:\/\/www.tablaosflamencos.com\/pt-pt\/cante-bienal-flamenco-sevilha-2026.html","url":"https:\/\/www.tablaosflamencos.com\/pt-pt\/cante-bienal-flamenco-sevilha-2026.html","name":"Cante na Bienal de Flamenco 2026: grandes vozes","isPartOf":{"@id":"https:\/\/www.tablaosflamencos.com\/pt-pt#website"},"primaryImageOfPage":{"@id":"https:\/\/www.tablaosflamencos.com\/pt-pt\/cante-bienal-flamenco-sevilha-2026.html#primaryimage"},"image":{"@id":"https:\/\/www.tablaosflamencos.com\/pt-pt\/cante-bienal-flamenco-sevilha-2026.html#primaryimage"},"thumbnailUrl":"https:\/\/www.tablaosflamencos.com\/wp-content\/uploads\/el-cante-en-la-bienal-2026-generaciones-artistas-y-grandes-voces-01.webp","datePublished":"2026-09-02T23:18:36+00:00","dateModified":"2026-09-02T23:40:47+00:00","description":"Guia do cante na Bienal 2026: Jos\u00e9 Merc\u00e9, Carmen Linares, Mayte Mart\u00edn, Israel Fern\u00e1ndez, novas vozes, fam\u00edlias e datas-chave.","breadcrumb":{"@id":"https:\/\/www.tablaosflamencos.com\/pt-pt\/cante-bienal-flamenco-sevilha-2026.html#breadcrumb"},"inLanguage":"pt-PT","potentialAction":[{"@type":"ReadAction","target":["https:\/\/www.tablaosflamencos.com\/pt-pt\/cante-bienal-flamenco-sevilha-2026.html"]}]},{"@type":"ImageObject","inLanguage":"pt-PT","@id":"https:\/\/www.tablaosflamencos.com\/pt-pt\/cante-bienal-flamenco-sevilha-2026.html#primaryimage","url":"https:\/\/www.tablaosflamencos.com\/wp-content\/uploads\/el-cante-en-la-bienal-2026-generaciones-artistas-y-grandes-voces-01.webp","contentUrl":"https:\/\/www.tablaosflamencos.com\/wp-content\/uploads\/el-cante-en-la-bienal-2026-generaciones-artistas-y-grandes-voces-01.webp","width":1672,"height":941,"caption":"El cante en la Bienal 2026: generaciones, artistas y grandes voces"},{"@type":"BreadcrumbList","@id":"https:\/\/www.tablaosflamencos.com\/pt-pt\/cante-bienal-flamenco-sevilha-2026.html#breadcrumb","itemListElement":[{"@type":"ListItem","position":1,"name":"Home","item":"https:\/\/www.tablaosflamencos.com\/pt-pt"},{"@type":"ListItem","position":2,"name":"O cante na Bienal 2026: gera\u00e7\u00f5es, artistas e grandes vozes"}]},{"@type":"WebSite","@id":"https:\/\/www.tablaosflamencos.com\/pt-pt#website","url":"https:\/\/www.tablaosflamencos.com\/pt-pt","name":"Tablaos Flamencos","description":"Entradas para tablaos flamencos de Espa\u00f1a","publisher":{"@id":"https:\/\/www.tablaosflamencos.com\/pt-pt#organization"},"alternateName":"Tablaos Flamencos","potentialAction":[{"@type":"SearchAction","target":{"@type":"EntryPoint","urlTemplate":"https:\/\/www.tablaosflamencos.com\/pt-pt?s={search_term_string}"},"query-input":{"@type":"PropertyValueSpecification","valueRequired":true,"valueName":"search_term_string"}}],"inLanguage":"pt-PT"},{"@type":["Organization","Place","EntertainmentBusiness"],"@id":"https:\/\/www.tablaosflamencos.com\/pt-pt#organization","name":"Tablaos Flamencos","alternateName":"Tablaos Flamencos","url":"https:\/\/www.tablaosflamencos.com\/pt-pt","logo":{"@id":"https:\/\/www.tablaosflamencos.com\/pt-pt\/cante-bienal-flamenco-sevilha-2026.html#local-main-organization-logo"},"image":{"@id":"https:\/\/www.tablaosflamencos.com\/pt-pt\/cante-bienal-flamenco-sevilha-2026.html#local-main-organization-logo"},"sameAs":["https:\/\/www.facebook.com\/tablaosflamencos","https:\/\/x.com\/tablaosflamenco","https:\/\/mastodon.social\/@tablaosflamencos","https:\/\/www.instagram.com\/tablaosflamencos","https:\/\/tiktok.com\/@tablaosflamencos","https:\/\/www.linkedin.com\/company\/109408238\/"],"description":"Venta de entradas para espect\u00e1culos flamencos","legalName":"Tablaos Flamencos","foundingDate":"2015-01-01","numberOfEmployees":{"@type":"QuantitativeValue","minValue":"1","maxValue":"10"},"address":{"@id":"https:\/\/www.tablaosflamencos.com\/pt-pt\/cante-bienal-flamenco-sevilha-2026.html#local-main-place-address"},"geo":{"@type":"GeoCoordinates","latitude":"37.3868072","longitude":"-5.993280299999999"},"telephone":["+34623787787"],"contactPoint":{"@type":"ContactPoint","telephone":"+34623787787","email":"info@tablaosflamencos.com"},"openingHoursSpecification":{"@type":"OpeningHoursSpecification","dayOfWeek":["Monday","Tuesday","Wednesday","Thursday","Friday","Saturday","Sunday"],"opens":"00:00","closes":"23:59"},"email":"info@tablaosflamencos.com","priceRange":"$$$","currenciesAccepted":"\u20ac"},{"@type":"Person","@id":"https:\/\/www.tablaosflamencos.com\/pt-pt#\/schema\/person\/e7a9ebe14eb75a52ceabfbffb3c54f5d","name":"Miguel Ortiz","description":"Miguel Ortiz es un empresario flamenco, con una s\u00f3lida trayectoria dentro del sector. Ha presidido entidades culturales vinculadas al flamenco y, cuenta con un amplio recorrido profesional en la gesti\u00f3n y promoci\u00f3n de espect\u00e1culos y tablaos flamencos. Su pasi\u00f3n por la historia y el arte flamenco se refleja en cada art\u00edculo, donde combina experiencia, criterio y un profundo respeto por la tradici\u00f3n.","sameAs":["https:\/\/www.tablaosflamencos.com","https:\/\/www.instagra.com\/miguelortizfe","https:\/\/www.linkedin.com\/in\/miguelortizf\/"],"birthDate":"1984-11-22","gender":"hombre","knowsLanguage":["espa\u00f1ol","ingl\u00e9s"],"jobTitle":"Empresario flamenco"},{"@type":"PostalAddress","@id":"https:\/\/www.tablaosflamencos.com\/pt-pt\/cante-bienal-flamenco-sevilha-2026.html#local-main-place-address","streetAddress":"C\/ Alemanes, 19","addressLocality":"Sevilla","postalCode":"41004","addressRegion":"Sevilla","addressCountry":"ES"},{"@type":"ImageObject","inLanguage":"pt-PT","@id":"https:\/\/www.tablaosflamencos.com\/pt-pt\/cante-bienal-flamenco-sevilha-2026.html#local-main-organization-logo","url":"https:\/\/www.tablaosflamencos.com\/wp-content\/uploads\/tablaos-flamencos-06-3.webp","contentUrl":"https:\/\/www.tablaosflamencos.com\/wp-content\/uploads\/tablaos-flamencos-06-3.webp","width":600,"height":620,"caption":"Tablaos Flamencos"}]},"geo.placename":"Sevilla","geo.position":{"lat":"37.3868072","long":"-5.993280299999999"},"geo.region":"Espanha"},"_links":{"self":[{"href":"https:\/\/www.tablaosflamencos.com\/pt-pt\/wp-json\/wp\/v2\/posts\/14181","targetHints":{"allow":["GET"]}}],"collection":[{"href":"https:\/\/www.tablaosflamencos.com\/pt-pt\/wp-json\/wp\/v2\/posts"}],"about":[{"href":"https:\/\/www.tablaosflamencos.com\/pt-pt\/wp-json\/wp\/v2\/types\/post"}],"author":[{"embeddable":true,"href":"https:\/\/www.tablaosflamencos.com\/pt-pt\/wp-json\/wp\/v2\/users\/1"}],"replies":[{"embeddable":true,"href":"https:\/\/www.tablaosflamencos.com\/pt-pt\/wp-json\/wp\/v2\/comments?post=14181"}],"version-history":[{"count":2,"href":"https:\/\/www.tablaosflamencos.com\/pt-pt\/wp-json\/wp\/v2\/posts\/14181\/revisions"}],"predecessor-version":[{"id":14212,"href":"https:\/\/www.tablaosflamencos.com\/pt-pt\/wp-json\/wp\/v2\/posts\/14181\/revisions\/14212"}],"wp:featuredmedia":[{"embeddable":true,"href":"https:\/\/www.tablaosflamencos.com\/pt-pt\/wp-json\/wp\/v2\/media\/14112"}],"wp:attachment":[{"href":"https:\/\/www.tablaosflamencos.com\/pt-pt\/wp-json\/wp\/v2\/media?parent=14181"}],"wp:term":[{"taxonomy":"category","embeddable":true,"href":"https:\/\/www.tablaosflamencos.com\/pt-pt\/wp-json\/wp\/v2\/categories?post=14181"},{"taxonomy":"post_tag","embeddable":true,"href":"https:\/\/www.tablaosflamencos.com\/pt-pt\/wp-json\/wp\/v2\/tags?post=14181"}],"curies":[{"name":"wp","href":"https:\/\/api.w.org\/{rel}","templated":true}]}}