{"id":14158,"date":"2026-09-03T00:45:32","date_gmt":"2026-09-02T22:45:32","guid":{"rendered":"https:\/\/www.tablaosflamencos.com\/?p=14158"},"modified":"2026-09-03T01:51:19","modified_gmt":"2026-09-02T23:51:19","slug":"guitarra-bienal-flamenco-sevilha-2026-espetaculos-imperdiveis","status":"publish","type":"post","link":"https:\/\/www.tablaosflamencos.com\/pt-pt\/guitarra-bienal-flamenco-sevilha-2026-espetaculos-imperdiveis.html","title":{"rendered":"A guitarra na Bienal de Flamenco de Sevilha 2026: espet\u00e1culos imperd\u00edveis"},"content":{"rendered":"<section class=\"l-section wpb_row height_huge\"><div class=\"l-section-h i-cf\"><div class=\"g-cols vc_row via_flex valign_top type_default stacking_default\"><div class=\"vc_col-sm-6 wpb_column vc_column_container\"><div class=\"vc_column-inner\"><div class=\"wpb_wrapper\"><div class=\"wpb_text_column\"><div class=\"wpb_wrapper\"><h2>A guitarra, uma das grandes protagonistas da Bienal de Flamenco 2026<\/h2>\n<p>A <strong>guitarra flamenca<\/strong> ocupa um lugar extraordin\u00e1rio na <strong>XXIV Bienal de Flamenco de Sevilha 2026<\/strong>. A edi\u00e7\u00e3o, que decorre de <strong>9 de setembro a 3 de outubro<\/strong>, apresenta uma programa\u00e7\u00e3o em que o toque deixa de ser apenas acompanhamento para se tornar protagonista absoluto de concertos, estreias, encontros entre gera\u00e7\u00f5es e di\u00e1logos com outras m\u00fasicas.<\/p>\n<p>A pr\u00f3pria Bienal apresentou esta edi\u00e7\u00e3o como um dos grandes encontros internacionais da <strong>guitarra flamenca de concerto<\/strong>, com cerca de quinze propostas diretamente ligadas ao instrumento. O <strong>Espacio Turina<\/strong> ser\u00e1 o principal palco, com nove concertos entre 11 e 27 de setembro, embora alguns dos acontecimentos guitarr\u00edsticos mais singulares tenham tamb\u00e9m lugar em San Luis de los Franceses, no Teatro Lope de Vega e no Teatro de la Maestranza.<\/p>\n<\/div><\/div><\/div><\/div><\/div><div class=\"vc_col-sm-6 wpb_column vc_column_container\"><div class=\"vc_column-inner\"><div class=\"wpb_wrapper\"><div class=\"wpb_text_column\"><div class=\"wpb_wrapper\"><p style=\"text-align: center; font-size: 54px; line-height: 1; margin-bottom: 10px;\"><strong>15<\/strong><\/p>\n<h3 style=\"text-align: center;\">propostas com a guitarra em primeiro plano<\/h3>\n<p style=\"text-align: center; font-size: 46px; line-height: 1; margin: 25px 0 10px;\"><strong>9<\/strong><\/p>\n<h3 style=\"text-align: center;\">concertos no Espacio Turina<\/h3>\n<p style=\"text-align: center; font-size: 42px; line-height: 1; margin: 25px 0 10px;\"><strong>11\u201327 SET<\/strong><\/p>\n<h3 style=\"text-align: center;\">grande ciclo de guitarra<\/h3>\n<\/div><\/div><\/div><\/div><\/div><\/div><\/div><\/section><section class=\"l-section wpb_row height_huge color_alternate with_shape\"><div class=\"l-section-shape type_zigzag pos_top\" style=\"height:3vmin;\"><svg xmlns=\"http:\/\/www.w3.org\/2000\/svg\" viewBox=\"0 0 64 8\" preserveAspectRatio=\"none\" width=\"100%\" height=\"100%\">\r\n\t<path fill=\"currentColor\" d=\"M64 8 L0 8 L0 0 L20 7.9 L40 3 L48 5 L64 0 Z\"\/>\r\n<\/svg><\/div><div class=\"l-section-shape type_zigzag pos_bottom\" style=\"height:3vmin;\"><svg xmlns=\"http:\/\/www.w3.org\/2000\/svg\" viewBox=\"0 0 64 8\" preserveAspectRatio=\"none\" width=\"100%\" height=\"100%\">\r\n\t<path fill=\"currentColor\" d=\"M64 8 L0 8 L0 0 L20 7.9 L40 3 L48 5 L64 0 Z\"\/>\r\n<\/svg><\/div><div class=\"l-section-h i-cf\"><div class=\"g-cols vc_row via_flex valign_top type_default stacking_default\"><div class=\"vc_col-sm-12 wpb_column vc_column_container\"><div class=\"vc_column-inner\"><div class=\"wpb_wrapper\"><div class=\"wpb_text_column\"><div class=\"wpb_wrapper\"><blockquote>\n<p><strong>Resposta r\u00e1pida:<\/strong> se quiser ouvir guitarra flamenca na Bienal 2026, entre os principais destaques est\u00e3o <strong>Antonio Rey, Jos\u00e9 Ferm\u00edn Fern\u00e1ndez, Juan Requena, Alejandro Hurtado, Juan Manuel Ca\u00f1izares, Rafael Riqueni, Diego del Morao e Dani de Mor\u00f3n<\/strong>. O Espacio Turina concentra a maior parte dos recitais, enquanto San Luis, o Lope de Vega e o Maestranza acolhem algumas das propostas mais excecionais de toda a edi\u00e7\u00e3o.<\/p>\n<\/blockquote>\n<p><strong>\u00daltima atualiza\u00e7\u00e3o: 2 de setembro de 2026.<\/strong> A disponibilidade de bilhetes pode mudar rapidamente. Recomendamos verificar sempre a p\u00e1gina oficial de cada espet\u00e1culo antes de organizar a visita.<\/p>\n<\/div><\/div><div class=\"w-separator size_medium\"><\/div><div class=\"w-hwrapper valign_top wrap stack_on_mobiles align_center\" style=\"--hwrapper-gap:1.2rem\"><div class=\"w-btn-wrapper align_none\"><a class=\"w-btn us-btn-style_1\" href=\"https:\/\/www.tablaosflamencos.com\/pt-pt\/bienal-flamenco-sevilha-2026.html\"><span class=\"w-btn-label\">Guia completo da Bienal 2026<\/span><\/a><\/div><div class=\"w-btn-wrapper align_none\"><a class=\"w-btn us-btn-style_1\" href=\"https:\/\/www.tablaosflamencos.com\/pt-pt\/bienal-flamenco-sevilha-2026-bilhetes-precos-descontos.html\"><span class=\"w-btn-label\">Bilhetes, pre\u00e7os e descontos<\/span><\/a><\/div><\/div><\/div><\/div><\/div><\/div><\/div><\/section><section class=\"l-section wpb_row height_huge\"><div class=\"l-section-h i-cf\"><div class=\"g-cols vc_row via_flex valign_top type_default stacking_default\"><div class=\"vc_col-sm-3 wpb_column vc_column_container\"><div class=\"vc_column-inner\"><div class=\"wpb_wrapper\"><\/div><\/div><\/div><div class=\"vc_col-sm-6 wpb_column vc_column_container\"><div class=\"vc_column-inner\"><div class=\"wpb_wrapper\"><div class=\"wpb_text_column\"><div class=\"wpb_wrapper\"><h2>Conte\u00fado deste guia<\/h2>\n<ul>\n<li><a href=\"#por-que-guitarra\">Porque \u00e9 que a guitarra \u00e9 t\u00e3o importante na Bienal 2026<\/a><\/li>\n<li><a href=\"#turina\">Espacio Turina: o grande templo da guitarra<\/a><\/li>\n<li><a href=\"#imprescindibles\">Os espet\u00e1culos de guitarra imperd\u00edveis<\/a><\/li>\n<li><a href=\"#antonio-rey\">Antonio Rey: Historias de un flamenco<\/a><\/li>\n<li><a href=\"#jose-fermin\">Jos\u00e9 Ferm\u00edn Fern\u00e1ndez: Guitarra desnuda<\/a><\/li>\n<li><a href=\"#juan-requena\">Juan Requena: Requeneando<\/a><\/li>\n<li><a href=\"#alejandro-hurtado\">Alejandro Hurtado: Devenir de la guitarra<\/a><\/li>\n<li><a href=\"#canizares\">Ca\u00f1izares sinf\u00f3nico<\/a><\/li>\n<li><a href=\"#riqueni\">Rafael Riqueni &amp; Tim Ries: Tunisia<\/a><\/li>\n<li><a href=\"#diego-morao\">Diego del Morao: M\u00e1s Morao<\/a><\/li>\n<li><a href=\"#dani-moron\">Dani de Mor\u00f3n: Cuadro<\/a><\/li>\n<li><a href=\"#calendario\">Calend\u00e1rio alargado de guitarra<\/a><\/li>\n<li><a href=\"#elegir\">Que concerto escolher de acordo com os seus gostos<\/a><\/li>\n<li><a href=\"#faq-guitarra\">Perguntas frequentes<\/a><\/li>\n<\/ul>\n<\/div><\/div><\/div><\/div><\/div><div class=\"vc_col-sm-3 wpb_column vc_column_container\"><div class=\"vc_column-inner\"><div class=\"wpb_wrapper\"><\/div><\/div><\/div><\/div><\/div><\/section><section class=\"l-section wpb_row height_huge color_alternate with_shape\"><div class=\"l-section-shape type_tilt pos_top hor_flip\" style=\"height:3vmin;\"><svg xmlns=\"http:\/\/www.w3.org\/2000\/svg\" viewBox=\"0 0 64 8\" preserveAspectRatio=\"none\" width=\"100%\" height=\"100%\">\r\n\t<path fill=\"currentColor\" d=\"M64 7.9 L64 10 L0 10 L0 0 Z\"\/>\r\n<\/svg><\/div><div class=\"l-section-shape type_zigzag pos_bottom\" style=\"height:3vmin;\"><svg xmlns=\"http:\/\/www.w3.org\/2000\/svg\" viewBox=\"0 0 64 8\" preserveAspectRatio=\"none\" width=\"100%\" height=\"100%\">\r\n\t<path fill=\"currentColor\" d=\"M64 8 L0 8 L0 0 L20 7.9 L40 3 L48 5 L64 0 Z\"\/>\r\n<\/svg><\/div><div class=\"l-section-h i-cf\"><div class=\"g-cols vc_row via_flex valign_top type_default stacking_default\"><div class=\"vc_col-sm-6 wpb_column vc_column_container\"><div class=\"vc_column-inner\"><div class=\"wpb_wrapper\"><div class=\"wpb_text_column\"><div class=\"wpb_wrapper\"><h2 id=\"por-que-guitarra\">Porque \u00e9 que a guitarra \u00e9 t\u00e3o importante na Bienal 2026<\/h2>\n<p>Nem todas as edi\u00e7\u00f5es da Bienal d\u00e3o \u00e0 guitarra a solo um protagonismo t\u00e3o amplo. Em 2026 encontramos v\u00e1rias gera\u00e7\u00f5es de int\u00e9rpretes, est\u00e9ticas muito diferentes e uma ideia comum: demonstrar que a guitarra flamenca contempor\u00e2nea consegue sustentar por si s\u00f3 um discurso art\u00edstico completo.<\/p>\n<p>A programa\u00e7\u00e3o combina <strong>mestres consagrados<\/strong>, guitarristas com uma forte identidade criativa, artistas que apresentam pela primeira vez um espet\u00e1culo pr\u00f3prio e m\u00fasicos que alargam as fronteiras tradicionais do instrumento atrav\u00e9s do jazz, da m\u00fasica sinf\u00f3nica, da m\u00fasica antiga e das m\u00fasicas de raiz.<\/p>\n<\/div><\/div><\/div><\/div><\/div><div class=\"vc_col-sm-6 wpb_column vc_column_container\"><div class=\"vc_column-inner\"><div class=\"wpb_wrapper\"><div class=\"wpb_text_column\"><div class=\"wpb_wrapper\"><h2 id=\"turina\">Espacio Turina: o grande templo da guitarra flamenca<\/h2>\n<p>O <strong>Espacio Turina<\/strong>, na calle Lara\u00f1a, concentra nove concertos entre 11 e 27 de setembro. A sua ac\u00fastica e o formato relativamente \u00edntimo tornam-no especialmente adequado para ouvir nuances de pulsa\u00e7\u00e3o, comp\u00e1s, harmonia e din\u00e2mica que em espa\u00e7os maiores podem ser percebidas de outra forma.<\/p>\n<p>Por Turina passar\u00e3o Antonio Rey, Canito &amp; Ra\u00fal Rodr\u00edguez, Jos\u00e9 Ferm\u00edn Fern\u00e1ndez, Juan Requena, Mar\u00eda Mar\u00edn, Manuel de la Luz &amp; Manuel Im\u00e1n, Diego del Morao, Juan Medina e Dani de Mor\u00f3n. \u00c9 provavelmente o bloco mais coerente de toda a programa\u00e7\u00e3o para quem quer acompanhar a evolu\u00e7\u00e3o atual do toque flamenco.<\/p>\n<\/div><\/div><\/div><\/div><\/div><\/div><\/div><\/section><section class=\"l-section wpb_row height_huge\"><div class=\"l-section-h i-cf\"><div class=\"g-cols vc_row via_flex valign_top type_default stacking_default\"><div class=\"vc_col-sm-12 wpb_column vc_column_container\"><div class=\"vc_column-inner\"><div class=\"wpb_wrapper\"><div class=\"wpb_text_column\"><div class=\"wpb_wrapper\"><h2 id=\"imprescindibles\" style=\"text-align: center;\">8 espet\u00e1culos imperd\u00edveis para os amantes da guitarra<\/h2>\n<p style=\"text-align: center;\">A sele\u00e7\u00e3o seguinte n\u00e3o pretende transformar a guitarra numa competi\u00e7\u00e3o. Cada proposta parte de uma est\u00e9tica diferente e \u00e9 precisamente a\u00ed que reside um dos grandes atrativos da Bienal 2026.<\/p>\n<\/div><\/div><\/div><\/div><\/div><\/div><\/div><\/section><section class=\"l-section wpb_row height_huge\"><div class=\"l-section-h i-cf\"><div class=\"g-cols vc_row via_flex valign_top type_default stacking_default\"><div class=\"vc_col-sm-6 wpb_column vc_column_container\"><div class=\"vc_column-inner\"><div class=\"wpb_wrapper\"><div class=\"wpb_text_column\"><div class=\"wpb_wrapper\"><h2 id=\"antonio-rey\">1. Antonio Rey \u2014 <em>Historias de un flamenco<\/em><\/h2>\n<p><strong>11 de setembro \u00b7 19:00 \u00b7 Espacio Turina<\/strong><\/p>\n<p>Antonio Rey abre o grande ciclo de guitarra do Turina com <em>Historias de un flamenco<\/em>. O programa re\u00fane taranta, rumba, alegr\u00edas, buler\u00edas, minera e outras composi\u00e7\u00f5es do seu repert\u00f3rio recente.<\/p>\n<p>\u00c9 uma das escolhas mais claras para quem procura uma guitarra contempor\u00e2nea, tecnicamente brilhante e ao mesmo tempo muito ligada \u00e0 tradi\u00e7\u00e3o. O concerto contar\u00e1 com Mara Rey no cante, Manuel Heredia como segunda guitarra, Juan Parrilla na flauta e Bandolero na percuss\u00e3o.<\/p>\n<p><strong>Porque o consideramos imperd\u00edvel:<\/strong> \u00e9 um dos grandes concertistas espanh\u00f3is da atualidade e chega a Sevilha com um repert\u00f3rio de maturidade, depois de uma carreira internacional e v\u00e1rios reconhecimentos discogr\u00e1ficos.<\/p>\n<\/div><\/div><\/div><\/div><\/div><div class=\"vc_col-sm-6 wpb_column vc_column_container\"><div class=\"vc_column-inner\"><div class=\"wpb_wrapper\"><div class=\"wpb_text_column\"><div class=\"wpb_wrapper\"><h2 id=\"jose-fermin\">2. Jos\u00e9 Ferm\u00edn Fern\u00e1ndez \u2014 <em>Guitarra desnuda<\/em><\/h2>\n<p><strong>13 de setembro \u00b7 19:00 \u00b7 Espacio Turina \u00b7 Sess\u00e3o \u00fanica<\/strong><\/p>\n<p>Aqui a proposta muda radicalmente: <strong>guitarra a solo<\/strong>, sem apoios c\u00e9nicos nem acompanhamento. Jos\u00e9 Ferm\u00edn Fern\u00e1ndez apresenta um recital constru\u00eddo em torno de diferentes palos tradicionais e da capacidade narrativa do instrumento.<\/p>\n<p>A sua estreia a solo na Bienal \u00e9 tamb\u00e9m uma oportunidade para ouvir um guitarrista de uma gera\u00e7\u00e3o mais jovem num formato que n\u00e3o permite esconder nada: som, afina\u00e7\u00e3o, comp\u00e1s, inten\u00e7\u00e3o e musicalidade ficam completamente expostos.<\/p>\n<p><strong>Ideal para:<\/strong> aficionados que queiram ouvir guitarra de concerto na sua forma mais essencial.<\/p>\n<\/div><\/div><\/div><\/div><\/div><\/div><\/div><\/section><section class=\"l-section wpb_row height_huge color_alternate with_shape\"><div class=\"l-section-shape type_zigzag pos_top hor_flip\" style=\"height:3vmin;\"><svg xmlns=\"http:\/\/www.w3.org\/2000\/svg\" viewBox=\"0 0 64 8\" preserveAspectRatio=\"none\" width=\"100%\" height=\"100%\">\r\n\t<path fill=\"currentColor\" d=\"M64 8 L0 8 L0 0 L20 7.9 L40 3 L48 5 L64 0 Z\"\/>\r\n<\/svg><\/div><div class=\"l-section-shape type_zigzag pos_bottom\" style=\"height:3vmin;\"><svg xmlns=\"http:\/\/www.w3.org\/2000\/svg\" viewBox=\"0 0 64 8\" preserveAspectRatio=\"none\" width=\"100%\" height=\"100%\">\r\n\t<path fill=\"currentColor\" d=\"M64 8 L0 8 L0 0 L20 7.9 L40 3 L48 5 L64 0 Z\"\/>\r\n<\/svg><\/div><div class=\"l-section-h i-cf\"><div class=\"g-cols vc_row via_flex valign_top type_default stacking_default\"><div class=\"vc_col-sm-6 wpb_column vc_column_container\"><div class=\"vc_column-inner\"><div class=\"wpb_wrapper\"><div class=\"wpb_text_column\"><div class=\"wpb_wrapper\"><h2 id=\"juan-requena\">3. Juan Requena \u2014 <em>Requeneando<\/em><\/h2>\n<p><strong>18 de setembro \u00b7 19:00 \u00b7 Espacio Turina \u00b7 Sess\u00e3o \u00fanica<\/strong><\/p>\n<p>Juan Requena assume pela primeira vez o protagonismo de um espet\u00e1culo pr\u00f3prio na Bienal. <em>Requeneando<\/em> \u00e9 concebido como um percurso por diferentes palos escolhidos para refletir a sua trajet\u00f3ria, sensibilidade e linguagem musical.<\/p>\n<p>Ser\u00e1 acompanhado por Los Makarines nos coros e palmas e contar\u00e1 com a colabora\u00e7\u00e3o especial do cantaor e multi-instrumentista Jos\u00e9 \u00c1ngel Carmona.<\/p>\n<p><strong>O que o torna diferente:<\/strong> n\u00e3o \u00e9 apenas um recital virtuoso, mas a apresenta\u00e7\u00e3o de um universo criativo pessoal que antecipa tamb\u00e9m material do seu pr\u00f3ximo projeto discogr\u00e1fico.<\/p>\n<\/div><\/div><\/div><\/div><\/div><div class=\"vc_col-sm-6 wpb_column vc_column_container\"><div class=\"vc_column-inner\"><div class=\"wpb_wrapper\"><div class=\"wpb_text_column\"><div class=\"wpb_wrapper\"><h2 id=\"alejandro-hurtado\">4. Alejandro Hurtado &amp; Enrike Solin\u00eds \u2014 <em>Devenir de la guitarra<\/em><\/h2>\n<p><strong>19 e 20 de setembro \u00b7 12:00 \u00b7 Igreja de San Luis de los Franceses<\/strong><\/p>\n<p>\u00c9 uma das propostas conceptualmente mais interessantes da edi\u00e7\u00e3o. Alejandro Hurtado coloca a guitarra flamenca em di\u00e1logo com a <strong>guitarra hist\u00f3rica e a m\u00fasica antiga<\/strong>, acompanhado por Enrike Solin\u00eds e em colabora\u00e7\u00e3o com o Festival de M\u00fasica Antigua de Sevilla.<\/p>\n<p>O programa inclui composi\u00e7\u00f5es pr\u00f3prias de Hurtado, refer\u00eancias hist\u00f3ricas e um percurso que liga diferentes etapas da guitarra.<\/p>\n<p>O enquadramento barroco de <strong>San Luis de los Franceses<\/strong> acrescenta ainda uma dimens\u00e3o espacial e ac\u00fastica muito particular.<\/p>\n<\/div><\/div><\/div><\/div><\/div><\/div><\/div><\/section><section class=\"l-section wpb_row height_huge\"><div class=\"l-section-h i-cf\"><div class=\"g-cols vc_row via_flex valign_top type_default stacking_default\"><div class=\"vc_col-sm-6 wpb_column vc_column_container\"><div class=\"vc_column-inner\"><div class=\"wpb_wrapper\"><div class=\"wpb_text_column\"><div class=\"wpb_wrapper\"><h2 id=\"canizares\">5. Ca\u00f1izares &amp; ROSS \u2014 <em>Ca\u00f1izares sinf\u00f3nico<\/em><\/h2>\n<p><strong>19 de setembro \u00b7 20:00 \u00b7 Teatro de la Maestranza \u00b7 Sess\u00e3o \u00fanica<\/strong><\/p>\n<p>Juan Manuel Ca\u00f1izares apresenta-se como guitarra solista com a <strong>Real Orquesta Sinf\u00f3nica de Sevilla<\/strong>, dirigida por Santiago Serrate.<\/p>\n<p>O programa inclui o <em>Concierto Al-\u00c1ndalus para guitarra y orquesta<\/em>, dedicado \u00e0 mem\u00f3ria de Paco de Luc\u00eda, e o <em>Concierto Mediterr\u00e1neo<\/em>, dedicado a Joaqu\u00edn Rodrigo.<\/p>\n<p><strong>Porque \u00e9 especial:<\/strong> \u00e9 a proposta mais claramente sinf\u00f3nica de toda a programa\u00e7\u00e3o de guitarra. Para quem quiser ouvir como a guitarra flamenca se projeta perante uma grande orquestra, esta \u00e9 uma das noites-chave da Bienal.<\/p>\n<\/div><\/div><\/div><\/div><\/div><div class=\"vc_col-sm-6 wpb_column vc_column_container\"><div class=\"vc_column-inner\"><div class=\"wpb_wrapper\"><div class=\"wpb_text_column\"><div class=\"wpb_wrapper\"><h2 id=\"riqueni\">6. Rafael Riqueni &amp; Tim Ries \u2014 <em>Tunisia<\/em><\/h2>\n<p><strong>21 de setembro \u00b7 20:00 \u00b7 Teatro Lope de Vega \u00b7 Estreia absoluta<\/strong><\/p>\n<p>Um dos encontros mais singulares de 2026 junta o guitarrista sevilhano <strong>Rafael Riqueni<\/strong> ao saxofonista e flautista norte-americano <strong>Tim Ries<\/strong>.<\/p>\n<p>O repert\u00f3rio cruza composi\u00e7\u00f5es ligadas ao universo de Riqueni com outras pe\u00e7as e abre um espa\u00e7o de di\u00e1logo entre guitarra flamenca, jazz e sensibilidade camer\u00edstica.<\/p>\n<p><strong>Ideal para:<\/strong> quem procura uma proposta menos ortodoxa e mais aberta ao di\u00e1logo entre g\u00e9neros, mas com um dos grandes nomes hist\u00f3ricos da guitarra sevilhana no centro.<\/p>\n<\/div><\/div><\/div><\/div><\/div><\/div><\/div><\/section><section class=\"l-section wpb_row height_huge color_alternate with_shape\"><div class=\"l-section-shape type_zigzag pos_top hor_flip\" style=\"height:3vmin;\"><svg xmlns=\"http:\/\/www.w3.org\/2000\/svg\" viewBox=\"0 0 64 8\" preserveAspectRatio=\"none\" width=\"100%\" height=\"100%\">\r\n\t<path fill=\"currentColor\" d=\"M64 8 L0 8 L0 0 L20 7.9 L40 3 L48 5 L64 0 Z\"\/>\r\n<\/svg><\/div><div class=\"l-section-shape type_zigzag pos_bottom\" style=\"height:3vmin;\"><svg xmlns=\"http:\/\/www.w3.org\/2000\/svg\" viewBox=\"0 0 64 8\" preserveAspectRatio=\"none\" width=\"100%\" height=\"100%\">\r\n\t<path fill=\"currentColor\" d=\"M64 8 L0 8 L0 0 L20 7.9 L40 3 L48 5 L64 0 Z\"\/>\r\n<\/svg><\/div><div class=\"l-section-h i-cf\"><div class=\"g-cols vc_row via_flex valign_top type_default stacking_default\"><div class=\"vc_col-sm-6 wpb_column vc_column_container\"><div class=\"vc_column-inner\"><div class=\"wpb_wrapper\"><div class=\"wpb_text_column\"><div class=\"wpb_wrapper\"><h2 id=\"diego-morao\">7. Diego del Morao \u2014 <em>M\u00e1s Morao<\/em><\/h2>\n<p><strong>25 de setembro \u00b7 19:00 \u00b7 Espacio Turina \u00b7 Sess\u00e3o \u00fanica<\/strong><\/p>\n<p>Diego del Morao representa um dos sons mais reconhec\u00edveis da guitarra contempor\u00e2nea de Jerez. <em>M\u00e1s Morao<\/em> coloca o seu toque em primeiro plano, acompanhado pelo pulso de um conjunto estreitamente ligado \u00e0 est\u00e9tica de Jerez e do bairro de Santiago.<\/p>\n<p>Estar\u00e3o com ele An\u00e9 Carrasco na percuss\u00e3o e Maloko no cante, al\u00e9m de outras participa\u00e7\u00f5es ainda por confirmar.<\/p>\n<p><strong>Porque n\u00e3o o perder\u00edamos:<\/strong> poucas guitarras atuais t\u00eam uma personalidade r\u00edtmica t\u00e3o reconhec\u00edvel. \u00c9 uma sess\u00e3o especialmente recomend\u00e1vel para quem valoriza o comp\u00e1s, a sonoridade de Jerez e uma forma muito pessoal de acompanhar e construir falsetas.<\/p>\n<\/div><\/div><\/div><\/div><\/div><div class=\"vc_col-sm-6 wpb_column vc_column_container\"><div class=\"vc_column-inner\"><div class=\"wpb_wrapper\"><div class=\"wpb_text_column\"><div class=\"wpb_wrapper\"><h2 id=\"dani-moron\">8. Dani de Mor\u00f3n \u2014 <em>Cuadro<\/em><\/h2>\n<p><strong>27 de setembro \u00b7 19:00 \u00b7 Espacio Turina \u00b7 Sess\u00e3o \u00fanica<\/strong><\/p>\n<p>Dani de Mor\u00f3n encerra o ciclo do Turina com uma proposta que recupera a ideia do <strong>cuadro flamenco como organismo vivo<\/strong>. A sua guitarra dialoga com as vozes de Sergio El Colorao, Amparo Lagares e Ismael El Bola, o baile de Claudia La Debla e as palmas de Los Mellis.<\/p>\n<p>O programa percorre buler\u00edas, sole\u00e1, ton\u00e1s, tientos, canti\u00f1as, romance, farruca, seguiriya, tangos e outros estilos.<\/p>\n<p><strong>O que acrescenta:<\/strong> permite ouvir a guitarra n\u00e3o apenas como instrumento solista, mas como arquitetura musical que organiza cante, baile, comp\u00e1s e cria\u00e7\u00e3o coletiva.<\/p>\n<\/div><\/div><\/div><\/div><\/div><\/div><\/div><\/section><section class=\"l-section wpb_row height_huge\"><div class=\"l-section-h i-cf\"><div class=\"g-cols vc_row via_flex valign_top type_default stacking_default\"><div class=\"vc_col-sm-12 wpb_column vc_column_container\"><div class=\"vc_column-inner\"><div class=\"wpb_wrapper\"><div class=\"wpb_text_column\"><div class=\"wpb_wrapper\"><h2 id=\"calendario\">Calend\u00e1rio alargado de guitarra na Bienal 2026<\/h2>\n<div style=\"overflow-x: auto;\">\n<table>\n<thead>\n<tr>\n<th>Data<\/th>\n<th>Artista \/ espet\u00e1culo<\/th>\n<th>Espa\u00e7o<\/th>\n<th>Caracter\u00edstica<\/th>\n<\/tr>\n<\/thead>\n<tbody>\n<tr>\n<td>11 sep<\/td>\n<td><strong>Antonio Rey \u2014 Historias de un flamenco<\/strong><\/td>\n<td>Espacio Turina<\/td>\n<td>Recital contempor\u00e2neo<\/td>\n<\/tr>\n<tr>\n<td>12 sep<\/td>\n<td><strong>Canito &amp; Ra\u00fal Rodr\u00edguez \u2014 La cuerda al aire<\/strong><\/td>\n<td>Espacio Turina<\/td>\n<td>Guitarra e tres flamenco<\/td>\n<\/tr>\n<tr>\n<td>13 sep<\/td>\n<td><strong>Jos\u00e9 Ferm\u00edn Fern\u00e1ndez \u2014 Guitarra desnuda<\/strong><\/td>\n<td>Espacio Turina<\/td>\n<td>Guitarra a solo<\/td>\n<\/tr>\n<tr>\n<td>18 sep<\/td>\n<td><strong>Juan Requena \u2014 Requeneando<\/strong><\/td>\n<td>Espacio Turina<\/td>\n<td>Cria\u00e7\u00e3o pessoal<\/td>\n<\/tr>\n<tr>\n<td>18 sep<\/td>\n<td><strong>Antonio Reyes \u2014 Seis cuerdas, seis<\/strong><\/td>\n<td>Teatro Lope de Vega<\/td>\n<td>Cante e guitarra<\/td>\n<\/tr>\n<tr>\n<td>19 sep<\/td>\n<td><strong>Alejandro Hurtado &amp; Enrike Solin\u00eds \u2014 Devenir de la guitarra<\/strong><\/td>\n<td>San Luis<\/td>\n<td>Flamenco e guitarra hist\u00f3rica<\/td>\n<\/tr>\n<tr>\n<td>19 sep<\/td>\n<td><strong>Mar\u00eda Mar\u00edn \u2014 Las Tres Mar\u00edas<\/strong><\/td>\n<td>Espacio Turina<\/td>\n<td>Guitarra e voz \u00b7 estreia<\/td>\n<\/tr>\n<tr>\n<td>19 sep<\/td>\n<td><strong>Ca\u00f1izares &amp; ROSS \u2014 Ca\u00f1izares sinf\u00f3nico<\/strong><\/td>\n<td>Maestranza<\/td>\n<td>Guitarra e orquestra<\/td>\n<\/tr>\n<tr>\n<td>20 sep<\/td>\n<td><strong>Alejandro Hurtado &amp; Enrike Solin\u00eds \u2014 Devenir de la guitarra<\/strong><\/td>\n<td>San Luis<\/td>\n<td>Segunda sess\u00e3o<\/td>\n<\/tr>\n<tr>\n<td>20 sep<\/td>\n<td><strong>Manuel de la Luz &amp; Manuel Im\u00e1n \u2014 Manos que hablan<\/strong><\/td>\n<td>Espacio Turina<\/td>\n<td>Di\u00e1logo entre guitarras<\/td>\n<\/tr>\n<tr>\n<td>21 sep<\/td>\n<td><strong>Rafael Riqueni &amp; Tim Ries \u2014 Tunisia<\/strong><\/td>\n<td>Lope de Vega<\/td>\n<td>Estreia \u00b7 flamenco e jazz<\/td>\n<\/tr>\n<tr>\n<td>25 sep<\/td>\n<td><strong>Diego del Morao \u2014 M\u00e1s Morao<\/strong><\/td>\n<td>Espacio Turina<\/td>\n<td>Guitarra de Jerez<\/td>\n<\/tr>\n<tr>\n<td>26 sep<\/td>\n<td><strong>Juan Medina \u2014 Fugaz<\/strong><\/td>\n<td>Espacio Turina<\/td>\n<td>Nova gera\u00e7\u00e3o<\/td>\n<\/tr>\n<tr>\n<td>27 sep<\/td>\n<td><strong>Dani de Mor\u00f3n \u2014 Cuadro<\/strong><\/td>\n<td>Espacio Turina<\/td>\n<td>Guitarra, cante e baile<\/td>\n<\/tr>\n<\/tbody>\n<\/table>\n<\/div>\n<\/div><\/div><\/div><\/div><\/div><\/div><\/div><\/section><section class=\"l-section wpb_row height_huge color_alternate with_shape\"><div class=\"l-section-shape type_zigzag pos_top hor_flip\" style=\"height:3vmin;\"><svg xmlns=\"http:\/\/www.w3.org\/2000\/svg\" viewBox=\"0 0 64 8\" preserveAspectRatio=\"none\" width=\"100%\" height=\"100%\">\r\n\t<path fill=\"currentColor\" d=\"M64 8 L0 8 L0 0 L20 7.9 L40 3 L48 5 L64 0 Z\"\/>\r\n<\/svg><\/div><div class=\"l-section-shape type_zigzag pos_bottom\" style=\"height:3vmin;\"><svg xmlns=\"http:\/\/www.w3.org\/2000\/svg\" viewBox=\"0 0 64 8\" preserveAspectRatio=\"none\" width=\"100%\" height=\"100%\">\r\n\t<path fill=\"currentColor\" d=\"M64 8 L0 8 L0 0 L20 7.9 L40 3 L48 5 L64 0 Z\"\/>\r\n<\/svg><\/div><div class=\"l-section-h i-cf\"><div class=\"g-cols vc_row via_flex valign_top type_default stacking_default\"><div class=\"vc_col-sm-6 wpb_column vc_column_container\"><div class=\"vc_column-inner\"><div class=\"wpb_wrapper\"><div class=\"wpb_text_column\"><div class=\"wpb_wrapper\"><h2 id=\"elegir\">Que concerto escolher de acordo com os seus gostos?<\/h2>\n<ul>\n<li><strong>Guitarra a solo e essencial:<\/strong> Jos\u00e9 Ferm\u00edn Fern\u00e1ndez.<\/li>\n<li><strong>Grande concertismo contempor\u00e2neo:<\/strong> Antonio Rey.<\/li>\n<li><strong>Comp\u00e1s e escola de Jerez:<\/strong> Diego del Morao.<\/li>\n<li><strong>Flamenco e tradi\u00e7\u00e3o hist\u00f3rica:<\/strong> Alejandro Hurtado &amp; Enrike Solin\u00eds.<\/li>\n<li><strong>Guitarra com orquestra:<\/strong> Ca\u00f1izares &amp; ROSS.<\/li>\n<li><strong>Flamenco aberto ao jazz:<\/strong> Rafael Riqueni &amp; Tim Ries.<\/li>\n<li><strong>Guitarra dentro do cuadro flamenco:<\/strong> Dani de Mor\u00f3n.<\/li>\n<li><strong>Novas vozes do toque:<\/strong> Juan Requena, Jos\u00e9 Ferm\u00edn Fern\u00e1ndez, Mar\u00eda Mar\u00edn ou Juan Medina.<\/li>\n<\/ul>\n<\/div><\/div><\/div><\/div><\/div><div class=\"vc_col-sm-6 wpb_column vc_column_container\"><div class=\"vc_column-inner\"><div class=\"wpb_wrapper\"><div class=\"wpb_text_column\"><div class=\"wpb_wrapper\"><h2>Vale a pena reservar v\u00e1rias tardes para o Turina?<\/h2>\n<p>Sim, sobretudo se a guitarra for uma das principais raz\u00f5es para visitar a Bienal. A programa\u00e7\u00e3o do Turina n\u00e3o repete um \u00fanico modelo de recital: h\u00e1 guitarra a solo, acompanhamento, di\u00e1logo entre instrumentos, guitarra e voz, escola de Jerez e propostas coletivas.<\/p>\n<p>Uma boa estrat\u00e9gia pode ser escolher <strong>dois ou tr\u00eas concertos com perfis diferentes<\/strong>. Por exemplo, Jos\u00e9 Ferm\u00edn para ouvir o instrumento completamente exposto, Diego del Morao para entrar na linguagem de Jerez e Dani de Mor\u00f3n para perceber como a guitarra estrutura um cuadro completo.<\/p>\n<\/div><\/div><\/div><\/div><\/div><\/div><\/div><\/section><section class=\"l-section wpb_row height_huge\"><div class=\"l-section-h i-cf\"><div class=\"g-cols vc_row via_flex valign_top type_default stacking_default\"><div class=\"vc_col-sm-12 wpb_column vc_column_container\"><div class=\"vc_column-inner\"><div class=\"wpb_wrapper\"><div class=\"wpb_text_column\"><div class=\"wpb_wrapper\"><h2>Bilhetes e planeamento<\/h2>\n<p>Os espet\u00e1culos do Espacio Turina t\u00eam pre\u00e7os mais acess\u00edveis do que algumas das grandes produ\u00e7\u00f5es do Maestranza. No entanto, v\u00e1rias sess\u00f5es est\u00e3o anunciadas como <strong>Noites \u00danicas<\/strong>, pelo que existe apenas uma oportunidade de as ver durante a Bienal.<\/p>\n<p>Para consultar pre\u00e7os atualizados, descontos, Hora Joven e canais oficiais de compra, utilize o nosso guia de <a href=\"https:\/\/www.tablaosflamencos.com\/bienal-flamenco-2026-entradas-precios-descuentos.html\"><strong>bilhetes, pre\u00e7os e descontos da Bienal 2026<\/strong><\/a>.<\/p>\n<p>Recomendamos tamb\u00e9m consultar a <a href=\"https:\/\/www.labienal.com\/programa-general\" target=\"_blank\" rel=\"noopener\"><strong>programa\u00e7\u00e3o oficial da Bienal<\/strong><\/a> antes de se deslocar, uma vez que a disponibilidade muda \u00e0 medida que cada data se aproxima.<\/p>\n<\/div><\/div><div class=\"w-separator size_medium\"><\/div><div class=\"w-hwrapper valign_top wrap stack_on_mobiles align_center\" style=\"--hwrapper-gap:1.2rem\"><div class=\"w-btn-wrapper align_none\"><a class=\"w-btn us-btn-style_1\" href=\"https:\/\/www.tablaosflamencos.com\/pt-pt\/matines-unicas-bienal-flamenco-sevilha-2026.html\"><span class=\"w-btn-label\">Ver as Matin\u00e9s \u00danicas<\/span><\/a><\/div><div class=\"w-btn-wrapper align_none\"><a class=\"w-btn us-btn-style_1\" href=\"https:\/\/www.tablaosflamencos.com\/pt-pt\/noites-unicas-bienal-flamenco-sevilha-2026.html\"><span class=\"w-btn-label\">Ver as Noites \u00danicas<\/span><\/a><\/div><\/div><\/div><\/div><\/div><\/div><\/div><\/section><section class=\"l-section wpb_row height_huge color_alternate with_shape\"><div class=\"l-section-shape type_zigzag pos_top\" style=\"height:3vmin;\"><svg xmlns=\"http:\/\/www.w3.org\/2000\/svg\" viewBox=\"0 0 64 8\" preserveAspectRatio=\"none\" width=\"100%\" height=\"100%\">\r\n\t<path fill=\"currentColor\" d=\"M64 8 L0 8 L0 0 L20 7.9 L40 3 L48 5 L64 0 Z\"\/>\r\n<\/svg><\/div><div class=\"l-section-shape type_zigzag pos_bottom\" style=\"height:3vmin;\"><svg xmlns=\"http:\/\/www.w3.org\/2000\/svg\" viewBox=\"0 0 64 8\" preserveAspectRatio=\"none\" width=\"100%\" height=\"100%\">\r\n\t<path fill=\"currentColor\" d=\"M64 8 L0 8 L0 0 L20 7.9 L40 3 L48 5 L64 0 Z\"\/>\r\n<\/svg><\/div><div class=\"l-section-h i-cf\"><div class=\"g-cols vc_row via_flex valign_top type_default stacking_default\"><div class=\"vc_col-sm-12 wpb_column vc_column_container\"><div class=\"vc_column-inner\"><div class=\"wpb_wrapper\"><div class=\"wpb_text_column\"><div class=\"wpb_wrapper\"><h2 style=\"text-align: center;\">Uma Bienal para ouvir como soa a guitarra flamenca de hoje<\/h2>\n<p style=\"text-align: center;\">A guitarra de 2026 n\u00e3o aparece na Bienal como um bloco homog\u00e9neo. Tradi\u00e7\u00e3o, experimenta\u00e7\u00e3o, acompanhamento, recital a solo, orquestra, jazz, m\u00fasica antiga e novas gera\u00e7\u00f5es convivem na programa\u00e7\u00e3o.<\/p>\n<p style=\"text-align: center;\">Esse contraste transforma o programa numa oportunidade especialmente valiosa para compreender <strong>para onde caminha a guitarra flamenca contempor\u00e2nea sem perder de vista as suas ra\u00edzes<\/strong>.<\/p>\n<p style=\"text-align: center;\">Se a guitarra for uma prioridade na sua viagem a Sevilha, esta edi\u00e7\u00e3o permite praticamente construir um festival dentro do pr\u00f3prio festival.<\/p>\n<\/div><\/div><\/div><\/div><\/div><\/div><\/div><\/section><section class=\"l-section wpb_row height_huge with_shape\"><div class=\"l-section-shape type_zigzag pos_bottom\" style=\"height:3vmin;\"><svg xmlns=\"http:\/\/www.w3.org\/2000\/svg\" viewBox=\"0 0 64 8\" preserveAspectRatio=\"none\" width=\"100%\" height=\"100%\">\r\n\t<path fill=\"currentColor\" d=\"M64 8 L0 8 L0 0 L20 7.9 L40 3 L48 5 L64 0 Z\"\/>\r\n<\/svg><\/div><div class=\"l-section-h i-cf\"><div class=\"g-cols vc_row via_flex valign_top type_default stacking_default\"><div class=\"vc_col-sm-1\/5 wpb_column vc_column_container\"><div class=\"vc_column-inner\"><div class=\"wpb_wrapper\"><\/div><\/div><\/div><div class=\"vc_col-sm-3\/5 wpb_column vc_column_container\"><div class=\"vc_column-inner\"><div class=\"wpb_wrapper\"><div class=\"wpb_text_column\"><div class=\"wpb_wrapper\"><h2 id=\"faq-guitarra\" style=\"text-align: center;\">Perguntas frequentes sobre a guitarra na Bienal 2026<\/h2>\n<\/div><\/div><div class=\"w-separator size_medium\"><\/div><div class=\"w-tabs accordion toggle_style_1 has_scrolling\" style=\"--sections-title-size:inherit;--sections-gap:0.5rem;\"><div class=\"w-tabs-sections titles-align_none icon_chevron cpos_right\"><div class=\"w-tabs-section\" id=\"qe95\"><button type=\"button\" class=\"w-tabs-section-header\" aria-controls=\"content-qe95\" aria-expanded=\"false\"><div class=\"w-tabs-section-title\">Quantos espet\u00e1culos de guitarra h\u00e1 na Bienal 2026?<\/div><div class=\"w-tabs-section-control\"><\/div><\/button><div  class=\"w-tabs-section-content\" id=\"content-qe95\"><div class=\"w-tabs-section-content-h i-cf\"><div class=\"wpb_text_column\"><div class=\"wpb_wrapper\"><p>A Bienal destacou cerca de <strong>quinze propostas<\/strong> em que a guitarra flamenca de concerto ocupa um papel central, distribu\u00eddas por Espacio Turina, San Luis de los Franceses, Teatro Lope de Vega e Teatro de la Maestranza, entre outros espa\u00e7os.<\/p>\n<\/div><\/div><\/div><\/div><\/div><div class=\"w-tabs-section\" id=\"y072\"><button type=\"button\" class=\"w-tabs-section-header\" aria-controls=\"content-y072\" aria-expanded=\"false\"><div class=\"w-tabs-section-title\">Onde se concentra a programa\u00e7\u00e3o de guitarra?<\/div><div class=\"w-tabs-section-control\"><\/div><\/button><div  class=\"w-tabs-section-content\" id=\"content-y072\"><div class=\"w-tabs-section-content-h i-cf\"><div class=\"wpb_text_column\"><div class=\"wpb_wrapper\"><p>O principal espa\u00e7o \u00e9 o <strong>Espacio Turina<\/strong>, que recebe nove concertos de guitarra entre 11 e 27 de setembro de 2026.<\/p>\n<\/div><\/div><\/div><\/div><\/div><div class=\"w-tabs-section\" id=\"x1fa\"><button type=\"button\" class=\"w-tabs-section-header\" aria-controls=\"content-x1fa\" aria-expanded=\"false\"><div class=\"w-tabs-section-title\">Que guitarristas importantes atuam na Bienal 2026?<\/div><div class=\"w-tabs-section-control\"><\/div><\/button><div  class=\"w-tabs-section-content\" id=\"content-x1fa\"><div class=\"w-tabs-section-content-h i-cf\"><div class=\"wpb_text_column\"><div class=\"wpb_wrapper\"><p>Entre outros, participam Antonio Rey, Rafael Riqueni, Juan Manuel Ca\u00f1izares, Diego del Morao, Dani de Mor\u00f3n, Alejandro Hurtado, Jos\u00e9 Ferm\u00edn Fern\u00e1ndez, Juan Requena, Mar\u00eda Mar\u00edn, Manuel de la Luz, Manuel Im\u00e1n e Juan Medina.<\/p>\n<\/div><\/div><\/div><\/div><\/div><div class=\"w-tabs-section\" id=\"s355\"><button type=\"button\" class=\"w-tabs-section-header\" aria-controls=\"content-s355\" aria-expanded=\"false\"><div class=\"w-tabs-section-title\">H\u00e1 recitais de guitarra a solo?<\/div><div class=\"w-tabs-section-control\"><\/div><\/button><div  class=\"w-tabs-section-content\" id=\"content-s355\"><div class=\"w-tabs-section-content-h i-cf\"><div class=\"wpb_text_column\"><div class=\"wpb_wrapper\"><p>Sim. Uma das propostas mais claras \u00e9 <em>Guitarra desnuda<\/em>, de Jos\u00e9 Ferm\u00edn Fern\u00e1ndez, a 13 de setembro no Espacio Turina, concebida para colocar a guitarra na sua express\u00e3o mais essencial.<\/p>\n<\/div><\/div><\/div><\/div><\/div><div class=\"w-tabs-section\" id=\"u4b2\"><button type=\"button\" class=\"w-tabs-section-header\" aria-controls=\"content-u4b2\" aria-expanded=\"false\"><div class=\"w-tabs-section-title\">H\u00e1 guitarra flamenca com orquestra sinf\u00f3nica?<\/div><div class=\"w-tabs-section-control\"><\/div><\/button><div  class=\"w-tabs-section-content\" id=\"content-u4b2\"><div class=\"w-tabs-section-content-h i-cf\"><div class=\"wpb_text_column\"><div class=\"wpb_wrapper\"><p>Sim. Juan Manuel Ca\u00f1izares atua com a Real Orquesta Sinf\u00f3nica de Sevilla a 19 de setembro no Teatro de la Maestranza com <em>Ca\u00f1izares sinf\u00f3nico<\/em>.<\/p>\n<\/div><\/div><\/div><\/div><\/div><div class=\"w-tabs-section\" id=\"e61f\"><button type=\"button\" class=\"w-tabs-section-header\" aria-controls=\"content-e61f\" aria-expanded=\"false\"><div class=\"w-tabs-section-title\">Que concerto junta guitarra flamenca e jazz?<\/div><div class=\"w-tabs-section-control\"><\/div><\/button><div  class=\"w-tabs-section-content\" id=\"content-e61f\"><div class=\"w-tabs-section-content-h i-cf\"><div class=\"wpb_text_column\"><div class=\"wpb_wrapper\"><p><em>Tunisia<\/em>, de Rafael Riqueni e Tim Ries, prop\u00f5e um di\u00e1logo entre a guitarra flamenca do mestre sevilhano e os saxofones e a flauta do m\u00fasico norte-americano. \u00c9 uma estreia absoluta marcada para 21 de setembro no Lope de Vega.<\/p>\n<\/div><\/div><\/div><\/div><\/div><div class=\"w-tabs-section\" id=\"i75a\"><button type=\"button\" class=\"w-tabs-section-header\" aria-controls=\"content-i75a\" aria-expanded=\"false\"><div class=\"w-tabs-section-title\">Onde posso ouvir Diego del Morao?<\/div><div class=\"w-tabs-section-control\"><\/div><\/button><div  class=\"w-tabs-section-content\" id=\"content-i75a\"><div class=\"w-tabs-section-content-h i-cf\"><div class=\"wpb_text_column\"><div class=\"wpb_wrapper\"><p>Diego del Morao apresenta <em>M\u00e1s Morao<\/em> a <strong>25 de setembro \u00e0s 19:00<\/strong> no Espacio Turina. Est\u00e1 anunciado como sess\u00e3o \u00fanica.<\/p>\n<\/div><\/div><\/div><\/div><\/div><div class=\"w-tabs-section\" id=\"e8bc\"><button type=\"button\" class=\"w-tabs-section-header\" aria-controls=\"content-e8bc\" aria-expanded=\"false\"><div class=\"w-tabs-section-title\">Quando atua Dani de Mor\u00f3n?<\/div><div class=\"w-tabs-section-control\"><\/div><\/button><div  class=\"w-tabs-section-content\" id=\"content-e8bc\"><div class=\"w-tabs-section-content-h i-cf\"><div class=\"wpb_text_column\"><div class=\"wpb_wrapper\"><p>Dani de Mor\u00f3n apresenta <em>Cuadro<\/em> a <strong>27 de setembro \u00e0s 19:00<\/strong> no Espacio Turina, tamb\u00e9m como sess\u00e3o \u00fanica.<\/p>\n<\/div><\/div><\/div><\/div><\/div><div class=\"w-tabs-section\" id=\"ya18\"><button type=\"button\" class=\"w-tabs-section-header\" aria-controls=\"content-ya18\" aria-expanded=\"false\"><div class=\"w-tabs-section-title\">H\u00e1 guitarra nas Matin\u00e9s \u00danicas?<\/div><div class=\"w-tabs-section-control\"><\/div><\/button><div  class=\"w-tabs-section-content\" id=\"content-ya18\"><div class=\"w-tabs-section-content-h i-cf\"><div class=\"wpb_text_column\"><div class=\"wpb_wrapper\"><p>Sim. Alejandro Hurtado apresenta <em>Devenir de la guitarra<\/em> com Enrike Solin\u00eds nos dias 19 e 20 de setembro \u00e0s 12:00 na Igreja de San Luis de los Franceses.<\/p>\n<\/div><\/div><\/div><\/div><\/div><div class=\"w-tabs-section\" id=\"kb4b\"><button type=\"button\" class=\"w-tabs-section-header\" aria-controls=\"content-kb4b\" aria-expanded=\"false\"><div class=\"w-tabs-section-title\">Onde se compram os bilhetes para os concertos de guitarra?<\/div><div class=\"w-tabs-section-control\"><\/div><\/button><div  class=\"w-tabs-section-content\" id=\"content-kb4b\"><div class=\"w-tabs-section-content-h i-cf\"><div class=\"wpb_text_column\"><div class=\"wpb_wrapper\"><p>A forma mais segura \u00e9 aceder \u00e0 p\u00e1gina de cada espet\u00e1culo a partir da programa\u00e7\u00e3o oficial da Bienal. A Tablaos Flamencos mant\u00e9m tamb\u00e9m um guia espec\u00edfico com pre\u00e7os, descontos, informa\u00e7\u00f5es de bilheteira e recomenda\u00e7\u00f5es de compra.<\/p>\n<\/div><\/div><\/div><\/div><\/div><\/div><\/div><\/div><\/div><\/div><div class=\"vc_col-sm-1\/5 wpb_column vc_column_container\"><div class=\"vc_column-inner\"><div class=\"wpb_wrapper\"><\/div><\/div><\/div><\/div><\/div><\/section>\n","protected":false},"excerpt":{"rendered":"<p>Guia dos espet\u00e1culos de guitarra flamenca imperd\u00edveis da Bienal de Flamenco de Sevilha 2026, com Antonio Rey, Riqueni, Ca\u00f1izares, Diego del Morao, Dani de Mor\u00f3n e outros.<\/p>\n","protected":false},"author":1,"featured_media":14100,"comment_status":"closed","ping_status":"closed","sticky":false,"template":"","format":"standard","meta":{"_acf_changed":false,"wpai_generated_summary":"","_ayudawp_aiss_exclude":false,"_ayudawp_aiss_exclude_summary":false,"_ayudawp_aiss_summary":"","_ayudawp_aiss_summary_provider":"","_ayudawp_aiss_summary_hash":"","footnotes":""},"categories":[1430],"tags":[1255,1256,1257,1258,1188,1410,1259],"class_list":["post-14158","post","type-post","status-publish","format-standard","has-post-thumbnail","hentry","category-bienal-flamenco-sevilha","tag-agenda-flamenca","tag-bienal-2026","tag-bienal-de-flamenco","tag-festivales-flamencos","tag-flamenco-en-sevilla","tag-guitarra-flamenca-pt","tag-sevilla"],"acf":[],"yoast_head":"<!-- This site is optimized with the Yoast SEO Premium plugin v28.4 (Yoast SEO v28.4) - https:\/\/yoast.com\/product\/yoast-seo-premium-wordpress\/ -->\n<title>Guitarra na Bienal de Flamenco 2026: imperd\u00edveis<\/title>\n<meta name=\"description\" content=\"Os espet\u00e1culos de guitarra flamenca imperd\u00edveis da Bienal de Flamenco de Sevilha 2026: Antonio Rey, Riqueni, Ca\u00f1izares, Diego del Morao e outros.\" \/>\n<meta name=\"robots\" content=\"index, follow, max-snippet:-1, max-image-preview:large, max-video-preview:-1\" \/>\n<link rel=\"canonical\" href=\"https:\/\/www.tablaosflamencos.com\/pt-pt\/guitarra-bienal-flamenco-sevilha-2026-espetaculos-imperdiveis.html\" \/>\n<meta property=\"og:locale\" content=\"pt_PT\" \/>\n<meta property=\"og:type\" content=\"article\" \/>\n<meta property=\"og:title\" content=\"A guitarra na Bienal de Flamenco de Sevilha 2026: espet\u00e1culos imperd\u00edveis\" \/>\n<meta property=\"og:description\" content=\"Os espet\u00e1culos de guitarra flamenca imperd\u00edveis da Bienal de Flamenco de Sevilha 2026: Antonio Rey, Riqueni, Ca\u00f1izares, Diego del Morao e outros.\" \/>\n<meta property=\"og:url\" content=\"https:\/\/www.tablaosflamencos.com\/pt-pt\/guitarra-bienal-flamenco-sevilha-2026-espetaculos-imperdiveis.html\" \/>\n<meta property=\"og:site_name\" content=\"Tablaos Flamencos\" \/>\n<meta property=\"article:publisher\" content=\"https:\/\/www.facebook.com\/tablaosflamencos\" \/>\n<meta property=\"article:published_time\" content=\"2026-09-02T22:45:32+00:00\" \/>\n<meta property=\"article:modified_time\" content=\"2026-09-02T23:51:19+00:00\" \/>\n<meta property=\"og:image\" content=\"https:\/\/www.tablaosflamencos.com\/wp-content\/uploads\/la-guitarra-en-la-bienal-de-flamenco-2026-espectaculos-imprescindibles-01.webp\" \/>\n\t<meta property=\"og:image:width\" content=\"1672\" \/>\n\t<meta property=\"og:image:height\" content=\"941\" \/>\n\t<meta property=\"og:image:type\" content=\"image\/webp\" \/>\n<meta name=\"author\" content=\"Miguel Ortiz\" \/>\n<meta name=\"twitter:card\" content=\"summary_large_image\" \/>\n<meta name=\"twitter:creator\" content=\"@tablaosflamenco\" \/>\n<meta name=\"twitter:site\" content=\"@tablaosflamenco\" \/>\n<meta name=\"twitter:label1\" content=\"Escrito por\" \/>\n\t<meta name=\"twitter:data1\" content=\"Miguel Ortiz\" \/>\n\t<meta name=\"twitter:label2\" content=\"Tempo estimado de leitura\" \/>\n\t<meta name=\"twitter:data2\" content=\"16 minutos\" \/>\n<script type=\"application\/ld+json\" class=\"yoast-schema-graph\">{\"@context\":\"https:\\\/\\\/schema.org\",\"@graph\":[{\"@type\":\"Article\",\"@id\":\"https:\\\/\\\/www.tablaosflamencos.com\\\/pt-pt\\\/guitarra-bienal-flamenco-sevilha-2026-espetaculos-imperdiveis.html#article\",\"isPartOf\":{\"@id\":\"https:\\\/\\\/www.tablaosflamencos.com\\\/pt-pt\\\/guitarra-bienal-flamenco-sevilha-2026-espetaculos-imperdiveis.html\"},\"author\":{\"name\":\"Miguel Ortiz\",\"@id\":\"https:\\\/\\\/www.tablaosflamencos.com\\\/pt-pt#\\\/schema\\\/person\\\/e7a9ebe14eb75a52ceabfbffb3c54f5d\"},\"headline\":\"A guitarra na Bienal de Flamenco de Sevilha 2026: espet\u00e1culos imperd\u00edveis\",\"datePublished\":\"2026-09-02T22:45:32+00:00\",\"dateModified\":\"2026-09-02T23:51:19+00:00\",\"mainEntityOfPage\":{\"@id\":\"https:\\\/\\\/www.tablaosflamencos.com\\\/pt-pt\\\/guitarra-bienal-flamenco-sevilha-2026-espetaculos-imperdiveis.html\"},\"wordCount\":3269,\"publisher\":{\"@id\":\"https:\\\/\\\/www.tablaosflamencos.com\\\/pt-pt#organization\"},\"image\":{\"@id\":\"https:\\\/\\\/www.tablaosflamencos.com\\\/pt-pt\\\/guitarra-bienal-flamenco-sevilha-2026-espetaculos-imperdiveis.html#primaryimage\"},\"thumbnailUrl\":\"https:\\\/\\\/www.tablaosflamencos.com\\\/wp-content\\\/uploads\\\/la-guitarra-en-la-bienal-de-flamenco-2026-espectaculos-imprescindibles-01.webp\",\"keywords\":[\"agenda flamenca\",\"Bienal 2026\",\"Bienal de Flamenco\",\"festivales flamencos\",\"flamenco en Sevilla\",\"guitarra flamenca\",\"sevilla\"],\"articleSection\":[\"Bienal de Flamenco de Sevilha\"],\"inLanguage\":\"pt-PT\"},{\"@type\":\"WebPage\",\"@id\":\"https:\\\/\\\/www.tablaosflamencos.com\\\/pt-pt\\\/guitarra-bienal-flamenco-sevilha-2026-espetaculos-imperdiveis.html\",\"url\":\"https:\\\/\\\/www.tablaosflamencos.com\\\/pt-pt\\\/guitarra-bienal-flamenco-sevilha-2026-espetaculos-imperdiveis.html\",\"name\":\"Guitarra na Bienal de Flamenco 2026: imperd\u00edveis\",\"isPartOf\":{\"@id\":\"https:\\\/\\\/www.tablaosflamencos.com\\\/pt-pt#website\"},\"primaryImageOfPage\":{\"@id\":\"https:\\\/\\\/www.tablaosflamencos.com\\\/pt-pt\\\/guitarra-bienal-flamenco-sevilha-2026-espetaculos-imperdiveis.html#primaryimage\"},\"image\":{\"@id\":\"https:\\\/\\\/www.tablaosflamencos.com\\\/pt-pt\\\/guitarra-bienal-flamenco-sevilha-2026-espetaculos-imperdiveis.html#primaryimage\"},\"thumbnailUrl\":\"https:\\\/\\\/www.tablaosflamencos.com\\\/wp-content\\\/uploads\\\/la-guitarra-en-la-bienal-de-flamenco-2026-espectaculos-imprescindibles-01.webp\",\"datePublished\":\"2026-09-02T22:45:32+00:00\",\"dateModified\":\"2026-09-02T23:51:19+00:00\",\"description\":\"Os espet\u00e1culos de guitarra flamenca imperd\u00edveis da Bienal de Flamenco de Sevilha 2026: Antonio Rey, Riqueni, Ca\u00f1izares, Diego del Morao e outros.\",\"breadcrumb\":{\"@id\":\"https:\\\/\\\/www.tablaosflamencos.com\\\/pt-pt\\\/guitarra-bienal-flamenco-sevilha-2026-espetaculos-imperdiveis.html#breadcrumb\"},\"inLanguage\":\"pt-PT\",\"potentialAction\":[{\"@type\":\"ReadAction\",\"target\":[\"https:\\\/\\\/www.tablaosflamencos.com\\\/pt-pt\\\/guitarra-bienal-flamenco-sevilha-2026-espetaculos-imperdiveis.html\"]}]},{\"@type\":\"ImageObject\",\"inLanguage\":\"pt-PT\",\"@id\":\"https:\\\/\\\/www.tablaosflamencos.com\\\/pt-pt\\\/guitarra-bienal-flamenco-sevilha-2026-espetaculos-imperdiveis.html#primaryimage\",\"url\":\"https:\\\/\\\/www.tablaosflamencos.com\\\/wp-content\\\/uploads\\\/la-guitarra-en-la-bienal-de-flamenco-2026-espectaculos-imprescindibles-01.webp\",\"contentUrl\":\"https:\\\/\\\/www.tablaosflamencos.com\\\/wp-content\\\/uploads\\\/la-guitarra-en-la-bienal-de-flamenco-2026-espectaculos-imprescindibles-01.webp\",\"width\":1672,\"height\":941,\"caption\":\"La guitarra en la Bienal de Flamenco 2026: espect\u00e1culos imprescindibles\"},{\"@type\":\"BreadcrumbList\",\"@id\":\"https:\\\/\\\/www.tablaosflamencos.com\\\/pt-pt\\\/guitarra-bienal-flamenco-sevilha-2026-espetaculos-imperdiveis.html#breadcrumb\",\"itemListElement\":[{\"@type\":\"ListItem\",\"position\":1,\"name\":\"Home\",\"item\":\"https:\\\/\\\/www.tablaosflamencos.com\\\/pt-pt\"},{\"@type\":\"ListItem\",\"position\":2,\"name\":\"A guitarra na Bienal de Flamenco de Sevilha 2026: espet\u00e1culos imperd\u00edveis\"}]},{\"@type\":\"WebSite\",\"@id\":\"https:\\\/\\\/www.tablaosflamencos.com\\\/pt-pt#website\",\"url\":\"https:\\\/\\\/www.tablaosflamencos.com\\\/pt-pt\",\"name\":\"Tablaos Flamencos\",\"description\":\"Entradas para tablaos flamencos de Espa\u00f1a\",\"publisher\":{\"@id\":\"https:\\\/\\\/www.tablaosflamencos.com\\\/pt-pt#organization\"},\"alternateName\":\"Tablaos Flamencos\",\"potentialAction\":[{\"@type\":\"SearchAction\",\"target\":{\"@type\":\"EntryPoint\",\"urlTemplate\":\"https:\\\/\\\/www.tablaosflamencos.com\\\/pt-pt?s={search_term_string}\"},\"query-input\":{\"@type\":\"PropertyValueSpecification\",\"valueRequired\":true,\"valueName\":\"search_term_string\"}}],\"inLanguage\":\"pt-PT\"},{\"@type\":[\"Organization\",\"Place\",\"EntertainmentBusiness\"],\"@id\":\"https:\\\/\\\/www.tablaosflamencos.com\\\/pt-pt#organization\",\"name\":\"Tablaos Flamencos\",\"alternateName\":\"Tablaos Flamencos\",\"url\":\"https:\\\/\\\/www.tablaosflamencos.com\\\/pt-pt\",\"logo\":{\"@id\":\"https:\\\/\\\/www.tablaosflamencos.com\\\/pt-pt\\\/guitarra-bienal-flamenco-sevilha-2026-espetaculos-imperdiveis.html#local-main-organization-logo\"},\"image\":{\"@id\":\"https:\\\/\\\/www.tablaosflamencos.com\\\/pt-pt\\\/guitarra-bienal-flamenco-sevilha-2026-espetaculos-imperdiveis.html#local-main-organization-logo\"},\"sameAs\":[\"https:\\\/\\\/www.facebook.com\\\/tablaosflamencos\",\"https:\\\/\\\/x.com\\\/tablaosflamenco\",\"https:\\\/\\\/mastodon.social\\\/@tablaosflamencos\",\"https:\\\/\\\/www.instagram.com\\\/tablaosflamencos\",\"https:\\\/\\\/tiktok.com\\\/@tablaosflamencos\",\"https:\\\/\\\/www.linkedin.com\\\/company\\\/109408238\\\/\"],\"description\":\"Venta de entradas para espect\u00e1culos flamencos\",\"legalName\":\"Tablaos Flamencos\",\"foundingDate\":\"2015-01-01\",\"numberOfEmployees\":{\"@type\":\"QuantitativeValue\",\"minValue\":\"1\",\"maxValue\":\"10\"},\"address\":{\"@id\":\"https:\\\/\\\/www.tablaosflamencos.com\\\/pt-pt\\\/guitarra-bienal-flamenco-sevilha-2026-espetaculos-imperdiveis.html#local-main-place-address\"},\"geo\":{\"@type\":\"GeoCoordinates\",\"latitude\":\"37.3868072\",\"longitude\":\"-5.993280299999999\"},\"telephone\":[\"+34623787787\"],\"contactPoint\":{\"@type\":\"ContactPoint\",\"telephone\":\"+34623787787\",\"email\":\"info@tablaosflamencos.com\"},\"openingHoursSpecification\":{\"@type\":\"OpeningHoursSpecification\",\"dayOfWeek\":[\"Monday\",\"Tuesday\",\"Wednesday\",\"Thursday\",\"Friday\",\"Saturday\",\"Sunday\"],\"opens\":\"00:00\",\"closes\":\"23:59\"},\"email\":\"info@tablaosflamencos.com\",\"priceRange\":\"$$$\",\"currenciesAccepted\":\"\u20ac\"},{\"@type\":\"Person\",\"@id\":\"https:\\\/\\\/www.tablaosflamencos.com\\\/pt-pt#\\\/schema\\\/person\\\/e7a9ebe14eb75a52ceabfbffb3c54f5d\",\"name\":\"Miguel Ortiz\",\"description\":\"Miguel Ortiz es un empresario flamenco, con una s\u00f3lida trayectoria dentro del sector. Ha presidido entidades culturales vinculadas al flamenco y, cuenta con un amplio recorrido profesional en la gesti\u00f3n y promoci\u00f3n de espect\u00e1culos y tablaos flamencos. Su pasi\u00f3n por la historia y el arte flamenco se refleja en cada art\u00edculo, donde combina experiencia, criterio y un profundo respeto por la tradici\u00f3n.\",\"sameAs\":[\"https:\\\/\\\/www.tablaosflamencos.com\",\"https:\\\/\\\/www.instagra.com\\\/miguelortizfe\",\"https:\\\/\\\/www.linkedin.com\\\/in\\\/miguelortizf\\\/\"],\"birthDate\":\"1984-11-22\",\"gender\":\"hombre\",\"knowsLanguage\":[\"espa\u00f1ol\",\"ingl\u00e9s\"],\"jobTitle\":\"Empresario flamenco\"},{\"@type\":\"PostalAddress\",\"@id\":\"https:\\\/\\\/www.tablaosflamencos.com\\\/pt-pt\\\/guitarra-bienal-flamenco-sevilha-2026-espetaculos-imperdiveis.html#local-main-place-address\",\"streetAddress\":\"C\\\/ Alemanes, 19\",\"addressLocality\":\"Sevilla\",\"postalCode\":\"41004\",\"addressRegion\":\"Sevilla\",\"addressCountry\":\"ES\"},{\"@type\":\"ImageObject\",\"inLanguage\":\"pt-PT\",\"@id\":\"https:\\\/\\\/www.tablaosflamencos.com\\\/pt-pt\\\/guitarra-bienal-flamenco-sevilha-2026-espetaculos-imperdiveis.html#local-main-organization-logo\",\"url\":\"https:\\\/\\\/www.tablaosflamencos.com\\\/wp-content\\\/uploads\\\/tablaos-flamencos-06-3.webp\",\"contentUrl\":\"https:\\\/\\\/www.tablaosflamencos.com\\\/wp-content\\\/uploads\\\/tablaos-flamencos-06-3.webp\",\"width\":600,\"height\":620,\"caption\":\"Tablaos Flamencos\"}]}<\/script>\n<meta name=\"geo.placename\" content=\"Sevilla\" \/>\n<meta name=\"geo.position\" content=\"37.3868072;-5.993280299999999\" \/>\n<meta name=\"geo.region\" content=\"Espanha\" \/>\n<!-- \/ Yoast SEO Premium plugin. -->","yoast_head_json":{"title":"Guitarra na Bienal de Flamenco 2026: imperd\u00edveis","description":"Os espet\u00e1culos de guitarra flamenca imperd\u00edveis da Bienal de Flamenco de Sevilha 2026: Antonio Rey, Riqueni, Ca\u00f1izares, Diego del Morao e outros.","robots":{"index":"index","follow":"follow","max-snippet":"max-snippet:-1","max-image-preview":"max-image-preview:large","max-video-preview":"max-video-preview:-1"},"canonical":"https:\/\/www.tablaosflamencos.com\/pt-pt\/guitarra-bienal-flamenco-sevilha-2026-espetaculos-imperdiveis.html","og_locale":"pt_PT","og_type":"article","og_title":"A guitarra na Bienal de Flamenco de Sevilha 2026: espet\u00e1culos imperd\u00edveis","og_description":"Os espet\u00e1culos de guitarra flamenca imperd\u00edveis da Bienal de Flamenco de Sevilha 2026: Antonio Rey, Riqueni, Ca\u00f1izares, Diego del Morao e outros.","og_url":"https:\/\/www.tablaosflamencos.com\/pt-pt\/guitarra-bienal-flamenco-sevilha-2026-espetaculos-imperdiveis.html","og_site_name":"Tablaos Flamencos","article_publisher":"https:\/\/www.facebook.com\/tablaosflamencos","article_published_time":"2026-09-02T22:45:32+00:00","article_modified_time":"2026-09-02T23:51:19+00:00","og_image":[{"width":1672,"height":941,"url":"https:\/\/www.tablaosflamencos.com\/wp-content\/uploads\/la-guitarra-en-la-bienal-de-flamenco-2026-espectaculos-imprescindibles-01.webp","type":"image\/webp"}],"author":"Miguel Ortiz","twitter_card":"summary_large_image","twitter_creator":"@tablaosflamenco","twitter_site":"@tablaosflamenco","twitter_misc":{"Escrito por":"Miguel Ortiz","Tempo estimado de leitura":"16 minutos"},"schema":{"@context":"https:\/\/schema.org","@graph":[{"@type":"Article","@id":"https:\/\/www.tablaosflamencos.com\/pt-pt\/guitarra-bienal-flamenco-sevilha-2026-espetaculos-imperdiveis.html#article","isPartOf":{"@id":"https:\/\/www.tablaosflamencos.com\/pt-pt\/guitarra-bienal-flamenco-sevilha-2026-espetaculos-imperdiveis.html"},"author":{"name":"Miguel Ortiz","@id":"https:\/\/www.tablaosflamencos.com\/pt-pt#\/schema\/person\/e7a9ebe14eb75a52ceabfbffb3c54f5d"},"headline":"A guitarra na Bienal de Flamenco de Sevilha 2026: espet\u00e1culos imperd\u00edveis","datePublished":"2026-09-02T22:45:32+00:00","dateModified":"2026-09-02T23:51:19+00:00","mainEntityOfPage":{"@id":"https:\/\/www.tablaosflamencos.com\/pt-pt\/guitarra-bienal-flamenco-sevilha-2026-espetaculos-imperdiveis.html"},"wordCount":3269,"publisher":{"@id":"https:\/\/www.tablaosflamencos.com\/pt-pt#organization"},"image":{"@id":"https:\/\/www.tablaosflamencos.com\/pt-pt\/guitarra-bienal-flamenco-sevilha-2026-espetaculos-imperdiveis.html#primaryimage"},"thumbnailUrl":"https:\/\/www.tablaosflamencos.com\/wp-content\/uploads\/la-guitarra-en-la-bienal-de-flamenco-2026-espectaculos-imprescindibles-01.webp","keywords":["agenda flamenca","Bienal 2026","Bienal de Flamenco","festivales flamencos","flamenco en Sevilla","guitarra flamenca","sevilla"],"articleSection":["Bienal de Flamenco de Sevilha"],"inLanguage":"pt-PT"},{"@type":"WebPage","@id":"https:\/\/www.tablaosflamencos.com\/pt-pt\/guitarra-bienal-flamenco-sevilha-2026-espetaculos-imperdiveis.html","url":"https:\/\/www.tablaosflamencos.com\/pt-pt\/guitarra-bienal-flamenco-sevilha-2026-espetaculos-imperdiveis.html","name":"Guitarra na Bienal de Flamenco 2026: imperd\u00edveis","isPartOf":{"@id":"https:\/\/www.tablaosflamencos.com\/pt-pt#website"},"primaryImageOfPage":{"@id":"https:\/\/www.tablaosflamencos.com\/pt-pt\/guitarra-bienal-flamenco-sevilha-2026-espetaculos-imperdiveis.html#primaryimage"},"image":{"@id":"https:\/\/www.tablaosflamencos.com\/pt-pt\/guitarra-bienal-flamenco-sevilha-2026-espetaculos-imperdiveis.html#primaryimage"},"thumbnailUrl":"https:\/\/www.tablaosflamencos.com\/wp-content\/uploads\/la-guitarra-en-la-bienal-de-flamenco-2026-espectaculos-imprescindibles-01.webp","datePublished":"2026-09-02T22:45:32+00:00","dateModified":"2026-09-02T23:51:19+00:00","description":"Os espet\u00e1culos de guitarra flamenca imperd\u00edveis da Bienal de Flamenco de Sevilha 2026: Antonio Rey, Riqueni, Ca\u00f1izares, Diego del Morao e outros.","breadcrumb":{"@id":"https:\/\/www.tablaosflamencos.com\/pt-pt\/guitarra-bienal-flamenco-sevilha-2026-espetaculos-imperdiveis.html#breadcrumb"},"inLanguage":"pt-PT","potentialAction":[{"@type":"ReadAction","target":["https:\/\/www.tablaosflamencos.com\/pt-pt\/guitarra-bienal-flamenco-sevilha-2026-espetaculos-imperdiveis.html"]}]},{"@type":"ImageObject","inLanguage":"pt-PT","@id":"https:\/\/www.tablaosflamencos.com\/pt-pt\/guitarra-bienal-flamenco-sevilha-2026-espetaculos-imperdiveis.html#primaryimage","url":"https:\/\/www.tablaosflamencos.com\/wp-content\/uploads\/la-guitarra-en-la-bienal-de-flamenco-2026-espectaculos-imprescindibles-01.webp","contentUrl":"https:\/\/www.tablaosflamencos.com\/wp-content\/uploads\/la-guitarra-en-la-bienal-de-flamenco-2026-espectaculos-imprescindibles-01.webp","width":1672,"height":941,"caption":"La guitarra en la Bienal de Flamenco 2026: espect\u00e1culos imprescindibles"},{"@type":"BreadcrumbList","@id":"https:\/\/www.tablaosflamencos.com\/pt-pt\/guitarra-bienal-flamenco-sevilha-2026-espetaculos-imperdiveis.html#breadcrumb","itemListElement":[{"@type":"ListItem","position":1,"name":"Home","item":"https:\/\/www.tablaosflamencos.com\/pt-pt"},{"@type":"ListItem","position":2,"name":"A guitarra na Bienal de Flamenco de Sevilha 2026: espet\u00e1culos imperd\u00edveis"}]},{"@type":"WebSite","@id":"https:\/\/www.tablaosflamencos.com\/pt-pt#website","url":"https:\/\/www.tablaosflamencos.com\/pt-pt","name":"Tablaos Flamencos","description":"Entradas para tablaos flamencos de Espa\u00f1a","publisher":{"@id":"https:\/\/www.tablaosflamencos.com\/pt-pt#organization"},"alternateName":"Tablaos Flamencos","potentialAction":[{"@type":"SearchAction","target":{"@type":"EntryPoint","urlTemplate":"https:\/\/www.tablaosflamencos.com\/pt-pt?s={search_term_string}"},"query-input":{"@type":"PropertyValueSpecification","valueRequired":true,"valueName":"search_term_string"}}],"inLanguage":"pt-PT"},{"@type":["Organization","Place","EntertainmentBusiness"],"@id":"https:\/\/www.tablaosflamencos.com\/pt-pt#organization","name":"Tablaos Flamencos","alternateName":"Tablaos Flamencos","url":"https:\/\/www.tablaosflamencos.com\/pt-pt","logo":{"@id":"https:\/\/www.tablaosflamencos.com\/pt-pt\/guitarra-bienal-flamenco-sevilha-2026-espetaculos-imperdiveis.html#local-main-organization-logo"},"image":{"@id":"https:\/\/www.tablaosflamencos.com\/pt-pt\/guitarra-bienal-flamenco-sevilha-2026-espetaculos-imperdiveis.html#local-main-organization-logo"},"sameAs":["https:\/\/www.facebook.com\/tablaosflamencos","https:\/\/x.com\/tablaosflamenco","https:\/\/mastodon.social\/@tablaosflamencos","https:\/\/www.instagram.com\/tablaosflamencos","https:\/\/tiktok.com\/@tablaosflamencos","https:\/\/www.linkedin.com\/company\/109408238\/"],"description":"Venta de entradas para espect\u00e1culos flamencos","legalName":"Tablaos Flamencos","foundingDate":"2015-01-01","numberOfEmployees":{"@type":"QuantitativeValue","minValue":"1","maxValue":"10"},"address":{"@id":"https:\/\/www.tablaosflamencos.com\/pt-pt\/guitarra-bienal-flamenco-sevilha-2026-espetaculos-imperdiveis.html#local-main-place-address"},"geo":{"@type":"GeoCoordinates","latitude":"37.3868072","longitude":"-5.993280299999999"},"telephone":["+34623787787"],"contactPoint":{"@type":"ContactPoint","telephone":"+34623787787","email":"info@tablaosflamencos.com"},"openingHoursSpecification":{"@type":"OpeningHoursSpecification","dayOfWeek":["Monday","Tuesday","Wednesday","Thursday","Friday","Saturday","Sunday"],"opens":"00:00","closes":"23:59"},"email":"info@tablaosflamencos.com","priceRange":"$$$","currenciesAccepted":"\u20ac"},{"@type":"Person","@id":"https:\/\/www.tablaosflamencos.com\/pt-pt#\/schema\/person\/e7a9ebe14eb75a52ceabfbffb3c54f5d","name":"Miguel Ortiz","description":"Miguel Ortiz es un empresario flamenco, con una s\u00f3lida trayectoria dentro del sector. Ha presidido entidades culturales vinculadas al flamenco y, cuenta con un amplio recorrido profesional en la gesti\u00f3n y promoci\u00f3n de espect\u00e1culos y tablaos flamencos. Su pasi\u00f3n por la historia y el arte flamenco se refleja en cada art\u00edculo, donde combina experiencia, criterio y un profundo respeto por la tradici\u00f3n.","sameAs":["https:\/\/www.tablaosflamencos.com","https:\/\/www.instagra.com\/miguelortizfe","https:\/\/www.linkedin.com\/in\/miguelortizf\/"],"birthDate":"1984-11-22","gender":"hombre","knowsLanguage":["espa\u00f1ol","ingl\u00e9s"],"jobTitle":"Empresario flamenco"},{"@type":"PostalAddress","@id":"https:\/\/www.tablaosflamencos.com\/pt-pt\/guitarra-bienal-flamenco-sevilha-2026-espetaculos-imperdiveis.html#local-main-place-address","streetAddress":"C\/ Alemanes, 19","addressLocality":"Sevilla","postalCode":"41004","addressRegion":"Sevilla","addressCountry":"ES"},{"@type":"ImageObject","inLanguage":"pt-PT","@id":"https:\/\/www.tablaosflamencos.com\/pt-pt\/guitarra-bienal-flamenco-sevilha-2026-espetaculos-imperdiveis.html#local-main-organization-logo","url":"https:\/\/www.tablaosflamencos.com\/wp-content\/uploads\/tablaos-flamencos-06-3.webp","contentUrl":"https:\/\/www.tablaosflamencos.com\/wp-content\/uploads\/tablaos-flamencos-06-3.webp","width":600,"height":620,"caption":"Tablaos Flamencos"}]},"geo.placename":"Sevilla","geo.position":{"lat":"37.3868072","long":"-5.993280299999999"},"geo.region":"Espanha"},"_links":{"self":[{"href":"https:\/\/www.tablaosflamencos.com\/pt-pt\/wp-json\/wp\/v2\/posts\/14158","targetHints":{"allow":["GET"]}}],"collection":[{"href":"https:\/\/www.tablaosflamencos.com\/pt-pt\/wp-json\/wp\/v2\/posts"}],"about":[{"href":"https:\/\/www.tablaosflamencos.com\/pt-pt\/wp-json\/wp\/v2\/types\/post"}],"author":[{"embeddable":true,"href":"https:\/\/www.tablaosflamencos.com\/pt-pt\/wp-json\/wp\/v2\/users\/1"}],"replies":[{"embeddable":true,"href":"https:\/\/www.tablaosflamencos.com\/pt-pt\/wp-json\/wp\/v2\/comments?post=14158"}],"version-history":[{"count":6,"href":"https:\/\/www.tablaosflamencos.com\/pt-pt\/wp-json\/wp\/v2\/posts\/14158\/revisions"}],"predecessor-version":[{"id":14229,"href":"https:\/\/www.tablaosflamencos.com\/pt-pt\/wp-json\/wp\/v2\/posts\/14158\/revisions\/14229"}],"wp:featuredmedia":[{"embeddable":true,"href":"https:\/\/www.tablaosflamencos.com\/pt-pt\/wp-json\/wp\/v2\/media\/14100"}],"wp:attachment":[{"href":"https:\/\/www.tablaosflamencos.com\/pt-pt\/wp-json\/wp\/v2\/media?parent=14158"}],"wp:term":[{"taxonomy":"category","embeddable":true,"href":"https:\/\/www.tablaosflamencos.com\/pt-pt\/wp-json\/wp\/v2\/categories?post=14158"},{"taxonomy":"post_tag","embeddable":true,"href":"https:\/\/www.tablaosflamencos.com\/pt-pt\/wp-json\/wp\/v2\/tags?post=14158"}],"curies":[{"name":"wp","href":"https:\/\/api.w.org\/{rel}","templated":true}]}}