{"id":14135,"date":"2026-09-03T00:15:18","date_gmt":"2026-09-02T22:15:18","guid":{"rendered":"https:\/\/www.tablaosflamencos.com\/?p=14135"},"modified":"2026-09-03T01:30:57","modified_gmt":"2026-09-02T23:30:57","slug":"jose-merce-bienal-flamenco-2026-toquen-a-rebato","status":"publish","type":"post","link":"https:\/\/www.tablaosflamencos.com\/pt-pt\/jose-merce-bienal-flamenco-2026-toquen-a-rebato.html","title":{"rendered":"Jos\u00e9 Merc\u00e9 na Bienal de Flamenco 2026: Toquen a rebato"},"content":{"rendered":"<section class=\"l-section wpb_row height_huge\"><div class=\"l-section-h i-cf\"><div class=\"g-cols vc_row via_flex valign_top type_default stacking_default\"><div class=\"vc_col-sm-6 wpb_column vc_column_container\"><div class=\"vc_column-inner\"><div class=\"wpb_wrapper\"><div class=\"wpb_text_column\"><div class=\"wpb_wrapper\"><h2>Jos\u00e9 Merc\u00e9 regressa \u00e0 Bienal com um toque de alarme em defesa do cante<\/h2>\n<p>A <strong>20 de setembro de 2026<\/strong>, Jos\u00e9 Merc\u00e9 regressar\u00e1 ao Teatro de la Maestranza no \u00e2mbito da XXIV Bienal de Flamenco de Sevilha com <strong><em>Toquen a rebato<\/em><\/strong>, uma das Noites \u00danicas desta edi\u00e7\u00e3o. N\u00e3o se trata de um recital pensado como uma simples revis\u00e3o de \u00eaxitos, nem de uma apresenta\u00e7\u00e3o convencional de repert\u00f3rio: a pr\u00f3pria Bienal concebe-o como um encontro entre uma das vozes mais reconhec\u00edveis do flamenco contempor\u00e2neo e tr\u00eas jovens guitarristas chamados a ocupar um lugar importante no toque atual.<\/p>\n<p>A proposta tem mem\u00f3ria. Dez anos antes, em 2016, Merc\u00e9 encerrou essa Bienal no mesmo teatro, acompanhado por Tomatito, Pepe Habichuela e Alfredo Lagos. O sucesso daquela noite est\u00e1 na origem deste novo projeto. Em 2026, a f\u00f3rmula regressa com outra perspetiva geracional: <strong>David de Arahal, Jos\u00e9 del Tomate e Manuel Cerpa<\/strong> estar\u00e3o nas guitarras, enquanto Merc\u00e9 percorrer\u00e1 os cantes que melhor defende atrav\u00e9s do olhar \u00abdos que v\u00eam a seguir\u00bb.<\/p>\n<p>A ideia resume bem uma das tens\u00f5es que atravessam o flamenco atual: como conservar uma mem\u00f3ria art\u00edstica sem a transformar numa pe\u00e7a de museu. <em>Toquen a rebato<\/em> parece construir-se precisamente em torno dessa pergunta.<\/p>\n<\/div><\/div><\/div><\/div><\/div><div class=\"vc_col-sm-6 wpb_column vc_column_container\"><div class=\"vc_column-inner\"><div class=\"wpb_wrapper\"><div class=\"wpb_text_column\"><div class=\"wpb_wrapper\"><h3>Jos\u00e9 Merc\u00e9 na Bienal 2026: informa\u00e7\u00f5es r\u00e1pidas<\/h3>\n<ul>\n<li><strong>Espet\u00e1culo:<\/strong> <em>Toquen a rebato<\/em>.<\/li>\n<li><strong>Artista:<\/strong> Jos\u00e9 Merc\u00e9.<\/li>\n<li><strong>Data:<\/strong> domingo, 20 de setembro de 2026.<\/li>\n<li><strong>Hora:<\/strong> 20:00.<\/li>\n<li><strong>Local:<\/strong> Teatro de la Maestranza, Sevilha.<\/li>\n<li><strong>Formato:<\/strong> Noite \u00danica da XXIV Bienal de Flamenco.<\/li>\n<li><strong>Guitarras:<\/strong> David de Arahal, Jos\u00e9 del Tomate e Manuel Cerpa.<\/li>\n<li><strong>Percuss\u00e3o:<\/strong> David del Gasolina.<\/li>\n<li><strong>Coros e palmas:<\/strong> V\u00edctor Carrasco, Chicharito de Jerez, Jorge Bautista e Merce Garc\u00eda.<\/li>\n<\/ul>\n<\/div><\/div><\/div><\/div><\/div><\/div><\/div><\/section><section class=\"l-section wpb_row height_huge color_alternate with_shape\"><div class=\"l-section-shape type_zigzag pos_top hor_flip\" style=\"height:3vmin;\"><svg xmlns=\"http:\/\/www.w3.org\/2000\/svg\" viewBox=\"0 0 64 8\" preserveAspectRatio=\"none\" width=\"100%\" height=\"100%\">\r\n\t<path fill=\"currentColor\" d=\"M64 8 L0 8 L0 0 L20 7.9 L40 3 L48 5 L64 0 Z\"\/>\r\n<\/svg><\/div><div class=\"l-section-shape type_zigzag pos_bottom\" style=\"height:3vmin;\"><svg xmlns=\"http:\/\/www.w3.org\/2000\/svg\" viewBox=\"0 0 64 8\" preserveAspectRatio=\"none\" width=\"100%\" height=\"100%\">\r\n\t<path fill=\"currentColor\" d=\"M64 8 L0 8 L0 0 L20 7.9 L40 3 L48 5 L64 0 Z\"\/>\r\n<\/svg><\/div><div class=\"l-section-h i-cf\"><div class=\"g-cols vc_row via_flex valign_top type_default stacking_default\"><div class=\"vc_col-sm-12 wpb_column vc_column_container\"><div class=\"vc_column-inner\"><div class=\"wpb_wrapper\"><div class=\"wpb_text_column\"><div class=\"wpb_wrapper\"><h2>O que significa \u00abToquen a rebato\u00bb?<\/h2>\n<p>O t\u00edtulo n\u00e3o \u00e9 casual. A Bienal explica que <strong>\u00abToquen a rebato\u00bb alude, por um lado, a uma sole\u00e1 de Juanito Mojama<\/strong>, cantaor por quem Jos\u00e9 Merc\u00e9 sente uma profunda admira\u00e7\u00e3o. Ao mesmo tempo, \u00abtocar a rebato\u00bb \u00e9 uma express\u00e3o tradicional espanhola associada a um sinal urgente de alarme, historicamente transmitido por um r\u00e1pido toque de sinos ou tambores.<\/p>\n<p>O espet\u00e1culo transforma essa express\u00e3o numa declara\u00e7\u00e3o art\u00edstica. O alarme lan\u00e7ado por Merc\u00e9 pode resumir-se numa pergunta: <strong>o que acontece se o cante se perder?<\/strong> Perante essa possibilidade, a resposta n\u00e3o consiste em olhar exclusivamente para tr\u00e1s. A proposta coloca Merc\u00e9 junto de uma nova gera\u00e7\u00e3o de guitarristas, permitindo que a transmiss\u00e3o aconte\u00e7a em palco e em tempo real.<\/p>\n<p>Por isso, o t\u00edtulo funciona em v\u00e1rias dire\u00e7\u00f5es. \u00c9 mem\u00f3ria de um cantaor hist\u00f3rico, refer\u00eancia \u00e0 linguagem popular e, ao mesmo tempo, um apelo contempor\u00e2neo para defender o cante como patrim\u00f3nio vivo. O \u00abtoque de alarme\u00bb de Merc\u00e9 n\u00e3o pretende congelar o flamenco, mas entregar repert\u00f3rio, experi\u00eancia e uma determinada forma de compreender o g\u00e9nero a m\u00fasicos mais jovens.<\/p>\n<\/div><\/div><\/div><\/div><\/div><\/div><\/div><\/section><section class=\"l-section wpb_row height_huge\"><div class=\"l-section-h i-cf\"><div class=\"g-cols vc_row via_flex valign_top type_default stacking_default\"><div class=\"vc_col-sm-12 wpb_column vc_column_container\"><div class=\"vc_column-inner\"><div class=\"wpb_wrapper\"><div class=\"wpb_text_column\"><div class=\"wpb_wrapper\"><h2>Um regresso que olha diretamente para a Bienal de 2016<\/h2>\n<p>A compara\u00e7\u00e3o com 2016 \u00e9 fundamental para compreender o espet\u00e1culo. Nesse ano, Jos\u00e9 Merc\u00e9 protagonizou um encerramento muito recordado no Teatro de la Maestranza, acompanhado por <strong>Tomatito, Pepe Habichuela e Alfredo Lagos<\/strong>, tr\u00eas nomes que representavam diferentes gera\u00e7\u00f5es e escolas do toque flamenco.<\/p>\n<p>Uma d\u00e9cada depois, a Bienal recupera a ideia, mas muda o ponto de vista. Merc\u00e9 continua no centro do cante, enquanto as guitarras passam para as m\u00e3os de tr\u00eas int\u00e9rpretes nascidos entre 1998 e 2003. O contraste \u00e9 deliberado: uma voz com d\u00e9cadas de palco e uma extensa discografia dialoga com guitarristas que representam a continuidade do g\u00e9nero.<\/p>\n<p>N\u00e3o estamos, portanto, perante uma repeti\u00e7\u00e3o nost\u00e1lgica da noite de 2016. <strong>O conceito \u00e9 retomado para perceber o que mudou em dez anos<\/strong>: como uma gera\u00e7\u00e3o jovem escuta os cantes de Merc\u00e9, como os acompanha e o que pode receber de uma figura que viveu tanto o flamenco tradicional como a sua abertura a grandes p\u00fablicos.<\/p>\n<\/div><\/div><\/div><\/div><\/div><\/div><\/div><\/section><section class=\"l-section wpb_row height_huge color_alternate with_shape\"><div class=\"l-section-shape type_zigzag pos_top hor_flip\" style=\"height:3vmin;\"><svg xmlns=\"http:\/\/www.w3.org\/2000\/svg\" viewBox=\"0 0 64 8\" preserveAspectRatio=\"none\" width=\"100%\" height=\"100%\">\r\n\t<path fill=\"currentColor\" d=\"M64 8 L0 8 L0 0 L20 7.9 L40 3 L48 5 L64 0 Z\"\/>\r\n<\/svg><\/div><div class=\"l-section-shape type_zigzag pos_bottom\" style=\"height:3vmin;\"><svg xmlns=\"http:\/\/www.w3.org\/2000\/svg\" viewBox=\"0 0 64 8\" preserveAspectRatio=\"none\" width=\"100%\" height=\"100%\">\r\n\t<path fill=\"currentColor\" d=\"M64 8 L0 8 L0 0 L20 7.9 L40 3 L48 5 L64 0 Z\"\/>\r\n<\/svg><\/div><div class=\"l-section-h i-cf\"><div class=\"g-cols vc_row via_flex valign_top type_default stacking_default\"><div class=\"vc_col-sm-12 wpb_column vc_column_container\"><div class=\"vc_column-inner\"><div class=\"wpb_wrapper\"><div class=\"wpb_text_column\"><div class=\"wpb_wrapper\"><h2>Os tr\u00eas guitarristas de Jos\u00e9 Merc\u00e9 na Bienal 2026<\/h2>\n<p>A guitarra \u00e9 um dos grandes argumentos de <em>Toquen a rebato<\/em>. Cada acompanhante chega com um percurso diferente e com uma rela\u00e7\u00e3o particular com a tradi\u00e7\u00e3o.<\/p>\n<p><strong>David de Arahal<\/strong>, nascido em 2000, representa uma das jovens vozes mais destacadas da guitarra sevilhana. Apesar da idade, o seu percurso j\u00e1 o colocou ao lado de figuras importantes, e a pr\u00f3pria Bienal apresenta-o como um m\u00fasico que conseguiu conquistar um lugar entre os grandes.<\/p>\n<p><strong>Jos\u00e9 del Tomate<\/strong>, nascido em Almer\u00eda em 1998, pertence a uma das grandes dinastias de guitarristas do flamenco. \u00c9 filho de Tomatito e tem tamb\u00e9m como refer\u00eancia o tio Ni\u00f1o Miguel. A sua presen\u00e7a cria ainda uma ponte particularmente sugestiva com o espet\u00e1culo de 2016, no qual precisamente Tomatito acompanhou Merc\u00e9.<\/p>\n<p><strong>Manuel Cerpa<\/strong>, nascido em Chipiona em 2003, \u00e9 o mais jovem dos tr\u00eas. A sua participa\u00e7\u00e3o tem uma nuance diferente, porque j\u00e1 integra habitualmente as digress\u00f5es de Jos\u00e9 Merc\u00e9. Existe, portanto, uma rela\u00e7\u00e3o art\u00edstica pr\u00e9via que pode trazer uma cumplicidade diferente da de um encontro pontual.<\/p>\n<p>A combina\u00e7\u00e3o dos tr\u00eas impede que a \u00abnova gera\u00e7\u00e3o\u00bb apare\u00e7a como uma categoria abstrata: s\u00e3o tr\u00eas guitarristas com origens, escolas e liga\u00e7\u00f5es ao cante distintas.<\/p>\n<\/div><\/div><\/div><\/div><\/div><\/div><\/div><\/section><section class=\"l-section wpb_row height_huge\"><div class=\"l-section-h i-cf\"><div class=\"g-cols vc_row via_flex valign_top type_default stacking_default\"><div class=\"vc_col-sm-12 wpb_column vc_column_container\"><div class=\"vc_column-inner\"><div class=\"wpb_wrapper\"><div class=\"wpb_text_column\"><div class=\"wpb_wrapper\"><h2>O que se espera ouvir em \u00abToquen a rebato\u00bb<\/h2>\n<p>A Bienal n\u00e3o publica um repert\u00f3rio fechado, tema a tema, algo natural num recital flamenco com estas caracter\u00edsticas, mas oferece pistas muito claras sobre a dire\u00e7\u00e3o musical. O programa anuncia um percurso pelos <strong>palos que Jos\u00e9 Merc\u00e9 melhor defende<\/strong>, reinterpretados atrav\u00e9s do olhar dos jovens guitarristas.<\/p>\n<p>H\u00e1 duas refer\u00eancias que parecem inevit\u00e1veis. A primeira s\u00e3o as <strong>buler\u00edas de Jerez<\/strong>, territ\u00f3rio natural para um cantaor nascido no bairro de Santiago e profundamente ligado \u00e0 tradi\u00e7\u00e3o de Jerez. A segunda s\u00e3o as <strong>alegr\u00edas<\/strong>. A organiza\u00e7\u00e3o antecipa tamb\u00e9m que haver\u00e1 espa\u00e7o para algumas refer\u00eancias aos grandes \u00eaxitos da sua carreira.<\/p>\n<p>Isto permite imaginar um recital que n\u00e3o separar\u00e1 rigidamente o Merc\u00e9 mais ortodoxo do artista que conseguiu aproximar o flamenco de audi\u00eancias massivas. Uma das singularidades do seu percurso foi precisamente a capacidade de transitar entre esses universos sem renunciar \u00e0 identidade de cantaor.<\/p>\n<p>O interesse da noite estar\u00e1, assim, menos em descobrir uma lista in\u00e9dita de temas e mais em observar <strong>como se transforma o acompanhamento quando tr\u00eas jovens guitarristas entram em repert\u00f3rios que Merc\u00e9 canta h\u00e1 d\u00e9cadas<\/strong>.<\/p>\n<\/div><\/div><\/div><\/div><\/div><\/div><\/div><\/section><section class=\"l-section wpb_row height_huge color_alternate with_shape\"><div class=\"l-section-shape type_zigzag pos_top hor_flip\" style=\"height:3vmin;\"><svg xmlns=\"http:\/\/www.w3.org\/2000\/svg\" viewBox=\"0 0 64 8\" preserveAspectRatio=\"none\" width=\"100%\" height=\"100%\">\r\n\t<path fill=\"currentColor\" d=\"M64 8 L0 8 L0 0 L20 7.9 L40 3 L48 5 L64 0 Z\"\/>\r\n<\/svg><\/div><div class=\"l-section-shape type_zigzag pos_bottom\" style=\"height:3vmin;\"><svg xmlns=\"http:\/\/www.w3.org\/2000\/svg\" viewBox=\"0 0 64 8\" preserveAspectRatio=\"none\" width=\"100%\" height=\"100%\">\r\n\t<path fill=\"currentColor\" d=\"M64 8 L0 8 L0 0 L20 7.9 L40 3 L48 5 L64 0 Z\"\/>\r\n<\/svg><\/div><div class=\"l-section-h i-cf\"><div class=\"g-cols vc_row via_flex valign_top type_default stacking_default\"><div class=\"vc_col-sm-12 wpb_column vc_column_container\"><div class=\"vc_column-inner\"><div class=\"wpb_wrapper\"><div class=\"wpb_text_column\"><div class=\"wpb_wrapper\"><h2>A forma\u00e7\u00e3o completa da noite<\/h2>\n<p>Embora as tr\u00eas guitarras concentrem grande parte da aten\u00e7\u00e3o, <em>Toquen a rebato<\/em> contar\u00e1 com uma forma\u00e7\u00e3o mais ampla. A ficha art\u00edstica oficial apresenta <strong>Jos\u00e9 Merc\u00e9 no cante<\/strong>, acompanhado por David de Arahal, Jos\u00e9 del Tomate e Manuel Cerpa na guitarra.<\/p>\n<p>A sec\u00e7\u00e3o r\u00edtmica completa-se com <strong>David del Gasolina<\/strong> no caj\u00f3n e na percuss\u00e3o. Nos coros e palmas estar\u00e3o <strong>V\u00edctor Carrasco, Chicharito de Jerez, Jorge Bautista e Merce Garc\u00eda<\/strong>.<\/p>\n<p>Esta configura\u00e7\u00e3o aponta para um espet\u00e1culo capaz de passar de momentos de grande depura\u00e7\u00e3o \u2014voz e guitarra\u2014 a passagens de maior intensidade r\u00edtmica. Num repert\u00f3rio em que as buler\u00edas ter\u00e3o previsivelmente um lugar importante, a equipa de palmas e coros n\u00e3o \u00e9 um elemento secund\u00e1rio: pode tornar-se uma parte essencial da arquitetura musical da noite.<\/p>\n<\/div><\/div><\/div><\/div><\/div><\/div><\/div><\/section><section class=\"l-section wpb_row height_huge\"><div class=\"l-section-h i-cf\"><div class=\"g-cols vc_row via_flex valign_top type_default stacking_default\"><div class=\"vc_col-sm-12 wpb_column vc_column_container\"><div class=\"vc_column-inner\"><div class=\"wpb_wrapper\"><div class=\"wpb_text_column\"><div class=\"wpb_wrapper\"><h2>Jos\u00e9 Merc\u00e9 e a transmiss\u00e3o do cante<\/h2>\n<p>A ideia de transmiss\u00e3o tem um peso especial quando o protagonista \u00e9 Jos\u00e9 Merc\u00e9. Nascido Jos\u00e9 Soto Soto em Jerez de la Frontera, em 1955, vem de uma longa linhagem flamenca: \u00e9 bisneto de Paco de la Luz, sobrinho de Manuel Soto \u00abSordera\u00bb e primo de Vicente Soto \u00abSordera\u00bb.<\/p>\n<p>A sua pr\u00f3pria biografia constr\u00f3i-se sobre uma cadeia de aprendizagens e palcos. Cantou em crian\u00e7a na Escolan\u00eda da Bas\u00edlica de La Merced \u2014da\u00ed o seu nome art\u00edstico\u2014, passou pelos Jueves Flamencos de Jerez e, ainda muito jovem, mudou-se para Madrid, onde trabalhou no Torres Bermejas. Ao longo da carreira foi acompanhado por guitarristas como Manolo Sanl\u00facar ou Paco de Luc\u00eda e tornou-se mais tarde um dos cantaores capazes de levar o g\u00e9nero a p\u00fablicos muito amplos.<\/p>\n<p>Esse percurso torna especialmente coerente que a Bienal o coloque agora numa proposta geracional. <strong>Merc\u00e9 n\u00e3o surge apenas como int\u00e9rprete, mas como um elo numa cadeia<\/strong>: algu\u00e9m que recebeu uma tradi\u00e7\u00e3o, a transformou ao longo da sua carreira e agora a confronta com m\u00fasicos que come\u00e7am a construir a sua pr\u00f3pria trajet\u00f3ria.<\/p>\n<\/div><\/div><\/div><\/div><\/div><\/div><\/div><\/section><section class=\"l-section wpb_row height_huge color_alternate with_shape\"><div class=\"l-section-shape type_zigzag pos_top hor_flip\" style=\"height:3vmin;\"><svg xmlns=\"http:\/\/www.w3.org\/2000\/svg\" viewBox=\"0 0 64 8\" preserveAspectRatio=\"none\" width=\"100%\" height=\"100%\">\r\n\t<path fill=\"currentColor\" d=\"M64 8 L0 8 L0 0 L20 7.9 L40 3 L48 5 L64 0 Z\"\/>\r\n<\/svg><\/div><div class=\"l-section-shape type_zigzag pos_bottom\" style=\"height:3vmin;\"><svg xmlns=\"http:\/\/www.w3.org\/2000\/svg\" viewBox=\"0 0 64 8\" preserveAspectRatio=\"none\" width=\"100%\" height=\"100%\">\r\n\t<path fill=\"currentColor\" d=\"M64 8 L0 8 L0 0 L20 7.9 L40 3 L48 5 L64 0 Z\"\/>\r\n<\/svg><\/div><div class=\"l-section-h i-cf\"><div class=\"g-cols vc_row via_flex valign_top type_default stacking_default\"><div class=\"vc_col-sm-12 wpb_column vc_column_container\"><div class=\"vc_column-inner\"><div class=\"wpb_wrapper\"><div class=\"wpb_text_column\"><div class=\"wpb_wrapper\"><h2>Uma Noite \u00danica no Teatro de la Maestranza<\/h2>\n<p>A Bienal classifica <em>Toquen a rebato<\/em> como <strong>Noite \u00danica<\/strong>. O conceito identifica espet\u00e1culos concebidos para acontecer de forma singular nesta edi\u00e7\u00e3o e que n\u00e3o s\u00e3o simplesmente uma etapa de uma digress\u00e3o convencional apresentada em Sevilha.<\/p>\n<p>Em 2026, a Bienal reuniu 26 propostas sob esta designa\u00e7\u00e3o. Jos\u00e9 Merc\u00e9 participa tamb\u00e9m noutra delas: a gala <em>El mundo por montera<\/em>, marcada para 10 de setembro na Plaza de Toros de la Real Maestranza. No entanto, <em>Toquen a rebato<\/em> \u00e9 o seu encontro pr\u00f3prio como protagonista absoluto do programa.<\/p>\n<p>O palco escolhido \u00e9 o <strong>Teatro de la Maestranza<\/strong>, um dos grandes espa\u00e7os da Bienal 2026 e um lugar com uma rela\u00e7\u00e3o especial com a hist\u00f3ria recente do cantaor no festival. Regressar precisamente ao teatro onde aconteceu a noite de 2016 refor\u00e7a a leitura deste espet\u00e1culo como uma conversa entre dois momentos separados por uma d\u00e9cada.<\/p>\n<\/div><\/div><\/div><\/div><\/div><\/div><\/div><\/section><section class=\"l-section wpb_row height_huge\"><div class=\"l-section-h i-cf\"><div class=\"g-cols vc_row via_flex valign_top type_default stacking_default\"><div class=\"vc_col-sm-12 wpb_column vc_column_container\"><div class=\"vc_column-inner\"><div class=\"wpb_wrapper\"><div class=\"wpb_text_column\"><div class=\"wpb_wrapper\"><h2>Como Jos\u00e9 Merc\u00e9 se integra no programa de 20 de setembro<\/h2>\n<p>O domingo, 20 de setembro, ser\u00e1 um dia especialmente intenso na Bienal. Antes do recital de Merc\u00e9 haver\u00e1 uma Matin\u00e9e \u00danica de <strong>Alejandro Hurtado com Enrique Solin\u00eds<\/strong> em San Luis de los Franceses, enquanto <strong>Manuel de la Luz e Manuel Im\u00e1n<\/strong> apresentar\u00e3o <em>Manos que hablan<\/em> no Espacio Turina \u00e0s 19:00. Mais tarde, o Teatro Alameda receber\u00e1 a Gala del Circuito Andaluz de J\u00f3venes Flamencos.<\/p>\n<p>Neste contexto, <em>Toquen a rebato<\/em> ocupa o grande hor\u00e1rio noturno do Teatro de la Maestranza, \u00e0s <strong>20:00<\/strong>. Quem estiver a organizar v\u00e1rios dias de Bienal deve confirmar cuidadosamente os hor\u00e1rios, porque existem atividades que se sobrep\u00f5em parcial ou totalmente.<\/p>\n<p>Pode tamb\u00e9m consultar o nosso <a href=\"https:\/\/www.tablaosflamencos.com\/pt-pt\/noites-unicas-bienal-flamenco-sevilha-2026.html\">guia completo das Noites \u00danicas da Bienal 2026<\/a> e o <a href=\"https:\/\/www.tablaosflamencos.com\/pt-pt\/bienal-flamenco-sevilha-2026.html\">guia geral da Bienal de Flamenco de Sevilha 2026<\/a> para situar este recital no calend\u00e1rio completo.<\/p>\n<\/div><\/div><\/div><\/div><\/div><\/div><\/div><\/section><section class=\"l-section wpb_row height_huge color_alternate with_shape\"><div class=\"l-section-shape type_zigzag pos_top hor_flip\" style=\"height:3vmin;\"><svg xmlns=\"http:\/\/www.w3.org\/2000\/svg\" viewBox=\"0 0 64 8\" preserveAspectRatio=\"none\" width=\"100%\" height=\"100%\">\r\n\t<path fill=\"currentColor\" d=\"M64 8 L0 8 L0 0 L20 7.9 L40 3 L48 5 L64 0 Z\"\/>\r\n<\/svg><\/div><div class=\"l-section-shape type_zigzag pos_bottom\" style=\"height:3vmin;\"><svg xmlns=\"http:\/\/www.w3.org\/2000\/svg\" viewBox=\"0 0 64 8\" preserveAspectRatio=\"none\" width=\"100%\" height=\"100%\">\r\n\t<path fill=\"currentColor\" d=\"M64 8 L0 8 L0 0 L20 7.9 L40 3 L48 5 L64 0 Z\"\/>\r\n<\/svg><\/div><div class=\"l-section-h i-cf\"><div class=\"g-cols vc_row via_flex valign_top type_default stacking_default\"><div class=\"vc_col-sm-12 wpb_column vc_column_container\"><div class=\"vc_column-inner\"><div class=\"wpb_wrapper\"><div class=\"wpb_text_column\"><div class=\"wpb_wrapper\"><h2>Para quem pode este espet\u00e1culo ser especialmente interessante?<\/h2>\n<p><em>Toquen a rebato<\/em> tem v\u00e1rios n\u00edveis de leitura e pode atrair p\u00fablicos diferentes. Para quem conhece o percurso de Jos\u00e9 Merc\u00e9, o interesse est\u00e1 em perceber como revisita os seus territ\u00f3rios habituais com tr\u00eas guitarras de outra gera\u00e7\u00e3o. Para os aficionados da guitarra flamenca, a noite oferece a rara oportunidade de ouvir tr\u00eas jovens guitarristas em di\u00e1logo com o mesmo cantaor e dentro de um conceito comum.<\/p>\n<p>Tamb\u00e9m pode ser uma boa escolha para quem queira aproximar-se do cante atrav\u00e9s de uma figura muito reconhec\u00edvel. Ao longo de d\u00e9cadas, Merc\u00e9 combinou repert\u00f3rios profundamente flamencos com uma capacidade de comunica\u00e7\u00e3o que lhe permitiu chegar a p\u00fablicos n\u00e3o necessariamente ligados \u00e0 afici\u00f3n tradicional.<\/p>\n<p>E para quem acompanhou a Bienal de 2016, existe um interesse adicional: <strong>comparar duas noites constru\u00eddas sobre a mesma ideia, separadas por dez anos e por duas gera\u00e7\u00f5es diferentes de guitarristas<\/strong>.<\/p>\n<\/div><\/div><\/div><\/div><\/div><\/div><\/div><\/section><section class=\"l-section wpb_row height_huge\"><div class=\"l-section-h i-cf\"><div class=\"g-cols vc_row via_flex valign_top type_default stacking_default\"><div class=\"vc_col-sm-12 wpb_column vc_column_container\"><div class=\"vc_column-inner\"><div class=\"wpb_wrapper\"><div class=\"wpb_text_column\"><div class=\"wpb_wrapper\"><h2>Conselhos pr\u00e1ticos para assistir<\/h2>\n<p><strong>Confirme a disponibilidade com anteced\u00eancia.<\/strong> A Bienal define o recital como uma Noite \u00danica, pelo que esta \u00e9 a \u00fanica data no programa oficial.<\/p>\n<p><strong>Tenha em conta as sobreposi\u00e7\u00f5es do dia 20.<\/strong> Se quiser combinar v\u00e1rios espet\u00e1culos, verifique especialmente a proposta do Espacio Turina, que come\u00e7a \u00e0s 19:00, e as restantes atividades do dia.<\/p>\n<p><strong>Chegue com anteced\u00eancia ao Teatro de la Maestranza.<\/strong> \u00c9 um dos espa\u00e7os de maior capacidade e import\u00e2ncia do festival, e nos dias de programa\u00e7\u00e3o intensa a zona envolvente pode concentrar bastante p\u00fablico.<\/p>\n<p><strong>N\u00e3o espere necessariamente um concerto de \u00abgrandes \u00eaxitos\u00bb.<\/strong> A informa\u00e7\u00e3o oficial destaca o percurso pelos palos que Merc\u00e9 melhor defende e a conversa musical com os tr\u00eas guitarristas. Poder\u00e1 haver refer\u00eancias a temas populares da sua carreira, mas o conceito do espet\u00e1culo \u00e9 essencialmente flamenco.<\/p>\n<\/div><\/div><\/div><\/div><\/div><\/div><\/div><\/section><section class=\"l-section wpb_row height_huge color_alternate with_shape\"><div class=\"l-section-shape type_zigzag pos_top hor_flip\" style=\"height:3vmin;\"><svg xmlns=\"http:\/\/www.w3.org\/2000\/svg\" viewBox=\"0 0 64 8\" preserveAspectRatio=\"none\" width=\"100%\" height=\"100%\">\r\n\t<path fill=\"currentColor\" d=\"M64 8 L0 8 L0 0 L20 7.9 L40 3 L48 5 L64 0 Z\"\/>\r\n<\/svg><\/div><div class=\"l-section-shape type_zigzag pos_bottom\" style=\"height:3vmin;\"><svg xmlns=\"http:\/\/www.w3.org\/2000\/svg\" viewBox=\"0 0 64 8\" preserveAspectRatio=\"none\" width=\"100%\" height=\"100%\">\r\n\t<path fill=\"currentColor\" d=\"M64 8 L0 8 L0 0 L20 7.9 L40 3 L48 5 L64 0 Z\"\/>\r\n<\/svg><\/div><div class=\"l-section-h i-cf\"><div class=\"g-cols vc_row via_flex valign_top type_default stacking_default\"><div class=\"vc_col-sm-1\/5 wpb_column vc_column_container\"><div class=\"vc_column-inner\"><div class=\"wpb_wrapper\"><\/div><\/div><\/div><div class=\"vc_col-sm-3\/5 wpb_column vc_column_container\"><div class=\"vc_column-inner\"><div class=\"wpb_wrapper\"><div class=\"wpb_text_column\"><div class=\"wpb_wrapper\"><h2>Perguntas frequentes sobre Jos\u00e9 Merc\u00e9 na Bienal 2026<\/h2>\n<\/div><\/div><div class=\"w-separator size_medium\"><\/div><div class=\"w-tabs accordion toggle_style_1 has_scrolling\" style=\"--sections-title-size:inherit;--sections-gap:0.5rem;\"><div class=\"w-tabs-sections titles-align_none icon_plus cpos_left\"><div class=\"w-tabs-section\" id=\"ga94\" itemscope itemprop=\"mainEntity\" itemtype=\"https:\/\/schema.org\/Question\"><button type=\"button\" class=\"w-tabs-section-header\" aria-controls=\"content-ga94\" aria-expanded=\"false\"><h3 class=\"w-tabs-section-title\" itemprop=\"name\">Quando atua Jos\u00e9 Merc\u00e9 na Bienal de Flamenco 2026?<\/h3><div class=\"w-tabs-section-control\"><\/div><\/button><div  class=\"w-tabs-section-content\" id=\"content-ga94\" itemscope itemprop=\"acceptedAnswer\" itemtype=\"https:\/\/schema.org\/Answer\"><div class=\"w-tabs-section-content-h i-cf\" itemprop=\"text\"><div class=\"wpb_text_column\"><div class=\"wpb_wrapper\"><p>Jos\u00e9 Merc\u00e9 apresenta <em>Toquen a rebato<\/em> no domingo, 20 de setembro de 2026, \u00e0s 20:00.<\/p>\n<\/div><\/div><\/div><\/div><\/div><div class=\"w-tabs-section\" id=\"wb9f\" itemscope itemprop=\"mainEntity\" itemtype=\"https:\/\/schema.org\/Question\"><button type=\"button\" class=\"w-tabs-section-header\" aria-controls=\"content-wb9f\" aria-expanded=\"false\"><h3 class=\"w-tabs-section-title\" itemprop=\"name\">Onde se realiza o espet\u00e1culo Toquen a rebato?<\/h3><div class=\"w-tabs-section-control\"><\/div><\/button><div  class=\"w-tabs-section-content\" id=\"content-wb9f\" itemscope itemprop=\"acceptedAnswer\" itemtype=\"https:\/\/schema.org\/Answer\"><div class=\"w-tabs-section-content-h i-cf\" itemprop=\"text\"><div class=\"wpb_text_column\"><div class=\"wpb_wrapper\"><p>O recital realiza-se no Teatro de la Maestranza, em Sevilha, um dos principais espa\u00e7os da XXIV Bienal de Flamenco.<\/p>\n<\/div><\/div><\/div><\/div><\/div><div class=\"w-tabs-section\" id=\"kc88\" itemscope itemprop=\"mainEntity\" itemtype=\"https:\/\/schema.org\/Question\"><button type=\"button\" class=\"w-tabs-section-header\" aria-controls=\"content-kc88\" aria-expanded=\"false\"><h3 class=\"w-tabs-section-title\" itemprop=\"name\">Que guitarristas acompanham Jos\u00e9 Merc\u00e9?<\/h3><div class=\"w-tabs-section-control\"><\/div><\/button><div  class=\"w-tabs-section-content\" id=\"content-kc88\" itemscope itemprop=\"acceptedAnswer\" itemtype=\"https:\/\/schema.org\/Answer\"><div class=\"w-tabs-section-content-h i-cf\" itemprop=\"text\"><div class=\"wpb_text_column\"><div class=\"wpb_wrapper\"><p>\u00c9 acompanhado por David de Arahal, Jos\u00e9 del Tomate e Manuel Cerpa, tr\u00eas jovens guitarristas de diferentes origens e percursos.<\/p>\n<\/div><\/div><\/div><\/div><\/div><div class=\"w-tabs-section\" id=\"zd64\" itemscope itemprop=\"mainEntity\" itemtype=\"https:\/\/schema.org\/Question\"><button type=\"button\" class=\"w-tabs-section-header\" aria-controls=\"content-zd64\" aria-expanded=\"false\"><h3 class=\"w-tabs-section-title\" itemprop=\"name\">O que significa o t\u00edtulo Toquen a rebato?<\/h3><div class=\"w-tabs-section-control\"><\/div><\/button><div  class=\"w-tabs-section-content\" id=\"content-zd64\" itemscope itemprop=\"acceptedAnswer\" itemtype=\"https:\/\/schema.org\/Answer\"><div class=\"w-tabs-section-content-h i-cf\" itemprop=\"text\"><div class=\"wpb_text_column\"><div class=\"wpb_wrapper\"><p>O t\u00edtulo remete para uma sole\u00e1 de Juanito Mojama e tamb\u00e9m para a express\u00e3o tradicional espanhola \u00abtocar a rebato\u00bb, um urgente toque de alarme. O espet\u00e1culo utiliza esta ideia como aviso simb\u00f3lico perante o risco de perder o cante e como gesto de transmiss\u00e3o para uma nova gera\u00e7\u00e3o.<\/p>\n<\/div><\/div><\/div><\/div><\/div><div class=\"w-tabs-section\" id=\"ce56\" itemscope itemprop=\"mainEntity\" itemtype=\"https:\/\/schema.org\/Question\"><button type=\"button\" class=\"w-tabs-section-header\" aria-controls=\"content-ce56\" aria-expanded=\"false\"><h3 class=\"w-tabs-section-title\" itemprop=\"name\">Que palos cantar\u00e1 Jos\u00e9 Merc\u00e9?<\/h3><div class=\"w-tabs-section-control\"><\/div><\/button><div  class=\"w-tabs-section-content\" id=\"content-ce56\" itemscope itemprop=\"acceptedAnswer\" itemtype=\"https:\/\/schema.org\/Answer\"><div class=\"w-tabs-section-content-h i-cf\" itemprop=\"text\"><div class=\"wpb_text_column\"><div class=\"wpb_wrapper\"><p>A Bienal n\u00e3o publica um repert\u00f3rio fechado, mas anuncia um percurso pelos palos que Merc\u00e9 melhor defende. Refere expressamente as buler\u00edas de Jerez, as alegr\u00edas e poss\u00edveis alus\u00f5es a alguns dos seus \u00eaxitos.<\/p>\n<\/div><\/div><\/div><\/div><\/div><div class=\"w-tabs-section\" id=\"df43\" itemscope itemprop=\"mainEntity\" itemtype=\"https:\/\/schema.org\/Question\"><button type=\"button\" class=\"w-tabs-section-header\" aria-controls=\"content-df43\" aria-expanded=\"false\"><h3 class=\"w-tabs-section-title\" itemprop=\"name\">\u00c9 uma nova produ\u00e7\u00e3o de Jos\u00e9 Merc\u00e9?<\/h3><div class=\"w-tabs-section-control\"><\/div><\/button><div  class=\"w-tabs-section-content\" id=\"content-df43\" itemscope itemprop=\"acceptedAnswer\" itemtype=\"https:\/\/schema.org\/Answer\"><div class=\"w-tabs-section-content-h i-cf\" itemprop=\"text\"><div class=\"wpb_text_column\"><div class=\"wpb_wrapper\"><p>A Bienal apresenta-a como uma Noite \u00danica. O conceito recupera a f\u00f3rmula do recital que Merc\u00e9 protagonizou no Maestranza em 2016 com tr\u00eas grandes guitarristas, mas desenvolve-a agora junto de uma nova gera\u00e7\u00e3o do toque flamenco.<\/p>\n<\/div><\/div><\/div><\/div><\/div><div class=\"w-tabs-section\" id=\"n02e\" itemscope itemprop=\"mainEntity\" itemtype=\"https:\/\/schema.org\/Question\"><button type=\"button\" class=\"w-tabs-section-header\" aria-controls=\"content-n02e\" aria-expanded=\"false\"><h3 class=\"w-tabs-section-title\" itemprop=\"name\">Jos\u00e9 Merc\u00e9 participa noutro espet\u00e1culo da Bienal 2026?<\/h3><div class=\"w-tabs-section-control\"><\/div><\/button><div  class=\"w-tabs-section-content\" id=\"content-n02e\" itemscope itemprop=\"acceptedAnswer\" itemtype=\"https:\/\/schema.org\/Answer\"><div class=\"w-tabs-section-content-h i-cf\" itemprop=\"text\"><div class=\"wpb_text_column\"><div class=\"wpb_wrapper\"><p>Sim. Participa tamb\u00e9m em <em>El mundo por montera<\/em>, a gala da XXIV Bienal marcada para 10 de setembro na Plaza de Toros de la Real Maestranza.<\/p>\n<\/div><\/div><\/div><\/div><\/div><\/div><\/div><\/div><\/div><\/div><div class=\"vc_col-sm-1\/5 wpb_column vc_column_container\"><div class=\"vc_column-inner\"><div class=\"wpb_wrapper\"><\/div><\/div><\/div><\/div><\/div><\/section><section class=\"l-section wpb_row height_huge\"><div class=\"l-section-h i-cf\"><div class=\"g-cols vc_row via_flex valign_top type_default stacking_default\"><div class=\"vc_col-sm-12 wpb_column vc_column_container\"><div class=\"vc_column-inner\"><div class=\"wpb_wrapper\"><div class=\"wpb_text_column\"><div class=\"wpb_wrapper\"><h2>Um toque entre mem\u00f3ria e futuro<\/h2>\n<p><em>Toquen a rebato<\/em> tem uma premissa simples, mas especialmente f\u00e9rtil para uma Bienal: colocar a experi\u00eancia de Jos\u00e9 Merc\u00e9 diante de tr\u00eas formas jovens de entender a guitarra. O recital olha para Juanito Mojama, para Jerez, para a pr\u00f3pria hist\u00f3ria de Merc\u00e9 e para aquela noite de 2016, mas evita que a homenagem se transforme em nostalgia.<\/p>\n<p>A chave est\u00e1 na transmiss\u00e3o. David de Arahal, Jos\u00e9 del Tomate e Manuel Cerpa n\u00e3o aparecem apenas como acompanhantes, mas como parte do argumento art\u00edstico. S\u00e3o \u00abos que v\u00eam a seguir\u00bb, enquanto Merc\u00e9 traz uma voz que j\u00e1 faz parte da mem\u00f3ria coletiva do flamenco.<\/p>\n<p>A 20 de setembro, o Teatro de la Maestranza ser\u00e1 o lugar onde estes dois tempos se encontrar\u00e3o. Se o toque de alarme avisa que o cante se pode perder, a pr\u00f3pria exist\u00eancia do espet\u00e1culo prop\u00f5e uma resposta: <strong>o cante continua quando \u00e9 ouvido, partilhado e volta a passar de umas m\u00e3os para outras<\/strong>.<\/p>\n<\/div><\/div><\/div><\/div><\/div><\/div><\/div><\/section><section class=\"l-section wpb_row height_huge color_alternate with_shape\"><div class=\"l-section-shape type_zigzag pos_top hor_flip\" style=\"height:3vmin;\"><svg xmlns=\"http:\/\/www.w3.org\/2000\/svg\" viewBox=\"0 0 64 8\" preserveAspectRatio=\"none\" width=\"100%\" height=\"100%\">\r\n\t<path fill=\"currentColor\" d=\"M64 8 L0 8 L0 0 L20 7.9 L40 3 L48 5 L64 0 Z\"\/>\r\n<\/svg><\/div><div class=\"l-section-shape type_zigzag pos_bottom\" style=\"height:3vmin;\"><svg xmlns=\"http:\/\/www.w3.org\/2000\/svg\" viewBox=\"0 0 64 8\" preserveAspectRatio=\"none\" width=\"100%\" height=\"100%\">\r\n\t<path fill=\"currentColor\" d=\"M64 8 L0 8 L0 0 L20 7.9 L40 3 L48 5 L64 0 Z\"\/>\r\n<\/svg><\/div><div class=\"l-section-h i-cf\"><div class=\"g-cols vc_row via_flex valign_top type_default stacking_default\"><div class=\"vc_col-sm-12 wpb_column vc_column_container\"><div class=\"vc_column-inner\"><div class=\"wpb_wrapper\"><div class=\"wpb_text_column\"><div class=\"wpb_wrapper\"><h2>Fontes consultadas<\/h2>\n<ul>\n<li><a href=\"https:\/\/www.labienal.com\/programa-general\/teatro-de-la-maestranza\/jose-merce\" target=\"_blank\" rel=\"noopener\">Bienal de Flamenco de Sevilha \u2014 Jos\u00e9 Merc\u00e9, <em>Toquen a rebato<\/em><\/a>.<\/li>\n<li><a href=\"https:\/\/www.labienal.com\/noticias\/la-bienal-viste-de-flamenco-al-teatro-de-la-maestranza\" target=\"_blank\" rel=\"noopener\">Bienal de Flamenco \u2014 programa\u00e7\u00e3o do Teatro de la Maestranza<\/a>.<\/li>\n<li><a href=\"https:\/\/www.labienal.com\/noticias\/la-bienal-presenta-26-noches-unicas-espectaculos-irrepetibles-que-solo-podran-vivirse-en-sevilla\" target=\"_blank\" rel=\"noopener\">Bienal de Flamenco \u2014 26 Noites \u00danicas de 2026<\/a>.<\/li>\n<li><a href=\"https:\/\/www.labienal.com\/noticias\/la-bienal-de-flamenco-situa-el-cante-en-el-corazon-de-su-xxiv-edicion-con-mas-de-un-centenar-de-voces\" target=\"_blank\" rel=\"noopener\">Bienal de Flamenco \u2014 o cante na XXIV edi\u00e7\u00e3o<\/a>.<\/li>\n<\/ul>\n<p><small>Informa\u00e7\u00e3o revista a 2 de setembro de 2026. Os hor\u00e1rios, a disponibilidade e as condi\u00e7\u00f5es de acesso podem mudar; consulte a informa\u00e7\u00e3o oficial antes de assistir.<\/small><\/p>\n<\/div><\/div><\/div><\/div><\/div><\/div><\/div><\/section>\n","protected":false},"excerpt":{"rendered":"<p>Jos\u00e9 Merc\u00e9 regressa \u00e0 Bienal de Flamenco de Sevilha a 20 de setembro de 2026 com Toquen a rebato, uma Noite \u00danica no Teatro de la Maestranza com David de Arahal, Jos\u00e9 del Tomate e Manuel Cerpa.<\/p>\n","protected":false},"author":1,"featured_media":14099,"comment_status":"closed","ping_status":"closed","sticky":false,"template":"","format":"standard","meta":{"_acf_changed":false,"wpai_generated_summary":"","_ayudawp_aiss_exclude":false,"_ayudawp_aiss_exclude_summary":false,"_ayudawp_aiss_summary":"","_ayudawp_aiss_summary_provider":"","_ayudawp_aiss_summary_hash":"","footnotes":""},"categories":[1430,375],"tags":[1256,1257,1889,1259,1890],"class_list":["post-14135","post","type-post","status-publish","format-standard","has-post-thumbnail","hentry","category-bienal-flamenco-sevilha","category-noticias-flamenco","tag-bienal-2026","tag-bienal-de-flamenco","tag-jose-merce-pt-pt","tag-sevilla","tag-toquen-a-rebato-pt-pt"],"acf":[],"yoast_head":"<!-- This site is optimized with the Yoast SEO Premium plugin v28.4 (Yoast SEO v28.4) - https:\/\/yoast.com\/product\/yoast-seo-premium-wordpress\/ -->\n<title>Jos\u00e9 Merc\u00e9 na Bienal 2026: Toquen a rebato<\/title>\n<meta name=\"description\" content=\"Jos\u00e9 Merc\u00e9 apresenta Toquen a rebato na Bienal de Flamenco 2026: data, Teatro de la Maestranza, guitarristas, repert\u00f3rio e chaves do espet\u00e1culo.\" \/>\n<meta name=\"robots\" content=\"index, follow, max-snippet:-1, max-image-preview:large, max-video-preview:-1\" \/>\n<link rel=\"canonical\" href=\"https:\/\/www.tablaosflamencos.com\/pt-pt\/jose-merce-bienal-flamenco-2026-toquen-a-rebato.html\" \/>\n<meta property=\"og:locale\" content=\"pt_PT\" \/>\n<meta property=\"og:type\" content=\"article\" \/>\n<meta property=\"og:title\" content=\"Jos\u00e9 Merc\u00e9 na Bienal de Flamenco 2026: Toquen a rebato\" \/>\n<meta property=\"og:description\" content=\"Jos\u00e9 Merc\u00e9 apresenta Toquen a rebato na Bienal de Flamenco 2026: data, Teatro de la Maestranza, guitarristas, repert\u00f3rio e chaves do espet\u00e1culo.\" \/>\n<meta property=\"og:url\" content=\"https:\/\/www.tablaosflamencos.com\/pt-pt\/jose-merce-bienal-flamenco-2026-toquen-a-rebato.html\" \/>\n<meta property=\"og:site_name\" content=\"Tablaos Flamencos\" \/>\n<meta property=\"article:publisher\" content=\"https:\/\/www.facebook.com\/tablaosflamencos\" \/>\n<meta property=\"article:published_time\" content=\"2026-09-02T22:15:18+00:00\" \/>\n<meta property=\"article:modified_time\" content=\"2026-09-02T23:30:57+00:00\" \/>\n<meta property=\"og:image\" content=\"https:\/\/www.tablaosflamencos.com\/wp-content\/uploads\/jose-merce-op-de-flamencobiennale-2026-toquen-a-rebato.webp\" \/>\n\t<meta property=\"og:image:width\" content=\"1672\" \/>\n\t<meta property=\"og:image:height\" content=\"941\" \/>\n\t<meta property=\"og:image:type\" content=\"image\/webp\" \/>\n<meta name=\"author\" content=\"Miguel Ortiz\" \/>\n<meta name=\"twitter:card\" content=\"summary_large_image\" \/>\n<meta name=\"twitter:creator\" content=\"@tablaosflamenco\" \/>\n<meta name=\"twitter:site\" content=\"@tablaosflamenco\" \/>\n<meta name=\"twitter:label1\" content=\"Escrito por\" \/>\n\t<meta name=\"twitter:data1\" content=\"Miguel Ortiz\" \/>\n\t<meta name=\"twitter:label2\" content=\"Tempo estimado de leitura\" \/>\n\t<meta name=\"twitter:data2\" content=\"16 minutos\" \/>\n<script type=\"application\/ld+json\" class=\"yoast-schema-graph\">{\"@context\":\"https:\\\/\\\/schema.org\",\"@graph\":[{\"@type\":\"Article\",\"@id\":\"https:\\\/\\\/www.tablaosflamencos.com\\\/pt-pt\\\/jose-merce-bienal-flamenco-2026-toquen-a-rebato.html#article\",\"isPartOf\":{\"@id\":\"https:\\\/\\\/www.tablaosflamencos.com\\\/pt-pt\\\/jose-merce-bienal-flamenco-2026-toquen-a-rebato.html\"},\"author\":{\"name\":\"Miguel Ortiz\",\"@id\":\"https:\\\/\\\/www.tablaosflamencos.com\\\/pt-pt#\\\/schema\\\/person\\\/e7a9ebe14eb75a52ceabfbffb3c54f5d\"},\"headline\":\"Jos\u00e9 Merc\u00e9 na Bienal de Flamenco 2026: Toquen a rebato\",\"datePublished\":\"2026-09-02T22:15:18+00:00\",\"dateModified\":\"2026-09-02T23:30:57+00:00\",\"mainEntityOfPage\":{\"@id\":\"https:\\\/\\\/www.tablaosflamencos.com\\\/pt-pt\\\/jose-merce-bienal-flamenco-2026-toquen-a-rebato.html\"},\"wordCount\":3142,\"publisher\":{\"@id\":\"https:\\\/\\\/www.tablaosflamencos.com\\\/pt-pt#organization\"},\"image\":{\"@id\":\"https:\\\/\\\/www.tablaosflamencos.com\\\/pt-pt\\\/jose-merce-bienal-flamenco-2026-toquen-a-rebato.html#primaryimage\"},\"thumbnailUrl\":\"https:\\\/\\\/www.tablaosflamencos.com\\\/wp-content\\\/uploads\\\/jose-merce-op-de-flamencobiennale-2026-toquen-a-rebato.webp\",\"keywords\":[\"Bienal 2026\",\"Bienal de Flamenco\",\"Jos\u00e9 Merc\u00e9\",\"sevilla\",\"Toquen a rebato\"],\"articleSection\":[\"Bienal de Flamenco de Sevilha\",\"Not\u00edcias \\\/ Atualidade\"],\"inLanguage\":\"pt-PT\"},{\"@type\":\"WebPage\",\"@id\":\"https:\\\/\\\/www.tablaosflamencos.com\\\/pt-pt\\\/jose-merce-bienal-flamenco-2026-toquen-a-rebato.html\",\"url\":\"https:\\\/\\\/www.tablaosflamencos.com\\\/pt-pt\\\/jose-merce-bienal-flamenco-2026-toquen-a-rebato.html\",\"name\":\"Jos\u00e9 Merc\u00e9 na Bienal 2026: Toquen a rebato\",\"isPartOf\":{\"@id\":\"https:\\\/\\\/www.tablaosflamencos.com\\\/pt-pt#website\"},\"primaryImageOfPage\":{\"@id\":\"https:\\\/\\\/www.tablaosflamencos.com\\\/pt-pt\\\/jose-merce-bienal-flamenco-2026-toquen-a-rebato.html#primaryimage\"},\"image\":{\"@id\":\"https:\\\/\\\/www.tablaosflamencos.com\\\/pt-pt\\\/jose-merce-bienal-flamenco-2026-toquen-a-rebato.html#primaryimage\"},\"thumbnailUrl\":\"https:\\\/\\\/www.tablaosflamencos.com\\\/wp-content\\\/uploads\\\/jose-merce-op-de-flamencobiennale-2026-toquen-a-rebato.webp\",\"datePublished\":\"2026-09-02T22:15:18+00:00\",\"dateModified\":\"2026-09-02T23:30:57+00:00\",\"description\":\"Jos\u00e9 Merc\u00e9 apresenta Toquen a rebato na Bienal de Flamenco 2026: data, Teatro de la Maestranza, guitarristas, repert\u00f3rio e chaves do espet\u00e1culo.\",\"breadcrumb\":{\"@id\":\"https:\\\/\\\/www.tablaosflamencos.com\\\/pt-pt\\\/jose-merce-bienal-flamenco-2026-toquen-a-rebato.html#breadcrumb\"},\"inLanguage\":\"pt-PT\",\"potentialAction\":[{\"@type\":\"ReadAction\",\"target\":[\"https:\\\/\\\/www.tablaosflamencos.com\\\/pt-pt\\\/jose-merce-bienal-flamenco-2026-toquen-a-rebato.html\"]}]},{\"@type\":\"ImageObject\",\"inLanguage\":\"pt-PT\",\"@id\":\"https:\\\/\\\/www.tablaosflamencos.com\\\/pt-pt\\\/jose-merce-bienal-flamenco-2026-toquen-a-rebato.html#primaryimage\",\"url\":\"https:\\\/\\\/www.tablaosflamencos.com\\\/wp-content\\\/uploads\\\/jose-merce-op-de-flamencobiennale-2026-toquen-a-rebato.webp\",\"contentUrl\":\"https:\\\/\\\/www.tablaosflamencos.com\\\/wp-content\\\/uploads\\\/jose-merce-op-de-flamencobiennale-2026-toquen-a-rebato.webp\",\"width\":1672,\"height\":941,\"caption\":\"Jos\u00e9 Merc\u00e9 en la Bienal de Flamenco 2026: Toquen a rebato\"},{\"@type\":\"BreadcrumbList\",\"@id\":\"https:\\\/\\\/www.tablaosflamencos.com\\\/pt-pt\\\/jose-merce-bienal-flamenco-2026-toquen-a-rebato.html#breadcrumb\",\"itemListElement\":[{\"@type\":\"ListItem\",\"position\":1,\"name\":\"Home\",\"item\":\"https:\\\/\\\/www.tablaosflamencos.com\\\/pt-pt\"},{\"@type\":\"ListItem\",\"position\":2,\"name\":\"Jos\u00e9 Merc\u00e9 na Bienal de Flamenco 2026: Toquen a rebato\"}]},{\"@type\":\"WebSite\",\"@id\":\"https:\\\/\\\/www.tablaosflamencos.com\\\/pt-pt#website\",\"url\":\"https:\\\/\\\/www.tablaosflamencos.com\\\/pt-pt\",\"name\":\"Tablaos Flamencos\",\"description\":\"Entradas para tablaos flamencos de Espa\u00f1a\",\"publisher\":{\"@id\":\"https:\\\/\\\/www.tablaosflamencos.com\\\/pt-pt#organization\"},\"alternateName\":\"Tablaos Flamencos\",\"potentialAction\":[{\"@type\":\"SearchAction\",\"target\":{\"@type\":\"EntryPoint\",\"urlTemplate\":\"https:\\\/\\\/www.tablaosflamencos.com\\\/pt-pt?s={search_term_string}\"},\"query-input\":{\"@type\":\"PropertyValueSpecification\",\"valueRequired\":true,\"valueName\":\"search_term_string\"}}],\"inLanguage\":\"pt-PT\"},{\"@type\":[\"Organization\",\"Place\",\"EntertainmentBusiness\"],\"@id\":\"https:\\\/\\\/www.tablaosflamencos.com\\\/pt-pt#organization\",\"name\":\"Tablaos Flamencos\",\"alternateName\":\"Tablaos Flamencos\",\"url\":\"https:\\\/\\\/www.tablaosflamencos.com\\\/pt-pt\",\"logo\":{\"@id\":\"https:\\\/\\\/www.tablaosflamencos.com\\\/pt-pt\\\/jose-merce-bienal-flamenco-2026-toquen-a-rebato.html#local-main-organization-logo\"},\"image\":{\"@id\":\"https:\\\/\\\/www.tablaosflamencos.com\\\/pt-pt\\\/jose-merce-bienal-flamenco-2026-toquen-a-rebato.html#local-main-organization-logo\"},\"sameAs\":[\"https:\\\/\\\/www.facebook.com\\\/tablaosflamencos\",\"https:\\\/\\\/x.com\\\/tablaosflamenco\",\"https:\\\/\\\/mastodon.social\\\/@tablaosflamencos\",\"https:\\\/\\\/www.instagram.com\\\/tablaosflamencos\",\"https:\\\/\\\/tiktok.com\\\/@tablaosflamencos\",\"https:\\\/\\\/www.linkedin.com\\\/company\\\/109408238\\\/\"],\"description\":\"Venta de entradas para espect\u00e1culos flamencos\",\"legalName\":\"Tablaos Flamencos\",\"foundingDate\":\"2015-01-01\",\"numberOfEmployees\":{\"@type\":\"QuantitativeValue\",\"minValue\":\"1\",\"maxValue\":\"10\"},\"address\":{\"@id\":\"https:\\\/\\\/www.tablaosflamencos.com\\\/pt-pt\\\/jose-merce-bienal-flamenco-2026-toquen-a-rebato.html#local-main-place-address\"},\"geo\":{\"@type\":\"GeoCoordinates\",\"latitude\":\"37.3868072\",\"longitude\":\"-5.993280299999999\"},\"telephone\":[\"+34623787787\"],\"contactPoint\":{\"@type\":\"ContactPoint\",\"telephone\":\"+34623787787\",\"email\":\"info@tablaosflamencos.com\"},\"openingHoursSpecification\":{\"@type\":\"OpeningHoursSpecification\",\"dayOfWeek\":[\"Monday\",\"Tuesday\",\"Wednesday\",\"Thursday\",\"Friday\",\"Saturday\",\"Sunday\"],\"opens\":\"00:00\",\"closes\":\"23:59\"},\"email\":\"info@tablaosflamencos.com\",\"priceRange\":\"$$$\",\"currenciesAccepted\":\"\u20ac\"},{\"@type\":\"Person\",\"@id\":\"https:\\\/\\\/www.tablaosflamencos.com\\\/pt-pt#\\\/schema\\\/person\\\/e7a9ebe14eb75a52ceabfbffb3c54f5d\",\"name\":\"Miguel Ortiz\",\"description\":\"Miguel Ortiz es un empresario flamenco, con una s\u00f3lida trayectoria dentro del sector. Ha presidido entidades culturales vinculadas al flamenco y, cuenta con un amplio recorrido profesional en la gesti\u00f3n y promoci\u00f3n de espect\u00e1culos y tablaos flamencos. Su pasi\u00f3n por la historia y el arte flamenco se refleja en cada art\u00edculo, donde combina experiencia, criterio y un profundo respeto por la tradici\u00f3n.\",\"sameAs\":[\"https:\\\/\\\/www.tablaosflamencos.com\",\"https:\\\/\\\/www.instagra.com\\\/miguelortizfe\",\"https:\\\/\\\/www.linkedin.com\\\/in\\\/miguelortizf\\\/\"],\"birthDate\":\"1984-11-22\",\"gender\":\"hombre\",\"knowsLanguage\":[\"espa\u00f1ol\",\"ingl\u00e9s\"],\"jobTitle\":\"Empresario flamenco\"},{\"@type\":\"PostalAddress\",\"@id\":\"https:\\\/\\\/www.tablaosflamencos.com\\\/pt-pt\\\/jose-merce-bienal-flamenco-2026-toquen-a-rebato.html#local-main-place-address\",\"streetAddress\":\"C\\\/ Alemanes, 19\",\"addressLocality\":\"Sevilla\",\"postalCode\":\"41004\",\"addressRegion\":\"Sevilla\",\"addressCountry\":\"ES\"},{\"@type\":\"ImageObject\",\"inLanguage\":\"pt-PT\",\"@id\":\"https:\\\/\\\/www.tablaosflamencos.com\\\/pt-pt\\\/jose-merce-bienal-flamenco-2026-toquen-a-rebato.html#local-main-organization-logo\",\"url\":\"https:\\\/\\\/www.tablaosflamencos.com\\\/wp-content\\\/uploads\\\/tablaos-flamencos-06-3.webp\",\"contentUrl\":\"https:\\\/\\\/www.tablaosflamencos.com\\\/wp-content\\\/uploads\\\/tablaos-flamencos-06-3.webp\",\"width\":600,\"height\":620,\"caption\":\"Tablaos Flamencos\"}]}<\/script>\n<meta name=\"geo.placename\" content=\"Sevilla\" \/>\n<meta name=\"geo.position\" content=\"37.3868072;-5.993280299999999\" \/>\n<meta name=\"geo.region\" content=\"Espanha\" \/>\n<!-- \/ Yoast SEO Premium plugin. -->","yoast_head_json":{"title":"Jos\u00e9 Merc\u00e9 na Bienal 2026: Toquen a rebato","description":"Jos\u00e9 Merc\u00e9 apresenta Toquen a rebato na Bienal de Flamenco 2026: data, Teatro de la Maestranza, guitarristas, repert\u00f3rio e chaves do espet\u00e1culo.","robots":{"index":"index","follow":"follow","max-snippet":"max-snippet:-1","max-image-preview":"max-image-preview:large","max-video-preview":"max-video-preview:-1"},"canonical":"https:\/\/www.tablaosflamencos.com\/pt-pt\/jose-merce-bienal-flamenco-2026-toquen-a-rebato.html","og_locale":"pt_PT","og_type":"article","og_title":"Jos\u00e9 Merc\u00e9 na Bienal de Flamenco 2026: Toquen a rebato","og_description":"Jos\u00e9 Merc\u00e9 apresenta Toquen a rebato na Bienal de Flamenco 2026: data, Teatro de la Maestranza, guitarristas, repert\u00f3rio e chaves do espet\u00e1culo.","og_url":"https:\/\/www.tablaosflamencos.com\/pt-pt\/jose-merce-bienal-flamenco-2026-toquen-a-rebato.html","og_site_name":"Tablaos Flamencos","article_publisher":"https:\/\/www.facebook.com\/tablaosflamencos","article_published_time":"2026-09-02T22:15:18+00:00","article_modified_time":"2026-09-02T23:30:57+00:00","og_image":[{"width":1672,"height":941,"url":"https:\/\/www.tablaosflamencos.com\/wp-content\/uploads\/jose-merce-op-de-flamencobiennale-2026-toquen-a-rebato.webp","type":"image\/webp"}],"author":"Miguel Ortiz","twitter_card":"summary_large_image","twitter_creator":"@tablaosflamenco","twitter_site":"@tablaosflamenco","twitter_misc":{"Escrito por":"Miguel Ortiz","Tempo estimado de leitura":"16 minutos"},"schema":{"@context":"https:\/\/schema.org","@graph":[{"@type":"Article","@id":"https:\/\/www.tablaosflamencos.com\/pt-pt\/jose-merce-bienal-flamenco-2026-toquen-a-rebato.html#article","isPartOf":{"@id":"https:\/\/www.tablaosflamencos.com\/pt-pt\/jose-merce-bienal-flamenco-2026-toquen-a-rebato.html"},"author":{"name":"Miguel Ortiz","@id":"https:\/\/www.tablaosflamencos.com\/pt-pt#\/schema\/person\/e7a9ebe14eb75a52ceabfbffb3c54f5d"},"headline":"Jos\u00e9 Merc\u00e9 na Bienal de Flamenco 2026: Toquen a rebato","datePublished":"2026-09-02T22:15:18+00:00","dateModified":"2026-09-02T23:30:57+00:00","mainEntityOfPage":{"@id":"https:\/\/www.tablaosflamencos.com\/pt-pt\/jose-merce-bienal-flamenco-2026-toquen-a-rebato.html"},"wordCount":3142,"publisher":{"@id":"https:\/\/www.tablaosflamencos.com\/pt-pt#organization"},"image":{"@id":"https:\/\/www.tablaosflamencos.com\/pt-pt\/jose-merce-bienal-flamenco-2026-toquen-a-rebato.html#primaryimage"},"thumbnailUrl":"https:\/\/www.tablaosflamencos.com\/wp-content\/uploads\/jose-merce-op-de-flamencobiennale-2026-toquen-a-rebato.webp","keywords":["Bienal 2026","Bienal de Flamenco","Jos\u00e9 Merc\u00e9","sevilla","Toquen a rebato"],"articleSection":["Bienal de Flamenco de Sevilha","Not\u00edcias \/ Atualidade"],"inLanguage":"pt-PT"},{"@type":"WebPage","@id":"https:\/\/www.tablaosflamencos.com\/pt-pt\/jose-merce-bienal-flamenco-2026-toquen-a-rebato.html","url":"https:\/\/www.tablaosflamencos.com\/pt-pt\/jose-merce-bienal-flamenco-2026-toquen-a-rebato.html","name":"Jos\u00e9 Merc\u00e9 na Bienal 2026: Toquen a rebato","isPartOf":{"@id":"https:\/\/www.tablaosflamencos.com\/pt-pt#website"},"primaryImageOfPage":{"@id":"https:\/\/www.tablaosflamencos.com\/pt-pt\/jose-merce-bienal-flamenco-2026-toquen-a-rebato.html#primaryimage"},"image":{"@id":"https:\/\/www.tablaosflamencos.com\/pt-pt\/jose-merce-bienal-flamenco-2026-toquen-a-rebato.html#primaryimage"},"thumbnailUrl":"https:\/\/www.tablaosflamencos.com\/wp-content\/uploads\/jose-merce-op-de-flamencobiennale-2026-toquen-a-rebato.webp","datePublished":"2026-09-02T22:15:18+00:00","dateModified":"2026-09-02T23:30:57+00:00","description":"Jos\u00e9 Merc\u00e9 apresenta Toquen a rebato na Bienal de Flamenco 2026: data, Teatro de la Maestranza, guitarristas, repert\u00f3rio e chaves do espet\u00e1culo.","breadcrumb":{"@id":"https:\/\/www.tablaosflamencos.com\/pt-pt\/jose-merce-bienal-flamenco-2026-toquen-a-rebato.html#breadcrumb"},"inLanguage":"pt-PT","potentialAction":[{"@type":"ReadAction","target":["https:\/\/www.tablaosflamencos.com\/pt-pt\/jose-merce-bienal-flamenco-2026-toquen-a-rebato.html"]}]},{"@type":"ImageObject","inLanguage":"pt-PT","@id":"https:\/\/www.tablaosflamencos.com\/pt-pt\/jose-merce-bienal-flamenco-2026-toquen-a-rebato.html#primaryimage","url":"https:\/\/www.tablaosflamencos.com\/wp-content\/uploads\/jose-merce-op-de-flamencobiennale-2026-toquen-a-rebato.webp","contentUrl":"https:\/\/www.tablaosflamencos.com\/wp-content\/uploads\/jose-merce-op-de-flamencobiennale-2026-toquen-a-rebato.webp","width":1672,"height":941,"caption":"Jos\u00e9 Merc\u00e9 en la Bienal de Flamenco 2026: Toquen a rebato"},{"@type":"BreadcrumbList","@id":"https:\/\/www.tablaosflamencos.com\/pt-pt\/jose-merce-bienal-flamenco-2026-toquen-a-rebato.html#breadcrumb","itemListElement":[{"@type":"ListItem","position":1,"name":"Home","item":"https:\/\/www.tablaosflamencos.com\/pt-pt"},{"@type":"ListItem","position":2,"name":"Jos\u00e9 Merc\u00e9 na Bienal de Flamenco 2026: Toquen a rebato"}]},{"@type":"WebSite","@id":"https:\/\/www.tablaosflamencos.com\/pt-pt#website","url":"https:\/\/www.tablaosflamencos.com\/pt-pt","name":"Tablaos Flamencos","description":"Entradas para tablaos flamencos de Espa\u00f1a","publisher":{"@id":"https:\/\/www.tablaosflamencos.com\/pt-pt#organization"},"alternateName":"Tablaos Flamencos","potentialAction":[{"@type":"SearchAction","target":{"@type":"EntryPoint","urlTemplate":"https:\/\/www.tablaosflamencos.com\/pt-pt?s={search_term_string}"},"query-input":{"@type":"PropertyValueSpecification","valueRequired":true,"valueName":"search_term_string"}}],"inLanguage":"pt-PT"},{"@type":["Organization","Place","EntertainmentBusiness"],"@id":"https:\/\/www.tablaosflamencos.com\/pt-pt#organization","name":"Tablaos Flamencos","alternateName":"Tablaos Flamencos","url":"https:\/\/www.tablaosflamencos.com\/pt-pt","logo":{"@id":"https:\/\/www.tablaosflamencos.com\/pt-pt\/jose-merce-bienal-flamenco-2026-toquen-a-rebato.html#local-main-organization-logo"},"image":{"@id":"https:\/\/www.tablaosflamencos.com\/pt-pt\/jose-merce-bienal-flamenco-2026-toquen-a-rebato.html#local-main-organization-logo"},"sameAs":["https:\/\/www.facebook.com\/tablaosflamencos","https:\/\/x.com\/tablaosflamenco","https:\/\/mastodon.social\/@tablaosflamencos","https:\/\/www.instagram.com\/tablaosflamencos","https:\/\/tiktok.com\/@tablaosflamencos","https:\/\/www.linkedin.com\/company\/109408238\/"],"description":"Venta de entradas para espect\u00e1culos flamencos","legalName":"Tablaos Flamencos","foundingDate":"2015-01-01","numberOfEmployees":{"@type":"QuantitativeValue","minValue":"1","maxValue":"10"},"address":{"@id":"https:\/\/www.tablaosflamencos.com\/pt-pt\/jose-merce-bienal-flamenco-2026-toquen-a-rebato.html#local-main-place-address"},"geo":{"@type":"GeoCoordinates","latitude":"37.3868072","longitude":"-5.993280299999999"},"telephone":["+34623787787"],"contactPoint":{"@type":"ContactPoint","telephone":"+34623787787","email":"info@tablaosflamencos.com"},"openingHoursSpecification":{"@type":"OpeningHoursSpecification","dayOfWeek":["Monday","Tuesday","Wednesday","Thursday","Friday","Saturday","Sunday"],"opens":"00:00","closes":"23:59"},"email":"info@tablaosflamencos.com","priceRange":"$$$","currenciesAccepted":"\u20ac"},{"@type":"Person","@id":"https:\/\/www.tablaosflamencos.com\/pt-pt#\/schema\/person\/e7a9ebe14eb75a52ceabfbffb3c54f5d","name":"Miguel Ortiz","description":"Miguel Ortiz es un empresario flamenco, con una s\u00f3lida trayectoria dentro del sector. Ha presidido entidades culturales vinculadas al flamenco y, cuenta con un amplio recorrido profesional en la gesti\u00f3n y promoci\u00f3n de espect\u00e1culos y tablaos flamencos. Su pasi\u00f3n por la historia y el arte flamenco se refleja en cada art\u00edculo, donde combina experiencia, criterio y un profundo respeto por la tradici\u00f3n.","sameAs":["https:\/\/www.tablaosflamencos.com","https:\/\/www.instagra.com\/miguelortizfe","https:\/\/www.linkedin.com\/in\/miguelortizf\/"],"birthDate":"1984-11-22","gender":"hombre","knowsLanguage":["espa\u00f1ol","ingl\u00e9s"],"jobTitle":"Empresario flamenco"},{"@type":"PostalAddress","@id":"https:\/\/www.tablaosflamencos.com\/pt-pt\/jose-merce-bienal-flamenco-2026-toquen-a-rebato.html#local-main-place-address","streetAddress":"C\/ Alemanes, 19","addressLocality":"Sevilla","postalCode":"41004","addressRegion":"Sevilla","addressCountry":"ES"},{"@type":"ImageObject","inLanguage":"pt-PT","@id":"https:\/\/www.tablaosflamencos.com\/pt-pt\/jose-merce-bienal-flamenco-2026-toquen-a-rebato.html#local-main-organization-logo","url":"https:\/\/www.tablaosflamencos.com\/wp-content\/uploads\/tablaos-flamencos-06-3.webp","contentUrl":"https:\/\/www.tablaosflamencos.com\/wp-content\/uploads\/tablaos-flamencos-06-3.webp","width":600,"height":620,"caption":"Tablaos Flamencos"}]},"geo.placename":"Sevilla","geo.position":{"lat":"37.3868072","long":"-5.993280299999999"},"geo.region":"Espanha"},"_links":{"self":[{"href":"https:\/\/www.tablaosflamencos.com\/pt-pt\/wp-json\/wp\/v2\/posts\/14135","targetHints":{"allow":["GET"]}}],"collection":[{"href":"https:\/\/www.tablaosflamencos.com\/pt-pt\/wp-json\/wp\/v2\/posts"}],"about":[{"href":"https:\/\/www.tablaosflamencos.com\/pt-pt\/wp-json\/wp\/v2\/types\/post"}],"author":[{"embeddable":true,"href":"https:\/\/www.tablaosflamencos.com\/pt-pt\/wp-json\/wp\/v2\/users\/1"}],"replies":[{"embeddable":true,"href":"https:\/\/www.tablaosflamencos.com\/pt-pt\/wp-json\/wp\/v2\/comments?post=14135"}],"version-history":[{"count":2,"href":"https:\/\/www.tablaosflamencos.com\/pt-pt\/wp-json\/wp\/v2\/posts\/14135\/revisions"}],"predecessor-version":[{"id":14167,"href":"https:\/\/www.tablaosflamencos.com\/pt-pt\/wp-json\/wp\/v2\/posts\/14135\/revisions\/14167"}],"wp:featuredmedia":[{"embeddable":true,"href":"https:\/\/www.tablaosflamencos.com\/pt-pt\/wp-json\/wp\/v2\/media\/14099"}],"wp:attachment":[{"href":"https:\/\/www.tablaosflamencos.com\/pt-pt\/wp-json\/wp\/v2\/media?parent=14135"}],"wp:term":[{"taxonomy":"category","embeddable":true,"href":"https:\/\/www.tablaosflamencos.com\/pt-pt\/wp-json\/wp\/v2\/categories?post=14135"},{"taxonomy":"post_tag","embeddable":true,"href":"https:\/\/www.tablaosflamencos.com\/pt-pt\/wp-json\/wp\/v2\/tags?post=14135"}],"curies":[{"name":"wp","href":"https:\/\/api.w.org\/{rel}","templated":true}]}}