{"id":14110,"date":"2026-09-03T01:13:43","date_gmt":"2026-09-02T23:13:43","guid":{"rendered":"https:\/\/www.tablaosflamencos.com\/?p=14110"},"modified":"2026-09-03T01:33:04","modified_gmt":"2026-09-02T23:33:04","slug":"carmen-linares-bienal-flamenco-sevilha-2026-perlas-a-millares","status":"publish","type":"post","link":"https:\/\/www.tablaosflamencos.com\/pt-pt\/carmen-linares-bienal-flamenco-sevilha-2026-perlas-a-millares.html","title":{"rendered":"Carmen Linares encerrar\u00e1 a Bienal 2026: Perlas a millares"},"content":{"rendered":"<section class=\"l-section wpb_row height_huge\"><div class=\"l-section-h i-cf\"><div class=\"g-cols vc_row via_flex valign_top type_default stacking_default\"><div class=\"vc_col-sm-6 wpb_column vc_column_container\"><div class=\"vc_column-inner\"><div class=\"wpb_wrapper\"><div class=\"wpb_text_column\"><div class=\"wpb_wrapper\"><h2>Um encerramento constru\u00eddo em torno de uma obra hist\u00f3rica<\/h2>\n<p>A <strong>XXIV Bienal de Flamenco de Sevilha<\/strong> encerrar\u00e1 no dia <strong>3 de outubro de 2026<\/strong> com um dos seus encontros de maior peso simb\u00f3lico. <strong>Carmen Linares<\/strong> chegar\u00e1 ao <strong>Teatro de la Maestranza<\/strong> com <em>Perlas a millares<\/em>, um espet\u00e1culo concebido para celebrar os <strong>30 anos de <em>Antolog\u00eda de la mujer en el cante<\/em><\/strong>, o disco que em 1996 marcou um antes e um depois na sua carreira.<\/p>\n<p>N\u00e3o ser\u00e1 apenas mais uma fun\u00e7\u00e3o no calend\u00e1rio. A organiza\u00e7\u00e3o apresenta-a como uma <strong>Noite \u00danica<\/strong> e como o encerramento oficial de uma edi\u00e7\u00e3o que come\u00e7ou a 9 de setembro e que durante quase um m\u00eas ter\u00e1 levado cante, baile e guitarra a teatros, monumentos, p\u00e1tios e espa\u00e7os patrimoniais de Sevilha.<\/p>\n<p>Carmen Linares n\u00e3o estar\u00e1 sozinha. Partilhar\u00e1 o palco com <strong>Marina Heredia, Mar\u00eda Terremoto e Roc\u00edo Luna<\/strong> no cante, e com <strong>Rafaela Carrasco<\/strong> no baile, numa proposta que olha para a mem\u00f3ria do flamenco feminino e, ao mesmo tempo, para v\u00e1rias gera\u00e7\u00f5es que hoje continuam esse legado.<\/p>\n<\/div><\/div><\/div><\/div><\/div><div class=\"vc_col-sm-6 wpb_column vc_column_container\"><div class=\"vc_column-inner\"><div class=\"wpb_wrapper\"><div class=\"wpb_text_column\"><div class=\"wpb_wrapper\"><h3>Dados essenciais<\/h3>\n<ul>\n<li><strong>Espet\u00e1culo:<\/strong> <em>Perlas a millares<\/em><\/li>\n<li><strong>Data:<\/strong> 3 de outubro de 2026<\/li>\n<li><strong>Hora:<\/strong> 20:00<\/li>\n<li><strong>Local:<\/strong> Teatro de la Maestranza<\/li>\n<li><strong>Formato:<\/strong> Noite \u00danica<\/li>\n<li><strong>Motivo:<\/strong> 30.\u00ba anivers\u00e1rio de <em>Antolog\u00eda de la mujer en el cante<\/em><\/li>\n<\/ul>\n<\/div><\/div><\/div><\/div><\/div><\/div><\/div><\/section><section class=\"l-section wpb_row height_huge color_alternate with_shape\"><div class=\"l-section-shape type_zigzag pos_top\" style=\"height:3vmin;\"><svg xmlns=\"http:\/\/www.w3.org\/2000\/svg\" viewBox=\"0 0 64 8\" preserveAspectRatio=\"none\" width=\"100%\" height=\"100%\">\r\n\t<path fill=\"currentColor\" d=\"M64 8 L0 8 L0 0 L20 7.9 L40 3 L48 5 L64 0 Z\"\/>\r\n<\/svg><\/div><div class=\"l-section-shape type_zigzag pos_bottom\" style=\"height:3vmin;\"><svg xmlns=\"http:\/\/www.w3.org\/2000\/svg\" viewBox=\"0 0 64 8\" preserveAspectRatio=\"none\" width=\"100%\" height=\"100%\">\r\n\t<path fill=\"currentColor\" d=\"M64 8 L0 8 L0 0 L20 7.9 L40 3 L48 5 L64 0 Z\"\/>\r\n<\/svg><\/div><div class=\"l-section-h i-cf\"><div class=\"g-cols vc_row via_flex valign_top type_default stacking_default\"><div class=\"vc_col-sm-12 wpb_column vc_column_container\"><div class=\"vc_column-inner\"><div class=\"wpb_wrapper\"><div class=\"wpb_text_column\"><div class=\"wpb_wrapper\"><blockquote>\n<p><strong>Resposta r\u00e1pida:<\/strong> Carmen Linares encerrar\u00e1 a Bienal de Flamenco de Sevilha 2026 no s\u00e1bado, 3 de outubro, \u00e0s 20:00, no Teatro de la Maestranza, com <em>Perlas a millares<\/em>, acompanhada por Marina Heredia, Mar\u00eda Terremoto, Roc\u00edo Luna e Rafaela Carrasco. O espet\u00e1culo celebra os 30 anos de <em>Antolog\u00eda de la mujer en el cante<\/em>, um dos trabalhos fundamentais da sua carreira.<\/p>\n<\/blockquote>\n<p><strong>\u00daltima atualiza\u00e7\u00e3o: 2 de setembro de 2026.<\/strong> A disponibilidade de lugares e alguns detalhes da produ\u00e7\u00e3o podem mudar. Consulte sempre a informa\u00e7\u00e3o oficial.<\/p>\n<\/div><\/div><div class=\"w-separator size_medium\"><\/div><div class=\"w-hwrapper valign_top wrap stack_on_mobiles align_center\" style=\"--hwrapper-gap:1.2rem\"><div class=\"w-btn-wrapper align_none\"><a class=\"w-btn us-btn-style_1\" href=\"https:\/\/www.tablaosflamencos.com\/pt-pt\/bienal-flamenco-sevilha-2026.html\"><span class=\"w-btn-label\">Guia completa da Bienal 2026<\/span><\/a><\/div><div class=\"w-btn-wrapper align_none\"><a class=\"w-btn us-btn-style_1\" href=\"https:\/\/www.tablaosflamencos.com\/pt-pt\/noites-unicas-bienal-flamenco-sevilha-2026.html\"><span class=\"w-btn-label\">Noites \u00danicas da Bienal<\/span><\/a><\/div><\/div><\/div><\/div><\/div><\/div><\/div><\/section><section class=\"l-section wpb_row height_huge\"><div class=\"l-section-h i-cf\"><div class=\"g-cols vc_row via_flex valign_top type_default stacking_default\"><div class=\"vc_col-sm-3 wpb_column vc_column_container\"><div class=\"vc_column-inner\"><div class=\"wpb_wrapper\"><\/div><\/div><\/div><div class=\"vc_col-sm-6 wpb_column vc_column_container\"><div class=\"vc_column-inner\"><div class=\"wpb_wrapper\"><div class=\"wpb_text_column\"><div class=\"wpb_wrapper\"><h2>Conte\u00fado deste guia<\/h2>\n<ul>\n<li><a href=\"#clausura\">Porque este encerramento tem um significado especial<\/a><\/li>\n<li><a href=\"#antologia\">30 anos de <em>Antolog\u00eda de la mujer en el cante<\/em><\/a><\/li>\n<li><a href=\"#artistas\">As artistas convidadas<\/a><\/li>\n<li><a href=\"#programa\">O que ser\u00e1 cantado em <em>Perlas a millares<\/em><\/a><\/li>\n<li><a href=\"#equipo\">Equipa art\u00edstica e musical<\/a><\/li>\n<li><a href=\"#maestranza\">O Teatro de la Maestranza como palco do encerramento<\/a><\/li>\n<li><a href=\"#entradas\">Bilhetes e conselhos pr\u00e1ticos<\/a><\/li>\n<li><a href=\"#faq\">Perguntas frequentes<\/a><\/li>\n<\/ul>\n<\/div><\/div><\/div><\/div><\/div><div class=\"vc_col-sm-3 wpb_column vc_column_container\"><div class=\"vc_column-inner\"><div class=\"wpb_wrapper\"><\/div><\/div><\/div><\/div><\/div><\/section><section class=\"l-section wpb_row height_huge color_alternate with_shape\"><div class=\"l-section-shape type_zigzag pos_top\" style=\"height:3vmin;\"><svg xmlns=\"http:\/\/www.w3.org\/2000\/svg\" viewBox=\"0 0 64 8\" preserveAspectRatio=\"none\" width=\"100%\" height=\"100%\">\r\n\t<path fill=\"currentColor\" d=\"M64 8 L0 8 L0 0 L20 7.9 L40 3 L48 5 L64 0 Z\"\/>\r\n<\/svg><\/div><div class=\"l-section-shape type_zigzag pos_bottom\" style=\"height:3vmin;\"><svg xmlns=\"http:\/\/www.w3.org\/2000\/svg\" viewBox=\"0 0 64 8\" preserveAspectRatio=\"none\" width=\"100%\" height=\"100%\">\r\n\t<path fill=\"currentColor\" d=\"M64 8 L0 8 L0 0 L20 7.9 L40 3 L48 5 L64 0 Z\"\/>\r\n<\/svg><\/div><div class=\"l-section-h i-cf\"><div class=\"g-cols vc_row via_flex valign_top type_default stacking_default\"><div class=\"vc_col-sm-6 wpb_column vc_column_container\"><div class=\"vc_column-inner\"><div class=\"wpb_wrapper\"><div class=\"wpb_text_column\"><div class=\"wpb_wrapper\"><h2 id=\"clausura\">Um encerramento com voca\u00e7\u00e3o de mem\u00f3ria<\/h2>\n<p>A escolha de Carmen Linares para encerrar a Bienal de 2026 tem uma leitura que vai muito al\u00e9m do prest\u00edgio do seu nome. A cantaora pertence a uma gera\u00e7\u00e3o decisiva para a moderniza\u00e7\u00e3o e proje\u00e7\u00e3o internacional do flamenco, e a sua trajet\u00f3ria conviveu com alguns dos cap\u00edtulos centrais do g\u00e9nero nas \u00faltimas d\u00e9cadas.<\/p>\n<p>O encerramento chega ainda depois de uma edi\u00e7\u00e3o especialmente centrada no cante. A pr\u00f3pria Bienal destacou a presen\u00e7a de mais de uma centena de vozes na programa\u00e7\u00e3o, desde grandes mestres a jovens int\u00e9rpretes. O facto de a \u00faltima noite caber a Carmen Linares refor\u00e7a essa ideia de continuidade: uma figura hist\u00f3rica que abre espa\u00e7o e partilha repert\u00f3rio com artistas de diferentes gera\u00e7\u00f5es.<\/p>\n<p><em>Perlas a millares<\/em> funciona assim como final do festival e como gesto de transmiss\u00e3o. N\u00e3o se limita a revisitar um disco antigo: regressa a um repert\u00f3rio constru\u00eddo a partir das vozes e estilos de mulheres fundamentais do flamenco para o colocar novamente num grande palco contempor\u00e2neo.<\/p>\n<\/div><\/div><\/div><\/div><\/div><div class=\"vc_col-sm-6 wpb_column vc_column_container\"><div class=\"vc_column-inner\"><div class=\"wpb_wrapper\"><div class=\"wpb_text_column\"><div class=\"wpb_wrapper\"><h3>O \u00faltimo grande ato da XXIV Bienal<\/h3>\n<p>A fun\u00e7\u00e3o de 3 de outubro ser\u00e1 o \u00faltimo encontro do programa geral. No dia anterior, a Bienal ter\u00e1 acolhido as \u00faltimas estreias noutros espa\u00e7os da cidade; na noite seguinte, o Maestranza concentrar\u00e1 o encerramento institucional e art\u00edstico da edi\u00e7\u00e3o.<\/p>\n<p>Por isso, o espet\u00e1culo foi integrado nas <strong>Noites \u00danicas<\/strong>, o ciclo que re\u00fane propostas concebidas como acontecimentos irrepet\u00edveis. Neste caso, o car\u00e1ter excecional assenta na efem\u00e9ride, na reuni\u00e3o de artistas e no peso hist\u00f3rico do repert\u00f3rio.<\/p>\n<\/div><\/div><\/div><\/div><\/div><\/div><\/div><\/section><section class=\"l-section wpb_row height_huge\"><div class=\"l-section-h i-cf\"><div class=\"g-cols vc_row via_flex valign_top type_default stacking_default\"><div class=\"vc_col-sm-6 wpb_column vc_column_container\"><div class=\"vc_column-inner\"><div class=\"wpb_wrapper\"><div class=\"wpb_text_column\"><div class=\"wpb_wrapper\"><h2 id=\"antologia\">30 anos de <em>Antolog\u00eda de la mujer en el cante<\/em><\/h2>\n<p>Em 1996, Carmen Linares publicou <em>Antolog\u00eda de la mujer en el cante<\/em>, um projeto que recuperava e reinterpretava repert\u00f3rios associados a grandes cantaoras da hist\u00f3ria. A grava\u00e7\u00e3o surgiu num momento especialmente f\u00e9rtil para o flamenco, quando trabalhos de forte renova\u00e7\u00e3o est\u00e9tica conviviam com um olhar cada vez mais consciente para a mem\u00f3ria discogr\u00e1fica e a tradi\u00e7\u00e3o.<\/p>\n<p>A pr\u00f3pria Bienal recorda que nesse disco participaram guitarristas como <strong>Vicente Amigo, Tomatito, Rafael Riqueni e Mora\u00edto<\/strong>, entre outros. O \u00e1lbum acabou por se tornar uma refer\u00eancia central na discografia de Carmen Linares e um dos trabalhos mais citados quando se fala da presen\u00e7a feminina na hist\u00f3ria do cante.<\/p>\n<p>Trinta anos depois, <em>Perlas a millares<\/em> regressa a esse material n\u00e3o como uma reprodu\u00e7\u00e3o literal, mas como uma homenagem c\u00e9nica. Carmen Linares seleciona estilos essenciais do \u00e1lbum e partilha-os com vozes atuais que representam caminhos diferentes dentro do flamenco.<\/p>\n<\/div><\/div><\/div><\/div><\/div><div class=\"vc_col-sm-6 wpb_column vc_column_container\"><div class=\"vc_column-inner\"><div class=\"wpb_wrapper\"><div class=\"wpb_text_column\"><div class=\"wpb_wrapper\"><h3>Porque foi esse disco importante?<\/h3>\n<p>O valor da obra reside tanto no repert\u00f3rio como na sua abordagem. A antologia colocou o foco em cantaoras e criadoras que muitas vezes tinham ficado dispersas na mem\u00f3ria oral, em grava\u00e7\u00f5es hist\u00f3ricas ou em refer\u00eancias de especialistas.<\/p>\n<p>Nomes como <strong>Ni\u00f1a de los Peines, La Mejorana, La Trini, La Serneta, La Repompa ou Perla de C\u00e1diz<\/strong> apareciam ligados dentro de um mesmo discurso art\u00edstico. Carmen Linares n\u00e3o se limitou a citar esses repert\u00f3rios: reinterpretou-os a partir da sua pr\u00f3pria personalidade, ajudando novas gera\u00e7\u00f5es a voltar a ouvi-los e estud\u00e1-los.<\/p>\n<p>A celebra\u00e7\u00e3o do 30.\u00ba anivers\u00e1rio na Bienal volta a colocar essa genealogia feminina no centro do palco.<\/p>\n<\/div><\/div><\/div><\/div><\/div><\/div><\/div><\/section><section class=\"l-section wpb_row height_huge color_alternate with_shape\"><div class=\"l-section-shape type_zigzag pos_top\" style=\"height:3vmin;\"><svg xmlns=\"http:\/\/www.w3.org\/2000\/svg\" viewBox=\"0 0 64 8\" preserveAspectRatio=\"none\" width=\"100%\" height=\"100%\">\r\n\t<path fill=\"currentColor\" d=\"M64 8 L0 8 L0 0 L20 7.9 L40 3 L48 5 L64 0 Z\"\/>\r\n<\/svg><\/div><div class=\"l-section-shape type_zigzag pos_bottom\" style=\"height:3vmin;\"><svg xmlns=\"http:\/\/www.w3.org\/2000\/svg\" viewBox=\"0 0 64 8\" preserveAspectRatio=\"none\" width=\"100%\" height=\"100%\">\r\n\t<path fill=\"currentColor\" d=\"M64 8 L0 8 L0 0 L20 7.9 L40 3 L48 5 L64 0 Z\"\/>\r\n<\/svg><\/div><div class=\"l-section-h i-cf\"><div class=\"g-cols vc_row via_flex valign_top type_default stacking_default\"><div class=\"vc_col-sm-12 wpb_column vc_column_container\"><div class=\"vc_column-inner\"><div class=\"wpb_wrapper\"><div class=\"wpb_text_column\"><div class=\"wpb_wrapper\"><h2 id=\"artistas\">Carmen Linares com Marina Heredia, Mar\u00eda Terremoto, Roc\u00edo Luna e Rafaela Carrasco<\/h2>\n<p>Um dos principais atrativos de <em>Perlas a millares<\/em> est\u00e1 na reuni\u00e3o de artistas. A protagonista ser\u00e1 Carmen Linares, mas o espet\u00e1culo foi pensado como um di\u00e1logo entre gera\u00e7\u00f5es.<\/p>\n<p><strong>Marina Heredia<\/strong> traz uma das vozes mais reconhec\u00edveis do flamenco atual e chegar\u00e1 ao encerramento depois de protagonizar, a 1 de outubro, o seu pr\u00f3prio concerto com a Real Orquesta Sinf\u00f3nica de Sevilla. <strong>Mar\u00eda Terremoto<\/strong> representa uma linha diretamente ligada \u00e0 tradi\u00e7\u00e3o cantaora de Jerez. <strong>Roc\u00edo Luna<\/strong>, vencedora da L\u00e1mpara Minera em 2023, encarna uma gera\u00e7\u00e3o ainda mais jovem e apresenta-se nesta edi\u00e7\u00e3o partilhando o palco com uma das grandes mestras do cante.<\/p>\n<p>O baile ficar\u00e1 a cargo de <strong>Rafaela Carrasco<\/strong>, core\u00f3grafa e bailaora de longa carreira, cuja presen\u00e7a amplia o espet\u00e1culo para al\u00e9m do formato de recital. O encontro entre cante, toque e baile refor\u00e7a a ideia de uma antologia viva, transportada para a linguagem c\u00e9nica de 2026.<\/p>\n<\/div><\/div><\/div><\/div><\/div><\/div><\/div><\/section><section class=\"l-section wpb_row height_huge\"><div class=\"l-section-h i-cf\"><div class=\"g-cols vc_row via_flex valign_top type_default stacking_default\"><div class=\"vc_col-sm-6 wpb_column vc_column_container\"><div class=\"vc_column-inner\"><div class=\"wpb_wrapper\"><div class=\"wpb_text_column\"><div class=\"wpb_wrapper\"><h2 id=\"programa\">O programa: um percurso por estilos e cantaoras hist\u00f3ricas<\/h2>\n<p>A programa\u00e7\u00e3o oficial da Bienal detalha um percurso especialmente amplo. O repert\u00f3rio inclui <strong>fandangos de Lucena e ronde\u00f1a<\/strong>, ligados a Dolores de la Huerta e Concha la Pe\u00f1aranda; <strong>alegr\u00edas e cantinas<\/strong> associadas a Ni\u00f1a de los Peines, La Mejorana e Rosario la del Colorao; e <strong>tientos<\/strong> da \u00f3rbita de Pastora Pav\u00f3n.<\/p>\n<p>Haver\u00e1 tamb\u00e9m <strong>bamberas e fandangos de Huelva<\/strong>, uma sec\u00e7\u00e3o instrumental, <strong>grana\u00edna, malague\u00f1a e taranta<\/strong>, al\u00e9m de <strong>buler\u00eda por sole\u00e1<\/strong>, tangos, seguiriyas, buler\u00edas e ton\u00e1s.<\/p>\n<p>O programa n\u00e3o procura representar todos os palos do flamenco, mas recuperar uma sele\u00e7\u00e3o de estilos ligados a mulheres que deixaram uma marca decisiva no cante. A variedade permite ainda que as artistas convidadas encontrem espa\u00e7os diferentes dentro do espet\u00e1culo.<\/p>\n<\/div><\/div><\/div><\/div><\/div><div class=\"vc_col-sm-6 wpb_column vc_column_container\"><div class=\"vc_column-inner\"><div class=\"wpb_wrapper\"><div class=\"wpb_text_column\"><div class=\"wpb_wrapper\"><h3>Algumas das refer\u00eancias femininas do repert\u00f3rio<\/h3>\n<ul>\n<li>Ni\u00f1a de los Peines<\/li>\n<li>La Mejorana<\/li>\n<li>Rosario la del Colorao<\/li>\n<li>Mar\u00eda la Conejilla<\/li>\n<li>Juana Mar\u00eda<\/li>\n<li>T\u00eda Marina Habichuela<\/li>\n<li>La Trini<\/li>\n<li>La Serneta<\/li>\n<li>La Moreno<\/li>\n<li>La Jilica de Marchena<\/li>\n<li>La Repompa<\/li>\n<li>Perla de C\u00e1diz<\/li>\n<li>Antonia Pozo<\/li>\n<li>Juana Cruz<\/li>\n<\/ul>\n<p>O t\u00edtulo <em>Perlas a millares<\/em> \u00e9 especialmente adequado para uma proposta constru\u00edda precisamente a partir dessa soma de vozes, estilos e mem\u00f3rias.<\/p>\n<\/div><\/div><\/div><\/div><\/div><\/div><\/div><\/section><section class=\"l-section wpb_row height_huge color_alternate with_shape\"><div class=\"l-section-shape type_zigzag pos_top\" style=\"height:3vmin;\"><svg xmlns=\"http:\/\/www.w3.org\/2000\/svg\" viewBox=\"0 0 64 8\" preserveAspectRatio=\"none\" width=\"100%\" height=\"100%\">\r\n\t<path fill=\"currentColor\" d=\"M64 8 L0 8 L0 0 L20 7.9 L40 3 L48 5 L64 0 Z\"\/>\r\n<\/svg><\/div><div class=\"l-section-shape type_zigzag pos_bottom\" style=\"height:3vmin;\"><svg xmlns=\"http:\/\/www.w3.org\/2000\/svg\" viewBox=\"0 0 64 8\" preserveAspectRatio=\"none\" width=\"100%\" height=\"100%\">\r\n\t<path fill=\"currentColor\" d=\"M64 8 L0 8 L0 0 L20 7.9 L40 3 L48 5 L64 0 Z\"\/>\r\n<\/svg><\/div><div class=\"l-section-h i-cf\"><div class=\"g-cols vc_row via_flex valign_top type_default stacking_default\"><div class=\"vc_col-sm-6 wpb_column vc_column_container\"><div class=\"vc_column-inner\"><div class=\"wpb_wrapper\"><div class=\"wpb_text_column\"><div class=\"wpb_wrapper\"><h2 id=\"equipo\">A equipa musical de <em>Perlas a millares<\/em><\/h2>\n<p>A dire\u00e7\u00e3o musical cabe \u00e0 pr\u00f3pria <strong>Carmen Linares<\/strong>. Nas guitarras estar\u00e3o <strong>Salvador Guti\u00e9rrez<\/strong> e <strong>Edu Esp\u00edn<\/strong>; <strong>Pablo Su\u00e1rez<\/strong> ficar\u00e1 ao piano e <strong>Dani Su\u00e1rez<\/strong> na percuss\u00e3o.<\/p>\n<p>Os coros e palmas ficar\u00e3o a cargo de <strong>Ana Mar\u00eda Gonz\u00e1lez<\/strong> e <strong>Rosario Amador<\/strong>. O desenho de som contar\u00e1 com \u00c1lvaro Barco e Miguel Torroja, enquanto a ilumina\u00e7\u00e3o ser\u00e1 de Antonio Valiente. Lourdes Garc\u00eda assina a produ\u00e7\u00e3o e <strong>Miguel Esp\u00edn Pacheco<\/strong> a coordena\u00e7\u00e3o art\u00edstica.<\/p>\n<p>\u00c9 uma equipa pensada para sustentar um espet\u00e1culo de grande formato sem perder o centro de gravidade do projeto: o cante e a mem\u00f3ria desse repert\u00f3rio.<\/p>\n<\/div><\/div><\/div><\/div><\/div><div class=\"vc_col-sm-6 wpb_column vc_column_container\"><div class=\"vc_column-inner\"><div class=\"wpb_wrapper\"><div class=\"wpb_text_column\"><div class=\"wpb_wrapper\"><h2 id=\"maestranza\">O Teatro de la Maestranza, palco do encerramento<\/h2>\n<p>O <strong>Teatro de la Maestranza<\/strong> ser\u00e1 um dos grandes centros de gravidade da Bienal 2026. Pelo seu palco passar\u00e3o Sara Baras, Jos\u00e9 Merc\u00e9, Israel Galv\u00e1n, Farruquito, Marina Heredia e outros nomes antes do encerramento de Carmen Linares.<\/p>\n<p>A sua capacidade t\u00e9cnica e escala permitem apresentar produ\u00e7\u00f5es que necessitam de uma grande caixa c\u00e9nica, ilumina\u00e7\u00e3o complexa e uma excelente resposta ac\u00fastica. Para um encerramento como <em>Perlas a millares<\/em>, o espa\u00e7o acrescenta tamb\u00e9m uma dimens\u00e3o cerimonial que combina com o car\u00e1ter de homenagem e de final da edi\u00e7\u00e3o.<\/p>\n<p>Se quiser comparar este recinto com outros palcos da programa\u00e7\u00e3o, consulte o nosso guia dos <a href=\"https:\/\/www.tablaosflamencos.com\/espacios-espectaculares-bienal-flamenco-sevilla-2026.html\">espa\u00e7os mais espetaculares da Bienal 2026<\/a>.<\/p>\n<\/div><\/div><\/div><\/div><\/div><\/div><\/div><\/section><section class=\"l-section wpb_row height_huge\"><div class=\"l-section-h i-cf\"><div class=\"g-cols vc_row via_flex valign_top type_default stacking_default\"><div class=\"vc_col-sm-12 wpb_column vc_column_container\"><div class=\"vc_column-inner\"><div class=\"wpb_wrapper\"><div class=\"wpb_text_column\"><div class=\"wpb_wrapper\"><h2 id=\"entradas\">Bilhetes e conselhos para assistir ao encerramento<\/h2>\n<p>A fun\u00e7\u00e3o est\u00e1 marcada para <strong>s\u00e1bado, 3 de outubro, \u00e0s 20:00<\/strong>. Por se tratar do encerramento e de uma Noite \u00danica, \u00e9 aconselh\u00e1vel n\u00e3o deixar a compra para o \u00faltimo momento.<\/p>\n<p>A Bienal registou uma procura muito elevada em v\u00e1rios dos seus principais espet\u00e1culos e o Teatro de la Maestranza concentra alguns dos encontros com maior capacidade de atra\u00e7\u00e3o. Antes de comprar, confirme sempre a disponibilidade atual e o setor concreto da sala nos canais oficiais.<\/p>\n<p>Para comparar pre\u00e7os, descontos e condi\u00e7\u00f5es de venda, consulte o nosso guia de <a href=\"https:\/\/www.tablaosflamencos.com\/bienal-flamenco-2026-entradas-precios-descuentos.html\">bilhetes, pre\u00e7os e descontos da Bienal 2026<\/a>. Se um espet\u00e1culo espec\u00edfico estiver esgotado, prepar\u00e1mos tamb\u00e9m um guia sobre <a href=\"https:\/\/www.tablaosflamencos.com\/bienal-flamenco-2026-entradas-agotadas-que-ver.html\">o que fazer se n\u00e3o encontrar bilhetes para a Bienal<\/a>.<\/p>\n<p>E se quiser prolongar a noite em Sevilha, pode consultar tamb\u00e9m a nossa sele\u00e7\u00e3o para <a href=\"https:\/\/www.tablaosflamencos.com\/flamenco-en-sevilla\">ver flamenco em Sevilha<\/a> fora da programa\u00e7\u00e3o oficial do festival.<\/p>\n<\/div><\/div><div class=\"w-separator size_medium\"><\/div><div class=\"w-hwrapper valign_top wrap stack_on_mobiles align_center\" style=\"--hwrapper-gap:1.2rem\"><div class=\"w-btn-wrapper align_none\"><a class=\"w-btn us-btn-style_1\" href=\"https:\/\/www.tablaosflamencos.com\/pt-pt\/bienal-flamenco-sevilha-2026-bilhetes-precos-descontos.html\"><span class=\"w-btn-label\">Bilhetes, pre\u00e7os e descontos<\/span><\/a><\/div><div class=\"w-btn-wrapper align_none\"><a class=\"w-btn us-btn-style_1\" href=\"https:\/\/www.tablaosflamencos.com\/pt-pt\/flamenco-em-sevilha\"><span class=\"w-btn-label\">Ver flamenco em Sevilha<\/span><\/a><\/div><\/div><\/div><\/div><\/div><\/div><\/div><\/section><section class=\"l-section wpb_row height_huge color_alternate with_shape\"><div class=\"l-section-shape type_zigzag pos_top\" style=\"height:3vmin;\"><svg xmlns=\"http:\/\/www.w3.org\/2000\/svg\" viewBox=\"0 0 64 8\" preserveAspectRatio=\"none\" width=\"100%\" height=\"100%\">\r\n\t<path fill=\"currentColor\" d=\"M64 8 L0 8 L0 0 L20 7.9 L40 3 L48 5 L64 0 Z\"\/>\r\n<\/svg><\/div><div class=\"l-section-shape type_zigzag pos_bottom\" style=\"height:3vmin;\"><svg xmlns=\"http:\/\/www.w3.org\/2000\/svg\" viewBox=\"0 0 64 8\" preserveAspectRatio=\"none\" width=\"100%\" height=\"100%\">\r\n\t<path fill=\"currentColor\" d=\"M64 8 L0 8 L0 0 L20 7.9 L40 3 L48 5 L64 0 Z\"\/>\r\n<\/svg><\/div><div class=\"l-section-h i-cf\"><div class=\"g-cols vc_row via_flex valign_top type_default stacking_default\"><div class=\"vc_col-sm-12 wpb_column vc_column_container\"><div class=\"vc_column-inner\"><div class=\"wpb_wrapper\"><div class=\"wpb_text_column\"><div class=\"wpb_wrapper\"><h2 style=\"text-align: center;\">Uma forma coerente de encerrar a Bienal<\/h2>\n<p style=\"text-align: center;\">O encerramento de 2026 n\u00e3o \u00e9 apresentado como um resumo da edi\u00e7\u00e3o, mas como uma declara\u00e7\u00e3o art\u00edstica pr\u00f3pria. Carmen Linares regressa ao disco que transformou a sua carreira e converte-o numa celebra\u00e7\u00e3o coletiva das mulheres que constru\u00edram uma parte essencial do cante.<\/p>\n<p style=\"text-align: center;\">A presen\u00e7a de Marina Heredia, Mar\u00eda Terremoto, Roc\u00edo Luna e Rafaela Carrasco evita que a homenagem fique presa \u00e0 nostalgia. O resultado aponta para outra coisa: mostrar como um repert\u00f3rio hist\u00f3rico pode continuar a passar de uma gera\u00e7\u00e3o para outra sem perder profundidade nem identidade.<\/p>\n<p style=\"text-align: center;\">Depois de quase um m\u00eas de programa\u00e7\u00e3o, <em>Perlas a millares<\/em> colocar\u00e1 o \u00faltimo comp\u00e1s da XXIV Bienal. E f\u00e1-lo-\u00e1 olhando para tr\u00e1s para explicar, precisamente, porque esse passado continua vivo no flamenco de hoje.<\/p>\n<\/div><\/div><\/div><\/div><\/div><\/div><\/div><\/section><section class=\"l-section wpb_row height_huge\"><div class=\"l-section-h i-cf\"><div class=\"g-cols vc_row via_flex valign_top type_default stacking_default\"><div class=\"vc_col-sm-1\/5 wpb_column vc_column_container\"><div class=\"vc_column-inner\"><div class=\"wpb_wrapper\"><\/div><\/div><\/div><div class=\"vc_col-sm-3\/5 wpb_column vc_column_container\"><div class=\"vc_column-inner\"><div class=\"wpb_wrapper\"><div class=\"wpb_text_column\"><div class=\"wpb_wrapper\"><h2 id=\"faq\" style=\"text-align: center;\">Perguntas frequentes sobre Carmen Linares e <em>Perlas a millares<\/em><\/h2>\n<\/div><\/div><div class=\"w-separator size_medium\"><\/div><div class=\"w-tabs accordion toggle_style_1 has_scrolling\" style=\"--sections-title-size:inherit;--sections-gap:0.5rem;\"><div class=\"w-tabs-sections titles-align_none icon_chevron cpos_right\"><div class=\"w-tabs-section\" id=\"mbfc\"><button type=\"button\" class=\"w-tabs-section-header\" aria-controls=\"content-mbfc\" aria-expanded=\"false\"><div class=\"w-tabs-section-title\">Quando atua Carmen Linares na Bienal 2026?<\/div><div class=\"w-tabs-section-control\"><\/div><\/button><div  class=\"w-tabs-section-content\" id=\"content-mbfc\"><div class=\"w-tabs-section-content-h i-cf\"><div class=\"wpb_text_column\"><div class=\"wpb_wrapper\"><p>Carmen Linares atuar\u00e1 no s\u00e1bado, 3 de outubro de 2026, \u00e0s 20:00, no Teatro de la Maestranza.<\/p>\n<\/div><\/div><\/div><\/div><\/div><div class=\"w-tabs-section\" id=\"wd12\"><button type=\"button\" class=\"w-tabs-section-header\" aria-controls=\"content-wd12\" aria-expanded=\"false\"><div class=\"w-tabs-section-title\">Perlas a millares \u00e9 o espet\u00e1culo de encerramento da Bienal?<\/div><div class=\"w-tabs-section-control\"><\/div><\/button><div  class=\"w-tabs-section-content\" id=\"content-wd12\"><div class=\"w-tabs-section-content-h i-cf\"><div class=\"wpb_text_column\"><div class=\"wpb_wrapper\"><p>Sim. \u00c9 o \u00faltimo encontro do programa geral e a Bienal apresenta-o como o espet\u00e1culo de encerramento da sua XXIV edi\u00e7\u00e3o.<\/p>\n<\/div><\/div><\/div><\/div><\/div><div class=\"w-tabs-section\" id=\"te06\"><button type=\"button\" class=\"w-tabs-section-header\" aria-controls=\"content-te06\" aria-expanded=\"false\"><div class=\"w-tabs-section-title\">O que celebra Perlas a millares?<\/div><div class=\"w-tabs-section-control\"><\/div><\/button><div  class=\"w-tabs-section-content\" id=\"content-te06\"><div class=\"w-tabs-section-content-h i-cf\"><div class=\"wpb_text_column\"><div class=\"wpb_wrapper\"><p>Celebra o 30.\u00ba anivers\u00e1rio de <em>Antolog\u00eda de la mujer en el cante<\/em>, o \u00e1lbum publicado por Carmen Linares em 1996.<\/p>\n<\/div><\/div><\/div><\/div><\/div><div class=\"w-tabs-section\" id=\"see8\"><button type=\"button\" class=\"w-tabs-section-header\" aria-controls=\"content-see8\" aria-expanded=\"false\"><div class=\"w-tabs-section-title\">Que artistas acompanhar\u00e3o Carmen Linares?<\/div><div class=\"w-tabs-section-control\"><\/div><\/button><div  class=\"w-tabs-section-content\" id=\"content-see8\"><div class=\"w-tabs-section-content-h i-cf\"><div class=\"wpb_text_column\"><div class=\"wpb_wrapper\"><p>Participar\u00e3o como convidadas Marina Heredia, Mar\u00eda Terremoto e Roc\u00edo Luna no cante, e Rafaela Carrasco no baile.<\/p>\n<\/div><\/div><\/div><\/div><\/div><div class=\"w-tabs-section\" id=\"ofb0\"><button type=\"button\" class=\"w-tabs-section-header\" aria-controls=\"content-ofb0\" aria-expanded=\"false\"><div class=\"w-tabs-section-title\">Que palos flamencos aparecem no programa?<\/div><div class=\"w-tabs-section-control\"><\/div><\/button><div  class=\"w-tabs-section-content\" id=\"content-ofb0\"><div class=\"w-tabs-section-content-h i-cf\"><div class=\"wpb_text_column\"><div class=\"wpb_wrapper\"><p>O programa inclui, entre outros, fandangos, ronde\u00f1a, alegr\u00edas, cantinas, tientos, bamberas, grana\u00edna, malague\u00f1a, taranta, buler\u00eda por sole\u00e1, tangos, seguiriyas, buler\u00edas e ton\u00e1s.<\/p>\n<\/div><\/div><\/div><\/div><\/div><div class=\"w-tabs-section\" id=\"r071\"><button type=\"button\" class=\"w-tabs-section-header\" aria-controls=\"content-r071\" aria-expanded=\"false\"><div class=\"w-tabs-section-title\">Onde se realiza o espet\u00e1culo?<\/div><div class=\"w-tabs-section-control\"><\/div><\/button><div  class=\"w-tabs-section-content\" id=\"content-r071\"><div class=\"w-tabs-section-content-h i-cf\"><div class=\"wpb_text_column\"><div class=\"wpb_wrapper\"><p>No Teatro de la Maestranza, em Sevilha, um dos principais palcos de grande formato da Bienal 2026.<\/p>\n<\/div><\/div><\/div><\/div><\/div><div class=\"w-tabs-section\" id=\"r13d\"><button type=\"button\" class=\"w-tabs-section-header\" aria-controls=\"content-r13d\" aria-expanded=\"false\"><div class=\"w-tabs-section-title\">\u00c9 uma Noite \u00danica?<\/div><div class=\"w-tabs-section-control\"><\/div><\/button><div  class=\"w-tabs-section-content\" id=\"content-r13d\"><div class=\"w-tabs-section-content-h i-cf\"><div class=\"wpb_text_column\"><div class=\"wpb_wrapper\"><p>Sim. A Bienal inclui <em>Perlas a millares<\/em> na programa\u00e7\u00e3o das suas Noites \u00danicas.<\/p>\n<\/div><\/div><\/div><\/div><\/div><div class=\"w-tabs-section\" id=\"g1ff\"><button type=\"button\" class=\"w-tabs-section-header\" aria-controls=\"content-g1ff\" aria-expanded=\"false\"><div class=\"w-tabs-section-title\">Onde comprar os bilhetes?<\/div><div class=\"w-tabs-section-control\"><\/div><\/button><div  class=\"w-tabs-section-content\" id=\"content-g1ff\"><div class=\"w-tabs-section-content-h i-cf\"><div class=\"wpb_text_column\"><div class=\"wpb_wrapper\"><p>A compra deve ser feita atrav\u00e9s dos canais oficiais da Bienal e do Teatro de la Maestranza. Confirme a disponibilidade e os pre\u00e7os antes da desloca\u00e7\u00e3o.<\/p>\n<\/div><\/div><\/div><\/div><\/div><\/div><\/div><\/div><\/div><\/div><div class=\"vc_col-sm-1\/5 wpb_column vc_column_container\"><div class=\"vc_column-inner\"><div class=\"wpb_wrapper\"><\/div><\/div><\/div><\/div><\/div><\/section><section class=\"l-section wpb_row height_huge\"><div class=\"l-section-h i-cf\"><div class=\"g-cols vc_row via_flex valign_top type_default stacking_default\"><div class=\"vc_col-sm-12 wpb_column vc_column_container\"><div class=\"vc_column-inner\"><div class=\"wpb_wrapper\"><div class=\"wpb_text_column\"><div class=\"wpb_wrapper\"><h3>Fontes e atualiza\u00e7\u00e3o<\/h3>\n<p>Informa\u00e7\u00e3o verificada com a programa\u00e7\u00e3o oficial da XXIV Bienal de Flamenco de Sevilha e a ficha de <em>Perlas a millares<\/em>. Dados revistos em 2 de setembro de 2026. A organiza\u00e7\u00e3o pode alterar hor\u00e1rios, disponibilidade ou detalhes de produ\u00e7\u00e3o.<\/p>\n<\/div><\/div><\/div><\/div><\/div><\/div><\/div><\/section>\n","protected":false},"excerpt":{"rendered":"<p>Carmen Linares encerrar\u00e1 a Bienal de Flamenco de Sevilha 2026 com Perlas a millares, uma noite \u00fanica pelos 30 anos de Antolog\u00eda de la mujer en el cante.<\/p>\n","protected":false},"author":1,"featured_media":14103,"comment_status":"closed","ping_status":"closed","sticky":false,"template":"","format":"standard","meta":{"_acf_changed":false,"wpai_generated_summary":"","_ayudawp_aiss_exclude":false,"_ayudawp_aiss_exclude_summary":false,"_ayudawp_aiss_summary":"","_ayudawp_aiss_summary_provider":"","_ayudawp_aiss_summary_hash":"","footnotes":""},"categories":[1430],"tags":[1255,1256,1257,1405,1897,1258,1188,1259],"class_list":["post-14110","post","type-post","status-publish","format-standard","has-post-thumbnail","hentry","category-bienal-flamenco-sevilha","tag-agenda-flamenca","tag-bienal-2026","tag-bienal-de-flamenco","tag-cante-flamenco-pt","tag-carmen-linares-pt","tag-festivales-flamencos","tag-flamenco-en-sevilla","tag-sevilla"],"acf":[],"yoast_head":"<!-- This site is optimized with the Yoast SEO Premium plugin v28.4 (Yoast SEO v28.4) - https:\/\/yoast.com\/product\/yoast-seo-premium-wordpress\/ -->\n<title>Carmen Linares na Bienal 2026: Perlas a millares<\/title>\n<meta name=\"description\" content=\"Carmen Linares encerra a Bienal de Flamenco de Sevilha 2026 com Perlas a millares: data, artistas, programa, 30.\u00ba anivers\u00e1rio e bilhetes.\" \/>\n<meta name=\"robots\" content=\"index, follow, max-snippet:-1, max-image-preview:large, max-video-preview:-1\" \/>\n<link rel=\"canonical\" href=\"https:\/\/www.tablaosflamencos.com\/pt-pt\/carmen-linares-bienal-flamenco-sevilha-2026-perlas-a-millares.html\" \/>\n<meta property=\"og:locale\" content=\"pt_PT\" \/>\n<meta property=\"og:type\" content=\"article\" \/>\n<meta property=\"og:title\" content=\"Carmen Linares encerrar\u00e1 a Bienal 2026: Perlas a millares\" \/>\n<meta property=\"og:description\" content=\"Carmen Linares encerra a Bienal de Flamenco de Sevilha 2026 com Perlas a millares: data, artistas, programa, 30.\u00ba anivers\u00e1rio e bilhetes.\" \/>\n<meta property=\"og:url\" content=\"https:\/\/www.tablaosflamencos.com\/pt-pt\/carmen-linares-bienal-flamenco-sevilha-2026-perlas-a-millares.html\" \/>\n<meta property=\"og:site_name\" content=\"Tablaos Flamencos\" \/>\n<meta property=\"article:publisher\" content=\"https:\/\/www.facebook.com\/tablaosflamencos\" \/>\n<meta property=\"article:published_time\" content=\"2026-09-02T23:13:43+00:00\" \/>\n<meta property=\"article:modified_time\" content=\"2026-09-02T23:33:04+00:00\" \/>\n<meta property=\"og:image\" content=\"https:\/\/www.tablaosflamencos.com\/wp-content\/uploads\/carmen-linares-cerrara-la-bienal-2026-perlas-a-millares-01.webp\" \/>\n\t<meta property=\"og:image:width\" content=\"1672\" \/>\n\t<meta property=\"og:image:height\" content=\"941\" \/>\n\t<meta property=\"og:image:type\" content=\"image\/webp\" \/>\n<meta name=\"author\" content=\"Miguel Ortiz\" \/>\n<meta name=\"twitter:card\" content=\"summary_large_image\" \/>\n<meta name=\"twitter:creator\" content=\"@tablaosflamenco\" \/>\n<meta name=\"twitter:site\" content=\"@tablaosflamenco\" \/>\n<meta name=\"twitter:label1\" content=\"Escrito por\" \/>\n\t<meta name=\"twitter:data1\" content=\"Miguel Ortiz\" \/>\n\t<meta name=\"twitter:label2\" content=\"Tempo estimado de leitura\" \/>\n\t<meta name=\"twitter:data2\" content=\"14 minutos\" \/>\n<script type=\"application\/ld+json\" class=\"yoast-schema-graph\">{\"@context\":\"https:\\\/\\\/schema.org\",\"@graph\":[{\"@type\":\"Article\",\"@id\":\"https:\\\/\\\/www.tablaosflamencos.com\\\/pt-pt\\\/carmen-linares-bienal-flamenco-sevilha-2026-perlas-a-millares.html#article\",\"isPartOf\":{\"@id\":\"https:\\\/\\\/www.tablaosflamencos.com\\\/pt-pt\\\/carmen-linares-bienal-flamenco-sevilha-2026-perlas-a-millares.html\"},\"author\":{\"name\":\"Miguel Ortiz\",\"@id\":\"https:\\\/\\\/www.tablaosflamencos.com\\\/pt-pt#\\\/schema\\\/person\\\/e7a9ebe14eb75a52ceabfbffb3c54f5d\"},\"headline\":\"Carmen Linares encerrar\u00e1 a Bienal 2026: Perlas a millares\",\"datePublished\":\"2026-09-02T23:13:43+00:00\",\"dateModified\":\"2026-09-02T23:33:04+00:00\",\"mainEntityOfPage\":{\"@id\":\"https:\\\/\\\/www.tablaosflamencos.com\\\/pt-pt\\\/carmen-linares-bienal-flamenco-sevilha-2026-perlas-a-millares.html\"},\"wordCount\":2815,\"publisher\":{\"@id\":\"https:\\\/\\\/www.tablaosflamencos.com\\\/pt-pt#organization\"},\"image\":{\"@id\":\"https:\\\/\\\/www.tablaosflamencos.com\\\/pt-pt\\\/carmen-linares-bienal-flamenco-sevilha-2026-perlas-a-millares.html#primaryimage\"},\"thumbnailUrl\":\"https:\\\/\\\/www.tablaosflamencos.com\\\/wp-content\\\/uploads\\\/carmen-linares-cerrara-la-bienal-2026-perlas-a-millares-01.webp\",\"keywords\":[\"agenda flamenca\",\"Bienal 2026\",\"Bienal de Flamenco\",\"cante flamenco\",\"Carmen Linares\",\"festivales flamencos\",\"flamenco en Sevilla\",\"sevilla\"],\"articleSection\":[\"Bienal de Flamenco de Sevilha\"],\"inLanguage\":\"pt-PT\"},{\"@type\":\"WebPage\",\"@id\":\"https:\\\/\\\/www.tablaosflamencos.com\\\/pt-pt\\\/carmen-linares-bienal-flamenco-sevilha-2026-perlas-a-millares.html\",\"url\":\"https:\\\/\\\/www.tablaosflamencos.com\\\/pt-pt\\\/carmen-linares-bienal-flamenco-sevilha-2026-perlas-a-millares.html\",\"name\":\"Carmen Linares na Bienal 2026: Perlas a millares\",\"isPartOf\":{\"@id\":\"https:\\\/\\\/www.tablaosflamencos.com\\\/pt-pt#website\"},\"primaryImageOfPage\":{\"@id\":\"https:\\\/\\\/www.tablaosflamencos.com\\\/pt-pt\\\/carmen-linares-bienal-flamenco-sevilha-2026-perlas-a-millares.html#primaryimage\"},\"image\":{\"@id\":\"https:\\\/\\\/www.tablaosflamencos.com\\\/pt-pt\\\/carmen-linares-bienal-flamenco-sevilha-2026-perlas-a-millares.html#primaryimage\"},\"thumbnailUrl\":\"https:\\\/\\\/www.tablaosflamencos.com\\\/wp-content\\\/uploads\\\/carmen-linares-cerrara-la-bienal-2026-perlas-a-millares-01.webp\",\"datePublished\":\"2026-09-02T23:13:43+00:00\",\"dateModified\":\"2026-09-02T23:33:04+00:00\",\"description\":\"Carmen Linares encerra a Bienal de Flamenco de Sevilha 2026 com Perlas a millares: data, artistas, programa, 30.\u00ba anivers\u00e1rio e bilhetes.\",\"breadcrumb\":{\"@id\":\"https:\\\/\\\/www.tablaosflamencos.com\\\/pt-pt\\\/carmen-linares-bienal-flamenco-sevilha-2026-perlas-a-millares.html#breadcrumb\"},\"inLanguage\":\"pt-PT\",\"potentialAction\":[{\"@type\":\"ReadAction\",\"target\":[\"https:\\\/\\\/www.tablaosflamencos.com\\\/pt-pt\\\/carmen-linares-bienal-flamenco-sevilha-2026-perlas-a-millares.html\"]}]},{\"@type\":\"ImageObject\",\"inLanguage\":\"pt-PT\",\"@id\":\"https:\\\/\\\/www.tablaosflamencos.com\\\/pt-pt\\\/carmen-linares-bienal-flamenco-sevilha-2026-perlas-a-millares.html#primaryimage\",\"url\":\"https:\\\/\\\/www.tablaosflamencos.com\\\/wp-content\\\/uploads\\\/carmen-linares-cerrara-la-bienal-2026-perlas-a-millares-01.webp\",\"contentUrl\":\"https:\\\/\\\/www.tablaosflamencos.com\\\/wp-content\\\/uploads\\\/carmen-linares-cerrara-la-bienal-2026-perlas-a-millares-01.webp\",\"width\":1672,\"height\":941,\"caption\":\"Carmen Linares cerrar\u00e1 la Bienal 2026: Perlas a millares\"},{\"@type\":\"BreadcrumbList\",\"@id\":\"https:\\\/\\\/www.tablaosflamencos.com\\\/pt-pt\\\/carmen-linares-bienal-flamenco-sevilha-2026-perlas-a-millares.html#breadcrumb\",\"itemListElement\":[{\"@type\":\"ListItem\",\"position\":1,\"name\":\"Home\",\"item\":\"https:\\\/\\\/www.tablaosflamencos.com\\\/pt-pt\"},{\"@type\":\"ListItem\",\"position\":2,\"name\":\"Carmen Linares encerrar\u00e1 a Bienal 2026: Perlas a millares\"}]},{\"@type\":\"WebSite\",\"@id\":\"https:\\\/\\\/www.tablaosflamencos.com\\\/pt-pt#website\",\"url\":\"https:\\\/\\\/www.tablaosflamencos.com\\\/pt-pt\",\"name\":\"Tablaos Flamencos\",\"description\":\"Entradas para tablaos flamencos de Espa\u00f1a\",\"publisher\":{\"@id\":\"https:\\\/\\\/www.tablaosflamencos.com\\\/pt-pt#organization\"},\"alternateName\":\"Tablaos Flamencos\",\"potentialAction\":[{\"@type\":\"SearchAction\",\"target\":{\"@type\":\"EntryPoint\",\"urlTemplate\":\"https:\\\/\\\/www.tablaosflamencos.com\\\/pt-pt?s={search_term_string}\"},\"query-input\":{\"@type\":\"PropertyValueSpecification\",\"valueRequired\":true,\"valueName\":\"search_term_string\"}}],\"inLanguage\":\"pt-PT\"},{\"@type\":[\"Organization\",\"Place\",\"EntertainmentBusiness\"],\"@id\":\"https:\\\/\\\/www.tablaosflamencos.com\\\/pt-pt#organization\",\"name\":\"Tablaos Flamencos\",\"alternateName\":\"Tablaos Flamencos\",\"url\":\"https:\\\/\\\/www.tablaosflamencos.com\\\/pt-pt\",\"logo\":{\"@id\":\"https:\\\/\\\/www.tablaosflamencos.com\\\/pt-pt\\\/carmen-linares-bienal-flamenco-sevilha-2026-perlas-a-millares.html#local-main-organization-logo\"},\"image\":{\"@id\":\"https:\\\/\\\/www.tablaosflamencos.com\\\/pt-pt\\\/carmen-linares-bienal-flamenco-sevilha-2026-perlas-a-millares.html#local-main-organization-logo\"},\"sameAs\":[\"https:\\\/\\\/www.facebook.com\\\/tablaosflamencos\",\"https:\\\/\\\/x.com\\\/tablaosflamenco\",\"https:\\\/\\\/mastodon.social\\\/@tablaosflamencos\",\"https:\\\/\\\/www.instagram.com\\\/tablaosflamencos\",\"https:\\\/\\\/tiktok.com\\\/@tablaosflamencos\",\"https:\\\/\\\/www.linkedin.com\\\/company\\\/109408238\\\/\"],\"description\":\"Venta de entradas para espect\u00e1culos flamencos\",\"legalName\":\"Tablaos Flamencos\",\"foundingDate\":\"2015-01-01\",\"numberOfEmployees\":{\"@type\":\"QuantitativeValue\",\"minValue\":\"1\",\"maxValue\":\"10\"},\"address\":{\"@id\":\"https:\\\/\\\/www.tablaosflamencos.com\\\/pt-pt\\\/carmen-linares-bienal-flamenco-sevilha-2026-perlas-a-millares.html#local-main-place-address\"},\"geo\":{\"@type\":\"GeoCoordinates\",\"latitude\":\"37.3868072\",\"longitude\":\"-5.993280299999999\"},\"telephone\":[\"+34623787787\"],\"contactPoint\":{\"@type\":\"ContactPoint\",\"telephone\":\"+34623787787\",\"email\":\"info@tablaosflamencos.com\"},\"openingHoursSpecification\":{\"@type\":\"OpeningHoursSpecification\",\"dayOfWeek\":[\"Monday\",\"Tuesday\",\"Wednesday\",\"Thursday\",\"Friday\",\"Saturday\",\"Sunday\"],\"opens\":\"00:00\",\"closes\":\"23:59\"},\"email\":\"info@tablaosflamencos.com\",\"priceRange\":\"$$$\",\"currenciesAccepted\":\"\u20ac\"},{\"@type\":\"Person\",\"@id\":\"https:\\\/\\\/www.tablaosflamencos.com\\\/pt-pt#\\\/schema\\\/person\\\/e7a9ebe14eb75a52ceabfbffb3c54f5d\",\"name\":\"Miguel Ortiz\",\"description\":\"Miguel Ortiz es un empresario flamenco, con una s\u00f3lida trayectoria dentro del sector. Ha presidido entidades culturales vinculadas al flamenco y, cuenta con un amplio recorrido profesional en la gesti\u00f3n y promoci\u00f3n de espect\u00e1culos y tablaos flamencos. Su pasi\u00f3n por la historia y el arte flamenco se refleja en cada art\u00edculo, donde combina experiencia, criterio y un profundo respeto por la tradici\u00f3n.\",\"sameAs\":[\"https:\\\/\\\/www.tablaosflamencos.com\",\"https:\\\/\\\/www.instagra.com\\\/miguelortizfe\",\"https:\\\/\\\/www.linkedin.com\\\/in\\\/miguelortizf\\\/\"],\"birthDate\":\"1984-11-22\",\"gender\":\"hombre\",\"knowsLanguage\":[\"espa\u00f1ol\",\"ingl\u00e9s\"],\"jobTitle\":\"Empresario flamenco\"},{\"@type\":\"PostalAddress\",\"@id\":\"https:\\\/\\\/www.tablaosflamencos.com\\\/pt-pt\\\/carmen-linares-bienal-flamenco-sevilha-2026-perlas-a-millares.html#local-main-place-address\",\"streetAddress\":\"C\\\/ Alemanes, 19\",\"addressLocality\":\"Sevilla\",\"postalCode\":\"41004\",\"addressRegion\":\"Sevilla\",\"addressCountry\":\"ES\"},{\"@type\":\"ImageObject\",\"inLanguage\":\"pt-PT\",\"@id\":\"https:\\\/\\\/www.tablaosflamencos.com\\\/pt-pt\\\/carmen-linares-bienal-flamenco-sevilha-2026-perlas-a-millares.html#local-main-organization-logo\",\"url\":\"https:\\\/\\\/www.tablaosflamencos.com\\\/wp-content\\\/uploads\\\/tablaos-flamencos-06-3.webp\",\"contentUrl\":\"https:\\\/\\\/www.tablaosflamencos.com\\\/wp-content\\\/uploads\\\/tablaos-flamencos-06-3.webp\",\"width\":600,\"height\":620,\"caption\":\"Tablaos Flamencos\"}]}<\/script>\n<meta name=\"geo.placename\" content=\"Sevilla\" \/>\n<meta name=\"geo.position\" content=\"37.3868072;-5.993280299999999\" \/>\n<meta name=\"geo.region\" content=\"Espanha\" \/>\n<!-- \/ Yoast SEO Premium plugin. -->","yoast_head_json":{"title":"Carmen Linares na Bienal 2026: Perlas a millares","description":"Carmen Linares encerra a Bienal de Flamenco de Sevilha 2026 com Perlas a millares: data, artistas, programa, 30.\u00ba anivers\u00e1rio e bilhetes.","robots":{"index":"index","follow":"follow","max-snippet":"max-snippet:-1","max-image-preview":"max-image-preview:large","max-video-preview":"max-video-preview:-1"},"canonical":"https:\/\/www.tablaosflamencos.com\/pt-pt\/carmen-linares-bienal-flamenco-sevilha-2026-perlas-a-millares.html","og_locale":"pt_PT","og_type":"article","og_title":"Carmen Linares encerrar\u00e1 a Bienal 2026: Perlas a millares","og_description":"Carmen Linares encerra a Bienal de Flamenco de Sevilha 2026 com Perlas a millares: data, artistas, programa, 30.\u00ba anivers\u00e1rio e bilhetes.","og_url":"https:\/\/www.tablaosflamencos.com\/pt-pt\/carmen-linares-bienal-flamenco-sevilha-2026-perlas-a-millares.html","og_site_name":"Tablaos Flamencos","article_publisher":"https:\/\/www.facebook.com\/tablaosflamencos","article_published_time":"2026-09-02T23:13:43+00:00","article_modified_time":"2026-09-02T23:33:04+00:00","og_image":[{"width":1672,"height":941,"url":"https:\/\/www.tablaosflamencos.com\/wp-content\/uploads\/carmen-linares-cerrara-la-bienal-2026-perlas-a-millares-01.webp","type":"image\/webp"}],"author":"Miguel Ortiz","twitter_card":"summary_large_image","twitter_creator":"@tablaosflamenco","twitter_site":"@tablaosflamenco","twitter_misc":{"Escrito por":"Miguel Ortiz","Tempo estimado de leitura":"14 minutos"},"schema":{"@context":"https:\/\/schema.org","@graph":[{"@type":"Article","@id":"https:\/\/www.tablaosflamencos.com\/pt-pt\/carmen-linares-bienal-flamenco-sevilha-2026-perlas-a-millares.html#article","isPartOf":{"@id":"https:\/\/www.tablaosflamencos.com\/pt-pt\/carmen-linares-bienal-flamenco-sevilha-2026-perlas-a-millares.html"},"author":{"name":"Miguel Ortiz","@id":"https:\/\/www.tablaosflamencos.com\/pt-pt#\/schema\/person\/e7a9ebe14eb75a52ceabfbffb3c54f5d"},"headline":"Carmen Linares encerrar\u00e1 a Bienal 2026: Perlas a millares","datePublished":"2026-09-02T23:13:43+00:00","dateModified":"2026-09-02T23:33:04+00:00","mainEntityOfPage":{"@id":"https:\/\/www.tablaosflamencos.com\/pt-pt\/carmen-linares-bienal-flamenco-sevilha-2026-perlas-a-millares.html"},"wordCount":2815,"publisher":{"@id":"https:\/\/www.tablaosflamencos.com\/pt-pt#organization"},"image":{"@id":"https:\/\/www.tablaosflamencos.com\/pt-pt\/carmen-linares-bienal-flamenco-sevilha-2026-perlas-a-millares.html#primaryimage"},"thumbnailUrl":"https:\/\/www.tablaosflamencos.com\/wp-content\/uploads\/carmen-linares-cerrara-la-bienal-2026-perlas-a-millares-01.webp","keywords":["agenda flamenca","Bienal 2026","Bienal de Flamenco","cante flamenco","Carmen Linares","festivales flamencos","flamenco en Sevilla","sevilla"],"articleSection":["Bienal de Flamenco de Sevilha"],"inLanguage":"pt-PT"},{"@type":"WebPage","@id":"https:\/\/www.tablaosflamencos.com\/pt-pt\/carmen-linares-bienal-flamenco-sevilha-2026-perlas-a-millares.html","url":"https:\/\/www.tablaosflamencos.com\/pt-pt\/carmen-linares-bienal-flamenco-sevilha-2026-perlas-a-millares.html","name":"Carmen Linares na Bienal 2026: Perlas a millares","isPartOf":{"@id":"https:\/\/www.tablaosflamencos.com\/pt-pt#website"},"primaryImageOfPage":{"@id":"https:\/\/www.tablaosflamencos.com\/pt-pt\/carmen-linares-bienal-flamenco-sevilha-2026-perlas-a-millares.html#primaryimage"},"image":{"@id":"https:\/\/www.tablaosflamencos.com\/pt-pt\/carmen-linares-bienal-flamenco-sevilha-2026-perlas-a-millares.html#primaryimage"},"thumbnailUrl":"https:\/\/www.tablaosflamencos.com\/wp-content\/uploads\/carmen-linares-cerrara-la-bienal-2026-perlas-a-millares-01.webp","datePublished":"2026-09-02T23:13:43+00:00","dateModified":"2026-09-02T23:33:04+00:00","description":"Carmen Linares encerra a Bienal de Flamenco de Sevilha 2026 com Perlas a millares: data, artistas, programa, 30.\u00ba anivers\u00e1rio e bilhetes.","breadcrumb":{"@id":"https:\/\/www.tablaosflamencos.com\/pt-pt\/carmen-linares-bienal-flamenco-sevilha-2026-perlas-a-millares.html#breadcrumb"},"inLanguage":"pt-PT","potentialAction":[{"@type":"ReadAction","target":["https:\/\/www.tablaosflamencos.com\/pt-pt\/carmen-linares-bienal-flamenco-sevilha-2026-perlas-a-millares.html"]}]},{"@type":"ImageObject","inLanguage":"pt-PT","@id":"https:\/\/www.tablaosflamencos.com\/pt-pt\/carmen-linares-bienal-flamenco-sevilha-2026-perlas-a-millares.html#primaryimage","url":"https:\/\/www.tablaosflamencos.com\/wp-content\/uploads\/carmen-linares-cerrara-la-bienal-2026-perlas-a-millares-01.webp","contentUrl":"https:\/\/www.tablaosflamencos.com\/wp-content\/uploads\/carmen-linares-cerrara-la-bienal-2026-perlas-a-millares-01.webp","width":1672,"height":941,"caption":"Carmen Linares cerrar\u00e1 la Bienal 2026: Perlas a millares"},{"@type":"BreadcrumbList","@id":"https:\/\/www.tablaosflamencos.com\/pt-pt\/carmen-linares-bienal-flamenco-sevilha-2026-perlas-a-millares.html#breadcrumb","itemListElement":[{"@type":"ListItem","position":1,"name":"Home","item":"https:\/\/www.tablaosflamencos.com\/pt-pt"},{"@type":"ListItem","position":2,"name":"Carmen Linares encerrar\u00e1 a Bienal 2026: Perlas a millares"}]},{"@type":"WebSite","@id":"https:\/\/www.tablaosflamencos.com\/pt-pt#website","url":"https:\/\/www.tablaosflamencos.com\/pt-pt","name":"Tablaos Flamencos","description":"Entradas para tablaos flamencos de Espa\u00f1a","publisher":{"@id":"https:\/\/www.tablaosflamencos.com\/pt-pt#organization"},"alternateName":"Tablaos Flamencos","potentialAction":[{"@type":"SearchAction","target":{"@type":"EntryPoint","urlTemplate":"https:\/\/www.tablaosflamencos.com\/pt-pt?s={search_term_string}"},"query-input":{"@type":"PropertyValueSpecification","valueRequired":true,"valueName":"search_term_string"}}],"inLanguage":"pt-PT"},{"@type":["Organization","Place","EntertainmentBusiness"],"@id":"https:\/\/www.tablaosflamencos.com\/pt-pt#organization","name":"Tablaos Flamencos","alternateName":"Tablaos Flamencos","url":"https:\/\/www.tablaosflamencos.com\/pt-pt","logo":{"@id":"https:\/\/www.tablaosflamencos.com\/pt-pt\/carmen-linares-bienal-flamenco-sevilha-2026-perlas-a-millares.html#local-main-organization-logo"},"image":{"@id":"https:\/\/www.tablaosflamencos.com\/pt-pt\/carmen-linares-bienal-flamenco-sevilha-2026-perlas-a-millares.html#local-main-organization-logo"},"sameAs":["https:\/\/www.facebook.com\/tablaosflamencos","https:\/\/x.com\/tablaosflamenco","https:\/\/mastodon.social\/@tablaosflamencos","https:\/\/www.instagram.com\/tablaosflamencos","https:\/\/tiktok.com\/@tablaosflamencos","https:\/\/www.linkedin.com\/company\/109408238\/"],"description":"Venta de entradas para espect\u00e1culos flamencos","legalName":"Tablaos Flamencos","foundingDate":"2015-01-01","numberOfEmployees":{"@type":"QuantitativeValue","minValue":"1","maxValue":"10"},"address":{"@id":"https:\/\/www.tablaosflamencos.com\/pt-pt\/carmen-linares-bienal-flamenco-sevilha-2026-perlas-a-millares.html#local-main-place-address"},"geo":{"@type":"GeoCoordinates","latitude":"37.3868072","longitude":"-5.993280299999999"},"telephone":["+34623787787"],"contactPoint":{"@type":"ContactPoint","telephone":"+34623787787","email":"info@tablaosflamencos.com"},"openingHoursSpecification":{"@type":"OpeningHoursSpecification","dayOfWeek":["Monday","Tuesday","Wednesday","Thursday","Friday","Saturday","Sunday"],"opens":"00:00","closes":"23:59"},"email":"info@tablaosflamencos.com","priceRange":"$$$","currenciesAccepted":"\u20ac"},{"@type":"Person","@id":"https:\/\/www.tablaosflamencos.com\/pt-pt#\/schema\/person\/e7a9ebe14eb75a52ceabfbffb3c54f5d","name":"Miguel Ortiz","description":"Miguel Ortiz es un empresario flamenco, con una s\u00f3lida trayectoria dentro del sector. Ha presidido entidades culturales vinculadas al flamenco y, cuenta con un amplio recorrido profesional en la gesti\u00f3n y promoci\u00f3n de espect\u00e1culos y tablaos flamencos. Su pasi\u00f3n por la historia y el arte flamenco se refleja en cada art\u00edculo, donde combina experiencia, criterio y un profundo respeto por la tradici\u00f3n.","sameAs":["https:\/\/www.tablaosflamencos.com","https:\/\/www.instagra.com\/miguelortizfe","https:\/\/www.linkedin.com\/in\/miguelortizf\/"],"birthDate":"1984-11-22","gender":"hombre","knowsLanguage":["espa\u00f1ol","ingl\u00e9s"],"jobTitle":"Empresario flamenco"},{"@type":"PostalAddress","@id":"https:\/\/www.tablaosflamencos.com\/pt-pt\/carmen-linares-bienal-flamenco-sevilha-2026-perlas-a-millares.html#local-main-place-address","streetAddress":"C\/ Alemanes, 19","addressLocality":"Sevilla","postalCode":"41004","addressRegion":"Sevilla","addressCountry":"ES"},{"@type":"ImageObject","inLanguage":"pt-PT","@id":"https:\/\/www.tablaosflamencos.com\/pt-pt\/carmen-linares-bienal-flamenco-sevilha-2026-perlas-a-millares.html#local-main-organization-logo","url":"https:\/\/www.tablaosflamencos.com\/wp-content\/uploads\/tablaos-flamencos-06-3.webp","contentUrl":"https:\/\/www.tablaosflamencos.com\/wp-content\/uploads\/tablaos-flamencos-06-3.webp","width":600,"height":620,"caption":"Tablaos Flamencos"}]},"geo.placename":"Sevilla","geo.position":{"lat":"37.3868072","long":"-5.993280299999999"},"geo.region":"Espanha"},"_links":{"self":[{"href":"https:\/\/www.tablaosflamencos.com\/pt-pt\/wp-json\/wp\/v2\/posts\/14110","targetHints":{"allow":["GET"]}}],"collection":[{"href":"https:\/\/www.tablaosflamencos.com\/pt-pt\/wp-json\/wp\/v2\/posts"}],"about":[{"href":"https:\/\/www.tablaosflamencos.com\/pt-pt\/wp-json\/wp\/v2\/types\/post"}],"author":[{"embeddable":true,"href":"https:\/\/www.tablaosflamencos.com\/pt-pt\/wp-json\/wp\/v2\/users\/1"}],"replies":[{"embeddable":true,"href":"https:\/\/www.tablaosflamencos.com\/pt-pt\/wp-json\/wp\/v2\/comments?post=14110"}],"version-history":[{"count":2,"href":"https:\/\/www.tablaosflamencos.com\/pt-pt\/wp-json\/wp\/v2\/posts\/14110\/revisions"}],"predecessor-version":[{"id":14152,"href":"https:\/\/www.tablaosflamencos.com\/pt-pt\/wp-json\/wp\/v2\/posts\/14110\/revisions\/14152"}],"wp:featuredmedia":[{"embeddable":true,"href":"https:\/\/www.tablaosflamencos.com\/pt-pt\/wp-json\/wp\/v2\/media\/14103"}],"wp:attachment":[{"href":"https:\/\/www.tablaosflamencos.com\/pt-pt\/wp-json\/wp\/v2\/media?parent=14110"}],"wp:term":[{"taxonomy":"category","embeddable":true,"href":"https:\/\/www.tablaosflamencos.com\/pt-pt\/wp-json\/wp\/v2\/categories?post=14110"},{"taxonomy":"post_tag","embeddable":true,"href":"https:\/\/www.tablaosflamencos.com\/pt-pt\/wp-json\/wp\/v2\/tags?post=14110"}],"curies":[{"name":"wp","href":"https:\/\/api.w.org\/{rel}","templated":true}]}}