{"id":14027,"date":"2026-09-01T12:18:55","date_gmt":"2026-09-01T10:18:55","guid":{"rendered":"https:\/\/www.tablaosflamencos.com\/?p=14027"},"modified":"2026-09-02T12:13:57","modified_gmt":"2026-09-02T10:13:57","slug":"grandes-estreias-bienal-flamenco-sevilha-2026","status":"publish","type":"post","link":"https:\/\/www.tablaosflamencos.com\/pt-pt\/grandes-estreias-bienal-flamenco-sevilha-2026.html","title":{"rendered":"As grandes estreias da Bienal de Flamenco de Sevilha 2026"},"content":{"rendered":"<section class=\"l-section wpb_row height_huge\"><div class=\"l-section-h i-cf\"><div class=\"g-cols vc_row via_flex valign_top type_default stacking_default\"><div class=\"vc_col-sm-12 wpb_column vc_column_container\"><div class=\"vc_column-inner\"><div class=\"wpb_wrapper\"><div class=\"wpb_text_column\"><div class=\"wpb_wrapper\"><h2>As grandes estreias da Bienal de Flamenco de Sevilha 2026<\/h2>\n<p>O <strong>XXIV Bienal de Flamenco de Sevilha<\/strong>, que ser\u00e1 realizada em <strong>9 de setembro a 3 de outubro de 2026<\/strong>, mais uma vez faz da cidade um grande laborat\u00f3rio de cria\u00e7\u00e3o. Al\u00e9m de reunir figuras consagradas, uma das marcas da Bienal \u00e9 servir de ponto de partida para obras que nascem em Sevilha e que posteriormente poder\u00e3o percorrer festivais e teatros de todo o mundo.<\/p>\n<p>O n\u00famero de estreias vem mudando conforme a programa\u00e7\u00e3o vai encerrando. Em fevereiro, durante a apresenta\u00e7\u00e3o inicial, a organiza\u00e7\u00e3o falou de <strong>22 estreias absolutas<\/strong>. Em 18 de agosto, publicou atualiza\u00e7\u00e3o espec\u00edfica que colocava o saldo em <strong>20 estreias absolutas<\/strong>. E a programa\u00e7\u00e3o atual introduz uma nuance importante: <em>Babel. Torre viva.<\/em>, de David Coria, agora aparece como <strong>estreia nacional<\/strong>, enquanto a oficina familiar <em>Titititrano<\/em>, no \u00e2mbito das atividades paralelas do CaixaForum, surge como <strong>estreia absoluta<\/strong>.<\/p>\n<p>Portanto, para este guia tomamos como refer\u00eancia o <strong>classifica\u00e7\u00e3o que atualmente aparece nas fichas oficiais<\/strong>: 20 estreias absolutas se a programa\u00e7\u00e3o geral do palco e <em>Titititrano<\/em>, al\u00e9m da estreia nacional de David Coria.<\/p>\n<p><strong>\u00daltima atualiza\u00e7\u00e3o:<\/strong> 1\u00ba de setembro de 2026. Os ingressos, hor\u00e1rios e disponibilidade podem continuar mudando, por isso \u00e9 uma boa ideia verificar a programa\u00e7\u00e3o oficial antes de comprar os ingressos.<\/p>\n<\/div><\/div><\/div><\/div><\/div><\/div><\/div><\/section><section class=\"l-section wpb_row height_huge color_alternate with_shape\"><div class=\"l-section-shape type_zigzag pos_top hor_flip\" style=\"height:3vmin;\"><svg xmlns=\"http:\/\/www.w3.org\/2000\/svg\" viewBox=\"0 0 64 8\" preserveAspectRatio=\"none\" width=\"100%\" height=\"100%\">\r\n\t<path fill=\"currentColor\" d=\"M64 8 L0 8 L0 0 L20 7.9 L40 3 L48 5 L64 0 Z\"\/>\r\n<\/svg><\/div><div class=\"l-section-shape type_zigzag pos_bottom\" style=\"height:3vmin;\"><svg xmlns=\"http:\/\/www.w3.org\/2000\/svg\" viewBox=\"0 0 64 8\" preserveAspectRatio=\"none\" width=\"100%\" height=\"100%\">\r\n\t<path fill=\"currentColor\" d=\"M64 8 L0 8 L0 0 L20 7.9 L40 3 L48 5 L64 0 Z\"\/>\r\n<\/svg><\/div><div class=\"l-section-h i-cf\"><div class=\"g-cols vc_row via_flex valign_top type_default stacking_default\"><div class=\"vc_col-sm-12 wpb_column vc_column_container\"><div class=\"vc_column-inner\"><div class=\"wpb_wrapper\"><div class=\"wpb_text_column\"><div class=\"wpb_wrapper\"><blockquote>\n<p><strong>Resposta r\u00e1pida:<\/strong> as grandes estreias da Bienal de Flamenco 2026 come\u00e7am no primeiro fim de semana com <em>Infinito<\/em> por Sara Baras, <em>Menos \u00e9 mais<\/em> de La Tremendita, <em>Fractal Arcano<\/em> de Dorantes, <em>O mesmo sangue do corpo<\/em> por \u00c1ngeles Toledano e <em>Raps\u00f3dia. fantasia subterr\u00e2nea<\/em> por Ana Morales. Depois, entre outros, chegar\u00e3o Rafael Riqueni e Tim Ries, Olga Pericet, Andr\u00e9s Mar\u00edn, Israel e Pastora Galv\u00e1n, Farruquito, Sara Jim\u00e9nez, Alfonso Losa e Sandra Carrasco junto com David de Arahal. A programa\u00e7\u00e3o atual tamb\u00e9m acrescenta <em>Titititrano<\/em> como uma estreia familiar absoluta e classifica <em>Babel. Torre viva.<\/em>, de David Coria, em estreia nacional.<\/p>\n<\/blockquote>\n<\/div><\/div><div class=\"w-separator size_medium\"><\/div><div class=\"w-hwrapper valign_top wrap stack_on_mobiles align_center\" style=\"--hwrapper-gap:1.2rem\"><div class=\"w-btn-wrapper align_none\"><a class=\"w-btn us-btn-style_1\" href=\"https:\/\/www.tablaosflamencos.com\/pt-pt\/bienal-flamenco-sevilha-2026.html\"><span class=\"w-btn-label\">Guia completo da Bienal 2026<\/span><\/a><\/div><div class=\"w-btn-wrapper align_none\"><a class=\"w-btn us-btn-style_1\" href=\"https:\/\/www.tablaosflamencos.com\/pt-pt\/o-que-ver-primeiro-fim-de-semana-bienal-flamenco-sevilha-2026.html\"><span class=\"w-btn-label\">Primeiro fim de semana da Bienal<\/span><\/a><\/div><div class=\"w-btn-wrapper align_none\"><a class=\"w-btn us-btn-style_1\" target=\"_blank\" href=\"https:\/\/www.labienal.com\/programa-general\"><span class=\"w-btn-label\">Programa\u00e7\u00e3o oficial<\/span><\/a><\/div><\/div><\/div><\/div><\/div><\/div><\/div><\/section><section class=\"l-section wpb_row height_huge\"><div class=\"l-section-h i-cf\"><div class=\"g-cols vc_row via_flex valign_top type_default stacking_default\"><div class=\"vc_col-sm-12 wpb_column vc_column_container\"><div class=\"vc_column-inner\"><div class=\"wpb_wrapper\"><div class=\"wpb_text_column\"><div class=\"wpb_wrapper\"><h2>Por que as estreias s\u00e3o uma das chaves da Bienal<\/h2>\n<p>Uma Bienal n\u00e3o se limita a reunir boas mostras existentes. Parte do seu prest\u00edgio est\u00e1 em <strong>causa cria\u00e7\u00e3o<\/strong>: encomendar, coproduzir, promover ou hospedar novos projetos e oferecer-lhes um contexto onde artistas, cr\u00edticos, programadores e f\u00e3s os descubram ao mesmo tempo.<\/p>\n<p>A estreia absoluta acrescenta um elemento que n\u00e3o existe quando se vai a uma obra j\u00e1 filmada. Ainda n\u00e3o h\u00e1 cr\u00edticas consolidadas, nem rea\u00e7\u00e3o generalizada do p\u00fablico, nem um grande acervo de v\u00eddeos que nos permita antecipar exatamente o que acontecer\u00e1 no palco. O espectador testemunha o nascimento da pe\u00e7a.<\/p>\n<p>Em 2026, esta cria\u00e7\u00e3o distribui-se por espa\u00e7os muito distintos. O Teatro de la Maestranza concentra grandes formatos; o Teatro Central funciona como territ\u00f3rio de pesquisa; o Lope de Vega recupera seu papel hist\u00f3rico dentro da Bienal; A Real F\u00e1brica de Artilharia abre possibilidades c\u00eanicas ligadas \u00e0 sua arquitetura; o Teatro Alameda re\u00fane novas vozes e linguagens de dan\u00e7a; o Espa\u00e7o Turina refor\u00e7a a execu\u00e7\u00e3o e a cria\u00e7\u00e3o instrumental; o Real Alc\u00e1zar coloca o canto no seu patrim\u00f3nio; e o CaixaForum incorpora a vertente familiar.<\/p>\n<p>Se voc\u00ea estiver organizando uma viagem pelo <a href=\"https:\/\/www.tablaosflamencos.com\/bienal-flamenco-sevilla-2026.html\"><strong>Bienal de Flamenco de Sevilha 2026<\/strong><\/a>, vale a pena assistir o programa n\u00e3o s\u00f3 pelo nome do artista, mas tamb\u00e9m por uma pergunta: <strong>quais obras podem ser vistas aqui pela primeira vez?<\/strong><\/p>\n<\/div><\/div><\/div><\/div><\/div><\/div><\/div><\/section><section class=\"l-section wpb_row height_huge color_alternate with_shape\"><div class=\"l-section-shape type_zigzag pos_top hor_flip\" style=\"height:3vmin;\"><svg xmlns=\"http:\/\/www.w3.org\/2000\/svg\" viewBox=\"0 0 64 8\" preserveAspectRatio=\"none\" width=\"100%\" height=\"100%\">\r\n\t<path fill=\"currentColor\" d=\"M64 8 L0 8 L0 0 L20 7.9 L40 3 L48 5 L64 0 Z\"\/>\r\n<\/svg><\/div><div class=\"l-section-shape type_zigzag pos_bottom\" style=\"height:3vmin;\"><svg xmlns=\"http:\/\/www.w3.org\/2000\/svg\" viewBox=\"0 0 64 8\" preserveAspectRatio=\"none\" width=\"100%\" height=\"100%\">\r\n\t<path fill=\"currentColor\" d=\"M64 8 L0 8 L0 0 L20 7.9 L40 3 L48 5 L64 0 Z\"\/>\r\n<\/svg><\/div><div class=\"l-section-h i-cf\"><div class=\"g-cols vc_row via_flex valign_top type_default stacking_default\"><div class=\"vc_col-sm-12 wpb_column vc_column_container\"><div class=\"vc_column-inner\"><div class=\"wpb_wrapper\"><div class=\"wpb_text_column\"><div class=\"wpb_wrapper\"><h2>As 20 estreias absolutas da Bienal de 2026, uma por uma<\/h2>\n<div style=\"overflow-x: auto;\">\n<table>\n<thead>\n<tr>\n<th>Data<\/th>\n<th>Hora<\/th>\n<th>Artista \/ atividade<\/th>\n<th>Mostrar<\/th>\n<th>Espa\u00e7o<\/th>\n<th>Tipo<\/th>\n<\/tr>\n<\/thead>\n<tbody>\n<tr>\n<td>11 a 13 de setembro<\/td>\n<td>V\u00e1rias sess\u00f5es<\/td>\n<td>Oficina de flamenco familiar<\/td>\n<td><em>Titititrano<\/em><\/td>\n<td>CaixaForum<\/td>\n<td>Estreia absoluta \u00b7 atividade gratuita<\/td>\n<\/tr>\n<tr>\n<td>11 a 13 de setembro<\/td>\n<td>20:00<\/td>\n<td>Sara Baras<\/td>\n<td><em>Infinito<\/em><\/td>\n<td>Teatro Maestranza<\/td>\n<td>Estreia absoluta<\/td>\n<\/tr>\n<tr>\n<td>11 de setembro<\/td>\n<td>22:30<\/td>\n<td>Ros\u00e1rio La Tremendita<\/td>\n<td><em>Menos \u00e9 mais<\/em><\/td>\n<td>Teatro Central<\/td>\n<td>Estreia absoluta<\/td>\n<\/tr>\n<tr>\n<td>12 de setembro<\/td>\n<td>20:00<\/td>\n<td>Dorantes<\/td>\n<td><em>Fractal Arcano<\/em><\/td>\n<td>Teatro Lope de Vega<\/td>\n<td>Estreia absoluta<\/td>\n<\/tr>\n<tr>\n<td>12 de setembro<\/td>\n<td>22:30<\/td>\n<td>\u00c1ngeles Toledano<\/td>\n<td><em>O mesmo sangue do corpo<\/em><\/td>\n<td>Teatro Alameda<\/td>\n<td>Estreia absoluta<\/td>\n<\/tr>\n<tr>\n<td>13 a 14 de setembro<\/td>\n<td>21:00<\/td>\n<td>Ana Morales<\/td>\n<td><em>Raps\u00f3dia. fantasia subterr\u00e2nea<\/em><\/td>\n<td>F\u00e1brica Real de Artilharia<\/td>\n<td>Estreia absoluta<\/td>\n<\/tr>\n<tr>\n<td>14 de setembro<\/td>\n<td>22:30<\/td>\n<td>Macarena L\u00f3pez<\/td>\n<td><em>Acima de tudo<\/em><\/td>\n<td>Teatro Alameda<\/td>\n<td>Estreia absoluta<\/td>\n<\/tr>\n<tr>\n<td>15 de setembro<\/td>\n<td>21:30<\/td>\n<td>Rancapino Chico<\/td>\n<td><em>Quadro negro<\/em><\/td>\n<td>Alc\u00e1zar Real<\/td>\n<td>Estreia absoluta<\/td>\n<\/tr>\n<tr>\n<td>19 de setembro<\/td>\n<td>19:00<\/td>\n<td>Mar\u00eda Mar\u00edn<\/td>\n<td><em>As Tr\u00eas Marias<\/em><\/td>\n<td>Espa\u00e7o Turina<\/td>\n<td>Estreia absoluta<\/td>\n<\/tr>\n<tr>\n<td>21 de setembro<\/td>\n<td>20:00<\/td>\n<td>Rafael Riqueni e Tim Ries<\/td>\n<td><em>Tun\u00edsia<\/em><\/td>\n<td>Teatro Lope de Vega<\/td>\n<td>Estreia absoluta<\/td>\n<\/tr>\n<tr>\n<td>21 de setembro<\/td>\n<td>22:30<\/td>\n<td>Olga Pericet<\/td>\n<td><em>Perspectiva sobre uma dan\u00e7a sonora<\/em><\/td>\n<td>Teatro Central<\/td>\n<td>Estreia absoluta<\/td>\n<\/tr>\n<tr>\n<td>23 de setembro<\/td>\n<td>21:00<\/td>\n<td>Pablo Mart\u00edn Caminero com Mar\u00eda Moreno<\/td>\n<td><em>Trilogia. para a dan\u00e7a<\/em><\/td>\n<td>F\u00e1brica Real de Artilharia<\/td>\n<td>Estreia absoluta<\/td>\n<\/tr>\n<tr>\n<td>23 de setembro<\/td>\n<td>22:30<\/td>\n<td>Juan Tom\u00e1s de la Mol\u00eda e \u00c1gueda Saavedra<\/td>\n<td><em>Eu te desafio<\/em><\/td>\n<td>Teatro Central<\/td>\n<td>Estreia absoluta<\/td>\n<\/tr>\n<tr>\n<td>25 de setembro<\/td>\n<td>22:30<\/td>\n<td>Andr\u00e9s Mar\u00edn<\/td>\n<td><em>Deserto<\/em><\/td>\n<td>Teatro Central<\/td>\n<td>Estreia absoluta<\/td>\n<\/tr>\n<tr>\n<td>26 de setembro<\/td>\n<td>20:00<\/td>\n<td>Israel Galv\u00e1n<\/td>\n<td><em>Bolero preto e branco<\/em><\/td>\n<td>Teatro Maestranza<\/td>\n<td>Estreia absoluta<\/td>\n<\/tr>\n<tr>\n<td>26 de setembro<\/td>\n<td>22:30<\/td>\n<td>Pastora Galv\u00e1n<\/td>\n<td><em>TRIBEsssh!<\/em><\/td>\n<td>Teatro Alameda<\/td>\n<td>Estreia absoluta<\/td>\n<\/tr>\n<tr>\n<td>28 de setembro<\/td>\n<td>20:00<\/td>\n<td>Farruquito<\/td>\n<td><em>Voc\u00ea ser\u00e1 Farruquito: o musical<\/em><\/td>\n<td>Teatro Maestranza<\/td>\n<td>Estreia absoluta<\/td>\n<\/tr>\n<tr>\n<td>29 de setembro<\/td>\n<td>22:30<\/td>\n<td>Sara Jim\u00e9nez na Companhia<\/td>\n<td><em>A empresa<\/em><\/td>\n<td>Teatro Central<\/td>\n<td>Estreia absoluta<\/td>\n<\/tr>\n<tr>\n<td>2 de outubro<\/td>\n<td>20:00<\/td>\n<td>Alfonso Losa<\/td>\n<td><em>Gesto m\u00ednimo<\/em><\/td>\n<td>Teatro Lope de Vega<\/td>\n<td>Estreia absoluta<\/td>\n<\/tr>\n<tr>\n<td>2 de outubro<\/td>\n<td>22:30<\/td>\n<td>Sandra Carrasco e David de Arahal<\/td>\n<td><em>Poema da liberdade<\/em><\/td>\n<td>Teatro Central<\/td>\n<td>Estreia absoluta<\/td>\n<\/tr>\n<\/tbody>\n<\/table>\n<\/div>\n<p><small>Classifica\u00e7\u00e3o elaborada a partir dos registros oficiais vigentes em 1\u00ba de setembro de 2026. Os tr\u00eas dias de <em>Titititrano<\/em> correspondem a uma mesma estreia absoluta com diversas sess\u00f5es.<\/small><\/p>\n<\/div><\/div><\/div><\/div><\/div><\/div><\/div><\/section><section class=\"l-section wpb_row height_huge\"><div class=\"l-section-h i-cf\"><div class=\"g-cols vc_row via_flex valign_top type_default stacking_default\"><div class=\"vc_col-sm-12 wpb_column vc_column_container\"><div class=\"vc_column-inner\"><div class=\"wpb_wrapper\"><div class=\"wpb_text_column\"><div class=\"wpb_wrapper\"><h2>E uma estreia nacional: Babel. Torre viva. por David Coria<\/h2>\n<p>A situa\u00e7\u00e3o de <strong>David Coria<\/strong> merece uma explica\u00e7\u00e3o porque \u00e9 a principal fonte de confus\u00e3o entre as diferentes comunica\u00e7\u00f5es da Bienal. Em informa\u00e7\u00e3o publicada em 18 de agosto, <em>Babel. Torre viva.<\/em> apareceu dentro do bloco de novas cria\u00e7\u00f5es da edi\u00e7\u00e3o. No entanto, o atual registro oficial do show o identifica como <strong>estreia nacional<\/strong> e estabelece sua representa\u00e7\u00e3o para o <strong>29 de setembro \u00e0s 20h.<\/strong> no Teatro Lope de Vega.<\/p>\n<p>Uma estreia mundial \u00e9 a primeira apresenta\u00e7\u00e3o p\u00fablica de uma obra em qualquer lugar. Uma estreia nacional indica que a produ\u00e7\u00e3o j\u00e1 foi apresentada fora de Espanha, mas \u00e9 apresentada pela primeira vez no pa\u00eds. A diferen\u00e7a n\u00e3o diminui o interesse do projeto: Coria parte do mito da torre de Babel para abordar fraturas, linguagens, conviv\u00eancia e possibilidades de encontro a partir de uma linguagem f\u00edsica e coreogr\u00e1fica contempor\u00e2nea.<\/p>\n<p>A classifica\u00e7\u00e3o atual \u00e9 especialmente \u00fatil porque algumas not\u00edcias e materiais mais antigos ainda podem apresentar <em>Babel. Torre viva.<\/em> como estreia absoluta. Neste guia sempre prevalece <strong>arquivo oficial mais recente<\/strong>.<\/p>\n<\/div><\/div><\/div><\/div><\/div><\/div><\/div><\/section><section class=\"l-section wpb_row height_huge color_alternate with_shape\"><div class=\"l-section-shape type_zigzag pos_top hor_flip\" style=\"height:3vmin;\"><svg xmlns=\"http:\/\/www.w3.org\/2000\/svg\" viewBox=\"0 0 64 8\" preserveAspectRatio=\"none\" width=\"100%\" height=\"100%\">\r\n\t<path fill=\"currentColor\" d=\"M64 8 L0 8 L0 0 L20 7.9 L40 3 L48 5 L64 0 Z\"\/>\r\n<\/svg><\/div><div class=\"l-section-shape type_zigzag pos_bottom\" style=\"height:3vmin;\"><svg xmlns=\"http:\/\/www.w3.org\/2000\/svg\" viewBox=\"0 0 64 8\" preserveAspectRatio=\"none\" width=\"100%\" height=\"100%\">\r\n\t<path fill=\"currentColor\" d=\"M64 8 L0 8 L0 0 L20 7.9 L40 3 L48 5 L64 0 Z\"\/>\r\n<\/svg><\/div><div class=\"l-section-h i-cf\"><div class=\"g-cols vc_row via_flex valign_top type_default stacking_default\"><div class=\"vc_col-sm-12 wpb_column vc_column_container\"><div class=\"vc_column-inner\"><div class=\"wpb_wrapper\"><div class=\"wpb_text_column\"><div class=\"wpb_wrapper\"><h2>O primeiro fim de semana concentra cinco grandes estreias em palcos<\/h2>\n<p>A primeira grande leva chega entre 11 e 14 de setembro. Sara Baras retorna \u00e0 Bienal ap\u00f3s quatorze anos com <strong><em>Infinito<\/em><\/strong>, criada para a edi\u00e7\u00e3o e articulada em torno de oito perspectivas femininas ligadas simbolicamente \u00e0s oito prov\u00edncias da Andaluzia. Suas tr\u00eas apresenta\u00e7\u00f5es na Maestranza fazem do retorno da bailarina um dos grandes acontecimentos da largada.<\/p>\n<p>Nessa mesma sexta-feira, dia 11, estreia Rosario La Tremendita no Teatro Central <strong><em>Menos \u00e9 mais<\/em><\/strong>. Canto, baixo, viol\u00e3o, bateria e teclado constroem uma proposta aberta \u00e0 pesquisa e ao di\u00e1logo com outras linguagens musicais. No s\u00e1bado, dia 12, Dorantes apresenta <strong><em>Fractal Arcano<\/em><\/strong> nas estreias de Lope de Vega e \u00c1ngeles Toledano <strong><em>O mesmo sangue do corpo<\/em><\/strong> na Alameda.<\/p>\n<p>No domingo, 13, e na segunda, 14, Ana Morales ocupa a Real F\u00e1brica de Artilharia com <strong><em>Raps\u00f3dia. fantasia subterr\u00e2nea<\/em><\/strong>, a creation connected to an underground, historical and imaginary Seville and with musical direction by Ni\u00f1o de Elche. Suas apresenta\u00e7\u00f5es esgotaram antes do in\u00edcio do festival.<\/p>\n<p>Somado a essas estreias de palco est\u00e1 <strong><em>Titititrano<\/em><\/strong>, proposta gratuita para fam\u00edlia do CaixaForum, que a programa\u00e7\u00e3o oficial tamb\u00e9m classifica como estreia absoluta e que acontece nos dias 11, 12 e 13 com sess\u00f5es diferenciadas.<\/p>\n<p>Para encomendar todos os jogos daqueles dias voc\u00ea pode consultar nosso guia <a href=\"https:\/\/www.tablaosflamencos.com\/primer-fin-semana-bienal-flamenco-sevilla-2026.html\"><strong>what to see the first weekend of the 2026 Biennale<\/strong><\/a>.<\/p>\n<\/div><\/div><\/div><\/div><\/div><\/div><\/div><\/section><section class=\"l-section wpb_row height_huge\"><div class=\"l-section-h i-cf\"><div class=\"g-cols vc_row via_flex valign_top type_default stacking_default\"><div class=\"vc_col-sm-12 wpb_column vc_column_container\"><div class=\"vc_column-inner\"><div class=\"wpb_wrapper\"><div class=\"wpb_text_column\"><div class=\"wpb_wrapper\"><h2>Do canto de arquivo \u00e0s novas vozes<\/h2>\n<p>The singing chapter shows that debuting does not necessarily mean breaking with tradition. <strong>Rancapino Chico<\/strong> will present on September 15 at the Real Alc\u00e1zar <strong><em>Quadro negro<\/em><\/strong>, a recital inspired by old 78 rpm records and the sound memory of masters such as Tom\u00e1s Pav\u00f3n or Manuel Torre. \u00c9 uma estreia que olha para tr\u00e1s para construir uma leitura atual das fontes do canto.<\/p>\n<p>No outro extremo geracional, <strong>\u00c1ngeles Toledano<\/strong> converts the universe of his recording work and his relationship with traditional singing into stage material for <em>O mesmo sangue do corpo<\/em>. La Tremendita, por sua vez, utiliza a raiz como ponto de partida para uma arquitetura musical muito mais aberta.<\/p>\n<p>Em 2 de outubro, <strong>Sandra Carrasco e David de Arahal<\/strong> encerrar\u00e1 este tour com <strong><em>Poema da liberdade<\/em><\/strong>. O projeto toma como refer\u00eancia Pepe Marchena no 50\u00ba anivers\u00e1rio da sua morte e rev\u00ea o seu legado a partir da rela\u00e7\u00e3o entre o canto e o viol\u00e3o, reivindicando a liberdade criativa que acompanhou uma das figuras fundamentais da chamada \u00d3pera Flamenca.<\/p>\n<p>Esse contexto hist\u00f3rico pode ser ampliado em nosso guia sobre <a href=\"https:\/\/www.tablaosflamencos.com\/la-noche-azul-opera-flamenca-bienal-sevilla-2026.html\"><strong>The blue night and the time of the Flamenco Opera<\/strong><\/a>.<\/p>\n<\/div><\/div><\/div><\/div><\/div><\/div><\/div><\/section><section class=\"l-section wpb_row height_huge color_alternate with_shape\"><div class=\"l-section-shape type_zigzag pos_top hor_flip\" style=\"height:3vmin;\"><svg xmlns=\"http:\/\/www.w3.org\/2000\/svg\" viewBox=\"0 0 64 8\" preserveAspectRatio=\"none\" width=\"100%\" height=\"100%\">\r\n\t<path fill=\"currentColor\" d=\"M64 8 L0 8 L0 0 L20 7.9 L40 3 L48 5 L64 0 Z\"\/>\r\n<\/svg><\/div><div class=\"l-section-shape type_zigzag pos_bottom\" style=\"height:3vmin;\"><svg xmlns=\"http:\/\/www.w3.org\/2000\/svg\" viewBox=\"0 0 64 8\" preserveAspectRatio=\"none\" width=\"100%\" height=\"100%\">\r\n\t<path fill=\"currentColor\" d=\"M64 8 L0 8 L0 0 L20 7.9 L40 3 L48 5 L64 0 Z\"\/>\r\n<\/svg><\/div><div class=\"l-section-h i-cf\"><div class=\"g-cols vc_row via_flex valign_top type_default stacking_default\"><div class=\"vc_col-sm-12 wpb_column vc_column_container\"><div class=\"vc_column-inner\"><div class=\"wpb_wrapper\"><div class=\"wpb_text_column\"><div class=\"wpb_wrapper\"><h2>Touch and instrumental creation expand the map<\/h2>\n<p>O <strong>19 de setembro<\/strong>, Mar\u00eda Mar\u00edn apresentar\u00e1 <strong><em>As Tr\u00eas Marias<\/em><\/strong> no Espa\u00e7o Turina. Guitarrista, cantor e compositor, Mar\u00edn transita entre a tradi\u00e7\u00e3o flamenca, a m\u00fasica popular e a experimenta\u00e7\u00e3o contempor\u00e2nea, com produ\u00e7\u00e3o musical de Ra\u00fal Cantizano.<\/p>\n<p>Dois dias depois, Lope de Vega reunir\u00e1 <strong>Rafael Riqueni e Tim Ries<\/strong> pt <strong><em>Tun\u00edsia<\/em><\/strong>. A guitarra do maestro Triana dialogar\u00e1 com os saxofones e a flauta do m\u00fasico norte-americano num projeto que cruza o flamenco, o jazz, a improvisa\u00e7\u00e3o e a liberdade musical.<\/p>\n<p>Dorantes abre este territ\u00f3rio alguns dias antes com <em>Fractal Arcano<\/em>, placing the piano and the clapping at the center of a specially refined proposal. E a Real F\u00e1brica de Artilharia sediar\u00e1 de 22 a 24 de setembro o <strong><em>Trilogia<\/em> por Pablo Mart\u00edn Caminero<\/strong>. Os cap\u00edtulos <em>Ao toque<\/em> y <em>Cantando<\/em> enquadrar a estreia absoluta de <strong><em>Trilogia. para a dan\u00e7a<\/em><\/strong>, com Mar\u00eda Moreno, em 23 de setembro.<\/p>\n<p>O segredo \u00e9 que a estreia instrumental de 2026 n\u00e3o se limita ao viol\u00e3o solo: piano, contrabaixo, saxofone, flauta e outras sonoridades ampliam o panorama musical da Bienal.<\/p>\n<\/div><\/div><\/div><\/div><\/div><\/div><\/div><\/section><section class=\"l-section wpb_row height_huge\"><div class=\"l-section-h i-cf\"><div class=\"g-cols vc_row via_flex valign_top type_default stacking_default\"><div class=\"vc_col-sm-12 wpb_column vc_column_container\"><div class=\"vc_column-inner\"><div class=\"wpb_wrapper\"><div class=\"wpb_text_column\"><div class=\"wpb_wrapper\"><h2>O Teatro Central, laborat\u00f3rio de novas linguagens<\/h2>\n<p>O Teatro Central concentra boa parte dos projetos mais ligados \u00e0 pesquisa c\u00eanica. O <strong>21 de setembro<\/strong>, Olga Pericet apresentar\u00e1 <strong><em>Perspectiva sobre uma dan\u00e7a sonora<\/em><\/strong>, nome atualmente utilizado pelo arquivo oficial. A proposta revisita a sua pr\u00f3pria mem\u00f3ria corporal e art\u00edstica e levanta novas possibilidades para o recital de flamenco.<\/p>\n<p>O <strong>23 de setembro<\/strong>, <strong>Juan Tom\u00e1s de la Mol\u00eda e \u00c1gueda Saavedra<\/strong> ser\u00e1 lan\u00e7ado <strong><em>Eu te desafio<\/em><\/strong> sob a dire\u00e7\u00e3o de Manuel Li\u00f1\u00e1n. O <strong>25<\/strong> chegar\u00e1 <strong>Andr\u00e9s Mar\u00edn<\/strong> com <strong><em>Deserto<\/em><\/strong>, obra que se baseia na mem\u00f3ria po\u00e9tica da Alameda de H\u00e9rcules e tem Jos\u00e9 de la Tomasa como artista convidado.<\/p>\n<p>O <strong>29 de setembro<\/strong>, <strong>Sara Jim\u00e9nez na Companhia<\/strong> estrear\u00e1 <strong><em>A empresa<\/em><\/strong>, uma f\u00e1bula c\u00eanica que mistura flamenco, dan\u00e7a contempor\u00e2nea, teatro e imagens circenses para refletir sobre a identidade, a diferen\u00e7a e o lugar do artista.<\/p>\n<p>e o <strong>2 de outubro<\/strong>, Sandra Carrasco e David de Arahal apresentar\u00e3o <em>Poema da liberdade<\/em>. A Central permite-nos assim percorrer, quase como um festival dentro do festival, alguns dos caminhos mais abertos do flamenco contempor\u00e2neo.<\/p>\n<\/div><\/div><\/div><\/div><\/div><\/div><\/div><\/section><section class=\"l-section wpb_row height_huge color_alternate with_shape\"><div class=\"l-section-shape type_zigzag pos_top hor_flip\" style=\"height:3vmin;\"><svg xmlns=\"http:\/\/www.w3.org\/2000\/svg\" viewBox=\"0 0 64 8\" preserveAspectRatio=\"none\" width=\"100%\" height=\"100%\">\r\n\t<path fill=\"currentColor\" d=\"M64 8 L0 8 L0 0 L20 7.9 L40 3 L48 5 L64 0 Z\"\/>\r\n<\/svg><\/div><div class=\"l-section-shape type_zigzag pos_bottom\" style=\"height:3vmin;\"><svg xmlns=\"http:\/\/www.w3.org\/2000\/svg\" viewBox=\"0 0 64 8\" preserveAspectRatio=\"none\" width=\"100%\" height=\"100%\">\r\n\t<path fill=\"currentColor\" d=\"M64 8 L0 8 L0 0 L20 7.9 L40 3 L48 5 L64 0 Z\"\/>\r\n<\/svg><\/div><div class=\"l-section-h i-cf\"><div class=\"g-cols vc_row via_flex valign_top type_default stacking_default\"><div class=\"vc_col-sm-12 wpb_column vc_column_container\"><div class=\"vc_column-inner\"><div class=\"wpb_wrapper\"><div class=\"wpb_text_column\"><div class=\"wpb_wrapper\"><h2>Israel Galv\u00e1n, Pastora Galv\u00e1n e Farruquito: a grande se\u00e7\u00e3o de dan\u00e7a<\/h2>\n<p>O <strong>26 de setembro<\/strong> concentra duas estreias especialmente atrativas para quem acompanha a dan\u00e7a sevilhana. \u00c0s 20h, no Teatro Maestranza, <strong>Israel Galv\u00e1n<\/strong> apresentar\u00e1 <strong><em>Bolero preto e branco<\/em><\/strong>, sua abordagem do universo de Maurice Ravel e do g\u00eanero bolero.<\/p>\n<p>\u00c0s 22h30, o Teatro Alameda receber\u00e1 <strong>Pastora Galv\u00e1n<\/strong> com <strong><em>TRIBEsssh!<\/em><\/strong>, uma obra que coloca a sua personalidade c\u00eanica e a tradi\u00e7\u00e3o da dan\u00e7a feminina sevilhana em di\u00e1logo com um imagin\u00e1rio musical mais amplo.<\/p>\n<p>Dois dias depois, o <strong>28 de setembro<\/strong>, <strong>Farruquito<\/strong> estrear\u00e1 no Teatro de la Maestranza <strong><em>Voc\u00ea ser\u00e1 Farruquito: o musical<\/em><\/strong>. O projeto foge do formato convencional de recital e constr\u00f3i uma biografia emocionante em torno de sua hist\u00f3ria pessoal, familiar e art\u00edstica, com arquivo pr\u00f3prio, grupo de dan\u00e7a e extensa forma\u00e7\u00e3o musical.<\/p>\n<p>A digress\u00e3o de dan\u00e7a completa-se com Macarena L\u00f3pez, Ana Morales, Olga Pericet, Andr\u00e9s Mar\u00edn, Sara Jim\u00e9nez, Alfonso Losa e a estreia nacional de David Coria, mostrando at\u00e9 que ponto a edi\u00e7\u00e3o de 2026 utiliza o corpo como territ\u00f3rio de mem\u00f3ria, investiga\u00e7\u00e3o e cria\u00e7\u00e3o.<\/p>\n<\/div><\/div><\/div><\/div><\/div><\/div><\/div><\/section><section class=\"l-section wpb_row height_huge\"><div class=\"l-section-h i-cf\"><div class=\"g-cols vc_row via_flex valign_top type_default stacking_default\"><div class=\"vc_col-sm-12 wpb_column vc_column_container\"><div class=\"vc_column-inner\"><div class=\"wpb_wrapper\"><div class=\"wpb_text_column\"><div class=\"wpb_wrapper\"><h2>O fechamento criativo: gesto m\u00ednimo e poema de liberdade<\/h2>\n<p>O <strong>2 de outubro<\/strong>, a apenas um dia do encerramento, a Bienal concentrar\u00e1 duas estreias absolutas bem distintas.<\/p>\n<p>\u00c0s 20h00 em Lope de Vega, <strong>Alfonso Losa<\/strong> apresentar\u00e1 <strong><em>Gesto m\u00ednimo<\/em><\/strong>, uma investiga\u00e7\u00e3o sobre o corpo como espa\u00e7o de encontro e a ideia de \u201ccomunidade dan\u00e7ante\u201d. A obra utiliza pequenos gestos coreogr\u00e1ficos para refletir sobre a conviv\u00eancia, a fragilidade e a rela\u00e7\u00e3o entre os corpos.<\/p>\n<p>\u00c0s 22h30 no Teatro Central, <strong>Sandra Carrasco e David de Arahal<\/strong> ser\u00e1 lan\u00e7ado <strong><em>Poema da liberdade<\/em><\/strong>. A revis\u00e3o do legado de Pepe Marchena conecta-se com um dos grandes fios hist\u00f3ricos desta edi\u00e7\u00e3o: o s\u00e9culo que passou desde a consolida\u00e7\u00e3o da \u00d3pera Flamenca como fen\u00f4meno c\u00eanico e popular.<\/p>\n<p>Este duplo encerramento resume bem a amplitude do programa: uma investiga\u00e7\u00e3o coreogr\u00e1fica contempor\u00e2nea e uma releitura da mem\u00f3ria do canto coexistem na mesma noite.<\/p>\n<\/div><\/div><\/div><\/div><\/div><\/div><\/div><\/section><section class=\"l-section wpb_row height_huge color_alternate with_shape\"><div class=\"l-section-shape type_zigzag pos_top hor_flip\" style=\"height:3vmin;\"><svg xmlns=\"http:\/\/www.w3.org\/2000\/svg\" viewBox=\"0 0 64 8\" preserveAspectRatio=\"none\" width=\"100%\" height=\"100%\">\r\n\t<path fill=\"currentColor\" d=\"M64 8 L0 8 L0 0 L20 7.9 L40 3 L48 5 L64 0 Z\"\/>\r\n<\/svg><\/div><div class=\"l-section-shape type_zigzag pos_bottom\" style=\"height:3vmin;\"><svg xmlns=\"http:\/\/www.w3.org\/2000\/svg\" viewBox=\"0 0 64 8\" preserveAspectRatio=\"none\" width=\"100%\" height=\"100%\">\r\n\t<path fill=\"currentColor\" d=\"M64 8 L0 8 L0 0 L20 7.9 L40 3 L48 5 L64 0 Z\"\/>\r\n<\/svg><\/div><div class=\"l-section-h i-cf\"><div class=\"g-cols vc_row via_flex valign_top type_default stacking_default\"><div class=\"vc_col-sm-12 wpb_column vc_column_container\"><div class=\"vc_column-inner\"><div class=\"wpb_wrapper\"><div class=\"wpb_text_column\"><div class=\"wpb_wrapper\"><h2>Como escolher entre tantas estreias<\/h2>\n<p>Se voc\u00ea vai ficar em Sevilha apenas por um ou dois dias, tentar perseguir \u201ca melhor estreia\u201d pode ser menos \u00fatil do que decidir que tipo de flamenco voc\u00ea quer ver.<\/p>\n<p>Se voc\u00ea pesquisar <strong>grande formato e dan\u00e7a<\/strong>, Sara Baras, Israel Galv\u00e1n ou Farruquito s\u00e3o refer\u00eancias \u00f3bvias. Se voc\u00ea estiver interessado em <strong>pesquisa coreogr\u00e1fica<\/strong>, veja Ana Morales, Olga Pericet, Andr\u00e9s Mar\u00edn, Sara Jim\u00e9nez, Alfonso Losa ou David Coria. Para <strong>cantos e novas vozes<\/strong>, La Tremendita, \u00c1ngeles Toledano, Rancapino Chico ou Sandra Carrasco oferecem caminhos muito diferentes. E se sua prioridade for <strong>toque e m\u00fasica instrumental<\/strong>, Dorantes, Mar\u00eda Mar\u00edn, Rafael Riqueni com Tim Ries e Pablo Mart\u00edn Caminero formam um tour excepcional.<\/p>\n<p>Tamb\u00e9m \u00e9 uma boa ideia verificar a disponibilidade antes de finalizar sua viagem e hospedagem. Alguns recursos est\u00e3o fora de estoque h\u00e1 algum tempo. Nosso guia para <a href=\"https:\/\/www.tablaosflamencos.com\/bienal-flamenco-2026-entradas-agotadas-que-ver.html\"><strong>ingressos esgotados para a Bienal de 2026<\/strong><\/a> explica quais alternativas existem quando uma primeira op\u00e7\u00e3o n\u00e3o est\u00e1 mais dispon\u00edvel.<\/p>\n<p>Nem todos os grandes eventos da edi\u00e7\u00e3o s\u00e3o estreias. A Bienal tamb\u00e9m anunciou <a href=\"https:\/\/www.tablaosflamencos.com\/noches-unicas-bienal-flamenco-sevilla-2026.html\"><strong>26 Noites \u00danicas<\/strong><\/a>, al\u00e9m de exposi\u00e7\u00f5es, atividades paralelas e propostas gratuitas. Voc\u00ea pode consultar nossa lista de <a href=\"https:\/\/www.tablaosflamencos.com\/bienal-flamenco-sevilla-2026-gratis.html\"><strong>atividades gratuitas da Bienal 2026<\/strong><\/a> para completar a viagem sem depender exclusivamente de ingressos de teatro.<\/p>\n<p>Para confirmar hor\u00e1rios, altera\u00e7\u00f5es de \u00faltima hora e venda de bilhetes consulte sempre o <a href=\"https:\/\/www.labienal.com\/programa-general\" target=\"_blank\" rel=\"noopener\"><strong>programa\u00e7\u00e3o oficial da Bienal<\/strong><\/a>.<\/p>\n<\/div><\/div><div class=\"w-separator size_medium\"><\/div><div class=\"w-hwrapper valign_top wrap stack_on_mobiles align_center\" style=\"--hwrapper-gap:1.2rem\"><div class=\"w-btn-wrapper align_none\"><a class=\"w-btn us-btn-style_1\" href=\"https:\/\/www.tablaosflamencos.com\/pt-pt\/bienal-flamenco-sevilha-2026.html\"><span class=\"w-btn-label\">Guia completo da Bienal 2026<\/span><\/a><\/div><div class=\"w-btn-wrapper align_none\"><a class=\"w-btn us-btn-style_1\" href=\"https:\/\/www.tablaosflamencos.com\/pt-pt\/bienal-flamenco-sevilha-2026-bilhetes-esgotados-alternativas.html\"><span class=\"w-btn-label\">O que fazer se n\u00e3o houver mais ingressos<\/span><\/a><\/div><div class=\"w-btn-wrapper align_none\"><a class=\"w-btn us-btn-style_1\" href=\"https:\/\/www.tablaosflamencos.com\/pt-pt\/flamenco-em-sevilha\"><span class=\"w-btn-label\">Veja flamenco em Sevilha<\/span><\/a><\/div><\/div><\/div><\/div><\/div><\/div><\/div><\/section><section class=\"l-section wpb_row height_huge\"><div class=\"l-section-h i-cf\"><div class=\"g-cols vc_row via_flex valign_top type_default stacking_default\"><div class=\"vc_col-sm-1\/5 wpb_column vc_column_container\"><div class=\"vc_column-inner\"><div class=\"wpb_wrapper\"><\/div><\/div><\/div><div class=\"vc_col-sm-3\/5 wpb_column vc_column_container\"><div class=\"vc_column-inner\"><div class=\"wpb_wrapper\"><div class=\"wpb_text_column\"><div class=\"wpb_wrapper\"><h2 style=\"text-align: center;\">Perguntas frequentes sobre as estreias da Bienal de 2026<\/h2>\n<\/div><\/div><div class=\"w-separator size_medium\"><\/div><div class=\"w-tabs accordion toggle_style_1 has_scrolling\" style=\"--sections-title-size:inherit;--sections-gap:0.5rem;\"><div class=\"w-tabs-sections titles-align_none icon_plus cpos_left\"><div class=\"w-tabs-section\" id=\"t8b8\" itemscope itemprop=\"mainEntity\" itemtype=\"https:\/\/schema.org\/Question\"><button type=\"button\" class=\"w-tabs-section-header\" aria-controls=\"content-t8b8\" aria-expanded=\"false\"><h3 class=\"w-tabs-section-title\" itemprop=\"name\">Quantas estreias absolutas ter\u00e1 a Bienal de Flamenco 2026?<\/h3><div class=\"w-tabs-section-control\"><\/div><\/button><div  class=\"w-tabs-section-content\" id=\"content-t8b8\" itemscope itemprop=\"acceptedAnswer\" itemtype=\"https:\/\/schema.org\/Answer\"><div class=\"w-tabs-section-content-h i-cf\" itemprop=\"text\"><div class=\"wpb_text_column\"><div class=\"wpb_wrapper\"><p>Atualiza\u00e7\u00e3o oficial de 18 de agosto anunciada <strong>20 estreias absolutas<\/strong>. Ao revisar as listas vigentes no dia 1\u00ba de setembro, s\u00e3o 19 estreias absolutas na programa\u00e7\u00e3o do palco geral e <em>Titititrana<\/em> em estreia absoluta nas atividades paralelas do CaixaForum. David Coria est\u00e1 atualmente listado como estreia nacional.<\/p>\n<\/div><\/div><\/div><\/div><\/div><div class=\"w-tabs-section\" id=\"b9cb\" itemscope itemprop=\"mainEntity\" itemtype=\"https:\/\/schema.org\/Question\"><button type=\"button\" class=\"w-tabs-section-header\" aria-controls=\"content-b9cb\" aria-expanded=\"false\"><h3 class=\"w-tabs-section-title\" itemprop=\"name\">Por que algumas not\u00edcias falam em 22 estreias absolutas?<\/h3><div class=\"w-tabs-section-control\"><\/div><\/button><div  class=\"w-tabs-section-content\" id=\"content-b9cb\" itemscope itemprop=\"acceptedAnswer\" itemtype=\"https:\/\/schema.org\/Answer\"><div class=\"w-tabs-section-content-h i-cf\" itemprop=\"text\"><div class=\"wpb_text_column\"><div class=\"wpb_wrapper\"><p>Na apresenta\u00e7\u00e3o inicial em fevereiro de 2026, a Bienal anunciou 22 estreias absolutas. A programa\u00e7\u00e3o foi ajustada e no dia 18 de agosto a pr\u00f3pria organiza\u00e7\u00e3o publicou uma atualiza\u00e7\u00e3o espec\u00edfica falando sobre 20. Para este guia utilizamos sempre a classifica\u00e7\u00e3o mais recente dos arquivos oficiais.<\/p>\n<\/div><\/div><\/div><\/div><\/div><div class=\"w-tabs-section\" id=\"eab2\" itemscope itemprop=\"mainEntity\" itemtype=\"https:\/\/schema.org\/Question\"><button type=\"button\" class=\"w-tabs-section-header\" aria-controls=\"content-eab2\" aria-expanded=\"false\"><h3 class=\"w-tabs-section-title\" itemprop=\"name\">O que significa estreia absoluta na Bienal?<\/h3><div class=\"w-tabs-section-control\"><\/div><\/button><div  class=\"w-tabs-section-content\" id=\"content-eab2\" itemscope itemprop=\"acceptedAnswer\" itemtype=\"https:\/\/schema.org\/Answer\"><div class=\"w-tabs-section-content-h i-cf\" itemprop=\"text\"><div class=\"wpb_text_column\"><div class=\"wpb_wrapper\"><p>Uma estreia absoluta \u00e9 o <strong>primeira apresenta\u00e7\u00e3o p\u00fablica de um trabalho<\/strong>. Se a folha indicar estreia nacional, significa que o espet\u00e1culo j\u00e1 foi apresentado fora de Espanha e est\u00e1 a ser apresentado pela primeira vez no pa\u00eds.<\/p>\n<\/div><\/div><\/div><\/div><\/div><div class=\"w-tabs-section\" id=\"jb86\" itemscope itemprop=\"mainEntity\" itemtype=\"https:\/\/schema.org\/Question\"><button type=\"button\" class=\"w-tabs-section-header\" aria-controls=\"content-jb86\" aria-expanded=\"false\"><h3 class=\"w-tabs-section-title\" itemprop=\"name\">Quando \u00e9 lan\u00e7ado Infinita de Sara Baras?<\/h3><div class=\"w-tabs-section-control\"><\/div><\/button><div  class=\"w-tabs-section-content\" id=\"content-jb86\" itemscope itemprop=\"acceptedAnswer\" itemtype=\"https:\/\/schema.org\/Answer\"><div class=\"w-tabs-section-content-h i-cf\" itemprop=\"text\"><div class=\"wpb_text_column\"><div class=\"wpb_wrapper\"><p><em>Infinito<\/em> ocorre em dias <strong>11, 12 e 13 de setembro de 2026 \u00e0s 20h.<\/strong> no Teatro Maestranza. A primeira apresenta\u00e7\u00e3o no dia 11 constitui a estreia absoluta da obra.<\/p>\n<\/div><\/div><\/div><\/div><\/div><div class=\"w-tabs-section\" id=\"kc71\" itemscope itemprop=\"mainEntity\" itemtype=\"https:\/\/schema.org\/Question\"><button type=\"button\" class=\"w-tabs-section-header\" aria-controls=\"content-kc71\" aria-expanded=\"false\"><h3 class=\"w-tabs-section-title\" itemprop=\"name\">Tirititr\u00e1n conta como estreia absoluta?<\/h3><div class=\"w-tabs-section-control\"><\/div><\/button><div  class=\"w-tabs-section-content\" id=\"content-kc71\" itemscope itemprop=\"acceptedAnswer\" itemtype=\"https:\/\/schema.org\/Answer\"><div class=\"w-tabs-section-content-h i-cf\" itemprop=\"text\"><div class=\"wpb_text_column\"><div class=\"wpb_wrapper\"><p>Sim. O registro oficial da atividade familiar <em>Titititrano<\/em> a identifica como <strong>estreia absoluta<\/strong>. Realiza-se no CaixaForum de 11 a 13 de setembro, com diversas sess\u00f5es, e \u00e9 uma atividade gratuita com reserva pr\u00e9via.<\/p>\n<\/div><\/div><\/div><\/div><\/div><div class=\"w-tabs-section\" id=\"bd49\" itemscope itemprop=\"mainEntity\" itemtype=\"https:\/\/schema.org\/Question\"><button type=\"button\" class=\"w-tabs-section-header\" aria-controls=\"content-bd49\" aria-expanded=\"false\"><h3 class=\"w-tabs-section-title\" itemprop=\"name\">Babel. Torre viva. de David Coria \u00e9 uma estreia absoluta?<\/h3><div class=\"w-tabs-section-control\"><\/div><\/button><div  class=\"w-tabs-section-content\" id=\"content-bd49\" itemscope itemprop=\"acceptedAnswer\" itemtype=\"https:\/\/schema.org\/Answer\"><div class=\"w-tabs-section-content-h i-cf\" itemprop=\"text\"><div class=\"wpb_text_column\"><div class=\"wpb_wrapper\"><p>O arquivo oficial atual identifica <em>Babel. Torre viva.<\/em> como <strong>estreia nacional<\/strong>. Est\u00e1 agendado para 29 de setembro de 2026 \u00e0s 20h. no Teatro Lope de Vega.<\/p>\n<\/div><\/div><\/div><\/div><\/div><div class=\"w-tabs-section\" id=\"ne28\" itemscope itemprop=\"mainEntity\" itemtype=\"https:\/\/schema.org\/Question\"><button type=\"button\" class=\"w-tabs-section-header\" aria-controls=\"content-ne28\" aria-expanded=\"false\"><h3 class=\"w-tabs-section-title\" itemprop=\"name\">Quando \u00e9 lan\u00e7ado o Bolero preto e branco de Israel Galv\u00e1n?<\/h3><div class=\"w-tabs-section-control\"><\/div><\/button><div  class=\"w-tabs-section-content\" id=\"content-ne28\" itemscope itemprop=\"acceptedAnswer\" itemtype=\"https:\/\/schema.org\/Answer\"><div class=\"w-tabs-section-content-h i-cf\" itemprop=\"text\"><div class=\"wpb_text_column\"><div class=\"wpb_wrapper\"><p>Israel Galv\u00e1n far\u00e1 sua estreia <em>Bolero preto e branco<\/em> o <strong>26 de setembro de 2026 \u00e0s 20h.<\/strong> no Teatro Maestranza.<\/p>\n<\/div><\/div><\/div><\/div><\/div><div class=\"w-tabs-section\" id=\"zef2\" itemscope itemprop=\"mainEntity\" itemtype=\"https:\/\/schema.org\/Question\"><button type=\"button\" class=\"w-tabs-section-header\" aria-controls=\"content-zef2\" aria-expanded=\"false\"><h3 class=\"w-tabs-section-title\" itemprop=\"name\">Quando estreia o novo programa do Farruquito?<\/h3><div class=\"w-tabs-section-control\"><\/div><\/button><div  class=\"w-tabs-section-content\" id=\"content-zef2\" itemscope itemprop=\"acceptedAnswer\" itemtype=\"https:\/\/schema.org\/Answer\"><div class=\"w-tabs-section-content-h i-cf\" itemprop=\"text\"><div class=\"wpb_text_column\"><div class=\"wpb_wrapper\"><p>Farruquito apresentar\u00e1 <em>Voc\u00ea ser\u00e1 Farruquito: o musical<\/em> o <strong>28 de setembro de 2026 \u00e0s 20h.<\/strong> no Teatro Maestranza.<\/p>\n<\/div><\/div><\/div><\/div><\/div><div class=\"w-tabs-section\" id=\"xfc1\" itemscope itemprop=\"mainEntity\" itemtype=\"https:\/\/schema.org\/Question\"><button type=\"button\" class=\"w-tabs-section-header\" aria-controls=\"content-xfc1\" aria-expanded=\"false\"><h3 class=\"w-tabs-section-title\" itemprop=\"name\">Quais estreias instrumentais e de toque se destacam?<\/h3><div class=\"w-tabs-section-control\"><\/div><\/button><div  class=\"w-tabs-section-content\" id=\"content-xfc1\" itemscope itemprop=\"acceptedAnswer\" itemtype=\"https:\/\/schema.org\/Answer\"><div class=\"w-tabs-section-content-h i-cf\" itemprop=\"text\"><div class=\"wpb_text_column\"><div class=\"wpb_wrapper\"><p>Dentre as propostas instrumentais, destacam-se: <em>Fractal Arcano<\/em> de Dorantes, <em>As Tr\u00eas Marias<\/em> por Mar\u00eda Mar\u00edn, <em>Tun\u00edsia<\/em> por Rafael Riqueni e Tim Ries e <em>Trilogia. para a dan\u00e7a<\/em> por Pablo Mart\u00edn Caminero com Mar\u00eda Moreno.<\/p>\n<\/div><\/div><\/div><\/div><\/div><div class=\"w-tabs-section\" id=\"z0a3\" itemscope itemprop=\"mainEntity\" itemtype=\"https:\/\/schema.org\/Question\"><button type=\"button\" class=\"w-tabs-section-header\" aria-controls=\"content-z0a3\" aria-expanded=\"false\"><h3 class=\"w-tabs-section-title\" itemprop=\"name\">Onde posso comprar ingressos e verificar altera\u00e7\u00f5es?<\/h3><div class=\"w-tabs-section-control\"><\/div><\/button><div  class=\"w-tabs-section-content\" id=\"content-z0a3\" itemscope itemprop=\"acceptedAnswer\" itemtype=\"https:\/\/schema.org\/Answer\"><div class=\"w-tabs-section-content-h i-cf\" itemprop=\"text\"><div class=\"wpb_text_column\"><div class=\"wpb_wrapper\"><p>A refer\u00eancia principal deve ser o <a href=\"https:\/\/www.labienal.com\/programa-general\" target=\"_blank\" rel=\"noopener\"><strong>programa\u00e7\u00e3o oficial da Bienal<\/strong><\/a>, onde aparecem os detalhes de cada show, hor\u00e1rios, espa\u00e7os e canais oficiais de vendas. Nos Tablaos Flamencos tamb\u00e9m mantemos guias espec\u00edficos sobre disponibilidade, atividades gratuitas e programa\u00e7\u00e3o em destaque.<\/p>\n<\/div><\/div><\/div><\/div><\/div><\/div><\/div><\/div><\/div><\/div><div class=\"vc_col-sm-1\/5 wpb_column vc_column_container\"><div class=\"vc_column-inner\"><div class=\"wpb_wrapper\"><\/div><\/div><\/div><\/div><\/div><\/section><section class=\"l-section wpb_row height_huge color_alternate with_shape\"><div class=\"l-section-shape type_zigzag pos_top hor_flip\" style=\"height:3vmin;\"><svg xmlns=\"http:\/\/www.w3.org\/2000\/svg\" viewBox=\"0 0 64 8\" preserveAspectRatio=\"none\" width=\"100%\" height=\"100%\">\r\n\t<path fill=\"currentColor\" d=\"M64 8 L0 8 L0 0 L20 7.9 L40 3 L48 5 L64 0 Z\"\/>\r\n<\/svg><\/div><div class=\"l-section-shape type_zigzag pos_bottom\" style=\"height:3vmin;\"><svg xmlns=\"http:\/\/www.w3.org\/2000\/svg\" viewBox=\"0 0 64 8\" preserveAspectRatio=\"none\" width=\"100%\" height=\"100%\">\r\n\t<path fill=\"currentColor\" d=\"M64 8 L0 8 L0 0 L20 7.9 L40 3 L48 5 L64 0 Z\"\/>\r\n<\/svg><\/div><div class=\"l-section-h i-cf\"><div class=\"g-cols vc_row via_flex valign_top type_default stacking_default\"><div class=\"vc_col-sm-12 wpb_column vc_column_container\"><div class=\"vc_column-inner\"><div class=\"wpb_wrapper\"><div class=\"wpb_text_column\"><div class=\"wpb_wrapper\"><h2>Sevilha volta a ser o lugar onde nascem novos espet\u00e1culos de flamenco<\/h2>\n<p>A dimens\u00e3o de uma Bienal tamb\u00e9m se mede pelo que ela deixa ao terminar. Em outubro, muitas dessas obras iniciar\u00e3o ou continuar\u00e3o sua jornada e aparecer\u00e3o na programa\u00e7\u00e3o de outras cidades e pa\u00edses. Mas durante o m\u00eas de setembro de 2026 chegar\u00e1 um momento em que ainda n\u00e3o haver\u00e1 uma leitura p\u00fablica consolidada do que acaba de nascer.<\/p>\n<p>Esse momento \u00e9 a estreia.<\/p>\n<p>A Bienal de Flamenco de Sevilha posiciona-se assim mais uma vez n\u00e3o s\u00f3 como uma montra de grandes artistas, mas como <strong>ber\u00e7o de novos repert\u00f3rios, coreografias e formatos<\/strong>. Para o torcedor, a possibilidade de assistir pela primeira vez \u00e9 um dos motivos mais poderosos para vivenciar o festival ao vivo.<\/p>\n<p>E se as suas datas n\u00e3o coincidirem com a estreia que procura &#8211; ou se os bilhetes j\u00e1 estiverem esgotados &#8211; Sevilha mant\u00e9m todas as noites uma vasta oferta de tablaos e espect\u00e1culos de flamenco. Voc\u00ea pode comparar op\u00e7\u00f5es em nossa p\u00e1gina <a href=\"https:\/\/www.tablaosflamencos.com\/flamenco-en-sevilla\"><strong>flamenco em Sevilha<\/strong><\/a>.<\/p>\n<\/div><\/div><\/div><\/div><\/div><\/div><\/div><\/section>\n","protected":false},"excerpt":{"rendered":"<p>Guia das 20 estreias absolutas da Bienal de Flamenco de Sevilha 2026: datas, artistas, espa\u00e7os e estreia nacional de David Coria.<\/p>\n","protected":false},"author":1,"featured_media":13846,"comment_status":"closed","ping_status":"closed","sticky":false,"template":"","format":"standard","meta":{"_acf_changed":false,"wpai_generated_summary":"","_ayudawp_aiss_exclude":false,"_ayudawp_aiss_exclude_summary":false,"_ayudawp_aiss_summary":"","_ayudawp_aiss_summary_provider":"","_ayudawp_aiss_summary_hash":"","footnotes":""},"categories":[1430],"tags":[1255,1256,1257,1258,1188,1259],"class_list":["post-14027","post","type-post","status-publish","format-standard","has-post-thumbnail","hentry","category-bienal-flamenco-sevilha","tag-agenda-flamenca","tag-bienal-2026","tag-bienal-de-flamenco","tag-festivales-flamencos","tag-flamenco-en-sevilla","tag-sevilla"],"acf":[],"yoast_head":"<!-- This site is optimized with the Yoast SEO Premium plugin v28.4 (Yoast SEO v28.4) - https:\/\/yoast.com\/product\/yoast-seo-premium-wordpress\/ -->\n<title>Estreias Bienal de Flamenco 2026: 20 obras essenciais<\/title>\n<meta name=\"description\" content=\"Guia das 20 estreias absolutas da Bienal de Flamenco de Sevilha 2026: datas, artistas, espa\u00e7os e estreia nacional de David Coria.\" \/>\n<meta name=\"robots\" content=\"index, follow, max-snippet:-1, max-image-preview:large, max-video-preview:-1\" \/>\n<link rel=\"canonical\" href=\"https:\/\/www.tablaosflamencos.com\/pt-pt\/grandes-estreias-bienal-flamenco-sevilha-2026.html\" \/>\n<meta property=\"og:locale\" content=\"pt_PT\" \/>\n<meta property=\"og:type\" content=\"article\" \/>\n<meta property=\"og:title\" content=\"As grandes estreias da Bienal de Flamenco de Sevilha 2026\" \/>\n<meta property=\"og:description\" content=\"Guia das 20 estreias absolutas da Bienal de Flamenco de Sevilha 2026: datas, artistas, espa\u00e7os e estreia nacional de David Coria.\" \/>\n<meta property=\"og:url\" content=\"https:\/\/www.tablaosflamencos.com\/pt-pt\/grandes-estreias-bienal-flamenco-sevilha-2026.html\" \/>\n<meta property=\"og:site_name\" content=\"Tablaos Flamencos\" \/>\n<meta property=\"article:publisher\" content=\"https:\/\/www.facebook.com\/tablaosflamencos\" \/>\n<meta property=\"article:published_time\" content=\"2026-09-01T10:18:55+00:00\" \/>\n<meta property=\"article:modified_time\" content=\"2026-09-02T10:13:57+00:00\" \/>\n<meta property=\"og:image\" content=\"https:\/\/www.tablaosflamencos.com\/wp-content\/uploads\/los-grandes-estrenos-de-la-bienal-2026-01.webp\" \/>\n\t<meta property=\"og:image:width\" content=\"1920\" \/>\n\t<meta property=\"og:image:height\" content=\"1072\" \/>\n\t<meta property=\"og:image:type\" content=\"image\/webp\" \/>\n<meta name=\"author\" content=\"Miguel Ortiz\" \/>\n<meta name=\"twitter:card\" content=\"summary_large_image\" \/>\n<meta name=\"twitter:creator\" content=\"@tablaosflamenco\" \/>\n<meta name=\"twitter:site\" content=\"@tablaosflamenco\" \/>\n<meta name=\"twitter:label1\" content=\"Escrito por\" \/>\n\t<meta name=\"twitter:data1\" content=\"Miguel Ortiz\" \/>\n\t<meta name=\"twitter:label2\" content=\"Tempo estimado de leitura\" \/>\n\t<meta name=\"twitter:data2\" content=\"20 minutos\" \/>\n<script type=\"application\/ld+json\" class=\"yoast-schema-graph\">{\"@context\":\"https:\\\/\\\/schema.org\",\"@graph\":[{\"@type\":\"Article\",\"@id\":\"https:\\\/\\\/www.tablaosflamencos.com\\\/pt-pt\\\/grandes-estreias-bienal-flamenco-sevilha-2026.html#article\",\"isPartOf\":{\"@id\":\"https:\\\/\\\/www.tablaosflamencos.com\\\/pt-pt\\\/grandes-estreias-bienal-flamenco-sevilha-2026.html\"},\"author\":{\"name\":\"Miguel Ortiz\",\"@id\":\"https:\\\/\\\/www.tablaosflamencos.com\\\/pt-pt#\\\/schema\\\/person\\\/e7a9ebe14eb75a52ceabfbffb3c54f5d\"},\"headline\":\"As grandes estreias da Bienal de Flamenco de Sevilha 2026\",\"datePublished\":\"2026-09-01T10:18:55+00:00\",\"dateModified\":\"2026-09-02T10:13:57+00:00\",\"mainEntityOfPage\":{\"@id\":\"https:\\\/\\\/www.tablaosflamencos.com\\\/pt-pt\\\/grandes-estreias-bienal-flamenco-sevilha-2026.html\"},\"wordCount\":3920,\"publisher\":{\"@id\":\"https:\\\/\\\/www.tablaosflamencos.com\\\/pt-pt#organization\"},\"image\":{\"@id\":\"https:\\\/\\\/www.tablaosflamencos.com\\\/pt-pt\\\/grandes-estreias-bienal-flamenco-sevilha-2026.html#primaryimage\"},\"thumbnailUrl\":\"https:\\\/\\\/www.tablaosflamencos.com\\\/wp-content\\\/uploads\\\/los-grandes-estrenos-de-la-bienal-2026-01.webp\",\"keywords\":[\"agenda flamenca\",\"Bienal 2026\",\"Bienal de Flamenco\",\"festivales flamencos\",\"flamenco en Sevilla\",\"sevilla\"],\"articleSection\":[\"Bienal de Flamenco de Sevilha\"],\"inLanguage\":\"pt-PT\"},{\"@type\":\"WebPage\",\"@id\":\"https:\\\/\\\/www.tablaosflamencos.com\\\/pt-pt\\\/grandes-estreias-bienal-flamenco-sevilha-2026.html\",\"url\":\"https:\\\/\\\/www.tablaosflamencos.com\\\/pt-pt\\\/grandes-estreias-bienal-flamenco-sevilha-2026.html\",\"name\":\"Estreias Bienal de Flamenco 2026: 20 obras essenciais\",\"isPartOf\":{\"@id\":\"https:\\\/\\\/www.tablaosflamencos.com\\\/pt-pt#website\"},\"primaryImageOfPage\":{\"@id\":\"https:\\\/\\\/www.tablaosflamencos.com\\\/pt-pt\\\/grandes-estreias-bienal-flamenco-sevilha-2026.html#primaryimage\"},\"image\":{\"@id\":\"https:\\\/\\\/www.tablaosflamencos.com\\\/pt-pt\\\/grandes-estreias-bienal-flamenco-sevilha-2026.html#primaryimage\"},\"thumbnailUrl\":\"https:\\\/\\\/www.tablaosflamencos.com\\\/wp-content\\\/uploads\\\/los-grandes-estrenos-de-la-bienal-2026-01.webp\",\"datePublished\":\"2026-09-01T10:18:55+00:00\",\"dateModified\":\"2026-09-02T10:13:57+00:00\",\"description\":\"Guia das 20 estreias absolutas da Bienal de Flamenco de Sevilha 2026: datas, artistas, espa\u00e7os e estreia nacional de David Coria.\",\"breadcrumb\":{\"@id\":\"https:\\\/\\\/www.tablaosflamencos.com\\\/pt-pt\\\/grandes-estreias-bienal-flamenco-sevilha-2026.html#breadcrumb\"},\"inLanguage\":\"pt-PT\",\"potentialAction\":[{\"@type\":\"ReadAction\",\"target\":[\"https:\\\/\\\/www.tablaosflamencos.com\\\/pt-pt\\\/grandes-estreias-bienal-flamenco-sevilha-2026.html\"]}]},{\"@type\":\"ImageObject\",\"inLanguage\":\"pt-PT\",\"@id\":\"https:\\\/\\\/www.tablaosflamencos.com\\\/pt-pt\\\/grandes-estreias-bienal-flamenco-sevilha-2026.html#primaryimage\",\"url\":\"https:\\\/\\\/www.tablaosflamencos.com\\\/wp-content\\\/uploads\\\/los-grandes-estrenos-de-la-bienal-2026-01.webp\",\"contentUrl\":\"https:\\\/\\\/www.tablaosflamencos.com\\\/wp-content\\\/uploads\\\/los-grandes-estrenos-de-la-bienal-2026-01.webp\",\"width\":1920,\"height\":1072,\"caption\":\"Los grandes estrenos de la Bienal 2026\"},{\"@type\":\"BreadcrumbList\",\"@id\":\"https:\\\/\\\/www.tablaosflamencos.com\\\/pt-pt\\\/grandes-estreias-bienal-flamenco-sevilha-2026.html#breadcrumb\",\"itemListElement\":[{\"@type\":\"ListItem\",\"position\":1,\"name\":\"Home\",\"item\":\"https:\\\/\\\/www.tablaosflamencos.com\\\/pt-pt\"},{\"@type\":\"ListItem\",\"position\":2,\"name\":\"As grandes estreias da Bienal de Flamenco de Sevilha 2026\"}]},{\"@type\":\"WebSite\",\"@id\":\"https:\\\/\\\/www.tablaosflamencos.com\\\/pt-pt#website\",\"url\":\"https:\\\/\\\/www.tablaosflamencos.com\\\/pt-pt\",\"name\":\"Tablaos Flamencos\",\"description\":\"Entradas para tablaos flamencos de Espa\u00f1a\",\"publisher\":{\"@id\":\"https:\\\/\\\/www.tablaosflamencos.com\\\/pt-pt#organization\"},\"alternateName\":\"Tablaos Flamencos\",\"potentialAction\":[{\"@type\":\"SearchAction\",\"target\":{\"@type\":\"EntryPoint\",\"urlTemplate\":\"https:\\\/\\\/www.tablaosflamencos.com\\\/pt-pt?s={search_term_string}\"},\"query-input\":{\"@type\":\"PropertyValueSpecification\",\"valueRequired\":true,\"valueName\":\"search_term_string\"}}],\"inLanguage\":\"pt-PT\"},{\"@type\":[\"Organization\",\"Place\",\"EntertainmentBusiness\"],\"@id\":\"https:\\\/\\\/www.tablaosflamencos.com\\\/pt-pt#organization\",\"name\":\"Tablaos Flamencos\",\"alternateName\":\"Tablaos Flamencos\",\"url\":\"https:\\\/\\\/www.tablaosflamencos.com\\\/pt-pt\",\"logo\":{\"@id\":\"https:\\\/\\\/www.tablaosflamencos.com\\\/pt-pt\\\/grandes-estreias-bienal-flamenco-sevilha-2026.html#local-main-organization-logo\"},\"image\":{\"@id\":\"https:\\\/\\\/www.tablaosflamencos.com\\\/pt-pt\\\/grandes-estreias-bienal-flamenco-sevilha-2026.html#local-main-organization-logo\"},\"sameAs\":[\"https:\\\/\\\/www.facebook.com\\\/tablaosflamencos\",\"https:\\\/\\\/x.com\\\/tablaosflamenco\",\"https:\\\/\\\/mastodon.social\\\/@tablaosflamencos\",\"https:\\\/\\\/www.instagram.com\\\/tablaosflamencos\",\"https:\\\/\\\/tiktok.com\\\/@tablaosflamencos\",\"https:\\\/\\\/www.linkedin.com\\\/company\\\/109408238\\\/\"],\"description\":\"Venta de entradas para espect\u00e1culos flamencos\",\"legalName\":\"Tablaos Flamencos\",\"foundingDate\":\"2015-01-01\",\"numberOfEmployees\":{\"@type\":\"QuantitativeValue\",\"minValue\":\"1\",\"maxValue\":\"10\"},\"address\":{\"@id\":\"https:\\\/\\\/www.tablaosflamencos.com\\\/pt-pt\\\/grandes-estreias-bienal-flamenco-sevilha-2026.html#local-main-place-address\"},\"geo\":{\"@type\":\"GeoCoordinates\",\"latitude\":\"37.3868072\",\"longitude\":\"-5.993280299999999\"},\"telephone\":[\"+34623787787\"],\"contactPoint\":{\"@type\":\"ContactPoint\",\"telephone\":\"+34623787787\",\"email\":\"info@tablaosflamencos.com\"},\"openingHoursSpecification\":{\"@type\":\"OpeningHoursSpecification\",\"dayOfWeek\":[\"Monday\",\"Tuesday\",\"Wednesday\",\"Thursday\",\"Friday\",\"Saturday\",\"Sunday\"],\"opens\":\"00:00\",\"closes\":\"23:59\"},\"email\":\"info@tablaosflamencos.com\",\"priceRange\":\"$$$\",\"currenciesAccepted\":\"\u20ac\"},{\"@type\":\"Person\",\"@id\":\"https:\\\/\\\/www.tablaosflamencos.com\\\/pt-pt#\\\/schema\\\/person\\\/e7a9ebe14eb75a52ceabfbffb3c54f5d\",\"name\":\"Miguel Ortiz\",\"description\":\"Miguel Ortiz es un empresario flamenco, con una s\u00f3lida trayectoria dentro del sector. Ha presidido entidades culturales vinculadas al flamenco y, cuenta con un amplio recorrido profesional en la gesti\u00f3n y promoci\u00f3n de espect\u00e1culos y tablaos flamencos. Su pasi\u00f3n por la historia y el arte flamenco se refleja en cada art\u00edculo, donde combina experiencia, criterio y un profundo respeto por la tradici\u00f3n.\",\"sameAs\":[\"https:\\\/\\\/www.tablaosflamencos.com\",\"https:\\\/\\\/www.instagra.com\\\/miguelortizfe\",\"https:\\\/\\\/www.linkedin.com\\\/in\\\/miguelortizf\\\/\"],\"birthDate\":\"1984-11-22\",\"gender\":\"hombre\",\"knowsLanguage\":[\"espa\u00f1ol\",\"ingl\u00e9s\"],\"jobTitle\":\"Empresario flamenco\"},{\"@type\":\"PostalAddress\",\"@id\":\"https:\\\/\\\/www.tablaosflamencos.com\\\/pt-pt\\\/grandes-estreias-bienal-flamenco-sevilha-2026.html#local-main-place-address\",\"streetAddress\":\"C\\\/ Alemanes, 19\",\"addressLocality\":\"Sevilla\",\"postalCode\":\"41004\",\"addressRegion\":\"Sevilla\",\"addressCountry\":\"ES\"},{\"@type\":\"ImageObject\",\"inLanguage\":\"pt-PT\",\"@id\":\"https:\\\/\\\/www.tablaosflamencos.com\\\/pt-pt\\\/grandes-estreias-bienal-flamenco-sevilha-2026.html#local-main-organization-logo\",\"url\":\"https:\\\/\\\/www.tablaosflamencos.com\\\/wp-content\\\/uploads\\\/tablaos-flamencos-06-3.webp\",\"contentUrl\":\"https:\\\/\\\/www.tablaosflamencos.com\\\/wp-content\\\/uploads\\\/tablaos-flamencos-06-3.webp\",\"width\":600,\"height\":620,\"caption\":\"Tablaos Flamencos\"}]}<\/script>\n<meta name=\"geo.placename\" content=\"Sevilla\" \/>\n<meta name=\"geo.position\" content=\"37.3868072;-5.993280299999999\" \/>\n<meta name=\"geo.region\" content=\"Espanha\" \/>\n<!-- \/ Yoast SEO Premium plugin. -->","yoast_head_json":{"title":"Estreias Bienal de Flamenco 2026: 20 obras essenciais","description":"Guia das 20 estreias absolutas da Bienal de Flamenco de Sevilha 2026: datas, artistas, espa\u00e7os e estreia nacional de David Coria.","robots":{"index":"index","follow":"follow","max-snippet":"max-snippet:-1","max-image-preview":"max-image-preview:large","max-video-preview":"max-video-preview:-1"},"canonical":"https:\/\/www.tablaosflamencos.com\/pt-pt\/grandes-estreias-bienal-flamenco-sevilha-2026.html","og_locale":"pt_PT","og_type":"article","og_title":"As grandes estreias da Bienal de Flamenco de Sevilha 2026","og_description":"Guia das 20 estreias absolutas da Bienal de Flamenco de Sevilha 2026: datas, artistas, espa\u00e7os e estreia nacional de David Coria.","og_url":"https:\/\/www.tablaosflamencos.com\/pt-pt\/grandes-estreias-bienal-flamenco-sevilha-2026.html","og_site_name":"Tablaos Flamencos","article_publisher":"https:\/\/www.facebook.com\/tablaosflamencos","article_published_time":"2026-09-01T10:18:55+00:00","article_modified_time":"2026-09-02T10:13:57+00:00","og_image":[{"width":1920,"height":1072,"url":"https:\/\/www.tablaosflamencos.com\/wp-content\/uploads\/los-grandes-estrenos-de-la-bienal-2026-01.webp","type":"image\/webp"}],"author":"Miguel Ortiz","twitter_card":"summary_large_image","twitter_creator":"@tablaosflamenco","twitter_site":"@tablaosflamenco","twitter_misc":{"Escrito por":"Miguel Ortiz","Tempo estimado de leitura":"20 minutos"},"schema":{"@context":"https:\/\/schema.org","@graph":[{"@type":"Article","@id":"https:\/\/www.tablaosflamencos.com\/pt-pt\/grandes-estreias-bienal-flamenco-sevilha-2026.html#article","isPartOf":{"@id":"https:\/\/www.tablaosflamencos.com\/pt-pt\/grandes-estreias-bienal-flamenco-sevilha-2026.html"},"author":{"name":"Miguel Ortiz","@id":"https:\/\/www.tablaosflamencos.com\/pt-pt#\/schema\/person\/e7a9ebe14eb75a52ceabfbffb3c54f5d"},"headline":"As grandes estreias da Bienal de Flamenco de Sevilha 2026","datePublished":"2026-09-01T10:18:55+00:00","dateModified":"2026-09-02T10:13:57+00:00","mainEntityOfPage":{"@id":"https:\/\/www.tablaosflamencos.com\/pt-pt\/grandes-estreias-bienal-flamenco-sevilha-2026.html"},"wordCount":3920,"publisher":{"@id":"https:\/\/www.tablaosflamencos.com\/pt-pt#organization"},"image":{"@id":"https:\/\/www.tablaosflamencos.com\/pt-pt\/grandes-estreias-bienal-flamenco-sevilha-2026.html#primaryimage"},"thumbnailUrl":"https:\/\/www.tablaosflamencos.com\/wp-content\/uploads\/los-grandes-estrenos-de-la-bienal-2026-01.webp","keywords":["agenda flamenca","Bienal 2026","Bienal de Flamenco","festivales flamencos","flamenco en Sevilla","sevilla"],"articleSection":["Bienal de Flamenco de Sevilha"],"inLanguage":"pt-PT"},{"@type":"WebPage","@id":"https:\/\/www.tablaosflamencos.com\/pt-pt\/grandes-estreias-bienal-flamenco-sevilha-2026.html","url":"https:\/\/www.tablaosflamencos.com\/pt-pt\/grandes-estreias-bienal-flamenco-sevilha-2026.html","name":"Estreias Bienal de Flamenco 2026: 20 obras essenciais","isPartOf":{"@id":"https:\/\/www.tablaosflamencos.com\/pt-pt#website"},"primaryImageOfPage":{"@id":"https:\/\/www.tablaosflamencos.com\/pt-pt\/grandes-estreias-bienal-flamenco-sevilha-2026.html#primaryimage"},"image":{"@id":"https:\/\/www.tablaosflamencos.com\/pt-pt\/grandes-estreias-bienal-flamenco-sevilha-2026.html#primaryimage"},"thumbnailUrl":"https:\/\/www.tablaosflamencos.com\/wp-content\/uploads\/los-grandes-estrenos-de-la-bienal-2026-01.webp","datePublished":"2026-09-01T10:18:55+00:00","dateModified":"2026-09-02T10:13:57+00:00","description":"Guia das 20 estreias absolutas da Bienal de Flamenco de Sevilha 2026: datas, artistas, espa\u00e7os e estreia nacional de David Coria.","breadcrumb":{"@id":"https:\/\/www.tablaosflamencos.com\/pt-pt\/grandes-estreias-bienal-flamenco-sevilha-2026.html#breadcrumb"},"inLanguage":"pt-PT","potentialAction":[{"@type":"ReadAction","target":["https:\/\/www.tablaosflamencos.com\/pt-pt\/grandes-estreias-bienal-flamenco-sevilha-2026.html"]}]},{"@type":"ImageObject","inLanguage":"pt-PT","@id":"https:\/\/www.tablaosflamencos.com\/pt-pt\/grandes-estreias-bienal-flamenco-sevilha-2026.html#primaryimage","url":"https:\/\/www.tablaosflamencos.com\/wp-content\/uploads\/los-grandes-estrenos-de-la-bienal-2026-01.webp","contentUrl":"https:\/\/www.tablaosflamencos.com\/wp-content\/uploads\/los-grandes-estrenos-de-la-bienal-2026-01.webp","width":1920,"height":1072,"caption":"Los grandes estrenos de la Bienal 2026"},{"@type":"BreadcrumbList","@id":"https:\/\/www.tablaosflamencos.com\/pt-pt\/grandes-estreias-bienal-flamenco-sevilha-2026.html#breadcrumb","itemListElement":[{"@type":"ListItem","position":1,"name":"Home","item":"https:\/\/www.tablaosflamencos.com\/pt-pt"},{"@type":"ListItem","position":2,"name":"As grandes estreias da Bienal de Flamenco de Sevilha 2026"}]},{"@type":"WebSite","@id":"https:\/\/www.tablaosflamencos.com\/pt-pt#website","url":"https:\/\/www.tablaosflamencos.com\/pt-pt","name":"Tablaos Flamencos","description":"Entradas para tablaos flamencos de Espa\u00f1a","publisher":{"@id":"https:\/\/www.tablaosflamencos.com\/pt-pt#organization"},"alternateName":"Tablaos Flamencos","potentialAction":[{"@type":"SearchAction","target":{"@type":"EntryPoint","urlTemplate":"https:\/\/www.tablaosflamencos.com\/pt-pt?s={search_term_string}"},"query-input":{"@type":"PropertyValueSpecification","valueRequired":true,"valueName":"search_term_string"}}],"inLanguage":"pt-PT"},{"@type":["Organization","Place","EntertainmentBusiness"],"@id":"https:\/\/www.tablaosflamencos.com\/pt-pt#organization","name":"Tablaos Flamencos","alternateName":"Tablaos Flamencos","url":"https:\/\/www.tablaosflamencos.com\/pt-pt","logo":{"@id":"https:\/\/www.tablaosflamencos.com\/pt-pt\/grandes-estreias-bienal-flamenco-sevilha-2026.html#local-main-organization-logo"},"image":{"@id":"https:\/\/www.tablaosflamencos.com\/pt-pt\/grandes-estreias-bienal-flamenco-sevilha-2026.html#local-main-organization-logo"},"sameAs":["https:\/\/www.facebook.com\/tablaosflamencos","https:\/\/x.com\/tablaosflamenco","https:\/\/mastodon.social\/@tablaosflamencos","https:\/\/www.instagram.com\/tablaosflamencos","https:\/\/tiktok.com\/@tablaosflamencos","https:\/\/www.linkedin.com\/company\/109408238\/"],"description":"Venta de entradas para espect\u00e1culos flamencos","legalName":"Tablaos Flamencos","foundingDate":"2015-01-01","numberOfEmployees":{"@type":"QuantitativeValue","minValue":"1","maxValue":"10"},"address":{"@id":"https:\/\/www.tablaosflamencos.com\/pt-pt\/grandes-estreias-bienal-flamenco-sevilha-2026.html#local-main-place-address"},"geo":{"@type":"GeoCoordinates","latitude":"37.3868072","longitude":"-5.993280299999999"},"telephone":["+34623787787"],"contactPoint":{"@type":"ContactPoint","telephone":"+34623787787","email":"info@tablaosflamencos.com"},"openingHoursSpecification":{"@type":"OpeningHoursSpecification","dayOfWeek":["Monday","Tuesday","Wednesday","Thursday","Friday","Saturday","Sunday"],"opens":"00:00","closes":"23:59"},"email":"info@tablaosflamencos.com","priceRange":"$$$","currenciesAccepted":"\u20ac"},{"@type":"Person","@id":"https:\/\/www.tablaosflamencos.com\/pt-pt#\/schema\/person\/e7a9ebe14eb75a52ceabfbffb3c54f5d","name":"Miguel Ortiz","description":"Miguel Ortiz es un empresario flamenco, con una s\u00f3lida trayectoria dentro del sector. Ha presidido entidades culturales vinculadas al flamenco y, cuenta con un amplio recorrido profesional en la gesti\u00f3n y promoci\u00f3n de espect\u00e1culos y tablaos flamencos. Su pasi\u00f3n por la historia y el arte flamenco se refleja en cada art\u00edculo, donde combina experiencia, criterio y un profundo respeto por la tradici\u00f3n.","sameAs":["https:\/\/www.tablaosflamencos.com","https:\/\/www.instagra.com\/miguelortizfe","https:\/\/www.linkedin.com\/in\/miguelortizf\/"],"birthDate":"1984-11-22","gender":"hombre","knowsLanguage":["espa\u00f1ol","ingl\u00e9s"],"jobTitle":"Empresario flamenco"},{"@type":"PostalAddress","@id":"https:\/\/www.tablaosflamencos.com\/pt-pt\/grandes-estreias-bienal-flamenco-sevilha-2026.html#local-main-place-address","streetAddress":"C\/ Alemanes, 19","addressLocality":"Sevilla","postalCode":"41004","addressRegion":"Sevilla","addressCountry":"ES"},{"@type":"ImageObject","inLanguage":"pt-PT","@id":"https:\/\/www.tablaosflamencos.com\/pt-pt\/grandes-estreias-bienal-flamenco-sevilha-2026.html#local-main-organization-logo","url":"https:\/\/www.tablaosflamencos.com\/wp-content\/uploads\/tablaos-flamencos-06-3.webp","contentUrl":"https:\/\/www.tablaosflamencos.com\/wp-content\/uploads\/tablaos-flamencos-06-3.webp","width":600,"height":620,"caption":"Tablaos Flamencos"}]},"geo.placename":"Sevilla","geo.position":{"lat":"37.3868072","long":"-5.993280299999999"},"geo.region":"Espanha"},"_links":{"self":[{"href":"https:\/\/www.tablaosflamencos.com\/pt-pt\/wp-json\/wp\/v2\/posts\/14027","targetHints":{"allow":["GET"]}}],"collection":[{"href":"https:\/\/www.tablaosflamencos.com\/pt-pt\/wp-json\/wp\/v2\/posts"}],"about":[{"href":"https:\/\/www.tablaosflamencos.com\/pt-pt\/wp-json\/wp\/v2\/types\/post"}],"author":[{"embeddable":true,"href":"https:\/\/www.tablaosflamencos.com\/pt-pt\/wp-json\/wp\/v2\/users\/1"}],"replies":[{"embeddable":true,"href":"https:\/\/www.tablaosflamencos.com\/pt-pt\/wp-json\/wp\/v2\/comments?post=14027"}],"version-history":[{"count":1,"href":"https:\/\/www.tablaosflamencos.com\/pt-pt\/wp-json\/wp\/v2\/posts\/14027\/revisions"}],"predecessor-version":[{"id":14037,"href":"https:\/\/www.tablaosflamencos.com\/pt-pt\/wp-json\/wp\/v2\/posts\/14027\/revisions\/14037"}],"wp:featuredmedia":[{"embeddable":true,"href":"https:\/\/www.tablaosflamencos.com\/pt-pt\/wp-json\/wp\/v2\/media\/13846"}],"wp:attachment":[{"href":"https:\/\/www.tablaosflamencos.com\/pt-pt\/wp-json\/wp\/v2\/media?parent=14027"}],"wp:term":[{"taxonomy":"category","embeddable":true,"href":"https:\/\/www.tablaosflamencos.com\/pt-pt\/wp-json\/wp\/v2\/categories?post=14027"},{"taxonomy":"post_tag","embeddable":true,"href":"https:\/\/www.tablaosflamencos.com\/pt-pt\/wp-json\/wp\/v2\/tags?post=14027"}],"curies":[{"name":"wp","href":"https:\/\/api.w.org\/{rel}","templated":true}]}}