{"id":14013,"date":"2026-09-02T00:28:39","date_gmt":"2026-09-01T22:28:39","guid":{"rendered":"https:\/\/www.tablaosflamencos.com\/?p=14013"},"modified":"2026-09-02T00:56:46","modified_gmt":"2026-09-01T22:56:46","slug":"espacos-espetaculares-bienal-flamenco-sevilha-2026","status":"publish","type":"post","link":"https:\/\/www.tablaosflamencos.com\/pt-pt\/espacos-espetaculares-bienal-flamenco-sevilha-2026.html","title":{"rendered":"Os espa\u00e7os mais espetaculares da Bienal de Flamenco de Sevilha 2026"},"content":{"rendered":"<section class=\"l-section wpb_row height_huge\"><div class=\"l-section-h i-cf\"><div class=\"g-cols vc_row via_flex valign_top type_default stacking_default\"><div class=\"vc_col-sm-6 wpb_column vc_column_container\"><div class=\"vc_column-inner\"><div class=\"wpb_wrapper\"><div class=\"wpb_text_column\"><div class=\"wpb_wrapper\"><h2>Quando a cidade tamb\u00e9m faz parte do espet\u00e1culo<\/h2>\n<p>A <strong>Bienal de Flamenco de Sevilha 2026<\/strong> n\u00e3o se compreende apenas pelos artistas que sobem ao palco. Uma parte essencial da sua personalidade est\u00e1 nos espa\u00e7os escolhidos para cada proposta. Durante a XXIV edi\u00e7\u00e3o, que se realiza de <strong>9 de setembro a 3 de outubro de 2026<\/strong>, o flamenco ocupar\u00e1 teatros hist\u00f3ricos, p\u00e1tios monumentais, uma antiga f\u00e1brica de artilharia, um p\u00e1tio comunit\u00e1rio tradicional, uma igreja barroca e at\u00e9 a arena de um dos edif\u00edcios mais reconhec\u00edveis de Sevilha.<\/p>\n<p>A programa\u00e7\u00e3o oficial distribui-se por <strong>11 espa\u00e7os<\/strong>, mas alguns transformam a pr\u00f3pria arquitetura numa parte insepar\u00e1vel do espet\u00e1culo. Assistir a um recital no Patio de la Monter\u00eda do Real Alc\u00e1zar, ouvir cante ao meio-dia dentro de San Luis de los Franceses ou terminar a noite sob o c\u00e9u do Hotel Triana n\u00e3o proporciona a mesma experi\u00eancia que assistir a uma grande produ\u00e7\u00e3o no Teatro de la Maestranza.<\/p>\n<p>Este guia seleciona os <strong>espa\u00e7os mais espetaculares da Bienal de Flamenco de Sevilha 2026<\/strong>, explica o que os torna diferentes e indica que espet\u00e1culos foram programados em cada um.<\/p>\n<\/div><\/div><\/div><\/div><\/div><div class=\"vc_col-sm-6 wpb_column vc_column_container\"><div class=\"vc_column-inner\"><div class=\"wpb_wrapper\"><div class=\"wpb_text_column\"><div class=\"wpb_wrapper\"><p style=\"text-align: center; font-size: 58px; line-height: 1; margin-bottom: 10px;\"><strong>11<\/strong><\/p>\n<h3 style=\"text-align: center;\">espa\u00e7os oficiais<\/h3>\n<p style=\"text-align: center;\"><strong>7 cen\u00e1rios especialmente singulares<\/strong><\/p>\n<p style=\"text-align: center;\">Patrim\u00f3nio, arquitetura e flamenco<\/p>\n<p style=\"text-align: center;\">De <strong>9 de setembro a 3 de outubro de 2026<\/strong><\/p>\n<\/div><\/div><\/div><\/div><\/div><\/div><\/div><\/section><section class=\"l-section wpb_row height_huge color_alternate with_shape\"><div class=\"l-section-shape type_zigzag pos_top\" style=\"height:3vmin;\"><svg xmlns=\"http:\/\/www.w3.org\/2000\/svg\" viewBox=\"0 0 64 8\" preserveAspectRatio=\"none\" width=\"100%\" height=\"100%\">\r\n\t<path fill=\"currentColor\" d=\"M64 8 L0 8 L0 0 L20 7.9 L40 3 L48 5 L64 0 Z\"\/>\r\n<\/svg><\/div><div class=\"l-section-shape type_zigzag pos_bottom\" style=\"height:3vmin;\"><svg xmlns=\"http:\/\/www.w3.org\/2000\/svg\" viewBox=\"0 0 64 8\" preserveAspectRatio=\"none\" width=\"100%\" height=\"100%\">\r\n\t<path fill=\"currentColor\" d=\"M64 8 L0 8 L0 0 L20 7.9 L40 3 L48 5 L64 0 Z\"\/>\r\n<\/svg><\/div><div class=\"l-section-h i-cf\"><div class=\"g-cols vc_row via_flex valign_top type_default stacking_default\"><div class=\"vc_col-sm-12 wpb_column vc_column_container\"><div class=\"vc_column-inner\"><div class=\"wpb_wrapper\"><div class=\"wpb_text_column\"><div class=\"wpb_wrapper\"><blockquote>\n<p><strong>Resposta r\u00e1pida:<\/strong> se procura os cen\u00e1rios mais especiais da Bienal 2026, destacam-se o <strong>Patio de la Monter\u00eda do Real Alc\u00e1zar<\/strong> pela sua monumentalidade, <strong>San Luis de los Franceses<\/strong> pela sua intimidade barroca, a <strong>Real F\u00e1brica de Artiller\u00eda<\/strong> pela sua arquitetura industrial, o <strong>Hotel Triana<\/strong> pelo ambiente de p\u00e1tio comunit\u00e1rio tradicional, a <strong>Plaza de Toros de la Real Maestranza<\/strong> pela grande gala de 10 de setembro, o renovado <strong>Teatro Lope de Vega<\/strong> pelo seu regresso hist\u00f3rico e o <strong>Teatro de la Maestranza<\/strong> para as produ\u00e7\u00f5es de maior formato.<\/p>\n<\/blockquote>\n<p><strong>\u00daltima atualiza\u00e7\u00e3o: 1 de setembro de 2026.<\/strong> A programa\u00e7\u00e3o, os acessos e a disponibilidade de lugares podem mudar. Conv\u00e9m verificar sempre a informa\u00e7\u00e3o oficial de cada espet\u00e1culo.<\/p>\n<\/div><\/div><div class=\"w-separator size_medium\"><\/div><div class=\"w-hwrapper valign_top wrap stack_on_mobiles align_center\" style=\"--hwrapper-gap:1.2rem\"><div class=\"w-btn-wrapper align_none\"><a class=\"w-btn us-btn-style_1\" href=\"https:\/\/www.tablaosflamencos.com\/pt-pt\/bienal-flamenco-sevilha-2026.html\"><span class=\"w-btn-label\">Guia completo da Bienal 2026<\/span><\/a><\/div><div class=\"w-btn-wrapper align_none\"><a class=\"w-btn us-btn-style_1\" href=\"https:\/\/www.tablaosflamencos.com\/pt-pt\/bienal-flamenco-sevilha\"><span class=\"w-btn-label\">Ver todas as not\u00edcias da Bienal<\/span><\/a><\/div><\/div><\/div><\/div><\/div><\/div><\/div><\/section><section class=\"l-section wpb_row height_huge\"><div class=\"l-section-h i-cf\"><div class=\"g-cols vc_row via_flex valign_top type_default stacking_default\"><div class=\"vc_col-sm-12 wpb_column vc_column_container\"><div class=\"vc_column-inner\"><div class=\"wpb_wrapper\"><div class=\"wpb_text_column\"><div class=\"wpb_wrapper\"><h2>Os espa\u00e7os mais espetaculares da Bienal 2026, num relance<\/h2>\n<div style=\"overflow-x: auto;\">\n<table>\n<thead>\n<tr>\n<th>Espa\u00e7o<\/th>\n<th>O que o torna especial<\/th>\n<th>Programa\u00e7\u00e3o em destaque<\/th>\n<\/tr>\n<\/thead>\n<tbody>\n<tr>\n<td><strong>Real Alc\u00e1zar \u00b7 Patio de la Monter\u00eda<\/strong><\/td>\n<td>Pal\u00e1cio hist\u00f3rico e grande p\u00e1tio monumental ao ar livre<\/td>\n<td>Israel Fern\u00e1ndez, Rancapino Chico e <em>Xerezan\u00edas<\/em><\/td>\n<\/tr>\n<tr>\n<td><strong>Real F\u00e1brica de Artiller\u00eda<\/strong><\/td>\n<td>Arquitetura industrial do s\u00e9culo XVIII e linguagem contempor\u00e2nea<\/td>\n<td>Ana Morales e a trilogia de Pablo Mart\u00edn Caminero<\/td>\n<\/tr>\n<tr>\n<td><strong>San Luis de los Franceses<\/strong><\/td>\n<td>Barroco, ac\u00fastica \u00edntima e espet\u00e1culos ao meio-dia<\/td>\n<td>Seis Matin\u00e9s \u00danicas<\/td>\n<\/tr>\n<tr>\n<td><strong>Hotel Triana<\/strong><\/td>\n<td>Antigo p\u00e1tio comunit\u00e1rio, espa\u00e7o aberto e mem\u00f3ria flamenca<\/td>\n<td>Tr\u00eas espet\u00e1culos noturnos de 17 a 19 de setembro<\/td>\n<\/tr>\n<tr>\n<td><strong>Plaza de Toros de la Real Maestranza<\/strong><\/td>\n<td>Grande espa\u00e7o hist\u00f3rico ao ar livre<\/td>\n<td>Gala <em>El mundo por montera<\/em>, 10 de setembro<\/td>\n<\/tr>\n<tr>\n<td><strong>Teatro Lope de Vega<\/strong><\/td>\n<td>Teatro neobarroco de 1929 reaberto ap\u00f3s a restaura\u00e7\u00e3o<\/td>\n<td>Dorantes, Arc\u00e1ngel, Riqueni, Aurora Vargas, Mayte Mart\u00edn&#8230;<\/td>\n<\/tr>\n<tr>\n<td><strong>Teatro de la Maestranza<\/strong><\/td>\n<td>Grande palco para produ\u00e7\u00f5es de grande formato<\/td>\n<td>Sara Baras, Israel Galv\u00e1n, Jos\u00e9 Merc\u00e9, Farruquito e encerramento da Bienal<\/td>\n<\/tr>\n<\/tbody>\n<\/table>\n<\/div>\n<\/div><\/div><\/div><\/div><\/div><\/div><\/div><\/section><section class=\"l-section wpb_row height_huge color_alternate with_shape\"><div class=\"l-section-shape type_zigzag pos_top\" style=\"height:3vmin;\"><svg xmlns=\"http:\/\/www.w3.org\/2000\/svg\" viewBox=\"0 0 64 8\" preserveAspectRatio=\"none\" width=\"100%\" height=\"100%\">\r\n\t<path fill=\"currentColor\" d=\"M64 8 L0 8 L0 0 L20 7.9 L40 3 L48 5 L64 0 Z\"\/>\r\n<\/svg><\/div><div class=\"l-section-shape type_zigzag pos_bottom\" style=\"height:3vmin;\"><svg xmlns=\"http:\/\/www.w3.org\/2000\/svg\" viewBox=\"0 0 64 8\" preserveAspectRatio=\"none\" width=\"100%\" height=\"100%\">\r\n\t<path fill=\"currentColor\" d=\"M64 8 L0 8 L0 0 L20 7.9 L40 3 L48 5 L64 0 Z\"\/>\r\n<\/svg><\/div><div class=\"l-section-h i-cf\"><div class=\"g-cols vc_row via_flex valign_top type_default stacking_default\"><div class=\"vc_col-sm-6 wpb_column vc_column_container\"><div class=\"vc_column-inner\"><div class=\"wpb_wrapper\"><div class=\"wpb_text_column\"><div class=\"wpb_wrapper\"><h2 id=\"real-alcazar\">1. Patio de la Monter\u00eda do Real Alc\u00e1zar: flamenco diante de s\u00e9culos de hist\u00f3ria<\/h2>\n<p>O <strong>Real Alc\u00e1zar de Sevilha<\/strong> \u00e9 um daqueles lugares em que o p\u00fablico demora alguns segundos a decidir para onde olhar. As origens do conjunto palaciano remontam ao s\u00e9culo X e, ao longo dos s\u00e9culos, foi sendo transformado at\u00e9 reunir camadas isl\u00e2micas, mud\u00e9jares, g\u00f3ticas, renascentistas e barrocas.<\/p>\n<p>A Bienal utiliza o <strong>Patio de la Monter\u00eda<\/strong>, um grande espa\u00e7o aberto diante da extraordin\u00e1ria fachada do Pal\u00e1cio Mud\u00e9jar de Pedro I. \u00c0 noite, com a ilumina\u00e7\u00e3o monumental e a Giralda vis\u00edvel de alguns \u00e2ngulos do conjunto, o cen\u00e1rio ganha uma presen\u00e7a dif\u00edcil de reproduzir num teatro convencional.<\/p>\n<p>Aqui o patrim\u00f3nio n\u00e3o \u00e9 um fundo neutro. A escala do p\u00e1tio, a pedra, o c\u00e9u aberto e a pr\u00f3pria entrada no recinto transformam o espet\u00e1culo numa experi\u00eancia diretamente ligada a Sevilha.<\/p>\n<\/div><\/div><\/div><\/div><\/div><div class=\"vc_col-sm-6 wpb_column vc_column_container\"><div class=\"vc_column-inner\"><div class=\"wpb_wrapper\"><div class=\"wpb_text_column\"><div class=\"wpb_wrapper\"><h2>O que ver no Real Alc\u00e1zar durante a Bienal 2026<\/h2>\n<p>A programa\u00e7\u00e3o concentra tr\u00eas noites consecutivas:<\/p>\n<ul>\n<li><strong>14 de setembro:<\/strong> Israel Fern\u00e1ndez apresenta <em>De oro y marfil<\/em>.<\/li>\n<li><strong>15 de setembro:<\/strong> Rancapino Chico estreia <em>Pizarra<\/em>.<\/li>\n<li><strong>16 de setembro:<\/strong> <em>Xerezan\u00edas<\/em> re\u00fane Luis El Zambo, Dolores Agujetas, Antonio de la Malena, Manuel Valencia e Las Tatas de Jerez.<\/li>\n<\/ul>\n<p>A sele\u00e7\u00e3o faz sentido num espa\u00e7o com estas caracter\u00edsticas: recitais e encontros em que a for\u00e7a est\u00e1 na presen\u00e7a dos int\u00e9rpretes, no cante e na guitarra, sem necessidade de encher o p\u00e1tio de cenografia.<\/p>\n<p><strong>Ideal para:<\/strong> quem quiser viver uma noite da Bienal num enclave monumental inequivocamente sevilhano.<\/p>\n<\/div><\/div><\/div><\/div><\/div><\/div><\/div><\/section><section class=\"l-section wpb_row height_huge\"><div class=\"l-section-h i-cf\"><div class=\"g-cols vc_row via_flex valign_top type_default stacking_default\"><div class=\"vc_col-sm-6 wpb_column vc_column_container\"><div class=\"vc_column-inner\"><div class=\"wpb_wrapper\"><div class=\"wpb_text_column\"><div class=\"wpb_wrapper\"><h2 id=\"artilleria\">2. Real F\u00e1brica de Artiller\u00eda: patrim\u00f3nio industrial para o flamenco mais contempor\u00e2neo<\/h2>\n<p>A <strong>Real F\u00e1brica de Artiller\u00eda<\/strong> prop\u00f5e uma experi\u00eancia completamente diferente. As suas origens remontam \u00e0 fundi\u00e7\u00e3o de bronze da fam\u00edlia Morel no s\u00e9culo XVI, embora o grande edif\u00edcio atual tenha tomado forma sobretudo durante o s\u00e9culo XVIII e recebido um forte impulso sob Carlos III.<\/p>\n<p>As suas naves, ab\u00f3badas, p\u00e1tios, antigas \u00e1reas de fundi\u00e7\u00e3o e escala industrial fazem da Artiller\u00eda um dos espa\u00e7os patrimoniais mais impressionantes da cidade. Depois de d\u00e9cadas ligada \u00e0 produ\u00e7\u00e3o militar, est\u00e1 hoje a ser recuperada como um grande espa\u00e7o cultural.<\/p>\n<p>A aspereza do edif\u00edcio funciona especialmente bem com projetos que investigam novas linguagens. Onde San Luis convida ao recolhimento, a Artiller\u00eda oferece profundidade, mat\u00e9ria, sombra e uma sensa\u00e7\u00e3o quase cinematogr\u00e1fica.<\/p>\n<\/div><\/div><\/div><\/div><\/div><div class=\"vc_col-sm-6 wpb_column vc_column_container\"><div class=\"vc_column-inner\"><div class=\"wpb_wrapper\"><div class=\"wpb_text_column\"><div class=\"wpb_wrapper\"><h2>O que a Bienal 2026 programa na Artiller\u00eda<\/h2>\n<p>A edi\u00e7\u00e3o de 2026 utiliza o espa\u00e7o para duas grandes linhas criativas:<\/p>\n<ul>\n<li><strong>13 e 14 de setembro:<\/strong> Ana Morales apresenta a estreia absoluta de <em>Rapsodia. Fantas\u00eda subterr\u00e1nea<\/em>.<\/li>\n<li><strong>22 de setembro:<\/strong> <em>Trilog\u00eda. Al toque<\/em>, de Pablo Mart\u00edn Caminero.<\/li>\n<li><strong>23 de setembro:<\/strong> <em>Trilog\u00eda. Al baile<\/em>, com a participa\u00e7\u00e3o de Mar\u00eda Moreno.<\/li>\n<li><strong>24 de setembro:<\/strong> <em>Trilog\u00eda. Al cante<\/em>, com David Carpio.<\/li>\n<\/ul>\n<p>O di\u00e1logo entre um complexo industrial hist\u00f3rico e propostas de investiga\u00e7\u00e3o c\u00e9nica transforma esta sede num dos melhores exemplos da Bienal como festival que n\u00e3o separa tradi\u00e7\u00e3o e vanguarda.<\/p>\n<p><strong>Ideal para:<\/strong> quem procure uma experi\u00eancia visual poderosa e um flamenco de cria\u00e7\u00e3o contempor\u00e2nea.<\/p>\n<\/div><\/div><\/div><\/div><\/div><\/div><\/div><\/section><section class=\"l-section wpb_row height_huge color_alternate with_shape\"><div class=\"l-section-shape type_zigzag pos_top\" style=\"height:3vmin;\"><svg xmlns=\"http:\/\/www.w3.org\/2000\/svg\" viewBox=\"0 0 64 8\" preserveAspectRatio=\"none\" width=\"100%\" height=\"100%\">\r\n\t<path fill=\"currentColor\" d=\"M64 8 L0 8 L0 0 L20 7.9 L40 3 L48 5 L64 0 Z\"\/>\r\n<\/svg><\/div><div class=\"l-section-shape type_zigzag pos_bottom\" style=\"height:3vmin;\"><svg xmlns=\"http:\/\/www.w3.org\/2000\/svg\" viewBox=\"0 0 64 8\" preserveAspectRatio=\"none\" width=\"100%\" height=\"100%\">\r\n\t<path fill=\"currentColor\" d=\"M64 8 L0 8 L0 0 L20 7.9 L40 3 L48 5 L64 0 Z\"\/>\r\n<\/svg><\/div><div class=\"l-section-h i-cf\"><div class=\"g-cols vc_row via_flex valign_top type_default stacking_default\"><div class=\"vc_col-sm-6 wpb_column vc_column_container\"><div class=\"vc_column-inner\"><div class=\"wpb_wrapper\"><div class=\"wpb_text_column\"><div class=\"wpb_wrapper\"><h2 id=\"san-luis\">3. San Luis de los Franceses: seis matin\u00e9s dentro de uma joia barroca<\/h2>\n<p>A <strong>Igreja de San Luis de los Franceses<\/strong> \u00e9 provavelmente o espa\u00e7o mais \u00edntimo e ornamental desta lista. O conjunto, constru\u00eddo entre <strong>1699 e 1731<\/strong> segundo projeto de <strong>Leonardo de Figueroa<\/strong>, \u00e9 considerado um dos grandes exemplos do pleno Barroco sevilhano.<\/p>\n<p>A sua arquitetura foi concebida para envolver o visitante. Ret\u00e1bulos, pintura, escultura, luz e propor\u00e7\u00f5es trabalham em conjunto e transformam qualquer interpreta\u00e7\u00e3o musical em algo diferente de um recital numa sala convencional.<\/p>\n<p>A Bienal aproveita ainda uma circunst\u00e2ncia especial: os espet\u00e1culos realizam-se \u00e0s <strong>12:00<\/strong>. A luz do dia e o formato reduzido mudam por completo o ritmo habitual de um festival associado em grande medida \u00e0 noite.<\/p>\n<\/div><\/div><\/div><\/div><\/div><div class=\"vc_col-sm-6 wpb_column vc_column_container\"><div class=\"vc_column-inner\"><div class=\"wpb_wrapper\"><div class=\"wpb_text_column\"><div class=\"wpb_wrapper\"><h2>As Matin\u00e9s \u00danicas de San Luis<\/h2>\n<p>San Luis acolhe seis espet\u00e1culos em di\u00e1logo com o universo da m\u00fasica antiga:<\/p>\n<ul>\n<li><strong>12 e 13 de setembro:<\/strong> Pedro El Grana\u00edno, <em>Pan de oro<\/em>, com Daniel Oyarz\u00e1bal.<\/li>\n<li><strong>19 e 20 de setembro:<\/strong> Alejandro Hurtado, <em>Devenir de la guitarra<\/em>, com Enrike Solin\u00eds.<\/li>\n<li><strong>26 e 27 de setembro:<\/strong> Encarna Anillo, <em>Camino de flores<\/em>, com Miguel Rinc\u00f3n.<\/li>\n<\/ul>\n<p>Prepar\u00e1mos um guia espec\u00edfico com o programa e as principais informa\u00e7\u00f5es deste ciclo de <a href=\"https:\/\/www.tablaosflamencos.com\/matines-unicas-bienal-flamenco-sevilla-2026.html\"><strong>Matin\u00e9s \u00danicas da Bienal 2026<\/strong><\/a>.<\/p>\n<p><strong>Ideal para:<\/strong> quem preferir proximidade, ac\u00fastica natural, patrim\u00f3nio e uma escuta tranquila.<\/p>\n<\/div><\/div><\/div><\/div><\/div><\/div><\/div><\/section><section class=\"l-section wpb_row height_huge\"><div class=\"l-section-h i-cf\"><div class=\"g-cols vc_row via_flex valign_top type_default stacking_default\"><div class=\"vc_col-sm-6 wpb_column vc_column_container\"><div class=\"vc_column-inner\"><div class=\"wpb_wrapper\"><div class=\"wpb_text_column\"><div class=\"wpb_wrapper\"><h2 id=\"hotel-triana\">4. Hotel Triana: um p\u00e1tio comunit\u00e1rio com o c\u00e9u como teto<\/h2>\n<p>O nome pode induzir em erro. O <strong>Hotel Triana<\/strong> n\u00e3o funciona hoje como hotel tur\u00edstico. Foi constru\u00eddo por ocasi\u00e3o da Exposi\u00e7\u00e3o Ibero-Americana de 1929 para alojar visitantes, mas nunca chegou a cumprir essa fun\u00e7\u00e3o e acabou transformado num <strong>p\u00e1tio residencial comunit\u00e1rio tradicional<\/strong>.<\/p>\n<p>A sua estrutura em U em torno de um grande p\u00e1tio conserva a l\u00f3gica comunit\u00e1ria de tantas casas tradicionais de Triana. O edif\u00edcio, classificado como Bem de Interesse Cultural, mant\u00e9m uma rela\u00e7\u00e3o especialmente intensa com a Bienal e com a mem\u00f3ria flamenca do bairro.<\/p>\n<p>Aqui desaparece a dist\u00e2ncia solene de um teatro. O p\u00e1tio, as galerias, as fachadas interiores e o c\u00e9u aberto criam uma atmosfera que recorda que grande parte da hist\u00f3ria social do flamenco se desenvolveu em espa\u00e7os de conviv\u00eancia, p\u00e1tios, encontros e festas.<\/p>\n<\/div><\/div><\/div><\/div><\/div><div class=\"vc_col-sm-6 wpb_column vc_column_container\"><div class=\"vc_column-inner\"><div class=\"wpb_wrapper\"><div class=\"wpb_text_column\"><div class=\"wpb_wrapper\"><h2>O regresso do Hotel Triana em 2026<\/h2>\n<p>Depois de quatro anos fora da programa\u00e7\u00e3o, o espa\u00e7o regressa com tr\u00eas noites consecutivas concebidas como <strong>espet\u00e1culos de fim de noite<\/strong> da Bienal:<\/p>\n<ul>\n<li><strong>17 de setembro:<\/strong> <em>Mujeres gitanas<\/em>, com Remedios Amaya, Montse Cort\u00e9s, La Fabi e outros artistas.<\/li>\n<li><strong>18 de setembro:<\/strong> <em>Uvitas negras<\/em>, ligada ao 75.\u00ba anivers\u00e1rio da Pe\u00f1a Pozo de las Penas.<\/li>\n<li><strong>19 de setembro:<\/strong> <em>Andaluc\u00eda en el Tiempo<\/em>, com artistas provenientes de diferentes prov\u00edncias andaluzas.<\/li>\n<\/ul>\n<p>As tr\u00eas s\u00e3o concebidas como <a href=\"https:\/\/www.tablaosflamencos.com\/noches-unicas-bienal-flamenco-sevilla-2026.html\"><strong>Noites \u00danicas<\/strong><\/a>, ou seja, encontros pensados para acontecer de forma irrepet\u00edvel.<\/p>\n<p><strong>Ideal para:<\/strong> quem quiser viver uma das atmosferas mais flamencas e menos convencionais de toda a Bienal.<\/p>\n<\/div><\/div><\/div><\/div><\/div><\/div><\/div><\/section><section class=\"l-section wpb_row height_huge color_alternate with_shape\"><div class=\"l-section-shape type_zigzag pos_top\" style=\"height:3vmin;\"><svg xmlns=\"http:\/\/www.w3.org\/2000\/svg\" viewBox=\"0 0 64 8\" preserveAspectRatio=\"none\" width=\"100%\" height=\"100%\">\r\n\t<path fill=\"currentColor\" d=\"M64 8 L0 8 L0 0 L20 7.9 L40 3 L48 5 L64 0 Z\"\/>\r\n<\/svg><\/div><div class=\"l-section-shape type_zigzag pos_bottom\" style=\"height:3vmin;\"><svg xmlns=\"http:\/\/www.w3.org\/2000\/svg\" viewBox=\"0 0 64 8\" preserveAspectRatio=\"none\" width=\"100%\" height=\"100%\">\r\n\t<path fill=\"currentColor\" d=\"M64 8 L0 8 L0 0 L20 7.9 L40 3 L48 5 L64 0 Z\"\/>\r\n<\/svg><\/div><div class=\"l-section-h i-cf\"><div class=\"g-cols vc_row via_flex valign_top type_default stacking_default\"><div class=\"vc_col-sm-6 wpb_column vc_column_container\"><div class=\"vc_column-inner\"><div class=\"wpb_wrapper\"><div class=\"wpb_text_column\"><div class=\"wpb_wrapper\"><h2 id=\"plaza-toros\">5. Plaza de Toros de la Real Maestranza: uma gala para ocupar toda a arena<\/h2>\n<p>A <strong>Plaza de Toros de la Real Maestranza de Caballer\u00eda<\/strong> \u00e9 um dos grandes \u00edcones arquitet\u00f3nicos de Sevilha. A constru\u00e7\u00e3o em alvenaria come\u00e7ou no s\u00e9culo XVIII e o conjunto ficou definitivamente conclu\u00eddo em 1881, depois de um processo de mais de um s\u00e9culo.<\/p>\n<p>A arena de albero, as arcadas brancas e ocres e a escala circular criam uma imagem radicalmente diferente de qualquer teatro. Para um espet\u00e1culo flamenco, significa ainda enfrentar um espa\u00e7o enorme, ao ar livre e com o p\u00fablico a rodear a cena.<\/p>\n<p>Em 2026, a Bienal utiliza a pra\u00e7a para um \u00fanico grande acontecimento, refor\u00e7ando o seu car\u00e1ter excecional.<\/p>\n<\/div><\/div><\/div><\/div><\/div><div class=\"vc_col-sm-6 wpb_column vc_column_container\"><div class=\"vc_column-inner\"><div class=\"wpb_wrapper\"><div class=\"wpb_text_column\"><div class=\"wpb_wrapper\"><h2><em>El mundo por montera<\/em>: a grande gala de 10 de setembro<\/h2>\n<p>No <strong>dia 10 de setembro \u00e0s 21:30<\/strong>, a Plaza de Toros acolhe a Gala da XXIV Bienal <em>El mundo por montera<\/em>, com Jos\u00e9 Merc\u00e9, Jos\u00e9 de la Tomasa, Martirio, Arc\u00e1ngel, La Tremendita, \u00c1ngeles Toledano, El Perrete, Manuel de la Tomasa e o Ballet Flamenco de Andaluc\u00eda dirigido por Patricia Guerrero.<\/p>\n<p>O evento acontece um dia depois do preg\u00e3o de 9 de setembro e funciona como uma das grandes aberturas p\u00fablicas da edi\u00e7\u00e3o. Pode saber mais no nosso guia sobre <a href=\"https:\/\/www.tablaosflamencos.com\/inauguracion-bienal-flamenco-sevilla-2026.html\"><strong>como ser\u00e1 a inaugura\u00e7\u00e3o da Bienal 2026<\/strong><\/a>.<\/p>\n<p><strong>Ideal para:<\/strong> quem procura escala, ambiente de grande acontecimento e uma noite com muito p\u00fablico num s\u00edmbolo de Sevilha.<\/p>\n<\/div><\/div><\/div><\/div><\/div><\/div><\/div><\/section><section class=\"l-section wpb_row height_huge\"><div class=\"l-section-h i-cf\"><div class=\"g-cols vc_row via_flex valign_top type_default stacking_default\"><div class=\"vc_col-sm-6 wpb_column vc_column_container\"><div class=\"vc_column-inner\"><div class=\"wpb_wrapper\"><div class=\"wpb_text_column\"><div class=\"wpb_wrapper\"><h2 id=\"lope-vega\">6. Teatro Lope de Vega: o grande regresso da Bienal 2026<\/h2>\n<p>O <strong>Teatro Lope de Vega<\/strong> acrescenta a esta edi\u00e7\u00e3o uma componente emocional especial. Constru\u00eddo para a Exposi\u00e7\u00e3o Ibero-Americana de <strong>1929<\/strong>, o edif\u00edcio neobarroco fazia parte do antigo Pavilh\u00e3o de Sevilha juntamente com o Casino de la Exposici\u00f3n.<\/p>\n<p>Depois de permanecer fechado para obras, o teatro reabre ao p\u00fablico coincidindo com a Bienal. A reabilita\u00e7\u00e3o integral ultrapassou os <strong>9,5 milh\u00f5es de euros<\/strong> e transforma o seu regresso num dos acontecimentos culturais do ano em Sevilha.<\/p>\n<p>N\u00e3o \u00e9 uma sede qualquer para o festival. O Lope est\u00e1 ligado h\u00e1 d\u00e9cadas \u00e0 hist\u00f3ria da Bienal e a sua reabertura recupera uma das salas que melhor representam a dimens\u00e3o teatral do flamenco na cidade.<\/p>\n<\/div><\/div><\/div><\/div><\/div><div class=\"vc_col-sm-6 wpb_column vc_column_container\"><div class=\"vc_column-inner\"><div class=\"wpb_wrapper\"><div class=\"wpb_text_column\"><div class=\"wpb_wrapper\"><h2>Uma programa\u00e7\u00e3o \u00e0 altura da reabertura<\/h2>\n<p>O primeiro artista a pisar o palco renovado ser\u00e1 <strong>Dorantes<\/strong>, no dia 12 de setembro, com a estreia absoluta de <em>Fractal Arcano<\/em>. Depois chegar\u00e3o Arc\u00e1ngel, Antonio Reyes, Rafael Riqueni com Tim Ries, Aurora Vargas e Juana Amaya, David Coria, Mayte Mart\u00edn, Alfonso Losa e outros nomes.<\/p>\n<p>A combina\u00e7\u00e3o de estreias absolutas, noites \u00fanicas e artistas de diferentes gera\u00e7\u00f5es faz do Lope um dos espa\u00e7os com a programa\u00e7\u00e3o mais completa de toda a edi\u00e7\u00e3o.<\/p>\n<p>Al\u00e9m disso, a sua est\u00e9tica de teatro hist\u00f3rico oferece uma experi\u00eancia muito diferente da modernidade do Teatro Central ou da grande escala do Maestranza.<\/p>\n<p><strong>Ideal para:<\/strong> quem valoriza o teatro cl\u00e1ssico, a hist\u00f3ria da Bienal e o simbolismo de assistir \u00e0 sua reabertura.<\/p>\n<\/div><\/div><\/div><\/div><\/div><\/div><\/div><\/section><section class=\"l-section wpb_row height_huge color_alternate with_shape\"><div class=\"l-section-shape type_zigzag pos_top\" style=\"height:3vmin;\"><svg xmlns=\"http:\/\/www.w3.org\/2000\/svg\" viewBox=\"0 0 64 8\" preserveAspectRatio=\"none\" width=\"100%\" height=\"100%\">\r\n\t<path fill=\"currentColor\" d=\"M64 8 L0 8 L0 0 L20 7.9 L40 3 L48 5 L64 0 Z\"\/>\r\n<\/svg><\/div><div class=\"l-section-shape type_zigzag pos_bottom\" style=\"height:3vmin;\"><svg xmlns=\"http:\/\/www.w3.org\/2000\/svg\" viewBox=\"0 0 64 8\" preserveAspectRatio=\"none\" width=\"100%\" height=\"100%\">\r\n\t<path fill=\"currentColor\" d=\"M64 8 L0 8 L0 0 L20 7.9 L40 3 L48 5 L64 0 Z\"\/>\r\n<\/svg><\/div><div class=\"l-section-h i-cf\"><div class=\"g-cols vc_row via_flex valign_top type_default stacking_default\"><div class=\"vc_col-sm-6 wpb_column vc_column_container\"><div class=\"vc_column-inner\"><div class=\"wpb_wrapper\"><div class=\"wpb_text_column\"><div class=\"wpb_wrapper\"><h2 id=\"teatro-maestranza\">7. Teatro de la Maestranza: o palco das grandes produ\u00e7\u00f5es<\/h2>\n<p>O <strong>Teatro de la Maestranza<\/strong> representa o lado mais contempor\u00e2neo e tecnicamente ambicioso desta sele\u00e7\u00e3o. Inaugurado em 1991 e desenhado pelos arquitetos Aurelio del Pozo e Luis Mar\u00edn, nasceu como um grande audit\u00f3rio polivalente e acabou por adaptar a sua caixa c\u00e9nica \u00e0s exig\u00eancias da \u00f3pera e das grandes produ\u00e7\u00f5es.<\/p>\n<p>Na Bienal \u00e9 o espa\u00e7o natural para espet\u00e1culos que exigem amplitude, maquinaria c\u00e9nica, grande lota\u00e7\u00e3o e possibilidades t\u00e9cnicas avan\u00e7adas. Perante o car\u00e1ter patrimonial do Alc\u00e1zar ou de San Luis, aqui o protagonismo est\u00e1 no que pode ser constru\u00eddo em palco.<\/p>\n<p>Isso n\u00e3o significa que lhe falte identidade: a sua rela\u00e7\u00e3o com a m\u00fasica e as artes performativas de Sevilha desde a Expo 92 transformou-o num dos grandes teatros espanh\u00f3is.<\/p>\n<\/div><\/div><\/div><\/div><\/div><div class=\"vc_col-sm-6 wpb_column vc_column_container\"><div class=\"vc_column-inner\"><div class=\"wpb_wrapper\"><div class=\"wpb_text_column\"><div class=\"wpb_wrapper\"><h2>Sara Baras, Israel Galv\u00e1n, Farruquito e o encerramento<\/h2>\n<p>A programa\u00e7\u00e3o do Maestranza \u00e9 uma das mais fortes de 2026. Sara Baras abre o seu ciclo nos dias <strong>11, 12 e 13 de setembro<\/strong> com a estreia absoluta de <em>Infinita<\/em>, o seu regresso \u00e0 Bienal catorze anos depois. Pode conhecer todos os detalhes no nosso guia sobre <a href=\"https:\/\/www.tablaosflamencos.com\/sara-baras-sevilla-2026-infinita-bienal.html\"><strong>Sara Baras em Sevilha em 2026<\/strong><\/a>.<\/p>\n<p>Depois passar\u00e3o pelo teatro Ca\u00f1izares com a ROSS, Jos\u00e9 Merc\u00e9, Manuel Li\u00f1\u00e1n, Israel Galv\u00e1n, Farruquito e Marina Heredia, entre outros. No <strong>dia 3 de outubro<\/strong> acolher\u00e1 tamb\u00e9m <em>Perlas a Millares<\/em>, o espet\u00e1culo que encerra a XXIV edi\u00e7\u00e3o.<\/p>\n<p><strong>Ideal para:<\/strong> quem quiser ver as produ\u00e7\u00f5es de maior formato e alguns dos grandes nomes do cartaz.<\/p>\n<\/div><\/div><\/div><\/div><\/div><\/div><\/div><\/section><section class=\"l-section wpb_row height_huge\"><div class=\"l-section-h i-cf\"><div class=\"g-cols vc_row via_flex valign_top type_default stacking_default\"><div class=\"vc_col-sm-12 wpb_column vc_column_container\"><div class=\"vc_column-inner\"><div class=\"wpb_wrapper\"><div class=\"wpb_text_column\"><div class=\"wpb_wrapper\"><h2 id=\"como-elegir\">Que espa\u00e7o escolher? A experi\u00eancia muda por completo<\/h2>\n<p>N\u00e3o existe um espa\u00e7o universalmente \u201cmelhor\u201d. A escolha depende mais da experi\u00eancia que pretende viver do que de uma hierarquia arquitet\u00f3nica.<\/p>\n<div style=\"overflow-x: auto;\">\n<table>\n<thead>\n<tr>\n<th>Se procura&#8230;<\/th>\n<th>Escolha&#8230;<\/th>\n<\/tr>\n<\/thead>\n<tbody>\n<tr>\n<td>O cen\u00e1rio monumental mais impressionante<\/td>\n<td><strong>Real Alc\u00e1zar<\/strong><\/td>\n<\/tr>\n<tr>\n<td>Intimidade, ac\u00fastica e patrim\u00f3nio barroco<\/td>\n<td><strong>San Luis de los Franceses<\/strong><\/td>\n<\/tr>\n<tr>\n<td>Uma atmosfera flamenca de p\u00e1tio e bairro<\/td>\n<td><strong>Hotel Triana<\/strong><\/td>\n<\/tr>\n<tr>\n<td>Arquitetura industrial e cria\u00e7\u00e3o contempor\u00e2nea<\/td>\n<td><strong>Real F\u00e1brica de Artiller\u00eda<\/strong><\/td>\n<\/tr>\n<tr>\n<td>Uma grande noite ao ar livre<\/td>\n<td><strong>Plaza de Toros de la Real Maestranza<\/strong><\/td>\n<\/tr>\n<tr>\n<td>Um teatro hist\u00f3rico recentemente recuperado<\/td>\n<td><strong>Teatro Lope de Vega<\/strong><\/td>\n<\/tr>\n<tr>\n<td>Grandes produ\u00e7\u00f5es e m\u00e1xima capacidade c\u00e9nica<\/td>\n<td><strong>Teatro de la Maestranza<\/strong><\/td>\n<\/tr>\n<\/tbody>\n<\/table>\n<\/div>\n<\/div><\/div><\/div><\/div><\/div><\/div><\/div><\/section><section class=\"l-section wpb_row height_huge color_alternate with_shape\"><div class=\"l-section-shape type_zigzag pos_top\" style=\"height:3vmin;\"><svg xmlns=\"http:\/\/www.w3.org\/2000\/svg\" viewBox=\"0 0 64 8\" preserveAspectRatio=\"none\" width=\"100%\" height=\"100%\">\r\n\t<path fill=\"currentColor\" d=\"M64 8 L0 8 L0 0 L20 7.9 L40 3 L48 5 L64 0 Z\"\/>\r\n<\/svg><\/div><div class=\"l-section-shape type_zigzag pos_bottom\" style=\"height:3vmin;\"><svg xmlns=\"http:\/\/www.w3.org\/2000\/svg\" viewBox=\"0 0 64 8\" preserveAspectRatio=\"none\" width=\"100%\" height=\"100%\">\r\n\t<path fill=\"currentColor\" d=\"M64 8 L0 8 L0 0 L20 7.9 L40 3 L48 5 L64 0 Z\"\/>\r\n<\/svg><\/div><div class=\"l-section-h i-cf\"><div class=\"g-cols vc_row via_flex valign_top type_default stacking_default\"><div class=\"vc_col-sm-6 wpb_column vc_column_container\"><div class=\"vc_column-inner\"><div class=\"wpb_wrapper\"><div class=\"wpb_text_column\"><div class=\"wpb_wrapper\"><h2 id=\"resto-espacios\">Os outros espa\u00e7os oficiais da Bienal 2026<\/h2>\n<p>A sele\u00e7\u00e3o anterior n\u00e3o significa que as restantes sedes sejam secund\u00e1rias. A Bienal utiliza tamb\u00e9m espa\u00e7os com fun\u00e7\u00f5es art\u00edsticas muito definidas:<\/p>\n<ul>\n<li><strong>Teatro Central:<\/strong> principal territ\u00f3rio para a cria\u00e7\u00e3o c\u00e9nica e o flamenco de vanguarda.<\/li>\n<li><strong>Espacio Turina:<\/strong> especialmente adequado para guitarra, m\u00fasica e recitais de formato mais intimista.<\/li>\n<li><strong>Teatro Alameda:<\/strong> acolhe estreias, jovens criadores e propostas de cante, baile e guitarra.<\/li>\n<li><strong>CaixaForum Sevilla:<\/strong> integra a programa\u00e7\u00e3o familiar com <em>Tirititr\u00e1n<\/em>.<\/li>\n<\/ul>\n<p>No conjunto, a organiza\u00e7\u00e3o apresenta a cidade como um grande palco aberto em que cada espa\u00e7o desempenha uma fun\u00e7\u00e3o diferente dentro da narrativa da edi\u00e7\u00e3o.<\/p>\n<\/div><\/div><\/div><\/div><\/div><div class=\"vc_col-sm-6 wpb_column vc_column_container\"><div class=\"vc_column-inner\"><div class=\"wpb_wrapper\"><div class=\"wpb_text_column\"><div class=\"wpb_wrapper\"><h2>Real Maestranza e Teatro de la Maestranza: n\u00e3o s\u00e3o o mesmo lugar<\/h2>\n<p>\u00c9 uma confus\u00e3o bastante comum e em 2026 conv\u00e9m evit\u00e1-la, porque ambos os espa\u00e7os t\u00eam programa\u00e7\u00e3o importante.<\/p>\n<p>A <strong>Plaza de Toros de la Real Maestranza de Caballer\u00eda<\/strong> \u00e9 o recinto hist\u00f3rico do Arenal onde se realiza a gala <em>El mundo por montera<\/em> a 10 de setembro.<\/p>\n<p>O <strong>Teatro de la Maestranza<\/strong>, tamb\u00e9m situado junto ao rio mas num edif\u00edcio diferente, \u00e9 o grande teatro inaugurado em 1991 onde atuam Sara Baras, Jos\u00e9 Merc\u00e9, Israel Galv\u00e1n, Farruquito e outros artistas.<\/p>\n<p>Antes de assistir a um espet\u00e1culo, confirme sempre o nome completo do recinto indicado no bilhete.<\/p>\n<\/div><\/div><\/div><\/div><\/div><\/div><\/div><\/section><section class=\"l-section wpb_row height_huge\"><div class=\"l-section-h i-cf\"><div class=\"g-cols vc_row via_flex valign_top type_default stacking_default\"><div class=\"vc_col-sm-12 wpb_column vc_column_container\"><div class=\"vc_column-inner\"><div class=\"wpb_wrapper\"><div class=\"wpb_text_column\"><div class=\"wpb_wrapper\"><h2 id=\"consejos\">Conselhos pr\u00e1ticos para descobrir a Bienal atrav\u00e9s dos seus espa\u00e7os<\/h2>\n<ul>\n<li><strong>N\u00e3o escolha apenas pelo artista.<\/strong> Nesta edi\u00e7\u00e3o h\u00e1 projetos concebidos especificamente para dialogar com o espa\u00e7o.<\/li>\n<li><strong>Verifique se o espet\u00e1culo \u00e9 no interior ou ao ar livre.<\/strong> Real Alc\u00e1zar, Hotel Triana e Plaza de Toros oferecem uma experi\u00eancia muito diferente da dos teatros fechados.<\/li>\n<li><strong>Calcule as desloca\u00e7\u00f5es.<\/strong> Embora muitos espa\u00e7os estejam no centro ou relativamente pr\u00f3ximos, a Bienal distribui-se entre Arenal, Triana, San Bernardo, Cartuja, Macarena e outros pontos da cidade.<\/li>\n<li><strong>Confirme o acesso exato.<\/strong> Em edif\u00edcios monumentais, a entrada para um espet\u00e1culo pode n\u00e3o coincidir com a entrada utilizada na visita tur\u00edstica habitual.<\/li>\n<li><strong>Chegue com anteced\u00eancia.<\/strong> Sobretudo em noites de estreia, grandes galas e espa\u00e7os patrimoniais.<\/li>\n<li><strong>Combine formatos.<\/strong> Uma das melhores formas de compreender a edi\u00e7\u00e3o \u00e9 assistir a uma matin\u00e9, a um recital num monumento e a uma grande produ\u00e7\u00e3o teatral.<\/li>\n<\/ul>\n<p>Se vai passar v\u00e1rios dias em Sevilha, o nosso guia sobre <a href=\"https:\/\/www.tablaosflamencos.com\/primer-fin-semana-bienal-flamenco-sevilla-2026.html\"><strong>o que ver no primeiro fim de semana da Bienal 2026<\/strong><\/a> pode ajud\u00e1-lo a construir um itiner\u00e1rio completo.<\/p>\n<\/div><\/div><div class=\"w-separator size_medium\"><\/div><div class=\"w-hwrapper valign_top wrap stack_on_mobiles align_center\" style=\"--hwrapper-gap:1.2rem\"><div class=\"w-btn-wrapper align_none\"><a class=\"w-btn us-btn-style_1\" href=\"https:\/\/www.tablaosflamencos.com\/pt-pt\/bienal-flamenco-sevilha-2026.html\"><span class=\"w-btn-label\">Programa\u00e7\u00e3o e guia completo<\/span><\/a><\/div><div class=\"w-btn-wrapper align_none\"><a class=\"w-btn us-btn-style_1\" href=\"https:\/\/www.tablaosflamencos.com\/pt-pt\/flamenco-em-sevilha\"><span class=\"w-btn-label\">Ver flamenco em Sevilha<\/span><\/a><\/div><\/div><\/div><\/div><\/div><\/div><\/div><\/section><section class=\"l-section wpb_row height_huge color_alternate with_shape\"><div class=\"l-section-shape type_zigzag pos_top\" style=\"height:3vmin;\"><svg xmlns=\"http:\/\/www.w3.org\/2000\/svg\" viewBox=\"0 0 64 8\" preserveAspectRatio=\"none\" width=\"100%\" height=\"100%\">\r\n\t<path fill=\"currentColor\" d=\"M64 8 L0 8 L0 0 L20 7.9 L40 3 L48 5 L64 0 Z\"\/>\r\n<\/svg><\/div><div class=\"l-section-shape type_zigzag pos_bottom\" style=\"height:3vmin;\"><svg xmlns=\"http:\/\/www.w3.org\/2000\/svg\" viewBox=\"0 0 64 8\" preserveAspectRatio=\"none\" width=\"100%\" height=\"100%\">\r\n\t<path fill=\"currentColor\" d=\"M64 8 L0 8 L0 0 L20 7.9 L40 3 L48 5 L64 0 Z\"\/>\r\n<\/svg><\/div><div class=\"l-section-h i-cf\"><div class=\"g-cols vc_row via_flex valign_top type_default stacking_default\"><div class=\"vc_col-sm-12 wpb_column vc_column_container\"><div class=\"vc_column-inner\"><div class=\"wpb_wrapper\"><div class=\"wpb_text_column\"><div class=\"wpb_wrapper\"><h2 id=\"por-que-importan\" style=\"text-align: center;\">A Bienal tamb\u00e9m \u00e9 recordada pelos lugares onde aconteceu<\/h2>\n<p style=\"text-align: center;\">Um grande festival poderia limitar-se a contratar artistas e distribu\u00ed-los por teatros. A Bienal de Sevilha faz algo mais interessante: utiliza a pr\u00f3pria cidade como parte da linguagem do festival.<\/p>\n<p style=\"text-align: center;\">Em 2026, essa ideia percebe-se com especial clareza. O regresso do Lope de Vega depois da reabilita\u00e7\u00e3o, a recupera\u00e7\u00e3o do Hotel Triana, a utiliza\u00e7\u00e3o criativa da Real F\u00e1brica de Artiller\u00eda, as matin\u00e9s barrocas de San Luis, as noites do Alc\u00e1zar e a grande gala na Plaza de Toros constroem uma geografia flamenca que s\u00f3 poderia acontecer em Sevilha.<\/p>\n<p style=\"text-align: center;\">Por isso, quando dois espet\u00e1culos lhe interessarem por igual, repare tamb\u00e9m no espa\u00e7o. Na Bienal, por vezes <strong>o espa\u00e7o \u00e9 o artista que n\u00e3o aparece no cartaz<\/strong>.<\/p>\n<\/div><\/div><\/div><\/div><\/div><\/div><\/div><\/section><section class=\"l-section wpb_row height_huge\"><div class=\"l-section-h i-cf\"><div class=\"g-cols vc_row via_flex valign_top type_default stacking_default\"><div class=\"vc_col-sm-12 wpb_column vc_column_container\"><div class=\"vc_column-inner\"><div class=\"wpb_wrapper\"><div class=\"wpb_text_column\"><div class=\"wpb_wrapper\"><h2 id=\"fuentes\">Fontes e atualiza\u00e7\u00e3o<\/h2>\n<p>Para elaborar este guia confront\u00e1mos a <a href=\"https:\/\/www.labienal.com\/espacios\" target=\"_blank\" rel=\"noopener\"><strong>lista oficial de espa\u00e7os da XXIV Bienal<\/strong><\/a>, a <a href=\"https:\/\/www.labienal.com\/programa-general\/programacion-por-espacios\" target=\"_blank\" rel=\"noopener\"><strong>programa\u00e7\u00e3o oficial por espa\u00e7os<\/strong><\/a> e a informa\u00e7\u00e3o patrimonial publicada pela C\u00e2mara Municipal de Sevilha, ICAS, Real Alc\u00e1zar, Real Maestranza e Teatro de la Maestranza.<\/p>\n<p><strong>Informa\u00e7\u00e3o revista em 1 de setembro de 2026.<\/strong> As datas, hor\u00e1rios, acessos e disponibilidade podem ser alterados pela organiza\u00e7\u00e3o.<\/p>\n<\/div><\/div><\/div><\/div><\/div><\/div><\/div><\/section><section class=\"l-section wpb_row height_huge\"><div class=\"l-section-h i-cf\"><div class=\"g-cols vc_row via_flex valign_top type_default stacking_default\"><div class=\"vc_col-sm-1\/5 wpb_column vc_column_container\"><div class=\"vc_column-inner\"><div class=\"wpb_wrapper\"><\/div><\/div><\/div><div class=\"vc_col-sm-3\/5 wpb_column vc_column_container\"><div class=\"vc_column-inner\"><div class=\"wpb_wrapper\"><div class=\"wpb_text_column\"><div class=\"wpb_wrapper\"><h2 id=\"faq\" style=\"text-align: center;\">Perguntas frequentes sobre os espa\u00e7os da Bienal de Flamenco de Sevilha 2026<\/h2>\n<\/div><\/div><div class=\"w-separator size_medium\"><\/div><div class=\"w-tabs accordion toggle_style_1 has_scrolling\" style=\"--sections-title-size:inherit;--sections-gap:0.5rem;\"><div class=\"w-tabs-sections titles-align_none icon_chevron cpos_right\"><div class=\"w-tabs-section\" id=\"b4e1\"><button type=\"button\" class=\"w-tabs-section-header\" aria-controls=\"content-b4e1\" aria-expanded=\"false\"><div class=\"w-tabs-section-title\">Quantos espa\u00e7os tem a Bienal de Flamenco de Sevilha 2026?<\/div><div class=\"w-tabs-section-control\"><\/div><\/button><div  class=\"w-tabs-section-content\" id=\"content-b4e1\"><div class=\"w-tabs-section-content-h i-cf\"><div class=\"wpb_text_column\"><div class=\"wpb_wrapper\"><p>A programa\u00e7\u00e3o da XXIV Bienal distribui-se por <strong>11 espa\u00e7os<\/strong> de Sevilha, entre teatros, monumentos, p\u00e1tios hist\u00f3ricos e centros culturais.<\/p>\n<\/div><\/div><\/div><\/div><\/div><div class=\"w-tabs-section\" id=\"q5f9\"><button type=\"button\" class=\"w-tabs-section-header\" aria-controls=\"content-q5f9\" aria-expanded=\"false\"><div class=\"w-tabs-section-title\">Qual \u00e9 o espa\u00e7o mais monumental da Bienal 2026?<\/div><div class=\"w-tabs-section-control\"><\/div><\/button><div  class=\"w-tabs-section-content\" id=\"content-q5f9\"><div class=\"w-tabs-section-content-h i-cf\"><div class=\"wpb_text_column\"><div class=\"wpb_wrapper\"><p>O <strong>Patio de la Monter\u00eda do Real Alc\u00e1zar<\/strong> \u00e9 provavelmente o cen\u00e1rio monumental mais excecional pelo seu enquadramento hist\u00f3rico e pelos espet\u00e1culos ao ar livre diante do Pal\u00e1cio Mud\u00e9jar.<\/p>\n<\/div><\/div><\/div><\/div><\/div><div class=\"w-tabs-section\" id=\"y76c\"><button type=\"button\" class=\"w-tabs-section-header\" aria-controls=\"content-y76c\" aria-expanded=\"false\"><div class=\"w-tabs-section-title\">Onde se realizam as Matin\u00e9s \u00danicas?<\/div><div class=\"w-tabs-section-control\"><\/div><\/button><div  class=\"w-tabs-section-content\" id=\"content-y76c\"><div class=\"w-tabs-section-content-h i-cf\"><div class=\"wpb_text_column\"><div class=\"wpb_wrapper\"><p>As seis Matin\u00e9s \u00danicas realizam-se na <strong>Igreja de San Luis de los Franceses<\/strong> nos dias 12, 13, 19, 20, 26 e 27 de setembro, sempre \u00e0s 12:00.<\/p>\n<\/div><\/div><\/div><\/div><\/div><div class=\"w-tabs-section\" id=\"z89a\"><button type=\"button\" class=\"w-tabs-section-header\" aria-controls=\"content-z89a\" aria-expanded=\"false\"><div class=\"w-tabs-section-title\">O que \u00e9 o Hotel Triana?<\/div><div class=\"w-tabs-section-control\"><\/div><\/button><div  class=\"w-tabs-section-content\" id=\"content-z89a\"><div class=\"w-tabs-section-content-h i-cf\"><div class=\"wpb_text_column\"><div class=\"wpb_wrapper\"><p>\u00c9 um edif\u00edcio constru\u00eddo para a Exposi\u00e7\u00e3o Ibero-Americana de 1929 que nunca chegou a funcionar como hotel e foi transformado num <strong>p\u00e1tio residencial comunit\u00e1rio tradicional<\/strong>. O seu p\u00e1tio \u00e9 um dos espa\u00e7os com mais personalidade e mem\u00f3ria flamenca da Bienal.<\/p>\n<\/div><\/div><\/div><\/div><\/div><div class=\"w-tabs-section\" id=\"i98d\"><button type=\"button\" class=\"w-tabs-section-header\" aria-controls=\"content-i98d\" aria-expanded=\"false\"><div class=\"w-tabs-section-title\">Quando volta a abrir o Teatro Lope de Vega?<\/div><div class=\"w-tabs-section-control\"><\/div><\/button><div  class=\"w-tabs-section-content\" id=\"content-i98d\"><div class=\"w-tabs-section-content-h i-cf\"><div class=\"wpb_text_column\"><div class=\"wpb_wrapper\"><p>O Lope de Vega reabre ao p\u00fablico por ocasi\u00e3o da Bienal 2026 depois de uma reabilita\u00e7\u00e3o integral. O primeiro espet\u00e1culo da Bienal no seu palco ser\u00e1 <em>Fractal Arcano<\/em>, de Dorantes, no <strong>dia 12 de setembro<\/strong>.<\/p>\n<\/div><\/div><\/div><\/div><\/div><div class=\"w-tabs-section\" id=\"ha72\"><button type=\"button\" class=\"w-tabs-section-header\" aria-controls=\"content-ha72\" aria-expanded=\"false\"><div class=\"w-tabs-section-title\">A Plaza de Toros e o Teatro de la Maestranza s\u00e3o o mesmo recinto?<\/div><div class=\"w-tabs-section-control\"><\/div><\/button><div  class=\"w-tabs-section-content\" id=\"content-ha72\"><div class=\"w-tabs-section-content-h i-cf\"><div class=\"wpb_text_column\"><div class=\"wpb_wrapper\"><p>N\u00e3o. S\u00e3o dois edif\u00edcios diferentes. A <strong>Plaza de Toros de la Real Maestranza<\/strong> acolhe a grande gala de 10 de setembro; o <strong>Teatro de la Maestranza<\/strong> recebe Sara Baras, Israel Galv\u00e1n, Jos\u00e9 Merc\u00e9, Farruquito e outras grandes produ\u00e7\u00f5es.<\/p>\n<\/div><\/div><\/div><\/div><\/div><div class=\"w-tabs-section\" id=\"cbbd\"><button type=\"button\" class=\"w-tabs-section-header\" aria-controls=\"content-cbbd\" aria-expanded=\"false\"><div class=\"w-tabs-section-title\">Qual \u00e9 o melhor espa\u00e7o para ver flamenco de vanguarda?<\/div><div class=\"w-tabs-section-control\"><\/div><\/button><div  class=\"w-tabs-section-content\" id=\"content-cbbd\"><div class=\"w-tabs-section-content-h i-cf\"><div class=\"wpb_text_column\"><div class=\"wpb_wrapper\"><p>A <strong>Real F\u00e1brica de Artiller\u00eda<\/strong> e o <strong>Teatro Central<\/strong> s\u00e3o dois dos espa\u00e7os mais ligados \u00e0 investiga\u00e7\u00e3o e \u00e0s linguagens contempor\u00e2neas na programa\u00e7\u00e3o de 2026.<\/p>\n<\/div><\/div><\/div><\/div><\/div><div class=\"w-tabs-section\" id=\"acad\"><button type=\"button\" class=\"w-tabs-section-header\" aria-controls=\"content-acad\" aria-expanded=\"false\"><div class=\"w-tabs-section-title\">Onde posso consultar a programa\u00e7\u00e3o por espa\u00e7os?<\/div><div class=\"w-tabs-section-control\"><\/div><\/button><div  class=\"w-tabs-section-content\" id=\"content-acad\"><div class=\"w-tabs-section-content-h i-cf\"><div class=\"wpb_text_column\"><div class=\"wpb_wrapper\"><p>O site oficial da Bienal disp\u00f5e de uma sec\u00e7\u00e3o dedicada \u00e0 <strong>programa\u00e7\u00e3o por espa\u00e7os<\/strong>. Pode tamb\u00e9m utilizar o nosso guia completo da Bienal de Flamenco de Sevilha 2026 para organizar a visita.<\/p>\n<\/div><\/div><\/div><\/div><\/div><\/div><\/div><\/div><\/div><\/div><div class=\"vc_col-sm-1\/5 wpb_column vc_column_container\"><div class=\"vc_column-inner\"><div class=\"wpb_wrapper\"><\/div><\/div><\/div><\/div><\/div><\/section>\n","protected":false},"excerpt":{"rendered":"<p>Descubra os espa\u00e7os mais espetaculares da Bienal de Flamenco de Sevilha 2026: Real Alc\u00e1zar, Maestranza, San Luis, Hotel Triana, Artiller\u00eda e muito mais.<\/p>\n","protected":false},"author":1,"featured_media":13957,"comment_status":"closed","ping_status":"closed","sticky":false,"template":"","format":"standard","meta":{"_acf_changed":false,"wpai_generated_summary":"","_ayudawp_aiss_exclude":false,"_ayudawp_aiss_exclude_summary":false,"_ayudawp_aiss_summary":"","_ayudawp_aiss_summary_provider":"","_ayudawp_aiss_summary_hash":"","footnotes":""},"categories":[1430],"tags":[1255,1256,1257,1258,1188,1865,1871,1259],"class_list":["post-14013","post","type-post","status-publish","format-standard","has-post-thumbnail","hentry","category-bienal-flamenco-sevilha","tag-agenda-flamenca","tag-bienal-2026","tag-bienal-de-flamenco","tag-festivales-flamencos","tag-flamenco-en-sevilla","tag-o-que-fazer-em-sevilha","tag-o-que-ver-em-sevilha","tag-sevilla"],"acf":[],"yoast_head":"<!-- This site is optimized with the Yoast SEO Premium plugin v28.4 (Yoast SEO v28.4) - https:\/\/yoast.com\/product\/yoast-seo-premium-wordpress\/ -->\n<title>Espa\u00e7os da Bienal de Flamenco de Sevilha 2026<\/title>\n<meta name=\"description\" content=\"Descubra os espa\u00e7os mais espetaculares da Bienal de Flamenco de Sevilha 2026: Real Alc\u00e1zar, Maestranza, San Luis, Hotel Triana, Artiller\u00eda e muito mais.\" \/>\n<meta name=\"robots\" content=\"index, follow, max-snippet:-1, max-image-preview:large, max-video-preview:-1\" \/>\n<link rel=\"canonical\" href=\"https:\/\/www.tablaosflamencos.com\/pt-pt\/espacos-espetaculares-bienal-flamenco-sevilha-2026.html\" \/>\n<meta property=\"og:locale\" content=\"pt_PT\" \/>\n<meta property=\"og:type\" content=\"article\" \/>\n<meta property=\"og:title\" content=\"Os espa\u00e7os mais espetaculares da Bienal de Flamenco de Sevilha 2026\" \/>\n<meta property=\"og:description\" content=\"Descubra os espa\u00e7os mais espetaculares da Bienal de Flamenco de Sevilha 2026: Real Alc\u00e1zar, Maestranza, San Luis, Hotel Triana, Artiller\u00eda e muito mais.\" \/>\n<meta property=\"og:url\" content=\"https:\/\/www.tablaosflamencos.com\/pt-pt\/espacos-espetaculares-bienal-flamenco-sevilha-2026.html\" \/>\n<meta property=\"og:site_name\" content=\"Tablaos Flamencos\" \/>\n<meta property=\"article:publisher\" content=\"https:\/\/www.facebook.com\/tablaosflamencos\" \/>\n<meta property=\"article:published_time\" content=\"2026-09-01T22:28:39+00:00\" \/>\n<meta property=\"article:modified_time\" content=\"2026-09-01T22:56:46+00:00\" \/>\n<meta property=\"og:image\" content=\"https:\/\/www.tablaosflamencos.com\/wp-content\/uploads\/los-espacios-mas-espectaculares-de-la-bienal-de-flamenco-de-sevilla-2026-01.webp\" \/>\n\t<meta property=\"og:image:width\" content=\"1920\" \/>\n\t<meta property=\"og:image:height\" content=\"1072\" \/>\n\t<meta property=\"og:image:type\" content=\"image\/webp\" \/>\n<meta name=\"author\" content=\"Miguel Ortiz\" \/>\n<meta name=\"twitter:card\" content=\"summary_large_image\" \/>\n<meta name=\"twitter:creator\" content=\"@tablaosflamenco\" \/>\n<meta name=\"twitter:site\" content=\"@tablaosflamenco\" \/>\n<meta name=\"twitter:label1\" content=\"Escrito por\" \/>\n\t<meta name=\"twitter:data1\" content=\"Miguel Ortiz\" \/>\n\t<meta name=\"twitter:label2\" content=\"Tempo estimado de leitura\" \/>\n\t<meta name=\"twitter:data2\" content=\"21 minutos\" \/>\n<script type=\"application\/ld+json\" class=\"yoast-schema-graph\">{\"@context\":\"https:\\\/\\\/schema.org\",\"@graph\":[{\"@type\":\"Article\",\"@id\":\"https:\\\/\\\/www.tablaosflamencos.com\\\/pt-pt\\\/espacos-espetaculares-bienal-flamenco-sevilha-2026.html#article\",\"isPartOf\":{\"@id\":\"https:\\\/\\\/www.tablaosflamencos.com\\\/pt-pt\\\/espacos-espetaculares-bienal-flamenco-sevilha-2026.html\"},\"author\":{\"name\":\"Miguel Ortiz\",\"@id\":\"https:\\\/\\\/www.tablaosflamencos.com\\\/pt-pt#\\\/schema\\\/person\\\/e7a9ebe14eb75a52ceabfbffb3c54f5d\"},\"headline\":\"Os espa\u00e7os mais espetaculares da Bienal de Flamenco de Sevilha 2026\",\"datePublished\":\"2026-09-01T22:28:39+00:00\",\"dateModified\":\"2026-09-01T22:56:46+00:00\",\"mainEntityOfPage\":{\"@id\":\"https:\\\/\\\/www.tablaosflamencos.com\\\/pt-pt\\\/espacos-espetaculares-bienal-flamenco-sevilha-2026.html\"},\"wordCount\":4254,\"publisher\":{\"@id\":\"https:\\\/\\\/www.tablaosflamencos.com\\\/pt-pt#organization\"},\"image\":{\"@id\":\"https:\\\/\\\/www.tablaosflamencos.com\\\/pt-pt\\\/espacos-espetaculares-bienal-flamenco-sevilha-2026.html#primaryimage\"},\"thumbnailUrl\":\"https:\\\/\\\/www.tablaosflamencos.com\\\/wp-content\\\/uploads\\\/los-espacios-mas-espectaculares-de-la-bienal-de-flamenco-de-sevilla-2026-01.webp\",\"keywords\":[\"agenda flamenca\",\"Bienal 2026\",\"Bienal de Flamenco\",\"festivales flamencos\",\"flamenco en Sevilla\",\"o que fazer em Sevilha\",\"o que ver em Sevilha\",\"sevilla\"],\"articleSection\":[\"Bienal de Flamenco de Sevilha\"],\"inLanguage\":\"pt-PT\"},{\"@type\":\"WebPage\",\"@id\":\"https:\\\/\\\/www.tablaosflamencos.com\\\/pt-pt\\\/espacos-espetaculares-bienal-flamenco-sevilha-2026.html\",\"url\":\"https:\\\/\\\/www.tablaosflamencos.com\\\/pt-pt\\\/espacos-espetaculares-bienal-flamenco-sevilha-2026.html\",\"name\":\"Espa\u00e7os da Bienal de Flamenco de Sevilha 2026\",\"isPartOf\":{\"@id\":\"https:\\\/\\\/www.tablaosflamencos.com\\\/pt-pt#website\"},\"primaryImageOfPage\":{\"@id\":\"https:\\\/\\\/www.tablaosflamencos.com\\\/pt-pt\\\/espacos-espetaculares-bienal-flamenco-sevilha-2026.html#primaryimage\"},\"image\":{\"@id\":\"https:\\\/\\\/www.tablaosflamencos.com\\\/pt-pt\\\/espacos-espetaculares-bienal-flamenco-sevilha-2026.html#primaryimage\"},\"thumbnailUrl\":\"https:\\\/\\\/www.tablaosflamencos.com\\\/wp-content\\\/uploads\\\/los-espacios-mas-espectaculares-de-la-bienal-de-flamenco-de-sevilla-2026-01.webp\",\"datePublished\":\"2026-09-01T22:28:39+00:00\",\"dateModified\":\"2026-09-01T22:56:46+00:00\",\"description\":\"Descubra os espa\u00e7os mais espetaculares da Bienal de Flamenco de Sevilha 2026: Real Alc\u00e1zar, Maestranza, San Luis, Hotel Triana, Artiller\u00eda e muito mais.\",\"breadcrumb\":{\"@id\":\"https:\\\/\\\/www.tablaosflamencos.com\\\/pt-pt\\\/espacos-espetaculares-bienal-flamenco-sevilha-2026.html#breadcrumb\"},\"inLanguage\":\"pt-PT\",\"potentialAction\":[{\"@type\":\"ReadAction\",\"target\":[\"https:\\\/\\\/www.tablaosflamencos.com\\\/pt-pt\\\/espacos-espetaculares-bienal-flamenco-sevilha-2026.html\"]}]},{\"@type\":\"ImageObject\",\"inLanguage\":\"pt-PT\",\"@id\":\"https:\\\/\\\/www.tablaosflamencos.com\\\/pt-pt\\\/espacos-espetaculares-bienal-flamenco-sevilha-2026.html#primaryimage\",\"url\":\"https:\\\/\\\/www.tablaosflamencos.com\\\/wp-content\\\/uploads\\\/los-espacios-mas-espectaculares-de-la-bienal-de-flamenco-de-sevilla-2026-01.webp\",\"contentUrl\":\"https:\\\/\\\/www.tablaosflamencos.com\\\/wp-content\\\/uploads\\\/los-espacios-mas-espectaculares-de-la-bienal-de-flamenco-de-sevilla-2026-01.webp\",\"width\":1920,\"height\":1072,\"caption\":\"Los espacios m\u00e1s espectaculares de la Bienal de Flamenco de Sevilla 2026\"},{\"@type\":\"BreadcrumbList\",\"@id\":\"https:\\\/\\\/www.tablaosflamencos.com\\\/pt-pt\\\/espacos-espetaculares-bienal-flamenco-sevilha-2026.html#breadcrumb\",\"itemListElement\":[{\"@type\":\"ListItem\",\"position\":1,\"name\":\"Home\",\"item\":\"https:\\\/\\\/www.tablaosflamencos.com\\\/pt-pt\"},{\"@type\":\"ListItem\",\"position\":2,\"name\":\"Os espa\u00e7os mais espetaculares da Bienal de Flamenco de Sevilha 2026\"}]},{\"@type\":\"WebSite\",\"@id\":\"https:\\\/\\\/www.tablaosflamencos.com\\\/pt-pt#website\",\"url\":\"https:\\\/\\\/www.tablaosflamencos.com\\\/pt-pt\",\"name\":\"Tablaos Flamencos\",\"description\":\"Entradas para tablaos flamencos de Espa\u00f1a\",\"publisher\":{\"@id\":\"https:\\\/\\\/www.tablaosflamencos.com\\\/pt-pt#organization\"},\"alternateName\":\"Tablaos Flamencos\",\"potentialAction\":[{\"@type\":\"SearchAction\",\"target\":{\"@type\":\"EntryPoint\",\"urlTemplate\":\"https:\\\/\\\/www.tablaosflamencos.com\\\/pt-pt?s={search_term_string}\"},\"query-input\":{\"@type\":\"PropertyValueSpecification\",\"valueRequired\":true,\"valueName\":\"search_term_string\"}}],\"inLanguage\":\"pt-PT\"},{\"@type\":[\"Organization\",\"Place\",\"EntertainmentBusiness\"],\"@id\":\"https:\\\/\\\/www.tablaosflamencos.com\\\/pt-pt#organization\",\"name\":\"Tablaos Flamencos\",\"alternateName\":\"Tablaos Flamencos\",\"url\":\"https:\\\/\\\/www.tablaosflamencos.com\\\/pt-pt\",\"logo\":{\"@id\":\"https:\\\/\\\/www.tablaosflamencos.com\\\/pt-pt\\\/espacos-espetaculares-bienal-flamenco-sevilha-2026.html#local-main-organization-logo\"},\"image\":{\"@id\":\"https:\\\/\\\/www.tablaosflamencos.com\\\/pt-pt\\\/espacos-espetaculares-bienal-flamenco-sevilha-2026.html#local-main-organization-logo\"},\"sameAs\":[\"https:\\\/\\\/www.facebook.com\\\/tablaosflamencos\",\"https:\\\/\\\/x.com\\\/tablaosflamenco\",\"https:\\\/\\\/mastodon.social\\\/@tablaosflamencos\",\"https:\\\/\\\/www.instagram.com\\\/tablaosflamencos\",\"https:\\\/\\\/tiktok.com\\\/@tablaosflamencos\",\"https:\\\/\\\/www.linkedin.com\\\/company\\\/109408238\\\/\"],\"description\":\"Venta de entradas para espect\u00e1culos flamencos\",\"legalName\":\"Tablaos Flamencos\",\"foundingDate\":\"2015-01-01\",\"numberOfEmployees\":{\"@type\":\"QuantitativeValue\",\"minValue\":\"1\",\"maxValue\":\"10\"},\"address\":{\"@id\":\"https:\\\/\\\/www.tablaosflamencos.com\\\/pt-pt\\\/espacos-espetaculares-bienal-flamenco-sevilha-2026.html#local-main-place-address\"},\"geo\":{\"@type\":\"GeoCoordinates\",\"latitude\":\"37.3868072\",\"longitude\":\"-5.993280299999999\"},\"telephone\":[\"+34623787787\"],\"contactPoint\":{\"@type\":\"ContactPoint\",\"telephone\":\"+34623787787\",\"email\":\"info@tablaosflamencos.com\"},\"openingHoursSpecification\":{\"@type\":\"OpeningHoursSpecification\",\"dayOfWeek\":[\"Monday\",\"Tuesday\",\"Wednesday\",\"Thursday\",\"Friday\",\"Saturday\",\"Sunday\"],\"opens\":\"00:00\",\"closes\":\"23:59\"},\"email\":\"info@tablaosflamencos.com\",\"priceRange\":\"$$$\",\"currenciesAccepted\":\"\u20ac\"},{\"@type\":\"Person\",\"@id\":\"https:\\\/\\\/www.tablaosflamencos.com\\\/pt-pt#\\\/schema\\\/person\\\/e7a9ebe14eb75a52ceabfbffb3c54f5d\",\"name\":\"Miguel Ortiz\",\"description\":\"Miguel Ortiz es un empresario flamenco, con una s\u00f3lida trayectoria dentro del sector. Ha presidido entidades culturales vinculadas al flamenco y, cuenta con un amplio recorrido profesional en la gesti\u00f3n y promoci\u00f3n de espect\u00e1culos y tablaos flamencos. Su pasi\u00f3n por la historia y el arte flamenco se refleja en cada art\u00edculo, donde combina experiencia, criterio y un profundo respeto por la tradici\u00f3n.\",\"sameAs\":[\"https:\\\/\\\/www.tablaosflamencos.com\",\"https:\\\/\\\/www.instagra.com\\\/miguelortizfe\",\"https:\\\/\\\/www.linkedin.com\\\/in\\\/miguelortizf\\\/\"],\"birthDate\":\"1984-11-22\",\"gender\":\"hombre\",\"knowsLanguage\":[\"espa\u00f1ol\",\"ingl\u00e9s\"],\"jobTitle\":\"Empresario flamenco\"},{\"@type\":\"PostalAddress\",\"@id\":\"https:\\\/\\\/www.tablaosflamencos.com\\\/pt-pt\\\/espacos-espetaculares-bienal-flamenco-sevilha-2026.html#local-main-place-address\",\"streetAddress\":\"C\\\/ Alemanes, 19\",\"addressLocality\":\"Sevilla\",\"postalCode\":\"41004\",\"addressRegion\":\"Sevilla\",\"addressCountry\":\"ES\"},{\"@type\":\"ImageObject\",\"inLanguage\":\"pt-PT\",\"@id\":\"https:\\\/\\\/www.tablaosflamencos.com\\\/pt-pt\\\/espacos-espetaculares-bienal-flamenco-sevilha-2026.html#local-main-organization-logo\",\"url\":\"https:\\\/\\\/www.tablaosflamencos.com\\\/wp-content\\\/uploads\\\/tablaos-flamencos-06-3.webp\",\"contentUrl\":\"https:\\\/\\\/www.tablaosflamencos.com\\\/wp-content\\\/uploads\\\/tablaos-flamencos-06-3.webp\",\"width\":600,\"height\":620,\"caption\":\"Tablaos Flamencos\"}]}<\/script>\n<meta name=\"geo.placename\" content=\"Sevilla\" \/>\n<meta name=\"geo.position\" content=\"37.3868072;-5.993280299999999\" \/>\n<meta name=\"geo.region\" content=\"Espanha\" \/>\n<!-- \/ Yoast SEO Premium plugin. -->","yoast_head_json":{"title":"Espa\u00e7os da Bienal de Flamenco de Sevilha 2026","description":"Descubra os espa\u00e7os mais espetaculares da Bienal de Flamenco de Sevilha 2026: Real Alc\u00e1zar, Maestranza, San Luis, Hotel Triana, Artiller\u00eda e muito mais.","robots":{"index":"index","follow":"follow","max-snippet":"max-snippet:-1","max-image-preview":"max-image-preview:large","max-video-preview":"max-video-preview:-1"},"canonical":"https:\/\/www.tablaosflamencos.com\/pt-pt\/espacos-espetaculares-bienal-flamenco-sevilha-2026.html","og_locale":"pt_PT","og_type":"article","og_title":"Os espa\u00e7os mais espetaculares da Bienal de Flamenco de Sevilha 2026","og_description":"Descubra os espa\u00e7os mais espetaculares da Bienal de Flamenco de Sevilha 2026: Real Alc\u00e1zar, Maestranza, San Luis, Hotel Triana, Artiller\u00eda e muito mais.","og_url":"https:\/\/www.tablaosflamencos.com\/pt-pt\/espacos-espetaculares-bienal-flamenco-sevilha-2026.html","og_site_name":"Tablaos Flamencos","article_publisher":"https:\/\/www.facebook.com\/tablaosflamencos","article_published_time":"2026-09-01T22:28:39+00:00","article_modified_time":"2026-09-01T22:56:46+00:00","og_image":[{"width":1920,"height":1072,"url":"https:\/\/www.tablaosflamencos.com\/wp-content\/uploads\/los-espacios-mas-espectaculares-de-la-bienal-de-flamenco-de-sevilla-2026-01.webp","type":"image\/webp"}],"author":"Miguel Ortiz","twitter_card":"summary_large_image","twitter_creator":"@tablaosflamenco","twitter_site":"@tablaosflamenco","twitter_misc":{"Escrito por":"Miguel Ortiz","Tempo estimado de leitura":"21 minutos"},"schema":{"@context":"https:\/\/schema.org","@graph":[{"@type":"Article","@id":"https:\/\/www.tablaosflamencos.com\/pt-pt\/espacos-espetaculares-bienal-flamenco-sevilha-2026.html#article","isPartOf":{"@id":"https:\/\/www.tablaosflamencos.com\/pt-pt\/espacos-espetaculares-bienal-flamenco-sevilha-2026.html"},"author":{"name":"Miguel Ortiz","@id":"https:\/\/www.tablaosflamencos.com\/pt-pt#\/schema\/person\/e7a9ebe14eb75a52ceabfbffb3c54f5d"},"headline":"Os espa\u00e7os mais espetaculares da Bienal de Flamenco de Sevilha 2026","datePublished":"2026-09-01T22:28:39+00:00","dateModified":"2026-09-01T22:56:46+00:00","mainEntityOfPage":{"@id":"https:\/\/www.tablaosflamencos.com\/pt-pt\/espacos-espetaculares-bienal-flamenco-sevilha-2026.html"},"wordCount":4254,"publisher":{"@id":"https:\/\/www.tablaosflamencos.com\/pt-pt#organization"},"image":{"@id":"https:\/\/www.tablaosflamencos.com\/pt-pt\/espacos-espetaculares-bienal-flamenco-sevilha-2026.html#primaryimage"},"thumbnailUrl":"https:\/\/www.tablaosflamencos.com\/wp-content\/uploads\/los-espacios-mas-espectaculares-de-la-bienal-de-flamenco-de-sevilla-2026-01.webp","keywords":["agenda flamenca","Bienal 2026","Bienal de Flamenco","festivales flamencos","flamenco en Sevilla","o que fazer em Sevilha","o que ver em Sevilha","sevilla"],"articleSection":["Bienal de Flamenco de Sevilha"],"inLanguage":"pt-PT"},{"@type":"WebPage","@id":"https:\/\/www.tablaosflamencos.com\/pt-pt\/espacos-espetaculares-bienal-flamenco-sevilha-2026.html","url":"https:\/\/www.tablaosflamencos.com\/pt-pt\/espacos-espetaculares-bienal-flamenco-sevilha-2026.html","name":"Espa\u00e7os da Bienal de Flamenco de Sevilha 2026","isPartOf":{"@id":"https:\/\/www.tablaosflamencos.com\/pt-pt#website"},"primaryImageOfPage":{"@id":"https:\/\/www.tablaosflamencos.com\/pt-pt\/espacos-espetaculares-bienal-flamenco-sevilha-2026.html#primaryimage"},"image":{"@id":"https:\/\/www.tablaosflamencos.com\/pt-pt\/espacos-espetaculares-bienal-flamenco-sevilha-2026.html#primaryimage"},"thumbnailUrl":"https:\/\/www.tablaosflamencos.com\/wp-content\/uploads\/los-espacios-mas-espectaculares-de-la-bienal-de-flamenco-de-sevilla-2026-01.webp","datePublished":"2026-09-01T22:28:39+00:00","dateModified":"2026-09-01T22:56:46+00:00","description":"Descubra os espa\u00e7os mais espetaculares da Bienal de Flamenco de Sevilha 2026: Real Alc\u00e1zar, Maestranza, San Luis, Hotel Triana, Artiller\u00eda e muito mais.","breadcrumb":{"@id":"https:\/\/www.tablaosflamencos.com\/pt-pt\/espacos-espetaculares-bienal-flamenco-sevilha-2026.html#breadcrumb"},"inLanguage":"pt-PT","potentialAction":[{"@type":"ReadAction","target":["https:\/\/www.tablaosflamencos.com\/pt-pt\/espacos-espetaculares-bienal-flamenco-sevilha-2026.html"]}]},{"@type":"ImageObject","inLanguage":"pt-PT","@id":"https:\/\/www.tablaosflamencos.com\/pt-pt\/espacos-espetaculares-bienal-flamenco-sevilha-2026.html#primaryimage","url":"https:\/\/www.tablaosflamencos.com\/wp-content\/uploads\/los-espacios-mas-espectaculares-de-la-bienal-de-flamenco-de-sevilla-2026-01.webp","contentUrl":"https:\/\/www.tablaosflamencos.com\/wp-content\/uploads\/los-espacios-mas-espectaculares-de-la-bienal-de-flamenco-de-sevilla-2026-01.webp","width":1920,"height":1072,"caption":"Los espacios m\u00e1s espectaculares de la Bienal de Flamenco de Sevilla 2026"},{"@type":"BreadcrumbList","@id":"https:\/\/www.tablaosflamencos.com\/pt-pt\/espacos-espetaculares-bienal-flamenco-sevilha-2026.html#breadcrumb","itemListElement":[{"@type":"ListItem","position":1,"name":"Home","item":"https:\/\/www.tablaosflamencos.com\/pt-pt"},{"@type":"ListItem","position":2,"name":"Os espa\u00e7os mais espetaculares da Bienal de Flamenco de Sevilha 2026"}]},{"@type":"WebSite","@id":"https:\/\/www.tablaosflamencos.com\/pt-pt#website","url":"https:\/\/www.tablaosflamencos.com\/pt-pt","name":"Tablaos Flamencos","description":"Entradas para tablaos flamencos de Espa\u00f1a","publisher":{"@id":"https:\/\/www.tablaosflamencos.com\/pt-pt#organization"},"alternateName":"Tablaos Flamencos","potentialAction":[{"@type":"SearchAction","target":{"@type":"EntryPoint","urlTemplate":"https:\/\/www.tablaosflamencos.com\/pt-pt?s={search_term_string}"},"query-input":{"@type":"PropertyValueSpecification","valueRequired":true,"valueName":"search_term_string"}}],"inLanguage":"pt-PT"},{"@type":["Organization","Place","EntertainmentBusiness"],"@id":"https:\/\/www.tablaosflamencos.com\/pt-pt#organization","name":"Tablaos Flamencos","alternateName":"Tablaos Flamencos","url":"https:\/\/www.tablaosflamencos.com\/pt-pt","logo":{"@id":"https:\/\/www.tablaosflamencos.com\/pt-pt\/espacos-espetaculares-bienal-flamenco-sevilha-2026.html#local-main-organization-logo"},"image":{"@id":"https:\/\/www.tablaosflamencos.com\/pt-pt\/espacos-espetaculares-bienal-flamenco-sevilha-2026.html#local-main-organization-logo"},"sameAs":["https:\/\/www.facebook.com\/tablaosflamencos","https:\/\/x.com\/tablaosflamenco","https:\/\/mastodon.social\/@tablaosflamencos","https:\/\/www.instagram.com\/tablaosflamencos","https:\/\/tiktok.com\/@tablaosflamencos","https:\/\/www.linkedin.com\/company\/109408238\/"],"description":"Venta de entradas para espect\u00e1culos flamencos","legalName":"Tablaos Flamencos","foundingDate":"2015-01-01","numberOfEmployees":{"@type":"QuantitativeValue","minValue":"1","maxValue":"10"},"address":{"@id":"https:\/\/www.tablaosflamencos.com\/pt-pt\/espacos-espetaculares-bienal-flamenco-sevilha-2026.html#local-main-place-address"},"geo":{"@type":"GeoCoordinates","latitude":"37.3868072","longitude":"-5.993280299999999"},"telephone":["+34623787787"],"contactPoint":{"@type":"ContactPoint","telephone":"+34623787787","email":"info@tablaosflamencos.com"},"openingHoursSpecification":{"@type":"OpeningHoursSpecification","dayOfWeek":["Monday","Tuesday","Wednesday","Thursday","Friday","Saturday","Sunday"],"opens":"00:00","closes":"23:59"},"email":"info@tablaosflamencos.com","priceRange":"$$$","currenciesAccepted":"\u20ac"},{"@type":"Person","@id":"https:\/\/www.tablaosflamencos.com\/pt-pt#\/schema\/person\/e7a9ebe14eb75a52ceabfbffb3c54f5d","name":"Miguel Ortiz","description":"Miguel Ortiz es un empresario flamenco, con una s\u00f3lida trayectoria dentro del sector. Ha presidido entidades culturales vinculadas al flamenco y, cuenta con un amplio recorrido profesional en la gesti\u00f3n y promoci\u00f3n de espect\u00e1culos y tablaos flamencos. Su pasi\u00f3n por la historia y el arte flamenco se refleja en cada art\u00edculo, donde combina experiencia, criterio y un profundo respeto por la tradici\u00f3n.","sameAs":["https:\/\/www.tablaosflamencos.com","https:\/\/www.instagra.com\/miguelortizfe","https:\/\/www.linkedin.com\/in\/miguelortizf\/"],"birthDate":"1984-11-22","gender":"hombre","knowsLanguage":["espa\u00f1ol","ingl\u00e9s"],"jobTitle":"Empresario flamenco"},{"@type":"PostalAddress","@id":"https:\/\/www.tablaosflamencos.com\/pt-pt\/espacos-espetaculares-bienal-flamenco-sevilha-2026.html#local-main-place-address","streetAddress":"C\/ Alemanes, 19","addressLocality":"Sevilla","postalCode":"41004","addressRegion":"Sevilla","addressCountry":"ES"},{"@type":"ImageObject","inLanguage":"pt-PT","@id":"https:\/\/www.tablaosflamencos.com\/pt-pt\/espacos-espetaculares-bienal-flamenco-sevilha-2026.html#local-main-organization-logo","url":"https:\/\/www.tablaosflamencos.com\/wp-content\/uploads\/tablaos-flamencos-06-3.webp","contentUrl":"https:\/\/www.tablaosflamencos.com\/wp-content\/uploads\/tablaos-flamencos-06-3.webp","width":600,"height":620,"caption":"Tablaos Flamencos"}]},"geo.placename":"Sevilla","geo.position":{"lat":"37.3868072","long":"-5.993280299999999"},"geo.region":"Espanha"},"_links":{"self":[{"href":"https:\/\/www.tablaosflamencos.com\/pt-pt\/wp-json\/wp\/v2\/posts\/14013","targetHints":{"allow":["GET"]}}],"collection":[{"href":"https:\/\/www.tablaosflamencos.com\/pt-pt\/wp-json\/wp\/v2\/posts"}],"about":[{"href":"https:\/\/www.tablaosflamencos.com\/pt-pt\/wp-json\/wp\/v2\/types\/post"}],"author":[{"embeddable":true,"href":"https:\/\/www.tablaosflamencos.com\/pt-pt\/wp-json\/wp\/v2\/users\/1"}],"replies":[{"embeddable":true,"href":"https:\/\/www.tablaosflamencos.com\/pt-pt\/wp-json\/wp\/v2\/comments?post=14013"}],"version-history":[{"count":1,"href":"https:\/\/www.tablaosflamencos.com\/pt-pt\/wp-json\/wp\/v2\/posts\/14013\/revisions"}],"predecessor-version":[{"id":14021,"href":"https:\/\/www.tablaosflamencos.com\/pt-pt\/wp-json\/wp\/v2\/posts\/14013\/revisions\/14021"}],"wp:featuredmedia":[{"embeddable":true,"href":"https:\/\/www.tablaosflamencos.com\/pt-pt\/wp-json\/wp\/v2\/media\/13957"}],"wp:attachment":[{"href":"https:\/\/www.tablaosflamencos.com\/pt-pt\/wp-json\/wp\/v2\/media?parent=14013"}],"wp:term":[{"taxonomy":"category","embeddable":true,"href":"https:\/\/www.tablaosflamencos.com\/pt-pt\/wp-json\/wp\/v2\/categories?post=14013"},{"taxonomy":"post_tag","embeddable":true,"href":"https:\/\/www.tablaosflamencos.com\/pt-pt\/wp-json\/wp\/v2\/tags?post=14013"}],"curies":[{"name":"wp","href":"https:\/\/api.w.org\/{rel}","templated":true}]}}