{"id":13974,"date":"2026-09-02T00:19:31","date_gmt":"2026-09-01T22:19:31","guid":{"rendered":"https:\/\/www.tablaosflamencos.com\/?p=13974"},"modified":"2026-09-02T00:53:26","modified_gmt":"2026-09-01T22:53:26","slug":"flamenco-ayamonte-tradicao-onde-desfrutar","status":"publish","type":"post","link":"https:\/\/www.tablaosflamencos.com\/pt-pt\/flamenco-ayamonte-tradicao-onde-desfrutar.html","title":{"rendered":"Flamenco em Ayamonte: tradi\u00e7\u00e3o flamenca e onde desfrut\u00e1-la"},"content":{"rendered":"<section class=\"l-section wpb_row height_huge\"><div class=\"l-section-h i-cf\"><div class=\"g-cols vc_row via_flex valign_top type_default stacking_default\"><div class=\"vc_col-sm-6 wpb_column vc_column_container\"><div class=\"vc_column-inner\"><div class=\"wpb_wrapper\"><div class=\"wpb_text_column\"><div class=\"wpb_wrapper\"><h2>Ayamonte, uma porta para o flamenco no extremo ocidental da Andaluzia<\/h2>\n<p>Falar de <strong>flamenco em Ayamonte<\/strong> obriga a olhar para al\u00e9m de um \u00fanico espet\u00e1culo. A cidade encontra-se num dos pontos mais singulares do mapa flamenco andaluz: junto \u00e0 foz do Guadiana, em frente a Portugal e dentro de uma prov\u00edncia, Huelva, que deu ao flamenco uma das suas fam\u00edlias de cantes mais reconhec\u00edveis, o fandango.<\/p>\n<p>Ayamonte n\u00e3o costuma surgir nos grandes relatos hist\u00f3ricos ao mesmo n\u00edvel que Jerez, Triana, C\u00e1dis ou Utrera, mas isso n\u00e3o significa que o flamenco seja alheio \u00e0 sua vida cultural. Pelo contr\u00e1rio: festivais, concertos, homenagens, iniciativas municipais e, nos \u00faltimos anos, a consolida\u00e7\u00e3o de um tablao est\u00e1vel foram criando um pequeno ecossistema que permite desfrutar do flamenco de v\u00e1rias formas.<\/p>\n<p>Este guia centra-se precisamente nessa dimens\u00e3o cultural: <strong>que tradi\u00e7\u00e3o flamenca envolve Ayamonte, como se relaciona com o flamenco de Huelva e onde um visitante pode encontr\u00e1-lo hoje<\/strong>, tanto num tablao como em festivais, teatros e programa\u00e7\u00f5es especiais.<\/p>\n<\/div><\/div><\/div><\/div><\/div><div class=\"vc_col-sm-6 wpb_column vc_column_container\"><div class=\"vc_column-inner\"><div class=\"wpb_wrapper\"><div class=\"wpb_text_column\"><div class=\"wpb_wrapper\"><h3>Flamenco em Ayamonte: resposta r\u00e1pida<\/h3>\n<ul>\n<li><strong>Tradi\u00e7\u00e3o:<\/strong> Ayamonte faz parte do territ\u00f3rio flamenco de Huelva, onde o fandango tem um peso hist\u00f3rico fundamental.<\/li>\n<li><strong>Importante:<\/strong> n\u00e3o conv\u00e9m falar de um \u00abfandango de Ayamonte\u00bb como estilo flamenco plenamente consolidado; as grandes refer\u00eancias provinciais encontram-se em focos como Alosno e Huelva.<\/li>\n<li><strong>Flamenco regular:<\/strong> O Tablao Flamenco La Puerta Ancha oferece regularmente flamenco ao vivo no centro da cidade.<\/li>\n<li><strong>Programa\u00e7\u00e3o cultural:<\/strong> Teatro Cardenio, Casa Grande, Patio de la Jaboner\u00eda e outros espa\u00e7os recebem concertos e ciclos flamencos consoante a \u00e9poca do ano.<\/li>\n<li><strong>Iniciativa municipal:<\/strong> a C\u00e2mara Municipal lan\u00e7ou \u00abFlamenco Ayamonte\u00bb como programa\u00e7\u00e3o espec\u00edfica dedicada a esta arte.<\/li>\n<li><strong>Vantagem geogr\u00e1fica:<\/strong> Ayamonte tamb\u00e9m funciona como porta de entrada para o flamenco para viajantes alojados em Isla Canela e no Algarve oriental.<\/li>\n<\/ul>\n<\/div><\/div><\/div><\/div><\/div><\/div><\/div><\/section><section class=\"l-section wpb_row height_huge color_alternate with_shape\"><div class=\"l-section-shape type_zigzag pos_top hor_flip\" style=\"height:3vmin;\"><svg xmlns=\"http:\/\/www.w3.org\/2000\/svg\" viewBox=\"0 0 64 8\" preserveAspectRatio=\"none\" width=\"100%\" height=\"100%\">\r\n\t<path fill=\"currentColor\" d=\"M64 8 L0 8 L0 0 L20 7.9 L40 3 L48 5 L64 0 Z\"\/>\r\n<\/svg><\/div><div class=\"l-section-shape type_zigzag pos_bottom\" style=\"height:3vmin;\"><svg xmlns=\"http:\/\/www.w3.org\/2000\/svg\" viewBox=\"0 0 64 8\" preserveAspectRatio=\"none\" width=\"100%\" height=\"100%\">\r\n\t<path fill=\"currentColor\" d=\"M64 8 L0 8 L0 0 L20 7.9 L40 3 L48 5 L64 0 Z\"\/>\r\n<\/svg><\/div><div class=\"l-section-h i-cf\"><div class=\"g-cols vc_row via_flex valign_top type_default stacking_default\"><div class=\"vc_col-sm-12 wpb_column vc_column_container\"><div class=\"vc_column-inner\"><div class=\"wpb_wrapper\"><div class=\"wpb_text_column\"><div class=\"wpb_wrapper\"><h2>Que tradi\u00e7\u00e3o flamenca tem Ayamonte?<\/h2>\n<p>Ayamonte pertence a uma prov\u00edncia com personalidade flamenca pr\u00f3pria. Em Huelva, o <strong>fandango<\/strong> n\u00e3o \u00e9 apenas mais um palo do repert\u00f3rio: \u00e9 uma fam\u00edlia de estilos locais, variantes e formas de interpreta\u00e7\u00e3o que durante d\u00e9cadas funcionaram como uma das grandes marcas musicais do territ\u00f3rio.<\/p>\n<p>Esta realidade obriga, por\u00e9m, a ser rigoroso. A literatura flamenca n\u00e3o reconhece com o mesmo consenso um estilo especificamente denominado <strong>fandango de Ayamonte<\/strong>. Algumas investiga\u00e7\u00f5es hist\u00f3ricas questionaram a exist\u00eancia de uma modalidade flamenca aut\u00f3noma atribu\u00edvel \u00e0 localidade. Por isso, \u00e9 mais correto situar Ayamonte dentro do <strong>contexto cultural do fandango de Huelva<\/strong> do que inventar uma denomina\u00e7\u00e3o local que n\u00e3o est\u00e1 solidamente estabelecida na flamencologia.<\/p>\n<p>A liga\u00e7\u00e3o de Ayamonte ao flamenco manifesta-se de outras formas: na sua programa\u00e7\u00e3o, na presen\u00e7a continuada de artistas de Huelva, nas homenagens a figuras fundamentais da prov\u00edncia e na capacidade dos seus espa\u00e7os culturais para acolher propostas que v\u00e3o do cante tradicional \u00e0s cria\u00e7\u00f5es contempor\u00e2neas.<\/p>\n<p>J\u00e1 em 1980, uma publica\u00e7\u00e3o municipal da \u00e9poca registava em Ayamonte uma palestra de flamencologia ilustrada por Paco Toronjo e Isidro, dois nomes ligados ao fandango de Huelva. D\u00e9cadas depois, essa liga\u00e7\u00e3o continua a surgir em festivais e homenagens programados na cidade.<\/p>\n<\/div><\/div><\/div><\/div><\/div><\/div><\/div><\/section><section class=\"l-section wpb_row height_huge\"><div class=\"l-section-h i-cf\"><div class=\"g-cols vc_row via_flex valign_top type_default stacking_default\"><div class=\"vc_col-sm-12 wpb_column vc_column_container\"><div class=\"vc_column-inner\"><div class=\"wpb_wrapper\"><div class=\"wpb_text_column\"><div class=\"wpb_wrapper\"><h2>O fandango de Huelva: a grande refer\u00eancia flamenca do territ\u00f3rio<\/h2>\n<p>Para compreender o flamenco em Ayamonte, conv\u00e9m olhar para o conjunto da prov\u00edncia. Huelva possui uma geografia do fandango extraordinariamente rica, com estilos e formas associados a diferentes localidades. Entre todos esses focos, <strong>Alosno<\/strong> ocupa um lugar essencial e a figura de <strong>Paco Toronjo<\/strong> tornou-se uma refer\u00eancia decisiva para a divulga\u00e7\u00e3o e consolida\u00e7\u00e3o do fandango de Huelva no s\u00e9culo XX.<\/p>\n<p>Ayamonte manteve viva essa liga\u00e7\u00e3o cultural na sua pr\u00f3pria programa\u00e7\u00e3o. O Festival Internacional de M\u00fasica Ciudad de Ayamonte incluiu, em diferentes edi\u00e7\u00f5es, propostas flamencas relacionadas com esta tradi\u00e7\u00e3o. Em 2018, por exemplo, programou <em>Vive Alosno. 20 a\u00f1os sin Paco Toronjo<\/em>. E em agosto de 2026, o Patio de la Jaboner\u00eda voltou a receber uma <strong>Noche Alosnera com Jeromo Segura<\/strong> concebida como homenagem a Paco Toronjo.<\/p>\n<p>N\u00e3o se trata de transformar Ayamonte em ber\u00e7o de estilos que pertencem historicamente a outros munic\u00edpios, mas de compreender o seu papel como <strong>palco e ponto de divulga\u00e7\u00e3o da cultura flamenca de Huelva<\/strong>. Esta distin\u00e7\u00e3o permite contar a sua tradi\u00e7\u00e3o com maior rigor e, ao mesmo tempo, explicar por que motivo um viajante pode encontrar aqui uma programa\u00e7\u00e3o flamenca profundamente ligada \u00e0 identidade de Huelva.<\/p>\n<\/div><\/div><\/div><\/div><\/div><\/div><\/div><\/section><section class=\"l-section wpb_row height_huge color_alternate with_shape\"><div class=\"l-section-shape type_zigzag pos_top hor_flip\" style=\"height:3vmin;\"><svg xmlns=\"http:\/\/www.w3.org\/2000\/svg\" viewBox=\"0 0 64 8\" preserveAspectRatio=\"none\" width=\"100%\" height=\"100%\">\r\n\t<path fill=\"currentColor\" d=\"M64 8 L0 8 L0 0 L20 7.9 L40 3 L48 5 L64 0 Z\"\/>\r\n<\/svg><\/div><div class=\"l-section-shape type_zigzag pos_bottom\" style=\"height:3vmin;\"><svg xmlns=\"http:\/\/www.w3.org\/2000\/svg\" viewBox=\"0 0 64 8\" preserveAspectRatio=\"none\" width=\"100%\" height=\"100%\">\r\n\t<path fill=\"currentColor\" d=\"M64 8 L0 8 L0 0 L20 7.9 L40 3 L48 5 L64 0 Z\"\/>\r\n<\/svg><\/div><div class=\"l-section-h i-cf\"><div class=\"g-cols vc_row via_flex valign_top type_default stacking_default\"><div class=\"vc_col-sm-12 wpb_column vc_column_container\"><div class=\"vc_column-inner\"><div class=\"wpb_wrapper\"><div class=\"wpb_text_column\"><div class=\"wpb_wrapper\"><h2>\u00abFlamenco Ayamonte\u00bb: o flamenco como programa\u00e7\u00e3o cultural da cidade<\/h2>\n<p>Um dos passos mais interessantes dos \u00faltimos anos foi a cria\u00e7\u00e3o, pela C\u00e2mara Municipal, da programa\u00e7\u00e3o <strong>\u00abFlamenco Ayamonte\u00bb<\/strong>. A primeira edi\u00e7\u00e3o oficial foi apresentada em 2024, coincidindo com o Dia Internacional do Flamenco, e nasceu com uma inten\u00e7\u00e3o expressa: refor\u00e7ar o conhecimento da arte flamenca e transformar a cidade num ponto de encontro cultural em torno deste patrim\u00f3nio.<\/p>\n<p>Essa programa\u00e7\u00e3o combinou diferentes formatos. Houve divulga\u00e7\u00e3o, com a confer\u00eancia <em>Flamenco. Arqueolog\u00eda de lo Jondo<\/em>; uma exposi\u00e7\u00e3o do Instituto Andaluz del Flamenco, <em>Flamenco. C\u00f3digo Abierto<\/em>; propostas c\u00e9nicas e um concerto flamenco. \u00c9 significativo que a iniciativa n\u00e3o se tenha limitado a contratar uma atua\u00e7\u00e3o, mas tenha inclu\u00eddo <strong>hist\u00f3ria, conhecimento, patrim\u00f3nio e espet\u00e1culo<\/strong>.<\/p>\n<p>A agenda tur\u00edstica municipal voltou a incluir \u00abFlamenco Ayamonte\u00bb em novembro de 2025, com exposi\u00e7\u00f5es, palestras e concertos em espa\u00e7os como Casa Grande e Teatro Cardenio. A continuidade deste tipo de programa\u00e7\u00e3o \u00e9 particularmente relevante porque indica uma vontade de incorporar o flamenco na identidade cultural contempor\u00e2nea da cidade.<\/p>\n<p>Para futuras edi\u00e7\u00f5es, o mais recomend\u00e1vel \u00e9 consultar a agenda cultural de Ayamonte durante o outono, sobretudo em torno do Dia Internacional do Flamenco, uma vez que as datas e os conte\u00fados podem mudar todos os anos.<\/p>\n<\/div><\/div><\/div><\/div><\/div><\/div><\/div><\/section><section class=\"l-section wpb_row height_huge\"><div class=\"l-section-h i-cf\"><div class=\"g-cols vc_row via_flex valign_top type_default stacking_default\"><div class=\"vc_col-sm-6 wpb_column vc_column_container\"><div class=\"vc_column-inner\"><div class=\"wpb_wrapper\"><div class=\"wpb_text_column\"><div class=\"wpb_wrapper\"><h2>Tablao Flamenco La Puerta Ancha: flamenco ao vivo no centro de Ayamonte<\/h2>\n<p>Para quem n\u00e3o quer depender da coincid\u00eancia com um festival ou concerto pontual, a refer\u00eancia mais clara \u00e9 <strong>Tablao Flamenco La Puerta Ancha<\/strong>, situado na Plaza de la Laguna. A sua import\u00e2ncia no panorama local est\u00e1 precisamente em oferecer um formato de tablao: um espa\u00e7o \u00edntimo, proximidade com os artistas e uma experi\u00eancia centrada no cante, na guitarra e no baile.<\/p>\n<p>La Puerta Ancha permite que Ayamonte tenha uma oferta flamenca mais est\u00e1vel do que uma cidade dependente exclusivamente de festivais de ver\u00e3o. Al\u00e9m disso, a sua localiza\u00e7\u00e3o central facilita combinar o espet\u00e1culo com um passeio pelo centro hist\u00f3rico e transforma o flamenco numa parte natural de uma noite na cidade.<\/p>\n<p>Na Tablaos Flamencos temos um guia espec\u00edfico sobre o espa\u00e7o, o seu formato e como organizar a visita a partir de Ayamonte, Isla Canela ou Portugal.<\/p>\n<\/div><\/div><div class=\"w-btn-wrapper align_none\"><a class=\"w-btn us-btn-style_1\" href=\"https:\/\/www.tablaosflamencos.com\/pt-pt\/tablao-flamenco-la-puerta-ancha-ayamonte.html\"><span class=\"w-btn-label\">Ver guia do Tablao La Puerta Ancha<\/span><\/a><\/div><\/div><\/div><\/div><div class=\"vc_col-sm-6 wpb_column vc_column_container\"><div class=\"vc_column-inner\"><div class=\"wpb_wrapper\"><div class=\"wpb_text_column\"><div class=\"wpb_wrapper\"><h2>Teatro Cardenio, Casa Grande e Patio de la Jaboner\u00eda<\/h2>\n<p>O flamenco de Ayamonte n\u00e3o se limita ao tablao. A cidade disp\u00f5e de v\u00e1rios espa\u00e7os culturais que j\u00e1 receberam espet\u00e1culos flamencos e propostas relacionadas com o g\u00e9nero.<\/p>\n<p><strong>Teatro Cardenio<\/strong> surge regularmente na agenda cultural local e j\u00e1 recebeu concertos e espet\u00e1culos ligados ao flamenco e \u00e0 copla. <strong>Casa Grande<\/strong>, para al\u00e9m da sua atividade expositiva e cultural, integrou programas espec\u00edficos como \u00abFlamenco Ayamonte\u00bb.<\/p>\n<p>O <strong>Patio de la Jaboner\u00eda<\/strong> \u00e9 especialmente interessante durante o Festival Internacional de M\u00fasica Ciudad de Ayamonte. A programa\u00e7\u00e3o de 2026 incluiu, entre outras propostas, o pianista flamenco Dorantes e uma noite de homenagem a Paco Toronjo com Jeromo Segura. Noutras edi\u00e7\u00f5es passaram por este festival nomes como Arc\u00e1ngel ou Alba Molina.<\/p>\n<p>A chave para o visitante \u00e9 distinguir entre <strong>oferta regular<\/strong> e <strong>programa\u00e7\u00e3o cultural tempor\u00e1ria<\/strong>: estes espa\u00e7os n\u00e3o funcionam como tablaos permanentes, mas podem oferecer algumas das noites flamencas mais interessantes do ano quando a programa\u00e7\u00e3o coincide com a visita.<\/p>\n<\/div><\/div><\/div><\/div><\/div><\/div><\/div><\/section><section class=\"l-section wpb_row height_huge color_alternate with_shape\"><div class=\"l-section-shape type_zigzag pos_top hor_flip\" style=\"height:3vmin;\"><svg xmlns=\"http:\/\/www.w3.org\/2000\/svg\" viewBox=\"0 0 64 8\" preserveAspectRatio=\"none\" width=\"100%\" height=\"100%\">\r\n\t<path fill=\"currentColor\" d=\"M64 8 L0 8 L0 0 L20 7.9 L40 3 L48 5 L64 0 Z\"\/>\r\n<\/svg><\/div><div class=\"l-section-shape type_zigzag pos_bottom\" style=\"height:3vmin;\"><svg xmlns=\"http:\/\/www.w3.org\/2000\/svg\" viewBox=\"0 0 64 8\" preserveAspectRatio=\"none\" width=\"100%\" height=\"100%\">\r\n\t<path fill=\"currentColor\" d=\"M64 8 L0 8 L0 0 L20 7.9 L40 3 L48 5 L64 0 Z\"\/>\r\n<\/svg><\/div><div class=\"l-section-h i-cf\"><div class=\"g-cols vc_row via_flex valign_top type_default stacking_default\"><div class=\"vc_col-sm-12 wpb_column vc_column_container\"><div class=\"vc_column-inner\"><div class=\"wpb_wrapper\"><div class=\"wpb_text_column\"><div class=\"wpb_wrapper\"><h2>Punta del Moral e a costa: festivais que tamb\u00e9m constru\u00edram mem\u00f3ria flamenca<\/h2>\n<p>A rela\u00e7\u00e3o entre Ayamonte e o flamenco estende-se tamb\u00e9m aos seus n\u00facleos costeiros. <strong>Punta del Moral<\/strong> acolheu durante anos eventos especificamente flamencos. Um dos mais representativos foi o <strong>Festival Flamenco Antonia L\u00f3pez Ciudad de Ayamonte<\/strong>, que em 2018 chegou \u00e0 sua d\u00e9cima edi\u00e7\u00e3o com um cartaz que reuniu, entre outros nomes, Antonia L\u00f3pez, Roc\u00edo Segura e Roc\u00edo M\u00e1rquez.<\/p>\n<p>Este tipo de festival ajuda a compreender como o flamenco tem sido vivido na zona: n\u00e3o apenas como espet\u00e1culo tur\u00edstico, mas tamb\u00e9m como <strong>ponto de encontro entre aficionados, artistas e p\u00fablico local<\/strong>. Como acontece com muitos eventos de ver\u00e3o, a sua continuidade e datas devem ser verificadas edi\u00e7\u00e3o a edi\u00e7\u00e3o, pelo que n\u00e3o conv\u00e9m planear uma viagem com base em calend\u00e1rios antigos.<\/p>\n<p>A costa acrescenta ainda outro elemento interessante. Ayamonte, Isla Canela e Punta del Moral recebem muitos visitantes durante os meses de ver\u00e3o, o que aumenta o p\u00fablico potencial para espet\u00e1culos e festivais e pode intensificar a agenda cultural na \u00e9poca alta.<\/p>\n<\/div><\/div><\/div><\/div><\/div><\/div><\/div><\/section><section class=\"l-section wpb_row height_huge\"><div class=\"l-section-h i-cf\"><div class=\"g-cols vc_row via_flex valign_top type_default stacking_default\"><div class=\"vc_col-sm-12 wpb_column vc_column_container\"><div class=\"vc_column-inner\"><div class=\"wpb_wrapper\"><div class=\"wpb_text_column\"><div class=\"wpb_wrapper\"><h2>O flamenco em Ayamonte em 2026: uma agenda que continua a crescer<\/h2>\n<p>A programa\u00e7\u00e3o de 2026 confirma que o flamenco mant\u00e9m presen\u00e7a na oferta cultural de Ayamonte. O 37.\u00ba Festival Internacional de M\u00fasica Ciudad de Ayamonte incluiu v\u00e1rias propostas diretamente ligadas ao g\u00e9nero. A cantaora de Huelva <strong>Argentina<\/strong> apresentou em agosto o seu projeto <em>Utrera Flamenco Fet\u00e9n<\/em>; o pianista <strong>Dorantes<\/strong> fez parte da programa\u00e7\u00e3o do Patio de la Jaboner\u00eda; e <strong>Jeromo Segura<\/strong> protagonizou uma noite alosnera de homenagem a Paco Toronjo.<\/p>\n<p>O interessante n\u00e3o \u00e9 apenas enumerar concertos, mas observar o padr\u00e3o: Ayamonte combina artistas da prov\u00edncia, homenagens \u00e0 tradi\u00e7\u00e3o de Huelva e flamenco contempor\u00e2neo dentro da sua programa\u00e7\u00e3o geral. Isto permite ao visitante encontrar propostas muito diferentes consoante a \u00e9poca do ano.<\/p>\n<p>Por essa raz\u00e3o, um guia evergreen sobre flamenco em Ayamonte deve evitar publicar hor\u00e1rios fixos como se fossem permanentes. A melhor estrat\u00e9gia \u00e9 consultar a agenda municipal e a programa\u00e7\u00e3o dos espa\u00e7os culturais quando se aproximar a data da viagem.<\/p>\n<\/div><\/div><\/div><\/div><\/div><\/div><\/div><\/section><section class=\"l-section wpb_row height_huge color_alternate with_shape\"><div class=\"l-section-shape type_zigzag pos_top hor_flip\" style=\"height:3vmin;\"><svg xmlns=\"http:\/\/www.w3.org\/2000\/svg\" viewBox=\"0 0 64 8\" preserveAspectRatio=\"none\" width=\"100%\" height=\"100%\">\r\n\t<path fill=\"currentColor\" d=\"M64 8 L0 8 L0 0 L20 7.9 L40 3 L48 5 L64 0 Z\"\/>\r\n<\/svg><\/div><div class=\"l-section-shape type_zigzag pos_bottom\" style=\"height:3vmin;\"><svg xmlns=\"http:\/\/www.w3.org\/2000\/svg\" viewBox=\"0 0 64 8\" preserveAspectRatio=\"none\" width=\"100%\" height=\"100%\">\r\n\t<path fill=\"currentColor\" d=\"M64 8 L0 8 L0 0 L20 7.9 L40 3 L48 5 L64 0 Z\"\/>\r\n<\/svg><\/div><div class=\"l-section-h i-cf\"><div class=\"g-cols vc_row via_flex valign_top type_default stacking_default\"><div class=\"vc_col-sm-12 wpb_column vc_column_container\"><div class=\"vc_column-inner\"><div class=\"wpb_wrapper\"><div class=\"wpb_text_column\"><div class=\"wpb_wrapper\"><h2>Ayamonte e o Algarve: uma localiza\u00e7\u00e3o especial para descobrir o flamenco<\/h2>\n<p>H\u00e1 um fator que distingue Ayamonte de quase qualquer outro destino flamenco andaluz: a sua rela\u00e7\u00e3o quotidiana com Portugal. Em frente \u00e0 cidade encontra-se <strong>Vila Real de Santo Ant\u00f3nio<\/strong>, e o Algarve oriental fica a muito pouca dist\u00e2ncia. Isto transforma Ayamonte numa porta natural para o flamenco para viajantes que passam f\u00e9rias do outro lado da fronteira.<\/p>\n<p>Para quem fica alojado em Monte Gordo, Vila Real de Santo Ant\u00f3nio, Castro Marim ou zonas pr\u00f3ximas, atravessar at\u00e9 Ayamonte permite incorporar uma experi\u00eancia flamenca numa viagem por Portugal sem necessidade de se deslocar at\u00e9 Sevilha. A mesma l\u00f3gica funciona para visitantes de Isla Canela e de outros pontos da costa ocidental de Huelva.<\/p>\n<p>Este car\u00e1ter fronteiri\u00e7o d\u00e1 tamb\u00e9m \u00e0 cidade uma personalidade tur\u00edstica diferente. O flamenco convive com o ambiente mar\u00edtimo, as pra\u00e7as do centro, a foz do Guadiana e uma circula\u00e7\u00e3o constante de visitantes espanh\u00f3is e portugueses. Por isso, a experi\u00eancia pode parecer menos uma excurs\u00e3o exclusivamente flamenca e mais uma <strong>noite cultural completa numa cidade fronteiri\u00e7a andaluza<\/strong>.<\/p>\n<\/div><\/div><\/div><\/div><\/div><\/div><\/div><\/section><section class=\"l-section wpb_row height_huge\"><div class=\"l-section-h i-cf\"><div class=\"g-cols vc_row via_flex valign_top type_default stacking_default\"><div class=\"vc_col-sm-12 wpb_column vc_column_container\"><div class=\"vc_column-inner\"><div class=\"wpb_wrapper\"><div class=\"wpb_text_column\"><div class=\"wpb_wrapper\"><h2>Tr\u00eas formas diferentes de desfrutar do flamenco em Ayamonte<\/h2>\n<p>N\u00e3o existe uma \u00fanica forma correta de abordar o flamenco na cidade. A escolha depende do que procura cada visitante.<\/p>\n<p><strong>1. Um tablao.<\/strong> \u00c9 a op\u00e7\u00e3o mais direta se o objetivo \u00e9 ver cante, baile e guitarra num espa\u00e7o \u00edntimo e com uma experi\u00eancia concebida especificamente em torno do flamenco. Para uma primeira vez, costuma ser a alternativa mais simples de organizar.<\/p>\n<p><strong>2. Um concerto ou festival.<\/strong> Pode oferecer formatos art\u00edsticos mais amplos, artistas espec\u00edficos ou projetos que n\u00e3o encaixam necessariamente na estrutura de um tablao. O Festival Internacional de M\u00fasica e outros ciclos culturais s\u00e3o boas oportunidades quando as datas coincidem.<\/p>\n<p><strong>3. Uma atividade cultural ou de divulga\u00e7\u00e3o.<\/strong> Programas como \u00abFlamenco Ayamonte\u00bb demonstram que o flamenco tamb\u00e9m pode ser conhecido atrav\u00e9s de confer\u00eancias, exposi\u00e7\u00f5es e encontros. Para quem j\u00e1 \u00e9 aficionado, estas propostas permitem ir al\u00e9m do espet\u00e1culo e compreender melhor a sua hist\u00f3ria e os seus c\u00f3digos.<\/p>\n<p>O ideal, se a viagem permitir, \u00e9 combinar formatos: uma noite de tablao e, se coincidir com a estadia, alguma atividade cultural ou concerto especial.<\/p>\n<\/div><\/div><\/div><\/div><\/div><\/div><\/div><\/section><section class=\"l-section wpb_row height_huge color_alternate with_shape\"><div class=\"l-section-shape type_zigzag pos_top hor_flip\" style=\"height:3vmin;\"><svg xmlns=\"http:\/\/www.w3.org\/2000\/svg\" viewBox=\"0 0 64 8\" preserveAspectRatio=\"none\" width=\"100%\" height=\"100%\">\r\n\t<path fill=\"currentColor\" d=\"M64 8 L0 8 L0 0 L20 7.9 L40 3 L48 5 L64 0 Z\"\/>\r\n<\/svg><\/div><div class=\"l-section-shape type_zigzag pos_bottom\" style=\"height:3vmin;\"><svg xmlns=\"http:\/\/www.w3.org\/2000\/svg\" viewBox=\"0 0 64 8\" preserveAspectRatio=\"none\" width=\"100%\" height=\"100%\">\r\n\t<path fill=\"currentColor\" d=\"M64 8 L0 8 L0 0 L20 7.9 L40 3 L48 5 L64 0 Z\"\/>\r\n<\/svg><\/div><div class=\"l-section-h i-cf\"><div class=\"g-cols vc_row via_flex valign_top type_default stacking_default\"><div class=\"vc_col-sm-12 wpb_column vc_column_container\"><div class=\"vc_column-inner\"><div class=\"wpb_wrapper\"><div class=\"wpb_text_column\"><div class=\"wpb_wrapper\"><h2>Se procura simplesmente onde ver flamenco em Ayamonte<\/h2>\n<p>Este artigo foi pensado para explicar a <strong>tradi\u00e7\u00e3o e o contexto cultural<\/strong>. Se o que precisa \u00e9 de uma resposta puramente pr\u00e1tica \u2014 que formato escolher, como organizar a noite ou que op\u00e7\u00e3o se adequa melhor se quiser espet\u00e1culo e gastronomia \u2014 temos outro guia dedicado exclusivamente a essa procura.<\/p>\n<\/div><\/div><div class=\"w-separator size_medium\"><\/div><div class=\"w-btn-wrapper align_none\"><a class=\"w-btn us-btn-style_1\" href=\"https:\/\/www.tablaosflamencos.com\/pt-pt\/flamenco-em-ayamonte.html\"><span class=\"w-btn-label\">Ver guia pr\u00e1tico para ver flamenco em Ayamonte<\/span><\/a><\/div><div class=\"w-separator size_small\"><\/div><div class=\"w-btn-wrapper align_none\"><a class=\"w-btn us-btn-style_1\" href=\"https:\/\/www.tablaosflamencos.com\/pt-pt\/tablao\/tablao-flamenco-la-puerta-ancha\"><span class=\"w-btn-label\">Ver disponibilidade de flamenco em Ayamonte<\/span><\/a><\/div><\/div><\/div><\/div><\/div><\/div><\/section><section class=\"l-section wpb_row height_huge\"><div class=\"l-section-h i-cf\"><div class=\"g-cols vc_row via_flex valign_top type_default stacking_default\"><div class=\"vc_col-sm-12 wpb_column vc_column_container\"><div class=\"vc_column-inner\"><div class=\"wpb_wrapper\"><div class=\"wpb_text_column\"><div class=\"wpb_wrapper\"><h2>Conselhos para organizar uma noite flamenca em Ayamonte<\/h2>\n<p><strong>Consulte a agenda antes de viajar.<\/strong> Os festivais e concertos extraordin\u00e1rios mudam de uma \u00e9poca para outra. Se procura um artista espec\u00edfico, consulte a programa\u00e7\u00e3o cultural algumas semanas antes.<\/p>\n<p><strong>Se pretende uma op\u00e7\u00e3o regular, d\u00ea prioridade ao tablao.<\/strong> \u00c9 a forma mais simples de n\u00e3o depender da coincid\u00eancia com um festival ou ciclo municipal.<\/p>\n<p><strong>N\u00e3o confunda o fandango de Huelva com um suposto estilo local pr\u00f3prio.<\/strong> Ayamonte est\u00e1 plenamente integrado no territ\u00f3rio cultural de Huelva, mas a flamencologia exige prud\u00eancia ao atribuir estilos locais concretos.<\/p>\n<p><strong>Se estiver em Portugal, planeie o regresso.<\/strong> A proximidade do Algarve \u00e9 uma vantagem, mas conv\u00e9m verificar com anteced\u00eancia a op\u00e7\u00e3o de transporte adequada para a hora de regresso.<\/p>\n<p><strong>Reserve tempo tamb\u00e9m para a cidade.<\/strong> O centro de Ayamonte merece um passeio antes ou depois do espet\u00e1culo. A Plaza de la Laguna, a zona do Guadiana e as ruas do centro hist\u00f3rico permitem que o flamenco fa\u00e7a parte de uma experi\u00eancia mais ampla.<\/p>\n<\/div><\/div><\/div><\/div><\/div><\/div><\/div><\/section><section class=\"l-section wpb_row height_huge color_alternate with_shape\"><div class=\"l-section-shape type_zigzag pos_top hor_flip\" style=\"height:3vmin;\"><svg xmlns=\"http:\/\/www.w3.org\/2000\/svg\" viewBox=\"0 0 64 8\" preserveAspectRatio=\"none\" width=\"100%\" height=\"100%\">\r\n\t<path fill=\"currentColor\" d=\"M64 8 L0 8 L0 0 L20 7.9 L40 3 L48 5 L64 0 Z\"\/>\r\n<\/svg><\/div><div class=\"l-section-shape type_zigzag pos_bottom\" style=\"height:3vmin;\"><svg xmlns=\"http:\/\/www.w3.org\/2000\/svg\" viewBox=\"0 0 64 8\" preserveAspectRatio=\"none\" width=\"100%\" height=\"100%\">\r\n\t<path fill=\"currentColor\" d=\"M64 8 L0 8 L0 0 L20 7.9 L40 3 L48 5 L64 0 Z\"\/>\r\n<\/svg><\/div><div class=\"l-section-h i-cf\"><div class=\"g-cols vc_row via_flex valign_top type_default stacking_default\"><div class=\"vc_col-sm-1\/5 wpb_column vc_column_container\"><div class=\"vc_column-inner\"><div class=\"wpb_wrapper\"><\/div><\/div><\/div><div class=\"vc_col-sm-3\/5 wpb_column vc_column_container\"><div class=\"vc_column-inner\"><div class=\"wpb_wrapper\"><div class=\"wpb_text_column\"><div class=\"wpb_wrapper\"><h2>Perguntas frequentes sobre o flamenco em Ayamonte<\/h2>\n<\/div><\/div><div class=\"w-separator size_medium\"><\/div><div class=\"w-tabs accordion toggle_style_1 has_scrolling\" style=\"--sections-title-size:inherit;--sections-gap:0.5rem;\"><div class=\"w-tabs-sections titles-align_none icon_plus cpos_left\"><div class=\"w-tabs-section\" id=\"t622\" itemscope itemprop=\"mainEntity\" itemtype=\"https:\/\/schema.org\/Question\"><button type=\"button\" class=\"w-tabs-section-header\" aria-controls=\"content-t622\" aria-expanded=\"false\"><h3 class=\"w-tabs-section-title\" itemprop=\"name\">Existe tradi\u00e7\u00e3o flamenca em Ayamonte?<\/h3><div class=\"w-tabs-section-control\"><\/div><\/button><div  class=\"w-tabs-section-content\" id=\"content-t622\" itemscope itemprop=\"acceptedAnswer\" itemtype=\"https:\/\/schema.org\/Answer\"><div class=\"w-tabs-section-content-h i-cf\" itemprop=\"text\"><div class=\"wpb_text_column\"><div class=\"wpb_wrapper\"><p>Sim. Ayamonte faz parte do contexto flamenco da prov\u00edncia de Huelva e manteve uma presen\u00e7a continuada do g\u00e9nero atrav\u00e9s de festivais, concertos, iniciativas municipais e espet\u00e1culos ao vivo. A sua identidade flamenca compreende-se melhor dentro da tradi\u00e7\u00e3o de Huelva do que como uma escola isolada.<\/p>\n<\/div><\/div><\/div><\/div><\/div><div class=\"w-tabs-section\" id=\"u71a\" itemscope itemprop=\"mainEntity\" itemtype=\"https:\/\/schema.org\/Question\"><button type=\"button\" class=\"w-tabs-section-header\" aria-controls=\"content-u71a\" aria-expanded=\"false\"><h3 class=\"w-tabs-section-title\" itemprop=\"name\">Existe um fandango de Ayamonte?<\/h3><div class=\"w-tabs-section-control\"><\/div><\/button><div  class=\"w-tabs-section-content\" id=\"content-u71a\" itemscope itemprop=\"acceptedAnswer\" itemtype=\"https:\/\/schema.org\/Answer\"><div class=\"w-tabs-section-content-h i-cf\" itemprop=\"text\"><div class=\"wpb_text_column\"><div class=\"wpb_wrapper\"><p>N\u00e3o existe o mesmo consenso flamencol\u00f3gico que encontramos em estilos associados a outros focos de Huelva. Algumas investiga\u00e7\u00f5es negaram a exist\u00eancia de uma modalidade flamenca aut\u00f3noma de Ayamonte. Por isso, \u00e9 mais rigoroso falar da rela\u00e7\u00e3o da cidade com o fandango de Huelva e com a tradi\u00e7\u00e3o flamenca provincial.<\/p>\n<\/div><\/div><\/div><\/div><\/div><div class=\"w-tabs-section\" id=\"m7f1\" itemscope itemprop=\"mainEntity\" itemtype=\"https:\/\/schema.org\/Question\"><button type=\"button\" class=\"w-tabs-section-header\" aria-controls=\"content-m7f1\" aria-expanded=\"false\"><h3 class=\"w-tabs-section-title\" itemprop=\"name\">Onde se pode ver flamenco ao vivo em Ayamonte?<\/h3><div class=\"w-tabs-section-control\"><\/div><\/button><div  class=\"w-tabs-section-content\" id=\"content-m7f1\" itemscope itemprop=\"acceptedAnswer\" itemtype=\"https:\/\/schema.org\/Answer\"><div class=\"w-tabs-section-content-h i-cf\" itemprop=\"text\"><div class=\"wpb_text_column\"><div class=\"wpb_wrapper\"><p>A op\u00e7\u00e3o regular mais clara \u00e9 o Tablao Flamenco La Puerta Ancha, no centro de Ayamonte. Al\u00e9m disso, espa\u00e7os culturais como Teatro Cardenio, Casa Grande ou Patio de la Jaboner\u00eda podem receber concertos e atividades flamencas dentro da sua programa\u00e7\u00e3o tempor\u00e1ria.<\/p>\n<\/div><\/div><\/div><\/div><\/div><div class=\"w-tabs-section\" id=\"t8e7\" itemscope itemprop=\"mainEntity\" itemtype=\"https:\/\/schema.org\/Question\"><button type=\"button\" class=\"w-tabs-section-header\" aria-controls=\"content-t8e7\" aria-expanded=\"false\"><h3 class=\"w-tabs-section-title\" itemprop=\"name\">H\u00e1 espet\u00e1culos flamencos durante todo o ano?<\/h3><div class=\"w-tabs-section-control\"><\/div><\/button><div  class=\"w-tabs-section-content\" id=\"content-t8e7\" itemscope itemprop=\"acceptedAnswer\" itemtype=\"https:\/\/schema.org\/Answer\"><div class=\"w-tabs-section-content-h i-cf\" itemprop=\"text\"><div class=\"wpb_text_column\"><div class=\"wpb_wrapper\"><p>A oferta regular e a agenda extraordin\u00e1ria s\u00e3o diferentes. O tablao permite encontrar flamenco ao vivo de forma mais regular, enquanto festivais, ciclos e concertos dependem da programa\u00e7\u00e3o de cada \u00e9poca. Conv\u00e9m consultar a disponibilidade para a data concreta da viagem.<\/p>\n<\/div><\/div><\/div><\/div><\/div><div class=\"w-tabs-section\" id=\"q9b7\" itemscope itemprop=\"mainEntity\" itemtype=\"https:\/\/schema.org\/Question\"><button type=\"button\" class=\"w-tabs-section-header\" aria-controls=\"content-q9b7\" aria-expanded=\"false\"><h3 class=\"w-tabs-section-title\" itemprop=\"name\">O que \u00e9 Flamenco Ayamonte?<\/h3><div class=\"w-tabs-section-control\"><\/div><\/button><div  class=\"w-tabs-section-content\" id=\"content-q9b7\" itemscope itemprop=\"acceptedAnswer\" itemtype=\"https:\/\/schema.org\/Answer\"><div class=\"w-tabs-section-content-h i-cf\" itemprop=\"text\"><div class=\"wpb_text_column\"><div class=\"wpb_wrapper\"><p>\u00c9 uma iniciativa cultural promovida pela C\u00e2mara Municipal de Ayamonte para dar visibilidade ao flamenco atrav\u00e9s de atividades que podem incluir espet\u00e1culos, exposi\u00e7\u00f5es, confer\u00eancias e concertos. A primeira programa\u00e7\u00e3o oficial foi apresentada em 2024 e voltou a surgir na agenda cultural municipal em 2025.<\/p>\n<\/div><\/div><\/div><\/div><\/div><div class=\"w-tabs-section\" id=\"za7c\" itemscope itemprop=\"mainEntity\" itemtype=\"https:\/\/schema.org\/Question\"><button type=\"button\" class=\"w-tabs-section-header\" aria-controls=\"content-za7c\" aria-expanded=\"false\"><h3 class=\"w-tabs-section-title\" itemprop=\"name\">Vale a pena ir a Ayamonte ver flamenco se estiver alojado no Algarve?<\/h3><div class=\"w-tabs-section-control\"><\/div><\/button><div  class=\"w-tabs-section-content\" id=\"content-za7c\" itemscope itemprop=\"acceptedAnswer\" itemtype=\"https:\/\/schema.org\/Answer\"><div class=\"w-tabs-section-content-h i-cf\" itemprop=\"text\"><div class=\"wpb_text_column\"><div class=\"wpb_wrapper\"><p>Sim, sobretudo se estiver alojado no Algarve oriental. Ayamonte fica em frente a Vila Real de Santo Ant\u00f3nio e permite combinar uma visita \u00e0 Andaluzia com uma experi\u00eancia flamenca sem fazer uma longa desloca\u00e7\u00e3o at\u00e9 Sevilha ou outras grandes cidades.<\/p>\n<\/div><\/div><\/div><\/div><\/div><div class=\"w-tabs-section\" id=\"rb43\" itemscope itemprop=\"mainEntity\" itemtype=\"https:\/\/schema.org\/Question\"><button type=\"button\" class=\"w-tabs-section-header\" aria-controls=\"content-rb43\" aria-expanded=\"false\"><h3 class=\"w-tabs-section-title\" itemprop=\"name\">Onde conv\u00e9m consultar a agenda flamenca de Ayamonte?<\/h3><div class=\"w-tabs-section-control\"><\/div><\/button><div  class=\"w-tabs-section-content\" id=\"content-rb43\" itemscope itemprop=\"acceptedAnswer\" itemtype=\"https:\/\/schema.org\/Answer\"><div class=\"w-tabs-section-content-h i-cf\" itemprop=\"text\"><div class=\"wpb_text_column\"><div class=\"wpb_wrapper\"><p>Para espet\u00e1culos regulares, consulte a disponibilidade do tablao. Para concertos, festivais e atividades culturais extraordin\u00e1rias, o mais \u00fatil \u00e9 consultar a agenda da C\u00e2mara Municipal de Ayamonte, Ayamonte Turismo e a programa\u00e7\u00e3o dos espa\u00e7os culturais da cidade.<\/p>\n<\/div><\/div><\/div><\/div><\/div><\/div><\/div><\/div><\/div><\/div><div class=\"vc_col-sm-1\/5 wpb_column vc_column_container\"><div class=\"vc_column-inner\"><div class=\"wpb_wrapper\"><\/div><\/div><\/div><\/div><\/div><\/section><section class=\"l-section wpb_row height_huge\"><div class=\"l-section-h i-cf\"><div class=\"g-cols vc_row via_flex valign_top type_default stacking_default\"><div class=\"vc_col-sm-12 wpb_column vc_column_container\"><div class=\"vc_column-inner\"><div class=\"wpb_wrapper\"><div class=\"wpb_text_column\"><div class=\"wpb_wrapper\"><h2>Ayamonte: flamenco entre Huelva, o Guadiana e Portugal<\/h2>\n<p>Ayamonte n\u00e3o precisa de inventar para si o r\u00f3tulo de \u00abber\u00e7o do flamenco\u00bb para ser interessante. O seu valor est\u00e1 precisamente noutra combina\u00e7\u00e3o: pertence a uma prov\u00edncia com uma das tradi\u00e7\u00f5es de fandango mais importantes da Andaluzia, manteve uma programa\u00e7\u00e3o flamenca continuada, disp\u00f5e hoje de um tablao no centro e ocupa uma posi\u00e7\u00e3o fronteiri\u00e7a capaz de aproximar esta arte dos visitantes da costa de Huelva e do Algarve.<\/p>\n<p>Para o viajante, isto traduz-se em v\u00e1rias possibilidades. Pode descobrir o flamenco de forma \u00edntima num tablao, encontrar um grande artista no Teatro Cardenio ou no Patio de la Jaboner\u00eda, assistir a uma atividade de divulga\u00e7\u00e3o durante \u00abFlamenco Ayamonte\u00bb ou coincidir com um festival de ver\u00e3o. <strong>A melhor forma de desfrutar do flamenco em Ayamonte \u00e9 compreender que n\u00e3o se trata de uma \u00fanica sala nem de uma \u00fanica data, mas de uma presen\u00e7a cultural que surge em diferentes espa\u00e7os da cidade.<\/strong><\/p>\n<\/div><\/div><\/div><\/div><\/div><\/div><\/div><\/section><section class=\"l-section wpb_row height_huge color_alternate with_shape\"><div class=\"l-section-shape type_zigzag pos_top hor_flip\" style=\"height:3vmin;\"><svg xmlns=\"http:\/\/www.w3.org\/2000\/svg\" viewBox=\"0 0 64 8\" preserveAspectRatio=\"none\" width=\"100%\" height=\"100%\">\r\n\t<path fill=\"currentColor\" d=\"M64 8 L0 8 L0 0 L20 7.9 L40 3 L48 5 L64 0 Z\"\/>\r\n<\/svg><\/div><div class=\"l-section-shape type_zigzag pos_bottom\" style=\"height:3vmin;\"><svg xmlns=\"http:\/\/www.w3.org\/2000\/svg\" viewBox=\"0 0 64 8\" preserveAspectRatio=\"none\" width=\"100%\" height=\"100%\">\r\n\t<path fill=\"currentColor\" d=\"M64 8 L0 8 L0 0 L20 7.9 L40 3 L48 5 L64 0 Z\"\/>\r\n<\/svg><\/div><div class=\"l-section-h i-cf\"><div class=\"g-cols vc_row via_flex valign_top type_default stacking_default\"><div class=\"vc_col-sm-12 wpb_column vc_column_container\"><div class=\"vc_column-inner\"><div class=\"wpb_wrapper\"><div class=\"wpb_text_column\"><div class=\"wpb_wrapper\"><h2>Fontes consultadas<\/h2>\n<ul>\n<li><a href=\"https:\/\/ayamonte.es\/el-ayuntamiento-de-ayamonte-presenta-flamenco-ayamonte-un-programa-de-actividades-con-motivo-del-dia-internacional-del-flamenco\/\" target=\"_blank\" rel=\"noopener\">C\u00e2mara Municipal de Ayamonte \u2014 apresenta\u00e7\u00e3o de Flamenco Ayamonte<\/a>.<\/li>\n<li><a href=\"https:\/\/ayamonteturismo.com\/events\/flamenco-ayamonte\/\" target=\"_blank\" rel=\"noopener\">Ayamonte Turismo \u2014 Flamenco Ayamonte<\/a>.<\/li>\n<li><a href=\"https:\/\/www.patiodelajaboneria.es\/entradas\" target=\"_blank\" rel=\"noopener\">Festival Internacional de M\u00fasica Ciudad de Ayamonte \u2014 programa\u00e7\u00e3o 2026<\/a>.<\/li>\n<li><a href=\"https:\/\/ayamonte.es\/events\/festival-internacional-de-musica-vive-alosno\/\" target=\"_blank\" rel=\"noopener\">C\u00e2mara Municipal de Ayamonte \u2014 Vive Alosno, homenagem a Paco Toronjo<\/a>.<\/li>\n<li><a href=\"https:\/\/ayamonte.es\/wp-content\/uploads\/2018\/07\/Julio-2018.pdf\" target=\"_blank\" rel=\"noopener\">C\u00e2mara Municipal de Ayamonte \u2014 X Festival Flamenco Antonia L\u00f3pez Ciudad de Ayamonte<\/a>.<\/li>\n<\/ul>\n<p><small>Informa\u00e7\u00e3o revista em 1 de setembro de 2026. A programa\u00e7\u00e3o de concertos, festivais e atividades culturais pode variar de uma \u00e9poca para outra.<\/small><\/p>\n<\/div><\/div><\/div><\/div><\/div><\/div><\/div><\/section>\n","protected":false},"excerpt":{"rendered":"<p>Descubra a tradi\u00e7\u00e3o flamenca de Ayamonte, a sua rela\u00e7\u00e3o com o fandango de Huelva e onde desfrutar hoje do flamenco entre tablaos, festivais e eventos culturais.<\/p>\n","protected":false},"author":1,"featured_media":13900,"comment_status":"closed","ping_status":"closed","sticky":false,"template":"","format":"standard","meta":{"_acf_changed":false,"wpai_generated_summary":"","_ayudawp_aiss_exclude":false,"_ayudawp_aiss_exclude_summary":false,"_ayudawp_aiss_summary":"","_ayudawp_aiss_summary_provider":"","_ayudawp_aiss_summary_hash":"","footnotes":""},"categories":[357],"tags":[1858,1860,1861,1475,1859,601,1857],"class_list":["post-13974","post","type-post","status-publish","format-standard","has-post-thumbnail","hentry","category-flamenco-por-cidades","tag-ayamonte-pt","tag-fandango-de-huelva-pt","tag-flamenco-ayamonte-programa-pt","tag-flamenco-em-ayamonte","tag-huelva-pt","tag-la-puerta-ancha","tag-tablao-flamenco-ayamonte-pt"],"acf":[],"yoast_head":"<!-- This site is optimized with the Yoast SEO Premium plugin v28.4 (Yoast SEO v28.4) - https:\/\/yoast.com\/product\/yoast-seo-premium-wordpress\/ -->\n<title>Flamenco em Ayamonte: tradi\u00e7\u00e3o e onde desfrutar | Tablaos Flamencos<\/title>\n<meta name=\"description\" content=\"Descubra a tradi\u00e7\u00e3o flamenca de Ayamonte, a liga\u00e7\u00e3o ao fandango de Huelva e onde desfrutar hoje de flamenco ao vivo, festivais e cultura.\" \/>\n<meta name=\"robots\" content=\"index, follow, max-snippet:-1, max-image-preview:large, max-video-preview:-1\" \/>\n<link rel=\"canonical\" href=\"https:\/\/www.tablaosflamencos.com\/pt-pt\/flamenco-ayamonte-tradicao-onde-desfrutar.html\" \/>\n<meta property=\"og:locale\" content=\"pt_PT\" \/>\n<meta property=\"og:type\" content=\"article\" \/>\n<meta property=\"og:title\" content=\"Flamenco em Ayamonte: tradi\u00e7\u00e3o flamenca e onde desfrut\u00e1-la\" \/>\n<meta property=\"og:description\" content=\"Descubra a tradi\u00e7\u00e3o flamenca de Ayamonte, a liga\u00e7\u00e3o ao fandango de Huelva e onde desfrutar hoje de flamenco ao vivo, festivais e cultura.\" \/>\n<meta property=\"og:url\" content=\"https:\/\/www.tablaosflamencos.com\/pt-pt\/flamenco-ayamonte-tradicao-onde-desfrutar.html\" \/>\n<meta property=\"og:site_name\" content=\"Tablaos Flamencos\" \/>\n<meta property=\"article:publisher\" content=\"https:\/\/www.facebook.com\/tablaosflamencos\" \/>\n<meta property=\"article:published_time\" content=\"2026-09-01T22:19:31+00:00\" \/>\n<meta property=\"article:modified_time\" content=\"2026-09-01T22:53:26+00:00\" \/>\n<meta property=\"og:image\" content=\"https:\/\/www.tablaosflamencos.com\/wp-content\/uploads\/flamenco-en-ayamonte-tradicion-flamenca-y-donde-disfrutarla-01.webp\" \/>\n\t<meta property=\"og:image:width\" content=\"1920\" \/>\n\t<meta property=\"og:image:height\" content=\"1440\" \/>\n\t<meta property=\"og:image:type\" content=\"image\/webp\" \/>\n<meta name=\"author\" content=\"Miguel Ortiz\" \/>\n<meta name=\"twitter:card\" content=\"summary_large_image\" \/>\n<meta name=\"twitter:creator\" content=\"@tablaosflamenco\" \/>\n<meta name=\"twitter:site\" content=\"@tablaosflamenco\" \/>\n<meta name=\"twitter:label1\" content=\"Escrito por\" \/>\n\t<meta name=\"twitter:data1\" content=\"Miguel Ortiz\" \/>\n\t<meta name=\"twitter:label2\" content=\"Tempo estimado de leitura\" \/>\n\t<meta name=\"twitter:data2\" content=\"18 minutos\" \/>\n<script type=\"application\/ld+json\" class=\"yoast-schema-graph\">{\"@context\":\"https:\\\/\\\/schema.org\",\"@graph\":[{\"@type\":\"Article\",\"@id\":\"https:\\\/\\\/www.tablaosflamencos.com\\\/pt-pt\\\/flamenco-ayamonte-tradicao-onde-desfrutar.html#article\",\"isPartOf\":{\"@id\":\"https:\\\/\\\/www.tablaosflamencos.com\\\/pt-pt\\\/flamenco-ayamonte-tradicao-onde-desfrutar.html\"},\"author\":{\"name\":\"Miguel Ortiz\",\"@id\":\"https:\\\/\\\/www.tablaosflamencos.com\\\/pt-pt#\\\/schema\\\/person\\\/e7a9ebe14eb75a52ceabfbffb3c54f5d\"},\"headline\":\"Flamenco em Ayamonte: tradi\u00e7\u00e3o flamenca e onde desfrut\u00e1-la\",\"datePublished\":\"2026-09-01T22:19:31+00:00\",\"dateModified\":\"2026-09-01T22:53:26+00:00\",\"mainEntityOfPage\":{\"@id\":\"https:\\\/\\\/www.tablaosflamencos.com\\\/pt-pt\\\/flamenco-ayamonte-tradicao-onde-desfrutar.html\"},\"wordCount\":3666,\"publisher\":{\"@id\":\"https:\\\/\\\/www.tablaosflamencos.com\\\/pt-pt#organization\"},\"image\":{\"@id\":\"https:\\\/\\\/www.tablaosflamencos.com\\\/pt-pt\\\/flamenco-ayamonte-tradicao-onde-desfrutar.html#primaryimage\"},\"thumbnailUrl\":\"https:\\\/\\\/www.tablaosflamencos.com\\\/wp-content\\\/uploads\\\/flamenco-en-ayamonte-tradicion-flamenca-y-donde-disfrutarla-01.webp\",\"keywords\":[\"Ayamonte\",\"fandango de Huelva\",\"Flamenco Ayamonte\",\"flamenco em Ayamonte\",\"Huelva\",\"La Puerta Ancha\",\"tablao flamenco em Ayamonte\"],\"articleSection\":[\"Flamenco por cidades\"],\"inLanguage\":\"pt-PT\"},{\"@type\":\"WebPage\",\"@id\":\"https:\\\/\\\/www.tablaosflamencos.com\\\/pt-pt\\\/flamenco-ayamonte-tradicao-onde-desfrutar.html\",\"url\":\"https:\\\/\\\/www.tablaosflamencos.com\\\/pt-pt\\\/flamenco-ayamonte-tradicao-onde-desfrutar.html\",\"name\":\"Flamenco em Ayamonte: tradi\u00e7\u00e3o e onde desfrutar | Tablaos Flamencos\",\"isPartOf\":{\"@id\":\"https:\\\/\\\/www.tablaosflamencos.com\\\/pt-pt#website\"},\"primaryImageOfPage\":{\"@id\":\"https:\\\/\\\/www.tablaosflamencos.com\\\/pt-pt\\\/flamenco-ayamonte-tradicao-onde-desfrutar.html#primaryimage\"},\"image\":{\"@id\":\"https:\\\/\\\/www.tablaosflamencos.com\\\/pt-pt\\\/flamenco-ayamonte-tradicao-onde-desfrutar.html#primaryimage\"},\"thumbnailUrl\":\"https:\\\/\\\/www.tablaosflamencos.com\\\/wp-content\\\/uploads\\\/flamenco-en-ayamonte-tradicion-flamenca-y-donde-disfrutarla-01.webp\",\"datePublished\":\"2026-09-01T22:19:31+00:00\",\"dateModified\":\"2026-09-01T22:53:26+00:00\",\"description\":\"Descubra a tradi\u00e7\u00e3o flamenca de Ayamonte, a liga\u00e7\u00e3o ao fandango de Huelva e onde desfrutar hoje de flamenco ao vivo, festivais e cultura.\",\"breadcrumb\":{\"@id\":\"https:\\\/\\\/www.tablaosflamencos.com\\\/pt-pt\\\/flamenco-ayamonte-tradicao-onde-desfrutar.html#breadcrumb\"},\"inLanguage\":\"pt-PT\",\"potentialAction\":[{\"@type\":\"ReadAction\",\"target\":[\"https:\\\/\\\/www.tablaosflamencos.com\\\/pt-pt\\\/flamenco-ayamonte-tradicao-onde-desfrutar.html\"]}]},{\"@type\":\"ImageObject\",\"inLanguage\":\"pt-PT\",\"@id\":\"https:\\\/\\\/www.tablaosflamencos.com\\\/pt-pt\\\/flamenco-ayamonte-tradicao-onde-desfrutar.html#primaryimage\",\"url\":\"https:\\\/\\\/www.tablaosflamencos.com\\\/wp-content\\\/uploads\\\/flamenco-en-ayamonte-tradicion-flamenca-y-donde-disfrutarla-01.webp\",\"contentUrl\":\"https:\\\/\\\/www.tablaosflamencos.com\\\/wp-content\\\/uploads\\\/flamenco-en-ayamonte-tradicion-flamenca-y-donde-disfrutarla-01.webp\",\"width\":1920,\"height\":1440,\"caption\":\"Flamenco en Ayamonte: tradici\u00f3n flamenca y d\u00f3nde disfrutarla\"},{\"@type\":\"BreadcrumbList\",\"@id\":\"https:\\\/\\\/www.tablaosflamencos.com\\\/pt-pt\\\/flamenco-ayamonte-tradicao-onde-desfrutar.html#breadcrumb\",\"itemListElement\":[{\"@type\":\"ListItem\",\"position\":1,\"name\":\"Home\",\"item\":\"https:\\\/\\\/www.tablaosflamencos.com\\\/pt-pt\"},{\"@type\":\"ListItem\",\"position\":2,\"name\":\"Flamenco em Ayamonte: tradi\u00e7\u00e3o flamenca e onde desfrut\u00e1-la\"}]},{\"@type\":\"WebSite\",\"@id\":\"https:\\\/\\\/www.tablaosflamencos.com\\\/pt-pt#website\",\"url\":\"https:\\\/\\\/www.tablaosflamencos.com\\\/pt-pt\",\"name\":\"Tablaos Flamencos\",\"description\":\"Entradas para tablaos flamencos de Espa\u00f1a\",\"publisher\":{\"@id\":\"https:\\\/\\\/www.tablaosflamencos.com\\\/pt-pt#organization\"},\"alternateName\":\"Tablaos Flamencos\",\"potentialAction\":[{\"@type\":\"SearchAction\",\"target\":{\"@type\":\"EntryPoint\",\"urlTemplate\":\"https:\\\/\\\/www.tablaosflamencos.com\\\/pt-pt?s={search_term_string}\"},\"query-input\":{\"@type\":\"PropertyValueSpecification\",\"valueRequired\":true,\"valueName\":\"search_term_string\"}}],\"inLanguage\":\"pt-PT\"},{\"@type\":[\"Organization\",\"Place\",\"EntertainmentBusiness\"],\"@id\":\"https:\\\/\\\/www.tablaosflamencos.com\\\/pt-pt#organization\",\"name\":\"Tablaos Flamencos\",\"alternateName\":\"Tablaos Flamencos\",\"url\":\"https:\\\/\\\/www.tablaosflamencos.com\\\/pt-pt\",\"logo\":{\"@id\":\"https:\\\/\\\/www.tablaosflamencos.com\\\/pt-pt\\\/flamenco-ayamonte-tradicao-onde-desfrutar.html#local-main-organization-logo\"},\"image\":{\"@id\":\"https:\\\/\\\/www.tablaosflamencos.com\\\/pt-pt\\\/flamenco-ayamonte-tradicao-onde-desfrutar.html#local-main-organization-logo\"},\"sameAs\":[\"https:\\\/\\\/www.facebook.com\\\/tablaosflamencos\",\"https:\\\/\\\/x.com\\\/tablaosflamenco\",\"https:\\\/\\\/mastodon.social\\\/@tablaosflamencos\",\"https:\\\/\\\/www.instagram.com\\\/tablaosflamencos\",\"https:\\\/\\\/tiktok.com\\\/@tablaosflamencos\",\"https:\\\/\\\/www.linkedin.com\\\/company\\\/109408238\\\/\"],\"description\":\"Venta de entradas para espect\u00e1culos flamencos\",\"legalName\":\"Tablaos Flamencos\",\"foundingDate\":\"2015-01-01\",\"numberOfEmployees\":{\"@type\":\"QuantitativeValue\",\"minValue\":\"1\",\"maxValue\":\"10\"},\"address\":{\"@id\":\"https:\\\/\\\/www.tablaosflamencos.com\\\/pt-pt\\\/flamenco-ayamonte-tradicao-onde-desfrutar.html#local-main-place-address\"},\"geo\":{\"@type\":\"GeoCoordinates\",\"latitude\":\"37.3868072\",\"longitude\":\"-5.993280299999999\"},\"telephone\":[\"+34623787787\"],\"contactPoint\":{\"@type\":\"ContactPoint\",\"telephone\":\"+34623787787\",\"email\":\"info@tablaosflamencos.com\"},\"openingHoursSpecification\":{\"@type\":\"OpeningHoursSpecification\",\"dayOfWeek\":[\"Monday\",\"Tuesday\",\"Wednesday\",\"Thursday\",\"Friday\",\"Saturday\",\"Sunday\"],\"opens\":\"00:00\",\"closes\":\"23:59\"},\"email\":\"info@tablaosflamencos.com\",\"priceRange\":\"$$$\",\"currenciesAccepted\":\"\u20ac\"},{\"@type\":\"Person\",\"@id\":\"https:\\\/\\\/www.tablaosflamencos.com\\\/pt-pt#\\\/schema\\\/person\\\/e7a9ebe14eb75a52ceabfbffb3c54f5d\",\"name\":\"Miguel Ortiz\",\"description\":\"Miguel Ortiz es un empresario flamenco, con una s\u00f3lida trayectoria dentro del sector. Ha presidido entidades culturales vinculadas al flamenco y, cuenta con un amplio recorrido profesional en la gesti\u00f3n y promoci\u00f3n de espect\u00e1culos y tablaos flamencos. Su pasi\u00f3n por la historia y el arte flamenco se refleja en cada art\u00edculo, donde combina experiencia, criterio y un profundo respeto por la tradici\u00f3n.\",\"sameAs\":[\"https:\\\/\\\/www.tablaosflamencos.com\",\"https:\\\/\\\/www.instagra.com\\\/miguelortizfe\",\"https:\\\/\\\/www.linkedin.com\\\/in\\\/miguelortizf\\\/\"],\"birthDate\":\"1984-11-22\",\"gender\":\"hombre\",\"knowsLanguage\":[\"espa\u00f1ol\",\"ingl\u00e9s\"],\"jobTitle\":\"Empresario flamenco\"},{\"@type\":\"PostalAddress\",\"@id\":\"https:\\\/\\\/www.tablaosflamencos.com\\\/pt-pt\\\/flamenco-ayamonte-tradicao-onde-desfrutar.html#local-main-place-address\",\"streetAddress\":\"C\\\/ Alemanes, 19\",\"addressLocality\":\"Sevilla\",\"postalCode\":\"41004\",\"addressRegion\":\"Sevilla\",\"addressCountry\":\"ES\"},{\"@type\":\"ImageObject\",\"inLanguage\":\"pt-PT\",\"@id\":\"https:\\\/\\\/www.tablaosflamencos.com\\\/pt-pt\\\/flamenco-ayamonte-tradicao-onde-desfrutar.html#local-main-organization-logo\",\"url\":\"https:\\\/\\\/www.tablaosflamencos.com\\\/wp-content\\\/uploads\\\/tablaos-flamencos-06-3.webp\",\"contentUrl\":\"https:\\\/\\\/www.tablaosflamencos.com\\\/wp-content\\\/uploads\\\/tablaos-flamencos-06-3.webp\",\"width\":600,\"height\":620,\"caption\":\"Tablaos Flamencos\"}]}<\/script>\n<meta name=\"geo.placename\" content=\"Sevilla\" \/>\n<meta name=\"geo.position\" content=\"37.3868072;-5.993280299999999\" \/>\n<meta name=\"geo.region\" content=\"Espanha\" \/>\n<!-- \/ Yoast SEO Premium plugin. -->","yoast_head_json":{"title":"Flamenco em Ayamonte: tradi\u00e7\u00e3o e onde desfrutar | Tablaos Flamencos","description":"Descubra a tradi\u00e7\u00e3o flamenca de Ayamonte, a liga\u00e7\u00e3o ao fandango de Huelva e onde desfrutar hoje de flamenco ao vivo, festivais e cultura.","robots":{"index":"index","follow":"follow","max-snippet":"max-snippet:-1","max-image-preview":"max-image-preview:large","max-video-preview":"max-video-preview:-1"},"canonical":"https:\/\/www.tablaosflamencos.com\/pt-pt\/flamenco-ayamonte-tradicao-onde-desfrutar.html","og_locale":"pt_PT","og_type":"article","og_title":"Flamenco em Ayamonte: tradi\u00e7\u00e3o flamenca e onde desfrut\u00e1-la","og_description":"Descubra a tradi\u00e7\u00e3o flamenca de Ayamonte, a liga\u00e7\u00e3o ao fandango de Huelva e onde desfrutar hoje de flamenco ao vivo, festivais e cultura.","og_url":"https:\/\/www.tablaosflamencos.com\/pt-pt\/flamenco-ayamonte-tradicao-onde-desfrutar.html","og_site_name":"Tablaos Flamencos","article_publisher":"https:\/\/www.facebook.com\/tablaosflamencos","article_published_time":"2026-09-01T22:19:31+00:00","article_modified_time":"2026-09-01T22:53:26+00:00","og_image":[{"width":1920,"height":1440,"url":"https:\/\/www.tablaosflamencos.com\/wp-content\/uploads\/flamenco-en-ayamonte-tradicion-flamenca-y-donde-disfrutarla-01.webp","type":"image\/webp"}],"author":"Miguel Ortiz","twitter_card":"summary_large_image","twitter_creator":"@tablaosflamenco","twitter_site":"@tablaosflamenco","twitter_misc":{"Escrito por":"Miguel Ortiz","Tempo estimado de leitura":"18 minutos"},"schema":{"@context":"https:\/\/schema.org","@graph":[{"@type":"Article","@id":"https:\/\/www.tablaosflamencos.com\/pt-pt\/flamenco-ayamonte-tradicao-onde-desfrutar.html#article","isPartOf":{"@id":"https:\/\/www.tablaosflamencos.com\/pt-pt\/flamenco-ayamonte-tradicao-onde-desfrutar.html"},"author":{"name":"Miguel Ortiz","@id":"https:\/\/www.tablaosflamencos.com\/pt-pt#\/schema\/person\/e7a9ebe14eb75a52ceabfbffb3c54f5d"},"headline":"Flamenco em Ayamonte: tradi\u00e7\u00e3o flamenca e onde desfrut\u00e1-la","datePublished":"2026-09-01T22:19:31+00:00","dateModified":"2026-09-01T22:53:26+00:00","mainEntityOfPage":{"@id":"https:\/\/www.tablaosflamencos.com\/pt-pt\/flamenco-ayamonte-tradicao-onde-desfrutar.html"},"wordCount":3666,"publisher":{"@id":"https:\/\/www.tablaosflamencos.com\/pt-pt#organization"},"image":{"@id":"https:\/\/www.tablaosflamencos.com\/pt-pt\/flamenco-ayamonte-tradicao-onde-desfrutar.html#primaryimage"},"thumbnailUrl":"https:\/\/www.tablaosflamencos.com\/wp-content\/uploads\/flamenco-en-ayamonte-tradicion-flamenca-y-donde-disfrutarla-01.webp","keywords":["Ayamonte","fandango de Huelva","Flamenco Ayamonte","flamenco em Ayamonte","Huelva","La Puerta Ancha","tablao flamenco em Ayamonte"],"articleSection":["Flamenco por cidades"],"inLanguage":"pt-PT"},{"@type":"WebPage","@id":"https:\/\/www.tablaosflamencos.com\/pt-pt\/flamenco-ayamonte-tradicao-onde-desfrutar.html","url":"https:\/\/www.tablaosflamencos.com\/pt-pt\/flamenco-ayamonte-tradicao-onde-desfrutar.html","name":"Flamenco em Ayamonte: tradi\u00e7\u00e3o e onde desfrutar | Tablaos Flamencos","isPartOf":{"@id":"https:\/\/www.tablaosflamencos.com\/pt-pt#website"},"primaryImageOfPage":{"@id":"https:\/\/www.tablaosflamencos.com\/pt-pt\/flamenco-ayamonte-tradicao-onde-desfrutar.html#primaryimage"},"image":{"@id":"https:\/\/www.tablaosflamencos.com\/pt-pt\/flamenco-ayamonte-tradicao-onde-desfrutar.html#primaryimage"},"thumbnailUrl":"https:\/\/www.tablaosflamencos.com\/wp-content\/uploads\/flamenco-en-ayamonte-tradicion-flamenca-y-donde-disfrutarla-01.webp","datePublished":"2026-09-01T22:19:31+00:00","dateModified":"2026-09-01T22:53:26+00:00","description":"Descubra a tradi\u00e7\u00e3o flamenca de Ayamonte, a liga\u00e7\u00e3o ao fandango de Huelva e onde desfrutar hoje de flamenco ao vivo, festivais e cultura.","breadcrumb":{"@id":"https:\/\/www.tablaosflamencos.com\/pt-pt\/flamenco-ayamonte-tradicao-onde-desfrutar.html#breadcrumb"},"inLanguage":"pt-PT","potentialAction":[{"@type":"ReadAction","target":["https:\/\/www.tablaosflamencos.com\/pt-pt\/flamenco-ayamonte-tradicao-onde-desfrutar.html"]}]},{"@type":"ImageObject","inLanguage":"pt-PT","@id":"https:\/\/www.tablaosflamencos.com\/pt-pt\/flamenco-ayamonte-tradicao-onde-desfrutar.html#primaryimage","url":"https:\/\/www.tablaosflamencos.com\/wp-content\/uploads\/flamenco-en-ayamonte-tradicion-flamenca-y-donde-disfrutarla-01.webp","contentUrl":"https:\/\/www.tablaosflamencos.com\/wp-content\/uploads\/flamenco-en-ayamonte-tradicion-flamenca-y-donde-disfrutarla-01.webp","width":1920,"height":1440,"caption":"Flamenco en Ayamonte: tradici\u00f3n flamenca y d\u00f3nde disfrutarla"},{"@type":"BreadcrumbList","@id":"https:\/\/www.tablaosflamencos.com\/pt-pt\/flamenco-ayamonte-tradicao-onde-desfrutar.html#breadcrumb","itemListElement":[{"@type":"ListItem","position":1,"name":"Home","item":"https:\/\/www.tablaosflamencos.com\/pt-pt"},{"@type":"ListItem","position":2,"name":"Flamenco em Ayamonte: tradi\u00e7\u00e3o flamenca e onde desfrut\u00e1-la"}]},{"@type":"WebSite","@id":"https:\/\/www.tablaosflamencos.com\/pt-pt#website","url":"https:\/\/www.tablaosflamencos.com\/pt-pt","name":"Tablaos Flamencos","description":"Entradas para tablaos flamencos de Espa\u00f1a","publisher":{"@id":"https:\/\/www.tablaosflamencos.com\/pt-pt#organization"},"alternateName":"Tablaos Flamencos","potentialAction":[{"@type":"SearchAction","target":{"@type":"EntryPoint","urlTemplate":"https:\/\/www.tablaosflamencos.com\/pt-pt?s={search_term_string}"},"query-input":{"@type":"PropertyValueSpecification","valueRequired":true,"valueName":"search_term_string"}}],"inLanguage":"pt-PT"},{"@type":["Organization","Place","EntertainmentBusiness"],"@id":"https:\/\/www.tablaosflamencos.com\/pt-pt#organization","name":"Tablaos Flamencos","alternateName":"Tablaos Flamencos","url":"https:\/\/www.tablaosflamencos.com\/pt-pt","logo":{"@id":"https:\/\/www.tablaosflamencos.com\/pt-pt\/flamenco-ayamonte-tradicao-onde-desfrutar.html#local-main-organization-logo"},"image":{"@id":"https:\/\/www.tablaosflamencos.com\/pt-pt\/flamenco-ayamonte-tradicao-onde-desfrutar.html#local-main-organization-logo"},"sameAs":["https:\/\/www.facebook.com\/tablaosflamencos","https:\/\/x.com\/tablaosflamenco","https:\/\/mastodon.social\/@tablaosflamencos","https:\/\/www.instagram.com\/tablaosflamencos","https:\/\/tiktok.com\/@tablaosflamencos","https:\/\/www.linkedin.com\/company\/109408238\/"],"description":"Venta de entradas para espect\u00e1culos flamencos","legalName":"Tablaos Flamencos","foundingDate":"2015-01-01","numberOfEmployees":{"@type":"QuantitativeValue","minValue":"1","maxValue":"10"},"address":{"@id":"https:\/\/www.tablaosflamencos.com\/pt-pt\/flamenco-ayamonte-tradicao-onde-desfrutar.html#local-main-place-address"},"geo":{"@type":"GeoCoordinates","latitude":"37.3868072","longitude":"-5.993280299999999"},"telephone":["+34623787787"],"contactPoint":{"@type":"ContactPoint","telephone":"+34623787787","email":"info@tablaosflamencos.com"},"openingHoursSpecification":{"@type":"OpeningHoursSpecification","dayOfWeek":["Monday","Tuesday","Wednesday","Thursday","Friday","Saturday","Sunday"],"opens":"00:00","closes":"23:59"},"email":"info@tablaosflamencos.com","priceRange":"$$$","currenciesAccepted":"\u20ac"},{"@type":"Person","@id":"https:\/\/www.tablaosflamencos.com\/pt-pt#\/schema\/person\/e7a9ebe14eb75a52ceabfbffb3c54f5d","name":"Miguel Ortiz","description":"Miguel Ortiz es un empresario flamenco, con una s\u00f3lida trayectoria dentro del sector. Ha presidido entidades culturales vinculadas al flamenco y, cuenta con un amplio recorrido profesional en la gesti\u00f3n y promoci\u00f3n de espect\u00e1culos y tablaos flamencos. Su pasi\u00f3n por la historia y el arte flamenco se refleja en cada art\u00edculo, donde combina experiencia, criterio y un profundo respeto por la tradici\u00f3n.","sameAs":["https:\/\/www.tablaosflamencos.com","https:\/\/www.instagra.com\/miguelortizfe","https:\/\/www.linkedin.com\/in\/miguelortizf\/"],"birthDate":"1984-11-22","gender":"hombre","knowsLanguage":["espa\u00f1ol","ingl\u00e9s"],"jobTitle":"Empresario flamenco"},{"@type":"PostalAddress","@id":"https:\/\/www.tablaosflamencos.com\/pt-pt\/flamenco-ayamonte-tradicao-onde-desfrutar.html#local-main-place-address","streetAddress":"C\/ Alemanes, 19","addressLocality":"Sevilla","postalCode":"41004","addressRegion":"Sevilla","addressCountry":"ES"},{"@type":"ImageObject","inLanguage":"pt-PT","@id":"https:\/\/www.tablaosflamencos.com\/pt-pt\/flamenco-ayamonte-tradicao-onde-desfrutar.html#local-main-organization-logo","url":"https:\/\/www.tablaosflamencos.com\/wp-content\/uploads\/tablaos-flamencos-06-3.webp","contentUrl":"https:\/\/www.tablaosflamencos.com\/wp-content\/uploads\/tablaos-flamencos-06-3.webp","width":600,"height":620,"caption":"Tablaos Flamencos"}]},"geo.placename":"Sevilla","geo.position":{"lat":"37.3868072","long":"-5.993280299999999"},"geo.region":"Espanha"},"_links":{"self":[{"href":"https:\/\/www.tablaosflamencos.com\/pt-pt\/wp-json\/wp\/v2\/posts\/13974","targetHints":{"allow":["GET"]}}],"collection":[{"href":"https:\/\/www.tablaosflamencos.com\/pt-pt\/wp-json\/wp\/v2\/posts"}],"about":[{"href":"https:\/\/www.tablaosflamencos.com\/pt-pt\/wp-json\/wp\/v2\/types\/post"}],"author":[{"embeddable":true,"href":"https:\/\/www.tablaosflamencos.com\/pt-pt\/wp-json\/wp\/v2\/users\/1"}],"replies":[{"embeddable":true,"href":"https:\/\/www.tablaosflamencos.com\/pt-pt\/wp-json\/wp\/v2\/comments?post=13974"}],"version-history":[{"count":4,"href":"https:\/\/www.tablaosflamencos.com\/pt-pt\/wp-json\/wp\/v2\/posts\/13974\/revisions"}],"predecessor-version":[{"id":14016,"href":"https:\/\/www.tablaosflamencos.com\/pt-pt\/wp-json\/wp\/v2\/posts\/13974\/revisions\/14016"}],"wp:featuredmedia":[{"embeddable":true,"href":"https:\/\/www.tablaosflamencos.com\/pt-pt\/wp-json\/wp\/v2\/media\/13900"}],"wp:attachment":[{"href":"https:\/\/www.tablaosflamencos.com\/pt-pt\/wp-json\/wp\/v2\/media?parent=13974"}],"wp:term":[{"taxonomy":"category","embeddable":true,"href":"https:\/\/www.tablaosflamencos.com\/pt-pt\/wp-json\/wp\/v2\/categories?post=13974"},{"taxonomy":"post_tag","embeddable":true,"href":"https:\/\/www.tablaosflamencos.com\/pt-pt\/wp-json\/wp\/v2\/tags?post=13974"}],"curies":[{"name":"wp","href":"https:\/\/api.w.org\/{rel}","templated":true}]}}