{"id":13913,"date":"2026-09-01T23:44:31","date_gmt":"2026-09-01T21:44:31","guid":{"rendered":"https:\/\/www.tablaosflamencos.com\/?p=13913"},"modified":"2026-09-02T00:42:29","modified_gmt":"2026-09-01T22:42:29","slug":"flamenco-real-alcazar-bienal-sevilha-2026","status":"publish","type":"post","link":"https:\/\/www.tablaosflamencos.com\/pt-pt\/flamenco-real-alcazar-bienal-sevilha-2026.html","title":{"rendered":"Flamenco no Real Alc\u00e1zar durante a Bienal 2026"},"content":{"rendered":"<section class=\"l-section wpb_row height_huge\"><div class=\"l-section-h i-cf\"><div class=\"g-cols vc_row via_flex valign_top type_default stacking_default\"><div class=\"vc_col-sm-6 wpb_column vc_column_container\"><div class=\"vc_column-inner\"><div class=\"wpb_wrapper\"><div class=\"wpb_text_column\"><div class=\"wpb_wrapper\"><h2>Flamenco no Real Alc\u00e1zar durante a Bienal 2026<\/h2>\n<p>A <strong>XXIV Bienal de Flamenco de Sevilha<\/strong> transforma o <strong>Real Alc\u00e1zar<\/strong> num dos seus palcos mais especiais durante tr\u00eas noites consecutivas. De <strong>14 a 16 de setembro de 2026<\/strong>, o <strong>Patio de la Monter\u00eda<\/strong> acolher\u00e1 uma programa\u00e7\u00e3o centrada no cante, na mem\u00f3ria e nas grandes genealogias flamencas: Israel Fern\u00e1ndez, Rancapino Chico e o encontro jerezano <em>Xerezan\u00edas<\/em>.<\/p>\n<p>N\u00e3o \u00e9 apenas mais um espa\u00e7o no mapa da Bienal. O Alc\u00e1zar oferece algo que poucos recintos conseguem proporcionar: um monumento hist\u00f3rico que faz parte da identidade de Sevilha e que, durante algumas horas, deixa de ser apenas um lugar de visita para se transformar num palco flamenco noturno.<\/p>\n<p>Este guia re\u00fane <strong>datas, hor\u00e1rios, artistas, bilhetes, pontos-chave de cada espet\u00e1culo e conselhos pr\u00e1ticos<\/strong> para escolher em que noite viver o flamenco no Real Alc\u00e1zar durante a Bienal 2026.<\/p>\n<\/div><\/div><\/div><\/div><\/div><div class=\"vc_col-sm-6 wpb_column vc_column_container\"><div class=\"vc_column-inner\"><div class=\"wpb_wrapper\"><div class=\"wpb_text_column\"><div class=\"wpb_wrapper\"><p style=\"text-align: center; font-size: 48px; line-height: 1; margin-bottom: 8px;\"><strong>14\u201316<\/strong><\/p>\n<h3 style=\"text-align: center;\">de setembro de 2026<\/h3>\n<p style=\"text-align: center;\"><strong>Patio de la Monter\u00eda \u00b7 Real Alc\u00e1zar<\/strong><\/p>\n<p style=\"text-align: center;\">Tr\u00eas noites \u00b7 21:30<\/p>\n<p style=\"text-align: center;\">Israel Fern\u00e1ndez \u00b7 Rancapino Chico \u00b7 Xerezan\u00edas<\/p>\n<p style=\"text-align: center;\">Pre\u00e7o geral publicado pela Bienal: <strong>30 \u20ac<\/strong><\/p>\n<\/div><\/div><\/div><\/div><\/div><\/div><\/div><\/section><section class=\"l-section wpb_row height_huge color_alternate with_shape\"><div class=\"l-section-shape type_zigzag pos_top\" style=\"height:3vmin;\"><svg xmlns=\"http:\/\/www.w3.org\/2000\/svg\" viewBox=\"0 0 64 8\" preserveAspectRatio=\"none\" width=\"100%\" height=\"100%\">\r\n\t<path fill=\"currentColor\" d=\"M64 8 L0 8 L0 0 L20 7.9 L40 3 L48 5 L64 0 Z\"\/>\r\n<\/svg><\/div><div class=\"l-section-shape type_zigzag pos_bottom\" style=\"height:3vmin;\"><svg xmlns=\"http:\/\/www.w3.org\/2000\/svg\" viewBox=\"0 0 64 8\" preserveAspectRatio=\"none\" width=\"100%\" height=\"100%\">\r\n\t<path fill=\"currentColor\" d=\"M64 8 L0 8 L0 0 L20 7.9 L40 3 L48 5 L64 0 Z\"\/>\r\n<\/svg><\/div><div class=\"l-section-h i-cf\"><div class=\"g-cols vc_row via_flex valign_top type_default stacking_default\"><div class=\"vc_col-sm-12 wpb_column vc_column_container\"><div class=\"vc_column-inner\"><div class=\"wpb_wrapper\"><div class=\"wpb_text_column\"><div class=\"wpb_wrapper\"><blockquote>\n<p><strong>Resposta r\u00e1pida:<\/strong> o Real Alc\u00e1zar acolher\u00e1 tr\u00eas espet\u00e1culos da Bienal de Flamenco 2026, todos \u00e0s 21:30 no Patio de la Monter\u00eda. Na segunda-feira, dia 14, atuar\u00e1 <strong>Israel Fern\u00e1ndez<\/strong> com <em>De oro y marfil<\/em>; na ter\u00e7a-feira, dia 15, <strong>Rancapino Chico<\/strong> estrear\u00e1 <em>Pizarra<\/em>; e na quarta-feira, dia 16, chegar\u00e1 <strong><em>Xerezan\u00edas<\/em><\/strong>, uma Noite \u00danica com Luis El Zambo, Dolores Agujetas, Antonio de la Malena, Manuel Valencia e Las Tatas de Jerez. O pre\u00e7o geral publicado para o Real Alc\u00e1zar \u00e9 de 30 \u20ac por espet\u00e1culo.<\/p>\n<\/blockquote>\n<p><strong>\u00daltima atualiza\u00e7\u00e3o: 1 de setembro de 2026.<\/strong> A disponibilidade de bilhetes pode mudar. Consulte sempre a ficha oficial de cada espet\u00e1culo antes de organizar a visita.<\/p>\n<\/div><\/div><div class=\"w-separator size_medium\"><\/div><div class=\"w-hwrapper valign_top wrap stack_on_mobiles align_center\" style=\"--hwrapper-gap:1.2rem\"><div class=\"w-btn-wrapper align_none\"><a class=\"w-btn us-btn-style_1\" href=\"https:\/\/www.tablaosflamencos.com\/pt-pt\/bienal-flamenco-sevilha-2026.html\"><span class=\"w-btn-label\">Guia completo da Bienal 2026<\/span><\/a><\/div><div class=\"w-btn-wrapper align_none\"><a class=\"w-btn us-btn-style_1\" target=\"_blank\" href=\"https:\/\/www.labienal.com\/programa-general\/real-alcazar\"><span class=\"w-btn-label\">Programa oficial do Real Alc\u00e1zar<\/span><\/a><\/div><div class=\"w-btn-wrapper align_none\"><a class=\"w-btn us-btn-style_1\" href=\"https:\/\/www.tablaosflamencos.com\/pt-pt\/flamenco-em-sevilha\"><span class=\"w-btn-label\">Ver flamenco em Sevilha<\/span><\/a><\/div><\/div><\/div><\/div><\/div><\/div><\/div><\/section><section class=\"l-section wpb_row height_huge\"><div class=\"l-section-h i-cf\"><div class=\"g-cols vc_row via_flex valign_top type_default stacking_default\"><div class=\"vc_col-sm-3 wpb_column vc_column_container\"><div class=\"vc_column-inner\"><div class=\"wpb_wrapper\"><\/div><\/div><\/div><div class=\"vc_col-sm-6 wpb_column vc_column_container\"><div class=\"vc_column-inner\"><div class=\"wpb_wrapper\"><div class=\"wpb_text_column\"><div class=\"wpb_wrapper\"><h2>Conte\u00fado deste guia<\/h2>\n<ul>\n<li><a href=\"#alcazar-bienal\">Porque o Real Alc\u00e1zar \u00e9 um dos espa\u00e7os especiais da Bienal<\/a><\/li>\n<li><a href=\"#programa-alcazar\">Programa completo de 14 a 16 de setembro<\/a><\/li>\n<li><a href=\"#israel-fernandez\">14 de setembro: Israel Fern\u00e1ndez<\/a><\/li>\n<li><a href=\"#rancapino\">15 de setembro: Rancapino Chico<\/a><\/li>\n<li><a href=\"#xerezanias\">16 de setembro: Xerezan\u00edas<\/a><\/li>\n<li><a href=\"#que-elegir\">Que noite escolher<\/a><\/li>\n<li><a href=\"#entradas-alcazar\">Bilhetes, pre\u00e7o e disponibilidade<\/a><\/li>\n<li><a href=\"#como-llegar\">Como chegar e organizar a noite<\/a><\/li>\n<li><a href=\"#visita-alcazar\">\u00c9 poss\u00edvel combinar com uma visita ao Alc\u00e1zar?<\/a><\/li>\n<li><a href=\"#faq-alcazar\">Perguntas frequentes<\/a><\/li>\n<\/ul>\n<\/div><\/div><\/div><\/div><\/div><div class=\"vc_col-sm-3 wpb_column vc_column_container\"><div class=\"vc_column-inner\"><div class=\"wpb_wrapper\"><\/div><\/div><\/div><\/div><\/div><\/section><section class=\"l-section wpb_row height_huge color_alternate with_shape\"><div class=\"l-section-shape type_zigzag pos_top\" style=\"height:3vmin;\"><svg xmlns=\"http:\/\/www.w3.org\/2000\/svg\" viewBox=\"0 0 64 8\" preserveAspectRatio=\"none\" width=\"100%\" height=\"100%\">\r\n\t<path fill=\"currentColor\" d=\"M64 8 L0 8 L0 0 L20 7.9 L40 3 L48 5 L64 0 Z\"\/>\r\n<\/svg><\/div><div class=\"l-section-shape type_zigzag pos_bottom\" style=\"height:3vmin;\"><svg xmlns=\"http:\/\/www.w3.org\/2000\/svg\" viewBox=\"0 0 64 8\" preserveAspectRatio=\"none\" width=\"100%\" height=\"100%\">\r\n\t<path fill=\"currentColor\" d=\"M64 8 L0 8 L0 0 L20 7.9 L40 3 L48 5 L64 0 Z\"\/>\r\n<\/svg><\/div><div class=\"l-section-h i-cf\"><div class=\"g-cols vc_row via_flex valign_top type_default stacking_default\"><div class=\"vc_col-sm-6 wpb_column vc_column_container\"><div class=\"vc_column-inner\"><div class=\"wpb_wrapper\"><div class=\"wpb_text_column\"><div class=\"wpb_wrapper\"><h2 id=\"alcazar-bienal\">O Real Alc\u00e1zar: patrim\u00f3nio transformado em palco flamenco<\/h2>\n<p>O Real Alc\u00e1zar \u00e9 um dos pal\u00e1cios reais ainda em uso mais antigos do mundo e um dos grandes s\u00edmbolos patrimoniais de Sevilha. A sua arquitetura resulta de s\u00e9culos de transforma\u00e7\u00f5es e da sobreposi\u00e7\u00e3o de diferentes culturas, estilos e \u00e9pocas. Esta condi\u00e7\u00e3o de espa\u00e7o vivo combina especialmente bem com uma Bienal que insiste em relacionar tradi\u00e7\u00e3o, mem\u00f3ria e cria\u00e7\u00e3o contempor\u00e2nea.<\/p>\n<p>A pr\u00f3pria organiza\u00e7\u00e3o indica o <strong>Patio de la Monter\u00eda<\/strong> como palco das tr\u00eas apresenta\u00e7\u00f5es de 2026. \u00c9 um espa\u00e7o monumental situado no cora\u00e7\u00e3o do conjunto palaciano, historicamente associado ao Pal\u00e1cio de Pedro I e transformado, em ocasi\u00f5es especiais, em cen\u00e1rio para concertos e eventos culturais.<\/p>\n<p>A experi\u00eancia ser\u00e1 muito diferente da de um teatro convencional. Aqui, a arquitetura faz parte da perce\u00e7\u00e3o do espet\u00e1culo: o p\u00e1tio, as fachadas palacianas, a noite sevilhana e o car\u00e1ter excecional de entrar no recinto para uma apresenta\u00e7\u00e3o da Bienal alteram a rela\u00e7\u00e3o entre p\u00fablico, cante e espa\u00e7o.<\/p>\n<\/div><\/div><\/div><\/div><\/div><div class=\"vc_col-sm-6 wpb_column vc_column_container\"><div class=\"vc_column-inner\"><div class=\"wpb_wrapper\"><div class=\"wpb_text_column\"><div class=\"wpb_wrapper\"><h2>Uma programa\u00e7\u00e3o com uma identidade muito clara<\/h2>\n<p>Ao contr\u00e1rio de outros espa\u00e7os da Bienal, onde convivem baile, guitarra, experimenta\u00e7\u00e3o e grandes produ\u00e7\u00f5es, o Real Alc\u00e1zar concentra tr\u00eas noites especialmente ligadas ao <strong>cante e \u00e0 mem\u00f3ria flamenca<\/strong>.<\/p>\n<p>Israel Fern\u00e1ndez representa uma gera\u00e7\u00e3o que conhece profundamente a tradi\u00e7\u00e3o, mas a projeta atrav\u00e9s de uma personalidade musical contempor\u00e2nea. Rancapino Chico prop\u00f5e uma estreia absoluta que olha diretamente para os antigos discos de 78 rota\u00e7\u00f5es e para os mestres do cante. E <em>Xerezan\u00edas<\/em> re\u00fane v\u00e1rias das grandes fam\u00edlias cantaoras de Jerez numa Noite \u00danica concebida em torno de formas cl\u00e1ssicas e transmiss\u00e3o oral.<\/p>\n<p>Por isso, se a sua prioridade durante a Bienal \u00e9 o <strong>cante<\/strong>, o ciclo do Alc\u00e1zar pode ser um dos blocos mais coerentes de toda a programa\u00e7\u00e3o.<\/p>\n<\/div><\/div><\/div><\/div><\/div><\/div><\/div><\/section><section class=\"l-section wpb_row height_huge\"><div class=\"l-section-h i-cf\"><div class=\"g-cols vc_row via_flex valign_top type_default stacking_default\"><div class=\"vc_col-sm-12 wpb_column vc_column_container\"><div class=\"vc_column-inner\"><div class=\"wpb_wrapper\"><div class=\"wpb_text_column\"><div class=\"wpb_wrapper\"><h2 id=\"programa-alcazar\">Programa de flamenco no Real Alc\u00e1zar durante a Bienal 2026<\/h2>\n<div style=\"overflow-x: auto;\">\n<table>\n<thead>\n<tr>\n<th>Data<\/th>\n<th>Hora<\/th>\n<th>Artista<\/th>\n<th>Espet\u00e1culo<\/th>\n<th>Tipo<\/th>\n<th>Espa\u00e7o<\/th>\n<\/tr>\n<\/thead>\n<tbody>\n<tr>\n<td><strong>Segunda-feira, 14 de setembro<\/strong><\/td>\n<td>21:30<\/td>\n<td>Israel Fern\u00e1ndez<\/td>\n<td><em>De oro y marfil<\/em><\/td>\n<td>Cante \u00b7 concerto<\/td>\n<td>Patio de la Monter\u00eda<\/td>\n<\/tr>\n<tr>\n<td><strong>Ter\u00e7a-feira, 15 de setembro<\/strong><\/td>\n<td>21:30<\/td>\n<td>Rancapino Chico<\/td>\n<td><em>Pizarra<\/em><\/td>\n<td><strong>Estreia absoluta<\/strong><\/td>\n<td>Patio de la Monter\u00eda<\/td>\n<\/tr>\n<tr>\n<td><strong>Quarta-feira, 16 de setembro<\/strong><\/td>\n<td>21:30<\/td>\n<td>Luis El Zambo, Dolores Agujetas, Antonio de la Malena, Manuel Valencia e Las Tatas de Jerez<\/td>\n<td><em>Xerezan\u00edas<\/em><\/td>\n<td><strong>Noite \u00danica<\/strong><\/td>\n<td>Patio de la Monter\u00eda<\/td>\n<\/tr>\n<\/tbody>\n<\/table>\n<\/div>\n<p><small>Programa segundo as fichas oficiais em vigor a 1 de setembro de 2026. Os hor\u00e1rios e a disponibilidade podem sofrer altera\u00e7\u00f5es.<\/small><\/p>\n<\/div><\/div><\/div><\/div><\/div><\/div><\/div><\/section><section class=\"l-section wpb_row height_huge color_alternate with_shape\"><div class=\"l-section-shape type_zigzag pos_top\" style=\"height:3vmin;\"><svg xmlns=\"http:\/\/www.w3.org\/2000\/svg\" viewBox=\"0 0 64 8\" preserveAspectRatio=\"none\" width=\"100%\" height=\"100%\">\r\n\t<path fill=\"currentColor\" d=\"M64 8 L0 8 L0 0 L20 7.9 L40 3 L48 5 L64 0 Z\"\/>\r\n<\/svg><\/div><div class=\"l-section-shape type_zigzag pos_bottom\" style=\"height:3vmin;\"><svg xmlns=\"http:\/\/www.w3.org\/2000\/svg\" viewBox=\"0 0 64 8\" preserveAspectRatio=\"none\" width=\"100%\" height=\"100%\">\r\n\t<path fill=\"currentColor\" d=\"M64 8 L0 8 L0 0 L20 7.9 L40 3 L48 5 L64 0 Z\"\/>\r\n<\/svg><\/div><div class=\"l-section-h i-cf\"><div class=\"g-cols vc_row via_flex valign_top type_default stacking_default\"><div class=\"vc_col-sm-6 wpb_column vc_column_container\"><div class=\"vc_column-inner\"><div class=\"wpb_wrapper\"><div class=\"wpb_text_column\"><div class=\"wpb_wrapper\"><h2 id=\"israel-fernandez\">14 de setembro: Israel Fern\u00e1ndez e De oro y marfil<\/h2>\n<p>O ciclo come\u00e7a na segunda-feira, dia 14, com <strong>Israel Fern\u00e1ndez<\/strong>, um dos cantaores de maior proje\u00e7\u00e3o da sua gera\u00e7\u00e3o. <em>De oro y marfil<\/em> prop\u00f5e um percurso pela sua forma pessoal de entender o flamenco, combinando composi\u00e7\u00f5es pr\u00f3prias e releituras de pe\u00e7as cl\u00e1ssicas numa encena\u00e7\u00e3o musical mais ampla do que o recital tradicional.<\/p>\n<p>A ficha oficial apresenta o pr\u00f3prio Israel no cante, <strong>Diego del Morao<\/strong> na guitarra, An\u00e9 Carrasco na percuss\u00e3o, Pirulo e Marcos Carpio nas palmas e coros, al\u00e9m de um grupo de cordas e vozes. Este formato permite ouvir o cante em diferentes n\u00edveis de intensidade, desde o \u00edntimo at\u00e9 uma arquitetura musical mais envolvente.<\/p>\n<p>A rela\u00e7\u00e3o entre Israel Fern\u00e1ndez e Diego del Morao \u00e9 tamb\u00e9m uma das associa\u00e7\u00f5es criativas mais reconhec\u00edveis do flamenco recente. Num espa\u00e7o como o Patio de la Monter\u00eda, esta combina\u00e7\u00e3o pode ser especialmente atrativa para quem procura uma primeira noite acess\u00edvel, musical e de elevado n\u00edvel art\u00edstico.<\/p>\n<\/div><\/div><\/div><\/div><\/div><div class=\"vc_col-sm-6 wpb_column vc_column_container\"><div class=\"vc_column-inner\"><div class=\"wpb_wrapper\"><div class=\"wpb_text_column\"><div class=\"wpb_wrapper\"><h2>A quem recomendamos esta noite?<\/h2>\n<p>A atua\u00e7\u00e3o de Israel Fern\u00e1ndez pode ser a op\u00e7\u00e3o mais vers\u00e1til das tr\u00eas se procura uma experi\u00eancia com uma raiz flamenca evidente, mas com uma constru\u00e7\u00e3o musical contempor\u00e2nea.<\/p>\n<p>\u00c9 especialmente recomendada se:<\/p>\n<ul>\n<li>quer ouvir uma das grandes vozes atuais do flamenco;<\/li>\n<li>lhe interessa a guitarra de Diego del Morao;<\/li>\n<li>prefere um espet\u00e1culo musical mais desenvolvido do que um recital de cante despido;<\/li>\n<li>\u00e9 a sua primeira Bienal e procura uma proposta de acesso relativamente direto.<\/li>\n<\/ul>\n<p>Nesse mesmo dia 14 de setembro coincidem outras apresenta\u00e7\u00f5es importantes em Sevilha, pelo que conv\u00e9m evitar combinar espet\u00e1culos com hor\u00e1rios demasiado pr\u00f3ximos. O nosso <a href=\"https:\/\/www.tablaosflamencos.com\/bienal-flamenco-sevilla-2026.html\"><strong>guia geral da Bienal 2026<\/strong><\/a> ajuda a organizar o resto do dia.<\/p>\n<\/div><\/div><\/div><\/div><\/div><\/div><\/div><\/section><section class=\"l-section wpb_row height_huge\"><div class=\"l-section-h i-cf\"><div class=\"g-cols vc_row via_flex valign_top type_default stacking_default\"><div class=\"vc_col-sm-6 wpb_column vc_column_container\"><div class=\"vc_column-inner\"><div class=\"wpb_wrapper\"><div class=\"wpb_text_column\"><div class=\"wpb_wrapper\"><h2 id=\"rancapino\">15 de setembro: Rancapino Chico estreia Pizarra<\/h2>\n<p>A segunda noite \u00e9 uma das mais interessantes para quem acompanha as <strong>estreias absolutas da Bienal 2026<\/strong>. Rancapino Chico apresenta <strong><em>Pizarra<\/em><\/strong>, um projeto constru\u00eddo a partir dos antigos registos de 78 rpm e da mem\u00f3ria sonora dos grandes mestres.<\/p>\n<p>A proposta n\u00e3o pretende transformar o arquivo numa reconstru\u00e7\u00e3o museol\u00f3gica. Rancapino Chico parte dessas grava\u00e7\u00f5es para regressar \u00e0 origem dos cantes e enfrent\u00e1-los com a sua pr\u00f3pria voz, a sua heran\u00e7a familiar e a liberdade do momento. A ficha art\u00edstica anuncia <strong>Antonio Higuero<\/strong> na guitarra e Edu G\u00f3mez e Naim Real nas palmas e jaleos.<\/p>\n<p>Numa edi\u00e7\u00e3o com numerosos projetos de investiga\u00e7\u00e3o e vanguarda, <em>Pizarra<\/em> recorda que tamb\u00e9m pode existir cria\u00e7\u00e3o nova olhando profundamente para tr\u00e1s.<\/p>\n<\/div><\/div><\/div><\/div><\/div><div class=\"vc_col-sm-6 wpb_column vc_column_container\"><div class=\"vc_column-inner\"><div class=\"wpb_wrapper\"><div class=\"wpb_text_column\"><div class=\"wpb_wrapper\"><h2>Uma noite para quem procura cante cl\u00e1ssico e genealogia<\/h2>\n<p>Rancapino Chico pertence a uma fam\u00edlia de enorme tradi\u00e7\u00e3o flamenca e construiu grande parte da sua identidade art\u00edstica em torno dos cantes de C\u00e1dis, dos estilos cl\u00e1ssicos e de uma forma de cantar que reivindica a transmiss\u00e3o entre gera\u00e7\u00f5es.<\/p>\n<p>A escolha do Real Alc\u00e1zar refor\u00e7a esse discurso: uma estreia absoluta dedicada \u00e0s fontes do cante num dos espa\u00e7os hist\u00f3ricos mais importantes de Sevilha.<\/p>\n<p>Se lhe interessam especialmente as novas produ\u00e7\u00f5es que nascem na Bienal, pode complementar esta apresenta\u00e7\u00e3o com o nosso guia das <a href=\"https:\/\/www.tablaosflamencos.com\/grandes-estrenos-bienal-flamenco-sevilla-2026.html\"><strong>grandes estreias da Bienal 2026<\/strong><\/a>.<\/p>\n<\/div><\/div><\/div><\/div><\/div><\/div><\/div><\/section><section class=\"l-section wpb_row height_huge color_alternate with_shape\"><div class=\"l-section-shape type_zigzag pos_top\" style=\"height:3vmin;\"><svg xmlns=\"http:\/\/www.w3.org\/2000\/svg\" viewBox=\"0 0 64 8\" preserveAspectRatio=\"none\" width=\"100%\" height=\"100%\">\r\n\t<path fill=\"currentColor\" d=\"M64 8 L0 8 L0 0 L20 7.9 L40 3 L48 5 L64 0 Z\"\/>\r\n<\/svg><\/div><div class=\"l-section-shape type_zigzag pos_bottom\" style=\"height:3vmin;\"><svg xmlns=\"http:\/\/www.w3.org\/2000\/svg\" viewBox=\"0 0 64 8\" preserveAspectRatio=\"none\" width=\"100%\" height=\"100%\">\r\n\t<path fill=\"currentColor\" d=\"M64 8 L0 8 L0 0 L20 7.9 L40 3 L48 5 L64 0 Z\"\/>\r\n<\/svg><\/div><div class=\"l-section-h i-cf\"><div class=\"g-cols vc_row via_flex valign_top type_default stacking_default\"><div class=\"vc_col-sm-6 wpb_column vc_column_container\"><div class=\"vc_column-inner\"><div class=\"wpb_wrapper\"><div class=\"wpb_text_column\"><div class=\"wpb_wrapper\"><h2 id=\"xerezanias\">16 de setembro: Xerezan\u00edas, uma Noite \u00danica jerezana<\/h2>\n<p>Na quarta-feira, dia 16, o Real Alc\u00e1zar muda o foco individual para uma reuni\u00e3o de grandes sagas. <strong><em>Xerezan\u00edas<\/em><\/strong> re\u00fane Luis El Zambo, Dolores Agujetas, Antonio de la Malena, Manuel Valencia e Las Tatas de Jerez numa proposta que a Bienal classifica como <strong>Noite \u00danica<\/strong>.<\/p>\n<p>A ideia \u00e9 valorizar as formas cl\u00e1ssicas do cante jerezano atrav\u00e9s de artistas estreitamente ligados a fam\u00edlias e bairros fundamentais na hist\u00f3ria flamenca de Jerez. Os Zambo remetem para o bairro de Santiago; os Agujetas para La Plazuela; e os Malena representam uma das liga\u00e7\u00f5es hist\u00f3ricas entre Jerez e Lebrija.<\/p>\n<p>Manuel Valencia dirige uma noite em que o cante e a guitarra ocupam o centro e Las Tatas de Jerez acrescentam a dimens\u00e3o festiva das buler\u00edas.<\/p>\n<\/div><\/div><\/div><\/div><\/div><div class=\"vc_col-sm-6 wpb_column vc_column_container\"><div class=\"vc_column-inner\"><div class=\"wpb_wrapper\"><div class=\"wpb_text_column\"><div class=\"wpb_wrapper\"><h2>A op\u00e7\u00e3o mais irrepet\u00edvel das tr\u00eas<\/h2>\n<p>Se Israel Fern\u00e1ndez oferece uma grande produ\u00e7\u00e3o de cante atual e Rancapino Chico apresenta uma estreia absoluta, <em>Xerezan\u00edas<\/em> joga outra carta: <strong>a reuni\u00e3o<\/strong>.<\/p>\n<p>A pr\u00f3pria designa\u00e7\u00e3o Noite \u00danica indica que a Bienal concebe o espet\u00e1culo como uma combina\u00e7\u00e3o criada especificamente para esta edi\u00e7\u00e3o e esta data. Para um aficionado interessado em Jerez, nas fam\u00edlias cantaoras e no cante transmitido pela conviv\u00eancia, pode ser um dos encontros mais singulares do ciclo.<\/p>\n<p>\u00c9 tamb\u00e9m uma boa escolha para quem j\u00e1 viu alguns destes artistas separadamente e quer viv\u00ea-los dentro de uma estrutura coletiva e num espa\u00e7o excecional.<\/p>\n<\/div><\/div><\/div><\/div><\/div><\/div><\/div><\/section><section class=\"l-section wpb_row height_huge\"><div class=\"l-section-h i-cf\"><div class=\"g-cols vc_row via_flex valign_top type_default stacking_default\"><div class=\"vc_col-sm-12 wpb_column vc_column_container\"><div class=\"vc_column-inner\"><div class=\"wpb_wrapper\"><div class=\"wpb_text_column\"><div class=\"wpb_wrapper\"><h2 id=\"que-elegir\" style=\"text-align: center;\">Que noite escolher no Real Alc\u00e1zar<\/h2>\n<p style=\"text-align: center;\">As tr\u00eas apresenta\u00e7\u00f5es partilham hor\u00e1rio e espa\u00e7o, mas oferecem experi\u00eancias bastante diferentes.<\/p>\n<\/div><\/div><div class=\"w-separator size_medium\"><\/div><div class=\"g-cols wpb_row via_flex valign_top type_default stacking_default\"><div class=\"vc_col-sm-4 wpb_column vc_column_container\"><div class=\"vc_column-inner\"><div class=\"wpb_wrapper\"><div class=\"wpb_text_column\"><div class=\"wpb_wrapper\"><h3>Israel Fern\u00e1ndez<\/h3>\n<p><strong>Escolha o dia 14 se procura:<\/strong><\/p>\n<ul>\n<li>uma grande voz atual;<\/li>\n<li>Diego del Morao na guitarra;<\/li>\n<li>uma produ\u00e7\u00e3o musical ampla;<\/li>\n<li>tradi\u00e7\u00e3o com linguagem contempor\u00e2nea.<\/li>\n<\/ul>\n<\/div><\/div><\/div><\/div><\/div><div class=\"vc_col-sm-4 wpb_column vc_column_container\"><div class=\"vc_column-inner\"><div class=\"wpb_wrapper\"><div class=\"wpb_text_column\"><div class=\"wpb_wrapper\"><h3>Rancapino Chico<\/h3>\n<p><strong>Escolha o dia 15 se procura:<\/strong><\/p>\n<ul>\n<li>uma estreia absoluta;<\/li>\n<li>cante cl\u00e1ssico;<\/li>\n<li>a mem\u00f3ria dos antigos discos de 78 rota\u00e7\u00f5es;<\/li>\n<li>uma proposta centrada na raiz.<\/li>\n<\/ul>\n<\/div><\/div><\/div><\/div><\/div><div class=\"vc_col-sm-4 wpb_column vc_column_container\"><div class=\"vc_column-inner\"><div class=\"wpb_wrapper\"><div class=\"wpb_text_column\"><div class=\"wpb_wrapper\"><h3>Xerezan\u00edas<\/h3>\n<p><strong>Escolha o dia 16 se procura:<\/strong><\/p>\n<ul>\n<li>uma Noite \u00danica;<\/li>\n<li>cante jerezano;<\/li>\n<li>grandes fam\u00edlias flamencas;<\/li>\n<li>uma experi\u00eancia coletiva dif\u00edcil de repetir.<\/li>\n<\/ul>\n<\/div><\/div><\/div><\/div><\/div><\/div><\/div><\/div><\/div><\/div><\/div><\/section><section class=\"l-section wpb_row height_huge color_alternate with_shape\"><div class=\"l-section-shape type_zigzag pos_top\" style=\"height:3vmin;\"><svg xmlns=\"http:\/\/www.w3.org\/2000\/svg\" viewBox=\"0 0 64 8\" preserveAspectRatio=\"none\" width=\"100%\" height=\"100%\">\r\n\t<path fill=\"currentColor\" d=\"M64 8 L0 8 L0 0 L20 7.9 L40 3 L48 5 L64 0 Z\"\/>\r\n<\/svg><\/div><div class=\"l-section-shape type_zigzag pos_bottom\" style=\"height:3vmin;\"><svg xmlns=\"http:\/\/www.w3.org\/2000\/svg\" viewBox=\"0 0 64 8\" preserveAspectRatio=\"none\" width=\"100%\" height=\"100%\">\r\n\t<path fill=\"currentColor\" d=\"M64 8 L0 8 L0 0 L20 7.9 L40 3 L48 5 L64 0 Z\"\/>\r\n<\/svg><\/div><div class=\"l-section-h i-cf\"><div class=\"g-cols vc_row via_flex valign_top type_default stacking_default\"><div class=\"vc_col-sm-6 wpb_column vc_column_container\"><div class=\"vc_column-inner\"><div class=\"wpb_wrapper\"><div class=\"wpb_text_column\"><div class=\"wpb_wrapper\"><h2 id=\"entradas-alcazar\">Bilhetes para o flamenco no Real Alc\u00e1zar<\/h2>\n<p>A informa\u00e7\u00e3o oficial de venda da XXIV Bienal fixa para o <strong>Real Alc\u00e1zar um pre\u00e7o geral de 30 \u20ac<\/strong> por bilhete. A compra \u00e9 efetuada atrav\u00e9s dos canais oficiais ligados a partir da ficha de cada espet\u00e1culo.<\/p>\n<p>A disponibilidade \u00e9 din\u00e2mica. Uma apresenta\u00e7\u00e3o que hoje aparece \u00e0 venda pode esgotar mais tarde, sobretudo \u00e0 medida que se aproximam as datas do festival. Por isso, recomendamos consultar a ficha espec\u00edfica antes de fechar outros planos para a noite.<\/p>\n<p>N\u00e3o recomendamos recorrer a revenda n\u00e3o verificada. Se uma das tr\u00eas noites esgotar, consulte primeiro os canais oficiais e depois considere alternativas dentro da pr\u00f3pria programa\u00e7\u00e3o da Bienal ou na oferta regular de flamenco da cidade.<\/p>\n<\/div><\/div><div class=\"w-separator size_medium\"><\/div><div class=\"w-btn-wrapper align_none\"><a class=\"w-btn us-btn-style_1\" target=\"_blank\" href=\"https:\/\/www.labienal.com\/venta-de-entradas-xxiv-bienal-de-flamenco-sevilla-2026\"><span class=\"w-btn-label\">Informa\u00e7\u00e3o oficial de bilhetes<\/span><\/a><\/div><\/div><\/div><\/div><div class=\"vc_col-sm-6 wpb_column vc_column_container\"><div class=\"vc_column-inner\"><div class=\"wpb_wrapper\"><div class=\"wpb_text_column\"><div class=\"wpb_wrapper\"><h2>O que acontece se j\u00e1 n\u00e3o houver bilhetes?<\/h2>\n<p>O Alc\u00e1zar oferece apenas tr\u00eas apresenta\u00e7\u00f5es em toda a Bienal, pelo que a possibilidade de acrescentar datas \u00e9 limitada. Se a sua primeira escolha estiver esgotada, o programa desses dias mant\u00e9m outros espet\u00e1culos em espa\u00e7os como a Real F\u00e1brica de Artiller\u00eda, o Teatro Central, o Teatro Alameda ou o Espacio Turina.<\/p>\n<p>Tamb\u00e9m pode utilizar o nosso guia sobre <a href=\"https:\/\/www.tablaosflamencos.com\/bienal-flamenco-2026-entradas-agotadas-que-ver.html\"><strong>o que ver quando os bilhetes da Bienal est\u00e3o esgotados<\/strong><\/a>.<\/p>\n<p>E se quiser uma experi\u00eancia diferente da Bienal, mas igualmente centrada no flamenco ao vivo, os <a href=\"https:\/\/www.tablaosflamencos.com\/flamenco-en-sevilla\"><strong>tablaos flamencos de Sevilha<\/strong><\/a> mant\u00eam a sua programa\u00e7\u00e3o habitual durante o festival.<\/p>\n<\/div><\/div><\/div><\/div><\/div><\/div><\/div><\/section><section class=\"l-section wpb_row height_huge\"><div class=\"l-section-h i-cf\"><div class=\"g-cols vc_row via_flex valign_top type_default stacking_default\"><div class=\"vc_col-sm-6 wpb_column vc_column_container\"><div class=\"vc_column-inner\"><div class=\"wpb_wrapper\"><div class=\"wpb_text_column\"><div class=\"wpb_wrapper\"><h2 id=\"como-llegar\">Como chegar ao Real Alc\u00e1zar para a Bienal<\/h2>\n<p>A ficha do espa\u00e7o da Bienal utiliza como refer\u00eancia o <strong>Patio de Banderas<\/strong>, em pleno centro monumental de Sevilha. A zona \u00e9 particularmente c\u00f3moda para chegar a p\u00e9 desde a Catedral, o Archivo de Indias, Puerta Jerez, Santa Cruz e grande parte do centro hist\u00f3rico.<\/p>\n<p>Entre as op\u00e7\u00f5es de transporte p\u00fablico indicadas pela organiza\u00e7\u00e3o est\u00e3o:<\/p>\n<ul>\n<li><strong>Metro:<\/strong> Linha 1, esta\u00e7\u00e3o Puerta Jerez.<\/li>\n<li><strong>Metrocentro:<\/strong> paragem Archivo de Indias.<\/li>\n<li><strong>Autocarro TUSSAM:<\/strong> C5, C4, C3, 21, 40, 41 e EA, com v\u00e1rias paragens nas imedia\u00e7\u00f5es.<\/li>\n<li><strong>T\u00e1xi:<\/strong> existem pra\u00e7as pr\u00f3ximas em Puerta Jerez e na Avenida de la Constituci\u00f3n.<\/li>\n<\/ul>\n<p>Por se tratar do centro hist\u00f3rico, recomendamos chegar com anteced\u00eancia e seguir as indica\u00e7\u00f5es espec\u00edficas de acesso publicadas pela organiza\u00e7\u00e3o para cada apresenta\u00e7\u00e3o.<\/p>\n<\/div><\/div><\/div><\/div><\/div><div class=\"vc_col-sm-6 wpb_column vc_column_container\"><div class=\"vc_column-inner\"><div class=\"wpb_wrapper\"><div class=\"wpb_text_column\"><div class=\"wpb_wrapper\"><h2>Planeie bem a noite<\/h2>\n<p>As tr\u00eas apresenta\u00e7\u00f5es come\u00e7am \u00e0s <strong>21:30<\/strong>. Isso permite jantar cedo no centro ou deixar o jantar para depois, mas n\u00e3o \u00e9 aconselh\u00e1vel planear combina\u00e7\u00f5es demasiado apertadas com outro espet\u00e1culo anterior.<\/p>\n<p>Por exemplo, a 14 de setembro Ana Morales atua \u00e0s 21:00 na Real F\u00e1brica de Artiller\u00eda e Macarena L\u00f3pez \u00e0s 22:30 no Teatro Alameda. N\u00e3o s\u00e3o combina\u00e7\u00f5es razo\u00e1veis com Israel Fern\u00e1ndez no Alc\u00e1zar. O mesmo acontece no dia 15 com outros espet\u00e1culos noturnos.<\/p>\n<p>A vantagem do Alc\u00e1zar \u00e9 que, no final, estar\u00e1 em pleno cora\u00e7\u00e3o monumental, com o centro hist\u00f3rico a poucos minutos a p\u00e9. Se a sua prioridade \u00e9 desfrutar do espa\u00e7o, recomendamos n\u00e3o transformar essa noite numa corrida entre recintos.<\/p>\n<\/div><\/div><\/div><\/div><\/div><\/div><\/div><\/section><section class=\"l-section wpb_row height_huge color_alternate with_shape\"><div class=\"l-section-shape type_zigzag pos_top\" style=\"height:3vmin;\"><svg xmlns=\"http:\/\/www.w3.org\/2000\/svg\" viewBox=\"0 0 64 8\" preserveAspectRatio=\"none\" width=\"100%\" height=\"100%\">\r\n\t<path fill=\"currentColor\" d=\"M64 8 L0 8 L0 0 L20 7.9 L40 3 L48 5 L64 0 Z\"\/>\r\n<\/svg><\/div><div class=\"l-section-shape type_zigzag pos_bottom\" style=\"height:3vmin;\"><svg xmlns=\"http:\/\/www.w3.org\/2000\/svg\" viewBox=\"0 0 64 8\" preserveAspectRatio=\"none\" width=\"100%\" height=\"100%\">\r\n\t<path fill=\"currentColor\" d=\"M64 8 L0 8 L0 0 L20 7.9 L40 3 L48 5 L64 0 Z\"\/>\r\n<\/svg><\/div><div class=\"l-section-h i-cf\"><div class=\"g-cols vc_row via_flex valign_top type_default stacking_default\"><div class=\"vc_col-sm-6 wpb_column vc_column_container\"><div class=\"vc_column-inner\"><div class=\"wpb_wrapper\"><div class=\"wpb_text_column\"><div class=\"wpb_wrapper\"><h2 id=\"visita-alcazar\">\u00c9 poss\u00edvel combinar o espet\u00e1culo com uma visita tur\u00edstica ao Alc\u00e1zar?<\/h2>\n<p>Sim, pode organizar ambas as experi\u00eancias no mesmo dia, mas conv\u00e9m trat\u00e1-las como <strong>atividades distintas<\/strong>. A visita tur\u00edstica habitual ao Real Alc\u00e1zar tem os seus pr\u00f3prios hor\u00e1rios, tarifas e sistema de bilhetes. Em setembro, o hor\u00e1rio normal publicado corresponde ao regime de ver\u00e3o, enquanto os espet\u00e1culos da Bienal come\u00e7am \u00e0s 21:30.<\/p>\n<p>Por isso, n\u00e3o parta do princ\u00edpio de que um bilhete da Bienal equivale a uma visita completa ao monumento. Se quiser conhecer os pal\u00e1cios e jardins durante o dia e regressar \u00e0 noite para o espet\u00e1culo, consulte separadamente as informa\u00e7\u00f5es oficiais do Alc\u00e1zar e o bilhete da Bienal.<\/p>\n<p>A combina\u00e7\u00e3o pode, ainda assim, ser um dos programas culturais mais completos da edi\u00e7\u00e3o: conhecer o monumento \u00e0 luz do dia e regressar algumas horas depois para o ouvir transformado em palco flamenco.<\/p>\n<\/div><\/div><div class=\"w-separator size_medium\"><\/div><div class=\"w-btn-wrapper align_none\"><a class=\"w-btn us-btn-style_1\" target=\"_blank\" href=\"https:\/\/alcazarsevilla.org\/prepara-la-visita\/\"><span class=\"w-btn-label\">Informa\u00e7\u00e3o oficial do Real Alc\u00e1zar<\/span><\/a><\/div><\/div><\/div><\/div><div class=\"vc_col-sm-6 wpb_column vc_column_container\"><div class=\"vc_column-inner\"><div class=\"wpb_wrapper\"><div class=\"wpb_text_column\"><div class=\"wpb_wrapper\"><h2>Porque este espa\u00e7o combina especialmente bem com o cante<\/h2>\n<p>A sele\u00e7\u00e3o art\u00edstica de 2026 parece concebida para que o espa\u00e7o tenha um papel real na programa\u00e7\u00e3o. As tr\u00eas noites s\u00e3o atravessadas por ideias de mem\u00f3ria, genealogia e transmiss\u00e3o.<\/p>\n<p>Israel Fern\u00e1ndez revisita repert\u00f3rios cl\u00e1ssicos com uma voz atual. Rancapino Chico transforma as primeiras grava\u00e7\u00f5es flamencas no ponto de partida para uma nova estreia. <em>Xerezan\u00edas<\/em> leva ao palco fam\u00edlias que representam formas de transmiss\u00e3o em que o flamenco se aprende tanto na conviv\u00eancia como nos palcos.<\/p>\n<p>O Alc\u00e1zar, um edif\u00edcio que re\u00fane s\u00e9culos de hist\u00f3ria sem pertencer a uma \u00fanica \u00e9poca, funciona assim como algo mais do que um fundo monumental. Torna-se uma met\u00e1fora bastante precisa destas tr\u00eas noites: <strong>uma heran\u00e7a que permanece viva porque continua a transformar-se<\/strong>.<\/p>\n<\/div><\/div><\/div><\/div><\/div><\/div><\/div><\/section><section class=\"l-section wpb_row height_huge\"><div class=\"l-section-h i-cf\"><div class=\"g-cols vc_row via_flex valign_top type_default stacking_default\"><div class=\"vc_col-sm-1\/5 wpb_column vc_column_container\"><div class=\"vc_column-inner\"><div class=\"wpb_wrapper\"><\/div><\/div><\/div><div class=\"vc_col-sm-3\/5 wpb_column vc_column_container\"><div class=\"vc_column-inner\"><div class=\"wpb_wrapper\"><div class=\"wpb_text_column\"><div class=\"wpb_wrapper\"><h2 id=\"faq-alcazar\" style=\"text-align: center;\">Perguntas frequentes sobre o flamenco no Real Alc\u00e1zar durante a Bienal 2026<\/h2>\n<\/div><\/div><div class=\"w-separator size_medium\"><\/div><div class=\"w-tabs accordion toggle_style_1 has_scrolling\" style=\"--sections-title-size:inherit;--sections-gap:0.5rem;\"><div class=\"w-tabs-sections titles-align_none icon_plus cpos_left\"><div class=\"w-tabs-section\" id=\"vf8a\" itemscope itemprop=\"mainEntity\" itemtype=\"https:\/\/schema.org\/Question\"><button type=\"button\" class=\"w-tabs-section-header\" aria-controls=\"content-vf8a\" aria-expanded=\"false\"><h3 class=\"w-tabs-section-title\" itemprop=\"name\">Em que dias h\u00e1 flamenco no Real Alc\u00e1zar durante a Bienal 2026?<\/h3><div class=\"w-tabs-section-control\"><\/div><\/button><div  class=\"w-tabs-section-content\" id=\"content-vf8a\" itemscope itemprop=\"acceptedAnswer\" itemtype=\"https:\/\/schema.org\/Answer\"><div class=\"w-tabs-section-content-h i-cf\" itemprop=\"text\"><div class=\"wpb_text_column\"><div class=\"wpb_wrapper\"><p>O Real Alc\u00e1zar acolher\u00e1 apresenta\u00e7\u00f5es nos dias <strong>14, 15 e 16 de setembro de 2026<\/strong>, todas \u00e0s 21:30 no Patio de la Monter\u00eda.<\/p>\n<\/div><\/div><\/div><\/div><\/div><div class=\"w-tabs-section\" id=\"e09f\" itemscope itemprop=\"mainEntity\" itemtype=\"https:\/\/schema.org\/Question\"><button type=\"button\" class=\"w-tabs-section-header\" aria-controls=\"content-e09f\" aria-expanded=\"false\"><h3 class=\"w-tabs-section-title\" itemprop=\"name\">Quem atua no Real Alc\u00e1zar na Bienal 2026?<\/h3><div class=\"w-tabs-section-control\"><\/div><\/button><div  class=\"w-tabs-section-content\" id=\"content-e09f\" itemscope itemprop=\"acceptedAnswer\" itemtype=\"https:\/\/schema.org\/Answer\"><div class=\"w-tabs-section-content-h i-cf\" itemprop=\"text\"><div class=\"wpb_text_column\"><div class=\"wpb_wrapper\"><p>A 14 de setembro atua Israel Fern\u00e1ndez com <em>De oro y marfil<\/em>; no dia 15 Rancapino Chico estreia <em>Pizarra<\/em>; e no dia 16 realiza-se <em>Xerezan\u00edas<\/em> com Luis El Zambo, Dolores Agujetas, Antonio de la Malena, Manuel Valencia e Las Tatas de Jerez.<\/p>\n<\/div><\/div><\/div><\/div><\/div><div class=\"w-tabs-section\" id=\"e1a7\" itemscope itemprop=\"mainEntity\" itemtype=\"https:\/\/schema.org\/Question\"><button type=\"button\" class=\"w-tabs-section-header\" aria-controls=\"content-e1a7\" aria-expanded=\"false\"><h3 class=\"w-tabs-section-title\" itemprop=\"name\">A que horas come\u00e7am os espet\u00e1culos?<\/h3><div class=\"w-tabs-section-control\"><\/div><\/button><div  class=\"w-tabs-section-content\" id=\"content-e1a7\" itemscope itemprop=\"acceptedAnswer\" itemtype=\"https:\/\/schema.org\/Answer\"><div class=\"w-tabs-section-content-h i-cf\" itemprop=\"text\"><div class=\"wpb_text_column\"><div class=\"wpb_wrapper\"><p>As tr\u00eas apresenta\u00e7\u00f5es est\u00e3o programadas para as <strong>21:30<\/strong>.<\/p>\n<\/div><\/div><\/div><\/div><\/div><div class=\"w-tabs-section\" id=\"t298\" itemscope itemprop=\"mainEntity\" itemtype=\"https:\/\/schema.org\/Question\"><button type=\"button\" class=\"w-tabs-section-header\" aria-controls=\"content-t298\" aria-expanded=\"false\"><h3 class=\"w-tabs-section-title\" itemprop=\"name\">Onde se realizam exatamente?<\/h3><div class=\"w-tabs-section-control\"><\/div><\/button><div  class=\"w-tabs-section-content\" id=\"content-t298\" itemscope itemprop=\"acceptedAnswer\" itemtype=\"https:\/\/schema.org\/Answer\"><div class=\"w-tabs-section-content-h i-cf\" itemprop=\"text\"><div class=\"wpb_text_column\"><div class=\"wpb_wrapper\"><p>A Bienal situa as tr\u00eas apresenta\u00e7\u00f5es no <strong>Patio de la Monter\u00eda do Real Alc\u00e1zar de Sevilha<\/strong>.<\/p>\n<\/div><\/div><\/div><\/div><\/div><div class=\"w-tabs-section\" id=\"c38e\" itemscope itemprop=\"mainEntity\" itemtype=\"https:\/\/schema.org\/Question\"><button type=\"button\" class=\"w-tabs-section-header\" aria-controls=\"content-c38e\" aria-expanded=\"false\"><h3 class=\"w-tabs-section-title\" itemprop=\"name\">Quanto custam os bilhetes?<\/h3><div class=\"w-tabs-section-control\"><\/div><\/button><div  class=\"w-tabs-section-content\" id=\"content-c38e\" itemscope itemprop=\"acceptedAnswer\" itemtype=\"https:\/\/schema.org\/Answer\"><div class=\"w-tabs-section-content-h i-cf\" itemprop=\"text\"><div class=\"wpb_text_column\"><div class=\"wpb_wrapper\"><p>A informa\u00e7\u00e3o oficial de venda da XXIV Bienal publica um pre\u00e7o geral de <strong>30 \u20ac<\/strong> para os espet\u00e1culos do Real Alc\u00e1zar. Consulte a ficha de cada apresenta\u00e7\u00e3o para verificar eventuais altera\u00e7\u00f5es ou disponibilidade limitada.<\/p>\n<\/div><\/div><\/div><\/div><\/div><div class=\"w-tabs-section\" id=\"t470\" itemscope itemprop=\"mainEntity\" itemtype=\"https:\/\/schema.org\/Question\"><button type=\"button\" class=\"w-tabs-section-header\" aria-controls=\"content-t470\" aria-expanded=\"false\"><h3 class=\"w-tabs-section-title\" itemprop=\"name\">Pizarra de Rancapino Chico \u00e9 uma estreia?<\/h3><div class=\"w-tabs-section-control\"><\/div><\/button><div  class=\"w-tabs-section-content\" id=\"content-t470\" itemscope itemprop=\"acceptedAnswer\" itemtype=\"https:\/\/schema.org\/Answer\"><div class=\"w-tabs-section-content-h i-cf\" itemprop=\"text\"><div class=\"wpb_text_column\"><div class=\"wpb_wrapper\"><p>Sim. <em>Pizarra<\/em> \u00e9 classificado pela Bienal como <strong>estreia absoluta<\/strong> e ser\u00e1 apresentado a 15 de setembro \u00e0s 21:30.<\/p>\n<\/div><\/div><\/div><\/div><\/div><div class=\"w-tabs-section\" id=\"g55b\" itemscope itemprop=\"mainEntity\" itemtype=\"https:\/\/schema.org\/Question\"><button type=\"button\" class=\"w-tabs-section-header\" aria-controls=\"content-g55b\" aria-expanded=\"false\"><h3 class=\"w-tabs-section-title\" itemprop=\"name\">Xerezan\u00edas \u00e9 apresentado mais do que uma vez?<\/h3><div class=\"w-tabs-section-control\"><\/div><\/button><div  class=\"w-tabs-section-content\" id=\"content-g55b\" itemscope itemprop=\"acceptedAnswer\" itemtype=\"https:\/\/schema.org\/Answer\"><div class=\"w-tabs-section-content-h i-cf\" itemprop=\"text\"><div class=\"wpb_text_column\"><div class=\"wpb_wrapper\"><p>A Bienal apresenta <em>Xerezan\u00edas<\/em> como <strong>Noite \u00danica<\/strong> a 16 de setembro, pelo que o seu principal atrativo \u00e9 precisamente esta reuni\u00e3o excecional do elenco numa \u00fanica data.<\/p>\n<\/div><\/div><\/div><\/div><\/div><div class=\"w-tabs-section\" id=\"p62d\" itemscope itemprop=\"mainEntity\" itemtype=\"https:\/\/schema.org\/Question\"><button type=\"button\" class=\"w-tabs-section-header\" aria-controls=\"content-p62d\" aria-expanded=\"false\"><h3 class=\"w-tabs-section-title\" itemprop=\"name\">O bilhete do espet\u00e1culo inclui uma visita ao Real Alc\u00e1zar?<\/h3><div class=\"w-tabs-section-control\"><\/div><\/button><div  class=\"w-tabs-section-content\" id=\"content-p62d\" itemscope itemprop=\"acceptedAnswer\" itemtype=\"https:\/\/schema.org\/Answer\"><div class=\"w-tabs-section-content-h i-cf\" itemprop=\"text\"><div class=\"wpb_text_column\"><div class=\"wpb_wrapper\"><p>A visita tur\u00edstica habitual ao Real Alc\u00e1zar e os espet\u00e1culos da Bienal t\u00eam hor\u00e1rios e bilhetes diferentes. Se quiser visitar o monumento durante o dia, recomendamos reservar e consultar essa visita separadamente.<\/p>\n<\/div><\/div><\/div><\/div><\/div><div class=\"w-tabs-section\" id=\"h70b\" itemscope itemprop=\"mainEntity\" itemtype=\"https:\/\/schema.org\/Question\"><button type=\"button\" class=\"w-tabs-section-header\" aria-controls=\"content-h70b\" aria-expanded=\"false\"><h3 class=\"w-tabs-section-title\" itemprop=\"name\">Como chego ao Real Alc\u00e1zar?<\/h3><div class=\"w-tabs-section-control\"><\/div><\/button><div  class=\"w-tabs-section-content\" id=\"content-h70b\" itemscope itemprop=\"acceptedAnswer\" itemtype=\"https:\/\/schema.org\/Answer\"><div class=\"w-tabs-section-content-h i-cf\" itemprop=\"text\"><div class=\"wpb_text_column\"><div class=\"wpb_wrapper\"><p>O recinto situa-se no centro monumental de Sevilha. A Bienal usa o Patio de Banderas como refer\u00eancia. As op\u00e7\u00f5es de transporte p\u00fablico mais c\u00f3modas s\u00e3o o Metro at\u00e9 Puerta Jerez e o Metrocentro at\u00e9 Archivo de Indias, al\u00e9m de v\u00e1rias linhas TUSSAM.<\/p>\n<\/div><\/div><\/div><\/div><\/div><div class=\"w-tabs-section\" id=\"l7eb\" itemscope itemprop=\"mainEntity\" itemtype=\"https:\/\/schema.org\/Question\"><button type=\"button\" class=\"w-tabs-section-header\" aria-controls=\"content-l7eb\" aria-expanded=\"false\"><h3 class=\"w-tabs-section-title\" itemprop=\"name\">Onde posso comprar os bilhetes oficiais?<\/h3><div class=\"w-tabs-section-control\"><\/div><\/button><div  class=\"w-tabs-section-content\" id=\"content-l7eb\" itemscope itemprop=\"acceptedAnswer\" itemtype=\"https:\/\/schema.org\/Answer\"><div class=\"w-tabs-section-content-h i-cf\" itemprop=\"text\"><div class=\"wpb_text_column\"><div class=\"wpb_wrapper\"><p>A forma mais segura \u00e9 consultar a <a href=\"https:\/\/www.labienal.com\/programa-general\/real-alcazar\" target=\"_blank\" rel=\"noopener\"><strong>programa\u00e7\u00e3o oficial do Real Alc\u00e1zar na Bienal<\/strong><\/a> e aceder, a partir da ficha de cada espet\u00e1culo, ao respetivo canal oficial de venda.<\/p>\n<\/div><\/div><\/div><\/div><\/div><\/div><\/div><\/div><\/div><\/div><div class=\"vc_col-sm-1\/5 wpb_column vc_column_container\"><div class=\"vc_column-inner\"><div class=\"wpb_wrapper\"><\/div><\/div><\/div><\/div><\/div><\/section><section class=\"l-section wpb_row height_huge color_alternate with_shape\"><div class=\"l-section-shape type_zigzag pos_top\" style=\"height:3vmin;\"><svg xmlns=\"http:\/\/www.w3.org\/2000\/svg\" viewBox=\"0 0 64 8\" preserveAspectRatio=\"none\" width=\"100%\" height=\"100%\">\r\n\t<path fill=\"currentColor\" d=\"M64 8 L0 8 L0 0 L20 7.9 L40 3 L48 5 L64 0 Z\"\/>\r\n<\/svg><\/div><div class=\"l-section-shape type_zigzag pos_bottom\" style=\"height:3vmin;\"><svg xmlns=\"http:\/\/www.w3.org\/2000\/svg\" viewBox=\"0 0 64 8\" preserveAspectRatio=\"none\" width=\"100%\" height=\"100%\">\r\n\t<path fill=\"currentColor\" d=\"M64 8 L0 8 L0 0 L20 7.9 L40 3 L48 5 L64 0 Z\"\/>\r\n<\/svg><\/div><div class=\"l-section-h i-cf\"><div class=\"g-cols vc_row via_flex valign_top type_default stacking_default\"><div class=\"vc_col-sm-12 wpb_column vc_column_container\"><div class=\"vc_column-inner\"><div class=\"wpb_wrapper\"><div class=\"wpb_text_column\"><div class=\"wpb_wrapper\"><h2 style=\"text-align: center;\">Tr\u00eas noites para ouvir a mem\u00f3ria do flamenco num dos grandes monumentos de Sevilha<\/h2>\n<p style=\"text-align: center;\">O ciclo do Real Alc\u00e1zar \u00e9 pequeno em n\u00famero de apresenta\u00e7\u00f5es, mas muito definido na sua identidade. Em apenas tr\u00eas noites passa de uma das vozes mais importantes do flamenco atual para uma estreia constru\u00edda sobre os registos hist\u00f3ricos do cante e termina reunindo v\u00e1rias sagas jerezanas num encontro \u00fanico.<\/p>\n<p style=\"text-align: center;\">Se procura uma experi\u00eancia de Bienal em que o espa\u00e7o tenha tanto peso como a programa\u00e7\u00e3o, o Patio de la Monter\u00eda \u00e9 um dos locais que merece estar na lista.<\/p>\n<\/div><\/div><div class=\"w-separator size_medium\"><\/div><div class=\"w-hwrapper valign_top wrap stack_on_mobiles align_center\" style=\"--hwrapper-gap:1.2rem\"><div class=\"w-btn-wrapper align_none\"><a class=\"w-btn us-btn-style_1\" href=\"https:\/\/www.tablaosflamencos.com\/pt-pt\/bienal-flamenco-sevilha\"><span class=\"w-btn-label\">Bienal de Flamenco de Sevilha 2026<\/span><\/a><\/div><div class=\"w-btn-wrapper align_none\"><a class=\"w-btn us-btn-style_1\" href=\"https:\/\/www.tablaosflamencos.com\/grandes-estrenos-bienal-flamenco-sevilla-2026.html\"><span class=\"w-btn-label\">Grandes estreias da Bienal<\/span><\/a><\/div><div class=\"w-btn-wrapper align_none\"><a class=\"w-btn us-btn-style_1\" href=\"https:\/\/www.tablaosflamencos.com\/pt-pt\/flamenco-em-sevilha\"><span class=\"w-btn-label\">Ver flamenco em Sevilha<\/span><\/a><\/div><\/div><\/div><\/div><\/div><\/div><\/div><\/section>\n","protected":false},"excerpt":{"rendered":"<p>Guia completo do flamenco no Real Alc\u00e1zar durante a Bienal de Flamenco de Sevilha 2026: programa de 14 a 16 de setembro, artistas, hor\u00e1rios, bilhetes, pre\u00e7o e conselhos pr\u00e1ticos.<\/p>\n","protected":false},"author":1,"featured_media":13859,"comment_status":"closed","ping_status":"closed","sticky":false,"template":"","format":"standard","meta":{"_acf_changed":false,"wpai_generated_summary":"","_ayudawp_aiss_exclude":false,"_ayudawp_aiss_exclude_summary":false,"_ayudawp_aiss_summary":"","_ayudawp_aiss_summary_provider":"","_ayudawp_aiss_summary_hash":"","footnotes":""},"categories":[1430],"tags":[1255,1256,1257,1258,1188,1259],"class_list":["post-13913","post","type-post","status-publish","format-standard","has-post-thumbnail","hentry","category-bienal-flamenco-sevilha","tag-agenda-flamenca","tag-bienal-2026","tag-bienal-de-flamenco","tag-festivales-flamencos","tag-flamenco-en-sevilla","tag-sevilla"],"acf":[],"yoast_head":"<!-- This site is optimized with the Yoast SEO Premium plugin v28.4 (Yoast SEO v28.4) - https:\/\/yoast.com\/product\/yoast-seo-premium-wordpress\/ -->\n<title>Flamenco no Real Alc\u00e1zar: Bienal 2026<\/title>\n<meta name=\"description\" content=\"Guia do flamenco no Real Alc\u00e1zar durante a Bienal 2026: Israel Fern\u00e1ndez, Rancapino Chico e Xerezan\u00edas, datas, hor\u00e1rios, bilhetes e pre\u00e7o.\" \/>\n<meta name=\"robots\" content=\"index, follow, max-snippet:-1, max-image-preview:large, max-video-preview:-1\" \/>\n<link rel=\"canonical\" href=\"https:\/\/www.tablaosflamencos.com\/pt-pt\/flamenco-real-alcazar-bienal-sevilha-2026.html\" \/>\n<meta property=\"og:locale\" content=\"pt_PT\" \/>\n<meta property=\"og:type\" content=\"article\" \/>\n<meta property=\"og:title\" content=\"Flamenco no Real Alc\u00e1zar durante a Bienal 2026\" \/>\n<meta property=\"og:description\" content=\"Guia do flamenco no Real Alc\u00e1zar durante a Bienal 2026: Israel Fern\u00e1ndez, Rancapino Chico e Xerezan\u00edas, datas, hor\u00e1rios, bilhetes e pre\u00e7o.\" \/>\n<meta property=\"og:url\" content=\"https:\/\/www.tablaosflamencos.com\/pt-pt\/flamenco-real-alcazar-bienal-sevilha-2026.html\" \/>\n<meta property=\"og:site_name\" content=\"Tablaos Flamencos\" \/>\n<meta property=\"article:publisher\" content=\"https:\/\/www.facebook.com\/tablaosflamencos\" \/>\n<meta property=\"article:published_time\" content=\"2026-09-01T21:44:31+00:00\" \/>\n<meta property=\"article:modified_time\" content=\"2026-09-01T22:42:29+00:00\" \/>\n<meta property=\"og:image\" content=\"https:\/\/www.tablaosflamencos.com\/wp-content\/uploads\/flamenco-en-el-real-alcazar-durante-la-bienal-2026-01.webp\" \/>\n\t<meta property=\"og:image:width\" content=\"1672\" \/>\n\t<meta property=\"og:image:height\" content=\"941\" \/>\n\t<meta property=\"og:image:type\" content=\"image\/webp\" \/>\n<meta name=\"author\" content=\"Miguel Ortiz\" \/>\n<meta name=\"twitter:card\" content=\"summary_large_image\" \/>\n<meta name=\"twitter:creator\" content=\"@tablaosflamenco\" \/>\n<meta name=\"twitter:site\" content=\"@tablaosflamenco\" \/>\n<meta name=\"twitter:label1\" content=\"Escrito por\" \/>\n\t<meta name=\"twitter:data1\" content=\"Miguel Ortiz\" \/>\n\t<meta name=\"twitter:label2\" content=\"Tempo estimado de leitura\" \/>\n\t<meta name=\"twitter:data2\" content=\"20 minutos\" \/>\n<script type=\"application\/ld+json\" class=\"yoast-schema-graph\">{\"@context\":\"https:\\\/\\\/schema.org\",\"@graph\":[{\"@type\":\"Article\",\"@id\":\"https:\\\/\\\/www.tablaosflamencos.com\\\/pt-pt\\\/flamenco-real-alcazar-bienal-sevilha-2026.html#article\",\"isPartOf\":{\"@id\":\"https:\\\/\\\/www.tablaosflamencos.com\\\/pt-pt\\\/flamenco-real-alcazar-bienal-sevilha-2026.html\"},\"author\":{\"name\":\"Miguel Ortiz\",\"@id\":\"https:\\\/\\\/www.tablaosflamencos.com\\\/pt-pt#\\\/schema\\\/person\\\/e7a9ebe14eb75a52ceabfbffb3c54f5d\"},\"headline\":\"Flamenco no Real Alc\u00e1zar durante a Bienal 2026\",\"datePublished\":\"2026-09-01T21:44:31+00:00\",\"dateModified\":\"2026-09-01T22:42:29+00:00\",\"mainEntityOfPage\":{\"@id\":\"https:\\\/\\\/www.tablaosflamencos.com\\\/pt-pt\\\/flamenco-real-alcazar-bienal-sevilha-2026.html\"},\"wordCount\":3983,\"publisher\":{\"@id\":\"https:\\\/\\\/www.tablaosflamencos.com\\\/pt-pt#organization\"},\"image\":{\"@id\":\"https:\\\/\\\/www.tablaosflamencos.com\\\/pt-pt\\\/flamenco-real-alcazar-bienal-sevilha-2026.html#primaryimage\"},\"thumbnailUrl\":\"https:\\\/\\\/www.tablaosflamencos.com\\\/wp-content\\\/uploads\\\/flamenco-en-el-real-alcazar-durante-la-bienal-2026-01.webp\",\"keywords\":[\"agenda flamenca\",\"Bienal 2026\",\"Bienal de Flamenco\",\"festivales flamencos\",\"flamenco en Sevilla\",\"sevilla\"],\"articleSection\":[\"Bienal de Flamenco de Sevilha\"],\"inLanguage\":\"pt-PT\"},{\"@type\":\"WebPage\",\"@id\":\"https:\\\/\\\/www.tablaosflamencos.com\\\/pt-pt\\\/flamenco-real-alcazar-bienal-sevilha-2026.html\",\"url\":\"https:\\\/\\\/www.tablaosflamencos.com\\\/pt-pt\\\/flamenco-real-alcazar-bienal-sevilha-2026.html\",\"name\":\"Flamenco no Real Alc\u00e1zar: Bienal 2026\",\"isPartOf\":{\"@id\":\"https:\\\/\\\/www.tablaosflamencos.com\\\/pt-pt#website\"},\"primaryImageOfPage\":{\"@id\":\"https:\\\/\\\/www.tablaosflamencos.com\\\/pt-pt\\\/flamenco-real-alcazar-bienal-sevilha-2026.html#primaryimage\"},\"image\":{\"@id\":\"https:\\\/\\\/www.tablaosflamencos.com\\\/pt-pt\\\/flamenco-real-alcazar-bienal-sevilha-2026.html#primaryimage\"},\"thumbnailUrl\":\"https:\\\/\\\/www.tablaosflamencos.com\\\/wp-content\\\/uploads\\\/flamenco-en-el-real-alcazar-durante-la-bienal-2026-01.webp\",\"datePublished\":\"2026-09-01T21:44:31+00:00\",\"dateModified\":\"2026-09-01T22:42:29+00:00\",\"description\":\"Guia do flamenco no Real Alc\u00e1zar durante a Bienal 2026: Israel Fern\u00e1ndez, Rancapino Chico e Xerezan\u00edas, datas, hor\u00e1rios, bilhetes e pre\u00e7o.\",\"breadcrumb\":{\"@id\":\"https:\\\/\\\/www.tablaosflamencos.com\\\/pt-pt\\\/flamenco-real-alcazar-bienal-sevilha-2026.html#breadcrumb\"},\"inLanguage\":\"pt-PT\",\"potentialAction\":[{\"@type\":\"ReadAction\",\"target\":[\"https:\\\/\\\/www.tablaosflamencos.com\\\/pt-pt\\\/flamenco-real-alcazar-bienal-sevilha-2026.html\"]}]},{\"@type\":\"ImageObject\",\"inLanguage\":\"pt-PT\",\"@id\":\"https:\\\/\\\/www.tablaosflamencos.com\\\/pt-pt\\\/flamenco-real-alcazar-bienal-sevilha-2026.html#primaryimage\",\"url\":\"https:\\\/\\\/www.tablaosflamencos.com\\\/wp-content\\\/uploads\\\/flamenco-en-el-real-alcazar-durante-la-bienal-2026-01.webp\",\"contentUrl\":\"https:\\\/\\\/www.tablaosflamencos.com\\\/wp-content\\\/uploads\\\/flamenco-en-el-real-alcazar-durante-la-bienal-2026-01.webp\",\"width\":1672,\"height\":941,\"caption\":\"Flamenco en el Real Alc\u00e1zar durante la Bienal 2026\"},{\"@type\":\"BreadcrumbList\",\"@id\":\"https:\\\/\\\/www.tablaosflamencos.com\\\/pt-pt\\\/flamenco-real-alcazar-bienal-sevilha-2026.html#breadcrumb\",\"itemListElement\":[{\"@type\":\"ListItem\",\"position\":1,\"name\":\"Home\",\"item\":\"https:\\\/\\\/www.tablaosflamencos.com\\\/pt-pt\"},{\"@type\":\"ListItem\",\"position\":2,\"name\":\"Flamenco no Real Alc\u00e1zar durante a Bienal 2026\"}]},{\"@type\":\"WebSite\",\"@id\":\"https:\\\/\\\/www.tablaosflamencos.com\\\/pt-pt#website\",\"url\":\"https:\\\/\\\/www.tablaosflamencos.com\\\/pt-pt\",\"name\":\"Tablaos Flamencos\",\"description\":\"Entradas para tablaos flamencos de Espa\u00f1a\",\"publisher\":{\"@id\":\"https:\\\/\\\/www.tablaosflamencos.com\\\/pt-pt#organization\"},\"alternateName\":\"Tablaos Flamencos\",\"potentialAction\":[{\"@type\":\"SearchAction\",\"target\":{\"@type\":\"EntryPoint\",\"urlTemplate\":\"https:\\\/\\\/www.tablaosflamencos.com\\\/pt-pt?s={search_term_string}\"},\"query-input\":{\"@type\":\"PropertyValueSpecification\",\"valueRequired\":true,\"valueName\":\"search_term_string\"}}],\"inLanguage\":\"pt-PT\"},{\"@type\":[\"Organization\",\"Place\",\"EntertainmentBusiness\"],\"@id\":\"https:\\\/\\\/www.tablaosflamencos.com\\\/pt-pt#organization\",\"name\":\"Tablaos Flamencos\",\"alternateName\":\"Tablaos Flamencos\",\"url\":\"https:\\\/\\\/www.tablaosflamencos.com\\\/pt-pt\",\"logo\":{\"@id\":\"https:\\\/\\\/www.tablaosflamencos.com\\\/pt-pt\\\/flamenco-real-alcazar-bienal-sevilha-2026.html#local-main-organization-logo\"},\"image\":{\"@id\":\"https:\\\/\\\/www.tablaosflamencos.com\\\/pt-pt\\\/flamenco-real-alcazar-bienal-sevilha-2026.html#local-main-organization-logo\"},\"sameAs\":[\"https:\\\/\\\/www.facebook.com\\\/tablaosflamencos\",\"https:\\\/\\\/x.com\\\/tablaosflamenco\",\"https:\\\/\\\/mastodon.social\\\/@tablaosflamencos\",\"https:\\\/\\\/www.instagram.com\\\/tablaosflamencos\",\"https:\\\/\\\/tiktok.com\\\/@tablaosflamencos\",\"https:\\\/\\\/www.linkedin.com\\\/company\\\/109408238\\\/\"],\"description\":\"Venta de entradas para espect\u00e1culos flamencos\",\"legalName\":\"Tablaos Flamencos\",\"foundingDate\":\"2015-01-01\",\"numberOfEmployees\":{\"@type\":\"QuantitativeValue\",\"minValue\":\"1\",\"maxValue\":\"10\"},\"address\":{\"@id\":\"https:\\\/\\\/www.tablaosflamencos.com\\\/pt-pt\\\/flamenco-real-alcazar-bienal-sevilha-2026.html#local-main-place-address\"},\"geo\":{\"@type\":\"GeoCoordinates\",\"latitude\":\"37.3868072\",\"longitude\":\"-5.993280299999999\"},\"telephone\":[\"+34623787787\"],\"contactPoint\":{\"@type\":\"ContactPoint\",\"telephone\":\"+34623787787\",\"email\":\"info@tablaosflamencos.com\"},\"openingHoursSpecification\":{\"@type\":\"OpeningHoursSpecification\",\"dayOfWeek\":[\"Monday\",\"Tuesday\",\"Wednesday\",\"Thursday\",\"Friday\",\"Saturday\",\"Sunday\"],\"opens\":\"00:00\",\"closes\":\"23:59\"},\"email\":\"info@tablaosflamencos.com\",\"priceRange\":\"$$$\",\"currenciesAccepted\":\"\u20ac\"},{\"@type\":\"Person\",\"@id\":\"https:\\\/\\\/www.tablaosflamencos.com\\\/pt-pt#\\\/schema\\\/person\\\/e7a9ebe14eb75a52ceabfbffb3c54f5d\",\"name\":\"Miguel Ortiz\",\"description\":\"Miguel Ortiz es un empresario flamenco, con una s\u00f3lida trayectoria dentro del sector. Ha presidido entidades culturales vinculadas al flamenco y, cuenta con un amplio recorrido profesional en la gesti\u00f3n y promoci\u00f3n de espect\u00e1culos y tablaos flamencos. Su pasi\u00f3n por la historia y el arte flamenco se refleja en cada art\u00edculo, donde combina experiencia, criterio y un profundo respeto por la tradici\u00f3n.\",\"sameAs\":[\"https:\\\/\\\/www.tablaosflamencos.com\",\"https:\\\/\\\/www.instagra.com\\\/miguelortizfe\",\"https:\\\/\\\/www.linkedin.com\\\/in\\\/miguelortizf\\\/\"],\"birthDate\":\"1984-11-22\",\"gender\":\"hombre\",\"knowsLanguage\":[\"espa\u00f1ol\",\"ingl\u00e9s\"],\"jobTitle\":\"Empresario flamenco\"},{\"@type\":\"PostalAddress\",\"@id\":\"https:\\\/\\\/www.tablaosflamencos.com\\\/pt-pt\\\/flamenco-real-alcazar-bienal-sevilha-2026.html#local-main-place-address\",\"streetAddress\":\"C\\\/ Alemanes, 19\",\"addressLocality\":\"Sevilla\",\"postalCode\":\"41004\",\"addressRegion\":\"Sevilla\",\"addressCountry\":\"ES\"},{\"@type\":\"ImageObject\",\"inLanguage\":\"pt-PT\",\"@id\":\"https:\\\/\\\/www.tablaosflamencos.com\\\/pt-pt\\\/flamenco-real-alcazar-bienal-sevilha-2026.html#local-main-organization-logo\",\"url\":\"https:\\\/\\\/www.tablaosflamencos.com\\\/wp-content\\\/uploads\\\/tablaos-flamencos-06-3.webp\",\"contentUrl\":\"https:\\\/\\\/www.tablaosflamencos.com\\\/wp-content\\\/uploads\\\/tablaos-flamencos-06-3.webp\",\"width\":600,\"height\":620,\"caption\":\"Tablaos Flamencos\"}]}<\/script>\n<meta name=\"geo.placename\" content=\"Sevilla\" \/>\n<meta name=\"geo.position\" content=\"37.3868072;-5.993280299999999\" \/>\n<meta name=\"geo.region\" content=\"Espanha\" \/>\n<!-- \/ Yoast SEO Premium plugin. -->","yoast_head_json":{"title":"Flamenco no Real Alc\u00e1zar: Bienal 2026","description":"Guia do flamenco no Real Alc\u00e1zar durante a Bienal 2026: Israel Fern\u00e1ndez, Rancapino Chico e Xerezan\u00edas, datas, hor\u00e1rios, bilhetes e pre\u00e7o.","robots":{"index":"index","follow":"follow","max-snippet":"max-snippet:-1","max-image-preview":"max-image-preview:large","max-video-preview":"max-video-preview:-1"},"canonical":"https:\/\/www.tablaosflamencos.com\/pt-pt\/flamenco-real-alcazar-bienal-sevilha-2026.html","og_locale":"pt_PT","og_type":"article","og_title":"Flamenco no Real Alc\u00e1zar durante a Bienal 2026","og_description":"Guia do flamenco no Real Alc\u00e1zar durante a Bienal 2026: Israel Fern\u00e1ndez, Rancapino Chico e Xerezan\u00edas, datas, hor\u00e1rios, bilhetes e pre\u00e7o.","og_url":"https:\/\/www.tablaosflamencos.com\/pt-pt\/flamenco-real-alcazar-bienal-sevilha-2026.html","og_site_name":"Tablaos Flamencos","article_publisher":"https:\/\/www.facebook.com\/tablaosflamencos","article_published_time":"2026-09-01T21:44:31+00:00","article_modified_time":"2026-09-01T22:42:29+00:00","og_image":[{"width":1672,"height":941,"url":"https:\/\/www.tablaosflamencos.com\/wp-content\/uploads\/flamenco-en-el-real-alcazar-durante-la-bienal-2026-01.webp","type":"image\/webp"}],"author":"Miguel Ortiz","twitter_card":"summary_large_image","twitter_creator":"@tablaosflamenco","twitter_site":"@tablaosflamenco","twitter_misc":{"Escrito por":"Miguel Ortiz","Tempo estimado de leitura":"20 minutos"},"schema":{"@context":"https:\/\/schema.org","@graph":[{"@type":"Article","@id":"https:\/\/www.tablaosflamencos.com\/pt-pt\/flamenco-real-alcazar-bienal-sevilha-2026.html#article","isPartOf":{"@id":"https:\/\/www.tablaosflamencos.com\/pt-pt\/flamenco-real-alcazar-bienal-sevilha-2026.html"},"author":{"name":"Miguel Ortiz","@id":"https:\/\/www.tablaosflamencos.com\/pt-pt#\/schema\/person\/e7a9ebe14eb75a52ceabfbffb3c54f5d"},"headline":"Flamenco no Real Alc\u00e1zar durante a Bienal 2026","datePublished":"2026-09-01T21:44:31+00:00","dateModified":"2026-09-01T22:42:29+00:00","mainEntityOfPage":{"@id":"https:\/\/www.tablaosflamencos.com\/pt-pt\/flamenco-real-alcazar-bienal-sevilha-2026.html"},"wordCount":3983,"publisher":{"@id":"https:\/\/www.tablaosflamencos.com\/pt-pt#organization"},"image":{"@id":"https:\/\/www.tablaosflamencos.com\/pt-pt\/flamenco-real-alcazar-bienal-sevilha-2026.html#primaryimage"},"thumbnailUrl":"https:\/\/www.tablaosflamencos.com\/wp-content\/uploads\/flamenco-en-el-real-alcazar-durante-la-bienal-2026-01.webp","keywords":["agenda flamenca","Bienal 2026","Bienal de Flamenco","festivales flamencos","flamenco en Sevilla","sevilla"],"articleSection":["Bienal de Flamenco de Sevilha"],"inLanguage":"pt-PT"},{"@type":"WebPage","@id":"https:\/\/www.tablaosflamencos.com\/pt-pt\/flamenco-real-alcazar-bienal-sevilha-2026.html","url":"https:\/\/www.tablaosflamencos.com\/pt-pt\/flamenco-real-alcazar-bienal-sevilha-2026.html","name":"Flamenco no Real Alc\u00e1zar: Bienal 2026","isPartOf":{"@id":"https:\/\/www.tablaosflamencos.com\/pt-pt#website"},"primaryImageOfPage":{"@id":"https:\/\/www.tablaosflamencos.com\/pt-pt\/flamenco-real-alcazar-bienal-sevilha-2026.html#primaryimage"},"image":{"@id":"https:\/\/www.tablaosflamencos.com\/pt-pt\/flamenco-real-alcazar-bienal-sevilha-2026.html#primaryimage"},"thumbnailUrl":"https:\/\/www.tablaosflamencos.com\/wp-content\/uploads\/flamenco-en-el-real-alcazar-durante-la-bienal-2026-01.webp","datePublished":"2026-09-01T21:44:31+00:00","dateModified":"2026-09-01T22:42:29+00:00","description":"Guia do flamenco no Real Alc\u00e1zar durante a Bienal 2026: Israel Fern\u00e1ndez, Rancapino Chico e Xerezan\u00edas, datas, hor\u00e1rios, bilhetes e pre\u00e7o.","breadcrumb":{"@id":"https:\/\/www.tablaosflamencos.com\/pt-pt\/flamenco-real-alcazar-bienal-sevilha-2026.html#breadcrumb"},"inLanguage":"pt-PT","potentialAction":[{"@type":"ReadAction","target":["https:\/\/www.tablaosflamencos.com\/pt-pt\/flamenco-real-alcazar-bienal-sevilha-2026.html"]}]},{"@type":"ImageObject","inLanguage":"pt-PT","@id":"https:\/\/www.tablaosflamencos.com\/pt-pt\/flamenco-real-alcazar-bienal-sevilha-2026.html#primaryimage","url":"https:\/\/www.tablaosflamencos.com\/wp-content\/uploads\/flamenco-en-el-real-alcazar-durante-la-bienal-2026-01.webp","contentUrl":"https:\/\/www.tablaosflamencos.com\/wp-content\/uploads\/flamenco-en-el-real-alcazar-durante-la-bienal-2026-01.webp","width":1672,"height":941,"caption":"Flamenco en el Real Alc\u00e1zar durante la Bienal 2026"},{"@type":"BreadcrumbList","@id":"https:\/\/www.tablaosflamencos.com\/pt-pt\/flamenco-real-alcazar-bienal-sevilha-2026.html#breadcrumb","itemListElement":[{"@type":"ListItem","position":1,"name":"Home","item":"https:\/\/www.tablaosflamencos.com\/pt-pt"},{"@type":"ListItem","position":2,"name":"Flamenco no Real Alc\u00e1zar durante a Bienal 2026"}]},{"@type":"WebSite","@id":"https:\/\/www.tablaosflamencos.com\/pt-pt#website","url":"https:\/\/www.tablaosflamencos.com\/pt-pt","name":"Tablaos Flamencos","description":"Entradas para tablaos flamencos de Espa\u00f1a","publisher":{"@id":"https:\/\/www.tablaosflamencos.com\/pt-pt#organization"},"alternateName":"Tablaos Flamencos","potentialAction":[{"@type":"SearchAction","target":{"@type":"EntryPoint","urlTemplate":"https:\/\/www.tablaosflamencos.com\/pt-pt?s={search_term_string}"},"query-input":{"@type":"PropertyValueSpecification","valueRequired":true,"valueName":"search_term_string"}}],"inLanguage":"pt-PT"},{"@type":["Organization","Place","EntertainmentBusiness"],"@id":"https:\/\/www.tablaosflamencos.com\/pt-pt#organization","name":"Tablaos Flamencos","alternateName":"Tablaos Flamencos","url":"https:\/\/www.tablaosflamencos.com\/pt-pt","logo":{"@id":"https:\/\/www.tablaosflamencos.com\/pt-pt\/flamenco-real-alcazar-bienal-sevilha-2026.html#local-main-organization-logo"},"image":{"@id":"https:\/\/www.tablaosflamencos.com\/pt-pt\/flamenco-real-alcazar-bienal-sevilha-2026.html#local-main-organization-logo"},"sameAs":["https:\/\/www.facebook.com\/tablaosflamencos","https:\/\/x.com\/tablaosflamenco","https:\/\/mastodon.social\/@tablaosflamencos","https:\/\/www.instagram.com\/tablaosflamencos","https:\/\/tiktok.com\/@tablaosflamencos","https:\/\/www.linkedin.com\/company\/109408238\/"],"description":"Venta de entradas para espect\u00e1culos flamencos","legalName":"Tablaos Flamencos","foundingDate":"2015-01-01","numberOfEmployees":{"@type":"QuantitativeValue","minValue":"1","maxValue":"10"},"address":{"@id":"https:\/\/www.tablaosflamencos.com\/pt-pt\/flamenco-real-alcazar-bienal-sevilha-2026.html#local-main-place-address"},"geo":{"@type":"GeoCoordinates","latitude":"37.3868072","longitude":"-5.993280299999999"},"telephone":["+34623787787"],"contactPoint":{"@type":"ContactPoint","telephone":"+34623787787","email":"info@tablaosflamencos.com"},"openingHoursSpecification":{"@type":"OpeningHoursSpecification","dayOfWeek":["Monday","Tuesday","Wednesday","Thursday","Friday","Saturday","Sunday"],"opens":"00:00","closes":"23:59"},"email":"info@tablaosflamencos.com","priceRange":"$$$","currenciesAccepted":"\u20ac"},{"@type":"Person","@id":"https:\/\/www.tablaosflamencos.com\/pt-pt#\/schema\/person\/e7a9ebe14eb75a52ceabfbffb3c54f5d","name":"Miguel Ortiz","description":"Miguel Ortiz es un empresario flamenco, con una s\u00f3lida trayectoria dentro del sector. Ha presidido entidades culturales vinculadas al flamenco y, cuenta con un amplio recorrido profesional en la gesti\u00f3n y promoci\u00f3n de espect\u00e1culos y tablaos flamencos. Su pasi\u00f3n por la historia y el arte flamenco se refleja en cada art\u00edculo, donde combina experiencia, criterio y un profundo respeto por la tradici\u00f3n.","sameAs":["https:\/\/www.tablaosflamencos.com","https:\/\/www.instagra.com\/miguelortizfe","https:\/\/www.linkedin.com\/in\/miguelortizf\/"],"birthDate":"1984-11-22","gender":"hombre","knowsLanguage":["espa\u00f1ol","ingl\u00e9s"],"jobTitle":"Empresario flamenco"},{"@type":"PostalAddress","@id":"https:\/\/www.tablaosflamencos.com\/pt-pt\/flamenco-real-alcazar-bienal-sevilha-2026.html#local-main-place-address","streetAddress":"C\/ Alemanes, 19","addressLocality":"Sevilla","postalCode":"41004","addressRegion":"Sevilla","addressCountry":"ES"},{"@type":"ImageObject","inLanguage":"pt-PT","@id":"https:\/\/www.tablaosflamencos.com\/pt-pt\/flamenco-real-alcazar-bienal-sevilha-2026.html#local-main-organization-logo","url":"https:\/\/www.tablaosflamencos.com\/wp-content\/uploads\/tablaos-flamencos-06-3.webp","contentUrl":"https:\/\/www.tablaosflamencos.com\/wp-content\/uploads\/tablaos-flamencos-06-3.webp","width":600,"height":620,"caption":"Tablaos Flamencos"}]},"geo.placename":"Sevilla","geo.position":{"lat":"37.3868072","long":"-5.993280299999999"},"geo.region":"Espanha"},"_links":{"self":[{"href":"https:\/\/www.tablaosflamencos.com\/pt-pt\/wp-json\/wp\/v2\/posts\/13913","targetHints":{"allow":["GET"]}}],"collection":[{"href":"https:\/\/www.tablaosflamencos.com\/pt-pt\/wp-json\/wp\/v2\/posts"}],"about":[{"href":"https:\/\/www.tablaosflamencos.com\/pt-pt\/wp-json\/wp\/v2\/types\/post"}],"author":[{"embeddable":true,"href":"https:\/\/www.tablaosflamencos.com\/pt-pt\/wp-json\/wp\/v2\/users\/1"}],"replies":[{"embeddable":true,"href":"https:\/\/www.tablaosflamencos.com\/pt-pt\/wp-json\/wp\/v2\/comments?post=13913"}],"version-history":[{"count":4,"href":"https:\/\/www.tablaosflamencos.com\/pt-pt\/wp-json\/wp\/v2\/posts\/13913\/revisions"}],"predecessor-version":[{"id":14005,"href":"https:\/\/www.tablaosflamencos.com\/pt-pt\/wp-json\/wp\/v2\/posts\/13913\/revisions\/14005"}],"wp:featuredmedia":[{"embeddable":true,"href":"https:\/\/www.tablaosflamencos.com\/pt-pt\/wp-json\/wp\/v2\/media\/13859"}],"wp:attachment":[{"href":"https:\/\/www.tablaosflamencos.com\/pt-pt\/wp-json\/wp\/v2\/media?parent=13913"}],"wp:term":[{"taxonomy":"category","embeddable":true,"href":"https:\/\/www.tablaosflamencos.com\/pt-pt\/wp-json\/wp\/v2\/categories?post=13913"},{"taxonomy":"post_tag","embeddable":true,"href":"https:\/\/www.tablaosflamencos.com\/pt-pt\/wp-json\/wp\/v2\/tags?post=13913"}],"curies":[{"name":"wp","href":"https:\/\/api.w.org\/{rel}","templated":true}]}}