{"id":13904,"date":"2026-09-01T23:35:30","date_gmt":"2026-09-01T21:35:30","guid":{"rendered":"https:\/\/www.tablaosflamencos.com\/?p=13904"},"modified":"2026-09-02T00:41:51","modified_gmt":"2026-09-01T22:41:51","slug":"bienal-flamenco-sevilha-2026-bilhetes-precos-descontos","status":"publish","type":"post","link":"https:\/\/www.tablaosflamencos.com\/pt-pt\/bienal-flamenco-sevilha-2026-bilhetes-precos-descontos.html","title":{"rendered":"Bienal de Flamenco de Sevilha 2026: bilhetes, pre\u00e7os e descontos"},"content":{"rendered":"<section class=\"l-section wpb_row height_huge\"><div class=\"l-section-h i-cf\"><div class=\"g-cols vc_row via_flex valign_top type_default stacking_default\"><div class=\"vc_col-sm-6 wpb_column vc_column_container\"><div class=\"vc_column-inner\"><div class=\"wpb_wrapper\"><div class=\"wpb_text_column\"><div class=\"wpb_wrapper\"><h2>Bilhetes da Bienal de Flamenco 2026: pre\u00e7os e como comprar<\/h2>\n<p>A <strong>Bienal de Flamenco de Sevilha 2026<\/strong> realiza-se de <strong>9 de setembro a 3 de outubro<\/strong> e re\u00fane dezenas de espet\u00e1culos em teatros, espa\u00e7os patrimoniais e locais singulares da cidade. Se est\u00e1 a organizar a sua visita, uma das perguntas mais importantes \u00e9 muito concreta: <strong>quanto custam os bilhetes, onde se compram e que descontos continuam dispon\u00edveis<\/strong>.<\/p>\n<p>A resposta depende do recinto e, em alguns casos, da zona escolhida. A organiza\u00e7\u00e3o publicou pre\u00e7os a partir de <strong>12 \u20ac<\/strong> para o Para\u00edso Lateral do Teatro Lope de Vega e at\u00e9 <strong>75 \u20ac<\/strong> para os melhores lugares de <em>Infinita<\/em>, de Sara Baras, no Teatro de la Maestranza. Existem ainda espet\u00e1culos com pre\u00e7o \u00fanico de 30 \u20ac, bilhetes desde 15 \u20ac no Espacio Turina e lugares desde 25 \u20ac na Plaza de Toros.<\/p>\n<\/div><\/div><\/div><\/div><\/div><div class=\"vc_col-sm-6 wpb_column vc_column_container\"><div class=\"vc_column-inner\"><div class=\"wpb_wrapper\"><div class=\"wpb_text_column\"><div class=\"wpb_wrapper\"><p style=\"text-align: center; font-size: 54px; line-height: 1; margin-bottom: 10px;\"><strong>12 \u20ac<\/strong><\/p>\n<h3 style=\"text-align: center;\">Bilhete mais econ\u00f3mico publicado<\/h3>\n<p style=\"text-align: center; font-size: 40px; line-height: 1; margin: 25px 0 10px;\"><strong>75 \u20ac<\/strong><\/p>\n<h3 style=\"text-align: center;\">Pre\u00e7o m\u00e1ximo publicado<\/h3>\n<p style=\"text-align: center; font-size: 40px; line-height: 1; margin: 25px 0 10px;\"><strong>50%<\/strong><\/p>\n<h3 style=\"text-align: center;\">Hora Joven para menores de 30 anos<\/h3>\n<\/div><\/div><\/div><\/div><\/div><\/div><\/div><\/section><section class=\"l-section wpb_row height_huge color_alternate\"><div class=\"l-section-h i-cf\"><div class=\"g-cols vc_row via_flex valign_top type_default stacking_default\"><div class=\"vc_col-sm-12 wpb_column vc_column_container\"><div class=\"vc_column-inner\"><div class=\"wpb_wrapper\"><div class=\"wpb_text_column\"><div class=\"wpb_wrapper\"><blockquote>\n<p><strong>Resposta r\u00e1pida:<\/strong> os bilhetes da Bienal de Flamenco de Sevilha 2026 custam oficialmente entre <strong>12 e 75 euros<\/strong>, consoante o recinto e a zona. Os descontos de compra antecipada de 10% e 5% j\u00e1 terminaram, mas mant\u00e9m-se a <strong>Hora Joven<\/strong>: os menores de 30 anos podem obter um <strong>desconto de 50%<\/strong> na bilheteira uma hora antes do espet\u00e1culo, desde que ainda existam lugares dispon\u00edveis. Os bilhetes s\u00e3o comprados a partir da p\u00e1gina oficial de cada espet\u00e1culo no programa da Bienal.<\/p>\n<\/blockquote>\n<p><strong>\u00daltima atualiza\u00e7\u00e3o: 1 de setembro de 2026.<\/strong> Os pre\u00e7os aqui indicados s\u00e3o os publicados oficialmente pela Bienal. A disponibilidade de lugares pode mudar a qualquer momento e alguns espet\u00e1culos j\u00e1 anunciaram lota\u00e7\u00e3o esgotada ou bilhetes esgotados.<\/p>\n<\/div><\/div><div class=\"w-separator size_medium\"><\/div><div class=\"w-hwrapper valign_top wrap stack_on_mobiles align_center\" style=\"--hwrapper-gap:1.2rem\"><div class=\"w-btn-wrapper align_none\"><a class=\"w-btn us-btn-style_1\" href=\"https:\/\/www.tablaosflamencos.com\/pt-pt\/bienal-flamenco-sevilha-2026.html\"><span class=\"w-btn-label\">Guia completo da Bienal 2026<\/span><\/a><\/div><div class=\"w-btn-wrapper align_none\"><a class=\"w-btn us-btn-style_1\" href=\"https:\/\/www.tablaosflamencos.com\/pt-pt\/bienal-flamenco-sevilha\"><span class=\"w-btn-label\">Ver todas as nossas not\u00edcias da Bienal<\/span><\/a><\/div><\/div><\/div><\/div><\/div><\/div><\/div><\/section><section class=\"l-section wpb_row height_huge\"><div class=\"l-section-h i-cf\"><div class=\"g-cols vc_row via_flex valign_top type_default stacking_default\"><div class=\"vc_col-sm-3 wpb_column vc_column_container\"><div class=\"vc_column-inner\"><div class=\"wpb_wrapper\"><\/div><\/div><\/div><div class=\"vc_col-sm-6 wpb_column vc_column_container\"><div class=\"vc_column-inner\"><div class=\"wpb_wrapper\"><div class=\"wpb_text_column\"><div class=\"wpb_wrapper\"><h2>Conte\u00fado deste guia<\/h2>\n<ul>\n<li><a href=\"#como-comprar\">Como comprar bilhetes para a Bienal 2026<\/a><\/li>\n<li><a href=\"#precios\">Pre\u00e7os oficiais por recinto<\/a><\/li>\n<li><a href=\"#descuentos\">Descontos da Bienal 2026<\/a><\/li>\n<li><a href=\"#hora-joven\">Hora Joven: 50% para menores de 30 anos<\/a><\/li>\n<li><a href=\"#sara-baras\">Pre\u00e7os especiais de Sara Baras<\/a><\/li>\n<li><a href=\"#taquillas\">Venda na bilheteira e no dia do espet\u00e1culo<\/a><\/li>\n<li><a href=\"#agotadas\">O que fazer se n\u00e3o houver bilhetes<\/a><\/li>\n<li><a href=\"#gratis\">Alternativas gratuitas<\/a><\/li>\n<li><a href=\"#consejos\">Conselhos para comprar melhor<\/a><\/li>\n<li><a href=\"#faq-entradas\">Perguntas frequentes<\/a><\/li>\n<\/ul>\n<\/div><\/div><\/div><\/div><\/div><div class=\"vc_col-sm-3 wpb_column vc_column_container\"><div class=\"vc_column-inner\"><div class=\"wpb_wrapper\"><\/div><\/div><\/div><\/div><\/div><\/section><section class=\"l-section wpb_row height_huge color_alternate\"><div class=\"l-section-h i-cf\"><div class=\"g-cols vc_row via_flex valign_top type_default stacking_default\"><div class=\"vc_col-sm-6 wpb_column vc_column_container\"><div class=\"vc_column-inner\"><div class=\"wpb_wrapper\"><div class=\"wpb_text_column\"><div class=\"wpb_wrapper\"><h2 id=\"como-comprar\">Como comprar bilhetes para a Bienal de Flamenco 2026<\/h2>\n<p>A venda geral come\u00e7ou em <strong>11 de fevereiro de 2026 \u00e0s 10:00<\/strong>. A forma mais direta de comprar \u00e9 entrar na <strong>Programa\u00e7\u00e3o Geral<\/strong> da Bienal e abrir a p\u00e1gina do espet\u00e1culo que lhe interessa. Quando ainda existem lugares, a pr\u00f3pria p\u00e1gina inclui a op\u00e7\u00e3o oficial de <strong>\u00abCompra de bilhetes\u00bb<\/strong>.<\/p>\n<p>Pode consultar a <a href=\"https:\/\/www.labienal.com\/programa-general\" target=\"_blank\" rel=\"noopener\"><strong>programa\u00e7\u00e3o oficial da Bienal<\/strong><\/a> para verificar o estado atualizado de cada sess\u00e3o. \u00c9 prefer\u00edvel aceder atrav\u00e9s da p\u00e1gina espec\u00edfica e n\u00e3o de resultados antigos dos motores de pesquisa, porque a disponibilidade pode mudar rapidamente.<\/p>\n<p>A Bienal disponibiliza tamb\u00e9m o e-mail da bilheteira, <strong>taquillaseulen.icas@gmail.com<\/strong>, e o telefone <strong>955 472 822<\/strong> para quest\u00f5es relacionadas com a compra.<\/p>\n<\/div><\/div><\/div><\/div><\/div><div class=\"vc_col-sm-6 wpb_column vc_column_container\"><div class=\"vc_column-inner\"><div class=\"wpb_wrapper\"><div class=\"wpb_text_column\"><div class=\"wpb_wrapper\"><h2>Existe uma \u00fanica bilheteira para todos os espet\u00e1culos?<\/h2>\n<p>Na pr\u00e1tica, a Bienal centraliza o acesso \u00e0 compra atrav\u00e9s da sua pr\u00f3pria programa\u00e7\u00e3o. Isto \u00e9 \u00fatil porque a edi\u00e7\u00e3o se distribui por numerosos espa\u00e7os: Teatro Lope de Vega, Teatro de la Maestranza, Teatro Central, Espacio Turina, Teatro Alameda, San Luis de los Franceses, Real F\u00e1brica de Artiller\u00eda, Real Alc\u00e1zar, Hotel Triana e Plaza de Toros, entre outros.<\/p>\n<p>O nosso conselho \u00e9 simples: <strong>comece sempre pelo site oficial da Bienal<\/strong>. Assim reduz o risco de chegar a uma p\u00e1gina desatualizada, a uma plataforma de revenda ou a um canal que n\u00e3o reflita a capacidade realmente dispon\u00edvel.<\/p>\n<p>Se estiver a comparar v\u00e1rios dias, pode abrir primeiro o nosso <a href=\"https:\/\/www.tablaosflamencos.com\/bienal-flamenco-sevilla-2026.html\"><strong>guia completo da Bienal de Flamenco de Sevilha 2026<\/strong><\/a> e depois verificar a compra de cada espet\u00e1culo que se enquadre no seu itiner\u00e1rio.<\/p>\n<\/div><\/div><\/div><\/div><\/div><\/div><\/div><\/section><section class=\"l-section wpb_row height_huge\"><div class=\"l-section-h i-cf\"><div class=\"g-cols vc_row via_flex valign_top type_default stacking_default\"><div class=\"vc_col-sm-12 wpb_column vc_column_container\"><div class=\"vc_column-inner\"><div class=\"wpb_wrapper\"><div class=\"wpb_text_column\"><div class=\"wpb_wrapper\"><h2 id=\"precios\">Pre\u00e7os dos bilhetes da Bienal de Flamenco 2026 por recinto<\/h2>\n<p>Os pre\u00e7os oficiais n\u00e3o s\u00e3o iguais em todos os espa\u00e7os. Alguns recintos funcionam com <strong>pre\u00e7o \u00fanico<\/strong> e outros dividem a sala por zonas. Esta \u00e9 a rela\u00e7\u00e3o publicada pela organiza\u00e7\u00e3o para a XXIV Bienal:<\/p>\n<div style=\"overflow-x: auto;\">\n<table>\n<thead>\n<tr>\n<th>Recinto<\/th>\n<th>Zona \/ lugar<\/th>\n<th>Pre\u00e7o<\/th>\n<\/tr>\n<\/thead>\n<tbody>\n<tr>\n<td rowspan=\"6\"><strong>Plaza de Toros<\/strong><\/td>\n<td>Arena<\/td>\n<td>50 \u20ac<\/td>\n<\/tr>\n<tr>\n<td>Barrera<\/td>\n<td>45 \u20ac<\/td>\n<\/tr>\n<tr>\n<td>Tendido<\/td>\n<td>40 \u20ac<\/td>\n<\/tr>\n<tr>\n<td>Cadeira de tendido<\/td>\n<td>35 \u20ac<\/td>\n<\/tr>\n<tr>\n<td>Camarote<\/td>\n<td>30 \u20ac<\/td>\n<\/tr>\n<tr>\n<td>Bancada<\/td>\n<td>25 \u20ac<\/td>\n<\/tr>\n<tr>\n<td rowspan=\"2\"><strong>Espacio Turina<\/strong><\/td>\n<td>Geral<\/td>\n<td>25 \u20ac<\/td>\n<\/tr>\n<tr>\n<td>Para\u00edso<\/td>\n<td>15 \u20ac<\/td>\n<\/tr>\n<tr>\n<td rowspan=\"11\"><strong>Teatro de la Maestranza<\/strong><\/td>\n<td>Plateia A<\/td>\n<td>55 \u20ac<\/td>\n<\/tr>\n<tr>\n<td>Plateia B<\/td>\n<td>50 \u20ac<\/td>\n<\/tr>\n<tr>\n<td>Balc\u00e3o A<\/td>\n<td>48 \u20ac<\/td>\n<\/tr>\n<tr>\n<td>Balc\u00e3o B<\/td>\n<td>45 \u20ac<\/td>\n<\/tr>\n<tr>\n<td>Terra\u00e7o A<\/td>\n<td>42 \u20ac<\/td>\n<\/tr>\n<tr>\n<td>Terra\u00e7o B<\/td>\n<td>40 \u20ac<\/td>\n<\/tr>\n<tr>\n<td>Terra\u00e7o C<\/td>\n<td>37 \u20ac<\/td>\n<\/tr>\n<tr>\n<td>Para\u00edso A<\/td>\n<td>35 \u20ac<\/td>\n<\/tr>\n<tr>\n<td>Para\u00edso B<\/td>\n<td>32 \u20ac<\/td>\n<\/tr>\n<tr>\n<td>Para\u00edso C<\/td>\n<td>30 \u20ac<\/td>\n<\/tr>\n<tr>\n<td>Para\u00edso D<\/td>\n<td>28 \u20ac<\/td>\n<\/tr>\n<tr>\n<td rowspan=\"8\"><strong>Teatro Lope de Vega<\/strong><\/td>\n<td>Cadeira de plateia<\/td>\n<td>35 \u20ac<\/td>\n<\/tr>\n<tr>\n<td>Platea<\/td>\n<td>35 \u20ac<\/td>\n<\/tr>\n<tr>\n<td>Camarote central<\/td>\n<td>35 \u20ac<\/td>\n<\/tr>\n<tr>\n<td>Camarote lateral<\/td>\n<td>30 \u20ac<\/td>\n<\/tr>\n<tr>\n<td>Cadeira de anfiteatro<\/td>\n<td>25 \u20ac<\/td>\n<\/tr>\n<tr>\n<td>Camarote de anfiteatro<\/td>\n<td>20 \u20ac<\/td>\n<\/tr>\n<tr>\n<td>Cadeira de Para\u00edso Central<\/td>\n<td>15 \u20ac<\/td>\n<\/tr>\n<tr>\n<td>Cadeira de Para\u00edso Lateral<\/td>\n<td>12 \u20ac<\/td>\n<\/tr>\n<tr>\n<td><strong>Teatro Central<\/strong><\/td>\n<td>Pre\u00e7o publicado<\/td>\n<td>30 \u20ac<\/td>\n<\/tr>\n<tr>\n<td><strong>Igreja de San Luis<\/strong><\/td>\n<td>Pre\u00e7o publicado<\/td>\n<td>30 \u20ac<\/td>\n<\/tr>\n<tr>\n<td><strong>Teatro Alameda<\/strong><\/td>\n<td>Pre\u00e7o publicado<\/td>\n<td>30 \u20ac<\/td>\n<\/tr>\n<tr>\n<td><strong>Real F\u00e1brica de Artiller\u00eda<\/strong><\/td>\n<td>Pre\u00e7o publicado<\/td>\n<td>30 \u20ac<\/td>\n<\/tr>\n<tr>\n<td><strong>Real Alc\u00e1zar<\/strong><\/td>\n<td>Pre\u00e7o publicado<\/td>\n<td>30 \u20ac<\/td>\n<\/tr>\n<tr>\n<td><strong>Hotel Triana<\/strong><\/td>\n<td>Pre\u00e7o publicado<\/td>\n<td>30 \u20ac<\/td>\n<\/tr>\n<\/tbody>\n<\/table>\n<\/div>\n<p>&nbsp;<\/p>\n<p>Por isso, para muitos espet\u00e1culos \u00e9 razo\u00e1vel prever um or\u00e7amento de <strong>25 a 35 euros por sess\u00e3o<\/strong>, embora os lugares no Maestranza e determinados eventos especiais possam ultrapassar esse valor. O Lope de Vega oferece o bilhete publicado mais econ\u00f3mico, com lugares desde 12 euros.<\/p>\n<\/div><\/div><\/div><\/div><\/div><\/div><\/div><\/section><section class=\"l-section wpb_row height_huge color_alternate\"><div class=\"l-section-h i-cf\"><div class=\"g-cols vc_row via_flex valign_top type_default stacking_default\"><div class=\"vc_col-sm-6 wpb_column vc_column_container\"><div class=\"vc_column-inner\"><div class=\"wpb_wrapper\"><div class=\"wpb_text_column\"><div class=\"wpb_wrapper\"><h2 id=\"descuentos\">Descontos da Bienal de Flamenco 2026<\/h2>\n<p>A Bienal lan\u00e7ou dois per\u00edodos de desconto por compra antecipada no in\u00edcio das vendas:<\/p>\n<ul>\n<li><strong>10% de desconto<\/strong> para bilhetes comprados entre 11 de fevereiro e 10 de mar\u00e7o de 2026.<\/li>\n<li><strong>5% de desconto<\/strong> para compras realizadas entre 11 de mar\u00e7o e 11 de abril de 2026.<\/li>\n<\/ul>\n<p>\u00c0 data desta atualiza\u00e7\u00e3o, <strong>1 de setembro de 2026, ambos os descontos j\u00e1 terminaram<\/strong>. \u00c9 importante referi-lo porque ainda podem aparecer p\u00e1ginas antigas ou resultados de pesquisa que mencionem a promo\u00e7\u00e3o sem deixar claro que tinha uma dura\u00e7\u00e3o limitada.<\/p>\n<p>A informa\u00e7\u00e3o oficial assinala ainda uma exce\u00e7\u00e3o: os descontos antecipados <strong>n\u00e3o se aplicavam \u00e0 segunda e terceira sess\u00e3o de <em>Infinita<\/em>, de Sara Baras<\/strong>.<\/p>\n<\/div><\/div><\/div><\/div><\/div><div class=\"vc_col-sm-6 wpb_column vc_column_container\"><div class=\"vc_column-inner\"><div class=\"wpb_wrapper\"><div class=\"wpb_text_column\"><div class=\"wpb_wrapper\"><h2 id=\"hora-joven\">Hora Joven: 50% para menores de 30 anos<\/h2>\n<p>O desconto mais interessante para quem ainda n\u00e3o comprou \u00e9 a <strong>Hora Joven<\/strong>. Os <strong>menores de 30 anos<\/strong> podem obter um <strong>desconto de 50%<\/strong> comprando na bilheteira <strong>uma hora antes do espet\u00e1culo<\/strong>.<\/p>\n<p>H\u00e1 uma condi\u00e7\u00e3o decisiva: <strong>s\u00f3 se aplica se ainda houver lugares \u00e0 venda<\/strong>. Por isso, n\u00e3o \u00e9 uma op\u00e7\u00e3o recomend\u00e1vel se viajar expressamente para Sevilha para ver uma sess\u00e3o espec\u00edfica ou se se tratar de um espet\u00e1culo muito procurado.<\/p>\n<p>Pode, no entanto, ser uma excelente oportunidade para residentes, visitantes flex\u00edveis ou aficionados dispostos a decidir no \u00faltimo momento. Para uma estreia muito aguardada, uma Noche \u00danica ou uma sala de capacidade reduzida, esperar pela Hora Joven implica aceitar o risco de ficar de fora.<\/p>\n<\/div><\/div><\/div><\/div><\/div><\/div><\/div><\/section><section class=\"l-section wpb_row height_huge\"><div class=\"l-section-h i-cf\"><div class=\"g-cols vc_row via_flex valign_top type_default stacking_default\"><div class=\"vc_col-sm-6 wpb_column vc_column_container\"><div class=\"vc_column-inner\"><div class=\"wpb_wrapper\"><div class=\"wpb_text_column\"><div class=\"wpb_wrapper\"><h2 id=\"sara-baras\">Quanto custam os bilhetes de Sara Baras na Bienal 2026<\/h2>\n<p><em>Infinita<\/em>, o regresso de <strong>Sara Baras<\/strong> \u00e0 Bienal, tem uma escala de pre\u00e7os espec\u00edfica no Teatro de la Maestranza e concentra os lugares mais caros publicados para esta edi\u00e7\u00e3o:<\/p>\n<ul>\n<li>Plateia A e Plateia B: <strong>75 \u20ac<\/strong><\/li>\n<li>Balc\u00e3o A e B: <strong>70 \u20ac<\/strong><\/li>\n<li>Terra\u00e7o A e B: <strong>65 \u20ac<\/strong><\/li>\n<li>Terra\u00e7o C: <strong>58 \u20ac<\/strong><\/li>\n<li>Para\u00edso A: <strong>54 \u20ac<\/strong><\/li>\n<li>Para\u00edso B: <strong>48 \u20ac<\/strong><\/li>\n<li>Para\u00edso C: <strong>46 \u20ac<\/strong><\/li>\n<li>Para\u00edso D: <strong>42 \u20ac<\/strong><\/li>\n<\/ul>\n<\/div><\/div><\/div><\/div><\/div><div class=\"vc_col-sm-6 wpb_column vc_column_container\"><div class=\"vc_column-inner\"><div class=\"wpb_wrapper\"><div class=\"wpb_text_column\"><div class=\"wpb_wrapper\"><h2>Porque \u00e9 que os bilhetes de Sara Baras t\u00eam pre\u00e7os diferentes?<\/h2>\n<p>A tarifa publicada para <em>Infinita<\/em> \u00e9 superior \u00e0 tabela geral do Maestranza. Nos restantes espet\u00e1culos do teatro, a faixa oficial vai de <strong>28 a 55 euros<\/strong>, enquanto para Sara Baras se situa entre <strong>42 e 75 euros<\/strong>.<\/p>\n<p>Isto faz de <em>Infinita<\/em> uma exce\u00e7\u00e3o clara na pol\u00edtica de pre\u00e7os da Bienal. Se o or\u00e7amento for priorit\u00e1rio, conv\u00e9m comparar a localiza\u00e7\u00e3o e a visibilidade das diferentes zonas antes de escolher.<\/p>\n<p>Pode tamb\u00e9m consultar o nosso artigo espec\u00edfico sobre <a href=\"https:\/\/www.tablaosflamencos.com\/sara-baras-sevilla-2026-infinita-bienal.html\"><strong>Sara Baras em Sevilha 2026: <em>Infinita<\/em> e o seu regresso \u00e0 Bienal<\/strong><\/a> para obter mais informa\u00e7\u00f5es sobre o espet\u00e1culo.<\/p>\n<\/div><\/div><\/div><\/div><\/div><\/div><\/div><\/section><section class=\"l-section wpb_row height_huge color_alternate\"><div class=\"l-section-h i-cf\"><div class=\"g-cols vc_row via_flex valign_top type_default stacking_default\"><div class=\"vc_col-sm-6 wpb_column vc_column_container\"><div class=\"vc_column-inner\"><div class=\"wpb_wrapper\"><div class=\"wpb_text_column\"><div class=\"wpb_wrapper\"><h2 id=\"taquillas\">Venda na bilheteira e bilhetes no pr\u00f3prio dia<\/h2>\n<p>A organiza\u00e7\u00e3o permite comprar bilhetes <strong>uma hora antes do espet\u00e1culo no pr\u00f3prio recinto<\/strong>, desde que ainda existam lugares. Esta venda de \u00faltima hora pode ser \u00fatil para sess\u00f5es com disponibilidade residual ou para quem j\u00e1 esteja em Sevilha e tenha flexibilidade.<\/p>\n<p>A bilheteira central da <strong>Real F\u00e1brica de Artiller\u00eda<\/strong> mant\u00e9m, segundo a informa\u00e7\u00e3o publicada, um hor\u00e1rio geral de segunda a sexta-feira das <strong>10:00 \u00e0s 14:00 e das 17:00 \u00e0s 20:00<\/strong>, encerrando aos fins de semana e feriados.<\/p>\n<p>Durante a Semana Santa, a Feria e o ver\u00e3o, o hor\u00e1rio indicado \u00e9 de segunda a sexta-feira das <strong>9:00 \u00e0s 14:00<\/strong>. Antes de se deslocar de prop\u00f3sito, conv\u00e9m confirmar se o hor\u00e1rio continua em vigor.<\/p>\n<\/div><\/div><\/div><\/div><\/div><div class=\"vc_col-sm-6 wpb_column vc_column_container\"><div class=\"vc_column-inner\"><div class=\"wpb_wrapper\"><div class=\"wpb_text_column\"><div class=\"wpb_wrapper\"><h2>\u00c9 boa ideia esperar at\u00e9 ao \u00faltimo momento?<\/h2>\n<p>Depende do espet\u00e1culo. A edi\u00e7\u00e3o de 2026 chega a setembro com v\u00e1rias sess\u00f5es j\u00e1 anunciadas como <strong>esgotadas<\/strong>. Espa\u00e7os como San Luis de los Franceses ou a Real F\u00e1brica de Artiller\u00eda t\u00eam uma capacidade mais limitada do que os grandes teatros, pelo que determinadas propostas podem esgotar muito mais cedo.<\/p>\n<p>Se tiver uma prioridade art\u00edstica muito concreta, a estrat\u00e9gia mais segura \u00e9 comprar assim que encontrar disponibilidade. Se pretende apenas viver a Bienal sem um espet\u00e1culo imprescind\u00edvel, a compra de \u00faltima hora d\u00e1-lhe mais margem para aproveitar lugares libertados ou a Hora Joven.<\/p>\n<\/div><\/div><\/div><\/div><\/div><\/div><\/div><\/section><section class=\"l-section wpb_row height_huge\"><div class=\"l-section-h i-cf\"><div class=\"g-cols vc_row via_flex valign_top type_default stacking_default\"><div class=\"vc_col-sm-12 wpb_column vc_column_container\"><div class=\"vc_column-inner\"><div class=\"wpb_wrapper\"><div class=\"wpb_text_column\"><div class=\"wpb_wrapper\"><h2 id=\"agotadas\">O que fazer se o espet\u00e1culo que quer ver estiver esgotado<\/h2>\n<p>Uma sess\u00e3o esgotada n\u00e3o significa que a sua Bienal terminou. A edi\u00e7\u00e3o de 2026 prolonga-se por quase um m\u00eas e distribui o programa por numerosos espa\u00e7os, hor\u00e1rios e formatos.<\/p>\n<p>O primeiro passo \u00e9 verificar a <strong>p\u00e1gina oficial da data espec\u00edfica<\/strong>. N\u00e3o considere um espet\u00e1culo esgotado apenas porque uma data anterior estava cheia. Alguns projetos oferecem duas ou mais sess\u00f5es e a disponibilidade pode ser diferente em cada uma.<\/p>\n<p>Se efetivamente j\u00e1 n\u00e3o houver lugares, recomendamos que consulte o nosso guia <a href=\"https:\/\/www.tablaosflamencos.com\/bienal-flamenco-2026-entradas-agotadas-que-ver.html\"><strong>Bienal de Flamenco 2026: bilhetes esgotados e o que ver se j\u00e1 n\u00e3o encontra lugares<\/strong><\/a>. Prepar\u00e1mos tamb\u00e9m um guia espec\u00edfico para quem procura uma alternativa imediata: <a href=\"https:\/\/www.tablaosflamencos.com\/bienal-agotada-donde-ver-flamenco-hoy-sevilla.html\"><strong>Bienal esgotada: onde ver flamenco hoje em Sevilha<\/strong><\/a>.<\/p>\n<\/div><\/div><div class=\"w-separator size_medium\"><\/div><div class=\"w-hwrapper valign_top wrap stack_on_mobiles align_center\" style=\"--hwrapper-gap:1.2rem\"><div class=\"w-btn-wrapper align_none\"><a class=\"w-btn us-btn-style_1\" href=\"https:\/\/www.tablaosflamencos.com\/pt-pt\/bienal-flamenco-sevilha-2026-bilhetes-esgotados-alternativas.html\"><span class=\"w-btn-label\">O que fazer se n\u00e3o houver bilhetes<\/span><\/a><\/div><div class=\"w-btn-wrapper align_none\"><a class=\"w-btn us-btn-style_1\" href=\"https:\/\/www.tablaosflamencos.com\/pt-pt\/flamenco-em-sevilha\"><span class=\"w-btn-label\">Ver flamenco em Sevilha<\/span><\/a><\/div><\/div><\/div><\/div><\/div><\/div><\/div><\/section><section class=\"l-section wpb_row height_huge color_alternate\"><div class=\"l-section-h i-cf\"><div class=\"g-cols vc_row via_flex valign_top type_default stacking_default\"><div class=\"vc_col-sm-6 wpb_column vc_column_container\"><div class=\"vc_column-inner\"><div class=\"wpb_wrapper\"><div class=\"wpb_text_column\"><div class=\"wpb_wrapper\"><h2 id=\"gratis\">H\u00e1 espet\u00e1culos e atividades gratuitos na Bienal 2026?<\/h2>\n<p>Sim. A pr\u00f3pria Bienal confirma que a edi\u00e7\u00e3o de 2026 inclui <strong>atividades gratuitas<\/strong> no seu programa paralelo. Isto permite participar no ambiente do festival mesmo sem comprar um bilhete para cada dia.<\/p>\n<p>Exposi\u00e7\u00f5es, propostas culturais, encontros e outras atividades podem complementar muito bem uma sess\u00e3o paga. Al\u00e9m disso, para quem vai passar v\u00e1rios dias em Sevilha, combinar espet\u00e1culos de 25 ou 30 euros com atividades gratuitas ajuda a controlar o or\u00e7amento total da viagem.<\/p>\n<p>Consulte o nosso guia <a href=\"https:\/\/www.tablaosflamencos.com\/bienal-flamenco-sevilla-2026-gratis.html\"><strong>Bienal de Flamenco de Sevilha 2026 gr\u00e1tis: espet\u00e1culos e atividades gratuitos<\/strong><\/a> para ver as op\u00e7\u00f5es que temos reunido.<\/p>\n<\/div><\/div><\/div><\/div><\/div><div class=\"vc_col-sm-6 wpb_column vc_column_container\"><div class=\"vc_column-inner\"><div class=\"wpb_wrapper\"><div class=\"wpb_text_column\"><div class=\"wpb_wrapper\"><h2>Quanto pode custar um dia de Bienal<\/h2>\n<p>Um dia pode ser muito diferente consoante o plano. Com um lugar de 15 ou 20 euros no Lope de Vega ou no Espacio Turina e uma atividade gratuita, \u00e9 poss\u00edvel viver o festival com um or\u00e7amento reduzido. Um bilhete de pre\u00e7o \u00fanico em muitos espa\u00e7os custa <strong>30 euros<\/strong>.<\/p>\n<p>Se quiser combinar duas sess\u00f5es pagas no mesmo dia, um or\u00e7amento habitual pode situar-se aproximadamente entre <strong>50 e 70 euros<\/strong>, dependendo dos recintos. No extremo superior, um lugar premium para Sara Baras custa 75 euros antes de acrescentar qualquer outro espet\u00e1culo do dia.<\/p>\n<p>Por isso, recomendamos escolher primeiro um ou dois espet\u00e1culos realmente priorit\u00e1rios e completar depois o itiner\u00e1rio com propostas mais econ\u00f3micas, gratuitas ou com flamenco noutros espa\u00e7os de Sevilha.<\/p>\n<\/div><\/div><\/div><\/div><\/div><\/div><\/div><\/section><section class=\"l-section wpb_row height_huge\"><div class=\"l-section-h i-cf\"><div class=\"g-cols vc_row via_flex valign_top type_default stacking_default\"><div class=\"vc_col-sm-12 wpb_column vc_column_container\"><div class=\"vc_column-inner\"><div class=\"wpb_wrapper\"><div class=\"wpb_text_column\"><div class=\"wpb_wrapper\"><h2 id=\"consejos\" style=\"text-align: center;\">Conselhos para comprar bilhetes da Bienal 2026<\/h2>\n<ul>\n<li><strong>Compre primeiro os imprescind\u00edveis.<\/strong> Se viajar para ver um artista espec\u00edfico, n\u00e3o espere at\u00e9 a data se aproximar.<\/li>\n<li><strong>Compare zonas, n\u00e3o apenas pre\u00e7os.<\/strong> No Maestranza e no Lope de Vega h\u00e1 diferen\u00e7as importantes entre os lugares.<\/li>\n<li><strong>Verifique cada data separadamente.<\/strong> Um espet\u00e1culo pode estar esgotado num dia e ter bilhetes dispon\u00edveis noutra sess\u00e3o.<\/li>\n<li><strong>Se tiver menos de 30 anos, considere a Hora Joven.<\/strong> A poupan\u00e7a de 50% \u00e9 significativa, mas implica aceitar o risco de j\u00e1 n\u00e3o haver bilhetes.<\/li>\n<li><strong>J\u00e1 n\u00e3o conte com os descontos antecipados.<\/strong> As campanhas de 10% e 5% terminaram em mar\u00e7o e abril.<\/li>\n<li><strong>Utilize o canal oficial.<\/strong> Entre na p\u00e1gina de cada espet\u00e1culo a partir da programa\u00e7\u00e3o da Bienal.<\/li>\n<li><strong>Combine op\u00e7\u00f5es pagas e gratuitas.<\/strong> O programa paralelo permite construir dias de festival com or\u00e7amentos muito diferentes.<\/li>\n<li><strong>Tenha um plano B.<\/strong> Sevilha mant\u00e9m uma oferta di\u00e1ria de flamenco para al\u00e9m da programa\u00e7\u00e3o oficial da Bienal.<\/li>\n<\/ul>\n<\/div><\/div><\/div><\/div><\/div><\/div><\/div><\/section><section class=\"l-section wpb_row height_huge color_alternate\"><div class=\"l-section-h i-cf\"><div class=\"g-cols vc_row via_flex valign_top type_default stacking_default\"><div class=\"vc_col-sm-12 wpb_column vc_column_container\"><div class=\"vc_column-inner\"><div class=\"wpb_wrapper\"><div class=\"wpb_text_column\"><div class=\"wpb_wrapper\"><h2 style=\"text-align: center;\">Uma Bienal com pre\u00e7os muito diferentes consoante a experi\u00eancia<\/h2>\n<p style=\"text-align: center;\">A Bienal 2026 permite criar experi\u00eancias muito diferentes. \u00c9 poss\u00edvel entrar por 12 ou 15 euros em algumas zonas, assistir a muitos espet\u00e1culos por 30 euros ou escolher grandes produ\u00e7\u00f5es no Maestranza com pre\u00e7os superiores.<\/p>\n<p style=\"text-align: center;\">Nesta fase do calend\u00e1rio, a chave j\u00e1 n\u00e3o est\u00e1 em esperar por uma nova campanha de desconto antecipado, mas em <strong>comparar sess\u00f5es, acompanhar a disponibilidade e aproveitar a Hora Joven se cumprir os requisitos<\/strong>.<\/p>\n<p style=\"text-align: center;\">E se uma sess\u00e3o esgotar, n\u00e3o centre toda a visita num \u00fanico bilhete: a Bienal ocupa a cidade durante semanas e Sevilha oferece muitas outras possibilidades para continuar a ver flamenco.<\/p>\n<\/div><\/div><div class=\"w-separator size_medium\"><\/div><div class=\"w-hwrapper valign_top wrap stack_on_mobiles align_center\" style=\"--hwrapper-gap:1.2rem\"><div class=\"w-btn-wrapper align_none\"><a class=\"w-btn us-btn-style_1\" href=\"https:\/\/www.tablaosflamencos.com\/pt-pt\/bienal-flamenco-sevilha\"><span class=\"w-btn-label\">Ver a p\u00e1gina da Bienal<\/span><\/a><\/div><div class=\"w-btn-wrapper align_none\"><a class=\"w-btn us-btn-style_1\" href=\"https:\/\/www.tablaosflamencos.com\/pt-pt\/bienal-flamenco-sevilha-2026-gratis.html\"><span class=\"w-btn-label\">Atividades gratuitas da Bienal 2026<\/span><\/a><\/div><\/div><\/div><\/div><\/div><\/div><\/div><\/section><section class=\"l-section wpb_row height_huge with_shape\"><div class=\"l-section-shape type_zigzag pos_bottom\" style=\"height:3vmin;\"><svg xmlns=\"http:\/\/www.w3.org\/2000\/svg\" viewBox=\"0 0 64 8\" preserveAspectRatio=\"none\" width=\"100%\" height=\"100%\">\r\n\t<path fill=\"currentColor\" d=\"M64 8 L0 8 L0 0 L20 7.9 L40 3 L48 5 L64 0 Z\"\/>\r\n<\/svg><\/div><div class=\"l-section-h i-cf\"><div class=\"g-cols vc_row via_flex valign_top type_default stacking_default\"><div class=\"vc_col-sm-1\/5 wpb_column vc_column_container\"><div class=\"vc_column-inner\"><div class=\"wpb_wrapper\"><\/div><\/div><\/div><div class=\"vc_col-sm-3\/5 wpb_column vc_column_container\"><div class=\"vc_column-inner\"><div class=\"wpb_wrapper\"><div class=\"wpb_text_column\"><div class=\"wpb_wrapper\"><h2 id=\"faq-entradas\" style=\"text-align: center;\">Perguntas frequentes sobre bilhetes, pre\u00e7os e descontos da Bienal 2026<\/h2>\n<\/div><\/div><div class=\"w-separator size_medium\"><\/div><div class=\"w-tabs accordion toggle_style_1 has_scrolling\" style=\"--sections-title-size:inherit;--sections-gap:0.5rem;\"><div class=\"w-tabs-sections titles-align_none icon_chevron cpos_right\"><div class=\"w-tabs-section\" id=\"nf29\"><button type=\"button\" class=\"w-tabs-section-header\" aria-controls=\"content-nf29\" aria-expanded=\"false\"><div class=\"w-tabs-section-title\">Quanto custam os bilhetes da Bienal de Flamenco de Sevilha 2026?<\/div><div class=\"w-tabs-section-control\"><\/div><\/button><div  class=\"w-tabs-section-content\" id=\"content-nf29\"><div class=\"w-tabs-section-content-h i-cf\"><div class=\"wpb_text_column\"><div class=\"wpb_wrapper\"><p>Os pre\u00e7os publicados variam entre <strong>12 e 75 euros<\/strong>. O bilhete de 12 \u20ac corresponde ao Para\u00edso Lateral do Teatro Lope de Vega e os 75 \u20ac aos lugares de plateia para <em>Infinita<\/em>, de Sara Baras, no Teatro de la Maestranza.<\/p>\n<\/div><\/div><\/div><\/div><\/div><div class=\"w-tabs-section\" id=\"q036\"><button type=\"button\" class=\"w-tabs-section-header\" aria-controls=\"content-q036\" aria-expanded=\"false\"><div class=\"w-tabs-section-title\">Onde se compram os bilhetes da Bienal 2026?<\/div><div class=\"w-tabs-section-control\"><\/div><\/button><div  class=\"w-tabs-section-content\" id=\"content-q036\"><div class=\"w-tabs-section-content-h i-cf\"><div class=\"wpb_text_column\"><div class=\"wpb_wrapper\"><p>A compra \u00e9 feita a partir da <strong>p\u00e1gina oficial de cada espet\u00e1culo<\/strong> dentro da Programa\u00e7\u00e3o Geral da Bienal. Quando existem lugares, a p\u00e1gina mostra o acesso ao respetivo canal oficial de compra.<\/p>\n<\/div><\/div><\/div><\/div><\/div><div class=\"w-tabs-section\" id=\"t177\"><button type=\"button\" class=\"w-tabs-section-header\" aria-controls=\"content-t177\" aria-expanded=\"false\"><div class=\"w-tabs-section-title\">O desconto de 10% por compra antecipada ainda est\u00e1 dispon\u00edvel?<\/div><div class=\"w-tabs-section-control\"><\/div><\/button><div  class=\"w-tabs-section-content\" id=\"content-t177\"><div class=\"w-tabs-section-content-h i-cf\"><div class=\"wpb_text_column\"><div class=\"wpb_wrapper\"><p>N\u00e3o. O desconto de 10% esteve em vigor de 11 de fevereiro a 10 de mar\u00e7o de 2026. Depois houve um desconto de 5% de 11 de mar\u00e7o a 11 de abril. Ambos os per\u00edodos j\u00e1 terminaram.<\/p>\n<\/div><\/div><\/div><\/div><\/div><div class=\"w-tabs-section\" id=\"s2a5\"><button type=\"button\" class=\"w-tabs-section-header\" aria-controls=\"content-s2a5\" aria-expanded=\"false\"><div class=\"w-tabs-section-title\">O que \u00e9 a Hora Joven da Bienal?<\/div><div class=\"w-tabs-section-control\"><\/div><\/button><div  class=\"w-tabs-section-content\" id=\"content-s2a5\"><div class=\"w-tabs-section-content-h i-cf\"><div class=\"wpb_text_column\"><div class=\"wpb_wrapper\"><p>\u00c9 um <strong>desconto de 50%<\/strong> para menores de 30 anos que comprem na bilheteira uma hora antes do espet\u00e1culo, desde que ainda existam lugares dispon\u00edveis.<\/p>\n<\/div><\/div><\/div><\/div><\/div><div class=\"w-tabs-section\" id=\"e3ea\"><button type=\"button\" class=\"w-tabs-section-header\" aria-controls=\"content-e3ea\" aria-expanded=\"false\"><div class=\"w-tabs-section-title\">Posso comprar um bilhete no pr\u00f3prio dia do espet\u00e1culo?<\/div><div class=\"w-tabs-section-control\"><\/div><\/button><div  class=\"w-tabs-section-content\" id=\"content-e3ea\"><div class=\"w-tabs-section-content-h i-cf\"><div class=\"wpb_text_column\"><div class=\"wpb_wrapper\"><p>Sim. A Bienal indica que podem ser adquiridos bilhetes uma hora antes no espa\u00e7o onde se realiza a sess\u00e3o, <strong>desde que ainda existam bilhetes dispon\u00edveis<\/strong>.<\/p>\n<\/div><\/div><\/div><\/div><\/div><div class=\"w-tabs-section\" id=\"h542\"><button type=\"button\" class=\"w-tabs-section-header\" aria-controls=\"content-h542\" aria-expanded=\"false\"><div class=\"w-tabs-section-title\">Quanto custam os bilhetes de Sara Baras?<\/div><div class=\"w-tabs-section-control\"><\/div><\/button><div  class=\"w-tabs-section-content\" id=\"content-h542\"><div class=\"w-tabs-section-content-h i-cf\"><div class=\"wpb_text_column\"><div class=\"wpb_wrapper\"><p>Para <em>Infinita<\/em>, de Sara Baras, os pre\u00e7os publicados no Teatro de la Maestranza v\u00e3o de <strong>42 a 75 euros<\/strong>, consoante a zona.<\/p>\n<\/div><\/div><\/div><\/div><\/div><div class=\"w-tabs-section\" id=\"s640\"><button type=\"button\" class=\"w-tabs-section-header\" aria-controls=\"content-s640\" aria-expanded=\"false\"><div class=\"w-tabs-section-title\">H\u00e1 bilhetes da Bienal por 30 euros?<\/div><div class=\"w-tabs-section-control\"><\/div><\/button><div  class=\"w-tabs-section-content\" id=\"content-s640\"><div class=\"w-tabs-section-content-h i-cf\"><div class=\"wpb_text_column\"><div class=\"wpb_wrapper\"><p>Sim. Teatro Central, Igreja de San Luis, Teatro Alameda, Real F\u00e1brica de Artiller\u00eda, Real Alc\u00e1zar e Hotel Triana aparecem com um <strong>pre\u00e7o publicado de 30 \u20ac<\/strong> para os seus espet\u00e1culos da Bienal.<\/p>\n<\/div><\/div><\/div><\/div><\/div><div class=\"w-tabs-section\" id=\"c71f\"><button type=\"button\" class=\"w-tabs-section-header\" aria-controls=\"content-c71f\" aria-expanded=\"false\"><div class=\"w-tabs-section-title\">H\u00e1 atividades gratuitas na Bienal 2026?<\/div><div class=\"w-tabs-section-control\"><\/div><\/button><div  class=\"w-tabs-section-content\" id=\"content-c71f\"><div class=\"w-tabs-section-content-h i-cf\"><div class=\"wpb_text_column\"><div class=\"wpb_wrapper\"><p>Sim. A Bienal inclui atividades gratuitas no seu programa paralelo. A disponibilidade e o calend\u00e1rio devem ser confirmados na programa\u00e7\u00e3o atualizada.<\/p>\n<\/div><\/div><\/div><\/div><\/div><div class=\"w-tabs-section\" id=\"i7f7\"><button type=\"button\" class=\"w-tabs-section-header\" aria-controls=\"content-i7f7\" aria-expanded=\"false\"><div class=\"w-tabs-section-title\">O que fa\u00e7o se os bilhetes que quero estiverem esgotados?<\/div><div class=\"w-tabs-section-control\"><\/div><\/button><div  class=\"w-tabs-section-content\" id=\"content-i7f7\"><div class=\"w-tabs-section-content-h i-cf\"><div class=\"wpb_text_column\"><div class=\"wpb_wrapper\"><p>Verifique primeiro outras datas do mesmo espet\u00e1culo. Se n\u00e3o houver disponibilidade, procure outras sess\u00f5es da Bienal, atividades gratuitas ou espet\u00e1culos de flamenco em Sevilha. Na Tablaos Flamencos mantemos guias espec\u00edficos com alternativas para sess\u00f5es esgotadas.<\/p>\n<\/div><\/div><\/div><\/div><\/div><div class=\"w-tabs-section\" id=\"e900\"><button type=\"button\" class=\"w-tabs-section-header\" aria-controls=\"content-e900\" aria-expanded=\"false\"><div class=\"w-tabs-section-title\">Posso aplicar os descontos habituais de um teatro aos bilhetes da Bienal?<\/div><div class=\"w-tabs-section-control\"><\/div><\/button><div  class=\"w-tabs-section-content\" id=\"content-e900\"><div class=\"w-tabs-section-content-h i-cf\"><div class=\"wpb_text_column\"><div class=\"wpb_wrapper\"><p>N\u00e3o deve partir desse princ\u00edpio. A informa\u00e7\u00e3o espec\u00edfica de venda da Bienal publica as suas pr\u00f3prias condi\u00e7\u00f5es e descontos. Antes de comprar, verifique sempre as condi\u00e7\u00f5es da sess\u00e3o concreta ou contacte a bilheteira.<\/p>\n<\/div><\/div><\/div><\/div><\/div><\/div><\/div><\/div><\/div><\/div><div class=\"vc_col-sm-1\/5 wpb_column vc_column_container\"><div class=\"vc_column-inner\"><div class=\"wpb_wrapper\"><\/div><\/div><\/div><\/div><\/div><\/section>\n","protected":false},"excerpt":{"rendered":"<p>Guia atualizado para comprar bilhetes para a Bienal de Flamenco de Sevilha 2026: pre\u00e7os por espa\u00e7o, descontos, Hora Joven, bilheteiras e alternativas em caso de esgotado.<\/p>\n","protected":false},"author":1,"featured_media":13857,"comment_status":"closed","ping_status":"closed","sticky":false,"template":"","format":"standard","meta":{"_acf_changed":false,"wpai_generated_summary":"","_ayudawp_aiss_exclude":false,"_ayudawp_aiss_exclude_summary":false,"_ayudawp_aiss_summary":"","_ayudawp_aiss_summary_provider":"","_ayudawp_aiss_summary_hash":"","footnotes":""},"categories":[1430],"tags":[1255,1256,1257,1835,1258,1188,1259],"class_list":["post-13904","post","type-post","status-publish","format-standard","has-post-thumbnail","hentry","category-bienal-flamenco-sevilha","tag-agenda-flamenca","tag-bienal-2026","tag-bienal-de-flamenco","tag-bilhetes-flamenco","tag-festivales-flamencos","tag-flamenco-en-sevilla","tag-sevilla"],"acf":[],"yoast_head":"<!-- This site is optimized with the Yoast SEO Premium plugin v28.4 (Yoast SEO v28.4) - https:\/\/yoast.com\/product\/yoast-seo-premium-wordpress\/ -->\n<title>Bilhetes Bienal Flamenco Sevilha 2026: pre\u00e7os e descontos<\/title>\n<meta name=\"description\" content=\"Pre\u00e7os e descontos da Bienal de Flamenco de Sevilha 2026: bilhetes desde 12 \u20ac, Hora Joven a 50%, bilheteiras, compra online e pre\u00e7os por espa\u00e7o.\" \/>\n<meta name=\"robots\" content=\"index, follow, max-snippet:-1, max-image-preview:large, max-video-preview:-1\" \/>\n<link rel=\"canonical\" href=\"https:\/\/www.tablaosflamencos.com\/pt-pt\/bienal-flamenco-sevilha-2026-bilhetes-precos-descontos.html\" \/>\n<meta property=\"og:locale\" content=\"pt_PT\" \/>\n<meta property=\"og:type\" content=\"article\" \/>\n<meta property=\"og:title\" content=\"Bienal de Flamenco de Sevilha 2026: bilhetes, pre\u00e7os e descontos\" \/>\n<meta property=\"og:description\" content=\"Pre\u00e7os e descontos da Bienal de Flamenco de Sevilha 2026: bilhetes desde 12 \u20ac, Hora Joven a 50%, bilheteiras, compra online e pre\u00e7os por espa\u00e7o.\" \/>\n<meta property=\"og:url\" content=\"https:\/\/www.tablaosflamencos.com\/pt-pt\/bienal-flamenco-sevilha-2026-bilhetes-precos-descontos.html\" \/>\n<meta property=\"og:site_name\" content=\"Tablaos Flamencos\" \/>\n<meta property=\"article:publisher\" content=\"https:\/\/www.facebook.com\/tablaosflamencos\" \/>\n<meta property=\"article:published_time\" content=\"2026-09-01T21:35:30+00:00\" \/>\n<meta property=\"article:modified_time\" content=\"2026-09-01T22:41:51+00:00\" \/>\n<meta property=\"og:image\" content=\"https:\/\/www.tablaosflamencos.com\/wp-content\/uploads\/bienal-de-flamenco-2026-entradas-precios-y-descuentos-01.webp\" \/>\n\t<meta property=\"og:image:width\" content=\"1672\" \/>\n\t<meta property=\"og:image:height\" content=\"941\" \/>\n\t<meta property=\"og:image:type\" content=\"image\/webp\" \/>\n<meta name=\"author\" content=\"Miguel Ortiz\" \/>\n<meta name=\"twitter:card\" content=\"summary_large_image\" \/>\n<meta name=\"twitter:creator\" content=\"@tablaosflamenco\" \/>\n<meta name=\"twitter:site\" content=\"@tablaosflamenco\" \/>\n<meta name=\"twitter:label1\" content=\"Escrito por\" \/>\n\t<meta name=\"twitter:data1\" content=\"Miguel Ortiz\" \/>\n\t<meta name=\"twitter:label2\" content=\"Tempo estimado de leitura\" \/>\n\t<meta name=\"twitter:data2\" content=\"16 minutos\" \/>\n<script type=\"application\/ld+json\" class=\"yoast-schema-graph\">{\"@context\":\"https:\\\/\\\/schema.org\",\"@graph\":[{\"@type\":\"Article\",\"@id\":\"https:\\\/\\\/www.tablaosflamencos.com\\\/pt-pt\\\/bienal-flamenco-sevilha-2026-bilhetes-precos-descontos.html#article\",\"isPartOf\":{\"@id\":\"https:\\\/\\\/www.tablaosflamencos.com\\\/pt-pt\\\/bienal-flamenco-sevilha-2026-bilhetes-precos-descontos.html\"},\"author\":{\"name\":\"Miguel Ortiz\",\"@id\":\"https:\\\/\\\/www.tablaosflamencos.com\\\/pt-pt#\\\/schema\\\/person\\\/e7a9ebe14eb75a52ceabfbffb3c54f5d\"},\"headline\":\"Bienal de Flamenco de Sevilha 2026: bilhetes, pre\u00e7os e descontos\",\"datePublished\":\"2026-09-01T21:35:30+00:00\",\"dateModified\":\"2026-09-01T22:41:51+00:00\",\"mainEntityOfPage\":{\"@id\":\"https:\\\/\\\/www.tablaosflamencos.com\\\/pt-pt\\\/bienal-flamenco-sevilha-2026-bilhetes-precos-descontos.html\"},\"wordCount\":3225,\"publisher\":{\"@id\":\"https:\\\/\\\/www.tablaosflamencos.com\\\/pt-pt#organization\"},\"image\":{\"@id\":\"https:\\\/\\\/www.tablaosflamencos.com\\\/pt-pt\\\/bienal-flamenco-sevilha-2026-bilhetes-precos-descontos.html#primaryimage\"},\"thumbnailUrl\":\"https:\\\/\\\/www.tablaosflamencos.com\\\/wp-content\\\/uploads\\\/bienal-de-flamenco-2026-entradas-precios-y-descuentos-01.webp\",\"keywords\":[\"agenda flamenca\",\"Bienal 2026\",\"Bienal de Flamenco\",\"Bilhetes de flamenco\",\"festivales flamencos\",\"flamenco en Sevilla\",\"sevilla\"],\"articleSection\":[\"Bienal de Flamenco de Sevilha\"],\"inLanguage\":\"pt-PT\"},{\"@type\":\"WebPage\",\"@id\":\"https:\\\/\\\/www.tablaosflamencos.com\\\/pt-pt\\\/bienal-flamenco-sevilha-2026-bilhetes-precos-descontos.html\",\"url\":\"https:\\\/\\\/www.tablaosflamencos.com\\\/pt-pt\\\/bienal-flamenco-sevilha-2026-bilhetes-precos-descontos.html\",\"name\":\"Bilhetes Bienal Flamenco Sevilha 2026: pre\u00e7os e descontos\",\"isPartOf\":{\"@id\":\"https:\\\/\\\/www.tablaosflamencos.com\\\/pt-pt#website\"},\"primaryImageOfPage\":{\"@id\":\"https:\\\/\\\/www.tablaosflamencos.com\\\/pt-pt\\\/bienal-flamenco-sevilha-2026-bilhetes-precos-descontos.html#primaryimage\"},\"image\":{\"@id\":\"https:\\\/\\\/www.tablaosflamencos.com\\\/pt-pt\\\/bienal-flamenco-sevilha-2026-bilhetes-precos-descontos.html#primaryimage\"},\"thumbnailUrl\":\"https:\\\/\\\/www.tablaosflamencos.com\\\/wp-content\\\/uploads\\\/bienal-de-flamenco-2026-entradas-precios-y-descuentos-01.webp\",\"datePublished\":\"2026-09-01T21:35:30+00:00\",\"dateModified\":\"2026-09-01T22:41:51+00:00\",\"description\":\"Pre\u00e7os e descontos da Bienal de Flamenco de Sevilha 2026: bilhetes desde 12 \u20ac, Hora Joven a 50%, bilheteiras, compra online e pre\u00e7os por espa\u00e7o.\",\"breadcrumb\":{\"@id\":\"https:\\\/\\\/www.tablaosflamencos.com\\\/pt-pt\\\/bienal-flamenco-sevilha-2026-bilhetes-precos-descontos.html#breadcrumb\"},\"inLanguage\":\"pt-PT\",\"potentialAction\":[{\"@type\":\"ReadAction\",\"target\":[\"https:\\\/\\\/www.tablaosflamencos.com\\\/pt-pt\\\/bienal-flamenco-sevilha-2026-bilhetes-precos-descontos.html\"]}]},{\"@type\":\"ImageObject\",\"inLanguage\":\"pt-PT\",\"@id\":\"https:\\\/\\\/www.tablaosflamencos.com\\\/pt-pt\\\/bienal-flamenco-sevilha-2026-bilhetes-precos-descontos.html#primaryimage\",\"url\":\"https:\\\/\\\/www.tablaosflamencos.com\\\/wp-content\\\/uploads\\\/bienal-de-flamenco-2026-entradas-precios-y-descuentos-01.webp\",\"contentUrl\":\"https:\\\/\\\/www.tablaosflamencos.com\\\/wp-content\\\/uploads\\\/bienal-de-flamenco-2026-entradas-precios-y-descuentos-01.webp\",\"width\":1672,\"height\":941,\"caption\":\"Bienal de Flamenco 2026: entradas, precios y descuentos\"},{\"@type\":\"BreadcrumbList\",\"@id\":\"https:\\\/\\\/www.tablaosflamencos.com\\\/pt-pt\\\/bienal-flamenco-sevilha-2026-bilhetes-precos-descontos.html#breadcrumb\",\"itemListElement\":[{\"@type\":\"ListItem\",\"position\":1,\"name\":\"Home\",\"item\":\"https:\\\/\\\/www.tablaosflamencos.com\\\/pt-pt\"},{\"@type\":\"ListItem\",\"position\":2,\"name\":\"Bienal de Flamenco de Sevilha 2026: bilhetes, pre\u00e7os e descontos\"}]},{\"@type\":\"WebSite\",\"@id\":\"https:\\\/\\\/www.tablaosflamencos.com\\\/pt-pt#website\",\"url\":\"https:\\\/\\\/www.tablaosflamencos.com\\\/pt-pt\",\"name\":\"Tablaos Flamencos\",\"description\":\"Entradas para tablaos flamencos de Espa\u00f1a\",\"publisher\":{\"@id\":\"https:\\\/\\\/www.tablaosflamencos.com\\\/pt-pt#organization\"},\"alternateName\":\"Tablaos Flamencos\",\"potentialAction\":[{\"@type\":\"SearchAction\",\"target\":{\"@type\":\"EntryPoint\",\"urlTemplate\":\"https:\\\/\\\/www.tablaosflamencos.com\\\/pt-pt?s={search_term_string}\"},\"query-input\":{\"@type\":\"PropertyValueSpecification\",\"valueRequired\":true,\"valueName\":\"search_term_string\"}}],\"inLanguage\":\"pt-PT\"},{\"@type\":[\"Organization\",\"Place\",\"EntertainmentBusiness\"],\"@id\":\"https:\\\/\\\/www.tablaosflamencos.com\\\/pt-pt#organization\",\"name\":\"Tablaos Flamencos\",\"alternateName\":\"Tablaos Flamencos\",\"url\":\"https:\\\/\\\/www.tablaosflamencos.com\\\/pt-pt\",\"logo\":{\"@id\":\"https:\\\/\\\/www.tablaosflamencos.com\\\/pt-pt\\\/bienal-flamenco-sevilha-2026-bilhetes-precos-descontos.html#local-main-organization-logo\"},\"image\":{\"@id\":\"https:\\\/\\\/www.tablaosflamencos.com\\\/pt-pt\\\/bienal-flamenco-sevilha-2026-bilhetes-precos-descontos.html#local-main-organization-logo\"},\"sameAs\":[\"https:\\\/\\\/www.facebook.com\\\/tablaosflamencos\",\"https:\\\/\\\/x.com\\\/tablaosflamenco\",\"https:\\\/\\\/mastodon.social\\\/@tablaosflamencos\",\"https:\\\/\\\/www.instagram.com\\\/tablaosflamencos\",\"https:\\\/\\\/tiktok.com\\\/@tablaosflamencos\",\"https:\\\/\\\/www.linkedin.com\\\/company\\\/109408238\\\/\"],\"description\":\"Venta de entradas para espect\u00e1culos flamencos\",\"legalName\":\"Tablaos Flamencos\",\"foundingDate\":\"2015-01-01\",\"numberOfEmployees\":{\"@type\":\"QuantitativeValue\",\"minValue\":\"1\",\"maxValue\":\"10\"},\"address\":{\"@id\":\"https:\\\/\\\/www.tablaosflamencos.com\\\/pt-pt\\\/bienal-flamenco-sevilha-2026-bilhetes-precos-descontos.html#local-main-place-address\"},\"geo\":{\"@type\":\"GeoCoordinates\",\"latitude\":\"37.3868072\",\"longitude\":\"-5.993280299999999\"},\"telephone\":[\"+34623787787\"],\"contactPoint\":{\"@type\":\"ContactPoint\",\"telephone\":\"+34623787787\",\"email\":\"info@tablaosflamencos.com\"},\"openingHoursSpecification\":{\"@type\":\"OpeningHoursSpecification\",\"dayOfWeek\":[\"Monday\",\"Tuesday\",\"Wednesday\",\"Thursday\",\"Friday\",\"Saturday\",\"Sunday\"],\"opens\":\"00:00\",\"closes\":\"23:59\"},\"email\":\"info@tablaosflamencos.com\",\"priceRange\":\"$$$\",\"currenciesAccepted\":\"\u20ac\"},{\"@type\":\"Person\",\"@id\":\"https:\\\/\\\/www.tablaosflamencos.com\\\/pt-pt#\\\/schema\\\/person\\\/e7a9ebe14eb75a52ceabfbffb3c54f5d\",\"name\":\"Miguel Ortiz\",\"description\":\"Miguel Ortiz es un empresario flamenco, con una s\u00f3lida trayectoria dentro del sector. Ha presidido entidades culturales vinculadas al flamenco y, cuenta con un amplio recorrido profesional en la gesti\u00f3n y promoci\u00f3n de espect\u00e1culos y tablaos flamencos. Su pasi\u00f3n por la historia y el arte flamenco se refleja en cada art\u00edculo, donde combina experiencia, criterio y un profundo respeto por la tradici\u00f3n.\",\"sameAs\":[\"https:\\\/\\\/www.tablaosflamencos.com\",\"https:\\\/\\\/www.instagra.com\\\/miguelortizfe\",\"https:\\\/\\\/www.linkedin.com\\\/in\\\/miguelortizf\\\/\"],\"birthDate\":\"1984-11-22\",\"gender\":\"hombre\",\"knowsLanguage\":[\"espa\u00f1ol\",\"ingl\u00e9s\"],\"jobTitle\":\"Empresario flamenco\"},{\"@type\":\"PostalAddress\",\"@id\":\"https:\\\/\\\/www.tablaosflamencos.com\\\/pt-pt\\\/bienal-flamenco-sevilha-2026-bilhetes-precos-descontos.html#local-main-place-address\",\"streetAddress\":\"C\\\/ Alemanes, 19\",\"addressLocality\":\"Sevilla\",\"postalCode\":\"41004\",\"addressRegion\":\"Sevilla\",\"addressCountry\":\"ES\"},{\"@type\":\"ImageObject\",\"inLanguage\":\"pt-PT\",\"@id\":\"https:\\\/\\\/www.tablaosflamencos.com\\\/pt-pt\\\/bienal-flamenco-sevilha-2026-bilhetes-precos-descontos.html#local-main-organization-logo\",\"url\":\"https:\\\/\\\/www.tablaosflamencos.com\\\/wp-content\\\/uploads\\\/tablaos-flamencos-06-3.webp\",\"contentUrl\":\"https:\\\/\\\/www.tablaosflamencos.com\\\/wp-content\\\/uploads\\\/tablaos-flamencos-06-3.webp\",\"width\":600,\"height\":620,\"caption\":\"Tablaos Flamencos\"}]}<\/script>\n<meta name=\"geo.placename\" content=\"Sevilla\" \/>\n<meta name=\"geo.position\" content=\"37.3868072;-5.993280299999999\" \/>\n<meta name=\"geo.region\" content=\"Espanha\" \/>\n<!-- \/ Yoast SEO Premium plugin. -->","yoast_head_json":{"title":"Bilhetes Bienal Flamenco Sevilha 2026: pre\u00e7os e descontos","description":"Pre\u00e7os e descontos da Bienal de Flamenco de Sevilha 2026: bilhetes desde 12 \u20ac, Hora Joven a 50%, bilheteiras, compra online e pre\u00e7os por espa\u00e7o.","robots":{"index":"index","follow":"follow","max-snippet":"max-snippet:-1","max-image-preview":"max-image-preview:large","max-video-preview":"max-video-preview:-1"},"canonical":"https:\/\/www.tablaosflamencos.com\/pt-pt\/bienal-flamenco-sevilha-2026-bilhetes-precos-descontos.html","og_locale":"pt_PT","og_type":"article","og_title":"Bienal de Flamenco de Sevilha 2026: bilhetes, pre\u00e7os e descontos","og_description":"Pre\u00e7os e descontos da Bienal de Flamenco de Sevilha 2026: bilhetes desde 12 \u20ac, Hora Joven a 50%, bilheteiras, compra online e pre\u00e7os por espa\u00e7o.","og_url":"https:\/\/www.tablaosflamencos.com\/pt-pt\/bienal-flamenco-sevilha-2026-bilhetes-precos-descontos.html","og_site_name":"Tablaos Flamencos","article_publisher":"https:\/\/www.facebook.com\/tablaosflamencos","article_published_time":"2026-09-01T21:35:30+00:00","article_modified_time":"2026-09-01T22:41:51+00:00","og_image":[{"width":1672,"height":941,"url":"https:\/\/www.tablaosflamencos.com\/wp-content\/uploads\/bienal-de-flamenco-2026-entradas-precios-y-descuentos-01.webp","type":"image\/webp"}],"author":"Miguel Ortiz","twitter_card":"summary_large_image","twitter_creator":"@tablaosflamenco","twitter_site":"@tablaosflamenco","twitter_misc":{"Escrito por":"Miguel Ortiz","Tempo estimado de leitura":"16 minutos"},"schema":{"@context":"https:\/\/schema.org","@graph":[{"@type":"Article","@id":"https:\/\/www.tablaosflamencos.com\/pt-pt\/bienal-flamenco-sevilha-2026-bilhetes-precos-descontos.html#article","isPartOf":{"@id":"https:\/\/www.tablaosflamencos.com\/pt-pt\/bienal-flamenco-sevilha-2026-bilhetes-precos-descontos.html"},"author":{"name":"Miguel Ortiz","@id":"https:\/\/www.tablaosflamencos.com\/pt-pt#\/schema\/person\/e7a9ebe14eb75a52ceabfbffb3c54f5d"},"headline":"Bienal de Flamenco de Sevilha 2026: bilhetes, pre\u00e7os e descontos","datePublished":"2026-09-01T21:35:30+00:00","dateModified":"2026-09-01T22:41:51+00:00","mainEntityOfPage":{"@id":"https:\/\/www.tablaosflamencos.com\/pt-pt\/bienal-flamenco-sevilha-2026-bilhetes-precos-descontos.html"},"wordCount":3225,"publisher":{"@id":"https:\/\/www.tablaosflamencos.com\/pt-pt#organization"},"image":{"@id":"https:\/\/www.tablaosflamencos.com\/pt-pt\/bienal-flamenco-sevilha-2026-bilhetes-precos-descontos.html#primaryimage"},"thumbnailUrl":"https:\/\/www.tablaosflamencos.com\/wp-content\/uploads\/bienal-de-flamenco-2026-entradas-precios-y-descuentos-01.webp","keywords":["agenda flamenca","Bienal 2026","Bienal de Flamenco","Bilhetes de flamenco","festivales flamencos","flamenco en Sevilla","sevilla"],"articleSection":["Bienal de Flamenco de Sevilha"],"inLanguage":"pt-PT"},{"@type":"WebPage","@id":"https:\/\/www.tablaosflamencos.com\/pt-pt\/bienal-flamenco-sevilha-2026-bilhetes-precos-descontos.html","url":"https:\/\/www.tablaosflamencos.com\/pt-pt\/bienal-flamenco-sevilha-2026-bilhetes-precos-descontos.html","name":"Bilhetes Bienal Flamenco Sevilha 2026: pre\u00e7os e descontos","isPartOf":{"@id":"https:\/\/www.tablaosflamencos.com\/pt-pt#website"},"primaryImageOfPage":{"@id":"https:\/\/www.tablaosflamencos.com\/pt-pt\/bienal-flamenco-sevilha-2026-bilhetes-precos-descontos.html#primaryimage"},"image":{"@id":"https:\/\/www.tablaosflamencos.com\/pt-pt\/bienal-flamenco-sevilha-2026-bilhetes-precos-descontos.html#primaryimage"},"thumbnailUrl":"https:\/\/www.tablaosflamencos.com\/wp-content\/uploads\/bienal-de-flamenco-2026-entradas-precios-y-descuentos-01.webp","datePublished":"2026-09-01T21:35:30+00:00","dateModified":"2026-09-01T22:41:51+00:00","description":"Pre\u00e7os e descontos da Bienal de Flamenco de Sevilha 2026: bilhetes desde 12 \u20ac, Hora Joven a 50%, bilheteiras, compra online e pre\u00e7os por espa\u00e7o.","breadcrumb":{"@id":"https:\/\/www.tablaosflamencos.com\/pt-pt\/bienal-flamenco-sevilha-2026-bilhetes-precos-descontos.html#breadcrumb"},"inLanguage":"pt-PT","potentialAction":[{"@type":"ReadAction","target":["https:\/\/www.tablaosflamencos.com\/pt-pt\/bienal-flamenco-sevilha-2026-bilhetes-precos-descontos.html"]}]},{"@type":"ImageObject","inLanguage":"pt-PT","@id":"https:\/\/www.tablaosflamencos.com\/pt-pt\/bienal-flamenco-sevilha-2026-bilhetes-precos-descontos.html#primaryimage","url":"https:\/\/www.tablaosflamencos.com\/wp-content\/uploads\/bienal-de-flamenco-2026-entradas-precios-y-descuentos-01.webp","contentUrl":"https:\/\/www.tablaosflamencos.com\/wp-content\/uploads\/bienal-de-flamenco-2026-entradas-precios-y-descuentos-01.webp","width":1672,"height":941,"caption":"Bienal de Flamenco 2026: entradas, precios y descuentos"},{"@type":"BreadcrumbList","@id":"https:\/\/www.tablaosflamencos.com\/pt-pt\/bienal-flamenco-sevilha-2026-bilhetes-precos-descontos.html#breadcrumb","itemListElement":[{"@type":"ListItem","position":1,"name":"Home","item":"https:\/\/www.tablaosflamencos.com\/pt-pt"},{"@type":"ListItem","position":2,"name":"Bienal de Flamenco de Sevilha 2026: bilhetes, pre\u00e7os e descontos"}]},{"@type":"WebSite","@id":"https:\/\/www.tablaosflamencos.com\/pt-pt#website","url":"https:\/\/www.tablaosflamencos.com\/pt-pt","name":"Tablaos Flamencos","description":"Entradas para tablaos flamencos de Espa\u00f1a","publisher":{"@id":"https:\/\/www.tablaosflamencos.com\/pt-pt#organization"},"alternateName":"Tablaos Flamencos","potentialAction":[{"@type":"SearchAction","target":{"@type":"EntryPoint","urlTemplate":"https:\/\/www.tablaosflamencos.com\/pt-pt?s={search_term_string}"},"query-input":{"@type":"PropertyValueSpecification","valueRequired":true,"valueName":"search_term_string"}}],"inLanguage":"pt-PT"},{"@type":["Organization","Place","EntertainmentBusiness"],"@id":"https:\/\/www.tablaosflamencos.com\/pt-pt#organization","name":"Tablaos Flamencos","alternateName":"Tablaos Flamencos","url":"https:\/\/www.tablaosflamencos.com\/pt-pt","logo":{"@id":"https:\/\/www.tablaosflamencos.com\/pt-pt\/bienal-flamenco-sevilha-2026-bilhetes-precos-descontos.html#local-main-organization-logo"},"image":{"@id":"https:\/\/www.tablaosflamencos.com\/pt-pt\/bienal-flamenco-sevilha-2026-bilhetes-precos-descontos.html#local-main-organization-logo"},"sameAs":["https:\/\/www.facebook.com\/tablaosflamencos","https:\/\/x.com\/tablaosflamenco","https:\/\/mastodon.social\/@tablaosflamencos","https:\/\/www.instagram.com\/tablaosflamencos","https:\/\/tiktok.com\/@tablaosflamencos","https:\/\/www.linkedin.com\/company\/109408238\/"],"description":"Venta de entradas para espect\u00e1culos flamencos","legalName":"Tablaos Flamencos","foundingDate":"2015-01-01","numberOfEmployees":{"@type":"QuantitativeValue","minValue":"1","maxValue":"10"},"address":{"@id":"https:\/\/www.tablaosflamencos.com\/pt-pt\/bienal-flamenco-sevilha-2026-bilhetes-precos-descontos.html#local-main-place-address"},"geo":{"@type":"GeoCoordinates","latitude":"37.3868072","longitude":"-5.993280299999999"},"telephone":["+34623787787"],"contactPoint":{"@type":"ContactPoint","telephone":"+34623787787","email":"info@tablaosflamencos.com"},"openingHoursSpecification":{"@type":"OpeningHoursSpecification","dayOfWeek":["Monday","Tuesday","Wednesday","Thursday","Friday","Saturday","Sunday"],"opens":"00:00","closes":"23:59"},"email":"info@tablaosflamencos.com","priceRange":"$$$","currenciesAccepted":"\u20ac"},{"@type":"Person","@id":"https:\/\/www.tablaosflamencos.com\/pt-pt#\/schema\/person\/e7a9ebe14eb75a52ceabfbffb3c54f5d","name":"Miguel Ortiz","description":"Miguel Ortiz es un empresario flamenco, con una s\u00f3lida trayectoria dentro del sector. Ha presidido entidades culturales vinculadas al flamenco y, cuenta con un amplio recorrido profesional en la gesti\u00f3n y promoci\u00f3n de espect\u00e1culos y tablaos flamencos. Su pasi\u00f3n por la historia y el arte flamenco se refleja en cada art\u00edculo, donde combina experiencia, criterio y un profundo respeto por la tradici\u00f3n.","sameAs":["https:\/\/www.tablaosflamencos.com","https:\/\/www.instagra.com\/miguelortizfe","https:\/\/www.linkedin.com\/in\/miguelortizf\/"],"birthDate":"1984-11-22","gender":"hombre","knowsLanguage":["espa\u00f1ol","ingl\u00e9s"],"jobTitle":"Empresario flamenco"},{"@type":"PostalAddress","@id":"https:\/\/www.tablaosflamencos.com\/pt-pt\/bienal-flamenco-sevilha-2026-bilhetes-precos-descontos.html#local-main-place-address","streetAddress":"C\/ Alemanes, 19","addressLocality":"Sevilla","postalCode":"41004","addressRegion":"Sevilla","addressCountry":"ES"},{"@type":"ImageObject","inLanguage":"pt-PT","@id":"https:\/\/www.tablaosflamencos.com\/pt-pt\/bienal-flamenco-sevilha-2026-bilhetes-precos-descontos.html#local-main-organization-logo","url":"https:\/\/www.tablaosflamencos.com\/wp-content\/uploads\/tablaos-flamencos-06-3.webp","contentUrl":"https:\/\/www.tablaosflamencos.com\/wp-content\/uploads\/tablaos-flamencos-06-3.webp","width":600,"height":620,"caption":"Tablaos Flamencos"}]},"geo.placename":"Sevilla","geo.position":{"lat":"37.3868072","long":"-5.993280299999999"},"geo.region":"Espanha"},"_links":{"self":[{"href":"https:\/\/www.tablaosflamencos.com\/pt-pt\/wp-json\/wp\/v2\/posts\/13904","targetHints":{"allow":["GET"]}}],"collection":[{"href":"https:\/\/www.tablaosflamencos.com\/pt-pt\/wp-json\/wp\/v2\/posts"}],"about":[{"href":"https:\/\/www.tablaosflamencos.com\/pt-pt\/wp-json\/wp\/v2\/types\/post"}],"author":[{"embeddable":true,"href":"https:\/\/www.tablaosflamencos.com\/pt-pt\/wp-json\/wp\/v2\/users\/1"}],"replies":[{"embeddable":true,"href":"https:\/\/www.tablaosflamencos.com\/pt-pt\/wp-json\/wp\/v2\/comments?post=13904"}],"version-history":[{"count":4,"href":"https:\/\/www.tablaosflamencos.com\/pt-pt\/wp-json\/wp\/v2\/posts\/13904\/revisions"}],"predecessor-version":[{"id":14004,"href":"https:\/\/www.tablaosflamencos.com\/pt-pt\/wp-json\/wp\/v2\/posts\/13904\/revisions\/14004"}],"wp:featuredmedia":[{"embeddable":true,"href":"https:\/\/www.tablaosflamencos.com\/pt-pt\/wp-json\/wp\/v2\/media\/13857"}],"wp:attachment":[{"href":"https:\/\/www.tablaosflamencos.com\/pt-pt\/wp-json\/wp\/v2\/media?parent=13904"}],"wp:term":[{"taxonomy":"category","embeddable":true,"href":"https:\/\/www.tablaosflamencos.com\/pt-pt\/wp-json\/wp\/v2\/categories?post=13904"},{"taxonomy":"post_tag","embeddable":true,"href":"https:\/\/www.tablaosflamencos.com\/pt-pt\/wp-json\/wp\/v2\/tags?post=13904"}],"curies":[{"name":"wp","href":"https:\/\/api.w.org\/{rel}","templated":true}]}}