{"id":13843,"date":"2026-09-01T11:41:25","date_gmt":"2026-09-01T09:41:25","guid":{"rendered":"https:\/\/www.tablaosflamencos.com\/?p=13843"},"modified":"2026-09-01T12:07:53","modified_gmt":"2026-09-01T10:07:53","slug":"inauguracao-bienal-flamenco-sevilha-2026","status":"publish","type":"post","link":"https:\/\/www.tablaosflamencos.com\/pt-pt\/inauguracao-bienal-flamenco-sevilha-2026.html","title":{"rendered":"Como ser\u00e1 a inaugura\u00e7\u00e3o da Bienal de Flamenco de Sevilha 2026"},"content":{"rendered":"<section class=\"l-section wpb_row height_huge\"><div class=\"l-section-h i-cf\"><div class=\"g-cols vc_row via_flex valign_top type_default stacking_default\"><div class=\"vc_col-sm-6 wpb_column vc_column_container\"><div class=\"vc_column-inner\"><div class=\"wpb_wrapper\"><div class=\"wpb_text_column\"><div class=\"wpb_wrapper\"><h2>A Bienal de Flamenco de Sevilha 2026 abrir\u00e1 com um preg\u00f3n cantado em plena cidade<\/h2>\n<p>A <strong>XXIV Bienal de Flamenco de Sevilha<\/strong> come\u00e7ar\u00e1 oficialmente na <strong>quarta-feira, 9 de setembro de 2026<\/strong> com uma inaugura\u00e7\u00e3o muito diferente de uma gala convencional. N\u00e3o haver\u00e1 um palco frontal num teatro: a <strong>Plaza de San Francisco<\/strong> transformar-se-\u00e1 num espa\u00e7o c\u00e9nico envolvente onde as vozes surgir\u00e3o das varandas e o baile ocupar\u00e1 o centro da pra\u00e7a.<\/p>\n<p>A proposta intitula-se <em>Ecos primitivos. Cante en altura, danza en tierra<\/em> e foi concebida como um <strong>preg\u00f3n cantado<\/strong> sob a dire\u00e7\u00e3o art\u00edstica de Segundo Falc\u00f3n. Come\u00e7ar\u00e1 \u00e0s <strong>20:30<\/strong> e reunir\u00e1 Segundo Falc\u00f3n, Esperanza Fern\u00e1ndez, Pedro El Grana\u00edno, Rafael de Utrera e Mar\u00eda Terremoto no cante, com <strong>Ana Morales<\/strong> como protagonista do baile.<\/p>\n<p>A ideia \u00e9 que o p\u00fablico n\u00e3o contemple a inaugura\u00e7\u00e3o a partir de uma \u00fanica dire\u00e7\u00e3o, mas fique situado dentro de uma arquitetura sonora de <strong>360 graus<\/strong>. A pr\u00f3pria cidade funcionar\u00e1 como palco: as varandas, a pedra da pra\u00e7a, as vozes e o corpo da bailaora far\u00e3o parte da dramaturgia.<\/p>\n<\/div><\/div><\/div><\/div><\/div><div class=\"vc_col-sm-6 wpb_column vc_column_container\"><div class=\"vc_column-inner\"><div class=\"wpb_wrapper\"><div class=\"wpb_text_column\"><div class=\"wpb_wrapper\"><h3>Inaugura\u00e7\u00e3o da Bienal 2026: dados essenciais<\/h3>\n<ul>\n<li><strong>Data:<\/strong> quarta-feira, 9 de setembro de 2026.<\/li>\n<li><strong>Hora:<\/strong> 20:30.<\/li>\n<li><strong>Local:<\/strong> Plaza de San Francisco, Sevilha.<\/li>\n<li><strong>Proposta:<\/strong> <em>Ecos primitivos. Cante en altura, danza en tierra<\/em>.<\/li>\n<li><strong>Formato:<\/strong> preg\u00f3n cantado e experi\u00eancia c\u00e9nica imersiva de 360\u00ba.<\/li>\n<li><strong>Dire\u00e7\u00e3o art\u00edstica:<\/strong> Segundo Falc\u00f3n.<\/li>\n<li><strong>Cante:<\/strong> Segundo Falc\u00f3n, Esperanza Fern\u00e1ndez, Pedro El Grana\u00edno, Rafael de Utrera e Mar\u00eda Terremoto.<\/li>\n<li><strong>Baile:<\/strong> Ana Morales.<\/li>\n<li><strong>Organiza\u00e7\u00e3o:<\/strong> Bienal de Flamenco de Sevilha, coorganizada com a Fundaci\u00f3n Cajasol.<\/li>\n<\/ul>\n<p><small>\u00c0 data de publica\u00e7\u00e3o, a ficha oficial do preg\u00f3n n\u00e3o indica pre\u00e7o nem um sistema de compra de bilhetes. Conv\u00e9m consultar as condi\u00e7\u00f5es de acesso atualizadas antes de se deslocar.<\/small><\/p>\n<\/div><\/div><\/div><\/div><\/div><\/div><\/div><\/section><section class=\"l-section wpb_row height_huge color_alternate with_shape\"><div class=\"l-section-shape type_zigzag pos_top hor_flip\" style=\"height:3vmin;\"><svg xmlns=\"http:\/\/www.w3.org\/2000\/svg\" viewBox=\"0 0 64 8\" preserveAspectRatio=\"none\" width=\"100%\" height=\"100%\">\r\n\t<path fill=\"currentColor\" d=\"M64 8 L0 8 L0 0 L20 7.9 L40 3 L48 5 L64 0 Z\"\/>\r\n<\/svg><\/div><div class=\"l-section-shape type_zigzag pos_bottom\" style=\"height:3vmin;\"><svg xmlns=\"http:\/\/www.w3.org\/2000\/svg\" viewBox=\"0 0 64 8\" preserveAspectRatio=\"none\" width=\"100%\" height=\"100%\">\r\n\t<path fill=\"currentColor\" d=\"M64 8 L0 8 L0 0 L20 7.9 L40 3 L48 5 L64 0 Z\"\/>\r\n<\/svg><\/div><div class=\"l-section-h i-cf\"><div class=\"g-cols vc_row via_flex valign_top type_default stacking_default\"><div class=\"vc_col-sm-12 wpb_column vc_column_container\"><div class=\"vc_column-inner\"><div class=\"wpb_wrapper\"><div class=\"wpb_text_column\"><div class=\"wpb_wrapper\"><h2>Ecos primitivos: uma inaugura\u00e7\u00e3o pensada especificamente para a Plaza de San Francisco<\/h2>\n<p>A abertura n\u00e3o adapta uma obra teatral anterior a um espa\u00e7o exterior. <em>Ecos primitivos<\/em> foi concebido especificamente para a Bienal e para a <strong>Plaza de San Francisco<\/strong>. Essa diferen\u00e7a \u00e9 importante, porque a arquitetura n\u00e3o funcionar\u00e1 como simples pano de fundo: ser\u00e1 parte ativa do espet\u00e1culo.<\/p>\n<p>A proposta parte de uma ideia vertical. <strong>Cinco cantaores ocupar\u00e3o diferentes varandas em redor da pra\u00e7a<\/strong>, criando um mapa sonoro que envolver\u00e1 o p\u00fablico. Perante essas vozes que chegam das alturas, Ana Morales desenvolver\u00e1 a coreografia ao n\u00edvel da rua, no centro do espa\u00e7o.<\/p>\n<p>A Bienal define o conceito como um di\u00e1logo entre <strong>cante em altura e dan\u00e7a em terra<\/strong>. A oposi\u00e7\u00e3o entre voz e corpo, varandas e ch\u00e3o, mem\u00f3ria e cria\u00e7\u00e3o contempor\u00e2nea constitui o eixo visual e sonoro de toda a inaugura\u00e7\u00e3o.<\/p>\n<p>O resultado pretende romper com a rela\u00e7\u00e3o habitual entre palco e espectador. N\u00e3o haver\u00e1 um \u00fanico ponto frontal de observa\u00e7\u00e3o: o p\u00fablico ficar\u00e1 integrado no acontecimento e ter\u00e1 de perceber vozes provenientes de diferentes dire\u00e7\u00f5es enquanto a dan\u00e7a se desenvolve no centro.<\/p>\n<\/div><\/div><\/div><\/div><\/div><\/div><\/div><\/section><section class=\"l-section wpb_row height_huge\"><div class=\"l-section-h i-cf\"><div class=\"g-cols vc_row via_flex valign_top type_default stacking_default\"><div class=\"vc_col-sm-12 wpb_column vc_column_container\"><div class=\"vc_column-inner\"><div class=\"wpb_wrapper\"><div class=\"wpb_text_column\"><div class=\"wpb_wrapper\"><h2>Cinco vozes nas varandas: o que cantar\u00e1 cada artista<\/h2>\n<p>Um dos detalhes mais interessantes j\u00e1 publicados pela organiza\u00e7\u00e3o \u00e9 a distribui\u00e7\u00e3o dos cantes. Cada voz ter\u00e1 um papel concreto dentro desta arquitetura sonora e estar\u00e1 associada a um repert\u00f3rio de raiz.<\/p>\n<table>\n<thead>\n<tr>\n<th>Artista<\/th>\n<th>Cante previsto<\/th>\n<th>Papel na proposta<\/th>\n<\/tr>\n<\/thead>\n<tbody>\n<tr>\n<td><strong>Segundo Falc\u00f3n<\/strong><\/td>\n<td>Trilla e ton\u00e1 liviana<\/td>\n<td>Mem\u00f3ria do trabalho agr\u00edcola e um cante essencial, despojado de artif\u00edcios.<\/td>\n<\/tr>\n<tr>\n<td><strong>Rafael de Utrera<\/strong><\/td>\n<td>Romance<\/td>\n<td>Narra\u00e7\u00e3o de raiz e nudez vocal.<\/td>\n<\/tr>\n<tr>\n<td><strong>Mar\u00eda Terremoto<\/strong><\/td>\n<td>Martinete<\/td>\n<td>Um cante ligado \u00e0 forja, ao lamento e \u00e0 resist\u00eancia.<\/td>\n<\/tr>\n<tr>\n<td><strong>Esperanza Fern\u00e1ndez<\/strong><\/td>\n<td>Romance \/ corrido gitano<\/td>\n<td>A mem\u00f3ria transmitida atrav\u00e9s da palavra cantada.<\/td>\n<\/tr>\n<tr>\n<td><strong>Pedro El Grana\u00edno<\/strong><\/td>\n<td>Saeta<\/td>\n<td>Uma voz concebida como invoca\u00e7\u00e3o vertical a partir das alturas.<\/td>\n<\/tr>\n<\/tbody>\n<\/table>\n<p>Esta sele\u00e7\u00e3o ajuda a compreender o t\u00edtulo <em>Ecos primitivos<\/em>. N\u00e3o \u00e9 apresentada como um percurso pelos palos mais festivos ou populares, mas como uma procura de registos ligados \u00e0 narra\u00e7\u00e3o oral, ao trabalho, \u00e0 forja, \u00e0 transmiss\u00e3o e \u00e0 invoca\u00e7\u00e3o.<\/p>\n<\/div><\/div><\/div><\/div><\/div><\/div><\/div><\/section><section class=\"l-section wpb_row height_huge color_alternate with_shape\"><div class=\"l-section-shape type_zigzag pos_top hor_flip\" style=\"height:3vmin;\"><svg xmlns=\"http:\/\/www.w3.org\/2000\/svg\" viewBox=\"0 0 64 8\" preserveAspectRatio=\"none\" width=\"100%\" height=\"100%\">\r\n\t<path fill=\"currentColor\" d=\"M64 8 L0 8 L0 0 L20 7.9 L40 3 L48 5 L64 0 Z\"\/>\r\n<\/svg><\/div><div class=\"l-section-shape type_zigzag pos_bottom\" style=\"height:3vmin;\"><svg xmlns=\"http:\/\/www.w3.org\/2000\/svg\" viewBox=\"0 0 64 8\" preserveAspectRatio=\"none\" width=\"100%\" height=\"100%\">\r\n\t<path fill=\"currentColor\" d=\"M64 8 L0 8 L0 0 L20 7.9 L40 3 L48 5 L64 0 Z\"\/>\r\n<\/svg><\/div><div class=\"l-section-h i-cf\"><div class=\"g-cols vc_row via_flex valign_top type_default stacking_default\"><div class=\"vc_col-sm-12 wpb_column vc_column_container\"><div class=\"vc_column-inner\"><div class=\"wpb_wrapper\"><div class=\"wpb_text_column\"><div class=\"wpb_wrapper\"><h2>Ana Morales dan\u00e7ar\u00e1 no centro da pra\u00e7a<\/h2>\n<p>Enquanto as vozes ocupam as varandas, <strong>Ana Morales<\/strong> concentrar\u00e1 a dimens\u00e3o f\u00edsica da inaugura\u00e7\u00e3o no ch\u00e3o da Plaza de San Francisco. O seu baile n\u00e3o ser\u00e1 um acompanhamento ornamental do cante: a coreografia foi concebida como resposta corporal \u00e0s vozes que chegam das alturas.<\/p>\n<p>A organiza\u00e7\u00e3o explica a proposta a partir de tr\u00eas princ\u00edpios: <strong>movimento org\u00e2nico e corporal<\/strong>, <strong>fragmenta\u00e7\u00e3o e reconstru\u00e7\u00e3o do gesto<\/strong> e uma <strong>rela\u00e7\u00e3o direta com a terra como espa\u00e7o simb\u00f3lico<\/strong>.<\/p>\n<p>Esta abordagem enquadra-se no pr\u00f3prio percurso de Morales, uma criadora que tem trabalhado de forma continuada a rela\u00e7\u00e3o entre tradi\u00e7\u00e3o flamenca, linguagem contempor\u00e2nea, espa\u00e7o e corpo. Nesta ocasi\u00e3o, o contraste ser\u00e1 especialmente vis\u00edvel: o cante permanecer\u00e1 elevado em redor do p\u00fablico e o baile escrever-se-\u00e1 sobre o pavimento da pra\u00e7a.<\/p>\n<\/div><\/div><\/div><\/div><\/div><\/div><\/div><\/section><section class=\"l-section wpb_row height_huge\"><div class=\"l-section-h i-cf\"><div class=\"g-cols vc_row via_flex valign_top type_default stacking_default\"><div class=\"vc_col-sm-6 wpb_column vc_column_container\"><div class=\"vc_column-inner\"><div class=\"wpb_wrapper\"><div class=\"wpb_text_column\"><div class=\"wpb_wrapper\"><h2>Assim ser\u00e1 distribu\u00eddo o espa\u00e7o<\/h2>\n<p>A ficha oficial antecipa uma disposi\u00e7\u00e3o c\u00e9nica muito precisa:<\/p>\n<ul>\n<li><strong>Varandas perimetrais<\/strong> para as cinco vozes.<\/li>\n<li><strong>Palco central ao n\u00edvel da rua<\/strong>.<\/li>\n<li><strong>Zona coreogr\u00e1fica<\/strong> para Ana Morales.<\/li>\n<li><strong>P\u00fablico envolvente a 360\u00ba<\/strong>.<\/li>\n<\/ul>\n<p>N\u00e3o haver\u00e1, portanto, uma \u00fanica perspetiva privilegiada equivalente a um lugar central num teatro. A experi\u00eancia depender\u00e1 em parte do local ocupado por cada espectador na pra\u00e7a e da forma como as vozes se deslocarem acusticamente entre as fachadas.<\/p>\n<\/div><\/div><\/div><\/div><\/div><div class=\"vc_col-sm-6 wpb_column vc_column_container\"><div class=\"vc_column-inner\"><div class=\"wpb_wrapper\"><div class=\"wpb_text_column\"><div class=\"wpb_wrapper\"><h2>A Plaza de San Francisco como parte da dramaturgia<\/h2>\n<p>A escolha da Plaza de San Francisco refor\u00e7a a vontade de transformar Sevilha em palco da Bienal. \u00c9 um dos grandes espa\u00e7os hist\u00f3ricos do centro da cidade, situado junto \u00e0 C\u00e2mara Municipal e ligado diretamente \u00e0 Plaza Nueva e ao eixo da Avenida de la Constituci\u00f3n.<\/p>\n<p>Em <em>Ecos primitivos<\/em>, as fachadas e as varandas n\u00e3o funcionar\u00e3o apenas como cen\u00e1rio. A arquitetura permitir\u00e1 construir a verticalidade do espet\u00e1culo e distribuir as vozes em redor do p\u00fablico. Desta forma, um lugar quotidiano do centro hist\u00f3rico mudar\u00e1 temporariamente de fun\u00e7\u00e3o e transformar-se-\u00e1 numa esp\u00e9cie de teatro urbano sem paredes.<\/p>\n<\/div><\/div><\/div><\/div><\/div><\/div><\/div><\/section><section class=\"l-section wpb_row height_huge color_alternate with_shape\"><div class=\"l-section-shape type_zigzag pos_top hor_flip\" style=\"height:3vmin;\"><svg xmlns=\"http:\/\/www.w3.org\/2000\/svg\" viewBox=\"0 0 64 8\" preserveAspectRatio=\"none\" width=\"100%\" height=\"100%\">\r\n\t<path fill=\"currentColor\" d=\"M64 8 L0 8 L0 0 L20 7.9 L40 3 L48 5 L64 0 Z\"\/>\r\n<\/svg><\/div><div class=\"l-section-shape type_zigzag pos_bottom\" style=\"height:3vmin;\"><svg xmlns=\"http:\/\/www.w3.org\/2000\/svg\" viewBox=\"0 0 64 8\" preserveAspectRatio=\"none\" width=\"100%\" height=\"100%\">\r\n\t<path fill=\"currentColor\" d=\"M64 8 L0 8 L0 0 L20 7.9 L40 3 L48 5 L64 0 Z\"\/>\r\n<\/svg><\/div><div class=\"l-section-h i-cf\"><div class=\"g-cols vc_row via_flex valign_top type_default stacking_default\"><div class=\"vc_col-sm-12 wpb_column vc_column_container\"><div class=\"vc_column-inner\"><div class=\"wpb_wrapper\"><div class=\"wpb_text_column\"><div class=\"wpb_wrapper\"><h2>Porqu\u00ea um preg\u00f3n cantado e n\u00e3o uma inaugura\u00e7\u00e3o convencional?<\/h2>\n<p>A Bienal escolheu iniciar esta edi\u00e7\u00e3o recuperando uma dimens\u00e3o coletiva do flamenco. Em vez de separar rigidamente artistas, palco e espectadores, a inaugura\u00e7\u00e3o aproxima-se de uma ideia mais ritual: vozes que surgem de diferentes pontos, um corpo que responde a partir do centro e um p\u00fablico integrado no espa\u00e7o sonoro.<\/p>\n<p>Esta escolha dialoga tamb\u00e9m com um dos grandes argumentos da XXIV edi\u00e7\u00e3o: olhar para a mem\u00f3ria do flamenco sem a transformar numa reconstru\u00e7\u00e3o arqueol\u00f3gica. A programa\u00e7\u00e3o de 2026 recorda o s\u00e9culo decorrido desde a ascens\u00e3o da chamada \u00d3pera Flamenca e combina essa revis\u00e3o hist\u00f3rica com numerosas estreias e linguagens contempor\u00e2neas.<\/p>\n<p><em>Ecos primitivos<\/em> funciona, portanto, como uma declara\u00e7\u00e3o de inten\u00e7\u00f5es: abrir a Bienal procurando antigas formas de transmiss\u00e3o \u2014romance, martinete, trilla, ton\u00e1, saeta\u2014 mas reorganizadas atrav\u00e9s de uma encena\u00e7\u00e3o contempor\u00e2nea concebida para a cidade atual.<\/p>\n<\/div><\/div><\/div><\/div><\/div><\/div><\/div><\/section><section class=\"l-section wpb_row height_huge\"><div class=\"l-section-h i-cf\"><div class=\"g-cols vc_row via_flex valign_top type_default stacking_default\"><div class=\"vc_col-sm-12 wpb_column vc_column_container\"><div class=\"vc_column-inner\"><div class=\"wpb_wrapper\"><div class=\"wpb_text_column\"><div class=\"wpb_wrapper\"><h2>O dia 9 \u00e9 a abertura oficial, mas a grande gala chega no dia 10<\/h2>\n<p>Conv\u00e9m distinguir v\u00e1rias datas porque a inaugura\u00e7\u00e3o da Bienal 2026 pode gerar alguma confus\u00e3o. <strong>9 de setembro \u00e9 o in\u00edcio oficial<\/strong> com o preg\u00f3n cantado da Plaza de San Francisco. No entanto, a primeira grande gala da programa\u00e7\u00e3o geral chegar\u00e1 no dia seguinte.<\/p>\n<p>Na <strong>quinta-feira, 10 de setembro, \u00e0s 21:30<\/strong>, a Pra\u00e7a de Touros da Real Maestranza acolher\u00e1 <em>El mundo por montera<\/em>, uma Noche \u00danica que reunir\u00e1 Jos\u00e9 Merc\u00e9, Jos\u00e9 el de la Tomasa, Martirio, Arc\u00e1ngel, La Tremendita, \u00c1ngeles Toledano, El Perrete e Manuel de la Tomasa, al\u00e9m do Ballet Flamenco de Andaluc\u00eda com Patricia Guerrero. A dire\u00e7\u00e3o art\u00edstica pertence a Andr\u00e9s Mar\u00edn e Luis Ybarra.<\/p>\n<p>E a <strong>11 de setembro<\/strong> a programa\u00e7\u00e3o entra em pleno em v\u00e1rios dos grandes espa\u00e7os c\u00e9nicos: Antonio Rey atuar\u00e1 no Espacio Turina, Sara Baras estrear\u00e1 <em>Infinita<\/em> no Teatro de la Maestranza e Rosario La Tremendita apresentar\u00e1 <em>Menos es m\u00e1s<\/em> no Teatro Central.<\/p>\n<p>Por isso, a abertura de 2026 pode ser entendida como uma sequ\u00eancia de v\u00e1rios dias: <strong>preg\u00f3n urbano no dia 9, grande gala no dia 10 e pleno programa de teatros a partir do dia 11<\/strong>.<\/p>\n<\/div><\/div><\/div><\/div><\/div><\/div><\/div><\/section><section class=\"l-section wpb_row height_huge color_alternate with_shape\"><div class=\"l-section-shape type_zigzag pos_top hor_flip\" style=\"height:3vmin;\"><svg xmlns=\"http:\/\/www.w3.org\/2000\/svg\" viewBox=\"0 0 64 8\" preserveAspectRatio=\"none\" width=\"100%\" height=\"100%\">\r\n\t<path fill=\"currentColor\" d=\"M64 8 L0 8 L0 0 L20 7.9 L40 3 L48 5 L64 0 Z\"\/>\r\n<\/svg><\/div><div class=\"l-section-shape type_zigzag pos_bottom\" style=\"height:3vmin;\"><svg xmlns=\"http:\/\/www.w3.org\/2000\/svg\" viewBox=\"0 0 64 8\" preserveAspectRatio=\"none\" width=\"100%\" height=\"100%\">\r\n\t<path fill=\"currentColor\" d=\"M64 8 L0 8 L0 0 L20 7.9 L40 3 L48 5 L64 0 Z\"\/>\r\n<\/svg><\/div><div class=\"l-section-h i-cf\"><div class=\"g-cols vc_row via_flex valign_top type_default stacking_default\"><div class=\"vc_col-sm-12 wpb_column vc_column_container\"><div class=\"vc_column-inner\"><div class=\"wpb_wrapper\"><div class=\"wpb_text_column\"><div class=\"wpb_wrapper\"><h2>Na realidade, a atividade da Bienal ter\u00e1 come\u00e7ado v\u00e1rios dias antes<\/h2>\n<p>Embora 9 de setembro seja a data de abertura oficial, o p\u00fablico poder\u00e1 entrar no ambiente da Bienal j\u00e1 a partir de <strong>2 de setembro<\/strong>. A exposi\u00e7\u00e3o <em>La noche azul<\/em> abre nesse dia na Real F\u00e1brica de Artiller\u00eda e, entre os dias 3 e 6, sucedem-se v\u00e1rias atividades pr\u00e9vias em bairros e espa\u00e7os patrimoniais de Sevilha.<\/p>\n<p>Na Tablaos Flamencos prepar\u00e1mos um guia espec\u00edfico com tudo o que acontece durante esses dias para quem chega a Sevilha antes da inaugura\u00e7\u00e3o.<\/p>\n<p><a href=\"https:\/\/www.tablaosflamencos.com\/bienal-flamenco-2026-antes-9-septiembre.html\"><strong>Ver os eventos e atividades da Bienal antes de 9 de setembro<\/strong><\/a>.<\/p>\n<p>Tamb\u00e9m pode consultar o nosso <a href=\"https:\/\/www.tablaosflamencos.com\/bienal-flamenco-sevilla-2026.html\"><strong>guia completo da Bienal de Flamenco de Sevilha 2026<\/strong><\/a>, com datas, espa\u00e7os, programa\u00e7\u00e3o e conte\u00fados relacionados.<\/p>\n<\/div><\/div><\/div><\/div><\/div><\/div><\/div><\/section><section class=\"l-section wpb_row height_huge\"><div class=\"l-section-h i-cf\"><div class=\"g-cols vc_row via_flex valign_top type_default stacking_default\"><div class=\"vc_col-sm-12 wpb_column vc_column_container\"><div class=\"vc_column-inner\"><div class=\"wpb_wrapper\"><div class=\"wpb_text_column\"><div class=\"wpb_wrapper\"><h2>Conselhos para assistir \u00e0 inaugura\u00e7\u00e3o<\/h2>\n<p>A organiza\u00e7\u00e3o ainda pode publicar indica\u00e7\u00f5es adicionais sobre acessos e distribui\u00e7\u00e3o do p\u00fablico. Com a informa\u00e7\u00e3o dispon\u00edvel, h\u00e1 v\u00e1rias quest\u00f5es que conv\u00e9m ter em conta.<\/p>\n<p><strong>Chegue com anteced\u00eancia.<\/strong> A Plaza de San Francisco fica em pleno centro hist\u00f3rico e a proposta depende de uma disposi\u00e7\u00e3o envolvente do p\u00fablico. Se forem estabelecidos controlos de acesso ou limites de lota\u00e7\u00e3o, chegar cedo ser\u00e1 especialmente \u00fatil.<\/p>\n<p><strong>N\u00e3o procure necessariamente um \u00fanico \u00abmelhor lugar\u00bb.<\/strong> Tratando-se de uma proposta a 360 graus, as vozes estar\u00e3o distribu\u00eddas por diferentes varandas e o baile ocupar\u00e1 o centro. A pr\u00f3pria conce\u00e7\u00e3o do espet\u00e1culo evita uma \u00fanica frontalidade.<\/p>\n<p><strong>Consulte a ficha oficial no pr\u00f3prio dia.<\/strong> \u00c0 data de publica\u00e7\u00e3o, a p\u00e1gina do preg\u00f3n n\u00e3o mostra pre\u00e7o, bot\u00e3o de compra nem instru\u00e7\u00f5es detalhadas de acesso. N\u00e3o conv\u00e9m dar por adquirido um sistema concreto at\u00e9 que a organiza\u00e7\u00e3o o confirme.<\/p>\n<p><strong>Tenha em conta que se trata de um espet\u00e1culo ao ar livre.<\/strong> As condi\u00e7\u00f5es meteorol\u00f3gicas ou necessidades t\u00e9cnicas podem provocar indica\u00e7\u00f5es espec\u00edficas de \u00faltima hora.<\/p>\n<\/div><\/div><\/div><\/div><\/div><\/div><\/div><\/section><section class=\"l-section wpb_row height_huge color_alternate with_shape\"><div class=\"l-section-shape type_zigzag pos_top hor_flip\" style=\"height:3vmin;\"><svg xmlns=\"http:\/\/www.w3.org\/2000\/svg\" viewBox=\"0 0 64 8\" preserveAspectRatio=\"none\" width=\"100%\" height=\"100%\">\r\n\t<path fill=\"currentColor\" d=\"M64 8 L0 8 L0 0 L20 7.9 L40 3 L48 5 L64 0 Z\"\/>\r\n<\/svg><\/div><div class=\"l-section-shape type_zigzag pos_bottom\" style=\"height:3vmin;\"><svg xmlns=\"http:\/\/www.w3.org\/2000\/svg\" viewBox=\"0 0 64 8\" preserveAspectRatio=\"none\" width=\"100%\" height=\"100%\">\r\n\t<path fill=\"currentColor\" d=\"M64 8 L0 8 L0 0 L20 7.9 L40 3 L48 5 L64 0 Z\"\/>\r\n<\/svg><\/div><div class=\"l-section-h i-cf\"><div class=\"g-cols vc_row via_flex valign_top type_default stacking_default\"><div class=\"vc_col-sm-1\/5 wpb_column vc_column_container\"><div class=\"vc_column-inner\"><div class=\"wpb_wrapper\"><\/div><\/div><\/div><div class=\"vc_col-sm-3\/5 wpb_column vc_column_container\"><div class=\"vc_column-inner\"><div class=\"wpb_wrapper\"><div class=\"wpb_text_column\"><div class=\"wpb_wrapper\"><h2>Perguntas frequentes sobre a inaugura\u00e7\u00e3o da Bienal 2026<\/h2>\n<\/div><\/div><div class=\"w-separator size_medium\"><\/div><div class=\"w-tabs accordion toggle_style_1 has_scrolling\" style=\"--sections-title-size:inherit;--sections-gap:0.5rem;\"><div class=\"w-tabs-sections titles-align_none icon_plus cpos_left\"><div class=\"w-tabs-section\" id=\"o57d\" itemscope itemprop=\"mainEntity\" itemtype=\"https:\/\/schema.org\/Question\"><button type=\"button\" class=\"w-tabs-section-header\" aria-controls=\"content-o57d\" aria-expanded=\"false\"><h3 class=\"w-tabs-section-title\" itemprop=\"name\">Quando se inaugura oficialmente a Bienal de Flamenco de Sevilha 2026?<\/h3><div class=\"w-tabs-section-control\"><\/div><\/button><div  class=\"w-tabs-section-content\" id=\"content-o57d\" itemscope itemprop=\"acceptedAnswer\" itemtype=\"https:\/\/schema.org\/Answer\"><div class=\"w-tabs-section-content-h i-cf\" itemprop=\"text\"><div class=\"wpb_text_column\"><div class=\"wpb_wrapper\"><p>A inaugura\u00e7\u00e3o oficial ser\u00e1 na quarta-feira, 9 de setembro de 2026, \u00e0s 20:30, na Plaza de San Francisco, em Sevilha.<\/p>\n<\/div><\/div><\/div><\/div><\/div><div class=\"w-tabs-section\" id=\"s678\" itemscope itemprop=\"mainEntity\" itemtype=\"https:\/\/schema.org\/Question\"><button type=\"button\" class=\"w-tabs-section-header\" aria-controls=\"content-s678\" aria-expanded=\"false\"><h3 class=\"w-tabs-section-title\" itemprop=\"name\">Como se chama o espet\u00e1culo inaugural?<\/h3><div class=\"w-tabs-section-control\"><\/div><\/button><div  class=\"w-tabs-section-content\" id=\"content-s678\" itemscope itemprop=\"acceptedAnswer\" itemtype=\"https:\/\/schema.org\/Answer\"><div class=\"w-tabs-section-content-h i-cf\" itemprop=\"text\"><div class=\"wpb_text_column\"><div class=\"wpb_wrapper\"><p>A abertura intitula-se <em>Ecos primitivos. Cante en altura, danza en tierra<\/em>. \u00c9 apresentada como um preg\u00f3n cantado e uma experi\u00eancia c\u00e9nica imersiva concebida especificamente para a Plaza de San Francisco.<\/p>\n<\/div><\/div><\/div><\/div><\/div><div class=\"w-tabs-section\" id=\"u754\" itemscope itemprop=\"mainEntity\" itemtype=\"https:\/\/schema.org\/Question\"><button type=\"button\" class=\"w-tabs-section-header\" aria-controls=\"content-u754\" aria-expanded=\"false\"><h3 class=\"w-tabs-section-title\" itemprop=\"name\">Quem dirige a inaugura\u00e7\u00e3o da Bienal 2026?<\/h3><div class=\"w-tabs-section-control\"><\/div><\/button><div  class=\"w-tabs-section-content\" id=\"content-u754\" itemscope itemprop=\"acceptedAnswer\" itemtype=\"https:\/\/schema.org\/Answer\"><div class=\"w-tabs-section-content-h i-cf\" itemprop=\"text\"><div class=\"wpb_text_column\"><div class=\"wpb_wrapper\"><p>A dire\u00e7\u00e3o art\u00edstica e a interpreta\u00e7\u00e3o vocal principal pertencem ao cantaor Segundo Falc\u00f3n.<\/p>\n<\/div><\/div><\/div><\/div><\/div><div class=\"w-tabs-section\" id=\"m820\" itemscope itemprop=\"mainEntity\" itemtype=\"https:\/\/schema.org\/Question\"><button type=\"button\" class=\"w-tabs-section-header\" aria-controls=\"content-m820\" aria-expanded=\"false\"><h3 class=\"w-tabs-section-title\" itemprop=\"name\">Que artistas participar\u00e3o em Ecos primitivos?<\/h3><div class=\"w-tabs-section-control\"><\/div><\/button><div  class=\"w-tabs-section-content\" id=\"content-m820\" itemscope itemprop=\"acceptedAnswer\" itemtype=\"https:\/\/schema.org\/Answer\"><div class=\"w-tabs-section-content-h i-cf\" itemprop=\"text\"><div class=\"wpb_text_column\"><div class=\"wpb_wrapper\"><p>No cante participar\u00e3o Segundo Falc\u00f3n, Esperanza Fern\u00e1ndez, Pedro El Grana\u00edno, Rafael de Utrera e Mar\u00eda Terremoto. A parte de baile ser\u00e1 protagonizada por Ana Morales.<\/p>\n<\/div><\/div><\/div><\/div><\/div><div class=\"w-tabs-section\" id=\"i8f7\" itemscope itemprop=\"mainEntity\" itemtype=\"https:\/\/schema.org\/Question\"><button type=\"button\" class=\"w-tabs-section-header\" aria-controls=\"content-i8f7\" aria-expanded=\"false\"><h3 class=\"w-tabs-section-title\" itemprop=\"name\">O que cantar\u00e1 cada artista durante a inaugura\u00e7\u00e3o?<\/h3><div class=\"w-tabs-section-control\"><\/div><\/button><div  class=\"w-tabs-section-content\" id=\"content-i8f7\" itemscope itemprop=\"acceptedAnswer\" itemtype=\"https:\/\/schema.org\/Answer\"><div class=\"w-tabs-section-content-h i-cf\" itemprop=\"text\"><div class=\"wpb_text_column\"><div class=\"wpb_wrapper\"><p>Segundo Falc\u00f3n interpretar\u00e1 trilla e ton\u00e1 liviana; Rafael de Utrera, romance; Mar\u00eda Terremoto, martinete; Esperanza Fern\u00e1ndez, romance ou corrido gitano; e Pedro El Grana\u00edno, saeta.<\/p>\n<\/div><\/div><\/div><\/div><\/div><div class=\"w-tabs-section\" id=\"w9d5\" itemscope itemprop=\"mainEntity\" itemtype=\"https:\/\/schema.org\/Question\"><button type=\"button\" class=\"w-tabs-section-header\" aria-controls=\"content-w9d5\" aria-expanded=\"false\"><h3 class=\"w-tabs-section-title\" itemprop=\"name\">A inaugura\u00e7\u00e3o da Bienal 2026 \u00e9 gratuita?<\/h3><div class=\"w-tabs-section-control\"><\/div><\/button><div  class=\"w-tabs-section-content\" id=\"content-w9d5\" itemscope itemprop=\"acceptedAnswer\" itemtype=\"https:\/\/schema.org\/Answer\"><div class=\"w-tabs-section-content-h i-cf\" itemprop=\"text\"><div class=\"wpb_text_column\"><div class=\"wpb_wrapper\"><p>\u00c0 data de publica\u00e7\u00e3o, a ficha oficial do preg\u00f3n n\u00e3o indica pre\u00e7o, bot\u00e3o de compra de bilhetes nem instru\u00e7\u00f5es espec\u00edficas de acesso. Recomendamos consultar a informa\u00e7\u00e3o oficial antes de se deslocar e n\u00e3o dar por adquirido o sistema de entrada at\u00e9 que a organiza\u00e7\u00e3o o confirme.<\/p>\n<\/div><\/div><\/div><\/div><\/div><div class=\"w-tabs-section\" id=\"gaa8\" itemscope itemprop=\"mainEntity\" itemtype=\"https:\/\/schema.org\/Question\"><button type=\"button\" class=\"w-tabs-section-header\" aria-controls=\"content-gaa8\" aria-expanded=\"false\"><h3 class=\"w-tabs-section-title\" itemprop=\"name\">A gala da Maestranza \u00e9 a inaugura\u00e7\u00e3o da Bienal?<\/h3><div class=\"w-tabs-section-control\"><\/div><\/button><div  class=\"w-tabs-section-content\" id=\"content-gaa8\" itemscope itemprop=\"acceptedAnswer\" itemtype=\"https:\/\/schema.org\/Answer\"><div class=\"w-tabs-section-content-h i-cf\" itemprop=\"text\"><div class=\"wpb_text_column\"><div class=\"wpb_wrapper\"><p>A abertura oficial \u00e9 no dia 9 de setembro com <em>Ecos primitivos<\/em>. A grande gala <em>El mundo por montera<\/em> realiza-se no dia seguinte, 10 de setembro, \u00e0s 21:30, na Pra\u00e7a de Touros da Real Maestranza.<\/p>\n<\/div><\/div><\/div><\/div><\/div><div class=\"w-tabs-section\" id=\"fb69\" itemscope itemprop=\"mainEntity\" itemtype=\"https:\/\/schema.org\/Question\"><button type=\"button\" class=\"w-tabs-section-header\" aria-controls=\"content-fb69\" aria-expanded=\"false\"><h3 class=\"w-tabs-section-title\" itemprop=\"name\">Onde posso consultar as atualiza\u00e7\u00f5es da inaugura\u00e7\u00e3o?<\/h3><div class=\"w-tabs-section-control\"><\/div><\/button><div  class=\"w-tabs-section-content\" id=\"content-fb69\" itemscope itemprop=\"acceptedAnswer\" itemtype=\"https:\/\/schema.org\/Answer\"><div class=\"w-tabs-section-content-h i-cf\" itemprop=\"text\"><div class=\"wpb_text_column\"><div class=\"wpb_wrapper\"><p>A principal refer\u00eancia \u00e9 o site oficial da Bienal de Flamenco de Sevilha. A Tablaos Flamencos atualizar\u00e1 tamb\u00e9m este guia caso sejam publicadas novas condi\u00e7\u00f5es de acesso, altera\u00e7\u00f5es de hor\u00e1rio ou informa\u00e7\u00f5es pr\u00e1ticas relevantes.<\/p>\n<\/div><\/div><\/div><\/div><\/div><\/div><\/div><\/div><\/div><\/div><div class=\"vc_col-sm-1\/5 wpb_column vc_column_container\"><div class=\"vc_column-inner\"><div class=\"wpb_wrapper\"><\/div><\/div><\/div><\/div><\/div><\/section><section class=\"l-section wpb_row height_huge\"><div class=\"l-section-h i-cf\"><div class=\"g-cols vc_row via_flex valign_top type_default stacking_default\"><div class=\"vc_col-sm-12 wpb_column vc_column_container\"><div class=\"vc_column-inner\"><div class=\"wpb_wrapper\"><div class=\"wpb_text_column\"><div class=\"wpb_wrapper\"><h2>Uma abertura que transforma o centro de Sevilha em palco<\/h2>\n<p>A inaugura\u00e7\u00e3o da XXIV Bienal n\u00e3o ser\u00e1 concebida como um pr\u00f3logo institucional separado da programa\u00e7\u00e3o art\u00edstica. Ser\u00e1 j\u00e1 uma cria\u00e7\u00e3o flamenca em si mesma: cinco vozes nas varandas, uma bailaora no centro, o p\u00fablico em redor e a arquitetura da Plaza de San Francisco transformada em parte da obra.<\/p>\n<p>Esta abordagem resume bem a ambi\u00e7\u00e3o de <em>Ecos primitivos<\/em>: recuperar elementos associados \u00e0s formas mais antigas de transmiss\u00e3o do cante e confront\u00e1-los com uma dramaturgia contempor\u00e2nea. <strong>No dia 9 de setembro, \u00e0s 20:30, a Bienal come\u00e7ar\u00e1 fazendo de Sevilha o seu primeiro grande palco.<\/strong><\/p>\n<\/div><\/div><\/div><\/div><\/div><\/div><\/div><\/section><section class=\"l-section wpb_row height_huge color_alternate with_shape\"><div class=\"l-section-shape type_zigzag pos_top hor_flip\" style=\"height:3vmin;\"><svg xmlns=\"http:\/\/www.w3.org\/2000\/svg\" viewBox=\"0 0 64 8\" preserveAspectRatio=\"none\" width=\"100%\" height=\"100%\">\r\n\t<path fill=\"currentColor\" d=\"M64 8 L0 8 L0 0 L20 7.9 L40 3 L48 5 L64 0 Z\"\/>\r\n<\/svg><\/div><div class=\"l-section-shape type_zigzag pos_bottom\" style=\"height:3vmin;\"><svg xmlns=\"http:\/\/www.w3.org\/2000\/svg\" viewBox=\"0 0 64 8\" preserveAspectRatio=\"none\" width=\"100%\" height=\"100%\">\r\n\t<path fill=\"currentColor\" d=\"M64 8 L0 8 L0 0 L20 7.9 L40 3 L48 5 L64 0 Z\"\/>\r\n<\/svg><\/div><div class=\"l-section-h i-cf\"><div class=\"g-cols vc_row via_flex valign_top type_default stacking_default\"><div class=\"vc_col-sm-12 wpb_column vc_column_container\"><div class=\"vc_column-inner\"><div class=\"wpb_wrapper\"><div class=\"wpb_text_column\"><div class=\"wpb_wrapper\"><h2>Fontes oficiais<\/h2>\n<ul>\n<li><a href=\"https:\/\/www.labienal.com\/otras-perlas-actividades-paralelas\/pregon-inaugural\" target=\"_blank\" rel=\"noopener\">Bienal de Flamenco de Sevilha \u2014 Preg\u00f3n cantado: Ecos primitivos<\/a>.<\/li>\n<li><a href=\"https:\/\/www.labienal.com\/noticias\/las-otras-perlas-de-la-bienal\" target=\"_blank\" rel=\"noopener\">Bienal de Flamenco de Sevilha \u2014 As outras p\u00e9rolas da Bienal<\/a>.<\/li>\n<li><a href=\"https:\/\/www.labienal.com\/programa-general\/plaza-de-la-real-maestranza\/gala-inaugural\" target=\"_blank\" rel=\"noopener\">Bienal de Flamenco de Sevilha \u2014 El mundo por montera<\/a>.<\/li>\n<li><a href=\"https:\/\/www.labienal.com\/programa-general\" target=\"_blank\" rel=\"noopener\">Programa\u00e7\u00e3o geral da XXIV Bienal de Flamenco<\/a>.<\/li>\n<\/ul>\n<p><small>Informa\u00e7\u00e3o revista em 31 de agosto de 2026. Os hor\u00e1rios, acessos e condi\u00e7\u00f5es de participa\u00e7\u00e3o podem ser atualizados pela organiza\u00e7\u00e3o.<\/small><\/p>\n<\/div><\/div><\/div><\/div><\/div><\/div><\/div><\/section>\n","protected":false},"excerpt":{"rendered":"<p>A Bienal de Flamenco de Sevilha 2026 ser\u00e1 inaugurada a 9 de setembro com Ecos primitivos, um preg\u00f3n cantado imersivo na Plaza de San Francisco, com cinco vozes nas varandas e Ana Morales no centro.<\/p>\n","protected":false},"author":1,"featured_media":13829,"comment_status":"closed","ping_status":"closed","sticky":false,"template":"","format":"standard","meta":{"_acf_changed":false,"wpai_generated_summary":"","_ayudawp_aiss_exclude":false,"_ayudawp_aiss_exclude_summary":false,"_ayudawp_aiss_summary":"","_ayudawp_aiss_summary_provider":"","_ayudawp_aiss_summary_hash":"","footnotes":""},"categories":[1430,375],"tags":[1819,1816,1817,1820,1815,1818,1814],"class_list":["post-13843","post","type-post","status-publish","format-standard","has-post-thumbnail","hentry","category-bienal-flamenco-sevilha","category-noticias-flamenco","tag-ana-morales-pt","tag-bienal-flamenco-sevilha-tag","tag-bienal-sevilha-2026","tag-ecos-primitivos-pt","tag-flamenco-em-sevilha","tag-segundo-falcon-pt","tag-sevilha-pt"],"acf":[],"yoast_head":"<!-- This site is optimized with the Yoast SEO Premium plugin v28.3 (Yoast SEO v28.3) - https:\/\/yoast.com\/product\/yoast-seo-premium-wordpress\/ -->\n<title>Inaugura\u00e7\u00e3o Bienal de Flamenco Sevilha 2026 | Guia<\/title>\n<meta name=\"description\" content=\"Descubra como ser\u00e1 a inaugura\u00e7\u00e3o da Bienal de Flamenco de Sevilha 2026: Ecos primitivos, artistas, cantes, hor\u00e1rio, Plaza de San Francisco e encena\u00e7\u00e3o imersiva.\" \/>\n<meta name=\"robots\" content=\"index, follow, max-snippet:-1, max-image-preview:large, max-video-preview:-1\" \/>\n<link rel=\"canonical\" href=\"https:\/\/www.tablaosflamencos.com\/pt-pt\/inauguracao-bienal-flamenco-sevilha-2026.html\" \/>\n<meta property=\"og:locale\" content=\"pt_PT\" \/>\n<meta property=\"og:type\" content=\"article\" \/>\n<meta property=\"og:title\" content=\"Como ser\u00e1 a inaugura\u00e7\u00e3o da Bienal de Flamenco de Sevilha 2026\" \/>\n<meta property=\"og:description\" content=\"Descubra como ser\u00e1 a inaugura\u00e7\u00e3o da Bienal de Flamenco de Sevilha 2026: Ecos primitivos, artistas, cantes, hor\u00e1rio, Plaza de San Francisco e encena\u00e7\u00e3o imersiva.\" \/>\n<meta property=\"og:url\" content=\"https:\/\/www.tablaosflamencos.com\/pt-pt\/inauguracao-bienal-flamenco-sevilha-2026.html\" \/>\n<meta property=\"og:site_name\" content=\"Tablaos Flamencos\" \/>\n<meta property=\"article:publisher\" content=\"https:\/\/www.facebook.com\/tablaosflamencos\" \/>\n<meta property=\"article:published_time\" content=\"2026-09-01T09:41:25+00:00\" \/>\n<meta property=\"article:modified_time\" content=\"2026-09-01T10:07:53+00:00\" \/>\n<meta property=\"og:image\" content=\"https:\/\/www.tablaosflamencos.com\/wp-content\/uploads\/como-sera-la-inauguracion-de-la-bienal-de-flamenco-de-sevilla-2026-01.webp\" \/>\n\t<meta property=\"og:image:width\" content=\"1920\" \/>\n\t<meta property=\"og:image:height\" content=\"1072\" \/>\n\t<meta property=\"og:image:type\" content=\"image\/webp\" \/>\n<meta name=\"author\" content=\"Miguel Ortiz\" \/>\n<meta name=\"twitter:card\" content=\"summary_large_image\" \/>\n<meta name=\"twitter:creator\" content=\"@tablaosflamenco\" \/>\n<meta name=\"twitter:site\" content=\"@tablaosflamenco\" \/>\n<meta name=\"twitter:label1\" content=\"Escrito por\" \/>\n\t<meta name=\"twitter:data1\" content=\"Miguel Ortiz\" \/>\n\t<meta name=\"twitter:label2\" content=\"Tempo estimado de leitura\" \/>\n\t<meta name=\"twitter:data2\" content=\"14 minutos\" \/>\n<script type=\"application\/ld+json\" class=\"yoast-schema-graph\">{\"@context\":\"https:\\\/\\\/schema.org\",\"@graph\":[{\"@type\":\"Article\",\"@id\":\"https:\\\/\\\/www.tablaosflamencos.com\\\/pt-pt\\\/inauguracao-bienal-flamenco-sevilha-2026.html#article\",\"isPartOf\":{\"@id\":\"https:\\\/\\\/www.tablaosflamencos.com\\\/pt-pt\\\/inauguracao-bienal-flamenco-sevilha-2026.html\"},\"author\":{\"name\":\"Miguel Ortiz\",\"@id\":\"https:\\\/\\\/www.tablaosflamencos.com\\\/pt-pt#\\\/schema\\\/person\\\/e7a9ebe14eb75a52ceabfbffb3c54f5d\"},\"headline\":\"Como ser\u00e1 a inaugura\u00e7\u00e3o da Bienal de Flamenco de Sevilha 2026\",\"datePublished\":\"2026-09-01T09:41:25+00:00\",\"dateModified\":\"2026-09-01T10:07:53+00:00\",\"mainEntityOfPage\":{\"@id\":\"https:\\\/\\\/www.tablaosflamencos.com\\\/pt-pt\\\/inauguracao-bienal-flamenco-sevilha-2026.html\"},\"wordCount\":2795,\"publisher\":{\"@id\":\"https:\\\/\\\/www.tablaosflamencos.com\\\/pt-pt#organization\"},\"image\":{\"@id\":\"https:\\\/\\\/www.tablaosflamencos.com\\\/pt-pt\\\/inauguracao-bienal-flamenco-sevilha-2026.html#primaryimage\"},\"thumbnailUrl\":\"https:\\\/\\\/www.tablaosflamencos.com\\\/wp-content\\\/uploads\\\/como-sera-la-inauguracion-de-la-bienal-de-flamenco-de-sevilla-2026-01.webp\",\"keywords\":[\"Ana Morales\",\"Bienal de Flamenco de Sevilha\",\"Bienal de Sevilha 2026\",\"Ecos primitivos\",\"flamenco em Sevilha\",\"Segundo Falc\u00f3n\",\"Sevilha\"],\"articleSection\":[\"Bienal de Flamenco de Sevilha\",\"Not\u00edcias \\\/ Atualidade\"],\"inLanguage\":\"pt-PT\"},{\"@type\":\"WebPage\",\"@id\":\"https:\\\/\\\/www.tablaosflamencos.com\\\/pt-pt\\\/inauguracao-bienal-flamenco-sevilha-2026.html\",\"url\":\"https:\\\/\\\/www.tablaosflamencos.com\\\/pt-pt\\\/inauguracao-bienal-flamenco-sevilha-2026.html\",\"name\":\"Inaugura\u00e7\u00e3o Bienal de Flamenco Sevilha 2026 | Guia\",\"isPartOf\":{\"@id\":\"https:\\\/\\\/www.tablaosflamencos.com\\\/pt-pt#website\"},\"primaryImageOfPage\":{\"@id\":\"https:\\\/\\\/www.tablaosflamencos.com\\\/pt-pt\\\/inauguracao-bienal-flamenco-sevilha-2026.html#primaryimage\"},\"image\":{\"@id\":\"https:\\\/\\\/www.tablaosflamencos.com\\\/pt-pt\\\/inauguracao-bienal-flamenco-sevilha-2026.html#primaryimage\"},\"thumbnailUrl\":\"https:\\\/\\\/www.tablaosflamencos.com\\\/wp-content\\\/uploads\\\/como-sera-la-inauguracion-de-la-bienal-de-flamenco-de-sevilla-2026-01.webp\",\"datePublished\":\"2026-09-01T09:41:25+00:00\",\"dateModified\":\"2026-09-01T10:07:53+00:00\",\"description\":\"Descubra como ser\u00e1 a inaugura\u00e7\u00e3o da Bienal de Flamenco de Sevilha 2026: Ecos primitivos, artistas, cantes, hor\u00e1rio, Plaza de San Francisco e encena\u00e7\u00e3o imersiva.\",\"breadcrumb\":{\"@id\":\"https:\\\/\\\/www.tablaosflamencos.com\\\/pt-pt\\\/inauguracao-bienal-flamenco-sevilha-2026.html#breadcrumb\"},\"inLanguage\":\"pt-PT\",\"potentialAction\":[{\"@type\":\"ReadAction\",\"target\":[\"https:\\\/\\\/www.tablaosflamencos.com\\\/pt-pt\\\/inauguracao-bienal-flamenco-sevilha-2026.html\"]}]},{\"@type\":\"ImageObject\",\"inLanguage\":\"pt-PT\",\"@id\":\"https:\\\/\\\/www.tablaosflamencos.com\\\/pt-pt\\\/inauguracao-bienal-flamenco-sevilha-2026.html#primaryimage\",\"url\":\"https:\\\/\\\/www.tablaosflamencos.com\\\/wp-content\\\/uploads\\\/como-sera-la-inauguracion-de-la-bienal-de-flamenco-de-sevilla-2026-01.webp\",\"contentUrl\":\"https:\\\/\\\/www.tablaosflamencos.com\\\/wp-content\\\/uploads\\\/como-sera-la-inauguracion-de-la-bienal-de-flamenco-de-sevilla-2026-01.webp\",\"width\":1920,\"height\":1072,\"caption\":\"C\u00f3mo ser\u00e1 la inauguraci\u00f3n de la Bienal de Flamenco de Sevilla 2026\"},{\"@type\":\"BreadcrumbList\",\"@id\":\"https:\\\/\\\/www.tablaosflamencos.com\\\/pt-pt\\\/inauguracao-bienal-flamenco-sevilha-2026.html#breadcrumb\",\"itemListElement\":[{\"@type\":\"ListItem\",\"position\":1,\"name\":\"Home\",\"item\":\"https:\\\/\\\/www.tablaosflamencos.com\\\/pt-pt\"},{\"@type\":\"ListItem\",\"position\":2,\"name\":\"Como ser\u00e1 a inaugura\u00e7\u00e3o da Bienal de Flamenco de Sevilha 2026\"}]},{\"@type\":\"WebSite\",\"@id\":\"https:\\\/\\\/www.tablaosflamencos.com\\\/pt-pt#website\",\"url\":\"https:\\\/\\\/www.tablaosflamencos.com\\\/pt-pt\",\"name\":\"Tablaos Flamencos\",\"description\":\"Entradas para tablaos flamencos de Espa\u00f1a\",\"publisher\":{\"@id\":\"https:\\\/\\\/www.tablaosflamencos.com\\\/pt-pt#organization\"},\"alternateName\":\"Tablaos Flamencos\",\"potentialAction\":[{\"@type\":\"SearchAction\",\"target\":{\"@type\":\"EntryPoint\",\"urlTemplate\":\"https:\\\/\\\/www.tablaosflamencos.com\\\/pt-pt?s={search_term_string}\"},\"query-input\":{\"@type\":\"PropertyValueSpecification\",\"valueRequired\":true,\"valueName\":\"search_term_string\"}}],\"inLanguage\":\"pt-PT\"},{\"@type\":[\"Organization\",\"Place\",\"EntertainmentBusiness\"],\"@id\":\"https:\\\/\\\/www.tablaosflamencos.com\\\/pt-pt#organization\",\"name\":\"Tablaos Flamencos\",\"alternateName\":\"Tablaos Flamencos\",\"url\":\"https:\\\/\\\/www.tablaosflamencos.com\\\/pt-pt\",\"logo\":{\"@id\":\"https:\\\/\\\/www.tablaosflamencos.com\\\/pt-pt\\\/inauguracao-bienal-flamenco-sevilha-2026.html#local-main-organization-logo\"},\"image\":{\"@id\":\"https:\\\/\\\/www.tablaosflamencos.com\\\/pt-pt\\\/inauguracao-bienal-flamenco-sevilha-2026.html#local-main-organization-logo\"},\"sameAs\":[\"https:\\\/\\\/www.facebook.com\\\/tablaosflamencos\",\"https:\\\/\\\/x.com\\\/tablaosflamenco\",\"https:\\\/\\\/mastodon.social\\\/@tablaosflamencos\",\"https:\\\/\\\/www.instagram.com\\\/tablaosflamencos\",\"https:\\\/\\\/tiktok.com\\\/@tablaosflamencos\",\"https:\\\/\\\/www.linkedin.com\\\/company\\\/109408238\\\/\"],\"description\":\"Venta de entradas para espect\u00e1culos flamencos\",\"legalName\":\"Tablaos Flamencos\",\"foundingDate\":\"2015-01-01\",\"numberOfEmployees\":{\"@type\":\"QuantitativeValue\",\"minValue\":\"1\",\"maxValue\":\"10\"},\"address\":{\"@id\":\"https:\\\/\\\/www.tablaosflamencos.com\\\/pt-pt\\\/inauguracao-bienal-flamenco-sevilha-2026.html#local-main-place-address\"},\"geo\":{\"@type\":\"GeoCoordinates\",\"latitude\":\"37.3868072\",\"longitude\":\"-5.993280299999999\"},\"telephone\":[\"+34623787787\"],\"contactPoint\":{\"@type\":\"ContactPoint\",\"telephone\":\"+34623787787\",\"email\":\"info@tablaosflamencos.com\"},\"openingHoursSpecification\":{\"@type\":\"OpeningHoursSpecification\",\"dayOfWeek\":[\"Monday\",\"Tuesday\",\"Wednesday\",\"Thursday\",\"Friday\",\"Saturday\",\"Sunday\"],\"opens\":\"00:00\",\"closes\":\"23:59\"},\"email\":\"info@tablaosflamencos.com\",\"priceRange\":\"$$$\",\"currenciesAccepted\":\"\u20ac\"},{\"@type\":\"Person\",\"@id\":\"https:\\\/\\\/www.tablaosflamencos.com\\\/pt-pt#\\\/schema\\\/person\\\/e7a9ebe14eb75a52ceabfbffb3c54f5d\",\"name\":\"Miguel Ortiz\",\"description\":\"Miguel Ortiz es un empresario flamenco, con una s\u00f3lida trayectoria dentro del sector. Ha presidido entidades culturales vinculadas al flamenco y, cuenta con un amplio recorrido profesional en la gesti\u00f3n y promoci\u00f3n de espect\u00e1culos y tablaos flamencos. Su pasi\u00f3n por la historia y el arte flamenco se refleja en cada art\u00edculo, donde combina experiencia, criterio y un profundo respeto por la tradici\u00f3n.\",\"sameAs\":[\"https:\\\/\\\/www.tablaosflamencos.com\",\"https:\\\/\\\/www.instagra.com\\\/miguelortizfe\",\"https:\\\/\\\/www.linkedin.com\\\/in\\\/miguelortizf\\\/\"],\"birthDate\":\"1984-11-22\",\"gender\":\"hombre\",\"knowsLanguage\":[\"espa\u00f1ol\",\"ingl\u00e9s\"],\"jobTitle\":\"Empresario flamenco\"},{\"@type\":\"PostalAddress\",\"@id\":\"https:\\\/\\\/www.tablaosflamencos.com\\\/pt-pt\\\/inauguracao-bienal-flamenco-sevilha-2026.html#local-main-place-address\",\"streetAddress\":\"C\\\/ Alemanes, 19\",\"addressLocality\":\"Sevilla\",\"postalCode\":\"41004\",\"addressRegion\":\"Sevilla\",\"addressCountry\":\"ES\"},{\"@type\":\"ImageObject\",\"inLanguage\":\"pt-PT\",\"@id\":\"https:\\\/\\\/www.tablaosflamencos.com\\\/pt-pt\\\/inauguracao-bienal-flamenco-sevilha-2026.html#local-main-organization-logo\",\"url\":\"https:\\\/\\\/www.tablaosflamencos.com\\\/wp-content\\\/uploads\\\/tablaos-flamencos-06-3.webp\",\"contentUrl\":\"https:\\\/\\\/www.tablaosflamencos.com\\\/wp-content\\\/uploads\\\/tablaos-flamencos-06-3.webp\",\"width\":600,\"height\":620,\"caption\":\"Tablaos Flamencos\"}]}<\/script>\n<meta name=\"geo.placename\" content=\"Sevilla\" \/>\n<meta name=\"geo.position\" content=\"37.3868072;-5.993280299999999\" \/>\n<meta name=\"geo.region\" content=\"Espanha\" \/>\n<!-- \/ Yoast SEO Premium plugin. -->","yoast_head_json":{"title":"Inaugura\u00e7\u00e3o Bienal de Flamenco Sevilha 2026 | Guia","description":"Descubra como ser\u00e1 a inaugura\u00e7\u00e3o da Bienal de Flamenco de Sevilha 2026: Ecos primitivos, artistas, cantes, hor\u00e1rio, Plaza de San Francisco e encena\u00e7\u00e3o imersiva.","robots":{"index":"index","follow":"follow","max-snippet":"max-snippet:-1","max-image-preview":"max-image-preview:large","max-video-preview":"max-video-preview:-1"},"canonical":"https:\/\/www.tablaosflamencos.com\/pt-pt\/inauguracao-bienal-flamenco-sevilha-2026.html","og_locale":"pt_PT","og_type":"article","og_title":"Como ser\u00e1 a inaugura\u00e7\u00e3o da Bienal de Flamenco de Sevilha 2026","og_description":"Descubra como ser\u00e1 a inaugura\u00e7\u00e3o da Bienal de Flamenco de Sevilha 2026: Ecos primitivos, artistas, cantes, hor\u00e1rio, Plaza de San Francisco e encena\u00e7\u00e3o imersiva.","og_url":"https:\/\/www.tablaosflamencos.com\/pt-pt\/inauguracao-bienal-flamenco-sevilha-2026.html","og_site_name":"Tablaos Flamencos","article_publisher":"https:\/\/www.facebook.com\/tablaosflamencos","article_published_time":"2026-09-01T09:41:25+00:00","article_modified_time":"2026-09-01T10:07:53+00:00","og_image":[{"width":1920,"height":1072,"url":"https:\/\/www.tablaosflamencos.com\/wp-content\/uploads\/como-sera-la-inauguracion-de-la-bienal-de-flamenco-de-sevilla-2026-01.webp","type":"image\/webp"}],"author":"Miguel Ortiz","twitter_card":"summary_large_image","twitter_creator":"@tablaosflamenco","twitter_site":"@tablaosflamenco","twitter_misc":{"Escrito por":"Miguel Ortiz","Tempo estimado de leitura":"14 minutos"},"schema":{"@context":"https:\/\/schema.org","@graph":[{"@type":"Article","@id":"https:\/\/www.tablaosflamencos.com\/pt-pt\/inauguracao-bienal-flamenco-sevilha-2026.html#article","isPartOf":{"@id":"https:\/\/www.tablaosflamencos.com\/pt-pt\/inauguracao-bienal-flamenco-sevilha-2026.html"},"author":{"name":"Miguel Ortiz","@id":"https:\/\/www.tablaosflamencos.com\/pt-pt#\/schema\/person\/e7a9ebe14eb75a52ceabfbffb3c54f5d"},"headline":"Como ser\u00e1 a inaugura\u00e7\u00e3o da Bienal de Flamenco de Sevilha 2026","datePublished":"2026-09-01T09:41:25+00:00","dateModified":"2026-09-01T10:07:53+00:00","mainEntityOfPage":{"@id":"https:\/\/www.tablaosflamencos.com\/pt-pt\/inauguracao-bienal-flamenco-sevilha-2026.html"},"wordCount":2795,"publisher":{"@id":"https:\/\/www.tablaosflamencos.com\/pt-pt#organization"},"image":{"@id":"https:\/\/www.tablaosflamencos.com\/pt-pt\/inauguracao-bienal-flamenco-sevilha-2026.html#primaryimage"},"thumbnailUrl":"https:\/\/www.tablaosflamencos.com\/wp-content\/uploads\/como-sera-la-inauguracion-de-la-bienal-de-flamenco-de-sevilla-2026-01.webp","keywords":["Ana Morales","Bienal de Flamenco de Sevilha","Bienal de Sevilha 2026","Ecos primitivos","flamenco em Sevilha","Segundo Falc\u00f3n","Sevilha"],"articleSection":["Bienal de Flamenco de Sevilha","Not\u00edcias \/ Atualidade"],"inLanguage":"pt-PT"},{"@type":"WebPage","@id":"https:\/\/www.tablaosflamencos.com\/pt-pt\/inauguracao-bienal-flamenco-sevilha-2026.html","url":"https:\/\/www.tablaosflamencos.com\/pt-pt\/inauguracao-bienal-flamenco-sevilha-2026.html","name":"Inaugura\u00e7\u00e3o Bienal de Flamenco Sevilha 2026 | Guia","isPartOf":{"@id":"https:\/\/www.tablaosflamencos.com\/pt-pt#website"},"primaryImageOfPage":{"@id":"https:\/\/www.tablaosflamencos.com\/pt-pt\/inauguracao-bienal-flamenco-sevilha-2026.html#primaryimage"},"image":{"@id":"https:\/\/www.tablaosflamencos.com\/pt-pt\/inauguracao-bienal-flamenco-sevilha-2026.html#primaryimage"},"thumbnailUrl":"https:\/\/www.tablaosflamencos.com\/wp-content\/uploads\/como-sera-la-inauguracion-de-la-bienal-de-flamenco-de-sevilla-2026-01.webp","datePublished":"2026-09-01T09:41:25+00:00","dateModified":"2026-09-01T10:07:53+00:00","description":"Descubra como ser\u00e1 a inaugura\u00e7\u00e3o da Bienal de Flamenco de Sevilha 2026: Ecos primitivos, artistas, cantes, hor\u00e1rio, Plaza de San Francisco e encena\u00e7\u00e3o imersiva.","breadcrumb":{"@id":"https:\/\/www.tablaosflamencos.com\/pt-pt\/inauguracao-bienal-flamenco-sevilha-2026.html#breadcrumb"},"inLanguage":"pt-PT","potentialAction":[{"@type":"ReadAction","target":["https:\/\/www.tablaosflamencos.com\/pt-pt\/inauguracao-bienal-flamenco-sevilha-2026.html"]}]},{"@type":"ImageObject","inLanguage":"pt-PT","@id":"https:\/\/www.tablaosflamencos.com\/pt-pt\/inauguracao-bienal-flamenco-sevilha-2026.html#primaryimage","url":"https:\/\/www.tablaosflamencos.com\/wp-content\/uploads\/como-sera-la-inauguracion-de-la-bienal-de-flamenco-de-sevilla-2026-01.webp","contentUrl":"https:\/\/www.tablaosflamencos.com\/wp-content\/uploads\/como-sera-la-inauguracion-de-la-bienal-de-flamenco-de-sevilla-2026-01.webp","width":1920,"height":1072,"caption":"C\u00f3mo ser\u00e1 la inauguraci\u00f3n de la Bienal de Flamenco de Sevilla 2026"},{"@type":"BreadcrumbList","@id":"https:\/\/www.tablaosflamencos.com\/pt-pt\/inauguracao-bienal-flamenco-sevilha-2026.html#breadcrumb","itemListElement":[{"@type":"ListItem","position":1,"name":"Home","item":"https:\/\/www.tablaosflamencos.com\/pt-pt"},{"@type":"ListItem","position":2,"name":"Como ser\u00e1 a inaugura\u00e7\u00e3o da Bienal de Flamenco de Sevilha 2026"}]},{"@type":"WebSite","@id":"https:\/\/www.tablaosflamencos.com\/pt-pt#website","url":"https:\/\/www.tablaosflamencos.com\/pt-pt","name":"Tablaos Flamencos","description":"Entradas para tablaos flamencos de Espa\u00f1a","publisher":{"@id":"https:\/\/www.tablaosflamencos.com\/pt-pt#organization"},"alternateName":"Tablaos Flamencos","potentialAction":[{"@type":"SearchAction","target":{"@type":"EntryPoint","urlTemplate":"https:\/\/www.tablaosflamencos.com\/pt-pt?s={search_term_string}"},"query-input":{"@type":"PropertyValueSpecification","valueRequired":true,"valueName":"search_term_string"}}],"inLanguage":"pt-PT"},{"@type":["Organization","Place","EntertainmentBusiness"],"@id":"https:\/\/www.tablaosflamencos.com\/pt-pt#organization","name":"Tablaos Flamencos","alternateName":"Tablaos Flamencos","url":"https:\/\/www.tablaosflamencos.com\/pt-pt","logo":{"@id":"https:\/\/www.tablaosflamencos.com\/pt-pt\/inauguracao-bienal-flamenco-sevilha-2026.html#local-main-organization-logo"},"image":{"@id":"https:\/\/www.tablaosflamencos.com\/pt-pt\/inauguracao-bienal-flamenco-sevilha-2026.html#local-main-organization-logo"},"sameAs":["https:\/\/www.facebook.com\/tablaosflamencos","https:\/\/x.com\/tablaosflamenco","https:\/\/mastodon.social\/@tablaosflamencos","https:\/\/www.instagram.com\/tablaosflamencos","https:\/\/tiktok.com\/@tablaosflamencos","https:\/\/www.linkedin.com\/company\/109408238\/"],"description":"Venta de entradas para espect\u00e1culos flamencos","legalName":"Tablaos Flamencos","foundingDate":"2015-01-01","numberOfEmployees":{"@type":"QuantitativeValue","minValue":"1","maxValue":"10"},"address":{"@id":"https:\/\/www.tablaosflamencos.com\/pt-pt\/inauguracao-bienal-flamenco-sevilha-2026.html#local-main-place-address"},"geo":{"@type":"GeoCoordinates","latitude":"37.3868072","longitude":"-5.993280299999999"},"telephone":["+34623787787"],"contactPoint":{"@type":"ContactPoint","telephone":"+34623787787","email":"info@tablaosflamencos.com"},"openingHoursSpecification":{"@type":"OpeningHoursSpecification","dayOfWeek":["Monday","Tuesday","Wednesday","Thursday","Friday","Saturday","Sunday"],"opens":"00:00","closes":"23:59"},"email":"info@tablaosflamencos.com","priceRange":"$$$","currenciesAccepted":"\u20ac"},{"@type":"Person","@id":"https:\/\/www.tablaosflamencos.com\/pt-pt#\/schema\/person\/e7a9ebe14eb75a52ceabfbffb3c54f5d","name":"Miguel Ortiz","description":"Miguel Ortiz es un empresario flamenco, con una s\u00f3lida trayectoria dentro del sector. Ha presidido entidades culturales vinculadas al flamenco y, cuenta con un amplio recorrido profesional en la gesti\u00f3n y promoci\u00f3n de espect\u00e1culos y tablaos flamencos. Su pasi\u00f3n por la historia y el arte flamenco se refleja en cada art\u00edculo, donde combina experiencia, criterio y un profundo respeto por la tradici\u00f3n.","sameAs":["https:\/\/www.tablaosflamencos.com","https:\/\/www.instagra.com\/miguelortizfe","https:\/\/www.linkedin.com\/in\/miguelortizf\/"],"birthDate":"1984-11-22","gender":"hombre","knowsLanguage":["espa\u00f1ol","ingl\u00e9s"],"jobTitle":"Empresario flamenco"},{"@type":"PostalAddress","@id":"https:\/\/www.tablaosflamencos.com\/pt-pt\/inauguracao-bienal-flamenco-sevilha-2026.html#local-main-place-address","streetAddress":"C\/ Alemanes, 19","addressLocality":"Sevilla","postalCode":"41004","addressRegion":"Sevilla","addressCountry":"ES"},{"@type":"ImageObject","inLanguage":"pt-PT","@id":"https:\/\/www.tablaosflamencos.com\/pt-pt\/inauguracao-bienal-flamenco-sevilha-2026.html#local-main-organization-logo","url":"https:\/\/www.tablaosflamencos.com\/wp-content\/uploads\/tablaos-flamencos-06-3.webp","contentUrl":"https:\/\/www.tablaosflamencos.com\/wp-content\/uploads\/tablaos-flamencos-06-3.webp","width":600,"height":620,"caption":"Tablaos Flamencos"}]},"geo.placename":"Sevilla","geo.position":{"lat":"37.3868072","long":"-5.993280299999999"},"geo.region":"Espanha"},"_links":{"self":[{"href":"https:\/\/www.tablaosflamencos.com\/pt-pt\/wp-json\/wp\/v2\/posts\/13843","targetHints":{"allow":["GET"]}}],"collection":[{"href":"https:\/\/www.tablaosflamencos.com\/pt-pt\/wp-json\/wp\/v2\/posts"}],"about":[{"href":"https:\/\/www.tablaosflamencos.com\/pt-pt\/wp-json\/wp\/v2\/types\/post"}],"author":[{"embeddable":true,"href":"https:\/\/www.tablaosflamencos.com\/pt-pt\/wp-json\/wp\/v2\/users\/1"}],"replies":[{"embeddable":true,"href":"https:\/\/www.tablaosflamencos.com\/pt-pt\/wp-json\/wp\/v2\/comments?post=13843"}],"version-history":[{"count":1,"href":"https:\/\/www.tablaosflamencos.com\/pt-pt\/wp-json\/wp\/v2\/posts\/13843\/revisions"}],"predecessor-version":[{"id":13844,"href":"https:\/\/www.tablaosflamencos.com\/pt-pt\/wp-json\/wp\/v2\/posts\/13843\/revisions\/13844"}],"wp:featuredmedia":[{"embeddable":true,"href":"https:\/\/www.tablaosflamencos.com\/pt-pt\/wp-json\/wp\/v2\/media\/13829"}],"wp:attachment":[{"href":"https:\/\/www.tablaosflamencos.com\/pt-pt\/wp-json\/wp\/v2\/media?parent=13843"}],"wp:term":[{"taxonomy":"category","embeddable":true,"href":"https:\/\/www.tablaosflamencos.com\/pt-pt\/wp-json\/wp\/v2\/categories?post=13843"},{"taxonomy":"post_tag","embeddable":true,"href":"https:\/\/www.tablaosflamencos.com\/pt-pt\/wp-json\/wp\/v2\/tags?post=13843"}],"curies":[{"name":"wp","href":"https:\/\/api.w.org\/{rel}","templated":true}]}}