{"id":13749,"date":"2026-08-31T19:52:12","date_gmt":"2026-08-31T17:52:12","guid":{"rendered":"https:\/\/www.tablaosflamencos.com\/?p=13749"},"modified":"2026-08-31T20:17:37","modified_gmt":"2026-08-31T18:17:37","slug":"sara-baras-sevilha-2026-infinita-bienal","status":"publish","type":"post","link":"https:\/\/www.tablaosflamencos.com\/pt-pt\/sara-baras-sevilha-2026-infinita-bienal.html","title":{"rendered":"Sara Baras em Sevilha em 2026: Infinita e o regresso \u00e0 Bienal"},"content":{"rendered":"<section class=\"l-section wpb_row height_huge\"><div class=\"l-section-h i-cf\"><div class=\"g-cols vc_row via_flex valign_top type_default stacking_default\"><div class=\"vc_col-sm-6 wpb_column vc_column_container\"><div class=\"vc_column-inner\"><div class=\"wpb_wrapper\"><div class=\"wpb_text_column\"><div class=\"wpb_wrapper\"><h2>Sara Baras regressa \u00e0 Bienal de Sevilha catorze anos depois<\/h2>\n<p><strong>Sara Baras regressa \u00e0 Bienal de Flamenco de Sevilha em 2026<\/strong> com um dos acontecimentos mais aguardados da XXIV edi\u00e7\u00e3o: a <strong>estreia mundial de <em>Infinita<\/em><\/strong>, o seu vig\u00e9simo espet\u00e1culo e uma declara\u00e7\u00e3o de amor \u00e0 Andaluzia constru\u00edda atrav\u00e9s da dan\u00e7a, da mem\u00f3ria, do folclore e da identidade das suas oito prov\u00edncias.<\/p>\n<p>A bailaora de C\u00e1dis ocupar\u00e1 o <strong>Teatro de la Maestranza nos dias 11, 12 e 13 de setembro de 2026, sempre \u00e0s 20:00<\/strong>. N\u00e3o \u00e9 apenas mais uma visita. A Bienal apresentou este regresso como uma das grandes not\u00edcias da edi\u00e7\u00e3o e como a abertura da programa\u00e7\u00e3o do Maestranza dentro do festival, al\u00e9m do in\u00edcio da temporada c\u00e9nica do teatro.<\/p>\n<p>O dado que d\u00e1 verdadeira dimens\u00e3o ao reencontro \u00e9 o tempo decorrido: <strong>catorze anos desde a sua \u00faltima Bienal<\/strong>. Em 2012 levou ao mesmo palco <em>La Pepa<\/em>, tamb\u00e9m durante tr\u00eas noites, e ent\u00e3o esgotaram-se os 5.100 lugares colocados \u00e0 venda.<\/p>\n<\/div><\/div><\/div><\/div><\/div><div class=\"vc_col-sm-6 wpb_column vc_column_container\"><div class=\"vc_column-inner\"><div class=\"wpb_wrapper\"><div class=\"wpb_text_column\"><div class=\"wpb_wrapper\"><p style=\"text-align: center; font-size: 58px; line-height: 1; margin-bottom: 10px;\"><strong>14<\/strong><\/p>\n<h3 style=\"text-align: center;\">anos depois<\/h3>\n<p style=\"text-align: center;\"><strong>11, 12 e 13 de setembro de 2026<\/strong><\/p>\n<p style=\"text-align: center;\">20:00 \u00b7 Teatro de la Maestranza<\/p>\n<p style=\"text-align: center;\"><strong>Estreia mundial de <em>Infinita<\/em><\/strong><\/p>\n<p style=\"text-align: center;\">Dire\u00e7\u00e3o, gui\u00e3o e coreografia: Sara Baras<\/p>\n<p style=\"text-align: center;\">M\u00fasica original: Keko Baldomero<\/p>\n<\/div><\/div><\/div><\/div><\/div><\/div><\/div><\/section><section class=\"l-section wpb_row height_huge color_alternate with_shape\"><div class=\"l-section-shape type_zigzag pos_top\" style=\"height:3vmin;\"><svg xmlns=\"http:\/\/www.w3.org\/2000\/svg\" viewBox=\"0 0 64 8\" preserveAspectRatio=\"none\" width=\"100%\" height=\"100%\">\r\n\t<path fill=\"currentColor\" d=\"M64 8 L0 8 L0 0 L20 7.9 L40 3 L48 5 L64 0 Z\"\/>\r\n<\/svg><\/div><div class=\"l-section-shape type_zigzag pos_bottom\" style=\"height:3vmin;\"><svg xmlns=\"http:\/\/www.w3.org\/2000\/svg\" viewBox=\"0 0 64 8\" preserveAspectRatio=\"none\" width=\"100%\" height=\"100%\">\r\n\t<path fill=\"currentColor\" d=\"M64 8 L0 8 L0 0 L20 7.9 L40 3 L48 5 L64 0 Z\"\/>\r\n<\/svg><\/div><div class=\"l-section-h i-cf\"><div class=\"g-cols vc_row via_flex valign_top type_default stacking_default\"><div class=\"vc_col-sm-12 wpb_column vc_column_container\"><div class=\"vc_column-inner\"><div class=\"wpb_wrapper\"><div class=\"wpb_text_column\"><div class=\"wpb_wrapper\"><blockquote>\n<p><strong>Resposta r\u00e1pida:<\/strong> Sara Baras apresenta <em>Infinita<\/em> na Bienal de Flamenco de Sevilha nos dias <strong>11, 12 e 13 de setembro de 2026 \u00e0s 20:00<\/strong> no Teatro de la Maestranza. \u00c9 uma estreia mundial criada para a Bienal, uma homenagem \u00e0 Andaluzia atrav\u00e9s de oito mulheres que representam as suas oito prov\u00edncias e marca o regresso da artista ao festival catorze anos depois de <em>La Pepa<\/em> (2012).<\/p>\n<\/blockquote>\n<p><strong>\u00daltima atualiza\u00e7\u00e3o: 31 de agosto de 2026.<\/strong> As tr\u00eas sess\u00f5es de <em>Infinita<\/em> figuram entre os espet\u00e1culos esgotados desta edi\u00e7\u00e3o. A disponibilidade pode mudar se forem libertados lugares, pelo que conv\u00e9m consultar sempre os canais oficiais.<\/p>\n<\/div><\/div><div class=\"w-separator size_medium\"><\/div><div class=\"w-hwrapper valign_top wrap stack_on_mobiles align_center\" style=\"--hwrapper-gap:1.2rem\"><div class=\"w-btn-wrapper align_none\"><a class=\"w-btn us-btn-style_1\" href=\"https:\/\/www.tablaosflamencos.com\/pt-pt\/bienal-flamenco-sevilha-2026.html\"><span class=\"w-btn-label\">Guia completo da Bienal 2026<\/span><\/a><\/div><div class=\"w-btn-wrapper align_none\"><a class=\"w-btn us-btn-style_1\" href=\"https:\/\/www.labienal.com\/programa-general\/teatro-de-la-maestranza\/sara-baras\"><span class=\"w-btn-label\">Ver p\u00e1gina oficial de Infinita<\/span><\/a><\/div><\/div><\/div><\/div><\/div><\/div><\/div><\/section><section class=\"l-section wpb_row height_huge\"><div class=\"l-section-h i-cf\"><div class=\"g-cols vc_row via_flex valign_top type_default stacking_default\"><div class=\"vc_col-sm-1\/5 wpb_column vc_column_container\"><div class=\"vc_column-inner\"><div class=\"wpb_wrapper\"><\/div><\/div><\/div><div class=\"vc_col-sm-3\/5 wpb_column vc_column_container\"><div class=\"vc_column-inner\"><div class=\"wpb_wrapper\"><div class=\"wpb_text_column\"><div class=\"wpb_wrapper\"><h2>Conte\u00fado deste guia<\/h2>\n<ul>\n<li><a href=\"#regreso-bienal\">O regresso de Sara Baras \u00e0 Bienal<\/a><\/li>\n<li><a href=\"#fechas-infinita\">Datas, hor\u00e1rio e local de Infinita<\/a><\/li>\n<li><a href=\"#que-es-infinita\">O que \u00e9 Infinita<\/a><\/li>\n<li><a href=\"#ocho-provincias\">Oito mulheres para as oito prov\u00edncias andaluzas<\/a><\/li>\n<li><a href=\"#flamenco-folclore\">Do folclore ao flamenco: as paisagens musicais<\/a><\/li>\n<li><a href=\"#equipo-artistico\">Dire\u00e7\u00e3o, coreografia e m\u00fasica original<\/a><\/li>\n<li><a href=\"#sara-baras-bienal\">Sara Baras e a Bienal: de 1994 a 2026<\/a><\/li>\n<li><a href=\"#entradas-infinita\">Bilhetes, pre\u00e7os e sess\u00f5es esgotadas<\/a><\/li>\n<li><a href=\"#maestranza-infinita\">Porque o Maestranza \u00e9 o palco do regresso<\/a><\/li>\n<li><a href=\"#despues-sevilla\">Onde ver Infinita depois de Sevilha<\/a><\/li>\n<li><a href=\"#faq-infinita\">Perguntas frequentes<\/a><\/li>\n<\/ul>\n<\/div><\/div><\/div><\/div><\/div><div class=\"vc_col-sm-1\/5 wpb_column vc_column_container\"><div class=\"vc_column-inner\"><div class=\"wpb_wrapper\"><\/div><\/div><\/div><\/div><\/div><\/section><section class=\"l-section wpb_row height_huge color_alternate with_shape\"><div class=\"l-section-shape type_zigzag pos_top\" style=\"height:3vmin;\"><svg xmlns=\"http:\/\/www.w3.org\/2000\/svg\" viewBox=\"0 0 64 8\" preserveAspectRatio=\"none\" width=\"100%\" height=\"100%\">\r\n\t<path fill=\"currentColor\" d=\"M64 8 L0 8 L0 0 L20 7.9 L40 3 L48 5 L64 0 Z\"\/>\r\n<\/svg><\/div><div class=\"l-section-shape type_zigzag pos_bottom\" style=\"height:3vmin;\"><svg xmlns=\"http:\/\/www.w3.org\/2000\/svg\" viewBox=\"0 0 64 8\" preserveAspectRatio=\"none\" width=\"100%\" height=\"100%\">\r\n\t<path fill=\"currentColor\" d=\"M64 8 L0 8 L0 0 L20 7.9 L40 3 L48 5 L64 0 Z\"\/>\r\n<\/svg><\/div><div class=\"l-section-h i-cf\"><div class=\"g-cols vc_row via_flex valign_top type_default stacking_default\"><div class=\"vc_col-sm-6 wpb_column vc_column_container\"><div class=\"vc_column-inner\"><div class=\"wpb_wrapper\"><div class=\"wpb_text_column\"><div class=\"wpb_wrapper\"><h2 id=\"regreso-bienal\">O regresso de Sara Baras \u00e0 Bienal: porque \u00e9 uma das grandes not\u00edcias de 2026<\/h2>\n<p>Quando a programa\u00e7\u00e3o da XXIV Bienal foi apresentada em fevereiro, o nome de Sara Baras surgiu ligado a uma ideia que ia muito al\u00e9m de uma contrata\u00e7\u00e3o de grande formato: <strong>o regresso de uma das figuras internacionais da dan\u00e7a flamenca ap\u00f3s catorze anos de aus\u00eancia<\/strong>.<\/p>\n<p>A organiza\u00e7\u00e3o transformou esse reencontro num dos eixos simb\u00f3licos da edi\u00e7\u00e3o. <em>Infinita<\/em> n\u00e3o chega a Sevilha depois de estrear noutro teatro nem como mais uma paragem de uma digress\u00e3o. <strong>Nasce para a Bienal e ter\u00e1 aqui a sua estreia mundial.<\/strong><\/p>\n<p>Esse car\u00e1ter de cria\u00e7\u00e3o exclusiva \u00e9 importante. A Bienal de 2026 pretende que boa parte da sua programa\u00e7\u00e3o funcione como acontecimento e n\u00e3o apenas como sucess\u00e3o de espet\u00e1culos. No caso de Sara Baras, a aposta refor\u00e7a-se com tr\u00eas sess\u00f5es consecutivas na Sala Principal do Teatro de la Maestranza.<\/p>\n<\/div><\/div><\/div><\/div><\/div><div class=\"vc_col-sm-6 wpb_column vc_column_container\"><div class=\"vc_column-inner\"><div class=\"wpb_wrapper\"><div class=\"wpb_text_column\"><div class=\"wpb_wrapper\"><h2>Um regresso com mem\u00f3ria: de <em>La Pepa<\/em> a <em>Infinita<\/em><\/h2>\n<p>A \u00faltima vez que Sara Baras participou na Bienal foi em <strong>setembro de 2012<\/strong>. Apresentou <em>La Pepa<\/em>, um espet\u00e1culo inspirado na Constitui\u00e7\u00e3o de C\u00e1dis de 1812, que acabara de celebrar o seu bicenten\u00e1rio.<\/p>\n<p>Tamb\u00e9m nessa altura o Maestranza reservou tr\u00eas noites para a companhia: <strong>14, 15 e 16 de setembro de 2012<\/strong>. Os 5.100 lugares dispon\u00edveis para essas sess\u00f5es esgotaram-se.<\/p>\n<p>A compara\u00e7\u00e3o com 2026 \u00e9 inevit\u00e1vel. Catorze anos depois regressa ao mesmo teatro, novamente durante tr\u00eas dias e novamente com uma procura que levou \u00e0 lota\u00e7\u00e3o esgotada antes do in\u00edcio da Bienal. Mas o ponto de partida art\u00edstico \u00e9 muito diferente: se <em>La Pepa<\/em> olhava para um epis\u00f3dio hist\u00f3rico concreto, <em>Infinita<\/em> dirige o olhar para <strong>toda a Andaluzia, a maturidade da artista e a heran\u00e7a que viaja atrav\u00e9s do flamenco<\/strong>.<\/p>\n<\/div><\/div><\/div><\/div><\/div><\/div><\/div><\/section><section class=\"l-section wpb_row height_huge\"><div class=\"l-section-h i-cf\"><div class=\"g-cols vc_row via_flex valign_top type_default stacking_default\"><div class=\"vc_col-sm-12 wpb_column vc_column_container\"><div class=\"vc_column-inner\"><div class=\"wpb_wrapper\"><div class=\"wpb_text_column\"><div class=\"wpb_wrapper\"><h2 id=\"fechas-infinita\">Sara Baras em Sevilha 2026: datas, hor\u00e1rio e Teatro de la Maestranza<\/h2>\n<div style=\"overflow-x: auto;\">\n<table>\n<thead>\n<tr>\n<th>Data<\/th>\n<th>Hora<\/th>\n<th>Espet\u00e1culo<\/th>\n<th>Local<\/th>\n<th>Situa\u00e7\u00e3o<\/th>\n<\/tr>\n<\/thead>\n<tbody>\n<tr>\n<td><strong>Sexta-feira, 11 de setembro<\/strong><\/td>\n<td>20:00<\/td>\n<td><em>Infinita<\/em> \u00b7 estreia mundial<\/td>\n<td>Teatro de la Maestranza<\/td>\n<td>Esgotado<\/td>\n<\/tr>\n<tr>\n<td><strong>S\u00e1bado, 12 de setembro<\/strong><\/td>\n<td>20:00<\/td>\n<td><em>Infinita<\/em><\/td>\n<td>Teatro de la Maestranza<\/td>\n<td>Esgotado<\/td>\n<\/tr>\n<tr>\n<td><strong>Domingo, 13 de setembro<\/strong><\/td>\n<td>20:00<\/td>\n<td><em>Infinita<\/em><\/td>\n<td>Teatro de la Maestranza<\/td>\n<td>Esgotado<\/td>\n<\/tr>\n<\/tbody>\n<\/table>\n<\/div>\n<p>&nbsp;<\/p>\n<p>As tr\u00eas sess\u00f5es fazem parte da <strong>XXIV Bienal de Flamenco de Sevilha<\/strong>, que decorre entre 9 de setembro e 3 de outubro. A sess\u00e3o do dia 11 corresponde \u00e0 estreia mundial da obra e abre a programa\u00e7\u00e3o do Teatro de la Maestranza dentro do festival.<\/p>\n<p>Antes disso, a <strong>10 de setembro<\/strong>, a Bienal realiza a grande gala <em>El mundo por montera<\/em> na Plaza de Toros da Real Maestranza. Por isso \u00e9 mais correto entender <em>Infinita<\/em> como o grande arranque c\u00e9nico do Maestranza e um dos atos inaugurais da edi\u00e7\u00e3o, e n\u00e3o como a primeira atividade cronol\u00f3gica de todo o festival.<\/p>\n<\/div><\/div><\/div><\/div><\/div><\/div><\/div><\/section><section class=\"l-section wpb_row height_huge color_alternate with_shape\"><div class=\"l-section-shape type_zigzag pos_top\" style=\"height:3vmin;\"><svg xmlns=\"http:\/\/www.w3.org\/2000\/svg\" viewBox=\"0 0 64 8\" preserveAspectRatio=\"none\" width=\"100%\" height=\"100%\">\r\n\t<path fill=\"currentColor\" d=\"M64 8 L0 8 L0 0 L20 7.9 L40 3 L48 5 L64 0 Z\"\/>\r\n<\/svg><\/div><div class=\"l-section-shape type_zigzag pos_bottom\" style=\"height:3vmin;\"><svg xmlns=\"http:\/\/www.w3.org\/2000\/svg\" viewBox=\"0 0 64 8\" preserveAspectRatio=\"none\" width=\"100%\" height=\"100%\">\r\n\t<path fill=\"currentColor\" d=\"M64 8 L0 8 L0 0 L20 7.9 L40 3 L48 5 L64 0 Z\"\/>\r\n<\/svg><\/div><div class=\"l-section-h i-cf\"><div class=\"g-cols vc_row via_flex valign_top type_default stacking_default\"><div class=\"vc_col-sm-6 wpb_column vc_column_container\"><div class=\"vc_column-inner\"><div class=\"wpb_wrapper\"><div class=\"wpb_text_column\"><div class=\"wpb_wrapper\"><h2 id=\"que-es-infinita\">O que \u00e9 <em>Infinita<\/em>?<\/h2>\n<p><em>Infinita<\/em> parte de uma pergunta que a pr\u00f3pria Sara Baras coloca ao apresentar o projeto: <strong>como devolver \u00e0 terra tudo aquilo que essa terra deu a uma artista<\/strong>.<\/p>\n<p>A resposta \u00e9 um espet\u00e1culo dedicado \u00e0 Andaluzia. N\u00e3o pretende construir um guia literal das suas prov\u00edncias nem uma cole\u00e7\u00e3o de imagens regionais. A abordagem \u00e9 mais c\u00e9nica e emocional: observar uma terra atrav\u00e9s das suas diferen\u00e7as e procurar o pulsar comum que as une.<\/p>\n<p>A obra \u00e9 tamb\u00e9m o <strong>vig\u00e9simo espet\u00e1culo da trajet\u00f3ria da companhia<\/strong>. Esse dado coloca a estreia num momento de balan\u00e7o e maturidade. Depois de d\u00e9cadas a levar o flamenco a palcos internacionais, Baras utiliza agora a sua pr\u00f3pria terra como mat\u00e9ria de cria\u00e7\u00e3o.<\/p>\n<p>A proposta trabalha com dan\u00e7a, m\u00fasica, cenografia, ilumina\u00e7\u00e3o e figurinos para percorrer identidades, paisagens, movimentos e mem\u00f3rias andaluzas.<\/p>\n<\/div><\/div><\/div><\/div><\/div><div class=\"vc_col-sm-6 wpb_column vc_column_container\"><div class=\"vc_column-inner\"><div class=\"wpb_wrapper\"><div class=\"wpb_text_column\"><div class=\"wpb_wrapper\"><h2>Um espet\u00e1culo sobre a Andaluzia, mas tamb\u00e9m sobre a maturidade<\/h2>\n<p>Nas entrevistas anteriores \u00e0 estreia, Sara Baras relacionou <em>Infinita<\/em> com uma fase em que sente a dan\u00e7a de outra forma. A maturidade n\u00e3o aparece como ren\u00fancia \u00e0 pot\u00eancia f\u00edsica, mas como uma forma de <strong>gerir a energia, escutar o corpo e decidir com maior consci\u00eancia onde colocar cada gesto<\/strong>.<\/p>\n<p>Essa abordagem encaixa na filosofia que a artista explicou para a montagem: depois de uma vida dedicada ao flamenco, a arte deixa de ser entendida apenas como exibi\u00e7\u00e3o e transforma-se cada vez mais em entrega.<\/p>\n<p>Por isso <em>Infinita<\/em> pode ser lida em duas escalas. A primeira \u00e9 coletiva: a Andaluzia como territ\u00f3rio de oito identidades. A segunda \u00e9 pessoal: uma bailaora que regressa \u00e0 Bienal ap\u00f3s catorze anos e usa esse regresso para se perguntar o que recebeu e o que quer devolver.<\/p>\n<\/div><\/div><\/div><\/div><\/div><\/div><\/div><\/section><section class=\"l-section wpb_row height_huge\"><div class=\"l-section-h i-cf\"><div class=\"g-cols vc_row via_flex valign_top type_default stacking_default\"><div class=\"vc_col-sm-6 wpb_column vc_column_container\"><div class=\"vc_column-inner\"><div class=\"wpb_wrapper\"><div class=\"wpb_text_column\"><div class=\"wpb_wrapper\"><h2 id=\"ocho-provincias\">Oito mulheres para as oito prov\u00edncias andaluzas<\/h2>\n<p>O n\u00facleo conceptual de <em>Infinita<\/em> s\u00e3o <strong>oito mulheres que encarnam as oito prov\u00edncias da Andaluzia<\/strong>. Cada uma tem a sua personalidade, o seu ritmo, a sua paisagem e a sua forma de olhar.<\/p>\n<p>A ideia evita apresentar a Andaluzia como uma identidade uniforme. C\u00e1dis n\u00e3o \u00e9 Granada; Huelva n\u00e3o \u00e9 Ja\u00e9n; Almer\u00eda n\u00e3o \u00e9 Sevilha. H\u00e1 mar, serra, campina, fronteira, cidade, mem\u00f3ria rural e m\u00faltiplos sotaques. A proposta procura que essas diferen\u00e7as apare\u00e7am em palco sem perder a sensa\u00e7\u00e3o de pertencer ao mesmo territ\u00f3rio cultural.<\/p>\n<p>A mulher funciona como ve\u00edculo dessa representa\u00e7\u00e3o. N\u00e3o \u00e9 um recurso estranho na trajet\u00f3ria de Baras, que construiu espet\u00e1culos em torno de personagens e universos femininos como <em>Juana la Loca<\/em>, <em>Mariana Pineda<\/em> ou <em>Carmen<\/em>.<\/p>\n<\/div><\/div><\/div><\/div><\/div><div class=\"vc_col-sm-6 wpb_column vc_column_container\"><div class=\"vc_column-inner\"><div class=\"wpb_wrapper\"><div class=\"wpb_text_column\"><div class=\"wpb_wrapper\"><h2>Uma Andaluzia que n\u00e3o termina nas suas fronteiras<\/h2>\n<p>Um dos aspetos mais interessantes do projeto \u00e9 que a identidade andaluza n\u00e3o \u00e9 apresentada como algo fechado. A experi\u00eancia internacional da companhia atravessa o conceito da obra: <strong>as ra\u00edzes viajam<\/strong> e podem continuar a fazer parte de uma pessoa longe do seu lugar de origem.<\/p>\n<p>Sara Baras atua h\u00e1 d\u00e9cadas na Europa, Am\u00e9rica e \u00c1sia. A sua forma de representar a Andaluzia foi, portanto, constru\u00edda tanto a partir de dentro como \u00e0 dist\u00e2ncia.<\/p>\n<p><em>Infinita<\/em> tenta transformar essa experi\u00eancia em linguagem c\u00e9nica. A terra aparece como origem, mas tamb\u00e9m como mem\u00f3ria port\u00e1til. Da\u00ed que o espet\u00e1culo procure um olhar aberto ao mundo em vez de uma representa\u00e7\u00e3o folcl\u00f3rica fechada sobre si pr\u00f3pria.<\/p>\n<\/div><\/div><\/div><\/div><\/div><\/div><\/div><\/section><section class=\"l-section wpb_row height_huge color_alternate with_shape\"><div class=\"l-section-shape type_zigzag pos_top\" style=\"height:3vmin;\"><svg xmlns=\"http:\/\/www.w3.org\/2000\/svg\" viewBox=\"0 0 64 8\" preserveAspectRatio=\"none\" width=\"100%\" height=\"100%\">\r\n\t<path fill=\"currentColor\" d=\"M64 8 L0 8 L0 0 L20 7.9 L40 3 L48 5 L64 0 Z\"\/>\r\n<\/svg><\/div><div class=\"l-section-shape type_zigzag pos_bottom\" style=\"height:3vmin;\"><svg xmlns=\"http:\/\/www.w3.org\/2000\/svg\" viewBox=\"0 0 64 8\" preserveAspectRatio=\"none\" width=\"100%\" height=\"100%\">\r\n\t<path fill=\"currentColor\" d=\"M64 8 L0 8 L0 0 L20 7.9 L40 3 L48 5 L64 0 Z\"\/>\r\n<\/svg><\/div><div class=\"l-section-h i-cf\"><div class=\"g-cols vc_row via_flex valign_top type_default stacking_default\"><div class=\"vc_col-sm-6 wpb_column vc_column_container\"><div class=\"vc_column-inner\"><div class=\"wpb_wrapper\"><div class=\"wpb_text_column\"><div class=\"wpb_wrapper\"><h2 id=\"flamenco-folclore\">Do folclore ao flamenco: as paisagens musicais de <em>Infinita<\/em><\/h2>\n<p>A pr\u00f3pria apresenta\u00e7\u00e3o do espet\u00e1culo fala de <strong>pontes entre o flamenco e o folclore<\/strong>. A m\u00fasica, a coreografia, a cenografia, a luz e os figurinos exploram esses territ\u00f3rios sem separar rigidamente o popular, o tradicional e o flamenco.<\/p>\n<p>O percurso anunciado atravessa formas e refer\u00eancias muito diferentes:<\/p>\n<ul>\n<li>romance e fandango,<\/li>\n<li>taranto e malague\u00f1a,<\/li>\n<li>verdial e serrana,<\/li>\n<li>trilla e aceitunera,<\/li>\n<li>grana\u00edna e sole\u00e1,<\/li>\n<li>sevillanas e tanguillo,<\/li>\n<li>alegr\u00edas e buler\u00edas.<\/li>\n<\/ul>\n<p>Nem todas essas formas pertencem ao mesmo \u00e2mbito nem t\u00eam a mesma hist\u00f3ria. \u00c9 precisamente a\u00ed que reside parte da proposta: <strong>escutar as liga\u00e7\u00f5es entre os repert\u00f3rios populares da Andaluzia e as linguagens que o flamenco desenvolveu<\/strong>.<\/p>\n<\/div><\/div><\/div><\/div><\/div><div class=\"vc_col-sm-6 wpb_column vc_column_container\"><div class=\"vc_column-inner\"><div class=\"wpb_wrapper\"><div class=\"wpb_text_column\"><div class=\"wpb_wrapper\"><h2>\u00c9 uma fus\u00e3o entre flamenco e folclore?<\/h2>\n<p>A palavra \u201cfus\u00e3o\u201d pode ser demasiado limitada. <em>Infinita<\/em> parece estar menos interessada em misturar g\u00e9neros de fora do que em investigar zonas de contacto que j\u00e1 existem na cultura andaluza.<\/p>\n<p>Verdiales, trillas, fandangos, sevillanas ou tanguillos convivem historicamente num territ\u00f3rio onde as fronteiras entre festa popular, can\u00e7\u00e3o, dan\u00e7a e flamenco nunca foram completamente imperme\u00e1veis.<\/p>\n<p>O espet\u00e1culo utiliza esse material como ponto de partida coreogr\u00e1fico e musical. O resultado n\u00e3o pretende dar uma li\u00e7\u00e3o de hist\u00f3ria nem estabelecer genealogias fechadas, mas construir um <strong>mapa emocional da Andaluzia atrav\u00e9s do movimento e do comp\u00e1s<\/strong>.<\/p>\n<\/div><\/div><\/div><\/div><\/div><\/div><\/div><\/section><section class=\"l-section wpb_row height_huge\"><div class=\"l-section-h i-cf\"><div class=\"g-cols vc_row via_flex valign_top type_default stacking_default\"><div class=\"vc_col-sm-12 wpb_column vc_column_container\"><div class=\"vc_column-inner\"><div class=\"wpb_wrapper\"><div class=\"wpb_text_column\"><div class=\"wpb_wrapper\"><h2 id=\"equipo-artistico\">Dire\u00e7\u00e3o, gui\u00e3o, coreografia e m\u00fasica de <em>Infinita<\/em><\/h2>\n<p>A cria\u00e7\u00e3o leva a assinatura direta de <strong>Sara Baras na dire\u00e7\u00e3o, no gui\u00e3o e na coreografia<\/strong>. A m\u00fasica original foi composta por <strong>Keko Baldomero<\/strong>, diretor musical da companhia e colaborador habitual na constru\u00e7\u00e3o sonora dos seus espet\u00e1culos.<\/p>\n<p>Esse controlo criativo explica por que <em>Infinita<\/em> \u00e9 apresentada como uma obra especialmente pessoal. N\u00e3o se trata apenas de uma coreografia protagonizada por Baras, mas de um projeto cuja ideia, estrutura dram\u00e1tica e linguagem de movimento nascem da sua pr\u00f3pria vis\u00e3o.<\/p>\n<p>A p\u00e1gina oficial da artista sublinha que todas as linguagens da montagem \u2014 m\u00fasica, coreografia, cenografia, ilumina\u00e7\u00e3o e figurinos \u2014 participam nesse percurso pelas oito identidades andaluzas. O objetivo \u00e9 que cada prov\u00edncia tenha cor e personalidade sem quebrar a unidade do espet\u00e1culo.<\/p>\n<p>A produ\u00e7\u00e3o chega ainda depois de <em>Vuela<\/em> (2024), a homenagem de Sara Baras a Paco de Luc\u00eda, e \u00e9 apresentada como o vig\u00e9simo t\u00edtulo de uma companhia privada que h\u00e1 quase tr\u00eas d\u00e9cadas faz digress\u00f5es internacionais.<\/p>\n<\/div><\/div><\/div><\/div><\/div><\/div><\/div><\/section><section class=\"l-section wpb_row height_huge color_alternate with_shape\"><div class=\"l-section-shape type_zigzag pos_top\" style=\"height:3vmin;\"><svg xmlns=\"http:\/\/www.w3.org\/2000\/svg\" viewBox=\"0 0 64 8\" preserveAspectRatio=\"none\" width=\"100%\" height=\"100%\">\r\n\t<path fill=\"currentColor\" d=\"M64 8 L0 8 L0 0 L20 7.9 L40 3 L48 5 L64 0 Z\"\/>\r\n<\/svg><\/div><div class=\"l-section-shape type_zigzag pos_bottom\" style=\"height:3vmin;\"><svg xmlns=\"http:\/\/www.w3.org\/2000\/svg\" viewBox=\"0 0 64 8\" preserveAspectRatio=\"none\" width=\"100%\" height=\"100%\">\r\n\t<path fill=\"currentColor\" d=\"M64 8 L0 8 L0 0 L20 7.9 L40 3 L48 5 L64 0 Z\"\/>\r\n<\/svg><\/div><div class=\"l-section-h i-cf\"><div class=\"g-cols vc_row via_flex valign_top type_default stacking_default\"><div class=\"vc_col-sm-6 wpb_column vc_column_container\"><div class=\"vc_column-inner\"><div class=\"wpb_wrapper\"><div class=\"wpb_text_column\"><div class=\"wpb_wrapper\"><h2 id=\"sara-baras-bienal\">Sara Baras e a Bienal: uma rela\u00e7\u00e3o que come\u00e7ou em 1994<\/h2>\n<p>A hist\u00f3ria de Sara Baras com a Bienal come\u00e7ou muito antes de se tornar uma das figuras mais reconhecidas do flamenco internacional. A biografia divulgada pela pr\u00f3pria organiza\u00e7\u00e3o situa a sua <strong>primeira participa\u00e7\u00e3o no festival em 1994<\/strong>, numa fase em que a sua carreira individual come\u00e7ava a consolidar-se.<\/p>\n<p>Naqueles anos j\u00e1 tinha passado por companhias e projetos de artistas como Merche Esmeralda ou Antonio Canales e acumulava digress\u00f5es pelo Jap\u00e3o, Fran\u00e7a, Nova Iorque e v\u00e1rios pa\u00edses europeus.<\/p>\n<p>Em 1998 fundou o Ballet Flamenco Sara Baras e estreou <em>Sensaciones<\/em>, in\u00edcio de uma longa produ\u00e7\u00e3o pr\u00f3pria a que se seguiriam <em>Sue\u00f1os<\/em>, <em>Juana la Loca<\/em>, <em>Mariana Pineda<\/em>, <em>Sabores<\/em>, <em>Carmen<\/em>, <em>Esencia<\/em>, <em>La Pepa<\/em>, <em>Medusa<\/em>, <em>Sombras<\/em>, <em>Alma<\/em>, <em>Vuela<\/em> e outros t\u00edtulos.<\/p>\n<\/div><\/div><\/div><\/div><\/div><div class=\"vc_col-sm-6 wpb_column vc_column_container\"><div class=\"vc_column-inner\"><div class=\"wpb_wrapper\"><div class=\"wpb_text_column\"><div class=\"wpb_wrapper\"><h2>De jovem bailaora a figura internacional<\/h2>\n<p>O regresso de 2026 permite tamb\u00e9m medir a transforma\u00e7\u00e3o do lugar que Sara Baras ocupa no flamenco. A artista que chegou \u00e0 Bienal nos anos noventa \u00e9 hoje <strong>Pr\u00e9mio Nacional de Dan\u00e7a, Medalha de Ouro da Andaluzia, Medalha de Ouro ao M\u00e9rito nas Belas-Artes e vencedora de um Olivier Award<\/strong>, entre outros reconhecimentos.<\/p>\n<p>A sua companhia transformou o flamenco de grande formato numa linguagem export\u00e1vel para teatros internacionais sem abandonar a centralidade da dan\u00e7a e do comp\u00e1s.<\/p>\n<p>Por isso a Bienal apresentou <em>Infinita<\/em> como um regresso com peso institucional e art\u00edstico. N\u00e3o se trata apenas de recuperar uma artista ausente do festival desde 2012: \u00e9 traz\u00ea-la de volta num momento de maturidade, com uma nova obra e com Sevilha como ponto de partida da sua etapa criativa seguinte.<\/p>\n<\/div><\/div><\/div><\/div><\/div><\/div><\/div><\/section><section class=\"l-section wpb_row height_huge\"><div class=\"l-section-h i-cf\"><div class=\"g-cols vc_row via_flex valign_top type_default stacking_default\"><div class=\"vc_col-sm-12 wpb_column vc_column_container\"><div class=\"vc_column-inner\"><div class=\"wpb_wrapper\"><div class=\"wpb_text_column\"><div class=\"wpb_wrapper\"><h2 id=\"entradas-infinita\">Bilhetes para Sara Baras em Sevilha 2026: pre\u00e7os e sess\u00f5es esgotadas<\/h2>\n<p>Os bilhetes para a Bienal 2026 foram colocados \u00e0 venda a <strong>11 de fevereiro<\/strong>. A faixa geral de pre\u00e7os do festival vai desde lugares econ\u00f3micos em alguns espa\u00e7os at\u00e9 aos <strong>75 euros<\/strong> que a pr\u00f3pria organiza\u00e7\u00e3o indica como pre\u00e7o m\u00e1ximo para Sara Baras no Patio A do Teatro de la Maestranza.<\/p>\n<p>No final de agosto, a dire\u00e7\u00e3o da Bienal confirmou que mais de trinta espet\u00e1culos da edi\u00e7\u00e3o j\u00e1 estavam esgotados e citou <strong><em>Infinita<\/em> entre as sess\u00f5es sem disponibilidade<\/strong>. As tr\u00eas datas surgem, portanto, entre as grandes lota\u00e7\u00f5es esgotadas antes do in\u00edcio do festival.<\/p>\n<p>Isso n\u00e3o significa que seja imposs\u00edvel aparecer algum lugar de \u00faltima hora. Em grandes produ\u00e7\u00f5es podem ocorrer devolu\u00e7\u00f5es, ajustes de quotas ou liberta\u00e7\u00f5es pontuais. Se quiser tentar, a \u00fanica refer\u00eancia fi\u00e1vel \u00e9 a venda oficial ligada pela Bienal e pelo Teatro de la Maestranza.<\/p>\n<p>Evite pagar valores inflacionados em canais n\u00e3o oficiais. Se n\u00e3o houver bilhetes, a Bienal conta com dezenas de espet\u00e1culos e Sevilha mant\u00e9m uma oferta di\u00e1ria de tablaos e salas de flamenco durante essas datas.<\/p>\n<\/div><\/div><div class=\"w-separator size_medium\"><\/div><div class=\"w-hwrapper valign_top wrap stack_on_mobiles align_center\" style=\"--hwrapper-gap:1.2rem\"><div class=\"w-btn-wrapper align_none\"><a class=\"w-btn us-btn-style_1\" href=\"https:\/\/www.tablaosflamencos.com\/pt-pt\/bienal-flamenco-sevilha-2026-bilhetes-esgotados-alternativas.html\"><span class=\"w-btn-label\">O que fazer se j\u00e1 n\u00e3o houver bilhetes<\/span><\/a><\/div><div class=\"w-btn-wrapper align_none\"><a class=\"w-btn us-btn-style_1\" href=\"https:\/\/www.tablaosflamencos.com\/pt-pt\/flamenco-em-sevilha\"><span class=\"w-btn-label\">Ver flamenco em Sevilha<\/span><\/a><\/div><\/div><\/div><\/div><\/div><\/div><\/div><\/section><section class=\"l-section wpb_row height_huge color_alternate with_shape\"><div class=\"l-section-shape type_zigzag pos_top\" style=\"height:3vmin;\"><svg xmlns=\"http:\/\/www.w3.org\/2000\/svg\" viewBox=\"0 0 64 8\" preserveAspectRatio=\"none\" width=\"100%\" height=\"100%\">\r\n\t<path fill=\"currentColor\" d=\"M64 8 L0 8 L0 0 L20 7.9 L40 3 L48 5 L64 0 Z\"\/>\r\n<\/svg><\/div><div class=\"l-section-shape type_zigzag pos_bottom\" style=\"height:3vmin;\"><svg xmlns=\"http:\/\/www.w3.org\/2000\/svg\" viewBox=\"0 0 64 8\" preserveAspectRatio=\"none\" width=\"100%\" height=\"100%\">\r\n\t<path fill=\"currentColor\" d=\"M64 8 L0 8 L0 0 L20 7.9 L40 3 L48 5 L64 0 Z\"\/>\r\n<\/svg><\/div><div class=\"l-section-h i-cf\"><div class=\"g-cols vc_row via_flex valign_top type_default stacking_default\"><div class=\"vc_col-sm-6 wpb_column vc_column_container\"><div class=\"vc_column-inner\"><div class=\"wpb_wrapper\"><div class=\"wpb_text_column\"><div class=\"wpb_wrapper\"><h2 id=\"maestranza-infinita\">O Teatro de la Maestranza, palco do regresso<\/h2>\n<p>O <strong>Teatro de la Maestranza<\/strong> \u00e9 um dos espa\u00e7os de maior capacidade e proje\u00e7\u00e3o da Bienal e concentra em 2026 boa parte das propostas de grande formato.<\/p>\n<p>O facto de <em>Infinita<\/em> estrear ali tem tamb\u00e9m uma leitura biogr\u00e1fica. Foi o palco de <em>La Pepa<\/em> na Bienal de 2012 e volta a ser, catorze anos depois, o local escolhido para o reencontro.<\/p>\n<p>A programa\u00e7\u00e3o posterior do teatro durante a Bienal inclui Ca\u00f1izares com a Real Orquesta Sinf\u00f3nica de Sevilla, Jos\u00e9 Merc\u00e9, Manuel Li\u00f1\u00e1n, Israel Galv\u00e1n, Farruquito, Marina Heredia e o encerramento <em>Perlas a Millares<\/em>. <em>Infinita<\/em> abre, portanto, uma sequ\u00eancia de grandes nomes que transforma o Maestranza num dos principais centros de gravidade da edi\u00e7\u00e3o.<\/p>\n<\/div><\/div><\/div><\/div><\/div><div class=\"vc_col-sm-6 wpb_column vc_column_container\"><div class=\"vc_column-inner\"><div class=\"wpb_wrapper\"><div class=\"wpb_text_column\"><div class=\"wpb_wrapper\"><h2>Conselhos pr\u00e1ticos para as sess\u00f5es de 11, 12 e 13 de setembro<\/h2>\n<ul>\n<li><strong>Confirme a sua data.<\/strong> As tr\u00eas sess\u00f5es come\u00e7am \u00e0s 20:00.<\/li>\n<li><strong>Chegue com anteced\u00eancia.<\/strong> Uma estreia com esta expectativa concentrar\u00e1 muito p\u00fablico nos acessos.<\/li>\n<li><strong>Verifique as condi\u00e7\u00f5es de entrada.<\/strong> Se conseguir um lugar libertado \u00e0 \u00faltima hora, confirme sempre que vem do canal oficial.<\/li>\n<li><strong>N\u00e3o confunda a Real Maestranza com o Teatro de la Maestranza.<\/strong> A gala do dia 10 realiza-se na Plaza de Toros; Sara Baras atua no teatro.<\/li>\n<li><strong>Consulte o que acontece depois.<\/strong> Nos dias 11, 12 e 13 h\u00e1 outras sess\u00f5es da Bienal em diferentes espa\u00e7os de Sevilha.<\/li>\n<\/ul>\n<\/div><\/div><\/div><\/div><\/div><\/div><\/div><\/section><section class=\"l-section wpb_row height_huge\"><div class=\"l-section-h i-cf\"><div class=\"g-cols vc_row via_flex valign_top type_default stacking_default\"><div class=\"vc_col-sm-12 wpb_column vc_column_container\"><div class=\"vc_column-inner\"><div class=\"wpb_wrapper\"><div class=\"wpb_text_column\"><div class=\"wpb_wrapper\"><h2 id=\"despues-sevilla\">Onde poder\u00e1 ver <em>Infinita<\/em> depois de Sevilha?<\/h2>\n<p>A estreia mundial ser\u00e1 na Bienal, mas <em>Infinita<\/em> continuar\u00e1 depois o seu percurso por outros teatros. Entre as datas j\u00e1 anunciadas est\u00e3o <strong>M\u00e1laga, Pamplona e Jerez de la Frontera<\/strong>.<\/p>\n<p>O Teatro Cervantes de M\u00e1laga programou quatro sess\u00f5es de 24 a 27 de outubro; o Baluarte, em Pamplona, receber\u00e1 o espet\u00e1culo a 20 de dezembro; e o Teatro Villamarta de Jerez lev\u00e1-lo-\u00e1 a palco nos dias 29 e 30 de dezembro.<\/p>\n<p>Para o p\u00fablico sevilhano, contudo, as sess\u00f5es de setembro t\u00eam um valor irrepet\u00edvel: s\u00e3o as primeiras apresenta\u00e7\u00f5es p\u00fablicas da obra e o local onde se descobrir\u00e1 pela primeira vez como se materializa em palco a viagem pelas oito Andaluzias proposta por Sara Baras.<\/p>\n<\/div><\/div><\/div><\/div><\/div><\/div><\/div><\/section><section class=\"l-section wpb_row height_huge color_alternate with_shape\"><div class=\"l-section-shape type_zigzag pos_top\" style=\"height:3vmin;\"><svg xmlns=\"http:\/\/www.w3.org\/2000\/svg\" viewBox=\"0 0 64 8\" preserveAspectRatio=\"none\" width=\"100%\" height=\"100%\">\r\n\t<path fill=\"currentColor\" d=\"M64 8 L0 8 L0 0 L20 7.9 L40 3 L48 5 L64 0 Z\"\/>\r\n<\/svg><\/div><div class=\"l-section-shape type_zigzag pos_bottom\" style=\"height:3vmin;\"><svg xmlns=\"http:\/\/www.w3.org\/2000\/svg\" viewBox=\"0 0 64 8\" preserveAspectRatio=\"none\" width=\"100%\" height=\"100%\">\r\n\t<path fill=\"currentColor\" d=\"M64 8 L0 8 L0 0 L20 7.9 L40 3 L48 5 L64 0 Z\"\/>\r\n<\/svg><\/div><div class=\"l-section-h i-cf\"><div class=\"g-cols vc_row via_flex valign_top type_default stacking_default\"><div class=\"vc_col-sm-1\/5 wpb_column vc_column_container\"><div class=\"vc_column-inner\"><div class=\"wpb_wrapper\"><\/div><\/div><\/div><div class=\"vc_col-sm-3\/5 wpb_column vc_column_container\"><div class=\"vc_column-inner\"><div class=\"wpb_wrapper\"><div class=\"wpb_text_column\"><div class=\"wpb_wrapper\"><h2 style=\"text-align: center;\">Uma estreia que une regresso, mem\u00f3ria e nova cria\u00e7\u00e3o<\/h2>\n<p style=\"text-align: center;\"><em>Infinita<\/em> re\u00fane quase todos os ingredientes que transformam uma sess\u00e3o da Bienal num acontecimento: uma estreia mundial, uma artista de enorme proje\u00e7\u00e3o internacional, tr\u00eas noites no Maestranza, um longo per\u00edodo de aus\u00eancia e uma obra pensada expressamente para olhar para a Andaluzia.<\/p>\n<p style=\"text-align: center;\">O interesse n\u00e3o est\u00e1 apenas em verificar se Sara Baras continua capaz de encher um grande teatro \u2014 a bilheteira j\u00e1 respondeu a essa pergunta \u2014, mas em descobrir o que faz uma artista com d\u00e9cadas de palco quando decide transformar a sua pr\u00f3pria terra em mat\u00e9ria coreogr\u00e1fica.<\/p>\n<p style=\"text-align: center;\">Catorze anos separam <em>La Pepa<\/em> de <em>Infinita<\/em>. Sevilha ter\u00e1 tr\u00eas noites para medir tudo o que mudou entre ambos os espet\u00e1culos e tudo o que, na dan\u00e7a de Sara Baras, continua a pulsar da mesma forma.<\/p>\n<\/div><\/div><div class=\"w-separator size_medium\"><\/div><div class=\"w-hwrapper valign_top wrap stack_on_mobiles align_center\" style=\"--hwrapper-gap:1.2rem\"><div class=\"w-btn-wrapper align_none\"><a class=\"w-btn us-btn-style_1\" href=\"https:\/\/www.tablaosflamencos.com\/pt-pt\/bienal-flamenco-sevilha\"><span class=\"w-btn-label\">Ver todas as not\u00edcias da Bienal<\/span><\/a><\/div><div class=\"w-btn-wrapper align_none\"><a class=\"w-btn us-btn-style_1\" href=\"https:\/\/www.tablaosflamencos.com\/pt-pt\/bienal-flamenco-sevilha-2026.html\"><span class=\"w-btn-label\">Consultar a programa\u00e7\u00e3o completa<\/span><\/a><\/div><\/div><\/div><\/div><\/div><div class=\"vc_col-sm-1\/5 wpb_column vc_column_container\"><div class=\"vc_column-inner\"><div class=\"wpb_wrapper\"><\/div><\/div><\/div><\/div><\/div><\/section><section class=\"l-section wpb_row height_huge\"><div class=\"l-section-h i-cf\"><div class=\"g-cols vc_row via_flex valign_top type_default stacking_default\"><div class=\"vc_col-sm-1\/5 wpb_column vc_column_container\"><div class=\"vc_column-inner\"><div class=\"wpb_wrapper\"><\/div><\/div><\/div><div class=\"vc_col-sm-3\/5 wpb_column vc_column_container\"><div class=\"vc_column-inner\"><div class=\"wpb_wrapper\"><div class=\"wpb_text_column\"><div class=\"wpb_wrapper\"><h2 id=\"faq-infinita\" style=\"text-align: center;\">Perguntas frequentes sobre Sara Baras e <em>Infinita<\/em> em Sevilha<\/h2>\n<\/div><\/div><div class=\"w-separator size_medium\"><\/div><div class=\"w-tabs accordion toggle_style_1 has_scrolling\" style=\"--sections-title-size:inherit;--sections-gap:0.5rem;\"><div class=\"w-tabs-sections titles-align_none icon_chevron cpos_right\"><div class=\"w-tabs-section\" id=\"a7ee\"><button type=\"button\" class=\"w-tabs-section-header\" aria-controls=\"content-a7ee\" aria-expanded=\"false\"><div class=\"w-tabs-section-title\">Quando atua Sara Baras em Sevilha em 2026?<\/div><div class=\"w-tabs-section-control\"><\/div><\/button><div  class=\"w-tabs-section-content\" id=\"content-a7ee\"><div class=\"w-tabs-section-content-h i-cf\"><div class=\"wpb_text_column\"><div class=\"wpb_wrapper\"><p>Sara Baras apresenta <em>Infinita<\/em> nos dias <strong>11, 12 e 13 de setembro de 2026 \u00e0s 20:00<\/strong> no Teatro de la Maestranza, no \u00e2mbito da XXIV Bienal de Flamenco de Sevilha.<\/p>\n<\/div><\/div><\/div><\/div><\/div><div class=\"w-tabs-section\" id=\"w8f5\"><button type=\"button\" class=\"w-tabs-section-header\" aria-controls=\"content-w8f5\" aria-expanded=\"false\"><div class=\"w-tabs-section-title\">Infinita \u00e9 uma estreia?<\/div><div class=\"w-tabs-section-control\"><\/div><\/button><div  class=\"w-tabs-section-content\" id=\"content-w8f5\"><div class=\"w-tabs-section-content-h i-cf\"><div class=\"wpb_text_column\"><div class=\"wpb_wrapper\"><p>Sim. A sess\u00e3o de 11 de setembro ser\u00e1 a <strong>estreia mundial<\/strong> de <em>Infinita<\/em>. O espet\u00e1culo foi criado para a Bienal e depois continuar\u00e1 a sua digress\u00e3o por outros teatros.<\/p>\n<\/div><\/div><\/div><\/div><\/div><div class=\"w-tabs-section\" id=\"y9e1\"><button type=\"button\" class=\"w-tabs-section-header\" aria-controls=\"content-y9e1\" aria-expanded=\"false\"><div class=\"w-tabs-section-title\">De que trata Infinita?<\/div><div class=\"w-tabs-section-control\"><\/div><\/button><div  class=\"w-tabs-section-content\" id=\"content-y9e1\"><div class=\"w-tabs-section-content-h i-cf\"><div class=\"wpb_text_column\"><div class=\"wpb_wrapper\"><p><em>Infinita<\/em> \u00e9 uma homenagem \u00e0 Andaluzia constru\u00edda atrav\u00e9s de <strong>oito mulheres que representam as suas oito prov\u00edncias<\/strong>. O espet\u00e1culo trabalha com flamenco, folclore, m\u00fasica, coreografia, cenografia, ilumina\u00e7\u00e3o e figurinos para explorar as diferen\u00e7as e o pulsar comum da identidade andaluza.<\/p>\n<\/div><\/div><\/div><\/div><\/div><div class=\"w-tabs-section\" id=\"pac6\"><button type=\"button\" class=\"w-tabs-section-header\" aria-controls=\"content-pac6\" aria-expanded=\"false\"><div class=\"w-tabs-section-title\">Quem dirige e coreografa Infinita?<\/div><div class=\"w-tabs-section-control\"><\/div><\/button><div  class=\"w-tabs-section-content\" id=\"content-pac6\"><div class=\"w-tabs-section-content-h i-cf\"><div class=\"wpb_text_column\"><div class=\"wpb_wrapper\"><p><strong>Sara Baras assina a dire\u00e7\u00e3o, o gui\u00e3o e a coreografia.<\/strong> A m\u00fasica original \u00e9 de Keko Baldomero, diretor musical da companhia.<\/p>\n<\/div><\/div><\/div><\/div><\/div><div class=\"w-tabs-section\" id=\"bbbd\"><button type=\"button\" class=\"w-tabs-section-header\" aria-controls=\"content-bbbd\" aria-expanded=\"false\"><div class=\"w-tabs-section-title\">H\u00e1 quantos anos Sara Baras n\u00e3o atuava na Bienal?<\/div><div class=\"w-tabs-section-control\"><\/div><\/button><div  class=\"w-tabs-section-content\" id=\"content-bbbd\"><div class=\"w-tabs-section-content-h i-cf\"><div class=\"wpb_text_column\"><div class=\"wpb_wrapper\"><p>A sua \u00faltima participa\u00e7\u00e3o foi em 2012 com <em>La Pepa<\/em>. Assim, <em>Infinita<\/em> marca o seu regresso \u00e0 Bienal <strong>catorze anos depois<\/strong>.<\/p>\n<\/div><\/div><\/div><\/div><\/div><div class=\"w-tabs-section\" id=\"ec9e\"><button type=\"button\" class=\"w-tabs-section-header\" aria-controls=\"content-ec9e\" aria-expanded=\"false\"><div class=\"w-tabs-section-title\">Onde foi a \u00faltima Bienal de Sara Baras antes de 2026?<\/div><div class=\"w-tabs-section-control\"><\/div><\/button><div  class=\"w-tabs-section-content\" id=\"content-ec9e\"><div class=\"w-tabs-section-content-h i-cf\"><div class=\"wpb_text_column\"><div class=\"wpb_wrapper\"><p>Em 2012 apresentou <em>La Pepa<\/em> no <strong>Teatro de la Maestranza<\/strong>, o mesmo palco a que regressa em 2026. As tr\u00eas sess\u00f5es dessa edi\u00e7\u00e3o esgotaram os 5.100 lugares colocados \u00e0 venda.<\/p>\n<\/div><\/div><\/div><\/div><\/div><div class=\"w-tabs-section\" id=\"gd74\"><button type=\"button\" class=\"w-tabs-section-header\" aria-controls=\"content-gd74\" aria-expanded=\"false\"><div class=\"w-tabs-section-title\">H\u00e1 bilhetes para Sara Baras na Bienal 2026?<\/div><div class=\"w-tabs-section-control\"><\/div><\/button><div  class=\"w-tabs-section-content\" id=\"content-gd74\"><div class=\"w-tabs-section-content-h i-cf\"><div class=\"wpb_text_column\"><div class=\"wpb_wrapper\"><p>Em 31 de agosto de 2026, <em>Infinita<\/em> figura entre os espet\u00e1culos <strong>esgotados<\/strong> da Bienal. Conv\u00e9m consultar os canais oficiais caso sejam libertados lugares de \u00faltima hora e evitar a revenda n\u00e3o autorizada.<\/p>\n<\/div><\/div><\/div><\/div><\/div><div class=\"w-tabs-section\" id=\"oe3d\"><button type=\"button\" class=\"w-tabs-section-header\" aria-controls=\"content-oe3d\" aria-expanded=\"false\"><div class=\"w-tabs-section-title\">Quanto custavam os bilhetes?<\/div><div class=\"w-tabs-section-control\"><\/div><\/button><div  class=\"w-tabs-section-content\" id=\"content-oe3d\"><div class=\"w-tabs-section-content-h i-cf\"><div class=\"wpb_text_column\"><div class=\"wpb_wrapper\"><p>A Bienal informa que o pre\u00e7o m\u00e1ximo dos seus bilhetes em 2026 atinge <strong>75 euros<\/strong> precisamente no espet\u00e1culo de Sara Baras, para lugares do Patio A do Teatro de la Maestranza.<\/p>\n<\/div><\/div><\/div><\/div><\/div><div class=\"w-tabs-section\" id=\"of06\"><button type=\"button\" class=\"w-tabs-section-header\" aria-controls=\"content-of06\" aria-expanded=\"false\"><div class=\"w-tabs-section-title\">Infinita poder\u00e1 ser visto noutras cidades?<\/div><div class=\"w-tabs-section-control\"><\/div><\/button><div  class=\"w-tabs-section-content\" id=\"content-of06\"><div class=\"w-tabs-section-content-h i-cf\"><div class=\"wpb_text_column\"><div class=\"wpb_wrapper\"><p>Sim. Depois da estreia em Sevilha h\u00e1 sess\u00f5es anunciadas, entre outras cidades, em <strong>M\u00e1laga, Pamplona e Jerez de la Frontera<\/strong> durante o \u00faltimo trimestre de 2026.<\/p>\n<\/div><\/div><\/div><\/div><\/div><\/div><\/div><\/div><\/div><\/div><div class=\"vc_col-sm-1\/5 wpb_column vc_column_container\"><div class=\"vc_column-inner\"><div class=\"wpb_wrapper\"><\/div><\/div><\/div><\/div><\/div><\/section><section class=\"l-section wpb_row height_huge color_alternate with_shape\"><div class=\"l-section-shape type_zigzag pos_top\" style=\"height:3vmin;\"><svg xmlns=\"http:\/\/www.w3.org\/2000\/svg\" viewBox=\"0 0 64 8\" preserveAspectRatio=\"none\" width=\"100%\" height=\"100%\">\r\n\t<path fill=\"currentColor\" d=\"M64 8 L0 8 L0 0 L20 7.9 L40 3 L48 5 L64 0 Z\"\/>\r\n<\/svg><\/div><div class=\"l-section-h i-cf\"><div class=\"g-cols vc_row via_flex valign_top type_default stacking_default\"><div class=\"vc_col-sm-12 wpb_column vc_column_container\"><div class=\"vc_column-inner\"><div class=\"wpb_wrapper\"><div class=\"wpb_text_column\"><div class=\"wpb_wrapper\"><h2>Fontes e atualiza\u00e7\u00e3o<\/h2>\n<p>Para elaborar este guia cruz\u00e1mos a informa\u00e7\u00e3o da <a href=\"https:\/\/www.labienal.com\/noticias\/sara-baras-regresa-a-la-bienal-con-el-estreno-absoluto-de-201cinfinita201d\" target=\"_blank\" rel=\"noopener\"><strong>Bienal de Flamenco de Sevilha<\/strong><\/a>, da <a href=\"https:\/\/www.labienal.com\/programa-general\/teatro-de-la-maestranza\/sara-baras\" target=\"_blank\" rel=\"noopener\"><strong>p\u00e1gina oficial de <em>Infinita<\/em><\/strong><\/a>, do <a href=\"https:\/\/www.teatrodelamaestranza.es\/es\/detalle\/508\/sara-baras\/\" target=\"_blank\" rel=\"noopener\"><strong>Teatro de la Maestranza<\/strong><\/a> e da <a href=\"https:\/\/sarabarasvuela.com\/infinita\/\" target=\"_blank\" rel=\"noopener\"><strong>p\u00e1gina oficial de Sara Baras<\/strong><\/a>.<\/p>\n<p><strong>Informa\u00e7\u00e3o revista em 31 de agosto de 2026.<\/strong> Os hor\u00e1rios, a disponibilidade de bilhetes e as condi\u00e7\u00f5es de acesso podem ser alterados pelos organizadores.<\/p>\n<\/div><\/div><\/div><\/div><\/div><\/div><\/div><\/section>\n","protected":false},"excerpt":{"rendered":"<p>Sara Baras regressa \u00e0 Bienal de Flamenco de Sevilha ap\u00f3s 14 anos com Infinita: estreia mundial, datas, conceito, bilhetes e pontos-chave do espet\u00e1culo.<\/p>\n","protected":false},"author":1,"featured_media":13720,"comment_status":"closed","ping_status":"closed","sticky":false,"template":"","format":"standard","meta":{"_acf_changed":false,"wpai_generated_summary":"","_ayudawp_aiss_exclude":false,"_ayudawp_aiss_exclude_summary":false,"_ayudawp_aiss_summary":"","_ayudawp_aiss_summary_provider":"","_ayudawp_aiss_summary_hash":"","footnotes":""},"categories":[1430],"tags":[1255,1256,1257,1409,1258,1188,1764,1259],"class_list":["post-13749","post","type-post","status-publish","format-standard","has-post-thumbnail","hentry","category-bienal-flamenco-sevilha","tag-agenda-flamenca","tag-bienal-2026","tag-bienal-de-flamenco","tag-danca-flamenca","tag-festivales-flamencos","tag-flamenco-en-sevilla","tag-sara-baras-portugues","tag-sevilla"],"acf":[],"yoast_head":"<!-- This site is optimized with the Yoast SEO Premium plugin v28.3 (Yoast SEO v28.3) - https:\/\/yoast.com\/product\/yoast-seo-premium-wordpress\/ -->\n<title>Sara Baras em Sevilha 2026: Infinita na Bienal<\/title>\n<meta name=\"description\" content=\"Sara Baras regressa \u00e0 Bienal de Flamenco de Sevilha ap\u00f3s 14 anos com Infinita: estreia mundial, datas, conceito, bilhetes e detalhes do espet\u00e1culo.\" \/>\n<meta name=\"robots\" content=\"index, follow, max-snippet:-1, max-image-preview:large, max-video-preview:-1\" \/>\n<link rel=\"canonical\" href=\"https:\/\/www.tablaosflamencos.com\/pt-pt\/sara-baras-sevilha-2026-infinita-bienal.html\" \/>\n<meta property=\"og:locale\" content=\"pt_PT\" \/>\n<meta property=\"og:type\" content=\"article\" \/>\n<meta property=\"og:title\" content=\"Sara Baras em Sevilha em 2026: Infinita e o regresso \u00e0 Bienal\" \/>\n<meta property=\"og:description\" content=\"Sara Baras regressa \u00e0 Bienal de Flamenco de Sevilha ap\u00f3s 14 anos com Infinita: estreia mundial, datas, conceito, bilhetes e detalhes do espet\u00e1culo.\" \/>\n<meta property=\"og:url\" content=\"https:\/\/www.tablaosflamencos.com\/pt-pt\/sara-baras-sevilha-2026-infinita-bienal.html\" \/>\n<meta property=\"og:site_name\" content=\"Tablaos Flamencos\" \/>\n<meta property=\"article:publisher\" content=\"https:\/\/www.facebook.com\/tablaosflamencos\" \/>\n<meta property=\"article:published_time\" content=\"2026-08-31T17:52:12+00:00\" \/>\n<meta property=\"article:modified_time\" content=\"2026-08-31T18:17:37+00:00\" \/>\n<meta property=\"og:image\" content=\"https:\/\/www.tablaosflamencos.com\/wp-content\/uploads\/que-es-un-tablao-flamenco-y-como-elegir-el-adecuado-guia-practica-01.webp\" \/>\n\t<meta property=\"og:image:width\" content=\"1920\" \/>\n\t<meta property=\"og:image:height\" content=\"1072\" \/>\n\t<meta property=\"og:image:type\" content=\"image\/webp\" \/>\n<meta name=\"author\" content=\"Miguel Ortiz\" \/>\n<meta name=\"twitter:card\" content=\"summary_large_image\" \/>\n<meta name=\"twitter:creator\" content=\"@tablaosflamenco\" \/>\n<meta name=\"twitter:site\" content=\"@tablaosflamenco\" \/>\n<meta name=\"twitter:label1\" content=\"Escrito por\" \/>\n\t<meta name=\"twitter:data1\" content=\"Miguel Ortiz\" \/>\n\t<meta name=\"twitter:label2\" content=\"Tempo estimado de leitura\" \/>\n\t<meta name=\"twitter:data2\" content=\"21 minutos\" \/>\n<script type=\"application\/ld+json\" class=\"yoast-schema-graph\">{\"@context\":\"https:\\\/\\\/schema.org\",\"@graph\":[{\"@type\":\"Article\",\"@id\":\"https:\\\/\\\/www.tablaosflamencos.com\\\/pt-pt\\\/sara-baras-sevilha-2026-infinita-bienal.html#article\",\"isPartOf\":{\"@id\":\"https:\\\/\\\/www.tablaosflamencos.com\\\/pt-pt\\\/sara-baras-sevilha-2026-infinita-bienal.html\"},\"author\":{\"name\":\"Miguel Ortiz\",\"@id\":\"https:\\\/\\\/www.tablaosflamencos.com\\\/pt-pt#\\\/schema\\\/person\\\/e7a9ebe14eb75a52ceabfbffb3c54f5d\"},\"headline\":\"Sara Baras em Sevilha em 2026: Infinita e o regresso \u00e0 Bienal\",\"datePublished\":\"2026-08-31T17:52:12+00:00\",\"dateModified\":\"2026-08-31T18:17:37+00:00\",\"mainEntityOfPage\":{\"@id\":\"https:\\\/\\\/www.tablaosflamencos.com\\\/pt-pt\\\/sara-baras-sevilha-2026-infinita-bienal.html\"},\"wordCount\":4128,\"publisher\":{\"@id\":\"https:\\\/\\\/www.tablaosflamencos.com\\\/pt-pt#organization\"},\"image\":{\"@id\":\"https:\\\/\\\/www.tablaosflamencos.com\\\/pt-pt\\\/sara-baras-sevilha-2026-infinita-bienal.html#primaryimage\"},\"thumbnailUrl\":\"https:\\\/\\\/www.tablaosflamencos.com\\\/wp-content\\\/uploads\\\/sara-baras-en-sevilla-2026-infinita-y-su-regreso-a-la-bienal-01.avif\",\"keywords\":[\"agenda flamenca\",\"Bienal 2026\",\"Bienal de Flamenco\",\"dan\u00e7a flamenca\",\"festivales flamencos\",\"flamenco en Sevilla\",\"Sara Baras\",\"sevilla\"],\"articleSection\":[\"Bienal de Flamenco de Sevilha\"],\"inLanguage\":\"pt-PT\"},{\"@type\":\"WebPage\",\"@id\":\"https:\\\/\\\/www.tablaosflamencos.com\\\/pt-pt\\\/sara-baras-sevilha-2026-infinita-bienal.html\",\"url\":\"https:\\\/\\\/www.tablaosflamencos.com\\\/pt-pt\\\/sara-baras-sevilha-2026-infinita-bienal.html\",\"name\":\"Sara Baras em Sevilha 2026: Infinita na Bienal\",\"isPartOf\":{\"@id\":\"https:\\\/\\\/www.tablaosflamencos.com\\\/pt-pt#website\"},\"primaryImageOfPage\":{\"@id\":\"https:\\\/\\\/www.tablaosflamencos.com\\\/pt-pt\\\/sara-baras-sevilha-2026-infinita-bienal.html#primaryimage\"},\"image\":{\"@id\":\"https:\\\/\\\/www.tablaosflamencos.com\\\/pt-pt\\\/sara-baras-sevilha-2026-infinita-bienal.html#primaryimage\"},\"thumbnailUrl\":\"https:\\\/\\\/www.tablaosflamencos.com\\\/wp-content\\\/uploads\\\/sara-baras-en-sevilla-2026-infinita-y-su-regreso-a-la-bienal-01.avif\",\"datePublished\":\"2026-08-31T17:52:12+00:00\",\"dateModified\":\"2026-08-31T18:17:37+00:00\",\"description\":\"Sara Baras regressa \u00e0 Bienal de Flamenco de Sevilha ap\u00f3s 14 anos com Infinita: estreia mundial, datas, conceito, bilhetes e detalhes do espet\u00e1culo.\",\"breadcrumb\":{\"@id\":\"https:\\\/\\\/www.tablaosflamencos.com\\\/pt-pt\\\/sara-baras-sevilha-2026-infinita-bienal.html#breadcrumb\"},\"inLanguage\":\"pt-PT\",\"potentialAction\":[{\"@type\":\"ReadAction\",\"target\":[\"https:\\\/\\\/www.tablaosflamencos.com\\\/pt-pt\\\/sara-baras-sevilha-2026-infinita-bienal.html\"]}]},{\"@type\":\"ImageObject\",\"inLanguage\":\"pt-PT\",\"@id\":\"https:\\\/\\\/www.tablaosflamencos.com\\\/pt-pt\\\/sara-baras-sevilha-2026-infinita-bienal.html#primaryimage\",\"url\":\"https:\\\/\\\/www.tablaosflamencos.com\\\/wp-content\\\/uploads\\\/sara-baras-en-sevilla-2026-infinita-y-su-regreso-a-la-bienal-01.avif\",\"contentUrl\":\"https:\\\/\\\/www.tablaosflamencos.com\\\/wp-content\\\/uploads\\\/sara-baras-en-sevilla-2026-infinita-y-su-regreso-a-la-bienal-01.avif\",\"width\":1920,\"height\":1279,\"caption\":\"Sara Baras en Sevilla 2026: Infinita y su regreso a la Bienal\"},{\"@type\":\"BreadcrumbList\",\"@id\":\"https:\\\/\\\/www.tablaosflamencos.com\\\/pt-pt\\\/sara-baras-sevilha-2026-infinita-bienal.html#breadcrumb\",\"itemListElement\":[{\"@type\":\"ListItem\",\"position\":1,\"name\":\"Home\",\"item\":\"https:\\\/\\\/www.tablaosflamencos.com\\\/pt-pt\"},{\"@type\":\"ListItem\",\"position\":2,\"name\":\"Sara Baras em Sevilha em 2026: Infinita e o regresso \u00e0 Bienal\"}]},{\"@type\":\"WebSite\",\"@id\":\"https:\\\/\\\/www.tablaosflamencos.com\\\/pt-pt#website\",\"url\":\"https:\\\/\\\/www.tablaosflamencos.com\\\/pt-pt\",\"name\":\"Tablaos Flamencos\",\"description\":\"Entradas para tablaos flamencos de Espa\u00f1a\",\"publisher\":{\"@id\":\"https:\\\/\\\/www.tablaosflamencos.com\\\/pt-pt#organization\"},\"alternateName\":\"Tablaos Flamencos\",\"potentialAction\":[{\"@type\":\"SearchAction\",\"target\":{\"@type\":\"EntryPoint\",\"urlTemplate\":\"https:\\\/\\\/www.tablaosflamencos.com\\\/pt-pt?s={search_term_string}\"},\"query-input\":{\"@type\":\"PropertyValueSpecification\",\"valueRequired\":true,\"valueName\":\"search_term_string\"}}],\"inLanguage\":\"pt-PT\"},{\"@type\":[\"Organization\",\"Place\",\"EntertainmentBusiness\"],\"@id\":\"https:\\\/\\\/www.tablaosflamencos.com\\\/pt-pt#organization\",\"name\":\"Tablaos Flamencos\",\"alternateName\":\"Tablaos Flamencos\",\"url\":\"https:\\\/\\\/www.tablaosflamencos.com\\\/pt-pt\",\"logo\":{\"@id\":\"https:\\\/\\\/www.tablaosflamencos.com\\\/pt-pt\\\/sara-baras-sevilha-2026-infinita-bienal.html#local-main-organization-logo\"},\"image\":{\"@id\":\"https:\\\/\\\/www.tablaosflamencos.com\\\/pt-pt\\\/sara-baras-sevilha-2026-infinita-bienal.html#local-main-organization-logo\"},\"sameAs\":[\"https:\\\/\\\/www.facebook.com\\\/tablaosflamencos\",\"https:\\\/\\\/x.com\\\/tablaosflamenco\",\"https:\\\/\\\/mastodon.social\\\/@tablaosflamencos\",\"https:\\\/\\\/www.instagram.com\\\/tablaosflamencos\",\"https:\\\/\\\/tiktok.com\\\/@tablaosflamencos\",\"https:\\\/\\\/www.linkedin.com\\\/company\\\/109408238\\\/\"],\"description\":\"Venta de entradas para espect\u00e1culos flamencos\",\"legalName\":\"Tablaos Flamencos\",\"foundingDate\":\"2015-01-01\",\"numberOfEmployees\":{\"@type\":\"QuantitativeValue\",\"minValue\":\"1\",\"maxValue\":\"10\"},\"address\":{\"@id\":\"https:\\\/\\\/www.tablaosflamencos.com\\\/pt-pt\\\/sara-baras-sevilha-2026-infinita-bienal.html#local-main-place-address\"},\"geo\":{\"@type\":\"GeoCoordinates\",\"latitude\":\"37.3868072\",\"longitude\":\"-5.993280299999999\"},\"telephone\":[\"+34623787787\"],\"contactPoint\":{\"@type\":\"ContactPoint\",\"telephone\":\"+34623787787\",\"email\":\"info@tablaosflamencos.com\"},\"openingHoursSpecification\":{\"@type\":\"OpeningHoursSpecification\",\"dayOfWeek\":[\"Monday\",\"Tuesday\",\"Wednesday\",\"Thursday\",\"Friday\",\"Saturday\",\"Sunday\"],\"opens\":\"00:00\",\"closes\":\"23:59\"},\"email\":\"info@tablaosflamencos.com\",\"priceRange\":\"$$$\",\"currenciesAccepted\":\"\u20ac\"},{\"@type\":\"Person\",\"@id\":\"https:\\\/\\\/www.tablaosflamencos.com\\\/pt-pt#\\\/schema\\\/person\\\/e7a9ebe14eb75a52ceabfbffb3c54f5d\",\"name\":\"Miguel Ortiz\",\"description\":\"Miguel Ortiz es un empresario flamenco, con una s\u00f3lida trayectoria dentro del sector. Ha presidido entidades culturales vinculadas al flamenco y, cuenta con un amplio recorrido profesional en la gesti\u00f3n y promoci\u00f3n de espect\u00e1culos y tablaos flamencos. Su pasi\u00f3n por la historia y el arte flamenco se refleja en cada art\u00edculo, donde combina experiencia, criterio y un profundo respeto por la tradici\u00f3n.\",\"sameAs\":[\"https:\\\/\\\/www.tablaosflamencos.com\",\"https:\\\/\\\/www.instagra.com\\\/miguelortizfe\",\"https:\\\/\\\/www.linkedin.com\\\/in\\\/miguelortizf\\\/\"],\"birthDate\":\"1984-11-22\",\"gender\":\"hombre\",\"knowsLanguage\":[\"espa\u00f1ol\",\"ingl\u00e9s\"],\"jobTitle\":\"Empresario flamenco\"},{\"@type\":\"PostalAddress\",\"@id\":\"https:\\\/\\\/www.tablaosflamencos.com\\\/pt-pt\\\/sara-baras-sevilha-2026-infinita-bienal.html#local-main-place-address\",\"streetAddress\":\"C\\\/ Alemanes, 19\",\"addressLocality\":\"Sevilla\",\"postalCode\":\"41004\",\"addressRegion\":\"Sevilla\",\"addressCountry\":\"ES\"},{\"@type\":\"ImageObject\",\"inLanguage\":\"pt-PT\",\"@id\":\"https:\\\/\\\/www.tablaosflamencos.com\\\/pt-pt\\\/sara-baras-sevilha-2026-infinita-bienal.html#local-main-organization-logo\",\"url\":\"https:\\\/\\\/www.tablaosflamencos.com\\\/wp-content\\\/uploads\\\/tablaos-flamencos-06-3.webp\",\"contentUrl\":\"https:\\\/\\\/www.tablaosflamencos.com\\\/wp-content\\\/uploads\\\/tablaos-flamencos-06-3.webp\",\"width\":600,\"height\":620,\"caption\":\"Tablaos Flamencos\"}]}<\/script>\n<meta name=\"geo.placename\" content=\"Sevilla\" \/>\n<meta name=\"geo.position\" content=\"37.3868072;-5.993280299999999\" \/>\n<meta name=\"geo.region\" content=\"Espanha\" \/>\n<!-- \/ Yoast SEO Premium plugin. -->","yoast_head_json":{"title":"Sara Baras em Sevilha 2026: Infinita na Bienal","description":"Sara Baras regressa \u00e0 Bienal de Flamenco de Sevilha ap\u00f3s 14 anos com Infinita: estreia mundial, datas, conceito, bilhetes e detalhes do espet\u00e1culo.","robots":{"index":"index","follow":"follow","max-snippet":"max-snippet:-1","max-image-preview":"max-image-preview:large","max-video-preview":"max-video-preview:-1"},"canonical":"https:\/\/www.tablaosflamencos.com\/pt-pt\/sara-baras-sevilha-2026-infinita-bienal.html","og_locale":"pt_PT","og_type":"article","og_title":"Sara Baras em Sevilha em 2026: Infinita e o regresso \u00e0 Bienal","og_description":"Sara Baras regressa \u00e0 Bienal de Flamenco de Sevilha ap\u00f3s 14 anos com Infinita: estreia mundial, datas, conceito, bilhetes e detalhes do espet\u00e1culo.","og_url":"https:\/\/www.tablaosflamencos.com\/pt-pt\/sara-baras-sevilha-2026-infinita-bienal.html","og_site_name":"Tablaos Flamencos","article_publisher":"https:\/\/www.facebook.com\/tablaosflamencos","article_published_time":"2026-08-31T17:52:12+00:00","article_modified_time":"2026-08-31T18:17:37+00:00","og_image":[{"width":1920,"height":1072,"url":"https:\/\/www.tablaosflamencos.com\/wp-content\/uploads\/que-es-un-tablao-flamenco-y-como-elegir-el-adecuado-guia-practica-01.webp","type":"image\/webp"}],"author":"Miguel Ortiz","twitter_card":"summary_large_image","twitter_creator":"@tablaosflamenco","twitter_site":"@tablaosflamenco","twitter_misc":{"Escrito por":"Miguel Ortiz","Tempo estimado de leitura":"21 minutos"},"schema":{"@context":"https:\/\/schema.org","@graph":[{"@type":"Article","@id":"https:\/\/www.tablaosflamencos.com\/pt-pt\/sara-baras-sevilha-2026-infinita-bienal.html#article","isPartOf":{"@id":"https:\/\/www.tablaosflamencos.com\/pt-pt\/sara-baras-sevilha-2026-infinita-bienal.html"},"author":{"name":"Miguel Ortiz","@id":"https:\/\/www.tablaosflamencos.com\/pt-pt#\/schema\/person\/e7a9ebe14eb75a52ceabfbffb3c54f5d"},"headline":"Sara Baras em Sevilha em 2026: Infinita e o regresso \u00e0 Bienal","datePublished":"2026-08-31T17:52:12+00:00","dateModified":"2026-08-31T18:17:37+00:00","mainEntityOfPage":{"@id":"https:\/\/www.tablaosflamencos.com\/pt-pt\/sara-baras-sevilha-2026-infinita-bienal.html"},"wordCount":4128,"publisher":{"@id":"https:\/\/www.tablaosflamencos.com\/pt-pt#organization"},"image":{"@id":"https:\/\/www.tablaosflamencos.com\/pt-pt\/sara-baras-sevilha-2026-infinita-bienal.html#primaryimage"},"thumbnailUrl":"https:\/\/www.tablaosflamencos.com\/wp-content\/uploads\/sara-baras-en-sevilla-2026-infinita-y-su-regreso-a-la-bienal-01.avif","keywords":["agenda flamenca","Bienal 2026","Bienal de Flamenco","dan\u00e7a flamenca","festivales flamencos","flamenco en Sevilla","Sara Baras","sevilla"],"articleSection":["Bienal de Flamenco de Sevilha"],"inLanguage":"pt-PT"},{"@type":"WebPage","@id":"https:\/\/www.tablaosflamencos.com\/pt-pt\/sara-baras-sevilha-2026-infinita-bienal.html","url":"https:\/\/www.tablaosflamencos.com\/pt-pt\/sara-baras-sevilha-2026-infinita-bienal.html","name":"Sara Baras em Sevilha 2026: Infinita na Bienal","isPartOf":{"@id":"https:\/\/www.tablaosflamencos.com\/pt-pt#website"},"primaryImageOfPage":{"@id":"https:\/\/www.tablaosflamencos.com\/pt-pt\/sara-baras-sevilha-2026-infinita-bienal.html#primaryimage"},"image":{"@id":"https:\/\/www.tablaosflamencos.com\/pt-pt\/sara-baras-sevilha-2026-infinita-bienal.html#primaryimage"},"thumbnailUrl":"https:\/\/www.tablaosflamencos.com\/wp-content\/uploads\/sara-baras-en-sevilla-2026-infinita-y-su-regreso-a-la-bienal-01.avif","datePublished":"2026-08-31T17:52:12+00:00","dateModified":"2026-08-31T18:17:37+00:00","description":"Sara Baras regressa \u00e0 Bienal de Flamenco de Sevilha ap\u00f3s 14 anos com Infinita: estreia mundial, datas, conceito, bilhetes e detalhes do espet\u00e1culo.","breadcrumb":{"@id":"https:\/\/www.tablaosflamencos.com\/pt-pt\/sara-baras-sevilha-2026-infinita-bienal.html#breadcrumb"},"inLanguage":"pt-PT","potentialAction":[{"@type":"ReadAction","target":["https:\/\/www.tablaosflamencos.com\/pt-pt\/sara-baras-sevilha-2026-infinita-bienal.html"]}]},{"@type":"ImageObject","inLanguage":"pt-PT","@id":"https:\/\/www.tablaosflamencos.com\/pt-pt\/sara-baras-sevilha-2026-infinita-bienal.html#primaryimage","url":"https:\/\/www.tablaosflamencos.com\/wp-content\/uploads\/sara-baras-en-sevilla-2026-infinita-y-su-regreso-a-la-bienal-01.avif","contentUrl":"https:\/\/www.tablaosflamencos.com\/wp-content\/uploads\/sara-baras-en-sevilla-2026-infinita-y-su-regreso-a-la-bienal-01.avif","width":1920,"height":1279,"caption":"Sara Baras en Sevilla 2026: Infinita y su regreso a la Bienal"},{"@type":"BreadcrumbList","@id":"https:\/\/www.tablaosflamencos.com\/pt-pt\/sara-baras-sevilha-2026-infinita-bienal.html#breadcrumb","itemListElement":[{"@type":"ListItem","position":1,"name":"Home","item":"https:\/\/www.tablaosflamencos.com\/pt-pt"},{"@type":"ListItem","position":2,"name":"Sara Baras em Sevilha em 2026: Infinita e o regresso \u00e0 Bienal"}]},{"@type":"WebSite","@id":"https:\/\/www.tablaosflamencos.com\/pt-pt#website","url":"https:\/\/www.tablaosflamencos.com\/pt-pt","name":"Tablaos Flamencos","description":"Entradas para tablaos flamencos de Espa\u00f1a","publisher":{"@id":"https:\/\/www.tablaosflamencos.com\/pt-pt#organization"},"alternateName":"Tablaos Flamencos","potentialAction":[{"@type":"SearchAction","target":{"@type":"EntryPoint","urlTemplate":"https:\/\/www.tablaosflamencos.com\/pt-pt?s={search_term_string}"},"query-input":{"@type":"PropertyValueSpecification","valueRequired":true,"valueName":"search_term_string"}}],"inLanguage":"pt-PT"},{"@type":["Organization","Place","EntertainmentBusiness"],"@id":"https:\/\/www.tablaosflamencos.com\/pt-pt#organization","name":"Tablaos Flamencos","alternateName":"Tablaos Flamencos","url":"https:\/\/www.tablaosflamencos.com\/pt-pt","logo":{"@id":"https:\/\/www.tablaosflamencos.com\/pt-pt\/sara-baras-sevilha-2026-infinita-bienal.html#local-main-organization-logo"},"image":{"@id":"https:\/\/www.tablaosflamencos.com\/pt-pt\/sara-baras-sevilha-2026-infinita-bienal.html#local-main-organization-logo"},"sameAs":["https:\/\/www.facebook.com\/tablaosflamencos","https:\/\/x.com\/tablaosflamenco","https:\/\/mastodon.social\/@tablaosflamencos","https:\/\/www.instagram.com\/tablaosflamencos","https:\/\/tiktok.com\/@tablaosflamencos","https:\/\/www.linkedin.com\/company\/109408238\/"],"description":"Venta de entradas para espect\u00e1culos flamencos","legalName":"Tablaos Flamencos","foundingDate":"2015-01-01","numberOfEmployees":{"@type":"QuantitativeValue","minValue":"1","maxValue":"10"},"address":{"@id":"https:\/\/www.tablaosflamencos.com\/pt-pt\/sara-baras-sevilha-2026-infinita-bienal.html#local-main-place-address"},"geo":{"@type":"GeoCoordinates","latitude":"37.3868072","longitude":"-5.993280299999999"},"telephone":["+34623787787"],"contactPoint":{"@type":"ContactPoint","telephone":"+34623787787","email":"info@tablaosflamencos.com"},"openingHoursSpecification":{"@type":"OpeningHoursSpecification","dayOfWeek":["Monday","Tuesday","Wednesday","Thursday","Friday","Saturday","Sunday"],"opens":"00:00","closes":"23:59"},"email":"info@tablaosflamencos.com","priceRange":"$$$","currenciesAccepted":"\u20ac"},{"@type":"Person","@id":"https:\/\/www.tablaosflamencos.com\/pt-pt#\/schema\/person\/e7a9ebe14eb75a52ceabfbffb3c54f5d","name":"Miguel Ortiz","description":"Miguel Ortiz es un empresario flamenco, con una s\u00f3lida trayectoria dentro del sector. Ha presidido entidades culturales vinculadas al flamenco y, cuenta con un amplio recorrido profesional en la gesti\u00f3n y promoci\u00f3n de espect\u00e1culos y tablaos flamencos. Su pasi\u00f3n por la historia y el arte flamenco se refleja en cada art\u00edculo, donde combina experiencia, criterio y un profundo respeto por la tradici\u00f3n.","sameAs":["https:\/\/www.tablaosflamencos.com","https:\/\/www.instagra.com\/miguelortizfe","https:\/\/www.linkedin.com\/in\/miguelortizf\/"],"birthDate":"1984-11-22","gender":"hombre","knowsLanguage":["espa\u00f1ol","ingl\u00e9s"],"jobTitle":"Empresario flamenco"},{"@type":"PostalAddress","@id":"https:\/\/www.tablaosflamencos.com\/pt-pt\/sara-baras-sevilha-2026-infinita-bienal.html#local-main-place-address","streetAddress":"C\/ Alemanes, 19","addressLocality":"Sevilla","postalCode":"41004","addressRegion":"Sevilla","addressCountry":"ES"},{"@type":"ImageObject","inLanguage":"pt-PT","@id":"https:\/\/www.tablaosflamencos.com\/pt-pt\/sara-baras-sevilha-2026-infinita-bienal.html#local-main-organization-logo","url":"https:\/\/www.tablaosflamencos.com\/wp-content\/uploads\/tablaos-flamencos-06-3.webp","contentUrl":"https:\/\/www.tablaosflamencos.com\/wp-content\/uploads\/tablaos-flamencos-06-3.webp","width":600,"height":620,"caption":"Tablaos Flamencos"}]},"geo.placename":"Sevilla","geo.position":{"lat":"37.3868072","long":"-5.993280299999999"},"geo.region":"Espanha"},"_links":{"self":[{"href":"https:\/\/www.tablaosflamencos.com\/pt-pt\/wp-json\/wp\/v2\/posts\/13749","targetHints":{"allow":["GET"]}}],"collection":[{"href":"https:\/\/www.tablaosflamencos.com\/pt-pt\/wp-json\/wp\/v2\/posts"}],"about":[{"href":"https:\/\/www.tablaosflamencos.com\/pt-pt\/wp-json\/wp\/v2\/types\/post"}],"author":[{"embeddable":true,"href":"https:\/\/www.tablaosflamencos.com\/pt-pt\/wp-json\/wp\/v2\/users\/1"}],"replies":[{"embeddable":true,"href":"https:\/\/www.tablaosflamencos.com\/pt-pt\/wp-json\/wp\/v2\/comments?post=13749"}],"version-history":[{"count":1,"href":"https:\/\/www.tablaosflamencos.com\/pt-pt\/wp-json\/wp\/v2\/posts\/13749\/revisions"}],"predecessor-version":[{"id":13780,"href":"https:\/\/www.tablaosflamencos.com\/pt-pt\/wp-json\/wp\/v2\/posts\/13749\/revisions\/13780"}],"wp:featuredmedia":[{"embeddable":true,"href":"https:\/\/www.tablaosflamencos.com\/pt-pt\/wp-json\/wp\/v2\/media\/13720"}],"wp:attachment":[{"href":"https:\/\/www.tablaosflamencos.com\/pt-pt\/wp-json\/wp\/v2\/media?parent=13749"}],"wp:term":[{"taxonomy":"category","embeddable":true,"href":"https:\/\/www.tablaosflamencos.com\/pt-pt\/wp-json\/wp\/v2\/categories?post=13749"},{"taxonomy":"post_tag","embeddable":true,"href":"https:\/\/www.tablaosflamencos.com\/pt-pt\/wp-json\/wp\/v2\/tags?post=13749"}],"curies":[{"name":"wp","href":"https:\/\/api.w.org\/{rel}","templated":true}]}}