{"id":13693,"date":"2026-08-31T19:04:44","date_gmt":"2026-08-31T17:04:44","guid":{"rendered":"https:\/\/www.tablaosflamencos.com\/?p=13693"},"modified":"2026-08-31T19:25:49","modified_gmt":"2026-08-31T17:25:49","slug":"matines-unicas-bienal-flamenco-sevilha-2026","status":"publish","type":"post","link":"https:\/\/www.tablaosflamencos.com\/pt-pt\/matines-unicas-bienal-flamenco-sevilha-2026.html","title":{"rendered":"Matin\u00e9s \u00danicas da Bienal de Flamenco de Sevilha 2026: programa, datas e San Luis de los Franceses"},"content":{"rendered":"<section class=\"l-section wpb_row height_huge\"><div class=\"l-section-h i-cf\"><div class=\"g-cols vc_row via_flex valign_top type_default stacking_default\"><div class=\"vc_col-sm-6 wpb_column vc_column_container\"><div class=\"vc_column-inner\"><div class=\"wpb_wrapper\"><div class=\"wpb_text_column\"><div class=\"wpb_wrapper\"><h2>Matin\u00e9s \u00danicas da Bienal 2026: flamenco ao meio-dia numa joia do Barroco<\/h2>\n<p>As <strong>Matin\u00e9s \u00danicas da Bienal de Flamenco de Sevilha 2026<\/strong> formam um dos ciclos mais singulares da XXIV edi\u00e7\u00e3o. Seis sess\u00f5es, sempre \u00e0s <strong>12:00<\/strong>, transformar\u00e3o durante tr\u00eas fins de semana a igreja de <strong>San Luis de los Franceses<\/strong> num espa\u00e7o de encontro entre o flamenco e a m\u00fasica antiga.<\/p>\n<p>A proposta re\u00fane <strong>Pedro El Grana\u00edno, Alejandro Hurtado e Encarna Anillo<\/strong>, cada um com duas sess\u00f5es e com m\u00fasicos convidados ligados a instrumentos e repert\u00f3rios hist\u00f3ricos. O cravo de Daniel Oyarz\u00e1bal, a guitarra de Enrike Solin\u00eds e o ala\u00fade de Miguel Rinc\u00f3n entram assim em di\u00e1logo com o cante e a guitarra flamenca.<\/p>\n<p>N\u00e3o \u00e9 uma simples mudan\u00e7a de hor\u00e1rio dentro da programa\u00e7\u00e3o. A Bienal apresenta as matin\u00e9s como uma experi\u00eancia de <strong>escuta \u00edntima e pausada<\/strong>, em que a arquitetura, a luz da manh\u00e3, o sil\u00eancio e a ac\u00fastica de San Luis fazem parte do pr\u00f3prio espet\u00e1culo.<\/p>\n<\/div><\/div><\/div><\/div><\/div><div class=\"vc_col-sm-6 wpb_column vc_column_container\"><div class=\"vc_column-inner\"><div class=\"wpb_wrapper\"><div class=\"wpb_text_column\"><div class=\"wpb_wrapper\"><p style=\"text-align: center; font-size: 64px; line-height: 1; margin-bottom: 10px;\"><strong>6<\/strong><\/p>\n<h3 style=\"text-align: center;\">Matin\u00e9s \u00danicas<\/h3>\n<p style=\"text-align: center;\"><strong>12, 13, 19, 20, 26 e 27 de setembro<\/strong><\/p>\n<p style=\"text-align: center;\">Todas \u00e0s <strong>12:00<\/strong><\/p>\n<p style=\"text-align: center;\">Igreja de San Luis de los Franceses<\/p>\n<\/div><\/div><\/div><\/div><\/div><\/div><\/div><\/section><section class=\"l-section wpb_row height_huge color_alternate with_shape\"><div class=\"l-section-shape type_zigzag pos_top\" style=\"height:3vmin;\"><svg xmlns=\"http:\/\/www.w3.org\/2000\/svg\" viewBox=\"0 0 64 8\" preserveAspectRatio=\"none\" width=\"100%\" height=\"100%\">\r\n\t<path fill=\"currentColor\" d=\"M64 8 L0 8 L0 0 L20 7.9 L40 3 L48 5 L64 0 Z\"\/>\r\n<\/svg><\/div><div class=\"l-section-shape type_zigzag pos_bottom\" style=\"height:3vmin;\"><svg xmlns=\"http:\/\/www.w3.org\/2000\/svg\" viewBox=\"0 0 64 8\" preserveAspectRatio=\"none\" width=\"100%\" height=\"100%\">\r\n\t<path fill=\"currentColor\" d=\"M64 8 L0 8 L0 0 L20 7.9 L40 3 L48 5 L64 0 Z\"\/>\r\n<\/svg><\/div><div class=\"l-section-h i-cf\"><div class=\"g-cols vc_row via_flex valign_top type_default stacking_default\"><div class=\"vc_col-sm-12 wpb_column vc_column_container\"><div class=\"vc_column-inner\"><div class=\"wpb_wrapper\"><div class=\"wpb_text_column\"><div class=\"wpb_wrapper\"><blockquote>\n<p><strong>Resposta r\u00e1pida:<\/strong> as Matin\u00e9s \u00danicas da Bienal 2026 s\u00e3o seis sess\u00f5es matinais em San Luis de los Franceses. Pedro El Grana\u00edno apresenta <em>Pan de oro<\/em> nos dias 12 e 13 de setembro; Alejandro Hurtado, <em>Devenir de la guitarra<\/em> nos dias 19 e 20; e Encarna Anillo, <em>Camino de flores<\/em> nos dias 26 e 27. Todas come\u00e7am \u00e0s 12:00 e exploram, a partir de perspetivas diferentes, o di\u00e1logo entre flamenco, m\u00fasica antiga e patrim\u00f3nio.<\/p>\n<\/blockquote>\n<p><strong>\u00daltima atualiza\u00e7\u00e3o: 31 de agosto de 2026.<\/strong> A disponibilidade de lugares pode mudar. Confirme sempre a situa\u00e7\u00e3o atual de cada sess\u00e3o no site oficial da Bienal.<\/p>\n<\/div><\/div><div class=\"w-separator size_medium\"><\/div><div class=\"w-hwrapper valign_top wrap stack_on_mobiles align_center\" style=\"--hwrapper-gap:1.2rem\"><div class=\"w-btn-wrapper align_none\"><a class=\"w-btn us-btn-style_1\" href=\"https:\/\/www.tablaosflamencos.com\/pt-pt\/bienal-flamenco-sevilha-2026.html\"><span class=\"w-btn-label\">Guia completo da Bienal 2026<\/span><\/a><\/div><div class=\"w-btn-wrapper align_none\"><a class=\"w-btn us-btn-style_1\" href=\"https:\/\/www.tablaosflamencos.com\/pt-pt\/bienal-flamenco-sevilha\"><span class=\"w-btn-label\">Ver todas as nossas not\u00edcias da Bienal<\/span><\/a><\/div><\/div><\/div><\/div><\/div><\/div><\/div><\/section><section class=\"l-section wpb_row height_huge\"><div class=\"l-section-h i-cf\"><div class=\"g-cols vc_row via_flex valign_top type_default stacking_default\"><div class=\"vc_col-sm-1\/5 wpb_column vc_column_container\"><div class=\"vc_column-inner\"><div class=\"wpb_wrapper\"><\/div><\/div><\/div><div class=\"vc_col-sm-3\/5 wpb_column vc_column_container\"><div class=\"vc_column-inner\"><div class=\"wpb_wrapper\"><div class=\"wpb_text_column\"><div class=\"wpb_wrapper\"><h2>Conte\u00fado deste guia<\/h2>\n<ul>\n<li><a href=\"#que-son-matines\">O que s\u00e3o as Matin\u00e9s \u00danicas<\/a><\/li>\n<li><a href=\"#calendario-matines\">Calend\u00e1rio completo<\/a><\/li>\n<li><a href=\"#pan-de-oro\">Pedro El Grana\u00edno: Pan de oro<\/a><\/li>\n<li><a href=\"#devenir-guitarra\">Alejandro Hurtado: Devenir de la guitarra<\/a><\/li>\n<li><a href=\"#camino-flores\">Encarna Anillo: Camino de flores<\/a><\/li>\n<li><a href=\"#san-luis\">Porque San Luis de los Franceses faz parte do espet\u00e1culo<\/a><\/li>\n<li><a href=\"#flamenco-musica-antigua\">Flamenco e m\u00fasica antiga<\/a><\/li>\n<li><a href=\"#entradas-matines\">Bilhetes e disponibilidade<\/a><\/li>\n<li><a href=\"#como-llegar\">Como chegar e conselhos pr\u00e1ticos<\/a><\/li>\n<li><a href=\"#faq-matines\">Perguntas frequentes<\/a><\/li>\n<\/ul>\n<\/div><\/div><\/div><\/div><\/div><div class=\"vc_col-sm-1\/5 wpb_column vc_column_container\"><div class=\"vc_column-inner\"><div class=\"wpb_wrapper\"><\/div><\/div><\/div><\/div><\/div><\/section><section class=\"l-section wpb_row height_huge color_alternate with_shape\"><div class=\"l-section-shape type_zigzag pos_top\" style=\"height:3vmin;\"><svg xmlns=\"http:\/\/www.w3.org\/2000\/svg\" viewBox=\"0 0 64 8\" preserveAspectRatio=\"none\" width=\"100%\" height=\"100%\">\r\n\t<path fill=\"currentColor\" d=\"M64 8 L0 8 L0 0 L20 7.9 L40 3 L48 5 L64 0 Z\"\/>\r\n<\/svg><\/div><div class=\"l-section-shape type_zigzag pos_bottom\" style=\"height:3vmin;\"><svg xmlns=\"http:\/\/www.w3.org\/2000\/svg\" viewBox=\"0 0 64 8\" preserveAspectRatio=\"none\" width=\"100%\" height=\"100%\">\r\n\t<path fill=\"currentColor\" d=\"M64 8 L0 8 L0 0 L20 7.9 L40 3 L48 5 L64 0 Z\"\/>\r\n<\/svg><\/div><div class=\"l-section-h i-cf\"><div class=\"g-cols vc_row via_flex valign_top type_default stacking_default\"><div class=\"vc_col-sm-6 wpb_column vc_column_container\"><div class=\"vc_column-inner\"><div class=\"wpb_wrapper\"><div class=\"wpb_text_column\"><div class=\"wpb_wrapper\"><h2 id=\"que-son-matines\">O que s\u00e3o as Matin\u00e9s \u00danicas da Bienal?<\/h2>\n<p>As Matin\u00e9s \u00danicas transferem o conceito de acontecimento irrepet\u00edvel da Bienal para um formato diferente do das <a href=\"https:\/\/www.tablaosflamencos.com\/noches-unicas-bienal-flamenco-sevilla-2026.html\"><strong>Noites \u00danicas<\/strong><\/a>. Em vez de grandes teatros, sess\u00f5es noturnas ou montagens de maior formato, aqui o centro est\u00e1 na <strong>proximidade, no recolhimento e na escuta<\/strong>.<\/p>\n<p>A XXIV Bienal programa seis encontros entre 12 e 27 de setembro. Na realidade s\u00e3o <strong>tr\u00eas propostas art\u00edsticas, cada uma apresentada durante duas manh\u00e3s consecutivas<\/strong>. Todas se realizam \u00e0s 12:00 na igreja de San Luis de los Franceses.<\/p>\n<p>O ciclo estabelece ainda uma ponte com o <strong>Festival de M\u00fasica Antiga de Sevilha (FeM\u00c0S)<\/strong>. A ideia \u00e9 tratar o flamenco como uma m\u00fasica capaz de dialogar com uma perspetiva historicista, incorporando m\u00fasicos e instrumentos associados a repert\u00f3rios antigos sem transformar o resultado numa fus\u00e3o superficial.<\/p>\n<\/div><\/div><\/div><\/div><\/div><div class=\"vc_col-sm-6 wpb_column vc_column_container\"><div class=\"vc_column-inner\"><div class=\"wpb_wrapper\"><div class=\"wpb_text_column\"><div class=\"wpb_wrapper\"><h2>Um formato pensado para ouvir de outra forma<\/h2>\n<p>A pr\u00f3pria organiza\u00e7\u00e3o definiu estas sess\u00f5es como um convite a parar. A dimens\u00e3o do espa\u00e7o e o hor\u00e1rio permitem afastar-se da l\u00f3gica do grande espet\u00e1culo noturno e aproximar-se do detalhe do cante e do toque.<\/p>\n<p>San Luis de los Franceses n\u00e3o funciona aqui como um cen\u00e1rio. A sua planta, a ornamenta\u00e7\u00e3o barroca, a luz que entra durante a manh\u00e3 e o car\u00e1ter cerimonial do conjunto condicionam a perce\u00e7\u00e3o.<\/p>\n<p>Isso combina especialmente bem com os tr\u00eas projetos escolhidos: o cante profundo e solene de Pedro El Grana\u00edno, o olhar hist\u00f3rico sobre a guitarra de Alejandro Hurtado e a viagem emocional de Encarna Anillo.<\/p>\n<\/div><\/div><\/div><\/div><\/div><\/div><\/div><\/section><section class=\"l-section wpb_row height_huge\"><div class=\"l-section-h i-cf\"><div class=\"g-cols vc_row via_flex valign_top type_default stacking_default\"><div class=\"vc_col-sm-12 wpb_column vc_column_container\"><div class=\"vc_column-inner\"><div class=\"wpb_wrapper\"><div class=\"wpb_text_column\"><div class=\"wpb_wrapper\"><h2 id=\"calendario-matines\">Calend\u00e1rio das Matin\u00e9s \u00danicas da Bienal 2026<\/h2>\n<div style=\"overflow-x: auto;\">\n<table>\n<thead>\n<tr>\n<th>Data<\/th>\n<th>Hora<\/th>\n<th>Artista<\/th>\n<th>Espet\u00e1culo<\/th>\n<th>Colabora\u00e7\u00e3o em destaque<\/th>\n<\/tr>\n<\/thead>\n<tbody>\n<tr>\n<td><strong>12 de setembro<\/strong><\/td>\n<td>12:00<\/td>\n<td>Pedro El Grana\u00edno<\/td>\n<td><em>Pan de oro<\/em><\/td>\n<td>Daniel Oyarz\u00e1bal, cravo<\/td>\n<\/tr>\n<tr>\n<td><strong>13 de setembro<\/strong><\/td>\n<td>12:00<\/td>\n<td>Pedro El Grana\u00edno<\/td>\n<td><em>Pan de oro<\/em><\/td>\n<td>Daniel Oyarz\u00e1bal, cravo<\/td>\n<\/tr>\n<tr>\n<td><strong>19 de setembro<\/strong><\/td>\n<td>12:00<\/td>\n<td>Alejandro Hurtado<\/td>\n<td><em>Devenir de la guitarra<\/em><\/td>\n<td>Enrike Solin\u00eds<\/td>\n<\/tr>\n<tr>\n<td><strong>20 de setembro<\/strong><\/td>\n<td>12:00<\/td>\n<td>Alejandro Hurtado<\/td>\n<td><em>Devenir de la guitarra<\/em><\/td>\n<td>Enrike Solin\u00eds<\/td>\n<\/tr>\n<tr>\n<td><strong>26 de setembro<\/strong><\/td>\n<td>12:00<\/td>\n<td>Encarna Anillo<\/td>\n<td><em>Camino de flores<\/em><\/td>\n<td>Miguel Rinc\u00f3n, ala\u00fade<\/td>\n<\/tr>\n<tr>\n<td><strong>27 de setembro<\/strong><\/td>\n<td>12:00<\/td>\n<td>Encarna Anillo<\/td>\n<td><em>Camino de flores<\/em><\/td>\n<td>Miguel Rinc\u00f3n, ala\u00fade<\/td>\n<\/tr>\n<\/tbody>\n<\/table>\n<\/div>\n<p>&nbsp;<\/p>\n<p>As seis sess\u00f5es realizam-se na <strong>Igreja de San Luis de los Franceses<\/strong>. A programa\u00e7\u00e3o oficial e os links de compra podem ser consultados na <a href=\"https:\/\/www.labienal.com\/programa-general\/iglesia-san-luis-de-los-franceses\" target=\"_blank\" rel=\"noopener\"><strong>p\u00e1gina da Bienal dedicada a este espa\u00e7o<\/strong><\/a>.<\/p>\n<\/div><\/div><\/div><\/div><\/div><\/div><\/div><\/section><section class=\"l-section wpb_row height_huge color_alternate with_shape\"><div class=\"l-section-shape type_zigzag pos_top\" style=\"height:3vmin;\"><svg xmlns=\"http:\/\/www.w3.org\/2000\/svg\" viewBox=\"0 0 64 8\" preserveAspectRatio=\"none\" width=\"100%\" height=\"100%\">\r\n\t<path fill=\"currentColor\" d=\"M64 8 L0 8 L0 0 L20 7.9 L40 3 L48 5 L64 0 Z\"\/>\r\n<\/svg><\/div><div class=\"l-section-shape type_zigzag pos_bottom\" style=\"height:3vmin;\"><svg xmlns=\"http:\/\/www.w3.org\/2000\/svg\" viewBox=\"0 0 64 8\" preserveAspectRatio=\"none\" width=\"100%\" height=\"100%\">\r\n\t<path fill=\"currentColor\" d=\"M64 8 L0 8 L0 0 L20 7.9 L40 3 L48 5 L64 0 Z\"\/>\r\n<\/svg><\/div><div class=\"l-section-h i-cf\"><div class=\"g-cols vc_row via_flex valign_top type_default stacking_default\"><div class=\"vc_col-sm-6 wpb_column vc_column_container\"><div class=\"vc_column-inner\"><div class=\"wpb_wrapper\"><div class=\"wpb_text_column\"><div class=\"wpb_wrapper\"><h2 id=\"pan-de-oro\">Pedro El Grana\u00edno e Daniel Oyarz\u00e1bal: <em>Pan de oro<\/em><\/h2>\n<p><strong>12 e 13 de setembro \u00b7 12:00<\/strong><\/p>\n<p>Pedro El Grana\u00edno abre o ciclo com um projeto concebido em estreia para a Bienal. <em>Pan de oro<\/em> procura uma atmosfera solene e \u00edntima em que o cante se encontra com o som do cravo.<\/p>\n<p>O elenco art\u00edstico re\u00fane <strong>Pedro El Grana\u00edno no cante, Daniel Oyarz\u00e1bal no cravo, Rosa Escobar na viola e Patrocinio Hijo na guitarra<\/strong>. A presen\u00e7a de cordas, cravo e guitarra permite construir uma paisagem sonora pouco habitual em torno de uma voz especialmente ligada aos registos mais profundos do flamenco.<\/p>\n<p>O repert\u00f3rio anunciado percorre <strong>grana\u00edna, malague\u00f1a, sole\u00e1, fandangos e saeta<\/strong>, entre outras formas. S\u00e3o estilos que podem encontrar no recolhimento de San Luis um contexto especialmente adequado.<\/p>\n<\/div><\/div><\/div><\/div><\/div><div class=\"vc_col-sm-6 wpb_column vc_column_container\"><div class=\"vc_column-inner\"><div class=\"wpb_wrapper\"><div class=\"wpb_text_column\"><div class=\"wpb_wrapper\"><h2>Porque <em>Pan de oro<\/em> combina com San Luis<\/h2>\n<p>A proposta n\u00e3o tenta transformar o cante flamenco em m\u00fasica barroca. O interessante est\u00e1 precisamente em preservar as identidades e observar o que acontece quando a voz, a guitarra e um instrumento como o cravo partilham um espa\u00e7o carregado de resson\u00e2ncias hist\u00f3ricas.<\/p>\n<p>O t\u00edtulo <em>Pan de oro<\/em> estabelece ainda uma associa\u00e7\u00e3o inevit\u00e1vel com a pr\u00f3pria riqueza visual da igreja. Num espa\u00e7o em que ret\u00e1bulos, pinturas e arquitetura trabalham em conjunto para produzir uma experi\u00eancia sensorial, o projeto prop\u00f5e transferir essa ideia de solenidade para o som.<\/p>\n<p>Para quem queira ouvir cante numa escala diferente da dos grandes palcos da Bienal, ser\u00e1 provavelmente uma das propostas mais particulares da edi\u00e7\u00e3o.<\/p>\n<\/div><\/div><\/div><\/div><\/div><\/div><\/div><\/section><section class=\"l-section wpb_row height_huge\"><div class=\"l-section-h i-cf\"><div class=\"g-cols vc_row via_flex valign_top type_default stacking_default\"><div class=\"vc_col-sm-6 wpb_column vc_column_container\"><div class=\"vc_column-inner\"><div class=\"wpb_wrapper\"><div class=\"wpb_text_column\"><div class=\"wpb_wrapper\"><h2 id=\"devenir-guitarra\">Alejandro Hurtado e Enrike Solin\u00eds: <em>Devenir de la guitarra<\/em><\/h2>\n<p><strong>19 e 20 de setembro \u00b7 12:00<\/strong><\/p>\n<p>Uma semana depois, o protagonismo passa para a guitarra. <strong>Alejandro Hurtado<\/strong> prop\u00f5e um percurso que liga diferentes etapas e linguagens da guitarra espanhola e flamenca, com a colabora\u00e7\u00e3o especial de <strong>Enrike Solin\u00eds<\/strong> e em colabora\u00e7\u00e3o com o FeM\u00c0S.<\/p>\n<p>O programa combina composi\u00e7\u00f5es do pr\u00f3prio Hurtado com obras associadas a figuras fundamentais da guitarra. Surgem refer\u00eancias a <strong>Francisco T\u00e1rrega, Ram\u00f3n Montoya e Ni\u00f1o Ricardo<\/strong>, juntamente com grana\u00edna, alegr\u00edas, farruca, seguiriya, zapateado, taranta, habanera, panaderos, can\u00e7\u00e3o de embalar e buler\u00edas.<\/p>\n<p>Solin\u00eds acrescenta ainda um di\u00e1logo com repert\u00f3rios da guitarra hist\u00f3rica, abrindo outra janela sobre a evolu\u00e7\u00e3o do instrumento.<\/p>\n<\/div><\/div><\/div><\/div><\/div><div class=\"vc_col-sm-6 wpb_column vc_column_container\"><div class=\"vc_column-inner\"><div class=\"wpb_wrapper\"><div class=\"wpb_text_column\"><div class=\"wpb_wrapper\"><h2>Uma pequena hist\u00f3ria da guitarra dentro da Bienal<\/h2>\n<p><em>Devenir de la guitarra<\/em> \u00e9 especialmente coerente com um dos grandes eixos da edi\u00e7\u00e3o de 2026: a guitarra de concerto. Mas em San Luis a abordagem torna-se quase arqueol\u00f3gica.<\/p>\n<p>Alejandro Hurtado n\u00e3o prop\u00f5e apenas um recital de composi\u00e7\u00f5es pr\u00f3prias. O programa permite ouvir como t\u00e9cnicas, formas e sensibilidades de diferentes \u00e9pocas foram construindo a guitarra que hoje identificamos com o flamenco.<\/p>\n<p>A colabora\u00e7\u00e3o de Enrike Solin\u00eds refor\u00e7a essa leitura hist\u00f3rica. Em vez de uma oposi\u00e7\u00e3o simples entre \u201cguitarra antiga\u201d e \u201cguitarra flamenca\u201d, a matin\u00e9 convida a entender o instrumento como uma continuidade cheia de cruzamentos, transforma\u00e7\u00f5es e empr\u00e9stimos.<\/p>\n<\/div><\/div><\/div><\/div><\/div><\/div><\/div><\/section><section class=\"l-section wpb_row height_huge color_alternate with_shape\"><div class=\"l-section-shape type_zigzag pos_top\" style=\"height:3vmin;\"><svg xmlns=\"http:\/\/www.w3.org\/2000\/svg\" viewBox=\"0 0 64 8\" preserveAspectRatio=\"none\" width=\"100%\" height=\"100%\">\r\n\t<path fill=\"currentColor\" d=\"M64 8 L0 8 L0 0 L20 7.9 L40 3 L48 5 L64 0 Z\"\/>\r\n<\/svg><\/div><div class=\"l-section-shape type_zigzag pos_bottom\" style=\"height:3vmin;\"><svg xmlns=\"http:\/\/www.w3.org\/2000\/svg\" viewBox=\"0 0 64 8\" preserveAspectRatio=\"none\" width=\"100%\" height=\"100%\">\r\n\t<path fill=\"currentColor\" d=\"M64 8 L0 8 L0 0 L20 7.9 L40 3 L48 5 L64 0 Z\"\/>\r\n<\/svg><\/div><div class=\"l-section-h i-cf\"><div class=\"g-cols vc_row via_flex valign_top type_default stacking_default\"><div class=\"vc_col-sm-6 wpb_column vc_column_container\"><div class=\"vc_column-inner\"><div class=\"wpb_wrapper\"><div class=\"wpb_text_column\"><div class=\"wpb_wrapper\"><h2 id=\"camino-flores\">Encarna Anillo e Miguel Rinc\u00f3n: <em>Camino de flores<\/em><\/h2>\n<p><strong>26 e 27 de setembro \u00b7 12:00<\/strong><\/p>\n<p>Encarna Anillo encerra as Matin\u00e9s \u00danicas com um projeto muito mais narrativo e autobiogr\u00e1fico. <em>Camino de flores<\/em> percorre diferentes etapas emocionais da sua vida e liga-as a diferentes palos do flamenco e \u00e0s <strong>ess\u00eancias florais de Bach<\/strong>.<\/p>\n<p>O programa passa por alegr\u00edas de C\u00f3rdoba, marianas e tientos, petenera, seguiriya, fandango, milonga, sole\u00e1 de C\u00e1diz e buler\u00eda. Cada cante representa um estado: inf\u00e2ncia e ingenuidade, desilus\u00e3o, desesperan\u00e7a, ansiedade, amor, transforma\u00e7\u00e3o ou celebra\u00e7\u00e3o.<\/p>\n<p>A cantaora ser\u00e1 acompanhada por <strong>Andr\u00e9s Hern\u00e1ndez \u201cPituquete\u201d na guitarra<\/strong>, Roberto Ja\u00e9n e Diego Montoya nas palmas, com a colabora\u00e7\u00e3o do <strong>alaudista Miguel Rinc\u00f3n<\/strong> no di\u00e1logo com a m\u00fasica antiga.<\/p>\n<\/div><\/div><\/div><\/div><\/div><div class=\"vc_col-sm-6 wpb_column vc_column_container\"><div class=\"vc_column-inner\"><div class=\"wpb_wrapper\"><div class=\"wpb_text_column\"><div class=\"wpb_wrapper\"><h2>Um recital concebido como percurso de vida<\/h2>\n<p>A organiza\u00e7\u00e3o apresenta <em>Camino de flores<\/em> como uma viagem em que o flamenco atua ao mesmo tempo como mem\u00f3ria, raiz e ferramenta de transforma\u00e7\u00e3o. A sequ\u00eancia dos palos n\u00e3o responde apenas a um crit\u00e9rio musical: estrutura o relato pessoal da artista.<\/p>\n<p>A escolha de San Luis refor\u00e7a essa dimens\u00e3o introspectiva. Se <em>Pan de oro<\/em> joga com a solenidade e <em>Devenir de la guitarra<\/em> com a hist\u00f3ria do instrumento, aqui a rela\u00e7\u00e3o com o espa\u00e7o \u00e9 emocional e quase ritual.<\/p>\n<p>No final de agosto, a Bienal confirmou que <strong>as sess\u00f5es de Encarna Anillo estavam esgotadas<\/strong>. A disponibilidade do restante ciclo deve ser confirmada diretamente nos canais oficiais, pois pode variar \u00e0 medida que as datas se aproximam.<\/p>\n<\/div><\/div><\/div><\/div><\/div><\/div><\/div><\/section><section class=\"l-section wpb_row height_huge\"><div class=\"l-section-h i-cf\"><div class=\"g-cols vc_row via_flex valign_top type_default stacking_default\"><div class=\"vc_col-sm-1\/5 wpb_column vc_column_container\"><div class=\"vc_column-inner\"><div class=\"wpb_wrapper\"><\/div><\/div><\/div><div class=\"vc_col-sm-3\/5 wpb_column vc_column_container\"><div class=\"vc_column-inner\"><div class=\"wpb_wrapper\"><div class=\"wpb_text_column\"><div class=\"wpb_wrapper\"><h2 id=\"san-luis\" style=\"text-align: center;\">San Luis de los Franceses: quando o espa\u00e7o faz parte da m\u00fasica<\/h2>\n<p style=\"text-align: center;\">O Conjunto Monumental de San Luis de los Franceses foi constru\u00eddo entre <strong>1699 e 1731<\/strong> e \u00e9 considerado um dos exemplos mais bem conservados do Barroco pleno em Sevilha. O projeto foi obra de <strong>Leonardo de Figueroa<\/strong> e fez parte do antigo noviciado da Companhia de Jesus.<\/p>\n<p style=\"text-align: center;\">O seu programa art\u00edstico re\u00fane arquitetura, escultura e pintura com uma forte inten\u00e7\u00e3o simb\u00f3lica e cenogr\u00e1fica. Essa condi\u00e7\u00e3o barroca \u00e9 especialmente importante nas matin\u00e9s: o espa\u00e7o foi concebido para envolver o visitante e provocar uma experi\u00eancia sensorial.<\/p>\n<p style=\"text-align: center;\">A Bienal aproveita precisamente essas caracter\u00edsticas. A luz do meio-dia, a escala contida e o sil\u00eancio da igreja transformam a forma de ouvir uma voz ou uma guitarra. Por isso, as Matin\u00e9s \u00danicas n\u00e3o poderiam ser transferidas para qualquer outro palco sem perder uma parte importante do seu sentido.<\/p>\n<\/div><\/div><\/div><\/div><\/div><div class=\"vc_col-sm-1\/5 wpb_column vc_column_container\"><div class=\"vc_column-inner\"><div class=\"wpb_wrapper\"><\/div><\/div><\/div><\/div><\/div><\/section><section class=\"l-section wpb_row height_huge color_alternate with_shape\"><div class=\"l-section-shape type_zigzag pos_top\" style=\"height:3vmin;\"><svg xmlns=\"http:\/\/www.w3.org\/2000\/svg\" viewBox=\"0 0 64 8\" preserveAspectRatio=\"none\" width=\"100%\" height=\"100%\">\r\n\t<path fill=\"currentColor\" d=\"M64 8 L0 8 L0 0 L20 7.9 L40 3 L48 5 L64 0 Z\"\/>\r\n<\/svg><\/div><div class=\"l-section-shape type_zigzag pos_bottom\" style=\"height:3vmin;\"><svg xmlns=\"http:\/\/www.w3.org\/2000\/svg\" viewBox=\"0 0 64 8\" preserveAspectRatio=\"none\" width=\"100%\" height=\"100%\">\r\n\t<path fill=\"currentColor\" d=\"M64 8 L0 8 L0 0 L20 7.9 L40 3 L48 5 L64 0 Z\"\/>\r\n<\/svg><\/div><div class=\"l-section-h i-cf\"><div class=\"g-cols vc_row via_flex valign_top type_default stacking_default\"><div class=\"vc_col-sm-6 wpb_column vc_column_container\"><div class=\"vc_column-inner\"><div class=\"wpb_wrapper\"><div class=\"wpb_text_column\"><div class=\"wpb_wrapper\"><h2 id=\"flamenco-musica-antigua\">Flamenco e m\u00fasica antiga: o que procura este ciclo?<\/h2>\n<p>Um dos aspetos mais interessantes das matin\u00e9s \u00e9 que a Bienal n\u00e3o usa o Barroco simplesmente como ambiente visual. Existe uma colabora\u00e7\u00e3o real com o universo da <strong>m\u00fasica antiga<\/strong>.<\/p>\n<p>O cravista Daniel Oyarz\u00e1bal, Enrike Solin\u00eds e o alaudista Miguel Rinc\u00f3n introduzem sonoridades que normalmente n\u00e3o fazem parte de um recital flamenco convencional. Mas cada projeto utiliza esse encontro de maneira diferente.<\/p>\n<ul>\n<li><strong><em>Pan de oro<\/em><\/strong> procura solenidade e recolhimento em torno do cante.<\/li>\n<li><strong><em>Devenir de la guitarra<\/em><\/strong> olha para a hist\u00f3ria e a transforma\u00e7\u00e3o do instrumento.<\/li>\n<li><strong><em>Camino de flores<\/em><\/strong> utiliza o di\u00e1logo t\u00edmbrico dentro de um relato emocional.<\/li>\n<\/ul>\n<\/div><\/div><\/div><\/div><\/div><div class=\"vc_col-sm-6 wpb_column vc_column_container\"><div class=\"vc_column-inner\"><div class=\"wpb_wrapper\"><div class=\"wpb_text_column\"><div class=\"wpb_wrapper\"><h2>S\u00e3o concertos barrocos com flamenco?<\/h2>\n<p>N\u00e3o exatamente. O flamenco continua a ser o centro das tr\u00eas propostas. A m\u00fasica antiga funciona como interlocutora e permite ouvir de outra forma elementos que j\u00e1 est\u00e3o presentes no cante e no toque: ornamenta\u00e7\u00e3o, tens\u00e3o, repeti\u00e7\u00e3o, improvisa\u00e7\u00e3o, resson\u00e2ncia ou sentido cerimonial.<\/p>\n<p>Esta abordagem evita uma leitura simplista de \u201cfus\u00e3o\u201d. O ciclo prop\u00f5e algo mais pr\u00f3ximo de uma conversa entre tradi\u00e7\u00f5es, \u00e9pocas e formas de entender a m\u00fasica.<\/p>\n<p>Para o p\u00fablico interessado tanto na <strong>hist\u00f3ria do flamenco<\/strong> como na evolu\u00e7\u00e3o das suas linguagens, estas seis sess\u00f5es oferecem uma perspetiva diferente do restante programa.<\/p>\n<\/div><\/div><\/div><\/div><\/div><\/div><\/div><\/section><section class=\"l-section wpb_row height_huge\"><div class=\"l-section-h i-cf\"><div class=\"g-cols vc_row via_flex valign_top type_default stacking_default\"><div class=\"vc_col-sm-12 wpb_column vc_column_container\"><div class=\"vc_column-inner\"><div class=\"wpb_wrapper\"><div class=\"wpb_text_column\"><div class=\"wpb_wrapper\"><h2 id=\"entradas-matines\">Bilhetes para as Matin\u00e9s \u00danicas da Bienal 2026<\/h2>\n<p>Os bilhetes s\u00e3o geridos a partir das p\u00e1ginas oficiais de cada espet\u00e1culo no site da Bienal. A disponibilidade pode variar rapidamente devido \u00e0 lota\u00e7\u00e3o e ao car\u00e1ter reduzido do espa\u00e7o.<\/p>\n<p>A procura tem sido especialmente elevada desde v\u00e1rios meses antes do in\u00edcio do festival. A Bienal j\u00e1 tinha confirmado na primavera v\u00e1rias sess\u00f5es de San Luis entre os espet\u00e1culos esgotados e, a 26 de agosto, anunciou expressamente que <strong><em>Camino de flores<\/em>, de Encarna Anillo, tinha os bilhetes esgotados<\/strong>.<\/p>\n<p>Por isso, conv\u00e9m verificar a p\u00e1gina da data concreta e n\u00e3o confiar em listas antigas. Se aparecer uma op\u00e7\u00e3o oficial de compra, confirme ali a disponibilidade nesse momento.<\/p>\n<p>Se a matin\u00e9 que pretendia estiver completa, consulte o nosso guia sobre <a href=\"https:\/\/www.tablaosflamencos.com\/bienal-flamenco-2026-entradas-agotadas-que-ver.html\"><strong>o que fazer quando j\u00e1 n\u00e3o h\u00e1 bilhetes para a Bienal<\/strong><\/a>. A programa\u00e7\u00e3o \u00e9 muito ampla e existem outras sess\u00f5es, atividades gratuitas e op\u00e7\u00f5es de flamenco na cidade.<\/p>\n<\/div><\/div><div class=\"w-separator size_medium\"><\/div><div class=\"w-hwrapper valign_top wrap stack_on_mobiles align_center\" style=\"--hwrapper-gap:1.2rem\"><div class=\"w-btn-wrapper align_none\"><a class=\"w-btn us-btn-style_1\" href=\"https:\/\/www.tablaosflamencos.com\/pt-pt\/bienal-flamenco-sevilha-2026-bilhetes-esgotados-alternativas.html\"><span class=\"w-btn-label\">O que fazer se j\u00e1 n\u00e3o houver bilhetes<\/span><\/a><\/div><div class=\"w-btn-wrapper align_none\"><a class=\"w-btn us-btn-style_1\" href=\"https:\/\/www.tablaosflamencos.com\/pt-pt\/flamenco-em-sevilha\"><span class=\"w-btn-label\">Ver flamenco em Sevilha<\/span><\/a><\/div><\/div><\/div><\/div><\/div><\/div><\/div><\/section><section class=\"l-section wpb_row height_huge color_alternate with_shape\"><div class=\"l-section-shape type_zigzag pos_top\" style=\"height:3vmin;\"><svg xmlns=\"http:\/\/www.w3.org\/2000\/svg\" viewBox=\"0 0 64 8\" preserveAspectRatio=\"none\" width=\"100%\" height=\"100%\">\r\n\t<path fill=\"currentColor\" d=\"M64 8 L0 8 L0 0 L20 7.9 L40 3 L48 5 L64 0 Z\"\/>\r\n<\/svg><\/div><div class=\"l-section-shape type_zigzag pos_bottom\" style=\"height:3vmin;\"><svg xmlns=\"http:\/\/www.w3.org\/2000\/svg\" viewBox=\"0 0 64 8\" preserveAspectRatio=\"none\" width=\"100%\" height=\"100%\">\r\n\t<path fill=\"currentColor\" d=\"M64 8 L0 8 L0 0 L20 7.9 L40 3 L48 5 L64 0 Z\"\/>\r\n<\/svg><\/div><div class=\"l-section-h i-cf\"><div class=\"g-cols vc_row via_flex valign_top type_default stacking_default\"><div class=\"vc_col-sm-6 wpb_column vc_column_container\"><div class=\"vc_column-inner\"><div class=\"wpb_wrapper\"><div class=\"wpb_text_column\"><div class=\"wpb_wrapper\"><h2 id=\"como-llegar\">Como chegar a San Luis de los Franceses<\/h2>\n<p>O conjunto monumental encontra-se na <strong>calle San Luis, 37<\/strong>, no centro hist\u00f3rico de Sevilha, a norte do eixo da calle Feria e relativamente perto da Bas\u00edlica da Macarena.<\/p>\n<p>Segundo as informa\u00e7\u00f5es do pr\u00f3prio espa\u00e7o, v\u00e1rias linhas da TUSSAM permitem aproximar-se da zona, entre elas as linhas <strong>02, 14, 27, 32 e C1<\/strong>.<\/p>\n<p>Se for a p\u00e9 a partir do centro monumental, conv\u00e9m calcular o percurso com margem. As matin\u00e9s come\u00e7am \u00e0s 12:00 e o acesso a uma sess\u00e3o da Bienal n\u00e3o deve ser confundido com a visita tur\u00edstica normal ao conjunto monumental.<\/p>\n<\/div><\/div><\/div><\/div><\/div><div class=\"vc_col-sm-6 wpb_column vc_column_container\"><div class=\"vc_column-inner\"><div class=\"wpb_wrapper\"><div class=\"wpb_text_column\"><div class=\"wpb_wrapper\"><h2>Conselhos para desfrutar de uma matin\u00e9<\/h2>\n<ul>\n<li><strong>Chegue com anteced\u00eancia.<\/strong> O formato convida a entrar sem pressa e a instalar-se antes do in\u00edcio.<\/li>\n<li><strong>Confirme a data exata.<\/strong> Cada espet\u00e1culo repete-se no s\u00e1bado e no domingo, mas a disponibilidade pode ser diferente.<\/li>\n<li><strong>N\u00e3o planeie outra atividade com um hor\u00e1rio demasiado apertado.<\/strong> Deixe tempo para sair do espa\u00e7o e conhecer a zona.<\/li>\n<li><strong>Aproveite o bairro.<\/strong> San Luis, Feria, a Alameda e a Macarena permitem construir um itiner\u00e1rio cultural e gastron\u00f3mico em torno da sess\u00e3o.<\/li>\n<li><strong>Consulte a programa\u00e7\u00e3o do mesmo dia.<\/strong> Uma matin\u00e9 pode depois ser combinada com outros espet\u00e1culos da Bienal \u00e0 tarde ou \u00e0 noite.<\/li>\n<\/ul>\n<\/div><\/div><\/div><\/div><\/div><\/div><\/div><\/section><section class=\"l-section wpb_row height_huge\"><div class=\"l-section-h i-cf\"><div class=\"g-cols vc_row via_flex valign_top type_default stacking_default\"><div class=\"vc_col-sm-12 wpb_column vc_column_container\"><div class=\"vc_column-inner\"><div class=\"wpb_wrapper\"><div class=\"wpb_text_column\"><div class=\"wpb_wrapper\"><h2>Como combinar as Matin\u00e9s \u00danicas com o resto da Bienal<\/h2>\n<p>O hor\u00e1rio das 12:00 faz deste ciclo uma das formas mais f\u00e1ceis de construir um dia completo de Bienal. Depois de uma matin\u00e9 h\u00e1 tempo suficiente para almo\u00e7ar, descansar e assistir a outra sess\u00e3o \u00e0 tarde ou \u00e0 noite.<\/p>\n<p>No <strong>dia 12 de setembro<\/strong>, por exemplo, a jornada continua com propostas no Espacio Turina, Teatro Lope de Vega, Teatro de la Maestranza e Teatro Alameda. No <strong>dia 20 de setembro<\/strong>, depois de Alejandro Hurtado, a programa\u00e7\u00e3o inclui Manuel de la Luz e Manuel Im\u00e1n, Jos\u00e9 Merc\u00e9 e a Gala do Circuito Andaluz de Jovens Flamencos. No <strong>dia 27 de setembro<\/strong>, depois de Encarna Anillo, seguem-se Dani de Mor\u00f3n, <em>Fue tu querer<\/em> e Est\u00e9vez \/ Pa\u00f1os y Compa\u00f1\u00eda.<\/p>\n<p>Ainda assim, a vantagem de uma matin\u00e9 \u00e9 precisamente viv\u00ea-la a outro ritmo. N\u00e3o vale a pena sair de San Luis a pensar imediatamente na pr\u00f3xima corrida entre teatros.<\/p>\n<\/div><\/div><\/div><\/div><\/div><\/div><\/div><\/section><section class=\"l-section wpb_row height_huge color_alternate with_shape\"><div class=\"l-section-shape type_zigzag pos_top\" style=\"height:3vmin;\"><svg xmlns=\"http:\/\/www.w3.org\/2000\/svg\" viewBox=\"0 0 64 8\" preserveAspectRatio=\"none\" width=\"100%\" height=\"100%\">\r\n\t<path fill=\"currentColor\" d=\"M64 8 L0 8 L0 0 L20 7.9 L40 3 L48 5 L64 0 Z\"\/>\r\n<\/svg><\/div><div class=\"l-section-shape type_zigzag pos_bottom\" style=\"height:3vmin;\"><svg xmlns=\"http:\/\/www.w3.org\/2000\/svg\" viewBox=\"0 0 64 8\" preserveAspectRatio=\"none\" width=\"100%\" height=\"100%\">\r\n\t<path fill=\"currentColor\" d=\"M64 8 L0 8 L0 0 L20 7.9 L40 3 L48 5 L64 0 Z\"\/>\r\n<\/svg><\/div><div class=\"l-section-h i-cf\"><div class=\"g-cols vc_row via_flex valign_top type_default stacking_default\"><div class=\"vc_col-sm-1\/5 wpb_column vc_column_container\"><div class=\"vc_column-inner\"><div class=\"wpb_wrapper\"><\/div><\/div><\/div><div class=\"vc_col-sm-3\/5 wpb_column vc_column_container\"><div class=\"vc_column-inner\"><div class=\"wpb_wrapper\"><div class=\"wpb_text_column\"><div class=\"wpb_wrapper\"><h2 style=\"text-align: center;\">Tr\u00eas fins de semana para descobrir outra Bienal<\/h2>\n<p style=\"text-align: center;\">As Matin\u00e9s \u00danicas ocupam um lugar pequeno em n\u00famero dentro de uma programa\u00e7\u00e3o enorme, mas resumem muito bem uma das ideias mais interessantes da XXIV Bienal: o flamenco n\u00e3o precisa de aumentar sempre o volume ou a dimens\u00e3o para criar um acontecimento.<\/p>\n<p style=\"text-align: center;\">Aqui, o luxo est\u00e1 na proximidade. Uma voz diante de um cravo. Uma guitarra flamenca a ouvir a sua pr\u00f3pria hist\u00f3ria. Um ala\u00fade junto a um cante autobiogr\u00e1fico. Tudo isto dentro de um dos espa\u00e7os barrocos mais excecionais de Sevilha e em plena luz do dia.<\/p>\n<p style=\"text-align: center;\">Se ainda conseguir encontrar bilhetes para alguma das datas da sua viagem, \u00e9 um ciclo que merece ser seriamente considerado. E se j\u00e1 estiver esgotado, a pr\u00f3pria Bienal oferece muitas outras formas de construir um dia completo de flamenco.<\/p>\n<\/div><\/div><div class=\"w-separator size_medium\"><\/div><div class=\"w-hwrapper valign_top wrap stack_on_mobiles align_center\" style=\"--hwrapper-gap:1.2rem\"><div class=\"w-btn-wrapper align_none\"><a class=\"w-btn us-btn-style_1\" href=\"https:\/\/www.tablaosflamencos.com\/pt-pt\/bienal-flamenco-sevilha\"><span class=\"w-btn-label\">Ver a p\u00e1gina principal da Bienal<\/span><\/a><\/div><div class=\"w-btn-wrapper align_none\"><a class=\"w-btn us-btn-style_1\" href=\"https:\/\/www.tablaosflamencos.com\/pt-pt\/noites-unicas-bienal-flamenco-sevilha-2026.html\"><span class=\"w-btn-label\">Consultar as Noites \u00danicas 2026<\/span><\/a><\/div><\/div><\/div><\/div><\/div><div class=\"vc_col-sm-1\/5 wpb_column vc_column_container\"><div class=\"vc_column-inner\"><div class=\"wpb_wrapper\"><\/div><\/div><\/div><\/div><\/div><\/section><section class=\"l-section wpb_row height_huge\"><div class=\"l-section-h i-cf\"><div class=\"g-cols vc_row via_flex valign_top type_default stacking_default\"><div class=\"vc_col-sm-1\/5 wpb_column vc_column_container\"><div class=\"vc_column-inner\"><div class=\"wpb_wrapper\"><\/div><\/div><\/div><div class=\"vc_col-sm-3\/5 wpb_column vc_column_container\"><div class=\"vc_column-inner\"><div class=\"wpb_wrapper\"><div class=\"wpb_text_column\"><div class=\"wpb_wrapper\"><h2 id=\"faq-matines\" style=\"text-align: center;\">Perguntas frequentes sobre as Matin\u00e9s \u00danicas da Bienal 2026<\/h2>\n<\/div><\/div><div class=\"w-separator size_medium\"><\/div><div class=\"w-tabs accordion toggle_style_1 has_scrolling\" style=\"--sections-title-size:inherit;--sections-gap:0.5rem;\"><div class=\"w-tabs-sections titles-align_none icon_chevron cpos_right\"><div class=\"w-tabs-section\" id=\"ybae\"><button type=\"button\" class=\"w-tabs-section-header\" aria-controls=\"content-ybae\" aria-expanded=\"false\"><div class=\"w-tabs-section-title\">Quantas Matin\u00e9s \u00danicas h\u00e1 na Bienal de Flamenco de Sevilha 2026?<\/div><div class=\"w-tabs-section-control\"><\/div><\/button><div  class=\"w-tabs-section-content\" id=\"content-ybae\"><div class=\"w-tabs-section-content-h i-cf\"><div class=\"wpb_text_column\"><div class=\"wpb_wrapper\"><p>H\u00e1 <strong>seis sess\u00f5es<\/strong>, correspondentes a tr\u00eas espet\u00e1culos apresentados durante dois dias consecutivos cada um.<\/p>\n<\/div><\/div><\/div><\/div><\/div><div class=\"w-tabs-section\" id=\"vcc8\"><button type=\"button\" class=\"w-tabs-section-header\" aria-controls=\"content-vcc8\" aria-expanded=\"false\"><div class=\"w-tabs-section-title\">Quando se realizam as Matin\u00e9s \u00danicas?<\/div><div class=\"w-tabs-section-control\"><\/div><\/button><div  class=\"w-tabs-section-content\" id=\"content-vcc8\"><div class=\"w-tabs-section-content-h i-cf\"><div class=\"wpb_text_column\"><div class=\"wpb_wrapper\"><p>Realizam-se nos dias <strong>12, 13, 19, 20, 26 e 27 de setembro de 2026<\/strong>. Todas as sess\u00f5es come\u00e7am \u00e0s 12:00.<\/p>\n<\/div><\/div><\/div><\/div><\/div><div class=\"w-tabs-section\" id=\"bdba\"><button type=\"button\" class=\"w-tabs-section-header\" aria-controls=\"content-bdba\" aria-expanded=\"false\"><div class=\"w-tabs-section-title\">Onde se realizam?<\/div><div class=\"w-tabs-section-control\"><\/div><\/button><div  class=\"w-tabs-section-content\" id=\"content-bdba\"><div class=\"w-tabs-section-content-h i-cf\"><div class=\"wpb_text_column\"><div class=\"wpb_wrapper\"><p>Todas as Matin\u00e9s \u00danicas t\u00eam lugar na <strong>Igreja de San Luis de los Franceses<\/strong>, na calle San Luis, em Sevilha.<\/p>\n<\/div><\/div><\/div><\/div><\/div><div class=\"w-tabs-section\" id=\"xea9\"><button type=\"button\" class=\"w-tabs-section-header\" aria-controls=\"content-xea9\" aria-expanded=\"false\"><div class=\"w-tabs-section-title\">Que artistas participam?<\/div><div class=\"w-tabs-section-control\"><\/div><\/button><div  class=\"w-tabs-section-content\" id=\"content-xea9\"><div class=\"w-tabs-section-content-h i-cf\"><div class=\"wpb_text_column\"><div class=\"wpb_wrapper\"><p>Pedro El Grana\u00edno apresenta <em>Pan de oro<\/em> com Daniel Oyarz\u00e1bal; Alejandro Hurtado apresenta <em>Devenir de la guitarra<\/em> com Enrike Solin\u00eds; e Encarna Anillo apresenta <em>Camino de flores<\/em> com a colabora\u00e7\u00e3o do alaudista Miguel Rinc\u00f3n.<\/p>\n<\/div><\/div><\/div><\/div><\/div><div class=\"w-tabs-section\" id=\"hf7f\"><button type=\"button\" class=\"w-tabs-section-header\" aria-controls=\"content-hf7f\" aria-expanded=\"false\"><div class=\"w-tabs-section-title\">Que rela\u00e7\u00e3o t\u00eam as matin\u00e9s com a m\u00fasica antiga?<\/div><div class=\"w-tabs-section-control\"><\/div><\/button><div  class=\"w-tabs-section-content\" id=\"content-hf7f\"><div class=\"w-tabs-section-content-h i-cf\"><div class=\"wpb_text_column\"><div class=\"wpb_wrapper\"><p>O ciclo estabelece um di\u00e1logo entre o flamenco e a m\u00fasica hist\u00f3rica atrav\u00e9s da participa\u00e7\u00e3o de m\u00fasicos e instrumentos como o cravo e o ala\u00fade, al\u00e9m da colabora\u00e7\u00e3o com o Festival de M\u00fasica Antiga de Sevilha.<\/p>\n<\/div><\/div><\/div><\/div><\/div><div class=\"w-tabs-section\" id=\"z056\"><button type=\"button\" class=\"w-tabs-section-header\" aria-controls=\"content-z056\" aria-expanded=\"false\"><div class=\"w-tabs-section-title\">As Matin\u00e9s \u00danicas fazem parte das Noites \u00danicas?<\/div><div class=\"w-tabs-section-control\"><\/div><\/button><div  class=\"w-tabs-section-content\" id=\"content-z056\"><div class=\"w-tabs-section-content-h i-cf\"><div class=\"wpb_text_column\"><div class=\"wpb_wrapper\"><p>N\u00e3o. S\u00e3o um ciclo espec\u00edfico e adicional. As Noites \u00danicas t\u00eam o seu pr\u00f3prio calend\u00e1rio dentro da programa\u00e7\u00e3o da Bienal.<\/p>\n<\/div><\/div><\/div><\/div><\/div><div class=\"w-tabs-section\" id=\"f125\"><button type=\"button\" class=\"w-tabs-section-header\" aria-controls=\"content-f125\" aria-expanded=\"false\"><div class=\"w-tabs-section-title\">H\u00e1 sess\u00f5es com bilhetes esgotados?<\/div><div class=\"w-tabs-section-control\"><\/div><\/button><div  class=\"w-tabs-section-content\" id=\"content-f125\"><div class=\"w-tabs-section-content-h i-cf\"><div class=\"wpb_text_column\"><div class=\"wpb_wrapper\"><p>Sim. A procura pelo ciclo tem sido muito elevada. No final de agosto, a Bienal confirmou expressamente que as duas sess\u00f5es de <em>Camino de flores<\/em>, de Encarna Anillo, estavam esgotadas. Conv\u00e9m consultar sempre a disponibilidade atual de cada data no site oficial.<\/p>\n<\/div><\/div><\/div><\/div><\/div><div class=\"w-tabs-section\" id=\"r1fd\"><button type=\"button\" class=\"w-tabs-section-header\" aria-controls=\"content-r1fd\" aria-expanded=\"false\"><div class=\"w-tabs-section-title\">A que horas come\u00e7am as matin\u00e9s?<\/div><div class=\"w-tabs-section-control\"><\/div><\/button><div  class=\"w-tabs-section-content\" id=\"content-r1fd\"><div class=\"w-tabs-section-content-h i-cf\"><div class=\"wpb_text_column\"><div class=\"wpb_wrapper\"><p>Todas come\u00e7am \u00e0s <strong>12:00<\/strong>.<\/p>\n<\/div><\/div><\/div><\/div><\/div><\/div><\/div><\/div><\/div><\/div><div class=\"vc_col-sm-1\/5 wpb_column vc_column_container\"><div class=\"vc_column-inner\"><div class=\"wpb_wrapper\"><\/div><\/div><\/div><\/div><\/div><\/section>\n","protected":false},"excerpt":{"rendered":"<p>Guia completo das Matin\u00e9s \u00danicas da Bienal de Flamenco de Sevilha 2026: datas, programa, artistas, San Luis de los Franceses, bilhetes e informa\u00e7\u00f5es pr\u00e1ticas.<\/p>\n","protected":false},"author":1,"featured_media":13683,"comment_status":"closed","ping_status":"closed","sticky":false,"template":"","format":"standard","meta":{"_acf_changed":false,"wpai_generated_summary":"","_ayudawp_aiss_exclude":false,"_ayudawp_aiss_exclude_summary":false,"_ayudawp_aiss_summary":"","_ayudawp_aiss_summary_provider":"","_ayudawp_aiss_summary_hash":"","footnotes":""},"categories":[1430],"tags":[1255,1256,1257,1258,1188,1733,1259],"class_list":["post-13693","post","type-post","status-publish","format-standard","has-post-thumbnail","hentry","category-bienal-flamenco-sevilha","tag-agenda-flamenca","tag-bienal-2026","tag-bienal-de-flamenco","tag-festivales-flamencos","tag-flamenco-en-sevilla","tag-matines-unicas-2026","tag-sevilla"],"acf":[],"yoast_head":"<!-- This site is optimized with the Yoast SEO Premium plugin v28.3 (Yoast SEO v28.3) - https:\/\/yoast.com\/product\/yoast-seo-premium-wordpress\/ -->\n<title>Matin\u00e9s \u00danicas Bienal 2026: programa e San Luis<\/title>\n<meta name=\"description\" content=\"Descubra as Matin\u00e9s \u00danicas da Bienal de Flamenco de Sevilha 2026: datas, programa\u00e7\u00e3o, artistas, San Luis de los Franceses, bilhetes e informa\u00e7\u00f5es \u00fateis.\" \/>\n<meta name=\"robots\" content=\"index, follow, max-snippet:-1, max-image-preview:large, max-video-preview:-1\" \/>\n<link rel=\"canonical\" href=\"https:\/\/www.tablaosflamencos.com\/pt-pt\/matines-unicas-bienal-flamenco-sevilha-2026.html\" \/>\n<meta property=\"og:locale\" content=\"pt_PT\" \/>\n<meta property=\"og:type\" content=\"article\" \/>\n<meta property=\"og:title\" content=\"Matin\u00e9s \u00danicas da Bienal de Flamenco de Sevilha 2026: programa, datas e San Luis de los Franceses\" \/>\n<meta property=\"og:description\" content=\"Descubra as Matin\u00e9s \u00danicas da Bienal de Flamenco de Sevilha 2026: datas, programa\u00e7\u00e3o, artistas, San Luis de los Franceses, bilhetes e informa\u00e7\u00f5es \u00fateis.\" \/>\n<meta property=\"og:url\" content=\"https:\/\/www.tablaosflamencos.com\/pt-pt\/matines-unicas-bienal-flamenco-sevilha-2026.html\" \/>\n<meta property=\"og:site_name\" content=\"Tablaos Flamencos\" \/>\n<meta property=\"article:publisher\" content=\"https:\/\/www.facebook.com\/tablaosflamencos\" \/>\n<meta property=\"article:published_time\" content=\"2026-08-31T17:04:44+00:00\" \/>\n<meta property=\"article:modified_time\" content=\"2026-08-31T17:25:49+00:00\" \/>\n<meta property=\"og:image\" content=\"https:\/\/www.tablaosflamencos.com\/wp-content\/uploads\/matines-unicas-de-la-bienal-de-flamenco-2026-programa-fechas-y-san-luis-de-los-franceses-01.webp\" \/>\n\t<meta property=\"og:image:width\" content=\"1920\" \/>\n\t<meta property=\"og:image:height\" content=\"1072\" \/>\n\t<meta property=\"og:image:type\" content=\"image\/webp\" \/>\n<meta name=\"author\" content=\"Miguel Ortiz\" \/>\n<meta name=\"twitter:card\" content=\"summary_large_image\" \/>\n<meta name=\"twitter:creator\" content=\"@tablaosflamenco\" \/>\n<meta name=\"twitter:site\" content=\"@tablaosflamenco\" \/>\n<meta name=\"twitter:label1\" content=\"Escrito por\" \/>\n\t<meta name=\"twitter:data1\" content=\"Miguel Ortiz\" \/>\n\t<meta name=\"twitter:label2\" content=\"Tempo estimado de leitura\" \/>\n\t<meta name=\"twitter:data2\" content=\"19 minutos\" \/>\n<script type=\"application\/ld+json\" class=\"yoast-schema-graph\">{\"@context\":\"https:\\\/\\\/schema.org\",\"@graph\":[{\"@type\":\"Article\",\"@id\":\"https:\\\/\\\/www.tablaosflamencos.com\\\/pt-pt\\\/matines-unicas-bienal-flamenco-sevilha-2026.html#article\",\"isPartOf\":{\"@id\":\"https:\\\/\\\/www.tablaosflamencos.com\\\/pt-pt\\\/matines-unicas-bienal-flamenco-sevilha-2026.html\"},\"author\":{\"name\":\"Miguel Ortiz\",\"@id\":\"https:\\\/\\\/www.tablaosflamencos.com\\\/pt-pt#\\\/schema\\\/person\\\/e7a9ebe14eb75a52ceabfbffb3c54f5d\"},\"headline\":\"Matin\u00e9s \u00danicas da Bienal de Flamenco de Sevilha 2026: programa, datas e San Luis de los Franceses\",\"datePublished\":\"2026-08-31T17:04:44+00:00\",\"dateModified\":\"2026-08-31T17:25:49+00:00\",\"mainEntityOfPage\":{\"@id\":\"https:\\\/\\\/www.tablaosflamencos.com\\\/pt-pt\\\/matines-unicas-bienal-flamenco-sevilha-2026.html\"},\"wordCount\":3790,\"publisher\":{\"@id\":\"https:\\\/\\\/www.tablaosflamencos.com\\\/pt-pt#organization\"},\"image\":{\"@id\":\"https:\\\/\\\/www.tablaosflamencos.com\\\/pt-pt\\\/matines-unicas-bienal-flamenco-sevilha-2026.html#primaryimage\"},\"thumbnailUrl\":\"https:\\\/\\\/www.tablaosflamencos.com\\\/wp-content\\\/uploads\\\/matines-unicas-de-la-bienal-de-flamenco-2026-programa-fechas-y-san-luis-de-los-franceses-01.webp\",\"keywords\":[\"agenda flamenca\",\"Bienal 2026\",\"Bienal de Flamenco\",\"festivales flamencos\",\"flamenco en Sevilla\",\"Matin\u00e9s \u00danicas 2026\",\"sevilla\"],\"articleSection\":[\"Bienal de Flamenco de Sevilha\"],\"inLanguage\":\"pt-PT\"},{\"@type\":\"WebPage\",\"@id\":\"https:\\\/\\\/www.tablaosflamencos.com\\\/pt-pt\\\/matines-unicas-bienal-flamenco-sevilha-2026.html\",\"url\":\"https:\\\/\\\/www.tablaosflamencos.com\\\/pt-pt\\\/matines-unicas-bienal-flamenco-sevilha-2026.html\",\"name\":\"Matin\u00e9s \u00danicas Bienal 2026: programa e San Luis\",\"isPartOf\":{\"@id\":\"https:\\\/\\\/www.tablaosflamencos.com\\\/pt-pt#website\"},\"primaryImageOfPage\":{\"@id\":\"https:\\\/\\\/www.tablaosflamencos.com\\\/pt-pt\\\/matines-unicas-bienal-flamenco-sevilha-2026.html#primaryimage\"},\"image\":{\"@id\":\"https:\\\/\\\/www.tablaosflamencos.com\\\/pt-pt\\\/matines-unicas-bienal-flamenco-sevilha-2026.html#primaryimage\"},\"thumbnailUrl\":\"https:\\\/\\\/www.tablaosflamencos.com\\\/wp-content\\\/uploads\\\/matines-unicas-de-la-bienal-de-flamenco-2026-programa-fechas-y-san-luis-de-los-franceses-01.webp\",\"datePublished\":\"2026-08-31T17:04:44+00:00\",\"dateModified\":\"2026-08-31T17:25:49+00:00\",\"description\":\"Descubra as Matin\u00e9s \u00danicas da Bienal de Flamenco de Sevilha 2026: datas, programa\u00e7\u00e3o, artistas, San Luis de los Franceses, bilhetes e informa\u00e7\u00f5es \u00fateis.\",\"breadcrumb\":{\"@id\":\"https:\\\/\\\/www.tablaosflamencos.com\\\/pt-pt\\\/matines-unicas-bienal-flamenco-sevilha-2026.html#breadcrumb\"},\"inLanguage\":\"pt-PT\",\"potentialAction\":[{\"@type\":\"ReadAction\",\"target\":[\"https:\\\/\\\/www.tablaosflamencos.com\\\/pt-pt\\\/matines-unicas-bienal-flamenco-sevilha-2026.html\"]}]},{\"@type\":\"ImageObject\",\"inLanguage\":\"pt-PT\",\"@id\":\"https:\\\/\\\/www.tablaosflamencos.com\\\/pt-pt\\\/matines-unicas-bienal-flamenco-sevilha-2026.html#primaryimage\",\"url\":\"https:\\\/\\\/www.tablaosflamencos.com\\\/wp-content\\\/uploads\\\/matines-unicas-de-la-bienal-de-flamenco-2026-programa-fechas-y-san-luis-de-los-franceses-01.webp\",\"contentUrl\":\"https:\\\/\\\/www.tablaosflamencos.com\\\/wp-content\\\/uploads\\\/matines-unicas-de-la-bienal-de-flamenco-2026-programa-fechas-y-san-luis-de-los-franceses-01.webp\",\"width\":1920,\"height\":1072,\"caption\":\"Matin\u00e9s \u00danicas de la Bienal de Flamenco 2026: programa, fechas y San Luis de los Franceses\"},{\"@type\":\"BreadcrumbList\",\"@id\":\"https:\\\/\\\/www.tablaosflamencos.com\\\/pt-pt\\\/matines-unicas-bienal-flamenco-sevilha-2026.html#breadcrumb\",\"itemListElement\":[{\"@type\":\"ListItem\",\"position\":1,\"name\":\"Home\",\"item\":\"https:\\\/\\\/www.tablaosflamencos.com\\\/pt-pt\"},{\"@type\":\"ListItem\",\"position\":2,\"name\":\"Matin\u00e9s \u00danicas da Bienal de Flamenco de Sevilha 2026: programa, datas e San Luis de los Franceses\"}]},{\"@type\":\"WebSite\",\"@id\":\"https:\\\/\\\/www.tablaosflamencos.com\\\/pt-pt#website\",\"url\":\"https:\\\/\\\/www.tablaosflamencos.com\\\/pt-pt\",\"name\":\"Tablaos Flamencos\",\"description\":\"Entradas para tablaos flamencos de Espa\u00f1a\",\"publisher\":{\"@id\":\"https:\\\/\\\/www.tablaosflamencos.com\\\/pt-pt#organization\"},\"alternateName\":\"Tablaos Flamencos\",\"potentialAction\":[{\"@type\":\"SearchAction\",\"target\":{\"@type\":\"EntryPoint\",\"urlTemplate\":\"https:\\\/\\\/www.tablaosflamencos.com\\\/pt-pt?s={search_term_string}\"},\"query-input\":{\"@type\":\"PropertyValueSpecification\",\"valueRequired\":true,\"valueName\":\"search_term_string\"}}],\"inLanguage\":\"pt-PT\"},{\"@type\":[\"Organization\",\"Place\",\"EntertainmentBusiness\"],\"@id\":\"https:\\\/\\\/www.tablaosflamencos.com\\\/pt-pt#organization\",\"name\":\"Tablaos Flamencos\",\"alternateName\":\"Tablaos Flamencos\",\"url\":\"https:\\\/\\\/www.tablaosflamencos.com\\\/pt-pt\",\"logo\":{\"@id\":\"https:\\\/\\\/www.tablaosflamencos.com\\\/pt-pt\\\/matines-unicas-bienal-flamenco-sevilha-2026.html#local-main-organization-logo\"},\"image\":{\"@id\":\"https:\\\/\\\/www.tablaosflamencos.com\\\/pt-pt\\\/matines-unicas-bienal-flamenco-sevilha-2026.html#local-main-organization-logo\"},\"sameAs\":[\"https:\\\/\\\/www.facebook.com\\\/tablaosflamencos\",\"https:\\\/\\\/x.com\\\/tablaosflamenco\",\"https:\\\/\\\/mastodon.social\\\/@tablaosflamencos\",\"https:\\\/\\\/www.instagram.com\\\/tablaosflamencos\",\"https:\\\/\\\/tiktok.com\\\/@tablaosflamencos\",\"https:\\\/\\\/www.linkedin.com\\\/company\\\/109408238\\\/\"],\"description\":\"Venta de entradas para espect\u00e1culos flamencos\",\"legalName\":\"Tablaos Flamencos\",\"foundingDate\":\"2015-01-01\",\"numberOfEmployees\":{\"@type\":\"QuantitativeValue\",\"minValue\":\"1\",\"maxValue\":\"10\"},\"address\":{\"@id\":\"https:\\\/\\\/www.tablaosflamencos.com\\\/pt-pt\\\/matines-unicas-bienal-flamenco-sevilha-2026.html#local-main-place-address\"},\"geo\":{\"@type\":\"GeoCoordinates\",\"latitude\":\"37.3868072\",\"longitude\":\"-5.993280299999999\"},\"telephone\":[\"+34623787787\"],\"contactPoint\":{\"@type\":\"ContactPoint\",\"telephone\":\"+34623787787\",\"email\":\"info@tablaosflamencos.com\"},\"openingHoursSpecification\":{\"@type\":\"OpeningHoursSpecification\",\"dayOfWeek\":[\"Monday\",\"Tuesday\",\"Wednesday\",\"Thursday\",\"Friday\",\"Saturday\",\"Sunday\"],\"opens\":\"00:00\",\"closes\":\"23:59\"},\"email\":\"info@tablaosflamencos.com\",\"priceRange\":\"$$$\",\"currenciesAccepted\":\"\u20ac\"},{\"@type\":\"Person\",\"@id\":\"https:\\\/\\\/www.tablaosflamencos.com\\\/pt-pt#\\\/schema\\\/person\\\/e7a9ebe14eb75a52ceabfbffb3c54f5d\",\"name\":\"Miguel Ortiz\",\"description\":\"Miguel Ortiz es un empresario flamenco, con una s\u00f3lida trayectoria dentro del sector. Ha presidido entidades culturales vinculadas al flamenco y, cuenta con un amplio recorrido profesional en la gesti\u00f3n y promoci\u00f3n de espect\u00e1culos y tablaos flamencos. Su pasi\u00f3n por la historia y el arte flamenco se refleja en cada art\u00edculo, donde combina experiencia, criterio y un profundo respeto por la tradici\u00f3n.\",\"sameAs\":[\"https:\\\/\\\/www.tablaosflamencos.com\",\"https:\\\/\\\/www.instagra.com\\\/miguelortizfe\",\"https:\\\/\\\/www.linkedin.com\\\/in\\\/miguelortizf\\\/\"],\"birthDate\":\"1984-11-22\",\"gender\":\"hombre\",\"knowsLanguage\":[\"espa\u00f1ol\",\"ingl\u00e9s\"],\"jobTitle\":\"Empresario flamenco\"},{\"@type\":\"PostalAddress\",\"@id\":\"https:\\\/\\\/www.tablaosflamencos.com\\\/pt-pt\\\/matines-unicas-bienal-flamenco-sevilha-2026.html#local-main-place-address\",\"streetAddress\":\"C\\\/ Alemanes, 19\",\"addressLocality\":\"Sevilla\",\"postalCode\":\"41004\",\"addressRegion\":\"Sevilla\",\"addressCountry\":\"ES\"},{\"@type\":\"ImageObject\",\"inLanguage\":\"pt-PT\",\"@id\":\"https:\\\/\\\/www.tablaosflamencos.com\\\/pt-pt\\\/matines-unicas-bienal-flamenco-sevilha-2026.html#local-main-organization-logo\",\"url\":\"https:\\\/\\\/www.tablaosflamencos.com\\\/wp-content\\\/uploads\\\/tablaos-flamencos-06-3.webp\",\"contentUrl\":\"https:\\\/\\\/www.tablaosflamencos.com\\\/wp-content\\\/uploads\\\/tablaos-flamencos-06-3.webp\",\"width\":600,\"height\":620,\"caption\":\"Tablaos Flamencos\"}]}<\/script>\n<meta name=\"geo.placename\" content=\"Sevilla\" \/>\n<meta name=\"geo.position\" content=\"37.3868072;-5.993280299999999\" \/>\n<meta name=\"geo.region\" content=\"Espanha\" \/>\n<!-- \/ Yoast SEO Premium plugin. -->","yoast_head_json":{"title":"Matin\u00e9s \u00danicas Bienal 2026: programa e San Luis","description":"Descubra as Matin\u00e9s \u00danicas da Bienal de Flamenco de Sevilha 2026: datas, programa\u00e7\u00e3o, artistas, San Luis de los Franceses, bilhetes e informa\u00e7\u00f5es \u00fateis.","robots":{"index":"index","follow":"follow","max-snippet":"max-snippet:-1","max-image-preview":"max-image-preview:large","max-video-preview":"max-video-preview:-1"},"canonical":"https:\/\/www.tablaosflamencos.com\/pt-pt\/matines-unicas-bienal-flamenco-sevilha-2026.html","og_locale":"pt_PT","og_type":"article","og_title":"Matin\u00e9s \u00danicas da Bienal de Flamenco de Sevilha 2026: programa, datas e San Luis de los Franceses","og_description":"Descubra as Matin\u00e9s \u00danicas da Bienal de Flamenco de Sevilha 2026: datas, programa\u00e7\u00e3o, artistas, San Luis de los Franceses, bilhetes e informa\u00e7\u00f5es \u00fateis.","og_url":"https:\/\/www.tablaosflamencos.com\/pt-pt\/matines-unicas-bienal-flamenco-sevilha-2026.html","og_site_name":"Tablaos Flamencos","article_publisher":"https:\/\/www.facebook.com\/tablaosflamencos","article_published_time":"2026-08-31T17:04:44+00:00","article_modified_time":"2026-08-31T17:25:49+00:00","og_image":[{"width":1920,"height":1072,"url":"https:\/\/www.tablaosflamencos.com\/wp-content\/uploads\/matines-unicas-de-la-bienal-de-flamenco-2026-programa-fechas-y-san-luis-de-los-franceses-01.webp","type":"image\/webp"}],"author":"Miguel Ortiz","twitter_card":"summary_large_image","twitter_creator":"@tablaosflamenco","twitter_site":"@tablaosflamenco","twitter_misc":{"Escrito por":"Miguel Ortiz","Tempo estimado de leitura":"19 minutos"},"schema":{"@context":"https:\/\/schema.org","@graph":[{"@type":"Article","@id":"https:\/\/www.tablaosflamencos.com\/pt-pt\/matines-unicas-bienal-flamenco-sevilha-2026.html#article","isPartOf":{"@id":"https:\/\/www.tablaosflamencos.com\/pt-pt\/matines-unicas-bienal-flamenco-sevilha-2026.html"},"author":{"name":"Miguel Ortiz","@id":"https:\/\/www.tablaosflamencos.com\/pt-pt#\/schema\/person\/e7a9ebe14eb75a52ceabfbffb3c54f5d"},"headline":"Matin\u00e9s \u00danicas da Bienal de Flamenco de Sevilha 2026: programa, datas e San Luis de los Franceses","datePublished":"2026-08-31T17:04:44+00:00","dateModified":"2026-08-31T17:25:49+00:00","mainEntityOfPage":{"@id":"https:\/\/www.tablaosflamencos.com\/pt-pt\/matines-unicas-bienal-flamenco-sevilha-2026.html"},"wordCount":3790,"publisher":{"@id":"https:\/\/www.tablaosflamencos.com\/pt-pt#organization"},"image":{"@id":"https:\/\/www.tablaosflamencos.com\/pt-pt\/matines-unicas-bienal-flamenco-sevilha-2026.html#primaryimage"},"thumbnailUrl":"https:\/\/www.tablaosflamencos.com\/wp-content\/uploads\/matines-unicas-de-la-bienal-de-flamenco-2026-programa-fechas-y-san-luis-de-los-franceses-01.webp","keywords":["agenda flamenca","Bienal 2026","Bienal de Flamenco","festivales flamencos","flamenco en Sevilla","Matin\u00e9s \u00danicas 2026","sevilla"],"articleSection":["Bienal de Flamenco de Sevilha"],"inLanguage":"pt-PT"},{"@type":"WebPage","@id":"https:\/\/www.tablaosflamencos.com\/pt-pt\/matines-unicas-bienal-flamenco-sevilha-2026.html","url":"https:\/\/www.tablaosflamencos.com\/pt-pt\/matines-unicas-bienal-flamenco-sevilha-2026.html","name":"Matin\u00e9s \u00danicas Bienal 2026: programa e San Luis","isPartOf":{"@id":"https:\/\/www.tablaosflamencos.com\/pt-pt#website"},"primaryImageOfPage":{"@id":"https:\/\/www.tablaosflamencos.com\/pt-pt\/matines-unicas-bienal-flamenco-sevilha-2026.html#primaryimage"},"image":{"@id":"https:\/\/www.tablaosflamencos.com\/pt-pt\/matines-unicas-bienal-flamenco-sevilha-2026.html#primaryimage"},"thumbnailUrl":"https:\/\/www.tablaosflamencos.com\/wp-content\/uploads\/matines-unicas-de-la-bienal-de-flamenco-2026-programa-fechas-y-san-luis-de-los-franceses-01.webp","datePublished":"2026-08-31T17:04:44+00:00","dateModified":"2026-08-31T17:25:49+00:00","description":"Descubra as Matin\u00e9s \u00danicas da Bienal de Flamenco de Sevilha 2026: datas, programa\u00e7\u00e3o, artistas, San Luis de los Franceses, bilhetes e informa\u00e7\u00f5es \u00fateis.","breadcrumb":{"@id":"https:\/\/www.tablaosflamencos.com\/pt-pt\/matines-unicas-bienal-flamenco-sevilha-2026.html#breadcrumb"},"inLanguage":"pt-PT","potentialAction":[{"@type":"ReadAction","target":["https:\/\/www.tablaosflamencos.com\/pt-pt\/matines-unicas-bienal-flamenco-sevilha-2026.html"]}]},{"@type":"ImageObject","inLanguage":"pt-PT","@id":"https:\/\/www.tablaosflamencos.com\/pt-pt\/matines-unicas-bienal-flamenco-sevilha-2026.html#primaryimage","url":"https:\/\/www.tablaosflamencos.com\/wp-content\/uploads\/matines-unicas-de-la-bienal-de-flamenco-2026-programa-fechas-y-san-luis-de-los-franceses-01.webp","contentUrl":"https:\/\/www.tablaosflamencos.com\/wp-content\/uploads\/matines-unicas-de-la-bienal-de-flamenco-2026-programa-fechas-y-san-luis-de-los-franceses-01.webp","width":1920,"height":1072,"caption":"Matin\u00e9s \u00danicas de la Bienal de Flamenco 2026: programa, fechas y San Luis de los Franceses"},{"@type":"BreadcrumbList","@id":"https:\/\/www.tablaosflamencos.com\/pt-pt\/matines-unicas-bienal-flamenco-sevilha-2026.html#breadcrumb","itemListElement":[{"@type":"ListItem","position":1,"name":"Home","item":"https:\/\/www.tablaosflamencos.com\/pt-pt"},{"@type":"ListItem","position":2,"name":"Matin\u00e9s \u00danicas da Bienal de Flamenco de Sevilha 2026: programa, datas e San Luis de los Franceses"}]},{"@type":"WebSite","@id":"https:\/\/www.tablaosflamencos.com\/pt-pt#website","url":"https:\/\/www.tablaosflamencos.com\/pt-pt","name":"Tablaos Flamencos","description":"Entradas para tablaos flamencos de Espa\u00f1a","publisher":{"@id":"https:\/\/www.tablaosflamencos.com\/pt-pt#organization"},"alternateName":"Tablaos Flamencos","potentialAction":[{"@type":"SearchAction","target":{"@type":"EntryPoint","urlTemplate":"https:\/\/www.tablaosflamencos.com\/pt-pt?s={search_term_string}"},"query-input":{"@type":"PropertyValueSpecification","valueRequired":true,"valueName":"search_term_string"}}],"inLanguage":"pt-PT"},{"@type":["Organization","Place","EntertainmentBusiness"],"@id":"https:\/\/www.tablaosflamencos.com\/pt-pt#organization","name":"Tablaos Flamencos","alternateName":"Tablaos Flamencos","url":"https:\/\/www.tablaosflamencos.com\/pt-pt","logo":{"@id":"https:\/\/www.tablaosflamencos.com\/pt-pt\/matines-unicas-bienal-flamenco-sevilha-2026.html#local-main-organization-logo"},"image":{"@id":"https:\/\/www.tablaosflamencos.com\/pt-pt\/matines-unicas-bienal-flamenco-sevilha-2026.html#local-main-organization-logo"},"sameAs":["https:\/\/www.facebook.com\/tablaosflamencos","https:\/\/x.com\/tablaosflamenco","https:\/\/mastodon.social\/@tablaosflamencos","https:\/\/www.instagram.com\/tablaosflamencos","https:\/\/tiktok.com\/@tablaosflamencos","https:\/\/www.linkedin.com\/company\/109408238\/"],"description":"Venta de entradas para espect\u00e1culos flamencos","legalName":"Tablaos Flamencos","foundingDate":"2015-01-01","numberOfEmployees":{"@type":"QuantitativeValue","minValue":"1","maxValue":"10"},"address":{"@id":"https:\/\/www.tablaosflamencos.com\/pt-pt\/matines-unicas-bienal-flamenco-sevilha-2026.html#local-main-place-address"},"geo":{"@type":"GeoCoordinates","latitude":"37.3868072","longitude":"-5.993280299999999"},"telephone":["+34623787787"],"contactPoint":{"@type":"ContactPoint","telephone":"+34623787787","email":"info@tablaosflamencos.com"},"openingHoursSpecification":{"@type":"OpeningHoursSpecification","dayOfWeek":["Monday","Tuesday","Wednesday","Thursday","Friday","Saturday","Sunday"],"opens":"00:00","closes":"23:59"},"email":"info@tablaosflamencos.com","priceRange":"$$$","currenciesAccepted":"\u20ac"},{"@type":"Person","@id":"https:\/\/www.tablaosflamencos.com\/pt-pt#\/schema\/person\/e7a9ebe14eb75a52ceabfbffb3c54f5d","name":"Miguel Ortiz","description":"Miguel Ortiz es un empresario flamenco, con una s\u00f3lida trayectoria dentro del sector. Ha presidido entidades culturales vinculadas al flamenco y, cuenta con un amplio recorrido profesional en la gesti\u00f3n y promoci\u00f3n de espect\u00e1culos y tablaos flamencos. Su pasi\u00f3n por la historia y el arte flamenco se refleja en cada art\u00edculo, donde combina experiencia, criterio y un profundo respeto por la tradici\u00f3n.","sameAs":["https:\/\/www.tablaosflamencos.com","https:\/\/www.instagra.com\/miguelortizfe","https:\/\/www.linkedin.com\/in\/miguelortizf\/"],"birthDate":"1984-11-22","gender":"hombre","knowsLanguage":["espa\u00f1ol","ingl\u00e9s"],"jobTitle":"Empresario flamenco"},{"@type":"PostalAddress","@id":"https:\/\/www.tablaosflamencos.com\/pt-pt\/matines-unicas-bienal-flamenco-sevilha-2026.html#local-main-place-address","streetAddress":"C\/ Alemanes, 19","addressLocality":"Sevilla","postalCode":"41004","addressRegion":"Sevilla","addressCountry":"ES"},{"@type":"ImageObject","inLanguage":"pt-PT","@id":"https:\/\/www.tablaosflamencos.com\/pt-pt\/matines-unicas-bienal-flamenco-sevilha-2026.html#local-main-organization-logo","url":"https:\/\/www.tablaosflamencos.com\/wp-content\/uploads\/tablaos-flamencos-06-3.webp","contentUrl":"https:\/\/www.tablaosflamencos.com\/wp-content\/uploads\/tablaos-flamencos-06-3.webp","width":600,"height":620,"caption":"Tablaos Flamencos"}]},"geo.placename":"Sevilla","geo.position":{"lat":"37.3868072","long":"-5.993280299999999"},"geo.region":"Espanha"},"_links":{"self":[{"href":"https:\/\/www.tablaosflamencos.com\/pt-pt\/wp-json\/wp\/v2\/posts\/13693","targetHints":{"allow":["GET"]}}],"collection":[{"href":"https:\/\/www.tablaosflamencos.com\/pt-pt\/wp-json\/wp\/v2\/posts"}],"about":[{"href":"https:\/\/www.tablaosflamencos.com\/pt-pt\/wp-json\/wp\/v2\/types\/post"}],"author":[{"embeddable":true,"href":"https:\/\/www.tablaosflamencos.com\/pt-pt\/wp-json\/wp\/v2\/users\/1"}],"replies":[{"embeddable":true,"href":"https:\/\/www.tablaosflamencos.com\/pt-pt\/wp-json\/wp\/v2\/comments?post=13693"}],"version-history":[{"count":1,"href":"https:\/\/www.tablaosflamencos.com\/pt-pt\/wp-json\/wp\/v2\/posts\/13693\/revisions"}],"predecessor-version":[{"id":13700,"href":"https:\/\/www.tablaosflamencos.com\/pt-pt\/wp-json\/wp\/v2\/posts\/13693\/revisions\/13700"}],"wp:featuredmedia":[{"embeddable":true,"href":"https:\/\/www.tablaosflamencos.com\/pt-pt\/wp-json\/wp\/v2\/media\/13683"}],"wp:attachment":[{"href":"https:\/\/www.tablaosflamencos.com\/pt-pt\/wp-json\/wp\/v2\/media?parent=13693"}],"wp:term":[{"taxonomy":"category","embeddable":true,"href":"https:\/\/www.tablaosflamencos.com\/pt-pt\/wp-json\/wp\/v2\/categories?post=13693"},{"taxonomy":"post_tag","embeddable":true,"href":"https:\/\/www.tablaosflamencos.com\/pt-pt\/wp-json\/wp\/v2\/tags?post=13693"}],"curies":[{"name":"wp","href":"https:\/\/api.w.org\/{rel}","templated":true}]}}