{"id":13670,"date":"2026-08-31T18:07:57","date_gmt":"2026-08-31T16:07:57","guid":{"rendered":"https:\/\/www.tablaosflamencos.com\/?p=13670"},"modified":"2026-08-31T18:26:55","modified_gmt":"2026-08-31T16:26:55","slug":"festival-cante-jondo-antonio-mairena-2026","status":"publish","type":"post","link":"https:\/\/www.tablaosflamencos.com\/pt-pt\/festival-cante-jondo-antonio-mairena-2026.html","title":{"rendered":"Festival de Cante Jondo Antonio Mairena 2026: programa, artistas, datas e bilhetes"},"content":{"rendered":"<section class=\"l-section wpb_row height_huge\"><div class=\"l-section-h i-cf\"><div class=\"g-cols vc_row via_flex valign_top type_default stacking_default\"><div class=\"vc_col-sm-6 wpb_column vc_column_container\"><div class=\"vc_column-inner\"><div class=\"wpb_wrapper\"><div class=\"wpb_text_column\"><div class=\"wpb_wrapper\"><h2>Festival de Cante Jondo Antonio Mairena 2026: cinco dias para viver o flamenco num dos seus grandes templos<\/h2>\n<p>Mairena del Alcor volta a tornar-se um dos centros do flamenco andaluz com a realiza\u00e7\u00e3o do <strong>65.\u00ba Festival de Cante Jondo Antonio Mairena<\/strong>, que ter\u00e1 lugar <strong>de 1 a 5 de setembro de 2026<\/strong>. A edi\u00e7\u00e3o re\u00fane cante, guitarra, dan\u00e7a, confer\u00eancias, uma masterclass, o hist\u00f3rico Concurso Nacional de Cante Jondo e uma grande gala final encabe\u00e7ada por figuras como <strong>Jos\u00e9 Merc\u00e9, La Macanita e Farruquito<\/strong>.<\/p>\n<p>O festival de 2026 \u00e9 <strong>dedicado a Diego Clavel<\/strong> e mant\u00e9m a voca\u00e7\u00e3o que define este encontro desde as suas origens: valorizar o cante, transmitir a mem\u00f3ria flamenca e reunir diferentes gera\u00e7\u00f5es de artistas em Mairena del Alcor, localidade estreitamente ligada \u00e0 figura de Antonio Mairena.<\/p>\n<p>A programa\u00e7\u00e3o distribui-se entre a <strong>Casa Palacio de los Duques de Arcos<\/strong>, o <strong>Teatro Municipal Calixto S\u00e1nchez<\/strong> e o <strong>Auditorio Municipal Manuel Mairena<\/strong>. Al\u00e9m disso, a 28 de agosto realiza-se como antec\u00e2mara a <strong>Flamenkedada<\/strong>, uma proposta de flamenco fusion dirigida sobretudo a p\u00fablicos mais jovens.<\/p>\n<\/div><\/div><\/div><\/div><\/div><div class=\"vc_col-sm-6 wpb_column vc_column_container\"><div class=\"vc_column-inner\"><div class=\"wpb_wrapper\"><div class=\"wpb_text_column\"><div class=\"wpb_wrapper\"><h3>Festival Antonio Mairena 2026: informa\u00e7\u00f5es essenciais<\/h3>\n<ul>\n<li><strong>Edi\u00e7\u00e3o:<\/strong> 65.\u00ba Festival de Cante Jondo Antonio Mairena.<\/li>\n<li><strong>Datas:<\/strong> de 1 a 5 de setembro de 2026.<\/li>\n<li><strong>Local:<\/strong> Mairena del Alcor, Sevilha.<\/li>\n<li><strong>Dedicat\u00f3ria:<\/strong> Diego Clavel.<\/li>\n<li><strong>Gala final:<\/strong> 5 de setembro, 22:00.<\/li>\n<li><strong>Artistas da gala:<\/strong> Jos\u00e9 Merc\u00e9, La Macanita, Juan de Mairena, Roc\u00edo Luna e Farruquito, entre outros.<\/li>\n<li><strong>Bilhetes:<\/strong> a partir de 10 \u20ac nos espet\u00e1culos pagos, consoante a modalidade.<\/li>\n<li><strong>Venda:<\/strong> site oficial, plataforma Giglon e pontos de venda indicados pela C\u00e2mara Municipal.<\/li>\n<\/ul>\n<p><small>A programa\u00e7\u00e3o e as condi\u00e7\u00f5es de venda podem sofrer altera\u00e7\u00f5es. Recomendamos consultar a informa\u00e7\u00e3o oficial antes da desloca\u00e7\u00e3o.<\/small><\/p>\n<\/div><\/div><div class=\"w-separator size_medium\"><\/div><div class=\"w-hwrapper valign_top wrap stack_on_mobiles align_center\" style=\"--hwrapper-gap:1.2rem\"><div class=\"w-btn-wrapper align_none\"><a class=\"w-btn us-btn-style_1\" href=\"https:\/\/festivalmairena.com\/\"><span class=\"w-btn-label\">Site oficial do Festival<\/span><\/a><\/div><\/div><\/div><\/div><\/div><\/div><\/div><\/section><section class=\"l-section wpb_row height_huge color_alternate with_shape\"><div class=\"l-section-shape type_zigzag pos_top hor_flip\" style=\"height:3vmin;\"><svg xmlns=\"http:\/\/www.w3.org\/2000\/svg\" viewBox=\"0 0 64 8\" preserveAspectRatio=\"none\" width=\"100%\" height=\"100%\">\r\n\t<path fill=\"currentColor\" d=\"M64 8 L0 8 L0 0 L20 7.9 L40 3 L48 5 L64 0 Z\"\/>\r\n<\/svg><\/div><div class=\"l-section-shape type_zigzag pos_bottom\" style=\"height:3vmin;\"><svg xmlns=\"http:\/\/www.w3.org\/2000\/svg\" viewBox=\"0 0 64 8\" preserveAspectRatio=\"none\" width=\"100%\" height=\"100%\">\r\n\t<path fill=\"currentColor\" d=\"M64 8 L0 8 L0 0 L20 7.9 L40 3 L48 5 L64 0 Z\"\/>\r\n<\/svg><\/div><div class=\"l-section-h i-cf\"><div class=\"g-cols vc_row via_flex valign_top type_default stacking_default\"><div class=\"vc_col-sm-12 wpb_column vc_column_container\"><div class=\"vc_column-inner\"><div class=\"wpb_wrapper\"><div class=\"wpb_text_column\"><div class=\"wpb_wrapper\"><h2>Programa completo do Festival de Cante Jondo Antonio Mairena 2026<\/h2>\n<p>A edi\u00e7\u00e3o de 2026 combina recitais, reflex\u00e3o, forma\u00e7\u00e3o, dan\u00e7a e competi\u00e7\u00e3o. O programa principal decorre de ter\u00e7a-feira, 1, a s\u00e1bado, 5 de setembro, embora a Flamenkedada de 28 de agosto funcione como pr\u00f3logo do ciclo.<\/p>\n<h3>Ter\u00e7a-feira, 1 de setembro: inaugura\u00e7\u00e3o, Diego Clavel e Rubito de Par\u00e1<\/h3>\n<p>A <strong>Casa Palacio de los Duques de Arcos<\/strong> concentra a primeira jornada. \u00c0s <strong>21:00<\/strong> est\u00e1 previsto o ato de inaugura\u00e7\u00e3o institucional. Em seguida, \u00e0s <strong>21:15<\/strong>, Pedro L\u00f3phe apresenta a confer\u00eancia <em>Diego Clavel: \u00e9tica e est\u00e9tica<\/em>, ligada \u00e0 dedicat\u00f3ria desta edi\u00e7\u00e3o.<\/p>\n<p>A noite termina \u00e0s <strong>22:30<\/strong> com um recital flamenco de <strong>Rubito de Par\u00e1<\/strong>, acompanhado \u00e0 guitarra por <strong>Antonio Carri\u00f3n<\/strong>. Os eventos anunciados para esta primeira noite t\u00eam entrada livre at\u00e9 ser atingida a lota\u00e7\u00e3o.<\/p>\n<h3>Quarta-feira, 2 de setembro: Ballet Flamenco de Andaluc\u00eda<\/h3>\n<p>O <strong>Teatro Municipal Calixto S\u00e1nchez<\/strong> recebe \u00e0s <strong>21:30<\/strong> o espet\u00e1culo <em>Flamenco Patrimonio<\/em>, do <strong>Ballet Flamenco de Andaluc\u00eda<\/strong>. \u00c9 um dos principais encontros de palco da semana e requer bilhete pago.<\/p>\n<h3>Quinta-feira, 3 de setembro: forma\u00e7\u00e3o, mem\u00f3ria e guitarra<\/h3>\n<p>A jornada come\u00e7a \u00e0s <strong>11:00<\/strong> no Teatro Municipal Calixto S\u00e1nchez com uma <strong>masterclass de dan\u00e7a flamenca de Alejandro Rodr\u00edguez<\/strong>. A organiza\u00e7\u00e3o anunciou inscri\u00e7\u00e3o gratuita e lugares limitados.<\/p>\n<p>\u00c0 noite, a atividade regressa \u00e0 Casa Palacio de los Duques de Arcos. \u00c0s <strong>21:00<\/strong> ter\u00e1 lugar o encontro <em>Romerito de Jerez, quase um s\u00e9culo de testemunho flamenco<\/em>, com <strong>Romerito de Jerez e Juan Garrido<\/strong>. \u00c0s <strong>22:30<\/strong>, <strong>Diego del Morao<\/strong> oferecer\u00e1 um recital de guitarra flamenca.<\/p>\n<\/div><\/div><\/div><\/div><\/div><\/div><\/div><\/section><section class=\"l-section wpb_row height_huge\"><div class=\"l-section-h i-cf\"><div class=\"g-cols vc_row via_flex valign_top type_default stacking_default\"><div class=\"vc_col-sm-6 wpb_column vc_column_container\"><div class=\"vc_column-inner\"><div class=\"wpb_wrapper\"><div class=\"wpb_text_column\"><div class=\"wpb_wrapper\"><h2>4 de setembro: o Concurso Nacional transforma-se em festival<\/h2>\n<p>Na sexta-feira, dia 4, chega uma das noites com maior personalidade desta edi\u00e7\u00e3o: o <strong>64.\u00ba Concurso Nacional de Cante Jondo Antonio Mairena<\/strong>, marcado para as <strong>22:00<\/strong> no Auditorio Municipal Manuel Mairena.<\/p>\n<p>A edi\u00e7\u00e3o \u00e9 <strong>dedicada a Aurora Vargas<\/strong> e apresenta-se sob a ideia de <em>O concurso transformado em festival<\/em>. O cartaz anunciado re\u00fane <strong>Remedios Reyes<\/strong>, com Julio Romero \u00e0 guitarra; <strong>Ana La Yiya<\/strong>, com Antonio Garc\u00eda; <strong>Caracolillo de C\u00e1diz<\/strong>, com Nono Reyes; <strong>Manuel C\u00e1stulo<\/strong>, com Manolo Herrera; e <strong>Rubio de Pruna<\/strong>, acompanhado por Marcos de Silva.<\/p>\n<p>A noite inclui ainda a dan\u00e7a de <strong>Mar\u00eda T\u00e1vora e o seu grupo<\/strong>, as palmas de Cepa N\u00fa\u00f1ez e Manuel Vinaza e a apresenta\u00e7\u00e3o de <strong>Juan Garrido<\/strong>.<\/p>\n<p>O Concurso Nacional constitui uma parte fundamental da identidade flamenca de Mairena del Alcor e complementa a programa\u00e7\u00e3o do festival com um encontro especificamente centrado no cante.<\/p>\n<\/div><\/div><\/div><\/div><\/div><div class=\"vc_col-sm-6 wpb_column vc_column_container\"><div class=\"vc_column-inner\"><div class=\"wpb_wrapper\"><div class=\"wpb_text_column\"><div class=\"wpb_wrapper\"><h2>5 de setembro: grande Gala com Jos\u00e9 Merc\u00e9, La Macanita e Farruquito<\/h2>\n<p>No s\u00e1bado, 5 de setembro, \u00e0s <strong>22:00<\/strong>, o <strong>Auditorio Municipal Manuel Mairena<\/strong> recebe a grande Gala do 65.\u00ba Festival. \u00c9 a noite central e a que concentra o cartaz mais amplo da edi\u00e7\u00e3o.<\/p>\n<p><strong>No cante<\/strong> estar\u00e3o <strong>Jos\u00e9 Merc\u00e9, La Macanita, Juan de Mairena e Roc\u00edo Luna<\/strong>. As guitarras ficar\u00e3o a cargo de <strong>Antonio Higuero, Manuel Valencia e Francisco G\u00f3mez<\/strong>.<\/p>\n<p>A dan\u00e7a ter\u00e1 como protagonista <strong>Juan Manuel Fern\u00e1ndez Montoya \u201cFarruquito\u201d<\/strong>, acompanhado pelos cantes de Ismael de la Rosa \u201cEl Bola\u201d, Manuel de la Nina e Mari Viz\u00e1rraga; Manuel Valencia \u00e0 guitarra e Paco Vega na percuss\u00e3o.<\/p>\n<p>A gala ser\u00e1 apresentada por <strong>Manuel Mart\u00edn Mart\u00edn<\/strong>. Pela relev\u00e2ncia dos artistas e pelo car\u00e1ter de encerramento do festival, \u00e9 a jornada para a qual \u00e9 especialmente aconselh\u00e1vel verificar com anteced\u00eancia a disponibilidade de bilhetes.<\/p>\n<\/div><\/div><\/div><\/div><\/div><\/div><\/div><\/section><section class=\"l-section wpb_row height_huge color_alternate with_shape\"><div class=\"l-section-shape type_zigzag pos_top hor_flip\" style=\"height:3vmin;\"><svg xmlns=\"http:\/\/www.w3.org\/2000\/svg\" viewBox=\"0 0 64 8\" preserveAspectRatio=\"none\" width=\"100%\" height=\"100%\">\r\n\t<path fill=\"currentColor\" d=\"M64 8 L0 8 L0 0 L20 7.9 L40 3 L48 5 L64 0 Z\"\/>\r\n<\/svg><\/div><div class=\"l-section-shape type_zigzag pos_bottom\" style=\"height:3vmin;\"><svg xmlns=\"http:\/\/www.w3.org\/2000\/svg\" viewBox=\"0 0 64 8\" preserveAspectRatio=\"none\" width=\"100%\" height=\"100%\">\r\n\t<path fill=\"currentColor\" d=\"M64 8 L0 8 L0 0 L20 7.9 L40 3 L48 5 L64 0 Z\"\/>\r\n<\/svg><\/div><div class=\"l-section-h i-cf\"><div class=\"g-cols vc_row via_flex valign_top type_default stacking_default\"><div class=\"vc_col-sm-12 wpb_column vc_column_container\"><div class=\"vc_column-inner\"><div class=\"wpb_wrapper\"><div class=\"wpb_text_column\"><div class=\"wpb_wrapper\"><h2>Bilhetes e pre\u00e7os do Festival Antonio Mairena 2026<\/h2>\n<p>A informa\u00e7\u00e3o publicada pelos organismos oficiais indica pre\u00e7os a partir de <strong>10 euros<\/strong>. Para a Gala do Festival foram anunciadas modalidades de bilhete n\u00e3o numerado e numerado, enquanto alguns eventos das primeiras jornadas s\u00e3o gratuitos at\u00e9 ser atingida a lota\u00e7\u00e3o.<\/p>\n<p>Entre os pre\u00e7os divulgados para a edi\u00e7\u00e3o de 2026 encontram-se:<\/p>\n<ul>\n<li><strong>Flamenkedada:<\/strong> 10 \u20ac.<\/li>\n<li><strong>Flamenco Patrimonio:<\/strong> 10 \u20ac.<\/li>\n<li><strong>Gala do Festival:<\/strong> 15 \u20ac na modalidade n\u00e3o numerada e 20 \u20ac na modalidade numerada, segundo a informa\u00e7\u00e3o publicada.<\/li>\n<li><strong>Passes combinados:<\/strong> existem op\u00e7\u00f5es que incluem v\u00e1rias das atividades pagas.<\/li>\n<\/ul>\n<p>A organiza\u00e7\u00e3o canaliza a venda atrav\u00e9s do <strong>site oficial do festival<\/strong>, da plataforma <strong>Giglon<\/strong> e dos pontos de venda presencial comunicados pela C\u00e2mara Municipal de Mairena del Alcor. No momento da consulta da programa\u00e7\u00e3o, o espet\u00e1culo <em>Flamenco Patrimonio<\/em> aparece no site oficial com venda dispon\u00edvel apenas na bilheteira.<\/p>\n<p>Como a disponibilidade pode mudar rapidamente nos \u00faltimos dias, conv\u00e9m consultar o canal oficial antes de se deslocar e n\u00e3o dar como garantida a venda \u00e0 porta.<\/p>\n<\/div><\/div><div class=\"w-separator size_medium\"><\/div><div class=\"w-hwrapper valign_top wrap stack_on_mobiles align_center\" style=\"--hwrapper-gap:1.2rem\"><div class=\"w-btn-wrapper align_none\"><a class=\"w-btn us-btn-style_1\" href=\"https:\/\/festivalmairena.com\/\"><span class=\"w-btn-label\">Consultar bilhetes do Festival<\/span><\/a><\/div><\/div><\/div><\/div><\/div><\/div><\/div><\/section><section class=\"l-section wpb_row height_huge\"><div class=\"l-section-h i-cf\"><div class=\"g-cols vc_row via_flex valign_top type_default stacking_default\"><div class=\"vc_col-sm-6 wpb_column vc_column_container\"><div class=\"vc_column-inner\"><div class=\"wpb_wrapper\"><div class=\"wpb_text_column\"><div class=\"wpb_wrapper\"><h2>Flamenkedada: o pr\u00f3logo de 28 de agosto<\/h2>\n<p>Embora as datas oficiais do 65.\u00ba Festival sejam de 1 a 5 de setembro, a programa\u00e7\u00e3o do projeto inclui alguns dias antes a <strong>Flamenkedada<\/strong>, prevista para <strong>28 de agosto<\/strong> no Auditorio Municipal Manuel Mairena.<\/p>\n<p>A iniciativa alarga o quadro tradicional do festival a propostas de <strong>flamenco fusion<\/strong> e procura ligar-se especialmente a p\u00fablicos jovens. A edi\u00e7\u00e3o de 2026 anuncia <strong>Gonzalo Alhambra e Cristian de Moret<\/strong> e tem bilhetes a partir de 10 euros.<\/p>\n<p>Para quem queira viver o ambiente flamenco de Mairena antes do programa principal, este encontro funciona como uma verdadeira abertura informal da semana.<\/p>\n<\/div><\/div><\/div><\/div><\/div><div class=\"vc_col-sm-6 wpb_column vc_column_container\"><div class=\"vc_column-inner\"><div class=\"wpb_wrapper\"><div class=\"wpb_text_column\"><div class=\"wpb_wrapper\"><h2>Tr\u00eas espa\u00e7os para uma semana flamenca<\/h2>\n<p>O festival n\u00e3o se concentra num \u00fanico recinto. Esta distribui\u00e7\u00e3o permite combinar patrim\u00f3nio, teatro e formatos de maior dimens\u00e3o ao ar livre ou em audit\u00f3rio.<\/p>\n<p><strong>Casa Palacio de los Duques de Arcos.<\/strong> \u00c9 um dos espa\u00e7os hist\u00f3ricos de refer\u00eancia em Mairena del Alcor e recebe a inaugura\u00e7\u00e3o, confer\u00eancias, encontros e recitais de formato mais intimista.<\/p>\n<p><strong>Teatro Municipal Calixto S\u00e1nchez.<\/strong> Recebe o espet\u00e1culo do Ballet Flamenco de Andaluc\u00eda e a masterclass de dan\u00e7a.<\/p>\n<p><strong>Auditorio Municipal Manuel Mairena.<\/strong> \u00c9 o palco das noites de maior lota\u00e7\u00e3o, incluindo o Concurso Nacional e a Gala final.<\/p>\n<p>Se pretender acompanhar v\u00e1rias atividades durante a semana, \u00e9 recomend\u00e1vel verificar antecipadamente o recinto de cada jornada, pois os hor\u00e1rios e locais mudam de um dia para o outro.<\/p>\n<\/div><\/div><\/div><\/div><\/div><\/div><\/div><\/section><section class=\"l-section wpb_row height_huge color_alternate with_shape\"><div class=\"l-section-shape type_zigzag pos_top hor_flip\" style=\"height:3vmin;\"><svg xmlns=\"http:\/\/www.w3.org\/2000\/svg\" viewBox=\"0 0 64 8\" preserveAspectRatio=\"none\" width=\"100%\" height=\"100%\">\r\n\t<path fill=\"currentColor\" d=\"M64 8 L0 8 L0 0 L20 7.9 L40 3 L48 5 L64 0 Z\"\/>\r\n<\/svg><\/div><div class=\"l-section-shape type_zigzag pos_bottom\" style=\"height:3vmin;\"><svg xmlns=\"http:\/\/www.w3.org\/2000\/svg\" viewBox=\"0 0 64 8\" preserveAspectRatio=\"none\" width=\"100%\" height=\"100%\">\r\n\t<path fill=\"currentColor\" d=\"M64 8 L0 8 L0 0 L20 7.9 L40 3 L48 5 L64 0 Z\"\/>\r\n<\/svg><\/div><div class=\"l-section-h i-cf\"><div class=\"g-cols vc_row via_flex valign_top type_default stacking_default\"><div class=\"vc_col-sm-12 wpb_column vc_column_container\"><div class=\"vc_column-inner\"><div class=\"wpb_wrapper\"><div class=\"wpb_text_column\"><div class=\"wpb_wrapper\"><h2>Porque o Festival de Cante Jondo Antonio Mairena \u00e9 um encontro hist\u00f3rico<\/h2>\n<p>A origem do festival remonta a <strong>1962<\/strong>. Segundo a hist\u00f3ria divulgada pela organiza\u00e7\u00e3o, nasceu como um evento beneficente impulsionado por <strong>Antonio Mairena<\/strong> em colabora\u00e7\u00e3o com o p\u00e1roco da localidade e depressa contou tamb\u00e9m com o apoio da C\u00e2mara Municipal.<\/p>\n<p>Desde ent\u00e3o, o nome de Mairena del Alcor ficou ligado a um dos encontros flamencos de maior continuidade hist\u00f3rica. O festival n\u00e3o se limita a programar espet\u00e1culos: a sua estrutura combina cante, investiga\u00e7\u00e3o e divulga\u00e7\u00e3o, reconhecimento de figuras veteranas, novas gera\u00e7\u00f5es, guitarra, dan\u00e7a e o Concurso Nacional.<\/p>\n<p>A figura de Antonio Mairena \u00e9 insepar\u00e1vel desta identidade. O cantaor de Mairena foi uma das grandes refer\u00eancias do cante do s\u00e9culo XX e recebeu em 1962 a <strong>III Llave de Oro del Cante<\/strong>. A sua influ\u00eancia art\u00edstica e o seu trabalho de recupera\u00e7\u00e3o e organiza\u00e7\u00e3o de repert\u00f3rios marcaram grande parte do debate flamenco da sua \u00e9poca.<\/p>\n<p>O festival conserva essa liga\u00e7\u00e3o \u00e0 mem\u00f3ria, mas cada edi\u00e7\u00e3o incorpora artistas e formatos contempor\u00e2neos. A presen\u00e7a em 2026 de Jos\u00e9 Merc\u00e9, La Macanita, Roc\u00edo Luna, Diego del Morao, Farruquito ou do Ballet Flamenco de Andaluc\u00eda mostra precisamente esse di\u00e1logo entre tradi\u00e7\u00e3o, artistas consagrados e gera\u00e7\u00f5es mais recentes.<\/p>\n<\/div><\/div><\/div><\/div><\/div><\/div><\/div><\/section><section class=\"l-section wpb_row height_huge\"><div class=\"l-section-h i-cf\"><div class=\"g-cols vc_row via_flex valign_top type_default stacking_default\"><div class=\"vc_col-sm-12 wpb_column vc_column_container\"><div class=\"vc_column-inner\"><div class=\"wpb_wrapper\"><div class=\"wpb_text_column\"><div class=\"wpb_wrapper\"><h2>Como combinar o Festival de Mairena com uma visita flamenca a Sevilha<\/h2>\n<p>Mairena del Alcor encontra-se na prov\u00edncia de Sevilha e o festival coincide com uma \u00e9poca especialmente intensa para o flamenco da regi\u00e3o. Para um visitante que passe v\u00e1rios dias em Sevilha, a programa\u00e7\u00e3o de Mairena pode tornar-se uma excurs\u00e3o noturna e combinar-se com outros espet\u00e1culos e experi\u00eancias flamencas na capital.<\/p>\n<p>A chave \u00e9 n\u00e3o tratar todas as jornadas da mesma forma. Os recitais da Casa Palacio oferecem um ambiente diferente do Concurso Nacional ou da Gala final, enquanto Sevilha mant\u00e9m uma oferta di\u00e1ria de tablaos que permite completar a viagem nas noites em que n\u00e3o se v\u00e1 ao festival ou quando um determinado espet\u00e1culo esteja esgotado.<\/p>\n<p>Em Tablaos Flamencos pode consultar e comparar espet\u00e1culos dispon\u00edveis em Sevilha para organizar o resto da estadia.<\/p>\n<\/div><\/div><div class=\"w-separator size_medium\"><\/div><div class=\"w-hwrapper valign_top wrap stack_on_mobiles align_center\" style=\"--hwrapper-gap:1.2rem\"><div class=\"w-btn-wrapper align_none\"><a class=\"w-btn us-btn-style_1\" href=\"https:\/\/www.tablaosflamencos.com\/pt-pt\/flamenco-em-sevilha\"><span class=\"w-btn-label\">Ver flamenco em Sevilha<\/span><\/a><\/div><\/div><\/div><\/div><\/div><\/div><\/div><\/section><section class=\"l-section wpb_row height_huge color_alternate with_shape\"><div class=\"l-section-shape type_zigzag pos_top hor_flip\" style=\"height:3vmin;\"><svg xmlns=\"http:\/\/www.w3.org\/2000\/svg\" viewBox=\"0 0 64 8\" preserveAspectRatio=\"none\" width=\"100%\" height=\"100%\">\r\n\t<path fill=\"currentColor\" d=\"M64 8 L0 8 L0 0 L20 7.9 L40 3 L48 5 L64 0 Z\"\/>\r\n<\/svg><\/div><div class=\"l-section-shape type_zigzag pos_bottom\" style=\"height:3vmin;\"><svg xmlns=\"http:\/\/www.w3.org\/2000\/svg\" viewBox=\"0 0 64 8\" preserveAspectRatio=\"none\" width=\"100%\" height=\"100%\">\r\n\t<path fill=\"currentColor\" d=\"M64 8 L0 8 L0 0 L20 7.9 L40 3 L48 5 L64 0 Z\"\/>\r\n<\/svg><\/div><div class=\"l-section-h i-cf\"><div class=\"g-cols vc_row via_flex valign_top type_default stacking_default\"><div class=\"vc_col-sm-1\/5 wpb_column vc_column_container\"><div class=\"vc_column-inner\"><div class=\"wpb_wrapper\"><\/div><\/div><\/div><div class=\"vc_col-sm-3\/5 wpb_column vc_column_container\"><div class=\"vc_column-inner\"><div class=\"wpb_wrapper\"><div class=\"wpb_text_column\"><div class=\"wpb_wrapper\"><h2>Perguntas frequentes sobre o Festival Antonio Mairena 2026<\/h2>\n<\/div><\/div><div class=\"w-separator size_medium\"><\/div><div class=\"w-tabs accordion toggle_style_1 has_scrolling\" style=\"--sections-title-size:inherit;--sections-gap:0.5rem;\"><div class=\"w-tabs-sections titles-align_none icon_plus cpos_left\"><div class=\"w-tabs-section\" id=\"ve35\" itemscope itemprop=\"mainEntity\" itemtype=\"https:\/\/schema.org\/Question\"><button type=\"button\" class=\"w-tabs-section-header\" aria-controls=\"content-ve35\" aria-expanded=\"false\"><h3 class=\"w-tabs-section-title\" itemprop=\"name\">Quando se realiza o Festival de Cante Jondo Antonio Mairena 2026?<\/h3><div class=\"w-tabs-section-control\"><\/div><\/button><div  class=\"w-tabs-section-content\" id=\"content-ve35\" itemscope itemprop=\"acceptedAnswer\" itemtype=\"https:\/\/schema.org\/Answer\"><div class=\"w-tabs-section-content-h i-cf\" itemprop=\"text\"><div class=\"wpb_text_column\"><div class=\"wpb_wrapper\"><p>O 65.\u00ba Festival de Cante Jondo Antonio Mairena realiza-se de 1 a 5 de setembro de 2026 em Mairena del Alcor, Sevilha. A Flamenkedada est\u00e1 programada previamente, a 28 de agosto, como antec\u00e2mara do festival.<\/p>\n<\/div><\/div><\/div><\/div><\/div><div class=\"w-tabs-section\" id=\"cf2f\" itemscope itemprop=\"mainEntity\" itemtype=\"https:\/\/schema.org\/Question\"><button type=\"button\" class=\"w-tabs-section-header\" aria-controls=\"content-cf2f\" aria-expanded=\"false\"><h3 class=\"w-tabs-section-title\" itemprop=\"name\">Quem atua na Gala do Festival Antonio Mairena 2026?<\/h3><div class=\"w-tabs-section-control\"><\/div><\/button><div  class=\"w-tabs-section-content\" id=\"content-cf2f\" itemscope itemprop=\"acceptedAnswer\" itemtype=\"https:\/\/schema.org\/Answer\"><div class=\"w-tabs-section-content-h i-cf\" itemprop=\"text\"><div class=\"wpb_text_column\"><div class=\"wpb_wrapper\"><p>A gala de 5 de setembro re\u00fane no cante Jos\u00e9 Merc\u00e9, La Macanita, Juan de Mairena e Roc\u00edo Luna. A dan\u00e7a ser\u00e1 protagonizada por Farruquito, acompanhado pelo seu grupo, e participam tamb\u00e9m Antonio Higuero, Manuel Valencia e Francisco G\u00f3mez nas guitarras.<\/p>\n<\/div><\/div><\/div><\/div><\/div><div class=\"w-tabs-section\" id=\"b00d\" itemscope itemprop=\"mainEntity\" itemtype=\"https:\/\/schema.org\/Question\"><button type=\"button\" class=\"w-tabs-section-header\" aria-controls=\"content-b00d\" aria-expanded=\"false\"><h3 class=\"w-tabs-section-title\" itemprop=\"name\">Quanto custam os bilhetes?<\/h3><div class=\"w-tabs-section-control\"><\/div><\/button><div  class=\"w-tabs-section-content\" id=\"content-b00d\" itemscope itemprop=\"acceptedAnswer\" itemtype=\"https:\/\/schema.org\/Answer\"><div class=\"w-tabs-section-content-h i-cf\" itemprop=\"text\"><div class=\"wpb_text_column\"><div class=\"wpb_wrapper\"><p>H\u00e1 atividades gratuitas e espet\u00e1culos pagos. Os pre\u00e7os publicados come\u00e7am nos 10 euros. Para a Gala foram divulgadas modalidades de 15 euros sem lugar numerado e 20 euros com lugar numerado, al\u00e9m de passes combinados. Conv\u00e9m verificar o pre\u00e7o em vigor e eventuais despesas de gest\u00e3o no canal oficial antes de comprar.<\/p>\n<\/div><\/div><\/div><\/div><\/div><div class=\"w-tabs-section\" id=\"u0f3\" itemscope itemprop=\"mainEntity\" itemtype=\"https:\/\/schema.org\/Question\"><button type=\"button\" class=\"w-tabs-section-header\" aria-controls=\"content-u0f3\" aria-expanded=\"false\"><h3 class=\"w-tabs-section-title\" itemprop=\"name\">Onde se compram os bilhetes para o Festival de Mairena?<\/h3><div class=\"w-tabs-section-control\"><\/div><\/button><div  class=\"w-tabs-section-content\" id=\"content-u0f3\" itemscope itemprop=\"acceptedAnswer\" itemtype=\"https:\/\/schema.org\/Answer\"><div class=\"w-tabs-section-content-h i-cf\" itemprop=\"text\"><div class=\"wpb_text_column\"><div class=\"wpb_wrapper\"><p>A organiza\u00e7\u00e3o remete para o seu site oficial, para a plataforma Giglon e para os pontos de venda presencial comunicados pela C\u00e2mara Municipal de Mairena del Alcor. Algumas atividades podem ter condi\u00e7\u00f5es de venda espec\u00edficas ou entrada livre at\u00e9 ser atingida a lota\u00e7\u00e3o.<\/p>\n<\/div><\/div><\/div><\/div><\/div><div class=\"w-tabs-section\" id=\"d1c8\" itemscope itemprop=\"mainEntity\" itemtype=\"https:\/\/schema.org\/Question\"><button type=\"button\" class=\"w-tabs-section-header\" aria-controls=\"content-d1c8\" aria-expanded=\"false\"><h3 class=\"w-tabs-section-title\" itemprop=\"name\">Onde se realiza o festival?<\/h3><div class=\"w-tabs-section-control\"><\/div><\/button><div  class=\"w-tabs-section-content\" id=\"content-d1c8\" itemscope itemprop=\"acceptedAnswer\" itemtype=\"https:\/\/schema.org\/Answer\"><div class=\"w-tabs-section-content-h i-cf\" itemprop=\"text\"><div class=\"wpb_text_column\"><div class=\"wpb_wrapper\"><p>A programa\u00e7\u00e3o utiliza v\u00e1rios espa\u00e7os de Mairena del Alcor: a Casa Palacio de los Duques de Arcos, o Teatro Municipal Calixto S\u00e1nchez e o Auditorio Municipal Manuel Mairena. \u00c9 importante verificar o recinto espec\u00edfico de cada atividade.<\/p>\n<\/div><\/div><\/div><\/div><\/div><div class=\"w-tabs-section\" id=\"e28d\" itemscope itemprop=\"mainEntity\" itemtype=\"https:\/\/schema.org\/Question\"><button type=\"button\" class=\"w-tabs-section-header\" aria-controls=\"content-e28d\" aria-expanded=\"false\"><h3 class=\"w-tabs-section-title\" itemprop=\"name\">A quem \u00e9 dedicado o festival em 2026?<\/h3><div class=\"w-tabs-section-control\"><\/div><\/button><div  class=\"w-tabs-section-content\" id=\"content-e28d\" itemscope itemprop=\"acceptedAnswer\" itemtype=\"https:\/\/schema.org\/Answer\"><div class=\"w-tabs-section-content-h i-cf\" itemprop=\"text\"><div class=\"wpb_text_column\"><div class=\"wpb_wrapper\"><p>A 65.\u00aa edi\u00e7\u00e3o \u00e9 dedicada ao cantaor Diego Clavel. Al\u00e9m disso, o Concurso Nacional de 4 de setembro presta homenagem a Aurora Vargas.<\/p>\n<\/div><\/div><\/div><\/div><\/div><\/div><\/div><\/div><\/div><\/div><div class=\"vc_col-sm-1\/5 wpb_column vc_column_container\"><div class=\"vc_column-inner\"><div class=\"wpb_wrapper\"><\/div><\/div><\/div><\/div><\/div><\/section><section class=\"l-section wpb_row height_huge\"><div class=\"l-section-h i-cf\"><div class=\"g-cols vc_row via_flex valign_top type_default stacking_default\"><div class=\"vc_col-sm-12 wpb_column vc_column_container\"><div class=\"vc_column-inner\"><div class=\"wpb_wrapper\"><div class=\"wpb_text_column\"><div class=\"wpb_wrapper\"><h2>Uma semana para viver Mairena a partir de diferentes perspetivas<\/h2>\n<p>O Festival de Cante Jondo Antonio Mairena chega \u00e0 sua 65.\u00aa edi\u00e7\u00e3o com uma programa\u00e7\u00e3o que evita reduzir o flamenco a uma \u00fanica f\u00f3rmula. H\u00e1 cante de concerto, guitarra a solo, dan\u00e7a, cria\u00e7\u00e3o institucional, forma\u00e7\u00e3o, mem\u00f3ria oral, concurso e uma gala com grandes nomes.<\/p>\n<p>Para quem procura um dos grandes encontros flamencos de setembro na Andaluzia, <strong>Mairena del Alcor oferece cinco dias especialmente intensos de 1 a 5 de setembro de 2026<\/strong>. A combina\u00e7\u00e3o de espa\u00e7os hist\u00f3ricos, artistas consagrados e continuidade com uma tradi\u00e7\u00e3o iniciada em 1962 explica por que raz\u00e3o o festival continua a ser uma refer\u00eancia no calend\u00e1rio flamenco espanhol.<\/p>\n<\/div><\/div><\/div><\/div><\/div><\/div><\/div><\/section><section class=\"l-section wpb_row height_huge color_alternate with_shape\"><div class=\"l-section-shape type_zigzag pos_top hor_flip\" style=\"height:3vmin;\"><svg xmlns=\"http:\/\/www.w3.org\/2000\/svg\" viewBox=\"0 0 64 8\" preserveAspectRatio=\"none\" width=\"100%\" height=\"100%\">\r\n\t<path fill=\"currentColor\" d=\"M64 8 L0 8 L0 0 L20 7.9 L40 3 L48 5 L64 0 Z\"\/>\r\n<\/svg><\/div><div class=\"l-section-shape type_zigzag pos_bottom\" style=\"height:3vmin;\"><svg xmlns=\"http:\/\/www.w3.org\/2000\/svg\" viewBox=\"0 0 64 8\" preserveAspectRatio=\"none\" width=\"100%\" height=\"100%\">\r\n\t<path fill=\"currentColor\" d=\"M64 8 L0 8 L0 0 L20 7.9 L40 3 L48 5 L64 0 Z\"\/>\r\n<\/svg><\/div><div class=\"l-section-h i-cf\"><div class=\"g-cols vc_row via_flex valign_top type_default stacking_default\"><div class=\"vc_col-sm-12 wpb_column vc_column_container\"><div class=\"vc_column-inner\"><div class=\"wpb_wrapper\"><div class=\"wpb_text_column\"><div class=\"wpb_wrapper\"><h2>Fontes e atualiza\u00e7\u00e3o<\/h2>\n<p>Para elaborar este guia, cruz\u00e1mos a informa\u00e7\u00e3o publicada pela organiza\u00e7\u00e3o do Festival, pela C\u00e2mara Municipal de Mairena del Alcor, pela Agenda Cultural da Andaluzia e pelo Turismo da Prov\u00edncia de Sevilha.<\/p>\n<ul>\n<li><a href=\"https:\/\/festivalmairena.com\/\" target=\"_blank\" rel=\"noopener\">Festival de Cante Jondo Antonio Mairena \u2014 site oficial<\/a>.<\/li>\n<li><a href=\"https:\/\/www.mairenadelalcor.es\/es\/ayuntamiento\/taquillaonline\/\" target=\"_blank\" rel=\"noopener\">C\u00e2mara Municipal de Mairena del Alcor \u2014 bilheteira online<\/a>.<\/li>\n<li><a href=\"https:\/\/www.juntadeandalucia.es\/cultura\/agendaculturaldeandalucia\/evento\/lxv-festival-de-cante-jondo-antonio-mairena-en-mairena-del-alcor\" target=\"_blank\" rel=\"noopener\">Agenda Cultural da Andaluzia \u2014 65.\u00ba Festival<\/a>.<\/li>\n<li><a href=\"https:\/\/turismosevilla.org\/es\/eventos-y-fiestas\/lxv-festival-de-cante-jondo-antonio-mairena\" target=\"_blank\" rel=\"noopener\">Turismo da Prov\u00edncia de Sevilha \u2014 Festival Antonio Mairena 2026<\/a>.<\/li>\n<\/ul>\n<p><small>Informa\u00e7\u00e3o revista em 31 de agosto de 2026. A programa\u00e7\u00e3o, os pre\u00e7os, os hor\u00e1rios e as condi\u00e7\u00f5es de acesso podem ser alterados pela organiza\u00e7\u00e3o.<\/small><\/p>\n<\/div><\/div><\/div><\/div><\/div><\/div><\/div><\/section>\n","protected":false},"excerpt":{"rendered":"<p>Guia do Festival de Cante Jondo Antonio Mairena 2026: programa completo, artistas, hor\u00e1rios, Concurso Nacional, gala final, pre\u00e7os e bilhetes de 1 a 5 de setembro.<\/p>\n","protected":false},"author":1,"featured_media":13661,"comment_status":"closed","ping_status":"closed","sticky":false,"template":"","format":"standard","meta":{"_acf_changed":false,"wpai_generated_summary":"","_ayudawp_aiss_exclude":false,"_ayudawp_aiss_exclude_summary":false,"_ayudawp_aiss_summary":"","_ayudawp_aiss_summary_provider":"","_ayudawp_aiss_summary_hash":"","footnotes":""},"categories":[1671],"tags":[1727,1405,1258,1188],"class_list":["post-13670","post","type-post","status-publish","format-standard","has-post-thumbnail","hentry","category-festivais-flamenco","tag-artistas-de-flamenco","tag-cante-flamenco-pt","tag-festivales-flamencos","tag-flamenco-en-sevilla"],"acf":[],"yoast_head":"<!-- This site is optimized with the Yoast SEO Premium plugin v28.3 (Yoast SEO v28.3) - https:\/\/yoast.com\/product\/yoast-seo-premium-wordpress\/ -->\n<title>Festival Antonio Mairena 2026: programa e bilhetes<\/title>\n<meta name=\"description\" content=\"Programa do Festival de Cante Jondo Antonio Mairena 2026: datas, artistas, hor\u00e1rios, Concurso Nacional, gala, pre\u00e7os e bilhetes de 1 a 5 de setembro.\" \/>\n<meta name=\"robots\" content=\"index, follow, max-snippet:-1, max-image-preview:large, max-video-preview:-1\" \/>\n<link rel=\"canonical\" href=\"https:\/\/www.tablaosflamencos.com\/pt-pt\/festival-cante-jondo-antonio-mairena-2026.html\" \/>\n<meta property=\"og:locale\" content=\"pt_PT\" \/>\n<meta property=\"og:type\" content=\"article\" \/>\n<meta property=\"og:title\" content=\"Festival de Cante Jondo Antonio Mairena 2026: programa, artistas, datas e bilhetes\" \/>\n<meta property=\"og:description\" content=\"Programa do Festival de Cante Jondo Antonio Mairena 2026: datas, artistas, hor\u00e1rios, Concurso Nacional, gala, pre\u00e7os e bilhetes de 1 a 5 de setembro.\" \/>\n<meta property=\"og:url\" content=\"https:\/\/www.tablaosflamencos.com\/pt-pt\/festival-cante-jondo-antonio-mairena-2026.html\" \/>\n<meta property=\"og:site_name\" content=\"Tablaos Flamencos\" \/>\n<meta property=\"article:publisher\" content=\"https:\/\/www.facebook.com\/tablaosflamencos\" \/>\n<meta property=\"article:published_time\" content=\"2026-08-31T16:07:57+00:00\" \/>\n<meta property=\"article:modified_time\" content=\"2026-08-31T16:26:55+00:00\" \/>\n<meta property=\"og:image\" content=\"https:\/\/www.tablaosflamencos.com\/wp-content\/uploads\/festival-de-cante-jondo-antonio-mairena-2026-programa-artistas-fechas-y-entradas-01.webp\" \/>\n\t<meta property=\"og:image:width\" content=\"1477\" \/>\n\t<meta property=\"og:image:height\" content=\"1920\" \/>\n\t<meta property=\"og:image:type\" content=\"image\/webp\" \/>\n<meta name=\"author\" content=\"Miguel Ortiz\" \/>\n<meta name=\"twitter:card\" content=\"summary_large_image\" \/>\n<meta name=\"twitter:creator\" content=\"@tablaosflamenco\" \/>\n<meta name=\"twitter:site\" content=\"@tablaosflamenco\" \/>\n<meta name=\"twitter:label1\" content=\"Escrito por\" \/>\n\t<meta name=\"twitter:data1\" content=\"Miguel Ortiz\" \/>\n\t<meta name=\"twitter:label2\" content=\"Tempo estimado de leitura\" \/>\n\t<meta name=\"twitter:data2\" content=\"14 minutos\" \/>\n<script type=\"application\/ld+json\" class=\"yoast-schema-graph\">{\"@context\":\"https:\\\/\\\/schema.org\",\"@graph\":[{\"@type\":\"Article\",\"@id\":\"https:\\\/\\\/www.tablaosflamencos.com\\\/pt-pt\\\/festival-cante-jondo-antonio-mairena-2026.html#article\",\"isPartOf\":{\"@id\":\"https:\\\/\\\/www.tablaosflamencos.com\\\/pt-pt\\\/festival-cante-jondo-antonio-mairena-2026.html\"},\"author\":{\"name\":\"Miguel Ortiz\",\"@id\":\"https:\\\/\\\/www.tablaosflamencos.com\\\/pt-pt#\\\/schema\\\/person\\\/e7a9ebe14eb75a52ceabfbffb3c54f5d\"},\"headline\":\"Festival de Cante Jondo Antonio Mairena 2026: programa, artistas, datas e bilhetes\",\"datePublished\":\"2026-08-31T16:07:57+00:00\",\"dateModified\":\"2026-08-31T16:26:55+00:00\",\"mainEntityOfPage\":{\"@id\":\"https:\\\/\\\/www.tablaosflamencos.com\\\/pt-pt\\\/festival-cante-jondo-antonio-mairena-2026.html\"},\"wordCount\":2732,\"publisher\":{\"@id\":\"https:\\\/\\\/www.tablaosflamencos.com\\\/pt-pt#organization\"},\"image\":{\"@id\":\"https:\\\/\\\/www.tablaosflamencos.com\\\/pt-pt\\\/festival-cante-jondo-antonio-mairena-2026.html#primaryimage\"},\"thumbnailUrl\":\"https:\\\/\\\/www.tablaosflamencos.com\\\/wp-content\\\/uploads\\\/festival-de-cante-jondo-antonio-mairena-2026-programa-artistas-fechas-y-entradas-01.webp\",\"keywords\":[\"artistas de flamenco\",\"cante flamenco\",\"festivales flamencos\",\"flamenco en Sevilla\"],\"articleSection\":[\"Festivais de flamenco\"],\"inLanguage\":\"pt-PT\"},{\"@type\":\"WebPage\",\"@id\":\"https:\\\/\\\/www.tablaosflamencos.com\\\/pt-pt\\\/festival-cante-jondo-antonio-mairena-2026.html\",\"url\":\"https:\\\/\\\/www.tablaosflamencos.com\\\/pt-pt\\\/festival-cante-jondo-antonio-mairena-2026.html\",\"name\":\"Festival Antonio Mairena 2026: programa e bilhetes\",\"isPartOf\":{\"@id\":\"https:\\\/\\\/www.tablaosflamencos.com\\\/pt-pt#website\"},\"primaryImageOfPage\":{\"@id\":\"https:\\\/\\\/www.tablaosflamencos.com\\\/pt-pt\\\/festival-cante-jondo-antonio-mairena-2026.html#primaryimage\"},\"image\":{\"@id\":\"https:\\\/\\\/www.tablaosflamencos.com\\\/pt-pt\\\/festival-cante-jondo-antonio-mairena-2026.html#primaryimage\"},\"thumbnailUrl\":\"https:\\\/\\\/www.tablaosflamencos.com\\\/wp-content\\\/uploads\\\/festival-de-cante-jondo-antonio-mairena-2026-programa-artistas-fechas-y-entradas-01.webp\",\"datePublished\":\"2026-08-31T16:07:57+00:00\",\"dateModified\":\"2026-08-31T16:26:55+00:00\",\"description\":\"Programa do Festival de Cante Jondo Antonio Mairena 2026: datas, artistas, hor\u00e1rios, Concurso Nacional, gala, pre\u00e7os e bilhetes de 1 a 5 de setembro.\",\"breadcrumb\":{\"@id\":\"https:\\\/\\\/www.tablaosflamencos.com\\\/pt-pt\\\/festival-cante-jondo-antonio-mairena-2026.html#breadcrumb\"},\"inLanguage\":\"pt-PT\",\"potentialAction\":[{\"@type\":\"ReadAction\",\"target\":[\"https:\\\/\\\/www.tablaosflamencos.com\\\/pt-pt\\\/festival-cante-jondo-antonio-mairena-2026.html\"]}]},{\"@type\":\"ImageObject\",\"inLanguage\":\"pt-PT\",\"@id\":\"https:\\\/\\\/www.tablaosflamencos.com\\\/pt-pt\\\/festival-cante-jondo-antonio-mairena-2026.html#primaryimage\",\"url\":\"https:\\\/\\\/www.tablaosflamencos.com\\\/wp-content\\\/uploads\\\/festival-de-cante-jondo-antonio-mairena-2026-programa-artistas-fechas-y-entradas-01.webp\",\"contentUrl\":\"https:\\\/\\\/www.tablaosflamencos.com\\\/wp-content\\\/uploads\\\/festival-de-cante-jondo-antonio-mairena-2026-programa-artistas-fechas-y-entradas-01.webp\",\"width\":1477,\"height\":1920,\"caption\":\"Festival de Cante Jondo Antonio Mairena 2026: programa, artistas, fechas y entradas\"},{\"@type\":\"BreadcrumbList\",\"@id\":\"https:\\\/\\\/www.tablaosflamencos.com\\\/pt-pt\\\/festival-cante-jondo-antonio-mairena-2026.html#breadcrumb\",\"itemListElement\":[{\"@type\":\"ListItem\",\"position\":1,\"name\":\"Home\",\"item\":\"https:\\\/\\\/www.tablaosflamencos.com\\\/pt-pt\"},{\"@type\":\"ListItem\",\"position\":2,\"name\":\"Festival de Cante Jondo Antonio Mairena 2026: programa, artistas, datas e bilhetes\"}]},{\"@type\":\"WebSite\",\"@id\":\"https:\\\/\\\/www.tablaosflamencos.com\\\/pt-pt#website\",\"url\":\"https:\\\/\\\/www.tablaosflamencos.com\\\/pt-pt\",\"name\":\"Tablaos Flamencos\",\"description\":\"Entradas para tablaos flamencos de Espa\u00f1a\",\"publisher\":{\"@id\":\"https:\\\/\\\/www.tablaosflamencos.com\\\/pt-pt#organization\"},\"alternateName\":\"Tablaos Flamencos\",\"potentialAction\":[{\"@type\":\"SearchAction\",\"target\":{\"@type\":\"EntryPoint\",\"urlTemplate\":\"https:\\\/\\\/www.tablaosflamencos.com\\\/pt-pt?s={search_term_string}\"},\"query-input\":{\"@type\":\"PropertyValueSpecification\",\"valueRequired\":true,\"valueName\":\"search_term_string\"}}],\"inLanguage\":\"pt-PT\"},{\"@type\":[\"Organization\",\"Place\",\"EntertainmentBusiness\"],\"@id\":\"https:\\\/\\\/www.tablaosflamencos.com\\\/pt-pt#organization\",\"name\":\"Tablaos Flamencos\",\"alternateName\":\"Tablaos Flamencos\",\"url\":\"https:\\\/\\\/www.tablaosflamencos.com\\\/pt-pt\",\"logo\":{\"@id\":\"https:\\\/\\\/www.tablaosflamencos.com\\\/pt-pt\\\/festival-cante-jondo-antonio-mairena-2026.html#local-main-organization-logo\"},\"image\":{\"@id\":\"https:\\\/\\\/www.tablaosflamencos.com\\\/pt-pt\\\/festival-cante-jondo-antonio-mairena-2026.html#local-main-organization-logo\"},\"sameAs\":[\"https:\\\/\\\/www.facebook.com\\\/tablaosflamencos\",\"https:\\\/\\\/x.com\\\/tablaosflamenco\",\"https:\\\/\\\/mastodon.social\\\/@tablaosflamencos\",\"https:\\\/\\\/www.instagram.com\\\/tablaosflamencos\",\"https:\\\/\\\/tiktok.com\\\/@tablaosflamencos\",\"https:\\\/\\\/www.linkedin.com\\\/company\\\/109408238\\\/\"],\"description\":\"Venta de entradas para espect\u00e1culos flamencos\",\"legalName\":\"Tablaos Flamencos\",\"foundingDate\":\"2015-01-01\",\"numberOfEmployees\":{\"@type\":\"QuantitativeValue\",\"minValue\":\"1\",\"maxValue\":\"10\"},\"address\":{\"@id\":\"https:\\\/\\\/www.tablaosflamencos.com\\\/pt-pt\\\/festival-cante-jondo-antonio-mairena-2026.html#local-main-place-address\"},\"geo\":{\"@type\":\"GeoCoordinates\",\"latitude\":\"37.3868072\",\"longitude\":\"-5.993280299999999\"},\"telephone\":[\"+34623787787\"],\"contactPoint\":{\"@type\":\"ContactPoint\",\"telephone\":\"+34623787787\",\"email\":\"info@tablaosflamencos.com\"},\"openingHoursSpecification\":{\"@type\":\"OpeningHoursSpecification\",\"dayOfWeek\":[\"Monday\",\"Tuesday\",\"Wednesday\",\"Thursday\",\"Friday\",\"Saturday\",\"Sunday\"],\"opens\":\"00:00\",\"closes\":\"23:59\"},\"email\":\"info@tablaosflamencos.com\",\"priceRange\":\"$$$\",\"currenciesAccepted\":\"\u20ac\"},{\"@type\":\"Person\",\"@id\":\"https:\\\/\\\/www.tablaosflamencos.com\\\/pt-pt#\\\/schema\\\/person\\\/e7a9ebe14eb75a52ceabfbffb3c54f5d\",\"name\":\"Miguel Ortiz\",\"description\":\"Miguel Ortiz es un empresario flamenco, con una s\u00f3lida trayectoria dentro del sector. Ha presidido entidades culturales vinculadas al flamenco y, cuenta con un amplio recorrido profesional en la gesti\u00f3n y promoci\u00f3n de espect\u00e1culos y tablaos flamencos. Su pasi\u00f3n por la historia y el arte flamenco se refleja en cada art\u00edculo, donde combina experiencia, criterio y un profundo respeto por la tradici\u00f3n.\",\"sameAs\":[\"https:\\\/\\\/www.tablaosflamencos.com\",\"https:\\\/\\\/www.instagra.com\\\/miguelortizfe\",\"https:\\\/\\\/www.linkedin.com\\\/in\\\/miguelortizf\\\/\"],\"birthDate\":\"1984-11-22\",\"gender\":\"hombre\",\"knowsLanguage\":[\"espa\u00f1ol\",\"ingl\u00e9s\"],\"jobTitle\":\"Empresario flamenco\"},{\"@type\":\"PostalAddress\",\"@id\":\"https:\\\/\\\/www.tablaosflamencos.com\\\/pt-pt\\\/festival-cante-jondo-antonio-mairena-2026.html#local-main-place-address\",\"streetAddress\":\"C\\\/ Alemanes, 19\",\"addressLocality\":\"Sevilla\",\"postalCode\":\"41004\",\"addressRegion\":\"Sevilla\",\"addressCountry\":\"ES\"},{\"@type\":\"ImageObject\",\"inLanguage\":\"pt-PT\",\"@id\":\"https:\\\/\\\/www.tablaosflamencos.com\\\/pt-pt\\\/festival-cante-jondo-antonio-mairena-2026.html#local-main-organization-logo\",\"url\":\"https:\\\/\\\/www.tablaosflamencos.com\\\/wp-content\\\/uploads\\\/tablaos-flamencos-06-3.webp\",\"contentUrl\":\"https:\\\/\\\/www.tablaosflamencos.com\\\/wp-content\\\/uploads\\\/tablaos-flamencos-06-3.webp\",\"width\":600,\"height\":620,\"caption\":\"Tablaos Flamencos\"}]}<\/script>\n<meta name=\"geo.placename\" content=\"Sevilla\" \/>\n<meta name=\"geo.position\" content=\"37.3868072;-5.993280299999999\" \/>\n<meta name=\"geo.region\" content=\"Espanha\" \/>\n<!-- \/ Yoast SEO Premium plugin. -->","yoast_head_json":{"title":"Festival Antonio Mairena 2026: programa e bilhetes","description":"Programa do Festival de Cante Jondo Antonio Mairena 2026: datas, artistas, hor\u00e1rios, Concurso Nacional, gala, pre\u00e7os e bilhetes de 1 a 5 de setembro.","robots":{"index":"index","follow":"follow","max-snippet":"max-snippet:-1","max-image-preview":"max-image-preview:large","max-video-preview":"max-video-preview:-1"},"canonical":"https:\/\/www.tablaosflamencos.com\/pt-pt\/festival-cante-jondo-antonio-mairena-2026.html","og_locale":"pt_PT","og_type":"article","og_title":"Festival de Cante Jondo Antonio Mairena 2026: programa, artistas, datas e bilhetes","og_description":"Programa do Festival de Cante Jondo Antonio Mairena 2026: datas, artistas, hor\u00e1rios, Concurso Nacional, gala, pre\u00e7os e bilhetes de 1 a 5 de setembro.","og_url":"https:\/\/www.tablaosflamencos.com\/pt-pt\/festival-cante-jondo-antonio-mairena-2026.html","og_site_name":"Tablaos Flamencos","article_publisher":"https:\/\/www.facebook.com\/tablaosflamencos","article_published_time":"2026-08-31T16:07:57+00:00","article_modified_time":"2026-08-31T16:26:55+00:00","og_image":[{"width":1477,"height":1920,"url":"https:\/\/www.tablaosflamencos.com\/wp-content\/uploads\/festival-de-cante-jondo-antonio-mairena-2026-programa-artistas-fechas-y-entradas-01.webp","type":"image\/webp"}],"author":"Miguel Ortiz","twitter_card":"summary_large_image","twitter_creator":"@tablaosflamenco","twitter_site":"@tablaosflamenco","twitter_misc":{"Escrito por":"Miguel Ortiz","Tempo estimado de leitura":"14 minutos"},"schema":{"@context":"https:\/\/schema.org","@graph":[{"@type":"Article","@id":"https:\/\/www.tablaosflamencos.com\/pt-pt\/festival-cante-jondo-antonio-mairena-2026.html#article","isPartOf":{"@id":"https:\/\/www.tablaosflamencos.com\/pt-pt\/festival-cante-jondo-antonio-mairena-2026.html"},"author":{"name":"Miguel Ortiz","@id":"https:\/\/www.tablaosflamencos.com\/pt-pt#\/schema\/person\/e7a9ebe14eb75a52ceabfbffb3c54f5d"},"headline":"Festival de Cante Jondo Antonio Mairena 2026: programa, artistas, datas e bilhetes","datePublished":"2026-08-31T16:07:57+00:00","dateModified":"2026-08-31T16:26:55+00:00","mainEntityOfPage":{"@id":"https:\/\/www.tablaosflamencos.com\/pt-pt\/festival-cante-jondo-antonio-mairena-2026.html"},"wordCount":2732,"publisher":{"@id":"https:\/\/www.tablaosflamencos.com\/pt-pt#organization"},"image":{"@id":"https:\/\/www.tablaosflamencos.com\/pt-pt\/festival-cante-jondo-antonio-mairena-2026.html#primaryimage"},"thumbnailUrl":"https:\/\/www.tablaosflamencos.com\/wp-content\/uploads\/festival-de-cante-jondo-antonio-mairena-2026-programa-artistas-fechas-y-entradas-01.webp","keywords":["artistas de flamenco","cante flamenco","festivales flamencos","flamenco en Sevilla"],"articleSection":["Festivais de flamenco"],"inLanguage":"pt-PT"},{"@type":"WebPage","@id":"https:\/\/www.tablaosflamencos.com\/pt-pt\/festival-cante-jondo-antonio-mairena-2026.html","url":"https:\/\/www.tablaosflamencos.com\/pt-pt\/festival-cante-jondo-antonio-mairena-2026.html","name":"Festival Antonio Mairena 2026: programa e bilhetes","isPartOf":{"@id":"https:\/\/www.tablaosflamencos.com\/pt-pt#website"},"primaryImageOfPage":{"@id":"https:\/\/www.tablaosflamencos.com\/pt-pt\/festival-cante-jondo-antonio-mairena-2026.html#primaryimage"},"image":{"@id":"https:\/\/www.tablaosflamencos.com\/pt-pt\/festival-cante-jondo-antonio-mairena-2026.html#primaryimage"},"thumbnailUrl":"https:\/\/www.tablaosflamencos.com\/wp-content\/uploads\/festival-de-cante-jondo-antonio-mairena-2026-programa-artistas-fechas-y-entradas-01.webp","datePublished":"2026-08-31T16:07:57+00:00","dateModified":"2026-08-31T16:26:55+00:00","description":"Programa do Festival de Cante Jondo Antonio Mairena 2026: datas, artistas, hor\u00e1rios, Concurso Nacional, gala, pre\u00e7os e bilhetes de 1 a 5 de setembro.","breadcrumb":{"@id":"https:\/\/www.tablaosflamencos.com\/pt-pt\/festival-cante-jondo-antonio-mairena-2026.html#breadcrumb"},"inLanguage":"pt-PT","potentialAction":[{"@type":"ReadAction","target":["https:\/\/www.tablaosflamencos.com\/pt-pt\/festival-cante-jondo-antonio-mairena-2026.html"]}]},{"@type":"ImageObject","inLanguage":"pt-PT","@id":"https:\/\/www.tablaosflamencos.com\/pt-pt\/festival-cante-jondo-antonio-mairena-2026.html#primaryimage","url":"https:\/\/www.tablaosflamencos.com\/wp-content\/uploads\/festival-de-cante-jondo-antonio-mairena-2026-programa-artistas-fechas-y-entradas-01.webp","contentUrl":"https:\/\/www.tablaosflamencos.com\/wp-content\/uploads\/festival-de-cante-jondo-antonio-mairena-2026-programa-artistas-fechas-y-entradas-01.webp","width":1477,"height":1920,"caption":"Festival de Cante Jondo Antonio Mairena 2026: programa, artistas, fechas y entradas"},{"@type":"BreadcrumbList","@id":"https:\/\/www.tablaosflamencos.com\/pt-pt\/festival-cante-jondo-antonio-mairena-2026.html#breadcrumb","itemListElement":[{"@type":"ListItem","position":1,"name":"Home","item":"https:\/\/www.tablaosflamencos.com\/pt-pt"},{"@type":"ListItem","position":2,"name":"Festival de Cante Jondo Antonio Mairena 2026: programa, artistas, datas e bilhetes"}]},{"@type":"WebSite","@id":"https:\/\/www.tablaosflamencos.com\/pt-pt#website","url":"https:\/\/www.tablaosflamencos.com\/pt-pt","name":"Tablaos Flamencos","description":"Entradas para tablaos flamencos de Espa\u00f1a","publisher":{"@id":"https:\/\/www.tablaosflamencos.com\/pt-pt#organization"},"alternateName":"Tablaos Flamencos","potentialAction":[{"@type":"SearchAction","target":{"@type":"EntryPoint","urlTemplate":"https:\/\/www.tablaosflamencos.com\/pt-pt?s={search_term_string}"},"query-input":{"@type":"PropertyValueSpecification","valueRequired":true,"valueName":"search_term_string"}}],"inLanguage":"pt-PT"},{"@type":["Organization","Place","EntertainmentBusiness"],"@id":"https:\/\/www.tablaosflamencos.com\/pt-pt#organization","name":"Tablaos Flamencos","alternateName":"Tablaos Flamencos","url":"https:\/\/www.tablaosflamencos.com\/pt-pt","logo":{"@id":"https:\/\/www.tablaosflamencos.com\/pt-pt\/festival-cante-jondo-antonio-mairena-2026.html#local-main-organization-logo"},"image":{"@id":"https:\/\/www.tablaosflamencos.com\/pt-pt\/festival-cante-jondo-antonio-mairena-2026.html#local-main-organization-logo"},"sameAs":["https:\/\/www.facebook.com\/tablaosflamencos","https:\/\/x.com\/tablaosflamenco","https:\/\/mastodon.social\/@tablaosflamencos","https:\/\/www.instagram.com\/tablaosflamencos","https:\/\/tiktok.com\/@tablaosflamencos","https:\/\/www.linkedin.com\/company\/109408238\/"],"description":"Venta de entradas para espect\u00e1culos flamencos","legalName":"Tablaos Flamencos","foundingDate":"2015-01-01","numberOfEmployees":{"@type":"QuantitativeValue","minValue":"1","maxValue":"10"},"address":{"@id":"https:\/\/www.tablaosflamencos.com\/pt-pt\/festival-cante-jondo-antonio-mairena-2026.html#local-main-place-address"},"geo":{"@type":"GeoCoordinates","latitude":"37.3868072","longitude":"-5.993280299999999"},"telephone":["+34623787787"],"contactPoint":{"@type":"ContactPoint","telephone":"+34623787787","email":"info@tablaosflamencos.com"},"openingHoursSpecification":{"@type":"OpeningHoursSpecification","dayOfWeek":["Monday","Tuesday","Wednesday","Thursday","Friday","Saturday","Sunday"],"opens":"00:00","closes":"23:59"},"email":"info@tablaosflamencos.com","priceRange":"$$$","currenciesAccepted":"\u20ac"},{"@type":"Person","@id":"https:\/\/www.tablaosflamencos.com\/pt-pt#\/schema\/person\/e7a9ebe14eb75a52ceabfbffb3c54f5d","name":"Miguel Ortiz","description":"Miguel Ortiz es un empresario flamenco, con una s\u00f3lida trayectoria dentro del sector. Ha presidido entidades culturales vinculadas al flamenco y, cuenta con un amplio recorrido profesional en la gesti\u00f3n y promoci\u00f3n de espect\u00e1culos y tablaos flamencos. Su pasi\u00f3n por la historia y el arte flamenco se refleja en cada art\u00edculo, donde combina experiencia, criterio y un profundo respeto por la tradici\u00f3n.","sameAs":["https:\/\/www.tablaosflamencos.com","https:\/\/www.instagra.com\/miguelortizfe","https:\/\/www.linkedin.com\/in\/miguelortizf\/"],"birthDate":"1984-11-22","gender":"hombre","knowsLanguage":["espa\u00f1ol","ingl\u00e9s"],"jobTitle":"Empresario flamenco"},{"@type":"PostalAddress","@id":"https:\/\/www.tablaosflamencos.com\/pt-pt\/festival-cante-jondo-antonio-mairena-2026.html#local-main-place-address","streetAddress":"C\/ Alemanes, 19","addressLocality":"Sevilla","postalCode":"41004","addressRegion":"Sevilla","addressCountry":"ES"},{"@type":"ImageObject","inLanguage":"pt-PT","@id":"https:\/\/www.tablaosflamencos.com\/pt-pt\/festival-cante-jondo-antonio-mairena-2026.html#local-main-organization-logo","url":"https:\/\/www.tablaosflamencos.com\/wp-content\/uploads\/tablaos-flamencos-06-3.webp","contentUrl":"https:\/\/www.tablaosflamencos.com\/wp-content\/uploads\/tablaos-flamencos-06-3.webp","width":600,"height":620,"caption":"Tablaos Flamencos"}]},"geo.placename":"Sevilla","geo.position":{"lat":"37.3868072","long":"-5.993280299999999"},"geo.region":"Espanha"},"_links":{"self":[{"href":"https:\/\/www.tablaosflamencos.com\/pt-pt\/wp-json\/wp\/v2\/posts\/13670","targetHints":{"allow":["GET"]}}],"collection":[{"href":"https:\/\/www.tablaosflamencos.com\/pt-pt\/wp-json\/wp\/v2\/posts"}],"about":[{"href":"https:\/\/www.tablaosflamencos.com\/pt-pt\/wp-json\/wp\/v2\/types\/post"}],"author":[{"embeddable":true,"href":"https:\/\/www.tablaosflamencos.com\/pt-pt\/wp-json\/wp\/v2\/users\/1"}],"replies":[{"embeddable":true,"href":"https:\/\/www.tablaosflamencos.com\/pt-pt\/wp-json\/wp\/v2\/comments?post=13670"}],"version-history":[{"count":1,"href":"https:\/\/www.tablaosflamencos.com\/pt-pt\/wp-json\/wp\/v2\/posts\/13670\/revisions"}],"predecessor-version":[{"id":13679,"href":"https:\/\/www.tablaosflamencos.com\/pt-pt\/wp-json\/wp\/v2\/posts\/13670\/revisions\/13679"}],"wp:featuredmedia":[{"embeddable":true,"href":"https:\/\/www.tablaosflamencos.com\/pt-pt\/wp-json\/wp\/v2\/media\/13661"}],"wp:attachment":[{"href":"https:\/\/www.tablaosflamencos.com\/pt-pt\/wp-json\/wp\/v2\/media?parent=13670"}],"wp:term":[{"taxonomy":"category","embeddable":true,"href":"https:\/\/www.tablaosflamencos.com\/pt-pt\/wp-json\/wp\/v2\/categories?post=13670"},{"taxonomy":"post_tag","embeddable":true,"href":"https:\/\/www.tablaosflamencos.com\/pt-pt\/wp-json\/wp\/v2\/tags?post=13670"}],"curies":[{"name":"wp","href":"https:\/\/api.w.org\/{rel}","templated":true}]}}