{"id":13637,"date":"2026-08-31T15:23:02","date_gmt":"2026-08-31T13:23:02","guid":{"rendered":"https:\/\/www.tablaosflamencos.com\/?p=13637"},"modified":"2026-08-31T18:24:01","modified_gmt":"2026-08-31T16:24:01","slug":"bienal-flamenco-sevilha-2026-antes-9-setembro","status":"publish","type":"post","link":"https:\/\/www.tablaosflamencos.com\/pt-pt\/bienal-flamenco-sevilha-2026-antes-9-setembro.html","title":{"rendered":"A Bienal come\u00e7a antes de 9 de setembro: primeiros eventos e atividades"},"content":{"rendered":"<section class=\"l-section wpb_row height_huge\"><div class=\"l-section-h i-cf\"><div class=\"g-cols vc_row via_flex valign_top type_default stacking_default\"><div class=\"vc_col-sm-6 wpb_column vc_column_container\"><div class=\"vc_column-inner\"><div class=\"wpb_wrapper\"><div class=\"wpb_text_column\"><div class=\"wpb_wrapper\"><h2>A Bienal de Flamenco 2026 come\u00e7a antes da sua abertura oficial<\/h2>\n<p>A XXIV Bienal de Flamenco de Sevilha anuncia oficialmente as suas datas principais <strong>de 9 de setembro a 3 de outubro de 2026<\/strong>. No entanto, quem esperar pelo dia 9 para come\u00e7ar a acompanh\u00e1-la chegar\u00e1 v\u00e1rios dias tarde: a programa\u00e7\u00e3o ligada a esta edi\u00e7\u00e3o come\u00e7a realmente <strong>na quarta-feira, 2 de setembro<\/strong> e, a partir da\u00ed, encadeia quase diariamente exposi\u00e7\u00f5es, espet\u00e1culos gratuitos em diferentes bairros de Sevilha e uma primeira sess\u00e3o de cinema.<\/p>\n<p>\u00c9 a antec\u00e2mara da Bienal: uma semana em que o flamenco sai dos grandes teatros e ocupa uma f\u00e1brica hist\u00f3rica, o Pol\u00edgono Sur, San Jer\u00f3nimo, La Barzola, o Parque de Mar\u00eda Luisa e a Cartuja. O programa permite ainda assistir a v\u00e1rias propostas sem comprar bilhete para os espet\u00e1culos principais.<\/p>\n<p>Entre 2 e 8 de setembro sucedem-se <em>La noche azul<\/em>, <em>La noche de las gitanas<\/em>, <em>Cuesti\u00f3n de tiempo<\/em>, o II Festival Macarena Flamenca, a homenagem c\u00e9nica a Fosforito <em>Nazareno y Olivares<\/em> e a primeira sess\u00e3o do ciclo de cinema <em>Flamencas<\/em>. No dia 9 de setembro, o preg\u00f3n cantado <em>Ecos primitivos<\/em> marcar\u00e1 ent\u00e3o a abertura oficial.<\/p>\n<\/div><\/div><\/div><\/div><\/div><div class=\"vc_col-sm-6 wpb_column vc_column_container\"><div class=\"vc_column-inner\"><div class=\"wpb_wrapper\"><div class=\"wpb_text_column\"><div class=\"wpb_wrapper\"><h3>Agenda antes da Bienal 2026<\/h3>\n<ul>\n<li><strong>2 de setembro:<\/strong> abertura de <em>La noche azul<\/em>, Real F\u00e1brica de Artiller\u00eda.<\/li>\n<li><strong>3 de setembro, 21:30:<\/strong> <em>La noche de las gitanas<\/em>, Pol\u00edgono Sur.<\/li>\n<li><strong>4 de setembro, 21:30:<\/strong> <em>Cuesti\u00f3n de tiempo<\/em>, Irm\u00e3os Aguilar, Mosteiro de San Jer\u00f3nimo.<\/li>\n<li><strong>5 de setembro, 21:30:<\/strong> II Festival Macarena Flamenca, Plaza Virgen del Pilar.<\/li>\n<li><strong>6 de setembro, 21:30:<\/strong> <em>Nazareno y Olivares<\/em>, homenagem a Fosforito, Museu de Artes e Costumes Populares.<\/li>\n<li><strong>8 de setembro, 20:30:<\/strong> ciclo de cinema <em>Flamencas<\/em>, Funda\u00e7\u00e3o Tr\u00eas Culturas.<\/li>\n<li><strong>9 de setembro, 20:30:<\/strong> preg\u00f3n cantado <em>Ecos primitivos<\/em>, Plaza de San Francisco.<\/li>\n<\/ul>\n<p><small>A programa\u00e7\u00e3o pode sofrer altera\u00e7\u00f5es. Conv\u00e9m confirmar hor\u00e1rios, condi\u00e7\u00f5es de acesso e eventuais reservas nos sites oficiais antes de se deslocar.<\/small><\/p>\n<\/div><\/div><\/div><\/div><\/div><\/div><\/div><\/section><section class=\"l-section wpb_row height_huge color_alternate with_shape\"><div class=\"l-section-shape type_zigzag pos_top hor_flip\" style=\"height:3vmin;\"><svg xmlns=\"http:\/\/www.w3.org\/2000\/svg\" viewBox=\"0 0 64 8\" preserveAspectRatio=\"none\" width=\"100%\" height=\"100%\">\r\n\t<path fill=\"currentColor\" d=\"M64 8 L0 8 L0 0 L20 7.9 L40 3 L48 5 L64 0 Z\"\/>\r\n<\/svg><\/div><div class=\"l-section-shape type_zigzag pos_bottom\" style=\"height:3vmin;\"><svg xmlns=\"http:\/\/www.w3.org\/2000\/svg\" viewBox=\"0 0 64 8\" preserveAspectRatio=\"none\" width=\"100%\" height=\"100%\">\r\n\t<path fill=\"currentColor\" d=\"M64 8 L0 8 L0 0 L20 7.9 L40 3 L48 5 L64 0 Z\"\/>\r\n<\/svg><\/div><div class=\"l-section-h i-cf\"><div class=\"g-cols vc_row via_flex valign_top type_default stacking_default\"><div class=\"vc_col-sm-12 wpb_column vc_column_container\"><div class=\"vc_column-inner\"><div class=\"wpb_wrapper\"><div class=\"wpb_text_column\"><div class=\"wpb_wrapper\"><h2>2 de setembro: La noche azul abre a Bienal uma semana mais cedo<\/h2>\n<p>O primeiro sinal inequ\u00edvoco de que a Bienal 2026 come\u00e7a antes do dia 9 chegar\u00e1 na <strong>quarta-feira, 2 de setembro<\/strong>. Nesse dia abrir\u00e1, na Nave de Grabados da Real F\u00e1brica de Artiller\u00eda, a exposi\u00e7\u00e3o <em>La noche azul. \u00d3pera flamenca na cole\u00e7\u00e3o de Carlos Mart\u00edn Ballester<\/em>.<\/p>\n<p>A mostra re\u00fane cerca de <strong>150 pe\u00e7as hist\u00f3ricas<\/strong> \u2014 cartazes, fotografias, discos de gramofone, manuscritos, publicidade e documenta\u00e7\u00e3o \u2014 e acrescenta uma sele\u00e7\u00e3o de grava\u00e7\u00f5es digitalizadas para a ocasi\u00e3o. O fio condutor \u00e9 a chamada \u00d3pera Flamenca, o per\u00edodo que transformou a escala p\u00fablica do flamenco durante as primeiras d\u00e9cadas do s\u00e9culo XX e que constitui um dos grandes eixos hist\u00f3ricos desta XXIV edi\u00e7\u00e3o.<\/p>\n<p>A exposi\u00e7\u00e3o permite reencontrar a mem\u00f3ria de figuras como La Ni\u00f1a de los Peines, Manuel Vallejo, Pepe Pinto, Ram\u00f3n Montoya, Ni\u00f1o Ricardo ou Manolo Caracol. Al\u00e9m disso, n\u00e3o termina com a Bienal: permanecer\u00e1 aberta <strong>at\u00e9 22 de novembro de 2026<\/strong>.<\/p>\n<p>Desenvolvemos todos os detalhes no nosso guia espec\u00edfico sobre a exposi\u00e7\u00e3o.<\/p>\n<\/div><\/div><div class=\"w-separator size_medium\"><\/div><div class=\"w-hwrapper valign_top wrap stack_on_mobiles align_center\" style=\"--hwrapper-gap:1.2rem\"><div class=\"w-btn-wrapper align_none\"><a class=\"w-btn us-btn-style_1\" href=\"https:\/\/www.tablaosflamencos.com\/pt-pt\/a-noite-azul-opera-flamenca-bienal-sevilha-2026.html\"><span class=\"w-btn-label\">Guia completo de La noche azul<\/span><\/a><\/div><\/div><\/div><\/div><\/div><\/div><\/div><\/section><section class=\"l-section wpb_row height_huge\"><div class=\"l-section-h i-cf\"><div class=\"g-cols vc_row via_flex valign_top type_default stacking_default\"><div class=\"vc_col-sm-6 wpb_column vc_column_container\"><div class=\"vc_column-inner\"><div class=\"wpb_wrapper\"><div class=\"wpb_text_column\"><div class=\"wpb_wrapper\"><h2>3 de setembro: La noche de las gitanas no Pol\u00edgono Sur<\/h2>\n<p>Na quinta-feira, dia 3, come\u00e7a o bloco <strong>Flamenco na rua<\/strong>, uma das iniciativas de <em>Outras p\u00e9rolas<\/em>, o programa paralelo da Bienal que procura levar parte da atividade flamenca para fora dos espa\u00e7os c\u00e9nicos convencionais.<\/p>\n<p>A primeira proposta ser\u00e1 <em>La noche de las gitanas<\/em>, \u00e0s <strong>21:30<\/strong> no Parque Pepa La Calzona, no Pol\u00edgono Sur. O espet\u00e1culo apresenta-se como um retrato coral da transmiss\u00e3o feminina e cigana do flamenco, relacionando mem\u00f3ria familiar, bairro, identidade e resist\u00eancia cultural.<\/p>\n<p>No cante estar\u00e3o <strong>Herminia Borja, Mara Rey e Zamara Carrasco<\/strong>; o baile ficar\u00e1 a cargo de <strong>Manuela Vargas<\/strong>, com Luis Amador na guitarra, Pepe de Pura no cante para o baile, Fali El El\u00e9ctrico na percuss\u00e3o e Emilio Casta\u00f1eda nas palmas. A dire\u00e7\u00e3o art\u00edstica \u00e9 de Antonio Amaya <em>El Petete<\/em>.<\/p>\n<p>A ficha oficial calcula uma dura\u00e7\u00e3o aproximada de uma hora e vinte minutos. A proposta integra o bloco de atua\u00e7\u00f5es gratuitas, com entrada livre at\u00e9 \u00e0 lota\u00e7\u00e3o do espa\u00e7o.<\/p>\n<\/div><\/div><\/div><\/div><\/div><div class=\"vc_col-sm-6 wpb_column vc_column_container\"><div class=\"vc_column-inner\"><div class=\"wpb_wrapper\"><div class=\"wpb_text_column\"><div class=\"wpb_wrapper\"><h2>4 de setembro: os Irm\u00e3os Aguilar chegam a San Jer\u00f3nimo<\/h2>\n<p>Na sexta-feira, dia 4, tamb\u00e9m \u00e0s <strong>21:30<\/strong>, o Mosteiro de San Jer\u00f3nimo acolher\u00e1 <em>Cuesti\u00f3n de tiempo<\/em>, uma pe\u00e7a criada e interpretada pelos irm\u00e3os <strong>Diego e Hugo Aguilar<\/strong>.<\/p>\n<p>A obra explora mem\u00f3ria, identidade, heran\u00e7a familiar e maturidade atrav\u00e9s do corpo e do baile. N\u00e3o procura contar uma hist\u00f3ria convencional, mas construir um percurso em cinco movimentos \u2014<em>Lembranza, Albor, Confluencia, Soler<\/em> e <em>Umbral<\/em>\u2014 que parte da origem familiar e avan\u00e7a para um futuro partilhado.<\/p>\n<p>Um dos elementos mais significativos \u00e9 a presen\u00e7a do pai dos artistas no in\u00edcio da pe\u00e7a, utilizada como s\u00edmbolo de transmiss\u00e3o. O pr\u00f3prio Mosteiro de San Jer\u00f3nimo acrescenta uma dimens\u00e3o patrimonial a uma obra em que passado e presente dialogam de forma expl\u00edcita.<\/p>\n<p>Ser\u00e1 tamb\u00e9m uma atividade de <strong>entrada livre at\u00e9 \u00e0 lota\u00e7\u00e3o do espa\u00e7o<\/strong>.<\/p>\n<\/div><\/div><\/div><\/div><\/div><\/div><\/div><\/section><section class=\"l-section wpb_row height_huge color_alternate with_shape\"><div class=\"l-section-shape type_zigzag pos_top hor_flip\" style=\"height:3vmin;\"><svg xmlns=\"http:\/\/www.w3.org\/2000\/svg\" viewBox=\"0 0 64 8\" preserveAspectRatio=\"none\" width=\"100%\" height=\"100%\">\r\n\t<path fill=\"currentColor\" d=\"M64 8 L0 8 L0 0 L20 7.9 L40 3 L48 5 L64 0 Z\"\/>\r\n<\/svg><\/div><div class=\"l-section-shape type_zigzag pos_bottom\" style=\"height:3vmin;\"><svg xmlns=\"http:\/\/www.w3.org\/2000\/svg\" viewBox=\"0 0 64 8\" preserveAspectRatio=\"none\" width=\"100%\" height=\"100%\">\r\n\t<path fill=\"currentColor\" d=\"M64 8 L0 8 L0 0 L20 7.9 L40 3 L48 5 L64 0 Z\"\/>\r\n<\/svg><\/div><div class=\"l-section-h i-cf\"><div class=\"g-cols vc_row via_flex valign_top type_default stacking_default\"><div class=\"vc_col-sm-12 wpb_column vc_column_container\"><div class=\"vc_column-inner\"><div class=\"wpb_wrapper\"><div class=\"wpb_text_column\"><div class=\"wpb_wrapper\"><h2>5 de setembro: Macarena Flamenca homenageia Jos\u00e9 de la Tomasa<\/h2>\n<p>No s\u00e1bado, dia 5, a atividade desloca-se para a <strong>Plaza Virgen del Pilar, no bairro de La Barzola<\/strong>, onde se realizar\u00e1 a segunda edi\u00e7\u00e3o do Festival Macarena Flamenca. A ficha espec\u00edfica da Bienal marca o in\u00edcio para as <strong>21:30<\/strong>.<\/p>\n<p>O festival nasceu em 2025 por iniciativa do Distrito Macarena e pretende consolidar um encontro flamenco est\u00e1vel num dos distritos de Sevilha com maior tradi\u00e7\u00e3o popular e jonda. A sua segunda edi\u00e7\u00e3o ser\u00e1 dedicada a <strong>Jos\u00e9 de la Tomasa<\/strong>, figura essencial do cante sevilhano e herdeiro de uma das suas sagas hist\u00f3ricas.<\/p>\n<p>O cartaz re\u00fane <strong>Potito<\/strong>, acompanhado por Manuel Herrera; <strong>Antonio Reyes<\/strong>, com Nono Reyes; <strong>Remedios Reyes<\/strong>, com Julio Romero; e <strong>Manuel de la Tomasa<\/strong>, tamb\u00e9m com Nono Reyes. O baile estar\u00e1 representado por <strong>Manuela Amador Carrasco<\/strong>, com Luis Amador na guitarra e Emilio Molina e Manuel Ta\u00f1\u00e9 no cante.<\/p>\n<p>Para al\u00e9m da homenagem, Macarena Flamenca tem uma voca\u00e7\u00e3o de bairro: aproximar cante, toque e baile de um espa\u00e7o aberto, quotidiano e acess\u00edvel. A entrada ser\u00e1 livre at\u00e9 \u00e0 lota\u00e7\u00e3o do espa\u00e7o.<\/p>\n<\/div><\/div><\/div><\/div><\/div><\/div><\/div><\/section><section class=\"l-section wpb_row height_huge\"><div class=\"l-section-h i-cf\"><div class=\"g-cols vc_row via_flex valign_top type_default stacking_default\"><div class=\"vc_col-sm-12 wpb_column vc_column_container\"><div class=\"vc_column-inner\"><div class=\"wpb_wrapper\"><div class=\"wpb_text_column\"><div class=\"wpb_wrapper\"><h2>6 de setembro: Fosforito, mem\u00f3ria viva no Parque de Mar\u00eda Luisa<\/h2>\n<p>No domingo, dia 6, \u00e0s <strong>21:30<\/strong>, o Museu de Artes e Costumes Populares de Sevilha acolher\u00e1 <em>Nazareno y Olivares<\/em>, uma proposta c\u00e9nica dedicada a percorrer a vida e a obra de <strong>Antonio Fern\u00e1ndez D\u00edaz, Fosforito<\/strong>.<\/p>\n<p>A escolha do protagonista tem um peso especial. Fosforito \u00e9 uma figura imprescind\u00edvel para compreender o flamenco da segunda metade do s\u00e9culo XX: cantaor de repert\u00f3rio muito amplo, protagonista do Concurso Nacional de Arte Flamenco de C\u00f3rdoba de 1956 e detentor da Llave de Oro del Cante atribu\u00edda em 2005.<\/p>\n<p>A Bienal apresenta <em>Nazareno y Olivares<\/em> como uma aproxima\u00e7\u00e3o ao seu percurso atrav\u00e9s da <strong>palavra, m\u00fasica e dan\u00e7a<\/strong>. Na proposta participam, entre outros, Enrique Garc\u00e9s, Bernardo Miranda, Alejandro Hurtado e Yolanda Osuna.<\/p>\n<p>O cen\u00e1rio ser\u00e1 o Museu de Artes e Costumes Populares, na Plaza de Am\u00e9rica do Parque de Mar\u00eda Luisa, outro exemplo de como esta programa\u00e7\u00e3o pr\u00e9via utiliza espa\u00e7os patrimoniais da cidade em vez de se limitar aos teatros. A atividade ser\u00e1 gratuita at\u00e9 \u00e0 lota\u00e7\u00e3o do espa\u00e7o.<\/p>\n<\/div><\/div><\/div><\/div><\/div><\/div><\/div><\/section><section class=\"l-section wpb_row height_huge color_alternate with_shape\"><div class=\"l-section-shape type_zigzag pos_top hor_flip\" style=\"height:3vmin;\"><svg xmlns=\"http:\/\/www.w3.org\/2000\/svg\" viewBox=\"0 0 64 8\" preserveAspectRatio=\"none\" width=\"100%\" height=\"100%\">\r\n\t<path fill=\"currentColor\" d=\"M64 8 L0 8 L0 0 L20 7.9 L40 3 L48 5 L64 0 Z\"\/>\r\n<\/svg><\/div><div class=\"l-section-shape type_zigzag pos_bottom\" style=\"height:3vmin;\"><svg xmlns=\"http:\/\/www.w3.org\/2000\/svg\" viewBox=\"0 0 64 8\" preserveAspectRatio=\"none\" width=\"100%\" height=\"100%\">\r\n\t<path fill=\"currentColor\" d=\"M64 8 L0 8 L0 0 L20 7.9 L40 3 L48 5 L64 0 Z\"\/>\r\n<\/svg><\/div><div class=\"l-section-h i-cf\"><div class=\"g-cols vc_row via_flex valign_top type_default stacking_default\"><div class=\"vc_col-sm-12 wpb_column vc_column_container\"><div class=\"vc_column-inner\"><div class=\"wpb_wrapper\"><div class=\"wpb_text_column\"><div class=\"wpb_wrapper\"><h2>7 de setembro: uma pausa antes do cinema<\/h2>\n<p>\u00c0 data de publica\u00e7\u00e3o, a programa\u00e7\u00e3o oficial consultada n\u00e3o anuncia uma atividade p\u00fablica espec\u00edfica da Bienal para segunda-feira, 7 de setembro. Depois de quatro noites consecutivas de <em>Flamenco na rua<\/em>, a agenda retoma a atividade na ter\u00e7a-feira, dia 8.<\/p>\n<p>O dia pode ser aproveitado para visitar <em>La noche azul<\/em>, que continuar\u00e1 aberta na Real F\u00e1brica de Artiller\u00eda, ou para organizar os dias centrais do festival. A partir do dia 9, o n\u00famero de propostas aumenta rapidamente e h\u00e1 espet\u00e1culos em simult\u00e2neo em diferentes espa\u00e7os de Sevilha.<\/p>\n<\/div><\/div><\/div><\/div><\/div><\/div><\/div><\/section><section class=\"l-section wpb_row height_huge\"><div class=\"l-section-h i-cf\"><div class=\"g-cols vc_row via_flex valign_top type_default stacking_default\"><div class=\"vc_col-sm-6 wpb_column vc_column_container\"><div class=\"vc_column-inner\"><div class=\"wpb_wrapper\"><div class=\"wpb_text_column\"><div class=\"wpb_wrapper\"><h2>8 de setembro: o cinema flamenco entra em cena<\/h2>\n<p>Um dia antes da abertura oficial, a Bienal chegar\u00e1 tamb\u00e9m \u00e0 <strong>Funda\u00e7\u00e3o Tr\u00eas Culturas do Mediterr\u00e2neo<\/strong>, na Ilha da Cartuja, com o ciclo cinematogr\u00e1fico <em>Flamencas<\/em>.<\/p>\n<p>A programa\u00e7\u00e3o deste ciclo sofreu altera\u00e7\u00f5es em rela\u00e7\u00e3o aos primeiros an\u00fancios. <strong>\u00c0 data de publica\u00e7\u00e3o, a agenda oficial da Funda\u00e7\u00e3o Tr\u00eas Culturas marca para 8 de setembro, \u00e0s 20:30, a proje\u00e7\u00e3o de <em>Flamencas, mujeres, fuerza y duende<\/em><\/strong>, document\u00e1rio realizado por Marcos Medina e Jonathan Gonz\u00e1lez.<\/p>\n<p>O filme, com 98 minutos, percorre a presen\u00e7a, a evolu\u00e7\u00e3o e a luta das mulheres no flamenco atrav\u00e9s das biografias de <strong>60 cantaoras, guitarristas e bailaoras<\/strong> de diferentes gera\u00e7\u00f5es, desde propostas de raiz at\u00e9 linguagens de fus\u00e3o.<\/p>\n<p>A sess\u00e3o est\u00e1 anunciada como gratuita. Como o sistema de acesso e reserva pode ser atualizado, conv\u00e9m confirmar a disponibilidade diretamente junto da Funda\u00e7\u00e3o Tr\u00eas Culturas antes de se deslocar.<\/p>\n<\/div><\/div><\/div><\/div><\/div><div class=\"vc_col-sm-6 wpb_column vc_column_container\"><div class=\"vc_column-inner\"><div class=\"wpb_wrapper\"><div class=\"wpb_text_column\"><div class=\"wpb_wrapper\"><h2>9 de setembro: agora sim, come\u00e7a oficialmente a XXIV Bienal<\/h2>\n<p>Depois desta semana pr\u00e9via, na quarta-feira, dia 9, chega a data indicada como in\u00edcio oficial do festival. \u00c0s <strong>20:30<\/strong>, a Plaza de San Francisco acolher\u00e1 o preg\u00f3n cantado <em>Ecos primitivos. Cante en altura, danza en tierra<\/em>, dirigido por <strong>Segundo Falc\u00f3n<\/strong>.<\/p>\n<p>A proposta transformar\u00e1 a pra\u00e7a num cen\u00e1rio envolvente: as vozes de Segundo Falc\u00f3n, Mar\u00eda Terremoto, Rafael de Utrera, Esperanza Fern\u00e1ndez e Pedro El Grana\u00edno distribuir-se-\u00e3o por diferentes varandas, enquanto <strong>Ana Morales<\/strong> desenvolver\u00e1 a parte coreogr\u00e1fica no espa\u00e7o central.<\/p>\n<p>Esse preg\u00f3n \u00e9 a verdadeira ponte entre as atividades pr\u00e9vias e o programa principal. No dia seguinte, 10 de setembro, chegar\u00e1 <em>El mundo por montera<\/em>, a grande gala da XXIV Bienal na Plaza de Toros da Real Maestranza, e a partir do dia 11 come\u00e7ar\u00e1 a desenvolver-se em pleno a programa\u00e7\u00e3o simult\u00e2nea de teatros, espa\u00e7os patrimoniais e Noches \u00danicas.<\/p>\n<\/div><\/div><\/div><\/div><\/div><\/div><\/div><\/section><section class=\"l-section wpb_row height_huge color_alternate with_shape\"><div class=\"l-section-shape type_zigzag pos_top hor_flip\" style=\"height:3vmin;\"><svg xmlns=\"http:\/\/www.w3.org\/2000\/svg\" viewBox=\"0 0 64 8\" preserveAspectRatio=\"none\" width=\"100%\" height=\"100%\">\r\n\t<path fill=\"currentColor\" d=\"M64 8 L0 8 L0 0 L20 7.9 L40 3 L48 5 L64 0 Z\"\/>\r\n<\/svg><\/div><div class=\"l-section-shape type_zigzag pos_bottom\" style=\"height:3vmin;\"><svg xmlns=\"http:\/\/www.w3.org\/2000\/svg\" viewBox=\"0 0 64 8\" preserveAspectRatio=\"none\" width=\"100%\" height=\"100%\">\r\n\t<path fill=\"currentColor\" d=\"M64 8 L0 8 L0 0 L20 7.9 L40 3 L48 5 L64 0 Z\"\/>\r\n<\/svg><\/div><div class=\"l-section-h i-cf\"><div class=\"g-cols vc_row via_flex valign_top type_default stacking_default\"><div class=\"vc_col-sm-12 wpb_column vc_column_container\"><div class=\"vc_column-inner\"><div class=\"wpb_wrapper\"><div class=\"wpb_text_column\"><div class=\"wpb_wrapper\"><h2>Uma semana pr\u00e9via quase inteiramente gratuita<\/h2>\n<p>O interesse desta primeira semana n\u00e3o est\u00e1 apenas em antecipar o in\u00edcio oficial. Permite tamb\u00e9m descobrir uma faceta da Bienal especialmente aberta \u00e0 cidade.<\/p>\n<p>As atua\u00e7\u00f5es de <em>Flamenco na rua<\/em> dos dias 3, 4, 5 e 6 est\u00e3o anunciadas como <strong>gratuitas at\u00e9 \u00e0 lota\u00e7\u00e3o do espa\u00e7o<\/strong>. A sess\u00e3o de cinema do dia 8 tamb\u00e9m surge como gratuita, embora possa exigir reserva ou levantamento pr\u00e9vio de convite. A exposi\u00e7\u00e3o <em>La noche azul<\/em> tem uma programa\u00e7\u00e3o pr\u00f3pria e conv\u00e9m consultar as condi\u00e7\u00f5es atualizadas de visita.<\/p>\n<p>Isto transforma os dias anteriores a 9 de setembro numa oportunidade particularmente interessante para residentes e visitantes que queiram aproximar-se da Bienal sem depender apenas dos bilhetes para os grandes espet\u00e1culos, muitos dos quais j\u00e1 registam uma procura elevada.<\/p>\n<p>No nosso guia espec\u00edfico reunimos ainda as principais propostas gratuitas de toda a edi\u00e7\u00e3o.<\/p>\n<\/div><\/div><div class=\"w-separator size_medium\"><\/div><div class=\"w-hwrapper valign_top wrap stack_on_mobiles align_center\" style=\"--hwrapper-gap:1.2rem\"><div class=\"w-btn-wrapper align_none\"><a class=\"w-btn us-btn-style_1\" href=\"https:\/\/www.tablaosflamencos.com\/pt-pt\/bienal-flamenco-sevilha-2026-gratis.html\"><span class=\"w-btn-label\">Ver atividades gratuitas da Bienal<\/span><\/a><\/div><div class=\"w-btn-wrapper align_none\"><a class=\"w-btn us-btn-style_1\" href=\"https:\/\/www.tablaosflamencos.com\/pt-pt\/bienal-flamenco-sevilha-2026.html\"><span class=\"w-btn-label\">Guia completo da Bienal 2026<\/span><\/a><\/div><\/div><\/div><\/div><\/div><\/div><\/div><\/section><section class=\"l-section wpb_row height_huge\"><div class=\"l-section-h i-cf\"><div class=\"g-cols vc_row via_flex valign_top type_default stacking_default\"><div class=\"vc_col-sm-12 wpb_column vc_column_container\"><div class=\"vc_column-inner\"><div class=\"wpb_wrapper\"><div class=\"wpb_text_column\"><div class=\"wpb_wrapper\"><h2>O que conv\u00e9m ter em conta se pretende assistir<\/h2>\n<p>As atividades pr\u00e9vias distribuem-se por zonas muito diferentes de Sevilha, pelo que \u00e9 importante n\u00e3o as encarar como se fizessem parte de um \u00fanico recinto. Pol\u00edgono Sur, San Jer\u00f3nimo, Macarena, Parque de Mar\u00eda Luisa, Real F\u00e1brica de Artiller\u00eda e Cartuja exigem desloca\u00e7\u00f5es diferentes.<\/p>\n<p>Nos espet\u00e1culos gratuitos ao ar livre ou com acesso at\u00e9 \u00e0 lota\u00e7\u00e3o, \u00e9 especialmente recomend\u00e1vel chegar com anteced\u00eancia. O facto de uma atividade ser gratuita n\u00e3o significa que o acesso esteja garantido quando a capacidade dispon\u00edvel estiver preenchida.<\/p>\n<p>Conv\u00e9m tamb\u00e9m rever a informa\u00e7\u00e3o oficial no pr\u00f3prio dia de cada evento. A programa\u00e7\u00e3o paralela est\u00e1 mais sujeita a altera\u00e7\u00f5es de hor\u00e1rios, locais ou sistemas de reserva do que as fun\u00e7\u00f5es com lugares numerados. O ciclo de cinema \u00e9 um bom exemplo: a Funda\u00e7\u00e3o Tr\u00eas Culturas atualizou a ordem dos filmes em rela\u00e7\u00e3o aos primeiros calend\u00e1rios divulgados.<\/p>\n<p>E, se vai passar v\u00e1rios dias em Sevilha, esta semana pr\u00e9via pode servir para combinar patrim\u00f3nio, atividades p\u00fablicas e flamenco ao vivo antes de o festival atingir a sua maior intensidade a partir do dia 9 e, sobretudo, nos dias 10 e 11 de setembro.<\/p>\n<\/div><\/div><\/div><\/div><\/div><\/div><\/div><\/section><section class=\"l-section wpb_row height_huge color_alternate with_shape\"><div class=\"l-section-shape type_zigzag pos_top hor_flip\" style=\"height:3vmin;\"><svg xmlns=\"http:\/\/www.w3.org\/2000\/svg\" viewBox=\"0 0 64 8\" preserveAspectRatio=\"none\" width=\"100%\" height=\"100%\">\r\n\t<path fill=\"currentColor\" d=\"M64 8 L0 8 L0 0 L20 7.9 L40 3 L48 5 L64 0 Z\"\/>\r\n<\/svg><\/div><div class=\"l-section-shape type_zigzag pos_bottom\" style=\"height:3vmin;\"><svg xmlns=\"http:\/\/www.w3.org\/2000\/svg\" viewBox=\"0 0 64 8\" preserveAspectRatio=\"none\" width=\"100%\" height=\"100%\">\r\n\t<path fill=\"currentColor\" d=\"M64 8 L0 8 L0 0 L20 7.9 L40 3 L48 5 L64 0 Z\"\/>\r\n<\/svg><\/div><div class=\"l-section-h i-cf\"><div class=\"g-cols vc_row via_flex valign_top type_default stacking_default\"><div class=\"vc_col-sm-1\/5 wpb_column vc_column_container\"><div class=\"vc_column-inner\"><div class=\"wpb_wrapper\"><\/div><\/div><\/div><div class=\"vc_col-sm-3\/5 wpb_column vc_column_container\"><div class=\"vc_column-inner\"><div class=\"wpb_wrapper\"><div class=\"wpb_text_column\"><div class=\"wpb_wrapper\"><h2>Perguntas frequentes sobre os dias anteriores \u00e0 Bienal 2026<\/h2>\n<\/div><\/div><div class=\"w-separator size_medium\"><\/div><div class=\"w-tabs accordion toggle_style_1 has_scrolling\" style=\"--sections-title-size:inherit;--sections-gap:0.5rem;\"><div class=\"w-tabs-sections titles-align_none icon_plus cpos_left\"><div class=\"w-tabs-section\" id=\"yffa\" itemscope itemprop=\"mainEntity\" itemtype=\"https:\/\/schema.org\/Question\"><button type=\"button\" class=\"w-tabs-section-header\" aria-controls=\"content-yffa\" aria-expanded=\"false\"><h3 class=\"w-tabs-section-title\" itemprop=\"name\">Quando come\u00e7a realmente a Bienal de Flamenco de Sevilha 2026?<\/h3><div class=\"w-tabs-section-control\"><\/div><\/button><div  class=\"w-tabs-section-content\" id=\"content-yffa\" itemscope itemprop=\"acceptedAnswer\" itemtype=\"https:\/\/schema.org\/Answer\"><div class=\"w-tabs-section-content-h i-cf\" itemprop=\"text\"><div class=\"wpb_text_column\"><div class=\"wpb_wrapper\"><p>As datas oficiais da XXIV Bienal de Flamenco s\u00e3o de 9 de setembro a 3 de outubro de 2026, mas as atividades ligadas a esta edi\u00e7\u00e3o come\u00e7am antes. A exposi\u00e7\u00e3o <em>La noche azul<\/em> abre a 2 de setembro e, entre os dias 3 e 8, realizam-se atua\u00e7\u00f5es gratuitas e uma primeira sess\u00e3o do ciclo de cinema da Bienal.<\/p>\n<\/div><\/div><\/div><\/div><\/div><div class=\"w-tabs-section\" id=\"w13c\" itemscope itemprop=\"mainEntity\" itemtype=\"https:\/\/schema.org\/Question\"><button type=\"button\" class=\"w-tabs-section-header\" aria-controls=\"content-w13c\" aria-expanded=\"false\"><h3 class=\"w-tabs-section-title\" itemprop=\"name\">Que atividades da Bienal h\u00e1 antes de 9 de setembro?<\/h3><div class=\"w-tabs-section-control\"><\/div><\/button><div  class=\"w-tabs-section-content\" id=\"content-w13c\" itemscope itemprop=\"acceptedAnswer\" itemtype=\"https:\/\/schema.org\/Answer\"><div class=\"w-tabs-section-content-h i-cf\" itemprop=\"text\"><div class=\"wpb_text_column\"><div class=\"wpb_wrapper\"><p>Antes da abertura oficial est\u00e3o programadas <em>La noche azul<\/em> no dia 2; <em>La noche de las gitanas<\/em> no dia 3; <em>Cuesti\u00f3n de tiempo<\/em> dos Irm\u00e3os Aguilar no dia 4; o II Festival Macarena Flamenca no dia 5; <em>Nazareno y Olivares<\/em>, homenagem a Fosforito, no dia 6; e a primeira proje\u00e7\u00e3o do ciclo cinematogr\u00e1fico <em>Flamencas<\/em> no dia 8.<\/p>\n<\/div><\/div><\/div><\/div><\/div><div class=\"w-tabs-section\" id=\"c260\" itemscope itemprop=\"mainEntity\" itemtype=\"https:\/\/schema.org\/Question\"><button type=\"button\" class=\"w-tabs-section-header\" aria-controls=\"content-c260\" aria-expanded=\"false\"><h3 class=\"w-tabs-section-title\" itemprop=\"name\">Os espet\u00e1culos de 3, 4, 5 e 6 de setembro s\u00e3o gratuitos?<\/h3><div class=\"w-tabs-section-control\"><\/div><\/button><div  class=\"w-tabs-section-content\" id=\"content-c260\" itemscope itemprop=\"acceptedAnswer\" itemtype=\"https:\/\/schema.org\/Answer\"><div class=\"w-tabs-section-content-h i-cf\" itemprop=\"text\"><div class=\"wpb_text_column\"><div class=\"wpb_wrapper\"><p>Sim. As quatro propostas de <em>Flamenco na rua<\/em> est\u00e3o anunciadas como atividades de acesso livre e gratuito at\u00e9 \u00e0 lota\u00e7\u00e3o do espa\u00e7o. Por esse motivo, \u00e9 recomend\u00e1vel chegar com anteced\u00eancia, especialmente em locais com capacidade limitada.<\/p>\n<\/div><\/div><\/div><\/div><\/div><div class=\"w-tabs-section\" id=\"k3b4\" itemscope itemprop=\"mainEntity\" itemtype=\"https:\/\/schema.org\/Question\"><button type=\"button\" class=\"w-tabs-section-header\" aria-controls=\"content-k3b4\" aria-expanded=\"false\"><h3 class=\"w-tabs-section-title\" itemprop=\"name\">Que filme \u00e9 projetado a 8 de setembro na Funda\u00e7\u00e3o Tr\u00eas Culturas?<\/h3><div class=\"w-tabs-section-control\"><\/div><\/button><div  class=\"w-tabs-section-content\" id=\"content-k3b4\" itemscope itemprop=\"acceptedAnswer\" itemtype=\"https:\/\/schema.org\/Answer\"><div class=\"w-tabs-section-content-h i-cf\" itemprop=\"text\"><div class=\"wpb_text_column\"><div class=\"wpb_wrapper\"><p>\u00c0 data de publica\u00e7\u00e3o, a programa\u00e7\u00e3o atualizada da Funda\u00e7\u00e3o Tr\u00eas Culturas anuncia para 8 de setembro, \u00e0s 20:30, <em>Flamencas, mujeres, fuerza y duende<\/em>, de Marcos Medina e Jonathan Gonz\u00e1lez. Alguns calend\u00e1rios anteriores mostram outra ordem dos filmes, pelo que recomendamos confirmar a ficha oficial antes de assistir.<\/p>\n<\/div><\/div><\/div><\/div><\/div><div class=\"w-tabs-section\" id=\"m4f8\" itemscope itemprop=\"mainEntity\" itemtype=\"https:\/\/schema.org\/Question\"><button type=\"button\" class=\"w-tabs-section-header\" aria-controls=\"content-m4f8\" aria-expanded=\"false\"><h3 class=\"w-tabs-section-title\" itemprop=\"name\">O que acontece na Bienal a 9 de setembro?<\/h3><div class=\"w-tabs-section-control\"><\/div><\/button><div  class=\"w-tabs-section-content\" id=\"content-m4f8\" itemscope itemprop=\"acceptedAnswer\" itemtype=\"https:\/\/schema.org\/Answer\"><div class=\"w-tabs-section-content-h i-cf\" itemprop=\"text\"><div class=\"wpb_text_column\"><div class=\"wpb_wrapper\"><p>No dia 9 de setembro realiza-se a abertura oficial atrav\u00e9s do preg\u00f3n cantado <em>Ecos primitivos. Cante en altura, danza en tierra<\/em>, dirigido por Segundo Falc\u00f3n na Plaza de San Francisco \u00e0s 20:30. Participar\u00e3o, entre outros, Mar\u00eda Terremoto, Rafael de Utrera, Esperanza Fern\u00e1ndez, Pedro El Grana\u00edno e a bailaora Ana Morales.<\/p>\n<\/div><\/div><\/div><\/div><\/div><div class=\"w-tabs-section\" id=\"o606\" itemscope itemprop=\"mainEntity\" itemtype=\"https:\/\/schema.org\/Question\"><button type=\"button\" class=\"w-tabs-section-header\" aria-controls=\"content-o606\" aria-expanded=\"false\"><h3 class=\"w-tabs-section-title\" itemprop=\"name\">Onde posso consultar o programa completo da Bienal 2026?<\/h3><div class=\"w-tabs-section-control\"><\/div><\/button><div  class=\"w-tabs-section-content\" id=\"content-o606\" itemscope itemprop=\"acceptedAnswer\" itemtype=\"https:\/\/schema.org\/Answer\"><div class=\"w-tabs-section-content-h i-cf\" itemprop=\"text\"><div class=\"wpb_text_column\"><div class=\"wpb_wrapper\"><p>A programa\u00e7\u00e3o completa e as eventuais atualiza\u00e7\u00f5es devem ser consultadas no site oficial da Bienal de Flamenco de Sevilha. Na Tablaos Flamencos mantemos tamb\u00e9m um guia geral da edi\u00e7\u00e3o de 2026 e artigos espec\u00edficos sobre atividades gratuitas, Noches \u00danicas, bilhetes esgotados e exposi\u00e7\u00f5es.<\/p>\n<\/div><\/div><\/div><\/div><\/div><\/div><\/div><\/div><\/div><\/div><div class=\"vc_col-sm-1\/5 wpb_column vc_column_container\"><div class=\"vc_column-inner\"><div class=\"wpb_wrapper\"><\/div><\/div><\/div><\/div><\/div><\/section><section class=\"l-section wpb_row height_huge\"><div class=\"l-section-h i-cf\"><div class=\"g-cols vc_row via_flex valign_top type_default stacking_default\"><div class=\"vc_col-sm-12 wpb_column vc_column_container\"><div class=\"vc_column-inner\"><div class=\"wpb_wrapper\"><div class=\"wpb_text_column\"><div class=\"wpb_wrapper\"><h2>A Bienal espalha-se por Sevilha antes de subir o pano<\/h2>\n<p>O arranque antecipado da XXIV Bienal explica bem uma das ideias que atravessam esta edi\u00e7\u00e3o: o festival n\u00e3o quer limitar-se a uma sucess\u00e3o de espet\u00e1culos dentro dos teatros. Antes mesmo do preg\u00f3n, o flamenco j\u00e1 ter\u00e1 passado por uma exposi\u00e7\u00e3o hist\u00f3rica, bairros com identidade pr\u00f3pria, espa\u00e7os patrimoniais e uma sala de cinema.<\/p>\n<p>Para quem estiver em Sevilha durante a primeira semana de setembro, esperar pelo dia 9 significa perder uma parte significativa da experi\u00eancia. <strong>A Bienal come\u00e7a a sentir-se a partir de 2 de setembro<\/strong> e constr\u00f3i, ao longo de seis dias, uma introdu\u00e7\u00e3o que combina mem\u00f3ria, baile, cante, homenagem, participa\u00e7\u00e3o cidad\u00e3 e audiovisual.<\/p>\n<p>Depois chegar\u00e1 o programa principal. Mas, nessa altura, Sevilha j\u00e1 ter\u00e1 vivido uma semana dentro da Bienal.<\/p>\n<\/div><\/div><\/div><\/div><\/div><\/div><\/div><\/section><section class=\"l-section wpb_row height_huge color_alternate with_shape\"><div class=\"l-section-shape type_zigzag pos_top hor_flip\" style=\"height:3vmin;\"><svg xmlns=\"http:\/\/www.w3.org\/2000\/svg\" viewBox=\"0 0 64 8\" preserveAspectRatio=\"none\" width=\"100%\" height=\"100%\">\r\n\t<path fill=\"currentColor\" d=\"M64 8 L0 8 L0 0 L20 7.9 L40 3 L48 5 L64 0 Z\"\/>\r\n<\/svg><\/div><div class=\"l-section-h i-cf\"><div class=\"g-cols vc_row via_flex valign_top type_default stacking_default\"><div class=\"vc_col-sm-12 wpb_column vc_column_container\"><div class=\"vc_column-inner\"><div class=\"wpb_wrapper\"><div class=\"wpb_text_column\"><div class=\"wpb_wrapper\"><h2>Fontes e atualiza\u00e7\u00e3o da programa\u00e7\u00e3o<\/h2>\n<p>Para elaborar este guia, confront\u00e1mos a programa\u00e7\u00e3o geral e as atividades paralelas da XXIV Bienal com as fichas espec\u00edficas dos primeiros eventos e com a agenda atualizada da Funda\u00e7\u00e3o Tr\u00eas Culturas do Mediterr\u00e2neo.<\/p>\n<ul>\n<li><a href=\"https:\/\/www.labienal.com\/\" target=\"_blank\" rel=\"noopener\">Bienal de Flamenco de Sevilha \u2014 site oficial<\/a>.<\/li>\n<li><a href=\"https:\/\/www.labienal.com\/noticias\/las-otras-perlas-de-la-bienal\" target=\"_blank\" rel=\"noopener\">Outras p\u00e9rolas \u2014 programa\u00e7\u00e3o paralela da Bienal<\/a>.<\/li>\n<li><a href=\"https:\/\/www.labienal.com\/otras-perlas-actividades-paralelas\/flamenco-a-pie-de-calle\/la-noche-de-las-gitanas\" target=\"_blank\" rel=\"noopener\">La noche de las gitanas \u2014 ficha oficial<\/a>.<\/li>\n<li><a href=\"https:\/\/www.labienal.com\/otras-perlas-actividades-paralelas\/flamenco-a-pie-de-calle\/cuestion-de-tiempo-hermanos-aguilar\" target=\"_blank\" rel=\"noopener\">Cuesti\u00f3n de tiempo \u2014 Irm\u00e3os Aguilar<\/a>.<\/li>\n<li><a href=\"https:\/\/www.labienal.com\/otras-perlas-actividades-paralelas\/flamenco-a-pie-de-calle\/festival-macarena-flamenca\" target=\"_blank\" rel=\"noopener\">Festival Macarena Flamenca \u2014 ficha oficial<\/a>.<\/li>\n<li><a href=\"https:\/\/tresculturas.org\/actividad\/bienal-de-flamenco-de-sevilla-2026-ciclo-de-cine-flamencas-flamencas-mujeres-fuerza-y-duende\/\" target=\"_blank\" rel=\"noopener\">Funda\u00e7\u00e3o Tr\u00eas Culturas \u2014 ciclo de cinema Flamencas, 8 de setembro<\/a>.<\/li>\n<\/ul>\n<p><small>Informa\u00e7\u00e3o revista em 30 de agosto de 2026. Os organizadores podem alterar hor\u00e1rios, acessos ou programa\u00e7\u00e3o.<\/small><\/p>\n<\/div><\/div><\/div><\/div><\/div><\/div><\/div><\/section>\n","protected":false},"excerpt":{"rendered":"<p>A Bienal de Flamenco de Sevilha 2026 come\u00e7a a sentir-se j\u00e1 a 2 de setembro, com exposi\u00e7\u00e3o, flamenco gratuito nos bairros, cinema e atividades antes da abertura oficial.<\/p>\n","protected":false},"author":1,"featured_media":13615,"comment_status":"closed","ping_status":"closed","sticky":false,"template":"","format":"standard","meta":{"_acf_changed":false,"wpai_generated_summary":"","_ayudawp_aiss_exclude":false,"_ayudawp_aiss_exclude_summary":false,"_ayudawp_aiss_summary":"","_ayudawp_aiss_summary_provider":"","_ayudawp_aiss_summary_hash":"","footnotes":""},"categories":[1430,375],"tags":[1712,1709,1710,1711,1708,1714,1713,1707],"class_list":["post-13637","post","type-post","status-publish","format-standard","has-post-thumbnail","hentry","category-bienal-flamenco-sevilha","category-noticias-flamenco","tag-agenda-de-flamenco","tag-bienal-de-flamenco-pt","tag-bienal-de-flamenco-2026-pt","tag-festivais-de-flamenco","tag-flamenco-em-sevilha","tag-flamenco-nas-ruas","tag-outras-perolas","tag-sevilha"],"acf":[],"yoast_head":"<!-- This site is optimized with the Yoast SEO Premium plugin v28.3 (Yoast SEO v28.3) - https:\/\/yoast.com\/product\/yoast-seo-premium-wordpress\/ -->\n<title>Bienal de Flamenco de Sevilha 2026 antes de 9 de setembro | Tablaos Flamencos<\/title>\n<meta name=\"description\" content=\"A Bienal de Flamenco de Sevilha 2026 come\u00e7a antes de 9 de setembro: exposi\u00e7\u00e3o, flamenco gratuito, cinema e atividades de 2 a 8 de setembro.\" \/>\n<meta name=\"robots\" content=\"index, follow, max-snippet:-1, max-image-preview:large, max-video-preview:-1\" \/>\n<link rel=\"canonical\" href=\"https:\/\/www.tablaosflamencos.com\/pt-pt\/bienal-flamenco-sevilha-2026-antes-9-setembro.html\" \/>\n<meta property=\"og:locale\" content=\"pt_PT\" \/>\n<meta property=\"og:type\" content=\"article\" \/>\n<meta property=\"og:title\" content=\"A Bienal come\u00e7a antes de 9 de setembro: primeiros eventos e atividades\" \/>\n<meta property=\"og:description\" content=\"A Bienal de Flamenco de Sevilha 2026 come\u00e7a antes de 9 de setembro: exposi\u00e7\u00e3o, flamenco gratuito, cinema e atividades de 2 a 8 de setembro.\" \/>\n<meta property=\"og:url\" content=\"https:\/\/www.tablaosflamencos.com\/pt-pt\/bienal-flamenco-sevilha-2026-antes-9-setembro.html\" \/>\n<meta property=\"og:site_name\" content=\"Tablaos Flamencos\" \/>\n<meta property=\"article:publisher\" content=\"https:\/\/www.facebook.com\/tablaosflamencos\" \/>\n<meta property=\"article:published_time\" content=\"2026-08-31T13:23:02+00:00\" \/>\n<meta property=\"article:modified_time\" content=\"2026-08-31T16:24:01+00:00\" \/>\n<meta property=\"og:image\" content=\"https:\/\/www.tablaosflamencos.com\/wp-content\/uploads\/la-bienal-empieza-antes-del-9-de-septiembre-primeros-eventos-y-actividades-01.webp\" \/>\n\t<meta property=\"og:image:width\" content=\"1920\" \/>\n\t<meta property=\"og:image:height\" content=\"1072\" \/>\n\t<meta property=\"og:image:type\" content=\"image\/webp\" \/>\n<meta name=\"author\" content=\"Miguel Ortiz\" \/>\n<meta name=\"twitter:card\" content=\"summary_large_image\" \/>\n<meta name=\"twitter:creator\" content=\"@tablaosflamenco\" \/>\n<meta name=\"twitter:site\" content=\"@tablaosflamenco\" \/>\n<meta name=\"twitter:label1\" content=\"Escrito por\" \/>\n\t<meta name=\"twitter:data1\" content=\"Miguel Ortiz\" \/>\n\t<meta name=\"twitter:label2\" content=\"Tempo estimado de leitura\" \/>\n\t<meta name=\"twitter:data2\" content=\"16 minutos\" \/>\n<script type=\"application\/ld+json\" class=\"yoast-schema-graph\">{\"@context\":\"https:\\\/\\\/schema.org\",\"@graph\":[{\"@type\":\"Article\",\"@id\":\"https:\\\/\\\/www.tablaosflamencos.com\\\/pt-pt\\\/bienal-flamenco-sevilha-2026-antes-9-setembro.html#article\",\"isPartOf\":{\"@id\":\"https:\\\/\\\/www.tablaosflamencos.com\\\/pt-pt\\\/bienal-flamenco-sevilha-2026-antes-9-setembro.html\"},\"author\":{\"name\":\"Miguel Ortiz\",\"@id\":\"https:\\\/\\\/www.tablaosflamencos.com\\\/pt-pt#\\\/schema\\\/person\\\/e7a9ebe14eb75a52ceabfbffb3c54f5d\"},\"headline\":\"A Bienal come\u00e7a antes de 9 de setembro: primeiros eventos e atividades\",\"datePublished\":\"2026-08-31T13:23:02+00:00\",\"dateModified\":\"2026-08-31T16:24:01+00:00\",\"mainEntityOfPage\":{\"@id\":\"https:\\\/\\\/www.tablaosflamencos.com\\\/pt-pt\\\/bienal-flamenco-sevilha-2026-antes-9-setembro.html\"},\"wordCount\":3266,\"publisher\":{\"@id\":\"https:\\\/\\\/www.tablaosflamencos.com\\\/pt-pt#organization\"},\"image\":{\"@id\":\"https:\\\/\\\/www.tablaosflamencos.com\\\/pt-pt\\\/bienal-flamenco-sevilha-2026-antes-9-setembro.html#primaryimage\"},\"thumbnailUrl\":\"https:\\\/\\\/www.tablaosflamencos.com\\\/wp-content\\\/uploads\\\/la-bienal-empieza-antes-del-9-de-septiembre-primeros-eventos-y-actividades-01.webp\",\"keywords\":[\"agenda de flamenco\",\"Bienal de Flamenco\",\"Bienal de Flamenco 2026\",\"festivais de flamenco\",\"flamenco em Sevilha\",\"Flamenco nas ruas\",\"Outras p\u00e9rolas\",\"Sevilha\"],\"articleSection\":[\"Bienal de Flamenco de Sevilha\",\"Not\u00edcias \\\/ Atualidade\"],\"inLanguage\":\"pt-PT\"},{\"@type\":\"WebPage\",\"@id\":\"https:\\\/\\\/www.tablaosflamencos.com\\\/pt-pt\\\/bienal-flamenco-sevilha-2026-antes-9-setembro.html\",\"url\":\"https:\\\/\\\/www.tablaosflamencos.com\\\/pt-pt\\\/bienal-flamenco-sevilha-2026-antes-9-setembro.html\",\"name\":\"Bienal de Flamenco de Sevilha 2026 antes de 9 de setembro | Tablaos Flamencos\",\"isPartOf\":{\"@id\":\"https:\\\/\\\/www.tablaosflamencos.com\\\/pt-pt#website\"},\"primaryImageOfPage\":{\"@id\":\"https:\\\/\\\/www.tablaosflamencos.com\\\/pt-pt\\\/bienal-flamenco-sevilha-2026-antes-9-setembro.html#primaryimage\"},\"image\":{\"@id\":\"https:\\\/\\\/www.tablaosflamencos.com\\\/pt-pt\\\/bienal-flamenco-sevilha-2026-antes-9-setembro.html#primaryimage\"},\"thumbnailUrl\":\"https:\\\/\\\/www.tablaosflamencos.com\\\/wp-content\\\/uploads\\\/la-bienal-empieza-antes-del-9-de-septiembre-primeros-eventos-y-actividades-01.webp\",\"datePublished\":\"2026-08-31T13:23:02+00:00\",\"dateModified\":\"2026-08-31T16:24:01+00:00\",\"description\":\"A Bienal de Flamenco de Sevilha 2026 come\u00e7a antes de 9 de setembro: exposi\u00e7\u00e3o, flamenco gratuito, cinema e atividades de 2 a 8 de setembro.\",\"breadcrumb\":{\"@id\":\"https:\\\/\\\/www.tablaosflamencos.com\\\/pt-pt\\\/bienal-flamenco-sevilha-2026-antes-9-setembro.html#breadcrumb\"},\"inLanguage\":\"pt-PT\",\"potentialAction\":[{\"@type\":\"ReadAction\",\"target\":[\"https:\\\/\\\/www.tablaosflamencos.com\\\/pt-pt\\\/bienal-flamenco-sevilha-2026-antes-9-setembro.html\"]}]},{\"@type\":\"ImageObject\",\"inLanguage\":\"pt-PT\",\"@id\":\"https:\\\/\\\/www.tablaosflamencos.com\\\/pt-pt\\\/bienal-flamenco-sevilha-2026-antes-9-setembro.html#primaryimage\",\"url\":\"https:\\\/\\\/www.tablaosflamencos.com\\\/wp-content\\\/uploads\\\/la-bienal-empieza-antes-del-9-de-septiembre-primeros-eventos-y-actividades-01.webp\",\"contentUrl\":\"https:\\\/\\\/www.tablaosflamencos.com\\\/wp-content\\\/uploads\\\/la-bienal-empieza-antes-del-9-de-septiembre-primeros-eventos-y-actividades-01.webp\",\"width\":1920,\"height\":1072,\"caption\":\"La Bienal empieza antes del 9 de septiembre: primeros eventos y actividades\"},{\"@type\":\"BreadcrumbList\",\"@id\":\"https:\\\/\\\/www.tablaosflamencos.com\\\/pt-pt\\\/bienal-flamenco-sevilha-2026-antes-9-setembro.html#breadcrumb\",\"itemListElement\":[{\"@type\":\"ListItem\",\"position\":1,\"name\":\"Home\",\"item\":\"https:\\\/\\\/www.tablaosflamencos.com\\\/pt-pt\"},{\"@type\":\"ListItem\",\"position\":2,\"name\":\"A Bienal come\u00e7a antes de 9 de setembro: primeiros eventos e atividades\"}]},{\"@type\":\"WebSite\",\"@id\":\"https:\\\/\\\/www.tablaosflamencos.com\\\/pt-pt#website\",\"url\":\"https:\\\/\\\/www.tablaosflamencos.com\\\/pt-pt\",\"name\":\"Tablaos Flamencos\",\"description\":\"Entradas para tablaos flamencos de Espa\u00f1a\",\"publisher\":{\"@id\":\"https:\\\/\\\/www.tablaosflamencos.com\\\/pt-pt#organization\"},\"alternateName\":\"Tablaos Flamencos\",\"potentialAction\":[{\"@type\":\"SearchAction\",\"target\":{\"@type\":\"EntryPoint\",\"urlTemplate\":\"https:\\\/\\\/www.tablaosflamencos.com\\\/pt-pt?s={search_term_string}\"},\"query-input\":{\"@type\":\"PropertyValueSpecification\",\"valueRequired\":true,\"valueName\":\"search_term_string\"}}],\"inLanguage\":\"pt-PT\"},{\"@type\":[\"Organization\",\"Place\",\"EntertainmentBusiness\"],\"@id\":\"https:\\\/\\\/www.tablaosflamencos.com\\\/pt-pt#organization\",\"name\":\"Tablaos Flamencos\",\"alternateName\":\"Tablaos Flamencos\",\"url\":\"https:\\\/\\\/www.tablaosflamencos.com\\\/pt-pt\",\"logo\":{\"@id\":\"https:\\\/\\\/www.tablaosflamencos.com\\\/pt-pt\\\/bienal-flamenco-sevilha-2026-antes-9-setembro.html#local-main-organization-logo\"},\"image\":{\"@id\":\"https:\\\/\\\/www.tablaosflamencos.com\\\/pt-pt\\\/bienal-flamenco-sevilha-2026-antes-9-setembro.html#local-main-organization-logo\"},\"sameAs\":[\"https:\\\/\\\/www.facebook.com\\\/tablaosflamencos\",\"https:\\\/\\\/x.com\\\/tablaosflamenco\",\"https:\\\/\\\/mastodon.social\\\/@tablaosflamencos\",\"https:\\\/\\\/www.instagram.com\\\/tablaosflamencos\",\"https:\\\/\\\/tiktok.com\\\/@tablaosflamencos\",\"https:\\\/\\\/www.linkedin.com\\\/company\\\/109408238\\\/\"],\"description\":\"Venta de entradas para espect\u00e1culos flamencos\",\"legalName\":\"Tablaos Flamencos\",\"foundingDate\":\"2015-01-01\",\"numberOfEmployees\":{\"@type\":\"QuantitativeValue\",\"minValue\":\"1\",\"maxValue\":\"10\"},\"address\":{\"@id\":\"https:\\\/\\\/www.tablaosflamencos.com\\\/pt-pt\\\/bienal-flamenco-sevilha-2026-antes-9-setembro.html#local-main-place-address\"},\"geo\":{\"@type\":\"GeoCoordinates\",\"latitude\":\"37.3868072\",\"longitude\":\"-5.993280299999999\"},\"telephone\":[\"+34623787787\"],\"contactPoint\":{\"@type\":\"ContactPoint\",\"telephone\":\"+34623787787\",\"email\":\"info@tablaosflamencos.com\"},\"openingHoursSpecification\":{\"@type\":\"OpeningHoursSpecification\",\"dayOfWeek\":[\"Monday\",\"Tuesday\",\"Wednesday\",\"Thursday\",\"Friday\",\"Saturday\",\"Sunday\"],\"opens\":\"00:00\",\"closes\":\"23:59\"},\"email\":\"info@tablaosflamencos.com\",\"priceRange\":\"$$$\",\"currenciesAccepted\":\"\u20ac\"},{\"@type\":\"Person\",\"@id\":\"https:\\\/\\\/www.tablaosflamencos.com\\\/pt-pt#\\\/schema\\\/person\\\/e7a9ebe14eb75a52ceabfbffb3c54f5d\",\"name\":\"Miguel Ortiz\",\"description\":\"Miguel Ortiz es un empresario flamenco, con una s\u00f3lida trayectoria dentro del sector. Ha presidido entidades culturales vinculadas al flamenco y, cuenta con un amplio recorrido profesional en la gesti\u00f3n y promoci\u00f3n de espect\u00e1culos y tablaos flamencos. Su pasi\u00f3n por la historia y el arte flamenco se refleja en cada art\u00edculo, donde combina experiencia, criterio y un profundo respeto por la tradici\u00f3n.\",\"sameAs\":[\"https:\\\/\\\/www.tablaosflamencos.com\",\"https:\\\/\\\/www.instagra.com\\\/miguelortizfe\",\"https:\\\/\\\/www.linkedin.com\\\/in\\\/miguelortizf\\\/\"],\"birthDate\":\"1984-11-22\",\"gender\":\"hombre\",\"knowsLanguage\":[\"espa\u00f1ol\",\"ingl\u00e9s\"],\"jobTitle\":\"Empresario flamenco\"},{\"@type\":\"PostalAddress\",\"@id\":\"https:\\\/\\\/www.tablaosflamencos.com\\\/pt-pt\\\/bienal-flamenco-sevilha-2026-antes-9-setembro.html#local-main-place-address\",\"streetAddress\":\"C\\\/ Alemanes, 19\",\"addressLocality\":\"Sevilla\",\"postalCode\":\"41004\",\"addressRegion\":\"Sevilla\",\"addressCountry\":\"ES\"},{\"@type\":\"ImageObject\",\"inLanguage\":\"pt-PT\",\"@id\":\"https:\\\/\\\/www.tablaosflamencos.com\\\/pt-pt\\\/bienal-flamenco-sevilha-2026-antes-9-setembro.html#local-main-organization-logo\",\"url\":\"https:\\\/\\\/www.tablaosflamencos.com\\\/wp-content\\\/uploads\\\/tablaos-flamencos-06-3.webp\",\"contentUrl\":\"https:\\\/\\\/www.tablaosflamencos.com\\\/wp-content\\\/uploads\\\/tablaos-flamencos-06-3.webp\",\"width\":600,\"height\":620,\"caption\":\"Tablaos Flamencos\"}]}<\/script>\n<meta name=\"geo.placename\" content=\"Sevilla\" \/>\n<meta name=\"geo.position\" content=\"37.3868072;-5.993280299999999\" \/>\n<meta name=\"geo.region\" content=\"Espanha\" \/>\n<!-- \/ Yoast SEO Premium plugin. -->","yoast_head_json":{"title":"Bienal de Flamenco de Sevilha 2026 antes de 9 de setembro | Tablaos Flamencos","description":"A Bienal de Flamenco de Sevilha 2026 come\u00e7a antes de 9 de setembro: exposi\u00e7\u00e3o, flamenco gratuito, cinema e atividades de 2 a 8 de setembro.","robots":{"index":"index","follow":"follow","max-snippet":"max-snippet:-1","max-image-preview":"max-image-preview:large","max-video-preview":"max-video-preview:-1"},"canonical":"https:\/\/www.tablaosflamencos.com\/pt-pt\/bienal-flamenco-sevilha-2026-antes-9-setembro.html","og_locale":"pt_PT","og_type":"article","og_title":"A Bienal come\u00e7a antes de 9 de setembro: primeiros eventos e atividades","og_description":"A Bienal de Flamenco de Sevilha 2026 come\u00e7a antes de 9 de setembro: exposi\u00e7\u00e3o, flamenco gratuito, cinema e atividades de 2 a 8 de setembro.","og_url":"https:\/\/www.tablaosflamencos.com\/pt-pt\/bienal-flamenco-sevilha-2026-antes-9-setembro.html","og_site_name":"Tablaos Flamencos","article_publisher":"https:\/\/www.facebook.com\/tablaosflamencos","article_published_time":"2026-08-31T13:23:02+00:00","article_modified_time":"2026-08-31T16:24:01+00:00","og_image":[{"width":1920,"height":1072,"url":"https:\/\/www.tablaosflamencos.com\/wp-content\/uploads\/la-bienal-empieza-antes-del-9-de-septiembre-primeros-eventos-y-actividades-01.webp","type":"image\/webp"}],"author":"Miguel Ortiz","twitter_card":"summary_large_image","twitter_creator":"@tablaosflamenco","twitter_site":"@tablaosflamenco","twitter_misc":{"Escrito por":"Miguel Ortiz","Tempo estimado de leitura":"16 minutos"},"schema":{"@context":"https:\/\/schema.org","@graph":[{"@type":"Article","@id":"https:\/\/www.tablaosflamencos.com\/pt-pt\/bienal-flamenco-sevilha-2026-antes-9-setembro.html#article","isPartOf":{"@id":"https:\/\/www.tablaosflamencos.com\/pt-pt\/bienal-flamenco-sevilha-2026-antes-9-setembro.html"},"author":{"name":"Miguel Ortiz","@id":"https:\/\/www.tablaosflamencos.com\/pt-pt#\/schema\/person\/e7a9ebe14eb75a52ceabfbffb3c54f5d"},"headline":"A Bienal come\u00e7a antes de 9 de setembro: primeiros eventos e atividades","datePublished":"2026-08-31T13:23:02+00:00","dateModified":"2026-08-31T16:24:01+00:00","mainEntityOfPage":{"@id":"https:\/\/www.tablaosflamencos.com\/pt-pt\/bienal-flamenco-sevilha-2026-antes-9-setembro.html"},"wordCount":3266,"publisher":{"@id":"https:\/\/www.tablaosflamencos.com\/pt-pt#organization"},"image":{"@id":"https:\/\/www.tablaosflamencos.com\/pt-pt\/bienal-flamenco-sevilha-2026-antes-9-setembro.html#primaryimage"},"thumbnailUrl":"https:\/\/www.tablaosflamencos.com\/wp-content\/uploads\/la-bienal-empieza-antes-del-9-de-septiembre-primeros-eventos-y-actividades-01.webp","keywords":["agenda de flamenco","Bienal de Flamenco","Bienal de Flamenco 2026","festivais de flamenco","flamenco em Sevilha","Flamenco nas ruas","Outras p\u00e9rolas","Sevilha"],"articleSection":["Bienal de Flamenco de Sevilha","Not\u00edcias \/ Atualidade"],"inLanguage":"pt-PT"},{"@type":"WebPage","@id":"https:\/\/www.tablaosflamencos.com\/pt-pt\/bienal-flamenco-sevilha-2026-antes-9-setembro.html","url":"https:\/\/www.tablaosflamencos.com\/pt-pt\/bienal-flamenco-sevilha-2026-antes-9-setembro.html","name":"Bienal de Flamenco de Sevilha 2026 antes de 9 de setembro | Tablaos Flamencos","isPartOf":{"@id":"https:\/\/www.tablaosflamencos.com\/pt-pt#website"},"primaryImageOfPage":{"@id":"https:\/\/www.tablaosflamencos.com\/pt-pt\/bienal-flamenco-sevilha-2026-antes-9-setembro.html#primaryimage"},"image":{"@id":"https:\/\/www.tablaosflamencos.com\/pt-pt\/bienal-flamenco-sevilha-2026-antes-9-setembro.html#primaryimage"},"thumbnailUrl":"https:\/\/www.tablaosflamencos.com\/wp-content\/uploads\/la-bienal-empieza-antes-del-9-de-septiembre-primeros-eventos-y-actividades-01.webp","datePublished":"2026-08-31T13:23:02+00:00","dateModified":"2026-08-31T16:24:01+00:00","description":"A Bienal de Flamenco de Sevilha 2026 come\u00e7a antes de 9 de setembro: exposi\u00e7\u00e3o, flamenco gratuito, cinema e atividades de 2 a 8 de setembro.","breadcrumb":{"@id":"https:\/\/www.tablaosflamencos.com\/pt-pt\/bienal-flamenco-sevilha-2026-antes-9-setembro.html#breadcrumb"},"inLanguage":"pt-PT","potentialAction":[{"@type":"ReadAction","target":["https:\/\/www.tablaosflamencos.com\/pt-pt\/bienal-flamenco-sevilha-2026-antes-9-setembro.html"]}]},{"@type":"ImageObject","inLanguage":"pt-PT","@id":"https:\/\/www.tablaosflamencos.com\/pt-pt\/bienal-flamenco-sevilha-2026-antes-9-setembro.html#primaryimage","url":"https:\/\/www.tablaosflamencos.com\/wp-content\/uploads\/la-bienal-empieza-antes-del-9-de-septiembre-primeros-eventos-y-actividades-01.webp","contentUrl":"https:\/\/www.tablaosflamencos.com\/wp-content\/uploads\/la-bienal-empieza-antes-del-9-de-septiembre-primeros-eventos-y-actividades-01.webp","width":1920,"height":1072,"caption":"La Bienal empieza antes del 9 de septiembre: primeros eventos y actividades"},{"@type":"BreadcrumbList","@id":"https:\/\/www.tablaosflamencos.com\/pt-pt\/bienal-flamenco-sevilha-2026-antes-9-setembro.html#breadcrumb","itemListElement":[{"@type":"ListItem","position":1,"name":"Home","item":"https:\/\/www.tablaosflamencos.com\/pt-pt"},{"@type":"ListItem","position":2,"name":"A Bienal come\u00e7a antes de 9 de setembro: primeiros eventos e atividades"}]},{"@type":"WebSite","@id":"https:\/\/www.tablaosflamencos.com\/pt-pt#website","url":"https:\/\/www.tablaosflamencos.com\/pt-pt","name":"Tablaos Flamencos","description":"Entradas para tablaos flamencos de Espa\u00f1a","publisher":{"@id":"https:\/\/www.tablaosflamencos.com\/pt-pt#organization"},"alternateName":"Tablaos Flamencos","potentialAction":[{"@type":"SearchAction","target":{"@type":"EntryPoint","urlTemplate":"https:\/\/www.tablaosflamencos.com\/pt-pt?s={search_term_string}"},"query-input":{"@type":"PropertyValueSpecification","valueRequired":true,"valueName":"search_term_string"}}],"inLanguage":"pt-PT"},{"@type":["Organization","Place","EntertainmentBusiness"],"@id":"https:\/\/www.tablaosflamencos.com\/pt-pt#organization","name":"Tablaos Flamencos","alternateName":"Tablaos Flamencos","url":"https:\/\/www.tablaosflamencos.com\/pt-pt","logo":{"@id":"https:\/\/www.tablaosflamencos.com\/pt-pt\/bienal-flamenco-sevilha-2026-antes-9-setembro.html#local-main-organization-logo"},"image":{"@id":"https:\/\/www.tablaosflamencos.com\/pt-pt\/bienal-flamenco-sevilha-2026-antes-9-setembro.html#local-main-organization-logo"},"sameAs":["https:\/\/www.facebook.com\/tablaosflamencos","https:\/\/x.com\/tablaosflamenco","https:\/\/mastodon.social\/@tablaosflamencos","https:\/\/www.instagram.com\/tablaosflamencos","https:\/\/tiktok.com\/@tablaosflamencos","https:\/\/www.linkedin.com\/company\/109408238\/"],"description":"Venta de entradas para espect\u00e1culos flamencos","legalName":"Tablaos Flamencos","foundingDate":"2015-01-01","numberOfEmployees":{"@type":"QuantitativeValue","minValue":"1","maxValue":"10"},"address":{"@id":"https:\/\/www.tablaosflamencos.com\/pt-pt\/bienal-flamenco-sevilha-2026-antes-9-setembro.html#local-main-place-address"},"geo":{"@type":"GeoCoordinates","latitude":"37.3868072","longitude":"-5.993280299999999"},"telephone":["+34623787787"],"contactPoint":{"@type":"ContactPoint","telephone":"+34623787787","email":"info@tablaosflamencos.com"},"openingHoursSpecification":{"@type":"OpeningHoursSpecification","dayOfWeek":["Monday","Tuesday","Wednesday","Thursday","Friday","Saturday","Sunday"],"opens":"00:00","closes":"23:59"},"email":"info@tablaosflamencos.com","priceRange":"$$$","currenciesAccepted":"\u20ac"},{"@type":"Person","@id":"https:\/\/www.tablaosflamencos.com\/pt-pt#\/schema\/person\/e7a9ebe14eb75a52ceabfbffb3c54f5d","name":"Miguel Ortiz","description":"Miguel Ortiz es un empresario flamenco, con una s\u00f3lida trayectoria dentro del sector. Ha presidido entidades culturales vinculadas al flamenco y, cuenta con un amplio recorrido profesional en la gesti\u00f3n y promoci\u00f3n de espect\u00e1culos y tablaos flamencos. Su pasi\u00f3n por la historia y el arte flamenco se refleja en cada art\u00edculo, donde combina experiencia, criterio y un profundo respeto por la tradici\u00f3n.","sameAs":["https:\/\/www.tablaosflamencos.com","https:\/\/www.instagra.com\/miguelortizfe","https:\/\/www.linkedin.com\/in\/miguelortizf\/"],"birthDate":"1984-11-22","gender":"hombre","knowsLanguage":["espa\u00f1ol","ingl\u00e9s"],"jobTitle":"Empresario flamenco"},{"@type":"PostalAddress","@id":"https:\/\/www.tablaosflamencos.com\/pt-pt\/bienal-flamenco-sevilha-2026-antes-9-setembro.html#local-main-place-address","streetAddress":"C\/ Alemanes, 19","addressLocality":"Sevilla","postalCode":"41004","addressRegion":"Sevilla","addressCountry":"ES"},{"@type":"ImageObject","inLanguage":"pt-PT","@id":"https:\/\/www.tablaosflamencos.com\/pt-pt\/bienal-flamenco-sevilha-2026-antes-9-setembro.html#local-main-organization-logo","url":"https:\/\/www.tablaosflamencos.com\/wp-content\/uploads\/tablaos-flamencos-06-3.webp","contentUrl":"https:\/\/www.tablaosflamencos.com\/wp-content\/uploads\/tablaos-flamencos-06-3.webp","width":600,"height":620,"caption":"Tablaos Flamencos"}]},"geo.placename":"Sevilla","geo.position":{"lat":"37.3868072","long":"-5.993280299999999"},"geo.region":"Espanha"},"_links":{"self":[{"href":"https:\/\/www.tablaosflamencos.com\/pt-pt\/wp-json\/wp\/v2\/posts\/13637","targetHints":{"allow":["GET"]}}],"collection":[{"href":"https:\/\/www.tablaosflamencos.com\/pt-pt\/wp-json\/wp\/v2\/posts"}],"about":[{"href":"https:\/\/www.tablaosflamencos.com\/pt-pt\/wp-json\/wp\/v2\/types\/post"}],"author":[{"embeddable":true,"href":"https:\/\/www.tablaosflamencos.com\/pt-pt\/wp-json\/wp\/v2\/users\/1"}],"replies":[{"embeddable":true,"href":"https:\/\/www.tablaosflamencos.com\/pt-pt\/wp-json\/wp\/v2\/comments?post=13637"}],"version-history":[{"count":4,"href":"https:\/\/www.tablaosflamencos.com\/pt-pt\/wp-json\/wp\/v2\/posts\/13637\/revisions"}],"predecessor-version":[{"id":13673,"href":"https:\/\/www.tablaosflamencos.com\/pt-pt\/wp-json\/wp\/v2\/posts\/13637\/revisions\/13673"}],"wp:featuredmedia":[{"embeddable":true,"href":"https:\/\/www.tablaosflamencos.com\/pt-pt\/wp-json\/wp\/v2\/media\/13615"}],"wp:attachment":[{"href":"https:\/\/www.tablaosflamencos.com\/pt-pt\/wp-json\/wp\/v2\/media?parent=13637"}],"wp:term":[{"taxonomy":"category","embeddable":true,"href":"https:\/\/www.tablaosflamencos.com\/pt-pt\/wp-json\/wp\/v2\/categories?post=13637"},{"taxonomy":"post_tag","embeddable":true,"href":"https:\/\/www.tablaosflamencos.com\/pt-pt\/wp-json\/wp\/v2\/tags?post=13637"}],"curies":[{"name":"wp","href":"https:\/\/api.w.org\/{rel}","templated":true}]}}