{"id":13582,"date":"2026-08-30T18:38:34","date_gmt":"2026-08-30T16:38:34","guid":{"rendered":"https:\/\/www.tablaosflamencos.com\/?p=13582"},"modified":"2026-08-31T13:48:09","modified_gmt":"2026-08-31T11:48:09","slug":"cafes-cantantes-sevilha","status":"publish","type":"post","link":"https:\/\/www.tablaosflamencos.com\/pt-pt\/cafes-cantantes-sevilha.html","title":{"rendered":"Caf\u00e9s cantantes em Sevilha: hist\u00f3ria, espa\u00e7os e papel no desenvolvimento do flamenco"},"content":{"rendered":"<section class=\"l-section wpb_row height_huge\"><div class=\"l-section-h i-cf\"><div class=\"g-cols vc_row via_flex valign_middle type_default stacking_default\"><div class=\"vc_col-sm-12 wpb_column vc_column_container\"><div class=\"vc_column-inner\"><div class=\"wpb_wrapper\"><div class=\"g-cols wpb_row via_flex valign_top type_default stacking_default\"><div class=\"vc_col-sm-6 wpb_column vc_column_container\"><div class=\"vc_column-inner\"><div class=\"wpb_wrapper\"><div class=\"wpb_text_column\"><div class=\"wpb_wrapper\"><h2>Caf\u00e9s cantantes em Sevilha: os palcos que transformaram o flamenco<\/h2>\n<p>Falar da hist\u00f3ria do flamenco em Sevilha obriga a deter-nos nos <strong>caf\u00e9s cantantes<\/strong>. Durante a segunda metade do s\u00e9culo XIX e as primeiras d\u00e9cadas do XX, estes estabelecimentos mudaram a forma de trabalhar de cantores, bailarinos e guitarristas, criaram um p\u00fablico est\u00e1vel, favoreceram a circula\u00e7\u00e3o de artistas entre cidades e ajudaram a transformar um repert\u00f3rio ainda em forma\u00e7\u00e3o num espet\u00e1culo profissional com regras, hierarquias, figuras e espa\u00e7os c\u00e9nicos pr\u00f3prios.<\/p>\n<p>N\u00e3o foram, contudo, uma inven\u00e7\u00e3o repentina nem todos funcionaram da mesma maneira. Antes de os caf\u00e9s de flamenco atingirem a sua idade de ouro existiam academias de dan\u00e7a, sal\u00f5es, caf\u00e9s-concerto, teatros e estabelecimentos de lazer onde conviviam dan\u00e7as boleras, can\u00e7\u00f5es, n\u00fameros c\u00f3micos, m\u00fasica popular e atua\u00e7\u00f5es que pouco a pouco come\u00e7aram a ser designadas como \u00abflamencas\u00bb.<\/p>\n<p>Sevilha foi um dos grandes laborat\u00f3rios desse processo. Em torno de nomes como <strong>Silverio Franconetti<\/strong> e <strong>Manuel Ojeda \u00abEl Burrero\u00bb<\/strong>, e de espa\u00e7os como o Sal\u00f3n del Recreo, o Caf\u00e9 de Silverio, o Caf\u00e9 del Burrero ou o posterior Sal\u00f3n Novedades, o flamenco adquiriu uma dimens\u00e3o p\u00fablica e profissional que seria decisiva para a sua evolu\u00e7\u00e3o.<\/p>\n<p>Este artigo reconstr\u00f3i essa hist\u00f3ria a partir de imprensa hist\u00f3rica, investiga\u00e7\u00f5es acad\u00e9micas e estudos de flamencologia, distinguindo tamb\u00e9m os dados bem documentados de algumas afirma\u00e7\u00f5es tradicionais que hoje precisam de ser matizadas.<\/p>\n<\/div><\/div><\/div><\/div><\/div><div class=\"vc_col-sm-6 wpb_column vc_column_container\"><div class=\"vc_column-inner\"><div class=\"wpb_wrapper\"><div class=\"w-image us_custom_f1169fbd has_aspect_ratio align_center meta_simple\"><div class=\"w-image-h\"><img fetchpriority=\"high\" decoding=\"async\" width=\"1024\" height=\"799\" src=\"https:\/\/www.tablaosflamencos.com\/wp-content\/uploads\/cafes-cantantes-en-sevilla-historia-locales-y-papel-en-el-desarrollo-del-flamenco-01-1024x799.webp\" class=\"attachment-large size-large\" alt=\"Caf\u00e9 Cantante | Reproducci\u00f3n por Miguel Ortiz\" loading=\"eager\" srcset=\"https:\/\/www.tablaosflamencos.com\/wp-content\/uploads\/cafes-cantantes-en-sevilla-historia-locales-y-papel-en-el-desarrollo-del-flamenco-01-1024x799.webp 1024w, https:\/\/www.tablaosflamencos.com\/wp-content\/uploads\/cafes-cantantes-en-sevilla-historia-locales-y-papel-en-el-desarrollo-del-flamenco-01-300x234.webp 300w, https:\/\/www.tablaosflamencos.com\/wp-content\/uploads\/cafes-cantantes-en-sevilla-historia-locales-y-papel-en-el-desarrollo-del-flamenco-01-1536x1198.webp 1536w, https:\/\/www.tablaosflamencos.com\/wp-content\/uploads\/cafes-cantantes-en-sevilla-historia-locales-y-papel-en-el-desarrollo-del-flamenco-01-600x468.webp 600w, https:\/\/www.tablaosflamencos.com\/wp-content\/uploads\/cafes-cantantes-en-sevilla-historia-locales-y-papel-en-el-desarrollo-del-flamenco-01-150x117.webp 150w, https:\/\/www.tablaosflamencos.com\/wp-content\/uploads\/cafes-cantantes-en-sevilla-historia-locales-y-papel-en-el-desarrollo-del-flamenco-01.webp 1920w\" sizes=\"auto, (max-width: 1024px) 100vw, 1024px\" \/><\/div><div class=\"w-image-meta\"><div class=\"w-image-title\">Caf\u00e9 Cantante | Reproducci\u00f3n por Miguel Ortiz<\/div><div class=\"w-image-description\">Caf\u00e9 Cantante | Reproducci\u00f3n por Miguel Ortiz<\/div><\/div><\/div><\/div><\/div><\/div><\/div><div class=\"w-separator size_medium\"><\/div><div class=\"wpb_text_column\"><div class=\"wpb_wrapper\"><h2>Resposta r\u00e1pida<\/h2>\n<p>Os <strong>caf\u00e9s cantantes em Sevilha<\/strong> foram estabelecimentos de lazer com servi\u00e7o de bebidas e espet\u00e1culos ao vivo que tiveram um papel fundamental na consolida\u00e7\u00e3o do flamenco durante o s\u00e9culo XIX e o in\u00edcio do XX. Nem todos eram dedicados exclusivamente ao g\u00e9nero, mas os mais influentes profissionalizaram os artistas, criaram elencos est\u00e1veis, desenvolveram um mercado de contrata\u00e7\u00e3o e favoreceram a concorr\u00eancia e a troca de repert\u00f3rios.<\/p>\n<p>Entre os nomes essenciais destacam-se o <strong>Caf\u00e9 de Silverio<\/strong>, aberto na Calle Rosario em 1881; o <strong>Caf\u00e9 del Burrero<\/strong>, primeiro na Calle Tarifa e, desde 1888, na Calle Sierpes; e o <strong>Sal\u00f3n Novedades<\/strong>, aberto em 1897 junto a La Campana. A sua heran\u00e7a pode ser reconhecida nos tablaos flamencos posteriores, embora caf\u00e9 cantante e tablao n\u00e3o sejam exatamente a mesma institui\u00e7\u00e3o hist\u00f3rica.<\/p>\n<\/div><\/div><\/div><\/div><\/div><\/div><\/div><\/section><section class=\"l-section wpb_row height_huge color_alternate with_shape\"><div class=\"l-section-shape type_zigzag pos_top\" style=\"height:3vmin;\"><svg xmlns=\"http:\/\/www.w3.org\/2000\/svg\" viewBox=\"0 0 64 8\" preserveAspectRatio=\"none\" width=\"100%\" height=\"100%\">\r\n\t<path fill=\"currentColor\" d=\"M64 8 L0 8 L0 0 L20 7.9 L40 3 L48 5 L64 0 Z\"\/>\r\n<\/svg><\/div><div class=\"l-section-shape type_zigzag pos_bottom\" style=\"height:3vmin;\"><svg xmlns=\"http:\/\/www.w3.org\/2000\/svg\" viewBox=\"0 0 64 8\" preserveAspectRatio=\"none\" width=\"100%\" height=\"100%\">\r\n\t<path fill=\"currentColor\" d=\"M64 8 L0 8 L0 0 L20 7.9 L40 3 L48 5 L64 0 Z\"\/>\r\n<\/svg><\/div><div class=\"l-section-h i-cf\"><div class=\"g-cols vc_row via_flex valign_top type_default stacking_default\"><div class=\"vc_col-sm-1\/5 wpb_column vc_column_container\"><div class=\"vc_column-inner\"><div class=\"wpb_wrapper\"><\/div><\/div><\/div><div class=\"vc_col-sm-3\/5 wpb_column vc_column_container\"><div class=\"vc_column-inner\"><div class=\"wpb_wrapper\"><div class=\"wpb_text_column\"><div class=\"wpb_wrapper\"><h2 style=\"text-align: center;\">Conte\u00fado deste guia<\/h2>\n<ul>\n<li><a href=\"#que-eran\">O que eram realmente os caf\u00e9s cantantes<\/a><\/li>\n<li><a href=\"#antes-cafes\">O que existia antes: academias, sal\u00f5es e caf\u00e9s-concerto<\/a><\/li>\n<li><a href=\"#lombardos\">O problema de Los Lombardos e do \u00abprimeiro caf\u00e9 cantante\u00bb<\/a><\/li>\n<li><a href=\"#salon-oriente\">O Sal\u00f3n de Oriente e a palavra \u00abflamenco\u00bb em 1866<\/a><\/li>\n<li><a href=\"#silverio\">Silverio Franconetti e a constru\u00e7\u00e3o do modelo profissional<\/a><\/li>\n<li><a href=\"#burrero\">O Caf\u00e9 del Burrero<\/a><\/li>\n<li><a href=\"#cafe-silverio\">O Caf\u00e9 de Silverio da Calle Rosario<\/a><\/li>\n<li><a href=\"#novedades\">O Sal\u00f3n Novedades<\/a><\/li>\n<li><a href=\"#otros-locales\">Outros caf\u00e9s e sal\u00f5es de flamenco de Sevilha<\/a><\/li>\n<li><a href=\"#profesionalizacion\">Como profissionalizaram o flamenco<\/a><\/li>\n<li><a href=\"#cante\">O seu efeito sobre o canto<\/a><\/li>\n<li><a href=\"#baile\">O seu efeito sobre a dan\u00e7a<\/a><\/li>\n<li><a href=\"#guitarra\">O seu efeito sobre a guitarra<\/a><\/li>\n<li><a href=\"#mujeres\">Bailarinas, cantoras e desigualdade profissional<\/a><\/li>\n<li><a href=\"#publico\">P\u00fablico, turismo, imprensa e m\u00e1 reputa\u00e7\u00e3o<\/a><\/li>\n<li><a href=\"#declive\">O decl\u00ednio dos caf\u00e9s cantantes<\/a><\/li>\n<li><a href=\"#legado\">Do caf\u00e9 cantante ao tablao moderno<\/a><\/li>\n<li><a href=\"#faq\">Perguntas frequentes<\/a><\/li>\n<\/ul>\n<\/div><\/div><\/div><\/div><\/div><div class=\"vc_col-sm-1\/5 wpb_column vc_column_container\"><div class=\"vc_column-inner\"><div class=\"wpb_wrapper\"><\/div><\/div><\/div><\/div><\/div><\/section><section class=\"l-section wpb_row height_huge\"><div class=\"l-section-h i-cf\"><div class=\"g-cols vc_row via_flex valign_top type_default stacking_default\"><div class=\"vc_col-sm-12 wpb_column vc_column_container\"><div class=\"vc_column-inner\"><div class=\"wpb_wrapper\"><div class=\"wpb_text_column\"><div class=\"wpb_wrapper\"><h2 id=\"que-eran\">O que eram realmente os caf\u00e9s cantantes<\/h2>\n<p>O termo <em>caf\u00e9 cantante<\/em> pode levar a pensar numa esp\u00e9cie de tablao flamenco oitocentista, mas a realidade foi mais diversa. Em sentido amplo, eram espa\u00e7os de sociabilidade e entretenimento onde o consumo de bebidas se combinava com atua\u00e7\u00f5es musicais e c\u00e9nicas. O repert\u00f3rio podia incluir can\u00e7\u00f5es, dan\u00e7as nacionais, escola bolera, n\u00fameros de variedades e, progressivamente, canto e dan\u00e7a flamenca.<\/p>\n<p>As investiga\u00e7\u00f5es de Miguel Ortiz e de Mercedes G\u00f3mez-Garc\u00eda Plata sobre os caf\u00e9s de Sevilha e Madrid sublinham precisamente este car\u00e1ter de <strong>ind\u00fastria urbana do lazer<\/strong>. O espet\u00e1culo musical deixava de ser apenas uma atividade ocasional para se tornar parte de um neg\u00f3cio organizado: havia hor\u00e1rios, empres\u00e1rios, artistas contratados, publicidade, concorr\u00eancia entre estabelecimentos e uma clientela capaz de comparar diferentes programa\u00e7\u00f5es.<\/p>\n<p>Os espa\u00e7os costumavam dispor de um sal\u00e3o com mesas, servi\u00e7o de bebidas e uma plataforma ou palco. A iconografia conservada mostra espelhos, quadros, cartazes e decora\u00e7\u00e3o costumbrista. O espa\u00e7o c\u00e9nico era relativamente pequeno e aproximava muito artistas e espectadores, uma proximidade que mais tarde seria tamb\u00e9m caracter\u00edstica do tablao flamenco.<\/p>\n<p>Mas n\u00e3o conv\u00e9m imaginar uma programa\u00e7\u00e3o exclusivamente \u00abjonda\u00bb desde o primeiro dia. A especializa\u00e7\u00e3o foi gradual. O flamenco foi ganhando terreno dentro de uma oferta c\u00e9nica muito mais heterog\u00e9nea at\u00e9 alguns empres\u00e1rios compreenderem que o canto, a dan\u00e7a e a guitarra podiam sustentar por si s\u00f3 uma programa\u00e7\u00e3o e atrair um p\u00fablico fiel.<\/p>\n<\/div><\/div><div class=\"w-separator size_medium\"><\/div><div class=\"wpb_text_column\"><div class=\"wpb_wrapper\"><h2 id=\"antes-cafes\">Antes dos caf\u00e9s: academias, sal\u00f5es e espet\u00e1culos de dan\u00e7a<\/h2>\n<p>Os caf\u00e9s cantantes n\u00e3o nasceram do nada. Na Sevilha de meados do s\u00e9culo XIX j\u00e1 existiam <strong>academias de dan\u00e7a<\/strong> e sal\u00f5es onde mestres da escola bolera organizavam sess\u00f5es para sevilhanos e viajantes. Estes espa\u00e7os foram decisivos porque reuniram pr\u00e1ticas que at\u00e9 ent\u00e3o podiam encontrar-se dispersas entre festas, dan\u00e7as populares, teatros e reuni\u00f5es privadas.<\/p>\n<p>A investiga\u00e7\u00e3o sobre a escola sevilhana de dan\u00e7a mostra que durante a d\u00e9cada de 1860 as chamadas dan\u00e7as flamencas adquiriram um protagonismo crescente nestes sal\u00f5es. A fronteira entre academia, sal\u00e3o de baile, caf\u00e9-concerto e caf\u00e9 cantante nem sempre \u00e9 n\u00edtida: alguns espa\u00e7os mudaram de nome, propriet\u00e1rio e orienta\u00e7\u00e3o v\u00e1rias vezes, e um mesmo estabelecimento podia combinar ensino durante o dia e espet\u00e1culo \u00e0 noite.<\/p>\n<p>Esta continuidade ajuda a entender por que \u00e9 arriscado procurar uma data exata para o \u00abnascimento\u00bb do caf\u00e9 cantante flamenco. O que ocorreu foi uma transforma\u00e7\u00e3o progressiva do lazer urbano sevilhano at\u00e9 criar um espa\u00e7o cada vez mais especializado em artistas j\u00e1 reconhecidos como flamencos.<\/p>\n<\/div><\/div><\/div><\/div><\/div><\/div><\/div><\/section><section class=\"l-section wpb_row height_huge color_alternate with_shape\"><div class=\"l-section-shape type_zigzag pos_top\" style=\"height:3vmin;\"><svg xmlns=\"http:\/\/www.w3.org\/2000\/svg\" viewBox=\"0 0 64 8\" preserveAspectRatio=\"none\" width=\"100%\" height=\"100%\">\r\n\t<path fill=\"currentColor\" d=\"M64 8 L0 8 L0 0 L20 7.9 L40 3 L48 5 L64 0 Z\"\/>\r\n<\/svg><\/div><div class=\"l-section-shape type_zigzag pos_bottom\" style=\"height:3vmin;\"><svg xmlns=\"http:\/\/www.w3.org\/2000\/svg\" viewBox=\"0 0 64 8\" preserveAspectRatio=\"none\" width=\"100%\" height=\"100%\">\r\n\t<path fill=\"currentColor\" d=\"M64 8 L0 8 L0 0 L20 7.9 L40 3 L48 5 L64 0 Z\"\/>\r\n<\/svg><\/div><div class=\"l-section-h i-cf\"><div class=\"g-cols vc_row via_flex valign_top type_default stacking_default\"><div class=\"vc_col-sm-12 wpb_column vc_column_container\"><div class=\"vc_column-inner\"><div class=\"wpb_wrapper\"><div class=\"wpb_text_column\"><div class=\"wpb_wrapper\"><h2 id=\"lombardos\">Los Lombardos: foi realmente o primeiro caf\u00e9 cantante de Sevilha?<\/h2>\n<p>Uma das hist\u00f3rias mais repetidas situa a origem dos caf\u00e9s cantantes sevilhanos no <strong>Caf\u00e9 de los Lombardos<\/strong>. Fernando el de Triana mencionou-o d\u00e9cadas mais tarde em <em>Arte y artistas flamencos<\/em>, e Jos\u00e9 Blas Vega incorporou-o na historiografia cl\u00e1ssica do g\u00e9nero.<\/p>\n<p>No entanto, as investiga\u00e7\u00f5es posteriores obrigam a matizar esta afirma\u00e7\u00e3o. G\u00f3mez-Garc\u00eda Plata, trabalhando com imprensa sevilhana da \u00e9poca e com as investiga\u00e7\u00f5es de Jos\u00e9 Luis Ortiz Nuevo, assinala que o estabelecimento aberto em <strong>1847<\/strong> funcionava em rela\u00e7\u00e3o com o Teatro de San Fernando e que nos primeiros an\u00fancios ainda n\u00e3o surge com as caracter\u00edsticas que depois associamos a um caf\u00e9 de flamenco especializado.<\/p>\n<p>Por isso, a formula\u00e7\u00e3o mais prudente n\u00e3o \u00e9 afirmar que Los Lombardos foi \u00abo primeiro tablao flamenco\u00bb de Sevilha, mas consider\u00e1-lo um dos <strong>primeiros antecedentes da cultura de caf\u00e9s e espet\u00e1culos<\/strong> que acabaria por desembocar no caf\u00e9 cantante flamenco.<\/p>\n<p>H\u00e1 ainda um exemplo de por que as fontes devem ser tratadas com cuidado: algumas vers\u00f5es modernas associaram ao espa\u00e7o artistas nascidos d\u00e9cadas depois da sua suposta primeira fase. A mem\u00f3ria flamenca \u00e9 riqu\u00edssima, mas nem sempre funciona como uma cronologia documental exata.<\/p>\n<\/div><\/div><div class=\"w-separator size_medium\"><\/div><div class=\"wpb_text_column\"><div class=\"wpb_wrapper\"><h2 id=\"salon-oriente\">O Sal\u00f3n de Oriente e uma data-chave: 21 de abril de 1866<\/h2>\n<p>Muito mais s\u00f3lida \u00e9 a documenta\u00e7\u00e3o que rodeia o <strong>Sal\u00f3n de Oriente<\/strong>, tamb\u00e9m relacionado com o nome Sal\u00f3n Barrera e com a fam\u00edlia de mestres de dan\u00e7a Barrera. Em 21 de abril de 1866 foi publicado em Sevilha um an\u00fancio para um \u00abgrande concerto de dan\u00e7as do pa\u00eds com cantos e dan\u00e7as flamencas\u00bb.<\/p>\n<p>Esse an\u00fancio \u00e9 muito importante porque mostra como a palavra <strong>flamenco<\/strong> come\u00e7ava a funcionar publicamente como designa\u00e7\u00e3o de um tipo espec\u00edfico de canto e dan\u00e7a, substituindo ou convivendo com express\u00f5es anteriores como \u00abcantos andaluzes\u00bb, \u00abdan\u00e7as do pa\u00eds\u00bb ou \u00ab\u00e0 maneira cigana\u00bb.<\/p>\n<p>Isto n\u00e3o significa que o flamenco tenha nascido nesse dia. Demonstra, sim, que em meados da d\u00e9cada de 1860 o p\u00fablico sevilhano podia reconhecer uma oferta c\u00e9nica descrita como flamenca e que os empres\u00e1rios consideravam essa palavra suficientemente apelativa para a utilizar na publicidade.<\/p>\n<p>O Sal\u00f3n de Oriente representa, portanto, a ponte entre as academias de dan\u00e7a e a fase dos grandes caf\u00e9s profissionais que dominariam as d\u00e9cadas seguintes.<\/p>\n<\/div><\/div><\/div><\/div><\/div><\/div><\/div><\/section><section class=\"l-section wpb_row height_huge\"><div class=\"l-section-h i-cf\"><div class=\"g-cols vc_row via_flex valign_top type_default stacking_default\"><div class=\"vc_col-sm-12 wpb_column vc_column_container\"><div class=\"vc_column-inner\"><div class=\"wpb_wrapper\"><div class=\"wpb_text_column\"><div class=\"wpb_wrapper\"><h2 id=\"silverio\" style=\"text-align: center;\">Silverio Franconetti e o nascimento de uma ind\u00fastria flamenca<\/h2>\n<p style=\"text-align: center;\">Se existe uma figura insepar\u00e1vel da profissionaliza\u00e7\u00e3o do flamenco nos caf\u00e9s sevilhanos \u00e9 Silverio Franconetti. Mais do que \u00abinventar\u00bb o flamenco ou inaugurar o primeiro espa\u00e7o de lazer com canto, a sua import\u00e2ncia est\u00e1 em ter entendido o g\u00e9nero como um espet\u00e1culo profissional organizado.<\/p>\n<\/div><\/div><div class=\"w-separator size_medium\"><\/div><div class=\"wpb_text_column\"><div class=\"wpb_wrapper\"><h3>Artista e empres\u00e1rio<\/h3>\n<p>Silverio reunia duas condi\u00e7\u00f5es decisivas: era um cantor de enorme prest\u00edgio e, ao mesmo tempo, compreendia a l\u00f3gica empresarial do espet\u00e1culo. Isso permitia-lhe selecionar artistas, desenhar programas e utilizar o pr\u00f3prio nome como garantia de qualidade.<\/p>\n<h3>Um repert\u00f3rio para ouvir<\/h3>\n<p>A presen\u00e7a de um grande cantor como empres\u00e1rio ajudou a aumentar o peso do canto em espa\u00e7os onde inicialmente a dan\u00e7a podia ser o principal atrativo. O p\u00fablico come\u00e7ou tamb\u00e9m a frequent\u00e1-los para ouvir estilos e comparar int\u00e9rpretes.<\/p>\n<h3>Uma rede de artistas<\/h3>\n<p>Pelos seus palcos passaram int\u00e9rpretes de diferentes cidades andaluzas. Essa mobilidade favoreceu a troca de repert\u00f3rios, variantes e modos de fazer, reduzindo o isolamento de tradi\u00e7\u00f5es estritamente locais.<\/p>\n<\/div><\/div><div class=\"w-separator size_medium\"><\/div><div class=\"wpb_text_column\"><div class=\"wpb_wrapper\"><p>Na d\u00e9cada de 1870 Silverio aparece ligado \u00e0 dire\u00e7\u00e3o e programa\u00e7\u00e3o de espa\u00e7os sevilhanos como o Sal\u00f3n del Recreo. Em <strong>1878<\/strong> abriu tamb\u00e9m um caf\u00e9 cantante de ver\u00e3o na Alameda de H\u00e9rcules, documentado na imprensa. Pouco depois, em 1881, separou-se de Manuel Ojeda e abriu na Calle Rosario o estabelecimento que ficaria definitivamente associado ao seu nome.<\/p>\n<p>A bibliografia discute inclusivamente alguns pormenores biogr\u00e1ficos de Silverio \u2014 incluindo o seu ano exato de nascimento \u2014, o que aconselha a n\u00e3o construir a hist\u00f3ria dos caf\u00e9s sobre datas biogr\u00e1ficas n\u00e3o essenciais. O que est\u00e1 fora de d\u00favida \u00e9 que morreu em 1889 e que, nessa altura, a sua influ\u00eancia na configura\u00e7\u00e3o profissional do flamenco j\u00e1 era extraordin\u00e1ria.<\/p>\n<\/div><\/div><\/div><\/div><\/div><\/div><\/div><\/section><section class=\"l-section wpb_row height_huge color_alternate with_shape\"><div class=\"l-section-shape type_zigzag pos_top\" style=\"height:3vmin;\"><svg xmlns=\"http:\/\/www.w3.org\/2000\/svg\" viewBox=\"0 0 64 8\" preserveAspectRatio=\"none\" width=\"100%\" height=\"100%\">\r\n\t<path fill=\"currentColor\" d=\"M64 8 L0 8 L0 0 L20 7.9 L40 3 L48 5 L64 0 Z\"\/>\r\n<\/svg><\/div><div class=\"l-section-shape type_zigzag pos_bottom\" style=\"height:3vmin;\"><svg xmlns=\"http:\/\/www.w3.org\/2000\/svg\" viewBox=\"0 0 64 8\" preserveAspectRatio=\"none\" width=\"100%\" height=\"100%\">\r\n\t<path fill=\"currentColor\" d=\"M64 8 L0 8 L0 0 L20 7.9 L40 3 L48 5 L64 0 Z\"\/>\r\n<\/svg><\/div><div class=\"l-section-h i-cf\"><div class=\"g-cols vc_row via_flex valign_top type_default stacking_default\"><div class=\"vc_col-sm-12 wpb_column vc_column_container\"><div class=\"vc_column-inner\"><div class=\"wpb_wrapper\"><div class=\"wpb_text_column\"><div class=\"wpb_wrapper\"><h2 id=\"burrero\">O Caf\u00e9 del Burrero: concorr\u00eancia, espet\u00e1culo e lenda<\/h2>\n<p><strong>Manuel Ojeda Rodr\u00edguez<\/strong>, conhecido como El Burrero, foi outro dos grandes empres\u00e1rios desta fase. Segundo a tradi\u00e7\u00e3o biogr\u00e1fica, a alcunha provinha da sua liga\u00e7\u00e3o juvenil \u00e0 venda de leite de burra. A sua trajet\u00f3ria cruzou-se com a de Silverio no antigo Sal\u00f3n del Recreo da Calle Tarifa.<\/p>\n<p>As designa\u00e7\u00f5es do espa\u00e7o mudam conforme as \u00e9pocas e as fontes: Sal\u00f3n del Recreo, Caf\u00e9 de la Escalerilla, Caf\u00e9 de Manuel Ojeda e, finalmente, Caf\u00e9 del Burrero. O importante \u00e9 que, ap\u00f3s a separa\u00e7\u00e3o dos dois empres\u00e1rios em 1881, <strong>Ojeda manteve um estabelecimento pr\u00f3prio e tornou-se o principal concorrente de Silverio<\/strong>.<\/p>\n<p>Em <strong>1888<\/strong> El Burrero transferiu-se para o n\u00famero 11 da Calle Sierpes, para um espa\u00e7o maior com acessos a ruas pr\u00f3ximas. A\u00ed alcan\u00e7ou enorme fama e permaneceu aproximadamente at\u00e9 1897.<\/p>\n<p>Entre os artistas ligados aos seus palcos aparecem nomes como <strong>Fosforito el Viejo, El Canario, Concha La Carbonera, La Pe\u00f1aranda, Gabriela Ortega<\/strong> e outros int\u00e9rpretes fundamentais do per\u00edodo.<\/p>\n<\/div><\/div><div class=\"w-separator size_medium\"><\/div><div class=\"g-cols wpb_row via_flex valign_middle type_default stacking_default\"><div class=\"vc_col-sm-6 wpb_column vc_column_container\"><div class=\"vc_column-inner\"><div class=\"wpb_wrapper\"><div class=\"wpb_text_column\"><div class=\"wpb_wrapper\"><h2>A fotografia mais famosa de um caf\u00e9 cantante<\/h2>\n<p>O Caf\u00e9 del Burrero possui tamb\u00e9m uma import\u00e2ncia documental excecional gra\u00e7as \u00e0s fotografias de <strong>Emilio Beauchy Cano<\/strong>. A c\u00e9lebre imagem intitulada simplesmente <em>Caf\u00e9 Cantante<\/em> mostra um numeroso grupo de artistas sobre uma plataforma e o p\u00fablico sentado \u00e0s mesas.<\/p>\n<p>Durante muito tempo a fotografia foi datada automaticamente de 1881 ou 1888. As investiga\u00e7\u00f5es fotogr\u00e1ficas atuais s\u00e3o mais cautelosas: Beauchy Photo situa o conjunto de c\u00f3pias conhecidas na <strong>d\u00e9cada de 1880<\/strong> e reconhece que a data\u00e7\u00e3o exata continua em aberto, embora existam exemplares vendidos antes de 1891.<\/p>\n<p>A imagem \u00e9 valiosa n\u00e3o apenas pelos poss\u00edveis nomes dos protagonistas. Permite observar a organiza\u00e7\u00e3o f\u00edsica do espa\u00e7o, a presen\u00e7a maiorit\u00e1ria de mulheres no corpo de dan\u00e7a, a guitarra como acompanhamento, a plataforma elevada, as mesas, as bebidas e a proximidade entre espet\u00e1culo e clientela.<\/p>\n<p>\u00c9, provavelmente, a representa\u00e7\u00e3o visual que melhor fixou no nosso imagin\u00e1rio como era um caf\u00e9 cantante flamenco do s\u00e9culo XIX.<\/p>\n<\/div><\/div><\/div><\/div><\/div><div class=\"vc_col-sm-6 wpb_column vc_column_container\"><div class=\"vc_column-inner\"><div class=\"wpb_wrapper\"><div class=\"w-image align_center\"><div class=\"w-image-h\"><img decoding=\"async\" width=\"1024\" height=\"800\" src=\"https:\/\/www.tablaosflamencos.com\/wp-content\/uploads\/cafes-cantantes-en-sevilla-historia-locales-y-papel-en-el-desarrollo-del-flamenco-01-1-1024x800.webp\" class=\"attachment-large size-large\" alt=\"Caf\u00e9s cantantes en Sevilla: historia, locales y papel en el desarrollo del flamenco\" loading=\"eager\" srcset=\"https:\/\/www.tablaosflamencos.com\/wp-content\/uploads\/cafes-cantantes-en-sevilla-historia-locales-y-papel-en-el-desarrollo-del-flamenco-01-1-1024x800.webp 1024w, https:\/\/www.tablaosflamencos.com\/wp-content\/uploads\/cafes-cantantes-en-sevilla-historia-locales-y-papel-en-el-desarrollo-del-flamenco-01-1-300x234.webp 300w, https:\/\/www.tablaosflamencos.com\/wp-content\/uploads\/cafes-cantantes-en-sevilla-historia-locales-y-papel-en-el-desarrollo-del-flamenco-01-1-1536x1200.webp 1536w, https:\/\/www.tablaosflamencos.com\/wp-content\/uploads\/cafes-cantantes-en-sevilla-historia-locales-y-papel-en-el-desarrollo-del-flamenco-01-1-600x469.webp 600w, https:\/\/www.tablaosflamencos.com\/wp-content\/uploads\/cafes-cantantes-en-sevilla-historia-locales-y-papel-en-el-desarrollo-del-flamenco-01-1-150x117.webp 150w, https:\/\/www.tablaosflamencos.com\/wp-content\/uploads\/cafes-cantantes-en-sevilla-historia-locales-y-papel-en-el-desarrollo-del-flamenco-01-1.webp 1920w\" sizes=\"auto, (max-width: 1024px) 100vw, 1024px\" \/><\/div><\/div><\/div><\/div><\/div><\/div><\/div><\/div><\/div><\/div><\/div><\/section><section class=\"l-section wpb_row height_huge\"><div class=\"l-section-h i-cf\"><div class=\"g-cols vc_row via_flex valign_top type_default stacking_default\"><div class=\"vc_col-sm-12 wpb_column vc_column_container\"><div class=\"vc_column-inner\"><div class=\"wpb_wrapper\"><div class=\"wpb_text_column\"><div class=\"wpb_wrapper\"><h2 id=\"cafe-silverio\">O Caf\u00e9 de Silverio da Calle Rosario<\/h2>\n<p>Depois de terminar a sociedade com Ojeda, Silverio abriu em <strong>1881<\/strong> um novo caf\u00e9 no n\u00famero 4 da Calle Rosario, em pleno centro de Sevilha. Este estabelecimento \u00e9 o que deve ser corretamente identificado como o grande <strong>Caf\u00e9 de Silverio<\/strong> da sua fase de maturidade.<\/p>\n<p>A sua reputa\u00e7\u00e3o baseava-se na qualidade do elenco e na autoridade art\u00edstica do propriet\u00e1rio. Antonio Machado y \u00c1lvarez, <strong>Dem\u00f3filo<\/strong>, conheceu pessoalmente Silverio e encontrou naquele ambiente informa\u00e7\u00e3o decisiva para a sua <em>Colecci\u00f3n de cantes flamencos<\/em>, publicada em 1881, uma das obras fundadoras dos estudos flamencos.<\/p>\n<p>Entre os artistas associados ao c\u00edrculo do caf\u00e9 encontram-se <strong>Antonio Chac\u00f3n, La Serneta, La Parrala, La Macarrona, La Malena<\/strong> e numerosos cantores e bailarinas que acabariam por fazer parte do c\u00e2none hist\u00f3rico do flamenco.<\/p>\n<p>A rivalidade com El Burrero alimentou ainda uma verdadeira competi\u00e7\u00e3o pelos melhores artistas e pelo p\u00fablico. Mais do que uma anedota pitoresca, essa concorr\u00eancia \u00e9 uma das chaves da evolu\u00e7\u00e3o est\u00e9tica do per\u00edodo: quem queria conservar a clientela precisava de oferecer grandes figuras, novidades e atua\u00e7\u00f5es memor\u00e1veis.<\/p>\n<\/div><\/div><div class=\"w-separator size_medium\"><\/div><div class=\"wpb_text_column\"><div class=\"wpb_wrapper\"><h2>Uma corre\u00e7\u00e3o importante: Silverio n\u00e3o fundou o Sal\u00f3n Novedades de 1897<\/h2>\n<p>Algumas publica\u00e7\u00f5es modernas misturaram duas cronologias diferentes e atribuem a Silverio um suposto \u00abCaf\u00e9 Novedades\u00bb em La Campana antes de 1889. Essa afirma\u00e7\u00e3o n\u00e3o corresponde \u00e0 documenta\u00e7\u00e3o dispon\u00edvel sobre o grande <strong>Sal\u00f3n Novedades<\/strong> que conhecemos historicamente.<\/p>\n<p>O estabelecimento de La Campana foi fundado em <strong>1897<\/strong> por <strong>Fernando Gonz\u00e1lez de la Serna y Pino<\/strong>, oito anos depois da morte de Silverio. As fontes da \u00e9poca e os estudos posteriores apresentam-no precisamente como uma iniciativa destinada a recuperar o espa\u00e7o art\u00edstico deixado pelos caf\u00e9s de Silverio, El Burrero e outros locais hist\u00f3ricos.<\/p>\n<p>Pode ter existido confus\u00e3o entre diferentes estabelecimentos, designa\u00e7\u00f5es comerciais ou programa\u00e7\u00f5es anteriores, mas n\u00e3o \u00e9 rigoroso apresentar o Novedades de 1897 como uma segunda sede de Silverio.<\/p>\n<p>Esta distin\u00e7\u00e3o \u00e9 importante porque mostra at\u00e9 que ponto a hist\u00f3ria oral e a repeti\u00e7\u00e3o bibliogr\u00e1fica podem acabar por fundir espa\u00e7os e datas distintos.<\/p>\n<\/div><\/div><\/div><\/div><\/div><\/div><\/div><\/section><section class=\"l-section wpb_row height_huge color_alternate with_shape\"><div class=\"l-section-shape type_zigzag pos_top\" style=\"height:3vmin;\"><svg xmlns=\"http:\/\/www.w3.org\/2000\/svg\" viewBox=\"0 0 64 8\" preserveAspectRatio=\"none\" width=\"100%\" height=\"100%\">\r\n\t<path fill=\"currentColor\" d=\"M64 8 L0 8 L0 0 L20 7.9 L40 3 L48 5 L64 0 Z\"\/>\r\n<\/svg><\/div><div class=\"l-section-shape type_zigzag pos_bottom\" style=\"height:3vmin;\"><svg xmlns=\"http:\/\/www.w3.org\/2000\/svg\" viewBox=\"0 0 64 8\" preserveAspectRatio=\"none\" width=\"100%\" height=\"100%\">\r\n\t<path fill=\"currentColor\" d=\"M64 8 L0 8 L0 0 L20 7.9 L40 3 L48 5 L64 0 Z\"\/>\r\n<\/svg><\/div><div class=\"l-section-h i-cf\"><div class=\"g-cols vc_row via_flex valign_top type_default stacking_default\"><div class=\"vc_col-sm-12 wpb_column vc_column_container\"><div class=\"vc_column-inner\"><div class=\"wpb_wrapper\"><div class=\"wpb_text_column\"><div class=\"wpb_wrapper\"><h2 id=\"novedades\" style=\"text-align: center;\">O Sal\u00f3n Novedades: o grande caf\u00e9 da gera\u00e7\u00e3o seguinte<\/h2>\n<p style=\"text-align: center;\">Aberto em 1897 na zona de La Campana, o Novedades pertence j\u00e1 a uma fase posterior a Silverio. Representa a continuidade do modelo de caf\u00e9 cantante quando o flamenco estava plenamente profissionalizado e come\u00e7avam a crescer novas formas de entretenimento urbano.<\/p>\n<h3>Localiza\u00e7\u00e3o<\/h3>\n<p>Instalou-se no n\u00famero 7 da antiga Calle Santa Mar\u00eda de Gracia, na esquina pr\u00f3xima de Mart\u00edn Villa e La Campana. Durante d\u00e9cadas, o edif\u00edcio fez parte da paisagem de um dos pontos mais movimentados de Sevilha.<\/p>\n<h3>Artistas<\/h3>\n<p>Pelo seu palco passaram figuras como Manuel Torre, La Coquinera, La Ni\u00f1a de los Peines e outros artistas que ligam a fase cl\u00e1ssica dos caf\u00e9s ao flamenco do primeiro ter\u00e7o do s\u00e9culo XX.<\/p>\n<h3>Fim<\/h3>\n<p>O edif\u00edcio desapareceu em 1923. A sua demoli\u00e7\u00e3o ficou documentada fotograficamente e foi percebida por parte da sociedade sevilhana como o desaparecimento de um espa\u00e7o carregado de mem\u00f3ria popular e flamenca.<\/p>\n<\/div><\/div><div class=\"w-separator size_medium\"><\/div><div class=\"wpb_text_column\"><div class=\"wpb_wrapper\"><p>A import\u00e2ncia do Novedades permite ainda corrigir uma vis\u00e3o demasiado simples da hist\u00f3ria: os caf\u00e9s cantantes n\u00e3o terminaram quando Silverio morreu nem foram substitu\u00eddos de repente pelos teatros. O processo foi gradual e, durante as primeiras d\u00e9cadas do s\u00e9culo XX, coexistiram caf\u00e9s, sal\u00f5es, music-halls, teatros, variedades e novas f\u00f3rmulas de espet\u00e1culo.<\/p>\n<\/div><\/div><\/div><\/div><\/div><\/div><\/div><\/section><section class=\"l-section wpb_row height_huge\"><div class=\"l-section-h i-cf\"><div class=\"g-cols vc_row via_flex valign_top type_default stacking_default\"><div class=\"vc_col-sm-12 wpb_column vc_column_container\"><div class=\"vc_column-inner\"><div class=\"wpb_wrapper\"><div class=\"wpb_text_column\"><div class=\"wpb_wrapper\"><h2 id=\"otros-locales\">Outros caf\u00e9s cantantes, sal\u00f5es e espa\u00e7os de flamenco em Sevilha<\/h2>\n<p>Reduzir a hist\u00f3ria sevilhana a Silverio, El Burrero e Novedades seria deixar de fora uma rede muito mais ampla de estabelecimentos. Os guias urbanos, a imprensa e a bibliografia especializada mencionam numerosos espa\u00e7os que, com diferentes intensidades e dura\u00e7\u00f5es, acolheram atua\u00e7\u00f5es flamencas.<\/p>\n<h3>Caf\u00e9 Filarm\u00f3nico<\/h3>\n<p>Ativo na zona da Alameda e de Amor de Dios, aparece citado na documenta\u00e7\u00e3o da d\u00e9cada de 1870 como um dos estabelecimentos que incorporaram espet\u00e1culos flamencos. A imprensa chegou a contrastar a escassa assist\u00eancia aos concertos de m\u00fasica cl\u00e1ssica com a lota\u00e7\u00e3o dos sal\u00f5es \u00abfilarm\u00f3nico-flamencos\u00bb.<\/p>\n<h3>Caf\u00e9 de Variedades e Sal\u00f3n de Variedades<\/h3>\n<p>Em diferentes fases e localiza\u00e7\u00f5es pr\u00f3ximas da Alameda, estes espa\u00e7os mostram a continuidade entre variedades, dan\u00e7a e flamenco. No s\u00e9culo XX, o Sal\u00f3n de Variedades fez parte da vida noturna da zona at\u00e9 aos anos 1930.<\/p>\n<h3>Caf\u00e9 del Arenal e Caf\u00e9 de la Marina<\/h3>\n<p>A zona pr\u00f3xima do Arenal e da atual Garc\u00eda de Vinuesa contou tamb\u00e9m com caf\u00e9s ligados ao espet\u00e1culo. A sua documenta\u00e7\u00e3o \u00e9 menos abundante do que a dos grandes nomes, mas ajudam a compreender a amplitude geogr\u00e1fica do fen\u00f3meno.<\/p>\n<h3>Caf\u00e9 Teatro Suizo<\/h3>\n<p>Situado na Calle Sierpes, foi um importante espa\u00e7o de lazer oitocentista. A sua programa\u00e7\u00e3o n\u00e3o era exclusivamente flamenca, mas faz parte do ecossistema de caf\u00e9s, teatros e sal\u00f5es em que se desenvolveu o espet\u00e1culo sevilhano.<\/p>\n<h3>Os caf\u00e9s Los Cagajones e Las Triperas<\/h3>\n<p>A tradi\u00e7\u00e3o flamencol\u00f3gica recorda estes nomes populares em rela\u00e7\u00e3o com zonas do centro hoje transformadas. S\u00e3o exemplos de estabelecimentos cuja hist\u00f3ria se reconstr\u00f3i a partir de mem\u00f3rias de artistas, imprensa e refer\u00eancias dispersas.<\/p>\n<h3>Kursaal, Ideal Concert, Olimpia e El Tron\u00edo<\/h3>\n<p>J\u00e1 no s\u00e9culo XX, espa\u00e7os como o Kursaal, Ideal Concert, Sal\u00f3n Olimpia ou El Tron\u00edo mostram a evolu\u00e7\u00e3o para caf\u00e9s-concerto e espa\u00e7os de variedades que prolongaram a presen\u00e7a do flamenco na noite sevilhana enquanto mudava o modelo empresarial.<\/p>\n<\/div><\/div><\/div><\/div><\/div><\/div><\/div><\/section><section class=\"l-section wpb_row height_huge color_alternate with_shape\"><div class=\"l-section-shape type_zigzag pos_top\" style=\"height:3vmin;\"><svg xmlns=\"http:\/\/www.w3.org\/2000\/svg\" viewBox=\"0 0 64 8\" preserveAspectRatio=\"none\" width=\"100%\" height=\"100%\">\r\n\t<path fill=\"currentColor\" d=\"M64 8 L0 8 L0 0 L20 7.9 L40 3 L48 5 L64 0 Z\"\/>\r\n<\/svg><\/div><div class=\"l-section-shape type_zigzag pos_bottom\" style=\"height:3vmin;\"><svg xmlns=\"http:\/\/www.w3.org\/2000\/svg\" viewBox=\"0 0 64 8\" preserveAspectRatio=\"none\" width=\"100%\" height=\"100%\">\r\n\t<path fill=\"currentColor\" d=\"M64 8 L0 8 L0 0 L20 7.9 L40 3 L48 5 L64 0 Z\"\/>\r\n<\/svg><\/div><div class=\"l-section-h i-cf\"><div class=\"g-cols vc_row via_flex valign_top type_default stacking_default\"><div class=\"vc_col-sm-12 wpb_column vc_column_container\"><div class=\"vc_column-inner\"><div class=\"wpb_wrapper\"><div class=\"wpb_text_column\"><div class=\"wpb_wrapper\"><h2 id=\"profesionalizacion\" style=\"text-align: center;\">Por que os caf\u00e9s cantantes foram decisivos para profissionalizar o flamenco<\/h2>\n<p style=\"text-align: center;\">A grande transforma\u00e7\u00e3o n\u00e3o foi apenas art\u00edstica. Os caf\u00e9s criaram uma estrutura econ\u00f3mica capaz de transformar o flamenco numa profiss\u00e3o continuada para um n\u00famero crescente de int\u00e9rpretes.<\/p>\n<p>Antes desta fase, um cantor ou bailarino podia atuar em festas privadas, ventas, tabernas, celebra\u00e7\u00f5es familiares ou espet\u00e1culos ocasionais. O caf\u00e9 cantante introduziu a possibilidade de <strong>trabalhar regularmente perante um p\u00fablico que pagava indiretamente pelo espet\u00e1culo atrav\u00e9s do consumo<\/strong> e, em determinadas fases, atrav\u00e9s de bilhetes ou outras f\u00f3rmulas comerciais.<\/p>\n<p>Surge assim uma rela\u00e7\u00e3o est\u00e1vel entre empres\u00e1rio e artista. Formam-se <strong>elencos flamencos<\/strong>, negociam-se sal\u00e1rios, publicitam-se figuras e programam-se sess\u00f5es. O sucesso de um int\u00e9rprete pode aumentar o seu cachet e levar um caf\u00e9 rival a tentar contrat\u00e1-lo.<\/p>\n<p>A expans\u00e3o do caminho de ferro e as melhores comunica\u00e7\u00f5es facilitaram ainda a circula\u00e7\u00e3o entre Sevilha, C\u00e1dis, Jerez, C\u00f3rdova, M\u00e1laga e Madrid. O artista profissional deixa de depender exclusivamente do seu meio imediato e pode construir uma carreira em diferentes cidades.<\/p>\n<p>Esta mobilidade teve um efeito art\u00edstico profundo: estilos associados a fam\u00edlias ou zonas concretas come\u00e7aram a ouvir-se fora do seu lugar de origem. Os int\u00e9rpretes aprendiam uns com os outros e o p\u00fablico come\u00e7ou a reconhecer repert\u00f3rios, escolas e personalidades.<\/p>\n<\/div><\/div><\/div><\/div><\/div><\/div><\/div><\/section><section class=\"l-section wpb_row height_huge\"><div class=\"l-section-h i-cf\"><div class=\"g-cols vc_row via_flex valign_top type_default stacking_default\"><div class=\"vc_col-sm-12 wpb_column vc_column_container\"><div class=\"vc_column-inner\"><div class=\"wpb_wrapper\"><div class=\"wpb_text_column\"><div class=\"wpb_wrapper\"><h2 id=\"cante\">O canto: de intervalo a centro das aten\u00e7\u00f5es<\/h2>\n<p>Nos primeiros sal\u00f5es a dan\u00e7a tinha uma enorme capacidade de atra\u00e7\u00e3o visual. O canto podia surgir como acompanhamento ou entre n\u00fameros de dan\u00e7a. A fase dos caf\u00e9s favoreceu que o p\u00fablico aprendesse tamb\u00e9m a <strong>ouvir o cantor como protagonista<\/strong>.<\/p>\n<p>Figuras como Silverio, Chac\u00f3n, Juan Breva ou Fosforito eram capazes de atrair aficionados por si pr\u00f3prias. A compara\u00e7\u00e3o entre artistas gerou uma audi\u00eancia cada vez mais especializada e atenta a estilos, tercios, variantes mel\u00f3dicas e personalidade interpretativa.<\/p>\n<p>Esta evolu\u00e7\u00e3o n\u00e3o deve ser entendida como uma \u00abfixa\u00e7\u00e3o\u00bb absoluta dos palos. O flamenco continuava a ser oral e mut\u00e1vel. Mas a repeti\u00e7\u00e3o p\u00fablica de repert\u00f3rios e a concorr\u00eancia ajudaram muitas formas a tornarem-se mais claramente reconhec\u00edveis e alguns estilos pessoais a transformarem-se em modelos transmitidos \u00e0s gera\u00e7\u00f5es posteriores.<\/p>\n<\/div><\/div><div class=\"w-separator size_medium\"><\/div><div class=\"wpb_text_column\"><div class=\"wpb_wrapper\"><h2 id=\"baile\">A dan\u00e7a: o palco de madeira modifica a t\u00e9cnica<\/h2>\n<p>A historiografia da dan\u00e7a considera a \u00e9poca dos caf\u00e9s um dos seus per\u00edodos de consolida\u00e7\u00e3o mais decisivos. O novo palco de madeira tornou o trabalho dos p\u00e9s mais aud\u00edvel e permitiu desenvolver o <strong>zapateado<\/strong> com uma precis\u00e3o e espetacularidade dif\u00edceis de conseguir noutros espa\u00e7os.<\/p>\n<p>Os estudos de Juan Zagalaz e Javier Cach\u00f3n-Zagalaz resumem um amplo consenso: nestes anos disciplinam-se ritmos, consolidam-se c\u00e2nones c\u00e9nicos e cresce a profissionaliza\u00e7\u00e3o. A dan\u00e7a vai-se tornando progressivamente independente do canto e adquire uma personalidade art\u00edstica pr\u00f3pria.<\/p>\n<p>Tamb\u00e9m se atribui a esta fase a consolida\u00e7\u00e3o de elementos visuais e estil\u00edsticos que acabariam por se tornar emblem\u00e1ticos da dan\u00e7a flamenca, embora as datas concretas variem segundo os autores. Sole\u00e1, alegr\u00edas e tangos aparecem repetidamente nas fontes; mais tarde ganhar\u00e3o peso a farruca, o garrot\u00edn e outros estilos.<\/p>\n<\/div><\/div><div class=\"w-separator size_medium\"><\/div><div class=\"wpb_text_column\"><div class=\"wpb_wrapper\"><h2 id=\"guitarra\">A guitarra: de acompanhamento a profiss\u00e3o especializada<\/h2>\n<p>A guitarra foi adquirindo um papel cada vez mais definido como instrumento essencial do flamenco. O caf\u00e9 cantante precisava de guitarristas capazes de acompanhar diferentes cantores e bailarinos, adaptar-se a repert\u00f3rios variados e responder em tempo real a chamadas, fechos e mudan\u00e7as de din\u00e2mica.<\/p>\n<p>Esta procura profissional favoreceu a especializa\u00e7\u00e3o do <strong>guitarrista de acompanhamento flamenco<\/strong>. O instrumento desenvolveu recursos pr\u00f3prios de acompanhamento e, progressivamente, espa\u00e7os instrumentais mais amplos atrav\u00e9s de falsetas e solos.<\/p>\n<p>A fase liga-se a figuras como Paco de Lucena e outros guitarristas que prepararam o caminho para a grande evolu\u00e7\u00e3o da guitarra flamenca durante o s\u00e9culo XX. A guitarra deixou de ser um simples suporte harm\u00f3nico e tornou-se uma das tr\u00eas linguagens fundamentais do espet\u00e1culo flamenco.<\/p>\n<\/div><\/div><\/div><\/div><\/div><\/div><\/div><\/section><section class=\"l-section wpb_row height_huge color_alternate with_shape\"><div class=\"l-section-shape type_zigzag pos_top\" style=\"height:3vmin;\"><svg xmlns=\"http:\/\/www.w3.org\/2000\/svg\" viewBox=\"0 0 64 8\" preserveAspectRatio=\"none\" width=\"100%\" height=\"100%\">\r\n\t<path fill=\"currentColor\" d=\"M64 8 L0 8 L0 0 L20 7.9 L40 3 L48 5 L64 0 Z\"\/>\r\n<\/svg><\/div><div class=\"l-section-shape type_zigzag pos_bottom\" style=\"height:3vmin;\"><svg xmlns=\"http:\/\/www.w3.org\/2000\/svg\" viewBox=\"0 0 64 8\" preserveAspectRatio=\"none\" width=\"100%\" height=\"100%\">\r\n\t<path fill=\"currentColor\" d=\"M64 8 L0 8 L0 0 L20 7.9 L40 3 L48 5 L64 0 Z\"\/>\r\n<\/svg><\/div><div class=\"l-section-h i-cf\"><div class=\"g-cols vc_row via_flex valign_top type_default stacking_default\"><div class=\"vc_col-sm-12 wpb_column vc_column_container\"><div class=\"vc_column-inner\"><div class=\"wpb_wrapper\"><div class=\"wpb_text_column\"><div class=\"wpb_wrapper\"><h2 id=\"mujeres\">Bailarinas e cantoras: protagonistas com sal\u00e1rios desiguais<\/h2>\n<p>As mulheres foram absolutamente centrais no \u00eaxito visual e art\u00edstico dos caf\u00e9s cantantes. A iconografia da \u00e9poca mostra elencos com numerosas bailarinas e a historiografia assinala que, na dan\u00e7a, elas superavam amplamente os homens em n\u00famero.<\/p>\n<p>Nomes como <strong>La Macarrona, La Malena, Concha La Carbonera, La Serneta, La Parrala, Gabriela Ortega ou La Coquinera<\/strong> fazem parte da hist\u00f3ria destes palcos. Atrav\u00e9s delas desenvolveram-se estilos, recursos c\u00e9nicos, maneiras de mover bra\u00e7os e tronco e uma est\u00e9tica que influenciou profundamente a dan\u00e7a posterior.<\/p>\n<p>A profissionaliza\u00e7\u00e3o n\u00e3o eliminou, contudo, as desigualdades. As fontes estudadas pela historiografia recordam que os sal\u00e1rios das mulheres podiam ser muito inferiores aos dos grandes cantores masculinos. Uma refer\u00eancia muito citada sobre a d\u00e9cada de 1890 coloca Chac\u00f3n e Juan Breva entre os mais bem pagos, enquanto at\u00e9 uma figura como La Macarrona recebia bastante menos.<\/p>\n<p>Al\u00e9m disso, a mulher artista teve de suportar uma forte estigmatiza\u00e7\u00e3o moral. O trabalho noturno, o contacto com clientes e a associa\u00e7\u00e3o entre determinados caf\u00e9s e ambientes de prostitui\u00e7\u00e3o e vida noturna geraram preconceitos que afetaram especialmente bailarinas e cantoras.<\/p>\n<\/div><\/div><div class=\"w-separator size_medium\"><\/div><div class=\"wpb_text_column\"><div class=\"wpb_wrapper\"><h2 id=\"publico\">Um novo p\u00fablico: aficionados, jovens abastados, viajantes e curiosos<\/h2>\n<p>Os caf\u00e9s cantantes ampliaram o p\u00fablico do flamenco. A eles acorriam aficionados populares, trabalhadores, burgueses, jovens de fam\u00edlias abastadas, viajantes e estrangeiros atra\u00eddos pela imagem rom\u00e2ntica da Andaluzia.<\/p>\n<p>Esta mistura social nem sempre foi harmoniosa. Os caf\u00e9s estavam inseridos na vida noturna e alguns foram palco de brigas, roubos, prostitui\u00e7\u00e3o, consumo excessivo de \u00e1lcool e outros acontecimentos frequentemente explorados pela imprensa. A morte de <strong>El Canario<\/strong> em 1885 junto ao estabelecimento de ver\u00e3o ligado a El Burrero contribuiu enormemente para a lenda negra destes ambientes.<\/p>\n<p>Mas seria um erro reduzi-los a lugares marginais ou violentos. Ao mesmo tempo eram <strong>centros art\u00edsticos de primeiro n\u00edvel<\/strong>, visitados por escritores, jornalistas, fot\u00f3grafos e viajantes. Esse olhar exterior ajudou a documentar o flamenco e a divulg\u00e1-lo fora dos seus circuitos originais.<\/p>\n<p>A imprensa foi tamb\u00e9m fundamental. Os an\u00fancios permitiam conhecer programa\u00e7\u00f5es, nomes de artistas e hor\u00e1rios; as cr\u00f3nicas e os acontecimentos deixavam registo da vida quotidiana dos espa\u00e7os. Grande parte do que hoje sabemos sobre o flamenco oitocentista procede precisamente dessas p\u00e1ginas de jornal.<\/p>\n<\/div><\/div><\/div><\/div><\/div><\/div><\/div><\/section><section class=\"l-section wpb_row height_huge\"><div class=\"l-section-h i-cf\"><div class=\"g-cols vc_row via_flex valign_top type_default stacking_default\"><div class=\"vc_col-sm-12 wpb_column vc_column_container\"><div class=\"vc_column-inner\"><div class=\"wpb_wrapper\"><div class=\"wpb_text_column\"><div class=\"wpb_wrapper\"><h2 style=\"text-align: center;\">Uma cronologia orientativa dos caf\u00e9s cantantes sevilhanos<\/h2>\n<p style=\"text-align: center;\">As datas devem ser lidas como refer\u00eancias de uma evolu\u00e7\u00e3o complexa: muitos espa\u00e7os mudaram de nome, propriet\u00e1rio ou atividade, e algumas cronologias continuam a ser discutidas.<\/p>\n<\/div><\/div><div class=\"w-separator size_medium\"><\/div><div class=\"wpb_text_column\"><div class=\"wpb_wrapper\"><h3>1847 \u00b7 Los Lombardos<\/h3>\n<p>Antecedente inicial da cultura dos caf\u00e9s e dos espet\u00e1culos. A sua condi\u00e7\u00e3o de primeiro caf\u00e9 flamenco especializado n\u00e3o pode ser considerada demonstrada.<\/p>\n<h3>1866 \u00b7 Sal\u00f3n de Oriente<\/h3>\n<p>Um an\u00fancio sevilhano utiliza a express\u00e3o \u00abcantos e dan\u00e7as flamencas\u00bb, mostrando que a nova designa\u00e7\u00e3o j\u00e1 funcionava publicamente.<\/p>\n<h3>1881 \u00b7 Silverio e El Burrero<\/h3>\n<p>A separa\u00e7\u00e3o dos dois empres\u00e1rios abre uma fase de forte rivalidade: Silverio inaugura o seu grande caf\u00e9 na Calle Rosario e Ojeda mant\u00e9m o pr\u00f3prio neg\u00f3cio.<\/p>\n<h3>1897 \u00b7 Sal\u00f3n Novedades<\/h3>\n<p>A nova gera\u00e7\u00e3o de caf\u00e9s assume o protagonismo em La Campana e prolonga a vida do modelo at\u00e9 ao primeiro quarto do s\u00e9culo XX.<\/p>\n<\/div><\/div><\/div><\/div><\/div><\/div><\/div><\/section><section class=\"l-section wpb_row height_huge color_alternate with_shape\"><div class=\"l-section-shape type_zigzag pos_top\" style=\"height:3vmin;\"><svg xmlns=\"http:\/\/www.w3.org\/2000\/svg\" viewBox=\"0 0 64 8\" preserveAspectRatio=\"none\" width=\"100%\" height=\"100%\">\r\n\t<path fill=\"currentColor\" d=\"M64 8 L0 8 L0 0 L20 7.9 L40 3 L48 5 L64 0 Z\"\/>\r\n<\/svg><\/div><div class=\"l-section-shape type_zigzag pos_bottom\" style=\"height:3vmin;\"><svg xmlns=\"http:\/\/www.w3.org\/2000\/svg\" viewBox=\"0 0 64 8\" preserveAspectRatio=\"none\" width=\"100%\" height=\"100%\">\r\n\t<path fill=\"currentColor\" d=\"M64 8 L0 8 L0 0 L20 7.9 L40 3 L48 5 L64 0 Z\"\/>\r\n<\/svg><\/div><div class=\"l-section-h i-cf\"><div class=\"g-cols vc_row via_flex valign_top type_default stacking_default\"><div class=\"vc_col-sm-12 wpb_column vc_column_container\"><div class=\"vc_column-inner\"><div class=\"wpb_wrapper\"><div class=\"wpb_text_column\"><div class=\"wpb_wrapper\"><h2 id=\"declive\" style=\"text-align: center;\">Por que desapareceram os caf\u00e9s cantantes<\/h2>\n<p style=\"text-align: center;\">N\u00e3o houve uma \u00fanica causa nem um dia em que todos fecharam. O modelo foi perdendo centralidade \u00e0 medida que mudavam a cidade, a legisla\u00e7\u00e3o e a ind\u00fastria do entretenimento.<\/p>\n<p>Em <strong>1908<\/strong> uma ordem ministerial obrigou a limitar determinadas atua\u00e7\u00f5es noturnas at\u00e9 \u00e0 meia-noite, uma medida relacionada com as repetidas queixas por ru\u00eddo, alterca\u00e7\u00f5es e moralidade p\u00fablica. Foi um golpe no neg\u00f3cio, mas n\u00e3o significou o encerramento imediato de todos os estabelecimentos.<\/p>\n<p>Ao mesmo tempo cresciam os teatros, os caf\u00e9s-concerto, o cinema e as variedades. O p\u00fablico dispunha de mais op\u00e7\u00f5es de lazer e os artistas flamencos come\u00e7aram a encontrar oportunidades em palcos de maior capacidade.<\/p>\n<p>A tecnologia acrescentou outra mudan\u00e7a. Os primeiros registos fonogr\u00e1ficos e, depois, os discos permitiram ouvir os artistas fora dos espa\u00e7os. O flamenco come\u00e7ava tamb\u00e9m a tornar-se uma ind\u00fastria gravada.<\/p>\n<p>Durante as d\u00e9cadas de 1910 e 1920 o grande espet\u00e1culo flamenco foi-se deslocando para teatros, pra\u00e7as de touros e digress\u00f5es de maior formato. A chamada <strong>\u00d3pera Flamenca<\/strong> n\u00e3o nasceu de um dia para o outro, mas como parte desta transforma\u00e7\u00e3o empresarial. Alguns caf\u00e9s e sal\u00f5es sobreviveram at\u00e9 aos anos 1920 e mesmo 1930, mas j\u00e1 dentro de um ecossistema de lazer diferente.<\/p>\n<\/div><\/div><\/div><\/div><\/div><\/div><\/div><\/section><section class=\"l-section wpb_row height_huge\"><div class=\"l-section-h i-cf\"><div class=\"g-cols vc_row via_flex valign_top type_default stacking_default\"><div class=\"vc_col-sm-12 wpb_column vc_column_container\"><div class=\"vc_column-inner\"><div class=\"wpb_wrapper\"><div class=\"wpb_text_column\"><div class=\"wpb_wrapper\"><h2 id=\"legado\">Do caf\u00e9 cantante ao tablao flamenco<\/h2>\n<p>Os tablaos que se consolidaram em meados do s\u00e9culo XX herdaram v\u00e1rios tra\u00e7os dos caf\u00e9s cantantes: proximidade entre p\u00fablico e artistas, espet\u00e1culo organizado em elencos, combina\u00e7\u00e3o de canto, dan\u00e7a e guitarra, contrata\u00e7\u00e3o profissional e possibilidade de acompanhar a sess\u00e3o com bebidas ou restaura\u00e7\u00e3o.<\/p>\n<p>Mas n\u00e3o s\u00e3o exatamente a mesma coisa. O caf\u00e9 cantante pertencia a uma cultura urbana de lazer muito concreta, em que o flamenco convivia com outras formas de espet\u00e1culo e com c\u00f3digos sociais pr\u00f3prios do s\u00e9culo XIX. O tablao moderno nasce noutro contexto tur\u00edstico, discogr\u00e1fico e teatral.<\/p>\n<p>Ainda assim, a genealogia \u00e9 evidente. Sem a profissionaliza\u00e7\u00e3o iniciada nos caf\u00e9s seria dif\u00edcil explicar a figura do empres\u00e1rio flamenco, o elenco art\u00edstico est\u00e1vel, a hierarquia de artistas, a estrutura de uma sess\u00e3o ou a pr\u00f3pria ideia de ouvir flamenco num espa\u00e7o especializado.<\/p>\n<p>Por isso, os caf\u00e9s cantantes n\u00e3o devem ser estudados como uma curiosidade desaparecida. Constituem um dos cap\u00edtulos que melhor explicam <strong>como o flamenco passou de pr\u00e1ticas sociais e c\u00e9nicas dispersas para uma profiss\u00e3o art\u00edstica moderna<\/strong>.<\/p>\n<\/div><\/div><div class=\"w-separator size_medium\"><\/div><div class=\"wpb_text_column\"><div class=\"wpb_wrapper\"><h2>Sevilha como laborat\u00f3rio do flamenco moderno<\/h2>\n<p>O papel de Sevilha n\u00e3o foi exclusivo: C\u00e1dis, Jerez, M\u00e1laga, Granada, C\u00f3rdova, Madrid e outras cidades desenvolveram tamb\u00e9m circuitos essenciais. Mas a capital andaluza reuniu uma combina\u00e7\u00e3o extraordin\u00e1ria de artistas, empres\u00e1rios, p\u00fablico, viajantes, imprensa e espa\u00e7os c\u00e9nicos.<\/p>\n<p>A concentra\u00e7\u00e3o de caf\u00e9s no centro e na Alameda, a liga\u00e7\u00e3o ferrovi\u00e1ria com outros focos flamencos e o enorme atrativo da cidade para os visitantes ajudaram Sevilha a funcionar como uma grande pra\u00e7a profissional.<\/p>\n<p>Nos seus caf\u00e9s cruzaram-se artistas ciganos e n\u00e3o ciganos, int\u00e9rpretes de diferentes prov\u00edncias, mestres da escola bolera e novas gera\u00e7\u00f5es flamencas. Esse contacto constante acelerou empr\u00e9stimos, rivalidades e transforma\u00e7\u00f5es estil\u00edsticas.<\/p>\n<p>Mais do que afirmar que \u00abo flamenco nasceu nos caf\u00e9s\u00bb, \u00e9 historicamente mais rigoroso dizer que <strong>nos caf\u00e9s cantantes o flamenco adquiriu grande parte da forma profissional, c\u00e9nica e p\u00fablica com que entrou no s\u00e9culo XX<\/strong>.<\/p>\n<\/div><\/div><\/div><\/div><\/div><\/div><\/div><\/section><section class=\"l-section wpb_row height_huge color_alternate with_shape\"><div class=\"l-section-shape type_zigzag pos_top\" style=\"height:3vmin;\"><svg xmlns=\"http:\/\/www.w3.org\/2000\/svg\" viewBox=\"0 0 64 8\" preserveAspectRatio=\"none\" width=\"100%\" height=\"100%\">\r\n\t<path fill=\"currentColor\" d=\"M64 8 L0 8 L0 0 L20 7.9 L40 3 L48 5 L64 0 Z\"\/>\r\n<\/svg><\/div><div class=\"l-section-shape type_zigzag pos_bottom\" style=\"height:3vmin;\"><svg xmlns=\"http:\/\/www.w3.org\/2000\/svg\" viewBox=\"0 0 64 8\" preserveAspectRatio=\"none\" width=\"100%\" height=\"100%\">\r\n\t<path fill=\"currentColor\" d=\"M64 8 L0 8 L0 0 L20 7.9 L40 3 L48 5 L64 0 Z\"\/>\r\n<\/svg><\/div><div class=\"l-section-h i-cf\"><div class=\"g-cols vc_row via_flex valign_top type_default stacking_default\"><div class=\"vc_col-sm-1\/5 wpb_column vc_column_container\"><div class=\"vc_column-inner\"><div class=\"wpb_wrapper\"><\/div><\/div><\/div><div class=\"vc_col-sm-3\/5 wpb_column vc_column_container\"><div class=\"vc_column-inner\"><div class=\"wpb_wrapper\"><div class=\"wpb_text_column\"><div class=\"wpb_wrapper\"><h2 id=\"faq\" style=\"text-align: center;\">Perguntas frequentes sobre os caf\u00e9s cantantes de Sevilha<\/h2>\n<\/div><\/div><div class=\"w-separator size_medium\"><\/div><div class=\"w-tabs accordion toggle_style_1 has_scrolling\" style=\"--sections-title-size:inherit;--sections-gap:0.5rem;\"><div class=\"w-tabs-sections titles-align_none icon_chevron cpos_right\"><div class=\"w-tabs-section\" id=\"k198\"><button type=\"button\" class=\"w-tabs-section-header\" aria-controls=\"content-k198\" aria-expanded=\"false\"><div class=\"w-tabs-section-title\">O que era um caf\u00e9 cantante?<\/div><div class=\"w-tabs-section-control\"><\/div><\/button><div  class=\"w-tabs-section-content\" id=\"content-k198\"><div class=\"w-tabs-section-content-h i-cf\"><div class=\"wpb_text_column\"><div class=\"wpb_wrapper\"><p>Era um estabelecimento de lazer com servi\u00e7o de bebidas e espet\u00e1culos musicais ou de dan\u00e7a. Na Andaluzia e em Madrid muitos incorporaram flamenco e alguns acabaram por se especializar em canto, dan\u00e7a e guitarra, embora nem todos oferecessem exclusivamente repert\u00f3rio flamenco.<\/p>\n<\/div><\/div><\/div><\/div><\/div><div class=\"w-tabs-section\" id=\"g288\"><button type=\"button\" class=\"w-tabs-section-header\" aria-controls=\"content-g288\" aria-expanded=\"false\"><div class=\"w-tabs-section-title\">Qual foi o primeiro caf\u00e9 cantante de Sevilha?<\/div><div class=\"w-tabs-section-control\"><\/div><\/button><div  class=\"w-tabs-section-content\" id=\"content-g288\"><div class=\"w-tabs-section-content-h i-cf\"><div class=\"wpb_text_column\"><div class=\"wpb_wrapper\"><p>N\u00e3o existe uma resposta completamente fechada. A tradi\u00e7\u00e3o flamencol\u00f3gica citou o Caf\u00e9 de los Lombardos, aberto em 1847, mas a investiga\u00e7\u00e3o da imprensa hist\u00f3rica indica que, na sua primeira fase, n\u00e3o pode ser considerado sem reservas um caf\u00e9 flamenco especializado. As academias e sal\u00f5es das d\u00e9cadas seguintes mostram uma transi\u00e7\u00e3o progressiva para o modelo propriamente flamenco.<\/p>\n<\/div><\/div><\/div><\/div><\/div><div class=\"w-tabs-section\" id=\"y35c\"><button type=\"button\" class=\"w-tabs-section-header\" aria-controls=\"content-y35c\" aria-expanded=\"false\"><div class=\"w-tabs-section-title\">Quando abriu o Caf\u00e9 de Silverio?<\/div><div class=\"w-tabs-section-control\"><\/div><\/button><div  class=\"w-tabs-section-content\" id=\"content-y35c\"><div class=\"w-tabs-section-content-h i-cf\"><div class=\"wpb_text_column\"><div class=\"wpb_wrapper\"><p>O grande Caf\u00e9 de Silverio da Calle Rosario, n\u00famero 4, abriu em 1881 depois da separa\u00e7\u00e3o profissional entre Silverio Franconetti e Manuel Ojeda \u00abEl Burrero\u00bb. Silverio tinha dirigido e programado outros espa\u00e7os anteriormente e em 1878 abriu tamb\u00e9m um caf\u00e9 cantante de ver\u00e3o na Alameda.<\/p>\n<\/div><\/div><\/div><\/div><\/div><div class=\"w-tabs-section\" id=\"o446\"><button type=\"button\" class=\"w-tabs-section-header\" aria-controls=\"content-o446\" aria-expanded=\"false\"><div class=\"w-tabs-section-title\">Onde ficava o Caf\u00e9 del Burrero?<\/div><div class=\"w-tabs-section-control\"><\/div><\/button><div  class=\"w-tabs-section-content\" id=\"content-o446\"><div class=\"w-tabs-section-content-h i-cf\"><div class=\"wpb_text_column\"><div class=\"wpb_wrapper\"><p>O estabelecimento de Manuel Ojeda esteve primeiro ligado ao antigo Sal\u00f3n del Recreo da Calle Tarifa, na esquina com Amor de Dios. Em 1888 o Caf\u00e9 del Burrero transferiu-se para o n\u00famero 11 da Calle Sierpes, onde permaneceu at\u00e9 aproximadamente 1897.<\/p>\n<\/div><\/div><\/div><\/div><\/div><div class=\"w-tabs-section\" id=\"x514\"><button type=\"button\" class=\"w-tabs-section-header\" aria-controls=\"content-x514\" aria-expanded=\"false\"><div class=\"w-tabs-section-title\">Silverio Franconetti fundou o Sal\u00f3n Novedades?<\/div><div class=\"w-tabs-section-control\"><\/div><\/button><div  class=\"w-tabs-section-content\" id=\"content-x514\"><div class=\"w-tabs-section-content-h i-cf\"><div class=\"wpb_text_column\"><div class=\"wpb_wrapper\"><p>N\u00e3o o Sal\u00f3n Novedades de La Campana que se tornou c\u00e9lebre no final do s\u00e9culo XIX. Esse estabelecimento foi fundado em 1897 por Fernando Gonz\u00e1lez de la Serna y Pino, oito anos depois da morte de Silverio. Algumas publica\u00e7\u00f5es modernas misturam cronologias e espa\u00e7os distintos.<\/p>\n<\/div><\/div><\/div><\/div><\/div><div class=\"w-tabs-section\" id=\"b5d8\"><button type=\"button\" class=\"w-tabs-section-header\" aria-controls=\"content-b5d8\" aria-expanded=\"false\"><div class=\"w-tabs-section-title\">Por que foram t\u00e3o importantes os caf\u00e9s cantantes para o flamenco?<\/div><div class=\"w-tabs-section-control\"><\/div><\/button><div  class=\"w-tabs-section-content\" id=\"content-b5d8\"><div class=\"w-tabs-section-content-h i-cf\"><div class=\"wpb_text_column\"><div class=\"wpb_wrapper\"><p>Porque criaram um circuito profissional est\u00e1vel. Permitiram a muitos artistas receber regularmente, favoreceram a concorr\u00eancia e a troca entre int\u00e9rpretes de diferentes cidades, formaram p\u00fablicos especializados e contribu\u00edram para a consolida\u00e7\u00e3o t\u00e9cnica e c\u00e9nica do canto, da dan\u00e7a e da guitarra.<\/p>\n<\/div><\/div><\/div><\/div><\/div><div class=\"w-tabs-section\" id=\"r690\"><button type=\"button\" class=\"w-tabs-section-header\" aria-controls=\"content-r690\" aria-expanded=\"false\"><div class=\"w-tabs-section-title\">Que artistas atuaram nos caf\u00e9s cantantes de Sevilha?<\/div><div class=\"w-tabs-section-control\"><\/div><\/button><div  class=\"w-tabs-section-content\" id=\"content-r690\"><div class=\"w-tabs-section-content-h i-cf\"><div class=\"wpb_text_column\"><div class=\"wpb_wrapper\"><p>Entre muitos outros, aparecem ligados a estes palcos Silverio Franconetti, Antonio Chac\u00f3n, Juan Breva, Fosforito el Viejo, El Canario, La Serneta, La Parrala, Concha La Carbonera, La Macarrona, La Malena, Gabriela Ortega, Manuel Torre e La Ni\u00f1a de los Peines, embora nem todos tenham coincidido nos mesmos espa\u00e7os ou nas mesmas d\u00e9cadas.<\/p>\n<\/div><\/div><\/div><\/div><\/div><div class=\"w-tabs-section\" id=\"d748\"><button type=\"button\" class=\"w-tabs-section-header\" aria-controls=\"content-d748\" aria-expanded=\"false\"><div class=\"w-tabs-section-title\">Quando desapareceram os caf\u00e9s cantantes?<\/div><div class=\"w-tabs-section-control\"><\/div><\/button><div  class=\"w-tabs-section-content\" id=\"content-d748\"><div class=\"w-tabs-section-content-h i-cf\"><div class=\"wpb_text_column\"><div class=\"wpb_wrapper\"><p>O seu decl\u00ednio foi progressivo. Uma ordem ministerial de 1908 limitou a atividade noturna e o crescimento dos teatros, variedades, cinema e novas formas de espet\u00e1culo foi deslocando o modelo. Muitos fecharam durante as d\u00e9cadas de 1910 e 1920, embora alguns sal\u00f5es relacionados tenham sobrevivido at\u00e9 aos anos 1930.<\/p>\n<\/div><\/div><\/div><\/div><\/div><div class=\"w-tabs-section\" id=\"v824\"><button type=\"button\" class=\"w-tabs-section-header\" aria-controls=\"content-v824\" aria-expanded=\"false\"><div class=\"w-tabs-section-title\">Um caf\u00e9 cantante era o mesmo que um tablao flamenco?<\/div><div class=\"w-tabs-section-control\"><\/div><\/button><div  class=\"w-tabs-section-content\" id=\"content-v824\"><div class=\"w-tabs-section-content-h i-cf\"><div class=\"wpb_text_column\"><div class=\"wpb_wrapper\"><p>N\u00e3o exatamente. O tablao moderno herdou tra\u00e7os fundamentais do caf\u00e9 cantante \u2014 proximidade, elenco art\u00edstico profissional, canto, dan\u00e7a e guitarra \u2014, mas pertence a um contexto hist\u00f3rico posterior e costuma estar muito mais especializado em flamenco.<\/p>\n<\/div><\/div><\/div><\/div><\/div><div class=\"w-tabs-section\" id=\"e8e7\"><button type=\"button\" class=\"w-tabs-section-header\" aria-controls=\"content-e8e7\" aria-expanded=\"false\"><div class=\"w-tabs-section-title\">Conserva-se algum caf\u00e9 cantante hist\u00f3rico de Sevilha tal como era?<\/div><div class=\"w-tabs-section-control\"><\/div><\/button><div  class=\"w-tabs-section-content\" id=\"content-e8e7\"><div class=\"w-tabs-section-content-h i-cf\"><div class=\"wpb_text_column\"><div class=\"wpb_wrapper\"><p>A maioria dos grandes espa\u00e7os desapareceu ou mudou radicalmente de uso. Conservam-se fotografias, gravuras, an\u00fancios de imprensa e documenta\u00e7\u00e3o que permitem reconstru\u00ed-los. A c\u00e9lebre s\u00e9rie fotogr\u00e1fica de Emilio Beauchy sobre o Caf\u00e9 del Burrero \u00e9 um dos testemunhos visuais mais importantes.<\/p>\n<\/div><\/div><\/div><\/div><\/div><\/div><\/div><\/div><\/div><\/div><div class=\"vc_col-sm-1\/5 wpb_column vc_column_container\"><div class=\"vc_column-inner\"><div class=\"wpb_wrapper\"><\/div><\/div><\/div><\/div><\/div><\/section><section class=\"l-section wpb_row height_huge\"><div class=\"l-section-h i-cf\"><div class=\"g-cols vc_row via_flex valign_top type_default stacking_default\"><div class=\"vc_col-sm-12 wpb_column vc_column_container\"><div class=\"vc_column-inner\"><div class=\"wpb_wrapper\"><div class=\"wpb_text_column\"><div class=\"wpb_wrapper\"><h2 style=\"text-align: center;\">Fontes e refer\u00eancias para continuar a investigar<\/h2>\n<p style=\"text-align: center;\">A hist\u00f3ria dos caf\u00e9s cantantes cont\u00e9m contradi\u00e7\u00f5es de datas, nomes e localiza\u00e7\u00f5es. Para este artigo foram priorizados estudos acad\u00e9micos, imprensa hist\u00f3rica e trabalhos especializados que permitem confrontar a tradi\u00e7\u00e3o flamencol\u00f3gica com a documenta\u00e7\u00e3o.<\/p>\n<ul>\n<li><a href=\"https:\/\/www.guiasevillana.com\/cafes-cantantes-en-sevilla.html\" target=\"_blank\" rel=\"noopener\">Gu\u00eda Sevillana: Caf\u00e9s cantantes em Sevilha<\/a>, publica\u00e7\u00e3o utilizada como ponto de partida e ampliada criticamente.<\/li>\n<li><a href=\"https:\/\/crec-paris3.fr\/wp-content\/uploads\/2011\/07\/07-gomezm.pdf\" target=\"_blank\" rel=\"noopener\">Mercedes G\u00f3mez-Garc\u00eda Plata: Les caf\u00e9s cantantes de 1850 \u00e0 1900<\/a>, estudo acad\u00e9mico sobre Sevilha e Madrid baseado em imprensa e bibliografia hist\u00f3rica.<\/li>\n<li><a href=\"https:\/\/www.flamencoinvestigacion.es\/articulos\/050501-2012\/cafe-cantante-castellano.html\" target=\"_blank\" rel=\"noopener\">Juan Zagalaz e Javier Cach\u00f3n-Zagalaz: A dan\u00e7a flamenca na \u00e9poca dos caf\u00e9s cantantes<\/a>, revis\u00e3o historiogr\u00e1fica sobre profissionaliza\u00e7\u00e3o e evolu\u00e7\u00e3o da dan\u00e7a.<\/li>\n<li><a href=\"https:\/\/www.juntadeandalucia.es\/cultura\/flamenco\/sites\/default\/files\/flamenco\/docs\/revista%2017%20pag%2092-94%20Observatorio-Daniel%20Pineda%20Novo.pdf\" target=\"_blank\" rel=\"noopener\">Instituto Andaluz do Flamenco: Dem\u00f3filo e o flamenco<\/a>, com refer\u00eancias ao caf\u00e9 de ver\u00e3o de Silverio e \u00e0 sua rela\u00e7\u00e3o com Antonio Machado y \u00c1lvarez.<\/li>\n<li><a href=\"https:\/\/beauchyphoto.com\/el-cafe-cantante-el-burrero-de-emilio-beauchy-un-espacio-testimonial-del-germen-del-flamenco-en-sevilla\/\" target=\"_blank\" rel=\"noopener\">Beauchy Photo: O Caf\u00e9 Cantante del Burrero<\/a>, investiga\u00e7\u00e3o sobre o espa\u00e7o e a c\u00e9lebre s\u00e9rie fotogr\u00e1fica de Emilio Beauchy.<\/li>\n<li><a href=\"https:\/\/historia-hispanica.rah.es\/biografias\/17276-silverio-franconetti-aguilar\" target=\"_blank\" rel=\"noopener\">Real Academia de la Historia: Silverio Franconetti Aguilar<\/a>.<\/li>\n<li><a href=\"https:\/\/www.diariodesevilla.es\/ocio\/cafes-cantantes-sevilla_0_2003530052.html\" target=\"_blank\" rel=\"noopener\">Diario de Sevilla: Os Caf\u00e9s Cantantes de Sevilha<\/a>, revis\u00e3o de documenta\u00e7\u00e3o liter\u00e1ria sobre Novedades e os caf\u00e9s do primeiro ter\u00e7o do s\u00e9culo XX.<\/li>\n<\/ul>\n<\/div><\/div><div class=\"w-separator size_medium\"><\/div><div class=\"w-hwrapper valign_top wrap stack_on_mobiles align_center\" style=\"--hwrapper-gap:1.2rem\"><div class=\"w-btn-wrapper align_none\"><a class=\"w-btn us-btn-style_1\" href=\"https:\/\/www.tablaosflamencos.com\/pt-pt\/o-que-e-o-flamenco.html\"><span class=\"w-btn-label\">Ler o que \u00e9 o flamenco<\/span><\/a><\/div><div class=\"w-btn-wrapper align_none\"><a class=\"w-btn us-btn-style_1\" href=\"https:\/\/www.tablaosflamencos.com\/pt-pt\/flamenco-em-sevilha\"><span class=\"w-btn-label\">Ver flamenco em Sevilha<\/span><\/a><\/div><\/div><\/div><\/div><\/div><\/div><\/div><\/section>\n","protected":false},"excerpt":{"rendered":"<p>Hist\u00f3ria dos caf\u00e9s cantantes de Sevilha: principais espa\u00e7os, artistas, rivalidades e papel decisivo na profissionaliza\u00e7\u00e3o do flamenco.<\/p>\n","protected":false},"author":1,"featured_media":13572,"comment_status":"closed","ping_status":"closed","sticky":false,"template":"","format":"standard","meta":{"_acf_changed":false,"wpai_generated_summary":"","_ayudawp_aiss_exclude":false,"_ayudawp_aiss_exclude_summary":false,"_ayudawp_aiss_summary":"","_ayudawp_aiss_summary_provider":"","_ayudawp_aiss_summary_hash":"","footnotes":""},"categories":[363],"tags":[1655,1656,1653,1405,1409,1659,1410,1408,1657,1658,1654],"class_list":["post-13582","post","type-post","status-publish","format-standard","has-post-thumbnail","hentry","category-historia-do-flamenco","tag-cafe-de-silverio-pt","tag-cafe-del-burrero-pt","tag-cafes-cantantes-pt","tag-cante-flamenco-pt","tag-danca-flamenca","tag-flamenco-em-sevilha","tag-guitarra-flamenca-pt","tag-historia-do-flamenco","tag-salon-novedades-pt","tag-sevilha","tag-silverio-franconetti-pt"],"acf":[],"yoast_head":"<!-- This site is optimized with the Yoast SEO Premium plugin v28.3 (Yoast SEO v28.3) - https:\/\/yoast.com\/product\/yoast-seo-premium-wordpress\/ -->\n<title>Caf\u00e9s cantantes em Sevilha: hist\u00f3ria e espa\u00e7os | Tablaos Flamencos<\/title>\n<meta name=\"description\" content=\"Hist\u00f3ria dos caf\u00e9s cantantes em Sevilha: Silverio, El Burrero, Novedades e o seu papel na profissionaliza\u00e7\u00e3o do canto, da dan\u00e7a e da guitarra flamenca.\" \/>\n<meta name=\"robots\" content=\"index, follow, max-snippet:-1, max-image-preview:large, max-video-preview:-1\" \/>\n<link rel=\"canonical\" href=\"https:\/\/www.tablaosflamencos.com\/pt-pt\/cafes-cantantes-sevilha.html\" \/>\n<meta property=\"og:locale\" content=\"pt_PT\" \/>\n<meta property=\"og:type\" content=\"article\" \/>\n<meta property=\"og:title\" content=\"Caf\u00e9s cantantes em Sevilha: hist\u00f3ria, espa\u00e7os e papel no desenvolvimento do flamenco\" \/>\n<meta property=\"og:description\" content=\"Hist\u00f3ria dos caf\u00e9s cantantes em Sevilha: Silverio, El Burrero, Novedades e o seu papel na profissionaliza\u00e7\u00e3o do canto, da dan\u00e7a e da guitarra flamenca.\" \/>\n<meta property=\"og:url\" content=\"https:\/\/www.tablaosflamencos.com\/pt-pt\/cafes-cantantes-sevilha.html\" \/>\n<meta property=\"og:site_name\" content=\"Tablaos Flamencos\" \/>\n<meta property=\"article:publisher\" content=\"https:\/\/www.facebook.com\/tablaosflamencos\" \/>\n<meta property=\"article:published_time\" content=\"2026-08-30T16:38:34+00:00\" \/>\n<meta property=\"article:modified_time\" content=\"2026-08-31T11:48:09+00:00\" \/>\n<meta property=\"og:image\" content=\"https:\/\/www.tablaosflamencos.com\/wp-content\/uploads\/cafes-cantantes-en-sevilla-historia-locales-y-papel-en-el-desarrollo-del-flamenco-01.webp\" \/>\n\t<meta property=\"og:image:width\" content=\"1920\" \/>\n\t<meta property=\"og:image:height\" content=\"1498\" \/>\n\t<meta property=\"og:image:type\" content=\"image\/webp\" \/>\n<meta name=\"author\" content=\"Miguel Ortiz\" \/>\n<meta name=\"twitter:card\" content=\"summary_large_image\" \/>\n<meta name=\"twitter:creator\" content=\"@tablaosflamenco\" \/>\n<meta name=\"twitter:site\" content=\"@tablaosflamenco\" \/>\n<meta name=\"twitter:label1\" content=\"Escrito por\" \/>\n\t<meta name=\"twitter:data1\" content=\"Miguel Ortiz\" \/>\n\t<meta name=\"twitter:label2\" content=\"Tempo estimado de leitura\" \/>\n\t<meta name=\"twitter:data2\" content=\"33 minutos\" \/>\n<script type=\"application\/ld+json\" class=\"yoast-schema-graph\">{\"@context\":\"https:\\\/\\\/schema.org\",\"@graph\":[{\"@type\":\"Article\",\"@id\":\"https:\\\/\\\/www.tablaosflamencos.com\\\/pt-pt\\\/cafes-cantantes-sevilha.html#article\",\"isPartOf\":{\"@id\":\"https:\\\/\\\/www.tablaosflamencos.com\\\/pt-pt\\\/cafes-cantantes-sevilha.html\"},\"author\":{\"name\":\"Miguel Ortiz\",\"@id\":\"https:\\\/\\\/www.tablaosflamencos.com\\\/pt-pt#\\\/schema\\\/person\\\/e7a9ebe14eb75a52ceabfbffb3c54f5d\"},\"headline\":\"Caf\u00e9s cantantes em Sevilha: hist\u00f3ria, espa\u00e7os e papel no desenvolvimento do flamenco\",\"datePublished\":\"2026-08-30T16:38:34+00:00\",\"dateModified\":\"2026-08-31T11:48:09+00:00\",\"mainEntityOfPage\":{\"@id\":\"https:\\\/\\\/www.tablaosflamencos.com\\\/pt-pt\\\/cafes-cantantes-sevilha.html\"},\"wordCount\":6585,\"publisher\":{\"@id\":\"https:\\\/\\\/www.tablaosflamencos.com\\\/pt-pt#organization\"},\"image\":{\"@id\":\"https:\\\/\\\/www.tablaosflamencos.com\\\/pt-pt\\\/cafes-cantantes-sevilha.html#primaryimage\"},\"thumbnailUrl\":\"https:\\\/\\\/www.tablaosflamencos.com\\\/wp-content\\\/uploads\\\/cafes-cantantes-en-sevilla-historia-locales-y-papel-en-el-desarrollo-del-flamenco-01.webp\",\"keywords\":[\"Caf\u00e9 de Silverio\",\"Caf\u00e9 del Burrero\",\"caf\u00e9s cantantes\",\"cante flamenco\",\"dan\u00e7a flamenca\",\"flamenco em Sevilha\",\"guitarra flamenca\",\"hist\u00f3ria do flamenco\",\"Sal\u00f3n Novedades\",\"Sevilha\",\"Silverio Franconetti\"],\"articleSection\":[\"Hist\u00f3ria do flamenco\"],\"inLanguage\":\"pt-PT\"},{\"@type\":\"WebPage\",\"@id\":\"https:\\\/\\\/www.tablaosflamencos.com\\\/pt-pt\\\/cafes-cantantes-sevilha.html\",\"url\":\"https:\\\/\\\/www.tablaosflamencos.com\\\/pt-pt\\\/cafes-cantantes-sevilha.html\",\"name\":\"Caf\u00e9s cantantes em Sevilha: hist\u00f3ria e espa\u00e7os | Tablaos Flamencos\",\"isPartOf\":{\"@id\":\"https:\\\/\\\/www.tablaosflamencos.com\\\/pt-pt#website\"},\"primaryImageOfPage\":{\"@id\":\"https:\\\/\\\/www.tablaosflamencos.com\\\/pt-pt\\\/cafes-cantantes-sevilha.html#primaryimage\"},\"image\":{\"@id\":\"https:\\\/\\\/www.tablaosflamencos.com\\\/pt-pt\\\/cafes-cantantes-sevilha.html#primaryimage\"},\"thumbnailUrl\":\"https:\\\/\\\/www.tablaosflamencos.com\\\/wp-content\\\/uploads\\\/cafes-cantantes-en-sevilla-historia-locales-y-papel-en-el-desarrollo-del-flamenco-01.webp\",\"datePublished\":\"2026-08-30T16:38:34+00:00\",\"dateModified\":\"2026-08-31T11:48:09+00:00\",\"description\":\"Hist\u00f3ria dos caf\u00e9s cantantes em Sevilha: Silverio, El Burrero, Novedades e o seu papel na profissionaliza\u00e7\u00e3o do canto, da dan\u00e7a e da guitarra flamenca.\",\"breadcrumb\":{\"@id\":\"https:\\\/\\\/www.tablaosflamencos.com\\\/pt-pt\\\/cafes-cantantes-sevilha.html#breadcrumb\"},\"inLanguage\":\"pt-PT\",\"potentialAction\":[{\"@type\":\"ReadAction\",\"target\":[\"https:\\\/\\\/www.tablaosflamencos.com\\\/pt-pt\\\/cafes-cantantes-sevilha.html\"]}]},{\"@type\":\"ImageObject\",\"inLanguage\":\"pt-PT\",\"@id\":\"https:\\\/\\\/www.tablaosflamencos.com\\\/pt-pt\\\/cafes-cantantes-sevilha.html#primaryimage\",\"url\":\"https:\\\/\\\/www.tablaosflamencos.com\\\/wp-content\\\/uploads\\\/cafes-cantantes-en-sevilla-historia-locales-y-papel-en-el-desarrollo-del-flamenco-01.webp\",\"contentUrl\":\"https:\\\/\\\/www.tablaosflamencos.com\\\/wp-content\\\/uploads\\\/cafes-cantantes-en-sevilla-historia-locales-y-papel-en-el-desarrollo-del-flamenco-01.webp\",\"width\":1920,\"height\":1498,\"caption\":\"Caf\u00e9 Cantante | Reproducci\u00f3n por Miguel Ortiz\"},{\"@type\":\"BreadcrumbList\",\"@id\":\"https:\\\/\\\/www.tablaosflamencos.com\\\/pt-pt\\\/cafes-cantantes-sevilha.html#breadcrumb\",\"itemListElement\":[{\"@type\":\"ListItem\",\"position\":1,\"name\":\"Home\",\"item\":\"https:\\\/\\\/www.tablaosflamencos.com\\\/pt-pt\"},{\"@type\":\"ListItem\",\"position\":2,\"name\":\"Caf\u00e9s cantantes em Sevilha: hist\u00f3ria, espa\u00e7os e papel no desenvolvimento do flamenco\"}]},{\"@type\":\"WebSite\",\"@id\":\"https:\\\/\\\/www.tablaosflamencos.com\\\/pt-pt#website\",\"url\":\"https:\\\/\\\/www.tablaosflamencos.com\\\/pt-pt\",\"name\":\"Tablaos Flamencos\",\"description\":\"Entradas para tablaos flamencos de Espa\u00f1a\",\"publisher\":{\"@id\":\"https:\\\/\\\/www.tablaosflamencos.com\\\/pt-pt#organization\"},\"alternateName\":\"Tablaos Flamencos\",\"potentialAction\":[{\"@type\":\"SearchAction\",\"target\":{\"@type\":\"EntryPoint\",\"urlTemplate\":\"https:\\\/\\\/www.tablaosflamencos.com\\\/pt-pt?s={search_term_string}\"},\"query-input\":{\"@type\":\"PropertyValueSpecification\",\"valueRequired\":true,\"valueName\":\"search_term_string\"}}],\"inLanguage\":\"pt-PT\"},{\"@type\":[\"Organization\",\"Place\",\"EntertainmentBusiness\"],\"@id\":\"https:\\\/\\\/www.tablaosflamencos.com\\\/pt-pt#organization\",\"name\":\"Tablaos Flamencos\",\"alternateName\":\"Tablaos Flamencos\",\"url\":\"https:\\\/\\\/www.tablaosflamencos.com\\\/pt-pt\",\"logo\":{\"@id\":\"https:\\\/\\\/www.tablaosflamencos.com\\\/pt-pt\\\/cafes-cantantes-sevilha.html#local-main-organization-logo\"},\"image\":{\"@id\":\"https:\\\/\\\/www.tablaosflamencos.com\\\/pt-pt\\\/cafes-cantantes-sevilha.html#local-main-organization-logo\"},\"sameAs\":[\"https:\\\/\\\/www.facebook.com\\\/tablaosflamencos\",\"https:\\\/\\\/x.com\\\/tablaosflamenco\",\"https:\\\/\\\/mastodon.social\\\/@tablaosflamencos\",\"https:\\\/\\\/www.instagram.com\\\/tablaosflamencos\",\"https:\\\/\\\/tiktok.com\\\/@tablaosflamencos\",\"https:\\\/\\\/www.linkedin.com\\\/company\\\/109408238\\\/\"],\"description\":\"Venta de entradas para espect\u00e1culos flamencos\",\"legalName\":\"Tablaos Flamencos\",\"foundingDate\":\"2015-01-01\",\"numberOfEmployees\":{\"@type\":\"QuantitativeValue\",\"minValue\":\"1\",\"maxValue\":\"10\"},\"address\":{\"@id\":\"https:\\\/\\\/www.tablaosflamencos.com\\\/pt-pt\\\/cafes-cantantes-sevilha.html#local-main-place-address\"},\"geo\":{\"@type\":\"GeoCoordinates\",\"latitude\":\"37.3868072\",\"longitude\":\"-5.993280299999999\"},\"telephone\":[\"+34623787787\"],\"contactPoint\":{\"@type\":\"ContactPoint\",\"telephone\":\"+34623787787\",\"email\":\"info@tablaosflamencos.com\"},\"openingHoursSpecification\":{\"@type\":\"OpeningHoursSpecification\",\"dayOfWeek\":[\"Monday\",\"Tuesday\",\"Wednesday\",\"Thursday\",\"Friday\",\"Saturday\",\"Sunday\"],\"opens\":\"00:00\",\"closes\":\"23:59\"},\"email\":\"info@tablaosflamencos.com\",\"priceRange\":\"$$$\",\"currenciesAccepted\":\"\u20ac\"},{\"@type\":\"Person\",\"@id\":\"https:\\\/\\\/www.tablaosflamencos.com\\\/pt-pt#\\\/schema\\\/person\\\/e7a9ebe14eb75a52ceabfbffb3c54f5d\",\"name\":\"Miguel Ortiz\",\"description\":\"Miguel Ortiz es un empresario flamenco, con una s\u00f3lida trayectoria dentro del sector. Ha presidido entidades culturales vinculadas al flamenco y, cuenta con un amplio recorrido profesional en la gesti\u00f3n y promoci\u00f3n de espect\u00e1culos y tablaos flamencos. Su pasi\u00f3n por la historia y el arte flamenco se refleja en cada art\u00edculo, donde combina experiencia, criterio y un profundo respeto por la tradici\u00f3n.\",\"sameAs\":[\"https:\\\/\\\/www.tablaosflamencos.com\",\"https:\\\/\\\/www.instagra.com\\\/miguelortizfe\",\"https:\\\/\\\/www.linkedin.com\\\/in\\\/miguelortizf\\\/\"],\"birthDate\":\"1984-11-22\",\"gender\":\"hombre\",\"knowsLanguage\":[\"espa\u00f1ol\",\"ingl\u00e9s\"],\"jobTitle\":\"Empresario flamenco\"},{\"@type\":\"PostalAddress\",\"@id\":\"https:\\\/\\\/www.tablaosflamencos.com\\\/pt-pt\\\/cafes-cantantes-sevilha.html#local-main-place-address\",\"streetAddress\":\"C\\\/ Alemanes, 19\",\"addressLocality\":\"Sevilla\",\"postalCode\":\"41004\",\"addressRegion\":\"Sevilla\",\"addressCountry\":\"ES\"},{\"@type\":\"ImageObject\",\"inLanguage\":\"pt-PT\",\"@id\":\"https:\\\/\\\/www.tablaosflamencos.com\\\/pt-pt\\\/cafes-cantantes-sevilha.html#local-main-organization-logo\",\"url\":\"https:\\\/\\\/www.tablaosflamencos.com\\\/wp-content\\\/uploads\\\/tablaos-flamencos-06-3.webp\",\"contentUrl\":\"https:\\\/\\\/www.tablaosflamencos.com\\\/wp-content\\\/uploads\\\/tablaos-flamencos-06-3.webp\",\"width\":600,\"height\":620,\"caption\":\"Tablaos Flamencos\"}]}<\/script>\n<meta name=\"geo.placename\" content=\"Sevilla\" \/>\n<meta name=\"geo.position\" content=\"37.3868072;-5.993280299999999\" \/>\n<meta name=\"geo.region\" content=\"Espanha\" \/>\n<!-- \/ Yoast SEO Premium plugin. -->","yoast_head_json":{"title":"Caf\u00e9s cantantes em Sevilha: hist\u00f3ria e espa\u00e7os | Tablaos Flamencos","description":"Hist\u00f3ria dos caf\u00e9s cantantes em Sevilha: Silverio, El Burrero, Novedades e o seu papel na profissionaliza\u00e7\u00e3o do canto, da dan\u00e7a e da guitarra flamenca.","robots":{"index":"index","follow":"follow","max-snippet":"max-snippet:-1","max-image-preview":"max-image-preview:large","max-video-preview":"max-video-preview:-1"},"canonical":"https:\/\/www.tablaosflamencos.com\/pt-pt\/cafes-cantantes-sevilha.html","og_locale":"pt_PT","og_type":"article","og_title":"Caf\u00e9s cantantes em Sevilha: hist\u00f3ria, espa\u00e7os e papel no desenvolvimento do flamenco","og_description":"Hist\u00f3ria dos caf\u00e9s cantantes em Sevilha: Silverio, El Burrero, Novedades e o seu papel na profissionaliza\u00e7\u00e3o do canto, da dan\u00e7a e da guitarra flamenca.","og_url":"https:\/\/www.tablaosflamencos.com\/pt-pt\/cafes-cantantes-sevilha.html","og_site_name":"Tablaos Flamencos","article_publisher":"https:\/\/www.facebook.com\/tablaosflamencos","article_published_time":"2026-08-30T16:38:34+00:00","article_modified_time":"2026-08-31T11:48:09+00:00","og_image":[{"width":1920,"height":1498,"url":"https:\/\/www.tablaosflamencos.com\/wp-content\/uploads\/cafes-cantantes-en-sevilla-historia-locales-y-papel-en-el-desarrollo-del-flamenco-01.webp","type":"image\/webp"}],"author":"Miguel Ortiz","twitter_card":"summary_large_image","twitter_creator":"@tablaosflamenco","twitter_site":"@tablaosflamenco","twitter_misc":{"Escrito por":"Miguel Ortiz","Tempo estimado de leitura":"33 minutos"},"schema":{"@context":"https:\/\/schema.org","@graph":[{"@type":"Article","@id":"https:\/\/www.tablaosflamencos.com\/pt-pt\/cafes-cantantes-sevilha.html#article","isPartOf":{"@id":"https:\/\/www.tablaosflamencos.com\/pt-pt\/cafes-cantantes-sevilha.html"},"author":{"name":"Miguel Ortiz","@id":"https:\/\/www.tablaosflamencos.com\/pt-pt#\/schema\/person\/e7a9ebe14eb75a52ceabfbffb3c54f5d"},"headline":"Caf\u00e9s cantantes em Sevilha: hist\u00f3ria, espa\u00e7os e papel no desenvolvimento do flamenco","datePublished":"2026-08-30T16:38:34+00:00","dateModified":"2026-08-31T11:48:09+00:00","mainEntityOfPage":{"@id":"https:\/\/www.tablaosflamencos.com\/pt-pt\/cafes-cantantes-sevilha.html"},"wordCount":6585,"publisher":{"@id":"https:\/\/www.tablaosflamencos.com\/pt-pt#organization"},"image":{"@id":"https:\/\/www.tablaosflamencos.com\/pt-pt\/cafes-cantantes-sevilha.html#primaryimage"},"thumbnailUrl":"https:\/\/www.tablaosflamencos.com\/wp-content\/uploads\/cafes-cantantes-en-sevilla-historia-locales-y-papel-en-el-desarrollo-del-flamenco-01.webp","keywords":["Caf\u00e9 de Silverio","Caf\u00e9 del Burrero","caf\u00e9s cantantes","cante flamenco","dan\u00e7a flamenca","flamenco em Sevilha","guitarra flamenca","hist\u00f3ria do flamenco","Sal\u00f3n Novedades","Sevilha","Silverio Franconetti"],"articleSection":["Hist\u00f3ria do flamenco"],"inLanguage":"pt-PT"},{"@type":"WebPage","@id":"https:\/\/www.tablaosflamencos.com\/pt-pt\/cafes-cantantes-sevilha.html","url":"https:\/\/www.tablaosflamencos.com\/pt-pt\/cafes-cantantes-sevilha.html","name":"Caf\u00e9s cantantes em Sevilha: hist\u00f3ria e espa\u00e7os | Tablaos Flamencos","isPartOf":{"@id":"https:\/\/www.tablaosflamencos.com\/pt-pt#website"},"primaryImageOfPage":{"@id":"https:\/\/www.tablaosflamencos.com\/pt-pt\/cafes-cantantes-sevilha.html#primaryimage"},"image":{"@id":"https:\/\/www.tablaosflamencos.com\/pt-pt\/cafes-cantantes-sevilha.html#primaryimage"},"thumbnailUrl":"https:\/\/www.tablaosflamencos.com\/wp-content\/uploads\/cafes-cantantes-en-sevilla-historia-locales-y-papel-en-el-desarrollo-del-flamenco-01.webp","datePublished":"2026-08-30T16:38:34+00:00","dateModified":"2026-08-31T11:48:09+00:00","description":"Hist\u00f3ria dos caf\u00e9s cantantes em Sevilha: Silverio, El Burrero, Novedades e o seu papel na profissionaliza\u00e7\u00e3o do canto, da dan\u00e7a e da guitarra flamenca.","breadcrumb":{"@id":"https:\/\/www.tablaosflamencos.com\/pt-pt\/cafes-cantantes-sevilha.html#breadcrumb"},"inLanguage":"pt-PT","potentialAction":[{"@type":"ReadAction","target":["https:\/\/www.tablaosflamencos.com\/pt-pt\/cafes-cantantes-sevilha.html"]}]},{"@type":"ImageObject","inLanguage":"pt-PT","@id":"https:\/\/www.tablaosflamencos.com\/pt-pt\/cafes-cantantes-sevilha.html#primaryimage","url":"https:\/\/www.tablaosflamencos.com\/wp-content\/uploads\/cafes-cantantes-en-sevilla-historia-locales-y-papel-en-el-desarrollo-del-flamenco-01.webp","contentUrl":"https:\/\/www.tablaosflamencos.com\/wp-content\/uploads\/cafes-cantantes-en-sevilla-historia-locales-y-papel-en-el-desarrollo-del-flamenco-01.webp","width":1920,"height":1498,"caption":"Caf\u00e9 Cantante | Reproducci\u00f3n por Miguel Ortiz"},{"@type":"BreadcrumbList","@id":"https:\/\/www.tablaosflamencos.com\/pt-pt\/cafes-cantantes-sevilha.html#breadcrumb","itemListElement":[{"@type":"ListItem","position":1,"name":"Home","item":"https:\/\/www.tablaosflamencos.com\/pt-pt"},{"@type":"ListItem","position":2,"name":"Caf\u00e9s cantantes em Sevilha: hist\u00f3ria, espa\u00e7os e papel no desenvolvimento do flamenco"}]},{"@type":"WebSite","@id":"https:\/\/www.tablaosflamencos.com\/pt-pt#website","url":"https:\/\/www.tablaosflamencos.com\/pt-pt","name":"Tablaos Flamencos","description":"Entradas para tablaos flamencos de Espa\u00f1a","publisher":{"@id":"https:\/\/www.tablaosflamencos.com\/pt-pt#organization"},"alternateName":"Tablaos Flamencos","potentialAction":[{"@type":"SearchAction","target":{"@type":"EntryPoint","urlTemplate":"https:\/\/www.tablaosflamencos.com\/pt-pt?s={search_term_string}"},"query-input":{"@type":"PropertyValueSpecification","valueRequired":true,"valueName":"search_term_string"}}],"inLanguage":"pt-PT"},{"@type":["Organization","Place","EntertainmentBusiness"],"@id":"https:\/\/www.tablaosflamencos.com\/pt-pt#organization","name":"Tablaos Flamencos","alternateName":"Tablaos Flamencos","url":"https:\/\/www.tablaosflamencos.com\/pt-pt","logo":{"@id":"https:\/\/www.tablaosflamencos.com\/pt-pt\/cafes-cantantes-sevilha.html#local-main-organization-logo"},"image":{"@id":"https:\/\/www.tablaosflamencos.com\/pt-pt\/cafes-cantantes-sevilha.html#local-main-organization-logo"},"sameAs":["https:\/\/www.facebook.com\/tablaosflamencos","https:\/\/x.com\/tablaosflamenco","https:\/\/mastodon.social\/@tablaosflamencos","https:\/\/www.instagram.com\/tablaosflamencos","https:\/\/tiktok.com\/@tablaosflamencos","https:\/\/www.linkedin.com\/company\/109408238\/"],"description":"Venta de entradas para espect\u00e1culos flamencos","legalName":"Tablaos Flamencos","foundingDate":"2015-01-01","numberOfEmployees":{"@type":"QuantitativeValue","minValue":"1","maxValue":"10"},"address":{"@id":"https:\/\/www.tablaosflamencos.com\/pt-pt\/cafes-cantantes-sevilha.html#local-main-place-address"},"geo":{"@type":"GeoCoordinates","latitude":"37.3868072","longitude":"-5.993280299999999"},"telephone":["+34623787787"],"contactPoint":{"@type":"ContactPoint","telephone":"+34623787787","email":"info@tablaosflamencos.com"},"openingHoursSpecification":{"@type":"OpeningHoursSpecification","dayOfWeek":["Monday","Tuesday","Wednesday","Thursday","Friday","Saturday","Sunday"],"opens":"00:00","closes":"23:59"},"email":"info@tablaosflamencos.com","priceRange":"$$$","currenciesAccepted":"\u20ac"},{"@type":"Person","@id":"https:\/\/www.tablaosflamencos.com\/pt-pt#\/schema\/person\/e7a9ebe14eb75a52ceabfbffb3c54f5d","name":"Miguel Ortiz","description":"Miguel Ortiz es un empresario flamenco, con una s\u00f3lida trayectoria dentro del sector. Ha presidido entidades culturales vinculadas al flamenco y, cuenta con un amplio recorrido profesional en la gesti\u00f3n y promoci\u00f3n de espect\u00e1culos y tablaos flamencos. Su pasi\u00f3n por la historia y el arte flamenco se refleja en cada art\u00edculo, donde combina experiencia, criterio y un profundo respeto por la tradici\u00f3n.","sameAs":["https:\/\/www.tablaosflamencos.com","https:\/\/www.instagra.com\/miguelortizfe","https:\/\/www.linkedin.com\/in\/miguelortizf\/"],"birthDate":"1984-11-22","gender":"hombre","knowsLanguage":["espa\u00f1ol","ingl\u00e9s"],"jobTitle":"Empresario flamenco"},{"@type":"PostalAddress","@id":"https:\/\/www.tablaosflamencos.com\/pt-pt\/cafes-cantantes-sevilha.html#local-main-place-address","streetAddress":"C\/ Alemanes, 19","addressLocality":"Sevilla","postalCode":"41004","addressRegion":"Sevilla","addressCountry":"ES"},{"@type":"ImageObject","inLanguage":"pt-PT","@id":"https:\/\/www.tablaosflamencos.com\/pt-pt\/cafes-cantantes-sevilha.html#local-main-organization-logo","url":"https:\/\/www.tablaosflamencos.com\/wp-content\/uploads\/tablaos-flamencos-06-3.webp","contentUrl":"https:\/\/www.tablaosflamencos.com\/wp-content\/uploads\/tablaos-flamencos-06-3.webp","width":600,"height":620,"caption":"Tablaos Flamencos"}]},"geo.placename":"Sevilla","geo.position":{"lat":"37.3868072","long":"-5.993280299999999"},"geo.region":"Espanha"},"_links":{"self":[{"href":"https:\/\/www.tablaosflamencos.com\/pt-pt\/wp-json\/wp\/v2\/posts\/13582","targetHints":{"allow":["GET"]}}],"collection":[{"href":"https:\/\/www.tablaosflamencos.com\/pt-pt\/wp-json\/wp\/v2\/posts"}],"about":[{"href":"https:\/\/www.tablaosflamencos.com\/pt-pt\/wp-json\/wp\/v2\/types\/post"}],"author":[{"embeddable":true,"href":"https:\/\/www.tablaosflamencos.com\/pt-pt\/wp-json\/wp\/v2\/users\/1"}],"replies":[{"embeddable":true,"href":"https:\/\/www.tablaosflamencos.com\/pt-pt\/wp-json\/wp\/v2\/comments?post=13582"}],"version-history":[{"count":1,"href":"https:\/\/www.tablaosflamencos.com\/pt-pt\/wp-json\/wp\/v2\/posts\/13582\/revisions"}],"predecessor-version":[{"id":13588,"href":"https:\/\/www.tablaosflamencos.com\/pt-pt\/wp-json\/wp\/v2\/posts\/13582\/revisions\/13588"}],"wp:featuredmedia":[{"embeddable":true,"href":"https:\/\/www.tablaosflamencos.com\/pt-pt\/wp-json\/wp\/v2\/media\/13572"}],"wp:attachment":[{"href":"https:\/\/www.tablaosflamencos.com\/pt-pt\/wp-json\/wp\/v2\/media?parent=13582"}],"wp:term":[{"taxonomy":"category","embeddable":true,"href":"https:\/\/www.tablaosflamencos.com\/pt-pt\/wp-json\/wp\/v2\/categories?post=13582"},{"taxonomy":"post_tag","embeddable":true,"href":"https:\/\/www.tablaosflamencos.com\/pt-pt\/wp-json\/wp\/v2\/tags?post=13582"}],"curies":[{"name":"wp","href":"https:\/\/api.w.org\/{rel}","templated":true}]}}