{"id":15182,"date":"2026-09-06T16:53:49","date_gmt":"2026-09-06T14:53:49","guid":{"rendered":"https:\/\/www.tablaosflamencos.com\/?p=15182"},"modified":"2026-09-06T19:55:39","modified_gmt":"2026-09-06T17:55:39","slug":"trasnoches-flamencos-2026-malaga-programma-tickets","status":"publish","type":"post","link":"https:\/\/www.tablaosflamencos.com\/nl\/trasnoches-flamencos-2026-malaga-programma-tickets.html","title":{"rendered":"Trasnoches Flamencos 2026: zeven avonden met gitaar, zang en dans in M\u00e1laga"},"content":{"rendered":"<section class=\"l-section wpb_row height_huge\"><div class=\"l-section-h i-cf\"><div class=\"g-cols vc_row via_flex valign_top type_default stacking_default\"><div class=\"vc_col-sm-6 wpb_column vc_column_container\"><div class=\"vc_column-inner\"><div class=\"wpb_wrapper\"><div class=\"wpb_text_column\"><div class=\"wpb_wrapper\"><h2>Trasnoches Flamencos 2026 in M\u00e1laga<\/h2>\n<p>In september verandert M\u00e1laga in een van de Spaanse hoofdsteden van de gitaar en binnen het <strong>5e Internationale Gitaarfestival van M\u00e1laga Pepe Romero<\/strong> heeft flamenco een eigen reeks. <strong>Trasnoches Flamencos 2026<\/strong> brengt tussen 4 en 26 september zeven evenementen samen met enkele van de interessantste namen uit de hedendaagse flamencogitaar, aangevuld met zang en dans.<\/p>\n<p>Het programma combineert solorecitals voor gitaar met ontmoetingen waarin het gitaarspel zich opent naar cante en dans. Alejandro Hurtado en Inmaculada Salom\u00f3n openden de reeks op 4 september; daarna volgen El Amir, Pituquete met Encarna Anillo, Daniel Casares, Jos\u00e9 Ferm\u00edn Fern\u00e1ndez, Joni Jim\u00e9nez met Jes\u00fas M\u00e9ndez en Ricardo Fern\u00e1ndez del Moral.<\/p>\n<\/div><\/div><\/div><\/div><\/div><div class=\"vc_col-sm-6 wpb_column vc_column_container\"><div class=\"vc_column-inner\"><div class=\"wpb_wrapper\"><div class=\"wpb_text_column\"><div class=\"wpb_wrapper\"><h2>Belangrijkste informatie<\/h2>\n<ul>\n<li><strong>Data:<\/strong> 4 t\/m 26 september 2026.<\/li>\n<li><strong>Aantal evenementen:<\/strong> 7.<\/li>\n<li><strong>Stad:<\/strong> M\u00e1laga.<\/li>\n<li><strong>Locaties:<\/strong> Sala Fundaci\u00f3n Unicaja Mar\u00eda Cristina en Patio de Surtidores van de Alcazaba.<\/li>\n<li><strong>Prijzen:<\/strong> \u20ac10 tot \u20ac18.<\/li>\n<li><strong>Verkoop:<\/strong> MiEntrada.<\/li>\n<li><strong>Focus:<\/strong> flamencogitaar, zang en dans.<\/li>\n<\/ul>\n<\/div><\/div><\/div><\/div><\/div><\/div><\/div><\/section><section class=\"l-section wpb_row height_huge color_alternate with_shape\"><div class=\"l-section-shape type_zigzag pos_top\" style=\"height:3vmin;\"><svg xmlns=\"http:\/\/www.w3.org\/2000\/svg\" viewBox=\"0 0 64 8\" preserveAspectRatio=\"none\" width=\"100%\" height=\"100%\">\r\n\t<path fill=\"currentColor\" d=\"M64 8 L0 8 L0 0 L20 7.9 L40 3 L48 5 L64 0 Z\"\/>\r\n<\/svg><\/div><div class=\"l-section-shape type_zigzag pos_bottom\" style=\"height:3vmin;\"><svg xmlns=\"http:\/\/www.w3.org\/2000\/svg\" viewBox=\"0 0 64 8\" preserveAspectRatio=\"none\" width=\"100%\" height=\"100%\">\r\n\t<path fill=\"currentColor\" d=\"M64 8 L0 8 L0 0 L20 7.9 L40 3 L48 5 L64 0 Z\"\/>\r\n<\/svg><\/div><div class=\"l-section-h i-cf\"><div class=\"g-cols vc_row via_flex valign_top type_default stacking_default\"><div class=\"vc_col-sm-12 wpb_column vc_column_container\"><div class=\"vc_column-inner\"><div class=\"wpb_wrapper\"><div class=\"wpb_text_column\"><div class=\"wpb_wrapper\"><blockquote>\n<p><strong>Kort antwoord:<\/strong> Trasnoches Flamencos 2026 omvat zeven voorstellingen in M\u00e1laga van 4 tot 26 september. Ze vinden plaats in de Sala Fundaci\u00f3n Unicaja Mar\u00eda Cristina en in de Patio de Surtidores van de Alcazaba van M\u00e1laga. Tickets kosten tussen \u20ac10 en \u20ac18 en worden verkocht via MiEntrada.<\/p>\n<\/blockquote>\n<\/div><\/div><\/div><\/div><\/div><\/div><\/div><\/section><section class=\"l-section wpb_row height_huge\"><div class=\"l-section-h i-cf\"><div class=\"g-cols vc_row via_flex valign_top type_default stacking_default\"><div class=\"vc_col-sm-3 wpb_column vc_column_container\"><div class=\"vc_column-inner\"><div class=\"wpb_wrapper\"><\/div><\/div><\/div><div class=\"vc_col-sm-6 wpb_column vc_column_container\"><div class=\"vc_column-inner\"><div class=\"wpb_wrapper\"><div class=\"wpb_text_column\"><div class=\"wpb_wrapper\"><h2>Inhoud van deze gids<\/h2>\n<ul>\n<li><a href=\"#programa\">Volledig programma<\/a><\/li>\n<li><a href=\"#ciclo\">Wat is Trasnoches Flamencos?<\/a><\/li>\n<li><a href=\"#artistas\">De zeven evenementen<\/a><\/li>\n<li><a href=\"#sedes\">Locaties<\/a><\/li>\n<li><a href=\"#entradas\">Tickets<\/a><\/li>\n<li><a href=\"#elegir\">Welk concert kiezen?<\/a><\/li>\n<li><a href=\"#faq\">Veelgestelde vragen<\/a><\/li>\n<\/ul>\n<\/div><\/div><\/div><\/div><\/div><div class=\"vc_col-sm-3 wpb_column vc_column_container\"><div class=\"vc_column-inner\"><div class=\"wpb_wrapper\"><\/div><\/div><\/div><\/div><\/div><\/section><section class=\"l-section wpb_row height_huge color_alternate with_shape\"><div class=\"l-section-shape type_zigzag pos_top\" style=\"height:3vmin;\"><svg xmlns=\"http:\/\/www.w3.org\/2000\/svg\" viewBox=\"0 0 64 8\" preserveAspectRatio=\"none\" width=\"100%\" height=\"100%\">\r\n\t<path fill=\"currentColor\" d=\"M64 8 L0 8 L0 0 L20 7.9 L40 3 L48 5 L64 0 Z\"\/>\r\n<\/svg><\/div><div class=\"l-section-shape type_zigzag pos_bottom\" style=\"height:3vmin;\"><svg xmlns=\"http:\/\/www.w3.org\/2000\/svg\" viewBox=\"0 0 64 8\" preserveAspectRatio=\"none\" width=\"100%\" height=\"100%\">\r\n\t<path fill=\"currentColor\" d=\"M64 8 L0 8 L0 0 L20 7.9 L40 3 L48 5 L64 0 Z\"\/>\r\n<\/svg><\/div><div class=\"l-section-h i-cf\"><div class=\"g-cols vc_row via_flex valign_top type_default stacking_default\"><div class=\"vc_col-sm-12 wpb_column vc_column_container\"><div class=\"vc_column-inner\"><div class=\"wpb_wrapper\"><div class=\"wpb_text_column\"><div class=\"wpb_wrapper\"><h2 id=\"programa\">Programma van Trasnoches Flamencos 2026 in M\u00e1laga<\/h2>\n<div style=\"overflow-x: auto;\">\n<table>\n<thead>\n<tr>\n<th>Datum<\/th>\n<th>Artiesten<\/th>\n<th>Tijd<\/th>\n<th>Locatie<\/th>\n<th>Prijs<\/th>\n<\/tr>\n<\/thead>\n<tbody>\n<tr>\n<td>4 september<\/td>\n<td>Alejandro Hurtado + Inmaculada Salom\u00f3n<\/td>\n<td>19:30<\/td>\n<td>Sala Fundaci\u00f3n Unicaja Mar\u00eda Cristina<\/td>\n<td>\u20ac12<\/td>\n<\/tr>\n<tr>\n<td>11 september<\/td>\n<td>El Amir<\/td>\n<td>19:30<\/td>\n<td>Sala Fundaci\u00f3n Unicaja Mar\u00eda Cristina<\/td>\n<td>\u20ac10<\/td>\n<\/tr>\n<tr>\n<td>17 september<\/td>\n<td>Pituquete + Encarna Anillo<\/td>\n<td>21:30<\/td>\n<td>Patio de Surtidores, Alcazaba van M\u00e1laga<\/td>\n<td>\u20ac15<\/td>\n<\/tr>\n<tr>\n<td>19 september<\/td>\n<td>Daniel Casares<\/td>\n<td>19:30<\/td>\n<td>Sala Fundaci\u00f3n Unicaja Mar\u00eda Cristina<\/td>\n<td>\u20ac12<\/td>\n<\/tr>\n<tr>\n<td>24 september<\/td>\n<td>Jos\u00e9 Ferm\u00edn Fern\u00e1ndez<\/td>\n<td>21:30<\/td>\n<td>Patio de Surtidores, Alcazaba van M\u00e1laga<\/td>\n<td>\u20ac15<\/td>\n<\/tr>\n<tr>\n<td>25 september<\/td>\n<td>Joni Jim\u00e9nez + Jes\u00fas M\u00e9ndez<\/td>\n<td>19:30<\/td>\n<td>Sala Fundaci\u00f3n Unicaja Mar\u00eda Cristina<\/td>\n<td>\u20ac10<\/td>\n<\/tr>\n<tr>\n<td>26 september<\/td>\n<td>Ricardo Fern\u00e1ndez del Moral<\/td>\n<td>21:30<\/td>\n<td>Patio de Surtidores, Alcazaba van M\u00e1laga<\/td>\n<td>\u20ac18<\/td>\n<\/tr>\n<\/tbody>\n<\/table>\n<\/div>\n<p>Het eerste evenement vond plaats op 4 september. De overige zes vallen tussen 11 en 26 september.<\/p>\n<\/div><\/div><\/div><\/div><\/div><\/div><\/div><\/section><section class=\"l-section wpb_row height_huge\"><div class=\"l-section-h i-cf\"><div class=\"g-cols vc_row via_flex valign_top type_default stacking_default\"><div class=\"vc_col-sm-6 wpb_column vc_column_container\"><div class=\"vc_column-inner\"><div class=\"wpb_wrapper\"><div class=\"wpb_text_column\"><div class=\"wpb_wrapper\"><h2 id=\"ciclo\">Wat is Trasnoches Flamencos?<\/h2>\n<p><strong>Trasnoches Flamencos<\/strong> is het specifiek op flamenco gerichte onderdeel van het Internationale Gitaarfestival van M\u00e1laga Pepe Romero. De vijfde editie van het festival omvat in totaal 15 concerten tussen 4 en 30 september 2026, met programma&#8217;s rond klassieke, Spaanse en flamencogitaar, naast oude muziek en symfonische creatie.<\/p>\n<p>Binnen dat algemene programma vormen de zeven avonden die als Trasnoches Flamencos zijn aangeduid een klein festival binnen het festival. De gitaar is de rode draad, maar de selectie laat verschillende manieren horen om hedendaags flamencospel te begrijpen: van concertgitaar tot begeleiding van cante, dialoog met dans en projecten die flamenco verbinden met andere muziekstijlen.<\/p>\n<\/div><\/div><\/div><\/div><\/div><div class=\"vc_col-sm-6 wpb_column vc_column_container\"><div class=\"vc_column-inner\"><div class=\"wpb_wrapper\"><div class=\"wpb_text_column\"><div class=\"wpb_wrapper\"><h2>Het festival en de locaties<\/h2>\n<p>De organisatie is in handen van de European Guitar Foundation en het festival draagt de naam van Pepe Romero, een van de internationaal bekendste gitaristen uit M\u00e1laga.<\/p>\n<p>De editie van 2026 vindt plaats op verschillende locaties in de stad, maar Trasnoches Flamencos concentreert zich op twee podia: de Sala Fundaci\u00f3n Unicaja Mar\u00eda Cristina en de Patio de Surtidores van de Alcazaba.<\/p>\n<p>Wil je tijdens je verblijf ook andere flamencovoorstellingen ontdekken, bekijk dan onze gids over <a href=\"https:\/\/www.tablaosflamencos.com\/flamenco-en-malaga\">flamenco in M\u00e1laga<\/a>.<\/p>\n<\/div><\/div><\/div><\/div><\/div><\/div><\/div><\/section><section class=\"l-section wpb_row height_huge color_alternate with_shape\"><div class=\"l-section-shape type_zigzag pos_top hor_flip\" style=\"height:3vmin;\"><svg xmlns=\"http:\/\/www.w3.org\/2000\/svg\" viewBox=\"0 0 64 8\" preserveAspectRatio=\"none\" width=\"100%\" height=\"100%\">\r\n\t<path fill=\"currentColor\" d=\"M64 8 L0 8 L0 0 L20 7.9 L40 3 L48 5 L64 0 Z\"\/>\r\n<\/svg><\/div><div class=\"l-section-shape type_zigzag pos_bottom\" style=\"height:3vmin;\"><svg xmlns=\"http:\/\/www.w3.org\/2000\/svg\" viewBox=\"0 0 64 8\" preserveAspectRatio=\"none\" width=\"100%\" height=\"100%\">\r\n\t<path fill=\"currentColor\" d=\"M64 8 L0 8 L0 0 L20 7.9 L40 3 L48 5 L64 0 Z\"\/>\r\n<\/svg><\/div><div class=\"l-section-h i-cf\"><div class=\"g-cols vc_row via_flex valign_top type_default stacking_default\"><div class=\"vc_col-sm-6 wpb_column vc_column_container\"><div class=\"vc_column-inner\"><div class=\"wpb_wrapper\"><div class=\"wpb_text_column\"><div class=\"wpb_wrapper\"><h2 id=\"artistas\">De zeven evenementen van Trasnoches Flamencos 2026<\/h2>\n<h3>4 september: Alejandro Hurtado en Inmaculada Salom\u00f3n<\/h3>\n<p>De reeks opende met een programma waarin <strong>gitaar en dans<\/strong> samenkwamen. Alejandro Hurtado, winnaar van de Bord\u00f3n Minero in 2017 en een van de jonge gitaristen met de sterkste aanwezigheid in het huidige circuit, deelde het podium met Inmaculada Salom\u00f3n, eerste danseres van het Ballet Nacional de Espa\u00f1a.<\/p>\n<p>Het was het enige evenement in de reeks waarin dans expliciet naast de gitaar centraal stond.<\/p>\n<h3>11 september: El Amir<\/h3>\n<p><strong>El Amir<\/strong>, de artiestennaam van Amir John Haddad, biedt een visie op flamenco die openstaat voor het Middellandse Zeegebied, het Midden-Oosten en andere muzikale talen. Zijn deelname aan tournees en opnamen rond Hans Zimmer heeft hem een opvallende internationale uitstraling gegeven binnen het flamencocircuit.<\/p>\n<\/div><\/div><\/div><\/div><\/div><div class=\"vc_col-sm-6 wpb_column vc_column_container\"><div class=\"vc_column-inner\"><div class=\"wpb_wrapper\"><div class=\"wpb_text_column\"><div class=\"wpb_wrapper\"><h3>17 september: Pituquete en Encarna Anillo<\/h3>\n<p>Het derde evenement verhuist naar de <strong>Patio de Surtidores van de Alcazaba van M\u00e1laga<\/strong>. Pituquetes gitaar combineert Latijns-Amerikaanse wortels, flamencotaal en hedendaagse creatie. Hij wordt vergezeld door zangeres <strong>Encarna Anillo<\/strong>.<\/p>\n<h3>19 september: Daniel Casares<\/h3>\n<p><strong>Daniel Casares<\/strong> is een gevestigde naam binnen de hedendaagse flamencogitaar. Voor wie een avond zoekt die bijna volledig om het gitaarspel draait, zonder andere scenische elementen nodig te hebben, is dit een van de duidelijkste keuzes in het programma.<\/p>\n<\/div><\/div><\/div><\/div><\/div><\/div><\/div><\/section><section class=\"l-section wpb_row height_huge\"><div class=\"l-section-h i-cf\"><div class=\"g-cols vc_row via_flex valign_top type_default stacking_default\"><div class=\"vc_col-sm-6 wpb_column vc_column_container\"><div class=\"vc_column-inner\"><div class=\"wpb_wrapper\"><div class=\"wpb_text_column\"><div class=\"wpb_wrapper\"><h3>24 september: Jos\u00e9 Ferm\u00edn Fern\u00e1ndez<\/h3>\n<p>De uit Granada afkomstige <strong>Jos\u00e9 Ferm\u00edn Fern\u00e1ndez<\/strong> behoort tot de meest bekroonde flamencogitaristen van zijn generatie op concoursen en festivals. Zijn loopbaan omvat twee belangrijke onderscheidingen: de Bord\u00f3n Minero van het Festival Internacional del Cante de las Minas en de eerste gitaarprijs van het Concurso Nacional de Arte Flamenco de C\u00f3rdoba.<\/p>\n<p>Zijn recital vindt plaats op 24 september om <strong>21:30<\/strong> in de Patio de Surtidores van de Alcazaba. Zowel het offici\u00eble ticketplatform als het algemene festivalprogramma vermelden dit tijdstip.<\/p>\n<\/div><\/div><\/div><\/div><\/div><div class=\"vc_col-sm-6 wpb_column vc_column_container\"><div class=\"vc_column-inner\"><div class=\"wpb_wrapper\"><div class=\"wpb_text_column\"><div class=\"wpb_wrapper\"><h3>25 september: Joni Jim\u00e9nez en Jes\u00fas M\u00e9ndez<\/h3>\n<p>Een van de aantrekkelijkste avonden voor liefhebbers van cante brengt gitarist <strong>Joni Jim\u00e9nez<\/strong> en zanger <strong>Jes\u00fas M\u00e9ndez<\/strong> samen. Het optreden laat duidelijk de rol van de flamencogitaar zien als begeleiding, antwoord en steun voor de zang.<\/p>\n<h3>26 september: Ricardo Fern\u00e1ndez del Moral<\/h3>\n<p>Trasnoches Flamencos 2026 eindigt met <strong>Ricardo Fern\u00e1ndez del Moral<\/strong>, zanger en gitarist die beide centrale rollen van een flamencorecital alleen kan dragen. De afsluiting begint om 21:30 in de Patio de Surtidores van de Alcazaba.<\/p>\n<\/div><\/div><\/div><\/div><\/div><\/div><\/div><\/section><section class=\"l-section wpb_row height_huge color_alternate with_shape\"><div class=\"l-section-shape type_zigzag pos_top\" style=\"height:3vmin;\"><svg xmlns=\"http:\/\/www.w3.org\/2000\/svg\" viewBox=\"0 0 64 8\" preserveAspectRatio=\"none\" width=\"100%\" height=\"100%\">\r\n\t<path fill=\"currentColor\" d=\"M64 8 L0 8 L0 0 L20 7.9 L40 3 L48 5 L64 0 Z\"\/>\r\n<\/svg><\/div><div class=\"l-section-shape type_zigzag pos_bottom\" style=\"height:3vmin;\"><svg xmlns=\"http:\/\/www.w3.org\/2000\/svg\" viewBox=\"0 0 64 8\" preserveAspectRatio=\"none\" width=\"100%\" height=\"100%\">\r\n\t<path fill=\"currentColor\" d=\"M64 8 L0 8 L0 0 L20 7.9 L40 3 L48 5 L64 0 Z\"\/>\r\n<\/svg><\/div><div class=\"l-section-h i-cf\"><div class=\"g-cols vc_row via_flex valign_top type_default stacking_default\"><div class=\"vc_col-sm-6 wpb_column vc_column_container\"><div class=\"vc_column-inner\"><div class=\"wpb_wrapper\"><div class=\"wpb_text_column\"><div class=\"wpb_wrapper\"><h2 id=\"sedes\">Twee locaties voor flamenco<\/h2>\n<p>De <strong>Sala Fundaci\u00f3n Unicaja Mar\u00eda Cristina<\/strong>, in het historische centrum, ontvangt de evenementen op 4, 11, 19 en 25 september. Het is een concertzaal die bijzonder geschikt is om de gitaar aandachtig en van dichtbij te beluisteren.<\/p>\n<p>De <strong>Patio de Surtidores van de Alcazaba van M\u00e1laga<\/strong> ontvangt de concerten op 17, 24 en 26 september. Het paleisfort biedt een heel andere historische omgeving, die vooral bij avondvoorstellingen bijzonder aantrekkelijk is.<\/p>\n<\/div><\/div><\/div><\/div><\/div><div class=\"vc_col-sm-6 wpb_column vc_column_container\"><div class=\"vc_column-inner\"><div class=\"wpb_wrapper\"><div class=\"wpb_text_column\"><div class=\"wpb_wrapper\"><h2>Het festival combineren met M\u00e1laga<\/h2>\n<p>Voor concerten in de Alcazaba vermeldt het offici\u00eble ticketplatform toegang via Calle Guill\u00e9n Sotelo, bij de ingang van de lift naar de Alcazaba.<\/p>\n<p>Wie speciaal voor een van deze concerten reist, kan het festival combineren met andere culturele activiteiten en met het vaste aanbod van <a href=\"https:\/\/www.tablaosflamencos.com\/flamenco-en-malaga\">tablaos en flamencoshows in M\u00e1laga<\/a>.<\/p>\n<\/div><\/div><\/div><\/div><\/div><\/div><\/div><\/section><section class=\"l-section wpb_row height_huge\"><div class=\"l-section-h i-cf\"><div class=\"g-cols vc_row via_flex valign_top type_default stacking_default\"><div class=\"vc_col-sm-6 wpb_column vc_column_container\"><div class=\"vc_column-inner\"><div class=\"wpb_wrapper\"><div class=\"wpb_text_column\"><div class=\"wpb_wrapper\"><h2 id=\"entradas\">Tickets voor Trasnoches Flamencos 2026<\/h2>\n<p>Tickets worden verkocht via <strong>MiEntrada<\/strong>, het ticketplatform waarnaar de offici\u00eble website van het Internationale Gitaarfestival van M\u00e1laga Pepe Romero verwijst. De prijzen lopen afhankelijk van het concert van <strong>\u20ac10 tot \u20ac18<\/strong>.<\/p>\n<ul>\n<li>El Amir: \u20ac10<\/li>\n<li>Joni Jim\u00e9nez + Jes\u00fas M\u00e9ndez: \u20ac10<\/li>\n<li>Alejandro Hurtado + Inmaculada Salom\u00f3n: \u20ac12<\/li>\n<li>Daniel Casares: \u20ac12<\/li>\n<li>Pituquete + Encarna Anillo: \u20ac15<\/li>\n<li>Jos\u00e9 Ferm\u00edn Fern\u00e1ndez: \u20ac15<\/li>\n<li>Ricardo Fern\u00e1ndez del Moral: \u20ac18<\/li>\n<\/ul>\n<\/div><\/div><\/div><\/div><\/div><div class=\"vc_col-sm-6 wpb_column vc_column_container\"><div class=\"vc_column-inner\"><div class=\"wpb_wrapper\"><div class=\"wpb_text_column\"><div class=\"wpb_wrapper\"><h2>Boeken en beschikbaarheid<\/h2>\n<p>Omdat de locaties een beperkte capaciteit hebben en eerdere festivaledities uitverkochte concerten kenden, is het verstandig de beschikbaarheid vooraf te controleren, vooral voor optredens in de Alcazaba en evenementen met meerdere artiesten.<\/p>\n<p><a href=\"https:\/\/www.mientrada.net\/\" target=\"_blank\" rel=\"nofollow noopener\"><strong>Bekijk tickets op MiEntrada<\/strong><\/a> \u00b7 <a href=\"https:\/\/www.malagaguitarfestival.com\/\" target=\"_blank\" rel=\"nofollow noopener\"><strong>Bekijk het offici\u00eble festivalprogramma<\/strong><\/a><\/p>\n<\/div><\/div><\/div><\/div><\/div><\/div><\/div><\/section><section class=\"l-section wpb_row height_huge color_alternate with_shape\"><div class=\"l-section-shape type_zigzag pos_top hor_flip\" style=\"height:3vmin;\"><svg xmlns=\"http:\/\/www.w3.org\/2000\/svg\" viewBox=\"0 0 64 8\" preserveAspectRatio=\"none\" width=\"100%\" height=\"100%\">\r\n\t<path fill=\"currentColor\" d=\"M64 8 L0 8 L0 0 L20 7.9 L40 3 L48 5 L64 0 Z\"\/>\r\n<\/svg><\/div><div class=\"l-section-shape type_zigzag pos_bottom\" style=\"height:3vmin;\"><svg xmlns=\"http:\/\/www.w3.org\/2000\/svg\" viewBox=\"0 0 64 8\" preserveAspectRatio=\"none\" width=\"100%\" height=\"100%\">\r\n\t<path fill=\"currentColor\" d=\"M64 8 L0 8 L0 0 L20 7.9 L40 3 L48 5 L64 0 Z\"\/>\r\n<\/svg><\/div><div class=\"l-section-h i-cf\"><div class=\"g-cols vc_row via_flex valign_top type_default stacking_default\"><div class=\"vc_col-sm-6 wpb_column vc_column_container\"><div class=\"vc_column-inner\"><div class=\"wpb_wrapper\"><div class=\"wpb_text_column\"><div class=\"wpb_wrapper\"><h2 id=\"elegir\">Welk concert kiezen?<\/h2>\n<p>Als je maar \u00e9\u00e9n evenement kunt bezoeken, hangt de keuze sterk af van het soort flamenco dat je wilt zien. Voor wie <strong>soloflamencogitaar<\/strong> vooropstelt, zijn Daniel Casares en Jos\u00e9 Ferm\u00edn Fern\u00e1ndez twee bijzonder duidelijke opties. Zoek je een meer gemengde benadering die openstaat voor andere muzikale talen, dan passen El Amir of Pituquete misschien beter.<\/p>\n<p>Voor <strong>cante met gitaar<\/strong> is de avond met Joni Jim\u00e9nez en Jes\u00fas M\u00e9ndez een van de aantrekkelijkste evenementen van de reeks. Ricardo Fern\u00e1ndez del Moral biedt een andere variant: zang en gitaar verenigd in \u00e9\u00e9n uitvoerder.<\/p>\n<\/div><\/div><\/div><\/div><\/div><div class=\"vc_col-sm-6 wpb_column vc_column_container\"><div class=\"vc_column-inner\"><div class=\"wpb_wrapper\"><div class=\"wpb_text_column\"><div class=\"wpb_wrapper\"><h2>Mijn aanbeveling per locatie<\/h2>\n<p>De recitals in de Alcazaba krijgen extra waarde doordat ze plaatsvinden in een van M\u00e1laga&#8217;s herkenbaarste monumenten, terwijl Mar\u00eda Cristina als zaal meer gericht is op geconcentreerd luisteren.<\/p>\n<p>Als de sfeer van de locatie even belangrijk is als de line-up, zou ik een van de drie avonden in de Alcazaba kiezen. Als de prioriteit is om de gitaar met maximale aandacht te beluisteren, is Mar\u00eda Cristina bijzonder geschikt.<\/p>\n<\/div><\/div><\/div><\/div><\/div><\/div><\/div><\/section><section class=\"l-section wpb_row height_huge\"><div class=\"l-section-h i-cf\"><div class=\"g-cols vc_row via_flex valign_top type_default stacking_default\"><div class=\"vc_col-sm-12 wpb_column vc_column_container\"><div class=\"vc_column-inner\"><div class=\"wpb_wrapper\"><div class=\"wpb_text_column\"><div class=\"wpb_wrapper\"><h2>Een september vol flamencogitaar in M\u00e1laga<\/h2>\n<p>Trasnoches Flamencos maakt van het bredere programma van het Pepe Romero Guitar Festival een kans om verschillende generaties en gevoeligheden van het hedendaagse flamencospel te ontdekken. In nauwelijks drie weken volgen solgitaar, begeleiding van cante, dialoog met dans en projecten die de gebruikelijke grenzen van flamenco verruimen elkaar op.<\/p>\n<p>Met tickets vanaf \u20ac10 en twee locaties in het centrum van M\u00e1laga is de reeks een van de interessantste flamenco-evenementen van september 2026 in de stad. Het praktische advies is eenvoudig: controleer de beschikbaarheid voor elke datum en, als je gekozen concert in de Alcazaba plaatsvindt, bevestig vooraf het toegangspunt dat de organisatie aangeeft.<\/p>\n<\/div><\/div><div class=\"w-separator size_medium\"><\/div><div class=\"w-hwrapper valign_top wrap align_center\" style=\"--hwrapper-gap:1.2rem\"><div class=\"w-btn-wrapper align_none\"><a class=\"w-btn us-btn-style_1\" href=\"\/?page_id=8784\"><span class=\"w-btn-label\">Ontdek flamenco in M\u00e1laga<\/span><\/a><\/div><div class=\"w-btn-wrapper align_none\"><a class=\"w-btn us-btn-style_1\" target=\" _blank\" rel=\" nofollow noopener\" href=\"https:\/\/www.malagaguitarfestival.com\/\"><span class=\"w-btn-label\">Bekijk het offici\u00eble programma<\/span><\/a><\/div><\/div><\/div><\/div><\/div><\/div><\/div><\/section><section class=\"l-section wpb_row height_huge color_alternate with_shape\"><div class=\"l-section-shape type_zigzag pos_top\" style=\"height:3vmin;\"><svg xmlns=\"http:\/\/www.w3.org\/2000\/svg\" viewBox=\"0 0 64 8\" preserveAspectRatio=\"none\" width=\"100%\" height=\"100%\">\r\n\t<path fill=\"currentColor\" d=\"M64 8 L0 8 L0 0 L20 7.9 L40 3 L48 5 L64 0 Z\"\/>\r\n<\/svg><\/div><div class=\"l-section-h i-cf\"><div class=\"g-cols vc_row via_flex valign_top type_default stacking_default\"><div class=\"vc_col-sm-1\/5 wpb_column vc_column_container\"><div class=\"vc_column-inner\"><div class=\"wpb_wrapper\"><\/div><\/div><\/div><div class=\"vc_col-sm-3\/5 wpb_column vc_column_container\"><div class=\"vc_column-inner\"><div class=\"wpb_wrapper\"><div class=\"wpb_text_column\"><div class=\"wpb_wrapper\"><h2 id=\"faq\">Veelgestelde vragen over Trasnoches Flamencos 2026<\/h2>\n<\/div><\/div><div class=\"w-separator size_medium\"><\/div><div class=\"w-tabs accordion toggle_style_1 has_scrolling\" style=\"--sections-title-size:inherit;--sections-gap:0.5rem;\"><div class=\"w-tabs-sections titles-align_none icon_chevron cpos_right\"><div class=\"w-tabs-section\" id=\"ab3b\"><button type=\"button\" class=\"w-tabs-section-header\" aria-controls=\"content-ab3b\" aria-expanded=\"false\"><div class=\"w-tabs-section-title\">Wanneer vindt Trasnoches Flamencos 2026 plaats?<\/div><div class=\"w-tabs-section-control\"><\/div><\/button><div  class=\"w-tabs-section-content\" id=\"content-ab3b\"><div class=\"w-tabs-section-content-h i-cf\"><div class=\"wpb_text_column\"><div class=\"wpb_wrapper\"><p>De reeks loopt van 4 tot 26 september 2026 als onderdeel van het 5e Internationale Gitaarfestival van M\u00e1laga Pepe Romero.<\/p>\n<\/div><\/div><\/div><\/div><\/div><div class=\"w-tabs-section\" id=\"dcb3\"><button type=\"button\" class=\"w-tabs-section-header\" aria-controls=\"content-dcb3\" aria-expanded=\"false\"><div class=\"w-tabs-section-title\">Hoeveel voorstellingen telt de reeks?<\/div><div class=\"w-tabs-section-control\"><\/div><\/button><div  class=\"w-tabs-section-content\" id=\"content-dcb3\"><div class=\"w-tabs-section-content-h i-cf\"><div class=\"wpb_text_column\"><div class=\"wpb_wrapper\"><p>Er zijn zeven evenementen die officieel als Trasnoches Flamencos zijn aangeduid.<\/p>\n<\/div><\/div><\/div><\/div><\/div><div class=\"w-tabs-section\" id=\"je07\"><button type=\"button\" class=\"w-tabs-section-header\" aria-controls=\"content-je07\" aria-expanded=\"false\"><div class=\"w-tabs-section-title\">Waar vinden de concerten plaats?<\/div><div class=\"w-tabs-section-control\"><\/div><\/button><div  class=\"w-tabs-section-content\" id=\"content-je07\"><div class=\"w-tabs-section-content-h i-cf\"><div class=\"wpb_text_column\"><div class=\"wpb_wrapper\"><p>Op twee locaties in M\u00e1laga: de Sala Fundaci\u00f3n Unicaja Mar\u00eda Cristina en de Patio de Surtidores van de Alcazaba van M\u00e1laga.<\/p>\n<\/div><\/div><\/div><\/div><\/div><div class=\"w-tabs-section\" id=\"rf58\"><button type=\"button\" class=\"w-tabs-section-header\" aria-controls=\"content-rf58\" aria-expanded=\"false\"><div class=\"w-tabs-section-title\">Hoeveel kosten de tickets?<\/div><div class=\"w-tabs-section-control\"><\/div><\/button><div  class=\"w-tabs-section-content\" id=\"content-rf58\"><div class=\"w-tabs-section-content-h i-cf\"><div class=\"wpb_text_column\"><div class=\"wpb_wrapper\"><p>De aangekondigde prijzen lopen afhankelijk van het concert van \u20ac10 tot \u20ac18.<\/p>\n<\/div><\/div><\/div><\/div><\/div><div class=\"w-tabs-section\" id=\"k0ab\"><button type=\"button\" class=\"w-tabs-section-header\" aria-controls=\"content-k0ab\" aria-expanded=\"false\"><div class=\"w-tabs-section-title\">Waar kan ik tickets kopen?<\/div><div class=\"w-tabs-section-control\"><\/div><\/button><div  class=\"w-tabs-section-content\" id=\"content-k0ab\"><div class=\"w-tabs-section-content-h i-cf\"><div class=\"wpb_text_column\"><div class=\"wpb_wrapper\"><p>De offici\u00eble festivalwebsite verwijst voor de ticketverkoop van alle zeven evenementen naar MiEntrada.<\/p>\n<\/div><\/div><\/div><\/div><\/div><div class=\"w-tabs-section\" id=\"l1ec\"><button type=\"button\" class=\"w-tabs-section-header\" aria-controls=\"content-l1ec\" aria-expanded=\"false\"><div class=\"w-tabs-section-title\">Zijn er naast gitaar ook zang en dans?<\/div><div class=\"w-tabs-section-control\"><\/div><\/button><div  class=\"w-tabs-section-content\" id=\"content-l1ec\"><div class=\"w-tabs-section-content-h i-cf\"><div class=\"wpb_text_column\"><div class=\"wpb_wrapper\"><p>Ja. Hoewel de gitaar de rode draad van de reeks is, bevat de opening dans met Alejandro Hurtado en Inmaculada Salom\u00f3n, gastzang van Encarna Anillo en Jes\u00fas M\u00e9ndez, en Ricardo Fern\u00e1ndez del Moral brengt zowel zang als gitaar.<\/p>\n<\/div><\/div><\/div><\/div><\/div><\/div><\/div><\/div><\/div><\/div><div class=\"vc_col-sm-1\/5 wpb_column vc_column_container\"><div class=\"vc_column-inner\"><div class=\"wpb_wrapper\"><\/div><\/div><\/div><\/div><\/div><\/section>\n","protected":false},"excerpt":{"rendered":"<p>Trasnoches Flamencos 2026 brengt van 4 tot 26 september zeven voorstellingen met flamencogitaar, zang en dans naar M\u00e1laga. Programma, artiesten, tijden, locaties, prijzen en tickets.<\/p>\n","protected":false},"author":1,"featured_media":14935,"comment_status":"closed","ping_status":"closed","sticky":false,"template":"","format":"standard","meta":{"_acf_changed":false,"wpai_generated_summary":"","_ayudawp_aiss_exclude":false,"_ayudawp_aiss_exclude_summary":false,"_ayudawp_aiss_summary":"","_ayudawp_aiss_summary_provider":"","_ayudawp_aiss_summary_hash":"","footnotes":""},"categories":[1672],"tags":[1230,1423,1424,1419],"class_list":["post-15182","post","type-post","status-publish","format-standard","has-post-thumbnail","hentry","category-flamencofestivals","tag-festivales-flamencos","tag-flamencodans","tag-flamencogitaar","tag-flamencozang"],"acf":[],"yoast_head":"<!-- This site is optimized with the Yoast SEO Premium plugin v28.4 (Yoast SEO v28.4) - https:\/\/yoast.com\/product\/yoast-seo-premium-wordpress\/ -->\n<title>Trasnoches Flamencos 2026 in M\u00e1laga: programma en tickets<\/title>\n<meta name=\"description\" content=\"Trasnoches Flamencos 2026 brengt van 4 tot 26 september zeven avonden met flamencogitaar, zang en dans naar M\u00e1laga. Programma, artiesten en tickets.\" \/>\n<meta name=\"robots\" content=\"index, follow, max-snippet:-1, max-image-preview:large, max-video-preview:-1\" \/>\n<link rel=\"canonical\" href=\"https:\/\/www.tablaosflamencos.com\/nl\/trasnoches-flamencos-2026-malaga-programma-tickets.html\" \/>\n<meta property=\"og:locale\" content=\"nl_NL\" \/>\n<meta property=\"og:type\" content=\"article\" \/>\n<meta property=\"og:title\" content=\"Trasnoches Flamencos 2026: zeven avonden met gitaar, zang en dans in M\u00e1laga\" \/>\n<meta property=\"og:description\" content=\"Trasnoches Flamencos 2026 brengt van 4 tot 26 september zeven avonden met flamencogitaar, zang en dans naar M\u00e1laga. Programma, artiesten en tickets.\" \/>\n<meta property=\"og:url\" content=\"https:\/\/www.tablaosflamencos.com\/nl\/trasnoches-flamencos-2026-malaga-programma-tickets.html\" \/>\n<meta property=\"og:site_name\" content=\"Tablaos Flamencos\" \/>\n<meta property=\"article:publisher\" content=\"https:\/\/www.facebook.com\/tablaosflamencos\" \/>\n<meta property=\"article:published_time\" content=\"2026-09-06T14:53:49+00:00\" \/>\n<meta property=\"article:modified_time\" content=\"2026-09-06T17:55:39+00:00\" \/>\n<meta property=\"og:image\" content=\"https:\/\/www.tablaosflamencos.com\/wp-content\/uploads\/trasnoches-flamencos-2026-siete-citas-de-guitarra-cante-y-baile-en-malaga-01.webp\" \/>\n\t<meta property=\"og:image:width\" content=\"1672\" \/>\n\t<meta property=\"og:image:height\" content=\"941\" \/>\n\t<meta property=\"og:image:type\" content=\"image\/webp\" \/>\n<meta name=\"author\" content=\"Miguel Ortiz\" \/>\n<meta name=\"twitter:card\" content=\"summary_large_image\" \/>\n<meta name=\"twitter:creator\" content=\"@tablaosflamenco\" \/>\n<meta name=\"twitter:site\" content=\"@tablaosflamenco\" \/>\n<meta name=\"twitter:label1\" content=\"Geschreven door\" \/>\n\t<meta name=\"twitter:data1\" content=\"Miguel Ortiz\" \/>\n\t<meta name=\"twitter:label2\" content=\"Geschatte leestijd\" \/>\n\t<meta name=\"twitter:data2\" content=\"11 minuten\" \/>\n<script type=\"application\/ld+json\" class=\"yoast-schema-graph\">{\"@context\":\"https:\\\/\\\/schema.org\",\"@graph\":[{\"@type\":\"Article\",\"@id\":\"https:\\\/\\\/www.tablaosflamencos.com\\\/nl\\\/trasnoches-flamencos-2026-malaga-programma-tickets.html#article\",\"isPartOf\":{\"@id\":\"https:\\\/\\\/www.tablaosflamencos.com\\\/nl\\\/trasnoches-flamencos-2026-malaga-programma-tickets.html\"},\"author\":{\"name\":\"Miguel Ortiz\",\"@id\":\"https:\\\/\\\/www.tablaosflamencos.com\\\/nl#\\\/schema\\\/person\\\/e7a9ebe14eb75a52ceabfbffb3c54f5d\"},\"headline\":\"Trasnoches Flamencos 2026: zeven avonden met gitaar, zang en dans in M\u00e1laga\",\"datePublished\":\"2026-09-06T14:53:49+00:00\",\"dateModified\":\"2026-09-06T17:55:39+00:00\",\"mainEntityOfPage\":{\"@id\":\"https:\\\/\\\/www.tablaosflamencos.com\\\/nl\\\/trasnoches-flamencos-2026-malaga-programma-tickets.html\"},\"wordCount\":2188,\"publisher\":{\"@id\":\"https:\\\/\\\/www.tablaosflamencos.com\\\/nl#organization\"},\"image\":{\"@id\":\"https:\\\/\\\/www.tablaosflamencos.com\\\/nl\\\/trasnoches-flamencos-2026-malaga-programma-tickets.html#primaryimage\"},\"thumbnailUrl\":\"https:\\\/\\\/www.tablaosflamencos.com\\\/wp-content\\\/uploads\\\/trasnoches-flamencos-2026-siete-citas-de-guitarra-cante-y-baile-en-malaga-01.webp\",\"keywords\":[\"festivales flamencos\",\"flamencodans\",\"flamencogitaar\",\"flamencozang\"],\"articleSection\":[\"Flamencofestivals\"],\"inLanguage\":\"nl-NL\"},{\"@type\":\"WebPage\",\"@id\":\"https:\\\/\\\/www.tablaosflamencos.com\\\/nl\\\/trasnoches-flamencos-2026-malaga-programma-tickets.html\",\"url\":\"https:\\\/\\\/www.tablaosflamencos.com\\\/nl\\\/trasnoches-flamencos-2026-malaga-programma-tickets.html\",\"name\":\"Trasnoches Flamencos 2026 in M\u00e1laga: programma en tickets\",\"isPartOf\":{\"@id\":\"https:\\\/\\\/www.tablaosflamencos.com\\\/nl#website\"},\"primaryImageOfPage\":{\"@id\":\"https:\\\/\\\/www.tablaosflamencos.com\\\/nl\\\/trasnoches-flamencos-2026-malaga-programma-tickets.html#primaryimage\"},\"image\":{\"@id\":\"https:\\\/\\\/www.tablaosflamencos.com\\\/nl\\\/trasnoches-flamencos-2026-malaga-programma-tickets.html#primaryimage\"},\"thumbnailUrl\":\"https:\\\/\\\/www.tablaosflamencos.com\\\/wp-content\\\/uploads\\\/trasnoches-flamencos-2026-siete-citas-de-guitarra-cante-y-baile-en-malaga-01.webp\",\"datePublished\":\"2026-09-06T14:53:49+00:00\",\"dateModified\":\"2026-09-06T17:55:39+00:00\",\"description\":\"Trasnoches Flamencos 2026 brengt van 4 tot 26 september zeven avonden met flamencogitaar, zang en dans naar M\u00e1laga. Programma, artiesten en tickets.\",\"breadcrumb\":{\"@id\":\"https:\\\/\\\/www.tablaosflamencos.com\\\/nl\\\/trasnoches-flamencos-2026-malaga-programma-tickets.html#breadcrumb\"},\"inLanguage\":\"nl-NL\",\"potentialAction\":[{\"@type\":\"ReadAction\",\"target\":[\"https:\\\/\\\/www.tablaosflamencos.com\\\/nl\\\/trasnoches-flamencos-2026-malaga-programma-tickets.html\"]}]},{\"@type\":\"ImageObject\",\"inLanguage\":\"nl-NL\",\"@id\":\"https:\\\/\\\/www.tablaosflamencos.com\\\/nl\\\/trasnoches-flamencos-2026-malaga-programma-tickets.html#primaryimage\",\"url\":\"https:\\\/\\\/www.tablaosflamencos.com\\\/wp-content\\\/uploads\\\/trasnoches-flamencos-2026-siete-citas-de-guitarra-cante-y-baile-en-malaga-01.webp\",\"contentUrl\":\"https:\\\/\\\/www.tablaosflamencos.com\\\/wp-content\\\/uploads\\\/trasnoches-flamencos-2026-siete-citas-de-guitarra-cante-y-baile-en-malaga-01.webp\",\"width\":1672,\"height\":941,\"caption\":\"Trasnoches Flamencos 2026: siete citas de guitarra, cante y baile en M\u00e1laga\"},{\"@type\":\"BreadcrumbList\",\"@id\":\"https:\\\/\\\/www.tablaosflamencos.com\\\/nl\\\/trasnoches-flamencos-2026-malaga-programma-tickets.html#breadcrumb\",\"itemListElement\":[{\"@type\":\"ListItem\",\"position\":1,\"name\":\"Home\",\"item\":\"https:\\\/\\\/www.tablaosflamencos.com\\\/nl\"},{\"@type\":\"ListItem\",\"position\":2,\"name\":\"Trasnoches Flamencos 2026: zeven avonden met gitaar, zang en dans in M\u00e1laga\"}]},{\"@type\":\"WebSite\",\"@id\":\"https:\\\/\\\/www.tablaosflamencos.com\\\/nl#website\",\"url\":\"https:\\\/\\\/www.tablaosflamencos.com\\\/nl\",\"name\":\"Tablaos Flamencos\",\"description\":\"Entradas para tablaos flamencos de Espa\u00f1a\",\"publisher\":{\"@id\":\"https:\\\/\\\/www.tablaosflamencos.com\\\/nl#organization\"},\"alternateName\":\"Tablaos Flamencos\",\"potentialAction\":[{\"@type\":\"SearchAction\",\"target\":{\"@type\":\"EntryPoint\",\"urlTemplate\":\"https:\\\/\\\/www.tablaosflamencos.com\\\/nl?s={search_term_string}\"},\"query-input\":{\"@type\":\"PropertyValueSpecification\",\"valueRequired\":true,\"valueName\":\"search_term_string\"}}],\"inLanguage\":\"nl-NL\"},{\"@type\":[\"Organization\",\"Place\",\"EntertainmentBusiness\"],\"@id\":\"https:\\\/\\\/www.tablaosflamencos.com\\\/nl#organization\",\"name\":\"Tablaos Flamencos\",\"alternateName\":\"Tablaos Flamencos\",\"url\":\"https:\\\/\\\/www.tablaosflamencos.com\\\/nl\",\"logo\":{\"@id\":\"https:\\\/\\\/www.tablaosflamencos.com\\\/nl\\\/trasnoches-flamencos-2026-malaga-programma-tickets.html#local-main-organization-logo\"},\"image\":{\"@id\":\"https:\\\/\\\/www.tablaosflamencos.com\\\/nl\\\/trasnoches-flamencos-2026-malaga-programma-tickets.html#local-main-organization-logo\"},\"sameAs\":[\"https:\\\/\\\/www.facebook.com\\\/tablaosflamencos\",\"https:\\\/\\\/x.com\\\/tablaosflamenco\",\"https:\\\/\\\/mastodon.social\\\/@tablaosflamencos\",\"https:\\\/\\\/www.instagram.com\\\/tablaosflamencos\",\"https:\\\/\\\/tiktok.com\\\/@tablaosflamencos\",\"https:\\\/\\\/www.linkedin.com\\\/company\\\/109408238\\\/\"],\"description\":\"Venta de entradas para espect\u00e1culos flamencos\",\"legalName\":\"Tablaos Flamencos\",\"foundingDate\":\"2015-01-01\",\"numberOfEmployees\":{\"@type\":\"QuantitativeValue\",\"minValue\":\"1\",\"maxValue\":\"10\"},\"address\":{\"@id\":\"https:\\\/\\\/www.tablaosflamencos.com\\\/nl\\\/trasnoches-flamencos-2026-malaga-programma-tickets.html#local-main-place-address\"},\"geo\":{\"@type\":\"GeoCoordinates\",\"latitude\":\"37.3868072\",\"longitude\":\"-5.993280299999999\"},\"telephone\":[\"+34623787787\"],\"contactPoint\":{\"@type\":\"ContactPoint\",\"telephone\":\"+34623787787\",\"email\":\"info@tablaosflamencos.com\"},\"openingHoursSpecification\":{\"@type\":\"OpeningHoursSpecification\",\"dayOfWeek\":[\"Monday\",\"Tuesday\",\"Wednesday\",\"Thursday\",\"Friday\",\"Saturday\",\"Sunday\"],\"opens\":\"00:00\",\"closes\":\"23:59\"},\"email\":\"info@tablaosflamencos.com\",\"priceRange\":\"$$$\",\"currenciesAccepted\":\"\u20ac\"},{\"@type\":\"Person\",\"@id\":\"https:\\\/\\\/www.tablaosflamencos.com\\\/nl#\\\/schema\\\/person\\\/e7a9ebe14eb75a52ceabfbffb3c54f5d\",\"name\":\"Miguel Ortiz\",\"description\":\"Miguel Ortiz es un empresario flamenco, con una s\u00f3lida trayectoria dentro del sector. Ha presidido entidades culturales vinculadas al flamenco y, cuenta con un amplio recorrido profesional en la gesti\u00f3n y promoci\u00f3n de espect\u00e1culos y tablaos flamencos. Su pasi\u00f3n por la historia y el arte flamenco se refleja en cada art\u00edculo, donde combina experiencia, criterio y un profundo respeto por la tradici\u00f3n.\",\"sameAs\":[\"https:\\\/\\\/www.tablaosflamencos.com\",\"https:\\\/\\\/www.instagra.com\\\/miguelortizfe\",\"https:\\\/\\\/www.linkedin.com\\\/in\\\/miguelortizf\\\/\"],\"birthDate\":\"1984-11-22\",\"gender\":\"hombre\",\"knowsLanguage\":[\"espa\u00f1ol\",\"ingl\u00e9s\"],\"jobTitle\":\"Empresario flamenco\"},{\"@type\":\"PostalAddress\",\"@id\":\"https:\\\/\\\/www.tablaosflamencos.com\\\/nl\\\/trasnoches-flamencos-2026-malaga-programma-tickets.html#local-main-place-address\",\"streetAddress\":\"C\\\/ Alemanes, 19\",\"addressLocality\":\"Sevilla\",\"postalCode\":\"41004\",\"addressRegion\":\"Sevilla\",\"addressCountry\":\"ES\"},{\"@type\":\"ImageObject\",\"inLanguage\":\"nl-NL\",\"@id\":\"https:\\\/\\\/www.tablaosflamencos.com\\\/nl\\\/trasnoches-flamencos-2026-malaga-programma-tickets.html#local-main-organization-logo\",\"url\":\"https:\\\/\\\/www.tablaosflamencos.com\\\/wp-content\\\/uploads\\\/tablaos-flamencos-06-3.webp\",\"contentUrl\":\"https:\\\/\\\/www.tablaosflamencos.com\\\/wp-content\\\/uploads\\\/tablaos-flamencos-06-3.webp\",\"width\":600,\"height\":620,\"caption\":\"Tablaos Flamencos\"}]}<\/script>\n<meta name=\"geo.placename\" content=\"Sevilla\" \/>\n<meta name=\"geo.position\" content=\"37.3868072;-5.993280299999999\" \/>\n<meta name=\"geo.region\" content=\"Spanje\" \/>\n<!-- \/ Yoast SEO Premium plugin. -->","yoast_head_json":{"title":"Trasnoches Flamencos 2026 in M\u00e1laga: programma en tickets","description":"Trasnoches Flamencos 2026 brengt van 4 tot 26 september zeven avonden met flamencogitaar, zang en dans naar M\u00e1laga. Programma, artiesten en tickets.","robots":{"index":"index","follow":"follow","max-snippet":"max-snippet:-1","max-image-preview":"max-image-preview:large","max-video-preview":"max-video-preview:-1"},"canonical":"https:\/\/www.tablaosflamencos.com\/nl\/trasnoches-flamencos-2026-malaga-programma-tickets.html","og_locale":"nl_NL","og_type":"article","og_title":"Trasnoches Flamencos 2026: zeven avonden met gitaar, zang en dans in M\u00e1laga","og_description":"Trasnoches Flamencos 2026 brengt van 4 tot 26 september zeven avonden met flamencogitaar, zang en dans naar M\u00e1laga. Programma, artiesten en tickets.","og_url":"https:\/\/www.tablaosflamencos.com\/nl\/trasnoches-flamencos-2026-malaga-programma-tickets.html","og_site_name":"Tablaos Flamencos","article_publisher":"https:\/\/www.facebook.com\/tablaosflamencos","article_published_time":"2026-09-06T14:53:49+00:00","article_modified_time":"2026-09-06T17:55:39+00:00","og_image":[{"width":1672,"height":941,"url":"https:\/\/www.tablaosflamencos.com\/wp-content\/uploads\/trasnoches-flamencos-2026-siete-citas-de-guitarra-cante-y-baile-en-malaga-01.webp","type":"image\/webp"}],"author":"Miguel Ortiz","twitter_card":"summary_large_image","twitter_creator":"@tablaosflamenco","twitter_site":"@tablaosflamenco","twitter_misc":{"Geschreven door":"Miguel Ortiz","Geschatte leestijd":"11 minuten"},"schema":{"@context":"https:\/\/schema.org","@graph":[{"@type":"Article","@id":"https:\/\/www.tablaosflamencos.com\/nl\/trasnoches-flamencos-2026-malaga-programma-tickets.html#article","isPartOf":{"@id":"https:\/\/www.tablaosflamencos.com\/nl\/trasnoches-flamencos-2026-malaga-programma-tickets.html"},"author":{"name":"Miguel Ortiz","@id":"https:\/\/www.tablaosflamencos.com\/nl#\/schema\/person\/e7a9ebe14eb75a52ceabfbffb3c54f5d"},"headline":"Trasnoches Flamencos 2026: zeven avonden met gitaar, zang en dans in M\u00e1laga","datePublished":"2026-09-06T14:53:49+00:00","dateModified":"2026-09-06T17:55:39+00:00","mainEntityOfPage":{"@id":"https:\/\/www.tablaosflamencos.com\/nl\/trasnoches-flamencos-2026-malaga-programma-tickets.html"},"wordCount":2188,"publisher":{"@id":"https:\/\/www.tablaosflamencos.com\/nl#organization"},"image":{"@id":"https:\/\/www.tablaosflamencos.com\/nl\/trasnoches-flamencos-2026-malaga-programma-tickets.html#primaryimage"},"thumbnailUrl":"https:\/\/www.tablaosflamencos.com\/wp-content\/uploads\/trasnoches-flamencos-2026-siete-citas-de-guitarra-cante-y-baile-en-malaga-01.webp","keywords":["festivales flamencos","flamencodans","flamencogitaar","flamencozang"],"articleSection":["Flamencofestivals"],"inLanguage":"nl-NL"},{"@type":"WebPage","@id":"https:\/\/www.tablaosflamencos.com\/nl\/trasnoches-flamencos-2026-malaga-programma-tickets.html","url":"https:\/\/www.tablaosflamencos.com\/nl\/trasnoches-flamencos-2026-malaga-programma-tickets.html","name":"Trasnoches Flamencos 2026 in M\u00e1laga: programma en tickets","isPartOf":{"@id":"https:\/\/www.tablaosflamencos.com\/nl#website"},"primaryImageOfPage":{"@id":"https:\/\/www.tablaosflamencos.com\/nl\/trasnoches-flamencos-2026-malaga-programma-tickets.html#primaryimage"},"image":{"@id":"https:\/\/www.tablaosflamencos.com\/nl\/trasnoches-flamencos-2026-malaga-programma-tickets.html#primaryimage"},"thumbnailUrl":"https:\/\/www.tablaosflamencos.com\/wp-content\/uploads\/trasnoches-flamencos-2026-siete-citas-de-guitarra-cante-y-baile-en-malaga-01.webp","datePublished":"2026-09-06T14:53:49+00:00","dateModified":"2026-09-06T17:55:39+00:00","description":"Trasnoches Flamencos 2026 brengt van 4 tot 26 september zeven avonden met flamencogitaar, zang en dans naar M\u00e1laga. Programma, artiesten en tickets.","breadcrumb":{"@id":"https:\/\/www.tablaosflamencos.com\/nl\/trasnoches-flamencos-2026-malaga-programma-tickets.html#breadcrumb"},"inLanguage":"nl-NL","potentialAction":[{"@type":"ReadAction","target":["https:\/\/www.tablaosflamencos.com\/nl\/trasnoches-flamencos-2026-malaga-programma-tickets.html"]}]},{"@type":"ImageObject","inLanguage":"nl-NL","@id":"https:\/\/www.tablaosflamencos.com\/nl\/trasnoches-flamencos-2026-malaga-programma-tickets.html#primaryimage","url":"https:\/\/www.tablaosflamencos.com\/wp-content\/uploads\/trasnoches-flamencos-2026-siete-citas-de-guitarra-cante-y-baile-en-malaga-01.webp","contentUrl":"https:\/\/www.tablaosflamencos.com\/wp-content\/uploads\/trasnoches-flamencos-2026-siete-citas-de-guitarra-cante-y-baile-en-malaga-01.webp","width":1672,"height":941,"caption":"Trasnoches Flamencos 2026: siete citas de guitarra, cante y baile en M\u00e1laga"},{"@type":"BreadcrumbList","@id":"https:\/\/www.tablaosflamencos.com\/nl\/trasnoches-flamencos-2026-malaga-programma-tickets.html#breadcrumb","itemListElement":[{"@type":"ListItem","position":1,"name":"Home","item":"https:\/\/www.tablaosflamencos.com\/nl"},{"@type":"ListItem","position":2,"name":"Trasnoches Flamencos 2026: zeven avonden met gitaar, zang en dans in M\u00e1laga"}]},{"@type":"WebSite","@id":"https:\/\/www.tablaosflamencos.com\/nl#website","url":"https:\/\/www.tablaosflamencos.com\/nl","name":"Tablaos Flamencos","description":"Entradas para tablaos flamencos de Espa\u00f1a","publisher":{"@id":"https:\/\/www.tablaosflamencos.com\/nl#organization"},"alternateName":"Tablaos Flamencos","potentialAction":[{"@type":"SearchAction","target":{"@type":"EntryPoint","urlTemplate":"https:\/\/www.tablaosflamencos.com\/nl?s={search_term_string}"},"query-input":{"@type":"PropertyValueSpecification","valueRequired":true,"valueName":"search_term_string"}}],"inLanguage":"nl-NL"},{"@type":["Organization","Place","EntertainmentBusiness"],"@id":"https:\/\/www.tablaosflamencos.com\/nl#organization","name":"Tablaos Flamencos","alternateName":"Tablaos Flamencos","url":"https:\/\/www.tablaosflamencos.com\/nl","logo":{"@id":"https:\/\/www.tablaosflamencos.com\/nl\/trasnoches-flamencos-2026-malaga-programma-tickets.html#local-main-organization-logo"},"image":{"@id":"https:\/\/www.tablaosflamencos.com\/nl\/trasnoches-flamencos-2026-malaga-programma-tickets.html#local-main-organization-logo"},"sameAs":["https:\/\/www.facebook.com\/tablaosflamencos","https:\/\/x.com\/tablaosflamenco","https:\/\/mastodon.social\/@tablaosflamencos","https:\/\/www.instagram.com\/tablaosflamencos","https:\/\/tiktok.com\/@tablaosflamencos","https:\/\/www.linkedin.com\/company\/109408238\/"],"description":"Venta de entradas para espect\u00e1culos flamencos","legalName":"Tablaos Flamencos","foundingDate":"2015-01-01","numberOfEmployees":{"@type":"QuantitativeValue","minValue":"1","maxValue":"10"},"address":{"@id":"https:\/\/www.tablaosflamencos.com\/nl\/trasnoches-flamencos-2026-malaga-programma-tickets.html#local-main-place-address"},"geo":{"@type":"GeoCoordinates","latitude":"37.3868072","longitude":"-5.993280299999999"},"telephone":["+34623787787"],"contactPoint":{"@type":"ContactPoint","telephone":"+34623787787","email":"info@tablaosflamencos.com"},"openingHoursSpecification":{"@type":"OpeningHoursSpecification","dayOfWeek":["Monday","Tuesday","Wednesday","Thursday","Friday","Saturday","Sunday"],"opens":"00:00","closes":"23:59"},"email":"info@tablaosflamencos.com","priceRange":"$$$","currenciesAccepted":"\u20ac"},{"@type":"Person","@id":"https:\/\/www.tablaosflamencos.com\/nl#\/schema\/person\/e7a9ebe14eb75a52ceabfbffb3c54f5d","name":"Miguel Ortiz","description":"Miguel Ortiz es un empresario flamenco, con una s\u00f3lida trayectoria dentro del sector. Ha presidido entidades culturales vinculadas al flamenco y, cuenta con un amplio recorrido profesional en la gesti\u00f3n y promoci\u00f3n de espect\u00e1culos y tablaos flamencos. Su pasi\u00f3n por la historia y el arte flamenco se refleja en cada art\u00edculo, donde combina experiencia, criterio y un profundo respeto por la tradici\u00f3n.","sameAs":["https:\/\/www.tablaosflamencos.com","https:\/\/www.instagra.com\/miguelortizfe","https:\/\/www.linkedin.com\/in\/miguelortizf\/"],"birthDate":"1984-11-22","gender":"hombre","knowsLanguage":["espa\u00f1ol","ingl\u00e9s"],"jobTitle":"Empresario flamenco"},{"@type":"PostalAddress","@id":"https:\/\/www.tablaosflamencos.com\/nl\/trasnoches-flamencos-2026-malaga-programma-tickets.html#local-main-place-address","streetAddress":"C\/ Alemanes, 19","addressLocality":"Sevilla","postalCode":"41004","addressRegion":"Sevilla","addressCountry":"ES"},{"@type":"ImageObject","inLanguage":"nl-NL","@id":"https:\/\/www.tablaosflamencos.com\/nl\/trasnoches-flamencos-2026-malaga-programma-tickets.html#local-main-organization-logo","url":"https:\/\/www.tablaosflamencos.com\/wp-content\/uploads\/tablaos-flamencos-06-3.webp","contentUrl":"https:\/\/www.tablaosflamencos.com\/wp-content\/uploads\/tablaos-flamencos-06-3.webp","width":600,"height":620,"caption":"Tablaos Flamencos"}]},"geo.placename":"Sevilla","geo.position":{"lat":"37.3868072","long":"-5.993280299999999"},"geo.region":"Spanje"},"_links":{"self":[{"href":"https:\/\/www.tablaosflamencos.com\/nl\/wp-json\/wp\/v2\/posts\/15182","targetHints":{"allow":["GET"]}}],"collection":[{"href":"https:\/\/www.tablaosflamencos.com\/nl\/wp-json\/wp\/v2\/posts"}],"about":[{"href":"https:\/\/www.tablaosflamencos.com\/nl\/wp-json\/wp\/v2\/types\/post"}],"author":[{"embeddable":true,"href":"https:\/\/www.tablaosflamencos.com\/nl\/wp-json\/wp\/v2\/users\/1"}],"replies":[{"embeddable":true,"href":"https:\/\/www.tablaosflamencos.com\/nl\/wp-json\/wp\/v2\/comments?post=15182"}],"version-history":[{"count":1,"href":"https:\/\/www.tablaosflamencos.com\/nl\/wp-json\/wp\/v2\/posts\/15182\/revisions"}],"predecessor-version":[{"id":15190,"href":"https:\/\/www.tablaosflamencos.com\/nl\/wp-json\/wp\/v2\/posts\/15182\/revisions\/15190"}],"wp:featuredmedia":[{"embeddable":true,"href":"https:\/\/www.tablaosflamencos.com\/nl\/wp-json\/wp\/v2\/media\/14935"}],"wp:attachment":[{"href":"https:\/\/www.tablaosflamencos.com\/nl\/wp-json\/wp\/v2\/media?parent=15182"}],"wp:term":[{"taxonomy":"category","embeddable":true,"href":"https:\/\/www.tablaosflamencos.com\/nl\/wp-json\/wp\/v2\/categories?post=15182"},{"taxonomy":"post_tag","embeddable":true,"href":"https:\/\/www.tablaosflamencos.com\/nl\/wp-json\/wp\/v2\/tags?post=15182"}],"curies":[{"name":"wp","href":"https:\/\/api.w.org\/{rel}","templated":true}]}}