{"id":15126,"date":"2026-09-06T16:35:28","date_gmt":"2026-09-06T14:35:28","guid":{"rendered":"https:\/\/www.tablaosflamencos.com\/?p=15126"},"modified":"2026-09-06T19:42:18","modified_gmt":"2026-09-06T17:42:18","slug":"wat-te-doen-jerez-tijdens-jerez-fusion-2026","status":"publish","type":"post","link":"https:\/\/www.tablaosflamencos.com\/nl\/wat-te-doen-jerez-tijdens-jerez-fusion-2026.html","title":{"rendered":"Wat te doen in Jerez tijdens Jerez Fusi\u00f3n 2026"},"content":{"rendered":"<section class=\"l-section wpb_row height_huge\"><div class=\"l-section-h i-cf\"><div class=\"g-cols vc_row via_flex valign_top type_default stacking_default\"><div class=\"vc_col-sm-6 wpb_column vc_column_container\"><div class=\"vc_column-inner\"><div class=\"wpb_wrapper\"><div class=\"wpb_text_column\"><div class=\"wpb_wrapper\"><p>Jerez Fusi\u00f3n 2026 vindt plaats van 10 tot en met 13 september, tijdens een van de drukste periodes op de kalender van Jerez de la Frontera. Het festival valt samen met de laatste dagen van de Fiestas de la Vendimia, de wijnoogstfeesten, met wijnactiviteiten, flamenco, tentoonstellingen en culturele evenementen verspreid over de stad. Daar komen het 7e Wereldkampioenschap Working Equitation en op donderdag 10 september de aankomst van een tijdrit van de Vuelta in Jerez bij.<\/p>\n<p>Zo wordt de reis veel meer dan een bezoek aan concerten. Met een goede planning kun je Jerez Fusi\u00f3n combineren met een bodega, een wandeling door het historische centrum, een flamencoavond, een activiteit van de oogstfeesten of een uitstapje rond paarden. Probeer vooral niet alles te doen en houd rekening met het verkeer op donderdag 10 september.<\/p>\n<\/div><\/div><\/div><\/div><\/div><div class=\"vc_col-sm-6 wpb_column vc_column_container\"><div class=\"vc_column-inner\"><div class=\"wpb_wrapper\"><div class=\"wpb_text_column\"><div class=\"wpb_wrapper\"><blockquote>\n<p><strong>Het korte antwoord:<\/strong> combineer Jerez Fusi\u00f3n 2026 met de wijnoogstfeesten, het historische centrum en de wijncultuur van Jerez, flamenco buiten het festival en, als paarden je interesseren, het Wereldkampioenschap Working Equitation. Op zaterdag 12 september is er ook de Verbena Flamenca de la Asunci\u00f3n, met gratis toegang zolang er plaats is. Donderdag 10 september zijn er grote wegafsluitingen vanwege de Vuelta. Ga daarom in het centrum bij voorkeur te voet en neem voldoende tijd tussen activiteiten.<\/p>\n<\/blockquote>\n<p><strong>Laatst bijgewerkt:<\/strong> 5 september 2026. Tijden en activiteiten kunnen wijzigen; controleer de offici\u00eble informatie voordat je op pad gaat.<\/p>\n<\/div><\/div><\/div><\/div><\/div><\/div><\/div><\/section><section class=\"l-section wpb_row height_huge color_alternate with_shape\"><div class=\"l-section-shape type_zigzag pos_top hor_flip\" style=\"height:3vmin;\"><svg xmlns=\"http:\/\/www.w3.org\/2000\/svg\" viewBox=\"0 0 64 8\" preserveAspectRatio=\"none\" width=\"100%\" height=\"100%\">\r\n\t<path fill=\"currentColor\" d=\"M64 8 L0 8 L0 0 L20 7.9 L40 3 L48 5 L64 0 Z\"\/>\r\n<\/svg><\/div><div class=\"l-section-shape type_zigzag pos_bottom\" style=\"height:3vmin;\"><svg xmlns=\"http:\/\/www.w3.org\/2000\/svg\" viewBox=\"0 0 64 8\" preserveAspectRatio=\"none\" width=\"100%\" height=\"100%\">\r\n\t<path fill=\"currentColor\" d=\"M64 8 L0 8 L0 0 L20 7.9 L40 3 L48 5 L64 0 Z\"\/>\r\n<\/svg><\/div><div class=\"l-section-h i-cf\"><div class=\"g-cols vc_row via_flex valign_top type_default stacking_default\"><div class=\"vc_col-sm-3 wpb_column vc_column_container\"><div class=\"vc_column-inner\"><div class=\"wpb_wrapper\"><\/div><\/div><\/div><div class=\"vc_col-sm-6 wpb_column vc_column_container\"><div class=\"vc_column-inner\"><div class=\"wpb_wrapper\"><div class=\"wpb_text_column\"><div class=\"wpb_wrapper\"><h2>Inhoud van deze gids<\/h2>\n<ul>\n<li><a href=\"#fin-de-semana-especial\">Waarom dit weekend bijzonder is<\/a><\/li>\n<li><a href=\"#jueves-10\">Donderdag 10: de Vuelta, wijn en de start van Jerez Fusi\u00f3n<\/a><\/li>\n<li><a href=\"#viernes-11\">Vrijdag 11: festival en wijnoogstsfeer<\/a><\/li>\n<li><a href=\"#sabado-12\">Zaterdag 12: wijngaarden, festival en flamencofeest<\/a><\/li>\n<li><a href=\"#domingo-13\">Zondag 13: laatste dag van Jerez Fusi\u00f3n en de oogstfeesten<\/a><\/li>\n<li><a href=\"#centro-historico\">Wat te zien in het historische centrum tussen concerten<\/a><\/li>\n<li><a href=\"#jerez-del-vino\">De wijncultuur van Jerez ontdekken<\/a><\/li>\n<li><a href=\"#mas-flamenco\">Waar je tijdens het festival meer flamenco kunt zien<\/a><\/li>\n<li><a href=\"#caballo\">Paarden als alternatief uitstapje<\/a><\/li>\n<li><a href=\"#consejos\">Tips voor vervoer en reserveringen<\/a><\/li>\n<li><a href=\"#itinerarios\">Aanbevolen routes<\/a><\/li>\n<li><a href=\"#faq\">Veelgestelde vragen<\/a><\/li>\n<\/ul>\n<\/div><\/div><\/div><\/div><\/div><div class=\"vc_col-sm-3 wpb_column vc_column_container\"><div class=\"vc_column-inner\"><div class=\"wpb_wrapper\"><\/div><\/div><\/div><\/div><\/div><\/section><section class=\"l-section wpb_row height_huge\"><div class=\"l-section-h i-cf\"><div class=\"g-cols vc_row via_flex valign_top type_default stacking_default\"><div class=\"vc_col-sm-12 wpb_column vc_column_container\"><div class=\"vc_column-inner\"><div class=\"wpb_wrapper\"><div class=\"wpb_text_column\"><div class=\"wpb_wrapper\"><h2 id=\"fin-de-semana-especial\">Waarom Jerez Fusi\u00f3n samenvalt met een bijzonder veelzijdig weekend<\/h2>\n<p>Jerez Fusi\u00f3n vindt niet in een gewone week plaats. De vier dagen, van donderdag 10 tot en met zondag 13 september, vallen samen met het einde van de wijnoogstfeesten van Jerez 2026. Die begonnen op 29 augustus en omvatten meer dan honderd activiteiten op tientallen locaties in de stad.<\/p>\n<p>Dat is interessant omdat de programma&#8217;s elkaar aanvullen. Jerez Fusi\u00f3n verbindt flamenco, andere muziek en sherry vanuit een hedendaagse invalshoek. De oogstfeesten breiden de band met wijn uit met proeverijen, routes, tentoonstellingen, gezinsactiviteiten en evenementen in het centrum en andere wijken.<\/p>\n<p>Reis je speciaal voor het festival, maak Jerez Fusi\u00f3n dan het uitgangspunt van je reis en kies \u00e9\u00e9n of twee aanvullende activiteiten per dag. Alles bijwonen is onmogelijk en zou ten koste gaan van de stad zelf.<\/p>\n<p>Heb je de artiesten, data en praktische details nog niet bekeken, lees dan eerst onze <a href=\"https:\/\/www.tablaosflamencos.com\/nl\/jerez-fusion-2026-data-programma.html\">complete gids voor Jerez Fusi\u00f3n 2026<\/a>. Dit artikel beantwoordt een andere vraag: wat kun je doen in de vrije uren voor, tussen of na de festivalactiviteiten?<\/p>\n<\/div><\/div><\/div><\/div><\/div><\/div><\/div><\/section><section class=\"l-section wpb_row height_huge color_alternate with_shape\"><div class=\"l-section-shape type_zigzag pos_top hor_flip\" style=\"height:3vmin;\"><svg xmlns=\"http:\/\/www.w3.org\/2000\/svg\" viewBox=\"0 0 64 8\" preserveAspectRatio=\"none\" width=\"100%\" height=\"100%\">\r\n\t<path fill=\"currentColor\" d=\"M64 8 L0 8 L0 0 L20 7.9 L40 3 L48 5 L64 0 Z\"\/>\r\n<\/svg><\/div><div class=\"l-section-shape type_zigzag pos_bottom\" style=\"height:3vmin;\"><svg xmlns=\"http:\/\/www.w3.org\/2000\/svg\" viewBox=\"0 0 64 8\" preserveAspectRatio=\"none\" width=\"100%\" height=\"100%\">\r\n\t<path fill=\"currentColor\" d=\"M64 8 L0 8 L0 0 L20 7.9 L40 3 L48 5 L64 0 Z\"\/>\r\n<\/svg><\/div><div class=\"l-section-h i-cf\"><div class=\"g-cols vc_row via_flex valign_top type_default stacking_default\"><div class=\"vc_col-sm-12 wpb_column vc_column_container\"><div class=\"vc_column-inner\"><div class=\"wpb_wrapper\"><div class=\"wpb_text_column\"><div class=\"wpb_wrapper\"><h2 id=\"jueves-10\">Donderdag 10 september: een dag waarop je vervoer goed moet plannen<\/h2>\n<p>De eerste dag van Jerez Fusi\u00f3n wordt ook de lastigste om je te verplaatsen. Op donderdag 10 september komt de 18e etappe van de Vuelta Ciclista a Espa\u00f1a aan in Jerez: een individuele tijdrit tussen El Puerto de Santa Mar\u00eda en Jerez.<\/p>\n<p>De gemeentelijke maatregelen voorzien in flinke verkeersbeperkingen gedurende een groot deel van de dag. Het stadsparcours is ongeveer van 11.00 tot 18.00 uur afgesloten, met extra maatregelen rond de finish. Kom je die donderdag aan, plan de dag dan niet alsof het een gewone dag is.<\/p>\n<p>Ons advies is duidelijk: verblijf je in of op redelijke afstand van het centrum, ga dan vooral te voet. Kom je met de auto, controleer vooraf de toegang tot hotel, parkeerplaats of aanrijroute en vermijd boekingen die te kort op elkaar volgen.<\/p>\n<p>Na die logistieke voorbereiding biedt donderdag een typisch Jerez-programma. De gemeentelijke oogstagenda omvat de <strong>Desaf\u00edo Cata a Ciegas, een blindproefwedstrijd<\/strong> vanaf 12.00 uur, met voorrondes op donderdag en vrijdag. Jerez Fusi\u00f3n staat vanaf 15.00 uur in de gemeentelijke agenda.<\/p>\n<p>&#8217;s Avonds volgt een van de interessantste afspraken voor wie een paar uur aan wijn wil besteden: <strong>De Copa en Copa<\/strong>, in de Claustros de Santo Domingo, begint om 20.30 uur en duurt tot middernacht. Er zijn wijnen met de herkomstbenamingen Jerez-X\u00e9r\u00e8s-Sherry en Manzanilla-Sanl\u00facar de Barrameda, zodat je verschillende bodegas kunt proeven.<\/p>\n<p>De beste combinatie hangt af van de precieze tijden van je Jerez Fusi\u00f3n-activiteiten. Geef bij overlap voorrang aan het festival. De Copa en Copa is een alternatief als je &#8217;s avonds tijd over hebt of liever een wijnervaring kiest.<\/p>\n<\/div><\/div><\/div><\/div><\/div><\/div><\/div><\/section><section class=\"l-section wpb_row height_huge\"><div class=\"l-section-h i-cf\"><div class=\"g-cols vc_row via_flex valign_top type_default stacking_default\"><div class=\"vc_col-sm-12 wpb_column vc_column_container\"><div class=\"vc_column-inner\"><div class=\"wpb_wrapper\"><div class=\"wpb_text_column\"><div class=\"wpb_wrapper\"><h2 id=\"viernes-11\">Vrijdag 11: genieten van Jerez zonder iedere minuut te vullen<\/h2>\n<p>Vrijdag is waarschijnlijk een van de beste dagen om het festival met de stad te combineren. Jerez Fusi\u00f3n biedt concerten, masterclasses, showcases, rondetafelgesprekken, tentoonstellingen en andere activiteiten, terwijl de oogstfeesten doorgaan.<\/p>\n<p>Voorkom een te ambitieuze sightseeingroute. Jerez is prettig te voet te ontdekken en veel ervaringen worden juist beter wanneer je tijd overlaat: op een plein stoppen, een tabanco binnenlopen, fino of amontillado drinken, een kerk ontdekken of rustig eten zonder van ieder uur een race te maken.<\/p>\n<p>Een vrije ochtend kun je besteden aan de monumenten in het historische centrum. Het Alc\u00e1zar van Jerez, de kathedraal en de straten tussen Plaza del Arenal, Santiago en San Miguel bieden een veelzijdige wandeling zonder grote afstanden.<\/p>\n<p>Een andere optie is een rondleiding door een bodega. Jerez is meer dan een stad waar wijn wordt gemaakt: stadsbeeld, bodega-architectuur en handelsgeschiedenis hangen nauw samen met het criaderas- en solerasysteem. Een rondleiding maakt duidelijk waarom wijn zo vanzelfsprekend deel uitmaakt van Jerez Fusi\u00f3n.<\/p>\n<p>De oogstagenda kondigt ook een <strong>Mercadillo de la Vendimia, een wijnoogstmarkt<\/strong> aan op vrijdag 11 vanaf 19.00 uur. Als het uitkomt, kun je er kort langsgaan voordat je terugkeert naar het hoofdprogramma.<\/p>\n<\/div><\/div><\/div><\/div><\/div><\/div><\/div><\/section><section class=\"l-section wpb_row height_huge color_alternate with_shape\"><div class=\"l-section-shape type_zigzag pos_top hor_flip\" style=\"height:3vmin;\"><svg xmlns=\"http:\/\/www.w3.org\/2000\/svg\" viewBox=\"0 0 64 8\" preserveAspectRatio=\"none\" width=\"100%\" height=\"100%\">\r\n\t<path fill=\"currentColor\" d=\"M64 8 L0 8 L0 0 L20 7.9 L40 3 L48 5 L64 0 Z\"\/>\r\n<\/svg><\/div><div class=\"l-section-shape type_zigzag pos_bottom\" style=\"height:3vmin;\"><svg xmlns=\"http:\/\/www.w3.org\/2000\/svg\" viewBox=\"0 0 64 8\" preserveAspectRatio=\"none\" width=\"100%\" height=\"100%\">\r\n\t<path fill=\"currentColor\" d=\"M64 8 L0 8 L0 0 L20 7.9 L40 3 L48 5 L64 0 Z\"\/>\r\n<\/svg><\/div><div class=\"l-section-h i-cf\"><div class=\"g-cols vc_row via_flex valign_top type_default stacking_default\"><div class=\"vc_col-sm-12 wpb_column vc_column_container\"><div class=\"vc_column-inner\"><div class=\"wpb_wrapper\"><div class=\"wpb_text_column\"><div class=\"wpb_wrapper\"><h2 id=\"sabado-12\">Zaterdag 12: &#8217;s ochtends wijngaarden en &#8217;s avonds buurtflamenco<\/h2>\n<p>Zaterdag biedt enkele van de beste mogelijkheden om je reis buiten het festival uit te breiden.<\/p>\n<p>Om 10.00 uur staat de <strong>II Ruta entre Vi\u00f1as, een tocht door de wijngaarden<\/strong>gepland, een kans om het wijnlandschap rond Jerez te ontdekken. Neem bij deelname voldoende tijd voor de terugreis en de aansluiting op Jerez Fusi\u00f3n. Een uitstapje naar de wijngaarden hoort niet gehaast te zijn.<\/p>\n<p>Het oogstprogramma omvat ook de <strong>XI Concurso de Venencia Infantil, een kinderwedstrijd wijnschenken met de venencia<\/strong> om 11.30 uur en de finale van de blindproefwedstrijd. Ze laten zien hoe de wijncultuur van Jerez veel verder reikt dan een toeristisch bodegabezoek.<\/p>\n<p>Het grote aanvullende zaterdagprogramma voor flamencoliefhebbers komt echter &#8217;s avonds. De <strong>Verbena Flamenca de la Asunci\u00f3n<\/strong> vindt op 12 september vanaf 20.00 uur plaats tegenover winkelcentrum La Asunci\u00f3n, met gratis toegang zolang er plaats is.<\/p>\n<p>De zangers zijn Antonio Flores U\u00f1o, Eva del Cristo, \u00c1ngel Rayo, Jos\u00e9 de la Lela, Mar\u00eda Jos\u00e9 Bernal, Pesca\u00edlla de Jerez, Juan de la Mar\u00eda en Luis Moneo. Op gitaar spelen Agust\u00edn de la Fuente, Manuel Jero, Jes\u00fas Agarrado \u201cEl Guardia\u201d, Jes\u00fas Rodr\u00edguez, Juan Manuel Moneo en Santiago Moreno, met Jos\u00e9 de Cantarote en \u00c1ngel Pe\u00f1a voor de palmas.<\/p>\n<p>Ga er niet van uit dat je de Verbena automatisch met iedere zaterdagvoorstelling van Jerez Fusi\u00f3n kunt combineren. Controleer eerst tijden en afstanden. Met een vrije avond is dit wel een uitstekende kans op flamenco in een heel andere omgeving: een buurtbijeenkomst in een wijk met een sterke flamenco-identiteit.<\/p>\n<p>Wil je in die dagen vooral meer flamenco in Jerez horen, bekijk dan onze gids over <a href=\"https:\/\/www.tablaosflamencos.com\/nl\/waar-flamenco-zien-jerez-tijdens-jerez-fusion.html\">waar je tijdens Jerez Fusi\u00f3n flamenco in Jerez kunt zien<\/a>.<\/p>\n<\/div><\/div><\/div><\/div><\/div><\/div><\/div><\/section><section class=\"l-section wpb_row height_huge\"><div class=\"l-section-h i-cf\"><div class=\"g-cols vc_row via_flex valign_top type_default stacking_default\"><div class=\"vc_col-sm-12 wpb_column vc_column_container\"><div class=\"vc_column-inner\"><div class=\"wpb_wrapper\"><div class=\"wpb_text_column\"><div class=\"wpb_wrapper\"><h2 id=\"domingo-13\">Zondag 13: afscheid van het festival en de oogstfeesten<\/h2>\n<p>Zondag 13 is de laatste dag van zowel Jerez Fusi\u00f3n als de wijnoogstfeesten. Ook het 7e Wereldkampioenschap Working Equitation aan de Koninklijke Andalusische School voor Rijkunst eindigt die dag.<\/p>\n<p>Dat maakt zondag geschikt voor een laatste activiteit naar eigen interesse. Heb je de vorige dagen vrijwel helemaal aan muziek besteed, houd dan de ochtend vrij voor het historische centrum. Heb je de stad al verkend, dan biedt de paardenwereld een typisch Jerez-alternatief. Blijft het festival je prioriteit, voeg dan geen onnodige verplichtingen toe en geniet van het slotprogramma.<\/p>\n<p>Het kan ook een goede dag zijn voor een ontspannen lunch en lokale gerechten met wijnen uit de sherryregio. Na vier drukke dagen is wat vrije tijd soms verstandiger dan nog een extra bezoek.<\/p>\n<\/div><\/div><\/div><\/div><\/div><\/div><\/div><\/section><section class=\"l-section wpb_row height_huge color_alternate with_shape\"><div class=\"l-section-shape type_zigzag pos_top hor_flip\" style=\"height:3vmin;\"><svg xmlns=\"http:\/\/www.w3.org\/2000\/svg\" viewBox=\"0 0 64 8\" preserveAspectRatio=\"none\" width=\"100%\" height=\"100%\">\r\n\t<path fill=\"currentColor\" d=\"M64 8 L0 8 L0 0 L20 7.9 L40 3 L48 5 L64 0 Z\"\/>\r\n<\/svg><\/div><div class=\"l-section-shape type_zigzag pos_bottom\" style=\"height:3vmin;\"><svg xmlns=\"http:\/\/www.w3.org\/2000\/svg\" viewBox=\"0 0 64 8\" preserveAspectRatio=\"none\" width=\"100%\" height=\"100%\">\r\n\t<path fill=\"currentColor\" d=\"M64 8 L0 8 L0 0 L20 7.9 L40 3 L48 5 L64 0 Z\"\/>\r\n<\/svg><\/div><div class=\"l-section-h i-cf\"><div class=\"g-cols vc_row via_flex valign_top type_default stacking_default\"><div class=\"vc_col-sm-12 wpb_column vc_column_container\"><div class=\"vc_column-inner\"><div class=\"wpb_wrapper\"><div class=\"wpb_text_column\"><div class=\"wpb_wrapper\"><h2 id=\"centro-historico\">Wat te zien in het historische centrum tussen concerten<\/h2>\n<p>Een sterk punt van Jerez is dat veel bezienswaardigheden in een vrij compacte wandeling passen.<\/p>\n<p>Het Alc\u00e1zar is een van de belangrijkste monumenten en vertelt over de geschiedenis van Jerez lang voor de moderne wijnindustrie. De kathedraal ligt vlakbij; vandaar loop je gemakkelijk verder naar Plaza del Arenal, Plaza de la Asunci\u00f3n en de oude straten.<\/p>\n<p>Voor een flamencoreis zijn twee wijken extra belangrijk: <strong>Santiago en San Miguel<\/strong>. Dit zijn geen thematische decors of wijken die voor bezoekers zijn aangelegd. Ze zijn essentieel om de menselijke geografie van de flamenco van Jerez te begrijpen, met families, artiesten en manieren van overdracht die zang en dans hebben gevormd.<\/p>\n<p>Ook een bezoek aan het <strong>Cultureel Centrum Lola Flores<\/strong> is de moeite waard als het in je schema past. Het is bijzonder geschikt bij een reis voor Jerez Fusi\u00f3n: het verbindt het hedendaagse festival met een van de bekendste populaire artiesten die in de stad zijn geboren.<\/p>\n<p>Controleer voor vertrek altijd de actuele openingstijden van monumenten en culturele locaties, vooral op zondag.<\/p>\n<\/div><\/div><\/div><\/div><\/div><\/div><\/div><\/section><section class=\"l-section wpb_row height_huge\"><div class=\"l-section-h i-cf\"><div class=\"g-cols vc_row via_flex valign_top type_default stacking_default\"><div class=\"vc_col-sm-12 wpb_column vc_column_container\"><div class=\"vc_column-inner\"><div class=\"wpb_wrapper\"><div class=\"wpb_text_column\"><div class=\"wpb_wrapper\"><h2 id=\"jerez-del-vino\">De wijncultuur van Jerez tijdens het festival ontdekken<\/h2>\n<p>Wijn hoort in Jerez geen toeristisch extraatje te zijn dat losstaat van flamenco. Het is onderdeel van het culturele landschap waaruit het festival voortkomt.<\/p>\n<p>Je kunt die cultuur op drie manieren ontdekken.<\/p>\n<p><strong>1. Bezoek een bodega.<\/strong> Dit is de leerzaamste manier om rijping en het criaderas- en solerasysteem te begrijpen. Reserveer vooraf, vooral tijdens zo&#8217;n druk weekend.<\/p>\n<p><strong>2. Doe mee aan de bijzondere oogstactiviteiten.<\/strong> De Copa en Copa is tijdens Jerez Fusi\u00f3n het duidelijkste voorbeeld: een evenement in de Claustros de Santo Domingo waar je wijnen van verschillende bodegas kunt vergelijken.<\/p>\n<p><strong>3. Ga een tabanco binnen.<\/strong> Deze kleine zaken horen bij de kenmerkende stadscultuur van Jerez, met wijn, gesprekken en soms flamenco. Niet overal zijn dagelijks optredens, dus controleer dat vooraf als je livemuziek zoekt.<\/p>\n<p>Geef elke ervaring bij voorkeur een eigen rol. De bodega helpt je wijn begrijpen, de tabanco laat de dagelijkse betekenis ervan zien en Jerez Fusi\u00f3n onderzoekt de relatie met hedendaagse kunstvormen.<\/p>\n<\/div><\/div><\/div><\/div><\/div><\/div><\/div><\/section><section class=\"l-section wpb_row height_huge color_alternate with_shape\"><div class=\"l-section-shape type_zigzag pos_top hor_flip\" style=\"height:3vmin;\"><svg xmlns=\"http:\/\/www.w3.org\/2000\/svg\" viewBox=\"0 0 64 8\" preserveAspectRatio=\"none\" width=\"100%\" height=\"100%\">\r\n\t<path fill=\"currentColor\" d=\"M64 8 L0 8 L0 0 L20 7.9 L40 3 L48 5 L64 0 Z\"\/>\r\n<\/svg><\/div><div class=\"l-section-shape type_zigzag pos_bottom\" style=\"height:3vmin;\"><svg xmlns=\"http:\/\/www.w3.org\/2000\/svg\" viewBox=\"0 0 64 8\" preserveAspectRatio=\"none\" width=\"100%\" height=\"100%\">\r\n\t<path fill=\"currentColor\" d=\"M64 8 L0 8 L0 0 L20 7.9 L40 3 L48 5 L64 0 Z\"\/>\r\n<\/svg><\/div><div class=\"l-section-h i-cf\"><div class=\"g-cols vc_row via_flex valign_top type_default stacking_default\"><div class=\"vc_col-sm-12 wpb_column vc_column_container\"><div class=\"vc_column-inner\"><div class=\"wpb_wrapper\"><div class=\"wpb_text_column\"><div class=\"wpb_wrapper\"><h2 id=\"mas-flamenco\">Waar je tijdens Jerez Fusi\u00f3n meer flamenco kunt zien<\/h2>\n<p>Jerez Fusi\u00f3n is geworteld in flamenco, maar omvat niet het volledige flamencoaanbod van de stad.<\/p>\n<p>Voor een vaste programmering die je vooraf kunt boeken, bekijk onze pagina over <a href=\"https:\/\/www.tablaosflamencos.com\/nl\/flamenco-in-jerez\">flamenco in Jerez<\/a>. Een van de mogelijkheden is <a href=\"https:\/\/www.tablaosflamencos.com\/nl\/tablao\/tablao-flamenco-puro-arte\">Tablao Flamenco Puro Arte<\/a>, gevestigd in een historische bodega, met zang, gitaar en dans in een opzet waarbij je dicht bij het podium zit.<\/p>\n<p>Dat is vooral handig als je een dag eerder aankomt, na het festival blijft of een vrije avond hebt waarop er geen voor jou geschikte festivalactiviteit is.<\/p>\n<p>Zaterdag voegt de Verbena Flamenca de la Asunci\u00f3n een ander format toe: buurtflamenco voor de stad, met gratis toegang zolang er plaats is.<\/p>\n<p>Zie de reis liever niet als een wedstrijd tussen \u201cfestival\u201d en \u201cauthentieke flamenco\u201d. Het zijn verschillende omgevingen. Jerez Fusi\u00f3n verkent kruisbestuivingen, nieuwe vormen en de band met wijn; een tablao biedt professionele continu\u00efteit en nabijheid; een flamencofeest in de wijk laat zang en gitaar op een andere manier samen beleven.<\/p>\n<\/div><\/div><\/div><\/div><\/div><\/div><\/div><\/section><section class=\"l-section wpb_row height_huge\"><div class=\"l-section-h i-cf\"><div class=\"g-cols vc_row via_flex valign_top type_default stacking_default\"><div class=\"vc_col-sm-12 wpb_column vc_column_container\"><div class=\"vc_column-inner\"><div class=\"wpb_wrapper\"><div class=\"wpb_text_column\"><div class=\"wpb_wrapper\"><h2 id=\"caballo\">Paarden: het grote alternatief van 8 tot en met 13 september<\/h2>\n<p>Jerez is ook een van de belangrijkste paardensteden van Spanje. Tijdens de festivalperiode organiseert de Koninklijke Andalusische School voor Rijkunst het <strong>7e Wereldkampioenschap Working Equitation<\/strong>, van 8 tot en met 13 september.<\/p>\n<p>Spanje ontvangt dit kampioenschap voor het eerst, met 74 paard-ruitercombinaties uit 22 landen. Voor bezoekers met belangstelling voor paarden is dat een uitzonderlijke samenloop.<\/p>\n<p>Je reis hoeft geen paardenthema te hebben om deze mogelijkheid te overwegen. Juist omdat Jerez Fusi\u00f3n veel middagen en avonden vult, kan een wedstrijd of activiteit overdag goed aanvullen.<\/p>\n<p>Koop of bevestig je toegang vooraf en bekijk het offici\u00eble programma van de school. Niet iedere dag heeft dezelfde activiteiten en tijden.<\/p>\n<\/div><\/div><\/div><\/div><\/div><\/div><\/div><\/section><section class=\"l-section wpb_row height_huge color_alternate with_shape\"><div class=\"l-section-shape type_zigzag pos_top hor_flip\" style=\"height:3vmin;\"><svg xmlns=\"http:\/\/www.w3.org\/2000\/svg\" viewBox=\"0 0 64 8\" preserveAspectRatio=\"none\" width=\"100%\" height=\"100%\">\r\n\t<path fill=\"currentColor\" d=\"M64 8 L0 8 L0 0 L20 7.9 L40 3 L48 5 L64 0 Z\"\/>\r\n<\/svg><\/div><div class=\"l-section-shape type_zigzag pos_bottom\" style=\"height:3vmin;\"><svg xmlns=\"http:\/\/www.w3.org\/2000\/svg\" viewBox=\"0 0 64 8\" preserveAspectRatio=\"none\" width=\"100%\" height=\"100%\">\r\n\t<path fill=\"currentColor\" d=\"M64 8 L0 8 L0 0 L20 7.9 L40 3 L48 5 L64 0 Z\"\/>\r\n<\/svg><\/div><div class=\"l-section-h i-cf\"><div class=\"g-cols vc_row via_flex valign_top type_default stacking_default\"><div class=\"vc_col-sm-12 wpb_column vc_column_container\"><div class=\"vc_column-inner\"><div class=\"wpb_wrapper\"><div class=\"wpb_text_column\"><div class=\"wpb_wrapper\"><h2 id=\"consejos\">Praktische tips: verblijf, reserveringen en vervoer<\/h2>\n<p>Tijdens deze vier dagen vallen meerdere evenementen samen die de vraag kunnen vergroten. Jerez Fusi\u00f3n, het einde van de oogstfeesten, het paardensportkampioenschap en de Vuelta zorgen voor veel bezoekers en activiteit.<\/p>\n<ul>\n<li><strong>Kies een praktische locatie.<\/strong> Heb je nog geen accommodatie geboekt, dan kan een plek bij het centrum verplaatsingen beperken, vooral op donderdag 10.<\/li>\n<li><strong>Reserveer vooraf.<\/strong> Restaurants, bodegas, rondleidingen en voorstellingen met beperkte capaciteit kunnen vol raken.<\/li>\n<li><strong>Laat tijd tussen activiteiten.<\/strong> Een wachtrij, een lange maaltijd, een locatiewissel of de sfeer van de stad kan een te krappe planning verstoren.<\/li>\n<li><strong>Controleer het verkeer voor donderdag 10.<\/strong> De Vuelta zal het verkeer meerdere uren be\u00efnvloeden. Bekijk de actuele beperkingen voordat je vertrekt.<\/li>\n<li><strong>Vertrouw in het centrum niet op de auto.<\/strong> Als de afstand het toelaat, is lopen op de drukste momenten de eenvoudigste optie.<\/li>\n<\/ul>\n<\/div><\/div><\/div><\/div><\/div><\/div><\/div><\/section><section class=\"l-section wpb_row height_huge\"><div class=\"l-section-h i-cf\"><div class=\"g-cols vc_row via_flex valign_top type_default stacking_default\"><div class=\"vc_col-sm-12 wpb_column vc_column_container\"><div class=\"vc_column-inner\"><div class=\"wpb_wrapper\"><div class=\"wpb_text_column\"><div class=\"wpb_wrapper\"><h2 id=\"itinerarios\">Aanbevolen routes afhankelijk van je beschikbare tijd<\/h2>\n<h3>Als je maar \u00e9\u00e9n dag hebt<\/h3>\n<p>Kies eerst de Jerez Fusi\u00f3n-activiteit die je absoluut wilt zien. Voeg een wandeling door het historische centrum en een wijnervaring toe. Eindig, als het past, met flamenco of een oogstactiviteit.<\/p>\n<h3>Als je twee dagen hebt<\/h3>\n<p>Besteed \u00e9\u00e9n dag aan festival en historische centrum en de andere aan wijn en flamenco. Een bodega in de ochtend, lunch in het centrum, Jerez Fusi\u00f3n in de middag en flamenco &#8217;s avonds vormen een volle dag zonder de stad te verlaten.<\/p>\n<h3>Als je alle vier dagen blijft<\/h3>\n<p>Wissel af tussen festival, oude stad, bodega, tabanco, reguliere flamencovoorstellingen, oogstfeesten en paarden. Jerez biedt genoeg variatie voor een eigen karakter op iedere dag.<\/p>\n<p><strong>Ons voorstel voor zaterdag 12:<\/strong> een ochtend rond wijn of wijngaarden, een middag Jerez Fusi\u00f3n en de Verbena Flamenca de la Asunci\u00f3n alleen als het festivalrooster een bezoek zonder haast toelaat.<\/p>\n<p><strong>Voor zondag 13:<\/strong> een rustiger dag: historische centrum of paardenactiviteit in de ochtend, ontspannen lunch en afscheid met het slotprogramma van Jerez Fusi\u00f3n.<\/p>\n<\/div><\/div><\/div><\/div><\/div><\/div><\/div><\/section><section class=\"l-section wpb_row height_huge color_alternate with_shape\"><div class=\"l-section-shape type_zigzag pos_top hor_flip\" style=\"height:3vmin;\"><svg xmlns=\"http:\/\/www.w3.org\/2000\/svg\" viewBox=\"0 0 64 8\" preserveAspectRatio=\"none\" width=\"100%\" height=\"100%\">\r\n\t<path fill=\"currentColor\" d=\"M64 8 L0 8 L0 0 L20 7.9 L40 3 L48 5 L64 0 Z\"\/>\r\n<\/svg><\/div><div class=\"l-section-shape type_zigzag pos_bottom\" style=\"height:3vmin;\"><svg xmlns=\"http:\/\/www.w3.org\/2000\/svg\" viewBox=\"0 0 64 8\" preserveAspectRatio=\"none\" width=\"100%\" height=\"100%\">\r\n\t<path fill=\"currentColor\" d=\"M64 8 L0 8 L0 0 L20 7.9 L40 3 L48 5 L64 0 Z\"\/>\r\n<\/svg><\/div><div class=\"l-section-h i-cf\"><div class=\"g-cols vc_row via_flex valign_top type_default stacking_default\"><div class=\"vc_col-sm-12 wpb_column vc_column_container\"><div class=\"vc_column-inner\"><div class=\"wpb_wrapper\"><div class=\"wpb_text_column\"><div class=\"wpb_wrapper\"><h2>Jerez Fusi\u00f3n als aanleiding om de stad te ontdekken<\/h2>\n<p>Een goed festival hoeft niet te betekenen dat je vier dagen in zalen doorbrengt. Jerez Fusi\u00f3n heeft een bijzonder voordeel: de drie hoofdthema&#8217;s \u2014 flamenco, wijn en cultuur \u2014 bestaan in de stad ook buiten het programma.<\/p>\n<p>Een paar uur buiten het festival betekent niet dat je het mist. Het kan juist helpen om het beter te begrijpen.<\/p>\n<p>Flamenco in een andere omgeving horen, een bodega bezoeken, door Santiago of San Miguel lopen, wijn proeven in een tabanco of zien hoe paarden deel uitmaken van de lokale identiteit geeft je meer achtergrond wanneer je terugkeert naar Jerez Fusi\u00f3n.<\/p>\n<p>Reis je van 10 tot en met 13 september, maak dan een flexibel plan. Boek wat je echt niet wilt missen en laat ruimte voor Jerez. Op deze dagen biedt de stad zelf een parallel programma.<\/p>\n<\/div><\/div><\/div><\/div><\/div><\/div><\/div><\/section><section class=\"l-section wpb_row height_huge\"><div class=\"l-section-h i-cf\"><div class=\"g-cols vc_row via_flex valign_top type_default stacking_default\"><div class=\"vc_col-sm-1\/5 wpb_column vc_column_container\"><div class=\"vc_column-inner\"><div class=\"wpb_wrapper\"><\/div><\/div><\/div><div class=\"vc_col-sm-3\/5 wpb_column vc_column_container\"><div class=\"vc_column-inner\"><div class=\"wpb_wrapper\"><div class=\"wpb_text_column\"><div class=\"wpb_wrapper\"><h2 id=\"faq\">Veelgestelde vragen over wat te doen in Jerez tijdens Jerez Fusi\u00f3n 2026<\/h2>\n<\/div><\/div><div class=\"w-tabs accordion toggle_style_1 has_scrolling\" style=\"--sections-title-size:inherit;--sections-gap:0.5rem;\"><div class=\"w-tabs-sections titles-align_none icon_plus cpos_left\"><div class=\"w-tabs-section\" id=\"jerez-planes-faq-1\"><button type=\"button\" class=\"w-tabs-section-header\" aria-controls=\"content-jerez-planes-faq-1\" aria-expanded=\"false\"><h3 class=\"w-tabs-section-title\">Wanneer vindt Jerez Fusi\u00f3n 2026 plaats?<\/h3><div class=\"w-tabs-section-control\"><\/div><\/button><div  class=\"w-tabs-section-content\" id=\"content-jerez-planes-faq-1\"><div class=\"w-tabs-section-content-h i-cf\"><div class=\"wpb_text_column\"><div class=\"wpb_wrapper\"><p>Jerez Fusi\u00f3n vindt plaats van donderdag 10 tot en met zondag 13 september 2026 in Jerez de la Frontera. Het festival combineert muziek en wijn met activiteiten in verschillende zalen en locaties.<\/p>\n<\/div><\/div><\/div><\/div><\/div><div class=\"w-tabs-section\" id=\"jerez-planes-faq-2\"><button type=\"button\" class=\"w-tabs-section-header\" aria-controls=\"content-jerez-planes-faq-2\" aria-expanded=\"false\"><h3 class=\"w-tabs-section-title\">Welke andere evenementen vallen samen met Jerez Fusi\u00f3n?<\/h3><div class=\"w-tabs-section-control\"><\/div><\/button><div  class=\"w-tabs-section-content\" id=\"content-jerez-planes-faq-2\"><div class=\"w-tabs-section-content-h i-cf\"><div class=\"wpb_text_column\"><div class=\"wpb_wrapper\"><p>De laatste vier dagen van de wijnoogstfeesten 2026, het 7e Wereldkampioenschap Working Equitation en op donderdag 10 de aankomst in Jerez van een tijdrit van de Vuelta Ciclista a Espa\u00f1a.<\/p>\n<\/div><\/div><\/div><\/div><\/div><div class=\"w-tabs-section\" id=\"jerez-planes-faq-3\"><button type=\"button\" class=\"w-tabs-section-header\" aria-controls=\"content-jerez-planes-faq-3\" aria-expanded=\"false\"><h3 class=\"w-tabs-section-title\">Zijn er verkeersproblemen tijdens Jerez Fusi\u00f3n?<\/h3><div class=\"w-tabs-section-control\"><\/div><\/button><div  class=\"w-tabs-section-content\" id=\"content-jerez-planes-faq-3\"><div class=\"w-tabs-section-content-h i-cf\"><div class=\"wpb_text_column\"><div class=\"wpb_wrapper\"><p>Donderdag 10 september wordt de lastigste dag vanwege de Vuelta. Er zijn meerdere uren wegafsluitingen en beperkingen aangekondigd. Bekijk de actuele gemeentelijke informatie en loop in het centrum waar mogelijk.<\/p>\n<\/div><\/div><\/div><\/div><\/div><div class=\"w-tabs-section\" id=\"jerez-planes-faq-4\"><button type=\"button\" class=\"w-tabs-section-header\" aria-controls=\"content-jerez-planes-faq-4\" aria-expanded=\"false\"><h3 class=\"w-tabs-section-title\">Is er op die dagen flamenco buiten Jerez Fusi\u00f3n?<\/h3><div class=\"w-tabs-section-control\"><\/div><\/button><div  class=\"w-tabs-section-content\" id=\"content-jerez-planes-faq-4\"><div class=\"w-tabs-section-content-h i-cf\"><div class=\"wpb_text_column\"><div class=\"wpb_wrapper\"><p>Ja. Naast het reguliere aanbod in Jerez is er op zaterdag 12 de Verbena Flamenca de la Asunci\u00f3n, met gratis toegang zolang er plaats is. Je kunt ook voorstellingen boeken bij locaties met een vaste programmering.<\/p>\n<\/div><\/div><\/div><\/div><\/div><div class=\"w-tabs-section\" id=\"jerez-planes-faq-5\"><button type=\"button\" class=\"w-tabs-section-header\" aria-controls=\"content-jerez-planes-faq-5\" aria-expanded=\"false\"><h3 class=\"w-tabs-section-title\">Is een bodegabezoek tijdens het festival de moeite waard?<\/h3><div class=\"w-tabs-section-control\"><\/div><\/button><div  class=\"w-tabs-section-content\" id=\"content-jerez-planes-faq-5\"><div class=\"w-tabs-section-content-h i-cf\"><div class=\"wpb_text_column\"><div class=\"wpb_wrapper\"><p>Ja, vooral bij je eerste bezoek aan Jerez. Een bodega helpt je de rijping en wijncultuur te begrijpen die deel uitmaken van het concept van Jerez Fusi\u00f3n. Reserveer vooraf.<\/p>\n<\/div><\/div><\/div><\/div><\/div><div class=\"w-tabs-section\" id=\"jerez-planes-faq-6\"><button type=\"button\" class=\"w-tabs-section-header\" aria-controls=\"content-jerez-planes-faq-6\" aria-expanded=\"false\"><h3 class=\"w-tabs-section-title\">Wat kan ik op zaterdag 12 september doen?<\/h3><div class=\"w-tabs-section-control\"><\/div><\/button><div  class=\"w-tabs-section-content\" id=\"content-jerez-planes-faq-6\"><div class=\"w-tabs-section-content-h i-cf\"><div class=\"wpb_text_column\"><div class=\"wpb_wrapper\"><p>Naast Jerez Fusi\u00f3n omvat de oogstagenda de II Ruta entre Vi\u00f1as, de venenciawedstrijd voor kinderen en de finale van de blindproefwedstrijd. &#8217;s Avonds is er de Verbena Flamenca de la Asunci\u00f3n.<\/p>\n<\/div><\/div><\/div><\/div><\/div><div class=\"w-tabs-section\" id=\"jerez-planes-faq-7\"><button type=\"button\" class=\"w-tabs-section-header\" aria-controls=\"content-jerez-planes-faq-7\" aria-expanded=\"false\"><h3 class=\"w-tabs-section-title\">Wat kan ik op zondag 13 doen?<\/h3><div class=\"w-tabs-section-control\"><\/div><\/button><div  class=\"w-tabs-section-content\" id=\"content-jerez-planes-faq-7\"><div class=\"w-tabs-section-content-h i-cf\"><div class=\"wpb_text_column\"><div class=\"wpb_wrapper\"><p>Zondag is de laatste dag van Jerez Fusi\u00f3n, de oogstfeesten en het Wereldkampioenschap Working Equitation. Combineer het festival, afhankelijk van de tijden, met het historische centrum, een ontspannen lunch of een paardenactiviteit.<\/p>\n<\/div><\/div><\/div><\/div><\/div><div class=\"w-tabs-section\" id=\"jerez-planes-faq-8\"><button type=\"button\" class=\"w-tabs-section-header\" aria-controls=\"content-jerez-planes-faq-8\" aria-expanded=\"false\"><h3 class=\"w-tabs-section-title\">Waar vind ik het volledige programma van Jerez Fusi\u00f3n?<\/h3><div class=\"w-tabs-section-control\"><\/div><\/button><div  class=\"w-tabs-section-content\" id=\"content-jerez-planes-faq-8\"><div class=\"w-tabs-section-content-h i-cf\"><div class=\"wpb_text_column\"><div class=\"wpb_wrapper\"><p>Onze <a href=\"https:\/\/www.tablaosflamencos.com\/nl\/jerez-fusion-2026-data-programma.html\">gids voor Jerez Fusi\u00f3n 2026<\/a> bundelt de belangrijkste festivalinformatie. Controleer voor wijzigingen op het laatste moment ook de offici\u00eble kanalen van het evenement.<\/p>\n<\/div><\/div><\/div><\/div><\/div><\/div><\/div><\/div><\/div><\/div><div class=\"vc_col-sm-1\/5 wpb_column vc_column_container\"><div class=\"vc_column-inner\"><div class=\"wpb_wrapper\"><\/div><\/div><\/div><\/div><\/div><\/section>\n","protected":false},"excerpt":{"rendered":"<p>Ontdek Jerez Fusi\u00f3n 2026 met flamenco, wijn, oogstfeesten, het historische centrum, paarden en praktische tips voor 10 tot en met 13 september.<\/p>\n","protected":false},"author":1,"featured_media":15151,"comment_status":"closed","ping_status":"closed","sticky":false,"template":"","format":"standard","meta":{"_acf_changed":false,"wpai_generated_summary":"","_ayudawp_aiss_exclude":false,"_ayudawp_aiss_exclude_summary":false,"_ayudawp_aiss_summary":"","_ayudawp_aiss_summary_provider":"","_ayudawp_aiss_summary_hash":"","footnotes":""},"categories":[358,1672],"tags":[1230,2031,1115,2032,2033],"class_list":["post-15126","post","type-post","status-publish","format-standard","has-post-thumbnail","hentry","category-flamenco-per-stad","category-flamencofestivals","tag-festivales-flamencos","tag-flamenco-in-jerez-nl","tag-jerez-de-la-frontera","tag-jerez-fusion-nl","tag-jerez-fusion-2026-nl"],"acf":[],"yoast_head":"<!-- This site is optimized with the Yoast SEO Premium plugin v28.4 (Yoast SEO v28.4) - https:\/\/yoast.com\/product\/yoast-seo-premium-wordpress\/ -->\n<title>Wat te doen in Jerez tijdens Jerez Fusi\u00f3n 2026<\/title>\n<meta name=\"description\" content=\"Wat te doen in Jerez tijdens Jerez Fusi\u00f3n 2026? Ontdek flamenco, bodegas, oogstfeesten, de oude stad en praktische tips voor 10\u201313 september.\" \/>\n<meta name=\"robots\" content=\"index, follow, max-snippet:-1, max-image-preview:large, max-video-preview:-1\" \/>\n<link rel=\"canonical\" href=\"https:\/\/www.tablaosflamencos.com\/nl\/wat-te-doen-jerez-tijdens-jerez-fusion-2026.html\" \/>\n<meta property=\"og:locale\" content=\"nl_NL\" \/>\n<meta property=\"og:type\" content=\"article\" \/>\n<meta property=\"og:title\" content=\"Wat te doen in Jerez tijdens Jerez Fusi\u00f3n 2026\" \/>\n<meta property=\"og:description\" content=\"Wat te doen in Jerez tijdens Jerez Fusi\u00f3n 2026? Ontdek flamenco, bodegas, oogstfeesten, de oude stad en praktische tips voor 10\u201313 september.\" \/>\n<meta property=\"og:url\" content=\"https:\/\/www.tablaosflamencos.com\/nl\/wat-te-doen-jerez-tijdens-jerez-fusion-2026.html\" \/>\n<meta property=\"og:site_name\" content=\"Tablaos Flamencos\" \/>\n<meta property=\"article:publisher\" content=\"https:\/\/www.facebook.com\/tablaosflamencos\" \/>\n<meta property=\"article:published_time\" content=\"2026-09-06T14:35:28+00:00\" \/>\n<meta property=\"article:modified_time\" content=\"2026-09-06T17:42:18+00:00\" \/>\n<meta property=\"og:image\" content=\"https:\/\/www.tablaosflamencos.com\/wp-content\/uploads\/Wat-te-doen-in-Jerez-tijdens-Jerez-Fusion-2026.webp\" \/>\n\t<meta property=\"og:image:width\" content=\"1536\" \/>\n\t<meta property=\"og:image:height\" content=\"1024\" \/>\n\t<meta property=\"og:image:type\" content=\"image\/webp\" \/>\n<meta name=\"author\" content=\"Miguel Ortiz\" \/>\n<meta name=\"twitter:card\" content=\"summary_large_image\" \/>\n<meta name=\"twitter:creator\" content=\"@tablaosflamenco\" \/>\n<meta name=\"twitter:site\" content=\"@tablaosflamenco\" \/>\n<meta name=\"twitter:label1\" content=\"Geschreven door\" \/>\n\t<meta name=\"twitter:data1\" content=\"Miguel Ortiz\" \/>\n\t<meta name=\"twitter:label2\" content=\"Geschatte leestijd\" \/>\n\t<meta name=\"twitter:data2\" content=\"17 minuten\" \/>\n<script type=\"application\/ld+json\" class=\"yoast-schema-graph\">{\"@context\":\"https:\\\/\\\/schema.org\",\"@graph\":[{\"@type\":\"Article\",\"@id\":\"https:\\\/\\\/www.tablaosflamencos.com\\\/nl\\\/wat-te-doen-jerez-tijdens-jerez-fusion-2026.html#article\",\"isPartOf\":{\"@id\":\"https:\\\/\\\/www.tablaosflamencos.com\\\/nl\\\/wat-te-doen-jerez-tijdens-jerez-fusion-2026.html\"},\"author\":{\"name\":\"Miguel Ortiz\",\"@id\":\"https:\\\/\\\/www.tablaosflamencos.com\\\/nl#\\\/schema\\\/person\\\/e7a9ebe14eb75a52ceabfbffb3c54f5d\"},\"headline\":\"Wat te doen in Jerez tijdens Jerez Fusi\u00f3n 2026\",\"datePublished\":\"2026-09-06T14:35:28+00:00\",\"dateModified\":\"2026-09-06T17:42:18+00:00\",\"mainEntityOfPage\":{\"@id\":\"https:\\\/\\\/www.tablaosflamencos.com\\\/nl\\\/wat-te-doen-jerez-tijdens-jerez-fusion-2026.html\"},\"wordCount\":3426,\"publisher\":{\"@id\":\"https:\\\/\\\/www.tablaosflamencos.com\\\/nl#organization\"},\"image\":{\"@id\":\"https:\\\/\\\/www.tablaosflamencos.com\\\/nl\\\/wat-te-doen-jerez-tijdens-jerez-fusion-2026.html#primaryimage\"},\"thumbnailUrl\":\"https:\\\/\\\/www.tablaosflamencos.com\\\/wp-content\\\/uploads\\\/Wat-te-doen-in-Jerez-tijdens-Jerez-Fusion-2026.webp\",\"keywords\":[\"festivales flamencos\",\"flamenco in Jerez\",\"Jerez de la Frontera\",\"Jerez Fusi\u00f3n\",\"Jerez Fusi\u00f3n 2026\"],\"articleSection\":[\"Flamenco per stad\",\"Flamencofestivals\"],\"inLanguage\":\"nl-NL\"},{\"@type\":\"WebPage\",\"@id\":\"https:\\\/\\\/www.tablaosflamencos.com\\\/nl\\\/wat-te-doen-jerez-tijdens-jerez-fusion-2026.html\",\"url\":\"https:\\\/\\\/www.tablaosflamencos.com\\\/nl\\\/wat-te-doen-jerez-tijdens-jerez-fusion-2026.html\",\"name\":\"Wat te doen in Jerez tijdens Jerez Fusi\u00f3n 2026\",\"isPartOf\":{\"@id\":\"https:\\\/\\\/www.tablaosflamencos.com\\\/nl#website\"},\"primaryImageOfPage\":{\"@id\":\"https:\\\/\\\/www.tablaosflamencos.com\\\/nl\\\/wat-te-doen-jerez-tijdens-jerez-fusion-2026.html#primaryimage\"},\"image\":{\"@id\":\"https:\\\/\\\/www.tablaosflamencos.com\\\/nl\\\/wat-te-doen-jerez-tijdens-jerez-fusion-2026.html#primaryimage\"},\"thumbnailUrl\":\"https:\\\/\\\/www.tablaosflamencos.com\\\/wp-content\\\/uploads\\\/Wat-te-doen-in-Jerez-tijdens-Jerez-Fusion-2026.webp\",\"datePublished\":\"2026-09-06T14:35:28+00:00\",\"dateModified\":\"2026-09-06T17:42:18+00:00\",\"description\":\"Wat te doen in Jerez tijdens Jerez Fusi\u00f3n 2026? Ontdek flamenco, bodegas, oogstfeesten, de oude stad en praktische tips voor 10\u201313 september.\",\"breadcrumb\":{\"@id\":\"https:\\\/\\\/www.tablaosflamencos.com\\\/nl\\\/wat-te-doen-jerez-tijdens-jerez-fusion-2026.html#breadcrumb\"},\"inLanguage\":\"nl-NL\",\"potentialAction\":[{\"@type\":\"ReadAction\",\"target\":[\"https:\\\/\\\/www.tablaosflamencos.com\\\/nl\\\/wat-te-doen-jerez-tijdens-jerez-fusion-2026.html\"]}]},{\"@type\":\"ImageObject\",\"inLanguage\":\"nl-NL\",\"@id\":\"https:\\\/\\\/www.tablaosflamencos.com\\\/nl\\\/wat-te-doen-jerez-tijdens-jerez-fusion-2026.html#primaryimage\",\"url\":\"https:\\\/\\\/www.tablaosflamencos.com\\\/wp-content\\\/uploads\\\/Wat-te-doen-in-Jerez-tijdens-Jerez-Fusion-2026.webp\",\"contentUrl\":\"https:\\\/\\\/www.tablaosflamencos.com\\\/wp-content\\\/uploads\\\/Wat-te-doen-in-Jerez-tijdens-Jerez-Fusion-2026.webp\",\"width\":1536,\"height\":1024,\"caption\":\"Wat te doen in Jerez tijdens Jerez Fusi\u00f3n 2026\"},{\"@type\":\"BreadcrumbList\",\"@id\":\"https:\\\/\\\/www.tablaosflamencos.com\\\/nl\\\/wat-te-doen-jerez-tijdens-jerez-fusion-2026.html#breadcrumb\",\"itemListElement\":[{\"@type\":\"ListItem\",\"position\":1,\"name\":\"Home\",\"item\":\"https:\\\/\\\/www.tablaosflamencos.com\\\/nl\"},{\"@type\":\"ListItem\",\"position\":2,\"name\":\"Wat te doen in Jerez tijdens Jerez Fusi\u00f3n 2026\"}]},{\"@type\":\"WebSite\",\"@id\":\"https:\\\/\\\/www.tablaosflamencos.com\\\/nl#website\",\"url\":\"https:\\\/\\\/www.tablaosflamencos.com\\\/nl\",\"name\":\"Tablaos Flamencos\",\"description\":\"Entradas para tablaos flamencos de Espa\u00f1a\",\"publisher\":{\"@id\":\"https:\\\/\\\/www.tablaosflamencos.com\\\/nl#organization\"},\"alternateName\":\"Tablaos Flamencos\",\"potentialAction\":[{\"@type\":\"SearchAction\",\"target\":{\"@type\":\"EntryPoint\",\"urlTemplate\":\"https:\\\/\\\/www.tablaosflamencos.com\\\/nl?s={search_term_string}\"},\"query-input\":{\"@type\":\"PropertyValueSpecification\",\"valueRequired\":true,\"valueName\":\"search_term_string\"}}],\"inLanguage\":\"nl-NL\"},{\"@type\":[\"Organization\",\"Place\",\"EntertainmentBusiness\"],\"@id\":\"https:\\\/\\\/www.tablaosflamencos.com\\\/nl#organization\",\"name\":\"Tablaos Flamencos\",\"alternateName\":\"Tablaos Flamencos\",\"url\":\"https:\\\/\\\/www.tablaosflamencos.com\\\/nl\",\"logo\":{\"@id\":\"https:\\\/\\\/www.tablaosflamencos.com\\\/nl\\\/wat-te-doen-jerez-tijdens-jerez-fusion-2026.html#local-main-organization-logo\"},\"image\":{\"@id\":\"https:\\\/\\\/www.tablaosflamencos.com\\\/nl\\\/wat-te-doen-jerez-tijdens-jerez-fusion-2026.html#local-main-organization-logo\"},\"sameAs\":[\"https:\\\/\\\/www.facebook.com\\\/tablaosflamencos\",\"https:\\\/\\\/x.com\\\/tablaosflamenco\",\"https:\\\/\\\/mastodon.social\\\/@tablaosflamencos\",\"https:\\\/\\\/www.instagram.com\\\/tablaosflamencos\",\"https:\\\/\\\/tiktok.com\\\/@tablaosflamencos\",\"https:\\\/\\\/www.linkedin.com\\\/company\\\/109408238\\\/\"],\"description\":\"Venta de entradas para espect\u00e1culos flamencos\",\"legalName\":\"Tablaos Flamencos\",\"foundingDate\":\"2015-01-01\",\"numberOfEmployees\":{\"@type\":\"QuantitativeValue\",\"minValue\":\"1\",\"maxValue\":\"10\"},\"address\":{\"@id\":\"https:\\\/\\\/www.tablaosflamencos.com\\\/nl\\\/wat-te-doen-jerez-tijdens-jerez-fusion-2026.html#local-main-place-address\"},\"geo\":{\"@type\":\"GeoCoordinates\",\"latitude\":\"37.3868072\",\"longitude\":\"-5.993280299999999\"},\"telephone\":[\"+34623787787\"],\"contactPoint\":{\"@type\":\"ContactPoint\",\"telephone\":\"+34623787787\",\"email\":\"info@tablaosflamencos.com\"},\"openingHoursSpecification\":{\"@type\":\"OpeningHoursSpecification\",\"dayOfWeek\":[\"Monday\",\"Tuesday\",\"Wednesday\",\"Thursday\",\"Friday\",\"Saturday\",\"Sunday\"],\"opens\":\"00:00\",\"closes\":\"23:59\"},\"email\":\"info@tablaosflamencos.com\",\"priceRange\":\"$$$\",\"currenciesAccepted\":\"\u20ac\"},{\"@type\":\"Person\",\"@id\":\"https:\\\/\\\/www.tablaosflamencos.com\\\/nl#\\\/schema\\\/person\\\/e7a9ebe14eb75a52ceabfbffb3c54f5d\",\"name\":\"Miguel Ortiz\",\"description\":\"Miguel Ortiz es un empresario flamenco, con una s\u00f3lida trayectoria dentro del sector. Ha presidido entidades culturales vinculadas al flamenco y, cuenta con un amplio recorrido profesional en la gesti\u00f3n y promoci\u00f3n de espect\u00e1culos y tablaos flamencos. Su pasi\u00f3n por la historia y el arte flamenco se refleja en cada art\u00edculo, donde combina experiencia, criterio y un profundo respeto por la tradici\u00f3n.\",\"sameAs\":[\"https:\\\/\\\/www.tablaosflamencos.com\",\"https:\\\/\\\/www.instagra.com\\\/miguelortizfe\",\"https:\\\/\\\/www.linkedin.com\\\/in\\\/miguelortizf\\\/\"],\"birthDate\":\"1984-11-22\",\"gender\":\"hombre\",\"knowsLanguage\":[\"espa\u00f1ol\",\"ingl\u00e9s\"],\"jobTitle\":\"Empresario flamenco\"},{\"@type\":\"PostalAddress\",\"@id\":\"https:\\\/\\\/www.tablaosflamencos.com\\\/nl\\\/wat-te-doen-jerez-tijdens-jerez-fusion-2026.html#local-main-place-address\",\"streetAddress\":\"C\\\/ Alemanes, 19\",\"addressLocality\":\"Sevilla\",\"postalCode\":\"41004\",\"addressRegion\":\"Sevilla\",\"addressCountry\":\"ES\"},{\"@type\":\"ImageObject\",\"inLanguage\":\"nl-NL\",\"@id\":\"https:\\\/\\\/www.tablaosflamencos.com\\\/nl\\\/wat-te-doen-jerez-tijdens-jerez-fusion-2026.html#local-main-organization-logo\",\"url\":\"https:\\\/\\\/www.tablaosflamencos.com\\\/wp-content\\\/uploads\\\/tablaos-flamencos-06-3.webp\",\"contentUrl\":\"https:\\\/\\\/www.tablaosflamencos.com\\\/wp-content\\\/uploads\\\/tablaos-flamencos-06-3.webp\",\"width\":600,\"height\":620,\"caption\":\"Tablaos Flamencos\"}]}<\/script>\n<meta name=\"geo.placename\" content=\"Sevilla\" \/>\n<meta name=\"geo.position\" content=\"37.3868072;-5.993280299999999\" \/>\n<meta name=\"geo.region\" content=\"Spanje\" \/>\n<!-- \/ Yoast SEO Premium plugin. -->","yoast_head_json":{"title":"Wat te doen in Jerez tijdens Jerez Fusi\u00f3n 2026","description":"Wat te doen in Jerez tijdens Jerez Fusi\u00f3n 2026? Ontdek flamenco, bodegas, oogstfeesten, de oude stad en praktische tips voor 10\u201313 september.","robots":{"index":"index","follow":"follow","max-snippet":"max-snippet:-1","max-image-preview":"max-image-preview:large","max-video-preview":"max-video-preview:-1"},"canonical":"https:\/\/www.tablaosflamencos.com\/nl\/wat-te-doen-jerez-tijdens-jerez-fusion-2026.html","og_locale":"nl_NL","og_type":"article","og_title":"Wat te doen in Jerez tijdens Jerez Fusi\u00f3n 2026","og_description":"Wat te doen in Jerez tijdens Jerez Fusi\u00f3n 2026? Ontdek flamenco, bodegas, oogstfeesten, de oude stad en praktische tips voor 10\u201313 september.","og_url":"https:\/\/www.tablaosflamencos.com\/nl\/wat-te-doen-jerez-tijdens-jerez-fusion-2026.html","og_site_name":"Tablaos Flamencos","article_publisher":"https:\/\/www.facebook.com\/tablaosflamencos","article_published_time":"2026-09-06T14:35:28+00:00","article_modified_time":"2026-09-06T17:42:18+00:00","og_image":[{"width":1536,"height":1024,"url":"https:\/\/www.tablaosflamencos.com\/wp-content\/uploads\/Wat-te-doen-in-Jerez-tijdens-Jerez-Fusion-2026.webp","type":"image\/webp"}],"author":"Miguel Ortiz","twitter_card":"summary_large_image","twitter_creator":"@tablaosflamenco","twitter_site":"@tablaosflamenco","twitter_misc":{"Geschreven door":"Miguel Ortiz","Geschatte leestijd":"17 minuten"},"schema":{"@context":"https:\/\/schema.org","@graph":[{"@type":"Article","@id":"https:\/\/www.tablaosflamencos.com\/nl\/wat-te-doen-jerez-tijdens-jerez-fusion-2026.html#article","isPartOf":{"@id":"https:\/\/www.tablaosflamencos.com\/nl\/wat-te-doen-jerez-tijdens-jerez-fusion-2026.html"},"author":{"name":"Miguel Ortiz","@id":"https:\/\/www.tablaosflamencos.com\/nl#\/schema\/person\/e7a9ebe14eb75a52ceabfbffb3c54f5d"},"headline":"Wat te doen in Jerez tijdens Jerez Fusi\u00f3n 2026","datePublished":"2026-09-06T14:35:28+00:00","dateModified":"2026-09-06T17:42:18+00:00","mainEntityOfPage":{"@id":"https:\/\/www.tablaosflamencos.com\/nl\/wat-te-doen-jerez-tijdens-jerez-fusion-2026.html"},"wordCount":3426,"publisher":{"@id":"https:\/\/www.tablaosflamencos.com\/nl#organization"},"image":{"@id":"https:\/\/www.tablaosflamencos.com\/nl\/wat-te-doen-jerez-tijdens-jerez-fusion-2026.html#primaryimage"},"thumbnailUrl":"https:\/\/www.tablaosflamencos.com\/wp-content\/uploads\/Wat-te-doen-in-Jerez-tijdens-Jerez-Fusion-2026.webp","keywords":["festivales flamencos","flamenco in Jerez","Jerez de la Frontera","Jerez Fusi\u00f3n","Jerez Fusi\u00f3n 2026"],"articleSection":["Flamenco per stad","Flamencofestivals"],"inLanguage":"nl-NL"},{"@type":"WebPage","@id":"https:\/\/www.tablaosflamencos.com\/nl\/wat-te-doen-jerez-tijdens-jerez-fusion-2026.html","url":"https:\/\/www.tablaosflamencos.com\/nl\/wat-te-doen-jerez-tijdens-jerez-fusion-2026.html","name":"Wat te doen in Jerez tijdens Jerez Fusi\u00f3n 2026","isPartOf":{"@id":"https:\/\/www.tablaosflamencos.com\/nl#website"},"primaryImageOfPage":{"@id":"https:\/\/www.tablaosflamencos.com\/nl\/wat-te-doen-jerez-tijdens-jerez-fusion-2026.html#primaryimage"},"image":{"@id":"https:\/\/www.tablaosflamencos.com\/nl\/wat-te-doen-jerez-tijdens-jerez-fusion-2026.html#primaryimage"},"thumbnailUrl":"https:\/\/www.tablaosflamencos.com\/wp-content\/uploads\/Wat-te-doen-in-Jerez-tijdens-Jerez-Fusion-2026.webp","datePublished":"2026-09-06T14:35:28+00:00","dateModified":"2026-09-06T17:42:18+00:00","description":"Wat te doen in Jerez tijdens Jerez Fusi\u00f3n 2026? Ontdek flamenco, bodegas, oogstfeesten, de oude stad en praktische tips voor 10\u201313 september.","breadcrumb":{"@id":"https:\/\/www.tablaosflamencos.com\/nl\/wat-te-doen-jerez-tijdens-jerez-fusion-2026.html#breadcrumb"},"inLanguage":"nl-NL","potentialAction":[{"@type":"ReadAction","target":["https:\/\/www.tablaosflamencos.com\/nl\/wat-te-doen-jerez-tijdens-jerez-fusion-2026.html"]}]},{"@type":"ImageObject","inLanguage":"nl-NL","@id":"https:\/\/www.tablaosflamencos.com\/nl\/wat-te-doen-jerez-tijdens-jerez-fusion-2026.html#primaryimage","url":"https:\/\/www.tablaosflamencos.com\/wp-content\/uploads\/Wat-te-doen-in-Jerez-tijdens-Jerez-Fusion-2026.webp","contentUrl":"https:\/\/www.tablaosflamencos.com\/wp-content\/uploads\/Wat-te-doen-in-Jerez-tijdens-Jerez-Fusion-2026.webp","width":1536,"height":1024,"caption":"Wat te doen in Jerez tijdens Jerez Fusi\u00f3n 2026"},{"@type":"BreadcrumbList","@id":"https:\/\/www.tablaosflamencos.com\/nl\/wat-te-doen-jerez-tijdens-jerez-fusion-2026.html#breadcrumb","itemListElement":[{"@type":"ListItem","position":1,"name":"Home","item":"https:\/\/www.tablaosflamencos.com\/nl"},{"@type":"ListItem","position":2,"name":"Wat te doen in Jerez tijdens Jerez Fusi\u00f3n 2026"}]},{"@type":"WebSite","@id":"https:\/\/www.tablaosflamencos.com\/nl#website","url":"https:\/\/www.tablaosflamencos.com\/nl","name":"Tablaos Flamencos","description":"Entradas para tablaos flamencos de Espa\u00f1a","publisher":{"@id":"https:\/\/www.tablaosflamencos.com\/nl#organization"},"alternateName":"Tablaos Flamencos","potentialAction":[{"@type":"SearchAction","target":{"@type":"EntryPoint","urlTemplate":"https:\/\/www.tablaosflamencos.com\/nl?s={search_term_string}"},"query-input":{"@type":"PropertyValueSpecification","valueRequired":true,"valueName":"search_term_string"}}],"inLanguage":"nl-NL"},{"@type":["Organization","Place","EntertainmentBusiness"],"@id":"https:\/\/www.tablaosflamencos.com\/nl#organization","name":"Tablaos Flamencos","alternateName":"Tablaos Flamencos","url":"https:\/\/www.tablaosflamencos.com\/nl","logo":{"@id":"https:\/\/www.tablaosflamencos.com\/nl\/wat-te-doen-jerez-tijdens-jerez-fusion-2026.html#local-main-organization-logo"},"image":{"@id":"https:\/\/www.tablaosflamencos.com\/nl\/wat-te-doen-jerez-tijdens-jerez-fusion-2026.html#local-main-organization-logo"},"sameAs":["https:\/\/www.facebook.com\/tablaosflamencos","https:\/\/x.com\/tablaosflamenco","https:\/\/mastodon.social\/@tablaosflamencos","https:\/\/www.instagram.com\/tablaosflamencos","https:\/\/tiktok.com\/@tablaosflamencos","https:\/\/www.linkedin.com\/company\/109408238\/"],"description":"Venta de entradas para espect\u00e1culos flamencos","legalName":"Tablaos Flamencos","foundingDate":"2015-01-01","numberOfEmployees":{"@type":"QuantitativeValue","minValue":"1","maxValue":"10"},"address":{"@id":"https:\/\/www.tablaosflamencos.com\/nl\/wat-te-doen-jerez-tijdens-jerez-fusion-2026.html#local-main-place-address"},"geo":{"@type":"GeoCoordinates","latitude":"37.3868072","longitude":"-5.993280299999999"},"telephone":["+34623787787"],"contactPoint":{"@type":"ContactPoint","telephone":"+34623787787","email":"info@tablaosflamencos.com"},"openingHoursSpecification":{"@type":"OpeningHoursSpecification","dayOfWeek":["Monday","Tuesday","Wednesday","Thursday","Friday","Saturday","Sunday"],"opens":"00:00","closes":"23:59"},"email":"info@tablaosflamencos.com","priceRange":"$$$","currenciesAccepted":"\u20ac"},{"@type":"Person","@id":"https:\/\/www.tablaosflamencos.com\/nl#\/schema\/person\/e7a9ebe14eb75a52ceabfbffb3c54f5d","name":"Miguel Ortiz","description":"Miguel Ortiz es un empresario flamenco, con una s\u00f3lida trayectoria dentro del sector. Ha presidido entidades culturales vinculadas al flamenco y, cuenta con un amplio recorrido profesional en la gesti\u00f3n y promoci\u00f3n de espect\u00e1culos y tablaos flamencos. Su pasi\u00f3n por la historia y el arte flamenco se refleja en cada art\u00edculo, donde combina experiencia, criterio y un profundo respeto por la tradici\u00f3n.","sameAs":["https:\/\/www.tablaosflamencos.com","https:\/\/www.instagra.com\/miguelortizfe","https:\/\/www.linkedin.com\/in\/miguelortizf\/"],"birthDate":"1984-11-22","gender":"hombre","knowsLanguage":["espa\u00f1ol","ingl\u00e9s"],"jobTitle":"Empresario flamenco"},{"@type":"PostalAddress","@id":"https:\/\/www.tablaosflamencos.com\/nl\/wat-te-doen-jerez-tijdens-jerez-fusion-2026.html#local-main-place-address","streetAddress":"C\/ Alemanes, 19","addressLocality":"Sevilla","postalCode":"41004","addressRegion":"Sevilla","addressCountry":"ES"},{"@type":"ImageObject","inLanguage":"nl-NL","@id":"https:\/\/www.tablaosflamencos.com\/nl\/wat-te-doen-jerez-tijdens-jerez-fusion-2026.html#local-main-organization-logo","url":"https:\/\/www.tablaosflamencos.com\/wp-content\/uploads\/tablaos-flamencos-06-3.webp","contentUrl":"https:\/\/www.tablaosflamencos.com\/wp-content\/uploads\/tablaos-flamencos-06-3.webp","width":600,"height":620,"caption":"Tablaos Flamencos"}]},"geo.placename":"Sevilla","geo.position":{"lat":"37.3868072","long":"-5.993280299999999"},"geo.region":"Spanje"},"_links":{"self":[{"href":"https:\/\/www.tablaosflamencos.com\/nl\/wp-json\/wp\/v2\/posts\/15126","targetHints":{"allow":["GET"]}}],"collection":[{"href":"https:\/\/www.tablaosflamencos.com\/nl\/wp-json\/wp\/v2\/posts"}],"about":[{"href":"https:\/\/www.tablaosflamencos.com\/nl\/wp-json\/wp\/v2\/types\/post"}],"author":[{"embeddable":true,"href":"https:\/\/www.tablaosflamencos.com\/nl\/wp-json\/wp\/v2\/users\/1"}],"replies":[{"embeddable":true,"href":"https:\/\/www.tablaosflamencos.com\/nl\/wp-json\/wp\/v2\/comments?post=15126"}],"version-history":[{"count":2,"href":"https:\/\/www.tablaosflamencos.com\/nl\/wp-json\/wp\/v2\/posts\/15126\/revisions"}],"predecessor-version":[{"id":15144,"href":"https:\/\/www.tablaosflamencos.com\/nl\/wp-json\/wp\/v2\/posts\/15126\/revisions\/15144"}],"wp:featuredmedia":[{"embeddable":true,"href":"https:\/\/www.tablaosflamencos.com\/nl\/wp-json\/wp\/v2\/media\/15151"}],"wp:attachment":[{"href":"https:\/\/www.tablaosflamencos.com\/nl\/wp-json\/wp\/v2\/media?parent=15126"}],"wp:term":[{"taxonomy":"category","embeddable":true,"href":"https:\/\/www.tablaosflamencos.com\/nl\/wp-json\/wp\/v2\/categories?post=15126"},{"taxonomy":"post_tag","embeddable":true,"href":"https:\/\/www.tablaosflamencos.com\/nl\/wp-json\/wp\/v2\/tags?post=15126"}],"curies":[{"name":"wp","href":"https:\/\/api.w.org\/{rel}","templated":true}]}}