{"id":15112,"date":"2026-09-06T16:39:25","date_gmt":"2026-09-06T14:39:25","guid":{"rendered":"https:\/\/www.tablaosflamencos.com\/?p=15112"},"modified":"2026-09-06T19:32:12","modified_gmt":"2026-09-06T17:32:12","slug":"pepe-romero-gitaarfestival-malaga-2026","status":"publish","type":"post","link":"https:\/\/www.tablaosflamencos.com\/nl\/pepe-romero-gitaarfestival-malaga-2026.html","title":{"rendered":"Internationaal Pepe Romero Gitaarfestival 2026 in M\u00e1laga: programma, artiesten, flamencoconcerten, locaties en tickets"},"content":{"rendered":"<section class=\"l-section wpb_row height_huge\"><div class=\"l-section-h i-cf\"><div class=\"g-cols vc_row via_flex valign_top type_default stacking_default\"><div class=\"vc_col-sm-6 wpb_column vc_column_container\"><div class=\"vc_column-inner\"><div class=\"wpb_wrapper\"><div class=\"wpb_text_column\"><div class=\"wpb_wrapper\"><h2>Een maand vol gitaar in M\u00e1laga, met flamenco als een van de belangrijkste pijlers<\/h2>\n<p>Het <strong>5e Internationale Gitaarfestival M\u00e1laga Pepe Romero 2026<\/strong> vindt plaats van 4 tot en met 30 september met vijftien concerten op vier locaties in de stad. Deze editie brengt klassieke gitaar, Spaanse muziek, oude muziek en flamenco samen, met een bijzonder prominente rol voor flamencogitaar via de reeks <strong>Trasnoches Flamencos<\/strong>.<\/p>\n<p>Het festival begon op 4 september met Alejandro Hurtado en Inmaculada Salom\u00f3n en loopt de hele maand door met namen als El Amir, Pituquete en Encarna Anillo, Daniel Casares, Jos\u00e9 Ferm\u00edn Fern\u00e1ndez, Joni Jim\u00e9nez en Jes\u00fas M\u00e9ndez, Ricardo Fern\u00e1ndez del Moral, Mabel Mill\u00e1n, Daniel Zapico en Pepe Romero. De afsluiting vindt op 30 september plaats in het Teatro Cervantes.<\/p>\n<\/div><\/div><\/div><\/div><\/div><div class=\"vc_col-sm-6 wpb_column vc_column_container\"><div class=\"vc_column-inner\"><div class=\"wpb_wrapper\"><div class=\"wpb_text_column\"><div class=\"wpb_wrapper\"><h2>Belangrijkste festivalinformatie<\/h2>\n<ul>\n<li><strong>Data:<\/strong> 4 tot en met 30 september 2026.<\/li>\n<li><strong>Editie:<\/strong> vijfde.<\/li>\n<li><strong>Aantal concerten:<\/strong> 15.<\/li>\n<li><strong>Stad:<\/strong> M\u00e1laga.<\/li>\n<li><strong>Organisatie:<\/strong> European Guitar Foundation.<\/li>\n<li><strong>Directeur:<\/strong> Vicente Coves Merino.<\/li>\n<li><strong>Prijzen:<\/strong> tussen \u20ac10 en \u20ac20, afhankelijk van het concert.<\/li>\n<li><strong>Tickets:<\/strong> MiEntrada voor het grootste deel van het programma; de afsluiting in Teatro Cervantes wordt verkocht via UniEntradas.<\/li>\n<li><strong>Locaties:<\/strong> Alcazaba van M\u00e1laga, Sala Fundaci\u00f3n Unicaja Mar\u00eda Cristina, Centro Cultural Fundaci\u00f3n Unicaja de M\u00e1laga en Teatro Cervantes.<\/li>\n<\/ul>\n<\/div><\/div><\/div><\/div><\/div><\/div><\/div><\/section><section class=\"l-section wpb_row height_huge color_alternate with_shape\"><div class=\"l-section-shape type_zigzag pos_top\" style=\"height:3vmin;\"><svg xmlns=\"http:\/\/www.w3.org\/2000\/svg\" viewBox=\"0 0 64 8\" preserveAspectRatio=\"none\" width=\"100%\" height=\"100%\">\r\n\t<path fill=\"currentColor\" d=\"M64 8 L0 8 L0 0 L20 7.9 L40 3 L48 5 L64 0 Z\"\/>\r\n<\/svg><\/div><div class=\"l-section-shape type_zigzag pos_bottom\" style=\"height:3vmin;\"><svg xmlns=\"http:\/\/www.w3.org\/2000\/svg\" viewBox=\"0 0 64 8\" preserveAspectRatio=\"none\" width=\"100%\" height=\"100%\">\r\n\t<path fill=\"currentColor\" d=\"M64 8 L0 8 L0 0 L20 7.9 L40 3 L48 5 L64 0 Z\"\/>\r\n<\/svg><\/div><div class=\"l-section-h i-cf\"><div class=\"g-cols vc_row via_flex valign_top type_default stacking_default\"><div class=\"vc_col-sm-12 wpb_column vc_column_container\"><div class=\"vc_column-inner\"><div class=\"wpb_wrapper\"><div class=\"wpb_text_column\"><div class=\"wpb_wrapper\"><blockquote>\n<p><strong>Kort antwoord:<\/strong> het Internationale Pepe Romero Gitaarfestival 2026 vindt van 4 tot en met 30 september plaats in M\u00e1laga en telt 15 concerten. Flamenco heeft een eigen reeks, Trasnoches Flamencos, met Alejandro Hurtado en Inmaculada Salom\u00f3n, El Amir, Pituquete en Encarna Anillo, Daniel Casares, Jos\u00e9 Ferm\u00edn Fern\u00e1ndez, Joni Jim\u00e9nez met Jes\u00fas M\u00e9ndez en Ricardo Fern\u00e1ndez del Moral. Tickets kosten tussen \u20ac10 en \u20ac20. De meeste worden verkocht via MiEntrada; de afsluiting van Pepe Romero met de Orquesta Filarm\u00f3nica de M\u00e1laga in Teatro Cervantes loopt via UniEntradas.<\/p>\n<\/blockquote>\n<\/div><\/div><\/div><\/div><\/div><\/div><\/div><\/section><section class=\"l-section wpb_row height_huge\"><div class=\"l-section-h i-cf\"><div class=\"g-cols vc_row via_flex valign_top type_default stacking_default\"><div class=\"vc_col-sm-3 wpb_column vc_column_container\"><div class=\"vc_column-inner\"><div class=\"wpb_wrapper\"><\/div><\/div><\/div><div class=\"vc_col-sm-6 wpb_column vc_column_container\"><div class=\"vc_column-inner\"><div class=\"wpb_wrapper\"><div class=\"wpb_text_column\"><div class=\"wpb_wrapper\"><h2>Inhoud van deze gids<\/h2>\n<ul>\n<li><a href=\"#programa\">Volledig programma<\/a><\/li>\n<li><a href=\"#flamenco\">Flamencoconcerten<\/a><\/li>\n<li><a href=\"#recomendaciones\">Welk flamencoconcert kiezen?<\/a><\/li>\n<li><a href=\"#otros-conciertos\">Klassieke gitaar en andere concerten<\/a><\/li>\n<li><a href=\"#sedes\">Locaties en zalen<\/a><\/li>\n<li><a href=\"#entradas\">Tickets en prijzen<\/a><\/li>\n<li><a href=\"#homenajes\">Eerbetonen in de editie van 2026<\/a><\/li>\n<li><a href=\"#faq\">Veelgestelde vragen<\/a><\/li>\n<\/ul>\n<\/div><\/div><\/div><\/div><\/div><div class=\"vc_col-sm-3 wpb_column vc_column_container\"><div class=\"vc_column-inner\"><div class=\"wpb_wrapper\"><\/div><\/div><\/div><\/div><\/div><\/section><section class=\"l-section wpb_row height_huge color_alternate with_shape\"><div class=\"l-section-shape type_zigzag pos_top\" style=\"height:3vmin;\"><svg xmlns=\"http:\/\/www.w3.org\/2000\/svg\" viewBox=\"0 0 64 8\" preserveAspectRatio=\"none\" width=\"100%\" height=\"100%\">\r\n\t<path fill=\"currentColor\" d=\"M64 8 L0 8 L0 0 L20 7.9 L40 3 L48 5 L64 0 Z\"\/>\r\n<\/svg><\/div><div class=\"l-section-shape type_zigzag pos_bottom\" style=\"height:3vmin;\"><svg xmlns=\"http:\/\/www.w3.org\/2000\/svg\" viewBox=\"0 0 64 8\" preserveAspectRatio=\"none\" width=\"100%\" height=\"100%\">\r\n\t<path fill=\"currentColor\" d=\"M64 8 L0 8 L0 0 L20 7.9 L40 3 L48 5 L64 0 Z\"\/>\r\n<\/svg><\/div><div class=\"l-section-h i-cf\"><div class=\"g-cols vc_row via_flex valign_top type_default stacking_default\"><div class=\"vc_col-sm-12 wpb_column vc_column_container\"><div class=\"vc_column-inner\"><div class=\"wpb_wrapper\"><div class=\"wpb_text_column\"><div class=\"wpb_wrapper\"><h2 id=\"programa\" style=\"text-align: center;\">Volledig programma van het Internationale Pepe Romero Gitaarfestival 2026<\/h2>\n<div style=\"overflow-x: auto;\">\n<table>\n<thead>\n<tr>\n<th>Datum<\/th>\n<th>Tijd<\/th>\n<th>Artiest \/ programma<\/th>\n<th>Locatie<\/th>\n<th>Prijs<\/th>\n<\/tr>\n<\/thead>\n<tbody>\n<tr>\n<td>4 september<\/td>\n<td>19:30<\/td>\n<td>Alejandro Hurtado + Inmaculada Salom\u00f3n<\/td>\n<td>Sala Fundaci\u00f3n Unicaja Mar\u00eda Cristina<\/td>\n<td>\u20ac12<\/td>\n<\/tr>\n<tr>\n<td>5 september<\/td>\n<td>21:30<\/td>\n<td>Jacob Kellerman met T\u00e1rrega\u2019s Antonio de Torres-gitaar uit 1888<\/td>\n<td>Patio de Surtidores van de Alcazaba<\/td>\n<td>\u20ac18<\/td>\n<\/tr>\n<tr>\n<td>6 september<\/td>\n<td>12:00<\/td>\n<td>Quinteto 1909<\/td>\n<td>Centro Cultural Fundaci\u00f3n Unicaja de M\u00e1laga<\/td>\n<td>\u20ac15<\/td>\n<\/tr>\n<tr>\n<td>11 september<\/td>\n<td>19:30<\/td>\n<td>El Amir \u2013 Alma Flamenca<\/td>\n<td>Sala Fundaci\u00f3n Unicaja Mar\u00eda Cristina<\/td>\n<td>\u20ac10<\/td>\n<\/tr>\n<tr>\n<td>12 september<\/td>\n<td>21:30<\/td>\n<td>Ausi\u00e0s Parejo \u2013 150 jaar Manuel de Falla<\/td>\n<td>Patio de Surtidores van de Alcazaba<\/td>\n<td>\u20ac15<\/td>\n<\/tr>\n<tr>\n<td>13 september<\/td>\n<td>12:00<\/td>\n<td>Filip Miskovic<\/td>\n<td>Centro Cultural Fundaci\u00f3n Unicaja de M\u00e1laga<\/td>\n<td>\u20ac10<\/td>\n<\/tr>\n<tr>\n<td>17 september<\/td>\n<td>21:30<\/td>\n<td>Pituquete + Encarna Anillo<\/td>\n<td>Patio de Surtidores van de Alcazaba<\/td>\n<td>\u20ac15<\/td>\n<\/tr>\n<tr>\n<td>18 september<\/td>\n<td>21:30<\/td>\n<td>Mabel Mill\u00e1n<\/td>\n<td>Patio de Surtidores van de Alcazaba<\/td>\n<td>\u20ac18<\/td>\n<\/tr>\n<tr>\n<td>19 september<\/td>\n<td>19:30<\/td>\n<td>Daniel Casares<\/td>\n<td>Sala Fundaci\u00f3n Unicaja Mar\u00eda Cristina<\/td>\n<td>\u20ac12<\/td>\n<\/tr>\n<tr>\n<td>20 september<\/td>\n<td>12:00<\/td>\n<td>Daniel Zapico<\/td>\n<td>Centro Cultural Fundaci\u00f3n Unicaja de M\u00e1laga<\/td>\n<td>\u20ac15<\/td>\n<\/tr>\n<tr>\n<td>24 september<\/td>\n<td>21:30<\/td>\n<td>Jos\u00e9 Ferm\u00edn Fern\u00e1ndez<\/td>\n<td>Patio de Surtidores van de Alcazaba<\/td>\n<td>\u20ac15<\/td>\n<\/tr>\n<tr>\n<td>25 september<\/td>\n<td>19:30<\/td>\n<td>Joni Jim\u00e9nez + Jes\u00fas M\u00e9ndez<\/td>\n<td>Sala Fundaci\u00f3n Unicaja Mar\u00eda Cristina<\/td>\n<td>\u20ac10<\/td>\n<\/tr>\n<tr>\n<td>26 september<\/td>\n<td>21:30<\/td>\n<td>Ricardo Fern\u00e1ndez del Moral<\/td>\n<td>Patio de Surtidores van de Alcazaba<\/td>\n<td>\u20ac18<\/td>\n<\/tr>\n<tr>\n<td>27 september<\/td>\n<td>12:00<\/td>\n<td>Jos\u00e9 Luis Ruiz del Puerto<\/td>\n<td>Centro Cultural Fundaci\u00f3n Unicaja de M\u00e1laga<\/td>\n<td>\u20ac10<\/td>\n<\/tr>\n<tr>\n<td>30 september<\/td>\n<td>20:00<\/td>\n<td>Pepe Romero + Orquesta Filarm\u00f3nica de M\u00e1laga + Jos\u00e9 Mar\u00eda Moreno<\/td>\n<td>Teatro Cervantes<\/td>\n<td>\u20ac20<\/td>\n<\/tr>\n<\/tbody>\n<\/table>\n<\/div>\n<p>Het openingsconcert op de 4e heeft al plaatsgevonden. Op 5 september geeft de ticketverkoper aan dat de plaatsen voor <strong>uitverkocht<\/strong> Jacob Kellerman, gepland voor vanavond, en voor Ausi\u00e0s Parejo op de 12e zijn uitverkocht. De beschikbaarheid van de overige concerten kan veranderen, dus controleer die v\u00f3\u00f3r vertrek.<\/p>\n<\/div><\/div><\/div><\/div><\/div><\/div><\/div><\/section><section class=\"l-section wpb_row height_huge\"><div class=\"l-section-h i-cf\"><div class=\"g-cols vc_row via_flex valign_top type_default stacking_default\"><div class=\"vc_col-sm-6 wpb_column vc_column_container\"><div class=\"vc_column-inner\"><div class=\"wpb_wrapper\"><div class=\"wpb_text_column\"><div class=\"wpb_wrapper\"><h2 id=\"flamenco\">Trasnoches Flamencos: zeven avonden met flamencogitaar in de hoofdrol<\/h2>\n<p>Het deel dat het meest direct met flamenco verbonden is, concentreert zich in <strong>Trasnoches Flamencos<\/strong>, een reeks die verschillende manieren van gitaarspel verkent: begeleiding van dans, soloconcert, dialoog met zang en programma\u2019s die openstaan voor andere muziekstijlen.<\/p>\n<h3>4 september: Alejandro Hurtado + Inmaculada Salom\u00f3n<\/h3>\n<p>Het festival opende met <strong>Alejandro Hurtado<\/strong>, gitarist en winnaar van de Bord\u00f3n Minero, samen met <strong>Inmaculada Salom\u00f3n<\/strong>, eerste danseres van het Ballet Nacional de Espa\u00f1a. Het was de enige avond in de reeks die duidelijk rond de ontmoeting tussen gitaar en dans was opgebouwd. Het concert heeft al plaatsgevonden en was uitverkocht.<\/p>\n<h3>11 september: El Amir \u2013 Alma Flamenca<\/h3>\n<p><em>El Amir<\/em>, gitarist, componist en multi-instrumentalist, presenteert een flamencoprogramma dat wordt gekenmerkt door zijn brede muzikale achtergrond en internationale ervaring. Hij is ook bekend van de tournees van Hans Zimmer. Het recital vindt om 19:30 plaats in de Sala Fundaci\u00f3n Unicaja Mar\u00eda Cristina en kost \u20ac10.<\/p>\n<\/div><\/div><\/div><\/div><\/div><div class=\"vc_col-sm-6 wpb_column vc_column_container\"><div class=\"vc_column-inner\"><div class=\"wpb_wrapper\"><div class=\"wpb_text_column\"><div class=\"wpb_wrapper\"><h3>17 september: Pituquete + Encarna Anillo<\/h3>\n<p>Gitarist <strong>Pituquete<\/strong> komt naar de Patio de Surtidores van de Alcazaba, begeleid door flamencozangeres <strong>Encarna Anillo<\/strong> als gastartiest. De organisatie presenteert de ontmoeting als een verbinding tussen flamenco, Latijns-Amerikaanse wortels en een persoonlijke muzikale stem. Prijs: \u20ac15.<\/p>\n<h3>19 september: Daniel Casares<\/h3>\n<p>Een van de flamencogitaristen uit M\u00e1laga met de grootste internationale uitstraling. <strong>Daniel Casares<\/strong> treedt om 19:30 op in de Sala Fundaci\u00f3n Unicaja Mar\u00eda Cristina. Voor wie een recital zoekt dat draait om flamencogitaar als concertinstrument en om een artiest die nauw met M\u00e1laga verbonden is, is dit een van de aantrekkelijkste data van het programma. Prijs: \u20ac12.<\/p>\n<h3>24 september: Jos\u00e9 Ferm\u00edn Fern\u00e1ndez<\/h3>\n<p>De uit Granada afkomstige <strong>Jos\u00e9 Ferm\u00edn Fern\u00e1ndez<\/strong> vertegenwoordigt een generatie gitaristen die zeer ontwikkelde techniek combineert met eigen composities en een eigentijdse taal. Hij treedt om 21:30 op in de Alcazaba. Prijs: \u20ac15.<\/p>\n<\/div><\/div><\/div><\/div><\/div><\/div><\/div><\/section><section class=\"l-section wpb_row height_huge color_alternate with_shape\"><div class=\"l-section-shape type_zigzag pos_top\" style=\"height:3vmin;\"><svg xmlns=\"http:\/\/www.w3.org\/2000\/svg\" viewBox=\"0 0 64 8\" preserveAspectRatio=\"none\" width=\"100%\" height=\"100%\">\r\n\t<path fill=\"currentColor\" d=\"M64 8 L0 8 L0 0 L20 7.9 L40 3 L48 5 L64 0 Z\"\/>\r\n<\/svg><\/div><div class=\"l-section-shape type_zigzag pos_bottom\" style=\"height:3vmin;\"><svg xmlns=\"http:\/\/www.w3.org\/2000\/svg\" viewBox=\"0 0 64 8\" preserveAspectRatio=\"none\" width=\"100%\" height=\"100%\">\r\n\t<path fill=\"currentColor\" d=\"M64 8 L0 8 L0 0 L20 7.9 L40 3 L48 5 L64 0 Z\"\/>\r\n<\/svg><\/div><div class=\"l-section-h i-cf\"><div class=\"g-cols vc_row via_flex valign_top type_default stacking_default\"><div class=\"vc_col-sm-6 wpb_column vc_column_container\"><div class=\"vc_column-inner\"><div class=\"wpb_wrapper\"><div class=\"wpb_text_column\"><div class=\"wpb_wrapper\"><h3>25 september: Joni Jim\u00e9nez + Jes\u00fas M\u00e9ndez<\/h3>\n<p>De avond van de 25e combineert twee essenti\u00eble elementen van traditionele flamenco: gitaar en zang. <strong>Joni Jim\u00e9nez<\/strong>, winnaar van de Bord\u00f3n Minero, wordt begeleid door <strong>Jes\u00fas M\u00e9ndez<\/strong>, een van de toonaangevende flamencozangers van zijn generatie. Het concert vindt om 19:30 plaats in de Sala Fundaci\u00f3n Unicaja Mar\u00eda Cristina en is met een prijs van \u20ac10 een van de voordeligste tickets van de reeks.<\/p>\n<h3>26 september: Ricardo Fern\u00e1ndez del Moral<\/h3>\n<p>Trasnoches Flamencos wordt afgesloten door <strong>Ricardo Fern\u00e1ndez del Moral<\/strong>, een bijzondere artiest omdat hij zang en gitaar in \u00e9\u00e9n uitvoerder verenigt. De organisatie presenteert hem als de enige winnaar van zowel de L\u00e1mpara Minera als alle vijf zangprijzen van La Uni\u00f3n. Het recital vindt om 21:30 plaats in de Patio de Surtidores van de Alcazaba. Prijs: \u20ac18.<\/p>\n<\/div><\/div><\/div><\/div><\/div><div class=\"vc_col-sm-6 wpb_column vc_column_container\"><div class=\"vc_column-inner\"><div class=\"wpb_wrapper\"><div class=\"wpb_text_column\"><div class=\"wpb_wrapper\"><h2 id=\"recomendaciones\">Welk flamencoconcert kiezen?<\/h2>\n<p>Niet alle concerten van Trasnoches Flamencos bieden dezelfde ervaring. Als je er maar \u00e9\u00e9n kunt bijwonen, zijn dit onze aanbevelingen:<\/p>\n<ul>\n<li><strong>Voor flamencogitaar als concertinstrument:<\/strong> Daniel Casares, op 19 september.<\/li>\n<li><strong>Voor een recital met zang en gitaar:<\/strong> Joni Jim\u00e9nez met Jes\u00fas M\u00e9ndez, op de 25e.<\/li>\n<li><strong>Voor een heel bijzondere ervaring:<\/strong> Ricardo Fern\u00e1ndez del Moral, die zingt terwijl hij zichzelf op gitaar begeleidt, op de 26e.<\/li>\n<li><strong>Om hedendaagse flamencogitaar te ontdekken:<\/strong> Jos\u00e9 Ferm\u00edn Fern\u00e1ndez, op de 24e.<\/li>\n<li><strong>Voor een open en grensoverschrijdend programma:<\/strong> El Amir, op de 11e.<\/li>\n<li><strong>Voor gitaar met gastzang:<\/strong> Pituquete en Encarna Anillo, op de 17e.<\/li>\n<\/ul>\n<p>Wie specifiek dans zoekt, moet er rekening mee houden dat het optreden van Alejandro Hurtado en Inmaculada Salom\u00f3n al op 4 september plaatsvond.<\/p>\n<\/div><\/div><\/div><\/div><\/div><\/div><\/div><\/section><section class=\"l-section wpb_row height_huge\"><div class=\"l-section-h i-cf\"><div class=\"g-cols vc_row via_flex valign_top type_default stacking_default\"><div class=\"vc_col-sm-6 wpb_column vc_column_container\"><div class=\"vc_column-inner\"><div class=\"wpb_wrapper\"><div class=\"wpb_text_column\"><div class=\"wpb_wrapper\"><h2 id=\"otros-conciertos\">Meer dan flamenco: klassieke gitaar, Spaanse muziek en historische repertoires<\/h2>\n<p>Het festival is niet uitsluitend flamenco. De identiteit draait in brede zin om de Spaanse gitaar.<\/p>\n<p>Op 5 september speelt <strong>Jacob Kellerman<\/strong> op een Antonio de Torres-gitaar uit 1888 die verbonden is met Francisco T\u00e1rrega. Het bijzondere zit niet alleen in het repertoire, maar ook in het horen van een historisch instrument met enorme symbolische waarde. De tickets staan als uitverkocht vermeld.<\/p>\n<p>Op de 6e presenteert <strong>Quinteto 1909<\/strong> het programma <em>5 gitaren en \u00e9\u00e9n hart<\/em>, ter nagedachtenis aan \u00c1ngel G. Pi\u00f1ero. Op de 12e wijdt <strong>Ausi\u00e0s Parejo<\/strong> zijn recital aan de 150e verjaardag van Manuel de Falla; ook deze tickets staan als uitverkocht vermeld.<\/p>\n<p>Op de 13e treedt <strong>Filip Miskovic<\/strong>op, winnaar van de 40e Internationale Andr\u00e9s Segovia-wedstrijd van La Herradura, als onderdeel van de inzet van het festival voor jonge uitvoerders.<\/p>\n<\/div><\/div><\/div><\/div><\/div><div class=\"vc_col-sm-6 wpb_column vc_column_container\"><div class=\"vc_column-inner\"><div class=\"wpb_wrapper\"><div class=\"wpb_text_column\"><div class=\"wpb_wrapper\"><p>Op de 18e presenteert <strong>Mabel Mill\u00e1n<\/strong>, winnares van een Latin Grammy in 2017, een programma met Spaanse muziek. Op de 20e brengt <strong>Daniel Zapico<\/strong> de klank van oude muziek en verbreedt daarmee de blik voorbij de moderne gitaar.<\/p>\n<p>Op de 27e presenteert <strong>Jos\u00e9 Luis Ruiz del Puerto<\/strong>, in 2025 genomineerd voor een Latin Grammy, een programma rond vrouwelijke componisten en een eerbetoon aan Mar\u00eda Luisa Anido.<\/p>\n<p>De grote afsluiting volgt op 30 september met <strong>Pepe Romero<\/strong>, de <strong>Orquesta Filarm\u00f3nica de M\u00e1laga<\/strong> en dirigent <strong>Jos\u00e9 Mar\u00eda Moreno<\/strong>. Het programma combineert het <em>Concierto de Aranjuez<\/em> van Joaqu\u00edn Rodrigo met filmmuziek van John Williams. Het concert begint om 20:00 in Teatro Cervantes en tickets kosten \u20ac20.<\/p>\n<\/div><\/div><\/div><\/div><\/div><\/div><\/div><\/section><section class=\"l-section wpb_row height_huge color_alternate with_shape\"><div class=\"l-section-shape type_zigzag pos_top hor_flip\" style=\"height:3vmin;\"><svg xmlns=\"http:\/\/www.w3.org\/2000\/svg\" viewBox=\"0 0 64 8\" preserveAspectRatio=\"none\" width=\"100%\" height=\"100%\">\r\n\t<path fill=\"currentColor\" d=\"M64 8 L0 8 L0 0 L20 7.9 L40 3 L48 5 L64 0 Z\"\/>\r\n<\/svg><\/div><div class=\"l-section-shape type_zigzag pos_bottom\" style=\"height:3vmin;\"><svg xmlns=\"http:\/\/www.w3.org\/2000\/svg\" viewBox=\"0 0 64 8\" preserveAspectRatio=\"none\" width=\"100%\" height=\"100%\">\r\n\t<path fill=\"currentColor\" d=\"M64 8 L0 8 L0 0 L20 7.9 L40 3 L48 5 L64 0 Z\"\/>\r\n<\/svg><\/div><div class=\"l-section-h i-cf\"><div class=\"g-cols vc_row via_flex valign_top type_default stacking_default\"><div class=\"vc_col-sm-6 wpb_column vc_column_container\"><div class=\"vc_column-inner\"><div class=\"wpb_wrapper\"><div class=\"wpb_text_column\"><div class=\"wpb_wrapper\"><h2 id=\"sedes\">De vier festivallocaties<\/h2>\n<h3>Patio de Surtidores van de Alcazaba van M\u00e1laga<\/h3>\n<p>Dit is de meest monumentale locatie van het programma. De combinatie van historische architectuur, nachtelijke sfeer en gitaar maakt de concerten in de Alcazaba tot enkele van de bijzonderste ervaringen van het festival. Voor de concerten vermeldt MiEntrada toegang via <strong>calle Guill\u00e9n Sotelo, 1<\/strong>, naast de ingang van de lift van de Alcazaba.<\/p>\n<h3>Sala Fundaci\u00f3n Unicaja Mar\u00eda Cristina<\/h3>\n<p>Gelegen aan <strong>calle Marqu\u00e9s de Valdeca\u00f1as, 2<\/strong>, huisvest deze zaal een groot deel van het flamencoprogramma: El Amir, Daniel Casares en Joni Jim\u00e9nez met Jes\u00fas M\u00e9ndez, naast de opening met Alejandro Hurtado en Inmaculada Salom\u00f3n.<\/p>\n<p>De concertzaalopstelling maakt aandachtig luisteren mogelijk, wat vooral belangrijk is bij recitals waarin de nuances van gitaarspel en zang centraal staan.<\/p>\n<\/div><\/div><\/div><\/div><\/div><div class=\"vc_col-sm-6 wpb_column vc_column_container\"><div class=\"vc_column-inner\"><div class=\"wpb_wrapper\"><div class=\"wpb_text_column\"><div class=\"wpb_wrapper\"><h3>Centro Cultural Fundaci\u00f3n Unicaja de M\u00e1laga<\/h3>\n<p>Aan <strong>Plaza del Obispo, 6<\/strong>, tegenover de kathedraal, vinden de ochtendconcerten plaats van Quinteto 1909, Filip Miskovic, Daniel Zapico en Jos\u00e9 Luis Ruiz del Puerto. Dit is de locatie die bij het programma van 12:00 hoort.<\/p>\n<h3>Teatro Cervantes<\/h3>\n<p>Voor de afsluiting verhuist het festival naar het belangrijkste theater van de stad, aan <strong>calle Ramos Mar\u00edn, s\/n<\/strong>. Daar treden Pepe Romero, de Orquesta Filarm\u00f3nica de M\u00e1laga en Jos\u00e9 Mar\u00eda Moreno op 30 september op.<\/p>\n<p>De spreiding van het festival combineert historische zalen, erfgoed in de openlucht en een groot theater. Als je meerdere concerten wilt bezoeken, controleer dan steeds de locatie: er is geen enkele centrale festivalplek.<\/p>\n<\/div><\/div><\/div><\/div><\/div><\/div><\/div><\/section><section class=\"l-section wpb_row height_huge\"><div class=\"l-section-h i-cf\"><div class=\"g-cols vc_row via_flex valign_top type_default stacking_default\"><div class=\"vc_col-sm-6 wpb_column vc_column_container\"><div class=\"vc_column-inner\"><div class=\"wpb_wrapper\"><div class=\"wpb_text_column\"><div class=\"wpb_wrapper\"><h2 id=\"entradas\">Tickets: prijzen, verkoop en uitverkochte concerten<\/h2>\n<p>Tickets zijn relatief betaalbaar voor een festival van dit type: de algemene prijsklasse loopt van <strong>\u20ac10 tot \u20ac20<\/strong>.<\/p>\n<p>Het grootste deel van het programma wordt verkocht via <a href=\"https:\/\/www.mientrada.net\/eventos\/categoria\/pepe-romero-guitar-festival-malaga\/\" target=\"_blank\" rel=\"noopener\">MiEntrada<\/a>. De afsluiting op 30 september in Teatro Cervantes wordt vanaf de offici\u00eble website doorgelinkt naar <a href=\"https:\/\/www.unientradas.es\/\" target=\"_blank\" rel=\"noopener\">UniEntradas<\/a>.<\/p>\n<p>Op 5 september toont MiEntrada als uitverkocht:<\/p>\n<ul>\n<li>Jacob Kellerman, 5 september.<\/li>\n<li>Ausi\u00e0s Parejo, 12 september.<\/li>\n<\/ul>\n<p>Ook het openingsconcert van Alejandro Hurtado en Inmaculada Salom\u00f3n op de 4e was uitverkocht.<\/p>\n<\/div><\/div><\/div><\/div><\/div><div class=\"vc_col-sm-6 wpb_column vc_column_container\"><div class=\"vc_column-inner\"><div class=\"wpb_wrapper\"><div class=\"wpb_text_column\"><div class=\"wpb_wrapper\"><h2>Is vooraf kopen verstandig?<\/h2>\n<p>Ja. Hoewel verschillende concerten nog \u20ac10, \u20ac12 of \u20ac15 kosten, laten de eerste uitverkochte avonden zien dat de capaciteit van sommige locaties beperkt is en dat bepaalde programma\u2019s veel belangstelling trekken.<\/p>\n<p>We raden aan alleen te kopen via de <a href=\"https:\/\/www.malagaguitarfestival.com\/\" target=\"_blank\" rel=\"noopener\">offici\u00eble website van het Internationale Gitaarfestival M\u00e1laga Pepe Romero<\/a> of via de ticketplatforms waarnaar de organisatie verwijst. Controleer altijd datum, tijd en locatie voordat je de betaling afrondt.<\/p>\n<p>Als een concert uitverkocht is, koop dan geen tickets van onbekenden of via niet-geautoriseerde kanalen. De organisatie kan de beschikbaarheid bijwerken, maar informele doorverkoop brengt onnodige risico\u2019s met zich mee.<\/p>\n<\/div><\/div><\/div><\/div><\/div><\/div><\/div><\/section><section class=\"l-section wpb_row height_huge color_alternate with_shape\"><div class=\"l-section-shape type_zigzag pos_top\" style=\"height:3vmin;\"><svg xmlns=\"http:\/\/www.w3.org\/2000\/svg\" viewBox=\"0 0 64 8\" preserveAspectRatio=\"none\" width=\"100%\" height=\"100%\">\r\n\t<path fill=\"currentColor\" d=\"M64 8 L0 8 L0 0 L20 7.9 L40 3 L48 5 L64 0 Z\"\/>\r\n<\/svg><\/div><div class=\"l-section-shape type_zigzag pos_bottom\" style=\"height:3vmin;\"><svg xmlns=\"http:\/\/www.w3.org\/2000\/svg\" viewBox=\"0 0 64 8\" preserveAspectRatio=\"none\" width=\"100%\" height=\"100%\">\r\n\t<path fill=\"currentColor\" d=\"M64 8 L0 8 L0 0 L20 7.9 L40 3 L48 5 L64 0 Z\"\/>\r\n<\/svg><\/div><div class=\"l-section-h i-cf\"><div class=\"g-cols vc_row via_flex valign_top type_default stacking_default\"><div class=\"vc_col-sm-6 wpb_column vc_column_container\"><div class=\"vc_column-inner\"><div class=\"wpb_wrapper\"><div class=\"wpb_text_column\"><div class=\"wpb_wrapper\"><h2 id=\"homenajes\">Een editie opgedragen aan Joaqu\u00edn Rodrigo, Cel\u00edn Romero en \u00c1ngel Romero<\/h2>\n<p>De vijfde editie heeft een sterk herdenkingskarakter. Het festival brengt een eerbetoon aan <strong>Joaqu\u00edn Rodrigo<\/strong> ter gelegenheid van zijn 125e geboortedag en aan twee oprichters van het Romero Quartet: <strong>Cel\u00edn Romero<\/strong>, bij zijn 90e geboortedag, en <strong>\u00c1ngel Romero<\/strong>, die 80 wordt.<\/p>\n<p>Het afsluitende concert vat die benadering samen. Pepe Romero speelt het <em>Concierto de Aranjuez<\/em>, een van de meest universele werken voor gitaar en orkest, begeleid door de Orquesta Filarm\u00f3nica de M\u00e1laga onder leiding van Jos\u00e9 Mar\u00eda Moreno.<\/p>\n<p>Het programma wordt aangevuld met filmmuziek van John Williams en sluit ook aan bij de 250e verjaardag van de onafhankelijkheid van de Verenigde Staten.<\/p>\n<\/div><\/div><\/div><\/div><\/div><div class=\"vc_col-sm-6 wpb_column vc_column_container\"><div class=\"vc_column-inner\"><div class=\"wpb_wrapper\"><div class=\"wpb_text_column\"><div class=\"wpb_wrapper\"><h2>Waarom het festival bijzonder interessant is voor flamencoliefhebbers<\/h2>\n<p>Gitaarfestivals worden soms per genre gescheiden. In M\u00e1laga plaatst het programma klassieke en flamencogitaar juist binnen \u00e9\u00e9n verhaal over de Spaanse gitaar.<\/p>\n<p>Daardoor kun je in enkele weken zeer verschillende benaderingen horen: het solospel van Daniel Casares, de relatie tussen gitaar en zang bij Joni Jim\u00e9nez en Jes\u00fas M\u00e9ndez, de zelfstandigheid van een artiest die zingt en speelt zoals Ricardo Fern\u00e1ndez del Moral, de hedendaagse gitaar van Jos\u00e9 Ferm\u00edn Fern\u00e1ndez of een historisch instrument dat met T\u00e1rrega verbonden is in handen van Jacob Kellerman.<\/p>\n<p>Wie M\u00e1laga bezoekt en het festival wil aanvullen met een reguliere flamenco-ervaring, kan onze gids over <a href=\"https:\/\/www.tablaosflamencos.com\/flamenco-en-malaga\">flamenco in M\u00e1laga<\/a>raadplegen, met shows en tablaos in de stad.<\/p>\n<\/div><\/div><\/div><\/div><\/div><\/div><\/div><\/section><section class=\"l-section wpb_row height_huge\"><div class=\"l-section-h i-cf\"><div class=\"g-cols vc_row via_flex valign_top type_default stacking_default\"><div class=\"vc_col-sm-6 wpb_column vc_column_container\"><div class=\"vc_column-inner\"><div class=\"wpb_wrapper\"><div class=\"wpb_text_column\"><div class=\"wpb_wrapper\"><h2>Zo plan je een bezoek aan het festival<\/h2>\n<p>Als je speciaal voor het festival reist, kies dan eerst concert en locatie voordat je andere plannen boekt. De concerten liggen verspreid over het centrum van M\u00e1laga en hebben zeer verschillende begintijden: sommige starten om 12:00, andere om 19:30, 20:00 of 21:30.<\/p>\n<p>Voor concerten in de Alcazaba is het verstandig ruim op tijd te komen en de specifieke toegangsinstructies van de ticketverkoper te volgen. Voor avondconcerten voorkomt vroeg reserveren dat je afhankelijk bent van lastminute-beschikbaarheid.<\/p>\n<p>Als flamenco je prioriteit is, concentreert het programma zich vooral goed in de tweede helft van de maand: tussen 17 en 26 september volgen Pituquete en Encarna Anillo, Daniel Casares, Jos\u00e9 Ferm\u00edn Fern\u00e1ndez, Joni Jim\u00e9nez met Jes\u00fas M\u00e9ndez en Ricardo Fern\u00e1ndez del Moral elkaar op.<\/p>\n<\/div><\/div><\/div><\/div><\/div><div class=\"vc_col-sm-6 wpb_column vc_column_container\"><div class=\"vc_column-inner\"><div class=\"wpb_wrapper\"><div class=\"wpb_text_column\"><div class=\"wpb_wrapper\"><h2>Een kans om M\u00e1laga via de gitaar te ontdekken<\/h2>\n<p>De spreiding van de locaties laat het festival ook functioneren als een culturele route. De Alcazaba brengt de gitaar in een van de belangrijkste monumenten van de stad; het Centro Cultural Fundaci\u00f3n Unicaja brengt haar naar Plaza del Obispo; Mar\u00eda Cristina biedt een historische zaal; en Teatro Cervantes bewaart het symfonische formaat voor de afsluiting.<\/p>\n<p>Die diversiteit maakt het festival tot meer dan een reeks recitals. De stad wordt onderdeel van de ervaring, en het programma spreekt zowel gespecialiseerde liefhebbers als bezoekers aan die voor het eerst kennismaken met de Spaanse gitaar.<\/p>\n<p>Met tickets vanaf \u20ac10 is het eenvoudig om meerdere concerten te combineren en zeer verschillende muzikale talen binnen \u00e9\u00e9n editie te vergelijken.<\/p>\n<\/div><\/div><\/div><\/div><\/div><\/div><\/div><\/section><section class=\"l-section wpb_row height_huge color_alternate with_shape\"><div class=\"l-section-shape type_zigzag pos_top hor_flip\" style=\"height:3vmin;\"><svg xmlns=\"http:\/\/www.w3.org\/2000\/svg\" viewBox=\"0 0 64 8\" preserveAspectRatio=\"none\" width=\"100%\" height=\"100%\">\r\n\t<path fill=\"currentColor\" d=\"M64 8 L0 8 L0 0 L20 7.9 L40 3 L48 5 L64 0 Z\"\/>\r\n<\/svg><\/div><div class=\"l-section-shape type_zigzag pos_bottom\" style=\"height:3vmin;\"><svg xmlns=\"http:\/\/www.w3.org\/2000\/svg\" viewBox=\"0 0 64 8\" preserveAspectRatio=\"none\" width=\"100%\" height=\"100%\">\r\n\t<path fill=\"currentColor\" d=\"M64 8 L0 8 L0 0 L20 7.9 L40 3 L48 5 L64 0 Z\"\/>\r\n<\/svg><\/div><div class=\"l-section-h i-cf\"><div class=\"g-cols vc_row via_flex valign_top type_default stacking_default\"><div class=\"vc_col-sm-12 wpb_column vc_column_container\"><div class=\"vc_column-inner\"><div class=\"wpb_wrapper\"><div class=\"wpb_text_column\"><div class=\"wpb_wrapper\"><h2 style=\"text-align: center;\">Praktisch overzicht<\/h2>\n<div style=\"overflow-x: auto;\">\n<table>\n<thead>\n<tr>\n<th>Vraag<\/th>\n<th>Antwoord<\/th>\n<\/tr>\n<\/thead>\n<tbody>\n<tr>\n<td>Wanneer vindt het plaats?<\/td>\n<td>Van 4 tot en met 30 september 2026.<\/td>\n<\/tr>\n<tr>\n<td>Hoeveel concerten zijn er?<\/td>\n<td>15.<\/td>\n<\/tr>\n<tr>\n<td>Hoeveel flamencoconcerten zijn inbegrepen?<\/td>\n<td>Zeven in de reeks Trasnoches Flamencos.<\/td>\n<\/tr>\n<tr>\n<td>Hoeveel kosten de tickets?<\/td>\n<td>Tussen \u20ac10 en \u20ac20.<\/td>\n<\/tr>\n<tr>\n<td>Waar koop je ze?<\/td>\n<td>Voornamelijk via MiEntrada; de afsluiting via UniEntradas.<\/td>\n<\/tr>\n<tr>\n<td>Welke concerten zijn uitverkocht?<\/td>\n<td>Op 5 september: Jacob Kellerman en Ausi\u00e0s Parejo; ook de opening op de 4e was uitverkocht.<\/td>\n<\/tr>\n<tr>\n<td>Waar vindt het festival plaats?<\/td>\n<td>Alcazaba, Sala Fundaci\u00f3n Unicaja Mar\u00eda Cristina, Centro Cultural Fundaci\u00f3n Unicaja de M\u00e1laga en Teatro Cervantes.<\/td>\n<\/tr>\n<tr>\n<td>Wie sluit het festival af?<\/td>\n<td>Pepe Romero met de Orquesta Filarm\u00f3nica de M\u00e1laga en Jos\u00e9 Mar\u00eda Moreno.<\/td>\n<\/tr>\n<\/tbody>\n<\/table>\n<\/div>\n<\/div><\/div><\/div><\/div><\/div><\/div><\/div><\/section><section class=\"l-section wpb_row height_huge\"><div class=\"l-section-h i-cf\"><div class=\"g-cols vc_row via_flex valign_top type_default stacking_default\"><div class=\"vc_col-sm-12 wpb_column vc_column_container\"><div class=\"vc_column-inner\"><div class=\"wpb_wrapper\"><div class=\"wpb_text_column\"><div class=\"wpb_wrapper\"><h2>Een festival om de gitaar vanuit verschillende muzikale werelden te horen<\/h2>\n<p>Het Pepe Romero Guitar Festival M\u00e1laga 2026 brengt in minder dan een maand historische instrumenten, jonge uitvoerders, grote namen uit de Spaanse gitaarwereld en een flamencoreeks met een eigen identiteit samen. Voor het publiek van Tablaos Flamencos ligt de grootste aantrekkingskracht in de continu\u00efteit van Trasnoches Flamencos en de verscheidenheid aan formats.<\/p>\n<p>Daniel Casares biedt het grote soloconcert voor flamencogitaar; Joni Jim\u00e9nez en Jes\u00fas M\u00e9ndez brengen gitaar en zang samen; Ricardo Fern\u00e1ndez del Moral verenigt beide talen in \u00e9\u00e9n persoon; Jos\u00e9 Ferm\u00edn Fern\u00e1ndez vertegenwoordigt een hedendaagse benadering; en El Amir en Pituquete openen het programma naar andere muzikale verbindingen.<\/p>\n<p>De afsluiting door Pepe Romero voltooit de boog van het festival vanuit een andere gitaartraditie. M\u00e1laga gebruikt zo vier emblematische locaties om te laten zien dat de Spaanse gitaar niet aan \u00e9\u00e9n esthetiek gebonden is en dat flamenco een essentieel deel van haar rijkdom vormt.<\/p>\n<\/div><\/div><div class=\"w-separator size_medium\"><\/div><div class=\"w-hwrapper valign_top wrap align_center\" style=\"--hwrapper-gap:1.2rem\"><div class=\"w-btn-wrapper align_none\"><a class=\"w-btn us-btn-style_1\" href=\"\/?page_id=8784\"><span class=\"w-btn-label\">Flamenco in M\u00e1laga bekijken<\/span><\/a><\/div><div class=\"w-btn-wrapper align_none\"><a class=\"w-btn us-btn-style_1\" href=\"\/tablaos-flamencos\"><span class=\"w-btn-label\">Flamencotablaos ontdekken<\/span><\/a><\/div><\/div><\/div><\/div><\/div><\/div><\/div><\/section><section class=\"l-section wpb_row height_huge color_alternate with_shape\"><div class=\"l-section-shape type_zigzag pos_top\" style=\"height:3vmin;\"><svg xmlns=\"http:\/\/www.w3.org\/2000\/svg\" viewBox=\"0 0 64 8\" preserveAspectRatio=\"none\" width=\"100%\" height=\"100%\">\r\n\t<path fill=\"currentColor\" d=\"M64 8 L0 8 L0 0 L20 7.9 L40 3 L48 5 L64 0 Z\"\/>\r\n<\/svg><\/div><div class=\"l-section-h i-cf\"><div class=\"g-cols vc_row via_flex valign_top type_default stacking_default\"><div class=\"vc_col-sm-1\/5 wpb_column vc_column_container\"><div class=\"vc_column-inner\"><div class=\"wpb_wrapper\"><\/div><\/div><\/div><div class=\"vc_col-sm-3\/5 wpb_column vc_column_container\"><div class=\"vc_column-inner\"><div class=\"wpb_wrapper\"><div class=\"wpb_text_column\"><div class=\"wpb_wrapper\"><h2 id=\"faq\">Veelgestelde vragen over het Internationale Pepe Romero Gitaarfestival 2026<\/h2>\n<\/div><\/div><div class=\"w-separator size_medium\"><\/div><div class=\"w-tabs accordion toggle_style_1 has_scrolling\" style=\"--sections-title-size:inherit;--sections-gap:0.5rem;\"><div class=\"w-tabs-sections titles-align_none icon_chevron cpos_right\"><div class=\"w-tabs-section\" id=\"oe3f\"><button type=\"button\" class=\"w-tabs-section-header\" aria-controls=\"content-oe3f\" aria-expanded=\"false\"><div class=\"w-tabs-section-title\">Wanneer vindt het Internationale Pepe Romero Gitaarfestival 2026 plaats?<\/div><div class=\"w-tabs-section-control\"><\/div><\/button><div  class=\"w-tabs-section-content\" id=\"content-oe3f\"><div class=\"w-tabs-section-content-h i-cf\"><div class=\"wpb_text_column\"><div class=\"wpb_wrapper\"><p>De vijfde editie vindt van 4 tot en met 30 september 2026 plaats in M\u00e1laga.<\/p>\n<\/div><\/div><\/div><\/div><\/div><div class=\"w-tabs-section\" id=\"xf3c\"><button type=\"button\" class=\"w-tabs-section-header\" aria-controls=\"content-xf3c\" aria-expanded=\"false\"><div class=\"w-tabs-section-title\">Hoeveel concerten telt het festival?<\/div><div class=\"w-tabs-section-control\"><\/div><\/button><div  class=\"w-tabs-section-content\" id=\"content-xf3c\"><div class=\"w-tabs-section-content-h i-cf\"><div class=\"wpb_text_column\"><div class=\"wpb_wrapper\"><p>Het offici\u00eble programma bestaat uit 15 concerten verspreid over de maand september.<\/p>\n<\/div><\/div><\/div><\/div><\/div><div class=\"w-tabs-section\" id=\"t107\"><button type=\"button\" class=\"w-tabs-section-header\" aria-controls=\"content-t107\" aria-expanded=\"false\"><div class=\"w-tabs-section-title\">Welke flamencoconcerten zijn er tijdens het Pepe Romero Guitar Festival?<\/div><div class=\"w-tabs-section-control\"><\/div><\/button><div  class=\"w-tabs-section-content\" id=\"content-t107\"><div class=\"w-tabs-section-content-h i-cf\"><div class=\"wpb_text_column\"><div class=\"wpb_wrapper\"><p>De reeks Trasnoches Flamencos omvat Alejandro Hurtado en Inmaculada Salom\u00f3n, El Amir, Pituquete met Encarna Anillo, Daniel Casares, Jos\u00e9 Ferm\u00edn Fern\u00e1ndez, Joni Jim\u00e9nez met Jes\u00fas M\u00e9ndez en Ricardo Fern\u00e1ndez del Moral. De eerste van deze concerten vond op 4 september plaats.<\/p>\n<\/div><\/div><\/div><\/div><\/div><div class=\"w-tabs-section\" id=\"t202\"><button type=\"button\" class=\"w-tabs-section-header\" aria-controls=\"content-t202\" aria-expanded=\"false\"><div class=\"w-tabs-section-title\">Hoeveel kosten de tickets?<\/div><div class=\"w-tabs-section-control\"><\/div><\/button><div  class=\"w-tabs-section-content\" id=\"content-t202\"><div class=\"w-tabs-section-content-h i-cf\"><div class=\"wpb_text_column\"><div class=\"wpb_wrapper\"><p>De gepubliceerde prijzen voor 2026 vari\u00ebren per concert van \u20ac10 tot \u20ac20.<\/p>\n<\/div><\/div><\/div><\/div><\/div><div class=\"w-tabs-section\" id=\"p2e1\"><button type=\"button\" class=\"w-tabs-section-header\" aria-controls=\"content-p2e1\" aria-expanded=\"false\"><div class=\"w-tabs-section-title\">Waar kun je tickets kopen?<\/div><div class=\"w-tabs-section-control\"><\/div><\/button><div  class=\"w-tabs-section-content\" id=\"content-p2e1\"><div class=\"w-tabs-section-content-h i-cf\"><div class=\"wpb_text_column\"><div class=\"wpb_wrapper\"><p>De meeste concerten worden verkocht via MiEntrada. De offici\u00eble website linkt het afsluitende concert op 30 september in Teatro Cervantes naar UniEntradas.<\/p>\n<\/div><\/div><\/div><\/div><\/div><div class=\"w-tabs-section\" id=\"t3be\"><button type=\"button\" class=\"w-tabs-section-header\" aria-controls=\"content-t3be\" aria-expanded=\"false\"><div class=\"w-tabs-section-title\">Zijn er concerten uitverkocht?<\/div><div class=\"w-tabs-section-control\"><\/div><\/button><div  class=\"w-tabs-section-content\" id=\"content-t3be\"><div class=\"w-tabs-section-content-h i-cf\"><div class=\"wpb_text_column\"><div class=\"wpb_wrapper\"><p>Op 5 september staan de tickets voor Jacob Kellerman op de 5e en Ausi\u00e0s Parejo op de 12e als uitverkocht vermeld. Ook het openingsconcert op 4 september met Alejandro Hurtado en Inmaculada Salom\u00f3n was uitverkocht.<\/p>\n<\/div><\/div><\/div><\/div><\/div><div class=\"w-tabs-section\" id=\"o49c\"><button type=\"button\" class=\"w-tabs-section-header\" aria-controls=\"content-o49c\" aria-expanded=\"false\"><div class=\"w-tabs-section-title\">Waar worden de concerten gehouden?<\/div><div class=\"w-tabs-section-control\"><\/div><\/button><div  class=\"w-tabs-section-content\" id=\"content-o49c\"><div class=\"w-tabs-section-content-h i-cf\"><div class=\"wpb_text_column\"><div class=\"wpb_wrapper\"><p>De vier belangrijkste locaties zijn de Patio de Surtidores van de Alcazaba van M\u00e1laga, de Sala Fundaci\u00f3n Unicaja Mar\u00eda Cristina, het Centro Cultural Fundaci\u00f3n Unicaja de M\u00e1laga en Teatro Cervantes.<\/p>\n<\/div><\/div><\/div><\/div><\/div><div class=\"w-tabs-section\" id=\"b56a\"><button type=\"button\" class=\"w-tabs-section-header\" aria-controls=\"content-b56a\" aria-expanded=\"false\"><div class=\"w-tabs-section-title\">Wanneer treedt Daniel Casares op?<\/div><div class=\"w-tabs-section-control\"><\/div><\/button><div  class=\"w-tabs-section-content\" id=\"content-b56a\"><div class=\"w-tabs-section-content-h i-cf\"><div class=\"wpb_text_column\"><div class=\"wpb_wrapper\"><p>Daniel Casares treedt op zaterdag 19 september om 19:30 op in de Sala Fundaci\u00f3n Unicaja Mar\u00eda Cristina. De gepubliceerde ticketprijs is \u20ac12.<\/p>\n<\/div><\/div><\/div><\/div><\/div><div class=\"w-tabs-section\" id=\"s65f\"><button type=\"button\" class=\"w-tabs-section-header\" aria-controls=\"content-s65f\" aria-expanded=\"false\"><div class=\"w-tabs-section-title\">Wanneer treden Joni Jim\u00e9nez en Jes\u00fas M\u00e9ndez op?<\/div><div class=\"w-tabs-section-control\"><\/div><\/button><div  class=\"w-tabs-section-content\" id=\"content-s65f\"><div class=\"w-tabs-section-content-h i-cf\"><div class=\"wpb_text_column\"><div class=\"wpb_wrapper\"><p>Ze treden op vrijdag 25 september om 19:30 op in de Sala Fundaci\u00f3n Unicaja Mar\u00eda Cristina. Volgens het offici\u00eble programma kost een ticket \u20ac10.<\/p>\n<\/div><\/div><\/div><\/div><\/div><div class=\"w-tabs-section\" id=\"p723\"><button type=\"button\" class=\"w-tabs-section-header\" aria-controls=\"content-p723\" aria-expanded=\"false\"><div class=\"w-tabs-section-title\">Wie sluit het festival af?<\/div><div class=\"w-tabs-section-control\"><\/div><\/button><div  class=\"w-tabs-section-content\" id=\"content-p723\"><div class=\"w-tabs-section-content-h i-cf\"><div class=\"wpb_text_column\"><div class=\"wpb_wrapper\"><p>Pepe Romero sluit de vijfde editie op 30 september af in Teatro Cervantes, samen met de Orquesta Filarm\u00f3nica de M\u00e1laga en dirigent Jos\u00e9 Mar\u00eda Moreno, met een programma dat Joaqu\u00edn Rodrigo\u2019s Concierto de Aranjuez en filmmuziek van John Williams omvat.<\/p>\n<\/div><\/div><\/div><\/div><\/div><\/div><\/div><\/div><\/div><\/div><div class=\"vc_col-sm-1\/5 wpb_column vc_column_container\"><div class=\"vc_column-inner\"><div class=\"wpb_wrapper\"><\/div><\/div><\/div><\/div><\/div><\/section>\n","protected":false},"excerpt":{"rendered":"<p>Complete gids voor het Internationaal Pepe Romero Gitaarfestival 2026 in M\u00e1laga: 15 concerten, flamenco, artiesten, locaties, prijzen en tickets.<\/p>\n","protected":false},"author":1,"featured_media":14939,"comment_status":"closed","ping_status":"closed","sticky":false,"template":"","format":"standard","meta":{"_acf_changed":false,"wpai_generated_summary":"","_ayudawp_aiss_exclude":false,"_ayudawp_aiss_exclude_summary":false,"_ayudawp_aiss_summary":"","_ayudawp_aiss_summary_provider":"","_ayudawp_aiss_summary_hash":"","footnotes":""},"categories":[1672],"tags":[1424],"class_list":["post-15112","post","type-post","status-publish","format-standard","has-post-thumbnail","hentry","category-flamencofestivals","tag-flamencogitaar"],"acf":[],"yoast_head":"<!-- This site is optimized with the Yoast SEO Premium plugin v28.4 (Yoast SEO v28.4) - https:\/\/yoast.com\/product\/yoast-seo-premium-wordpress\/ -->\n<title>Pepe Romero Gitaarfestival M\u00e1laga 2026: programma &amp; tickets<\/title>\n<meta name=\"description\" content=\"Internationaal Pepe Romero Gitaarfestival 2026 in M\u00e1laga: 15 concerten, flamenco, artiesten, locaties, prijzen en tickets.\" \/>\n<meta name=\"robots\" content=\"index, follow, max-snippet:-1, max-image-preview:large, max-video-preview:-1\" \/>\n<link rel=\"canonical\" href=\"https:\/\/www.tablaosflamencos.com\/nl\/pepe-romero-gitaarfestival-malaga-2026.html\" \/>\n<meta property=\"og:locale\" content=\"nl_NL\" \/>\n<meta property=\"og:type\" content=\"article\" \/>\n<meta property=\"og:title\" content=\"Internationaal Pepe Romero Gitaarfestival 2026 in M\u00e1laga: programma, artiesten, flamencoconcerten, locaties en tickets\" \/>\n<meta property=\"og:description\" content=\"Internationaal Pepe Romero Gitaarfestival 2026 in M\u00e1laga: 15 concerten, flamenco, artiesten, locaties, prijzen en tickets.\" \/>\n<meta property=\"og:url\" content=\"https:\/\/www.tablaosflamencos.com\/nl\/pepe-romero-gitaarfestival-malaga-2026.html\" \/>\n<meta property=\"og:site_name\" content=\"Tablaos Flamencos\" \/>\n<meta property=\"article:publisher\" content=\"https:\/\/www.facebook.com\/tablaosflamencos\" \/>\n<meta property=\"article:published_time\" content=\"2026-09-06T14:39:25+00:00\" \/>\n<meta property=\"article:modified_time\" content=\"2026-09-06T17:32:12+00:00\" \/>\n<meta property=\"og:image\" content=\"https:\/\/www.tablaosflamencos.com\/wp-content\/uploads\/festival-internacional-de-guitarra-pepe-romero-2026-en-malaga-programa-artistas-conciertos-flamencos-sedes-y-entradas-01.webp\" \/>\n\t<meta property=\"og:image:width\" content=\"1672\" \/>\n\t<meta property=\"og:image:height\" content=\"941\" \/>\n\t<meta property=\"og:image:type\" content=\"image\/webp\" \/>\n<meta name=\"author\" content=\"Miguel Ortiz\" \/>\n<meta name=\"twitter:card\" content=\"summary_large_image\" \/>\n<meta name=\"twitter:creator\" content=\"@tablaosflamenco\" \/>\n<meta name=\"twitter:site\" content=\"@tablaosflamenco\" \/>\n<meta name=\"twitter:label1\" content=\"Geschreven door\" \/>\n\t<meta name=\"twitter:data1\" content=\"Miguel Ortiz\" \/>\n\t<meta name=\"twitter:label2\" content=\"Geschatte leestijd\" \/>\n\t<meta name=\"twitter:data2\" content=\"18 minuten\" \/>\n<script type=\"application\/ld+json\" class=\"yoast-schema-graph\">{\"@context\":\"https:\\\/\\\/schema.org\",\"@graph\":[{\"@type\":\"Article\",\"@id\":\"https:\\\/\\\/www.tablaosflamencos.com\\\/nl\\\/pepe-romero-gitaarfestival-malaga-2026.html#article\",\"isPartOf\":{\"@id\":\"https:\\\/\\\/www.tablaosflamencos.com\\\/nl\\\/pepe-romero-gitaarfestival-malaga-2026.html\"},\"author\":{\"name\":\"Miguel Ortiz\",\"@id\":\"https:\\\/\\\/www.tablaosflamencos.com\\\/nl#\\\/schema\\\/person\\\/e7a9ebe14eb75a52ceabfbffb3c54f5d\"},\"headline\":\"Internationaal Pepe Romero Gitaarfestival 2026 in M\u00e1laga: programma, artiesten, flamencoconcerten, locaties en tickets\",\"datePublished\":\"2026-09-06T14:39:25+00:00\",\"dateModified\":\"2026-09-06T17:32:12+00:00\",\"mainEntityOfPage\":{\"@id\":\"https:\\\/\\\/www.tablaosflamencos.com\\\/nl\\\/pepe-romero-gitaarfestival-malaga-2026.html\"},\"wordCount\":3649,\"publisher\":{\"@id\":\"https:\\\/\\\/www.tablaosflamencos.com\\\/nl#organization\"},\"image\":{\"@id\":\"https:\\\/\\\/www.tablaosflamencos.com\\\/nl\\\/pepe-romero-gitaarfestival-malaga-2026.html#primaryimage\"},\"thumbnailUrl\":\"https:\\\/\\\/www.tablaosflamencos.com\\\/wp-content\\\/uploads\\\/festival-internacional-de-guitarra-pepe-romero-2026-en-malaga-programa-artistas-conciertos-flamencos-sedes-y-entradas-01.webp\",\"keywords\":[\"flamencogitaar\"],\"articleSection\":[\"Flamencofestivals\"],\"inLanguage\":\"nl-NL\"},{\"@type\":\"WebPage\",\"@id\":\"https:\\\/\\\/www.tablaosflamencos.com\\\/nl\\\/pepe-romero-gitaarfestival-malaga-2026.html\",\"url\":\"https:\\\/\\\/www.tablaosflamencos.com\\\/nl\\\/pepe-romero-gitaarfestival-malaga-2026.html\",\"name\":\"Pepe Romero Gitaarfestival M\u00e1laga 2026: programma & tickets\",\"isPartOf\":{\"@id\":\"https:\\\/\\\/www.tablaosflamencos.com\\\/nl#website\"},\"primaryImageOfPage\":{\"@id\":\"https:\\\/\\\/www.tablaosflamencos.com\\\/nl\\\/pepe-romero-gitaarfestival-malaga-2026.html#primaryimage\"},\"image\":{\"@id\":\"https:\\\/\\\/www.tablaosflamencos.com\\\/nl\\\/pepe-romero-gitaarfestival-malaga-2026.html#primaryimage\"},\"thumbnailUrl\":\"https:\\\/\\\/www.tablaosflamencos.com\\\/wp-content\\\/uploads\\\/festival-internacional-de-guitarra-pepe-romero-2026-en-malaga-programa-artistas-conciertos-flamencos-sedes-y-entradas-01.webp\",\"datePublished\":\"2026-09-06T14:39:25+00:00\",\"dateModified\":\"2026-09-06T17:32:12+00:00\",\"description\":\"Internationaal Pepe Romero Gitaarfestival 2026 in M\u00e1laga: 15 concerten, flamenco, artiesten, locaties, prijzen en tickets.\",\"breadcrumb\":{\"@id\":\"https:\\\/\\\/www.tablaosflamencos.com\\\/nl\\\/pepe-romero-gitaarfestival-malaga-2026.html#breadcrumb\"},\"inLanguage\":\"nl-NL\",\"potentialAction\":[{\"@type\":\"ReadAction\",\"target\":[\"https:\\\/\\\/www.tablaosflamencos.com\\\/nl\\\/pepe-romero-gitaarfestival-malaga-2026.html\"]}]},{\"@type\":\"ImageObject\",\"inLanguage\":\"nl-NL\",\"@id\":\"https:\\\/\\\/www.tablaosflamencos.com\\\/nl\\\/pepe-romero-gitaarfestival-malaga-2026.html#primaryimage\",\"url\":\"https:\\\/\\\/www.tablaosflamencos.com\\\/wp-content\\\/uploads\\\/festival-internacional-de-guitarra-pepe-romero-2026-en-malaga-programa-artistas-conciertos-flamencos-sedes-y-entradas-01.webp\",\"contentUrl\":\"https:\\\/\\\/www.tablaosflamencos.com\\\/wp-content\\\/uploads\\\/festival-internacional-de-guitarra-pepe-romero-2026-en-malaga-programa-artistas-conciertos-flamencos-sedes-y-entradas-01.webp\",\"width\":1672,\"height\":941,\"caption\":\"Guitarrista en concierto nocturno en M\u00e1laga para el Festival Internacional de Guitarra Pepe Romero 2026\"},{\"@type\":\"BreadcrumbList\",\"@id\":\"https:\\\/\\\/www.tablaosflamencos.com\\\/nl\\\/pepe-romero-gitaarfestival-malaga-2026.html#breadcrumb\",\"itemListElement\":[{\"@type\":\"ListItem\",\"position\":1,\"name\":\"Home\",\"item\":\"https:\\\/\\\/www.tablaosflamencos.com\\\/nl\"},{\"@type\":\"ListItem\",\"position\":2,\"name\":\"Internationaal Pepe Romero Gitaarfestival 2026 in M\u00e1laga: programma, artiesten, flamencoconcerten, locaties en tickets\"}]},{\"@type\":\"WebSite\",\"@id\":\"https:\\\/\\\/www.tablaosflamencos.com\\\/nl#website\",\"url\":\"https:\\\/\\\/www.tablaosflamencos.com\\\/nl\",\"name\":\"Tablaos Flamencos\",\"description\":\"Entradas para tablaos flamencos de Espa\u00f1a\",\"publisher\":{\"@id\":\"https:\\\/\\\/www.tablaosflamencos.com\\\/nl#organization\"},\"alternateName\":\"Tablaos Flamencos\",\"potentialAction\":[{\"@type\":\"SearchAction\",\"target\":{\"@type\":\"EntryPoint\",\"urlTemplate\":\"https:\\\/\\\/www.tablaosflamencos.com\\\/nl?s={search_term_string}\"},\"query-input\":{\"@type\":\"PropertyValueSpecification\",\"valueRequired\":true,\"valueName\":\"search_term_string\"}}],\"inLanguage\":\"nl-NL\"},{\"@type\":[\"Organization\",\"Place\",\"EntertainmentBusiness\"],\"@id\":\"https:\\\/\\\/www.tablaosflamencos.com\\\/nl#organization\",\"name\":\"Tablaos Flamencos\",\"alternateName\":\"Tablaos Flamencos\",\"url\":\"https:\\\/\\\/www.tablaosflamencos.com\\\/nl\",\"logo\":{\"@id\":\"https:\\\/\\\/www.tablaosflamencos.com\\\/nl\\\/pepe-romero-gitaarfestival-malaga-2026.html#local-main-organization-logo\"},\"image\":{\"@id\":\"https:\\\/\\\/www.tablaosflamencos.com\\\/nl\\\/pepe-romero-gitaarfestival-malaga-2026.html#local-main-organization-logo\"},\"sameAs\":[\"https:\\\/\\\/www.facebook.com\\\/tablaosflamencos\",\"https:\\\/\\\/x.com\\\/tablaosflamenco\",\"https:\\\/\\\/mastodon.social\\\/@tablaosflamencos\",\"https:\\\/\\\/www.instagram.com\\\/tablaosflamencos\",\"https:\\\/\\\/tiktok.com\\\/@tablaosflamencos\",\"https:\\\/\\\/www.linkedin.com\\\/company\\\/109408238\\\/\"],\"description\":\"Venta de entradas para espect\u00e1culos flamencos\",\"legalName\":\"Tablaos Flamencos\",\"foundingDate\":\"2015-01-01\",\"numberOfEmployees\":{\"@type\":\"QuantitativeValue\",\"minValue\":\"1\",\"maxValue\":\"10\"},\"address\":{\"@id\":\"https:\\\/\\\/www.tablaosflamencos.com\\\/nl\\\/pepe-romero-gitaarfestival-malaga-2026.html#local-main-place-address\"},\"geo\":{\"@type\":\"GeoCoordinates\",\"latitude\":\"37.3868072\",\"longitude\":\"-5.993280299999999\"},\"telephone\":[\"+34623787787\"],\"contactPoint\":{\"@type\":\"ContactPoint\",\"telephone\":\"+34623787787\",\"email\":\"info@tablaosflamencos.com\"},\"openingHoursSpecification\":{\"@type\":\"OpeningHoursSpecification\",\"dayOfWeek\":[\"Monday\",\"Tuesday\",\"Wednesday\",\"Thursday\",\"Friday\",\"Saturday\",\"Sunday\"],\"opens\":\"00:00\",\"closes\":\"23:59\"},\"email\":\"info@tablaosflamencos.com\",\"priceRange\":\"$$$\",\"currenciesAccepted\":\"\u20ac\"},{\"@type\":\"Person\",\"@id\":\"https:\\\/\\\/www.tablaosflamencos.com\\\/nl#\\\/schema\\\/person\\\/e7a9ebe14eb75a52ceabfbffb3c54f5d\",\"name\":\"Miguel Ortiz\",\"description\":\"Miguel Ortiz es un empresario flamenco, con una s\u00f3lida trayectoria dentro del sector. Ha presidido entidades culturales vinculadas al flamenco y, cuenta con un amplio recorrido profesional en la gesti\u00f3n y promoci\u00f3n de espect\u00e1culos y tablaos flamencos. Su pasi\u00f3n por la historia y el arte flamenco se refleja en cada art\u00edculo, donde combina experiencia, criterio y un profundo respeto por la tradici\u00f3n.\",\"sameAs\":[\"https:\\\/\\\/www.tablaosflamencos.com\",\"https:\\\/\\\/www.instagra.com\\\/miguelortizfe\",\"https:\\\/\\\/www.linkedin.com\\\/in\\\/miguelortizf\\\/\"],\"birthDate\":\"1984-11-22\",\"gender\":\"hombre\",\"knowsLanguage\":[\"espa\u00f1ol\",\"ingl\u00e9s\"],\"jobTitle\":\"Empresario flamenco\"},{\"@type\":\"PostalAddress\",\"@id\":\"https:\\\/\\\/www.tablaosflamencos.com\\\/nl\\\/pepe-romero-gitaarfestival-malaga-2026.html#local-main-place-address\",\"streetAddress\":\"C\\\/ Alemanes, 19\",\"addressLocality\":\"Sevilla\",\"postalCode\":\"41004\",\"addressRegion\":\"Sevilla\",\"addressCountry\":\"ES\"},{\"@type\":\"ImageObject\",\"inLanguage\":\"nl-NL\",\"@id\":\"https:\\\/\\\/www.tablaosflamencos.com\\\/nl\\\/pepe-romero-gitaarfestival-malaga-2026.html#local-main-organization-logo\",\"url\":\"https:\\\/\\\/www.tablaosflamencos.com\\\/wp-content\\\/uploads\\\/tablaos-flamencos-06-3.webp\",\"contentUrl\":\"https:\\\/\\\/www.tablaosflamencos.com\\\/wp-content\\\/uploads\\\/tablaos-flamencos-06-3.webp\",\"width\":600,\"height\":620,\"caption\":\"Tablaos Flamencos\"}]}<\/script>\n<meta name=\"geo.placename\" content=\"Sevilla\" \/>\n<meta name=\"geo.position\" content=\"37.3868072;-5.993280299999999\" \/>\n<meta name=\"geo.region\" content=\"Spanje\" \/>\n<!-- \/ Yoast SEO Premium plugin. -->","yoast_head_json":{"title":"Pepe Romero Gitaarfestival M\u00e1laga 2026: programma & tickets","description":"Internationaal Pepe Romero Gitaarfestival 2026 in M\u00e1laga: 15 concerten, flamenco, artiesten, locaties, prijzen en tickets.","robots":{"index":"index","follow":"follow","max-snippet":"max-snippet:-1","max-image-preview":"max-image-preview:large","max-video-preview":"max-video-preview:-1"},"canonical":"https:\/\/www.tablaosflamencos.com\/nl\/pepe-romero-gitaarfestival-malaga-2026.html","og_locale":"nl_NL","og_type":"article","og_title":"Internationaal Pepe Romero Gitaarfestival 2026 in M\u00e1laga: programma, artiesten, flamencoconcerten, locaties en tickets","og_description":"Internationaal Pepe Romero Gitaarfestival 2026 in M\u00e1laga: 15 concerten, flamenco, artiesten, locaties, prijzen en tickets.","og_url":"https:\/\/www.tablaosflamencos.com\/nl\/pepe-romero-gitaarfestival-malaga-2026.html","og_site_name":"Tablaos Flamencos","article_publisher":"https:\/\/www.facebook.com\/tablaosflamencos","article_published_time":"2026-09-06T14:39:25+00:00","article_modified_time":"2026-09-06T17:32:12+00:00","og_image":[{"width":1672,"height":941,"url":"https:\/\/www.tablaosflamencos.com\/wp-content\/uploads\/festival-internacional-de-guitarra-pepe-romero-2026-en-malaga-programa-artistas-conciertos-flamencos-sedes-y-entradas-01.webp","type":"image\/webp"}],"author":"Miguel Ortiz","twitter_card":"summary_large_image","twitter_creator":"@tablaosflamenco","twitter_site":"@tablaosflamenco","twitter_misc":{"Geschreven door":"Miguel Ortiz","Geschatte leestijd":"18 minuten"},"schema":{"@context":"https:\/\/schema.org","@graph":[{"@type":"Article","@id":"https:\/\/www.tablaosflamencos.com\/nl\/pepe-romero-gitaarfestival-malaga-2026.html#article","isPartOf":{"@id":"https:\/\/www.tablaosflamencos.com\/nl\/pepe-romero-gitaarfestival-malaga-2026.html"},"author":{"name":"Miguel Ortiz","@id":"https:\/\/www.tablaosflamencos.com\/nl#\/schema\/person\/e7a9ebe14eb75a52ceabfbffb3c54f5d"},"headline":"Internationaal Pepe Romero Gitaarfestival 2026 in M\u00e1laga: programma, artiesten, flamencoconcerten, locaties en tickets","datePublished":"2026-09-06T14:39:25+00:00","dateModified":"2026-09-06T17:32:12+00:00","mainEntityOfPage":{"@id":"https:\/\/www.tablaosflamencos.com\/nl\/pepe-romero-gitaarfestival-malaga-2026.html"},"wordCount":3649,"publisher":{"@id":"https:\/\/www.tablaosflamencos.com\/nl#organization"},"image":{"@id":"https:\/\/www.tablaosflamencos.com\/nl\/pepe-romero-gitaarfestival-malaga-2026.html#primaryimage"},"thumbnailUrl":"https:\/\/www.tablaosflamencos.com\/wp-content\/uploads\/festival-internacional-de-guitarra-pepe-romero-2026-en-malaga-programa-artistas-conciertos-flamencos-sedes-y-entradas-01.webp","keywords":["flamencogitaar"],"articleSection":["Flamencofestivals"],"inLanguage":"nl-NL"},{"@type":"WebPage","@id":"https:\/\/www.tablaosflamencos.com\/nl\/pepe-romero-gitaarfestival-malaga-2026.html","url":"https:\/\/www.tablaosflamencos.com\/nl\/pepe-romero-gitaarfestival-malaga-2026.html","name":"Pepe Romero Gitaarfestival M\u00e1laga 2026: programma & tickets","isPartOf":{"@id":"https:\/\/www.tablaosflamencos.com\/nl#website"},"primaryImageOfPage":{"@id":"https:\/\/www.tablaosflamencos.com\/nl\/pepe-romero-gitaarfestival-malaga-2026.html#primaryimage"},"image":{"@id":"https:\/\/www.tablaosflamencos.com\/nl\/pepe-romero-gitaarfestival-malaga-2026.html#primaryimage"},"thumbnailUrl":"https:\/\/www.tablaosflamencos.com\/wp-content\/uploads\/festival-internacional-de-guitarra-pepe-romero-2026-en-malaga-programa-artistas-conciertos-flamencos-sedes-y-entradas-01.webp","datePublished":"2026-09-06T14:39:25+00:00","dateModified":"2026-09-06T17:32:12+00:00","description":"Internationaal Pepe Romero Gitaarfestival 2026 in M\u00e1laga: 15 concerten, flamenco, artiesten, locaties, prijzen en tickets.","breadcrumb":{"@id":"https:\/\/www.tablaosflamencos.com\/nl\/pepe-romero-gitaarfestival-malaga-2026.html#breadcrumb"},"inLanguage":"nl-NL","potentialAction":[{"@type":"ReadAction","target":["https:\/\/www.tablaosflamencos.com\/nl\/pepe-romero-gitaarfestival-malaga-2026.html"]}]},{"@type":"ImageObject","inLanguage":"nl-NL","@id":"https:\/\/www.tablaosflamencos.com\/nl\/pepe-romero-gitaarfestival-malaga-2026.html#primaryimage","url":"https:\/\/www.tablaosflamencos.com\/wp-content\/uploads\/festival-internacional-de-guitarra-pepe-romero-2026-en-malaga-programa-artistas-conciertos-flamencos-sedes-y-entradas-01.webp","contentUrl":"https:\/\/www.tablaosflamencos.com\/wp-content\/uploads\/festival-internacional-de-guitarra-pepe-romero-2026-en-malaga-programa-artistas-conciertos-flamencos-sedes-y-entradas-01.webp","width":1672,"height":941,"caption":"Guitarrista en concierto nocturno en M\u00e1laga para el Festival Internacional de Guitarra Pepe Romero 2026"},{"@type":"BreadcrumbList","@id":"https:\/\/www.tablaosflamencos.com\/nl\/pepe-romero-gitaarfestival-malaga-2026.html#breadcrumb","itemListElement":[{"@type":"ListItem","position":1,"name":"Home","item":"https:\/\/www.tablaosflamencos.com\/nl"},{"@type":"ListItem","position":2,"name":"Internationaal Pepe Romero Gitaarfestival 2026 in M\u00e1laga: programma, artiesten, flamencoconcerten, locaties en tickets"}]},{"@type":"WebSite","@id":"https:\/\/www.tablaosflamencos.com\/nl#website","url":"https:\/\/www.tablaosflamencos.com\/nl","name":"Tablaos Flamencos","description":"Entradas para tablaos flamencos de Espa\u00f1a","publisher":{"@id":"https:\/\/www.tablaosflamencos.com\/nl#organization"},"alternateName":"Tablaos Flamencos","potentialAction":[{"@type":"SearchAction","target":{"@type":"EntryPoint","urlTemplate":"https:\/\/www.tablaosflamencos.com\/nl?s={search_term_string}"},"query-input":{"@type":"PropertyValueSpecification","valueRequired":true,"valueName":"search_term_string"}}],"inLanguage":"nl-NL"},{"@type":["Organization","Place","EntertainmentBusiness"],"@id":"https:\/\/www.tablaosflamencos.com\/nl#organization","name":"Tablaos Flamencos","alternateName":"Tablaos Flamencos","url":"https:\/\/www.tablaosflamencos.com\/nl","logo":{"@id":"https:\/\/www.tablaosflamencos.com\/nl\/pepe-romero-gitaarfestival-malaga-2026.html#local-main-organization-logo"},"image":{"@id":"https:\/\/www.tablaosflamencos.com\/nl\/pepe-romero-gitaarfestival-malaga-2026.html#local-main-organization-logo"},"sameAs":["https:\/\/www.facebook.com\/tablaosflamencos","https:\/\/x.com\/tablaosflamenco","https:\/\/mastodon.social\/@tablaosflamencos","https:\/\/www.instagram.com\/tablaosflamencos","https:\/\/tiktok.com\/@tablaosflamencos","https:\/\/www.linkedin.com\/company\/109408238\/"],"description":"Venta de entradas para espect\u00e1culos flamencos","legalName":"Tablaos Flamencos","foundingDate":"2015-01-01","numberOfEmployees":{"@type":"QuantitativeValue","minValue":"1","maxValue":"10"},"address":{"@id":"https:\/\/www.tablaosflamencos.com\/nl\/pepe-romero-gitaarfestival-malaga-2026.html#local-main-place-address"},"geo":{"@type":"GeoCoordinates","latitude":"37.3868072","longitude":"-5.993280299999999"},"telephone":["+34623787787"],"contactPoint":{"@type":"ContactPoint","telephone":"+34623787787","email":"info@tablaosflamencos.com"},"openingHoursSpecification":{"@type":"OpeningHoursSpecification","dayOfWeek":["Monday","Tuesday","Wednesday","Thursday","Friday","Saturday","Sunday"],"opens":"00:00","closes":"23:59"},"email":"info@tablaosflamencos.com","priceRange":"$$$","currenciesAccepted":"\u20ac"},{"@type":"Person","@id":"https:\/\/www.tablaosflamencos.com\/nl#\/schema\/person\/e7a9ebe14eb75a52ceabfbffb3c54f5d","name":"Miguel Ortiz","description":"Miguel Ortiz es un empresario flamenco, con una s\u00f3lida trayectoria dentro del sector. Ha presidido entidades culturales vinculadas al flamenco y, cuenta con un amplio recorrido profesional en la gesti\u00f3n y promoci\u00f3n de espect\u00e1culos y tablaos flamencos. Su pasi\u00f3n por la historia y el arte flamenco se refleja en cada art\u00edculo, donde combina experiencia, criterio y un profundo respeto por la tradici\u00f3n.","sameAs":["https:\/\/www.tablaosflamencos.com","https:\/\/www.instagra.com\/miguelortizfe","https:\/\/www.linkedin.com\/in\/miguelortizf\/"],"birthDate":"1984-11-22","gender":"hombre","knowsLanguage":["espa\u00f1ol","ingl\u00e9s"],"jobTitle":"Empresario flamenco"},{"@type":"PostalAddress","@id":"https:\/\/www.tablaosflamencos.com\/nl\/pepe-romero-gitaarfestival-malaga-2026.html#local-main-place-address","streetAddress":"C\/ Alemanes, 19","addressLocality":"Sevilla","postalCode":"41004","addressRegion":"Sevilla","addressCountry":"ES"},{"@type":"ImageObject","inLanguage":"nl-NL","@id":"https:\/\/www.tablaosflamencos.com\/nl\/pepe-romero-gitaarfestival-malaga-2026.html#local-main-organization-logo","url":"https:\/\/www.tablaosflamencos.com\/wp-content\/uploads\/tablaos-flamencos-06-3.webp","contentUrl":"https:\/\/www.tablaosflamencos.com\/wp-content\/uploads\/tablaos-flamencos-06-3.webp","width":600,"height":620,"caption":"Tablaos Flamencos"}]},"geo.placename":"Sevilla","geo.position":{"lat":"37.3868072","long":"-5.993280299999999"},"geo.region":"Spanje"},"_links":{"self":[{"href":"https:\/\/www.tablaosflamencos.com\/nl\/wp-json\/wp\/v2\/posts\/15112","targetHints":{"allow":["GET"]}}],"collection":[{"href":"https:\/\/www.tablaosflamencos.com\/nl\/wp-json\/wp\/v2\/posts"}],"about":[{"href":"https:\/\/www.tablaosflamencos.com\/nl\/wp-json\/wp\/v2\/types\/post"}],"author":[{"embeddable":true,"href":"https:\/\/www.tablaosflamencos.com\/nl\/wp-json\/wp\/v2\/users\/1"}],"replies":[{"embeddable":true,"href":"https:\/\/www.tablaosflamencos.com\/nl\/wp-json\/wp\/v2\/comments?post=15112"}],"version-history":[{"count":1,"href":"https:\/\/www.tablaosflamencos.com\/nl\/wp-json\/wp\/v2\/posts\/15112\/revisions"}],"predecessor-version":[{"id":15129,"href":"https:\/\/www.tablaosflamencos.com\/nl\/wp-json\/wp\/v2\/posts\/15112\/revisions\/15129"}],"wp:featuredmedia":[{"embeddable":true,"href":"https:\/\/www.tablaosflamencos.com\/nl\/wp-json\/wp\/v2\/media\/14939"}],"wp:attachment":[{"href":"https:\/\/www.tablaosflamencos.com\/nl\/wp-json\/wp\/v2\/media?parent=15112"}],"wp:term":[{"taxonomy":"category","embeddable":true,"href":"https:\/\/www.tablaosflamencos.com\/nl\/wp-json\/wp\/v2\/categories?post=15112"},{"taxonomy":"post_tag","embeddable":true,"href":"https:\/\/www.tablaosflamencos.com\/nl\/wp-json\/wp\/v2\/tags?post=15112"}],"curies":[{"name":"wp","href":"https:\/\/api.w.org\/{rel}","templated":true}]}}