{"id":15108,"date":"2026-09-06T16:35:39","date_gmt":"2026-09-06T14:35:39","guid":{"rendered":"https:\/\/www.tablaosflamencos.com\/?p=15108"},"modified":"2026-09-06T17:04:51","modified_gmt":"2026-09-06T15:04:51","slug":"ontwikkelruimte-flamencobiennale-sevilla-2026","status":"publish","type":"post","link":"https:\/\/www.tablaosflamencos.com\/nl\/ontwikkelruimte-flamencobiennale-sevilla-2026.html","title":{"rendered":"Ontwikkelruimte van de Flamencobi\u00ebnnale 2026: \u201cOok het onzichtbare is flamenco\u201d"},"content":{"rendered":"<section class=\"l-section wpb_row height_huge\"><div class=\"l-section-h i-cf\"><div class=\"g-cols vc_row via_flex valign_top type_default stacking_default\"><div class=\"vc_col-sm-12 wpb_column vc_column_container\"><div class=\"vc_column-inner\"><div class=\"wpb_wrapper\"><div class=\"wpb_text_column\"><div class=\"wpb_wrapper\"><p>De 24e Flamencobi\u00ebnnale van Sevilla wil dat het publiek niet alleen het eindresultaat op het podium ziet. Onder het motto <strong>\u201cOok het onzichtbare is flamenco\u201d<\/strong> heeft de editie van 2026 een <strong>Ontwikkelruimte<\/strong> gecre\u00eberd die een deel toont van het werk dat normaal buiten het zicht van de toeschouwer blijft: repetities, zoektochten, tests, beslissingen, gesprekken en creatieve processen van enkele deelnemende artiesten.<\/p>\n<p>De installatie begon haar route door Sevilla op 3 september en deed Triana, Nervi\u00f3n en de omgeving van Calle Feria aan. <strong>Sinds zaterdag 5 september 2026 staat zij in de Real F\u00e1brica de Artiller\u00eda<\/strong>, een van de locaties van de Bi\u00ebnnale, waar het verhaal verdergaat met foto\u2019s, geluidsmateriaal, interviews en podcasts. Het is bovendien een van de interessantste manieren om de Bi\u00ebnnale te begrijpen buiten het programma van voorstellingen om.<\/p>\n<\/div><\/div><\/div><\/div><\/div><\/div><\/div><\/section><section class=\"l-section wpb_row height_huge color_alternate with_shape\"><div class=\"l-section-shape type_zigzag pos_top hor_flip\" style=\"height:3vmin;\"><svg xmlns=\"http:\/\/www.w3.org\/2000\/svg\" viewBox=\"0 0 64 8\" preserveAspectRatio=\"none\" width=\"100%\" height=\"100%\">\r\n\t<path fill=\"currentColor\" d=\"M64 8 L0 8 L0 0 L20 7.9 L40 3 L48 5 L64 0 Z\"\/>\r\n<\/svg><\/div><div class=\"l-section-shape type_zigzag pos_bottom\" style=\"height:3vmin;\"><svg xmlns=\"http:\/\/www.w3.org\/2000\/svg\" viewBox=\"0 0 64 8\" preserveAspectRatio=\"none\" width=\"100%\" height=\"100%\">\r\n\t<path fill=\"currentColor\" d=\"M64 8 L0 8 L0 0 L20 7.9 L40 3 L48 5 L64 0 Z\"\/>\r\n<\/svg><\/div><div class=\"l-section-h i-cf\"><div class=\"g-cols vc_row via_flex valign_top type_default stacking_default\"><div class=\"vc_col-sm-12 wpb_column vc_column_container\"><div class=\"vc_column-inner\"><div class=\"wpb_wrapper\"><div class=\"wpb_text_column\"><div class=\"wpb_wrapper\"><blockquote>\n<p><strong>Kort antwoord:<\/strong> de Ontwikkelruimte is een visuele en auditieve installatie van de Flamencobi\u00ebnnale van Sevilla 2026 waarmee bezoekers kunnen ontdekken hoe artiesten werken voordat ze het podium bereiken. Na verschillende wijken van Sevilla te hebben aangedaan, bevindt de installatie zich sinds 5 september in de <strong>Real F\u00e1brica de Artiller\u00eda<\/strong>. De organisatie heeft vooralsnog geen afzonderlijke openingstijden voor de ruimte gepubliceerd. Controleer daarom v\u00f3\u00f3r uw bezoek de offici\u00eble informatie van de locatie.<\/p>\n<\/blockquote>\n<\/div><\/div><\/div><\/div><\/div><\/div><\/div><\/section><section class=\"l-section wpb_row height_huge\"><div class=\"l-section-h i-cf\"><div class=\"g-cols vc_row via_flex valign_top type_default stacking_default\"><div class=\"vc_col-sm-12 wpb_column vc_column_container\"><div class=\"vc_column-inner\"><div class=\"wpb_wrapper\"><div class=\"wpb_text_column\"><div class=\"wpb_wrapper\"><h2>Wat is de Ontwikkelruimte van de Bi\u00ebnnale 2026?<\/h2>\n<p>De Ontwikkelruimte is een tentoonstellings- en ervaringsinstallatie bedacht door <strong>Surnames en La Ejecutora<\/strong> voor de 24e Flamencobi\u00ebnnale van Sevilla. Het doel is eenvoudig uit te leggen, maar ongebruikelijk voor een festival: het publiek laten zien wat er gebeurt <em>v\u00f3\u00f3r<\/em> een werk voltooid is.<\/p>\n<p>Normaal leren we een voorstelling kennen wanneer die in het theater arriveert. We zien de voltooide choreografie, horen de reeds geordende muziek en wonen een productie bij waar vele weken of maanden werk aan voorafgingen. Repetities, twijfels, verworpen idee\u00ebn, onverwachte ontdekkingen en de manier waarop iedere artiest zijn of haar taal ontwikkelt, blijven meestal verborgen.<\/p>\n<p>De Bi\u00ebnnale maakt dat proces onderdeel van het verhaal van 2026. De installatie verwijst bewust naar een <strong>fotografische donkere kamer<\/strong>: zoals een beeld langzaam op papier verschijnt, probeert de ruimte werk zichtbaar te maken dat er al was, ook al kon het publiek het nog niet zien.<\/p>\n<p>Dit idee sluit direct aan bij het algemene concept van de editie. De Bi\u00ebnnale presenteert zich niet alleen als de weken waarin Sevilla tientallen voorstellingen bijeenbrengt, maar als het resultaat van een artistiek en menselijk netwerk dat het hele jaar door werkt. De installatie nodigt daarom uit om flamenco niet alleen als voorstelling te bekijken, maar ook als onderzoek, vakmanschap en creatief proces.<\/p>\n<\/div><\/div><\/div><\/div><\/div><\/div><\/div><\/section><section class=\"l-section wpb_row height_huge color_alternate with_shape\"><div class=\"l-section-shape type_zigzag pos_top hor_flip\" style=\"height:3vmin;\"><svg xmlns=\"http:\/\/www.w3.org\/2000\/svg\" viewBox=\"0 0 64 8\" preserveAspectRatio=\"none\" width=\"100%\" height=\"100%\">\r\n\t<path fill=\"currentColor\" d=\"M64 8 L0 8 L0 0 L20 7.9 L40 3 L48 5 L64 0 Z\"\/>\r\n<\/svg><\/div><div class=\"l-section-shape type_zigzag pos_bottom\" style=\"height:3vmin;\"><svg xmlns=\"http:\/\/www.w3.org\/2000\/svg\" viewBox=\"0 0 64 8\" preserveAspectRatio=\"none\" width=\"100%\" height=\"100%\">\r\n\t<path fill=\"currentColor\" d=\"M64 8 L0 8 L0 0 L20 7.9 L40 3 L48 5 L64 0 Z\"\/>\r\n<\/svg><\/div><div class=\"l-section-h i-cf\"><div class=\"g-cols vc_row via_flex valign_top type_default stacking_default\"><div class=\"vc_col-sm-12 wpb_column vc_column_container\"><div class=\"vc_column-inner\"><div class=\"wpb_wrapper\"><div class=\"wpb_text_column\"><div class=\"wpb_wrapper\"><h2>Waar de Ontwikkelruimte is: route door Sevilla en huidige locatie<\/h2>\n<p>De installatie werd opgezet als een rondreizend project en begon al v\u00f3\u00f3r de offici\u00eble start van de Bi\u00ebnnale door de stad te trekken. Het podiumprogramma van de Bi\u00ebnnale loopt van 9 september tot 3 oktober.<\/p>\n<ul>\n<li><strong>3 september:<\/strong> presentatie in Calle San Jacinto, in Triana.<\/li>\n<li><strong>4 september, 12.00 uur:<\/strong> Calle Enramadilla, in de zone El Prado\/Nervi\u00f3n.<\/li>\n<li><strong>4 september, 18.30 uur:<\/strong> Plaza Calder\u00f3n de la Barca, naast het Palacio de los Marqueses de la Algaba en in de omgeving van Calle Feria.<\/li>\n<li><strong>Vanaf 5 september:<\/strong> <strong>Real F\u00e1brica de Artiller\u00eda<\/strong>, het eindpunt van de rondreizende route.<\/li>\n<\/ul>\n<p>Door voor deze locaties te kiezen, verlaat het initiatief het puur theatrale circuit en ontmoet het bewoners en bezoekers in verschillende delen van Sevilla. De laatste etappe is extra interessant: de Real F\u00e1brica de Artiller\u00eda is een van de belangrijkste locaties van de Bi\u00ebnnale 2026 en huisvest ook andere culturele activiteiten.<\/p>\n<p>Als u speciaal voor de installatie komt, houd er dan rekening mee dat de tot nu toe gepubliceerde offici\u00eble informatie <strong>geen eigen, afzonderlijke openingstijden voor de Ontwikkelruimte vermeldt<\/strong>. Wij raden aan om op de dag van uw bezoek de laatste updates van de Bi\u00ebnnale en de toegangsvoorwaarden van de Real F\u00e1brica de Artiller\u00eda te controleren.<\/p>\n<\/div><\/div><\/div><\/div><\/div><\/div><\/div><\/section><section class=\"l-section wpb_row height_huge\"><div class=\"l-section-h i-cf\"><div class=\"g-cols vc_row via_flex valign_top type_default stacking_default\"><div class=\"vc_col-sm-12 wpb_column vc_column_container\"><div class=\"vc_column-inner\"><div class=\"wpb_wrapper\"><div class=\"wpb_text_column\"><div class=\"wpb_wrapper\"><h2>Wat u kunt zien en horen<\/h2>\n<p>De ervaring combineert verschillende lagen. Het is niet simpelweg een fototentoonstelling. De installatie is zo ontworpen dat bezoekers stap voor stap ontdekken wat er in de werkruimtes van de artiesten gebeurt.<\/p>\n<h3>Foto\u2019s van de creatieve processen<\/h3>\n<p>Een essentieel onderdeel van het project bestaat uit de beelden van fotograaf <strong>Laura Le\u00f3n<\/strong>, die verschillende artiesten van de Bi\u00ebnnale heeft gevolgd in studio\u2019s en repetitieruimtes. Haar camera documenteert momenten van zoeken, herhalen, concentreren en overleggen die normaal verdwijnen zodra een werk in zijn voltooide vorm op het podium staat.<\/p>\n<p>Ook de architectuur van de installatie speelt met het idee van kijken en ontdekken. Van buitenaf kan men door kijkopeningen naar binnen gluren, terwijl een bezoek aan het interieur meer verdieping biedt. Het resultaat wordt niet in \u00e9\u00e9n keer prijsgegeven: de bezoeker \u201contwikkelt\u201d het geleidelijk.<\/p>\n<h3>Stemmen, interviews en podcasts<\/h3>\n<p>De installatie voegt de stemmen van de hoofdpersonen toe via interviews en podcasts die speciaal voor het initiatief zijn gemaakt. Dat is bijzonder interessant, omdat bezoekers artiesten kunnen horen vertellen hoe zij beslissingen nemen, wat zij onderzoeken, wat er tijdens repetities verandert en welke onderdelen van een creatie uiteindelijk essentieel worden of juist worden geschrapt.<\/p>\n<p>Voor wie het programma van de <a href=\"https:\/\/www.tablaosflamencos.com\/bienal-flamenco-sevilla\">Flamencobi\u00ebnnale van Sevilla<\/a> volgt, bieden deze getuigenissen context die de latere kijk op de voorstellingen kan veranderen. Wie het voorafgaande traject kent, begrijpt beter waarom een werk een bepaalde structuur, klank of manier van verbinden tussen dans, zang en muziek heeft.<\/p>\n<\/div><\/div><\/div><\/div><\/div><\/div><\/div><\/section><section class=\"l-section wpb_row height_huge color_alternate with_shape\"><div class=\"l-section-shape type_zigzag pos_top hor_flip\" style=\"height:3vmin;\"><svg xmlns=\"http:\/\/www.w3.org\/2000\/svg\" viewBox=\"0 0 64 8\" preserveAspectRatio=\"none\" width=\"100%\" height=\"100%\">\r\n\t<path fill=\"currentColor\" d=\"M64 8 L0 8 L0 0 L20 7.9 L40 3 L48 5 L64 0 Z\"\/>\r\n<\/svg><\/div><div class=\"l-section-shape type_zigzag pos_bottom\" style=\"height:3vmin;\"><svg xmlns=\"http:\/\/www.w3.org\/2000\/svg\" viewBox=\"0 0 64 8\" preserveAspectRatio=\"none\" width=\"100%\" height=\"100%\">\r\n\t<path fill=\"currentColor\" d=\"M64 8 L0 8 L0 0 L20 7.9 L40 3 L48 5 L64 0 Z\"\/>\r\n<\/svg><\/div><div class=\"l-section-h i-cf\"><div class=\"g-cols vc_row via_flex valign_top type_default stacking_default\"><div class=\"vc_col-sm-12 wpb_column vc_column_container\"><div class=\"vc_column-inner\"><div class=\"wpb_wrapper\"><div class=\"wpb_text_column\"><div class=\"wpb_wrapper\"><h2>Welke artiesten deelnemen aan \u201cOok het onzichtbare is flamenco\u201d<\/h2>\n<p>Voor dit project heeft de Bi\u00ebnnale artiesten uit verschillende generaties en disciplines samengebracht. Tot de door de organisatie genoemde namen behoren:<\/p>\n<ul>\n<li><strong>Patricia Guerrero<\/strong> en het Ballet Flamenco de Andaluc\u00eda.<\/li>\n<li><strong>Manuel Li\u00f1\u00e1n<\/strong>.<\/li>\n<li><strong>Ana Morales<\/strong>.<\/li>\n<li><strong>Andr\u00e9s Mar\u00edn<\/strong>.<\/li>\n<li><strong>David Coria<\/strong>.<\/li>\n<li><strong>Juan Tom\u00e1s de la Mol\u00eda<\/strong>.<\/li>\n<li><strong>\u00c1gueda Saavedra<\/strong>.<\/li>\n<li><strong>Rosario La Tremendita<\/strong>.<\/li>\n<li><strong>Encarna Anillo<\/strong>.<\/li>\n<li><strong>Rafael Riqueni<\/strong>.<\/li>\n<li>Saxofonist <strong>Tim Ries<\/strong>.<\/li>\n<li>Het <strong>Real Orquesta Sinf\u00f3nica de Sevilla (ROSS)<\/strong>.<\/li>\n<\/ul>\n<p>De aanwezigheid van zulke verschillende profielen is een van de sterke punten van de ruimte. Ze laat zien dat er niet \u00e9\u00e9n manier bestaat om flamenco te cre\u00ebren. Een danser, zangeres, gitarist, gezelschap of orkest werkt met andere middelen en tijdschema\u2019s. Juist daarom is het interessant te zien wat zij delen: herhaling, luisteren, onderzoek, herinnering, intu\u00eftie en een voortdurend proces van verandering.<\/p>\n<p>In de eerste communicatie van de Bi\u00ebnnale werd ook <strong>Marina Heredia<\/strong> genoemd, hoewel haar deelname in die eerste aankondiging nog als niet bevestigd stond vermeld. Wij behouden deze nuance totdat de organisatie dit punt definitief bijwerkt.<\/p>\n<\/div><\/div><\/div><\/div><\/div><\/div><\/div><\/section><section class=\"l-section wpb_row height_huge\"><div class=\"l-section-h i-cf\"><div class=\"g-cols vc_row via_flex valign_top type_default stacking_default\"><div class=\"vc_col-sm-12 wpb_column vc_column_container\"><div class=\"vc_column-inner\"><div class=\"wpb_wrapper\"><div class=\"wpb_text_column\"><div class=\"wpb_wrapper\"><h2>Laura Le\u00f3n: fotografie als toegang tot de repetitie<\/h2>\n<p>De keuze voor Laura Le\u00f3n is geen detail. De fotograaf heeft een lange documentaire carri\u00e8re en werkte samen met nationale en internationale media zoals <em>The New York Times<\/em>, <em>Time<\/em>, <em>Der Spiegel<\/em>, <em>The Guardian<\/em> en <em>El Pa\u00eds Semanal<\/em>. De Bi\u00ebnnale heeft haar in een bijzondere positie geplaatst: niet de voltooide voorstelling fotograferen, maar juist binnengaan in de ruimtes waar die tot stand komt.<\/p>\n<p>Die verandering van perspectief verandert ook de aard van de beelden. Een repetitie is niet bedoeld om door publiek te worden bekeken. Er zijn momenten van concentratie, pauzes, gesprekken en herhalingen die geen deel uitmaken van de uiteindelijke sc\u00e8ne, maar er veel over vertellen. De Ontwikkelruimte maakt van deze beelden een herinnering aan het proces en niet slechts promotiemateriaal.<\/p>\n<p>Voor een editie die benadrukt dat \u201cook het onzichtbare flamenco is\u201d, is documentaire fotografie een bijzonder passend middel: ze legt iets vast dat normaal verdwijnt zodra een repetitie eindigt en maakt het mogelijk dat de toeschouwer het later alsnog kan zien.<\/p>\n<\/div><\/div><\/div><\/div><\/div><\/div><\/div><\/section><section class=\"l-section wpb_row height_huge color_alternate with_shape\"><div class=\"l-section-shape type_zigzag pos_top hor_flip\" style=\"height:3vmin;\"><svg xmlns=\"http:\/\/www.w3.org\/2000\/svg\" viewBox=\"0 0 64 8\" preserveAspectRatio=\"none\" width=\"100%\" height=\"100%\">\r\n\t<path fill=\"currentColor\" d=\"M64 8 L0 8 L0 0 L20 7.9 L40 3 L48 5 L64 0 Z\"\/>\r\n<\/svg><\/div><div class=\"l-section-shape type_zigzag pos_bottom\" style=\"height:3vmin;\"><svg xmlns=\"http:\/\/www.w3.org\/2000\/svg\" viewBox=\"0 0 64 8\" preserveAspectRatio=\"none\" width=\"100%\" height=\"100%\">\r\n\t<path fill=\"currentColor\" d=\"M64 8 L0 8 L0 0 L20 7.9 L40 3 L48 5 L64 0 Z\"\/>\r\n<\/svg><\/div><div class=\"l-section-h i-cf\"><div class=\"g-cols vc_row via_flex valign_top type_default stacking_default\"><div class=\"vc_col-sm-12 wpb_column vc_column_container\"><div class=\"vc_column-inner\"><div class=\"wpb_wrapper\"><div class=\"wpb_text_column\"><div class=\"wpb_wrapper\"><h2>De Bi\u00ebnnale wordt ook online zichtbaar<\/h2>\n<p>Het project eindigt niet bij de fysieke installatie. De Bi\u00ebnnale heeft ook het digitale platform <a href=\"https:\/\/labienalserevela.com\/\" target=\"_blank\" rel=\"noopener\">La Bienal se revela<\/a> gecre\u00eberd, dat de offici\u00eble website aanvult en interviews, reportages, galerijen, audio, podcasts en video\u2019s samenbrengt over creatieve processen en activiteiten rond de editie van 2026.<\/p>\n<p>Zo kan het project ook worden gevolgd door mensen die Sevilla in die periode niet kunnen bezoeken. Bovenal verlengt het de documentaire waarde van het initiatief: repetities en getuigenissen zijn niet langer vluchtige momenten, maar worden een archief waarnaar men kan terugkeren.<\/p>\n<p>Het project past bij een bijzonder interessante ontwikkeling binnen de hedendaagse flamenco: niet alleen het eindwerk documenteren, maar ook het onderzoek dat eraan voorafgaat. Voor liefhebbers, studenten en professionals kan dit zeer waardevol zijn, omdat creatieve beslissingen zichtbaar worden die zelden in programmaboekjes of gewone promotie-interviews terechtkomen.<\/p>\n<\/div><\/div><\/div><\/div><\/div><\/div><\/div><\/section><section class=\"l-section wpb_row height_huge\"><div class=\"l-section-h i-cf\"><div class=\"g-cols vc_row via_flex valign_top type_default stacking_default\"><div class=\"vc_col-sm-12 wpb_column vc_column_container\"><div class=\"vc_column-inner\"><div class=\"wpb_wrapper\"><div class=\"wpb_text_column\"><div class=\"wpb_wrapper\"><h2>Een participatieve ervaring: de ticketverloting van de Bi\u00ebnnale<\/h2>\n<p>Tijdens de route van de ruimte werd de installatie begeleid door flamencoperformer <strong>Noem\u00ed Mart\u00ednez Chico<\/strong>, gespecialiseerd in interventies op onconventionele locaties, die het publiek uitnodigde om voor de camera \u201czijn meest flamenco-kant te onthullen\u201d.<\/p>\n<p>De Bi\u00ebnnale heeft deze deelname gekoppeld aan een <strong>verloting van tickets voor haar voorstellingen<\/strong>. Volgens de door de organisatie gedeelde instructies kunnen deelnemers ter plaatse meedoen aan de verloting. Er is ook een mogelijkheid om via sociale media deel te nemen door <strong>@labienaldeflamenco<\/strong>  te taggen en de door de Bi\u00ebnnale aangegeven boodschap te gebruiken.<\/p>\n<p>Omdat de voorwaarden van dit soort acties kunnen veranderen, raden wij aan de offici\u00eble profielen te controleren voordat u deelneemt. Het interessantste is in ieder geval dat de installatie de bezoeker niet als volledig passieve toeschouwer behandelt: hij of zij wordt onderdeel van het verhaal en zowel de straat als de tentoonstellingsruimte worden ontmoetingsplekken.<\/p>\n<\/div><\/div><\/div><\/div><\/div><\/div><\/div><\/section><section class=\"l-section wpb_row height_huge color_alternate with_shape\"><div class=\"l-section-shape type_zigzag pos_top hor_flip\" style=\"height:3vmin;\"><svg xmlns=\"http:\/\/www.w3.org\/2000\/svg\" viewBox=\"0 0 64 8\" preserveAspectRatio=\"none\" width=\"100%\" height=\"100%\">\r\n\t<path fill=\"currentColor\" d=\"M64 8 L0 8 L0 0 L20 7.9 L40 3 L48 5 L64 0 Z\"\/>\r\n<\/svg><\/div><div class=\"l-section-shape type_zigzag pos_bottom\" style=\"height:3vmin;\"><svg xmlns=\"http:\/\/www.w3.org\/2000\/svg\" viewBox=\"0 0 64 8\" preserveAspectRatio=\"none\" width=\"100%\" height=\"100%\">\r\n\t<path fill=\"currentColor\" d=\"M64 8 L0 8 L0 0 L20 7.9 L40 3 L48 5 L64 0 Z\"\/>\r\n<\/svg><\/div><div class=\"l-section-h i-cf\"><div class=\"g-cols vc_row via_flex valign_top type_default stacking_default\"><div class=\"vc_col-sm-12 wpb_column vc_column_container\"><div class=\"vc_column-inner\"><div class=\"wpb_wrapper\"><div class=\"wpb_text_column\"><div class=\"wpb_wrapper\"><h2>Wat u tijdens de Bi\u00ebnnale nog meer kunt zien in de Real F\u00e1brica de Artiller\u00eda<\/h2>\n<p>Nu de Ontwikkelruimte in de Real F\u00e1brica de Artiller\u00eda staat, is het extra de moeite waard om deze locatie op te nemen in een dag rond de Bi\u00ebnnale. U kunt er ook <a href=\"https:\/\/www.tablaosflamencos.com\/la-noche-azul-opera-flamenca-bienal-sevilla-2026.html\"><strong>La noche azul<\/strong> bezoeken, de tentoonstelling over de periode van de \u00d3pera Flamenca<\/a>, met een uitzonderlijke selectie historische documenten en objecten.<\/p>\n<p>Het contrast tussen beide voorstellen is bijzonder treffend. <em>La noche azul<\/em>  kijkt terug op een fundamenteel moment in de geschiedenis van de flamenco, terwijl de Ontwikkelruimte een heden bekijkt dat nog in wording is. De ene bewaart sporen van het verleden; de andere documenteert wat nu gebeurt en over enkele jaren eveneens deel zal uitmaken van het flamencogeheugen.<\/p>\n<p>Als u meerdere activiteiten rond het festival plant, bekijk dan ook onze gids voor <a href=\"https:\/\/www.tablaosflamencos.com\/actividades-paralelas-bienal-flamenco-sevilla-2026.html\">nevenactiviteiten van de Bi\u00ebnnale 2026<\/a>, onze selectie van <a href=\"https:\/\/www.tablaosflamencos.com\/bienal-flamenco-sevilla-2026-gratis.html\">gratis voorstellingen en activiteiten van de Bi\u00ebnnale<\/a> en onze gids over <a href=\"https:\/\/www.tablaosflamencos.com\/que-hacer-sevilla-durante-bienal-flamenco-2026.html\">wat te doen in Sevilla tijdens de Flamencobi\u00ebnnale 2026<\/a>.<\/p>\n<\/div><\/div><\/div><\/div><\/div><\/div><\/div><\/section><section class=\"l-section wpb_row height_huge\"><div class=\"l-section-h i-cf\"><div class=\"g-cols vc_row via_flex valign_top type_default stacking_default\"><div class=\"vc_col-sm-12 wpb_column vc_column_container\"><div class=\"vc_column-inner\"><div class=\"wpb_wrapper\"><div class=\"wpb_text_column\"><div class=\"wpb_wrapper\"><h2>Praktische informatie<\/h2>\n<table>\n<tbody>\n<tr>\n<th>Activiteit<\/th>\n<td>Ontwikkelruimte \u2014 \u201cOok het onzichtbare is flamenco\u201d<\/td>\n<\/tr>\n<tr>\n<th>Evenement<\/th>\n<td>24e Flamencobi\u00ebnnale van Sevilla 2026<\/td>\n<\/tr>\n<tr>\n<th>Type<\/th>\n<td>Visuele, auditieve en participatieve installatie over creatieve processen<\/td>\n<\/tr>\n<tr>\n<th>Locatie vanaf 5 september<\/th>\n<td>Real F\u00e1brica de Artiller\u00eda, Sevilla<\/td>\n<\/tr>\n<tr>\n<th>Eerdere route<\/th>\n<td>San Jacinto (Triana), Enramadilla (Prado\/Nervi\u00f3n) en Plaza Calder\u00f3n de la Barca (Calle Feria)<\/td>\n<\/tr>\n<tr>\n<th>Inhoud<\/th>\n<td>Foto\u2019s, repetities, getuigenissen, podcasts, interviews en video\u2019s<\/td>\n<\/tr>\n<tr>\n<th>Fotografie<\/th>\n<td>Laura Le\u00f3n<\/td>\n<\/tr>\n<tr>\n<th>Openingstijden<\/th>\n<td>De organisatie heeft in de geraadpleegde informatie geen afzonderlijke openingstijden voor de ruimte gepubliceerd<\/td>\n<\/tr>\n<tr>\n<th>Offici\u00eble informatie<\/th>\n<td><a href=\"https:\/\/www.labienal.com\/\" target=\"_blank\" rel=\"noopener\">labienal.com<\/a> en <a href=\"https:\/\/labienalserevela.com\/\" target=\"_blank\" rel=\"noopener\">labienalserevela.com<\/a><\/td>\n<\/tr>\n<\/tbody>\n<\/table>\n<p><small>Informatie gecontroleerd op 5 september 2026. Programma, toegangsvoorwaarden en participatieve activiteiten kunnen veranderen. Controleer daarom v\u00f3\u00f3r vertrek de offici\u00eble kanalen.<\/small><\/p>\n<\/div><\/div><\/div><\/div><\/div><\/div><\/div><\/section><section class=\"l-section wpb_row height_huge color_alternate with_shape\"><div class=\"l-section-shape type_zigzag pos_top hor_flip\" style=\"height:3vmin;\"><svg xmlns=\"http:\/\/www.w3.org\/2000\/svg\" viewBox=\"0 0 64 8\" preserveAspectRatio=\"none\" width=\"100%\" height=\"100%\">\r\n\t<path fill=\"currentColor\" d=\"M64 8 L0 8 L0 0 L20 7.9 L40 3 L48 5 L64 0 Z\"\/>\r\n<\/svg><\/div><div class=\"l-section-shape type_zigzag pos_bottom\" style=\"height:3vmin;\"><svg xmlns=\"http:\/\/www.w3.org\/2000\/svg\" viewBox=\"0 0 64 8\" preserveAspectRatio=\"none\" width=\"100%\" height=\"100%\">\r\n\t<path fill=\"currentColor\" d=\"M64 8 L0 8 L0 0 L20 7.9 L40 3 L48 5 L64 0 Z\"\/>\r\n<\/svg><\/div><div class=\"l-section-h i-cf\"><div class=\"g-cols vc_row via_flex valign_top type_default stacking_default\"><div class=\"vc_col-sm-12 wpb_column vc_column_container\"><div class=\"vc_column-inner\"><div class=\"wpb_wrapper\"><div class=\"wpb_text_column\"><div class=\"wpb_wrapper\"><h2>Onze aanbeveling<\/h2>\n<p>De Ontwikkelruimte is vooral een bezoek waard als u al tickets hebt voor een van de artiesten die in het project voorkomen. Eerst een deel van het creatieve proces zien en daarna de voorstelling bijwonen, kan een andere kijk op het werk opleveren.<\/p>\n<p>Wij raden de ruimte ook aan aan iedereen die nieuwsgierig is naar hoe hedendaagse flamenco ontstaat. Het is niet alleen voor specialisten bedoeld: een van de doelen is juist om dit onzichtbare werk dichter bij mensen te brengen die misschien nog nooit in een repetitieruimte zijn geweest. Voor wie dans, zang, gitaar, compositie, regie of fotografie studeert, is de interesse nog groter.<\/p>\n<p>Er is nog een reden om langs te gaan: deze activiteit vat een van de interessantste idee\u00ebn van de Bi\u00ebnnale 2026 uitstekend samen. Flamenco begint niet wanneer het doek opgaat. Daarvoor liggen uren werk die we zelden zien. Precies daarop richt de Ontwikkelruimte de aandacht.<\/p>\n<\/div><\/div><\/div><\/div><\/div><\/div><\/div><\/section><section class=\"l-section wpb_row height_huge\"><div class=\"l-section-h i-cf\"><div class=\"g-cols vc_row via_flex valign_top type_default stacking_default\"><div class=\"vc_col-sm-1\/5 wpb_column vc_column_container\"><div class=\"vc_column-inner\"><div class=\"wpb_wrapper\"><\/div><\/div><\/div><div class=\"vc_col-sm-3\/5 wpb_column vc_column_container\"><div class=\"vc_column-inner\"><div class=\"wpb_wrapper\"><div class=\"wpb_text_column\"><div class=\"wpb_wrapper\"><h2>Veelgestelde vragen over de Ontwikkelruimte<\/h2>\n<\/div><\/div><div class=\"w-separator size_medium\"><\/div><div class=\"w-tabs accordion toggle_style_1 has_scrolling\" style=\"--sections-title-size:inherit;--sections-gap:0.5rem;\"><div class=\"w-tabs-sections titles-align_none icon_chevron cpos_right\"><div class=\"w-tabs-section\" id=\"n2ce\"><button type=\"button\" class=\"w-tabs-section-header\" aria-controls=\"content-n2ce\" aria-expanded=\"false\"><div class=\"w-tabs-section-title\">Waar bevindt de Ontwikkelruimte van de Bi\u00ebnnale 2026 zich nu?<\/div><div class=\"w-tabs-section-control\"><\/div><\/button><div  class=\"w-tabs-section-content\" id=\"content-n2ce\"><div class=\"w-tabs-section-content-h i-cf\"><div class=\"wpb_text_column\"><div class=\"wpb_wrapper\"><p>Sinds zaterdag 5 september 2026 bevindt de installatie zich in de <strong>Real F\u00e1brica de Artiller\u00eda in Sevilla<\/strong>, nadat zij eerder in Triana, de zone El Prado\/Nervi\u00f3n en de omgeving van Calle Feria te zien was.<\/p>\n<\/div><\/div><\/div><\/div><\/div><div class=\"w-tabs-section\" id=\"j3d3\"><button type=\"button\" class=\"w-tabs-section-header\" aria-controls=\"content-j3d3\" aria-expanded=\"false\"><div class=\"w-tabs-section-title\">Wat is er te zien in de Ontwikkelruimte?<\/div><div class=\"w-tabs-section-control\"><\/div><\/button><div  class=\"w-tabs-section-content\" id=\"content-j3d3\"><div class=\"w-tabs-section-content-h i-cf\"><div class=\"wpb_text_column\"><div class=\"wpb_wrapper\"><p>Documentaire foto\u2019s van creatieve processen, momenten uit repetities en materiaal dat laat zien hoe verschillende artiesten van de Bi\u00ebnnale werken. De ervaring wordt aangevuld met interviews, stemmen, podcasts en andere audiovisuele inhoud.<\/p>\n<\/div><\/div><\/div><\/div><\/div><div class=\"w-tabs-section\" id=\"o4bf\"><button type=\"button\" class=\"w-tabs-section-header\" aria-controls=\"content-o4bf\" aria-expanded=\"false\"><div class=\"w-tabs-section-title\">Welke artiesten komen in het project voor?<\/div><div class=\"w-tabs-section-control\"><\/div><\/button><div  class=\"w-tabs-section-content\" id=\"content-o4bf\"><div class=\"w-tabs-section-content-h i-cf\"><div class=\"wpb_text_column\"><div class=\"wpb_wrapper\"><p>Tot de door de Bi\u00ebnnale bekendgemaakte namen behoren Patricia Guerrero en het Ballet Flamenco de Andaluc\u00eda, Manuel Li\u00f1\u00e1n, Ana Morales, Andr\u00e9s Mar\u00edn, David Coria, Juan Tom\u00e1s de la Mol\u00eda, \u00c1gueda Saavedra, Rosario La Tremendita, Encarna Anillo, Rafael Riqueni, Tim Ries en het Real Orquesta Sinf\u00f3nica de Sevilla.<\/p>\n<\/div><\/div><\/div><\/div><\/div><div class=\"w-tabs-section\" id=\"l5b1\"><button type=\"button\" class=\"w-tabs-section-header\" aria-controls=\"content-l5b1\" aria-expanded=\"false\"><div class=\"w-tabs-section-title\">Moet u een ticket kopen voor de Ontwikkelruimte?<\/div><div class=\"w-tabs-section-control\"><\/div><\/button><div  class=\"w-tabs-section-content\" id=\"content-l5b1\"><div class=\"w-tabs-section-content-h i-cf\"><div class=\"wpb_text_column\"><div class=\"wpb_wrapper\"><p>De geraadpleegde offici\u00eble informatie vermeldt geen speciaal ticket, prijs of reserveringssysteem voor deze installatie. Tijdens de eerste route was het een voor het publiek toegankelijke actie op verschillende plekken in de straat. Sinds de installatie in de Real F\u00e1brica de Artiller\u00eda raden wij aan de actuele toegangsvoorwaarden van de locatie en de Bi\u00ebnnale te controleren.<\/p>\n<\/div><\/div><\/div><\/div><\/div><div class=\"w-tabs-section\" id=\"r684\"><button type=\"button\" class=\"w-tabs-section-header\" aria-controls=\"content-r684\" aria-expanded=\"false\"><div class=\"w-tabs-section-title\">Wat zijn de openingstijden van de Ontwikkelruimte?<\/div><div class=\"w-tabs-section-control\"><\/div><\/button><div  class=\"w-tabs-section-content\" id=\"content-r684\"><div class=\"w-tabs-section-content-h i-cf\"><div class=\"wpb_text_column\"><div class=\"wpb_wrapper\"><p>In de geraadpleegde informatie heeft de Bi\u00ebnnale geen afzonderlijke openingstijden gepubliceerd voor de ruimte nadat deze in de Real F\u00e1brica de Artiller\u00eda is geplaatst. Controleer v\u00f3\u00f3r uw bezoek de offici\u00eble website en profielen.<\/p>\n<\/div><\/div><\/div><\/div><\/div><div class=\"w-tabs-section\" id=\"u752\"><button type=\"button\" class=\"w-tabs-section-header\" aria-controls=\"content-u752\" aria-expanded=\"false\"><div class=\"w-tabs-section-title\">Kunt u deelnemen aan de ticketverloting van de Bi\u00ebnnale?<\/div><div class=\"w-tabs-section-control\"><\/div><\/button><div  class=\"w-tabs-section-content\" id=\"content-u752\"><div class=\"w-tabs-section-content-h i-cf\"><div class=\"wpb_text_column\"><div class=\"wpb_wrapper\"><p>Ja. De organisatie heeft de participatieve actie om \u201cuw meest flamenco-kant te onthullen\u201d gekoppeld aan een ticketverloting. Omdat de instructies kunnen veranderen, raden wij aan de offici\u00eble profielen van de Bi\u00ebnnale te controleren voor de actuele voorwaarden.<\/p>\n<\/div><\/div><\/div><\/div><\/div><\/div><\/div><\/div><\/div><\/div><div class=\"vc_col-sm-1\/5 wpb_column vc_column_container\"><div class=\"vc_column-inner\"><div class=\"wpb_wrapper\"><\/div><\/div><\/div><\/div><\/div><\/section><section class=\"l-section wpb_row height_huge\"><div class=\"l-section-h i-cf\"><div class=\"g-cols vc_row via_flex valign_top type_default stacking_default\"><div class=\"vc_col-sm-12 wpb_column vc_column_container\"><div class=\"vc_column-inner\"><div class=\"wpb_wrapper\"><div class=\"wpb_text_column\"><div class=\"wpb_wrapper\"><h2>Meer over de Flamencobi\u00ebnnale van Sevilla 2026<\/h2>\n<p>De Ontwikkelruimte maakt deel uit van een bijzonder uitgebreide editie met voorstellingen, tentoonstellingen, ontmoetingen en activiteiten op verschillende locaties in Sevilla. Volg al onze berichtgeving in de <a href=\"https:\/\/www.tablaosflamencos.com\/bienal-flamenco-sevilla\"><strong>gids voor de Flamencobi\u00ebnnale van Sevilla<\/strong><\/a>, waar we programma, tickets, artiesten, locaties en praktische aanbevelingen samenbrengen.<\/p>\n<\/div><\/div><\/div><\/div><\/div><\/div><\/div><\/section>\n","protected":false},"excerpt":{"rendered":"<p>Ontdek de Ontwikkelruimte van de Flamencobi\u00ebnnale van Sevilla 2026, een installatie over repetities, creatieve processen, fotografie, interviews en podcasts achter de voorstellingen.<\/p>\n","protected":false},"author":1,"featured_media":14945,"comment_status":"closed","ping_status":"closed","sticky":false,"template":"","format":"standard","meta":{"_acf_changed":false,"wpai_generated_summary":"","_ayudawp_aiss_exclude":false,"_ayudawp_aiss_exclude_summary":false,"_ayudawp_aiss_summary":"","_ayudawp_aiss_summary_provider":"","_ayudawp_aiss_summary_hash":"","footnotes":""},"categories":[1432],"tags":[1228,1229,1866,1133,423],"class_list":["post-15108","post","type-post","status-publish","format-standard","has-post-thumbnail","hentry","category-flamencobiennale","tag-bienal-2026","tag-bienal-de-flamenco","tag-dingen-om-te-doen-in-sevilla","tag-flamenco-en-sevilla","tag-sevilla"],"acf":[],"yoast_head":"<!-- This site is optimized with the Yoast SEO Premium plugin v28.4 (Yoast SEO v28.4) - https:\/\/yoast.com\/product\/yoast-seo-premium-wordpress\/ -->\n<title>Ontwikkelruimte Flamencobi\u00ebnnale 2026<\/title>\n<meta name=\"description\" content=\"Ontdek de Ontwikkelruimte van de Flamencobi\u00ebnnale 2026: artiesten, route, foto\u2019s, podcasts en locatie in de Real F\u00e1brica de Artiller\u00eda.\" \/>\n<meta name=\"robots\" content=\"index, follow, max-snippet:-1, max-image-preview:large, max-video-preview:-1\" \/>\n<link rel=\"canonical\" href=\"https:\/\/www.tablaosflamencos.com\/nl\/ontwikkelruimte-flamencobiennale-sevilla-2026.html\" \/>\n<meta property=\"og:locale\" content=\"nl_NL\" \/>\n<meta property=\"og:type\" content=\"article\" \/>\n<meta property=\"og:title\" content=\"Ontwikkelruimte van de Flamencobi\u00ebnnale 2026: \u201cOok het onzichtbare is flamenco\u201d\" \/>\n<meta property=\"og:description\" content=\"Ontdek de Ontwikkelruimte van de Flamencobi\u00ebnnale 2026: artiesten, route, foto\u2019s, podcasts en locatie in de Real F\u00e1brica de Artiller\u00eda.\" \/>\n<meta property=\"og:url\" content=\"https:\/\/www.tablaosflamencos.com\/nl\/ontwikkelruimte-flamencobiennale-sevilla-2026.html\" \/>\n<meta property=\"og:site_name\" content=\"Tablaos Flamencos\" \/>\n<meta property=\"article:publisher\" content=\"https:\/\/www.facebook.com\/tablaosflamencos\" \/>\n<meta property=\"article:published_time\" content=\"2026-09-06T14:35:39+00:00\" \/>\n<meta property=\"article:modified_time\" content=\"2026-09-06T15:04:51+00:00\" \/>\n<meta property=\"og:image\" content=\"https:\/\/www.tablaosflamencos.com\/wp-content\/uploads\/sala-de-revelado-de-la-bienal-de-flamenco-2026-lo-invisible-tambien-es-flamenco-01.webp\" \/>\n\t<meta property=\"og:image:width\" content=\"1672\" \/>\n\t<meta property=\"og:image:height\" content=\"941\" \/>\n\t<meta property=\"og:image:type\" content=\"image\/webp\" \/>\n<meta name=\"author\" content=\"Miguel Ortiz\" \/>\n<meta name=\"twitter:card\" content=\"summary_large_image\" \/>\n<meta name=\"twitter:creator\" content=\"@tablaosflamenco\" \/>\n<meta name=\"twitter:site\" content=\"@tablaosflamenco\" \/>\n<meta name=\"twitter:label1\" content=\"Geschreven door\" \/>\n\t<meta name=\"twitter:data1\" content=\"Miguel Ortiz\" \/>\n\t<meta name=\"twitter:label2\" content=\"Geschatte leestijd\" \/>\n\t<meta name=\"twitter:data2\" content=\"14 minuten\" \/>\n<script type=\"application\/ld+json\" class=\"yoast-schema-graph\">{\"@context\":\"https:\\\/\\\/schema.org\",\"@graph\":[{\"@type\":\"Article\",\"@id\":\"https:\\\/\\\/www.tablaosflamencos.com\\\/nl\\\/ontwikkelruimte-flamencobiennale-sevilla-2026.html#article\",\"isPartOf\":{\"@id\":\"https:\\\/\\\/www.tablaosflamencos.com\\\/nl\\\/ontwikkelruimte-flamencobiennale-sevilla-2026.html\"},\"author\":{\"name\":\"Miguel Ortiz\",\"@id\":\"https:\\\/\\\/www.tablaosflamencos.com\\\/nl#\\\/schema\\\/person\\\/e7a9ebe14eb75a52ceabfbffb3c54f5d\"},\"headline\":\"Ontwikkelruimte van de Flamencobi\u00ebnnale 2026: \u201cOok het onzichtbare is flamenco\u201d\",\"datePublished\":\"2026-09-06T14:35:39+00:00\",\"dateModified\":\"2026-09-06T15:04:51+00:00\",\"mainEntityOfPage\":{\"@id\":\"https:\\\/\\\/www.tablaosflamencos.com\\\/nl\\\/ontwikkelruimte-flamencobiennale-sevilla-2026.html\"},\"wordCount\":2871,\"publisher\":{\"@id\":\"https:\\\/\\\/www.tablaosflamencos.com\\\/nl#organization\"},\"image\":{\"@id\":\"https:\\\/\\\/www.tablaosflamencos.com\\\/nl\\\/ontwikkelruimte-flamencobiennale-sevilla-2026.html#primaryimage\"},\"thumbnailUrl\":\"https:\\\/\\\/www.tablaosflamencos.com\\\/wp-content\\\/uploads\\\/sala-de-revelado-de-la-bienal-de-flamenco-2026-lo-invisible-tambien-es-flamenco-01.webp\",\"keywords\":[\"Bienal 2026\",\"Bienal de Flamenco\",\"dingen om te doen in Sevilla\",\"flamenco en Sevilla\",\"sevilla\"],\"articleSection\":[\"Flamencobi\u00ebnnale\"],\"inLanguage\":\"nl-NL\"},{\"@type\":\"WebPage\",\"@id\":\"https:\\\/\\\/www.tablaosflamencos.com\\\/nl\\\/ontwikkelruimte-flamencobiennale-sevilla-2026.html\",\"url\":\"https:\\\/\\\/www.tablaosflamencos.com\\\/nl\\\/ontwikkelruimte-flamencobiennale-sevilla-2026.html\",\"name\":\"Ontwikkelruimte Flamencobi\u00ebnnale 2026\",\"isPartOf\":{\"@id\":\"https:\\\/\\\/www.tablaosflamencos.com\\\/nl#website\"},\"primaryImageOfPage\":{\"@id\":\"https:\\\/\\\/www.tablaosflamencos.com\\\/nl\\\/ontwikkelruimte-flamencobiennale-sevilla-2026.html#primaryimage\"},\"image\":{\"@id\":\"https:\\\/\\\/www.tablaosflamencos.com\\\/nl\\\/ontwikkelruimte-flamencobiennale-sevilla-2026.html#primaryimage\"},\"thumbnailUrl\":\"https:\\\/\\\/www.tablaosflamencos.com\\\/wp-content\\\/uploads\\\/sala-de-revelado-de-la-bienal-de-flamenco-2026-lo-invisible-tambien-es-flamenco-01.webp\",\"datePublished\":\"2026-09-06T14:35:39+00:00\",\"dateModified\":\"2026-09-06T15:04:51+00:00\",\"description\":\"Ontdek de Ontwikkelruimte van de Flamencobi\u00ebnnale 2026: artiesten, route, foto\u2019s, podcasts en locatie in de Real F\u00e1brica de Artiller\u00eda.\",\"breadcrumb\":{\"@id\":\"https:\\\/\\\/www.tablaosflamencos.com\\\/nl\\\/ontwikkelruimte-flamencobiennale-sevilla-2026.html#breadcrumb\"},\"inLanguage\":\"nl-NL\",\"potentialAction\":[{\"@type\":\"ReadAction\",\"target\":[\"https:\\\/\\\/www.tablaosflamencos.com\\\/nl\\\/ontwikkelruimte-flamencobiennale-sevilla-2026.html\"]}]},{\"@type\":\"ImageObject\",\"inLanguage\":\"nl-NL\",\"@id\":\"https:\\\/\\\/www.tablaosflamencos.com\\\/nl\\\/ontwikkelruimte-flamencobiennale-sevilla-2026.html#primaryimage\",\"url\":\"https:\\\/\\\/www.tablaosflamencos.com\\\/wp-content\\\/uploads\\\/sala-de-revelado-de-la-bienal-de-flamenco-2026-lo-invisible-tambien-es-flamenco-01.webp\",\"contentUrl\":\"https:\\\/\\\/www.tablaosflamencos.com\\\/wp-content\\\/uploads\\\/sala-de-revelado-de-la-bienal-de-flamenco-2026-lo-invisible-tambien-es-flamenco-01.webp\",\"width\":1672,\"height\":941,\"caption\":\"Sala de revelado de la Bienal de Flamenco 2026: \u201cLo invisible tambi\u00e9n es flamenco\u201d\"},{\"@type\":\"BreadcrumbList\",\"@id\":\"https:\\\/\\\/www.tablaosflamencos.com\\\/nl\\\/ontwikkelruimte-flamencobiennale-sevilla-2026.html#breadcrumb\",\"itemListElement\":[{\"@type\":\"ListItem\",\"position\":1,\"name\":\"Home\",\"item\":\"https:\\\/\\\/www.tablaosflamencos.com\\\/nl\"},{\"@type\":\"ListItem\",\"position\":2,\"name\":\"Ontwikkelruimte van de Flamencobi\u00ebnnale 2026: \u201cOok het onzichtbare is flamenco\u201d\"}]},{\"@type\":\"WebSite\",\"@id\":\"https:\\\/\\\/www.tablaosflamencos.com\\\/nl#website\",\"url\":\"https:\\\/\\\/www.tablaosflamencos.com\\\/nl\",\"name\":\"Tablaos Flamencos\",\"description\":\"Entradas para tablaos flamencos de Espa\u00f1a\",\"publisher\":{\"@id\":\"https:\\\/\\\/www.tablaosflamencos.com\\\/nl#organization\"},\"alternateName\":\"Tablaos Flamencos\",\"potentialAction\":[{\"@type\":\"SearchAction\",\"target\":{\"@type\":\"EntryPoint\",\"urlTemplate\":\"https:\\\/\\\/www.tablaosflamencos.com\\\/nl?s={search_term_string}\"},\"query-input\":{\"@type\":\"PropertyValueSpecification\",\"valueRequired\":true,\"valueName\":\"search_term_string\"}}],\"inLanguage\":\"nl-NL\"},{\"@type\":[\"Organization\",\"Place\",\"EntertainmentBusiness\"],\"@id\":\"https:\\\/\\\/www.tablaosflamencos.com\\\/nl#organization\",\"name\":\"Tablaos Flamencos\",\"alternateName\":\"Tablaos Flamencos\",\"url\":\"https:\\\/\\\/www.tablaosflamencos.com\\\/nl\",\"logo\":{\"@id\":\"https:\\\/\\\/www.tablaosflamencos.com\\\/nl\\\/ontwikkelruimte-flamencobiennale-sevilla-2026.html#local-main-organization-logo\"},\"image\":{\"@id\":\"https:\\\/\\\/www.tablaosflamencos.com\\\/nl\\\/ontwikkelruimte-flamencobiennale-sevilla-2026.html#local-main-organization-logo\"},\"sameAs\":[\"https:\\\/\\\/www.facebook.com\\\/tablaosflamencos\",\"https:\\\/\\\/x.com\\\/tablaosflamenco\",\"https:\\\/\\\/mastodon.social\\\/@tablaosflamencos\",\"https:\\\/\\\/www.instagram.com\\\/tablaosflamencos\",\"https:\\\/\\\/tiktok.com\\\/@tablaosflamencos\",\"https:\\\/\\\/www.linkedin.com\\\/company\\\/109408238\\\/\"],\"description\":\"Venta de entradas para espect\u00e1culos flamencos\",\"legalName\":\"Tablaos Flamencos\",\"foundingDate\":\"2015-01-01\",\"numberOfEmployees\":{\"@type\":\"QuantitativeValue\",\"minValue\":\"1\",\"maxValue\":\"10\"},\"address\":{\"@id\":\"https:\\\/\\\/www.tablaosflamencos.com\\\/nl\\\/ontwikkelruimte-flamencobiennale-sevilla-2026.html#local-main-place-address\"},\"geo\":{\"@type\":\"GeoCoordinates\",\"latitude\":\"37.3868072\",\"longitude\":\"-5.993280299999999\"},\"telephone\":[\"+34623787787\"],\"contactPoint\":{\"@type\":\"ContactPoint\",\"telephone\":\"+34623787787\",\"email\":\"info@tablaosflamencos.com\"},\"openingHoursSpecification\":{\"@type\":\"OpeningHoursSpecification\",\"dayOfWeek\":[\"Monday\",\"Tuesday\",\"Wednesday\",\"Thursday\",\"Friday\",\"Saturday\",\"Sunday\"],\"opens\":\"00:00\",\"closes\":\"23:59\"},\"email\":\"info@tablaosflamencos.com\",\"priceRange\":\"$$$\",\"currenciesAccepted\":\"\u20ac\"},{\"@type\":\"Person\",\"@id\":\"https:\\\/\\\/www.tablaosflamencos.com\\\/nl#\\\/schema\\\/person\\\/e7a9ebe14eb75a52ceabfbffb3c54f5d\",\"name\":\"Miguel Ortiz\",\"description\":\"Miguel Ortiz es un empresario flamenco, con una s\u00f3lida trayectoria dentro del sector. Ha presidido entidades culturales vinculadas al flamenco y, cuenta con un amplio recorrido profesional en la gesti\u00f3n y promoci\u00f3n de espect\u00e1culos y tablaos flamencos. Su pasi\u00f3n por la historia y el arte flamenco se refleja en cada art\u00edculo, donde combina experiencia, criterio y un profundo respeto por la tradici\u00f3n.\",\"sameAs\":[\"https:\\\/\\\/www.tablaosflamencos.com\",\"https:\\\/\\\/www.instagra.com\\\/miguelortizfe\",\"https:\\\/\\\/www.linkedin.com\\\/in\\\/miguelortizf\\\/\"],\"birthDate\":\"1984-11-22\",\"gender\":\"hombre\",\"knowsLanguage\":[\"espa\u00f1ol\",\"ingl\u00e9s\"],\"jobTitle\":\"Empresario flamenco\"},{\"@type\":\"PostalAddress\",\"@id\":\"https:\\\/\\\/www.tablaosflamencos.com\\\/nl\\\/ontwikkelruimte-flamencobiennale-sevilla-2026.html#local-main-place-address\",\"streetAddress\":\"C\\\/ Alemanes, 19\",\"addressLocality\":\"Sevilla\",\"postalCode\":\"41004\",\"addressRegion\":\"Sevilla\",\"addressCountry\":\"ES\"},{\"@type\":\"ImageObject\",\"inLanguage\":\"nl-NL\",\"@id\":\"https:\\\/\\\/www.tablaosflamencos.com\\\/nl\\\/ontwikkelruimte-flamencobiennale-sevilla-2026.html#local-main-organization-logo\",\"url\":\"https:\\\/\\\/www.tablaosflamencos.com\\\/wp-content\\\/uploads\\\/tablaos-flamencos-06-3.webp\",\"contentUrl\":\"https:\\\/\\\/www.tablaosflamencos.com\\\/wp-content\\\/uploads\\\/tablaos-flamencos-06-3.webp\",\"width\":600,\"height\":620,\"caption\":\"Tablaos Flamencos\"}]}<\/script>\n<meta name=\"geo.placename\" content=\"Sevilla\" \/>\n<meta name=\"geo.position\" content=\"37.3868072;-5.993280299999999\" \/>\n<meta name=\"geo.region\" content=\"Spanje\" \/>\n<!-- \/ Yoast SEO Premium plugin. -->","yoast_head_json":{"title":"Ontwikkelruimte Flamencobi\u00ebnnale 2026","description":"Ontdek de Ontwikkelruimte van de Flamencobi\u00ebnnale 2026: artiesten, route, foto\u2019s, podcasts en locatie in de Real F\u00e1brica de Artiller\u00eda.","robots":{"index":"index","follow":"follow","max-snippet":"max-snippet:-1","max-image-preview":"max-image-preview:large","max-video-preview":"max-video-preview:-1"},"canonical":"https:\/\/www.tablaosflamencos.com\/nl\/ontwikkelruimte-flamencobiennale-sevilla-2026.html","og_locale":"nl_NL","og_type":"article","og_title":"Ontwikkelruimte van de Flamencobi\u00ebnnale 2026: \u201cOok het onzichtbare is flamenco\u201d","og_description":"Ontdek de Ontwikkelruimte van de Flamencobi\u00ebnnale 2026: artiesten, route, foto\u2019s, podcasts en locatie in de Real F\u00e1brica de Artiller\u00eda.","og_url":"https:\/\/www.tablaosflamencos.com\/nl\/ontwikkelruimte-flamencobiennale-sevilla-2026.html","og_site_name":"Tablaos Flamencos","article_publisher":"https:\/\/www.facebook.com\/tablaosflamencos","article_published_time":"2026-09-06T14:35:39+00:00","article_modified_time":"2026-09-06T15:04:51+00:00","og_image":[{"width":1672,"height":941,"url":"https:\/\/www.tablaosflamencos.com\/wp-content\/uploads\/sala-de-revelado-de-la-bienal-de-flamenco-2026-lo-invisible-tambien-es-flamenco-01.webp","type":"image\/webp"}],"author":"Miguel Ortiz","twitter_card":"summary_large_image","twitter_creator":"@tablaosflamenco","twitter_site":"@tablaosflamenco","twitter_misc":{"Geschreven door":"Miguel Ortiz","Geschatte leestijd":"14 minuten"},"schema":{"@context":"https:\/\/schema.org","@graph":[{"@type":"Article","@id":"https:\/\/www.tablaosflamencos.com\/nl\/ontwikkelruimte-flamencobiennale-sevilla-2026.html#article","isPartOf":{"@id":"https:\/\/www.tablaosflamencos.com\/nl\/ontwikkelruimte-flamencobiennale-sevilla-2026.html"},"author":{"name":"Miguel Ortiz","@id":"https:\/\/www.tablaosflamencos.com\/nl#\/schema\/person\/e7a9ebe14eb75a52ceabfbffb3c54f5d"},"headline":"Ontwikkelruimte van de Flamencobi\u00ebnnale 2026: \u201cOok het onzichtbare is flamenco\u201d","datePublished":"2026-09-06T14:35:39+00:00","dateModified":"2026-09-06T15:04:51+00:00","mainEntityOfPage":{"@id":"https:\/\/www.tablaosflamencos.com\/nl\/ontwikkelruimte-flamencobiennale-sevilla-2026.html"},"wordCount":2871,"publisher":{"@id":"https:\/\/www.tablaosflamencos.com\/nl#organization"},"image":{"@id":"https:\/\/www.tablaosflamencos.com\/nl\/ontwikkelruimte-flamencobiennale-sevilla-2026.html#primaryimage"},"thumbnailUrl":"https:\/\/www.tablaosflamencos.com\/wp-content\/uploads\/sala-de-revelado-de-la-bienal-de-flamenco-2026-lo-invisible-tambien-es-flamenco-01.webp","keywords":["Bienal 2026","Bienal de Flamenco","dingen om te doen in Sevilla","flamenco en Sevilla","sevilla"],"articleSection":["Flamencobi\u00ebnnale"],"inLanguage":"nl-NL"},{"@type":"WebPage","@id":"https:\/\/www.tablaosflamencos.com\/nl\/ontwikkelruimte-flamencobiennale-sevilla-2026.html","url":"https:\/\/www.tablaosflamencos.com\/nl\/ontwikkelruimte-flamencobiennale-sevilla-2026.html","name":"Ontwikkelruimte Flamencobi\u00ebnnale 2026","isPartOf":{"@id":"https:\/\/www.tablaosflamencos.com\/nl#website"},"primaryImageOfPage":{"@id":"https:\/\/www.tablaosflamencos.com\/nl\/ontwikkelruimte-flamencobiennale-sevilla-2026.html#primaryimage"},"image":{"@id":"https:\/\/www.tablaosflamencos.com\/nl\/ontwikkelruimte-flamencobiennale-sevilla-2026.html#primaryimage"},"thumbnailUrl":"https:\/\/www.tablaosflamencos.com\/wp-content\/uploads\/sala-de-revelado-de-la-bienal-de-flamenco-2026-lo-invisible-tambien-es-flamenco-01.webp","datePublished":"2026-09-06T14:35:39+00:00","dateModified":"2026-09-06T15:04:51+00:00","description":"Ontdek de Ontwikkelruimte van de Flamencobi\u00ebnnale 2026: artiesten, route, foto\u2019s, podcasts en locatie in de Real F\u00e1brica de Artiller\u00eda.","breadcrumb":{"@id":"https:\/\/www.tablaosflamencos.com\/nl\/ontwikkelruimte-flamencobiennale-sevilla-2026.html#breadcrumb"},"inLanguage":"nl-NL","potentialAction":[{"@type":"ReadAction","target":["https:\/\/www.tablaosflamencos.com\/nl\/ontwikkelruimte-flamencobiennale-sevilla-2026.html"]}]},{"@type":"ImageObject","inLanguage":"nl-NL","@id":"https:\/\/www.tablaosflamencos.com\/nl\/ontwikkelruimte-flamencobiennale-sevilla-2026.html#primaryimage","url":"https:\/\/www.tablaosflamencos.com\/wp-content\/uploads\/sala-de-revelado-de-la-bienal-de-flamenco-2026-lo-invisible-tambien-es-flamenco-01.webp","contentUrl":"https:\/\/www.tablaosflamencos.com\/wp-content\/uploads\/sala-de-revelado-de-la-bienal-de-flamenco-2026-lo-invisible-tambien-es-flamenco-01.webp","width":1672,"height":941,"caption":"Sala de revelado de la Bienal de Flamenco 2026: \u201cLo invisible tambi\u00e9n es flamenco\u201d"},{"@type":"BreadcrumbList","@id":"https:\/\/www.tablaosflamencos.com\/nl\/ontwikkelruimte-flamencobiennale-sevilla-2026.html#breadcrumb","itemListElement":[{"@type":"ListItem","position":1,"name":"Home","item":"https:\/\/www.tablaosflamencos.com\/nl"},{"@type":"ListItem","position":2,"name":"Ontwikkelruimte van de Flamencobi\u00ebnnale 2026: \u201cOok het onzichtbare is flamenco\u201d"}]},{"@type":"WebSite","@id":"https:\/\/www.tablaosflamencos.com\/nl#website","url":"https:\/\/www.tablaosflamencos.com\/nl","name":"Tablaos Flamencos","description":"Entradas para tablaos flamencos de Espa\u00f1a","publisher":{"@id":"https:\/\/www.tablaosflamencos.com\/nl#organization"},"alternateName":"Tablaos Flamencos","potentialAction":[{"@type":"SearchAction","target":{"@type":"EntryPoint","urlTemplate":"https:\/\/www.tablaosflamencos.com\/nl?s={search_term_string}"},"query-input":{"@type":"PropertyValueSpecification","valueRequired":true,"valueName":"search_term_string"}}],"inLanguage":"nl-NL"},{"@type":["Organization","Place","EntertainmentBusiness"],"@id":"https:\/\/www.tablaosflamencos.com\/nl#organization","name":"Tablaos Flamencos","alternateName":"Tablaos Flamencos","url":"https:\/\/www.tablaosflamencos.com\/nl","logo":{"@id":"https:\/\/www.tablaosflamencos.com\/nl\/ontwikkelruimte-flamencobiennale-sevilla-2026.html#local-main-organization-logo"},"image":{"@id":"https:\/\/www.tablaosflamencos.com\/nl\/ontwikkelruimte-flamencobiennale-sevilla-2026.html#local-main-organization-logo"},"sameAs":["https:\/\/www.facebook.com\/tablaosflamencos","https:\/\/x.com\/tablaosflamenco","https:\/\/mastodon.social\/@tablaosflamencos","https:\/\/www.instagram.com\/tablaosflamencos","https:\/\/tiktok.com\/@tablaosflamencos","https:\/\/www.linkedin.com\/company\/109408238\/"],"description":"Venta de entradas para espect\u00e1culos flamencos","legalName":"Tablaos Flamencos","foundingDate":"2015-01-01","numberOfEmployees":{"@type":"QuantitativeValue","minValue":"1","maxValue":"10"},"address":{"@id":"https:\/\/www.tablaosflamencos.com\/nl\/ontwikkelruimte-flamencobiennale-sevilla-2026.html#local-main-place-address"},"geo":{"@type":"GeoCoordinates","latitude":"37.3868072","longitude":"-5.993280299999999"},"telephone":["+34623787787"],"contactPoint":{"@type":"ContactPoint","telephone":"+34623787787","email":"info@tablaosflamencos.com"},"openingHoursSpecification":{"@type":"OpeningHoursSpecification","dayOfWeek":["Monday","Tuesday","Wednesday","Thursday","Friday","Saturday","Sunday"],"opens":"00:00","closes":"23:59"},"email":"info@tablaosflamencos.com","priceRange":"$$$","currenciesAccepted":"\u20ac"},{"@type":"Person","@id":"https:\/\/www.tablaosflamencos.com\/nl#\/schema\/person\/e7a9ebe14eb75a52ceabfbffb3c54f5d","name":"Miguel Ortiz","description":"Miguel Ortiz es un empresario flamenco, con una s\u00f3lida trayectoria dentro del sector. Ha presidido entidades culturales vinculadas al flamenco y, cuenta con un amplio recorrido profesional en la gesti\u00f3n y promoci\u00f3n de espect\u00e1culos y tablaos flamencos. Su pasi\u00f3n por la historia y el arte flamenco se refleja en cada art\u00edculo, donde combina experiencia, criterio y un profundo respeto por la tradici\u00f3n.","sameAs":["https:\/\/www.tablaosflamencos.com","https:\/\/www.instagra.com\/miguelortizfe","https:\/\/www.linkedin.com\/in\/miguelortizf\/"],"birthDate":"1984-11-22","gender":"hombre","knowsLanguage":["espa\u00f1ol","ingl\u00e9s"],"jobTitle":"Empresario flamenco"},{"@type":"PostalAddress","@id":"https:\/\/www.tablaosflamencos.com\/nl\/ontwikkelruimte-flamencobiennale-sevilla-2026.html#local-main-place-address","streetAddress":"C\/ Alemanes, 19","addressLocality":"Sevilla","postalCode":"41004","addressRegion":"Sevilla","addressCountry":"ES"},{"@type":"ImageObject","inLanguage":"nl-NL","@id":"https:\/\/www.tablaosflamencos.com\/nl\/ontwikkelruimte-flamencobiennale-sevilla-2026.html#local-main-organization-logo","url":"https:\/\/www.tablaosflamencos.com\/wp-content\/uploads\/tablaos-flamencos-06-3.webp","contentUrl":"https:\/\/www.tablaosflamencos.com\/wp-content\/uploads\/tablaos-flamencos-06-3.webp","width":600,"height":620,"caption":"Tablaos Flamencos"}]},"geo.placename":"Sevilla","geo.position":{"lat":"37.3868072","long":"-5.993280299999999"},"geo.region":"Spanje"},"_links":{"self":[{"href":"https:\/\/www.tablaosflamencos.com\/nl\/wp-json\/wp\/v2\/posts\/15108","targetHints":{"allow":["GET"]}}],"collection":[{"href":"https:\/\/www.tablaosflamencos.com\/nl\/wp-json\/wp\/v2\/posts"}],"about":[{"href":"https:\/\/www.tablaosflamencos.com\/nl\/wp-json\/wp\/v2\/types\/post"}],"author":[{"embeddable":true,"href":"https:\/\/www.tablaosflamencos.com\/nl\/wp-json\/wp\/v2\/users\/1"}],"replies":[{"embeddable":true,"href":"https:\/\/www.tablaosflamencos.com\/nl\/wp-json\/wp\/v2\/comments?post=15108"}],"version-history":[{"count":0,"href":"https:\/\/www.tablaosflamencos.com\/nl\/wp-json\/wp\/v2\/posts\/15108\/revisions"}],"wp:featuredmedia":[{"embeddable":true,"href":"https:\/\/www.tablaosflamencos.com\/nl\/wp-json\/wp\/v2\/media\/14945"}],"wp:attachment":[{"href":"https:\/\/www.tablaosflamencos.com\/nl\/wp-json\/wp\/v2\/media?parent=15108"}],"wp:term":[{"taxonomy":"category","embeddable":true,"href":"https:\/\/www.tablaosflamencos.com\/nl\/wp-json\/wp\/v2\/categories?post=15108"},{"taxonomy":"post_tag","embeddable":true,"href":"https:\/\/www.tablaosflamencos.com\/nl\/wp-json\/wp\/v2\/tags?post=15108"}],"curies":[{"name":"wp","href":"https:\/\/api.w.org\/{rel}","templated":true}]}}