{"id":15094,"date":"2026-09-06T16:15:05","date_gmt":"2026-09-06T14:15:05","guid":{"rendered":"https:\/\/www.tablaosflamencos.com\/?p=15094"},"modified":"2026-09-06T19:33:05","modified_gmt":"2026-09-06T17:33:05","slug":"festival-el-bucaro-2026-programma-artiesten-datum-tickets","status":"publish","type":"post","link":"https:\/\/www.tablaosflamencos.com\/nl\/festival-el-bucaro-2026-programma-artiesten-datum-tickets.html","title":{"rendered":"Festival El B\u00facaro 2026: programma, artiesten, datum en alles wat je moet weten"},"content":{"rendered":"<section class=\"l-section wpb_row height_huge\"><div class=\"l-section-h i-cf\"><div class=\"g-cols vc_row via_flex valign_top type_default stacking_default\"><div class=\"vc_col-sm-6 wpb_column vc_column_container\"><div class=\"vc_column-inner\"><div class=\"wpb_wrapper\"><div class=\"wpb_text_column\"><div class=\"wpb_wrapper\"><h2>Festival El B\u00facaro 2026: een van de grote flamenco-zangavonden van september in Sevilla<\/h2>\n<p>Het <strong>43e Festival de Cante Flamenco El B\u00facaro<\/strong> vindt plaats op <strong>vrijdag 18 september 2026 om 22:00 uur<\/strong>, in de <strong>Hacienda Santa Cruz in La Rinconada<\/strong>, in de provincie Sevilla. Het evenement bereikt zijn 43e editie met een affiche aangevoerd door <strong>El Pele<\/strong> en met verder als zangers <strong>Consuelo Hald\u00f3n, Rubito Hijo, Caracolillo de C\u00e1diz en Fernando El Goyo<\/strong>.<\/p>\n<p>De avond brengt daarnaast enkele van de bekendste namen uit de Sevillaanse flamencogitaar samen: <strong>Antonio Carri\u00f3n, Ni\u00f1o Seve, Manuel Herrera en Juan Quir\u00f3s<\/strong> zorgen voor de begeleiding, terwijl <strong>Manuel Herrera Hijo<\/strong> een solobijdrage op gitaar zal verzorgen. <strong>Concha Carri\u00f3n en \u00c1ngel Pe\u00f1a<\/strong> zorgen voor de palmas en <strong>Salvador Milla<\/strong> presenteert het festival opnieuw.<\/p>\n<p>&nbsp;<\/p>\n<blockquote>\n<p><strong>Kort antwoord:<\/strong> Festival El B\u00facaro 2026 vindt plaats op 18 september om 22:00 uur in Hacienda Santa Cruz in La Rinconada. Een ticket kost \u20ac10 en wordt persoonlijk verkocht in Centro Cultural de La Villa en, als er nog plaatsen zijn, vanaf \u00e9\u00e9n uur voor aanvang aan de kassa van de Hacienda. Op de affiche staan onder anderen El Pele, Consuelo Hald\u00f3n, Rubito Hijo, Caracolillo de C\u00e1diz en Fernando El Goyo.<\/p>\n<\/blockquote>\n<\/div><\/div><\/div><\/div><\/div><div class=\"vc_col-sm-6 wpb_column vc_column_container\"><div class=\"vc_column-inner\"><div class=\"wpb_wrapper\"><div class=\"wpb_text_column\"><div class=\"wpb_wrapper\"><h3>El B\u00facaro 2026: essenti\u00eble informatie<\/h3>\n<ul>\n<li><strong>Evenement:<\/strong> 43e Festival de Cante Flamenco El B\u00facaro.<\/li>\n<li><strong>Datum:<\/strong> vrijdag 18 september 2026.<\/li>\n<li><strong>Tijd:<\/strong> 22:00 uur.<\/li>\n<li><strong>Locatie:<\/strong> Hacienda Santa Cruz.<\/li>\n<li><strong>Adres:<\/strong> Carretera de la Estaci\u00f3n 2, San Jos\u00e9 de La Rinconada, Sevilla.<\/li>\n<li><strong>Prijs:<\/strong> \u20ac10.<\/li>\n<li><strong>Voorverkoop:<\/strong> Centro Cultural de La Villa, van 10:00 tot 13:00 uur.<\/li>\n<li><strong>Kassa:<\/strong> vanaf 21:00 uur op de dag van het festival, alleen als er nog plaatsen beschikbaar zijn.<\/li>\n<li><strong>Organisatie:<\/strong> Pe\u00f1a Cultural Flamenca El B\u00facaro, met medewerking van de gemeente La Rinconada.<\/li>\n<li><strong>Presentatie:<\/strong> Salvador Milla.<\/li>\n<li><strong>Opdracht 2026:<\/strong> Jafelin Helten, oprichter van ExpoFlamenco.<\/li>\n<\/ul>\n<p><small>De organisatie kan tijden, beschikbaarheid of toegangsvoorwaarden wijzigen. Controleer de offici\u00eble informatie voordat je vertrekt.<\/small><\/p>\n<\/div><\/div><div class=\"w-separator size_medium\"><\/div><div class=\"w-hwrapper valign_top wrap stack_on_mobiles align_center\" style=\"--hwrapper-gap:1.2rem\"><div class=\"w-btn-wrapper align_none\"><a class=\"w-btn us-btn-style_1\" href=\"https:\/\/www.larinconada.es\/es\/noticias\/15493\/el-xliii-festival-de-cante-flamenco-el-bucaro-convierte-a-la-rinconada-en-referente-del-arte-jondo\"><span class=\"w-btn-label\">Offici\u00eble informatie bekijken<\/span><\/a><\/div><\/div><\/div><\/div><\/div><\/div><\/div><\/section><section class=\"l-section wpb_row height_huge color_alternate with_shape\"><div class=\"l-section-shape type_zigzag pos_top hor_flip\" style=\"height:3vmin;\"><svg xmlns=\"http:\/\/www.w3.org\/2000\/svg\" viewBox=\"0 0 64 8\" preserveAspectRatio=\"none\" width=\"100%\" height=\"100%\">\r\n\t<path fill=\"currentColor\" d=\"M64 8 L0 8 L0 0 L20 7.9 L40 3 L48 5 L64 0 Z\"\/>\r\n<\/svg><\/div><div class=\"l-section-shape type_zigzag pos_bottom\" style=\"height:3vmin;\"><svg xmlns=\"http:\/\/www.w3.org\/2000\/svg\" viewBox=\"0 0 64 8\" preserveAspectRatio=\"none\" width=\"100%\" height=\"100%\">\r\n\t<path fill=\"currentColor\" d=\"M64 8 L0 8 L0 0 L20 7.9 L40 3 L48 5 L64 0 Z\"\/>\r\n<\/svg><\/div><div class=\"l-section-h i-cf\"><div class=\"g-cols vc_row via_flex valign_top type_default stacking_default\"><div class=\"vc_col-sm-12 wpb_column vc_column_container\"><div class=\"vc_column-inner\"><div class=\"wpb_wrapper\"><div class=\"wpb_text_column\"><div class=\"wpb_wrapper\"><h2>Programma en artiesten van Festival El B\u00facaro 2026<\/h2>\n<p>De editie van 2026 is opgezet als een <strong>grote flamencoavond in \u00e9\u00e9n nacht<\/strong>. De avond begint om 22:00 uur en combineert cante, begeleidende gitaar, sologitaar en palmas. Op het moment dat deze gids werd opgesteld, had de organisatie de volledige affiche gepubliceerd, maar <strong>geen individuele volgorde of afzonderlijke aanvangstijden per artiest<\/strong>.<\/p>\n<p>Het programma moet daarom worden gezien als \u00e9\u00e9n gezamenlijke affiche en niet als een reeks afzonderlijke optredens met eigen tijden. Dit zijn de officieel aangekondigde artiesten.<\/p>\n<\/div><\/div><div class=\"w-separator size_medium\"><\/div><div class=\"g-cols wpb_row via_flex valign_top type_default stacking_default\"><div class=\"vc_col-sm-4 wpb_column vc_column_container\"><div class=\"vc_column-inner\"><div class=\"wpb_wrapper\"><div class=\"wpb_text_column\"><div class=\"wpb_wrapper\"><h3>Zang<\/h3>\n<ul>\n<li><strong>El Pele<\/strong>.<\/li>\n<li><strong>Consuelo Hald\u00f3n<\/strong>.<\/li>\n<li><strong>Rubito Hijo<\/strong>.<\/li>\n<li><strong>Caracolillo de C\u00e1diz<\/strong>.<\/li>\n<li><strong>Fernando El Goyo<\/strong>.<\/li>\n<\/ul>\n<\/div><\/div><\/div><\/div><\/div><div class=\"vc_col-sm-4 wpb_column vc_column_container\"><div class=\"vc_column-inner\"><div class=\"wpb_wrapper\"><div class=\"wpb_text_column\"><div class=\"wpb_wrapper\"><h3>Gitaar<\/h3>\n<ul>\n<li><strong>Antonio Carri\u00f3n<\/strong>.<\/li>\n<li><strong>Ni\u00f1o Seve<\/strong>.<\/li>\n<li><strong>Manuel Herrera<\/strong>.<\/li>\n<li><strong>Juan Quir\u00f3s<\/strong>.<\/li>\n<\/ul>\n<\/div><\/div><\/div><\/div><\/div><div class=\"vc_col-sm-4 wpb_column vc_column_container\"><div class=\"vc_column-inner\"><div class=\"wpb_wrapper\"><div class=\"wpb_text_column\"><div class=\"wpb_wrapper\"><h3>Sologitaar en palmas<\/h3>\n<ul>\n<li><strong>Manuel Herrera Hijo<\/strong>, sologitaar.<\/li>\n<li><strong>Concha Carri\u00f3n<\/strong>, palmas.<\/li>\n<li><strong>\u00c1ngel Pe\u00f1a<\/strong>, palmas.<\/li>\n<\/ul>\n<\/div><\/div><\/div><\/div><\/div><\/div><div class=\"w-separator size_medium\"><\/div><div class=\"wpb_text_column\"><div class=\"wpb_wrapper\"><p>De presentatie van de avond is opnieuw in handen van <strong>Salvador Milla<\/strong>. Deze editie is opgedragen aan <strong>Jafelin Helten<\/strong>, oprichter van ExpoFlamenco, als erkenning voor haar werk om flamenco onder de aandacht te brengen.<\/p>\n<\/div><\/div><\/div><\/div><\/div><\/div><\/div><\/section><section class=\"l-section wpb_row height_huge\"><div class=\"l-section-h i-cf\"><div class=\"g-cols vc_row via_flex valign_top type_default stacking_default\"><div class=\"vc_col-sm-6 wpb_column vc_column_container\"><div class=\"vc_column-inner\"><div class=\"wpb_wrapper\"><div class=\"wpb_text_column\"><div class=\"wpb_wrapper\"><h2>El Pele, headliner van de 43e editie<\/h2>\n<p>De aanwezigheid van <strong>El Pele<\/strong> is een van de belangrijkste troeven van El B\u00facaro 2026. De zanger uit C\u00f3rdoba komt naar La Rinconada als een van de meest karakteristieke stemmen van de hedendaagse flamenco, met een loopbaan van tientallen jaren en een manier van zingen waarin kennis van traditionele stijlen, expressieve vrijheid en grote podiumintensiteit samenkomen.<\/p>\n<p>Zijn deelname plaatst het festival in een herkenbare traditie: een geworteld pe\u00f1a-evenement dat toch artiesten van het hoogste niveau uitnodigt. Naast hem staat een affiche die verschillende kleuren van de cante laat horen.<\/p>\n<p><strong>Consuelo Hald\u00f3n<\/strong> heeft een loopbaan die sterk verbonden is met het traditionele repertoire; <strong>Rubito Hijo<\/strong> vertegenwoordigt de voortzetting van een flamencofamilie; <strong>Caracolillo de C\u00e1diz<\/strong> brengt het karakter van de zangstijlen uit C\u00e1diz naar het podium, terwijl <strong>Fernando El Goyo<\/strong> de directe band met Pe\u00f1a Cultural Flamenca El B\u00facaro zelf behoudt.<\/p>\n<p>Die combinatie van een gevestigde naam, ervaren artiesten en lokale aanwezigheid is precies een van de elementen die het festival al meer dan vier decennia continu\u00efteit geven.<\/p>\n<\/div><\/div><\/div><\/div><\/div><div class=\"vc_col-sm-6 wpb_column vc_column_container\"><div class=\"vc_column-inner\"><div class=\"wpb_wrapper\"><div class=\"wpb_text_column\"><div class=\"wpb_wrapper\"><h2>Een bijzonder sterke gitaarbezetting<\/h2>\n<p>De begeleiding in 2026 verdient afzonderlijke aandacht. <strong>Antonio Carri\u00f3n<\/strong>, in 2025 onderscheiden met de Gouden Medaille van de provincie Sevilla en al meer dan vijf decennia actief op het podium, maakt deel uit van een groep gitaristen met zeer ruime ervaring in recitals en festivals.<\/p>\n<p>Samen met hem spelen <strong>Ni\u00f1o Seve, Manuel Herrera en Juan Quir\u00f3s<\/strong>. De organisatie reserveert bovendien een apart moment voor de <strong>sologitaar van Manuel Herrera Hijo<\/strong>, vertegenwoordiger van een jongere generatie.<\/p>\n<p>Voor liefhebbers die evenveel aandacht hebben voor gitaar als voor cante biedt El B\u00facaro daarmee extra interesse: het gaat niet alleen om functionele begeleiding, maar om gitaristen met een eigen identiteit en een duidelijke rol tijdens de avond.<\/p>\n<p>De palmas van <strong>Concha Carri\u00f3n en \u00c1ngel Pe\u00f1a<\/strong> maken het ritmische gedeelte compleet.<\/p>\n<\/div><\/div><\/div><\/div><\/div><\/div><\/div><\/section><section class=\"l-section wpb_row height_huge color_alternate with_shape\"><div class=\"l-section-shape type_zigzag pos_top hor_flip\" style=\"height:3vmin;\"><svg xmlns=\"http:\/\/www.w3.org\/2000\/svg\" viewBox=\"0 0 64 8\" preserveAspectRatio=\"none\" width=\"100%\" height=\"100%\">\r\n\t<path fill=\"currentColor\" d=\"M64 8 L0 8 L0 0 L20 7.9 L40 3 L48 5 L64 0 Z\"\/>\r\n<\/svg><\/div><div class=\"l-section-shape type_zigzag pos_bottom\" style=\"height:3vmin;\"><svg xmlns=\"http:\/\/www.w3.org\/2000\/svg\" viewBox=\"0 0 64 8\" preserveAspectRatio=\"none\" width=\"100%\" height=\"100%\">\r\n\t<path fill=\"currentColor\" d=\"M64 8 L0 8 L0 0 L20 7.9 L40 3 L48 5 L64 0 Z\"\/>\r\n<\/svg><\/div><div class=\"l-section-h i-cf\"><div class=\"g-cols vc_row via_flex valign_top type_default stacking_default\"><div class=\"vc_col-sm-12 wpb_column vc_column_container\"><div class=\"vc_column-inner\"><div class=\"wpb_wrapper\"><div class=\"wpb_text_column\"><div class=\"wpb_wrapper\"><h2>Tickets voor El B\u00facaro 2026: prijs en waar je ze koopt<\/h2>\n<p>Tickets voor het 43e Festival de Cante Flamenco El B\u00facaro hebben een <strong>vaste prijs van \u20ac10<\/strong>. De voorverkoop begon op <strong>1 september<\/strong> en vindt persoonlijk plaats in het <strong>Centro Cultural de La Villa<\/strong>, in San Jos\u00e9 de La Rinconada.<\/p>\n<p>De aangekondigde verkoopuren zijn <strong>van 10:00 tot 13:00 uur<\/strong>. Op de dag van het festival opent ook de kassa van Hacienda Santa Cruz <strong>\u00e9\u00e9n uur voor aanvang<\/strong>, dus vanaf 21:00 uur, maar alleen als er nog plaatsen beschikbaar zijn.<\/p>\n<p>De aanwezigheid van een kassa betekent niet dat aankoop aan de deur gegarandeerd is. Met een ticketprijs van \u20ac10, een affiche aangevoerd door El Pele en een datum die samenvalt met een van de drukste flamencoperiodes van het jaar in Sevilla, raden wij aan om <strong>je ticket vooraf te kopen<\/strong> wanneer dat mogelijk is.<\/p>\n<p>Centro Cultural de La Villa bevindt zich aan <strong>Vereda de Chapatales 2, San Jos\u00e9 de La Rinconada<\/strong>. De gemeente vermeldt daarnaast het telefoonnummer van de afdeling Cultuur, <strong>955 79 41 42<\/strong>, voor informatie over de culturele locaties.<\/p>\n<\/div><\/div><\/div><\/div><\/div><\/div><\/div><\/section><section class=\"l-section wpb_row height_huge\"><div class=\"l-section-h i-cf\"><div class=\"g-cols vc_row via_flex valign_top type_default stacking_default\"><div class=\"vc_col-sm-6 wpb_column vc_column_container\"><div class=\"vc_column-inner\"><div class=\"wpb_wrapper\"><div class=\"wpb_text_column\"><div class=\"wpb_wrapper\"><h2>Waar vindt het festival plaats: Hacienda Santa Cruz<\/h2>\n<p>Het festival vindt plaats in <strong>Hacienda Santa Cruz<\/strong>, aan <strong>Carretera de la Estaci\u00f3n 2<\/strong>, in San Jos\u00e9 de La Rinconada. De locatie maakt deel uit van het gemeentelijke netwerk van culturele ruimtes en wordt opnieuw het ontmoetingspunt voor een van de grote flamencoavonden van de gemeente.<\/p>\n<p>De keuze voor de Hacienda is geen detail. El B\u00facaro hoort bij de Andalusische festivaltraditie waarin de locatie, de sfeer van de avond en de nabijheid tussen artiesten en publiek net zo belangrijk zijn voor de ervaring als de affiche zelf.<\/p>\n<p>Wie vanuit Sevilla reist, doet er goed aan ruim op tijd te komen. Het festival begint om 22:00 uur en als er nog tickets zijn, opent de kassa een uur eerder. Wie al een ticket heeft, kan de vroege aankomst ook gebruiken om de tentoonstelling van deze editie te bezoeken, voor zover de openingstijden dat toelaten.<\/p>\n<\/div><\/div><\/div><\/div><\/div><div class=\"vc_col-sm-6 wpb_column vc_column_container\"><div class=\"vc_column-inner\"><div class=\"wpb_wrapper\"><div class=\"wpb_text_column\"><div class=\"wpb_wrapper\"><h2>Hoe kom je vanuit Sevilla naar San Jos\u00e9 de La Rinconada?<\/h2>\n<p>San Jos\u00e9 de La Rinconada maakt deel uit van de metropool Sevilla en is bereikbaar met de <strong>Cercan\u00edas-trein<\/strong> op de lijn Sevilla\u2013Lora del R\u00edo en met regionale bussen. Voor een evenement dat om 22:00 uur begint en tot laat kan duren, is niet alleen de heenreis belangrijk, maar vooral ook <strong>controleren wat de laatste verbinding terug is<\/strong>.<\/p>\n<p>Als je afhankelijk bent van openbaar vervoer, raden we aan om op 18 september zelf de actuele dienstregelingen van Renfe Cercan\u00edas en het Consorcio de Transportes te controleren. De avondverbindingen sluiten mogelijk niet aan op het daadwerkelijke einde van een flamencoavond als deze.<\/p>\n<p>Voor groepen of bezoekers die in Sevilla verblijven, kan de auto, taxi of een ritdienst comfortabeler zijn voor de terugreis, vooral als je tot het einde wilt blijven zonder rekening te hoeven houden met de laatste verbinding.<\/p>\n<p>Hacienda Santa Cruz ligt aan Carretera de la Estaci\u00f3n 2. Voer bij voorkeur de volledige naam van de locatie of het exacte adres in je navigatie in om verwarring met andere locaties in de gemeente te voorkomen.<\/p>\n<\/div><\/div><\/div><\/div><\/div><\/div><\/div><\/section><section class=\"l-section wpb_row height_huge color_alternate with_shape\"><div class=\"l-section-shape type_zigzag pos_top hor_flip\" style=\"height:3vmin;\"><svg xmlns=\"http:\/\/www.w3.org\/2000\/svg\" viewBox=\"0 0 64 8\" preserveAspectRatio=\"none\" width=\"100%\" height=\"100%\">\r\n\t<path fill=\"currentColor\" d=\"M64 8 L0 8 L0 0 L20 7.9 L40 3 L48 5 L64 0 Z\"\/>\r\n<\/svg><\/div><div class=\"l-section-shape type_zigzag pos_bottom\" style=\"height:3vmin;\"><svg xmlns=\"http:\/\/www.w3.org\/2000\/svg\" viewBox=\"0 0 64 8\" preserveAspectRatio=\"none\" width=\"100%\" height=\"100%\">\r\n\t<path fill=\"currentColor\" d=\"M64 8 L0 8 L0 0 L20 7.9 L40 3 L48 5 L64 0 Z\"\/>\r\n<\/svg><\/div><div class=\"l-section-h i-cf\"><div class=\"g-cols vc_row via_flex valign_top type_default stacking_default\"><div class=\"vc_col-sm-12 wpb_column vc_column_container\"><div class=\"vc_column-inner\"><div class=\"wpb_wrapper\"><div class=\"wpb_text_column\"><div class=\"wpb_wrapper\"><h2>\u201cDame el B\u00facaro\u201d: hedendaagse kunst en flamenco rond het festival<\/h2>\n<p>Een van de interessantste nieuwe onderdelen van de 43e editie is <strong>\u201cDame el B\u00facaro\u201d<\/strong>, een project van de gemeente La Rinconada in samenwerking met Pe\u00f1a Cultural Flamenca El B\u00facaro. Het initiatief bracht <strong>50 hedendaagse kunstenaars<\/strong> samen om vijftig witte aardewerken b\u00facaros te bewerken, ge\u00efnspireerd op de wereld van flamencoteksten.<\/p>\n<p>Het resultaat wordt als tentoonstelling gepresenteerd in <strong>Hacienda Santa Cruz<\/strong> en is te bezoeken <strong>tot en met 20 september 2026<\/strong>. Het project verbindt drie vormen die doorgaans niet samenkomen op een festival voor cante: de materi\u00eble traditie van de b\u00facaro, de literatuur van flamencocoplas en hedendaagse beeldende kunst.<\/p>\n<p>Het winnende werk van de eerste editie van het project is <strong>\u201cOjos Verdes\u201d<\/strong>, van de uit Mor\u00f3n afkomstige kunstenares <strong>Marina Ortiz<\/strong>. Dit werk is de <strong>offici\u00eble afbeelding van de affiche van het 43e Festival<\/strong>. Daarnaast werden de twaalf hoogst gewaardeerde werken gekoppeld aan de twaalf artiesten op de festivalaffiche, waardoor een speciale visuele collectie voor deze editie ontstond.<\/p>\n<p>Wie speciaal voor El B\u00facaro reist, doet er goed aan de openingstijden van de tentoonstelling te bekijken en het bezoek als meer dan alleen \u00e9\u00e9n avond cante te plannen.<\/p>\n<\/div><\/div><\/div><\/div><\/div><\/div><\/div><\/section><section class=\"l-section wpb_row height_huge\"><div class=\"l-section-h i-cf\"><div class=\"g-cols vc_row via_flex valign_top type_default stacking_default\"><div class=\"vc_col-sm-6 wpb_column vc_column_container\"><div class=\"vc_column-inner\"><div class=\"wpb_wrapper\"><div class=\"wpb_text_column\"><div class=\"wpb_wrapper\"><h2>Een pe\u00f1a-festival met 43 edities continu\u00efteit<\/h2>\n<p>Het Festival de Cante Flamenco El B\u00facaro wordt georganiseerd door <strong>Pe\u00f1a Cultural Flamenca El B\u00facaro<\/strong> met medewerking van de gemeente La Rinconada. Met 43 edities behoort het evenement tot de gevestigde festivals in de provincie Sevilla en laat het zien welke rol pe\u00f1as nog altijd spelen in het in stand houden van vaste circuits voor cante.<\/p>\n<p>De filosofie van de organisatie combineert drie elementen: <strong>artistieke kwaliteit, het verdedigen van flamenco en overdracht aan nieuwe generaties<\/strong>. De affiche van 2026 sluit daar goed op aan: een gevestigde naam als El Pele, artiesten uit verschillende regio\u2019s en generaties, lokale vertegenwoordiging en veel aandacht voor gitaar.<\/p>\n<p>Het festival herinnert er ook aan dat een groot deel van het Andalusische flamencoleven buiten de grote theaters plaatsvindt. Pe\u00f1as, lokale festivals en provinciale circuits vormen een essentieel netwerk voor direct contact tussen aficionados en artiesten.<\/p>\n<p>Bij Tablaos Flamencos volgen we ook het <a href=\"https:\/\/www.tablaosflamencos.com\/circuito-andaluz-penas-flamencas-2026.html\">Andalusische Pe\u00f1a-circuit 2026<\/a>, dat dit jaar 225 gratis recitals in heel Andalusi\u00eb omvat.<\/p>\n<\/div><\/div><\/div><\/div><\/div><div class=\"vc_col-sm-6 wpb_column vc_column_container\"><div class=\"vc_column-inner\"><div class=\"wpb_wrapper\"><div class=\"wpb_text_column\"><div class=\"wpb_wrapper\"><h2>El B\u00facaro en de Flamenco Bi\u00ebnnale: twee opties op 18 september<\/h2>\n<p>De datum maakt het extra interessant voor wie in september in Sevilla is: <strong>El B\u00facaro vindt plaats midden tijdens de 24e Flamenco Bi\u00ebnnale van Sevilla<\/strong>. 18 september valt in een van de drukste weken van het programma in de hoofdstad, waardoor de avond in La Rinconada een alternatief of aanvulling is voor aficionados die het centrum van Sevilla willen verlaten en een andere flamencosfeer willen ervaren.<\/p>\n<p>De ervaringen zijn niet hetzelfde. De Bi\u00ebnnale biedt grote podiumproducties, premi\u00e8res en theaters van verschillende formaten. El B\u00facaro volgt de logica van een pe\u00f1a-festival: een lange avond, een gezamenlijke affiche, veel aandacht voor cante en gitaar en directer contact met de traditie van lokale festivals.<\/p>\n<p>Als je die dagen plant, bekijk dan onze gids <a href=\"https:\/\/www.tablaosflamencos.com\/que-ver-bienal-flamenco-sevilla-14-20-septiembre-2026.html\">Wat te zien op de Bi\u00ebnnale van 14 tot en met 20 september 2026<\/a> om het programma in de stad te vergelijken.<\/p>\n<p>We hebben ook voorstellen buiten het offici\u00eble programma verzameld in <a href=\"https:\/\/www.tablaosflamencos.com\/flamenco-sevilla-bienal-2026-espectaculos-fuera-programacion-oficial.html\">Flamenco in Sevilla tijdens de Bi\u00ebnnale: waar je voorstellingen ziet buiten het offici\u00eble programma<\/a>.<\/p>\n<\/div><\/div><\/div><\/div><\/div><\/div><\/div><\/section><section class=\"l-section wpb_row height_huge color_alternate with_shape\"><div class=\"l-section-shape type_zigzag pos_top hor_flip\" style=\"height:3vmin;\"><svg xmlns=\"http:\/\/www.w3.org\/2000\/svg\" viewBox=\"0 0 64 8\" preserveAspectRatio=\"none\" width=\"100%\" height=\"100%\">\r\n\t<path fill=\"currentColor\" d=\"M64 8 L0 8 L0 0 L20 7.9 L40 3 L48 5 L64 0 Z\"\/>\r\n<\/svg><\/div><div class=\"l-section-shape type_zigzag pos_bottom\" style=\"height:3vmin;\"><svg xmlns=\"http:\/\/www.w3.org\/2000\/svg\" viewBox=\"0 0 64 8\" preserveAspectRatio=\"none\" width=\"100%\" height=\"100%\">\r\n\t<path fill=\"currentColor\" d=\"M64 8 L0 8 L0 0 L20 7.9 L40 3 L48 5 L64 0 Z\"\/>\r\n<\/svg><\/div><div class=\"l-section-h i-cf\"><div class=\"g-cols vc_row via_flex valign_top type_default stacking_default\"><div class=\"vc_col-sm-12 wpb_column vc_column_container\"><div class=\"vc_column-inner\"><div class=\"wpb_wrapper\"><div class=\"wpb_text_column\"><div class=\"wpb_wrapper\"><h2>Onze aanbeveling voor Festival El B\u00facaro 2026<\/h2>\n<p>Als je vooral cante wilt horen, <strong>is El B\u00facaro een van de interessantste evenementen rond Sevilla op 18 september<\/strong>. De affiche volgt een heel flamenco-eigen logica: vijf zangers met verschillende profielen, vier begeleidende gitaristen, sologitaar en een palmas-team dat de avond completeert zonder het festival in een reeks grote producties te veranderen.<\/p>\n<p>We raden het vooral aan aan bezoekers die het tablao- of theaterformat al kennen en de sfeer van een traditioneel provinciaal festival willen meemaken. Ook voor gitaarliefhebbers is het een sterke keuze dankzij Antonio Carri\u00f3n, Manuel Herrera, Ni\u00f1o Seve, Juan Quir\u00f3s en Manuel Herrera Hijo.<\/p>\n<p>Drie praktische tips kunnen het verschil maken:<\/p>\n<ul>\n<li><strong>Koop je ticket v\u00f3\u00f3r de 18e<\/strong> als je de mogelijkheid hebt om langs Centro Cultural de La Villa te gaan.<\/li>\n<li><strong>Plan de terugreis voordat je Sevilla verlaat<\/strong> als je met het openbaar vervoer reist.<\/li>\n<li><strong>Kom ruim op tijd<\/strong> en controleer de openingstijden van \u201cDame el B\u00facaro\u201d als je de tentoonstelling aan je bezoek wilt toevoegen.<\/li>\n<\/ul>\n<p>Als je geen ticket kunt krijgen, liever in Sevilla blijft of je reis wilt aanvullen met nog een flamencoavond, kun je de beschikbare tablao-voorstellingen in de stad vergelijken.<\/p>\n<\/div><\/div><div class=\"w-separator size_medium\"><\/div><div class=\"w-hwrapper valign_top wrap stack_on_mobiles align_center\" style=\"--hwrapper-gap:1.2rem\"><div class=\"w-btn-wrapper align_none\"><a class=\"w-btn us-btn-style_1\" href=\"https:\/\/www.tablaosflamencos.com\/nl\/flamenco-in-sevilla\"><span class=\"w-btn-label\">Bekijk flamencovoorstellingen in Sevilla<\/span><\/a><\/div><\/div><\/div><\/div><\/div><\/div><\/div><\/section><section class=\"l-section wpb_row height_huge\"><div class=\"l-section-h i-cf\"><div class=\"g-cols vc_row via_flex valign_top type_default stacking_default\"><div class=\"vc_col-sm-1\/5 wpb_column vc_column_container\"><div class=\"vc_column-inner\"><div class=\"wpb_wrapper\"><\/div><\/div><\/div><div class=\"vc_col-sm-3\/5 wpb_column vc_column_container\"><div class=\"vc_column-inner\"><div class=\"wpb_wrapper\"><div class=\"wpb_text_column\"><div class=\"wpb_wrapper\"><h2>Veelgestelde vragen over Festival El B\u00facaro 2026<\/h2>\n<\/div><\/div><div class=\"w-separator size_medium\"><\/div><div class=\"w-tabs accordion toggle_style_1 has_scrolling\" style=\"--sections-title-size:inherit;--sections-gap:0.5rem;\"><div class=\"w-tabs-sections titles-align_none icon_plus cpos_left\"><div class=\"w-tabs-section\" id=\"q9c3\" itemscope itemprop=\"mainEntity\" itemtype=\"https:\/\/schema.org\/Question\"><button type=\"button\" class=\"w-tabs-section-header\" aria-controls=\"content-q9c3\" aria-expanded=\"false\"><h3 class=\"w-tabs-section-title\" itemprop=\"name\">Wanneer vindt Festival El B\u00facaro 2026 plaats?<\/h3><div class=\"w-tabs-section-control\"><\/div><\/button><div  class=\"w-tabs-section-content\" id=\"content-q9c3\" itemscope itemprop=\"acceptedAnswer\" itemtype=\"https:\/\/schema.org\/Answer\"><div class=\"w-tabs-section-content-h i-cf\" itemprop=\"text\"><div class=\"wpb_text_column\"><div class=\"wpb_wrapper\"><p>Het 43e Festival de Cante Flamenco El B\u00facaro vindt plaats op vrijdag 18 september 2026. De avond begint om 22:00 uur.<\/p>\n<\/div><\/div><\/div><\/div><\/div><div class=\"w-tabs-section\" id=\"kab7\" itemscope itemprop=\"mainEntity\" itemtype=\"https:\/\/schema.org\/Question\"><button type=\"button\" class=\"w-tabs-section-header\" aria-controls=\"content-kab7\" aria-expanded=\"false\"><h3 class=\"w-tabs-section-title\" itemprop=\"name\">Waar vindt El B\u00facaro 2026 plaats?<\/h3><div class=\"w-tabs-section-control\"><\/div><\/button><div  class=\"w-tabs-section-content\" id=\"content-kab7\" itemscope itemprop=\"acceptedAnswer\" itemtype=\"https:\/\/schema.org\/Answer\"><div class=\"w-tabs-section-content-h i-cf\" itemprop=\"text\"><div class=\"wpb_text_column\"><div class=\"wpb_wrapper\"><p>Het festival vindt plaats in Hacienda Santa Cruz, aan Carretera de la Estaci\u00f3n 2, in San Jos\u00e9 de La Rinconada, gemeente La Rinconada, Sevilla.<\/p>\n<\/div><\/div><\/div><\/div><\/div><div class=\"w-tabs-section\" id=\"rb8f\" itemscope itemprop=\"mainEntity\" itemtype=\"https:\/\/schema.org\/Question\"><button type=\"button\" class=\"w-tabs-section-header\" aria-controls=\"content-rb8f\" aria-expanded=\"false\"><h3 class=\"w-tabs-section-title\" itemprop=\"name\">Wie treedt op tijdens Festival El B\u00facaro 2026?<\/h3><div class=\"w-tabs-section-control\"><\/div><\/button><div  class=\"w-tabs-section-content\" id=\"content-rb8f\" itemscope itemprop=\"acceptedAnswer\" itemtype=\"https:\/\/schema.org\/Answer\"><div class=\"w-tabs-section-content-h i-cf\" itemprop=\"text\"><div class=\"wpb_text_column\"><div class=\"wpb_wrapper\"><p>Als zangers zijn El Pele, Consuelo Hald\u00f3n, Rubito Hijo, Caracolillo de C\u00e1diz en Fernando El Goyo aangekondigd. De gitaarbegeleiding wordt verzorgd door Antonio Carri\u00f3n, Ni\u00f1o Seve, Manuel Herrera en Juan Quir\u00f3s. Manuel Herrera Hijo speelt sologitaar en Concha Carri\u00f3n en \u00c1ngel Pe\u00f1a verzorgen de palmas.<\/p>\n<\/div><\/div><\/div><\/div><\/div><div class=\"w-tabs-section\" id=\"cc59\" itemscope itemprop=\"mainEntity\" itemtype=\"https:\/\/schema.org\/Question\"><button type=\"button\" class=\"w-tabs-section-header\" aria-controls=\"content-cc59\" aria-expanded=\"false\"><h3 class=\"w-tabs-section-title\" itemprop=\"name\">Wat kosten tickets voor El B\u00facaro 2026?<\/h3><div class=\"w-tabs-section-control\"><\/div><\/button><div  class=\"w-tabs-section-content\" id=\"content-cc59\" itemscope itemprop=\"acceptedAnswer\" itemtype=\"https:\/\/schema.org\/Answer\"><div class=\"w-tabs-section-content-h i-cf\" itemprop=\"text\"><div class=\"wpb_text_column\"><div class=\"wpb_wrapper\"><p>Tickets kosten \u20ac10. De voorverkoop vindt plaats in Centro Cultural de La Villa van 10:00 tot 13:00 uur.<\/p>\n<\/div><\/div><\/div><\/div><\/div><div class=\"w-tabs-section\" id=\"kd34\" itemscope itemprop=\"mainEntity\" itemtype=\"https:\/\/schema.org\/Question\"><button type=\"button\" class=\"w-tabs-section-header\" aria-controls=\"content-kd34\" aria-expanded=\"false\"><h3 class=\"w-tabs-section-title\" itemprop=\"name\">Kun je op de dag van het festival nog tickets kopen?<\/h3><div class=\"w-tabs-section-control\"><\/div><\/button><div  class=\"w-tabs-section-content\" id=\"content-kd34\" itemscope itemprop=\"acceptedAnswer\" itemtype=\"https:\/\/schema.org\/Answer\"><div class=\"w-tabs-section-content-h i-cf\" itemprop=\"text\"><div class=\"wpb_text_column\"><div class=\"wpb_wrapper\"><p>Ja, zolang er nog plaatsen beschikbaar zijn. De kassa van Hacienda Santa Cruz opent \u00e9\u00e9n uur voor aanvang, vanaf 21:00 uur. Daarom is vooraf kopen aan te raden wanneer dat mogelijk is.<\/p>\n<\/div><\/div><\/div><\/div><\/div><div class=\"w-tabs-section\" id=\"udfa\" itemscope itemprop=\"mainEntity\" itemtype=\"https:\/\/schema.org\/Question\"><button type=\"button\" class=\"w-tabs-section-header\" aria-controls=\"content-udfa\" aria-expanded=\"false\"><h3 class=\"w-tabs-section-title\" itemprop=\"name\">Is er een tijdschema per artiest?<\/h3><div class=\"w-tabs-section-control\"><\/div><\/button><div  class=\"w-tabs-section-content\" id=\"content-udfa\" itemscope itemprop=\"acceptedAnswer\" itemtype=\"https:\/\/schema.org\/Answer\"><div class=\"w-tabs-section-content-h i-cf\" itemprop=\"text\"><div class=\"wpb_text_column\"><div class=\"wpb_wrapper\"><p>Er is geen afzonderlijk tijdschema per artiest gepubliceerd. Het offici\u00eble programma noemt 22:00 uur als algemene aanvang en presenteert de volledige affiche van de avond zonder een tijdgebonden volgorde van optredens.<\/p>\n<\/div><\/div><\/div><\/div><\/div><div class=\"w-tabs-section\" id=\"yecb\" itemscope itemprop=\"mainEntity\" itemtype=\"https:\/\/schema.org\/Question\"><button type=\"button\" class=\"w-tabs-section-header\" aria-controls=\"content-yecb\" aria-expanded=\"false\"><h3 class=\"w-tabs-section-title\" itemprop=\"name\">Wat is Dame el B\u00facaro?<\/h3><div class=\"w-tabs-section-control\"><\/div><\/button><div  class=\"w-tabs-section-content\" id=\"content-yecb\" itemscope itemprop=\"acceptedAnswer\" itemtype=\"https:\/\/schema.org\/Answer\"><div class=\"w-tabs-section-content-h i-cf\" itemprop=\"text\"><div class=\"wpb_text_column\"><div class=\"wpb_wrapper\"><p>Het is een kunstproject rond de 43e editie van het festival waarbij 50 aardewerken b\u00facaros door 50 hedendaagse kunstenaars zijn bewerkt, ge\u00efnspireerd op flamencoteksten. Volgens de gemeentelijke informatie is de tentoonstelling tot en met 20 september 2026 te bezoeken in Hacienda Santa Cruz.<\/p>\n<\/div><\/div><\/div><\/div><\/div><div class=\"w-tabs-section\" id=\"jf91\" itemscope itemprop=\"mainEntity\" itemtype=\"https:\/\/schema.org\/Question\"><button type=\"button\" class=\"w-tabs-section-header\" aria-controls=\"content-jf91\" aria-expanded=\"false\"><h3 class=\"w-tabs-section-title\" itemprop=\"name\">Kun je vanuit Sevilla met het openbaar vervoer gaan?<\/h3><div class=\"w-tabs-section-control\"><\/div><\/button><div  class=\"w-tabs-section-content\" id=\"content-jf91\" itemscope itemprop=\"acceptedAnswer\" itemtype=\"https:\/\/schema.org\/Answer\"><div class=\"w-tabs-section-content-h i-cf\" itemprop=\"text\"><div class=\"wpb_text_column\"><div class=\"wpb_wrapper\"><p>Ja. San Jos\u00e9 de La Rinconada is bereikbaar met Cercan\u00edas op de lijn Sevilla\u2013Lora del R\u00edo en met regionale bussen. Omdat het festival om 22:00 uur begint en laat kan eindigen, is het vooral belangrijk om de laatste terugverbindingen op 18 september te controleren.<\/p>\n<\/div><\/div><\/div><\/div><\/div><\/div><\/div><\/div><\/div><\/div><div class=\"vc_col-sm-1\/5 wpb_column vc_column_container\"><div class=\"vc_column-inner\"><div class=\"wpb_wrapper\"><\/div><\/div><\/div><\/div><\/div><\/section><section class=\"l-section wpb_row height_huge color_alternate with_shape\"><div class=\"l-section-shape type_zigzag pos_top hor_flip\" style=\"height:3vmin;\"><svg xmlns=\"http:\/\/www.w3.org\/2000\/svg\" viewBox=\"0 0 64 8\" preserveAspectRatio=\"none\" width=\"100%\" height=\"100%\">\r\n\t<path fill=\"currentColor\" d=\"M64 8 L0 8 L0 0 L20 7.9 L40 3 L48 5 L64 0 Z\"\/>\r\n<\/svg><\/div><div class=\"l-section-shape type_zigzag pos_bottom\" style=\"height:3vmin;\"><svg xmlns=\"http:\/\/www.w3.org\/2000\/svg\" viewBox=\"0 0 64 8\" preserveAspectRatio=\"none\" width=\"100%\" height=\"100%\">\r\n\t<path fill=\"currentColor\" d=\"M64 8 L0 8 L0 0 L20 7.9 L40 3 L48 5 L64 0 Z\"\/>\r\n<\/svg><\/div><div class=\"l-section-h i-cf\"><div class=\"g-cols vc_row via_flex valign_top type_default stacking_default\"><div class=\"vc_col-sm-12 wpb_column vc_column_container\"><div class=\"vc_column-inner\"><div class=\"wpb_wrapper\"><div class=\"wpb_text_column\"><div class=\"wpb_wrapper\"><h2>Bronnen en actualisering<\/h2>\n<p>Voor deze gids hebben we de beschikbare gemeentelijke en toeristische informatie over de editie van 2026 vergeleken, met voorrang voor offici\u00eble bronnen.<\/p>\n<ul>\n<li><a href=\"https:\/\/www.larinconada.es\/es\/noticias\/15493\/el-xliii-festival-de-cante-flamenco-el-bucaro-convierte-a-la-rinconada-en-referente-del-arte-jondo\" target=\"_blank\" rel=\"noopener\">Gemeente La Rinconada \u2014 offici\u00eble presentatie van het 43e Festival El B\u00facaro<\/a>.<\/li>\n<li><a href=\"https:\/\/www.larinconada.es\/es\/noticias\/15541\/50-bucaros-intervenidos-por-medio-centenar-de-artistas-se-reunen-en-una-exposicion-en-la-hacienda-santa-cruz\" target=\"_blank\" rel=\"noopener\">Gemeente La Rinconada \u2014 tentoonstelling \u201cDame el B\u00facaro\u201d<\/a>.<\/li>\n<li><a href=\"https:\/\/www.turismosevilla.org\/es\/eventos-y-fiestas\/xliii-festival-flamenco-el-bucaro\" target=\"_blank\" rel=\"noopener\">Toerisme Provincie Sevilla \u2014 43e Festival Flamenco El B\u00facaro<\/a>.<\/li>\n<li><a href=\"https:\/\/www.juntadeandalucia.es\/cultura\/agendaculturaldeandalucia\/espacios\/hacienda-santa-cruz-san-jose-de-la-rinconada\" target=\"_blank\" rel=\"noopener\">Culturele Agenda Andalusi\u00eb \u2014 Hacienda Santa Cruz<\/a>.<\/li>\n<\/ul>\n<p><small>Informatie gecontroleerd op 5 september 2026. Beschikbaarheid van tickets, tijden, volgorde van optredens en toegangsvoorwaarden kunnen wijzigen. Controleer altijd de offici\u00eble kanalen voordat je vertrekt.<\/small><\/p>\n<\/div><\/div><\/div><\/div><\/div><\/div><\/div><\/section>\n","protected":false},"excerpt":{"rendered":"<p>Gids voor Festival El B\u00facaro 2026 in La Rinconada: datum, tijd, artiesten, tickets, programma, Hacienda Santa Cruz, reizen vanuit Sevilla en tentoonstelling Dame el B\u00facaro.<\/p>\n","protected":false},"author":1,"featured_media":14943,"comment_status":"closed","ping_status":"closed","sticky":false,"template":"","format":"standard","meta":{"_acf_changed":false,"wpai_generated_summary":"","_ayudawp_aiss_exclude":false,"_ayudawp_aiss_exclude_summary":false,"_ayudawp_aiss_summary":"","_ayudawp_aiss_summary_provider":"","_ayudawp_aiss_summary_hash":"","footnotes":""},"categories":[1672],"tags":[1230,1133,1728,1944,1419],"class_list":["post-15094","post","type-post","status-publish","format-standard","has-post-thumbnail","hentry","category-flamencofestivals","tag-festivales-flamencos","tag-flamenco-en-sevilla","tag-flamencoartiesten","tag-flamenco-penas-nl","tag-flamencozang"],"acf":[],"yoast_head":"<!-- This site is optimized with the Yoast SEO Premium plugin v28.4 (Yoast SEO v28.4) - https:\/\/yoast.com\/product\/yoast-seo-premium-wordpress\/ -->\n<title>Festival El B\u00facaro 2026: programma, artiesten en tickets<\/title>\n<meta name=\"description\" content=\"Festival El B\u00facaro 2026 in La Rinconada: datum, tijd, volledig programma, tickets voor \u20ac10, Hacienda Santa Cruz, route en Dame el B\u00facaro.\" \/>\n<meta name=\"robots\" content=\"index, follow, max-snippet:-1, max-image-preview:large, max-video-preview:-1\" \/>\n<link rel=\"canonical\" href=\"https:\/\/www.tablaosflamencos.com\/nl\/festival-el-bucaro-2026-programma-artiesten-datum-tickets.html\" \/>\n<meta property=\"og:locale\" content=\"nl_NL\" \/>\n<meta property=\"og:type\" content=\"article\" \/>\n<meta property=\"og:title\" content=\"Festival El B\u00facaro 2026: programma, artiesten, datum en alles wat je moet weten\" \/>\n<meta property=\"og:description\" content=\"Festival El B\u00facaro 2026 in La Rinconada: datum, tijd, volledig programma, tickets voor \u20ac10, Hacienda Santa Cruz, route en Dame el B\u00facaro.\" \/>\n<meta property=\"og:url\" content=\"https:\/\/www.tablaosflamencos.com\/nl\/festival-el-bucaro-2026-programma-artiesten-datum-tickets.html\" \/>\n<meta property=\"og:site_name\" content=\"Tablaos Flamencos\" \/>\n<meta property=\"article:publisher\" content=\"https:\/\/www.facebook.com\/tablaosflamencos\" \/>\n<meta property=\"article:published_time\" content=\"2026-09-06T14:15:05+00:00\" \/>\n<meta property=\"article:modified_time\" content=\"2026-09-06T17:33:05+00:00\" \/>\n<meta property=\"og:image\" content=\"https:\/\/www.tablaosflamencos.com\/wp-content\/uploads\/festival-el-bucaro-2026-programa-artistas-fecha-y-todo-lo-que-necesitas-saber-01.webp\" \/>\n\t<meta property=\"og:image:width\" content=\"1536\" \/>\n\t<meta property=\"og:image:height\" content=\"1024\" \/>\n\t<meta property=\"og:image:type\" content=\"image\/webp\" \/>\n<meta name=\"author\" content=\"Miguel Ortiz\" \/>\n<meta name=\"twitter:card\" content=\"summary_large_image\" \/>\n<meta name=\"twitter:creator\" content=\"@tablaosflamenco\" \/>\n<meta name=\"twitter:site\" content=\"@tablaosflamenco\" \/>\n<meta name=\"twitter:label1\" content=\"Geschreven door\" \/>\n\t<meta name=\"twitter:data1\" content=\"Miguel Ortiz\" \/>\n\t<meta name=\"twitter:label2\" content=\"Geschatte leestijd\" \/>\n\t<meta name=\"twitter:data2\" content=\"15 minuten\" \/>\n<script type=\"application\/ld+json\" class=\"yoast-schema-graph\">{\"@context\":\"https:\\\/\\\/schema.org\",\"@graph\":[{\"@type\":\"Article\",\"@id\":\"https:\\\/\\\/www.tablaosflamencos.com\\\/nl\\\/festival-el-bucaro-2026-programma-artiesten-datum-tickets.html#article\",\"isPartOf\":{\"@id\":\"https:\\\/\\\/www.tablaosflamencos.com\\\/nl\\\/festival-el-bucaro-2026-programma-artiesten-datum-tickets.html\"},\"author\":{\"name\":\"Miguel Ortiz\",\"@id\":\"https:\\\/\\\/www.tablaosflamencos.com\\\/nl#\\\/schema\\\/person\\\/e7a9ebe14eb75a52ceabfbffb3c54f5d\"},\"headline\":\"Festival El B\u00facaro 2026: programma, artiesten, datum en alles wat je moet weten\",\"datePublished\":\"2026-09-06T14:15:05+00:00\",\"dateModified\":\"2026-09-06T17:33:05+00:00\",\"mainEntityOfPage\":{\"@id\":\"https:\\\/\\\/www.tablaosflamencos.com\\\/nl\\\/festival-el-bucaro-2026-programma-artiesten-datum-tickets.html\"},\"wordCount\":3102,\"publisher\":{\"@id\":\"https:\\\/\\\/www.tablaosflamencos.com\\\/nl#organization\"},\"image\":{\"@id\":\"https:\\\/\\\/www.tablaosflamencos.com\\\/nl\\\/festival-el-bucaro-2026-programma-artiesten-datum-tickets.html#primaryimage\"},\"thumbnailUrl\":\"https:\\\/\\\/www.tablaosflamencos.com\\\/wp-content\\\/uploads\\\/festival-el-bucaro-2026-programa-artistas-fecha-y-todo-lo-que-necesitas-saber-01.webp\",\"keywords\":[\"festivales flamencos\",\"flamenco en Sevilla\",\"flamencoartiesten\",\"flamencope\u00f1as\",\"flamencozang\"],\"articleSection\":[\"Flamencofestivals\"],\"inLanguage\":\"nl-NL\"},{\"@type\":\"WebPage\",\"@id\":\"https:\\\/\\\/www.tablaosflamencos.com\\\/nl\\\/festival-el-bucaro-2026-programma-artiesten-datum-tickets.html\",\"url\":\"https:\\\/\\\/www.tablaosflamencos.com\\\/nl\\\/festival-el-bucaro-2026-programma-artiesten-datum-tickets.html\",\"name\":\"Festival El B\u00facaro 2026: programma, artiesten en tickets\",\"isPartOf\":{\"@id\":\"https:\\\/\\\/www.tablaosflamencos.com\\\/nl#website\"},\"primaryImageOfPage\":{\"@id\":\"https:\\\/\\\/www.tablaosflamencos.com\\\/nl\\\/festival-el-bucaro-2026-programma-artiesten-datum-tickets.html#primaryimage\"},\"image\":{\"@id\":\"https:\\\/\\\/www.tablaosflamencos.com\\\/nl\\\/festival-el-bucaro-2026-programma-artiesten-datum-tickets.html#primaryimage\"},\"thumbnailUrl\":\"https:\\\/\\\/www.tablaosflamencos.com\\\/wp-content\\\/uploads\\\/festival-el-bucaro-2026-programa-artistas-fecha-y-todo-lo-que-necesitas-saber-01.webp\",\"datePublished\":\"2026-09-06T14:15:05+00:00\",\"dateModified\":\"2026-09-06T17:33:05+00:00\",\"description\":\"Festival El B\u00facaro 2026 in La Rinconada: datum, tijd, volledig programma, tickets voor \u20ac10, Hacienda Santa Cruz, route en Dame el B\u00facaro.\",\"breadcrumb\":{\"@id\":\"https:\\\/\\\/www.tablaosflamencos.com\\\/nl\\\/festival-el-bucaro-2026-programma-artiesten-datum-tickets.html#breadcrumb\"},\"inLanguage\":\"nl-NL\",\"potentialAction\":[{\"@type\":\"ReadAction\",\"target\":[\"https:\\\/\\\/www.tablaosflamencos.com\\\/nl\\\/festival-el-bucaro-2026-programma-artiesten-datum-tickets.html\"]}]},{\"@type\":\"ImageObject\",\"inLanguage\":\"nl-NL\",\"@id\":\"https:\\\/\\\/www.tablaosflamencos.com\\\/nl\\\/festival-el-bucaro-2026-programma-artiesten-datum-tickets.html#primaryimage\",\"url\":\"https:\\\/\\\/www.tablaosflamencos.com\\\/wp-content\\\/uploads\\\/festival-el-bucaro-2026-programa-artistas-fecha-y-todo-lo-que-necesitas-saber-01.webp\",\"contentUrl\":\"https:\\\/\\\/www.tablaosflamencos.com\\\/wp-content\\\/uploads\\\/festival-el-bucaro-2026-programa-artistas-fecha-y-todo-lo-que-necesitas-saber-01.webp\",\"width\":1536,\"height\":1024,\"caption\":\"Festival El B\u00facaro 2026: programa, artistas, fecha y todo lo que necesitas saber\"},{\"@type\":\"BreadcrumbList\",\"@id\":\"https:\\\/\\\/www.tablaosflamencos.com\\\/nl\\\/festival-el-bucaro-2026-programma-artiesten-datum-tickets.html#breadcrumb\",\"itemListElement\":[{\"@type\":\"ListItem\",\"position\":1,\"name\":\"Home\",\"item\":\"https:\\\/\\\/www.tablaosflamencos.com\\\/nl\"},{\"@type\":\"ListItem\",\"position\":2,\"name\":\"Festival El B\u00facaro 2026: programma, artiesten, datum en alles wat je moet weten\"}]},{\"@type\":\"WebSite\",\"@id\":\"https:\\\/\\\/www.tablaosflamencos.com\\\/nl#website\",\"url\":\"https:\\\/\\\/www.tablaosflamencos.com\\\/nl\",\"name\":\"Tablaos Flamencos\",\"description\":\"Entradas para tablaos flamencos de Espa\u00f1a\",\"publisher\":{\"@id\":\"https:\\\/\\\/www.tablaosflamencos.com\\\/nl#organization\"},\"alternateName\":\"Tablaos Flamencos\",\"potentialAction\":[{\"@type\":\"SearchAction\",\"target\":{\"@type\":\"EntryPoint\",\"urlTemplate\":\"https:\\\/\\\/www.tablaosflamencos.com\\\/nl?s={search_term_string}\"},\"query-input\":{\"@type\":\"PropertyValueSpecification\",\"valueRequired\":true,\"valueName\":\"search_term_string\"}}],\"inLanguage\":\"nl-NL\"},{\"@type\":[\"Organization\",\"Place\",\"EntertainmentBusiness\"],\"@id\":\"https:\\\/\\\/www.tablaosflamencos.com\\\/nl#organization\",\"name\":\"Tablaos Flamencos\",\"alternateName\":\"Tablaos Flamencos\",\"url\":\"https:\\\/\\\/www.tablaosflamencos.com\\\/nl\",\"logo\":{\"@id\":\"https:\\\/\\\/www.tablaosflamencos.com\\\/nl\\\/festival-el-bucaro-2026-programma-artiesten-datum-tickets.html#local-main-organization-logo\"},\"image\":{\"@id\":\"https:\\\/\\\/www.tablaosflamencos.com\\\/nl\\\/festival-el-bucaro-2026-programma-artiesten-datum-tickets.html#local-main-organization-logo\"},\"sameAs\":[\"https:\\\/\\\/www.facebook.com\\\/tablaosflamencos\",\"https:\\\/\\\/x.com\\\/tablaosflamenco\",\"https:\\\/\\\/mastodon.social\\\/@tablaosflamencos\",\"https:\\\/\\\/www.instagram.com\\\/tablaosflamencos\",\"https:\\\/\\\/tiktok.com\\\/@tablaosflamencos\",\"https:\\\/\\\/www.linkedin.com\\\/company\\\/109408238\\\/\"],\"description\":\"Venta de entradas para espect\u00e1culos flamencos\",\"legalName\":\"Tablaos Flamencos\",\"foundingDate\":\"2015-01-01\",\"numberOfEmployees\":{\"@type\":\"QuantitativeValue\",\"minValue\":\"1\",\"maxValue\":\"10\"},\"address\":{\"@id\":\"https:\\\/\\\/www.tablaosflamencos.com\\\/nl\\\/festival-el-bucaro-2026-programma-artiesten-datum-tickets.html#local-main-place-address\"},\"geo\":{\"@type\":\"GeoCoordinates\",\"latitude\":\"37.3868072\",\"longitude\":\"-5.993280299999999\"},\"telephone\":[\"+34623787787\"],\"contactPoint\":{\"@type\":\"ContactPoint\",\"telephone\":\"+34623787787\",\"email\":\"info@tablaosflamencos.com\"},\"openingHoursSpecification\":{\"@type\":\"OpeningHoursSpecification\",\"dayOfWeek\":[\"Monday\",\"Tuesday\",\"Wednesday\",\"Thursday\",\"Friday\",\"Saturday\",\"Sunday\"],\"opens\":\"00:00\",\"closes\":\"23:59\"},\"email\":\"info@tablaosflamencos.com\",\"priceRange\":\"$$$\",\"currenciesAccepted\":\"\u20ac\"},{\"@type\":\"Person\",\"@id\":\"https:\\\/\\\/www.tablaosflamencos.com\\\/nl#\\\/schema\\\/person\\\/e7a9ebe14eb75a52ceabfbffb3c54f5d\",\"name\":\"Miguel Ortiz\",\"description\":\"Miguel Ortiz es un empresario flamenco, con una s\u00f3lida trayectoria dentro del sector. Ha presidido entidades culturales vinculadas al flamenco y, cuenta con un amplio recorrido profesional en la gesti\u00f3n y promoci\u00f3n de espect\u00e1culos y tablaos flamencos. Su pasi\u00f3n por la historia y el arte flamenco se refleja en cada art\u00edculo, donde combina experiencia, criterio y un profundo respeto por la tradici\u00f3n.\",\"sameAs\":[\"https:\\\/\\\/www.tablaosflamencos.com\",\"https:\\\/\\\/www.instagra.com\\\/miguelortizfe\",\"https:\\\/\\\/www.linkedin.com\\\/in\\\/miguelortizf\\\/\"],\"birthDate\":\"1984-11-22\",\"gender\":\"hombre\",\"knowsLanguage\":[\"espa\u00f1ol\",\"ingl\u00e9s\"],\"jobTitle\":\"Empresario flamenco\"},{\"@type\":\"PostalAddress\",\"@id\":\"https:\\\/\\\/www.tablaosflamencos.com\\\/nl\\\/festival-el-bucaro-2026-programma-artiesten-datum-tickets.html#local-main-place-address\",\"streetAddress\":\"C\\\/ Alemanes, 19\",\"addressLocality\":\"Sevilla\",\"postalCode\":\"41004\",\"addressRegion\":\"Sevilla\",\"addressCountry\":\"ES\"},{\"@type\":\"ImageObject\",\"inLanguage\":\"nl-NL\",\"@id\":\"https:\\\/\\\/www.tablaosflamencos.com\\\/nl\\\/festival-el-bucaro-2026-programma-artiesten-datum-tickets.html#local-main-organization-logo\",\"url\":\"https:\\\/\\\/www.tablaosflamencos.com\\\/wp-content\\\/uploads\\\/tablaos-flamencos-06-3.webp\",\"contentUrl\":\"https:\\\/\\\/www.tablaosflamencos.com\\\/wp-content\\\/uploads\\\/tablaos-flamencos-06-3.webp\",\"width\":600,\"height\":620,\"caption\":\"Tablaos Flamencos\"}]}<\/script>\n<meta name=\"geo.placename\" content=\"Sevilla\" \/>\n<meta name=\"geo.position\" content=\"37.3868072;-5.993280299999999\" \/>\n<meta name=\"geo.region\" content=\"Spanje\" \/>\n<!-- \/ Yoast SEO Premium plugin. -->","yoast_head_json":{"title":"Festival El B\u00facaro 2026: programma, artiesten en tickets","description":"Festival El B\u00facaro 2026 in La Rinconada: datum, tijd, volledig programma, tickets voor \u20ac10, Hacienda Santa Cruz, route en Dame el B\u00facaro.","robots":{"index":"index","follow":"follow","max-snippet":"max-snippet:-1","max-image-preview":"max-image-preview:large","max-video-preview":"max-video-preview:-1"},"canonical":"https:\/\/www.tablaosflamencos.com\/nl\/festival-el-bucaro-2026-programma-artiesten-datum-tickets.html","og_locale":"nl_NL","og_type":"article","og_title":"Festival El B\u00facaro 2026: programma, artiesten, datum en alles wat je moet weten","og_description":"Festival El B\u00facaro 2026 in La Rinconada: datum, tijd, volledig programma, tickets voor \u20ac10, Hacienda Santa Cruz, route en Dame el B\u00facaro.","og_url":"https:\/\/www.tablaosflamencos.com\/nl\/festival-el-bucaro-2026-programma-artiesten-datum-tickets.html","og_site_name":"Tablaos Flamencos","article_publisher":"https:\/\/www.facebook.com\/tablaosflamencos","article_published_time":"2026-09-06T14:15:05+00:00","article_modified_time":"2026-09-06T17:33:05+00:00","og_image":[{"width":1536,"height":1024,"url":"https:\/\/www.tablaosflamencos.com\/wp-content\/uploads\/festival-el-bucaro-2026-programa-artistas-fecha-y-todo-lo-que-necesitas-saber-01.webp","type":"image\/webp"}],"author":"Miguel Ortiz","twitter_card":"summary_large_image","twitter_creator":"@tablaosflamenco","twitter_site":"@tablaosflamenco","twitter_misc":{"Geschreven door":"Miguel Ortiz","Geschatte leestijd":"15 minuten"},"schema":{"@context":"https:\/\/schema.org","@graph":[{"@type":"Article","@id":"https:\/\/www.tablaosflamencos.com\/nl\/festival-el-bucaro-2026-programma-artiesten-datum-tickets.html#article","isPartOf":{"@id":"https:\/\/www.tablaosflamencos.com\/nl\/festival-el-bucaro-2026-programma-artiesten-datum-tickets.html"},"author":{"name":"Miguel Ortiz","@id":"https:\/\/www.tablaosflamencos.com\/nl#\/schema\/person\/e7a9ebe14eb75a52ceabfbffb3c54f5d"},"headline":"Festival El B\u00facaro 2026: programma, artiesten, datum en alles wat je moet weten","datePublished":"2026-09-06T14:15:05+00:00","dateModified":"2026-09-06T17:33:05+00:00","mainEntityOfPage":{"@id":"https:\/\/www.tablaosflamencos.com\/nl\/festival-el-bucaro-2026-programma-artiesten-datum-tickets.html"},"wordCount":3102,"publisher":{"@id":"https:\/\/www.tablaosflamencos.com\/nl#organization"},"image":{"@id":"https:\/\/www.tablaosflamencos.com\/nl\/festival-el-bucaro-2026-programma-artiesten-datum-tickets.html#primaryimage"},"thumbnailUrl":"https:\/\/www.tablaosflamencos.com\/wp-content\/uploads\/festival-el-bucaro-2026-programa-artistas-fecha-y-todo-lo-que-necesitas-saber-01.webp","keywords":["festivales flamencos","flamenco en Sevilla","flamencoartiesten","flamencope\u00f1as","flamencozang"],"articleSection":["Flamencofestivals"],"inLanguage":"nl-NL"},{"@type":"WebPage","@id":"https:\/\/www.tablaosflamencos.com\/nl\/festival-el-bucaro-2026-programma-artiesten-datum-tickets.html","url":"https:\/\/www.tablaosflamencos.com\/nl\/festival-el-bucaro-2026-programma-artiesten-datum-tickets.html","name":"Festival El B\u00facaro 2026: programma, artiesten en tickets","isPartOf":{"@id":"https:\/\/www.tablaosflamencos.com\/nl#website"},"primaryImageOfPage":{"@id":"https:\/\/www.tablaosflamencos.com\/nl\/festival-el-bucaro-2026-programma-artiesten-datum-tickets.html#primaryimage"},"image":{"@id":"https:\/\/www.tablaosflamencos.com\/nl\/festival-el-bucaro-2026-programma-artiesten-datum-tickets.html#primaryimage"},"thumbnailUrl":"https:\/\/www.tablaosflamencos.com\/wp-content\/uploads\/festival-el-bucaro-2026-programa-artistas-fecha-y-todo-lo-que-necesitas-saber-01.webp","datePublished":"2026-09-06T14:15:05+00:00","dateModified":"2026-09-06T17:33:05+00:00","description":"Festival El B\u00facaro 2026 in La Rinconada: datum, tijd, volledig programma, tickets voor \u20ac10, Hacienda Santa Cruz, route en Dame el B\u00facaro.","breadcrumb":{"@id":"https:\/\/www.tablaosflamencos.com\/nl\/festival-el-bucaro-2026-programma-artiesten-datum-tickets.html#breadcrumb"},"inLanguage":"nl-NL","potentialAction":[{"@type":"ReadAction","target":["https:\/\/www.tablaosflamencos.com\/nl\/festival-el-bucaro-2026-programma-artiesten-datum-tickets.html"]}]},{"@type":"ImageObject","inLanguage":"nl-NL","@id":"https:\/\/www.tablaosflamencos.com\/nl\/festival-el-bucaro-2026-programma-artiesten-datum-tickets.html#primaryimage","url":"https:\/\/www.tablaosflamencos.com\/wp-content\/uploads\/festival-el-bucaro-2026-programa-artistas-fecha-y-todo-lo-que-necesitas-saber-01.webp","contentUrl":"https:\/\/www.tablaosflamencos.com\/wp-content\/uploads\/festival-el-bucaro-2026-programa-artistas-fecha-y-todo-lo-que-necesitas-saber-01.webp","width":1536,"height":1024,"caption":"Festival El B\u00facaro 2026: programa, artistas, fecha y todo lo que necesitas saber"},{"@type":"BreadcrumbList","@id":"https:\/\/www.tablaosflamencos.com\/nl\/festival-el-bucaro-2026-programma-artiesten-datum-tickets.html#breadcrumb","itemListElement":[{"@type":"ListItem","position":1,"name":"Home","item":"https:\/\/www.tablaosflamencos.com\/nl"},{"@type":"ListItem","position":2,"name":"Festival El B\u00facaro 2026: programma, artiesten, datum en alles wat je moet weten"}]},{"@type":"WebSite","@id":"https:\/\/www.tablaosflamencos.com\/nl#website","url":"https:\/\/www.tablaosflamencos.com\/nl","name":"Tablaos Flamencos","description":"Entradas para tablaos flamencos de Espa\u00f1a","publisher":{"@id":"https:\/\/www.tablaosflamencos.com\/nl#organization"},"alternateName":"Tablaos Flamencos","potentialAction":[{"@type":"SearchAction","target":{"@type":"EntryPoint","urlTemplate":"https:\/\/www.tablaosflamencos.com\/nl?s={search_term_string}"},"query-input":{"@type":"PropertyValueSpecification","valueRequired":true,"valueName":"search_term_string"}}],"inLanguage":"nl-NL"},{"@type":["Organization","Place","EntertainmentBusiness"],"@id":"https:\/\/www.tablaosflamencos.com\/nl#organization","name":"Tablaos Flamencos","alternateName":"Tablaos Flamencos","url":"https:\/\/www.tablaosflamencos.com\/nl","logo":{"@id":"https:\/\/www.tablaosflamencos.com\/nl\/festival-el-bucaro-2026-programma-artiesten-datum-tickets.html#local-main-organization-logo"},"image":{"@id":"https:\/\/www.tablaosflamencos.com\/nl\/festival-el-bucaro-2026-programma-artiesten-datum-tickets.html#local-main-organization-logo"},"sameAs":["https:\/\/www.facebook.com\/tablaosflamencos","https:\/\/x.com\/tablaosflamenco","https:\/\/mastodon.social\/@tablaosflamencos","https:\/\/www.instagram.com\/tablaosflamencos","https:\/\/tiktok.com\/@tablaosflamencos","https:\/\/www.linkedin.com\/company\/109408238\/"],"description":"Venta de entradas para espect\u00e1culos flamencos","legalName":"Tablaos Flamencos","foundingDate":"2015-01-01","numberOfEmployees":{"@type":"QuantitativeValue","minValue":"1","maxValue":"10"},"address":{"@id":"https:\/\/www.tablaosflamencos.com\/nl\/festival-el-bucaro-2026-programma-artiesten-datum-tickets.html#local-main-place-address"},"geo":{"@type":"GeoCoordinates","latitude":"37.3868072","longitude":"-5.993280299999999"},"telephone":["+34623787787"],"contactPoint":{"@type":"ContactPoint","telephone":"+34623787787","email":"info@tablaosflamencos.com"},"openingHoursSpecification":{"@type":"OpeningHoursSpecification","dayOfWeek":["Monday","Tuesday","Wednesday","Thursday","Friday","Saturday","Sunday"],"opens":"00:00","closes":"23:59"},"email":"info@tablaosflamencos.com","priceRange":"$$$","currenciesAccepted":"\u20ac"},{"@type":"Person","@id":"https:\/\/www.tablaosflamencos.com\/nl#\/schema\/person\/e7a9ebe14eb75a52ceabfbffb3c54f5d","name":"Miguel Ortiz","description":"Miguel Ortiz es un empresario flamenco, con una s\u00f3lida trayectoria dentro del sector. Ha presidido entidades culturales vinculadas al flamenco y, cuenta con un amplio recorrido profesional en la gesti\u00f3n y promoci\u00f3n de espect\u00e1culos y tablaos flamencos. Su pasi\u00f3n por la historia y el arte flamenco se refleja en cada art\u00edculo, donde combina experiencia, criterio y un profundo respeto por la tradici\u00f3n.","sameAs":["https:\/\/www.tablaosflamencos.com","https:\/\/www.instagra.com\/miguelortizfe","https:\/\/www.linkedin.com\/in\/miguelortizf\/"],"birthDate":"1984-11-22","gender":"hombre","knowsLanguage":["espa\u00f1ol","ingl\u00e9s"],"jobTitle":"Empresario flamenco"},{"@type":"PostalAddress","@id":"https:\/\/www.tablaosflamencos.com\/nl\/festival-el-bucaro-2026-programma-artiesten-datum-tickets.html#local-main-place-address","streetAddress":"C\/ Alemanes, 19","addressLocality":"Sevilla","postalCode":"41004","addressRegion":"Sevilla","addressCountry":"ES"},{"@type":"ImageObject","inLanguage":"nl-NL","@id":"https:\/\/www.tablaosflamencos.com\/nl\/festival-el-bucaro-2026-programma-artiesten-datum-tickets.html#local-main-organization-logo","url":"https:\/\/www.tablaosflamencos.com\/wp-content\/uploads\/tablaos-flamencos-06-3.webp","contentUrl":"https:\/\/www.tablaosflamencos.com\/wp-content\/uploads\/tablaos-flamencos-06-3.webp","width":600,"height":620,"caption":"Tablaos Flamencos"}]},"geo.placename":"Sevilla","geo.position":{"lat":"37.3868072","long":"-5.993280299999999"},"geo.region":"Spanje"},"_links":{"self":[{"href":"https:\/\/www.tablaosflamencos.com\/nl\/wp-json\/wp\/v2\/posts\/15094","targetHints":{"allow":["GET"]}}],"collection":[{"href":"https:\/\/www.tablaosflamencos.com\/nl\/wp-json\/wp\/v2\/posts"}],"about":[{"href":"https:\/\/www.tablaosflamencos.com\/nl\/wp-json\/wp\/v2\/types\/post"}],"author":[{"embeddable":true,"href":"https:\/\/www.tablaosflamencos.com\/nl\/wp-json\/wp\/v2\/users\/1"}],"replies":[{"embeddable":true,"href":"https:\/\/www.tablaosflamencos.com\/nl\/wp-json\/wp\/v2\/comments?post=15094"}],"version-history":[{"count":1,"href":"https:\/\/www.tablaosflamencos.com\/nl\/wp-json\/wp\/v2\/posts\/15094\/revisions"}],"predecessor-version":[{"id":15130,"href":"https:\/\/www.tablaosflamencos.com\/nl\/wp-json\/wp\/v2\/posts\/15094\/revisions\/15130"}],"wp:featuredmedia":[{"embeddable":true,"href":"https:\/\/www.tablaosflamencos.com\/nl\/wp-json\/wp\/v2\/media\/14943"}],"wp:attachment":[{"href":"https:\/\/www.tablaosflamencos.com\/nl\/wp-json\/wp\/v2\/media?parent=15094"}],"wp:term":[{"taxonomy":"category","embeddable":true,"href":"https:\/\/www.tablaosflamencos.com\/nl\/wp-json\/wp\/v2\/categories?post=15094"},{"taxonomy":"post_tag","embeddable":true,"href":"https:\/\/www.tablaosflamencos.com\/nl\/wp-json\/wp\/v2\/tags?post=15094"}],"curies":[{"name":"wp","href":"https:\/\/api.w.org\/{rel}","templated":true}]}}