{"id":15074,"date":"2026-09-06T15:28:14","date_gmt":"2026-09-06T13:28:14","guid":{"rendered":"https:\/\/www.tablaosflamencos.com\/?p=15074"},"modified":"2026-09-06T16:53:16","modified_gmt":"2026-09-06T14:53:16","slug":"flamencofestival-merida-2026-programma-tickets","status":"publish","type":"post","link":"https:\/\/www.tablaosflamencos.com\/nl\/flamencofestival-merida-2026-programma-tickets.html","title":{"rendered":"Flamencofestival M\u00e9rida 2026: programma, artiesten, data en tickets"},"content":{"rendered":"<section class=\"l-section wpb_row height_huge\"><div class=\"l-section-h i-cf\"><div class=\"g-cols vc_row via_flex valign_top type_default stacking_default\"><div class=\"vc_col-sm-6 wpb_column vc_column_container\"><div class=\"vc_column-inner\"><div class=\"wpb_wrapper\"><div class=\"wpb_text_column\"><div class=\"wpb_wrapper\"><h2>M\u00e9rida viert vijf jaar flamencofestival<\/h2>\n<p>Het <strong>5e Flamencofestival M\u00e9rida 2026<\/strong> maakt van de herfst in de hoofdstad van Extremadura een reeks ontmoetingen met cante, dans en voorstellingen die flamenco met andere kunstvormen verbinden. Het programma voor het publiek loopt van <strong>8 september tot 21 november 2026<\/strong> en combineert Plaza de Espa\u00f1a met Teatro Mar\u00eda Luisa.<\/p>\n<p>Op het programma staan <strong>Tomasito, de Hermanos Dom\u00ednguez, Macarena Ram\u00edrez, Jes\u00fas M\u00e9ndez, T\u00eda Yoya, T\u00eda Juana Carrasco, Juan Parrilla, Curro Carrasco, Luc\u00eda La Bronce en Rancapino Chico<\/strong>. Daarnaast kent het festival zijn Prijs Flamencofestival M\u00e9rida 2026 toe aan de gitarist uit Extremadura <strong>Miguel Vargas<\/strong>.<\/p>\n<\/div><\/div><\/div><\/div><\/div><div class=\"vc_col-sm-6 wpb_column vc_column_container\"><div class=\"vc_column-inner\"><div class=\"wpb_wrapper\"><div class=\"wpb_text_column\"><div class=\"wpb_wrapper\"><h2>Belangrijkste gegevens<\/h2>\n<ul>\n<li><strong>Editie:<\/strong> 5e Flamencofestival M\u00e9rida.<\/li>\n<li><strong>Data:<\/strong> van 8 september tot 21 november 2026.<\/li>\n<li><strong>Stad:<\/strong> M\u00e9rida, Badajoz.<\/li>\n<li><strong>Locaties:<\/strong> Plaza de Espa\u00f1a en Teatro Mar\u00eda Luisa.<\/li>\n<li><strong>Eerste afspraak:<\/strong> Tomasito, 8 september om 21:00 uur.<\/li>\n<li><strong>Afsluiting:<\/strong> Rancapino Chico, 21 november om 21:00 uur.<\/li>\n<li><strong>Tickets:<\/strong> Tomasito is gratis; de voorstellingen in Teatro Mar\u00eda Luisa hebben toegankelijke prijzen.<\/li>\n<li><strong>Offici\u00eble verkoop:<\/strong> festivalwebsite en El Corte Ingl\u00e9s Entradas.<\/li>\n<li><strong>Prijs 2026:<\/strong> Miguel Vargas.<\/li>\n<\/ul>\n<\/div><\/div><\/div><\/div><\/div><\/div><\/div><\/section><section class=\"l-section wpb_row height_huge color_alternate with_shape\"><div class=\"l-section-shape type_zigzag pos_top\" style=\"height:3vmin;\"><svg xmlns=\"http:\/\/www.w3.org\/2000\/svg\" viewBox=\"0 0 64 8\" preserveAspectRatio=\"none\" width=\"100%\" height=\"100%\">\r\n\t<path fill=\"currentColor\" d=\"M64 8 L0 8 L0 0 L20 7.9 L40 3 L48 5 L64 0 Z\"\/>\r\n<\/svg><\/div><div class=\"l-section-shape type_zigzag pos_bottom\" style=\"height:3vmin;\"><svg xmlns=\"http:\/\/www.w3.org\/2000\/svg\" viewBox=\"0 0 64 8\" preserveAspectRatio=\"none\" width=\"100%\" height=\"100%\">\r\n\t<path fill=\"currentColor\" d=\"M64 8 L0 8 L0 0 L20 7.9 L40 3 L48 5 L64 0 Z\"\/>\r\n<\/svg><\/div><div class=\"l-section-h i-cf\"><div class=\"g-cols vc_row via_flex valign_top type_default stacking_default\"><div class=\"vc_col-sm-12 wpb_column vc_column_container\"><div class=\"vc_column-inner\"><div class=\"wpb_wrapper\"><div class=\"wpb_text_column\"><div class=\"wpb_wrapper\"><blockquote>\n<p><strong>Snel antwoord:<\/strong> het Flamencofestival M\u00e9rida 2026 viert zijn vijfde editie met zes belangrijke publieksmomenten tussen 8 september en 21 november. Tomasito opent het programma gratis op Plaza de Espa\u00f1a; daarna volgen de Baile Flamenco Ecuestre van de Hermanos Dom\u00ednguez en vier voorstellingen in Teatro Mar\u00eda Luisa: <em>Espina<\/em> van Macarena Ram\u00edrez, de <em>Fiesta de la Buler\u00eda<\/em>, <em>Rec\u00f3ndito<\/em> van Luc\u00eda La Bronce en het recital van Rancapino Chico. De organisatie kondigde voor het theater prijzen tussen \u20ac11 en \u20ac22 aan; de ticketwebsite toont momenteel plaatsen vanaf \u20ac11,60.<\/p>\n<\/blockquote>\n<\/div><\/div><\/div><\/div><\/div><\/div><\/div><\/section><section class=\"l-section wpb_row height_huge\"><div class=\"l-section-h i-cf\"><div class=\"g-cols vc_row via_flex valign_top type_default stacking_default\"><div class=\"vc_col-sm-3 wpb_column vc_column_container\"><div class=\"vc_column-inner\"><div class=\"wpb_wrapper\"><\/div><\/div><\/div><div class=\"vc_col-sm-6 wpb_column vc_column_container\"><div class=\"vc_column-inner\"><div class=\"wpb_wrapper\"><div class=\"wpb_text_column\"><div class=\"wpb_wrapper\"><h2>Inhoud van deze gids<\/h2>\n<ul>\n<li><a href=\"#programacion\">Volledig programma 2026<\/a><\/li>\n<li><a href=\"#tomasito\">8 september: Tomasito<\/a><\/li>\n<li><a href=\"#ecuestre\">12 oktober: Baile Flamenco Ecuestre<\/a><\/li>\n<li><a href=\"#espina\">24 oktober: Macarena Ram\u00edrez<\/a><\/li>\n<li><a href=\"#buleria\">31 oktober: Fiesta de la Buler\u00eda<\/a><\/li>\n<li><a href=\"#recondito\">14 november: Luc\u00eda La Bronce<\/a><\/li>\n<li><a href=\"#rancapino\">21 november: Rancapino Chico<\/a><\/li>\n<li><a href=\"#entradas\">Tickets en prijzen<\/a><\/li>\n<li><a href=\"#espacios\">Waar vindt het plaats?<\/a><\/li>\n<li><a href=\"#miguel-vargas\">Prijs voor Miguel Vargas<\/a><\/li>\n<li><a href=\"#consejos\">Wat wij vooral aanraden<\/a><\/li>\n<li><a href=\"#faq\">Veelgestelde vragen<\/a><\/li>\n<\/ul>\n<\/div><\/div><\/div><\/div><\/div><div class=\"vc_col-sm-3 wpb_column vc_column_container\"><div class=\"vc_column-inner\"><div class=\"wpb_wrapper\"><\/div><\/div><\/div><\/div><\/div><\/section><section class=\"l-section wpb_row height_huge color_alternate with_shape\"><div class=\"l-section-shape type_zigzag pos_top hor_flip\" style=\"height:3vmin;\"><svg xmlns=\"http:\/\/www.w3.org\/2000\/svg\" viewBox=\"0 0 64 8\" preserveAspectRatio=\"none\" width=\"100%\" height=\"100%\">\r\n\t<path fill=\"currentColor\" d=\"M64 8 L0 8 L0 0 L20 7.9 L40 3 L48 5 L64 0 Z\"\/>\r\n<\/svg><\/div><div class=\"l-section-shape type_zigzag pos_bottom\" style=\"height:3vmin;\"><svg xmlns=\"http:\/\/www.w3.org\/2000\/svg\" viewBox=\"0 0 64 8\" preserveAspectRatio=\"none\" width=\"100%\" height=\"100%\">\r\n\t<path fill=\"currentColor\" d=\"M64 8 L0 8 L0 0 L20 7.9 L40 3 L48 5 L64 0 Z\"\/>\r\n<\/svg><\/div><div class=\"l-section-h i-cf\"><div class=\"g-cols vc_row via_flex valign_top type_default stacking_default\"><div class=\"vc_col-sm-12 wpb_column vc_column_container\"><div class=\"vc_column-inner\"><div class=\"wpb_wrapper\"><div class=\"wpb_text_column\"><div class=\"wpb_wrapper\"><h2 id=\"programacion\" style=\"text-align: center;\">Programma van het Flamencofestival M\u00e9rida 2026<\/h2>\n<div style=\"overflow-x: auto;\">\n<table>\n<thead>\n<tr>\n<th>Datum<\/th>\n<th>Artiest \/ voorstelling<\/th>\n<th>Locatie<\/th>\n<th>Tijd<\/th>\n<th>Tickets<\/th>\n<\/tr>\n<\/thead>\n<tbody>\n<tr>\n<td>8 september<\/td>\n<td>Tomasito<\/td>\n<td>Plaza de Espa\u00f1a<\/td>\n<td>21:00<\/td>\n<td>Gratis<\/td>\n<\/tr>\n<tr>\n<td>12 oktober<\/td>\n<td>Hermanos Dom\u00ednguez \u2013 Baile Flamenco Ecuestre<\/td>\n<td>Plaza de Espa\u00f1a<\/td>\n<td>21:00<\/td>\n<td>Raadpleeg de offici\u00eble kanalen<\/td>\n<\/tr>\n<tr>\n<td>24 oktober<\/td>\n<td>Macarena Ram\u00edrez \u2013 <em>Espina<\/em><\/td>\n<td>Teatro Mar\u00eda Luisa<\/td>\n<td>21:00<\/td>\n<td>Vanaf \u20ac11,60<\/td>\n<\/tr>\n<tr>\n<td>31 oktober<\/td>\n<td><em>Fiesta de la Buler\u00eda<\/em><\/td>\n<td>Teatro Mar\u00eda Luisa<\/td>\n<td>21:00<\/td>\n<td>Vanaf \u20ac11,60<\/td>\n<\/tr>\n<tr>\n<td>14 november<\/td>\n<td>Luc\u00eda La Bronce \u2013 <em>Rec\u00f3ndito<\/em><\/td>\n<td>Teatro Mar\u00eda Luisa<\/td>\n<td>21:00<\/td>\n<td>Vanaf \u20ac11,60<\/td>\n<\/tr>\n<tr>\n<td>21 november<\/td>\n<td>Rancapino Chico<\/td>\n<td>Teatro Mar\u00eda Luisa<\/td>\n<td>21:00<\/td>\n<td>Vanaf \u20ac11,60<\/td>\n<\/tr>\n<\/tbody>\n<\/table>\n<\/div>\n<p><small>Prijzen en beschikbaarheid gecontroleerd op 5 september 2026. Ze kunnen veranderen naarmate er plaatsen worden verkocht.<\/small><\/p>\n<\/div><\/div><\/div><\/div><\/div><\/div><\/div><\/section><section class=\"l-section wpb_row height_huge\"><div class=\"l-section-h i-cf\"><div class=\"g-cols vc_row via_flex valign_top type_default stacking_default\"><div class=\"vc_col-sm-6 wpb_column vc_column_container\"><div class=\"vc_column-inner\"><div class=\"wpb_wrapper\"><div class=\"wpb_text_column\"><div class=\"wpb_wrapper\"><h2 id=\"tomasito\">8 september: Tomasito opent het festival<\/h2>\n<p>De opening vindt plaats op <strong>dinsdag 8 september om 21:00 uur<\/strong> op Plaza de Espa\u00f1a, tegelijk met de Dag van Extremadura. Het optreden van <strong>Tomasito<\/strong> heeft <strong>vrije en gratis toegang<\/strong> en is opgezet als een feestelijke opening die toegankelijk is voor de hele stad.<\/p>\n<p>Tomasito is een passende keuze voor een opening in de openbare ruimte. Zijn taal vertrekt vanuit de flamenco, maar beweegt zich moeiteloos tussen punk, rock, pop, hiphop en stedelijke ritmes. Cante, dans, humor, improvisatie en comp\u00e1s maken deel uit van een voorstel dat moeilijk in \u00e9\u00e9n categorie te vatten is.<\/p>\n<p>Voor wie het festival wil beginnen zonder een ticket te kopen, is dit de eenvoudigste datum: kom gewoon ruim op tijd naar Plaza de Espa\u00f1a om een goede plek te vinden.<\/p>\n<\/div><\/div><\/div><\/div><\/div><div class=\"vc_col-sm-6 wpb_column vc_column_container\"><div class=\"vc_column-inner\"><div class=\"wpb_wrapper\"><div class=\"wpb_text_column\"><div class=\"wpb_wrapper\"><h2 id=\"ecuestre\">12 oktober: Baile Flamenco Ecuestre<\/h2>\n<p>De tweede afspraak keert terug naar <strong>Plaza de Espa\u00f1a<\/strong> op <strong>maandag 12 oktober om 21:00 uur<\/strong>. De <strong>Hermanos Dom\u00ednguez<\/strong> presenteren <em>Baile Flamenco Ecuestre<\/em>, een productie die klassieke dressuur en hoge school combineert met zapateado, cante en live flamencogitaar.<\/p>\n<p>De aantrekkingskracht zit in de synchronisatie tussen de bewegingen van ruiters en paarden en de ritmische taal van de flamenco. Het is waarschijnlijk de meest visuele voorstelling van deze editie en een van de producties die een openluchtlocatie in het centrum van M\u00e9rida het beste benutten.<\/p>\n<p>De gemeentelijke vermelding bevestigt datum, tijd en locatie, maar vermeldt geen prijs of aankoopprocedure. De voorstelling staat momenteel ook niet tussen de betaalde evenementen van Teatro Mar\u00eda Luisa. We raden aan v\u00f3\u00f3r vertrek de offici\u00eble festivalwebsite te controleren voor het geval de organisatie de toegangsvoorwaarden nog specificeert.<\/p>\n<\/div><\/div><\/div><\/div><\/div><\/div><\/div><\/section><section class=\"l-section wpb_row height_huge color_alternate with_shape\"><div class=\"l-section-shape type_zigzag pos_top\" style=\"height:3vmin;\"><svg xmlns=\"http:\/\/www.w3.org\/2000\/svg\" viewBox=\"0 0 64 8\" preserveAspectRatio=\"none\" width=\"100%\" height=\"100%\">\r\n\t<path fill=\"currentColor\" d=\"M64 8 L0 8 L0 0 L20 7.9 L40 3 L48 5 L64 0 Z\"\/>\r\n<\/svg><\/div><div class=\"l-section-shape type_zigzag pos_bottom\" style=\"height:3vmin;\"><svg xmlns=\"http:\/\/www.w3.org\/2000\/svg\" viewBox=\"0 0 64 8\" preserveAspectRatio=\"none\" width=\"100%\" height=\"100%\">\r\n\t<path fill=\"currentColor\" d=\"M64 8 L0 8 L0 0 L20 7.9 L40 3 L48 5 L64 0 Z\"\/>\r\n<\/svg><\/div><div class=\"l-section-h i-cf\"><div class=\"g-cols vc_row via_flex valign_top type_default stacking_default\"><div class=\"vc_col-sm-6 wpb_column vc_column_container\"><div class=\"vc_column-inner\"><div class=\"wpb_wrapper\"><div class=\"wpb_text_column\"><div class=\"wpb_wrapper\"><h2 id=\"espina\">24 oktober: Macarena Ram\u00edrez en <em>Espina<\/em><\/h2>\n<p>Het <strong>Teatro Mar\u00eda Luisa<\/strong> neemt het programma over op <strong>zaterdag 24 oktober om 21:00 uur<\/strong> met <strong>Macarena Ram\u00edrez<\/strong>. De danseres presenteert <em>Espina<\/em>, een werk dat vertrekt vanuit pijn, verwonding en kwetsbaarheid en die door dans omzet in schoonheid.<\/p>\n<p>De voorstelling staat voor een levende, hedendaagse flamenco: een traditie die niet stilstaat, maar met het heden in gesprek gaat en lichaam, gebaar, stilte en muziek gebruikt om herkenbare emoties te onderzoeken.<\/p>\n<p>De aangekondigde duur is ongeveer <strong>80 minuten<\/strong> en de voorstelling is geschikt voor alle leeftijden. Tickets zijn te koop en de offici\u00eble ticketwebsite toont plaatsen <strong>vanaf \u20ac11,60<\/strong>.<\/p>\n<p><a href=\"https:\/\/www.elcorteingles.es\/entradas\/conciertos\/entradas-macarena-ramirez-espina-merida\/\" target=\"_blank\" rel=\"noopener\">Bekijk tickets voor Macarena Ram\u00edrez \u2013 Espina<\/a>.<\/p>\n<\/div><\/div><\/div><\/div><\/div><div class=\"vc_col-sm-6 wpb_column vc_column_container\"><div class=\"vc_column-inner\"><div class=\"wpb_wrapper\"><div class=\"wpb_text_column\"><div class=\"wpb_wrapper\"><h2 id=\"buleria\">31 oktober: een Fiesta de la Buler\u00eda met Jerez-sfeer<\/h2>\n<p>Op <strong>zaterdag 31 oktober om 21:00 uur<\/strong> komt een van de sterkste avonden van het programma: de <strong>Fiesta de la Buler\u00eda<\/strong>, een format dat de energie en het muzikale samenzijn van de flamenco uit Jerez naar het podium brengt.<\/p>\n<p>De muzikale leiding is in handen van <strong>Juan Parrilla<\/strong> en de hoofdbezetting bestaat uit <strong>Jes\u00fas M\u00e9ndez, T\u00eda Yoya, T\u00eda Juana Carrasco en Curro Carrasco<\/strong>. Daarnaast werken musici en jonge talenten mee die verbonden zijn met Santiago en La Plazuela, twee wijken die essentieel zijn om de flamenco uit Jerez te begrijpen.<\/p>\n<p>Meer dan een opeenvolging van losse recitals is de voorstelling opgebouwd als een gezamenlijk feest van cante, gitaar, palmas, percussie en de karakteristieke kleine \u201cpata\u00edtas\u201d por buler\u00edas. De aangekondigde duur is ongeveer <strong>80 minuten<\/strong>.<\/p>\n<p><a href=\"https:\/\/www.elcorteingles.es\/entradas\/conciertos\/entradas-fiesta-de-la-buleria-ff-merida-2026-merida\/\" target=\"_blank\" rel=\"noopener\">Bekijk tickets voor de Fiesta de la Buler\u00eda<\/a>.<\/p>\n<\/div><\/div><\/div><\/div><\/div><\/div><\/div><\/section><section class=\"l-section wpb_row height_huge\"><div class=\"l-section-h i-cf\"><div class=\"g-cols vc_row via_flex valign_top type_default stacking_default\"><div class=\"vc_col-sm-6 wpb_column vc_column_container\"><div class=\"vc_column-inner\"><div class=\"wpb_wrapper\"><div class=\"wpb_text_column\"><div class=\"wpb_wrapper\"><h2 id=\"recondito\">14 november: Luc\u00eda La Bronce presenteert <em>Rec\u00f3ndito<\/em><\/h2>\n<p>Op <strong>zaterdag 14 november om 21:00 uur<\/strong>, brengt danseres <strong>Luc\u00eda La Bronce<\/strong> naar Teatro Mar\u00eda Luisa <em>Rec\u00f3ndito<\/em>. De titel verwijst naar wat verborgen en intiem is en plaatst het werk in een fase van zoektocht binnen een professionele carri\u00e8re die haar eigen stem begint te bepalen.<\/p>\n<p>Het werk kijkt naar binnen zonder de codes van de flamencodans los te laten. In plaats van artistieke identiteit als iets afgeronds te presenteren, maakt het van onderzoek, twijfel en ontdekking podiumstof.<\/p>\n<p>De ticketwebsite vermeldt een geschatte duur van <strong>80 minuten<\/strong>, deuren open om 20:45 uur en tickets <strong>vanaf \u20ac11,60<\/strong>.<\/p>\n<p><a href=\"https:\/\/www.elcorteingles.es\/entradas\/teatro\/entradas-lucia-la-bronce-recondito-merida\/\" target=\"_blank\" rel=\"noopener\">Bekijk tickets voor Luc\u00eda La Bronce \u2013 Rec\u00f3ndito<\/a>.<\/p>\n<\/div><\/div><\/div><\/div><\/div><div class=\"vc_col-sm-6 wpb_column vc_column_container\"><div class=\"vc_column-inner\"><div class=\"wpb_wrapper\"><div class=\"wpb_text_column\"><div class=\"wpb_wrapper\"><h2 id=\"rancapino\">21 november: Rancapino Chico sluit de editie af<\/h2>\n<p>De afsluiting vindt plaats op <strong>zaterdag 21 november om 21:00 uur<\/strong> in Teatro Mar\u00eda Luisa. Hoewel het algemene festivalprogramma de verkorte naam \u201cRancapino\u201d gebruikt, noemen zowel het theater als de offici\u00eble ticketverkoop de artiest <strong>Rancapino Chico<\/strong>.<\/p>\n<p>Als zoon van de historische Rancapino heeft de cantaor een eigen loopbaan opgebouwd vanuit een stijl die diep geworteld is in de flamenco van C\u00e1diz. Zijn recital sluit het festival af met cante, na een editie met fusion, dans, een paardenshow, Jerez-feest en jong talent.<\/p>\n<p>Het theater vermeldt een geschatte duur van <strong>80 minuten<\/strong> en de offici\u00eble verkoop toont plaatsen <strong>vanaf \u20ac11,60<\/strong>.<\/p>\n<p><a href=\"https:\/\/www.elcorteingles.es\/entradas\/conciertos\/entradas-rancapino-chico-merida\/\" target=\"_blank\" rel=\"noopener\">Bekijk tickets voor Rancapino Chico<\/a>.<\/p>\n<\/div><\/div><\/div><\/div><\/div><\/div><\/div><\/section><section class=\"l-section wpb_row height_huge color_alternate with_shape\"><div class=\"l-section-shape type_zigzag pos_top hor_flip\" style=\"height:3vmin;\"><svg xmlns=\"http:\/\/www.w3.org\/2000\/svg\" viewBox=\"0 0 64 8\" preserveAspectRatio=\"none\" width=\"100%\" height=\"100%\">\r\n\t<path fill=\"currentColor\" d=\"M64 8 L0 8 L0 0 L20 7.9 L40 3 L48 5 L64 0 Z\"\/>\r\n<\/svg><\/div><div class=\"l-section-shape type_zigzag pos_bottom\" style=\"height:3vmin;\"><svg xmlns=\"http:\/\/www.w3.org\/2000\/svg\" viewBox=\"0 0 64 8\" preserveAspectRatio=\"none\" width=\"100%\" height=\"100%\">\r\n\t<path fill=\"currentColor\" d=\"M64 8 L0 8 L0 0 L20 7.9 L40 3 L48 5 L64 0 Z\"\/>\r\n<\/svg><\/div><div class=\"l-section-h i-cf\"><div class=\"g-cols vc_row via_flex valign_top type_default stacking_default\"><div class=\"vc_col-sm-6 wpb_column vc_column_container\"><div class=\"vc_column-inner\"><div class=\"wpb_wrapper\"><div class=\"wpb_text_column\"><div class=\"wpb_wrapper\"><h2 id=\"entradas\">Tickets voor het Flamencofestival M\u00e9rida 2026<\/h2>\n<p>De organisatie heeft gekozen voor een beleid van <strong>toegankelijke prijzen<\/strong> voor de voorstellingen in Teatro Mar\u00eda Luisa. De informatie voor de vijfde editie plaatst de tickets in een algemene prijsklasse van <strong>\u20ac11 tot \u20ac22<\/strong>.<\/p>\n<p>Op 5 september toont El Corte Ingl\u00e9s Entradas de vier theatervoorstellingen met prijzen <strong>vanaf \u20ac11,60<\/strong>: Macarena Ram\u00edrez, Fiesta de la Buler\u00eda, Luc\u00eda La Bronce en Rancapino Chico.<\/p>\n<p>De offici\u00eble festivalwebsite linkt rechtstreeks naar deze ticketwebsite. We raden aan uitsluitend via offici\u00eble kanalen te kopen en voor elke voorstelling de zone, eventuele servicekosten en geldende voorwaarden te controleren voordat je de aankoop afrondt.<\/p>\n<\/div><\/div><\/div><\/div><\/div><div class=\"vc_col-sm-6 wpb_column vc_column_container\"><div class=\"vc_column-inner\"><div class=\"wpb_wrapper\"><div class=\"wpb_text_column\"><div class=\"wpb_wrapper\"><h2>Welke voorstellingen zijn gratis?<\/h2>\n<p>Bevestigd als <strong>gratis<\/strong> is het concert van Tomasito op 8 september op Plaza de Espa\u00f1a. De organisatie kondigt uitdrukkelijk vrije en gratis toegang voor iedereen aan.<\/p>\n<p>Voor <em>Baile Flamenco Ecuestre<\/em>, eveneens op Plaza de Espa\u00f1a, vermeldt de gemeentelijke agenda geen prijs of specifieke verkooplink. We noemen de toegang liever niet gratis zolang de organisatie dit niet expliciet bevestigt.<\/p>\n<p>Voor de vier voorstellingen in Teatro Mar\u00eda Luisa is wel een ticket nodig. Hoewel de prijzen voor een festival van dit type laag zijn, kan de beschikbaarheid veranderen naarmate de datum dichterbij komt.<\/p>\n<p><a href=\"https:\/\/www.elcorteingles.es\/entradas\/conciertos\/festival-flamenco\/\" target=\"_blank\" rel=\"noopener\">Bekijk de offici\u00eble ticketverkoop van het 5e Flamencofestival M\u00e9rida<\/a>.<\/p>\n<\/div><\/div><\/div><\/div><\/div><\/div><\/div><\/section><section class=\"l-section wpb_row height_huge\"><div class=\"l-section-h i-cf\"><div class=\"g-cols vc_row via_flex valign_top type_default stacking_default\"><div class=\"vc_col-sm-6 wpb_column vc_column_container\"><div class=\"vc_column-inner\"><div class=\"wpb_wrapper\"><div class=\"wpb_text_column\"><div class=\"wpb_wrapper\"><h2 id=\"espacios\">Plaza de Espa\u00f1a: flamenco in het centrum van M\u00e9rida<\/h2>\n<p>De eerste twee data vinden plaats op <strong>Plaza de Espa\u00f1a<\/strong>, een van de bekendste stedelijke plekken van M\u00e9rida. Op 8 september staat Tomasito er en op 12 oktober volgt de paardenshow.<\/p>\n<p>Het openluchtformat brengt het festival uit het theater en midden tussen inwoners en bezoekers in het stadscentrum. Voor deze momenten raden we aan vroeg te komen, vooral wanneer er geen genummerde plaatsen zijn en het zicht afhangt van de plek die je vindt.<\/p>\n<p>Optredens in de openbare ruimte maken deel uit van de identiteit die het festival in zijn eerste vijf edities heeft ontwikkeld: erfgoed, stad en flamenco combineren in verschillende formats.<\/p>\n<\/div><\/div><\/div><\/div><\/div><div class=\"vc_col-sm-6 wpb_column vc_column_container\"><div class=\"vc_column-inner\"><div class=\"wpb_wrapper\"><div class=\"wpb_text_column\"><div class=\"wpb_wrapper\"><h2>Teatro Mar\u00eda Luisa: vier opeenvolgende programma-avonden<\/h2>\n<p>Vanaf 24 oktober concentreert het programma zich in <strong>Teatro Mar\u00eda Luisa<\/strong> aan Calle Camilo Jos\u00e9 Cela. Daar vinden de vier voorstellingen met voorverkoop plaats: <em>Espina<\/em>, <em>Fiesta de la Buler\u00eda<\/em>, <em>Rec\u00f3ndito<\/em> en Rancapino Chico.<\/p>\n<p>Het theater biedt een andere ervaring dan de evenementen op het plein: gereserveerde zitplaatsen, betere akoestische omstandigheden en een passende omgeving voor choreografische werken en recitals die aandachtig luisteren belonen.<\/p>\n<p>Als je speciaal voor een van deze voorstellingen naar M\u00e9rida reist, is vooraf kopen de veiligste optie. Je kunt ook onze pagina over <a href=\"https:\/\/www.tablaosflamencos.com\/flamenco-en-badajoz\">flamenco in Badajoz<\/a> bekijken voor meer mogelijkheden in de provincie.<\/p>\n<\/div><\/div><\/div><\/div><\/div><\/div><\/div><\/section><section class=\"l-section wpb_row height_huge color_alternate with_shape\"><div class=\"l-section-shape type_zigzag pos_top\" style=\"height:3vmin;\"><svg xmlns=\"http:\/\/www.w3.org\/2000\/svg\" viewBox=\"0 0 64 8\" preserveAspectRatio=\"none\" width=\"100%\" height=\"100%\">\r\n\t<path fill=\"currentColor\" d=\"M64 8 L0 8 L0 0 L20 7.9 L40 3 L48 5 L64 0 Z\"\/>\r\n<\/svg><\/div><div class=\"l-section-shape type_zigzag pos_bottom\" style=\"height:3vmin;\"><svg xmlns=\"http:\/\/www.w3.org\/2000\/svg\" viewBox=\"0 0 64 8\" preserveAspectRatio=\"none\" width=\"100%\" height=\"100%\">\r\n\t<path fill=\"currentColor\" d=\"M64 8 L0 8 L0 0 L20 7.9 L40 3 L48 5 L64 0 Z\"\/>\r\n<\/svg><\/div><div class=\"l-section-h i-cf\"><div class=\"g-cols vc_row via_flex valign_top type_default stacking_default\"><div class=\"vc_col-sm-6 wpb_column vc_column_container\"><div class=\"vc_column-inner\"><div class=\"wpb_wrapper\"><div class=\"wpb_text_column\"><div class=\"wpb_wrapper\"><h2 id=\"miguel-vargas\">Miguel Vargas, Prijs Flamencofestival M\u00e9rida 2026<\/h2>\n<p>De vijfde editie eert de gitarist uit Extremadura <strong>Miguel Vargas<\/strong> voor zijn loopbaan en zijn bijdrage aan de verspreiding en het behoud van flamenco. Het festival presenteert hem als een toonaangevende figuur en als ambassadeur van de cultuur van Extremadura in Spanje en daarbuiten.<\/p>\n<p>De hommage heeft ook symbolische waarde in een jubileumeditie. Het Flamencofestival M\u00e9rida haalt niet alleen grote namen uit het nationale circuit naar de stad, maar wil ook de band tussen flamenco en Extremadura versterken door artiesten en carri\u00e8res uit de regio zichtbaarder te maken.<\/p>\n<p>De offici\u00eble presentatie van het vijfjarig jubileum vond op 1 juli plaats in Centro Cultural Alcazaba. Daarom spreken sommige berichten van de organisatie over zeven grote onderdelen, terwijl het programma dat nu voor het publiek relevant is zes data tussen september en november omvat.<\/p>\n<\/div><\/div><\/div><\/div><\/div><div class=\"vc_col-sm-6 wpb_column vc_column_container\"><div class=\"vc_column-inner\"><div class=\"wpb_wrapper\"><div class=\"wpb_text_column\"><div class=\"wpb_wrapper\"><h2>Vijf jaar groei<\/h2>\n<p>Het festival werd in 2022 opgericht en bereikt 2026 met een editie die M\u00e9rida verder als flamencobestemming moet vestigen. Volgens de cijfers die de organisatie voor het vijfjarig jubileum bekendmaakte, namen in deze jaren <strong>meer dan 150 professionals<\/strong> deel, kwamen er meer dan <strong>10.000 bezoekers<\/strong> en bedraagt de geschatte gezamenlijke economische impact voor de stad <strong>vier miljoen euro<\/strong>.<\/p>\n<p>In eerdere edities stonden namen als Jos\u00e9 Merc\u00e9, Farruquito, Tomatito, Kiki Morente en Antonio Canales op het programma. In 2026 combineert de aanpak gevestigde artiesten met hedendaagse creatie en vertegenwoordigers van nieuwe generaties.<\/p>\n<p>Die mix zorgt ervoor dat het festival niet afhankelijk is van \u00e9\u00e9n type publiek: er zijn voorstellen voor liefhebbers van traditionele cante, voor dansfans, voor wie van fusion houdt en voor bezoekers die flamenco via een visueel sterke voorstelling willen ontdekken.<\/p>\n<\/div><\/div><\/div><\/div><\/div><\/div><\/div><\/section><section class=\"l-section wpb_row height_huge\"><div class=\"l-section-h i-cf\"><div class=\"g-cols vc_row via_flex valign_top type_default stacking_default\"><div class=\"vc_col-sm-6 wpb_column vc_column_container\"><div class=\"vc_column-inner\"><div class=\"wpb_wrapper\"><div class=\"wpb_text_column\"><div class=\"wpb_wrapper\"><h2>Let op: dit is niet hetzelfde evenement als Flamenco &amp; Rumba M\u00e9rida<\/h2>\n<p>In oktober staat er nog een evenement met een vergelijkbare naam op de agenda van de stad: <strong>Festival Flamenco &amp; Rumba M\u00e9rida 2026<\/strong>, gepland voor <strong>10 oktober<\/strong> in de arena.<\/p>\n<p>Het is een ander festival met een eigen organisatie en programma. Het maakt geen deel uit van het 5e Flamencofestival M\u00e9rida dat in deze gids wordt beschreven. Dat onderscheid is belangrijk bij het zoeken naar tickets, tijden of artiesten, omdat beide evenementen in M\u00e9rida plaatsvinden en Flamenco &#038; Rumba slechts twee dagen v\u00f3\u00f3r Baile Flamenco Ecuestre op 12 oktober wordt gehouden.<\/p>\n<\/div><\/div><\/div><\/div><\/div><div class=\"vc_col-sm-6 wpb_column vc_column_container\"><div class=\"vc_column-inner\"><div class=\"wpb_wrapper\"><div class=\"wpb_text_column\"><div class=\"wpb_wrapper\"><h2 id=\"consejos\">Welke voorstellingen wij vooral aanraden<\/h2>\n<p>Als je maar \u00e9\u00e9n datum kunt kiezen, hangt de beslissing af van het type flamenco dat je zoekt.<\/p>\n<ul>\n<li><strong>Voor een populaire en gratis ervaring:<\/strong> Tomasito op 8 september.<\/li>\n<li><strong>Voor een visuele en bijzondere voorstelling:<\/strong> Baile Flamenco Ecuestre op 12 oktober.<\/li>\n<li><strong>Voor hedendaagse flamencodans:<\/strong> <em>Espina<\/em> van Macarena Ram\u00edrez of <em>Rec\u00f3ndito<\/em> van Luc\u00eda La Bronce.<\/li>\n<li><strong>Voor comp\u00e1s en de sfeer van Jerez:<\/strong> Fiesta de la Buler\u00eda op 31 oktober.<\/li>\n<li><strong>Voor cante met wortels in C\u00e1diz:<\/strong> Rancapino Chico op 21 november.<\/li>\n<\/ul>\n<p>Onze meest bijzondere keuze uit het programma is de <strong>Fiesta de la Buler\u00eda<\/strong> vanwege de grote groep artiesten, het collectieve concept en de aanwezigheid van verschillende generaties die met Jerez verbonden zijn. Wie vooral voor cante komt, vindt in de afsluiting met Rancapino Chico het duidelijkste alternatief.<\/p>\n<\/div><\/div><\/div><\/div><\/div><\/div><\/div><\/section><section class=\"l-section wpb_row height_huge color_alternate with_shape\"><div class=\"l-section-shape type_zigzag pos_top hor_flip\" style=\"height:3vmin;\"><svg xmlns=\"http:\/\/www.w3.org\/2000\/svg\" viewBox=\"0 0 64 8\" preserveAspectRatio=\"none\" width=\"100%\" height=\"100%\">\r\n\t<path fill=\"currentColor\" d=\"M64 8 L0 8 L0 0 L20 7.9 L40 3 L48 5 L64 0 Z\"\/>\r\n<\/svg><\/div><div class=\"l-section-shape type_zigzag pos_bottom\" style=\"height:3vmin;\"><svg xmlns=\"http:\/\/www.w3.org\/2000\/svg\" viewBox=\"0 0 64 8\" preserveAspectRatio=\"none\" width=\"100%\" height=\"100%\">\r\n\t<path fill=\"currentColor\" d=\"M64 8 L0 8 L0 0 L20 7.9 L40 3 L48 5 L64 0 Z\"\/>\r\n<\/svg><\/div><div class=\"l-section-h i-cf\"><div class=\"g-cols vc_row via_flex valign_top type_default stacking_default\"><div class=\"vc_col-sm-12 wpb_column vc_column_container\"><div class=\"vc_column-inner\"><div class=\"wpb_wrapper\"><div class=\"wpb_text_column\"><div class=\"wpb_wrapper\"><h2 style=\"text-align: center;\">Praktisch overzicht voor je bezoek<\/h2>\n<div style=\"overflow-x: auto;\">\n<table>\n<thead>\n<tr>\n<th>Vraag<\/th>\n<th>Antwoord<\/th>\n<\/tr>\n<\/thead>\n<tbody>\n<tr>\n<td>Wanneer begint het?<\/td>\n<td>8 september 2026, met Tomasito om 21:00 uur.<\/td>\n<\/tr>\n<tr>\n<td>Wanneer eindigt het?<\/td>\n<td>21 november 2026, met Rancapino Chico om 21:00 uur.<\/td>\n<\/tr>\n<tr>\n<td>Hoeveel data staan er nog op het programma?<\/td>\n<td>Zes openbare data tussen september en november.<\/td>\n<\/tr>\n<tr>\n<td>Waar vindt het plaats?<\/td>\n<td>Plaza de Espa\u00f1a en Teatro Mar\u00eda Luisa in M\u00e9rida.<\/td>\n<\/tr>\n<tr>\n<td>Zijn er gratis voorstellingen?<\/td>\n<td>Ja. Tomasito op 8 september heeft vrije en gratis toegang.<\/td>\n<\/tr>\n<tr>\n<td>Hoeveel kosten de theatertickets?<\/td>\n<td>De organisatie kondigde prijzen tussen \u20ac11 en \u20ac22 aan; momenteel worden tickets vanaf \u20ac11,60 getoond.<\/td>\n<\/tr>\n<tr>\n<td>Waar koop je ze?<\/td>\n<td>Via de offici\u00eble festivalwebsite en El Corte Ingl\u00e9s Entradas.<\/td>\n<\/tr>\n<tr>\n<td>Wie ontvangt de festivalprijs?<\/td>\n<td>De gitarist Miguel Vargas uit Extremadura.<\/td>\n<\/tr>\n<\/tbody>\n<\/table>\n<\/div>\n<\/div><\/div><\/div><\/div><\/div><\/div><\/div><\/section><section class=\"l-section wpb_row height_huge\"><div class=\"l-section-h i-cf\"><div class=\"g-cols vc_row via_flex valign_top type_default stacking_default\"><div class=\"vc_col-sm-12 wpb_column vc_column_container\"><div class=\"vc_column-inner\"><div class=\"wpb_wrapper\"><div class=\"wpb_text_column\"><div class=\"wpb_wrapper\"><h2>M\u00e9rida, een flamencoafspraak in de herfst<\/h2>\n<p>Het 5e Flamencofestival M\u00e9rida viert zijn jubileum met een compact maar zeer gevarieerd programma. In iets meer dan twee maanden gaat het van Tomasito&#8217;s eigenzinnige stijl naar de traditionele cante van Rancapino Chico, met dans, paarden, hedendaagse creatie en een groot Jerez-feest daartussenin.<\/p>\n<p>De combinatie van activiteiten op straat en betaalbare voorstellingen is een van de sterke punten. Ook de agenda is overzichtelijk: alle hoofdevenementen beginnen om 21:00 uur en de laatste vier vinden in hetzelfde theater plaats.<\/p>\n<p>Voor een flamencotrip naar Extremadura bieden oktober en november de interessantste mogelijkheden. Wie een straatervaring zoekt, heeft twee data op Plaza de Espa\u00f1a; wie zeker wil zijn van een zitplaats, kan reserveren in Teatro Mar\u00eda Luisa. In alle gevallen is het verstandig v\u00f3\u00f3r de reis tijden en beschikbaarheid via de offici\u00eble kanalen te controleren.<\/p>\n<\/div><\/div><div class=\"w-separator size_medium\"><\/div><div class=\"w-hwrapper valign_top wrap align_center\" style=\"--hwrapper-gap:1.2rem\"><div class=\"w-btn-wrapper align_none\"><a class=\"w-btn us-btn-style_1\" target=\"_blank\" rel=\"nofollow\" href=\"https:\/\/festivalflamencomerida.es\/\"><span class=\"w-btn-label\">Offici\u00eble website van het Flamencofestival M\u00e9rida<\/span><\/a><\/div><div class=\"w-btn-wrapper align_none\"><a class=\"w-btn us-btn-style_1\" href=\"\/?page_id=10401\"><span class=\"w-btn-label\">Bekijk flamenco in Badajoz<\/span><\/a><\/div><\/div><\/div><\/div><\/div><\/div><\/div><\/section><section class=\"l-section wpb_row height_huge color_alternate with_shape\"><div class=\"l-section-shape type_zigzag pos_top\" style=\"height:3vmin;\"><svg xmlns=\"http:\/\/www.w3.org\/2000\/svg\" viewBox=\"0 0 64 8\" preserveAspectRatio=\"none\" width=\"100%\" height=\"100%\">\r\n\t<path fill=\"currentColor\" d=\"M64 8 L0 8 L0 0 L20 7.9 L40 3 L48 5 L64 0 Z\"\/>\r\n<\/svg><\/div><div class=\"l-section-h i-cf\"><div class=\"g-cols vc_row via_flex valign_top type_default stacking_default\"><div class=\"vc_col-sm-1\/5 wpb_column vc_column_container\"><div class=\"vc_column-inner\"><div class=\"wpb_wrapper\"><\/div><\/div><\/div><div class=\"vc_col-sm-3\/5 wpb_column vc_column_container\"><div class=\"vc_column-inner\"><div class=\"wpb_wrapper\"><div class=\"wpb_text_column\"><div class=\"wpb_wrapper\"><h2 id=\"faq\">Veelgestelde vragen over het Flamencofestival M\u00e9rida 2026<\/h2>\n<\/div><\/div><div class=\"w-separator size_medium\"><\/div><div class=\"w-tabs accordion toggle_style_1 has_scrolling\" style=\"--sections-title-size:inherit;--sections-gap:0.5rem;\"><div class=\"w-tabs-sections titles-align_none icon_chevron cpos_right\"><div class=\"w-tabs-section\" id=\"o881\"><button type=\"button\" class=\"w-tabs-section-header\" aria-controls=\"content-o881\" aria-expanded=\"false\"><div class=\"w-tabs-section-title\">Wanneer vindt het Flamencofestival M\u00e9rida 2026 plaats?<\/div><div class=\"w-tabs-section-control\"><\/div><\/button><div  class=\"w-tabs-section-content\" id=\"content-o881\"><div class=\"w-tabs-section-content-h i-cf\"><div class=\"wpb_text_column\"><div class=\"wpb_wrapper\"><p>Het belangrijkste openbare programma loopt van 8 september tot 21 november 2026, met zes data verdeeld over Plaza de Espa\u00f1a en Teatro Mar\u00eda Luisa.<\/p>\n<\/div><\/div><\/div><\/div><\/div><div class=\"w-tabs-section\" id=\"o9c2\"><button type=\"button\" class=\"w-tabs-section-header\" aria-controls=\"content-o9c2\" aria-expanded=\"false\"><div class=\"w-tabs-section-title\">Wie opent het festival?<\/div><div class=\"w-tabs-section-control\"><\/div><\/button><div  class=\"w-tabs-section-content\" id=\"content-o9c2\"><div class=\"w-tabs-section-content-h i-cf\"><div class=\"wpb_text_column\"><div class=\"wpb_wrapper\"><p>Tomasito opent het programma op dinsdag 8 september om 21:00 uur op Plaza de Espa\u00f1a in M\u00e9rida, op de Dag van Extremadura.<\/p>\n<\/div><\/div><\/div><\/div><\/div><div class=\"w-tabs-section\" id=\"lb29\"><button type=\"button\" class=\"w-tabs-section-header\" aria-controls=\"content-lb29\" aria-expanded=\"false\"><div class=\"w-tabs-section-title\">Is het optreden van Tomasito gratis?<\/div><div class=\"w-tabs-section-control\"><\/div><\/button><div  class=\"w-tabs-section-content\" id=\"content-lb29\"><div class=\"w-tabs-section-content-h i-cf\"><div class=\"wpb_text_column\"><div class=\"wpb_wrapper\"><p>Ja. De organisatie en het stadsbestuur van M\u00e9rida bevestigen dat het concert van Tomasito vrije en gratis toegang heeft.<\/p>\n<\/div><\/div><\/div><\/div><\/div><div class=\"w-tabs-section\" id=\"rc58\"><button type=\"button\" class=\"w-tabs-section-header\" aria-controls=\"content-rc58\" aria-expanded=\"false\"><div class=\"w-tabs-section-title\">Hoeveel kosten de tickets voor Teatro Mar\u00eda Luisa?<\/div><div class=\"w-tabs-section-control\"><\/div><\/button><div  class=\"w-tabs-section-content\" id=\"content-rc58\"><div class=\"w-tabs-section-content-h i-cf\"><div class=\"wpb_text_column\"><div class=\"wpb_wrapper\"><p>De organisatie kondigde toegankelijke prijzen tussen \u20ac11 en \u20ac22 aan. Op 5 september 2026 toont de ticketwebsite voor alle vier de theatervoorstellingen plaatsen vanaf \u20ac11,60.<\/p>\n<\/div><\/div><\/div><\/div><\/div><div class=\"w-tabs-section\" id=\"xd76\"><button type=\"button\" class=\"w-tabs-section-header\" aria-controls=\"content-xd76\" aria-expanded=\"false\"><div class=\"w-tabs-section-title\">Waar worden de offici\u00eble tickets verkocht?<\/div><div class=\"w-tabs-section-control\"><\/div><\/button><div  class=\"w-tabs-section-content\" id=\"content-xd76\"><div class=\"w-tabs-section-content-h i-cf\"><div class=\"wpb_text_column\"><div class=\"wpb_wrapper\"><p>De website van het Flamencofestival M\u00e9rida verwijst voor de offici\u00eble verkoop naar El Corte Ingl\u00e9s Entradas. We raden aan deze kanalen te gebruiken en niet via onbekende tussenpersonen te kopen.<\/p>\n<\/div><\/div><\/div><\/div><\/div><div class=\"w-tabs-section\" id=\"jea8\"><button type=\"button\" class=\"w-tabs-section-header\" aria-controls=\"content-jea8\" aria-expanded=\"false\"><div class=\"w-tabs-section-title\">Wie treedt op tijdens de Fiesta de la Buler\u00eda?<\/div><div class=\"w-tabs-section-control\"><\/div><\/button><div  class=\"w-tabs-section-content\" id=\"content-jea8\"><div class=\"w-tabs-section-content-h i-cf\"><div class=\"wpb_text_column\"><div class=\"wpb_wrapper\"><p>De hoofdbezetting bestaat uit Jes\u00fas M\u00e9ndez, T\u00eda Yoya, T\u00eda Juana Carrasco, Juan Parrilla en Curro Carrasco, samen met musici en jonge talenten die verbonden zijn met de flamenco uit Jerez.<\/p>\n<\/div><\/div><\/div><\/div><\/div><div class=\"w-tabs-section\" id=\"jfc3\"><button type=\"button\" class=\"w-tabs-section-header\" aria-controls=\"content-jfc3\" aria-expanded=\"false\"><div class=\"w-tabs-section-title\">Sluit Rancapino of Rancapino Chico het festival af?<\/div><div class=\"w-tabs-section-control\"><\/div><\/button><div  class=\"w-tabs-section-content\" id=\"content-jfc3\"><div class=\"w-tabs-section-content-h i-cf\"><div class=\"wpb_text_column\"><div class=\"wpb_wrapper\"><p>Het algemene programma gebruikt de verkorte naam Rancapino, terwijl Teatro Mar\u00eda Luisa en de offici\u00eble ticketverkoop het optreden van 21 november als Rancapino Chico vermelden.<\/p>\n<\/div><\/div><\/div><\/div><\/div><div class=\"w-tabs-section\" id=\"n0d6\"><button type=\"button\" class=\"w-tabs-section-header\" aria-controls=\"content-n0d6\" aria-expanded=\"false\"><div class=\"w-tabs-section-title\">Wie ontvangt de Prijs Flamencofestival M\u00e9rida 2026?<\/div><div class=\"w-tabs-section-control\"><\/div><\/button><div  class=\"w-tabs-section-content\" id=\"content-n0d6\"><div class=\"w-tabs-section-content-h i-cf\"><div class=\"wpb_text_column\"><div class=\"wpb_wrapper\"><p>De gitarist Miguel Vargas uit Extremadura ontvangt de prijs van deze editie als erkenning voor zijn loopbaan en zijn bijdrage aan de verspreiding en het behoud van flamenco.<\/p>\n<\/div><\/div><\/div><\/div><\/div><div class=\"w-tabs-section\" id=\"a1f1\"><button type=\"button\" class=\"w-tabs-section-header\" aria-controls=\"content-a1f1\" aria-expanded=\"false\"><div class=\"w-tabs-section-title\">Maakt het Festival Flamenco &amp; Rumba M\u00e9rida van 10 oktober deel uit van dit festival?<\/div><div class=\"w-tabs-section-control\"><\/div><\/button><div  class=\"w-tabs-section-content\" id=\"content-a1f1\"><div class=\"w-tabs-section-content-h i-cf\"><div class=\"wpb_text_column\"><div class=\"wpb_wrapper\"><p>Nee. Het is een ander evenement dat op 10 oktober in de arena plaatsvindt. Het mag niet worden verward met het 5e Flamencofestival M\u00e9rida of met Baile Flamenco Ecuestre op 12 oktober.<\/p>\n<\/div><\/div><\/div><\/div><\/div><div class=\"w-tabs-section\" id=\"a330\"><button type=\"button\" class=\"w-tabs-section-header\" aria-controls=\"content-a330\" aria-expanded=\"false\"><div class=\"w-tabs-section-title\">Welke voorstelling raden we aan als je er maar \u00e9\u00e9n kunt kiezen?<\/div><div class=\"w-tabs-section-control\"><\/div><\/button><div  class=\"w-tabs-section-content\" id=\"content-a330\"><div class=\"w-tabs-section-content-h i-cf\"><div class=\"wpb_text_column\"><div class=\"wpb_wrapper\"><p>De Fiesta de la Buler\u00eda op 31 oktober is een van de meest complete voorstellingen door het collectieve karakter en de sterke band met Jerez. Als cante je prioriteit is, is het recital van Rancapino Chico op 21 november een uitstekende keuze.<\/p>\n<\/div><\/div><\/div><\/div><\/div><\/div><\/div><\/div><\/div><\/div><div class=\"vc_col-sm-1\/5 wpb_column vc_column_container\"><div class=\"vc_column-inner\"><div class=\"wpb_wrapper\"><\/div><\/div><\/div><\/div><\/div><\/section>\n","protected":false},"excerpt":{"rendered":"<p>Complete gids voor het Flamencofestival M\u00e9rida 2026: programma, artiesten, data, tijden, locaties, prijzen en offici\u00eble ticketverkoop.<\/p>\n","protected":false},"author":1,"featured_media":14937,"comment_status":"closed","ping_status":"closed","sticky":false,"template":"","format":"standard","meta":{"_acf_changed":false,"wpai_generated_summary":"","_ayudawp_aiss_exclude":false,"_ayudawp_aiss_exclude_summary":false,"_ayudawp_aiss_summary":"","_ayudawp_aiss_summary_provider":"","_ayudawp_aiss_summary_hash":"","footnotes":""},"categories":[1672],"tags":[2066,1230,2067,2065],"class_list":["post-15074","post","type-post","status-publish","format-standard","has-post-thumbnail","hentry","category-flamencofestivals","tag-extremadura-nl","tag-festivales-flamencos","tag-flamencofestival-merida","tag-merida-nl"],"acf":[],"yoast_head":"<!-- This site is optimized with the Yoast SEO Premium plugin v28.4 (Yoast SEO v28.4) - https:\/\/yoast.com\/product\/yoast-seo-premium-wordpress\/ -->\n<title>Flamencofestival M\u00e9rida 2026: programma en tickets<\/title>\n<meta name=\"description\" content=\"Flamencofestival M\u00e9rida 2026: programma, artiesten, data, tijden, locaties, ticketprijzen en offici\u00eble verkoop.\" \/>\n<meta name=\"robots\" content=\"index, follow, max-snippet:-1, max-image-preview:large, max-video-preview:-1\" \/>\n<link rel=\"canonical\" href=\"https:\/\/www.tablaosflamencos.com\/nl\/flamencofestival-merida-2026-programma-tickets.html\" \/>\n<meta property=\"og:locale\" content=\"nl_NL\" \/>\n<meta property=\"og:type\" content=\"article\" \/>\n<meta property=\"og:title\" content=\"Flamencofestival M\u00e9rida 2026: programma, artiesten, data en tickets\" \/>\n<meta property=\"og:description\" content=\"Flamencofestival M\u00e9rida 2026: programma, artiesten, data, tijden, locaties, ticketprijzen en offici\u00eble verkoop.\" \/>\n<meta property=\"og:url\" content=\"https:\/\/www.tablaosflamencos.com\/nl\/flamencofestival-merida-2026-programma-tickets.html\" \/>\n<meta property=\"og:site_name\" content=\"Tablaos Flamencos\" \/>\n<meta property=\"article:publisher\" content=\"https:\/\/www.facebook.com\/tablaosflamencos\" \/>\n<meta property=\"article:published_time\" content=\"2026-09-06T13:28:14+00:00\" \/>\n<meta property=\"article:modified_time\" content=\"2026-09-06T14:53:16+00:00\" \/>\n<meta property=\"og:image\" content=\"https:\/\/www.tablaosflamencos.com\/wp-content\/uploads\/festival-flamenco-de-merida-2026-programacion-artistas-fechas-y-entradas-01.webp\" \/>\n\t<meta property=\"og:image:width\" content=\"1536\" \/>\n\t<meta property=\"og:image:height\" content=\"1024\" \/>\n\t<meta property=\"og:image:type\" content=\"image\/webp\" \/>\n<meta name=\"author\" content=\"Miguel Ortiz\" \/>\n<meta name=\"twitter:card\" content=\"summary_large_image\" \/>\n<meta name=\"twitter:creator\" content=\"@tablaosflamenco\" \/>\n<meta name=\"twitter:site\" content=\"@tablaosflamenco\" \/>\n<meta name=\"twitter:label1\" content=\"Geschreven door\" \/>\n\t<meta name=\"twitter:data1\" content=\"Miguel Ortiz\" \/>\n\t<meta name=\"twitter:label2\" content=\"Geschatte leestijd\" \/>\n\t<meta name=\"twitter:data2\" content=\"17 minuten\" \/>\n<script type=\"application\/ld+json\" class=\"yoast-schema-graph\">{\"@context\":\"https:\\\/\\\/schema.org\",\"@graph\":[{\"@type\":\"Article\",\"@id\":\"https:\\\/\\\/www.tablaosflamencos.com\\\/nl\\\/flamencofestival-merida-2026-programma-tickets.html#article\",\"isPartOf\":{\"@id\":\"https:\\\/\\\/www.tablaosflamencos.com\\\/nl\\\/flamencofestival-merida-2026-programma-tickets.html\"},\"author\":{\"name\":\"Miguel Ortiz\",\"@id\":\"https:\\\/\\\/www.tablaosflamencos.com\\\/nl#\\\/schema\\\/person\\\/e7a9ebe14eb75a52ceabfbffb3c54f5d\"},\"headline\":\"Flamencofestival M\u00e9rida 2026: programma, artiesten, data en tickets\",\"datePublished\":\"2026-09-06T13:28:14+00:00\",\"dateModified\":\"2026-09-06T14:53:16+00:00\",\"mainEntityOfPage\":{\"@id\":\"https:\\\/\\\/www.tablaosflamencos.com\\\/nl\\\/flamencofestival-merida-2026-programma-tickets.html\"},\"wordCount\":3449,\"publisher\":{\"@id\":\"https:\\\/\\\/www.tablaosflamencos.com\\\/nl#organization\"},\"image\":{\"@id\":\"https:\\\/\\\/www.tablaosflamencos.com\\\/nl\\\/flamencofestival-merida-2026-programma-tickets.html#primaryimage\"},\"thumbnailUrl\":\"https:\\\/\\\/www.tablaosflamencos.com\\\/wp-content\\\/uploads\\\/festival-flamenco-de-merida-2026-programacion-artistas-fechas-y-entradas-01.webp\",\"keywords\":[\"Extremadura\",\"festivales flamencos\",\"Flamencofestival M\u00e9rida\",\"M\u00e9rida\"],\"articleSection\":[\"Flamencofestivals\"],\"inLanguage\":\"nl-NL\"},{\"@type\":\"WebPage\",\"@id\":\"https:\\\/\\\/www.tablaosflamencos.com\\\/nl\\\/flamencofestival-merida-2026-programma-tickets.html\",\"url\":\"https:\\\/\\\/www.tablaosflamencos.com\\\/nl\\\/flamencofestival-merida-2026-programma-tickets.html\",\"name\":\"Flamencofestival M\u00e9rida 2026: programma en tickets\",\"isPartOf\":{\"@id\":\"https:\\\/\\\/www.tablaosflamencos.com\\\/nl#website\"},\"primaryImageOfPage\":{\"@id\":\"https:\\\/\\\/www.tablaosflamencos.com\\\/nl\\\/flamencofestival-merida-2026-programma-tickets.html#primaryimage\"},\"image\":{\"@id\":\"https:\\\/\\\/www.tablaosflamencos.com\\\/nl\\\/flamencofestival-merida-2026-programma-tickets.html#primaryimage\"},\"thumbnailUrl\":\"https:\\\/\\\/www.tablaosflamencos.com\\\/wp-content\\\/uploads\\\/festival-flamenco-de-merida-2026-programacion-artistas-fechas-y-entradas-01.webp\",\"datePublished\":\"2026-09-06T13:28:14+00:00\",\"dateModified\":\"2026-09-06T14:53:16+00:00\",\"description\":\"Flamencofestival M\u00e9rida 2026: programma, artiesten, data, tijden, locaties, ticketprijzen en offici\u00eble verkoop.\",\"breadcrumb\":{\"@id\":\"https:\\\/\\\/www.tablaosflamencos.com\\\/nl\\\/flamencofestival-merida-2026-programma-tickets.html#breadcrumb\"},\"inLanguage\":\"nl-NL\",\"potentialAction\":[{\"@type\":\"ReadAction\",\"target\":[\"https:\\\/\\\/www.tablaosflamencos.com\\\/nl\\\/flamencofestival-merida-2026-programma-tickets.html\"]}]},{\"@type\":\"ImageObject\",\"inLanguage\":\"nl-NL\",\"@id\":\"https:\\\/\\\/www.tablaosflamencos.com\\\/nl\\\/flamencofestival-merida-2026-programma-tickets.html#primaryimage\",\"url\":\"https:\\\/\\\/www.tablaosflamencos.com\\\/wp-content\\\/uploads\\\/festival-flamenco-de-merida-2026-programacion-artistas-fechas-y-entradas-01.webp\",\"contentUrl\":\"https:\\\/\\\/www.tablaosflamencos.com\\\/wp-content\\\/uploads\\\/festival-flamenco-de-merida-2026-programacion-artistas-fechas-y-entradas-01.webp\",\"width\":1536,\"height\":1024,\"caption\":\"Trasnoches Flamencos 2026: siete citas de guitarra, cante y baile en M\u00e1laga\"},{\"@type\":\"BreadcrumbList\",\"@id\":\"https:\\\/\\\/www.tablaosflamencos.com\\\/nl\\\/flamencofestival-merida-2026-programma-tickets.html#breadcrumb\",\"itemListElement\":[{\"@type\":\"ListItem\",\"position\":1,\"name\":\"Home\",\"item\":\"https:\\\/\\\/www.tablaosflamencos.com\\\/nl\"},{\"@type\":\"ListItem\",\"position\":2,\"name\":\"Flamencofestival M\u00e9rida 2026: programma, artiesten, data en tickets\"}]},{\"@type\":\"WebSite\",\"@id\":\"https:\\\/\\\/www.tablaosflamencos.com\\\/nl#website\",\"url\":\"https:\\\/\\\/www.tablaosflamencos.com\\\/nl\",\"name\":\"Tablaos Flamencos\",\"description\":\"Entradas para tablaos flamencos de Espa\u00f1a\",\"publisher\":{\"@id\":\"https:\\\/\\\/www.tablaosflamencos.com\\\/nl#organization\"},\"alternateName\":\"Tablaos Flamencos\",\"potentialAction\":[{\"@type\":\"SearchAction\",\"target\":{\"@type\":\"EntryPoint\",\"urlTemplate\":\"https:\\\/\\\/www.tablaosflamencos.com\\\/nl?s={search_term_string}\"},\"query-input\":{\"@type\":\"PropertyValueSpecification\",\"valueRequired\":true,\"valueName\":\"search_term_string\"}}],\"inLanguage\":\"nl-NL\"},{\"@type\":[\"Organization\",\"Place\",\"EntertainmentBusiness\"],\"@id\":\"https:\\\/\\\/www.tablaosflamencos.com\\\/nl#organization\",\"name\":\"Tablaos Flamencos\",\"alternateName\":\"Tablaos Flamencos\",\"url\":\"https:\\\/\\\/www.tablaosflamencos.com\\\/nl\",\"logo\":{\"@id\":\"https:\\\/\\\/www.tablaosflamencos.com\\\/nl\\\/flamencofestival-merida-2026-programma-tickets.html#local-main-organization-logo\"},\"image\":{\"@id\":\"https:\\\/\\\/www.tablaosflamencos.com\\\/nl\\\/flamencofestival-merida-2026-programma-tickets.html#local-main-organization-logo\"},\"sameAs\":[\"https:\\\/\\\/www.facebook.com\\\/tablaosflamencos\",\"https:\\\/\\\/x.com\\\/tablaosflamenco\",\"https:\\\/\\\/mastodon.social\\\/@tablaosflamencos\",\"https:\\\/\\\/www.instagram.com\\\/tablaosflamencos\",\"https:\\\/\\\/tiktok.com\\\/@tablaosflamencos\",\"https:\\\/\\\/www.linkedin.com\\\/company\\\/109408238\\\/\"],\"description\":\"Venta de entradas para espect\u00e1culos flamencos\",\"legalName\":\"Tablaos Flamencos\",\"foundingDate\":\"2015-01-01\",\"numberOfEmployees\":{\"@type\":\"QuantitativeValue\",\"minValue\":\"1\",\"maxValue\":\"10\"},\"address\":{\"@id\":\"https:\\\/\\\/www.tablaosflamencos.com\\\/nl\\\/flamencofestival-merida-2026-programma-tickets.html#local-main-place-address\"},\"geo\":{\"@type\":\"GeoCoordinates\",\"latitude\":\"37.3868072\",\"longitude\":\"-5.993280299999999\"},\"telephone\":[\"+34623787787\"],\"contactPoint\":{\"@type\":\"ContactPoint\",\"telephone\":\"+34623787787\",\"email\":\"info@tablaosflamencos.com\"},\"openingHoursSpecification\":{\"@type\":\"OpeningHoursSpecification\",\"dayOfWeek\":[\"Monday\",\"Tuesday\",\"Wednesday\",\"Thursday\",\"Friday\",\"Saturday\",\"Sunday\"],\"opens\":\"00:00\",\"closes\":\"23:59\"},\"email\":\"info@tablaosflamencos.com\",\"priceRange\":\"$$$\",\"currenciesAccepted\":\"\u20ac\"},{\"@type\":\"Person\",\"@id\":\"https:\\\/\\\/www.tablaosflamencos.com\\\/nl#\\\/schema\\\/person\\\/e7a9ebe14eb75a52ceabfbffb3c54f5d\",\"name\":\"Miguel Ortiz\",\"description\":\"Miguel Ortiz es un empresario flamenco, con una s\u00f3lida trayectoria dentro del sector. Ha presidido entidades culturales vinculadas al flamenco y, cuenta con un amplio recorrido profesional en la gesti\u00f3n y promoci\u00f3n de espect\u00e1culos y tablaos flamencos. Su pasi\u00f3n por la historia y el arte flamenco se refleja en cada art\u00edculo, donde combina experiencia, criterio y un profundo respeto por la tradici\u00f3n.\",\"sameAs\":[\"https:\\\/\\\/www.tablaosflamencos.com\",\"https:\\\/\\\/www.instagra.com\\\/miguelortizfe\",\"https:\\\/\\\/www.linkedin.com\\\/in\\\/miguelortizf\\\/\"],\"birthDate\":\"1984-11-22\",\"gender\":\"hombre\",\"knowsLanguage\":[\"espa\u00f1ol\",\"ingl\u00e9s\"],\"jobTitle\":\"Empresario flamenco\"},{\"@type\":\"PostalAddress\",\"@id\":\"https:\\\/\\\/www.tablaosflamencos.com\\\/nl\\\/flamencofestival-merida-2026-programma-tickets.html#local-main-place-address\",\"streetAddress\":\"C\\\/ Alemanes, 19\",\"addressLocality\":\"Sevilla\",\"postalCode\":\"41004\",\"addressRegion\":\"Sevilla\",\"addressCountry\":\"ES\"},{\"@type\":\"ImageObject\",\"inLanguage\":\"nl-NL\",\"@id\":\"https:\\\/\\\/www.tablaosflamencos.com\\\/nl\\\/flamencofestival-merida-2026-programma-tickets.html#local-main-organization-logo\",\"url\":\"https:\\\/\\\/www.tablaosflamencos.com\\\/wp-content\\\/uploads\\\/tablaos-flamencos-06-3.webp\",\"contentUrl\":\"https:\\\/\\\/www.tablaosflamencos.com\\\/wp-content\\\/uploads\\\/tablaos-flamencos-06-3.webp\",\"width\":600,\"height\":620,\"caption\":\"Tablaos Flamencos\"}]}<\/script>\n<meta name=\"geo.placename\" content=\"Sevilla\" \/>\n<meta name=\"geo.position\" content=\"37.3868072;-5.993280299999999\" \/>\n<meta name=\"geo.region\" content=\"Spanje\" \/>\n<!-- \/ Yoast SEO Premium plugin. -->","yoast_head_json":{"title":"Flamencofestival M\u00e9rida 2026: programma en tickets","description":"Flamencofestival M\u00e9rida 2026: programma, artiesten, data, tijden, locaties, ticketprijzen en offici\u00eble verkoop.","robots":{"index":"index","follow":"follow","max-snippet":"max-snippet:-1","max-image-preview":"max-image-preview:large","max-video-preview":"max-video-preview:-1"},"canonical":"https:\/\/www.tablaosflamencos.com\/nl\/flamencofestival-merida-2026-programma-tickets.html","og_locale":"nl_NL","og_type":"article","og_title":"Flamencofestival M\u00e9rida 2026: programma, artiesten, data en tickets","og_description":"Flamencofestival M\u00e9rida 2026: programma, artiesten, data, tijden, locaties, ticketprijzen en offici\u00eble verkoop.","og_url":"https:\/\/www.tablaosflamencos.com\/nl\/flamencofestival-merida-2026-programma-tickets.html","og_site_name":"Tablaos Flamencos","article_publisher":"https:\/\/www.facebook.com\/tablaosflamencos","article_published_time":"2026-09-06T13:28:14+00:00","article_modified_time":"2026-09-06T14:53:16+00:00","og_image":[{"width":1536,"height":1024,"url":"https:\/\/www.tablaosflamencos.com\/wp-content\/uploads\/festival-flamenco-de-merida-2026-programacion-artistas-fechas-y-entradas-01.webp","type":"image\/webp"}],"author":"Miguel Ortiz","twitter_card":"summary_large_image","twitter_creator":"@tablaosflamenco","twitter_site":"@tablaosflamenco","twitter_misc":{"Geschreven door":"Miguel Ortiz","Geschatte leestijd":"17 minuten"},"schema":{"@context":"https:\/\/schema.org","@graph":[{"@type":"Article","@id":"https:\/\/www.tablaosflamencos.com\/nl\/flamencofestival-merida-2026-programma-tickets.html#article","isPartOf":{"@id":"https:\/\/www.tablaosflamencos.com\/nl\/flamencofestival-merida-2026-programma-tickets.html"},"author":{"name":"Miguel Ortiz","@id":"https:\/\/www.tablaosflamencos.com\/nl#\/schema\/person\/e7a9ebe14eb75a52ceabfbffb3c54f5d"},"headline":"Flamencofestival M\u00e9rida 2026: programma, artiesten, data en tickets","datePublished":"2026-09-06T13:28:14+00:00","dateModified":"2026-09-06T14:53:16+00:00","mainEntityOfPage":{"@id":"https:\/\/www.tablaosflamencos.com\/nl\/flamencofestival-merida-2026-programma-tickets.html"},"wordCount":3449,"publisher":{"@id":"https:\/\/www.tablaosflamencos.com\/nl#organization"},"image":{"@id":"https:\/\/www.tablaosflamencos.com\/nl\/flamencofestival-merida-2026-programma-tickets.html#primaryimage"},"thumbnailUrl":"https:\/\/www.tablaosflamencos.com\/wp-content\/uploads\/festival-flamenco-de-merida-2026-programacion-artistas-fechas-y-entradas-01.webp","keywords":["Extremadura","festivales flamencos","Flamencofestival M\u00e9rida","M\u00e9rida"],"articleSection":["Flamencofestivals"],"inLanguage":"nl-NL"},{"@type":"WebPage","@id":"https:\/\/www.tablaosflamencos.com\/nl\/flamencofestival-merida-2026-programma-tickets.html","url":"https:\/\/www.tablaosflamencos.com\/nl\/flamencofestival-merida-2026-programma-tickets.html","name":"Flamencofestival M\u00e9rida 2026: programma en tickets","isPartOf":{"@id":"https:\/\/www.tablaosflamencos.com\/nl#website"},"primaryImageOfPage":{"@id":"https:\/\/www.tablaosflamencos.com\/nl\/flamencofestival-merida-2026-programma-tickets.html#primaryimage"},"image":{"@id":"https:\/\/www.tablaosflamencos.com\/nl\/flamencofestival-merida-2026-programma-tickets.html#primaryimage"},"thumbnailUrl":"https:\/\/www.tablaosflamencos.com\/wp-content\/uploads\/festival-flamenco-de-merida-2026-programacion-artistas-fechas-y-entradas-01.webp","datePublished":"2026-09-06T13:28:14+00:00","dateModified":"2026-09-06T14:53:16+00:00","description":"Flamencofestival M\u00e9rida 2026: programma, artiesten, data, tijden, locaties, ticketprijzen en offici\u00eble verkoop.","breadcrumb":{"@id":"https:\/\/www.tablaosflamencos.com\/nl\/flamencofestival-merida-2026-programma-tickets.html#breadcrumb"},"inLanguage":"nl-NL","potentialAction":[{"@type":"ReadAction","target":["https:\/\/www.tablaosflamencos.com\/nl\/flamencofestival-merida-2026-programma-tickets.html"]}]},{"@type":"ImageObject","inLanguage":"nl-NL","@id":"https:\/\/www.tablaosflamencos.com\/nl\/flamencofestival-merida-2026-programma-tickets.html#primaryimage","url":"https:\/\/www.tablaosflamencos.com\/wp-content\/uploads\/festival-flamenco-de-merida-2026-programacion-artistas-fechas-y-entradas-01.webp","contentUrl":"https:\/\/www.tablaosflamencos.com\/wp-content\/uploads\/festival-flamenco-de-merida-2026-programacion-artistas-fechas-y-entradas-01.webp","width":1536,"height":1024,"caption":"Trasnoches Flamencos 2026: siete citas de guitarra, cante y baile en M\u00e1laga"},{"@type":"BreadcrumbList","@id":"https:\/\/www.tablaosflamencos.com\/nl\/flamencofestival-merida-2026-programma-tickets.html#breadcrumb","itemListElement":[{"@type":"ListItem","position":1,"name":"Home","item":"https:\/\/www.tablaosflamencos.com\/nl"},{"@type":"ListItem","position":2,"name":"Flamencofestival M\u00e9rida 2026: programma, artiesten, data en tickets"}]},{"@type":"WebSite","@id":"https:\/\/www.tablaosflamencos.com\/nl#website","url":"https:\/\/www.tablaosflamencos.com\/nl","name":"Tablaos Flamencos","description":"Entradas para tablaos flamencos de Espa\u00f1a","publisher":{"@id":"https:\/\/www.tablaosflamencos.com\/nl#organization"},"alternateName":"Tablaos Flamencos","potentialAction":[{"@type":"SearchAction","target":{"@type":"EntryPoint","urlTemplate":"https:\/\/www.tablaosflamencos.com\/nl?s={search_term_string}"},"query-input":{"@type":"PropertyValueSpecification","valueRequired":true,"valueName":"search_term_string"}}],"inLanguage":"nl-NL"},{"@type":["Organization","Place","EntertainmentBusiness"],"@id":"https:\/\/www.tablaosflamencos.com\/nl#organization","name":"Tablaos Flamencos","alternateName":"Tablaos Flamencos","url":"https:\/\/www.tablaosflamencos.com\/nl","logo":{"@id":"https:\/\/www.tablaosflamencos.com\/nl\/flamencofestival-merida-2026-programma-tickets.html#local-main-organization-logo"},"image":{"@id":"https:\/\/www.tablaosflamencos.com\/nl\/flamencofestival-merida-2026-programma-tickets.html#local-main-organization-logo"},"sameAs":["https:\/\/www.facebook.com\/tablaosflamencos","https:\/\/x.com\/tablaosflamenco","https:\/\/mastodon.social\/@tablaosflamencos","https:\/\/www.instagram.com\/tablaosflamencos","https:\/\/tiktok.com\/@tablaosflamencos","https:\/\/www.linkedin.com\/company\/109408238\/"],"description":"Venta de entradas para espect\u00e1culos flamencos","legalName":"Tablaos Flamencos","foundingDate":"2015-01-01","numberOfEmployees":{"@type":"QuantitativeValue","minValue":"1","maxValue":"10"},"address":{"@id":"https:\/\/www.tablaosflamencos.com\/nl\/flamencofestival-merida-2026-programma-tickets.html#local-main-place-address"},"geo":{"@type":"GeoCoordinates","latitude":"37.3868072","longitude":"-5.993280299999999"},"telephone":["+34623787787"],"contactPoint":{"@type":"ContactPoint","telephone":"+34623787787","email":"info@tablaosflamencos.com"},"openingHoursSpecification":{"@type":"OpeningHoursSpecification","dayOfWeek":["Monday","Tuesday","Wednesday","Thursday","Friday","Saturday","Sunday"],"opens":"00:00","closes":"23:59"},"email":"info@tablaosflamencos.com","priceRange":"$$$","currenciesAccepted":"\u20ac"},{"@type":"Person","@id":"https:\/\/www.tablaosflamencos.com\/nl#\/schema\/person\/e7a9ebe14eb75a52ceabfbffb3c54f5d","name":"Miguel Ortiz","description":"Miguel Ortiz es un empresario flamenco, con una s\u00f3lida trayectoria dentro del sector. Ha presidido entidades culturales vinculadas al flamenco y, cuenta con un amplio recorrido profesional en la gesti\u00f3n y promoci\u00f3n de espect\u00e1culos y tablaos flamencos. Su pasi\u00f3n por la historia y el arte flamenco se refleja en cada art\u00edculo, donde combina experiencia, criterio y un profundo respeto por la tradici\u00f3n.","sameAs":["https:\/\/www.tablaosflamencos.com","https:\/\/www.instagra.com\/miguelortizfe","https:\/\/www.linkedin.com\/in\/miguelortizf\/"],"birthDate":"1984-11-22","gender":"hombre","knowsLanguage":["espa\u00f1ol","ingl\u00e9s"],"jobTitle":"Empresario flamenco"},{"@type":"PostalAddress","@id":"https:\/\/www.tablaosflamencos.com\/nl\/flamencofestival-merida-2026-programma-tickets.html#local-main-place-address","streetAddress":"C\/ Alemanes, 19","addressLocality":"Sevilla","postalCode":"41004","addressRegion":"Sevilla","addressCountry":"ES"},{"@type":"ImageObject","inLanguage":"nl-NL","@id":"https:\/\/www.tablaosflamencos.com\/nl\/flamencofestival-merida-2026-programma-tickets.html#local-main-organization-logo","url":"https:\/\/www.tablaosflamencos.com\/wp-content\/uploads\/tablaos-flamencos-06-3.webp","contentUrl":"https:\/\/www.tablaosflamencos.com\/wp-content\/uploads\/tablaos-flamencos-06-3.webp","width":600,"height":620,"caption":"Tablaos Flamencos"}]},"geo.placename":"Sevilla","geo.position":{"lat":"37.3868072","long":"-5.993280299999999"},"geo.region":"Spanje"},"_links":{"self":[{"href":"https:\/\/www.tablaosflamencos.com\/nl\/wp-json\/wp\/v2\/posts\/15074","targetHints":{"allow":["GET"]}}],"collection":[{"href":"https:\/\/www.tablaosflamencos.com\/nl\/wp-json\/wp\/v2\/posts"}],"about":[{"href":"https:\/\/www.tablaosflamencos.com\/nl\/wp-json\/wp\/v2\/types\/post"}],"author":[{"embeddable":true,"href":"https:\/\/www.tablaosflamencos.com\/nl\/wp-json\/wp\/v2\/users\/1"}],"replies":[{"embeddable":true,"href":"https:\/\/www.tablaosflamencos.com\/nl\/wp-json\/wp\/v2\/comments?post=15074"}],"version-history":[{"count":0,"href":"https:\/\/www.tablaosflamencos.com\/nl\/wp-json\/wp\/v2\/posts\/15074\/revisions"}],"wp:featuredmedia":[{"embeddable":true,"href":"https:\/\/www.tablaosflamencos.com\/nl\/wp-json\/wp\/v2\/media\/14937"}],"wp:attachment":[{"href":"https:\/\/www.tablaosflamencos.com\/nl\/wp-json\/wp\/v2\/media?parent=15074"}],"wp:term":[{"taxonomy":"category","embeddable":true,"href":"https:\/\/www.tablaosflamencos.com\/nl\/wp-json\/wp\/v2\/categories?post=15074"},{"taxonomy":"post_tag","embeddable":true,"href":"https:\/\/www.tablaosflamencos.com\/nl\/wp-json\/wp\/v2\/tags?post=15074"}],"curies":[{"name":"wp","href":"https:\/\/api.w.org\/{rel}","templated":true}]}}