{"id":15047,"date":"2026-09-06T16:07:31","date_gmt":"2026-09-06T14:07:31","guid":{"rendered":"https:\/\/www.tablaosflamencos.com\/?p=15047"},"modified":"2026-09-06T16:56:05","modified_gmt":"2026-09-06T14:56:05","slug":"el-mundo-por-montera-flamencobiennale-2026","status":"publish","type":"post","link":"https:\/\/www.tablaosflamencos.com\/nl\/el-mundo-por-montera-flamencobiennale-2026.html","title":{"rendered":"El mundo por montera op de Flamencobi\u00ebnnale 2026: wie doet mee en wat zien we in de Maestranza"},"content":{"rendered":"<section class=\"l-section wpb_row height_huge\"><div class=\"l-section-h i-cf\"><div class=\"g-cols vc_row via_flex valign_top type_default stacking_default\"><div class=\"vc_col-sm-6 wpb_column vc_column_container\"><div class=\"vc_column-inner\"><div class=\"wpb_wrapper\"><div class=\"wpb_text_column\"><div class=\"wpb_wrapper\"><h2>De grote gala van de Bi\u00ebnnale komt naar de arena van de Maestranza<\/h2>\n<p><strong>El mundo por montera<\/strong> vindt plaats op donderdag <strong>10 september 2026<\/strong> om 21:30 uur in de Plaza de Toros de la Real Maestranza de Caballer\u00eda de Sevilla. De Bi\u00ebnnale presenteert het als een <strong>Unieke Nacht<\/strong> en als een van de grote afspraken van de 24e editie: een voorstelling die speciaal is bedacht om meerdere generaties van cante, baile en gitaarspel in \u00e9\u00e9n ruimte samen te brengen.<\/p>\n<p>De affiche is uitzonderlijk: <strong>Jos\u00e9 Merc\u00e9, Jos\u00e9 el de la Tomasa, Martirio, Arc\u00e1ngel, La Tremendita, \u00c1ngeles Toledano, El Perrete en Manuel de la Tomasa<\/strong>, samen met het <strong>Ballet Flamenco de Andaluc\u00eda met Patricia Guerrero<\/strong>. Maar de kern is dat het geen opeenvolging van losse recitals wordt. De artistieke leiding van <strong>Andr\u00e9s Mar\u00edn en Luis Ybarra<\/strong> vormt de avond als \u00e9\u00e9n geheel, verdeeld in negen passages en een afsluitende romer\u00eda die de flamenco van een eeuw geleden vanuit een hedendaagse blik herbekijken.<\/p>\n<\/div><\/div><\/div><\/div><\/div><div class=\"vc_col-sm-6 wpb_column vc_column_container\"><div class=\"vc_column-inner\"><div class=\"wpb_wrapper\"><div class=\"wpb_text_column\"><div class=\"wpb_wrapper\"><h2>Belangrijkste gegevens<\/h2>\n<ul>\n<li><strong>Voorstelling:<\/strong> <em>El mundo por montera<\/em>.<\/li>\n<li><strong>Datum:<\/strong> donderdag 10 september 2026.<\/li>\n<li><strong>Tijd:<\/strong> 21:30 uur.<\/li>\n<li><strong>Locatie:<\/strong> Plaza de Toros de la Real Maestranza de Caballer\u00eda de Sevilla.<\/li>\n<li><strong>Artistieke leiding:<\/strong> Andr\u00e9s Mar\u00edn en Luis Ybarra.<\/li>\n<li><strong>Formaat:<\/strong> gala \/ Unieke Nacht in negen passages en een afsluitende romer\u00eda.<\/li>\n<li><strong>Tickets:<\/strong> vanaf \u20ac25 volgens de Culturele Agenda van Andalusi\u00eb.<\/li>\n<li><strong>Context:<\/strong> de honderdste verjaardag van 1926 en de opkomst van de \u00d3pera Flamenca.<\/li>\n<\/ul>\n<\/div><\/div><\/div><\/div><\/div><\/div><\/div><\/section><section class=\"l-section wpb_row height_huge color_alternate with_shape\"><div class=\"l-section-shape type_zigzag pos_top\" style=\"height:3vmin;\"><svg xmlns=\"http:\/\/www.w3.org\/2000\/svg\" viewBox=\"0 0 64 8\" preserveAspectRatio=\"none\" width=\"100%\" height=\"100%\">\r\n\t<path fill=\"currentColor\" d=\"M64 8 L0 8 L0 0 L20 7.9 L40 3 L48 5 L64 0 Z\"\/>\r\n<\/svg><\/div><div class=\"l-section-shape type_zigzag pos_bottom\" style=\"height:3vmin;\"><svg xmlns=\"http:\/\/www.w3.org\/2000\/svg\" viewBox=\"0 0 64 8\" preserveAspectRatio=\"none\" width=\"100%\" height=\"100%\">\r\n\t<path fill=\"currentColor\" d=\"M64 8 L0 8 L0 0 L20 7.9 L40 3 L48 5 L64 0 Z\"\/>\r\n<\/svg><\/div><div class=\"l-section-h i-cf\"><div class=\"g-cols vc_row via_flex valign_top type_default stacking_default\"><div class=\"vc_col-sm-12 wpb_column vc_column_container\"><div class=\"vc_column-inner\"><div class=\"wpb_wrapper\"><div class=\"wpb_text_column\"><div class=\"wpb_wrapper\"><blockquote>\n<p><strong>Kort antwoord:<\/strong> <em>El mundo por montera<\/em> brengt op 10 september in de Real Maestranza Jos\u00e9 Merc\u00e9, Jos\u00e9 el de la Tomasa, Martirio, Arc\u00e1ngel, La Tremendita, \u00c1ngeles Toledano, El Perrete, Manuel de la Tomasa en het Ballet Flamenco de Andaluc\u00eda met Patricia Guerrero samen. Het wordt geen festival van losse nummers: het programma is opgebouwd als een voorstelling in negen passages langs ca\u00f1a, bambera, canti\u00f1as, grana\u00edna, petenera, ida y vuelta, sole\u00e1 en seguiriya, voordat het eindigt in een gezamenlijke fandangos-finale. Het idee is om vanuit 2026 naar de flamenco van 1926 te kijken, zonder die letterlijk te reconstrueren.<\/p>\n<\/blockquote>\n<\/div><\/div><\/div><\/div><\/div><\/div><\/div><\/section><section class=\"l-section wpb_row height_huge\"><div class=\"l-section-h i-cf\"><div class=\"g-cols vc_row via_flex valign_top type_default stacking_default\"><div class=\"vc_col-sm-3 wpb_column vc_column_container\"><div class=\"vc_column-inner\"><div class=\"wpb_wrapper\"><\/div><\/div><\/div><div class=\"vc_col-sm-6 wpb_column vc_column_container\"><div class=\"vc_column-inner\"><div class=\"wpb_wrapper\"><div class=\"wpb_text_column\"><div class=\"wpb_wrapper\"><h2>Inhoud van deze gids<\/h2>\n<ul>\n<li><a href=\"#concepto\">Wat El mundo por montera werkelijk is<\/a><\/li>\n<li><a href=\"#artistas\">Wie aan de gala deelneemt<\/a><\/li>\n<li><a href=\"#programa\">De negen passages, \u00e9\u00e9n voor \u00e9\u00e9n uitgelegd<\/a><\/li>\n<li><a href=\"#1926\">Waarom 1926 centraal staat in de voorstelling<\/a><\/li>\n<li><a href=\"#maestranza\">Waarom de voorstelling in de Real Maestranza plaatsvindt<\/a><\/li>\n<li><a href=\"#entradas\">Tickets, tijd en toegang<\/a><\/li>\n<li><a href=\"#claves\">Waar wij tijdens de gala op aanraden te letten<\/a><\/li>\n<li><a href=\"#faq\">Veelgestelde vragen<\/a><\/li>\n<\/ul>\n<\/div><\/div><\/div><\/div><\/div><div class=\"vc_col-sm-3 wpb_column vc_column_container\"><div class=\"vc_column-inner\"><div class=\"wpb_wrapper\"><\/div><\/div><\/div><\/div><\/div><\/section><section class=\"l-section wpb_row height_huge color_alternate with_shape\"><div class=\"l-section-shape type_zigzag pos_top\" style=\"height:3vmin;\"><svg xmlns=\"http:\/\/www.w3.org\/2000\/svg\" viewBox=\"0 0 64 8\" preserveAspectRatio=\"none\" width=\"100%\" height=\"100%\">\r\n\t<path fill=\"currentColor\" d=\"M64 8 L0 8 L0 0 L20 7.9 L40 3 L48 5 L64 0 Z\"\/>\r\n<\/svg><\/div><div class=\"l-section-shape type_zigzag pos_bottom\" style=\"height:3vmin;\"><svg xmlns=\"http:\/\/www.w3.org\/2000\/svg\" viewBox=\"0 0 64 8\" preserveAspectRatio=\"none\" width=\"100%\" height=\"100%\">\r\n\t<path fill=\"currentColor\" d=\"M64 8 L0 8 L0 0 L20 7.9 L40 3 L48 5 L64 0 Z\"\/>\r\n<\/svg><\/div><div class=\"l-section-h i-cf\"><div class=\"g-cols vc_row via_flex valign_top type_default stacking_default\"><div class=\"vc_col-sm-6 wpb_column vc_column_container\"><div class=\"vc_column-inner\"><div class=\"wpb_wrapper\"><div class=\"wpb_text_column\"><div class=\"wpb_wrapper\"><h2 id=\"concepto\">Het is geen festival in een stierenarena<\/h2>\n<p>Een affiche met zoveel namen kan doen denken aan een klassieke gala: een artiest komt op, brengt zijn nummer, gaat af en maakt plaats voor de volgende. De Bi\u00ebnnale heeft zelf benadrukt dat <strong>dit niet de structuur is van <em>El mundo por montera<\/em><\/strong>.<\/p>\n<p>De productie heeft een script, een esthetisch concept en een gezamenlijke architectuur. Andr\u00e9s Mar\u00edn tekent voor het esthetische concept; Mar\u00edn en Luis Ybarra delen artistieke leiding, script en programma; Benito Jim\u00e9nez werkt mee aan de scenische ruimte en het lichtontwerp; en Cachito Valles verzorgt de visuele dimensie en de rekwisieten.<\/p>\n<p>Het is dus beter om een scenische creatie te verwachten dan alleen een verzameling grote namen. De artiesten verschijnen binnen een traject waarin verschillende stijlen, generaties en klankwerelden met elkaar in dialoog gaan.<\/p>\n<\/div><\/div><\/div><\/div><\/div><div class=\"vc_col-sm-6 wpb_column vc_column_container\"><div class=\"vc_column-inner\"><div class=\"wpb_wrapper\"><div class=\"wpb_text_column\"><div class=\"wpb_wrapper\"><h2>Een hedendaagse blik op de \u00d3pera Flamenca<\/h2>\n<p>Het uitgangspunt is de flamenco van honderd jaar geleden, toen voorstellingen groter werden en theaters, bioscopen en stierenarena\u2019s bereikten. In die periode werden cante, baile, gitaar en entertainmentvormen gemengd die vandaag verrassend kunnen lijken, zoals saxofonengevechten, cupl\u00e9s en vari\u00e9t\u00e9.<\/p>\n<p><em>El mundo por montera<\/em> probeert geen voorstelling uit 1926 te reconstrueren alsof het een museumstuk is. De bedoeling is om <strong>die expansieve energie opnieuw te bekijken vanuit de hedendaagse flamenco<\/strong>. Daarom kunnen op \u00e9\u00e9n avond de sole\u00e1 van Jos\u00e9 el de la Tomasa, de seguiriya van Jos\u00e9 Merc\u00e9, de experimenten van La Tremendita, de wereld van Martirio, het Ballet Flamenco de Andaluc\u00eda en een saxofoonduo naast elkaar bestaan.<\/p>\n<p>Die relatie tussen herinnering en creatie sluit rechtstreeks aan bij <a href=\"https:\/\/www.tablaosflamencos.com\/nl\/de-blauwe-nacht-flamenco-opera-biennale-sevilla-2026.html\">La noche azul, de tentoonstelling van de Bi\u00ebnnale over het tijdperk van de \u00d3pera Flamenca<\/a>.<\/p>\n<\/div><\/div><\/div><\/div><\/div><\/div><\/div><\/section><section class=\"l-section wpb_row height_huge\"><div class=\"l-section-h i-cf\"><div class=\"g-cols vc_row via_flex valign_top type_default stacking_default\"><div class=\"vc_col-sm-6 wpb_column vc_column_container\"><div class=\"vc_column-inner\"><div class=\"wpb_wrapper\"><div class=\"wpb_text_column\"><div class=\"wpb_wrapper\"><h2 id=\"artistas\">Wie zingt in El mundo por montera<\/h2>\n<p>De cante brengt zeer verschillende profielen samen:<\/p>\n<ul>\n<li><strong>Jos\u00e9 Merc\u00e9<\/strong>, een van de grote stemmen uit Jerez van de afgelopen decennia.<\/li>\n<li><strong>Jos\u00e9 el de la Tomasa<\/strong>, drager van een diepe herinnering aan de Sevillaanse cante.<\/li>\n<li><strong>Martirio<\/strong>, wier carri\u00e8re flamenco, copla, jazz en lied verbindt.<\/li>\n<li><strong>Arc\u00e1ngel<\/strong>, cantaor met enorme kennis en ruime ervaring in creatieve projecten.<\/li>\n<li><strong>La Tremendita<\/strong>, cantaora, componist, producer en multi-instrumentalist.<\/li>\n<li><strong>\u00c1ngeles Toledano<\/strong>, een van de opvallendste stemmen van de nieuwe generatie.<\/li>\n<li><strong>El Perrete<\/strong>, sterk verbonden met de cantes uit Extremadura en het traditionele repertoire.<\/li>\n<li><strong>Manuel de la Tomasa<\/strong>, jonge vertegenwoordiger van een van de grote zangfamilies.<\/li>\n<\/ul>\n<p>De samenstelling van de affiche laat zeer verschillende manieren horen om flamenco te begrijpen binnen \u00e9\u00e9n werk. Wil je deze namen in het volledige programma plaatsen, bekijk dan onze gids over <a href=\"https:\/\/www.tablaosflamencos.com\/nl\/flamencozang-flamencobiennale-sevilla-2026.html\">de cante op de Bi\u00ebnnale 2026<\/a>.<\/p>\n<\/div><\/div><\/div><\/div><\/div><div class=\"vc_col-sm-6 wpb_column vc_column_container\"><div class=\"vc_column-inner\"><div class=\"wpb_wrapper\"><div class=\"wpb_text_column\"><div class=\"wpb_wrapper\"><h2>Baile, gitaren, saxofoons en comp\u00e1s<\/h2>\n<p>De dans krijgt een centrale rol via het <strong>Ballet Flamenco de Andaluc\u00eda met Patricia Guerrero<\/strong>. De offici\u00eble fiche noemt in een van de passages ook danser Eduardo Leal, terwijl de open repetitie van 4 september hetzelfde fragment liet zien met Patricia Guerrero en Andr\u00e9s Mar\u00edn. Op het moment van deze gids staat Eduardo Leal nog steeds in de programmaverwijzing voor dat nummer, dus we beschouwen een castwijziging niet als bevestigd totdat de organisatie de definitieve fiche aanpast.<\/p>\n<p>De belangrijkste gitaristen zijn <strong>Manolo Franco, Alfredo Lagos en David de Arahal<\/strong>. In een van de passages staan daarnaast <strong>Jos\u00e9 Luis Medina en Jes\u00fas Rodr\u00edguez<\/strong>. De saxofoons worden bespeeld door <strong>Juan Jim\u00e9nez en Alfonso Padilla<\/strong>; Daniel Su\u00e1rez staat op percussie en <strong>El Oruco en Abel Harana<\/strong> op palmas. Een bericht van de Bi\u00ebnnale van 4 september noemt ook <strong>El Chupete<\/strong> binnen de begeleiding met percussie en palmas.<\/p>\n<\/div><\/div><\/div><\/div><\/div><\/div><\/div><\/section><section class=\"l-section wpb_row height_huge color_alternate with_shape\"><div class=\"l-section-shape type_zigzag pos_top hor_flip\" style=\"height:3vmin;\"><svg xmlns=\"http:\/\/www.w3.org\/2000\/svg\" viewBox=\"0 0 64 8\" preserveAspectRatio=\"none\" width=\"100%\" height=\"100%\">\r\n\t<path fill=\"currentColor\" d=\"M64 8 L0 8 L0 0 L20 7.9 L40 3 L48 5 L64 0 Z\"\/>\r\n<\/svg><\/div><div class=\"l-section-shape type_zigzag pos_bottom\" style=\"height:3vmin;\"><svg xmlns=\"http:\/\/www.w3.org\/2000\/svg\" viewBox=\"0 0 64 8\" preserveAspectRatio=\"none\" width=\"100%\" height=\"100%\">\r\n\t<path fill=\"currentColor\" d=\"M64 8 L0 8 L0 0 L20 7.9 L40 3 L48 5 L64 0 Z\"\/>\r\n<\/svg><\/div><div class=\"l-section-h i-cf\"><div class=\"g-cols vc_row via_flex valign_top type_default stacking_default\"><div class=\"vc_col-sm-12 wpb_column vc_column_container\"><div class=\"vc_column-inner\"><div class=\"wpb_wrapper\"><div class=\"wpb_text_column\"><div class=\"wpb_wrapper\"><h2 id=\"programa\">Het programma van El mundo por montera: negen passages en een slotfeest<\/h2>\n<p>De Bi\u00ebnnale heeft de structuur van de gala inmiddels gepubliceerd. In plaats van de artistieke notities letterlijk te herhalen, is het nuttiger te begrijpen welke functie elk onderdeel in het geheel heeft.<\/p>\n<\/div><\/div><\/div><\/div><\/div><\/div><\/div><\/section><section class=\"l-section wpb_row height_huge\"><div class=\"l-section-h i-cf\"><div class=\"g-cols vc_row via_flex valign_top type_default stacking_default\"><div class=\"vc_col-sm-6 wpb_column vc_column_container\"><div class=\"vc_column-inner\"><div class=\"wpb_wrapper\"><div class=\"wpb_text_column\"><div class=\"wpb_wrapper\"><h3>I. El ole, de saxofoons en de echo van Pastora<\/h3>\n<p>De avond begint met een beeld dat rechtstreeks verwijst naar de expansieve sfeer van de \u00d3pera Flamenca: <strong>een saxofoonstrijd<\/strong>. Juan Jim\u00e9nez en Alfonso Padilla openen dat klanklandschap, begeleid door Manolo Franco en de palmas van El Oruco en Abel Harana.<\/p>\n<p>De verwijzing naar Pastora leidt onvermijdelijk naar <strong>La Ni\u00f1a de los Peines<\/strong>, een van de sleutelfiguren van die periode. De opening werkt als een intentieverklaring: historische flamenco verschijnt niet opgesloten in een vitrine, maar in een instrumentatie die het populaire, stedelijke en spectaculaire karakter van die jaren oproept.<\/p>\n<h3>II. Generatie van \u201927: ca\u00f1a, bambera, Levante en canti\u00f1as<\/h3>\n<p>De tweede passage brengt <strong>\u00c1ngeles Toledano, El Perrete en Manuel de la Tomasa<\/strong> samen. Het aangekondigde repertoire combineert een driestemmige ca\u00f1a, bambera, stijlen uit de Levante en canti\u00f1as, met David de Arahal en Alfredo Lagos op gitaar.<\/p>\n<p>Hier draait het om de relatie tussen <strong>po\u00ebzie en cante<\/strong> in de culturele omgeving van de Generatie van \u201927. Ook het intergenerationele doel is duidelijk: drie jonge stemmen gaan in dialoog met historisch materiaal zonder noodzakelijkerwijs de vormen van een eeuw geleden te imiteren.<\/p>\n<\/div><\/div><\/div><\/div><\/div><div class=\"vc_col-sm-6 wpb_column vc_column_container\"><div class=\"vc_column-inner\"><div class=\"wpb_wrapper\"><div class=\"wpb_text_column\"><div class=\"wpb_wrapper\"><h3>III. El cerco y la luna: grana\u00edna y media<\/h3>\n<p>Dit is het fragment dat de Bi\u00ebnnale koos voor de open repetitie van 4 september. De titel vertrekt van het beeld van een kring rond de maan als voorteken en ontwikkelt zich rond <strong>grana\u00edna y media<\/strong>, een van de cantes die Antonio Chac\u00f3n beslissend hielp naar de concertzaal te brengen.<\/p>\n<p>De offici\u00eble fiche vermeldt Patricia Guerrero en Eduardo Leal in de dans, begeleid door de saxofoons van Juan Jim\u00e9nez en Alfonso Padilla en de gitaren van Jos\u00e9 Luis Medina en Jes\u00fas Rodr\u00edguez. De openbare repetitie werd echter uitgevoerd door Guerrero en Andr\u00e9s Mar\u00edn. Het meest voorzichtige is daarom de programmaverwijzing als geplande cast te beschouwen zolang er geen update verschijnt.<\/p>\n<p>De combinatie is bijzonder interessant: de saxofoon, hier verbonden met de drukte van de grote shows uit de jaren twintig, trekt zich terug om samen te gaan met een cante vol spanning en ingetogenheid.<\/p>\n<h3>IV. La mano aqu\u00ed: Vallejo, Catalina en het Ballet Flamenco de Andaluc\u00eda<\/h3>\n<p>De vierde passage behoort tot het <strong>Ballet Flamenco de Andaluc\u00eda<\/strong> en is opgebouwd rond twee mijlpalen uit 1926: de toekenning van de tweede Llave de Oro del Cante aan Manuel Vallejo en de uitgave van de rumba <em>Catalina<\/em>.<\/p>\n<p>Het gaat niet alleen om een verwijzing naar Vallejo. De choreografie onderzoekt hoe dans een moment kan vieren en herlezen waarin cante massale publieken en nieuwe vormen van verspreiding veroverde.<\/p>\n<\/div><\/div><\/div><\/div><\/div><\/div><\/div><\/section><section class=\"l-section wpb_row height_huge color_alternate with_shape\"><div class=\"l-section-shape type_zigzag pos_top\" style=\"height:3vmin;\"><svg xmlns=\"http:\/\/www.w3.org\/2000\/svg\" viewBox=\"0 0 64 8\" preserveAspectRatio=\"none\" width=\"100%\" height=\"100%\">\r\n\t<path fill=\"currentColor\" d=\"M64 8 L0 8 L0 0 L20 7.9 L40 3 L48 5 L64 0 Z\"\/>\r\n<\/svg><\/div><div class=\"l-section-shape type_zigzag pos_bottom\" style=\"height:3vmin;\"><svg xmlns=\"http:\/\/www.w3.org\/2000\/svg\" viewBox=\"0 0 64 8\" preserveAspectRatio=\"none\" width=\"100%\" height=\"100%\">\r\n\t<path fill=\"currentColor\" d=\"M64 8 L0 8 L0 0 L20 7.9 L40 3 L48 5 L64 0 Z\"\/>\r\n<\/svg><\/div><div class=\"l-section-h i-cf\"><div class=\"g-cols vc_row via_flex valign_top type_default stacking_default\"><div class=\"vc_col-sm-6 wpb_column vc_column_container\"><div class=\"vc_column-inner\"><div class=\"wpb_wrapper\"><div class=\"wpb_text_column\"><div class=\"wpb_wrapper\"><h3>V. La Tremendita en een petenera naar een ander terrein gebracht<\/h3>\n<p>Het vijfde deel is voor <strong>Rosario La Tremendita<\/strong>, die zingt en bas speelt, met Manolo Franco op gitaar. De titel van de passage, <em>Tremenda petenera. Vuelta a un mundo nuevo<\/em>, kondigt de benadering perfect aan.<\/p>\n<p>De petenera behoudt al haar historische gewicht, maar komt terecht in de taal van een artiest die gewend is met nieuwe texturen, instrumenten en structuren te werken. Dit is waarschijnlijk een van de momenten waarop het duidelijkst zal worden dat de gala het verleden niet wil reproduceren, maar <strong>het productief wil maken in het heden<\/strong>.<\/p>\n<h3>VI. Arc\u00e1ngel en de cantes de ida y vuelta<\/h3>\n<p>Arc\u00e1ngel staat centraal in een passage rond de <strong>idas y vueltas<\/strong>, met Manolo Franco en Alfredo Lagos op gitaar, Daniel Su\u00e1rez op percussie en El Oruco en Abel Harana op palmas.<\/p>\n<p>Het idee van ida y vuelta past perfect bij een gala over circulatie: muziek reist, verandert en keert terug. De stem van Arc\u00e1ngel, die zich zowel in traditioneel repertoire als in onderzoeksprojecten beweegt, past bijzonder goed bij dit deel van het traject.<\/p>\n<\/div><\/div><\/div><\/div><\/div><div class=\"vc_col-sm-6 wpb_column vc_column_container\"><div class=\"vc_column-inner\"><div class=\"wpb_wrapper\"><div class=\"wpb_text_column\"><div class=\"wpb_wrapper\"><h3>VII. Martirio: flamenco-opera\u2019s, cupl\u00e9s en vari\u00e9t\u00e9<\/h3>\n<p><em>El mundo en una peineta<\/em> wordt het terrein van <strong>Martirio<\/strong>, begeleid door Alfredo Lagos, Daniel Su\u00e1rez en de comp\u00e1s van El Oruco en Abel Harana.<\/p>\n<p>Het is een van de meest natuurlijke combinaties in de hele productie. Martirio werkt al decennia met copla, flamenco, lied, jazz en een eigen iconografie waarin de peineta bijna een visuele handtekening is. In een werk dat het ecosysteem van cupl\u00e9s en vari\u00e9t\u00e9 terughaalt, is haar aanwezigheid geen randverschijnsel: ze vertegenwoordigt een lijn van continu\u00efteit tussen die hybride vormen en hedendaagse creatie.<\/p>\n<h3>VIII. Jos\u00e9 el de la Tomasa por sole\u00e1<\/h3>\n<p>Na verschillende passages van expansie en vermenging trekt het programma zich terug in de <strong>sole\u00e1 van Jos\u00e9 el de la Tomasa<\/strong>, begeleid door David de Arahal. De expliciete verwijzing naar de <strong>Alameda de H\u00e9rcules<\/strong> brengt de voorstelling naar een diep Sevillaanse herinnering.<\/p>\n<p>Het is een van de momenten waarop stem, tijd en overdracht vermoedelijk belangrijker zullen zijn dan uiterlijke spektakelwaarde. Zo plaatst de Bi\u00ebnnale de wortel van de cante in het centrum van het verhaal, niet als nostalgisch tegengewicht, maar als een van de krachten die al het andere dragen.<\/p>\n<\/div><\/div><\/div><\/div><\/div><\/div><\/div><\/section><section class=\"l-section wpb_row height_huge\"><div class=\"l-section-h i-cf\"><div class=\"g-cols vc_row via_flex valign_top type_default stacking_default\"><div class=\"vc_col-sm-6 wpb_column vc_column_container\"><div class=\"vc_column-inner\"><div class=\"wpb_wrapper\"><div class=\"wpb_text_column\"><div class=\"wpb_wrapper\"><h3>IX. Jos\u00e9 Merc\u00e9 por seguiriyas<\/h3>\n<p>De laatste van de negen passages is voor <strong>Jos\u00e9 Merc\u00e9<\/strong>, met David de Arahal op gitaar, en is gewijd aan de <strong>seguiriyas<\/strong>. De keuze sluit aan bij de Jerez-afkomst van de cantaor en bij de herinnering aan Paco la Luz, een van zijn voorouders en een sleutelfiguur in de overdracht van siguiriya-stijlen.<\/p>\n<p>Merc\u00e9 op dit punt in het programma plaatsen zorgt voor een zeer intense climax v\u00f3\u00f3r de laatste verandering van register. Lees meer over zijn aanwezigheid in deze editie in onze gids over <a href=\"https:\/\/www.tablaosflamencos.com\/nl\/jose-merce-flamencobiennale-2026-toquen-a-rebato.html\">Jos\u00e9 Merc\u00e9 op de Bi\u00ebnnale 2026 en zijn voorstelling <em>Toquen a rebato<\/em><\/a>.<\/p>\n<\/div><\/div><\/div><\/div><\/div><div class=\"vc_col-sm-6 wpb_column vc_column_container\"><div class=\"vc_column-inner\"><div class=\"wpb_wrapper\"><div class=\"wpb_text_column\"><div class=\"wpb_wrapper\"><h3>Slotromer\u00eda: de triomf van de fandangos<\/h3>\n<p>Na de seguiriya eindigt de gala niet in ingetogenheid. De afsluiting wordt een <strong>gezamenlijke romer\u00eda por fandangos<\/strong>, met alle deelnemers.<\/p>\n<p>De keuze heeft een heel concrete historische bedoeling. Tijdens het Concurso de Cante Jondo van Granada in 1922 werden fandangos uitgesloten omdat ze te nauw met folklore zouden zijn verbonden. Enkele jaren later werden ze echter enorm populair en een van de grote motoren van flamenco voor een massapubliek.<\/p>\n<p>Afsluiten met fandangos keert die hi\u00ebrarchie om: wat ooit werd afgewezen omdat het niet \u201cjondo\u201d genoeg leek, eindigt als een gezamenlijk feest. Het is een van de slimste idee\u00ebn van het programma omdat het het argument van de hele avond samenvat: <strong>de geschiedenis van de flamenco verloopt niet in een rechte lijn en ook het populaire kan traditie worden<\/strong>.<\/p>\n<\/div><\/div><\/div><\/div><\/div><\/div><\/div><\/section><section class=\"l-section wpb_row height_huge color_alternate with_shape\"><div class=\"l-section-shape type_zigzag pos_top hor_flip\" style=\"height:3vmin;\"><svg xmlns=\"http:\/\/www.w3.org\/2000\/svg\" viewBox=\"0 0 64 8\" preserveAspectRatio=\"none\" width=\"100%\" height=\"100%\">\r\n\t<path fill=\"currentColor\" d=\"M64 8 L0 8 L0 0 L20 7.9 L40 3 L48 5 L64 0 Z\"\/>\r\n<\/svg><\/div><div class=\"l-section-shape type_zigzag pos_bottom\" style=\"height:3vmin;\"><svg xmlns=\"http:\/\/www.w3.org\/2000\/svg\" viewBox=\"0 0 64 8\" preserveAspectRatio=\"none\" width=\"100%\" height=\"100%\">\r\n\t<path fill=\"currentColor\" d=\"M64 8 L0 8 L0 0 L20 7.9 L40 3 L48 5 L64 0 Z\"\/>\r\n<\/svg><\/div><div class=\"l-section-h i-cf\"><div class=\"g-cols vc_row via_flex valign_top type_default stacking_default\"><div class=\"vc_col-sm-6 wpb_column vc_column_container\"><div class=\"vc_column-inner\"><div class=\"wpb_wrapper\"><div class=\"wpb_text_column\"><div class=\"wpb_wrapper\"><h2 id=\"1926\">Waarom 1926 zo belangrijk is voor deze gala<\/h2>\n<p>De voorstelling gebruikt 1926 als observatiepunt omdat in dat jaar verschillende beslissende gebeurtenissen samenkwamen.<\/p>\n<ul>\n<li><strong>Pepe Marchena<\/strong> trad via Vedrines toe tot de commerci\u00eble circuits van wat bekend werd als \u00d3pera Flamenca.<\/li>\n<li><strong>Manuel Vallejo<\/strong> ontving de tweede Llave de Oro del Cante.<\/li>\n<li>Vallejo bracht ook de rumba uit <em>Catalina<\/em>.<\/li>\n<li><strong>Manuel Centeno<\/strong> had de tweede Copa Pav\u00f3n gewonnen.<\/li>\n<li>De <strong>elektrische opname<\/strong>begon algemeen ingang te vinden, een beslissende verandering voor de platenindustrie en de verspreiding van cante.<\/li>\n<\/ul>\n<p>Flamenco bereikte een nieuwe publieksdimensie. Stierenarena\u2019s, theaters en bioscopen konden duizenden toeschouwers samenbrengen, terwijl platen stemmen veel verder brachten dan de plek waar ze waren opgenomen.<\/p>\n<\/div><\/div><\/div><\/div><\/div><div class=\"vc_col-sm-6 wpb_column vc_column_container\"><div class=\"vc_column-inner\"><div class=\"wpb_wrapper\"><div class=\"wpb_text_column\"><div class=\"wpb_wrapper\"><h2>Van intimiteit naar massaspektakel<\/h2>\n<p>Over de \u00d3pera Flamenca wordt al decennia gediscussieerd. Voor sommigen betekende het commercialisering die bepaalde cantes verdrong; voor anderen was het een periode van enorme creativiteit en expansie die essenti\u00eble artiesten, stijlen en opnamen voortbracht.<\/p>\n<p><em>El mundo por montera<\/em> vermijdt een simplistische lezing. Het stelt niet dat alles vroeger puurder was of dat populair succes de kunst automatisch vernietigde. Integendeel, het gebruikt de spanning tussen intimiteit en spektakel om uit te leggen waarom flamenco kon groeien en tegelijk kleinere ruimtes van overdracht kon behouden.<\/p>\n<p>Dat debat is nog steeds actueel. De gala laat zien hoe vandaag een bijna kale sole\u00e1, een groot dansensemble, saxofoons, bas, percussie en een stierenarena voor duizenden mensen naast elkaar bestaan.<\/p>\n<\/div><\/div><\/div><\/div><\/div><\/div><\/div><\/section><section class=\"l-section wpb_row height_huge\"><div class=\"l-section-h i-cf\"><div class=\"g-cols vc_row via_flex valign_top type_default stacking_default\"><div class=\"vc_col-sm-6 wpb_column vc_column_container\"><div class=\"vc_column-inner\"><div class=\"wpb_wrapper\"><div class=\"wpb_text_column\"><div class=\"wpb_wrapper\"><h2 id=\"maestranza\">De Real Maestranza is meer dan alleen een spectaculaire locatie<\/h2>\n<p>De keuze voor de <strong>Plaza de Toros de la Real Maestranza<\/strong> heeft historische betekenis. Een eeuw geleden waren stierenarena\u2019s enkele van de ruimtes die flamenco tot een voorstelling voor grote publieken maakten. Deze herlezing van 1926 naar de arena van Sevilla brengen, plaatst het genre opnieuw in een architecturaal formaat dat aan zijn expansie heeft bijgedragen.<\/p>\n<p>Bovendien dwingt de Maestranza tot een andere manier van denken over schaal. Het is geen klassiek lijsttheater: de arena, de afstand, de hoogte van de tribunes en het ronde karakter be\u00efnvloeden de perceptie van cante en baile.<\/p>\n<p>De arena is bovendien een van de meest bijzondere locaties van de hele editie. We namen haar op in onze selectie van <a href=\"https:\/\/www.tablaosflamencos.com\/nl\/spectaculairste-locaties-flamencobiennale-sevilla-2026.html\">de spectaculairste locaties van de Flamencobi\u00ebnnale van Sevilla 2026<\/a>.<\/p>\n<\/div><\/div><\/div><\/div><\/div><div class=\"vc_col-sm-6 wpb_column vc_column_container\"><div class=\"vc_column-inner\"><div class=\"wpb_wrapper\"><div class=\"wpb_text_column\"><div class=\"wpb_wrapper\"><h2>Slechts \u00e9\u00e9n avond<\/h2>\n<p>De Bi\u00ebnnale classificeert <em>El mundo por montera<\/em> als <strong>Unieke Nacht<\/strong>. Dat betekent dat de ontmoeting van artiesten, het script en de relatie met deze ruimte als een eenmalige afspraak binnen de editie zijn ontworpen.<\/p>\n<p>Dit moet niet worden verward met de offici\u00eble opening van het festival. De 24e Bi\u00ebnnale begint op <strong>9 september<\/strong> op Plaza de San Francisco met de gezongen opening <em>Ecos primitivos. Cante en altura, danza en tierra<\/em>. De gala in de Maestranza volgt de dag erna als de eerste grote avond van het hoofdprogramma.<\/p>\n<p>Bekijk voor de andere afspraken in dit formaat de volledige kalender van <a href=\"https:\/\/www.tablaosflamencos.com\/nl\/unieke-avonden-flamenco-biennale-sevilla-2026.html\">Unieke Nachten van de Bi\u00ebnnale 2026<\/a>.<\/p>\n<\/div><\/div><\/div><\/div><\/div><\/div><\/div><\/section><section class=\"l-section wpb_row height_huge color_alternate with_shape\"><div class=\"l-section-shape type_zigzag pos_top\" style=\"height:3vmin;\"><svg xmlns=\"http:\/\/www.w3.org\/2000\/svg\" viewBox=\"0 0 64 8\" preserveAspectRatio=\"none\" width=\"100%\" height=\"100%\">\r\n\t<path fill=\"currentColor\" d=\"M64 8 L0 8 L0 0 L20 7.9 L40 3 L48 5 L64 0 Z\"\/>\r\n<\/svg><\/div><div class=\"l-section-shape type_zigzag pos_bottom\" style=\"height:3vmin;\"><svg xmlns=\"http:\/\/www.w3.org\/2000\/svg\" viewBox=\"0 0 64 8\" preserveAspectRatio=\"none\" width=\"100%\" height=\"100%\">\r\n\t<path fill=\"currentColor\" d=\"M64 8 L0 8 L0 0 L20 7.9 L40 3 L48 5 L64 0 Z\"\/>\r\n<\/svg><\/div><div class=\"l-section-h i-cf\"><div class=\"g-cols vc_row via_flex valign_top type_default stacking_default\"><div class=\"vc_col-sm-6 wpb_column vc_column_container\"><div class=\"vc_column-inner\"><div class=\"wpb_wrapper\"><div class=\"wpb_text_column\"><div class=\"wpb_wrapper\"><h2 id=\"entradas\">Tickets, tijd en hoe je erbij kunt zijn<\/h2>\n<p>De gala staat gepland voor <strong>donderdag 10 september 2026 om 21:30 uur<\/strong>. De Culturele Agenda van Andalusi\u00eb vermeldt prijzen <strong>vanaf 25 euro<\/strong>. Op de offici\u00eble fiche van de Bi\u00ebnnale is de toegang tot de ticketverkoop nog actief.<\/p>\n<p>De Plaza de Toros de la Real Maestranza ligt aan <strong>Paseo de Crist\u00f3bal Col\u00f3n 12, Sevilla<\/strong>, aan de rivier en op enkele minuten lopen van de kathedraal, El Arenal en Puerta de Jerez.<\/p>\n<p>Omdat het om een grootschalige voorstelling met slechts \u00e9\u00e9n uitvoering gaat, raden we aan de aankoop niet tot het laatste moment uit te stellen. Beschikbaarheid en sectoren kunnen veranderen naarmate de datum dichterbij komt.<\/p>\n<p>Bekijk ook onze algemene gids over <a href=\"https:\/\/www.tablaosflamencos.com\/nl\/flamencobiennale-sevilla-2026-tickets-prijzen-kortingen.html\">tickets, prijzen en kortingen voor de Bi\u00ebnnale 2026<\/a>.<\/p>\n<\/div><\/div><\/div><\/div><\/div><div class=\"vc_col-sm-6 wpb_column vc_column_container\"><div class=\"vc_column-inner\"><div class=\"wpb_wrapper\"><div class=\"wpb_text_column\"><div class=\"wpb_wrapper\"><h2>Wat te doen v\u00f3\u00f3r en na afloop<\/h2>\n<p>Dankzij de ligging kun je de gala goed combineren met een wandeling door het centrum en El Arenal. Kom je speciaal voor de Bi\u00ebnnale, plan dan genoeg tijd om rustig aan te komen, de juiste ingang te vinden en v\u00f3\u00f3r aanvang je plaats in te nemen.<\/p>\n<p>De volgende dag, 11 september, gaat het programma verder met Antonio Rey in Espacio Turina, Sara Baras in Teatro de la Maestranza en La Tremendita in Teatro Central, naast andere voorstellen. Om die eerste dagen te plannen hebben we een aparte gids gemaakt over <a href=\"https:\/\/www.tablaosflamencos.com\/nl\/wat-te-zien-eerste-weekend-flamencobiennale-sevilla-2026.html\">wat je tijdens het eerste weekend van de Bi\u00ebnnale 2026 kunt zien<\/a>.<\/p>\n<p>Wil je de hele reis plannen, bekijk dan de <a href=\"https:\/\/www.tablaosflamencos.com\/nl\/flamenco-biennale-sevilla-2026.html\">algemene gids voor de Flamencobi\u00ebnnale van Sevilla 2026<\/a>.<\/p>\n<\/div><\/div><\/div><\/div><\/div><\/div><\/div><\/section><section class=\"l-section wpb_row height_huge\"><div class=\"l-section-h i-cf\"><div class=\"g-cols vc_row via_flex valign_top type_default stacking_default\"><div class=\"vc_col-sm-6 wpb_column vc_column_container\"><div class=\"vc_column-inner\"><div class=\"wpb_wrapper\"><div class=\"wpb_text_column\"><div class=\"wpb_wrapper\"><h2 id=\"claves\">Waar wij tijdens El mundo por montera op aanraden te letten<\/h2>\n<h3>1. De verandering van schaal<\/h3>\n<p>Luister hoe de cante zich aanpast aan een ruimte die voor duizenden mensen is ontworpen. De geschiedenis die de voorstelling herdenkt, gaat precies over die sprong van kleine omgevingen naar massale zalen.<\/p>\n<h3>2. De rol van de saxofoons<\/h3>\n<p>Ze zijn geen excentrieke versiering. Ze verwijzen rechtstreeks naar het muzikale klimaat van de jaren twintig en verschijnen zowel in expansieve momenten als in de ingetogenheid van de grana\u00edna.<\/p>\n<h3>3. De dialoog tussen generaties<\/h3>\n<p>De affiche zet \u201coud\u201d niet tegenover \u201cnieuw\u201d. Jos\u00e9 Merc\u00e9, Jos\u00e9 el de la Tomasa, \u00c1ngeles Toledano, El Perrete en Manuel de la Tomasa nemen verschillende plaatsen in binnen een nog levende keten van overdracht.<\/p>\n<\/div><\/div><\/div><\/div><\/div><div class=\"vc_col-sm-6 wpb_column vc_column_container\"><div class=\"vc_column-inner\"><div class=\"wpb_wrapper\"><div class=\"wpb_text_column\"><div class=\"wpb_wrapper\"><h3>4. De transformatie van de palos<\/h3>\n<p>Petenera, cantes de ida y vuelta, sole\u00e1, seguiriya en fandangos krijgen verschillende dramatische functies. De gala biedt een zeldzame kans om te zien hoe een stijl zijn identiteit kan behouden en tegelijk kan veranderen afhankelijk van wie hem uitvoert en in welke context hij wordt geplaatst.<\/p>\n<h3>5. De afsluiting met fandangos<\/h3>\n<p>Dit is waarschijnlijk de historische sleutel die het gemakkelijkst over het hoofd wordt gezien. Het programma eindigt juist met de viering van een cante die het Concurso de Granada van 1922 uitsloot omdat die volgens de organisatoren niet goed paste bij hun idee van het jondo.<\/p>\n<h3>6. De enscenering als onderdeel van het argument<\/h3>\n<p>Andr\u00e9s Mar\u00edn en Luis Ybarra hebben niet alleen een affiche samengesteld. De verlichting, het gebruik van de arena, het dansensemble, de veranderingen in instrumentatie en de volgorde van de artiesten maken deel uit van het verhaal over hoe flamenco een grote podiumkunst werd.<\/p>\n<\/div><\/div><\/div><\/div><\/div><\/div><\/div><\/section><section class=\"l-section wpb_row height_huge color_alternate with_shape\"><div class=\"l-section-shape type_zigzag pos_top hor_flip\" style=\"height:3vmin;\"><svg xmlns=\"http:\/\/www.w3.org\/2000\/svg\" viewBox=\"0 0 64 8\" preserveAspectRatio=\"none\" width=\"100%\" height=\"100%\">\r\n\t<path fill=\"currentColor\" d=\"M64 8 L0 8 L0 0 L20 7.9 L40 3 L48 5 L64 0 Z\"\/>\r\n<\/svg><\/div><div class=\"l-section-shape type_zigzag pos_bottom\" style=\"height:3vmin;\"><svg xmlns=\"http:\/\/www.w3.org\/2000\/svg\" viewBox=\"0 0 64 8\" preserveAspectRatio=\"none\" width=\"100%\" height=\"100%\">\r\n\t<path fill=\"currentColor\" d=\"M64 8 L0 8 L0 0 L20 7.9 L40 3 L48 5 L64 0 Z\"\/>\r\n<\/svg><\/div><div class=\"l-section-h i-cf\"><div class=\"g-cols vc_row via_flex valign_top type_default stacking_default\"><div class=\"vc_col-sm-12 wpb_column vc_column_container\"><div class=\"vc_column-inner\"><div class=\"wpb_wrapper\"><div class=\"wpb_text_column\"><div class=\"wpb_wrapper\"><h2 style=\"text-align: center;\">Praktisch overzicht<\/h2>\n<div style=\"overflow-x: auto;\">\n<table>\n<thead>\n<tr>\n<th>Vraag<\/th>\n<th>Antwoord<\/th>\n<\/tr>\n<\/thead>\n<tbody>\n<tr>\n<td>Wanneer is het?<\/td>\n<td>Donderdag 10 september 2026 om 21:30 uur.<\/td>\n<\/tr>\n<tr>\n<td>Waar?<\/td>\n<td>Plaza de Toros de la Real Maestranza de Caballer\u00eda de Sevilla.<\/td>\n<\/tr>\n<tr>\n<td>Wie zingen er?<\/td>\n<td>Jos\u00e9 Merc\u00e9, Jos\u00e9 el de la Tomasa, Martirio, Arc\u00e1ngel, La Tremendita, \u00c1ngeles Toledano, El Perrete en Manuel de la Tomasa.<\/td>\n<\/tr>\n<tr>\n<td>Wie danst?<\/td>\n<td>Ballet Flamenco de Andaluc\u00eda met Patricia Guerrero; in de fiche van een passage staat ook Eduardo Leal.<\/td>\n<\/tr>\n<tr>\n<td>Wie regisseert?<\/td>\n<td>Andr\u00e9s Mar\u00edn en Luis Ybarra.<\/td>\n<\/tr>\n<tr>\n<td>Uit hoeveel delen bestaat het?<\/td>\n<td>Negen passages en een afsluitende romer\u00eda por fandangos.<\/td>\n<\/tr>\n<tr>\n<td>Wat kosten de tickets?<\/td>\n<td>Vanaf \u20ac25 volgens de Culturele Agenda van Andalusi\u00eb.<\/td>\n<\/tr>\n<tr>\n<td>Is het een Unieke Nacht?<\/td>\n<td>Ja, de Bi\u00ebnnale programmeert het als \u00e9\u00e9n enkele voorstelling.<\/td>\n<\/tr>\n<\/tbody>\n<\/table>\n<\/div>\n<\/div><\/div><\/div><\/div><\/div><\/div><\/div><\/section><section class=\"l-section wpb_row height_huge\"><div class=\"l-section-h i-cf\"><div class=\"g-cols vc_row via_flex valign_top type_default stacking_default\"><div class=\"vc_col-sm-12 wpb_column vc_column_container\"><div class=\"vc_column-inner\"><div class=\"wpb_wrapper\"><div class=\"wpb_text_column\"><div class=\"wpb_wrapper\"><h2>Een van de afspraken die het thema van de Bi\u00ebnnale 2026 het best uitlegt<\/h2>\n<p><em>El mundo por montera<\/em> heeft vanzelfsprekend aantrekkingskracht doordat het een uitzonderlijk aantal artiesten samenbrengt, maar de werkelijke waarde gaat verder dan de affiche. De gala biedt een volledige lezing van een historisch moment waarop flamenco van schaal, verspreidingsmiddelen en relatie met het publiek veranderde.<\/p>\n<p>De keuze voor de Maestranza, de saxofoons, het eerbetoon aan Vallejo, de petenera van La Tremendita, de sole\u00e1 van Jos\u00e9 el de la Tomasa, de seguiriya van Jos\u00e9 Merc\u00e9 en de slotromer\u00eda por fandangos maken deel uit van \u00e9\u00e9n argument. Het werk kijkt naar 1926 om te vragen wat blijft, wat is veranderd en hoe een traditie levend blijft wanneer iedere generatie haar opnieuw interpreteert.<\/p>\n<p>Daarom is ons advies niet alleen te gaan om \u201cveel artiesten te zien\u201d. De beste manier om van de avond te genieten is het traject te volgen en te zien hoe elke interventie aansluit op de vorige en de volgende voorbereidt. Als het concept werkt zoals bedoeld, <strong>zal de echte hoofdrol liggen bij de relatie tussen de herinnering van de flamenco en haar heden<\/strong>.<\/p>\n<\/div><\/div><div class=\"w-separator size_medium\"><\/div><div class=\"w-hwrapper valign_top wrap align_center\" style=\"--hwrapper-gap:1.2rem\"><div class=\"w-btn-wrapper align_none\"><a class=\"w-btn us-btn-style_1\" href=\"\/?p=13027\"><span class=\"w-btn-label\">Bekijk de volledige gids voor de Bi\u00ebnnale 2026<\/span><\/a><\/div><div class=\"w-btn-wrapper align_none\"><a class=\"w-btn us-btn-style_1\" href=\"\/?p=13334\"><span class=\"w-btn-label\">Bekijk alle Unieke Nachten<\/span><\/a><\/div><\/div><\/div><\/div><\/div><\/div><\/div><\/section><section class=\"l-section wpb_row height_huge color_alternate with_shape\"><div class=\"l-section-shape type_zigzag pos_top\" style=\"height:3vmin;\"><svg xmlns=\"http:\/\/www.w3.org\/2000\/svg\" viewBox=\"0 0 64 8\" preserveAspectRatio=\"none\" width=\"100%\" height=\"100%\">\r\n\t<path fill=\"currentColor\" d=\"M64 8 L0 8 L0 0 L20 7.9 L40 3 L48 5 L64 0 Z\"\/>\r\n<\/svg><\/div><div class=\"l-section-h i-cf\"><div class=\"g-cols vc_row via_flex valign_top type_default stacking_default\"><div class=\"vc_col-sm-1\/5 wpb_column vc_column_container\"><div class=\"vc_column-inner\"><div class=\"wpb_wrapper\"><\/div><\/div><\/div><div class=\"vc_col-sm-3\/5 wpb_column vc_column_container\"><div class=\"vc_column-inner\"><div class=\"wpb_wrapper\"><div class=\"wpb_text_column\"><div class=\"wpb_wrapper\"><h2 id=\"faq\">Veelgestelde vragen over El mundo por montera<\/h2>\n<\/div><\/div><div class=\"w-separator size_medium\"><\/div><div class=\"w-tabs accordion toggle_style_1 has_scrolling\" style=\"--sections-title-size:inherit;--sections-gap:0.5rem;\"><div class=\"w-tabs-sections titles-align_none icon_chevron cpos_right\"><div class=\"w-tabs-section\" id=\"pc23\"><button type=\"button\" class=\"w-tabs-section-header\" aria-controls=\"content-pc23\" aria-expanded=\"false\"><div class=\"w-tabs-section-title\">Wanneer vindt El mundo por montera plaats op de Bi\u00ebnnale 2026?<\/div><div class=\"w-tabs-section-control\"><\/div><\/button><div  class=\"w-tabs-section-content\" id=\"content-pc23\"><div class=\"w-tabs-section-content-h i-cf\"><div class=\"wpb_text_column\"><div class=\"wpb_wrapper\"><p>Op donderdag 10 september 2026 om 21:30 uur in de Plaza de Toros de la Real Maestranza de Caballer\u00eda de Sevilla.<\/p>\n<\/div><\/div><\/div><\/div><\/div><div class=\"w-tabs-section\" id=\"bd33\"><button type=\"button\" class=\"w-tabs-section-header\" aria-controls=\"content-bd33\" aria-expanded=\"false\"><div class=\"w-tabs-section-title\">Wie neemt deel aan El mundo por montera?<\/div><div class=\"w-tabs-section-control\"><\/div><\/button><div  class=\"w-tabs-section-content\" id=\"content-bd33\"><div class=\"w-tabs-section-content-h i-cf\"><div class=\"wpb_text_column\"><div class=\"wpb_wrapper\"><p>De cante-affiche brengt Jos\u00e9 Merc\u00e9, Jos\u00e9 el de la Tomasa, Martirio, Arc\u00e1ngel, La Tremendita, \u00c1ngeles Toledano, El Perrete en Manuel de la Tomasa samen. In de dans neemt het Ballet Flamenco de Andaluc\u00eda met Patricia Guerrero deel, naast een uitgebreid team van gitaristen, saxofonisten, percussionisten en palmas.<\/p>\n<\/div><\/div><\/div><\/div><\/div><div class=\"w-tabs-section\" id=\"ve11\"><button type=\"button\" class=\"w-tabs-section-header\" aria-controls=\"content-ve11\" aria-expanded=\"false\"><div class=\"w-tabs-section-title\">Wie leidt de gala?<\/div><div class=\"w-tabs-section-control\"><\/div><\/button><div  class=\"w-tabs-section-content\" id=\"content-ve11\"><div class=\"w-tabs-section-content-h i-cf\"><div class=\"wpb_text_column\"><div class=\"wpb_wrapper\"><p>De artistieke leiding is in handen van Andr\u00e9s Mar\u00edn en Luis Ybarra. Mar\u00edn tekent ook voor het esthetische concept en beiden delen script en programma.<\/p>\n<\/div><\/div><\/div><\/div><\/div><div class=\"w-tabs-section\" id=\"zee2\"><button type=\"button\" class=\"w-tabs-section-header\" aria-controls=\"content-zee2\" aria-expanded=\"false\"><div class=\"w-tabs-section-title\">Is El mundo por montera de offici\u00eble opening van de Bi\u00ebnnale?<\/div><div class=\"w-tabs-section-control\"><\/div><\/button><div  class=\"w-tabs-section-content\" id=\"content-zee2\"><div class=\"w-tabs-section-content-h i-cf\"><div class=\"wpb_text_column\"><div class=\"wpb_wrapper\"><p>De offici\u00eble opening van de 24e Bi\u00ebnnale vindt op 9 september plaats met Ecos primitivos op Plaza de San Francisco. El mundo por montera volgt op de 10e als grote gala en eerste grote Unieke Nacht van het hoofdprogramma.<\/p>\n<\/div><\/div><\/div><\/div><\/div><div class=\"w-tabs-section\" id=\"vfbc\"><button type=\"button\" class=\"w-tabs-section-header\" aria-controls=\"content-vfbc\" aria-expanded=\"false\"><div class=\"w-tabs-section-title\">Wat wordt er tijdens de gala gezongen?<\/div><div class=\"w-tabs-section-control\"><\/div><\/button><div  class=\"w-tabs-section-content\" id=\"content-vfbc\"><div class=\"w-tabs-section-content-h i-cf\"><div class=\"wpb_text_column\"><div class=\"wpb_wrapper\"><p>Het programma voert onder meer langs ca\u00f1a, bambera, stijlen uit de Levante, canti\u00f1as, grana\u00edna y media, petenera, cantes de ida y vuelta, sole\u00e1, seguiriya en fandangos.<\/p>\n<\/div><\/div><\/div><\/div><\/div><div class=\"w-tabs-section\" id=\"n0b3\"><button type=\"button\" class=\"w-tabs-section-header\" aria-controls=\"content-n0b3\" aria-expanded=\"false\"><div class=\"w-tabs-section-title\">Waarom draait de voorstelling om 1926?<\/div><div class=\"w-tabs-section-control\"><\/div><\/button><div  class=\"w-tabs-section-content\" id=\"content-n0b3\"><div class=\"w-tabs-section-content-h i-cf\"><div class=\"wpb_text_column\"><div class=\"wpb_wrapper\"><p>Omdat het honderd jaar geleden is dat een beslissende periode begon: Pepe Marchena trad toe tot de circuits van de \u00d3pera Flamenca, Manuel Vallejo ontving de tweede Llave de Oro del Cante en bracht Catalina uit, en elektrische opname veranderde de verspreiding van flamenco op plaat.<\/p>\n<\/div><\/div><\/div><\/div><\/div><div class=\"w-tabs-section\" id=\"f180\"><button type=\"button\" class=\"w-tabs-section-header\" aria-controls=\"content-f180\" aria-expanded=\"false\"><div class=\"w-tabs-section-title\">Wat kosten de tickets?<\/div><div class=\"w-tabs-section-control\"><\/div><\/button><div  class=\"w-tabs-section-content\" id=\"content-f180\"><div class=\"w-tabs-section-content-h i-cf\"><div class=\"wpb_text_column\"><div class=\"wpb_wrapper\"><p>De Culturele Agenda van Andalusi\u00eb vermeldt prijzen vanaf 25 euro. Beschikbaarheid en sectoren moeten via het offici\u00eble verkoopkanaal van de Bi\u00ebnnale worden gecontroleerd.<\/p>\n<\/div><\/div><\/div><\/div><\/div><div class=\"w-tabs-section\" id=\"s246\"><button type=\"button\" class=\"w-tabs-section-header\" aria-controls=\"content-s246\" aria-expanded=\"false\"><div class=\"w-tabs-section-title\">Waar ligt de Plaza de Toros de la Real Maestranza?<\/div><div class=\"w-tabs-section-control\"><\/div><\/button><div  class=\"w-tabs-section-content\" id=\"content-s246\"><div class=\"w-tabs-section-content-h i-cf\"><div class=\"wpb_text_column\"><div class=\"wpb_wrapper\"><p>Aan Paseo de Crist\u00f3bal Col\u00f3n 12, in de wijk El Arenal in Sevilla, aan de Guadalquivir en vlak bij het historische centrum.<\/p>\n<\/div><\/div><\/div><\/div><\/div><div class=\"w-tabs-section\" id=\"n309\"><button type=\"button\" class=\"w-tabs-section-header\" aria-controls=\"content-n309\" aria-expanded=\"false\"><div class=\"w-tabs-section-title\">Wordt de voorstelling op een andere dag herhaald?<\/div><div class=\"w-tabs-section-control\"><\/div><\/button><div  class=\"w-tabs-section-content\" id=\"content-n309\"><div class=\"w-tabs-section-content-h i-cf\"><div class=\"wpb_text_column\"><div class=\"wpb_wrapper\"><p>Er staat geen andere uitvoering gepland. De Bi\u00ebnnale presenteert het als een Unieke Nacht op 10 september.<\/p>\n<\/div><\/div><\/div><\/div><\/div><div class=\"w-tabs-section\" id=\"m3ea\"><button type=\"button\" class=\"w-tabs-section-header\" aria-controls=\"content-m3ea\" aria-expanded=\"false\"><div class=\"w-tabs-section-title\">Danst Patricia Guerrero met Andr\u00e9s Mar\u00edn of met Eduardo Leal?<\/div><div class=\"w-tabs-section-control\"><\/div><\/button><div  class=\"w-tabs-section-content\" id=\"content-m3ea\"><div class=\"w-tabs-section-content-h i-cf\"><div class=\"wpb_text_column\"><div class=\"wpb_wrapper\"><p>De offici\u00eble programmaverwijzing noemt Patricia Guerrero en Eduardo Leal in de passage El cerco y la luna. De open repetitie van 4 september werd uitgevoerd door Guerrero samen met Andr\u00e9s Mar\u00edn. Zolang de Bi\u00ebnnale de fiche niet bijwerkt, beschouwen we Eduardo Leal als de geplande cast voor de voorstelling en de repetitie van Mar\u00edn als een scenische voorproef, niet als bevestiging van een castwissel.<\/p>\n<\/div><\/div><\/div><\/div><\/div><\/div><\/div><\/div><\/div><\/div><div class=\"vc_col-sm-1\/5 wpb_column vc_column_container\"><div class=\"vc_column-inner\"><div class=\"wpb_wrapper\"><\/div><\/div><\/div><\/div><\/div><\/section><section class=\"l-section wpb_row height_huge\"><div class=\"l-section-h i-cf\"><div class=\"g-cols vc_row via_flex valign_top type_default stacking_default\"><div class=\"vc_col-sm-12 wpb_column vc_column_container\"><div class=\"vc_column-inner\"><div class=\"wpb_wrapper\"><div class=\"wpb_text_column\"><div class=\"wpb_wrapper\"><h2>Offici\u00eble bronnen<\/h2>\n<ul>\n<li><a href=\"https:\/\/www.labienal.com\/programa-general\/plaza-de-la-real-maestranza\/gala-inaugural\" target=\"_blank\" rel=\"noopener\">Flamencobi\u00ebnnale van Sevilla \u2014 Fiche en programma van El mundo por montera<\/a>.<\/li>\n<li><a href=\"https:\/\/www.labienal.com\/noticias\/la-bienal-ultima-el-mundo-por-montera-con-adelanto-patricia-guerrero-y-andres-marin\" target=\"_blank\" rel=\"noopener\">Flamencobi\u00ebnnale van Sevilla \u2014 Open repetitie en belangrijkste punten van de voorstelling, 4 september 2026<\/a>.<\/li>\n<li><a href=\"https:\/\/www.juntadeandalucia.es\/cultura\/agendaculturaldeandalucia\/evento\/el-mundo-por-montera-gala-inaugural-de-la-bienal-de-flamenco-de-sevilla\" target=\"_blank\" rel=\"noopener\">Culturele Agenda van Andalusi\u00eb \u2014 El mundo por montera<\/a>.<\/li>\n<\/ul>\n<p><small>Informatie gecontroleerd op 5 september 2026. De organisatie kan cast, ticketbeschikbaarheid of technische details v\u00f3\u00f3r de voorstelling nog aanpassen.<\/small><\/p>\n<\/div><\/div><\/div><\/div><\/div><\/div><\/div><\/section>\n","protected":false},"excerpt":{"rendered":"<p>Gids voor El mundo por montera op de Flamencobi\u00ebnnale van Sevilla 2026: artiesten, negen passages, repertoire, de Maestranza, tickets en historische context.<\/p>\n","protected":false},"author":1,"featured_media":14947,"comment_status":"closed","ping_status":"closed","sticky":false,"template":"","format":"standard","meta":{"_acf_changed":false,"wpai_generated_summary":"","_ayudawp_aiss_exclude":false,"_ayudawp_aiss_exclude_summary":false,"_ayudawp_aiss_summary":"","_ayudawp_aiss_summary_provider":"","_ayudawp_aiss_summary_hash":"","footnotes":""},"categories":[1432],"tags":[],"class_list":["post-15047","post","type-post","status-publish","format-standard","has-post-thumbnail","hentry","category-flamencobiennale"],"acf":[],"yoast_head":"<!-- This site is optimized with the Yoast SEO Premium plugin v28.4 (Yoast SEO v28.4) - https:\/\/yoast.com\/product\/yoast-seo-premium-wordpress\/ -->\n<title>El mundo por montera Flamencobi\u00ebnnale 2026: artiesten en programma<\/title>\n<meta name=\"description\" content=\"Gids voor El mundo por montera op de Flamencobi\u00ebnnale van Sevilla 2026: artiesten, negen passages, repertoire, Maestranza, tickets en historische context.\" \/>\n<meta name=\"robots\" content=\"index, follow, max-snippet:-1, max-image-preview:large, max-video-preview:-1\" \/>\n<link rel=\"canonical\" href=\"https:\/\/www.tablaosflamencos.com\/nl\/el-mundo-por-montera-flamencobiennale-2026.html\" \/>\n<meta property=\"og:locale\" content=\"nl_NL\" \/>\n<meta property=\"og:type\" content=\"article\" \/>\n<meta property=\"og:title\" content=\"El mundo por montera op de Flamencobi\u00ebnnale 2026: wie doet mee en wat zien we in de Maestranza\" \/>\n<meta property=\"og:description\" content=\"Gids voor El mundo por montera op de Flamencobi\u00ebnnale van Sevilla 2026: artiesten, negen passages, repertoire, Maestranza, tickets en historische context.\" \/>\n<meta property=\"og:url\" content=\"https:\/\/www.tablaosflamencos.com\/nl\/el-mundo-por-montera-flamencobiennale-2026.html\" \/>\n<meta property=\"og:site_name\" content=\"Tablaos Flamencos\" \/>\n<meta property=\"article:publisher\" content=\"https:\/\/www.facebook.com\/tablaosflamencos\" \/>\n<meta property=\"article:published_time\" content=\"2026-09-06T14:07:31+00:00\" \/>\n<meta property=\"article:modified_time\" content=\"2026-09-06T14:56:05+00:00\" \/>\n<meta property=\"og:image\" content=\"https:\/\/www.tablaosflamencos.com\/wp-content\/uploads\/el-mundo-por-montera-en-la-bienal-2026-quien-participa-y-que-veremos-en-la-maestranza-01.webp\" \/>\n\t<meta property=\"og:image:width\" content=\"1536\" \/>\n\t<meta property=\"og:image:height\" content=\"1024\" \/>\n\t<meta property=\"og:image:type\" content=\"image\/webp\" \/>\n<meta name=\"author\" content=\"Miguel Ortiz\" \/>\n<meta name=\"twitter:card\" content=\"summary_large_image\" \/>\n<meta name=\"twitter:creator\" content=\"@tablaosflamenco\" \/>\n<meta name=\"twitter:site\" content=\"@tablaosflamenco\" \/>\n<meta name=\"twitter:label1\" content=\"Geschreven door\" \/>\n\t<meta name=\"twitter:data1\" content=\"Miguel Ortiz\" \/>\n\t<meta name=\"twitter:label2\" content=\"Geschatte leestijd\" \/>\n\t<meta name=\"twitter:data2\" content=\"23 minuten\" \/>\n<script type=\"application\/ld+json\" class=\"yoast-schema-graph\">{\"@context\":\"https:\\\/\\\/schema.org\",\"@graph\":[{\"@type\":\"Article\",\"@id\":\"https:\\\/\\\/www.tablaosflamencos.com\\\/nl\\\/el-mundo-por-montera-flamencobiennale-2026.html#article\",\"isPartOf\":{\"@id\":\"https:\\\/\\\/www.tablaosflamencos.com\\\/nl\\\/el-mundo-por-montera-flamencobiennale-2026.html\"},\"author\":{\"name\":\"Miguel Ortiz\",\"@id\":\"https:\\\/\\\/www.tablaosflamencos.com\\\/nl#\\\/schema\\\/person\\\/e7a9ebe14eb75a52ceabfbffb3c54f5d\"},\"headline\":\"El mundo por montera op de Flamencobi\u00ebnnale 2026: wie doet mee en wat zien we in de Maestranza\",\"datePublished\":\"2026-09-06T14:07:31+00:00\",\"dateModified\":\"2026-09-06T14:56:05+00:00\",\"mainEntityOfPage\":{\"@id\":\"https:\\\/\\\/www.tablaosflamencos.com\\\/nl\\\/el-mundo-por-montera-flamencobiennale-2026.html\"},\"wordCount\":4704,\"publisher\":{\"@id\":\"https:\\\/\\\/www.tablaosflamencos.com\\\/nl#organization\"},\"image\":{\"@id\":\"https:\\\/\\\/www.tablaosflamencos.com\\\/nl\\\/el-mundo-por-montera-flamencobiennale-2026.html#primaryimage\"},\"thumbnailUrl\":\"https:\\\/\\\/www.tablaosflamencos.com\\\/wp-content\\\/uploads\\\/el-mundo-por-montera-en-la-bienal-2026-quien-participa-y-que-veremos-en-la-maestranza-01.webp\",\"articleSection\":[\"Flamencobi\u00ebnnale\"],\"inLanguage\":\"nl-NL\"},{\"@type\":\"WebPage\",\"@id\":\"https:\\\/\\\/www.tablaosflamencos.com\\\/nl\\\/el-mundo-por-montera-flamencobiennale-2026.html\",\"url\":\"https:\\\/\\\/www.tablaosflamencos.com\\\/nl\\\/el-mundo-por-montera-flamencobiennale-2026.html\",\"name\":\"El mundo por montera Flamencobi\u00ebnnale 2026: artiesten en programma\",\"isPartOf\":{\"@id\":\"https:\\\/\\\/www.tablaosflamencos.com\\\/nl#website\"},\"primaryImageOfPage\":{\"@id\":\"https:\\\/\\\/www.tablaosflamencos.com\\\/nl\\\/el-mundo-por-montera-flamencobiennale-2026.html#primaryimage\"},\"image\":{\"@id\":\"https:\\\/\\\/www.tablaosflamencos.com\\\/nl\\\/el-mundo-por-montera-flamencobiennale-2026.html#primaryimage\"},\"thumbnailUrl\":\"https:\\\/\\\/www.tablaosflamencos.com\\\/wp-content\\\/uploads\\\/el-mundo-por-montera-en-la-bienal-2026-quien-participa-y-que-veremos-en-la-maestranza-01.webp\",\"datePublished\":\"2026-09-06T14:07:31+00:00\",\"dateModified\":\"2026-09-06T14:56:05+00:00\",\"description\":\"Gids voor El mundo por montera op de Flamencobi\u00ebnnale van Sevilla 2026: artiesten, negen passages, repertoire, Maestranza, tickets en historische context.\",\"breadcrumb\":{\"@id\":\"https:\\\/\\\/www.tablaosflamencos.com\\\/nl\\\/el-mundo-por-montera-flamencobiennale-2026.html#breadcrumb\"},\"inLanguage\":\"nl-NL\",\"potentialAction\":[{\"@type\":\"ReadAction\",\"target\":[\"https:\\\/\\\/www.tablaosflamencos.com\\\/nl\\\/el-mundo-por-montera-flamencobiennale-2026.html\"]}]},{\"@type\":\"ImageObject\",\"inLanguage\":\"nl-NL\",\"@id\":\"https:\\\/\\\/www.tablaosflamencos.com\\\/nl\\\/el-mundo-por-montera-flamencobiennale-2026.html#primaryimage\",\"url\":\"https:\\\/\\\/www.tablaosflamencos.com\\\/wp-content\\\/uploads\\\/el-mundo-por-montera-en-la-bienal-2026-quien-participa-y-que-veremos-en-la-maestranza-01.webp\",\"contentUrl\":\"https:\\\/\\\/www.tablaosflamencos.com\\\/wp-content\\\/uploads\\\/el-mundo-por-montera-en-la-bienal-2026-quien-participa-y-que-veremos-en-la-maestranza-01.webp\",\"width\":1536,\"height\":1024,\"caption\":\"El mundo por montera en la Bienal 2026: qui\u00e9n participa y qu\u00e9 veremos en la Maestranza\"},{\"@type\":\"BreadcrumbList\",\"@id\":\"https:\\\/\\\/www.tablaosflamencos.com\\\/nl\\\/el-mundo-por-montera-flamencobiennale-2026.html#breadcrumb\",\"itemListElement\":[{\"@type\":\"ListItem\",\"position\":1,\"name\":\"Home\",\"item\":\"https:\\\/\\\/www.tablaosflamencos.com\\\/nl\"},{\"@type\":\"ListItem\",\"position\":2,\"name\":\"El mundo por montera op de Flamencobi\u00ebnnale 2026: wie doet mee en wat zien we in de Maestranza\"}]},{\"@type\":\"WebSite\",\"@id\":\"https:\\\/\\\/www.tablaosflamencos.com\\\/nl#website\",\"url\":\"https:\\\/\\\/www.tablaosflamencos.com\\\/nl\",\"name\":\"Tablaos Flamencos\",\"description\":\"Entradas para tablaos flamencos de Espa\u00f1a\",\"publisher\":{\"@id\":\"https:\\\/\\\/www.tablaosflamencos.com\\\/nl#organization\"},\"alternateName\":\"Tablaos Flamencos\",\"potentialAction\":[{\"@type\":\"SearchAction\",\"target\":{\"@type\":\"EntryPoint\",\"urlTemplate\":\"https:\\\/\\\/www.tablaosflamencos.com\\\/nl?s={search_term_string}\"},\"query-input\":{\"@type\":\"PropertyValueSpecification\",\"valueRequired\":true,\"valueName\":\"search_term_string\"}}],\"inLanguage\":\"nl-NL\"},{\"@type\":[\"Organization\",\"Place\",\"EntertainmentBusiness\"],\"@id\":\"https:\\\/\\\/www.tablaosflamencos.com\\\/nl#organization\",\"name\":\"Tablaos Flamencos\",\"alternateName\":\"Tablaos Flamencos\",\"url\":\"https:\\\/\\\/www.tablaosflamencos.com\\\/nl\",\"logo\":{\"@id\":\"https:\\\/\\\/www.tablaosflamencos.com\\\/nl\\\/el-mundo-por-montera-flamencobiennale-2026.html#local-main-organization-logo\"},\"image\":{\"@id\":\"https:\\\/\\\/www.tablaosflamencos.com\\\/nl\\\/el-mundo-por-montera-flamencobiennale-2026.html#local-main-organization-logo\"},\"sameAs\":[\"https:\\\/\\\/www.facebook.com\\\/tablaosflamencos\",\"https:\\\/\\\/x.com\\\/tablaosflamenco\",\"https:\\\/\\\/mastodon.social\\\/@tablaosflamencos\",\"https:\\\/\\\/www.instagram.com\\\/tablaosflamencos\",\"https:\\\/\\\/tiktok.com\\\/@tablaosflamencos\",\"https:\\\/\\\/www.linkedin.com\\\/company\\\/109408238\\\/\"],\"description\":\"Venta de entradas para espect\u00e1culos flamencos\",\"legalName\":\"Tablaos Flamencos\",\"foundingDate\":\"2015-01-01\",\"numberOfEmployees\":{\"@type\":\"QuantitativeValue\",\"minValue\":\"1\",\"maxValue\":\"10\"},\"address\":{\"@id\":\"https:\\\/\\\/www.tablaosflamencos.com\\\/nl\\\/el-mundo-por-montera-flamencobiennale-2026.html#local-main-place-address\"},\"geo\":{\"@type\":\"GeoCoordinates\",\"latitude\":\"37.3868072\",\"longitude\":\"-5.993280299999999\"},\"telephone\":[\"+34623787787\"],\"contactPoint\":{\"@type\":\"ContactPoint\",\"telephone\":\"+34623787787\",\"email\":\"info@tablaosflamencos.com\"},\"openingHoursSpecification\":{\"@type\":\"OpeningHoursSpecification\",\"dayOfWeek\":[\"Monday\",\"Tuesday\",\"Wednesday\",\"Thursday\",\"Friday\",\"Saturday\",\"Sunday\"],\"opens\":\"00:00\",\"closes\":\"23:59\"},\"email\":\"info@tablaosflamencos.com\",\"priceRange\":\"$$$\",\"currenciesAccepted\":\"\u20ac\"},{\"@type\":\"Person\",\"@id\":\"https:\\\/\\\/www.tablaosflamencos.com\\\/nl#\\\/schema\\\/person\\\/e7a9ebe14eb75a52ceabfbffb3c54f5d\",\"name\":\"Miguel Ortiz\",\"description\":\"Miguel Ortiz es un empresario flamenco, con una s\u00f3lida trayectoria dentro del sector. Ha presidido entidades culturales vinculadas al flamenco y, cuenta con un amplio recorrido profesional en la gesti\u00f3n y promoci\u00f3n de espect\u00e1culos y tablaos flamencos. Su pasi\u00f3n por la historia y el arte flamenco se refleja en cada art\u00edculo, donde combina experiencia, criterio y un profundo respeto por la tradici\u00f3n.\",\"sameAs\":[\"https:\\\/\\\/www.tablaosflamencos.com\",\"https:\\\/\\\/www.instagra.com\\\/miguelortizfe\",\"https:\\\/\\\/www.linkedin.com\\\/in\\\/miguelortizf\\\/\"],\"birthDate\":\"1984-11-22\",\"gender\":\"hombre\",\"knowsLanguage\":[\"espa\u00f1ol\",\"ingl\u00e9s\"],\"jobTitle\":\"Empresario flamenco\"},{\"@type\":\"PostalAddress\",\"@id\":\"https:\\\/\\\/www.tablaosflamencos.com\\\/nl\\\/el-mundo-por-montera-flamencobiennale-2026.html#local-main-place-address\",\"streetAddress\":\"C\\\/ Alemanes, 19\",\"addressLocality\":\"Sevilla\",\"postalCode\":\"41004\",\"addressRegion\":\"Sevilla\",\"addressCountry\":\"ES\"},{\"@type\":\"ImageObject\",\"inLanguage\":\"nl-NL\",\"@id\":\"https:\\\/\\\/www.tablaosflamencos.com\\\/nl\\\/el-mundo-por-montera-flamencobiennale-2026.html#local-main-organization-logo\",\"url\":\"https:\\\/\\\/www.tablaosflamencos.com\\\/wp-content\\\/uploads\\\/tablaos-flamencos-06-3.webp\",\"contentUrl\":\"https:\\\/\\\/www.tablaosflamencos.com\\\/wp-content\\\/uploads\\\/tablaos-flamencos-06-3.webp\",\"width\":600,\"height\":620,\"caption\":\"Tablaos Flamencos\"}]}<\/script>\n<meta name=\"geo.placename\" content=\"Sevilla\" \/>\n<meta name=\"geo.position\" content=\"37.3868072;-5.993280299999999\" \/>\n<meta name=\"geo.region\" content=\"Spanje\" \/>\n<!-- \/ Yoast SEO Premium plugin. -->","yoast_head_json":{"title":"El mundo por montera Flamencobi\u00ebnnale 2026: artiesten en programma","description":"Gids voor El mundo por montera op de Flamencobi\u00ebnnale van Sevilla 2026: artiesten, negen passages, repertoire, Maestranza, tickets en historische context.","robots":{"index":"index","follow":"follow","max-snippet":"max-snippet:-1","max-image-preview":"max-image-preview:large","max-video-preview":"max-video-preview:-1"},"canonical":"https:\/\/www.tablaosflamencos.com\/nl\/el-mundo-por-montera-flamencobiennale-2026.html","og_locale":"nl_NL","og_type":"article","og_title":"El mundo por montera op de Flamencobi\u00ebnnale 2026: wie doet mee en wat zien we in de Maestranza","og_description":"Gids voor El mundo por montera op de Flamencobi\u00ebnnale van Sevilla 2026: artiesten, negen passages, repertoire, Maestranza, tickets en historische context.","og_url":"https:\/\/www.tablaosflamencos.com\/nl\/el-mundo-por-montera-flamencobiennale-2026.html","og_site_name":"Tablaos Flamencos","article_publisher":"https:\/\/www.facebook.com\/tablaosflamencos","article_published_time":"2026-09-06T14:07:31+00:00","article_modified_time":"2026-09-06T14:56:05+00:00","og_image":[{"width":1536,"height":1024,"url":"https:\/\/www.tablaosflamencos.com\/wp-content\/uploads\/el-mundo-por-montera-en-la-bienal-2026-quien-participa-y-que-veremos-en-la-maestranza-01.webp","type":"image\/webp"}],"author":"Miguel Ortiz","twitter_card":"summary_large_image","twitter_creator":"@tablaosflamenco","twitter_site":"@tablaosflamenco","twitter_misc":{"Geschreven door":"Miguel Ortiz","Geschatte leestijd":"23 minuten"},"schema":{"@context":"https:\/\/schema.org","@graph":[{"@type":"Article","@id":"https:\/\/www.tablaosflamencos.com\/nl\/el-mundo-por-montera-flamencobiennale-2026.html#article","isPartOf":{"@id":"https:\/\/www.tablaosflamencos.com\/nl\/el-mundo-por-montera-flamencobiennale-2026.html"},"author":{"name":"Miguel Ortiz","@id":"https:\/\/www.tablaosflamencos.com\/nl#\/schema\/person\/e7a9ebe14eb75a52ceabfbffb3c54f5d"},"headline":"El mundo por montera op de Flamencobi\u00ebnnale 2026: wie doet mee en wat zien we in de Maestranza","datePublished":"2026-09-06T14:07:31+00:00","dateModified":"2026-09-06T14:56:05+00:00","mainEntityOfPage":{"@id":"https:\/\/www.tablaosflamencos.com\/nl\/el-mundo-por-montera-flamencobiennale-2026.html"},"wordCount":4704,"publisher":{"@id":"https:\/\/www.tablaosflamencos.com\/nl#organization"},"image":{"@id":"https:\/\/www.tablaosflamencos.com\/nl\/el-mundo-por-montera-flamencobiennale-2026.html#primaryimage"},"thumbnailUrl":"https:\/\/www.tablaosflamencos.com\/wp-content\/uploads\/el-mundo-por-montera-en-la-bienal-2026-quien-participa-y-que-veremos-en-la-maestranza-01.webp","articleSection":["Flamencobi\u00ebnnale"],"inLanguage":"nl-NL"},{"@type":"WebPage","@id":"https:\/\/www.tablaosflamencos.com\/nl\/el-mundo-por-montera-flamencobiennale-2026.html","url":"https:\/\/www.tablaosflamencos.com\/nl\/el-mundo-por-montera-flamencobiennale-2026.html","name":"El mundo por montera Flamencobi\u00ebnnale 2026: artiesten en programma","isPartOf":{"@id":"https:\/\/www.tablaosflamencos.com\/nl#website"},"primaryImageOfPage":{"@id":"https:\/\/www.tablaosflamencos.com\/nl\/el-mundo-por-montera-flamencobiennale-2026.html#primaryimage"},"image":{"@id":"https:\/\/www.tablaosflamencos.com\/nl\/el-mundo-por-montera-flamencobiennale-2026.html#primaryimage"},"thumbnailUrl":"https:\/\/www.tablaosflamencos.com\/wp-content\/uploads\/el-mundo-por-montera-en-la-bienal-2026-quien-participa-y-que-veremos-en-la-maestranza-01.webp","datePublished":"2026-09-06T14:07:31+00:00","dateModified":"2026-09-06T14:56:05+00:00","description":"Gids voor El mundo por montera op de Flamencobi\u00ebnnale van Sevilla 2026: artiesten, negen passages, repertoire, Maestranza, tickets en historische context.","breadcrumb":{"@id":"https:\/\/www.tablaosflamencos.com\/nl\/el-mundo-por-montera-flamencobiennale-2026.html#breadcrumb"},"inLanguage":"nl-NL","potentialAction":[{"@type":"ReadAction","target":["https:\/\/www.tablaosflamencos.com\/nl\/el-mundo-por-montera-flamencobiennale-2026.html"]}]},{"@type":"ImageObject","inLanguage":"nl-NL","@id":"https:\/\/www.tablaosflamencos.com\/nl\/el-mundo-por-montera-flamencobiennale-2026.html#primaryimage","url":"https:\/\/www.tablaosflamencos.com\/wp-content\/uploads\/el-mundo-por-montera-en-la-bienal-2026-quien-participa-y-que-veremos-en-la-maestranza-01.webp","contentUrl":"https:\/\/www.tablaosflamencos.com\/wp-content\/uploads\/el-mundo-por-montera-en-la-bienal-2026-quien-participa-y-que-veremos-en-la-maestranza-01.webp","width":1536,"height":1024,"caption":"El mundo por montera en la Bienal 2026: qui\u00e9n participa y qu\u00e9 veremos en la Maestranza"},{"@type":"BreadcrumbList","@id":"https:\/\/www.tablaosflamencos.com\/nl\/el-mundo-por-montera-flamencobiennale-2026.html#breadcrumb","itemListElement":[{"@type":"ListItem","position":1,"name":"Home","item":"https:\/\/www.tablaosflamencos.com\/nl"},{"@type":"ListItem","position":2,"name":"El mundo por montera op de Flamencobi\u00ebnnale 2026: wie doet mee en wat zien we in de Maestranza"}]},{"@type":"WebSite","@id":"https:\/\/www.tablaosflamencos.com\/nl#website","url":"https:\/\/www.tablaosflamencos.com\/nl","name":"Tablaos Flamencos","description":"Entradas para tablaos flamencos de Espa\u00f1a","publisher":{"@id":"https:\/\/www.tablaosflamencos.com\/nl#organization"},"alternateName":"Tablaos Flamencos","potentialAction":[{"@type":"SearchAction","target":{"@type":"EntryPoint","urlTemplate":"https:\/\/www.tablaosflamencos.com\/nl?s={search_term_string}"},"query-input":{"@type":"PropertyValueSpecification","valueRequired":true,"valueName":"search_term_string"}}],"inLanguage":"nl-NL"},{"@type":["Organization","Place","EntertainmentBusiness"],"@id":"https:\/\/www.tablaosflamencos.com\/nl#organization","name":"Tablaos Flamencos","alternateName":"Tablaos Flamencos","url":"https:\/\/www.tablaosflamencos.com\/nl","logo":{"@id":"https:\/\/www.tablaosflamencos.com\/nl\/el-mundo-por-montera-flamencobiennale-2026.html#local-main-organization-logo"},"image":{"@id":"https:\/\/www.tablaosflamencos.com\/nl\/el-mundo-por-montera-flamencobiennale-2026.html#local-main-organization-logo"},"sameAs":["https:\/\/www.facebook.com\/tablaosflamencos","https:\/\/x.com\/tablaosflamenco","https:\/\/mastodon.social\/@tablaosflamencos","https:\/\/www.instagram.com\/tablaosflamencos","https:\/\/tiktok.com\/@tablaosflamencos","https:\/\/www.linkedin.com\/company\/109408238\/"],"description":"Venta de entradas para espect\u00e1culos flamencos","legalName":"Tablaos Flamencos","foundingDate":"2015-01-01","numberOfEmployees":{"@type":"QuantitativeValue","minValue":"1","maxValue":"10"},"address":{"@id":"https:\/\/www.tablaosflamencos.com\/nl\/el-mundo-por-montera-flamencobiennale-2026.html#local-main-place-address"},"geo":{"@type":"GeoCoordinates","latitude":"37.3868072","longitude":"-5.993280299999999"},"telephone":["+34623787787"],"contactPoint":{"@type":"ContactPoint","telephone":"+34623787787","email":"info@tablaosflamencos.com"},"openingHoursSpecification":{"@type":"OpeningHoursSpecification","dayOfWeek":["Monday","Tuesday","Wednesday","Thursday","Friday","Saturday","Sunday"],"opens":"00:00","closes":"23:59"},"email":"info@tablaosflamencos.com","priceRange":"$$$","currenciesAccepted":"\u20ac"},{"@type":"Person","@id":"https:\/\/www.tablaosflamencos.com\/nl#\/schema\/person\/e7a9ebe14eb75a52ceabfbffb3c54f5d","name":"Miguel Ortiz","description":"Miguel Ortiz es un empresario flamenco, con una s\u00f3lida trayectoria dentro del sector. Ha presidido entidades culturales vinculadas al flamenco y, cuenta con un amplio recorrido profesional en la gesti\u00f3n y promoci\u00f3n de espect\u00e1culos y tablaos flamencos. Su pasi\u00f3n por la historia y el arte flamenco se refleja en cada art\u00edculo, donde combina experiencia, criterio y un profundo respeto por la tradici\u00f3n.","sameAs":["https:\/\/www.tablaosflamencos.com","https:\/\/www.instagra.com\/miguelortizfe","https:\/\/www.linkedin.com\/in\/miguelortizf\/"],"birthDate":"1984-11-22","gender":"hombre","knowsLanguage":["espa\u00f1ol","ingl\u00e9s"],"jobTitle":"Empresario flamenco"},{"@type":"PostalAddress","@id":"https:\/\/www.tablaosflamencos.com\/nl\/el-mundo-por-montera-flamencobiennale-2026.html#local-main-place-address","streetAddress":"C\/ Alemanes, 19","addressLocality":"Sevilla","postalCode":"41004","addressRegion":"Sevilla","addressCountry":"ES"},{"@type":"ImageObject","inLanguage":"nl-NL","@id":"https:\/\/www.tablaosflamencos.com\/nl\/el-mundo-por-montera-flamencobiennale-2026.html#local-main-organization-logo","url":"https:\/\/www.tablaosflamencos.com\/wp-content\/uploads\/tablaos-flamencos-06-3.webp","contentUrl":"https:\/\/www.tablaosflamencos.com\/wp-content\/uploads\/tablaos-flamencos-06-3.webp","width":600,"height":620,"caption":"Tablaos Flamencos"}]},"geo.placename":"Sevilla","geo.position":{"lat":"37.3868072","long":"-5.993280299999999"},"geo.region":"Spanje"},"_links":{"self":[{"href":"https:\/\/www.tablaosflamencos.com\/nl\/wp-json\/wp\/v2\/posts\/15047","targetHints":{"allow":["GET"]}}],"collection":[{"href":"https:\/\/www.tablaosflamencos.com\/nl\/wp-json\/wp\/v2\/posts"}],"about":[{"href":"https:\/\/www.tablaosflamencos.com\/nl\/wp-json\/wp\/v2\/types\/post"}],"author":[{"embeddable":true,"href":"https:\/\/www.tablaosflamencos.com\/nl\/wp-json\/wp\/v2\/users\/1"}],"replies":[{"embeddable":true,"href":"https:\/\/www.tablaosflamencos.com\/nl\/wp-json\/wp\/v2\/comments?post=15047"}],"version-history":[{"count":0,"href":"https:\/\/www.tablaosflamencos.com\/nl\/wp-json\/wp\/v2\/posts\/15047\/revisions"}],"wp:featuredmedia":[{"embeddable":true,"href":"https:\/\/www.tablaosflamencos.com\/nl\/wp-json\/wp\/v2\/media\/14947"}],"wp:attachment":[{"href":"https:\/\/www.tablaosflamencos.com\/nl\/wp-json\/wp\/v2\/media?parent=15047"}],"wp:term":[{"taxonomy":"category","embeddable":true,"href":"https:\/\/www.tablaosflamencos.com\/nl\/wp-json\/wp\/v2\/categories?post=15047"},{"taxonomy":"post_tag","embeddable":true,"href":"https:\/\/www.tablaosflamencos.com\/nl\/wp-json\/wp\/v2\/tags?post=15047"}],"curies":[{"name":"wp","href":"https:\/\/api.w.org\/{rel}","templated":true}]}}