{"id":14903,"date":"2026-09-05T13:34:33","date_gmt":"2026-09-05T11:34:33","guid":{"rendered":"https:\/\/www.tablaosflamencos.com\/?p=14903"},"modified":"2026-09-05T15:02:50","modified_gmt":"2026-09-05T13:02:50","slug":"flamencobiennale-sevilla-14-20-september-2026","status":"publish","type":"post","link":"https:\/\/www.tablaosflamencos.com\/nl\/flamencobiennale-sevilla-14-20-september-2026.html","title":{"rendered":"Wat te zien op de Flamencobi\u00ebnnale Sevilla van 14 tot en met 20 september 2026"},"content":{"rendered":"<section class=\"l-section wpb_row height_huge\"><div class=\"l-section-h i-cf\"><div class=\"g-cols vc_row via_flex valign_top type_default stacking_default\"><div class=\"vc_col-sm-6 wpb_column vc_column_container\"><div class=\"vc_column-inner\"><div class=\"wpb_wrapper\"><div class=\"wpb_text_column\"><div class=\"wpb_wrapper\"><h2>Wat te zien op de Flamencobi\u00ebnnale Sevilla van 14 tot en met 20 september 2026<\/h2>\n<p>De <strong>tweede week van de Flamencobi\u00ebnnale Sevilla 2026<\/strong>, van maandag 14 tot en met zondag 20 september, geeft het festival een ander ritme. Na het eerste grote weekend verbreedt het programma zich: het Real Alc\u00e1zar biedt drie opeenvolgende avonden met zang en traditionele flamenco; de drie late voorstellingen die oorspronkelijk in Hotel Triana zouden plaatsvinden, verhuizen naar de Muelle de la Sal; het Lope de Vega ontvangt twee zangrecitals met een uitgesproken eigen karakter; en het weekend brengt gitaar, orkest, matinees, jonge talenten en verschillende Unieke Avonden samen.<\/p>\n<p>In zeven dagen zijn er <strong>20 offici\u00eble voorstellingen<\/strong>. Je kunt ze niet allemaal combineren. Een groot deel van de aantrekkingskracht van deze week zit juist in het kiezen: Israel Fern\u00e1ndez valt samen met Ana Morales en Macarena L\u00f3pez; Rancapino Chico overlapt met het eerbetoon aan Isabel Bay\u00f3n; Xerezan\u00edas betekent kiezen tussen die bijeenkomst en Jos\u00e9 del Tomate; en ook in het weekend concurreren verschillende voorstellen om hetzelfde tijdslot.<\/p>\n<p>Deze gids ordent het programma van <strong>14 tot en met 20 september 2026<\/strong> en helpt je kiezen, of je nu op zoek bent naar zang, gitaar, dans, traditionele flamenco, hedendaagse creaties of een ervaring die nauw met Sevilla verbonden is.<\/p>\n<\/div><\/div><\/div><\/div><\/div><div class=\"vc_col-sm-6 wpb_column vc_column_container\"><div class=\"vc_column-inner\"><div class=\"wpb_wrapper\"><div class=\"wpb_text_column\"><div class=\"wpb_wrapper\"><p style=\"text-align: center; font-size: 52px; line-height: 1; margin-bottom: 10px;\"><strong>14\u201320<\/strong><\/p>\n<h3 style=\"text-align: center;\">september 2026<\/h3>\n<p style=\"text-align: center;\"><strong>Maandag tot en met zondag<\/strong><\/p>\n<p style=\"text-align: center;\">20 offici\u00eble voorstellingen<\/p>\n<p style=\"text-align: center;\">Zang \u00b7 dans \u00b7 gitaar \u00b7 Unieke Avonden \u00b7 matinees<\/p>\n<p style=\"text-align: center;\">Alc\u00e1zar \u00b7 Muelle de la Sal \u00b7 Maestranza \u00b7 Lope de Vega \u00b7 Turina \u00b7 Alameda \u00b7 Central \u00b7 San Luis \u00b7 Artiller\u00eda<\/p>\n<\/div><\/div><\/div><\/div><\/div><\/div><\/div><\/section><section class=\"l-section wpb_row height_huge color_alternate with_shape\"><div class=\"l-section-shape type_zigzag pos_top\" style=\"height:3vmin;\"><svg xmlns=\"http:\/\/www.w3.org\/2000\/svg\" viewBox=\"0 0 64 8\" preserveAspectRatio=\"none\" width=\"100%\" height=\"100%\">\r\n\t<path fill=\"currentColor\" d=\"M64 8 L0 8 L0 0 L20 7.9 L40 3 L48 5 L64 0 Z\"\/>\r\n<\/svg><\/div><div class=\"l-section-shape type_zigzag pos_bottom\" style=\"height:3vmin;\"><svg xmlns=\"http:\/\/www.w3.org\/2000\/svg\" viewBox=\"0 0 64 8\" preserveAspectRatio=\"none\" width=\"100%\" height=\"100%\">\r\n\t<path fill=\"currentColor\" d=\"M64 8 L0 8 L0 0 L20 7.9 L40 3 L48 5 L64 0 Z\"\/>\r\n<\/svg><\/div><div class=\"l-section-h i-cf\"><div class=\"g-cols vc_row via_flex valign_top type_default stacking_default\"><div class=\"vc_col-sm-12 wpb_column vc_column_container\"><div class=\"vc_column-inner\"><div class=\"wpb_wrapper\"><div class=\"wpb_text_column\"><div class=\"wpb_wrapper\"><blockquote>\n<p><strong>In het kort:<\/strong> voor wie deze week tot enkele hoogtepunten wil beperken, biedt <strong>maandag 14<\/strong> drie heel verschillende richtingen met Israel Fern\u00e1ndez, Ana Morales en Macarena L\u00f3pez; <strong>dinsdag 15<\/strong> plaatst de zang van Rancapino Chico tegenover een Unieke Avond gewijd aan Isabel Bay\u00f3n; <strong>woensdag 16<\/strong> laat je kiezen tussen de artiesten uit Jerez van <em>Xerezan\u00edas<\/em> en de gitaar van Jos\u00e9 del Tomate; <strong>donderdag 17<\/strong> maakt een combinatie van Arc\u00e1ngel met <em>Mujeres Gitanas<\/em> op de Muelle de la Sal mogelijk; <strong>vrijdag 18<\/strong> valt op door Antonio Reyes en de avond gewijd aan de Pe\u00f1a El Pozo de las Penas; <strong>zaterdag 19<\/strong> brengt Alejandro Hurtado, Mar\u00eda Mar\u00edn, Ca\u00f1izares met de ROSS en <em>Andaluc\u00eda en el tiempo<\/em> samen; en <strong>zondag 20<\/strong> biedt opnieuw Alejandro Hurtado, Manuel de la Luz &amp; Manuel Im\u00e1n, Jos\u00e9 Merc\u00e9 en het gala van het Andalusische circuit voor jonge flamencoartiesten.<\/p>\n<\/blockquote>\n<p><strong>Laatst bijgewerkt: 5 september 2026.<\/strong> Tijden en programma zijn gecontroleerd aan de hand van de offici\u00eble agenda van de 24e Bi\u00ebnnale. Locatiewijziging: de voorstellingen op 17, 18 en 19 september die oorspronkelijk in Hotel Triana zouden plaatsvinden, worden gehouden op de Muelle de la Sal. De data en de aanvangstijd van 23:00 uur blijven gelijk. De beschikbaarheid van tickets kan veranderen: controleer altijd de offici\u00eble pagina van de voorstelling voordat je je planning vastlegt.<\/p>\n<\/div><\/div><div class=\"w-separator size_medium\"><\/div><div class=\"w-hwrapper valign_top wrap stack_on_mobiles align_center\" style=\"--hwrapper-gap:1.2rem\"><div class=\"w-btn-wrapper align_none\"><a class=\"w-btn us-btn-style_1\" href=\"https:\/\/www.tablaosflamencos.com\/nl\/flamenco-biennale-sevilla-2026.html\"><span class=\"w-btn-label\">Complete gids voor de Bi\u00ebnnale 2026<\/span><\/a><\/div><div class=\"w-btn-wrapper align_none\"><a class=\"w-btn us-btn-style_1\" href=\"https:\/\/www.tablaosflamencos.com\/nl\/flamencobiennale-sevilla-2026-tickets-prijzen-kortingen.html\"><span class=\"w-btn-label\">Tickets, prijzen en kortingen<\/span><\/a><\/div><div class=\"w-btn-wrapper align_none\"><a class=\"w-btn us-btn-style_1\" target=\"_blank\" href=\"https:\/\/www.labienal.com\/programa-general\"><span class=\"w-btn-label\">Officieel programma<\/span><\/a><\/div><\/div><\/div><\/div><\/div><\/div><\/div><\/section><section class=\"l-section wpb_row height_huge\"><div class=\"l-section-h i-cf\"><div class=\"g-cols vc_row via_flex valign_top type_default stacking_default\"><div class=\"vc_col-sm-3 wpb_column vc_column_container\"><div class=\"vc_column-inner\"><div class=\"wpb_wrapper\"><\/div><\/div><\/div><div class=\"vc_col-sm-6 wpb_column vc_column_container\"><div class=\"vc_column-inner\"><div class=\"wpb_wrapper\"><div class=\"wpb_text_column\"><div class=\"wpb_wrapper\"><h2>Inhoud van deze gids<\/h2>\n<ul>\n<li><a href=\"#semana-central\">Waarom deze week bijzonder is<\/a><\/li>\n<li><a href=\"#programa-14-20\">Volledig programma van 14 tot en met 20 september<\/a><\/li>\n<li><a href=\"#lunes-14\">Maandag 14: Israel Fern\u00e1ndez, Ana Morales of Macarena L\u00f3pez<\/a><\/li>\n<li><a href=\"#martes-15\">Dinsdag 15: Rancapino Chico en het eerbetoon aan Isabel Bay\u00f3n<\/a><\/li>\n<li><a href=\"#miercoles-16\">Woensdag 16: Jerez in het Alc\u00e1zar of gitaar in het Alameda<\/a><\/li>\n<li><a href=\"#jueves-17\">Donderdag 17: Arc\u00e1ngel en Mujeres Gitanas<\/a><\/li>\n<li><a href=\"#viernes-18\">Vrijdag 18: gitaar, Antonio Reyes en Muelle de la Sal<\/a><\/li>\n<li><a href=\"#sabado-19\">Zaterdag 19: de veelzijdigste dag van de week<\/a><\/li>\n<li><a href=\"#domingo-20\">Zondag 20: van de matinee tot Jos\u00e9 Merc\u00e9 en jong talent<\/a><\/li>\n<li><a href=\"#itinerarios-14-20\">Aanbevolen routes<\/a><\/li>\n<li><a href=\"#perfiles-14-20\">Kiezen op basis van je smaak<\/a><\/li>\n<li><a href=\"#logistica-14-20\">Voorstellingen combineren zonder te haasten<\/a><\/li>\n<li><a href=\"#faq-14-20\">Veelgestelde vragen<\/a><\/li>\n<\/ul>\n<\/div><\/div><\/div><\/div><\/div><div class=\"vc_col-sm-3 wpb_column vc_column_container\"><div class=\"vc_column-inner\"><div class=\"wpb_wrapper\"><\/div><\/div><\/div><\/div><\/div><\/section><section class=\"l-section wpb_row height_huge color_alternate with_shape\"><div class=\"l-section-shape type_zigzag pos_top\" style=\"height:3vmin;\"><svg xmlns=\"http:\/\/www.w3.org\/2000\/svg\" viewBox=\"0 0 64 8\" preserveAspectRatio=\"none\" width=\"100%\" height=\"100%\">\r\n\t<path fill=\"currentColor\" d=\"M64 8 L0 8 L0 0 L20 7.9 L40 3 L48 5 L64 0 Z\"\/>\r\n<\/svg><\/div><div class=\"l-section-shape type_zigzag pos_bottom\" style=\"height:3vmin;\"><svg xmlns=\"http:\/\/www.w3.org\/2000\/svg\" viewBox=\"0 0 64 8\" preserveAspectRatio=\"none\" width=\"100%\" height=\"100%\">\r\n\t<path fill=\"currentColor\" d=\"M64 8 L0 8 L0 0 L20 7.9 L40 3 L48 5 L64 0 Z\"\/>\r\n<\/svg><\/div><div class=\"l-section-h i-cf\"><div class=\"g-cols vc_row via_flex valign_top type_default stacking_default\"><div class=\"vc_col-sm-6 wpb_column vc_column_container\"><div class=\"vc_column-inner\"><div class=\"wpb_wrapper\"><div class=\"wpb_text_column\"><div class=\"wpb_wrapper\"><h2 id=\"semana-central\">De week waarin de Bi\u00ebnnale zich over heel Sevilla verspreidt<\/h2>\n<p>Van 14 tot en met 20 september is de Bi\u00ebnnale niet langer alleen een reeks losse grote premi\u00e8res: de volledige opbouw van het festival wordt zichtbaar. Op maandag, dinsdag en woensdag is het <strong>Real Alc\u00e1zar<\/strong> een van de belangrijkste centra voor flamencozang, met Israel Fern\u00e1ndez, Rancapino Chico en de artiesten uit Jerez van <em>Xerezan\u00edas<\/em>. Vanaf donderdag verschuift de aandacht ook naar de <strong>Muelle de la Sal<\/strong>, de nieuwe locatie voor de drie opeenvolgende Unieke Avonden die oorspronkelijk voor Hotel Triana waren aangekondigd.<\/p>\n<p>Tegelijkertijd bieden het Lope de Vega, het Alameda, het Teatro Central, Turina, San Luis de los Franceses, de Real F\u00e1brica de Artiller\u00eda en het Teatro de la Maestranza heel verschillende programmalijnen. Het is een ideale week om te ontdekken dat de Bi\u00ebnnale niet \u00e9\u00e9n soort flamenco presenteert, maar talloze manieren om deze kunst te benaderen.<\/p>\n<\/div><\/div><\/div><\/div><\/div><div class=\"vc_col-sm-6 wpb_column vc_column_container\"><div class=\"vc_column-inner\"><div class=\"wpb_wrapper\"><div class=\"wpb_text_column\"><div class=\"wpb_wrapper\"><h2>Van traditionele wortels tot grootse producties in dezelfde week<\/h2>\n<p>Binnen enkele dagen kun je van de zang van Rancapino Chico naar een hedendaagse dansvoorstelling van Ana Morales gaan; van de sologitaar van Jos\u00e9 del Tomate naar een symfonisch concert van Ca\u00f1izares met de Real Orquesta Sinf\u00f3nica de Sevilla; of van de intimiteit van San Luis de los Franceses naar de avondsfeer op de Muelle de la Sal.<\/p>\n<p>De sleutel is <strong>niet alles willen zien<\/strong>. Overlappende tijden dwingen je om je eigen Bi\u00ebnnale samen te stellen. Daarom maakt deze gids onderscheid tussen voorstellingen die je kunt combineren, riskante combinaties en optredens waarvoor je echt een keuze moet maken.<\/p>\n<\/div><\/div><\/div><\/div><\/div><\/div><\/div><\/section><section class=\"l-section wpb_row height_huge\"><div class=\"l-section-h i-cf\"><div class=\"g-cols vc_row via_flex valign_top type_default stacking_default\"><div class=\"vc_col-sm-12 wpb_column vc_column_container\"><div class=\"vc_column-inner\"><div class=\"wpb_wrapper\"><div class=\"wpb_text_column\"><div class=\"wpb_wrapper\"><h2 id=\"programa-14-20\">Volledig programma van de Bi\u00ebnnale van 14 tot en met 20 september 2026<\/h2>\n<div style=\"overflow-x: auto;\">\n<table>\n<thead>\n<tr>\n<th>Datum<\/th>\n<th>Tijd<\/th>\n<th>Locatie<\/th>\n<th>Artiest \/ voorstelling<\/th>\n<th>Vorm<\/th>\n<\/tr>\n<\/thead>\n<tbody>\n<tr>\n<td><strong>Ma. 14<\/strong><\/td>\n<td>21:30<\/td>\n<td>Real Alc\u00e1zar<\/td>\n<td>Israel Fern\u00e1ndez \u2014 <em>De oro y marfil<\/em><\/td>\n<td>Flamencozang<\/td>\n<\/tr>\n<tr>\n<td><strong>Ma. 14<\/strong><\/td>\n<td>22:00<\/td>\n<td>Real F\u00e1brica de Artiller\u00eda<\/td>\n<td>Ana Morales \u2014 <em>Rapsodia. Fantas\u00eda subterr\u00e1nea<\/em><\/td>\n<td>Wereldpremi\u00e8re<\/td>\n<\/tr>\n<tr>\n<td><strong>Ma. 14<\/strong><\/td>\n<td>22:30<\/td>\n<td>Teatro Alameda<\/td>\n<td>Macarena L\u00f3pez \u2014 <em>Sobre todas las cosas<\/em><\/td>\n<td>Wereldpremi\u00e8re<\/td>\n<\/tr>\n<tr>\n<td><strong>Di. 15<\/strong><\/td>\n<td>21:30<\/td>\n<td>Real Alc\u00e1zar<\/td>\n<td>Rancapino Chico \u2014 <em>Pizarra<\/em><\/td>\n<td>Wereldpremi\u00e8re<\/td>\n<\/tr>\n<tr>\n<td><strong>Di. 15<\/strong><\/td>\n<td>22:30<\/td>\n<td>Teatro Central<\/td>\n<td>David Lagos, Miguel Ortega, Antonio Campos, Inma Rivero en Jos\u00e9 Luis Ortiz Nuevo \u2014 <em>Ep\u00edlogo de un cante que se hizo baile. Suite de cantes<\/em><\/td>\n<td>Unieke Avond \u00b7 eerbetoon aan Isabel Bay\u00f3n<\/td>\n<\/tr>\n<tr>\n<td><strong>Wo. 16<\/strong><\/td>\n<td>21:30<\/td>\n<td>Real Alc\u00e1zar<\/td>\n<td>Luis El Zambo, Dolores Agujetas, Antonio de la Malena, Manuel Valencia en Las Tatas de Jerez \u2014 <em>Xerezan\u00edas<\/em><\/td>\n<td>Unieke Avond<\/td>\n<\/tr>\n<tr>\n<td><strong>Wo. 16<\/strong><\/td>\n<td>22:30<\/td>\n<td>Teatro Alameda<\/td>\n<td>Jos\u00e9 del Tomate \u2014 <em>Sonanta 3.0<\/em><\/td>\n<td>Gitaar<\/td>\n<\/tr>\n<tr>\n<td><strong>Do. 17<\/strong><\/td>\n<td>20:00<\/td>\n<td>Teatro Lope de Vega<\/td>\n<td>Arc\u00e1ngel \u2014 <em>La copla del cante<\/em><\/td>\n<td>Unieke Avond<\/td>\n<\/tr>\n<tr>\n<td><strong>Do. 17<\/strong><\/td>\n<td>23:00<\/td>\n<td>Muelle de la Sal<\/td>\n<td>Remedios Amaya, La Fabi, Montse Cort\u00e9s en Josemi Carmona \u2014 <em>Mujeres Gitanas<\/em><\/td>\n<td>Unieke Avond<\/td>\n<\/tr>\n<tr>\n<td><strong>Vr. 18<\/strong><\/td>\n<td>19:00<\/td>\n<td>Espacio Turina<\/td>\n<td>Juan Requena \u2014 <em>Requeneando<\/em><\/td>\n<td>Gitaar<\/td>\n<\/tr>\n<tr>\n<td><strong>Vr. 18<\/strong><\/td>\n<td>20:00<\/td>\n<td>Teatro Lope de Vega<\/td>\n<td>Antonio Reyes \u2014 <em>Seis cuerdas, seis<\/em><\/td>\n<td>Unieke Avond<\/td>\n<\/tr>\n<tr>\n<td><strong>Vr. 18<\/strong><\/td>\n<td>23:00<\/td>\n<td>Muelle de la Sal<\/td>\n<td>75-jarig jubileum van de Pe\u00f1a El Pozo de las Penas \u2014 <em>Uvitas negras<\/em><\/td>\n<td>Unieke Avond<\/td>\n<\/tr>\n<tr>\n<td><strong>Za. 19<\/strong><\/td>\n<td>12:00<\/td>\n<td>San Luis de los Franceses<\/td>\n<td>Alejandro Hurtado + Enrique Solin\u00eds \u2014 <em>Devenir de la guitarra<\/em><\/td>\n<td>Unieke Matinee<\/td>\n<\/tr>\n<tr>\n<td><strong>Za. 19<\/strong><\/td>\n<td>19:00<\/td>\n<td>Espacio Turina<\/td>\n<td>Mar\u00eda Mar\u00edn \u2014 <em>Las tres Mar\u00edas<\/em><\/td>\n<td>Wereldpremi\u00e8re<\/td>\n<\/tr>\n<tr>\n<td><strong>Za. 19<\/strong><\/td>\n<td>20:00<\/td>\n<td>Teatro de la Maestranza<\/td>\n<td>Ca\u00f1izares &amp; ROSS \u2014 <em>Ca\u00f1izares sinf\u00f3nico<\/em><\/td>\n<td>Unieke Avond<\/td>\n<\/tr>\n<tr>\n<td><strong>Za. 19<\/strong><\/td>\n<td>23:00<\/td>\n<td>Muelle de la Sal<\/td>\n<td>El Boquer\u00f3n, Carmen de la Jara, Curro Lucena, Jaime \u201cEl Parr\u00f3n\u201d, Joselete de Linares, Jos\u00e9 Sorroche, Paqui Corpas, El Pecas en Romerito de Jerez \u2014 <em>Andaluc\u00eda en el tiempo<\/em><\/td>\n<td>Unieke Avond<\/td>\n<\/tr>\n<tr>\n<td><strong>Zo. 20<\/strong><\/td>\n<td>12:00<\/td>\n<td>San Luis de los Franceses<\/td>\n<td>Alejandro Hurtado + Enrique Solin\u00eds \u2014 <em>Devenir de la guitarra<\/em><\/td>\n<td>Unieke Matinee<\/td>\n<\/tr>\n<tr>\n<td><strong>Zo. 20<\/strong><\/td>\n<td>19:00<\/td>\n<td>Espacio Turina<\/td>\n<td>Manuel de la Luz &amp; Manuel Im\u00e1n \u2014 <em>Manos que hablan<\/em><\/td>\n<td>Unieke Avond<\/td>\n<\/tr>\n<tr>\n<td><strong>Zo. 20<\/strong><\/td>\n<td>20:00<\/td>\n<td>Teatro de la Maestranza<\/td>\n<td>Jos\u00e9 Merc\u00e9 \u2014 <em>Toquen a rebato<\/em><\/td>\n<td>Unieke Avond<\/td>\n<\/tr>\n<tr>\n<td><strong>Zo. 20<\/strong><\/td>\n<td>22:30<\/td>\n<td>Teatro Alameda<\/td>\n<td>Gala van het Andalusische circuit voor jonge flamencoartiesten<\/td>\n<td>Jong flamencotalent<\/td>\n<\/tr>\n<\/tbody>\n<\/table>\n<\/div>\n<p><strong>Tip:<\/strong> beschouw deze tabel niet als een route die je volledig kunt volgen. Verschillende voorstellingen overlappen of laten te weinig tijd over om van locatie te wisselen. De selectie per dag hieronder is bedoeld om onhaalbare plannen te voorkomen.<\/p>\n<\/div><\/div><\/div><\/div><\/div><\/div><\/div><\/section><section class=\"l-section wpb_row height_huge color_alternate with_shape\"><div class=\"l-section-shape type_zigzag pos_top\" style=\"height:3vmin;\"><svg xmlns=\"http:\/\/www.w3.org\/2000\/svg\" viewBox=\"0 0 64 8\" preserveAspectRatio=\"none\" width=\"100%\" height=\"100%\">\r\n\t<path fill=\"currentColor\" d=\"M64 8 L0 8 L0 0 L20 7.9 L40 3 L48 5 L64 0 Z\"\/>\r\n<\/svg><\/div><div class=\"l-section-shape type_zigzag pos_bottom\" style=\"height:3vmin;\"><svg xmlns=\"http:\/\/www.w3.org\/2000\/svg\" viewBox=\"0 0 64 8\" preserveAspectRatio=\"none\" width=\"100%\" height=\"100%\">\r\n\t<path fill=\"currentColor\" d=\"M64 8 L0 8 L0 0 L20 7.9 L40 3 L48 5 L64 0 Z\"\/>\r\n<\/svg><\/div><div class=\"l-section-h i-cf\"><div class=\"g-cols vc_row via_flex valign_top type_default stacking_default\"><div class=\"vc_col-sm-6 wpb_column vc_column_container\"><div class=\"vc_column-inner\"><div class=\"wpb_wrapper\"><div class=\"wpb_text_column\"><div class=\"wpb_wrapper\"><h2 id=\"lunes-14\">Maandag 14: drie verschillende Bi\u00ebnnales binnen \u00e9\u00e9n uur<\/h2>\n<p>Maandag stelt je voor een van de duidelijkste keuzes van de hele week. Om <strong>21:30 uur<\/strong> brengt Israel Fern\u00e1ndez <em>De oro y marfil<\/em> naar het Real Alc\u00e1zar. Voor wie zang, de menselijke stem en een avond op een van de bijzonderste erfgoedlocaties van deze editie centraal stelt, is dit de vanzelfsprekende keuze.<\/p>\n<p>Een halfuur later, om <strong>22:00 uur<\/strong> geeft Ana Morales de tweede voorstelling van <em>Rapsodia. Fantas\u00eda subterr\u00e1nea<\/em> in de Real F\u00e1brica de Artiller\u00eda. Deze danscreatie is ontworpen voor een bijzondere industri\u00eble ruimte en vormt de meest hedendaagse richting van de avond.<\/p>\n<p>Om <strong>22:30 uur<\/strong> brengt Macarena L\u00f3pez de premi\u00e8re van <em>Sobre todas las cosas<\/em> in het Teatro Alameda: een kans om tijdens de Bi\u00ebnnale een jongere generatie dansers te ontdekken.<\/p>\n<\/div><\/div><\/div><\/div><\/div><div class=\"vc_col-sm-6 wpb_column vc_column_container\"><div class=\"vc_column-inner\"><div class=\"wpb_wrapper\"><div class=\"wpb_text_column\"><div class=\"wpb_wrapper\"><h2>Wat kies je op maandag?<\/h2>\n<p><strong>Israel Fern\u00e1ndez<\/strong> voor zang en een avondlijke ervaring in het Alc\u00e1zar. <strong>Ana Morales<\/strong> voor podiumcreatie, artistiek onderzoek en hedendaagse dans. <strong>Macarena L\u00f3pez<\/strong> voor wie een nieuw voorstel wil ontdekken en de vernieuwing van de dans van dichtbij wil volgen.<\/p>\n<p>We raden af om twee van de drie te proberen te combineren. De aanvangstijden liggen te dicht bij elkaar en de locaties liggen uit elkaar. Maandag is een avond om <strong>bewust \u00e9\u00e9n voorstelling te kiezen<\/strong> en ervan te genieten zonder op de klok te kijken.<\/p>\n<p>Spreekt het Alc\u00e1zar je vooral aan, lees dan meer in onze gids over <a href=\"https:\/\/www.tablaosflamencos.com\/nl\/flamenco-real-alcazar-flamencobiennale-sevilla-2026.html\"><strong>flamenco in het Real Alc\u00e1zar tijdens de Bi\u00ebnnale 2026<\/strong><\/a>.<\/p>\n<\/div><\/div><\/div><\/div><\/div><\/div><\/div><\/section><section class=\"l-section wpb_row height_huge\"><div class=\"l-section-h i-cf\"><div class=\"g-cols vc_row via_flex valign_top type_default stacking_default\"><div class=\"vc_col-sm-6 wpb_column vc_column_container\"><div class=\"vc_column-inner\"><div class=\"wpb_wrapper\"><div class=\"wpb_text_column\"><div class=\"wpb_wrapper\"><h2 id=\"martes-15\">Dinsdag 15: Rancapino Chico of een eenmalige avond gewijd aan Isabel Bay\u00f3n<\/h2>\n<p>Om <strong>21:30 uur in het Real Alc\u00e1zar<\/strong> presenteert Rancapino Chico <em>Pizarra<\/em>, een wereldpremi\u00e8re. Dit is een aantrekkelijke keuze voor wie een avond zoekt waarin zang, traditie en artistieke persoonlijkheid centraal staan, in de omgeving van het Alc\u00e1zar.<\/p>\n<p>Een uur later biedt het <strong>Teatro Central<\/strong> de voorstelling <em>Ep\u00edlogo de un cante que se hizo baile. Suite de cantes<\/em>, een Unieke Avond gewijd aan Isabel Bay\u00f3n met David Lagos, Miguel Ortega, Antonio Campos, Inma Rivero en Jos\u00e9 Luis Ortiz Nuevo.<\/p>\n<p>Deze tweede afspraak is meer dan een gewone voorstelling: stemmen en herinneringen komen samen rond een sleutelfiguur van de Sevillaanse dans.<\/p>\n<\/div><\/div><\/div><\/div><\/div><div class=\"vc_col-sm-6 wpb_column vc_column_container\"><div class=\"vc_column-inner\"><div class=\"wpb_wrapper\"><div class=\"wpb_text_column\"><div class=\"wpb_wrapper\"><h2>Twee manieren om naar het geheugen van de flamenco te luisteren<\/h2>\n<p>Dinsdag draait minder om traditie tegenover moderniteit dan om <strong>twee manieren om naar het verleden te kijken<\/strong>. Rancapino Chico doet dat met een eigen recital; de avond in het Central via een eerbetoon en een gezamenlijke creatie.<\/p>\n<p>Gezien de tijden is het niet realistisch om beide bij te wonen. Gaat je belangstelling vooral uit naar de zang van \u00e9\u00e9n specifieke artiest, kies dan het Alc\u00e1zar. Spreken de Unieke Avonden en voorstellingen die juist binnen de Bi\u00ebnnale hun bijzondere betekenis krijgen je aan, dan heeft het Central extra waarde.<\/p>\n<p>Bekijk ook ons overzicht van de <a href=\"https:\/\/www.tablaosflamencos.com\/nl\/unieke-avonden-flamenco-biennale-sevilla-2026.html\"><strong>Unieke Avonden van de Bi\u00ebnnale 2026<\/strong><\/a>.<\/p>\n<\/div><\/div><\/div><\/div><\/div><\/div><\/div><\/section><section class=\"l-section wpb_row height_huge color_alternate with_shape\"><div class=\"l-section-shape type_zigzag pos_top\" style=\"height:3vmin;\"><svg xmlns=\"http:\/\/www.w3.org\/2000\/svg\" viewBox=\"0 0 64 8\" preserveAspectRatio=\"none\" width=\"100%\" height=\"100%\">\r\n\t<path fill=\"currentColor\" d=\"M64 8 L0 8 L0 0 L20 7.9 L40 3 L48 5 L64 0 Z\"\/>\r\n<\/svg><\/div><div class=\"l-section-shape type_zigzag pos_bottom\" style=\"height:3vmin;\"><svg xmlns=\"http:\/\/www.w3.org\/2000\/svg\" viewBox=\"0 0 64 8\" preserveAspectRatio=\"none\" width=\"100%\" height=\"100%\">\r\n\t<path fill=\"currentColor\" d=\"M64 8 L0 8 L0 0 L20 7.9 L40 3 L48 5 L64 0 Z\"\/>\r\n<\/svg><\/div><div class=\"l-section-h i-cf\"><div class=\"g-cols vc_row via_flex valign_top type_default stacking_default\"><div class=\"vc_col-sm-6 wpb_column vc_column_container\"><div class=\"vc_column-inner\"><div class=\"wpb_wrapper\"><div class=\"wpb_text_column\"><div class=\"wpb_wrapper\"><h2 id=\"miercoles-16\">Woensdag 16: Jerez neemt het Alc\u00e1zar over<\/h2>\n<p>De woensdagavond in het Real Alc\u00e1zar is een van de indrukwekkendste zangbijeenkomsten van deze week. <em>Xerezan\u00edas<\/em> verenigt <strong>Luis El Zambo, Dolores Agujetas, Antonio de la Malena, Manuel Valencia en Las Tatas de Jerez<\/strong> op een Unieke Avond die Jerez tot het symbolische middelpunt maakt.<\/p>\n<p>Voor wie zang, comp\u00e1s, artistieke familielijnen en een bijeenkomst zoekt die buiten de Bi\u00ebnnale moeilijk te herhalen is, behoort dit tot onze duidelijkste aanbevelingen voor 14\u201320 september.<\/p>\n<\/div><\/div><\/div><\/div><\/div><div class=\"vc_col-sm-6 wpb_column vc_column_container\"><div class=\"vc_column-inner\"><div class=\"wpb_wrapper\"><div class=\"wpb_text_column\"><div class=\"wpb_wrapper\"><h2>22:30 uur: Jos\u00e9 del Tomate en gitaar als alternatief<\/h2>\n<p>Om <strong>22:30 uur in het Teatro Alameda<\/strong> presenteert Jos\u00e9 del Tomate <em>Sonanta 3.0<\/em>. Door het tijdstip kun je deze voorstelling niet volledig zien na <em>Xerezan\u00edas<\/em>: woensdag vraagt dus opnieuw om een keuze tussen artistieke richtingen.<\/p>\n<p>Stel je een week samen waarin gitaar centraal staat, dan hoort Jos\u00e9 del Tomate op je lijst. Zoek je een zangavond waarvan deze bezetting op deze locatie moeilijk opnieuw samenkomt, dan geven wij voorrang aan <em>Xerezan\u00edas<\/em>.<\/p>\n<p>Voor meer achtergrond bij beide richtingen kun je onze gidsen lezen over <a href=\"https:\/\/www.tablaosflamencos.com\/nl\/flamencozang-flamencobiennale-sevilla-2026.html\"><strong>zang op de Bi\u00ebnnale 2026<\/strong><\/a> en <a href=\"https:\/\/www.tablaosflamencos.com\/nl\/gitaar-flamencobiennale-sevilla-2026-niet-te-missen-shows.html\"><strong>gitaar op de Bi\u00ebnnale<\/strong><\/a>.<\/p>\n<\/div><\/div><\/div><\/div><\/div><\/div><\/div><\/section><section class=\"l-section wpb_row height_huge\"><div class=\"l-section-h i-cf\"><div class=\"g-cols vc_row via_flex valign_top type_default stacking_default\"><div class=\"vc_col-sm-6 wpb_column vc_column_container\"><div class=\"vc_column-inner\"><div class=\"wpb_wrapper\"><div class=\"wpb_text_column\"><div class=\"wpb_wrapper\"><h2 id=\"jueves-17\">Donderdag 17: Arc\u00e1ngel opent de avond in het Lope de Vega<\/h2>\n<p>Arc\u00e1ngel presenteert <em>La copla del cante<\/em> om <strong>20:00 uur in het Teatro Lope de Vega<\/strong>. Het project verkent de historische relatie tussen flamenco en copla, een terrein waarop talrijke artiesten uit de twintigste eeuw actief waren en dat hier het vertrekpunt vormt voor een Unieke Avond.<\/p>\n<p>Het is een goede keuze voor wie zang in een groot theater wil horen, maar geen conventioneel recital zoekt. De bezetting omvat gitaar, achtergrondzang en palmas, percussie, toetsen, fluit, mondharmonica en viool.<\/p>\n<\/div><\/div><\/div><\/div><\/div><div class=\"vc_col-sm-6 wpb_column vc_column_container\"><div class=\"vc_column-inner\"><div class=\"wpb_wrapper\"><div class=\"wpb_text_column\"><div class=\"wpb_wrapper\"><h2>23:00 uur: Mujeres Gitanas opent de reeks op de Muelle de la Sal<\/h2>\n<p>Drie uur later begint een van de meest verwachte reeksen van de week: de avonden die van Hotel Triana zijn verplaatst naar de <strong>Muelle de la Sal<\/strong>. De eerste avond verenigt <strong>Remedios Amaya, La Fabi, Montse Cort\u00e9s en Josemi Carmona<\/strong> onder de titel <em>Mujeres Gitanas<\/em>.<\/p>\n<p>Arc\u00e1ngel gevolgd door de Muelle de la Sal is op papier een van de redelijkste combinaties van de week, maar beschouw de aansluiting niet als gegarandeerd: houd rekening met de werkelijke duur van de voorstelling, het verlaten van het Lope de Vega en de reis naar de nieuwe locatie aan de rivier, niet naar Hotel Triana.<\/p>\n<p>Meer achtergrond over de oorspronkelijk geplande locatie vind je in onze gids over <a href=\"https:\/\/www.tablaosflamencos.com\/nl\/hotel-triana-flamencobiennale-sevilla-2026.html\"><strong>de drie Bi\u00ebnnale-avonden die aanvankelijk in de oude gemeenschappelijke binnenplaats zouden plaatsvinden<\/strong><\/a>.<\/p>\n<\/div><\/div><\/div><\/div><\/div><\/div><\/div><\/section><section class=\"l-section wpb_row height_huge color_alternate with_shape\"><div class=\"l-section-shape type_zigzag pos_top\" style=\"height:3vmin;\"><svg xmlns=\"http:\/\/www.w3.org\/2000\/svg\" viewBox=\"0 0 64 8\" preserveAspectRatio=\"none\" width=\"100%\" height=\"100%\">\r\n\t<path fill=\"currentColor\" d=\"M64 8 L0 8 L0 0 L20 7.9 L40 3 L48 5 L64 0 Z\"\/>\r\n<\/svg><\/div><div class=\"l-section-shape type_zigzag pos_bottom\" style=\"height:3vmin;\"><svg xmlns=\"http:\/\/www.w3.org\/2000\/svg\" viewBox=\"0 0 64 8\" preserveAspectRatio=\"none\" width=\"100%\" height=\"100%\">\r\n\t<path fill=\"currentColor\" d=\"M64 8 L0 8 L0 0 L20 7.9 L40 3 L48 5 L64 0 Z\"\/>\r\n<\/svg><\/div><div class=\"l-section-h i-cf\"><div class=\"g-cols vc_row via_flex valign_top type_default stacking_default\"><div class=\"vc_col-sm-6 wpb_column vc_column_container\"><div class=\"vc_column-inner\"><div class=\"wpb_wrapper\"><div class=\"wpb_text_column\"><div class=\"wpb_wrapper\"><h2 id=\"viernes-18\">Vrijdag 18: Juan Requena of Antonio Reyes<\/h2>\n<p>Vrijdag begint om <strong>19:00 uur in het Espacio Turina<\/strong> met Juan Requena en <em>Requeneando<\/em>. Een uur later presenteert Antonio Reyes <em>Seis cuerdas, seis<\/em> in het Lope de Vega, een Unieke Avond die de zanger tegenover zes gitaren plaatst en de begeleiding tot een centraal onderdeel van het concept maakt.<\/p>\n<p>Door de tijden zijn beide voorstellen niet te combineren. Voor een gitaarliefhebber die de gitaarprogrammering van Turina wil volgen, is Juan Requena de logische keuze. Voor wie zang en een uitzonderlijke opzet rond verschillende gitaristen belangrijker vindt, is Antonio Reyes bijzonder aantrekkelijk.<\/p>\n<\/div><\/div><\/div><\/div><\/div><div class=\"vc_col-sm-6 wpb_column vc_column_container\"><div class=\"vc_column-inner\"><div class=\"wpb_wrapper\"><div class=\"wpb_text_column\"><div class=\"wpb_wrapper\"><h2>23:00 uur: 75 jaar Pe\u00f1a El Pozo de las Penas<\/h2>\n<p>De tweede avond op de Muelle de la Sal viert het <strong>75-jarig jubileum van de Pe\u00f1a El Pozo de las Penas<\/strong> met <em>Uvitas negras<\/em>. De bezetting bestaat uit Itoly de Los Palacios, Juan El Distinguido, Nene Escalera, Miguel Ortega, Jos\u00e9 \u00c1ngel Carmona, Juanelo, Anabel de Vico en Manuel Orta, met Ni\u00f1o Fraile en Salvador Guti\u00e9rrez op gitaar.<\/p>\n<p>Onder leiding van Manuel Curao krijgt deze avond extra nadruk op ontmoeting en herinnering, rechtstreeks verbonden met de cultuur van de flamencope\u00f1as. Het kan een uitstekende afsluiting zijn na een middag gitaar of na Antonio Reyes, zolang de duur en de verplaatsing voldoende tijd laten om rustig aan te komen.<\/p>\n<\/div><\/div><\/div><\/div><\/div><\/div><\/div><\/section><section class=\"l-section wpb_row height_huge\"><div class=\"l-section-h i-cf\"><div class=\"g-cols vc_row via_flex valign_top type_default stacking_default\"><div class=\"vc_col-sm-6 wpb_column vc_column_container\"><div class=\"vc_column-inner\"><div class=\"wpb_wrapper\"><div class=\"wpb_text_column\"><div class=\"wpb_wrapper\"><h2 id=\"sabado-19\">Zaterdag 19: de veelzijdigste dag van de week<\/h2>\n<p>Op zaterdag kun je de Bi\u00ebnnale van twaalf uur &#8217;s middags tot na middernacht beleven. Om <strong>12:00 uur in San Luis de los Franceses<\/strong> presenteert Alejandro Hurtado <em>Devenir de la guitarra<\/em> met medewerking van Enrique Solin\u00eds. Het programma omvat grana\u00edna, alegr\u00edas, farruca, seguiriya, zapateado en taranta. De dialoog met een musicus uit de wereld van de oude muziek past bijzonder goed bij de barokke omgeving.<\/p>\n<p>Om <strong>19:00 uur in Turina<\/strong> brengt Mar\u00eda Mar\u00edn de premi\u00e8re van <em>Las tres Mar\u00edas<\/em>. Een uur later treedt Ca\u00f1izares in het Maestranza samen met de Real Orquesta Sinf\u00f3nica de Sevilla op in <em>Ca\u00f1izares sinf\u00f3nico<\/em>.<\/p>\n<\/div><\/div><\/div><\/div><\/div><div class=\"vc_col-sm-6 wpb_column vc_column_container\"><div class=\"vc_column-inner\"><div class=\"wpb_wrapper\"><div class=\"wpb_text_column\"><div class=\"wpb_wrapper\"><h2>Ca\u00f1izares met de ROSS of Mar\u00eda Mar\u00edn: opnieuw een noodzakelijke keuze<\/h2>\n<p>Hoewel de voorstellingen een uur na elkaar beginnen, vormen ze geen realistische combinatie. Wie om 19:00 uur bij Mar\u00eda Mar\u00edn binnenstapt, moet niet plannen om om 20:00 uur in het Maestranza te zitten.<\/p>\n<p><em>Ca\u00f1izares sinf\u00f3nico<\/em> is een van de grootschaligste producties van de week. Op het programma staan het <em>Concierto Al-\u00c1ndalus<\/em>, opgedragen aan de nagedachtenis van Paco de Luc\u00eda, en het <em>Concierto Mediterr\u00e1neo<\/em>, opgedragen aan Joaqu\u00edn Rodrigo. Mar\u00eda Mar\u00edn biedt daarentegen een wereldpremi\u00e8re in een intiemere zaal.<\/p>\n<p>Om <strong>23:00 uur<\/strong> sluit <em>Andaluc\u00eda en el tiempo<\/em> de reeks op de Muelle de la Sal af, met zangers uit verschillende Andalusische provincies en Eduardo Rebollar en Antonio Carri\u00f3n op gitaar. Deze avond is nadrukkelijk opgezet als een muzikale landkaart van de flamencozang.<\/p>\n<\/div><\/div><\/div><\/div><\/div><\/div><\/div><\/section><section class=\"l-section wpb_row height_huge color_alternate with_shape\"><div class=\"l-section-shape type_zigzag pos_top\" style=\"height:3vmin;\"><svg xmlns=\"http:\/\/www.w3.org\/2000\/svg\" viewBox=\"0 0 64 8\" preserveAspectRatio=\"none\" width=\"100%\" height=\"100%\">\r\n\t<path fill=\"currentColor\" d=\"M64 8 L0 8 L0 0 L20 7.9 L40 3 L48 5 L64 0 Z\"\/>\r\n<\/svg><\/div><div class=\"l-section-shape type_zigzag pos_bottom\" style=\"height:3vmin;\"><svg xmlns=\"http:\/\/www.w3.org\/2000\/svg\" viewBox=\"0 0 64 8\" preserveAspectRatio=\"none\" width=\"100%\" height=\"100%\">\r\n\t<path fill=\"currentColor\" d=\"M64 8 L0 8 L0 0 L20 7.9 L40 3 L48 5 L64 0 Z\"\/>\r\n<\/svg><\/div><div class=\"l-section-h i-cf\"><div class=\"g-cols vc_row via_flex valign_top type_default stacking_default\"><div class=\"vc_col-sm-6 wpb_column vc_column_container\"><div class=\"vc_column-inner\"><div class=\"wpb_wrapper\"><div class=\"wpb_text_column\"><div class=\"wpb_wrapper\"><h2 id=\"domingo-20\">Zondag 20: een tweede kans voor de matinee<\/h2>\n<p><em>Devenir de la guitarra<\/em> keert terug naar San Luis de los Franceses om <strong>12:00 uur<\/strong>. Kun je zaterdag niet gaan, dan biedt zondag dezelfde kans om Alejandro Hurtado met Enrique Solin\u00eds te horen op een van de bijzonderste locaties van de hele Bi\u00ebnnale.<\/p>\n<p>De <a href=\"https:\/\/www.tablaosflamencos.com\/nl\/unieke-matinees-flamencobiennale-sevilla-2026.html\"><strong>Unieke Matinees<\/strong><\/a> zijn bovendien een heel andere manier om het festival te beleven: het concert staat los van de avond en je kunt tussen twee voorstellingen van Sevilla genieten zonder onhaalbare tijden aan elkaar te rijgen.<\/p>\n<\/div><\/div><\/div><\/div><\/div><div class=\"vc_col-sm-6 wpb_column vc_column_container\"><div class=\"vc_column-inner\"><div class=\"wpb_wrapper\"><div class=\"wpb_text_column\"><div class=\"wpb_wrapper\"><h2>19:00, 20:00 en 22:30 uur: gitaar, Jos\u00e9 Merc\u00e9 en de nieuwe generatie<\/h2>\n<p>Om <strong>19:00 uur in Turina<\/strong> presenteren Manuel de la Luz en Manuel Im\u00e1n <em>Manos que hablan<\/em>, een Unieke Avond rond de dialoog tussen twee gitaren en twee artistieke loopbanen. Om <strong>20:00 uur in het Teatro de la Maestranza<\/strong> presenteert Jos\u00e9 Merc\u00e9 <em>Toquen a rebato<\/em>, een van de grote zangavonden van deze editie.<\/p>\n<p>De twee voorstellingen overlappen, dus je moet kiezen. Is Jos\u00e9 Merc\u00e9 je prioriteit, lees dan meer in ons artikel over <a href=\"https:\/\/www.tablaosflamencos.com\/nl\/jose-merce-flamencobiennale-2026-toquen-a-rebato.html\"><strong>Toquen a rebato op de Bi\u00ebnnale 2026<\/strong><\/a>.<\/p>\n<p>Om <strong>22:30 uur<\/strong> organiseert het Teatro Alameda het gala van het Andalusische circuit voor jonge flamencoartiesten. Het is een mooie kans om de week af te sluiten met de artiesten die komende edities kunnen gaan bepalen.<\/p>\n<\/div><\/div><\/div><\/div><\/div><\/div><\/div><\/section><section class=\"l-section wpb_row height_huge\"><div class=\"l-section-h i-cf\"><div class=\"g-cols vc_row via_flex valign_top type_default stacking_default\"><div class=\"vc_col-sm-12 wpb_column vc_column_container\"><div class=\"vc_column-inner\"><div class=\"wpb_wrapper\"><div class=\"wpb_text_column\"><div class=\"wpb_wrapper\"><h2 id=\"itinerarios-14-20\" style=\"text-align: center;\">Vier aanbevolen routes van 14 tot en met 20 september<\/h2>\n<p style=\"text-align: center;\">Je haalt het meeste uit deze week door een interessegebied te kiezen en ruimte te laten om je plan aan te passen aan de beschikbaarheid.<\/p>\n<\/div><\/div><div class=\"w-separator size_medium\"><\/div><div class=\"g-cols wpb_row via_flex valign_top type_default stacking_default\"><div class=\"vc_col-sm-3 wpb_column vc_column_container\"><div class=\"vc_column-inner\"><div class=\"wpb_wrapper\"><div class=\"wpb_text_column\"><div class=\"wpb_wrapper\"><h3>1. Zang en traditie<\/h3>\n<p><strong>Ma.:<\/strong> Israel Fern\u00e1ndez<\/p>\n<p><strong>Di.:<\/strong> Rancapino Chico<\/p>\n<p><strong>Wo.:<\/strong> Xerezan\u00edas<\/p>\n<p><strong>Do.:<\/strong> Arc\u00e1ngel<\/p>\n<p><strong>Vr.:<\/strong> Antonio Reyes<\/p>\n<p><strong>Zo.:<\/strong> Jos\u00e9 Merc\u00e9<\/p>\n<p>Dit is de meest directe route voor wie de stem centraal wil stellen in de week.<\/p>\n<\/div><\/div><\/div><\/div><\/div><div class=\"vc_col-sm-3 wpb_column vc_column_container\"><div class=\"vc_column-inner\"><div class=\"wpb_wrapper\"><div class=\"wpb_text_column\"><div class=\"wpb_wrapper\"><h3>2. Gitaar<\/h3>\n<p><strong>Wo.:<\/strong> Jos\u00e9 del Tomate<\/p>\n<p><strong>Vr.:<\/strong> Juan Requena<\/p>\n<p><strong>Za.:<\/strong> Alejandro Hurtado of Ca\u00f1izares<\/p>\n<p><strong>Zo.:<\/strong> Manuel de la Luz &amp; Manuel Im\u00e1n<\/p>\n<p>Vier heel verschillende manieren om naar flamencogitaar te luisteren, van recital tot symfonische bezetting.<\/p>\n<\/div><\/div><\/div><\/div><\/div><div class=\"vc_col-sm-3 wpb_column vc_column_container\"><div class=\"vc_column-inner\"><div class=\"wpb_wrapper\"><div class=\"wpb_text_column\"><div class=\"wpb_wrapper\"><h3>3. Eenmalige avonden<\/h3>\n<p><strong>Di.:<\/strong> Eerbetoon aan Isabel Bay\u00f3n<\/p>\n<p><strong>Do.:<\/strong> Mujeres Gitanas<\/p>\n<p><strong>Vr.:<\/strong> Uvitas negras<\/p>\n<p><strong>Za.:<\/strong> Andaluc\u00eda en el tiempo<\/p>\n<p>Deze route sluit het nauwst aan bij het concept van de Unieke Avonden en het uitzonderlijke karakter van de Bi\u00ebnnale.<\/p>\n<\/div><\/div><\/div><\/div><\/div><div class=\"vc_col-sm-3 wpb_column vc_column_container\"><div class=\"vc_column-inner\"><div class=\"wpb_wrapper\"><div class=\"wpb_text_column\"><div class=\"wpb_wrapper\"><h3>4. Ontdekken<\/h3>\n<p><strong>Ma.:<\/strong> Macarena L\u00f3pez<\/p>\n<p><strong>Vr.:<\/strong> Juan Requena<\/p>\n<p><strong>Za.:<\/strong> Mar\u00eda Mar\u00edn<\/p>\n<p><strong>Zo.:<\/strong> Gala voor jonge flamencoartiesten<\/p>\n<p>Voor wie verder wil kijken dan de bekendste namen en nieuwe stemmen en artistieke talen wil ontdekken.<\/p>\n<\/div><\/div><\/div><\/div><\/div><\/div><\/div><\/div><\/div><\/div><\/div><\/section><section class=\"l-section wpb_row height_huge color_alternate with_shape\"><div class=\"l-section-shape type_zigzag pos_top\" style=\"height:3vmin;\"><svg xmlns=\"http:\/\/www.w3.org\/2000\/svg\" viewBox=\"0 0 64 8\" preserveAspectRatio=\"none\" width=\"100%\" height=\"100%\">\r\n\t<path fill=\"currentColor\" d=\"M64 8 L0 8 L0 0 L20 7.9 L40 3 L48 5 L64 0 Z\"\/>\r\n<\/svg><\/div><div class=\"l-section-shape type_zigzag pos_bottom\" style=\"height:3vmin;\"><svg xmlns=\"http:\/\/www.w3.org\/2000\/svg\" viewBox=\"0 0 64 8\" preserveAspectRatio=\"none\" width=\"100%\" height=\"100%\">\r\n\t<path fill=\"currentColor\" d=\"M64 8 L0 8 L0 0 L20 7.9 L40 3 L48 5 L64 0 Z\"\/>\r\n<\/svg><\/div><div class=\"l-section-h i-cf\"><div class=\"g-cols vc_row via_flex valign_top type_default stacking_default\"><div class=\"vc_col-sm-6 wpb_column vc_column_container\"><div class=\"vc_column-inner\"><div class=\"wpb_wrapper\"><div class=\"wpb_text_column\"><div class=\"wpb_wrapper\"><h2 id=\"perfiles-14-20\">Je eerste Bi\u00ebnnale<\/h2>\n<p>Je hoeft geen encyclopedische week samen te stellen. Voor een eerste kennismaking zouden wij <strong>een grote naam, een erfgoedlocatie en een Unieke Avond<\/strong> combineren. Bijvoorbeeld: Israel Fern\u00e1ndez in het Alc\u00e1zar, een avond op de Muelle de la Sal en Jos\u00e9 Merc\u00e9 in het Maestranza.<\/p>\n<p>Deze drie ervaringen laten al drie heel verschillende schalen van het festival zien: de intimiteit van een historische omgeving, een avondlijke flamencobijeenkomst en een groot theater.<\/p>\n<p>Is een offici\u00eble voorstelling uitverkocht, onthoud dan dat er tijdens de Bi\u00ebnnale ook buiten het festivalprogramma elke avond flamenco te zien is. Onze gids over <a href=\"https:\/\/www.tablaosflamencos.com\/nl\/flamenco-sevilla-biennale-2026-shows-buiten-officieel-programma.html\"><strong>waar je tijdens de Bi\u00ebnnale flamenco kunt zien in Sevilla<\/strong><\/a> bundelt vaste alternatieven.<\/p>\n<\/div><\/div><\/div><\/div><\/div><div class=\"vc_col-sm-6 wpb_column vc_column_container\"><div class=\"vc_column-inner\"><div class=\"wpb_wrapper\"><div class=\"wpb_text_column\"><div class=\"wpb_wrapper\"><h2>Je kent de flamenco al goed<\/h2>\n<p>Deze week biedt precies wat ervaren liefhebbers vaak het meest aanspreekt wanneer ze niet uitsluitend de bekendste affiches willen volgen: moeilijk te herhalen ontmoetingen, kruisbestuiving tussen generaties en vormen die speciaal voor de Bi\u00ebnnale zijn ontwikkeld.<\/p>\n<p><em>Xerezan\u00edas<\/em>, het eerbetoon aan Isabel Bay\u00f3n, de drie avonden die naar de Muelle de la Sal zijn verplaatst, <em>Seis cuerdas, seis<\/em> en <em>Devenir de la guitarra<\/em> zijn goede voorbeelden. In plaats van op bekendheid te kiezen, loont het om te letten op <strong>het unieke karakter<\/strong>: welke voorstelling zou je buiten Sevilla en buiten deze data het moeilijkst opnieuw kunnen zien?<\/p>\n<\/div><\/div><\/div><\/div><\/div><\/div><\/div><\/section><section class=\"l-section wpb_row height_huge\"><div class=\"l-section-h i-cf\"><div class=\"g-cols vc_row via_flex valign_top type_default stacking_default\"><div class=\"vc_col-sm-6 wpb_column vc_column_container\"><div class=\"vc_column-inner\"><div class=\"wpb_wrapper\"><div class=\"wpb_text_column\"><div class=\"wpb_wrapper\"><h2>Voor liefhebbers van dans<\/h2>\n<p>De twee duidelijkste dansvoorstellen van deze week vinden op maandag plaats. Ana Morales brengt <em>Rapsodia. Fantas\u00eda subterr\u00e1nea<\/em> naar de Real F\u00e1brica de Artiller\u00eda en Macarena L\u00f3pez presenteert de premi\u00e8re van <em>Sobre todas las cosas<\/em> in het Teatro Alameda.<\/p>\n<p>Het zijn twee verschillende schalen: een gevestigde maker met een project dat nauw met de locatie verbonden is, en een voorstel van de nieuwe generatie in een intiemer theater. Staat dans centraal in je reis naar de Bi\u00ebnnale, markeer maandag 14 dan vanaf het begin in je agenda.<\/p>\n<p>Vul je selectie aan met onze gids over <a href=\"https:\/\/www.tablaosflamencos.com\/nl\/flamencodans-biennale-sevilla-2026.html\"><strong>dans op de Bi\u00ebnnale 2026<\/strong><\/a>.<\/p>\n<\/div><\/div><\/div><\/div><\/div><div class=\"vc_col-sm-6 wpb_column vc_column_container\"><div class=\"vc_column-inner\"><div class=\"wpb_wrapper\"><div class=\"wpb_text_column\"><div class=\"wpb_wrapper\"><h2>Sevilla ontdekken naast de flamenco<\/h2>\n<p>Het Real Alc\u00e1zar, San Luis de los Franceses, de Muelle de la Sal en de Real F\u00e1brica de Artiller\u00eda maken de locatie zelf tot onderdeel van de ervaring. Een recital in een gewoon theater voelt anders dan een matinee in een barokkerk of een zangavond aan de Guadalquivir. De drie avonden die oorspronkelijk in de oude gemeenschappelijke binnenplaats van Hotel Triana waren gepland, vinden nu plaats op de Muelle de la Sal.<\/p>\n<p>Combineer je erfgoed en de Bi\u00ebnnale tijdens je reis, dan zouden we minstens \u00e9\u00e9n voorstelling op een van deze locaties kiezen. Onze gids over <a href=\"https:\/\/www.tablaosflamencos.com\/nl\/spectaculairste-locaties-flamencobiennale-sevilla-2026.html\"><strong>de spectaculairste locaties van de Bi\u00ebnnale<\/strong><\/a> kan je helpen beslissen.<\/p>\n<\/div><\/div><\/div><\/div><\/div><\/div><\/div><\/section><section class=\"l-section wpb_row height_huge color_alternate with_shape\"><div class=\"l-section-shape type_zigzag pos_top\" style=\"height:3vmin;\"><svg xmlns=\"http:\/\/www.w3.org\/2000\/svg\" viewBox=\"0 0 64 8\" preserveAspectRatio=\"none\" width=\"100%\" height=\"100%\">\r\n\t<path fill=\"currentColor\" d=\"M64 8 L0 8 L0 0 L20 7.9 L40 3 L48 5 L64 0 Z\"\/>\r\n<\/svg><\/div><div class=\"l-section-shape type_zigzag pos_bottom\" style=\"height:3vmin;\"><svg xmlns=\"http:\/\/www.w3.org\/2000\/svg\" viewBox=\"0 0 64 8\" preserveAspectRatio=\"none\" width=\"100%\" height=\"100%\">\r\n\t<path fill=\"currentColor\" d=\"M64 8 L0 8 L0 0 L20 7.9 L40 3 L48 5 L64 0 Z\"\/>\r\n<\/svg><\/div><div class=\"l-section-h i-cf\"><div class=\"g-cols vc_row via_flex valign_top type_default stacking_default\"><div class=\"vc_col-sm-6 wpb_column vc_column_container\"><div class=\"vc_column-inner\"><div class=\"wpb_wrapper\"><div class=\"wpb_text_column\"><div class=\"wpb_wrapper\"><h2 id=\"logistica-14-20\">Welke combinaties zijn redelijk?<\/h2>\n<ul>\n<li><strong>Arc\u00e1ngel 20:00 + Muelle de la Sal 23:00:<\/strong> kan haalbaar zijn als de voorstelling ruim op tijd eindigt en je direct vertrekt.<\/li>\n<li><strong>Antonio Reyes 20:00 + Muelle de la Sal 23:00:<\/strong> in principe mogelijk, maar niet gegarandeerd zonder de werkelijke duur te kennen.<\/li>\n<li><strong>Alejandro Hurtado 12:00 + een avondvoorstelling:<\/strong> een ontspannen en aanbevolen combinatie.<\/li>\n<li><strong>Een vroege voorstelling + Muelle de la Sal 23:00:<\/strong> meestal de logischste opbouw voor donderdag, vrijdag en zaterdag.<\/li>\n<li><strong>Jos\u00e9 Merc\u00e9 20:00 + jongerengala 22:30:<\/strong> kan te krap worden; controleer eerst de duur en de reistijd tussen de locaties.<\/li>\n<\/ul>\n<\/div><\/div><\/div><\/div><\/div><div class=\"vc_col-sm-6 wpb_column vc_column_container\"><div class=\"vc_column-inner\"><div class=\"wpb_wrapper\"><div class=\"wpb_text_column\"><div class=\"wpb_wrapper\"><h2>Welke combinaties zouden we vermijden?<\/h2>\n<ul>\n<li><strong>Israel Fern\u00e1ndez 21:30 + Ana Morales 22:00:<\/strong> niet te combineren.<\/li>\n<li><strong>Ana Morales 22:00 + Macarena L\u00f3pez 22:30:<\/strong> niet te combineren.<\/li>\n<li><strong>Rancapino Chico 21:30 + eerbetoon aan Isabel Bay\u00f3n 22:30:<\/strong> niet aan te raden.<\/li>\n<li><strong>Xerezan\u00edas 21:30 + Jos\u00e9 del Tomate 22:30:<\/strong> niet te combineren.<\/li>\n<li><strong>Juan Requena 19:00 + Antonio Reyes 20:00:<\/strong> niet te combineren.<\/li>\n<li><strong>Mar\u00eda Mar\u00edn 19:00 + Ca\u00f1izares 20:00:<\/strong> niet te combineren.<\/li>\n<li><strong>Manuel de la Luz &amp; Manuel Im\u00e1n 19:00 + Jos\u00e9 Merc\u00e9 20:00:<\/strong> niet te combineren.<\/li>\n<\/ul>\n<p>Bij de Bi\u00ebnnale kun je beter een voorstelling uit je planning schrappen dan in werkelijkheid een halve voorstelling missen. Laat tijd over om rustig naar binnen te gaan, de zaal te verlaten en je te verplaatsen door een stad die ook in september &#8217;s avonds nog volop leeft.<\/p>\n<\/div><\/div><\/div><\/div><\/div><\/div><\/div><\/section><section class=\"l-section wpb_row height_huge\"><div class=\"l-section-h i-cf\"><div class=\"g-cols vc_row via_flex valign_top type_default stacking_default\"><div class=\"vc_col-sm-12 wpb_column vc_column_container\"><div class=\"vc_column-inner\"><div class=\"wpb_wrapper\"><div class=\"wpb_text_column\"><div class=\"wpb_wrapper\"><h2 style=\"text-align: center;\">Onze selectie als je maar vier voorstellingen kunt bezoeken<\/h2>\n<p style=\"text-align: center;\"><strong>Israel Fern\u00e1ndez<\/strong> in het Real Alc\u00e1zar vanwege de combinatie van zang en locatie; <strong>Xerezan\u00edas<\/strong> vanwege de eenmalige bijeenkomst van artiesten uit Jerez; een van de <strong>drie avonden op de Muelle de la Sal<\/strong> vanwege de sfeer en het concept van de Unieke Avond; en <strong>Jos\u00e9 Merc\u00e9<\/strong> in het Teatro de la Maestranza als grootse afsluiting van zondag.<\/p>\n<p style=\"text-align: center;\">Gaat je belangstelling vooral uit naar gitaar, dan zouden we \u00e9\u00e9n of twee van deze keuzes vervangen door <strong>Alejandro Hurtado<\/strong> in San Luis en <strong>Ca\u00f1izares met de ROSS<\/strong>. Zoek je dans, laat maandag dan draaien om <strong>Ana Morales<\/strong> of <strong>Macarena L\u00f3pez<\/strong>.<\/p>\n<\/div><\/div><div class=\"w-separator size_medium\"><\/div><div class=\"w-hwrapper valign_top wrap stack_on_mobiles align_center\" style=\"--hwrapper-gap:1.2rem\"><div class=\"w-btn-wrapper align_none\"><a class=\"w-btn us-btn-style_1\" href=\"https:\/\/www.tablaosflamencos.com\/nl\/flamencobiennale-sevilla\"><span class=\"w-btn-label\">Ontdek de Flamencobi\u00ebnnale 2026<\/span><\/a><\/div><div class=\"w-btn-wrapper align_none\"><a class=\"w-btn us-btn-style_1\" href=\"https:\/\/www.tablaosflamencos.com\/nl\/unieke-avonden-flamenco-biennale-sevilla-2026.html\"><span class=\"w-btn-label\">Unieke Avonden 2026<\/span><\/a><\/div><div class=\"w-btn-wrapper align_none\"><a class=\"w-btn us-btn-style_1\" href=\"https:\/\/www.tablaosflamencos.com\/nl\/flamenco-in-sevilla\"><span class=\"w-btn-label\">Flamenco zien in Sevilla<\/span><\/a><\/div><\/div><\/div><\/div><\/div><\/div><\/div><\/section><section class=\"l-section wpb_row height_huge color_alternate with_shape\"><div class=\"l-section-shape type_zigzag pos_top\" style=\"height:3vmin;\"><svg xmlns=\"http:\/\/www.w3.org\/2000\/svg\" viewBox=\"0 0 64 8\" preserveAspectRatio=\"none\" width=\"100%\" height=\"100%\">\r\n\t<path fill=\"currentColor\" d=\"M64 8 L0 8 L0 0 L20 7.9 L40 3 L48 5 L64 0 Z\"\/>\r\n<\/svg><\/div><div class=\"l-section-shape type_zigzag pos_bottom\" style=\"height:3vmin;\"><svg xmlns=\"http:\/\/www.w3.org\/2000\/svg\" viewBox=\"0 0 64 8\" preserveAspectRatio=\"none\" width=\"100%\" height=\"100%\">\r\n\t<path fill=\"currentColor\" d=\"M64 8 L0 8 L0 0 L20 7.9 L40 3 L48 5 L64 0 Z\"\/>\r\n<\/svg><\/div><div class=\"l-section-h i-cf\"><div class=\"g-cols vc_row via_flex valign_top type_default stacking_default\"><div class=\"vc_col-sm-1\/5 wpb_column vc_column_container\"><div class=\"vc_column-inner\"><div class=\"wpb_wrapper\"><\/div><\/div><\/div><div class=\"vc_col-sm-3\/5 wpb_column vc_column_container\"><div class=\"vc_column-inner\"><div class=\"wpb_wrapper\"><div class=\"wpb_text_column\"><div class=\"wpb_wrapper\"><h2 id=\"faq-14-20\" style=\"text-align: center;\">Veelgestelde vragen over de Bi\u00ebnnale van 14 tot en met 20 september<\/h2>\n<\/div><\/div><div class=\"w-separator size_medium\"><\/div><div class=\"w-tabs accordion toggle_style_1 has_scrolling\" style=\"--sections-title-size:inherit;--sections-gap:0.5rem;\"><div class=\"w-tabs-sections titles-align_none icon_chevron cpos_right\"><div class=\"w-tabs-section\" id=\"db15\"><button type=\"button\" class=\"w-tabs-section-header\" aria-controls=\"content-db15\" aria-expanded=\"false\"><div class=\"w-tabs-section-title\">Hoeveel voorstellingen zijn er op de Bi\u00ebnnale van 14 tot en met 20 september 2026?<\/div><div class=\"w-tabs-section-control\"><\/div><\/button><div  class=\"w-tabs-section-content\" id=\"content-db15\"><div class=\"w-tabs-section-content-h i-cf\"><div class=\"wpb_text_column\"><div class=\"wpb_wrapper\"><p>Het offici\u00eble programma omvat <strong>20 voorstellingen<\/strong> tussen maandag 14 en zondag 20 september, inclusief de twee uitvoeringen van <em>Devenir de la guitarra<\/em> door Alejandro Hurtado en Enrique Solin\u00eds in San Luis de los Franceses.<\/p>\n<\/div><\/div><\/div><\/div><\/div><div class=\"w-tabs-section\" id=\"qc1c\"><button type=\"button\" class=\"w-tabs-section-header\" aria-controls=\"content-qc1c\" aria-expanded=\"false\"><div class=\"w-tabs-section-title\">Wat staat er op maandag 14 september op het programma?<\/div><div class=\"w-tabs-section-control\"><\/div><\/button><div  class=\"w-tabs-section-content\" id=\"content-qc1c\"><div class=\"w-tabs-section-content-h i-cf\"><div class=\"wpb_text_column\"><div class=\"wpb_wrapper\"><p>Op maandag zie je Israel Fern\u00e1ndez met <em>De oro y marfil<\/em> in het Real Alc\u00e1zar om 21:30 uur, Ana Morales met <em>Rapsodia. Fantas\u00eda subterr\u00e1nea<\/em> in de Real F\u00e1brica de Artiller\u00eda om 22:00 uur en Macarena L\u00f3pez met <em>Sobre todas las cosas<\/em> in het Teatro Alameda om 22:30 uur.<\/p>\n<\/div><\/div><\/div><\/div><\/div><div class=\"w-tabs-section\" id=\"qd3b\"><button type=\"button\" class=\"w-tabs-section-header\" aria-controls=\"content-qd3b\" aria-expanded=\"false\"><div class=\"w-tabs-section-title\">Wanneer zijn de avonden die van Hotel Triana naar de Muelle de la Sal zijn verplaatst?<\/div><div class=\"w-tabs-section-control\"><\/div><\/button><div  class=\"w-tabs-section-content\" id=\"content-qd3b\"><div class=\"w-tabs-section-content-h i-cf\"><div class=\"wpb_text_column\"><div class=\"wpb_wrapper\"><p>De Muelle de la Sal ontvangt nu drie opeenvolgende Unieke Avonden, met ongewijzigde data en aanvangstijden: <em>Mujeres Gitanas<\/em> op donderdag 17, <em>Uvitas negras<\/em> op vrijdag 18 en <em>Andaluc\u00eda en el tiempo<\/em> op zaterdag 19, allemaal om 23:00 uur.<\/p>\n<\/div><\/div><\/div><\/div><\/div><div class=\"w-tabs-section\" id=\"fe2c\"><button type=\"button\" class=\"w-tabs-section-header\" aria-controls=\"content-fe2c\" aria-expanded=\"false\"><div class=\"w-tabs-section-title\">Op welke dag zingt Jos\u00e9 Merc\u00e9 op de Bi\u00ebnnale 2026?<\/div><div class=\"w-tabs-section-control\"><\/div><\/button><div  class=\"w-tabs-section-content\" id=\"content-fe2c\"><div class=\"w-tabs-section-content-h i-cf\"><div class=\"wpb_text_column\"><div class=\"wpb_wrapper\"><p>Jos\u00e9 Merc\u00e9 presenteert <em>Toquen a rebato<\/em> op <strong>zondag 20 september 2026 om 20:00 uur<\/strong> in het Teatro de la Maestranza.<\/p>\n<\/div><\/div><\/div><\/div><\/div><div class=\"w-tabs-section\" id=\"sf09\"><button type=\"button\" class=\"w-tabs-section-header\" aria-controls=\"content-sf09\" aria-expanded=\"false\"><div class=\"w-tabs-section-title\">Welke gitaarvoorstellingen vallen deze week op?<\/div><div class=\"w-tabs-section-control\"><\/div><\/button><div  class=\"w-tabs-section-content\" id=\"content-sf09\"><div class=\"w-tabs-section-content-h i-cf\"><div class=\"wpb_text_column\"><div class=\"wpb_wrapper\"><p>Belangrijke gitaarafspraken zijn Jos\u00e9 del Tomate op woensdag 16, Juan Requena op vrijdag 18, Alejandro Hurtado met Enrique Solin\u00eds op zaterdag 19 en zondag 20, Ca\u00f1izares met de Real Orquesta Sinf\u00f3nica de Sevilla op zaterdag 19 en Manuel de la Luz met Manuel Im\u00e1n op zondag 20.<\/p>\n<\/div><\/div><\/div><\/div><\/div><div class=\"w-tabs-section\" id=\"dfda\"><button type=\"button\" class=\"w-tabs-section-header\" aria-controls=\"content-dfda\" aria-expanded=\"false\"><div class=\"w-tabs-section-title\">Zijn er matinees tussen 14 en 20 september?<\/div><div class=\"w-tabs-section-control\"><\/div><\/button><div  class=\"w-tabs-section-content\" id=\"content-dfda\"><div class=\"w-tabs-section-content-h i-cf\"><div class=\"wpb_text_column\"><div class=\"wpb_wrapper\"><p>Ja. Alejandro Hurtado presenteert, met medewerking van Enrique Solin\u00eds, <em>Devenir de la guitarra<\/em> op zaterdag 19 en zondag 20 om 12:00 uur in de kerk van San Luis de los Franceses.<\/p>\n<\/div><\/div><\/div><\/div><\/div><div class=\"w-tabs-section\" id=\"r0b0\"><button type=\"button\" class=\"w-tabs-section-header\" aria-controls=\"content-r0b0\" aria-expanded=\"false\"><div class=\"w-tabs-section-title\">Op welke dag zijn de meeste voorstellingen?<\/div><div class=\"w-tabs-section-control\"><\/div><\/button><div  class=\"w-tabs-section-content\" id=\"content-r0b0\"><div class=\"w-tabs-section-content-h i-cf\"><div class=\"wpb_text_column\"><div class=\"wpb_wrapper\"><p>Zaterdag 19 en zondag 20 hebben elk vier voorstellingen. Op zaterdag zijn die verdeeld over San Luis, Turina, Maestranza en de Muelle de la Sal; op zondag over San Luis, Turina, Maestranza en het Teatro Alameda.<\/p>\n<\/div><\/div><\/div><\/div><\/div><div class=\"w-tabs-section\" id=\"g178\"><button type=\"button\" class=\"w-tabs-section-header\" aria-controls=\"content-g178\" aria-expanded=\"false\"><div class=\"w-tabs-section-title\">Kan ik meerdere voorstellingen op dezelfde dag zien?<\/div><div class=\"w-tabs-section-control\"><\/div><\/button><div  class=\"w-tabs-section-content\" id=\"content-g178\"><div class=\"w-tabs-section-content-h i-cf\"><div class=\"wpb_text_column\"><div class=\"wpb_wrapper\"><p>In sommige gevallen wel, vooral door een matinee te combineren met een avondvoorstelling of een vroeg optreden met de Muelle de la Sal om 23:00 uur. Veel afspraken overlappen echter. We raden af om voorstellingen op verschillende locaties te combineren wanneer hun aanvangstijden maar 30 of 60 minuten uit elkaar liggen.<\/p>\n<\/div><\/div><\/div><\/div><\/div><div class=\"w-tabs-section\" id=\"q246\"><button type=\"button\" class=\"w-tabs-section-header\" aria-controls=\"content-q246\" aria-expanded=\"false\"><div class=\"w-tabs-section-title\">Waar koop je tickets?<\/div><div class=\"w-tabs-section-control\"><\/div><\/button><div  class=\"w-tabs-section-content\" id=\"content-q246\"><div class=\"w-tabs-section-content-h i-cf\"><div class=\"wpb_text_column\"><div class=\"wpb_wrapper\"><p>De veiligste route is het <a href=\"https:\/\/www.labienal.com\/programa-general\" target=\"_blank\" rel=\"noopener\"><strong>offici\u00eble programma van de Bi\u00ebnnale<\/strong><\/a> te openen, naar de pagina van de voorstelling te gaan en het daar vermelde offici\u00eble verkoopkanaal te gebruiken. De beschikbaarheid kan veranderen naarmate de data dichterbij komen.<\/p>\n<\/div><\/div><\/div><\/div><\/div><\/div><\/div><\/div><\/div><\/div><div class=\"vc_col-sm-1\/5 wpb_column vc_column_container\"><div class=\"vc_column-inner\"><div class=\"wpb_wrapper\"><\/div><\/div><\/div><\/div><\/div><\/section>\n","protected":false},"excerpt":{"rendered":"<p>Gids voor de Flamencobi\u00ebnnale Sevilla van 14 tot en met 20 september 2026: het volledige programma, tips per dag, routes en haalbare combinaties.<\/p>\n","protected":false},"author":1,"featured_media":14743,"comment_status":"closed","ping_status":"closed","sticky":false,"template":"","format":"standard","meta":{"_acf_changed":false,"wpai_generated_summary":"","_ayudawp_aiss_exclude":false,"_ayudawp_aiss_exclude_summary":false,"_ayudawp_aiss_summary":"","_ayudawp_aiss_summary_provider":"","_ayudawp_aiss_summary_hash":"","footnotes":""},"categories":[1432],"tags":[1227,1228,1229,1230,1133,423],"class_list":["post-14903","post","type-post","status-publish","format-standard","has-post-thumbnail","hentry","category-flamencobiennale","tag-agenda-flamenca","tag-bienal-2026","tag-bienal-de-flamenco","tag-festivales-flamencos","tag-flamenco-en-sevilla","tag-sevilla"],"acf":[],"yoast_head":"<!-- This site is optimized with the Yoast SEO Premium plugin v28.4 (Yoast SEO v28.4) - https:\/\/yoast.com\/product\/yoast-seo-premium-wordpress\/ -->\n<title>Flamencobi\u00ebnnale Sevilla: 14\u201320 september 2026<\/title>\n<meta name=\"description\" content=\"Wat zie je op de Flamencobi\u00ebnnale Sevilla van 14 tot en met 20 september 2026? Alle 20 voorstellingen, tijden, dagtips en haalbare combinaties.\" \/>\n<meta name=\"robots\" content=\"index, follow, max-snippet:-1, max-image-preview:large, max-video-preview:-1\" \/>\n<link rel=\"canonical\" href=\"https:\/\/www.tablaosflamencos.com\/nl\/flamencobiennale-sevilla-14-20-september-2026.html\" \/>\n<meta property=\"og:locale\" content=\"nl_NL\" \/>\n<meta property=\"og:type\" content=\"article\" \/>\n<meta property=\"og:title\" content=\"Wat te zien op de Flamencobi\u00ebnnale Sevilla van 14 tot en met 20 september 2026\" \/>\n<meta property=\"og:description\" content=\"Wat zie je op de Flamencobi\u00ebnnale Sevilla van 14 tot en met 20 september 2026? Alle 20 voorstellingen, tijden, dagtips en haalbare combinaties.\" \/>\n<meta property=\"og:url\" content=\"https:\/\/www.tablaosflamencos.com\/nl\/flamencobiennale-sevilla-14-20-september-2026.html\" \/>\n<meta property=\"og:site_name\" content=\"Tablaos Flamencos\" \/>\n<meta property=\"article:publisher\" content=\"https:\/\/www.facebook.com\/tablaosflamencos\" \/>\n<meta property=\"article:published_time\" content=\"2026-09-05T11:34:33+00:00\" \/>\n<meta property=\"article:modified_time\" content=\"2026-09-05T13:02:50+00:00\" \/>\n<meta property=\"og:image\" content=\"https:\/\/www.tablaosflamencos.com\/wp-content\/uploads\/que-ver-en-la-bienal-del-14-al-20-de-septiembre-de-2026-01.webp\" \/>\n\t<meta property=\"og:image:width\" content=\"1672\" \/>\n\t<meta property=\"og:image:height\" content=\"941\" \/>\n\t<meta property=\"og:image:type\" content=\"image\/webp\" \/>\n<meta name=\"author\" content=\"Miguel Ortiz\" \/>\n<meta name=\"twitter:card\" content=\"summary_large_image\" \/>\n<meta name=\"twitter:creator\" content=\"@tablaosflamenco\" \/>\n<meta name=\"twitter:site\" content=\"@tablaosflamenco\" \/>\n<meta name=\"twitter:label1\" content=\"Geschreven door\" \/>\n\t<meta name=\"twitter:data1\" content=\"Miguel Ortiz\" \/>\n\t<meta name=\"twitter:label2\" content=\"Geschatte leestijd\" \/>\n\t<meta name=\"twitter:data2\" content=\"26 minuten\" \/>\n<script type=\"application\/ld+json\" class=\"yoast-schema-graph\">{\"@context\":\"https:\\\/\\\/schema.org\",\"@graph\":[{\"@type\":\"Article\",\"@id\":\"https:\\\/\\\/www.tablaosflamencos.com\\\/nl\\\/flamencobiennale-sevilla-14-20-september-2026.html#article\",\"isPartOf\":{\"@id\":\"https:\\\/\\\/www.tablaosflamencos.com\\\/nl\\\/flamencobiennale-sevilla-14-20-september-2026.html\"},\"author\":{\"name\":\"Miguel Ortiz\",\"@id\":\"https:\\\/\\\/www.tablaosflamencos.com\\\/nl#\\\/schema\\\/person\\\/e7a9ebe14eb75a52ceabfbffb3c54f5d\"},\"headline\":\"Wat te zien op de Flamencobi\u00ebnnale Sevilla van 14 tot en met 20 september 2026\",\"datePublished\":\"2026-09-05T11:34:33+00:00\",\"dateModified\":\"2026-09-05T13:02:50+00:00\",\"mainEntityOfPage\":{\"@id\":\"https:\\\/\\\/www.tablaosflamencos.com\\\/nl\\\/flamencobiennale-sevilla-14-20-september-2026.html\"},\"wordCount\":5221,\"publisher\":{\"@id\":\"https:\\\/\\\/www.tablaosflamencos.com\\\/nl#organization\"},\"image\":{\"@id\":\"https:\\\/\\\/www.tablaosflamencos.com\\\/nl\\\/flamencobiennale-sevilla-14-20-september-2026.html#primaryimage\"},\"thumbnailUrl\":\"https:\\\/\\\/www.tablaosflamencos.com\\\/wp-content\\\/uploads\\\/que-ver-en-la-bienal-del-14-al-20-de-septiembre-de-2026-01.webp\",\"keywords\":[\"agenda flamenca\",\"Bienal 2026\",\"Bienal de Flamenco\",\"festivales flamencos\",\"flamenco en Sevilla\",\"sevilla\"],\"articleSection\":[\"Flamencobi\u00ebnnale\"],\"inLanguage\":\"nl-NL\"},{\"@type\":\"WebPage\",\"@id\":\"https:\\\/\\\/www.tablaosflamencos.com\\\/nl\\\/flamencobiennale-sevilla-14-20-september-2026.html\",\"url\":\"https:\\\/\\\/www.tablaosflamencos.com\\\/nl\\\/flamencobiennale-sevilla-14-20-september-2026.html\",\"name\":\"Flamencobi\u00ebnnale Sevilla: 14\u201320 september 2026\",\"isPartOf\":{\"@id\":\"https:\\\/\\\/www.tablaosflamencos.com\\\/nl#website\"},\"primaryImageOfPage\":{\"@id\":\"https:\\\/\\\/www.tablaosflamencos.com\\\/nl\\\/flamencobiennale-sevilla-14-20-september-2026.html#primaryimage\"},\"image\":{\"@id\":\"https:\\\/\\\/www.tablaosflamencos.com\\\/nl\\\/flamencobiennale-sevilla-14-20-september-2026.html#primaryimage\"},\"thumbnailUrl\":\"https:\\\/\\\/www.tablaosflamencos.com\\\/wp-content\\\/uploads\\\/que-ver-en-la-bienal-del-14-al-20-de-septiembre-de-2026-01.webp\",\"datePublished\":\"2026-09-05T11:34:33+00:00\",\"dateModified\":\"2026-09-05T13:02:50+00:00\",\"description\":\"Wat zie je op de Flamencobi\u00ebnnale Sevilla van 14 tot en met 20 september 2026? Alle 20 voorstellingen, tijden, dagtips en haalbare combinaties.\",\"breadcrumb\":{\"@id\":\"https:\\\/\\\/www.tablaosflamencos.com\\\/nl\\\/flamencobiennale-sevilla-14-20-september-2026.html#breadcrumb\"},\"inLanguage\":\"nl-NL\",\"potentialAction\":[{\"@type\":\"ReadAction\",\"target\":[\"https:\\\/\\\/www.tablaosflamencos.com\\\/nl\\\/flamencobiennale-sevilla-14-20-september-2026.html\"]}]},{\"@type\":\"ImageObject\",\"inLanguage\":\"nl-NL\",\"@id\":\"https:\\\/\\\/www.tablaosflamencos.com\\\/nl\\\/flamencobiennale-sevilla-14-20-september-2026.html#primaryimage\",\"url\":\"https:\\\/\\\/www.tablaosflamencos.com\\\/wp-content\\\/uploads\\\/que-ver-en-la-bienal-del-14-al-20-de-septiembre-de-2026-01.webp\",\"contentUrl\":\"https:\\\/\\\/www.tablaosflamencos.com\\\/wp-content\\\/uploads\\\/que-ver-en-la-bienal-del-14-al-20-de-septiembre-de-2026-01.webp\",\"width\":1672,\"height\":941,\"caption\":\"Qu\u00e9 ver en la Bienal del 14 al 20 de septiembre de 2026\"},{\"@type\":\"BreadcrumbList\",\"@id\":\"https:\\\/\\\/www.tablaosflamencos.com\\\/nl\\\/flamencobiennale-sevilla-14-20-september-2026.html#breadcrumb\",\"itemListElement\":[{\"@type\":\"ListItem\",\"position\":1,\"name\":\"Home\",\"item\":\"https:\\\/\\\/www.tablaosflamencos.com\\\/nl\"},{\"@type\":\"ListItem\",\"position\":2,\"name\":\"Wat te zien op de Flamencobi\u00ebnnale Sevilla van 14 tot en met 20 september 2026\"}]},{\"@type\":\"WebSite\",\"@id\":\"https:\\\/\\\/www.tablaosflamencos.com\\\/nl#website\",\"url\":\"https:\\\/\\\/www.tablaosflamencos.com\\\/nl\",\"name\":\"Tablaos Flamencos\",\"description\":\"Entradas para tablaos flamencos de Espa\u00f1a\",\"publisher\":{\"@id\":\"https:\\\/\\\/www.tablaosflamencos.com\\\/nl#organization\"},\"alternateName\":\"Tablaos Flamencos\",\"potentialAction\":[{\"@type\":\"SearchAction\",\"target\":{\"@type\":\"EntryPoint\",\"urlTemplate\":\"https:\\\/\\\/www.tablaosflamencos.com\\\/nl?s={search_term_string}\"},\"query-input\":{\"@type\":\"PropertyValueSpecification\",\"valueRequired\":true,\"valueName\":\"search_term_string\"}}],\"inLanguage\":\"nl-NL\"},{\"@type\":[\"Organization\",\"Place\",\"EntertainmentBusiness\"],\"@id\":\"https:\\\/\\\/www.tablaosflamencos.com\\\/nl#organization\",\"name\":\"Tablaos Flamencos\",\"alternateName\":\"Tablaos Flamencos\",\"url\":\"https:\\\/\\\/www.tablaosflamencos.com\\\/nl\",\"logo\":{\"@id\":\"https:\\\/\\\/www.tablaosflamencos.com\\\/nl\\\/flamencobiennale-sevilla-14-20-september-2026.html#local-main-organization-logo\"},\"image\":{\"@id\":\"https:\\\/\\\/www.tablaosflamencos.com\\\/nl\\\/flamencobiennale-sevilla-14-20-september-2026.html#local-main-organization-logo\"},\"sameAs\":[\"https:\\\/\\\/www.facebook.com\\\/tablaosflamencos\",\"https:\\\/\\\/x.com\\\/tablaosflamenco\",\"https:\\\/\\\/mastodon.social\\\/@tablaosflamencos\",\"https:\\\/\\\/www.instagram.com\\\/tablaosflamencos\",\"https:\\\/\\\/tiktok.com\\\/@tablaosflamencos\",\"https:\\\/\\\/www.linkedin.com\\\/company\\\/109408238\\\/\"],\"description\":\"Venta de entradas para espect\u00e1culos flamencos\",\"legalName\":\"Tablaos Flamencos\",\"foundingDate\":\"2015-01-01\",\"numberOfEmployees\":{\"@type\":\"QuantitativeValue\",\"minValue\":\"1\",\"maxValue\":\"10\"},\"address\":{\"@id\":\"https:\\\/\\\/www.tablaosflamencos.com\\\/nl\\\/flamencobiennale-sevilla-14-20-september-2026.html#local-main-place-address\"},\"geo\":{\"@type\":\"GeoCoordinates\",\"latitude\":\"37.3868072\",\"longitude\":\"-5.993280299999999\"},\"telephone\":[\"+34623787787\"],\"contactPoint\":{\"@type\":\"ContactPoint\",\"telephone\":\"+34623787787\",\"email\":\"info@tablaosflamencos.com\"},\"openingHoursSpecification\":{\"@type\":\"OpeningHoursSpecification\",\"dayOfWeek\":[\"Monday\",\"Tuesday\",\"Wednesday\",\"Thursday\",\"Friday\",\"Saturday\",\"Sunday\"],\"opens\":\"00:00\",\"closes\":\"23:59\"},\"email\":\"info@tablaosflamencos.com\",\"priceRange\":\"$$$\",\"currenciesAccepted\":\"\u20ac\"},{\"@type\":\"Person\",\"@id\":\"https:\\\/\\\/www.tablaosflamencos.com\\\/nl#\\\/schema\\\/person\\\/e7a9ebe14eb75a52ceabfbffb3c54f5d\",\"name\":\"Miguel Ortiz\",\"description\":\"Miguel Ortiz es un empresario flamenco, con una s\u00f3lida trayectoria dentro del sector. Ha presidido entidades culturales vinculadas al flamenco y, cuenta con un amplio recorrido profesional en la gesti\u00f3n y promoci\u00f3n de espect\u00e1culos y tablaos flamencos. Su pasi\u00f3n por la historia y el arte flamenco se refleja en cada art\u00edculo, donde combina experiencia, criterio y un profundo respeto por la tradici\u00f3n.\",\"sameAs\":[\"https:\\\/\\\/www.tablaosflamencos.com\",\"https:\\\/\\\/www.instagra.com\\\/miguelortizfe\",\"https:\\\/\\\/www.linkedin.com\\\/in\\\/miguelortizf\\\/\"],\"birthDate\":\"1984-11-22\",\"gender\":\"hombre\",\"knowsLanguage\":[\"espa\u00f1ol\",\"ingl\u00e9s\"],\"jobTitle\":\"Empresario flamenco\"},{\"@type\":\"PostalAddress\",\"@id\":\"https:\\\/\\\/www.tablaosflamencos.com\\\/nl\\\/flamencobiennale-sevilla-14-20-september-2026.html#local-main-place-address\",\"streetAddress\":\"C\\\/ Alemanes, 19\",\"addressLocality\":\"Sevilla\",\"postalCode\":\"41004\",\"addressRegion\":\"Sevilla\",\"addressCountry\":\"ES\"},{\"@type\":\"ImageObject\",\"inLanguage\":\"nl-NL\",\"@id\":\"https:\\\/\\\/www.tablaosflamencos.com\\\/nl\\\/flamencobiennale-sevilla-14-20-september-2026.html#local-main-organization-logo\",\"url\":\"https:\\\/\\\/www.tablaosflamencos.com\\\/wp-content\\\/uploads\\\/tablaos-flamencos-06-3.webp\",\"contentUrl\":\"https:\\\/\\\/www.tablaosflamencos.com\\\/wp-content\\\/uploads\\\/tablaos-flamencos-06-3.webp\",\"width\":600,\"height\":620,\"caption\":\"Tablaos Flamencos\"}]}<\/script>\n<meta name=\"geo.placename\" content=\"Sevilla\" \/>\n<meta name=\"geo.position\" content=\"37.3868072;-5.993280299999999\" \/>\n<meta name=\"geo.region\" content=\"Spanje\" \/>\n<!-- \/ Yoast SEO Premium plugin. -->","yoast_head_json":{"title":"Flamencobi\u00ebnnale Sevilla: 14\u201320 september 2026","description":"Wat zie je op de Flamencobi\u00ebnnale Sevilla van 14 tot en met 20 september 2026? Alle 20 voorstellingen, tijden, dagtips en haalbare combinaties.","robots":{"index":"index","follow":"follow","max-snippet":"max-snippet:-1","max-image-preview":"max-image-preview:large","max-video-preview":"max-video-preview:-1"},"canonical":"https:\/\/www.tablaosflamencos.com\/nl\/flamencobiennale-sevilla-14-20-september-2026.html","og_locale":"nl_NL","og_type":"article","og_title":"Wat te zien op de Flamencobi\u00ebnnale Sevilla van 14 tot en met 20 september 2026","og_description":"Wat zie je op de Flamencobi\u00ebnnale Sevilla van 14 tot en met 20 september 2026? Alle 20 voorstellingen, tijden, dagtips en haalbare combinaties.","og_url":"https:\/\/www.tablaosflamencos.com\/nl\/flamencobiennale-sevilla-14-20-september-2026.html","og_site_name":"Tablaos Flamencos","article_publisher":"https:\/\/www.facebook.com\/tablaosflamencos","article_published_time":"2026-09-05T11:34:33+00:00","article_modified_time":"2026-09-05T13:02:50+00:00","og_image":[{"width":1672,"height":941,"url":"https:\/\/www.tablaosflamencos.com\/wp-content\/uploads\/que-ver-en-la-bienal-del-14-al-20-de-septiembre-de-2026-01.webp","type":"image\/webp"}],"author":"Miguel Ortiz","twitter_card":"summary_large_image","twitter_creator":"@tablaosflamenco","twitter_site":"@tablaosflamenco","twitter_misc":{"Geschreven door":"Miguel Ortiz","Geschatte leestijd":"26 minuten"},"schema":{"@context":"https:\/\/schema.org","@graph":[{"@type":"Article","@id":"https:\/\/www.tablaosflamencos.com\/nl\/flamencobiennale-sevilla-14-20-september-2026.html#article","isPartOf":{"@id":"https:\/\/www.tablaosflamencos.com\/nl\/flamencobiennale-sevilla-14-20-september-2026.html"},"author":{"name":"Miguel Ortiz","@id":"https:\/\/www.tablaosflamencos.com\/nl#\/schema\/person\/e7a9ebe14eb75a52ceabfbffb3c54f5d"},"headline":"Wat te zien op de Flamencobi\u00ebnnale Sevilla van 14 tot en met 20 september 2026","datePublished":"2026-09-05T11:34:33+00:00","dateModified":"2026-09-05T13:02:50+00:00","mainEntityOfPage":{"@id":"https:\/\/www.tablaosflamencos.com\/nl\/flamencobiennale-sevilla-14-20-september-2026.html"},"wordCount":5221,"publisher":{"@id":"https:\/\/www.tablaosflamencos.com\/nl#organization"},"image":{"@id":"https:\/\/www.tablaosflamencos.com\/nl\/flamencobiennale-sevilla-14-20-september-2026.html#primaryimage"},"thumbnailUrl":"https:\/\/www.tablaosflamencos.com\/wp-content\/uploads\/que-ver-en-la-bienal-del-14-al-20-de-septiembre-de-2026-01.webp","keywords":["agenda flamenca","Bienal 2026","Bienal de Flamenco","festivales flamencos","flamenco en Sevilla","sevilla"],"articleSection":["Flamencobi\u00ebnnale"],"inLanguage":"nl-NL"},{"@type":"WebPage","@id":"https:\/\/www.tablaosflamencos.com\/nl\/flamencobiennale-sevilla-14-20-september-2026.html","url":"https:\/\/www.tablaosflamencos.com\/nl\/flamencobiennale-sevilla-14-20-september-2026.html","name":"Flamencobi\u00ebnnale Sevilla: 14\u201320 september 2026","isPartOf":{"@id":"https:\/\/www.tablaosflamencos.com\/nl#website"},"primaryImageOfPage":{"@id":"https:\/\/www.tablaosflamencos.com\/nl\/flamencobiennale-sevilla-14-20-september-2026.html#primaryimage"},"image":{"@id":"https:\/\/www.tablaosflamencos.com\/nl\/flamencobiennale-sevilla-14-20-september-2026.html#primaryimage"},"thumbnailUrl":"https:\/\/www.tablaosflamencos.com\/wp-content\/uploads\/que-ver-en-la-bienal-del-14-al-20-de-septiembre-de-2026-01.webp","datePublished":"2026-09-05T11:34:33+00:00","dateModified":"2026-09-05T13:02:50+00:00","description":"Wat zie je op de Flamencobi\u00ebnnale Sevilla van 14 tot en met 20 september 2026? Alle 20 voorstellingen, tijden, dagtips en haalbare combinaties.","breadcrumb":{"@id":"https:\/\/www.tablaosflamencos.com\/nl\/flamencobiennale-sevilla-14-20-september-2026.html#breadcrumb"},"inLanguage":"nl-NL","potentialAction":[{"@type":"ReadAction","target":["https:\/\/www.tablaosflamencos.com\/nl\/flamencobiennale-sevilla-14-20-september-2026.html"]}]},{"@type":"ImageObject","inLanguage":"nl-NL","@id":"https:\/\/www.tablaosflamencos.com\/nl\/flamencobiennale-sevilla-14-20-september-2026.html#primaryimage","url":"https:\/\/www.tablaosflamencos.com\/wp-content\/uploads\/que-ver-en-la-bienal-del-14-al-20-de-septiembre-de-2026-01.webp","contentUrl":"https:\/\/www.tablaosflamencos.com\/wp-content\/uploads\/que-ver-en-la-bienal-del-14-al-20-de-septiembre-de-2026-01.webp","width":1672,"height":941,"caption":"Qu\u00e9 ver en la Bienal del 14 al 20 de septiembre de 2026"},{"@type":"BreadcrumbList","@id":"https:\/\/www.tablaosflamencos.com\/nl\/flamencobiennale-sevilla-14-20-september-2026.html#breadcrumb","itemListElement":[{"@type":"ListItem","position":1,"name":"Home","item":"https:\/\/www.tablaosflamencos.com\/nl"},{"@type":"ListItem","position":2,"name":"Wat te zien op de Flamencobi\u00ebnnale Sevilla van 14 tot en met 20 september 2026"}]},{"@type":"WebSite","@id":"https:\/\/www.tablaosflamencos.com\/nl#website","url":"https:\/\/www.tablaosflamencos.com\/nl","name":"Tablaos Flamencos","description":"Entradas para tablaos flamencos de Espa\u00f1a","publisher":{"@id":"https:\/\/www.tablaosflamencos.com\/nl#organization"},"alternateName":"Tablaos Flamencos","potentialAction":[{"@type":"SearchAction","target":{"@type":"EntryPoint","urlTemplate":"https:\/\/www.tablaosflamencos.com\/nl?s={search_term_string}"},"query-input":{"@type":"PropertyValueSpecification","valueRequired":true,"valueName":"search_term_string"}}],"inLanguage":"nl-NL"},{"@type":["Organization","Place","EntertainmentBusiness"],"@id":"https:\/\/www.tablaosflamencos.com\/nl#organization","name":"Tablaos Flamencos","alternateName":"Tablaos Flamencos","url":"https:\/\/www.tablaosflamencos.com\/nl","logo":{"@id":"https:\/\/www.tablaosflamencos.com\/nl\/flamencobiennale-sevilla-14-20-september-2026.html#local-main-organization-logo"},"image":{"@id":"https:\/\/www.tablaosflamencos.com\/nl\/flamencobiennale-sevilla-14-20-september-2026.html#local-main-organization-logo"},"sameAs":["https:\/\/www.facebook.com\/tablaosflamencos","https:\/\/x.com\/tablaosflamenco","https:\/\/mastodon.social\/@tablaosflamencos","https:\/\/www.instagram.com\/tablaosflamencos","https:\/\/tiktok.com\/@tablaosflamencos","https:\/\/www.linkedin.com\/company\/109408238\/"],"description":"Venta de entradas para espect\u00e1culos flamencos","legalName":"Tablaos Flamencos","foundingDate":"2015-01-01","numberOfEmployees":{"@type":"QuantitativeValue","minValue":"1","maxValue":"10"},"address":{"@id":"https:\/\/www.tablaosflamencos.com\/nl\/flamencobiennale-sevilla-14-20-september-2026.html#local-main-place-address"},"geo":{"@type":"GeoCoordinates","latitude":"37.3868072","longitude":"-5.993280299999999"},"telephone":["+34623787787"],"contactPoint":{"@type":"ContactPoint","telephone":"+34623787787","email":"info@tablaosflamencos.com"},"openingHoursSpecification":{"@type":"OpeningHoursSpecification","dayOfWeek":["Monday","Tuesday","Wednesday","Thursday","Friday","Saturday","Sunday"],"opens":"00:00","closes":"23:59"},"email":"info@tablaosflamencos.com","priceRange":"$$$","currenciesAccepted":"\u20ac"},{"@type":"Person","@id":"https:\/\/www.tablaosflamencos.com\/nl#\/schema\/person\/e7a9ebe14eb75a52ceabfbffb3c54f5d","name":"Miguel Ortiz","description":"Miguel Ortiz es un empresario flamenco, con una s\u00f3lida trayectoria dentro del sector. Ha presidido entidades culturales vinculadas al flamenco y, cuenta con un amplio recorrido profesional en la gesti\u00f3n y promoci\u00f3n de espect\u00e1culos y tablaos flamencos. Su pasi\u00f3n por la historia y el arte flamenco se refleja en cada art\u00edculo, donde combina experiencia, criterio y un profundo respeto por la tradici\u00f3n.","sameAs":["https:\/\/www.tablaosflamencos.com","https:\/\/www.instagra.com\/miguelortizfe","https:\/\/www.linkedin.com\/in\/miguelortizf\/"],"birthDate":"1984-11-22","gender":"hombre","knowsLanguage":["espa\u00f1ol","ingl\u00e9s"],"jobTitle":"Empresario flamenco"},{"@type":"PostalAddress","@id":"https:\/\/www.tablaosflamencos.com\/nl\/flamencobiennale-sevilla-14-20-september-2026.html#local-main-place-address","streetAddress":"C\/ Alemanes, 19","addressLocality":"Sevilla","postalCode":"41004","addressRegion":"Sevilla","addressCountry":"ES"},{"@type":"ImageObject","inLanguage":"nl-NL","@id":"https:\/\/www.tablaosflamencos.com\/nl\/flamencobiennale-sevilla-14-20-september-2026.html#local-main-organization-logo","url":"https:\/\/www.tablaosflamencos.com\/wp-content\/uploads\/tablaos-flamencos-06-3.webp","contentUrl":"https:\/\/www.tablaosflamencos.com\/wp-content\/uploads\/tablaos-flamencos-06-3.webp","width":600,"height":620,"caption":"Tablaos Flamencos"}]},"geo.placename":"Sevilla","geo.position":{"lat":"37.3868072","long":"-5.993280299999999"},"geo.region":"Spanje"},"_links":{"self":[{"href":"https:\/\/www.tablaosflamencos.com\/nl\/wp-json\/wp\/v2\/posts\/14903","targetHints":{"allow":["GET"]}}],"collection":[{"href":"https:\/\/www.tablaosflamencos.com\/nl\/wp-json\/wp\/v2\/posts"}],"about":[{"href":"https:\/\/www.tablaosflamencos.com\/nl\/wp-json\/wp\/v2\/types\/post"}],"author":[{"embeddable":true,"href":"https:\/\/www.tablaosflamencos.com\/nl\/wp-json\/wp\/v2\/users\/1"}],"replies":[{"embeddable":true,"href":"https:\/\/www.tablaosflamencos.com\/nl\/wp-json\/wp\/v2\/comments?post=14903"}],"version-history":[{"count":2,"href":"https:\/\/www.tablaosflamencos.com\/nl\/wp-json\/wp\/v2\/posts\/14903\/revisions"}],"predecessor-version":[{"id":14915,"href":"https:\/\/www.tablaosflamencos.com\/nl\/wp-json\/wp\/v2\/posts\/14903\/revisions\/14915"}],"wp:featuredmedia":[{"embeddable":true,"href":"https:\/\/www.tablaosflamencos.com\/nl\/wp-json\/wp\/v2\/media\/14743"}],"wp:attachment":[{"href":"https:\/\/www.tablaosflamencos.com\/nl\/wp-json\/wp\/v2\/media?parent=14903"}],"wp:term":[{"taxonomy":"category","embeddable":true,"href":"https:\/\/www.tablaosflamencos.com\/nl\/wp-json\/wp\/v2\/categories?post=14903"},{"taxonomy":"post_tag","embeddable":true,"href":"https:\/\/www.tablaosflamencos.com\/nl\/wp-json\/wp\/v2\/tags?post=14903"}],"curies":[{"name":"wp","href":"https:\/\/api.w.org\/{rel}","templated":true}]}}