{"id":14880,"date":"2026-09-05T14:14:08","date_gmt":"2026-09-05T12:14:08","guid":{"rendered":"https:\/\/www.tablaosflamencos.com\/?p=14880"},"modified":"2026-09-05T14:41:20","modified_gmt":"2026-09-05T12:41:20","slug":"andalusisch-pena-circuit-sevilla-2026","status":"publish","type":"post","link":"https:\/\/www.tablaosflamencos.com\/nl\/andalusisch-pena-circuit-sevilla-2026.html","title":{"rendered":"Andalusisch Pe\u00f1a-circuit in Sevilla 2026: programma, artiesten en gratis flamencorecitals"},"content":{"rendered":"<section class=\"l-section wpb_row height_huge\"><div class=\"l-section-h i-cf\"><div class=\"g-cols vc_row via_flex valign_middle type_default stacking_default\"><div class=\"vc_col-sm-6 wpb_column vc_column_container\"><div class=\"vc_column-inner\"><div class=\"wpb_wrapper\"><div class=\"wpb_text_column\"><div class=\"wpb_wrapper\"><h2>56 data om de flamencocultuur van de pe\u00f1as in Sevilla te ontdekken<\/h2>\n<p>Het <strong>Andalusische Pe\u00f1a-circuit in Sevilla 2026<\/strong> maakt van de provincie een grote route langs gratis flamencorecitals. Het programma omvat <strong>56 optredens in evenveel pe\u00f1as in 41 plaatsen<\/strong>: 53 zangrecitals, twee dansoptredens en \u00e9\u00e9n gitaarrecital. De reeks begon in juni en kent haar drukste periode tussen september en oktober.<\/p>\n<p>De editie in Sevilla herdenkt de <strong>50e verjaardag van <em>Persecuci\u00f3n<\/em><\/strong>, het album van Juan Pe\u00f1a \u00abEl Lebrijano\u00bb dat in 1976 verscheen met teksten van F\u00e9lix Grande. De opdracht verbindt het huidige programma met een sleutelwerk om het geheugen, de identiteit en de verhalende kracht van de hedendaagse flamenco te begrijpen.<\/p>\n<p>Deze gids bundelt het gedetailleerde programma voor september en oktober, de artiesten, de organiserende pe\u00f1as, de gemeenten en praktische informatie voor een bezoek. De toegang is gratis zolang er plaats is, maar het is verstandig elke voorstelling v\u00f3\u00f3r vertrek te bevestigen.<\/p>\n<\/div><\/div><\/div><\/div><\/div><div class=\"vc_col-sm-6 wpb_column vc_column_container\"><div class=\"vc_column-inner\"><div class=\"wpb_wrapper\"><div class=\"w-image us_custom_c9d916e8 has_aspect_ratio align_center\"><div class=\"w-image-h\"><img fetchpriority=\"high\" decoding=\"async\" width=\"1024\" height=\"683\" src=\"https:\/\/www.tablaosflamencos.com\/wp-content\/uploads\/circuito-andaluz-de-penas-2026-225-recitales-de-flamenco-gratis-por-toda-andalucia-01-1-1024x683.webp\" class=\"attachment-large size-large\" alt=\"Circuito Andaluz de Pe\u00f1as en Sevilla 2026: calendario, artistas y recitales gratuitos\" loading=\"eager\" srcset=\"https:\/\/www.tablaosflamencos.com\/wp-content\/uploads\/circuito-andaluz-de-penas-2026-225-recitales-de-flamenco-gratis-por-toda-andalucia-01-1-1024x683.webp 1024w, https:\/\/www.tablaosflamencos.com\/wp-content\/uploads\/circuito-andaluz-de-penas-2026-225-recitales-de-flamenco-gratis-por-toda-andalucia-01-1-300x200.webp 300w, https:\/\/www.tablaosflamencos.com\/wp-content\/uploads\/circuito-andaluz-de-penas-2026-225-recitales-de-flamenco-gratis-por-toda-andalucia-01-1-600x400.webp 600w, https:\/\/www.tablaosflamencos.com\/wp-content\/uploads\/circuito-andaluz-de-penas-2026-225-recitales-de-flamenco-gratis-por-toda-andalucia-01-1-150x100.webp 150w, https:\/\/www.tablaosflamencos.com\/wp-content\/uploads\/circuito-andaluz-de-penas-2026-225-recitales-de-flamenco-gratis-por-toda-andalucia-01-1.webp 1536w\" sizes=\"auto, (max-width: 1024px) 100vw, 1024px\" \/><\/div><\/div><\/div><\/div><\/div><\/div><\/div><\/section><section class=\"l-section wpb_row height_huge\"><div class=\"l-section-h i-cf\"><div class=\"g-cols vc_row via_flex valign_middle type_default stacking_default\"><div class=\"vc_col-sm-12 wpb_column vc_column_container\"><div class=\"vc_column-inner\"><div class=\"wpb_wrapper\"><div class=\"w-image align_center\"><div class=\"w-image-h\"><img decoding=\"async\" width=\"819\" height=\"1024\" src=\"https:\/\/www.tablaosflamencos.com\/wp-content\/uploads\/circuito-andaluz-de-penas-en-sevilla-2026-calendario-artistas-y-recitales-gratuitos-01-1.webp\" class=\"attachment-large size-large\" alt=\"Circuito Andaluz de Pe\u00f1as en Sevilla 2026: calendario, artistas y recitales gratuitos\" loading=\"eager\" srcset=\"https:\/\/www.tablaosflamencos.com\/wp-content\/uploads\/circuito-andaluz-de-penas-en-sevilla-2026-calendario-artistas-y-recitales-gratuitos-01-1.webp 819w, https:\/\/www.tablaosflamencos.com\/wp-content\/uploads\/circuito-andaluz-de-penas-en-sevilla-2026-calendario-artistas-y-recitales-gratuitos-01-1-240x300.webp 240w, https:\/\/www.tablaosflamencos.com\/wp-content\/uploads\/circuito-andaluz-de-penas-en-sevilla-2026-calendario-artistas-y-recitales-gratuitos-01-1-480x600.webp 480w, https:\/\/www.tablaosflamencos.com\/wp-content\/uploads\/circuito-andaluz-de-penas-en-sevilla-2026-calendario-artistas-y-recitales-gratuitos-01-1-120x150.webp 120w\" sizes=\"auto, (max-width: 819px) 100vw, 819px\" \/><\/div><\/div><\/div><\/div><\/div><\/div><\/div><\/section><section class=\"l-section wpb_row height_huge color_alternate with_shape\"><div class=\"l-section-shape type_zigzag pos_top hor_flip\" style=\"height:3vmin;\"><svg xmlns=\"http:\/\/www.w3.org\/2000\/svg\" viewBox=\"0 0 64 8\" preserveAspectRatio=\"none\" width=\"100%\" height=\"100%\">\r\n\t<path fill=\"currentColor\" d=\"M64 8 L0 8 L0 0 L20 7.9 L40 3 L48 5 L64 0 Z\"\/>\r\n<\/svg><\/div><div class=\"l-section-shape type_zigzag pos_bottom\" style=\"height:3vmin;\"><svg xmlns=\"http:\/\/www.w3.org\/2000\/svg\" viewBox=\"0 0 64 8\" preserveAspectRatio=\"none\" width=\"100%\" height=\"100%\">\r\n\t<path fill=\"currentColor\" d=\"M64 8 L0 8 L0 0 L20 7.9 L40 3 L48 5 L64 0 Z\"\/>\r\n<\/svg><\/div><div class=\"l-section-h i-cf\"><div class=\"g-cols vc_row via_flex valign_middle type_default stacking_default\"><div class=\"vc_col-sm-6 wpb_column vc_column_container\"><div class=\"vc_column-inner\"><div class=\"wpb_wrapper\"><div class=\"wpb_text_column\"><div class=\"wpb_wrapper\"><h2>Kort antwoord<\/h2>\n<p>Het circuit programmeert in Sevilla <strong>56 gratis optredens<\/strong> in 41 plaatsen: 53 zangrecitals, twee dansoptredens en \u00e9\u00e9n gitaarrecital. Na twaalf voorstellingen in juni vermeldt de offici\u00eble agenda 44 optredens van 2 september tot en met 31 oktober. De toegang is gratis zolang er plaats is en de aanvangstijd moet v\u00f3\u00f3r vertrek bij de pe\u00f1a worden gecontroleerd.<\/p>\n<\/div><\/div><\/div><\/div><\/div><div class=\"vc_col-sm-6 wpb_column vc_column_container\"><div class=\"vc_column-inner\"><div class=\"wpb_wrapper\"><div class=\"wpb_text_column\"><div class=\"wpb_wrapper\"><h3>Belangrijkste gegevens<\/h3>\n<ul>\n<li><strong>Totaal:<\/strong> 56 optredens.<\/li>\n<li><strong>Plaatsen:<\/strong> 41.<\/li>\n<li><strong>Disciplines:<\/strong> 53 zang, 2 dans en 1 gitaar.<\/li>\n<li><strong>Prijs:<\/strong> gratis zolang er plaats is.<\/li>\n<li><strong>Organisatie:<\/strong> Andalusisch Flamenco-instituut en de Provinciale Federatie van Flamenco-organisaties van Sevilla.<\/li>\n<\/ul>\n<\/div><\/div><\/div><\/div><\/div><\/div><\/div><\/section><section class=\"l-section wpb_row height_huge\"><div class=\"l-section-h i-cf\"><div class=\"g-cols vc_row via_flex valign_middle type_default stacking_default\"><div class=\"vc_col-sm-6 wpb_column vc_column_container\"><div class=\"vc_column-inner\"><div class=\"wpb_wrapper\"><div class=\"wpb_text_column\"><div class=\"wpb_wrapper\"><h2>Inhoud van deze gids<\/h2>\n<ul>\n<li><a href=\"#datos-clave\">Kerngegevens van het circuit in Sevilla<\/a><\/li>\n<li><a href=\"#septiembre\">Programma september<\/a><\/li>\n<li><a href=\"#octubre\">Programma oktober<\/a><\/li>\n<li><a href=\"#capital\">Recitals in de stad Sevilla<\/a><\/li>\n<li><a href=\"#artistas\">Artiesten en disciplines<\/a><\/li>\n<\/ul>\n<\/div><\/div><\/div><\/div><\/div><div class=\"vc_col-sm-6 wpb_column vc_column_container\"><div class=\"vc_column-inner\"><div class=\"wpb_wrapper\"><div class=\"wpb_text_column\"><div class=\"wpb_wrapper\"><ul>\n<li><a href=\"#persecucion\">Hommage aan <em>Persecuci\u00f3n<\/em><\/a><\/li>\n<li><a href=\"#acceso\">Toegang tot de gratis recitals<\/a><\/li>\n<li><a href=\"#ruta\">Route door de provincie<\/a><\/li>\n<li><a href=\"#fuentes\">Waar wijzigingen te controleren<\/a><\/li>\n<li><a href=\"#faq\">Veelgestelde vragen<\/a><\/li>\n<\/ul>\n<\/div><\/div><\/div><\/div><\/div><\/div><\/div><\/section><section class=\"l-section wpb_row height_huge color_alternate with_shape\"><div class=\"l-section-shape type_zigzag pos_top hor_flip\" style=\"height:3vmin;\"><svg xmlns=\"http:\/\/www.w3.org\/2000\/svg\" viewBox=\"0 0 64 8\" preserveAspectRatio=\"none\" width=\"100%\" height=\"100%\">\r\n\t<path fill=\"currentColor\" d=\"M64 8 L0 8 L0 0 L20 7.9 L40 3 L48 5 L64 0 Z\"\/>\r\n<\/svg><\/div><div class=\"l-section-shape type_zigzag pos_bottom\" style=\"height:3vmin;\"><svg xmlns=\"http:\/\/www.w3.org\/2000\/svg\" viewBox=\"0 0 64 8\" preserveAspectRatio=\"none\" width=\"100%\" height=\"100%\">\r\n\t<path fill=\"currentColor\" d=\"M64 8 L0 8 L0 0 L20 7.9 L40 3 L48 5 L64 0 Z\"\/>\r\n<\/svg><\/div><div class=\"l-section-h i-cf\"><div class=\"g-cols vc_row via_flex valign_middle type_default stacking_default\"><div class=\"vc_col-sm-6 wpb_column vc_column_container\"><div class=\"vc_column-inner\"><div class=\"wpb_wrapper\"><div class=\"wpb_text_column\"><div class=\"wpb_wrapper\"><h2 id=\"datos-clave\">Het circuit in Sevilla in \u00e9\u00e9n oogopslag<\/h2>\n<table>\n<thead>\n<tr>\n<th>Gegeven<\/th>\n<th>Offici\u00eble informatie<\/th>\n<\/tr>\n<\/thead>\n<tbody>\n<tr>\n<td><strong>Optredens<\/strong><\/td>\n<td>56<\/td>\n<\/tr>\n<tr>\n<td><strong>Zang<\/strong><\/td>\n<td>53<\/td>\n<\/tr>\n<tr>\n<td><strong>Dans<\/strong><\/td>\n<td>2<\/td>\n<\/tr>\n<tr>\n<td><strong>Gitaar<\/strong><\/td>\n<td>1<\/td>\n<\/tr>\n<tr>\n<td><strong>Plaatsen<\/strong><\/td>\n<td>41<\/td>\n<\/tr>\n<tr>\n<td><strong>Toegang<\/strong><\/td>\n<td>Gratis zolang er plaats is<\/td>\n<\/tr>\n<\/tbody>\n<\/table>\n<\/div><\/div><\/div><\/div><\/div><div class=\"vc_col-sm-6 wpb_column vc_column_container\"><div class=\"vc_column-inner\"><div class=\"wpb_wrapper\"><div class=\"wpb_text_column\"><div class=\"wpb_wrapper\"><h2>Een programma verspreid over de hele provincie<\/h2>\n<p>De kaart beperkt zich niet tot de hoofdstad. Het circuit bereikt \u00c9cija, Alcal\u00e1 de Guada\u00edra, Dos Hermanas, Mairena del Alcor, Mor\u00f3n, Arahal, Tomares, Gelves, Bormujos, Olivares, Espartinas, Sanl\u00facar la Mayor, Villanueva del Ariscal, La Algaba, Burguillos, Paradas, Las Cabezas de San Juan, Mart\u00edn de la Jara, Pruna, Herrera, La Luisiana, Fuentes de Andaluc\u00eda, Isla Mayor, Aznalc\u00f3llar, Albaida del Aljarafe, El Castillo de las Guardas en Los Palacios y Villafranca, naast andere gemeenten.<\/p>\n<p>Sevilla telt <strong>80 aangesloten pe\u00f1as<\/strong>, het grootste provinciale netwerk van Andalusi\u00eb. Het circuit activeert een belangrijk deel van dit netwerk en brengt professionele optredens naar publiek dat niet altijd over een vast programma beschikt.<\/p>\n<\/div><\/div><\/div><\/div><\/div><\/div><\/div><\/section><section class=\"l-section wpb_row height_huge\"><div class=\"l-section-h i-cf\"><div class=\"g-cols vc_row via_flex valign_top type_default stacking_default\"><div class=\"vc_col-sm-6 wpb_column vc_column_container\"><div class=\"vc_column-inner\"><div class=\"wpb_wrapper\"><div class=\"wpb_text_column\"><div class=\"wpb_wrapper\"><h2 id=\"septiembre\">Programma september 2026<\/h2>\n<h3>2 tot en met 18 september<\/h3>\n<ul>\n<li><strong>2 september, 21:00.<\/strong> Fernanda Pe\u00f1a, zangeres. Pe\u00f1a Flamenca Cantes al Aire, Sevilla<\/li>\n<li><strong>4 september, 21:30.<\/strong> Manuel Romero, zanger. Pe\u00f1a Flamenca de Isla Mayor<\/li>\n<li><strong>10 september, 21:30.<\/strong> Angelita Montoya, zangeres. Pe\u00f1a Flamenca El Carbonerillo, Sevilla<\/li>\n<li><strong>11 september, 21:00.<\/strong> Manuel Bellido, danser. Pe\u00f1a Flamenca Femenina Teresa Le\u00f3n, \u00c9cija<\/li>\n<li><strong>12 september, 14:00.<\/strong> Pura de Pura, zangeres. Pe\u00f1a Flamenca La Jumoza 3, Sevilla<\/li>\n<li><strong>12 september, 21:30.<\/strong> Alfredo Tejada, zanger. Pe\u00f1a Flamenca Astigitana Antonio Mairena, \u00c9cija<\/li>\n<li><strong>12 september, 20:30.<\/strong> Luis Moneo, zanger. Pe\u00f1a Flamenca La Era, Burguillos<\/li>\n<li><strong>18 september, 21:30.<\/strong> Tino Van der Sman, gitarist. Pe\u00f1a Flamenca La Sole\u00e1, Alcal\u00e1 de Guada\u00edra<\/li>\n<li><strong>18 september, 21:00.<\/strong> Jeromo Segura, zanger. Pe\u00f1a Flamenca El Paraguas, Espartinas<\/li>\n<\/ul>\n<\/div><\/div><\/div><\/div><\/div><div class=\"vc_col-sm-6 wpb_column vc_column_container\"><div class=\"vc_column-inner\"><div class=\"wpb_wrapper\"><div class=\"wpb_text_column\"><div class=\"wpb_wrapper\"><h3>19 tot en met 27 september<\/h3>\n<ul>\n<li><strong>19 september, 20:00.<\/strong> Anabel de Vico, zangeres. Pe\u00f1a Flamenca Antonio El Lobito, Pruna<\/li>\n<li><strong>19 september, 21:30.<\/strong> Paqui R\u00edos, zangeres. Pe\u00f1a Flamenca Lepanto, Mairena del Aljarafe<\/li>\n<li><strong>20 september, 14:00.<\/strong> Joni Torres, zanger. Pe\u00f1a Flamenca Juan Talega, Dos Hermanas<\/li>\n<li><strong>26 september, 15:00.<\/strong> Juanelo, zanger. Pe\u00f1a Flamenca de Sanl\u00facar la Mayor<\/li>\n<li><strong>26 september, 14:00.<\/strong> Lidia Rodr\u00edguez, zangeres. Pe\u00f1a Flamenca El Madro\u00f1ero, Montellano<\/li>\n<li><strong>26 september, 21:30.<\/strong> Mar\u00eda T\u00e1vora, danseres. Pe\u00f1a Flamenca Miguel Vargas, Paradas<\/li>\n<li><strong>27 september, 13:00.<\/strong> Olivia Molina, zangeres. Pe\u00f1a Flamenca Pozo Nuevo, Olivares<\/li>\n<\/ul>\n<p>Het programma biedt keuze tussen Sevilla-stad, Aljarafe, Campi\u00f1a, Sierra Sur en het grootstedelijke gebied. De tijden lopen van rond het middaguur tot &#8217;s avonds; niet alle pe\u00f1as openen hun deuren even lang v\u00f3\u00f3r aanvang.<\/p>\n<\/div><\/div><\/div><\/div><\/div><\/div><\/div><\/section><section class=\"l-section wpb_row height_huge color_alternate with_shape\"><div class=\"l-section-shape type_zigzag pos_top hor_flip\" style=\"height:3vmin;\"><svg xmlns=\"http:\/\/www.w3.org\/2000\/svg\" viewBox=\"0 0 64 8\" preserveAspectRatio=\"none\" width=\"100%\" height=\"100%\">\r\n\t<path fill=\"currentColor\" d=\"M64 8 L0 8 L0 0 L20 7.9 L40 3 L48 5 L64 0 Z\"\/>\r\n<\/svg><\/div><div class=\"l-section-shape type_zigzag pos_bottom\" style=\"height:3vmin;\"><svg xmlns=\"http:\/\/www.w3.org\/2000\/svg\" viewBox=\"0 0 64 8\" preserveAspectRatio=\"none\" width=\"100%\" height=\"100%\">\r\n\t<path fill=\"currentColor\" d=\"M64 8 L0 8 L0 0 L20 7.9 L40 3 L48 5 L64 0 Z\"\/>\r\n<\/svg><\/div><div class=\"l-section-h i-cf\"><div class=\"g-cols vc_row via_flex valign_top type_default stacking_default\"><div class=\"vc_col-sm-6 wpb_column vc_column_container\"><div class=\"vc_column-inner\"><div class=\"wpb_wrapper\"><div class=\"wpb_text_column\"><div class=\"wpb_wrapper\"><h2 id=\"octubre\">Programma oktober 2026<\/h2>\n<h3>2 tot en met 11 oktober<\/h3>\n<ul>\n<li><strong>2 oktober, 21:00.<\/strong> Abraham El Zambo, zanger. Pe\u00f1a Flamenca Alto de la Fuente, Gelves<\/li>\n<li><strong>3 oktober, 21:30.<\/strong> Luis Heredia \u00abEl Polaco\u00bb, zanger. Pe\u00f1a Flamenca El Ni\u00f1o de la Jara, Mart\u00edn de la Jara<\/li>\n<li><strong>3 oktober, 13:30.<\/strong> Antonio L\u00f3pez, zanger. Pe\u00f1a Flamenca Fernando El Herrero, Las Cabezas de San Juan<\/li>\n<li><strong>8 oktober, 19:30.<\/strong> Anabel Valencia, zangeres. Pe\u00f1a Sentir Flamenco, Universiteit Pablo de Olavide, Sevilla<\/li>\n<li><strong>8 oktober, 20:00.<\/strong> Armando Mateos, zanger. Tertulia Flamenca Calixto S\u00e1nchez Mar\u00edn, Sevilla<\/li>\n<li><strong>9 oktober, 21:00.<\/strong> Luis Perdiguero, zanger. Pe\u00f1a Flamenca La Polea, Sevilla<\/li>\n<li><strong>9 oktober, 21:30.<\/strong> Manuel Cantarote, zanger. Pe\u00f1a Flamenca de Tomares<\/li>\n<li><strong>9 oktober, 21:00.<\/strong> Mari Pe\u00f1a, zangeres. Pe\u00f1a Flamenca Pastora Pav\u00f3n Cruz \u00abNi\u00f1a de los Peines\u00bb, Arahal<\/li>\n<li><strong>10 oktober, 15:30.<\/strong> Macarena de Jerez, zangeres. Tertulia Flamenca Sevilla Este, Sevilla<\/li>\n<li><strong>10 oktober, 16:00.<\/strong> El Potito, zanger. Pe\u00f1a Flamenca de Aznalc\u00f3llar<\/li>\n<li><strong>11 oktober, 14:00.<\/strong> \u00c1frica Granado, zangeres. Pe\u00f1a Flamenca El Gallo, Mor\u00f3n de la Frontera<\/li>\n<li><strong>11 oktober, 19:00.<\/strong> Vicente Gelo, zanger. Pe\u00f1a Flamenca El Monino, Herrera<\/li>\n<\/ul>\n<\/div><\/div><\/div><\/div><\/div><div class=\"vc_col-sm-6 wpb_column vc_column_container\"><div class=\"vc_column-inner\"><div class=\"wpb_wrapper\"><div class=\"wpb_text_column\"><div class=\"wpb_wrapper\"><h3>17 tot en met 31 oktober<\/h3>\n<ul>\n<li><strong>17 oktober, 12:00.<\/strong> Manuela Cordero, zangeres. Pe\u00f1a Flamenca Aires Flamencos, Sevilla<\/li>\n<li><strong>17 oktober, 21:30.<\/strong> Luis Ortega, zanger. Pe\u00f1a Flamenca La Pos\u00e1, La Luisiana<\/li>\n<li><strong>17 oktober, 20:00.<\/strong> Perico El Pa\u00f1ero, zanger. Pe\u00f1a Flamenca Villanove\u00f1a, Villanueva de San Juan<\/li>\n<li><strong>18 oktober, 14:30.<\/strong> Jes\u00fas Corbacho, zanger. Pe\u00f1a Flamenca Miguel Acal, Bormujos<\/li>\n<li><strong>23 oktober, 21:30.<\/strong> Juan de Mairena, zanger. Casa del Arte Antonio Mairena, Mairena del Alcor<\/li>\n<li><strong>24 oktober, 15:00.<\/strong> Amparo \u00abLa Repompilla\u00bb, zangeres. Pe\u00f1a Flamenca La Ton\u00e1<\/li>\n<li><strong>24 oktober, 20:00.<\/strong> Manuel Pajares, zanger. Pe\u00f1a Flamenca Torremocha, Albaida del Aljarafe<\/li>\n<li><strong>24 oktober, 13:30.<\/strong> Marta La Ni\u00f1a, zangeres. Pe\u00f1a Flamenca La Encina, El Castillo de las Guardas<\/li>\n<li><strong>24 oktober, 23:00.<\/strong> Mar\u00eda Jes\u00fas Bernal, zangeres. Tertulia Flamenca El Pozo de las Penas, Los Palacios y Villafranca<\/li>\n<li><strong>24 oktober, 16:30.<\/strong> Joselete de Linares, zanger. Pe\u00f1a Flamenca El Despertar, Fuentes de Andaluc\u00eda<\/li>\n<li><strong>24 oktober, 15:00.<\/strong> Malena Carrasco, zangeres. Pe\u00f1a Flamenca La Fragua, Sevilla<\/li>\n<li><strong>25 oktober, 17:00.<\/strong> Elena de Mor\u00f3n, zangeres. Pe\u00f1a Flamenca Puertas Abiertas, La Algaba<\/li>\n<li><strong>25 oktober, 13:30.<\/strong> Marta Aguilar, zangeres. Pe\u00f1a Flamenca El B\u00facaro, San Jos\u00e9 de la Rinconada<\/li>\n<li><strong>29 oktober, 21:30.<\/strong> Fernando Caballo, zanger. Pe\u00f1a Flamenca Torres Macarena, Sevilla<\/li>\n<li><strong>30 oktober, 19:00.<\/strong> Luis Malena, zanger. Pe\u00f1a Flamenca Pol\u00edgono Sur, Sevilla<\/li>\n<li><strong>31 oktober, 13:00.<\/strong> Silvia Reina, zangeres. Pe\u00f1a Flamenca La Solera, Villanueva del Ariscal<\/li>\n<\/ul>\n<\/div><\/div><\/div><\/div><\/div><\/div><\/div><\/section><section class=\"l-section wpb_row height_huge\"><div class=\"l-section-h i-cf\"><div class=\"g-cols vc_row via_flex valign_top type_default stacking_default\"><div class=\"vc_col-sm-6 wpb_column vc_column_container\"><div class=\"vc_column-inner\"><div class=\"wpb_wrapper\"><div class=\"wpb_text_column\"><div class=\"wpb_wrapper\"><h2>Belangrijk: er worden twee einddata genoemd<\/h2>\n<p>De algemene informatie vermeldt dat het circuit in Sevilla loopt tot <strong>30 oktober<\/strong>. De gedetailleerde agenda van de Agenda Cultural de Andaluc\u00eda bevat echter nog een laatste optreden op <strong>31 oktober<\/strong>: Silvia Reina in Pe\u00f1a Flamenca La Solera in Villanueva del Ariscal.<\/p>\n<p>Uit voorzorg is het optreden van de 31e in deze gids opgenomen. De agenda zelf waarschuwt dat het programma kan wijzigen.<\/p>\n<\/div><\/div><\/div><\/div><\/div><div class=\"vc_col-sm-6 wpb_column vc_column_container\"><div class=\"vc_column-inner\"><div class=\"wpb_wrapper\"><div class=\"wpb_text_column\"><div class=\"wpb_wrapper\"><h2 id=\"capital\">Recitals in de stad Sevilla<\/h2>\n<p>In de stad zijn er voorstellingen bij Cantes al Aire, El Carbonerillo, La Jumoza 3, Sentir Flamenco aan de Universiteit Pablo de Olavide, Tertulia Calixto S\u00e1nchez Mar\u00edn, La Polea, Sevilla Este, Aires Flamencos, La Fragua, Torres Macarena en Pol\u00edgono Sur.<\/p>\n<p>Tot de aangekondigde artiesten behoren Fernanda Pe\u00f1a, Angelita Montoya, Pura de Pura, Anabel Valencia, Armando Mateos, Luis Perdiguero, Macarena de Jerez, Manuela Cordero, Malena Carrasco, Fernando Caballo en Luis Malena.<\/p>\n<\/div><\/div><\/div><\/div><\/div><\/div><\/div><\/section><section class=\"l-section wpb_row height_huge\"><div class=\"l-section-h i-cf\"><div class=\"g-cols vc_row via_flex valign_middle type_default stacking_default\"><div class=\"vc_col-sm-6 wpb_column vc_column_container\"><div class=\"vc_column-inner\"><div class=\"wpb_wrapper\"><div class=\"wpb_text_column\"><div class=\"wpb_wrapper\"><h2 id=\"artistas\">Zang, dans en gitaar: wat het programma biedt<\/h2>\n<p>De <strong>zang domineert duidelijk het programma<\/strong>. Die keuze sluit aan bij het historische format van een recital in een pe\u00f1a: een hoofdrol voor de stem, begeleidende gitaar en een publiek dat dichtbij zit en aandachtig luistert naar de stijlen en de persoonlijkheid van de artiest.<\/p>\n<p>Erkende artiesten \u2014zoals Alfredo Tejada, Luis Moneo, Jeromo Segura, El Potito, Macarena de Jerez, Anabel Valencia en La Repompilla\u2014 staan naast stemmen die hun professionele loopbaan verder opbouwen.<\/p>\n<p>Dans is vertegenwoordigd door <strong>Manuel Bellido<\/strong>, in \u00c9cija, en <strong>Mar\u00eda T\u00e1vora<\/strong>, in Paradas. Het enige recital dat specifiek als gitaaroptreden wordt aangekondigd, is van <strong>Tino Van der Sman<\/strong>, in Alcal\u00e1 de Guada\u00edra.<\/p>\n<\/div><\/div><\/div><\/div><\/div><div class=\"vc_col-sm-6 wpb_column vc_column_container\"><div class=\"vc_column-inner\"><div class=\"wpb_wrapper\"><div class=\"wpb_text_column\"><div class=\"wpb_wrapper\"><h2>Hoe kies je een optreden?<\/h2>\n<ul>\n<li><strong>Als je zang zoekt:<\/strong> bijna elk weekend zijn er meerdere mogelijkheden.<\/li>\n<li><strong>Als je de voorkeur geeft aan dans:<\/strong> noteer 11 september in \u00c9cija of de 26e in Paradas.<\/li>\n<li><strong>Als je ge\u00efnteresseerd bent in gitaar:<\/strong> het speciale gitaarrecital is op 18 september in Alcal\u00e1.<\/li>\n<li><strong>Als je in Sevilla-stad verblijft:<\/strong> in oktober zijn er veel optredens in de stad.<\/li>\n<li><strong>Als je lokale sfeer zoekt:<\/strong> kies een gemeente, controleer het adres en kom op tijd.<\/li>\n<\/ul>\n<p>Vergelijk verschillende formats ook met onze gids over <a href=\"https:\/\/www.tablaosflamencos.com\/donde-ver-flamenco-autentico-sevilla.html\"><strong>waar je authentieke flamenco in Sevilla kunt zien<\/strong><\/a>.<\/p>\n<\/div><\/div><\/div><\/div><\/div><\/div><\/div><\/section><section class=\"l-section wpb_row height_huge color_alternate with_shape\"><div class=\"l-section-shape type_zigzag pos_top hor_flip\" style=\"height:3vmin;\"><svg xmlns=\"http:\/\/www.w3.org\/2000\/svg\" viewBox=\"0 0 64 8\" preserveAspectRatio=\"none\" width=\"100%\" height=\"100%\">\r\n\t<path fill=\"currentColor\" d=\"M64 8 L0 8 L0 0 L20 7.9 L40 3 L48 5 L64 0 Z\"\/>\r\n<\/svg><\/div><div class=\"l-section-shape type_zigzag pos_bottom\" style=\"height:3vmin;\"><svg xmlns=\"http:\/\/www.w3.org\/2000\/svg\" viewBox=\"0 0 64 8\" preserveAspectRatio=\"none\" width=\"100%\" height=\"100%\">\r\n\t<path fill=\"currentColor\" d=\"M64 8 L0 8 L0 0 L20 7.9 L40 3 L48 5 L64 0 Z\"\/>\r\n<\/svg><\/div><div class=\"l-section-h i-cf\"><div class=\"g-cols vc_row via_flex valign_middle type_default stacking_default\"><div class=\"vc_col-sm-6 wpb_column vc_column_container\"><div class=\"vc_column-inner\"><div class=\"wpb_wrapper\"><div class=\"wpb_text_column\"><div class=\"wpb_wrapper\"><h2 id=\"persecucion\">De hommage aan <em>Persecuci\u00f3n<\/em> en El Lebrijano<\/h2>\n<p>Het programma in Sevilla staat in het teken van de vijftigste verjaardag van <em>Persecuci\u00f3n<\/em>, uitgebracht door Juan Pe\u00f1a \u00abEl Lebrijano\u00bb in 1976. Het album, opgebouwd rond teksten van F\u00e9lix Grande, bracht een verhaal over de historische vervolging van het Roma-volk op plaat en opende een expressief terrein dat toen ongebruikelijk was in opgenomen flamenco.<\/p>\n<p>De hommage heeft ook een geografische dimensie: El Lebrijano werd geboren in Lebrija en behoorde tot een artistieke familie die essentieel is voor de flamenco van Sevilla. Zijn werk via een netwerk van pe\u00f1as herdenken verbindt de herinnering aan de opname met de plekken waar de cante wordt beluisterd, besproken en doorgegeven.<\/p>\n<\/div><\/div><\/div><\/div><\/div><div class=\"vc_col-sm-6 wpb_column vc_column_container\"><div class=\"vc_column-inner\"><div class=\"wpb_wrapper\"><div class=\"wpb_text_column\"><div class=\"wpb_wrapper\"><h2>Een viering met de blik op het heden<\/h2>\n<p>De opdracht maakt van het circuit geen herhaling van het repertoire van El Lebrijano. Ze dient als rode draad voor een gevarieerd programma met hedendaagse artiesten, verspreid over de hele provincie.<\/p>\n<p>Voor een breder overzicht van het programma kun je onze algemene gids over het <a href=\"https:\/\/www.tablaosflamencos.com\/circuito-andaluz-penas-flamencas-2026.html\"><strong>Andalusische Pe\u00f1a-circuit 2026<\/strong><\/a>raadplegen. Daar staan de cijfers voor alle acht provincies. Deze pagina richt zich uitsluitend op Sevilla en het gedetailleerde programma.<\/p>\n<\/div><\/div><\/div><\/div><\/div><\/div><\/div><\/section><section class=\"l-section wpb_row height_huge\"><div class=\"l-section-h i-cf\"><div class=\"g-cols vc_row via_flex valign_middle type_default stacking_default\"><div class=\"vc_col-sm-6 wpb_column vc_column_container\"><div class=\"vc_column-inner\"><div class=\"wpb_wrapper\"><div class=\"wpb_text_column\"><div class=\"wpb_wrapper\"><h2 id=\"acceso\">Zijn de recitals echt gratis?<\/h2>\n<p>Ja. De Agenda Cultural de Andaluc\u00eda vermeldt dat de <strong>toegang gratis is zolang er plaats is<\/strong>. Je hoeft geen kaartje te kopen, maar gratis toegang garandeert geen entree als de zaal vol is.<\/p>\n<p>Elke pe\u00f1a kan de toegang anders organiseren. Sommige laten bezoekers binnen op volgorde van aankomst; andere kunnen met uitnodigingen of bevestigingen werken of organisatorisch voorrang geven aan leden. Als de vermelding de procedure niet uitlegt, kun je het beste rechtstreeks contact opnemen met de organisatie.<\/p>\n<\/div><\/div><\/div><\/div><\/div><div class=\"vc_col-sm-6 wpb_column vc_column_container\"><div class=\"vc_column-inner\"><div class=\"wpb_wrapper\"><div class=\"wpb_text_column\"><div class=\"wpb_wrapper\"><h2>Tips om niet buiten te blijven staan<\/h2>\n<ul>\n<li>Controleer datum, tijd en adres op de dag zelf.<\/li>\n<li>Kom op tijd, vooral in het weekend.<\/li>\n<li>Vraag of een uitnodiging of voorafgaande bevestiging nodig is.<\/li>\n<li>Verwar de naam van de pe\u00f1a niet met die van de gemeente.<\/li>\n<li>Houd rekening met mogelijke alternatieve locaties.<\/li>\n<li>Respecteer de stilte tijdens de cante en vermijd binnenkomen of weggaan midden in een stuk.<\/li>\n<\/ul>\n<\/div><\/div><\/div><\/div><\/div><\/div><\/div><\/section><section class=\"l-section wpb_row height_huge color_alternate with_shape\"><div class=\"l-section-shape type_zigzag pos_top hor_flip\" style=\"height:3vmin;\"><svg xmlns=\"http:\/\/www.w3.org\/2000\/svg\" viewBox=\"0 0 64 8\" preserveAspectRatio=\"none\" width=\"100%\" height=\"100%\">\r\n\t<path fill=\"currentColor\" d=\"M64 8 L0 8 L0 0 L20 7.9 L40 3 L48 5 L64 0 Z\"\/>\r\n<\/svg><\/div><div class=\"l-section-shape type_zigzag pos_bottom\" style=\"height:3vmin;\"><svg xmlns=\"http:\/\/www.w3.org\/2000\/svg\" viewBox=\"0 0 64 8\" preserveAspectRatio=\"none\" width=\"100%\" height=\"100%\">\r\n\t<path fill=\"currentColor\" d=\"M64 8 L0 8 L0 0 L20 7.9 L40 3 L48 5 L64 0 Z\"\/>\r\n<\/svg><\/div><div class=\"l-section-h i-cf\"><div class=\"g-cols vc_row via_flex valign_middle type_default stacking_default\"><div class=\"vc_col-sm-6 wpb_column vc_column_container\"><div class=\"vc_column-inner\"><div class=\"wpb_wrapper\"><div class=\"wpb_text_column\"><div class=\"wpb_wrapper\"><h2 id=\"ruta\">Zo plan je een flamencoroute door Sevilla<\/h2>\n<p>In Aljarafe vind je Gelves, Tomares, Bormujos, Olivares, Espartinas, Sanl\u00facar la Mayor, Villanueva del Ariscal en Albaida. In Campi\u00f1a zijn er voorstellingen in \u00c9cija, Arahal, Paradas, Fuentes de Andaluc\u00eda en La Luisiana. In het grootstedelijke gebied vallen Alcal\u00e1 de Guada\u00edra, Dos Hermanas, La Algaba, Mairena del Aljarafe en San Jos\u00e9 de la Rinconada op.<\/p>\n<p>Controleer afstanden en tijden voordat je twee optredens op \u00e9\u00e9n dag combineert. Toegang, parkeren en duur zijn niet op elke locatie hetzelfde.<\/p>\n<\/div><\/div><\/div><\/div><\/div><div class=\"vc_col-sm-6 wpb_column vc_column_container\"><div class=\"vc_column-inner\"><div class=\"wpb_wrapper\"><div class=\"wpb_text_column\"><div class=\"wpb_wrapper\"><h2>Pe\u00f1a en tablao: aanvullende ervaringen<\/h2>\n<p>Het circuit biedt eenmalige optredens bij culturele verenigingen en laat je flamenco beleven via het lokale gemeenschapsleven. Een tablao heeft een vast programma, kan vooraf worden geboekt en is eenvoudiger in te passen in een reis met vaste data.<\/p>\n<p>Als het recital niet tijdens je verblijf plaatsvindt of de zaal vol is, bekijk dan de <a href=\"\/flamenco-sevilla\"><strong>flamencoshows in Sevilla<\/strong><\/a>. Een pe\u00f1a biedt een uniek lokaal evenement, terwijl je met een tablao een voorstelling in je reisplanning kunt vastleggen.<\/p>\n<\/div><\/div><\/div><\/div><\/div><\/div><\/div><\/section><section class=\"l-section wpb_row height_huge\"><div class=\"l-section-h i-cf\"><div class=\"g-cols vc_row via_flex valign_middle type_default stacking_default\"><div class=\"vc_col-sm-6 wpb_column vc_column_container\"><div class=\"vc_column-inner\"><div class=\"wpb_wrapper\"><div class=\"wpb_text_column\"><div class=\"wpb_wrapper\"><h2 id=\"fuentes\">Waar artiesten, tijden en wijzigingen te controleren<\/h2>\n<p>De belangrijkste bron is de <strong>Agenda Cultural de Andaluc\u00eda<\/strong>. Daar staan de aangekondigde recitals en de waarschuwing dat wijzigingen mogelijk zijn. Het is ook verstandig de kanalen van de organiserende pe\u00f1a of de Provinciale Federatie van Flamenco-organisaties van Sevilla te raadplegen.<\/p>\n<\/div><\/div><div class=\"w-separator size_medium\"><\/div><div class=\"w-hwrapper valign_top align_center\" style=\"--hwrapper-gap:1.2rem\"><div class=\"w-btn-wrapper align_center\"><a class=\"w-btn us-btn-style_1 icon_atleft\" href=\"https:\/\/www.juntadeandalucia.es\/cultura\/agendaculturaldeandalucia\/evento\/circuito-andaluz-de-penas-2026-provincia-de-sevilla\"><i class=\"fas fa-calendar-alt\"><\/i><span class=\"w-btn-label\">Bekijk de offici\u00eble agenda van Sevilla<\/span><\/a><\/div><\/div><\/div><\/div><\/div><div class=\"vc_col-sm-6 wpb_column vc_column_container\"><div class=\"vc_column-inner\"><div class=\"wpb_wrapper\"><div class=\"wpb_text_column\"><div class=\"wpb_wrapper\"><h2>Wie organiseert het circuit?<\/h2>\n<p>Het programma komt tot stand door samenwerking tussen het <strong>Andalusische Agentschap voor Culturele Instellingen en het Andalusische Flamenco-instituut<\/strong> en de Provinciale Federatie van Flamenco-organisaties van Sevilla.<\/p>\n<p>In heel Andalusi\u00eb telt de editie van 2026 225 optredens en minstens 470 artiesten. Het programma komt voort uit een openbare oproep en werkt met de provinciale federaties om programma&#8217;s samen te stellen die zijn afgestemd op hun netwerken van pe\u00f1as en gemeenten.<\/p>\n<\/div><\/div><\/div><\/div><\/div><\/div><\/div><\/section><section class=\"l-section wpb_row height_huge color_alternate with_shape\"><div class=\"l-section-shape type_zigzag pos_top hor_flip\" style=\"height:3vmin;\"><svg xmlns=\"http:\/\/www.w3.org\/2000\/svg\" viewBox=\"0 0 64 8\" preserveAspectRatio=\"none\" width=\"100%\" height=\"100%\">\r\n\t<path fill=\"currentColor\" d=\"M64 8 L0 8 L0 0 L20 7.9 L40 3 L48 5 L64 0 Z\"\/>\r\n<\/svg><\/div><div class=\"l-section-h i-cf\"><div class=\"g-cols vc_row via_flex valign_middle type_default stacking_default\"><div class=\"vc_col-sm-1\/5 wpb_column vc_column_container\"><div class=\"vc_column-inner\"><div class=\"wpb_wrapper\"><\/div><\/div><\/div><div class=\"vc_col-sm-3\/5 wpb_column vc_column_container\"><div class=\"vc_column-inner\"><div class=\"wpb_wrapper\"><div class=\"wpb_text_column\"><div class=\"wpb_wrapper\"><h2 id=\"faq\">Veelgestelde vragen over het Andalusische Pe\u00f1a-circuit in Sevilla 2026<\/h2>\n<\/div><\/div><div class=\"w-separator size_medium\"><\/div><div class=\"w-tabs accordion toggle_style_1 has_scrolling\" style=\"--sections-title-size:inherit;--sections-gap:0.5rem;\"><div class=\"w-tabs-sections titles-align_none icon_chevron cpos_right\"><div class=\"w-tabs-section\" id=\"l696\"><button type=\"button\" class=\"w-tabs-section-header\" aria-controls=\"content-l696\" aria-expanded=\"false\"><div class=\"w-tabs-section-title\">Hoeveel optredens zijn er in Sevilla?<\/div><div class=\"w-tabs-section-control\"><\/div><\/button><div  class=\"w-tabs-section-content\" id=\"content-l696\"><div class=\"w-tabs-section-content-h i-cf\"><div class=\"wpb_text_column\"><div class=\"wpb_wrapper\"><p>Het programma kondigt <strong>56 optredens in 41 plaatsen<\/strong>aan: 53 zangrecitals, twee dansoptredens en \u00e9\u00e9n gitaarrecital.<\/p>\n<\/div><\/div><\/div><\/div><\/div><div class=\"w-tabs-section\" id=\"g798\"><button type=\"button\" class=\"w-tabs-section-header\" aria-controls=\"content-g798\" aria-expanded=\"false\"><div class=\"w-tabs-section-title\">Wanneer vindt het circuit plaats?<\/div><div class=\"w-tabs-section-control\"><\/div><\/button><div  class=\"w-tabs-section-content\" id=\"content-g798\"><div class=\"w-tabs-section-content-h i-cf\"><div class=\"wpb_text_column\"><div class=\"wpb_wrapper\"><p>De reeks begon op 6 juni. De beschikbare gedetailleerde agenda bevat optredens van 2 september tot en met 31 oktober 2026.<\/p>\n<\/div><\/div><\/div><\/div><\/div><div class=\"w-tabs-section\" id=\"s87d\"><button type=\"button\" class=\"w-tabs-section-header\" aria-controls=\"content-s87d\" aria-expanded=\"false\"><div class=\"w-tabs-section-title\">Is de toegang gratis?<\/div><div class=\"w-tabs-section-control\"><\/div><\/button><div  class=\"w-tabs-section-content\" id=\"content-s87d\"><div class=\"w-tabs-section-content-h i-cf\"><div class=\"wpb_text_column\"><div class=\"wpb_wrapper\"><p>Ja. Alle recitals worden aangekondigd met <strong>gratis toegang zolang er plaats is<\/strong>. Afhankelijk van de pe\u00f1a kan er een uitnodigings- of bevestigingssysteem zijn.<\/p>\n<\/div><\/div><\/div><\/div><\/div><div class=\"w-tabs-section\" id=\"u970\"><button type=\"button\" class=\"w-tabs-section-header\" aria-controls=\"content-u970\" aria-expanded=\"false\"><div class=\"w-tabs-section-title\">Moet je lid zijn van de pe\u00f1a?<\/div><div class=\"w-tabs-section-control\"><\/div><\/button><div  class=\"w-tabs-section-content\" id=\"content-u970\"><div class=\"w-tabs-section-content-h i-cf\"><div class=\"wpb_text_column\"><div class=\"wpb_wrapper\"><p>Volgens de offici\u00eble communicatie zijn de optredens gratis zolang er plaats is. Vraag bij de betreffende pe\u00f1a hoe de toegang wordt geregeld.<\/p>\n<\/div><\/div><\/div><\/div><\/div><div class=\"w-tabs-section\" id=\"ga50\"><button type=\"button\" class=\"w-tabs-section-header\" aria-controls=\"content-ga50\" aria-expanded=\"false\"><div class=\"w-tabs-section-title\">Welke dansoptredens zijn er?<\/div><div class=\"w-tabs-section-control\"><\/div><\/button><div  class=\"w-tabs-section-content\" id=\"content-ga50\"><div class=\"w-tabs-section-content-h i-cf\"><div class=\"wpb_text_column\"><div class=\"wpb_wrapper\"><p>Manuel Bellido treedt op 11 september op in \u00c9cija en Mar\u00eda T\u00e1vora op 26 september in Paradas.<\/p>\n<\/div><\/div><\/div><\/div><\/div><div class=\"w-tabs-section\" id=\"kb1c\"><button type=\"button\" class=\"w-tabs-section-header\" aria-controls=\"content-kb1c\" aria-expanded=\"false\"><div class=\"w-tabs-section-title\">Waar vindt het gitaarrecital plaats?<\/div><div class=\"w-tabs-section-control\"><\/div><\/button><div  class=\"w-tabs-section-content\" id=\"content-kb1c\"><div class=\"w-tabs-section-content-h i-cf\"><div class=\"wpb_text_column\"><div class=\"wpb_wrapper\"><p>Tino Van der Sman treedt op 18 september op in Pe\u00f1a Flamenca La Sole\u00e1 in Alcal\u00e1 de Guada\u00edra.<\/p>\n<\/div><\/div><\/div><\/div><\/div><div class=\"w-tabs-section\" id=\"sbdf\"><button type=\"button\" class=\"w-tabs-section-header\" aria-controls=\"content-sbdf\" aria-expanded=\"false\"><div class=\"w-tabs-section-title\">Kan het programma veranderen?<\/div><div class=\"w-tabs-section-control\"><\/div><\/button><div  class=\"w-tabs-section-content\" id=\"content-sbdf\"><div class=\"w-tabs-section-content-h i-cf\"><div class=\"wpb_text_column\"><div class=\"wpb_wrapper\"><p>Ja. Controleer voor vertrek de artiest, tijd, het adres en de toegangsvoorwaarden.<\/p>\n<\/div><\/div><\/div><\/div><\/div><div class=\"w-tabs-section\" id=\"pcad\"><button type=\"button\" class=\"w-tabs-section-header\" aria-controls=\"content-pcad\" aria-expanded=\"false\"><div class=\"w-tabs-section-title\">Waar kan ik het bijgewerkte programma bekijken?<\/div><div class=\"w-tabs-section-control\"><\/div><\/button><div  class=\"w-tabs-section-content\" id=\"content-pcad\"><div class=\"w-tabs-section-content-h i-cf\"><div class=\"wpb_text_column\"><div class=\"wpb_wrapper\"><p>In de Agenda Cultural de Andaluc\u00eda en via de kanalen van de organiserende pe\u00f1a of de provinciale federatie.<\/p>\n<\/div><\/div><\/div><\/div><\/div><\/div><\/div><\/div><\/div><\/div><div class=\"vc_col-sm-1\/5 wpb_column vc_column_container\"><div class=\"vc_column-inner\"><div class=\"wpb_wrapper\"><\/div><\/div><\/div><\/div><\/div><\/section>\n","protected":false},"excerpt":{"rendered":"<p>Het Andalusische Pe\u00f1a-circuit in Sevilla 2026 brengt 56 gratis optredens naar 41 plaatsen in de provincie, met zang, dans en flamencogitaar.<\/p>\n","protected":false},"author":1,"featured_media":14729,"comment_status":"closed","ping_status":"closed","sticky":false,"template":"","format":"standard","meta":{"_acf_changed":false,"wpai_generated_summary":"","_ayudawp_aiss_exclude":false,"_ayudawp_aiss_exclude_summary":false,"_ayudawp_aiss_summary":"","_ayudawp_aiss_summary_provider":"","_ayudawp_aiss_summary_hash":"","footnotes":""},"categories":[1906],"tags":[1939,1133,1944,1419,1949],"class_list":["post-14880","post","type-post","status-publish","format-standard","has-post-thumbnail","hentry","category-flamenco-penas","tag-andalusische-pena-circuit","tag-flamenco-en-sevilla","tag-flamenco-penas-nl","tag-flamencozang","tag-gratis-flamenco"],"acf":[],"yoast_head":"<!-- This site is optimized with the Yoast SEO Premium plugin v28.4 (Yoast SEO v28.4) - https:\/\/yoast.com\/product\/yoast-seo-premium-wordpress\/ -->\n<title>Andalusisch Pe\u00f1a-circuit in Sevilla 2026: programma en artiesten | Tablaos Flamencos<\/title>\n<meta name=\"description\" content=\"Bekijk het programma van het Andalusische Pe\u00f1a-circuit in Sevilla 2026: artiesten, plaatsen, flamencope\u00f1as en gratis recitals.\" \/>\n<meta name=\"robots\" content=\"index, follow, max-snippet:-1, max-image-preview:large, max-video-preview:-1\" \/>\n<link rel=\"canonical\" href=\"https:\/\/www.tablaosflamencos.com\/nl\/andalusisch-pena-circuit-sevilla-2026.html\" \/>\n<meta property=\"og:locale\" content=\"nl_NL\" \/>\n<meta property=\"og:type\" content=\"article\" \/>\n<meta property=\"og:title\" content=\"Andalusisch Pe\u00f1a-circuit in Sevilla 2026: programma, artiesten en gratis flamencorecitals\" \/>\n<meta property=\"og:description\" content=\"Bekijk het programma van het Andalusische Pe\u00f1a-circuit in Sevilla 2026: artiesten, plaatsen, flamencope\u00f1as en gratis recitals.\" \/>\n<meta property=\"og:url\" content=\"https:\/\/www.tablaosflamencos.com\/nl\/andalusisch-pena-circuit-sevilla-2026.html\" \/>\n<meta property=\"og:site_name\" content=\"Tablaos Flamencos\" \/>\n<meta property=\"article:publisher\" content=\"https:\/\/www.facebook.com\/tablaosflamencos\" \/>\n<meta property=\"article:published_time\" content=\"2026-09-05T12:14:08+00:00\" \/>\n<meta property=\"article:modified_time\" content=\"2026-09-05T12:41:20+00:00\" \/>\n<meta property=\"og:image\" content=\"https:\/\/www.tablaosflamencos.com\/wp-content\/uploads\/circuito-andaluz-de-penas-en-sevilla-2026-calendario-artistas-y-recitales-gratuitos-01.webp\" \/>\n\t<meta property=\"og:image:width\" content=\"1536\" \/>\n\t<meta property=\"og:image:height\" content=\"1024\" \/>\n\t<meta property=\"og:image:type\" content=\"image\/webp\" \/>\n<meta name=\"author\" content=\"Miguel Ortiz\" \/>\n<meta name=\"twitter:card\" content=\"summary_large_image\" \/>\n<meta name=\"twitter:creator\" content=\"@tablaosflamenco\" \/>\n<meta name=\"twitter:site\" content=\"@tablaosflamenco\" \/>\n<meta name=\"twitter:label1\" content=\"Geschreven door\" \/>\n\t<meta name=\"twitter:data1\" content=\"Miguel Ortiz\" \/>\n\t<meta name=\"twitter:label2\" content=\"Geschatte leestijd\" \/>\n\t<meta name=\"twitter:data2\" content=\"15 minuten\" \/>\n<script type=\"application\/ld+json\" class=\"yoast-schema-graph\">{\"@context\":\"https:\\\/\\\/schema.org\",\"@graph\":[{\"@type\":\"Article\",\"@id\":\"https:\\\/\\\/www.tablaosflamencos.com\\\/nl\\\/andalusisch-pena-circuit-sevilla-2026.html#article\",\"isPartOf\":{\"@id\":\"https:\\\/\\\/www.tablaosflamencos.com\\\/nl\\\/andalusisch-pena-circuit-sevilla-2026.html\"},\"author\":{\"name\":\"Miguel Ortiz\",\"@id\":\"https:\\\/\\\/www.tablaosflamencos.com\\\/nl#\\\/schema\\\/person\\\/e7a9ebe14eb75a52ceabfbffb3c54f5d\"},\"headline\":\"Andalusisch Pe\u00f1a-circuit in Sevilla 2026: programma, artiesten en gratis flamencorecitals\",\"datePublished\":\"2026-09-05T12:14:08+00:00\",\"dateModified\":\"2026-09-05T12:41:20+00:00\",\"mainEntityOfPage\":{\"@id\":\"https:\\\/\\\/www.tablaosflamencos.com\\\/nl\\\/andalusisch-pena-circuit-sevilla-2026.html\"},\"wordCount\":3019,\"publisher\":{\"@id\":\"https:\\\/\\\/www.tablaosflamencos.com\\\/nl#organization\"},\"image\":{\"@id\":\"https:\\\/\\\/www.tablaosflamencos.com\\\/nl\\\/andalusisch-pena-circuit-sevilla-2026.html#primaryimage\"},\"thumbnailUrl\":\"https:\\\/\\\/www.tablaosflamencos.com\\\/wp-content\\\/uploads\\\/circuito-andaluz-de-penas-en-sevilla-2026-calendario-artistas-y-recitales-gratuitos-01.webp\",\"keywords\":[\"Andalusische Pe\u00f1a-circuit\",\"flamenco en Sevilla\",\"flamencope\u00f1as\",\"flamencozang\",\"gratis flamenco\"],\"articleSection\":[\"Flamencope\u00f1as\"],\"inLanguage\":\"nl-NL\"},{\"@type\":\"WebPage\",\"@id\":\"https:\\\/\\\/www.tablaosflamencos.com\\\/nl\\\/andalusisch-pena-circuit-sevilla-2026.html\",\"url\":\"https:\\\/\\\/www.tablaosflamencos.com\\\/nl\\\/andalusisch-pena-circuit-sevilla-2026.html\",\"name\":\"Andalusisch Pe\u00f1a-circuit in Sevilla 2026: programma en artiesten | Tablaos Flamencos\",\"isPartOf\":{\"@id\":\"https:\\\/\\\/www.tablaosflamencos.com\\\/nl#website\"},\"primaryImageOfPage\":{\"@id\":\"https:\\\/\\\/www.tablaosflamencos.com\\\/nl\\\/andalusisch-pena-circuit-sevilla-2026.html#primaryimage\"},\"image\":{\"@id\":\"https:\\\/\\\/www.tablaosflamencos.com\\\/nl\\\/andalusisch-pena-circuit-sevilla-2026.html#primaryimage\"},\"thumbnailUrl\":\"https:\\\/\\\/www.tablaosflamencos.com\\\/wp-content\\\/uploads\\\/circuito-andaluz-de-penas-en-sevilla-2026-calendario-artistas-y-recitales-gratuitos-01.webp\",\"datePublished\":\"2026-09-05T12:14:08+00:00\",\"dateModified\":\"2026-09-05T12:41:20+00:00\",\"description\":\"Bekijk het programma van het Andalusische Pe\u00f1a-circuit in Sevilla 2026: artiesten, plaatsen, flamencope\u00f1as en gratis recitals.\",\"breadcrumb\":{\"@id\":\"https:\\\/\\\/www.tablaosflamencos.com\\\/nl\\\/andalusisch-pena-circuit-sevilla-2026.html#breadcrumb\"},\"inLanguage\":\"nl-NL\",\"potentialAction\":[{\"@type\":\"ReadAction\",\"target\":[\"https:\\\/\\\/www.tablaosflamencos.com\\\/nl\\\/andalusisch-pena-circuit-sevilla-2026.html\"]}]},{\"@type\":\"ImageObject\",\"inLanguage\":\"nl-NL\",\"@id\":\"https:\\\/\\\/www.tablaosflamencos.com\\\/nl\\\/andalusisch-pena-circuit-sevilla-2026.html#primaryimage\",\"url\":\"https:\\\/\\\/www.tablaosflamencos.com\\\/wp-content\\\/uploads\\\/circuito-andaluz-de-penas-en-sevilla-2026-calendario-artistas-y-recitales-gratuitos-01.webp\",\"contentUrl\":\"https:\\\/\\\/www.tablaosflamencos.com\\\/wp-content\\\/uploads\\\/circuito-andaluz-de-penas-en-sevilla-2026-calendario-artistas-y-recitales-gratuitos-01.webp\",\"width\":1536,\"height\":1024,\"caption\":\"Circuito Andaluz de Pe\u00f1as en Sevilla 2026: calendario, artistas y recitales gratuitos\"},{\"@type\":\"BreadcrumbList\",\"@id\":\"https:\\\/\\\/www.tablaosflamencos.com\\\/nl\\\/andalusisch-pena-circuit-sevilla-2026.html#breadcrumb\",\"itemListElement\":[{\"@type\":\"ListItem\",\"position\":1,\"name\":\"Home\",\"item\":\"https:\\\/\\\/www.tablaosflamencos.com\\\/nl\"},{\"@type\":\"ListItem\",\"position\":2,\"name\":\"Andalusisch Pe\u00f1a-circuit in Sevilla 2026: programma, artiesten en gratis flamencorecitals\"}]},{\"@type\":\"WebSite\",\"@id\":\"https:\\\/\\\/www.tablaosflamencos.com\\\/nl#website\",\"url\":\"https:\\\/\\\/www.tablaosflamencos.com\\\/nl\",\"name\":\"Tablaos Flamencos\",\"description\":\"Entradas para tablaos flamencos de Espa\u00f1a\",\"publisher\":{\"@id\":\"https:\\\/\\\/www.tablaosflamencos.com\\\/nl#organization\"},\"alternateName\":\"Tablaos Flamencos\",\"potentialAction\":[{\"@type\":\"SearchAction\",\"target\":{\"@type\":\"EntryPoint\",\"urlTemplate\":\"https:\\\/\\\/www.tablaosflamencos.com\\\/nl?s={search_term_string}\"},\"query-input\":{\"@type\":\"PropertyValueSpecification\",\"valueRequired\":true,\"valueName\":\"search_term_string\"}}],\"inLanguage\":\"nl-NL\"},{\"@type\":[\"Organization\",\"Place\",\"EntertainmentBusiness\"],\"@id\":\"https:\\\/\\\/www.tablaosflamencos.com\\\/nl#organization\",\"name\":\"Tablaos Flamencos\",\"alternateName\":\"Tablaos Flamencos\",\"url\":\"https:\\\/\\\/www.tablaosflamencos.com\\\/nl\",\"logo\":{\"@id\":\"https:\\\/\\\/www.tablaosflamencos.com\\\/nl\\\/andalusisch-pena-circuit-sevilla-2026.html#local-main-organization-logo\"},\"image\":{\"@id\":\"https:\\\/\\\/www.tablaosflamencos.com\\\/nl\\\/andalusisch-pena-circuit-sevilla-2026.html#local-main-organization-logo\"},\"sameAs\":[\"https:\\\/\\\/www.facebook.com\\\/tablaosflamencos\",\"https:\\\/\\\/x.com\\\/tablaosflamenco\",\"https:\\\/\\\/mastodon.social\\\/@tablaosflamencos\",\"https:\\\/\\\/www.instagram.com\\\/tablaosflamencos\",\"https:\\\/\\\/tiktok.com\\\/@tablaosflamencos\",\"https:\\\/\\\/www.linkedin.com\\\/company\\\/109408238\\\/\"],\"description\":\"Venta de entradas para espect\u00e1culos flamencos\",\"legalName\":\"Tablaos Flamencos\",\"foundingDate\":\"2015-01-01\",\"numberOfEmployees\":{\"@type\":\"QuantitativeValue\",\"minValue\":\"1\",\"maxValue\":\"10\"},\"address\":{\"@id\":\"https:\\\/\\\/www.tablaosflamencos.com\\\/nl\\\/andalusisch-pena-circuit-sevilla-2026.html#local-main-place-address\"},\"geo\":{\"@type\":\"GeoCoordinates\",\"latitude\":\"37.3868072\",\"longitude\":\"-5.993280299999999\"},\"telephone\":[\"+34623787787\"],\"contactPoint\":{\"@type\":\"ContactPoint\",\"telephone\":\"+34623787787\",\"email\":\"info@tablaosflamencos.com\"},\"openingHoursSpecification\":{\"@type\":\"OpeningHoursSpecification\",\"dayOfWeek\":[\"Monday\",\"Tuesday\",\"Wednesday\",\"Thursday\",\"Friday\",\"Saturday\",\"Sunday\"],\"opens\":\"00:00\",\"closes\":\"23:59\"},\"email\":\"info@tablaosflamencos.com\",\"priceRange\":\"$$$\",\"currenciesAccepted\":\"\u20ac\"},{\"@type\":\"Person\",\"@id\":\"https:\\\/\\\/www.tablaosflamencos.com\\\/nl#\\\/schema\\\/person\\\/e7a9ebe14eb75a52ceabfbffb3c54f5d\",\"name\":\"Miguel Ortiz\",\"description\":\"Miguel Ortiz es un empresario flamenco, con una s\u00f3lida trayectoria dentro del sector. Ha presidido entidades culturales vinculadas al flamenco y, cuenta con un amplio recorrido profesional en la gesti\u00f3n y promoci\u00f3n de espect\u00e1culos y tablaos flamencos. Su pasi\u00f3n por la historia y el arte flamenco se refleja en cada art\u00edculo, donde combina experiencia, criterio y un profundo respeto por la tradici\u00f3n.\",\"sameAs\":[\"https:\\\/\\\/www.tablaosflamencos.com\",\"https:\\\/\\\/www.instagra.com\\\/miguelortizfe\",\"https:\\\/\\\/www.linkedin.com\\\/in\\\/miguelortizf\\\/\"],\"birthDate\":\"1984-11-22\",\"gender\":\"hombre\",\"knowsLanguage\":[\"espa\u00f1ol\",\"ingl\u00e9s\"],\"jobTitle\":\"Empresario flamenco\"},{\"@type\":\"PostalAddress\",\"@id\":\"https:\\\/\\\/www.tablaosflamencos.com\\\/nl\\\/andalusisch-pena-circuit-sevilla-2026.html#local-main-place-address\",\"streetAddress\":\"C\\\/ Alemanes, 19\",\"addressLocality\":\"Sevilla\",\"postalCode\":\"41004\",\"addressRegion\":\"Sevilla\",\"addressCountry\":\"ES\"},{\"@type\":\"ImageObject\",\"inLanguage\":\"nl-NL\",\"@id\":\"https:\\\/\\\/www.tablaosflamencos.com\\\/nl\\\/andalusisch-pena-circuit-sevilla-2026.html#local-main-organization-logo\",\"url\":\"https:\\\/\\\/www.tablaosflamencos.com\\\/wp-content\\\/uploads\\\/tablaos-flamencos-06-3.webp\",\"contentUrl\":\"https:\\\/\\\/www.tablaosflamencos.com\\\/wp-content\\\/uploads\\\/tablaos-flamencos-06-3.webp\",\"width\":600,\"height\":620,\"caption\":\"Tablaos Flamencos\"}]}<\/script>\n<meta name=\"geo.placename\" content=\"Sevilla\" \/>\n<meta name=\"geo.position\" content=\"37.3868072;-5.993280299999999\" \/>\n<meta name=\"geo.region\" content=\"Spanje\" \/>\n<!-- \/ Yoast SEO Premium plugin. -->","yoast_head_json":{"title":"Andalusisch Pe\u00f1a-circuit in Sevilla 2026: programma en artiesten | Tablaos Flamencos","description":"Bekijk het programma van het Andalusische Pe\u00f1a-circuit in Sevilla 2026: artiesten, plaatsen, flamencope\u00f1as en gratis recitals.","robots":{"index":"index","follow":"follow","max-snippet":"max-snippet:-1","max-image-preview":"max-image-preview:large","max-video-preview":"max-video-preview:-1"},"canonical":"https:\/\/www.tablaosflamencos.com\/nl\/andalusisch-pena-circuit-sevilla-2026.html","og_locale":"nl_NL","og_type":"article","og_title":"Andalusisch Pe\u00f1a-circuit in Sevilla 2026: programma, artiesten en gratis flamencorecitals","og_description":"Bekijk het programma van het Andalusische Pe\u00f1a-circuit in Sevilla 2026: artiesten, plaatsen, flamencope\u00f1as en gratis recitals.","og_url":"https:\/\/www.tablaosflamencos.com\/nl\/andalusisch-pena-circuit-sevilla-2026.html","og_site_name":"Tablaos Flamencos","article_publisher":"https:\/\/www.facebook.com\/tablaosflamencos","article_published_time":"2026-09-05T12:14:08+00:00","article_modified_time":"2026-09-05T12:41:20+00:00","og_image":[{"width":1536,"height":1024,"url":"https:\/\/www.tablaosflamencos.com\/wp-content\/uploads\/circuito-andaluz-de-penas-en-sevilla-2026-calendario-artistas-y-recitales-gratuitos-01.webp","type":"image\/webp"}],"author":"Miguel Ortiz","twitter_card":"summary_large_image","twitter_creator":"@tablaosflamenco","twitter_site":"@tablaosflamenco","twitter_misc":{"Geschreven door":"Miguel Ortiz","Geschatte leestijd":"15 minuten"},"schema":{"@context":"https:\/\/schema.org","@graph":[{"@type":"Article","@id":"https:\/\/www.tablaosflamencos.com\/nl\/andalusisch-pena-circuit-sevilla-2026.html#article","isPartOf":{"@id":"https:\/\/www.tablaosflamencos.com\/nl\/andalusisch-pena-circuit-sevilla-2026.html"},"author":{"name":"Miguel Ortiz","@id":"https:\/\/www.tablaosflamencos.com\/nl#\/schema\/person\/e7a9ebe14eb75a52ceabfbffb3c54f5d"},"headline":"Andalusisch Pe\u00f1a-circuit in Sevilla 2026: programma, artiesten en gratis flamencorecitals","datePublished":"2026-09-05T12:14:08+00:00","dateModified":"2026-09-05T12:41:20+00:00","mainEntityOfPage":{"@id":"https:\/\/www.tablaosflamencos.com\/nl\/andalusisch-pena-circuit-sevilla-2026.html"},"wordCount":3019,"publisher":{"@id":"https:\/\/www.tablaosflamencos.com\/nl#organization"},"image":{"@id":"https:\/\/www.tablaosflamencos.com\/nl\/andalusisch-pena-circuit-sevilla-2026.html#primaryimage"},"thumbnailUrl":"https:\/\/www.tablaosflamencos.com\/wp-content\/uploads\/circuito-andaluz-de-penas-en-sevilla-2026-calendario-artistas-y-recitales-gratuitos-01.webp","keywords":["Andalusische Pe\u00f1a-circuit","flamenco en Sevilla","flamencope\u00f1as","flamencozang","gratis flamenco"],"articleSection":["Flamencope\u00f1as"],"inLanguage":"nl-NL"},{"@type":"WebPage","@id":"https:\/\/www.tablaosflamencos.com\/nl\/andalusisch-pena-circuit-sevilla-2026.html","url":"https:\/\/www.tablaosflamencos.com\/nl\/andalusisch-pena-circuit-sevilla-2026.html","name":"Andalusisch Pe\u00f1a-circuit in Sevilla 2026: programma en artiesten | Tablaos Flamencos","isPartOf":{"@id":"https:\/\/www.tablaosflamencos.com\/nl#website"},"primaryImageOfPage":{"@id":"https:\/\/www.tablaosflamencos.com\/nl\/andalusisch-pena-circuit-sevilla-2026.html#primaryimage"},"image":{"@id":"https:\/\/www.tablaosflamencos.com\/nl\/andalusisch-pena-circuit-sevilla-2026.html#primaryimage"},"thumbnailUrl":"https:\/\/www.tablaosflamencos.com\/wp-content\/uploads\/circuito-andaluz-de-penas-en-sevilla-2026-calendario-artistas-y-recitales-gratuitos-01.webp","datePublished":"2026-09-05T12:14:08+00:00","dateModified":"2026-09-05T12:41:20+00:00","description":"Bekijk het programma van het Andalusische Pe\u00f1a-circuit in Sevilla 2026: artiesten, plaatsen, flamencope\u00f1as en gratis recitals.","breadcrumb":{"@id":"https:\/\/www.tablaosflamencos.com\/nl\/andalusisch-pena-circuit-sevilla-2026.html#breadcrumb"},"inLanguage":"nl-NL","potentialAction":[{"@type":"ReadAction","target":["https:\/\/www.tablaosflamencos.com\/nl\/andalusisch-pena-circuit-sevilla-2026.html"]}]},{"@type":"ImageObject","inLanguage":"nl-NL","@id":"https:\/\/www.tablaosflamencos.com\/nl\/andalusisch-pena-circuit-sevilla-2026.html#primaryimage","url":"https:\/\/www.tablaosflamencos.com\/wp-content\/uploads\/circuito-andaluz-de-penas-en-sevilla-2026-calendario-artistas-y-recitales-gratuitos-01.webp","contentUrl":"https:\/\/www.tablaosflamencos.com\/wp-content\/uploads\/circuito-andaluz-de-penas-en-sevilla-2026-calendario-artistas-y-recitales-gratuitos-01.webp","width":1536,"height":1024,"caption":"Circuito Andaluz de Pe\u00f1as en Sevilla 2026: calendario, artistas y recitales gratuitos"},{"@type":"BreadcrumbList","@id":"https:\/\/www.tablaosflamencos.com\/nl\/andalusisch-pena-circuit-sevilla-2026.html#breadcrumb","itemListElement":[{"@type":"ListItem","position":1,"name":"Home","item":"https:\/\/www.tablaosflamencos.com\/nl"},{"@type":"ListItem","position":2,"name":"Andalusisch Pe\u00f1a-circuit in Sevilla 2026: programma, artiesten en gratis flamencorecitals"}]},{"@type":"WebSite","@id":"https:\/\/www.tablaosflamencos.com\/nl#website","url":"https:\/\/www.tablaosflamencos.com\/nl","name":"Tablaos Flamencos","description":"Entradas para tablaos flamencos de Espa\u00f1a","publisher":{"@id":"https:\/\/www.tablaosflamencos.com\/nl#organization"},"alternateName":"Tablaos Flamencos","potentialAction":[{"@type":"SearchAction","target":{"@type":"EntryPoint","urlTemplate":"https:\/\/www.tablaosflamencos.com\/nl?s={search_term_string}"},"query-input":{"@type":"PropertyValueSpecification","valueRequired":true,"valueName":"search_term_string"}}],"inLanguage":"nl-NL"},{"@type":["Organization","Place","EntertainmentBusiness"],"@id":"https:\/\/www.tablaosflamencos.com\/nl#organization","name":"Tablaos Flamencos","alternateName":"Tablaos Flamencos","url":"https:\/\/www.tablaosflamencos.com\/nl","logo":{"@id":"https:\/\/www.tablaosflamencos.com\/nl\/andalusisch-pena-circuit-sevilla-2026.html#local-main-organization-logo"},"image":{"@id":"https:\/\/www.tablaosflamencos.com\/nl\/andalusisch-pena-circuit-sevilla-2026.html#local-main-organization-logo"},"sameAs":["https:\/\/www.facebook.com\/tablaosflamencos","https:\/\/x.com\/tablaosflamenco","https:\/\/mastodon.social\/@tablaosflamencos","https:\/\/www.instagram.com\/tablaosflamencos","https:\/\/tiktok.com\/@tablaosflamencos","https:\/\/www.linkedin.com\/company\/109408238\/"],"description":"Venta de entradas para espect\u00e1culos flamencos","legalName":"Tablaos Flamencos","foundingDate":"2015-01-01","numberOfEmployees":{"@type":"QuantitativeValue","minValue":"1","maxValue":"10"},"address":{"@id":"https:\/\/www.tablaosflamencos.com\/nl\/andalusisch-pena-circuit-sevilla-2026.html#local-main-place-address"},"geo":{"@type":"GeoCoordinates","latitude":"37.3868072","longitude":"-5.993280299999999"},"telephone":["+34623787787"],"contactPoint":{"@type":"ContactPoint","telephone":"+34623787787","email":"info@tablaosflamencos.com"},"openingHoursSpecification":{"@type":"OpeningHoursSpecification","dayOfWeek":["Monday","Tuesday","Wednesday","Thursday","Friday","Saturday","Sunday"],"opens":"00:00","closes":"23:59"},"email":"info@tablaosflamencos.com","priceRange":"$$$","currenciesAccepted":"\u20ac"},{"@type":"Person","@id":"https:\/\/www.tablaosflamencos.com\/nl#\/schema\/person\/e7a9ebe14eb75a52ceabfbffb3c54f5d","name":"Miguel Ortiz","description":"Miguel Ortiz es un empresario flamenco, con una s\u00f3lida trayectoria dentro del sector. Ha presidido entidades culturales vinculadas al flamenco y, cuenta con un amplio recorrido profesional en la gesti\u00f3n y promoci\u00f3n de espect\u00e1culos y tablaos flamencos. Su pasi\u00f3n por la historia y el arte flamenco se refleja en cada art\u00edculo, donde combina experiencia, criterio y un profundo respeto por la tradici\u00f3n.","sameAs":["https:\/\/www.tablaosflamencos.com","https:\/\/www.instagra.com\/miguelortizfe","https:\/\/www.linkedin.com\/in\/miguelortizf\/"],"birthDate":"1984-11-22","gender":"hombre","knowsLanguage":["espa\u00f1ol","ingl\u00e9s"],"jobTitle":"Empresario flamenco"},{"@type":"PostalAddress","@id":"https:\/\/www.tablaosflamencos.com\/nl\/andalusisch-pena-circuit-sevilla-2026.html#local-main-place-address","streetAddress":"C\/ Alemanes, 19","addressLocality":"Sevilla","postalCode":"41004","addressRegion":"Sevilla","addressCountry":"ES"},{"@type":"ImageObject","inLanguage":"nl-NL","@id":"https:\/\/www.tablaosflamencos.com\/nl\/andalusisch-pena-circuit-sevilla-2026.html#local-main-organization-logo","url":"https:\/\/www.tablaosflamencos.com\/wp-content\/uploads\/tablaos-flamencos-06-3.webp","contentUrl":"https:\/\/www.tablaosflamencos.com\/wp-content\/uploads\/tablaos-flamencos-06-3.webp","width":600,"height":620,"caption":"Tablaos Flamencos"}]},"geo.placename":"Sevilla","geo.position":{"lat":"37.3868072","long":"-5.993280299999999"},"geo.region":"Spanje"},"_links":{"self":[{"href":"https:\/\/www.tablaosflamencos.com\/nl\/wp-json\/wp\/v2\/posts\/14880","targetHints":{"allow":["GET"]}}],"collection":[{"href":"https:\/\/www.tablaosflamencos.com\/nl\/wp-json\/wp\/v2\/posts"}],"about":[{"href":"https:\/\/www.tablaosflamencos.com\/nl\/wp-json\/wp\/v2\/types\/post"}],"author":[{"embeddable":true,"href":"https:\/\/www.tablaosflamencos.com\/nl\/wp-json\/wp\/v2\/users\/1"}],"replies":[{"embeddable":true,"href":"https:\/\/www.tablaosflamencos.com\/nl\/wp-json\/wp\/v2\/comments?post=14880"}],"version-history":[{"count":1,"href":"https:\/\/www.tablaosflamencos.com\/nl\/wp-json\/wp\/v2\/posts\/14880\/revisions"}],"predecessor-version":[{"id":14883,"href":"https:\/\/www.tablaosflamencos.com\/nl\/wp-json\/wp\/v2\/posts\/14880\/revisions\/14883"}],"wp:featuredmedia":[{"embeddable":true,"href":"https:\/\/www.tablaosflamencos.com\/nl\/wp-json\/wp\/v2\/media\/14729"}],"wp:attachment":[{"href":"https:\/\/www.tablaosflamencos.com\/nl\/wp-json\/wp\/v2\/media?parent=14880"}],"wp:term":[{"taxonomy":"category","embeddable":true,"href":"https:\/\/www.tablaosflamencos.com\/nl\/wp-json\/wp\/v2\/categories?post=14880"},{"taxonomy":"post_tag","embeddable":true,"href":"https:\/\/www.tablaosflamencos.com\/nl\/wp-json\/wp\/v2\/tags?post=14880"}],"curies":[{"name":"wp","href":"https:\/\/api.w.org\/{rel}","templated":true}]}}