{"id":14848,"date":"2026-09-05T13:46:58","date_gmt":"2026-09-05T11:46:58","guid":{"rendered":"https:\/\/www.tablaosflamencos.com\/?p=14848"},"modified":"2026-09-05T14:28:20","modified_gmt":"2026-09-05T12:28:20","slug":"noches-unicas-muelle-sal-hotel-triana-biennale-2026","status":"publish","type":"post","link":"https:\/\/www.tablaosflamencos.com\/nl\/noches-unicas-muelle-sal-hotel-triana-biennale-2026.html","title":{"rendered":"Flamencobi\u00ebnnale: de Noches \u00danicas verhuizen van Hotel Triana naar Muelle de la Sal"},"content":{"rendered":"<section class=\"l-section wpb_row height_huge\"><div class=\"l-section-h i-cf\"><div class=\"g-cols vc_row via_flex valign_middle type_default stacking_default\"><div class=\"vc_col-sm-6 wpb_column vc_column_container\"><div class=\"vc_column-inner\"><div class=\"wpb_wrapper\"><div class=\"wpb_text_column\"><div class=\"wpb_wrapper\"><p>De <a href=\"https:\/\/www.tablaosflamencos.com\/nl\/flamenco-biennale-sevilla-2026.html\"><strong>24e Flamencobi\u00ebnnale van Sevilla 2026<\/strong><\/a> heeft enkele dagen voor de start van het festival een belangrijke wijziging aangekondigd: de drie <strong>Noches \u00danicas die in Hotel Triana gepland stonden<\/strong> op 17, 18 en 19 september vinden uiteindelijk plaats bij <strong>Muelle de la Sal<\/strong>.<\/p>\n<p>De beslissing is een reactie op de grote vraag naar deze voorstellingen en maakt het mogelijk meer bezoekers te ontvangen. Verder houdt de organisatie alles ongewijzigd: <strong>dezelfde data, dezelfde tijden en dezelfde artiesten<\/strong>. Ook reeds gekochte tickets blijven geldig en hoeven niet te worden omgewisseld.<\/p>\n<\/div><\/div><\/div><\/div><\/div><div class=\"vc_col-sm-6 wpb_column vc_column_container\"><div class=\"vc_column-inner\"><div class=\"wpb_wrapper\"><div class=\"wpb_text_column\"><div class=\"wpb_wrapper\"><h2>De belangrijkste informatie over de locatiewijziging<\/h2>\n<ul>\n<li><strong>Nieuwe locatie:<\/strong> Muelle de la Sal, Sevilla.<\/li>\n<li><strong>Vorige locatie:<\/strong> Hotel Triana.<\/li>\n<li><strong>Data:<\/strong> 17, 18 en 19 september 2026.<\/li>\n<li><strong>Tijd:<\/strong> 23:00 uur op alle drie de avonden.<\/li>\n<li><strong>Reden:<\/strong> beter tegemoetkomen aan de vraag van het publiek.<\/li>\n<li><strong>Reeds gekochte tickets:<\/strong> blijven geldig.<\/li>\n<li><strong>Artiesten en programma:<\/strong> blijven ongewijzigd.<\/li>\n<\/ul>\n<\/div><\/div><\/div><\/div><\/div><\/div><\/div><\/section><section class=\"l-section wpb_row height_huge color_alternate with_shape\"><div class=\"l-section-shape type_zigzag pos_top hor_flip\" style=\"height:3vmin;\"><svg xmlns=\"http:\/\/www.w3.org\/2000\/svg\" viewBox=\"0 0 64 8\" preserveAspectRatio=\"none\" width=\"100%\" height=\"100%\">\r\n\t<path fill=\"currentColor\" d=\"M64 8 L0 8 L0 0 L20 7.9 L40 3 L48 5 L64 0 Z\"\/>\r\n<\/svg><\/div><div class=\"l-section-shape type_zigzag pos_bottom\" style=\"height:3vmin;\"><svg xmlns=\"http:\/\/www.w3.org\/2000\/svg\" viewBox=\"0 0 64 8\" preserveAspectRatio=\"none\" width=\"100%\" height=\"100%\">\r\n\t<path fill=\"currentColor\" d=\"M64 8 L0 8 L0 0 L20 7.9 L40 3 L48 5 L64 0 Z\"\/>\r\n<\/svg><\/div><div class=\"l-section-h i-cf\"><div class=\"g-cols vc_row via_flex valign_top type_default stacking_default\"><div class=\"vc_col-sm-12 wpb_column vc_column_container\"><div class=\"vc_column-inner\"><div class=\"wpb_wrapper\"><div class=\"wpb_text_column\"><div class=\"wpb_wrapper\"><blockquote>\n<p><strong>In het kort:<\/strong> de drie Noches \u00danicas die in Hotel Triana zouden plaatsvinden, verhuizen naar Muelle de la Sal. <em>Mujeres gitanas<\/em> is op 17 september te zien, <em>Uvitas negras<\/em> op de 18e en <em>Andaluc\u00eda en el tiempo<\/em> op de 19e, steeds om 23:00 uur. De bezettingen en data veranderen niet en gekochte tickets blijven geldig. Wie vanwege de nieuwe locatie niet meer wil komen, kan terugbetaling aanvragen.<\/p>\n<\/blockquote>\n<\/div><\/div><\/div><\/div><\/div><\/div><\/div><\/section><section class=\"l-section wpb_row height_huge\"><div class=\"l-section-h i-cf\"><div class=\"g-cols vc_row via_flex valign_top type_default stacking_default\"><div class=\"vc_col-sm-12 wpb_column vc_column_container\"><div class=\"vc_column-inner\"><div class=\"wpb_wrapper\"><div class=\"wpb_text_column\"><div class=\"wpb_wrapper\"><h2>Wat verandert er bij de Noches \u00danicas en wat blijft hetzelfde?<\/h2>\n<div style=\"overflow-x: auto;\">\n<table>\n<thead>\n<tr>\n<th>Onderdeel<\/th>\n<th>Vorige situatie<\/th>\n<th>Huidige situatie<\/th>\n<\/tr>\n<\/thead>\n<tbody>\n<tr>\n<td><strong>Locatie<\/strong><\/td>\n<td>Hotel Triana<\/td>\n<td><strong>Muelle de la Sal<\/strong><\/td>\n<\/tr>\n<tr>\n<td><strong>Data<\/strong><\/td>\n<td>17, 18 en 19 september<\/td>\n<td>Ongewijzigd<\/td>\n<\/tr>\n<tr>\n<td><strong>Aanvangstijd<\/strong><\/td>\n<td>23:00 uur<\/td>\n<td>Ongewijzigd<\/td>\n<\/tr>\n<tr>\n<td><strong>Artiestenbezettingen<\/strong><\/td>\n<td>Zoals oorspronkelijk aangekondigd<\/td>\n<td>Volledig ongewijzigd<\/td>\n<\/tr>\n<tr>\n<td><strong>Gekochte tickets<\/strong><\/td>\n<td>Geldig voor Hotel Triana<\/td>\n<td>Blijven geldig voor Muelle de la Sal<\/td>\n<\/tr>\n<\/tbody>\n<\/table>\n<\/div>\n<p>&nbsp;<\/p>\n<p>De wijziging heeft dus betrekking op de <strong>locatie van de voorstellingen<\/strong>, niet op de artistieke inhoud van de drie avonden. Wie de agenda al rond deze late voorstellingen had gepland, hoeft vooral de route naar de nieuwe locatie aan te passen.<\/p>\n<p>Het nieuws is extra belangrijk omdat deze voorstellingen deel uitmaken van de reeks <a href=\"https:\/\/www.tablaosflamencos.com\/nl\/unieke-avonden-flamenco-biennale-sevilla-2026.html\"><strong>Noches \u00danicas van de Bi\u00ebnnale 2026<\/strong><\/a>, een selectie van eenmalige ontmoetingen met een bijzondere combinatie van artiesten, repertoires en locaties. Het totale festivalprogramma omvat tijdens deze editie 26 Noches \u00danicas.<\/p>\n<\/div><\/div><div class=\"w-separator size_medium\"><\/div><div class=\"w-hwrapper valign_top wrap align_center\" style=\"--hwrapper-gap:1.2rem\"><div class=\"w-btn-wrapper align_none\"><a class=\"w-btn us-btn-style_1\" href=\"https:\/\/www.tablaosflamencos.com\/nl\/flamenco-biennale-sevilla-2026.html\"><span class=\"w-btn-label\">Complete gids voor de Bi\u00ebnnale 2026<\/span><\/a><\/div><div class=\"w-btn-wrapper align_none\"><a class=\"w-btn us-btn-style_11\" href=\"https:\/\/www.tablaosflamencos.com\/nl\/unieke-avonden-flamenco-biennale-sevilla-2026.html\"><span class=\"w-btn-label\">Agenda van de Noches \u00danicas<\/span><\/a><\/div><\/div><\/div><\/div><\/div><\/div><\/div><\/section><section class=\"l-section wpb_row height_huge color_alternate with_shape\"><div class=\"l-section-shape type_zigzag pos_top hor_flip\" style=\"height:3vmin;\"><svg xmlns=\"http:\/\/www.w3.org\/2000\/svg\" viewBox=\"0 0 64 8\" preserveAspectRatio=\"none\" width=\"100%\" height=\"100%\">\r\n\t<path fill=\"currentColor\" d=\"M64 8 L0 8 L0 0 L20 7.9 L40 3 L48 5 L64 0 Z\"\/>\r\n<\/svg><\/div><div class=\"l-section-shape type_zigzag pos_bottom\" style=\"height:3vmin;\"><svg xmlns=\"http:\/\/www.w3.org\/2000\/svg\" viewBox=\"0 0 64 8\" preserveAspectRatio=\"none\" width=\"100%\" height=\"100%\">\r\n\t<path fill=\"currentColor\" d=\"M64 8 L0 8 L0 0 L20 7.9 L40 3 L48 5 L64 0 Z\"\/>\r\n<\/svg><\/div><div class=\"l-section-h i-cf\"><div class=\"g-cols vc_row via_flex valign_top type_default stacking_default\"><div class=\"vc_col-sm-6 wpb_column vc_column_container\"><div class=\"vc_column-inner\"><div class=\"wpb_wrapper\"><div class=\"wpb_text_column\"><div class=\"wpb_wrapper\"><h2>Waarom de Bi\u00ebnnale Hotel Triana verruilt voor Muelle de la Sal<\/h2>\n<p>De gemeente Sevilla, via de afdeling Toerisme en Cultuur, en de organisatie van de 24e Bi\u00ebnnale hebben uitgelegd dat de verhuizing een reactie is op de <strong>grote vraag naar de drie voorstellingen<\/strong>. De nieuwe locatie biedt plaats aan een groter publiek zonder het geplande artistieke programma te veranderen.<\/p>\n<p>Er is geen concreet aantal extra plaatsen bekendgemaakt. De verhuizing mag daarom niet worden opgevat als een garantie dat er onbeperkt tickets beschikbaar zijn. Belangrijk is dat Muelle de la Sal meer capaciteit biedt voor deze evenementen en dat de data en aanvangstijden behouden blijven.<\/p>\n<p>De wijziging komt nadat Hotel Triana was gepresenteerd als een van de belangrijke terugkerende locaties van de editie van 2026. Het oude woongebouw met gemeenschappelijke binnenplaats zou vier jaar na zijn vorige deelname aan de Bi\u00ebnnale opnieuw het decor vormen voor late voorstellingen.<\/p>\n<p>De belangstelling van het publiek heeft dat oorspronkelijke plan uiteindelijk veranderd. De drie producties behouden hun karakter als Noche \u00danica, maar verhuizen van een intieme binnenplaats in een woongebouw naar een open ruimte aan de Guadalquivir, in een van de meest herkenbare delen van het centrum van Sevilla.<\/p>\n<\/div><\/div><\/div><\/div><\/div><div class=\"vc_col-sm-6 wpb_column vc_column_container\"><div class=\"vc_column-inner\"><div class=\"wpb_wrapper\"><div class=\"wpb_text_column\"><div class=\"wpb_wrapper\"><h2>Wat Muelle de la Sal als nieuwe locatie toevoegt<\/h2>\n<p>De <strong>Muelle de la Sal<\/strong> ligt op de linkeroever van de Guadalquivir, naast de Puente de Isabel II en tegenover Triana. De plek is historisch verbonden met de oude haven van Sevilla en vormt tegenwoordig een ruime voetgangerszone langs de rivier.<\/p>\n<p>De ligging verandert de geplande ervaring van deze drie avonden aanzienlijk. Hotel Triana bood de huiselijke schaal van een gemeenschappelijke binnenplaats, met galerijen en weinig afstand tussen podium en publiek. Muelle de la Sal brengt de flamenco daarentegen naar buiten, midden in het stads- en rivierlandschap van Sevilla.<\/p>\n<p>De plek is niet onbekend bij de Bi\u00ebnnale. In de omgeving van Muelle de la Sal hebben eerder flamencoactiviteiten en vieringen plaatsgevonden die verbonden waren aan het festival en de Wereldflamencodag. In 2026 staat deze locatie bovendien op de lijst van offici\u00eble festivallocaties.<\/p>\n<p>Het terrein ligt aan de <strong>Paseo Marqu\u00e9s de Contadero<\/strong>, vlak bij de Trianabrug, de arena La Maestranza en de Paseo de Crist\u00f3bal Col\u00f3n. Voor wie in het historische centrum verblijft, is de locatie vanuit veel belangrijke bezienswaardigheden in Sevilla gemakkelijk te voet bereikbaar.<\/p>\n<\/div><\/div><\/div><\/div><\/div><\/div><\/div><\/section><section class=\"l-section wpb_row height_huge\"><div class=\"l-section-h i-cf\"><div class=\"g-cols vc_row via_flex valign_top type_default stacking_default\"><div class=\"vc_col-sm-12 wpb_column vc_column_container\"><div class=\"vc_column-inner\"><div class=\"wpb_wrapper\"><div class=\"wpb_text_column\"><div class=\"wpb_wrapper\"><h2>Het bijgewerkte programma bij Muelle de la Sal<\/h2>\n<div style=\"overflow-x: auto;\">\n<table>\n<thead>\n<tr>\n<th>Datum<\/th>\n<th>Tijd<\/th>\n<th>Voorstelling<\/th>\n<th>Belangrijkste artiesten<\/th>\n<\/tr>\n<\/thead>\n<tbody>\n<tr>\n<td>Donderdag 17 september<\/td>\n<td>23:00 uur<\/td>\n<td><strong>Mujeres gitanas<\/strong><\/td>\n<td>Remedios Amaya, Montse Cort\u00e9s, La Fabi, Josemi Carmona en gastartiesten<\/td>\n<\/tr>\n<tr>\n<td>Vrijdag 18 september<\/td>\n<td>23:00 uur<\/td>\n<td><strong>Uvitas negras<\/strong><\/td>\n<td>Artiesten uit Los Palacios, El Mistela en gastgitaristen<\/td>\n<\/tr>\n<tr>\n<td>Zaterdag 19 september<\/td>\n<td>23:00 uur<\/td>\n<td><strong>Andaluc\u00eda en el tiempo<\/strong><\/td>\n<td>Meesters uit verschillende Andalusische provincies met Antonio Carri\u00f3n en Eduardo Rebollar<\/td>\n<\/tr>\n<\/tbody>\n<\/table>\n<\/div>\n<p>&nbsp;<\/p>\n<h2>17 september: Mujeres gitanas<\/h2>\n<p>De eerste van de drie verplaatste avonden is <strong><em>Mujeres gitanas<\/em><\/strong>, op donderdag 17 september om 23:00 uur. De zang wordt verzorgd door <strong>Remedios Amaya, Montse Cort\u00e9s en La Fabi<\/strong>, drie stemmen met heel verschillende loopbanen en persoonlijkheden. Wat hen verbindt, is een beleving van flamenco die voortkomt uit familie-ervaring, overdracht en het podium.<\/p>\n<p>De gitaarpartijen zijn in handen van <strong>Josemi Carmona en Jos\u00e9 Serrano<\/strong>. De bezetting bestaat daarnaast uit <strong>Israel Su\u00e1rez \u00abPira\u00f1a\u00bb<\/strong> op percussie, <strong>\u00c1lvaro Llanos<\/strong> op bas en <strong>Los Cherokee<\/strong> voor de achtergrondzang en het ritmische handgeklap, de palmas.<\/p>\n<p>De productie is ontstaan vanuit het project <em>La verdad duele<\/em> en stelt Gitana-vrouwen centraal. Het oorspronkelijke idee was afgestemd op het bijzondere karakter van Hotel Triana; na de verhuizing treedt dezelfde bezetting nu op in de open omgeving van Muelle de la Sal.<\/p>\n<p>Remedios Amaya heeft bovendien een bijzonder sterke band met Triana en de recente geschiedenis van de flamenco in Sevilla. Haar optreden naast Montse Cort\u00e9s en La Fabi maakt deze voorstelling tot een van de opvallendste ontmoetingen van grote stemmen in de tweede week van de Bi\u00ebnnale.<\/p>\n<h2>18 september: Uvitas negras en 75 jaar El Pozo de las Penas<\/h2>\n<p>Op vrijdag de 18e, eveneens om 23:00 uur, volgt <strong><em>Uvitas negras<\/em><\/strong>, een voorstelling ter gelegenheid van het <strong>75-jarig bestaan van de Pe\u00f1a El Pozo de las Penas<\/strong> uit Los Palacios y Villafranca.<\/p>\n<p>Deze avond brengt verschillende generaties artiesten uit de plaats samen. Op het programma staan <strong>Itoly de Los Palacios, Juan \u00abEl Distinguido\u00bb, Nene Escalera, Manuel Orta, Miguel Ortega, Jos\u00e9 \u00c1ngel Carmona, Anabel de Vico en Juanelo<\/strong>. De dans wordt verzorgd door <strong>Juan Manuel \u00abEl Mistela\u00bb<\/strong>, wiens terugkeer op een podium in Sevilla een van de belangrijkste aantrekkingspunten van de productie is.<\/p>\n<p>Op gitaar spelen <strong>Ni\u00f1o Fraile, Salvador Guti\u00e9rrez en Juan Requena<\/strong>. De artistieke leiding is in handen van <strong>Manuel Curao<\/strong>.<\/p>\n<p>De titel verwijst naar de straatventerszang die Manolo Caracol opdroeg aan de druiven van Los Palacios. Deze vormt de rode draad van een avond rond de herinnering aan een van de invloedrijkste flamencoverenigingen in de regio Sevilla. Ondanks de nieuwe locatie blijft de volledige bezetting behouden.<\/p>\n<h2>19 september: Andaluc\u00eda en el tiempo<\/h2>\n<p>Het derde evenement is <strong><em>Andaluc\u00eda en el tiempo<\/em><\/strong>, op zaterdag 19 september om 23:00 uur. De voorstelling belicht de regionale verscheidenheid van de flamencozang via artiesten die verbonden zijn met verschillende Andalusische provincies.<\/p>\n<p>Deelnemers zijn <strong>Jos\u00e9 Sorroche<\/strong> uit Almer\u00eda; <strong>Paqui Corpas<\/strong> uit M\u00e1laga; <strong>Jaime \u00abEl Parr\u00f3n\u00bb<\/strong> uit Granada; <strong>Curro Lucena<\/strong> uit C\u00f3rdoba; <strong>Joselete de Linares<\/strong> uit Ja\u00e9n; <strong>El Boquer\u00f3n<\/strong> uit Sevilla; <strong>Carmen de la Jara<\/strong> uit C\u00e1diz; <strong>El Pecas<\/strong> uit Huelva; en <strong>Romerito de Jerez<\/strong>.<\/p>\n<p>Op gitaar spelen <strong>Antonio Carri\u00f3n en Eduardo Rebollar<\/strong>, met Antonio Amaya \u00abPetete\u00bb en Emilio Casta\u00f1eda voor de palmas. Ook deze productie staat onder leiding van Manuel Curao.<\/p>\n<p>Het doel is stemmen samen te brengen die stijlen, plaatselijke varianten en interpretaties uit verschillende flamencoregio&#8217;s in stand houden. Sommige hoofdrolspelers zijn tegenwoordig minder vaak op de grote podia te zien, waardoor hun samenkomst een van de werkelijk zeldzame momenten van het programma vormt.<\/p>\n<\/div><\/div><\/div><\/div><\/div><\/div><\/div><\/section><section class=\"l-section wpb_row height_huge color_alternate with_shape\"><div class=\"l-section-shape type_zigzag pos_top\" style=\"height:3vmin;\"><svg xmlns=\"http:\/\/www.w3.org\/2000\/svg\" viewBox=\"0 0 64 8\" preserveAspectRatio=\"none\" width=\"100%\" height=\"100%\">\r\n\t<path fill=\"currentColor\" d=\"M64 8 L0 8 L0 0 L20 7.9 L40 3 L48 5 L64 0 Z\"\/>\r\n<\/svg><\/div><div class=\"l-section-shape type_zigzag pos_bottom\" style=\"height:3vmin;\"><svg xmlns=\"http:\/\/www.w3.org\/2000\/svg\" viewBox=\"0 0 64 8\" preserveAspectRatio=\"none\" width=\"100%\" height=\"100%\">\r\n\t<path fill=\"currentColor\" d=\"M64 8 L0 8 L0 0 L20 7.9 L40 3 L48 5 L64 0 Z\"\/>\r\n<\/svg><\/div><div class=\"l-section-h i-cf\"><div class=\"g-cols vc_row via_flex valign_top type_default stacking_default\"><div class=\"vc_col-sm-6 wpb_column vc_column_container\"><div class=\"vc_column-inner\"><div class=\"wpb_wrapper\"><div class=\"wpb_text_column\"><div class=\"wpb_wrapper\"><h2>Moeten reeds gekochte tickets worden omgewisseld?<\/h2>\n<p><strong>Nee.<\/strong> De organisatie heeft uitdrukkelijk bevestigd dat tickets voor de drie voorstellingen volledig geldig blijven op de nieuwe locatie.<\/p>\n<p>Dat betekent dat wie al een ticket heeft voor <em>Mujeres gitanas<\/em>, <em>Uvitas negras<\/em> of <em>Andaluc\u00eda en el tiempo<\/em> niets hoeft te regelen om toegang te krijgen tot Muelle de la Sal.<\/p>\n<p>Het is wel verstandig voor vertrek eventuele berichten van de ticketaanbieder of de Bi\u00ebnnale te lezen, juist omdat de locatie is gewijzigd. Offici\u00eble informatie over de voorstelling gaat boven schermafbeeldingen, gedrukte agenda&#8217;s of programma&#8217;s die v\u00f3\u00f3r de aankondiging zijn gedownload.<\/p>\n<p>Heb je nog geen ticket, controleer dan de beschikbaarheid via de offici\u00eble kanalen. In onze gids over <a href=\"https:\/\/www.tablaosflamencos.com\/nl\/flamencobiennale-sevilla-2026-tickets-prijzen-kortingen.html\"><strong>tickets, prijzen en kortingen voor de Bi\u00ebnnale 2026<\/strong><\/a> leggen we uit waar je kunt kopen en waarop je moet letten om doorverkoop en niet-offici\u00eble links te vermijden.<\/p>\n<\/div><\/div><\/div><\/div><\/div><div class=\"vc_col-sm-6 wpb_column vc_column_container\"><div class=\"vc_column-inner\"><div class=\"wpb_wrapper\"><div class=\"wpb_text_column\"><div class=\"wpb_wrapper\"><h2>Kun je vanwege de locatiewijziging terugbetaling aanvragen?<\/h2>\n<p>Ja. Wie vanwege de verhuizing besluit niet te komen, heeft de mogelijkheid tot <strong>terugbetaling van het bedrag van de tickets<\/strong>.<\/p>\n<p>Voor deze verzoeken heeft de organisatie het volgende e-mailadres verstrekt:<\/p>\n<p><strong>taquillaseulen.icas@gmail.com<\/strong><\/p>\n<p>De kassa blijft ook telefonisch bereikbaar:<\/p>\n<p><strong>955 472 822<\/strong><\/p>\n<p>Bewaar je aankoopbewijs en gebruik de gegevens van de koper waarmee de reservering is gemaakt. Als het ticket via een specifieke aanbieder is gekocht, controleer dan ook de instructies die deze aanbieder eventueel verstuurt.<\/p>\n<p>Door de locatiewijziging ben je niet verplicht terugbetaling aan te vragen: dit is een mogelijkheid voor wie liever niet naar de nieuwe locatie gaat. Voor alle andere bezoekers blijft het oorspronkelijke ticket geldig.<\/p>\n<\/div><\/div><\/div><\/div><\/div><\/div><\/div><\/section><section class=\"l-section wpb_row height_huge\"><div class=\"l-section-h i-cf\"><div class=\"g-cols vc_row via_flex valign_top type_default stacking_default\"><div class=\"vc_col-sm-12 wpb_column vc_column_container\"><div class=\"vc_column-inner\"><div class=\"wpb_wrapper\"><div class=\"wpb_text_column\"><div class=\"wpb_wrapper\"><h2>Zo bereik je Muelle de la Sal<\/h2>\n<p>De Bi\u00ebnnale vermeldt de ingang van Muelle de la Sal aan de <strong>Paseo Marqu\u00e9s de Contadero, s\/n<\/strong>. Het terrein ligt aan de Guadalquivir, in het gedeelte tussen de Puente de Isabel II en de Torre del Oro.<\/p>\n<p>De organisatie noemt als mogelijkheden voor openbaar vervoer de TUSSAM-buslijnen <strong>3, 21, 40, 41, EA en A2<\/strong>. De dichtstbijzijnde metrostations die de Bi\u00ebnnale aangeeft, zijn <strong>Puerta de Jerez<\/strong> en <strong>Plaza de Cuba<\/strong>.<\/p>\n<p>Voor veel bezoekers die in het centrum verblijven, is lopen een van de eenvoudigste opties. De kade ligt vlak bij de arena La Maestranza, Mercado del Barranco en de Trianabrug. Omdat de voorstellingen om 23:00 uur beginnen, is het verstandig ook de terugreis naar je accommodatie te plannen en na afloop niet afhankelijk te zijn van krappe aansluitingen.<\/p>\n<p>Wil je een van deze late avonden combineren met een andere voorstelling van de Bi\u00ebnnale, houd dan voldoende tijd tussen de locaties vrij. Op 17 en 18 september zijn er eerdere voorstellingen in Teatro Lope de Vega en op de 19e is er ook programma op andere plekken in de stad. De werkelijke duur van iedere voorstelling kan vari\u00ebren, dus plan je verplaatsingen liever niet op de minuut.<\/p>\n<\/div><\/div><div class=\"w-separator size_medium\"><\/div><div class=\"w-hwrapper valign_top wrap align_center\" style=\"--hwrapper-gap:1.2rem\"><div class=\"w-btn-wrapper align_none\"><a class=\"w-btn us-btn-style_1\" href=\"https:\/\/www.tablaosflamencos.com\/nl\/flamencobiennale-sevilla-2026-tickets-prijzen-kortingen.html\"><span class=\"w-btn-label\">Tickets, prijzen en kortingen<\/span><\/a><\/div><div class=\"w-btn-wrapper align_none\"><a class=\"w-btn us-btn-style_11\" href=\"https:\/\/www.labienal.com\/espacios\/muelle-de-la-sal\"><span class=\"w-btn-label\">Muelle de la Sal op de offici\u00eble website<\/span><\/a><\/div><\/div><\/div><\/div><\/div><\/div><\/div><\/section><section class=\"l-section wpb_row height_huge color_alternate with_shape\"><div class=\"l-section-shape type_zigzag pos_top hor_flip\" style=\"height:3vmin;\"><svg xmlns=\"http:\/\/www.w3.org\/2000\/svg\" viewBox=\"0 0 64 8\" preserveAspectRatio=\"none\" width=\"100%\" height=\"100%\">\r\n\t<path fill=\"currentColor\" d=\"M64 8 L0 8 L0 0 L20 7.9 L40 3 L48 5 L64 0 Z\"\/>\r\n<\/svg><\/div><div class=\"l-section-shape type_zigzag pos_bottom\" style=\"height:3vmin;\"><svg xmlns=\"http:\/\/www.w3.org\/2000\/svg\" viewBox=\"0 0 64 8\" preserveAspectRatio=\"none\" width=\"100%\" height=\"100%\">\r\n\t<path fill=\"currentColor\" d=\"M64 8 L0 8 L0 0 L20 7.9 L40 3 L48 5 L64 0 Z\"\/>\r\n<\/svg><\/div><div class=\"l-section-h i-cf\"><div class=\"g-cols vc_row via_flex valign_top type_default stacking_default\"><div class=\"vc_col-sm-12 wpb_column vc_column_container\"><div class=\"vc_column-inner\"><div class=\"wpb_wrapper\"><div class=\"wpb_text_column\"><div class=\"wpb_wrapper\"><h2>Een belangrijke wijziging voor een van de bijzonderste evenementen van de Bi\u00ebnnale<\/h2>\n<p>De verhuizing verandert een van de aantrekkelijkste verhalen die de Bi\u00ebnnale voor september 2026 had gepresenteerd. De terugkeer van Hotel Triana had een sterke symbolische lading: drie late voorstellingen in een oud woongebouw met gemeenschappelijke binnenplaats, die het programma verbonden met de herinnering aan Triana en een intieme manier om flamenco te beleven.<\/p>\n<p>De grote vraag heeft de organisatie ertoe gebracht voorrang te geven aan een plek waar meer publiek terechtkan. Het resultaat wordt anders, maar niet noodzakelijk minder bijzonder. Muelle de la Sal plaatst de drie Noches \u00danicas aan de voet van de Trianabrug, met de Guadalquivir op de achtergrond, op een plek die deel uitmaakt van het meest herkenbare beeld van Sevilla.<\/p>\n<p>Voor bezoekers is het belangrijkste eenvoudig: <strong>je hoeft je agenda niet te veranderen, behalve wat de locatie betreft<\/strong>. De data blijven 17, 18 en 19 september, alle drie de voorstellingen beginnen om 23:00 uur en de aangekondigde bezettingen blijven behouden.<\/p>\n<p>Omdat de wijziging slechts enkele dagen voor de start van de Bi\u00ebnnale bekendgemaakt is, raden we aan voor vertrek het offici\u00eble programma te bekijken. Ook onze Bi\u00ebnnale-gidsen zullen we bijwerken zodra de wijzigingen in de offici\u00eble informatie over elke voorstelling zijn verwerkt.<\/p>\n<p>En lukt het niet tickets voor deze avonden te bemachtigen, dan heeft Sevilla gedurende het hele festival nog steeds een breed flamencoaanbod. Onze gids over <a href=\"https:\/\/www.tablaosflamencos.com\/nl\/flamencobiennale-sevilla-2026-uitverkocht-alternatieven.html\"><strong>wat je kunt zien als de Bi\u00ebnnale-tickets zijn uitverkocht<\/strong><\/a> verzamelt alternatieven om ook tijdens die dagen van voorstellingen te blijven genieten.<\/p>\n<\/div><\/div><\/div><\/div><\/div><\/div><\/div><\/section><section class=\"l-section wpb_row height_huge\"><div class=\"l-section-h i-cf\"><div class=\"g-cols vc_row via_flex valign_top type_default stacking_default\"><div class=\"vc_col-sm-1\/5 wpb_column vc_column_container\"><div class=\"vc_column-inner\"><div class=\"wpb_wrapper\"><\/div><\/div><\/div><div class=\"vc_col-sm-3\/5 wpb_column vc_column_container\"><div class=\"vc_column-inner\"><div class=\"wpb_wrapper\"><div class=\"wpb_text_column\"><div class=\"wpb_wrapper\"><h2>Veelgestelde vragen over de verhuizing naar Muelle de la Sal<\/h2>\n<\/div><\/div><div class=\"w-separator size_medium\"><\/div><div class=\"w-tabs accordion toggle_style_1 has_scrolling\" style=\"--sections-title-size:inherit;--sections-gap:0.5rem;\"><div class=\"w-tabs-sections titles-align_none icon_chevron cpos_right\"><div class=\"w-tabs-section\" id=\"v900\" itemscope itemprop=\"mainEntity\" itemtype=\"https:\/\/schema.org\/Question\"><button type=\"button\" class=\"w-tabs-section-header\" aria-controls=\"content-v900\" aria-expanded=\"false\"><div class=\"w-tabs-section-title\" itemprop=\"name\">Welke voorstellingen verhuizen van Hotel Triana naar Muelle de la Sal?<\/div><div class=\"w-tabs-section-control\"><\/div><\/button><div  class=\"w-tabs-section-content\" id=\"content-v900\" itemscope itemprop=\"acceptedAnswer\" itemtype=\"https:\/\/schema.org\/Answer\"><div class=\"w-tabs-section-content-h i-cf\" itemprop=\"text\"><div class=\"wpb_text_column\"><div class=\"wpb_wrapper\"><p>De drie Noches \u00danicas die voor Hotel Triana gepland stonden, verhuizen: <em>Mujeres gitanas<\/em> op 17 september; <em>Uvitas negras<\/em> op de 18e; en <em>Andaluc\u00eda en el tiempo<\/em> op de 19e.<\/p>\n<\/div><\/div><\/div><\/div><\/div><div class=\"w-tabs-section\" id=\"ua1d\" itemscope itemprop=\"mainEntity\" itemtype=\"https:\/\/schema.org\/Question\"><button type=\"button\" class=\"w-tabs-section-header\" aria-controls=\"content-ua1d\" aria-expanded=\"false\"><div class=\"w-tabs-section-title\" itemprop=\"name\">Waarom verandert de locatie?<\/div><div class=\"w-tabs-section-control\"><\/div><\/button><div  class=\"w-tabs-section-content\" id=\"content-ua1d\" itemscope itemprop=\"acceptedAnswer\" itemtype=\"https:\/\/schema.org\/Answer\"><div class=\"w-tabs-section-content-h i-cf\" itemprop=\"text\"><div class=\"wpb_text_column\"><div class=\"wpb_wrapper\"><p>De gemeente Sevilla en de organisatie van de Bi\u00ebnnale hebben uitgelegd dat de beslissing een reactie is op de grote vraag naar deze voorstellingen. Muelle de la Sal biedt plaats aan een groter publiek.<\/p>\n<\/div><\/div><\/div><\/div><\/div><div class=\"w-tabs-section\" id=\"yb28\" itemscope itemprop=\"mainEntity\" itemtype=\"https:\/\/schema.org\/Question\"><button type=\"button\" class=\"w-tabs-section-header\" aria-controls=\"content-yb28\" aria-expanded=\"false\"><div class=\"w-tabs-section-title\" itemprop=\"name\">Veranderen de data of aanvangstijden?<\/div><div class=\"w-tabs-section-control\"><\/div><\/button><div  class=\"w-tabs-section-content\" id=\"content-yb28\" itemscope itemprop=\"acceptedAnswer\" itemtype=\"https:\/\/schema.org\/Answer\"><div class=\"w-tabs-section-content-h i-cf\" itemprop=\"text\"><div class=\"wpb_text_column\"><div class=\"wpb_wrapper\"><p>Nee. De drie voorstellingen behouden hun oorspronkelijke data en beginnen om 23:00 uur.<\/p>\n<\/div><\/div><\/div><\/div><\/div><div class=\"w-tabs-section\" id=\"ic31\" itemscope itemprop=\"mainEntity\" itemtype=\"https:\/\/schema.org\/Question\"><button type=\"button\" class=\"w-tabs-section-header\" aria-controls=\"content-ic31\" aria-expanded=\"false\"><div class=\"w-tabs-section-title\" itemprop=\"name\">Blijven tickets voor Hotel Triana geldig?<\/div><div class=\"w-tabs-section-control\"><\/div><\/button><div  class=\"w-tabs-section-content\" id=\"content-ic31\" itemscope itemprop=\"acceptedAnswer\" itemtype=\"https:\/\/schema.org\/Answer\"><div class=\"w-tabs-section-content-h i-cf\" itemprop=\"text\"><div class=\"wpb_text_column\"><div class=\"wpb_wrapper\"><p>Ja. Reeds gekochte tickets blijven geldig voor dezelfde voorstellingen bij Muelle de la Sal en hoeven niet te worden omgewisseld.<\/p>\n<\/div><\/div><\/div><\/div><\/div><div class=\"w-tabs-section\" id=\"pd43\" itemscope itemprop=\"mainEntity\" itemtype=\"https:\/\/schema.org\/Question\"><button type=\"button\" class=\"w-tabs-section-header\" aria-controls=\"content-pd43\" aria-expanded=\"false\"><div class=\"w-tabs-section-title\" itemprop=\"name\">Kan ik terugbetaling aanvragen als ik niet naar Muelle de la Sal wil?<\/div><div class=\"w-tabs-section-control\"><\/div><\/button><div  class=\"w-tabs-section-content\" id=\"content-pd43\" itemscope itemprop=\"acceptedAnswer\" itemtype=\"https:\/\/schema.org\/Answer\"><div class=\"w-tabs-section-content-h i-cf\" itemprop=\"text\"><div class=\"wpb_text_column\"><div class=\"wpb_wrapper\"><p>Ja. De organisatie biedt terugbetaling aan wie vanwege de nieuwe locatie besluit niet te komen. Voor vragen heeft zij het e-mailadres taquillaseulen.icas@gmail.com en het telefoonnummer van de kassa 955 472 822 verstrekt.<\/p>\n<\/div><\/div><\/div><\/div><\/div><div class=\"w-tabs-section\" id=\"je31\" itemscope itemprop=\"mainEntity\" itemtype=\"https:\/\/schema.org\/Question\"><button type=\"button\" class=\"w-tabs-section-header\" aria-controls=\"content-je31\" aria-expanded=\"false\"><div class=\"w-tabs-section-title\" itemprop=\"name\">Waar ligt Muelle de la Sal?<\/div><div class=\"w-tabs-section-control\"><\/div><\/button><div  class=\"w-tabs-section-content\" id=\"content-je31\" itemscope itemprop=\"acceptedAnswer\" itemtype=\"https:\/\/schema.org\/Answer\"><div class=\"w-tabs-section-content-h i-cf\" itemprop=\"text\"><div class=\"wpb_text_column\"><div class=\"wpb_wrapper\"><p>De locatie ligt aan de Guadalquivir, aan de voet van de Trianabrug, bij de Paseo Marqu\u00e9s de Contadero. De arena La Maestranza en Mercado del Barranco liggen er vlakbij.<\/p>\n<\/div><\/div><\/div><\/div><\/div><div class=\"w-tabs-section\" id=\"ff29\" itemscope itemprop=\"mainEntity\" itemtype=\"https:\/\/schema.org\/Question\"><button type=\"button\" class=\"w-tabs-section-header\" aria-controls=\"content-ff29\" aria-expanded=\"false\"><div class=\"w-tabs-section-title\" itemprop=\"name\">Veranderen de artiesten van de drie Noches \u00danicas?<\/div><div class=\"w-tabs-section-control\"><\/div><\/button><div  class=\"w-tabs-section-content\" id=\"content-ff29\" itemscope itemprop=\"acceptedAnswer\" itemtype=\"https:\/\/schema.org\/Answer\"><div class=\"w-tabs-section-content-h i-cf\" itemprop=\"text\"><div class=\"wpb_text_column\"><div class=\"wpb_wrapper\"><p>Nee. De organisatie heeft bevestigd dat de volledige artiestenbezettingen behouden blijven. De wijziging betreft de locatie, niet de aangekondigde artiesten.<\/p>\n<\/div><\/div><\/div><\/div><\/div><div class=\"w-tabs-section\" id=\"n024\" itemscope itemprop=\"mainEntity\" itemtype=\"https:\/\/schema.org\/Question\"><button type=\"button\" class=\"w-tabs-section-header\" aria-controls=\"content-n024\" aria-expanded=\"false\"><div class=\"w-tabs-section-title\" itemprop=\"name\">Is Muelle de la Sal een offici\u00eble locatie van de Bi\u00ebnnale 2026?<\/div><div class=\"w-tabs-section-control\"><\/div><\/button><div  class=\"w-tabs-section-content\" id=\"content-n024\" itemscope itemprop=\"acceptedAnswer\" itemtype=\"https:\/\/schema.org\/Answer\"><div class=\"w-tabs-section-content-h i-cf\" itemprop=\"text\"><div class=\"wpb_text_column\"><div class=\"wpb_wrapper\"><p>Ja. Muelle de la Sal staat op de lijst van offici\u00eble locaties van de 24e Flamencobi\u00ebnnale en heeft een eigen pagina op de festivalwebsite.<\/p>\n<\/div><\/div><\/div><\/div><\/div><\/div><\/div><\/div><\/div><\/div><div class=\"vc_col-sm-1\/5 wpb_column vc_column_container\"><div class=\"vc_column-inner\"><div class=\"wpb_wrapper\"><\/div><\/div><\/div><\/div><\/div><\/section><section class=\"l-section wpb_row height_huge color_alternate with_shape\"><div class=\"l-section-shape type_zigzag pos_top\" style=\"height:3vmin;\"><svg xmlns=\"http:\/\/www.w3.org\/2000\/svg\" viewBox=\"0 0 64 8\" preserveAspectRatio=\"none\" width=\"100%\" height=\"100%\">\r\n\t<path fill=\"currentColor\" d=\"M64 8 L0 8 L0 0 L20 7.9 L40 3 L48 5 L64 0 Z\"\/>\r\n<\/svg><\/div><div class=\"l-section-h i-cf\"><div class=\"g-cols vc_row via_flex valign_top type_default stacking_default\"><div class=\"vc_col-sm-12 wpb_column vc_column_container\"><div class=\"vc_column-inner\"><div class=\"wpb_wrapper\"><div class=\"wpb_text_column\"><div class=\"wpb_wrapper\"><h2>Drie avonden aan de Guadalquivir<\/h2>\n<p>Hotel Triana zou intimiteit en de herinnering aan het buurtleven bieden. Muelle de la Sal zorgt voor ruimte, uitzicht en een directe band met de rivier. Het wezenlijke blijft hoe dan ook hetzelfde: drie ontmoetingen die als Noches \u00danicas zijn opgezet en drie bezettingen die buiten de context van de Bi\u00ebnnale moeilijk opnieuw samen te brengen zijn.<\/p>\n<p>Op 17, 18 en 19 september 2026 gaat de aandacht telkens om 23:00 uur naar de oever van de Guadalquivir. Wie al een ticket heeft, hoeft niets te doen. Voor wie nog een plaats zoekt, kan de grotere capaciteit nieuwe mogelijkheden bieden, maar de beschikbaarheid moet altijd via de offici\u00eble kanalen worden gecontroleerd.<\/p>\n<p>De 24e Flamencobi\u00ebnnale van Sevilla vindt plaats van 9 september tot en met 3 oktober 2026. Data, locaties en praktische aanbevelingen vind je in onze <a href=\"https:\/\/www.tablaosflamencos.com\/nl\/flamenco-biennale-sevilla-2026.html\"><strong>complete gids voor de Flamencobi\u00ebnnale 2026<\/strong><\/a>.<\/p>\n<\/div><\/div><div class=\"w-separator size_medium\"><\/div><div class=\"w-hwrapper valign_top wrap align_center\" style=\"--hwrapper-gap:1.2rem\"><div class=\"w-btn-wrapper align_none\"><a class=\"w-btn us-btn-style_1\" href=\"https:\/\/www.tablaosflamencos.com\/nl\/flamenco-biennale-sevilla-2026.html\"><span class=\"w-btn-label\">Bekijk de complete Bi\u00ebnnale-gids<\/span><\/a><\/div><div class=\"w-btn-wrapper align_none\"><a class=\"w-btn us-btn-style_11\" href=\"https:\/\/www.tablaosflamencos.com\/nl\/unieke-avonden-flamenco-biennale-sevilla-2026.html\"><span class=\"w-btn-label\">Ontdek de Noches \u00danicas<\/span><\/a><\/div><\/div><\/div><\/div><\/div><\/div><\/div><\/section>\n","protected":false},"excerpt":{"rendered":"<p>De Flamencobi\u00ebnnale verplaatst de Noches \u00danicas op 17, 18 en 19 september naar Muelle de la Sal vanwege de grote vraag. Tickets, artiesten en terugbetaling.<\/p>\n","protected":false},"author":1,"featured_media":14746,"comment_status":"closed","ping_status":"closed","sticky":false,"template":"","format":"standard","meta":{"_acf_changed":false,"wpai_generated_summary":"","_ayudawp_aiss_exclude":false,"_ayudawp_aiss_exclude_summary":false,"_ayudawp_aiss_summary":"","_ayudawp_aiss_summary_provider":"","_ayudawp_aiss_summary_hash":"","footnotes":""},"categories":[1432],"tags":[1227,1228,1229,1230,1133,423],"class_list":["post-14848","post","type-post","status-publish","format-standard","has-post-thumbnail","hentry","category-flamencobiennale","tag-agenda-flamenca","tag-bienal-2026","tag-bienal-de-flamenco","tag-festivales-flamencos","tag-flamenco-en-sevilla","tag-sevilla"],"acf":[],"yoast_head":"<!-- This site is optimized with the Yoast SEO Premium plugin v28.4 (Yoast SEO v28.4) - https:\/\/yoast.com\/product\/yoast-seo-premium-wordpress\/ -->\n<title>Noches \u00danicas naar Muelle de la Sal | Bi\u00ebnnale 2026<\/title>\n<meta name=\"description\" content=\"De Noches \u00danicas op 17, 18 en 19 september verhuizen naar Muelle de la Sal. Bekijk tijden, artiesten, geldigheid van tickets en terugbetaling.\" \/>\n<meta name=\"robots\" content=\"index, follow, max-snippet:-1, max-image-preview:large, max-video-preview:-1\" \/>\n<link rel=\"canonical\" href=\"https:\/\/www.tablaosflamencos.com\/nl\/noches-unicas-muelle-sal-hotel-triana-biennale-2026.html\" \/>\n<meta property=\"og:locale\" content=\"nl_NL\" \/>\n<meta property=\"og:type\" content=\"article\" \/>\n<meta property=\"og:title\" content=\"Flamencobi\u00ebnnale: de Noches \u00danicas verhuizen van Hotel Triana naar Muelle de la Sal\" \/>\n<meta property=\"og:description\" content=\"De Noches \u00danicas op 17, 18 en 19 september verhuizen naar Muelle de la Sal. Bekijk tijden, artiesten, geldigheid van tickets en terugbetaling.\" \/>\n<meta property=\"og:url\" content=\"https:\/\/www.tablaosflamencos.com\/nl\/noches-unicas-muelle-sal-hotel-triana-biennale-2026.html\" \/>\n<meta property=\"og:site_name\" content=\"Tablaos Flamencos\" \/>\n<meta property=\"article:publisher\" content=\"https:\/\/www.facebook.com\/tablaosflamencos\" \/>\n<meta property=\"article:published_time\" content=\"2026-09-05T11:46:58+00:00\" \/>\n<meta property=\"article:modified_time\" content=\"2026-09-05T12:28:20+00:00\" \/>\n<meta property=\"og:image\" content=\"https:\/\/www.tablaosflamencos.com\/wp-content\/uploads\/bienal-de-flamenco-las-noches-unicas-se-trasladan-del-hotel-triana-al-muelle-de-la-sal-01.webp\" \/>\n\t<meta property=\"og:image:width\" content=\"1536\" \/>\n\t<meta property=\"og:image:height\" content=\"1024\" \/>\n\t<meta property=\"og:image:type\" content=\"image\/webp\" \/>\n<meta name=\"author\" content=\"Miguel Ortiz\" \/>\n<meta name=\"twitter:card\" content=\"summary_large_image\" \/>\n<meta name=\"twitter:creator\" content=\"@tablaosflamenco\" \/>\n<meta name=\"twitter:site\" content=\"@tablaosflamenco\" \/>\n<meta name=\"twitter:label1\" content=\"Geschreven door\" \/>\n\t<meta name=\"twitter:data1\" content=\"Miguel Ortiz\" \/>\n\t<meta name=\"twitter:label2\" content=\"Geschatte leestijd\" \/>\n\t<meta name=\"twitter:data2\" content=\"15 minuten\" \/>\n<script type=\"application\/ld+json\" class=\"yoast-schema-graph\">{\"@context\":\"https:\\\/\\\/schema.org\",\"@graph\":[{\"@type\":\"Article\",\"@id\":\"https:\\\/\\\/www.tablaosflamencos.com\\\/nl\\\/noches-unicas-muelle-sal-hotel-triana-biennale-2026.html#article\",\"isPartOf\":{\"@id\":\"https:\\\/\\\/www.tablaosflamencos.com\\\/nl\\\/noches-unicas-muelle-sal-hotel-triana-biennale-2026.html\"},\"author\":{\"name\":\"Miguel Ortiz\",\"@id\":\"https:\\\/\\\/www.tablaosflamencos.com\\\/nl#\\\/schema\\\/person\\\/e7a9ebe14eb75a52ceabfbffb3c54f5d\"},\"headline\":\"Flamencobi\u00ebnnale: de Noches \u00danicas verhuizen van Hotel Triana naar Muelle de la Sal\",\"datePublished\":\"2026-09-05T11:46:58+00:00\",\"dateModified\":\"2026-09-05T12:28:20+00:00\",\"mainEntityOfPage\":{\"@id\":\"https:\\\/\\\/www.tablaosflamencos.com\\\/nl\\\/noches-unicas-muelle-sal-hotel-triana-biennale-2026.html\"},\"wordCount\":3045,\"publisher\":{\"@id\":\"https:\\\/\\\/www.tablaosflamencos.com\\\/nl#organization\"},\"image\":{\"@id\":\"https:\\\/\\\/www.tablaosflamencos.com\\\/nl\\\/noches-unicas-muelle-sal-hotel-triana-biennale-2026.html#primaryimage\"},\"thumbnailUrl\":\"https:\\\/\\\/www.tablaosflamencos.com\\\/wp-content\\\/uploads\\\/bienal-de-flamenco-las-noches-unicas-se-trasladan-del-hotel-triana-al-muelle-de-la-sal-01.webp\",\"keywords\":[\"agenda flamenca\",\"Bienal 2026\",\"Bienal de Flamenco\",\"festivales flamencos\",\"flamenco en Sevilla\",\"sevilla\"],\"articleSection\":[\"Flamencobi\u00ebnnale\"],\"inLanguage\":\"nl-NL\"},{\"@type\":\"WebPage\",\"@id\":\"https:\\\/\\\/www.tablaosflamencos.com\\\/nl\\\/noches-unicas-muelle-sal-hotel-triana-biennale-2026.html\",\"url\":\"https:\\\/\\\/www.tablaosflamencos.com\\\/nl\\\/noches-unicas-muelle-sal-hotel-triana-biennale-2026.html\",\"name\":\"Noches \u00danicas naar Muelle de la Sal | Bi\u00ebnnale 2026\",\"isPartOf\":{\"@id\":\"https:\\\/\\\/www.tablaosflamencos.com\\\/nl#website\"},\"primaryImageOfPage\":{\"@id\":\"https:\\\/\\\/www.tablaosflamencos.com\\\/nl\\\/noches-unicas-muelle-sal-hotel-triana-biennale-2026.html#primaryimage\"},\"image\":{\"@id\":\"https:\\\/\\\/www.tablaosflamencos.com\\\/nl\\\/noches-unicas-muelle-sal-hotel-triana-biennale-2026.html#primaryimage\"},\"thumbnailUrl\":\"https:\\\/\\\/www.tablaosflamencos.com\\\/wp-content\\\/uploads\\\/bienal-de-flamenco-las-noches-unicas-se-trasladan-del-hotel-triana-al-muelle-de-la-sal-01.webp\",\"datePublished\":\"2026-09-05T11:46:58+00:00\",\"dateModified\":\"2026-09-05T12:28:20+00:00\",\"description\":\"De Noches \u00danicas op 17, 18 en 19 september verhuizen naar Muelle de la Sal. Bekijk tijden, artiesten, geldigheid van tickets en terugbetaling.\",\"breadcrumb\":{\"@id\":\"https:\\\/\\\/www.tablaosflamencos.com\\\/nl\\\/noches-unicas-muelle-sal-hotel-triana-biennale-2026.html#breadcrumb\"},\"inLanguage\":\"nl-NL\",\"potentialAction\":[{\"@type\":\"ReadAction\",\"target\":[\"https:\\\/\\\/www.tablaosflamencos.com\\\/nl\\\/noches-unicas-muelle-sal-hotel-triana-biennale-2026.html\"]}]},{\"@type\":\"ImageObject\",\"inLanguage\":\"nl-NL\",\"@id\":\"https:\\\/\\\/www.tablaosflamencos.com\\\/nl\\\/noches-unicas-muelle-sal-hotel-triana-biennale-2026.html#primaryimage\",\"url\":\"https:\\\/\\\/www.tablaosflamencos.com\\\/wp-content\\\/uploads\\\/bienal-de-flamenco-las-noches-unicas-se-trasladan-del-hotel-triana-al-muelle-de-la-sal-01.webp\",\"contentUrl\":\"https:\\\/\\\/www.tablaosflamencos.com\\\/wp-content\\\/uploads\\\/bienal-de-flamenco-las-noches-unicas-se-trasladan-del-hotel-triana-al-muelle-de-la-sal-01.webp\",\"width\":1536,\"height\":1024,\"caption\":\"Bienal de Flamenco: las Noches \u00danicas se trasladan del Hotel Triana al Muelle de la Sal\"},{\"@type\":\"BreadcrumbList\",\"@id\":\"https:\\\/\\\/www.tablaosflamencos.com\\\/nl\\\/noches-unicas-muelle-sal-hotel-triana-biennale-2026.html#breadcrumb\",\"itemListElement\":[{\"@type\":\"ListItem\",\"position\":1,\"name\":\"Home\",\"item\":\"https:\\\/\\\/www.tablaosflamencos.com\\\/nl\"},{\"@type\":\"ListItem\",\"position\":2,\"name\":\"Flamencobi\u00ebnnale: de Noches \u00danicas verhuizen van Hotel Triana naar Muelle de la Sal\"}]},{\"@type\":\"WebSite\",\"@id\":\"https:\\\/\\\/www.tablaosflamencos.com\\\/nl#website\",\"url\":\"https:\\\/\\\/www.tablaosflamencos.com\\\/nl\",\"name\":\"Tablaos Flamencos\",\"description\":\"Entradas para tablaos flamencos de Espa\u00f1a\",\"publisher\":{\"@id\":\"https:\\\/\\\/www.tablaosflamencos.com\\\/nl#organization\"},\"alternateName\":\"Tablaos Flamencos\",\"potentialAction\":[{\"@type\":\"SearchAction\",\"target\":{\"@type\":\"EntryPoint\",\"urlTemplate\":\"https:\\\/\\\/www.tablaosflamencos.com\\\/nl?s={search_term_string}\"},\"query-input\":{\"@type\":\"PropertyValueSpecification\",\"valueRequired\":true,\"valueName\":\"search_term_string\"}}],\"inLanguage\":\"nl-NL\"},{\"@type\":[\"Organization\",\"Place\",\"EntertainmentBusiness\"],\"@id\":\"https:\\\/\\\/www.tablaosflamencos.com\\\/nl#organization\",\"name\":\"Tablaos Flamencos\",\"alternateName\":\"Tablaos Flamencos\",\"url\":\"https:\\\/\\\/www.tablaosflamencos.com\\\/nl\",\"logo\":{\"@id\":\"https:\\\/\\\/www.tablaosflamencos.com\\\/nl\\\/noches-unicas-muelle-sal-hotel-triana-biennale-2026.html#local-main-organization-logo\"},\"image\":{\"@id\":\"https:\\\/\\\/www.tablaosflamencos.com\\\/nl\\\/noches-unicas-muelle-sal-hotel-triana-biennale-2026.html#local-main-organization-logo\"},\"sameAs\":[\"https:\\\/\\\/www.facebook.com\\\/tablaosflamencos\",\"https:\\\/\\\/x.com\\\/tablaosflamenco\",\"https:\\\/\\\/mastodon.social\\\/@tablaosflamencos\",\"https:\\\/\\\/www.instagram.com\\\/tablaosflamencos\",\"https:\\\/\\\/tiktok.com\\\/@tablaosflamencos\",\"https:\\\/\\\/www.linkedin.com\\\/company\\\/109408238\\\/\"],\"description\":\"Venta de entradas para espect\u00e1culos flamencos\",\"legalName\":\"Tablaos Flamencos\",\"foundingDate\":\"2015-01-01\",\"numberOfEmployees\":{\"@type\":\"QuantitativeValue\",\"minValue\":\"1\",\"maxValue\":\"10\"},\"address\":{\"@id\":\"https:\\\/\\\/www.tablaosflamencos.com\\\/nl\\\/noches-unicas-muelle-sal-hotel-triana-biennale-2026.html#local-main-place-address\"},\"geo\":{\"@type\":\"GeoCoordinates\",\"latitude\":\"37.3868072\",\"longitude\":\"-5.993280299999999\"},\"telephone\":[\"+34623787787\"],\"contactPoint\":{\"@type\":\"ContactPoint\",\"telephone\":\"+34623787787\",\"email\":\"info@tablaosflamencos.com\"},\"openingHoursSpecification\":{\"@type\":\"OpeningHoursSpecification\",\"dayOfWeek\":[\"Monday\",\"Tuesday\",\"Wednesday\",\"Thursday\",\"Friday\",\"Saturday\",\"Sunday\"],\"opens\":\"00:00\",\"closes\":\"23:59\"},\"email\":\"info@tablaosflamencos.com\",\"priceRange\":\"$$$\",\"currenciesAccepted\":\"\u20ac\"},{\"@type\":\"Person\",\"@id\":\"https:\\\/\\\/www.tablaosflamencos.com\\\/nl#\\\/schema\\\/person\\\/e7a9ebe14eb75a52ceabfbffb3c54f5d\",\"name\":\"Miguel Ortiz\",\"description\":\"Miguel Ortiz es un empresario flamenco, con una s\u00f3lida trayectoria dentro del sector. Ha presidido entidades culturales vinculadas al flamenco y, cuenta con un amplio recorrido profesional en la gesti\u00f3n y promoci\u00f3n de espect\u00e1culos y tablaos flamencos. Su pasi\u00f3n por la historia y el arte flamenco se refleja en cada art\u00edculo, donde combina experiencia, criterio y un profundo respeto por la tradici\u00f3n.\",\"sameAs\":[\"https:\\\/\\\/www.tablaosflamencos.com\",\"https:\\\/\\\/www.instagra.com\\\/miguelortizfe\",\"https:\\\/\\\/www.linkedin.com\\\/in\\\/miguelortizf\\\/\"],\"birthDate\":\"1984-11-22\",\"gender\":\"hombre\",\"knowsLanguage\":[\"espa\u00f1ol\",\"ingl\u00e9s\"],\"jobTitle\":\"Empresario flamenco\"},{\"@type\":\"PostalAddress\",\"@id\":\"https:\\\/\\\/www.tablaosflamencos.com\\\/nl\\\/noches-unicas-muelle-sal-hotel-triana-biennale-2026.html#local-main-place-address\",\"streetAddress\":\"C\\\/ Alemanes, 19\",\"addressLocality\":\"Sevilla\",\"postalCode\":\"41004\",\"addressRegion\":\"Sevilla\",\"addressCountry\":\"ES\"},{\"@type\":\"ImageObject\",\"inLanguage\":\"nl-NL\",\"@id\":\"https:\\\/\\\/www.tablaosflamencos.com\\\/nl\\\/noches-unicas-muelle-sal-hotel-triana-biennale-2026.html#local-main-organization-logo\",\"url\":\"https:\\\/\\\/www.tablaosflamencos.com\\\/wp-content\\\/uploads\\\/tablaos-flamencos-06-3.webp\",\"contentUrl\":\"https:\\\/\\\/www.tablaosflamencos.com\\\/wp-content\\\/uploads\\\/tablaos-flamencos-06-3.webp\",\"width\":600,\"height\":620,\"caption\":\"Tablaos Flamencos\"}]}<\/script>\n<meta name=\"geo.placename\" content=\"Sevilla\" \/>\n<meta name=\"geo.position\" content=\"37.3868072;-5.993280299999999\" \/>\n<meta name=\"geo.region\" content=\"Spanje\" \/>\n<!-- \/ Yoast SEO Premium plugin. -->","yoast_head_json":{"title":"Noches \u00danicas naar Muelle de la Sal | Bi\u00ebnnale 2026","description":"De Noches \u00danicas op 17, 18 en 19 september verhuizen naar Muelle de la Sal. Bekijk tijden, artiesten, geldigheid van tickets en terugbetaling.","robots":{"index":"index","follow":"follow","max-snippet":"max-snippet:-1","max-image-preview":"max-image-preview:large","max-video-preview":"max-video-preview:-1"},"canonical":"https:\/\/www.tablaosflamencos.com\/nl\/noches-unicas-muelle-sal-hotel-triana-biennale-2026.html","og_locale":"nl_NL","og_type":"article","og_title":"Flamencobi\u00ebnnale: de Noches \u00danicas verhuizen van Hotel Triana naar Muelle de la Sal","og_description":"De Noches \u00danicas op 17, 18 en 19 september verhuizen naar Muelle de la Sal. Bekijk tijden, artiesten, geldigheid van tickets en terugbetaling.","og_url":"https:\/\/www.tablaosflamencos.com\/nl\/noches-unicas-muelle-sal-hotel-triana-biennale-2026.html","og_site_name":"Tablaos Flamencos","article_publisher":"https:\/\/www.facebook.com\/tablaosflamencos","article_published_time":"2026-09-05T11:46:58+00:00","article_modified_time":"2026-09-05T12:28:20+00:00","og_image":[{"width":1536,"height":1024,"url":"https:\/\/www.tablaosflamencos.com\/wp-content\/uploads\/bienal-de-flamenco-las-noches-unicas-se-trasladan-del-hotel-triana-al-muelle-de-la-sal-01.webp","type":"image\/webp"}],"author":"Miguel Ortiz","twitter_card":"summary_large_image","twitter_creator":"@tablaosflamenco","twitter_site":"@tablaosflamenco","twitter_misc":{"Geschreven door":"Miguel Ortiz","Geschatte leestijd":"15 minuten"},"schema":{"@context":"https:\/\/schema.org","@graph":[{"@type":"Article","@id":"https:\/\/www.tablaosflamencos.com\/nl\/noches-unicas-muelle-sal-hotel-triana-biennale-2026.html#article","isPartOf":{"@id":"https:\/\/www.tablaosflamencos.com\/nl\/noches-unicas-muelle-sal-hotel-triana-biennale-2026.html"},"author":{"name":"Miguel Ortiz","@id":"https:\/\/www.tablaosflamencos.com\/nl#\/schema\/person\/e7a9ebe14eb75a52ceabfbffb3c54f5d"},"headline":"Flamencobi\u00ebnnale: de Noches \u00danicas verhuizen van Hotel Triana naar Muelle de la Sal","datePublished":"2026-09-05T11:46:58+00:00","dateModified":"2026-09-05T12:28:20+00:00","mainEntityOfPage":{"@id":"https:\/\/www.tablaosflamencos.com\/nl\/noches-unicas-muelle-sal-hotel-triana-biennale-2026.html"},"wordCount":3045,"publisher":{"@id":"https:\/\/www.tablaosflamencos.com\/nl#organization"},"image":{"@id":"https:\/\/www.tablaosflamencos.com\/nl\/noches-unicas-muelle-sal-hotel-triana-biennale-2026.html#primaryimage"},"thumbnailUrl":"https:\/\/www.tablaosflamencos.com\/wp-content\/uploads\/bienal-de-flamenco-las-noches-unicas-se-trasladan-del-hotel-triana-al-muelle-de-la-sal-01.webp","keywords":["agenda flamenca","Bienal 2026","Bienal de Flamenco","festivales flamencos","flamenco en Sevilla","sevilla"],"articleSection":["Flamencobi\u00ebnnale"],"inLanguage":"nl-NL"},{"@type":"WebPage","@id":"https:\/\/www.tablaosflamencos.com\/nl\/noches-unicas-muelle-sal-hotel-triana-biennale-2026.html","url":"https:\/\/www.tablaosflamencos.com\/nl\/noches-unicas-muelle-sal-hotel-triana-biennale-2026.html","name":"Noches \u00danicas naar Muelle de la Sal | Bi\u00ebnnale 2026","isPartOf":{"@id":"https:\/\/www.tablaosflamencos.com\/nl#website"},"primaryImageOfPage":{"@id":"https:\/\/www.tablaosflamencos.com\/nl\/noches-unicas-muelle-sal-hotel-triana-biennale-2026.html#primaryimage"},"image":{"@id":"https:\/\/www.tablaosflamencos.com\/nl\/noches-unicas-muelle-sal-hotel-triana-biennale-2026.html#primaryimage"},"thumbnailUrl":"https:\/\/www.tablaosflamencos.com\/wp-content\/uploads\/bienal-de-flamenco-las-noches-unicas-se-trasladan-del-hotel-triana-al-muelle-de-la-sal-01.webp","datePublished":"2026-09-05T11:46:58+00:00","dateModified":"2026-09-05T12:28:20+00:00","description":"De Noches \u00danicas op 17, 18 en 19 september verhuizen naar Muelle de la Sal. Bekijk tijden, artiesten, geldigheid van tickets en terugbetaling.","breadcrumb":{"@id":"https:\/\/www.tablaosflamencos.com\/nl\/noches-unicas-muelle-sal-hotel-triana-biennale-2026.html#breadcrumb"},"inLanguage":"nl-NL","potentialAction":[{"@type":"ReadAction","target":["https:\/\/www.tablaosflamencos.com\/nl\/noches-unicas-muelle-sal-hotel-triana-biennale-2026.html"]}]},{"@type":"ImageObject","inLanguage":"nl-NL","@id":"https:\/\/www.tablaosflamencos.com\/nl\/noches-unicas-muelle-sal-hotel-triana-biennale-2026.html#primaryimage","url":"https:\/\/www.tablaosflamencos.com\/wp-content\/uploads\/bienal-de-flamenco-las-noches-unicas-se-trasladan-del-hotel-triana-al-muelle-de-la-sal-01.webp","contentUrl":"https:\/\/www.tablaosflamencos.com\/wp-content\/uploads\/bienal-de-flamenco-las-noches-unicas-se-trasladan-del-hotel-triana-al-muelle-de-la-sal-01.webp","width":1536,"height":1024,"caption":"Bienal de Flamenco: las Noches \u00danicas se trasladan del Hotel Triana al Muelle de la Sal"},{"@type":"BreadcrumbList","@id":"https:\/\/www.tablaosflamencos.com\/nl\/noches-unicas-muelle-sal-hotel-triana-biennale-2026.html#breadcrumb","itemListElement":[{"@type":"ListItem","position":1,"name":"Home","item":"https:\/\/www.tablaosflamencos.com\/nl"},{"@type":"ListItem","position":2,"name":"Flamencobi\u00ebnnale: de Noches \u00danicas verhuizen van Hotel Triana naar Muelle de la Sal"}]},{"@type":"WebSite","@id":"https:\/\/www.tablaosflamencos.com\/nl#website","url":"https:\/\/www.tablaosflamencos.com\/nl","name":"Tablaos Flamencos","description":"Entradas para tablaos flamencos de Espa\u00f1a","publisher":{"@id":"https:\/\/www.tablaosflamencos.com\/nl#organization"},"alternateName":"Tablaos Flamencos","potentialAction":[{"@type":"SearchAction","target":{"@type":"EntryPoint","urlTemplate":"https:\/\/www.tablaosflamencos.com\/nl?s={search_term_string}"},"query-input":{"@type":"PropertyValueSpecification","valueRequired":true,"valueName":"search_term_string"}}],"inLanguage":"nl-NL"},{"@type":["Organization","Place","EntertainmentBusiness"],"@id":"https:\/\/www.tablaosflamencos.com\/nl#organization","name":"Tablaos Flamencos","alternateName":"Tablaos Flamencos","url":"https:\/\/www.tablaosflamencos.com\/nl","logo":{"@id":"https:\/\/www.tablaosflamencos.com\/nl\/noches-unicas-muelle-sal-hotel-triana-biennale-2026.html#local-main-organization-logo"},"image":{"@id":"https:\/\/www.tablaosflamencos.com\/nl\/noches-unicas-muelle-sal-hotel-triana-biennale-2026.html#local-main-organization-logo"},"sameAs":["https:\/\/www.facebook.com\/tablaosflamencos","https:\/\/x.com\/tablaosflamenco","https:\/\/mastodon.social\/@tablaosflamencos","https:\/\/www.instagram.com\/tablaosflamencos","https:\/\/tiktok.com\/@tablaosflamencos","https:\/\/www.linkedin.com\/company\/109408238\/"],"description":"Venta de entradas para espect\u00e1culos flamencos","legalName":"Tablaos Flamencos","foundingDate":"2015-01-01","numberOfEmployees":{"@type":"QuantitativeValue","minValue":"1","maxValue":"10"},"address":{"@id":"https:\/\/www.tablaosflamencos.com\/nl\/noches-unicas-muelle-sal-hotel-triana-biennale-2026.html#local-main-place-address"},"geo":{"@type":"GeoCoordinates","latitude":"37.3868072","longitude":"-5.993280299999999"},"telephone":["+34623787787"],"contactPoint":{"@type":"ContactPoint","telephone":"+34623787787","email":"info@tablaosflamencos.com"},"openingHoursSpecification":{"@type":"OpeningHoursSpecification","dayOfWeek":["Monday","Tuesday","Wednesday","Thursday","Friday","Saturday","Sunday"],"opens":"00:00","closes":"23:59"},"email":"info@tablaosflamencos.com","priceRange":"$$$","currenciesAccepted":"\u20ac"},{"@type":"Person","@id":"https:\/\/www.tablaosflamencos.com\/nl#\/schema\/person\/e7a9ebe14eb75a52ceabfbffb3c54f5d","name":"Miguel Ortiz","description":"Miguel Ortiz es un empresario flamenco, con una s\u00f3lida trayectoria dentro del sector. Ha presidido entidades culturales vinculadas al flamenco y, cuenta con un amplio recorrido profesional en la gesti\u00f3n y promoci\u00f3n de espect\u00e1culos y tablaos flamencos. Su pasi\u00f3n por la historia y el arte flamenco se refleja en cada art\u00edculo, donde combina experiencia, criterio y un profundo respeto por la tradici\u00f3n.","sameAs":["https:\/\/www.tablaosflamencos.com","https:\/\/www.instagra.com\/miguelortizfe","https:\/\/www.linkedin.com\/in\/miguelortizf\/"],"birthDate":"1984-11-22","gender":"hombre","knowsLanguage":["espa\u00f1ol","ingl\u00e9s"],"jobTitle":"Empresario flamenco"},{"@type":"PostalAddress","@id":"https:\/\/www.tablaosflamencos.com\/nl\/noches-unicas-muelle-sal-hotel-triana-biennale-2026.html#local-main-place-address","streetAddress":"C\/ Alemanes, 19","addressLocality":"Sevilla","postalCode":"41004","addressRegion":"Sevilla","addressCountry":"ES"},{"@type":"ImageObject","inLanguage":"nl-NL","@id":"https:\/\/www.tablaosflamencos.com\/nl\/noches-unicas-muelle-sal-hotel-triana-biennale-2026.html#local-main-organization-logo","url":"https:\/\/www.tablaosflamencos.com\/wp-content\/uploads\/tablaos-flamencos-06-3.webp","contentUrl":"https:\/\/www.tablaosflamencos.com\/wp-content\/uploads\/tablaos-flamencos-06-3.webp","width":600,"height":620,"caption":"Tablaos Flamencos"}]},"geo.placename":"Sevilla","geo.position":{"lat":"37.3868072","long":"-5.993280299999999"},"geo.region":"Spanje"},"_links":{"self":[{"href":"https:\/\/www.tablaosflamencos.com\/nl\/wp-json\/wp\/v2\/posts\/14848","targetHints":{"allow":["GET"]}}],"collection":[{"href":"https:\/\/www.tablaosflamencos.com\/nl\/wp-json\/wp\/v2\/posts"}],"about":[{"href":"https:\/\/www.tablaosflamencos.com\/nl\/wp-json\/wp\/v2\/types\/post"}],"author":[{"embeddable":true,"href":"https:\/\/www.tablaosflamencos.com\/nl\/wp-json\/wp\/v2\/users\/1"}],"replies":[{"embeddable":true,"href":"https:\/\/www.tablaosflamencos.com\/nl\/wp-json\/wp\/v2\/comments?post=14848"}],"version-history":[{"count":2,"href":"https:\/\/www.tablaosflamencos.com\/nl\/wp-json\/wp\/v2\/posts\/14848\/revisions"}],"predecessor-version":[{"id":14860,"href":"https:\/\/www.tablaosflamencos.com\/nl\/wp-json\/wp\/v2\/posts\/14848\/revisions\/14860"}],"wp:featuredmedia":[{"embeddable":true,"href":"https:\/\/www.tablaosflamencos.com\/nl\/wp-json\/wp\/v2\/media\/14746"}],"wp:attachment":[{"href":"https:\/\/www.tablaosflamencos.com\/nl\/wp-json\/wp\/v2\/media?parent=14848"}],"wp:term":[{"taxonomy":"category","embeddable":true,"href":"https:\/\/www.tablaosflamencos.com\/nl\/wp-json\/wp\/v2\/categories?post=14848"},{"taxonomy":"post_tag","embeddable":true,"href":"https:\/\/www.tablaosflamencos.com\/nl\/wp-json\/wp\/v2\/tags?post=14848"}],"curies":[{"name":"wp","href":"https:\/\/api.w.org\/{rel}","templated":true}]}}